{"id":16319,"date":"2017-03-15T12:48:39","date_gmt":"2017-03-15T11:48:39","guid":{"rendered":"http:\/\/genevieveetbernardauxameriques.fr\/?p=16319"},"modified":"2020-04-05T14:56:45","modified_gmt":"2020-04-05T13:56:45","slug":"la-cote-pacifique-de-puerto-lopez-a-la-frontiere-colombienne","status":"publish","type":"post","link":"https:\/\/genevieveetbernardauxameriques.fr\/index.php\/2017\/03\/15\/la-cote-pacifique-de-puerto-lopez-a-la-frontiere-colombienne\/","title":{"rendered":"LA COTE PACIFIQUE DE PUERTO LOPEZ A LA FRONTI\u00c8RE COLOMBIENNE"},"content":{"rendered":"<p><strong>Fin de l&rsquo;EQUATEUR<\/strong><\/p>\n<p>Nous avons fait 5500 kms<\/p>\n<p>Nous sommes rentr\u00e9s le 17 janvier et le quittons le 13 mars 2017<\/p>\n<p>Une fois encore nous avons \u00e9t\u00e9 enchant\u00e9s par l&rsquo;accueil de la population, par contre tr\u00e8s d\u00e9\u00e7us par le temps, beaucoup de pluie et le temps couvert qui ne nous permettaient de profiter des paysages. Ce qui fait que c&rsquo;est le pays d&rsquo;Am\u00e9rique du Sud (il nous reste encore la Colombie) qui nous a attir\u00e9 le moins.<\/p>\n<p><a href=\"https:\/\/i0.wp.com\/genevieveetbernardauxameriques.fr\/wp-content\/uploads\/2017\/03\/DSCN8451.jpg?ssl=1\"><img loading=\"lazy\" decoding=\"async\" data-attachment-id=\"16729\" data-permalink=\"https:\/\/genevieveetbernardauxameriques.fr\/index.php\/2017\/03\/15\/la-cote-pacifique-de-puerto-lopez-a-la-frontiere-colombienne\/dscn8452\/\" data-orig-file=\"https:\/\/i0.wp.com\/genevieveetbernardauxameriques.fr\/wp-content\/uploads\/2017\/03\/DSCN8452.jpg?fit=640%2C480&amp;ssl=1\" data-orig-size=\"640,480\" data-comments-opened=\"1\" data-image-meta=\"{&quot;aperture&quot;:&quot;2.8&quot;,&quot;credit&quot;:&quot;&quot;,&quot;camera&quot;:&quot;COOLPIX P900&quot;,&quot;caption&quot;:&quot;&quot;,&quot;created_timestamp&quot;:&quot;1489339398&quot;,&quot;copyright&quot;:&quot;&quot;,&quot;focal_length&quot;:&quot;4.3&quot;,&quot;iso&quot;:&quot;100&quot;,&quot;shutter_speed&quot;:&quot;0.02&quot;,&quot;title&quot;:&quot;&quot;,&quot;orientation&quot;:&quot;1&quot;}\" data-image-title=\"DSCN8452\" data-image-description=\"\" data-image-caption=\"\" data-medium-file=\"https:\/\/i0.wp.com\/genevieveetbernardauxameriques.fr\/wp-content\/uploads\/2017\/03\/DSCN8452.jpg?fit=300%2C225&amp;ssl=1\" data-large-file=\"https:\/\/i0.wp.com\/genevieveetbernardauxameriques.fr\/wp-content\/uploads\/2017\/03\/DSCN8452.jpg?fit=640%2C480&amp;ssl=1\" class=\"alignnone size-full wp-image-16729\" src=\"https:\/\/i0.wp.com\/genevieveetbernardauxameriques.fr\/wp-content\/uploads\/2017\/03\/DSCN8452.jpg?resize=640%2C480&#038;ssl=1\" alt=\"\" width=\"640\" height=\"480\" srcset=\"https:\/\/i0.wp.com\/genevieveetbernardauxameriques.fr\/wp-content\/uploads\/2017\/03\/DSCN8452.jpg?w=640&amp;ssl=1 640w, https:\/\/i0.wp.com\/genevieveetbernardauxameriques.fr\/wp-content\/uploads\/2017\/03\/DSCN8452.jpg?resize=300%2C225&amp;ssl=1 300w\" sizes=\"(max-width: 640px) 100vw, 640px\" data-recalc-dims=\"1\" \/><\/a><a href=\"https:\/\/i0.wp.com\/genevieveetbernardauxameriques.fr\/wp-content\/uploads\/2017\/03\/DSCN8451.jpg?ssl=1\"><img loading=\"lazy\" decoding=\"async\" data-attachment-id=\"16728\" data-permalink=\"https:\/\/genevieveetbernardauxameriques.fr\/index.php\/2017\/03\/15\/la-cote-pacifique-de-puerto-lopez-a-la-frontiere-colombienne\/dscn8451\/\" data-orig-file=\"https:\/\/i0.wp.com\/genevieveetbernardauxameriques.fr\/wp-content\/uploads\/2017\/03\/DSCN8451.jpg?fit=640%2C480&amp;ssl=1\" data-orig-size=\"640,480\" data-comments-opened=\"1\" data-image-meta=\"{&quot;aperture&quot;:&quot;2.8&quot;,&quot;credit&quot;:&quot;&quot;,&quot;camera&quot;:&quot;COOLPIX P900&quot;,&quot;caption&quot;:&quot;&quot;,&quot;created_timestamp&quot;:&quot;1489339372&quot;,&quot;copyright&quot;:&quot;&quot;,&quot;focal_length&quot;:&quot;4.3&quot;,&quot;iso&quot;:&quot;100&quot;,&quot;shutter_speed&quot;:&quot;0.0125&quot;,&quot;title&quot;:&quot;&quot;,&quot;orientation&quot;:&quot;1&quot;}\" data-image-title=\"DSCN8451\" data-image-description=\"\" data-image-caption=\"\" data-medium-file=\"https:\/\/i0.wp.com\/genevieveetbernardauxameriques.fr\/wp-content\/uploads\/2017\/03\/DSCN8451.jpg?fit=300%2C225&amp;ssl=1\" data-large-file=\"https:\/\/i0.wp.com\/genevieveetbernardauxameriques.fr\/wp-content\/uploads\/2017\/03\/DSCN8451.jpg?fit=640%2C480&amp;ssl=1\" class=\"alignnone size-full wp-image-16728\" src=\"https:\/\/i0.wp.com\/genevieveetbernardauxameriques.fr\/wp-content\/uploads\/2017\/03\/DSCN8451.jpg?resize=640%2C480&#038;ssl=1\" alt=\"\" width=\"640\" height=\"480\" srcset=\"https:\/\/i0.wp.com\/genevieveetbernardauxameriques.fr\/wp-content\/uploads\/2017\/03\/DSCN8451.jpg?w=640&amp;ssl=1 640w, https:\/\/i0.wp.com\/genevieveetbernardauxameriques.fr\/wp-content\/uploads\/2017\/03\/DSCN8451.jpg?resize=300%2C225&amp;ssl=1 300w\" sizes=\"(max-width: 640px) 100vw, 640px\" data-recalc-dims=\"1\" \/><\/a><\/p>\n<p><strong>MERCREDI 22 FEVRIER 2017<\/strong><\/p>\n<p>Apr\u00e8s avoir quitt\u00e9 la Laguna de Quilatoa sans la voir, nous sommes redescendus \u00e0 400 m d&rsquo;altitude. La chaleur ne nous quitte plus : apr\u00e8s avoir mis du chauffage le midi, l&rsquo;apr\u00e8s midi il faut remettre des v\u00eatements l\u00e9gers et sortir les maillots de bains.<\/p>\n<p>Nous avons trouv\u00e9 o\u00f9 bivouaquer, dans\u00a0un complexe de plusieurs piscines et jeux pour enfants, on demande si l&rsquo;on peut coucher ici, pas de probl\u00e8me 1$ par personne. Il n&rsquo;y a personne, il est 17 h. Nous sommes un peu avant QUEVADO \u00e0 <strong>EL PROGRESO<\/strong><\/p>\n<p><img loading=\"lazy\" decoding=\"async\" data-attachment-id=\"16299\" data-permalink=\"https:\/\/genevieveetbernardauxameriques.fr\/index.php\/2017\/03\/05\/de-banos-au-volcan-cotopaxi-en-passant-par-loriente\/dscn7814\/\" data-orig-file=\"https:\/\/i0.wp.com\/genevieveetbernardauxameriques.fr\/wp-content\/uploads\/2017\/02\/DSCN7814.jpg?fit=720%2C540&amp;ssl=1\" data-orig-size=\"720,540\" data-comments-opened=\"1\" data-image-meta=\"{&quot;aperture&quot;:&quot;2.8&quot;,&quot;credit&quot;:&quot;&quot;,&quot;camera&quot;:&quot;COOLPIX P900&quot;,&quot;caption&quot;:&quot;&quot;,&quot;created_timestamp&quot;:&quot;1487884095&quot;,&quot;copyright&quot;:&quot;&quot;,&quot;focal_length&quot;:&quot;4.3&quot;,&quot;iso&quot;:&quot;100&quot;,&quot;shutter_speed&quot;:&quot;0.001&quot;,&quot;title&quot;:&quot;&quot;,&quot;orientation&quot;:&quot;1&quot;}\" data-image-title=\"DSCN7814\" data-image-description=\"\" data-image-caption=\"\" data-medium-file=\"https:\/\/i0.wp.com\/genevieveetbernardauxameriques.fr\/wp-content\/uploads\/2017\/02\/DSCN7814.jpg?fit=300%2C225&amp;ssl=1\" data-large-file=\"https:\/\/i0.wp.com\/genevieveetbernardauxameriques.fr\/wp-content\/uploads\/2017\/02\/DSCN7814.jpg?fit=640%2C480&amp;ssl=1\" class=\"alignnone size-full wp-image-16299\" src=\"https:\/\/i0.wp.com\/genevieveetbernardauxameriques.fr\/wp-content\/uploads\/2017\/02\/DSCN7814.jpg?resize=640%2C480&#038;ssl=1\" alt=\"\" width=\"640\" height=\"480\" srcset=\"https:\/\/i0.wp.com\/genevieveetbernardauxameriques.fr\/wp-content\/uploads\/2017\/02\/DSCN7814.jpg?w=720&amp;ssl=1 720w, https:\/\/i0.wp.com\/genevieveetbernardauxameriques.fr\/wp-content\/uploads\/2017\/02\/DSCN7814.jpg?resize=300%2C225&amp;ssl=1 300w\" sizes=\"(max-width: 640px) 100vw, 640px\" data-recalc-dims=\"1\" \/><\/p>\n<p>Les 2 filles de la maison ne vont plus nous l\u00e2cher. Elles nous font visiter m\u00eame les abords de centre. Elles sont mignonnes comme tout.<\/p>\n<p><img loading=\"lazy\" decoding=\"async\" data-attachment-id=\"16291\" data-permalink=\"https:\/\/genevieveetbernardauxameriques.fr\/index.php\/2017\/03\/05\/de-banos-au-volcan-cotopaxi-en-passant-par-loriente\/dscn7772\/\" data-orig-file=\"https:\/\/i0.wp.com\/genevieveetbernardauxameriques.fr\/wp-content\/uploads\/2017\/02\/DSCN7772.jpg?fit=720%2C540&amp;ssl=1\" data-orig-size=\"720,540\" data-comments-opened=\"1\" data-image-meta=\"{&quot;aperture&quot;:&quot;2.8&quot;,&quot;credit&quot;:&quot;&quot;,&quot;camera&quot;:&quot;COOLPIX P900&quot;,&quot;caption&quot;:&quot;&quot;,&quot;created_timestamp&quot;:&quot;1487813505&quot;,&quot;copyright&quot;:&quot;&quot;,&quot;focal_length&quot;:&quot;4.3&quot;,&quot;iso&quot;:&quot;400&quot;,&quot;shutter_speed&quot;:&quot;0.04&quot;,&quot;title&quot;:&quot;&quot;,&quot;orientation&quot;:&quot;1&quot;}\" data-image-title=\"DSCN7772\" data-image-description=\"\" data-image-caption=\"\" data-medium-file=\"https:\/\/i0.wp.com\/genevieveetbernardauxameriques.fr\/wp-content\/uploads\/2017\/02\/DSCN7772.jpg?fit=300%2C225&amp;ssl=1\" data-large-file=\"https:\/\/i0.wp.com\/genevieveetbernardauxameriques.fr\/wp-content\/uploads\/2017\/02\/DSCN7772.jpg?fit=640%2C480&amp;ssl=1\" class=\"alignnone size-medium wp-image-16291\" src=\"https:\/\/i0.wp.com\/genevieveetbernardauxameriques.fr\/wp-content\/uploads\/2017\/02\/DSCN7772.jpg?resize=300%2C225&#038;ssl=1\" alt=\"\" width=\"300\" height=\"225\" srcset=\"https:\/\/i0.wp.com\/genevieveetbernardauxameriques.fr\/wp-content\/uploads\/2017\/02\/DSCN7772.jpg?resize=300%2C225&amp;ssl=1 300w, https:\/\/i0.wp.com\/genevieveetbernardauxameriques.fr\/wp-content\/uploads\/2017\/02\/DSCN7772.jpg?w=720&amp;ssl=1 720w\" sizes=\"(max-width: 300px) 100vw, 300px\" data-recalc-dims=\"1\" \/> \u00a0 \u00a0 \u00a0 \u00a0\u00a0 <img loading=\"lazy\" decoding=\"async\" data-attachment-id=\"16290\" data-permalink=\"https:\/\/genevieveetbernardauxameriques.fr\/index.php\/2017\/03\/05\/de-banos-au-volcan-cotopaxi-en-passant-par-loriente\/dscn7771\/\" data-orig-file=\"https:\/\/i0.wp.com\/genevieveetbernardauxameriques.fr\/wp-content\/uploads\/2017\/02\/DSCN7771.jpg?fit=720%2C540&amp;ssl=1\" data-orig-size=\"720,540\" data-comments-opened=\"1\" data-image-meta=\"{&quot;aperture&quot;:&quot;2.8&quot;,&quot;credit&quot;:&quot;&quot;,&quot;camera&quot;:&quot;COOLPIX P900&quot;,&quot;caption&quot;:&quot;&quot;,&quot;created_timestamp&quot;:&quot;1487813488&quot;,&quot;copyright&quot;:&quot;&quot;,&quot;focal_length&quot;:&quot;4.3&quot;,&quot;iso&quot;:&quot;400&quot;,&quot;shutter_speed&quot;:&quot;0.033333333333333&quot;,&quot;title&quot;:&quot;&quot;,&quot;orientation&quot;:&quot;1&quot;}\" data-image-title=\"DSCN7771\" data-image-description=\"\" data-image-caption=\"\" data-medium-file=\"https:\/\/i0.wp.com\/genevieveetbernardauxameriques.fr\/wp-content\/uploads\/2017\/02\/DSCN7771.jpg?fit=300%2C225&amp;ssl=1\" data-large-file=\"https:\/\/i0.wp.com\/genevieveetbernardauxameriques.fr\/wp-content\/uploads\/2017\/02\/DSCN7771.jpg?fit=640%2C480&amp;ssl=1\" class=\"alignnone size-medium wp-image-16290\" src=\"https:\/\/i0.wp.com\/genevieveetbernardauxameriques.fr\/wp-content\/uploads\/2017\/02\/DSCN7771.jpg?resize=300%2C225&#038;ssl=1\" alt=\"\" width=\"300\" height=\"225\" srcset=\"https:\/\/i0.wp.com\/genevieveetbernardauxameriques.fr\/wp-content\/uploads\/2017\/02\/DSCN7771.jpg?resize=300%2C225&amp;ssl=1 300w, https:\/\/i0.wp.com\/genevieveetbernardauxameriques.fr\/wp-content\/uploads\/2017\/02\/DSCN7771.jpg?w=720&amp;ssl=1 720w\" sizes=\"(max-width: 300px) 100vw, 300px\" data-recalc-dims=\"1\" \/><\/p>\n<p>On va discuter au bar et \u00e0 18 h 30 on nous sert une assiette de riz avec un morceau de poulet, sans que nous demandions quoi que ce soit et une orangeade faite maison (avec de l&rsquo;eau qui \u00e9tait dans une casserole).<\/p>\n<p>On nous pose un tas de question sur la France, un petit verre d&rsquo;alcool blanc circule. On nous en propose, je vais en go\u00fbter un (par politesse) et Bernard pas beaucoup plus. Dans la soir\u00e9e, ils iront en rechercher un litre dans une bouteille de coca, si bien que vers 11 h lorsque les copains du patron vont partir en moto, ils ne tiennent plus debout.<\/p>\n<p><a href=\"https:\/\/i0.wp.com\/genevieveetbernardauxameriques.fr\/wp-content\/uploads\/2017\/02\/DSCN7778.jpg?ssl=1\"><img loading=\"lazy\" decoding=\"async\" data-attachment-id=\"16292\" data-permalink=\"https:\/\/genevieveetbernardauxameriques.fr\/index.php\/2017\/03\/05\/de-banos-au-volcan-cotopaxi-en-passant-par-loriente\/dscn7778\/\" data-orig-file=\"https:\/\/i0.wp.com\/genevieveetbernardauxameriques.fr\/wp-content\/uploads\/2017\/02\/DSCN7778.jpg?fit=720%2C540&amp;ssl=1\" data-orig-size=\"720,540\" data-comments-opened=\"1\" data-image-meta=\"{&quot;aperture&quot;:&quot;2.8&quot;,&quot;credit&quot;:&quot;&quot;,&quot;camera&quot;:&quot;COOLPIX P900&quot;,&quot;caption&quot;:&quot;&quot;,&quot;created_timestamp&quot;:&quot;1487814769&quot;,&quot;copyright&quot;:&quot;&quot;,&quot;focal_length&quot;:&quot;4.3&quot;,&quot;iso&quot;:&quot;800&quot;,&quot;shutter_speed&quot;:&quot;0.5&quot;,&quot;title&quot;:&quot;&quot;,&quot;orientation&quot;:&quot;1&quot;}\" data-image-title=\"DSCN7778\" data-image-description=\"\" data-image-caption=\"\" data-medium-file=\"https:\/\/i0.wp.com\/genevieveetbernardauxameriques.fr\/wp-content\/uploads\/2017\/02\/DSCN7778.jpg?fit=300%2C225&amp;ssl=1\" data-large-file=\"https:\/\/i0.wp.com\/genevieveetbernardauxameriques.fr\/wp-content\/uploads\/2017\/02\/DSCN7778.jpg?fit=640%2C480&amp;ssl=1\" class=\"alignnone size-medium wp-image-16292\" src=\"https:\/\/i0.wp.com\/genevieveetbernardauxameriques.fr\/wp-content\/uploads\/2017\/02\/DSCN7778.jpg?resize=300%2C225&#038;ssl=1\" alt=\"\" width=\"300\" height=\"225\" srcset=\"https:\/\/i0.wp.com\/genevieveetbernardauxameriques.fr\/wp-content\/uploads\/2017\/02\/DSCN7778.jpg?resize=300%2C225&amp;ssl=1 300w, https:\/\/i0.wp.com\/genevieveetbernardauxameriques.fr\/wp-content\/uploads\/2017\/02\/DSCN7778.jpg?w=720&amp;ssl=1 720w\" sizes=\"(max-width: 300px) 100vw, 300px\" data-recalc-dims=\"1\" \/><\/a>\u00a0 \u00a0<a href=\"https:\/\/i0.wp.com\/genevieveetbernardauxameriques.fr\/wp-content\/uploads\/2017\/02\/DSCN7781.jpg?ssl=1\"><img loading=\"lazy\" decoding=\"async\" data-attachment-id=\"16293\" data-permalink=\"https:\/\/genevieveetbernardauxameriques.fr\/index.php\/2017\/03\/05\/de-banos-au-volcan-cotopaxi-en-passant-par-loriente\/dscn7781\/\" data-orig-file=\"https:\/\/i0.wp.com\/genevieveetbernardauxameriques.fr\/wp-content\/uploads\/2017\/02\/DSCN7781.jpg?fit=720%2C540&amp;ssl=1\" data-orig-size=\"720,540\" data-comments-opened=\"1\" data-image-meta=\"{&quot;aperture&quot;:&quot;2.8&quot;,&quot;credit&quot;:&quot;&quot;,&quot;camera&quot;:&quot;COOLPIX P900&quot;,&quot;caption&quot;:&quot;&quot;,&quot;created_timestamp&quot;:&quot;1487818048&quot;,&quot;copyright&quot;:&quot;&quot;,&quot;focal_length&quot;:&quot;4.3&quot;,&quot;iso&quot;:&quot;800&quot;,&quot;shutter_speed&quot;:&quot;0.33333333333333&quot;,&quot;title&quot;:&quot;&quot;,&quot;orientation&quot;:&quot;1&quot;}\" data-image-title=\"DSCN7781\" data-image-description=\"\" data-image-caption=\"\" data-medium-file=\"https:\/\/i0.wp.com\/genevieveetbernardauxameriques.fr\/wp-content\/uploads\/2017\/02\/DSCN7781.jpg?fit=300%2C225&amp;ssl=1\" data-large-file=\"https:\/\/i0.wp.com\/genevieveetbernardauxameriques.fr\/wp-content\/uploads\/2017\/02\/DSCN7781.jpg?fit=640%2C480&amp;ssl=1\" class=\"alignnone size-medium wp-image-16293\" src=\"https:\/\/i0.wp.com\/genevieveetbernardauxameriques.fr\/wp-content\/uploads\/2017\/02\/DSCN7781.jpg?resize=300%2C225&#038;ssl=1\" alt=\"\" width=\"300\" height=\"225\" srcset=\"https:\/\/i0.wp.com\/genevieveetbernardauxameriques.fr\/wp-content\/uploads\/2017\/02\/DSCN7781.jpg?resize=300%2C225&amp;ssl=1 300w, https:\/\/i0.wp.com\/genevieveetbernardauxameriques.fr\/wp-content\/uploads\/2017\/02\/DSCN7781.jpg?w=720&amp;ssl=1 720w\" sizes=\"(max-width: 300px) 100vw, 300px\" data-recalc-dims=\"1\" \/><\/a><a href=\"https:\/\/i0.wp.com\/genevieveetbernardauxameriques.fr\/wp-content\/uploads\/2017\/02\/DSCN7799.jpg?ssl=1\"><img loading=\"lazy\" decoding=\"async\" data-attachment-id=\"16295\" data-permalink=\"https:\/\/genevieveetbernardauxameriques.fr\/index.php\/2017\/03\/05\/de-banos-au-volcan-cotopaxi-en-passant-par-loriente\/dscn7799\/\" data-orig-file=\"https:\/\/i0.wp.com\/genevieveetbernardauxameriques.fr\/wp-content\/uploads\/2017\/02\/DSCN7799.jpg?fit=720%2C540&amp;ssl=1\" data-orig-size=\"720,540\" data-comments-opened=\"1\" data-image-meta=\"{&quot;aperture&quot;:&quot;4&quot;,&quot;credit&quot;:&quot;&quot;,&quot;camera&quot;:&quot;COOLPIX P900&quot;,&quot;caption&quot;:&quot;&quot;,&quot;created_timestamp&quot;:&quot;1487818713&quot;,&quot;copyright&quot;:&quot;&quot;,&quot;focal_length&quot;:&quot;24.1&quot;,&quot;iso&quot;:&quot;200&quot;,&quot;shutter_speed&quot;:&quot;0.016666666666667&quot;,&quot;title&quot;:&quot;&quot;,&quot;orientation&quot;:&quot;1&quot;}\" data-image-title=\"DSCN7799\" data-image-description=\"\" data-image-caption=\"\" data-medium-file=\"https:\/\/i0.wp.com\/genevieveetbernardauxameriques.fr\/wp-content\/uploads\/2017\/02\/DSCN7799.jpg?fit=300%2C225&amp;ssl=1\" data-large-file=\"https:\/\/i0.wp.com\/genevieveetbernardauxameriques.fr\/wp-content\/uploads\/2017\/02\/DSCN7799.jpg?fit=640%2C480&amp;ssl=1\" class=\"alignnone size-medium wp-image-16295\" src=\"https:\/\/i0.wp.com\/genevieveetbernardauxameriques.fr\/wp-content\/uploads\/2017\/02\/DSCN7799.jpg?resize=300%2C225&#038;ssl=1\" alt=\"\" width=\"300\" height=\"225\" srcset=\"https:\/\/i0.wp.com\/genevieveetbernardauxameriques.fr\/wp-content\/uploads\/2017\/02\/DSCN7799.jpg?resize=300%2C225&amp;ssl=1 300w, https:\/\/i0.wp.com\/genevieveetbernardauxameriques.fr\/wp-content\/uploads\/2017\/02\/DSCN7799.jpg?w=720&amp;ssl=1 720w\" sizes=\"(max-width: 300px) 100vw, 300px\" data-recalc-dims=\"1\" \/><\/a>\u00a0 \u00a0<img loading=\"lazy\" decoding=\"async\" data-attachment-id=\"16294\" data-permalink=\"https:\/\/genevieveetbernardauxameriques.fr\/index.php\/2017\/03\/05\/de-banos-au-volcan-cotopaxi-en-passant-par-loriente\/dscn7784\/\" data-orig-file=\"https:\/\/i0.wp.com\/genevieveetbernardauxameriques.fr\/wp-content\/uploads\/2017\/02\/DSCN7784.jpg?fit=720%2C540&amp;ssl=1\" data-orig-size=\"720,540\" data-comments-opened=\"1\" data-image-meta=\"{&quot;aperture&quot;:&quot;2.8&quot;,&quot;credit&quot;:&quot;&quot;,&quot;camera&quot;:&quot;COOLPIX P900&quot;,&quot;caption&quot;:&quot;&quot;,&quot;created_timestamp&quot;:&quot;1487818216&quot;,&quot;copyright&quot;:&quot;&quot;,&quot;focal_length&quot;:&quot;4.3&quot;,&quot;iso&quot;:&quot;800&quot;,&quot;shutter_speed&quot;:&quot;0.5&quot;,&quot;title&quot;:&quot;&quot;,&quot;orientation&quot;:&quot;1&quot;}\" data-image-title=\"DSCN7784\" data-image-description=\"\" data-image-caption=\"\" data-medium-file=\"https:\/\/i0.wp.com\/genevieveetbernardauxameriques.fr\/wp-content\/uploads\/2017\/02\/DSCN7784.jpg?fit=300%2C225&amp;ssl=1\" data-large-file=\"https:\/\/i0.wp.com\/genevieveetbernardauxameriques.fr\/wp-content\/uploads\/2017\/02\/DSCN7784.jpg?fit=640%2C480&amp;ssl=1\" class=\"alignnone size-medium wp-image-16294\" src=\"https:\/\/i0.wp.com\/genevieveetbernardauxameriques.fr\/wp-content\/uploads\/2017\/02\/DSCN7784.jpg?resize=300%2C225&#038;ssl=1\" alt=\"\" width=\"300\" height=\"225\" srcset=\"https:\/\/i0.wp.com\/genevieveetbernardauxameriques.fr\/wp-content\/uploads\/2017\/02\/DSCN7784.jpg?resize=300%2C225&amp;ssl=1 300w, https:\/\/i0.wp.com\/genevieveetbernardauxameriques.fr\/wp-content\/uploads\/2017\/02\/DSCN7784.jpg?w=720&amp;ssl=1 720w\" sizes=\"(max-width: 300px) 100vw, 300px\" data-recalc-dims=\"1\" \/><\/p>\n<p>Ils nous ont dit que le lendemain, ils nous pr\u00e9parerons une cuisine typique d&rsquo;ici pour 10 h. On leur a dit que nous n&rsquo;avons pas trop l&rsquo;habitude de manger \u00e0 cette heure, mais que l&rsquo;on fera comme eux.<\/p>\n<p><strong>JEUDI 23 FEVRIER\u00a0<\/strong><\/p>\n<p>Excellente nuit au calme.<\/p>\n<p>On d\u00e9jeune \u00e0 peine. Les filles sont \u00e0 l&rsquo;\u00e9cole, on profite de la piscine et des hamacs, mais on ne voit personne faire la cuisine et on ne voit rien venir (nous sommes un peu soulag\u00e9s car ils avaient parl\u00e9 de tripes et il ne s&rsquo;agit pas des tripes \u00e0 la mode de CAEN)<img loading=\"lazy\" decoding=\"async\" data-attachment-id=\"16297\" data-permalink=\"https:\/\/genevieveetbernardauxameriques.fr\/index.php\/2017\/03\/05\/de-banos-au-volcan-cotopaxi-en-passant-par-loriente\/dscn7811\/\" data-orig-file=\"https:\/\/i0.wp.com\/genevieveetbernardauxameriques.fr\/wp-content\/uploads\/2017\/02\/DSCN7811.jpg?fit=720%2C540&amp;ssl=1\" data-orig-size=\"720,540\" data-comments-opened=\"1\" data-image-meta=\"{&quot;aperture&quot;:&quot;2.8&quot;,&quot;credit&quot;:&quot;&quot;,&quot;camera&quot;:&quot;COOLPIX P900&quot;,&quot;caption&quot;:&quot;&quot;,&quot;created_timestamp&quot;:&quot;1487870310&quot;,&quot;copyright&quot;:&quot;&quot;,&quot;focal_length&quot;:&quot;4.3&quot;,&quot;iso&quot;:&quot;100&quot;,&quot;shutter_speed&quot;:&quot;0.0008&quot;,&quot;title&quot;:&quot;&quot;,&quot;orientation&quot;:&quot;1&quot;}\" data-image-title=\"DSCN7811\" data-image-description=\"\" data-image-caption=\"\" data-medium-file=\"https:\/\/i0.wp.com\/genevieveetbernardauxameriques.fr\/wp-content\/uploads\/2017\/02\/DSCN7811.jpg?fit=300%2C225&amp;ssl=1\" data-large-file=\"https:\/\/i0.wp.com\/genevieveetbernardauxameriques.fr\/wp-content\/uploads\/2017\/02\/DSCN7811.jpg?fit=640%2C480&amp;ssl=1\" class=\"alignnone size-full wp-image-16297\" src=\"https:\/\/i0.wp.com\/genevieveetbernardauxameriques.fr\/wp-content\/uploads\/2017\/02\/DSCN7811.jpg?resize=640%2C480&#038;ssl=1\" alt=\"\" width=\"640\" height=\"480\" srcset=\"https:\/\/i0.wp.com\/genevieveetbernardauxameriques.fr\/wp-content\/uploads\/2017\/02\/DSCN7811.jpg?w=720&amp;ssl=1 720w, https:\/\/i0.wp.com\/genevieveetbernardauxameriques.fr\/wp-content\/uploads\/2017\/02\/DSCN7811.jpg?resize=300%2C225&amp;ssl=1 300w\" sizes=\"(max-width: 640px) 100vw, 640px\" data-recalc-dims=\"1\" \/><\/p>\n<p>Ramassage des litchis<\/p>\n<p><img loading=\"lazy\" decoding=\"async\" data-attachment-id=\"16298\" data-permalink=\"https:\/\/genevieveetbernardauxameriques.fr\/index.php\/2017\/03\/05\/de-banos-au-volcan-cotopaxi-en-passant-par-loriente\/dscn7813\/\" data-orig-file=\"https:\/\/i0.wp.com\/genevieveetbernardauxameriques.fr\/wp-content\/uploads\/2017\/02\/DSCN7813.jpg?fit=540%2C720&amp;ssl=1\" data-orig-size=\"540,720\" data-comments-opened=\"1\" data-image-meta=\"{&quot;aperture&quot;:&quot;2.8&quot;,&quot;credit&quot;:&quot;&quot;,&quot;camera&quot;:&quot;COOLPIX P900&quot;,&quot;caption&quot;:&quot;&quot;,&quot;created_timestamp&quot;:&quot;1487882717&quot;,&quot;copyright&quot;:&quot;&quot;,&quot;focal_length&quot;:&quot;4.3&quot;,&quot;iso&quot;:&quot;100&quot;,&quot;shutter_speed&quot;:&quot;0.001&quot;,&quot;title&quot;:&quot;&quot;,&quot;orientation&quot;:&quot;1&quot;}\" data-image-title=\"DSCN7813\" data-image-description=\"\" data-image-caption=\"\" data-medium-file=\"https:\/\/i0.wp.com\/genevieveetbernardauxameriques.fr\/wp-content\/uploads\/2017\/02\/DSCN7813.jpg?fit=225%2C300&amp;ssl=1\" data-large-file=\"https:\/\/i0.wp.com\/genevieveetbernardauxameriques.fr\/wp-content\/uploads\/2017\/02\/DSCN7813.jpg?fit=540%2C720&amp;ssl=1\" class=\"wp-image-16298 aligncenter\" src=\"https:\/\/i0.wp.com\/genevieveetbernardauxameriques.fr\/wp-content\/uploads\/2017\/02\/DSCN7813.jpg?resize=422%2C563&#038;ssl=1\" alt=\"\" width=\"422\" height=\"563\" srcset=\"https:\/\/i0.wp.com\/genevieveetbernardauxameriques.fr\/wp-content\/uploads\/2017\/02\/DSCN7813.jpg?w=540&amp;ssl=1 540w, https:\/\/i0.wp.com\/genevieveetbernardauxameriques.fr\/wp-content\/uploads\/2017\/02\/DSCN7813.jpg?resize=225%2C300&amp;ssl=1 225w\" sizes=\"(max-width: 422px) 100vw, 422px\" data-recalc-dims=\"1\" \/><\/p>\n<p>Les filles rentrent de l&rsquo;\u00e9cole \u00e0 midi et la maman fait \u00e0 manger mais nous aurons droit \u00e0 la m\u00eame chose que la veille, rien de bien particulier.<\/p>\n<p>En Am\u00e9rique du Sud le carnaval est tr\u00e8s important, en Equateur du samedi matin au mardi soir, ils font la f\u00eate, il y a 2 jours de cong\u00e9s, la plupart des magasins sont ferm\u00e9s.<\/p>\n<p>D\u00e8s le vendredi, les pr\u00e9paratifs commencent.\u00a0Au bord de la piscine, il y a un bar dans une grande pi\u00e8ce ouverte, ils vont faire de la musique, danser et certainement boire. Nous n&rsquo;avons pas tr\u00e8s envie d&rsquo;\u00eatre l\u00e0, on va partir vers 14 h. Entre temps la t\u00e9l\u00e9 arrive pour montrer le centre, et bien-s\u00fbr on veut nous interviewer. J&rsquo;ai beau dire que je ne parle pas assez bien, mais le gars nous questionne et je vais essayer de r\u00e9pondre, (personne me me connait, sinon la honte). Ils sont fiers que des Fran\u00e7ais soient sur leur terrain.<\/p>\n<p>Nous repartons avec toutes sortes de fruits que les enfants nous ont cueillis et nous leur donnons des bananes<\/p>\n<p><a href=\"https:\/\/i0.wp.com\/genevieveetbernardauxameriques.fr\/wp-content\/uploads\/2017\/02\/DSCN7822.jpg?ssl=1\"><img loading=\"lazy\" decoding=\"async\" data-attachment-id=\"16300\" data-permalink=\"https:\/\/genevieveetbernardauxameriques.fr\/index.php\/2017\/03\/05\/de-banos-au-volcan-cotopaxi-en-passant-par-loriente\/dscn7822\/\" data-orig-file=\"https:\/\/i0.wp.com\/genevieveetbernardauxameriques.fr\/wp-content\/uploads\/2017\/02\/DSCN7822.jpg?fit=720%2C540&amp;ssl=1\" data-orig-size=\"720,540\" data-comments-opened=\"1\" data-image-meta=\"{&quot;aperture&quot;:&quot;2.8&quot;,&quot;credit&quot;:&quot;&quot;,&quot;camera&quot;:&quot;COOLPIX P900&quot;,&quot;caption&quot;:&quot;&quot;,&quot;created_timestamp&quot;:&quot;1487884939&quot;,&quot;copyright&quot;:&quot;&quot;,&quot;focal_length&quot;:&quot;4.3&quot;,&quot;iso&quot;:&quot;100&quot;,&quot;shutter_speed&quot;:&quot;0.004&quot;,&quot;title&quot;:&quot;&quot;,&quot;orientation&quot;:&quot;1&quot;}\" data-image-title=\"DSCN7822\" data-image-description=\"\" data-image-caption=\"\" data-medium-file=\"https:\/\/i0.wp.com\/genevieveetbernardauxameriques.fr\/wp-content\/uploads\/2017\/02\/DSCN7822.jpg?fit=300%2C225&amp;ssl=1\" data-large-file=\"https:\/\/i0.wp.com\/genevieveetbernardauxameriques.fr\/wp-content\/uploads\/2017\/02\/DSCN7822.jpg?fit=640%2C480&amp;ssl=1\" class=\"alignnone size-full wp-image-16300\" src=\"https:\/\/i0.wp.com\/genevieveetbernardauxameriques.fr\/wp-content\/uploads\/2017\/02\/DSCN7822.jpg?resize=640%2C480&#038;ssl=1\" alt=\"\" width=\"640\" height=\"480\" srcset=\"https:\/\/i0.wp.com\/genevieveetbernardauxameriques.fr\/wp-content\/uploads\/2017\/02\/DSCN7822.jpg?w=720&amp;ssl=1 720w, https:\/\/i0.wp.com\/genevieveetbernardauxameriques.fr\/wp-content\/uploads\/2017\/02\/DSCN7822.jpg?resize=300%2C225&amp;ssl=1 300w\" sizes=\"(max-width: 640px) 100vw, 640px\" data-recalc-dims=\"1\" \/><\/a><\/p>\n<p>On va s&rsquo;arr\u00eater en chemin\u00a0dans une ville pour faire quelques courses.<\/p>\n<p><a href=\"https:\/\/i0.wp.com\/genevieveetbernardauxameriques.fr\/wp-content\/uploads\/2017\/02\/DSCN7824.jpg?ssl=1\"><img loading=\"lazy\" decoding=\"async\" data-attachment-id=\"16302\" data-permalink=\"https:\/\/genevieveetbernardauxameriques.fr\/index.php\/2017\/03\/05\/de-banos-au-volcan-cotopaxi-en-passant-par-loriente\/dscn7824\/\" data-orig-file=\"https:\/\/i0.wp.com\/genevieveetbernardauxameriques.fr\/wp-content\/uploads\/2017\/02\/DSCN7824.jpg?fit=720%2C540&amp;ssl=1\" data-orig-size=\"720,540\" data-comments-opened=\"1\" data-image-meta=\"{&quot;aperture&quot;:&quot;2.8&quot;,&quot;credit&quot;:&quot;&quot;,&quot;camera&quot;:&quot;COOLPIX P900&quot;,&quot;caption&quot;:&quot;&quot;,&quot;created_timestamp&quot;:&quot;1487889419&quot;,&quot;copyright&quot;:&quot;&quot;,&quot;focal_length&quot;:&quot;5&quot;,&quot;iso&quot;:&quot;100&quot;,&quot;shutter_speed&quot;:&quot;0.0015625&quot;,&quot;title&quot;:&quot;&quot;,&quot;orientation&quot;:&quot;1&quot;}\" data-image-title=\"DSCN7824\" data-image-description=\"\" data-image-caption=\"\" data-medium-file=\"https:\/\/i0.wp.com\/genevieveetbernardauxameriques.fr\/wp-content\/uploads\/2017\/02\/DSCN7824.jpg?fit=300%2C225&amp;ssl=1\" data-large-file=\"https:\/\/i0.wp.com\/genevieveetbernardauxameriques.fr\/wp-content\/uploads\/2017\/02\/DSCN7824.jpg?fit=640%2C480&amp;ssl=1\" class=\"alignnone size-full wp-image-16302\" src=\"https:\/\/i0.wp.com\/genevieveetbernardauxameriques.fr\/wp-content\/uploads\/2017\/02\/DSCN7824.jpg?resize=640%2C480&#038;ssl=1\" alt=\"\" width=\"640\" height=\"480\" srcset=\"https:\/\/i0.wp.com\/genevieveetbernardauxameriques.fr\/wp-content\/uploads\/2017\/02\/DSCN7824.jpg?w=720&amp;ssl=1 720w, https:\/\/i0.wp.com\/genevieveetbernardauxameriques.fr\/wp-content\/uploads\/2017\/02\/DSCN7824.jpg?resize=300%2C225&amp;ssl=1 300w\" sizes=\"(max-width: 640px) 100vw, 640px\" data-recalc-dims=\"1\" \/><\/a><\/p>\n<p>Et devant une \u00e9glise, il y a ce corbillard, il est attach\u00e9 comme une remorque \u00e0 une voiture.<\/p>\n<p><a href=\"https:\/\/i0.wp.com\/genevieveetbernardauxameriques.fr\/wp-content\/uploads\/2017\/02\/DSCN7823.jpg?ssl=1\"><img loading=\"lazy\" decoding=\"async\" data-attachment-id=\"16301\" data-permalink=\"https:\/\/genevieveetbernardauxameriques.fr\/index.php\/2017\/03\/05\/de-banos-au-volcan-cotopaxi-en-passant-par-loriente\/dscn7823\/\" data-orig-file=\"https:\/\/i0.wp.com\/genevieveetbernardauxameriques.fr\/wp-content\/uploads\/2017\/02\/DSCN7823.jpg?fit=720%2C540&amp;ssl=1\" data-orig-size=\"720,540\" data-comments-opened=\"1\" data-image-meta=\"{&quot;aperture&quot;:&quot;2.8&quot;,&quot;credit&quot;:&quot;&quot;,&quot;camera&quot;:&quot;COOLPIX P900&quot;,&quot;caption&quot;:&quot;&quot;,&quot;created_timestamp&quot;:&quot;1487889371&quot;,&quot;copyright&quot;:&quot;&quot;,&quot;focal_length&quot;:&quot;4.3&quot;,&quot;iso&quot;:&quot;100&quot;,&quot;shutter_speed&quot;:&quot;0.0015625&quot;,&quot;title&quot;:&quot;&quot;,&quot;orientation&quot;:&quot;1&quot;}\" data-image-title=\"DSCN7823\" data-image-description=\"\" data-image-caption=\"\" data-medium-file=\"https:\/\/i0.wp.com\/genevieveetbernardauxameriques.fr\/wp-content\/uploads\/2017\/02\/DSCN7823.jpg?fit=300%2C225&amp;ssl=1\" data-large-file=\"https:\/\/i0.wp.com\/genevieveetbernardauxameriques.fr\/wp-content\/uploads\/2017\/02\/DSCN7823.jpg?fit=640%2C480&amp;ssl=1\" class=\"alignnone size-full wp-image-16301\" src=\"https:\/\/i0.wp.com\/genevieveetbernardauxameriques.fr\/wp-content\/uploads\/2017\/02\/DSCN7823.jpg?resize=640%2C480&#038;ssl=1\" alt=\"\" width=\"640\" height=\"480\" srcset=\"https:\/\/i0.wp.com\/genevieveetbernardauxameriques.fr\/wp-content\/uploads\/2017\/02\/DSCN7823.jpg?w=720&amp;ssl=1 720w, https:\/\/i0.wp.com\/genevieveetbernardauxameriques.fr\/wp-content\/uploads\/2017\/02\/DSCN7823.jpg?resize=300%2C225&amp;ssl=1 300w\" sizes=\"(max-width: 640px) 100vw, 640px\" data-recalc-dims=\"1\" \/><\/a><\/p>\n<p>Nous continuons notre route \u00e0 travers des champs de mais, de bananes, de cacao et ce qui est nouveau des champs de palmiers pour l&rsquo;huile de palme (exactement comme en Malaisie). La r\u00e9colte vient de se faire car il n&rsquo;y a plus la grappe de fruits dans l&rsquo;arbre et nous en avons vu un \u00e9norme tas dans un hangar et sur des camions.<\/p>\n<p>Nous voyons de grandes \u00e9tendues de champs de cacao\u00a0mais on n&rsquo;en trouve pas dans les magasins. Actuellement des f\u00e8ves s\u00e8chent, de temps en temps sur le bord de la route par petites bandes, il faut faire attention \u00e0 ne pas rouler dessus. Il y a 2 r\u00e9coltes par an.<\/p>\n<p><a href=\"https:\/\/i0.wp.com\/genevieveetbernardauxameriques.fr\/wp-content\/uploads\/2017\/02\/DSCN7827.jpg?ssl=1\"><img loading=\"lazy\" decoding=\"async\" data-attachment-id=\"16304\" data-permalink=\"https:\/\/genevieveetbernardauxameriques.fr\/index.php\/2017\/03\/05\/de-banos-au-volcan-cotopaxi-en-passant-par-loriente\/dscn7827\/\" data-orig-file=\"https:\/\/i0.wp.com\/genevieveetbernardauxameriques.fr\/wp-content\/uploads\/2017\/02\/DSCN7827.jpg?fit=720%2C540&amp;ssl=1\" data-orig-size=\"720,540\" data-comments-opened=\"1\" data-image-meta=\"{&quot;aperture&quot;:&quot;4.5&quot;,&quot;credit&quot;:&quot;&quot;,&quot;camera&quot;:&quot;COOLPIX P900&quot;,&quot;caption&quot;:&quot;&quot;,&quot;created_timestamp&quot;:&quot;1487890717&quot;,&quot;copyright&quot;:&quot;&quot;,&quot;focal_length&quot;:&quot;30.3&quot;,&quot;iso&quot;:&quot;100&quot;,&quot;shutter_speed&quot;:&quot;0.002&quot;,&quot;title&quot;:&quot;&quot;,&quot;orientation&quot;:&quot;1&quot;}\" data-image-title=\"DSCN7827\" data-image-description=\"\" data-image-caption=\"\" data-medium-file=\"https:\/\/i0.wp.com\/genevieveetbernardauxameriques.fr\/wp-content\/uploads\/2017\/02\/DSCN7827.jpg?fit=300%2C225&amp;ssl=1\" data-large-file=\"https:\/\/i0.wp.com\/genevieveetbernardauxameriques.fr\/wp-content\/uploads\/2017\/02\/DSCN7827.jpg?fit=640%2C480&amp;ssl=1\" class=\"alignnone size-full wp-image-16304\" src=\"https:\/\/i0.wp.com\/genevieveetbernardauxameriques.fr\/wp-content\/uploads\/2017\/02\/DSCN7827.jpg?resize=640%2C480&#038;ssl=1\" alt=\"\" width=\"640\" height=\"480\" srcset=\"https:\/\/i0.wp.com\/genevieveetbernardauxameriques.fr\/wp-content\/uploads\/2017\/02\/DSCN7827.jpg?w=720&amp;ssl=1 720w, https:\/\/i0.wp.com\/genevieveetbernardauxameriques.fr\/wp-content\/uploads\/2017\/02\/DSCN7827.jpg?resize=300%2C225&amp;ssl=1 300w\" sizes=\"(max-width: 640px) 100vw, 640px\" data-recalc-dims=\"1\" \/><\/a> <a href=\"https:\/\/i0.wp.com\/genevieveetbernardauxameriques.fr\/wp-content\/uploads\/2017\/02\/DSCN7832.jpg?ssl=1\"><img loading=\"lazy\" decoding=\"async\" data-attachment-id=\"16306\" data-permalink=\"https:\/\/genevieveetbernardauxameriques.fr\/index.php\/2017\/03\/05\/de-banos-au-volcan-cotopaxi-en-passant-par-loriente\/dscn7832\/\" data-orig-file=\"https:\/\/i0.wp.com\/genevieveetbernardauxameriques.fr\/wp-content\/uploads\/2017\/02\/DSCN7832.jpg?fit=720%2C540&amp;ssl=1\" data-orig-size=\"720,540\" data-comments-opened=\"1\" data-image-meta=\"{&quot;aperture&quot;:&quot;3.5&quot;,&quot;credit&quot;:&quot;&quot;,&quot;camera&quot;:&quot;COOLPIX P900&quot;,&quot;caption&quot;:&quot;&quot;,&quot;created_timestamp&quot;:&quot;1487893634&quot;,&quot;copyright&quot;:&quot;&quot;,&quot;focal_length&quot;:&quot;13.4&quot;,&quot;iso&quot;:&quot;100&quot;,&quot;shutter_speed&quot;:&quot;0.00125&quot;,&quot;title&quot;:&quot;&quot;,&quot;orientation&quot;:&quot;1&quot;}\" data-image-title=\"DSCN7832\" data-image-description=\"\" data-image-caption=\"\" data-medium-file=\"https:\/\/i0.wp.com\/genevieveetbernardauxameriques.fr\/wp-content\/uploads\/2017\/02\/DSCN7832.jpg?fit=300%2C225&amp;ssl=1\" data-large-file=\"https:\/\/i0.wp.com\/genevieveetbernardauxameriques.fr\/wp-content\/uploads\/2017\/02\/DSCN7832.jpg?fit=640%2C480&amp;ssl=1\" class=\"alignnone size-full wp-image-16306\" src=\"https:\/\/i0.wp.com\/genevieveetbernardauxameriques.fr\/wp-content\/uploads\/2017\/02\/DSCN7832.jpg?resize=640%2C480&#038;ssl=1\" alt=\"\" width=\"640\" height=\"480\" srcset=\"https:\/\/i0.wp.com\/genevieveetbernardauxameriques.fr\/wp-content\/uploads\/2017\/02\/DSCN7832.jpg?w=720&amp;ssl=1 720w, https:\/\/i0.wp.com\/genevieveetbernardauxameriques.fr\/wp-content\/uploads\/2017\/02\/DSCN7832.jpg?resize=300%2C225&amp;ssl=1 300w\" sizes=\"(max-width: 640px) 100vw, 640px\" data-recalc-dims=\"1\" \/><\/a><a href=\"https:\/\/i0.wp.com\/genevieveetbernardauxameriques.fr\/wp-content\/uploads\/2017\/02\/DSCN7826.jpg?ssl=1\"><img loading=\"lazy\" decoding=\"async\" data-attachment-id=\"16303\" data-permalink=\"https:\/\/genevieveetbernardauxameriques.fr\/index.php\/2017\/03\/05\/de-banos-au-volcan-cotopaxi-en-passant-par-loriente\/dscn7826\/\" data-orig-file=\"https:\/\/i0.wp.com\/genevieveetbernardauxameriques.fr\/wp-content\/uploads\/2017\/02\/DSCN7826.jpg?fit=720%2C540&amp;ssl=1\" data-orig-size=\"720,540\" data-comments-opened=\"1\" data-image-meta=\"{&quot;aperture&quot;:&quot;3.5&quot;,&quot;credit&quot;:&quot;&quot;,&quot;camera&quot;:&quot;COOLPIX P900&quot;,&quot;caption&quot;:&quot;&quot;,&quot;created_timestamp&quot;:&quot;1487890585&quot;,&quot;copyright&quot;:&quot;&quot;,&quot;focal_length&quot;:&quot;14.3&quot;,&quot;iso&quot;:&quot;100&quot;,&quot;shutter_speed&quot;:&quot;0.0025&quot;,&quot;title&quot;:&quot;&quot;,&quot;orientation&quot;:&quot;1&quot;}\" data-image-title=\"DSCN7826\" data-image-description=\"\" data-image-caption=\"\" data-medium-file=\"https:\/\/i0.wp.com\/genevieveetbernardauxameriques.fr\/wp-content\/uploads\/2017\/02\/DSCN7826.jpg?fit=300%2C225&amp;ssl=1\" data-large-file=\"https:\/\/i0.wp.com\/genevieveetbernardauxameriques.fr\/wp-content\/uploads\/2017\/02\/DSCN7826.jpg?fit=640%2C480&amp;ssl=1\" class=\"alignnone size-full wp-image-16303\" src=\"https:\/\/i0.wp.com\/genevieveetbernardauxameriques.fr\/wp-content\/uploads\/2017\/02\/DSCN7826.jpg?resize=640%2C480&#038;ssl=1\" alt=\"\" width=\"640\" height=\"480\" srcset=\"https:\/\/i0.wp.com\/genevieveetbernardauxameriques.fr\/wp-content\/uploads\/2017\/02\/DSCN7826.jpg?w=720&amp;ssl=1 720w, https:\/\/i0.wp.com\/genevieveetbernardauxameriques.fr\/wp-content\/uploads\/2017\/02\/DSCN7826.jpg?resize=300%2C225&amp;ssl=1 300w\" sizes=\"(max-width: 640px) 100vw, 640px\" data-recalc-dims=\"1\" \/><\/a><\/p>\n<p>La route est belle, \u00a0except\u00e9e sur une bonne dizaine de km, o\u00f9 il y a des travaux et plus d&rsquo;asphalte.<\/p>\n<p><img loading=\"lazy\" decoding=\"async\" data-attachment-id=\"16307\" data-permalink=\"https:\/\/genevieveetbernardauxameriques.fr\/index.php\/2017\/03\/05\/de-banos-au-volcan-cotopaxi-en-passant-par-loriente\/dscn7833\/\" data-orig-file=\"https:\/\/i0.wp.com\/genevieveetbernardauxameriques.fr\/wp-content\/uploads\/2017\/02\/DSCN7833-e1585675597429.jpg?fit=719%2C433&amp;ssl=1\" data-orig-size=\"719,433\" data-comments-opened=\"1\" data-image-meta=\"{&quot;aperture&quot;:&quot;2.8&quot;,&quot;credit&quot;:&quot;&quot;,&quot;camera&quot;:&quot;COOLPIX P900&quot;,&quot;caption&quot;:&quot;&quot;,&quot;created_timestamp&quot;:&quot;1487896812&quot;,&quot;copyright&quot;:&quot;&quot;,&quot;focal_length&quot;:&quot;4.3&quot;,&quot;iso&quot;:&quot;100&quot;,&quot;shutter_speed&quot;:&quot;0.01&quot;,&quot;title&quot;:&quot;&quot;,&quot;orientation&quot;:&quot;1&quot;}\" data-image-title=\"DSCN7833\" data-image-description=\"\" data-image-caption=\"\" data-medium-file=\"https:\/\/i0.wp.com\/genevieveetbernardauxameriques.fr\/wp-content\/uploads\/2017\/02\/DSCN7833-e1585675597429.jpg?fit=300%2C181&amp;ssl=1\" data-large-file=\"https:\/\/i0.wp.com\/genevieveetbernardauxameriques.fr\/wp-content\/uploads\/2017\/02\/DSCN7833-e1585675597429.jpg?fit=640%2C385&amp;ssl=1\" class=\"alignnone size-full wp-image-16307\" src=\"https:\/\/i0.wp.com\/genevieveetbernardauxameriques.fr\/wp-content\/uploads\/2017\/02\/DSCN7833-e1585675597429.jpg?resize=640%2C385&#038;ssl=1\" alt=\"\" width=\"640\" height=\"385\" srcset=\"https:\/\/i0.wp.com\/genevieveetbernardauxameriques.fr\/wp-content\/uploads\/2017\/02\/DSCN7833-e1585675597429.jpg?w=719&amp;ssl=1 719w, https:\/\/i0.wp.com\/genevieveetbernardauxameriques.fr\/wp-content\/uploads\/2017\/02\/DSCN7833-e1585675597429.jpg?resize=300%2C181&amp;ssl=1 300w\" sizes=\"(max-width: 640px) 100vw, 640px\" data-recalc-dims=\"1\" \/><\/p>\n<p>Nous ne ferons pas beaucoup de km dans l&rsquo;apr\u00e8s midi, il a beaucoup de virages.<\/p>\n<p>On retrouve le soir dans un tout petit village \u00e0 <strong>SAN PLACIDO<\/strong> un \u00e9norme centre avec une grande piscine ou l&rsquo;on peut se garer, mais \u00e0 l&rsquo;inverse de la veille, les propri\u00e9taires sont moins accueillants, nous aurons l&rsquo;\u00e9lectricit\u00e9 et la wifi et l&rsquo;on paiera 9 $.<\/p>\n<p>\u00c0 peine arriv\u00e9s, un Land Rover arrive. C&rsquo;est\u00a0une famille fran\u00e7aise avec 4 enfants, ils vont installer 2 tentes sur le capot du v\u00e9hicule pour que tout le monde dorment, ils font les 2 Am\u00e9riques.<\/p>\n<p><a href=\"https:\/\/i0.wp.com\/genevieveetbernardauxameriques.fr\/wp-content\/uploads\/2017\/02\/DSCN7834.jpg?ssl=1\"><img loading=\"lazy\" decoding=\"async\" data-attachment-id=\"16308\" data-permalink=\"https:\/\/genevieveetbernardauxameriques.fr\/index.php\/2017\/03\/05\/de-banos-au-volcan-cotopaxi-en-passant-par-loriente\/dscn7834\/\" data-orig-file=\"https:\/\/i0.wp.com\/genevieveetbernardauxameriques.fr\/wp-content\/uploads\/2017\/02\/DSCN7834.jpg?fit=720%2C540&amp;ssl=1\" data-orig-size=\"720,540\" data-comments-opened=\"1\" data-image-meta=\"{&quot;aperture&quot;:&quot;2.8&quot;,&quot;credit&quot;:&quot;&quot;,&quot;camera&quot;:&quot;COOLPIX P900&quot;,&quot;caption&quot;:&quot;&quot;,&quot;created_timestamp&quot;:&quot;1487965177&quot;,&quot;copyright&quot;:&quot;&quot;,&quot;focal_length&quot;:&quot;4.3&quot;,&quot;iso&quot;:&quot;100&quot;,&quot;shutter_speed&quot;:&quot;0.0008&quot;,&quot;title&quot;:&quot;&quot;,&quot;orientation&quot;:&quot;1&quot;}\" data-image-title=\"DSCN7834\" data-image-description=\"\" data-image-caption=\"\" data-medium-file=\"https:\/\/i0.wp.com\/genevieveetbernardauxameriques.fr\/wp-content\/uploads\/2017\/02\/DSCN7834.jpg?fit=300%2C225&amp;ssl=1\" data-large-file=\"https:\/\/i0.wp.com\/genevieveetbernardauxameriques.fr\/wp-content\/uploads\/2017\/02\/DSCN7834.jpg?fit=640%2C480&amp;ssl=1\" class=\"alignnone size-full wp-image-16308\" src=\"https:\/\/i0.wp.com\/genevieveetbernardauxameriques.fr\/wp-content\/uploads\/2017\/02\/DSCN7834.jpg?resize=640%2C480&#038;ssl=1\" alt=\"\" width=\"640\" height=\"480\" srcset=\"https:\/\/i0.wp.com\/genevieveetbernardauxameriques.fr\/wp-content\/uploads\/2017\/02\/DSCN7834.jpg?w=720&amp;ssl=1 720w, https:\/\/i0.wp.com\/genevieveetbernardauxameriques.fr\/wp-content\/uploads\/2017\/02\/DSCN7834.jpg?resize=300%2C225&amp;ssl=1 300w\" sizes=\"(max-width: 640px) 100vw, 640px\" data-recalc-dims=\"1\" \/><\/a><\/p>\n<p><strong>VENDREDI 24 FEVRIER 2017<\/strong><\/p>\n<p>Le lendemain matin, nous allons \u00e0 la piscine et on va d\u00e9jeuner ici puis partir. En effet, \u00e0\u00a0partir de midi, \u00e0 la sortie des \u00e9coles, arrivent pleins de jeunes et la musique devient insupportable.<\/p>\n<p>Nous allons quitter \u00ab\u00a0lessixauxameriques\u00a0\u00bb car ils partent sur Banos en pensant que nous allons certainement nous retrouver : ils vont en Colombie ensuite et pensent prendre un bateau vers fin avril comme nous. Nous allons donc \u00e9changer nos mails.<img loading=\"lazy\" decoding=\"async\" data-attachment-id=\"16309\" data-permalink=\"https:\/\/genevieveetbernardauxameriques.fr\/index.php\/2017\/03\/05\/de-banos-au-volcan-cotopaxi-en-passant-par-loriente\/dscn7836\/\" data-orig-file=\"https:\/\/i0.wp.com\/genevieveetbernardauxameriques.fr\/wp-content\/uploads\/2017\/02\/DSCN7836.jpg?fit=720%2C540&amp;ssl=1\" data-orig-size=\"720,540\" data-comments-opened=\"1\" data-image-meta=\"{&quot;aperture&quot;:&quot;2.8&quot;,&quot;credit&quot;:&quot;&quot;,&quot;camera&quot;:&quot;COOLPIX P900&quot;,&quot;caption&quot;:&quot;&quot;,&quot;created_timestamp&quot;:&quot;1487972693&quot;,&quot;copyright&quot;:&quot;&quot;,&quot;focal_length&quot;:&quot;4.3&quot;,&quot;iso&quot;:&quot;100&quot;,&quot;shutter_speed&quot;:&quot;0.005&quot;,&quot;title&quot;:&quot;&quot;,&quot;orientation&quot;:&quot;1&quot;}\" data-image-title=\"DSCN7836\" data-image-description=\"\" data-image-caption=\"\" data-medium-file=\"https:\/\/i0.wp.com\/genevieveetbernardauxameriques.fr\/wp-content\/uploads\/2017\/02\/DSCN7836.jpg?fit=300%2C225&amp;ssl=1\" data-large-file=\"https:\/\/i0.wp.com\/genevieveetbernardauxameriques.fr\/wp-content\/uploads\/2017\/02\/DSCN7836.jpg?fit=640%2C480&amp;ssl=1\" class=\"alignnone size-full wp-image-16309\" src=\"https:\/\/i0.wp.com\/genevieveetbernardauxameriques.fr\/wp-content\/uploads\/2017\/02\/DSCN7836.jpg?resize=640%2C480&#038;ssl=1\" alt=\"\" width=\"640\" height=\"480\" srcset=\"https:\/\/i0.wp.com\/genevieveetbernardauxameriques.fr\/wp-content\/uploads\/2017\/02\/DSCN7836.jpg?w=720&amp;ssl=1 720w, https:\/\/i0.wp.com\/genevieveetbernardauxameriques.fr\/wp-content\/uploads\/2017\/02\/DSCN7836.jpg?resize=300%2C225&amp;ssl=1 300w\" sizes=\"(max-width: 640px) 100vw, 640px\" data-recalc-dims=\"1\" \/><\/p>\n<p>Nous reprenons la route et arrivons sur la c\u00f4te 3 h plus tard. Il n&rsquo;y a pas de route qui la longe mais nous suivons la montagne. Encore des mont\u00e9es et descentes. La vue est magnifique sur la mer, mais le temps se couvre et il commence \u00e0 pleuvoir l\u00e9g\u00e8rement.<\/p>\n<p><strong>PUERTO LOPEZ<\/strong> est une petite ville tr\u00e8s touristique d&rsquo;o\u00f9 l&rsquo;on peut voir les baleines pendant la saison ( juin \u00e0 octobre), aller sur l&rsquo;\u00eele de la Plata o\u00f9 l&rsquo;on voit des fous aux pieds bleus, des fr\u00e9gates, de tortues marines et visiter le parc national Machalilla qui est juste \u00e0 c\u00f4t\u00e9.<\/p>\n<p>Sur le Malecon, il n&rsquo;y a que des restaurants et des agences de voyages.<\/p>\n<p>Nous essayons de nous garer au bout, pr\u00e8s de l&rsquo;h\u00f4tel Mandala, \u00e0 la fin du village. Manque de chance, il a plu et on s&#8217;embourbe. Bernard va \u00eatre oblig\u00e9 de mettre le 4&#215;4 pour se d\u00e9gager. Nous n&rsquo;allons pas rester ici. En repartant il entend un bruit anormal c\u00f4t\u00e9 freins.<\/p>\n<p>On s&rsquo;installe sur un parking entre l&rsquo;h\u00f4tel Victor Hugo et le Nantu, o\u00f9 nous b\u00e9n\u00e9ficions de la wifi des 2 h\u00f4tels et l\u00e0, il d\u00e9couvre une fuite du liquide de freins.<\/p>\n<p><img loading=\"lazy\" decoding=\"async\" data-attachment-id=\"16450\" data-permalink=\"https:\/\/genevieveetbernardauxameriques.fr\/index.php\/2017\/03\/15\/la-cote-pacifique-de-puerto-lopez-a-la-frontiere-colombienne\/img_20170228_090252\/\" data-orig-file=\"https:\/\/i0.wp.com\/genevieveetbernardauxameriques.fr\/wp-content\/uploads\/2017\/03\/IMG_20170228_090252.jpg?fit=720%2C540&amp;ssl=1\" data-orig-size=\"720,540\" data-comments-opened=\"1\" data-image-meta=\"{&quot;aperture&quot;:&quot;0&quot;,&quot;credit&quot;:&quot;&quot;,&quot;camera&quot;:&quot;Lenovo YT3-X50F&quot;,&quot;caption&quot;:&quot;&quot;,&quot;created_timestamp&quot;:&quot;1488272573&quot;,&quot;copyright&quot;:&quot;&quot;,&quot;focal_length&quot;:&quot;3.85&quot;,&quot;iso&quot;:&quot;101&quot;,&quot;shutter_speed&quot;:&quot;0.00068493150684932&quot;,&quot;title&quot;:&quot;&quot;,&quot;orientation&quot;:&quot;0&quot;}\" data-image-title=\"IMG_20170228_090252\" data-image-description=\"\" data-image-caption=\"\" data-medium-file=\"https:\/\/i0.wp.com\/genevieveetbernardauxameriques.fr\/wp-content\/uploads\/2017\/03\/IMG_20170228_090252.jpg?fit=300%2C225&amp;ssl=1\" data-large-file=\"https:\/\/i0.wp.com\/genevieveetbernardauxameriques.fr\/wp-content\/uploads\/2017\/03\/IMG_20170228_090252.jpg?fit=640%2C480&amp;ssl=1\" class=\"alignnone size-full wp-image-16450\" src=\"https:\/\/i0.wp.com\/genevieveetbernardauxameriques.fr\/wp-content\/uploads\/2017\/03\/IMG_20170228_090252.jpg?resize=640%2C480&#038;ssl=1\" alt=\"\" width=\"640\" height=\"480\" srcset=\"https:\/\/i0.wp.com\/genevieveetbernardauxameriques.fr\/wp-content\/uploads\/2017\/03\/IMG_20170228_090252.jpg?w=720&amp;ssl=1 720w, https:\/\/i0.wp.com\/genevieveetbernardauxameriques.fr\/wp-content\/uploads\/2017\/03\/IMG_20170228_090252.jpg?resize=300%2C225&amp;ssl=1 300w\" sizes=\"(max-width: 640px) 100vw, 640px\" data-recalc-dims=\"1\" \/><\/p>\n<p>&nbsp;<\/p>\n<p>Il est 18 h, on demande au Victor Hugo un garagiste, un taxi nous y emm\u00e8ne mais il n&rsquo;y a que le voisin qui nous dit qu&rsquo;il est parti faire une r\u00e9paration.<\/p>\n<p>On mange \u00e0 l&rsquo;h\u00f4tel d&rsquo;une assiette de grosses crevettes.<\/p>\n<p><strong>Samedi 25 FEVRIER<\/strong><\/p>\n<p>Je pars chez le garagiste \u00e0 pied, en me trompant et lorsque j&rsquo;y arrive, il me montre notre plaquette de freins qui est cass\u00e9e. Le voisin lui avait dit que nous \u00e9tions pass\u00e9s et il est venu directement nous voir.<\/p>\n<p>Je rentre et 1 h apr\u00e8s il revient pour faire la r\u00e9paration. Malheureusement en d\u00e9montant, il s&rsquo;aper\u00e7oit qu&rsquo;une autre pi\u00e8ce est cass\u00e9e et qu&rsquo;il faut aller la chercher dans la ville voisine \u00e0 \u00a0Manta \u00e0 1 h 30 de route. Du samedi au mercredi, c&rsquo;est le carnaval, tout est ferm\u00e9. Il nous dit :\u00a0pas de probl\u00e8me, il vous reste 3 freins. Bernard a beau lui dire que sans liquide de freins, il ne peut rouler, lui cela ne le d\u00e9range pas. On lui dit qu&rsquo;on pendra un taxi, \u00e0 moins que lui y aille. On lui donnera l&rsquo;argent du taxi 70$. C&rsquo;est d&rsquo;accord,\u00a0il ira \u00e0 la premi\u00e8re heure mercredi.<\/p>\n<p>Nous voil\u00e0 pour la premi\u00e8re fois immobilis\u00e9s mais devant la mer, tous les commerces \u00e0 disposition et le beau temps, peut \u00eatre m\u00eame un peu trop.<\/p>\n<p><strong>Dimanche lundi mardi<\/strong><\/p>\n<p>Nous ne ferons pas grand chose, si ce n&rsquo;est profiter de la plage. Nous avons une douche juste \u00e0 c\u00f4t\u00e9, car il nous faut \u00e9conomiser l&rsquo;eau nous ne pouvons plus d\u00e9placer le camper.<\/p>\n<p>Le matin nous allons \u00e0 l&rsquo;autre bout de la ville par le Malecon au march\u00e9 aux poissons. Les p\u00eacheurs vident leurs poissons sur la plage<\/p>\n<p>Les chalutiers ne pouvant venir sur la plage et comme il n&rsquo;y a pas de port, le poisson est d\u00e9charg\u00e9 dans des barques au loin puis elles viennent jusqu&rsquo;au sable o\u00f9 des camions les attendent sur la plage.<\/p>\n<p><img loading=\"lazy\" decoding=\"async\" data-attachment-id=\"16410\" data-permalink=\"https:\/\/genevieveetbernardauxameriques.fr\/index.php\/2017\/03\/15\/la-cote-pacifique-de-puerto-lopez-a-la-frontiere-colombienne\/p1070517\/\" data-orig-file=\"https:\/\/i0.wp.com\/genevieveetbernardauxameriques.fr\/wp-content\/uploads\/2017\/03\/P1070517.jpg?fit=640%2C480&amp;ssl=1\" data-orig-size=\"640,480\" data-comments-opened=\"1\" data-image-meta=\"{&quot;aperture&quot;:&quot;6.3&quot;,&quot;credit&quot;:&quot;&quot;,&quot;camera&quot;:&quot;DMC-TZ55&quot;,&quot;caption&quot;:&quot;&quot;,&quot;created_timestamp&quot;:&quot;1488313591&quot;,&quot;copyright&quot;:&quot;&quot;,&quot;focal_length&quot;:&quot;25.9&quot;,&quot;iso&quot;:&quot;100&quot;,&quot;shutter_speed&quot;:&quot;0.003125&quot;,&quot;title&quot;:&quot;&quot;,&quot;orientation&quot;:&quot;1&quot;}\" data-image-title=\"P1070517\" data-image-description=\"\" data-image-caption=\"\" data-medium-file=\"https:\/\/i0.wp.com\/genevieveetbernardauxameriques.fr\/wp-content\/uploads\/2017\/03\/P1070517.jpg?fit=300%2C225&amp;ssl=1\" data-large-file=\"https:\/\/i0.wp.com\/genevieveetbernardauxameriques.fr\/wp-content\/uploads\/2017\/03\/P1070517.jpg?fit=640%2C480&amp;ssl=1\" class=\"alignnone size-full wp-image-16410\" src=\"https:\/\/i0.wp.com\/genevieveetbernardauxameriques.fr\/wp-content\/uploads\/2017\/03\/P1070517.jpg?resize=640%2C480&#038;ssl=1\" alt=\"\" width=\"640\" height=\"480\" srcset=\"https:\/\/i0.wp.com\/genevieveetbernardauxameriques.fr\/wp-content\/uploads\/2017\/03\/P1070517.jpg?w=640&amp;ssl=1 640w, https:\/\/i0.wp.com\/genevieveetbernardauxameriques.fr\/wp-content\/uploads\/2017\/03\/P1070517.jpg?resize=300%2C225&amp;ssl=1 300w\" sizes=\"(max-width: 640px) 100vw, 640px\" data-recalc-dims=\"1\" \/><img loading=\"lazy\" decoding=\"async\" data-attachment-id=\"16411\" data-permalink=\"https:\/\/genevieveetbernardauxameriques.fr\/index.php\/2017\/03\/15\/la-cote-pacifique-de-puerto-lopez-a-la-frontiere-colombienne\/p1070518\/\" data-orig-file=\"https:\/\/i0.wp.com\/genevieveetbernardauxameriques.fr\/wp-content\/uploads\/2017\/03\/P1070518.jpg?fit=640%2C480&amp;ssl=1\" data-orig-size=\"640,480\" data-comments-opened=\"1\" data-image-meta=\"{&quot;aperture&quot;:&quot;6.3&quot;,&quot;credit&quot;:&quot;&quot;,&quot;camera&quot;:&quot;DMC-TZ55&quot;,&quot;caption&quot;:&quot;&quot;,&quot;created_timestamp&quot;:&quot;1488313699&quot;,&quot;copyright&quot;:&quot;&quot;,&quot;focal_length&quot;:&quot;31.3&quot;,&quot;iso&quot;:&quot;100&quot;,&quot;shutter_speed&quot;:&quot;0.0025&quot;,&quot;title&quot;:&quot;&quot;,&quot;orientation&quot;:&quot;1&quot;}\" data-image-title=\"P1070518\" data-image-description=\"\" data-image-caption=\"\" data-medium-file=\"https:\/\/i0.wp.com\/genevieveetbernardauxameriques.fr\/wp-content\/uploads\/2017\/03\/P1070518.jpg?fit=300%2C225&amp;ssl=1\" data-large-file=\"https:\/\/i0.wp.com\/genevieveetbernardauxameriques.fr\/wp-content\/uploads\/2017\/03\/P1070518.jpg?fit=640%2C480&amp;ssl=1\" class=\"alignnone size-full wp-image-16411\" src=\"https:\/\/i0.wp.com\/genevieveetbernardauxameriques.fr\/wp-content\/uploads\/2017\/03\/P1070518.jpg?resize=640%2C480&#038;ssl=1\" alt=\"\" width=\"640\" height=\"480\" srcset=\"https:\/\/i0.wp.com\/genevieveetbernardauxameriques.fr\/wp-content\/uploads\/2017\/03\/P1070518.jpg?w=640&amp;ssl=1 640w, https:\/\/i0.wp.com\/genevieveetbernardauxameriques.fr\/wp-content\/uploads\/2017\/03\/P1070518.jpg?resize=300%2C225&amp;ssl=1 300w\" sizes=\"(max-width: 640px) 100vw, 640px\" data-recalc-dims=\"1\" \/> <img loading=\"lazy\" decoding=\"async\" data-attachment-id=\"16412\" data-permalink=\"https:\/\/genevieveetbernardauxameriques.fr\/index.php\/2017\/03\/15\/la-cote-pacifique-de-puerto-lopez-a-la-frontiere-colombienne\/p1070519\/\" data-orig-file=\"https:\/\/i0.wp.com\/genevieveetbernardauxameriques.fr\/wp-content\/uploads\/2017\/03\/P1070519-e1585761776245.jpg?fit=640%2C331&amp;ssl=1\" data-orig-size=\"640,331\" data-comments-opened=\"1\" data-image-meta=\"{&quot;aperture&quot;:&quot;6.2&quot;,&quot;credit&quot;:&quot;&quot;,&quot;camera&quot;:&quot;DMC-TZ55&quot;,&quot;caption&quot;:&quot;&quot;,&quot;created_timestamp&quot;:&quot;1488313750&quot;,&quot;copyright&quot;:&quot;&quot;,&quot;focal_length&quot;:&quot;77.4&quot;,&quot;iso&quot;:&quot;100&quot;,&quot;shutter_speed&quot;:&quot;0.00125&quot;,&quot;title&quot;:&quot;&quot;,&quot;orientation&quot;:&quot;1&quot;}\" data-image-title=\"P1070519\" data-image-description=\"\" data-image-caption=\"\" data-medium-file=\"https:\/\/i0.wp.com\/genevieveetbernardauxameriques.fr\/wp-content\/uploads\/2017\/03\/P1070519-e1585761776245.jpg?fit=300%2C155&amp;ssl=1\" data-large-file=\"https:\/\/i0.wp.com\/genevieveetbernardauxameriques.fr\/wp-content\/uploads\/2017\/03\/P1070519-e1585761776245.jpg?fit=640%2C331&amp;ssl=1\" class=\"alignnone size-full wp-image-16412\" src=\"https:\/\/i0.wp.com\/genevieveetbernardauxameriques.fr\/wp-content\/uploads\/2017\/03\/P1070519-e1585761776245.jpg?resize=640%2C331&#038;ssl=1\" alt=\"\" width=\"640\" height=\"331\" srcset=\"https:\/\/i0.wp.com\/genevieveetbernardauxameriques.fr\/wp-content\/uploads\/2017\/03\/P1070519-e1585761776245.jpg?w=640&amp;ssl=1 640w, https:\/\/i0.wp.com\/genevieveetbernardauxameriques.fr\/wp-content\/uploads\/2017\/03\/P1070519-e1585761776245.jpg?resize=300%2C155&amp;ssl=1 300w\" sizes=\"(max-width: 640px) 100vw, 640px\" data-recalc-dims=\"1\" \/><\/p>\n<p>les fr\u00e9gates profitent de l&rsquo;aubaine en plongeant en piqu\u00e9 pour voler un poisson<\/p>\n<p><img loading=\"lazy\" decoding=\"async\" data-attachment-id=\"16342\" data-permalink=\"https:\/\/genevieveetbernardauxameriques.fr\/index.php\/2017\/03\/15\/la-cote-pacifique-de-puerto-lopez-a-la-frontiere-colombienne\/p1070504-2\/\" data-orig-file=\"https:\/\/i0.wp.com\/genevieveetbernardauxameriques.fr\/wp-content\/uploads\/2017\/03\/P1070504.jpg?fit=720%2C540&amp;ssl=1\" data-orig-size=\"720,540\" data-comments-opened=\"1\" data-image-meta=\"{&quot;aperture&quot;:&quot;5.4&quot;,&quot;credit&quot;:&quot;&quot;,&quot;camera&quot;:&quot;DMC-TZ55&quot;,&quot;caption&quot;:&quot;&quot;,&quot;created_timestamp&quot;:&quot;1488045803&quot;,&quot;copyright&quot;:&quot;&quot;,&quot;focal_length&quot;:&quot;27.6&quot;,&quot;iso&quot;:&quot;100&quot;,&quot;shutter_speed&quot;:&quot;0.001&quot;,&quot;title&quot;:&quot;&quot;,&quot;orientation&quot;:&quot;1&quot;}\" data-image-title=\"P1070504\" data-image-description=\"\" data-image-caption=\"\" data-medium-file=\"https:\/\/i0.wp.com\/genevieveetbernardauxameriques.fr\/wp-content\/uploads\/2017\/03\/P1070504.jpg?fit=300%2C225&amp;ssl=1\" data-large-file=\"https:\/\/i0.wp.com\/genevieveetbernardauxameriques.fr\/wp-content\/uploads\/2017\/03\/P1070504.jpg?fit=640%2C480&amp;ssl=1\" class=\"alignnone size-full wp-image-16342\" src=\"https:\/\/i0.wp.com\/genevieveetbernardauxameriques.fr\/wp-content\/uploads\/2017\/03\/P1070504.jpg?resize=640%2C480&#038;ssl=1\" alt=\"\" width=\"640\" height=\"480\" srcset=\"https:\/\/i0.wp.com\/genevieveetbernardauxameriques.fr\/wp-content\/uploads\/2017\/03\/P1070504.jpg?w=720&amp;ssl=1 720w, https:\/\/i0.wp.com\/genevieveetbernardauxameriques.fr\/wp-content\/uploads\/2017\/03\/P1070504.jpg?resize=300%2C225&amp;ssl=1 300w\" sizes=\"(max-width: 640px) 100vw, 640px\" data-recalc-dims=\"1\" \/><a href=\"https:\/\/i0.wp.com\/genevieveetbernardauxameriques.fr\/wp-content\/uploads\/2017\/03\/P1070499.jpg?ssl=1\"><img loading=\"lazy\" decoding=\"async\" data-attachment-id=\"16338\" data-permalink=\"https:\/\/genevieveetbernardauxameriques.fr\/index.php\/2017\/03\/15\/la-cote-pacifique-de-puerto-lopez-a-la-frontiere-colombienne\/p1070499\/\" data-orig-file=\"https:\/\/i0.wp.com\/genevieveetbernardauxameriques.fr\/wp-content\/uploads\/2017\/03\/P1070499.jpg?fit=720%2C540&amp;ssl=1\" data-orig-size=\"720,540\" data-comments-opened=\"1\" data-image-meta=\"{&quot;aperture&quot;:&quot;6.3&quot;,&quot;credit&quot;:&quot;&quot;,&quot;camera&quot;:&quot;DMC-TZ55&quot;,&quot;caption&quot;:&quot;&quot;,&quot;created_timestamp&quot;:&quot;1488045603&quot;,&quot;copyright&quot;:&quot;&quot;,&quot;focal_length&quot;:&quot;17.1&quot;,&quot;iso&quot;:&quot;100&quot;,&quot;shutter_speed&quot;:&quot;0.0015625&quot;,&quot;title&quot;:&quot;&quot;,&quot;orientation&quot;:&quot;1&quot;}\" data-image-title=\"P1070499\" data-image-description=\"\" data-image-caption=\"\" data-medium-file=\"https:\/\/i0.wp.com\/genevieveetbernardauxameriques.fr\/wp-content\/uploads\/2017\/03\/P1070499.jpg?fit=300%2C225&amp;ssl=1\" data-large-file=\"https:\/\/i0.wp.com\/genevieveetbernardauxameriques.fr\/wp-content\/uploads\/2017\/03\/P1070499.jpg?fit=640%2C480&amp;ssl=1\" class=\"alignnone size-full wp-image-16338\" src=\"https:\/\/i0.wp.com\/genevieveetbernardauxameriques.fr\/wp-content\/uploads\/2017\/03\/P1070499.jpg?resize=640%2C480&#038;ssl=1\" alt=\"\" width=\"640\" height=\"480\" srcset=\"https:\/\/i0.wp.com\/genevieveetbernardauxameriques.fr\/wp-content\/uploads\/2017\/03\/P1070499.jpg?w=720&amp;ssl=1 720w, https:\/\/i0.wp.com\/genevieveetbernardauxameriques.fr\/wp-content\/uploads\/2017\/03\/P1070499.jpg?resize=300%2C225&amp;ssl=1 300w\" sizes=\"(max-width: 640px) 100vw, 640px\" data-recalc-dims=\"1\" \/><\/a> <a href=\"https:\/\/i0.wp.com\/genevieveetbernardauxameriques.fr\/wp-content\/uploads\/2017\/03\/P1070500.jpg?ssl=1\"><img loading=\"lazy\" decoding=\"async\" data-attachment-id=\"16339\" data-permalink=\"https:\/\/genevieveetbernardauxameriques.fr\/index.php\/2017\/03\/15\/la-cote-pacifique-de-puerto-lopez-a-la-frontiere-colombienne\/p1070500\/\" data-orig-file=\"https:\/\/i0.wp.com\/genevieveetbernardauxameriques.fr\/wp-content\/uploads\/2017\/03\/P1070500.jpg?fit=720%2C540&amp;ssl=1\" data-orig-size=\"720,540\" data-comments-opened=\"1\" data-image-meta=\"{&quot;aperture&quot;:&quot;6.3&quot;,&quot;credit&quot;:&quot;&quot;,&quot;camera&quot;:&quot;DMC-TZ55&quot;,&quot;caption&quot;:&quot;&quot;,&quot;created_timestamp&quot;:&quot;1488045638&quot;,&quot;copyright&quot;:&quot;&quot;,&quot;focal_length&quot;:&quot;17.1&quot;,&quot;iso&quot;:&quot;100&quot;,&quot;shutter_speed&quot;:&quot;0.0015625&quot;,&quot;title&quot;:&quot;&quot;,&quot;orientation&quot;:&quot;1&quot;}\" data-image-title=\"P1070500\" data-image-description=\"\" data-image-caption=\"\" data-medium-file=\"https:\/\/i0.wp.com\/genevieveetbernardauxameriques.fr\/wp-content\/uploads\/2017\/03\/P1070500.jpg?fit=300%2C225&amp;ssl=1\" data-large-file=\"https:\/\/i0.wp.com\/genevieveetbernardauxameriques.fr\/wp-content\/uploads\/2017\/03\/P1070500.jpg?fit=640%2C480&amp;ssl=1\" class=\"alignnone size-full wp-image-16339\" src=\"https:\/\/i0.wp.com\/genevieveetbernardauxameriques.fr\/wp-content\/uploads\/2017\/03\/P1070500.jpg?resize=640%2C480&#038;ssl=1\" alt=\"\" width=\"640\" height=\"480\" srcset=\"https:\/\/i0.wp.com\/genevieveetbernardauxameriques.fr\/wp-content\/uploads\/2017\/03\/P1070500.jpg?w=720&amp;ssl=1 720w, https:\/\/i0.wp.com\/genevieveetbernardauxameriques.fr\/wp-content\/uploads\/2017\/03\/P1070500.jpg?resize=300%2C225&amp;ssl=1 300w\" sizes=\"(max-width: 640px) 100vw, 640px\" data-recalc-dims=\"1\" \/><\/a> <a href=\"https:\/\/i0.wp.com\/genevieveetbernardauxameriques.fr\/wp-content\/uploads\/2017\/03\/P1070501.jpg?ssl=1\"><img loading=\"lazy\" decoding=\"async\" data-attachment-id=\"16340\" data-permalink=\"https:\/\/genevieveetbernardauxameriques.fr\/index.php\/2017\/03\/15\/la-cote-pacifique-de-puerto-lopez-a-la-frontiere-colombienne\/p1070501\/\" data-orig-file=\"https:\/\/i0.wp.com\/genevieveetbernardauxameriques.fr\/wp-content\/uploads\/2017\/03\/P1070501.jpg?fit=720%2C540&amp;ssl=1\" data-orig-size=\"720,540\" data-comments-opened=\"1\" data-image-meta=\"{&quot;aperture&quot;:&quot;6.3&quot;,&quot;credit&quot;:&quot;&quot;,&quot;camera&quot;:&quot;DMC-TZ55&quot;,&quot;caption&quot;:&quot;&quot;,&quot;created_timestamp&quot;:&quot;1488045671&quot;,&quot;copyright&quot;:&quot;&quot;,&quot;focal_length&quot;:&quot;17.1&quot;,&quot;iso&quot;:&quot;100&quot;,&quot;shutter_speed&quot;:&quot;0.00125&quot;,&quot;title&quot;:&quot;&quot;,&quot;orientation&quot;:&quot;1&quot;}\" data-image-title=\"P1070501\" data-image-description=\"\" data-image-caption=\"\" data-medium-file=\"https:\/\/i0.wp.com\/genevieveetbernardauxameriques.fr\/wp-content\/uploads\/2017\/03\/P1070501.jpg?fit=300%2C225&amp;ssl=1\" data-large-file=\"https:\/\/i0.wp.com\/genevieveetbernardauxameriques.fr\/wp-content\/uploads\/2017\/03\/P1070501.jpg?fit=640%2C480&amp;ssl=1\" class=\"alignnone size-full wp-image-16340\" src=\"https:\/\/i0.wp.com\/genevieveetbernardauxameriques.fr\/wp-content\/uploads\/2017\/03\/P1070501.jpg?resize=640%2C480&#038;ssl=1\" alt=\"\" width=\"640\" height=\"480\" srcset=\"https:\/\/i0.wp.com\/genevieveetbernardauxameriques.fr\/wp-content\/uploads\/2017\/03\/P1070501.jpg?w=720&amp;ssl=1 720w, https:\/\/i0.wp.com\/genevieveetbernardauxameriques.fr\/wp-content\/uploads\/2017\/03\/P1070501.jpg?resize=300%2C225&amp;ssl=1 300w\" sizes=\"(max-width: 640px) 100vw, 640px\" data-recalc-dims=\"1\" \/><\/a><a href=\"https:\/\/i0.wp.com\/genevieveetbernardauxameriques.fr\/wp-content\/uploads\/2017\/03\/P1070503.jpg?ssl=1\"><img loading=\"lazy\" decoding=\"async\" data-attachment-id=\"16341\" data-permalink=\"https:\/\/genevieveetbernardauxameriques.fr\/index.php\/2017\/03\/15\/la-cote-pacifique-de-puerto-lopez-a-la-frontiere-colombienne\/p1070503\/\" data-orig-file=\"https:\/\/i0.wp.com\/genevieveetbernardauxameriques.fr\/wp-content\/uploads\/2017\/03\/P1070503.jpg?fit=720%2C540&amp;ssl=1\" data-orig-size=\"720,540\" data-comments-opened=\"1\" data-image-meta=\"{&quot;aperture&quot;:&quot;3.3&quot;,&quot;credit&quot;:&quot;&quot;,&quot;camera&quot;:&quot;DMC-TZ55&quot;,&quot;caption&quot;:&quot;&quot;,&quot;created_timestamp&quot;:&quot;1488045742&quot;,&quot;copyright&quot;:&quot;&quot;,&quot;focal_length&quot;:&quot;4.3&quot;,&quot;iso&quot;:&quot;100&quot;,&quot;shutter_speed&quot;:&quot;0.005&quot;,&quot;title&quot;:&quot;&quot;,&quot;orientation&quot;:&quot;1&quot;}\" data-image-title=\"P1070503\" data-image-description=\"\" data-image-caption=\"\" data-medium-file=\"https:\/\/i0.wp.com\/genevieveetbernardauxameriques.fr\/wp-content\/uploads\/2017\/03\/P1070503.jpg?fit=300%2C225&amp;ssl=1\" data-large-file=\"https:\/\/i0.wp.com\/genevieveetbernardauxameriques.fr\/wp-content\/uploads\/2017\/03\/P1070503.jpg?fit=640%2C480&amp;ssl=1\" class=\"alignnone size-full wp-image-16341\" src=\"https:\/\/i0.wp.com\/genevieveetbernardauxameriques.fr\/wp-content\/uploads\/2017\/03\/P1070503.jpg?resize=640%2C480&#038;ssl=1\" alt=\"\" width=\"640\" height=\"480\" srcset=\"https:\/\/i0.wp.com\/genevieveetbernardauxameriques.fr\/wp-content\/uploads\/2017\/03\/P1070503.jpg?w=720&amp;ssl=1 720w, https:\/\/i0.wp.com\/genevieveetbernardauxameriques.fr\/wp-content\/uploads\/2017\/03\/P1070503.jpg?resize=300%2C225&amp;ssl=1 300w\" sizes=\"(max-width: 640px) 100vw, 640px\" data-recalc-dims=\"1\" \/><\/a><\/p>\n<p>Nous achetons un jour des calamars, des petits thons et surtout on fera une cure d&rsquo;\u00e9normes gambas.<\/p>\n<p><a href=\"https:\/\/i0.wp.com\/genevieveetbernardauxameriques.fr\/wp-content\/uploads\/2017\/03\/P1070515.jpg?ssl=1\"><img loading=\"lazy\" decoding=\"async\" data-attachment-id=\"16408\" data-permalink=\"https:\/\/genevieveetbernardauxameriques.fr\/index.php\/2017\/03\/15\/la-cote-pacifique-de-puerto-lopez-a-la-frontiere-colombienne\/p1070515\/\" data-orig-file=\"https:\/\/i0.wp.com\/genevieveetbernardauxameriques.fr\/wp-content\/uploads\/2017\/03\/P1070515.jpg?fit=640%2C480&amp;ssl=1\" data-orig-size=\"640,480\" data-comments-opened=\"1\" data-image-meta=\"{&quot;aperture&quot;:&quot;5.6&quot;,&quot;credit&quot;:&quot;&quot;,&quot;camera&quot;:&quot;DMC-TZ55&quot;,&quot;caption&quot;:&quot;&quot;,&quot;created_timestamp&quot;:&quot;1488313447&quot;,&quot;copyright&quot;:&quot;&quot;,&quot;focal_length&quot;:&quot;11.7&quot;,&quot;iso&quot;:&quot;100&quot;,&quot;shutter_speed&quot;:&quot;0.0015625&quot;,&quot;title&quot;:&quot;&quot;,&quot;orientation&quot;:&quot;1&quot;}\" data-image-title=\"P1070515\" data-image-description=\"\" data-image-caption=\"\" data-medium-file=\"https:\/\/i0.wp.com\/genevieveetbernardauxameriques.fr\/wp-content\/uploads\/2017\/03\/P1070515.jpg?fit=300%2C225&amp;ssl=1\" data-large-file=\"https:\/\/i0.wp.com\/genevieveetbernardauxameriques.fr\/wp-content\/uploads\/2017\/03\/P1070515.jpg?fit=640%2C480&amp;ssl=1\" class=\"alignnone size-full wp-image-16408\" src=\"https:\/\/i0.wp.com\/genevieveetbernardauxameriques.fr\/wp-content\/uploads\/2017\/03\/P1070515.jpg?resize=640%2C480&#038;ssl=1\" alt=\"\" width=\"640\" height=\"480\" srcset=\"https:\/\/i0.wp.com\/genevieveetbernardauxameriques.fr\/wp-content\/uploads\/2017\/03\/P1070515.jpg?w=640&amp;ssl=1 640w, https:\/\/i0.wp.com\/genevieveetbernardauxameriques.fr\/wp-content\/uploads\/2017\/03\/P1070515.jpg?resize=300%2C225&amp;ssl=1 300w\" sizes=\"(max-width: 640px) 100vw, 640px\" data-recalc-dims=\"1\" \/><\/a><\/p>\n<p>Nous mangeons un midi sur un petit stand directement au march\u00e9.<\/p>\n<p><a href=\"https:\/\/i0.wp.com\/genevieveetbernardauxameriques.fr\/wp-content\/uploads\/2017\/03\/P1070514.jpg?ssl=1\"><img loading=\"lazy\" decoding=\"async\" data-attachment-id=\"16407\" data-permalink=\"https:\/\/genevieveetbernardauxameriques.fr\/index.php\/2017\/03\/15\/la-cote-pacifique-de-puerto-lopez-a-la-frontiere-colombienne\/p1070514\/\" data-orig-file=\"https:\/\/i0.wp.com\/genevieveetbernardauxameriques.fr\/wp-content\/uploads\/2017\/03\/P1070514.jpg?fit=640%2C480&amp;ssl=1\" data-orig-size=\"640,480\" data-comments-opened=\"1\" data-image-meta=\"{&quot;aperture&quot;:&quot;4&quot;,&quot;credit&quot;:&quot;&quot;,&quot;camera&quot;:&quot;DMC-TZ55&quot;,&quot;caption&quot;:&quot;&quot;,&quot;created_timestamp&quot;:&quot;1488313408&quot;,&quot;copyright&quot;:&quot;&quot;,&quot;focal_length&quot;:&quot;4.3&quot;,&quot;iso&quot;:&quot;400&quot;,&quot;shutter_speed&quot;:&quot;0.002&quot;,&quot;title&quot;:&quot;&quot;,&quot;orientation&quot;:&quot;1&quot;}\" data-image-title=\"P1070514\" data-image-description=\"\" data-image-caption=\"\" data-medium-file=\"https:\/\/i0.wp.com\/genevieveetbernardauxameriques.fr\/wp-content\/uploads\/2017\/03\/P1070514.jpg?fit=300%2C225&amp;ssl=1\" data-large-file=\"https:\/\/i0.wp.com\/genevieveetbernardauxameriques.fr\/wp-content\/uploads\/2017\/03\/P1070514.jpg?fit=640%2C480&amp;ssl=1\" class=\"alignnone size-full wp-image-16407\" src=\"https:\/\/i0.wp.com\/genevieveetbernardauxameriques.fr\/wp-content\/uploads\/2017\/03\/P1070514.jpg?resize=640%2C480&#038;ssl=1\" alt=\"\" width=\"640\" height=\"480\" srcset=\"https:\/\/i0.wp.com\/genevieveetbernardauxameriques.fr\/wp-content\/uploads\/2017\/03\/P1070514.jpg?w=640&amp;ssl=1 640w, https:\/\/i0.wp.com\/genevieveetbernardauxameriques.fr\/wp-content\/uploads\/2017\/03\/P1070514.jpg?resize=300%2C225&amp;ssl=1 300w\" sizes=\"(max-width: 640px) 100vw, 640px\" data-recalc-dims=\"1\" \/><\/a> <a href=\"https:\/\/i0.wp.com\/genevieveetbernardauxameriques.fr\/wp-content\/uploads\/2017\/03\/P1070513.jpg?ssl=1\"><img loading=\"lazy\" decoding=\"async\" data-attachment-id=\"16406\" data-permalink=\"https:\/\/genevieveetbernardauxameriques.fr\/index.php\/2017\/03\/15\/la-cote-pacifique-de-puerto-lopez-a-la-frontiere-colombienne\/p1070513\/\" data-orig-file=\"https:\/\/i0.wp.com\/genevieveetbernardauxameriques.fr\/wp-content\/uploads\/2017\/03\/P1070513.jpg?fit=640%2C480&amp;ssl=1\" data-orig-size=\"640,480\" data-comments-opened=\"1\" data-image-meta=\"{&quot;aperture&quot;:&quot;5.3&quot;,&quot;credit&quot;:&quot;&quot;,&quot;camera&quot;:&quot;DMC-TZ55&quot;,&quot;caption&quot;:&quot;&quot;,&quot;created_timestamp&quot;:&quot;1488313101&quot;,&quot;copyright&quot;:&quot;&quot;,&quot;focal_length&quot;:&quot;17.1&quot;,&quot;iso&quot;:&quot;100&quot;,&quot;shutter_speed&quot;:&quot;0.008&quot;,&quot;title&quot;:&quot;&quot;,&quot;orientation&quot;:&quot;1&quot;}\" data-image-title=\"P1070513\" data-image-description=\"\" data-image-caption=\"\" data-medium-file=\"https:\/\/i0.wp.com\/genevieveetbernardauxameriques.fr\/wp-content\/uploads\/2017\/03\/P1070513.jpg?fit=300%2C225&amp;ssl=1\" data-large-file=\"https:\/\/i0.wp.com\/genevieveetbernardauxameriques.fr\/wp-content\/uploads\/2017\/03\/P1070513.jpg?fit=640%2C480&amp;ssl=1\" class=\"alignnone size-full wp-image-16406\" src=\"https:\/\/i0.wp.com\/genevieveetbernardauxameriques.fr\/wp-content\/uploads\/2017\/03\/P1070513.jpg?resize=640%2C480&#038;ssl=1\" alt=\"\" width=\"640\" height=\"480\" srcset=\"https:\/\/i0.wp.com\/genevieveetbernardauxameriques.fr\/wp-content\/uploads\/2017\/03\/P1070513.jpg?w=640&amp;ssl=1 640w, https:\/\/i0.wp.com\/genevieveetbernardauxameriques.fr\/wp-content\/uploads\/2017\/03\/P1070513.jpg?resize=300%2C225&amp;ssl=1 300w\" sizes=\"(max-width: 640px) 100vw, 640px\" data-recalc-dims=\"1\" \/><\/a> \u00a0<a href=\"https:\/\/i0.wp.com\/genevieveetbernardauxameriques.fr\/wp-content\/uploads\/2017\/03\/P1070511.jpg?ssl=1\"><img loading=\"lazy\" decoding=\"async\" data-attachment-id=\"16404\" data-permalink=\"https:\/\/genevieveetbernardauxameriques.fr\/index.php\/2017\/03\/15\/la-cote-pacifique-de-puerto-lopez-a-la-frontiere-colombienne\/p1070511\/\" data-orig-file=\"https:\/\/i0.wp.com\/genevieveetbernardauxameriques.fr\/wp-content\/uploads\/2017\/03\/P1070511.jpg?fit=640%2C480&amp;ssl=1\" data-orig-size=\"640,480\" data-comments-opened=\"1\" data-image-meta=\"{&quot;aperture&quot;:&quot;5.2&quot;,&quot;credit&quot;:&quot;&quot;,&quot;camera&quot;:&quot;DMC-TZ55&quot;,&quot;caption&quot;:&quot;&quot;,&quot;created_timestamp&quot;:&quot;1488313054&quot;,&quot;copyright&quot;:&quot;&quot;,&quot;focal_length&quot;:&quot;15.1&quot;,&quot;iso&quot;:&quot;100&quot;,&quot;shutter_speed&quot;:&quot;0.01&quot;,&quot;title&quot;:&quot;&quot;,&quot;orientation&quot;:&quot;1&quot;}\" data-image-title=\"P1070511\" data-image-description=\"\" data-image-caption=\"\" data-medium-file=\"https:\/\/i0.wp.com\/genevieveetbernardauxameriques.fr\/wp-content\/uploads\/2017\/03\/P1070511.jpg?fit=300%2C225&amp;ssl=1\" data-large-file=\"https:\/\/i0.wp.com\/genevieveetbernardauxameriques.fr\/wp-content\/uploads\/2017\/03\/P1070511.jpg?fit=640%2C480&amp;ssl=1\" class=\"wp-image-16404 aligncenter\" src=\"https:\/\/i0.wp.com\/genevieveetbernardauxameriques.fr\/wp-content\/uploads\/2017\/03\/P1070511.jpg?resize=496%2C372&#038;ssl=1\" alt=\"\" width=\"496\" height=\"372\" srcset=\"https:\/\/i0.wp.com\/genevieveetbernardauxameriques.fr\/wp-content\/uploads\/2017\/03\/P1070511.jpg?w=640&amp;ssl=1 640w, https:\/\/i0.wp.com\/genevieveetbernardauxameriques.fr\/wp-content\/uploads\/2017\/03\/P1070511.jpg?resize=300%2C225&amp;ssl=1 300w\" sizes=\"(max-width: 496px) 100vw, 496px\" data-recalc-dims=\"1\" \/><\/a> <a href=\"https:\/\/i0.wp.com\/genevieveetbernardauxameriques.fr\/wp-content\/uploads\/2017\/03\/P1070507.jpg?ssl=1\"><img loading=\"lazy\" decoding=\"async\" data-attachment-id=\"16402\" data-permalink=\"https:\/\/genevieveetbernardauxameriques.fr\/index.php\/2017\/03\/15\/la-cote-pacifique-de-puerto-lopez-a-la-frontiere-colombienne\/p1070507\/\" data-orig-file=\"https:\/\/i0.wp.com\/genevieveetbernardauxameriques.fr\/wp-content\/uploads\/2017\/03\/P1070507.jpg?fit=640%2C480&amp;ssl=1\" data-orig-size=\"640,480\" data-comments-opened=\"1\" data-image-meta=\"{&quot;aperture&quot;:&quot;3.3&quot;,&quot;credit&quot;:&quot;&quot;,&quot;camera&quot;:&quot;DMC-TZ55&quot;,&quot;caption&quot;:&quot;&quot;,&quot;created_timestamp&quot;:&quot;1488312965&quot;,&quot;copyright&quot;:&quot;&quot;,&quot;focal_length&quot;:&quot;4.3&quot;,&quot;iso&quot;:&quot;100&quot;,&quot;shutter_speed&quot;:&quot;0.003125&quot;,&quot;title&quot;:&quot;&quot;,&quot;orientation&quot;:&quot;1&quot;}\" data-image-title=\"P1070507\" data-image-description=\"\" data-image-caption=\"\" data-medium-file=\"https:\/\/i0.wp.com\/genevieveetbernardauxameriques.fr\/wp-content\/uploads\/2017\/03\/P1070507.jpg?fit=300%2C225&amp;ssl=1\" data-large-file=\"https:\/\/i0.wp.com\/genevieveetbernardauxameriques.fr\/wp-content\/uploads\/2017\/03\/P1070507.jpg?fit=640%2C480&amp;ssl=1\" class=\"alignnone size-full wp-image-16402\" src=\"https:\/\/i0.wp.com\/genevieveetbernardauxameriques.fr\/wp-content\/uploads\/2017\/03\/P1070507.jpg?resize=640%2C480&#038;ssl=1\" alt=\"\" width=\"640\" height=\"480\" srcset=\"https:\/\/i0.wp.com\/genevieveetbernardauxameriques.fr\/wp-content\/uploads\/2017\/03\/P1070507.jpg?w=640&amp;ssl=1 640w, https:\/\/i0.wp.com\/genevieveetbernardauxameriques.fr\/wp-content\/uploads\/2017\/03\/P1070507.jpg?resize=300%2C225&amp;ssl=1 300w\" sizes=\"(max-width: 640px) 100vw, 640px\" data-recalc-dims=\"1\" \/><\/a><img loading=\"lazy\" decoding=\"async\" data-attachment-id=\"16405\" data-permalink=\"https:\/\/genevieveetbernardauxameriques.fr\/index.php\/2017\/03\/15\/la-cote-pacifique-de-puerto-lopez-a-la-frontiere-colombienne\/p1070512\/\" data-orig-file=\"https:\/\/i0.wp.com\/genevieveetbernardauxameriques.fr\/wp-content\/uploads\/2017\/03\/P1070512.jpg?fit=640%2C480&amp;ssl=1\" data-orig-size=\"640,480\" data-comments-opened=\"1\" data-image-meta=\"{&quot;aperture&quot;:&quot;4&quot;,&quot;credit&quot;:&quot;&quot;,&quot;camera&quot;:&quot;DMC-TZ55&quot;,&quot;caption&quot;:&quot;&quot;,&quot;created_timestamp&quot;:&quot;1488313081&quot;,&quot;copyright&quot;:&quot;&quot;,&quot;focal_length&quot;:&quot;4.3&quot;,&quot;iso&quot;:&quot;100&quot;,&quot;shutter_speed&quot;:&quot;0.00625&quot;,&quot;title&quot;:&quot;&quot;,&quot;orientation&quot;:&quot;1&quot;}\" data-image-title=\"P1070512\" data-image-description=\"\" data-image-caption=\"\" data-medium-file=\"https:\/\/i0.wp.com\/genevieveetbernardauxameriques.fr\/wp-content\/uploads\/2017\/03\/P1070512.jpg?fit=300%2C225&amp;ssl=1\" data-large-file=\"https:\/\/i0.wp.com\/genevieveetbernardauxameriques.fr\/wp-content\/uploads\/2017\/03\/P1070512.jpg?fit=640%2C480&amp;ssl=1\" class=\"alignnone size-full wp-image-16405\" src=\"https:\/\/i0.wp.com\/genevieveetbernardauxameriques.fr\/wp-content\/uploads\/2017\/03\/P1070512.jpg?resize=640%2C480&#038;ssl=1\" alt=\"\" width=\"640\" height=\"480\" srcset=\"https:\/\/i0.wp.com\/genevieveetbernardauxameriques.fr\/wp-content\/uploads\/2017\/03\/P1070512.jpg?w=640&amp;ssl=1 640w, https:\/\/i0.wp.com\/genevieveetbernardauxameriques.fr\/wp-content\/uploads\/2017\/03\/P1070512.jpg?resize=300%2C225&amp;ssl=1 300w\" sizes=\"(max-width: 640px) 100vw, 640px\" data-recalc-dims=\"1\" \/><\/p>\n<p>Tous les soirs nous assistons \u00e0 un coucher de soleil spectaculaire<\/p>\n<p><a href=\"https:\/\/i0.wp.com\/genevieveetbernardauxameriques.fr\/wp-content\/uploads\/2017\/02\/DSCN7837.jpg?ssl=1\"><img loading=\"lazy\" decoding=\"async\" data-attachment-id=\"16310\" data-permalink=\"https:\/\/genevieveetbernardauxameriques.fr\/index.php\/2017\/03\/05\/de-banos-au-volcan-cotopaxi-en-passant-par-loriente\/dscn7837\/\" data-orig-file=\"https:\/\/i0.wp.com\/genevieveetbernardauxameriques.fr\/wp-content\/uploads\/2017\/02\/DSCN7837.jpg?fit=720%2C540&amp;ssl=1\" data-orig-size=\"720,540\" data-comments-opened=\"1\" data-image-meta=\"{&quot;aperture&quot;:&quot;3.2&quot;,&quot;credit&quot;:&quot;&quot;,&quot;camera&quot;:&quot;COOLPIX P900&quot;,&quot;caption&quot;:&quot;&quot;,&quot;created_timestamp&quot;:&quot;1488073595&quot;,&quot;copyright&quot;:&quot;&quot;,&quot;focal_length&quot;:&quot;8.4&quot;,&quot;iso&quot;:&quot;100&quot;,&quot;shutter_speed&quot;:&quot;0.016666666666667&quot;,&quot;title&quot;:&quot;&quot;,&quot;orientation&quot;:&quot;1&quot;}\" data-image-title=\"DSCN7837\" data-image-description=\"\" data-image-caption=\"\" data-medium-file=\"https:\/\/i0.wp.com\/genevieveetbernardauxameriques.fr\/wp-content\/uploads\/2017\/02\/DSCN7837.jpg?fit=300%2C225&amp;ssl=1\" data-large-file=\"https:\/\/i0.wp.com\/genevieveetbernardauxameriques.fr\/wp-content\/uploads\/2017\/02\/DSCN7837.jpg?fit=640%2C480&amp;ssl=1\" class=\"alignnone size-full wp-image-16310\" src=\"https:\/\/i0.wp.com\/genevieveetbernardauxameriques.fr\/wp-content\/uploads\/2017\/02\/DSCN7837.jpg?resize=640%2C480&#038;ssl=1\" alt=\"\" width=\"640\" height=\"480\" srcset=\"https:\/\/i0.wp.com\/genevieveetbernardauxameriques.fr\/wp-content\/uploads\/2017\/02\/DSCN7837.jpg?w=720&amp;ssl=1 720w, https:\/\/i0.wp.com\/genevieveetbernardauxameriques.fr\/wp-content\/uploads\/2017\/02\/DSCN7837.jpg?resize=300%2C225&amp;ssl=1 300w\" sizes=\"(max-width: 640px) 100vw, 640px\" data-recalc-dims=\"1\" \/><\/a> <a href=\"https:\/\/i0.wp.com\/genevieveetbernardauxameriques.fr\/wp-content\/uploads\/2017\/02\/DSCN7840.jpg?ssl=1\"><img loading=\"lazy\" decoding=\"async\" data-attachment-id=\"16311\" data-permalink=\"https:\/\/genevieveetbernardauxameriques.fr\/index.php\/2017\/03\/05\/de-banos-au-volcan-cotopaxi-en-passant-par-loriente\/dscn7840\/\" data-orig-file=\"https:\/\/i0.wp.com\/genevieveetbernardauxameriques.fr\/wp-content\/uploads\/2017\/02\/DSCN7840.jpg?fit=720%2C540&amp;ssl=1\" data-orig-size=\"720,540\" data-comments-opened=\"1\" data-image-meta=\"{&quot;aperture&quot;:&quot;4&quot;,&quot;credit&quot;:&quot;&quot;,&quot;camera&quot;:&quot;COOLPIX P900&quot;,&quot;caption&quot;:&quot;&quot;,&quot;created_timestamp&quot;:&quot;1488160028&quot;,&quot;copyright&quot;:&quot;&quot;,&quot;focal_length&quot;:&quot;15.2&quot;,&quot;iso&quot;:&quot;400&quot;,&quot;shutter_speed&quot;:&quot;0.02&quot;,&quot;title&quot;:&quot;&quot;,&quot;orientation&quot;:&quot;1&quot;}\" data-image-title=\"DSCN7840\" data-image-description=\"\" data-image-caption=\"\" data-medium-file=\"https:\/\/i0.wp.com\/genevieveetbernardauxameriques.fr\/wp-content\/uploads\/2017\/02\/DSCN7840.jpg?fit=300%2C225&amp;ssl=1\" data-large-file=\"https:\/\/i0.wp.com\/genevieveetbernardauxameriques.fr\/wp-content\/uploads\/2017\/02\/DSCN7840.jpg?fit=640%2C480&amp;ssl=1\" class=\"alignnone size-full wp-image-16311\" src=\"https:\/\/i0.wp.com\/genevieveetbernardauxameriques.fr\/wp-content\/uploads\/2017\/02\/DSCN7840.jpg?resize=640%2C480&#038;ssl=1\" alt=\"\" width=\"640\" height=\"480\" srcset=\"https:\/\/i0.wp.com\/genevieveetbernardauxameriques.fr\/wp-content\/uploads\/2017\/02\/DSCN7840.jpg?w=720&amp;ssl=1 720w, https:\/\/i0.wp.com\/genevieveetbernardauxameriques.fr\/wp-content\/uploads\/2017\/02\/DSCN7840.jpg?resize=300%2C225&amp;ssl=1 300w\" sizes=\"(max-width: 640px) 100vw, 640px\" data-recalc-dims=\"1\" \/><\/a><\/p>\n<p>J&rsquo;irai une jour\u00a0en excursion sur l&rsquo;<strong>\u00eele de la Plata.<\/strong> Mais je n&rsquo;ai pas bien choisi mon jour car il a plu dans la nuit. Bernard ne veut pas m&rsquo;accompagner.<\/p>\n<p>On part \u00e0 16 dans un bateau \u00e0 moteur avec 2 guides. 7 Canadiens (d&rsquo;une soixantaine d&rsquo;ann\u00e9es) 4 jeunes Fran\u00e7ais, 2 Argentins, 2 Am\u00e9ricains et moi. Une\u00a0heure plus tard, nous arrivons. Les jeunes partent d&rsquo;un c\u00f4t\u00e9 et moi je vais avec les Canadiens.<\/p>\n<p>Le chemin est boueux et la verdure nous g\u00eane un peu pour marcher. On va prendre le sentier Punta Manchete pendant 2 heures. Mais nous ne verrons que des fous \u00e0 pattes bleues, pas de fr\u00e9gates (ce n&rsquo;est pas la saison des amours, (aux Galapagos non plus mais il y en avait plein) pas de lion de mer. Je suis un peu d\u00e9\u00e7ue, je vais m\u00eame faire une chute dans la boue au retour. J&rsquo;apprendrai 2 jours plus tard, que sur un autre sentier il y avait des fr\u00e9gates m\u00e2les avec le cou gonfl\u00e9. Je pense que nous n&rsquo;avions pas un tr\u00e8s bon guide.<\/p>\n<p><a href=\"https:\/\/i0.wp.com\/genevieveetbernardauxameriques.fr\/wp-content\/uploads\/2017\/03\/DSCN7877.jpg?ssl=1\"><img loading=\"lazy\" decoding=\"async\" data-attachment-id=\"16361\" data-permalink=\"https:\/\/genevieveetbernardauxameriques.fr\/index.php\/2017\/03\/15\/la-cote-pacifique-de-puerto-lopez-a-la-frontiere-colombienne\/dscn7877\/\" data-orig-file=\"https:\/\/i0.wp.com\/genevieveetbernardauxameriques.fr\/wp-content\/uploads\/2017\/03\/DSCN7877.jpg?fit=720%2C540&amp;ssl=1\" data-orig-size=\"720,540\" data-comments-opened=\"1\" data-image-meta=\"{&quot;aperture&quot;:&quot;2.8&quot;,&quot;credit&quot;:&quot;&quot;,&quot;camera&quot;:&quot;COOLPIX P900&quot;,&quot;caption&quot;:&quot;&quot;,&quot;created_timestamp&quot;:&quot;1488399870&quot;,&quot;copyright&quot;:&quot;&quot;,&quot;focal_length&quot;:&quot;4.3&quot;,&quot;iso&quot;:&quot;100&quot;,&quot;shutter_speed&quot;:&quot;0.008&quot;,&quot;title&quot;:&quot;&quot;,&quot;orientation&quot;:&quot;1&quot;}\" data-image-title=\"DSCN7877\" data-image-description=\"\" data-image-caption=\"\" data-medium-file=\"https:\/\/i0.wp.com\/genevieveetbernardauxameriques.fr\/wp-content\/uploads\/2017\/03\/DSCN7877.jpg?fit=300%2C225&amp;ssl=1\" data-large-file=\"https:\/\/i0.wp.com\/genevieveetbernardauxameriques.fr\/wp-content\/uploads\/2017\/03\/DSCN7877.jpg?fit=640%2C480&amp;ssl=1\" class=\"alignnone size-full wp-image-16361\" src=\"https:\/\/i0.wp.com\/genevieveetbernardauxameriques.fr\/wp-content\/uploads\/2017\/03\/DSCN7877.jpg?resize=640%2C480&#038;ssl=1\" alt=\"\" width=\"640\" height=\"480\" srcset=\"https:\/\/i0.wp.com\/genevieveetbernardauxameriques.fr\/wp-content\/uploads\/2017\/03\/DSCN7877.jpg?w=720&amp;ssl=1 720w, https:\/\/i0.wp.com\/genevieveetbernardauxameriques.fr\/wp-content\/uploads\/2017\/03\/DSCN7877.jpg?resize=300%2C225&amp;ssl=1 300w\" sizes=\"(max-width: 640px) 100vw, 640px\" data-recalc-dims=\"1\" \/><\/a><a href=\"https:\/\/i0.wp.com\/genevieveetbernardauxameriques.fr\/wp-content\/uploads\/2017\/03\/DSCN7866.jpg?ssl=1\"><img loading=\"lazy\" decoding=\"async\" data-attachment-id=\"16351\" data-permalink=\"https:\/\/genevieveetbernardauxameriques.fr\/index.php\/2017\/03\/15\/la-cote-pacifique-de-puerto-lopez-a-la-frontiere-colombienne\/dscn7866\/\" data-orig-file=\"https:\/\/i0.wp.com\/genevieveetbernardauxameriques.fr\/wp-content\/uploads\/2017\/03\/DSCN7866.jpg?fit=720%2C540&amp;ssl=1\" data-orig-size=\"720,540\" data-comments-opened=\"1\" data-image-meta=\"{&quot;aperture&quot;:&quot;3.2&quot;,&quot;credit&quot;:&quot;&quot;,&quot;camera&quot;:&quot;COOLPIX P900&quot;,&quot;caption&quot;:&quot;&quot;,&quot;created_timestamp&quot;:&quot;1488396677&quot;,&quot;copyright&quot;:&quot;&quot;,&quot;focal_length&quot;:&quot;4.3&quot;,&quot;iso&quot;:&quot;100&quot;,&quot;shutter_speed&quot;:&quot;0.0005&quot;,&quot;title&quot;:&quot;&quot;,&quot;orientation&quot;:&quot;1&quot;}\" data-image-title=\"DSCN7866\" data-image-description=\"\" data-image-caption=\"\" data-medium-file=\"https:\/\/i0.wp.com\/genevieveetbernardauxameriques.fr\/wp-content\/uploads\/2017\/03\/DSCN7866.jpg?fit=300%2C225&amp;ssl=1\" data-large-file=\"https:\/\/i0.wp.com\/genevieveetbernardauxameriques.fr\/wp-content\/uploads\/2017\/03\/DSCN7866.jpg?fit=640%2C480&amp;ssl=1\" class=\"alignnone size-full wp-image-16351\" src=\"https:\/\/i0.wp.com\/genevieveetbernardauxameriques.fr\/wp-content\/uploads\/2017\/03\/DSCN7866.jpg?resize=640%2C480&#038;ssl=1\" alt=\"\" width=\"640\" height=\"480\" srcset=\"https:\/\/i0.wp.com\/genevieveetbernardauxameriques.fr\/wp-content\/uploads\/2017\/03\/DSCN7866.jpg?w=720&amp;ssl=1 720w, https:\/\/i0.wp.com\/genevieveetbernardauxameriques.fr\/wp-content\/uploads\/2017\/03\/DSCN7866.jpg?resize=300%2C225&amp;ssl=1 300w\" sizes=\"(max-width: 640px) 100vw, 640px\" data-recalc-dims=\"1\" \/><\/a> <a href=\"https:\/\/i0.wp.com\/genevieveetbernardauxameriques.fr\/wp-content\/uploads\/2017\/03\/DSCN7867.jpg?ssl=1\"><img loading=\"lazy\" decoding=\"async\" data-attachment-id=\"16352\" data-permalink=\"https:\/\/genevieveetbernardauxameriques.fr\/index.php\/2017\/03\/15\/la-cote-pacifique-de-puerto-lopez-a-la-frontiere-colombienne\/dscn7867\/\" data-orig-file=\"https:\/\/i0.wp.com\/genevieveetbernardauxameriques.fr\/wp-content\/uploads\/2017\/03\/DSCN7867.jpg?fit=720%2C540&amp;ssl=1\" data-orig-size=\"720,540\" data-comments-opened=\"1\" data-image-meta=\"{&quot;aperture&quot;:&quot;4&quot;,&quot;credit&quot;:&quot;&quot;,&quot;camera&quot;:&quot;COOLPIX P900&quot;,&quot;caption&quot;:&quot;&quot;,&quot;created_timestamp&quot;:&quot;1488396825&quot;,&quot;copyright&quot;:&quot;&quot;,&quot;focal_length&quot;:&quot;15.2&quot;,&quot;iso&quot;:&quot;100&quot;,&quot;shutter_speed&quot;:&quot;0.0015625&quot;,&quot;title&quot;:&quot;&quot;,&quot;orientation&quot;:&quot;1&quot;}\" data-image-title=\"DSCN7867\" data-image-description=\"\" data-image-caption=\"\" data-medium-file=\"https:\/\/i0.wp.com\/genevieveetbernardauxameriques.fr\/wp-content\/uploads\/2017\/03\/DSCN7867.jpg?fit=300%2C225&amp;ssl=1\" data-large-file=\"https:\/\/i0.wp.com\/genevieveetbernardauxameriques.fr\/wp-content\/uploads\/2017\/03\/DSCN7867.jpg?fit=640%2C480&amp;ssl=1\" class=\"alignnone size-full wp-image-16352\" src=\"https:\/\/i0.wp.com\/genevieveetbernardauxameriques.fr\/wp-content\/uploads\/2017\/03\/DSCN7867.jpg?resize=640%2C480&#038;ssl=1\" alt=\"\" width=\"640\" height=\"480\" srcset=\"https:\/\/i0.wp.com\/genevieveetbernardauxameriques.fr\/wp-content\/uploads\/2017\/03\/DSCN7867.jpg?w=720&amp;ssl=1 720w, https:\/\/i0.wp.com\/genevieveetbernardauxameriques.fr\/wp-content\/uploads\/2017\/03\/DSCN7867.jpg?resize=300%2C225&amp;ssl=1 300w\" sizes=\"(max-width: 640px) 100vw, 640px\" data-recalc-dims=\"1\" \/><\/a> <a href=\"https:\/\/i0.wp.com\/genevieveetbernardauxameriques.fr\/wp-content\/uploads\/2017\/03\/DSCN7861.jpg?ssl=1\"><img loading=\"lazy\" decoding=\"async\" data-attachment-id=\"16348\" data-permalink=\"https:\/\/genevieveetbernardauxameriques.fr\/index.php\/2017\/03\/15\/la-cote-pacifique-de-puerto-lopez-a-la-frontiere-colombienne\/dscn7861\/\" data-orig-file=\"https:\/\/i0.wp.com\/genevieveetbernardauxameriques.fr\/wp-content\/uploads\/2017\/03\/DSCN7861.jpg?fit=720%2C540&amp;ssl=1\" data-orig-size=\"720,540\" data-comments-opened=\"1\" data-image-meta=\"{&quot;aperture&quot;:&quot;4.5&quot;,&quot;credit&quot;:&quot;&quot;,&quot;camera&quot;:&quot;COOLPIX P900&quot;,&quot;caption&quot;:&quot;&quot;,&quot;created_timestamp&quot;:&quot;1488394925&quot;,&quot;copyright&quot;:&quot;&quot;,&quot;focal_length&quot;:&quot;30.3&quot;,&quot;iso&quot;:&quot;100&quot;,&quot;shutter_speed&quot;:&quot;0.002&quot;,&quot;title&quot;:&quot;&quot;,&quot;orientation&quot;:&quot;1&quot;}\" data-image-title=\"DSCN7861\" data-image-description=\"\" data-image-caption=\"\" data-medium-file=\"https:\/\/i0.wp.com\/genevieveetbernardauxameriques.fr\/wp-content\/uploads\/2017\/03\/DSCN7861.jpg?fit=300%2C225&amp;ssl=1\" data-large-file=\"https:\/\/i0.wp.com\/genevieveetbernardauxameriques.fr\/wp-content\/uploads\/2017\/03\/DSCN7861.jpg?fit=640%2C480&amp;ssl=1\" class=\"alignnone size-full wp-image-16348\" src=\"https:\/\/i0.wp.com\/genevieveetbernardauxameriques.fr\/wp-content\/uploads\/2017\/03\/DSCN7861.jpg?resize=640%2C480&#038;ssl=1\" alt=\"\" width=\"640\" height=\"480\" srcset=\"https:\/\/i0.wp.com\/genevieveetbernardauxameriques.fr\/wp-content\/uploads\/2017\/03\/DSCN7861.jpg?w=720&amp;ssl=1 720w, https:\/\/i0.wp.com\/genevieveetbernardauxameriques.fr\/wp-content\/uploads\/2017\/03\/DSCN7861.jpg?resize=300%2C225&amp;ssl=1 300w\" sizes=\"(max-width: 640px) 100vw, 640px\" data-recalc-dims=\"1\" \/><\/a><\/p>\n<p>Ceux-l\u00e0 sont au bord du chemin, ils ne s&rsquo;\u00e9cartent m\u00eame pas pour nous laisser passer<\/p>\n<p><a href=\"https:\/\/i0.wp.com\/genevieveetbernardauxameriques.fr\/wp-content\/uploads\/2017\/03\/DSCN7858.jpg?ssl=1\"><img loading=\"lazy\" decoding=\"async\" data-attachment-id=\"16346\" data-permalink=\"https:\/\/genevieveetbernardauxameriques.fr\/index.php\/2017\/03\/15\/la-cote-pacifique-de-puerto-lopez-a-la-frontiere-colombienne\/dscn7858\/\" data-orig-file=\"https:\/\/i0.wp.com\/genevieveetbernardauxameriques.fr\/wp-content\/uploads\/2017\/03\/DSCN7858.jpg?fit=720%2C540&amp;ssl=1\" data-orig-size=\"720,540\" data-comments-opened=\"1\" data-image-meta=\"{&quot;aperture&quot;:&quot;3.5&quot;,&quot;credit&quot;:&quot;&quot;,&quot;camera&quot;:&quot;COOLPIX P900&quot;,&quot;caption&quot;:&quot;&quot;,&quot;created_timestamp&quot;:&quot;1488394810&quot;,&quot;copyright&quot;:&quot;&quot;,&quot;focal_length&quot;:&quot;12.5&quot;,&quot;iso&quot;:&quot;100&quot;,&quot;shutter_speed&quot;:&quot;0.004&quot;,&quot;title&quot;:&quot;&quot;,&quot;orientation&quot;:&quot;1&quot;}\" data-image-title=\"DSCN7858\" data-image-description=\"\" data-image-caption=\"\" data-medium-file=\"https:\/\/i0.wp.com\/genevieveetbernardauxameriques.fr\/wp-content\/uploads\/2017\/03\/DSCN7858.jpg?fit=300%2C225&amp;ssl=1\" data-large-file=\"https:\/\/i0.wp.com\/genevieveetbernardauxameriques.fr\/wp-content\/uploads\/2017\/03\/DSCN7858.jpg?fit=640%2C480&amp;ssl=1\" class=\"alignnone size-full wp-image-16346\" src=\"https:\/\/i0.wp.com\/genevieveetbernardauxameriques.fr\/wp-content\/uploads\/2017\/03\/DSCN7858.jpg?resize=640%2C480&#038;ssl=1\" alt=\"\" width=\"640\" height=\"480\" srcset=\"https:\/\/i0.wp.com\/genevieveetbernardauxameriques.fr\/wp-content\/uploads\/2017\/03\/DSCN7858.jpg?w=720&amp;ssl=1 720w, https:\/\/i0.wp.com\/genevieveetbernardauxameriques.fr\/wp-content\/uploads\/2017\/03\/DSCN7858.jpg?resize=300%2C225&amp;ssl=1 300w\" sizes=\"(max-width: 640px) 100vw, 640px\" data-recalc-dims=\"1\" \/><\/a> <a href=\"https:\/\/i0.wp.com\/genevieveetbernardauxameriques.fr\/wp-content\/uploads\/2017\/03\/DSCN7860.jpg?ssl=1\"><img loading=\"lazy\" decoding=\"async\" data-attachment-id=\"16347\" data-permalink=\"https:\/\/genevieveetbernardauxameriques.fr\/index.php\/2017\/03\/15\/la-cote-pacifique-de-puerto-lopez-a-la-frontiere-colombienne\/dscn7860\/\" data-orig-file=\"https:\/\/i0.wp.com\/genevieveetbernardauxameriques.fr\/wp-content\/uploads\/2017\/03\/DSCN7860.jpg?fit=720%2C540&amp;ssl=1\" data-orig-size=\"720,540\" data-comments-opened=\"1\" data-image-meta=\"{&quot;aperture&quot;:&quot;4.5&quot;,&quot;credit&quot;:&quot;&quot;,&quot;camera&quot;:&quot;COOLPIX P900&quot;,&quot;caption&quot;:&quot;&quot;,&quot;created_timestamp&quot;:&quot;1488394890&quot;,&quot;copyright&quot;:&quot;&quot;,&quot;focal_length&quot;:&quot;30.3&quot;,&quot;iso&quot;:&quot;100&quot;,&quot;shutter_speed&quot;:&quot;0.005&quot;,&quot;title&quot;:&quot;&quot;,&quot;orientation&quot;:&quot;1&quot;}\" data-image-title=\"DSCN7860\" data-image-description=\"\" data-image-caption=\"\" data-medium-file=\"https:\/\/i0.wp.com\/genevieveetbernardauxameriques.fr\/wp-content\/uploads\/2017\/03\/DSCN7860.jpg?fit=300%2C225&amp;ssl=1\" data-large-file=\"https:\/\/i0.wp.com\/genevieveetbernardauxameriques.fr\/wp-content\/uploads\/2017\/03\/DSCN7860.jpg?fit=640%2C480&amp;ssl=1\" class=\"alignnone size-full wp-image-16347\" src=\"https:\/\/i0.wp.com\/genevieveetbernardauxameriques.fr\/wp-content\/uploads\/2017\/03\/DSCN7860.jpg?resize=640%2C480&#038;ssl=1\" alt=\"\" width=\"640\" height=\"480\" srcset=\"https:\/\/i0.wp.com\/genevieveetbernardauxameriques.fr\/wp-content\/uploads\/2017\/03\/DSCN7860.jpg?w=720&amp;ssl=1 720w, https:\/\/i0.wp.com\/genevieveetbernardauxameriques.fr\/wp-content\/uploads\/2017\/03\/DSCN7860.jpg?resize=300%2C225&amp;ssl=1 300w\" sizes=\"(max-width: 640px) 100vw, 640px\" data-recalc-dims=\"1\" \/><\/a> \u00a0Ici pareil, un b\u00e9b\u00e9 qui reste \u00e0 c\u00f4t\u00e9 de nous, mais lui il ne sait pas encore voler.<\/p>\n<p><a href=\"https:\/\/i0.wp.com\/genevieveetbernardauxameriques.fr\/wp-content\/uploads\/2017\/03\/DSCN7873.jpg?ssl=1\"><img loading=\"lazy\" decoding=\"async\" data-attachment-id=\"16358\" data-permalink=\"https:\/\/genevieveetbernardauxameriques.fr\/index.php\/2017\/03\/15\/la-cote-pacifique-de-puerto-lopez-a-la-frontiere-colombienne\/dscn7873\/\" data-orig-file=\"https:\/\/i0.wp.com\/genevieveetbernardauxameriques.fr\/wp-content\/uploads\/2017\/03\/DSCN7873.jpg?fit=720%2C540&amp;ssl=1\" data-orig-size=\"720,540\" data-comments-opened=\"1\" data-image-meta=\"{&quot;aperture&quot;:&quot;4&quot;,&quot;credit&quot;:&quot;&quot;,&quot;camera&quot;:&quot;COOLPIX P900&quot;,&quot;caption&quot;:&quot;&quot;,&quot;created_timestamp&quot;:&quot;1488398416&quot;,&quot;copyright&quot;:&quot;&quot;,&quot;focal_length&quot;:&quot;24.1&quot;,&quot;iso&quot;:&quot;100&quot;,&quot;shutter_speed&quot;:&quot;0.002&quot;,&quot;title&quot;:&quot;&quot;,&quot;orientation&quot;:&quot;1&quot;}\" data-image-title=\"DSCN7873\" data-image-description=\"\" data-image-caption=\"\" data-medium-file=\"https:\/\/i0.wp.com\/genevieveetbernardauxameriques.fr\/wp-content\/uploads\/2017\/03\/DSCN7873.jpg?fit=300%2C225&amp;ssl=1\" data-large-file=\"https:\/\/i0.wp.com\/genevieveetbernardauxameriques.fr\/wp-content\/uploads\/2017\/03\/DSCN7873.jpg?fit=640%2C480&amp;ssl=1\" class=\"alignnone size-full wp-image-16358\" src=\"https:\/\/i0.wp.com\/genevieveetbernardauxameriques.fr\/wp-content\/uploads\/2017\/03\/DSCN7873.jpg?resize=640%2C480&#038;ssl=1\" alt=\"\" width=\"640\" height=\"480\" srcset=\"https:\/\/i0.wp.com\/genevieveetbernardauxameriques.fr\/wp-content\/uploads\/2017\/03\/DSCN7873.jpg?w=720&amp;ssl=1 720w, https:\/\/i0.wp.com\/genevieveetbernardauxameriques.fr\/wp-content\/uploads\/2017\/03\/DSCN7873.jpg?resize=300%2C225&amp;ssl=1 300w\" sizes=\"(max-width: 640px) 100vw, 640px\" data-recalc-dims=\"1\" \/><\/a> <a href=\"https:\/\/i0.wp.com\/genevieveetbernardauxameriques.fr\/wp-content\/uploads\/2017\/03\/DSCN7874.jpg?ssl=1\"><img loading=\"lazy\" decoding=\"async\" data-attachment-id=\"16359\" data-permalink=\"https:\/\/genevieveetbernardauxameriques.fr\/index.php\/2017\/03\/15\/la-cote-pacifique-de-puerto-lopez-a-la-frontiere-colombienne\/dscn7874\/\" data-orig-file=\"https:\/\/i0.wp.com\/genevieveetbernardauxameriques.fr\/wp-content\/uploads\/2017\/03\/DSCN7874.jpg?fit=720%2C540&amp;ssl=1\" data-orig-size=\"720,540\" data-comments-opened=\"1\" data-image-meta=\"{&quot;aperture&quot;:&quot;4&quot;,&quot;credit&quot;:&quot;&quot;,&quot;camera&quot;:&quot;COOLPIX P900&quot;,&quot;caption&quot;:&quot;&quot;,&quot;created_timestamp&quot;:&quot;1488398428&quot;,&quot;copyright&quot;:&quot;&quot;,&quot;focal_length&quot;:&quot;24.1&quot;,&quot;iso&quot;:&quot;100&quot;,&quot;shutter_speed&quot;:&quot;0.002&quot;,&quot;title&quot;:&quot;&quot;,&quot;orientation&quot;:&quot;1&quot;}\" data-image-title=\"DSCN7874\" data-image-description=\"\" data-image-caption=\"\" data-medium-file=\"https:\/\/i0.wp.com\/genevieveetbernardauxameriques.fr\/wp-content\/uploads\/2017\/03\/DSCN7874.jpg?fit=300%2C225&amp;ssl=1\" data-large-file=\"https:\/\/i0.wp.com\/genevieveetbernardauxameriques.fr\/wp-content\/uploads\/2017\/03\/DSCN7874.jpg?fit=640%2C480&amp;ssl=1\" class=\"alignnone size-full wp-image-16359\" src=\"https:\/\/i0.wp.com\/genevieveetbernardauxameriques.fr\/wp-content\/uploads\/2017\/03\/DSCN7874.jpg?resize=640%2C480&#038;ssl=1\" alt=\"\" width=\"640\" height=\"480\" srcset=\"https:\/\/i0.wp.com\/genevieveetbernardauxameriques.fr\/wp-content\/uploads\/2017\/03\/DSCN7874.jpg?w=720&amp;ssl=1 720w, https:\/\/i0.wp.com\/genevieveetbernardauxameriques.fr\/wp-content\/uploads\/2017\/03\/DSCN7874.jpg?resize=300%2C225&amp;ssl=1 300w\" sizes=\"(max-width: 640px) 100vw, 640px\" data-recalc-dims=\"1\" \/><\/a><img loading=\"lazy\" decoding=\"async\" data-attachment-id=\"16349\" data-permalink=\"https:\/\/genevieveetbernardauxameriques.fr\/index.php\/2017\/03\/15\/la-cote-pacifique-de-puerto-lopez-a-la-frontiere-colombienne\/dscn7864\/\" data-orig-file=\"https:\/\/i0.wp.com\/genevieveetbernardauxameriques.fr\/wp-content\/uploads\/2017\/03\/DSCN7864.jpg?fit=720%2C540&amp;ssl=1\" data-orig-size=\"720,540\" data-comments-opened=\"1\" data-image-meta=\"{&quot;aperture&quot;:&quot;5&quot;,&quot;credit&quot;:&quot;&quot;,&quot;camera&quot;:&quot;COOLPIX P900&quot;,&quot;caption&quot;:&quot;&quot;,&quot;created_timestamp&quot;:&quot;1488396402&quot;,&quot;copyright&quot;:&quot;&quot;,&quot;focal_length&quot;:&quot;80.3&quot;,&quot;iso&quot;:&quot;100&quot;,&quot;shutter_speed&quot;:&quot;0.003125&quot;,&quot;title&quot;:&quot;&quot;,&quot;orientation&quot;:&quot;1&quot;}\" data-image-title=\"DSCN7864\" data-image-description=\"\" data-image-caption=\"\" data-medium-file=\"https:\/\/i0.wp.com\/genevieveetbernardauxameriques.fr\/wp-content\/uploads\/2017\/03\/DSCN7864.jpg?fit=300%2C225&amp;ssl=1\" data-large-file=\"https:\/\/i0.wp.com\/genevieveetbernardauxameriques.fr\/wp-content\/uploads\/2017\/03\/DSCN7864.jpg?fit=640%2C480&amp;ssl=1\" class=\"alignnone size-full wp-image-16349\" src=\"https:\/\/i0.wp.com\/genevieveetbernardauxameriques.fr\/wp-content\/uploads\/2017\/03\/DSCN7864.jpg?resize=640%2C480&#038;ssl=1\" alt=\"\" width=\"640\" height=\"480\" srcset=\"https:\/\/i0.wp.com\/genevieveetbernardauxameriques.fr\/wp-content\/uploads\/2017\/03\/DSCN7864.jpg?w=720&amp;ssl=1 720w, https:\/\/i0.wp.com\/genevieveetbernardauxameriques.fr\/wp-content\/uploads\/2017\/03\/DSCN7864.jpg?resize=300%2C225&amp;ssl=1 300w\" sizes=\"(max-width: 640px) 100vw, 640px\" data-recalc-dims=\"1\" \/>(diaporama)<\/p>\n<div data-carousel-extra='{\"blog_id\":1,\"permalink\":\"https:\\\/\\\/genevieveetbernardauxameriques.fr\\\/index.php\\\/2017\\\/03\\\/15\\\/la-cote-pacifique-de-puerto-lopez-a-la-frontiere-colombienne\\\/\"}' id='gallery-1' class='gallery galleryid-16319 gallery-columns-2 gallery-size-full'><dl class='gallery-item'>\n\t\t\t<dt class='gallery-icon landscape'>\n\t\t\t\t<a href='https:\/\/genevieveetbernardauxameriques.fr\/index.php\/2017\/03\/15\/la-cote-pacifique-de-puerto-lopez-a-la-frontiere-colombienne\/dscn7870\/'><img loading=\"lazy\" decoding=\"async\" width=\"720\" height=\"540\" src=\"https:\/\/i0.wp.com\/genevieveetbernardauxameriques.fr\/wp-content\/uploads\/2017\/03\/DSCN7870.jpg?fit=720%2C540&amp;ssl=1\" class=\"attachment-full size-full\" alt=\"\" srcset=\"https:\/\/i0.wp.com\/genevieveetbernardauxameriques.fr\/wp-content\/uploads\/2017\/03\/DSCN7870.jpg?w=720&amp;ssl=1 720w, https:\/\/i0.wp.com\/genevieveetbernardauxameriques.fr\/wp-content\/uploads\/2017\/03\/DSCN7870.jpg?resize=300%2C225&amp;ssl=1 300w\" sizes=\"(max-width: 640px) 100vw, 640px\" data-attachment-id=\"16355\" data-permalink=\"https:\/\/genevieveetbernardauxameriques.fr\/index.php\/2017\/03\/15\/la-cote-pacifique-de-puerto-lopez-a-la-frontiere-colombienne\/dscn7870\/\" data-orig-file=\"https:\/\/i0.wp.com\/genevieveetbernardauxameriques.fr\/wp-content\/uploads\/2017\/03\/DSCN7870.jpg?fit=720%2C540&amp;ssl=1\" data-orig-size=\"720,540\" data-comments-opened=\"1\" data-image-meta=\"{&quot;aperture&quot;:&quot;5&quot;,&quot;credit&quot;:&quot;&quot;,&quot;camera&quot;:&quot;COOLPIX P900&quot;,&quot;caption&quot;:&quot;&quot;,&quot;created_timestamp&quot;:&quot;1488397687&quot;,&quot;copyright&quot;:&quot;&quot;,&quot;focal_length&quot;:&quot;107&quot;,&quot;iso&quot;:&quot;220&quot;,&quot;shutter_speed&quot;:&quot;0.004&quot;,&quot;title&quot;:&quot;&quot;,&quot;orientation&quot;:&quot;1&quot;}\" data-image-title=\"DSCN7870\" data-image-description=\"\" data-image-caption=\"\" data-medium-file=\"https:\/\/i0.wp.com\/genevieveetbernardauxameriques.fr\/wp-content\/uploads\/2017\/03\/DSCN7870.jpg?fit=300%2C225&amp;ssl=1\" data-large-file=\"https:\/\/i0.wp.com\/genevieveetbernardauxameriques.fr\/wp-content\/uploads\/2017\/03\/DSCN7870.jpg?fit=640%2C480&amp;ssl=1\" \/><\/a>\n\t\t\t<\/dt><\/dl><dl class='gallery-item'>\n\t\t\t<dt class='gallery-icon landscape'>\n\t\t\t\t<a href='https:\/\/genevieveetbernardauxameriques.fr\/index.php\/2017\/03\/15\/la-cote-pacifique-de-puerto-lopez-a-la-frontiere-colombienne\/dscn7871\/'><img loading=\"lazy\" decoding=\"async\" width=\"720\" height=\"540\" src=\"https:\/\/i0.wp.com\/genevieveetbernardauxameriques.fr\/wp-content\/uploads\/2017\/03\/DSCN7871.jpg?fit=720%2C540&amp;ssl=1\" class=\"attachment-full size-full\" alt=\"\" srcset=\"https:\/\/i0.wp.com\/genevieveetbernardauxameriques.fr\/wp-content\/uploads\/2017\/03\/DSCN7871.jpg?w=720&amp;ssl=1 720w, https:\/\/i0.wp.com\/genevieveetbernardauxameriques.fr\/wp-content\/uploads\/2017\/03\/DSCN7871.jpg?resize=300%2C225&amp;ssl=1 300w\" sizes=\"(max-width: 640px) 100vw, 640px\" data-attachment-id=\"16356\" data-permalink=\"https:\/\/genevieveetbernardauxameriques.fr\/index.php\/2017\/03\/15\/la-cote-pacifique-de-puerto-lopez-a-la-frontiere-colombienne\/dscn7871\/\" data-orig-file=\"https:\/\/i0.wp.com\/genevieveetbernardauxameriques.fr\/wp-content\/uploads\/2017\/03\/DSCN7871.jpg?fit=720%2C540&amp;ssl=1\" data-orig-size=\"720,540\" data-comments-opened=\"1\" data-image-meta=\"{&quot;aperture&quot;:&quot;4.5&quot;,&quot;credit&quot;:&quot;&quot;,&quot;camera&quot;:&quot;COOLPIX P900&quot;,&quot;caption&quot;:&quot;&quot;,&quot;created_timestamp&quot;:&quot;1488397912&quot;,&quot;copyright&quot;:&quot;&quot;,&quot;focal_length&quot;:&quot;26.8&quot;,&quot;iso&quot;:&quot;100&quot;,&quot;shutter_speed&quot;:&quot;0.003125&quot;,&quot;title&quot;:&quot;&quot;,&quot;orientation&quot;:&quot;1&quot;}\" data-image-title=\"DSCN7871\" data-image-description=\"\" data-image-caption=\"\" data-medium-file=\"https:\/\/i0.wp.com\/genevieveetbernardauxameriques.fr\/wp-content\/uploads\/2017\/03\/DSCN7871.jpg?fit=300%2C225&amp;ssl=1\" data-large-file=\"https:\/\/i0.wp.com\/genevieveetbernardauxameriques.fr\/wp-content\/uploads\/2017\/03\/DSCN7871.jpg?fit=640%2C480&amp;ssl=1\" \/><\/a>\n\t\t\t<\/dt><\/dl><br style=\"clear: both\" \/><dl class='gallery-item'>\n\t\t\t<dt class='gallery-icon landscape'>\n\t\t\t\t<a href='https:\/\/genevieveetbernardauxameriques.fr\/index.php\/2017\/03\/15\/la-cote-pacifique-de-puerto-lopez-a-la-frontiere-colombienne\/dscn7872\/'><img loading=\"lazy\" decoding=\"async\" width=\"720\" height=\"540\" src=\"https:\/\/i0.wp.com\/genevieveetbernardauxameriques.fr\/wp-content\/uploads\/2017\/03\/DSCN7872.jpg?fit=720%2C540&amp;ssl=1\" class=\"attachment-full size-full\" alt=\"\" srcset=\"https:\/\/i0.wp.com\/genevieveetbernardauxameriques.fr\/wp-content\/uploads\/2017\/03\/DSCN7872.jpg?w=720&amp;ssl=1 720w, https:\/\/i0.wp.com\/genevieveetbernardauxameriques.fr\/wp-content\/uploads\/2017\/03\/DSCN7872.jpg?resize=300%2C225&amp;ssl=1 300w\" sizes=\"(max-width: 640px) 100vw, 640px\" data-attachment-id=\"16357\" data-permalink=\"https:\/\/genevieveetbernardauxameriques.fr\/index.php\/2017\/03\/15\/la-cote-pacifique-de-puerto-lopez-a-la-frontiere-colombienne\/dscn7872\/\" data-orig-file=\"https:\/\/i0.wp.com\/genevieveetbernardauxameriques.fr\/wp-content\/uploads\/2017\/03\/DSCN7872.jpg?fit=720%2C540&amp;ssl=1\" data-orig-size=\"720,540\" data-comments-opened=\"1\" data-image-meta=\"{&quot;aperture&quot;:&quot;4.5&quot;,&quot;credit&quot;:&quot;&quot;,&quot;camera&quot;:&quot;COOLPIX P900&quot;,&quot;caption&quot;:&quot;&quot;,&quot;created_timestamp&quot;:&quot;1488397971&quot;,&quot;copyright&quot;:&quot;&quot;,&quot;focal_length&quot;:&quot;39.3&quot;,&quot;iso&quot;:&quot;100&quot;,&quot;shutter_speed&quot;:&quot;0.0025&quot;,&quot;title&quot;:&quot;&quot;,&quot;orientation&quot;:&quot;1&quot;}\" data-image-title=\"DSCN7872\" data-image-description=\"\" data-image-caption=\"\" data-medium-file=\"https:\/\/i0.wp.com\/genevieveetbernardauxameriques.fr\/wp-content\/uploads\/2017\/03\/DSCN7872.jpg?fit=300%2C225&amp;ssl=1\" data-large-file=\"https:\/\/i0.wp.com\/genevieveetbernardauxameriques.fr\/wp-content\/uploads\/2017\/03\/DSCN7872.jpg?fit=640%2C480&amp;ssl=1\" \/><\/a>\n\t\t\t<\/dt><\/dl><dl class='gallery-item'>\n\t\t\t<dt class='gallery-icon landscape'>\n\t\t\t\t<a href='https:\/\/genevieveetbernardauxameriques.fr\/index.php\/2017\/03\/15\/la-cote-pacifique-de-puerto-lopez-a-la-frontiere-colombienne\/dscn7868\/'><img loading=\"lazy\" decoding=\"async\" width=\"720\" height=\"540\" src=\"https:\/\/i0.wp.com\/genevieveetbernardauxameriques.fr\/wp-content\/uploads\/2017\/03\/DSCN7868.jpg?fit=720%2C540&amp;ssl=1\" class=\"attachment-full size-full\" alt=\"\" srcset=\"https:\/\/i0.wp.com\/genevieveetbernardauxameriques.fr\/wp-content\/uploads\/2017\/03\/DSCN7868.jpg?w=720&amp;ssl=1 720w, https:\/\/i0.wp.com\/genevieveetbernardauxameriques.fr\/wp-content\/uploads\/2017\/03\/DSCN7868.jpg?resize=300%2C225&amp;ssl=1 300w\" sizes=\"(max-width: 640px) 100vw, 640px\" data-attachment-id=\"16353\" data-permalink=\"https:\/\/genevieveetbernardauxameriques.fr\/index.php\/2017\/03\/15\/la-cote-pacifique-de-puerto-lopez-a-la-frontiere-colombienne\/dscn7868\/\" data-orig-file=\"https:\/\/i0.wp.com\/genevieveetbernardauxameriques.fr\/wp-content\/uploads\/2017\/03\/DSCN7868.jpg?fit=720%2C540&amp;ssl=1\" data-orig-size=\"720,540\" data-comments-opened=\"1\" data-image-meta=\"{&quot;aperture&quot;:&quot;5&quot;,&quot;credit&quot;:&quot;&quot;,&quot;camera&quot;:&quot;COOLPIX P900&quot;,&quot;caption&quot;:&quot;&quot;,&quot;created_timestamp&quot;:&quot;1488396891&quot;,&quot;copyright&quot;:&quot;&quot;,&quot;focal_length&quot;:&quot;98.1&quot;,&quot;iso&quot;:&quot;140&quot;,&quot;shutter_speed&quot;:&quot;0.004&quot;,&quot;title&quot;:&quot;&quot;,&quot;orientation&quot;:&quot;1&quot;}\" data-image-title=\"DSCN7868\" data-image-description=\"\" data-image-caption=\"\" data-medium-file=\"https:\/\/i0.wp.com\/genevieveetbernardauxameriques.fr\/wp-content\/uploads\/2017\/03\/DSCN7868.jpg?fit=300%2C225&amp;ssl=1\" data-large-file=\"https:\/\/i0.wp.com\/genevieveetbernardauxameriques.fr\/wp-content\/uploads\/2017\/03\/DSCN7868.jpg?fit=640%2C480&amp;ssl=1\" \/><\/a>\n\t\t\t<\/dt><\/dl><br style=\"clear: both\" \/><dl class='gallery-item'>\n\t\t\t<dt class='gallery-icon landscape'>\n\t\t\t\t<a href='https:\/\/genevieveetbernardauxameriques.fr\/index.php\/2017\/03\/15\/la-cote-pacifique-de-puerto-lopez-a-la-frontiere-colombienne\/dscn7869\/'><img loading=\"lazy\" decoding=\"async\" width=\"720\" height=\"540\" src=\"https:\/\/i0.wp.com\/genevieveetbernardauxameriques.fr\/wp-content\/uploads\/2017\/03\/DSCN7869.jpg?fit=720%2C540&amp;ssl=1\" class=\"attachment-full size-full\" alt=\"\" srcset=\"https:\/\/i0.wp.com\/genevieveetbernardauxameriques.fr\/wp-content\/uploads\/2017\/03\/DSCN7869.jpg?w=720&amp;ssl=1 720w, https:\/\/i0.wp.com\/genevieveetbernardauxameriques.fr\/wp-content\/uploads\/2017\/03\/DSCN7869.jpg?resize=300%2C225&amp;ssl=1 300w\" sizes=\"(max-width: 640px) 100vw, 640px\" data-attachment-id=\"16354\" data-permalink=\"https:\/\/genevieveetbernardauxameriques.fr\/index.php\/2017\/03\/15\/la-cote-pacifique-de-puerto-lopez-a-la-frontiere-colombienne\/dscn7869\/\" data-orig-file=\"https:\/\/i0.wp.com\/genevieveetbernardauxameriques.fr\/wp-content\/uploads\/2017\/03\/DSCN7869.jpg?fit=720%2C540&amp;ssl=1\" data-orig-size=\"720,540\" data-comments-opened=\"1\" data-image-meta=\"{&quot;aperture&quot;:&quot;4.5&quot;,&quot;credit&quot;:&quot;&quot;,&quot;camera&quot;:&quot;COOLPIX P900&quot;,&quot;caption&quot;:&quot;&quot;,&quot;created_timestamp&quot;:&quot;1488397564&quot;,&quot;copyright&quot;:&quot;&quot;,&quot;focal_length&quot;:&quot;35.7&quot;,&quot;iso&quot;:&quot;100&quot;,&quot;shutter_speed&quot;:&quot;0.004&quot;,&quot;title&quot;:&quot;&quot;,&quot;orientation&quot;:&quot;1&quot;}\" data-image-title=\"DSCN7869\" data-image-description=\"\" data-image-caption=\"\" data-medium-file=\"https:\/\/i0.wp.com\/genevieveetbernardauxameriques.fr\/wp-content\/uploads\/2017\/03\/DSCN7869.jpg?fit=300%2C225&amp;ssl=1\" data-large-file=\"https:\/\/i0.wp.com\/genevieveetbernardauxameriques.fr\/wp-content\/uploads\/2017\/03\/DSCN7869.jpg?fit=640%2C480&amp;ssl=1\" \/><\/a>\n\t\t\t<\/dt><\/dl><dl class='gallery-item'>\n\t\t\t<dt class='gallery-icon landscape'>\n\t\t\t\t<a href='https:\/\/genevieveetbernardauxameriques.fr\/index.php\/2017\/03\/15\/la-cote-pacifique-de-puerto-lopez-a-la-frontiere-colombienne\/dscn7865\/'><img loading=\"lazy\" decoding=\"async\" width=\"720\" height=\"540\" src=\"https:\/\/i0.wp.com\/genevieveetbernardauxameriques.fr\/wp-content\/uploads\/2017\/03\/DSCN7865.jpg?fit=720%2C540&amp;ssl=1\" class=\"attachment-full size-full\" alt=\"\" srcset=\"https:\/\/i0.wp.com\/genevieveetbernardauxameriques.fr\/wp-content\/uploads\/2017\/03\/DSCN7865.jpg?w=720&amp;ssl=1 720w, https:\/\/i0.wp.com\/genevieveetbernardauxameriques.fr\/wp-content\/uploads\/2017\/03\/DSCN7865.jpg?resize=300%2C225&amp;ssl=1 300w\" sizes=\"(max-width: 640px) 100vw, 640px\" data-attachment-id=\"16350\" data-permalink=\"https:\/\/genevieveetbernardauxameriques.fr\/index.php\/2017\/03\/15\/la-cote-pacifique-de-puerto-lopez-a-la-frontiere-colombienne\/dscn7865\/\" data-orig-file=\"https:\/\/i0.wp.com\/genevieveetbernardauxameriques.fr\/wp-content\/uploads\/2017\/03\/DSCN7865.jpg?fit=720%2C540&amp;ssl=1\" data-orig-size=\"720,540\" data-comments-opened=\"1\" data-image-meta=\"{&quot;aperture&quot;:&quot;5&quot;,&quot;credit&quot;:&quot;&quot;,&quot;camera&quot;:&quot;COOLPIX P900&quot;,&quot;caption&quot;:&quot;&quot;,&quot;created_timestamp&quot;:&quot;1488396495&quot;,&quot;copyright&quot;:&quot;&quot;,&quot;focal_length&quot;:&quot;67.8&quot;,&quot;iso&quot;:&quot;100&quot;,&quot;shutter_speed&quot;:&quot;0.004&quot;,&quot;title&quot;:&quot;&quot;,&quot;orientation&quot;:&quot;1&quot;}\" data-image-title=\"DSCN7865\" data-image-description=\"\" data-image-caption=\"\" data-medium-file=\"https:\/\/i0.wp.com\/genevieveetbernardauxameriques.fr\/wp-content\/uploads\/2017\/03\/DSCN7865.jpg?fit=300%2C225&amp;ssl=1\" data-large-file=\"https:\/\/i0.wp.com\/genevieveetbernardauxameriques.fr\/wp-content\/uploads\/2017\/03\/DSCN7865.jpg?fit=640%2C480&amp;ssl=1\" \/><\/a>\n\t\t\t<\/dt><\/dl><br style=\"clear: both\" \/>\n\t\t<\/div>\n\n<p>On verra plein de belles chenilles<\/p>\n<p><a href=\"https:\/\/i0.wp.com\/genevieveetbernardauxameriques.fr\/wp-content\/uploads\/2017\/03\/DSCN7851.jpg?ssl=1\"><img loading=\"lazy\" decoding=\"async\" data-attachment-id=\"16343\" data-permalink=\"https:\/\/genevieveetbernardauxameriques.fr\/index.php\/2017\/03\/15\/la-cote-pacifique-de-puerto-lopez-a-la-frontiere-colombienne\/dscn7851\/\" data-orig-file=\"https:\/\/i0.wp.com\/genevieveetbernardauxameriques.fr\/wp-content\/uploads\/2017\/03\/DSCN7851.jpg?fit=720%2C540&amp;ssl=1\" data-orig-size=\"720,540\" data-comments-opened=\"1\" data-image-meta=\"{&quot;aperture&quot;:&quot;5.6&quot;,&quot;credit&quot;:&quot;&quot;,&quot;camera&quot;:&quot;COOLPIX P900&quot;,&quot;caption&quot;:&quot;&quot;,&quot;created_timestamp&quot;:&quot;1488393626&quot;,&quot;copyright&quot;:&quot;&quot;,&quot;focal_length&quot;:&quot;116&quot;,&quot;iso&quot;:&quot;280&quot;,&quot;shutter_speed&quot;:&quot;0.002&quot;,&quot;title&quot;:&quot;&quot;,&quot;orientation&quot;:&quot;1&quot;}\" data-image-title=\"DSCN7851\" data-image-description=\"\" data-image-caption=\"\" data-medium-file=\"https:\/\/i0.wp.com\/genevieveetbernardauxameriques.fr\/wp-content\/uploads\/2017\/03\/DSCN7851.jpg?fit=300%2C225&amp;ssl=1\" data-large-file=\"https:\/\/i0.wp.com\/genevieveetbernardauxameriques.fr\/wp-content\/uploads\/2017\/03\/DSCN7851.jpg?fit=640%2C480&amp;ssl=1\" class=\"alignnone size-full wp-image-16343\" src=\"https:\/\/i0.wp.com\/genevieveetbernardauxameriques.fr\/wp-content\/uploads\/2017\/03\/DSCN7851.jpg?resize=640%2C480&#038;ssl=1\" alt=\"\" width=\"640\" height=\"480\" srcset=\"https:\/\/i0.wp.com\/genevieveetbernardauxameriques.fr\/wp-content\/uploads\/2017\/03\/DSCN7851.jpg?w=720&amp;ssl=1 720w, https:\/\/i0.wp.com\/genevieveetbernardauxameriques.fr\/wp-content\/uploads\/2017\/03\/DSCN7851.jpg?resize=300%2C225&amp;ssl=1 300w\" sizes=\"(max-width: 640px) 100vw, 640px\" data-recalc-dims=\"1\" \/><\/a> <a href=\"https:\/\/i0.wp.com\/genevieveetbernardauxameriques.fr\/wp-content\/uploads\/2017\/03\/DSCN7854.jpg?ssl=1\"><img loading=\"lazy\" decoding=\"async\" data-attachment-id=\"16344\" data-permalink=\"https:\/\/genevieveetbernardauxameriques.fr\/index.php\/2017\/03\/15\/la-cote-pacifique-de-puerto-lopez-a-la-frontiere-colombienne\/dscn7854\/\" data-orig-file=\"https:\/\/i0.wp.com\/genevieveetbernardauxameriques.fr\/wp-content\/uploads\/2017\/03\/DSCN7854.jpg?fit=720%2C540&amp;ssl=1\" data-orig-size=\"720,540\" data-comments-opened=\"1\" data-image-meta=\"{&quot;aperture&quot;:&quot;5.6&quot;,&quot;credit&quot;:&quot;&quot;,&quot;camera&quot;:&quot;COOLPIX P900&quot;,&quot;caption&quot;:&quot;&quot;,&quot;created_timestamp&quot;:&quot;1488393687&quot;,&quot;copyright&quot;:&quot;&quot;,&quot;focal_length&quot;:&quot;125&quot;,&quot;iso&quot;:&quot;125&quot;,&quot;shutter_speed&quot;:&quot;0.002&quot;,&quot;title&quot;:&quot;&quot;,&quot;orientation&quot;:&quot;1&quot;}\" data-image-title=\"DSCN7854\" data-image-description=\"\" data-image-caption=\"\" data-medium-file=\"https:\/\/i0.wp.com\/genevieveetbernardauxameriques.fr\/wp-content\/uploads\/2017\/03\/DSCN7854.jpg?fit=300%2C225&amp;ssl=1\" data-large-file=\"https:\/\/i0.wp.com\/genevieveetbernardauxameriques.fr\/wp-content\/uploads\/2017\/03\/DSCN7854.jpg?fit=640%2C480&amp;ssl=1\" class=\"alignnone size-full wp-image-16344\" src=\"https:\/\/i0.wp.com\/genevieveetbernardauxameriques.fr\/wp-content\/uploads\/2017\/03\/DSCN7854.jpg?resize=640%2C480&#038;ssl=1\" alt=\"\" width=\"640\" height=\"480\" srcset=\"https:\/\/i0.wp.com\/genevieveetbernardauxameriques.fr\/wp-content\/uploads\/2017\/03\/DSCN7854.jpg?w=720&amp;ssl=1 720w, https:\/\/i0.wp.com\/genevieveetbernardauxameriques.fr\/wp-content\/uploads\/2017\/03\/DSCN7854.jpg?resize=300%2C225&amp;ssl=1 300w\" sizes=\"(max-width: 640px) 100vw, 640px\" data-recalc-dims=\"1\" \/><\/a> <a href=\"https:\/\/i0.wp.com\/genevieveetbernardauxameriques.fr\/wp-content\/uploads\/2017\/03\/DSCN7879.jpg?ssl=1\"><img loading=\"lazy\" decoding=\"async\" data-attachment-id=\"16363\" data-permalink=\"https:\/\/genevieveetbernardauxameriques.fr\/index.php\/2017\/03\/15\/la-cote-pacifique-de-puerto-lopez-a-la-frontiere-colombienne\/dscn7879\/\" data-orig-file=\"https:\/\/i0.wp.com\/genevieveetbernardauxameriques.fr\/wp-content\/uploads\/2017\/03\/DSCN7879.jpg?fit=720%2C540&amp;ssl=1\" data-orig-size=\"720,540\" data-comments-opened=\"1\" data-image-meta=\"{&quot;aperture&quot;:&quot;3.2&quot;,&quot;credit&quot;:&quot;&quot;,&quot;camera&quot;:&quot;COOLPIX P900&quot;,&quot;caption&quot;:&quot;&quot;,&quot;created_timestamp&quot;:&quot;1488400040&quot;,&quot;copyright&quot;:&quot;&quot;,&quot;focal_length&quot;:&quot;8.4&quot;,&quot;iso&quot;:&quot;100&quot;,&quot;shutter_speed&quot;:&quot;0.004&quot;,&quot;title&quot;:&quot;&quot;,&quot;orientation&quot;:&quot;1&quot;}\" data-image-title=\"DSCN7879\" data-image-description=\"\" data-image-caption=\"\" data-medium-file=\"https:\/\/i0.wp.com\/genevieveetbernardauxameriques.fr\/wp-content\/uploads\/2017\/03\/DSCN7879.jpg?fit=300%2C225&amp;ssl=1\" data-large-file=\"https:\/\/i0.wp.com\/genevieveetbernardauxameriques.fr\/wp-content\/uploads\/2017\/03\/DSCN7879.jpg?fit=640%2C480&amp;ssl=1\" class=\"alignnone size-full wp-image-16363\" src=\"https:\/\/i0.wp.com\/genevieveetbernardauxameriques.fr\/wp-content\/uploads\/2017\/03\/DSCN7879.jpg?resize=640%2C480&#038;ssl=1\" alt=\"\" width=\"640\" height=\"480\" srcset=\"https:\/\/i0.wp.com\/genevieveetbernardauxameriques.fr\/wp-content\/uploads\/2017\/03\/DSCN7879.jpg?w=720&amp;ssl=1 720w, https:\/\/i0.wp.com\/genevieveetbernardauxameriques.fr\/wp-content\/uploads\/2017\/03\/DSCN7879.jpg?resize=300%2C225&amp;ssl=1 300w\" sizes=\"(max-width: 640px) 100vw, 640px\" data-recalc-dims=\"1\" \/><\/a> <a href=\"https:\/\/i0.wp.com\/genevieveetbernardauxameriques.fr\/wp-content\/uploads\/2017\/03\/DSCN7875.jpg?ssl=1\"><img loading=\"lazy\" decoding=\"async\" data-attachment-id=\"16360\" data-permalink=\"https:\/\/genevieveetbernardauxameriques.fr\/index.php\/2017\/03\/15\/la-cote-pacifique-de-puerto-lopez-a-la-frontiere-colombienne\/dscn7875\/\" data-orig-file=\"https:\/\/i0.wp.com\/genevieveetbernardauxameriques.fr\/wp-content\/uploads\/2017\/03\/DSCN7875.jpg?fit=720%2C540&amp;ssl=1\" data-orig-size=\"720,540\" data-comments-opened=\"1\" data-image-meta=\"{&quot;aperture&quot;:&quot;4&quot;,&quot;credit&quot;:&quot;&quot;,&quot;camera&quot;:&quot;COOLPIX P900&quot;,&quot;caption&quot;:&quot;&quot;,&quot;created_timestamp&quot;:&quot;1488399041&quot;,&quot;copyright&quot;:&quot;&quot;,&quot;focal_length&quot;:&quot;22.3&quot;,&quot;iso&quot;:&quot;100&quot;,&quot;shutter_speed&quot;:&quot;0.005&quot;,&quot;title&quot;:&quot;&quot;,&quot;orientation&quot;:&quot;1&quot;}\" data-image-title=\"DSCN7875\" data-image-description=\"\" data-image-caption=\"\" data-medium-file=\"https:\/\/i0.wp.com\/genevieveetbernardauxameriques.fr\/wp-content\/uploads\/2017\/03\/DSCN7875.jpg?fit=300%2C225&amp;ssl=1\" data-large-file=\"https:\/\/i0.wp.com\/genevieveetbernardauxameriques.fr\/wp-content\/uploads\/2017\/03\/DSCN7875.jpg?fit=640%2C480&amp;ssl=1\" class=\"alignnone size-full wp-image-16360\" src=\"https:\/\/i0.wp.com\/genevieveetbernardauxameriques.fr\/wp-content\/uploads\/2017\/03\/DSCN7875.jpg?resize=640%2C480&#038;ssl=1\" alt=\"\" width=\"640\" height=\"480\" srcset=\"https:\/\/i0.wp.com\/genevieveetbernardauxameriques.fr\/wp-content\/uploads\/2017\/03\/DSCN7875.jpg?w=720&amp;ssl=1 720w, https:\/\/i0.wp.com\/genevieveetbernardauxameriques.fr\/wp-content\/uploads\/2017\/03\/DSCN7875.jpg?resize=300%2C225&amp;ssl=1 300w\" sizes=\"(max-width: 640px) 100vw, 640px\" data-recalc-dims=\"1\" \/><\/a><\/p>\n<p>On se sert des graines \u00e0 l&rsquo;int\u00e9rieur pour faire des colliers.<\/p>\n<p><a href=\"https:\/\/i0.wp.com\/genevieveetbernardauxameriques.fr\/wp-content\/uploads\/2017\/03\/DSCN7857.jpg?ssl=1\"><img loading=\"lazy\" decoding=\"async\" data-attachment-id=\"16345\" data-permalink=\"https:\/\/genevieveetbernardauxameriques.fr\/index.php\/2017\/03\/15\/la-cote-pacifique-de-puerto-lopez-a-la-frontiere-colombienne\/dscn7857\/\" data-orig-file=\"https:\/\/i0.wp.com\/genevieveetbernardauxameriques.fr\/wp-content\/uploads\/2017\/03\/DSCN7857.jpg?fit=720%2C540&amp;ssl=1\" data-orig-size=\"720,540\" data-comments-opened=\"1\" data-image-meta=\"{&quot;aperture&quot;:&quot;4.5&quot;,&quot;credit&quot;:&quot;&quot;,&quot;camera&quot;:&quot;COOLPIX P900&quot;,&quot;caption&quot;:&quot;&quot;,&quot;created_timestamp&quot;:&quot;1488393797&quot;,&quot;copyright&quot;:&quot;&quot;,&quot;focal_length&quot;:&quot;35.7&quot;,&quot;iso&quot;:&quot;100&quot;,&quot;shutter_speed&quot;:&quot;0.005&quot;,&quot;title&quot;:&quot;&quot;,&quot;orientation&quot;:&quot;1&quot;}\" data-image-title=\"DSCN7857\" data-image-description=\"\" data-image-caption=\"\" data-medium-file=\"https:\/\/i0.wp.com\/genevieveetbernardauxameriques.fr\/wp-content\/uploads\/2017\/03\/DSCN7857.jpg?fit=300%2C225&amp;ssl=1\" data-large-file=\"https:\/\/i0.wp.com\/genevieveetbernardauxameriques.fr\/wp-content\/uploads\/2017\/03\/DSCN7857.jpg?fit=640%2C480&amp;ssl=1\" class=\"alignnone size-full wp-image-16345\" src=\"https:\/\/i0.wp.com\/genevieveetbernardauxameriques.fr\/wp-content\/uploads\/2017\/03\/DSCN7857.jpg?resize=640%2C480&#038;ssl=1\" alt=\"\" width=\"640\" height=\"480\" srcset=\"https:\/\/i0.wp.com\/genevieveetbernardauxameriques.fr\/wp-content\/uploads\/2017\/03\/DSCN7857.jpg?w=720&amp;ssl=1 720w, https:\/\/i0.wp.com\/genevieveetbernardauxameriques.fr\/wp-content\/uploads\/2017\/03\/DSCN7857.jpg?resize=300%2C225&amp;ssl=1 300w\" sizes=\"(max-width: 640px) 100vw, 640px\" data-recalc-dims=\"1\" \/><\/a><\/p>\n<p>Heureusement je suis avec des gens charmants, tous t\u00e9moins de J\u00e9hovah, ils ont lou\u00e9 un appartement et rencontrent des gens de leur confession, certains sont ici pour un mois et d&rsquo;autres pour 2.<\/p>\n<p>En rentrant au bateau pendant que nous mangeons 2 sandwichs, les guides jettent de la salade dans l&rsquo;eau et de grosses tortues marines arrivent autour.<\/p>\n<p>Ensuite on part un peu plus loin pour faire une heure de snorkening. C&rsquo;est pas mal il y a des \u00ab\u00a0coraux\u00a0\u00bb et beaucoup de poissons multicolores. Les fonds sont plus color\u00e9s qu&rsquo;aux Galapagos. Je vais en profiter, seuls les 4 fran\u00e7ais et les Argentins m&rsquo;accompagnent. Il faut dire que la jeune am\u00e9ricaine qui doit avoir dans les 25 ans p\u00e8se pas loin des 100 kg.<\/p>\n<p>En rentrant, tout \u00e0 coup le bateau s&rsquo;arr\u00eate, on pense \u00e0 une panne mais non c&rsquo;est une baleine qui s&rsquo;amuse \u00e0 c\u00f4t\u00e9 de nous. Ce n&rsquo;est pourtant pas la saison mais avec El Nino tout est d\u00e9cal\u00e9. Je n&rsquo;ai pas r\u00e9ussi \u00e0 la prendre en photo, sauf celle-ci (si vous pouvez la deviner)<\/p>\n<p><img loading=\"lazy\" decoding=\"async\" data-attachment-id=\"16426\" data-permalink=\"https:\/\/genevieveetbernardauxameriques.fr\/index.php\/2017\/03\/15\/la-cote-pacifique-de-puerto-lopez-a-la-frontiere-colombienne\/rscn7887-2\/\" data-orig-file=\"https:\/\/i0.wp.com\/genevieveetbernardauxameriques.fr\/wp-content\/uploads\/2017\/03\/RSCN7887-1.jpg?fit=640%2C480&amp;ssl=1\" data-orig-size=\"640,480\" data-comments-opened=\"1\" data-image-meta=\"{&quot;aperture&quot;:&quot;4.5&quot;,&quot;credit&quot;:&quot;&quot;,&quot;camera&quot;:&quot;COOLPIX P900&quot;,&quot;caption&quot;:&quot;&quot;,&quot;created_timestamp&quot;:&quot;1488406830&quot;,&quot;copyright&quot;:&quot;&quot;,&quot;focal_length&quot;:&quot;33&quot;,&quot;iso&quot;:&quot;100&quot;,&quot;shutter_speed&quot;:&quot;0.0025&quot;,&quot;title&quot;:&quot;&quot;,&quot;orientation&quot;:&quot;1&quot;}\" data-image-title=\"RSCN7887\" data-image-description=\"\" data-image-caption=\"\" data-medium-file=\"https:\/\/i0.wp.com\/genevieveetbernardauxameriques.fr\/wp-content\/uploads\/2017\/03\/RSCN7887-1.jpg?fit=300%2C225&amp;ssl=1\" data-large-file=\"https:\/\/i0.wp.com\/genevieveetbernardauxameriques.fr\/wp-content\/uploads\/2017\/03\/RSCN7887-1.jpg?fit=640%2C480&amp;ssl=1\" class=\"alignnone size-full wp-image-16426\" src=\"https:\/\/i0.wp.com\/genevieveetbernardauxameriques.fr\/wp-content\/uploads\/2017\/03\/RSCN7887-1.jpg?resize=640%2C480&#038;ssl=1\" alt=\"\" width=\"640\" height=\"480\" srcset=\"https:\/\/i0.wp.com\/genevieveetbernardauxameriques.fr\/wp-content\/uploads\/2017\/03\/RSCN7887-1.jpg?w=640&amp;ssl=1 640w, https:\/\/i0.wp.com\/genevieveetbernardauxameriques.fr\/wp-content\/uploads\/2017\/03\/RSCN7887-1.jpg?resize=300%2C225&amp;ssl=1 300w\" sizes=\"(max-width: 640px) 100vw, 640px\" data-recalc-dims=\"1\" \/><\/p>\n<p>La c\u00f4te vue du bateau<\/p>\n<div data-carousel-extra='{\"blog_id\":1,\"permalink\":\"https:\\\/\\\/genevieveetbernardauxameriques.fr\\\/index.php\\\/2017\\\/03\\\/15\\\/la-cote-pacifique-de-puerto-lopez-a-la-frontiere-colombienne\\\/\"}' id='gallery-2' class='gallery galleryid-16319 gallery-columns-2 gallery-size-full'><dl class='gallery-item'>\n\t\t\t<dt class='gallery-icon landscape'>\n\t\t\t\t<a href='https:\/\/genevieveetbernardauxameriques.fr\/index.php\/2017\/03\/15\/la-cote-pacifique-de-puerto-lopez-a-la-frontiere-colombienne\/dscn7886\/'><img loading=\"lazy\" decoding=\"async\" width=\"720\" height=\"540\" src=\"https:\/\/i0.wp.com\/genevieveetbernardauxameriques.fr\/wp-content\/uploads\/2017\/03\/DSCN7886.jpg?fit=720%2C540&amp;ssl=1\" class=\"attachment-full size-full\" alt=\"\" srcset=\"https:\/\/i0.wp.com\/genevieveetbernardauxameriques.fr\/wp-content\/uploads\/2017\/03\/DSCN7886.jpg?w=720&amp;ssl=1 720w, https:\/\/i0.wp.com\/genevieveetbernardauxameriques.fr\/wp-content\/uploads\/2017\/03\/DSCN7886.jpg?resize=300%2C225&amp;ssl=1 300w\" sizes=\"(max-width: 640px) 100vw, 640px\" data-attachment-id=\"16366\" data-permalink=\"https:\/\/genevieveetbernardauxameriques.fr\/index.php\/2017\/03\/15\/la-cote-pacifique-de-puerto-lopez-a-la-frontiere-colombienne\/dscn7886\/\" data-orig-file=\"https:\/\/i0.wp.com\/genevieveetbernardauxameriques.fr\/wp-content\/uploads\/2017\/03\/DSCN7886.jpg?fit=720%2C540&amp;ssl=1\" data-orig-size=\"720,540\" data-comments-opened=\"1\" data-image-meta=\"{&quot;aperture&quot;:&quot;3.5&quot;,&quot;credit&quot;:&quot;&quot;,&quot;camera&quot;:&quot;COOLPIX P900&quot;,&quot;caption&quot;:&quot;&quot;,&quot;created_timestamp&quot;:&quot;1488408770&quot;,&quot;copyright&quot;:&quot;&quot;,&quot;focal_length&quot;:&quot;9.8&quot;,&quot;iso&quot;:&quot;100&quot;,&quot;shutter_speed&quot;:&quot;0.000625&quot;,&quot;title&quot;:&quot;&quot;,&quot;orientation&quot;:&quot;1&quot;}\" data-image-title=\"DSCN7886\" data-image-description=\"\" data-image-caption=\"\" data-medium-file=\"https:\/\/i0.wp.com\/genevieveetbernardauxameriques.fr\/wp-content\/uploads\/2017\/03\/DSCN7886.jpg?fit=300%2C225&amp;ssl=1\" data-large-file=\"https:\/\/i0.wp.com\/genevieveetbernardauxameriques.fr\/wp-content\/uploads\/2017\/03\/DSCN7886.jpg?fit=640%2C480&amp;ssl=1\" \/><\/a>\n\t\t\t<\/dt><\/dl><dl class='gallery-item'>\n\t\t\t<dt class='gallery-icon landscape'>\n\t\t\t\t<a href='https:\/\/genevieveetbernardauxameriques.fr\/index.php\/2017\/03\/15\/la-cote-pacifique-de-puerto-lopez-a-la-frontiere-colombienne\/dscn7885\/'><img loading=\"lazy\" decoding=\"async\" width=\"720\" height=\"540\" src=\"https:\/\/i0.wp.com\/genevieveetbernardauxameriques.fr\/wp-content\/uploads\/2017\/03\/DSCN7885.jpg?fit=720%2C540&amp;ssl=1\" class=\"attachment-full size-full\" alt=\"\" srcset=\"https:\/\/i0.wp.com\/genevieveetbernardauxameriques.fr\/wp-content\/uploads\/2017\/03\/DSCN7885.jpg?w=720&amp;ssl=1 720w, https:\/\/i0.wp.com\/genevieveetbernardauxameriques.fr\/wp-content\/uploads\/2017\/03\/DSCN7885.jpg?resize=300%2C225&amp;ssl=1 300w\" sizes=\"(max-width: 640px) 100vw, 640px\" data-attachment-id=\"16365\" data-permalink=\"https:\/\/genevieveetbernardauxameriques.fr\/index.php\/2017\/03\/15\/la-cote-pacifique-de-puerto-lopez-a-la-frontiere-colombienne\/dscn7885\/\" data-orig-file=\"https:\/\/i0.wp.com\/genevieveetbernardauxameriques.fr\/wp-content\/uploads\/2017\/03\/DSCN7885.jpg?fit=720%2C540&amp;ssl=1\" data-orig-size=\"720,540\" data-comments-opened=\"1\" data-image-meta=\"{&quot;aperture&quot;:&quot;3.5&quot;,&quot;credit&quot;:&quot;&quot;,&quot;camera&quot;:&quot;COOLPIX P900&quot;,&quot;caption&quot;:&quot;&quot;,&quot;created_timestamp&quot;:&quot;1488408762&quot;,&quot;copyright&quot;:&quot;&quot;,&quot;focal_length&quot;:&quot;9.8&quot;,&quot;iso&quot;:&quot;100&quot;,&quot;shutter_speed&quot;:&quot;0.0008&quot;,&quot;title&quot;:&quot;&quot;,&quot;orientation&quot;:&quot;1&quot;}\" data-image-title=\"DSCN7885\" data-image-description=\"\" data-image-caption=\"\" data-medium-file=\"https:\/\/i0.wp.com\/genevieveetbernardauxameriques.fr\/wp-content\/uploads\/2017\/03\/DSCN7885.jpg?fit=300%2C225&amp;ssl=1\" data-large-file=\"https:\/\/i0.wp.com\/genevieveetbernardauxameriques.fr\/wp-content\/uploads\/2017\/03\/DSCN7885.jpg?fit=640%2C480&amp;ssl=1\" \/><\/a>\n\t\t\t<\/dt><\/dl><br style=\"clear: both\" \/>\n\t\t<\/div>\n\n<p>APUERTO LOPEZ, pour le carnaval, il y a un monde fou, sur la plage surtout.<\/p>\n<p><a href=\"https:\/\/i0.wp.com\/genevieveetbernardauxameriques.fr\/wp-content\/uploads\/2017\/03\/IMG_20170227_151327.jpg?ssl=1\"><img loading=\"lazy\" decoding=\"async\" data-attachment-id=\"16449\" data-permalink=\"https:\/\/genevieveetbernardauxameriques.fr\/index.php\/2017\/03\/15\/la-cote-pacifique-de-puerto-lopez-a-la-frontiere-colombienne\/img_20170227_151327\/\" data-orig-file=\"https:\/\/i0.wp.com\/genevieveetbernardauxameriques.fr\/wp-content\/uploads\/2017\/03\/IMG_20170227_151327.jpg?fit=720%2C540&amp;ssl=1\" data-orig-size=\"720,540\" data-comments-opened=\"1\" data-image-meta=\"{&quot;aperture&quot;:&quot;0&quot;,&quot;credit&quot;:&quot;&quot;,&quot;camera&quot;:&quot;Lenovo YT3-X50F&quot;,&quot;caption&quot;:&quot;&quot;,&quot;created_timestamp&quot;:&quot;1488208408&quot;,&quot;copyright&quot;:&quot;&quot;,&quot;focal_length&quot;:&quot;3.85&quot;,&quot;iso&quot;:&quot;102&quot;,&quot;shutter_speed&quot;:&quot;0.00037369207772795&quot;,&quot;title&quot;:&quot;&quot;,&quot;orientation&quot;:&quot;0&quot;}\" data-image-title=\"IMG_20170227_151327\" data-image-description=\"\" data-image-caption=\"\" data-medium-file=\"https:\/\/i0.wp.com\/genevieveetbernardauxameriques.fr\/wp-content\/uploads\/2017\/03\/IMG_20170227_151327.jpg?fit=300%2C225&amp;ssl=1\" data-large-file=\"https:\/\/i0.wp.com\/genevieveetbernardauxameriques.fr\/wp-content\/uploads\/2017\/03\/IMG_20170227_151327.jpg?fit=640%2C480&amp;ssl=1\" class=\"alignnone size-full wp-image-16449\" src=\"https:\/\/i0.wp.com\/genevieveetbernardauxameriques.fr\/wp-content\/uploads\/2017\/03\/IMG_20170227_151327.jpg?resize=640%2C480&#038;ssl=1\" alt=\"\" width=\"640\" height=\"480\" srcset=\"https:\/\/i0.wp.com\/genevieveetbernardauxameriques.fr\/wp-content\/uploads\/2017\/03\/IMG_20170227_151327.jpg?w=720&amp;ssl=1 720w, https:\/\/i0.wp.com\/genevieveetbernardauxameriques.fr\/wp-content\/uploads\/2017\/03\/IMG_20170227_151327.jpg?resize=300%2C225&amp;ssl=1 300w\" sizes=\"(max-width: 640px) 100vw, 640px\" data-recalc-dims=\"1\" \/><\/a> <a href=\"https:\/\/i0.wp.com\/genevieveetbernardauxameriques.fr\/wp-content\/uploads\/2017\/03\/IMG_20170227_150545.jpg?ssl=1\"><img loading=\"lazy\" decoding=\"async\" data-attachment-id=\"16448\" data-permalink=\"https:\/\/genevieveetbernardauxameriques.fr\/index.php\/2017\/03\/15\/la-cote-pacifique-de-puerto-lopez-a-la-frontiere-colombienne\/img_20170227_150545\/\" data-orig-file=\"https:\/\/i0.wp.com\/genevieveetbernardauxameriques.fr\/wp-content\/uploads\/2017\/03\/IMG_20170227_150545.jpg?fit=720%2C540&amp;ssl=1\" data-orig-size=\"720,540\" data-comments-opened=\"1\" data-image-meta=\"{&quot;aperture&quot;:&quot;0&quot;,&quot;credit&quot;:&quot;&quot;,&quot;camera&quot;:&quot;Lenovo YT3-X50F&quot;,&quot;caption&quot;:&quot;&quot;,&quot;created_timestamp&quot;:&quot;1488207946&quot;,&quot;copyright&quot;:&quot;&quot;,&quot;focal_length&quot;:&quot;3.85&quot;,&quot;iso&quot;:&quot;101&quot;,&quot;shutter_speed&quot;:&quot;0.00038925652004671&quot;,&quot;title&quot;:&quot;&quot;,&quot;orientation&quot;:&quot;0&quot;}\" data-image-title=\"IMG_20170227_150545\" data-image-description=\"\" data-image-caption=\"\" data-medium-file=\"https:\/\/i0.wp.com\/genevieveetbernardauxameriques.fr\/wp-content\/uploads\/2017\/03\/IMG_20170227_150545.jpg?fit=300%2C225&amp;ssl=1\" data-large-file=\"https:\/\/i0.wp.com\/genevieveetbernardauxameriques.fr\/wp-content\/uploads\/2017\/03\/IMG_20170227_150545.jpg?fit=640%2C480&amp;ssl=1\" class=\"alignnone size-full wp-image-16448\" src=\"https:\/\/i0.wp.com\/genevieveetbernardauxameriques.fr\/wp-content\/uploads\/2017\/03\/IMG_20170227_150545.jpg?resize=640%2C480&#038;ssl=1\" alt=\"\" width=\"640\" height=\"480\" srcset=\"https:\/\/i0.wp.com\/genevieveetbernardauxameriques.fr\/wp-content\/uploads\/2017\/03\/IMG_20170227_150545.jpg?w=720&amp;ssl=1 720w, https:\/\/i0.wp.com\/genevieveetbernardauxameriques.fr\/wp-content\/uploads\/2017\/03\/IMG_20170227_150545.jpg?resize=300%2C225&amp;ssl=1 300w\" sizes=\"(max-width: 640px) 100vw, 640px\" data-recalc-dims=\"1\" \/><\/a> <a href=\"https:\/\/i0.wp.com\/genevieveetbernardauxameriques.fr\/wp-content\/uploads\/2017\/03\/IMG_20170227_144236.jpg?ssl=1\"><img loading=\"lazy\" decoding=\"async\" data-attachment-id=\"16444\" data-permalink=\"https:\/\/genevieveetbernardauxameriques.fr\/index.php\/2017\/03\/15\/la-cote-pacifique-de-puerto-lopez-a-la-frontiere-colombienne\/img_20170227_144236\/\" data-orig-file=\"https:\/\/i0.wp.com\/genevieveetbernardauxameriques.fr\/wp-content\/uploads\/2017\/03\/IMG_20170227_144236.jpg?fit=720%2C540&amp;ssl=1\" data-orig-size=\"720,540\" data-comments-opened=\"1\" data-image-meta=\"{&quot;aperture&quot;:&quot;0&quot;,&quot;credit&quot;:&quot;&quot;,&quot;camera&quot;:&quot;Lenovo YT3-X50F&quot;,&quot;caption&quot;:&quot;&quot;,&quot;created_timestamp&quot;:&quot;1488206557&quot;,&quot;copyright&quot;:&quot;&quot;,&quot;focal_length&quot;:&quot;3.85&quot;,&quot;iso&quot;:&quot;102&quot;,&quot;shutter_speed&quot;:&quot;0.00037369207772795&quot;,&quot;title&quot;:&quot;&quot;,&quot;orientation&quot;:&quot;0&quot;}\" data-image-title=\"IMG_20170227_144236\" data-image-description=\"\" data-image-caption=\"\" data-medium-file=\"https:\/\/i0.wp.com\/genevieveetbernardauxameriques.fr\/wp-content\/uploads\/2017\/03\/IMG_20170227_144236.jpg?fit=300%2C225&amp;ssl=1\" data-large-file=\"https:\/\/i0.wp.com\/genevieveetbernardauxameriques.fr\/wp-content\/uploads\/2017\/03\/IMG_20170227_144236.jpg?fit=640%2C480&amp;ssl=1\" class=\"alignnone size-full wp-image-16444\" src=\"https:\/\/i0.wp.com\/genevieveetbernardauxameriques.fr\/wp-content\/uploads\/2017\/03\/IMG_20170227_144236.jpg?resize=640%2C480&#038;ssl=1\" alt=\"\" width=\"640\" height=\"480\" srcset=\"https:\/\/i0.wp.com\/genevieveetbernardauxameriques.fr\/wp-content\/uploads\/2017\/03\/IMG_20170227_144236.jpg?w=720&amp;ssl=1 720w, https:\/\/i0.wp.com\/genevieveetbernardauxameriques.fr\/wp-content\/uploads\/2017\/03\/IMG_20170227_144236.jpg?resize=300%2C225&amp;ssl=1 300w\" sizes=\"(max-width: 640px) 100vw, 640px\" data-recalc-dims=\"1\" \/><\/a> <a href=\"https:\/\/i0.wp.com\/genevieveetbernardauxameriques.fr\/wp-content\/uploads\/2017\/03\/IMG_20170227_143715.jpg?ssl=1\"><img loading=\"lazy\" decoding=\"async\" data-attachment-id=\"16442\" data-permalink=\"https:\/\/genevieveetbernardauxameriques.fr\/index.php\/2017\/03\/15\/la-cote-pacifique-de-puerto-lopez-a-la-frontiere-colombienne\/img_20170227_143715\/\" data-orig-file=\"https:\/\/i0.wp.com\/genevieveetbernardauxameriques.fr\/wp-content\/uploads\/2017\/03\/IMG_20170227_143715.jpg?fit=720%2C540&amp;ssl=1\" data-orig-size=\"720,540\" data-comments-opened=\"1\" data-image-meta=\"{&quot;aperture&quot;:&quot;0&quot;,&quot;credit&quot;:&quot;&quot;,&quot;camera&quot;:&quot;Lenovo YT3-X50F&quot;,&quot;caption&quot;:&quot;&quot;,&quot;created_timestamp&quot;:&quot;1488206235&quot;,&quot;copyright&quot;:&quot;&quot;,&quot;focal_length&quot;:&quot;3.85&quot;,&quot;iso&quot;:&quot;105&quot;,&quot;shutter_speed&quot;:&quot;0.00021800741225202&quot;,&quot;title&quot;:&quot;&quot;,&quot;orientation&quot;:&quot;0&quot;}\" data-image-title=\"IMG_20170227_143715\" data-image-description=\"\" data-image-caption=\"\" data-medium-file=\"https:\/\/i0.wp.com\/genevieveetbernardauxameriques.fr\/wp-content\/uploads\/2017\/03\/IMG_20170227_143715.jpg?fit=300%2C225&amp;ssl=1\" data-large-file=\"https:\/\/i0.wp.com\/genevieveetbernardauxameriques.fr\/wp-content\/uploads\/2017\/03\/IMG_20170227_143715.jpg?fit=640%2C480&amp;ssl=1\" class=\"alignnone size-full wp-image-16442\" src=\"https:\/\/i0.wp.com\/genevieveetbernardauxameriques.fr\/wp-content\/uploads\/2017\/03\/IMG_20170227_143715.jpg?resize=640%2C480&#038;ssl=1\" alt=\"\" width=\"640\" height=\"480\" srcset=\"https:\/\/i0.wp.com\/genevieveetbernardauxameriques.fr\/wp-content\/uploads\/2017\/03\/IMG_20170227_143715.jpg?w=720&amp;ssl=1 720w, https:\/\/i0.wp.com\/genevieveetbernardauxameriques.fr\/wp-content\/uploads\/2017\/03\/IMG_20170227_143715.jpg?resize=300%2C225&amp;ssl=1 300w\" sizes=\"(max-width: 640px) 100vw, 640px\" data-recalc-dims=\"1\" \/><\/a> <a href=\"https:\/\/i0.wp.com\/genevieveetbernardauxameriques.fr\/wp-content\/uploads\/2017\/03\/IMG_20170227_143501.jpg?ssl=1\"><img loading=\"lazy\" decoding=\"async\" data-attachment-id=\"16439\" data-permalink=\"https:\/\/genevieveetbernardauxameriques.fr\/index.php\/2017\/03\/15\/la-cote-pacifique-de-puerto-lopez-a-la-frontiere-colombienne\/img_20170227_143501\/\" data-orig-file=\"https:\/\/i0.wp.com\/genevieveetbernardauxameriques.fr\/wp-content\/uploads\/2017\/03\/IMG_20170227_143501.jpg?fit=720%2C540&amp;ssl=1\" data-orig-size=\"720,540\" data-comments-opened=\"1\" data-image-meta=\"{&quot;aperture&quot;:&quot;0&quot;,&quot;credit&quot;:&quot;&quot;,&quot;camera&quot;:&quot;Lenovo YT3-X50F&quot;,&quot;caption&quot;:&quot;&quot;,&quot;created_timestamp&quot;:&quot;1488206102&quot;,&quot;copyright&quot;:&quot;&quot;,&quot;focal_length&quot;:&quot;3.85&quot;,&quot;iso&quot;:&quot;105&quot;,&quot;shutter_speed&quot;:&quot;0.00021800741225202&quot;,&quot;title&quot;:&quot;&quot;,&quot;orientation&quot;:&quot;0&quot;}\" data-image-title=\"IMG_20170227_143501\" data-image-description=\"\" data-image-caption=\"\" data-medium-file=\"https:\/\/i0.wp.com\/genevieveetbernardauxameriques.fr\/wp-content\/uploads\/2017\/03\/IMG_20170227_143501.jpg?fit=300%2C225&amp;ssl=1\" data-large-file=\"https:\/\/i0.wp.com\/genevieveetbernardauxameriques.fr\/wp-content\/uploads\/2017\/03\/IMG_20170227_143501.jpg?fit=640%2C480&amp;ssl=1\" class=\"alignnone size-full wp-image-16439\" src=\"https:\/\/i0.wp.com\/genevieveetbernardauxameriques.fr\/wp-content\/uploads\/2017\/03\/IMG_20170227_143501.jpg?resize=640%2C480&#038;ssl=1\" alt=\"\" width=\"640\" height=\"480\" srcset=\"https:\/\/i0.wp.com\/genevieveetbernardauxameriques.fr\/wp-content\/uploads\/2017\/03\/IMG_20170227_143501.jpg?w=720&amp;ssl=1 720w, https:\/\/i0.wp.com\/genevieveetbernardauxameriques.fr\/wp-content\/uploads\/2017\/03\/IMG_20170227_143501.jpg?resize=300%2C225&amp;ssl=1 300w\" sizes=\"(max-width: 640px) 100vw, 640px\" data-recalc-dims=\"1\" \/><\/a> <a href=\"https:\/\/i0.wp.com\/genevieveetbernardauxameriques.fr\/wp-content\/uploads\/2017\/03\/IMG_20170227_143322.jpg?ssl=1\"><img loading=\"lazy\" decoding=\"async\" data-attachment-id=\"16438\" data-permalink=\"https:\/\/genevieveetbernardauxameriques.fr\/index.php\/2017\/03\/15\/la-cote-pacifique-de-puerto-lopez-a-la-frontiere-colombienne\/img_20170227_143322\/\" data-orig-file=\"https:\/\/i0.wp.com\/genevieveetbernardauxameriques.fr\/wp-content\/uploads\/2017\/03\/IMG_20170227_143322.jpg?fit=720%2C540&amp;ssl=1\" data-orig-size=\"720,540\" data-comments-opened=\"1\" data-image-meta=\"{&quot;aperture&quot;:&quot;0&quot;,&quot;credit&quot;:&quot;&quot;,&quot;camera&quot;:&quot;Lenovo YT3-X50F&quot;,&quot;caption&quot;:&quot;&quot;,&quot;created_timestamp&quot;:&quot;1488206003&quot;,&quot;copyright&quot;:&quot;&quot;,&quot;focal_length&quot;:&quot;3.85&quot;,&quot;iso&quot;:&quot;101&quot;,&quot;shutter_speed&quot;:&quot;0.00038925652004671&quot;,&quot;title&quot;:&quot;&quot;,&quot;orientation&quot;:&quot;0&quot;}\" data-image-title=\"IMG_20170227_143322\" data-image-description=\"\" data-image-caption=\"\" data-medium-file=\"https:\/\/i0.wp.com\/genevieveetbernardauxameriques.fr\/wp-content\/uploads\/2017\/03\/IMG_20170227_143322.jpg?fit=300%2C225&amp;ssl=1\" data-large-file=\"https:\/\/i0.wp.com\/genevieveetbernardauxameriques.fr\/wp-content\/uploads\/2017\/03\/IMG_20170227_143322.jpg?fit=640%2C480&amp;ssl=1\" class=\"alignnone size-full wp-image-16438\" src=\"https:\/\/i0.wp.com\/genevieveetbernardauxameriques.fr\/wp-content\/uploads\/2017\/03\/IMG_20170227_143322.jpg?resize=640%2C480&#038;ssl=1\" alt=\"\" width=\"640\" height=\"480\" srcset=\"https:\/\/i0.wp.com\/genevieveetbernardauxameriques.fr\/wp-content\/uploads\/2017\/03\/IMG_20170227_143322.jpg?w=720&amp;ssl=1 720w, https:\/\/i0.wp.com\/genevieveetbernardauxameriques.fr\/wp-content\/uploads\/2017\/03\/IMG_20170227_143322.jpg?resize=300%2C225&amp;ssl=1 300w\" sizes=\"(max-width: 640px) 100vw, 640px\" data-recalc-dims=\"1\" \/><\/a> <a href=\"https:\/\/i0.wp.com\/genevieveetbernardauxameriques.fr\/wp-content\/uploads\/2017\/03\/IMG_20170227_143555.jpg?ssl=1\"><img loading=\"lazy\" decoding=\"async\" data-attachment-id=\"16440\" data-permalink=\"https:\/\/genevieveetbernardauxameriques.fr\/index.php\/2017\/03\/15\/la-cote-pacifique-de-puerto-lopez-a-la-frontiere-colombienne\/img_20170227_143555\/\" data-orig-file=\"https:\/\/i0.wp.com\/genevieveetbernardauxameriques.fr\/wp-content\/uploads\/2017\/03\/IMG_20170227_143555.jpg?fit=720%2C540&amp;ssl=1\" data-orig-size=\"720,540\" data-comments-opened=\"1\" data-image-meta=\"{&quot;aperture&quot;:&quot;0&quot;,&quot;credit&quot;:&quot;&quot;,&quot;camera&quot;:&quot;Lenovo YT3-X50F&quot;,&quot;caption&quot;:&quot;&quot;,&quot;created_timestamp&quot;:&quot;1488206156&quot;,&quot;copyright&quot;:&quot;&quot;,&quot;focal_length&quot;:&quot;3.85&quot;,&quot;iso&quot;:&quot;105&quot;,&quot;shutter_speed&quot;:&quot;0.00029585798816568&quot;,&quot;title&quot;:&quot;&quot;,&quot;orientation&quot;:&quot;0&quot;}\" data-image-title=\"IMG_20170227_143555\" data-image-description=\"\" data-image-caption=\"\" data-medium-file=\"https:\/\/i0.wp.com\/genevieveetbernardauxameriques.fr\/wp-content\/uploads\/2017\/03\/IMG_20170227_143555.jpg?fit=300%2C225&amp;ssl=1\" data-large-file=\"https:\/\/i0.wp.com\/genevieveetbernardauxameriques.fr\/wp-content\/uploads\/2017\/03\/IMG_20170227_143555.jpg?fit=640%2C480&amp;ssl=1\" class=\"alignnone size-full wp-image-16440\" src=\"https:\/\/i0.wp.com\/genevieveetbernardauxameriques.fr\/wp-content\/uploads\/2017\/03\/IMG_20170227_143555.jpg?resize=640%2C480&#038;ssl=1\" alt=\"\" width=\"640\" height=\"480\" srcset=\"https:\/\/i0.wp.com\/genevieveetbernardauxameriques.fr\/wp-content\/uploads\/2017\/03\/IMG_20170227_143555.jpg?w=720&amp;ssl=1 720w, https:\/\/i0.wp.com\/genevieveetbernardauxameriques.fr\/wp-content\/uploads\/2017\/03\/IMG_20170227_143555.jpg?resize=300%2C225&amp;ssl=1 300w\" sizes=\"(max-width: 640px) 100vw, 640px\" data-recalc-dims=\"1\" \/><\/a><\/p>\n<p>Les gens n&rsquo;ont pas l&rsquo;habitude de s&rsquo;allonger sur une serviette, il faut dire aussi qu&rsquo;il fait tellement chaud et que le soleil tape tr\u00e8s fort, il y a tout le long de la plage des tentes avec des chaises longues, que l&rsquo;on loue.<\/p>\n<p><a href=\"https:\/\/i0.wp.com\/genevieveetbernardauxameriques.fr\/wp-content\/uploads\/2017\/03\/IMG_20170227_144841.jpg?ssl=1\"><img loading=\"lazy\" decoding=\"async\" data-attachment-id=\"16445\" data-permalink=\"https:\/\/genevieveetbernardauxameriques.fr\/index.php\/2017\/03\/15\/la-cote-pacifique-de-puerto-lopez-a-la-frontiere-colombienne\/img_20170227_144841\/\" data-orig-file=\"https:\/\/i0.wp.com\/genevieveetbernardauxameriques.fr\/wp-content\/uploads\/2017\/03\/IMG_20170227_144841.jpg?fit=720%2C540&amp;ssl=1\" data-orig-size=\"720,540\" data-comments-opened=\"1\" data-image-meta=\"{&quot;aperture&quot;:&quot;0&quot;,&quot;credit&quot;:&quot;&quot;,&quot;camera&quot;:&quot;Lenovo YT3-X50F&quot;,&quot;caption&quot;:&quot;&quot;,&quot;created_timestamp&quot;:&quot;1488206922&quot;,&quot;copyright&quot;:&quot;&quot;,&quot;focal_length&quot;:&quot;3.85&quot;,&quot;iso&quot;:&quot;103&quot;,&quot;shutter_speed&quot;:&quot;0.00042034468263976&quot;,&quot;title&quot;:&quot;&quot;,&quot;orientation&quot;:&quot;0&quot;}\" data-image-title=\"IMG_20170227_144841\" data-image-description=\"\" data-image-caption=\"\" data-medium-file=\"https:\/\/i0.wp.com\/genevieveetbernardauxameriques.fr\/wp-content\/uploads\/2017\/03\/IMG_20170227_144841.jpg?fit=300%2C225&amp;ssl=1\" data-large-file=\"https:\/\/i0.wp.com\/genevieveetbernardauxameriques.fr\/wp-content\/uploads\/2017\/03\/IMG_20170227_144841.jpg?fit=640%2C480&amp;ssl=1\" class=\"alignnone size-full wp-image-16445\" src=\"https:\/\/i0.wp.com\/genevieveetbernardauxameriques.fr\/wp-content\/uploads\/2017\/03\/IMG_20170227_144841.jpg?resize=640%2C480&#038;ssl=1\" alt=\"\" width=\"640\" height=\"480\" srcset=\"https:\/\/i0.wp.com\/genevieveetbernardauxameriques.fr\/wp-content\/uploads\/2017\/03\/IMG_20170227_144841.jpg?w=720&amp;ssl=1 720w, https:\/\/i0.wp.com\/genevieveetbernardauxameriques.fr\/wp-content\/uploads\/2017\/03\/IMG_20170227_144841.jpg?resize=300%2C225&amp;ssl=1 300w\" sizes=\"(max-width: 640px) 100vw, 640px\" data-recalc-dims=\"1\" \/><\/a> <a href=\"https:\/\/i0.wp.com\/genevieveetbernardauxameriques.fr\/wp-content\/uploads\/2017\/03\/IMG_20170227_144847.jpg?ssl=1\"><img loading=\"lazy\" decoding=\"async\" data-attachment-id=\"16446\" data-permalink=\"https:\/\/genevieveetbernardauxameriques.fr\/index.php\/2017\/03\/15\/la-cote-pacifique-de-puerto-lopez-a-la-frontiere-colombienne\/img_20170227_144847\/\" data-orig-file=\"https:\/\/i0.wp.com\/genevieveetbernardauxameriques.fr\/wp-content\/uploads\/2017\/03\/IMG_20170227_144847.jpg?fit=720%2C540&amp;ssl=1\" data-orig-size=\"720,540\" data-comments-opened=\"1\" data-image-meta=\"{&quot;aperture&quot;:&quot;0&quot;,&quot;credit&quot;:&quot;&quot;,&quot;camera&quot;:&quot;Lenovo YT3-X50F&quot;,&quot;caption&quot;:&quot;&quot;,&quot;created_timestamp&quot;:&quot;1488206927&quot;,&quot;copyright&quot;:&quot;&quot;,&quot;focal_length&quot;:&quot;3.85&quot;,&quot;iso&quot;:&quot;100&quot;,&quot;shutter_speed&quot;:&quot;0.00024912805181863&quot;,&quot;title&quot;:&quot;&quot;,&quot;orientation&quot;:&quot;0&quot;}\" data-image-title=\"IMG_20170227_144847\" data-image-description=\"\" data-image-caption=\"\" data-medium-file=\"https:\/\/i0.wp.com\/genevieveetbernardauxameriques.fr\/wp-content\/uploads\/2017\/03\/IMG_20170227_144847.jpg?fit=300%2C225&amp;ssl=1\" data-large-file=\"https:\/\/i0.wp.com\/genevieveetbernardauxameriques.fr\/wp-content\/uploads\/2017\/03\/IMG_20170227_144847.jpg?fit=640%2C480&amp;ssl=1\" class=\"alignnone size-full wp-image-16446\" src=\"https:\/\/i0.wp.com\/genevieveetbernardauxameriques.fr\/wp-content\/uploads\/2017\/03\/IMG_20170227_144847.jpg?resize=640%2C480&#038;ssl=1\" alt=\"\" width=\"640\" height=\"480\" srcset=\"https:\/\/i0.wp.com\/genevieveetbernardauxameriques.fr\/wp-content\/uploads\/2017\/03\/IMG_20170227_144847.jpg?w=720&amp;ssl=1 720w, https:\/\/i0.wp.com\/genevieveetbernardauxameriques.fr\/wp-content\/uploads\/2017\/03\/IMG_20170227_144847.jpg?resize=300%2C225&amp;ssl=1 300w\" sizes=\"(max-width: 640px) 100vw, 640px\" data-recalc-dims=\"1\" \/><\/a><\/p>\n<p>Ici des familles se\u00a0sont install\u00e9s sous le pont o\u00f9 une rivi\u00e8re coule, c&rsquo;est un vrai d\u00e9potoir, l&rsquo;odeur m\u00eame est naus\u00e9abonde.<\/p>\n<p><a href=\"https:\/\/i0.wp.com\/genevieveetbernardauxameriques.fr\/wp-content\/uploads\/2017\/03\/IMG_20170227_150318.jpg?ssl=1\"><img loading=\"lazy\" decoding=\"async\" data-attachment-id=\"16447\" data-permalink=\"https:\/\/genevieveetbernardauxameriques.fr\/index.php\/2017\/03\/15\/la-cote-pacifique-de-puerto-lopez-a-la-frontiere-colombienne\/img_20170227_150318\/\" data-orig-file=\"https:\/\/i0.wp.com\/genevieveetbernardauxameriques.fr\/wp-content\/uploads\/2017\/03\/IMG_20170227_150318.jpg?fit=720%2C540&amp;ssl=1\" data-orig-size=\"720,540\" data-comments-opened=\"1\" data-image-meta=\"{&quot;aperture&quot;:&quot;0&quot;,&quot;credit&quot;:&quot;&quot;,&quot;camera&quot;:&quot;Lenovo YT3-X50F&quot;,&quot;caption&quot;:&quot;&quot;,&quot;created_timestamp&quot;:&quot;1488207799&quot;,&quot;copyright&quot;:&quot;&quot;,&quot;focal_length&quot;:&quot;3.85&quot;,&quot;iso&quot;:&quot;100&quot;,&quot;shutter_speed&quot;:&quot;0.00065402223675605&quot;,&quot;title&quot;:&quot;&quot;,&quot;orientation&quot;:&quot;0&quot;}\" data-image-title=\"IMG_20170227_150318\" data-image-description=\"\" data-image-caption=\"\" data-medium-file=\"https:\/\/i0.wp.com\/genevieveetbernardauxameriques.fr\/wp-content\/uploads\/2017\/03\/IMG_20170227_150318.jpg?fit=300%2C225&amp;ssl=1\" data-large-file=\"https:\/\/i0.wp.com\/genevieveetbernardauxameriques.fr\/wp-content\/uploads\/2017\/03\/IMG_20170227_150318.jpg?fit=640%2C480&amp;ssl=1\" class=\"alignnone size-full wp-image-16447\" src=\"https:\/\/i0.wp.com\/genevieveetbernardauxameriques.fr\/wp-content\/uploads\/2017\/03\/IMG_20170227_150318.jpg?resize=640%2C480&#038;ssl=1\" alt=\"\" width=\"640\" height=\"480\" srcset=\"https:\/\/i0.wp.com\/genevieveetbernardauxameriques.fr\/wp-content\/uploads\/2017\/03\/IMG_20170227_150318.jpg?w=720&amp;ssl=1 720w, https:\/\/i0.wp.com\/genevieveetbernardauxameriques.fr\/wp-content\/uploads\/2017\/03\/IMG_20170227_150318.jpg?resize=300%2C225&amp;ssl=1 300w\" sizes=\"(max-width: 640px) 100vw, 640px\" data-recalc-dims=\"1\" \/><\/a><\/p>\n<p><strong>MERCREDI 1er MARS<\/strong><\/p>\n<p>\u00c0 midi coup de fil, le garagiste nous demande les r\u00e9f\u00e9rences du camion et ensuite plus de nouvelles, il devait faire la r\u00e9paration \u00e0 15 h.<\/p>\n<p><strong>JEUDI 2 MARS<\/strong><\/p>\n<p>\u00c0 8 h il arrive en nous annon\u00e7ant qu&rsquo;il a fait tous les garages et n&rsquo;a rien trouv\u00e9 \u00ab\u00a0pero\u00a0\u00bb (mais) qu&rsquo;il va en faire faire une ici en inox et qu&rsquo;on l&rsquo;aura en fin de matin\u00e9e.<\/p>\n<p>On restera une journ\u00e9e de plus, ce matin, il fait tr\u00e8s beau, les canadiens qui \u00e9taient avec moi sur l\u2019\u00eele de la Plata, ont lou\u00e9 un appartement juste derni\u00e8re nous, on ira se baigner ensemble.<\/p>\n<p>Et la pi\u00e8ce arrivera vers 15 h, le m\u00e9canicien lui ne viendra faire la r\u00e9paration qu&rsquo;\u00e0 18 h, on commen\u00e7ait \u00e0 avoir peur. Il n&rsquo;a pas mis longtemps \u00e0 remonter les roues, mais il n&rsquo;avait pas de plaquette pour nous changer celle de l&rsquo;avant, nous devrons donc demain matin aller \u00e0 son garage.<\/p>\n<p><strong>VENDREDI 3 MARS<\/strong><\/p>\n<p>Nous y sommes \u00e0 l&rsquo;ouverture.<\/p>\n<p>Nous retournons sur la plage pour acheter un thon (rouge) plus de 2 kg pour 4 $ et nous partons pour <strong>Aguas Blanca.<\/strong><\/p>\n<p>Il s&rsquo;agit d&rsquo;une communaut\u00e9 \u00e0 10 km de Puerto Lopez, 5 kms avant le village on doit s&rsquo;acquitter d&rsquo;un droit d&rsquo;entr\u00e9e de 5$ par personne et qui nous donne droit \u00e0 la visite avec un guide.<\/p>\n<p>Nous avions l&rsquo;intention de rester y coucher. On s&rsquo;installe donc sur la place. Aussit\u00f4t un\u00a0 guide vient nous voir et nous explique ce que l&rsquo;on peut faire ici. On lui demande quand on fait la visite il nous dit maintenant. Nous aurions pr\u00e9f\u00e9r\u00e9\u00a0attendre l&rsquo;apr\u00e8s midi pour avoir tout notre temps et manger pas trop tard. On s&rsquo;apercevra ensuite qu&rsquo;il n&rsquo;y a aucune visite l&rsquo;apr\u00e8s midi, il faut dire qu&rsquo;il pleut beaucoup.<\/p>\n<p>Nous sommes avec 6 jeunes fran\u00e7ais, la visite est en espagnol. Nous commen\u00e7ons par le mus\u00e9e (bof) puis un peu plus loin une maquette d&rsquo;une maison, je vais plut\u00f4t regarder les oiseaux et ensuite un site arch\u00e9ologique (bof bof)puis nous partons jusqu&rsquo;\u00e0 une laguna volcanique.<\/p>\n<p>En chemin il nous montre juste un arbre ou le fruit sert \u00e0 faire de la colle et 2 ou 3 oiseaux, il \u00e9tait avec une jeune fille qui se pr\u00e9pare \u00e0 \u00eatre guide. Il s&rsquo;est occup\u00e9 plus d&rsquo;elle que de nous.<\/p>\n<p>Les orchid\u00e9es poussent m\u00eame sur les fils \u00e9lectriques<\/p>\n<p><a href=\"https:\/\/i0.wp.com\/genevieveetbernardauxameriques.fr\/wp-content\/uploads\/2017\/03\/DSCN7928.jpg?ssl=1\"><img loading=\"lazy\" decoding=\"async\" data-attachment-id=\"16382\" data-permalink=\"https:\/\/genevieveetbernardauxameriques.fr\/index.php\/2017\/03\/15\/la-cote-pacifique-de-puerto-lopez-a-la-frontiere-colombienne\/dscn7928\/\" data-orig-file=\"https:\/\/i0.wp.com\/genevieveetbernardauxameriques.fr\/wp-content\/uploads\/2017\/03\/DSCN7928.jpg?fit=720%2C540&amp;ssl=1\" data-orig-size=\"720,540\" data-comments-opened=\"1\" data-image-meta=\"{&quot;aperture&quot;:&quot;5&quot;,&quot;credit&quot;:&quot;&quot;,&quot;camera&quot;:&quot;COOLPIX P900&quot;,&quot;caption&quot;:&quot;&quot;,&quot;created_timestamp&quot;:&quot;1488579581&quot;,&quot;copyright&quot;:&quot;&quot;,&quot;focal_length&quot;:&quot;57.1&quot;,&quot;iso&quot;:&quot;100&quot;,&quot;shutter_speed&quot;:&quot;0.0005&quot;,&quot;title&quot;:&quot;&quot;,&quot;orientation&quot;:&quot;1&quot;}\" data-image-title=\"DSCN7928\" data-image-description=\"\" data-image-caption=\"\" data-medium-file=\"https:\/\/i0.wp.com\/genevieveetbernardauxameriques.fr\/wp-content\/uploads\/2017\/03\/DSCN7928.jpg?fit=300%2C225&amp;ssl=1\" data-large-file=\"https:\/\/i0.wp.com\/genevieveetbernardauxameriques.fr\/wp-content\/uploads\/2017\/03\/DSCN7928.jpg?fit=640%2C480&amp;ssl=1\" class=\"wp-image-16382 aligncenter\" src=\"https:\/\/i0.wp.com\/genevieveetbernardauxameriques.fr\/wp-content\/uploads\/2017\/03\/DSCN7928.jpg?resize=467%2C350&#038;ssl=1\" alt=\"\" width=\"467\" height=\"350\" srcset=\"https:\/\/i0.wp.com\/genevieveetbernardauxameriques.fr\/wp-content\/uploads\/2017\/03\/DSCN7928.jpg?w=720&amp;ssl=1 720w, https:\/\/i0.wp.com\/genevieveetbernardauxameriques.fr\/wp-content\/uploads\/2017\/03\/DSCN7928.jpg?resize=300%2C225&amp;ssl=1 300w\" sizes=\"(max-width: 467px) 100vw, 467px\" data-recalc-dims=\"1\" \/><\/a><\/p>\n<p>Un champignon (pour Serge et Marina)<\/p>\n<p><a href=\"https:\/\/i0.wp.com\/genevieveetbernardauxameriques.fr\/wp-content\/uploads\/2017\/03\/DSCN7927.jpg?ssl=1\"><img loading=\"lazy\" decoding=\"async\" data-attachment-id=\"16381\" data-permalink=\"https:\/\/genevieveetbernardauxameriques.fr\/index.php\/2017\/03\/15\/la-cote-pacifique-de-puerto-lopez-a-la-frontiere-colombienne\/dscn7927\/\" data-orig-file=\"https:\/\/i0.wp.com\/genevieveetbernardauxameriques.fr\/wp-content\/uploads\/2017\/03\/DSCN7927.jpg?fit=720%2C540&amp;ssl=1\" data-orig-size=\"720,540\" data-comments-opened=\"1\" data-image-meta=\"{&quot;aperture&quot;:&quot;4.5&quot;,&quot;credit&quot;:&quot;&quot;,&quot;camera&quot;:&quot;COOLPIX P900&quot;,&quot;caption&quot;:&quot;&quot;,&quot;created_timestamp&quot;:&quot;1488575311&quot;,&quot;copyright&quot;:&quot;&quot;,&quot;focal_length&quot;:&quot;26.8&quot;,&quot;iso&quot;:&quot;400&quot;,&quot;shutter_speed&quot;:&quot;0.02&quot;,&quot;title&quot;:&quot;&quot;,&quot;orientation&quot;:&quot;1&quot;}\" data-image-title=\"DSCN7927\" data-image-description=\"\" data-image-caption=\"\" data-medium-file=\"https:\/\/i0.wp.com\/genevieveetbernardauxameriques.fr\/wp-content\/uploads\/2017\/03\/DSCN7927.jpg?fit=300%2C225&amp;ssl=1\" data-large-file=\"https:\/\/i0.wp.com\/genevieveetbernardauxameriques.fr\/wp-content\/uploads\/2017\/03\/DSCN7927.jpg?fit=640%2C480&amp;ssl=1\" class=\"wp-image-16381 aligncenter\" src=\"https:\/\/i0.wp.com\/genevieveetbernardauxameriques.fr\/wp-content\/uploads\/2017\/03\/DSCN7927.jpg?resize=395%2C296&#038;ssl=1\" alt=\"\" width=\"395\" height=\"296\" srcset=\"https:\/\/i0.wp.com\/genevieveetbernardauxameriques.fr\/wp-content\/uploads\/2017\/03\/DSCN7927.jpg?w=720&amp;ssl=1 720w, https:\/\/i0.wp.com\/genevieveetbernardauxameriques.fr\/wp-content\/uploads\/2017\/03\/DSCN7927.jpg?resize=300%2C225&amp;ssl=1 300w\" sizes=\"(max-width: 395px) 100vw, 395px\" data-recalc-dims=\"1\" \/><\/a><\/p>\n<p>On ne voit pas son bec mais il est rouge<\/p>\n<p><a href=\"https:\/\/i0.wp.com\/genevieveetbernardauxameriques.fr\/wp-content\/uploads\/2017\/03\/DSCN7941.jpg?ssl=1\"><img loading=\"lazy\" decoding=\"async\" data-attachment-id=\"16384\" data-permalink=\"https:\/\/genevieveetbernardauxameriques.fr\/index.php\/2017\/03\/15\/la-cote-pacifique-de-puerto-lopez-a-la-frontiere-colombienne\/dscn7941\/\" data-orig-file=\"https:\/\/i0.wp.com\/genevieveetbernardauxameriques.fr\/wp-content\/uploads\/2017\/03\/DSCN7941.jpg?fit=720%2C540&amp;ssl=1\" data-orig-size=\"720,540\" data-comments-opened=\"1\" data-image-meta=\"{&quot;aperture&quot;:&quot;6.5&quot;,&quot;credit&quot;:&quot;&quot;,&quot;camera&quot;:&quot;COOLPIX P900&quot;,&quot;caption&quot;:&quot;&quot;,&quot;created_timestamp&quot;:&quot;1488580899&quot;,&quot;copyright&quot;:&quot;&quot;,&quot;focal_length&quot;:&quot;428.4&quot;,&quot;iso&quot;:&quot;140&quot;,&quot;shutter_speed&quot;:&quot;0.002&quot;,&quot;title&quot;:&quot;&quot;,&quot;orientation&quot;:&quot;1&quot;}\" data-image-title=\"DSCN7941\" data-image-description=\"\" data-image-caption=\"\" data-medium-file=\"https:\/\/i0.wp.com\/genevieveetbernardauxameriques.fr\/wp-content\/uploads\/2017\/03\/DSCN7941.jpg?fit=300%2C225&amp;ssl=1\" data-large-file=\"https:\/\/i0.wp.com\/genevieveetbernardauxameriques.fr\/wp-content\/uploads\/2017\/03\/DSCN7941.jpg?fit=640%2C480&amp;ssl=1\" class=\"alignnone size-full wp-image-16384\" src=\"https:\/\/i0.wp.com\/genevieveetbernardauxameriques.fr\/wp-content\/uploads\/2017\/03\/DSCN7941.jpg?resize=640%2C480&#038;ssl=1\" alt=\"\" width=\"640\" height=\"480\" srcset=\"https:\/\/i0.wp.com\/genevieveetbernardauxameriques.fr\/wp-content\/uploads\/2017\/03\/DSCN7941.jpg?w=720&amp;ssl=1 720w, https:\/\/i0.wp.com\/genevieveetbernardauxameriques.fr\/wp-content\/uploads\/2017\/03\/DSCN7941.jpg?resize=300%2C225&amp;ssl=1 300w\" sizes=\"(max-width: 640px) 100vw, 640px\" data-recalc-dims=\"1\" \/><\/a><\/p>\n<p>des petits cochons<\/p>\n<p><a href=\"https:\/\/i0.wp.com\/genevieveetbernardauxameriques.fr\/wp-content\/uploads\/2017\/03\/DSCN7934.jpg?ssl=1\"><img loading=\"lazy\" decoding=\"async\" data-attachment-id=\"16383\" data-permalink=\"https:\/\/genevieveetbernardauxameriques.fr\/index.php\/2017\/03\/15\/la-cote-pacifique-de-puerto-lopez-a-la-frontiere-colombienne\/dscn7934\/\" data-orig-file=\"https:\/\/i0.wp.com\/genevieveetbernardauxameriques.fr\/wp-content\/uploads\/2017\/03\/DSCN7934.jpg?fit=720%2C540&amp;ssl=1\" data-orig-size=\"720,540\" data-comments-opened=\"1\" data-image-meta=\"{&quot;aperture&quot;:&quot;5&quot;,&quot;credit&quot;:&quot;&quot;,&quot;camera&quot;:&quot;COOLPIX P900&quot;,&quot;caption&quot;:&quot;&quot;,&quot;created_timestamp&quot;:&quot;1488580133&quot;,&quot;copyright&quot;:&quot;&quot;,&quot;focal_length&quot;:&quot;67.8&quot;,&quot;iso&quot;:&quot;220&quot;,&quot;shutter_speed&quot;:&quot;0.008&quot;,&quot;title&quot;:&quot;&quot;,&quot;orientation&quot;:&quot;1&quot;}\" data-image-title=\"DSCN7934\" data-image-description=\"\" data-image-caption=\"\" data-medium-file=\"https:\/\/i0.wp.com\/genevieveetbernardauxameriques.fr\/wp-content\/uploads\/2017\/03\/DSCN7934.jpg?fit=300%2C225&amp;ssl=1\" data-large-file=\"https:\/\/i0.wp.com\/genevieveetbernardauxameriques.fr\/wp-content\/uploads\/2017\/03\/DSCN7934.jpg?fit=640%2C480&amp;ssl=1\" class=\"alignnone size-full wp-image-16383\" src=\"https:\/\/i0.wp.com\/genevieveetbernardauxameriques.fr\/wp-content\/uploads\/2017\/03\/DSCN7934.jpg?resize=640%2C480&#038;ssl=1\" alt=\"\" width=\"640\" height=\"480\" srcset=\"https:\/\/i0.wp.com\/genevieveetbernardauxameriques.fr\/wp-content\/uploads\/2017\/03\/DSCN7934.jpg?w=720&amp;ssl=1 720w, https:\/\/i0.wp.com\/genevieveetbernardauxameriques.fr\/wp-content\/uploads\/2017\/03\/DSCN7934.jpg?resize=300%2C225&amp;ssl=1 300w\" sizes=\"(max-width: 640px) 100vw, 640px\" data-recalc-dims=\"1\" \/><\/a><\/p>\n<p>Une termiti\u00e8re\u00a0<a href=\"https:\/\/i0.wp.com\/genevieveetbernardauxameriques.fr\/wp-content\/uploads\/2017\/03\/DSCN7899.jpg?ssl=1\"><img loading=\"lazy\" decoding=\"async\" data-attachment-id=\"16368\" data-permalink=\"https:\/\/genevieveetbernardauxameriques.fr\/index.php\/2017\/03\/15\/la-cote-pacifique-de-puerto-lopez-a-la-frontiere-colombienne\/dscn7899\/\" data-orig-file=\"https:\/\/i0.wp.com\/genevieveetbernardauxameriques.fr\/wp-content\/uploads\/2017\/03\/DSCN7899.jpg?fit=720%2C540&amp;ssl=1\" data-orig-size=\"720,540\" data-comments-opened=\"1\" data-image-meta=\"{&quot;aperture&quot;:&quot;4&quot;,&quot;credit&quot;:&quot;&quot;,&quot;camera&quot;:&quot;COOLPIX P900&quot;,&quot;caption&quot;:&quot;&quot;,&quot;created_timestamp&quot;:&quot;1488565578&quot;,&quot;copyright&quot;:&quot;&quot;,&quot;focal_length&quot;:&quot;18.7&quot;,&quot;iso&quot;:&quot;100&quot;,&quot;shutter_speed&quot;:&quot;0.0015625&quot;,&quot;title&quot;:&quot;&quot;,&quot;orientation&quot;:&quot;1&quot;}\" data-image-title=\"DSCN7899\" data-image-description=\"\" data-image-caption=\"\" data-medium-file=\"https:\/\/i0.wp.com\/genevieveetbernardauxameriques.fr\/wp-content\/uploads\/2017\/03\/DSCN7899.jpg?fit=300%2C225&amp;ssl=1\" data-large-file=\"https:\/\/i0.wp.com\/genevieveetbernardauxameriques.fr\/wp-content\/uploads\/2017\/03\/DSCN7899.jpg?fit=640%2C480&amp;ssl=1\" class=\"alignnone size-full wp-image-16368\" src=\"https:\/\/i0.wp.com\/genevieveetbernardauxameriques.fr\/wp-content\/uploads\/2017\/03\/DSCN7899.jpg?resize=640%2C480&#038;ssl=1\" alt=\"\" width=\"640\" height=\"480\" srcset=\"https:\/\/i0.wp.com\/genevieveetbernardauxameriques.fr\/wp-content\/uploads\/2017\/03\/DSCN7899.jpg?w=720&amp;ssl=1 720w, https:\/\/i0.wp.com\/genevieveetbernardauxameriques.fr\/wp-content\/uploads\/2017\/03\/DSCN7899.jpg?resize=300%2C225&amp;ssl=1 300w\" sizes=\"(max-width: 640px) 100vw, 640px\" data-recalc-dims=\"1\" \/><\/a><\/p>\n<p>Des vaches (pas vraiment de chez nous)<a href=\"https:\/\/i0.wp.com\/genevieveetbernardauxameriques.fr\/wp-content\/uploads\/2017\/03\/DSCN7901.jpg?ssl=1\"><img loading=\"lazy\" decoding=\"async\" data-attachment-id=\"16369\" data-permalink=\"https:\/\/genevieveetbernardauxameriques.fr\/index.php\/2017\/03\/15\/la-cote-pacifique-de-puerto-lopez-a-la-frontiere-colombienne\/dscn7901\/\" data-orig-file=\"https:\/\/i0.wp.com\/genevieveetbernardauxameriques.fr\/wp-content\/uploads\/2017\/03\/DSCN7901.jpg?fit=720%2C540&amp;ssl=1\" data-orig-size=\"720,540\" data-comments-opened=\"1\" data-image-meta=\"{&quot;aperture&quot;:&quot;4&quot;,&quot;credit&quot;:&quot;&quot;,&quot;camera&quot;:&quot;COOLPIX P900&quot;,&quot;caption&quot;:&quot;&quot;,&quot;created_timestamp&quot;:&quot;1488566636&quot;,&quot;copyright&quot;:&quot;&quot;,&quot;focal_length&quot;:&quot;18.7&quot;,&quot;iso&quot;:&quot;100&quot;,&quot;shutter_speed&quot;:&quot;0.00625&quot;,&quot;title&quot;:&quot;&quot;,&quot;orientation&quot;:&quot;1&quot;}\" data-image-title=\"DSCN7901\" data-image-description=\"\" data-image-caption=\"\" data-medium-file=\"https:\/\/i0.wp.com\/genevieveetbernardauxameriques.fr\/wp-content\/uploads\/2017\/03\/DSCN7901.jpg?fit=300%2C225&amp;ssl=1\" data-large-file=\"https:\/\/i0.wp.com\/genevieveetbernardauxameriques.fr\/wp-content\/uploads\/2017\/03\/DSCN7901.jpg?fit=640%2C480&amp;ssl=1\" class=\"alignnone size-full wp-image-16369\" src=\"https:\/\/i0.wp.com\/genevieveetbernardauxameriques.fr\/wp-content\/uploads\/2017\/03\/DSCN7901.jpg?resize=640%2C480&#038;ssl=1\" alt=\"\" width=\"640\" height=\"480\" srcset=\"https:\/\/i0.wp.com\/genevieveetbernardauxameriques.fr\/wp-content\/uploads\/2017\/03\/DSCN7901.jpg?w=720&amp;ssl=1 720w, https:\/\/i0.wp.com\/genevieveetbernardauxameriques.fr\/wp-content\/uploads\/2017\/03\/DSCN7901.jpg?resize=300%2C225&amp;ssl=1 300w\" sizes=\"(max-width: 640px) 100vw, 640px\" data-recalc-dims=\"1\" \/><\/a> <a href=\"https:\/\/i0.wp.com\/genevieveetbernardauxameriques.fr\/wp-content\/uploads\/2017\/03\/DSCN7898.jpg?ssl=1\"><img loading=\"lazy\" decoding=\"async\" data-attachment-id=\"16367\" data-permalink=\"https:\/\/genevieveetbernardauxameriques.fr\/index.php\/2017\/03\/15\/la-cote-pacifique-de-puerto-lopez-a-la-frontiere-colombienne\/dscn7898\/\" data-orig-file=\"https:\/\/i0.wp.com\/genevieveetbernardauxameriques.fr\/wp-content\/uploads\/2017\/03\/DSCN7898.jpg?fit=720%2C540&amp;ssl=1\" data-orig-size=\"720,540\" data-comments-opened=\"1\" data-image-meta=\"{&quot;aperture&quot;:&quot;5&quot;,&quot;credit&quot;:&quot;&quot;,&quot;camera&quot;:&quot;COOLPIX P900&quot;,&quot;caption&quot;:&quot;&quot;,&quot;created_timestamp&quot;:&quot;1488565557&quot;,&quot;copyright&quot;:&quot;&quot;,&quot;focal_length&quot;:&quot;107&quot;,&quot;iso&quot;:&quot;400&quot;,&quot;shutter_speed&quot;:&quot;0.01&quot;,&quot;title&quot;:&quot;&quot;,&quot;orientation&quot;:&quot;1&quot;}\" data-image-title=\"DSCN7898\" data-image-description=\"\" data-image-caption=\"\" data-medium-file=\"https:\/\/i0.wp.com\/genevieveetbernardauxameriques.fr\/wp-content\/uploads\/2017\/03\/DSCN7898.jpg?fit=300%2C225&amp;ssl=1\" data-large-file=\"https:\/\/i0.wp.com\/genevieveetbernardauxameriques.fr\/wp-content\/uploads\/2017\/03\/DSCN7898.jpg?fit=640%2C480&amp;ssl=1\" class=\"alignnone size-full wp-image-16367\" src=\"https:\/\/i0.wp.com\/genevieveetbernardauxameriques.fr\/wp-content\/uploads\/2017\/03\/DSCN7898.jpg?resize=640%2C480&#038;ssl=1\" alt=\"\" width=\"640\" height=\"480\" srcset=\"https:\/\/i0.wp.com\/genevieveetbernardauxameriques.fr\/wp-content\/uploads\/2017\/03\/DSCN7898.jpg?w=720&amp;ssl=1 720w, https:\/\/i0.wp.com\/genevieveetbernardauxameriques.fr\/wp-content\/uploads\/2017\/03\/DSCN7898.jpg?resize=300%2C225&amp;ssl=1 300w\" sizes=\"(max-width: 640px) 100vw, 640px\" data-recalc-dims=\"1\" \/><\/a><\/p>\n<p>Il a omis de nous montrer le palmier qui fabrique de l\u2019ivoire !!! un ivoire v\u00e9g\u00e9tale nomm\u00e9 tagua tout aussi r\u00e9sistant ; il permet outre des petits objets d\u2019artisanat de faire des touches de piano, des boutons. L\u2019ivoire est contenu dans une coque marron. \u00a0C&rsquo;est au magasin au retour que l&rsquo;on m&rsquo;a donn\u00e9 les explications, et montr\u00e9 la noix, ils vendaient justement des figurines faites avec ce mat\u00e9riaux et cela ressemble bien \u00e0 de l&rsquo;ivoire.<\/p>\n<p>Lorsque nous arrivons \u00e0 la \u00ab\u00a0laguna\u00a0\u00bb il\u00a0 nous dit qu&rsquo;on peut se baigner une demie heure o\u00f9 si l&rsquo;on veut rester plus longtemps il nous indique un mirador et le chemin de retour. Une demi heure apr\u00e8s il s&rsquo;en va avec sa stagiaire.<\/p>\n<p>Quant \u00e0 nous, voil\u00e0 ce que l&rsquo;on fait, apr\u00e8s nous \u00eatre badigeonn\u00e9s de boue que l&rsquo;on nous donne en arrivant.<\/p>\n<p><img loading=\"lazy\" decoding=\"async\" data-attachment-id=\"16377\" data-permalink=\"https:\/\/genevieveetbernardauxameriques.fr\/index.php\/2017\/03\/15\/la-cote-pacifique-de-puerto-lopez-a-la-frontiere-colombienne\/dscn7920\/\" data-orig-file=\"https:\/\/i0.wp.com\/genevieveetbernardauxameriques.fr\/wp-content\/uploads\/2017\/03\/DSCN7920.jpg?fit=720%2C540&amp;ssl=1\" data-orig-size=\"720,540\" data-comments-opened=\"1\" data-image-meta=\"{&quot;aperture&quot;:&quot;4.5&quot;,&quot;credit&quot;:&quot;&quot;,&quot;camera&quot;:&quot;COOLPIX P900&quot;,&quot;caption&quot;:&quot;&quot;,&quot;created_timestamp&quot;:&quot;1488572186&quot;,&quot;copyright&quot;:&quot;&quot;,&quot;focal_length&quot;:&quot;42.8&quot;,&quot;iso&quot;:&quot;140&quot;,&quot;shutter_speed&quot;:&quot;0.008&quot;,&quot;title&quot;:&quot;&quot;,&quot;orientation&quot;:&quot;1&quot;}\" data-image-title=\"DSCN7920\" data-image-description=\"\" data-image-caption=\"\" data-medium-file=\"https:\/\/i0.wp.com\/genevieveetbernardauxameriques.fr\/wp-content\/uploads\/2017\/03\/DSCN7920.jpg?fit=300%2C225&amp;ssl=1\" data-large-file=\"https:\/\/i0.wp.com\/genevieveetbernardauxameriques.fr\/wp-content\/uploads\/2017\/03\/DSCN7920.jpg?fit=640%2C480&amp;ssl=1\" class=\"alignnone size-full wp-image-16377\" src=\"https:\/\/i0.wp.com\/genevieveetbernardauxameriques.fr\/wp-content\/uploads\/2017\/03\/DSCN7920.jpg?resize=640%2C480&#038;ssl=1\" alt=\"\" width=\"640\" height=\"480\" srcset=\"https:\/\/i0.wp.com\/genevieveetbernardauxameriques.fr\/wp-content\/uploads\/2017\/03\/DSCN7920.jpg?w=720&amp;ssl=1 720w, https:\/\/i0.wp.com\/genevieveetbernardauxameriques.fr\/wp-content\/uploads\/2017\/03\/DSCN7920.jpg?resize=300%2C225&amp;ssl=1 300w\" sizes=\"(max-width: 640px) 100vw, 640px\" data-recalc-dims=\"1\" \/><\/p>\n<div data-carousel-extra='{\"blog_id\":1,\"permalink\":\"https:\\\/\\\/genevieveetbernardauxameriques.fr\\\/index.php\\\/2017\\\/03\\\/15\\\/la-cote-pacifique-de-puerto-lopez-a-la-frontiere-colombienne\\\/\"}' id='gallery-3' class='gallery galleryid-16319 gallery-columns-2 gallery-size-full'><dl class='gallery-item'>\n\t\t\t<dt class='gallery-icon landscape'>\n\t\t\t\t<a href='https:\/\/genevieveetbernardauxameriques.fr\/index.php\/2017\/03\/15\/la-cote-pacifique-de-puerto-lopez-a-la-frontiere-colombienne\/dscn7908\/'><img loading=\"lazy\" decoding=\"async\" width=\"720\" height=\"540\" src=\"https:\/\/i0.wp.com\/genevieveetbernardauxameriques.fr\/wp-content\/uploads\/2017\/03\/DSCN7908.jpg?fit=720%2C540&amp;ssl=1\" class=\"attachment-full size-full\" alt=\"\" srcset=\"https:\/\/i0.wp.com\/genevieveetbernardauxameriques.fr\/wp-content\/uploads\/2017\/03\/DSCN7908.jpg?w=720&amp;ssl=1 720w, https:\/\/i0.wp.com\/genevieveetbernardauxameriques.fr\/wp-content\/uploads\/2017\/03\/DSCN7908.jpg?resize=300%2C225&amp;ssl=1 300w\" sizes=\"(max-width: 640px) 100vw, 640px\" data-attachment-id=\"16370\" data-permalink=\"https:\/\/genevieveetbernardauxameriques.fr\/index.php\/2017\/03\/15\/la-cote-pacifique-de-puerto-lopez-a-la-frontiere-colombienne\/dscn7908\/\" data-orig-file=\"https:\/\/i0.wp.com\/genevieveetbernardauxameriques.fr\/wp-content\/uploads\/2017\/03\/DSCN7908.jpg?fit=720%2C540&amp;ssl=1\" data-orig-size=\"720,540\" data-comments-opened=\"1\" data-image-meta=\"{&quot;aperture&quot;:&quot;4&quot;,&quot;credit&quot;:&quot;&quot;,&quot;camera&quot;:&quot;COOLPIX P900&quot;,&quot;caption&quot;:&quot;&quot;,&quot;created_timestamp&quot;:&quot;1488568649&quot;,&quot;copyright&quot;:&quot;&quot;,&quot;focal_length&quot;:&quot;24.1&quot;,&quot;iso&quot;:&quot;100&quot;,&quot;shutter_speed&quot;:&quot;0.016666666666667&quot;,&quot;title&quot;:&quot;&quot;,&quot;orientation&quot;:&quot;1&quot;}\" data-image-title=\"DSCN7908\" data-image-description=\"\" data-image-caption=\"\" data-medium-file=\"https:\/\/i0.wp.com\/genevieveetbernardauxameriques.fr\/wp-content\/uploads\/2017\/03\/DSCN7908.jpg?fit=300%2C225&amp;ssl=1\" data-large-file=\"https:\/\/i0.wp.com\/genevieveetbernardauxameriques.fr\/wp-content\/uploads\/2017\/03\/DSCN7908.jpg?fit=640%2C480&amp;ssl=1\" \/><\/a>\n\t\t\t<\/dt><\/dl><dl class='gallery-item'>\n\t\t\t<dt class='gallery-icon landscape'>\n\t\t\t\t<a href='https:\/\/genevieveetbernardauxameriques.fr\/index.php\/2017\/03\/15\/la-cote-pacifique-de-puerto-lopez-a-la-frontiere-colombienne\/dscn7916\/'><img loading=\"lazy\" decoding=\"async\" width=\"720\" height=\"540\" src=\"https:\/\/i0.wp.com\/genevieveetbernardauxameriques.fr\/wp-content\/uploads\/2017\/03\/DSCN7916.jpg?fit=720%2C540&amp;ssl=1\" class=\"attachment-full size-full\" alt=\"\" srcset=\"https:\/\/i0.wp.com\/genevieveetbernardauxameriques.fr\/wp-content\/uploads\/2017\/03\/DSCN7916.jpg?w=720&amp;ssl=1 720w, https:\/\/i0.wp.com\/genevieveetbernardauxameriques.fr\/wp-content\/uploads\/2017\/03\/DSCN7916.jpg?resize=300%2C225&amp;ssl=1 300w\" sizes=\"(max-width: 640px) 100vw, 640px\" data-attachment-id=\"16375\" data-permalink=\"https:\/\/genevieveetbernardauxameriques.fr\/index.php\/2017\/03\/15\/la-cote-pacifique-de-puerto-lopez-a-la-frontiere-colombienne\/dscn7916\/\" data-orig-file=\"https:\/\/i0.wp.com\/genevieveetbernardauxameriques.fr\/wp-content\/uploads\/2017\/03\/DSCN7916.jpg?fit=720%2C540&amp;ssl=1\" data-orig-size=\"720,540\" data-comments-opened=\"1\" data-image-meta=\"{&quot;aperture&quot;:&quot;4&quot;,&quot;credit&quot;:&quot;&quot;,&quot;camera&quot;:&quot;COOLPIX P900&quot;,&quot;caption&quot;:&quot;&quot;,&quot;created_timestamp&quot;:&quot;1488572134&quot;,&quot;copyright&quot;:&quot;&quot;,&quot;focal_length&quot;:&quot;22.3&quot;,&quot;iso&quot;:&quot;100&quot;,&quot;shutter_speed&quot;:&quot;0.01&quot;,&quot;title&quot;:&quot;&quot;,&quot;orientation&quot;:&quot;1&quot;}\" data-image-title=\"DSCN7916\" data-image-description=\"\" data-image-caption=\"\" data-medium-file=\"https:\/\/i0.wp.com\/genevieveetbernardauxameriques.fr\/wp-content\/uploads\/2017\/03\/DSCN7916.jpg?fit=300%2C225&amp;ssl=1\" data-large-file=\"https:\/\/i0.wp.com\/genevieveetbernardauxameriques.fr\/wp-content\/uploads\/2017\/03\/DSCN7916.jpg?fit=640%2C480&amp;ssl=1\" \/><\/a>\n\t\t\t<\/dt><\/dl><br style=\"clear: both\" \/>\n\t\t<\/div>\n\n<p>La laguna en fait est un petit bassin naturel d&rsquo;eau sulfureuse o\u00f9\u00a0l&rsquo;on nage dans une eau un peu noire. On se badigeonne de boue, on reste une demi heure \u00e0 s\u00e9cher au soleil puis on va nager.<\/p>\n<p>Voil\u00e0 ce qu&rsquo;il y avait sur la porte d&rsquo;un vestiaire,\u00a0j&rsquo;ai chang\u00e9 de cabine<\/p>\n<p><a href=\"https:\/\/i0.wp.com\/genevieveetbernardauxameriques.fr\/wp-content\/uploads\/2017\/03\/DSCN7913.jpg?ssl=1\"><img loading=\"lazy\" decoding=\"async\" data-attachment-id=\"16373\" data-permalink=\"https:\/\/genevieveetbernardauxameriques.fr\/index.php\/2017\/03\/15\/la-cote-pacifique-de-puerto-lopez-a-la-frontiere-colombienne\/dscn7913\/\" data-orig-file=\"https:\/\/i0.wp.com\/genevieveetbernardauxameriques.fr\/wp-content\/uploads\/2017\/03\/DSCN7913.jpg?fit=720%2C540&amp;ssl=1\" data-orig-size=\"720,540\" data-comments-opened=\"1\" data-image-meta=\"{&quot;aperture&quot;:&quot;4&quot;,&quot;credit&quot;:&quot;&quot;,&quot;camera&quot;:&quot;COOLPIX P900&quot;,&quot;caption&quot;:&quot;&quot;,&quot;created_timestamp&quot;:&quot;1488571761&quot;,&quot;copyright&quot;:&quot;&quot;,&quot;focal_length&quot;:&quot;20.5&quot;,&quot;iso&quot;:&quot;200&quot;,&quot;shutter_speed&quot;:&quot;0.016666666666667&quot;,&quot;title&quot;:&quot;&quot;,&quot;orientation&quot;:&quot;1&quot;}\" data-image-title=\"DSCN7913\" data-image-description=\"\" data-image-caption=\"\" data-medium-file=\"https:\/\/i0.wp.com\/genevieveetbernardauxameriques.fr\/wp-content\/uploads\/2017\/03\/DSCN7913.jpg?fit=300%2C225&amp;ssl=1\" data-large-file=\"https:\/\/i0.wp.com\/genevieveetbernardauxameriques.fr\/wp-content\/uploads\/2017\/03\/DSCN7913.jpg?fit=640%2C480&amp;ssl=1\" class=\"alignnone size-full wp-image-16373\" src=\"https:\/\/i0.wp.com\/genevieveetbernardauxameriques.fr\/wp-content\/uploads\/2017\/03\/DSCN7913.jpg?resize=640%2C480&#038;ssl=1\" alt=\"\" width=\"640\" height=\"480\" srcset=\"https:\/\/i0.wp.com\/genevieveetbernardauxameriques.fr\/wp-content\/uploads\/2017\/03\/DSCN7913.jpg?w=720&amp;ssl=1 720w, https:\/\/i0.wp.com\/genevieveetbernardauxameriques.fr\/wp-content\/uploads\/2017\/03\/DSCN7913.jpg?resize=300%2C225&amp;ssl=1 300w\" sizes=\"(max-width: 640px) 100vw, 640px\" data-recalc-dims=\"1\" \/><\/a><\/p>\n<p>Apr\u00e8s avoir termin\u00e9 tout cela, une bonne douche et nous repartons, pas tranquillement car la pluie vient de se mettre a tomber.<\/p>\n<p>Les 6 jeunes sont partis avant nous, on va tout de m\u00eame monter au mirador<br \/>\n<a href=\"https:\/\/i0.wp.com\/genevieveetbernardauxameriques.fr\/wp-content\/uploads\/2017\/03\/DSCN7921.jpg?ssl=1\"><img loading=\"lazy\" decoding=\"async\" data-attachment-id=\"16378\" data-permalink=\"https:\/\/genevieveetbernardauxameriques.fr\/index.php\/2017\/03\/15\/la-cote-pacifique-de-puerto-lopez-a-la-frontiere-colombienne\/dscn7921\/\" data-orig-file=\"https:\/\/i0.wp.com\/genevieveetbernardauxameriques.fr\/wp-content\/uploads\/2017\/03\/DSCN7921.jpg?fit=720%2C540&amp;ssl=1\" data-orig-size=\"720,540\" data-comments-opened=\"1\" data-image-meta=\"{&quot;aperture&quot;:&quot;3.5&quot;,&quot;credit&quot;:&quot;&quot;,&quot;camera&quot;:&quot;COOLPIX P900&quot;,&quot;caption&quot;:&quot;&quot;,&quot;created_timestamp&quot;:&quot;1488573961&quot;,&quot;copyright&quot;:&quot;&quot;,&quot;focal_length&quot;:&quot;9.8&quot;,&quot;iso&quot;:&quot;100&quot;,&quot;shutter_speed&quot;:&quot;0.008&quot;,&quot;title&quot;:&quot;&quot;,&quot;orientation&quot;:&quot;1&quot;}\" data-image-title=\"DSCN7921\" data-image-description=\"\" data-image-caption=\"\" data-medium-file=\"https:\/\/i0.wp.com\/genevieveetbernardauxameriques.fr\/wp-content\/uploads\/2017\/03\/DSCN7921.jpg?fit=300%2C225&amp;ssl=1\" data-large-file=\"https:\/\/i0.wp.com\/genevieveetbernardauxameriques.fr\/wp-content\/uploads\/2017\/03\/DSCN7921.jpg?fit=640%2C480&amp;ssl=1\" class=\"alignnone size-full wp-image-16378\" src=\"https:\/\/i0.wp.com\/genevieveetbernardauxameriques.fr\/wp-content\/uploads\/2017\/03\/DSCN7921.jpg?resize=640%2C480&#038;ssl=1\" alt=\"\" width=\"640\" height=\"480\" srcset=\"https:\/\/i0.wp.com\/genevieveetbernardauxameriques.fr\/wp-content\/uploads\/2017\/03\/DSCN7921.jpg?w=720&amp;ssl=1 720w, https:\/\/i0.wp.com\/genevieveetbernardauxameriques.fr\/wp-content\/uploads\/2017\/03\/DSCN7921.jpg?resize=300%2C225&amp;ssl=1 300w\" sizes=\"(max-width: 640px) 100vw, 640px\" data-recalc-dims=\"1\" \/><\/a> <a href=\"https:\/\/i0.wp.com\/genevieveetbernardauxameriques.fr\/wp-content\/uploads\/2017\/03\/DSCN7922.jpg?ssl=1\"><img loading=\"lazy\" decoding=\"async\" data-attachment-id=\"16379\" data-permalink=\"https:\/\/genevieveetbernardauxameriques.fr\/index.php\/2017\/03\/15\/la-cote-pacifique-de-puerto-lopez-a-la-frontiere-colombienne\/dscn7922\/\" data-orig-file=\"https:\/\/i0.wp.com\/genevieveetbernardauxameriques.fr\/wp-content\/uploads\/2017\/03\/DSCN7922.jpg?fit=720%2C540&amp;ssl=1\" data-orig-size=\"720,540\" data-comments-opened=\"1\" data-image-meta=\"{&quot;aperture&quot;:&quot;3.5&quot;,&quot;credit&quot;:&quot;&quot;,&quot;camera&quot;:&quot;COOLPIX P900&quot;,&quot;caption&quot;:&quot;&quot;,&quot;created_timestamp&quot;:&quot;1488574055&quot;,&quot;copyright&quot;:&quot;&quot;,&quot;focal_length&quot;:&quot;8.9&quot;,&quot;iso&quot;:&quot;100&quot;,&quot;shutter_speed&quot;:&quot;0.002&quot;,&quot;title&quot;:&quot;&quot;,&quot;orientation&quot;:&quot;1&quot;}\" data-image-title=\"DSCN7922\" data-image-description=\"\" data-image-caption=\"\" data-medium-file=\"https:\/\/i0.wp.com\/genevieveetbernardauxameriques.fr\/wp-content\/uploads\/2017\/03\/DSCN7922.jpg?fit=300%2C225&amp;ssl=1\" data-large-file=\"https:\/\/i0.wp.com\/genevieveetbernardauxameriques.fr\/wp-content\/uploads\/2017\/03\/DSCN7922.jpg?fit=640%2C480&amp;ssl=1\" class=\"alignnone size-full wp-image-16379\" src=\"https:\/\/i0.wp.com\/genevieveetbernardauxameriques.fr\/wp-content\/uploads\/2017\/03\/DSCN7922.jpg?resize=640%2C480&#038;ssl=1\" alt=\"\" width=\"640\" height=\"480\" srcset=\"https:\/\/i0.wp.com\/genevieveetbernardauxameriques.fr\/wp-content\/uploads\/2017\/03\/DSCN7922.jpg?w=720&amp;ssl=1 720w, https:\/\/i0.wp.com\/genevieveetbernardauxameriques.fr\/wp-content\/uploads\/2017\/03\/DSCN7922.jpg?resize=300%2C225&amp;ssl=1 300w\" sizes=\"(max-width: 640px) 100vw, 640px\" data-recalc-dims=\"1\" \/><\/a> <a href=\"https:\/\/i0.wp.com\/genevieveetbernardauxameriques.fr\/wp-content\/uploads\/2017\/03\/DSCN7923.jpg?ssl=1\"><img loading=\"lazy\" decoding=\"async\" data-attachment-id=\"16380\" data-permalink=\"https:\/\/genevieveetbernardauxameriques.fr\/index.php\/2017\/03\/15\/la-cote-pacifique-de-puerto-lopez-a-la-frontiere-colombienne\/dscn7923\/\" data-orig-file=\"https:\/\/i0.wp.com\/genevieveetbernardauxameriques.fr\/wp-content\/uploads\/2017\/03\/DSCN7923.jpg?fit=720%2C540&amp;ssl=1\" data-orig-size=\"720,540\" data-comments-opened=\"1\" data-image-meta=\"{&quot;aperture&quot;:&quot;3.5&quot;,&quot;credit&quot;:&quot;&quot;,&quot;camera&quot;:&quot;COOLPIX P900&quot;,&quot;caption&quot;:&quot;&quot;,&quot;created_timestamp&quot;:&quot;1488574164&quot;,&quot;copyright&quot;:&quot;&quot;,&quot;focal_length&quot;:&quot;8.9&quot;,&quot;iso&quot;:&quot;100&quot;,&quot;shutter_speed&quot;:&quot;0.0025&quot;,&quot;title&quot;:&quot;&quot;,&quot;orientation&quot;:&quot;1&quot;}\" data-image-title=\"DSCN7923\" data-image-description=\"\" data-image-caption=\"\" data-medium-file=\"https:\/\/i0.wp.com\/genevieveetbernardauxameriques.fr\/wp-content\/uploads\/2017\/03\/DSCN7923.jpg?fit=300%2C225&amp;ssl=1\" data-large-file=\"https:\/\/i0.wp.com\/genevieveetbernardauxameriques.fr\/wp-content\/uploads\/2017\/03\/DSCN7923.jpg?fit=640%2C480&amp;ssl=1\" class=\"alignnone size-full wp-image-16380\" src=\"https:\/\/i0.wp.com\/genevieveetbernardauxameriques.fr\/wp-content\/uploads\/2017\/03\/DSCN7923.jpg?resize=640%2C480&#038;ssl=1\" alt=\"\" width=\"640\" height=\"480\" srcset=\"https:\/\/i0.wp.com\/genevieveetbernardauxameriques.fr\/wp-content\/uploads\/2017\/03\/DSCN7923.jpg?w=720&amp;ssl=1 720w, https:\/\/i0.wp.com\/genevieveetbernardauxameriques.fr\/wp-content\/uploads\/2017\/03\/DSCN7923.jpg?resize=300%2C225&amp;ssl=1 300w\" sizes=\"(max-width: 640px) 100vw, 640px\" data-recalc-dims=\"1\" \/><\/a><\/p>\n<p>Et rentrer vite car il pleut maintenant \u00e0 seaux.<\/p>\n<p>Il est plus de 14 h lorsqu&rsquo;on va manger un morceau de thon dans le camper.<\/p>\n<p>Comme la pluie continue, nous d\u00e9cidons de partir, impossible de se balader dans les environs, le chemin devient glissant.<\/p>\n<p>Nous prenons la route de la c\u00f4te, mais on ne peut profiter des plages, le temps est pourri, nous irons donc jusqu&rsquo;\u00e0 Montecristi sans nous arr\u00eater.<\/p>\n<p>Voil\u00e0 les paysages rencontr\u00e9s en chemin, partout la for\u00eat (les grandes tiges plus claires ceux sont des cactus qui semblent \u00e0 moiti\u00e9 morts)<\/p>\n<p><a href=\"https:\/\/i0.wp.com\/genevieveetbernardauxameriques.fr\/wp-content\/uploads\/2017\/03\/DSCN7942.jpg?ssl=1\"><img loading=\"lazy\" decoding=\"async\" data-attachment-id=\"16385\" data-permalink=\"https:\/\/genevieveetbernardauxameriques.fr\/index.php\/2017\/03\/15\/la-cote-pacifique-de-puerto-lopez-a-la-frontiere-colombienne\/dscn7942\/\" data-orig-file=\"https:\/\/i0.wp.com\/genevieveetbernardauxameriques.fr\/wp-content\/uploads\/2017\/03\/DSCN7942.jpg?fit=720%2C540&amp;ssl=1\" data-orig-size=\"720,540\" data-comments-opened=\"1\" data-image-meta=\"{&quot;aperture&quot;:&quot;3.5&quot;,&quot;credit&quot;:&quot;&quot;,&quot;camera&quot;:&quot;COOLPIX P900&quot;,&quot;caption&quot;:&quot;&quot;,&quot;created_timestamp&quot;:&quot;1488582280&quot;,&quot;copyright&quot;:&quot;&quot;,&quot;focal_length&quot;:&quot;14.3&quot;,&quot;iso&quot;:&quot;100&quot;,&quot;shutter_speed&quot;:&quot;0.00625&quot;,&quot;title&quot;:&quot;&quot;,&quot;orientation&quot;:&quot;1&quot;}\" data-image-title=\"DSCN7942\" data-image-description=\"\" data-image-caption=\"\" data-medium-file=\"https:\/\/i0.wp.com\/genevieveetbernardauxameriques.fr\/wp-content\/uploads\/2017\/03\/DSCN7942.jpg?fit=300%2C225&amp;ssl=1\" data-large-file=\"https:\/\/i0.wp.com\/genevieveetbernardauxameriques.fr\/wp-content\/uploads\/2017\/03\/DSCN7942.jpg?fit=640%2C480&amp;ssl=1\" class=\"alignnone size-full wp-image-16385\" src=\"https:\/\/i0.wp.com\/genevieveetbernardauxameriques.fr\/wp-content\/uploads\/2017\/03\/DSCN7942.jpg?resize=640%2C480&#038;ssl=1\" alt=\"\" width=\"640\" height=\"480\" srcset=\"https:\/\/i0.wp.com\/genevieveetbernardauxameriques.fr\/wp-content\/uploads\/2017\/03\/DSCN7942.jpg?w=720&amp;ssl=1 720w, https:\/\/i0.wp.com\/genevieveetbernardauxameriques.fr\/wp-content\/uploads\/2017\/03\/DSCN7942.jpg?resize=300%2C225&amp;ssl=1 300w\" sizes=\"(max-width: 640px) 100vw, 640px\" data-recalc-dims=\"1\" \/><\/a><\/p>\n<p>La for\u00eat tropicale s\u00e8che forme un paysage \u00e9trange avec ses arbres en\u00a0 forme de bouteilles, en bas et, dans la zone la plus \u00e9lev\u00e9e, on arrive \u00e0 la for\u00eat tropicale humide ou l&rsquo;on trouve un arbre \u00e0 l&rsquo;\u00e9corce verte, des kapokiers, des cactus cand\u00e9labres, figuiers de barbaries, lauriers et palo santo.<\/p>\n<p><a href=\"https:\/\/i0.wp.com\/genevieveetbernardauxameriques.fr\/wp-content\/uploads\/2017\/03\/DSCN7943.jpg?ssl=1\"><img loading=\"lazy\" decoding=\"async\" data-attachment-id=\"16386\" data-permalink=\"https:\/\/genevieveetbernardauxameriques.fr\/index.php\/2017\/03\/15\/la-cote-pacifique-de-puerto-lopez-a-la-frontiere-colombienne\/dscn7943\/\" data-orig-file=\"https:\/\/i0.wp.com\/genevieveetbernardauxameriques.fr\/wp-content\/uploads\/2017\/03\/DSCN7943.jpg?fit=540%2C720&amp;ssl=1\" data-orig-size=\"540,720\" data-comments-opened=\"1\" data-image-meta=\"{&quot;aperture&quot;:&quot;3.5&quot;,&quot;credit&quot;:&quot;&quot;,&quot;camera&quot;:&quot;COOLPIX P900&quot;,&quot;caption&quot;:&quot;&quot;,&quot;created_timestamp&quot;:&quot;1488585898&quot;,&quot;copyright&quot;:&quot;&quot;,&quot;focal_length&quot;:&quot;12.5&quot;,&quot;iso&quot;:&quot;100&quot;,&quot;shutter_speed&quot;:&quot;0.005&quot;,&quot;title&quot;:&quot;&quot;,&quot;orientation&quot;:&quot;1&quot;}\" data-image-title=\"DSCN7943\" data-image-description=\"\" data-image-caption=\"\" data-medium-file=\"https:\/\/i0.wp.com\/genevieveetbernardauxameriques.fr\/wp-content\/uploads\/2017\/03\/DSCN7943.jpg?fit=225%2C300&amp;ssl=1\" data-large-file=\"https:\/\/i0.wp.com\/genevieveetbernardauxameriques.fr\/wp-content\/uploads\/2017\/03\/DSCN7943.jpg?fit=540%2C720&amp;ssl=1\" class=\"size-full wp-image-16386 aligncenter\" src=\"https:\/\/i0.wp.com\/genevieveetbernardauxameriques.fr\/wp-content\/uploads\/2017\/03\/DSCN7943.jpg?resize=540%2C720&#038;ssl=1\" alt=\"\" width=\"540\" height=\"720\" srcset=\"https:\/\/i0.wp.com\/genevieveetbernardauxameriques.fr\/wp-content\/uploads\/2017\/03\/DSCN7943.jpg?w=540&amp;ssl=1 540w, https:\/\/i0.wp.com\/genevieveetbernardauxameriques.fr\/wp-content\/uploads\/2017\/03\/DSCN7943.jpg?resize=225%2C300&amp;ssl=1 225w\" sizes=\"(max-width: 540px) 100vw, 540px\" data-recalc-dims=\"1\" \/><\/a> <a href=\"https:\/\/i0.wp.com\/genevieveetbernardauxameriques.fr\/wp-content\/uploads\/2017\/03\/DSCN7944.jpg?ssl=1\"><img loading=\"lazy\" decoding=\"async\" data-attachment-id=\"16390\" data-permalink=\"https:\/\/genevieveetbernardauxameriques.fr\/index.php\/2017\/03\/15\/la-cote-pacifique-de-puerto-lopez-a-la-frontiere-colombienne\/dscn7944\/\" data-orig-file=\"https:\/\/i0.wp.com\/genevieveetbernardauxameriques.fr\/wp-content\/uploads\/2017\/03\/DSCN7944.jpg?fit=720%2C540&amp;ssl=1\" data-orig-size=\"720,540\" data-comments-opened=\"1\" data-image-meta=\"{&quot;aperture&quot;:&quot;3.5&quot;,&quot;credit&quot;:&quot;&quot;,&quot;camera&quot;:&quot;COOLPIX P900&quot;,&quot;caption&quot;:&quot;&quot;,&quot;created_timestamp&quot;:&quot;1488585928&quot;,&quot;copyright&quot;:&quot;&quot;,&quot;focal_length&quot;:&quot;14.3&quot;,&quot;iso&quot;:&quot;100&quot;,&quot;shutter_speed&quot;:&quot;0.01&quot;,&quot;title&quot;:&quot;&quot;,&quot;orientation&quot;:&quot;1&quot;}\" data-image-title=\"DSCN7944\" data-image-description=\"\" data-image-caption=\"\" data-medium-file=\"https:\/\/i0.wp.com\/genevieveetbernardauxameriques.fr\/wp-content\/uploads\/2017\/03\/DSCN7944.jpg?fit=300%2C225&amp;ssl=1\" data-large-file=\"https:\/\/i0.wp.com\/genevieveetbernardauxameriques.fr\/wp-content\/uploads\/2017\/03\/DSCN7944.jpg?fit=640%2C480&amp;ssl=1\" class=\"alignnone size-full wp-image-16390\" src=\"https:\/\/i0.wp.com\/genevieveetbernardauxameriques.fr\/wp-content\/uploads\/2017\/03\/DSCN7944.jpg?resize=640%2C480&#038;ssl=1\" alt=\"\" width=\"640\" height=\"480\" srcset=\"https:\/\/i0.wp.com\/genevieveetbernardauxameriques.fr\/wp-content\/uploads\/2017\/03\/DSCN7944.jpg?w=720&amp;ssl=1 720w, https:\/\/i0.wp.com\/genevieveetbernardauxameriques.fr\/wp-content\/uploads\/2017\/03\/DSCN7944.jpg?resize=300%2C225&amp;ssl=1 300w\" sizes=\"(max-width: 640px) 100vw, 640px\" data-recalc-dims=\"1\" \/><\/a> <a href=\"https:\/\/i0.wp.com\/genevieveetbernardauxameriques.fr\/wp-content\/uploads\/2017\/03\/DSCN7946.jpg?ssl=1\"><img loading=\"lazy\" decoding=\"async\" data-attachment-id=\"16391\" data-permalink=\"https:\/\/genevieveetbernardauxameriques.fr\/index.php\/2017\/03\/15\/la-cote-pacifique-de-puerto-lopez-a-la-frontiere-colombienne\/dscn7946\/\" data-orig-file=\"https:\/\/i0.wp.com\/genevieveetbernardauxameriques.fr\/wp-content\/uploads\/2017\/03\/DSCN7946.jpg?fit=720%2C540&amp;ssl=1\" data-orig-size=\"720,540\" data-comments-opened=\"1\" data-image-meta=\"{&quot;aperture&quot;:&quot;3.5&quot;,&quot;credit&quot;:&quot;&quot;,&quot;camera&quot;:&quot;COOLPIX P900&quot;,&quot;caption&quot;:&quot;&quot;,&quot;created_timestamp&quot;:&quot;1488585950&quot;,&quot;copyright&quot;:&quot;&quot;,&quot;focal_length&quot;:&quot;12.5&quot;,&quot;iso&quot;:&quot;100&quot;,&quot;shutter_speed&quot;:&quot;0.003125&quot;,&quot;title&quot;:&quot;&quot;,&quot;orientation&quot;:&quot;1&quot;}\" data-image-title=\"DSCN7946\" data-image-description=\"\" data-image-caption=\"\" data-medium-file=\"https:\/\/i0.wp.com\/genevieveetbernardauxameriques.fr\/wp-content\/uploads\/2017\/03\/DSCN7946.jpg?fit=300%2C225&amp;ssl=1\" data-large-file=\"https:\/\/i0.wp.com\/genevieveetbernardauxameriques.fr\/wp-content\/uploads\/2017\/03\/DSCN7946.jpg?fit=640%2C480&amp;ssl=1\" class=\"alignnone size-full wp-image-16391\" src=\"https:\/\/i0.wp.com\/genevieveetbernardauxameriques.fr\/wp-content\/uploads\/2017\/03\/DSCN7946.jpg?resize=640%2C480&#038;ssl=1\" alt=\"\" width=\"640\" height=\"480\" srcset=\"https:\/\/i0.wp.com\/genevieveetbernardauxameriques.fr\/wp-content\/uploads\/2017\/03\/DSCN7946.jpg?w=720&amp;ssl=1 720w, https:\/\/i0.wp.com\/genevieveetbernardauxameriques.fr\/wp-content\/uploads\/2017\/03\/DSCN7946.jpg?resize=300%2C225&amp;ssl=1 300w\" sizes=\"(max-width: 640px) 100vw, 640px\" data-recalc-dims=\"1\" \/><\/a><\/p>\n<p>Une fleur au loin dans un arbre<\/p>\n<p><img loading=\"lazy\" decoding=\"async\" data-attachment-id=\"16425\" data-permalink=\"https:\/\/genevieveetbernardauxameriques.fr\/index.php\/2017\/03\/15\/la-cote-pacifique-de-puerto-lopez-a-la-frontiere-colombienne\/rscn7830-2\/\" data-orig-file=\"https:\/\/i0.wp.com\/genevieveetbernardauxameriques.fr\/wp-content\/uploads\/2017\/03\/RSCN7830-1.jpg?fit=640%2C480&amp;ssl=1\" data-orig-size=\"640,480\" data-comments-opened=\"1\" data-image-meta=\"{&quot;aperture&quot;:&quot;6.3&quot;,&quot;credit&quot;:&quot;&quot;,&quot;camera&quot;:&quot;COOLPIX P900&quot;,&quot;caption&quot;:&quot;&quot;,&quot;created_timestamp&quot;:&quot;1487884319&quot;,&quot;copyright&quot;:&quot;&quot;,&quot;focal_length&quot;:&quot;321&quot;,&quot;iso&quot;:&quot;100&quot;,&quot;shutter_speed&quot;:&quot;0.002&quot;,&quot;title&quot;:&quot;&quot;,&quot;orientation&quot;:&quot;1&quot;}\" data-image-title=\"RSCN7830\" data-image-description=\"\" data-image-caption=\"\" data-medium-file=\"https:\/\/i0.wp.com\/genevieveetbernardauxameriques.fr\/wp-content\/uploads\/2017\/03\/RSCN7830-1.jpg?fit=300%2C225&amp;ssl=1\" data-large-file=\"https:\/\/i0.wp.com\/genevieveetbernardauxameriques.fr\/wp-content\/uploads\/2017\/03\/RSCN7830-1.jpg?fit=640%2C480&amp;ssl=1\" class=\"alignnone size-full wp-image-16425\" src=\"https:\/\/i0.wp.com\/genevieveetbernardauxameriques.fr\/wp-content\/uploads\/2017\/03\/RSCN7830-1.jpg?resize=640%2C480&#038;ssl=1\" alt=\"\" width=\"640\" height=\"480\" srcset=\"https:\/\/i0.wp.com\/genevieveetbernardauxameriques.fr\/wp-content\/uploads\/2017\/03\/RSCN7830-1.jpg?w=640&amp;ssl=1 640w, https:\/\/i0.wp.com\/genevieveetbernardauxameriques.fr\/wp-content\/uploads\/2017\/03\/RSCN7830-1.jpg?resize=300%2C225&amp;ssl=1 300w\" sizes=\"(max-width: 640px) 100vw, 640px\" data-recalc-dims=\"1\" \/><\/p>\n<p>Et l&rsquo;on arrive \u00e0 <strong>MONTECRISTI<\/strong> , ville des chapeaux PANAMA<\/p>\n<p><img loading=\"lazy\" decoding=\"async\" data-attachment-id=\"16413\" data-permalink=\"https:\/\/genevieveetbernardauxameriques.fr\/index.php\/2017\/03\/15\/la-cote-pacifique-de-puerto-lopez-a-la-frontiere-colombienne\/p1070522\/\" data-orig-file=\"https:\/\/i0.wp.com\/genevieveetbernardauxameriques.fr\/wp-content\/uploads\/2017\/03\/P1070522.jpg?fit=480%2C640&amp;ssl=1\" data-orig-size=\"480,640\" data-comments-opened=\"1\" data-image-meta=\"{&quot;aperture&quot;:&quot;6.3&quot;,&quot;credit&quot;:&quot;&quot;,&quot;camera&quot;:&quot;DMC-TZ55&quot;,&quot;caption&quot;:&quot;&quot;,&quot;created_timestamp&quot;:&quot;1488650602&quot;,&quot;copyright&quot;:&quot;&quot;,&quot;focal_length&quot;:&quot;16.1&quot;,&quot;iso&quot;:&quot;100&quot;,&quot;shutter_speed&quot;:&quot;0.0015625&quot;,&quot;title&quot;:&quot;&quot;,&quot;orientation&quot;:&quot;1&quot;}\" data-image-title=\"P1070522\" data-image-description=\"\" data-image-caption=\"\" data-medium-file=\"https:\/\/i0.wp.com\/genevieveetbernardauxameriques.fr\/wp-content\/uploads\/2017\/03\/P1070522.jpg?fit=225%2C300&amp;ssl=1\" data-large-file=\"https:\/\/i0.wp.com\/genevieveetbernardauxameriques.fr\/wp-content\/uploads\/2017\/03\/P1070522.jpg?fit=480%2C640&amp;ssl=1\" class=\"alignnone size-full wp-image-16413\" src=\"https:\/\/i0.wp.com\/genevieveetbernardauxameriques.fr\/wp-content\/uploads\/2017\/03\/P1070522.jpg?resize=480%2C640&#038;ssl=1\" alt=\"\" width=\"480\" height=\"640\" srcset=\"https:\/\/i0.wp.com\/genevieveetbernardauxameriques.fr\/wp-content\/uploads\/2017\/03\/P1070522.jpg?w=480&amp;ssl=1 480w, https:\/\/i0.wp.com\/genevieveetbernardauxameriques.fr\/wp-content\/uploads\/2017\/03\/P1070522.jpg?resize=225%2C300&amp;ssl=1 225w\" sizes=\"(max-width: 480px) 100vw, 480px\" data-recalc-dims=\"1\" \/><\/p>\n<p>Le Panama est un sombrero de paille souple appel\u00e9e toquilla, fabriqu\u00e9 principalement \u00e0 Montecristi. En 1800 les commer\u00e7ants espagnol export\u00e8rent les chapeaux via Panama. Les ouvriers du canal port\u00e8rent le chapeau pour se prot\u00e9ger du soleil les associant un peu plus avec le Panama.<\/p>\n<p>La r\u00e9alisation de ce chapeau n\u00e9cessite un long travail. On r\u00e9colte les pousses de palmiers juste avant que les feuilles s&rsquo;ouvrent.<\/p>\n<p>La 1er \u00e9tape consiste \u00e0 battre les pousses sur le sol, puis \u00e0 les ouvrir \u00e0 la main. Celles-ci sont attach\u00e9es et bouillies dans des cuves pendant une vingtaine de minutes et s\u00e9ch\u00e9es au soleil durant 3 jours.<\/p>\n<p>Certaines sont plong\u00e9es dans du soufre pour \u00eatre blanchies. En s\u00e9chant les feuilles de r\u00e9tr\u00e9cissent et s&rsquo;enroulent jusqu&rsquo;\u00e0 former les fils ronds que l&rsquo;on tissera. Le tissage est difficile, les meilleurs tisserands ne travaillent que t\u00f4t le matin et en soir\u00e9e afin que la transpiration ne g\u00eane pas leur travail. Certains ne tissent que la nuit. Le tissage va de la maille l\u00e2che pour les chapeaux les plus courants et de la maille serr\u00e9e pour les hauts de gammes.<\/p>\n<p>Ils sont ensuite class\u00e9s selon la densit\u00e9 du tissage (standard, sup\u00e9rieur, fin et superfino). Les plus beaux ne laissent pas passer l&rsquo;eau et n&rsquo;ont aucun interstice, on peut les enrouler et les faire passer dans une bague d&rsquo;homme.<\/p>\n<p>Ensuite il faut le mettre en forme et l&rsquo;orner d&rsquo;un bandeau.<\/p>\n<p>On trouve des chapeaux \u00a0allant de\u00a020\u20ac \u00a0\u00e0 1000\u20ac. En Europe 3-4 fois plus ch\u00e8re.<\/p>\n<p>Et voil\u00e0 2 chapeaux termin\u00e9s, le mien est un MONTECRISTI fantaisie.<\/p>\n<p><a href=\"https:\/\/i0.wp.com\/genevieveetbernardauxameriques.fr\/wp-content\/uploads\/2017\/03\/DSCN8453.jpg?ssl=1\"><img loading=\"lazy\" decoding=\"async\" data-attachment-id=\"16730\" data-permalink=\"https:\/\/genevieveetbernardauxameriques.fr\/index.php\/2017\/03\/15\/la-cote-pacifique-de-puerto-lopez-a-la-frontiere-colombienne\/dscn8453\/\" data-orig-file=\"https:\/\/i0.wp.com\/genevieveetbernardauxameriques.fr\/wp-content\/uploads\/2017\/03\/DSCN8453.jpg?fit=640%2C480&amp;ssl=1\" data-orig-size=\"640,480\" data-comments-opened=\"1\" data-image-meta=\"{&quot;aperture&quot;:&quot;3.5&quot;,&quot;credit&quot;:&quot;&quot;,&quot;camera&quot;:&quot;COOLPIX P900&quot;,&quot;caption&quot;:&quot;&quot;,&quot;created_timestamp&quot;:&quot;1489360168&quot;,&quot;copyright&quot;:&quot;&quot;,&quot;focal_length&quot;:&quot;8.9&quot;,&quot;iso&quot;:&quot;400&quot;,&quot;shutter_speed&quot;:&quot;0.04&quot;,&quot;title&quot;:&quot;&quot;,&quot;orientation&quot;:&quot;1&quot;}\" data-image-title=\"DSCN8453\" data-image-description=\"\" data-image-caption=\"\" data-medium-file=\"https:\/\/i0.wp.com\/genevieveetbernardauxameriques.fr\/wp-content\/uploads\/2017\/03\/DSCN8453.jpg?fit=300%2C225&amp;ssl=1\" data-large-file=\"https:\/\/i0.wp.com\/genevieveetbernardauxameriques.fr\/wp-content\/uploads\/2017\/03\/DSCN8453.jpg?fit=640%2C480&amp;ssl=1\" class=\"alignnone size-full wp-image-16730\" src=\"https:\/\/i0.wp.com\/genevieveetbernardauxameriques.fr\/wp-content\/uploads\/2017\/03\/DSCN8453.jpg?resize=640%2C480&#038;ssl=1\" alt=\"\" width=\"640\" height=\"480\" srcset=\"https:\/\/i0.wp.com\/genevieveetbernardauxameriques.fr\/wp-content\/uploads\/2017\/03\/DSCN8453.jpg?w=640&amp;ssl=1 640w, https:\/\/i0.wp.com\/genevieveetbernardauxameriques.fr\/wp-content\/uploads\/2017\/03\/DSCN8453.jpg?resize=300%2C225&amp;ssl=1 300w\" sizes=\"(max-width: 640px) 100vw, 640px\" data-recalc-dims=\"1\" \/><\/a> <a href=\"https:\/\/i0.wp.com\/genevieveetbernardauxameriques.fr\/wp-content\/uploads\/2017\/03\/DSCN8456-e1489373939734.jpg?ssl=1\"><img loading=\"lazy\" decoding=\"async\" data-attachment-id=\"16731\" data-permalink=\"https:\/\/genevieveetbernardauxameriques.fr\/index.php\/2017\/03\/15\/la-cote-pacifique-de-puerto-lopez-a-la-frontiere-colombienne\/dscn8456\/\" data-orig-file=\"https:\/\/i0.wp.com\/genevieveetbernardauxameriques.fr\/wp-content\/uploads\/2017\/03\/DSCN8456-e1489373939734.jpg?fit=496%2C419&amp;ssl=1\" data-orig-size=\"496,419\" data-comments-opened=\"1\" data-image-meta=\"{&quot;aperture&quot;:&quot;3.5&quot;,&quot;credit&quot;:&quot;&quot;,&quot;camera&quot;:&quot;COOLPIX P900&quot;,&quot;caption&quot;:&quot;&quot;,&quot;created_timestamp&quot;:&quot;1489360263&quot;,&quot;copyright&quot;:&quot;&quot;,&quot;focal_length&quot;:&quot;8.9&quot;,&quot;iso&quot;:&quot;400&quot;,&quot;shutter_speed&quot;:&quot;0.125&quot;,&quot;title&quot;:&quot;&quot;,&quot;orientation&quot;:&quot;1&quot;}\" data-image-title=\"DSCN8456\" data-image-description=\"\" data-image-caption=\"\" data-medium-file=\"https:\/\/i0.wp.com\/genevieveetbernardauxameriques.fr\/wp-content\/uploads\/2017\/03\/DSCN8456-e1489373939734.jpg?fit=300%2C253&amp;ssl=1\" data-large-file=\"https:\/\/i0.wp.com\/genevieveetbernardauxameriques.fr\/wp-content\/uploads\/2017\/03\/DSCN8456-e1489373939734.jpg?fit=496%2C419&amp;ssl=1\" class=\"size-full wp-image-16731 aligncenter\" src=\"https:\/\/i0.wp.com\/genevieveetbernardauxameriques.fr\/wp-content\/uploads\/2017\/03\/DSCN8456-e1489373939734.jpg?resize=496%2C419&#038;ssl=1\" alt=\"\" width=\"496\" height=\"419\" srcset=\"https:\/\/i0.wp.com\/genevieveetbernardauxameriques.fr\/wp-content\/uploads\/2017\/03\/DSCN8456-e1489373939734.jpg?w=496&amp;ssl=1 496w, https:\/\/i0.wp.com\/genevieveetbernardauxameriques.fr\/wp-content\/uploads\/2017\/03\/DSCN8456-e1489373939734.jpg?resize=300%2C253&amp;ssl=1 300w\" sizes=\"(max-width: 496px) 100vw, 496px\" data-recalc-dims=\"1\" \/><\/a><\/p>\n<p>Un jeune pied de Toquilla<\/p>\n<p><img loading=\"lazy\" decoding=\"async\" data-attachment-id=\"16646\" data-permalink=\"https:\/\/genevieveetbernardauxameriques.fr\/index.php\/2017\/03\/15\/la-cote-pacifique-de-puerto-lopez-a-la-frontiere-colombienne\/p1070543\/\" data-orig-file=\"https:\/\/i0.wp.com\/genevieveetbernardauxameriques.fr\/wp-content\/uploads\/2017\/03\/P1070543.jpg?fit=540%2C720&amp;ssl=1\" data-orig-size=\"540,720\" data-comments-opened=\"1\" data-image-meta=\"{&quot;aperture&quot;:&quot;5&quot;,&quot;credit&quot;:&quot;&quot;,&quot;camera&quot;:&quot;DMC-TZ55&quot;,&quot;caption&quot;:&quot;&quot;,&quot;created_timestamp&quot;:&quot;1488997907&quot;,&quot;copyright&quot;:&quot;&quot;,&quot;focal_length&quot;:&quot;13.3&quot;,&quot;iso&quot;:&quot;100&quot;,&quot;shutter_speed&quot;:&quot;0.008&quot;,&quot;title&quot;:&quot;&quot;,&quot;orientation&quot;:&quot;1&quot;}\" data-image-title=\"P1070543\" data-image-description=\"\" data-image-caption=\"\" data-medium-file=\"https:\/\/i0.wp.com\/genevieveetbernardauxameriques.fr\/wp-content\/uploads\/2017\/03\/P1070543.jpg?fit=225%2C300&amp;ssl=1\" data-large-file=\"https:\/\/i0.wp.com\/genevieveetbernardauxameriques.fr\/wp-content\/uploads\/2017\/03\/P1070543.jpg?fit=540%2C720&amp;ssl=1\" class=\"wp-image-16646 aligncenter\" src=\"https:\/\/i0.wp.com\/genevieveetbernardauxameriques.fr\/wp-content\/uploads\/2017\/03\/P1070543.jpg?resize=428%2C571&#038;ssl=1\" alt=\"\" width=\"428\" height=\"571\" srcset=\"https:\/\/i0.wp.com\/genevieveetbernardauxameriques.fr\/wp-content\/uploads\/2017\/03\/P1070543.jpg?w=540&amp;ssl=1 540w, https:\/\/i0.wp.com\/genevieveetbernardauxameriques.fr\/wp-content\/uploads\/2017\/03\/P1070543.jpg?resize=225%2C300&amp;ssl=1 225w\" sizes=\"(max-width: 428px) 100vw, 428px\" data-recalc-dims=\"1\" \/><\/p>\n<p>On s&rsquo;installe dans une rue derri\u00e8re la police pour la nuit.<\/p>\n<p><strong>SAMEDI 4 MARS 2017<\/strong><\/p>\n<p>Et le matin nous allons aller voir les fabriques de MONTECRISTI. Nous sommes tr\u00e8s d\u00e9\u00e7us, car il n&rsquo;y a que des tous petits magasins avec des chapeaux tr\u00e8s bon march\u00e9, il y en a tr\u00e8s tr\u00e8s peu de super fins, on se demande o\u00f9 sont les fabriques.<\/p>\n<p>On a beau se renseigner \u00e0 droite ou \u00e0 gauche, il semble qu&rsquo;il n&rsquo;y en ait pas, on va juste trouver des femmes qui terminent des Panamas dans leur maison. Nous aurons un peu de chance car nous rentrerons dans une maison particuli\u00e8re o\u00f9 dans une petite pi\u00e8ce, il y a le stock de Montecristi et dans un coin pr\u00e8s de la fen\u00eatre, la dame termine les chapeaux seule, ils sont tiss\u00e9s dans la r\u00e9gion. Le gendre qui est Italien et qui parle fran\u00e7ais va nous expliquer son travail, lui est le \u00ab\u00a0directeur commercial\u00a0\u00bb il va r\u00e9guli\u00e8rement en France (\u00e0 Deauville en autre) pour les vendre. Il nous a dit qu&rsquo;un chapeau, comme le bleu que je porte vaut 50 E ici et \u00e0 Deauville 1.000 E. Nous pensons que c&rsquo;est faux et qu&rsquo;il a peut \u00eatre exag\u00e9r\u00e9 un peu.<\/p>\n<p>Lorsque nous quittons MONTECRISTI, nous remontons\u00a0dans le Nord par la C\u00f4te.<\/p>\n<p>Comme d&rsquo;hab il pleut, les plages ne paraissent pas tr\u00e8s propres et surtout tr\u00e8s tr\u00e8s pauvres. La route du littoral et souvent \u00e9loign\u00e9e de la c\u00f4te, il \u00a0faut prendre une piste pour la rejoindre.<\/p>\n<p>Voil\u00e0 o\u00f9 nous nous arr\u00eaterons le midi pour le repas, il fait tr\u00e8s tr\u00e8s chaud\u00a0(pr\u00e8s de 38\u00b0) mais pas envie de se baigner<\/p>\n<p><img loading=\"lazy\" decoding=\"async\" data-attachment-id=\"16419\" data-permalink=\"https:\/\/genevieveetbernardauxameriques.fr\/index.php\/2017\/03\/15\/la-cote-pacifique-de-puerto-lopez-a-la-frontiere-colombienne\/p1070529\/\" data-orig-file=\"https:\/\/i0.wp.com\/genevieveetbernardauxameriques.fr\/wp-content\/uploads\/2017\/03\/P1070529.jpg?fit=640%2C480&amp;ssl=1\" data-orig-size=\"640,480\" data-comments-opened=\"1\" data-image-meta=\"{&quot;aperture&quot;:&quot;4&quot;,&quot;credit&quot;:&quot;&quot;,&quot;camera&quot;:&quot;DMC-TZ55&quot;,&quot;caption&quot;:&quot;&quot;,&quot;created_timestamp&quot;:&quot;1488661294&quot;,&quot;copyright&quot;:&quot;&quot;,&quot;focal_length&quot;:&quot;4.3&quot;,&quot;iso&quot;:&quot;100&quot;,&quot;shutter_speed&quot;:&quot;0.000625&quot;,&quot;title&quot;:&quot;&quot;,&quot;orientation&quot;:&quot;1&quot;}\" data-image-title=\"P1070529\" data-image-description=\"\" data-image-caption=\"\" data-medium-file=\"https:\/\/i0.wp.com\/genevieveetbernardauxameriques.fr\/wp-content\/uploads\/2017\/03\/P1070529.jpg?fit=300%2C225&amp;ssl=1\" data-large-file=\"https:\/\/i0.wp.com\/genevieveetbernardauxameriques.fr\/wp-content\/uploads\/2017\/03\/P1070529.jpg?fit=640%2C480&amp;ssl=1\" class=\"alignnone size-full wp-image-16419\" src=\"https:\/\/i0.wp.com\/genevieveetbernardauxameriques.fr\/wp-content\/uploads\/2017\/03\/P1070529.jpg?resize=640%2C480&#038;ssl=1\" alt=\"\" width=\"640\" height=\"480\" srcset=\"https:\/\/i0.wp.com\/genevieveetbernardauxameriques.fr\/wp-content\/uploads\/2017\/03\/P1070529.jpg?w=640&amp;ssl=1 640w, https:\/\/i0.wp.com\/genevieveetbernardauxameriques.fr\/wp-content\/uploads\/2017\/03\/P1070529.jpg?resize=300%2C225&amp;ssl=1 300w\" sizes=\"(max-width: 640px) 100vw, 640px\" data-recalc-dims=\"1\" \/><\/p>\n<p>Sur cette autre plage, il y a des tentes tout le long du malecon pour que les gens se prot\u00e8gent du soleil <a href=\"https:\/\/i0.wp.com\/genevieveetbernardauxameriques.fr\/wp-content\/uploads\/2017\/03\/P1070523-e1489374172458.jpg?ssl=1\"><img loading=\"lazy\" decoding=\"async\" data-attachment-id=\"16414\" data-permalink=\"https:\/\/genevieveetbernardauxameriques.fr\/index.php\/2017\/03\/15\/la-cote-pacifique-de-puerto-lopez-a-la-frontiere-colombienne\/p1070523\/\" data-orig-file=\"https:\/\/i0.wp.com\/genevieveetbernardauxameriques.fr\/wp-content\/uploads\/2017\/03\/P1070523-e1489374172458.jpg?fit=633%2C368&amp;ssl=1\" data-orig-size=\"633,368\" data-comments-opened=\"1\" data-image-meta=\"{&quot;aperture&quot;:&quot;5.6&quot;,&quot;credit&quot;:&quot;&quot;,&quot;camera&quot;:&quot;DMC-TZ55&quot;,&quot;caption&quot;:&quot;&quot;,&quot;created_timestamp&quot;:&quot;1488653569&quot;,&quot;copyright&quot;:&quot;&quot;,&quot;focal_length&quot;:&quot;13.3&quot;,&quot;iso&quot;:&quot;100&quot;,&quot;shutter_speed&quot;:&quot;0.003125&quot;,&quot;title&quot;:&quot;&quot;,&quot;orientation&quot;:&quot;1&quot;}\" data-image-title=\"P1070523\" data-image-description=\"\" data-image-caption=\"\" data-medium-file=\"https:\/\/i0.wp.com\/genevieveetbernardauxameriques.fr\/wp-content\/uploads\/2017\/03\/P1070523-e1489374172458.jpg?fit=300%2C174&amp;ssl=1\" data-large-file=\"https:\/\/i0.wp.com\/genevieveetbernardauxameriques.fr\/wp-content\/uploads\/2017\/03\/P1070523-e1489374172458.jpg?fit=633%2C368&amp;ssl=1\" class=\"alignnone size-full wp-image-16414\" src=\"https:\/\/i0.wp.com\/genevieveetbernardauxameriques.fr\/wp-content\/uploads\/2017\/03\/P1070523-e1489374172458.jpg?resize=633%2C368&#038;ssl=1\" alt=\"\" width=\"633\" height=\"368\" srcset=\"https:\/\/i0.wp.com\/genevieveetbernardauxameriques.fr\/wp-content\/uploads\/2017\/03\/P1070523-e1489374172458.jpg?w=633&amp;ssl=1 633w, https:\/\/i0.wp.com\/genevieveetbernardauxameriques.fr\/wp-content\/uploads\/2017\/03\/P1070523-e1489374172458.jpg?resize=300%2C174&amp;ssl=1 300w\" sizes=\"(max-width: 633px) 100vw, 633px\" data-recalc-dims=\"1\" \/><\/a><\/p>\n<p>Pour rejoindre la route principale, nous essayons de prendre un raccourci, il faudra que nous fassions demi-tour car la piste n&rsquo;aboutit nulle part, pourtant le paysage traversait de magnifiques rizi\u00e8res.<\/p>\n<p><img loading=\"lazy\" decoding=\"async\" data-attachment-id=\"16418\" data-permalink=\"https:\/\/genevieveetbernardauxameriques.fr\/index.php\/2017\/03\/15\/la-cote-pacifique-de-puerto-lopez-a-la-frontiere-colombienne\/p1070527\/\" data-orig-file=\"https:\/\/i0.wp.com\/genevieveetbernardauxameriques.fr\/wp-content\/uploads\/2017\/03\/P1070527.jpg?fit=640%2C480&amp;ssl=1\" data-orig-size=\"640,480\" data-comments-opened=\"1\" data-image-meta=\"{&quot;aperture&quot;:&quot;6.4&quot;,&quot;credit&quot;:&quot;&quot;,&quot;camera&quot;:&quot;DMC-TZ55&quot;,&quot;caption&quot;:&quot;&quot;,&quot;created_timestamp&quot;:&quot;1488654997&quot;,&quot;copyright&quot;:&quot;&quot;,&quot;focal_length&quot;:&quot;86&quot;,&quot;iso&quot;:&quot;100&quot;,&quot;shutter_speed&quot;:&quot;0.003125&quot;,&quot;title&quot;:&quot;&quot;,&quot;orientation&quot;:&quot;1&quot;}\" data-image-title=\"P1070527\" data-image-description=\"\" data-image-caption=\"\" data-medium-file=\"https:\/\/i0.wp.com\/genevieveetbernardauxameriques.fr\/wp-content\/uploads\/2017\/03\/P1070527.jpg?fit=300%2C225&amp;ssl=1\" data-large-file=\"https:\/\/i0.wp.com\/genevieveetbernardauxameriques.fr\/wp-content\/uploads\/2017\/03\/P1070527.jpg?fit=640%2C480&amp;ssl=1\" class=\"alignnone size-full wp-image-16418\" src=\"https:\/\/i0.wp.com\/genevieveetbernardauxameriques.fr\/wp-content\/uploads\/2017\/03\/P1070527.jpg?resize=640%2C480&#038;ssl=1\" alt=\"\" width=\"640\" height=\"480\" srcset=\"https:\/\/i0.wp.com\/genevieveetbernardauxameriques.fr\/wp-content\/uploads\/2017\/03\/P1070527.jpg?w=640&amp;ssl=1 640w, https:\/\/i0.wp.com\/genevieveetbernardauxameriques.fr\/wp-content\/uploads\/2017\/03\/P1070527.jpg?resize=300%2C225&amp;ssl=1 300w\" sizes=\"(max-width: 640px) 100vw, 640px\" data-recalc-dims=\"1\" \/><a href=\"https:\/\/i0.wp.com\/genevieveetbernardauxameriques.fr\/wp-content\/uploads\/2017\/03\/P1070524.jpg?ssl=1\"><img loading=\"lazy\" decoding=\"async\" data-attachment-id=\"16415\" data-permalink=\"https:\/\/genevieveetbernardauxameriques.fr\/index.php\/2017\/03\/15\/la-cote-pacifique-de-puerto-lopez-a-la-frontiere-colombienne\/p1070524\/\" data-orig-file=\"https:\/\/i0.wp.com\/genevieveetbernardauxameriques.fr\/wp-content\/uploads\/2017\/03\/P1070524.jpg?fit=640%2C480&amp;ssl=1\" data-orig-size=\"640,480\" data-comments-opened=\"1\" data-image-meta=\"{&quot;aperture&quot;:&quot;4&quot;,&quot;credit&quot;:&quot;&quot;,&quot;camera&quot;:&quot;DMC-TZ55&quot;,&quot;caption&quot;:&quot;&quot;,&quot;created_timestamp&quot;:&quot;1488654728&quot;,&quot;copyright&quot;:&quot;&quot;,&quot;focal_length&quot;:&quot;4.3&quot;,&quot;iso&quot;:&quot;100&quot;,&quot;shutter_speed&quot;:&quot;0.001&quot;,&quot;title&quot;:&quot;&quot;,&quot;orientation&quot;:&quot;1&quot;}\" data-image-title=\"P1070524\" data-image-description=\"\" data-image-caption=\"\" data-medium-file=\"https:\/\/i0.wp.com\/genevieveetbernardauxameriques.fr\/wp-content\/uploads\/2017\/03\/P1070524.jpg?fit=300%2C225&amp;ssl=1\" data-large-file=\"https:\/\/i0.wp.com\/genevieveetbernardauxameriques.fr\/wp-content\/uploads\/2017\/03\/P1070524.jpg?fit=640%2C480&amp;ssl=1\" class=\"alignnone size-full wp-image-16415\" src=\"https:\/\/i0.wp.com\/genevieveetbernardauxameriques.fr\/wp-content\/uploads\/2017\/03\/P1070524.jpg?resize=640%2C480&#038;ssl=1\" alt=\"\" width=\"640\" height=\"480\" srcset=\"https:\/\/i0.wp.com\/genevieveetbernardauxameriques.fr\/wp-content\/uploads\/2017\/03\/P1070524.jpg?w=640&amp;ssl=1 640w, https:\/\/i0.wp.com\/genevieveetbernardauxameriques.fr\/wp-content\/uploads\/2017\/03\/P1070524.jpg?resize=300%2C225&amp;ssl=1 300w\" sizes=\"(max-width: 640px) 100vw, 640px\" data-recalc-dims=\"1\" \/><\/a> <a href=\"https:\/\/i0.wp.com\/genevieveetbernardauxameriques.fr\/wp-content\/uploads\/2017\/03\/P1070525.jpg?ssl=1\"><img loading=\"lazy\" decoding=\"async\" data-attachment-id=\"16416\" data-permalink=\"https:\/\/genevieveetbernardauxameriques.fr\/index.php\/2017\/03\/15\/la-cote-pacifique-de-puerto-lopez-a-la-frontiere-colombienne\/p1070525\/\" data-orig-file=\"https:\/\/i0.wp.com\/genevieveetbernardauxameriques.fr\/wp-content\/uploads\/2017\/03\/P1070525.jpg?fit=640%2C480&amp;ssl=1\" data-orig-size=\"640,480\" data-comments-opened=\"1\" data-image-meta=\"{&quot;aperture&quot;:&quot;4&quot;,&quot;credit&quot;:&quot;&quot;,&quot;camera&quot;:&quot;DMC-TZ55&quot;,&quot;caption&quot;:&quot;&quot;,&quot;created_timestamp&quot;:&quot;1488654740&quot;,&quot;copyright&quot;:&quot;&quot;,&quot;focal_length&quot;:&quot;4.3&quot;,&quot;iso&quot;:&quot;100&quot;,&quot;shutter_speed&quot;:&quot;0.000625&quot;,&quot;title&quot;:&quot;&quot;,&quot;orientation&quot;:&quot;1&quot;}\" data-image-title=\"P1070525\" data-image-description=\"\" data-image-caption=\"\" data-medium-file=\"https:\/\/i0.wp.com\/genevieveetbernardauxameriques.fr\/wp-content\/uploads\/2017\/03\/P1070525.jpg?fit=300%2C225&amp;ssl=1\" data-large-file=\"https:\/\/i0.wp.com\/genevieveetbernardauxameriques.fr\/wp-content\/uploads\/2017\/03\/P1070525.jpg?fit=640%2C480&amp;ssl=1\" class=\"alignnone size-full wp-image-16416\" src=\"https:\/\/i0.wp.com\/genevieveetbernardauxameriques.fr\/wp-content\/uploads\/2017\/03\/P1070525.jpg?resize=640%2C480&#038;ssl=1\" alt=\"\" width=\"640\" height=\"480\" srcset=\"https:\/\/i0.wp.com\/genevieveetbernardauxameriques.fr\/wp-content\/uploads\/2017\/03\/P1070525.jpg?w=640&amp;ssl=1 640w, https:\/\/i0.wp.com\/genevieveetbernardauxameriques.fr\/wp-content\/uploads\/2017\/03\/P1070525.jpg?resize=300%2C225&amp;ssl=1 300w\" sizes=\"(max-width: 640px) 100vw, 640px\" data-recalc-dims=\"1\" \/><\/a> <img loading=\"lazy\" decoding=\"async\" data-attachment-id=\"16417\" data-permalink=\"https:\/\/genevieveetbernardauxameriques.fr\/index.php\/2017\/03\/15\/la-cote-pacifique-de-puerto-lopez-a-la-frontiere-colombienne\/p1070526\/\" data-orig-file=\"https:\/\/i0.wp.com\/genevieveetbernardauxameriques.fr\/wp-content\/uploads\/2017\/03\/P1070526-e1585765517500.jpg?fit=640%2C396&amp;ssl=1\" data-orig-size=\"640,396\" data-comments-opened=\"1\" data-image-meta=\"{&quot;aperture&quot;:&quot;4&quot;,&quot;credit&quot;:&quot;&quot;,&quot;camera&quot;:&quot;DMC-TZ55&quot;,&quot;caption&quot;:&quot;&quot;,&quot;created_timestamp&quot;:&quot;1488654920&quot;,&quot;copyright&quot;:&quot;&quot;,&quot;focal_length&quot;:&quot;4.3&quot;,&quot;iso&quot;:&quot;100&quot;,&quot;shutter_speed&quot;:&quot;0.001&quot;,&quot;title&quot;:&quot;&quot;,&quot;orientation&quot;:&quot;1&quot;}\" data-image-title=\"P1070526\" data-image-description=\"\" data-image-caption=\"\" data-medium-file=\"https:\/\/i0.wp.com\/genevieveetbernardauxameriques.fr\/wp-content\/uploads\/2017\/03\/P1070526-e1585765517500.jpg?fit=300%2C186&amp;ssl=1\" data-large-file=\"https:\/\/i0.wp.com\/genevieveetbernardauxameriques.fr\/wp-content\/uploads\/2017\/03\/P1070526-e1585765517500.jpg?fit=640%2C396&amp;ssl=1\" class=\"alignnone size-full wp-image-16417\" src=\"https:\/\/i0.wp.com\/genevieveetbernardauxameriques.fr\/wp-content\/uploads\/2017\/03\/P1070526-e1585765517500.jpg?resize=640%2C396&#038;ssl=1\" alt=\"\" width=\"640\" height=\"396\" srcset=\"https:\/\/i0.wp.com\/genevieveetbernardauxameriques.fr\/wp-content\/uploads\/2017\/03\/P1070526-e1585765517500.jpg?w=640&amp;ssl=1 640w, https:\/\/i0.wp.com\/genevieveetbernardauxameriques.fr\/wp-content\/uploads\/2017\/03\/P1070526-e1585765517500.jpg?resize=300%2C186&amp;ssl=1 300w\" sizes=\"(max-width: 640px) 100vw, 640px\" data-recalc-dims=\"1\" \/><\/p>\n<p>Nous allons traverser des villages o\u00f9 le tremblement de terre d&rsquo;avril 2016 a \u00e9t\u00e9 particuli\u00e8rement violant (7,8 sur l&rsquo;\u00e9chelle de Richter)<\/p>\n<p><img loading=\"lazy\" decoding=\"async\" data-attachment-id=\"16421\" data-permalink=\"https:\/\/genevieveetbernardauxameriques.fr\/index.php\/2017\/03\/15\/la-cote-pacifique-de-puerto-lopez-a-la-frontiere-colombienne\/p1070533\/\" data-orig-file=\"https:\/\/i0.wp.com\/genevieveetbernardauxameriques.fr\/wp-content\/uploads\/2017\/03\/P1070533-e1585765677378.jpg?fit=640%2C364&amp;ssl=1\" data-orig-size=\"640,364\" data-comments-opened=\"1\" data-image-meta=\"{&quot;aperture&quot;:&quot;4.5&quot;,&quot;credit&quot;:&quot;&quot;,&quot;camera&quot;:&quot;DMC-TZ55&quot;,&quot;caption&quot;:&quot;&quot;,&quot;created_timestamp&quot;:&quot;1488667789&quot;,&quot;copyright&quot;:&quot;&quot;,&quot;focal_length&quot;:&quot;4.8&quot;,&quot;iso&quot;:&quot;100&quot;,&quot;shutter_speed&quot;:&quot;0.0008&quot;,&quot;title&quot;:&quot;&quot;,&quot;orientation&quot;:&quot;1&quot;}\" data-image-title=\"P1070533\" data-image-description=\"\" data-image-caption=\"\" data-medium-file=\"https:\/\/i0.wp.com\/genevieveetbernardauxameriques.fr\/wp-content\/uploads\/2017\/03\/P1070533-e1585765677378.jpg?fit=300%2C171&amp;ssl=1\" data-large-file=\"https:\/\/i0.wp.com\/genevieveetbernardauxameriques.fr\/wp-content\/uploads\/2017\/03\/P1070533-e1585765677378.jpg?fit=640%2C364&amp;ssl=1\" class=\"alignnone size-full wp-image-16421\" src=\"https:\/\/i0.wp.com\/genevieveetbernardauxameriques.fr\/wp-content\/uploads\/2017\/03\/P1070533-e1585765677378.jpg?resize=640%2C364&#038;ssl=1\" alt=\"\" width=\"640\" height=\"364\" srcset=\"https:\/\/i0.wp.com\/genevieveetbernardauxameriques.fr\/wp-content\/uploads\/2017\/03\/P1070533-e1585765677378.jpg?w=640&amp;ssl=1 640w, https:\/\/i0.wp.com\/genevieveetbernardauxameriques.fr\/wp-content\/uploads\/2017\/03\/P1070533-e1585765677378.jpg?resize=300%2C171&amp;ssl=1 300w\" sizes=\"(max-width: 640px) 100vw, 640px\" data-recalc-dims=\"1\" \/><\/p>\n<p>\u00c0 commencer par la ville de <strong>Bahia de Caraquez<\/strong>, tous les immeubles de la ville sont abandonn\u00e9s ou en reconstruction. Les rues sont d\u00e9fonc\u00e9es, les gens sont relog\u00e9s dans des tentes<\/p>\n<p><img loading=\"lazy\" decoding=\"async\" data-attachment-id=\"16420\" data-permalink=\"https:\/\/genevieveetbernardauxameriques.fr\/index.php\/2017\/03\/15\/la-cote-pacifique-de-puerto-lopez-a-la-frontiere-colombienne\/p1070531\/\" data-orig-file=\"https:\/\/i0.wp.com\/genevieveetbernardauxameriques.fr\/wp-content\/uploads\/2017\/03\/P1070531.jpg?fit=480%2C640&amp;ssl=1\" data-orig-size=\"480,640\" data-comments-opened=\"1\" data-image-meta=\"{&quot;aperture&quot;:&quot;6.3&quot;,&quot;credit&quot;:&quot;&quot;,&quot;camera&quot;:&quot;DMC-TZ55&quot;,&quot;caption&quot;:&quot;&quot;,&quot;created_timestamp&quot;:&quot;1488667467&quot;,&quot;copyright&quot;:&quot;&quot;,&quot;focal_length&quot;:&quot;20.6&quot;,&quot;iso&quot;:&quot;100&quot;,&quot;shutter_speed&quot;:&quot;0.00125&quot;,&quot;title&quot;:&quot;&quot;,&quot;orientation&quot;:&quot;1&quot;}\" data-image-title=\"P1070531\" data-image-description=\"\" data-image-caption=\"\" data-medium-file=\"https:\/\/i0.wp.com\/genevieveetbernardauxameriques.fr\/wp-content\/uploads\/2017\/03\/P1070531.jpg?fit=225%2C300&amp;ssl=1\" data-large-file=\"https:\/\/i0.wp.com\/genevieveetbernardauxameriques.fr\/wp-content\/uploads\/2017\/03\/P1070531.jpg?fit=480%2C640&amp;ssl=1\" class=\"wp-image-16420 aligncenter\" src=\"https:\/\/i0.wp.com\/genevieveetbernardauxameriques.fr\/wp-content\/uploads\/2017\/03\/P1070531.jpg?resize=310%2C413&#038;ssl=1\" alt=\"\" width=\"310\" height=\"413\" srcset=\"https:\/\/i0.wp.com\/genevieveetbernardauxameriques.fr\/wp-content\/uploads\/2017\/03\/P1070531.jpg?w=480&amp;ssl=1 480w, https:\/\/i0.wp.com\/genevieveetbernardauxameriques.fr\/wp-content\/uploads\/2017\/03\/P1070531.jpg?resize=225%2C300&amp;ssl=1 225w\" sizes=\"(max-width: 310px) 100vw, 310px\" data-recalc-dims=\"1\" \/><\/p>\n<p>Quelle tristesse !<\/p>\n<p><img loading=\"lazy\" decoding=\"async\" data-attachment-id=\"16422\" data-permalink=\"https:\/\/genevieveetbernardauxameriques.fr\/index.php\/2017\/03\/15\/la-cote-pacifique-de-puerto-lopez-a-la-frontiere-colombienne\/p1070534\/\" data-orig-file=\"https:\/\/i0.wp.com\/genevieveetbernardauxameriques.fr\/wp-content\/uploads\/2017\/03\/P1070534-e1585765767228.jpg?fit=640%2C352&amp;ssl=1\" data-orig-size=\"640,352\" data-comments-opened=\"1\" data-image-meta=\"{&quot;aperture&quot;:&quot;4.5&quot;,&quot;credit&quot;:&quot;&quot;,&quot;camera&quot;:&quot;DMC-TZ55&quot;,&quot;caption&quot;:&quot;&quot;,&quot;created_timestamp&quot;:&quot;1488667832&quot;,&quot;copyright&quot;:&quot;&quot;,&quot;focal_length&quot;:&quot;4.8&quot;,&quot;iso&quot;:&quot;100&quot;,&quot;shutter_speed&quot;:&quot;0.001&quot;,&quot;title&quot;:&quot;&quot;,&quot;orientation&quot;:&quot;1&quot;}\" data-image-title=\"P1070534\" data-image-description=\"\" data-image-caption=\"\" data-medium-file=\"https:\/\/i0.wp.com\/genevieveetbernardauxameriques.fr\/wp-content\/uploads\/2017\/03\/P1070534-e1585765767228.jpg?fit=300%2C165&amp;ssl=1\" data-large-file=\"https:\/\/i0.wp.com\/genevieveetbernardauxameriques.fr\/wp-content\/uploads\/2017\/03\/P1070534-e1585765767228.jpg?fit=640%2C352&amp;ssl=1\" class=\"alignnone size-full wp-image-16422\" src=\"https:\/\/i0.wp.com\/genevieveetbernardauxameriques.fr\/wp-content\/uploads\/2017\/03\/P1070534-e1585765767228.jpg?resize=640%2C352&#038;ssl=1\" alt=\"\" width=\"640\" height=\"352\" srcset=\"https:\/\/i0.wp.com\/genevieveetbernardauxameriques.fr\/wp-content\/uploads\/2017\/03\/P1070534-e1585765767228.jpg?w=640&amp;ssl=1 640w, https:\/\/i0.wp.com\/genevieveetbernardauxameriques.fr\/wp-content\/uploads\/2017\/03\/P1070534-e1585765767228.jpg?resize=300%2C165&amp;ssl=1 300w\" sizes=\"(max-width: 640px) 100vw, 640px\" data-recalc-dims=\"1\" \/><\/p>\n<p><img loading=\"lazy\" decoding=\"async\" data-attachment-id=\"16423\" data-permalink=\"https:\/\/genevieveetbernardauxameriques.fr\/index.php\/2017\/03\/15\/la-cote-pacifique-de-puerto-lopez-a-la-frontiere-colombienne\/p1070535\/\" data-orig-file=\"https:\/\/i0.wp.com\/genevieveetbernardauxameriques.fr\/wp-content\/uploads\/2017\/03\/P1070535.jpg?fit=640%2C480&amp;ssl=1\" data-orig-size=\"640,480\" data-comments-opened=\"1\" data-image-meta=\"{&quot;aperture&quot;:&quot;4&quot;,&quot;credit&quot;:&quot;&quot;,&quot;camera&quot;:&quot;DMC-TZ55&quot;,&quot;caption&quot;:&quot;&quot;,&quot;created_timestamp&quot;:&quot;1488668084&quot;,&quot;copyright&quot;:&quot;&quot;,&quot;focal_length&quot;:&quot;4.3&quot;,&quot;iso&quot;:&quot;100&quot;,&quot;shutter_speed&quot;:&quot;0.001&quot;,&quot;title&quot;:&quot;&quot;,&quot;orientation&quot;:&quot;1&quot;}\" data-image-title=\"P1070535\" data-image-description=\"\" data-image-caption=\"\" data-medium-file=\"https:\/\/i0.wp.com\/genevieveetbernardauxameriques.fr\/wp-content\/uploads\/2017\/03\/P1070535.jpg?fit=300%2C225&amp;ssl=1\" data-large-file=\"https:\/\/i0.wp.com\/genevieveetbernardauxameriques.fr\/wp-content\/uploads\/2017\/03\/P1070535.jpg?fit=640%2C480&amp;ssl=1\" class=\"alignnone size-full wp-image-16423\" src=\"https:\/\/i0.wp.com\/genevieveetbernardauxameriques.fr\/wp-content\/uploads\/2017\/03\/P1070535.jpg?resize=640%2C480&#038;ssl=1\" alt=\"\" width=\"640\" height=\"480\" srcset=\"https:\/\/i0.wp.com\/genevieveetbernardauxameriques.fr\/wp-content\/uploads\/2017\/03\/P1070535.jpg?w=640&amp;ssl=1 640w, https:\/\/i0.wp.com\/genevieveetbernardauxameriques.fr\/wp-content\/uploads\/2017\/03\/P1070535.jpg?resize=300%2C225&amp;ssl=1 300w\" sizes=\"(max-width: 640px) 100vw, 640px\" data-recalc-dims=\"1\" \/> <img loading=\"lazy\" decoding=\"async\" data-attachment-id=\"16424\" data-permalink=\"https:\/\/genevieveetbernardauxameriques.fr\/index.php\/2017\/03\/15\/la-cote-pacifique-de-puerto-lopez-a-la-frontiere-colombienne\/p1070536\/\" data-orig-file=\"https:\/\/i0.wp.com\/genevieveetbernardauxameriques.fr\/wp-content\/uploads\/2017\/03\/P1070536.jpg?fit=640%2C480&amp;ssl=1\" data-orig-size=\"640,480\" data-comments-opened=\"1\" data-image-meta=\"{&quot;aperture&quot;:&quot;5&quot;,&quot;credit&quot;:&quot;&quot;,&quot;camera&quot;:&quot;DMC-TZ55&quot;,&quot;caption&quot;:&quot;&quot;,&quot;created_timestamp&quot;:&quot;1488668146&quot;,&quot;copyright&quot;:&quot;&quot;,&quot;focal_length&quot;:&quot;7.9&quot;,&quot;iso&quot;:&quot;100&quot;,&quot;shutter_speed&quot;:&quot;0.0015625&quot;,&quot;title&quot;:&quot;&quot;,&quot;orientation&quot;:&quot;1&quot;}\" data-image-title=\"P1070536\" data-image-description=\"\" data-image-caption=\"\" data-medium-file=\"https:\/\/i0.wp.com\/genevieveetbernardauxameriques.fr\/wp-content\/uploads\/2017\/03\/P1070536.jpg?fit=300%2C225&amp;ssl=1\" data-large-file=\"https:\/\/i0.wp.com\/genevieveetbernardauxameriques.fr\/wp-content\/uploads\/2017\/03\/P1070536.jpg?fit=640%2C480&amp;ssl=1\" class=\"alignnone size-full wp-image-16424\" src=\"https:\/\/i0.wp.com\/genevieveetbernardauxameriques.fr\/wp-content\/uploads\/2017\/03\/P1070536.jpg?resize=640%2C480&#038;ssl=1\" alt=\"\" width=\"640\" height=\"480\" srcset=\"https:\/\/i0.wp.com\/genevieveetbernardauxameriques.fr\/wp-content\/uploads\/2017\/03\/P1070536.jpg?w=640&amp;ssl=1 640w, https:\/\/i0.wp.com\/genevieveetbernardauxameriques.fr\/wp-content\/uploads\/2017\/03\/P1070536.jpg?resize=300%2C225&amp;ssl=1 300w\" sizes=\"(max-width: 640px) 100vw, 640px\" data-recalc-dims=\"1\" \/><\/p>\n<p>Et ensuite c\u2019est <strong>Canoa\u00a0<\/strong>avec son atmosph\u00e8re d\u00e9tendue et nonchalante, ses rues de terre qui se transforment en champs de boue apr\u00e8s la pluie, ses petits restos nombreux et vari\u00e9s. Il y a des comp\u00e9titions de surf internationales, les vagues atteignent 2 m entre d\u00e9cembre et f\u00e9vrier.<\/p>\n<p>Nous allons jusqu&rsquo;au petit village de <strong>San Juan<\/strong> \u00e0 l&rsquo;Hosteria de Camare sur la plage qui re\u00e7oit dans la cour les campings car. Depuis quelques temps notre batterie ne fonctionne plus bien, nous avons besoin d&rsquo;\u00e9lectricit\u00e9 pour le frigo et nous ne voulons la changer qu&rsquo;en Colombie.<\/p>\n<p>Nous sommes en contact depuis quelques jours avec des voyageurs rencontr\u00e9s au Chili, Chunny et Philippe (2surlaboule) qui doivent nous croiser car ils redescendent maintenant. Ils sont justement sur la plage de <strong>Jama<\/strong> \u00e0 10 minutes d&rsquo;ici.<\/p>\n<p><strong>Dimanche 5 mars<\/strong><\/p>\n<p>Apr\u00e8s notre repas nous faisons demi-tour pour les rejoindre.<\/p>\n<p>Nous passerons la fin de la journ\u00e9e \u00e0 papoter et Philippe fera du bricolage avec Bernard dans notre v\u00e9hicule pour notre probl\u00e8me de batterie.<\/p>\n<p><strong>Lundi 6 mars<\/strong><\/p>\n<p>Promenade le long de la plage<\/p>\n<p><a href=\"https:\/\/i0.wp.com\/genevieveetbernardauxameriques.fr\/wp-content\/uploads\/2017\/03\/DSCN7949.jpg?ssl=1\"><img loading=\"lazy\" decoding=\"async\" data-attachment-id=\"16456\" data-permalink=\"https:\/\/genevieveetbernardauxameriques.fr\/index.php\/2017\/03\/15\/la-cote-pacifique-de-puerto-lopez-a-la-frontiere-colombienne\/dscn7949\/\" data-orig-file=\"https:\/\/i0.wp.com\/genevieveetbernardauxameriques.fr\/wp-content\/uploads\/2017\/03\/DSCN7949.jpg?fit=720%2C540&amp;ssl=1\" data-orig-size=\"720,540\" data-comments-opened=\"1\" data-image-meta=\"{&quot;aperture&quot;:&quot;4&quot;,&quot;credit&quot;:&quot;&quot;,&quot;camera&quot;:&quot;COOLPIX P900&quot;,&quot;caption&quot;:&quot;&quot;,&quot;created_timestamp&quot;:&quot;1488810398&quot;,&quot;copyright&quot;:&quot;&quot;,&quot;focal_length&quot;:&quot;15.2&quot;,&quot;iso&quot;:&quot;100&quot;,&quot;shutter_speed&quot;:&quot;0.016666666666667&quot;,&quot;title&quot;:&quot;&quot;,&quot;orientation&quot;:&quot;1&quot;}\" data-image-title=\"DSCN7949\" data-image-description=\"\" data-image-caption=\"\" data-medium-file=\"https:\/\/i0.wp.com\/genevieveetbernardauxameriques.fr\/wp-content\/uploads\/2017\/03\/DSCN7949.jpg?fit=300%2C225&amp;ssl=1\" data-large-file=\"https:\/\/i0.wp.com\/genevieveetbernardauxameriques.fr\/wp-content\/uploads\/2017\/03\/DSCN7949.jpg?fit=640%2C480&amp;ssl=1\" class=\"alignnone size-full wp-image-16456\" src=\"https:\/\/i0.wp.com\/genevieveetbernardauxameriques.fr\/wp-content\/uploads\/2017\/03\/DSCN7949.jpg?resize=640%2C480&#038;ssl=1\" alt=\"\" width=\"640\" height=\"480\" srcset=\"https:\/\/i0.wp.com\/genevieveetbernardauxameriques.fr\/wp-content\/uploads\/2017\/03\/DSCN7949.jpg?w=720&amp;ssl=1 720w, https:\/\/i0.wp.com\/genevieveetbernardauxameriques.fr\/wp-content\/uploads\/2017\/03\/DSCN7949.jpg?resize=300%2C225&amp;ssl=1 300w\" sizes=\"(max-width: 640px) 100vw, 640px\" data-recalc-dims=\"1\" \/><\/a><a href=\"https:\/\/i0.wp.com\/genevieveetbernardauxameriques.fr\/wp-content\/uploads\/2017\/03\/DSCN7956.jpg?ssl=1\"><img loading=\"lazy\" decoding=\"async\" data-attachment-id=\"16460\" data-permalink=\"https:\/\/genevieveetbernardauxameriques.fr\/index.php\/2017\/03\/15\/la-cote-pacifique-de-puerto-lopez-a-la-frontiere-colombienne\/dscn7956\/\" data-orig-file=\"https:\/\/i0.wp.com\/genevieveetbernardauxameriques.fr\/wp-content\/uploads\/2017\/03\/DSCN7956.jpg?fit=720%2C540&amp;ssl=1\" data-orig-size=\"720,540\" data-comments-opened=\"1\" data-image-meta=\"{&quot;aperture&quot;:&quot;2.8&quot;,&quot;credit&quot;:&quot;&quot;,&quot;camera&quot;:&quot;COOLPIX P900&quot;,&quot;caption&quot;:&quot;&quot;,&quot;created_timestamp&quot;:&quot;1488811237&quot;,&quot;copyright&quot;:&quot;&quot;,&quot;focal_length&quot;:&quot;4.3&quot;,&quot;iso&quot;:&quot;100&quot;,&quot;shutter_speed&quot;:&quot;0.002&quot;,&quot;title&quot;:&quot;&quot;,&quot;orientation&quot;:&quot;1&quot;}\" data-image-title=\"DSCN7956\" data-image-description=\"\" data-image-caption=\"\" data-medium-file=\"https:\/\/i0.wp.com\/genevieveetbernardauxameriques.fr\/wp-content\/uploads\/2017\/03\/DSCN7956.jpg?fit=300%2C225&amp;ssl=1\" data-large-file=\"https:\/\/i0.wp.com\/genevieveetbernardauxameriques.fr\/wp-content\/uploads\/2017\/03\/DSCN7956.jpg?fit=640%2C480&amp;ssl=1\" class=\"alignnone size-full wp-image-16460\" src=\"https:\/\/i0.wp.com\/genevieveetbernardauxameriques.fr\/wp-content\/uploads\/2017\/03\/DSCN7956.jpg?resize=640%2C480&#038;ssl=1\" alt=\"\" width=\"640\" height=\"480\" srcset=\"https:\/\/i0.wp.com\/genevieveetbernardauxameriques.fr\/wp-content\/uploads\/2017\/03\/DSCN7956.jpg?w=720&amp;ssl=1 720w, https:\/\/i0.wp.com\/genevieveetbernardauxameriques.fr\/wp-content\/uploads\/2017\/03\/DSCN7956.jpg?resize=300%2C225&amp;ssl=1 300w\" sizes=\"(max-width: 640px) 100vw, 640px\" data-recalc-dims=\"1\" \/><\/a><a href=\"https:\/\/i0.wp.com\/genevieveetbernardauxameriques.fr\/wp-content\/uploads\/2017\/03\/DSCN7950.jpg?ssl=1\"><img loading=\"lazy\" decoding=\"async\" data-attachment-id=\"16457\" data-permalink=\"https:\/\/genevieveetbernardauxameriques.fr\/index.php\/2017\/03\/15\/la-cote-pacifique-de-puerto-lopez-a-la-frontiere-colombienne\/dscn7950\/\" data-orig-file=\"https:\/\/i0.wp.com\/genevieveetbernardauxameriques.fr\/wp-content\/uploads\/2017\/03\/DSCN7950.jpg?fit=540%2C720&amp;ssl=1\" data-orig-size=\"540,720\" data-comments-opened=\"1\" data-image-meta=\"{&quot;aperture&quot;:&quot;3.5&quot;,&quot;credit&quot;:&quot;&quot;,&quot;camera&quot;:&quot;COOLPIX P900&quot;,&quot;caption&quot;:&quot;&quot;,&quot;created_timestamp&quot;:&quot;1488810507&quot;,&quot;copyright&quot;:&quot;&quot;,&quot;focal_length&quot;:&quot;10.7&quot;,&quot;iso&quot;:&quot;100&quot;,&quot;shutter_speed&quot;:&quot;0.0015625&quot;,&quot;title&quot;:&quot;&quot;,&quot;orientation&quot;:&quot;1&quot;}\" data-image-title=\"DSCN7950\" data-image-description=\"\" data-image-caption=\"\" data-medium-file=\"https:\/\/i0.wp.com\/genevieveetbernardauxameriques.fr\/wp-content\/uploads\/2017\/03\/DSCN7950.jpg?fit=225%2C300&amp;ssl=1\" data-large-file=\"https:\/\/i0.wp.com\/genevieveetbernardauxameriques.fr\/wp-content\/uploads\/2017\/03\/DSCN7950.jpg?fit=540%2C720&amp;ssl=1\" class=\"wp-image-16457 aligncenter\" src=\"https:\/\/i0.wp.com\/genevieveetbernardauxameriques.fr\/wp-content\/uploads\/2017\/03\/DSCN7950.jpg?resize=371%2C495&#038;ssl=1\" alt=\"\" width=\"371\" height=\"495\" srcset=\"https:\/\/i0.wp.com\/genevieveetbernardauxameriques.fr\/wp-content\/uploads\/2017\/03\/DSCN7950.jpg?w=540&amp;ssl=1 540w, https:\/\/i0.wp.com\/genevieveetbernardauxameriques.fr\/wp-content\/uploads\/2017\/03\/DSCN7950.jpg?resize=225%2C300&amp;ssl=1 225w\" sizes=\"(max-width: 371px) 100vw, 371px\" data-recalc-dims=\"1\" \/><\/a><\/p>\n<p><img loading=\"lazy\" decoding=\"async\" data-attachment-id=\"16459\" data-permalink=\"https:\/\/genevieveetbernardauxameriques.fr\/index.php\/2017\/03\/15\/la-cote-pacifique-de-puerto-lopez-a-la-frontiere-colombienne\/dscn7955\/\" data-orig-file=\"https:\/\/i0.wp.com\/genevieveetbernardauxameriques.fr\/wp-content\/uploads\/2017\/03\/DSCN7955.jpg?fit=720%2C540&amp;ssl=1\" data-orig-size=\"720,540\" data-comments-opened=\"1\" data-image-meta=\"{&quot;aperture&quot;:&quot;5.6&quot;,&quot;credit&quot;:&quot;&quot;,&quot;camera&quot;:&quot;COOLPIX P900&quot;,&quot;caption&quot;:&quot;&quot;,&quot;created_timestamp&quot;:&quot;1488811097&quot;,&quot;copyright&quot;:&quot;&quot;,&quot;focal_length&quot;:&quot;143&quot;,&quot;iso&quot;:&quot;400&quot;,&quot;shutter_speed&quot;:&quot;0.004&quot;,&quot;title&quot;:&quot;&quot;,&quot;orientation&quot;:&quot;1&quot;}\" data-image-title=\"DSCN7955\" data-image-description=\"\" data-image-caption=\"\" data-medium-file=\"https:\/\/i0.wp.com\/genevieveetbernardauxameriques.fr\/wp-content\/uploads\/2017\/03\/DSCN7955.jpg?fit=300%2C225&amp;ssl=1\" data-large-file=\"https:\/\/i0.wp.com\/genevieveetbernardauxameriques.fr\/wp-content\/uploads\/2017\/03\/DSCN7955.jpg?fit=640%2C480&amp;ssl=1\" class=\"wp-image-16459 aligncenter\" src=\"https:\/\/i0.wp.com\/genevieveetbernardauxameriques.fr\/wp-content\/uploads\/2017\/03\/DSCN7955.jpg?resize=487%2C365&#038;ssl=1\" alt=\"\" width=\"487\" height=\"365\" srcset=\"https:\/\/i0.wp.com\/genevieveetbernardauxameriques.fr\/wp-content\/uploads\/2017\/03\/DSCN7955.jpg?w=720&amp;ssl=1 720w, https:\/\/i0.wp.com\/genevieveetbernardauxameriques.fr\/wp-content\/uploads\/2017\/03\/DSCN7955.jpg?resize=300%2C225&amp;ssl=1 300w\" sizes=\"(max-width: 487px) 100vw, 487px\" data-recalc-dims=\"1\" \/><\/p>\n<p><a href=\"https:\/\/i0.wp.com\/genevieveetbernardauxameriques.fr\/wp-content\/uploads\/2017\/03\/DSCN7957.jpg?ssl=1\"><img loading=\"lazy\" decoding=\"async\" data-attachment-id=\"16461\" data-permalink=\"https:\/\/genevieveetbernardauxameriques.fr\/index.php\/2017\/03\/15\/la-cote-pacifique-de-puerto-lopez-a-la-frontiere-colombienne\/dscn7957\/\" data-orig-file=\"https:\/\/i0.wp.com\/genevieveetbernardauxameriques.fr\/wp-content\/uploads\/2017\/03\/DSCN7957.jpg?fit=720%2C540&amp;ssl=1\" data-orig-size=\"720,540\" data-comments-opened=\"1\" data-image-meta=\"{&quot;aperture&quot;:&quot;4&quot;,&quot;credit&quot;:&quot;&quot;,&quot;camera&quot;:&quot;COOLPIX P900&quot;,&quot;caption&quot;:&quot;&quot;,&quot;created_timestamp&quot;:&quot;1488811244&quot;,&quot;copyright&quot;:&quot;&quot;,&quot;focal_length&quot;:&quot;15.2&quot;,&quot;iso&quot;:&quot;100&quot;,&quot;shutter_speed&quot;:&quot;0.004&quot;,&quot;title&quot;:&quot;&quot;,&quot;orientation&quot;:&quot;1&quot;}\" data-image-title=\"DSCN7957\" data-image-description=\"\" data-image-caption=\"\" data-medium-file=\"https:\/\/i0.wp.com\/genevieveetbernardauxameriques.fr\/wp-content\/uploads\/2017\/03\/DSCN7957.jpg?fit=300%2C225&amp;ssl=1\" data-large-file=\"https:\/\/i0.wp.com\/genevieveetbernardauxameriques.fr\/wp-content\/uploads\/2017\/03\/DSCN7957.jpg?fit=640%2C480&amp;ssl=1\" class=\"alignnone size-full wp-image-16461\" src=\"https:\/\/i0.wp.com\/genevieveetbernardauxameriques.fr\/wp-content\/uploads\/2017\/03\/DSCN7957.jpg?resize=640%2C480&#038;ssl=1\" alt=\"\" width=\"640\" height=\"480\" srcset=\"https:\/\/i0.wp.com\/genevieveetbernardauxameriques.fr\/wp-content\/uploads\/2017\/03\/DSCN7957.jpg?w=720&amp;ssl=1 720w, https:\/\/i0.wp.com\/genevieveetbernardauxameriques.fr\/wp-content\/uploads\/2017\/03\/DSCN7957.jpg?resize=300%2C225&amp;ssl=1 300w\" sizes=\"(max-width: 640px) 100vw, 640px\" data-recalc-dims=\"1\" \/><\/a><a href=\"https:\/\/i0.wp.com\/genevieveetbernardauxameriques.fr\/wp-content\/uploads\/2017\/03\/DSCN7958.jpg?ssl=1\"><img loading=\"lazy\" decoding=\"async\" data-attachment-id=\"16462\" data-permalink=\"https:\/\/genevieveetbernardauxameriques.fr\/index.php\/2017\/03\/15\/la-cote-pacifique-de-puerto-lopez-a-la-frontiere-colombienne\/dscn7958\/\" data-orig-file=\"https:\/\/i0.wp.com\/genevieveetbernardauxameriques.fr\/wp-content\/uploads\/2017\/03\/DSCN7958.jpg?fit=720%2C540&amp;ssl=1\" data-orig-size=\"720,540\" data-comments-opened=\"1\" data-image-meta=\"{&quot;aperture&quot;:&quot;2.8&quot;,&quot;credit&quot;:&quot;&quot;,&quot;camera&quot;:&quot;COOLPIX P900&quot;,&quot;caption&quot;:&quot;&quot;,&quot;created_timestamp&quot;:&quot;1488822093&quot;,&quot;copyright&quot;:&quot;&quot;,&quot;focal_length&quot;:&quot;5&quot;,&quot;iso&quot;:&quot;100&quot;,&quot;shutter_speed&quot;:&quot;0.0005&quot;,&quot;title&quot;:&quot;&quot;,&quot;orientation&quot;:&quot;1&quot;}\" data-image-title=\"DSCN7958\" data-image-description=\"\" data-image-caption=\"\" data-medium-file=\"https:\/\/i0.wp.com\/genevieveetbernardauxameriques.fr\/wp-content\/uploads\/2017\/03\/DSCN7958.jpg?fit=300%2C225&amp;ssl=1\" data-large-file=\"https:\/\/i0.wp.com\/genevieveetbernardauxameriques.fr\/wp-content\/uploads\/2017\/03\/DSCN7958.jpg?fit=640%2C480&amp;ssl=1\" class=\"alignnone size-full wp-image-16462\" src=\"https:\/\/i0.wp.com\/genevieveetbernardauxameriques.fr\/wp-content\/uploads\/2017\/03\/DSCN7958.jpg?resize=640%2C480&#038;ssl=1\" alt=\"\" width=\"640\" height=\"480\" srcset=\"https:\/\/i0.wp.com\/genevieveetbernardauxameriques.fr\/wp-content\/uploads\/2017\/03\/DSCN7958.jpg?w=720&amp;ssl=1 720w, https:\/\/i0.wp.com\/genevieveetbernardauxameriques.fr\/wp-content\/uploads\/2017\/03\/DSCN7958.jpg?resize=300%2C225&amp;ssl=1 300w\" sizes=\"(max-width: 640px) 100vw, 640px\" data-recalc-dims=\"1\" \/><\/a><a href=\"https:\/\/i0.wp.com\/genevieveetbernardauxameriques.fr\/wp-content\/uploads\/2017\/03\/DSCN7959.jpg?ssl=1\"><img loading=\"lazy\" decoding=\"async\" data-attachment-id=\"16463\" data-permalink=\"https:\/\/genevieveetbernardauxameriques.fr\/index.php\/2017\/03\/15\/la-cote-pacifique-de-puerto-lopez-a-la-frontiere-colombienne\/dscn7959\/\" data-orig-file=\"https:\/\/i0.wp.com\/genevieveetbernardauxameriques.fr\/wp-content\/uploads\/2017\/03\/DSCN7959.jpg?fit=720%2C540&amp;ssl=1\" data-orig-size=\"720,540\" data-comments-opened=\"1\" data-image-meta=\"{&quot;aperture&quot;:&quot;2.8&quot;,&quot;credit&quot;:&quot;&quot;,&quot;camera&quot;:&quot;COOLPIX P900&quot;,&quot;caption&quot;:&quot;&quot;,&quot;created_timestamp&quot;:&quot;1488822209&quot;,&quot;copyright&quot;:&quot;&quot;,&quot;focal_length&quot;:&quot;5&quot;,&quot;iso&quot;:&quot;100&quot;,&quot;shutter_speed&quot;:&quot;0.00125&quot;,&quot;title&quot;:&quot;&quot;,&quot;orientation&quot;:&quot;1&quot;}\" data-image-title=\"DSCN7959\" data-image-description=\"\" data-image-caption=\"\" data-medium-file=\"https:\/\/i0.wp.com\/genevieveetbernardauxameriques.fr\/wp-content\/uploads\/2017\/03\/DSCN7959.jpg?fit=300%2C225&amp;ssl=1\" data-large-file=\"https:\/\/i0.wp.com\/genevieveetbernardauxameriques.fr\/wp-content\/uploads\/2017\/03\/DSCN7959.jpg?fit=640%2C480&amp;ssl=1\" class=\"alignnone size-full wp-image-16463\" src=\"https:\/\/i0.wp.com\/genevieveetbernardauxameriques.fr\/wp-content\/uploads\/2017\/03\/DSCN7959.jpg?resize=640%2C480&#038;ssl=1\" alt=\"\" width=\"640\" height=\"480\" srcset=\"https:\/\/i0.wp.com\/genevieveetbernardauxameriques.fr\/wp-content\/uploads\/2017\/03\/DSCN7959.jpg?w=720&amp;ssl=1 720w, https:\/\/i0.wp.com\/genevieveetbernardauxameriques.fr\/wp-content\/uploads\/2017\/03\/DSCN7959.jpg?resize=300%2C225&amp;ssl=1 300w\" sizes=\"(max-width: 640px) 100vw, 640px\" data-recalc-dims=\"1\" \/><\/a><\/p>\n<p>En fin de matin\u00e9e nous allons nous quitter, ils partent vers le sud et nous vers le nord.<\/p>\n<p>Avant de rejoindre la route principale les mangroves ont \u00e9t\u00e9 suprim\u00e9es et les \u00e9tangs servent \u00e0 l&rsquo;\u00e9levage des crevettes, nous ferons un petit stop pour les voir.<\/p>\n<p><img loading=\"lazy\" decoding=\"async\" data-attachment-id=\"16471\" data-permalink=\"https:\/\/genevieveetbernardauxameriques.fr\/index.php\/2017\/03\/15\/la-cote-pacifique-de-puerto-lopez-a-la-frontiere-colombienne\/dscn7968\/\" data-orig-file=\"https:\/\/i0.wp.com\/genevieveetbernardauxameriques.fr\/wp-content\/uploads\/2017\/03\/DSCN7968-e1585858510380.jpg?fit=719%2C412&amp;ssl=1\" data-orig-size=\"719,412\" data-comments-opened=\"1\" data-image-meta=\"{&quot;aperture&quot;:&quot;3.5&quot;,&quot;credit&quot;:&quot;&quot;,&quot;camera&quot;:&quot;COOLPIX P900&quot;,&quot;caption&quot;:&quot;&quot;,&quot;created_timestamp&quot;:&quot;1488823024&quot;,&quot;copyright&quot;:&quot;&quot;,&quot;focal_length&quot;:&quot;12.5&quot;,&quot;iso&quot;:&quot;100&quot;,&quot;shutter_speed&quot;:&quot;0.001&quot;,&quot;title&quot;:&quot;&quot;,&quot;orientation&quot;:&quot;1&quot;}\" data-image-title=\"DSCN7968\" data-image-description=\"\" data-image-caption=\"\" data-medium-file=\"https:\/\/i0.wp.com\/genevieveetbernardauxameriques.fr\/wp-content\/uploads\/2017\/03\/DSCN7968-e1585858510380.jpg?fit=300%2C172&amp;ssl=1\" data-large-file=\"https:\/\/i0.wp.com\/genevieveetbernardauxameriques.fr\/wp-content\/uploads\/2017\/03\/DSCN7968-e1585858510380.jpg?fit=640%2C367&amp;ssl=1\" class=\"alignnone size-full wp-image-16471\" src=\"https:\/\/i0.wp.com\/genevieveetbernardauxameriques.fr\/wp-content\/uploads\/2017\/03\/DSCN7968-e1585858510380.jpg?resize=640%2C367&#038;ssl=1\" alt=\"\" width=\"640\" height=\"367\" srcset=\"https:\/\/i0.wp.com\/genevieveetbernardauxameriques.fr\/wp-content\/uploads\/2017\/03\/DSCN7968-e1585858510380.jpg?w=719&amp;ssl=1 719w, https:\/\/i0.wp.com\/genevieveetbernardauxameriques.fr\/wp-content\/uploads\/2017\/03\/DSCN7968-e1585858510380.jpg?resize=300%2C172&amp;ssl=1 300w\" sizes=\"(max-width: 640px) 100vw, 640px\" data-recalc-dims=\"1\" \/><a href=\"https:\/\/i0.wp.com\/genevieveetbernardauxameriques.fr\/wp-content\/uploads\/2017\/03\/DSCN7960.jpg?ssl=1\"><img loading=\"lazy\" decoding=\"async\" data-attachment-id=\"16464\" data-permalink=\"https:\/\/genevieveetbernardauxameriques.fr\/index.php\/2017\/03\/15\/la-cote-pacifique-de-puerto-lopez-a-la-frontiere-colombienne\/dscn7960\/\" data-orig-file=\"https:\/\/i0.wp.com\/genevieveetbernardauxameriques.fr\/wp-content\/uploads\/2017\/03\/DSCN7960.jpg?fit=720%2C540&amp;ssl=1\" data-orig-size=\"720,540\" data-comments-opened=\"1\" data-image-meta=\"{&quot;aperture&quot;:&quot;5&quot;,&quot;credit&quot;:&quot;&quot;,&quot;camera&quot;:&quot;COOLPIX P900&quot;,&quot;caption&quot;:&quot;&quot;,&quot;created_timestamp&quot;:&quot;1488822706&quot;,&quot;copyright&quot;:&quot;&quot;,&quot;focal_length&quot;:&quot;67.8&quot;,&quot;iso&quot;:&quot;100&quot;,&quot;shutter_speed&quot;:&quot;0.002&quot;,&quot;title&quot;:&quot;&quot;,&quot;orientation&quot;:&quot;1&quot;}\" data-image-title=\"DSCN7960\" data-image-description=\"\" data-image-caption=\"\" data-medium-file=\"https:\/\/i0.wp.com\/genevieveetbernardauxameriques.fr\/wp-content\/uploads\/2017\/03\/DSCN7960.jpg?fit=300%2C225&amp;ssl=1\" data-large-file=\"https:\/\/i0.wp.com\/genevieveetbernardauxameriques.fr\/wp-content\/uploads\/2017\/03\/DSCN7960.jpg?fit=640%2C480&amp;ssl=1\" class=\"alignnone size-full wp-image-16464\" src=\"https:\/\/i0.wp.com\/genevieveetbernardauxameriques.fr\/wp-content\/uploads\/2017\/03\/DSCN7960.jpg?resize=640%2C480&#038;ssl=1\" alt=\"\" width=\"640\" height=\"480\" srcset=\"https:\/\/i0.wp.com\/genevieveetbernardauxameriques.fr\/wp-content\/uploads\/2017\/03\/DSCN7960.jpg?w=720&amp;ssl=1 720w, https:\/\/i0.wp.com\/genevieveetbernardauxameriques.fr\/wp-content\/uploads\/2017\/03\/DSCN7960.jpg?resize=300%2C225&amp;ssl=1 300w\" sizes=\"(max-width: 640px) 100vw, 640px\" data-recalc-dims=\"1\" \/><\/a><a href=\"https:\/\/i0.wp.com\/genevieveetbernardauxameriques.fr\/wp-content\/uploads\/2017\/03\/DSCN7962.jpg?ssl=1\"><img loading=\"lazy\" decoding=\"async\" data-attachment-id=\"16466\" data-permalink=\"https:\/\/genevieveetbernardauxameriques.fr\/index.php\/2017\/03\/15\/la-cote-pacifique-de-puerto-lopez-a-la-frontiere-colombienne\/dscn7962\/\" data-orig-file=\"https:\/\/i0.wp.com\/genevieveetbernardauxameriques.fr\/wp-content\/uploads\/2017\/03\/DSCN7962.jpg?fit=720%2C540&amp;ssl=1\" data-orig-size=\"720,540\" data-comments-opened=\"1\" data-image-meta=\"{&quot;aperture&quot;:&quot;5.6&quot;,&quot;credit&quot;:&quot;&quot;,&quot;camera&quot;:&quot;COOLPIX P900&quot;,&quot;caption&quot;:&quot;&quot;,&quot;created_timestamp&quot;:&quot;1488822739&quot;,&quot;copyright&quot;:&quot;&quot;,&quot;focal_length&quot;:&quot;178&quot;,&quot;iso&quot;:&quot;200&quot;,&quot;shutter_speed&quot;:&quot;0.002&quot;,&quot;title&quot;:&quot;&quot;,&quot;orientation&quot;:&quot;1&quot;}\" data-image-title=\"DSCN7962\" data-image-description=\"\" data-image-caption=\"\" data-medium-file=\"https:\/\/i0.wp.com\/genevieveetbernardauxameriques.fr\/wp-content\/uploads\/2017\/03\/DSCN7962.jpg?fit=300%2C225&amp;ssl=1\" data-large-file=\"https:\/\/i0.wp.com\/genevieveetbernardauxameriques.fr\/wp-content\/uploads\/2017\/03\/DSCN7962.jpg?fit=640%2C480&amp;ssl=1\" class=\"alignnone size-full wp-image-16466\" src=\"https:\/\/i0.wp.com\/genevieveetbernardauxameriques.fr\/wp-content\/uploads\/2017\/03\/DSCN7962.jpg?resize=640%2C480&#038;ssl=1\" alt=\"\" width=\"640\" height=\"480\" srcset=\"https:\/\/i0.wp.com\/genevieveetbernardauxameriques.fr\/wp-content\/uploads\/2017\/03\/DSCN7962.jpg?w=720&amp;ssl=1 720w, https:\/\/i0.wp.com\/genevieveetbernardauxameriques.fr\/wp-content\/uploads\/2017\/03\/DSCN7962.jpg?resize=300%2C225&amp;ssl=1 300w\" sizes=\"(max-width: 640px) 100vw, 640px\" data-recalc-dims=\"1\" \/><\/a><a href=\"https:\/\/i0.wp.com\/genevieveetbernardauxameriques.fr\/wp-content\/uploads\/2017\/03\/DSCN7965.jpg?ssl=1\"><img loading=\"lazy\" decoding=\"async\" data-attachment-id=\"16469\" data-permalink=\"https:\/\/genevieveetbernardauxameriques.fr\/index.php\/2017\/03\/15\/la-cote-pacifique-de-puerto-lopez-a-la-frontiere-colombienne\/dscn7965\/\" data-orig-file=\"https:\/\/i0.wp.com\/genevieveetbernardauxameriques.fr\/wp-content\/uploads\/2017\/03\/DSCN7965.jpg?fit=720%2C540&amp;ssl=1\" data-orig-size=\"720,540\" data-comments-opened=\"1\" data-image-meta=\"{&quot;aperture&quot;:&quot;5.6&quot;,&quot;credit&quot;:&quot;&quot;,&quot;camera&quot;:&quot;COOLPIX P900&quot;,&quot;caption&quot;:&quot;&quot;,&quot;created_timestamp&quot;:&quot;1488822776&quot;,&quot;copyright&quot;:&quot;&quot;,&quot;focal_length&quot;:&quot;152&quot;,&quot;iso&quot;:&quot;110&quot;,&quot;shutter_speed&quot;:&quot;0.002&quot;,&quot;title&quot;:&quot;&quot;,&quot;orientation&quot;:&quot;1&quot;}\" data-image-title=\"DSCN7965\" data-image-description=\"\" data-image-caption=\"\" data-medium-file=\"https:\/\/i0.wp.com\/genevieveetbernardauxameriques.fr\/wp-content\/uploads\/2017\/03\/DSCN7965.jpg?fit=300%2C225&amp;ssl=1\" data-large-file=\"https:\/\/i0.wp.com\/genevieveetbernardauxameriques.fr\/wp-content\/uploads\/2017\/03\/DSCN7965.jpg?fit=640%2C480&amp;ssl=1\" class=\"alignnone size-full wp-image-16469\" src=\"https:\/\/i0.wp.com\/genevieveetbernardauxameriques.fr\/wp-content\/uploads\/2017\/03\/DSCN7965.jpg?resize=640%2C480&#038;ssl=1\" alt=\"\" width=\"640\" height=\"480\" srcset=\"https:\/\/i0.wp.com\/genevieveetbernardauxameriques.fr\/wp-content\/uploads\/2017\/03\/DSCN7965.jpg?w=720&amp;ssl=1 720w, https:\/\/i0.wp.com\/genevieveetbernardauxameriques.fr\/wp-content\/uploads\/2017\/03\/DSCN7965.jpg?resize=300%2C225&amp;ssl=1 300w\" sizes=\"(max-width: 640px) 100vw, 640px\" data-recalc-dims=\"1\" \/><\/a><a href=\"https:\/\/i0.wp.com\/genevieveetbernardauxameriques.fr\/wp-content\/uploads\/2017\/03\/DSCN7961.jpg?ssl=1\"><img loading=\"lazy\" decoding=\"async\" data-attachment-id=\"16465\" data-permalink=\"https:\/\/genevieveetbernardauxameriques.fr\/index.php\/2017\/03\/15\/la-cote-pacifique-de-puerto-lopez-a-la-frontiere-colombienne\/dscn7961\/\" data-orig-file=\"https:\/\/i0.wp.com\/genevieveetbernardauxameriques.fr\/wp-content\/uploads\/2017\/03\/DSCN7961.jpg?fit=720%2C540&amp;ssl=1\" data-orig-size=\"720,540\" data-comments-opened=\"1\" data-image-meta=\"{&quot;aperture&quot;:&quot;5.6&quot;,&quot;credit&quot;:&quot;&quot;,&quot;camera&quot;:&quot;COOLPIX P900&quot;,&quot;caption&quot;:&quot;&quot;,&quot;created_timestamp&quot;:&quot;1488822725&quot;,&quot;copyright&quot;:&quot;&quot;,&quot;focal_length&quot;:&quot;196&quot;,&quot;iso&quot;:&quot;100&quot;,&quot;shutter_speed&quot;:&quot;0.002&quot;,&quot;title&quot;:&quot;&quot;,&quot;orientation&quot;:&quot;1&quot;}\" data-image-title=\"DSCN7961\" data-image-description=\"\" data-image-caption=\"\" data-medium-file=\"https:\/\/i0.wp.com\/genevieveetbernardauxameriques.fr\/wp-content\/uploads\/2017\/03\/DSCN7961.jpg?fit=300%2C225&amp;ssl=1\" data-large-file=\"https:\/\/i0.wp.com\/genevieveetbernardauxameriques.fr\/wp-content\/uploads\/2017\/03\/DSCN7961.jpg?fit=640%2C480&amp;ssl=1\" class=\"alignnone size-full wp-image-16465\" src=\"https:\/\/i0.wp.com\/genevieveetbernardauxameriques.fr\/wp-content\/uploads\/2017\/03\/DSCN7961.jpg?resize=640%2C480&#038;ssl=1\" alt=\"\" width=\"640\" height=\"480\" srcset=\"https:\/\/i0.wp.com\/genevieveetbernardauxameriques.fr\/wp-content\/uploads\/2017\/03\/DSCN7961.jpg?w=720&amp;ssl=1 720w, https:\/\/i0.wp.com\/genevieveetbernardauxameriques.fr\/wp-content\/uploads\/2017\/03\/DSCN7961.jpg?resize=300%2C225&amp;ssl=1 300w\" sizes=\"(max-width: 640px) 100vw, 640px\" data-recalc-dims=\"1\" \/><\/a><\/p>\n<p>De bien jeunes gar\u00e7ons, nous semble-t-il !<\/p>\n<p>Et voil\u00e0 les maisons o\u00f9 vivent tous les travailleurs mais il y a encore beaucoup de familles qui vivent dans des tentes, les maisons n&rsquo;ont pas encore \u00e9taient reconstruites.<a href=\"https:\/\/i0.wp.com\/genevieveetbernardauxameriques.fr\/wp-content\/uploads\/2017\/03\/DSCN7966.jpg?ssl=1\"><img loading=\"lazy\" decoding=\"async\" data-attachment-id=\"16470\" data-permalink=\"https:\/\/genevieveetbernardauxameriques.fr\/index.php\/2017\/03\/15\/la-cote-pacifique-de-puerto-lopez-a-la-frontiere-colombienne\/dscn7966\/\" data-orig-file=\"https:\/\/i0.wp.com\/genevieveetbernardauxameriques.fr\/wp-content\/uploads\/2017\/03\/DSCN7966.jpg?fit=720%2C540&amp;ssl=1\" data-orig-size=\"720,540\" data-comments-opened=\"1\" data-image-meta=\"{&quot;aperture&quot;:&quot;3.5&quot;,&quot;credit&quot;:&quot;&quot;,&quot;camera&quot;:&quot;COOLPIX P900&quot;,&quot;caption&quot;:&quot;&quot;,&quot;created_timestamp&quot;:&quot;1488822849&quot;,&quot;copyright&quot;:&quot;&quot;,&quot;focal_length&quot;:&quot;13.4&quot;,&quot;iso&quot;:&quot;100&quot;,&quot;shutter_speed&quot;:&quot;0.00125&quot;,&quot;title&quot;:&quot;&quot;,&quot;orientation&quot;:&quot;1&quot;}\" data-image-title=\"DSCN7966\" data-image-description=\"\" data-image-caption=\"\" data-medium-file=\"https:\/\/i0.wp.com\/genevieveetbernardauxameriques.fr\/wp-content\/uploads\/2017\/03\/DSCN7966.jpg?fit=300%2C225&amp;ssl=1\" data-large-file=\"https:\/\/i0.wp.com\/genevieveetbernardauxameriques.fr\/wp-content\/uploads\/2017\/03\/DSCN7966.jpg?fit=640%2C480&amp;ssl=1\" class=\"alignnone size-full wp-image-16470\" src=\"https:\/\/i0.wp.com\/genevieveetbernardauxameriques.fr\/wp-content\/uploads\/2017\/03\/DSCN7966.jpg?resize=640%2C480&#038;ssl=1\" alt=\"\" width=\"640\" height=\"480\" srcset=\"https:\/\/i0.wp.com\/genevieveetbernardauxameriques.fr\/wp-content\/uploads\/2017\/03\/DSCN7966.jpg?w=720&amp;ssl=1 720w, https:\/\/i0.wp.com\/genevieveetbernardauxameriques.fr\/wp-content\/uploads\/2017\/03\/DSCN7966.jpg?resize=300%2C225&amp;ssl=1 300w\" sizes=\"(max-width: 640px) 100vw, 640px\" data-recalc-dims=\"1\" \/><\/a><a href=\"https:\/\/i0.wp.com\/genevieveetbernardauxameriques.fr\/wp-content\/uploads\/2017\/03\/DSCN7963.jpg?ssl=1\"><img loading=\"lazy\" decoding=\"async\" data-attachment-id=\"16467\" data-permalink=\"https:\/\/genevieveetbernardauxameriques.fr\/index.php\/2017\/03\/15\/la-cote-pacifique-de-puerto-lopez-a-la-frontiere-colombienne\/dscn7963\/\" data-orig-file=\"https:\/\/i0.wp.com\/genevieveetbernardauxameriques.fr\/wp-content\/uploads\/2017\/03\/DSCN7963.jpg?fit=720%2C540&amp;ssl=1\" data-orig-size=\"720,540\" data-comments-opened=\"1\" data-image-meta=\"{&quot;aperture&quot;:&quot;5.6&quot;,&quot;credit&quot;:&quot;&quot;,&quot;camera&quot;:&quot;COOLPIX P900&quot;,&quot;caption&quot;:&quot;&quot;,&quot;created_timestamp&quot;:&quot;1488822765&quot;,&quot;copyright&quot;:&quot;&quot;,&quot;focal_length&quot;:&quot;152&quot;,&quot;iso&quot;:&quot;100&quot;,&quot;shutter_speed&quot;:&quot;0.002&quot;,&quot;title&quot;:&quot;&quot;,&quot;orientation&quot;:&quot;1&quot;}\" data-image-title=\"DSCN7963\" data-image-description=\"\" data-image-caption=\"\" data-medium-file=\"https:\/\/i0.wp.com\/genevieveetbernardauxameriques.fr\/wp-content\/uploads\/2017\/03\/DSCN7963.jpg?fit=300%2C225&amp;ssl=1\" data-large-file=\"https:\/\/i0.wp.com\/genevieveetbernardauxameriques.fr\/wp-content\/uploads\/2017\/03\/DSCN7963.jpg?fit=640%2C480&amp;ssl=1\" class=\"alignnone size-full wp-image-16467\" src=\"https:\/\/i0.wp.com\/genevieveetbernardauxameriques.fr\/wp-content\/uploads\/2017\/03\/DSCN7963.jpg?resize=640%2C480&#038;ssl=1\" alt=\"\" width=\"640\" height=\"480\" srcset=\"https:\/\/i0.wp.com\/genevieveetbernardauxameriques.fr\/wp-content\/uploads\/2017\/03\/DSCN7963.jpg?w=720&amp;ssl=1 720w, https:\/\/i0.wp.com\/genevieveetbernardauxameriques.fr\/wp-content\/uploads\/2017\/03\/DSCN7963.jpg?resize=300%2C225&amp;ssl=1 300w\" sizes=\"(max-width: 640px) 100vw, 640px\" data-recalc-dims=\"1\" \/><\/a><\/p>\n<p>Le midi nous arrivons \u00e0 <strong>Perdenales<\/strong>, derni\u00e8re \u00e9tape sur la c\u00f4te Pacifique pour notre s\u00e9jour en Equateur.<\/p>\n<p><img loading=\"lazy\" decoding=\"async\" data-attachment-id=\"16479\" data-permalink=\"https:\/\/genevieveetbernardauxameriques.fr\/index.php\/2017\/03\/15\/la-cote-pacifique-de-puerto-lopez-a-la-frontiere-colombienne\/dscn7978\/\" data-orig-file=\"https:\/\/i0.wp.com\/genevieveetbernardauxameriques.fr\/wp-content\/uploads\/2017\/03\/DSCN7978-e1585930079455.jpg?fit=719%2C430&amp;ssl=1\" data-orig-size=\"719,430\" data-comments-opened=\"1\" data-image-meta=\"{&quot;aperture&quot;:&quot;3.5&quot;,&quot;credit&quot;:&quot;&quot;,&quot;camera&quot;:&quot;COOLPIX P900&quot;,&quot;caption&quot;:&quot;&quot;,&quot;created_timestamp&quot;:&quot;1488833166&quot;,&quot;copyright&quot;:&quot;&quot;,&quot;focal_length&quot;:&quot;10.7&quot;,&quot;iso&quot;:&quot;100&quot;,&quot;shutter_speed&quot;:&quot;0.00125&quot;,&quot;title&quot;:&quot;&quot;,&quot;orientation&quot;:&quot;1&quot;}\" data-image-title=\"DSCN7978\" data-image-description=\"\" data-image-caption=\"\" data-medium-file=\"https:\/\/i0.wp.com\/genevieveetbernardauxameriques.fr\/wp-content\/uploads\/2017\/03\/DSCN7978-e1585930079455.jpg?fit=300%2C179&amp;ssl=1\" data-large-file=\"https:\/\/i0.wp.com\/genevieveetbernardauxameriques.fr\/wp-content\/uploads\/2017\/03\/DSCN7978-e1585930079455.jpg?fit=640%2C383&amp;ssl=1\" class=\"alignnone size-full wp-image-16479\" src=\"https:\/\/i0.wp.com\/genevieveetbernardauxameriques.fr\/wp-content\/uploads\/2017\/03\/DSCN7978-e1585930079455.jpg?resize=640%2C383&#038;ssl=1\" alt=\"\" width=\"640\" height=\"383\" srcset=\"https:\/\/i0.wp.com\/genevieveetbernardauxameriques.fr\/wp-content\/uploads\/2017\/03\/DSCN7978-e1585930079455.jpg?w=719&amp;ssl=1 719w, https:\/\/i0.wp.com\/genevieveetbernardauxameriques.fr\/wp-content\/uploads\/2017\/03\/DSCN7978-e1585930079455.jpg?resize=300%2C179&amp;ssl=1 300w\" sizes=\"(max-width: 640px) 100vw, 640px\" data-recalc-dims=\"1\" \/><img loading=\"lazy\" decoding=\"async\" data-attachment-id=\"16480\" data-permalink=\"https:\/\/genevieveetbernardauxameriques.fr\/index.php\/2017\/03\/15\/la-cote-pacifique-de-puerto-lopez-a-la-frontiere-colombienne\/dscn7981\/\" data-orig-file=\"https:\/\/i0.wp.com\/genevieveetbernardauxameriques.fr\/wp-content\/uploads\/2017\/03\/DSCN7981.jpg?fit=720%2C540&amp;ssl=1\" data-orig-size=\"720,540\" data-comments-opened=\"1\" data-image-meta=\"{&quot;aperture&quot;:&quot;4&quot;,&quot;credit&quot;:&quot;&quot;,&quot;camera&quot;:&quot;COOLPIX P900&quot;,&quot;caption&quot;:&quot;&quot;,&quot;created_timestamp&quot;:&quot;1488833207&quot;,&quot;copyright&quot;:&quot;&quot;,&quot;focal_length&quot;:&quot;22.3&quot;,&quot;iso&quot;:&quot;100&quot;,&quot;shutter_speed&quot;:&quot;0.00125&quot;,&quot;title&quot;:&quot;&quot;,&quot;orientation&quot;:&quot;1&quot;}\" data-image-title=\"DSCN7981\" data-image-description=\"\" data-image-caption=\"\" data-medium-file=\"https:\/\/i0.wp.com\/genevieveetbernardauxameriques.fr\/wp-content\/uploads\/2017\/03\/DSCN7981.jpg?fit=300%2C225&amp;ssl=1\" data-large-file=\"https:\/\/i0.wp.com\/genevieveetbernardauxameriques.fr\/wp-content\/uploads\/2017\/03\/DSCN7981.jpg?fit=640%2C480&amp;ssl=1\" class=\"alignnone size-full wp-image-16480\" src=\"https:\/\/i0.wp.com\/genevieveetbernardauxameriques.fr\/wp-content\/uploads\/2017\/03\/DSCN7981.jpg?resize=640%2C480&#038;ssl=1\" alt=\"\" width=\"640\" height=\"480\" srcset=\"https:\/\/i0.wp.com\/genevieveetbernardauxameriques.fr\/wp-content\/uploads\/2017\/03\/DSCN7981.jpg?w=720&amp;ssl=1 720w, https:\/\/i0.wp.com\/genevieveetbernardauxameriques.fr\/wp-content\/uploads\/2017\/03\/DSCN7981.jpg?resize=300%2C225&amp;ssl=1 300w\" sizes=\"(max-width: 640px) 100vw, 640px\" data-recalc-dims=\"1\" \/><\/p>\n<p>Nous irons voir le monument \u00e9rig\u00e9 \u00e0 la m\u00e9moire des morts du tremblement de terre de l&rsquo;an pass\u00e9 presque 1000 personnes. Sur le socle il y a le nom de tous les morts.<\/p>\n<p><img loading=\"lazy\" decoding=\"async\" data-attachment-id=\"16478\" data-permalink=\"https:\/\/genevieveetbernardauxameriques.fr\/index.php\/2017\/03\/15\/la-cote-pacifique-de-puerto-lopez-a-la-frontiere-colombienne\/dscn7977\/\" data-orig-file=\"https:\/\/i0.wp.com\/genevieveetbernardauxameriques.fr\/wp-content\/uploads\/2017\/03\/DSCN7977.jpg?fit=720%2C540&amp;ssl=1\" data-orig-size=\"720,540\" data-comments-opened=\"1\" data-image-meta=\"{&quot;aperture&quot;:&quot;3.5&quot;,&quot;credit&quot;:&quot;&quot;,&quot;camera&quot;:&quot;COOLPIX P900&quot;,&quot;caption&quot;:&quot;&quot;,&quot;created_timestamp&quot;:&quot;1488833122&quot;,&quot;copyright&quot;:&quot;&quot;,&quot;focal_length&quot;:&quot;9.8&quot;,&quot;iso&quot;:&quot;100&quot;,&quot;shutter_speed&quot;:&quot;0.0015625&quot;,&quot;title&quot;:&quot;&quot;,&quot;orientation&quot;:&quot;1&quot;}\" data-image-title=\"DSCN7977\" data-image-description=\"\" data-image-caption=\"\" data-medium-file=\"https:\/\/i0.wp.com\/genevieveetbernardauxameriques.fr\/wp-content\/uploads\/2017\/03\/DSCN7977.jpg?fit=300%2C225&amp;ssl=1\" data-large-file=\"https:\/\/i0.wp.com\/genevieveetbernardauxameriques.fr\/wp-content\/uploads\/2017\/03\/DSCN7977.jpg?fit=640%2C480&amp;ssl=1\" class=\"alignnone size-full wp-image-16478\" src=\"https:\/\/i0.wp.com\/genevieveetbernardauxameriques.fr\/wp-content\/uploads\/2017\/03\/DSCN7977.jpg?resize=640%2C480&#038;ssl=1\" alt=\"\" width=\"640\" height=\"480\" srcset=\"https:\/\/i0.wp.com\/genevieveetbernardauxameriques.fr\/wp-content\/uploads\/2017\/03\/DSCN7977.jpg?w=720&amp;ssl=1 720w, https:\/\/i0.wp.com\/genevieveetbernardauxameriques.fr\/wp-content\/uploads\/2017\/03\/DSCN7977.jpg?resize=300%2C225&amp;ssl=1 300w\" sizes=\"(max-width: 640px) 100vw, 640px\" data-recalc-dims=\"1\" \/><\/p>\n<p>voil\u00e0 le genre d&rsquo;immeubles que nous voyons<\/p>\n<p><img loading=\"lazy\" decoding=\"async\" data-attachment-id=\"16474\" data-permalink=\"https:\/\/genevieveetbernardauxameriques.fr\/index.php\/2017\/03\/15\/la-cote-pacifique-de-puerto-lopez-a-la-frontiere-colombienne\/dscn7972\/\" data-orig-file=\"https:\/\/i0.wp.com\/genevieveetbernardauxameriques.fr\/wp-content\/uploads\/2017\/03\/DSCN7972.jpg?fit=720%2C540&amp;ssl=1\" data-orig-size=\"720,540\" data-comments-opened=\"1\" data-image-meta=\"{&quot;aperture&quot;:&quot;2.8&quot;,&quot;credit&quot;:&quot;&quot;,&quot;camera&quot;:&quot;COOLPIX P900&quot;,&quot;caption&quot;:&quot;&quot;,&quot;created_timestamp&quot;:&quot;1488826973&quot;,&quot;copyright&quot;:&quot;&quot;,&quot;focal_length&quot;:&quot;4.3&quot;,&quot;iso&quot;:&quot;100&quot;,&quot;shutter_speed&quot;:&quot;0.0005&quot;,&quot;title&quot;:&quot;&quot;,&quot;orientation&quot;:&quot;1&quot;}\" data-image-title=\"DSCN7972\" data-image-description=\"\" data-image-caption=\"\" data-medium-file=\"https:\/\/i0.wp.com\/genevieveetbernardauxameriques.fr\/wp-content\/uploads\/2017\/03\/DSCN7972.jpg?fit=300%2C225&amp;ssl=1\" data-large-file=\"https:\/\/i0.wp.com\/genevieveetbernardauxameriques.fr\/wp-content\/uploads\/2017\/03\/DSCN7972.jpg?fit=640%2C480&amp;ssl=1\" class=\"alignnone size-full wp-image-16474\" src=\"https:\/\/i0.wp.com\/genevieveetbernardauxameriques.fr\/wp-content\/uploads\/2017\/03\/DSCN7972.jpg?resize=640%2C480&#038;ssl=1\" alt=\"\" width=\"640\" height=\"480\" srcset=\"https:\/\/i0.wp.com\/genevieveetbernardauxameriques.fr\/wp-content\/uploads\/2017\/03\/DSCN7972.jpg?w=720&amp;ssl=1 720w, https:\/\/i0.wp.com\/genevieveetbernardauxameriques.fr\/wp-content\/uploads\/2017\/03\/DSCN7972.jpg?resize=300%2C225&amp;ssl=1 300w\" sizes=\"(max-width: 640px) 100vw, 640px\" data-recalc-dims=\"1\" \/><\/p>\n<p>Un petit tour au march\u00e9<\/p>\n<p><a href=\"https:\/\/i0.wp.com\/genevieveetbernardauxameriques.fr\/wp-content\/uploads\/2017\/03\/DSCN7971.jpg?ssl=1\"><img loading=\"lazy\" decoding=\"async\" data-attachment-id=\"16473\" data-permalink=\"https:\/\/genevieveetbernardauxameriques.fr\/index.php\/2017\/03\/15\/la-cote-pacifique-de-puerto-lopez-a-la-frontiere-colombienne\/dscn7971\/\" data-orig-file=\"https:\/\/i0.wp.com\/genevieveetbernardauxameriques.fr\/wp-content\/uploads\/2017\/03\/DSCN7971.jpg?fit=720%2C540&amp;ssl=1\" data-orig-size=\"720,540\" data-comments-opened=\"1\" data-image-meta=\"{&quot;aperture&quot;:&quot;3.2&quot;,&quot;credit&quot;:&quot;&quot;,&quot;camera&quot;:&quot;COOLPIX P900&quot;,&quot;caption&quot;:&quot;&quot;,&quot;created_timestamp&quot;:&quot;1488826603&quot;,&quot;copyright&quot;:&quot;&quot;,&quot;focal_length&quot;:&quot;7.7&quot;,&quot;iso&quot;:&quot;100&quot;,&quot;shutter_speed&quot;:&quot;0.002&quot;,&quot;title&quot;:&quot;&quot;,&quot;orientation&quot;:&quot;1&quot;}\" data-image-title=\"DSCN7971\" data-image-description=\"\" data-image-caption=\"\" data-medium-file=\"https:\/\/i0.wp.com\/genevieveetbernardauxameriques.fr\/wp-content\/uploads\/2017\/03\/DSCN7971.jpg?fit=300%2C225&amp;ssl=1\" data-large-file=\"https:\/\/i0.wp.com\/genevieveetbernardauxameriques.fr\/wp-content\/uploads\/2017\/03\/DSCN7971.jpg?fit=640%2C480&amp;ssl=1\" class=\"alignnone size-full wp-image-16473\" src=\"https:\/\/i0.wp.com\/genevieveetbernardauxameriques.fr\/wp-content\/uploads\/2017\/03\/DSCN7971.jpg?resize=640%2C480&#038;ssl=1\" alt=\"\" width=\"640\" height=\"480\" srcset=\"https:\/\/i0.wp.com\/genevieveetbernardauxameriques.fr\/wp-content\/uploads\/2017\/03\/DSCN7971.jpg?w=720&amp;ssl=1 720w, https:\/\/i0.wp.com\/genevieveetbernardauxameriques.fr\/wp-content\/uploads\/2017\/03\/DSCN7971.jpg?resize=300%2C225&amp;ssl=1 300w\" sizes=\"(max-width: 640px) 100vw, 640px\" data-recalc-dims=\"1\" \/><\/a><\/p>\n<p>il pleut, nous achetons des crabes que nous voyons depuis notre arriv\u00e9e en \u00c9quateur. Ici on peut les \u00a0acheter \u00e0 la pi\u00e8ce, nous en prenons seulement 3 (pour 5\u20ac)<\/p>\n<p>Ils sont emball\u00e9s un par un.<\/p>\n<p><img loading=\"lazy\" decoding=\"async\" data-attachment-id=\"16475\" data-permalink=\"https:\/\/genevieveetbernardauxameriques.fr\/index.php\/2017\/03\/15\/la-cote-pacifique-de-puerto-lopez-a-la-frontiere-colombienne\/dscn7973\/\" data-orig-file=\"https:\/\/i0.wp.com\/genevieveetbernardauxameriques.fr\/wp-content\/uploads\/2017\/03\/DSCN7973.jpg?fit=720%2C540&amp;ssl=1\" data-orig-size=\"720,540\" data-comments-opened=\"1\" data-image-meta=\"{&quot;aperture&quot;:&quot;2.8&quot;,&quot;credit&quot;:&quot;&quot;,&quot;camera&quot;:&quot;COOLPIX P900&quot;,&quot;caption&quot;:&quot;&quot;,&quot;created_timestamp&quot;:&quot;1488827569&quot;,&quot;copyright&quot;:&quot;&quot;,&quot;focal_length&quot;:&quot;4.3&quot;,&quot;iso&quot;:&quot;100&quot;,&quot;shutter_speed&quot;:&quot;0.02&quot;,&quot;title&quot;:&quot;&quot;,&quot;orientation&quot;:&quot;1&quot;}\" data-image-title=\"DSCN7973\" data-image-description=\"\" data-image-caption=\"\" data-medium-file=\"https:\/\/i0.wp.com\/genevieveetbernardauxameriques.fr\/wp-content\/uploads\/2017\/03\/DSCN7973.jpg?fit=300%2C225&amp;ssl=1\" data-large-file=\"https:\/\/i0.wp.com\/genevieveetbernardauxameriques.fr\/wp-content\/uploads\/2017\/03\/DSCN7973.jpg?fit=640%2C480&amp;ssl=1\" class=\"alignnone size-full wp-image-16475\" src=\"https:\/\/i0.wp.com\/genevieveetbernardauxameriques.fr\/wp-content\/uploads\/2017\/03\/DSCN7973.jpg?resize=640%2C480&#038;ssl=1\" alt=\"\" width=\"640\" height=\"480\" srcset=\"https:\/\/i0.wp.com\/genevieveetbernardauxameriques.fr\/wp-content\/uploads\/2017\/03\/DSCN7973.jpg?w=720&amp;ssl=1 720w, https:\/\/i0.wp.com\/genevieveetbernardauxameriques.fr\/wp-content\/uploads\/2017\/03\/DSCN7973.jpg?resize=300%2C225&amp;ssl=1 300w\" sizes=\"(max-width: 640px) 100vw, 640px\" data-recalc-dims=\"1\" \/><\/p>\n<p>On comprend mieux pourquoi, une fois enlev\u00e9e la feuille de banane ils s&rsquo;\u00e9chappent de l&rsquo;\u00e9vier, un peu de rigolade pour les r\u00e9cup\u00e9rer, une pince est grosse et l&rsquo;autre toute petite. Mais quelle vitalit\u00e9.\u00a0<a href=\"https:\/\/i0.wp.com\/genevieveetbernardauxameriques.fr\/wp-content\/uploads\/2017\/03\/DSCN7975.jpg?ssl=1\"><img loading=\"lazy\" decoding=\"async\" data-attachment-id=\"16476\" data-permalink=\"https:\/\/genevieveetbernardauxameriques.fr\/index.php\/2017\/03\/15\/la-cote-pacifique-de-puerto-lopez-a-la-frontiere-colombienne\/dscn7975\/\" data-orig-file=\"https:\/\/i0.wp.com\/genevieveetbernardauxameriques.fr\/wp-content\/uploads\/2017\/03\/DSCN7975.jpg?fit=720%2C540&amp;ssl=1\" data-orig-size=\"720,540\" data-comments-opened=\"1\" data-image-meta=\"{&quot;aperture&quot;:&quot;3.5&quot;,&quot;credit&quot;:&quot;&quot;,&quot;camera&quot;:&quot;COOLPIX P900&quot;,&quot;caption&quot;:&quot;&quot;,&quot;created_timestamp&quot;:&quot;1488828559&quot;,&quot;copyright&quot;:&quot;&quot;,&quot;focal_length&quot;:&quot;12.5&quot;,&quot;iso&quot;:&quot;100&quot;,&quot;shutter_speed&quot;:&quot;0.01&quot;,&quot;title&quot;:&quot;&quot;,&quot;orientation&quot;:&quot;1&quot;}\" data-image-title=\"DSCN7975\" data-image-description=\"\" data-image-caption=\"\" data-medium-file=\"https:\/\/i0.wp.com\/genevieveetbernardauxameriques.fr\/wp-content\/uploads\/2017\/03\/DSCN7975.jpg?fit=300%2C225&amp;ssl=1\" data-large-file=\"https:\/\/i0.wp.com\/genevieveetbernardauxameriques.fr\/wp-content\/uploads\/2017\/03\/DSCN7975.jpg?fit=640%2C480&amp;ssl=1\" class=\"alignnone size-full wp-image-16476\" src=\"https:\/\/i0.wp.com\/genevieveetbernardauxameriques.fr\/wp-content\/uploads\/2017\/03\/DSCN7975.jpg?resize=640%2C480&#038;ssl=1\" alt=\"\" width=\"640\" height=\"480\" srcset=\"https:\/\/i0.wp.com\/genevieveetbernardauxameriques.fr\/wp-content\/uploads\/2017\/03\/DSCN7975.jpg?w=720&amp;ssl=1 720w, https:\/\/i0.wp.com\/genevieveetbernardauxameriques.fr\/wp-content\/uploads\/2017\/03\/DSCN7975.jpg?resize=300%2C225&amp;ssl=1 300w\" sizes=\"(max-width: 640px) 100vw, 640px\" data-recalc-dims=\"1\" \/><\/a><\/p>\n<p>Et les voil\u00e0 enfin dans notre assiette<\/p>\n<p><a href=\"https:\/\/i0.wp.com\/genevieveetbernardauxameriques.fr\/wp-content\/uploads\/2017\/03\/DSCN7976.jpg?ssl=1\"><img loading=\"lazy\" decoding=\"async\" data-attachment-id=\"16477\" data-permalink=\"https:\/\/genevieveetbernardauxameriques.fr\/index.php\/2017\/03\/15\/la-cote-pacifique-de-puerto-lopez-a-la-frontiere-colombienne\/dscn7976\/\" data-orig-file=\"https:\/\/i0.wp.com\/genevieveetbernardauxameriques.fr\/wp-content\/uploads\/2017\/03\/DSCN7976.jpg?fit=720%2C540&amp;ssl=1\" data-orig-size=\"720,540\" data-comments-opened=\"1\" data-image-meta=\"{&quot;aperture&quot;:&quot;2.8&quot;,&quot;credit&quot;:&quot;&quot;,&quot;camera&quot;:&quot;COOLPIX P900&quot;,&quot;caption&quot;:&quot;&quot;,&quot;created_timestamp&quot;:&quot;1488829627&quot;,&quot;copyright&quot;:&quot;&quot;,&quot;focal_length&quot;:&quot;4.3&quot;,&quot;iso&quot;:&quot;100&quot;,&quot;shutter_speed&quot;:&quot;0.016666666666667&quot;,&quot;title&quot;:&quot;&quot;,&quot;orientation&quot;:&quot;1&quot;}\" data-image-title=\"DSCN7976\" data-image-description=\"\" data-image-caption=\"\" data-medium-file=\"https:\/\/i0.wp.com\/genevieveetbernardauxameriques.fr\/wp-content\/uploads\/2017\/03\/DSCN7976.jpg?fit=300%2C225&amp;ssl=1\" data-large-file=\"https:\/\/i0.wp.com\/genevieveetbernardauxameriques.fr\/wp-content\/uploads\/2017\/03\/DSCN7976.jpg?fit=640%2C480&amp;ssl=1\" class=\"alignnone size-full wp-image-16477\" src=\"https:\/\/i0.wp.com\/genevieveetbernardauxameriques.fr\/wp-content\/uploads\/2017\/03\/DSCN7976.jpg?resize=640%2C480&#038;ssl=1\" alt=\"\" width=\"640\" height=\"480\" srcset=\"https:\/\/i0.wp.com\/genevieveetbernardauxameriques.fr\/wp-content\/uploads\/2017\/03\/DSCN7976.jpg?w=720&amp;ssl=1 720w, https:\/\/i0.wp.com\/genevieveetbernardauxameriques.fr\/wp-content\/uploads\/2017\/03\/DSCN7976.jpg?resize=300%2C225&amp;ssl=1 300w\" sizes=\"(max-width: 640px) 100vw, 640px\" data-recalc-dims=\"1\" \/><\/a><\/p>\n<p>Nous ne pouvons pas les manger, peut \u00eatre je les ai mal cuit mais l&rsquo;int\u00e9rieur \u00e9tait tout noir, il aurait aussi fallu les brosser avant, mais ils gigotaient de trop.<\/p>\n<p>Une chance nous avions achet\u00e9 \u00e0 Jama le matin une livre de crevettes, excellentes, bien qu&rsquo;elles soient d&rsquo;\u00e9levage, c&rsquo;est autre chose que celles que nous trouvons en France. J&rsquo;aurais du en prendre 1 kg pour 4 E<\/p>\n<p>Et comme il pleut \u00e0 torrent, nous reprenons la route. On quitte la c\u00f4te pour rejoindre Quito.<\/p>\n<p>Avant Santo Domingo nous coupons par la vall\u00e9e Hermosa. Nous traversons des champs de cacao, d&rsquo;ananas et palmiers pendant la moiti\u00e9 du chemin, ensuite c&rsquo;est un paysage de for\u00eat avec des arbres et des fleurs\u00a0 magnifiques.<\/p>\n<p>Un peu avant Mindo nous nous arr\u00eatons dans une laiterie, o\u00f9 nous achetons des fromages, genre gouda, des yaourts (\u00e0 boire car en \u00c9quateur nous ne trouvons que cela) et nous arrivons \u00e0 <strong>Mindo<\/strong>, village touristique r\u00e9put\u00e9 pour ses randonn\u00e9es et ses oiseaux, entour\u00e9 de vertigineuses for\u00eats d&rsquo;altitude.<\/p>\n<p><strong>LUNDI 6 MARS 2017<\/strong><\/p>\n<div>\n<p dir=\"ltr\">Il fait nuit, nous allons nous garer \u00e0 la sortie du village devant cette \u00ab\u00a0propri\u00e9t\u00e9\u00a0\u00bb, au bord de la rivi\u00e8re. Le Monsieur qui habite l\u00e0, mange dehors sur des planches avec des toiles dessus.<\/p>\n<p dir=\"ltr\"><a href=\"https:\/\/i0.wp.com\/genevieveetbernardauxameriques.fr\/wp-content\/uploads\/2017\/03\/DSCN8025.jpg?ssl=1\"><img loading=\"lazy\" decoding=\"async\" data-attachment-id=\"16501\" data-permalink=\"https:\/\/genevieveetbernardauxameriques.fr\/index.php\/2017\/03\/15\/la-cote-pacifique-de-puerto-lopez-a-la-frontiere-colombienne\/dscn8025\/\" data-orig-file=\"https:\/\/i0.wp.com\/genevieveetbernardauxameriques.fr\/wp-content\/uploads\/2017\/03\/DSCN8025.jpg?fit=720%2C540&amp;ssl=1\" data-orig-size=\"720,540\" data-comments-opened=\"1\" data-image-meta=\"{&quot;aperture&quot;:&quot;4&quot;,&quot;credit&quot;:&quot;&quot;,&quot;camera&quot;:&quot;COOLPIX P900&quot;,&quot;caption&quot;:&quot;&quot;,&quot;created_timestamp&quot;:&quot;1488899658&quot;,&quot;copyright&quot;:&quot;&quot;,&quot;focal_length&quot;:&quot;20.5&quot;,&quot;iso&quot;:&quot;100&quot;,&quot;shutter_speed&quot;:&quot;0.01&quot;,&quot;title&quot;:&quot;&quot;,&quot;orientation&quot;:&quot;1&quot;}\" data-image-title=\"DSCN8025\" data-image-description=\"\" data-image-caption=\"\" data-medium-file=\"https:\/\/i0.wp.com\/genevieveetbernardauxameriques.fr\/wp-content\/uploads\/2017\/03\/DSCN8025.jpg?fit=300%2C225&amp;ssl=1\" data-large-file=\"https:\/\/i0.wp.com\/genevieveetbernardauxameriques.fr\/wp-content\/uploads\/2017\/03\/DSCN8025.jpg?fit=640%2C480&amp;ssl=1\" class=\"alignnone size-full wp-image-16501\" src=\"https:\/\/i0.wp.com\/genevieveetbernardauxameriques.fr\/wp-content\/uploads\/2017\/03\/DSCN8025.jpg?resize=640%2C480&#038;ssl=1\" alt=\"\" width=\"640\" height=\"480\" srcset=\"https:\/\/i0.wp.com\/genevieveetbernardauxameriques.fr\/wp-content\/uploads\/2017\/03\/DSCN8025.jpg?w=720&amp;ssl=1 720w, https:\/\/i0.wp.com\/genevieveetbernardauxameriques.fr\/wp-content\/uploads\/2017\/03\/DSCN8025.jpg?resize=300%2C225&amp;ssl=1 300w\" sizes=\"(max-width: 640px) 100vw, 640px\" data-recalc-dims=\"1\" \/><\/a><a href=\"https:\/\/i0.wp.com\/genevieveetbernardauxameriques.fr\/wp-content\/uploads\/2017\/03\/DSCN8024.jpg?ssl=1\"><img loading=\"lazy\" decoding=\"async\" data-attachment-id=\"16500\" data-permalink=\"https:\/\/genevieveetbernardauxameriques.fr\/index.php\/2017\/03\/15\/la-cote-pacifique-de-puerto-lopez-a-la-frontiere-colombienne\/dscn8024\/\" data-orig-file=\"https:\/\/i0.wp.com\/genevieveetbernardauxameriques.fr\/wp-content\/uploads\/2017\/03\/DSCN8024.jpg?fit=720%2C540&amp;ssl=1\" data-orig-size=\"720,540\" data-comments-opened=\"1\" data-image-meta=\"{&quot;aperture&quot;:&quot;3.5&quot;,&quot;credit&quot;:&quot;&quot;,&quot;camera&quot;:&quot;COOLPIX P900&quot;,&quot;caption&quot;:&quot;&quot;,&quot;created_timestamp&quot;:&quot;1488899627&quot;,&quot;copyright&quot;:&quot;&quot;,&quot;focal_length&quot;:&quot;12.5&quot;,&quot;iso&quot;:&quot;100&quot;,&quot;shutter_speed&quot;:&quot;0.004&quot;,&quot;title&quot;:&quot;&quot;,&quot;orientation&quot;:&quot;1&quot;}\" data-image-title=\"DSCN8024\" data-image-description=\"\" data-image-caption=\"\" data-medium-file=\"https:\/\/i0.wp.com\/genevieveetbernardauxameriques.fr\/wp-content\/uploads\/2017\/03\/DSCN8024.jpg?fit=300%2C225&amp;ssl=1\" data-large-file=\"https:\/\/i0.wp.com\/genevieveetbernardauxameriques.fr\/wp-content\/uploads\/2017\/03\/DSCN8024.jpg?fit=640%2C480&amp;ssl=1\" class=\"alignnone size-full wp-image-16500\" src=\"https:\/\/i0.wp.com\/genevieveetbernardauxameriques.fr\/wp-content\/uploads\/2017\/03\/DSCN8024.jpg?resize=640%2C480&#038;ssl=1\" alt=\"\" width=\"640\" height=\"480\" srcset=\"https:\/\/i0.wp.com\/genevieveetbernardauxameriques.fr\/wp-content\/uploads\/2017\/03\/DSCN8024.jpg?w=720&amp;ssl=1 720w, https:\/\/i0.wp.com\/genevieveetbernardauxameriques.fr\/wp-content\/uploads\/2017\/03\/DSCN8024.jpg?resize=300%2C225&amp;ssl=1 300w\" sizes=\"(max-width: 640px) 100vw, 640px\" data-recalc-dims=\"1\" \/><\/a><\/p>\n<\/div>\n<p dir=\"ltr\"><img loading=\"lazy\" decoding=\"async\" data-attachment-id=\"16481\" data-permalink=\"https:\/\/genevieveetbernardauxameriques.fr\/index.php\/2017\/03\/15\/la-cote-pacifique-de-puerto-lopez-a-la-frontiere-colombienne\/dscn7984\/\" data-orig-file=\"https:\/\/i0.wp.com\/genevieveetbernardauxameriques.fr\/wp-content\/uploads\/2017\/03\/DSCN7984.jpg?fit=720%2C540&amp;ssl=1\" data-orig-size=\"720,540\" data-comments-opened=\"1\" data-image-meta=\"{&quot;aperture&quot;:&quot;3.2&quot;,&quot;credit&quot;:&quot;&quot;,&quot;camera&quot;:&quot;COOLPIX P900&quot;,&quot;caption&quot;:&quot;&quot;,&quot;created_timestamp&quot;:&quot;1488897485&quot;,&quot;copyright&quot;:&quot;&quot;,&quot;focal_length&quot;:&quot;7.1&quot;,&quot;iso&quot;:&quot;100&quot;,&quot;shutter_speed&quot;:&quot;0.01&quot;,&quot;title&quot;:&quot;&quot;,&quot;orientation&quot;:&quot;1&quot;}\" data-image-title=\"DSCN7984\" data-image-description=\"\" data-image-caption=\"\" data-medium-file=\"https:\/\/i0.wp.com\/genevieveetbernardauxameriques.fr\/wp-content\/uploads\/2017\/03\/DSCN7984.jpg?fit=300%2C225&amp;ssl=1\" data-large-file=\"https:\/\/i0.wp.com\/genevieveetbernardauxameriques.fr\/wp-content\/uploads\/2017\/03\/DSCN7984.jpg?fit=640%2C480&amp;ssl=1\" class=\"alignnone size-full wp-image-16481\" src=\"https:\/\/i0.wp.com\/genevieveetbernardauxameriques.fr\/wp-content\/uploads\/2017\/03\/DSCN7984.jpg?resize=640%2C480&#038;ssl=1\" alt=\"\" width=\"640\" height=\"480\" srcset=\"https:\/\/i0.wp.com\/genevieveetbernardauxameriques.fr\/wp-content\/uploads\/2017\/03\/DSCN7984.jpg?w=720&amp;ssl=1 720w, https:\/\/i0.wp.com\/genevieveetbernardauxameriques.fr\/wp-content\/uploads\/2017\/03\/DSCN7984.jpg?resize=300%2C225&amp;ssl=1 300w\" sizes=\"(max-width: 640px) 100vw, 640px\" data-recalc-dims=\"1\" \/><\/p>\n<p dir=\"ltr\">\u00a0Le matin je pars sur la route vers 7 h mais je ne verrais que ces 4 oiseaux.<\/p>\n<p dir=\"ltr\"><img loading=\"lazy\" decoding=\"async\" data-attachment-id=\"16482\" data-permalink=\"https:\/\/genevieveetbernardauxameriques.fr\/index.php\/2017\/03\/15\/la-cote-pacifique-de-puerto-lopez-a-la-frontiere-colombienne\/dscn7987\/\" data-orig-file=\"https:\/\/i0.wp.com\/genevieveetbernardauxameriques.fr\/wp-content\/uploads\/2017\/03\/DSCN7987.jpg?fit=720%2C540&amp;ssl=1\" data-orig-size=\"720,540\" data-comments-opened=\"1\" data-image-meta=\"{&quot;aperture&quot;:&quot;6.3&quot;,&quot;credit&quot;:&quot;&quot;,&quot;camera&quot;:&quot;COOLPIX P900&quot;,&quot;caption&quot;:&quot;&quot;,&quot;created_timestamp&quot;:&quot;1488897787&quot;,&quot;copyright&quot;:&quot;&quot;,&quot;focal_length&quot;:&quot;285&quot;,&quot;iso&quot;:&quot;560&quot;,&quot;shutter_speed&quot;:&quot;0.008&quot;,&quot;title&quot;:&quot;&quot;,&quot;orientation&quot;:&quot;1&quot;}\" data-image-title=\"DSCN7987\" data-image-description=\"\" data-image-caption=\"\" data-medium-file=\"https:\/\/i0.wp.com\/genevieveetbernardauxameriques.fr\/wp-content\/uploads\/2017\/03\/DSCN7987.jpg?fit=300%2C225&amp;ssl=1\" data-large-file=\"https:\/\/i0.wp.com\/genevieveetbernardauxameriques.fr\/wp-content\/uploads\/2017\/03\/DSCN7987.jpg?fit=640%2C480&amp;ssl=1\" class=\"alignnone size-full wp-image-16482\" src=\"https:\/\/i0.wp.com\/genevieveetbernardauxameriques.fr\/wp-content\/uploads\/2017\/03\/DSCN7987.jpg?resize=640%2C480&#038;ssl=1\" alt=\"\" width=\"640\" height=\"480\" srcset=\"https:\/\/i0.wp.com\/genevieveetbernardauxameriques.fr\/wp-content\/uploads\/2017\/03\/DSCN7987.jpg?w=720&amp;ssl=1 720w, https:\/\/i0.wp.com\/genevieveetbernardauxameriques.fr\/wp-content\/uploads\/2017\/03\/DSCN7987.jpg?resize=300%2C225&amp;ssl=1 300w\" sizes=\"(max-width: 640px) 100vw, 640px\" data-recalc-dims=\"1\" \/> <img loading=\"lazy\" decoding=\"async\" data-attachment-id=\"16483\" data-permalink=\"https:\/\/genevieveetbernardauxameriques.fr\/index.php\/2017\/03\/15\/la-cote-pacifique-de-puerto-lopez-a-la-frontiere-colombienne\/dscn7988\/\" data-orig-file=\"https:\/\/i0.wp.com\/genevieveetbernardauxameriques.fr\/wp-content\/uploads\/2017\/03\/DSCN7988.jpg?fit=720%2C540&amp;ssl=1\" data-orig-size=\"720,540\" data-comments-opened=\"1\" data-image-meta=\"{&quot;aperture&quot;:&quot;6.3&quot;,&quot;credit&quot;:&quot;&quot;,&quot;camera&quot;:&quot;COOLPIX P900&quot;,&quot;caption&quot;:&quot;&quot;,&quot;created_timestamp&quot;:&quot;1488897804&quot;,&quot;copyright&quot;:&quot;&quot;,&quot;focal_length&quot;:&quot;285&quot;,&quot;iso&quot;:&quot;500&quot;,&quot;shutter_speed&quot;:&quot;0.008&quot;,&quot;title&quot;:&quot;&quot;,&quot;orientation&quot;:&quot;1&quot;}\" data-image-title=\"DSCN7988\" data-image-description=\"\" data-image-caption=\"\" data-medium-file=\"https:\/\/i0.wp.com\/genevieveetbernardauxameriques.fr\/wp-content\/uploads\/2017\/03\/DSCN7988.jpg?fit=300%2C225&amp;ssl=1\" data-large-file=\"https:\/\/i0.wp.com\/genevieveetbernardauxameriques.fr\/wp-content\/uploads\/2017\/03\/DSCN7988.jpg?fit=640%2C480&amp;ssl=1\" class=\"alignnone size-full wp-image-16483\" src=\"https:\/\/i0.wp.com\/genevieveetbernardauxameriques.fr\/wp-content\/uploads\/2017\/03\/DSCN7988.jpg?resize=640%2C480&#038;ssl=1\" alt=\"\" width=\"640\" height=\"480\" srcset=\"https:\/\/i0.wp.com\/genevieveetbernardauxameriques.fr\/wp-content\/uploads\/2017\/03\/DSCN7988.jpg?w=720&amp;ssl=1 720w, https:\/\/i0.wp.com\/genevieveetbernardauxameriques.fr\/wp-content\/uploads\/2017\/03\/DSCN7988.jpg?resize=300%2C225&amp;ssl=1 300w\" sizes=\"(max-width: 640px) 100vw, 640px\" data-recalc-dims=\"1\" \/> <img loading=\"lazy\" decoding=\"async\" data-attachment-id=\"16493\" data-permalink=\"https:\/\/genevieveetbernardauxameriques.fr\/index.php\/2017\/03\/15\/la-cote-pacifique-de-puerto-lopez-a-la-frontiere-colombienne\/dscn8012\/\" data-orig-file=\"https:\/\/i0.wp.com\/genevieveetbernardauxameriques.fr\/wp-content\/uploads\/2017\/03\/DSCN8012.jpg?fit=720%2C540&amp;ssl=1\" data-orig-size=\"720,540\" data-comments-opened=\"1\" data-image-meta=\"{&quot;aperture&quot;:&quot;6.5&quot;,&quot;credit&quot;:&quot;&quot;,&quot;camera&quot;:&quot;COOLPIX P900&quot;,&quot;caption&quot;:&quot;&quot;,&quot;created_timestamp&quot;:&quot;1488898817&quot;,&quot;copyright&quot;:&quot;&quot;,&quot;focal_length&quot;:&quot;357&quot;,&quot;iso&quot;:&quot;400&quot;,&quot;shutter_speed&quot;:&quot;0.005&quot;,&quot;title&quot;:&quot;&quot;,&quot;orientation&quot;:&quot;1&quot;}\" data-image-title=\"DSCN8012\" data-image-description=\"\" data-image-caption=\"\" data-medium-file=\"https:\/\/i0.wp.com\/genevieveetbernardauxameriques.fr\/wp-content\/uploads\/2017\/03\/DSCN8012.jpg?fit=300%2C225&amp;ssl=1\" data-large-file=\"https:\/\/i0.wp.com\/genevieveetbernardauxameriques.fr\/wp-content\/uploads\/2017\/03\/DSCN8012.jpg?fit=640%2C480&amp;ssl=1\" class=\"alignnone size-full wp-image-16493\" src=\"https:\/\/i0.wp.com\/genevieveetbernardauxameriques.fr\/wp-content\/uploads\/2017\/03\/DSCN8012.jpg?resize=640%2C480&#038;ssl=1\" alt=\"\" width=\"640\" height=\"480\" srcset=\"https:\/\/i0.wp.com\/genevieveetbernardauxameriques.fr\/wp-content\/uploads\/2017\/03\/DSCN8012.jpg?w=720&amp;ssl=1 720w, https:\/\/i0.wp.com\/genevieveetbernardauxameriques.fr\/wp-content\/uploads\/2017\/03\/DSCN8012.jpg?resize=300%2C225&amp;ssl=1 300w\" sizes=\"(max-width: 640px) 100vw, 640px\" data-recalc-dims=\"1\" \/> <img loading=\"lazy\" decoding=\"async\" data-attachment-id=\"16491\" data-permalink=\"https:\/\/genevieveetbernardauxameriques.fr\/index.php\/2017\/03\/15\/la-cote-pacifique-de-puerto-lopez-a-la-frontiere-colombienne\/dscn8007\/\" data-orig-file=\"https:\/\/i0.wp.com\/genevieveetbernardauxameriques.fr\/wp-content\/uploads\/2017\/03\/DSCN8007.jpg?fit=720%2C540&amp;ssl=1\" data-orig-size=\"720,540\" data-comments-opened=\"1\" data-image-meta=\"{&quot;aperture&quot;:&quot;6.3&quot;,&quot;credit&quot;:&quot;&quot;,&quot;camera&quot;:&quot;COOLPIX P900&quot;,&quot;caption&quot;:&quot;&quot;,&quot;created_timestamp&quot;:&quot;1488898738&quot;,&quot;copyright&quot;:&quot;&quot;,&quot;focal_length&quot;:&quot;321&quot;,&quot;iso&quot;:&quot;400&quot;,&quot;shutter_speed&quot;:&quot;0.00625&quot;,&quot;title&quot;:&quot;&quot;,&quot;orientation&quot;:&quot;1&quot;}\" data-image-title=\"DSCN8007\" data-image-description=\"\" data-image-caption=\"\" data-medium-file=\"https:\/\/i0.wp.com\/genevieveetbernardauxameriques.fr\/wp-content\/uploads\/2017\/03\/DSCN8007.jpg?fit=300%2C225&amp;ssl=1\" data-large-file=\"https:\/\/i0.wp.com\/genevieveetbernardauxameriques.fr\/wp-content\/uploads\/2017\/03\/DSCN8007.jpg?fit=640%2C480&amp;ssl=1\" class=\"alignnone size-full wp-image-16491\" src=\"https:\/\/i0.wp.com\/genevieveetbernardauxameriques.fr\/wp-content\/uploads\/2017\/03\/DSCN8007.jpg?resize=640%2C480&#038;ssl=1\" alt=\"\" width=\"640\" height=\"480\" srcset=\"https:\/\/i0.wp.com\/genevieveetbernardauxameriques.fr\/wp-content\/uploads\/2017\/03\/DSCN8007.jpg?w=720&amp;ssl=1 720w, https:\/\/i0.wp.com\/genevieveetbernardauxameriques.fr\/wp-content\/uploads\/2017\/03\/DSCN8007.jpg?resize=300%2C225&amp;ssl=1 300w\" sizes=\"(max-width: 640px) 100vw, 640px\" data-recalc-dims=\"1\" \/> <img loading=\"lazy\" decoding=\"async\" data-attachment-id=\"16494\" data-permalink=\"https:\/\/genevieveetbernardauxameriques.fr\/index.php\/2017\/03\/15\/la-cote-pacifique-de-puerto-lopez-a-la-frontiere-colombienne\/dscn8013\/\" data-orig-file=\"https:\/\/i0.wp.com\/genevieveetbernardauxameriques.fr\/wp-content\/uploads\/2017\/03\/DSCN8013.jpg?fit=720%2C540&amp;ssl=1\" data-orig-size=\"720,540\" data-comments-opened=\"1\" data-image-meta=\"{&quot;aperture&quot;:&quot;5.6&quot;,&quot;credit&quot;:&quot;&quot;,&quot;camera&quot;:&quot;COOLPIX P900&quot;,&quot;caption&quot;:&quot;&quot;,&quot;created_timestamp&quot;:&quot;1488898840&quot;,&quot;copyright&quot;:&quot;&quot;,&quot;focal_length&quot;:&quot;116&quot;,&quot;iso&quot;:&quot;400&quot;,&quot;shutter_speed&quot;:&quot;0.00625&quot;,&quot;title&quot;:&quot;&quot;,&quot;orientation&quot;:&quot;1&quot;}\" data-image-title=\"DSCN8013\" data-image-description=\"\" data-image-caption=\"\" data-medium-file=\"https:\/\/i0.wp.com\/genevieveetbernardauxameriques.fr\/wp-content\/uploads\/2017\/03\/DSCN8013.jpg?fit=300%2C225&amp;ssl=1\" data-large-file=\"https:\/\/i0.wp.com\/genevieveetbernardauxameriques.fr\/wp-content\/uploads\/2017\/03\/DSCN8013.jpg?fit=640%2C480&amp;ssl=1\" class=\"alignnone size-full wp-image-16494\" src=\"https:\/\/i0.wp.com\/genevieveetbernardauxameriques.fr\/wp-content\/uploads\/2017\/03\/DSCN8013.jpg?resize=640%2C480&#038;ssl=1\" alt=\"\" width=\"640\" height=\"480\" srcset=\"https:\/\/i0.wp.com\/genevieveetbernardauxameriques.fr\/wp-content\/uploads\/2017\/03\/DSCN8013.jpg?w=720&amp;ssl=1 720w, https:\/\/i0.wp.com\/genevieveetbernardauxameriques.fr\/wp-content\/uploads\/2017\/03\/DSCN8013.jpg?resize=300%2C225&amp;ssl=1 300w\" sizes=\"(max-width: 640px) 100vw, 640px\" data-recalc-dims=\"1\" \/> \u00a0\u00a0 <img loading=\"lazy\" decoding=\"async\" data-attachment-id=\"16572\" data-permalink=\"https:\/\/genevieveetbernardauxameriques.fr\/index.php\/2017\/03\/15\/la-cote-pacifique-de-puerto-lopez-a-la-frontiere-colombienne\/dscn8183\/\" data-orig-file=\"https:\/\/i0.wp.com\/genevieveetbernardauxameriques.fr\/wp-content\/uploads\/2017\/03\/DSCN8183.jpg?fit=720%2C540&amp;ssl=1\" data-orig-size=\"720,540\" data-comments-opened=\"1\" data-image-meta=\"{&quot;aperture&quot;:&quot;5.6&quot;,&quot;credit&quot;:&quot;&quot;,&quot;camera&quot;:&quot;COOLPIX P900&quot;,&quot;caption&quot;:&quot;&quot;,&quot;created_timestamp&quot;:&quot;1488922022&quot;,&quot;copyright&quot;:&quot;&quot;,&quot;focal_length&quot;:&quot;125&quot;,&quot;iso&quot;:&quot;560&quot;,&quot;shutter_speed&quot;:&quot;0.008&quot;,&quot;title&quot;:&quot;&quot;,&quot;orientation&quot;:&quot;1&quot;}\" data-image-title=\"DSCN8183\" data-image-description=\"\" data-image-caption=\"\" data-medium-file=\"https:\/\/i0.wp.com\/genevieveetbernardauxameriques.fr\/wp-content\/uploads\/2017\/03\/DSCN8183.jpg?fit=300%2C225&amp;ssl=1\" data-large-file=\"https:\/\/i0.wp.com\/genevieveetbernardauxameriques.fr\/wp-content\/uploads\/2017\/03\/DSCN8183.jpg?fit=640%2C480&amp;ssl=1\" class=\"alignnone size-full wp-image-16572\" src=\"https:\/\/i0.wp.com\/genevieveetbernardauxameriques.fr\/wp-content\/uploads\/2017\/03\/DSCN8183.jpg?resize=640%2C480&#038;ssl=1\" alt=\"\" width=\"640\" height=\"480\" srcset=\"https:\/\/i0.wp.com\/genevieveetbernardauxameriques.fr\/wp-content\/uploads\/2017\/03\/DSCN8183.jpg?w=720&amp;ssl=1 720w, https:\/\/i0.wp.com\/genevieveetbernardauxameriques.fr\/wp-content\/uploads\/2017\/03\/DSCN8183.jpg?resize=300%2C225&amp;ssl=1 300w\" sizes=\"(max-width: 640px) 100vw, 640px\" data-recalc-dims=\"1\" \/><\/p>\n<div>\n<p dir=\"ltr\">Et des chevaux.<\/p>\n<\/div>\n<p dir=\"ltr\"><a href=\"https:\/\/i0.wp.com\/genevieveetbernardauxameriques.fr\/wp-content\/uploads\/2017\/03\/DSCN7998.jpg?ssl=1\"><img loading=\"lazy\" decoding=\"async\" data-attachment-id=\"16490\" data-permalink=\"https:\/\/genevieveetbernardauxameriques.fr\/index.php\/2017\/03\/15\/la-cote-pacifique-de-puerto-lopez-a-la-frontiere-colombienne\/dscn7998\/\" data-orig-file=\"https:\/\/i0.wp.com\/genevieveetbernardauxameriques.fr\/wp-content\/uploads\/2017\/03\/DSCN7998.jpg?fit=720%2C540&amp;ssl=1\" data-orig-size=\"720,540\" data-comments-opened=\"1\" data-image-meta=\"{&quot;aperture&quot;:&quot;3.2&quot;,&quot;credit&quot;:&quot;&quot;,&quot;camera&quot;:&quot;COOLPIX P900&quot;,&quot;caption&quot;:&quot;&quot;,&quot;created_timestamp&quot;:&quot;1488898430&quot;,&quot;copyright&quot;:&quot;&quot;,&quot;focal_length&quot;:&quot;5.4&quot;,&quot;iso&quot;:&quot;100&quot;,&quot;shutter_speed&quot;:&quot;0.008&quot;,&quot;title&quot;:&quot;&quot;,&quot;orientation&quot;:&quot;1&quot;}\" data-image-title=\"DSCN7998\" data-image-description=\"\" data-image-caption=\"\" data-medium-file=\"https:\/\/i0.wp.com\/genevieveetbernardauxameriques.fr\/wp-content\/uploads\/2017\/03\/DSCN7998.jpg?fit=300%2C225&amp;ssl=1\" data-large-file=\"https:\/\/i0.wp.com\/genevieveetbernardauxameriques.fr\/wp-content\/uploads\/2017\/03\/DSCN7998.jpg?fit=640%2C480&amp;ssl=1\" class=\"alignnone size-full wp-image-16490\" src=\"https:\/\/i0.wp.com\/genevieveetbernardauxameriques.fr\/wp-content\/uploads\/2017\/03\/DSCN7998.jpg?resize=640%2C480&#038;ssl=1\" alt=\"\" width=\"640\" height=\"480\" srcset=\"https:\/\/i0.wp.com\/genevieveetbernardauxameriques.fr\/wp-content\/uploads\/2017\/03\/DSCN7998.jpg?w=720&amp;ssl=1 720w, https:\/\/i0.wp.com\/genevieveetbernardauxameriques.fr\/wp-content\/uploads\/2017\/03\/DSCN7998.jpg?resize=300%2C225&amp;ssl=1 300w\" sizes=\"(max-width: 640px) 100vw, 640px\" data-recalc-dims=\"1\" \/><\/a><\/p>\n<p dir=\"ltr\"><img loading=\"lazy\" decoding=\"async\" data-attachment-id=\"16499\" data-permalink=\"https:\/\/genevieveetbernardauxameriques.fr\/index.php\/2017\/03\/15\/la-cote-pacifique-de-puerto-lopez-a-la-frontiere-colombienne\/dscn8023\/\" data-orig-file=\"https:\/\/i0.wp.com\/genevieveetbernardauxameriques.fr\/wp-content\/uploads\/2017\/03\/DSCN8023.jpg?fit=720%2C540&amp;ssl=1\" data-orig-size=\"720,540\" data-comments-opened=\"1\" data-image-meta=\"{&quot;aperture&quot;:&quot;2.8&quot;,&quot;credit&quot;:&quot;&quot;,&quot;camera&quot;:&quot;COOLPIX P900&quot;,&quot;caption&quot;:&quot;&quot;,&quot;created_timestamp&quot;:&quot;1488899487&quot;,&quot;copyright&quot;:&quot;&quot;,&quot;focal_length&quot;:&quot;5&quot;,&quot;iso&quot;:&quot;100&quot;,&quot;shutter_speed&quot;:&quot;0.016666666666667&quot;,&quot;title&quot;:&quot;&quot;,&quot;orientation&quot;:&quot;1&quot;}\" data-image-title=\"DSCN8023\" data-image-description=\"\" data-image-caption=\"\" data-medium-file=\"https:\/\/i0.wp.com\/genevieveetbernardauxameriques.fr\/wp-content\/uploads\/2017\/03\/DSCN8023.jpg?fit=300%2C225&amp;ssl=1\" data-large-file=\"https:\/\/i0.wp.com\/genevieveetbernardauxameriques.fr\/wp-content\/uploads\/2017\/03\/DSCN8023.jpg?fit=640%2C480&amp;ssl=1\" class=\"alignnone size-full wp-image-16499\" src=\"https:\/\/i0.wp.com\/genevieveetbernardauxameriques.fr\/wp-content\/uploads\/2017\/03\/DSCN8023.jpg?resize=640%2C480&#038;ssl=1\" alt=\"\" width=\"640\" height=\"480\" srcset=\"https:\/\/i0.wp.com\/genevieveetbernardauxameriques.fr\/wp-content\/uploads\/2017\/03\/DSCN8023.jpg?w=720&amp;ssl=1 720w, https:\/\/i0.wp.com\/genevieveetbernardauxameriques.fr\/wp-content\/uploads\/2017\/03\/DSCN8023.jpg?resize=300%2C225&amp;ssl=1 300w\" sizes=\"(max-width: 640px) 100vw, 640px\" data-recalc-dims=\"1\" \/><\/p>\n<p dir=\"ltr\">(diaporama)<\/p>\n<div data-carousel-extra='{\"blog_id\":1,\"permalink\":\"https:\\\/\\\/genevieveetbernardauxameriques.fr\\\/index.php\\\/2017\\\/03\\\/15\\\/la-cote-pacifique-de-puerto-lopez-a-la-frontiere-colombienne\\\/\"}' id='gallery-4' class='gallery galleryid-16319 gallery-columns-2 gallery-size-full'><dl class='gallery-item'>\n\t\t\t<dt class='gallery-icon landscape'>\n\t\t\t\t<a href='https:\/\/genevieveetbernardauxameriques.fr\/index.php\/2017\/03\/15\/la-cote-pacifique-de-puerto-lopez-a-la-frontiere-colombienne\/dscn7994\/'><img loading=\"lazy\" decoding=\"async\" width=\"720\" height=\"540\" src=\"https:\/\/i0.wp.com\/genevieveetbernardauxameriques.fr\/wp-content\/uploads\/2017\/03\/DSCN7994.jpg?fit=720%2C540&amp;ssl=1\" class=\"attachment-full size-full\" alt=\"\" srcset=\"https:\/\/i0.wp.com\/genevieveetbernardauxameriques.fr\/wp-content\/uploads\/2017\/03\/DSCN7994.jpg?w=720&amp;ssl=1 720w, https:\/\/i0.wp.com\/genevieveetbernardauxameriques.fr\/wp-content\/uploads\/2017\/03\/DSCN7994.jpg?resize=300%2C225&amp;ssl=1 300w\" sizes=\"(max-width: 640px) 100vw, 640px\" data-attachment-id=\"16488\" data-permalink=\"https:\/\/genevieveetbernardauxameriques.fr\/index.php\/2017\/03\/15\/la-cote-pacifique-de-puerto-lopez-a-la-frontiere-colombienne\/dscn7994\/\" data-orig-file=\"https:\/\/i0.wp.com\/genevieveetbernardauxameriques.fr\/wp-content\/uploads\/2017\/03\/DSCN7994.jpg?fit=720%2C540&amp;ssl=1\" data-orig-size=\"720,540\" data-comments-opened=\"1\" data-image-meta=\"{&quot;aperture&quot;:&quot;3.2&quot;,&quot;credit&quot;:&quot;&quot;,&quot;camera&quot;:&quot;COOLPIX P900&quot;,&quot;caption&quot;:&quot;&quot;,&quot;created_timestamp&quot;:&quot;1488898221&quot;,&quot;copyright&quot;:&quot;&quot;,&quot;focal_length&quot;:&quot;5.4&quot;,&quot;iso&quot;:&quot;100&quot;,&quot;shutter_speed&quot;:&quot;0.004&quot;,&quot;title&quot;:&quot;&quot;,&quot;orientation&quot;:&quot;1&quot;}\" data-image-title=\"DSCN7994\" data-image-description=\"\" data-image-caption=\"\" data-medium-file=\"https:\/\/i0.wp.com\/genevieveetbernardauxameriques.fr\/wp-content\/uploads\/2017\/03\/DSCN7994.jpg?fit=300%2C225&amp;ssl=1\" data-large-file=\"https:\/\/i0.wp.com\/genevieveetbernardauxameriques.fr\/wp-content\/uploads\/2017\/03\/DSCN7994.jpg?fit=640%2C480&amp;ssl=1\" \/><\/a>\n\t\t\t<\/dt><\/dl><dl class='gallery-item'>\n\t\t\t<dt class='gallery-icon landscape'>\n\t\t\t\t<a href='https:\/\/genevieveetbernardauxameriques.fr\/index.php\/2017\/03\/15\/la-cote-pacifique-de-puerto-lopez-a-la-frontiere-colombienne\/dscn7993\/'><img loading=\"lazy\" decoding=\"async\" width=\"720\" height=\"540\" src=\"https:\/\/i0.wp.com\/genevieveetbernardauxameriques.fr\/wp-content\/uploads\/2017\/03\/DSCN7993.jpg?fit=720%2C540&amp;ssl=1\" class=\"attachment-full size-full\" alt=\"\" srcset=\"https:\/\/i0.wp.com\/genevieveetbernardauxameriques.fr\/wp-content\/uploads\/2017\/03\/DSCN7993.jpg?w=720&amp;ssl=1 720w, https:\/\/i0.wp.com\/genevieveetbernardauxameriques.fr\/wp-content\/uploads\/2017\/03\/DSCN7993.jpg?resize=300%2C225&amp;ssl=1 300w\" sizes=\"(max-width: 640px) 100vw, 640px\" data-attachment-id=\"16487\" data-permalink=\"https:\/\/genevieveetbernardauxameriques.fr\/index.php\/2017\/03\/15\/la-cote-pacifique-de-puerto-lopez-a-la-frontiere-colombienne\/dscn7993\/\" data-orig-file=\"https:\/\/i0.wp.com\/genevieveetbernardauxameriques.fr\/wp-content\/uploads\/2017\/03\/DSCN7993.jpg?fit=720%2C540&amp;ssl=1\" data-orig-size=\"720,540\" data-comments-opened=\"1\" data-image-meta=\"{&quot;aperture&quot;:&quot;2.8&quot;,&quot;credit&quot;:&quot;&quot;,&quot;camera&quot;:&quot;COOLPIX P900&quot;,&quot;caption&quot;:&quot;&quot;,&quot;created_timestamp&quot;:&quot;1488898179&quot;,&quot;copyright&quot;:&quot;&quot;,&quot;focal_length&quot;:&quot;4.3&quot;,&quot;iso&quot;:&quot;100&quot;,&quot;shutter_speed&quot;:&quot;0.00125&quot;,&quot;title&quot;:&quot;&quot;,&quot;orientation&quot;:&quot;1&quot;}\" data-image-title=\"DSCN7993\" data-image-description=\"\" data-image-caption=\"\" data-medium-file=\"https:\/\/i0.wp.com\/genevieveetbernardauxameriques.fr\/wp-content\/uploads\/2017\/03\/DSCN7993.jpg?fit=300%2C225&amp;ssl=1\" data-large-file=\"https:\/\/i0.wp.com\/genevieveetbernardauxameriques.fr\/wp-content\/uploads\/2017\/03\/DSCN7993.jpg?fit=640%2C480&amp;ssl=1\" \/><\/a>\n\t\t\t<\/dt><\/dl><br style=\"clear: both\" \/><dl class='gallery-item'>\n\t\t\t<dt class='gallery-icon landscape'>\n\t\t\t\t<a href='https:\/\/genevieveetbernardauxameriques.fr\/index.php\/2017\/03\/15\/la-cote-pacifique-de-puerto-lopez-a-la-frontiere-colombienne\/dscn7991\/'><img loading=\"lazy\" decoding=\"async\" width=\"720\" height=\"540\" src=\"https:\/\/i0.wp.com\/genevieveetbernardauxameriques.fr\/wp-content\/uploads\/2017\/03\/DSCN7991.jpg?fit=720%2C540&amp;ssl=1\" class=\"attachment-full size-full\" alt=\"\" srcset=\"https:\/\/i0.wp.com\/genevieveetbernardauxameriques.fr\/wp-content\/uploads\/2017\/03\/DSCN7991.jpg?w=720&amp;ssl=1 720w, https:\/\/i0.wp.com\/genevieveetbernardauxameriques.fr\/wp-content\/uploads\/2017\/03\/DSCN7991.jpg?resize=300%2C225&amp;ssl=1 300w\" sizes=\"(max-width: 640px) 100vw, 640px\" data-attachment-id=\"16486\" data-permalink=\"https:\/\/genevieveetbernardauxameriques.fr\/index.php\/2017\/03\/15\/la-cote-pacifique-de-puerto-lopez-a-la-frontiere-colombienne\/dscn7991\/\" data-orig-file=\"https:\/\/i0.wp.com\/genevieveetbernardauxameriques.fr\/wp-content\/uploads\/2017\/03\/DSCN7991.jpg?fit=720%2C540&amp;ssl=1\" data-orig-size=\"720,540\" data-comments-opened=\"1\" data-image-meta=\"{&quot;aperture&quot;:&quot;2.8&quot;,&quot;credit&quot;:&quot;&quot;,&quot;camera&quot;:&quot;COOLPIX P900&quot;,&quot;caption&quot;:&quot;&quot;,&quot;created_timestamp&quot;:&quot;1488898104&quot;,&quot;copyright&quot;:&quot;&quot;,&quot;focal_length&quot;:&quot;4.3&quot;,&quot;iso&quot;:&quot;100&quot;,&quot;shutter_speed&quot;:&quot;0.00625&quot;,&quot;title&quot;:&quot;&quot;,&quot;orientation&quot;:&quot;1&quot;}\" data-image-title=\"DSCN7991\" data-image-description=\"\" data-image-caption=\"\" data-medium-file=\"https:\/\/i0.wp.com\/genevieveetbernardauxameriques.fr\/wp-content\/uploads\/2017\/03\/DSCN7991.jpg?fit=300%2C225&amp;ssl=1\" data-large-file=\"https:\/\/i0.wp.com\/genevieveetbernardauxameriques.fr\/wp-content\/uploads\/2017\/03\/DSCN7991.jpg?fit=640%2C480&amp;ssl=1\" \/><\/a>\n\t\t\t<\/dt><\/dl><dl class='gallery-item'>\n\t\t\t<dt class='gallery-icon landscape'>\n\t\t\t\t<a href='https:\/\/genevieveetbernardauxameriques.fr\/index.php\/2017\/03\/15\/la-cote-pacifique-de-puerto-lopez-a-la-frontiere-colombienne\/dscn8016\/'><img loading=\"lazy\" decoding=\"async\" width=\"720\" height=\"540\" src=\"https:\/\/i0.wp.com\/genevieveetbernardauxameriques.fr\/wp-content\/uploads\/2017\/03\/DSCN8016.jpg?fit=720%2C540&amp;ssl=1\" class=\"attachment-full size-full\" alt=\"\" srcset=\"https:\/\/i0.wp.com\/genevieveetbernardauxameriques.fr\/wp-content\/uploads\/2017\/03\/DSCN8016.jpg?w=720&amp;ssl=1 720w, https:\/\/i0.wp.com\/genevieveetbernardauxameriques.fr\/wp-content\/uploads\/2017\/03\/DSCN8016.jpg?resize=300%2C225&amp;ssl=1 300w\" sizes=\"(max-width: 640px) 100vw, 640px\" data-attachment-id=\"16496\" data-permalink=\"https:\/\/genevieveetbernardauxameriques.fr\/index.php\/2017\/03\/15\/la-cote-pacifique-de-puerto-lopez-a-la-frontiere-colombienne\/dscn8016\/\" data-orig-file=\"https:\/\/i0.wp.com\/genevieveetbernardauxameriques.fr\/wp-content\/uploads\/2017\/03\/DSCN8016.jpg?fit=720%2C540&amp;ssl=1\" data-orig-size=\"720,540\" data-comments-opened=\"1\" data-image-meta=\"{&quot;aperture&quot;:&quot;3.2&quot;,&quot;credit&quot;:&quot;&quot;,&quot;camera&quot;:&quot;COOLPIX P900&quot;,&quot;caption&quot;:&quot;&quot;,&quot;created_timestamp&quot;:&quot;1488899091&quot;,&quot;copyright&quot;:&quot;&quot;,&quot;focal_length&quot;:&quot;6.2&quot;,&quot;iso&quot;:&quot;100&quot;,&quot;shutter_speed&quot;:&quot;0.00625&quot;,&quot;title&quot;:&quot;&quot;,&quot;orientation&quot;:&quot;1&quot;}\" data-image-title=\"DSCN8016\" data-image-description=\"\" data-image-caption=\"\" data-medium-file=\"https:\/\/i0.wp.com\/genevieveetbernardauxameriques.fr\/wp-content\/uploads\/2017\/03\/DSCN8016.jpg?fit=300%2C225&amp;ssl=1\" data-large-file=\"https:\/\/i0.wp.com\/genevieveetbernardauxameriques.fr\/wp-content\/uploads\/2017\/03\/DSCN8016.jpg?fit=640%2C480&amp;ssl=1\" \/><\/a>\n\t\t\t<\/dt><\/dl><br style=\"clear: both\" \/><dl class='gallery-item'>\n\t\t\t<dt class='gallery-icon landscape'>\n\t\t\t\t<a href='https:\/\/genevieveetbernardauxameriques.fr\/index.php\/2017\/03\/15\/la-cote-pacifique-de-puerto-lopez-a-la-frontiere-colombienne\/dscn8019\/'><img loading=\"lazy\" decoding=\"async\" width=\"720\" height=\"540\" src=\"https:\/\/i0.wp.com\/genevieveetbernardauxameriques.fr\/wp-content\/uploads\/2017\/03\/DSCN8019.jpg?fit=720%2C540&amp;ssl=1\" class=\"attachment-full size-full\" alt=\"\" aria-describedby=\"gallery-4-16498\" srcset=\"https:\/\/i0.wp.com\/genevieveetbernardauxameriques.fr\/wp-content\/uploads\/2017\/03\/DSCN8019.jpg?w=720&amp;ssl=1 720w, https:\/\/i0.wp.com\/genevieveetbernardauxameriques.fr\/wp-content\/uploads\/2017\/03\/DSCN8019.jpg?resize=300%2C225&amp;ssl=1 300w\" sizes=\"(max-width: 640px) 100vw, 640px\" data-attachment-id=\"16498\" data-permalink=\"https:\/\/genevieveetbernardauxameriques.fr\/index.php\/2017\/03\/15\/la-cote-pacifique-de-puerto-lopez-a-la-frontiere-colombienne\/dscn8019\/\" data-orig-file=\"https:\/\/i0.wp.com\/genevieveetbernardauxameriques.fr\/wp-content\/uploads\/2017\/03\/DSCN8019.jpg?fit=720%2C540&amp;ssl=1\" data-orig-size=\"720,540\" data-comments-opened=\"1\" data-image-meta=\"{&quot;aperture&quot;:&quot;3.5&quot;,&quot;credit&quot;:&quot;&quot;,&quot;camera&quot;:&quot;COOLPIX P900&quot;,&quot;caption&quot;:&quot;&quot;,&quot;created_timestamp&quot;:&quot;1488899302&quot;,&quot;copyright&quot;:&quot;&quot;,&quot;focal_length&quot;:&quot;13.4&quot;,&quot;iso&quot;:&quot;100&quot;,&quot;shutter_speed&quot;:&quot;0.016666666666667&quot;,&quot;title&quot;:&quot;&quot;,&quot;orientation&quot;:&quot;1&quot;}\" data-image-title=\"DSCN8019\" data-image-description=\"\" data-image-caption=\"&lt;p&gt;Ces marguerites sont des arbustes assez hauts&lt;\/p&gt;\n\" data-medium-file=\"https:\/\/i0.wp.com\/genevieveetbernardauxameriques.fr\/wp-content\/uploads\/2017\/03\/DSCN8019.jpg?fit=300%2C225&amp;ssl=1\" data-large-file=\"https:\/\/i0.wp.com\/genevieveetbernardauxameriques.fr\/wp-content\/uploads\/2017\/03\/DSCN8019.jpg?fit=640%2C480&amp;ssl=1\" \/><\/a>\n\t\t\t<\/dt>\n\t\t\t\t<dd class='wp-caption-text gallery-caption' id='gallery-4-16498'>\n\t\t\t\tCes marguerites sont des arbustes assez hauts\n\t\t\t\t<\/dd><\/dl><dl class='gallery-item'>\n\t\t\t<dt class='gallery-icon landscape'>\n\t\t\t\t<a href='https:\/\/genevieveetbernardauxameriques.fr\/index.php\/2017\/03\/15\/la-cote-pacifique-de-puerto-lopez-a-la-frontiere-colombienne\/dscn7989\/'><img loading=\"lazy\" decoding=\"async\" width=\"720\" height=\"540\" src=\"https:\/\/i0.wp.com\/genevieveetbernardauxameriques.fr\/wp-content\/uploads\/2017\/03\/DSCN7989.jpg?fit=720%2C540&amp;ssl=1\" class=\"attachment-full size-full\" alt=\"\" srcset=\"https:\/\/i0.wp.com\/genevieveetbernardauxameriques.fr\/wp-content\/uploads\/2017\/03\/DSCN7989.jpg?w=720&amp;ssl=1 720w, https:\/\/i0.wp.com\/genevieveetbernardauxameriques.fr\/wp-content\/uploads\/2017\/03\/DSCN7989.jpg?resize=300%2C225&amp;ssl=1 300w\" sizes=\"(max-width: 640px) 100vw, 640px\" data-attachment-id=\"16484\" data-permalink=\"https:\/\/genevieveetbernardauxameriques.fr\/index.php\/2017\/03\/15\/la-cote-pacifique-de-puerto-lopez-a-la-frontiere-colombienne\/dscn7989\/\" data-orig-file=\"https:\/\/i0.wp.com\/genevieveetbernardauxameriques.fr\/wp-content\/uploads\/2017\/03\/DSCN7989.jpg?fit=720%2C540&amp;ssl=1\" data-orig-size=\"720,540\" data-comments-opened=\"1\" data-image-meta=\"{&quot;aperture&quot;:&quot;5&quot;,&quot;credit&quot;:&quot;&quot;,&quot;camera&quot;:&quot;COOLPIX P900&quot;,&quot;caption&quot;:&quot;&quot;,&quot;created_timestamp&quot;:&quot;1488897965&quot;,&quot;copyright&quot;:&quot;&quot;,&quot;focal_length&quot;:&quot;57.1&quot;,&quot;iso&quot;:&quot;110&quot;,&quot;shutter_speed&quot;:&quot;0.008&quot;,&quot;title&quot;:&quot;&quot;,&quot;orientation&quot;:&quot;1&quot;}\" data-image-title=\"DSCN7989\" data-image-description=\"\" data-image-caption=\"\" data-medium-file=\"https:\/\/i0.wp.com\/genevieveetbernardauxameriques.fr\/wp-content\/uploads\/2017\/03\/DSCN7989.jpg?fit=300%2C225&amp;ssl=1\" data-large-file=\"https:\/\/i0.wp.com\/genevieveetbernardauxameriques.fr\/wp-content\/uploads\/2017\/03\/DSCN7989.jpg?fit=640%2C480&amp;ssl=1\" \/><\/a>\n\t\t\t<\/dt><\/dl><br style=\"clear: both\" \/><dl class='gallery-item'>\n\t\t\t<dt class='gallery-icon landscape'>\n\t\t\t\t<a href='https:\/\/genevieveetbernardauxameriques.fr\/index.php\/2017\/03\/15\/la-cote-pacifique-de-puerto-lopez-a-la-frontiere-colombienne\/dscn8017\/'><img loading=\"lazy\" decoding=\"async\" width=\"720\" height=\"540\" src=\"https:\/\/i0.wp.com\/genevieveetbernardauxameriques.fr\/wp-content\/uploads\/2017\/03\/DSCN8017.jpg?fit=720%2C540&amp;ssl=1\" class=\"attachment-full size-full\" alt=\"\" srcset=\"https:\/\/i0.wp.com\/genevieveetbernardauxameriques.fr\/wp-content\/uploads\/2017\/03\/DSCN8017.jpg?w=720&amp;ssl=1 720w, https:\/\/i0.wp.com\/genevieveetbernardauxameriques.fr\/wp-content\/uploads\/2017\/03\/DSCN8017.jpg?resize=300%2C225&amp;ssl=1 300w\" sizes=\"(max-width: 640px) 100vw, 640px\" data-attachment-id=\"16497\" data-permalink=\"https:\/\/genevieveetbernardauxameriques.fr\/index.php\/2017\/03\/15\/la-cote-pacifique-de-puerto-lopez-a-la-frontiere-colombienne\/dscn8017\/\" data-orig-file=\"https:\/\/i0.wp.com\/genevieveetbernardauxameriques.fr\/wp-content\/uploads\/2017\/03\/DSCN8017.jpg?fit=720%2C540&amp;ssl=1\" data-orig-size=\"720,540\" data-comments-opened=\"1\" data-image-meta=\"{&quot;aperture&quot;:&quot;3.5&quot;,&quot;credit&quot;:&quot;&quot;,&quot;camera&quot;:&quot;COOLPIX P900&quot;,&quot;caption&quot;:&quot;&quot;,&quot;created_timestamp&quot;:&quot;1488899176&quot;,&quot;copyright&quot;:&quot;&quot;,&quot;focal_length&quot;:&quot;13.4&quot;,&quot;iso&quot;:&quot;110&quot;,&quot;shutter_speed&quot;:&quot;0.016666666666667&quot;,&quot;title&quot;:&quot;&quot;,&quot;orientation&quot;:&quot;1&quot;}\" data-image-title=\"DSCN8017\" data-image-description=\"\" data-image-caption=\"\" data-medium-file=\"https:\/\/i0.wp.com\/genevieveetbernardauxameriques.fr\/wp-content\/uploads\/2017\/03\/DSCN8017.jpg?fit=300%2C225&amp;ssl=1\" data-large-file=\"https:\/\/i0.wp.com\/genevieveetbernardauxameriques.fr\/wp-content\/uploads\/2017\/03\/DSCN8017.jpg?fit=640%2C480&amp;ssl=1\" \/><\/a>\n\t\t\t<\/dt><\/dl><dl class='gallery-item'>\n\t\t\t<dt class='gallery-icon landscape'>\n\t\t\t\t<a href='https:\/\/genevieveetbernardauxameriques.fr\/index.php\/2017\/03\/15\/la-cote-pacifique-de-puerto-lopez-a-la-frontiere-colombienne\/dscn8015\/'><img loading=\"lazy\" decoding=\"async\" width=\"720\" height=\"540\" src=\"https:\/\/i0.wp.com\/genevieveetbernardauxameriques.fr\/wp-content\/uploads\/2017\/03\/DSCN8015.jpg?fit=720%2C540&amp;ssl=1\" class=\"attachment-full size-full\" alt=\"\" aria-describedby=\"gallery-4-16495\" srcset=\"https:\/\/i0.wp.com\/genevieveetbernardauxameriques.fr\/wp-content\/uploads\/2017\/03\/DSCN8015.jpg?w=720&amp;ssl=1 720w, https:\/\/i0.wp.com\/genevieveetbernardauxameriques.fr\/wp-content\/uploads\/2017\/03\/DSCN8015.jpg?resize=300%2C225&amp;ssl=1 300w\" sizes=\"(max-width: 640px) 100vw, 640px\" data-attachment-id=\"16495\" data-permalink=\"https:\/\/genevieveetbernardauxameriques.fr\/index.php\/2017\/03\/15\/la-cote-pacifique-de-puerto-lopez-a-la-frontiere-colombienne\/dscn8015\/\" data-orig-file=\"https:\/\/i0.wp.com\/genevieveetbernardauxameriques.fr\/wp-content\/uploads\/2017\/03\/DSCN8015.jpg?fit=720%2C540&amp;ssl=1\" data-orig-size=\"720,540\" data-comments-opened=\"1\" data-image-meta=\"{&quot;aperture&quot;:&quot;3.2&quot;,&quot;credit&quot;:&quot;&quot;,&quot;camera&quot;:&quot;COOLPIX P900&quot;,&quot;caption&quot;:&quot;&quot;,&quot;created_timestamp&quot;:&quot;1488899055&quot;,&quot;copyright&quot;:&quot;&quot;,&quot;focal_length&quot;:&quot;6.2&quot;,&quot;iso&quot;:&quot;110&quot;,&quot;shutter_speed&quot;:&quot;0.033333333333333&quot;,&quot;title&quot;:&quot;&quot;,&quot;orientation&quot;:&quot;1&quot;}\" data-image-title=\"DSCN8015\" data-image-description=\"\" data-image-caption=\"&lt;p&gt;Une plante dans un arbre&lt;\/p&gt;\n\" data-medium-file=\"https:\/\/i0.wp.com\/genevieveetbernardauxameriques.fr\/wp-content\/uploads\/2017\/03\/DSCN8015.jpg?fit=300%2C225&amp;ssl=1\" data-large-file=\"https:\/\/i0.wp.com\/genevieveetbernardauxameriques.fr\/wp-content\/uploads\/2017\/03\/DSCN8015.jpg?fit=640%2C480&amp;ssl=1\" \/><\/a>\n\t\t\t<\/dt>\n\t\t\t\t<dd class='wp-caption-text gallery-caption' id='gallery-4-16495'>\n\t\t\t\tUne plante dans un arbre\n\t\t\t\t<\/dd><\/dl><br style=\"clear: both\" \/>\n\t\t<\/div>\n\n<div>\n<p dir=\"ltr\">Lorsque Bernard est r\u00e9veill\u00e9 et comme il fait beau, nous allons monter \u00e0 5 kms \u00e0 la taribata, c&rsquo;est une vieille nacelle qui nous emm\u00e8ne de l&rsquo;autre c\u00f4t\u00e9 de la vall\u00e9e, \u00a0ce qui nous permet d&rsquo;aller \u00e0 5 cascades. Il est 8 h 1\/2 et ils vont mettre en marche leur engin, pour moi et 3 autres jeunes qui viennent d&rsquo;arriver en taxi.<\/p>\n<p dir=\"ltr\"><a href=\"https:\/\/i0.wp.com\/genevieveetbernardauxameriques.fr\/wp-content\/uploads\/2017\/03\/DSCN8075.jpg?ssl=1\"><img loading=\"lazy\" decoding=\"async\" data-attachment-id=\"16530\" data-permalink=\"https:\/\/genevieveetbernardauxameriques.fr\/index.php\/2017\/03\/15\/la-cote-pacifique-de-puerto-lopez-a-la-frontiere-colombienne\/dscn8075\/\" data-orig-file=\"https:\/\/i0.wp.com\/genevieveetbernardauxameriques.fr\/wp-content\/uploads\/2017\/03\/DSCN8075.jpg?fit=720%2C540&amp;ssl=1\" data-orig-size=\"720,540\" data-comments-opened=\"1\" data-image-meta=\"{&quot;aperture&quot;:&quot;2.8&quot;,&quot;credit&quot;:&quot;&quot;,&quot;camera&quot;:&quot;COOLPIX P900&quot;,&quot;caption&quot;:&quot;&quot;,&quot;created_timestamp&quot;:&quot;1488911271&quot;,&quot;copyright&quot;:&quot;&quot;,&quot;focal_length&quot;:&quot;4.3&quot;,&quot;iso&quot;:&quot;100&quot;,&quot;shutter_speed&quot;:&quot;0.003125&quot;,&quot;title&quot;:&quot;&quot;,&quot;orientation&quot;:&quot;1&quot;}\" data-image-title=\"DSCN8075\" data-image-description=\"\" data-image-caption=\"\" data-medium-file=\"https:\/\/i0.wp.com\/genevieveetbernardauxameriques.fr\/wp-content\/uploads\/2017\/03\/DSCN8075.jpg?fit=300%2C225&amp;ssl=1\" data-large-file=\"https:\/\/i0.wp.com\/genevieveetbernardauxameriques.fr\/wp-content\/uploads\/2017\/03\/DSCN8075.jpg?fit=640%2C480&amp;ssl=1\" class=\"alignnone size-full wp-image-16530\" src=\"https:\/\/i0.wp.com\/genevieveetbernardauxameriques.fr\/wp-content\/uploads\/2017\/03\/DSCN8075.jpg?resize=640%2C480&#038;ssl=1\" alt=\"\" width=\"640\" height=\"480\" srcset=\"https:\/\/i0.wp.com\/genevieveetbernardauxameriques.fr\/wp-content\/uploads\/2017\/03\/DSCN8075.jpg?w=720&amp;ssl=1 720w, https:\/\/i0.wp.com\/genevieveetbernardauxameriques.fr\/wp-content\/uploads\/2017\/03\/DSCN8075.jpg?resize=300%2C225&amp;ssl=1 300w\" sizes=\"(max-width: 640px) 100vw, 640px\" data-recalc-dims=\"1\" \/><\/a><\/p>\n<p dir=\"ltr\">Nous sommes sur la canop\u00e9e, un employ\u00e9 nous accompagne<\/p>\n<p dir=\"ltr\"><a href=\"https:\/\/i0.wp.com\/genevieveetbernardauxameriques.fr\/wp-content\/uploads\/2017\/03\/DSCN8074.jpg?ssl=1\"><img loading=\"lazy\" decoding=\"async\" data-attachment-id=\"16529\" data-permalink=\"https:\/\/genevieveetbernardauxameriques.fr\/index.php\/2017\/03\/15\/la-cote-pacifique-de-puerto-lopez-a-la-frontiere-colombienne\/dscn8074\/\" data-orig-file=\"https:\/\/i0.wp.com\/genevieveetbernardauxameriques.fr\/wp-content\/uploads\/2017\/03\/DSCN8074.jpg?fit=720%2C540&amp;ssl=1\" data-orig-size=\"720,540\" data-comments-opened=\"1\" data-image-meta=\"{&quot;aperture&quot;:&quot;2.8&quot;,&quot;credit&quot;:&quot;&quot;,&quot;camera&quot;:&quot;COOLPIX P900&quot;,&quot;caption&quot;:&quot;&quot;,&quot;created_timestamp&quot;:&quot;1488911154&quot;,&quot;copyright&quot;:&quot;&quot;,&quot;focal_length&quot;:&quot;4.3&quot;,&quot;iso&quot;:&quot;100&quot;,&quot;shutter_speed&quot;:&quot;0.0015625&quot;,&quot;title&quot;:&quot;&quot;,&quot;orientation&quot;:&quot;1&quot;}\" data-image-title=\"DSCN8074\" data-image-description=\"\" data-image-caption=\"\" data-medium-file=\"https:\/\/i0.wp.com\/genevieveetbernardauxameriques.fr\/wp-content\/uploads\/2017\/03\/DSCN8074.jpg?fit=300%2C225&amp;ssl=1\" data-large-file=\"https:\/\/i0.wp.com\/genevieveetbernardauxameriques.fr\/wp-content\/uploads\/2017\/03\/DSCN8074.jpg?fit=640%2C480&amp;ssl=1\" class=\"alignnone size-full wp-image-16529\" src=\"https:\/\/i0.wp.com\/genevieveetbernardauxameriques.fr\/wp-content\/uploads\/2017\/03\/DSCN8074.jpg?resize=640%2C480&#038;ssl=1\" alt=\"\" width=\"640\" height=\"480\" srcset=\"https:\/\/i0.wp.com\/genevieveetbernardauxameriques.fr\/wp-content\/uploads\/2017\/03\/DSCN8074.jpg?w=720&amp;ssl=1 720w, https:\/\/i0.wp.com\/genevieveetbernardauxameriques.fr\/wp-content\/uploads\/2017\/03\/DSCN8074.jpg?resize=300%2C225&amp;ssl=1 300w\" sizes=\"(max-width: 640px) 100vw, 640px\" data-recalc-dims=\"1\" \/><\/a><\/p>\n<p dir=\"ltr\">et voil\u00e0 ce que l&rsquo;on voit<\/p>\n<p dir=\"ltr\"><a href=\"https:\/\/i0.wp.com\/genevieveetbernardauxameriques.fr\/wp-content\/uploads\/2017\/03\/DSCN8028.jpg?ssl=1\"><img loading=\"lazy\" decoding=\"async\" data-attachment-id=\"16503\" data-permalink=\"https:\/\/genevieveetbernardauxameriques.fr\/index.php\/2017\/03\/15\/la-cote-pacifique-de-puerto-lopez-a-la-frontiere-colombienne\/dscn8028\/\" data-orig-file=\"https:\/\/i0.wp.com\/genevieveetbernardauxameriques.fr\/wp-content\/uploads\/2017\/03\/DSCN8028.jpg?fit=720%2C540&amp;ssl=1\" data-orig-size=\"720,540\" data-comments-opened=\"1\" data-image-meta=\"{&quot;aperture&quot;:&quot;2.8&quot;,&quot;credit&quot;:&quot;&quot;,&quot;camera&quot;:&quot;COOLPIX P900&quot;,&quot;caption&quot;:&quot;&quot;,&quot;created_timestamp&quot;:&quot;1488903987&quot;,&quot;copyright&quot;:&quot;&quot;,&quot;focal_length&quot;:&quot;4.3&quot;,&quot;iso&quot;:&quot;100&quot;,&quot;shutter_speed&quot;:&quot;0.005&quot;,&quot;title&quot;:&quot;&quot;,&quot;orientation&quot;:&quot;1&quot;}\" data-image-title=\"DSCN8028\" data-image-description=\"\" data-image-caption=\"\" data-medium-file=\"https:\/\/i0.wp.com\/genevieveetbernardauxameriques.fr\/wp-content\/uploads\/2017\/03\/DSCN8028.jpg?fit=300%2C225&amp;ssl=1\" data-large-file=\"https:\/\/i0.wp.com\/genevieveetbernardauxameriques.fr\/wp-content\/uploads\/2017\/03\/DSCN8028.jpg?fit=640%2C480&amp;ssl=1\" class=\"alignnone size-medium wp-image-16503\" src=\"https:\/\/i0.wp.com\/genevieveetbernardauxameriques.fr\/wp-content\/uploads\/2017\/03\/DSCN8028.jpg?resize=300%2C225&#038;ssl=1\" alt=\"\" width=\"300\" height=\"225\" srcset=\"https:\/\/i0.wp.com\/genevieveetbernardauxameriques.fr\/wp-content\/uploads\/2017\/03\/DSCN8028.jpg?resize=300%2C225&amp;ssl=1 300w, https:\/\/i0.wp.com\/genevieveetbernardauxameriques.fr\/wp-content\/uploads\/2017\/03\/DSCN8028.jpg?w=720&amp;ssl=1 720w\" sizes=\"(max-width: 300px) 100vw, 300px\" data-recalc-dims=\"1\" \/><\/a>\u00a0 \u00a0 \u00a0<img loading=\"lazy\" decoding=\"async\" data-attachment-id=\"16502\" data-permalink=\"https:\/\/genevieveetbernardauxameriques.fr\/index.php\/2017\/03\/15\/la-cote-pacifique-de-puerto-lopez-a-la-frontiere-colombienne\/dscn8027\/\" data-orig-file=\"https:\/\/i0.wp.com\/genevieveetbernardauxameriques.fr\/wp-content\/uploads\/2017\/03\/DSCN8027.jpg?fit=720%2C540&amp;ssl=1\" data-orig-size=\"720,540\" data-comments-opened=\"1\" data-image-meta=\"{&quot;aperture&quot;:&quot;3.2&quot;,&quot;credit&quot;:&quot;&quot;,&quot;camera&quot;:&quot;COOLPIX P900&quot;,&quot;caption&quot;:&quot;&quot;,&quot;created_timestamp&quot;:&quot;1488903980&quot;,&quot;copyright&quot;:&quot;&quot;,&quot;focal_length&quot;:&quot;5.4&quot;,&quot;iso&quot;:&quot;100&quot;,&quot;shutter_speed&quot;:&quot;0.003125&quot;,&quot;title&quot;:&quot;&quot;,&quot;orientation&quot;:&quot;1&quot;}\" data-image-title=\"DSCN8027\" data-image-description=\"\" data-image-caption=\"\" data-medium-file=\"https:\/\/i0.wp.com\/genevieveetbernardauxameriques.fr\/wp-content\/uploads\/2017\/03\/DSCN8027.jpg?fit=300%2C225&amp;ssl=1\" data-large-file=\"https:\/\/i0.wp.com\/genevieveetbernardauxameriques.fr\/wp-content\/uploads\/2017\/03\/DSCN8027.jpg?fit=640%2C480&amp;ssl=1\" class=\"alignnone size-medium wp-image-16502\" src=\"https:\/\/i0.wp.com\/genevieveetbernardauxameriques.fr\/wp-content\/uploads\/2017\/03\/DSCN8027.jpg?resize=300%2C225&#038;ssl=1\" alt=\"\" width=\"300\" height=\"225\" srcset=\"https:\/\/i0.wp.com\/genevieveetbernardauxameriques.fr\/wp-content\/uploads\/2017\/03\/DSCN8027.jpg?resize=300%2C225&amp;ssl=1 300w, https:\/\/i0.wp.com\/genevieveetbernardauxameriques.fr\/wp-content\/uploads\/2017\/03\/DSCN8027.jpg?w=720&amp;ssl=1 720w\" sizes=\"(max-width: 300px) 100vw, 300px\" data-recalc-dims=\"1\" \/><\/p>\n<p dir=\"ltr\">J&rsquo;y vais seule Bernard ne m&rsquo;accompagne pas. Je vais descendre aux cascades, le chemin est un peu glissant mais j&rsquo;ai mis mes chaussures de marche et pris mes 2 b\u00e2tons. Je ne verrais que des colibris, pour voir des toucans il faut y aller \u00e0 6 h.<\/p>\n<\/div>\n<p dir=\"ltr\"><a href=\"https:\/\/i0.wp.com\/genevieveetbernardauxameriques.fr\/wp-content\/uploads\/2017\/03\/DSCN8376.jpg?ssl=1\"><img loading=\"lazy\" decoding=\"async\" data-attachment-id=\"16604\" data-permalink=\"https:\/\/genevieveetbernardauxameriques.fr\/index.php\/2017\/03\/15\/la-cote-pacifique-de-puerto-lopez-a-la-frontiere-colombienne\/dscn8376\/\" data-orig-file=\"https:\/\/i0.wp.com\/genevieveetbernardauxameriques.fr\/wp-content\/uploads\/2017\/03\/DSCN8376.jpg?fit=720%2C540&amp;ssl=1\" data-orig-size=\"720,540\" data-comments-opened=\"1\" data-image-meta=\"{&quot;aperture&quot;:&quot;5.6&quot;,&quot;credit&quot;:&quot;&quot;,&quot;camera&quot;:&quot;COOLPIX P900&quot;,&quot;caption&quot;:&quot;&quot;,&quot;created_timestamp&quot;:&quot;1488930907&quot;,&quot;copyright&quot;:&quot;&quot;,&quot;focal_length&quot;:&quot;125&quot;,&quot;iso&quot;:&quot;1600&quot;,&quot;shutter_speed&quot;:&quot;0.076923076923077&quot;,&quot;title&quot;:&quot;&quot;,&quot;orientation&quot;:&quot;1&quot;}\" data-image-title=\"DSCN8376\" data-image-description=\"\" data-image-caption=\"\" data-medium-file=\"https:\/\/i0.wp.com\/genevieveetbernardauxameriques.fr\/wp-content\/uploads\/2017\/03\/DSCN8376.jpg?fit=300%2C225&amp;ssl=1\" data-large-file=\"https:\/\/i0.wp.com\/genevieveetbernardauxameriques.fr\/wp-content\/uploads\/2017\/03\/DSCN8376.jpg?fit=640%2C480&amp;ssl=1\" class=\"alignnone size-full wp-image-16604\" src=\"https:\/\/i0.wp.com\/genevieveetbernardauxameriques.fr\/wp-content\/uploads\/2017\/03\/DSCN8376.jpg?resize=640%2C480&#038;ssl=1\" alt=\"\" width=\"640\" height=\"480\" srcset=\"https:\/\/i0.wp.com\/genevieveetbernardauxameriques.fr\/wp-content\/uploads\/2017\/03\/DSCN8376.jpg?w=720&amp;ssl=1 720w, https:\/\/i0.wp.com\/genevieveetbernardauxameriques.fr\/wp-content\/uploads\/2017\/03\/DSCN8376.jpg?resize=300%2C225&amp;ssl=1 300w\" sizes=\"(max-width: 640px) 100vw, 640px\" data-recalc-dims=\"1\" \/><\/a> <a href=\"https:\/\/i0.wp.com\/genevieveetbernardauxameriques.fr\/wp-content\/uploads\/2017\/03\/DSCN8217.jpg?ssl=1\"><img loading=\"lazy\" decoding=\"async\" data-attachment-id=\"16593\" data-permalink=\"https:\/\/genevieveetbernardauxameriques.fr\/index.php\/2017\/03\/15\/la-cote-pacifique-de-puerto-lopez-a-la-frontiere-colombienne\/dscn8217\/\" data-orig-file=\"https:\/\/i0.wp.com\/genevieveetbernardauxameriques.fr\/wp-content\/uploads\/2017\/03\/DSCN8217.jpg?fit=720%2C540&amp;ssl=1\" data-orig-size=\"720,540\" data-comments-opened=\"1\" data-image-meta=\"{&quot;aperture&quot;:&quot;5&quot;,&quot;credit&quot;:&quot;&quot;,&quot;camera&quot;:&quot;COOLPIX P900&quot;,&quot;caption&quot;:&quot;&quot;,&quot;created_timestamp&quot;:&quot;1488928459&quot;,&quot;copyright&quot;:&quot;&quot;,&quot;focal_length&quot;:&quot;57.1&quot;,&quot;iso&quot;:&quot;800&quot;,&quot;shutter_speed&quot;:&quot;0.125&quot;,&quot;title&quot;:&quot;&quot;,&quot;orientation&quot;:&quot;1&quot;}\" data-image-title=\"DSCN8217\" data-image-description=\"\" data-image-caption=\"\" data-medium-file=\"https:\/\/i0.wp.com\/genevieveetbernardauxameriques.fr\/wp-content\/uploads\/2017\/03\/DSCN8217.jpg?fit=300%2C225&amp;ssl=1\" data-large-file=\"https:\/\/i0.wp.com\/genevieveetbernardauxameriques.fr\/wp-content\/uploads\/2017\/03\/DSCN8217.jpg?fit=640%2C480&amp;ssl=1\" class=\"alignnone size-full wp-image-16593\" src=\"https:\/\/i0.wp.com\/genevieveetbernardauxameriques.fr\/wp-content\/uploads\/2017\/03\/DSCN8217.jpg?resize=640%2C480&#038;ssl=1\" alt=\"\" width=\"640\" height=\"480\" srcset=\"https:\/\/i0.wp.com\/genevieveetbernardauxameriques.fr\/wp-content\/uploads\/2017\/03\/DSCN8217.jpg?w=720&amp;ssl=1 720w, https:\/\/i0.wp.com\/genevieveetbernardauxameriques.fr\/wp-content\/uploads\/2017\/03\/DSCN8217.jpg?resize=300%2C225&amp;ssl=1 300w\" sizes=\"(max-width: 640px) 100vw, 640px\" data-recalc-dims=\"1\" \/><\/a><a href=\"https:\/\/i0.wp.com\/genevieveetbernardauxameriques.fr\/wp-content\/uploads\/2017\/03\/DSCN8306.jpg?ssl=1\"><img loading=\"lazy\" decoding=\"async\" data-attachment-id=\"16600\" data-permalink=\"https:\/\/genevieveetbernardauxameriques.fr\/index.php\/2017\/03\/15\/la-cote-pacifique-de-puerto-lopez-a-la-frontiere-colombienne\/dscn8306\/\" data-orig-file=\"https:\/\/i0.wp.com\/genevieveetbernardauxameriques.fr\/wp-content\/uploads\/2017\/03\/DSCN8306.jpg?fit=720%2C540&amp;ssl=1\" data-orig-size=\"720,540\" data-comments-opened=\"1\" data-image-meta=\"{&quot;aperture&quot;:&quot;5&quot;,&quot;credit&quot;:&quot;&quot;,&quot;camera&quot;:&quot;COOLPIX P900&quot;,&quot;caption&quot;:&quot;&quot;,&quot;created_timestamp&quot;:&quot;1488929683&quot;,&quot;copyright&quot;:&quot;&quot;,&quot;focal_length&quot;:&quot;98.1&quot;,&quot;iso&quot;:&quot;1600&quot;,&quot;shutter_speed&quot;:&quot;0.05&quot;,&quot;title&quot;:&quot;&quot;,&quot;orientation&quot;:&quot;1&quot;}\" data-image-title=\"DSCN8306\" data-image-description=\"\" data-image-caption=\"\" data-medium-file=\"https:\/\/i0.wp.com\/genevieveetbernardauxameriques.fr\/wp-content\/uploads\/2017\/03\/DSCN8306.jpg?fit=300%2C225&amp;ssl=1\" data-large-file=\"https:\/\/i0.wp.com\/genevieveetbernardauxameriques.fr\/wp-content\/uploads\/2017\/03\/DSCN8306.jpg?fit=640%2C480&amp;ssl=1\" class=\"alignnone size-full wp-image-16600\" src=\"https:\/\/i0.wp.com\/genevieveetbernardauxameriques.fr\/wp-content\/uploads\/2017\/03\/DSCN8306.jpg?resize=640%2C480&#038;ssl=1\" alt=\"\" width=\"640\" height=\"480\" srcset=\"https:\/\/i0.wp.com\/genevieveetbernardauxameriques.fr\/wp-content\/uploads\/2017\/03\/DSCN8306.jpg?w=720&amp;ssl=1 720w, https:\/\/i0.wp.com\/genevieveetbernardauxameriques.fr\/wp-content\/uploads\/2017\/03\/DSCN8306.jpg?resize=300%2C225&amp;ssl=1 300w\" sizes=\"(max-width: 640px) 100vw, 640px\" data-recalc-dims=\"1\" \/><\/a><a href=\"https:\/\/i0.wp.com\/genevieveetbernardauxameriques.fr\/wp-content\/uploads\/2017\/03\/DSCN8231.jpg?ssl=1\"><img loading=\"lazy\" decoding=\"async\" data-attachment-id=\"16596\" data-permalink=\"https:\/\/genevieveetbernardauxameriques.fr\/index.php\/2017\/03\/15\/la-cote-pacifique-de-puerto-lopez-a-la-frontiere-colombienne\/dscn8231\/\" data-orig-file=\"https:\/\/i0.wp.com\/genevieveetbernardauxameriques.fr\/wp-content\/uploads\/2017\/03\/DSCN8231.jpg?fit=720%2C540&amp;ssl=1\" data-orig-size=\"720,540\" data-comments-opened=\"1\" data-image-meta=\"{&quot;aperture&quot;:&quot;5&quot;,&quot;credit&quot;:&quot;&quot;,&quot;camera&quot;:&quot;COOLPIX P900&quot;,&quot;caption&quot;:&quot;&quot;,&quot;created_timestamp&quot;:&quot;1488928657&quot;,&quot;copyright&quot;:&quot;&quot;,&quot;focal_length&quot;:&quot;107&quot;,&quot;iso&quot;:&quot;1250&quot;,&quot;shutter_speed&quot;:&quot;0.05&quot;,&quot;title&quot;:&quot;&quot;,&quot;orientation&quot;:&quot;1&quot;}\" data-image-title=\"DSCN8231\" data-image-description=\"\" data-image-caption=\"\" data-medium-file=\"https:\/\/i0.wp.com\/genevieveetbernardauxameriques.fr\/wp-content\/uploads\/2017\/03\/DSCN8231.jpg?fit=300%2C225&amp;ssl=1\" data-large-file=\"https:\/\/i0.wp.com\/genevieveetbernardauxameriques.fr\/wp-content\/uploads\/2017\/03\/DSCN8231.jpg?fit=640%2C480&amp;ssl=1\" class=\"alignnone size-full wp-image-16596\" src=\"https:\/\/i0.wp.com\/genevieveetbernardauxameriques.fr\/wp-content\/uploads\/2017\/03\/DSCN8231.jpg?resize=640%2C480&#038;ssl=1\" alt=\"\" width=\"640\" height=\"480\" srcset=\"https:\/\/i0.wp.com\/genevieveetbernardauxameriques.fr\/wp-content\/uploads\/2017\/03\/DSCN8231.jpg?w=720&amp;ssl=1 720w, https:\/\/i0.wp.com\/genevieveetbernardauxameriques.fr\/wp-content\/uploads\/2017\/03\/DSCN8231.jpg?resize=300%2C225&amp;ssl=1 300w\" sizes=\"(max-width: 640px) 100vw, 640px\" data-recalc-dims=\"1\" \/><\/a><\/p>\n<div>\n<p dir=\"ltr\">Et des fleurs<\/p>\n<p dir=\"ltr\"><a href=\"https:\/\/i0.wp.com\/genevieveetbernardauxameriques.fr\/wp-content\/uploads\/2017\/03\/DSCN8049.jpg?ssl=1\"><img loading=\"lazy\" decoding=\"async\" data-attachment-id=\"16516\" data-permalink=\"https:\/\/genevieveetbernardauxameriques.fr\/index.php\/2017\/03\/15\/la-cote-pacifique-de-puerto-lopez-a-la-frontiere-colombienne\/dscn8049\/\" data-orig-file=\"https:\/\/i0.wp.com\/genevieveetbernardauxameriques.fr\/wp-content\/uploads\/2017\/03\/DSCN8049.jpg?fit=720%2C540&amp;ssl=1\" data-orig-size=\"720,540\" data-comments-opened=\"1\" data-image-meta=\"{&quot;aperture&quot;:&quot;4&quot;,&quot;credit&quot;:&quot;&quot;,&quot;camera&quot;:&quot;COOLPIX P900&quot;,&quot;caption&quot;:&quot;&quot;,&quot;created_timestamp&quot;:&quot;1488906334&quot;,&quot;copyright&quot;:&quot;&quot;,&quot;focal_length&quot;:&quot;18.7&quot;,&quot;iso&quot;:&quot;100&quot;,&quot;shutter_speed&quot;:&quot;0.01&quot;,&quot;title&quot;:&quot;&quot;,&quot;orientation&quot;:&quot;1&quot;}\" data-image-title=\"DSCN8049\" data-image-description=\"\" data-image-caption=\"\" data-medium-file=\"https:\/\/i0.wp.com\/genevieveetbernardauxameriques.fr\/wp-content\/uploads\/2017\/03\/DSCN8049.jpg?fit=300%2C225&amp;ssl=1\" data-large-file=\"https:\/\/i0.wp.com\/genevieveetbernardauxameriques.fr\/wp-content\/uploads\/2017\/03\/DSCN8049.jpg?fit=640%2C480&amp;ssl=1\" class=\"alignnone size-full wp-image-16516\" src=\"https:\/\/i0.wp.com\/genevieveetbernardauxameriques.fr\/wp-content\/uploads\/2017\/03\/DSCN8049.jpg?resize=640%2C480&#038;ssl=1\" alt=\"\" width=\"640\" height=\"480\" srcset=\"https:\/\/i0.wp.com\/genevieveetbernardauxameriques.fr\/wp-content\/uploads\/2017\/03\/DSCN8049.jpg?w=720&amp;ssl=1 720w, https:\/\/i0.wp.com\/genevieveetbernardauxameriques.fr\/wp-content\/uploads\/2017\/03\/DSCN8049.jpg?resize=300%2C225&amp;ssl=1 300w\" sizes=\"(max-width: 640px) 100vw, 640px\" data-recalc-dims=\"1\" \/><\/a><\/p>\n<p dir=\"ltr\"><a href=\"https:\/\/i0.wp.com\/genevieveetbernardauxameriques.fr\/wp-content\/uploads\/2017\/03\/DSCN8048.jpg?ssl=1\"><img loading=\"lazy\" decoding=\"async\" data-attachment-id=\"16515\" data-permalink=\"https:\/\/genevieveetbernardauxameriques.fr\/index.php\/2017\/03\/15\/la-cote-pacifique-de-puerto-lopez-a-la-frontiere-colombienne\/dscn8048\/\" data-orig-file=\"https:\/\/i0.wp.com\/genevieveetbernardauxameriques.fr\/wp-content\/uploads\/2017\/03\/DSCN8048.jpg?fit=540%2C720&amp;ssl=1\" data-orig-size=\"540,720\" data-comments-opened=\"1\" data-image-meta=\"{&quot;aperture&quot;:&quot;4.5&quot;,&quot;credit&quot;:&quot;&quot;,&quot;camera&quot;:&quot;COOLPIX P900&quot;,&quot;caption&quot;:&quot;&quot;,&quot;created_timestamp&quot;:&quot;1488906059&quot;,&quot;copyright&quot;:&quot;&quot;,&quot;focal_length&quot;:&quot;35.7&quot;,&quot;iso&quot;:&quot;560&quot;,&quot;shutter_speed&quot;:&quot;0.066666666666667&quot;,&quot;title&quot;:&quot;&quot;,&quot;orientation&quot;:&quot;1&quot;}\" data-image-title=\"DSCN8048\" data-image-description=\"\" data-image-caption=\"\" data-medium-file=\"https:\/\/i0.wp.com\/genevieveetbernardauxameriques.fr\/wp-content\/uploads\/2017\/03\/DSCN8048.jpg?fit=225%2C300&amp;ssl=1\" data-large-file=\"https:\/\/i0.wp.com\/genevieveetbernardauxameriques.fr\/wp-content\/uploads\/2017\/03\/DSCN8048.jpg?fit=540%2C720&amp;ssl=1\" class=\"wp-image-16515 aligncenter\" src=\"https:\/\/i0.wp.com\/genevieveetbernardauxameriques.fr\/wp-content\/uploads\/2017\/03\/DSCN8048.jpg?resize=376%2C501&#038;ssl=1\" alt=\"\" width=\"376\" height=\"501\" srcset=\"https:\/\/i0.wp.com\/genevieveetbernardauxameriques.fr\/wp-content\/uploads\/2017\/03\/DSCN8048.jpg?w=540&amp;ssl=1 540w, https:\/\/i0.wp.com\/genevieveetbernardauxameriques.fr\/wp-content\/uploads\/2017\/03\/DSCN8048.jpg?resize=225%2C300&amp;ssl=1 225w\" sizes=\"(max-width: 376px) 100vw, 376px\" data-recalc-dims=\"1\" \/><\/a><a href=\"https:\/\/i0.wp.com\/genevieveetbernardauxameriques.fr\/wp-content\/uploads\/2017\/03\/DSCN8054.jpg?ssl=1\"><img loading=\"lazy\" decoding=\"async\" data-attachment-id=\"16520\" data-permalink=\"https:\/\/genevieveetbernardauxameriques.fr\/index.php\/2017\/03\/15\/la-cote-pacifique-de-puerto-lopez-a-la-frontiere-colombienne\/dscn8054\/\" data-orig-file=\"https:\/\/i0.wp.com\/genevieveetbernardauxameriques.fr\/wp-content\/uploads\/2017\/03\/DSCN8054.jpg?fit=720%2C540&amp;ssl=1\" data-orig-size=\"720,540\" data-comments-opened=\"1\" data-image-meta=\"{&quot;aperture&quot;:&quot;4.5&quot;,&quot;credit&quot;:&quot;&quot;,&quot;camera&quot;:&quot;COOLPIX P900&quot;,&quot;caption&quot;:&quot;&quot;,&quot;created_timestamp&quot;:&quot;1488907043&quot;,&quot;copyright&quot;:&quot;&quot;,&quot;focal_length&quot;:&quot;39.3&quot;,&quot;iso&quot;:&quot;400&quot;,&quot;shutter_speed&quot;:&quot;0.016666666666667&quot;,&quot;title&quot;:&quot;&quot;,&quot;orientation&quot;:&quot;1&quot;}\" data-image-title=\"DSCN8054\" data-image-description=\"\" data-image-caption=\"\" data-medium-file=\"https:\/\/i0.wp.com\/genevieveetbernardauxameriques.fr\/wp-content\/uploads\/2017\/03\/DSCN8054.jpg?fit=300%2C225&amp;ssl=1\" data-large-file=\"https:\/\/i0.wp.com\/genevieveetbernardauxameriques.fr\/wp-content\/uploads\/2017\/03\/DSCN8054.jpg?fit=640%2C480&amp;ssl=1\" class=\"alignnone size-full wp-image-16520\" src=\"https:\/\/i0.wp.com\/genevieveetbernardauxameriques.fr\/wp-content\/uploads\/2017\/03\/DSCN8054.jpg?resize=640%2C480&#038;ssl=1\" alt=\"\" width=\"640\" height=\"480\" srcset=\"https:\/\/i0.wp.com\/genevieveetbernardauxameriques.fr\/wp-content\/uploads\/2017\/03\/DSCN8054.jpg?w=720&amp;ssl=1 720w, https:\/\/i0.wp.com\/genevieveetbernardauxameriques.fr\/wp-content\/uploads\/2017\/03\/DSCN8054.jpg?resize=300%2C225&amp;ssl=1 300w\" sizes=\"(max-width: 640px) 100vw, 640px\" data-recalc-dims=\"1\" \/><\/a><\/p>\n<p dir=\"ltr\"><a href=\"https:\/\/i0.wp.com\/genevieveetbernardauxameriques.fr\/wp-content\/uploads\/2017\/03\/DSCN8040.jpg?ssl=1\"><img loading=\"lazy\" decoding=\"async\" data-attachment-id=\"16510\" data-permalink=\"https:\/\/genevieveetbernardauxameriques.fr\/index.php\/2017\/03\/15\/la-cote-pacifique-de-puerto-lopez-a-la-frontiere-colombienne\/dscn8040\/\" data-orig-file=\"https:\/\/i0.wp.com\/genevieveetbernardauxameriques.fr\/wp-content\/uploads\/2017\/03\/DSCN8040.jpg?fit=720%2C540&amp;ssl=1\" data-orig-size=\"720,540\" data-comments-opened=\"1\" data-image-meta=\"{&quot;aperture&quot;:&quot;3.5&quot;,&quot;credit&quot;:&quot;&quot;,&quot;camera&quot;:&quot;COOLPIX P900&quot;,&quot;caption&quot;:&quot;&quot;,&quot;created_timestamp&quot;:&quot;1488905155&quot;,&quot;copyright&quot;:&quot;&quot;,&quot;focal_length&quot;:&quot;10.7&quot;,&quot;iso&quot;:&quot;180&quot;,&quot;shutter_speed&quot;:&quot;0.033333333333333&quot;,&quot;title&quot;:&quot;&quot;,&quot;orientation&quot;:&quot;1&quot;}\" data-image-title=\"DSCN8040\" data-image-description=\"\" data-image-caption=\"\" data-medium-file=\"https:\/\/i0.wp.com\/genevieveetbernardauxameriques.fr\/wp-content\/uploads\/2017\/03\/DSCN8040.jpg?fit=300%2C225&amp;ssl=1\" data-large-file=\"https:\/\/i0.wp.com\/genevieveetbernardauxameriques.fr\/wp-content\/uploads\/2017\/03\/DSCN8040.jpg?fit=640%2C480&amp;ssl=1\" class=\"alignnone size-full wp-image-16510\" src=\"https:\/\/i0.wp.com\/genevieveetbernardauxameriques.fr\/wp-content\/uploads\/2017\/03\/DSCN8040.jpg?resize=640%2C480&#038;ssl=1\" alt=\"\" width=\"640\" height=\"480\" srcset=\"https:\/\/i0.wp.com\/genevieveetbernardauxameriques.fr\/wp-content\/uploads\/2017\/03\/DSCN8040.jpg?w=720&amp;ssl=1 720w, https:\/\/i0.wp.com\/genevieveetbernardauxameriques.fr\/wp-content\/uploads\/2017\/03\/DSCN8040.jpg?resize=300%2C225&amp;ssl=1 300w\" sizes=\"(max-width: 640px) 100vw, 640px\" data-recalc-dims=\"1\" \/><\/a>(diaporama)<\/p>\n<div class=\"tiled-gallery type-rectangular tiled-gallery-unresized\" data-original-width=\"640\" data-carousel-extra='{&quot;blog_id&quot;:1,&quot;permalink&quot;:&quot;https:\\\/\\\/genevieveetbernardauxameriques.fr\\\/index.php\\\/2017\\\/03\\\/15\\\/la-cote-pacifique-de-puerto-lopez-a-la-frontiere-colombienne\\\/&quot;,&quot;likes_blog_id&quot;:107627276}' itemscope itemtype=\"http:\/\/schema.org\/ImageGallery\" > <div class=\"gallery-row\" style=\"width: 640px; height: 321px;\" data-original-width=\"640\" data-original-height=\"321\" > <div class=\"gallery-group images-1\" style=\"width: 427px; height: 321px;\" data-original-width=\"427\" data-original-height=\"321\" > <div class=\"tiled-gallery-item tiled-gallery-item-large\" itemprop=\"associatedMedia\" itemscope itemtype=\"http:\/\/schema.org\/ImageObject\"> <a href=\"https:\/\/genevieveetbernardauxameriques.fr\/index.php\/2017\/03\/15\/la-cote-pacifique-de-puerto-lopez-a-la-frontiere-colombienne\/dscn8034\/\" border=\"0\" itemprop=\"url\"> <meta itemprop=\"width\" content=\"423\"> <meta itemprop=\"height\" content=\"317\"> <img decoding=\"async\" class=\"\" data-attachment-id=\"16506\" data-orig-file=\"https:\/\/genevieveetbernardauxameriques.fr\/wp-content\/uploads\/2017\/03\/DSCN8034.jpg\" data-orig-size=\"720,540\" data-comments-opened=\"1\" data-image-meta=\"{&quot;aperture&quot;:&quot;4.5&quot;,&quot;credit&quot;:&quot;&quot;,&quot;camera&quot;:&quot;COOLPIX P900&quot;,&quot;caption&quot;:&quot;&quot;,&quot;created_timestamp&quot;:&quot;1488904746&quot;,&quot;copyright&quot;:&quot;&quot;,&quot;focal_length&quot;:&quot;46.4&quot;,&quot;iso&quot;:&quot;560&quot;,&quot;shutter_speed&quot;:&quot;0.033333333333333&quot;,&quot;title&quot;:&quot;&quot;,&quot;orientation&quot;:&quot;1&quot;}\" data-image-title=\"DSCN8034\" data-image-description=\"\" data-medium-file=\"https:\/\/i0.wp.com\/genevieveetbernardauxameriques.fr\/wp-content\/uploads\/2017\/03\/DSCN8034.jpg?fit=300%2C225&#038;ssl=1\" data-large-file=\"https:\/\/i0.wp.com\/genevieveetbernardauxameriques.fr\/wp-content\/uploads\/2017\/03\/DSCN8034.jpg?fit=640%2C480&#038;ssl=1\" src=\"https:\/\/i0.wp.com\/genevieveetbernardauxameriques.fr\/wp-content\/uploads\/2017\/03\/DSCN8034.jpg?w=423&#038;h=317&#038;ssl=1\" srcset=\"https:\/\/i0.wp.com\/genevieveetbernardauxameriques.fr\/wp-content\/uploads\/2017\/03\/DSCN8034.jpg?w=720&amp;ssl=1 720w, https:\/\/i0.wp.com\/genevieveetbernardauxameriques.fr\/wp-content\/uploads\/2017\/03\/DSCN8034.jpg?resize=300%2C225&amp;ssl=1 300w\" width=\"423\" height=\"317\" loading=\"lazy\" data-original-width=\"423\" data-original-height=\"317\" itemprop=\"http:\/\/schema.org\/image\" title=\"DSCN8034\" alt=\"DSCN8034\" style=\"width: 423px; height: 317px;\" \/> <\/a> <\/div> <\/div> <!-- close group --> <div class=\"gallery-group images-2\" style=\"width: 213px; height: 321px;\" data-original-width=\"213\" data-original-height=\"321\" > <div class=\"tiled-gallery-item tiled-gallery-item-small\" itemprop=\"associatedMedia\" itemscope itemtype=\"http:\/\/schema.org\/ImageObject\"> <a href=\"https:\/\/genevieveetbernardauxameriques.fr\/index.php\/2017\/03\/15\/la-cote-pacifique-de-puerto-lopez-a-la-frontiere-colombienne\/dscn8036\/\" border=\"0\" itemprop=\"url\"> <meta itemprop=\"width\" content=\"209\"> <meta itemprop=\"height\" content=\"157\"> <img decoding=\"async\" class=\"\" data-attachment-id=\"16508\" data-orig-file=\"https:\/\/genevieveetbernardauxameriques.fr\/wp-content\/uploads\/2017\/03\/DSCN8036.jpg\" data-orig-size=\"720,540\" data-comments-opened=\"1\" data-image-meta=\"{&quot;aperture&quot;:&quot;4.5&quot;,&quot;credit&quot;:&quot;&quot;,&quot;camera&quot;:&quot;COOLPIX P900&quot;,&quot;caption&quot;:&quot;&quot;,&quot;created_timestamp&quot;:&quot;1488904851&quot;,&quot;copyright&quot;:&quot;&quot;,&quot;focal_length&quot;:&quot;39.3&quot;,&quot;iso&quot;:&quot;400&quot;,&quot;shutter_speed&quot;:&quot;0.016666666666667&quot;,&quot;title&quot;:&quot;&quot;,&quot;orientation&quot;:&quot;1&quot;}\" data-image-title=\"DSCN8036\" data-image-description=\"\" data-medium-file=\"https:\/\/i0.wp.com\/genevieveetbernardauxameriques.fr\/wp-content\/uploads\/2017\/03\/DSCN8036.jpg?fit=300%2C225&#038;ssl=1\" data-large-file=\"https:\/\/i0.wp.com\/genevieveetbernardauxameriques.fr\/wp-content\/uploads\/2017\/03\/DSCN8036.jpg?fit=640%2C480&#038;ssl=1\" src=\"https:\/\/i0.wp.com\/genevieveetbernardauxameriques.fr\/wp-content\/uploads\/2017\/03\/DSCN8036.jpg?w=209&#038;h=157&#038;ssl=1\" srcset=\"https:\/\/i0.wp.com\/genevieveetbernardauxameriques.fr\/wp-content\/uploads\/2017\/03\/DSCN8036.jpg?w=720&amp;ssl=1 720w, https:\/\/i0.wp.com\/genevieveetbernardauxameriques.fr\/wp-content\/uploads\/2017\/03\/DSCN8036.jpg?resize=300%2C225&amp;ssl=1 300w\" width=\"209\" height=\"157\" loading=\"lazy\" data-original-width=\"209\" data-original-height=\"157\" itemprop=\"http:\/\/schema.org\/image\" title=\"DSCN8036\" alt=\"DSCN8036\" style=\"width: 209px; height: 157px;\" \/> <\/a> <\/div> <div class=\"tiled-gallery-item tiled-gallery-item-small\" itemprop=\"associatedMedia\" itemscope itemtype=\"http:\/\/schema.org\/ImageObject\"> <a href=\"https:\/\/genevieveetbernardauxameriques.fr\/index.php\/2017\/03\/15\/la-cote-pacifique-de-puerto-lopez-a-la-frontiere-colombienne\/dscn8035\/\" border=\"0\" itemprop=\"url\"> <meta itemprop=\"width\" content=\"209\"> <meta itemprop=\"height\" content=\"156\"> <img decoding=\"async\" class=\"\" data-attachment-id=\"16507\" data-orig-file=\"https:\/\/genevieveetbernardauxameriques.fr\/wp-content\/uploads\/2017\/03\/DSCN8035.jpg\" data-orig-size=\"720,540\" data-comments-opened=\"1\" data-image-meta=\"{&quot;aperture&quot;:&quot;4.5&quot;,&quot;credit&quot;:&quot;&quot;,&quot;camera&quot;:&quot;COOLPIX P900&quot;,&quot;caption&quot;:&quot;&quot;,&quot;created_timestamp&quot;:&quot;1488904760&quot;,&quot;copyright&quot;:&quot;&quot;,&quot;focal_length&quot;:&quot;42.8&quot;,&quot;iso&quot;:&quot;800&quot;,&quot;shutter_speed&quot;:&quot;0.04&quot;,&quot;title&quot;:&quot;&quot;,&quot;orientation&quot;:&quot;1&quot;}\" data-image-title=\"DSCN8035\" data-image-description=\"\" data-medium-file=\"https:\/\/i0.wp.com\/genevieveetbernardauxameriques.fr\/wp-content\/uploads\/2017\/03\/DSCN8035.jpg?fit=300%2C225&#038;ssl=1\" data-large-file=\"https:\/\/i0.wp.com\/genevieveetbernardauxameriques.fr\/wp-content\/uploads\/2017\/03\/DSCN8035.jpg?fit=640%2C480&#038;ssl=1\" src=\"https:\/\/i0.wp.com\/genevieveetbernardauxameriques.fr\/wp-content\/uploads\/2017\/03\/DSCN8035.jpg?w=209&#038;h=156&#038;ssl=1\" srcset=\"https:\/\/i0.wp.com\/genevieveetbernardauxameriques.fr\/wp-content\/uploads\/2017\/03\/DSCN8035.jpg?w=720&amp;ssl=1 720w, https:\/\/i0.wp.com\/genevieveetbernardauxameriques.fr\/wp-content\/uploads\/2017\/03\/DSCN8035.jpg?resize=300%2C225&amp;ssl=1 300w\" width=\"209\" height=\"156\" loading=\"lazy\" data-original-width=\"209\" data-original-height=\"156\" itemprop=\"http:\/\/schema.org\/image\" title=\"DSCN8035\" alt=\"DSCN8035\" style=\"width: 209px; height: 156px;\" \/> <\/a> <\/div> <\/div> <!-- close group --> <\/div> <!-- close row --> <div class=\"gallery-row\" style=\"width: 640px; height: 161px;\" data-original-width=\"640\" data-original-height=\"161\" > <div class=\"gallery-group images-1\" style=\"width: 214px; height: 161px;\" data-original-width=\"214\" data-original-height=\"161\" > <div class=\"tiled-gallery-item tiled-gallery-item-small\" itemprop=\"associatedMedia\" itemscope itemtype=\"http:\/\/schema.org\/ImageObject\"> <a href=\"https:\/\/genevieveetbernardauxameriques.fr\/index.php\/2017\/03\/15\/la-cote-pacifique-de-puerto-lopez-a-la-frontiere-colombienne\/dscn8050\/\" border=\"0\" itemprop=\"url\"> <meta itemprop=\"width\" content=\"210\"> <meta itemprop=\"height\" content=\"157\"> <img decoding=\"async\" class=\"\" data-attachment-id=\"16517\" data-orig-file=\"https:\/\/genevieveetbernardauxameriques.fr\/wp-content\/uploads\/2017\/03\/DSCN8050.jpg\" data-orig-size=\"720,540\" data-comments-opened=\"1\" data-image-meta=\"{&quot;aperture&quot;:&quot;3.5&quot;,&quot;credit&quot;:&quot;&quot;,&quot;camera&quot;:&quot;COOLPIX P900&quot;,&quot;caption&quot;:&quot;&quot;,&quot;created_timestamp&quot;:&quot;1488906420&quot;,&quot;copyright&quot;:&quot;&quot;,&quot;focal_length&quot;:&quot;10.7&quot;,&quot;iso&quot;:&quot;140&quot;,&quot;shutter_speed&quot;:&quot;0.033333333333333&quot;,&quot;title&quot;:&quot;&quot;,&quot;orientation&quot;:&quot;1&quot;}\" data-image-title=\"DSCN8050\" data-image-description=\"\" data-medium-file=\"https:\/\/i0.wp.com\/genevieveetbernardauxameriques.fr\/wp-content\/uploads\/2017\/03\/DSCN8050.jpg?fit=300%2C225&#038;ssl=1\" data-large-file=\"https:\/\/i0.wp.com\/genevieveetbernardauxameriques.fr\/wp-content\/uploads\/2017\/03\/DSCN8050.jpg?fit=640%2C480&#038;ssl=1\" src=\"https:\/\/i0.wp.com\/genevieveetbernardauxameriques.fr\/wp-content\/uploads\/2017\/03\/DSCN8050.jpg?w=210&#038;h=157&#038;ssl=1\" srcset=\"https:\/\/i0.wp.com\/genevieveetbernardauxameriques.fr\/wp-content\/uploads\/2017\/03\/DSCN8050.jpg?w=720&amp;ssl=1 720w, https:\/\/i0.wp.com\/genevieveetbernardauxameriques.fr\/wp-content\/uploads\/2017\/03\/DSCN8050.jpg?resize=300%2C225&amp;ssl=1 300w\" width=\"210\" height=\"157\" loading=\"lazy\" data-original-width=\"210\" data-original-height=\"157\" itemprop=\"http:\/\/schema.org\/image\" title=\"DSCN8050\" alt=\"DSCN8050\" style=\"width: 210px; height: 157px;\" \/> <\/a> <\/div> <\/div> <!-- close group --> <div class=\"gallery-group images-1\" style=\"width: 213px; height: 161px;\" data-original-width=\"213\" data-original-height=\"161\" > <div class=\"tiled-gallery-item tiled-gallery-item-small\" itemprop=\"associatedMedia\" itemscope itemtype=\"http:\/\/schema.org\/ImageObject\"> <a href=\"https:\/\/genevieveetbernardauxameriques.fr\/index.php\/2017\/03\/15\/la-cote-pacifique-de-puerto-lopez-a-la-frontiere-colombienne\/dscn8056\/\" border=\"0\" itemprop=\"url\"> <meta itemprop=\"width\" content=\"209\"> <meta itemprop=\"height\" content=\"157\"> <img decoding=\"async\" class=\"\" data-attachment-id=\"16521\" data-orig-file=\"https:\/\/genevieveetbernardauxameriques.fr\/wp-content\/uploads\/2017\/03\/DSCN8056.jpg\" data-orig-size=\"720,540\" data-comments-opened=\"1\" data-image-meta=\"{&quot;aperture&quot;:&quot;6.3&quot;,&quot;credit&quot;:&quot;&quot;,&quot;camera&quot;:&quot;COOLPIX P900&quot;,&quot;caption&quot;:&quot;&quot;,&quot;created_timestamp&quot;:&quot;1488907200&quot;,&quot;copyright&quot;:&quot;&quot;,&quot;focal_length&quot;:&quot;214&quot;,&quot;iso&quot;:&quot;720&quot;,&quot;shutter_speed&quot;:&quot;0.008&quot;,&quot;title&quot;:&quot;&quot;,&quot;orientation&quot;:&quot;1&quot;}\" data-image-title=\"DSCN8056\" data-image-description=\"\" data-medium-file=\"https:\/\/i0.wp.com\/genevieveetbernardauxameriques.fr\/wp-content\/uploads\/2017\/03\/DSCN8056.jpg?fit=300%2C225&#038;ssl=1\" data-large-file=\"https:\/\/i0.wp.com\/genevieveetbernardauxameriques.fr\/wp-content\/uploads\/2017\/03\/DSCN8056.jpg?fit=640%2C480&#038;ssl=1\" src=\"https:\/\/i0.wp.com\/genevieveetbernardauxameriques.fr\/wp-content\/uploads\/2017\/03\/DSCN8056.jpg?w=209&#038;h=157&#038;ssl=1\" srcset=\"https:\/\/i0.wp.com\/genevieveetbernardauxameriques.fr\/wp-content\/uploads\/2017\/03\/DSCN8056.jpg?w=720&amp;ssl=1 720w, https:\/\/i0.wp.com\/genevieveetbernardauxameriques.fr\/wp-content\/uploads\/2017\/03\/DSCN8056.jpg?resize=300%2C225&amp;ssl=1 300w\" width=\"209\" height=\"157\" loading=\"lazy\" data-original-width=\"209\" data-original-height=\"157\" itemprop=\"http:\/\/schema.org\/image\" title=\"DSCN8056\" alt=\"DSCN8056\" style=\"width: 209px; height: 157px;\" \/> <\/a> <\/div> <\/div> <!-- close group --> <div class=\"gallery-group images-1\" style=\"width: 213px; height: 161px;\" data-original-width=\"213\" data-original-height=\"161\" > <div class=\"tiled-gallery-item tiled-gallery-item-small\" itemprop=\"associatedMedia\" itemscope itemtype=\"http:\/\/schema.org\/ImageObject\"> <a href=\"https:\/\/genevieveetbernardauxameriques.fr\/index.php\/2017\/03\/15\/la-cote-pacifique-de-puerto-lopez-a-la-frontiere-colombienne\/dscn8059\/\" border=\"0\" itemprop=\"url\"> <meta itemprop=\"width\" content=\"209\"> <meta itemprop=\"height\" content=\"157\"> <img decoding=\"async\" class=\"\" data-attachment-id=\"16522\" data-orig-file=\"https:\/\/genevieveetbernardauxameriques.fr\/wp-content\/uploads\/2017\/03\/DSCN8059.jpg\" data-orig-size=\"720,540\" data-comments-opened=\"1\" data-image-meta=\"{&quot;aperture&quot;:&quot;3.5&quot;,&quot;credit&quot;:&quot;&quot;,&quot;camera&quot;:&quot;COOLPIX P900&quot;,&quot;caption&quot;:&quot;&quot;,&quot;created_timestamp&quot;:&quot;1488907755&quot;,&quot;copyright&quot;:&quot;&quot;,&quot;focal_length&quot;:&quot;13.4&quot;,&quot;iso&quot;:&quot;220&quot;,&quot;shutter_speed&quot;:&quot;0.016666666666667&quot;,&quot;title&quot;:&quot;&quot;,&quot;orientation&quot;:&quot;1&quot;}\" data-image-title=\"DSCN8059\" data-image-description=\"\" data-medium-file=\"https:\/\/i0.wp.com\/genevieveetbernardauxameriques.fr\/wp-content\/uploads\/2017\/03\/DSCN8059.jpg?fit=300%2C225&#038;ssl=1\" data-large-file=\"https:\/\/i0.wp.com\/genevieveetbernardauxameriques.fr\/wp-content\/uploads\/2017\/03\/DSCN8059.jpg?fit=640%2C480&#038;ssl=1\" src=\"https:\/\/i0.wp.com\/genevieveetbernardauxameriques.fr\/wp-content\/uploads\/2017\/03\/DSCN8059.jpg?w=209&#038;h=157&#038;ssl=1\" srcset=\"https:\/\/i0.wp.com\/genevieveetbernardauxameriques.fr\/wp-content\/uploads\/2017\/03\/DSCN8059.jpg?w=720&amp;ssl=1 720w, https:\/\/i0.wp.com\/genevieveetbernardauxameriques.fr\/wp-content\/uploads\/2017\/03\/DSCN8059.jpg?resize=300%2C225&amp;ssl=1 300w\" width=\"209\" height=\"157\" loading=\"lazy\" data-original-width=\"209\" data-original-height=\"157\" itemprop=\"http:\/\/schema.org\/image\" title=\"DSCN8059\" alt=\"DSCN8059\" style=\"width: 209px; height: 157px;\" \/> <\/a> <\/div> <\/div> <!-- close group --> <\/div> <!-- close row --> <\/div>\n<p>Le sentier<\/p>\n<p><a href=\"https:\/\/i0.wp.com\/genevieveetbernardauxameriques.fr\/wp-content\/uploads\/2017\/03\/DSCN8038.jpg?ssl=1\"><img loading=\"lazy\" decoding=\"async\" data-attachment-id=\"16509\" data-permalink=\"https:\/\/genevieveetbernardauxameriques.fr\/index.php\/2017\/03\/15\/la-cote-pacifique-de-puerto-lopez-a-la-frontiere-colombienne\/dscn8038\/\" data-orig-file=\"https:\/\/i0.wp.com\/genevieveetbernardauxameriques.fr\/wp-content\/uploads\/2017\/03\/DSCN8038.jpg?fit=720%2C540&amp;ssl=1\" data-orig-size=\"720,540\" data-comments-opened=\"1\" data-image-meta=\"{&quot;aperture&quot;:&quot;2.8&quot;,&quot;credit&quot;:&quot;&quot;,&quot;camera&quot;:&quot;COOLPIX P900&quot;,&quot;caption&quot;:&quot;&quot;,&quot;created_timestamp&quot;:&quot;1488905053&quot;,&quot;copyright&quot;:&quot;&quot;,&quot;focal_length&quot;:&quot;4.3&quot;,&quot;iso&quot;:&quot;200&quot;,&quot;shutter_speed&quot;:&quot;0.033333333333333&quot;,&quot;title&quot;:&quot;&quot;,&quot;orientation&quot;:&quot;1&quot;}\" data-image-title=\"DSCN8038\" data-image-description=\"\" data-image-caption=\"\" data-medium-file=\"https:\/\/i0.wp.com\/genevieveetbernardauxameriques.fr\/wp-content\/uploads\/2017\/03\/DSCN8038.jpg?fit=300%2C225&amp;ssl=1\" data-large-file=\"https:\/\/i0.wp.com\/genevieveetbernardauxameriques.fr\/wp-content\/uploads\/2017\/03\/DSCN8038.jpg?fit=640%2C480&amp;ssl=1\" class=\"alignnone size-full wp-image-16509\" src=\"https:\/\/i0.wp.com\/genevieveetbernardauxameriques.fr\/wp-content\/uploads\/2017\/03\/DSCN8038.jpg?resize=640%2C480&#038;ssl=1\" alt=\"\" width=\"640\" height=\"480\" srcset=\"https:\/\/i0.wp.com\/genevieveetbernardauxameriques.fr\/wp-content\/uploads\/2017\/03\/DSCN8038.jpg?w=720&amp;ssl=1 720w, https:\/\/i0.wp.com\/genevieveetbernardauxameriques.fr\/wp-content\/uploads\/2017\/03\/DSCN8038.jpg?resize=300%2C225&amp;ssl=1 300w\" sizes=\"(max-width: 640px) 100vw, 640px\" data-recalc-dims=\"1\" \/><\/a><a href=\"https:\/\/i0.wp.com\/genevieveetbernardauxameriques.fr\/wp-content\/uploads\/2017\/03\/DSCN8033.jpg?ssl=1\"><img loading=\"lazy\" decoding=\"async\" data-attachment-id=\"16505\" data-permalink=\"https:\/\/genevieveetbernardauxameriques.fr\/index.php\/2017\/03\/15\/la-cote-pacifique-de-puerto-lopez-a-la-frontiere-colombienne\/dscn8033\/\" data-orig-file=\"https:\/\/i0.wp.com\/genevieveetbernardauxameriques.fr\/wp-content\/uploads\/2017\/03\/DSCN8033.jpg?fit=720%2C540&amp;ssl=1\" data-orig-size=\"720,540\" data-comments-opened=\"1\" data-image-meta=\"{&quot;aperture&quot;:&quot;2.8&quot;,&quot;credit&quot;:&quot;&quot;,&quot;camera&quot;:&quot;COOLPIX P900&quot;,&quot;caption&quot;:&quot;&quot;,&quot;created_timestamp&quot;:&quot;1488904600&quot;,&quot;copyright&quot;:&quot;&quot;,&quot;focal_length&quot;:&quot;5&quot;,&quot;iso&quot;:&quot;140&quot;,&quot;shutter_speed&quot;:&quot;0.033333333333333&quot;,&quot;title&quot;:&quot;&quot;,&quot;orientation&quot;:&quot;1&quot;}\" data-image-title=\"DSCN8033\" data-image-description=\"\" data-image-caption=\"\" data-medium-file=\"https:\/\/i0.wp.com\/genevieveetbernardauxameriques.fr\/wp-content\/uploads\/2017\/03\/DSCN8033.jpg?fit=300%2C225&amp;ssl=1\" data-large-file=\"https:\/\/i0.wp.com\/genevieveetbernardauxameriques.fr\/wp-content\/uploads\/2017\/03\/DSCN8033.jpg?fit=640%2C480&amp;ssl=1\" class=\"alignnone size-full wp-image-16505\" src=\"https:\/\/i0.wp.com\/genevieveetbernardauxameriques.fr\/wp-content\/uploads\/2017\/03\/DSCN8033.jpg?resize=640%2C480&#038;ssl=1\" alt=\"\" width=\"640\" height=\"480\" srcset=\"https:\/\/i0.wp.com\/genevieveetbernardauxameriques.fr\/wp-content\/uploads\/2017\/03\/DSCN8033.jpg?w=720&amp;ssl=1 720w, https:\/\/i0.wp.com\/genevieveetbernardauxameriques.fr\/wp-content\/uploads\/2017\/03\/DSCN8033.jpg?resize=300%2C225&amp;ssl=1 300w\" sizes=\"(max-width: 640px) 100vw, 640px\" data-recalc-dims=\"1\" \/><\/a><a href=\"https:\/\/i0.wp.com\/genevieveetbernardauxameriques.fr\/wp-content\/uploads\/2017\/03\/DSCN8052.jpg?ssl=1\"><img loading=\"lazy\" decoding=\"async\" data-attachment-id=\"16518\" data-permalink=\"https:\/\/genevieveetbernardauxameriques.fr\/index.php\/2017\/03\/15\/la-cote-pacifique-de-puerto-lopez-a-la-frontiere-colombienne\/dscn8052\/\" data-orig-file=\"https:\/\/i0.wp.com\/genevieveetbernardauxameriques.fr\/wp-content\/uploads\/2017\/03\/DSCN8052.jpg?fit=720%2C540&amp;ssl=1\" data-orig-size=\"720,540\" data-comments-opened=\"1\" data-image-meta=\"{&quot;aperture&quot;:&quot;2.8&quot;,&quot;credit&quot;:&quot;&quot;,&quot;camera&quot;:&quot;COOLPIX P900&quot;,&quot;caption&quot;:&quot;&quot;,&quot;created_timestamp&quot;:&quot;1488906851&quot;,&quot;copyright&quot;:&quot;&quot;,&quot;focal_length&quot;:&quot;4.3&quot;,&quot;iso&quot;:&quot;160&quot;,&quot;shutter_speed&quot;:&quot;0.033333333333333&quot;,&quot;title&quot;:&quot;&quot;,&quot;orientation&quot;:&quot;1&quot;}\" data-image-title=\"DSCN8052\" data-image-description=\"\" data-image-caption=\"\" data-medium-file=\"https:\/\/i0.wp.com\/genevieveetbernardauxameriques.fr\/wp-content\/uploads\/2017\/03\/DSCN8052.jpg?fit=300%2C225&amp;ssl=1\" data-large-file=\"https:\/\/i0.wp.com\/genevieveetbernardauxameriques.fr\/wp-content\/uploads\/2017\/03\/DSCN8052.jpg?fit=640%2C480&amp;ssl=1\" class=\"alignnone size-full wp-image-16518\" src=\"https:\/\/i0.wp.com\/genevieveetbernardauxameriques.fr\/wp-content\/uploads\/2017\/03\/DSCN8052.jpg?resize=640%2C480&#038;ssl=1\" alt=\"\" width=\"640\" height=\"480\" srcset=\"https:\/\/i0.wp.com\/genevieveetbernardauxameriques.fr\/wp-content\/uploads\/2017\/03\/DSCN8052.jpg?w=720&amp;ssl=1 720w, https:\/\/i0.wp.com\/genevieveetbernardauxameriques.fr\/wp-content\/uploads\/2017\/03\/DSCN8052.jpg?resize=300%2C225&amp;ssl=1 300w\" sizes=\"(max-width: 640px) 100vw, 640px\" data-recalc-dims=\"1\" \/><\/a><\/p>\n<p dir=\"ltr\">1er cascade Nambillo, arriv\u00e9e en bas il faut remonter et prendre un autre sentier pour voir les autres<\/p>\n<p dir=\"ltr\"><a href=\"https:\/\/i0.wp.com\/genevieveetbernardauxameriques.fr\/wp-content\/uploads\/2017\/03\/DSCN8042.jpg?ssl=1\"><img loading=\"lazy\" decoding=\"async\" data-attachment-id=\"16511\" data-permalink=\"https:\/\/genevieveetbernardauxameriques.fr\/index.php\/2017\/03\/15\/la-cote-pacifique-de-puerto-lopez-a-la-frontiere-colombienne\/dscn8042\/\" data-orig-file=\"https:\/\/i0.wp.com\/genevieveetbernardauxameriques.fr\/wp-content\/uploads\/2017\/03\/DSCN8042.jpg?fit=720%2C540&amp;ssl=1\" data-orig-size=\"720,540\" data-comments-opened=\"1\" data-image-meta=\"{&quot;aperture&quot;:&quot;2.8&quot;,&quot;credit&quot;:&quot;&quot;,&quot;camera&quot;:&quot;COOLPIX P900&quot;,&quot;caption&quot;:&quot;&quot;,&quot;created_timestamp&quot;:&quot;1488905402&quot;,&quot;copyright&quot;:&quot;&quot;,&quot;focal_length&quot;:&quot;4.3&quot;,&quot;iso&quot;:&quot;100&quot;,&quot;shutter_speed&quot;:&quot;0.01&quot;,&quot;title&quot;:&quot;&quot;,&quot;orientation&quot;:&quot;1&quot;}\" data-image-title=\"DSCN8042\" data-image-description=\"\" data-image-caption=\"\" data-medium-file=\"https:\/\/i0.wp.com\/genevieveetbernardauxameriques.fr\/wp-content\/uploads\/2017\/03\/DSCN8042.jpg?fit=300%2C225&amp;ssl=1\" data-large-file=\"https:\/\/i0.wp.com\/genevieveetbernardauxameriques.fr\/wp-content\/uploads\/2017\/03\/DSCN8042.jpg?fit=640%2C480&amp;ssl=1\" class=\"alignnone size-full wp-image-16511\" src=\"https:\/\/i0.wp.com\/genevieveetbernardauxameriques.fr\/wp-content\/uploads\/2017\/03\/DSCN8042.jpg?resize=640%2C480&#038;ssl=1\" alt=\"\" width=\"640\" height=\"480\" srcset=\"https:\/\/i0.wp.com\/genevieveetbernardauxameriques.fr\/wp-content\/uploads\/2017\/03\/DSCN8042.jpg?w=720&amp;ssl=1 720w, https:\/\/i0.wp.com\/genevieveetbernardauxameriques.fr\/wp-content\/uploads\/2017\/03\/DSCN8042.jpg?resize=300%2C225&amp;ssl=1 300w\" sizes=\"(max-width: 640px) 100vw, 640px\" data-recalc-dims=\"1\" \/><\/a><\/p>\n<p dir=\"ltr\">Je ne ferais que les 2 premi\u00e8res. Je suis seule et cela glisse un peu<\/p>\n<p dir=\"ltr\">La cascade Ondinas<\/p>\n<p dir=\"ltr\"><a href=\"https:\/\/i0.wp.com\/genevieveetbernardauxameriques.fr\/wp-content\/uploads\/2017\/03\/DSCN8061.jpg?ssl=1\"><img loading=\"lazy\" decoding=\"async\" data-attachment-id=\"16524\" data-permalink=\"https:\/\/genevieveetbernardauxameriques.fr\/index.php\/2017\/03\/15\/la-cote-pacifique-de-puerto-lopez-a-la-frontiere-colombienne\/dscn8061\/\" data-orig-file=\"https:\/\/i0.wp.com\/genevieveetbernardauxameriques.fr\/wp-content\/uploads\/2017\/03\/DSCN8061.jpg?fit=720%2C540&amp;ssl=1\" data-orig-size=\"720,540\" data-comments-opened=\"1\" data-image-meta=\"{&quot;aperture&quot;:&quot;2.8&quot;,&quot;credit&quot;:&quot;&quot;,&quot;camera&quot;:&quot;COOLPIX P900&quot;,&quot;caption&quot;:&quot;&quot;,&quot;created_timestamp&quot;:&quot;1488907950&quot;,&quot;copyright&quot;:&quot;&quot;,&quot;focal_length&quot;:&quot;4.3&quot;,&quot;iso&quot;:&quot;100&quot;,&quot;shutter_speed&quot;:&quot;0.0125&quot;,&quot;title&quot;:&quot;&quot;,&quot;orientation&quot;:&quot;1&quot;}\" data-image-title=\"DSCN8061\" data-image-description=\"\" data-image-caption=\"\" data-medium-file=\"https:\/\/i0.wp.com\/genevieveetbernardauxameriques.fr\/wp-content\/uploads\/2017\/03\/DSCN8061.jpg?fit=300%2C225&amp;ssl=1\" data-large-file=\"https:\/\/i0.wp.com\/genevieveetbernardauxameriques.fr\/wp-content\/uploads\/2017\/03\/DSCN8061.jpg?fit=640%2C480&amp;ssl=1\" class=\"alignnone size-full wp-image-16524\" src=\"https:\/\/i0.wp.com\/genevieveetbernardauxameriques.fr\/wp-content\/uploads\/2017\/03\/DSCN8061.jpg?resize=640%2C480&#038;ssl=1\" alt=\"\" width=\"640\" height=\"480\" srcset=\"https:\/\/i0.wp.com\/genevieveetbernardauxameriques.fr\/wp-content\/uploads\/2017\/03\/DSCN8061.jpg?w=720&amp;ssl=1 720w, https:\/\/i0.wp.com\/genevieveetbernardauxameriques.fr\/wp-content\/uploads\/2017\/03\/DSCN8061.jpg?resize=300%2C225&amp;ssl=1 300w\" sizes=\"(max-width: 640px) 100vw, 640px\" data-recalc-dims=\"1\" \/><\/a><a href=\"https:\/\/i0.wp.com\/genevieveetbernardauxameriques.fr\/wp-content\/uploads\/2017\/03\/DSCN8065.jpg?ssl=1\"><img loading=\"lazy\" decoding=\"async\" data-attachment-id=\"16525\" data-permalink=\"https:\/\/genevieveetbernardauxameriques.fr\/index.php\/2017\/03\/15\/la-cote-pacifique-de-puerto-lopez-a-la-frontiere-colombienne\/dscn8065\/\" data-orig-file=\"https:\/\/i0.wp.com\/genevieveetbernardauxameriques.fr\/wp-content\/uploads\/2017\/03\/DSCN8065.jpg?fit=720%2C540&amp;ssl=1\" data-orig-size=\"720,540\" data-comments-opened=\"1\" data-image-meta=\"{&quot;aperture&quot;:&quot;2.8&quot;,&quot;credit&quot;:&quot;&quot;,&quot;camera&quot;:&quot;COOLPIX P900&quot;,&quot;caption&quot;:&quot;&quot;,&quot;created_timestamp&quot;:&quot;1488908151&quot;,&quot;copyright&quot;:&quot;&quot;,&quot;focal_length&quot;:&quot;4.3&quot;,&quot;iso&quot;:&quot;100&quot;,&quot;shutter_speed&quot;:&quot;0.0125&quot;,&quot;title&quot;:&quot;&quot;,&quot;orientation&quot;:&quot;1&quot;}\" data-image-title=\"DSCN8065\" data-image-description=\"\" data-image-caption=\"\" data-medium-file=\"https:\/\/i0.wp.com\/genevieveetbernardauxameriques.fr\/wp-content\/uploads\/2017\/03\/DSCN8065.jpg?fit=300%2C225&amp;ssl=1\" data-large-file=\"https:\/\/i0.wp.com\/genevieveetbernardauxameriques.fr\/wp-content\/uploads\/2017\/03\/DSCN8065.jpg?fit=640%2C480&amp;ssl=1\" class=\"alignnone size-full wp-image-16525\" src=\"https:\/\/i0.wp.com\/genevieveetbernardauxameriques.fr\/wp-content\/uploads\/2017\/03\/DSCN8065.jpg?resize=640%2C480&#038;ssl=1\" alt=\"\" width=\"640\" height=\"480\" srcset=\"https:\/\/i0.wp.com\/genevieveetbernardauxameriques.fr\/wp-content\/uploads\/2017\/03\/DSCN8065.jpg?w=720&amp;ssl=1 720w, https:\/\/i0.wp.com\/genevieveetbernardauxameriques.fr\/wp-content\/uploads\/2017\/03\/DSCN8065.jpg?resize=300%2C225&amp;ssl=1 300w\" sizes=\"(max-width: 640px) 100vw, 640px\" data-recalc-dims=\"1\" \/><\/a><\/p>\n<p dir=\"ltr\">La cascade Guarilinos<\/p>\n<p dir=\"ltr\"><a href=\"https:\/\/i0.wp.com\/genevieveetbernardauxameriques.fr\/wp-content\/uploads\/2017\/03\/DSCN8067.jpg?ssl=1\"><img loading=\"lazy\" decoding=\"async\" data-attachment-id=\"16527\" data-permalink=\"https:\/\/genevieveetbernardauxameriques.fr\/index.php\/2017\/03\/15\/la-cote-pacifique-de-puerto-lopez-a-la-frontiere-colombienne\/dscn8067\/\" data-orig-file=\"https:\/\/i0.wp.com\/genevieveetbernardauxameriques.fr\/wp-content\/uploads\/2017\/03\/DSCN8067.jpg?fit=720%2C540&amp;ssl=1\" data-orig-size=\"720,540\" data-comments-opened=\"1\" data-image-meta=\"{&quot;aperture&quot;:&quot;2.8&quot;,&quot;credit&quot;:&quot;&quot;,&quot;camera&quot;:&quot;COOLPIX P900&quot;,&quot;caption&quot;:&quot;&quot;,&quot;created_timestamp&quot;:&quot;1488908483&quot;,&quot;copyright&quot;:&quot;&quot;,&quot;focal_length&quot;:&quot;4.3&quot;,&quot;iso&quot;:&quot;125&quot;,&quot;shutter_speed&quot;:&quot;0.033333333333333&quot;,&quot;title&quot;:&quot;&quot;,&quot;orientation&quot;:&quot;1&quot;}\" data-image-title=\"DSCN8067\" data-image-description=\"\" data-image-caption=\"\" data-medium-file=\"https:\/\/i0.wp.com\/genevieveetbernardauxameriques.fr\/wp-content\/uploads\/2017\/03\/DSCN8067.jpg?fit=300%2C225&amp;ssl=1\" data-large-file=\"https:\/\/i0.wp.com\/genevieveetbernardauxameriques.fr\/wp-content\/uploads\/2017\/03\/DSCN8067.jpg?fit=640%2C480&amp;ssl=1\" class=\"alignnone size-full wp-image-16527\" src=\"https:\/\/i0.wp.com\/genevieveetbernardauxameriques.fr\/wp-content\/uploads\/2017\/03\/DSCN8067.jpg?resize=640%2C480&#038;ssl=1\" alt=\"\" width=\"640\" height=\"480\" srcset=\"https:\/\/i0.wp.com\/genevieveetbernardauxameriques.fr\/wp-content\/uploads\/2017\/03\/DSCN8067.jpg?w=720&amp;ssl=1 720w, https:\/\/i0.wp.com\/genevieveetbernardauxameriques.fr\/wp-content\/uploads\/2017\/03\/DSCN8067.jpg?resize=300%2C225&amp;ssl=1 300w\" sizes=\"(max-width: 640px) 100vw, 640px\" data-recalc-dims=\"1\" \/><\/a><\/p>\n<p dir=\"ltr\">Je rentre vers 11 h et nous partons pour voir une ferme aux papillons qui est situ\u00e9e dans un h\u00f4tel. Il pleut maintenant. On commence \u00e0 en avoir un peu marre de cette pluie. Mais les papillons sont dans une serre, nous sommes \u00e0 l&rsquo;abri.<\/p>\n<p dir=\"ltr\"><a href=\"https:\/\/i0.wp.com\/genevieveetbernardauxameriques.fr\/wp-content\/uploads\/2017\/03\/DSCN8085.jpg?ssl=1\"><img loading=\"lazy\" decoding=\"async\" data-attachment-id=\"16536\" data-permalink=\"https:\/\/genevieveetbernardauxameriques.fr\/index.php\/2017\/03\/15\/la-cote-pacifique-de-puerto-lopez-a-la-frontiere-colombienne\/dscn8085\/\" data-orig-file=\"https:\/\/i0.wp.com\/genevieveetbernardauxameriques.fr\/wp-content\/uploads\/2017\/03\/DSCN8085.jpg?fit=720%2C540&amp;ssl=1\" data-orig-size=\"720,540\" data-comments-opened=\"1\" data-image-meta=\"{&quot;aperture&quot;:&quot;4&quot;,&quot;credit&quot;:&quot;&quot;,&quot;camera&quot;:&quot;COOLPIX P900&quot;,&quot;caption&quot;:&quot;&quot;,&quot;created_timestamp&quot;:&quot;1488913697&quot;,&quot;copyright&quot;:&quot;&quot;,&quot;focal_length&quot;:&quot;15.2&quot;,&quot;iso&quot;:&quot;400&quot;,&quot;shutter_speed&quot;:&quot;0.04&quot;,&quot;title&quot;:&quot;&quot;,&quot;orientation&quot;:&quot;1&quot;}\" data-image-title=\"DSCN8085\" data-image-description=\"\" data-image-caption=\"\" data-medium-file=\"https:\/\/i0.wp.com\/genevieveetbernardauxameriques.fr\/wp-content\/uploads\/2017\/03\/DSCN8085.jpg?fit=300%2C225&amp;ssl=1\" data-large-file=\"https:\/\/i0.wp.com\/genevieveetbernardauxameriques.fr\/wp-content\/uploads\/2017\/03\/DSCN8085.jpg?fit=640%2C480&amp;ssl=1\" class=\"alignnone size-full wp-image-16536\" src=\"https:\/\/i0.wp.com\/genevieveetbernardauxameriques.fr\/wp-content\/uploads\/2017\/03\/DSCN8085.jpg?resize=640%2C480&#038;ssl=1\" alt=\"\" width=\"640\" height=\"480\" srcset=\"https:\/\/i0.wp.com\/genevieveetbernardauxameriques.fr\/wp-content\/uploads\/2017\/03\/DSCN8085.jpg?w=720&amp;ssl=1 720w, https:\/\/i0.wp.com\/genevieveetbernardauxameriques.fr\/wp-content\/uploads\/2017\/03\/DSCN8085.jpg?resize=300%2C225&amp;ssl=1 300w\" sizes=\"(max-width: 640px) 100vw, 640px\" data-recalc-dims=\"1\" \/><\/a> <a href=\"https:\/\/i0.wp.com\/genevieveetbernardauxameriques.fr\/wp-content\/uploads\/2017\/03\/DSCN8087.jpg?ssl=1\"><img loading=\"lazy\" decoding=\"async\" data-attachment-id=\"16537\" data-permalink=\"https:\/\/genevieveetbernardauxameriques.fr\/index.php\/2017\/03\/15\/la-cote-pacifique-de-puerto-lopez-a-la-frontiere-colombienne\/dscn8087\/\" data-orig-file=\"https:\/\/i0.wp.com\/genevieveetbernardauxameriques.fr\/wp-content\/uploads\/2017\/03\/DSCN8087.jpg?fit=720%2C540&amp;ssl=1\" data-orig-size=\"720,540\" data-comments-opened=\"1\" data-image-meta=\"{&quot;aperture&quot;:&quot;4&quot;,&quot;credit&quot;:&quot;&quot;,&quot;camera&quot;:&quot;COOLPIX P900&quot;,&quot;caption&quot;:&quot;&quot;,&quot;created_timestamp&quot;:&quot;1488913795&quot;,&quot;copyright&quot;:&quot;&quot;,&quot;focal_length&quot;:&quot;17&quot;,&quot;iso&quot;:&quot;400&quot;,&quot;shutter_speed&quot;:&quot;0.02&quot;,&quot;title&quot;:&quot;&quot;,&quot;orientation&quot;:&quot;1&quot;}\" data-image-title=\"DSCN8087\" data-image-description=\"\" data-image-caption=\"\" data-medium-file=\"https:\/\/i0.wp.com\/genevieveetbernardauxameriques.fr\/wp-content\/uploads\/2017\/03\/DSCN8087.jpg?fit=300%2C225&amp;ssl=1\" data-large-file=\"https:\/\/i0.wp.com\/genevieveetbernardauxameriques.fr\/wp-content\/uploads\/2017\/03\/DSCN8087.jpg?fit=640%2C480&amp;ssl=1\" class=\"alignnone size-full wp-image-16537\" src=\"https:\/\/i0.wp.com\/genevieveetbernardauxameriques.fr\/wp-content\/uploads\/2017\/03\/DSCN8087.jpg?resize=640%2C480&#038;ssl=1\" alt=\"\" width=\"640\" height=\"480\" srcset=\"https:\/\/i0.wp.com\/genevieveetbernardauxameriques.fr\/wp-content\/uploads\/2017\/03\/DSCN8087.jpg?w=720&amp;ssl=1 720w, https:\/\/i0.wp.com\/genevieveetbernardauxameriques.fr\/wp-content\/uploads\/2017\/03\/DSCN8087.jpg?resize=300%2C225&amp;ssl=1 300w\" sizes=\"(max-width: 640px) 100vw, 640px\" data-recalc-dims=\"1\" \/><\/a> <a href=\"https:\/\/i0.wp.com\/genevieveetbernardauxameriques.fr\/wp-content\/uploads\/2017\/03\/DSCN8090.jpg?ssl=1\"><img loading=\"lazy\" decoding=\"async\" data-attachment-id=\"16539\" data-permalink=\"https:\/\/genevieveetbernardauxameriques.fr\/index.php\/2017\/03\/15\/la-cote-pacifique-de-puerto-lopez-a-la-frontiere-colombienne\/dscn8090\/\" data-orig-file=\"https:\/\/i0.wp.com\/genevieveetbernardauxameriques.fr\/wp-content\/uploads\/2017\/03\/DSCN8090.jpg?fit=720%2C540&amp;ssl=1\" data-orig-size=\"720,540\" data-comments-opened=\"1\" data-image-meta=\"{&quot;aperture&quot;:&quot;3.5&quot;,&quot;credit&quot;:&quot;&quot;,&quot;camera&quot;:&quot;COOLPIX P900&quot;,&quot;caption&quot;:&quot;&quot;,&quot;created_timestamp&quot;:&quot;1488913861&quot;,&quot;copyright&quot;:&quot;&quot;,&quot;focal_length&quot;:&quot;14.3&quot;,&quot;iso&quot;:&quot;400&quot;,&quot;shutter_speed&quot;:&quot;0.04&quot;,&quot;title&quot;:&quot;&quot;,&quot;orientation&quot;:&quot;1&quot;}\" data-image-title=\"DSCN8090\" data-image-description=\"\" data-image-caption=\"\" data-medium-file=\"https:\/\/i0.wp.com\/genevieveetbernardauxameriques.fr\/wp-content\/uploads\/2017\/03\/DSCN8090.jpg?fit=300%2C225&amp;ssl=1\" data-large-file=\"https:\/\/i0.wp.com\/genevieveetbernardauxameriques.fr\/wp-content\/uploads\/2017\/03\/DSCN8090.jpg?fit=640%2C480&amp;ssl=1\" class=\"alignnone size-full wp-image-16539\" src=\"https:\/\/i0.wp.com\/genevieveetbernardauxameriques.fr\/wp-content\/uploads\/2017\/03\/DSCN8090.jpg?resize=640%2C480&#038;ssl=1\" alt=\"\" width=\"640\" height=\"480\" srcset=\"https:\/\/i0.wp.com\/genevieveetbernardauxameriques.fr\/wp-content\/uploads\/2017\/03\/DSCN8090.jpg?w=720&amp;ssl=1 720w, https:\/\/i0.wp.com\/genevieveetbernardauxameriques.fr\/wp-content\/uploads\/2017\/03\/DSCN8090.jpg?resize=300%2C225&amp;ssl=1 300w\" sizes=\"(max-width: 640px) 100vw, 640px\" data-recalc-dims=\"1\" \/><\/a> <a href=\"https:\/\/i0.wp.com\/genevieveetbernardauxameriques.fr\/wp-content\/uploads\/2017\/03\/DSCN8099.jpg?ssl=1\"><img loading=\"lazy\" decoding=\"async\" data-attachment-id=\"16540\" data-permalink=\"https:\/\/genevieveetbernardauxameriques.fr\/index.php\/2017\/03\/15\/la-cote-pacifique-de-puerto-lopez-a-la-frontiere-colombienne\/dscn8099\/\" data-orig-file=\"https:\/\/i0.wp.com\/genevieveetbernardauxameriques.fr\/wp-content\/uploads\/2017\/03\/DSCN8099.jpg?fit=720%2C540&amp;ssl=1\" data-orig-size=\"720,540\" data-comments-opened=\"1\" data-image-meta=\"{&quot;aperture&quot;:&quot;3.2&quot;,&quot;credit&quot;:&quot;&quot;,&quot;camera&quot;:&quot;COOLPIX P900&quot;,&quot;caption&quot;:&quot;&quot;,&quot;created_timestamp&quot;:&quot;1488914195&quot;,&quot;copyright&quot;:&quot;&quot;,&quot;focal_length&quot;:&quot;7.1&quot;,&quot;iso&quot;:&quot;140&quot;,&quot;shutter_speed&quot;:&quot;0.033333333333333&quot;,&quot;title&quot;:&quot;&quot;,&quot;orientation&quot;:&quot;1&quot;}\" data-image-title=\"DSCN8099\" data-image-description=\"\" data-image-caption=\"\" data-medium-file=\"https:\/\/i0.wp.com\/genevieveetbernardauxameriques.fr\/wp-content\/uploads\/2017\/03\/DSCN8099.jpg?fit=300%2C225&amp;ssl=1\" data-large-file=\"https:\/\/i0.wp.com\/genevieveetbernardauxameriques.fr\/wp-content\/uploads\/2017\/03\/DSCN8099.jpg?fit=640%2C480&amp;ssl=1\" class=\"alignnone size-full wp-image-16540\" src=\"https:\/\/i0.wp.com\/genevieveetbernardauxameriques.fr\/wp-content\/uploads\/2017\/03\/DSCN8099.jpg?resize=640%2C480&#038;ssl=1\" alt=\"\" width=\"640\" height=\"480\" srcset=\"https:\/\/i0.wp.com\/genevieveetbernardauxameriques.fr\/wp-content\/uploads\/2017\/03\/DSCN8099.jpg?w=720&amp;ssl=1 720w, https:\/\/i0.wp.com\/genevieveetbernardauxameriques.fr\/wp-content\/uploads\/2017\/03\/DSCN8099.jpg?resize=300%2C225&amp;ssl=1 300w\" sizes=\"(max-width: 640px) 100vw, 640px\" data-recalc-dims=\"1\" \/><\/a> <a href=\"https:\/\/i0.wp.com\/genevieveetbernardauxameriques.fr\/wp-content\/uploads\/2017\/03\/DSCN8114.jpg?ssl=1\"><img loading=\"lazy\" decoding=\"async\" data-attachment-id=\"16551\" data-permalink=\"https:\/\/genevieveetbernardauxameriques.fr\/index.php\/2017\/03\/15\/la-cote-pacifique-de-puerto-lopez-a-la-frontiere-colombienne\/dscn8114\/\" data-orig-file=\"https:\/\/i0.wp.com\/genevieveetbernardauxameriques.fr\/wp-content\/uploads\/2017\/03\/DSCN8114.jpg?fit=720%2C540&amp;ssl=1\" data-orig-size=\"720,540\" data-comments-opened=\"1\" data-image-meta=\"{&quot;aperture&quot;:&quot;3.5&quot;,&quot;credit&quot;:&quot;&quot;,&quot;camera&quot;:&quot;COOLPIX P900&quot;,&quot;caption&quot;:&quot;&quot;,&quot;created_timestamp&quot;:&quot;1488914792&quot;,&quot;copyright&quot;:&quot;&quot;,&quot;focal_length&quot;:&quot;10.7&quot;,&quot;iso&quot;:&quot;100&quot;,&quot;shutter_speed&quot;:&quot;0.033333333333333&quot;,&quot;title&quot;:&quot;&quot;,&quot;orientation&quot;:&quot;1&quot;}\" data-image-title=\"DSCN8114\" data-image-description=\"\" data-image-caption=\"\" data-medium-file=\"https:\/\/i0.wp.com\/genevieveetbernardauxameriques.fr\/wp-content\/uploads\/2017\/03\/DSCN8114.jpg?fit=300%2C225&amp;ssl=1\" data-large-file=\"https:\/\/i0.wp.com\/genevieveetbernardauxameriques.fr\/wp-content\/uploads\/2017\/03\/DSCN8114.jpg?fit=640%2C480&amp;ssl=1\" class=\"alignnone size-full wp-image-16551\" src=\"https:\/\/i0.wp.com\/genevieveetbernardauxameriques.fr\/wp-content\/uploads\/2017\/03\/DSCN8114.jpg?resize=640%2C480&#038;ssl=1\" alt=\"\" width=\"640\" height=\"480\" srcset=\"https:\/\/i0.wp.com\/genevieveetbernardauxameriques.fr\/wp-content\/uploads\/2017\/03\/DSCN8114.jpg?w=720&amp;ssl=1 720w, https:\/\/i0.wp.com\/genevieveetbernardauxameriques.fr\/wp-content\/uploads\/2017\/03\/DSCN8114.jpg?resize=300%2C225&amp;ssl=1 300w\" sizes=\"(max-width: 640px) 100vw, 640px\" data-recalc-dims=\"1\" \/><\/a> <a href=\"https:\/\/i0.wp.com\/genevieveetbernardauxameriques.fr\/wp-content\/uploads\/2017\/03\/DSCN8119-e1489374858724.jpg?ssl=1\"><img loading=\"lazy\" decoding=\"async\" data-attachment-id=\"16553\" data-permalink=\"https:\/\/genevieveetbernardauxameriques.fr\/index.php\/2017\/03\/15\/la-cote-pacifique-de-puerto-lopez-a-la-frontiere-colombienne\/dscn8119\/\" data-orig-file=\"https:\/\/i0.wp.com\/genevieveetbernardauxameriques.fr\/wp-content\/uploads\/2017\/03\/DSCN8119-e1489374858724.jpg?fit=478%2C505&amp;ssl=1\" data-orig-size=\"478,505\" data-comments-opened=\"1\" data-image-meta=\"{&quot;aperture&quot;:&quot;4.5&quot;,&quot;credit&quot;:&quot;&quot;,&quot;camera&quot;:&quot;COOLPIX P900&quot;,&quot;caption&quot;:&quot;&quot;,&quot;created_timestamp&quot;:&quot;1488914905&quot;,&quot;copyright&quot;:&quot;&quot;,&quot;focal_length&quot;:&quot;30.3&quot;,&quot;iso&quot;:&quot;400&quot;,&quot;shutter_speed&quot;:&quot;0.02&quot;,&quot;title&quot;:&quot;&quot;,&quot;orientation&quot;:&quot;1&quot;}\" data-image-title=\"DSCN8119\" data-image-description=\"\" data-image-caption=\"\" data-medium-file=\"https:\/\/i0.wp.com\/genevieveetbernardauxameriques.fr\/wp-content\/uploads\/2017\/03\/DSCN8119-e1489374858724.jpg?fit=284%2C300&amp;ssl=1\" data-large-file=\"https:\/\/i0.wp.com\/genevieveetbernardauxameriques.fr\/wp-content\/uploads\/2017\/03\/DSCN8119-e1489374858724.jpg?fit=478%2C505&amp;ssl=1\" class=\"size-full wp-image-16553 aligncenter\" src=\"https:\/\/i0.wp.com\/genevieveetbernardauxameriques.fr\/wp-content\/uploads\/2017\/03\/DSCN8119-e1489374858724.jpg?resize=478%2C505&#038;ssl=1\" alt=\"\" width=\"478\" height=\"505\" srcset=\"https:\/\/i0.wp.com\/genevieveetbernardauxameriques.fr\/wp-content\/uploads\/2017\/03\/DSCN8119-e1489374858724.jpg?w=478&amp;ssl=1 478w, https:\/\/i0.wp.com\/genevieveetbernardauxameriques.fr\/wp-content\/uploads\/2017\/03\/DSCN8119-e1489374858724.jpg?resize=284%2C300&amp;ssl=1 284w\" sizes=\"(max-width: 478px) 100vw, 478px\" data-recalc-dims=\"1\" \/><\/a><\/p>\n<p dir=\"ltr\">C&rsquo;est mon pr\u00e9f\u00e9r\u00e9, il est transparent :<\/p>\n<\/div>\n<p dir=\"ltr\"><a href=\"https:\/\/i0.wp.com\/genevieveetbernardauxameriques.fr\/wp-content\/uploads\/2017\/03\/DSCN8127.jpg?ssl=1\"><img loading=\"lazy\" decoding=\"async\" data-attachment-id=\"16555\" data-permalink=\"https:\/\/genevieveetbernardauxameriques.fr\/index.php\/2017\/03\/15\/la-cote-pacifique-de-puerto-lopez-a-la-frontiere-colombienne\/dscn8127\/\" data-orig-file=\"https:\/\/i0.wp.com\/genevieveetbernardauxameriques.fr\/wp-content\/uploads\/2017\/03\/DSCN8127.jpg?fit=720%2C540&amp;ssl=1\" data-orig-size=\"720,540\" data-comments-opened=\"1\" data-image-meta=\"{&quot;aperture&quot;:&quot;4&quot;,&quot;credit&quot;:&quot;&quot;,&quot;camera&quot;:&quot;COOLPIX P900&quot;,&quot;caption&quot;:&quot;&quot;,&quot;created_timestamp&quot;:&quot;1488915196&quot;,&quot;copyright&quot;:&quot;&quot;,&quot;focal_length&quot;:&quot;20.5&quot;,&quot;iso&quot;:&quot;280&quot;,&quot;shutter_speed&quot;:&quot;0.016666666666667&quot;,&quot;title&quot;:&quot;&quot;,&quot;orientation&quot;:&quot;1&quot;}\" data-image-title=\"DSCN8127\" data-image-description=\"\" data-image-caption=\"\" data-medium-file=\"https:\/\/i0.wp.com\/genevieveetbernardauxameriques.fr\/wp-content\/uploads\/2017\/03\/DSCN8127.jpg?fit=300%2C225&amp;ssl=1\" data-large-file=\"https:\/\/i0.wp.com\/genevieveetbernardauxameriques.fr\/wp-content\/uploads\/2017\/03\/DSCN8127.jpg?fit=640%2C480&amp;ssl=1\" class=\"alignnone size-full wp-image-16555\" src=\"https:\/\/i0.wp.com\/genevieveetbernardauxameriques.fr\/wp-content\/uploads\/2017\/03\/DSCN8127.jpg?resize=640%2C480&#038;ssl=1\" alt=\"\" width=\"640\" height=\"480\" srcset=\"https:\/\/i0.wp.com\/genevieveetbernardauxameriques.fr\/wp-content\/uploads\/2017\/03\/DSCN8127.jpg?w=720&amp;ssl=1 720w, https:\/\/i0.wp.com\/genevieveetbernardauxameriques.fr\/wp-content\/uploads\/2017\/03\/DSCN8127.jpg?resize=300%2C225&amp;ssl=1 300w\" sizes=\"(max-width: 640px) 100vw, 640px\" data-recalc-dims=\"1\" \/><\/a><img loading=\"lazy\" decoding=\"async\" data-attachment-id=\"16552\" data-permalink=\"https:\/\/genevieveetbernardauxameriques.fr\/index.php\/2017\/03\/15\/la-cote-pacifique-de-puerto-lopez-a-la-frontiere-colombienne\/dscn8117\/\" data-orig-file=\"https:\/\/i0.wp.com\/genevieveetbernardauxameriques.fr\/wp-content\/uploads\/2017\/03\/DSCN8117-e1489274828675.jpg?fit=505%2C298&amp;ssl=1\" data-orig-size=\"505,298\" data-comments-opened=\"1\" data-image-meta=\"{&quot;aperture&quot;:&quot;4.5&quot;,&quot;credit&quot;:&quot;&quot;,&quot;camera&quot;:&quot;COOLPIX P900&quot;,&quot;caption&quot;:&quot;&quot;,&quot;created_timestamp&quot;:&quot;1488914853&quot;,&quot;copyright&quot;:&quot;&quot;,&quot;focal_length&quot;:&quot;30.3&quot;,&quot;iso&quot;:&quot;180&quot;,&quot;shutter_speed&quot;:&quot;0.016666666666667&quot;,&quot;title&quot;:&quot;&quot;,&quot;orientation&quot;:&quot;1&quot;}\" data-image-title=\"DSCN8117\" data-image-description=\"\" data-image-caption=\"\" data-medium-file=\"https:\/\/i0.wp.com\/genevieveetbernardauxameriques.fr\/wp-content\/uploads\/2017\/03\/DSCN8117-e1489274828675.jpg?fit=300%2C177&amp;ssl=1\" data-large-file=\"https:\/\/i0.wp.com\/genevieveetbernardauxameriques.fr\/wp-content\/uploads\/2017\/03\/DSCN8117-e1489274828675.jpg?fit=505%2C298&amp;ssl=1\" class=\"size-full wp-image-16552 aligncenter\" src=\"https:\/\/i0.wp.com\/genevieveetbernardauxameriques.fr\/wp-content\/uploads\/2017\/03\/DSCN8117-e1489274828675.jpg?resize=505%2C298&#038;ssl=1\" alt=\"\" width=\"505\" height=\"298\" srcset=\"https:\/\/i0.wp.com\/genevieveetbernardauxameriques.fr\/wp-content\/uploads\/2017\/03\/DSCN8117-e1489274828675.jpg?w=505&amp;ssl=1 505w, https:\/\/i0.wp.com\/genevieveetbernardauxameriques.fr\/wp-content\/uploads\/2017\/03\/DSCN8117-e1489274828675.jpg?resize=300%2C177&amp;ssl=1 300w\" sizes=\"(max-width: 505px) 100vw, 505px\" data-recalc-dims=\"1\" \/><\/p>\n<p dir=\"ltr\"><img loading=\"lazy\" decoding=\"async\" data-attachment-id=\"16564\" data-permalink=\"https:\/\/genevieveetbernardauxameriques.fr\/index.php\/2017\/03\/15\/la-cote-pacifique-de-puerto-lopez-a-la-frontiere-colombienne\/dscn8153\/\" data-orig-file=\"https:\/\/i0.wp.com\/genevieveetbernardauxameriques.fr\/wp-content\/uploads\/2017\/03\/DSCN8153.jpg?fit=720%2C540&amp;ssl=1\" data-orig-size=\"720,540\" data-comments-opened=\"1\" data-image-meta=\"{&quot;aperture&quot;:&quot;3.2&quot;,&quot;credit&quot;:&quot;&quot;,&quot;camera&quot;:&quot;COOLPIX P900&quot;,&quot;caption&quot;:&quot;&quot;,&quot;created_timestamp&quot;:&quot;1488915669&quot;,&quot;copyright&quot;:&quot;&quot;,&quot;focal_length&quot;:&quot;7.7&quot;,&quot;iso&quot;:&quot;100&quot;,&quot;shutter_speed&quot;:&quot;0.02&quot;,&quot;title&quot;:&quot;&quot;,&quot;orientation&quot;:&quot;1&quot;}\" data-image-title=\"DSCN8153\" data-image-description=\"\" data-image-caption=\"\" data-medium-file=\"https:\/\/i0.wp.com\/genevieveetbernardauxameriques.fr\/wp-content\/uploads\/2017\/03\/DSCN8153.jpg?fit=300%2C225&amp;ssl=1\" data-large-file=\"https:\/\/i0.wp.com\/genevieveetbernardauxameriques.fr\/wp-content\/uploads\/2017\/03\/DSCN8153.jpg?fit=640%2C480&amp;ssl=1\" class=\"alignnone size-full wp-image-16564\" src=\"https:\/\/i0.wp.com\/genevieveetbernardauxameriques.fr\/wp-content\/uploads\/2017\/03\/DSCN8153.jpg?resize=640%2C480&#038;ssl=1\" alt=\"\" width=\"640\" height=\"480\" srcset=\"https:\/\/i0.wp.com\/genevieveetbernardauxameriques.fr\/wp-content\/uploads\/2017\/03\/DSCN8153.jpg?w=720&amp;ssl=1 720w, https:\/\/i0.wp.com\/genevieveetbernardauxameriques.fr\/wp-content\/uploads\/2017\/03\/DSCN8153.jpg?resize=300%2C225&amp;ssl=1 300w\" sizes=\"(max-width: 640px) 100vw, 640px\" data-recalc-dims=\"1\" \/><\/p>\n<p dir=\"ltr\"><a href=\"https:\/\/i0.wp.com\/genevieveetbernardauxameriques.fr\/wp-content\/uploads\/2017\/03\/DSCN8128.jpg?ssl=1\"><img loading=\"lazy\" decoding=\"async\" data-attachment-id=\"16556\" data-permalink=\"https:\/\/genevieveetbernardauxameriques.fr\/index.php\/2017\/03\/15\/la-cote-pacifique-de-puerto-lopez-a-la-frontiere-colombienne\/dscn8128\/\" data-orig-file=\"https:\/\/i0.wp.com\/genevieveetbernardauxameriques.fr\/wp-content\/uploads\/2017\/03\/DSCN8128.jpg?fit=720%2C540&amp;ssl=1\" data-orig-size=\"720,540\" data-comments-opened=\"1\" data-image-meta=\"{&quot;aperture&quot;:&quot;4&quot;,&quot;credit&quot;:&quot;&quot;,&quot;camera&quot;:&quot;COOLPIX P900&quot;,&quot;caption&quot;:&quot;&quot;,&quot;created_timestamp&quot;:&quot;1488915205&quot;,&quot;copyright&quot;:&quot;&quot;,&quot;focal_length&quot;:&quot;20.5&quot;,&quot;iso&quot;:&quot;400&quot;,&quot;shutter_speed&quot;:&quot;0.025&quot;,&quot;title&quot;:&quot;&quot;,&quot;orientation&quot;:&quot;1&quot;}\" data-image-title=\"DSCN8128\" data-image-description=\"\" data-image-caption=\"\" data-medium-file=\"https:\/\/i0.wp.com\/genevieveetbernardauxameriques.fr\/wp-content\/uploads\/2017\/03\/DSCN8128.jpg?fit=300%2C225&amp;ssl=1\" data-large-file=\"https:\/\/i0.wp.com\/genevieveetbernardauxameriques.fr\/wp-content\/uploads\/2017\/03\/DSCN8128.jpg?fit=640%2C480&amp;ssl=1\" class=\"alignnone size-full wp-image-16556\" src=\"https:\/\/i0.wp.com\/genevieveetbernardauxameriques.fr\/wp-content\/uploads\/2017\/03\/DSCN8128.jpg?resize=640%2C480&#038;ssl=1\" alt=\"\" width=\"640\" height=\"480\" srcset=\"https:\/\/i0.wp.com\/genevieveetbernardauxameriques.fr\/wp-content\/uploads\/2017\/03\/DSCN8128.jpg?w=720&amp;ssl=1 720w, https:\/\/i0.wp.com\/genevieveetbernardauxameriques.fr\/wp-content\/uploads\/2017\/03\/DSCN8128.jpg?resize=300%2C225&amp;ssl=1 300w\" sizes=\"(max-width: 640px) 100vw, 640px\" data-recalc-dims=\"1\" \/><\/a><\/p>\n<p dir=\"ltr\"><a href=\"https:\/\/i0.wp.com\/genevieveetbernardauxameriques.fr\/wp-content\/uploads\/2017\/03\/DSCN8141.jpg?ssl=1\"><img loading=\"lazy\" decoding=\"async\" data-attachment-id=\"16561\" data-permalink=\"https:\/\/genevieveetbernardauxameriques.fr\/index.php\/2017\/03\/15\/la-cote-pacifique-de-puerto-lopez-a-la-frontiere-colombienne\/dscn8141\/\" data-orig-file=\"https:\/\/i0.wp.com\/genevieveetbernardauxameriques.fr\/wp-content\/uploads\/2017\/03\/DSCN8141.jpg?fit=720%2C540&amp;ssl=1\" data-orig-size=\"720,540\" data-comments-opened=\"1\" data-image-meta=\"{&quot;aperture&quot;:&quot;3.5&quot;,&quot;credit&quot;:&quot;&quot;,&quot;camera&quot;:&quot;COOLPIX P900&quot;,&quot;caption&quot;:&quot;&quot;,&quot;created_timestamp&quot;:&quot;1488915411&quot;,&quot;copyright&quot;:&quot;&quot;,&quot;focal_length&quot;:&quot;14.3&quot;,&quot;iso&quot;:&quot;400&quot;,&quot;shutter_speed&quot;:&quot;0.02&quot;,&quot;title&quot;:&quot;&quot;,&quot;orientation&quot;:&quot;1&quot;}\" data-image-title=\"DSCN8141\" data-image-description=\"\" data-image-caption=\"\" data-medium-file=\"https:\/\/i0.wp.com\/genevieveetbernardauxameriques.fr\/wp-content\/uploads\/2017\/03\/DSCN8141.jpg?fit=300%2C225&amp;ssl=1\" data-large-file=\"https:\/\/i0.wp.com\/genevieveetbernardauxameriques.fr\/wp-content\/uploads\/2017\/03\/DSCN8141.jpg?fit=640%2C480&amp;ssl=1\" class=\"alignnone size-full wp-image-16561\" src=\"https:\/\/i0.wp.com\/genevieveetbernardauxameriques.fr\/wp-content\/uploads\/2017\/03\/DSCN8141.jpg?resize=640%2C480&#038;ssl=1\" alt=\"\" width=\"640\" height=\"480\" srcset=\"https:\/\/i0.wp.com\/genevieveetbernardauxameriques.fr\/wp-content\/uploads\/2017\/03\/DSCN8141.jpg?w=720&amp;ssl=1 720w, https:\/\/i0.wp.com\/genevieveetbernardauxameriques.fr\/wp-content\/uploads\/2017\/03\/DSCN8141.jpg?resize=300%2C225&amp;ssl=1 300w\" sizes=\"(max-width: 640px) 100vw, 640px\" data-recalc-dims=\"1\" \/><\/a><\/p>\n<p dir=\"ltr\">Quand il ouvre ses ailes, elles sont bleues, on en voit beaucoup autour de nous en for\u00eat<\/p>\n<p dir=\"ltr\"><a href=\"https:\/\/i0.wp.com\/genevieveetbernardauxameriques.fr\/wp-content\/uploads\/2017\/03\/DSCN8133.jpg?ssl=1\"><img loading=\"lazy\" decoding=\"async\" data-attachment-id=\"16559\" data-permalink=\"https:\/\/genevieveetbernardauxameriques.fr\/index.php\/2017\/03\/15\/la-cote-pacifique-de-puerto-lopez-a-la-frontiere-colombienne\/dscn8133\/\" data-orig-file=\"https:\/\/i0.wp.com\/genevieveetbernardauxameriques.fr\/wp-content\/uploads\/2017\/03\/DSCN8133.jpg?fit=720%2C540&amp;ssl=1\" data-orig-size=\"720,540\" data-comments-opened=\"1\" data-image-meta=\"{&quot;aperture&quot;:&quot;4.5&quot;,&quot;credit&quot;:&quot;&quot;,&quot;camera&quot;:&quot;COOLPIX P900&quot;,&quot;caption&quot;:&quot;&quot;,&quot;created_timestamp&quot;:&quot;1488915267&quot;,&quot;copyright&quot;:&quot;&quot;,&quot;focal_length&quot;:&quot;39.3&quot;,&quot;iso&quot;:&quot;400&quot;,&quot;shutter_speed&quot;:&quot;0.025&quot;,&quot;title&quot;:&quot;&quot;,&quot;orientation&quot;:&quot;1&quot;}\" data-image-title=\"DSCN8133\" data-image-description=\"\" data-image-caption=\"\" data-medium-file=\"https:\/\/i0.wp.com\/genevieveetbernardauxameriques.fr\/wp-content\/uploads\/2017\/03\/DSCN8133.jpg?fit=300%2C225&amp;ssl=1\" data-large-file=\"https:\/\/i0.wp.com\/genevieveetbernardauxameriques.fr\/wp-content\/uploads\/2017\/03\/DSCN8133.jpg?fit=640%2C480&amp;ssl=1\" class=\"alignnone size-full wp-image-16559\" src=\"https:\/\/i0.wp.com\/genevieveetbernardauxameriques.fr\/wp-content\/uploads\/2017\/03\/DSCN8133.jpg?resize=640%2C480&#038;ssl=1\" alt=\"\" width=\"640\" height=\"480\" srcset=\"https:\/\/i0.wp.com\/genevieveetbernardauxameriques.fr\/wp-content\/uploads\/2017\/03\/DSCN8133.jpg?w=720&amp;ssl=1 720w, https:\/\/i0.wp.com\/genevieveetbernardauxameriques.fr\/wp-content\/uploads\/2017\/03\/DSCN8133.jpg?resize=300%2C225&amp;ssl=1 300w\" sizes=\"(max-width: 640px) 100vw, 640px\" data-recalc-dims=\"1\" \/><\/a><a href=\"https:\/\/i0.wp.com\/genevieveetbernardauxameriques.fr\/wp-content\/uploads\/2017\/03\/DSCN8143.jpg?ssl=1\"><img loading=\"lazy\" decoding=\"async\" data-attachment-id=\"16562\" data-permalink=\"https:\/\/genevieveetbernardauxameriques.fr\/index.php\/2017\/03\/15\/la-cote-pacifique-de-puerto-lopez-a-la-frontiere-colombienne\/dscn8143\/\" data-orig-file=\"https:\/\/i0.wp.com\/genevieveetbernardauxameriques.fr\/wp-content\/uploads\/2017\/03\/DSCN8143.jpg?fit=720%2C540&amp;ssl=1\" data-orig-size=\"720,540\" data-comments-opened=\"1\" data-image-meta=\"{&quot;aperture&quot;:&quot;3.5&quot;,&quot;credit&quot;:&quot;&quot;,&quot;camera&quot;:&quot;COOLPIX P900&quot;,&quot;caption&quot;:&quot;&quot;,&quot;created_timestamp&quot;:&quot;1488915430&quot;,&quot;copyright&quot;:&quot;&quot;,&quot;focal_length&quot;:&quot;14.3&quot;,&quot;iso&quot;:&quot;360&quot;,&quot;shutter_speed&quot;:&quot;0.016666666666667&quot;,&quot;title&quot;:&quot;&quot;,&quot;orientation&quot;:&quot;1&quot;}\" data-image-title=\"DSCN8143\" data-image-description=\"\" data-image-caption=\"\" data-medium-file=\"https:\/\/i0.wp.com\/genevieveetbernardauxameriques.fr\/wp-content\/uploads\/2017\/03\/DSCN8143.jpg?fit=300%2C225&amp;ssl=1\" data-large-file=\"https:\/\/i0.wp.com\/genevieveetbernardauxameriques.fr\/wp-content\/uploads\/2017\/03\/DSCN8143.jpg?fit=640%2C480&amp;ssl=1\" class=\"alignnone size-full wp-image-16562\" src=\"https:\/\/i0.wp.com\/genevieveetbernardauxameriques.fr\/wp-content\/uploads\/2017\/03\/DSCN8143.jpg?resize=640%2C480&#038;ssl=1\" alt=\"\" width=\"640\" height=\"480\" srcset=\"https:\/\/i0.wp.com\/genevieveetbernardauxameriques.fr\/wp-content\/uploads\/2017\/03\/DSCN8143.jpg?w=720&amp;ssl=1 720w, https:\/\/i0.wp.com\/genevieveetbernardauxameriques.fr\/wp-content\/uploads\/2017\/03\/DSCN8143.jpg?resize=300%2C225&amp;ssl=1 300w\" sizes=\"(max-width: 640px) 100vw, 640px\" data-recalc-dims=\"1\" \/><\/a><a href=\"https:\/\/i0.wp.com\/genevieveetbernardauxameriques.fr\/wp-content\/uploads\/2017\/03\/DSCN8131.jpg?ssl=1\"><img loading=\"lazy\" decoding=\"async\" data-attachment-id=\"16558\" data-permalink=\"https:\/\/genevieveetbernardauxameriques.fr\/index.php\/2017\/03\/15\/la-cote-pacifique-de-puerto-lopez-a-la-frontiere-colombienne\/dscn8131\/\" data-orig-file=\"https:\/\/i0.wp.com\/genevieveetbernardauxameriques.fr\/wp-content\/uploads\/2017\/03\/DSCN8131.jpg?fit=720%2C540&amp;ssl=1\" data-orig-size=\"720,540\" data-comments-opened=\"1\" data-image-meta=\"{&quot;aperture&quot;:&quot;4.5&quot;,&quot;credit&quot;:&quot;&quot;,&quot;camera&quot;:&quot;COOLPIX P900&quot;,&quot;caption&quot;:&quot;&quot;,&quot;created_timestamp&quot;:&quot;1488915247&quot;,&quot;copyright&quot;:&quot;&quot;,&quot;focal_length&quot;:&quot;46.4&quot;,&quot;iso&quot;:&quot;400&quot;,&quot;shutter_speed&quot;:&quot;0.025&quot;,&quot;title&quot;:&quot;&quot;,&quot;orientation&quot;:&quot;1&quot;}\" data-image-title=\"DSCN8131\" data-image-description=\"\" data-image-caption=\"\" data-medium-file=\"https:\/\/i0.wp.com\/genevieveetbernardauxameriques.fr\/wp-content\/uploads\/2017\/03\/DSCN8131.jpg?fit=300%2C225&amp;ssl=1\" data-large-file=\"https:\/\/i0.wp.com\/genevieveetbernardauxameriques.fr\/wp-content\/uploads\/2017\/03\/DSCN8131.jpg?fit=640%2C480&amp;ssl=1\" class=\"size-medium wp-image-16558 aligncenter\" src=\"https:\/\/i0.wp.com\/genevieveetbernardauxameriques.fr\/wp-content\/uploads\/2017\/03\/DSCN8131.jpg?resize=300%2C225&#038;ssl=1\" alt=\"\" width=\"300\" height=\"225\" srcset=\"https:\/\/i0.wp.com\/genevieveetbernardauxameriques.fr\/wp-content\/uploads\/2017\/03\/DSCN8131.jpg?resize=300%2C225&amp;ssl=1 300w, https:\/\/i0.wp.com\/genevieveetbernardauxameriques.fr\/wp-content\/uploads\/2017\/03\/DSCN8131.jpg?w=720&amp;ssl=1 720w\" sizes=\"(max-width: 300px) 100vw, 300px\" data-recalc-dims=\"1\" \/><\/a><a href=\"https:\/\/i0.wp.com\/genevieveetbernardauxameriques.fr\/wp-content\/uploads\/2017\/03\/DSCN8139.jpg?ssl=1\"><img loading=\"lazy\" decoding=\"async\" data-attachment-id=\"16560\" data-permalink=\"https:\/\/genevieveetbernardauxameriques.fr\/index.php\/2017\/03\/15\/la-cote-pacifique-de-puerto-lopez-a-la-frontiere-colombienne\/dscn8139\/\" data-orig-file=\"https:\/\/i0.wp.com\/genevieveetbernardauxameriques.fr\/wp-content\/uploads\/2017\/03\/DSCN8139.jpg?fit=720%2C540&amp;ssl=1\" data-orig-size=\"720,540\" data-comments-opened=\"1\" data-image-meta=\"{&quot;aperture&quot;:&quot;3.5&quot;,&quot;credit&quot;:&quot;&quot;,&quot;camera&quot;:&quot;COOLPIX P900&quot;,&quot;caption&quot;:&quot;&quot;,&quot;created_timestamp&quot;:&quot;1488915375&quot;,&quot;copyright&quot;:&quot;&quot;,&quot;focal_length&quot;:&quot;14.3&quot;,&quot;iso&quot;:&quot;400&quot;,&quot;shutter_speed&quot;:&quot;0.025&quot;,&quot;title&quot;:&quot;&quot;,&quot;orientation&quot;:&quot;1&quot;}\" data-image-title=\"DSCN8139\" data-image-description=\"\" data-image-caption=\"\" data-medium-file=\"https:\/\/i0.wp.com\/genevieveetbernardauxameriques.fr\/wp-content\/uploads\/2017\/03\/DSCN8139.jpg?fit=300%2C225&amp;ssl=1\" data-large-file=\"https:\/\/i0.wp.com\/genevieveetbernardauxameriques.fr\/wp-content\/uploads\/2017\/03\/DSCN8139.jpg?fit=640%2C480&amp;ssl=1\" class=\"alignnone size-full wp-image-16560\" src=\"https:\/\/i0.wp.com\/genevieveetbernardauxameriques.fr\/wp-content\/uploads\/2017\/03\/DSCN8139.jpg?resize=640%2C480&#038;ssl=1\" alt=\"\" width=\"640\" height=\"480\" srcset=\"https:\/\/i0.wp.com\/genevieveetbernardauxameriques.fr\/wp-content\/uploads\/2017\/03\/DSCN8139.jpg?w=720&amp;ssl=1 720w, https:\/\/i0.wp.com\/genevieveetbernardauxameriques.fr\/wp-content\/uploads\/2017\/03\/DSCN8139.jpg?resize=300%2C225&amp;ssl=1 300w\" sizes=\"(max-width: 640px) 100vw, 640px\" data-recalc-dims=\"1\" \/><\/a><\/p>\n<p dir=\"ltr\">Il y a aussi quelques colibris \u00e0 l&rsquo;entr\u00e9e de l&rsquo;h\u00f4tel, car il y a des petites \u00e9cuelles remplies de sucre pour les attirer<\/p>\n<p dir=\"ltr\">\u00a0 \u00a0 <img loading=\"lazy\" decoding=\"async\" data-attachment-id=\"16608\" data-permalink=\"https:\/\/genevieveetbernardauxameriques.fr\/index.php\/2017\/03\/15\/la-cote-pacifique-de-puerto-lopez-a-la-frontiere-colombienne\/dscn8399\/\" data-orig-file=\"https:\/\/i0.wp.com\/genevieveetbernardauxameriques.fr\/wp-content\/uploads\/2017\/03\/DSCN8399-e1585932130307.jpg?fit=376%2C540&amp;ssl=1\" data-orig-size=\"376,540\" data-comments-opened=\"1\" data-image-meta=\"{&quot;aperture&quot;:&quot;5&quot;,&quot;credit&quot;:&quot;&quot;,&quot;camera&quot;:&quot;COOLPIX P900&quot;,&quot;caption&quot;:&quot;&quot;,&quot;created_timestamp&quot;:&quot;1488931235&quot;,&quot;copyright&quot;:&quot;&quot;,&quot;focal_length&quot;:&quot;98.1&quot;,&quot;iso&quot;:&quot;1600&quot;,&quot;shutter_speed&quot;:&quot;0.125&quot;,&quot;title&quot;:&quot;&quot;,&quot;orientation&quot;:&quot;1&quot;}\" data-image-title=\"DSCN8399\" data-image-description=\"\" data-image-caption=\"\" data-medium-file=\"https:\/\/i0.wp.com\/genevieveetbernardauxameriques.fr\/wp-content\/uploads\/2017\/03\/DSCN8399-e1585932130307.jpg?fit=209%2C300&amp;ssl=1\" data-large-file=\"https:\/\/i0.wp.com\/genevieveetbernardauxameriques.fr\/wp-content\/uploads\/2017\/03\/DSCN8399-e1585932130307.jpg?fit=376%2C540&amp;ssl=1\" class=\"alignnone wp-image-16608\" src=\"https:\/\/i0.wp.com\/genevieveetbernardauxameriques.fr\/wp-content\/uploads\/2017\/03\/DSCN8399-e1585932130307.jpg?resize=265%2C380&#038;ssl=1\" alt=\"\" width=\"265\" height=\"380\" srcset=\"https:\/\/i0.wp.com\/genevieveetbernardauxameriques.fr\/wp-content\/uploads\/2017\/03\/DSCN8399-e1585932130307.jpg?w=376&amp;ssl=1 376w, https:\/\/i0.wp.com\/genevieveetbernardauxameriques.fr\/wp-content\/uploads\/2017\/03\/DSCN8399-e1585932130307.jpg?resize=209%2C300&amp;ssl=1 209w\" sizes=\"(max-width: 265px) 100vw, 265px\" data-recalc-dims=\"1\" \/> \u00a0 \u00a0 \u00a0 \u00a0\u00a0 <img loading=\"lazy\" decoding=\"async\" data-attachment-id=\"16609\" data-permalink=\"https:\/\/genevieveetbernardauxameriques.fr\/index.php\/2017\/03\/15\/la-cote-pacifique-de-puerto-lopez-a-la-frontiere-colombienne\/dscn8402\/\" data-orig-file=\"https:\/\/i0.wp.com\/genevieveetbernardauxameriques.fr\/wp-content\/uploads\/2017\/03\/DSCN8402-e1585932080678.jpg?fit=404%2C540&amp;ssl=1\" data-orig-size=\"404,540\" data-comments-opened=\"1\" data-image-meta=\"{&quot;aperture&quot;:&quot;5&quot;,&quot;credit&quot;:&quot;&quot;,&quot;camera&quot;:&quot;COOLPIX P900&quot;,&quot;caption&quot;:&quot;&quot;,&quot;created_timestamp&quot;:&quot;1488931263&quot;,&quot;copyright&quot;:&quot;&quot;,&quot;focal_length&quot;:&quot;107&quot;,&quot;iso&quot;:&quot;1600&quot;,&quot;shutter_speed&quot;:&quot;0.076923076923077&quot;,&quot;title&quot;:&quot;&quot;,&quot;orientation&quot;:&quot;1&quot;}\" data-image-title=\"DSCN8402\" data-image-description=\"\" data-image-caption=\"\" data-medium-file=\"https:\/\/i0.wp.com\/genevieveetbernardauxameriques.fr\/wp-content\/uploads\/2017\/03\/DSCN8402-e1585932080678.jpg?fit=224%2C300&amp;ssl=1\" data-large-file=\"https:\/\/i0.wp.com\/genevieveetbernardauxameriques.fr\/wp-content\/uploads\/2017\/03\/DSCN8402-e1585932080678.jpg?fit=404%2C540&amp;ssl=1\" class=\"alignnone wp-image-16609\" src=\"https:\/\/i0.wp.com\/genevieveetbernardauxameriques.fr\/wp-content\/uploads\/2017\/03\/DSCN8402-e1585932080678.jpg?resize=285%2C381&#038;ssl=1\" alt=\"\" width=\"285\" height=\"381\" srcset=\"https:\/\/i0.wp.com\/genevieveetbernardauxameriques.fr\/wp-content\/uploads\/2017\/03\/DSCN8402-e1585932080678.jpg?w=404&amp;ssl=1 404w, https:\/\/i0.wp.com\/genevieveetbernardauxameriques.fr\/wp-content\/uploads\/2017\/03\/DSCN8402-e1585932080678.jpg?resize=224%2C300&amp;ssl=1 224w\" sizes=\"(max-width: 285px) 100vw, 285px\" data-recalc-dims=\"1\" \/><\/p>\n<p dir=\"ltr\"><a href=\"https:\/\/i0.wp.com\/genevieveetbernardauxameriques.fr\/wp-content\/uploads\/2017\/03\/RSCN8178.jpg?ssl=1\"><img loading=\"lazy\" decoding=\"async\" data-attachment-id=\"16706\" data-permalink=\"https:\/\/genevieveetbernardauxameriques.fr\/index.php\/2017\/03\/15\/la-cote-pacifique-de-puerto-lopez-a-la-frontiere-colombienne\/rscn8178\/\" data-orig-file=\"https:\/\/i0.wp.com\/genevieveetbernardauxameriques.fr\/wp-content\/uploads\/2017\/03\/RSCN8178.jpg?fit=720%2C540&amp;ssl=1\" data-orig-size=\"720,540\" data-comments-opened=\"1\" data-image-meta=\"{&quot;aperture&quot;:&quot;5&quot;,&quot;credit&quot;:&quot;&quot;,&quot;camera&quot;:&quot;COOLPIX P900&quot;,&quot;caption&quot;:&quot;&quot;,&quot;created_timestamp&quot;:&quot;1488916101&quot;,&quot;copyright&quot;:&quot;&quot;,&quot;focal_length&quot;:&quot;89.2&quot;,&quot;iso&quot;:&quot;400&quot;,&quot;shutter_speed&quot;:&quot;0.01&quot;,&quot;title&quot;:&quot;&quot;,&quot;orientation&quot;:&quot;1&quot;}\" data-image-title=\"RSCN8178\" data-image-description=\"\" data-image-caption=\"\" data-medium-file=\"https:\/\/i0.wp.com\/genevieveetbernardauxameriques.fr\/wp-content\/uploads\/2017\/03\/RSCN8178.jpg?fit=300%2C225&amp;ssl=1\" data-large-file=\"https:\/\/i0.wp.com\/genevieveetbernardauxameriques.fr\/wp-content\/uploads\/2017\/03\/RSCN8178.jpg?fit=640%2C480&amp;ssl=1\" class=\" wp-image-16706 aligncenter\" src=\"https:\/\/i0.wp.com\/genevieveetbernardauxameriques.fr\/wp-content\/uploads\/2017\/03\/RSCN8178.jpg?resize=352%2C264&#038;ssl=1\" alt=\"\" width=\"352\" height=\"264\" srcset=\"https:\/\/i0.wp.com\/genevieveetbernardauxameriques.fr\/wp-content\/uploads\/2017\/03\/RSCN8178.jpg?resize=300%2C225&amp;ssl=1 300w, https:\/\/i0.wp.com\/genevieveetbernardauxameriques.fr\/wp-content\/uploads\/2017\/03\/RSCN8178.jpg?w=720&amp;ssl=1 720w\" sizes=\"(max-width: 352px) 100vw, 352px\" data-recalc-dims=\"1\" \/><\/a>\u00a0 \u00a0 \u00a0 \u00a0 \u00a0 \u00a0 \u00a0 <img loading=\"lazy\" decoding=\"async\" data-attachment-id=\"16595\" data-permalink=\"https:\/\/genevieveetbernardauxameriques.fr\/index.php\/2017\/03\/15\/la-cote-pacifique-de-puerto-lopez-a-la-frontiere-colombienne\/dscn8227\/\" data-orig-file=\"https:\/\/i0.wp.com\/genevieveetbernardauxameriques.fr\/wp-content\/uploads\/2017\/03\/DSCN8227-e1489374959568.jpg?fit=511%2C531&amp;ssl=1\" data-orig-size=\"511,531\" data-comments-opened=\"1\" data-image-meta=\"{&quot;aperture&quot;:&quot;5&quot;,&quot;credit&quot;:&quot;&quot;,&quot;camera&quot;:&quot;COOLPIX P900&quot;,&quot;caption&quot;:&quot;&quot;,&quot;created_timestamp&quot;:&quot;1488928565&quot;,&quot;copyright&quot;:&quot;&quot;,&quot;focal_length&quot;:&quot;107&quot;,&quot;iso&quot;:&quot;1600&quot;,&quot;shutter_speed&quot;:&quot;0.05&quot;,&quot;title&quot;:&quot;&quot;,&quot;orientation&quot;:&quot;1&quot;}\" data-image-title=\"DSCN8227\" data-image-description=\"\" data-image-caption=\"\" data-medium-file=\"https:\/\/i0.wp.com\/genevieveetbernardauxameriques.fr\/wp-content\/uploads\/2017\/03\/DSCN8227-e1489374959568.jpg?fit=289%2C300&amp;ssl=1\" data-large-file=\"https:\/\/i0.wp.com\/genevieveetbernardauxameriques.fr\/wp-content\/uploads\/2017\/03\/DSCN8227-e1489374959568.jpg?fit=511%2C531&amp;ssl=1\" class=\"size-full wp-image-16595 aligncenter\" src=\"https:\/\/i0.wp.com\/genevieveetbernardauxameriques.fr\/wp-content\/uploads\/2017\/03\/DSCN8227-e1489374959568.jpg?resize=511%2C531&#038;ssl=1\" alt=\"\" width=\"511\" height=\"531\" srcset=\"https:\/\/i0.wp.com\/genevieveetbernardauxameriques.fr\/wp-content\/uploads\/2017\/03\/DSCN8227-e1489374959568.jpg?w=511&amp;ssl=1 511w, https:\/\/i0.wp.com\/genevieveetbernardauxameriques.fr\/wp-content\/uploads\/2017\/03\/DSCN8227-e1489374959568.jpg?resize=289%2C300&amp;ssl=1 289w\" sizes=\"(max-width: 511px) 100vw, 511px\" data-recalc-dims=\"1\" \/><\/p>\n<p dir=\"ltr\">Un petit bassin avec des gros poissons, ils ont bien arrang\u00e9 les alentours.<\/p>\n<p dir=\"ltr\"><a href=\"https:\/\/i0.wp.com\/genevieveetbernardauxameriques.fr\/wp-content\/uploads\/2017\/03\/DSCN8169.jpg?ssl=1\"><img loading=\"lazy\" decoding=\"async\" data-attachment-id=\"16569\" data-permalink=\"https:\/\/genevieveetbernardauxameriques.fr\/index.php\/2017\/03\/15\/la-cote-pacifique-de-puerto-lopez-a-la-frontiere-colombienne\/dscn8169\/\" data-orig-file=\"https:\/\/i0.wp.com\/genevieveetbernardauxameriques.fr\/wp-content\/uploads\/2017\/03\/DSCN8169.jpg?fit=720%2C540&amp;ssl=1\" data-orig-size=\"720,540\" data-comments-opened=\"1\" data-image-meta=\"{&quot;aperture&quot;:&quot;4&quot;,&quot;credit&quot;:&quot;&quot;,&quot;camera&quot;:&quot;COOLPIX P900&quot;,&quot;caption&quot;:&quot;&quot;,&quot;created_timestamp&quot;:&quot;1488916276&quot;,&quot;copyright&quot;:&quot;&quot;,&quot;focal_length&quot;:&quot;20.5&quot;,&quot;iso&quot;:&quot;100&quot;,&quot;shutter_speed&quot;:&quot;0.016666666666667&quot;,&quot;title&quot;:&quot;&quot;,&quot;orientation&quot;:&quot;1&quot;}\" data-image-title=\"DSCN8169\" data-image-description=\"\" data-image-caption=\"\" data-medium-file=\"https:\/\/i0.wp.com\/genevieveetbernardauxameriques.fr\/wp-content\/uploads\/2017\/03\/DSCN8169.jpg?fit=300%2C225&amp;ssl=1\" data-large-file=\"https:\/\/i0.wp.com\/genevieveetbernardauxameriques.fr\/wp-content\/uploads\/2017\/03\/DSCN8169.jpg?fit=640%2C480&amp;ssl=1\" class=\"alignnone size-full wp-image-16569\" src=\"https:\/\/i0.wp.com\/genevieveetbernardauxameriques.fr\/wp-content\/uploads\/2017\/03\/DSCN8169.jpg?resize=640%2C480&#038;ssl=1\" alt=\"\" width=\"640\" height=\"480\" srcset=\"https:\/\/i0.wp.com\/genevieveetbernardauxameriques.fr\/wp-content\/uploads\/2017\/03\/DSCN8169.jpg?w=720&amp;ssl=1 720w, https:\/\/i0.wp.com\/genevieveetbernardauxameriques.fr\/wp-content\/uploads\/2017\/03\/DSCN8169.jpg?resize=300%2C225&amp;ssl=1 300w\" sizes=\"(max-width: 640px) 100vw, 640px\" data-recalc-dims=\"1\" \/><\/a><\/p>\n<p dir=\"ltr\">J&rsquo;avais d\u00e9j\u00e0 vu cette fleur en Malaisie, on l&rsquo;appelle \u00ab\u00a0le soulier des dames\u00a0\u00bb, car elle fait penser \u00e0 des chaussures \u00e0 talons, les fleurs pendent comme une glycine.<\/p>\n<p dir=\"ltr\"><a href=\"https:\/\/i0.wp.com\/genevieveetbernardauxameriques.fr\/wp-content\/uploads\/2017\/03\/DSCN8076.jpg?ssl=1\"><img loading=\"lazy\" decoding=\"async\" data-attachment-id=\"16535\" data-permalink=\"https:\/\/genevieveetbernardauxameriques.fr\/index.php\/2017\/03\/15\/la-cote-pacifique-de-puerto-lopez-a-la-frontiere-colombienne\/dscn8084\/\" data-orig-file=\"https:\/\/i0.wp.com\/genevieveetbernardauxameriques.fr\/wp-content\/uploads\/2017\/03\/DSCN8084.jpg?fit=540%2C720&amp;ssl=1\" data-orig-size=\"540,720\" data-comments-opened=\"1\" data-image-meta=\"{&quot;aperture&quot;:&quot;4.5&quot;,&quot;credit&quot;:&quot;&quot;,&quot;camera&quot;:&quot;COOLPIX P900&quot;,&quot;caption&quot;:&quot;&quot;,&quot;created_timestamp&quot;:&quot;1488913456&quot;,&quot;copyright&quot;:&quot;&quot;,&quot;focal_length&quot;:&quot;33&quot;,&quot;iso&quot;:&quot;140&quot;,&quot;shutter_speed&quot;:&quot;0.016666666666667&quot;,&quot;title&quot;:&quot;&quot;,&quot;orientation&quot;:&quot;1&quot;}\" data-image-title=\"DSCN8084\" data-image-description=\"\" data-image-caption=\"\" data-medium-file=\"https:\/\/i0.wp.com\/genevieveetbernardauxameriques.fr\/wp-content\/uploads\/2017\/03\/DSCN8084.jpg?fit=225%2C300&amp;ssl=1\" data-large-file=\"https:\/\/i0.wp.com\/genevieveetbernardauxameriques.fr\/wp-content\/uploads\/2017\/03\/DSCN8084.jpg?fit=540%2C720&amp;ssl=1\" class=\"wp-image-16535 aligncenter\" src=\"https:\/\/i0.wp.com\/genevieveetbernardauxameriques.fr\/wp-content\/uploads\/2017\/03\/DSCN8084.jpg?resize=362%2C483&#038;ssl=1\" alt=\"\" width=\"362\" height=\"483\" srcset=\"https:\/\/i0.wp.com\/genevieveetbernardauxameriques.fr\/wp-content\/uploads\/2017\/03\/DSCN8084.jpg?w=540&amp;ssl=1 540w, https:\/\/i0.wp.com\/genevieveetbernardauxameriques.fr\/wp-content\/uploads\/2017\/03\/DSCN8084.jpg?resize=225%2C300&amp;ssl=1 225w\" sizes=\"(max-width: 362px) 100vw, 362px\" data-recalc-dims=\"1\" \/><img loading=\"lazy\" decoding=\"async\" data-attachment-id=\"16531\" data-permalink=\"https:\/\/genevieveetbernardauxameriques.fr\/index.php\/2017\/03\/15\/la-cote-pacifique-de-puerto-lopez-a-la-frontiere-colombienne\/dscn8076\/\" data-orig-file=\"https:\/\/i0.wp.com\/genevieveetbernardauxameriques.fr\/wp-content\/uploads\/2017\/03\/DSCN8076.jpg?fit=720%2C540&amp;ssl=1\" data-orig-size=\"720,540\" data-comments-opened=\"1\" data-image-meta=\"{&quot;aperture&quot;:&quot;3.5&quot;,&quot;credit&quot;:&quot;&quot;,&quot;camera&quot;:&quot;COOLPIX P900&quot;,&quot;caption&quot;:&quot;&quot;,&quot;created_timestamp&quot;:&quot;1488913187&quot;,&quot;copyright&quot;:&quot;&quot;,&quot;focal_length&quot;:&quot;8.9&quot;,&quot;iso&quot;:&quot;100&quot;,&quot;shutter_speed&quot;:&quot;0.02&quot;,&quot;title&quot;:&quot;&quot;,&quot;orientation&quot;:&quot;1&quot;}\" data-image-title=\"DSCN8076\" data-image-description=\"\" data-image-caption=\"\" data-medium-file=\"https:\/\/i0.wp.com\/genevieveetbernardauxameriques.fr\/wp-content\/uploads\/2017\/03\/DSCN8076.jpg?fit=300%2C225&amp;ssl=1\" data-large-file=\"https:\/\/i0.wp.com\/genevieveetbernardauxameriques.fr\/wp-content\/uploads\/2017\/03\/DSCN8076.jpg?fit=640%2C480&amp;ssl=1\" class=\"alignnone size-full wp-image-16531\" src=\"https:\/\/i0.wp.com\/genevieveetbernardauxameriques.fr\/wp-content\/uploads\/2017\/03\/DSCN8076.jpg?resize=640%2C480&#038;ssl=1\" alt=\"\" width=\"640\" height=\"480\" srcset=\"https:\/\/i0.wp.com\/genevieveetbernardauxameriques.fr\/wp-content\/uploads\/2017\/03\/DSCN8076.jpg?w=720&amp;ssl=1 720w, https:\/\/i0.wp.com\/genevieveetbernardauxameriques.fr\/wp-content\/uploads\/2017\/03\/DSCN8076.jpg?resize=300%2C225&amp;ssl=1 300w\" sizes=\"(max-width: 640px) 100vw, 640px\" data-recalc-dims=\"1\" \/><\/a><\/p>\n<p dir=\"ltr\"><a href=\"https:\/\/i0.wp.com\/genevieveetbernardauxameriques.fr\/wp-content\/uploads\/2017\/03\/DSCN8082.jpg?ssl=1\"><img loading=\"lazy\" decoding=\"async\" data-attachment-id=\"16534\" data-permalink=\"https:\/\/genevieveetbernardauxameriques.fr\/index.php\/2017\/03\/15\/la-cote-pacifique-de-puerto-lopez-a-la-frontiere-colombienne\/dscn8082\/\" data-orig-file=\"https:\/\/i0.wp.com\/genevieveetbernardauxameriques.fr\/wp-content\/uploads\/2017\/03\/DSCN8082.jpg?fit=720%2C540&amp;ssl=1\" data-orig-size=\"720,540\" data-comments-opened=\"1\" data-image-meta=\"{&quot;aperture&quot;:&quot;5&quot;,&quot;credit&quot;:&quot;&quot;,&quot;camera&quot;:&quot;COOLPIX P900&quot;,&quot;caption&quot;:&quot;&quot;,&quot;created_timestamp&quot;:&quot;1488913425&quot;,&quot;copyright&quot;:&quot;&quot;,&quot;focal_length&quot;:&quot;53.5&quot;,&quot;iso&quot;:&quot;280&quot;,&quot;shutter_speed&quot;:&quot;0.008&quot;,&quot;title&quot;:&quot;&quot;,&quot;orientation&quot;:&quot;1&quot;}\" data-image-title=\"DSCN8082\" data-image-description=\"\" data-image-caption=\"\" data-medium-file=\"https:\/\/i0.wp.com\/genevieveetbernardauxameriques.fr\/wp-content\/uploads\/2017\/03\/DSCN8082.jpg?fit=300%2C225&amp;ssl=1\" data-large-file=\"https:\/\/i0.wp.com\/genevieveetbernardauxameriques.fr\/wp-content\/uploads\/2017\/03\/DSCN8082.jpg?fit=640%2C480&amp;ssl=1\" class=\"alignnone size-full wp-image-16534\" src=\"https:\/\/i0.wp.com\/genevieveetbernardauxameriques.fr\/wp-content\/uploads\/2017\/03\/DSCN8082.jpg?resize=640%2C480&#038;ssl=1\" alt=\"\" width=\"640\" height=\"480\" srcset=\"https:\/\/i0.wp.com\/genevieveetbernardauxameriques.fr\/wp-content\/uploads\/2017\/03\/DSCN8082.jpg?w=720&amp;ssl=1 720w, https:\/\/i0.wp.com\/genevieveetbernardauxameriques.fr\/wp-content\/uploads\/2017\/03\/DSCN8082.jpg?resize=300%2C225&amp;ssl=1 300w\" sizes=\"(max-width: 640px) 100vw, 640px\" data-recalc-dims=\"1\" \/><\/a>\u00a0Les 3 photos suivantes sont une vari\u00e9t\u00e9 de la fleur du gingembre (il y en a beaucoup dans les for\u00eats \u00e9quatoriales)<\/p>\n<p dir=\"ltr\"><img loading=\"lazy\" decoding=\"async\" data-attachment-id=\"16533\" data-permalink=\"https:\/\/genevieveetbernardauxameriques.fr\/index.php\/2017\/03\/15\/la-cote-pacifique-de-puerto-lopez-a-la-frontiere-colombienne\/dscn8081\/\" data-orig-file=\"https:\/\/i0.wp.com\/genevieveetbernardauxameriques.fr\/wp-content\/uploads\/2017\/03\/DSCN8081.jpg?fit=720%2C540&amp;ssl=1\" data-orig-size=\"720,540\" data-comments-opened=\"1\" data-image-meta=\"{&quot;aperture&quot;:&quot;4.5&quot;,&quot;credit&quot;:&quot;&quot;,&quot;camera&quot;:&quot;COOLPIX P900&quot;,&quot;caption&quot;:&quot;&quot;,&quot;created_timestamp&quot;:&quot;1488913395&quot;,&quot;copyright&quot;:&quot;&quot;,&quot;focal_length&quot;:&quot;46.4&quot;,&quot;iso&quot;:&quot;400&quot;,&quot;shutter_speed&quot;:&quot;0.016666666666667&quot;,&quot;title&quot;:&quot;&quot;,&quot;orientation&quot;:&quot;1&quot;}\" data-image-title=\"DSCN8081\" data-image-description=\"\" data-image-caption=\"\" data-medium-file=\"https:\/\/i0.wp.com\/genevieveetbernardauxameriques.fr\/wp-content\/uploads\/2017\/03\/DSCN8081.jpg?fit=300%2C225&amp;ssl=1\" data-large-file=\"https:\/\/i0.wp.com\/genevieveetbernardauxameriques.fr\/wp-content\/uploads\/2017\/03\/DSCN8081.jpg?fit=640%2C480&amp;ssl=1\" class=\"alignnone size-full wp-image-16533\" src=\"https:\/\/i0.wp.com\/genevieveetbernardauxameriques.fr\/wp-content\/uploads\/2017\/03\/DSCN8081.jpg?resize=640%2C480&#038;ssl=1\" alt=\"\" width=\"640\" height=\"480\" srcset=\"https:\/\/i0.wp.com\/genevieveetbernardauxameriques.fr\/wp-content\/uploads\/2017\/03\/DSCN8081.jpg?w=720&amp;ssl=1 720w, https:\/\/i0.wp.com\/genevieveetbernardauxameriques.fr\/wp-content\/uploads\/2017\/03\/DSCN8081.jpg?resize=300%2C225&amp;ssl=1 300w\" sizes=\"(max-width: 640px) 100vw, 640px\" data-recalc-dims=\"1\" \/><\/p>\n<p dir=\"ltr\"><img loading=\"lazy\" decoding=\"async\" data-attachment-id=\"16545\" data-permalink=\"https:\/\/genevieveetbernardauxameriques.fr\/index.php\/2017\/03\/15\/la-cote-pacifique-de-puerto-lopez-a-la-frontiere-colombienne\/dscn8108\/\" data-orig-file=\"https:\/\/i0.wp.com\/genevieveetbernardauxameriques.fr\/wp-content\/uploads\/2017\/03\/DSCN8108.jpg?fit=540%2C720&amp;ssl=1\" data-orig-size=\"540,720\" data-comments-opened=\"1\" data-image-meta=\"{&quot;aperture&quot;:&quot;4&quot;,&quot;credit&quot;:&quot;&quot;,&quot;camera&quot;:&quot;COOLPIX P900&quot;,&quot;caption&quot;:&quot;&quot;,&quot;created_timestamp&quot;:&quot;1488914597&quot;,&quot;copyright&quot;:&quot;&quot;,&quot;focal_length&quot;:&quot;15.2&quot;,&quot;iso&quot;:&quot;100&quot;,&quot;shutter_speed&quot;:&quot;0.016666666666667&quot;,&quot;title&quot;:&quot;&quot;,&quot;orientation&quot;:&quot;1&quot;}\" data-image-title=\"DSCN8108\" data-image-description=\"\" data-image-caption=\"\" data-medium-file=\"https:\/\/i0.wp.com\/genevieveetbernardauxameriques.fr\/wp-content\/uploads\/2017\/03\/DSCN8108.jpg?fit=225%2C300&amp;ssl=1\" data-large-file=\"https:\/\/i0.wp.com\/genevieveetbernardauxameriques.fr\/wp-content\/uploads\/2017\/03\/DSCN8108.jpg?fit=540%2C720&amp;ssl=1\" class=\"wp-image-16545 aligncenter\" src=\"https:\/\/i0.wp.com\/genevieveetbernardauxameriques.fr\/wp-content\/uploads\/2017\/03\/DSCN8108.jpg?resize=457%2C609&#038;ssl=1\" alt=\"\" width=\"457\" height=\"609\" srcset=\"https:\/\/i0.wp.com\/genevieveetbernardauxameriques.fr\/wp-content\/uploads\/2017\/03\/DSCN8108.jpg?w=540&amp;ssl=1 540w, https:\/\/i0.wp.com\/genevieveetbernardauxameriques.fr\/wp-content\/uploads\/2017\/03\/DSCN8108.jpg?resize=225%2C300&amp;ssl=1 225w\" sizes=\"(max-width: 457px) 100vw, 457px\" data-recalc-dims=\"1\" \/><\/p>\n<p dir=\"ltr\">Il y a \u00e9galement les m\u00eames en rouge et rose<\/p>\n<p dir=\"ltr\"><a href=\"https:\/\/i0.wp.com\/genevieveetbernardauxameriques.fr\/wp-content\/uploads\/2017\/03\/DSCN8164.jpg?ssl=1\"><img loading=\"lazy\" decoding=\"async\" data-attachment-id=\"16567\" data-permalink=\"https:\/\/genevieveetbernardauxameriques.fr\/index.php\/2017\/03\/15\/la-cote-pacifique-de-puerto-lopez-a-la-frontiere-colombienne\/dscn8164\/\" data-orig-file=\"https:\/\/i0.wp.com\/genevieveetbernardauxameriques.fr\/wp-content\/uploads\/2017\/03\/DSCN8164.jpg?fit=720%2C540&amp;ssl=1\" data-orig-size=\"720,540\" data-comments-opened=\"1\" data-image-meta=\"{&quot;aperture&quot;:&quot;3.2&quot;,&quot;credit&quot;:&quot;&quot;,&quot;camera&quot;:&quot;COOLPIX P900&quot;,&quot;caption&quot;:&quot;&quot;,&quot;created_timestamp&quot;:&quot;1488916193&quot;,&quot;copyright&quot;:&quot;&quot;,&quot;focal_length&quot;:&quot;8.4&quot;,&quot;iso&quot;:&quot;140&quot;,&quot;shutter_speed&quot;:&quot;0.033333333333333&quot;,&quot;title&quot;:&quot;&quot;,&quot;orientation&quot;:&quot;1&quot;}\" data-image-title=\"DSCN8164\" data-image-description=\"\" data-image-caption=\"\" data-medium-file=\"https:\/\/i0.wp.com\/genevieveetbernardauxameriques.fr\/wp-content\/uploads\/2017\/03\/DSCN8164.jpg?fit=300%2C225&amp;ssl=1\" data-large-file=\"https:\/\/i0.wp.com\/genevieveetbernardauxameriques.fr\/wp-content\/uploads\/2017\/03\/DSCN8164.jpg?fit=640%2C480&amp;ssl=1\" class=\"alignnone size-full wp-image-16567\" src=\"https:\/\/i0.wp.com\/genevieveetbernardauxameriques.fr\/wp-content\/uploads\/2017\/03\/DSCN8164.jpg?resize=640%2C480&#038;ssl=1\" alt=\"\" width=\"640\" height=\"480\" srcset=\"https:\/\/i0.wp.com\/genevieveetbernardauxameriques.fr\/wp-content\/uploads\/2017\/03\/DSCN8164.jpg?w=720&amp;ssl=1 720w, https:\/\/i0.wp.com\/genevieveetbernardauxameriques.fr\/wp-content\/uploads\/2017\/03\/DSCN8164.jpg?resize=300%2C225&amp;ssl=1 300w\" sizes=\"(max-width: 640px) 100vw, 640px\" data-recalc-dims=\"1\" \/><\/a><\/p>\n<p dir=\"ltr\">Celle-ci : du Curcuma<\/p>\n<p dir=\"ltr\"><a href=\"https:\/\/i0.wp.com\/genevieveetbernardauxameriques.fr\/wp-content\/uploads\/2017\/03\/DSCN8111-e1489274284555.jpg?ssl=1\"><img loading=\"lazy\" decoding=\"async\" data-attachment-id=\"16548\" data-permalink=\"https:\/\/genevieveetbernardauxameriques.fr\/index.php\/2017\/03\/15\/la-cote-pacifique-de-puerto-lopez-a-la-frontiere-colombienne\/dscn8111\/\" data-orig-file=\"https:\/\/i0.wp.com\/genevieveetbernardauxameriques.fr\/wp-content\/uploads\/2017\/03\/DSCN8111-e1489274284555.jpg?fit=660%2C388&amp;ssl=1\" data-orig-size=\"660,388\" data-comments-opened=\"1\" data-image-meta=\"{&quot;aperture&quot;:&quot;3.5&quot;,&quot;credit&quot;:&quot;&quot;,&quot;camera&quot;:&quot;COOLPIX P900&quot;,&quot;caption&quot;:&quot;&quot;,&quot;created_timestamp&quot;:&quot;1488914651&quot;,&quot;copyright&quot;:&quot;&quot;,&quot;focal_length&quot;:&quot;9.8&quot;,&quot;iso&quot;:&quot;100&quot;,&quot;shutter_speed&quot;:&quot;0.005&quot;,&quot;title&quot;:&quot;&quot;,&quot;orientation&quot;:&quot;1&quot;}\" data-image-title=\"DSCN8111\" data-image-description=\"\" data-image-caption=\"\" data-medium-file=\"https:\/\/i0.wp.com\/genevieveetbernardauxameriques.fr\/wp-content\/uploads\/2017\/03\/DSCN8111-e1489274284555.jpg?fit=300%2C176&amp;ssl=1\" data-large-file=\"https:\/\/i0.wp.com\/genevieveetbernardauxameriques.fr\/wp-content\/uploads\/2017\/03\/DSCN8111-e1489274284555.jpg?fit=640%2C376&amp;ssl=1\" class=\"alignnone size-full wp-image-16548\" src=\"https:\/\/i0.wp.com\/genevieveetbernardauxameriques.fr\/wp-content\/uploads\/2017\/03\/DSCN8111-e1489274284555.jpg?resize=640%2C376&#038;ssl=1\" alt=\"\" width=\"640\" height=\"376\" srcset=\"https:\/\/i0.wp.com\/genevieveetbernardauxameriques.fr\/wp-content\/uploads\/2017\/03\/DSCN8111-e1489274284555.jpg?w=660&amp;ssl=1 660w, https:\/\/i0.wp.com\/genevieveetbernardauxameriques.fr\/wp-content\/uploads\/2017\/03\/DSCN8111-e1489274284555.jpg?resize=300%2C176&amp;ssl=1 300w\" sizes=\"(max-width: 640px) 100vw, 640px\" data-recalc-dims=\"1\" \/><\/a> <a href=\"https:\/\/i0.wp.com\/genevieveetbernardauxameriques.fr\/wp-content\/uploads\/2017\/03\/DSCN8112.jpg?ssl=1\"><img loading=\"lazy\" decoding=\"async\" data-attachment-id=\"16549\" data-permalink=\"https:\/\/genevieveetbernardauxameriques.fr\/index.php\/2017\/03\/15\/la-cote-pacifique-de-puerto-lopez-a-la-frontiere-colombienne\/dscn8112\/\" data-orig-file=\"https:\/\/i0.wp.com\/genevieveetbernardauxameriques.fr\/wp-content\/uploads\/2017\/03\/DSCN8112.jpg?fit=720%2C540&amp;ssl=1\" data-orig-size=\"720,540\" data-comments-opened=\"1\" data-image-meta=\"{&quot;aperture&quot;:&quot;3.5&quot;,&quot;credit&quot;:&quot;&quot;,&quot;camera&quot;:&quot;COOLPIX P900&quot;,&quot;caption&quot;:&quot;&quot;,&quot;created_timestamp&quot;:&quot;1488914659&quot;,&quot;copyright&quot;:&quot;&quot;,&quot;focal_length&quot;:&quot;9.8&quot;,&quot;iso&quot;:&quot;100&quot;,&quot;shutter_speed&quot;:&quot;0.0125&quot;,&quot;title&quot;:&quot;&quot;,&quot;orientation&quot;:&quot;1&quot;}\" data-image-title=\"DSCN8112\" data-image-description=\"\" data-image-caption=\"\" data-medium-file=\"https:\/\/i0.wp.com\/genevieveetbernardauxameriques.fr\/wp-content\/uploads\/2017\/03\/DSCN8112.jpg?fit=300%2C225&amp;ssl=1\" data-large-file=\"https:\/\/i0.wp.com\/genevieveetbernardauxameriques.fr\/wp-content\/uploads\/2017\/03\/DSCN8112.jpg?fit=640%2C480&amp;ssl=1\" class=\"alignnone size-full wp-image-16549\" src=\"https:\/\/i0.wp.com\/genevieveetbernardauxameriques.fr\/wp-content\/uploads\/2017\/03\/DSCN8112.jpg?resize=640%2C480&#038;ssl=1\" alt=\"\" width=\"640\" height=\"480\" srcset=\"https:\/\/i0.wp.com\/genevieveetbernardauxameriques.fr\/wp-content\/uploads\/2017\/03\/DSCN8112.jpg?w=720&amp;ssl=1 720w, https:\/\/i0.wp.com\/genevieveetbernardauxameriques.fr\/wp-content\/uploads\/2017\/03\/DSCN8112.jpg?resize=300%2C225&amp;ssl=1 300w\" sizes=\"(max-width: 640px) 100vw, 640px\" data-recalc-dims=\"1\" \/><\/a><\/p>\n<p dir=\"ltr\"><a href=\"https:\/\/i0.wp.com\/genevieveetbernardauxameriques.fr\/wp-content\/uploads\/2017\/03\/DSCN8106.jpg?ssl=1\"><img loading=\"lazy\" decoding=\"async\" data-attachment-id=\"16544\" data-permalink=\"https:\/\/genevieveetbernardauxameriques.fr\/index.php\/2017\/03\/15\/la-cote-pacifique-de-puerto-lopez-a-la-frontiere-colombienne\/dscn8106\/\" data-orig-file=\"https:\/\/i0.wp.com\/genevieveetbernardauxameriques.fr\/wp-content\/uploads\/2017\/03\/DSCN8106.jpg?fit=540%2C720&amp;ssl=1\" data-orig-size=\"540,720\" data-comments-opened=\"1\" data-image-meta=\"{&quot;aperture&quot;:&quot;4&quot;,&quot;credit&quot;:&quot;&quot;,&quot;camera&quot;:&quot;COOLPIX P900&quot;,&quot;caption&quot;:&quot;&quot;,&quot;created_timestamp&quot;:&quot;1488914418&quot;,&quot;copyright&quot;:&quot;&quot;,&quot;focal_length&quot;:&quot;24.1&quot;,&quot;iso&quot;:&quot;220&quot;,&quot;shutter_speed&quot;:&quot;0.016666666666667&quot;,&quot;title&quot;:&quot;&quot;,&quot;orientation&quot;:&quot;1&quot;}\" data-image-title=\"DSCN8106\" data-image-description=\"\" data-image-caption=\"\" data-medium-file=\"https:\/\/i0.wp.com\/genevieveetbernardauxameriques.fr\/wp-content\/uploads\/2017\/03\/DSCN8106.jpg?fit=225%2C300&amp;ssl=1\" data-large-file=\"https:\/\/i0.wp.com\/genevieveetbernardauxameriques.fr\/wp-content\/uploads\/2017\/03\/DSCN8106.jpg?fit=540%2C720&amp;ssl=1\" class=\"size-full wp-image-16544 aligncenter\" src=\"https:\/\/i0.wp.com\/genevieveetbernardauxameriques.fr\/wp-content\/uploads\/2017\/03\/DSCN8106.jpg?resize=540%2C720&#038;ssl=1\" alt=\"\" width=\"540\" height=\"720\" srcset=\"https:\/\/i0.wp.com\/genevieveetbernardauxameriques.fr\/wp-content\/uploads\/2017\/03\/DSCN8106.jpg?w=540&amp;ssl=1 540w, https:\/\/i0.wp.com\/genevieveetbernardauxameriques.fr\/wp-content\/uploads\/2017\/03\/DSCN8106.jpg?resize=225%2C300&amp;ssl=1 225w\" sizes=\"(max-width: 540px) 100vw, 540px\" data-recalc-dims=\"1\" \/><\/a> <a href=\"https:\/\/i0.wp.com\/genevieveetbernardauxameriques.fr\/wp-content\/uploads\/2017\/03\/DSCN8110.jpg?ssl=1\"><img loading=\"lazy\" decoding=\"async\" data-attachment-id=\"16547\" data-permalink=\"https:\/\/genevieveetbernardauxameriques.fr\/index.php\/2017\/03\/15\/la-cote-pacifique-de-puerto-lopez-a-la-frontiere-colombienne\/dscn8110\/\" data-orig-file=\"https:\/\/i0.wp.com\/genevieveetbernardauxameriques.fr\/wp-content\/uploads\/2017\/03\/DSCN8110.jpg?fit=540%2C720&amp;ssl=1\" data-orig-size=\"540,720\" data-comments-opened=\"1\" data-image-meta=\"{&quot;aperture&quot;:&quot;3.5&quot;,&quot;credit&quot;:&quot;&quot;,&quot;camera&quot;:&quot;COOLPIX P900&quot;,&quot;caption&quot;:&quot;&quot;,&quot;created_timestamp&quot;:&quot;1488914636&quot;,&quot;copyright&quot;:&quot;&quot;,&quot;focal_length&quot;:&quot;9.8&quot;,&quot;iso&quot;:&quot;100&quot;,&quot;shutter_speed&quot;:&quot;0.025&quot;,&quot;title&quot;:&quot;&quot;,&quot;orientation&quot;:&quot;1&quot;}\" data-image-title=\"DSCN8110\" data-image-description=\"\" data-image-caption=\"\" data-medium-file=\"https:\/\/i0.wp.com\/genevieveetbernardauxameriques.fr\/wp-content\/uploads\/2017\/03\/DSCN8110.jpg?fit=225%2C300&amp;ssl=1\" data-large-file=\"https:\/\/i0.wp.com\/genevieveetbernardauxameriques.fr\/wp-content\/uploads\/2017\/03\/DSCN8110.jpg?fit=540%2C720&amp;ssl=1\" class=\"size-full wp-image-16547 aligncenter\" src=\"https:\/\/i0.wp.com\/genevieveetbernardauxameriques.fr\/wp-content\/uploads\/2017\/03\/DSCN8110.jpg?resize=540%2C720&#038;ssl=1\" alt=\"\" width=\"540\" height=\"720\" srcset=\"https:\/\/i0.wp.com\/genevieveetbernardauxameriques.fr\/wp-content\/uploads\/2017\/03\/DSCN8110.jpg?w=540&amp;ssl=1 540w, https:\/\/i0.wp.com\/genevieveetbernardauxameriques.fr\/wp-content\/uploads\/2017\/03\/DSCN8110.jpg?resize=225%2C300&amp;ssl=1 225w\" sizes=\"(max-width: 540px) 100vw, 540px\" data-recalc-dims=\"1\" \/><\/a><\/p>\n<p dir=\"ltr\"><img loading=\"lazy\" decoding=\"async\" data-attachment-id=\"16568\" data-permalink=\"https:\/\/genevieveetbernardauxameriques.fr\/index.php\/2017\/03\/15\/la-cote-pacifique-de-puerto-lopez-a-la-frontiere-colombienne\/dscn8165\/\" data-orig-file=\"https:\/\/i0.wp.com\/genevieveetbernardauxameriques.fr\/wp-content\/uploads\/2017\/03\/DSCN8165.jpg?fit=720%2C540&amp;ssl=1\" data-orig-size=\"720,540\" data-comments-opened=\"1\" data-image-meta=\"{&quot;aperture&quot;:&quot;4&quot;,&quot;credit&quot;:&quot;&quot;,&quot;camera&quot;:&quot;COOLPIX P900&quot;,&quot;caption&quot;:&quot;&quot;,&quot;created_timestamp&quot;:&quot;1488916225&quot;,&quot;copyright&quot;:&quot;&quot;,&quot;focal_length&quot;:&quot;17&quot;,&quot;iso&quot;:&quot;200&quot;,&quot;shutter_speed&quot;:&quot;0.016666666666667&quot;,&quot;title&quot;:&quot;&quot;,&quot;orientation&quot;:&quot;1&quot;}\" data-image-title=\"DSCN8165\" data-image-description=\"\" data-image-caption=\"\" data-medium-file=\"https:\/\/i0.wp.com\/genevieveetbernardauxameriques.fr\/wp-content\/uploads\/2017\/03\/DSCN8165.jpg?fit=300%2C225&amp;ssl=1\" data-large-file=\"https:\/\/i0.wp.com\/genevieveetbernardauxameriques.fr\/wp-content\/uploads\/2017\/03\/DSCN8165.jpg?fit=640%2C480&amp;ssl=1\" class=\"alignnone size-full wp-image-16568\" src=\"https:\/\/i0.wp.com\/genevieveetbernardauxameriques.fr\/wp-content\/uploads\/2017\/03\/DSCN8165.jpg?resize=640%2C480&#038;ssl=1\" alt=\"\" width=\"640\" height=\"480\" srcset=\"https:\/\/i0.wp.com\/genevieveetbernardauxameriques.fr\/wp-content\/uploads\/2017\/03\/DSCN8165.jpg?w=720&amp;ssl=1 720w, https:\/\/i0.wp.com\/genevieveetbernardauxameriques.fr\/wp-content\/uploads\/2017\/03\/DSCN8165.jpg?resize=300%2C225&amp;ssl=1 300w\" sizes=\"(max-width: 640px) 100vw, 640px\" data-recalc-dims=\"1\" \/> <img loading=\"lazy\" decoding=\"async\" data-attachment-id=\"16570\" data-permalink=\"https:\/\/genevieveetbernardauxameriques.fr\/index.php\/2017\/03\/15\/la-cote-pacifique-de-puerto-lopez-a-la-frontiere-colombienne\/dscn8172\/\" data-orig-file=\"https:\/\/i0.wp.com\/genevieveetbernardauxameriques.fr\/wp-content\/uploads\/2017\/03\/DSCN8172.jpg?fit=720%2C540&amp;ssl=1\" data-orig-size=\"720,540\" data-comments-opened=\"1\" data-image-meta=\"{&quot;aperture&quot;:&quot;4&quot;,&quot;credit&quot;:&quot;&quot;,&quot;camera&quot;:&quot;COOLPIX P900&quot;,&quot;caption&quot;:&quot;&quot;,&quot;created_timestamp&quot;:&quot;1488916396&quot;,&quot;copyright&quot;:&quot;&quot;,&quot;focal_length&quot;:&quot;20.5&quot;,&quot;iso&quot;:&quot;220&quot;,&quot;shutter_speed&quot;:&quot;0.016666666666667&quot;,&quot;title&quot;:&quot;&quot;,&quot;orientation&quot;:&quot;1&quot;}\" data-image-title=\"DSCN8172\" data-image-description=\"\" data-image-caption=\"\" data-medium-file=\"https:\/\/i0.wp.com\/genevieveetbernardauxameriques.fr\/wp-content\/uploads\/2017\/03\/DSCN8172.jpg?fit=300%2C225&amp;ssl=1\" data-large-file=\"https:\/\/i0.wp.com\/genevieveetbernardauxameriques.fr\/wp-content\/uploads\/2017\/03\/DSCN8172.jpg?fit=640%2C480&amp;ssl=1\" class=\"alignnone size-full wp-image-16570\" src=\"https:\/\/i0.wp.com\/genevieveetbernardauxameriques.fr\/wp-content\/uploads\/2017\/03\/DSCN8172.jpg?resize=640%2C480&#038;ssl=1\" alt=\"\" width=\"640\" height=\"480\" srcset=\"https:\/\/i0.wp.com\/genevieveetbernardauxameriques.fr\/wp-content\/uploads\/2017\/03\/DSCN8172.jpg?w=720&amp;ssl=1 720w, https:\/\/i0.wp.com\/genevieveetbernardauxameriques.fr\/wp-content\/uploads\/2017\/03\/DSCN8172.jpg?resize=300%2C225&amp;ssl=1 300w\" sizes=\"(max-width: 640px) 100vw, 640px\" data-recalc-dims=\"1\" \/><\/p>\n<p dir=\"ltr\">Nous allons d\u00e9jeuner en ville. Je vais me renseigner pour les tours qui sont organis\u00e9s dans des agences pour l&rsquo;observation des oiseaux.<\/p>\n<div>\n<p dir=\"ltr\">On part \u00e0 6 h du matin et on rentre vers 9 h 30 sur la route qui m\u00e8ne aux cascades (\u00e0 7 h lorsque je me suis balad\u00e9e sur cette m\u00eame route je n&rsquo;ai rien vu) on nous fournit des jumelles et le guide a une longue vue. Le prix est de 70 $. Nous trouvons que c&rsquo;est un peu ch\u00e8re. Pour aller voir des coqs des roches comme nous avions vus au P\u00e9rou le prix est de 120$ et il faut partir \u00e0 5 h 30. Donc nous n&rsquo;irons pas.<\/p>\n<p dir=\"ltr\">Par contre comme nous sommes maintenant gar\u00e9 juste \u00e0 c\u00f4t\u00e9 d&rsquo;une chocolaterie, et qu&rsquo;il pleut, nous rentrons dans le magasin. Nous tombons sur un fran\u00e7ais qui nous dit que c&rsquo;est une fabrique et qu&rsquo;on peut la visiter ( moyennant 8$).<\/p>\n<p dir=\"ltr\">Nous y allons et ne le regrettons pas.<\/p>\n<p dir=\"ltr\">Dans cette petite fabrique, ils ach\u00e8tent des cabosses de cacao dans le nord-est du pays (\u00e0 Esmeralda exactement) car c&rsquo;est un chocolat dont la puret\u00e9 des saveurs et le parfum du cacao est particuli\u00e8rement excellent et recherch\u00e9 pour faire des chocolats fins, elles sont vendues par une communaut\u00e9 de femmes qui va les chercher en for\u00eat, car cette vari\u00e9t\u00e9 avait disparu. Elles vont en refaire des plants pour le cultiver \u00e0 plus grandes \u00e9chelles. Cette cabosse est beaucoup plus grande que les cabosses\u00a0ordinaires que l&rsquo;on voit partout dans les champs. Elle est ramass\u00e9e jaune tous les 4 ans. Sinon il y a des arbustes qui \u00a0donne 100 cabosses et qui sont ramass\u00e9es tous les 2 ans et d&rsquo;autre une soixante tous les mois, pour le cacao ordinaire.<\/p>\n<p dir=\"ltr\"><a href=\"https:\/\/i0.wp.com\/genevieveetbernardauxameriques.fr\/wp-content\/uploads\/2017\/03\/DSCN8187.jpg?ssl=1\"><img loading=\"lazy\" decoding=\"async\" data-attachment-id=\"16575\" data-permalink=\"https:\/\/genevieveetbernardauxameriques.fr\/index.php\/2017\/03\/15\/la-cote-pacifique-de-puerto-lopez-a-la-frontiere-colombienne\/dscn8187\/\" data-orig-file=\"https:\/\/i0.wp.com\/genevieveetbernardauxameriques.fr\/wp-content\/uploads\/2017\/03\/DSCN8187.jpg?fit=720%2C540&amp;ssl=1\" data-orig-size=\"720,540\" data-comments-opened=\"1\" data-image-meta=\"{&quot;aperture&quot;:&quot;2.8&quot;,&quot;credit&quot;:&quot;&quot;,&quot;camera&quot;:&quot;COOLPIX P900&quot;,&quot;caption&quot;:&quot;&quot;,&quot;created_timestamp&quot;:&quot;1488923176&quot;,&quot;copyright&quot;:&quot;&quot;,&quot;focal_length&quot;:&quot;4.3&quot;,&quot;iso&quot;:&quot;280&quot;,&quot;shutter_speed&quot;:&quot;0.033333333333333&quot;,&quot;title&quot;:&quot;&quot;,&quot;orientation&quot;:&quot;1&quot;}\" data-image-title=\"DSCN8187\" data-image-description=\"\" data-image-caption=\"\" data-medium-file=\"https:\/\/i0.wp.com\/genevieveetbernardauxameriques.fr\/wp-content\/uploads\/2017\/03\/DSCN8187.jpg?fit=300%2C225&amp;ssl=1\" data-large-file=\"https:\/\/i0.wp.com\/genevieveetbernardauxameriques.fr\/wp-content\/uploads\/2017\/03\/DSCN8187.jpg?fit=640%2C480&amp;ssl=1\" class=\"alignnone size-full wp-image-16575\" src=\"https:\/\/i0.wp.com\/genevieveetbernardauxameriques.fr\/wp-content\/uploads\/2017\/03\/DSCN8187.jpg?resize=640%2C480&#038;ssl=1\" alt=\"\" width=\"640\" height=\"480\" srcset=\"https:\/\/i0.wp.com\/genevieveetbernardauxameriques.fr\/wp-content\/uploads\/2017\/03\/DSCN8187.jpg?w=720&amp;ssl=1 720w, https:\/\/i0.wp.com\/genevieveetbernardauxameriques.fr\/wp-content\/uploads\/2017\/03\/DSCN8187.jpg?resize=300%2C225&amp;ssl=1 300w\" sizes=\"(max-width: 640px) 100vw, 640px\" data-recalc-dims=\"1\" \/><\/a><\/p>\n<p dir=\"ltr\">Apr\u00e8s la r\u00e9colte, on proc\u00e8de \u00e0 l&rsquo;\u00e9cabossage :\u00a0les hommes ouvrent les cabosses \u00e0 la main pour en extraire les f\u00e8ves. Dans cette petite fabrique tr\u00e8s artisanale, ils travaillent avec 10 kg de f\u00e8ves \u00e0 chaque fois.<\/p>\n<p dir=\"ltr\">Il y a environ, une quarantaine de f\u00e8ves toutes dispos\u00e9es suivant des files entrelac\u00e9es d&rsquo;une pulpe blanch\u00e2tre et sucr\u00e9e \u00ab\u00a0le mucilage\u00a0\u00bb.<em><strong>\u00a0\u00a0<\/strong><\/em><\/p>\n<p dir=\"ltr\"><a href=\"https:\/\/i0.wp.com\/genevieveetbernardauxameriques.fr\/wp-content\/uploads\/2017\/03\/DSCN8186.jpg?ssl=1\"><img loading=\"lazy\" decoding=\"async\" data-attachment-id=\"16574\" data-permalink=\"https:\/\/genevieveetbernardauxameriques.fr\/index.php\/2017\/03\/15\/la-cote-pacifique-de-puerto-lopez-a-la-frontiere-colombienne\/dscn8186\/\" data-orig-file=\"https:\/\/i0.wp.com\/genevieveetbernardauxameriques.fr\/wp-content\/uploads\/2017\/03\/DSCN8186.jpg?fit=720%2C540&amp;ssl=1\" data-orig-size=\"720,540\" data-comments-opened=\"1\" data-image-meta=\"{&quot;aperture&quot;:&quot;2.8&quot;,&quot;credit&quot;:&quot;&quot;,&quot;camera&quot;:&quot;COOLPIX P900&quot;,&quot;caption&quot;:&quot;&quot;,&quot;created_timestamp&quot;:&quot;1488922856&quot;,&quot;copyright&quot;:&quot;&quot;,&quot;focal_length&quot;:&quot;4.3&quot;,&quot;iso&quot;:&quot;400&quot;,&quot;shutter_speed&quot;:&quot;0.033333333333333&quot;,&quot;title&quot;:&quot;&quot;,&quot;orientation&quot;:&quot;1&quot;}\" data-image-title=\"DSCN8186\" data-image-description=\"\" data-image-caption=\"\" data-medium-file=\"https:\/\/i0.wp.com\/genevieveetbernardauxameriques.fr\/wp-content\/uploads\/2017\/03\/DSCN8186.jpg?fit=300%2C225&amp;ssl=1\" data-large-file=\"https:\/\/i0.wp.com\/genevieveetbernardauxameriques.fr\/wp-content\/uploads\/2017\/03\/DSCN8186.jpg?fit=640%2C480&amp;ssl=1\" class=\"alignnone size-full wp-image-16574\" src=\"https:\/\/i0.wp.com\/genevieveetbernardauxameriques.fr\/wp-content\/uploads\/2017\/03\/DSCN8186.jpg?resize=640%2C480&#038;ssl=1\" alt=\"\" width=\"640\" height=\"480\" srcset=\"https:\/\/i0.wp.com\/genevieveetbernardauxameriques.fr\/wp-content\/uploads\/2017\/03\/DSCN8186.jpg?w=720&amp;ssl=1 720w, https:\/\/i0.wp.com\/genevieveetbernardauxameriques.fr\/wp-content\/uploads\/2017\/03\/DSCN8186.jpg?resize=300%2C225&amp;ssl=1 300w\" sizes=\"(max-width: 640px) 100vw, 640px\" data-recalc-dims=\"1\" \/><\/a><\/p>\n<p dir=\"ltr\">Ensuite on les fait fermenter.<\/p>\n<p dir=\"ltr\">Lorsque le mucilage a s\u00e9ch\u00e9 et disparu. Il faut 48 h pour le faire pourrir, \u00a0ils s&rsquo;en servent (ici) pour faire le beurre de cacao.<\/p>\n<p dir=\"ltr\">\u00a0 \u00a0 \u00a0 \u00a0 \u00a0 \u00a0 \u00a0 \u00a0\u00a0<a href=\"https:\/\/i0.wp.com\/genevieveetbernardauxameriques.fr\/wp-content\/uploads\/2017\/03\/DSCN8188.jpg?ssl=1\"><img loading=\"lazy\" decoding=\"async\" data-attachment-id=\"16576\" data-permalink=\"https:\/\/genevieveetbernardauxameriques.fr\/index.php\/2017\/03\/15\/la-cote-pacifique-de-puerto-lopez-a-la-frontiere-colombienne\/dscn8188\/\" data-orig-file=\"https:\/\/i0.wp.com\/genevieveetbernardauxameriques.fr\/wp-content\/uploads\/2017\/03\/DSCN8188.jpg?fit=720%2C540&amp;ssl=1\" data-orig-size=\"720,540\" data-comments-opened=\"1\" data-image-meta=\"{&quot;aperture&quot;:&quot;2.8&quot;,&quot;credit&quot;:&quot;&quot;,&quot;camera&quot;:&quot;COOLPIX P900&quot;,&quot;caption&quot;:&quot;&quot;,&quot;created_timestamp&quot;:&quot;1488923308&quot;,&quot;copyright&quot;:&quot;&quot;,&quot;focal_length&quot;:&quot;4.3&quot;,&quot;iso&quot;:&quot;180&quot;,&quot;shutter_speed&quot;:&quot;0.033333333333333&quot;,&quot;title&quot;:&quot;&quot;,&quot;orientation&quot;:&quot;1&quot;}\" data-image-title=\"DSCN8188\" data-image-description=\"\" data-image-caption=\"\" data-medium-file=\"https:\/\/i0.wp.com\/genevieveetbernardauxameriques.fr\/wp-content\/uploads\/2017\/03\/DSCN8188.jpg?fit=300%2C225&amp;ssl=1\" data-large-file=\"https:\/\/i0.wp.com\/genevieveetbernardauxameriques.fr\/wp-content\/uploads\/2017\/03\/DSCN8188.jpg?fit=640%2C480&amp;ssl=1\" class=\" wp-image-16576 aligncenter\" src=\"https:\/\/i0.wp.com\/genevieveetbernardauxameriques.fr\/wp-content\/uploads\/2017\/03\/DSCN8188.jpg?resize=388%2C291&#038;ssl=1\" alt=\"\" width=\"388\" height=\"291\" srcset=\"https:\/\/i0.wp.com\/genevieveetbernardauxameriques.fr\/wp-content\/uploads\/2017\/03\/DSCN8188.jpg?resize=300%2C225&amp;ssl=1 300w, https:\/\/i0.wp.com\/genevieveetbernardauxameriques.fr\/wp-content\/uploads\/2017\/03\/DSCN8188.jpg?w=720&amp;ssl=1 720w\" sizes=\"(max-width: 388px) 100vw, 388px\" data-recalc-dims=\"1\" \/><\/a><\/p>\n<p dir=\"ltr\">\u00a0 \u00a0 \u00a0 \u00a0puis on les met 4 jours\u00a0dans une feuille de banane recouvert de plastique, la f\u00e8ve va \u00a0 \u00a0 \u00a0 \u00a0 \u00a0 \u00a0 devenir marron<\/p>\n<p dir=\"ltr\">\u00a0 \u00a0 \u00a0 \u00a0 \u00a0 \u00a0 \u00a0 \u00a0 \u00a0 \u00a0 \u00a0 \u00a0 \u00a0 \u00a0 \u00a0 \u00a0 \u00a0 \u00a0 \u00a0 \u00a0 \u00a0 \u00a0 \u00a0 \u00a0 \u00a0 \u00a0 \u00a0 \u00a0 \u00a0 \u00a0 \u00a0 \u00a0 \u00a0 \u00a0 \u00a0 \u00a0<a href=\"https:\/\/i0.wp.com\/genevieveetbernardauxameriques.fr\/wp-content\/uploads\/2017\/03\/DSCN8190.jpg?ssl=1\"><img loading=\"lazy\" decoding=\"async\" data-attachment-id=\"16577\" data-permalink=\"https:\/\/genevieveetbernardauxameriques.fr\/index.php\/2017\/03\/15\/la-cote-pacifique-de-puerto-lopez-a-la-frontiere-colombienne\/dscn8190\/\" data-orig-file=\"https:\/\/i0.wp.com\/genevieveetbernardauxameriques.fr\/wp-content\/uploads\/2017\/03\/DSCN8190.jpg?fit=720%2C540&amp;ssl=1\" data-orig-size=\"720,540\" data-comments-opened=\"1\" data-image-meta=\"{&quot;aperture&quot;:&quot;2.8&quot;,&quot;credit&quot;:&quot;&quot;,&quot;camera&quot;:&quot;COOLPIX P900&quot;,&quot;caption&quot;:&quot;&quot;,&quot;created_timestamp&quot;:&quot;1488923409&quot;,&quot;copyright&quot;:&quot;&quot;,&quot;focal_length&quot;:&quot;4.3&quot;,&quot;iso&quot;:&quot;160&quot;,&quot;shutter_speed&quot;:&quot;0.033333333333333&quot;,&quot;title&quot;:&quot;&quot;,&quot;orientation&quot;:&quot;1&quot;}\" data-image-title=\"DSCN8190\" data-image-description=\"\" data-image-caption=\"\" data-medium-file=\"https:\/\/i0.wp.com\/genevieveetbernardauxameriques.fr\/wp-content\/uploads\/2017\/03\/DSCN8190.jpg?fit=300%2C225&amp;ssl=1\" data-large-file=\"https:\/\/i0.wp.com\/genevieveetbernardauxameriques.fr\/wp-content\/uploads\/2017\/03\/DSCN8190.jpg?fit=640%2C480&amp;ssl=1\" class=\"size-medium wp-image-16577 aligncenter\" src=\"https:\/\/i0.wp.com\/genevieveetbernardauxameriques.fr\/wp-content\/uploads\/2017\/03\/DSCN8190.jpg?resize=300%2C225&#038;ssl=1\" alt=\"\" width=\"300\" height=\"225\" srcset=\"https:\/\/i0.wp.com\/genevieveetbernardauxameriques.fr\/wp-content\/uploads\/2017\/03\/DSCN8190.jpg?resize=300%2C225&amp;ssl=1 300w, https:\/\/i0.wp.com\/genevieveetbernardauxameriques.fr\/wp-content\/uploads\/2017\/03\/DSCN8190.jpg?w=720&amp;ssl=1 720w\" sizes=\"(max-width: 300px) 100vw, 300px\" data-recalc-dims=\"1\" \/><\/a><\/p>\n<p dir=\"ltr\">Ensuite pendant 15 jours elle s\u00e8che \u00e0 l&rsquo;air libre, elle va devenir noire. Gr\u00e2ce \u00e0 l\u2019action du soleil, les graines transpirent et la fermentation commence ce qui emp\u00eache les graines de germer.\u00a0Les f\u00e8ves sont \u00e9tal\u00e9es et fr\u00e9quemment remu\u00e9es.<\/p>\n<p dir=\"ltr\"><a href=\"https:\/\/i0.wp.com\/genevieveetbernardauxameriques.fr\/wp-content\/uploads\/2017\/03\/DSCN8192.jpg?ssl=1\"><img loading=\"lazy\" decoding=\"async\" data-attachment-id=\"16578\" data-permalink=\"https:\/\/genevieveetbernardauxameriques.fr\/index.php\/2017\/03\/15\/la-cote-pacifique-de-puerto-lopez-a-la-frontiere-colombienne\/dscn8192\/\" data-orig-file=\"https:\/\/i0.wp.com\/genevieveetbernardauxameriques.fr\/wp-content\/uploads\/2017\/03\/DSCN8192.jpg?fit=720%2C540&amp;ssl=1\" data-orig-size=\"720,540\" data-comments-opened=\"1\" data-image-meta=\"{&quot;aperture&quot;:&quot;2.8&quot;,&quot;credit&quot;:&quot;&quot;,&quot;camera&quot;:&quot;COOLPIX P900&quot;,&quot;caption&quot;:&quot;&quot;,&quot;created_timestamp&quot;:&quot;1488923597&quot;,&quot;copyright&quot;:&quot;&quot;,&quot;focal_length&quot;:&quot;4.3&quot;,&quot;iso&quot;:&quot;100&quot;,&quot;shutter_speed&quot;:&quot;0.025&quot;,&quot;title&quot;:&quot;&quot;,&quot;orientation&quot;:&quot;1&quot;}\" data-image-title=\"DSCN8192\" data-image-description=\"\" data-image-caption=\"\" data-medium-file=\"https:\/\/i0.wp.com\/genevieveetbernardauxameriques.fr\/wp-content\/uploads\/2017\/03\/DSCN8192.jpg?fit=300%2C225&amp;ssl=1\" data-large-file=\"https:\/\/i0.wp.com\/genevieveetbernardauxameriques.fr\/wp-content\/uploads\/2017\/03\/DSCN8192.jpg?fit=640%2C480&amp;ssl=1\" class=\"size-medium wp-image-16578 aligncenter\" src=\"https:\/\/i0.wp.com\/genevieveetbernardauxameriques.fr\/wp-content\/uploads\/2017\/03\/DSCN8192.jpg?resize=300%2C225&#038;ssl=1\" alt=\"\" width=\"300\" height=\"225\" srcset=\"https:\/\/i0.wp.com\/genevieveetbernardauxameriques.fr\/wp-content\/uploads\/2017\/03\/DSCN8192.jpg?resize=300%2C225&amp;ssl=1 300w, https:\/\/i0.wp.com\/genevieveetbernardauxameriques.fr\/wp-content\/uploads\/2017\/03\/DSCN8192.jpg?w=720&amp;ssl=1 720w\" sizes=\"(max-width: 300px) 100vw, 300px\" data-recalc-dims=\"1\" \/><\/a><\/p>\n<p dir=\"ltr\">Et l&rsquo;on proc\u00e8de au concassage, derri\u00e8re la petite machine que vous voyez ici il y a un ventilateur, on met les 10 kg, et l&rsquo;on fait tourner la machine, ce qui va s\u00e9parer la f\u00e8ve du chocolat. L&rsquo;op\u00e9ration est r\u00e9p\u00e9t\u00e9e 3 fois<\/p>\n<p dir=\"ltr\"><a href=\"https:\/\/i0.wp.com\/genevieveetbernardauxameriques.fr\/wp-content\/uploads\/2017\/03\/DSCN8193.jpg?ssl=1\"><img loading=\"lazy\" decoding=\"async\" data-attachment-id=\"16579\" data-permalink=\"https:\/\/genevieveetbernardauxameriques.fr\/index.php\/2017\/03\/15\/la-cote-pacifique-de-puerto-lopez-a-la-frontiere-colombienne\/dscn8193\/\" data-orig-file=\"https:\/\/i0.wp.com\/genevieveetbernardauxameriques.fr\/wp-content\/uploads\/2017\/03\/DSCN8193.jpg?fit=720%2C540&amp;ssl=1\" data-orig-size=\"720,540\" data-comments-opened=\"1\" data-image-meta=\"{&quot;aperture&quot;:&quot;2.8&quot;,&quot;credit&quot;:&quot;&quot;,&quot;camera&quot;:&quot;COOLPIX P900&quot;,&quot;caption&quot;:&quot;&quot;,&quot;created_timestamp&quot;:&quot;1488923824&quot;,&quot;copyright&quot;:&quot;&quot;,&quot;focal_length&quot;:&quot;4.3&quot;,&quot;iso&quot;:&quot;400&quot;,&quot;shutter_speed&quot;:&quot;0.1&quot;,&quot;title&quot;:&quot;&quot;,&quot;orientation&quot;:&quot;1&quot;}\" data-image-title=\"DSCN8193\" data-image-description=\"\" data-image-caption=\"\" data-medium-file=\"https:\/\/i0.wp.com\/genevieveetbernardauxameriques.fr\/wp-content\/uploads\/2017\/03\/DSCN8193.jpg?fit=300%2C225&amp;ssl=1\" data-large-file=\"https:\/\/i0.wp.com\/genevieveetbernardauxameriques.fr\/wp-content\/uploads\/2017\/03\/DSCN8193.jpg?fit=640%2C480&amp;ssl=1\" class=\"alignnone size-medium wp-image-16579\" src=\"https:\/\/i0.wp.com\/genevieveetbernardauxameriques.fr\/wp-content\/uploads\/2017\/03\/DSCN8193.jpg?resize=300%2C225&#038;ssl=1\" alt=\"\" width=\"300\" height=\"225\" srcset=\"https:\/\/i0.wp.com\/genevieveetbernardauxameriques.fr\/wp-content\/uploads\/2017\/03\/DSCN8193.jpg?resize=300%2C225&amp;ssl=1 300w, https:\/\/i0.wp.com\/genevieveetbernardauxameriques.fr\/wp-content\/uploads\/2017\/03\/DSCN8193.jpg?w=720&amp;ssl=1 720w\" sizes=\"(max-width: 300px) 100vw, 300px\" data-recalc-dims=\"1\" \/><\/a><a href=\"https:\/\/i0.wp.com\/genevieveetbernardauxameriques.fr\/wp-content\/uploads\/2017\/03\/DSCN8196.jpg?ssl=1\"><img loading=\"lazy\" decoding=\"async\" data-attachment-id=\"16580\" data-permalink=\"https:\/\/genevieveetbernardauxameriques.fr\/index.php\/2017\/03\/15\/la-cote-pacifique-de-puerto-lopez-a-la-frontiere-colombienne\/dscn8196\/\" data-orig-file=\"https:\/\/i0.wp.com\/genevieveetbernardauxameriques.fr\/wp-content\/uploads\/2017\/03\/DSCN8196.jpg?fit=720%2C540&amp;ssl=1\" data-orig-size=\"720,540\" data-comments-opened=\"1\" data-image-meta=\"{&quot;aperture&quot;:&quot;2.8&quot;,&quot;credit&quot;:&quot;&quot;,&quot;camera&quot;:&quot;COOLPIX P900&quot;,&quot;caption&quot;:&quot;&quot;,&quot;created_timestamp&quot;:&quot;1488923950&quot;,&quot;copyright&quot;:&quot;&quot;,&quot;focal_length&quot;:&quot;4.3&quot;,&quot;iso&quot;:&quot;400&quot;,&quot;shutter_speed&quot;:&quot;0.04&quot;,&quot;title&quot;:&quot;&quot;,&quot;orientation&quot;:&quot;1&quot;}\" data-image-title=\"DSCN8196\" data-image-description=\"\" data-image-caption=\"\" data-medium-file=\"https:\/\/i0.wp.com\/genevieveetbernardauxameriques.fr\/wp-content\/uploads\/2017\/03\/DSCN8196.jpg?fit=300%2C225&amp;ssl=1\" data-large-file=\"https:\/\/i0.wp.com\/genevieveetbernardauxameriques.fr\/wp-content\/uploads\/2017\/03\/DSCN8196.jpg?fit=640%2C480&amp;ssl=1\" class=\"alignnone size-medium wp-image-16580\" src=\"https:\/\/i0.wp.com\/genevieveetbernardauxameriques.fr\/wp-content\/uploads\/2017\/03\/DSCN8196.jpg?resize=300%2C225&#038;ssl=1\" alt=\"\" width=\"300\" height=\"225\" srcset=\"https:\/\/i0.wp.com\/genevieveetbernardauxameriques.fr\/wp-content\/uploads\/2017\/03\/DSCN8196.jpg?resize=300%2C225&amp;ssl=1 300w, https:\/\/i0.wp.com\/genevieveetbernardauxameriques.fr\/wp-content\/uploads\/2017\/03\/DSCN8196.jpg?w=720&amp;ssl=1 720w\" sizes=\"(max-width: 300px) 100vw, 300px\" data-recalc-dims=\"1\" \/><\/a><\/p>\n<p dir=\"ltr\">Vient ensuite l&rsquo;affinage : on va le broyer dans cette petite machine\u00a0jusqu&rsquo;\u00e0 obtenir une texture tr\u00e8s fine.<\/p>\n<\/div>\n<p dir=\"ltr\"><a href=\"https:\/\/i0.wp.com\/genevieveetbernardauxameriques.fr\/wp-content\/uploads\/2017\/03\/DSCN8197.jpg?ssl=1\"><img loading=\"lazy\" decoding=\"async\" data-attachment-id=\"16581\" data-permalink=\"https:\/\/genevieveetbernardauxameriques.fr\/index.php\/2017\/03\/15\/la-cote-pacifique-de-puerto-lopez-a-la-frontiere-colombienne\/dscn8197\/\" data-orig-file=\"https:\/\/i0.wp.com\/genevieveetbernardauxameriques.fr\/wp-content\/uploads\/2017\/03\/DSCN8197.jpg?fit=720%2C540&amp;ssl=1\" data-orig-size=\"720,540\" data-comments-opened=\"1\" data-image-meta=\"{&quot;aperture&quot;:&quot;2.8&quot;,&quot;credit&quot;:&quot;&quot;,&quot;camera&quot;:&quot;COOLPIX P900&quot;,&quot;caption&quot;:&quot;&quot;,&quot;created_timestamp&quot;:&quot;1488923963&quot;,&quot;copyright&quot;:&quot;&quot;,&quot;focal_length&quot;:&quot;4.3&quot;,&quot;iso&quot;:&quot;400&quot;,&quot;shutter_speed&quot;:&quot;0.033333333333333&quot;,&quot;title&quot;:&quot;&quot;,&quot;orientation&quot;:&quot;1&quot;}\" data-image-title=\"DSCN8197\" data-image-description=\"\" data-image-caption=\"\" data-medium-file=\"https:\/\/i0.wp.com\/genevieveetbernardauxameriques.fr\/wp-content\/uploads\/2017\/03\/DSCN8197.jpg?fit=300%2C225&amp;ssl=1\" data-large-file=\"https:\/\/i0.wp.com\/genevieveetbernardauxameriques.fr\/wp-content\/uploads\/2017\/03\/DSCN8197.jpg?fit=640%2C480&amp;ssl=1\" class=\"alignnone size-medium wp-image-16581\" src=\"https:\/\/i0.wp.com\/genevieveetbernardauxameriques.fr\/wp-content\/uploads\/2017\/03\/DSCN8197.jpg?resize=300%2C225&#038;ssl=1\" alt=\"\" width=\"300\" height=\"225\" srcset=\"https:\/\/i0.wp.com\/genevieveetbernardauxameriques.fr\/wp-content\/uploads\/2017\/03\/DSCN8197.jpg?resize=300%2C225&amp;ssl=1 300w, https:\/\/i0.wp.com\/genevieveetbernardauxameriques.fr\/wp-content\/uploads\/2017\/03\/DSCN8197.jpg?w=720&amp;ssl=1 720w\" sizes=\"(max-width: 300px) 100vw, 300px\" data-recalc-dims=\"1\" \/><\/a> \u00a0\u00a0 \u00a0<a href=\"https:\/\/i0.wp.com\/genevieveetbernardauxameriques.fr\/wp-content\/uploads\/2017\/03\/DSCN8202.jpg?ssl=1\"><img loading=\"lazy\" decoding=\"async\" data-attachment-id=\"16582\" data-permalink=\"https:\/\/genevieveetbernardauxameriques.fr\/index.php\/2017\/03\/15\/la-cote-pacifique-de-puerto-lopez-a-la-frontiere-colombienne\/dscn8202\/\" data-orig-file=\"https:\/\/i0.wp.com\/genevieveetbernardauxameriques.fr\/wp-content\/uploads\/2017\/03\/DSCN8202.jpg?fit=720%2C540&amp;ssl=1\" data-orig-size=\"720,540\" data-comments-opened=\"1\" data-image-meta=\"{&quot;aperture&quot;:&quot;2.8&quot;,&quot;credit&quot;:&quot;&quot;,&quot;camera&quot;:&quot;COOLPIX P900&quot;,&quot;caption&quot;:&quot;&quot;,&quot;created_timestamp&quot;:&quot;1488924043&quot;,&quot;copyright&quot;:&quot;&quot;,&quot;focal_length&quot;:&quot;4.3&quot;,&quot;iso&quot;:&quot;400&quot;,&quot;shutter_speed&quot;:&quot;0.076923076923077&quot;,&quot;title&quot;:&quot;&quot;,&quot;orientation&quot;:&quot;1&quot;}\" data-image-title=\"DSCN8202\" data-image-description=\"\" data-image-caption=\"\" data-medium-file=\"https:\/\/i0.wp.com\/genevieveetbernardauxameriques.fr\/wp-content\/uploads\/2017\/03\/DSCN8202.jpg?fit=300%2C225&amp;ssl=1\" data-large-file=\"https:\/\/i0.wp.com\/genevieveetbernardauxameriques.fr\/wp-content\/uploads\/2017\/03\/DSCN8202.jpg?fit=640%2C480&amp;ssl=1\" class=\"alignnone size-medium wp-image-16582\" src=\"https:\/\/i0.wp.com\/genevieveetbernardauxameriques.fr\/wp-content\/uploads\/2017\/03\/DSCN8202.jpg?resize=300%2C225&#038;ssl=1\" alt=\"\" width=\"300\" height=\"225\" srcset=\"https:\/\/i0.wp.com\/genevieveetbernardauxameriques.fr\/wp-content\/uploads\/2017\/03\/DSCN8202.jpg?resize=300%2C225&amp;ssl=1 300w, https:\/\/i0.wp.com\/genevieveetbernardauxameriques.fr\/wp-content\/uploads\/2017\/03\/DSCN8202.jpg?w=720&amp;ssl=1 720w\" sizes=\"(max-width: 300px) 100vw, 300px\" data-recalc-dims=\"1\" \/><\/a><\/p>\n<p dir=\"ltr\">Le conchage : on fait fondre la poudre r\u00e9colt\u00e9e sous le tamis pendant 70 h \u00e0 47\u00b0, il est malax\u00e9 sans arr\u00eat dans la machine \u00e0 droite, \u00a0il est tamis\u00e9 encore une fois jusqu&rsquo;\u00e0 obtenir la texture, le go\u00fbt et les ar\u00f4mes d\u00e9sir\u00e9s.<\/p>\n<p dir=\"ltr\">\u00a0 \u00a0 \u00a0 \u00a0\u00a0 <a href=\"https:\/\/i0.wp.com\/genevieveetbernardauxameriques.fr\/wp-content\/uploads\/2017\/03\/DSCN8203.jpg?ssl=1\"><img loading=\"lazy\" decoding=\"async\" data-attachment-id=\"16583\" data-permalink=\"https:\/\/genevieveetbernardauxameriques.fr\/index.php\/2017\/03\/15\/la-cote-pacifique-de-puerto-lopez-a-la-frontiere-colombienne\/dscn8203\/\" data-orig-file=\"https:\/\/i0.wp.com\/genevieveetbernardauxameriques.fr\/wp-content\/uploads\/2017\/03\/DSCN8203.jpg?fit=540%2C720&amp;ssl=1\" data-orig-size=\"540,720\" data-comments-opened=\"1\" data-image-meta=\"{&quot;aperture&quot;:&quot;2.8&quot;,&quot;credit&quot;:&quot;&quot;,&quot;camera&quot;:&quot;COOLPIX P900&quot;,&quot;caption&quot;:&quot;&quot;,&quot;created_timestamp&quot;:&quot;1488924473&quot;,&quot;copyright&quot;:&quot;&quot;,&quot;focal_length&quot;:&quot;4.3&quot;,&quot;iso&quot;:&quot;400&quot;,&quot;shutter_speed&quot;:&quot;0.1&quot;,&quot;title&quot;:&quot;&quot;,&quot;orientation&quot;:&quot;1&quot;}\" data-image-title=\"DSCN8203\" data-image-description=\"\" data-image-caption=\"\" data-medium-file=\"https:\/\/i0.wp.com\/genevieveetbernardauxameriques.fr\/wp-content\/uploads\/2017\/03\/DSCN8203.jpg?fit=225%2C300&amp;ssl=1\" data-large-file=\"https:\/\/i0.wp.com\/genevieveetbernardauxameriques.fr\/wp-content\/uploads\/2017\/03\/DSCN8203.jpg?fit=540%2C720&amp;ssl=1\" class=\"alignnone size-medium wp-image-16583\" src=\"https:\/\/i0.wp.com\/genevieveetbernardauxameriques.fr\/wp-content\/uploads\/2017\/03\/DSCN8203.jpg?resize=225%2C300&#038;ssl=1\" alt=\"\" width=\"225\" height=\"300\" srcset=\"https:\/\/i0.wp.com\/genevieveetbernardauxameriques.fr\/wp-content\/uploads\/2017\/03\/DSCN8203.jpg?resize=225%2C300&amp;ssl=1 225w, https:\/\/i0.wp.com\/genevieveetbernardauxameriques.fr\/wp-content\/uploads\/2017\/03\/DSCN8203.jpg?w=540&amp;ssl=1 540w\" sizes=\"(max-width: 225px) 100vw, 225px\" data-recalc-dims=\"1\" \/><\/a> \u00a0 \u00a0 \u00a0\u00a0 <a href=\"https:\/\/i0.wp.com\/genevieveetbernardauxameriques.fr\/wp-content\/uploads\/2017\/03\/DSCN8205.jpg?ssl=1\"><img loading=\"lazy\" decoding=\"async\" data-attachment-id=\"16584\" data-permalink=\"https:\/\/genevieveetbernardauxameriques.fr\/index.php\/2017\/03\/15\/la-cote-pacifique-de-puerto-lopez-a-la-frontiere-colombienne\/dscn8205\/\" data-orig-file=\"https:\/\/i0.wp.com\/genevieveetbernardauxameriques.fr\/wp-content\/uploads\/2017\/03\/DSCN8205.jpg?fit=720%2C540&amp;ssl=1\" data-orig-size=\"720,540\" data-comments-opened=\"1\" data-image-meta=\"{&quot;aperture&quot;:&quot;2.8&quot;,&quot;credit&quot;:&quot;&quot;,&quot;camera&quot;:&quot;COOLPIX P900&quot;,&quot;caption&quot;:&quot;&quot;,&quot;created_timestamp&quot;:&quot;1488924504&quot;,&quot;copyright&quot;:&quot;&quot;,&quot;focal_length&quot;:&quot;4.3&quot;,&quot;iso&quot;:&quot;400&quot;,&quot;shutter_speed&quot;:&quot;0.1&quot;,&quot;title&quot;:&quot;&quot;,&quot;orientation&quot;:&quot;1&quot;}\" data-image-title=\"DSCN8205\" data-image-description=\"\" data-image-caption=\"\" data-medium-file=\"https:\/\/i0.wp.com\/genevieveetbernardauxameriques.fr\/wp-content\/uploads\/2017\/03\/DSCN8205.jpg?fit=300%2C225&amp;ssl=1\" data-large-file=\"https:\/\/i0.wp.com\/genevieveetbernardauxameriques.fr\/wp-content\/uploads\/2017\/03\/DSCN8205.jpg?fit=640%2C480&amp;ssl=1\" class=\"alignnone size-medium wp-image-16584\" src=\"https:\/\/i0.wp.com\/genevieveetbernardauxameriques.fr\/wp-content\/uploads\/2017\/03\/DSCN8205.jpg?resize=300%2C225&#038;ssl=1\" alt=\"\" width=\"300\" height=\"225\" srcset=\"https:\/\/i0.wp.com\/genevieveetbernardauxameriques.fr\/wp-content\/uploads\/2017\/03\/DSCN8205.jpg?resize=300%2C225&amp;ssl=1 300w, https:\/\/i0.wp.com\/genevieveetbernardauxameriques.fr\/wp-content\/uploads\/2017\/03\/DSCN8205.jpg?w=720&amp;ssl=1 720w\" sizes=\"(max-width: 300px) 100vw, 300px\" data-recalc-dims=\"1\" \/><\/a><\/p>\n<p dir=\"ltr\">A gauche c&rsquo;est un appareil pour faire fondre le beurre de cacao, c&rsquo;est la mati\u00e8re grasse du cacao \u00e0 laquelle on n&rsquo;ajoute pas de sucre.<\/p>\n<p dir=\"ltr\">A droite c&rsquo;est une presse.<\/p>\n<p dir=\"ltr\"><a href=\"https:\/\/genevieveetbernardauxameriques.fr\/wp-content\/uploads\/2017\/03\/DSCN8206.jpg\">\u00a0 \u00a0 \u00a0 \u00a0 <img loading=\"lazy\" decoding=\"async\" data-attachment-id=\"16585\" data-permalink=\"https:\/\/genevieveetbernardauxameriques.fr\/index.php\/2017\/03\/15\/la-cote-pacifique-de-puerto-lopez-a-la-frontiere-colombienne\/dscn8206\/\" data-orig-file=\"https:\/\/i0.wp.com\/genevieveetbernardauxameriques.fr\/wp-content\/uploads\/2017\/03\/DSCN8206.jpg?fit=720%2C540&amp;ssl=1\" data-orig-size=\"720,540\" data-comments-opened=\"1\" data-image-meta=\"{&quot;aperture&quot;:&quot;2.8&quot;,&quot;credit&quot;:&quot;&quot;,&quot;camera&quot;:&quot;COOLPIX P900&quot;,&quot;caption&quot;:&quot;&quot;,&quot;created_timestamp&quot;:&quot;1488924541&quot;,&quot;copyright&quot;:&quot;&quot;,&quot;focal_length&quot;:&quot;4.3&quot;,&quot;iso&quot;:&quot;500&quot;,&quot;shutter_speed&quot;:&quot;0.125&quot;,&quot;title&quot;:&quot;&quot;,&quot;orientation&quot;:&quot;1&quot;}\" data-image-title=\"DSCN8206\" data-image-description=\"\" data-image-caption=\"\" data-medium-file=\"https:\/\/i0.wp.com\/genevieveetbernardauxameriques.fr\/wp-content\/uploads\/2017\/03\/DSCN8206.jpg?fit=300%2C225&amp;ssl=1\" data-large-file=\"https:\/\/i0.wp.com\/genevieveetbernardauxameriques.fr\/wp-content\/uploads\/2017\/03\/DSCN8206.jpg?fit=640%2C480&amp;ssl=1\" class=\"alignnone size-medium wp-image-16585\" src=\"https:\/\/i0.wp.com\/genevieveetbernardauxameriques.fr\/wp-content\/uploads\/2017\/03\/DSCN8206.jpg?resize=300%2C225&#038;ssl=1\" alt=\"\" width=\"300\" height=\"225\" srcset=\"https:\/\/i0.wp.com\/genevieveetbernardauxameriques.fr\/wp-content\/uploads\/2017\/03\/DSCN8206.jpg?resize=300%2C225&amp;ssl=1 300w, https:\/\/i0.wp.com\/genevieveetbernardauxameriques.fr\/wp-content\/uploads\/2017\/03\/DSCN8206.jpg?w=720&amp;ssl=1 720w\" sizes=\"(max-width: 300px) 100vw, 300px\" data-recalc-dims=\"1\" \/><\/a> \u00a0\u00a0 \u00a0\u00a0 <a href=\"https:\/\/i0.wp.com\/genevieveetbernardauxameriques.fr\/wp-content\/uploads\/2017\/03\/DSCN8207.jpg?ssl=1\"><img loading=\"lazy\" decoding=\"async\" data-attachment-id=\"16586\" data-permalink=\"https:\/\/genevieveetbernardauxameriques.fr\/index.php\/2017\/03\/15\/la-cote-pacifique-de-puerto-lopez-a-la-frontiere-colombienne\/dscn8207\/\" data-orig-file=\"https:\/\/i0.wp.com\/genevieveetbernardauxameriques.fr\/wp-content\/uploads\/2017\/03\/DSCN8207.jpg?fit=540%2C720&amp;ssl=1\" data-orig-size=\"540,720\" data-comments-opened=\"1\" data-image-meta=\"{&quot;aperture&quot;:&quot;2.8&quot;,&quot;credit&quot;:&quot;&quot;,&quot;camera&quot;:&quot;COOLPIX P900&quot;,&quot;caption&quot;:&quot;&quot;,&quot;created_timestamp&quot;:&quot;1488924570&quot;,&quot;copyright&quot;:&quot;&quot;,&quot;focal_length&quot;:&quot;4.3&quot;,&quot;iso&quot;:&quot;400&quot;,&quot;shutter_speed&quot;:&quot;0.066666666666667&quot;,&quot;title&quot;:&quot;&quot;,&quot;orientation&quot;:&quot;1&quot;}\" data-image-title=\"DSCN8207\" data-image-description=\"\" data-image-caption=\"\" data-medium-file=\"https:\/\/i0.wp.com\/genevieveetbernardauxameriques.fr\/wp-content\/uploads\/2017\/03\/DSCN8207.jpg?fit=225%2C300&amp;ssl=1\" data-large-file=\"https:\/\/i0.wp.com\/genevieveetbernardauxameriques.fr\/wp-content\/uploads\/2017\/03\/DSCN8207.jpg?fit=540%2C720&amp;ssl=1\" class=\"alignnone size-medium wp-image-16586\" src=\"https:\/\/i0.wp.com\/genevieveetbernardauxameriques.fr\/wp-content\/uploads\/2017\/03\/DSCN8207.jpg?resize=225%2C300&#038;ssl=1\" alt=\"\" width=\"225\" height=\"300\" srcset=\"https:\/\/i0.wp.com\/genevieveetbernardauxameriques.fr\/wp-content\/uploads\/2017\/03\/DSCN8207.jpg?resize=225%2C300&amp;ssl=1 225w, https:\/\/i0.wp.com\/genevieveetbernardauxameriques.fr\/wp-content\/uploads\/2017\/03\/DSCN8207.jpg?w=540&amp;ssl=1 540w\" sizes=\"(max-width: 225px) 100vw, 225px\" data-recalc-dims=\"1\" \/><\/a><\/p>\n<p dir=\"ltr\">Dans une autre salle,<strong>\u00a0<\/strong>moulage et emballage : on \u00e9tale la p\u00e2te sur un marbre, on ajoute \u00e9ventuellement du concentr\u00e9 de caf\u00e9, du piment ou du gingembre mix\u00e9, on la fait s\u00e9cher au gaz une dizaine de minutes pour qu&rsquo;il n&rsquo;y ait aucune bulle d&rsquo;air. On la met dans des moules en plastique par 3 petites tablettes, \u00a0puis 30 mn au frigo.<\/p>\n<p dir=\"ltr\"><a href=\"https:\/\/i0.wp.com\/genevieveetbernardauxameriques.fr\/wp-content\/uploads\/2017\/03\/DSCN8209.jpg?ssl=1\"><img loading=\"lazy\" decoding=\"async\" data-attachment-id=\"16588\" data-permalink=\"https:\/\/genevieveetbernardauxameriques.fr\/index.php\/2017\/03\/15\/la-cote-pacifique-de-puerto-lopez-a-la-frontiere-colombienne\/dscn8209\/\" data-orig-file=\"https:\/\/i0.wp.com\/genevieveetbernardauxameriques.fr\/wp-content\/uploads\/2017\/03\/DSCN8209.jpg?fit=720%2C540&amp;ssl=1\" data-orig-size=\"720,540\" data-comments-opened=\"1\" data-image-meta=\"{&quot;aperture&quot;:&quot;3.5&quot;,&quot;credit&quot;:&quot;&quot;,&quot;camera&quot;:&quot;COOLPIX P900&quot;,&quot;caption&quot;:&quot;&quot;,&quot;created_timestamp&quot;:&quot;1488924799&quot;,&quot;copyright&quot;:&quot;&quot;,&quot;focal_length&quot;:&quot;10.7&quot;,&quot;iso&quot;:&quot;400&quot;,&quot;shutter_speed&quot;:&quot;0.1&quot;,&quot;title&quot;:&quot;&quot;,&quot;orientation&quot;:&quot;1&quot;}\" data-image-title=\"DSCN8209\" data-image-description=\"\" data-image-caption=\"\" data-medium-file=\"https:\/\/i0.wp.com\/genevieveetbernardauxameriques.fr\/wp-content\/uploads\/2017\/03\/DSCN8209.jpg?fit=300%2C225&amp;ssl=1\" data-large-file=\"https:\/\/i0.wp.com\/genevieveetbernardauxameriques.fr\/wp-content\/uploads\/2017\/03\/DSCN8209.jpg?fit=640%2C480&amp;ssl=1\" class=\"alignnone size-medium wp-image-16588\" src=\"https:\/\/i0.wp.com\/genevieveetbernardauxameriques.fr\/wp-content\/uploads\/2017\/03\/DSCN8209.jpg?resize=300%2C225&#038;ssl=1\" alt=\"\" width=\"300\" height=\"225\" srcset=\"https:\/\/i0.wp.com\/genevieveetbernardauxameriques.fr\/wp-content\/uploads\/2017\/03\/DSCN8209.jpg?resize=300%2C225&amp;ssl=1 300w, https:\/\/i0.wp.com\/genevieveetbernardauxameriques.fr\/wp-content\/uploads\/2017\/03\/DSCN8209.jpg?w=720&amp;ssl=1 720w\" sizes=\"(max-width: 300px) 100vw, 300px\" data-recalc-dims=\"1\" \/><\/a> \u00a0\u00a0 \u00a0\u00a0<a href=\"https:\/\/i0.wp.com\/genevieveetbernardauxameriques.fr\/wp-content\/uploads\/2017\/03\/DSCN8211.jpg?ssl=1\"><img loading=\"lazy\" decoding=\"async\" data-attachment-id=\"16590\" data-permalink=\"https:\/\/genevieveetbernardauxameriques.fr\/index.php\/2017\/03\/15\/la-cote-pacifique-de-puerto-lopez-a-la-frontiere-colombienne\/dscn8211\/\" data-orig-file=\"https:\/\/i0.wp.com\/genevieveetbernardauxameriques.fr\/wp-content\/uploads\/2017\/03\/DSCN8211.jpg?fit=720%2C540&amp;ssl=1\" data-orig-size=\"720,540\" data-comments-opened=\"1\" data-image-meta=\"{&quot;aperture&quot;:&quot;3.2&quot;,&quot;credit&quot;:&quot;&quot;,&quot;camera&quot;:&quot;COOLPIX P900&quot;,&quot;caption&quot;:&quot;&quot;,&quot;created_timestamp&quot;:&quot;1488924956&quot;,&quot;copyright&quot;:&quot;&quot;,&quot;focal_length&quot;:&quot;7.1&quot;,&quot;iso&quot;:&quot;400&quot;,&quot;shutter_speed&quot;:&quot;0.066666666666667&quot;,&quot;title&quot;:&quot;&quot;,&quot;orientation&quot;:&quot;1&quot;}\" data-image-title=\"DSCN8211\" data-image-description=\"\" data-image-caption=\"\" data-medium-file=\"https:\/\/i0.wp.com\/genevieveetbernardauxameriques.fr\/wp-content\/uploads\/2017\/03\/DSCN8211.jpg?fit=300%2C225&amp;ssl=1\" data-large-file=\"https:\/\/i0.wp.com\/genevieveetbernardauxameriques.fr\/wp-content\/uploads\/2017\/03\/DSCN8211.jpg?fit=640%2C480&amp;ssl=1\" class=\"alignnone size-medium wp-image-16590\" src=\"https:\/\/i0.wp.com\/genevieveetbernardauxameriques.fr\/wp-content\/uploads\/2017\/03\/DSCN8211.jpg?resize=300%2C225&#038;ssl=1\" alt=\"\" width=\"300\" height=\"225\" srcset=\"https:\/\/i0.wp.com\/genevieveetbernardauxameriques.fr\/wp-content\/uploads\/2017\/03\/DSCN8211.jpg?resize=300%2C225&amp;ssl=1 300w, https:\/\/i0.wp.com\/genevieveetbernardauxameriques.fr\/wp-content\/uploads\/2017\/03\/DSCN8211.jpg?w=720&amp;ssl=1 720w\" sizes=\"(max-width: 300px) 100vw, 300px\" data-recalc-dims=\"1\" \/><\/a>\u00a0<a href=\"https:\/\/i0.wp.com\/genevieveetbernardauxameriques.fr\/wp-content\/uploads\/2017\/03\/DSCN8210.jpg?ssl=1\"><img loading=\"lazy\" decoding=\"async\" data-attachment-id=\"16589\" data-permalink=\"https:\/\/genevieveetbernardauxameriques.fr\/index.php\/2017\/03\/15\/la-cote-pacifique-de-puerto-lopez-a-la-frontiere-colombienne\/dscn8210\/\" data-orig-file=\"https:\/\/i0.wp.com\/genevieveetbernardauxameriques.fr\/wp-content\/uploads\/2017\/03\/DSCN8210.jpg?fit=540%2C720&amp;ssl=1\" data-orig-size=\"540,720\" data-comments-opened=\"1\" data-image-meta=\"{&quot;aperture&quot;:&quot;3.2&quot;,&quot;credit&quot;:&quot;&quot;,&quot;camera&quot;:&quot;COOLPIX P900&quot;,&quot;caption&quot;:&quot;&quot;,&quot;created_timestamp&quot;:&quot;1488924806&quot;,&quot;copyright&quot;:&quot;&quot;,&quot;focal_length&quot;:&quot;7.1&quot;,&quot;iso&quot;:&quot;400&quot;,&quot;shutter_speed&quot;:&quot;0.1&quot;,&quot;title&quot;:&quot;&quot;,&quot;orientation&quot;:&quot;1&quot;}\" data-image-title=\"DSCN8210\" data-image-description=\"\" data-image-caption=\"\" data-medium-file=\"https:\/\/i0.wp.com\/genevieveetbernardauxameriques.fr\/wp-content\/uploads\/2017\/03\/DSCN8210.jpg?fit=225%2C300&amp;ssl=1\" data-large-file=\"https:\/\/i0.wp.com\/genevieveetbernardauxameriques.fr\/wp-content\/uploads\/2017\/03\/DSCN8210.jpg?fit=540%2C720&amp;ssl=1\" class=\"size-medium wp-image-16589 aligncenter\" src=\"https:\/\/i0.wp.com\/genevieveetbernardauxameriques.fr\/wp-content\/uploads\/2017\/03\/DSCN8210.jpg?resize=225%2C300&#038;ssl=1\" alt=\"\" width=\"225\" height=\"300\" srcset=\"https:\/\/i0.wp.com\/genevieveetbernardauxameriques.fr\/wp-content\/uploads\/2017\/03\/DSCN8210.jpg?resize=225%2C300&amp;ssl=1 225w, https:\/\/i0.wp.com\/genevieveetbernardauxameriques.fr\/wp-content\/uploads\/2017\/03\/DSCN8210.jpg?w=540&amp;ssl=1 540w\" sizes=\"(max-width: 225px) 100vw, 225px\" data-recalc-dims=\"1\" \/><\/a><\/p>\n<p dir=\"ltr\">Il est vendu 5 E la petite tablette de 100 gr (je crois me souvenir).<\/p>\n<p dir=\"ltr\">Ce cacao est unique \u00ab\u00a0l&rsquo;Arriba\u00a0\u00bb (63% de la production mondiale) et l&rsquo;on estime que 80% des exportations de cacao Equatorien sont des exportations de cacao fin et aromatique alors que seulement 20% sont des cacaos provenant d\u2019autres vari\u00e9t\u00e9s comme le CCN51.<\/p>\n<p dir=\"ltr\">Il y a plusieurs petites chocolateries comme celle-ci, aucune grande, pour l&rsquo;instant personne ne se regroupe mais ils ont de la demande pour l&rsquo;exportation en Europe pour faire des chocolats fins car c&rsquo;est un chocolat pure \u00e0 100 % . Il y a 100 ans, l\u2019\u00c9quateur \u00e9tait le premier producteur de cacao au monde, il occupe actuellement le quatri\u00e8me rang.<\/p>\n<p dir=\"ltr\">La visite termin\u00e9e nous avons droit \u00e0 une petite d\u00e9gustation : un brownie avec un bol de chocolat liquide, et dans les boites toutes les vari\u00e9t\u00e9s de chocolat (au gingembre, au caf\u00e9, au piment,) et \u00e0 60 %, 70 et 90 %<\/p>\n<p dir=\"ltr\"><img loading=\"lazy\" decoding=\"async\" data-attachment-id=\"16591\" data-permalink=\"https:\/\/genevieveetbernardauxameriques.fr\/index.php\/2017\/03\/15\/la-cote-pacifique-de-puerto-lopez-a-la-frontiere-colombienne\/dscn8212\/\" data-orig-file=\"https:\/\/i0.wp.com\/genevieveetbernardauxameriques.fr\/wp-content\/uploads\/2017\/03\/DSCN8212.jpg?fit=720%2C540&amp;ssl=1\" data-orig-size=\"720,540\" data-comments-opened=\"1\" data-image-meta=\"{&quot;aperture&quot;:&quot;2.8&quot;,&quot;credit&quot;:&quot;&quot;,&quot;camera&quot;:&quot;COOLPIX P900&quot;,&quot;caption&quot;:&quot;&quot;,&quot;created_timestamp&quot;:&quot;1488925749&quot;,&quot;copyright&quot;:&quot;&quot;,&quot;focal_length&quot;:&quot;4.3&quot;,&quot;iso&quot;:&quot;400&quot;,&quot;shutter_speed&quot;:&quot;0.066666666666667&quot;,&quot;title&quot;:&quot;&quot;,&quot;orientation&quot;:&quot;1&quot;}\" data-image-title=\"DSCN8212\" data-image-description=\"\" data-image-caption=\"\" data-medium-file=\"https:\/\/i0.wp.com\/genevieveetbernardauxameriques.fr\/wp-content\/uploads\/2017\/03\/DSCN8212.jpg?fit=300%2C225&amp;ssl=1\" data-large-file=\"https:\/\/i0.wp.com\/genevieveetbernardauxameriques.fr\/wp-content\/uploads\/2017\/03\/DSCN8212.jpg?fit=640%2C480&amp;ssl=1\" class=\"alignnone size-full wp-image-16591\" src=\"https:\/\/i0.wp.com\/genevieveetbernardauxameriques.fr\/wp-content\/uploads\/2017\/03\/DSCN8212.jpg?resize=640%2C480&#038;ssl=1\" alt=\"\" width=\"640\" height=\"480\" srcset=\"https:\/\/i0.wp.com\/genevieveetbernardauxameriques.fr\/wp-content\/uploads\/2017\/03\/DSCN8212.jpg?w=720&amp;ssl=1 720w, https:\/\/i0.wp.com\/genevieveetbernardauxameriques.fr\/wp-content\/uploads\/2017\/03\/DSCN8212.jpg?resize=300%2C225&amp;ssl=1 300w\" sizes=\"(max-width: 640px) 100vw, 640px\" data-recalc-dims=\"1\" \/><\/p>\n<p dir=\"ltr\">Comme on nous a tout laiss\u00e9 \u00e0 disposition, on ressortira avec une bonne indigestion.<\/p>\n<div>\n<p dir=\"ltr\">Depuis midi la pluie est torentielle.<\/p>\n<p dir=\"ltr\">Le soir nous bivouaquerons en pleine ville.<\/p>\n<p dir=\"ltr\"><strong>MARDI 7 MARS<\/strong><\/p>\n<p dir=\"ltr\">Et le lendemain matin, nous verrons des colibris aux abords de la ville<\/p>\n<p dir=\"ltr\"><a href=\"https:\/\/i0.wp.com\/genevieveetbernardauxameriques.fr\/wp-content\/uploads\/2017\/03\/DSCN8214.jpg?ssl=1\"><img loading=\"lazy\" decoding=\"async\" data-attachment-id=\"16592\" data-permalink=\"https:\/\/genevieveetbernardauxameriques.fr\/index.php\/2017\/03\/15\/la-cote-pacifique-de-puerto-lopez-a-la-frontiere-colombienne\/dscn8214\/\" data-orig-file=\"https:\/\/i0.wp.com\/genevieveetbernardauxameriques.fr\/wp-content\/uploads\/2017\/03\/DSCN8214.jpg?fit=720%2C540&amp;ssl=1\" data-orig-size=\"720,540\" data-comments-opened=\"1\" data-image-meta=\"{&quot;aperture&quot;:&quot;5.6&quot;,&quot;credit&quot;:&quot;&quot;,&quot;camera&quot;:&quot;COOLPIX P900&quot;,&quot;caption&quot;:&quot;&quot;,&quot;created_timestamp&quot;:&quot;1488926930&quot;,&quot;copyright&quot;:&quot;&quot;,&quot;focal_length&quot;:&quot;116&quot;,&quot;iso&quot;:&quot;800&quot;,&quot;shutter_speed&quot;:&quot;0.008&quot;,&quot;title&quot;:&quot;&quot;,&quot;orientation&quot;:&quot;1&quot;}\" data-image-title=\"DSCN8214\" data-image-description=\"\" data-image-caption=\"\" data-medium-file=\"https:\/\/i0.wp.com\/genevieveetbernardauxameriques.fr\/wp-content\/uploads\/2017\/03\/DSCN8214.jpg?fit=300%2C225&amp;ssl=1\" data-large-file=\"https:\/\/i0.wp.com\/genevieveetbernardauxameriques.fr\/wp-content\/uploads\/2017\/03\/DSCN8214.jpg?fit=640%2C480&amp;ssl=1\" class=\"alignnone size-full wp-image-16592\" src=\"https:\/\/i0.wp.com\/genevieveetbernardauxameriques.fr\/wp-content\/uploads\/2017\/03\/DSCN8214.jpg?resize=640%2C480&#038;ssl=1\" alt=\"\" width=\"640\" height=\"480\" srcset=\"https:\/\/i0.wp.com\/genevieveetbernardauxameriques.fr\/wp-content\/uploads\/2017\/03\/DSCN8214.jpg?w=720&amp;ssl=1 720w, https:\/\/i0.wp.com\/genevieveetbernardauxameriques.fr\/wp-content\/uploads\/2017\/03\/DSCN8214.jpg?resize=300%2C225&amp;ssl=1 300w\" sizes=\"(max-width: 640px) 100vw, 640px\" data-recalc-dims=\"1\" \/><\/a><img loading=\"lazy\" decoding=\"async\" data-attachment-id=\"16573\" data-permalink=\"https:\/\/genevieveetbernardauxameriques.fr\/index.php\/2017\/03\/15\/la-cote-pacifique-de-puerto-lopez-a-la-frontiere-colombienne\/dscn8185\/\" data-orig-file=\"https:\/\/i0.wp.com\/genevieveetbernardauxameriques.fr\/wp-content\/uploads\/2017\/03\/DSCN8185.jpg?fit=720%2C540&amp;ssl=1\" data-orig-size=\"720,540\" data-comments-opened=\"1\" data-image-meta=\"{&quot;aperture&quot;:&quot;6.3&quot;,&quot;credit&quot;:&quot;&quot;,&quot;camera&quot;:&quot;COOLPIX P900&quot;,&quot;caption&quot;:&quot;&quot;,&quot;created_timestamp&quot;:&quot;1488922367&quot;,&quot;copyright&quot;:&quot;&quot;,&quot;focal_length&quot;:&quot;268&quot;,&quot;iso&quot;:&quot;400&quot;,&quot;shutter_speed&quot;:&quot;0.00625&quot;,&quot;title&quot;:&quot;&quot;,&quot;orientation&quot;:&quot;1&quot;}\" data-image-title=\"DSCN8185\" data-image-description=\"\" data-image-caption=\"\" data-medium-file=\"https:\/\/i0.wp.com\/genevieveetbernardauxameriques.fr\/wp-content\/uploads\/2017\/03\/DSCN8185.jpg?fit=300%2C225&amp;ssl=1\" data-large-file=\"https:\/\/i0.wp.com\/genevieveetbernardauxameriques.fr\/wp-content\/uploads\/2017\/03\/DSCN8185.jpg?fit=640%2C480&amp;ssl=1\" class=\"alignnone size-full wp-image-16573\" src=\"https:\/\/i0.wp.com\/genevieveetbernardauxameriques.fr\/wp-content\/uploads\/2017\/03\/DSCN8185.jpg?resize=640%2C480&#038;ssl=1\" alt=\"\" width=\"640\" height=\"480\" srcset=\"https:\/\/i0.wp.com\/genevieveetbernardauxameriques.fr\/wp-content\/uploads\/2017\/03\/DSCN8185.jpg?w=720&amp;ssl=1 720w, https:\/\/i0.wp.com\/genevieveetbernardauxameriques.fr\/wp-content\/uploads\/2017\/03\/DSCN8185.jpg?resize=300%2C225&amp;ssl=1 300w\" sizes=\"(max-width: 640px) 100vw, 640px\" data-recalc-dims=\"1\" \/> <img loading=\"lazy\" decoding=\"async\" data-attachment-id=\"16606\" data-permalink=\"https:\/\/genevieveetbernardauxameriques.fr\/index.php\/2017\/03\/15\/la-cote-pacifique-de-puerto-lopez-a-la-frontiere-colombienne\/dscn8382\/\" data-orig-file=\"https:\/\/i0.wp.com\/genevieveetbernardauxameriques.fr\/wp-content\/uploads\/2017\/03\/DSCN8382.jpg?fit=720%2C540&amp;ssl=1\" data-orig-size=\"720,540\" data-comments-opened=\"1\" data-image-meta=\"{&quot;aperture&quot;:&quot;5.6&quot;,&quot;credit&quot;:&quot;&quot;,&quot;camera&quot;:&quot;COOLPIX P900&quot;,&quot;caption&quot;:&quot;&quot;,&quot;created_timestamp&quot;:&quot;1488931064&quot;,&quot;copyright&quot;:&quot;&quot;,&quot;focal_length&quot;:&quot;143&quot;,&quot;iso&quot;:&quot;1000&quot;,&quot;shutter_speed&quot;:&quot;0.033333333333333&quot;,&quot;title&quot;:&quot;&quot;,&quot;orientation&quot;:&quot;1&quot;}\" data-image-title=\"DSCN8382\" data-image-description=\"\" data-image-caption=\"\" data-medium-file=\"https:\/\/i0.wp.com\/genevieveetbernardauxameriques.fr\/wp-content\/uploads\/2017\/03\/DSCN8382.jpg?fit=300%2C225&amp;ssl=1\" data-large-file=\"https:\/\/i0.wp.com\/genevieveetbernardauxameriques.fr\/wp-content\/uploads\/2017\/03\/DSCN8382.jpg?fit=640%2C480&amp;ssl=1\" class=\"alignnone size-full wp-image-16606\" src=\"https:\/\/i0.wp.com\/genevieveetbernardauxameriques.fr\/wp-content\/uploads\/2017\/03\/DSCN8382.jpg?resize=640%2C480&#038;ssl=1\" alt=\"\" width=\"640\" height=\"480\" srcset=\"https:\/\/i0.wp.com\/genevieveetbernardauxameriques.fr\/wp-content\/uploads\/2017\/03\/DSCN8382.jpg?w=720&amp;ssl=1 720w, https:\/\/i0.wp.com\/genevieveetbernardauxameriques.fr\/wp-content\/uploads\/2017\/03\/DSCN8382.jpg?resize=300%2C225&amp;ssl=1 300w\" sizes=\"(max-width: 640px) 100vw, 640px\" data-recalc-dims=\"1\" \/> <img loading=\"lazy\" decoding=\"async\" data-attachment-id=\"16603\" data-permalink=\"https:\/\/genevieveetbernardauxameriques.fr\/index.php\/2017\/03\/15\/la-cote-pacifique-de-puerto-lopez-a-la-frontiere-colombienne\/dscn8328\/\" data-orig-file=\"https:\/\/i0.wp.com\/genevieveetbernardauxameriques.fr\/wp-content\/uploads\/2017\/03\/DSCN8328.jpg?fit=720%2C540&amp;ssl=1\" data-orig-size=\"720,540\" data-comments-opened=\"1\" data-image-meta=\"{&quot;aperture&quot;:&quot;5.6&quot;,&quot;credit&quot;:&quot;&quot;,&quot;camera&quot;:&quot;COOLPIX P900&quot;,&quot;caption&quot;:&quot;&quot;,&quot;created_timestamp&quot;:&quot;1488930075&quot;,&quot;copyright&quot;:&quot;&quot;,&quot;focal_length&quot;:&quot;152&quot;,&quot;iso&quot;:&quot;800&quot;,&quot;shutter_speed&quot;:&quot;0.033333333333333&quot;,&quot;title&quot;:&quot;&quot;,&quot;orientation&quot;:&quot;1&quot;}\" data-image-title=\"DSCN8328\" data-image-description=\"\" data-image-caption=\"\" data-medium-file=\"https:\/\/i0.wp.com\/genevieveetbernardauxameriques.fr\/wp-content\/uploads\/2017\/03\/DSCN8328.jpg?fit=300%2C225&amp;ssl=1\" data-large-file=\"https:\/\/i0.wp.com\/genevieveetbernardauxameriques.fr\/wp-content\/uploads\/2017\/03\/DSCN8328.jpg?fit=640%2C480&amp;ssl=1\" class=\"alignnone size-full wp-image-16603\" src=\"https:\/\/i0.wp.com\/genevieveetbernardauxameriques.fr\/wp-content\/uploads\/2017\/03\/DSCN8328.jpg?resize=640%2C480&#038;ssl=1\" alt=\"\" width=\"640\" height=\"480\" srcset=\"https:\/\/i0.wp.com\/genevieveetbernardauxameriques.fr\/wp-content\/uploads\/2017\/03\/DSCN8328.jpg?w=720&amp;ssl=1 720w, https:\/\/i0.wp.com\/genevieveetbernardauxameriques.fr\/wp-content\/uploads\/2017\/03\/DSCN8328.jpg?resize=300%2C225&amp;ssl=1 300w\" sizes=\"(max-width: 640px) 100vw, 640px\" data-recalc-dims=\"1\" \/> \u00a0 \u00a0 <a href=\"https:\/\/i0.wp.com\/genevieveetbernardauxameriques.fr\/wp-content\/uploads\/2017\/03\/DSCN8377.jpg?ssl=1\"><img loading=\"lazy\" decoding=\"async\" data-attachment-id=\"16605\" data-permalink=\"https:\/\/genevieveetbernardauxameriques.fr\/index.php\/2017\/03\/15\/la-cote-pacifique-de-puerto-lopez-a-la-frontiere-colombienne\/dscn8377\/\" data-orig-file=\"https:\/\/i0.wp.com\/genevieveetbernardauxameriques.fr\/wp-content\/uploads\/2017\/03\/DSCN8377.jpg?fit=720%2C540&amp;ssl=1\" data-orig-size=\"720,540\" data-comments-opened=\"1\" data-image-meta=\"{&quot;aperture&quot;:&quot;5&quot;,&quot;credit&quot;:&quot;&quot;,&quot;camera&quot;:&quot;COOLPIX P900&quot;,&quot;caption&quot;:&quot;&quot;,&quot;created_timestamp&quot;:&quot;1488931014&quot;,&quot;copyright&quot;:&quot;&quot;,&quot;focal_length&quot;:&quot;89.2&quot;,&quot;iso&quot;:&quot;800&quot;,&quot;shutter_speed&quot;:&quot;0.04&quot;,&quot;title&quot;:&quot;&quot;,&quot;orientation&quot;:&quot;1&quot;}\" data-image-title=\"DSCN8377\" data-image-description=\"\" data-image-caption=\"\" data-medium-file=\"https:\/\/i0.wp.com\/genevieveetbernardauxameriques.fr\/wp-content\/uploads\/2017\/03\/DSCN8377.jpg?fit=300%2C225&amp;ssl=1\" data-large-file=\"https:\/\/i0.wp.com\/genevieveetbernardauxameriques.fr\/wp-content\/uploads\/2017\/03\/DSCN8377.jpg?fit=640%2C480&amp;ssl=1\" class=\"alignnone size-full wp-image-16605\" src=\"https:\/\/i0.wp.com\/genevieveetbernardauxameriques.fr\/wp-content\/uploads\/2017\/03\/DSCN8377.jpg?resize=640%2C480&#038;ssl=1\" alt=\"\" width=\"640\" height=\"480\" srcset=\"https:\/\/i0.wp.com\/genevieveetbernardauxameriques.fr\/wp-content\/uploads\/2017\/03\/DSCN8377.jpg?w=720&amp;ssl=1 720w, https:\/\/i0.wp.com\/genevieveetbernardauxameriques.fr\/wp-content\/uploads\/2017\/03\/DSCN8377.jpg?resize=300%2C225&amp;ssl=1 300w\" sizes=\"(max-width: 640px) 100vw, 640px\" data-recalc-dims=\"1\" \/><\/a><a href=\"https:\/\/i0.wp.com\/genevieveetbernardauxameriques.fr\/wp-content\/uploads\/2017\/03\/DSCN8298.jpg?ssl=1\"><img loading=\"lazy\" decoding=\"async\" data-attachment-id=\"16599\" data-permalink=\"https:\/\/genevieveetbernardauxameriques.fr\/index.php\/2017\/03\/15\/la-cote-pacifique-de-puerto-lopez-a-la-frontiere-colombienne\/dscn8298\/\" data-orig-file=\"https:\/\/i0.wp.com\/genevieveetbernardauxameriques.fr\/wp-content\/uploads\/2017\/03\/DSCN8298.jpg?fit=720%2C540&amp;ssl=1\" data-orig-size=\"720,540\" data-comments-opened=\"1\" data-image-meta=\"{&quot;aperture&quot;:&quot;5&quot;,&quot;credit&quot;:&quot;&quot;,&quot;camera&quot;:&quot;COOLPIX P900&quot;,&quot;caption&quot;:&quot;&quot;,&quot;created_timestamp&quot;:&quot;1488929584&quot;,&quot;copyright&quot;:&quot;&quot;,&quot;focal_length&quot;:&quot;67.8&quot;,&quot;iso&quot;:&quot;640&quot;,&quot;shutter_speed&quot;:&quot;0.033333333333333&quot;,&quot;title&quot;:&quot;&quot;,&quot;orientation&quot;:&quot;1&quot;}\" data-image-title=\"DSCN8298\" data-image-description=\"\" data-image-caption=\"\" data-medium-file=\"https:\/\/i0.wp.com\/genevieveetbernardauxameriques.fr\/wp-content\/uploads\/2017\/03\/DSCN8298.jpg?fit=300%2C225&amp;ssl=1\" data-large-file=\"https:\/\/i0.wp.com\/genevieveetbernardauxameriques.fr\/wp-content\/uploads\/2017\/03\/DSCN8298.jpg?fit=640%2C480&amp;ssl=1\" class=\"alignnone size-full wp-image-16599\" src=\"https:\/\/i0.wp.com\/genevieveetbernardauxameriques.fr\/wp-content\/uploads\/2017\/03\/DSCN8298.jpg?resize=640%2C480&#038;ssl=1\" alt=\"\" width=\"640\" height=\"480\" srcset=\"https:\/\/i0.wp.com\/genevieveetbernardauxameriques.fr\/wp-content\/uploads\/2017\/03\/DSCN8298.jpg?w=720&amp;ssl=1 720w, https:\/\/i0.wp.com\/genevieveetbernardauxameriques.fr\/wp-content\/uploads\/2017\/03\/DSCN8298.jpg?resize=300%2C225&amp;ssl=1 300w\" sizes=\"(max-width: 640px) 100vw, 640px\" data-recalc-dims=\"1\" \/><\/a><\/p>\n<p dir=\"ltr\">Il ne nous a pas \u00e9t\u00e9 possible de les prendre en volant m\u00eame lorsqu&rsquo;ils font du sur place. Ils sont vraiment trop beaux.<a href=\"https:\/\/i0.wp.com\/genevieveetbernardauxameriques.fr\/wp-content\/uploads\/2017\/03\/DSCN8409.jpg?ssl=1\"><img loading=\"lazy\" decoding=\"async\" class=\"alignnone size-full wp-image-16610\" src=\"https:\/\/i0.wp.com\/genevieveetbernardauxameriques.fr\/wp-content\/uploads\/2017\/03\/DSCN8409.jpg?resize=640%2C480&#038;ssl=1\" alt=\"\" width=\"640\" height=\"480\" data-recalc-dims=\"1\" \/><\/a><\/p>\n<\/div>\n<div>\n<p dir=\"ltr\">Nous partons \u00e0 65 kms \u00e0 la \u00ab\u00a0<strong>Mitad del Mundo\u00a0\u00bb<\/strong> qui marque le lieu, o\u00f9 \u00a0Charles Marie de la Condamine effectua les relev\u00e9s permettant de situer l&rsquo;Equateur et ce qui devait donner naissance au syst\u00e8me m\u00e9trique.<\/p>\n<\/div>\n<p id=\"p3\" class=\"sb\" data-pid=\"3\">En 1735, une discorde \u00e0 propos de la forme exacte de la Terre divisait la prestigieuse Acad\u00e9mie des sciences de Paris. C\u2019est une sph\u00e8re l\u00e9g\u00e8rement aplatie aux p\u00f4les, affirmaient les tenants des th\u00e9ories de Newton\u00a0; elle est aplatie \u00e0 l\u2019\u00e9quateur, disaient les partisans de l\u2019\u00e9cole de pens\u00e9e de Cassini.<\/p>\n<p id=\"p4\" class=\"sb\" data-pid=\"4\">Alors, en 1736, on a envoy\u00e9 deux exp\u00e9ditions mesurer la courbure de la Terre\u00a0: l\u2019une vers le p\u00f4le Nord, en Laponie, l\u2019autre vers l\u2019\u00e9quateur, dans le pays qui a pris ce nom depuis. Les r\u00e9sultats ont donn\u00e9 raison aux disciples de Newton.<\/p>\n<p id=\"p5\" class=\"sb\" data-pid=\"5\">En 1936, pour le bicentenaire de la mission fran\u00e7aise en Am\u00e9rique du Sud, un monument comm\u00e9moratif a \u00e9t\u00e9 \u00e9rig\u00e9 pr\u00e8s de Quito, la capitale de l\u2019\u00c9quateur. Appel\u00e9 le Milieu du Monde, ce monument se situe sur la ligne estim\u00e9e \u00eatre \u00e0 0\u00b0 de latitude, l\u2019\u00e9quateur donc, par les savants fran\u00e7ais du <span class=\"altsize\">XVIII<\/span><sup>e\u00a0<\/sup>si\u00e8cle.<\/p>\n<p id=\"p6\" class=\"sb\" data-pid=\"6\">Des d\u00e9couvertes r\u00e9centes ont l\u00e9g\u00e8rement repositionn\u00e9 l\u2019\u00e9quateur. Pour trouver le bon endroit, il faut s\u2019\u00e9loigner de pr\u00e8s de 300\u00a0m\u00e8tres et aller dans le mus\u00e9e priv\u00e9 Inti Na\u00f1. (nous irons donc ensuite)<\/p>\n<p class=\"sb\" data-pid=\"6\">Le trajet de l\u2019Avenue des g\u00e9od\u00e9siques commence par le pavillon de la France. On peut observer des photos, cartographies et r\u00e9pliques instrumentales utilis\u00e9es par les scientifiques de la premi\u00e8re et deuxi\u00e8me mission.<\/p>\n<p class=\"sb\" data-pid=\"6\"><img decoding=\"async\" src=\"https:\/\/i0.wp.com\/www.ouest-france.fr\/leditiondusoir\/data\/757\/NextGenData\/Image-1024-1024-191390.jpg?w=640\" data-recalc-dims=\"1\" \/><\/p>\n<div>\n<p dir=\"ltr\"><a href=\"https:\/\/i0.wp.com\/genevieveetbernardauxameriques.fr\/wp-content\/uploads\/2017\/03\/P1070560-e1489277141854.jpg?ssl=1\"><img loading=\"lazy\" decoding=\"async\" data-attachment-id=\"16658\" data-permalink=\"https:\/\/genevieveetbernardauxameriques.fr\/index.php\/2017\/03\/15\/la-cote-pacifique-de-puerto-lopez-a-la-frontiere-colombienne\/p1070560\/\" data-orig-file=\"https:\/\/i0.wp.com\/genevieveetbernardauxameriques.fr\/wp-content\/uploads\/2017\/03\/P1070560-e1489277141854.jpg?fit=719%2C406&amp;ssl=1\" data-orig-size=\"719,406\" data-comments-opened=\"1\" data-image-meta=\"{&quot;aperture&quot;:&quot;3.3&quot;,&quot;credit&quot;:&quot;&quot;,&quot;camera&quot;:&quot;DMC-TZ55&quot;,&quot;caption&quot;:&quot;&quot;,&quot;created_timestamp&quot;:&quot;1489002401&quot;,&quot;copyright&quot;:&quot;&quot;,&quot;focal_length&quot;:&quot;4.3&quot;,&quot;iso&quot;:&quot;400&quot;,&quot;shutter_speed&quot;:&quot;0.076923076923077&quot;,&quot;title&quot;:&quot;&quot;,&quot;orientation&quot;:&quot;1&quot;}\" data-image-title=\"P1070560\" data-image-description=\"\" data-image-caption=\"\" data-medium-file=\"https:\/\/i0.wp.com\/genevieveetbernardauxameriques.fr\/wp-content\/uploads\/2017\/03\/P1070560-e1489277141854.jpg?fit=300%2C169&amp;ssl=1\" data-large-file=\"https:\/\/i0.wp.com\/genevieveetbernardauxameriques.fr\/wp-content\/uploads\/2017\/03\/P1070560-e1489277141854.jpg?fit=640%2C361&amp;ssl=1\" class=\"wp-image-16658 aligncenter\" src=\"https:\/\/i0.wp.com\/genevieveetbernardauxameriques.fr\/wp-content\/uploads\/2017\/03\/P1070560-e1489277141854.jpg?resize=474%2C267&#038;ssl=1\" alt=\"\" width=\"474\" height=\"267\" srcset=\"https:\/\/i0.wp.com\/genevieveetbernardauxameriques.fr\/wp-content\/uploads\/2017\/03\/P1070560-e1489277141854.jpg?w=719&amp;ssl=1 719w, https:\/\/i0.wp.com\/genevieveetbernardauxameriques.fr\/wp-content\/uploads\/2017\/03\/P1070560-e1489277141854.jpg?resize=300%2C169&amp;ssl=1 300w\" sizes=\"(max-width: 474px) 100vw, 474px\" data-recalc-dims=\"1\" \/><\/a><\/p>\n<\/div>\n<div>\n<p dir=\"ltr\"><a href=\"https:\/\/i0.wp.com\/genevieveetbernardauxameriques.fr\/wp-content\/uploads\/2017\/03\/P1070554.jpg?ssl=1\"><img loading=\"lazy\" decoding=\"async\" data-attachment-id=\"16652\" data-permalink=\"https:\/\/genevieveetbernardauxameriques.fr\/index.php\/2017\/03\/15\/la-cote-pacifique-de-puerto-lopez-a-la-frontiere-colombienne\/p1070554\/\" data-orig-file=\"https:\/\/i0.wp.com\/genevieveetbernardauxameriques.fr\/wp-content\/uploads\/2017\/03\/P1070554.jpg?fit=720%2C540&amp;ssl=1\" data-orig-size=\"720,540\" data-comments-opened=\"1\" data-image-meta=\"{&quot;aperture&quot;:&quot;3.3&quot;,&quot;credit&quot;:&quot;&quot;,&quot;camera&quot;:&quot;DMC-TZ55&quot;,&quot;caption&quot;:&quot;&quot;,&quot;created_timestamp&quot;:&quot;1488999558&quot;,&quot;copyright&quot;:&quot;&quot;,&quot;focal_length&quot;:&quot;4.3&quot;,&quot;iso&quot;:&quot;1250&quot;,&quot;shutter_speed&quot;:&quot;0.125&quot;,&quot;title&quot;:&quot;&quot;,&quot;orientation&quot;:&quot;1&quot;}\" data-image-title=\"P1070554\" data-image-description=\"\" data-image-caption=\"\" data-medium-file=\"https:\/\/i0.wp.com\/genevieveetbernardauxameriques.fr\/wp-content\/uploads\/2017\/03\/P1070554.jpg?fit=300%2C225&amp;ssl=1\" data-large-file=\"https:\/\/i0.wp.com\/genevieveetbernardauxameriques.fr\/wp-content\/uploads\/2017\/03\/P1070554.jpg?fit=640%2C480&amp;ssl=1\" class=\"alignnone size-full wp-image-16652\" src=\"https:\/\/i0.wp.com\/genevieveetbernardauxameriques.fr\/wp-content\/uploads\/2017\/03\/P1070554.jpg?resize=640%2C480&#038;ssl=1\" alt=\"\" width=\"640\" height=\"480\" srcset=\"https:\/\/i0.wp.com\/genevieveetbernardauxameriques.fr\/wp-content\/uploads\/2017\/03\/P1070554.jpg?w=720&amp;ssl=1 720w, https:\/\/i0.wp.com\/genevieveetbernardauxameriques.fr\/wp-content\/uploads\/2017\/03\/P1070554.jpg?resize=300%2C225&amp;ssl=1 300w\" sizes=\"(max-width: 640px) 100vw, 640px\" data-recalc-dims=\"1\" \/><\/a><\/p>\n<p dir=\"ltr\"><a href=\"https:\/\/i0.wp.com\/genevieveetbernardauxameriques.fr\/wp-content\/uploads\/2017\/03\/P1070559.jpg?ssl=1\"><img loading=\"lazy\" decoding=\"async\" data-attachment-id=\"16657\" data-permalink=\"https:\/\/genevieveetbernardauxameriques.fr\/index.php\/2017\/03\/15\/la-cote-pacifique-de-puerto-lopez-a-la-frontiere-colombienne\/p1070559\/\" data-orig-file=\"https:\/\/i0.wp.com\/genevieveetbernardauxameriques.fr\/wp-content\/uploads\/2017\/03\/P1070559.jpg?fit=720%2C540&amp;ssl=1\" data-orig-size=\"720,540\" data-comments-opened=\"1\" data-image-meta=\"{&quot;aperture&quot;:&quot;3.4&quot;,&quot;credit&quot;:&quot;&quot;,&quot;camera&quot;:&quot;DMC-TZ55&quot;,&quot;caption&quot;:&quot;&quot;,&quot;created_timestamp&quot;:&quot;1489002058&quot;,&quot;copyright&quot;:&quot;&quot;,&quot;focal_length&quot;:&quot;4.8&quot;,&quot;iso&quot;:&quot;400&quot;,&quot;shutter_speed&quot;:&quot;0.033333333333333&quot;,&quot;title&quot;:&quot;&quot;,&quot;orientation&quot;:&quot;1&quot;}\" data-image-title=\"P1070559\" data-image-description=\"\" data-image-caption=\"\" data-medium-file=\"https:\/\/i0.wp.com\/genevieveetbernardauxameriques.fr\/wp-content\/uploads\/2017\/03\/P1070559.jpg?fit=300%2C225&amp;ssl=1\" data-large-file=\"https:\/\/i0.wp.com\/genevieveetbernardauxameriques.fr\/wp-content\/uploads\/2017\/03\/P1070559.jpg?fit=640%2C480&amp;ssl=1\" class=\"alignnone size-full wp-image-16657\" src=\"https:\/\/i0.wp.com\/genevieveetbernardauxameriques.fr\/wp-content\/uploads\/2017\/03\/P1070559.jpg?resize=640%2C480&#038;ssl=1\" alt=\"\" width=\"640\" height=\"480\" srcset=\"https:\/\/i0.wp.com\/genevieveetbernardauxameriques.fr\/wp-content\/uploads\/2017\/03\/P1070559.jpg?w=720&amp;ssl=1 720w, https:\/\/i0.wp.com\/genevieveetbernardauxameriques.fr\/wp-content\/uploads\/2017\/03\/P1070559.jpg?resize=300%2C225&amp;ssl=1 300w\" sizes=\"(max-width: 640px) 100vw, 640px\" data-recalc-dims=\"1\" \/><\/a><\/p>\n<\/div>\n<p dir=\"ltr\">L&rsquo;endroit contient aussi 2 autres pavillons (Espagne, \u00c9quateur) qui donnent des informations compl\u00e9mentaires sur l&rsquo;exp\u00e9dition.<\/p>\n<p dir=\"ltr\">\n<p dir=\"ltr\">Les statues des scienti\ufb01ques qui particip\u00e8rent \u00e0 cette mission charg\u00e9e de calculer les mensurations de la plan\u00e8te, plus de la majorit\u00e9 sont des fran\u00e7ais<\/p>\n<p dir=\"ltr\"><img loading=\"lazy\" decoding=\"async\" data-attachment-id=\"16645\" data-permalink=\"https:\/\/genevieveetbernardauxameriques.fr\/index.php\/2017\/03\/15\/la-cote-pacifique-de-puerto-lopez-a-la-frontiere-colombienne\/p1070541\/\" data-orig-file=\"https:\/\/i0.wp.com\/genevieveetbernardauxameriques.fr\/wp-content\/uploads\/2017\/03\/P1070541.jpg?fit=720%2C540&amp;ssl=1\" data-orig-size=\"720,540\" data-comments-opened=\"1\" data-image-meta=\"{&quot;aperture&quot;:&quot;5.6&quot;,&quot;credit&quot;:&quot;&quot;,&quot;camera&quot;:&quot;DMC-TZ55&quot;,&quot;caption&quot;:&quot;&quot;,&quot;created_timestamp&quot;:&quot;1488997573&quot;,&quot;copyright&quot;:&quot;&quot;,&quot;focal_length&quot;:&quot;6.9&quot;,&quot;iso&quot;:&quot;100&quot;,&quot;shutter_speed&quot;:&quot;0.000625&quot;,&quot;title&quot;:&quot;&quot;,&quot;orientation&quot;:&quot;1&quot;}\" data-image-title=\"P1070541\" data-image-description=\"\" data-image-caption=\"\" data-medium-file=\"https:\/\/i0.wp.com\/genevieveetbernardauxameriques.fr\/wp-content\/uploads\/2017\/03\/P1070541.jpg?fit=300%2C225&amp;ssl=1\" data-large-file=\"https:\/\/i0.wp.com\/genevieveetbernardauxameriques.fr\/wp-content\/uploads\/2017\/03\/P1070541.jpg?fit=640%2C480&amp;ssl=1\" class=\"alignnone size-full wp-image-16645\" src=\"https:\/\/i0.wp.com\/genevieveetbernardauxameriques.fr\/wp-content\/uploads\/2017\/03\/P1070541.jpg?resize=640%2C480&#038;ssl=1\" alt=\"\" width=\"640\" height=\"480\" srcset=\"https:\/\/i0.wp.com\/genevieveetbernardauxameriques.fr\/wp-content\/uploads\/2017\/03\/P1070541.jpg?w=720&amp;ssl=1 720w, https:\/\/i0.wp.com\/genevieveetbernardauxameriques.fr\/wp-content\/uploads\/2017\/03\/P1070541.jpg?resize=300%2C225&amp;ssl=1 300w\" sizes=\"(max-width: 640px) 100vw, 640px\" data-recalc-dims=\"1\" \/><a href=\"https:\/\/i0.wp.com\/genevieveetbernardauxameriques.fr\/wp-content\/uploads\/2017\/03\/P1070552.jpg?ssl=1\"><img loading=\"lazy\" decoding=\"async\" data-attachment-id=\"16651\" data-permalink=\"https:\/\/genevieveetbernardauxameriques.fr\/index.php\/2017\/03\/15\/la-cote-pacifique-de-puerto-lopez-a-la-frontiere-colombienne\/p1070552\/\" data-orig-file=\"https:\/\/i0.wp.com\/genevieveetbernardauxameriques.fr\/wp-content\/uploads\/2017\/03\/P1070552.jpg?fit=720%2C540&amp;ssl=1\" data-orig-size=\"720,540\" data-comments-opened=\"1\" data-image-meta=\"{&quot;aperture&quot;:&quot;4&quot;,&quot;credit&quot;:&quot;&quot;,&quot;camera&quot;:&quot;DMC-TZ55&quot;,&quot;caption&quot;:&quot;&quot;,&quot;created_timestamp&quot;:&quot;1488999407&quot;,&quot;copyright&quot;:&quot;&quot;,&quot;focal_length&quot;:&quot;4.3&quot;,&quot;iso&quot;:&quot;100&quot;,&quot;shutter_speed&quot;:&quot;0.00125&quot;,&quot;title&quot;:&quot;&quot;,&quot;orientation&quot;:&quot;1&quot;}\" data-image-title=\"P1070552\" data-image-description=\"\" data-image-caption=\"\" data-medium-file=\"https:\/\/i0.wp.com\/genevieveetbernardauxameriques.fr\/wp-content\/uploads\/2017\/03\/P1070552.jpg?fit=300%2C225&amp;ssl=1\" data-large-file=\"https:\/\/i0.wp.com\/genevieveetbernardauxameriques.fr\/wp-content\/uploads\/2017\/03\/P1070552.jpg?fit=640%2C480&amp;ssl=1\" class=\"alignnone size-full wp-image-16651\" src=\"https:\/\/i0.wp.com\/genevieveetbernardauxameriques.fr\/wp-content\/uploads\/2017\/03\/P1070552.jpg?resize=640%2C480&#038;ssl=1\" alt=\"\" width=\"640\" height=\"480\" srcset=\"https:\/\/i0.wp.com\/genevieveetbernardauxameriques.fr\/wp-content\/uploads\/2017\/03\/P1070552.jpg?w=720&amp;ssl=1 720w, https:\/\/i0.wp.com\/genevieveetbernardauxameriques.fr\/wp-content\/uploads\/2017\/03\/P1070552.jpg?resize=300%2C225&amp;ssl=1 300w\" sizes=\"(max-width: 640px) 100vw, 640px\" data-recalc-dims=\"1\" \/><\/a> <a href=\"https:\/\/i0.wp.com\/genevieveetbernardauxameriques.fr\/wp-content\/uploads\/2017\/03\/P1070551.jpg?ssl=1\"><img loading=\"lazy\" decoding=\"async\" data-attachment-id=\"16650\" data-permalink=\"https:\/\/genevieveetbernardauxameriques.fr\/index.php\/2017\/03\/15\/la-cote-pacifique-de-puerto-lopez-a-la-frontiere-colombienne\/p1070551-2\/\" data-orig-file=\"https:\/\/i0.wp.com\/genevieveetbernardauxameriques.fr\/wp-content\/uploads\/2017\/03\/P1070551.jpg?fit=720%2C540&amp;ssl=1\" data-orig-size=\"720,540\" data-comments-opened=\"1\" data-image-meta=\"{&quot;aperture&quot;:&quot;4&quot;,&quot;credit&quot;:&quot;&quot;,&quot;camera&quot;:&quot;DMC-TZ55&quot;,&quot;caption&quot;:&quot;&quot;,&quot;created_timestamp&quot;:&quot;1488999391&quot;,&quot;copyright&quot;:&quot;&quot;,&quot;focal_length&quot;:&quot;4.3&quot;,&quot;iso&quot;:&quot;100&quot;,&quot;shutter_speed&quot;:&quot;0.00125&quot;,&quot;title&quot;:&quot;&quot;,&quot;orientation&quot;:&quot;1&quot;}\" data-image-title=\"P1070551\" data-image-description=\"\" data-image-caption=\"\" data-medium-file=\"https:\/\/i0.wp.com\/genevieveetbernardauxameriques.fr\/wp-content\/uploads\/2017\/03\/P1070551.jpg?fit=300%2C225&amp;ssl=1\" data-large-file=\"https:\/\/i0.wp.com\/genevieveetbernardauxameriques.fr\/wp-content\/uploads\/2017\/03\/P1070551.jpg?fit=640%2C480&amp;ssl=1\" class=\"alignnone size-full wp-image-16650\" src=\"https:\/\/i0.wp.com\/genevieveetbernardauxameriques.fr\/wp-content\/uploads\/2017\/03\/P1070551.jpg?resize=640%2C480&#038;ssl=1\" alt=\"\" width=\"640\" height=\"480\" srcset=\"https:\/\/i0.wp.com\/genevieveetbernardauxameriques.fr\/wp-content\/uploads\/2017\/03\/P1070551.jpg?w=720&amp;ssl=1 720w, https:\/\/i0.wp.com\/genevieveetbernardauxameriques.fr\/wp-content\/uploads\/2017\/03\/P1070551.jpg?resize=300%2C225&amp;ssl=1 300w\" sizes=\"(max-width: 640px) 100vw, 640px\" data-recalc-dims=\"1\" \/><\/a> <a href=\"https:\/\/i0.wp.com\/genevieveetbernardauxameriques.fr\/wp-content\/uploads\/2017\/03\/P1070549.jpg?ssl=1\"><img loading=\"lazy\" decoding=\"async\" data-attachment-id=\"16649\" data-permalink=\"https:\/\/genevieveetbernardauxameriques.fr\/index.php\/2017\/03\/15\/la-cote-pacifique-de-puerto-lopez-a-la-frontiere-colombienne\/p1070549\/\" data-orig-file=\"https:\/\/i0.wp.com\/genevieveetbernardauxameriques.fr\/wp-content\/uploads\/2017\/03\/P1070549.jpg?fit=720%2C540&amp;ssl=1\" data-orig-size=\"720,540\" data-comments-opened=\"1\" data-image-meta=\"{&quot;aperture&quot;:&quot;4&quot;,&quot;credit&quot;:&quot;&quot;,&quot;camera&quot;:&quot;DMC-TZ55&quot;,&quot;caption&quot;:&quot;&quot;,&quot;created_timestamp&quot;:&quot;1488999243&quot;,&quot;copyright&quot;:&quot;&quot;,&quot;focal_length&quot;:&quot;4.3&quot;,&quot;iso&quot;:&quot;100&quot;,&quot;shutter_speed&quot;:&quot;0.001&quot;,&quot;title&quot;:&quot;&quot;,&quot;orientation&quot;:&quot;1&quot;}\" data-image-title=\"P1070549\" data-image-description=\"\" data-image-caption=\"\" data-medium-file=\"https:\/\/i0.wp.com\/genevieveetbernardauxameriques.fr\/wp-content\/uploads\/2017\/03\/P1070549.jpg?fit=300%2C225&amp;ssl=1\" data-large-file=\"https:\/\/i0.wp.com\/genevieveetbernardauxameriques.fr\/wp-content\/uploads\/2017\/03\/P1070549.jpg?fit=640%2C480&amp;ssl=1\" class=\"alignnone size-full wp-image-16649\" src=\"https:\/\/i0.wp.com\/genevieveetbernardauxameriques.fr\/wp-content\/uploads\/2017\/03\/P1070549.jpg?resize=640%2C480&#038;ssl=1\" alt=\"\" width=\"640\" height=\"480\" srcset=\"https:\/\/i0.wp.com\/genevieveetbernardauxameriques.fr\/wp-content\/uploads\/2017\/03\/P1070549.jpg?w=720&amp;ssl=1 720w, https:\/\/i0.wp.com\/genevieveetbernardauxameriques.fr\/wp-content\/uploads\/2017\/03\/P1070549.jpg?resize=300%2C225&amp;ssl=1 300w\" sizes=\"(max-width: 640px) 100vw, 640px\" data-recalc-dims=\"1\" \/><\/a><\/p>\n<p dir=\"ltr\">Le site tient un peu lieu d&rsquo;un parc d&rsquo;attraction, on va donc s&rsquo;amuser, qui est dans l\u2019h\u00e9misph\u00e8re nord et qui est dans l\u2019h\u00e9misph\u00e8re sud ?<\/p>\n<div data-carousel-extra='{\"blog_id\":1,\"permalink\":\"https:\\\/\\\/genevieveetbernardauxameriques.fr\\\/index.php\\\/2017\\\/03\\\/15\\\/la-cote-pacifique-de-puerto-lopez-a-la-frontiere-colombienne\\\/\"}' id='gallery-6' class='gallery galleryid-16319 gallery-columns-2 gallery-size-full'><dl class='gallery-item'>\n\t\t\t<dt class='gallery-icon portrait'>\n\t\t\t\t<a href='https:\/\/genevieveetbernardauxameriques.fr\/index.php\/2017\/03\/15\/la-cote-pacifique-de-puerto-lopez-a-la-frontiere-colombienne\/p1070546\/'><img loading=\"lazy\" decoding=\"async\" width=\"540\" height=\"720\" src=\"https:\/\/i0.wp.com\/genevieveetbernardauxameriques.fr\/wp-content\/uploads\/2017\/03\/P1070546.jpg?fit=540%2C720&amp;ssl=1\" class=\"attachment-full size-full\" alt=\"\" srcset=\"https:\/\/i0.wp.com\/genevieveetbernardauxameriques.fr\/wp-content\/uploads\/2017\/03\/P1070546.jpg?w=540&amp;ssl=1 540w, https:\/\/i0.wp.com\/genevieveetbernardauxameriques.fr\/wp-content\/uploads\/2017\/03\/P1070546.jpg?resize=225%2C300&amp;ssl=1 225w\" sizes=\"(max-width: 540px) 100vw, 540px\" data-attachment-id=\"16647\" data-permalink=\"https:\/\/genevieveetbernardauxameriques.fr\/index.php\/2017\/03\/15\/la-cote-pacifique-de-puerto-lopez-a-la-frontiere-colombienne\/p1070546\/\" data-orig-file=\"https:\/\/i0.wp.com\/genevieveetbernardauxameriques.fr\/wp-content\/uploads\/2017\/03\/P1070546.jpg?fit=540%2C720&amp;ssl=1\" data-orig-size=\"540,720\" data-comments-opened=\"1\" data-image-meta=\"{&quot;aperture&quot;:&quot;5&quot;,&quot;credit&quot;:&quot;&quot;,&quot;camera&quot;:&quot;DMC-TZ55&quot;,&quot;caption&quot;:&quot;&quot;,&quot;created_timestamp&quot;:&quot;1488999174&quot;,&quot;copyright&quot;:&quot;&quot;,&quot;focal_length&quot;:&quot;8.5&quot;,&quot;iso&quot;:&quot;100&quot;,&quot;shutter_speed&quot;:&quot;0.0008&quot;,&quot;title&quot;:&quot;&quot;,&quot;orientation&quot;:&quot;1&quot;}\" data-image-title=\"P1070546\" data-image-description=\"\" data-image-caption=\"\" data-medium-file=\"https:\/\/i0.wp.com\/genevieveetbernardauxameriques.fr\/wp-content\/uploads\/2017\/03\/P1070546.jpg?fit=225%2C300&amp;ssl=1\" data-large-file=\"https:\/\/i0.wp.com\/genevieveetbernardauxameriques.fr\/wp-content\/uploads\/2017\/03\/P1070546.jpg?fit=540%2C720&amp;ssl=1\" \/><\/a>\n\t\t\t<\/dt><\/dl><dl class='gallery-item'>\n\t\t\t<dt class='gallery-icon portrait'>\n\t\t\t\t<a href='https:\/\/genevieveetbernardauxameriques.fr\/index.php\/2017\/03\/15\/la-cote-pacifique-de-puerto-lopez-a-la-frontiere-colombienne\/p1070556\/'><img loading=\"lazy\" decoding=\"async\" width=\"540\" height=\"720\" src=\"https:\/\/i0.wp.com\/genevieveetbernardauxameriques.fr\/wp-content\/uploads\/2017\/03\/P1070556.jpg?fit=540%2C720&amp;ssl=1\" class=\"attachment-full size-full\" alt=\"\" srcset=\"https:\/\/i0.wp.com\/genevieveetbernardauxameriques.fr\/wp-content\/uploads\/2017\/03\/P1070556.jpg?w=540&amp;ssl=1 540w, https:\/\/i0.wp.com\/genevieveetbernardauxameriques.fr\/wp-content\/uploads\/2017\/03\/P1070556.jpg?resize=225%2C300&amp;ssl=1 225w\" sizes=\"(max-width: 540px) 100vw, 540px\" data-attachment-id=\"16654\" data-permalink=\"https:\/\/genevieveetbernardauxameriques.fr\/index.php\/2017\/03\/15\/la-cote-pacifique-de-puerto-lopez-a-la-frontiere-colombienne\/p1070556\/\" data-orig-file=\"https:\/\/i0.wp.com\/genevieveetbernardauxameriques.fr\/wp-content\/uploads\/2017\/03\/P1070556.jpg?fit=540%2C720&amp;ssl=1\" data-orig-size=\"540,720\" data-comments-opened=\"1\" data-image-meta=\"{&quot;aperture&quot;:&quot;4.5&quot;,&quot;credit&quot;:&quot;&quot;,&quot;camera&quot;:&quot;DMC-TZ55&quot;,&quot;caption&quot;:&quot;&quot;,&quot;created_timestamp&quot;:&quot;1489001562&quot;,&quot;copyright&quot;:&quot;&quot;,&quot;focal_length&quot;:&quot;4.3&quot;,&quot;iso&quot;:&quot;100&quot;,&quot;shutter_speed&quot;:&quot;0.000625&quot;,&quot;title&quot;:&quot;&quot;,&quot;orientation&quot;:&quot;1&quot;}\" data-image-title=\"P1070556\" data-image-description=\"\" data-image-caption=\"\" data-medium-file=\"https:\/\/i0.wp.com\/genevieveetbernardauxameriques.fr\/wp-content\/uploads\/2017\/03\/P1070556.jpg?fit=225%2C300&amp;ssl=1\" data-large-file=\"https:\/\/i0.wp.com\/genevieveetbernardauxameriques.fr\/wp-content\/uploads\/2017\/03\/P1070556.jpg?fit=540%2C720&amp;ssl=1\" \/><\/a>\n\t\t\t<\/dt><\/dl><br style=\"clear: both\" \/><dl class='gallery-item'>\n\t\t\t<dt class='gallery-icon landscape'>\n\t\t\t\t<a href='https:\/\/genevieveetbernardauxameriques.fr\/index.php\/2017\/03\/15\/la-cote-pacifique-de-puerto-lopez-a-la-frontiere-colombienne\/p1070561\/'><img loading=\"lazy\" decoding=\"async\" width=\"720\" height=\"540\" src=\"https:\/\/i0.wp.com\/genevieveetbernardauxameriques.fr\/wp-content\/uploads\/2017\/03\/P1070561.jpg?fit=720%2C540&amp;ssl=1\" class=\"attachment-full size-full\" alt=\"\" srcset=\"https:\/\/i0.wp.com\/genevieveetbernardauxameriques.fr\/wp-content\/uploads\/2017\/03\/P1070561.jpg?w=720&amp;ssl=1 720w, https:\/\/i0.wp.com\/genevieveetbernardauxameriques.fr\/wp-content\/uploads\/2017\/03\/P1070561.jpg?resize=300%2C225&amp;ssl=1 300w\" sizes=\"(max-width: 640px) 100vw, 640px\" data-attachment-id=\"16659\" data-permalink=\"https:\/\/genevieveetbernardauxameriques.fr\/index.php\/2017\/03\/15\/la-cote-pacifique-de-puerto-lopez-a-la-frontiere-colombienne\/p1070561\/\" data-orig-file=\"https:\/\/i0.wp.com\/genevieveetbernardauxameriques.fr\/wp-content\/uploads\/2017\/03\/P1070561.jpg?fit=720%2C540&amp;ssl=1\" data-orig-size=\"720,540\" data-comments-opened=\"1\" data-image-meta=\"{&quot;aperture&quot;:&quot;5.6&quot;,&quot;credit&quot;:&quot;&quot;,&quot;camera&quot;:&quot;DMC-TZ55&quot;,&quot;caption&quot;:&quot;&quot;,&quot;created_timestamp&quot;:&quot;1489002945&quot;,&quot;copyright&quot;:&quot;&quot;,&quot;focal_length&quot;:&quot;5.4&quot;,&quot;iso&quot;:&quot;100&quot;,&quot;shutter_speed&quot;:&quot;0.0005&quot;,&quot;title&quot;:&quot;&quot;,&quot;orientation&quot;:&quot;1&quot;}\" data-image-title=\"P1070561\" data-image-description=\"\" data-image-caption=\"\" data-medium-file=\"https:\/\/i0.wp.com\/genevieveetbernardauxameriques.fr\/wp-content\/uploads\/2017\/03\/P1070561.jpg?fit=300%2C225&amp;ssl=1\" data-large-file=\"https:\/\/i0.wp.com\/genevieveetbernardauxameriques.fr\/wp-content\/uploads\/2017\/03\/P1070561.jpg?fit=640%2C480&amp;ssl=1\" \/><\/a>\n\t\t\t<\/dt><\/dl><dl class='gallery-item'>\n\t\t\t<dt class='gallery-icon portrait'>\n\t\t\t\t<a href='https:\/\/genevieveetbernardauxameriques.fr\/index.php\/2017\/03\/15\/la-cote-pacifique-de-puerto-lopez-a-la-frontiere-colombienne\/p1070563\/'><img loading=\"lazy\" decoding=\"async\" width=\"540\" height=\"720\" src=\"https:\/\/i0.wp.com\/genevieveetbernardauxameriques.fr\/wp-content\/uploads\/2017\/03\/P1070563.jpg?fit=540%2C720&amp;ssl=1\" class=\"attachment-full size-full\" alt=\"\" srcset=\"https:\/\/i0.wp.com\/genevieveetbernardauxameriques.fr\/wp-content\/uploads\/2017\/03\/P1070563.jpg?w=540&amp;ssl=1 540w, https:\/\/i0.wp.com\/genevieveetbernardauxameriques.fr\/wp-content\/uploads\/2017\/03\/P1070563.jpg?resize=225%2C300&amp;ssl=1 225w\" sizes=\"(max-width: 540px) 100vw, 540px\" data-attachment-id=\"16660\" data-permalink=\"https:\/\/genevieveetbernardauxameriques.fr\/index.php\/2017\/03\/15\/la-cote-pacifique-de-puerto-lopez-a-la-frontiere-colombienne\/p1070563\/\" data-orig-file=\"https:\/\/i0.wp.com\/genevieveetbernardauxameriques.fr\/wp-content\/uploads\/2017\/03\/P1070563.jpg?fit=540%2C720&amp;ssl=1\" data-orig-size=\"540,720\" data-comments-opened=\"1\" data-image-meta=\"{&quot;aperture&quot;:&quot;6.3&quot;,&quot;credit&quot;:&quot;&quot;,&quot;camera&quot;:&quot;DMC-TZ55&quot;,&quot;caption&quot;:&quot;&quot;,&quot;created_timestamp&quot;:&quot;1489002973&quot;,&quot;copyright&quot;:&quot;&quot;,&quot;focal_length&quot;:&quot;5.4&quot;,&quot;iso&quot;:&quot;100&quot;,&quot;shutter_speed&quot;:&quot;0.000625&quot;,&quot;title&quot;:&quot;&quot;,&quot;orientation&quot;:&quot;1&quot;}\" data-image-title=\"P1070563\" data-image-description=\"\" data-image-caption=\"\" data-medium-file=\"https:\/\/i0.wp.com\/genevieveetbernardauxameriques.fr\/wp-content\/uploads\/2017\/03\/P1070563.jpg?fit=225%2C300&amp;ssl=1\" data-large-file=\"https:\/\/i0.wp.com\/genevieveetbernardauxameriques.fr\/wp-content\/uploads\/2017\/03\/P1070563.jpg?fit=540%2C720&amp;ssl=1\" \/><\/a>\n\t\t\t<\/dt><\/dl><br style=\"clear: both\" \/><dl class='gallery-item'>\n\t\t\t<dt class='gallery-icon landscape'>\n\t\t\t\t<a href='https:\/\/genevieveetbernardauxameriques.fr\/index.php\/2017\/03\/15\/la-cote-pacifique-de-puerto-lopez-a-la-frontiere-colombienne\/p1070558\/'><img loading=\"lazy\" decoding=\"async\" width=\"720\" height=\"540\" src=\"https:\/\/i0.wp.com\/genevieveetbernardauxameriques.fr\/wp-content\/uploads\/2017\/03\/P1070558.jpg?fit=720%2C540&amp;ssl=1\" class=\"attachment-full size-full\" alt=\"\" srcset=\"https:\/\/i0.wp.com\/genevieveetbernardauxameriques.fr\/wp-content\/uploads\/2017\/03\/P1070558.jpg?w=720&amp;ssl=1 720w, https:\/\/i0.wp.com\/genevieveetbernardauxameriques.fr\/wp-content\/uploads\/2017\/03\/P1070558.jpg?resize=300%2C225&amp;ssl=1 300w\" sizes=\"(max-width: 640px) 100vw, 640px\" data-attachment-id=\"16656\" data-permalink=\"https:\/\/genevieveetbernardauxameriques.fr\/index.php\/2017\/03\/15\/la-cote-pacifique-de-puerto-lopez-a-la-frontiere-colombienne\/p1070558\/\" data-orig-file=\"https:\/\/i0.wp.com\/genevieveetbernardauxameriques.fr\/wp-content\/uploads\/2017\/03\/P1070558.jpg?fit=720%2C540&amp;ssl=1\" data-orig-size=\"720,540\" data-comments-opened=\"1\" data-image-meta=\"{&quot;aperture&quot;:&quot;3.3&quot;,&quot;credit&quot;:&quot;&quot;,&quot;camera&quot;:&quot;DMC-TZ55&quot;,&quot;caption&quot;:&quot;&quot;,&quot;created_timestamp&quot;:&quot;1489001860&quot;,&quot;copyright&quot;:&quot;&quot;,&quot;focal_length&quot;:&quot;4.3&quot;,&quot;iso&quot;:&quot;100&quot;,&quot;shutter_speed&quot;:&quot;0.01&quot;,&quot;title&quot;:&quot;&quot;,&quot;orientation&quot;:&quot;1&quot;}\" data-image-title=\"P1070558\" data-image-description=\"\" data-image-caption=\"\" data-medium-file=\"https:\/\/i0.wp.com\/genevieveetbernardauxameriques.fr\/wp-content\/uploads\/2017\/03\/P1070558.jpg?fit=300%2C225&amp;ssl=1\" data-large-file=\"https:\/\/i0.wp.com\/genevieveetbernardauxameriques.fr\/wp-content\/uploads\/2017\/03\/P1070558.jpg?fit=640%2C480&amp;ssl=1\" \/><\/a>\n\t\t\t<\/dt><\/dl>\n\t\t\t<br style='clear: both' \/>\n\t\t<\/div>\n\n<p dir=\"ltr\">Nous visitons le mus\u00e9e qui est situ\u00e9 dans la grande tour et ferons certaines exp\u00e9riences, par exemple un r\u00e9gime instantan\u00e9 : le diam\u00e8tre de la plan\u00e8te qui est de 12.712 km aux p\u00f4les, est de 12.756 km \u00e0 l&rsquo;Equateur, on est donc plus loin du centre de la terre et la gravit\u00e9 est plus faible. Nous devrions perdre environ 0,03 % de notre poids, Bernard me dit qu&rsquo;il a maigri de 7 kg et moi je n&rsquo;ai pas l&rsquo;impression d&rsquo;avoir perdu beaucoup&#8230;..<\/p>\n<p class=\"title-text ng-scope\">On peut se prendre en photo avec un trucage, et 5 mn apr\u00e8s on la re\u00e7oit par mail (nous ne voyons pas pourquoi les Galapagos par rapport avec \u00ab\u00a0le milieu de la terre\u00a0\u00bb)<\/p>\n<p class=\"title-text ng-scope\"><img loading=\"lazy\" decoding=\"async\" class=\"aligncenter\" src=\"https:\/\/i0.wp.com\/i.fotoshare.co\/dvega\/20170308_121418.jpg?resize=477%2C318\" width=\"477\" height=\"318\" data-recalc-dims=\"1\" \/><img loading=\"lazy\" decoding=\"async\" class=\"aligncenter\" src=\"https:\/\/i0.wp.com\/i.fotoshare.co\/dvega\/20170308_121829.jpg?resize=477%2C318\" width=\"477\" height=\"318\" data-recalc-dims=\"1\" \/><\/p>\n<p class=\"title-text ng-scope\">Les autres exp\u00e9riences nous les ferons au <strong>Mus\u00e9e INTI NAN<\/strong> o\u00f9 nous partons ensuite, 300 m plus loin et qui se tient exactement sur la ligne de l&rsquo;\u00e9quateur.<\/p>\n<p class=\"title-text ng-scope\"><img decoding=\"async\" src=\"https:\/\/i0.wp.com\/www.trace-ta-route.com\/wp-content\/uploads\/2013\/05\/musee-itinan-equateur-trace-ta-route.jpg?w=640\" alt=\"Mus\u00e9e Inti\u00f1an, Equateur - Trace Ta Route - Blog voyage\" data-recalc-dims=\"1\" \/><\/p>\n<div>\n<p dir=\"ltr\">Ce mus\u00e9e explique les connaissances astronomiques que d\u00e9tenaient les peuples incas et pr\u00e9 incas. Le site poss\u00e8de aussi un petit mus\u00e9e sur la culture ethnographique du pays.<\/p>\n<p dir=\"ltr\"><a href=\"https:\/\/i0.wp.com\/genevieveetbernardauxameriques.fr\/wp-content\/uploads\/2017\/03\/DSCN8417.jpg?ssl=1\"><img loading=\"lazy\" decoding=\"async\" data-attachment-id=\"16613\" data-permalink=\"https:\/\/genevieveetbernardauxameriques.fr\/index.php\/2017\/03\/15\/la-cote-pacifique-de-puerto-lopez-a-la-frontiere-colombienne\/dscn8417\/\" data-orig-file=\"https:\/\/i0.wp.com\/genevieveetbernardauxameriques.fr\/wp-content\/uploads\/2017\/03\/DSCN8417.jpg?fit=720%2C540&amp;ssl=1\" data-orig-size=\"720,540\" data-comments-opened=\"1\" data-image-meta=\"{&quot;aperture&quot;:&quot;3.5&quot;,&quot;credit&quot;:&quot;&quot;,&quot;camera&quot;:&quot;COOLPIX P900&quot;,&quot;caption&quot;:&quot;&quot;,&quot;created_timestamp&quot;:&quot;1489007639&quot;,&quot;copyright&quot;:&quot;&quot;,&quot;focal_length&quot;:&quot;8.9&quot;,&quot;iso&quot;:&quot;100&quot;,&quot;shutter_speed&quot;:&quot;0.003125&quot;,&quot;title&quot;:&quot;&quot;,&quot;orientation&quot;:&quot;1&quot;}\" data-image-title=\"DSCN8417\" data-image-description=\"\" data-image-caption=\"\" data-medium-file=\"https:\/\/i0.wp.com\/genevieveetbernardauxameriques.fr\/wp-content\/uploads\/2017\/03\/DSCN8417.jpg?fit=300%2C225&amp;ssl=1\" data-large-file=\"https:\/\/i0.wp.com\/genevieveetbernardauxameriques.fr\/wp-content\/uploads\/2017\/03\/DSCN8417.jpg?fit=640%2C480&amp;ssl=1\" class=\"alignnone size-full wp-image-16613\" src=\"https:\/\/i0.wp.com\/genevieveetbernardauxameriques.fr\/wp-content\/uploads\/2017\/03\/DSCN8417.jpg?resize=640%2C480&#038;ssl=1\" alt=\"\" width=\"640\" height=\"480\" srcset=\"https:\/\/i0.wp.com\/genevieveetbernardauxameriques.fr\/wp-content\/uploads\/2017\/03\/DSCN8417.jpg?w=720&amp;ssl=1 720w, https:\/\/i0.wp.com\/genevieveetbernardauxameriques.fr\/wp-content\/uploads\/2017\/03\/DSCN8417.jpg?resize=300%2C225&amp;ssl=1 300w\" sizes=\"(max-width: 640px) 100vw, 640px\" data-recalc-dims=\"1\" \/><\/a><\/p>\n<\/div>\n<p dir=\"ltr\">L&rsquo;\u00e9poque de l\u2019ann\u00e9e la plus impressionnante pour visiter le lieu est sans aucun doute aux solstices (autour du 21\u00a0mars et du 22\u00a0septembre). Le soleil se trouve alors exactement \u00e0 90\u00b0 de l\u2019\u00e9quateur et \u00e0 midi, les ombres disparaissent. Dommage il aurait fallu que nous attendions quelques jours. Bernard est dans l&rsquo;h\u00e9misph\u00e8re nord et moi l&rsquo;h\u00e9misph\u00e8re sud<\/p>\n<p dir=\"ltr\"><img loading=\"lazy\" decoding=\"async\" data-attachment-id=\"16622\" data-permalink=\"https:\/\/genevieveetbernardauxameriques.fr\/index.php\/2017\/03\/15\/la-cote-pacifique-de-puerto-lopez-a-la-frontiere-colombienne\/dscn8430\/\" data-orig-file=\"https:\/\/i0.wp.com\/genevieveetbernardauxameriques.fr\/wp-content\/uploads\/2017\/03\/DSCN8430-e1586092794196.jpg?fit=540%2C633&amp;ssl=1\" data-orig-size=\"540,633\" data-comments-opened=\"1\" data-image-meta=\"{&quot;aperture&quot;:&quot;2.8&quot;,&quot;credit&quot;:&quot;&quot;,&quot;camera&quot;:&quot;COOLPIX P900&quot;,&quot;caption&quot;:&quot;&quot;,&quot;created_timestamp&quot;:&quot;1489009396&quot;,&quot;copyright&quot;:&quot;&quot;,&quot;focal_length&quot;:&quot;4.3&quot;,&quot;iso&quot;:&quot;100&quot;,&quot;shutter_speed&quot;:&quot;0.004&quot;,&quot;title&quot;:&quot;&quot;,&quot;orientation&quot;:&quot;1&quot;}\" data-image-title=\"DSCN8430\" data-image-description=\"\" data-image-caption=\"\" data-medium-file=\"https:\/\/i0.wp.com\/genevieveetbernardauxameriques.fr\/wp-content\/uploads\/2017\/03\/DSCN8430-e1586092794196.jpg?fit=256%2C300&amp;ssl=1\" data-large-file=\"https:\/\/i0.wp.com\/genevieveetbernardauxameriques.fr\/wp-content\/uploads\/2017\/03\/DSCN8430-e1586092794196.jpg?fit=540%2C633&amp;ssl=1\" class=\"alignnone size-full wp-image-16622\" src=\"https:\/\/i0.wp.com\/genevieveetbernardauxameriques.fr\/wp-content\/uploads\/2017\/03\/DSCN8430-e1586092794196.jpg?resize=540%2C633&#038;ssl=1\" alt=\"\" width=\"540\" height=\"633\" srcset=\"https:\/\/i0.wp.com\/genevieveetbernardauxameriques.fr\/wp-content\/uploads\/2017\/03\/DSCN8430-e1586092794196.jpg?w=540&amp;ssl=1 540w, https:\/\/i0.wp.com\/genevieveetbernardauxameriques.fr\/wp-content\/uploads\/2017\/03\/DSCN8430-e1586092794196.jpg?resize=256%2C300&amp;ssl=1 256w\" sizes=\"(max-width: 540px) 100vw, 540px\" data-recalc-dims=\"1\" \/><\/p>\n<p dir=\"ltr\">Le chronom\u00e8tre solaire unique \u00e9labor\u00e9 en 1865 et qui indique pr\u00e9cis\u00e9ment l&rsquo;heure astronomique, le mois, le jour et la saison juste \u00e0 partir des seuls rayons du soleil.<\/p>\n<p dir=\"ltr\">Et voil\u00e0 de nouvelles exp\u00e9riences :<\/p>\n<p class=\"title-text ng-scope\">Un \u0153uf peut tenir sur la t\u00eate d\u2019un clou<\/p>\n<p class=\"title-text ng-scope\"><img loading=\"lazy\" decoding=\"async\" data-attachment-id=\"16623\" data-permalink=\"https:\/\/genevieveetbernardauxameriques.fr\/index.php\/2017\/03\/15\/la-cote-pacifique-de-puerto-lopez-a-la-frontiere-colombienne\/dscn8431\/\" data-orig-file=\"https:\/\/i0.wp.com\/genevieveetbernardauxameriques.fr\/wp-content\/uploads\/2017\/03\/DSCN8431.jpg?fit=720%2C540&amp;ssl=1\" data-orig-size=\"720,540\" data-comments-opened=\"1\" data-image-meta=\"{&quot;aperture&quot;:&quot;2.8&quot;,&quot;credit&quot;:&quot;&quot;,&quot;camera&quot;:&quot;COOLPIX P900&quot;,&quot;caption&quot;:&quot;&quot;,&quot;created_timestamp&quot;:&quot;1489009877&quot;,&quot;copyright&quot;:&quot;&quot;,&quot;focal_length&quot;:&quot;4.3&quot;,&quot;iso&quot;:&quot;100&quot;,&quot;shutter_speed&quot;:&quot;0.005&quot;,&quot;title&quot;:&quot;&quot;,&quot;orientation&quot;:&quot;1&quot;}\" data-image-title=\"DSCN8431\" data-image-description=\"\" data-image-caption=\"\" data-medium-file=\"https:\/\/i0.wp.com\/genevieveetbernardauxameriques.fr\/wp-content\/uploads\/2017\/03\/DSCN8431.jpg?fit=300%2C225&amp;ssl=1\" data-large-file=\"https:\/\/i0.wp.com\/genevieveetbernardauxameriques.fr\/wp-content\/uploads\/2017\/03\/DSCN8431.jpg?fit=640%2C480&amp;ssl=1\" class=\"alignnone size-full wp-image-16623\" src=\"https:\/\/i0.wp.com\/genevieveetbernardauxameriques.fr\/wp-content\/uploads\/2017\/03\/DSCN8431.jpg?resize=640%2C480&#038;ssl=1\" alt=\"\" width=\"640\" height=\"480\" srcset=\"https:\/\/i0.wp.com\/genevieveetbernardauxameriques.fr\/wp-content\/uploads\/2017\/03\/DSCN8431.jpg?w=720&amp;ssl=1 720w, https:\/\/i0.wp.com\/genevieveetbernardauxameriques.fr\/wp-content\/uploads\/2017\/03\/DSCN8431.jpg?resize=300%2C225&amp;ssl=1 300w\" sizes=\"(max-width: 640px) 100vw, 640px\" data-recalc-dims=\"1\" \/><\/p>\n<p>L\u2019exp\u00e9rience que l\u2019on peut en th\u00e9orie r\u00e9aliser sur toute la plan\u00e8te est cens\u00e9e \u00eatre plus facile \u00e0 l\u2019\u00e9quateur puisque la force d\u2019attraction des p\u00f4les s\u2019annule.<\/p>\n<p>Dans quel sens tourne l\u2019eau\u00a0?<\/p>\n<p>La l\u00e9gende veut que dans chaque h\u00e9misph\u00e8re, l\u2019eau tourne dans un sens diff\u00e9rent. Mais l\u2019exp\u00e9rience vant\u00e9e dans les deux mus\u00e9es est un trucage. La force de Coriolis\u00a0\u2013\u00a0qui agit sur les cyclones, par exemple\u00a0\u2013\u00a0est trop faible pour avoir un impact sur un \u00e9vier qui se vide. Pourtant l&rsquo;essai \u00e9tait concluant et l&rsquo;on a bien vu la diff\u00e9rence, nous avions essayer lorsque nous \u00e9tions sur le bateau aux Galapagos et cela \u00e9tait r\u00e9el.<\/p>\n<p class=\"title-text ng-scope\">Difficile de garder l\u2019\u00e9quilibre :<\/p>\n<p class=\"title-text ng-scope\">L\u2019exp\u00e9rience semble anodine en apparence. Fermer les yeux. Joindre les pieds. Tendre les bras sur les c\u00f4t\u00e9s et avancer sur la ligne de l\u2019\u00e9quateur. Facile\u00a0? Pas vraiment. La pression des p\u00f4les se sent de chaque c\u00f4t\u00e9 et emp\u00eache de faire plus de quelques pas sans perdre l\u2019\u00e9quilibre.<\/p>\n<h3>Des petits bras tout faibles :<\/h3>\n<p>Cette exp\u00e9rience ne peut pas fonctionner chez vous.<\/p>\n<p>On se place soit un peu au Sud soit un peu au Nord de la ligne. Vous tendez vos bras devant vous. Une autre personne essaie alors de baisser vos bras : vous avez assez de force pour r\u00e9sister et gardez vos bras tendus jusque l\u00e0 tout va bien.\u00a0Les choses se compliquent quand on nous demande de faire exactement la m\u00eame chose en \u00e9tant bien plac\u00e9 sur la ligne \u00e9quatoriale : cette fois-ci, la personne n\u2019a besoin que d\u2019une main pour vous faire baisser vos deux bras tendus.<\/p>\n<p>Nous visiterons \u00e9galement le mus\u00e9e ethnographique. Visite d&rsquo;anciennes maisons, d&rsquo;animaux (morts) de la for\u00eat \u00e9quatoriale,<\/p>\n<p>Une tombe<\/p>\n<p><a href=\"https:\/\/i0.wp.com\/genevieveetbernardauxameriques.fr\/wp-content\/uploads\/2017\/03\/DSCN8427.jpg?ssl=1\"><img loading=\"lazy\" decoding=\"async\" data-attachment-id=\"16621\" data-permalink=\"https:\/\/genevieveetbernardauxameriques.fr\/index.php\/2017\/03\/15\/la-cote-pacifique-de-puerto-lopez-a-la-frontiere-colombienne\/dscn8427\/\" data-orig-file=\"https:\/\/i0.wp.com\/genevieveetbernardauxameriques.fr\/wp-content\/uploads\/2017\/03\/DSCN8427.jpg?fit=720%2C540&amp;ssl=1\" data-orig-size=\"720,540\" data-comments-opened=\"1\" data-image-meta=\"{&quot;aperture&quot;:&quot;2.8&quot;,&quot;credit&quot;:&quot;&quot;,&quot;camera&quot;:&quot;COOLPIX P900&quot;,&quot;caption&quot;:&quot;&quot;,&quot;created_timestamp&quot;:&quot;1489009042&quot;,&quot;copyright&quot;:&quot;&quot;,&quot;focal_length&quot;:&quot;4.3&quot;,&quot;iso&quot;:&quot;100&quot;,&quot;shutter_speed&quot;:&quot;0.033333333333333&quot;,&quot;title&quot;:&quot;&quot;,&quot;orientation&quot;:&quot;1&quot;}\" data-image-title=\"DSCN8427\" data-image-description=\"\" data-image-caption=\"\" data-medium-file=\"https:\/\/i0.wp.com\/genevieveetbernardauxameriques.fr\/wp-content\/uploads\/2017\/03\/DSCN8427.jpg?fit=300%2C225&amp;ssl=1\" data-large-file=\"https:\/\/i0.wp.com\/genevieveetbernardauxameriques.fr\/wp-content\/uploads\/2017\/03\/DSCN8427.jpg?fit=640%2C480&amp;ssl=1\" class=\"alignnone size-full wp-image-16621\" src=\"https:\/\/i0.wp.com\/genevieveetbernardauxameriques.fr\/wp-content\/uploads\/2017\/03\/DSCN8427.jpg?resize=640%2C480&#038;ssl=1\" alt=\"\" width=\"640\" height=\"480\" srcset=\"https:\/\/i0.wp.com\/genevieveetbernardauxameriques.fr\/wp-content\/uploads\/2017\/03\/DSCN8427.jpg?w=720&amp;ssl=1 720w, https:\/\/i0.wp.com\/genevieveetbernardauxameriques.fr\/wp-content\/uploads\/2017\/03\/DSCN8427.jpg?resize=300%2C225&amp;ssl=1 300w\" sizes=\"(max-width: 640px) 100vw, 640px\" data-recalc-dims=\"1\" \/><\/a><\/p>\n<p>Un guerrier<\/p>\n<p><img loading=\"lazy\" decoding=\"async\" data-attachment-id=\"16625\" data-permalink=\"https:\/\/genevieveetbernardauxameriques.fr\/index.php\/2017\/03\/15\/la-cote-pacifique-de-puerto-lopez-a-la-frontiere-colombienne\/dscn8438\/\" data-orig-file=\"https:\/\/i0.wp.com\/genevieveetbernardauxameriques.fr\/wp-content\/uploads\/2017\/03\/DSCN8438.jpg?fit=540%2C720&amp;ssl=1\" data-orig-size=\"540,720\" data-comments-opened=\"1\" data-image-meta=\"{&quot;aperture&quot;:&quot;3.5&quot;,&quot;credit&quot;:&quot;&quot;,&quot;camera&quot;:&quot;COOLPIX P900&quot;,&quot;caption&quot;:&quot;&quot;,&quot;created_timestamp&quot;:&quot;1489011077&quot;,&quot;copyright&quot;:&quot;&quot;,&quot;focal_length&quot;:&quot;9.8&quot;,&quot;iso&quot;:&quot;800&quot;,&quot;shutter_speed&quot;:&quot;0.16666666666667&quot;,&quot;title&quot;:&quot;&quot;,&quot;orientation&quot;:&quot;1&quot;}\" data-image-title=\"DSCN8438\" data-image-description=\"\" data-image-caption=\"\" data-medium-file=\"https:\/\/i0.wp.com\/genevieveetbernardauxameriques.fr\/wp-content\/uploads\/2017\/03\/DSCN8438.jpg?fit=225%2C300&amp;ssl=1\" data-large-file=\"https:\/\/i0.wp.com\/genevieveetbernardauxameriques.fr\/wp-content\/uploads\/2017\/03\/DSCN8438.jpg?fit=540%2C720&amp;ssl=1\" class=\"wp-image-16625 aligncenter\" src=\"https:\/\/i0.wp.com\/genevieveetbernardauxameriques.fr\/wp-content\/uploads\/2017\/03\/DSCN8438.jpg?resize=354%2C472&#038;ssl=1\" alt=\"\" width=\"354\" height=\"472\" srcset=\"https:\/\/i0.wp.com\/genevieveetbernardauxameriques.fr\/wp-content\/uploads\/2017\/03\/DSCN8438.jpg?w=540&amp;ssl=1 540w, https:\/\/i0.wp.com\/genevieveetbernardauxameriques.fr\/wp-content\/uploads\/2017\/03\/DSCN8438.jpg?resize=225%2C300&amp;ssl=1 225w\" sizes=\"(max-width: 354px) 100vw, 354px\" data-recalc-dims=\"1\" \/><\/p>\n<p>Mais ce qui nous a le plus surpris, ceux sont les images et les explications des t\u00eates r\u00e9duites. Ce processus appel\u00e9 \u00ab\u00a0tsantsa\u00a0\u00bb \u00e9tait r\u00e9alis\u00e9 par les Shuars jusque dans les ann\u00e9es 1940.<\/p>\n<p>Je vous montre d&rsquo;abord les images<\/p>\n<p><a href=\"https:\/\/i0.wp.com\/genevieveetbernardauxameriques.fr\/wp-content\/uploads\/2017\/03\/DSCN8421.jpg?ssl=1\"><img loading=\"lazy\" decoding=\"async\" data-attachment-id=\"16616\" data-permalink=\"https:\/\/genevieveetbernardauxameriques.fr\/index.php\/2017\/03\/15\/la-cote-pacifique-de-puerto-lopez-a-la-frontiere-colombienne\/dscn8421\/\" data-orig-file=\"https:\/\/i0.wp.com\/genevieveetbernardauxameriques.fr\/wp-content\/uploads\/2017\/03\/DSCN8421.jpg?fit=720%2C540&amp;ssl=1\" data-orig-size=\"720,540\" data-comments-opened=\"1\" data-image-meta=\"{&quot;aperture&quot;:&quot;3.5&quot;,&quot;credit&quot;:&quot;&quot;,&quot;camera&quot;:&quot;COOLPIX P900&quot;,&quot;caption&quot;:&quot;&quot;,&quot;created_timestamp&quot;:&quot;1489008668&quot;,&quot;copyright&quot;:&quot;&quot;,&quot;focal_length&quot;:&quot;14.3&quot;,&quot;iso&quot;:&quot;640&quot;,&quot;shutter_speed&quot;:&quot;0.066666666666667&quot;,&quot;title&quot;:&quot;&quot;,&quot;orientation&quot;:&quot;1&quot;}\" data-image-title=\"DSCN8421\" data-image-description=\"\" data-image-caption=\"\" data-medium-file=\"https:\/\/i0.wp.com\/genevieveetbernardauxameriques.fr\/wp-content\/uploads\/2017\/03\/DSCN8421.jpg?fit=300%2C225&amp;ssl=1\" data-large-file=\"https:\/\/i0.wp.com\/genevieveetbernardauxameriques.fr\/wp-content\/uploads\/2017\/03\/DSCN8421.jpg?fit=640%2C480&amp;ssl=1\" class=\"alignnone size-medium wp-image-16616\" src=\"https:\/\/i0.wp.com\/genevieveetbernardauxameriques.fr\/wp-content\/uploads\/2017\/03\/DSCN8421.jpg?resize=300%2C225&#038;ssl=1\" alt=\"\" width=\"300\" height=\"225\" srcset=\"https:\/\/i0.wp.com\/genevieveetbernardauxameriques.fr\/wp-content\/uploads\/2017\/03\/DSCN8421.jpg?resize=300%2C225&amp;ssl=1 300w, https:\/\/i0.wp.com\/genevieveetbernardauxameriques.fr\/wp-content\/uploads\/2017\/03\/DSCN8421.jpg?w=720&amp;ssl=1 720w\" sizes=\"(max-width: 300px) 100vw, 300px\" data-recalc-dims=\"1\" \/><\/a> <a href=\"https:\/\/i0.wp.com\/genevieveetbernardauxameriques.fr\/wp-content\/uploads\/2017\/03\/DSCN8422.jpg?ssl=1\"><img loading=\"lazy\" decoding=\"async\" data-attachment-id=\"16617\" data-permalink=\"https:\/\/genevieveetbernardauxameriques.fr\/index.php\/2017\/03\/15\/la-cote-pacifique-de-puerto-lopez-a-la-frontiere-colombienne\/dscn8422\/\" data-orig-file=\"https:\/\/i0.wp.com\/genevieveetbernardauxameriques.fr\/wp-content\/uploads\/2017\/03\/DSCN8422.jpg?fit=720%2C540&amp;ssl=1\" data-orig-size=\"720,540\" data-comments-opened=\"1\" data-image-meta=\"{&quot;aperture&quot;:&quot;3.5&quot;,&quot;credit&quot;:&quot;&quot;,&quot;camera&quot;:&quot;COOLPIX P900&quot;,&quot;caption&quot;:&quot;&quot;,&quot;created_timestamp&quot;:&quot;1489008671&quot;,&quot;copyright&quot;:&quot;&quot;,&quot;focal_length&quot;:&quot;14.3&quot;,&quot;iso&quot;:&quot;560&quot;,&quot;shutter_speed&quot;:&quot;0.066666666666667&quot;,&quot;title&quot;:&quot;&quot;,&quot;orientation&quot;:&quot;1&quot;}\" data-image-title=\"DSCN8422\" data-image-description=\"\" data-image-caption=\"\" data-medium-file=\"https:\/\/i0.wp.com\/genevieveetbernardauxameriques.fr\/wp-content\/uploads\/2017\/03\/DSCN8422.jpg?fit=300%2C225&amp;ssl=1\" data-large-file=\"https:\/\/i0.wp.com\/genevieveetbernardauxameriques.fr\/wp-content\/uploads\/2017\/03\/DSCN8422.jpg?fit=640%2C480&amp;ssl=1\" class=\"alignnone size-medium wp-image-16617\" src=\"https:\/\/i0.wp.com\/genevieveetbernardauxameriques.fr\/wp-content\/uploads\/2017\/03\/DSCN8422.jpg?resize=300%2C225&#038;ssl=1\" alt=\"\" width=\"300\" height=\"225\" srcset=\"https:\/\/i0.wp.com\/genevieveetbernardauxameriques.fr\/wp-content\/uploads\/2017\/03\/DSCN8422.jpg?resize=300%2C225&amp;ssl=1 300w, https:\/\/i0.wp.com\/genevieveetbernardauxameriques.fr\/wp-content\/uploads\/2017\/03\/DSCN8422.jpg?w=720&amp;ssl=1 720w\" sizes=\"(max-width: 300px) 100vw, 300px\" data-recalc-dims=\"1\" \/><\/a> <a href=\"https:\/\/i0.wp.com\/genevieveetbernardauxameriques.fr\/wp-content\/uploads\/2017\/03\/DSCN8423.jpg?ssl=1\"><img loading=\"lazy\" decoding=\"async\" data-attachment-id=\"16618\" data-permalink=\"https:\/\/genevieveetbernardauxameriques.fr\/index.php\/2017\/03\/15\/la-cote-pacifique-de-puerto-lopez-a-la-frontiere-colombienne\/dscn8423\/\" data-orig-file=\"https:\/\/i0.wp.com\/genevieveetbernardauxameriques.fr\/wp-content\/uploads\/2017\/03\/DSCN8423.jpg?fit=720%2C540&amp;ssl=1\" data-orig-size=\"720,540\" data-comments-opened=\"1\" data-image-meta=\"{&quot;aperture&quot;:&quot;4&quot;,&quot;credit&quot;:&quot;&quot;,&quot;camera&quot;:&quot;COOLPIX P900&quot;,&quot;caption&quot;:&quot;&quot;,&quot;created_timestamp&quot;:&quot;1489008676&quot;,&quot;copyright&quot;:&quot;&quot;,&quot;focal_length&quot;:&quot;18.7&quot;,&quot;iso&quot;:&quot;800&quot;,&quot;shutter_speed&quot;:&quot;0.1&quot;,&quot;title&quot;:&quot;&quot;,&quot;orientation&quot;:&quot;1&quot;}\" data-image-title=\"DSCN8423\" data-image-description=\"\" data-image-caption=\"\" data-medium-file=\"https:\/\/i0.wp.com\/genevieveetbernardauxameriques.fr\/wp-content\/uploads\/2017\/03\/DSCN8423.jpg?fit=300%2C225&amp;ssl=1\" data-large-file=\"https:\/\/i0.wp.com\/genevieveetbernardauxameriques.fr\/wp-content\/uploads\/2017\/03\/DSCN8423.jpg?fit=640%2C480&amp;ssl=1\" class=\"alignnone size-medium wp-image-16618\" src=\"https:\/\/i0.wp.com\/genevieveetbernardauxameriques.fr\/wp-content\/uploads\/2017\/03\/DSCN8423.jpg?resize=300%2C225&#038;ssl=1\" alt=\"\" width=\"300\" height=\"225\" srcset=\"https:\/\/i0.wp.com\/genevieveetbernardauxameriques.fr\/wp-content\/uploads\/2017\/03\/DSCN8423.jpg?resize=300%2C225&amp;ssl=1 300w, https:\/\/i0.wp.com\/genevieveetbernardauxameriques.fr\/wp-content\/uploads\/2017\/03\/DSCN8423.jpg?w=720&amp;ssl=1 720w\" sizes=\"(max-width: 300px) 100vw, 300px\" data-recalc-dims=\"1\" \/><\/a> <a href=\"https:\/\/i0.wp.com\/genevieveetbernardauxameriques.fr\/wp-content\/uploads\/2017\/03\/DSCN8424.jpg?ssl=1\"><img loading=\"lazy\" decoding=\"async\" data-attachment-id=\"16619\" data-permalink=\"https:\/\/genevieveetbernardauxameriques.fr\/index.php\/2017\/03\/15\/la-cote-pacifique-de-puerto-lopez-a-la-frontiere-colombienne\/dscn8424\/\" data-orig-file=\"https:\/\/i0.wp.com\/genevieveetbernardauxameriques.fr\/wp-content\/uploads\/2017\/03\/DSCN8424.jpg?fit=720%2C540&amp;ssl=1\" data-orig-size=\"720,540\" data-comments-opened=\"1\" data-image-meta=\"{&quot;aperture&quot;:&quot;4.5&quot;,&quot;credit&quot;:&quot;&quot;,&quot;camera&quot;:&quot;COOLPIX P900&quot;,&quot;caption&quot;:&quot;&quot;,&quot;created_timestamp&quot;:&quot;1489008683&quot;,&quot;copyright&quot;:&quot;&quot;,&quot;focal_length&quot;:&quot;42.8&quot;,&quot;iso&quot;:&quot;800&quot;,&quot;shutter_speed&quot;:&quot;0.16666666666667&quot;,&quot;title&quot;:&quot;&quot;,&quot;orientation&quot;:&quot;1&quot;}\" data-image-title=\"DSCN8424\" data-image-description=\"\" data-image-caption=\"\" data-medium-file=\"https:\/\/i0.wp.com\/genevieveetbernardauxameriques.fr\/wp-content\/uploads\/2017\/03\/DSCN8424.jpg?fit=300%2C225&amp;ssl=1\" data-large-file=\"https:\/\/i0.wp.com\/genevieveetbernardauxameriques.fr\/wp-content\/uploads\/2017\/03\/DSCN8424.jpg?fit=640%2C480&amp;ssl=1\" class=\"alignnone size-medium wp-image-16619\" src=\"https:\/\/i0.wp.com\/genevieveetbernardauxameriques.fr\/wp-content\/uploads\/2017\/03\/DSCN8424.jpg?resize=300%2C225&#038;ssl=1\" alt=\"\" width=\"300\" height=\"225\" srcset=\"https:\/\/i0.wp.com\/genevieveetbernardauxameriques.fr\/wp-content\/uploads\/2017\/03\/DSCN8424.jpg?resize=300%2C225&amp;ssl=1 300w, https:\/\/i0.wp.com\/genevieveetbernardauxameriques.fr\/wp-content\/uploads\/2017\/03\/DSCN8424.jpg?w=720&amp;ssl=1 720w\" sizes=\"(max-width: 300px) 100vw, 300px\" data-recalc-dims=\"1\" \/><\/a><\/p>\n<p>Pour finir au bout d&rsquo;une lance<\/p>\n<p><img loading=\"lazy\" decoding=\"async\" data-attachment-id=\"16620\" data-permalink=\"https:\/\/genevieveetbernardauxameriques.fr\/index.php\/2017\/03\/15\/la-cote-pacifique-de-puerto-lopez-a-la-frontiere-colombienne\/dscn8426\/\" data-orig-file=\"https:\/\/i0.wp.com\/genevieveetbernardauxameriques.fr\/wp-content\/uploads\/2017\/03\/DSCN8426.jpg?fit=720%2C540&amp;ssl=1\" data-orig-size=\"720,540\" data-comments-opened=\"1\" data-image-meta=\"{&quot;aperture&quot;:&quot;4.5&quot;,&quot;credit&quot;:&quot;&quot;,&quot;camera&quot;:&quot;COOLPIX P900&quot;,&quot;caption&quot;:&quot;&quot;,&quot;created_timestamp&quot;:&quot;1489008695&quot;,&quot;copyright&quot;:&quot;&quot;,&quot;focal_length&quot;:&quot;42.8&quot;,&quot;iso&quot;:&quot;800&quot;,&quot;shutter_speed&quot;:&quot;0.125&quot;,&quot;title&quot;:&quot;&quot;,&quot;orientation&quot;:&quot;1&quot;}\" data-image-title=\"DSCN8426\" data-image-description=\"\" data-image-caption=\"\" data-medium-file=\"https:\/\/i0.wp.com\/genevieveetbernardauxameriques.fr\/wp-content\/uploads\/2017\/03\/DSCN8426.jpg?fit=300%2C225&amp;ssl=1\" data-large-file=\"https:\/\/i0.wp.com\/genevieveetbernardauxameriques.fr\/wp-content\/uploads\/2017\/03\/DSCN8426.jpg?fit=640%2C480&amp;ssl=1\" class=\"alignnone size-full wp-image-16620\" src=\"https:\/\/i0.wp.com\/genevieveetbernardauxameriques.fr\/wp-content\/uploads\/2017\/03\/DSCN8426.jpg?resize=640%2C480&#038;ssl=1\" alt=\"\" width=\"640\" height=\"480\" srcset=\"https:\/\/i0.wp.com\/genevieveetbernardauxameriques.fr\/wp-content\/uploads\/2017\/03\/DSCN8426.jpg?w=720&amp;ssl=1 720w, https:\/\/i0.wp.com\/genevieveetbernardauxameriques.fr\/wp-content\/uploads\/2017\/03\/DSCN8426.jpg?resize=300%2C225&amp;ssl=1 300w\" sizes=\"(max-width: 640px) 100vw, 640px\" data-recalc-dims=\"1\" \/><\/p>\n<p>Seuls les ennemis de sexe masculin se voyaient ainsi mal finir. Apr\u00e8s \u00eatre entr\u00e9 en contact avec les Dieux, le \u00ab\u00a0vengeur\u00a0\u00bb allait d\u00e9capiter son ennemi et ramenait sa t\u00eate. Pr\u00e8s de la rivi\u00e8re, suite \u00e0 une incision de la t\u00eate, le cuir chevelu \u00e9tait alors s\u00e9par\u00e9 du cr\u00e2ne. Ce dernier \u00e9tait jet\u00e9 \u00e0 l\u2019eau pour nourrir les anacondas, v\u00e9n\u00e9r\u00e9s tels des dieux. Les yeux et la bouche \u00e9taient cousus, les autres orifices \u00e9taient bouch\u00e9s par des petites pierres de fa\u00e7on \u00e0 ce que ne s\u2019\u00e9chappent pas les esprits de l\u2019ennemi. Le chaman faisait ensuite bouillir la t\u00eate durant 15 minutes dans l\u2019eau apr\u00e8s avoir mis une pierre et du sable \u00e0 l\u2019int\u00e9rieur de la t\u00eate de fa\u00e7on \u00e0 ce qu\u2019elle ne se d\u00e9forme pas. La t\u00eate se r\u00e9duisait alors pour ne faire plus qu\u2019une dizaine de centim\u00e8tres. Lors du dernier jour de la semaine de fabrication, la t\u00eate \u00e9tait emport\u00e9e en for\u00eat pour subir sa premi\u00e8re c\u00e9l\u00e9bration\u00a0: un trou \u00e9tait effectu\u00e9 sur le haut du cr\u00e2ne, un double kamai ins\u00e9r\u00e9 et fix\u00e9 \u00e0 un chounta \u00e0 l&rsquo;int\u00e9rieur de la t\u00eate, ainsi la tsantsa pouvait \u00eatre port\u00e9e sur la t\u00eate du guerrier, lui apportant son\u00a0\u00a0pouvoir personnel, son arutam (force, courage, sagesse&#8230;). Plus le guerrier avait de tsantsas, plus il avait de pouvoir.<\/p>\n<p>Et voici une vrai t\u00eate<\/p>\n<p><a href=\"https:\/\/i0.wp.com\/genevieveetbernardauxameriques.fr\/wp-content\/uploads\/2017\/03\/DSCN8420.jpg?ssl=1\"><img loading=\"lazy\" decoding=\"async\" data-attachment-id=\"16615\" data-permalink=\"https:\/\/genevieveetbernardauxameriques.fr\/index.php\/2017\/03\/15\/la-cote-pacifique-de-puerto-lopez-a-la-frontiere-colombienne\/dscn8420\/\" data-orig-file=\"https:\/\/i0.wp.com\/genevieveetbernardauxameriques.fr\/wp-content\/uploads\/2017\/03\/DSCN8420.jpg?fit=540%2C720&amp;ssl=1\" data-orig-size=\"540,720\" data-comments-opened=\"1\" data-image-meta=\"{&quot;aperture&quot;:&quot;2.8&quot;,&quot;credit&quot;:&quot;&quot;,&quot;camera&quot;:&quot;COOLPIX P900&quot;,&quot;caption&quot;:&quot;&quot;,&quot;created_timestamp&quot;:&quot;1489008633&quot;,&quot;copyright&quot;:&quot;&quot;,&quot;focal_length&quot;:&quot;4.3&quot;,&quot;iso&quot;:&quot;320&quot;,&quot;shutter_speed&quot;:&quot;0.033333333333333&quot;,&quot;title&quot;:&quot;&quot;,&quot;orientation&quot;:&quot;1&quot;}\" data-image-title=\"DSCN8420\" data-image-description=\"\" data-image-caption=\"\" data-medium-file=\"https:\/\/i0.wp.com\/genevieveetbernardauxameriques.fr\/wp-content\/uploads\/2017\/03\/DSCN8420.jpg?fit=225%2C300&amp;ssl=1\" data-large-file=\"https:\/\/i0.wp.com\/genevieveetbernardauxameriques.fr\/wp-content\/uploads\/2017\/03\/DSCN8420.jpg?fit=540%2C720&amp;ssl=1\" class=\"alignnone size-full wp-image-16615\" src=\"https:\/\/i0.wp.com\/genevieveetbernardauxameriques.fr\/wp-content\/uploads\/2017\/03\/DSCN8420.jpg?resize=540%2C720&#038;ssl=1\" alt=\"\" width=\"540\" height=\"720\" srcset=\"https:\/\/i0.wp.com\/genevieveetbernardauxameriques.fr\/wp-content\/uploads\/2017\/03\/DSCN8420.jpg?w=540&amp;ssl=1 540w, https:\/\/i0.wp.com\/genevieveetbernardauxameriques.fr\/wp-content\/uploads\/2017\/03\/DSCN8420.jpg?resize=225%2C300&amp;ssl=1 225w\" sizes=\"(max-width: 540px) 100vw, 540px\" data-recalc-dims=\"1\" \/><\/a><\/p>\n<p>Ce matin nous avons fait la visite du centre de la Mitad del Mundo avec du soleil, cet apr\u00e8s midi, comme depuis quelques jours \u00e0 partir de midi, la pluie ne nous quitte plus jusqu&rsquo;au soir, nous n&rsquo;irons pas voir le crat\u00e8re du volcan Pululahua qui n&rsquo;\u00e9tait qu&rsquo;\u00e0 4 kms, mais nous partirons directement pour Quito.<\/p>\n<div>\n<p dir=\"ltr\">Un beau cactus avant de quitter le site<\/p>\n<p dir=\"ltr\"><img loading=\"lazy\" decoding=\"async\" data-attachment-id=\"16614\" data-permalink=\"https:\/\/genevieveetbernardauxameriques.fr\/index.php\/2017\/03\/15\/la-cote-pacifique-de-puerto-lopez-a-la-frontiere-colombienne\/dscn8418\/\" data-orig-file=\"https:\/\/i0.wp.com\/genevieveetbernardauxameriques.fr\/wp-content\/uploads\/2017\/03\/DSCN8418.jpg?fit=540%2C720&amp;ssl=1\" data-orig-size=\"540,720\" data-comments-opened=\"1\" data-image-meta=\"{&quot;aperture&quot;:&quot;4&quot;,&quot;credit&quot;:&quot;&quot;,&quot;camera&quot;:&quot;COOLPIX P900&quot;,&quot;caption&quot;:&quot;&quot;,&quot;created_timestamp&quot;:&quot;1489007727&quot;,&quot;copyright&quot;:&quot;&quot;,&quot;focal_length&quot;:&quot;24.1&quot;,&quot;iso&quot;:&quot;100&quot;,&quot;shutter_speed&quot;:&quot;0.004&quot;,&quot;title&quot;:&quot;&quot;,&quot;orientation&quot;:&quot;1&quot;}\" data-image-title=\"DSCN8418\" data-image-description=\"\" data-image-caption=\"\" data-medium-file=\"https:\/\/i0.wp.com\/genevieveetbernardauxameriques.fr\/wp-content\/uploads\/2017\/03\/DSCN8418.jpg?fit=225%2C300&amp;ssl=1\" data-large-file=\"https:\/\/i0.wp.com\/genevieveetbernardauxameriques.fr\/wp-content\/uploads\/2017\/03\/DSCN8418.jpg?fit=540%2C720&amp;ssl=1\" class=\"wp-image-16614 aligncenter\" src=\"https:\/\/i0.wp.com\/genevieveetbernardauxameriques.fr\/wp-content\/uploads\/2017\/03\/DSCN8418.jpg?resize=375%2C500&#038;ssl=1\" alt=\"\" width=\"375\" height=\"500\" srcset=\"https:\/\/i0.wp.com\/genevieveetbernardauxameriques.fr\/wp-content\/uploads\/2017\/03\/DSCN8418.jpg?w=540&amp;ssl=1 540w, https:\/\/i0.wp.com\/genevieveetbernardauxameriques.fr\/wp-content\/uploads\/2017\/03\/DSCN8418.jpg?resize=225%2C300&amp;ssl=1 225w\" sizes=\"(max-width: 375px) 100vw, 375px\" data-recalc-dims=\"1\" \/><\/p>\n<p dir=\"ltr\"><strong>Quito<\/strong>, capitale de l&rsquo;Equateur, la 2eme plus haute apr\u00e8s La Paz. La vieille ville est inscrite au patrimoine mondial de l&rsquo;UNESCO, presque 2 millions d&rsquo;habitants ; La ville est toute en longueur 50 km du nord au sud et 5 km en largeur.<\/p>\n<p dir=\"ltr\">Nous nous installons sur le parking de la Carolina pr\u00e8s de la police que nous ont indiqu\u00e9 des voyageurs. Il est situ\u00e9 pr\u00e8s du Mariscal, c&rsquo;est un immense parc avec des pistes cyclables et de footing. A l&rsquo;int\u00e9rieur se trouve le jardin botanique, le mus\u00e9e des sciences naturelles, un vivarium.<\/p>\n<p dir=\"ltr\"><strong>Mercredi 8 mars\u00a0<\/strong><\/p>\n<p dir=\"ltr\">Le premier jour nous visiterons le centre historique,\u00a0 direction la Plaza Grande.\u00a0 Elle est encadr\u00e9e sur 3 c\u00f4t\u00e9s de b\u00e2timents historiques : la cath\u00e9drale au sud (milieu du 16\u00e8me si\u00e8cle), le Palacio del Gobierno \u00e0 l\u2019ouest et le Palacio Abizcopal (palais de l\u2019archev\u00each\u00e9) et l\u2019h\u00f4tel Majestic qui fut le premier H\u00f4tel de ville, au nord.<\/p>\n<\/div>\n<p dir=\"ltr\"><a href=\"https:\/\/i0.wp.com\/genevieveetbernardauxameriques.fr\/wp-content\/uploads\/2017\/03\/P1070566.jpg?ssl=1\"><img loading=\"lazy\" decoding=\"async\" data-attachment-id=\"16662\" data-permalink=\"https:\/\/genevieveetbernardauxameriques.fr\/index.php\/2017\/03\/15\/la-cote-pacifique-de-puerto-lopez-a-la-frontiere-colombienne\/p1070566\/\" data-orig-file=\"https:\/\/i0.wp.com\/genevieveetbernardauxameriques.fr\/wp-content\/uploads\/2017\/03\/P1070566.jpg?fit=720%2C540&amp;ssl=1\" data-orig-size=\"720,540\" data-comments-opened=\"1\" data-image-meta=\"{&quot;aperture&quot;:&quot;5&quot;,&quot;credit&quot;:&quot;&quot;,&quot;camera&quot;:&quot;DMC-TZ55&quot;,&quot;caption&quot;:&quot;&quot;,&quot;created_timestamp&quot;:&quot;1489078400&quot;,&quot;copyright&quot;:&quot;&quot;,&quot;focal_length&quot;:&quot;7.9&quot;,&quot;iso&quot;:&quot;100&quot;,&quot;shutter_speed&quot;:&quot;0.0015625&quot;,&quot;title&quot;:&quot;&quot;,&quot;orientation&quot;:&quot;1&quot;}\" data-image-title=\"P1070566\" data-image-description=\"\" data-image-caption=\"\" data-medium-file=\"https:\/\/i0.wp.com\/genevieveetbernardauxameriques.fr\/wp-content\/uploads\/2017\/03\/P1070566.jpg?fit=300%2C225&amp;ssl=1\" data-large-file=\"https:\/\/i0.wp.com\/genevieveetbernardauxameriques.fr\/wp-content\/uploads\/2017\/03\/P1070566.jpg?fit=640%2C480&amp;ssl=1\" class=\"alignnone size-full wp-image-16662\" src=\"https:\/\/i0.wp.com\/genevieveetbernardauxameriques.fr\/wp-content\/uploads\/2017\/03\/P1070566.jpg?resize=640%2C480&#038;ssl=1\" alt=\"\" width=\"640\" height=\"480\" srcset=\"https:\/\/i0.wp.com\/genevieveetbernardauxameriques.fr\/wp-content\/uploads\/2017\/03\/P1070566.jpg?w=720&amp;ssl=1 720w, https:\/\/i0.wp.com\/genevieveetbernardauxameriques.fr\/wp-content\/uploads\/2017\/03\/P1070566.jpg?resize=300%2C225&amp;ssl=1 300w\" sizes=\"(max-width: 640px) 100vw, 640px\" data-recalc-dims=\"1\" \/><\/a><\/p>\n<div>\n<p dir=\"ltr\">Le palais du gouverneur, si\u00e8ge de la pr\u00e9sidence \u00e9quatorienne<\/p>\n<p dir=\"ltr\"><a href=\"https:\/\/i0.wp.com\/genevieveetbernardauxameriques.fr\/wp-content\/uploads\/2017\/03\/P1070567.jpg?ssl=1\"><img loading=\"lazy\" decoding=\"async\" data-attachment-id=\"16663\" data-permalink=\"https:\/\/genevieveetbernardauxameriques.fr\/index.php\/2017\/03\/15\/la-cote-pacifique-de-puerto-lopez-a-la-frontiere-colombienne\/p1070567\/\" data-orig-file=\"https:\/\/i0.wp.com\/genevieveetbernardauxameriques.fr\/wp-content\/uploads\/2017\/03\/P1070567.jpg?fit=720%2C540&amp;ssl=1\" data-orig-size=\"720,540\" data-comments-opened=\"1\" data-image-meta=\"{&quot;aperture&quot;:&quot;4&quot;,&quot;credit&quot;:&quot;&quot;,&quot;camera&quot;:&quot;DMC-TZ55&quot;,&quot;caption&quot;:&quot;&quot;,&quot;created_timestamp&quot;:&quot;1489078410&quot;,&quot;copyright&quot;:&quot;&quot;,&quot;focal_length&quot;:&quot;4.3&quot;,&quot;iso&quot;:&quot;100&quot;,&quot;shutter_speed&quot;:&quot;0.0015625&quot;,&quot;title&quot;:&quot;&quot;,&quot;orientation&quot;:&quot;1&quot;}\" data-image-title=\"P1070567\" data-image-description=\"\" data-image-caption=\"\" data-medium-file=\"https:\/\/i0.wp.com\/genevieveetbernardauxameriques.fr\/wp-content\/uploads\/2017\/03\/P1070567.jpg?fit=300%2C225&amp;ssl=1\" data-large-file=\"https:\/\/i0.wp.com\/genevieveetbernardauxameriques.fr\/wp-content\/uploads\/2017\/03\/P1070567.jpg?fit=640%2C480&amp;ssl=1\" class=\"alignnone size-full wp-image-16663\" src=\"https:\/\/i0.wp.com\/genevieveetbernardauxameriques.fr\/wp-content\/uploads\/2017\/03\/P1070567.jpg?resize=640%2C480&#038;ssl=1\" alt=\"\" width=\"640\" height=\"480\" srcset=\"https:\/\/i0.wp.com\/genevieveetbernardauxameriques.fr\/wp-content\/uploads\/2017\/03\/P1070567.jpg?w=720&amp;ssl=1 720w, https:\/\/i0.wp.com\/genevieveetbernardauxameriques.fr\/wp-content\/uploads\/2017\/03\/P1070567.jpg?resize=300%2C225&amp;ssl=1 300w\" sizes=\"(max-width: 640px) 100vw, 640px\" data-recalc-dims=\"1\" \/><\/a><\/p>\n<p dir=\"ltr\"><a href=\"https:\/\/i0.wp.com\/genevieveetbernardauxameriques.fr\/wp-content\/uploads\/2017\/03\/P1070572.jpg?ssl=1\"><img loading=\"lazy\" decoding=\"async\" data-attachment-id=\"16665\" data-permalink=\"https:\/\/genevieveetbernardauxameriques.fr\/index.php\/2017\/03\/15\/la-cote-pacifique-de-puerto-lopez-a-la-frontiere-colombienne\/p1070572-2\/\" data-orig-file=\"https:\/\/i0.wp.com\/genevieveetbernardauxameriques.fr\/wp-content\/uploads\/2017\/03\/P1070572.jpg?fit=720%2C540&amp;ssl=1\" data-orig-size=\"720,540\" data-comments-opened=\"1\" data-image-meta=\"{&quot;aperture&quot;:&quot;4&quot;,&quot;credit&quot;:&quot;&quot;,&quot;camera&quot;:&quot;DMC-TZ55&quot;,&quot;caption&quot;:&quot;&quot;,&quot;created_timestamp&quot;:&quot;1489079945&quot;,&quot;copyright&quot;:&quot;&quot;,&quot;focal_length&quot;:&quot;4.3&quot;,&quot;iso&quot;:&quot;100&quot;,&quot;shutter_speed&quot;:&quot;0.001&quot;,&quot;title&quot;:&quot;&quot;,&quot;orientation&quot;:&quot;1&quot;}\" data-image-title=\"P1070572\" data-image-description=\"\" data-image-caption=\"\" data-medium-file=\"https:\/\/i0.wp.com\/genevieveetbernardauxameriques.fr\/wp-content\/uploads\/2017\/03\/P1070572.jpg?fit=300%2C225&amp;ssl=1\" data-large-file=\"https:\/\/i0.wp.com\/genevieveetbernardauxameriques.fr\/wp-content\/uploads\/2017\/03\/P1070572.jpg?fit=640%2C480&amp;ssl=1\" class=\"alignnone size-full wp-image-16665\" src=\"https:\/\/i0.wp.com\/genevieveetbernardauxameriques.fr\/wp-content\/uploads\/2017\/03\/P1070572.jpg?resize=640%2C480&#038;ssl=1\" alt=\"\" width=\"640\" height=\"480\" srcset=\"https:\/\/i0.wp.com\/genevieveetbernardauxameriques.fr\/wp-content\/uploads\/2017\/03\/P1070572.jpg?w=720&amp;ssl=1 720w, https:\/\/i0.wp.com\/genevieveetbernardauxameriques.fr\/wp-content\/uploads\/2017\/03\/P1070572.jpg?resize=300%2C225&amp;ssl=1 300w\" sizes=\"(max-width: 640px) 100vw, 640px\" data-recalc-dims=\"1\" \/><\/a><\/p>\n<p dir=\"ltr\"><img loading=\"lazy\" decoding=\"async\" data-attachment-id=\"16664\" data-permalink=\"https:\/\/genevieveetbernardauxameriques.fr\/index.php\/2017\/03\/15\/la-cote-pacifique-de-puerto-lopez-a-la-frontiere-colombienne\/p1070568\/\" data-orig-file=\"https:\/\/i0.wp.com\/genevieveetbernardauxameriques.fr\/wp-content\/uploads\/2017\/03\/P1070568.jpg?fit=720%2C540&amp;ssl=1\" data-orig-size=\"720,540\" data-comments-opened=\"1\" data-image-meta=\"{&quot;aperture&quot;:&quot;5&quot;,&quot;credit&quot;:&quot;&quot;,&quot;camera&quot;:&quot;DMC-TZ55&quot;,&quot;caption&quot;:&quot;&quot;,&quot;created_timestamp&quot;:&quot;1489078448&quot;,&quot;copyright&quot;:&quot;&quot;,&quot;focal_length&quot;:&quot;6.1&quot;,&quot;iso&quot;:&quot;100&quot;,&quot;shutter_speed&quot;:&quot;0.001&quot;,&quot;title&quot;:&quot;&quot;,&quot;orientation&quot;:&quot;1&quot;}\" data-image-title=\"P1070568\" data-image-description=\"\" data-image-caption=\"\" data-medium-file=\"https:\/\/i0.wp.com\/genevieveetbernardauxameriques.fr\/wp-content\/uploads\/2017\/03\/P1070568.jpg?fit=300%2C225&amp;ssl=1\" data-large-file=\"https:\/\/i0.wp.com\/genevieveetbernardauxameriques.fr\/wp-content\/uploads\/2017\/03\/P1070568.jpg?fit=640%2C480&amp;ssl=1\" class=\"alignnone size-full wp-image-16664\" src=\"https:\/\/i0.wp.com\/genevieveetbernardauxameriques.fr\/wp-content\/uploads\/2017\/03\/P1070568.jpg?resize=640%2C480&#038;ssl=1\" alt=\"\" width=\"640\" height=\"480\" srcset=\"https:\/\/i0.wp.com\/genevieveetbernardauxameriques.fr\/wp-content\/uploads\/2017\/03\/P1070568.jpg?w=720&amp;ssl=1 720w, https:\/\/i0.wp.com\/genevieveetbernardauxameriques.fr\/wp-content\/uploads\/2017\/03\/P1070568.jpg?resize=300%2C225&amp;ssl=1 300w\" sizes=\"(max-width: 640px) 100vw, 640px\" data-recalc-dims=\"1\" \/><a href=\"https:\/\/i0.wp.com\/genevieveetbernardauxameriques.fr\/wp-content\/uploads\/2017\/03\/P1070581.jpg?ssl=1\"><img loading=\"lazy\" decoding=\"async\" data-attachment-id=\"16670\" data-permalink=\"https:\/\/genevieveetbernardauxameriques.fr\/index.php\/2017\/03\/15\/la-cote-pacifique-de-puerto-lopez-a-la-frontiere-colombienne\/p1070581\/\" data-orig-file=\"https:\/\/i0.wp.com\/genevieveetbernardauxameriques.fr\/wp-content\/uploads\/2017\/03\/P1070581.jpg?fit=720%2C540&amp;ssl=1\" data-orig-size=\"720,540\" data-comments-opened=\"1\" data-image-meta=\"{&quot;aperture&quot;:&quot;5.6&quot;,&quot;credit&quot;:&quot;&quot;,&quot;camera&quot;:&quot;DMC-TZ55&quot;,&quot;caption&quot;:&quot;&quot;,&quot;created_timestamp&quot;:&quot;1489083530&quot;,&quot;copyright&quot;:&quot;&quot;,&quot;focal_length&quot;:&quot;14.2&quot;,&quot;iso&quot;:&quot;100&quot;,&quot;shutter_speed&quot;:&quot;0.0015625&quot;,&quot;title&quot;:&quot;&quot;,&quot;orientation&quot;:&quot;1&quot;}\" data-image-title=\"P1070581\" data-image-description=\"\" data-image-caption=\"\" data-medium-file=\"https:\/\/i0.wp.com\/genevieveetbernardauxameriques.fr\/wp-content\/uploads\/2017\/03\/P1070581.jpg?fit=300%2C225&amp;ssl=1\" data-large-file=\"https:\/\/i0.wp.com\/genevieveetbernardauxameriques.fr\/wp-content\/uploads\/2017\/03\/P1070581.jpg?fit=640%2C480&amp;ssl=1\" class=\"alignnone size-full wp-image-16670\" src=\"https:\/\/i0.wp.com\/genevieveetbernardauxameriques.fr\/wp-content\/uploads\/2017\/03\/P1070581.jpg?resize=640%2C480&#038;ssl=1\" alt=\"\" width=\"640\" height=\"480\" srcset=\"https:\/\/i0.wp.com\/genevieveetbernardauxameriques.fr\/wp-content\/uploads\/2017\/03\/P1070581.jpg?w=720&amp;ssl=1 720w, https:\/\/i0.wp.com\/genevieveetbernardauxameriques.fr\/wp-content\/uploads\/2017\/03\/P1070581.jpg?resize=300%2C225&amp;ssl=1 300w\" sizes=\"(max-width: 640px) 100vw, 640px\" data-recalc-dims=\"1\" \/><\/a><\/p>\n<p dir=\"ltr\">Le palais Arzobispal ou nous d\u00e9jeunons et qui maintenant est transform\u00e9 en boutiques sur la place et le patio en restaurants.<\/p>\n<p dir=\"ltr\"><img loading=\"lazy\" decoding=\"async\" data-attachment-id=\"16689\" data-permalink=\"https:\/\/genevieveetbernardauxameriques.fr\/index.php\/2017\/03\/15\/la-cote-pacifique-de-puerto-lopez-a-la-frontiere-colombienne\/p1070602\/\" data-orig-file=\"https:\/\/i0.wp.com\/genevieveetbernardauxameriques.fr\/wp-content\/uploads\/2017\/03\/P1070602.jpg?fit=720%2C540&amp;ssl=1\" data-orig-size=\"720,540\" data-comments-opened=\"1\" data-image-meta=\"{&quot;aperture&quot;:&quot;3.3&quot;,&quot;credit&quot;:&quot;&quot;,&quot;camera&quot;:&quot;DMC-TZ55&quot;,&quot;caption&quot;:&quot;&quot;,&quot;created_timestamp&quot;:&quot;1489090909&quot;,&quot;copyright&quot;:&quot;&quot;,&quot;focal_length&quot;:&quot;4.3&quot;,&quot;iso&quot;:&quot;100&quot;,&quot;shutter_speed&quot;:&quot;0.01&quot;,&quot;title&quot;:&quot;&quot;,&quot;orientation&quot;:&quot;1&quot;}\" data-image-title=\"P1070602\" data-image-description=\"\" data-image-caption=\"\" data-medium-file=\"https:\/\/i0.wp.com\/genevieveetbernardauxameriques.fr\/wp-content\/uploads\/2017\/03\/P1070602.jpg?fit=300%2C225&amp;ssl=1\" data-large-file=\"https:\/\/i0.wp.com\/genevieveetbernardauxameriques.fr\/wp-content\/uploads\/2017\/03\/P1070602.jpg?fit=640%2C480&amp;ssl=1\" class=\"alignnone size-full wp-image-16689\" src=\"https:\/\/i0.wp.com\/genevieveetbernardauxameriques.fr\/wp-content\/uploads\/2017\/03\/P1070602.jpg?resize=640%2C480&#038;ssl=1\" alt=\"\" width=\"640\" height=\"480\" srcset=\"https:\/\/i0.wp.com\/genevieveetbernardauxameriques.fr\/wp-content\/uploads\/2017\/03\/P1070602.jpg?w=720&amp;ssl=1 720w, https:\/\/i0.wp.com\/genevieveetbernardauxameriques.fr\/wp-content\/uploads\/2017\/03\/P1070602.jpg?resize=300%2C225&amp;ssl=1 300w\" sizes=\"(max-width: 640px) 100vw, 640px\" data-recalc-dims=\"1\" \/> <img loading=\"lazy\" decoding=\"async\" data-attachment-id=\"16690\" data-permalink=\"https:\/\/genevieveetbernardauxameriques.fr\/index.php\/2017\/03\/15\/la-cote-pacifique-de-puerto-lopez-a-la-frontiere-colombienne\/p1070605\/\" data-orig-file=\"https:\/\/i0.wp.com\/genevieveetbernardauxameriques.fr\/wp-content\/uploads\/2017\/03\/P1070605.jpg?fit=720%2C540&amp;ssl=1\" data-orig-size=\"720,540\" data-comments-opened=\"1\" data-image-meta=\"{&quot;aperture&quot;:&quot;3.3&quot;,&quot;credit&quot;:&quot;&quot;,&quot;camera&quot;:&quot;DMC-TZ55&quot;,&quot;caption&quot;:&quot;&quot;,&quot;created_timestamp&quot;:&quot;1489094505&quot;,&quot;copyright&quot;:&quot;&quot;,&quot;focal_length&quot;:&quot;4.3&quot;,&quot;iso&quot;:&quot;160&quot;,&quot;shutter_speed&quot;:&quot;0.016666666666667&quot;,&quot;title&quot;:&quot;&quot;,&quot;orientation&quot;:&quot;1&quot;}\" data-image-title=\"P1070605\" data-image-description=\"\" data-image-caption=\"\" data-medium-file=\"https:\/\/i0.wp.com\/genevieveetbernardauxameriques.fr\/wp-content\/uploads\/2017\/03\/P1070605.jpg?fit=300%2C225&amp;ssl=1\" data-large-file=\"https:\/\/i0.wp.com\/genevieveetbernardauxameriques.fr\/wp-content\/uploads\/2017\/03\/P1070605.jpg?fit=640%2C480&amp;ssl=1\" class=\"alignnone size-full wp-image-16690\" src=\"https:\/\/i0.wp.com\/genevieveetbernardauxameriques.fr\/wp-content\/uploads\/2017\/03\/P1070605.jpg?resize=640%2C480&#038;ssl=1\" alt=\"\" width=\"640\" height=\"480\" srcset=\"https:\/\/i0.wp.com\/genevieveetbernardauxameriques.fr\/wp-content\/uploads\/2017\/03\/P1070605.jpg?w=720&amp;ssl=1 720w, https:\/\/i0.wp.com\/genevieveetbernardauxameriques.fr\/wp-content\/uploads\/2017\/03\/P1070605.jpg?resize=300%2C225&amp;ssl=1 300w\" sizes=\"(max-width: 640px) 100vw, 640px\" data-recalc-dims=\"1\" \/><\/p>\n<p dir=\"ltr\">Pas tr\u00e8s loin de la place<\/p>\n<p dir=\"ltr\">La Compania de J\u00e9sus c&rsquo;est l&rsquo;une des \u00e9glises les plus riches d&rsquo;Am\u00e9rique Latine. La fa\u00e7ade baroque construite en pierre volcanique est magnifiquement sculpt\u00e9e.<\/p>\n<\/div>\n<p dir=\"ltr\"><a href=\"https:\/\/i0.wp.com\/genevieveetbernardauxameriques.fr\/wp-content\/uploads\/2017\/03\/P1070574.jpg?ssl=1\"><img loading=\"lazy\" decoding=\"async\" data-attachment-id=\"16666\" data-permalink=\"https:\/\/genevieveetbernardauxameriques.fr\/index.php\/2017\/03\/15\/la-cote-pacifique-de-puerto-lopez-a-la-frontiere-colombienne\/p1070574\/\" data-orig-file=\"https:\/\/i0.wp.com\/genevieveetbernardauxameriques.fr\/wp-content\/uploads\/2017\/03\/P1070574.jpg?fit=720%2C540&amp;ssl=1\" data-orig-size=\"720,540\" data-comments-opened=\"1\" data-image-meta=\"{&quot;aperture&quot;:&quot;4&quot;,&quot;credit&quot;:&quot;&quot;,&quot;camera&quot;:&quot;DMC-TZ55&quot;,&quot;caption&quot;:&quot;&quot;,&quot;created_timestamp&quot;:&quot;1489081700&quot;,&quot;copyright&quot;:&quot;&quot;,&quot;focal_length&quot;:&quot;4.3&quot;,&quot;iso&quot;:&quot;100&quot;,&quot;shutter_speed&quot;:&quot;0.003125&quot;,&quot;title&quot;:&quot;&quot;,&quot;orientation&quot;:&quot;1&quot;}\" data-image-title=\"P1070574\" data-image-description=\"\" data-image-caption=\"\" data-medium-file=\"https:\/\/i0.wp.com\/genevieveetbernardauxameriques.fr\/wp-content\/uploads\/2017\/03\/P1070574.jpg?fit=300%2C225&amp;ssl=1\" data-large-file=\"https:\/\/i0.wp.com\/genevieveetbernardauxameriques.fr\/wp-content\/uploads\/2017\/03\/P1070574.jpg?fit=640%2C480&amp;ssl=1\" class=\"alignnone size-full wp-image-16666\" src=\"https:\/\/i0.wp.com\/genevieveetbernardauxameriques.fr\/wp-content\/uploads\/2017\/03\/P1070574.jpg?resize=640%2C480&#038;ssl=1\" alt=\"\" width=\"640\" height=\"480\" srcset=\"https:\/\/i0.wp.com\/genevieveetbernardauxameriques.fr\/wp-content\/uploads\/2017\/03\/P1070574.jpg?w=720&amp;ssl=1 720w, https:\/\/i0.wp.com\/genevieveetbernardauxameriques.fr\/wp-content\/uploads\/2017\/03\/P1070574.jpg?resize=300%2C225&amp;ssl=1 300w\" sizes=\"(max-width: 640px) 100vw, 640px\" data-recalc-dims=\"1\" \/><\/a><\/p>\n<p dir=\"ltr\"><img decoding=\"async\" src=\"https:\/\/i0.wp.com\/4.bp.blogspot.com\/-V7NhLr0XChs\/VwkQdL5rutI\/AAAAAAADCVs\/A-fJowPyffofzJ3tOeqoafSQNhE06pmPw\/s640\/DSC04273.JPG?w=640&#038;ssl=1\" data-recalc-dims=\"1\" \/><\/p>\n<div>\n<p dir=\"ltr\">Les photos sont interdites dans toutes les \u00e9glises (je vais tout de m\u00eame essayer d&rsquo;en prendre une, mais je me suis faite rep\u00e9rer)<\/p>\n<p dir=\"ltr\"><a href=\"https:\/\/i0.wp.com\/genevieveetbernardauxameriques.fr\/wp-content\/uploads\/2017\/03\/P1070575.jpg?ssl=1\"><img loading=\"lazy\" decoding=\"async\" data-attachment-id=\"16667\" data-permalink=\"https:\/\/genevieveetbernardauxameriques.fr\/index.php\/2017\/03\/15\/la-cote-pacifique-de-puerto-lopez-a-la-frontiere-colombienne\/p1070575\/\" data-orig-file=\"https:\/\/i0.wp.com\/genevieveetbernardauxameriques.fr\/wp-content\/uploads\/2017\/03\/P1070575.jpg?fit=720%2C540&amp;ssl=1\" data-orig-size=\"720,540\" data-comments-opened=\"1\" data-image-meta=\"{&quot;aperture&quot;:&quot;3.3&quot;,&quot;credit&quot;:&quot;&quot;,&quot;camera&quot;:&quot;DMC-TZ55&quot;,&quot;caption&quot;:&quot;&quot;,&quot;created_timestamp&quot;:&quot;1489082389&quot;,&quot;copyright&quot;:&quot;&quot;,&quot;focal_length&quot;:&quot;4.3&quot;,&quot;iso&quot;:&quot;1600&quot;,&quot;shutter_speed&quot;:&quot;0.025&quot;,&quot;title&quot;:&quot;&quot;,&quot;orientation&quot;:&quot;1&quot;}\" data-image-title=\"P1070575\" data-image-description=\"\" data-image-caption=\"\" data-medium-file=\"https:\/\/i0.wp.com\/genevieveetbernardauxameriques.fr\/wp-content\/uploads\/2017\/03\/P1070575.jpg?fit=300%2C225&amp;ssl=1\" data-large-file=\"https:\/\/i0.wp.com\/genevieveetbernardauxameriques.fr\/wp-content\/uploads\/2017\/03\/P1070575.jpg?fit=640%2C480&amp;ssl=1\" class=\"alignnone size-full wp-image-16667\" src=\"https:\/\/i0.wp.com\/genevieveetbernardauxameriques.fr\/wp-content\/uploads\/2017\/03\/P1070575.jpg?resize=640%2C480&#038;ssl=1\" alt=\"\" width=\"640\" height=\"480\" srcset=\"https:\/\/i0.wp.com\/genevieveetbernardauxameriques.fr\/wp-content\/uploads\/2017\/03\/P1070575.jpg?w=720&amp;ssl=1 720w, https:\/\/i0.wp.com\/genevieveetbernardauxameriques.fr\/wp-content\/uploads\/2017\/03\/P1070575.jpg?resize=300%2C225&amp;ssl=1 300w\" sizes=\"(max-width: 640px) 100vw, 640px\" data-recalc-dims=\"1\" \/><\/a><\/p>\n<p dir=\"ltr\">(celle-l\u00e0 ne sont pas de moi, merci Sylvain)<\/p>\n<p dir=\"ltr\"><img decoding=\"async\" src=\"https:\/\/i0.wp.com\/3.bp.blogspot.com\/-iSvCMJfgl24\/VwkRTtaUNbI\/AAAAAAADCWI\/YiS8oljvSpIUO-5QfUKAB14txjKibnp3Q\/s640\/DSC04261.JPG?w=640&#038;ssl=1\" data-recalc-dims=\"1\" \/><img decoding=\"async\" src=\"https:\/\/i0.wp.com\/3.bp.blogspot.com\/-9m5gMPmgN9s\/VwkRVcHP5cI\/AAAAAAADCWM\/gfWLufk0G648rxYj2mRw3QtheqRzE41DQ\/s1600\/DSC04266.JPG?w=640&#038;ssl=1\" data-recalc-dims=\"1\" \/><img decoding=\"async\" src=\"https:\/\/i0.wp.com\/3.bp.blogspot.com\/-5DrvcVUD4fs\/VwkSDVWWNbI\/AAAAAAADCWc\/avVsDhIXE8kOE5Z9bxdp5LyKRFcUjWULA\/s640\/DSC04267.JPG?w=640&#038;ssl=1\" data-recalc-dims=\"1\" \/><\/p>\n<p dir=\"ltr\">Bernard m&rsquo;attend bien tranquillement<\/p>\n<p dir=\"ltr\"><img loading=\"lazy\" decoding=\"async\" data-attachment-id=\"16668\" data-permalink=\"https:\/\/genevieveetbernardauxameriques.fr\/index.php\/2017\/03\/15\/la-cote-pacifique-de-puerto-lopez-a-la-frontiere-colombienne\/p1070578\/\" data-orig-file=\"https:\/\/i0.wp.com\/genevieveetbernardauxameriques.fr\/wp-content\/uploads\/2017\/03\/P1070578.jpg?fit=720%2C540&amp;ssl=1\" data-orig-size=\"720,540\" data-comments-opened=\"1\" data-image-meta=\"{&quot;aperture&quot;:&quot;4&quot;,&quot;credit&quot;:&quot;&quot;,&quot;camera&quot;:&quot;DMC-TZ55&quot;,&quot;caption&quot;:&quot;&quot;,&quot;created_timestamp&quot;:&quot;1489082910&quot;,&quot;copyright&quot;:&quot;&quot;,&quot;focal_length&quot;:&quot;4.3&quot;,&quot;iso&quot;:&quot;125&quot;,&quot;shutter_speed&quot;:&quot;0.004&quot;,&quot;title&quot;:&quot;&quot;,&quot;orientation&quot;:&quot;1&quot;}\" data-image-title=\"P1070578\" data-image-description=\"\" data-image-caption=\"\" data-medium-file=\"https:\/\/i0.wp.com\/genevieveetbernardauxameriques.fr\/wp-content\/uploads\/2017\/03\/P1070578.jpg?fit=300%2C225&amp;ssl=1\" data-large-file=\"https:\/\/i0.wp.com\/genevieveetbernardauxameriques.fr\/wp-content\/uploads\/2017\/03\/P1070578.jpg?fit=640%2C480&amp;ssl=1\" class=\"alignnone size-full wp-image-16668\" src=\"https:\/\/i0.wp.com\/genevieveetbernardauxameriques.fr\/wp-content\/uploads\/2017\/03\/P1070578.jpg?resize=640%2C480&#038;ssl=1\" alt=\"\" width=\"640\" height=\"480\" srcset=\"https:\/\/i0.wp.com\/genevieveetbernardauxameriques.fr\/wp-content\/uploads\/2017\/03\/P1070578.jpg?w=720&amp;ssl=1 720w, https:\/\/i0.wp.com\/genevieveetbernardauxameriques.fr\/wp-content\/uploads\/2017\/03\/P1070578.jpg?resize=300%2C225&amp;ssl=1 300w\" sizes=\"(max-width: 640px) 100vw, 640px\" data-recalc-dims=\"1\" \/><\/p>\n<p dir=\"ltr\">Le monast\u00e8re de San Francisco et les maisons autour<\/p>\n<p dir=\"ltr\"><a href=\"https:\/\/i0.wp.com\/genevieveetbernardauxameriques.fr\/wp-content\/uploads\/2017\/03\/P1070583.jpg?ssl=1\"><img loading=\"lazy\" decoding=\"async\" data-attachment-id=\"16672\" data-permalink=\"https:\/\/genevieveetbernardauxameriques.fr\/index.php\/2017\/03\/15\/la-cote-pacifique-de-puerto-lopez-a-la-frontiere-colombienne\/p1070583\/\" data-orig-file=\"https:\/\/i0.wp.com\/genevieveetbernardauxameriques.fr\/wp-content\/uploads\/2017\/03\/P1070583.jpg?fit=720%2C540&amp;ssl=1\" data-orig-size=\"720,540\" data-comments-opened=\"1\" data-image-meta=\"{&quot;aperture&quot;:&quot;5&quot;,&quot;credit&quot;:&quot;&quot;,&quot;camera&quot;:&quot;DMC-TZ55&quot;,&quot;caption&quot;:&quot;&quot;,&quot;created_timestamp&quot;:&quot;1489083600&quot;,&quot;copyright&quot;:&quot;&quot;,&quot;focal_length&quot;:&quot;7.9&quot;,&quot;iso&quot;:&quot;100&quot;,&quot;shutter_speed&quot;:&quot;0.002&quot;,&quot;title&quot;:&quot;&quot;,&quot;orientation&quot;:&quot;1&quot;}\" data-image-title=\"P1070583\" data-image-description=\"\" data-image-caption=\"\" data-medium-file=\"https:\/\/i0.wp.com\/genevieveetbernardauxameriques.fr\/wp-content\/uploads\/2017\/03\/P1070583.jpg?fit=300%2C225&amp;ssl=1\" data-large-file=\"https:\/\/i0.wp.com\/genevieveetbernardauxameriques.fr\/wp-content\/uploads\/2017\/03\/P1070583.jpg?fit=640%2C480&amp;ssl=1\" class=\"alignnone size-full wp-image-16672\" src=\"https:\/\/i0.wp.com\/genevieveetbernardauxameriques.fr\/wp-content\/uploads\/2017\/03\/P1070583.jpg?resize=640%2C480&#038;ssl=1\" alt=\"\" width=\"640\" height=\"480\" srcset=\"https:\/\/i0.wp.com\/genevieveetbernardauxameriques.fr\/wp-content\/uploads\/2017\/03\/P1070583.jpg?w=720&amp;ssl=1 720w, https:\/\/i0.wp.com\/genevieveetbernardauxameriques.fr\/wp-content\/uploads\/2017\/03\/P1070583.jpg?resize=300%2C225&amp;ssl=1 300w\" sizes=\"(max-width: 640px) 100vw, 640px\" data-recalc-dims=\"1\" \/><\/a><img loading=\"lazy\" decoding=\"async\" data-attachment-id=\"16669\" data-permalink=\"https:\/\/genevieveetbernardauxameriques.fr\/index.php\/2017\/03\/15\/la-cote-pacifique-de-puerto-lopez-a-la-frontiere-colombienne\/p1070580\/\" data-orig-file=\"https:\/\/i0.wp.com\/genevieveetbernardauxameriques.fr\/wp-content\/uploads\/2017\/03\/P1070580.jpg?fit=720%2C540&amp;ssl=1\" data-orig-size=\"720,540\" data-comments-opened=\"1\" data-image-meta=\"{&quot;aperture&quot;:&quot;4&quot;,&quot;credit&quot;:&quot;&quot;,&quot;camera&quot;:&quot;DMC-TZ55&quot;,&quot;caption&quot;:&quot;&quot;,&quot;created_timestamp&quot;:&quot;1489083060&quot;,&quot;copyright&quot;:&quot;&quot;,&quot;focal_length&quot;:&quot;4.3&quot;,&quot;iso&quot;:&quot;100&quot;,&quot;shutter_speed&quot;:&quot;0.0025&quot;,&quot;title&quot;:&quot;&quot;,&quot;orientation&quot;:&quot;1&quot;}\" data-image-title=\"P1070580\" data-image-description=\"\" data-image-caption=\"\" data-medium-file=\"https:\/\/i0.wp.com\/genevieveetbernardauxameriques.fr\/wp-content\/uploads\/2017\/03\/P1070580.jpg?fit=300%2C225&amp;ssl=1\" data-large-file=\"https:\/\/i0.wp.com\/genevieveetbernardauxameriques.fr\/wp-content\/uploads\/2017\/03\/P1070580.jpg?fit=640%2C480&amp;ssl=1\" class=\"alignnone size-full wp-image-16669\" src=\"https:\/\/i0.wp.com\/genevieveetbernardauxameriques.fr\/wp-content\/uploads\/2017\/03\/P1070580.jpg?resize=640%2C480&#038;ssl=1\" alt=\"\" width=\"640\" height=\"480\" srcset=\"https:\/\/i0.wp.com\/genevieveetbernardauxameriques.fr\/wp-content\/uploads\/2017\/03\/P1070580.jpg?w=720&amp;ssl=1 720w, https:\/\/i0.wp.com\/genevieveetbernardauxameriques.fr\/wp-content\/uploads\/2017\/03\/P1070580.jpg?resize=300%2C225&amp;ssl=1 300w\" sizes=\"(max-width: 640px) 100vw, 640px\" data-recalc-dims=\"1\" \/>\u00a0 <img loading=\"lazy\" decoding=\"async\" data-attachment-id=\"16674\" data-permalink=\"https:\/\/genevieveetbernardauxameriques.fr\/index.php\/2017\/03\/15\/la-cote-pacifique-de-puerto-lopez-a-la-frontiere-colombienne\/p1070585\/\" data-orig-file=\"https:\/\/i0.wp.com\/genevieveetbernardauxameriques.fr\/wp-content\/uploads\/2017\/03\/P1070585.jpg?fit=720%2C540&amp;ssl=1\" data-orig-size=\"720,540\" data-comments-opened=\"1\" data-image-meta=\"{&quot;aperture&quot;:&quot;4&quot;,&quot;credit&quot;:&quot;&quot;,&quot;camera&quot;:&quot;DMC-TZ55&quot;,&quot;caption&quot;:&quot;&quot;,&quot;created_timestamp&quot;:&quot;1489083639&quot;,&quot;copyright&quot;:&quot;&quot;,&quot;focal_length&quot;:&quot;4.3&quot;,&quot;iso&quot;:&quot;100&quot;,&quot;shutter_speed&quot;:&quot;0.0015625&quot;,&quot;title&quot;:&quot;&quot;,&quot;orientation&quot;:&quot;1&quot;}\" data-image-title=\"P1070585\" data-image-description=\"\" data-image-caption=\"\" data-medium-file=\"https:\/\/i0.wp.com\/genevieveetbernardauxameriques.fr\/wp-content\/uploads\/2017\/03\/P1070585.jpg?fit=300%2C225&amp;ssl=1\" data-large-file=\"https:\/\/i0.wp.com\/genevieveetbernardauxameriques.fr\/wp-content\/uploads\/2017\/03\/P1070585.jpg?fit=640%2C480&amp;ssl=1\" class=\"alignnone size-full wp-image-16674\" src=\"https:\/\/i0.wp.com\/genevieveetbernardauxameriques.fr\/wp-content\/uploads\/2017\/03\/P1070585.jpg?resize=640%2C480&#038;ssl=1\" alt=\"\" width=\"640\" height=\"480\" srcset=\"https:\/\/i0.wp.com\/genevieveetbernardauxameriques.fr\/wp-content\/uploads\/2017\/03\/P1070585.jpg?w=720&amp;ssl=1 720w, https:\/\/i0.wp.com\/genevieveetbernardauxameriques.fr\/wp-content\/uploads\/2017\/03\/P1070585.jpg?resize=300%2C225&amp;ssl=1 300w\" sizes=\"(max-width: 640px) 100vw, 640px\" data-recalc-dims=\"1\" \/><a href=\"https:\/\/i0.wp.com\/genevieveetbernardauxameriques.fr\/wp-content\/uploads\/2017\/03\/P1070582-e1489291034612.jpg?ssl=1\"><img loading=\"lazy\" decoding=\"async\" data-attachment-id=\"16671\" data-permalink=\"https:\/\/genevieveetbernardauxameriques.fr\/index.php\/2017\/03\/15\/la-cote-pacifique-de-puerto-lopez-a-la-frontiere-colombienne\/p1070582\/\" data-orig-file=\"https:\/\/i0.wp.com\/genevieveetbernardauxameriques.fr\/wp-content\/uploads\/2017\/03\/P1070582-e1489291034612.jpg?fit=608%2C540&amp;ssl=1\" data-orig-size=\"608,540\" data-comments-opened=\"1\" data-image-meta=\"{&quot;aperture&quot;:&quot;4.5&quot;,&quot;credit&quot;:&quot;&quot;,&quot;camera&quot;:&quot;DMC-TZ55&quot;,&quot;caption&quot;:&quot;&quot;,&quot;created_timestamp&quot;:&quot;1489083565&quot;,&quot;copyright&quot;:&quot;&quot;,&quot;focal_length&quot;:&quot;5.4&quot;,&quot;iso&quot;:&quot;100&quot;,&quot;shutter_speed&quot;:&quot;0.0025&quot;,&quot;title&quot;:&quot;&quot;,&quot;orientation&quot;:&quot;1&quot;}\" data-image-title=\"P1070582\" data-image-description=\"\" data-image-caption=\"\" data-medium-file=\"https:\/\/i0.wp.com\/genevieveetbernardauxameriques.fr\/wp-content\/uploads\/2017\/03\/P1070582-e1489291034612.jpg?fit=300%2C266&amp;ssl=1\" data-large-file=\"https:\/\/i0.wp.com\/genevieveetbernardauxameriques.fr\/wp-content\/uploads\/2017\/03\/P1070582-e1489291034612.jpg?fit=608%2C540&amp;ssl=1\" class=\"alignnone size-full wp-image-16671\" src=\"https:\/\/i0.wp.com\/genevieveetbernardauxameriques.fr\/wp-content\/uploads\/2017\/03\/P1070582-e1489291034612.jpg?resize=608%2C540&#038;ssl=1\" alt=\"\" width=\"608\" height=\"540\" srcset=\"https:\/\/i0.wp.com\/genevieveetbernardauxameriques.fr\/wp-content\/uploads\/2017\/03\/P1070582-e1489291034612.jpg?w=608&amp;ssl=1 608w, https:\/\/i0.wp.com\/genevieveetbernardauxameriques.fr\/wp-content\/uploads\/2017\/03\/P1070582-e1489291034612.jpg?resize=300%2C266&amp;ssl=1 300w\" sizes=\"(max-width: 608px) 100vw, 608px\" data-recalc-dims=\"1\" \/><\/a><\/p>\n<p dir=\"ltr\">Nous n&rsquo;avons pas de chance beaucoup de places, comme celle-ci, la place San Domingo et la place del Teatro sont ferm\u00e9es pour r\u00e9novation.<\/p>\n<p dir=\"ltr\">La Merced<\/p>\n<\/div>\n<p dir=\"ltr\"><a href=\"https:\/\/i0.wp.com\/genevieveetbernardauxameriques.fr\/wp-content\/uploads\/2017\/03\/P1070590.jpg?ssl=1\"><img loading=\"lazy\" decoding=\"async\" data-attachment-id=\"16679\" data-permalink=\"https:\/\/genevieveetbernardauxameriques.fr\/index.php\/2017\/03\/15\/la-cote-pacifique-de-puerto-lopez-a-la-frontiere-colombienne\/p1070590\/\" data-orig-file=\"https:\/\/i0.wp.com\/genevieveetbernardauxameriques.fr\/wp-content\/uploads\/2017\/03\/P1070590.jpg?fit=720%2C540&amp;ssl=1\" data-orig-size=\"720,540\" data-comments-opened=\"1\" data-image-meta=\"{&quot;aperture&quot;:&quot;4.5&quot;,&quot;credit&quot;:&quot;&quot;,&quot;camera&quot;:&quot;DMC-TZ55&quot;,&quot;caption&quot;:&quot;&quot;,&quot;created_timestamp&quot;:&quot;1489084266&quot;,&quot;copyright&quot;:&quot;&quot;,&quot;focal_length&quot;:&quot;4.3&quot;,&quot;iso&quot;:&quot;100&quot;,&quot;shutter_speed&quot;:&quot;0.0005&quot;,&quot;title&quot;:&quot;&quot;,&quot;orientation&quot;:&quot;1&quot;}\" data-image-title=\"P1070590\" data-image-description=\"\" data-image-caption=\"\" data-medium-file=\"https:\/\/i0.wp.com\/genevieveetbernardauxameriques.fr\/wp-content\/uploads\/2017\/03\/P1070590.jpg?fit=300%2C225&amp;ssl=1\" data-large-file=\"https:\/\/i0.wp.com\/genevieveetbernardauxameriques.fr\/wp-content\/uploads\/2017\/03\/P1070590.jpg?fit=640%2C480&amp;ssl=1\" class=\"alignnone size-full wp-image-16679\" src=\"https:\/\/i0.wp.com\/genevieveetbernardauxameriques.fr\/wp-content\/uploads\/2017\/03\/P1070590.jpg?resize=640%2C480&#038;ssl=1\" alt=\"\" width=\"640\" height=\"480\" srcset=\"https:\/\/i0.wp.com\/genevieveetbernardauxameriques.fr\/wp-content\/uploads\/2017\/03\/P1070590.jpg?w=720&amp;ssl=1 720w, https:\/\/i0.wp.com\/genevieveetbernardauxameriques.fr\/wp-content\/uploads\/2017\/03\/P1070590.jpg?resize=300%2C225&amp;ssl=1 300w\" sizes=\"(max-width: 640px) 100vw, 640px\" data-recalc-dims=\"1\" \/><\/a><img loading=\"lazy\" decoding=\"async\" data-attachment-id=\"16681\" data-permalink=\"https:\/\/genevieveetbernardauxameriques.fr\/index.php\/2017\/03\/15\/la-cote-pacifique-de-puerto-lopez-a-la-frontiere-colombienne\/p1070592\/\" data-orig-file=\"https:\/\/i0.wp.com\/genevieveetbernardauxameriques.fr\/wp-content\/uploads\/2017\/03\/P1070592.jpg?fit=720%2C540&amp;ssl=1\" data-orig-size=\"720,540\" data-comments-opened=\"1\" data-image-meta=\"{&quot;aperture&quot;:&quot;5.3&quot;,&quot;credit&quot;:&quot;&quot;,&quot;camera&quot;:&quot;DMC-TZ55&quot;,&quot;caption&quot;:&quot;&quot;,&quot;created_timestamp&quot;:&quot;1489084420&quot;,&quot;copyright&quot;:&quot;&quot;,&quot;focal_length&quot;:&quot;17.1&quot;,&quot;iso&quot;:&quot;1600&quot;,&quot;shutter_speed&quot;:&quot;0.033333333333333&quot;,&quot;title&quot;:&quot;&quot;,&quot;orientation&quot;:&quot;1&quot;}\" data-image-title=\"P1070592\" data-image-description=\"\" data-image-caption=\"\" data-medium-file=\"https:\/\/i0.wp.com\/genevieveetbernardauxameriques.fr\/wp-content\/uploads\/2017\/03\/P1070592.jpg?fit=300%2C225&amp;ssl=1\" data-large-file=\"https:\/\/i0.wp.com\/genevieveetbernardauxameriques.fr\/wp-content\/uploads\/2017\/03\/P1070592.jpg?fit=640%2C480&amp;ssl=1\" class=\"alignnone size-full wp-image-16681\" src=\"https:\/\/i0.wp.com\/genevieveetbernardauxameriques.fr\/wp-content\/uploads\/2017\/03\/P1070592.jpg?resize=640%2C480&#038;ssl=1\" alt=\"\" width=\"640\" height=\"480\" srcset=\"https:\/\/i0.wp.com\/genevieveetbernardauxameriques.fr\/wp-content\/uploads\/2017\/03\/P1070592.jpg?w=720&amp;ssl=1 720w, https:\/\/i0.wp.com\/genevieveetbernardauxameriques.fr\/wp-content\/uploads\/2017\/03\/P1070592.jpg?resize=300%2C225&amp;ssl=1 300w\" sizes=\"(max-width: 640px) 100vw, 640px\" data-recalc-dims=\"1\" \/><img loading=\"lazy\" decoding=\"async\" data-attachment-id=\"16682\" data-permalink=\"https:\/\/genevieveetbernardauxameriques.fr\/index.php\/2017\/03\/15\/la-cote-pacifique-de-puerto-lopez-a-la-frontiere-colombienne\/p1070594\/\" data-orig-file=\"https:\/\/i0.wp.com\/genevieveetbernardauxameriques.fr\/wp-content\/uploads\/2017\/03\/P1070594.jpg?fit=720%2C540&amp;ssl=1\" data-orig-size=\"720,540\" data-comments-opened=\"1\" data-image-meta=\"{&quot;aperture&quot;:&quot;5&quot;,&quot;credit&quot;:&quot;&quot;,&quot;camera&quot;:&quot;DMC-TZ55&quot;,&quot;caption&quot;:&quot;&quot;,&quot;created_timestamp&quot;:&quot;1489084459&quot;,&quot;copyright&quot;:&quot;&quot;,&quot;focal_length&quot;:&quot;6.9&quot;,&quot;iso&quot;:&quot;100&quot;,&quot;shutter_speed&quot;:&quot;0.0025&quot;,&quot;title&quot;:&quot;&quot;,&quot;orientation&quot;:&quot;1&quot;}\" data-image-title=\"P1070594\" data-image-description=\"\" data-image-caption=\"\" data-medium-file=\"https:\/\/i0.wp.com\/genevieveetbernardauxameriques.fr\/wp-content\/uploads\/2017\/03\/P1070594.jpg?fit=300%2C225&amp;ssl=1\" data-large-file=\"https:\/\/i0.wp.com\/genevieveetbernardauxameriques.fr\/wp-content\/uploads\/2017\/03\/P1070594.jpg?fit=640%2C480&amp;ssl=1\" class=\"alignnone size-full wp-image-16682\" src=\"https:\/\/i0.wp.com\/genevieveetbernardauxameriques.fr\/wp-content\/uploads\/2017\/03\/P1070594.jpg?resize=640%2C480&#038;ssl=1\" alt=\"\" width=\"640\" height=\"480\" srcset=\"https:\/\/i0.wp.com\/genevieveetbernardauxameriques.fr\/wp-content\/uploads\/2017\/03\/P1070594.jpg?w=720&amp;ssl=1 720w, https:\/\/i0.wp.com\/genevieveetbernardauxameriques.fr\/wp-content\/uploads\/2017\/03\/P1070594.jpg?resize=300%2C225&amp;ssl=1 300w\" sizes=\"(max-width: 640px) 100vw, 640px\" data-recalc-dims=\"1\" \/><\/p>\n<div>\n<p dir=\"ltr\">Le quartier de la Ronda, qui est une rue coloniale, \u00e9troite, tr\u00e8s color\u00e9e, la plus ancienne de la ville et qui a \u00e9t\u00e9 r\u00e9nov\u00e9e mais o\u00f9 tout est encore ferm\u00e9, il n&rsquo;est que 11 h du matin, mais au moins nous sommes tranquilles.<\/p>\n<p dir=\"ltr\"><a href=\"https:\/\/i0.wp.com\/genevieveetbernardauxameriques.fr\/wp-content\/uploads\/2017\/03\/P1070596.jpg?ssl=1\"><img loading=\"lazy\" decoding=\"async\" data-attachment-id=\"16683\" data-permalink=\"https:\/\/genevieveetbernardauxameriques.fr\/index.php\/2017\/03\/15\/la-cote-pacifique-de-puerto-lopez-a-la-frontiere-colombienne\/p1070596-2\/\" data-orig-file=\"https:\/\/i0.wp.com\/genevieveetbernardauxameriques.fr\/wp-content\/uploads\/2017\/03\/P1070596.jpg?fit=720%2C540&amp;ssl=1\" data-orig-size=\"720,540\" data-comments-opened=\"1\" data-image-meta=\"{&quot;aperture&quot;:&quot;4&quot;,&quot;credit&quot;:&quot;&quot;,&quot;camera&quot;:&quot;DMC-TZ55&quot;,&quot;caption&quot;:&quot;&quot;,&quot;created_timestamp&quot;:&quot;1489086831&quot;,&quot;copyright&quot;:&quot;&quot;,&quot;focal_length&quot;:&quot;4.3&quot;,&quot;iso&quot;:&quot;100&quot;,&quot;shutter_speed&quot;:&quot;0.0025&quot;,&quot;title&quot;:&quot;&quot;,&quot;orientation&quot;:&quot;1&quot;}\" data-image-title=\"P1070596\" data-image-description=\"\" data-image-caption=\"\" data-medium-file=\"https:\/\/i0.wp.com\/genevieveetbernardauxameriques.fr\/wp-content\/uploads\/2017\/03\/P1070596.jpg?fit=300%2C225&amp;ssl=1\" data-large-file=\"https:\/\/i0.wp.com\/genevieveetbernardauxameriques.fr\/wp-content\/uploads\/2017\/03\/P1070596.jpg?fit=640%2C480&amp;ssl=1\" class=\"alignnone size-full wp-image-16683\" src=\"https:\/\/i0.wp.com\/genevieveetbernardauxameriques.fr\/wp-content\/uploads\/2017\/03\/P1070596.jpg?resize=640%2C480&#038;ssl=1\" alt=\"\" width=\"640\" height=\"480\" srcset=\"https:\/\/i0.wp.com\/genevieveetbernardauxameriques.fr\/wp-content\/uploads\/2017\/03\/P1070596.jpg?w=720&amp;ssl=1 720w, https:\/\/i0.wp.com\/genevieveetbernardauxameriques.fr\/wp-content\/uploads\/2017\/03\/P1070596.jpg?resize=300%2C225&amp;ssl=1 300w\" sizes=\"(max-width: 640px) 100vw, 640px\" data-recalc-dims=\"1\" \/><\/a><a href=\"https:\/\/i0.wp.com\/genevieveetbernardauxameriques.fr\/wp-content\/uploads\/2017\/03\/P1070598.jpg?ssl=1\"><img loading=\"lazy\" decoding=\"async\" data-attachment-id=\"16685\" data-permalink=\"https:\/\/genevieveetbernardauxameriques.fr\/index.php\/2017\/03\/15\/la-cote-pacifique-de-puerto-lopez-a-la-frontiere-colombienne\/p1070598\/\" data-orig-file=\"https:\/\/i0.wp.com\/genevieveetbernardauxameriques.fr\/wp-content\/uploads\/2017\/03\/P1070598.jpg?fit=720%2C540&amp;ssl=1\" data-orig-size=\"720,540\" data-comments-opened=\"1\" data-image-meta=\"{&quot;aperture&quot;:&quot;5&quot;,&quot;credit&quot;:&quot;&quot;,&quot;camera&quot;:&quot;DMC-TZ55&quot;,&quot;caption&quot;:&quot;&quot;,&quot;created_timestamp&quot;:&quot;1489087209&quot;,&quot;copyright&quot;:&quot;&quot;,&quot;focal_length&quot;:&quot;6.9&quot;,&quot;iso&quot;:&quot;100&quot;,&quot;shutter_speed&quot;:&quot;0.0015625&quot;,&quot;title&quot;:&quot;&quot;,&quot;orientation&quot;:&quot;1&quot;}\" data-image-title=\"P1070598\" data-image-description=\"\" data-image-caption=\"\" data-medium-file=\"https:\/\/i0.wp.com\/genevieveetbernardauxameriques.fr\/wp-content\/uploads\/2017\/03\/P1070598.jpg?fit=300%2C225&amp;ssl=1\" data-large-file=\"https:\/\/i0.wp.com\/genevieveetbernardauxameriques.fr\/wp-content\/uploads\/2017\/03\/P1070598.jpg?fit=640%2C480&amp;ssl=1\" class=\"alignnone size-full wp-image-16685\" src=\"https:\/\/i0.wp.com\/genevieveetbernardauxameriques.fr\/wp-content\/uploads\/2017\/03\/P1070598.jpg?resize=640%2C480&#038;ssl=1\" alt=\"\" width=\"640\" height=\"480\" srcset=\"https:\/\/i0.wp.com\/genevieveetbernardauxameriques.fr\/wp-content\/uploads\/2017\/03\/P1070598.jpg?w=720&amp;ssl=1 720w, https:\/\/i0.wp.com\/genevieveetbernardauxameriques.fr\/wp-content\/uploads\/2017\/03\/P1070598.jpg?resize=300%2C225&amp;ssl=1 300w\" sizes=\"(max-width: 640px) 100vw, 640px\" data-recalc-dims=\"1\" \/><\/a><a href=\"https:\/\/i0.wp.com\/genevieveetbernardauxameriques.fr\/wp-content\/uploads\/2017\/03\/P1070599.jpg?ssl=1\"><img loading=\"lazy\" decoding=\"async\" data-attachment-id=\"16686\" data-permalink=\"https:\/\/genevieveetbernardauxameriques.fr\/index.php\/2017\/03\/15\/la-cote-pacifique-de-puerto-lopez-a-la-frontiere-colombienne\/p1070599\/\" data-orig-file=\"https:\/\/i0.wp.com\/genevieveetbernardauxameriques.fr\/wp-content\/uploads\/2017\/03\/P1070599.jpg?fit=720%2C540&amp;ssl=1\" data-orig-size=\"720,540\" data-comments-opened=\"1\" data-image-meta=\"{&quot;aperture&quot;:&quot;4&quot;,&quot;credit&quot;:&quot;&quot;,&quot;camera&quot;:&quot;DMC-TZ55&quot;,&quot;caption&quot;:&quot;&quot;,&quot;created_timestamp&quot;:&quot;1489087394&quot;,&quot;copyright&quot;:&quot;&quot;,&quot;focal_length&quot;:&quot;4.3&quot;,&quot;iso&quot;:&quot;100&quot;,&quot;shutter_speed&quot;:&quot;0.0015625&quot;,&quot;title&quot;:&quot;&quot;,&quot;orientation&quot;:&quot;1&quot;}\" data-image-title=\"P1070599\" data-image-description=\"\" data-image-caption=\"\" data-medium-file=\"https:\/\/i0.wp.com\/genevieveetbernardauxameriques.fr\/wp-content\/uploads\/2017\/03\/P1070599.jpg?fit=300%2C225&amp;ssl=1\" data-large-file=\"https:\/\/i0.wp.com\/genevieveetbernardauxameriques.fr\/wp-content\/uploads\/2017\/03\/P1070599.jpg?fit=640%2C480&amp;ssl=1\" class=\"alignnone size-full wp-image-16686\" src=\"https:\/\/i0.wp.com\/genevieveetbernardauxameriques.fr\/wp-content\/uploads\/2017\/03\/P1070599.jpg?resize=640%2C480&#038;ssl=1\" alt=\"\" width=\"640\" height=\"480\" srcset=\"https:\/\/i0.wp.com\/genevieveetbernardauxameriques.fr\/wp-content\/uploads\/2017\/03\/P1070599.jpg?w=720&amp;ssl=1 720w, https:\/\/i0.wp.com\/genevieveetbernardauxameriques.fr\/wp-content\/uploads\/2017\/03\/P1070599.jpg?resize=300%2C225&amp;ssl=1 300w\" sizes=\"(max-width: 640px) 100vw, 640px\" data-recalc-dims=\"1\" \/><\/a><img loading=\"lazy\" decoding=\"async\" data-attachment-id=\"16684\" data-permalink=\"https:\/\/genevieveetbernardauxameriques.fr\/index.php\/2017\/03\/15\/la-cote-pacifique-de-puerto-lopez-a-la-frontiere-colombienne\/p1070597\/\" data-orig-file=\"https:\/\/i0.wp.com\/genevieveetbernardauxameriques.fr\/wp-content\/uploads\/2017\/03\/P1070597.jpg?fit=720%2C540&amp;ssl=1\" data-orig-size=\"720,540\" data-comments-opened=\"1\" data-image-meta=\"{&quot;aperture&quot;:&quot;4&quot;,&quot;credit&quot;:&quot;&quot;,&quot;camera&quot;:&quot;DMC-TZ55&quot;,&quot;caption&quot;:&quot;&quot;,&quot;created_timestamp&quot;:&quot;1489086845&quot;,&quot;copyright&quot;:&quot;&quot;,&quot;focal_length&quot;:&quot;4.3&quot;,&quot;iso&quot;:&quot;100&quot;,&quot;shutter_speed&quot;:&quot;0.004&quot;,&quot;title&quot;:&quot;&quot;,&quot;orientation&quot;:&quot;1&quot;}\" data-image-title=\"P1070597\" data-image-description=\"\" data-image-caption=\"\" data-medium-file=\"https:\/\/i0.wp.com\/genevieveetbernardauxameriques.fr\/wp-content\/uploads\/2017\/03\/P1070597.jpg?fit=300%2C225&amp;ssl=1\" data-large-file=\"https:\/\/i0.wp.com\/genevieveetbernardauxameriques.fr\/wp-content\/uploads\/2017\/03\/P1070597.jpg?fit=640%2C480&amp;ssl=1\" class=\"alignnone size-full wp-image-16684\" src=\"https:\/\/i0.wp.com\/genevieveetbernardauxameriques.fr\/wp-content\/uploads\/2017\/03\/P1070597.jpg?resize=640%2C480&#038;ssl=1\" alt=\"\" width=\"640\" height=\"480\" srcset=\"https:\/\/i0.wp.com\/genevieveetbernardauxameriques.fr\/wp-content\/uploads\/2017\/03\/P1070597.jpg?w=720&amp;ssl=1 720w, https:\/\/i0.wp.com\/genevieveetbernardauxameriques.fr\/wp-content\/uploads\/2017\/03\/P1070597.jpg?resize=300%2C225&amp;ssl=1 300w\" sizes=\"(max-width: 640px) 100vw, 640px\" data-recalc-dims=\"1\" \/><\/p>\n<p dir=\"ltr\">Au bout de la rue un agent nous d\u00e9conseille de continuer notre chemin car ce n&rsquo;est plus touristique et c&rsquo;est dangereux. C&rsquo;est la 1er fois que l&rsquo;on nous dit cela.<\/p>\n<\/div>\n<p dir=\"ltr\"><a href=\"https:\/\/i0.wp.com\/genevieveetbernardauxameriques.fr\/wp-content\/uploads\/2017\/03\/P1070591.jpg?ssl=1\"><img loading=\"lazy\" decoding=\"async\" data-attachment-id=\"16680\" data-permalink=\"https:\/\/genevieveetbernardauxameriques.fr\/index.php\/2017\/03\/15\/la-cote-pacifique-de-puerto-lopez-a-la-frontiere-colombienne\/p1070591\/\" data-orig-file=\"https:\/\/i0.wp.com\/genevieveetbernardauxameriques.fr\/wp-content\/uploads\/2017\/03\/P1070591.jpg?fit=720%2C540&amp;ssl=1\" data-orig-size=\"720,540\" data-comments-opened=\"1\" data-image-meta=\"{&quot;aperture&quot;:&quot;6.3&quot;,&quot;credit&quot;:&quot;&quot;,&quot;camera&quot;:&quot;DMC-TZ55&quot;,&quot;caption&quot;:&quot;&quot;,&quot;created_timestamp&quot;:&quot;1489084336&quot;,&quot;copyright&quot;:&quot;&quot;,&quot;focal_length&quot;:&quot;17.1&quot;,&quot;iso&quot;:&quot;100&quot;,&quot;shutter_speed&quot;:&quot;0.004&quot;,&quot;title&quot;:&quot;&quot;,&quot;orientation&quot;:&quot;1&quot;}\" data-image-title=\"P1070591\" data-image-description=\"\" data-image-caption=\"\" data-medium-file=\"https:\/\/i0.wp.com\/genevieveetbernardauxameriques.fr\/wp-content\/uploads\/2017\/03\/P1070591.jpg?fit=300%2C225&amp;ssl=1\" data-large-file=\"https:\/\/i0.wp.com\/genevieveetbernardauxameriques.fr\/wp-content\/uploads\/2017\/03\/P1070591.jpg?fit=640%2C480&amp;ssl=1\" class=\"alignnone size-full wp-image-16680\" src=\"https:\/\/i0.wp.com\/genevieveetbernardauxameriques.fr\/wp-content\/uploads\/2017\/03\/P1070591.jpg?resize=640%2C480&#038;ssl=1\" alt=\"\" width=\"640\" height=\"480\" srcset=\"https:\/\/i0.wp.com\/genevieveetbernardauxameriques.fr\/wp-content\/uploads\/2017\/03\/P1070591.jpg?w=720&amp;ssl=1 720w, https:\/\/i0.wp.com\/genevieveetbernardauxameriques.fr\/wp-content\/uploads\/2017\/03\/P1070591.jpg?resize=300%2C225&amp;ssl=1 300w\" sizes=\"(max-width: 640px) 100vw, 640px\" data-recalc-dims=\"1\" \/><\/a><\/p>\n<div>\n<p dir=\"ltr\">El Panecillo avec une immense statue de 45 m d&rsquo;une vierge ail\u00e9e tout en aluminium et qui surplombe la ville.<\/p>\n<p dir=\"ltr\"><a href=\"https:\/\/i0.wp.com\/genevieveetbernardauxameriques.fr\/wp-content\/uploads\/2017\/03\/P1070584.jpg?ssl=1\"><img loading=\"lazy\" decoding=\"async\" data-attachment-id=\"16673\" data-permalink=\"https:\/\/genevieveetbernardauxameriques.fr\/index.php\/2017\/03\/15\/la-cote-pacifique-de-puerto-lopez-a-la-frontiere-colombienne\/p1070584\/\" data-orig-file=\"https:\/\/i0.wp.com\/genevieveetbernardauxameriques.fr\/wp-content\/uploads\/2017\/03\/P1070584.jpg?fit=720%2C540&amp;ssl=1\" data-orig-size=\"720,540\" data-comments-opened=\"1\" data-image-meta=\"{&quot;aperture&quot;:&quot;6.3&quot;,&quot;credit&quot;:&quot;&quot;,&quot;camera&quot;:&quot;DMC-TZ55&quot;,&quot;caption&quot;:&quot;&quot;,&quot;created_timestamp&quot;:&quot;1489083623&quot;,&quot;copyright&quot;:&quot;&quot;,&quot;focal_length&quot;:&quot;38.2&quot;,&quot;iso&quot;:&quot;100&quot;,&quot;shutter_speed&quot;:&quot;0.003125&quot;,&quot;title&quot;:&quot;&quot;,&quot;orientation&quot;:&quot;1&quot;}\" data-image-title=\"P1070584\" data-image-description=\"\" data-image-caption=\"\" data-medium-file=\"https:\/\/i0.wp.com\/genevieveetbernardauxameriques.fr\/wp-content\/uploads\/2017\/03\/P1070584.jpg?fit=300%2C225&amp;ssl=1\" data-large-file=\"https:\/\/i0.wp.com\/genevieveetbernardauxameriques.fr\/wp-content\/uploads\/2017\/03\/P1070584.jpg?fit=640%2C480&amp;ssl=1\" class=\"alignnone size-full wp-image-16673\" src=\"https:\/\/i0.wp.com\/genevieveetbernardauxameriques.fr\/wp-content\/uploads\/2017\/03\/P1070584.jpg?resize=640%2C480&#038;ssl=1\" alt=\"\" width=\"640\" height=\"480\" srcset=\"https:\/\/i0.wp.com\/genevieveetbernardauxameriques.fr\/wp-content\/uploads\/2017\/03\/P1070584.jpg?w=720&amp;ssl=1 720w, https:\/\/i0.wp.com\/genevieveetbernardauxameriques.fr\/wp-content\/uploads\/2017\/03\/P1070584.jpg?resize=300%2C225&amp;ssl=1 300w\" sizes=\"(max-width: 640px) 100vw, 640px\" data-recalc-dims=\"1\" \/><\/a><a href=\"https:\/\/i0.wp.com\/genevieveetbernardauxameriques.fr\/wp-content\/uploads\/2017\/03\/P1070600.jpg?ssl=1\"><img loading=\"lazy\" decoding=\"async\" data-attachment-id=\"16687\" data-permalink=\"https:\/\/genevieveetbernardauxameriques.fr\/index.php\/2017\/03\/15\/la-cote-pacifique-de-puerto-lopez-a-la-frontiere-colombienne\/p1070600\/\" data-orig-file=\"https:\/\/i0.wp.com\/genevieveetbernardauxameriques.fr\/wp-content\/uploads\/2017\/03\/P1070600.jpg?fit=720%2C540&amp;ssl=1\" data-orig-size=\"720,540\" data-comments-opened=\"1\" data-image-meta=\"{&quot;aperture&quot;:&quot;4.5&quot;,&quot;credit&quot;:&quot;&quot;,&quot;camera&quot;:&quot;DMC-TZ55&quot;,&quot;caption&quot;:&quot;&quot;,&quot;created_timestamp&quot;:&quot;1489088195&quot;,&quot;copyright&quot;:&quot;&quot;,&quot;focal_length&quot;:&quot;4.3&quot;,&quot;iso&quot;:&quot;100&quot;,&quot;shutter_speed&quot;:&quot;0.000625&quot;,&quot;title&quot;:&quot;&quot;,&quot;orientation&quot;:&quot;1&quot;}\" data-image-title=\"P1070600\" data-image-description=\"\" data-image-caption=\"\" data-medium-file=\"https:\/\/i0.wp.com\/genevieveetbernardauxameriques.fr\/wp-content\/uploads\/2017\/03\/P1070600.jpg?fit=300%2C225&amp;ssl=1\" data-large-file=\"https:\/\/i0.wp.com\/genevieveetbernardauxameriques.fr\/wp-content\/uploads\/2017\/03\/P1070600.jpg?fit=640%2C480&amp;ssl=1\" class=\"alignnone size-full wp-image-16687\" src=\"https:\/\/i0.wp.com\/genevieveetbernardauxameriques.fr\/wp-content\/uploads\/2017\/03\/P1070600.jpg?resize=640%2C480&#038;ssl=1\" alt=\"\" width=\"640\" height=\"480\" srcset=\"https:\/\/i0.wp.com\/genevieveetbernardauxameriques.fr\/wp-content\/uploads\/2017\/03\/P1070600.jpg?w=720&amp;ssl=1 720w, https:\/\/i0.wp.com\/genevieveetbernardauxameriques.fr\/wp-content\/uploads\/2017\/03\/P1070600.jpg?resize=300%2C225&amp;ssl=1 300w\" sizes=\"(max-width: 640px) 100vw, 640px\" data-recalc-dims=\"1\" \/><\/a> <a href=\"https:\/\/i0.wp.com\/genevieveetbernardauxameriques.fr\/wp-content\/uploads\/2017\/03\/P1070601.jpg?ssl=1\"><img loading=\"lazy\" decoding=\"async\" data-attachment-id=\"16688\" data-permalink=\"https:\/\/genevieveetbernardauxameriques.fr\/index.php\/2017\/03\/15\/la-cote-pacifique-de-puerto-lopez-a-la-frontiere-colombienne\/p1070601\/\" data-orig-file=\"https:\/\/i0.wp.com\/genevieveetbernardauxameriques.fr\/wp-content\/uploads\/2017\/03\/P1070601.jpg?fit=720%2C540&amp;ssl=1\" data-orig-size=\"720,540\" data-comments-opened=\"1\" data-image-meta=\"{&quot;aperture&quot;:&quot;6.3&quot;,&quot;credit&quot;:&quot;&quot;,&quot;camera&quot;:&quot;DMC-TZ55&quot;,&quot;caption&quot;:&quot;&quot;,&quot;created_timestamp&quot;:&quot;1489088257&quot;,&quot;copyright&quot;:&quot;&quot;,&quot;focal_length&quot;:&quot;16.1&quot;,&quot;iso&quot;:&quot;100&quot;,&quot;shutter_speed&quot;:&quot;0.003125&quot;,&quot;title&quot;:&quot;&quot;,&quot;orientation&quot;:&quot;1&quot;}\" data-image-title=\"P1070601\" data-image-description=\"\" data-image-caption=\"\" data-medium-file=\"https:\/\/i0.wp.com\/genevieveetbernardauxameriques.fr\/wp-content\/uploads\/2017\/03\/P1070601.jpg?fit=300%2C225&amp;ssl=1\" data-large-file=\"https:\/\/i0.wp.com\/genevieveetbernardauxameriques.fr\/wp-content\/uploads\/2017\/03\/P1070601.jpg?fit=640%2C480&amp;ssl=1\" class=\"alignnone size-full wp-image-16688\" src=\"https:\/\/i0.wp.com\/genevieveetbernardauxameriques.fr\/wp-content\/uploads\/2017\/03\/P1070601.jpg?resize=640%2C480&#038;ssl=1\" alt=\"\" width=\"640\" height=\"480\" srcset=\"https:\/\/i0.wp.com\/genevieveetbernardauxameriques.fr\/wp-content\/uploads\/2017\/03\/P1070601.jpg?w=720&amp;ssl=1 720w, https:\/\/i0.wp.com\/genevieveetbernardauxameriques.fr\/wp-content\/uploads\/2017\/03\/P1070601.jpg?resize=300%2C225&amp;ssl=1 300w\" sizes=\"(max-width: 640px) 100vw, 640px\" data-recalc-dims=\"1\" \/><\/a> <a href=\"https:\/\/i0.wp.com\/genevieveetbernardauxameriques.fr\/wp-content\/uploads\/2017\/03\/P1070606.jpg?ssl=1\"><img loading=\"lazy\" decoding=\"async\" data-attachment-id=\"16691\" data-permalink=\"https:\/\/genevieveetbernardauxameriques.fr\/index.php\/2017\/03\/15\/la-cote-pacifique-de-puerto-lopez-a-la-frontiere-colombienne\/p1070606\/\" data-orig-file=\"https:\/\/i0.wp.com\/genevieveetbernardauxameriques.fr\/wp-content\/uploads\/2017\/03\/P1070606.jpg?fit=720%2C540&amp;ssl=1\" data-orig-size=\"720,540\" data-comments-opened=\"1\" data-image-meta=\"{&quot;aperture&quot;:&quot;4&quot;,&quot;credit&quot;:&quot;&quot;,&quot;camera&quot;:&quot;DMC-TZ55&quot;,&quot;caption&quot;:&quot;&quot;,&quot;created_timestamp&quot;:&quot;1489094700&quot;,&quot;copyright&quot;:&quot;&quot;,&quot;focal_length&quot;:&quot;4.3&quot;,&quot;iso&quot;:&quot;100&quot;,&quot;shutter_speed&quot;:&quot;0.00125&quot;,&quot;title&quot;:&quot;&quot;,&quot;orientation&quot;:&quot;1&quot;}\" data-image-title=\"P1070606\" data-image-description=\"\" data-image-caption=\"\" data-medium-file=\"https:\/\/i0.wp.com\/genevieveetbernardauxameriques.fr\/wp-content\/uploads\/2017\/03\/P1070606.jpg?fit=300%2C225&amp;ssl=1\" data-large-file=\"https:\/\/i0.wp.com\/genevieveetbernardauxameriques.fr\/wp-content\/uploads\/2017\/03\/P1070606.jpg?fit=640%2C480&amp;ssl=1\" class=\"alignnone size-full wp-image-16691\" src=\"https:\/\/i0.wp.com\/genevieveetbernardauxameriques.fr\/wp-content\/uploads\/2017\/03\/P1070606.jpg?resize=640%2C480&#038;ssl=1\" alt=\"\" width=\"640\" height=\"480\" srcset=\"https:\/\/i0.wp.com\/genevieveetbernardauxameriques.fr\/wp-content\/uploads\/2017\/03\/P1070606.jpg?w=720&amp;ssl=1 720w, https:\/\/i0.wp.com\/genevieveetbernardauxameriques.fr\/wp-content\/uploads\/2017\/03\/P1070606.jpg?resize=300%2C225&amp;ssl=1 300w\" sizes=\"(max-width: 640px) 100vw, 640px\" data-recalc-dims=\"1\" \/><\/a> <a href=\"https:\/\/i0.wp.com\/genevieveetbernardauxameriques.fr\/wp-content\/uploads\/2017\/03\/P1070607-e1489292091802.jpg?ssl=1\"><img loading=\"lazy\" decoding=\"async\" data-attachment-id=\"16692\" data-permalink=\"https:\/\/genevieveetbernardauxameriques.fr\/index.php\/2017\/03\/15\/la-cote-pacifique-de-puerto-lopez-a-la-frontiere-colombienne\/p1070607\/\" data-orig-file=\"https:\/\/i0.wp.com\/genevieveetbernardauxameriques.fr\/wp-content\/uploads\/2017\/03\/P1070607-e1489292091802.jpg?fit=656%2C536&amp;ssl=1\" data-orig-size=\"656,536\" data-comments-opened=\"1\" data-image-meta=\"{&quot;aperture&quot;:&quot;4&quot;,&quot;credit&quot;:&quot;&quot;,&quot;camera&quot;:&quot;DMC-TZ55&quot;,&quot;caption&quot;:&quot;&quot;,&quot;created_timestamp&quot;:&quot;1489095316&quot;,&quot;copyright&quot;:&quot;&quot;,&quot;focal_length&quot;:&quot;4.3&quot;,&quot;iso&quot;:&quot;100&quot;,&quot;shutter_speed&quot;:&quot;0.003125&quot;,&quot;title&quot;:&quot;&quot;,&quot;orientation&quot;:&quot;1&quot;}\" data-image-title=\"P1070607\" data-image-description=\"\" data-image-caption=\"\" data-medium-file=\"https:\/\/i0.wp.com\/genevieveetbernardauxameriques.fr\/wp-content\/uploads\/2017\/03\/P1070607-e1489292091802.jpg?fit=300%2C245&amp;ssl=1\" data-large-file=\"https:\/\/i0.wp.com\/genevieveetbernardauxameriques.fr\/wp-content\/uploads\/2017\/03\/P1070607-e1489292091802.jpg?fit=640%2C523&amp;ssl=1\" class=\"alignnone size-full wp-image-16692\" src=\"https:\/\/i0.wp.com\/genevieveetbernardauxameriques.fr\/wp-content\/uploads\/2017\/03\/P1070607-e1489292091802.jpg?resize=640%2C523&#038;ssl=1\" alt=\"\" width=\"640\" height=\"523\" srcset=\"https:\/\/i0.wp.com\/genevieveetbernardauxameriques.fr\/wp-content\/uploads\/2017\/03\/P1070607-e1489292091802.jpg?w=656&amp;ssl=1 656w, https:\/\/i0.wp.com\/genevieveetbernardauxameriques.fr\/wp-content\/uploads\/2017\/03\/P1070607-e1489292091802.jpg?resize=300%2C245&amp;ssl=1 300w\" sizes=\"(max-width: 640px) 100vw, 640px\" data-recalc-dims=\"1\" \/><\/a><a href=\"https:\/\/i0.wp.com\/genevieveetbernardauxameriques.fr\/wp-content\/uploads\/2017\/03\/P1070609.jpg?ssl=1\"><img loading=\"lazy\" decoding=\"async\" data-attachment-id=\"16694\" data-permalink=\"https:\/\/genevieveetbernardauxameriques.fr\/index.php\/2017\/03\/15\/la-cote-pacifique-de-puerto-lopez-a-la-frontiere-colombienne\/p1070609-2\/\" data-orig-file=\"https:\/\/i0.wp.com\/genevieveetbernardauxameriques.fr\/wp-content\/uploads\/2017\/03\/P1070609.jpg?fit=720%2C540&amp;ssl=1\" data-orig-size=\"720,540\" data-comments-opened=\"1\" data-image-meta=\"{&quot;aperture&quot;:&quot;4&quot;,&quot;credit&quot;:&quot;&quot;,&quot;camera&quot;:&quot;DMC-TZ55&quot;,&quot;caption&quot;:&quot;&quot;,&quot;created_timestamp&quot;:&quot;1489095466&quot;,&quot;copyright&quot;:&quot;&quot;,&quot;focal_length&quot;:&quot;4.3&quot;,&quot;iso&quot;:&quot;100&quot;,&quot;shutter_speed&quot;:&quot;0.0025&quot;,&quot;title&quot;:&quot;&quot;,&quot;orientation&quot;:&quot;1&quot;}\" data-image-title=\"P1070609\" data-image-description=\"\" data-image-caption=\"\" data-medium-file=\"https:\/\/i0.wp.com\/genevieveetbernardauxameriques.fr\/wp-content\/uploads\/2017\/03\/P1070609.jpg?fit=300%2C225&amp;ssl=1\" data-large-file=\"https:\/\/i0.wp.com\/genevieveetbernardauxameriques.fr\/wp-content\/uploads\/2017\/03\/P1070609.jpg?fit=640%2C480&amp;ssl=1\" class=\"alignnone size-full wp-image-16694\" src=\"https:\/\/i0.wp.com\/genevieveetbernardauxameriques.fr\/wp-content\/uploads\/2017\/03\/P1070609.jpg?resize=640%2C480&#038;ssl=1\" alt=\"\" width=\"640\" height=\"480\" srcset=\"https:\/\/i0.wp.com\/genevieveetbernardauxameriques.fr\/wp-content\/uploads\/2017\/03\/P1070609.jpg?w=720&amp;ssl=1 720w, https:\/\/i0.wp.com\/genevieveetbernardauxameriques.fr\/wp-content\/uploads\/2017\/03\/P1070609.jpg?resize=300%2C225&amp;ssl=1 300w\" sizes=\"(max-width: 640px) 100vw, 640px\" data-recalc-dims=\"1\" \/><\/a><a href=\"https:\/\/i0.wp.com\/genevieveetbernardauxameriques.fr\/wp-content\/uploads\/2017\/03\/P1070589.jpg?ssl=1\"><img loading=\"lazy\" decoding=\"async\" data-attachment-id=\"16678\" data-permalink=\"https:\/\/genevieveetbernardauxameriques.fr\/index.php\/2017\/03\/15\/la-cote-pacifique-de-puerto-lopez-a-la-frontiere-colombienne\/p1070589\/\" data-orig-file=\"https:\/\/i0.wp.com\/genevieveetbernardauxameriques.fr\/wp-content\/uploads\/2017\/03\/P1070589.jpg?fit=720%2C540&amp;ssl=1\" data-orig-size=\"720,540\" data-comments-opened=\"1\" data-image-meta=\"{&quot;aperture&quot;:&quot;5.6&quot;,&quot;credit&quot;:&quot;&quot;,&quot;camera&quot;:&quot;DMC-TZ55&quot;,&quot;caption&quot;:&quot;&quot;,&quot;created_timestamp&quot;:&quot;1489084163&quot;,&quot;copyright&quot;:&quot;&quot;,&quot;focal_length&quot;:&quot;9.7&quot;,&quot;iso&quot;:&quot;100&quot;,&quot;shutter_speed&quot;:&quot;0.00625&quot;,&quot;title&quot;:&quot;&quot;,&quot;orientation&quot;:&quot;1&quot;}\" data-image-title=\"P1070589\" data-image-description=\"\" data-image-caption=\"\" data-medium-file=\"https:\/\/i0.wp.com\/genevieveetbernardauxameriques.fr\/wp-content\/uploads\/2017\/03\/P1070589.jpg?fit=300%2C225&amp;ssl=1\" data-large-file=\"https:\/\/i0.wp.com\/genevieveetbernardauxameriques.fr\/wp-content\/uploads\/2017\/03\/P1070589.jpg?fit=640%2C480&amp;ssl=1\" class=\"alignnone size-full wp-image-16678\" src=\"https:\/\/i0.wp.com\/genevieveetbernardauxameriques.fr\/wp-content\/uploads\/2017\/03\/P1070589.jpg?resize=640%2C480&#038;ssl=1\" alt=\"\" width=\"640\" height=\"480\" srcset=\"https:\/\/i0.wp.com\/genevieveetbernardauxameriques.fr\/wp-content\/uploads\/2017\/03\/P1070589.jpg?w=720&amp;ssl=1 720w, https:\/\/i0.wp.com\/genevieveetbernardauxameriques.fr\/wp-content\/uploads\/2017\/03\/P1070589.jpg?resize=300%2C225&amp;ssl=1 300w\" sizes=\"(max-width: 640px) 100vw, 640px\" data-recalc-dims=\"1\" \/><\/a> <a href=\"https:\/\/i0.wp.com\/genevieveetbernardauxameriques.fr\/wp-content\/uploads\/2017\/03\/P1070588.jpg?ssl=1\"><img loading=\"lazy\" decoding=\"async\" data-attachment-id=\"16677\" data-permalink=\"https:\/\/genevieveetbernardauxameriques.fr\/index.php\/2017\/03\/15\/la-cote-pacifique-de-puerto-lopez-a-la-frontiere-colombienne\/p1070588\/\" data-orig-file=\"https:\/\/i0.wp.com\/genevieveetbernardauxameriques.fr\/wp-content\/uploads\/2017\/03\/P1070588.jpg?fit=720%2C540&amp;ssl=1\" data-orig-size=\"720,540\" data-comments-opened=\"1\" data-image-meta=\"{&quot;aperture&quot;:&quot;5.6&quot;,&quot;credit&quot;:&quot;&quot;,&quot;camera&quot;:&quot;DMC-TZ55&quot;,&quot;caption&quot;:&quot;&quot;,&quot;created_timestamp&quot;:&quot;1489084151&quot;,&quot;copyright&quot;:&quot;&quot;,&quot;focal_length&quot;:&quot;9.7&quot;,&quot;iso&quot;:&quot;100&quot;,&quot;shutter_speed&quot;:&quot;0.003125&quot;,&quot;title&quot;:&quot;&quot;,&quot;orientation&quot;:&quot;1&quot;}\" data-image-title=\"P1070588\" data-image-description=\"\" data-image-caption=\"\" data-medium-file=\"https:\/\/i0.wp.com\/genevieveetbernardauxameriques.fr\/wp-content\/uploads\/2017\/03\/P1070588.jpg?fit=300%2C225&amp;ssl=1\" data-large-file=\"https:\/\/i0.wp.com\/genevieveetbernardauxameriques.fr\/wp-content\/uploads\/2017\/03\/P1070588.jpg?fit=640%2C480&amp;ssl=1\" class=\"alignnone size-full wp-image-16677\" src=\"https:\/\/i0.wp.com\/genevieveetbernardauxameriques.fr\/wp-content\/uploads\/2017\/03\/P1070588.jpg?resize=640%2C480&#038;ssl=1\" alt=\"\" width=\"640\" height=\"480\" srcset=\"https:\/\/i0.wp.com\/genevieveetbernardauxameriques.fr\/wp-content\/uploads\/2017\/03\/P1070588.jpg?w=720&amp;ssl=1 720w, https:\/\/i0.wp.com\/genevieveetbernardauxameriques.fr\/wp-content\/uploads\/2017\/03\/P1070588.jpg?resize=300%2C225&amp;ssl=1 300w\" sizes=\"(max-width: 640px) 100vw, 640px\" data-recalc-dims=\"1\" \/><\/a> <a href=\"https:\/\/i0.wp.com\/genevieveetbernardauxameriques.fr\/wp-content\/uploads\/2017\/03\/P1070587.jpg?ssl=1\"><img loading=\"lazy\" decoding=\"async\" data-attachment-id=\"16676\" data-permalink=\"https:\/\/genevieveetbernardauxameriques.fr\/index.php\/2017\/03\/15\/la-cote-pacifique-de-puerto-lopez-a-la-frontiere-colombienne\/p1070587\/\" data-orig-file=\"https:\/\/i0.wp.com\/genevieveetbernardauxameriques.fr\/wp-content\/uploads\/2017\/03\/P1070587.jpg?fit=720%2C540&amp;ssl=1\" data-orig-size=\"720,540\" data-comments-opened=\"1\" data-image-meta=\"{&quot;aperture&quot;:&quot;5.6&quot;,&quot;credit&quot;:&quot;&quot;,&quot;camera&quot;:&quot;DMC-TZ55&quot;,&quot;caption&quot;:&quot;&quot;,&quot;created_timestamp&quot;:&quot;1489084131&quot;,&quot;copyright&quot;:&quot;&quot;,&quot;focal_length&quot;:&quot;9.7&quot;,&quot;iso&quot;:&quot;100&quot;,&quot;shutter_speed&quot;:&quot;0.008&quot;,&quot;title&quot;:&quot;&quot;,&quot;orientation&quot;:&quot;1&quot;}\" data-image-title=\"P1070587\" data-image-description=\"\" data-image-caption=\"\" data-medium-file=\"https:\/\/i0.wp.com\/genevieveetbernardauxameriques.fr\/wp-content\/uploads\/2017\/03\/P1070587.jpg?fit=300%2C225&amp;ssl=1\" data-large-file=\"https:\/\/i0.wp.com\/genevieveetbernardauxameriques.fr\/wp-content\/uploads\/2017\/03\/P1070587.jpg?fit=640%2C480&amp;ssl=1\" class=\"alignnone size-full wp-image-16676\" src=\"https:\/\/i0.wp.com\/genevieveetbernardauxameriques.fr\/wp-content\/uploads\/2017\/03\/P1070587.jpg?resize=640%2C480&#038;ssl=1\" alt=\"\" width=\"640\" height=\"480\" srcset=\"https:\/\/i0.wp.com\/genevieveetbernardauxameriques.fr\/wp-content\/uploads\/2017\/03\/P1070587.jpg?w=720&amp;ssl=1 720w, https:\/\/i0.wp.com\/genevieveetbernardauxameriques.fr\/wp-content\/uploads\/2017\/03\/P1070587.jpg?resize=300%2C225&amp;ssl=1 300w\" sizes=\"(max-width: 640px) 100vw, 640px\" data-recalc-dims=\"1\" \/><\/a> <a href=\"https:\/\/i0.wp.com\/genevieveetbernardauxameriques.fr\/wp-content\/uploads\/2017\/03\/P1070586.jpg?ssl=1\"><img loading=\"lazy\" decoding=\"async\" data-attachment-id=\"16675\" data-permalink=\"https:\/\/genevieveetbernardauxameriques.fr\/index.php\/2017\/03\/15\/la-cote-pacifique-de-puerto-lopez-a-la-frontiere-colombienne\/p1070586\/\" data-orig-file=\"https:\/\/i0.wp.com\/genevieveetbernardauxameriques.fr\/wp-content\/uploads\/2017\/03\/P1070586.jpg?fit=720%2C540&amp;ssl=1\" data-orig-size=\"720,540\" data-comments-opened=\"1\" data-image-meta=\"{&quot;aperture&quot;:&quot;4&quot;,&quot;credit&quot;:&quot;&quot;,&quot;camera&quot;:&quot;DMC-TZ55&quot;,&quot;caption&quot;:&quot;&quot;,&quot;created_timestamp&quot;:&quot;1489084044&quot;,&quot;copyright&quot;:&quot;&quot;,&quot;focal_length&quot;:&quot;4.3&quot;,&quot;iso&quot;:&quot;100&quot;,&quot;shutter_speed&quot;:&quot;0.0015625&quot;,&quot;title&quot;:&quot;&quot;,&quot;orientation&quot;:&quot;1&quot;}\" data-image-title=\"P1070586\" data-image-description=\"\" data-image-caption=\"\" data-medium-file=\"https:\/\/i0.wp.com\/genevieveetbernardauxameriques.fr\/wp-content\/uploads\/2017\/03\/P1070586.jpg?fit=300%2C225&amp;ssl=1\" data-large-file=\"https:\/\/i0.wp.com\/genevieveetbernardauxameriques.fr\/wp-content\/uploads\/2017\/03\/P1070586.jpg?fit=640%2C480&amp;ssl=1\" class=\"alignnone size-full wp-image-16675\" src=\"https:\/\/i0.wp.com\/genevieveetbernardauxameriques.fr\/wp-content\/uploads\/2017\/03\/P1070586.jpg?resize=640%2C480&#038;ssl=1\" alt=\"\" width=\"640\" height=\"480\" srcset=\"https:\/\/i0.wp.com\/genevieveetbernardauxameriques.fr\/wp-content\/uploads\/2017\/03\/P1070586.jpg?w=720&amp;ssl=1 720w, https:\/\/i0.wp.com\/genevieveetbernardauxameriques.fr\/wp-content\/uploads\/2017\/03\/P1070586.jpg?resize=300%2C225&amp;ssl=1 300w\" sizes=\"(max-width: 640px) 100vw, 640px\" data-recalc-dims=\"1\" \/><\/a><\/p>\n<\/div>\n<p dir=\"ltr\"><a href=\"https:\/\/i0.wp.com\/genevieveetbernardauxameriques.fr\/wp-content\/uploads\/2017\/03\/P1070608.jpg?ssl=1\"><img loading=\"lazy\" decoding=\"async\" data-attachment-id=\"16693\" data-permalink=\"https:\/\/genevieveetbernardauxameriques.fr\/index.php\/2017\/03\/15\/la-cote-pacifique-de-puerto-lopez-a-la-frontiere-colombienne\/p1070608\/\" data-orig-file=\"https:\/\/i0.wp.com\/genevieveetbernardauxameriques.fr\/wp-content\/uploads\/2017\/03\/P1070608.jpg?fit=720%2C540&amp;ssl=1\" data-orig-size=\"720,540\" data-comments-opened=\"1\" data-image-meta=\"{&quot;aperture&quot;:&quot;5.6&quot;,&quot;credit&quot;:&quot;&quot;,&quot;camera&quot;:&quot;DMC-TZ55&quot;,&quot;caption&quot;:&quot;&quot;,&quot;created_timestamp&quot;:&quot;1489095369&quot;,&quot;copyright&quot;:&quot;&quot;,&quot;focal_length&quot;:&quot;13.3&quot;,&quot;iso&quot;:&quot;100&quot;,&quot;shutter_speed&quot;:&quot;0.005&quot;,&quot;title&quot;:&quot;&quot;,&quot;orientation&quot;:&quot;1&quot;}\" data-image-title=\"P1070608\" data-image-description=\"\" data-image-caption=\"\" data-medium-file=\"https:\/\/i0.wp.com\/genevieveetbernardauxameriques.fr\/wp-content\/uploads\/2017\/03\/P1070608.jpg?fit=300%2C225&amp;ssl=1\" data-large-file=\"https:\/\/i0.wp.com\/genevieveetbernardauxameriques.fr\/wp-content\/uploads\/2017\/03\/P1070608.jpg?fit=640%2C480&amp;ssl=1\" class=\"alignnone size-full wp-image-16693\" src=\"https:\/\/i0.wp.com\/genevieveetbernardauxameriques.fr\/wp-content\/uploads\/2017\/03\/P1070608.jpg?resize=640%2C480&#038;ssl=1\" alt=\"\" width=\"640\" height=\"480\" srcset=\"https:\/\/i0.wp.com\/genevieveetbernardauxameriques.fr\/wp-content\/uploads\/2017\/03\/P1070608.jpg?w=720&amp;ssl=1 720w, https:\/\/i0.wp.com\/genevieveetbernardauxameriques.fr\/wp-content\/uploads\/2017\/03\/P1070608.jpg?resize=300%2C225&amp;ssl=1 300w\" sizes=\"(max-width: 640px) 100vw, 640px\" data-recalc-dims=\"1\" \/><\/a><\/p>\n<p dir=\"ltr\">Et la Basilique\u00a0construite d\u00e8s 1882, par un architecte fran\u00e7ais en s\u2019inspirant de la cath\u00e9drale de Bourges. C\u2019est la plus grande construction gothique d\u2019Am\u00e9rique du Sud.<\/p>\n<p dir=\"ltr\"><a href=\"https:\/\/i0.wp.com\/genevieveetbernardauxameriques.fr\/wp-content\/uploads\/2017\/03\/P1070611-e1489292228556.jpg?ssl=1\"><img loading=\"lazy\" decoding=\"async\" data-attachment-id=\"16695\" data-permalink=\"https:\/\/genevieveetbernardauxameriques.fr\/index.php\/2017\/03\/15\/la-cote-pacifique-de-puerto-lopez-a-la-frontiere-colombienne\/p1070611\/\" data-orig-file=\"https:\/\/i0.wp.com\/genevieveetbernardauxameriques.fr\/wp-content\/uploads\/2017\/03\/P1070611-e1489292228556.jpg?fit=714%2C415&amp;ssl=1\" data-orig-size=\"714,415\" data-comments-opened=\"1\" data-image-meta=\"{&quot;aperture&quot;:&quot;4.5&quot;,&quot;credit&quot;:&quot;&quot;,&quot;camera&quot;:&quot;DMC-TZ55&quot;,&quot;caption&quot;:&quot;&quot;,&quot;created_timestamp&quot;:&quot;1489096009&quot;,&quot;copyright&quot;:&quot;&quot;,&quot;focal_length&quot;:&quot;5.4&quot;,&quot;iso&quot;:&quot;100&quot;,&quot;shutter_speed&quot;:&quot;0.001&quot;,&quot;title&quot;:&quot;&quot;,&quot;orientation&quot;:&quot;1&quot;}\" data-image-title=\"P1070611\" data-image-description=\"\" data-image-caption=\"\" data-medium-file=\"https:\/\/i0.wp.com\/genevieveetbernardauxameriques.fr\/wp-content\/uploads\/2017\/03\/P1070611-e1489292228556.jpg?fit=300%2C174&amp;ssl=1\" data-large-file=\"https:\/\/i0.wp.com\/genevieveetbernardauxameriques.fr\/wp-content\/uploads\/2017\/03\/P1070611-e1489292228556.jpg?fit=640%2C372&amp;ssl=1\" class=\"alignnone size-full wp-image-16695\" src=\"https:\/\/i0.wp.com\/genevieveetbernardauxameriques.fr\/wp-content\/uploads\/2017\/03\/P1070611-e1489292228556.jpg?resize=640%2C372&#038;ssl=1\" alt=\"\" width=\"640\" height=\"372\" srcset=\"https:\/\/i0.wp.com\/genevieveetbernardauxameriques.fr\/wp-content\/uploads\/2017\/03\/P1070611-e1489292228556.jpg?w=714&amp;ssl=1 714w, https:\/\/i0.wp.com\/genevieveetbernardauxameriques.fr\/wp-content\/uploads\/2017\/03\/P1070611-e1489292228556.jpg?resize=300%2C174&amp;ssl=1 300w\" sizes=\"(max-width: 640px) 100vw, 640px\" data-recalc-dims=\"1\" \/><\/a><\/p>\n<p dir=\"ltr\">et voil\u00e0 les gargouilles<\/p>\n<p dir=\"ltr\"><img decoding=\"async\" src=\"https:\/\/i0.wp.com\/3.bp.blogspot.com\/-_LNTQR5_kNs\/Vwhmb6kFk-I\/AAAAAAADCSI\/rhO01sxpt7odDYUGHp9OYAF5W4FX1DhWA\/s1600\/DSC04577.JPG?w=640&#038;ssl=1\" data-recalc-dims=\"1\" \/><img decoding=\"async\" src=\"https:\/\/i0.wp.com\/3.bp.blogspot.com\/-t_lbk52REdE\/VwkhlHF8q6I\/AAAAAAADCcQ\/E3Wn7YjHpFkl8oN7_nVGPmH11od0jmFpw\/s640\/DSC04575.JPG?w=640&#038;ssl=1\" data-recalc-dims=\"1\" \/><\/p>\n<p dir=\"ltr\">La ville est vraiment magnifique.<\/p>\n<p dir=\"ltr\">Nous n&rsquo;irons pas faire un tour dans le t\u00e9l\u00e9ph\u00e9rique \u00e0 cause du mauvais temps, mais rentrons directement au parking de la Carolina<\/p>\n<p dir=\"ltr\"><a href=\"https:\/\/i0.wp.com\/genevieveetbernardauxameriques.fr\/wp-content\/uploads\/2017\/03\/P1070613.jpg?ssl=1\"><img loading=\"lazy\" decoding=\"async\" data-attachment-id=\"16697\" data-permalink=\"https:\/\/genevieveetbernardauxameriques.fr\/index.php\/2017\/03\/15\/la-cote-pacifique-de-puerto-lopez-a-la-frontiere-colombienne\/p1070613-2\/\" data-orig-file=\"https:\/\/i0.wp.com\/genevieveetbernardauxameriques.fr\/wp-content\/uploads\/2017\/03\/P1070613.jpg?fit=720%2C540&amp;ssl=1\" data-orig-size=\"720,540\" data-comments-opened=\"1\" data-image-meta=\"{&quot;aperture&quot;:&quot;5&quot;,&quot;credit&quot;:&quot;&quot;,&quot;camera&quot;:&quot;DMC-TZ55&quot;,&quot;caption&quot;:&quot;&quot;,&quot;created_timestamp&quot;:&quot;1489163103&quot;,&quot;copyright&quot;:&quot;&quot;,&quot;focal_length&quot;:&quot;4.3&quot;,&quot;iso&quot;:&quot;100&quot;,&quot;shutter_speed&quot;:&quot;0.0005&quot;,&quot;title&quot;:&quot;&quot;,&quot;orientation&quot;:&quot;1&quot;}\" data-image-title=\"P1070613\" data-image-description=\"\" data-image-caption=\"\" data-medium-file=\"https:\/\/i0.wp.com\/genevieveetbernardauxameriques.fr\/wp-content\/uploads\/2017\/03\/P1070613.jpg?fit=300%2C225&amp;ssl=1\" data-large-file=\"https:\/\/i0.wp.com\/genevieveetbernardauxameriques.fr\/wp-content\/uploads\/2017\/03\/P1070613.jpg?fit=640%2C480&amp;ssl=1\" class=\"alignnone size-full wp-image-16697\" src=\"https:\/\/i0.wp.com\/genevieveetbernardauxameriques.fr\/wp-content\/uploads\/2017\/03\/P1070613.jpg?resize=640%2C480&#038;ssl=1\" alt=\"\" width=\"640\" height=\"480\" srcset=\"https:\/\/i0.wp.com\/genevieveetbernardauxameriques.fr\/wp-content\/uploads\/2017\/03\/P1070613.jpg?w=720&amp;ssl=1 720w, https:\/\/i0.wp.com\/genevieveetbernardauxameriques.fr\/wp-content\/uploads\/2017\/03\/P1070613.jpg?resize=300%2C225&amp;ssl=1 300w\" sizes=\"(max-width: 640px) 100vw, 640px\" data-recalc-dims=\"1\" \/><\/a><\/p>\n<p>Nous passerons tout de m\u00eame \u00e0 la p\u00e2tisserie fran\u00e7aise de l&rsquo;autre c\u00f4t\u00e9 du parc ou nous sommes stationn\u00e9s pour faire le plein de p\u00e2tisseries, croissants et baguette fran\u00e7aise.<\/p>\n<p><span style=\"color: #000000;\"><b>JEUDI 9 MARS<\/b><\/span><\/p>\n<p>Bernard a \u00e9t\u00e9 piqu\u00e9 par des moustiques il y a 2 jours, qu&rsquo;il s&rsquo;est gratt\u00e9 toute la nuit et maintenant il a une grande plaie \u00e0 la jambe, il va donc rester au camper et moi je vais partir au Mus\u00e9e Guayasamin. Malheureusement il y a une erreur sur mon guide en ce qui concerne l&rsquo;adresse, je pars donc \u00e0 pieds du parc Carolina et \u00e0 l&rsquo;adresse indiqu\u00e9e il n&rsquo;y a rien, je me renseigne et l&rsquo;on me dit que c&rsquo;est un peu plus loin.<\/p>\n<p>Depuis que je suis partie, je monte des rues escarp\u00e9es et je suis plut\u00f4t fatigu\u00e9e, il est trop tard pour que je prenne un taxi car on me dit qu&rsquo;il n&rsquo;y a plus que 4 cuadras.<\/p>\n<p>Sur le plan de Quito cela ne s&rsquo;appelle pas le <strong>mus\u00e9e Guayasamin<\/strong> mais la Capilla del Hombre, c&rsquo;est ce qui m&rsquo;a tromp\u00e9.<\/p>\n<p>Un peu avant d&rsquo;arriv\u00e9e, des maisons tr\u00e8s color\u00e9es.<\/p>\n<p><a href=\"https:\/\/i0.wp.com\/genevieveetbernardauxameriques.fr\/wp-content\/uploads\/2017\/03\/P1070614.jpg?ssl=1\"><img loading=\"lazy\" decoding=\"async\" data-attachment-id=\"16698\" data-permalink=\"https:\/\/genevieveetbernardauxameriques.fr\/index.php\/2017\/03\/15\/la-cote-pacifique-de-puerto-lopez-a-la-frontiere-colombienne\/p1070614\/\" data-orig-file=\"https:\/\/i0.wp.com\/genevieveetbernardauxameriques.fr\/wp-content\/uploads\/2017\/03\/P1070614.jpg?fit=720%2C540&amp;ssl=1\" data-orig-size=\"720,540\" data-comments-opened=\"1\" data-image-meta=\"{&quot;aperture&quot;:&quot;4&quot;,&quot;credit&quot;:&quot;&quot;,&quot;camera&quot;:&quot;DMC-TZ55&quot;,&quot;caption&quot;:&quot;&quot;,&quot;created_timestamp&quot;:&quot;1489166347&quot;,&quot;copyright&quot;:&quot;&quot;,&quot;focal_length&quot;:&quot;4.3&quot;,&quot;iso&quot;:&quot;100&quot;,&quot;shutter_speed&quot;:&quot;0.0008&quot;,&quot;title&quot;:&quot;&quot;,&quot;orientation&quot;:&quot;1&quot;}\" data-image-title=\"P1070614\" data-image-description=\"\" data-image-caption=\"\" data-medium-file=\"https:\/\/i0.wp.com\/genevieveetbernardauxameriques.fr\/wp-content\/uploads\/2017\/03\/P1070614.jpg?fit=300%2C225&amp;ssl=1\" data-large-file=\"https:\/\/i0.wp.com\/genevieveetbernardauxameriques.fr\/wp-content\/uploads\/2017\/03\/P1070614.jpg?fit=640%2C480&amp;ssl=1\" class=\"alignnone size-full wp-image-16698\" src=\"https:\/\/i0.wp.com\/genevieveetbernardauxameriques.fr\/wp-content\/uploads\/2017\/03\/P1070614.jpg?resize=640%2C480&#038;ssl=1\" alt=\"\" width=\"640\" height=\"480\" srcset=\"https:\/\/i0.wp.com\/genevieveetbernardauxameriques.fr\/wp-content\/uploads\/2017\/03\/P1070614.jpg?w=720&amp;ssl=1 720w, https:\/\/i0.wp.com\/genevieveetbernardauxameriques.fr\/wp-content\/uploads\/2017\/03\/P1070614.jpg?resize=300%2C225&amp;ssl=1 300w\" sizes=\"(max-width: 640px) 100vw, 640px\" data-recalc-dims=\"1\" \/><\/a> <a href=\"https:\/\/i0.wp.com\/genevieveetbernardauxameriques.fr\/wp-content\/uploads\/2017\/03\/P1070615.jpg?ssl=1\"><img loading=\"lazy\" decoding=\"async\" data-attachment-id=\"16699\" data-permalink=\"https:\/\/genevieveetbernardauxameriques.fr\/index.php\/2017\/03\/15\/la-cote-pacifique-de-puerto-lopez-a-la-frontiere-colombienne\/p1070615\/\" data-orig-file=\"https:\/\/i0.wp.com\/genevieveetbernardauxameriques.fr\/wp-content\/uploads\/2017\/03\/P1070615.jpg?fit=720%2C540&amp;ssl=1\" data-orig-size=\"720,540\" data-comments-opened=\"1\" data-image-meta=\"{&quot;aperture&quot;:&quot;5&quot;,&quot;credit&quot;:&quot;&quot;,&quot;camera&quot;:&quot;DMC-TZ55&quot;,&quot;caption&quot;:&quot;&quot;,&quot;created_timestamp&quot;:&quot;1489166377&quot;,&quot;copyright&quot;:&quot;&quot;,&quot;focal_length&quot;:&quot;6.9&quot;,&quot;iso&quot;:&quot;100&quot;,&quot;shutter_speed&quot;:&quot;0.00125&quot;,&quot;title&quot;:&quot;&quot;,&quot;orientation&quot;:&quot;1&quot;}\" data-image-title=\"P1070615\" data-image-description=\"\" data-image-caption=\"\" data-medium-file=\"https:\/\/i0.wp.com\/genevieveetbernardauxameriques.fr\/wp-content\/uploads\/2017\/03\/P1070615.jpg?fit=300%2C225&amp;ssl=1\" data-large-file=\"https:\/\/i0.wp.com\/genevieveetbernardauxameriques.fr\/wp-content\/uploads\/2017\/03\/P1070615.jpg?fit=640%2C480&amp;ssl=1\" class=\"alignnone size-full wp-image-16699\" src=\"https:\/\/i0.wp.com\/genevieveetbernardauxameriques.fr\/wp-content\/uploads\/2017\/03\/P1070615.jpg?resize=640%2C480&#038;ssl=1\" alt=\"\" width=\"640\" height=\"480\" srcset=\"https:\/\/i0.wp.com\/genevieveetbernardauxameriques.fr\/wp-content\/uploads\/2017\/03\/P1070615.jpg?w=720&amp;ssl=1 720w, https:\/\/i0.wp.com\/genevieveetbernardauxameriques.fr\/wp-content\/uploads\/2017\/03\/P1070615.jpg?resize=300%2C225&amp;ssl=1 300w\" sizes=\"(max-width: 640px) 100vw, 640px\" data-recalc-dims=\"1\" \/><\/a><\/p>\n<p>Guyasamin est un c\u00e9l\u00e8bre peintre \u00e9quatorien (1919-1999), n\u00e9 \u00e0 Quito. Il a fait don, avec l&rsquo;accord de ses enfants, de son vivant, de tout son patrimoine \u00e0 l&rsquo;Equateur. L&rsquo;Unesco l&rsquo;a d\u00e9sign\u00e9 comme \u00ab\u00a0projet prioritaire de l&rsquo;Humanit\u00e9\u00a0\u00bb<\/p>\n<div class=\"x_MsoNormal\">\u00a0<img decoding=\"async\" class=\"aligncenter\" src=\"https:\/\/encrypted-tbn0.gstatic.com\/images?q=tbn:ANd9GcTxzlpOXqqyNpVGzFie1QaDH4cpg1ZCecBXeDTZBX1Go8WHiSscnQ\" alt=\"R\u00e9sultats de recherche d'images pour \u00ab\u00a0guayasamin museum\u00a0\u00bb\" \/><\/div>\n<p>L&rsquo;immense demeure o\u00f9 il a v\u00e9cu abrite la plus grande collection de tableaux du peintre. Il \u00e9tait aussi un grand collectionneur d\u2019objets pr\u00e9-colombiens et ce mus\u00e9e est aussi l\u2019occasion d\u2019admirer cette collection (4500 pi\u00e8ces)<\/p>\n<p><img loading=\"lazy\" decoding=\"async\" data-attachment-id=\"16700\" data-permalink=\"https:\/\/genevieveetbernardauxameriques.fr\/index.php\/2017\/03\/15\/la-cote-pacifique-de-puerto-lopez-a-la-frontiere-colombienne\/p1070616\/\" data-orig-file=\"https:\/\/i0.wp.com\/genevieveetbernardauxameriques.fr\/wp-content\/uploads\/2017\/03\/P1070616.jpg?fit=720%2C540&amp;ssl=1\" data-orig-size=\"720,540\" data-comments-opened=\"1\" data-image-meta=\"{&quot;aperture&quot;:&quot;4&quot;,&quot;credit&quot;:&quot;&quot;,&quot;camera&quot;:&quot;DMC-TZ55&quot;,&quot;caption&quot;:&quot;&quot;,&quot;created_timestamp&quot;:&quot;1489169976&quot;,&quot;copyright&quot;:&quot;&quot;,&quot;focal_length&quot;:&quot;4.3&quot;,&quot;iso&quot;:&quot;100&quot;,&quot;shutter_speed&quot;:&quot;0.0015625&quot;,&quot;title&quot;:&quot;&quot;,&quot;orientation&quot;:&quot;1&quot;}\" data-image-title=\"P1070616\" data-image-description=\"\" data-image-caption=\"\" data-medium-file=\"https:\/\/i0.wp.com\/genevieveetbernardauxameriques.fr\/wp-content\/uploads\/2017\/03\/P1070616.jpg?fit=300%2C225&amp;ssl=1\" data-large-file=\"https:\/\/i0.wp.com\/genevieveetbernardauxameriques.fr\/wp-content\/uploads\/2017\/03\/P1070616.jpg?fit=640%2C480&amp;ssl=1\" class=\"alignnone size-full wp-image-16700\" src=\"https:\/\/i0.wp.com\/genevieveetbernardauxameriques.fr\/wp-content\/uploads\/2017\/03\/P1070616.jpg?resize=640%2C480&#038;ssl=1\" alt=\"\" width=\"640\" height=\"480\" srcset=\"https:\/\/i0.wp.com\/genevieveetbernardauxameriques.fr\/wp-content\/uploads\/2017\/03\/P1070616.jpg?w=720&amp;ssl=1 720w, https:\/\/i0.wp.com\/genevieveetbernardauxameriques.fr\/wp-content\/uploads\/2017\/03\/P1070616.jpg?resize=300%2C225&amp;ssl=1 300w\" sizes=\"(max-width: 640px) 100vw, 640px\" data-recalc-dims=\"1\" \/><\/p>\n<p>L&rsquo;autre extr\u00e9mit\u00e9<\/p>\n<p><a href=\"https:\/\/i0.wp.com\/genevieveetbernardauxameriques.fr\/wp-content\/uploads\/2017\/03\/P1070617.jpg?ssl=1\"><img loading=\"lazy\" decoding=\"async\" data-attachment-id=\"16701\" data-permalink=\"https:\/\/genevieveetbernardauxameriques.fr\/index.php\/2017\/03\/15\/la-cote-pacifique-de-puerto-lopez-a-la-frontiere-colombienne\/p1070617-2\/\" data-orig-file=\"https:\/\/i0.wp.com\/genevieveetbernardauxameriques.fr\/wp-content\/uploads\/2017\/03\/P1070617.jpg?fit=720%2C540&amp;ssl=1\" data-orig-size=\"720,540\" data-comments-opened=\"1\" data-image-meta=\"{&quot;aperture&quot;:&quot;4&quot;,&quot;credit&quot;:&quot;&quot;,&quot;camera&quot;:&quot;DMC-TZ55&quot;,&quot;caption&quot;:&quot;&quot;,&quot;created_timestamp&quot;:&quot;1489169997&quot;,&quot;copyright&quot;:&quot;&quot;,&quot;focal_length&quot;:&quot;4.3&quot;,&quot;iso&quot;:&quot;125&quot;,&quot;shutter_speed&quot;:&quot;0.002&quot;,&quot;title&quot;:&quot;&quot;,&quot;orientation&quot;:&quot;1&quot;}\" data-image-title=\"P1070617\" data-image-description=\"\" data-image-caption=\"\" data-medium-file=\"https:\/\/i0.wp.com\/genevieveetbernardauxameriques.fr\/wp-content\/uploads\/2017\/03\/P1070617.jpg?fit=300%2C225&amp;ssl=1\" data-large-file=\"https:\/\/i0.wp.com\/genevieveetbernardauxameriques.fr\/wp-content\/uploads\/2017\/03\/P1070617.jpg?fit=640%2C480&amp;ssl=1\" class=\"alignnone size-full wp-image-16701\" src=\"https:\/\/i0.wp.com\/genevieveetbernardauxameriques.fr\/wp-content\/uploads\/2017\/03\/P1070617.jpg?resize=640%2C480&#038;ssl=1\" alt=\"\" width=\"640\" height=\"480\" srcset=\"https:\/\/i0.wp.com\/genevieveetbernardauxameriques.fr\/wp-content\/uploads\/2017\/03\/P1070617.jpg?w=720&amp;ssl=1 720w, https:\/\/i0.wp.com\/genevieveetbernardauxameriques.fr\/wp-content\/uploads\/2017\/03\/P1070617.jpg?resize=300%2C225&amp;ssl=1 300w\" sizes=\"(max-width: 640px) 100vw, 640px\" data-recalc-dims=\"1\" \/><\/a><\/p>\n<p>La vue d&rsquo;ici sur la ville et le volcan qui actuellement est cach\u00e9 est magnifique.<\/p>\n<p><a href=\"https:\/\/i0.wp.com\/genevieveetbernardauxameriques.fr\/wp-content\/uploads\/2017\/03\/P1070618.jpg?ssl=1\"><img loading=\"lazy\" decoding=\"async\" data-attachment-id=\"16702\" data-permalink=\"https:\/\/genevieveetbernardauxameriques.fr\/index.php\/2017\/03\/15\/la-cote-pacifique-de-puerto-lopez-a-la-frontiere-colombienne\/p1070618\/\" data-orig-file=\"https:\/\/i0.wp.com\/genevieveetbernardauxameriques.fr\/wp-content\/uploads\/2017\/03\/P1070618.jpg?fit=720%2C540&amp;ssl=1\" data-orig-size=\"720,540\" data-comments-opened=\"1\" data-image-meta=\"{&quot;aperture&quot;:&quot;4&quot;,&quot;credit&quot;:&quot;&quot;,&quot;camera&quot;:&quot;DMC-TZ55&quot;,&quot;caption&quot;:&quot;&quot;,&quot;created_timestamp&quot;:&quot;1489170035&quot;,&quot;copyright&quot;:&quot;&quot;,&quot;focal_length&quot;:&quot;4.3&quot;,&quot;iso&quot;:&quot;100&quot;,&quot;shutter_speed&quot;:&quot;0.0008&quot;,&quot;title&quot;:&quot;&quot;,&quot;orientation&quot;:&quot;1&quot;}\" data-image-title=\"P1070618\" data-image-description=\"\" data-image-caption=\"\" data-medium-file=\"https:\/\/i0.wp.com\/genevieveetbernardauxameriques.fr\/wp-content\/uploads\/2017\/03\/P1070618.jpg?fit=300%2C225&amp;ssl=1\" data-large-file=\"https:\/\/i0.wp.com\/genevieveetbernardauxameriques.fr\/wp-content\/uploads\/2017\/03\/P1070618.jpg?fit=640%2C480&amp;ssl=1\" class=\"alignnone size-full wp-image-16702\" src=\"https:\/\/i0.wp.com\/genevieveetbernardauxameriques.fr\/wp-content\/uploads\/2017\/03\/P1070618.jpg?resize=640%2C480&#038;ssl=1\" alt=\"\" width=\"640\" height=\"480\" srcset=\"https:\/\/i0.wp.com\/genevieveetbernardauxameriques.fr\/wp-content\/uploads\/2017\/03\/P1070618.jpg?w=720&amp;ssl=1 720w, https:\/\/i0.wp.com\/genevieveetbernardauxameriques.fr\/wp-content\/uploads\/2017\/03\/P1070618.jpg?resize=300%2C225&amp;ssl=1 300w\" sizes=\"(max-width: 640px) 100vw, 640px\" data-recalc-dims=\"1\" \/><\/a><\/p>\n<p>Il est interdit de prendre des photos \u00e0 l&rsquo;int\u00e9rieur, c&rsquo;est bien dommage car c&rsquo;est absolument magnifique, tant par les meubles que par les objets collectionn\u00e9s.<\/p>\n<p>Les pi\u00e8ces sont immenses et on visite salon, salle \u00e0 manger, chambre \u00a0et surtout son impressionnant atelier, les tubes de gouache, les palettes, les \u0153uvres inachev\u00e9es sont encore l\u00e0.<\/p>\n<p><img decoding=\"async\" src=\"https:\/\/i0.wp.com\/media-cdn.tripadvisor.com\/media\/photo-s\/07\/a7\/b6\/42\/fundacion-guayasamin.jpg?w=640&#038;ssl=1\" alt=\"R\u00e9sultats de recherche d'images pour \u00ab\u00a0guayasamin museum\u00a0\u00bb\" data-recalc-dims=\"1\" \/><\/p>\n<p>Les 2 extr\u00e9mit\u00e9s de la pi\u00e8ce.<\/p>\n<p><img loading=\"lazy\" decoding=\"async\" src=\"https:\/\/i0.wp.com\/2.bp.blogspot.com\/-wQ4AwXXTaiU\/VwggWZ-dZKI\/AAAAAAADCIo\/M3HgHwSW4ME0-CPO1MaLbwXe4b9tjFJiA\/s640\/DSC04219.JPG?resize=551%2C413&#038;ssl=1\" width=\"551\" height=\"413\" data-recalc-dims=\"1\" \/><\/p>\n<p>L&rsquo;on peut y voir en photo les personnages qui sont venus le voir : Fidel Castro, Caroline de Monaco avec son p\u00e8re, Fran\u00e7ois Mitterrand&#8230;..<\/p>\n<p>Apr\u00e8s la visite de la maison, on visite la Capilla del Hombre que Guayasam\u00edn a cr\u00e9\u00e9 en 1996, et \u00a0qui est le mus\u00e9e o\u00f9 sont expos\u00e9es d&rsquo;immenses toiles, pareil \u00ab\u00a0photos interdites\u00a0\u00bb, mais je ne fais pas la visite guid\u00e9e, je suis seule et je sors ma tablette.<\/p>\n<p>&nbsp;<\/p>\n<p><a href=\"https:\/\/i0.wp.com\/genevieveetbernardauxameriques.fr\/wp-content\/uploads\/2017\/03\/IMG_20170310_113925.jpg?ssl=1\"><img loading=\"lazy\" decoding=\"async\" data-attachment-id=\"16631\" data-permalink=\"https:\/\/genevieveetbernardauxameriques.fr\/index.php\/2017\/03\/15\/la-cote-pacifique-de-puerto-lopez-a-la-frontiere-colombienne\/img_20170310_113925\/\" data-orig-file=\"https:\/\/i0.wp.com\/genevieveetbernardauxameriques.fr\/wp-content\/uploads\/2017\/03\/IMG_20170310_113925.jpg?fit=540%2C720&amp;ssl=1\" data-orig-size=\"540,720\" data-comments-opened=\"1\" data-image-meta=\"{&quot;aperture&quot;:&quot;0&quot;,&quot;credit&quot;:&quot;&quot;,&quot;camera&quot;:&quot;Lenovo YT3-X50F&quot;,&quot;caption&quot;:&quot;&quot;,&quot;created_timestamp&quot;:&quot;1489145965&quot;,&quot;copyright&quot;:&quot;&quot;,&quot;focal_length&quot;:&quot;3.85&quot;,&quot;iso&quot;:&quot;193&quot;,&quot;shutter_speed&quot;:&quot;0.041666666666667&quot;,&quot;title&quot;:&quot;&quot;,&quot;orientation&quot;:&quot;0&quot;}\" data-image-title=\"IMG_20170310_113925\" data-image-description=\"\" data-image-caption=\"\" data-medium-file=\"https:\/\/i0.wp.com\/genevieveetbernardauxameriques.fr\/wp-content\/uploads\/2017\/03\/IMG_20170310_113925.jpg?fit=225%2C300&amp;ssl=1\" data-large-file=\"https:\/\/i0.wp.com\/genevieveetbernardauxameriques.fr\/wp-content\/uploads\/2017\/03\/IMG_20170310_113925.jpg?fit=540%2C720&amp;ssl=1\" class=\" wp-image-16631 aligncenter\" src=\"https:\/\/i0.wp.com\/genevieveetbernardauxameriques.fr\/wp-content\/uploads\/2017\/03\/IMG_20170310_113925.jpg?resize=393%2C524&#038;ssl=1\" alt=\"\" width=\"393\" height=\"524\" srcset=\"https:\/\/i0.wp.com\/genevieveetbernardauxameriques.fr\/wp-content\/uploads\/2017\/03\/IMG_20170310_113925.jpg?w=540&amp;ssl=1 540w, https:\/\/i0.wp.com\/genevieveetbernardauxameriques.fr\/wp-content\/uploads\/2017\/03\/IMG_20170310_113925.jpg?resize=225%2C300&amp;ssl=1 225w\" sizes=\"(max-width: 393px) 100vw, 393px\" data-recalc-dims=\"1\" \/><\/a> <a href=\"https:\/\/i0.wp.com\/genevieveetbernardauxameriques.fr\/wp-content\/uploads\/2017\/03\/IMG_20170310_113659-e1489293940529.jpg?ssl=1\"><img loading=\"lazy\" decoding=\"async\" data-attachment-id=\"16630\" data-permalink=\"https:\/\/genevieveetbernardauxameriques.fr\/index.php\/2017\/03\/15\/la-cote-pacifique-de-puerto-lopez-a-la-frontiere-colombienne\/img_20170310_113659\/\" data-orig-file=\"https:\/\/i0.wp.com\/genevieveetbernardauxameriques.fr\/wp-content\/uploads\/2017\/03\/IMG_20170310_113659-e1489293940529.jpg?fit=401%2C471&amp;ssl=1\" data-orig-size=\"401,471\" data-comments-opened=\"1\" data-image-meta=\"{&quot;aperture&quot;:&quot;0&quot;,&quot;credit&quot;:&quot;&quot;,&quot;camera&quot;:&quot;Lenovo YT3-X50F&quot;,&quot;caption&quot;:&quot;&quot;,&quot;created_timestamp&quot;:&quot;1489145819&quot;,&quot;copyright&quot;:&quot;&quot;,&quot;focal_length&quot;:&quot;3.85&quot;,&quot;iso&quot;:&quot;224&quot;,&quot;shutter_speed&quot;:&quot;0.041666666666667&quot;,&quot;title&quot;:&quot;&quot;,&quot;orientation&quot;:&quot;0&quot;}\" data-image-title=\"IMG_20170310_113659\" data-image-description=\"\" data-image-caption=\"\" data-medium-file=\"https:\/\/i0.wp.com\/genevieveetbernardauxameriques.fr\/wp-content\/uploads\/2017\/03\/IMG_20170310_113659-e1489293940529.jpg?fit=255%2C300&amp;ssl=1\" data-large-file=\"https:\/\/i0.wp.com\/genevieveetbernardauxameriques.fr\/wp-content\/uploads\/2017\/03\/IMG_20170310_113659-e1489293940529.jpg?fit=401%2C471&amp;ssl=1\" class=\" wp-image-16630 aligncenter\" src=\"https:\/\/i0.wp.com\/genevieveetbernardauxameriques.fr\/wp-content\/uploads\/2017\/03\/IMG_20170310_113659-e1489293940529.jpg?resize=393%2C462&#038;ssl=1\" alt=\"\" width=\"393\" height=\"462\" srcset=\"https:\/\/i0.wp.com\/genevieveetbernardauxameriques.fr\/wp-content\/uploads\/2017\/03\/IMG_20170310_113659-e1489293940529.jpg?w=401&amp;ssl=1 401w, https:\/\/i0.wp.com\/genevieveetbernardauxameriques.fr\/wp-content\/uploads\/2017\/03\/IMG_20170310_113659-e1489293940529.jpg?resize=255%2C300&amp;ssl=1 255w\" sizes=\"(max-width: 393px) 100vw, 393px\" data-recalc-dims=\"1\" \/><img decoding=\"async\" class=\"aligncenter\" src=\"https:\/\/i0.wp.com\/2.bp.blogspot.com\/-p3djNcyR8VE\/VwgfZZZkPPI\/AAAAAAADCIA\/i1K3-mvchDEjsx6TeuzuFogJv03j4PSEA\/s640\/DSC04195.JPG?w=640&#038;ssl=1\" data-recalc-dims=\"1\" \/><img decoding=\"async\" class=\"aligncenter\" src=\"https:\/\/encrypted-tbn2.gstatic.com\/images?q=tbn:ANd9GcRHETH_jVLaBnzaxqcBGbBvSj6Nnc7t4C0n2kyiXOYZ7W2pc8_XxQ\" alt=\"R\u00e9sultats de recherche d'images pour \u00ab\u00a0guayasamin museum\u00a0\u00bb\" \/><\/a><\/p>\n<p><a href=\"https:\/\/i0.wp.com\/genevieveetbernardauxameriques.fr\/wp-content\/uploads\/2017\/03\/IMG_20170310_113617.jpg?ssl=1\"><img loading=\"lazy\" decoding=\"async\" data-attachment-id=\"16629\" data-permalink=\"https:\/\/genevieveetbernardauxameriques.fr\/index.php\/2017\/03\/15\/la-cote-pacifique-de-puerto-lopez-a-la-frontiere-colombienne\/img_20170310_113617\/\" data-orig-file=\"https:\/\/i0.wp.com\/genevieveetbernardauxameriques.fr\/wp-content\/uploads\/2017\/03\/IMG_20170310_113617.jpg?fit=720%2C540&amp;ssl=1\" data-orig-size=\"720,540\" data-comments-opened=\"1\" data-image-meta=\"{&quot;aperture&quot;:&quot;0&quot;,&quot;credit&quot;:&quot;&quot;,&quot;camera&quot;:&quot;Lenovo YT3-X50F&quot;,&quot;caption&quot;:&quot;&quot;,&quot;created_timestamp&quot;:&quot;1489145778&quot;,&quot;copyright&quot;:&quot;&quot;,&quot;focal_length&quot;:&quot;3.85&quot;,&quot;iso&quot;:&quot;469&quot;,&quot;shutter_speed&quot;:&quot;0.041666666666667&quot;,&quot;title&quot;:&quot;&quot;,&quot;orientation&quot;:&quot;0&quot;}\" data-image-title=\"IMG_20170310_113617\" data-image-description=\"\" data-image-caption=\"\" data-medium-file=\"https:\/\/i0.wp.com\/genevieveetbernardauxameriques.fr\/wp-content\/uploads\/2017\/03\/IMG_20170310_113617.jpg?fit=300%2C225&amp;ssl=1\" data-large-file=\"https:\/\/i0.wp.com\/genevieveetbernardauxameriques.fr\/wp-content\/uploads\/2017\/03\/IMG_20170310_113617.jpg?fit=640%2C480&amp;ssl=1\" class=\"alignnone size-full wp-image-16629\" src=\"https:\/\/i0.wp.com\/genevieveetbernardauxameriques.fr\/wp-content\/uploads\/2017\/03\/IMG_20170310_113617.jpg?resize=640%2C480&#038;ssl=1\" alt=\"\" width=\"640\" height=\"480\" srcset=\"https:\/\/i0.wp.com\/genevieveetbernardauxameriques.fr\/wp-content\/uploads\/2017\/03\/IMG_20170310_113617.jpg?w=720&amp;ssl=1 720w, https:\/\/i0.wp.com\/genevieveetbernardauxameriques.fr\/wp-content\/uploads\/2017\/03\/IMG_20170310_113617.jpg?resize=300%2C225&amp;ssl=1 300w\" sizes=\"(max-width: 640px) 100vw, 640px\" data-recalc-dims=\"1\" \/><\/a> <img decoding=\"async\" src=\"https:\/\/i0.wp.com\/enviajes.cl\/wp-content\/uploads\/2013\/10\/Que-hacer-en-Quito-Capilla-del-Hombre.jpg?w=640\" alt=\"R\u00e9sultats de recherche d'images pour \u00ab\u00a0La Capilla del Hombre\u00a0\u00bb\" data-recalc-dims=\"1\" \/><img loading=\"lazy\" decoding=\"async\" class=\"aligncenter\" src=\"https:\/\/encrypted-tbn2.gstatic.com\/images?q=tbn:ANd9GcTZaRIfSWkcRorVeTKgkm78ZpgKiFuCXrkSN1yqMU0WwEfGHhJFGg\" alt=\"R\u00e9sultats de recherche d'images pour \u00ab\u00a0La Capilla del Hombre\u00a0\u00bb\" width=\"260\" height=\"391\" \/><\/p>\n<div class=\"x_MsoNormal\"><\/div>\n<p>Apr\u00e8s cette visite passionnante, je vais rentrer en taxi.<\/p>\n<p>Nous allons d\u00e9jeuner, et l&rsquo;on commence \u00e0 ne plus du tout supporter le temps qu&rsquo;il fait en Equateur. A peine arriver, qu&rsquo;un orage \u00e9clate, une pluie diluvienne s&rsquo;abat sur la ville, le parc en quelques minutes est inond\u00e9e, \u00e0 c\u00f4t\u00e9 du camper il y a une moto \u00e0 demi sous l&rsquo;eau. On attend que cela se calme et\u00a0nous d\u00e9cidons de prendre la route et de filer sur la Colombie. Il nous reste encore un peu plus de 200 km. Mais nous nous arr\u00eaterons en cours de route tout de m\u00eame.<\/p>\n<p>Demain samedi nous\u00a0allons nous arr\u00eater au march\u00e9 d&rsquo;OTAVALO.<\/p>\n<p>On passe l&rsquo;Equateur une nouvelle fois, et l\u00e0 nous sommes vraiment au point GPS z\u00e9ro, nous sommes un peu avant <strong>CAYAMBE<\/strong><\/p>\n<p><img loading=\"lazy\" decoding=\"async\" data-attachment-id=\"16714\" data-permalink=\"https:\/\/genevieveetbernardauxameriques.fr\/index.php\/2017\/03\/15\/la-cote-pacifique-de-puerto-lopez-a-la-frontiere-colombienne\/dscn8445\/\" data-orig-file=\"https:\/\/i0.wp.com\/genevieveetbernardauxameriques.fr\/wp-content\/uploads\/2017\/03\/DSCN8445.jpg?fit=640%2C480&amp;ssl=1\" data-orig-size=\"640,480\" data-comments-opened=\"1\" data-image-meta=\"{&quot;aperture&quot;:&quot;3.5&quot;,&quot;credit&quot;:&quot;&quot;,&quot;camera&quot;:&quot;COOLPIX P900&quot;,&quot;caption&quot;:&quot;&quot;,&quot;created_timestamp&quot;:&quot;1489254796&quot;,&quot;copyright&quot;:&quot;&quot;,&quot;focal_length&quot;:&quot;14.3&quot;,&quot;iso&quot;:&quot;100&quot;,&quot;shutter_speed&quot;:&quot;0.0125&quot;,&quot;title&quot;:&quot;&quot;,&quot;orientation&quot;:&quot;1&quot;}\" data-image-title=\"DSCN8445\" data-image-description=\"\" data-image-caption=\"\" data-medium-file=\"https:\/\/i0.wp.com\/genevieveetbernardauxameriques.fr\/wp-content\/uploads\/2017\/03\/DSCN8445.jpg?fit=300%2C225&amp;ssl=1\" data-large-file=\"https:\/\/i0.wp.com\/genevieveetbernardauxameriques.fr\/wp-content\/uploads\/2017\/03\/DSCN8445.jpg?fit=640%2C480&amp;ssl=1\" class=\"wp-image-16714 aligncenter\" src=\"https:\/\/i0.wp.com\/genevieveetbernardauxameriques.fr\/wp-content\/uploads\/2017\/03\/DSCN8445.jpg?resize=439%2C329&#038;ssl=1\" alt=\"\" width=\"439\" height=\"329\" srcset=\"https:\/\/i0.wp.com\/genevieveetbernardauxameriques.fr\/wp-content\/uploads\/2017\/03\/DSCN8445.jpg?w=640&amp;ssl=1 640w, https:\/\/i0.wp.com\/genevieveetbernardauxameriques.fr\/wp-content\/uploads\/2017\/03\/DSCN8445.jpg?resize=300%2C225&amp;ssl=1 300w\" sizes=\"(max-width: 439px) 100vw, 439px\" data-recalc-dims=\"1\" \/><\/p>\n<p><img loading=\"lazy\" decoding=\"async\" data-attachment-id=\"16713\" data-permalink=\"https:\/\/genevieveetbernardauxameriques.fr\/index.php\/2017\/03\/15\/la-cote-pacifique-de-puerto-lopez-a-la-frontiere-colombienne\/dscn8444\/\" data-orig-file=\"https:\/\/i0.wp.com\/genevieveetbernardauxameriques.fr\/wp-content\/uploads\/2017\/03\/DSCN8444.jpg?fit=640%2C480&amp;ssl=1\" data-orig-size=\"640,480\" data-comments-opened=\"1\" data-image-meta=\"{&quot;aperture&quot;:&quot;3.5&quot;,&quot;credit&quot;:&quot;&quot;,&quot;camera&quot;:&quot;COOLPIX P900&quot;,&quot;caption&quot;:&quot;&quot;,&quot;created_timestamp&quot;:&quot;1489254766&quot;,&quot;copyright&quot;:&quot;&quot;,&quot;focal_length&quot;:&quot;14.3&quot;,&quot;iso&quot;:&quot;100&quot;,&quot;shutter_speed&quot;:&quot;0.003125&quot;,&quot;title&quot;:&quot;&quot;,&quot;orientation&quot;:&quot;1&quot;}\" data-image-title=\"DSCN8444\" data-image-description=\"\" data-image-caption=\"\" data-medium-file=\"https:\/\/i0.wp.com\/genevieveetbernardauxameriques.fr\/wp-content\/uploads\/2017\/03\/DSCN8444.jpg?fit=300%2C225&amp;ssl=1\" data-large-file=\"https:\/\/i0.wp.com\/genevieveetbernardauxameriques.fr\/wp-content\/uploads\/2017\/03\/DSCN8444.jpg?fit=640%2C480&amp;ssl=1\" class=\"alignnone size-full wp-image-16713\" src=\"https:\/\/i0.wp.com\/genevieveetbernardauxameriques.fr\/wp-content\/uploads\/2017\/03\/DSCN8444.jpg?resize=640%2C480&#038;ssl=1\" alt=\"\" width=\"640\" height=\"480\" srcset=\"https:\/\/i0.wp.com\/genevieveetbernardauxameriques.fr\/wp-content\/uploads\/2017\/03\/DSCN8444.jpg?w=640&amp;ssl=1 640w, https:\/\/i0.wp.com\/genevieveetbernardauxameriques.fr\/wp-content\/uploads\/2017\/03\/DSCN8444.jpg?resize=300%2C225&amp;ssl=1 300w\" sizes=\"(max-width: 640px) 100vw, 640px\" data-recalc-dims=\"1\" \/><\/p>\n<p>Nous ne pouvons nous y arr\u00eater il pleut de trop, j&rsquo;aurais aim\u00e9 prendre des photos et avoir un peu d&rsquo;explications sur ce site arch\u00e9ologique tenu par une association et qui poss\u00e8de une grande horloge et un calendrier solaire\u00a0 qui par son ombre indique, toute l\u2019ann\u00e9e, les heures.<img loading=\"lazy\" decoding=\"async\" data-attachment-id=\"16712\" data-permalink=\"https:\/\/genevieveetbernardauxameriques.fr\/index.php\/2017\/03\/15\/la-cote-pacifique-de-puerto-lopez-a-la-frontiere-colombienne\/dscn8442\/\" data-orig-file=\"https:\/\/i0.wp.com\/genevieveetbernardauxameriques.fr\/wp-content\/uploads\/2017\/03\/DSCN8442.jpg?fit=640%2C480&amp;ssl=1\" data-orig-size=\"640,480\" data-comments-opened=\"1\" data-image-meta=\"{&quot;aperture&quot;:&quot;4&quot;,&quot;credit&quot;:&quot;&quot;,&quot;camera&quot;:&quot;COOLPIX P900&quot;,&quot;caption&quot;:&quot;&quot;,&quot;created_timestamp&quot;:&quot;1489254605&quot;,&quot;copyright&quot;:&quot;&quot;,&quot;focal_length&quot;:&quot;17&quot;,&quot;iso&quot;:&quot;100&quot;,&quot;shutter_speed&quot;:&quot;0.003125&quot;,&quot;title&quot;:&quot;&quot;,&quot;orientation&quot;:&quot;1&quot;}\" data-image-title=\"DSCN8442\" data-image-description=\"\" data-image-caption=\"\" data-medium-file=\"https:\/\/i0.wp.com\/genevieveetbernardauxameriques.fr\/wp-content\/uploads\/2017\/03\/DSCN8442.jpg?fit=300%2C225&amp;ssl=1\" data-large-file=\"https:\/\/i0.wp.com\/genevieveetbernardauxameriques.fr\/wp-content\/uploads\/2017\/03\/DSCN8442.jpg?fit=640%2C480&amp;ssl=1\" class=\"alignnone size-full wp-image-16712\" src=\"https:\/\/i0.wp.com\/genevieveetbernardauxameriques.fr\/wp-content\/uploads\/2017\/03\/DSCN8442.jpg?resize=640%2C480&#038;ssl=1\" alt=\"\" width=\"640\" height=\"480\" srcset=\"https:\/\/i0.wp.com\/genevieveetbernardauxameriques.fr\/wp-content\/uploads\/2017\/03\/DSCN8442.jpg?w=640&amp;ssl=1 640w, https:\/\/i0.wp.com\/genevieveetbernardauxameriques.fr\/wp-content\/uploads\/2017\/03\/DSCN8442.jpg?resize=300%2C225&amp;ssl=1 300w\" sizes=\"(max-width: 640px) 100vw, 640px\" data-recalc-dims=\"1\" \/><\/p>\n<p>De cet axe \u00e9quatorial, c\u2019est le seul endroit de la plan\u00e8te o\u00f9 nous pouvons observer toutes les constellations de la vo\u00fbte c\u00e9leste aussi bien de l\u2019h\u00e9misph\u00e8re nord (comme la Grande Ourse) que de l\u2019h\u00e9misph\u00e8re sud (comme la Croix du Sud), mais vu le temps couvert je ne sais pas si un jour on peut voir quelque chose.<\/p>\n<p>La position de cet endroit n\u2019est pas une co\u00efncidence, au contraire, on attribue aux cultures pr\u00e9-hispaniques une profonde connaissance astronomique.\u00a0Depuis ce site, en prolongeant loin dans les montagnes, les axes des solstices de juin et de d\u00e9cembre, les arch\u00e9ologues ont retrouv\u00e9 des observatoires astronomiques inca.<\/p>\n<p>Nous bivouaquerons 300 m plus loin chez un particulier en haut de la route, qui a lui aussi une pierre inca sur son terrain qui servait de calendrier solaire.<\/p>\n<p>Valentin le papa de 75 ans, vit ici avec son fils, sa belle-fille et leurs 3 enfants. Ils sont encore \u00e0 nos petits soins, et vont nous donner des avocats, des feuilles m\u00e9dicinales, car pour l&rsquo;instant ils n&rsquo;ont que des semis dans leur terrain.<\/p>\n<p>A 19 h ils viendront nous chercher pour prendre une tisane avec la sp\u00e9cialit\u00e9 de la r\u00e9gion les bizcochos, petits g\u00e2teaux tr\u00e8s bons et du fromage frais (queso de oja) pr\u00e9sent\u00e9 individuellement comme une barre et envelopp\u00e9 dans du papier transparent.<\/p>\n<p>Nous prendrons notre douche dans leur maison.<\/p>\n<p>La vue d&rsquo;en haut, nous ne verrons encore pas le glacier de CAYAMBA, il est sous les nuages.<a href=\"https:\/\/i0.wp.com\/genevieveetbernardauxameriques.fr\/wp-content\/uploads\/2017\/03\/IMG_20170311_101134-e1489377755533.jpg?ssl=1\"><img loading=\"lazy\" decoding=\"async\" data-attachment-id=\"16716\" data-permalink=\"https:\/\/genevieveetbernardauxameriques.fr\/index.php\/2017\/03\/15\/la-cote-pacifique-de-puerto-lopez-a-la-frontiere-colombienne\/img_20170311_101134\/\" data-orig-file=\"https:\/\/i0.wp.com\/genevieveetbernardauxameriques.fr\/wp-content\/uploads\/2017\/03\/IMG_20170311_101134-e1489377755533.jpg?fit=636%2C448&amp;ssl=1\" data-orig-size=\"636,448\" data-comments-opened=\"1\" data-image-meta=\"{&quot;aperture&quot;:&quot;0&quot;,&quot;credit&quot;:&quot;&quot;,&quot;camera&quot;:&quot;Lenovo YT3-X50F&quot;,&quot;caption&quot;:&quot;&quot;,&quot;created_timestamp&quot;:&quot;1489227095&quot;,&quot;copyright&quot;:&quot;&quot;,&quot;focal_length&quot;:&quot;3.85&quot;,&quot;iso&quot;:&quot;100&quot;,&quot;shutter_speed&quot;:&quot;0.0020080321285141&quot;,&quot;title&quot;:&quot;&quot;,&quot;orientation&quot;:&quot;0&quot;}\" data-image-title=\"IMG_20170311_101134\" data-image-description=\"\" data-image-caption=\"\" data-medium-file=\"https:\/\/i0.wp.com\/genevieveetbernardauxameriques.fr\/wp-content\/uploads\/2017\/03\/IMG_20170311_101134-e1489377755533.jpg?fit=300%2C211&amp;ssl=1\" data-large-file=\"https:\/\/i0.wp.com\/genevieveetbernardauxameriques.fr\/wp-content\/uploads\/2017\/03\/IMG_20170311_101134-e1489377755533.jpg?fit=636%2C448&amp;ssl=1\" class=\"alignnone size-full wp-image-16716\" src=\"https:\/\/i0.wp.com\/genevieveetbernardauxameriques.fr\/wp-content\/uploads\/2017\/03\/IMG_20170311_101134-e1489377755533.jpg?resize=636%2C448&#038;ssl=1\" alt=\"\" width=\"636\" height=\"448\" srcset=\"https:\/\/i0.wp.com\/genevieveetbernardauxameriques.fr\/wp-content\/uploads\/2017\/03\/IMG_20170311_101134-e1489377755533.jpg?w=636&amp;ssl=1 636w, https:\/\/i0.wp.com\/genevieveetbernardauxameriques.fr\/wp-content\/uploads\/2017\/03\/IMG_20170311_101134-e1489377755533.jpg?resize=300%2C211&amp;ssl=1 300w\" sizes=\"(max-width: 636px) 100vw, 636px\" data-recalc-dims=\"1\" \/><\/a><a href=\"https:\/\/i0.wp.com\/genevieveetbernardauxameriques.fr\/wp-content\/uploads\/2017\/03\/IMG_20170311_101156-e1489377787502.jpg?ssl=1\"><img loading=\"lazy\" decoding=\"async\" data-attachment-id=\"16717\" data-permalink=\"https:\/\/genevieveetbernardauxameriques.fr\/index.php\/2017\/03\/15\/la-cote-pacifique-de-puerto-lopez-a-la-frontiere-colombienne\/img_20170311_101156\/\" data-orig-file=\"https:\/\/i0.wp.com\/genevieveetbernardauxameriques.fr\/wp-content\/uploads\/2017\/03\/IMG_20170311_101156-e1489377787502.jpg?fit=635%2C414&amp;ssl=1\" data-orig-size=\"635,414\" data-comments-opened=\"1\" data-image-meta=\"{&quot;aperture&quot;:&quot;0&quot;,&quot;credit&quot;:&quot;&quot;,&quot;camera&quot;:&quot;Lenovo YT3-X50F&quot;,&quot;caption&quot;:&quot;&quot;,&quot;created_timestamp&quot;:&quot;1489227116&quot;,&quot;copyright&quot;:&quot;&quot;,&quot;focal_length&quot;:&quot;3.85&quot;,&quot;iso&quot;:&quot;103&quot;,&quot;shutter_speed&quot;:&quot;0.00040485829959514&quot;,&quot;title&quot;:&quot;&quot;,&quot;orientation&quot;:&quot;0&quot;}\" data-image-title=\"IMG_20170311_101156\" data-image-description=\"\" data-image-caption=\"\" data-medium-file=\"https:\/\/i0.wp.com\/genevieveetbernardauxameriques.fr\/wp-content\/uploads\/2017\/03\/IMG_20170311_101156-e1489377787502.jpg?fit=300%2C196&amp;ssl=1\" data-large-file=\"https:\/\/i0.wp.com\/genevieveetbernardauxameriques.fr\/wp-content\/uploads\/2017\/03\/IMG_20170311_101156-e1489377787502.jpg?fit=635%2C414&amp;ssl=1\" class=\"alignnone size-full wp-image-16717\" src=\"https:\/\/i0.wp.com\/genevieveetbernardauxameriques.fr\/wp-content\/uploads\/2017\/03\/IMG_20170311_101156-e1489377787502.jpg?resize=635%2C414&#038;ssl=1\" alt=\"\" width=\"635\" height=\"414\" srcset=\"https:\/\/i0.wp.com\/genevieveetbernardauxameriques.fr\/wp-content\/uploads\/2017\/03\/IMG_20170311_101156-e1489377787502.jpg?w=635&amp;ssl=1 635w, https:\/\/i0.wp.com\/genevieveetbernardauxameriques.fr\/wp-content\/uploads\/2017\/03\/IMG_20170311_101156-e1489377787502.jpg?resize=300%2C196&amp;ssl=1 300w\" sizes=\"(max-width: 635px) 100vw, 635px\" data-recalc-dims=\"1\" \/><\/a><\/p>\n<p><strong>SAMEDI 11 MARS<\/strong><\/p>\n<p>Nous ne pouvons pas nous \u00e9terniser, car le march\u00e9 ne va pas nous attendre et nous avons une bonne 1\/2 h de route. Les adieux sont toujours \u00e9mouvants, on croirait qu&rsquo;ils nous connaissent depuis tr\u00e8s longtemps. Echange de mails et nous partons lorsqu&rsquo;il commence \u00e0 &#8230;.. PLEUVOIR.<\/p>\n<p><img loading=\"lazy\" decoding=\"async\" data-attachment-id=\"16718\" data-permalink=\"https:\/\/genevieveetbernardauxameriques.fr\/index.php\/2017\/03\/15\/la-cote-pacifique-de-puerto-lopez-a-la-frontiere-colombienne\/img_20170311_103444\/\" data-orig-file=\"https:\/\/i0.wp.com\/genevieveetbernardauxameriques.fr\/wp-content\/uploads\/2017\/03\/IMG_20170311_103444.jpg?fit=640%2C480&amp;ssl=1\" data-orig-size=\"640,480\" data-comments-opened=\"1\" data-image-meta=\"{&quot;aperture&quot;:&quot;0&quot;,&quot;credit&quot;:&quot;&quot;,&quot;camera&quot;:&quot;Lenovo YT3-X50F&quot;,&quot;caption&quot;:&quot;&quot;,&quot;created_timestamp&quot;:&quot;1489228484&quot;,&quot;copyright&quot;:&quot;&quot;,&quot;focal_length&quot;:&quot;3.85&quot;,&quot;iso&quot;:&quot;100&quot;,&quot;shutter_speed&quot;:&quot;0.0035460992907801&quot;,&quot;title&quot;:&quot;&quot;,&quot;orientation&quot;:&quot;0&quot;}\" data-image-title=\"IMG_20170311_103444\" data-image-description=\"\" data-image-caption=\"\" data-medium-file=\"https:\/\/i0.wp.com\/genevieveetbernardauxameriques.fr\/wp-content\/uploads\/2017\/03\/IMG_20170311_103444.jpg?fit=300%2C225&amp;ssl=1\" data-large-file=\"https:\/\/i0.wp.com\/genevieveetbernardauxameriques.fr\/wp-content\/uploads\/2017\/03\/IMG_20170311_103444.jpg?fit=640%2C480&amp;ssl=1\" class=\"alignnone size-full wp-image-16718\" src=\"https:\/\/i0.wp.com\/genevieveetbernardauxameriques.fr\/wp-content\/uploads\/2017\/03\/IMG_20170311_103444.jpg?resize=640%2C480&#038;ssl=1\" alt=\"\" width=\"640\" height=\"480\" srcset=\"https:\/\/i0.wp.com\/genevieveetbernardauxameriques.fr\/wp-content\/uploads\/2017\/03\/IMG_20170311_103444.jpg?w=640&amp;ssl=1 640w, https:\/\/i0.wp.com\/genevieveetbernardauxameriques.fr\/wp-content\/uploads\/2017\/03\/IMG_20170311_103444.jpg?resize=300%2C225&amp;ssl=1 300w\" sizes=\"(max-width: 640px) 100vw, 640px\" data-recalc-dims=\"1\" \/><\/p>\n<p>Nous arrivons \u00e0\u00a0<strong>OTAVALO<\/strong>, cette ville de 40.000 habitants accueille tous les samedis l&rsquo;un des plus importants march\u00e9s des Andes. Les indiens portent le costume traditionnel et se montrent fiers de leur apparence. Malheureusement une fois encore je ne pourrais pas sortir l&rsquo;appareil photo, sous une pluie battante, nous pouvons \u00e0 peine descendre de la voiture.<\/p>\n<p>Un moment d&rsquo;\u00e9claircies avec les grosses chaussures, le parapluie, on va aller y faire le tour, il est presque vide, tr\u00e8s peu d&rsquo;indiens, ils ont d\u00fb venir tr\u00e8s t\u00f4t. Heureusement que nous avons d\u00e9j\u00e0 vu beaucoup de march\u00e9s. Sur ces quelques photos les tenues ne sont pas particuli\u00e8res.<\/p>\n<p><a href=\"https:\/\/i0.wp.com\/genevieveetbernardauxameriques.fr\/wp-content\/uploads\/2017\/03\/IMG_20170311_142549.jpg?ssl=1\"><img loading=\"lazy\" decoding=\"async\" data-attachment-id=\"16719\" data-permalink=\"https:\/\/genevieveetbernardauxameriques.fr\/index.php\/2017\/03\/15\/la-cote-pacifique-de-puerto-lopez-a-la-frontiere-colombienne\/img_20170311_142549\/\" data-orig-file=\"https:\/\/i0.wp.com\/genevieveetbernardauxameriques.fr\/wp-content\/uploads\/2017\/03\/IMG_20170311_142549.jpg?fit=480%2C640&amp;ssl=1\" data-orig-size=\"480,640\" data-comments-opened=\"1\" data-image-meta=\"{&quot;aperture&quot;:&quot;0&quot;,&quot;credit&quot;:&quot;&quot;,&quot;camera&quot;:&quot;Lenovo YT3-X50F&quot;,&quot;caption&quot;:&quot;&quot;,&quot;created_timestamp&quot;:&quot;1489242350&quot;,&quot;copyright&quot;:&quot;&quot;,&quot;focal_length&quot;:&quot;3.85&quot;,&quot;iso&quot;:&quot;102&quot;,&quot;shutter_speed&quot;:&quot;0.016666666666667&quot;,&quot;title&quot;:&quot;&quot;,&quot;orientation&quot;:&quot;0&quot;}\" data-image-title=\"IMG_20170311_142549\" data-image-description=\"\" data-image-caption=\"\" data-medium-file=\"https:\/\/i0.wp.com\/genevieveetbernardauxameriques.fr\/wp-content\/uploads\/2017\/03\/IMG_20170311_142549.jpg?fit=225%2C300&amp;ssl=1\" data-large-file=\"https:\/\/i0.wp.com\/genevieveetbernardauxameriques.fr\/wp-content\/uploads\/2017\/03\/IMG_20170311_142549.jpg?fit=480%2C640&amp;ssl=1\" class=\"size-full wp-image-16719 aligncenter\" src=\"https:\/\/i0.wp.com\/genevieveetbernardauxameriques.fr\/wp-content\/uploads\/2017\/03\/IMG_20170311_142549.jpg?resize=480%2C640&#038;ssl=1\" alt=\"\" width=\"480\" height=\"640\" srcset=\"https:\/\/i0.wp.com\/genevieveetbernardauxameriques.fr\/wp-content\/uploads\/2017\/03\/IMG_20170311_142549.jpg?w=480&amp;ssl=1 480w, https:\/\/i0.wp.com\/genevieveetbernardauxameriques.fr\/wp-content\/uploads\/2017\/03\/IMG_20170311_142549.jpg?resize=225%2C300&amp;ssl=1 225w\" sizes=\"(max-width: 480px) 100vw, 480px\" data-recalc-dims=\"1\" \/><\/a> <a href=\"https:\/\/i0.wp.com\/genevieveetbernardauxameriques.fr\/wp-content\/uploads\/2017\/03\/IMG_20170311_142704.jpg?ssl=1\"><img loading=\"lazy\" decoding=\"async\" data-attachment-id=\"16720\" data-permalink=\"https:\/\/genevieveetbernardauxameriques.fr\/index.php\/2017\/03\/15\/la-cote-pacifique-de-puerto-lopez-a-la-frontiere-colombienne\/img_20170311_142704\/\" data-orig-file=\"https:\/\/i0.wp.com\/genevieveetbernardauxameriques.fr\/wp-content\/uploads\/2017\/03\/IMG_20170311_142704.jpg?fit=480%2C640&amp;ssl=1\" data-orig-size=\"480,640\" data-comments-opened=\"1\" data-image-meta=\"{&quot;aperture&quot;:&quot;0&quot;,&quot;credit&quot;:&quot;&quot;,&quot;camera&quot;:&quot;Lenovo YT3-X50F&quot;,&quot;caption&quot;:&quot;&quot;,&quot;created_timestamp&quot;:&quot;1489242425&quot;,&quot;copyright&quot;:&quot;&quot;,&quot;focal_length&quot;:&quot;3.85&quot;,&quot;iso&quot;:&quot;110&quot;,&quot;shutter_speed&quot;:&quot;0.02&quot;,&quot;title&quot;:&quot;&quot;,&quot;orientation&quot;:&quot;0&quot;}\" data-image-title=\"IMG_20170311_142704\" data-image-description=\"\" data-image-caption=\"\" data-medium-file=\"https:\/\/i0.wp.com\/genevieveetbernardauxameriques.fr\/wp-content\/uploads\/2017\/03\/IMG_20170311_142704.jpg?fit=225%2C300&amp;ssl=1\" data-large-file=\"https:\/\/i0.wp.com\/genevieveetbernardauxameriques.fr\/wp-content\/uploads\/2017\/03\/IMG_20170311_142704.jpg?fit=480%2C640&amp;ssl=1\" class=\"size-full wp-image-16720 aligncenter\" src=\"https:\/\/i0.wp.com\/genevieveetbernardauxameriques.fr\/wp-content\/uploads\/2017\/03\/IMG_20170311_142704.jpg?resize=480%2C640&#038;ssl=1\" alt=\"\" width=\"480\" height=\"640\" srcset=\"https:\/\/i0.wp.com\/genevieveetbernardauxameriques.fr\/wp-content\/uploads\/2017\/03\/IMG_20170311_142704.jpg?w=480&amp;ssl=1 480w, https:\/\/i0.wp.com\/genevieveetbernardauxameriques.fr\/wp-content\/uploads\/2017\/03\/IMG_20170311_142704.jpg?resize=225%2C300&amp;ssl=1 225w\" sizes=\"(max-width: 480px) 100vw, 480px\" data-recalc-dims=\"1\" \/><\/a> <a href=\"https:\/\/i0.wp.com\/genevieveetbernardauxameriques.fr\/wp-content\/uploads\/2017\/03\/IMG_20170311_142851.jpg?ssl=1\"><img loading=\"lazy\" decoding=\"async\" data-attachment-id=\"16721\" data-permalink=\"https:\/\/genevieveetbernardauxameriques.fr\/index.php\/2017\/03\/15\/la-cote-pacifique-de-puerto-lopez-a-la-frontiere-colombienne\/img_20170311_142851\/\" data-orig-file=\"https:\/\/i0.wp.com\/genevieveetbernardauxameriques.fr\/wp-content\/uploads\/2017\/03\/IMG_20170311_142851.jpg?fit=480%2C640&amp;ssl=1\" data-orig-size=\"480,640\" data-comments-opened=\"1\" data-image-meta=\"{&quot;aperture&quot;:&quot;0&quot;,&quot;credit&quot;:&quot;&quot;,&quot;camera&quot;:&quot;Lenovo YT3-X50F&quot;,&quot;caption&quot;:&quot;&quot;,&quot;created_timestamp&quot;:&quot;1489242531&quot;,&quot;copyright&quot;:&quot;&quot;,&quot;focal_length&quot;:&quot;3.85&quot;,&quot;iso&quot;:&quot;128&quot;,&quot;shutter_speed&quot;:&quot;0.03030303030303&quot;,&quot;title&quot;:&quot;&quot;,&quot;orientation&quot;:&quot;0&quot;}\" data-image-title=\"IMG_20170311_142851\" data-image-description=\"\" data-image-caption=\"\" data-medium-file=\"https:\/\/i0.wp.com\/genevieveetbernardauxameriques.fr\/wp-content\/uploads\/2017\/03\/IMG_20170311_142851.jpg?fit=225%2C300&amp;ssl=1\" data-large-file=\"https:\/\/i0.wp.com\/genevieveetbernardauxameriques.fr\/wp-content\/uploads\/2017\/03\/IMG_20170311_142851.jpg?fit=480%2C640&amp;ssl=1\" class=\"size-full wp-image-16721 aligncenter\" src=\"https:\/\/i0.wp.com\/genevieveetbernardauxameriques.fr\/wp-content\/uploads\/2017\/03\/IMG_20170311_142851.jpg?resize=480%2C640&#038;ssl=1\" alt=\"\" width=\"480\" height=\"640\" srcset=\"https:\/\/i0.wp.com\/genevieveetbernardauxameriques.fr\/wp-content\/uploads\/2017\/03\/IMG_20170311_142851.jpg?w=480&amp;ssl=1 480w, https:\/\/i0.wp.com\/genevieveetbernardauxameriques.fr\/wp-content\/uploads\/2017\/03\/IMG_20170311_142851.jpg?resize=225%2C300&amp;ssl=1 225w\" sizes=\"(max-width: 480px) 100vw, 480px\" data-recalc-dims=\"1\" \/><\/a><\/p>\n<p><a href=\"https:\/\/i0.wp.com\/genevieveetbernardauxameriques.fr\/wp-content\/uploads\/2017\/03\/IMG_20170311_143146.jpg?ssl=1\"><img loading=\"lazy\" decoding=\"async\" data-attachment-id=\"16722\" data-permalink=\"https:\/\/genevieveetbernardauxameriques.fr\/index.php\/2017\/03\/15\/la-cote-pacifique-de-puerto-lopez-a-la-frontiere-colombienne\/img_20170311_143146\/\" data-orig-file=\"https:\/\/i0.wp.com\/genevieveetbernardauxameriques.fr\/wp-content\/uploads\/2017\/03\/IMG_20170311_143146.jpg?fit=480%2C640&amp;ssl=1\" data-orig-size=\"480,640\" data-comments-opened=\"1\" data-image-meta=\"{&quot;aperture&quot;:&quot;0&quot;,&quot;credit&quot;:&quot;&quot;,&quot;camera&quot;:&quot;Lenovo YT3-X50F&quot;,&quot;caption&quot;:&quot;&quot;,&quot;created_timestamp&quot;:&quot;1489242706&quot;,&quot;copyright&quot;:&quot;&quot;,&quot;focal_length&quot;:&quot;3.85&quot;,&quot;iso&quot;:&quot;102&quot;,&quot;shutter_speed&quot;:&quot;0.016666666666667&quot;,&quot;title&quot;:&quot;&quot;,&quot;orientation&quot;:&quot;0&quot;}\" data-image-title=\"IMG_20170311_143146\" data-image-description=\"\" data-image-caption=\"\" data-medium-file=\"https:\/\/i0.wp.com\/genevieveetbernardauxameriques.fr\/wp-content\/uploads\/2017\/03\/IMG_20170311_143146.jpg?fit=225%2C300&amp;ssl=1\" data-large-file=\"https:\/\/i0.wp.com\/genevieveetbernardauxameriques.fr\/wp-content\/uploads\/2017\/03\/IMG_20170311_143146.jpg?fit=480%2C640&amp;ssl=1\" class=\"size-full wp-image-16722 aligncenter\" src=\"https:\/\/i0.wp.com\/genevieveetbernardauxameriques.fr\/wp-content\/uploads\/2017\/03\/IMG_20170311_143146.jpg?resize=480%2C640&#038;ssl=1\" alt=\"\" width=\"480\" height=\"640\" srcset=\"https:\/\/i0.wp.com\/genevieveetbernardauxameriques.fr\/wp-content\/uploads\/2017\/03\/IMG_20170311_143146.jpg?w=480&amp;ssl=1 480w, https:\/\/i0.wp.com\/genevieveetbernardauxameriques.fr\/wp-content\/uploads\/2017\/03\/IMG_20170311_143146.jpg?resize=225%2C300&amp;ssl=1 225w\" sizes=\"(max-width: 480px) 100vw, 480px\" data-recalc-dims=\"1\" \/><img loading=\"lazy\" decoding=\"async\" data-attachment-id=\"16624\" data-permalink=\"https:\/\/genevieveetbernardauxameriques.fr\/index.php\/2017\/03\/15\/la-cote-pacifique-de-puerto-lopez-a-la-frontiere-colombienne\/dscn8437\/\" data-orig-file=\"https:\/\/i0.wp.com\/genevieveetbernardauxameriques.fr\/wp-content\/uploads\/2017\/03\/DSCN8437.jpg?fit=540%2C720&amp;ssl=1\" data-orig-size=\"540,720\" data-comments-opened=\"1\" data-image-meta=\"{&quot;aperture&quot;:&quot;3.5&quot;,&quot;credit&quot;:&quot;&quot;,&quot;camera&quot;:&quot;COOLPIX P900&quot;,&quot;caption&quot;:&quot;&quot;,&quot;created_timestamp&quot;:&quot;1489010562&quot;,&quot;copyright&quot;:&quot;&quot;,&quot;focal_length&quot;:&quot;9.8&quot;,&quot;iso&quot;:&quot;250&quot;,&quot;shutter_speed&quot;:&quot;0.033333333333333&quot;,&quot;title&quot;:&quot;&quot;,&quot;orientation&quot;:&quot;1&quot;}\" data-image-title=\"DSCN8437\" data-image-description=\"\" data-image-caption=\"\" data-medium-file=\"https:\/\/i0.wp.com\/genevieveetbernardauxameriques.fr\/wp-content\/uploads\/2017\/03\/DSCN8437.jpg?fit=225%2C300&amp;ssl=1\" data-large-file=\"https:\/\/i0.wp.com\/genevieveetbernardauxameriques.fr\/wp-content\/uploads\/2017\/03\/DSCN8437.jpg?fit=540%2C720&amp;ssl=1\" class=\"size-full wp-image-16624 aligncenter\" src=\"https:\/\/i0.wp.com\/genevieveetbernardauxameriques.fr\/wp-content\/uploads\/2017\/03\/DSCN8437.jpg?resize=540%2C720&#038;ssl=1\" alt=\"\" width=\"540\" height=\"720\" srcset=\"https:\/\/i0.wp.com\/genevieveetbernardauxameriques.fr\/wp-content\/uploads\/2017\/03\/DSCN8437.jpg?w=540&amp;ssl=1 540w, https:\/\/i0.wp.com\/genevieveetbernardauxameriques.fr\/wp-content\/uploads\/2017\/03\/DSCN8437.jpg?resize=225%2C300&amp;ssl=1 225w\" sizes=\"(max-width: 540px) 100vw, 540px\" data-recalc-dims=\"1\" \/><\/a><\/p>\n<p>Nous resterons quelques heures, mais sommes tr\u00e8s d\u00e9\u00e7us.<\/p>\n<p>En route une moto d\u00e9cor\u00e9e pour un mariage, mais la mari\u00e9e est dans la voiture derri\u00e8re<\/p>\n<p><img loading=\"lazy\" decoding=\"async\" data-attachment-id=\"16715\" data-permalink=\"https:\/\/genevieveetbernardauxameriques.fr\/index.php\/2017\/03\/15\/la-cote-pacifique-de-puerto-lopez-a-la-frontiere-colombienne\/dscn8449\/\" data-orig-file=\"https:\/\/i0.wp.com\/genevieveetbernardauxameriques.fr\/wp-content\/uploads\/2017\/03\/DSCN8449.jpg?fit=640%2C480&amp;ssl=1\" data-orig-size=\"640,480\" data-comments-opened=\"1\" data-image-meta=\"{&quot;aperture&quot;:&quot;2.8&quot;,&quot;credit&quot;:&quot;&quot;,&quot;camera&quot;:&quot;COOLPIX P900&quot;,&quot;caption&quot;:&quot;&quot;,&quot;created_timestamp&quot;:&quot;1489275114&quot;,&quot;copyright&quot;:&quot;&quot;,&quot;focal_length&quot;:&quot;4.3&quot;,&quot;iso&quot;:&quot;100&quot;,&quot;shutter_speed&quot;:&quot;0.004&quot;,&quot;title&quot;:&quot;&quot;,&quot;orientation&quot;:&quot;1&quot;}\" data-image-title=\"DSCN8449\" data-image-description=\"\" data-image-caption=\"\" data-medium-file=\"https:\/\/i0.wp.com\/genevieveetbernardauxameriques.fr\/wp-content\/uploads\/2017\/03\/DSCN8449.jpg?fit=300%2C225&amp;ssl=1\" data-large-file=\"https:\/\/i0.wp.com\/genevieveetbernardauxameriques.fr\/wp-content\/uploads\/2017\/03\/DSCN8449.jpg?fit=640%2C480&amp;ssl=1\" class=\"alignnone size-full wp-image-16715\" src=\"https:\/\/i0.wp.com\/genevieveetbernardauxameriques.fr\/wp-content\/uploads\/2017\/03\/DSCN8449.jpg?resize=640%2C480&#038;ssl=1\" alt=\"\" width=\"640\" height=\"480\" srcset=\"https:\/\/i0.wp.com\/genevieveetbernardauxameriques.fr\/wp-content\/uploads\/2017\/03\/DSCN8449.jpg?w=640&amp;ssl=1 640w, https:\/\/i0.wp.com\/genevieveetbernardauxameriques.fr\/wp-content\/uploads\/2017\/03\/DSCN8449.jpg?resize=300%2C225&amp;ssl=1 300w\" sizes=\"(max-width: 640px) 100vw, 640px\" data-recalc-dims=\"1\" \/><\/p>\n<p>Nous allons jusqu&rsquo;\u00e0 Ibarra pour nous arr\u00eater au bord de la <strong>laguna Yahuarcocha<\/strong><\/p>\n<p><a href=\"https:\/\/i0.wp.com\/genevieveetbernardauxameriques.fr\/wp-content\/uploads\/2017\/03\/DSCN8457.jpg?ssl=1\"><img loading=\"lazy\" decoding=\"async\" data-attachment-id=\"16743\" data-permalink=\"https:\/\/genevieveetbernardauxameriques.fr\/index.php\/2017\/03\/25\/colombie-1ere-partie\/dscn8457\/\" data-orig-file=\"https:\/\/i0.wp.com\/genevieveetbernardauxameriques.fr\/wp-content\/uploads\/2017\/03\/DSCN8457.jpg?fit=800%2C600&amp;ssl=1\" data-orig-size=\"800,600\" data-comments-opened=\"1\" data-image-meta=\"{&quot;aperture&quot;:&quot;3.2&quot;,&quot;credit&quot;:&quot;&quot;,&quot;camera&quot;:&quot;COOLPIX P900&quot;,&quot;caption&quot;:&quot;&quot;,&quot;created_timestamp&quot;:&quot;1489435058&quot;,&quot;copyright&quot;:&quot;&quot;,&quot;focal_length&quot;:&quot;7.7&quot;,&quot;iso&quot;:&quot;100&quot;,&quot;shutter_speed&quot;:&quot;0.00125&quot;,&quot;title&quot;:&quot;&quot;,&quot;orientation&quot;:&quot;1&quot;}\" data-image-title=\"DSCN8457\" data-image-description=\"\" data-image-caption=\"\" data-medium-file=\"https:\/\/i0.wp.com\/genevieveetbernardauxameriques.fr\/wp-content\/uploads\/2017\/03\/DSCN8457.jpg?fit=300%2C225&amp;ssl=1\" data-large-file=\"https:\/\/i0.wp.com\/genevieveetbernardauxameriques.fr\/wp-content\/uploads\/2017\/03\/DSCN8457.jpg?fit=640%2C480&amp;ssl=1\" class=\"alignnone size-full wp-image-16743\" src=\"https:\/\/i0.wp.com\/genevieveetbernardauxameriques.fr\/wp-content\/uploads\/2017\/03\/DSCN8457.jpg?resize=640%2C480&#038;ssl=1\" alt=\"\" width=\"640\" height=\"480\" srcset=\"https:\/\/i0.wp.com\/genevieveetbernardauxameriques.fr\/wp-content\/uploads\/2017\/03\/DSCN8457.jpg?w=800&amp;ssl=1 800w, https:\/\/i0.wp.com\/genevieveetbernardauxameriques.fr\/wp-content\/uploads\/2017\/03\/DSCN8457.jpg?resize=300%2C225&amp;ssl=1 300w, https:\/\/i0.wp.com\/genevieveetbernardauxameriques.fr\/wp-content\/uploads\/2017\/03\/DSCN8457.jpg?resize=768%2C576&amp;ssl=1 768w\" sizes=\"(max-width: 640px) 100vw, 640px\" data-recalc-dims=\"1\" \/><\/a> <a href=\"https:\/\/i0.wp.com\/genevieveetbernardauxameriques.fr\/wp-content\/uploads\/2017\/03\/DSCN8458.jpg?ssl=1\"><img loading=\"lazy\" decoding=\"async\" data-attachment-id=\"16744\" data-permalink=\"https:\/\/genevieveetbernardauxameriques.fr\/index.php\/2017\/03\/25\/colombie-1ere-partie\/dscn8458\/\" data-orig-file=\"https:\/\/i0.wp.com\/genevieveetbernardauxameriques.fr\/wp-content\/uploads\/2017\/03\/DSCN8458.jpg?fit=800%2C600&amp;ssl=1\" data-orig-size=\"800,600\" data-comments-opened=\"1\" data-image-meta=\"{&quot;aperture&quot;:&quot;3.5&quot;,&quot;credit&quot;:&quot;&quot;,&quot;camera&quot;:&quot;COOLPIX P900&quot;,&quot;caption&quot;:&quot;&quot;,&quot;created_timestamp&quot;:&quot;1489435084&quot;,&quot;copyright&quot;:&quot;&quot;,&quot;focal_length&quot;:&quot;12.5&quot;,&quot;iso&quot;:&quot;100&quot;,&quot;shutter_speed&quot;:&quot;0.00125&quot;,&quot;title&quot;:&quot;&quot;,&quot;orientation&quot;:&quot;1&quot;}\" data-image-title=\"DSCN8458\" data-image-description=\"\" data-image-caption=\"\" data-medium-file=\"https:\/\/i0.wp.com\/genevieveetbernardauxameriques.fr\/wp-content\/uploads\/2017\/03\/DSCN8458.jpg?fit=300%2C225&amp;ssl=1\" data-large-file=\"https:\/\/i0.wp.com\/genevieveetbernardauxameriques.fr\/wp-content\/uploads\/2017\/03\/DSCN8458.jpg?fit=640%2C480&amp;ssl=1\" class=\"alignnone size-full wp-image-16744\" src=\"https:\/\/i0.wp.com\/genevieveetbernardauxameriques.fr\/wp-content\/uploads\/2017\/03\/DSCN8458.jpg?resize=640%2C480&#038;ssl=1\" alt=\"\" width=\"640\" height=\"480\" srcset=\"https:\/\/i0.wp.com\/genevieveetbernardauxameriques.fr\/wp-content\/uploads\/2017\/03\/DSCN8458.jpg?w=800&amp;ssl=1 800w, https:\/\/i0.wp.com\/genevieveetbernardauxameriques.fr\/wp-content\/uploads\/2017\/03\/DSCN8458.jpg?resize=300%2C225&amp;ssl=1 300w, https:\/\/i0.wp.com\/genevieveetbernardauxameriques.fr\/wp-content\/uploads\/2017\/03\/DSCN8458.jpg?resize=768%2C576&amp;ssl=1 768w\" sizes=\"(max-width: 640px) 100vw, 640px\" data-recalc-dims=\"1\" \/><\/a> <a href=\"https:\/\/i0.wp.com\/genevieveetbernardauxameriques.fr\/wp-content\/uploads\/2017\/03\/DSCN8463.jpg?ssl=1\"><img loading=\"lazy\" decoding=\"async\" data-attachment-id=\"16745\" data-permalink=\"https:\/\/genevieveetbernardauxameriques.fr\/index.php\/2017\/03\/25\/colombie-1ere-partie\/dscn8463\/\" data-orig-file=\"https:\/\/i0.wp.com\/genevieveetbernardauxameriques.fr\/wp-content\/uploads\/2017\/03\/DSCN8463.jpg?fit=800%2C600&amp;ssl=1\" data-orig-size=\"800,600\" data-comments-opened=\"1\" data-image-meta=\"{&quot;aperture&quot;:&quot;4.5&quot;,&quot;credit&quot;:&quot;&quot;,&quot;camera&quot;:&quot;COOLPIX P900&quot;,&quot;caption&quot;:&quot;&quot;,&quot;created_timestamp&quot;:&quot;1489435275&quot;,&quot;copyright&quot;:&quot;&quot;,&quot;focal_length&quot;:&quot;46.4&quot;,&quot;iso&quot;:&quot;100&quot;,&quot;shutter_speed&quot;:&quot;0.005&quot;,&quot;title&quot;:&quot;&quot;,&quot;orientation&quot;:&quot;1&quot;}\" data-image-title=\"DSCN8463\" data-image-description=\"\" data-image-caption=\"\" data-medium-file=\"https:\/\/i0.wp.com\/genevieveetbernardauxameriques.fr\/wp-content\/uploads\/2017\/03\/DSCN8463.jpg?fit=300%2C225&amp;ssl=1\" data-large-file=\"https:\/\/i0.wp.com\/genevieveetbernardauxameriques.fr\/wp-content\/uploads\/2017\/03\/DSCN8463.jpg?fit=640%2C480&amp;ssl=1\" class=\"alignnone size-full wp-image-16745\" src=\"https:\/\/i0.wp.com\/genevieveetbernardauxameriques.fr\/wp-content\/uploads\/2017\/03\/DSCN8463.jpg?resize=640%2C480&#038;ssl=1\" alt=\"\" width=\"640\" height=\"480\" srcset=\"https:\/\/i0.wp.com\/genevieveetbernardauxameriques.fr\/wp-content\/uploads\/2017\/03\/DSCN8463.jpg?w=800&amp;ssl=1 800w, https:\/\/i0.wp.com\/genevieveetbernardauxameriques.fr\/wp-content\/uploads\/2017\/03\/DSCN8463.jpg?resize=300%2C225&amp;ssl=1 300w, https:\/\/i0.wp.com\/genevieveetbernardauxameriques.fr\/wp-content\/uploads\/2017\/03\/DSCN8463.jpg?resize=768%2C576&amp;ssl=1 768w\" sizes=\"(max-width: 640px) 100vw, 640px\" data-recalc-dims=\"1\" \/><\/a> <a href=\"https:\/\/i0.wp.com\/genevieveetbernardauxameriques.fr\/wp-content\/uploads\/2017\/03\/DSCN8465.jpg?ssl=1\"><img loading=\"lazy\" decoding=\"async\" data-attachment-id=\"16746\" data-permalink=\"https:\/\/genevieveetbernardauxameriques.fr\/index.php\/2017\/03\/25\/colombie-1ere-partie\/dscn8465\/\" data-orig-file=\"https:\/\/i0.wp.com\/genevieveetbernardauxameriques.fr\/wp-content\/uploads\/2017\/03\/DSCN8465.jpg?fit=800%2C600&amp;ssl=1\" data-orig-size=\"800,600\" data-comments-opened=\"1\" data-image-meta=\"{&quot;aperture&quot;:&quot;5&quot;,&quot;credit&quot;:&quot;&quot;,&quot;camera&quot;:&quot;COOLPIX P900&quot;,&quot;caption&quot;:&quot;&quot;,&quot;created_timestamp&quot;:&quot;1489435288&quot;,&quot;copyright&quot;:&quot;&quot;,&quot;focal_length&quot;:&quot;62.5&quot;,&quot;iso&quot;:&quot;100&quot;,&quot;shutter_speed&quot;:&quot;0.005&quot;,&quot;title&quot;:&quot;&quot;,&quot;orientation&quot;:&quot;1&quot;}\" data-image-title=\"DSCN8465\" data-image-description=\"\" data-image-caption=\"\" data-medium-file=\"https:\/\/i0.wp.com\/genevieveetbernardauxameriques.fr\/wp-content\/uploads\/2017\/03\/DSCN8465.jpg?fit=300%2C225&amp;ssl=1\" data-large-file=\"https:\/\/i0.wp.com\/genevieveetbernardauxameriques.fr\/wp-content\/uploads\/2017\/03\/DSCN8465.jpg?fit=640%2C480&amp;ssl=1\" class=\"alignnone size-full wp-image-16746\" src=\"https:\/\/i0.wp.com\/genevieveetbernardauxameriques.fr\/wp-content\/uploads\/2017\/03\/DSCN8465.jpg?resize=640%2C480&#038;ssl=1\" alt=\"\" width=\"640\" height=\"480\" srcset=\"https:\/\/i0.wp.com\/genevieveetbernardauxameriques.fr\/wp-content\/uploads\/2017\/03\/DSCN8465.jpg?w=800&amp;ssl=1 800w, https:\/\/i0.wp.com\/genevieveetbernardauxameriques.fr\/wp-content\/uploads\/2017\/03\/DSCN8465.jpg?resize=300%2C225&amp;ssl=1 300w, https:\/\/i0.wp.com\/genevieveetbernardauxameriques.fr\/wp-content\/uploads\/2017\/03\/DSCN8465.jpg?resize=768%2C576&amp;ssl=1 768w\" sizes=\"(max-width: 640px) 100vw, 640px\" data-recalc-dims=\"1\" \/><\/a> <a href=\"https:\/\/i0.wp.com\/genevieveetbernardauxameriques.fr\/wp-content\/uploads\/2017\/03\/DSCN8466.jpg?ssl=1\"><img loading=\"lazy\" decoding=\"async\" data-attachment-id=\"16747\" data-permalink=\"https:\/\/genevieveetbernardauxameriques.fr\/index.php\/2017\/03\/25\/colombie-1ere-partie\/dscn8466\/\" data-orig-file=\"https:\/\/i0.wp.com\/genevieveetbernardauxameriques.fr\/wp-content\/uploads\/2017\/03\/DSCN8466.jpg?fit=800%2C600&amp;ssl=1\" data-orig-size=\"800,600\" data-comments-opened=\"1\" data-image-meta=\"{&quot;aperture&quot;:&quot;6.3&quot;,&quot;credit&quot;:&quot;&quot;,&quot;camera&quot;:&quot;COOLPIX P900&quot;,&quot;caption&quot;:&quot;&quot;,&quot;created_timestamp&quot;:&quot;1489435333&quot;,&quot;copyright&quot;:&quot;&quot;,&quot;focal_length&quot;:&quot;250&quot;,&quot;iso&quot;:&quot;220&quot;,&quot;shutter_speed&quot;:&quot;0.002&quot;,&quot;title&quot;:&quot;&quot;,&quot;orientation&quot;:&quot;1&quot;}\" data-image-title=\"DSCN8466\" data-image-description=\"\" data-image-caption=\"\" data-medium-file=\"https:\/\/i0.wp.com\/genevieveetbernardauxameriques.fr\/wp-content\/uploads\/2017\/03\/DSCN8466.jpg?fit=300%2C225&amp;ssl=1\" data-large-file=\"https:\/\/i0.wp.com\/genevieveetbernardauxameriques.fr\/wp-content\/uploads\/2017\/03\/DSCN8466.jpg?fit=640%2C480&amp;ssl=1\" class=\"alignnone size-full wp-image-16747\" src=\"https:\/\/i0.wp.com\/genevieveetbernardauxameriques.fr\/wp-content\/uploads\/2017\/03\/DSCN8466.jpg?resize=640%2C480&#038;ssl=1\" alt=\"\" width=\"640\" height=\"480\" srcset=\"https:\/\/i0.wp.com\/genevieveetbernardauxameriques.fr\/wp-content\/uploads\/2017\/03\/DSCN8466.jpg?w=800&amp;ssl=1 800w, https:\/\/i0.wp.com\/genevieveetbernardauxameriques.fr\/wp-content\/uploads\/2017\/03\/DSCN8466.jpg?resize=300%2C225&amp;ssl=1 300w, https:\/\/i0.wp.com\/genevieveetbernardauxameriques.fr\/wp-content\/uploads\/2017\/03\/DSCN8466.jpg?resize=768%2C576&amp;ssl=1 768w\" sizes=\"(max-width: 640px) 100vw, 640px\" data-recalc-dims=\"1\" \/><\/a><\/p>\n<p><strong>DIMANCHE 12 MARS 2017<\/strong><\/p>\n<p>Nous resterons tranquillement sur le camping Sommmerwind tenu par des allemands, il y a tout le confort. Je terminerais mon blog. Il a plu par intermittence.<\/p>\n<p><a href=\"https:\/\/i0.wp.com\/genevieveetbernardauxameriques.fr\/wp-content\/uploads\/2017\/03\/IMG_20170313_102042.jpg?ssl=1\"><img loading=\"lazy\" decoding=\"async\" data-attachment-id=\"17219\" data-permalink=\"https:\/\/genevieveetbernardauxameriques.fr\/index.php\/2017\/03\/25\/colombie-1ere-partie\/img_20170313_102042\/\" data-orig-file=\"https:\/\/i0.wp.com\/genevieveetbernardauxameriques.fr\/wp-content\/uploads\/2017\/03\/IMG_20170313_102042.jpg?fit=640%2C480&amp;ssl=1\" data-orig-size=\"640,480\" data-comments-opened=\"1\" data-image-meta=\"{&quot;aperture&quot;:&quot;0&quot;,&quot;credit&quot;:&quot;&quot;,&quot;camera&quot;:&quot;Lenovo YT3-X50F&quot;,&quot;caption&quot;:&quot;&quot;,&quot;created_timestamp&quot;:&quot;1489400443&quot;,&quot;copyright&quot;:&quot;&quot;,&quot;focal_length&quot;:&quot;3.85&quot;,&quot;iso&quot;:&quot;100&quot;,&quot;shutter_speed&quot;:&quot;0.00040485829959514&quot;,&quot;title&quot;:&quot;&quot;,&quot;orientation&quot;:&quot;0&quot;}\" data-image-title=\"IMG_20170313_102042\" data-image-description=\"\" data-image-caption=\"\" data-medium-file=\"https:\/\/i0.wp.com\/genevieveetbernardauxameriques.fr\/wp-content\/uploads\/2017\/03\/IMG_20170313_102042.jpg?fit=300%2C225&amp;ssl=1\" data-large-file=\"https:\/\/i0.wp.com\/genevieveetbernardauxameriques.fr\/wp-content\/uploads\/2017\/03\/IMG_20170313_102042.jpg?fit=640%2C480&amp;ssl=1\" class=\"alignnone size-full wp-image-17219\" src=\"https:\/\/i0.wp.com\/genevieveetbernardauxameriques.fr\/wp-content\/uploads\/2017\/03\/IMG_20170313_102042.jpg?resize=640%2C480&#038;ssl=1\" alt=\"\" width=\"640\" height=\"480\" srcset=\"https:\/\/i0.wp.com\/genevieveetbernardauxameriques.fr\/wp-content\/uploads\/2017\/03\/IMG_20170313_102042.jpg?w=640&amp;ssl=1 640w, https:\/\/i0.wp.com\/genevieveetbernardauxameriques.fr\/wp-content\/uploads\/2017\/03\/IMG_20170313_102042.jpg?resize=300%2C225&amp;ssl=1 300w\" sizes=\"(max-width: 640px) 100vw, 640px\" data-recalc-dims=\"1\" \/><\/a> <a href=\"https:\/\/i0.wp.com\/genevieveetbernardauxameriques.fr\/wp-content\/uploads\/2017\/03\/IMG_20170313_102101.jpg?ssl=1\"><img loading=\"lazy\" decoding=\"async\" data-attachment-id=\"17220\" data-permalink=\"https:\/\/genevieveetbernardauxameriques.fr\/index.php\/2017\/03\/25\/colombie-1ere-partie\/img_20170313_102101\/\" data-orig-file=\"https:\/\/i0.wp.com\/genevieveetbernardauxameriques.fr\/wp-content\/uploads\/2017\/03\/IMG_20170313_102101.jpg?fit=640%2C480&amp;ssl=1\" data-orig-size=\"640,480\" data-comments-opened=\"1\" data-image-meta=\"{&quot;aperture&quot;:&quot;0&quot;,&quot;credit&quot;:&quot;&quot;,&quot;camera&quot;:&quot;Lenovo YT3-X50F&quot;,&quot;caption&quot;:&quot;&quot;,&quot;created_timestamp&quot;:&quot;1489400462&quot;,&quot;copyright&quot;:&quot;&quot;,&quot;focal_length&quot;:&quot;3.85&quot;,&quot;iso&quot;:&quot;100&quot;,&quot;shutter_speed&quot;:&quot;0.0024752475247525&quot;,&quot;title&quot;:&quot;&quot;,&quot;orientation&quot;:&quot;0&quot;}\" data-image-title=\"IMG_20170313_102101\" data-image-description=\"\" data-image-caption=\"\" data-medium-file=\"https:\/\/i0.wp.com\/genevieveetbernardauxameriques.fr\/wp-content\/uploads\/2017\/03\/IMG_20170313_102101.jpg?fit=300%2C225&amp;ssl=1\" data-large-file=\"https:\/\/i0.wp.com\/genevieveetbernardauxameriques.fr\/wp-content\/uploads\/2017\/03\/IMG_20170313_102101.jpg?fit=640%2C480&amp;ssl=1\" class=\"alignnone size-full wp-image-17220\" src=\"https:\/\/i0.wp.com\/genevieveetbernardauxameriques.fr\/wp-content\/uploads\/2017\/03\/IMG_20170313_102101.jpg?resize=640%2C480&#038;ssl=1\" alt=\"\" width=\"640\" height=\"480\" srcset=\"https:\/\/i0.wp.com\/genevieveetbernardauxameriques.fr\/wp-content\/uploads\/2017\/03\/IMG_20170313_102101.jpg?w=640&amp;ssl=1 640w, https:\/\/i0.wp.com\/genevieveetbernardauxameriques.fr\/wp-content\/uploads\/2017\/03\/IMG_20170313_102101.jpg?resize=300%2C225&amp;ssl=1 300w\" sizes=\"(max-width: 640px) 100vw, 640px\" data-recalc-dims=\"1\" \/><\/a><\/p>\n<p><strong>LUNDI 13 MARS 2017<\/strong><\/p>\n<p>Nous partons pour la fronti\u00e8re Colombienne et nous ne chercherons plus \u00e0 nous arr\u00eater on veut quitter l&rsquo;Equateur, il y fait trop mauvais temps.<\/p>\n<p>&nbsp;<\/p>\n<p>&nbsp;<\/p>\n<p>&nbsp;<\/p>\n","protected":false},"excerpt":{"rendered":"<p>Fin de l&rsquo;EQUATEUR Nous avons fait 5500 kms Nous sommes rentr\u00e9s le 17 janvier et le quittons le 13 mars 2017 Une fois encore nous avons \u00e9t\u00e9 enchant\u00e9s par l&rsquo;accueil de la population, par contre tr\u00e8s d\u00e9\u00e7us par le temps, &hellip; <a href=\"https:\/\/genevieveetbernardauxameriques.fr\/index.php\/2017\/03\/15\/la-cote-pacifique-de-puerto-lopez-a-la-frontiere-colombienne\/\">Continuer la lecture <span class=\"meta-nav\">&rarr;<\/span><\/a><\/p>\n","protected":false},"author":1,"featured_media":0,"comment_status":"open","ping_status":"open","sticky":false,"template":"","format":"standard","meta":{"jetpack_post_was_ever_published":false,"_jetpack_newsletter_access":"","_jetpack_dont_email_post_to_subs":true,"_jetpack_newsletter_tier_id":0,"_jetpack_memberships_contains_paywalled_content":false,"_jetpack_memberships_contains_paid_content":false,"footnotes":""},"categories":[97],"tags":[108,110,111,112,115,114,109,117,113,107,116],"jetpack_featured_media_url":"","jetpack_sharing_enabled":true,"jetpack_shortlink":"https:\/\/wp.me\/p7hALO-4fd","_links":{"self":[{"href":"https:\/\/genevieveetbernardauxameriques.fr\/index.php\/wp-json\/wp\/v2\/posts\/16319"}],"collection":[{"href":"https:\/\/genevieveetbernardauxameriques.fr\/index.php\/wp-json\/wp\/v2\/posts"}],"about":[{"href":"https:\/\/genevieveetbernardauxameriques.fr\/index.php\/wp-json\/wp\/v2\/types\/post"}],"author":[{"embeddable":true,"href":"https:\/\/genevieveetbernardauxameriques.fr\/index.php\/wp-json\/wp\/v2\/users\/1"}],"replies":[{"embeddable":true,"href":"https:\/\/genevieveetbernardauxameriques.fr\/index.php\/wp-json\/wp\/v2\/comments?post=16319"}],"version-history":[{"count":48,"href":"https:\/\/genevieveetbernardauxameriques.fr\/index.php\/wp-json\/wp\/v2\/posts\/16319\/revisions"}],"predecessor-version":[{"id":44168,"href":"https:\/\/genevieveetbernardauxameriques.fr\/index.php\/wp-json\/wp\/v2\/posts\/16319\/revisions\/44168"}],"wp:attachment":[{"href":"https:\/\/genevieveetbernardauxameriques.fr\/index.php\/wp-json\/wp\/v2\/media?parent=16319"}],"wp:term":[{"taxonomy":"category","embeddable":true,"href":"https:\/\/genevieveetbernardauxameriques.fr\/index.php\/wp-json\/wp\/v2\/categories?post=16319"},{"taxonomy":"post_tag","embeddable":true,"href":"https:\/\/genevieveetbernardauxameriques.fr\/index.php\/wp-json\/wp\/v2\/tags?post=16319"}],"curies":[{"name":"wp","href":"https:\/\/api.w.org\/{rel}","templated":true}]}}