{"id":17235,"date":"2017-04-06T21:05:59","date_gmt":"2017-04-06T20:05:59","guid":{"rendered":"http:\/\/genevieveetbernardauxameriques.fr\/?p=17235"},"modified":"2020-04-10T15:57:10","modified_gmt":"2020-04-10T14:57:10","slug":"colombie-2eme-article-la-route-du-cafe","status":"publish","type":"post","link":"https:\/\/genevieveetbernardauxameriques.fr\/index.php\/2017\/04\/06\/colombie-2eme-article-la-route-du-cafe\/","title":{"rendered":"COLOMBIE &#8211; 2\u00e8me article &#8211; LA ROUTE DU CAFE"},"content":{"rendered":"<p><a href=\"https:\/\/i0.wp.com\/genevieveetbernardauxameriques.fr\/wp-content\/uploads\/2017\/04\/IMG_20170404_184404.jpg?ssl=1\"><img loading=\"lazy\" decoding=\"async\" data-attachment-id=\"17863\" data-permalink=\"https:\/\/genevieveetbernardauxameriques.fr\/index.php\/2017\/04\/06\/colombie-2eme-article-la-route-du-cafe\/img_20170404_184404\/\" data-orig-file=\"https:\/\/i0.wp.com\/genevieveetbernardauxameriques.fr\/wp-content\/uploads\/2017\/04\/IMG_20170404_184404.jpg?fit=1944%2C2592&amp;ssl=1\" data-orig-size=\"1944,2592\" data-comments-opened=\"1\" data-image-meta=\"{&quot;aperture&quot;:&quot;0&quot;,&quot;credit&quot;:&quot;&quot;,&quot;camera&quot;:&quot;Lenovo YT3-X50F&quot;,&quot;caption&quot;:&quot;&quot;,&quot;created_timestamp&quot;:&quot;1491331445&quot;,&quot;copyright&quot;:&quot;&quot;,&quot;focal_length&quot;:&quot;3.85&quot;,&quot;iso&quot;:&quot;1122&quot;,&quot;shutter_speed&quot;:&quot;0.083333333333333&quot;,&quot;title&quot;:&quot;&quot;,&quot;orientation&quot;:&quot;0&quot;}\" data-image-title=\"IMG_20170404_184404\" data-image-description=\"\" data-image-caption=\"\" data-medium-file=\"https:\/\/i0.wp.com\/genevieveetbernardauxameriques.fr\/wp-content\/uploads\/2017\/04\/IMG_20170404_184404.jpg?fit=225%2C300&amp;ssl=1\" data-large-file=\"https:\/\/i0.wp.com\/genevieveetbernardauxameriques.fr\/wp-content\/uploads\/2017\/04\/IMG_20170404_184404.jpg?fit=640%2C853&amp;ssl=1\" class=\"alignnone wp-image-17863\" src=\"https:\/\/i0.wp.com\/genevieveetbernardauxameriques.fr\/wp-content\/uploads\/2017\/04\/IMG_20170404_184404.jpg?resize=466%2C621&#038;ssl=1\" alt=\"\" width=\"466\" height=\"621\" srcset=\"https:\/\/i0.wp.com\/genevieveetbernardauxameriques.fr\/wp-content\/uploads\/2017\/04\/IMG_20170404_184404.jpg?resize=768%2C1024&amp;ssl=1 768w, https:\/\/i0.wp.com\/genevieveetbernardauxameriques.fr\/wp-content\/uploads\/2017\/04\/IMG_20170404_184404.jpg?resize=225%2C300&amp;ssl=1 225w, https:\/\/i0.wp.com\/genevieveetbernardauxameriques.fr\/wp-content\/uploads\/2017\/04\/IMG_20170404_184404.jpg?w=1944&amp;ssl=1 1944w, https:\/\/i0.wp.com\/genevieveetbernardauxameriques.fr\/wp-content\/uploads\/2017\/04\/IMG_20170404_184404.jpg?w=1280&amp;ssl=1 1280w\" sizes=\"(max-width: 466px) 100vw, 466px\" data-recalc-dims=\"1\" \/><\/a><\/p>\n<p><strong>JEUDI \u00a023 MARS 2017<\/strong><\/p>\n<p>Nous venons donc de quitter le D\u00e9sert de TATACOA (sur la carte juste apr\u00e8s Neiva, vers Baraya)<\/p>\n<p>Nous allons faire un arr\u00eat pour la nuit sur une station essence juste \u00e0 l&rsquo;entr\u00e9e de SALDANA. Sur la route il est assez difficile de se garer \u00a0pour passer la nuit et les petits villages ne nous paraissent pas tr\u00e8s encourageants.<!--more--><\/p>\n<p>Nous continuons notre chemin, un arr\u00eat dans une petite ville, pour faire le plein de monnaie dans un DAB.<\/p>\n<p><a href=\"https:\/\/i0.wp.com\/genevieveetbernardauxameriques.fr\/wp-content\/uploads\/2017\/03\/DSCN9285.jpg?ssl=1\"><img loading=\"lazy\" decoding=\"async\" data-attachment-id=\"17237\" data-permalink=\"https:\/\/genevieveetbernardauxameriques.fr\/index.php\/2017\/04\/06\/colombie-2eme-article-la-route-du-cafe\/dscn9285\/\" data-orig-file=\"https:\/\/i0.wp.com\/genevieveetbernardauxameriques.fr\/wp-content\/uploads\/2017\/03\/DSCN9285.jpg?fit=720%2C540&amp;ssl=1\" data-orig-size=\"720,540\" data-comments-opened=\"1\" data-image-meta=\"{&quot;aperture&quot;:&quot;3.2&quot;,&quot;credit&quot;:&quot;&quot;,&quot;camera&quot;:&quot;COOLPIX P900&quot;,&quot;caption&quot;:&quot;&quot;,&quot;created_timestamp&quot;:&quot;1490303021&quot;,&quot;copyright&quot;:&quot;&quot;,&quot;focal_length&quot;:&quot;6.2&quot;,&quot;iso&quot;:&quot;100&quot;,&quot;shutter_speed&quot;:&quot;0.00125&quot;,&quot;title&quot;:&quot;&quot;,&quot;orientation&quot;:&quot;1&quot;}\" data-image-title=\"DSCN9285\" data-image-description=\"\" data-image-caption=\"\" data-medium-file=\"https:\/\/i0.wp.com\/genevieveetbernardauxameriques.fr\/wp-content\/uploads\/2017\/03\/DSCN9285.jpg?fit=300%2C225&amp;ssl=1\" data-large-file=\"https:\/\/i0.wp.com\/genevieveetbernardauxameriques.fr\/wp-content\/uploads\/2017\/03\/DSCN9285.jpg?fit=640%2C480&amp;ssl=1\" class=\"alignnone wp-image-17237\" src=\"https:\/\/i0.wp.com\/genevieveetbernardauxameriques.fr\/wp-content\/uploads\/2017\/03\/DSCN9285.jpg?resize=527%2C395&#038;ssl=1\" alt=\"\" width=\"527\" height=\"395\" srcset=\"https:\/\/i0.wp.com\/genevieveetbernardauxameriques.fr\/wp-content\/uploads\/2017\/03\/DSCN9285.jpg?w=720&amp;ssl=1 720w, https:\/\/i0.wp.com\/genevieveetbernardauxameriques.fr\/wp-content\/uploads\/2017\/03\/DSCN9285.jpg?resize=300%2C225&amp;ssl=1 300w\" sizes=\"(max-width: 527px) 100vw, 527px\" data-recalc-dims=\"1\" \/><\/a><\/p>\n<p>Nous terminons les routes droites et plates et on va s&rsquo;engager dans la montagne et entrer dans la r\u00e9gion du caf\u00e9.<\/p>\n<p>&nbsp;<\/p>\n<p><img loading=\"lazy\" decoding=\"async\" data-attachment-id=\"17238\" data-permalink=\"https:\/\/genevieveetbernardauxameriques.fr\/index.php\/2017\/04\/06\/colombie-2eme-article-la-route-du-cafe\/dscn9287\/\" data-orig-file=\"https:\/\/i0.wp.com\/genevieveetbernardauxameriques.fr\/wp-content\/uploads\/2017\/03\/DSCN9287.jpg?fit=720%2C540&amp;ssl=1\" data-orig-size=\"720,540\" data-comments-opened=\"1\" data-image-meta=\"{&quot;aperture&quot;:&quot;4&quot;,&quot;credit&quot;:&quot;&quot;,&quot;camera&quot;:&quot;COOLPIX P900&quot;,&quot;caption&quot;:&quot;&quot;,&quot;created_timestamp&quot;:&quot;1490303502&quot;,&quot;copyright&quot;:&quot;&quot;,&quot;focal_length&quot;:&quot;18.7&quot;,&quot;iso&quot;:&quot;100&quot;,&quot;shutter_speed&quot;:&quot;0.00625&quot;,&quot;title&quot;:&quot;&quot;,&quot;orientation&quot;:&quot;1&quot;}\" data-image-title=\"DSCN9287\" data-image-description=\"\" data-image-caption=\"\" data-medium-file=\"https:\/\/i0.wp.com\/genevieveetbernardauxameriques.fr\/wp-content\/uploads\/2017\/03\/DSCN9287.jpg?fit=300%2C225&amp;ssl=1\" data-large-file=\"https:\/\/i0.wp.com\/genevieveetbernardauxameriques.fr\/wp-content\/uploads\/2017\/03\/DSCN9287.jpg?fit=640%2C480&amp;ssl=1\" class=\"alignnone size-full wp-image-17238\" src=\"https:\/\/i0.wp.com\/genevieveetbernardauxameriques.fr\/wp-content\/uploads\/2017\/03\/DSCN9287.jpg?resize=640%2C480&#038;ssl=1\" alt=\"\" width=\"640\" height=\"480\" srcset=\"https:\/\/i0.wp.com\/genevieveetbernardauxameriques.fr\/wp-content\/uploads\/2017\/03\/DSCN9287.jpg?w=720&amp;ssl=1 720w, https:\/\/i0.wp.com\/genevieveetbernardauxameriques.fr\/wp-content\/uploads\/2017\/03\/DSCN9287.jpg?resize=300%2C225&amp;ssl=1 300w\" sizes=\"(max-width: 640px) 100vw, 640px\" data-recalc-dims=\"1\" \/> <img loading=\"lazy\" decoding=\"async\" data-attachment-id=\"17239\" data-permalink=\"https:\/\/genevieveetbernardauxameriques.fr\/index.php\/2017\/04\/06\/colombie-2eme-article-la-route-du-cafe\/dscn9288\/\" data-orig-file=\"https:\/\/i0.wp.com\/genevieveetbernardauxameriques.fr\/wp-content\/uploads\/2017\/03\/DSCN9288.jpg?fit=720%2C540&amp;ssl=1\" data-orig-size=\"720,540\" data-comments-opened=\"1\" data-image-meta=\"{&quot;aperture&quot;:&quot;2.8&quot;,&quot;credit&quot;:&quot;&quot;,&quot;camera&quot;:&quot;COOLPIX P900&quot;,&quot;caption&quot;:&quot;&quot;,&quot;created_timestamp&quot;:&quot;1490303566&quot;,&quot;copyright&quot;:&quot;&quot;,&quot;focal_length&quot;:&quot;4.3&quot;,&quot;iso&quot;:&quot;100&quot;,&quot;shutter_speed&quot;:&quot;0.0025&quot;,&quot;title&quot;:&quot;&quot;,&quot;orientation&quot;:&quot;1&quot;}\" data-image-title=\"DSCN9288\" data-image-description=\"\" data-image-caption=\"\" data-medium-file=\"https:\/\/i0.wp.com\/genevieveetbernardauxameriques.fr\/wp-content\/uploads\/2017\/03\/DSCN9288.jpg?fit=300%2C225&amp;ssl=1\" data-large-file=\"https:\/\/i0.wp.com\/genevieveetbernardauxameriques.fr\/wp-content\/uploads\/2017\/03\/DSCN9288.jpg?fit=640%2C480&amp;ssl=1\" class=\"alignnone size-full wp-image-17239\" src=\"https:\/\/i0.wp.com\/genevieveetbernardauxameriques.fr\/wp-content\/uploads\/2017\/03\/DSCN9288.jpg?resize=640%2C480&#038;ssl=1\" alt=\"\" width=\"640\" height=\"480\" srcset=\"https:\/\/i0.wp.com\/genevieveetbernardauxameriques.fr\/wp-content\/uploads\/2017\/03\/DSCN9288.jpg?w=720&amp;ssl=1 720w, https:\/\/i0.wp.com\/genevieveetbernardauxameriques.fr\/wp-content\/uploads\/2017\/03\/DSCN9288.jpg?resize=300%2C225&amp;ssl=1 300w\" sizes=\"(max-width: 640px) 100vw, 640px\" data-recalc-dims=\"1\" \/><\/p>\n<p><img loading=\"lazy\" decoding=\"async\" data-attachment-id=\"17251\" data-permalink=\"https:\/\/genevieveetbernardauxameriques.fr\/index.php\/2017\/04\/06\/colombie-2eme-article-la-route-du-cafe\/dscn9310\/\" data-orig-file=\"https:\/\/i0.wp.com\/genevieveetbernardauxameriques.fr\/wp-content\/uploads\/2017\/03\/DSCN9310.jpg?fit=720%2C540&amp;ssl=1\" data-orig-size=\"720,540\" data-comments-opened=\"1\" data-image-meta=\"{&quot;aperture&quot;:&quot;2.8&quot;,&quot;credit&quot;:&quot;&quot;,&quot;camera&quot;:&quot;COOLPIX P900&quot;,&quot;caption&quot;:&quot;&quot;,&quot;created_timestamp&quot;:&quot;1490381786&quot;,&quot;copyright&quot;:&quot;&quot;,&quot;focal_length&quot;:&quot;4.3&quot;,&quot;iso&quot;:&quot;100&quot;,&quot;shutter_speed&quot;:&quot;0.0025&quot;,&quot;title&quot;:&quot;&quot;,&quot;orientation&quot;:&quot;1&quot;}\" data-image-title=\"DSCN9310\" data-image-description=\"\" data-image-caption=\"\" data-medium-file=\"https:\/\/i0.wp.com\/genevieveetbernardauxameriques.fr\/wp-content\/uploads\/2017\/03\/DSCN9310.jpg?fit=300%2C225&amp;ssl=1\" data-large-file=\"https:\/\/i0.wp.com\/genevieveetbernardauxameriques.fr\/wp-content\/uploads\/2017\/03\/DSCN9310.jpg?fit=640%2C480&amp;ssl=1\" class=\"alignnone size-full wp-image-17251\" src=\"https:\/\/i0.wp.com\/genevieveetbernardauxameriques.fr\/wp-content\/uploads\/2017\/03\/DSCN9310.jpg?resize=640%2C480&#038;ssl=1\" alt=\"\" width=\"640\" height=\"480\" srcset=\"https:\/\/i0.wp.com\/genevieveetbernardauxameriques.fr\/wp-content\/uploads\/2017\/03\/DSCN9310.jpg?w=720&amp;ssl=1 720w, https:\/\/i0.wp.com\/genevieveetbernardauxameriques.fr\/wp-content\/uploads\/2017\/03\/DSCN9310.jpg?resize=300%2C225&amp;ssl=1 300w\" sizes=\"(max-width: 640px) 100vw, 640px\" data-recalc-dims=\"1\" \/><\/p>\n<p>Nous passerons de 1.000 m \u00e0 3.000 m et l\u00e0 nous n&rsquo;avan\u00e7ons plus, il y a plein de camions qui roulent tr\u00e8s lentement dans les mont\u00e9es mais encore plus lentement dans les descentes, les virages pour ces gros engins sont souvent difficiles \u00e0 prendre, \u00a0et il pleut \u00e0 nouveau. Les grandes routes sont en bon \u00e9tat heureusement car la circulation est infernale. M\u00eame avec la pluie qui tombe, il y a des vendeurs qui sont au milieu de la route \u00e0 offrir des boissons ou la nourriture du coin, faite maison. Et ne parlons pas des motos qui nous doublent m\u00eame \u00e0 droite, j&rsquo;ai trembl\u00e9 plusieurs fois en les voyant \u00e0 c\u00f4t\u00e9 de moi.<\/p>\n<p><img loading=\"lazy\" decoding=\"async\" data-attachment-id=\"17241\" data-permalink=\"https:\/\/genevieveetbernardauxameriques.fr\/index.php\/2017\/04\/06\/colombie-2eme-article-la-route-du-cafe\/dscn9294\/\" data-orig-file=\"https:\/\/i0.wp.com\/genevieveetbernardauxameriques.fr\/wp-content\/uploads\/2017\/03\/DSCN9294-e1586368761450.jpg?fit=640%2C478&amp;ssl=1\" data-orig-size=\"640,478\" data-comments-opened=\"1\" data-image-meta=\"{&quot;aperture&quot;:&quot;3.5&quot;,&quot;credit&quot;:&quot;&quot;,&quot;camera&quot;:&quot;COOLPIX P900&quot;,&quot;caption&quot;:&quot;&quot;,&quot;created_timestamp&quot;:&quot;1490307918&quot;,&quot;copyright&quot;:&quot;&quot;,&quot;focal_length&quot;:&quot;9.8&quot;,&quot;iso&quot;:&quot;100&quot;,&quot;shutter_speed&quot;:&quot;0.0125&quot;,&quot;title&quot;:&quot;&quot;,&quot;orientation&quot;:&quot;1&quot;}\" data-image-title=\"DSCN9294\" data-image-description=\"\" data-image-caption=\"\" data-medium-file=\"https:\/\/i0.wp.com\/genevieveetbernardauxameriques.fr\/wp-content\/uploads\/2017\/03\/DSCN9294-e1586368761450.jpg?fit=300%2C224&amp;ssl=1\" data-large-file=\"https:\/\/i0.wp.com\/genevieveetbernardauxameriques.fr\/wp-content\/uploads\/2017\/03\/DSCN9294-e1586368761450.jpg?fit=640%2C478&amp;ssl=1\" class=\"alignnone size-full wp-image-17241\" src=\"https:\/\/i0.wp.com\/genevieveetbernardauxameriques.fr\/wp-content\/uploads\/2017\/03\/DSCN9294-e1586368761450.jpg?resize=640%2C478&#038;ssl=1\" alt=\"\" width=\"640\" height=\"478\" srcset=\"https:\/\/i0.wp.com\/genevieveetbernardauxameriques.fr\/wp-content\/uploads\/2017\/03\/DSCN9294-e1586368761450.jpg?w=640&amp;ssl=1 640w, https:\/\/i0.wp.com\/genevieveetbernardauxameriques.fr\/wp-content\/uploads\/2017\/03\/DSCN9294-e1586368761450.jpg?resize=300%2C224&amp;ssl=1 300w\" sizes=\"(max-width: 640px) 100vw, 640px\" data-recalc-dims=\"1\" \/> <img loading=\"lazy\" decoding=\"async\" data-attachment-id=\"17242\" data-permalink=\"https:\/\/genevieveetbernardauxameriques.fr\/index.php\/2017\/04\/06\/colombie-2eme-article-la-route-du-cafe\/dscn9298\/\" data-orig-file=\"https:\/\/i0.wp.com\/genevieveetbernardauxameriques.fr\/wp-content\/uploads\/2017\/03\/DSCN9298-e1586368797304.jpg?fit=719%2C469&amp;ssl=1\" data-orig-size=\"719,469\" data-comments-opened=\"1\" data-image-meta=\"{&quot;aperture&quot;:&quot;3.5&quot;,&quot;credit&quot;:&quot;&quot;,&quot;camera&quot;:&quot;COOLPIX P900&quot;,&quot;caption&quot;:&quot;&quot;,&quot;created_timestamp&quot;:&quot;1490308170&quot;,&quot;copyright&quot;:&quot;&quot;,&quot;focal_length&quot;:&quot;13.4&quot;,&quot;iso&quot;:&quot;250&quot;,&quot;shutter_speed&quot;:&quot;0.016666666666667&quot;,&quot;title&quot;:&quot;&quot;,&quot;orientation&quot;:&quot;1&quot;}\" data-image-title=\"DSCN9298\" data-image-description=\"\" data-image-caption=\"\" data-medium-file=\"https:\/\/i0.wp.com\/genevieveetbernardauxameriques.fr\/wp-content\/uploads\/2017\/03\/DSCN9298-e1586368797304.jpg?fit=300%2C196&amp;ssl=1\" data-large-file=\"https:\/\/i0.wp.com\/genevieveetbernardauxameriques.fr\/wp-content\/uploads\/2017\/03\/DSCN9298-e1586368797304.jpg?fit=640%2C417&amp;ssl=1\" class=\"alignnone size-full wp-image-17242\" src=\"https:\/\/i0.wp.com\/genevieveetbernardauxameriques.fr\/wp-content\/uploads\/2017\/03\/DSCN9298-e1586368797304.jpg?resize=640%2C417&#038;ssl=1\" alt=\"\" width=\"640\" height=\"417\" srcset=\"https:\/\/i0.wp.com\/genevieveetbernardauxameriques.fr\/wp-content\/uploads\/2017\/03\/DSCN9298-e1586368797304.jpg?w=719&amp;ssl=1 719w, https:\/\/i0.wp.com\/genevieveetbernardauxameriques.fr\/wp-content\/uploads\/2017\/03\/DSCN9298-e1586368797304.jpg?resize=300%2C196&amp;ssl=1 300w\" sizes=\"(max-width: 640px) 100vw, 640px\" data-recalc-dims=\"1\" \/><\/p>\n<p>Celui-l\u00e0 n&rsquo;ira pas plus loin.<\/p>\n<p><img loading=\"lazy\" decoding=\"async\" data-attachment-id=\"17240\" data-permalink=\"https:\/\/genevieveetbernardauxameriques.fr\/index.php\/2017\/04\/06\/colombie-2eme-article-la-route-du-cafe\/dscn9290\/\" data-orig-file=\"https:\/\/i0.wp.com\/genevieveetbernardauxameriques.fr\/wp-content\/uploads\/2017\/03\/DSCN9290-e1586368859471.jpg?fit=719%2C460&amp;ssl=1\" data-orig-size=\"719,460\" data-comments-opened=\"1\" data-image-meta=\"{&quot;aperture&quot;:&quot;3.5&quot;,&quot;credit&quot;:&quot;&quot;,&quot;camera&quot;:&quot;COOLPIX P900&quot;,&quot;caption&quot;:&quot;&quot;,&quot;created_timestamp&quot;:&quot;1490306449&quot;,&quot;copyright&quot;:&quot;&quot;,&quot;focal_length&quot;:&quot;12.5&quot;,&quot;iso&quot;:&quot;100&quot;,&quot;shutter_speed&quot;:&quot;0.01&quot;,&quot;title&quot;:&quot;&quot;,&quot;orientation&quot;:&quot;1&quot;}\" data-image-title=\"DSCN9290\" data-image-description=\"\" data-image-caption=\"\" data-medium-file=\"https:\/\/i0.wp.com\/genevieveetbernardauxameriques.fr\/wp-content\/uploads\/2017\/03\/DSCN9290-e1586368859471.jpg?fit=300%2C192&amp;ssl=1\" data-large-file=\"https:\/\/i0.wp.com\/genevieveetbernardauxameriques.fr\/wp-content\/uploads\/2017\/03\/DSCN9290-e1586368859471.jpg?fit=640%2C409&amp;ssl=1\" class=\"alignnone size-full wp-image-17240\" src=\"https:\/\/i0.wp.com\/genevieveetbernardauxameriques.fr\/wp-content\/uploads\/2017\/03\/DSCN9290-e1586368859471.jpg?resize=640%2C409&#038;ssl=1\" alt=\"\" width=\"640\" height=\"409\" srcset=\"https:\/\/i0.wp.com\/genevieveetbernardauxameriques.fr\/wp-content\/uploads\/2017\/03\/DSCN9290-e1586368859471.jpg?w=719&amp;ssl=1 719w, https:\/\/i0.wp.com\/genevieveetbernardauxameriques.fr\/wp-content\/uploads\/2017\/03\/DSCN9290-e1586368859471.jpg?resize=300%2C192&amp;ssl=1 300w\" sizes=\"(max-width: 640px) 100vw, 640px\" data-recalc-dims=\"1\" \/><\/p>\n<p>Nous arrivons \u00e0 <strong>ARMENIA<\/strong> o\u00f9 nous allons prendre notre premier expresso depuis que nous avons quitt\u00e9 la France. C&rsquo;est la capitale du caf\u00e9, m\u00eame en Equateur nous n&rsquo;en trouvions pas, ils ne servent que du nescaf\u00e9 ou du jus de chaussette.<\/p>\n<p>Mais avant, nous nous arr\u00eatons pour voir ce curieux cimeti\u00e8re, des petites plaques directement sur le gazon.<\/p>\n<p><img loading=\"lazy\" decoding=\"async\" data-attachment-id=\"17246\" data-permalink=\"https:\/\/genevieveetbernardauxameriques.fr\/index.php\/2017\/04\/06\/colombie-2eme-article-la-route-du-cafe\/dscn9305\/\" data-orig-file=\"https:\/\/i0.wp.com\/genevieveetbernardauxameriques.fr\/wp-content\/uploads\/2017\/03\/DSCN9305.jpg?fit=720%2C540&amp;ssl=1\" data-orig-size=\"720,540\" data-comments-opened=\"1\" data-image-meta=\"{&quot;aperture&quot;:&quot;3.2&quot;,&quot;credit&quot;:&quot;&quot;,&quot;camera&quot;:&quot;COOLPIX P900&quot;,&quot;caption&quot;:&quot;&quot;,&quot;created_timestamp&quot;:&quot;1490310571&quot;,&quot;copyright&quot;:&quot;&quot;,&quot;focal_length&quot;:&quot;5.9&quot;,&quot;iso&quot;:&quot;100&quot;,&quot;shutter_speed&quot;:&quot;0.01&quot;,&quot;title&quot;:&quot;&quot;,&quot;orientation&quot;:&quot;1&quot;}\" data-image-title=\"DSCN9305\" data-image-description=\"\" data-image-caption=\"\" data-medium-file=\"https:\/\/i0.wp.com\/genevieveetbernardauxameriques.fr\/wp-content\/uploads\/2017\/03\/DSCN9305.jpg?fit=300%2C225&amp;ssl=1\" data-large-file=\"https:\/\/i0.wp.com\/genevieveetbernardauxameriques.fr\/wp-content\/uploads\/2017\/03\/DSCN9305.jpg?fit=640%2C480&amp;ssl=1\" class=\"alignnone size-full wp-image-17246\" src=\"https:\/\/i0.wp.com\/genevieveetbernardauxameriques.fr\/wp-content\/uploads\/2017\/03\/DSCN9305.jpg?resize=640%2C480&#038;ssl=1\" alt=\"\" width=\"640\" height=\"480\" srcset=\"https:\/\/i0.wp.com\/genevieveetbernardauxameriques.fr\/wp-content\/uploads\/2017\/03\/DSCN9305.jpg?w=720&amp;ssl=1 720w, https:\/\/i0.wp.com\/genevieveetbernardauxameriques.fr\/wp-content\/uploads\/2017\/03\/DSCN9305.jpg?resize=300%2C225&amp;ssl=1 300w\" sizes=\"(max-width: 640px) 100vw, 640px\" data-recalc-dims=\"1\" \/><\/p>\n<div data-carousel-extra='{\"blog_id\":1,\"permalink\":\"https:\\\/\\\/genevieveetbernardauxameriques.fr\\\/index.php\\\/2017\\\/04\\\/06\\\/colombie-2eme-article-la-route-du-cafe\\\/\"}' id='gallery-1' class='gallery galleryid-17235 gallery-columns-2 gallery-size-full'><dl class='gallery-item'>\n\t\t\t<dt class='gallery-icon landscape'>\n\t\t\t\t<a href='https:\/\/genevieveetbernardauxameriques.fr\/index.php\/2017\/04\/06\/colombie-2eme-article-la-route-du-cafe\/dscn9302\/'><img loading=\"lazy\" decoding=\"async\" width=\"720\" height=\"540\" src=\"https:\/\/i0.wp.com\/genevieveetbernardauxameriques.fr\/wp-content\/uploads\/2017\/03\/DSCN9302.jpg?fit=720%2C540&amp;ssl=1\" class=\"attachment-full size-full\" alt=\"\" srcset=\"https:\/\/i0.wp.com\/genevieveetbernardauxameriques.fr\/wp-content\/uploads\/2017\/03\/DSCN9302.jpg?w=720&amp;ssl=1 720w, https:\/\/i0.wp.com\/genevieveetbernardauxameriques.fr\/wp-content\/uploads\/2017\/03\/DSCN9302.jpg?resize=300%2C225&amp;ssl=1 300w\" sizes=\"(max-width: 640px) 100vw, 640px\" data-attachment-id=\"17243\" data-permalink=\"https:\/\/genevieveetbernardauxameriques.fr\/index.php\/2017\/04\/06\/colombie-2eme-article-la-route-du-cafe\/dscn9302\/\" data-orig-file=\"https:\/\/i0.wp.com\/genevieveetbernardauxameriques.fr\/wp-content\/uploads\/2017\/03\/DSCN9302.jpg?fit=720%2C540&amp;ssl=1\" data-orig-size=\"720,540\" data-comments-opened=\"1\" data-image-meta=\"{&quot;aperture&quot;:&quot;3.2&quot;,&quot;credit&quot;:&quot;&quot;,&quot;camera&quot;:&quot;COOLPIX P900&quot;,&quot;caption&quot;:&quot;&quot;,&quot;created_timestamp&quot;:&quot;1490310493&quot;,&quot;copyright&quot;:&quot;&quot;,&quot;focal_length&quot;:&quot;8.4&quot;,&quot;iso&quot;:&quot;100&quot;,&quot;shutter_speed&quot;:&quot;0.01&quot;,&quot;title&quot;:&quot;&quot;,&quot;orientation&quot;:&quot;1&quot;}\" data-image-title=\"DSCN9302\" data-image-description=\"\" data-image-caption=\"\" data-medium-file=\"https:\/\/i0.wp.com\/genevieveetbernardauxameriques.fr\/wp-content\/uploads\/2017\/03\/DSCN9302.jpg?fit=300%2C225&amp;ssl=1\" data-large-file=\"https:\/\/i0.wp.com\/genevieveetbernardauxameriques.fr\/wp-content\/uploads\/2017\/03\/DSCN9302.jpg?fit=640%2C480&amp;ssl=1\" \/><\/a>\n\t\t\t<\/dt><\/dl><dl class='gallery-item'>\n\t\t\t<dt class='gallery-icon landscape'>\n\t\t\t\t<a href='https:\/\/genevieveetbernardauxameriques.fr\/index.php\/2017\/04\/06\/colombie-2eme-article-la-route-du-cafe\/dscn9304\/'><img loading=\"lazy\" decoding=\"async\" width=\"720\" height=\"540\" src=\"https:\/\/i0.wp.com\/genevieveetbernardauxameriques.fr\/wp-content\/uploads\/2017\/03\/DSCN9304.jpg?fit=720%2C540&amp;ssl=1\" class=\"attachment-full size-full\" alt=\"\" srcset=\"https:\/\/i0.wp.com\/genevieveetbernardauxameriques.fr\/wp-content\/uploads\/2017\/03\/DSCN9304.jpg?w=720&amp;ssl=1 720w, https:\/\/i0.wp.com\/genevieveetbernardauxameriques.fr\/wp-content\/uploads\/2017\/03\/DSCN9304.jpg?resize=300%2C225&amp;ssl=1 300w\" sizes=\"(max-width: 640px) 100vw, 640px\" data-attachment-id=\"17245\" data-permalink=\"https:\/\/genevieveetbernardauxameriques.fr\/index.php\/2017\/04\/06\/colombie-2eme-article-la-route-du-cafe\/dscn9304\/\" data-orig-file=\"https:\/\/i0.wp.com\/genevieveetbernardauxameriques.fr\/wp-content\/uploads\/2017\/03\/DSCN9304.jpg?fit=720%2C540&amp;ssl=1\" data-orig-size=\"720,540\" data-comments-opened=\"1\" data-image-meta=\"{&quot;aperture&quot;:&quot;4&quot;,&quot;credit&quot;:&quot;&quot;,&quot;camera&quot;:&quot;COOLPIX P900&quot;,&quot;caption&quot;:&quot;&quot;,&quot;created_timestamp&quot;:&quot;1490310550&quot;,&quot;copyright&quot;:&quot;&quot;,&quot;focal_length&quot;:&quot;17&quot;,&quot;iso&quot;:&quot;100&quot;,&quot;shutter_speed&quot;:&quot;0.01&quot;,&quot;title&quot;:&quot;&quot;,&quot;orientation&quot;:&quot;1&quot;}\" data-image-title=\"DSCN9304\" data-image-description=\"\" data-image-caption=\"\" data-medium-file=\"https:\/\/i0.wp.com\/genevieveetbernardauxameriques.fr\/wp-content\/uploads\/2017\/03\/DSCN9304.jpg?fit=300%2C225&amp;ssl=1\" data-large-file=\"https:\/\/i0.wp.com\/genevieveetbernardauxameriques.fr\/wp-content\/uploads\/2017\/03\/DSCN9304.jpg?fit=640%2C480&amp;ssl=1\" \/><\/a>\n\t\t\t<\/dt><\/dl><br style=\"clear: both\" \/>\n\t\t<\/div>\n\n<p><img loading=\"lazy\" decoding=\"async\" data-attachment-id=\"17244\" data-permalink=\"https:\/\/genevieveetbernardauxameriques.fr\/index.php\/2017\/04\/06\/colombie-2eme-article-la-route-du-cafe\/dscn9303\/\" data-orig-file=\"https:\/\/i0.wp.com\/genevieveetbernardauxameriques.fr\/wp-content\/uploads\/2017\/03\/DSCN9303.jpg?fit=720%2C540&amp;ssl=1\" data-orig-size=\"720,540\" data-comments-opened=\"1\" data-image-meta=\"{&quot;aperture&quot;:&quot;3.2&quot;,&quot;credit&quot;:&quot;&quot;,&quot;camera&quot;:&quot;COOLPIX P900&quot;,&quot;caption&quot;:&quot;&quot;,&quot;created_timestamp&quot;:&quot;1490310520&quot;,&quot;copyright&quot;:&quot;&quot;,&quot;focal_length&quot;:&quot;8.4&quot;,&quot;iso&quot;:&quot;100&quot;,&quot;shutter_speed&quot;:&quot;0.008&quot;,&quot;title&quot;:&quot;&quot;,&quot;orientation&quot;:&quot;1&quot;}\" data-image-title=\"DSCN9303\" data-image-description=\"\" data-image-caption=\"\" data-medium-file=\"https:\/\/i0.wp.com\/genevieveetbernardauxameriques.fr\/wp-content\/uploads\/2017\/03\/DSCN9303.jpg?fit=300%2C225&amp;ssl=1\" data-large-file=\"https:\/\/i0.wp.com\/genevieveetbernardauxameriques.fr\/wp-content\/uploads\/2017\/03\/DSCN9303.jpg?fit=640%2C480&amp;ssl=1\" class=\"alignnone size-full wp-image-17244\" src=\"https:\/\/i0.wp.com\/genevieveetbernardauxameriques.fr\/wp-content\/uploads\/2017\/03\/DSCN9303.jpg?resize=640%2C480&#038;ssl=1\" alt=\"\" width=\"640\" height=\"480\" srcset=\"https:\/\/i0.wp.com\/genevieveetbernardauxameriques.fr\/wp-content\/uploads\/2017\/03\/DSCN9303.jpg?w=720&amp;ssl=1 720w, https:\/\/i0.wp.com\/genevieveetbernardauxameriques.fr\/wp-content\/uploads\/2017\/03\/DSCN9303.jpg?resize=300%2C225&amp;ssl=1 300w\" sizes=\"(max-width: 640px) 100vw, 640px\" data-recalc-dims=\"1\" \/><\/p>\n<p>&nbsp;<\/p>\n<p>Derri\u00e8re un champs de bambous.\u00a0<a href=\"https:\/\/i0.wp.com\/genevieveetbernardauxameriques.fr\/wp-content\/uploads\/2017\/03\/DSCN9306.jpg?ssl=1\"><img loading=\"lazy\" decoding=\"async\" data-attachment-id=\"17247\" data-permalink=\"https:\/\/genevieveetbernardauxameriques.fr\/index.php\/2017\/04\/06\/colombie-2eme-article-la-route-du-cafe\/dscn9306\/\" data-orig-file=\"https:\/\/i0.wp.com\/genevieveetbernardauxameriques.fr\/wp-content\/uploads\/2017\/03\/DSCN9306.jpg?fit=720%2C540&amp;ssl=1\" data-orig-size=\"720,540\" data-comments-opened=\"1\" data-image-meta=\"{&quot;aperture&quot;:&quot;3.2&quot;,&quot;credit&quot;:&quot;&quot;,&quot;camera&quot;:&quot;COOLPIX P900&quot;,&quot;caption&quot;:&quot;&quot;,&quot;created_timestamp&quot;:&quot;1490310651&quot;,&quot;copyright&quot;:&quot;&quot;,&quot;focal_length&quot;:&quot;5.9&quot;,&quot;iso&quot;:&quot;110&quot;,&quot;shutter_speed&quot;:&quot;0.033333333333333&quot;,&quot;title&quot;:&quot;&quot;,&quot;orientation&quot;:&quot;1&quot;}\" data-image-title=\"DSCN9306\" data-image-description=\"\" data-image-caption=\"\" data-medium-file=\"https:\/\/i0.wp.com\/genevieveetbernardauxameriques.fr\/wp-content\/uploads\/2017\/03\/DSCN9306.jpg?fit=300%2C225&amp;ssl=1\" data-large-file=\"https:\/\/i0.wp.com\/genevieveetbernardauxameriques.fr\/wp-content\/uploads\/2017\/03\/DSCN9306.jpg?fit=640%2C480&amp;ssl=1\" class=\"alignnone size-full wp-image-17247\" src=\"https:\/\/i0.wp.com\/genevieveetbernardauxameriques.fr\/wp-content\/uploads\/2017\/03\/DSCN9306.jpg?resize=640%2C480&#038;ssl=1\" alt=\"\" width=\"640\" height=\"480\" srcset=\"https:\/\/i0.wp.com\/genevieveetbernardauxameriques.fr\/wp-content\/uploads\/2017\/03\/DSCN9306.jpg?w=720&amp;ssl=1 720w, https:\/\/i0.wp.com\/genevieveetbernardauxameriques.fr\/wp-content\/uploads\/2017\/03\/DSCN9306.jpg?resize=300%2C225&amp;ssl=1 300w\" sizes=\"(max-width: 640px) 100vw, 640px\" data-recalc-dims=\"1\" \/><\/a><\/p>\n<p>Et notre arr\u00eat en ville, nous ne prendrons pas que du caf\u00e9 !<\/p>\n<p><a href=\"https:\/\/i0.wp.com\/genevieveetbernardauxameriques.fr\/wp-content\/uploads\/2017\/03\/DSCN9307.jpg?ssl=1\"><img loading=\"lazy\" decoding=\"async\" data-attachment-id=\"17248\" data-permalink=\"https:\/\/genevieveetbernardauxameriques.fr\/index.php\/2017\/04\/06\/colombie-2eme-article-la-route-du-cafe\/dscn9307\/\" data-orig-file=\"https:\/\/i0.wp.com\/genevieveetbernardauxameriques.fr\/wp-content\/uploads\/2017\/03\/DSCN9307.jpg?fit=720%2C540&amp;ssl=1\" data-orig-size=\"720,540\" data-comments-opened=\"1\" data-image-meta=\"{&quot;aperture&quot;:&quot;2.8&quot;,&quot;credit&quot;:&quot;&quot;,&quot;camera&quot;:&quot;COOLPIX P900&quot;,&quot;caption&quot;:&quot;&quot;,&quot;created_timestamp&quot;:&quot;1490313356&quot;,&quot;copyright&quot;:&quot;&quot;,&quot;focal_length&quot;:&quot;4.3&quot;,&quot;iso&quot;:&quot;180&quot;,&quot;shutter_speed&quot;:&quot;0.033333333333333&quot;,&quot;title&quot;:&quot;&quot;,&quot;orientation&quot;:&quot;1&quot;}\" data-image-title=\"DSCN9307\" data-image-description=\"\" data-image-caption=\"\" data-medium-file=\"https:\/\/i0.wp.com\/genevieveetbernardauxameriques.fr\/wp-content\/uploads\/2017\/03\/DSCN9307.jpg?fit=300%2C225&amp;ssl=1\" data-large-file=\"https:\/\/i0.wp.com\/genevieveetbernardauxameriques.fr\/wp-content\/uploads\/2017\/03\/DSCN9307.jpg?fit=640%2C480&amp;ssl=1\" class=\"alignnone size-full wp-image-17248\" src=\"https:\/\/i0.wp.com\/genevieveetbernardauxameriques.fr\/wp-content\/uploads\/2017\/03\/DSCN9307.jpg?resize=640%2C480&#038;ssl=1\" alt=\"\" width=\"640\" height=\"480\" srcset=\"https:\/\/i0.wp.com\/genevieveetbernardauxameriques.fr\/wp-content\/uploads\/2017\/03\/DSCN9307.jpg?w=720&amp;ssl=1 720w, https:\/\/i0.wp.com\/genevieveetbernardauxameriques.fr\/wp-content\/uploads\/2017\/03\/DSCN9307.jpg?resize=300%2C225&amp;ssl=1 300w\" sizes=\"(max-width: 640px) 100vw, 640px\" data-recalc-dims=\"1\" \/><\/a><\/p>\n<p>Il pleut toujours, nous arriverons \u00e0 <strong>SALENTO<\/strong>, notre \u00e9tape pour quelques jours, juste \u00e0 la tomb\u00e9e de la nuit. Mais ici il y a plusieurs endroits o\u00f9 l&rsquo;on peut s&rsquo;arr\u00eater, nous choisirons le premier, c&rsquo;est-\u00e0-dire dans la cour du restaurant MERAKI \u00e0 l&rsquo;entr\u00e9e de la ville.<\/p>\n<p><a href=\"https:\/\/i0.wp.com\/genevieveetbernardauxameriques.fr\/wp-content\/uploads\/2017\/03\/DSCN9337.jpg?ssl=1\"><img loading=\"lazy\" decoding=\"async\" data-attachment-id=\"17265\" data-permalink=\"https:\/\/genevieveetbernardauxameriques.fr\/index.php\/2017\/04\/06\/colombie-2eme-article-la-route-du-cafe\/dscn9337\/\" data-orig-file=\"https:\/\/i0.wp.com\/genevieveetbernardauxameriques.fr\/wp-content\/uploads\/2017\/03\/DSCN9337.jpg?fit=720%2C540&amp;ssl=1\" data-orig-size=\"720,540\" data-comments-opened=\"1\" data-image-meta=\"{&quot;aperture&quot;:&quot;2.8&quot;,&quot;credit&quot;:&quot;&quot;,&quot;camera&quot;:&quot;COOLPIX P900&quot;,&quot;caption&quot;:&quot;&quot;,&quot;created_timestamp&quot;:&quot;1490397614&quot;,&quot;copyright&quot;:&quot;&quot;,&quot;focal_length&quot;:&quot;4.3&quot;,&quot;iso&quot;:&quot;100&quot;,&quot;shutter_speed&quot;:&quot;0.0025&quot;,&quot;title&quot;:&quot;&quot;,&quot;orientation&quot;:&quot;1&quot;}\" data-image-title=\"DSCN9337\" data-image-description=\"\" data-image-caption=\"\" data-medium-file=\"https:\/\/i0.wp.com\/genevieveetbernardauxameriques.fr\/wp-content\/uploads\/2017\/03\/DSCN9337.jpg?fit=300%2C225&amp;ssl=1\" data-large-file=\"https:\/\/i0.wp.com\/genevieveetbernardauxameriques.fr\/wp-content\/uploads\/2017\/03\/DSCN9337.jpg?fit=640%2C480&amp;ssl=1\" class=\"alignnone size-full wp-image-17265\" src=\"https:\/\/i0.wp.com\/genevieveetbernardauxameriques.fr\/wp-content\/uploads\/2017\/03\/DSCN9337.jpg?resize=640%2C480&#038;ssl=1\" alt=\"\" width=\"640\" height=\"480\" srcset=\"https:\/\/i0.wp.com\/genevieveetbernardauxameriques.fr\/wp-content\/uploads\/2017\/03\/DSCN9337.jpg?w=720&amp;ssl=1 720w, https:\/\/i0.wp.com\/genevieveetbernardauxameriques.fr\/wp-content\/uploads\/2017\/03\/DSCN9337.jpg?resize=300%2C225&amp;ssl=1 300w\" sizes=\"(max-width: 640px) 100vw, 640px\" data-recalc-dims=\"1\" \/><\/a><\/p>\n<p>Il y a des douches, la wifi, l&rsquo;\u00e9lectricit\u00e9, c&rsquo;est gratuit mais nous devons y manger. La carte internationale est excellente. Bernard prendra une cr\u00eape \u00e0 la truite et aux crevettes et moi un Curry de porc. Nous ne pourrons pas finir notre plat.<\/p>\n<p><img loading=\"lazy\" decoding=\"async\" data-attachment-id=\"17292\" data-permalink=\"https:\/\/genevieveetbernardauxameriques.fr\/index.php\/2017\/04\/06\/colombie-2eme-article-la-route-du-cafe\/dscn9376\/\" data-orig-file=\"https:\/\/i0.wp.com\/genevieveetbernardauxameriques.fr\/wp-content\/uploads\/2017\/03\/DSCN9376.jpg?fit=720%2C540&amp;ssl=1\" data-orig-size=\"720,540\" data-comments-opened=\"1\" data-image-meta=\"{&quot;aperture&quot;:&quot;2.8&quot;,&quot;credit&quot;:&quot;&quot;,&quot;camera&quot;:&quot;COOLPIX P900&quot;,&quot;caption&quot;:&quot;&quot;,&quot;created_timestamp&quot;:&quot;1490404834&quot;,&quot;copyright&quot;:&quot;&quot;,&quot;focal_length&quot;:&quot;4.3&quot;,&quot;iso&quot;:&quot;400&quot;,&quot;shutter_speed&quot;:&quot;0.066666666666667&quot;,&quot;title&quot;:&quot;&quot;,&quot;orientation&quot;:&quot;1&quot;}\" data-image-title=\"DSCN9376\" data-image-description=\"\" data-image-caption=\"\" data-medium-file=\"https:\/\/i0.wp.com\/genevieveetbernardauxameriques.fr\/wp-content\/uploads\/2017\/03\/DSCN9376.jpg?fit=300%2C225&amp;ssl=1\" data-large-file=\"https:\/\/i0.wp.com\/genevieveetbernardauxameriques.fr\/wp-content\/uploads\/2017\/03\/DSCN9376.jpg?fit=640%2C480&amp;ssl=1\" class=\"alignnone size-full wp-image-17292\" src=\"https:\/\/i0.wp.com\/genevieveetbernardauxameriques.fr\/wp-content\/uploads\/2017\/03\/DSCN9376.jpg?resize=640%2C480&#038;ssl=1\" alt=\"\" width=\"640\" height=\"480\" srcset=\"https:\/\/i0.wp.com\/genevieveetbernardauxameriques.fr\/wp-content\/uploads\/2017\/03\/DSCN9376.jpg?w=720&amp;ssl=1 720w, https:\/\/i0.wp.com\/genevieveetbernardauxameriques.fr\/wp-content\/uploads\/2017\/03\/DSCN9376.jpg?resize=300%2C225&amp;ssl=1 300w\" sizes=\"(max-width: 640px) 100vw, 640px\" data-recalc-dims=\"1\" \/><\/p>\n<p><strong>VENDREDI 24 MARS<\/strong><\/p>\n<p>Visite d&rsquo;une petite Hacienda \u00ab\u00a0Les Acacias\u00a0\u00bb qu&rsquo;on nous a indiqu\u00e9e au restaurant. Je ne vous en parle pas, car nous en visiterons une plus grande o\u00f9 vous aurez toutes les explications de la transformation du caf\u00e9, mais je vous montre les oiseaux que nous y avons vus.<\/p>\n<p><a href=\"https:\/\/i0.wp.com\/genevieveetbernardauxameriques.fr\/wp-content\/uploads\/2017\/03\/DSCN9308.jpg?ssl=1\"><img loading=\"lazy\" decoding=\"async\" data-attachment-id=\"17249\" data-permalink=\"https:\/\/genevieveetbernardauxameriques.fr\/index.php\/2017\/04\/06\/colombie-2eme-article-la-route-du-cafe\/dscn9308\/\" data-orig-file=\"https:\/\/i0.wp.com\/genevieveetbernardauxameriques.fr\/wp-content\/uploads\/2017\/03\/DSCN9308.jpg?fit=720%2C540&amp;ssl=1\" data-orig-size=\"720,540\" data-comments-opened=\"1\" data-image-meta=\"{&quot;aperture&quot;:&quot;6.3&quot;,&quot;credit&quot;:&quot;&quot;,&quot;camera&quot;:&quot;COOLPIX P900&quot;,&quot;caption&quot;:&quot;&quot;,&quot;created_timestamp&quot;:&quot;1490380101&quot;,&quot;copyright&quot;:&quot;&quot;,&quot;focal_length&quot;:&quot;214&quot;,&quot;iso&quot;:&quot;400&quot;,&quot;shutter_speed&quot;:&quot;0.002&quot;,&quot;title&quot;:&quot;&quot;,&quot;orientation&quot;:&quot;1&quot;}\" data-image-title=\"DSCN9308\" data-image-description=\"\" data-image-caption=\"\" data-medium-file=\"https:\/\/i0.wp.com\/genevieveetbernardauxameriques.fr\/wp-content\/uploads\/2017\/03\/DSCN9308.jpg?fit=300%2C225&amp;ssl=1\" data-large-file=\"https:\/\/i0.wp.com\/genevieveetbernardauxameriques.fr\/wp-content\/uploads\/2017\/03\/DSCN9308.jpg?fit=640%2C480&amp;ssl=1\" class=\"wp-image-17249 aligncenter\" src=\"https:\/\/i0.wp.com\/genevieveetbernardauxameriques.fr\/wp-content\/uploads\/2017\/03\/DSCN9308.jpg?resize=512%2C384&#038;ssl=1\" alt=\"\" width=\"512\" height=\"384\" srcset=\"https:\/\/i0.wp.com\/genevieveetbernardauxameriques.fr\/wp-content\/uploads\/2017\/03\/DSCN9308.jpg?w=720&amp;ssl=1 720w, https:\/\/i0.wp.com\/genevieveetbernardauxameriques.fr\/wp-content\/uploads\/2017\/03\/DSCN9308.jpg?resize=300%2C225&amp;ssl=1 300w\" sizes=\"(max-width: 512px) 100vw, 512px\" data-recalc-dims=\"1\" \/><\/a> <img loading=\"lazy\" decoding=\"async\" data-attachment-id=\"17250\" data-permalink=\"https:\/\/genevieveetbernardauxameriques.fr\/index.php\/2017\/04\/06\/colombie-2eme-article-la-route-du-cafe\/dscn9309\/\" data-orig-file=\"https:\/\/i0.wp.com\/genevieveetbernardauxameriques.fr\/wp-content\/uploads\/2017\/03\/DSCN9309-e1490404771424.jpg?fit=457%2C540&amp;ssl=1\" data-orig-size=\"457,540\" data-comments-opened=\"1\" data-image-meta=\"{&quot;aperture&quot;:&quot;5&quot;,&quot;credit&quot;:&quot;&quot;,&quot;camera&quot;:&quot;COOLPIX P900&quot;,&quot;caption&quot;:&quot;&quot;,&quot;created_timestamp&quot;:&quot;1490381128&quot;,&quot;copyright&quot;:&quot;&quot;,&quot;focal_length&quot;:&quot;89.2&quot;,&quot;iso&quot;:&quot;250&quot;,&quot;shutter_speed&quot;:&quot;0.004&quot;,&quot;title&quot;:&quot;&quot;,&quot;orientation&quot;:&quot;1&quot;}\" data-image-title=\"DSCN9309\" data-image-description=\"\" data-image-caption=\"\" data-medium-file=\"https:\/\/i0.wp.com\/genevieveetbernardauxameriques.fr\/wp-content\/uploads\/2017\/03\/DSCN9309-e1490404771424.jpg?fit=254%2C300&amp;ssl=1\" data-large-file=\"https:\/\/i0.wp.com\/genevieveetbernardauxameriques.fr\/wp-content\/uploads\/2017\/03\/DSCN9309-e1490404771424.jpg?fit=457%2C540&amp;ssl=1\" class=\"size-full wp-image-17250 aligncenter\" src=\"https:\/\/i0.wp.com\/genevieveetbernardauxameriques.fr\/wp-content\/uploads\/2017\/03\/DSCN9309-e1490404771424.jpg?resize=457%2C540&#038;ssl=1\" alt=\"\" width=\"457\" height=\"540\" srcset=\"https:\/\/i0.wp.com\/genevieveetbernardauxameriques.fr\/wp-content\/uploads\/2017\/03\/DSCN9309-e1490404771424.jpg?w=457&amp;ssl=1 457w, https:\/\/i0.wp.com\/genevieveetbernardauxameriques.fr\/wp-content\/uploads\/2017\/03\/DSCN9309-e1490404771424.jpg?resize=254%2C300&amp;ssl=1 254w\" sizes=\"(max-width: 457px) 100vw, 457px\" data-recalc-dims=\"1\" \/><\/p>\n<p><img loading=\"lazy\" decoding=\"async\" data-attachment-id=\"17260\" data-permalink=\"https:\/\/genevieveetbernardauxameriques.fr\/index.php\/2017\/04\/06\/colombie-2eme-article-la-route-du-cafe\/dscn9323\/\" data-orig-file=\"https:\/\/i0.wp.com\/genevieveetbernardauxameriques.fr\/wp-content\/uploads\/2017\/03\/DSCN9323-e1490404671312.jpg?fit=413%2C527&amp;ssl=1\" data-orig-size=\"413,527\" data-comments-opened=\"1\" data-image-meta=\"{&quot;aperture&quot;:&quot;6.3&quot;,&quot;credit&quot;:&quot;&quot;,&quot;camera&quot;:&quot;COOLPIX P900&quot;,&quot;caption&quot;:&quot;&quot;,&quot;created_timestamp&quot;:&quot;1490385405&quot;,&quot;copyright&quot;:&quot;&quot;,&quot;focal_length&quot;:&quot;250&quot;,&quot;iso&quot;:&quot;400&quot;,&quot;shutter_speed&quot;:&quot;0.005&quot;,&quot;title&quot;:&quot;&quot;,&quot;orientation&quot;:&quot;1&quot;}\" data-image-title=\"DSCN9323\" data-image-description=\"\" data-image-caption=\"\" data-medium-file=\"https:\/\/i0.wp.com\/genevieveetbernardauxameriques.fr\/wp-content\/uploads\/2017\/03\/DSCN9323-e1490404671312.jpg?fit=235%2C300&amp;ssl=1\" data-large-file=\"https:\/\/i0.wp.com\/genevieveetbernardauxameriques.fr\/wp-content\/uploads\/2017\/03\/DSCN9323-e1490404671312.jpg?fit=413%2C527&amp;ssl=1\" class=\"size-full wp-image-17260 aligncenter\" src=\"https:\/\/i0.wp.com\/genevieveetbernardauxameriques.fr\/wp-content\/uploads\/2017\/03\/DSCN9323-e1490404671312.jpg?resize=413%2C527&#038;ssl=1\" alt=\"\" width=\"413\" height=\"527\" srcset=\"https:\/\/i0.wp.com\/genevieveetbernardauxameriques.fr\/wp-content\/uploads\/2017\/03\/DSCN9323-e1490404671312.jpg?w=413&amp;ssl=1 413w, https:\/\/i0.wp.com\/genevieveetbernardauxameriques.fr\/wp-content\/uploads\/2017\/03\/DSCN9323-e1490404671312.jpg?resize=235%2C300&amp;ssl=1 235w\" sizes=\"(max-width: 413px) 100vw, 413px\" data-recalc-dims=\"1\" \/><\/p>\n<p>Est-il n\u00e9cessaire de pr\u00e9ciser qu&rsquo;il pleut ?<\/p>\n<p><img loading=\"lazy\" decoding=\"async\" data-attachment-id=\"17264\" data-permalink=\"https:\/\/genevieveetbernardauxameriques.fr\/index.php\/2017\/04\/06\/colombie-2eme-article-la-route-du-cafe\/dscn9332\/\" data-orig-file=\"https:\/\/i0.wp.com\/genevieveetbernardauxameriques.fr\/wp-content\/uploads\/2017\/03\/DSCN9332.jpg?fit=720%2C540&amp;ssl=1\" data-orig-size=\"720,540\" data-comments-opened=\"1\" data-image-meta=\"{&quot;aperture&quot;:&quot;6.3&quot;,&quot;credit&quot;:&quot;&quot;,&quot;camera&quot;:&quot;COOLPIX P900&quot;,&quot;caption&quot;:&quot;&quot;,&quot;created_timestamp&quot;:&quot;1490385630&quot;,&quot;copyright&quot;:&quot;&quot;,&quot;focal_length&quot;:&quot;268&quot;,&quot;iso&quot;:&quot;400&quot;,&quot;shutter_speed&quot;:&quot;0.004&quot;,&quot;title&quot;:&quot;&quot;,&quot;orientation&quot;:&quot;1&quot;}\" data-image-title=\"DSCN9332\" data-image-description=\"\" data-image-caption=\"\" data-medium-file=\"https:\/\/i0.wp.com\/genevieveetbernardauxameriques.fr\/wp-content\/uploads\/2017\/03\/DSCN9332.jpg?fit=300%2C225&amp;ssl=1\" data-large-file=\"https:\/\/i0.wp.com\/genevieveetbernardauxameriques.fr\/wp-content\/uploads\/2017\/03\/DSCN9332.jpg?fit=640%2C480&amp;ssl=1\" class=\"alignnone size-full wp-image-17264\" src=\"https:\/\/i0.wp.com\/genevieveetbernardauxameriques.fr\/wp-content\/uploads\/2017\/03\/DSCN9332.jpg?resize=640%2C480&#038;ssl=1\" alt=\"\" width=\"640\" height=\"480\" srcset=\"https:\/\/i0.wp.com\/genevieveetbernardauxameriques.fr\/wp-content\/uploads\/2017\/03\/DSCN9332.jpg?w=720&amp;ssl=1 720w, https:\/\/i0.wp.com\/genevieveetbernardauxameriques.fr\/wp-content\/uploads\/2017\/03\/DSCN9332.jpg?resize=300%2C225&amp;ssl=1 300w\" sizes=\"(max-width: 640px) 100vw, 640px\" data-recalc-dims=\"1\" \/><\/p>\n<p><a href=\"https:\/\/i0.wp.com\/genevieveetbernardauxameriques.fr\/wp-content\/uploads\/2017\/03\/DSCN9330.jpg?ssl=1\"><img loading=\"lazy\" decoding=\"async\" data-attachment-id=\"17263\" data-permalink=\"https:\/\/genevieveetbernardauxameriques.fr\/index.php\/2017\/04\/06\/colombie-2eme-article-la-route-du-cafe\/dscn9330\/\" data-orig-file=\"https:\/\/i0.wp.com\/genevieveetbernardauxameriques.fr\/wp-content\/uploads\/2017\/03\/DSCN9330.jpg?fit=720%2C540&amp;ssl=1\" data-orig-size=\"720,540\" data-comments-opened=\"1\" data-image-meta=\"{&quot;aperture&quot;:&quot;6.3&quot;,&quot;credit&quot;:&quot;&quot;,&quot;camera&quot;:&quot;COOLPIX P900&quot;,&quot;caption&quot;:&quot;&quot;,&quot;created_timestamp&quot;:&quot;1490385619&quot;,&quot;copyright&quot;:&quot;&quot;,&quot;focal_length&quot;:&quot;268&quot;,&quot;iso&quot;:&quot;400&quot;,&quot;shutter_speed&quot;:&quot;0.003125&quot;,&quot;title&quot;:&quot;&quot;,&quot;orientation&quot;:&quot;1&quot;}\" data-image-title=\"DSCN9330\" data-image-description=\"\" data-image-caption=\"\" data-medium-file=\"https:\/\/i0.wp.com\/genevieveetbernardauxameriques.fr\/wp-content\/uploads\/2017\/03\/DSCN9330.jpg?fit=300%2C225&amp;ssl=1\" data-large-file=\"https:\/\/i0.wp.com\/genevieveetbernardauxameriques.fr\/wp-content\/uploads\/2017\/03\/DSCN9330.jpg?fit=640%2C480&amp;ssl=1\" class=\"alignnone size-full wp-image-17263\" src=\"https:\/\/i0.wp.com\/genevieveetbernardauxameriques.fr\/wp-content\/uploads\/2017\/03\/DSCN9330.jpg?resize=640%2C480&#038;ssl=1\" alt=\"\" width=\"640\" height=\"480\" srcset=\"https:\/\/i0.wp.com\/genevieveetbernardauxameriques.fr\/wp-content\/uploads\/2017\/03\/DSCN9330.jpg?w=720&amp;ssl=1 720w, https:\/\/i0.wp.com\/genevieveetbernardauxameriques.fr\/wp-content\/uploads\/2017\/03\/DSCN9330.jpg?resize=300%2C225&amp;ssl=1 300w\" sizes=\"(max-width: 640px) 100vw, 640px\" data-recalc-dims=\"1\" \/><\/a><a href=\"https:\/\/i0.wp.com\/genevieveetbernardauxameriques.fr\/wp-content\/uploads\/2017\/03\/DSCN9326.jpg?ssl=1\"><img loading=\"lazy\" decoding=\"async\" data-attachment-id=\"17262\" data-permalink=\"https:\/\/genevieveetbernardauxameriques.fr\/index.php\/2017\/04\/06\/colombie-2eme-article-la-route-du-cafe\/dscn9326\/\" data-orig-file=\"https:\/\/i0.wp.com\/genevieveetbernardauxameriques.fr\/wp-content\/uploads\/2017\/03\/DSCN9326.jpg?fit=720%2C540&amp;ssl=1\" data-orig-size=\"720,540\" data-comments-opened=\"1\" data-image-meta=\"{&quot;aperture&quot;:&quot;6.3&quot;,&quot;credit&quot;:&quot;&quot;,&quot;camera&quot;:&quot;COOLPIX P900&quot;,&quot;caption&quot;:&quot;&quot;,&quot;created_timestamp&quot;:&quot;1490385596&quot;,&quot;copyright&quot;:&quot;&quot;,&quot;focal_length&quot;:&quot;250&quot;,&quot;iso&quot;:&quot;400&quot;,&quot;shutter_speed&quot;:&quot;0.00625&quot;,&quot;title&quot;:&quot;&quot;,&quot;orientation&quot;:&quot;1&quot;}\" data-image-title=\"DSCN9326\" data-image-description=\"\" data-image-caption=\"\" data-medium-file=\"https:\/\/i0.wp.com\/genevieveetbernardauxameriques.fr\/wp-content\/uploads\/2017\/03\/DSCN9326.jpg?fit=300%2C225&amp;ssl=1\" data-large-file=\"https:\/\/i0.wp.com\/genevieveetbernardauxameriques.fr\/wp-content\/uploads\/2017\/03\/DSCN9326.jpg?fit=640%2C480&amp;ssl=1\" class=\"alignnone size-full wp-image-17262\" src=\"https:\/\/i0.wp.com\/genevieveetbernardauxameriques.fr\/wp-content\/uploads\/2017\/03\/DSCN9326.jpg?resize=640%2C480&#038;ssl=1\" alt=\"\" width=\"640\" height=\"480\" srcset=\"https:\/\/i0.wp.com\/genevieveetbernardauxameriques.fr\/wp-content\/uploads\/2017\/03\/DSCN9326.jpg?w=720&amp;ssl=1 720w, https:\/\/i0.wp.com\/genevieveetbernardauxameriques.fr\/wp-content\/uploads\/2017\/03\/DSCN9326.jpg?resize=300%2C225&amp;ssl=1 300w\" sizes=\"(max-width: 640px) 100vw, 640px\" data-recalc-dims=\"1\" \/><\/a><\/p>\n<p>Nous sommes partis \u00e0 10 h et pendant une heure nous avons descendu la montagne, nous reviendrons en taxi.<\/p>\n<p>Nous retournons d\u00e9jeuner au resto en remontant (on se r\u00e9gale)<\/p>\n<p><a href=\"https:\/\/i0.wp.com\/genevieveetbernardauxameriques.fr\/wp-content\/uploads\/2017\/03\/DSCN9463.jpg?ssl=1\"><img loading=\"lazy\" decoding=\"async\" data-attachment-id=\"17359\" data-permalink=\"https:\/\/genevieveetbernardauxameriques.fr\/index.php\/2017\/04\/06\/colombie-2eme-article-la-route-du-cafe\/dscn9463\/\" data-orig-file=\"https:\/\/i0.wp.com\/genevieveetbernardauxameriques.fr\/wp-content\/uploads\/2017\/03\/DSCN9463.jpg?fit=640%2C480&amp;ssl=1\" data-orig-size=\"640,480\" data-comments-opened=\"1\" data-image-meta=\"{&quot;aperture&quot;:&quot;3.5&quot;,&quot;credit&quot;:&quot;&quot;,&quot;camera&quot;:&quot;COOLPIX P900&quot;,&quot;caption&quot;:&quot;&quot;,&quot;created_timestamp&quot;:&quot;1490495605&quot;,&quot;copyright&quot;:&quot;&quot;,&quot;focal_length&quot;:&quot;8.9&quot;,&quot;iso&quot;:&quot;400&quot;,&quot;shutter_speed&quot;:&quot;0.04&quot;,&quot;title&quot;:&quot;&quot;,&quot;orientation&quot;:&quot;1&quot;}\" data-image-title=\"DSCN9463\" data-image-description=\"\" data-image-caption=\"\" data-medium-file=\"https:\/\/i0.wp.com\/genevieveetbernardauxameriques.fr\/wp-content\/uploads\/2017\/03\/DSCN9463.jpg?fit=300%2C225&amp;ssl=1\" data-large-file=\"https:\/\/i0.wp.com\/genevieveetbernardauxameriques.fr\/wp-content\/uploads\/2017\/03\/DSCN9463.jpg?fit=640%2C480&amp;ssl=1\" class=\"alignnone size-full wp-image-17359\" src=\"https:\/\/i0.wp.com\/genevieveetbernardauxameriques.fr\/wp-content\/uploads\/2017\/03\/DSCN9463.jpg?resize=640%2C480&#038;ssl=1\" alt=\"\" width=\"640\" height=\"480\" srcset=\"https:\/\/i0.wp.com\/genevieveetbernardauxameriques.fr\/wp-content\/uploads\/2017\/03\/DSCN9463.jpg?w=640&amp;ssl=1 640w, https:\/\/i0.wp.com\/genevieveetbernardauxameriques.fr\/wp-content\/uploads\/2017\/03\/DSCN9463.jpg?resize=300%2C225&amp;ssl=1 300w\" sizes=\"(max-width: 640px) 100vw, 640px\" data-recalc-dims=\"1\" \/><\/a> <a href=\"https:\/\/i0.wp.com\/genevieveetbernardauxameriques.fr\/wp-content\/uploads\/2017\/03\/DSCN9465.jpg?ssl=1\"><img loading=\"lazy\" decoding=\"async\" data-attachment-id=\"17361\" data-permalink=\"https:\/\/genevieveetbernardauxameriques.fr\/index.php\/2017\/04\/06\/colombie-2eme-article-la-route-du-cafe\/dscn9465\/\" data-orig-file=\"https:\/\/i0.wp.com\/genevieveetbernardauxameriques.fr\/wp-content\/uploads\/2017\/03\/DSCN9465.jpg?fit=640%2C480&amp;ssl=1\" data-orig-size=\"640,480\" data-comments-opened=\"1\" data-image-meta=\"{&quot;aperture&quot;:&quot;3.2&quot;,&quot;credit&quot;:&quot;&quot;,&quot;camera&quot;:&quot;COOLPIX P900&quot;,&quot;caption&quot;:&quot;&quot;,&quot;created_timestamp&quot;:&quot;1490495618&quot;,&quot;copyright&quot;:&quot;&quot;,&quot;focal_length&quot;:&quot;5.4&quot;,&quot;iso&quot;:&quot;400&quot;,&quot;shutter_speed&quot;:&quot;0.05&quot;,&quot;title&quot;:&quot;&quot;,&quot;orientation&quot;:&quot;1&quot;}\" data-image-title=\"DSCN9465\" data-image-description=\"\" data-image-caption=\"\" data-medium-file=\"https:\/\/i0.wp.com\/genevieveetbernardauxameriques.fr\/wp-content\/uploads\/2017\/03\/DSCN9465.jpg?fit=300%2C225&amp;ssl=1\" data-large-file=\"https:\/\/i0.wp.com\/genevieveetbernardauxameriques.fr\/wp-content\/uploads\/2017\/03\/DSCN9465.jpg?fit=640%2C480&amp;ssl=1\" class=\"alignnone size-full wp-image-17361\" src=\"https:\/\/i0.wp.com\/genevieveetbernardauxameriques.fr\/wp-content\/uploads\/2017\/03\/DSCN9465.jpg?resize=640%2C480&#038;ssl=1\" alt=\"\" width=\"640\" height=\"480\" srcset=\"https:\/\/i0.wp.com\/genevieveetbernardauxameriques.fr\/wp-content\/uploads\/2017\/03\/DSCN9465.jpg?w=640&amp;ssl=1 640w, https:\/\/i0.wp.com\/genevieveetbernardauxameriques.fr\/wp-content\/uploads\/2017\/03\/DSCN9465.jpg?resize=300%2C225&amp;ssl=1 300w\" sizes=\"(max-width: 640px) 100vw, 640px\" data-recalc-dims=\"1\" \/><\/a><\/p>\n<p>L&rsquo;apr\u00e8s-midi, visite de la ville, tr\u00e8s color\u00e9e<\/p>\n<p><a href=\"https:\/\/i0.wp.com\/genevieveetbernardauxameriques.fr\/wp-content\/uploads\/2017\/03\/DSCN9341-e1490411271754.jpg?ssl=1\"><img loading=\"lazy\" decoding=\"async\" data-attachment-id=\"17267\" data-permalink=\"https:\/\/genevieveetbernardauxameriques.fr\/index.php\/2017\/04\/06\/colombie-2eme-article-la-route-du-cafe\/dscn9341\/\" data-orig-file=\"https:\/\/i0.wp.com\/genevieveetbernardauxameriques.fr\/wp-content\/uploads\/2017\/03\/DSCN9341-e1490411271754.jpg?fit=710%2C455&amp;ssl=1\" data-orig-size=\"710,455\" data-comments-opened=\"1\" data-image-meta=\"{&quot;aperture&quot;:&quot;3.2&quot;,&quot;credit&quot;:&quot;&quot;,&quot;camera&quot;:&quot;COOLPIX P900&quot;,&quot;caption&quot;:&quot;&quot;,&quot;created_timestamp&quot;:&quot;1490399523&quot;,&quot;copyright&quot;:&quot;&quot;,&quot;focal_length&quot;:&quot;7.7&quot;,&quot;iso&quot;:&quot;100&quot;,&quot;shutter_speed&quot;:&quot;0.0025&quot;,&quot;title&quot;:&quot;&quot;,&quot;orientation&quot;:&quot;1&quot;}\" data-image-title=\"DSCN9341\" data-image-description=\"\" data-image-caption=\"\" data-medium-file=\"https:\/\/i0.wp.com\/genevieveetbernardauxameriques.fr\/wp-content\/uploads\/2017\/03\/DSCN9341-e1490411271754.jpg?fit=300%2C192&amp;ssl=1\" data-large-file=\"https:\/\/i0.wp.com\/genevieveetbernardauxameriques.fr\/wp-content\/uploads\/2017\/03\/DSCN9341-e1490411271754.jpg?fit=640%2C410&amp;ssl=1\" class=\"alignnone size-full wp-image-17267\" src=\"https:\/\/i0.wp.com\/genevieveetbernardauxameriques.fr\/wp-content\/uploads\/2017\/03\/DSCN9341-e1490411271754.jpg?resize=640%2C410&#038;ssl=1\" alt=\"\" width=\"640\" height=\"410\" srcset=\"https:\/\/i0.wp.com\/genevieveetbernardauxameriques.fr\/wp-content\/uploads\/2017\/03\/DSCN9341-e1490411271754.jpg?w=710&amp;ssl=1 710w, https:\/\/i0.wp.com\/genevieveetbernardauxameriques.fr\/wp-content\/uploads\/2017\/03\/DSCN9341-e1490411271754.jpg?resize=300%2C192&amp;ssl=1 300w\" sizes=\"(max-width: 640px) 100vw, 640px\" data-recalc-dims=\"1\" \/><\/a><a href=\"https:\/\/i0.wp.com\/genevieveetbernardauxameriques.fr\/wp-content\/uploads\/2017\/03\/DSCN9342.jpg?ssl=1\"><img loading=\"lazy\" decoding=\"async\" data-attachment-id=\"17268\" data-permalink=\"https:\/\/genevieveetbernardauxameriques.fr\/index.php\/2017\/04\/06\/colombie-2eme-article-la-route-du-cafe\/dscn9342\/\" data-orig-file=\"https:\/\/i0.wp.com\/genevieveetbernardauxameriques.fr\/wp-content\/uploads\/2017\/03\/DSCN9342.jpg?fit=720%2C540&amp;ssl=1\" data-orig-size=\"720,540\" data-comments-opened=\"1\" data-image-meta=\"{&quot;aperture&quot;:&quot;3.2&quot;,&quot;credit&quot;:&quot;&quot;,&quot;camera&quot;:&quot;COOLPIX P900&quot;,&quot;caption&quot;:&quot;&quot;,&quot;created_timestamp&quot;:&quot;1490399548&quot;,&quot;copyright&quot;:&quot;&quot;,&quot;focal_length&quot;:&quot;7.7&quot;,&quot;iso&quot;:&quot;100&quot;,&quot;shutter_speed&quot;:&quot;0.00125&quot;,&quot;title&quot;:&quot;&quot;,&quot;orientation&quot;:&quot;1&quot;}\" data-image-title=\"DSCN9342\" data-image-description=\"\" data-image-caption=\"\" data-medium-file=\"https:\/\/i0.wp.com\/genevieveetbernardauxameriques.fr\/wp-content\/uploads\/2017\/03\/DSCN9342.jpg?fit=300%2C225&amp;ssl=1\" data-large-file=\"https:\/\/i0.wp.com\/genevieveetbernardauxameriques.fr\/wp-content\/uploads\/2017\/03\/DSCN9342.jpg?fit=640%2C480&amp;ssl=1\" class=\"alignnone size-full wp-image-17268\" src=\"https:\/\/i0.wp.com\/genevieveetbernardauxameriques.fr\/wp-content\/uploads\/2017\/03\/DSCN9342.jpg?resize=640%2C480&#038;ssl=1\" alt=\"\" width=\"640\" height=\"480\" srcset=\"https:\/\/i0.wp.com\/genevieveetbernardauxameriques.fr\/wp-content\/uploads\/2017\/03\/DSCN9342.jpg?w=720&amp;ssl=1 720w, https:\/\/i0.wp.com\/genevieveetbernardauxameriques.fr\/wp-content\/uploads\/2017\/03\/DSCN9342.jpg?resize=300%2C225&amp;ssl=1 300w\" sizes=\"(max-width: 640px) 100vw, 640px\" data-recalc-dims=\"1\" \/><\/a> <a href=\"https:\/\/i0.wp.com\/genevieveetbernardauxameriques.fr\/wp-content\/uploads\/2017\/03\/DSCN9343.jpg?ssl=1\"><img loading=\"lazy\" decoding=\"async\" data-attachment-id=\"17269\" data-permalink=\"https:\/\/genevieveetbernardauxameriques.fr\/index.php\/2017\/04\/06\/colombie-2eme-article-la-route-du-cafe\/dscn9343\/\" data-orig-file=\"https:\/\/i0.wp.com\/genevieveetbernardauxameriques.fr\/wp-content\/uploads\/2017\/03\/DSCN9343.jpg?fit=720%2C540&amp;ssl=1\" data-orig-size=\"720,540\" data-comments-opened=\"1\" data-image-meta=\"{&quot;aperture&quot;:&quot;4&quot;,&quot;credit&quot;:&quot;&quot;,&quot;camera&quot;:&quot;COOLPIX P900&quot;,&quot;caption&quot;:&quot;&quot;,&quot;created_timestamp&quot;:&quot;1490400429&quot;,&quot;copyright&quot;:&quot;&quot;,&quot;focal_length&quot;:&quot;18.7&quot;,&quot;iso&quot;:&quot;100&quot;,&quot;shutter_speed&quot;:&quot;0.004&quot;,&quot;title&quot;:&quot;&quot;,&quot;orientation&quot;:&quot;1&quot;}\" data-image-title=\"DSCN9343\" data-image-description=\"\" data-image-caption=\"\" data-medium-file=\"https:\/\/i0.wp.com\/genevieveetbernardauxameriques.fr\/wp-content\/uploads\/2017\/03\/DSCN9343.jpg?fit=300%2C225&amp;ssl=1\" data-large-file=\"https:\/\/i0.wp.com\/genevieveetbernardauxameriques.fr\/wp-content\/uploads\/2017\/03\/DSCN9343.jpg?fit=640%2C480&amp;ssl=1\" class=\"alignnone size-full wp-image-17269\" src=\"https:\/\/i0.wp.com\/genevieveetbernardauxameriques.fr\/wp-content\/uploads\/2017\/03\/DSCN9343.jpg?resize=640%2C480&#038;ssl=1\" alt=\"\" width=\"640\" height=\"480\" srcset=\"https:\/\/i0.wp.com\/genevieveetbernardauxameriques.fr\/wp-content\/uploads\/2017\/03\/DSCN9343.jpg?w=720&amp;ssl=1 720w, https:\/\/i0.wp.com\/genevieveetbernardauxameriques.fr\/wp-content\/uploads\/2017\/03\/DSCN9343.jpg?resize=300%2C225&amp;ssl=1 300w\" sizes=\"(max-width: 640px) 100vw, 640px\" data-recalc-dims=\"1\" \/><\/a> <a href=\"https:\/\/i0.wp.com\/genevieveetbernardauxameriques.fr\/wp-content\/uploads\/2017\/03\/DSCN9345.jpg?ssl=1\"><img loading=\"lazy\" decoding=\"async\" data-attachment-id=\"17270\" data-permalink=\"https:\/\/genevieveetbernardauxameriques.fr\/index.php\/2017\/04\/06\/colombie-2eme-article-la-route-du-cafe\/dscn9345\/\" data-orig-file=\"https:\/\/i0.wp.com\/genevieveetbernardauxameriques.fr\/wp-content\/uploads\/2017\/03\/DSCN9345.jpg?fit=720%2C540&amp;ssl=1\" data-orig-size=\"720,540\" data-comments-opened=\"1\" data-image-meta=\"{&quot;aperture&quot;:&quot;2.8&quot;,&quot;credit&quot;:&quot;&quot;,&quot;camera&quot;:&quot;COOLPIX P900&quot;,&quot;caption&quot;:&quot;&quot;,&quot;created_timestamp&quot;:&quot;1490400953&quot;,&quot;copyright&quot;:&quot;&quot;,&quot;focal_length&quot;:&quot;4.3&quot;,&quot;iso&quot;:&quot;100&quot;,&quot;shutter_speed&quot;:&quot;0.003125&quot;,&quot;title&quot;:&quot;&quot;,&quot;orientation&quot;:&quot;1&quot;}\" data-image-title=\"DSCN9345\" data-image-description=\"\" data-image-caption=\"\" data-medium-file=\"https:\/\/i0.wp.com\/genevieveetbernardauxameriques.fr\/wp-content\/uploads\/2017\/03\/DSCN9345.jpg?fit=300%2C225&amp;ssl=1\" data-large-file=\"https:\/\/i0.wp.com\/genevieveetbernardauxameriques.fr\/wp-content\/uploads\/2017\/03\/DSCN9345.jpg?fit=640%2C480&amp;ssl=1\" class=\"alignnone size-full wp-image-17270\" src=\"https:\/\/i0.wp.com\/genevieveetbernardauxameriques.fr\/wp-content\/uploads\/2017\/03\/DSCN9345.jpg?resize=640%2C480&#038;ssl=1\" alt=\"\" width=\"640\" height=\"480\" srcset=\"https:\/\/i0.wp.com\/genevieveetbernardauxameriques.fr\/wp-content\/uploads\/2017\/03\/DSCN9345.jpg?w=720&amp;ssl=1 720w, https:\/\/i0.wp.com\/genevieveetbernardauxameriques.fr\/wp-content\/uploads\/2017\/03\/DSCN9345.jpg?resize=300%2C225&amp;ssl=1 300w\" sizes=\"(max-width: 640px) 100vw, 640px\" data-recalc-dims=\"1\" \/><\/a> <a href=\"https:\/\/i0.wp.com\/genevieveetbernardauxameriques.fr\/wp-content\/uploads\/2017\/03\/DSCN9347.jpg?ssl=1\"><img loading=\"lazy\" decoding=\"async\" data-attachment-id=\"17271\" data-permalink=\"https:\/\/genevieveetbernardauxameriques.fr\/index.php\/2017\/04\/06\/colombie-2eme-article-la-route-du-cafe\/dscn9347\/\" data-orig-file=\"https:\/\/i0.wp.com\/genevieveetbernardauxameriques.fr\/wp-content\/uploads\/2017\/03\/DSCN9347.jpg?fit=720%2C540&amp;ssl=1\" data-orig-size=\"720,540\" data-comments-opened=\"1\" data-image-meta=\"{&quot;aperture&quot;:&quot;3.2&quot;,&quot;credit&quot;:&quot;&quot;,&quot;camera&quot;:&quot;COOLPIX P900&quot;,&quot;caption&quot;:&quot;&quot;,&quot;created_timestamp&quot;:&quot;1490401085&quot;,&quot;copyright&quot;:&quot;&quot;,&quot;focal_length&quot;:&quot;7.7&quot;,&quot;iso&quot;:&quot;100&quot;,&quot;shutter_speed&quot;:&quot;0.0025&quot;,&quot;title&quot;:&quot;&quot;,&quot;orientation&quot;:&quot;1&quot;}\" data-image-title=\"DSCN9347\" data-image-description=\"\" data-image-caption=\"\" data-medium-file=\"https:\/\/i0.wp.com\/genevieveetbernardauxameriques.fr\/wp-content\/uploads\/2017\/03\/DSCN9347.jpg?fit=300%2C225&amp;ssl=1\" data-large-file=\"https:\/\/i0.wp.com\/genevieveetbernardauxameriques.fr\/wp-content\/uploads\/2017\/03\/DSCN9347.jpg?fit=640%2C480&amp;ssl=1\" class=\"alignnone size-full wp-image-17271\" src=\"https:\/\/i0.wp.com\/genevieveetbernardauxameriques.fr\/wp-content\/uploads\/2017\/03\/DSCN9347.jpg?resize=640%2C480&#038;ssl=1\" alt=\"\" width=\"640\" height=\"480\" srcset=\"https:\/\/i0.wp.com\/genevieveetbernardauxameriques.fr\/wp-content\/uploads\/2017\/03\/DSCN9347.jpg?w=720&amp;ssl=1 720w, https:\/\/i0.wp.com\/genevieveetbernardauxameriques.fr\/wp-content\/uploads\/2017\/03\/DSCN9347.jpg?resize=300%2C225&amp;ssl=1 300w\" sizes=\"(max-width: 640px) 100vw, 640px\" data-recalc-dims=\"1\" \/><\/a> <a href=\"https:\/\/i0.wp.com\/genevieveetbernardauxameriques.fr\/wp-content\/uploads\/2017\/03\/DSCN9348.jpg?ssl=1\"><img loading=\"lazy\" decoding=\"async\" data-attachment-id=\"17272\" data-permalink=\"https:\/\/genevieveetbernardauxameriques.fr\/index.php\/2017\/04\/06\/colombie-2eme-article-la-route-du-cafe\/dscn9348\/\" data-orig-file=\"https:\/\/i0.wp.com\/genevieveetbernardauxameriques.fr\/wp-content\/uploads\/2017\/03\/DSCN9348.jpg?fit=720%2C540&amp;ssl=1\" data-orig-size=\"720,540\" data-comments-opened=\"1\" data-image-meta=\"{&quot;aperture&quot;:&quot;2.8&quot;,&quot;credit&quot;:&quot;&quot;,&quot;camera&quot;:&quot;COOLPIX P900&quot;,&quot;caption&quot;:&quot;&quot;,&quot;created_timestamp&quot;:&quot;1490401159&quot;,&quot;copyright&quot;:&quot;&quot;,&quot;focal_length&quot;:&quot;4.3&quot;,&quot;iso&quot;:&quot;100&quot;,&quot;shutter_speed&quot;:&quot;0.0025&quot;,&quot;title&quot;:&quot;&quot;,&quot;orientation&quot;:&quot;1&quot;}\" data-image-title=\"DSCN9348\" data-image-description=\"\" data-image-caption=\"\" data-medium-file=\"https:\/\/i0.wp.com\/genevieveetbernardauxameriques.fr\/wp-content\/uploads\/2017\/03\/DSCN9348.jpg?fit=300%2C225&amp;ssl=1\" data-large-file=\"https:\/\/i0.wp.com\/genevieveetbernardauxameriques.fr\/wp-content\/uploads\/2017\/03\/DSCN9348.jpg?fit=640%2C480&amp;ssl=1\" class=\"alignnone size-full wp-image-17272\" src=\"https:\/\/i0.wp.com\/genevieveetbernardauxameriques.fr\/wp-content\/uploads\/2017\/03\/DSCN9348.jpg?resize=640%2C480&#038;ssl=1\" alt=\"\" width=\"640\" height=\"480\" srcset=\"https:\/\/i0.wp.com\/genevieveetbernardauxameriques.fr\/wp-content\/uploads\/2017\/03\/DSCN9348.jpg?w=720&amp;ssl=1 720w, https:\/\/i0.wp.com\/genevieveetbernardauxameriques.fr\/wp-content\/uploads\/2017\/03\/DSCN9348.jpg?resize=300%2C225&amp;ssl=1 300w\" sizes=\"(max-width: 640px) 100vw, 640px\" data-recalc-dims=\"1\" \/><\/a> <a href=\"https:\/\/i0.wp.com\/genevieveetbernardauxameriques.fr\/wp-content\/uploads\/2017\/03\/DSCN9349.jpg?ssl=1\"><img loading=\"lazy\" decoding=\"async\" data-attachment-id=\"17273\" data-permalink=\"https:\/\/genevieveetbernardauxameriques.fr\/index.php\/2017\/04\/06\/colombie-2eme-article-la-route-du-cafe\/dscn9349\/\" data-orig-file=\"https:\/\/i0.wp.com\/genevieveetbernardauxameriques.fr\/wp-content\/uploads\/2017\/03\/DSCN9349.jpg?fit=720%2C540&amp;ssl=1\" data-orig-size=\"720,540\" data-comments-opened=\"1\" data-image-meta=\"{&quot;aperture&quot;:&quot;3.5&quot;,&quot;credit&quot;:&quot;&quot;,&quot;camera&quot;:&quot;COOLPIX P900&quot;,&quot;caption&quot;:&quot;&quot;,&quot;created_timestamp&quot;:&quot;1490401504&quot;,&quot;copyright&quot;:&quot;&quot;,&quot;focal_length&quot;:&quot;8.9&quot;,&quot;iso&quot;:&quot;100&quot;,&quot;shutter_speed&quot;:&quot;0.00625&quot;,&quot;title&quot;:&quot;&quot;,&quot;orientation&quot;:&quot;1&quot;}\" data-image-title=\"DSCN9349\" data-image-description=\"\" data-image-caption=\"\" data-medium-file=\"https:\/\/i0.wp.com\/genevieveetbernardauxameriques.fr\/wp-content\/uploads\/2017\/03\/DSCN9349.jpg?fit=300%2C225&amp;ssl=1\" data-large-file=\"https:\/\/i0.wp.com\/genevieveetbernardauxameriques.fr\/wp-content\/uploads\/2017\/03\/DSCN9349.jpg?fit=640%2C480&amp;ssl=1\" class=\"alignnone size-full wp-image-17273\" src=\"https:\/\/i0.wp.com\/genevieveetbernardauxameriques.fr\/wp-content\/uploads\/2017\/03\/DSCN9349.jpg?resize=640%2C480&#038;ssl=1\" alt=\"\" width=\"640\" height=\"480\" srcset=\"https:\/\/i0.wp.com\/genevieveetbernardauxameriques.fr\/wp-content\/uploads\/2017\/03\/DSCN9349.jpg?w=720&amp;ssl=1 720w, https:\/\/i0.wp.com\/genevieveetbernardauxameriques.fr\/wp-content\/uploads\/2017\/03\/DSCN9349.jpg?resize=300%2C225&amp;ssl=1 300w\" sizes=\"(max-width: 640px) 100vw, 640px\" data-recalc-dims=\"1\" \/><\/a> <a href=\"https:\/\/i0.wp.com\/genevieveetbernardauxameriques.fr\/wp-content\/uploads\/2017\/03\/DSCN9350.jpg?ssl=1\"><img loading=\"lazy\" decoding=\"async\" data-attachment-id=\"17274\" data-permalink=\"https:\/\/genevieveetbernardauxameriques.fr\/index.php\/2017\/04\/06\/colombie-2eme-article-la-route-du-cafe\/dscn9350\/\" data-orig-file=\"https:\/\/i0.wp.com\/genevieveetbernardauxameriques.fr\/wp-content\/uploads\/2017\/03\/DSCN9350.jpg?fit=720%2C540&amp;ssl=1\" data-orig-size=\"720,540\" data-comments-opened=\"1\" data-image-meta=\"{&quot;aperture&quot;:&quot;2.8&quot;,&quot;credit&quot;:&quot;&quot;,&quot;camera&quot;:&quot;COOLPIX P900&quot;,&quot;caption&quot;:&quot;&quot;,&quot;created_timestamp&quot;:&quot;1490401511&quot;,&quot;copyright&quot;:&quot;&quot;,&quot;focal_length&quot;:&quot;4.3&quot;,&quot;iso&quot;:&quot;100&quot;,&quot;shutter_speed&quot;:&quot;0.002&quot;,&quot;title&quot;:&quot;&quot;,&quot;orientation&quot;:&quot;1&quot;}\" data-image-title=\"DSCN9350\" data-image-description=\"\" data-image-caption=\"\" data-medium-file=\"https:\/\/i0.wp.com\/genevieveetbernardauxameriques.fr\/wp-content\/uploads\/2017\/03\/DSCN9350.jpg?fit=300%2C225&amp;ssl=1\" data-large-file=\"https:\/\/i0.wp.com\/genevieveetbernardauxameriques.fr\/wp-content\/uploads\/2017\/03\/DSCN9350.jpg?fit=640%2C480&amp;ssl=1\" class=\"alignnone size-full wp-image-17274\" src=\"https:\/\/i0.wp.com\/genevieveetbernardauxameriques.fr\/wp-content\/uploads\/2017\/03\/DSCN9350.jpg?resize=640%2C480&#038;ssl=1\" alt=\"\" width=\"640\" height=\"480\" srcset=\"https:\/\/i0.wp.com\/genevieveetbernardauxameriques.fr\/wp-content\/uploads\/2017\/03\/DSCN9350.jpg?w=720&amp;ssl=1 720w, https:\/\/i0.wp.com\/genevieveetbernardauxameriques.fr\/wp-content\/uploads\/2017\/03\/DSCN9350.jpg?resize=300%2C225&amp;ssl=1 300w\" sizes=\"(max-width: 640px) 100vw, 640px\" data-recalc-dims=\"1\" \/><\/a> <a href=\"https:\/\/i0.wp.com\/genevieveetbernardauxameriques.fr\/wp-content\/uploads\/2017\/03\/DSCN9351.jpg?ssl=1\"><img loading=\"lazy\" decoding=\"async\" data-attachment-id=\"17275\" data-permalink=\"https:\/\/genevieveetbernardauxameriques.fr\/index.php\/2017\/04\/06\/colombie-2eme-article-la-route-du-cafe\/dscn9351\/\" data-orig-file=\"https:\/\/i0.wp.com\/genevieveetbernardauxameriques.fr\/wp-content\/uploads\/2017\/03\/DSCN9351.jpg?fit=720%2C540&amp;ssl=1\" data-orig-size=\"720,540\" data-comments-opened=\"1\" data-image-meta=\"{&quot;aperture&quot;:&quot;2.8&quot;,&quot;credit&quot;:&quot;&quot;,&quot;camera&quot;:&quot;COOLPIX P900&quot;,&quot;caption&quot;:&quot;&quot;,&quot;created_timestamp&quot;:&quot;1490401523&quot;,&quot;copyright&quot;:&quot;&quot;,&quot;focal_length&quot;:&quot;4.3&quot;,&quot;iso&quot;:&quot;100&quot;,&quot;shutter_speed&quot;:&quot;0.003125&quot;,&quot;title&quot;:&quot;&quot;,&quot;orientation&quot;:&quot;1&quot;}\" data-image-title=\"DSCN9351\" data-image-description=\"\" data-image-caption=\"\" data-medium-file=\"https:\/\/i0.wp.com\/genevieveetbernardauxameriques.fr\/wp-content\/uploads\/2017\/03\/DSCN9351.jpg?fit=300%2C225&amp;ssl=1\" data-large-file=\"https:\/\/i0.wp.com\/genevieveetbernardauxameriques.fr\/wp-content\/uploads\/2017\/03\/DSCN9351.jpg?fit=640%2C480&amp;ssl=1\" class=\"alignnone size-full wp-image-17275\" src=\"https:\/\/i0.wp.com\/genevieveetbernardauxameriques.fr\/wp-content\/uploads\/2017\/03\/DSCN9351.jpg?resize=640%2C480&#038;ssl=1\" alt=\"\" width=\"640\" height=\"480\" srcset=\"https:\/\/i0.wp.com\/genevieveetbernardauxameriques.fr\/wp-content\/uploads\/2017\/03\/DSCN9351.jpg?w=720&amp;ssl=1 720w, https:\/\/i0.wp.com\/genevieveetbernardauxameriques.fr\/wp-content\/uploads\/2017\/03\/DSCN9351.jpg?resize=300%2C225&amp;ssl=1 300w\" sizes=\"(max-width: 640px) 100vw, 640px\" data-recalc-dims=\"1\" \/><\/a> <a href=\"https:\/\/i0.wp.com\/genevieveetbernardauxameriques.fr\/wp-content\/uploads\/2017\/03\/DSCN9352.jpg?ssl=1\"><img loading=\"lazy\" decoding=\"async\" data-attachment-id=\"17276\" data-permalink=\"https:\/\/genevieveetbernardauxameriques.fr\/index.php\/2017\/04\/06\/colombie-2eme-article-la-route-du-cafe\/dscn9352\/\" data-orig-file=\"https:\/\/i0.wp.com\/genevieveetbernardauxameriques.fr\/wp-content\/uploads\/2017\/03\/DSCN9352.jpg?fit=720%2C540&amp;ssl=1\" data-orig-size=\"720,540\" data-comments-opened=\"1\" data-image-meta=\"{&quot;aperture&quot;:&quot;3.2&quot;,&quot;credit&quot;:&quot;&quot;,&quot;camera&quot;:&quot;COOLPIX P900&quot;,&quot;caption&quot;:&quot;&quot;,&quot;created_timestamp&quot;:&quot;1490401529&quot;,&quot;copyright&quot;:&quot;&quot;,&quot;focal_length&quot;:&quot;7.7&quot;,&quot;iso&quot;:&quot;100&quot;,&quot;shutter_speed&quot;:&quot;0.003125&quot;,&quot;title&quot;:&quot;&quot;,&quot;orientation&quot;:&quot;1&quot;}\" data-image-title=\"DSCN9352\" data-image-description=\"\" data-image-caption=\"\" data-medium-file=\"https:\/\/i0.wp.com\/genevieveetbernardauxameriques.fr\/wp-content\/uploads\/2017\/03\/DSCN9352.jpg?fit=300%2C225&amp;ssl=1\" data-large-file=\"https:\/\/i0.wp.com\/genevieveetbernardauxameriques.fr\/wp-content\/uploads\/2017\/03\/DSCN9352.jpg?fit=640%2C480&amp;ssl=1\" class=\"alignnone size-full wp-image-17276\" src=\"https:\/\/i0.wp.com\/genevieveetbernardauxameriques.fr\/wp-content\/uploads\/2017\/03\/DSCN9352.jpg?resize=640%2C480&#038;ssl=1\" alt=\"\" width=\"640\" height=\"480\" srcset=\"https:\/\/i0.wp.com\/genevieveetbernardauxameriques.fr\/wp-content\/uploads\/2017\/03\/DSCN9352.jpg?w=720&amp;ssl=1 720w, https:\/\/i0.wp.com\/genevieveetbernardauxameriques.fr\/wp-content\/uploads\/2017\/03\/DSCN9352.jpg?resize=300%2C225&amp;ssl=1 300w\" sizes=\"(max-width: 640px) 100vw, 640px\" data-recalc-dims=\"1\" \/><\/a> <a href=\"https:\/\/i0.wp.com\/genevieveetbernardauxameriques.fr\/wp-content\/uploads\/2017\/03\/DSCN9354.jpg?ssl=1\"><img loading=\"lazy\" decoding=\"async\" data-attachment-id=\"17277\" data-permalink=\"https:\/\/genevieveetbernardauxameriques.fr\/index.php\/2017\/04\/06\/colombie-2eme-article-la-route-du-cafe\/dscn9354\/\" data-orig-file=\"https:\/\/i0.wp.com\/genevieveetbernardauxameriques.fr\/wp-content\/uploads\/2017\/03\/DSCN9354.jpg?fit=720%2C540&amp;ssl=1\" data-orig-size=\"720,540\" data-comments-opened=\"1\" data-image-meta=\"{&quot;aperture&quot;:&quot;3.5&quot;,&quot;credit&quot;:&quot;&quot;,&quot;camera&quot;:&quot;COOLPIX P900&quot;,&quot;caption&quot;:&quot;&quot;,&quot;created_timestamp&quot;:&quot;1490401621&quot;,&quot;copyright&quot;:&quot;&quot;,&quot;focal_length&quot;:&quot;9.8&quot;,&quot;iso&quot;:&quot;100&quot;,&quot;shutter_speed&quot;:&quot;0.004&quot;,&quot;title&quot;:&quot;&quot;,&quot;orientation&quot;:&quot;1&quot;}\" data-image-title=\"DSCN9354\" data-image-description=\"\" data-image-caption=\"\" data-medium-file=\"https:\/\/i0.wp.com\/genevieveetbernardauxameriques.fr\/wp-content\/uploads\/2017\/03\/DSCN9354.jpg?fit=300%2C225&amp;ssl=1\" data-large-file=\"https:\/\/i0.wp.com\/genevieveetbernardauxameriques.fr\/wp-content\/uploads\/2017\/03\/DSCN9354.jpg?fit=640%2C480&amp;ssl=1\" class=\"alignnone size-full wp-image-17277\" src=\"https:\/\/i0.wp.com\/genevieveetbernardauxameriques.fr\/wp-content\/uploads\/2017\/03\/DSCN9354.jpg?resize=640%2C480&#038;ssl=1\" alt=\"\" width=\"640\" height=\"480\" srcset=\"https:\/\/i0.wp.com\/genevieveetbernardauxameriques.fr\/wp-content\/uploads\/2017\/03\/DSCN9354.jpg?w=720&amp;ssl=1 720w, https:\/\/i0.wp.com\/genevieveetbernardauxameriques.fr\/wp-content\/uploads\/2017\/03\/DSCN9354.jpg?resize=300%2C225&amp;ssl=1 300w\" sizes=\"(max-width: 640px) 100vw, 640px\" data-recalc-dims=\"1\" \/><\/a> <a href=\"https:\/\/i0.wp.com\/genevieveetbernardauxameriques.fr\/wp-content\/uploads\/2017\/03\/DSCN9355.jpg?ssl=1\"><img loading=\"lazy\" decoding=\"async\" data-attachment-id=\"17278\" data-permalink=\"https:\/\/genevieveetbernardauxameriques.fr\/index.php\/2017\/04\/06\/colombie-2eme-article-la-route-du-cafe\/dscn9355\/\" data-orig-file=\"https:\/\/i0.wp.com\/genevieveetbernardauxameriques.fr\/wp-content\/uploads\/2017\/03\/DSCN9355.jpg?fit=720%2C540&amp;ssl=1\" data-orig-size=\"720,540\" data-comments-opened=\"1\" data-image-meta=\"{&quot;aperture&quot;:&quot;3.5&quot;,&quot;credit&quot;:&quot;&quot;,&quot;camera&quot;:&quot;COOLPIX P900&quot;,&quot;caption&quot;:&quot;&quot;,&quot;created_timestamp&quot;:&quot;1490401682&quot;,&quot;copyright&quot;:&quot;&quot;,&quot;focal_length&quot;:&quot;9.8&quot;,&quot;iso&quot;:&quot;100&quot;,&quot;shutter_speed&quot;:&quot;0.0025&quot;,&quot;title&quot;:&quot;&quot;,&quot;orientation&quot;:&quot;1&quot;}\" data-image-title=\"DSCN9355\" data-image-description=\"\" data-image-caption=\"\" data-medium-file=\"https:\/\/i0.wp.com\/genevieveetbernardauxameriques.fr\/wp-content\/uploads\/2017\/03\/DSCN9355.jpg?fit=300%2C225&amp;ssl=1\" data-large-file=\"https:\/\/i0.wp.com\/genevieveetbernardauxameriques.fr\/wp-content\/uploads\/2017\/03\/DSCN9355.jpg?fit=640%2C480&amp;ssl=1\" class=\"alignnone size-full wp-image-17278\" src=\"https:\/\/i0.wp.com\/genevieveetbernardauxameriques.fr\/wp-content\/uploads\/2017\/03\/DSCN9355.jpg?resize=640%2C480&#038;ssl=1\" alt=\"\" width=\"640\" height=\"480\" srcset=\"https:\/\/i0.wp.com\/genevieveetbernardauxameriques.fr\/wp-content\/uploads\/2017\/03\/DSCN9355.jpg?w=720&amp;ssl=1 720w, https:\/\/i0.wp.com\/genevieveetbernardauxameriques.fr\/wp-content\/uploads\/2017\/03\/DSCN9355.jpg?resize=300%2C225&amp;ssl=1 300w\" sizes=\"(max-width: 640px) 100vw, 640px\" data-recalc-dims=\"1\" \/><\/a><\/p>\n<p>Il n&rsquo;y a que des restos et des magasins pour touristes mais pas de quoi faire de folies.<\/p>\n<p><a href=\"https:\/\/i0.wp.com\/genevieveetbernardauxameriques.fr\/wp-content\/uploads\/2017\/03\/DSCN9356.jpg?ssl=1\"><img loading=\"lazy\" decoding=\"async\" data-attachment-id=\"17279\" data-permalink=\"https:\/\/genevieveetbernardauxameriques.fr\/index.php\/2017\/04\/06\/colombie-2eme-article-la-route-du-cafe\/dscn9356\/\" data-orig-file=\"https:\/\/i0.wp.com\/genevieveetbernardauxameriques.fr\/wp-content\/uploads\/2017\/03\/DSCN9356.jpg?fit=720%2C540&amp;ssl=1\" data-orig-size=\"720,540\" data-comments-opened=\"1\" data-image-meta=\"{&quot;aperture&quot;:&quot;3.2&quot;,&quot;credit&quot;:&quot;&quot;,&quot;camera&quot;:&quot;COOLPIX P900&quot;,&quot;caption&quot;:&quot;&quot;,&quot;created_timestamp&quot;:&quot;1490401702&quot;,&quot;copyright&quot;:&quot;&quot;,&quot;focal_length&quot;:&quot;5.9&quot;,&quot;iso&quot;:&quot;320&quot;,&quot;shutter_speed&quot;:&quot;0.033333333333333&quot;,&quot;title&quot;:&quot;&quot;,&quot;orientation&quot;:&quot;1&quot;}\" data-image-title=\"DSCN9356\" data-image-description=\"\" data-image-caption=\"\" data-medium-file=\"https:\/\/i0.wp.com\/genevieveetbernardauxameriques.fr\/wp-content\/uploads\/2017\/03\/DSCN9356.jpg?fit=300%2C225&amp;ssl=1\" data-large-file=\"https:\/\/i0.wp.com\/genevieveetbernardauxameriques.fr\/wp-content\/uploads\/2017\/03\/DSCN9356.jpg?fit=640%2C480&amp;ssl=1\" class=\"alignnone size-full wp-image-17279\" src=\"https:\/\/i0.wp.com\/genevieveetbernardauxameriques.fr\/wp-content\/uploads\/2017\/03\/DSCN9356.jpg?resize=640%2C480&#038;ssl=1\" alt=\"\" width=\"640\" height=\"480\" srcset=\"https:\/\/i0.wp.com\/genevieveetbernardauxameriques.fr\/wp-content\/uploads\/2017\/03\/DSCN9356.jpg?w=720&amp;ssl=1 720w, https:\/\/i0.wp.com\/genevieveetbernardauxameriques.fr\/wp-content\/uploads\/2017\/03\/DSCN9356.jpg?resize=300%2C225&amp;ssl=1 300w\" sizes=\"(max-width: 640px) 100vw, 640px\" data-recalc-dims=\"1\" \/><\/a><\/p>\n<p>Dans la cour d&rsquo;un magasin, des colibris dans cet arbre<\/p>\n<p><a href=\"https:\/\/i0.wp.com\/genevieveetbernardauxameriques.fr\/wp-content\/uploads\/2017\/03\/DSCN9358.jpg?ssl=1\"><img loading=\"lazy\" decoding=\"async\" data-attachment-id=\"17280\" data-permalink=\"https:\/\/genevieveetbernardauxameriques.fr\/index.php\/2017\/04\/06\/colombie-2eme-article-la-route-du-cafe\/dscn9358\/\" data-orig-file=\"https:\/\/i0.wp.com\/genevieveetbernardauxameriques.fr\/wp-content\/uploads\/2017\/03\/DSCN9358.jpg?fit=720%2C540&amp;ssl=1\" data-orig-size=\"720,540\" data-comments-opened=\"1\" data-image-meta=\"{&quot;aperture&quot;:&quot;4.5&quot;,&quot;credit&quot;:&quot;&quot;,&quot;camera&quot;:&quot;COOLPIX P900&quot;,&quot;caption&quot;:&quot;&quot;,&quot;created_timestamp&quot;:&quot;1490402288&quot;,&quot;copyright&quot;:&quot;&quot;,&quot;focal_length&quot;:&quot;42.8&quot;,&quot;iso&quot;:&quot;360&quot;,&quot;shutter_speed&quot;:&quot;0.008&quot;,&quot;title&quot;:&quot;&quot;,&quot;orientation&quot;:&quot;1&quot;}\" data-image-title=\"DSCN9358\" data-image-description=\"\" data-image-caption=\"\" data-medium-file=\"https:\/\/i0.wp.com\/genevieveetbernardauxameriques.fr\/wp-content\/uploads\/2017\/03\/DSCN9358.jpg?fit=300%2C225&amp;ssl=1\" data-large-file=\"https:\/\/i0.wp.com\/genevieveetbernardauxameriques.fr\/wp-content\/uploads\/2017\/03\/DSCN9358.jpg?fit=640%2C480&amp;ssl=1\" class=\"alignnone size-full wp-image-17280\" src=\"https:\/\/i0.wp.com\/genevieveetbernardauxameriques.fr\/wp-content\/uploads\/2017\/03\/DSCN9358.jpg?resize=640%2C480&#038;ssl=1\" alt=\"\" width=\"640\" height=\"480\" srcset=\"https:\/\/i0.wp.com\/genevieveetbernardauxameriques.fr\/wp-content\/uploads\/2017\/03\/DSCN9358.jpg?w=720&amp;ssl=1 720w, https:\/\/i0.wp.com\/genevieveetbernardauxameriques.fr\/wp-content\/uploads\/2017\/03\/DSCN9358.jpg?resize=300%2C225&amp;ssl=1 300w\" sizes=\"(max-width: 640px) 100vw, 640px\" data-recalc-dims=\"1\" \/><\/a> <a href=\"https:\/\/i0.wp.com\/genevieveetbernardauxameriques.fr\/wp-content\/uploads\/2017\/03\/DSCN9360.jpg?ssl=1\"><img loading=\"lazy\" decoding=\"async\" data-attachment-id=\"17281\" data-permalink=\"https:\/\/genevieveetbernardauxameriques.fr\/index.php\/2017\/04\/06\/colombie-2eme-article-la-route-du-cafe\/dscn9360\/\" data-orig-file=\"https:\/\/i0.wp.com\/genevieveetbernardauxameriques.fr\/wp-content\/uploads\/2017\/03\/DSCN9360.jpg?fit=720%2C540&amp;ssl=1\" data-orig-size=\"720,540\" data-comments-opened=\"1\" data-image-meta=\"{&quot;aperture&quot;:&quot;6.5&quot;,&quot;credit&quot;:&quot;&quot;,&quot;camera&quot;:&quot;COOLPIX P900&quot;,&quot;caption&quot;:&quot;&quot;,&quot;created_timestamp&quot;:&quot;1490402374&quot;,&quot;copyright&quot;:&quot;&quot;,&quot;focal_length&quot;:&quot;428.4&quot;,&quot;iso&quot;:&quot;400&quot;,&quot;shutter_speed&quot;:&quot;0.003125&quot;,&quot;title&quot;:&quot;&quot;,&quot;orientation&quot;:&quot;1&quot;}\" data-image-title=\"DSCN9360\" data-image-description=\"\" data-image-caption=\"\" data-medium-file=\"https:\/\/i0.wp.com\/genevieveetbernardauxameriques.fr\/wp-content\/uploads\/2017\/03\/DSCN9360.jpg?fit=300%2C225&amp;ssl=1\" data-large-file=\"https:\/\/i0.wp.com\/genevieveetbernardauxameriques.fr\/wp-content\/uploads\/2017\/03\/DSCN9360.jpg?fit=640%2C480&amp;ssl=1\" class=\"alignnone size-full wp-image-17281\" src=\"https:\/\/i0.wp.com\/genevieveetbernardauxameriques.fr\/wp-content\/uploads\/2017\/03\/DSCN9360.jpg?resize=640%2C480&#038;ssl=1\" alt=\"\" width=\"640\" height=\"480\" srcset=\"https:\/\/i0.wp.com\/genevieveetbernardauxameriques.fr\/wp-content\/uploads\/2017\/03\/DSCN9360.jpg?w=720&amp;ssl=1 720w, https:\/\/i0.wp.com\/genevieveetbernardauxameriques.fr\/wp-content\/uploads\/2017\/03\/DSCN9360.jpg?resize=300%2C225&amp;ssl=1 300w\" sizes=\"(max-width: 640px) 100vw, 640px\" data-recalc-dims=\"1\" \/><\/a><\/p>\n<p>On ne va pas monter l\u00e0-haut :<\/p>\n<p><a href=\"https:\/\/i0.wp.com\/genevieveetbernardauxameriques.fr\/wp-content\/uploads\/2017\/03\/DSCN9364.jpg?ssl=1\"><img loading=\"lazy\" decoding=\"async\" data-attachment-id=\"17282\" data-permalink=\"https:\/\/genevieveetbernardauxameriques.fr\/index.php\/2017\/04\/06\/colombie-2eme-article-la-route-du-cafe\/dscn9364\/\" data-orig-file=\"https:\/\/i0.wp.com\/genevieveetbernardauxameriques.fr\/wp-content\/uploads\/2017\/03\/DSCN9364.jpg?fit=720%2C540&amp;ssl=1\" data-orig-size=\"720,540\" data-comments-opened=\"1\" data-image-meta=\"{&quot;aperture&quot;:&quot;4&quot;,&quot;credit&quot;:&quot;&quot;,&quot;camera&quot;:&quot;COOLPIX P900&quot;,&quot;caption&quot;:&quot;&quot;,&quot;created_timestamp&quot;:&quot;1490402685&quot;,&quot;copyright&quot;:&quot;&quot;,&quot;focal_length&quot;:&quot;17&quot;,&quot;iso&quot;:&quot;200&quot;,&quot;shutter_speed&quot;:&quot;0.016666666666667&quot;,&quot;title&quot;:&quot;&quot;,&quot;orientation&quot;:&quot;1&quot;}\" data-image-title=\"DSCN9364\" data-image-description=\"\" data-image-caption=\"\" data-medium-file=\"https:\/\/i0.wp.com\/genevieveetbernardauxameriques.fr\/wp-content\/uploads\/2017\/03\/DSCN9364.jpg?fit=300%2C225&amp;ssl=1\" data-large-file=\"https:\/\/i0.wp.com\/genevieveetbernardauxameriques.fr\/wp-content\/uploads\/2017\/03\/DSCN9364.jpg?fit=640%2C480&amp;ssl=1\" class=\"alignnone size-full wp-image-17282\" src=\"https:\/\/i0.wp.com\/genevieveetbernardauxameriques.fr\/wp-content\/uploads\/2017\/03\/DSCN9364.jpg?resize=640%2C480&#038;ssl=1\" alt=\"\" width=\"640\" height=\"480\" srcset=\"https:\/\/i0.wp.com\/genevieveetbernardauxameriques.fr\/wp-content\/uploads\/2017\/03\/DSCN9364.jpg?w=720&amp;ssl=1 720w, https:\/\/i0.wp.com\/genevieveetbernardauxameriques.fr\/wp-content\/uploads\/2017\/03\/DSCN9364.jpg?resize=300%2C225&amp;ssl=1 300w\" sizes=\"(max-width: 640px) 100vw, 640px\" data-recalc-dims=\"1\" \/><\/a> <a href=\"https:\/\/i0.wp.com\/genevieveetbernardauxameriques.fr\/wp-content\/uploads\/2017\/03\/DSCN9365.jpg?ssl=1\"><img loading=\"lazy\" decoding=\"async\" data-attachment-id=\"17283\" data-permalink=\"https:\/\/genevieveetbernardauxameriques.fr\/index.php\/2017\/04\/06\/colombie-2eme-article-la-route-du-cafe\/dscn9365\/\" data-orig-file=\"https:\/\/i0.wp.com\/genevieveetbernardauxameriques.fr\/wp-content\/uploads\/2017\/03\/DSCN9365.jpg?fit=720%2C540&amp;ssl=1\" data-orig-size=\"720,540\" data-comments-opened=\"1\" data-image-meta=\"{&quot;aperture&quot;:&quot;3.2&quot;,&quot;credit&quot;:&quot;&quot;,&quot;camera&quot;:&quot;COOLPIX P900&quot;,&quot;caption&quot;:&quot;&quot;,&quot;created_timestamp&quot;:&quot;1490402873&quot;,&quot;copyright&quot;:&quot;&quot;,&quot;focal_length&quot;:&quot;5.9&quot;,&quot;iso&quot;:&quot;100&quot;,&quot;shutter_speed&quot;:&quot;0.033333333333333&quot;,&quot;title&quot;:&quot;&quot;,&quot;orientation&quot;:&quot;1&quot;}\" data-image-title=\"DSCN9365\" data-image-description=\"\" data-image-caption=\"\" data-medium-file=\"https:\/\/i0.wp.com\/genevieveetbernardauxameriques.fr\/wp-content\/uploads\/2017\/03\/DSCN9365.jpg?fit=300%2C225&amp;ssl=1\" data-large-file=\"https:\/\/i0.wp.com\/genevieveetbernardauxameriques.fr\/wp-content\/uploads\/2017\/03\/DSCN9365.jpg?fit=640%2C480&amp;ssl=1\" class=\"alignnone size-full wp-image-17283\" src=\"https:\/\/i0.wp.com\/genevieveetbernardauxameriques.fr\/wp-content\/uploads\/2017\/03\/DSCN9365.jpg?resize=640%2C480&#038;ssl=1\" alt=\"\" width=\"640\" height=\"480\" srcset=\"https:\/\/i0.wp.com\/genevieveetbernardauxameriques.fr\/wp-content\/uploads\/2017\/03\/DSCN9365.jpg?w=720&amp;ssl=1 720w, https:\/\/i0.wp.com\/genevieveetbernardauxameriques.fr\/wp-content\/uploads\/2017\/03\/DSCN9365.jpg?resize=300%2C225&amp;ssl=1 300w\" sizes=\"(max-width: 640px) 100vw, 640px\" data-recalc-dims=\"1\" \/><\/a> <a href=\"https:\/\/i0.wp.com\/genevieveetbernardauxameriques.fr\/wp-content\/uploads\/2017\/03\/DSCN9367.jpg?ssl=1\"><img loading=\"lazy\" decoding=\"async\" data-attachment-id=\"17285\" data-permalink=\"https:\/\/genevieveetbernardauxameriques.fr\/index.php\/2017\/04\/06\/colombie-2eme-article-la-route-du-cafe\/dscn9367\/\" data-orig-file=\"https:\/\/i0.wp.com\/genevieveetbernardauxameriques.fr\/wp-content\/uploads\/2017\/03\/DSCN9367.jpg?fit=720%2C540&amp;ssl=1\" data-orig-size=\"720,540\" data-comments-opened=\"1\" data-image-meta=\"{&quot;aperture&quot;:&quot;4.5&quot;,&quot;credit&quot;:&quot;&quot;,&quot;camera&quot;:&quot;COOLPIX P900&quot;,&quot;caption&quot;:&quot;&quot;,&quot;created_timestamp&quot;:&quot;1490403628&quot;,&quot;copyright&quot;:&quot;&quot;,&quot;focal_length&quot;:&quot;26.8&quot;,&quot;iso&quot;:&quot;400&quot;,&quot;shutter_speed&quot;:&quot;0.033333333333333&quot;,&quot;title&quot;:&quot;&quot;,&quot;orientation&quot;:&quot;1&quot;}\" data-image-title=\"DSCN9367\" data-image-description=\"\" data-image-caption=\"\" data-medium-file=\"https:\/\/i0.wp.com\/genevieveetbernardauxameriques.fr\/wp-content\/uploads\/2017\/03\/DSCN9367.jpg?fit=300%2C225&amp;ssl=1\" data-large-file=\"https:\/\/i0.wp.com\/genevieveetbernardauxameriques.fr\/wp-content\/uploads\/2017\/03\/DSCN9367.jpg?fit=640%2C480&amp;ssl=1\" class=\"alignnone size-full wp-image-17285\" src=\"https:\/\/i0.wp.com\/genevieveetbernardauxameriques.fr\/wp-content\/uploads\/2017\/03\/DSCN9367.jpg?resize=640%2C480&#038;ssl=1\" alt=\"\" width=\"640\" height=\"480\" srcset=\"https:\/\/i0.wp.com\/genevieveetbernardauxameriques.fr\/wp-content\/uploads\/2017\/03\/DSCN9367.jpg?w=720&amp;ssl=1 720w, https:\/\/i0.wp.com\/genevieveetbernardauxameriques.fr\/wp-content\/uploads\/2017\/03\/DSCN9367.jpg?resize=300%2C225&amp;ssl=1 300w\" sizes=\"(max-width: 640px) 100vw, 640px\" data-recalc-dims=\"1\" \/><\/a> <a href=\"https:\/\/i0.wp.com\/genevieveetbernardauxameriques.fr\/wp-content\/uploads\/2017\/03\/DSCN9370.jpg?ssl=1\"><img loading=\"lazy\" decoding=\"async\" data-attachment-id=\"17287\" data-permalink=\"https:\/\/genevieveetbernardauxameriques.fr\/index.php\/2017\/04\/06\/colombie-2eme-article-la-route-du-cafe\/dscn9370\/\" data-orig-file=\"https:\/\/i0.wp.com\/genevieveetbernardauxameriques.fr\/wp-content\/uploads\/2017\/03\/DSCN9370.jpg?fit=720%2C540&amp;ssl=1\" data-orig-size=\"720,540\" data-comments-opened=\"1\" data-image-meta=\"{&quot;aperture&quot;:&quot;3.5&quot;,&quot;credit&quot;:&quot;&quot;,&quot;camera&quot;:&quot;COOLPIX P900&quot;,&quot;caption&quot;:&quot;&quot;,&quot;created_timestamp&quot;:&quot;1490403731&quot;,&quot;copyright&quot;:&quot;&quot;,&quot;focal_length&quot;:&quot;10.7&quot;,&quot;iso&quot;:&quot;100&quot;,&quot;shutter_speed&quot;:&quot;0.033333333333333&quot;,&quot;title&quot;:&quot;&quot;,&quot;orientation&quot;:&quot;1&quot;}\" data-image-title=\"DSCN9370\" data-image-description=\"\" data-image-caption=\"\" data-medium-file=\"https:\/\/i0.wp.com\/genevieveetbernardauxameriques.fr\/wp-content\/uploads\/2017\/03\/DSCN9370.jpg?fit=300%2C225&amp;ssl=1\" data-large-file=\"https:\/\/i0.wp.com\/genevieveetbernardauxameriques.fr\/wp-content\/uploads\/2017\/03\/DSCN9370.jpg?fit=640%2C480&amp;ssl=1\" class=\"alignnone size-full wp-image-17287\" src=\"https:\/\/i0.wp.com\/genevieveetbernardauxameriques.fr\/wp-content\/uploads\/2017\/03\/DSCN9370.jpg?resize=640%2C480&#038;ssl=1\" alt=\"\" width=\"640\" height=\"480\" srcset=\"https:\/\/i0.wp.com\/genevieveetbernardauxameriques.fr\/wp-content\/uploads\/2017\/03\/DSCN9370.jpg?w=720&amp;ssl=1 720w, https:\/\/i0.wp.com\/genevieveetbernardauxameriques.fr\/wp-content\/uploads\/2017\/03\/DSCN9370.jpg?resize=300%2C225&amp;ssl=1 300w\" sizes=\"(max-width: 640px) 100vw, 640px\" data-recalc-dims=\"1\" \/><\/a><\/p>\n<p>On peut m\u00eame faire du cheval en ville !<\/p>\n<p><a href=\"https:\/\/i0.wp.com\/genevieveetbernardauxameriques.fr\/wp-content\/uploads\/2017\/03\/DSCN9371.jpg?ssl=1\"><img loading=\"lazy\" decoding=\"async\" data-attachment-id=\"17288\" data-permalink=\"https:\/\/genevieveetbernardauxameriques.fr\/index.php\/2017\/04\/06\/colombie-2eme-article-la-route-du-cafe\/dscn9371\/\" data-orig-file=\"https:\/\/i0.wp.com\/genevieveetbernardauxameriques.fr\/wp-content\/uploads\/2017\/03\/DSCN9371.jpg?fit=540%2C720&amp;ssl=1\" data-orig-size=\"540,720\" data-comments-opened=\"1\" data-image-meta=\"{&quot;aperture&quot;:&quot;3.2&quot;,&quot;credit&quot;:&quot;&quot;,&quot;camera&quot;:&quot;COOLPIX P900&quot;,&quot;caption&quot;:&quot;&quot;,&quot;created_timestamp&quot;:&quot;1490404168&quot;,&quot;copyright&quot;:&quot;&quot;,&quot;focal_length&quot;:&quot;5.4&quot;,&quot;iso&quot;:&quot;400&quot;,&quot;shutter_speed&quot;:&quot;0.033333333333333&quot;,&quot;title&quot;:&quot;&quot;,&quot;orientation&quot;:&quot;1&quot;}\" data-image-title=\"DSCN9371\" data-image-description=\"\" data-image-caption=\"\" data-medium-file=\"https:\/\/i0.wp.com\/genevieveetbernardauxameriques.fr\/wp-content\/uploads\/2017\/03\/DSCN9371.jpg?fit=225%2C300&amp;ssl=1\" data-large-file=\"https:\/\/i0.wp.com\/genevieveetbernardauxameriques.fr\/wp-content\/uploads\/2017\/03\/DSCN9371.jpg?fit=540%2C720&amp;ssl=1\" class=\"alignnone size-full wp-image-17288\" src=\"https:\/\/i0.wp.com\/genevieveetbernardauxameriques.fr\/wp-content\/uploads\/2017\/03\/DSCN9371.jpg?resize=540%2C720&#038;ssl=1\" alt=\"\" width=\"540\" height=\"720\" srcset=\"https:\/\/i0.wp.com\/genevieveetbernardauxameriques.fr\/wp-content\/uploads\/2017\/03\/DSCN9371.jpg?w=540&amp;ssl=1 540w, https:\/\/i0.wp.com\/genevieveetbernardauxameriques.fr\/wp-content\/uploads\/2017\/03\/DSCN9371.jpg?resize=225%2C300&amp;ssl=1 225w\" sizes=\"(max-width: 540px) 100vw, 540px\" data-recalc-dims=\"1\" \/><\/a><\/p>\n<p>Et que va s&rsquo;acheter Bernard :<\/p>\n<p><a href=\"https:\/\/i0.wp.com\/genevieveetbernardauxameriques.fr\/wp-content\/uploads\/2017\/03\/DSCN9372.jpg?ssl=1\"><img loading=\"lazy\" decoding=\"async\" data-attachment-id=\"17289\" data-permalink=\"https:\/\/genevieveetbernardauxameriques.fr\/index.php\/2017\/04\/06\/colombie-2eme-article-la-route-du-cafe\/dscn9372\/\" data-orig-file=\"https:\/\/i0.wp.com\/genevieveetbernardauxameriques.fr\/wp-content\/uploads\/2017\/03\/DSCN9372.jpg?fit=720%2C540&amp;ssl=1\" data-orig-size=\"720,540\" data-comments-opened=\"1\" data-image-meta=\"{&quot;aperture&quot;:&quot;3.5&quot;,&quot;credit&quot;:&quot;&quot;,&quot;camera&quot;:&quot;COOLPIX P900&quot;,&quot;caption&quot;:&quot;&quot;,&quot;created_timestamp&quot;:&quot;1490404194&quot;,&quot;copyright&quot;:&quot;&quot;,&quot;focal_length&quot;:&quot;8.9&quot;,&quot;iso&quot;:&quot;400&quot;,&quot;shutter_speed&quot;:&quot;0.033333333333333&quot;,&quot;title&quot;:&quot;&quot;,&quot;orientation&quot;:&quot;1&quot;}\" data-image-title=\"DSCN9372\" data-image-description=\"\" data-image-caption=\"\" data-medium-file=\"https:\/\/i0.wp.com\/genevieveetbernardauxameriques.fr\/wp-content\/uploads\/2017\/03\/DSCN9372.jpg?fit=300%2C225&amp;ssl=1\" data-large-file=\"https:\/\/i0.wp.com\/genevieveetbernardauxameriques.fr\/wp-content\/uploads\/2017\/03\/DSCN9372.jpg?fit=640%2C480&amp;ssl=1\" class=\"alignnone size-full wp-image-17289\" src=\"https:\/\/i0.wp.com\/genevieveetbernardauxameriques.fr\/wp-content\/uploads\/2017\/03\/DSCN9372.jpg?resize=640%2C480&#038;ssl=1\" alt=\"\" width=\"640\" height=\"480\" srcset=\"https:\/\/i0.wp.com\/genevieveetbernardauxameriques.fr\/wp-content\/uploads\/2017\/03\/DSCN9372.jpg?w=720&amp;ssl=1 720w, https:\/\/i0.wp.com\/genevieveetbernardauxameriques.fr\/wp-content\/uploads\/2017\/03\/DSCN9372.jpg?resize=300%2C225&amp;ssl=1 300w\" sizes=\"(max-width: 640px) 100vw, 640px\" data-recalc-dims=\"1\" \/><\/a><\/p>\n<p>Mais c&rsquo;est un authentique fabriqu\u00e9 en Colombie.<\/p>\n<p>Depuis l&rsquo;Equateur, comme nous ne trouvons rien \u00e0 acheter, nous avons jeter notre d\u00e9volu sur les chapeaux.<\/p>\n<p><a href=\"https:\/\/i0.wp.com\/genevieveetbernardauxameriques.fr\/wp-content\/uploads\/2017\/03\/DSCN9374.jpg?ssl=1\"><img loading=\"lazy\" decoding=\"async\" data-attachment-id=\"17291\" data-permalink=\"https:\/\/genevieveetbernardauxameriques.fr\/index.php\/2017\/04\/06\/colombie-2eme-article-la-route-du-cafe\/dscn9374\/\" data-orig-file=\"https:\/\/i0.wp.com\/genevieveetbernardauxameriques.fr\/wp-content\/uploads\/2017\/03\/DSCN9374.jpg?fit=720%2C540&amp;ssl=1\" data-orig-size=\"720,540\" data-comments-opened=\"1\" data-image-meta=\"{&quot;aperture&quot;:&quot;3.5&quot;,&quot;credit&quot;:&quot;&quot;,&quot;camera&quot;:&quot;COOLPIX P900&quot;,&quot;caption&quot;:&quot;&quot;,&quot;created_timestamp&quot;:&quot;1490404380&quot;,&quot;copyright&quot;:&quot;&quot;,&quot;focal_length&quot;:&quot;8.9&quot;,&quot;iso&quot;:&quot;360&quot;,&quot;shutter_speed&quot;:&quot;0.033333333333333&quot;,&quot;title&quot;:&quot;&quot;,&quot;orientation&quot;:&quot;1&quot;}\" data-image-title=\"DSCN9374\" data-image-description=\"\" data-image-caption=\"\" data-medium-file=\"https:\/\/i0.wp.com\/genevieveetbernardauxameriques.fr\/wp-content\/uploads\/2017\/03\/DSCN9374.jpg?fit=300%2C225&amp;ssl=1\" data-large-file=\"https:\/\/i0.wp.com\/genevieveetbernardauxameriques.fr\/wp-content\/uploads\/2017\/03\/DSCN9374.jpg?fit=640%2C480&amp;ssl=1\" class=\"alignnone size-full wp-image-17291\" src=\"https:\/\/i0.wp.com\/genevieveetbernardauxameriques.fr\/wp-content\/uploads\/2017\/03\/DSCN9374.jpg?resize=640%2C480&#038;ssl=1\" alt=\"\" width=\"640\" height=\"480\" srcset=\"https:\/\/i0.wp.com\/genevieveetbernardauxameriques.fr\/wp-content\/uploads\/2017\/03\/DSCN9374.jpg?w=720&amp;ssl=1 720w, https:\/\/i0.wp.com\/genevieveetbernardauxameriques.fr\/wp-content\/uploads\/2017\/03\/DSCN9374.jpg?resize=300%2C225&amp;ssl=1 300w\" sizes=\"(max-width: 640px) 100vw, 640px\" data-recalc-dims=\"1\" \/><\/a><\/p>\n<p>Ce soir, pas de restaurant, ni m\u00eame de repas au camper, nous avons trop mang\u00e9 ce midi, pourtant nous n&rsquo;avions pris qu&rsquo;un plat.<\/p>\n<p><span style=\"color: #000000;\"><b>SAMEDI 25 MARS<\/b><\/span><\/p>\n<p>A 8 h nous partons, il fait beau, pour la <strong>vall\u00e9e de Cocora<\/strong> \u00e0 10 km.<\/p>\n<p>Partout on voit des palmiers \u00e0 cire, le plus grand palmier du monde (60 m de haut) c&rsquo;est l&rsquo;arbre national et c&rsquo;est ici qu&rsquo;on peut l&rsquo;admirer.<\/p>\n<p>Ce palmier, d&rsquo;une grande beaut\u00e9 est exclusif des Andes colombiennes, il a une dur\u00e9e de vie moyenne d&rsquo;environ cent ans. Il est appel\u00e9 ainsi car sa tige est recouverte de cire le prot\u00e9geant contre les insectes et les champignons, autrefois on la r\u00e9coltait.<\/p>\n<p><img loading=\"lazy\" decoding=\"async\" data-attachment-id=\"44195\" data-permalink=\"https:\/\/genevieveetbernardauxameriques.fr\/index.php\/2017\/04\/06\/colombie-2eme-article-la-route-du-cafe\/couv-cocora-11\/\" data-orig-file=\"https:\/\/i0.wp.com\/genevieveetbernardauxameriques.fr\/wp-content\/uploads\/2017\/04\/couv-cocora-11.jpg?fit=1920%2C1275&amp;ssl=1\" data-orig-size=\"1920,1275\" data-comments-opened=\"1\" data-image-meta=\"{&quot;aperture&quot;:&quot;0&quot;,&quot;credit&quot;:&quot;&quot;,&quot;camera&quot;:&quot;&quot;,&quot;caption&quot;:&quot;&quot;,&quot;created_timestamp&quot;:&quot;0&quot;,&quot;copyright&quot;:&quot;&quot;,&quot;focal_length&quot;:&quot;0&quot;,&quot;iso&quot;:&quot;0&quot;,&quot;shutter_speed&quot;:&quot;0&quot;,&quot;title&quot;:&quot;&quot;,&quot;orientation&quot;:&quot;0&quot;}\" data-image-title=\"couv-cocora-1[1]\" data-image-description=\"\" data-image-caption=\"\" data-medium-file=\"https:\/\/i0.wp.com\/genevieveetbernardauxameriques.fr\/wp-content\/uploads\/2017\/04\/couv-cocora-11.jpg?fit=300%2C199&amp;ssl=1\" data-large-file=\"https:\/\/i0.wp.com\/genevieveetbernardauxameriques.fr\/wp-content\/uploads\/2017\/04\/couv-cocora-11.jpg?fit=640%2C425&amp;ssl=1\" class=\"alignnone size-full wp-image-44195\" src=\"https:\/\/i0.wp.com\/genevieveetbernardauxameriques.fr\/wp-content\/uploads\/2017\/04\/couv-cocora-11.jpg?resize=640%2C425&#038;ssl=1\" alt=\"\" width=\"640\" height=\"425\" srcset=\"https:\/\/i0.wp.com\/genevieveetbernardauxameriques.fr\/wp-content\/uploads\/2017\/04\/couv-cocora-11.jpg?w=1920&amp;ssl=1 1920w, https:\/\/i0.wp.com\/genevieveetbernardauxameriques.fr\/wp-content\/uploads\/2017\/04\/couv-cocora-11.jpg?resize=300%2C199&amp;ssl=1 300w, https:\/\/i0.wp.com\/genevieveetbernardauxameriques.fr\/wp-content\/uploads\/2017\/04\/couv-cocora-11.jpg?resize=1024%2C680&amp;ssl=1 1024w, https:\/\/i0.wp.com\/genevieveetbernardauxameriques.fr\/wp-content\/uploads\/2017\/04\/couv-cocora-11.jpg?resize=768%2C510&amp;ssl=1 768w, https:\/\/i0.wp.com\/genevieveetbernardauxameriques.fr\/wp-content\/uploads\/2017\/04\/couv-cocora-11.jpg?resize=1536%2C1020&amp;ssl=1 1536w, https:\/\/i0.wp.com\/genevieveetbernardauxameriques.fr\/wp-content\/uploads\/2017\/04\/couv-cocora-11.jpg?w=1280&amp;ssl=1 1280w\" sizes=\"(max-width: 640px) 100vw, 640px\" data-recalc-dims=\"1\" \/><a href=\"https:\/\/i0.wp.com\/genevieveetbernardauxameriques.fr\/wp-content\/uploads\/2017\/03\/DSCN9389.jpg?ssl=1\"><img loading=\"lazy\" decoding=\"async\" data-attachment-id=\"17318\" data-permalink=\"https:\/\/genevieveetbernardauxameriques.fr\/index.php\/2017\/04\/06\/colombie-2eme-article-la-route-du-cafe\/dscn9389\/\" data-orig-file=\"https:\/\/i0.wp.com\/genevieveetbernardauxameriques.fr\/wp-content\/uploads\/2017\/03\/DSCN9389.jpg?fit=640%2C480&amp;ssl=1\" data-orig-size=\"640,480\" data-comments-opened=\"1\" data-image-meta=\"{&quot;aperture&quot;:&quot;2.8&quot;,&quot;credit&quot;:&quot;&quot;,&quot;camera&quot;:&quot;COOLPIX P900&quot;,&quot;caption&quot;:&quot;&quot;,&quot;created_timestamp&quot;:&quot;1490457711&quot;,&quot;copyright&quot;:&quot;&quot;,&quot;focal_length&quot;:&quot;4.3&quot;,&quot;iso&quot;:&quot;100&quot;,&quot;shutter_speed&quot;:&quot;0.0005&quot;,&quot;title&quot;:&quot;&quot;,&quot;orientation&quot;:&quot;1&quot;}\" data-image-title=\"DSCN9389\" data-image-description=\"\" data-image-caption=\"\" data-medium-file=\"https:\/\/i0.wp.com\/genevieveetbernardauxameriques.fr\/wp-content\/uploads\/2017\/03\/DSCN9389.jpg?fit=300%2C225&amp;ssl=1\" data-large-file=\"https:\/\/i0.wp.com\/genevieveetbernardauxameriques.fr\/wp-content\/uploads\/2017\/03\/DSCN9389.jpg?fit=640%2C480&amp;ssl=1\" class=\"alignnone size-full wp-image-17318\" src=\"https:\/\/i0.wp.com\/genevieveetbernardauxameriques.fr\/wp-content\/uploads\/2017\/03\/DSCN9389.jpg?resize=640%2C480&#038;ssl=1\" alt=\"\" width=\"640\" height=\"480\" srcset=\"https:\/\/i0.wp.com\/genevieveetbernardauxameriques.fr\/wp-content\/uploads\/2017\/03\/DSCN9389.jpg?w=640&amp;ssl=1 640w, https:\/\/i0.wp.com\/genevieveetbernardauxameriques.fr\/wp-content\/uploads\/2017\/03\/DSCN9389.jpg?resize=300%2C225&amp;ssl=1 300w\" sizes=\"(max-width: 640px) 100vw, 640px\" data-recalc-dims=\"1\" \/><\/a><img loading=\"lazy\" decoding=\"async\" data-attachment-id=\"17317\" data-permalink=\"https:\/\/genevieveetbernardauxameriques.fr\/index.php\/2017\/04\/06\/colombie-2eme-article-la-route-du-cafe\/dscn9388\/\" data-orig-file=\"https:\/\/i0.wp.com\/genevieveetbernardauxameriques.fr\/wp-content\/uploads\/2017\/03\/DSCN9388.jpg?fit=640%2C480&amp;ssl=1\" data-orig-size=\"640,480\" data-comments-opened=\"1\" data-image-meta=\"{&quot;aperture&quot;:&quot;3.5&quot;,&quot;credit&quot;:&quot;&quot;,&quot;camera&quot;:&quot;COOLPIX P900&quot;,&quot;caption&quot;:&quot;&quot;,&quot;created_timestamp&quot;:&quot;1490457641&quot;,&quot;copyright&quot;:&quot;&quot;,&quot;focal_length&quot;:&quot;8.9&quot;,&quot;iso&quot;:&quot;100&quot;,&quot;shutter_speed&quot;:&quot;0.0025&quot;,&quot;title&quot;:&quot;&quot;,&quot;orientation&quot;:&quot;1&quot;}\" data-image-title=\"DSCN9388\" data-image-description=\"\" data-image-caption=\"\" data-medium-file=\"https:\/\/i0.wp.com\/genevieveetbernardauxameriques.fr\/wp-content\/uploads\/2017\/03\/DSCN9388.jpg?fit=300%2C225&amp;ssl=1\" data-large-file=\"https:\/\/i0.wp.com\/genevieveetbernardauxameriques.fr\/wp-content\/uploads\/2017\/03\/DSCN9388.jpg?fit=640%2C480&amp;ssl=1\" class=\"alignnone size-full wp-image-17317\" src=\"https:\/\/i0.wp.com\/genevieveetbernardauxameriques.fr\/wp-content\/uploads\/2017\/03\/DSCN9388.jpg?resize=640%2C480&#038;ssl=1\" alt=\"\" width=\"640\" height=\"480\" srcset=\"https:\/\/i0.wp.com\/genevieveetbernardauxameriques.fr\/wp-content\/uploads\/2017\/03\/DSCN9388.jpg?w=640&amp;ssl=1 640w, https:\/\/i0.wp.com\/genevieveetbernardauxameriques.fr\/wp-content\/uploads\/2017\/03\/DSCN9388.jpg?resize=300%2C225&amp;ssl=1 300w\" sizes=\"(max-width: 640px) 100vw, 640px\" data-recalc-dims=\"1\" \/><\/p>\n<p>Il y a plusieurs randonn\u00e9es \u00e0 faire. Nous allons faire celle de la R\u00e9serve Acaime qui nous am\u00e8ne jusqu&rsquo;\u00e0 une petite ferme o\u00f9 il y a des colibris. Mais nous la faisons \u00e0 cheval, nous montons jusqu&rsquo;\u00e0 2.700 m. A pied 2 h 30 de mont\u00e9e et pour nous 1 h 30 et 20 mn de marche pour terminer. (La fatigue en moins mais les courbatures en plus)<\/p>\n<p><img loading=\"lazy\" decoding=\"async\" data-attachment-id=\"17319\" data-permalink=\"https:\/\/genevieveetbernardauxameriques.fr\/index.php\/2017\/04\/06\/colombie-2eme-article-la-route-du-cafe\/dscn9390\/\" data-orig-file=\"https:\/\/i0.wp.com\/genevieveetbernardauxameriques.fr\/wp-content\/uploads\/2017\/03\/DSCN9390.jpg?fit=640%2C480&amp;ssl=1\" data-orig-size=\"640,480\" data-comments-opened=\"1\" data-image-meta=\"{&quot;aperture&quot;:&quot;2.8&quot;,&quot;credit&quot;:&quot;&quot;,&quot;camera&quot;:&quot;COOLPIX P900&quot;,&quot;caption&quot;:&quot;&quot;,&quot;created_timestamp&quot;:&quot;1490459185&quot;,&quot;copyright&quot;:&quot;&quot;,&quot;focal_length&quot;:&quot;4.3&quot;,&quot;iso&quot;:&quot;100&quot;,&quot;shutter_speed&quot;:&quot;0.002&quot;,&quot;title&quot;:&quot;&quot;,&quot;orientation&quot;:&quot;1&quot;}\" data-image-title=\"DSCN9390\" data-image-description=\"\" data-image-caption=\"\" data-medium-file=\"https:\/\/i0.wp.com\/genevieveetbernardauxameriques.fr\/wp-content\/uploads\/2017\/03\/DSCN9390.jpg?fit=300%2C225&amp;ssl=1\" data-large-file=\"https:\/\/i0.wp.com\/genevieveetbernardauxameriques.fr\/wp-content\/uploads\/2017\/03\/DSCN9390.jpg?fit=640%2C480&amp;ssl=1\" class=\"alignnone size-full wp-image-17319\" src=\"https:\/\/i0.wp.com\/genevieveetbernardauxameriques.fr\/wp-content\/uploads\/2017\/03\/DSCN9390.jpg?resize=640%2C480&#038;ssl=1\" alt=\"\" width=\"640\" height=\"480\" srcset=\"https:\/\/i0.wp.com\/genevieveetbernardauxameriques.fr\/wp-content\/uploads\/2017\/03\/DSCN9390.jpg?w=640&amp;ssl=1 640w, https:\/\/i0.wp.com\/genevieveetbernardauxameriques.fr\/wp-content\/uploads\/2017\/03\/DSCN9390.jpg?resize=300%2C225&amp;ssl=1 300w\" sizes=\"(max-width: 640px) 100vw, 640px\" data-recalc-dims=\"1\" \/><img loading=\"lazy\" decoding=\"async\" data-attachment-id=\"17321\" data-permalink=\"https:\/\/genevieveetbernardauxameriques.fr\/index.php\/2017\/04\/06\/colombie-2eme-article-la-route-du-cafe\/dscn9393\/\" data-orig-file=\"https:\/\/i0.wp.com\/genevieveetbernardauxameriques.fr\/wp-content\/uploads\/2017\/03\/DSCN9393.jpg?fit=640%2C480&amp;ssl=1\" data-orig-size=\"640,480\" data-comments-opened=\"1\" data-image-meta=\"{&quot;aperture&quot;:&quot;2.8&quot;,&quot;credit&quot;:&quot;&quot;,&quot;camera&quot;:&quot;COOLPIX P900&quot;,&quot;caption&quot;:&quot;&quot;,&quot;created_timestamp&quot;:&quot;1490459907&quot;,&quot;copyright&quot;:&quot;&quot;,&quot;focal_length&quot;:&quot;4.3&quot;,&quot;iso&quot;:&quot;100&quot;,&quot;shutter_speed&quot;:&quot;0.000625&quot;,&quot;title&quot;:&quot;&quot;,&quot;orientation&quot;:&quot;1&quot;}\" data-image-title=\"DSCN9393\" data-image-description=\"\" data-image-caption=\"\" data-medium-file=\"https:\/\/i0.wp.com\/genevieveetbernardauxameriques.fr\/wp-content\/uploads\/2017\/03\/DSCN9393.jpg?fit=300%2C225&amp;ssl=1\" data-large-file=\"https:\/\/i0.wp.com\/genevieveetbernardauxameriques.fr\/wp-content\/uploads\/2017\/03\/DSCN9393.jpg?fit=640%2C480&amp;ssl=1\" class=\"alignnone size-full wp-image-17321\" src=\"https:\/\/i0.wp.com\/genevieveetbernardauxameriques.fr\/wp-content\/uploads\/2017\/03\/DSCN9393.jpg?resize=640%2C480&#038;ssl=1\" alt=\"\" width=\"640\" height=\"480\" srcset=\"https:\/\/i0.wp.com\/genevieveetbernardauxameriques.fr\/wp-content\/uploads\/2017\/03\/DSCN9393.jpg?w=640&amp;ssl=1 640w, https:\/\/i0.wp.com\/genevieveetbernardauxameriques.fr\/wp-content\/uploads\/2017\/03\/DSCN9393.jpg?resize=300%2C225&amp;ssl=1 300w\" sizes=\"(max-width: 640px) 100vw, 640px\" data-recalc-dims=\"1\" \/><\/p>\n<p>La premi\u00e8re partie du sentier traverse des prairies, le sentier est tr\u00e8s \u00e9troit, on circule sur des rondins de bois (pas tr\u00e8s confortable pour le cheval et pour notre \u00e9quilibre)<\/p>\n<p><a href=\"https:\/\/i0.wp.com\/genevieveetbernardauxameriques.fr\/wp-content\/uploads\/2017\/03\/DSCN9395.jpg?ssl=1\"><img loading=\"lazy\" decoding=\"async\" data-attachment-id=\"17323\" data-permalink=\"https:\/\/genevieveetbernardauxameriques.fr\/index.php\/2017\/04\/06\/colombie-2eme-article-la-route-du-cafe\/dscn9395\/\" data-orig-file=\"https:\/\/i0.wp.com\/genevieveetbernardauxameriques.fr\/wp-content\/uploads\/2017\/03\/DSCN9395.jpg?fit=640%2C480&amp;ssl=1\" data-orig-size=\"640,480\" data-comments-opened=\"1\" data-image-meta=\"{&quot;aperture&quot;:&quot;3.2&quot;,&quot;credit&quot;:&quot;&quot;,&quot;camera&quot;:&quot;COOLPIX P900&quot;,&quot;caption&quot;:&quot;&quot;,&quot;created_timestamp&quot;:&quot;1490460494&quot;,&quot;copyright&quot;:&quot;&quot;,&quot;focal_length&quot;:&quot;7.1&quot;,&quot;iso&quot;:&quot;100&quot;,&quot;shutter_speed&quot;:&quot;0.000625&quot;,&quot;title&quot;:&quot;&quot;,&quot;orientation&quot;:&quot;1&quot;}\" data-image-title=\"DSCN9395\" data-image-description=\"\" data-image-caption=\"\" data-medium-file=\"https:\/\/i0.wp.com\/genevieveetbernardauxameriques.fr\/wp-content\/uploads\/2017\/03\/DSCN9395.jpg?fit=300%2C225&amp;ssl=1\" data-large-file=\"https:\/\/i0.wp.com\/genevieveetbernardauxameriques.fr\/wp-content\/uploads\/2017\/03\/DSCN9395.jpg?fit=640%2C480&amp;ssl=1\" class=\"alignnone size-full wp-image-17323\" src=\"https:\/\/i0.wp.com\/genevieveetbernardauxameriques.fr\/wp-content\/uploads\/2017\/03\/DSCN9395.jpg?resize=640%2C480&#038;ssl=1\" alt=\"\" width=\"640\" height=\"480\" srcset=\"https:\/\/i0.wp.com\/genevieveetbernardauxameriques.fr\/wp-content\/uploads\/2017\/03\/DSCN9395.jpg?w=640&amp;ssl=1 640w, https:\/\/i0.wp.com\/genevieveetbernardauxameriques.fr\/wp-content\/uploads\/2017\/03\/DSCN9395.jpg?resize=300%2C225&amp;ssl=1 300w\" sizes=\"(max-width: 640px) 100vw, 640px\" data-recalc-dims=\"1\" \/><\/a><img loading=\"lazy\" decoding=\"async\" data-attachment-id=\"17324\" data-permalink=\"https:\/\/genevieveetbernardauxameriques.fr\/index.php\/2017\/04\/06\/colombie-2eme-article-la-route-du-cafe\/dscn9396\/\" data-orig-file=\"https:\/\/i0.wp.com\/genevieveetbernardauxameriques.fr\/wp-content\/uploads\/2017\/03\/DSCN9396-e1586520783377.jpg?fit=640%2C412&amp;ssl=1\" data-orig-size=\"640,412\" data-comments-opened=\"1\" data-image-meta=\"{&quot;aperture&quot;:&quot;3.2&quot;,&quot;credit&quot;:&quot;&quot;,&quot;camera&quot;:&quot;COOLPIX P900&quot;,&quot;caption&quot;:&quot;&quot;,&quot;created_timestamp&quot;:&quot;1490460513&quot;,&quot;copyright&quot;:&quot;&quot;,&quot;focal_length&quot;:&quot;7.1&quot;,&quot;iso&quot;:&quot;100&quot;,&quot;shutter_speed&quot;:&quot;0.0015625&quot;,&quot;title&quot;:&quot;&quot;,&quot;orientation&quot;:&quot;1&quot;}\" data-image-title=\"DSCN9396\" data-image-description=\"\" data-image-caption=\"\" data-medium-file=\"https:\/\/i0.wp.com\/genevieveetbernardauxameriques.fr\/wp-content\/uploads\/2017\/03\/DSCN9396-e1586520783377.jpg?fit=300%2C193&amp;ssl=1\" data-large-file=\"https:\/\/i0.wp.com\/genevieveetbernardauxameriques.fr\/wp-content\/uploads\/2017\/03\/DSCN9396-e1586520783377.jpg?fit=640%2C412&amp;ssl=1\" class=\"alignnone size-full wp-image-17324\" src=\"https:\/\/i0.wp.com\/genevieveetbernardauxameriques.fr\/wp-content\/uploads\/2017\/03\/DSCN9396-e1586520783377.jpg?resize=640%2C412&#038;ssl=1\" alt=\"\" width=\"640\" height=\"412\" srcset=\"https:\/\/i0.wp.com\/genevieveetbernardauxameriques.fr\/wp-content\/uploads\/2017\/03\/DSCN9396-e1586520783377.jpg?w=640&amp;ssl=1 640w, https:\/\/i0.wp.com\/genevieveetbernardauxameriques.fr\/wp-content\/uploads\/2017\/03\/DSCN9396-e1586520783377.jpg?resize=300%2C193&amp;ssl=1 300w\" sizes=\"(max-width: 640px) 100vw, 640px\" data-recalc-dims=\"1\" \/><\/p>\n<p>Ensuite on monte dans une \u00e9paisse for\u00eat. L\u00e0, il n&rsquo;y a que des cailloux, de la boue et des rivi\u00e8res \u00e0 traverser \u00a0(pour les pi\u00e9tons des ponts suspendus) \u00a0et c&rsquo;est tr\u00e8s tr\u00e8s pentu. Des gens nous ont dit qu&rsquo;ils pr\u00e9f\u00e9raient \u00eatre \u00e0 pied qu&rsquo;\u00e0 cheval.<\/p>\n<p>(pour nous le chemin de droite, caillouteux)<\/p>\n<p><a href=\"https:\/\/i0.wp.com\/genevieveetbernardauxameriques.fr\/wp-content\/uploads\/2017\/03\/DSCN9398.jpg?ssl=1\"><img loading=\"lazy\" decoding=\"async\" data-attachment-id=\"17325\" data-permalink=\"https:\/\/genevieveetbernardauxameriques.fr\/index.php\/2017\/04\/06\/colombie-2eme-article-la-route-du-cafe\/dscn9398\/\" data-orig-file=\"https:\/\/i0.wp.com\/genevieveetbernardauxameriques.fr\/wp-content\/uploads\/2017\/03\/DSCN9398.jpg?fit=640%2C480&amp;ssl=1\" data-orig-size=\"640,480\" data-comments-opened=\"1\" data-image-meta=\"{&quot;aperture&quot;:&quot;2.8&quot;,&quot;credit&quot;:&quot;&quot;,&quot;camera&quot;:&quot;COOLPIX P900&quot;,&quot;caption&quot;:&quot;&quot;,&quot;created_timestamp&quot;:&quot;1490461728&quot;,&quot;copyright&quot;:&quot;&quot;,&quot;focal_length&quot;:&quot;4.3&quot;,&quot;iso&quot;:&quot;100&quot;,&quot;shutter_speed&quot;:&quot;0.005&quot;,&quot;title&quot;:&quot;&quot;,&quot;orientation&quot;:&quot;1&quot;}\" data-image-title=\"DSCN9398\" data-image-description=\"\" data-image-caption=\"\" data-medium-file=\"https:\/\/i0.wp.com\/genevieveetbernardauxameriques.fr\/wp-content\/uploads\/2017\/03\/DSCN9398.jpg?fit=300%2C225&amp;ssl=1\" data-large-file=\"https:\/\/i0.wp.com\/genevieveetbernardauxameriques.fr\/wp-content\/uploads\/2017\/03\/DSCN9398.jpg?fit=640%2C480&amp;ssl=1\" class=\"alignnone size-full wp-image-17325\" src=\"https:\/\/i0.wp.com\/genevieveetbernardauxameriques.fr\/wp-content\/uploads\/2017\/03\/DSCN9398.jpg?resize=640%2C480&#038;ssl=1\" alt=\"\" width=\"640\" height=\"480\" srcset=\"https:\/\/i0.wp.com\/genevieveetbernardauxameriques.fr\/wp-content\/uploads\/2017\/03\/DSCN9398.jpg?w=640&amp;ssl=1 640w, https:\/\/i0.wp.com\/genevieveetbernardauxameriques.fr\/wp-content\/uploads\/2017\/03\/DSCN9398.jpg?resize=300%2C225&amp;ssl=1 300w\" sizes=\"(max-width: 640px) 100vw, 640px\" data-recalc-dims=\"1\" \/><\/a> <a href=\"https:\/\/i0.wp.com\/genevieveetbernardauxameriques.fr\/wp-content\/uploads\/2017\/03\/DSCN9407.jpg?ssl=1\"><img loading=\"lazy\" decoding=\"async\" data-attachment-id=\"17328\" data-permalink=\"https:\/\/genevieveetbernardauxameriques.fr\/index.php\/2017\/04\/06\/colombie-2eme-article-la-route-du-cafe\/dscn9407\/\" data-orig-file=\"https:\/\/i0.wp.com\/genevieveetbernardauxameriques.fr\/wp-content\/uploads\/2017\/03\/DSCN9407.jpg?fit=640%2C480&amp;ssl=1\" data-orig-size=\"640,480\" data-comments-opened=\"1\" data-image-meta=\"{&quot;aperture&quot;:&quot;2.8&quot;,&quot;credit&quot;:&quot;&quot;,&quot;camera&quot;:&quot;COOLPIX P900&quot;,&quot;caption&quot;:&quot;&quot;,&quot;created_timestamp&quot;:&quot;1490462770&quot;,&quot;copyright&quot;:&quot;&quot;,&quot;focal_length&quot;:&quot;4.3&quot;,&quot;iso&quot;:&quot;100&quot;,&quot;shutter_speed&quot;:&quot;0.01&quot;,&quot;title&quot;:&quot;&quot;,&quot;orientation&quot;:&quot;1&quot;}\" data-image-title=\"DSCN9407\" data-image-description=\"\" data-image-caption=\"\" data-medium-file=\"https:\/\/i0.wp.com\/genevieveetbernardauxameriques.fr\/wp-content\/uploads\/2017\/03\/DSCN9407.jpg?fit=300%2C225&amp;ssl=1\" data-large-file=\"https:\/\/i0.wp.com\/genevieveetbernardauxameriques.fr\/wp-content\/uploads\/2017\/03\/DSCN9407.jpg?fit=640%2C480&amp;ssl=1\" class=\"alignnone size-full wp-image-17328\" src=\"https:\/\/i0.wp.com\/genevieveetbernardauxameriques.fr\/wp-content\/uploads\/2017\/03\/DSCN9407.jpg?resize=640%2C480&#038;ssl=1\" alt=\"\" width=\"640\" height=\"480\" srcset=\"https:\/\/i0.wp.com\/genevieveetbernardauxameriques.fr\/wp-content\/uploads\/2017\/03\/DSCN9407.jpg?w=640&amp;ssl=1 640w, https:\/\/i0.wp.com\/genevieveetbernardauxameriques.fr\/wp-content\/uploads\/2017\/03\/DSCN9407.jpg?resize=300%2C225&amp;ssl=1 300w\" sizes=\"(max-width: 640px) 100vw, 640px\" data-recalc-dims=\"1\" \/><\/a> <a href=\"https:\/\/i0.wp.com\/genevieveetbernardauxameriques.fr\/wp-content\/uploads\/2017\/03\/DSCN9406.jpg?ssl=1\"><img loading=\"lazy\" decoding=\"async\" data-attachment-id=\"17327\" data-permalink=\"https:\/\/genevieveetbernardauxameriques.fr\/index.php\/2017\/04\/06\/colombie-2eme-article-la-route-du-cafe\/dscn9406\/\" data-orig-file=\"https:\/\/i0.wp.com\/genevieveetbernardauxameriques.fr\/wp-content\/uploads\/2017\/03\/DSCN9406.jpg?fit=640%2C480&amp;ssl=1\" data-orig-size=\"640,480\" data-comments-opened=\"1\" data-image-meta=\"{&quot;aperture&quot;:&quot;2.8&quot;,&quot;credit&quot;:&quot;&quot;,&quot;camera&quot;:&quot;COOLPIX P900&quot;,&quot;caption&quot;:&quot;&quot;,&quot;created_timestamp&quot;:&quot;1490462714&quot;,&quot;copyright&quot;:&quot;&quot;,&quot;focal_length&quot;:&quot;4.3&quot;,&quot;iso&quot;:&quot;100&quot;,&quot;shutter_speed&quot;:&quot;0.016666666666667&quot;,&quot;title&quot;:&quot;&quot;,&quot;orientation&quot;:&quot;1&quot;}\" data-image-title=\"DSCN9406\" data-image-description=\"\" data-image-caption=\"\" data-medium-file=\"https:\/\/i0.wp.com\/genevieveetbernardauxameriques.fr\/wp-content\/uploads\/2017\/03\/DSCN9406.jpg?fit=300%2C225&amp;ssl=1\" data-large-file=\"https:\/\/i0.wp.com\/genevieveetbernardauxameriques.fr\/wp-content\/uploads\/2017\/03\/DSCN9406.jpg?fit=640%2C480&amp;ssl=1\" class=\"alignnone size-full wp-image-17327\" src=\"https:\/\/i0.wp.com\/genevieveetbernardauxameriques.fr\/wp-content\/uploads\/2017\/03\/DSCN9406.jpg?resize=640%2C480&#038;ssl=1\" alt=\"\" width=\"640\" height=\"480\" srcset=\"https:\/\/i0.wp.com\/genevieveetbernardauxameriques.fr\/wp-content\/uploads\/2017\/03\/DSCN9406.jpg?w=640&amp;ssl=1 640w, https:\/\/i0.wp.com\/genevieveetbernardauxameriques.fr\/wp-content\/uploads\/2017\/03\/DSCN9406.jpg?resize=300%2C225&amp;ssl=1 300w\" sizes=\"(max-width: 640px) 100vw, 640px\" data-recalc-dims=\"1\" \/><\/a><\/p>\n<p>Nous nous sommes dans la rivi\u00e8re \u00e0 cot\u00e9 du pont<\/p>\n<p><a href=\"https:\/\/i0.wp.com\/genevieveetbernardauxameriques.fr\/wp-content\/uploads\/2017\/03\/DSCN9404.jpg?ssl=1\"><img loading=\"lazy\" decoding=\"async\" data-attachment-id=\"17326\" data-permalink=\"https:\/\/genevieveetbernardauxameriques.fr\/index.php\/2017\/04\/06\/colombie-2eme-article-la-route-du-cafe\/dscn9404\/\" data-orig-file=\"https:\/\/i0.wp.com\/genevieveetbernardauxameriques.fr\/wp-content\/uploads\/2017\/03\/DSCN9404.jpg?fit=640%2C480&amp;ssl=1\" data-orig-size=\"640,480\" data-comments-opened=\"1\" data-image-meta=\"{&quot;aperture&quot;:&quot;2.8&quot;,&quot;credit&quot;:&quot;&quot;,&quot;camera&quot;:&quot;COOLPIX P900&quot;,&quot;caption&quot;:&quot;&quot;,&quot;created_timestamp&quot;:&quot;1490462642&quot;,&quot;copyright&quot;:&quot;&quot;,&quot;focal_length&quot;:&quot;4.3&quot;,&quot;iso&quot;:&quot;100&quot;,&quot;shutter_speed&quot;:&quot;0.005&quot;,&quot;title&quot;:&quot;&quot;,&quot;orientation&quot;:&quot;1&quot;}\" data-image-title=\"DSCN9404\" data-image-description=\"\" data-image-caption=\"\" data-medium-file=\"https:\/\/i0.wp.com\/genevieveetbernardauxameriques.fr\/wp-content\/uploads\/2017\/03\/DSCN9404.jpg?fit=300%2C225&amp;ssl=1\" data-large-file=\"https:\/\/i0.wp.com\/genevieveetbernardauxameriques.fr\/wp-content\/uploads\/2017\/03\/DSCN9404.jpg?fit=640%2C480&amp;ssl=1\" class=\"alignnone size-full wp-image-17326\" src=\"https:\/\/i0.wp.com\/genevieveetbernardauxameriques.fr\/wp-content\/uploads\/2017\/03\/DSCN9404.jpg?resize=640%2C480&#038;ssl=1\" alt=\"\" width=\"640\" height=\"480\" srcset=\"https:\/\/i0.wp.com\/genevieveetbernardauxameriques.fr\/wp-content\/uploads\/2017\/03\/DSCN9404.jpg?w=640&amp;ssl=1 640w, https:\/\/i0.wp.com\/genevieveetbernardauxameriques.fr\/wp-content\/uploads\/2017\/03\/DSCN9404.jpg?resize=300%2C225&amp;ssl=1 300w\" sizes=\"(max-width: 640px) 100vw, 640px\" data-recalc-dims=\"1\" \/><\/a><img loading=\"lazy\" decoding=\"async\" data-attachment-id=\"17335\" data-permalink=\"https:\/\/genevieveetbernardauxameriques.fr\/index.php\/2017\/04\/06\/colombie-2eme-article-la-route-du-cafe\/dscn9419\/\" data-orig-file=\"https:\/\/i0.wp.com\/genevieveetbernardauxameriques.fr\/wp-content\/uploads\/2017\/03\/DSCN9419.jpg?fit=640%2C480&amp;ssl=1\" data-orig-size=\"640,480\" data-comments-opened=\"1\" data-image-meta=\"{&quot;aperture&quot;:&quot;3.5&quot;,&quot;credit&quot;:&quot;&quot;,&quot;camera&quot;:&quot;COOLPIX P900&quot;,&quot;caption&quot;:&quot;&quot;,&quot;created_timestamp&quot;:&quot;1490464111&quot;,&quot;copyright&quot;:&quot;&quot;,&quot;focal_length&quot;:&quot;8.9&quot;,&quot;iso&quot;:&quot;220&quot;,&quot;shutter_speed&quot;:&quot;0.033333333333333&quot;,&quot;title&quot;:&quot;&quot;,&quot;orientation&quot;:&quot;1&quot;}\" data-image-title=\"DSCN9419\" data-image-description=\"\" data-image-caption=\"\" data-medium-file=\"https:\/\/i0.wp.com\/genevieveetbernardauxameriques.fr\/wp-content\/uploads\/2017\/03\/DSCN9419.jpg?fit=300%2C225&amp;ssl=1\" data-large-file=\"https:\/\/i0.wp.com\/genevieveetbernardauxameriques.fr\/wp-content\/uploads\/2017\/03\/DSCN9419.jpg?fit=640%2C480&amp;ssl=1\" class=\"alignnone size-full wp-image-17335\" src=\"https:\/\/i0.wp.com\/genevieveetbernardauxameriques.fr\/wp-content\/uploads\/2017\/03\/DSCN9419.jpg?resize=640%2C480&#038;ssl=1\" alt=\"\" width=\"640\" height=\"480\" srcset=\"https:\/\/i0.wp.com\/genevieveetbernardauxameriques.fr\/wp-content\/uploads\/2017\/03\/DSCN9419.jpg?w=640&amp;ssl=1 640w, https:\/\/i0.wp.com\/genevieveetbernardauxameriques.fr\/wp-content\/uploads\/2017\/03\/DSCN9419.jpg?resize=300%2C225&amp;ssl=1 300w\" sizes=\"(max-width: 640px) 100vw, 640px\" data-recalc-dims=\"1\" \/><\/p>\n<p>Notre guide :<\/p>\n<p><a href=\"https:\/\/i0.wp.com\/genevieveetbernardauxameriques.fr\/wp-content\/uploads\/2017\/03\/DSCN9408.jpg?ssl=1\"><img loading=\"lazy\" decoding=\"async\" data-attachment-id=\"17329\" data-permalink=\"https:\/\/genevieveetbernardauxameriques.fr\/index.php\/2017\/04\/06\/colombie-2eme-article-la-route-du-cafe\/dscn9408\/\" data-orig-file=\"https:\/\/i0.wp.com\/genevieveetbernardauxameriques.fr\/wp-content\/uploads\/2017\/03\/DSCN9408.jpg?fit=640%2C480&amp;ssl=1\" data-orig-size=\"640,480\" data-comments-opened=\"1\" data-image-meta=\"{&quot;aperture&quot;:&quot;2.8&quot;,&quot;credit&quot;:&quot;&quot;,&quot;camera&quot;:&quot;COOLPIX P900&quot;,&quot;caption&quot;:&quot;&quot;,&quot;created_timestamp&quot;:&quot;1490462907&quot;,&quot;copyright&quot;:&quot;&quot;,&quot;focal_length&quot;:&quot;4.3&quot;,&quot;iso&quot;:&quot;100&quot;,&quot;shutter_speed&quot;:&quot;0.016666666666667&quot;,&quot;title&quot;:&quot;&quot;,&quot;orientation&quot;:&quot;1&quot;}\" data-image-title=\"DSCN9408\" data-image-description=\"\" data-image-caption=\"\" data-medium-file=\"https:\/\/i0.wp.com\/genevieveetbernardauxameriques.fr\/wp-content\/uploads\/2017\/03\/DSCN9408.jpg?fit=300%2C225&amp;ssl=1\" data-large-file=\"https:\/\/i0.wp.com\/genevieveetbernardauxameriques.fr\/wp-content\/uploads\/2017\/03\/DSCN9408.jpg?fit=640%2C480&amp;ssl=1\" class=\"alignnone size-full wp-image-17329\" src=\"https:\/\/i0.wp.com\/genevieveetbernardauxameriques.fr\/wp-content\/uploads\/2017\/03\/DSCN9408.jpg?resize=640%2C480&#038;ssl=1\" alt=\"\" width=\"640\" height=\"480\" srcset=\"https:\/\/i0.wp.com\/genevieveetbernardauxameriques.fr\/wp-content\/uploads\/2017\/03\/DSCN9408.jpg?w=640&amp;ssl=1 640w, https:\/\/i0.wp.com\/genevieveetbernardauxameriques.fr\/wp-content\/uploads\/2017\/03\/DSCN9408.jpg?resize=300%2C225&amp;ssl=1 300w\" sizes=\"(max-width: 640px) 100vw, 640px\" data-recalc-dims=\"1\" \/><\/a> <a href=\"https:\/\/i0.wp.com\/genevieveetbernardauxameriques.fr\/wp-content\/uploads\/2017\/03\/DSCN9409.jpg?ssl=1\"><img loading=\"lazy\" decoding=\"async\" data-attachment-id=\"17330\" data-permalink=\"https:\/\/genevieveetbernardauxameriques.fr\/index.php\/2017\/04\/06\/colombie-2eme-article-la-route-du-cafe\/dscn9409\/\" data-orig-file=\"https:\/\/i0.wp.com\/genevieveetbernardauxameriques.fr\/wp-content\/uploads\/2017\/03\/DSCN9409.jpg?fit=640%2C480&amp;ssl=1\" data-orig-size=\"640,480\" data-comments-opened=\"1\" data-image-meta=\"{&quot;aperture&quot;:&quot;2.8&quot;,&quot;credit&quot;:&quot;&quot;,&quot;camera&quot;:&quot;COOLPIX P900&quot;,&quot;caption&quot;:&quot;&quot;,&quot;created_timestamp&quot;:&quot;1490462921&quot;,&quot;copyright&quot;:&quot;&quot;,&quot;focal_length&quot;:&quot;4.3&quot;,&quot;iso&quot;:&quot;100&quot;,&quot;shutter_speed&quot;:&quot;0.0125&quot;,&quot;title&quot;:&quot;&quot;,&quot;orientation&quot;:&quot;1&quot;}\" data-image-title=\"DSCN9409\" data-image-description=\"\" data-image-caption=\"\" data-medium-file=\"https:\/\/i0.wp.com\/genevieveetbernardauxameriques.fr\/wp-content\/uploads\/2017\/03\/DSCN9409.jpg?fit=300%2C225&amp;ssl=1\" data-large-file=\"https:\/\/i0.wp.com\/genevieveetbernardauxameriques.fr\/wp-content\/uploads\/2017\/03\/DSCN9409.jpg?fit=640%2C480&amp;ssl=1\" class=\"alignnone size-full wp-image-17330\" src=\"https:\/\/i0.wp.com\/genevieveetbernardauxameriques.fr\/wp-content\/uploads\/2017\/03\/DSCN9409.jpg?resize=640%2C480&#038;ssl=1\" alt=\"\" width=\"640\" height=\"480\" srcset=\"https:\/\/i0.wp.com\/genevieveetbernardauxameriques.fr\/wp-content\/uploads\/2017\/03\/DSCN9409.jpg?w=640&amp;ssl=1 640w, https:\/\/i0.wp.com\/genevieveetbernardauxameriques.fr\/wp-content\/uploads\/2017\/03\/DSCN9409.jpg?resize=300%2C225&amp;ssl=1 300w\" sizes=\"(max-width: 640px) 100vw, 640px\" data-recalc-dims=\"1\" \/><\/a> <a href=\"https:\/\/i0.wp.com\/genevieveetbernardauxameriques.fr\/wp-content\/uploads\/2017\/03\/DSCN9411.jpg?ssl=1\"><img loading=\"lazy\" decoding=\"async\" data-attachment-id=\"17331\" data-permalink=\"https:\/\/genevieveetbernardauxameriques.fr\/index.php\/2017\/04\/06\/colombie-2eme-article-la-route-du-cafe\/dscn9411\/\" data-orig-file=\"https:\/\/i0.wp.com\/genevieveetbernardauxameriques.fr\/wp-content\/uploads\/2017\/03\/DSCN9411.jpg?fit=640%2C480&amp;ssl=1\" data-orig-size=\"640,480\" data-comments-opened=\"1\" data-image-meta=\"{&quot;aperture&quot;:&quot;2.8&quot;,&quot;credit&quot;:&quot;&quot;,&quot;camera&quot;:&quot;COOLPIX P900&quot;,&quot;caption&quot;:&quot;&quot;,&quot;created_timestamp&quot;:&quot;1490462929&quot;,&quot;copyright&quot;:&quot;&quot;,&quot;focal_length&quot;:&quot;4.3&quot;,&quot;iso&quot;:&quot;100&quot;,&quot;shutter_speed&quot;:&quot;0.016666666666667&quot;,&quot;title&quot;:&quot;&quot;,&quot;orientation&quot;:&quot;1&quot;}\" data-image-title=\"DSCN9411\" data-image-description=\"\" data-image-caption=\"\" data-medium-file=\"https:\/\/i0.wp.com\/genevieveetbernardauxameriques.fr\/wp-content\/uploads\/2017\/03\/DSCN9411.jpg?fit=300%2C225&amp;ssl=1\" data-large-file=\"https:\/\/i0.wp.com\/genevieveetbernardauxameriques.fr\/wp-content\/uploads\/2017\/03\/DSCN9411.jpg?fit=640%2C480&amp;ssl=1\" class=\"alignnone size-full wp-image-17331\" src=\"https:\/\/i0.wp.com\/genevieveetbernardauxameriques.fr\/wp-content\/uploads\/2017\/03\/DSCN9411.jpg?resize=640%2C480&#038;ssl=1\" alt=\"\" width=\"640\" height=\"480\" srcset=\"https:\/\/i0.wp.com\/genevieveetbernardauxameriques.fr\/wp-content\/uploads\/2017\/03\/DSCN9411.jpg?w=640&amp;ssl=1 640w, https:\/\/i0.wp.com\/genevieveetbernardauxameriques.fr\/wp-content\/uploads\/2017\/03\/DSCN9411.jpg?resize=300%2C225&amp;ssl=1 300w\" sizes=\"(max-width: 640px) 100vw, 640px\" data-recalc-dims=\"1\" \/><\/a> <a href=\"https:\/\/i0.wp.com\/genevieveetbernardauxameriques.fr\/wp-content\/uploads\/2017\/03\/DSCN9412.jpg?ssl=1\"><img loading=\"lazy\" decoding=\"async\" data-attachment-id=\"17332\" data-permalink=\"https:\/\/genevieveetbernardauxameriques.fr\/index.php\/2017\/04\/06\/colombie-2eme-article-la-route-du-cafe\/dscn9412\/\" data-orig-file=\"https:\/\/i0.wp.com\/genevieveetbernardauxameriques.fr\/wp-content\/uploads\/2017\/03\/DSCN9412.jpg?fit=640%2C480&amp;ssl=1\" data-orig-size=\"640,480\" data-comments-opened=\"1\" data-image-meta=\"{&quot;aperture&quot;:&quot;2.8&quot;,&quot;credit&quot;:&quot;&quot;,&quot;camera&quot;:&quot;COOLPIX P900&quot;,&quot;caption&quot;:&quot;&quot;,&quot;created_timestamp&quot;:&quot;1490462932&quot;,&quot;copyright&quot;:&quot;&quot;,&quot;focal_length&quot;:&quot;4.3&quot;,&quot;iso&quot;:&quot;100&quot;,&quot;shutter_speed&quot;:&quot;0.02&quot;,&quot;title&quot;:&quot;&quot;,&quot;orientation&quot;:&quot;1&quot;}\" data-image-title=\"DSCN9412\" data-image-description=\"\" data-image-caption=\"\" data-medium-file=\"https:\/\/i0.wp.com\/genevieveetbernardauxameriques.fr\/wp-content\/uploads\/2017\/03\/DSCN9412.jpg?fit=300%2C225&amp;ssl=1\" data-large-file=\"https:\/\/i0.wp.com\/genevieveetbernardauxameriques.fr\/wp-content\/uploads\/2017\/03\/DSCN9412.jpg?fit=640%2C480&amp;ssl=1\" class=\"alignnone size-full wp-image-17332\" src=\"https:\/\/i0.wp.com\/genevieveetbernardauxameriques.fr\/wp-content\/uploads\/2017\/03\/DSCN9412.jpg?resize=640%2C480&#038;ssl=1\" alt=\"\" width=\"640\" height=\"480\" srcset=\"https:\/\/i0.wp.com\/genevieveetbernardauxameriques.fr\/wp-content\/uploads\/2017\/03\/DSCN9412.jpg?w=640&amp;ssl=1 640w, https:\/\/i0.wp.com\/genevieveetbernardauxameriques.fr\/wp-content\/uploads\/2017\/03\/DSCN9412.jpg?resize=300%2C225&amp;ssl=1 300w\" sizes=\"(max-width: 640px) 100vw, 640px\" data-recalc-dims=\"1\" \/><\/a><a href=\"https:\/\/i0.wp.com\/genevieveetbernardauxameriques.fr\/wp-content\/uploads\/2017\/03\/DSCN9413.jpg?ssl=1\"><img loading=\"lazy\" decoding=\"async\" data-attachment-id=\"17333\" data-permalink=\"https:\/\/genevieveetbernardauxameriques.fr\/index.php\/2017\/04\/06\/colombie-2eme-article-la-route-du-cafe\/dscn9413\/\" data-orig-file=\"https:\/\/i0.wp.com\/genevieveetbernardauxameriques.fr\/wp-content\/uploads\/2017\/03\/DSCN9413.jpg?fit=640%2C480&amp;ssl=1\" data-orig-size=\"640,480\" data-comments-opened=\"1\" data-image-meta=\"{&quot;aperture&quot;:&quot;2.8&quot;,&quot;credit&quot;:&quot;&quot;,&quot;camera&quot;:&quot;COOLPIX P900&quot;,&quot;caption&quot;:&quot;&quot;,&quot;created_timestamp&quot;:&quot;1490462948&quot;,&quot;copyright&quot;:&quot;&quot;,&quot;focal_length&quot;:&quot;4.3&quot;,&quot;iso&quot;:&quot;100&quot;,&quot;shutter_speed&quot;:&quot;0.025&quot;,&quot;title&quot;:&quot;&quot;,&quot;orientation&quot;:&quot;1&quot;}\" data-image-title=\"DSCN9413\" data-image-description=\"\" data-image-caption=\"\" data-medium-file=\"https:\/\/i0.wp.com\/genevieveetbernardauxameriques.fr\/wp-content\/uploads\/2017\/03\/DSCN9413.jpg?fit=300%2C225&amp;ssl=1\" data-large-file=\"https:\/\/i0.wp.com\/genevieveetbernardauxameriques.fr\/wp-content\/uploads\/2017\/03\/DSCN9413.jpg?fit=640%2C480&amp;ssl=1\" class=\"alignnone size-full wp-image-17333\" src=\"https:\/\/i0.wp.com\/genevieveetbernardauxameriques.fr\/wp-content\/uploads\/2017\/03\/DSCN9413.jpg?resize=640%2C480&#038;ssl=1\" alt=\"\" width=\"640\" height=\"480\" srcset=\"https:\/\/i0.wp.com\/genevieveetbernardauxameriques.fr\/wp-content\/uploads\/2017\/03\/DSCN9413.jpg?w=640&amp;ssl=1 640w, https:\/\/i0.wp.com\/genevieveetbernardauxameriques.fr\/wp-content\/uploads\/2017\/03\/DSCN9413.jpg?resize=300%2C225&amp;ssl=1 300w\" sizes=\"(max-width: 640px) 100vw, 640px\" data-recalc-dims=\"1\" \/><\/a> <a href=\"https:\/\/i0.wp.com\/genevieveetbernardauxameriques.fr\/wp-content\/uploads\/2017\/03\/DSCN9414.jpg?ssl=1\"><img loading=\"lazy\" decoding=\"async\" data-attachment-id=\"17334\" data-permalink=\"https:\/\/genevieveetbernardauxameriques.fr\/index.php\/2017\/04\/06\/colombie-2eme-article-la-route-du-cafe\/dscn9414\/\" data-orig-file=\"https:\/\/i0.wp.com\/genevieveetbernardauxameriques.fr\/wp-content\/uploads\/2017\/03\/DSCN9414.jpg?fit=640%2C480&amp;ssl=1\" data-orig-size=\"640,480\" data-comments-opened=\"1\" data-image-meta=\"{&quot;aperture&quot;:&quot;2.8&quot;,&quot;credit&quot;:&quot;&quot;,&quot;camera&quot;:&quot;COOLPIX P900&quot;,&quot;caption&quot;:&quot;&quot;,&quot;created_timestamp&quot;:&quot;1490463293&quot;,&quot;copyright&quot;:&quot;&quot;,&quot;focal_length&quot;:&quot;4.3&quot;,&quot;iso&quot;:&quot;100&quot;,&quot;shutter_speed&quot;:&quot;0.02&quot;,&quot;title&quot;:&quot;&quot;,&quot;orientation&quot;:&quot;1&quot;}\" data-image-title=\"DSCN9414\" data-image-description=\"\" data-image-caption=\"\" data-medium-file=\"https:\/\/i0.wp.com\/genevieveetbernardauxameriques.fr\/wp-content\/uploads\/2017\/03\/DSCN9414.jpg?fit=300%2C225&amp;ssl=1\" data-large-file=\"https:\/\/i0.wp.com\/genevieveetbernardauxameriques.fr\/wp-content\/uploads\/2017\/03\/DSCN9414.jpg?fit=640%2C480&amp;ssl=1\" class=\"alignnone size-full wp-image-17334\" src=\"https:\/\/i0.wp.com\/genevieveetbernardauxameriques.fr\/wp-content\/uploads\/2017\/03\/DSCN9414.jpg?resize=640%2C480&#038;ssl=1\" alt=\"\" width=\"640\" height=\"480\" srcset=\"https:\/\/i0.wp.com\/genevieveetbernardauxameriques.fr\/wp-content\/uploads\/2017\/03\/DSCN9414.jpg?w=640&amp;ssl=1 640w, https:\/\/i0.wp.com\/genevieveetbernardauxameriques.fr\/wp-content\/uploads\/2017\/03\/DSCN9414.jpg?resize=300%2C225&amp;ssl=1 300w\" sizes=\"(max-width: 640px) 100vw, 640px\" data-recalc-dims=\"1\" \/><\/a><\/p>\n<p>Les paysages sont beaux, j&rsquo;ai rat\u00e9 presque toutes mes photos, \u00e0 cause des soubresauts du cheval.<\/p>\n<p>20 mn avant l&rsquo;arriv\u00e9e, les chevaux ne peuvent plus passer, nous monterons tous les 2 \u00e0 pieds jusqu&rsquo;\u00e0 la ferme o\u00f9 l&rsquo;on nous offre une boisson et un morceau de fromage.<\/p>\n<p><a href=\"https:\/\/i0.wp.com\/genevieveetbernardauxameriques.fr\/wp-content\/uploads\/2017\/03\/DSCN9421.jpg?ssl=1\"><img loading=\"lazy\" decoding=\"async\" data-attachment-id=\"17337\" data-permalink=\"https:\/\/genevieveetbernardauxameriques.fr\/index.php\/2017\/04\/06\/colombie-2eme-article-la-route-du-cafe\/dscn9421\/\" data-orig-file=\"https:\/\/i0.wp.com\/genevieveetbernardauxameriques.fr\/wp-content\/uploads\/2017\/03\/DSCN9421.jpg?fit=640%2C480&amp;ssl=1\" data-orig-size=\"640,480\" data-comments-opened=\"1\" data-image-meta=\"{&quot;aperture&quot;:&quot;2.8&quot;,&quot;credit&quot;:&quot;&quot;,&quot;camera&quot;:&quot;COOLPIX P900&quot;,&quot;caption&quot;:&quot;&quot;,&quot;created_timestamp&quot;:&quot;1490464726&quot;,&quot;copyright&quot;:&quot;&quot;,&quot;focal_length&quot;:&quot;4.3&quot;,&quot;iso&quot;:&quot;100&quot;,&quot;shutter_speed&quot;:&quot;0.0125&quot;,&quot;title&quot;:&quot;&quot;,&quot;orientation&quot;:&quot;1&quot;}\" data-image-title=\"DSCN9421\" data-image-description=\"\" data-image-caption=\"\" data-medium-file=\"https:\/\/i0.wp.com\/genevieveetbernardauxameriques.fr\/wp-content\/uploads\/2017\/03\/DSCN9421.jpg?fit=300%2C225&amp;ssl=1\" data-large-file=\"https:\/\/i0.wp.com\/genevieveetbernardauxameriques.fr\/wp-content\/uploads\/2017\/03\/DSCN9421.jpg?fit=640%2C480&amp;ssl=1\" class=\"alignnone size-full wp-image-17337\" src=\"https:\/\/i0.wp.com\/genevieveetbernardauxameriques.fr\/wp-content\/uploads\/2017\/03\/DSCN9421.jpg?resize=640%2C480&#038;ssl=1\" alt=\"\" width=\"640\" height=\"480\" srcset=\"https:\/\/i0.wp.com\/genevieveetbernardauxameriques.fr\/wp-content\/uploads\/2017\/03\/DSCN9421.jpg?w=640&amp;ssl=1 640w, https:\/\/i0.wp.com\/genevieveetbernardauxameriques.fr\/wp-content\/uploads\/2017\/03\/DSCN9421.jpg?resize=300%2C225&amp;ssl=1 300w\" sizes=\"(max-width: 640px) 100vw, 640px\" data-recalc-dims=\"1\" \/><\/a> <a href=\"https:\/\/i0.wp.com\/genevieveetbernardauxameriques.fr\/wp-content\/uploads\/2017\/03\/DSCN9422.jpg?ssl=1\"><img loading=\"lazy\" decoding=\"async\" data-attachment-id=\"17338\" data-permalink=\"https:\/\/genevieveetbernardauxameriques.fr\/index.php\/2017\/04\/06\/colombie-2eme-article-la-route-du-cafe\/dscn9422\/\" data-orig-file=\"https:\/\/i0.wp.com\/genevieveetbernardauxameriques.fr\/wp-content\/uploads\/2017\/03\/DSCN9422.jpg?fit=640%2C480&amp;ssl=1\" data-orig-size=\"640,480\" data-comments-opened=\"1\" data-image-meta=\"{&quot;aperture&quot;:&quot;2.8&quot;,&quot;credit&quot;:&quot;&quot;,&quot;camera&quot;:&quot;COOLPIX P900&quot;,&quot;caption&quot;:&quot;&quot;,&quot;created_timestamp&quot;:&quot;1490464731&quot;,&quot;copyright&quot;:&quot;&quot;,&quot;focal_length&quot;:&quot;4.3&quot;,&quot;iso&quot;:&quot;100&quot;,&quot;shutter_speed&quot;:&quot;0.008&quot;,&quot;title&quot;:&quot;&quot;,&quot;orientation&quot;:&quot;1&quot;}\" data-image-title=\"DSCN9422\" data-image-description=\"\" data-image-caption=\"\" data-medium-file=\"https:\/\/i0.wp.com\/genevieveetbernardauxameriques.fr\/wp-content\/uploads\/2017\/03\/DSCN9422.jpg?fit=300%2C225&amp;ssl=1\" data-large-file=\"https:\/\/i0.wp.com\/genevieveetbernardauxameriques.fr\/wp-content\/uploads\/2017\/03\/DSCN9422.jpg?fit=640%2C480&amp;ssl=1\" class=\"alignnone size-full wp-image-17338\" src=\"https:\/\/i0.wp.com\/genevieveetbernardauxameriques.fr\/wp-content\/uploads\/2017\/03\/DSCN9422.jpg?resize=640%2C480&#038;ssl=1\" alt=\"\" width=\"640\" height=\"480\" srcset=\"https:\/\/i0.wp.com\/genevieveetbernardauxameriques.fr\/wp-content\/uploads\/2017\/03\/DSCN9422.jpg?w=640&amp;ssl=1 640w, https:\/\/i0.wp.com\/genevieveetbernardauxameriques.fr\/wp-content\/uploads\/2017\/03\/DSCN9422.jpg?resize=300%2C225&amp;ssl=1 300w\" sizes=\"(max-width: 640px) 100vw, 640px\" data-recalc-dims=\"1\" \/><\/a> <a href=\"https:\/\/i0.wp.com\/genevieveetbernardauxameriques.fr\/wp-content\/uploads\/2017\/03\/DSCN9420.jpg?ssl=1\"><img loading=\"lazy\" decoding=\"async\" data-attachment-id=\"17336\" data-permalink=\"https:\/\/genevieveetbernardauxameriques.fr\/index.php\/2017\/04\/06\/colombie-2eme-article-la-route-du-cafe\/dscn9420\/\" data-orig-file=\"https:\/\/i0.wp.com\/genevieveetbernardauxameriques.fr\/wp-content\/uploads\/2017\/03\/DSCN9420.jpg?fit=640%2C480&amp;ssl=1\" data-orig-size=\"640,480\" data-comments-opened=\"1\" data-image-meta=\"{&quot;aperture&quot;:&quot;3.5&quot;,&quot;credit&quot;:&quot;&quot;,&quot;camera&quot;:&quot;COOLPIX P900&quot;,&quot;caption&quot;:&quot;&quot;,&quot;created_timestamp&quot;:&quot;1490464117&quot;,&quot;copyright&quot;:&quot;&quot;,&quot;focal_length&quot;:&quot;8.9&quot;,&quot;iso&quot;:&quot;125&quot;,&quot;shutter_speed&quot;:&quot;0.033333333333333&quot;,&quot;title&quot;:&quot;&quot;,&quot;orientation&quot;:&quot;1&quot;}\" data-image-title=\"DSCN9420\" data-image-description=\"\" data-image-caption=\"\" data-medium-file=\"https:\/\/i0.wp.com\/genevieveetbernardauxameriques.fr\/wp-content\/uploads\/2017\/03\/DSCN9420.jpg?fit=300%2C225&amp;ssl=1\" data-large-file=\"https:\/\/i0.wp.com\/genevieveetbernardauxameriques.fr\/wp-content\/uploads\/2017\/03\/DSCN9420.jpg?fit=640%2C480&amp;ssl=1\" class=\"alignnone size-full wp-image-17336\" src=\"https:\/\/i0.wp.com\/genevieveetbernardauxameriques.fr\/wp-content\/uploads\/2017\/03\/DSCN9420.jpg?resize=640%2C480&#038;ssl=1\" alt=\"\" width=\"640\" height=\"480\" srcset=\"https:\/\/i0.wp.com\/genevieveetbernardauxameriques.fr\/wp-content\/uploads\/2017\/03\/DSCN9420.jpg?w=640&amp;ssl=1 640w, https:\/\/i0.wp.com\/genevieveetbernardauxameriques.fr\/wp-content\/uploads\/2017\/03\/DSCN9420.jpg?resize=300%2C225&amp;ssl=1 300w\" sizes=\"(max-width: 640px) 100vw, 640px\" data-recalc-dims=\"1\" \/><\/a> <a href=\"https:\/\/i0.wp.com\/genevieveetbernardauxameriques.fr\/wp-content\/uploads\/2017\/03\/DSCN9441.jpg?ssl=1\"><img loading=\"lazy\" decoding=\"async\" data-attachment-id=\"17346\" data-permalink=\"https:\/\/genevieveetbernardauxameriques.fr\/index.php\/2017\/04\/06\/colombie-2eme-article-la-route-du-cafe\/dscn9441\/\" data-orig-file=\"https:\/\/i0.wp.com\/genevieveetbernardauxameriques.fr\/wp-content\/uploads\/2017\/03\/DSCN9441.jpg?fit=640%2C480&amp;ssl=1\" data-orig-size=\"640,480\" data-comments-opened=\"1\" data-image-meta=\"{&quot;aperture&quot;:&quot;3.2&quot;,&quot;credit&quot;:&quot;&quot;,&quot;camera&quot;:&quot;COOLPIX P900&quot;,&quot;caption&quot;:&quot;&quot;,&quot;created_timestamp&quot;:&quot;1490465983&quot;,&quot;copyright&quot;:&quot;&quot;,&quot;focal_length&quot;:&quot;5.9&quot;,&quot;iso&quot;:&quot;100&quot;,&quot;shutter_speed&quot;:&quot;0.02&quot;,&quot;title&quot;:&quot;&quot;,&quot;orientation&quot;:&quot;1&quot;}\" data-image-title=\"DSCN9441\" data-image-description=\"\" data-image-caption=\"\" data-medium-file=\"https:\/\/i0.wp.com\/genevieveetbernardauxameriques.fr\/wp-content\/uploads\/2017\/03\/DSCN9441.jpg?fit=300%2C225&amp;ssl=1\" data-large-file=\"https:\/\/i0.wp.com\/genevieveetbernardauxameriques.fr\/wp-content\/uploads\/2017\/03\/DSCN9441.jpg?fit=640%2C480&amp;ssl=1\" class=\"alignnone size-full wp-image-17346\" src=\"https:\/\/i0.wp.com\/genevieveetbernardauxameriques.fr\/wp-content\/uploads\/2017\/03\/DSCN9441.jpg?resize=640%2C480&#038;ssl=1\" alt=\"\" width=\"640\" height=\"480\" srcset=\"https:\/\/i0.wp.com\/genevieveetbernardauxameriques.fr\/wp-content\/uploads\/2017\/03\/DSCN9441.jpg?w=640&amp;ssl=1 640w, https:\/\/i0.wp.com\/genevieveetbernardauxameriques.fr\/wp-content\/uploads\/2017\/03\/DSCN9441.jpg?resize=300%2C225&amp;ssl=1 300w\" sizes=\"(max-width: 640px) 100vw, 640px\" data-recalc-dims=\"1\" \/><\/a><\/p>\n<p>Et voil\u00e0 les colibris<\/p>\n<p><a href=\"https:\/\/i0.wp.com\/genevieveetbernardauxameriques.fr\/wp-content\/uploads\/2017\/03\/DSCN9427-e1490501025316.jpg?ssl=1\"><img loading=\"lazy\" decoding=\"async\" data-attachment-id=\"17340\" data-permalink=\"https:\/\/genevieveetbernardauxameriques.fr\/index.php\/2017\/04\/06\/colombie-2eme-article-la-route-du-cafe\/dscn9427\/\" data-orig-file=\"https:\/\/i0.wp.com\/genevieveetbernardauxameriques.fr\/wp-content\/uploads\/2017\/03\/DSCN9427-e1490501025316.jpg?fit=545%2C390&amp;ssl=1\" data-orig-size=\"545,390\" data-comments-opened=\"1\" data-image-meta=\"{&quot;aperture&quot;:&quot;5&quot;,&quot;credit&quot;:&quot;&quot;,&quot;camera&quot;:&quot;COOLPIX P900&quot;,&quot;caption&quot;:&quot;&quot;,&quot;created_timestamp&quot;:&quot;1490465400&quot;,&quot;copyright&quot;:&quot;&quot;,&quot;focal_length&quot;:&quot;80.3&quot;,&quot;iso&quot;:&quot;400&quot;,&quot;shutter_speed&quot;:&quot;0.005&quot;,&quot;title&quot;:&quot;&quot;,&quot;orientation&quot;:&quot;1&quot;}\" data-image-title=\"DSCN9427\" data-image-description=\"\" data-image-caption=\"\" data-medium-file=\"https:\/\/i0.wp.com\/genevieveetbernardauxameriques.fr\/wp-content\/uploads\/2017\/03\/DSCN9427-e1490501025316.jpg?fit=300%2C215&amp;ssl=1\" data-large-file=\"https:\/\/i0.wp.com\/genevieveetbernardauxameriques.fr\/wp-content\/uploads\/2017\/03\/DSCN9427-e1490501025316.jpg?fit=545%2C390&amp;ssl=1\" class=\"size-full wp-image-17340 aligncenter\" src=\"https:\/\/i0.wp.com\/genevieveetbernardauxameriques.fr\/wp-content\/uploads\/2017\/03\/DSCN9427-e1490501025316.jpg?resize=545%2C390&#038;ssl=1\" alt=\"\" width=\"545\" height=\"390\" srcset=\"https:\/\/i0.wp.com\/genevieveetbernardauxameriques.fr\/wp-content\/uploads\/2017\/03\/DSCN9427-e1490501025316.jpg?w=545&amp;ssl=1 545w, https:\/\/i0.wp.com\/genevieveetbernardauxameriques.fr\/wp-content\/uploads\/2017\/03\/DSCN9427-e1490501025316.jpg?resize=300%2C215&amp;ssl=1 300w\" sizes=\"(max-width: 545px) 100vw, 545px\" data-recalc-dims=\"1\" \/><\/a>\u00a0 <a href=\"https:\/\/i0.wp.com\/genevieveetbernardauxameriques.fr\/wp-content\/uploads\/2017\/03\/DSCN9431.jpg?ssl=1\"><img loading=\"lazy\" decoding=\"async\" data-attachment-id=\"17342\" data-permalink=\"https:\/\/genevieveetbernardauxameriques.fr\/index.php\/2017\/04\/06\/colombie-2eme-article-la-route-du-cafe\/dscn9431\/\" data-orig-file=\"https:\/\/i0.wp.com\/genevieveetbernardauxameriques.fr\/wp-content\/uploads\/2017\/03\/DSCN9431.jpg?fit=640%2C480&amp;ssl=1\" data-orig-size=\"640,480\" data-comments-opened=\"1\" data-image-meta=\"{&quot;aperture&quot;:&quot;5.6&quot;,&quot;credit&quot;:&quot;&quot;,&quot;camera&quot;:&quot;COOLPIX P900&quot;,&quot;caption&quot;:&quot;&quot;,&quot;created_timestamp&quot;:&quot;1490465673&quot;,&quot;copyright&quot;:&quot;&quot;,&quot;focal_length&quot;:&quot;116&quot;,&quot;iso&quot;:&quot;400&quot;,&quot;shutter_speed&quot;:&quot;0.008&quot;,&quot;title&quot;:&quot;&quot;,&quot;orientation&quot;:&quot;1&quot;}\" data-image-title=\"DSCN9431\" data-image-description=\"\" data-image-caption=\"\" data-medium-file=\"https:\/\/i0.wp.com\/genevieveetbernardauxameriques.fr\/wp-content\/uploads\/2017\/03\/DSCN9431.jpg?fit=300%2C225&amp;ssl=1\" data-large-file=\"https:\/\/i0.wp.com\/genevieveetbernardauxameriques.fr\/wp-content\/uploads\/2017\/03\/DSCN9431.jpg?fit=640%2C480&amp;ssl=1\" class=\"alignnone size-full wp-image-17342\" src=\"https:\/\/i0.wp.com\/genevieveetbernardauxameriques.fr\/wp-content\/uploads\/2017\/03\/DSCN9431.jpg?resize=640%2C480&#038;ssl=1\" alt=\"\" width=\"640\" height=\"480\" srcset=\"https:\/\/i0.wp.com\/genevieveetbernardauxameriques.fr\/wp-content\/uploads\/2017\/03\/DSCN9431.jpg?w=640&amp;ssl=1 640w, https:\/\/i0.wp.com\/genevieveetbernardauxameriques.fr\/wp-content\/uploads\/2017\/03\/DSCN9431.jpg?resize=300%2C225&amp;ssl=1 300w\" sizes=\"(max-width: 640px) 100vw, 640px\" data-recalc-dims=\"1\" \/><\/a> <a href=\"https:\/\/i0.wp.com\/genevieveetbernardauxameriques.fr\/wp-content\/uploads\/2017\/03\/DSCN9438.jpg?ssl=1\"><img loading=\"lazy\" decoding=\"async\" data-attachment-id=\"17345\" data-permalink=\"https:\/\/genevieveetbernardauxameriques.fr\/index.php\/2017\/04\/06\/colombie-2eme-article-la-route-du-cafe\/dscn9438\/\" data-orig-file=\"https:\/\/i0.wp.com\/genevieveetbernardauxameriques.fr\/wp-content\/uploads\/2017\/03\/DSCN9438.jpg?fit=640%2C480&amp;ssl=1\" data-orig-size=\"640,480\" data-comments-opened=\"1\" data-image-meta=\"{&quot;aperture&quot;:&quot;4&quot;,&quot;credit&quot;:&quot;&quot;,&quot;camera&quot;:&quot;COOLPIX P900&quot;,&quot;caption&quot;:&quot;&quot;,&quot;created_timestamp&quot;:&quot;1490465899&quot;,&quot;copyright&quot;:&quot;&quot;,&quot;focal_length&quot;:&quot;22.3&quot;,&quot;iso&quot;:&quot;160&quot;,&quot;shutter_speed&quot;:&quot;0.016666666666667&quot;,&quot;title&quot;:&quot;&quot;,&quot;orientation&quot;:&quot;1&quot;}\" data-image-title=\"DSCN9438\" data-image-description=\"\" data-image-caption=\"\" data-medium-file=\"https:\/\/i0.wp.com\/genevieveetbernardauxameriques.fr\/wp-content\/uploads\/2017\/03\/DSCN9438.jpg?fit=300%2C225&amp;ssl=1\" data-large-file=\"https:\/\/i0.wp.com\/genevieveetbernardauxameriques.fr\/wp-content\/uploads\/2017\/03\/DSCN9438.jpg?fit=640%2C480&amp;ssl=1\" class=\"alignnone size-full wp-image-17345\" src=\"https:\/\/i0.wp.com\/genevieveetbernardauxameriques.fr\/wp-content\/uploads\/2017\/03\/DSCN9438.jpg?resize=640%2C480&#038;ssl=1\" alt=\"\" width=\"640\" height=\"480\" srcset=\"https:\/\/i0.wp.com\/genevieveetbernardauxameriques.fr\/wp-content\/uploads\/2017\/03\/DSCN9438.jpg?w=640&amp;ssl=1 640w, https:\/\/i0.wp.com\/genevieveetbernardauxameriques.fr\/wp-content\/uploads\/2017\/03\/DSCN9438.jpg?resize=300%2C225&amp;ssl=1 300w\" sizes=\"(max-width: 640px) 100vw, 640px\" data-recalc-dims=\"1\" \/><\/a> <a href=\"https:\/\/i0.wp.com\/genevieveetbernardauxameriques.fr\/wp-content\/uploads\/2017\/03\/DSCN9433.jpg?ssl=1\"><img loading=\"lazy\" decoding=\"async\" data-attachment-id=\"17343\" data-permalink=\"https:\/\/genevieveetbernardauxameriques.fr\/index.php\/2017\/04\/06\/colombie-2eme-article-la-route-du-cafe\/dscn9433\/\" data-orig-file=\"https:\/\/i0.wp.com\/genevieveetbernardauxameriques.fr\/wp-content\/uploads\/2017\/03\/DSCN9433.jpg?fit=640%2C480&amp;ssl=1\" data-orig-size=\"640,480\" data-comments-opened=\"1\" data-image-meta=\"{&quot;aperture&quot;:&quot;5.6&quot;,&quot;credit&quot;:&quot;&quot;,&quot;camera&quot;:&quot;COOLPIX P900&quot;,&quot;caption&quot;:&quot;&quot;,&quot;created_timestamp&quot;:&quot;1490465679&quot;,&quot;copyright&quot;:&quot;&quot;,&quot;focal_length&quot;:&quot;116&quot;,&quot;iso&quot;:&quot;450&quot;,&quot;shutter_speed&quot;:&quot;0.008&quot;,&quot;title&quot;:&quot;&quot;,&quot;orientation&quot;:&quot;1&quot;}\" data-image-title=\"DSCN9433\" data-image-description=\"\" data-image-caption=\"\" data-medium-file=\"https:\/\/i0.wp.com\/genevieveetbernardauxameriques.fr\/wp-content\/uploads\/2017\/03\/DSCN9433.jpg?fit=300%2C225&amp;ssl=1\" data-large-file=\"https:\/\/i0.wp.com\/genevieveetbernardauxameriques.fr\/wp-content\/uploads\/2017\/03\/DSCN9433.jpg?fit=640%2C480&amp;ssl=1\" class=\"alignnone size-full wp-image-17343\" src=\"https:\/\/i0.wp.com\/genevieveetbernardauxameriques.fr\/wp-content\/uploads\/2017\/03\/DSCN9433.jpg?resize=640%2C480&#038;ssl=1\" alt=\"\" width=\"640\" height=\"480\" srcset=\"https:\/\/i0.wp.com\/genevieveetbernardauxameriques.fr\/wp-content\/uploads\/2017\/03\/DSCN9433.jpg?w=640&amp;ssl=1 640w, https:\/\/i0.wp.com\/genevieveetbernardauxameriques.fr\/wp-content\/uploads\/2017\/03\/DSCN9433.jpg?resize=300%2C225&amp;ssl=1 300w\" sizes=\"(max-width: 640px) 100vw, 640px\" data-recalc-dims=\"1\" \/><\/a>et l&rsquo;on redescend d&rsquo;abord \u00e0 pied,<\/p>\n<p><a href=\"https:\/\/i0.wp.com\/genevieveetbernardauxameriques.fr\/wp-content\/uploads\/2017\/03\/DSCN9445.jpg?ssl=1\"><img loading=\"lazy\" decoding=\"async\" data-attachment-id=\"17347\" data-permalink=\"https:\/\/genevieveetbernardauxameriques.fr\/index.php\/2017\/04\/06\/colombie-2eme-article-la-route-du-cafe\/dscn9445\/\" data-orig-file=\"https:\/\/i0.wp.com\/genevieveetbernardauxameriques.fr\/wp-content\/uploads\/2017\/03\/DSCN9445.jpg?fit=640%2C480&amp;ssl=1\" data-orig-size=\"640,480\" data-comments-opened=\"1\" data-image-meta=\"{&quot;aperture&quot;:&quot;2.8&quot;,&quot;credit&quot;:&quot;&quot;,&quot;camera&quot;:&quot;COOLPIX P900&quot;,&quot;caption&quot;:&quot;&quot;,&quot;created_timestamp&quot;:&quot;1490466597&quot;,&quot;copyright&quot;:&quot;&quot;,&quot;focal_length&quot;:&quot;4.3&quot;,&quot;iso&quot;:&quot;100&quot;,&quot;shutter_speed&quot;:&quot;0.025&quot;,&quot;title&quot;:&quot;&quot;,&quot;orientation&quot;:&quot;1&quot;}\" data-image-title=\"DSCN9445\" data-image-description=\"\" data-image-caption=\"\" data-medium-file=\"https:\/\/i0.wp.com\/genevieveetbernardauxameriques.fr\/wp-content\/uploads\/2017\/03\/DSCN9445.jpg?fit=300%2C225&amp;ssl=1\" data-large-file=\"https:\/\/i0.wp.com\/genevieveetbernardauxameriques.fr\/wp-content\/uploads\/2017\/03\/DSCN9445.jpg?fit=640%2C480&amp;ssl=1\" class=\"alignnone size-full wp-image-17347\" src=\"https:\/\/i0.wp.com\/genevieveetbernardauxameriques.fr\/wp-content\/uploads\/2017\/03\/DSCN9445.jpg?resize=640%2C480&#038;ssl=1\" alt=\"\" width=\"640\" height=\"480\" srcset=\"https:\/\/i0.wp.com\/genevieveetbernardauxameriques.fr\/wp-content\/uploads\/2017\/03\/DSCN9445.jpg?w=640&amp;ssl=1 640w, https:\/\/i0.wp.com\/genevieveetbernardauxameriques.fr\/wp-content\/uploads\/2017\/03\/DSCN9445.jpg?resize=300%2C225&amp;ssl=1 300w\" sizes=\"(max-width: 640px) 100vw, 640px\" data-recalc-dims=\"1\" \/><\/a> <a href=\"https:\/\/i0.wp.com\/genevieveetbernardauxameriques.fr\/wp-content\/uploads\/2017\/03\/DSCN9446.jpg?ssl=1\"><img loading=\"lazy\" decoding=\"async\" data-attachment-id=\"17348\" data-permalink=\"https:\/\/genevieveetbernardauxameriques.fr\/index.php\/2017\/04\/06\/colombie-2eme-article-la-route-du-cafe\/dscn9446\/\" data-orig-file=\"https:\/\/i0.wp.com\/genevieveetbernardauxameriques.fr\/wp-content\/uploads\/2017\/03\/DSCN9446.jpg?fit=640%2C480&amp;ssl=1\" data-orig-size=\"640,480\" data-comments-opened=\"1\" data-image-meta=\"{&quot;aperture&quot;:&quot;2.8&quot;,&quot;credit&quot;:&quot;&quot;,&quot;camera&quot;:&quot;COOLPIX P900&quot;,&quot;caption&quot;:&quot;&quot;,&quot;created_timestamp&quot;:&quot;1490466675&quot;,&quot;copyright&quot;:&quot;&quot;,&quot;focal_length&quot;:&quot;4.3&quot;,&quot;iso&quot;:&quot;100&quot;,&quot;shutter_speed&quot;:&quot;0.033333333333333&quot;,&quot;title&quot;:&quot;&quot;,&quot;orientation&quot;:&quot;1&quot;}\" data-image-title=\"DSCN9446\" data-image-description=\"\" data-image-caption=\"\" data-medium-file=\"https:\/\/i0.wp.com\/genevieveetbernardauxameriques.fr\/wp-content\/uploads\/2017\/03\/DSCN9446.jpg?fit=300%2C225&amp;ssl=1\" data-large-file=\"https:\/\/i0.wp.com\/genevieveetbernardauxameriques.fr\/wp-content\/uploads\/2017\/03\/DSCN9446.jpg?fit=640%2C480&amp;ssl=1\" class=\"alignnone size-full wp-image-17348\" src=\"https:\/\/i0.wp.com\/genevieveetbernardauxameriques.fr\/wp-content\/uploads\/2017\/03\/DSCN9446.jpg?resize=640%2C480&#038;ssl=1\" alt=\"\" width=\"640\" height=\"480\" srcset=\"https:\/\/i0.wp.com\/genevieveetbernardauxameriques.fr\/wp-content\/uploads\/2017\/03\/DSCN9446.jpg?w=640&amp;ssl=1 640w, https:\/\/i0.wp.com\/genevieveetbernardauxameriques.fr\/wp-content\/uploads\/2017\/03\/DSCN9446.jpg?resize=300%2C225&amp;ssl=1 300w\" sizes=\"(max-width: 640px) 100vw, 640px\" data-recalc-dims=\"1\" \/><\/a> <a href=\"https:\/\/i0.wp.com\/genevieveetbernardauxameriques.fr\/wp-content\/uploads\/2017\/03\/DSCN9450.jpg?ssl=1\"><img loading=\"lazy\" decoding=\"async\" data-attachment-id=\"17350\" data-permalink=\"https:\/\/genevieveetbernardauxameriques.fr\/index.php\/2017\/04\/06\/colombie-2eme-article-la-route-du-cafe\/dscn9450\/\" data-orig-file=\"https:\/\/i0.wp.com\/genevieveetbernardauxameriques.fr\/wp-content\/uploads\/2017\/03\/DSCN9450.jpg?fit=640%2C480&amp;ssl=1\" data-orig-size=\"640,480\" data-comments-opened=\"1\" data-image-meta=\"{&quot;aperture&quot;:&quot;2.8&quot;,&quot;credit&quot;:&quot;&quot;,&quot;camera&quot;:&quot;COOLPIX P900&quot;,&quot;caption&quot;:&quot;&quot;,&quot;created_timestamp&quot;:&quot;1490466985&quot;,&quot;copyright&quot;:&quot;&quot;,&quot;focal_length&quot;:&quot;4.3&quot;,&quot;iso&quot;:&quot;110&quot;,&quot;shutter_speed&quot;:&quot;0.033333333333333&quot;,&quot;title&quot;:&quot;&quot;,&quot;orientation&quot;:&quot;1&quot;}\" data-image-title=\"DSCN9450\" data-image-description=\"\" data-image-caption=\"\" data-medium-file=\"https:\/\/i0.wp.com\/genevieveetbernardauxameriques.fr\/wp-content\/uploads\/2017\/03\/DSCN9450.jpg?fit=300%2C225&amp;ssl=1\" data-large-file=\"https:\/\/i0.wp.com\/genevieveetbernardauxameriques.fr\/wp-content\/uploads\/2017\/03\/DSCN9450.jpg?fit=640%2C480&amp;ssl=1\" class=\"alignnone size-full wp-image-17350\" src=\"https:\/\/i0.wp.com\/genevieveetbernardauxameriques.fr\/wp-content\/uploads\/2017\/03\/DSCN9450.jpg?resize=640%2C480&#038;ssl=1\" alt=\"\" width=\"640\" height=\"480\" srcset=\"https:\/\/i0.wp.com\/genevieveetbernardauxameriques.fr\/wp-content\/uploads\/2017\/03\/DSCN9450.jpg?w=640&amp;ssl=1 640w, https:\/\/i0.wp.com\/genevieveetbernardauxameriques.fr\/wp-content\/uploads\/2017\/03\/DSCN9450.jpg?resize=300%2C225&amp;ssl=1 300w\" sizes=\"(max-width: 640px) 100vw, 640px\" data-recalc-dims=\"1\" \/><\/a><\/p>\n<p>Et ensuite on r\u00e9cup\u00e8re le cheval qui nous attendu, pas facile du tout<\/p>\n<p><img loading=\"lazy\" decoding=\"async\" data-attachment-id=\"17351\" data-permalink=\"https:\/\/genevieveetbernardauxameriques.fr\/index.php\/2017\/04\/06\/colombie-2eme-article-la-route-du-cafe\/dscn9452\/\" data-orig-file=\"https:\/\/i0.wp.com\/genevieveetbernardauxameriques.fr\/wp-content\/uploads\/2017\/03\/DSCN9452.jpg?fit=640%2C480&amp;ssl=1\" data-orig-size=\"640,480\" data-comments-opened=\"1\" data-image-meta=\"{&quot;aperture&quot;:&quot;2.8&quot;,&quot;credit&quot;:&quot;&quot;,&quot;camera&quot;:&quot;COOLPIX P900&quot;,&quot;caption&quot;:&quot;&quot;,&quot;created_timestamp&quot;:&quot;1490467099&quot;,&quot;copyright&quot;:&quot;&quot;,&quot;focal_length&quot;:&quot;4.3&quot;,&quot;iso&quot;:&quot;100&quot;,&quot;shutter_speed&quot;:&quot;0.033333333333333&quot;,&quot;title&quot;:&quot;&quot;,&quot;orientation&quot;:&quot;1&quot;}\" data-image-title=\"DSCN9452\" data-image-description=\"\" data-image-caption=\"\" data-medium-file=\"https:\/\/i0.wp.com\/genevieveetbernardauxameriques.fr\/wp-content\/uploads\/2017\/03\/DSCN9452.jpg?fit=300%2C225&amp;ssl=1\" data-large-file=\"https:\/\/i0.wp.com\/genevieveetbernardauxameriques.fr\/wp-content\/uploads\/2017\/03\/DSCN9452.jpg?fit=640%2C480&amp;ssl=1\" class=\"alignnone size-full wp-image-17351\" src=\"https:\/\/i0.wp.com\/genevieveetbernardauxameriques.fr\/wp-content\/uploads\/2017\/03\/DSCN9452.jpg?resize=640%2C480&#038;ssl=1\" alt=\"\" width=\"640\" height=\"480\" srcset=\"https:\/\/i0.wp.com\/genevieveetbernardauxameriques.fr\/wp-content\/uploads\/2017\/03\/DSCN9452.jpg?w=640&amp;ssl=1 640w, https:\/\/i0.wp.com\/genevieveetbernardauxameriques.fr\/wp-content\/uploads\/2017\/03\/DSCN9452.jpg?resize=300%2C225&amp;ssl=1 300w\" sizes=\"(max-width: 640px) 100vw, 640px\" data-recalc-dims=\"1\" \/><\/p>\n<p>Alors l\u00e0 Bernard m&rsquo;a surpris, je crois que c&rsquo;est \u00e0 cause de son chapeau, il est devenu un vrai cow-boy. Il \u00e9tait \u00e0 l&rsquo;aise et moi pas du tout, il a fallu que le guide m&rsquo;aide dans les passages tr\u00e8s difficiles en tenant mon v\u00eatement sur la selle, je perdais \u00e0 moiti\u00e9 l&rsquo;\u00e9quilibre. J&rsquo;ai rang\u00e9 mon appareil photo dans le sac \u00e0 dos et me cramponnais au pommeau.<\/p>\n<p>Juste en arrivant \u00e0 l&rsquo;entr\u00e9e du village, la pluie arrive et 5 mn apr\u00e8s d\u00e8s que nous arrivons au camper, elle devient torrentielle. OUF nous avons eu chaud&#8230;.<\/p>\n<p>Petit repas dans le v\u00e9hicule et nous rentrons.<\/p>\n<p><a href=\"https:\/\/i0.wp.com\/genevieveetbernardauxameriques.fr\/wp-content\/uploads\/2017\/03\/DSCN9457.jpg?ssl=1\"><img loading=\"lazy\" decoding=\"async\" data-attachment-id=\"17355\" data-permalink=\"https:\/\/genevieveetbernardauxameriques.fr\/index.php\/2017\/04\/06\/colombie-2eme-article-la-route-du-cafe\/dscn9457\/\" data-orig-file=\"https:\/\/i0.wp.com\/genevieveetbernardauxameriques.fr\/wp-content\/uploads\/2017\/03\/DSCN9457.jpg?fit=640%2C480&amp;ssl=1\" data-orig-size=\"640,480\" data-comments-opened=\"1\" data-image-meta=\"{&quot;aperture&quot;:&quot;3.5&quot;,&quot;credit&quot;:&quot;&quot;,&quot;camera&quot;:&quot;COOLPIX P900&quot;,&quot;caption&quot;:&quot;&quot;,&quot;created_timestamp&quot;:&quot;1490478029&quot;,&quot;copyright&quot;:&quot;&quot;,&quot;focal_length&quot;:&quot;9.8&quot;,&quot;iso&quot;:&quot;100&quot;,&quot;shutter_speed&quot;:&quot;0.0025&quot;,&quot;title&quot;:&quot;&quot;,&quot;orientation&quot;:&quot;1&quot;}\" data-image-title=\"DSCN9457\" data-image-description=\"\" data-image-caption=\"\" data-medium-file=\"https:\/\/i0.wp.com\/genevieveetbernardauxameriques.fr\/wp-content\/uploads\/2017\/03\/DSCN9457.jpg?fit=300%2C225&amp;ssl=1\" data-large-file=\"https:\/\/i0.wp.com\/genevieveetbernardauxameriques.fr\/wp-content\/uploads\/2017\/03\/DSCN9457.jpg?fit=640%2C480&amp;ssl=1\" class=\"alignnone size-full wp-image-17355\" src=\"https:\/\/i0.wp.com\/genevieveetbernardauxameriques.fr\/wp-content\/uploads\/2017\/03\/DSCN9457.jpg?resize=640%2C480&#038;ssl=1\" alt=\"\" width=\"640\" height=\"480\" srcset=\"https:\/\/i0.wp.com\/genevieveetbernardauxameriques.fr\/wp-content\/uploads\/2017\/03\/DSCN9457.jpg?w=640&amp;ssl=1 640w, https:\/\/i0.wp.com\/genevieveetbernardauxameriques.fr\/wp-content\/uploads\/2017\/03\/DSCN9457.jpg?resize=300%2C225&amp;ssl=1 300w\" sizes=\"(max-width: 640px) 100vw, 640px\" data-recalc-dims=\"1\" \/><\/a><img loading=\"lazy\" decoding=\"async\" data-attachment-id=\"17352\" data-permalink=\"https:\/\/genevieveetbernardauxameriques.fr\/index.php\/2017\/04\/06\/colombie-2eme-article-la-route-du-cafe\/dscn9454\/\" data-orig-file=\"https:\/\/i0.wp.com\/genevieveetbernardauxameriques.fr\/wp-content\/uploads\/2017\/03\/DSCN9454.jpg?fit=640%2C480&amp;ssl=1\" data-orig-size=\"640,480\" data-comments-opened=\"1\" data-image-meta=\"{&quot;aperture&quot;:&quot;3.5&quot;,&quot;credit&quot;:&quot;&quot;,&quot;camera&quot;:&quot;COOLPIX P900&quot;,&quot;caption&quot;:&quot;&quot;,&quot;created_timestamp&quot;:&quot;1490477475&quot;,&quot;copyright&quot;:&quot;&quot;,&quot;focal_length&quot;:&quot;9.8&quot;,&quot;iso&quot;:&quot;100&quot;,&quot;shutter_speed&quot;:&quot;0.005&quot;,&quot;title&quot;:&quot;&quot;,&quot;orientation&quot;:&quot;1&quot;}\" data-image-title=\"DSCN9454\" data-image-description=\"\" data-image-caption=\"\" data-medium-file=\"https:\/\/i0.wp.com\/genevieveetbernardauxameriques.fr\/wp-content\/uploads\/2017\/03\/DSCN9454.jpg?fit=300%2C225&amp;ssl=1\" data-large-file=\"https:\/\/i0.wp.com\/genevieveetbernardauxameriques.fr\/wp-content\/uploads\/2017\/03\/DSCN9454.jpg?fit=640%2C480&amp;ssl=1\" class=\"alignnone size-full wp-image-17352\" src=\"https:\/\/i0.wp.com\/genevieveetbernardauxameriques.fr\/wp-content\/uploads\/2017\/03\/DSCN9454.jpg?resize=640%2C480&#038;ssl=1\" alt=\"\" width=\"640\" height=\"480\" srcset=\"https:\/\/i0.wp.com\/genevieveetbernardauxameriques.fr\/wp-content\/uploads\/2017\/03\/DSCN9454.jpg?w=640&amp;ssl=1 640w, https:\/\/i0.wp.com\/genevieveetbernardauxameriques.fr\/wp-content\/uploads\/2017\/03\/DSCN9454.jpg?resize=300%2C225&amp;ssl=1 300w\" sizes=\"(max-width: 640px) 100vw, 640px\" data-recalc-dims=\"1\" \/><img loading=\"lazy\" decoding=\"async\" data-attachment-id=\"17353\" data-permalink=\"https:\/\/genevieveetbernardauxameriques.fr\/index.php\/2017\/04\/06\/colombie-2eme-article-la-route-du-cafe\/dscn9455\/\" data-orig-file=\"https:\/\/i0.wp.com\/genevieveetbernardauxameriques.fr\/wp-content\/uploads\/2017\/03\/DSCN9455.jpg?fit=480%2C640&amp;ssl=1\" data-orig-size=\"480,640\" data-comments-opened=\"1\" data-image-meta=\"{&quot;aperture&quot;:&quot;4.5&quot;,&quot;credit&quot;:&quot;&quot;,&quot;camera&quot;:&quot;COOLPIX P900&quot;,&quot;caption&quot;:&quot;&quot;,&quot;created_timestamp&quot;:&quot;1490477564&quot;,&quot;copyright&quot;:&quot;&quot;,&quot;focal_length&quot;:&quot;42.8&quot;,&quot;iso&quot;:&quot;100&quot;,&quot;shutter_speed&quot;:&quot;0.00625&quot;,&quot;title&quot;:&quot;&quot;,&quot;orientation&quot;:&quot;1&quot;}\" data-image-title=\"DSCN9455\" data-image-description=\"\" data-image-caption=\"\" data-medium-file=\"https:\/\/i0.wp.com\/genevieveetbernardauxameriques.fr\/wp-content\/uploads\/2017\/03\/DSCN9455.jpg?fit=225%2C300&amp;ssl=1\" data-large-file=\"https:\/\/i0.wp.com\/genevieveetbernardauxameriques.fr\/wp-content\/uploads\/2017\/03\/DSCN9455.jpg?fit=480%2C640&amp;ssl=1\" class=\" wp-image-17353 aligncenter\" src=\"https:\/\/i0.wp.com\/genevieveetbernardauxameriques.fr\/wp-content\/uploads\/2017\/03\/DSCN9455.jpg?resize=354%2C472&#038;ssl=1\" alt=\"\" width=\"354\" height=\"472\" srcset=\"https:\/\/i0.wp.com\/genevieveetbernardauxameriques.fr\/wp-content\/uploads\/2017\/03\/DSCN9455.jpg?w=480&amp;ssl=1 480w, https:\/\/i0.wp.com\/genevieveetbernardauxameriques.fr\/wp-content\/uploads\/2017\/03\/DSCN9455.jpg?resize=225%2C300&amp;ssl=1 225w\" sizes=\"(max-width: 354px) 100vw, 354px\" data-recalc-dims=\"1\" \/><\/p>\n<p><img loading=\"lazy\" decoding=\"async\" data-attachment-id=\"44196\" data-permalink=\"https:\/\/genevieveetbernardauxameriques.fr\/index.php\/2017\/04\/06\/colombie-2eme-article-la-route-du-cafe\/dsc_2652-900x6001\/\" data-orig-file=\"https:\/\/i0.wp.com\/genevieveetbernardauxameriques.fr\/wp-content\/uploads\/2017\/04\/DSC_2652-900x6001-1.jpg?fit=900%2C600&amp;ssl=1\" data-orig-size=\"900,600\" data-comments-opened=\"1\" data-image-meta=\"{&quot;aperture&quot;:&quot;0&quot;,&quot;credit&quot;:&quot;&quot;,&quot;camera&quot;:&quot;&quot;,&quot;caption&quot;:&quot;&quot;,&quot;created_timestamp&quot;:&quot;0&quot;,&quot;copyright&quot;:&quot;&quot;,&quot;focal_length&quot;:&quot;0&quot;,&quot;iso&quot;:&quot;0&quot;,&quot;shutter_speed&quot;:&quot;0&quot;,&quot;title&quot;:&quot;&quot;,&quot;orientation&quot;:&quot;0&quot;}\" data-image-title=\"DSC_2652-900&#215;600[1]\" data-image-description=\"\" data-image-caption=\"\" data-medium-file=\"https:\/\/i0.wp.com\/genevieveetbernardauxameriques.fr\/wp-content\/uploads\/2017\/04\/DSC_2652-900x6001-1.jpg?fit=300%2C200&amp;ssl=1\" data-large-file=\"https:\/\/i0.wp.com\/genevieveetbernardauxameriques.fr\/wp-content\/uploads\/2017\/04\/DSC_2652-900x6001-1.jpg?fit=640%2C427&amp;ssl=1\" class=\"alignnone size-full wp-image-44196\" src=\"https:\/\/i0.wp.com\/genevieveetbernardauxameriques.fr\/wp-content\/uploads\/2017\/04\/DSC_2652-900x6001-1.jpg?resize=640%2C427&#038;ssl=1\" alt=\"\" width=\"640\" height=\"427\" srcset=\"https:\/\/i0.wp.com\/genevieveetbernardauxameriques.fr\/wp-content\/uploads\/2017\/04\/DSC_2652-900x6001-1.jpg?w=900&amp;ssl=1 900w, https:\/\/i0.wp.com\/genevieveetbernardauxameriques.fr\/wp-content\/uploads\/2017\/04\/DSC_2652-900x6001-1.jpg?resize=300%2C200&amp;ssl=1 300w, https:\/\/i0.wp.com\/genevieveetbernardauxameriques.fr\/wp-content\/uploads\/2017\/04\/DSC_2652-900x6001-1.jpg?resize=768%2C512&amp;ssl=1 768w\" sizes=\"(max-width: 640px) 100vw, 640px\" data-recalc-dims=\"1\" \/><\/p>\n<p>Le marchand de lait :<\/p>\n<p><img loading=\"lazy\" decoding=\"async\" data-attachment-id=\"17313\" data-permalink=\"https:\/\/genevieveetbernardauxameriques.fr\/index.php\/2017\/04\/06\/colombie-2eme-article-la-route-du-cafe\/dscn9381\/\" data-orig-file=\"https:\/\/i0.wp.com\/genevieveetbernardauxameriques.fr\/wp-content\/uploads\/2017\/03\/DSCN9381.jpg?fit=640%2C480&amp;ssl=1\" data-orig-size=\"640,480\" data-comments-opened=\"1\" data-image-meta=\"{&quot;aperture&quot;:&quot;4&quot;,&quot;credit&quot;:&quot;&quot;,&quot;camera&quot;:&quot;COOLPIX P900&quot;,&quot;caption&quot;:&quot;&quot;,&quot;created_timestamp&quot;:&quot;1490456447&quot;,&quot;copyright&quot;:&quot;&quot;,&quot;focal_length&quot;:&quot;18.7&quot;,&quot;iso&quot;:&quot;100&quot;,&quot;shutter_speed&quot;:&quot;0.016666666666667&quot;,&quot;title&quot;:&quot;&quot;,&quot;orientation&quot;:&quot;1&quot;}\" data-image-title=\"DSCN9381\" data-image-description=\"\" data-image-caption=\"\" data-medium-file=\"https:\/\/i0.wp.com\/genevieveetbernardauxameriques.fr\/wp-content\/uploads\/2017\/03\/DSCN9381.jpg?fit=300%2C225&amp;ssl=1\" data-large-file=\"https:\/\/i0.wp.com\/genevieveetbernardauxameriques.fr\/wp-content\/uploads\/2017\/03\/DSCN9381.jpg?fit=640%2C480&amp;ssl=1\" class=\"alignnone wp-image-17313\" src=\"https:\/\/i0.wp.com\/genevieveetbernardauxameriques.fr\/wp-content\/uploads\/2017\/03\/DSCN9381.jpg?resize=559%2C419&#038;ssl=1\" alt=\"\" width=\"559\" height=\"419\" srcset=\"https:\/\/i0.wp.com\/genevieveetbernardauxameriques.fr\/wp-content\/uploads\/2017\/03\/DSCN9381.jpg?w=640&amp;ssl=1 640w, https:\/\/i0.wp.com\/genevieveetbernardauxameriques.fr\/wp-content\/uploads\/2017\/03\/DSCN9381.jpg?resize=300%2C225&amp;ssl=1 300w\" sizes=\"(max-width: 559px) 100vw, 559px\" data-recalc-dims=\"1\" \/><\/p>\n<p>Laverie pour nos v\u00eatements de la matin\u00e9e qui sont tout crott\u00e9s, et le reste de l&rsquo;apr\u00e8s-midi, repos, je vais en profiter pour parler avec HERMAN qui s&rsquo;occupe du resto et qui nous a d\u00e9j\u00e0 indiqu\u00e9 tout les coins \u00e0 voir ici. Il ne parle pas du tout fran\u00e7ais, mais il veut nous montrer ce qu&rsquo;il y a d&rsquo;int\u00e9ressant dans son pays. Je prends ma carte et lui montre les arr\u00eats que nous avions pr\u00e9vus. Il est assez surpris car il n&rsquo;a rien \u00e0 y ajouter (merci Philippe). Ensuite il me fait la le\u00e7on pour que je mette des commentaires sur son resto dans TRIPAVISOR et des photos (ce que je ferai).<\/p>\n<p>Pour notre dernier soir \u00e0 SALENTO, nous retournons pour la 3\u00e8me fois au resto<\/p>\n<p>Voil\u00e0 le plat de Bernard (c&rsquo;est du porc) qui n&rsquo;avait pas faim, et pour moi une soupe Thai<\/p>\n<p>&nbsp;<\/p>\n<p><a href=\"https:\/\/i0.wp.com\/genevieveetbernardauxameriques.fr\/wp-content\/uploads\/2017\/03\/DSCN9473.jpg?ssl=1\"><img loading=\"lazy\" decoding=\"async\" data-attachment-id=\"17366\" data-permalink=\"https:\/\/genevieveetbernardauxameriques.fr\/index.php\/2017\/04\/06\/colombie-2eme-article-la-route-du-cafe\/dscn9473\/\" data-orig-file=\"https:\/\/i0.wp.com\/genevieveetbernardauxameriques.fr\/wp-content\/uploads\/2017\/03\/DSCN9473.jpg?fit=640%2C480&amp;ssl=1\" data-orig-size=\"640,480\" data-comments-opened=\"1\" data-image-meta=\"{&quot;aperture&quot;:&quot;2.8&quot;,&quot;credit&quot;:&quot;&quot;,&quot;camera&quot;:&quot;COOLPIX P900&quot;,&quot;caption&quot;:&quot;&quot;,&quot;created_timestamp&quot;:&quot;1490496730&quot;,&quot;copyright&quot;:&quot;&quot;,&quot;focal_length&quot;:&quot;4.3&quot;,&quot;iso&quot;:&quot;500&quot;,&quot;shutter_speed&quot;:&quot;0.125&quot;,&quot;title&quot;:&quot;&quot;,&quot;orientation&quot;:&quot;1&quot;}\" data-image-title=\"DSCN9473\" data-image-description=\"\" data-image-caption=\"\" data-medium-file=\"https:\/\/i0.wp.com\/genevieveetbernardauxameriques.fr\/wp-content\/uploads\/2017\/03\/DSCN9473.jpg?fit=300%2C225&amp;ssl=1\" data-large-file=\"https:\/\/i0.wp.com\/genevieveetbernardauxameriques.fr\/wp-content\/uploads\/2017\/03\/DSCN9473.jpg?fit=640%2C480&amp;ssl=1\" class=\"alignnone size-full wp-image-17366\" src=\"https:\/\/i0.wp.com\/genevieveetbernardauxameriques.fr\/wp-content\/uploads\/2017\/03\/DSCN9473.jpg?resize=640%2C480&#038;ssl=1\" alt=\"\" width=\"640\" height=\"480\" srcset=\"https:\/\/i0.wp.com\/genevieveetbernardauxameriques.fr\/wp-content\/uploads\/2017\/03\/DSCN9473.jpg?w=640&amp;ssl=1 640w, https:\/\/i0.wp.com\/genevieveetbernardauxameriques.fr\/wp-content\/uploads\/2017\/03\/DSCN9473.jpg?resize=300%2C225&amp;ssl=1 300w\" sizes=\"(max-width: 640px) 100vw, 640px\" data-recalc-dims=\"1\" \/><\/a><\/p>\n<p>Et qu&rsquo;elle ne fut pas notre surprise, lorsqu&rsquo;\u00e0 la fin du repas, il nous a amen\u00e9 une cr\u00eape \u00e0 la banane-chocolat-caramel, d\u00e9licieuse comme tout le reste.<\/p>\n<p><a href=\"https:\/\/i0.wp.com\/genevieveetbernardauxameriques.fr\/wp-content\/uploads\/2017\/03\/DSCN9475.jpg?ssl=1\"><img loading=\"lazy\" decoding=\"async\" data-attachment-id=\"17367\" data-permalink=\"https:\/\/genevieveetbernardauxameriques.fr\/index.php\/2017\/04\/06\/colombie-2eme-article-la-route-du-cafe\/dscn9475\/\" data-orig-file=\"https:\/\/i0.wp.com\/genevieveetbernardauxameriques.fr\/wp-content\/uploads\/2017\/03\/DSCN9475.jpg?fit=640%2C480&amp;ssl=1\" data-orig-size=\"640,480\" data-comments-opened=\"1\" data-image-meta=\"{&quot;aperture&quot;:&quot;3.2&quot;,&quot;credit&quot;:&quot;&quot;,&quot;camera&quot;:&quot;COOLPIX P900&quot;,&quot;caption&quot;:&quot;&quot;,&quot;created_timestamp&quot;:&quot;1490498614&quot;,&quot;copyright&quot;:&quot;&quot;,&quot;focal_length&quot;:&quot;5.4&quot;,&quot;iso&quot;:&quot;720&quot;,&quot;shutter_speed&quot;:&quot;0.125&quot;,&quot;title&quot;:&quot;&quot;,&quot;orientation&quot;:&quot;1&quot;}\" data-image-title=\"DSCN9475\" data-image-description=\"\" data-image-caption=\"\" data-medium-file=\"https:\/\/i0.wp.com\/genevieveetbernardauxameriques.fr\/wp-content\/uploads\/2017\/03\/DSCN9475.jpg?fit=300%2C225&amp;ssl=1\" data-large-file=\"https:\/\/i0.wp.com\/genevieveetbernardauxameriques.fr\/wp-content\/uploads\/2017\/03\/DSCN9475.jpg?fit=640%2C480&amp;ssl=1\" class=\"alignnone size-full wp-image-17367\" src=\"https:\/\/i0.wp.com\/genevieveetbernardauxameriques.fr\/wp-content\/uploads\/2017\/03\/DSCN9475.jpg?resize=640%2C480&#038;ssl=1\" alt=\"\" width=\"640\" height=\"480\" srcset=\"https:\/\/i0.wp.com\/genevieveetbernardauxameriques.fr\/wp-content\/uploads\/2017\/03\/DSCN9475.jpg?w=640&amp;ssl=1 640w, https:\/\/i0.wp.com\/genevieveetbernardauxameriques.fr\/wp-content\/uploads\/2017\/03\/DSCN9475.jpg?resize=300%2C225&amp;ssl=1 300w\" sizes=\"(max-width: 640px) 100vw, 640px\" data-recalc-dims=\"1\" \/><\/a><\/p>\n<p>Un petit tour au cuisine, tout le monde nous connait, nous sommes rest\u00e9s 3 nuits, et ils sont tous trop gentil<\/p>\n<p><a href=\"https:\/\/i0.wp.com\/genevieveetbernardauxameriques.fr\/wp-content\/uploads\/2017\/03\/DSCN9462.jpg?ssl=1\"><img loading=\"lazy\" decoding=\"async\" data-attachment-id=\"17358\" data-permalink=\"https:\/\/genevieveetbernardauxameriques.fr\/index.php\/2017\/04\/06\/colombie-2eme-article-la-route-du-cafe\/dscn9462\/\" data-orig-file=\"https:\/\/i0.wp.com\/genevieveetbernardauxameriques.fr\/wp-content\/uploads\/2017\/03\/DSCN9462.jpg?fit=640%2C480&amp;ssl=1\" data-orig-size=\"640,480\" data-comments-opened=\"1\" data-image-meta=\"{&quot;aperture&quot;:&quot;3.5&quot;,&quot;credit&quot;:&quot;&quot;,&quot;camera&quot;:&quot;COOLPIX P900&quot;,&quot;caption&quot;:&quot;&quot;,&quot;created_timestamp&quot;:&quot;1490495591&quot;,&quot;copyright&quot;:&quot;&quot;,&quot;focal_length&quot;:&quot;9.8&quot;,&quot;iso&quot;:&quot;800&quot;,&quot;shutter_speed&quot;:&quot;0.125&quot;,&quot;title&quot;:&quot;&quot;,&quot;orientation&quot;:&quot;1&quot;}\" data-image-title=\"DSCN9462\" data-image-description=\"\" data-image-caption=\"\" data-medium-file=\"https:\/\/i0.wp.com\/genevieveetbernardauxameriques.fr\/wp-content\/uploads\/2017\/03\/DSCN9462.jpg?fit=300%2C225&amp;ssl=1\" data-large-file=\"https:\/\/i0.wp.com\/genevieveetbernardauxameriques.fr\/wp-content\/uploads\/2017\/03\/DSCN9462.jpg?fit=640%2C480&amp;ssl=1\" class=\"alignnone size-full wp-image-17358\" src=\"https:\/\/i0.wp.com\/genevieveetbernardauxameriques.fr\/wp-content\/uploads\/2017\/03\/DSCN9462.jpg?resize=640%2C480&#038;ssl=1\" alt=\"\" width=\"640\" height=\"480\" srcset=\"https:\/\/i0.wp.com\/genevieveetbernardauxameriques.fr\/wp-content\/uploads\/2017\/03\/DSCN9462.jpg?w=640&amp;ssl=1 640w, https:\/\/i0.wp.com\/genevieveetbernardauxameriques.fr\/wp-content\/uploads\/2017\/03\/DSCN9462.jpg?resize=300%2C225&amp;ssl=1 300w\" sizes=\"(max-width: 640px) 100vw, 640px\" data-recalc-dims=\"1\" \/><\/a><\/p>\n<p><a href=\"https:\/\/i0.wp.com\/genevieveetbernardauxameriques.fr\/wp-content\/uploads\/2017\/03\/DSCN9459.jpg?ssl=1\"><img loading=\"lazy\" decoding=\"async\" data-attachment-id=\"17356\" data-permalink=\"https:\/\/genevieveetbernardauxameriques.fr\/index.php\/2017\/04\/06\/colombie-2eme-article-la-route-du-cafe\/dscn9459\/\" data-orig-file=\"https:\/\/i0.wp.com\/genevieveetbernardauxameriques.fr\/wp-content\/uploads\/2017\/03\/DSCN9459.jpg?fit=640%2C480&amp;ssl=1\" data-orig-size=\"640,480\" data-comments-opened=\"1\" data-image-meta=\"{&quot;aperture&quot;:&quot;3.2&quot;,&quot;credit&quot;:&quot;&quot;,&quot;camera&quot;:&quot;COOLPIX P900&quot;,&quot;caption&quot;:&quot;&quot;,&quot;created_timestamp&quot;:&quot;1490495557&quot;,&quot;copyright&quot;:&quot;&quot;,&quot;focal_length&quot;:&quot;5.4&quot;,&quot;iso&quot;:&quot;400&quot;,&quot;shutter_speed&quot;:&quot;0.05&quot;,&quot;title&quot;:&quot;&quot;,&quot;orientation&quot;:&quot;1&quot;}\" data-image-title=\"DSCN9459\" data-image-description=\"\" data-image-caption=\"\" data-medium-file=\"https:\/\/i0.wp.com\/genevieveetbernardauxameriques.fr\/wp-content\/uploads\/2017\/03\/DSCN9459.jpg?fit=300%2C225&amp;ssl=1\" data-large-file=\"https:\/\/i0.wp.com\/genevieveetbernardauxameriques.fr\/wp-content\/uploads\/2017\/03\/DSCN9459.jpg?fit=640%2C480&amp;ssl=1\" class=\"alignnone size-full wp-image-17356\" src=\"https:\/\/i0.wp.com\/genevieveetbernardauxameriques.fr\/wp-content\/uploads\/2017\/03\/DSCN9459.jpg?resize=640%2C480&#038;ssl=1\" alt=\"\" width=\"640\" height=\"480\" srcset=\"https:\/\/i0.wp.com\/genevieveetbernardauxameriques.fr\/wp-content\/uploads\/2017\/03\/DSCN9459.jpg?w=640&amp;ssl=1 640w, https:\/\/i0.wp.com\/genevieveetbernardauxameriques.fr\/wp-content\/uploads\/2017\/03\/DSCN9459.jpg?resize=300%2C225&amp;ssl=1 300w\" sizes=\"(max-width: 640px) 100vw, 640px\" data-recalc-dims=\"1\" \/><\/a><img loading=\"lazy\" decoding=\"async\" data-attachment-id=\"17360\" data-permalink=\"https:\/\/genevieveetbernardauxameriques.fr\/index.php\/2017\/04\/06\/colombie-2eme-article-la-route-du-cafe\/dscn9464\/\" data-orig-file=\"https:\/\/i0.wp.com\/genevieveetbernardauxameriques.fr\/wp-content\/uploads\/2017\/03\/DSCN9464.jpg?fit=640%2C480&amp;ssl=1\" data-orig-size=\"640,480\" data-comments-opened=\"1\" data-image-meta=\"{&quot;aperture&quot;:&quot;3.5&quot;,&quot;credit&quot;:&quot;&quot;,&quot;camera&quot;:&quot;COOLPIX P900&quot;,&quot;caption&quot;:&quot;&quot;,&quot;created_timestamp&quot;:&quot;1490495611&quot;,&quot;copyright&quot;:&quot;&quot;,&quot;focal_length&quot;:&quot;8.9&quot;,&quot;iso&quot;:&quot;400&quot;,&quot;shutter_speed&quot;:&quot;0.066666666666667&quot;,&quot;title&quot;:&quot;&quot;,&quot;orientation&quot;:&quot;1&quot;}\" data-image-title=\"DSCN9464\" data-image-description=\"\" data-image-caption=\"\" data-medium-file=\"https:\/\/i0.wp.com\/genevieveetbernardauxameriques.fr\/wp-content\/uploads\/2017\/03\/DSCN9464.jpg?fit=300%2C225&amp;ssl=1\" data-large-file=\"https:\/\/i0.wp.com\/genevieveetbernardauxameriques.fr\/wp-content\/uploads\/2017\/03\/DSCN9464.jpg?fit=640%2C480&amp;ssl=1\" class=\"alignnone size-full wp-image-17360\" src=\"https:\/\/i0.wp.com\/genevieveetbernardauxameriques.fr\/wp-content\/uploads\/2017\/03\/DSCN9464.jpg?resize=640%2C480&#038;ssl=1\" alt=\"\" width=\"640\" height=\"480\" srcset=\"https:\/\/i0.wp.com\/genevieveetbernardauxameriques.fr\/wp-content\/uploads\/2017\/03\/DSCN9464.jpg?w=640&amp;ssl=1 640w, https:\/\/i0.wp.com\/genevieveetbernardauxameriques.fr\/wp-content\/uploads\/2017\/03\/DSCN9464.jpg?resize=300%2C225&amp;ssl=1 300w\" sizes=\"(max-width: 640px) 100vw, 640px\" data-recalc-dims=\"1\" \/><img loading=\"lazy\" decoding=\"async\" data-attachment-id=\"17363\" data-permalink=\"https:\/\/genevieveetbernardauxameriques.fr\/index.php\/2017\/04\/06\/colombie-2eme-article-la-route-du-cafe\/dscn9468\/\" data-orig-file=\"https:\/\/i0.wp.com\/genevieveetbernardauxameriques.fr\/wp-content\/uploads\/2017\/03\/DSCN9468-e1586521205143.jpg?fit=640%2C363&amp;ssl=1\" data-orig-size=\"640,363\" data-comments-opened=\"1\" data-image-meta=\"{&quot;aperture&quot;:&quot;2.8&quot;,&quot;credit&quot;:&quot;&quot;,&quot;camera&quot;:&quot;COOLPIX P900&quot;,&quot;caption&quot;:&quot;&quot;,&quot;created_timestamp&quot;:&quot;1490496462&quot;,&quot;copyright&quot;:&quot;&quot;,&quot;focal_length&quot;:&quot;4.3&quot;,&quot;iso&quot;:&quot;450&quot;,&quot;shutter_speed&quot;:&quot;0.033333333333333&quot;,&quot;title&quot;:&quot;&quot;,&quot;orientation&quot;:&quot;1&quot;}\" data-image-title=\"DSCN9468\" data-image-description=\"\" data-image-caption=\"\" data-medium-file=\"https:\/\/i0.wp.com\/genevieveetbernardauxameriques.fr\/wp-content\/uploads\/2017\/03\/DSCN9468-e1586521205143.jpg?fit=300%2C170&amp;ssl=1\" data-large-file=\"https:\/\/i0.wp.com\/genevieveetbernardauxameriques.fr\/wp-content\/uploads\/2017\/03\/DSCN9468-e1586521205143.jpg?fit=640%2C363&amp;ssl=1\" class=\"alignnone size-full wp-image-17363\" src=\"https:\/\/i0.wp.com\/genevieveetbernardauxameriques.fr\/wp-content\/uploads\/2017\/03\/DSCN9468-e1586521205143.jpg?resize=640%2C363&#038;ssl=1\" alt=\"\" width=\"640\" height=\"363\" srcset=\"https:\/\/i0.wp.com\/genevieveetbernardauxameriques.fr\/wp-content\/uploads\/2017\/03\/DSCN9468-e1586521205143.jpg?w=640&amp;ssl=1 640w, https:\/\/i0.wp.com\/genevieveetbernardauxameriques.fr\/wp-content\/uploads\/2017\/03\/DSCN9468-e1586521205143.jpg?resize=300%2C170&amp;ssl=1 300w\" sizes=\"(max-width: 640px) 100vw, 640px\" data-recalc-dims=\"1\" \/><\/p>\n<p>Puis DODO<\/p>\n<p><strong>DIMANCHE 26 MARS<\/strong><\/p>\n<p>Nous partons sous une pluie diluvienne, nous avons vraiment eu de la chance hier matin de pouvoir faire notre vir\u00e9e \u00e0 cheval avec le soleil.<\/p>\n<p>1er arr\u00eat pas tr\u00e8s loin dans le village de <strong>FILANDIA<\/strong>, encore des maisons tr\u00e8s color\u00e9es, moins touristique que Salento mais tout aussi belle. Comme il pleut beaucoup, nous ne nous \u00e9carterons pas trop de la place principale.<\/p>\n<p><a href=\"https:\/\/i0.wp.com\/genevieveetbernardauxameriques.fr\/wp-content\/uploads\/2017\/03\/DSCN9481.jpg?ssl=1\"><img loading=\"lazy\" decoding=\"async\" data-attachment-id=\"17373\" data-permalink=\"https:\/\/genevieveetbernardauxameriques.fr\/index.php\/2017\/04\/06\/colombie-2eme-article-la-route-du-cafe\/dscn9481\/\" data-orig-file=\"https:\/\/i0.wp.com\/genevieveetbernardauxameriques.fr\/wp-content\/uploads\/2017\/03\/DSCN9481.jpg?fit=720%2C540&amp;ssl=1\" data-orig-size=\"720,540\" data-comments-opened=\"1\" data-image-meta=\"{&quot;aperture&quot;:&quot;2.8&quot;,&quot;credit&quot;:&quot;&quot;,&quot;camera&quot;:&quot;COOLPIX P900&quot;,&quot;caption&quot;:&quot;&quot;,&quot;created_timestamp&quot;:&quot;1490550820&quot;,&quot;copyright&quot;:&quot;&quot;,&quot;focal_length&quot;:&quot;4.3&quot;,&quot;iso&quot;:&quot;100&quot;,&quot;shutter_speed&quot;:&quot;0.003125&quot;,&quot;title&quot;:&quot;&quot;,&quot;orientation&quot;:&quot;1&quot;}\" data-image-title=\"DSCN9481\" data-image-description=\"\" data-image-caption=\"\" data-medium-file=\"https:\/\/i0.wp.com\/genevieveetbernardauxameriques.fr\/wp-content\/uploads\/2017\/03\/DSCN9481.jpg?fit=300%2C225&amp;ssl=1\" data-large-file=\"https:\/\/i0.wp.com\/genevieveetbernardauxameriques.fr\/wp-content\/uploads\/2017\/03\/DSCN9481.jpg?fit=640%2C480&amp;ssl=1\" class=\"alignnone size-full wp-image-17373\" src=\"https:\/\/i0.wp.com\/genevieveetbernardauxameriques.fr\/wp-content\/uploads\/2017\/03\/DSCN9481.jpg?resize=640%2C480&#038;ssl=1\" alt=\"\" width=\"640\" height=\"480\" srcset=\"https:\/\/i0.wp.com\/genevieveetbernardauxameriques.fr\/wp-content\/uploads\/2017\/03\/DSCN9481.jpg?w=720&amp;ssl=1 720w, https:\/\/i0.wp.com\/genevieveetbernardauxameriques.fr\/wp-content\/uploads\/2017\/03\/DSCN9481.jpg?resize=300%2C225&amp;ssl=1 300w\" sizes=\"(max-width: 640px) 100vw, 640px\" data-recalc-dims=\"1\" \/><\/a> <img loading=\"lazy\" decoding=\"async\" data-attachment-id=\"17383\" data-permalink=\"https:\/\/genevieveetbernardauxameriques.fr\/index.php\/2017\/04\/06\/colombie-2eme-article-la-route-du-cafe\/dscn9494\/\" data-orig-file=\"https:\/\/i0.wp.com\/genevieveetbernardauxameriques.fr\/wp-content\/uploads\/2017\/03\/DSCN9494.jpg?fit=720%2C540&amp;ssl=1\" data-orig-size=\"720,540\" data-comments-opened=\"1\" data-image-meta=\"{&quot;aperture&quot;:&quot;2.8&quot;,&quot;credit&quot;:&quot;&quot;,&quot;camera&quot;:&quot;COOLPIX P900&quot;,&quot;caption&quot;:&quot;&quot;,&quot;created_timestamp&quot;:&quot;1490551399&quot;,&quot;copyright&quot;:&quot;&quot;,&quot;focal_length&quot;:&quot;4.3&quot;,&quot;iso&quot;:&quot;400&quot;,&quot;shutter_speed&quot;:&quot;0.04&quot;,&quot;title&quot;:&quot;&quot;,&quot;orientation&quot;:&quot;1&quot;}\" data-image-title=\"DSCN9494\" data-image-description=\"\" data-image-caption=\"\" data-medium-file=\"https:\/\/i0.wp.com\/genevieveetbernardauxameriques.fr\/wp-content\/uploads\/2017\/03\/DSCN9494.jpg?fit=300%2C225&amp;ssl=1\" data-large-file=\"https:\/\/i0.wp.com\/genevieveetbernardauxameriques.fr\/wp-content\/uploads\/2017\/03\/DSCN9494.jpg?fit=640%2C480&amp;ssl=1\" class=\"alignnone size-full wp-image-17383\" src=\"https:\/\/i0.wp.com\/genevieveetbernardauxameriques.fr\/wp-content\/uploads\/2017\/03\/DSCN9494.jpg?resize=640%2C480&#038;ssl=1\" alt=\"\" width=\"640\" height=\"480\" srcset=\"https:\/\/i0.wp.com\/genevieveetbernardauxameriques.fr\/wp-content\/uploads\/2017\/03\/DSCN9494.jpg?w=720&amp;ssl=1 720w, https:\/\/i0.wp.com\/genevieveetbernardauxameriques.fr\/wp-content\/uploads\/2017\/03\/DSCN9494.jpg?resize=300%2C225&amp;ssl=1 300w\" sizes=\"(max-width: 640px) 100vw, 640px\" data-recalc-dims=\"1\" \/><a href=\"https:\/\/i0.wp.com\/genevieveetbernardauxameriques.fr\/wp-content\/uploads\/2017\/03\/DSCN9490-e1490578793467.jpg?ssl=1\"><img loading=\"lazy\" decoding=\"async\" data-attachment-id=\"17380\" data-permalink=\"https:\/\/genevieveetbernardauxameriques.fr\/index.php\/2017\/04\/06\/colombie-2eme-article-la-route-du-cafe\/dscn9490\/\" data-orig-file=\"https:\/\/i0.wp.com\/genevieveetbernardauxameriques.fr\/wp-content\/uploads\/2017\/03\/DSCN9490-e1490578793467.jpg?fit=716%2C406&amp;ssl=1\" data-orig-size=\"716,406\" data-comments-opened=\"1\" data-image-meta=\"{&quot;aperture&quot;:&quot;2.8&quot;,&quot;credit&quot;:&quot;&quot;,&quot;camera&quot;:&quot;COOLPIX P900&quot;,&quot;caption&quot;:&quot;&quot;,&quot;created_timestamp&quot;:&quot;1490551177&quot;,&quot;copyright&quot;:&quot;&quot;,&quot;focal_length&quot;:&quot;4.3&quot;,&quot;iso&quot;:&quot;100&quot;,&quot;shutter_speed&quot;:&quot;0.005&quot;,&quot;title&quot;:&quot;&quot;,&quot;orientation&quot;:&quot;1&quot;}\" data-image-title=\"DSCN9490\" data-image-description=\"\" data-image-caption=\"\" data-medium-file=\"https:\/\/i0.wp.com\/genevieveetbernardauxameriques.fr\/wp-content\/uploads\/2017\/03\/DSCN9490-e1490578793467.jpg?fit=300%2C170&amp;ssl=1\" data-large-file=\"https:\/\/i0.wp.com\/genevieveetbernardauxameriques.fr\/wp-content\/uploads\/2017\/03\/DSCN9490-e1490578793467.jpg?fit=640%2C363&amp;ssl=1\" class=\"alignnone size-full wp-image-17380\" src=\"https:\/\/i0.wp.com\/genevieveetbernardauxameriques.fr\/wp-content\/uploads\/2017\/03\/DSCN9490-e1490578793467.jpg?resize=640%2C363&#038;ssl=1\" alt=\"\" width=\"640\" height=\"363\" srcset=\"https:\/\/i0.wp.com\/genevieveetbernardauxameriques.fr\/wp-content\/uploads\/2017\/03\/DSCN9490-e1490578793467.jpg?w=716&amp;ssl=1 716w, https:\/\/i0.wp.com\/genevieveetbernardauxameriques.fr\/wp-content\/uploads\/2017\/03\/DSCN9490-e1490578793467.jpg?resize=300%2C170&amp;ssl=1 300w\" sizes=\"(max-width: 640px) 100vw, 640px\" data-recalc-dims=\"1\" \/><\/a><a href=\"https:\/\/i0.wp.com\/genevieveetbernardauxameriques.fr\/wp-content\/uploads\/2017\/03\/DSCN9480-e1490578851134.jpg?ssl=1\"><img loading=\"lazy\" decoding=\"async\" data-attachment-id=\"17372\" data-permalink=\"https:\/\/genevieveetbernardauxameriques.fr\/index.php\/2017\/04\/06\/colombie-2eme-article-la-route-du-cafe\/dscn9480\/\" data-orig-file=\"https:\/\/i0.wp.com\/genevieveetbernardauxameriques.fr\/wp-content\/uploads\/2017\/03\/DSCN9480-e1490578851134.jpg?fit=718%2C417&amp;ssl=1\" data-orig-size=\"718,417\" data-comments-opened=\"1\" data-image-meta=\"{&quot;aperture&quot;:&quot;3.2&quot;,&quot;credit&quot;:&quot;&quot;,&quot;camera&quot;:&quot;COOLPIX P900&quot;,&quot;caption&quot;:&quot;&quot;,&quot;created_timestamp&quot;:&quot;1490550782&quot;,&quot;copyright&quot;:&quot;&quot;,&quot;focal_length&quot;:&quot;7.7&quot;,&quot;iso&quot;:&quot;100&quot;,&quot;shutter_speed&quot;:&quot;0.008&quot;,&quot;title&quot;:&quot;&quot;,&quot;orientation&quot;:&quot;1&quot;}\" data-image-title=\"DSCN9480\" data-image-description=\"\" data-image-caption=\"\" data-medium-file=\"https:\/\/i0.wp.com\/genevieveetbernardauxameriques.fr\/wp-content\/uploads\/2017\/03\/DSCN9480-e1490578851134.jpg?fit=300%2C174&amp;ssl=1\" data-large-file=\"https:\/\/i0.wp.com\/genevieveetbernardauxameriques.fr\/wp-content\/uploads\/2017\/03\/DSCN9480-e1490578851134.jpg?fit=640%2C372&amp;ssl=1\" class=\"alignnone size-full wp-image-17372\" src=\"https:\/\/i0.wp.com\/genevieveetbernardauxameriques.fr\/wp-content\/uploads\/2017\/03\/DSCN9480-e1490578851134.jpg?resize=640%2C372&#038;ssl=1\" alt=\"\" width=\"640\" height=\"372\" srcset=\"https:\/\/i0.wp.com\/genevieveetbernardauxameriques.fr\/wp-content\/uploads\/2017\/03\/DSCN9480-e1490578851134.jpg?w=718&amp;ssl=1 718w, https:\/\/i0.wp.com\/genevieveetbernardauxameriques.fr\/wp-content\/uploads\/2017\/03\/DSCN9480-e1490578851134.jpg?resize=300%2C174&amp;ssl=1 300w\" sizes=\"(max-width: 640px) 100vw, 640px\" data-recalc-dims=\"1\" \/><\/a> <a href=\"https:\/\/i0.wp.com\/genevieveetbernardauxameriques.fr\/wp-content\/uploads\/2017\/03\/DSCN9482-e1490578916895.jpg?ssl=1\"><img loading=\"lazy\" decoding=\"async\" data-attachment-id=\"17374\" data-permalink=\"https:\/\/genevieveetbernardauxameriques.fr\/index.php\/2017\/04\/06\/colombie-2eme-article-la-route-du-cafe\/dscn9482\/\" data-orig-file=\"https:\/\/i0.wp.com\/genevieveetbernardauxameriques.fr\/wp-content\/uploads\/2017\/03\/DSCN9482-e1490578916895.jpg?fit=719%2C464&amp;ssl=1\" data-orig-size=\"719,464\" data-comments-opened=\"1\" data-image-meta=\"{&quot;aperture&quot;:&quot;2.8&quot;,&quot;credit&quot;:&quot;&quot;,&quot;camera&quot;:&quot;COOLPIX P900&quot;,&quot;caption&quot;:&quot;&quot;,&quot;created_timestamp&quot;:&quot;1490550902&quot;,&quot;copyright&quot;:&quot;&quot;,&quot;focal_length&quot;:&quot;4.3&quot;,&quot;iso&quot;:&quot;100&quot;,&quot;shutter_speed&quot;:&quot;0.00625&quot;,&quot;title&quot;:&quot;&quot;,&quot;orientation&quot;:&quot;1&quot;}\" data-image-title=\"DSCN9482\" data-image-description=\"\" data-image-caption=\"\" data-medium-file=\"https:\/\/i0.wp.com\/genevieveetbernardauxameriques.fr\/wp-content\/uploads\/2017\/03\/DSCN9482-e1490578916895.jpg?fit=300%2C194&amp;ssl=1\" data-large-file=\"https:\/\/i0.wp.com\/genevieveetbernardauxameriques.fr\/wp-content\/uploads\/2017\/03\/DSCN9482-e1490578916895.jpg?fit=640%2C413&amp;ssl=1\" class=\"alignnone size-full wp-image-17374\" src=\"https:\/\/i0.wp.com\/genevieveetbernardauxameriques.fr\/wp-content\/uploads\/2017\/03\/DSCN9482-e1490578916895.jpg?resize=640%2C413&#038;ssl=1\" alt=\"\" width=\"640\" height=\"413\" srcset=\"https:\/\/i0.wp.com\/genevieveetbernardauxameriques.fr\/wp-content\/uploads\/2017\/03\/DSCN9482-e1490578916895.jpg?w=719&amp;ssl=1 719w, https:\/\/i0.wp.com\/genevieveetbernardauxameriques.fr\/wp-content\/uploads\/2017\/03\/DSCN9482-e1490578916895.jpg?resize=300%2C194&amp;ssl=1 300w\" sizes=\"(max-width: 640px) 100vw, 640px\" data-recalc-dims=\"1\" \/><\/a> <a href=\"https:\/\/i0.wp.com\/genevieveetbernardauxameriques.fr\/wp-content\/uploads\/2017\/03\/DSCN9488.jpg?ssl=1\"><img loading=\"lazy\" decoding=\"async\" data-attachment-id=\"17378\" data-permalink=\"https:\/\/genevieveetbernardauxameriques.fr\/index.php\/2017\/04\/06\/colombie-2eme-article-la-route-du-cafe\/dscn9488\/\" data-orig-file=\"https:\/\/i0.wp.com\/genevieveetbernardauxameriques.fr\/wp-content\/uploads\/2017\/03\/DSCN9488.jpg?fit=720%2C540&amp;ssl=1\" data-orig-size=\"720,540\" data-comments-opened=\"1\" data-image-meta=\"{&quot;aperture&quot;:&quot;4&quot;,&quot;credit&quot;:&quot;&quot;,&quot;camera&quot;:&quot;COOLPIX P900&quot;,&quot;caption&quot;:&quot;&quot;,&quot;created_timestamp&quot;:&quot;1490551069&quot;,&quot;copyright&quot;:&quot;&quot;,&quot;focal_length&quot;:&quot;22.3&quot;,&quot;iso&quot;:&quot;140&quot;,&quot;shutter_speed&quot;:&quot;0.016666666666667&quot;,&quot;title&quot;:&quot;&quot;,&quot;orientation&quot;:&quot;1&quot;}\" data-image-title=\"DSCN9488\" data-image-description=\"\" data-image-caption=\"\" data-medium-file=\"https:\/\/i0.wp.com\/genevieveetbernardauxameriques.fr\/wp-content\/uploads\/2017\/03\/DSCN9488.jpg?fit=300%2C225&amp;ssl=1\" data-large-file=\"https:\/\/i0.wp.com\/genevieveetbernardauxameriques.fr\/wp-content\/uploads\/2017\/03\/DSCN9488.jpg?fit=640%2C480&amp;ssl=1\" class=\"alignnone size-full wp-image-17378\" src=\"https:\/\/i0.wp.com\/genevieveetbernardauxameriques.fr\/wp-content\/uploads\/2017\/03\/DSCN9488.jpg?resize=640%2C480&#038;ssl=1\" alt=\"\" width=\"640\" height=\"480\" srcset=\"https:\/\/i0.wp.com\/genevieveetbernardauxameriques.fr\/wp-content\/uploads\/2017\/03\/DSCN9488.jpg?w=720&amp;ssl=1 720w, https:\/\/i0.wp.com\/genevieveetbernardauxameriques.fr\/wp-content\/uploads\/2017\/03\/DSCN9488.jpg?resize=300%2C225&amp;ssl=1 300w\" sizes=\"(max-width: 640px) 100vw, 640px\" data-recalc-dims=\"1\" \/><\/a> <a href=\"https:\/\/i0.wp.com\/genevieveetbernardauxameriques.fr\/wp-content\/uploads\/2017\/03\/DSCN9491-e1490578993758.jpg?ssl=1\"><img loading=\"lazy\" decoding=\"async\" data-attachment-id=\"17381\" data-permalink=\"https:\/\/genevieveetbernardauxameriques.fr\/index.php\/2017\/04\/06\/colombie-2eme-article-la-route-du-cafe\/dscn9491\/\" data-orig-file=\"https:\/\/i0.wp.com\/genevieveetbernardauxameriques.fr\/wp-content\/uploads\/2017\/03\/DSCN9491-e1490578993758.jpg?fit=718%2C489&amp;ssl=1\" data-orig-size=\"718,489\" data-comments-opened=\"1\" data-image-meta=\"{&quot;aperture&quot;:&quot;3.5&quot;,&quot;credit&quot;:&quot;&quot;,&quot;camera&quot;:&quot;COOLPIX P900&quot;,&quot;caption&quot;:&quot;&quot;,&quot;created_timestamp&quot;:&quot;1490551210&quot;,&quot;copyright&quot;:&quot;&quot;,&quot;focal_length&quot;:&quot;12.5&quot;,&quot;iso&quot;:&quot;100&quot;,&quot;shutter_speed&quot;:&quot;0.008&quot;,&quot;title&quot;:&quot;&quot;,&quot;orientation&quot;:&quot;1&quot;}\" data-image-title=\"DSCN9491\" data-image-description=\"\" data-image-caption=\"\" data-medium-file=\"https:\/\/i0.wp.com\/genevieveetbernardauxameriques.fr\/wp-content\/uploads\/2017\/03\/DSCN9491-e1490578993758.jpg?fit=300%2C204&amp;ssl=1\" data-large-file=\"https:\/\/i0.wp.com\/genevieveetbernardauxameriques.fr\/wp-content\/uploads\/2017\/03\/DSCN9491-e1490578993758.jpg?fit=640%2C436&amp;ssl=1\" class=\"alignnone size-full wp-image-17381\" src=\"https:\/\/i0.wp.com\/genevieveetbernardauxameriques.fr\/wp-content\/uploads\/2017\/03\/DSCN9491-e1490578993758.jpg?resize=640%2C436&#038;ssl=1\" alt=\"\" width=\"640\" height=\"436\" srcset=\"https:\/\/i0.wp.com\/genevieveetbernardauxameriques.fr\/wp-content\/uploads\/2017\/03\/DSCN9491-e1490578993758.jpg?w=718&amp;ssl=1 718w, https:\/\/i0.wp.com\/genevieveetbernardauxameriques.fr\/wp-content\/uploads\/2017\/03\/DSCN9491-e1490578993758.jpg?resize=300%2C204&amp;ssl=1 300w\" sizes=\"(max-width: 640px) 100vw, 640px\" data-recalc-dims=\"1\" \/><\/a><a href=\"https:\/\/i0.wp.com\/genevieveetbernardauxameriques.fr\/wp-content\/uploads\/2017\/03\/DSCN9493.jpg?ssl=1\"><img loading=\"lazy\" decoding=\"async\" data-attachment-id=\"17382\" data-permalink=\"https:\/\/genevieveetbernardauxameriques.fr\/index.php\/2017\/04\/06\/colombie-2eme-article-la-route-du-cafe\/dscn9493\/\" data-orig-file=\"https:\/\/i0.wp.com\/genevieveetbernardauxameriques.fr\/wp-content\/uploads\/2017\/03\/DSCN9493.jpg?fit=720%2C540&amp;ssl=1\" data-orig-size=\"720,540\" data-comments-opened=\"1\" data-image-meta=\"{&quot;aperture&quot;:&quot;3.2&quot;,&quot;credit&quot;:&quot;&quot;,&quot;camera&quot;:&quot;COOLPIX P900&quot;,&quot;caption&quot;:&quot;&quot;,&quot;created_timestamp&quot;:&quot;1490551333&quot;,&quot;copyright&quot;:&quot;&quot;,&quot;focal_length&quot;:&quot;5.9&quot;,&quot;iso&quot;:&quot;100&quot;,&quot;shutter_speed&quot;:&quot;0.016666666666667&quot;,&quot;title&quot;:&quot;&quot;,&quot;orientation&quot;:&quot;1&quot;}\" data-image-title=\"DSCN9493\" data-image-description=\"\" data-image-caption=\"\" data-medium-file=\"https:\/\/i0.wp.com\/genevieveetbernardauxameriques.fr\/wp-content\/uploads\/2017\/03\/DSCN9493.jpg?fit=300%2C225&amp;ssl=1\" data-large-file=\"https:\/\/i0.wp.com\/genevieveetbernardauxameriques.fr\/wp-content\/uploads\/2017\/03\/DSCN9493.jpg?fit=640%2C480&amp;ssl=1\" class=\"alignnone size-full wp-image-17382\" src=\"https:\/\/i0.wp.com\/genevieveetbernardauxameriques.fr\/wp-content\/uploads\/2017\/03\/DSCN9493.jpg?resize=640%2C480&#038;ssl=1\" alt=\"\" width=\"640\" height=\"480\" srcset=\"https:\/\/i0.wp.com\/genevieveetbernardauxameriques.fr\/wp-content\/uploads\/2017\/03\/DSCN9493.jpg?w=720&amp;ssl=1 720w, https:\/\/i0.wp.com\/genevieveetbernardauxameriques.fr\/wp-content\/uploads\/2017\/03\/DSCN9493.jpg?resize=300%2C225&amp;ssl=1 300w\" sizes=\"(max-width: 640px) 100vw, 640px\" data-recalc-dims=\"1\" \/><\/a> <a href=\"https:\/\/i0.wp.com\/genevieveetbernardauxameriques.fr\/wp-content\/uploads\/2017\/03\/DSCN9495.jpg?ssl=1\"><img loading=\"lazy\" decoding=\"async\" data-attachment-id=\"17384\" data-permalink=\"https:\/\/genevieveetbernardauxameriques.fr\/index.php\/2017\/04\/06\/colombie-2eme-article-la-route-du-cafe\/dscn9495\/\" data-orig-file=\"https:\/\/i0.wp.com\/genevieveetbernardauxameriques.fr\/wp-content\/uploads\/2017\/03\/DSCN9495.jpg?fit=720%2C540&amp;ssl=1\" data-orig-size=\"720,540\" data-comments-opened=\"1\" data-image-meta=\"{&quot;aperture&quot;:&quot;3.5&quot;,&quot;credit&quot;:&quot;&quot;,&quot;camera&quot;:&quot;COOLPIX P900&quot;,&quot;caption&quot;:&quot;&quot;,&quot;created_timestamp&quot;:&quot;1490553919&quot;,&quot;copyright&quot;:&quot;&quot;,&quot;focal_length&quot;:&quot;9.8&quot;,&quot;iso&quot;:&quot;100&quot;,&quot;shutter_speed&quot;:&quot;0.0015625&quot;,&quot;title&quot;:&quot;&quot;,&quot;orientation&quot;:&quot;1&quot;}\" data-image-title=\"DSCN9495\" data-image-description=\"\" data-image-caption=\"\" data-medium-file=\"https:\/\/i0.wp.com\/genevieveetbernardauxameriques.fr\/wp-content\/uploads\/2017\/03\/DSCN9495.jpg?fit=300%2C225&amp;ssl=1\" data-large-file=\"https:\/\/i0.wp.com\/genevieveetbernardauxameriques.fr\/wp-content\/uploads\/2017\/03\/DSCN9495.jpg?fit=640%2C480&amp;ssl=1\" class=\"alignnone size-full wp-image-17384\" src=\"https:\/\/i0.wp.com\/genevieveetbernardauxameriques.fr\/wp-content\/uploads\/2017\/03\/DSCN9495.jpg?resize=640%2C480&#038;ssl=1\" alt=\"\" width=\"640\" height=\"480\" srcset=\"https:\/\/i0.wp.com\/genevieveetbernardauxameriques.fr\/wp-content\/uploads\/2017\/03\/DSCN9495.jpg?w=720&amp;ssl=1 720w, https:\/\/i0.wp.com\/genevieveetbernardauxameriques.fr\/wp-content\/uploads\/2017\/03\/DSCN9495.jpg?resize=300%2C225&amp;ssl=1 300w\" sizes=\"(max-width: 640px) 100vw, 640px\" data-recalc-dims=\"1\" \/><\/a><\/p>\n<p>Quelques photos des taxis locaux, les Jeep Willys, c&rsquo;est toujours le principal moyen de transport dans les contr\u00e9es rurales de la Zona Cafetera. Les premi\u00e8res Jeep arriv\u00e9es en Colombie \u00e9taient des surplus de l&rsquo;arm\u00e9e am\u00e9ricaine en 1950.\u00a0 Le chauffeur peut embarquer jusqu&rsquo;\u00e0 16 personnes (peut \u00eatre pas dans les 2 derni\u00e8res, elles sont vraiment petites.)<\/p>\n<p><a href=\"https:\/\/i0.wp.com\/genevieveetbernardauxameriques.fr\/wp-content\/uploads\/2017\/03\/DSCN9489.jpg?ssl=1\"><img loading=\"lazy\" decoding=\"async\" data-attachment-id=\"17379\" data-permalink=\"https:\/\/genevieveetbernardauxameriques.fr\/index.php\/2017\/04\/06\/colombie-2eme-article-la-route-du-cafe\/dscn9489\/\" data-orig-file=\"https:\/\/i0.wp.com\/genevieveetbernardauxameriques.fr\/wp-content\/uploads\/2017\/03\/DSCN9489.jpg?fit=720%2C540&amp;ssl=1\" data-orig-size=\"720,540\" data-comments-opened=\"1\" data-image-meta=\"{&quot;aperture&quot;:&quot;2.8&quot;,&quot;credit&quot;:&quot;&quot;,&quot;camera&quot;:&quot;COOLPIX P900&quot;,&quot;caption&quot;:&quot;&quot;,&quot;created_timestamp&quot;:&quot;1490551147&quot;,&quot;copyright&quot;:&quot;&quot;,&quot;focal_length&quot;:&quot;4.3&quot;,&quot;iso&quot;:&quot;100&quot;,&quot;shutter_speed&quot;:&quot;0.008&quot;,&quot;title&quot;:&quot;&quot;,&quot;orientation&quot;:&quot;1&quot;}\" data-image-title=\"DSCN9489\" data-image-description=\"\" data-image-caption=\"\" data-medium-file=\"https:\/\/i0.wp.com\/genevieveetbernardauxameriques.fr\/wp-content\/uploads\/2017\/03\/DSCN9489.jpg?fit=300%2C225&amp;ssl=1\" data-large-file=\"https:\/\/i0.wp.com\/genevieveetbernardauxameriques.fr\/wp-content\/uploads\/2017\/03\/DSCN9489.jpg?fit=640%2C480&amp;ssl=1\" class=\"alignnone size-full wp-image-17379\" src=\"https:\/\/i0.wp.com\/genevieveetbernardauxameriques.fr\/wp-content\/uploads\/2017\/03\/DSCN9489.jpg?resize=640%2C480&#038;ssl=1\" alt=\"\" width=\"640\" height=\"480\" srcset=\"https:\/\/i0.wp.com\/genevieveetbernardauxameriques.fr\/wp-content\/uploads\/2017\/03\/DSCN9489.jpg?w=720&amp;ssl=1 720w, https:\/\/i0.wp.com\/genevieveetbernardauxameriques.fr\/wp-content\/uploads\/2017\/03\/DSCN9489.jpg?resize=300%2C225&amp;ssl=1 300w\" sizes=\"(max-width: 640px) 100vw, 640px\" data-recalc-dims=\"1\" \/><\/a><\/p>\n<p><img loading=\"lazy\" decoding=\"async\" data-attachment-id=\"17376\" data-permalink=\"https:\/\/genevieveetbernardauxameriques.fr\/index.php\/2017\/04\/06\/colombie-2eme-article-la-route-du-cafe\/dscn9485\/\" data-orig-file=\"https:\/\/i0.wp.com\/genevieveetbernardauxameriques.fr\/wp-content\/uploads\/2017\/03\/DSCN9485.jpg?fit=720%2C540&amp;ssl=1\" data-orig-size=\"720,540\" data-comments-opened=\"1\" data-image-meta=\"{&quot;aperture&quot;:&quot;3.2&quot;,&quot;credit&quot;:&quot;&quot;,&quot;camera&quot;:&quot;COOLPIX P900&quot;,&quot;caption&quot;:&quot;&quot;,&quot;created_timestamp&quot;:&quot;1490550988&quot;,&quot;copyright&quot;:&quot;&quot;,&quot;focal_length&quot;:&quot;7.1&quot;,&quot;iso&quot;:&quot;250&quot;,&quot;shutter_speed&quot;:&quot;0.033333333333333&quot;,&quot;title&quot;:&quot;&quot;,&quot;orientation&quot;:&quot;1&quot;}\" data-image-title=\"DSCN9485\" data-image-description=\"\" data-image-caption=\"\" data-medium-file=\"https:\/\/i0.wp.com\/genevieveetbernardauxameriques.fr\/wp-content\/uploads\/2017\/03\/DSCN9485.jpg?fit=300%2C225&amp;ssl=1\" data-large-file=\"https:\/\/i0.wp.com\/genevieveetbernardauxameriques.fr\/wp-content\/uploads\/2017\/03\/DSCN9485.jpg?fit=640%2C480&amp;ssl=1\" class=\"alignnone size-full wp-image-17376\" src=\"https:\/\/i0.wp.com\/genevieveetbernardauxameriques.fr\/wp-content\/uploads\/2017\/03\/DSCN9485.jpg?resize=640%2C480&#038;ssl=1\" alt=\"\" width=\"640\" height=\"480\" srcset=\"https:\/\/i0.wp.com\/genevieveetbernardauxameriques.fr\/wp-content\/uploads\/2017\/03\/DSCN9485.jpg?w=720&amp;ssl=1 720w, https:\/\/i0.wp.com\/genevieveetbernardauxameriques.fr\/wp-content\/uploads\/2017\/03\/DSCN9485.jpg?resize=300%2C225&amp;ssl=1 300w\" sizes=\"(max-width: 640px) 100vw, 640px\" data-recalc-dims=\"1\" \/><a href=\"https:\/\/i0.wp.com\/genevieveetbernardauxameriques.fr\/wp-content\/uploads\/2017\/03\/DSCN9478.jpg?ssl=1\"><img loading=\"lazy\" decoding=\"async\" data-attachment-id=\"17371\" data-permalink=\"https:\/\/genevieveetbernardauxameriques.fr\/index.php\/2017\/04\/06\/colombie-2eme-article-la-route-du-cafe\/dscn9478\/\" data-orig-file=\"https:\/\/i0.wp.com\/genevieveetbernardauxameriques.fr\/wp-content\/uploads\/2017\/03\/DSCN9478.jpg?fit=720%2C540&amp;ssl=1\" data-orig-size=\"720,540\" data-comments-opened=\"1\" data-image-meta=\"{&quot;aperture&quot;:&quot;3.5&quot;,&quot;credit&quot;:&quot;&quot;,&quot;camera&quot;:&quot;COOLPIX P900&quot;,&quot;caption&quot;:&quot;&quot;,&quot;created_timestamp&quot;:&quot;1490550747&quot;,&quot;copyright&quot;:&quot;&quot;,&quot;focal_length&quot;:&quot;14.3&quot;,&quot;iso&quot;:&quot;160&quot;,&quot;shutter_speed&quot;:&quot;0.016666666666667&quot;,&quot;title&quot;:&quot;&quot;,&quot;orientation&quot;:&quot;1&quot;}\" data-image-title=\"DSCN9478\" data-image-description=\"\" data-image-caption=\"\" data-medium-file=\"https:\/\/i0.wp.com\/genevieveetbernardauxameriques.fr\/wp-content\/uploads\/2017\/03\/DSCN9478.jpg?fit=300%2C225&amp;ssl=1\" data-large-file=\"https:\/\/i0.wp.com\/genevieveetbernardauxameriques.fr\/wp-content\/uploads\/2017\/03\/DSCN9478.jpg?fit=640%2C480&amp;ssl=1\" class=\"alignnone size-full wp-image-17371\" src=\"https:\/\/i0.wp.com\/genevieveetbernardauxameriques.fr\/wp-content\/uploads\/2017\/03\/DSCN9478.jpg?resize=640%2C480&#038;ssl=1\" alt=\"\" width=\"640\" height=\"480\" srcset=\"https:\/\/i0.wp.com\/genevieveetbernardauxameriques.fr\/wp-content\/uploads\/2017\/03\/DSCN9478.jpg?w=720&amp;ssl=1 720w, https:\/\/i0.wp.com\/genevieveetbernardauxameriques.fr\/wp-content\/uploads\/2017\/03\/DSCN9478.jpg?resize=300%2C225&amp;ssl=1 300w\" sizes=\"(max-width: 640px) 100vw, 640px\" data-recalc-dims=\"1\" \/><\/a> <a href=\"https:\/\/i0.wp.com\/genevieveetbernardauxameriques.fr\/wp-content\/uploads\/2017\/03\/DSCN9487.jpg?ssl=1\"><img loading=\"lazy\" decoding=\"async\" data-attachment-id=\"17377\" data-permalink=\"https:\/\/genevieveetbernardauxameriques.fr\/index.php\/2017\/04\/06\/colombie-2eme-article-la-route-du-cafe\/dscn9487\/\" data-orig-file=\"https:\/\/i0.wp.com\/genevieveetbernardauxameriques.fr\/wp-content\/uploads\/2017\/03\/DSCN9487.jpg?fit=720%2C540&amp;ssl=1\" data-orig-size=\"720,540\" data-comments-opened=\"1\" data-image-meta=\"{&quot;aperture&quot;:&quot;3.5&quot;,&quot;credit&quot;:&quot;&quot;,&quot;camera&quot;:&quot;COOLPIX P900&quot;,&quot;caption&quot;:&quot;&quot;,&quot;created_timestamp&quot;:&quot;1490551016&quot;,&quot;copyright&quot;:&quot;&quot;,&quot;focal_length&quot;:&quot;14.3&quot;,&quot;iso&quot;:&quot;280&quot;,&quot;shutter_speed&quot;:&quot;0.016666666666667&quot;,&quot;title&quot;:&quot;&quot;,&quot;orientation&quot;:&quot;1&quot;}\" data-image-title=\"DSCN9487\" data-image-description=\"\" data-image-caption=\"\" data-medium-file=\"https:\/\/i0.wp.com\/genevieveetbernardauxameriques.fr\/wp-content\/uploads\/2017\/03\/DSCN9487.jpg?fit=300%2C225&amp;ssl=1\" data-large-file=\"https:\/\/i0.wp.com\/genevieveetbernardauxameriques.fr\/wp-content\/uploads\/2017\/03\/DSCN9487.jpg?fit=640%2C480&amp;ssl=1\" class=\"alignnone size-full wp-image-17377\" src=\"https:\/\/i0.wp.com\/genevieveetbernardauxameriques.fr\/wp-content\/uploads\/2017\/03\/DSCN9487.jpg?resize=640%2C480&#038;ssl=1\" alt=\"\" width=\"640\" height=\"480\" srcset=\"https:\/\/i0.wp.com\/genevieveetbernardauxameriques.fr\/wp-content\/uploads\/2017\/03\/DSCN9487.jpg?w=720&amp;ssl=1 720w, https:\/\/i0.wp.com\/genevieveetbernardauxameriques.fr\/wp-content\/uploads\/2017\/03\/DSCN9487.jpg?resize=300%2C225&amp;ssl=1 300w\" sizes=\"(max-width: 640px) 100vw, 640px\" data-recalc-dims=\"1\" \/><\/a><\/p>\n<p>Ensuite arr\u00eat aux Thermes de <strong>SANTA ROSA<\/strong><\/p>\n<p>C&rsquo;est dimanche (malheureusement), les prix sont relativement chers : 58.000 P.(je pense que \u00e7a a bien augment\u00e9) et comme il pleut toujours, nous irons juste voir le site sans nous baigner. Le cadre est spectaculaire, les thermes sont situ\u00e9es au pied d&rsquo;une cascade de 170 m qui se s\u00e9pare\u00a0en 3 dans les bassins. En principe, on ne peut pas rentrer, mais j&rsquo;ai demand\u00e9 l&rsquo;autorisation, on est all\u00e9 chercher quelqu&rsquo;un qui m&rsquo;a fait visiter.<\/p>\n<p><img loading=\"lazy\" decoding=\"async\" class=\"aligncenter\" src=\"https:\/\/i0.wp.com\/1.bp.blogspot.com\/-Qo65Sle_ybs\/UfVtdpyBjpI\/AAAAAAAAAKI\/urT0PMCP8lo\/s1600\/DSC02619.JPG?resize=408%2C544\" width=\"408\" height=\"544\" data-recalc-dims=\"1\" \/><\/p>\n<p>Les cascades sont sur la propri\u00e9t\u00e9 de cet h\u00f4tel.<\/p>\n<p><a href=\"https:\/\/i0.wp.com\/genevieveetbernardauxameriques.fr\/wp-content\/uploads\/2017\/03\/DSCN9502.jpg?ssl=1\"><img loading=\"lazy\" decoding=\"async\" data-attachment-id=\"17388\" data-permalink=\"https:\/\/genevieveetbernardauxameriques.fr\/index.php\/2017\/04\/06\/colombie-2eme-article-la-route-du-cafe\/dscn9502\/\" data-orig-file=\"https:\/\/i0.wp.com\/genevieveetbernardauxameriques.fr\/wp-content\/uploads\/2017\/03\/DSCN9502.jpg?fit=720%2C540&amp;ssl=1\" data-orig-size=\"720,540\" data-comments-opened=\"1\" data-image-meta=\"{&quot;aperture&quot;:&quot;2.8&quot;,&quot;credit&quot;:&quot;&quot;,&quot;camera&quot;:&quot;COOLPIX P900&quot;,&quot;caption&quot;:&quot;&quot;,&quot;created_timestamp&quot;:&quot;1490565275&quot;,&quot;copyright&quot;:&quot;&quot;,&quot;focal_length&quot;:&quot;4.3&quot;,&quot;iso&quot;:&quot;100&quot;,&quot;shutter_speed&quot;:&quot;0.004&quot;,&quot;title&quot;:&quot;&quot;,&quot;orientation&quot;:&quot;1&quot;}\" data-image-title=\"DSCN9502\" data-image-description=\"\" data-image-caption=\"\" data-medium-file=\"https:\/\/i0.wp.com\/genevieveetbernardauxameriques.fr\/wp-content\/uploads\/2017\/03\/DSCN9502.jpg?fit=300%2C225&amp;ssl=1\" data-large-file=\"https:\/\/i0.wp.com\/genevieveetbernardauxameriques.fr\/wp-content\/uploads\/2017\/03\/DSCN9502.jpg?fit=640%2C480&amp;ssl=1\" class=\"alignnone size-full wp-image-17388\" src=\"https:\/\/i0.wp.com\/genevieveetbernardauxameriques.fr\/wp-content\/uploads\/2017\/03\/DSCN9502.jpg?resize=640%2C480&#038;ssl=1\" alt=\"\" width=\"640\" height=\"480\" srcset=\"https:\/\/i0.wp.com\/genevieveetbernardauxameriques.fr\/wp-content\/uploads\/2017\/03\/DSCN9502.jpg?w=720&amp;ssl=1 720w, https:\/\/i0.wp.com\/genevieveetbernardauxameriques.fr\/wp-content\/uploads\/2017\/03\/DSCN9502.jpg?resize=300%2C225&amp;ssl=1 300w\" sizes=\"(max-width: 640px) 100vw, 640px\" data-recalc-dims=\"1\" \/><\/a><\/p>\n<p>Nous finirons la journ\u00e9e \u00e0 <strong>CHINCHINA<\/strong> dans l&rsquo;<strong>Hacienda Guayabal<\/strong>, en plein dans la r\u00e9gion du caf\u00e9.<\/p>\n<p><a href=\"https:\/\/i0.wp.com\/genevieveetbernardauxameriques.fr\/wp-content\/uploads\/2017\/03\/DSCN9575.jpg?ssl=1\"><img loading=\"lazy\" decoding=\"async\" data-attachment-id=\"17423\" data-permalink=\"https:\/\/genevieveetbernardauxameriques.fr\/index.php\/2017\/04\/06\/colombie-2eme-article-la-route-du-cafe\/dscn9575\/\" data-orig-file=\"https:\/\/i0.wp.com\/genevieveetbernardauxameriques.fr\/wp-content\/uploads\/2017\/03\/DSCN9575.jpg?fit=720%2C540&amp;ssl=1\" data-orig-size=\"720,540\" data-comments-opened=\"1\" data-image-meta=\"{&quot;aperture&quot;:&quot;3.5&quot;,&quot;credit&quot;:&quot;&quot;,&quot;camera&quot;:&quot;COOLPIX P900&quot;,&quot;caption&quot;:&quot;&quot;,&quot;created_timestamp&quot;:&quot;1490630649&quot;,&quot;copyright&quot;:&quot;&quot;,&quot;focal_length&quot;:&quot;14.3&quot;,&quot;iso&quot;:&quot;100&quot;,&quot;shutter_speed&quot;:&quot;0.003125&quot;,&quot;title&quot;:&quot;&quot;,&quot;orientation&quot;:&quot;1&quot;}\" data-image-title=\"DSCN9575\" data-image-description=\"\" data-image-caption=\"\" data-medium-file=\"https:\/\/i0.wp.com\/genevieveetbernardauxameriques.fr\/wp-content\/uploads\/2017\/03\/DSCN9575.jpg?fit=300%2C225&amp;ssl=1\" data-large-file=\"https:\/\/i0.wp.com\/genevieveetbernardauxameriques.fr\/wp-content\/uploads\/2017\/03\/DSCN9575.jpg?fit=640%2C480&amp;ssl=1\" class=\"alignnone size-full wp-image-17423\" src=\"https:\/\/i0.wp.com\/genevieveetbernardauxameriques.fr\/wp-content\/uploads\/2017\/03\/DSCN9575.jpg?resize=640%2C480&#038;ssl=1\" alt=\"\" width=\"640\" height=\"480\" srcset=\"https:\/\/i0.wp.com\/genevieveetbernardauxameriques.fr\/wp-content\/uploads\/2017\/03\/DSCN9575.jpg?w=720&amp;ssl=1 720w, https:\/\/i0.wp.com\/genevieveetbernardauxameriques.fr\/wp-content\/uploads\/2017\/03\/DSCN9575.jpg?resize=300%2C225&amp;ssl=1 300w\" sizes=\"(max-width: 640px) 100vw, 640px\" data-recalc-dims=\"1\" \/><\/a><\/p>\n<p>Nous y arrivons vers 17 h, nous n&rsquo;avons pas \u00e9t\u00e9 tr\u00e8s bien accueillis, on nous dit de nous installer \u00e0 un endroit et que l&rsquo;on ne peut pas rester 2 nuits. On demande l&rsquo;\u00e9lectricit\u00e9, mais il n&rsquo;y a qu&rsquo;une prise, il faut que l&rsquo;on se d\u00e9brouille. On ne nous montre ni les toilettes ni la douche, il faudra que nous cherchions nous-m\u00eame. Par contre on nous informe bien du prix\u00a050.000 P pour dormir (encore une augmentation depuis 2 mois) et 60.000 la visite pour 2. \u00a0Il y a des travaux juste \u00e0 c\u00f4t\u00e9 de notre emplacement, ils sont en train de construire un petit bungalow, Jorge qui doit \u00eatre le patron travaille avec les ouvriers, il nous dit qu&rsquo;il nous mettra la wifi lorsqu&rsquo;il aura fini (c&rsquo;est-\u00e0-dire qu&rsquo;on ira la r\u00e9clamer \u00e0 20 h)<\/p>\n<p>L&rsquo;endroit est super beau.<\/p>\n<p><a href=\"https:\/\/i0.wp.com\/genevieveetbernardauxameriques.fr\/wp-content\/uploads\/2017\/04\/IMG_20170327_142545.jpg?ssl=1\"><img loading=\"lazy\" decoding=\"async\" data-attachment-id=\"17755\" data-permalink=\"https:\/\/genevieveetbernardauxameriques.fr\/index.php\/2017\/04\/06\/colombie-2eme-article-la-route-du-cafe\/img_20170327_142545\/\" data-orig-file=\"https:\/\/i0.wp.com\/genevieveetbernardauxameriques.fr\/wp-content\/uploads\/2017\/04\/IMG_20170327_142545.jpg?fit=720%2C540&amp;ssl=1\" data-orig-size=\"720,540\" data-comments-opened=\"1\" data-image-meta=\"{&quot;aperture&quot;:&quot;0&quot;,&quot;credit&quot;:&quot;&quot;,&quot;camera&quot;:&quot;Lenovo YT3-X50F&quot;,&quot;caption&quot;:&quot;&quot;,&quot;created_timestamp&quot;:&quot;1490624746&quot;,&quot;copyright&quot;:&quot;&quot;,&quot;focal_length&quot;:&quot;3.85&quot;,&quot;iso&quot;:&quot;100&quot;,&quot;shutter_speed&quot;:&quot;0.00093457943925234&quot;,&quot;title&quot;:&quot;&quot;,&quot;orientation&quot;:&quot;0&quot;}\" data-image-title=\"IMG_20170327_142545\" data-image-description=\"\" data-image-caption=\"\" data-medium-file=\"https:\/\/i0.wp.com\/genevieveetbernardauxameriques.fr\/wp-content\/uploads\/2017\/04\/IMG_20170327_142545.jpg?fit=300%2C225&amp;ssl=1\" data-large-file=\"https:\/\/i0.wp.com\/genevieveetbernardauxameriques.fr\/wp-content\/uploads\/2017\/04\/IMG_20170327_142545.jpg?fit=640%2C480&amp;ssl=1\" class=\"alignnone size-full wp-image-17755\" src=\"https:\/\/i0.wp.com\/genevieveetbernardauxameriques.fr\/wp-content\/uploads\/2017\/04\/IMG_20170327_142545.jpg?resize=640%2C480&#038;ssl=1\" alt=\"\" width=\"640\" height=\"480\" srcset=\"https:\/\/i0.wp.com\/genevieveetbernardauxameriques.fr\/wp-content\/uploads\/2017\/04\/IMG_20170327_142545.jpg?w=720&amp;ssl=1 720w, https:\/\/i0.wp.com\/genevieveetbernardauxameriques.fr\/wp-content\/uploads\/2017\/04\/IMG_20170327_142545.jpg?resize=300%2C225&amp;ssl=1 300w\" sizes=\"(max-width: 640px) 100vw, 640px\" data-recalc-dims=\"1\" \/><\/a> <a href=\"https:\/\/i0.wp.com\/genevieveetbernardauxameriques.fr\/wp-content\/uploads\/2017\/04\/IMG_20170327_142840.jpg?ssl=1\"><img loading=\"lazy\" decoding=\"async\" class=\"alignnone size-full wp-image-17758\" src=\"https:\/\/i0.wp.com\/genevieveetbernardauxameriques.fr\/wp-content\/uploads\/2017\/04\/IMG_20170327_142840.jpg?resize=640%2C480&#038;ssl=1\" alt=\"\" width=\"640\" height=\"480\" data-recalc-dims=\"1\" \/><\/a> <a href=\"https:\/\/i0.wp.com\/genevieveetbernardauxameriques.fr\/wp-content\/uploads\/2017\/04\/IMG_20170327_143102.jpg?ssl=1\"><img loading=\"lazy\" decoding=\"async\" data-attachment-id=\"17759\" data-permalink=\"https:\/\/genevieveetbernardauxameriques.fr\/index.php\/2017\/04\/06\/colombie-2eme-article-la-route-du-cafe\/img_20170327_143102\/\" data-orig-file=\"https:\/\/i0.wp.com\/genevieveetbernardauxameriques.fr\/wp-content\/uploads\/2017\/04\/IMG_20170327_143102.jpg?fit=720%2C540&amp;ssl=1\" data-orig-size=\"720,540\" data-comments-opened=\"1\" data-image-meta=\"{&quot;aperture&quot;:&quot;0&quot;,&quot;credit&quot;:&quot;&quot;,&quot;camera&quot;:&quot;Lenovo YT3-X50F&quot;,&quot;caption&quot;:&quot;&quot;,&quot;created_timestamp&quot;:&quot;1490625063&quot;,&quot;copyright&quot;:&quot;&quot;,&quot;focal_length&quot;:&quot;3.85&quot;,&quot;iso&quot;:&quot;100&quot;,&quot;shutter_speed&quot;:&quot;0.00093457943925234&quot;,&quot;title&quot;:&quot;&quot;,&quot;orientation&quot;:&quot;0&quot;}\" data-image-title=\"IMG_20170327_143102\" data-image-description=\"\" data-image-caption=\"\" data-medium-file=\"https:\/\/i0.wp.com\/genevieveetbernardauxameriques.fr\/wp-content\/uploads\/2017\/04\/IMG_20170327_143102.jpg?fit=300%2C225&amp;ssl=1\" data-large-file=\"https:\/\/i0.wp.com\/genevieveetbernardauxameriques.fr\/wp-content\/uploads\/2017\/04\/IMG_20170327_143102.jpg?fit=640%2C480&amp;ssl=1\" class=\"alignnone size-full wp-image-17759\" src=\"https:\/\/i0.wp.com\/genevieveetbernardauxameriques.fr\/wp-content\/uploads\/2017\/04\/IMG_20170327_143102.jpg?resize=640%2C480&#038;ssl=1\" alt=\"\" width=\"640\" height=\"480\" srcset=\"https:\/\/i0.wp.com\/genevieveetbernardauxameriques.fr\/wp-content\/uploads\/2017\/04\/IMG_20170327_143102.jpg?w=720&amp;ssl=1 720w, https:\/\/i0.wp.com\/genevieveetbernardauxameriques.fr\/wp-content\/uploads\/2017\/04\/IMG_20170327_143102.jpg?resize=300%2C225&amp;ssl=1 300w\" sizes=\"(max-width: 640px) 100vw, 640px\" data-recalc-dims=\"1\" \/><\/a><\/p>\n<p><img loading=\"lazy\" decoding=\"async\" data-attachment-id=\"17394\" data-permalink=\"https:\/\/genevieveetbernardauxameriques.fr\/index.php\/2017\/04\/06\/colombie-2eme-article-la-route-du-cafe\/dscn9507\/\" data-orig-file=\"https:\/\/i0.wp.com\/genevieveetbernardauxameriques.fr\/wp-content\/uploads\/2017\/03\/DSCN9507.jpg?fit=720%2C540&amp;ssl=1\" data-orig-size=\"720,540\" data-comments-opened=\"1\" data-image-meta=\"{&quot;aperture&quot;:&quot;3.5&quot;,&quot;credit&quot;:&quot;&quot;,&quot;camera&quot;:&quot;COOLPIX P900&quot;,&quot;caption&quot;:&quot;&quot;,&quot;created_timestamp&quot;:&quot;1490571011&quot;,&quot;copyright&quot;:&quot;&quot;,&quot;focal_length&quot;:&quot;8.9&quot;,&quot;iso&quot;:&quot;100&quot;,&quot;shutter_speed&quot;:&quot;0.016666666666667&quot;,&quot;title&quot;:&quot;&quot;,&quot;orientation&quot;:&quot;1&quot;}\" data-image-title=\"DSCN9507\" data-image-description=\"\" data-image-caption=\"\" data-medium-file=\"https:\/\/i0.wp.com\/genevieveetbernardauxameriques.fr\/wp-content\/uploads\/2017\/03\/DSCN9507.jpg?fit=300%2C225&amp;ssl=1\" data-large-file=\"https:\/\/i0.wp.com\/genevieveetbernardauxameriques.fr\/wp-content\/uploads\/2017\/03\/DSCN9507.jpg?fit=640%2C480&amp;ssl=1\" class=\"alignnone size-full wp-image-17394\" src=\"https:\/\/i0.wp.com\/genevieveetbernardauxameriques.fr\/wp-content\/uploads\/2017\/03\/DSCN9507.jpg?resize=640%2C480&#038;ssl=1\" alt=\"\" width=\"640\" height=\"480\" srcset=\"https:\/\/i0.wp.com\/genevieveetbernardauxameriques.fr\/wp-content\/uploads\/2017\/03\/DSCN9507.jpg?w=720&amp;ssl=1 720w, https:\/\/i0.wp.com\/genevieveetbernardauxameriques.fr\/wp-content\/uploads\/2017\/03\/DSCN9507.jpg?resize=300%2C225&amp;ssl=1 300w\" sizes=\"(max-width: 640px) 100vw, 640px\" data-recalc-dims=\"1\" \/><\/p>\n<p><img loading=\"lazy\" decoding=\"async\" data-attachment-id=\"17393\" data-permalink=\"https:\/\/genevieveetbernardauxameriques.fr\/index.php\/2017\/04\/06\/colombie-2eme-article-la-route-du-cafe\/dscn9506\/\" data-orig-file=\"https:\/\/i0.wp.com\/genevieveetbernardauxameriques.fr\/wp-content\/uploads\/2017\/03\/DSCN9506.jpg?fit=720%2C540&amp;ssl=1\" data-orig-size=\"720,540\" data-comments-opened=\"1\" data-image-meta=\"{&quot;aperture&quot;:&quot;3.5&quot;,&quot;credit&quot;:&quot;&quot;,&quot;camera&quot;:&quot;COOLPIX P900&quot;,&quot;caption&quot;:&quot;&quot;,&quot;created_timestamp&quot;:&quot;1490570992&quot;,&quot;copyright&quot;:&quot;&quot;,&quot;focal_length&quot;:&quot;12.5&quot;,&quot;iso&quot;:&quot;100&quot;,&quot;shutter_speed&quot;:&quot;0.01&quot;,&quot;title&quot;:&quot;&quot;,&quot;orientation&quot;:&quot;1&quot;}\" data-image-title=\"DSCN9506\" data-image-description=\"\" data-image-caption=\"\" data-medium-file=\"https:\/\/i0.wp.com\/genevieveetbernardauxameriques.fr\/wp-content\/uploads\/2017\/03\/DSCN9506.jpg?fit=300%2C225&amp;ssl=1\" data-large-file=\"https:\/\/i0.wp.com\/genevieveetbernardauxameriques.fr\/wp-content\/uploads\/2017\/03\/DSCN9506.jpg?fit=640%2C480&amp;ssl=1\" class=\"alignnone size-full wp-image-17393\" src=\"https:\/\/i0.wp.com\/genevieveetbernardauxameriques.fr\/wp-content\/uploads\/2017\/03\/DSCN9506.jpg?resize=640%2C480&#038;ssl=1\" alt=\"\" width=\"640\" height=\"480\" srcset=\"https:\/\/i0.wp.com\/genevieveetbernardauxameriques.fr\/wp-content\/uploads\/2017\/03\/DSCN9506.jpg?w=720&amp;ssl=1 720w, https:\/\/i0.wp.com\/genevieveetbernardauxameriques.fr\/wp-content\/uploads\/2017\/03\/DSCN9506.jpg?resize=300%2C225&amp;ssl=1 300w\" sizes=\"(max-width: 640px) 100vw, 640px\" data-recalc-dims=\"1\" \/><img loading=\"lazy\" decoding=\"async\" data-attachment-id=\"17395\" data-permalink=\"https:\/\/genevieveetbernardauxameriques.fr\/index.php\/2017\/04\/06\/colombie-2eme-article-la-route-du-cafe\/dscn9508\/\" data-orig-file=\"https:\/\/i0.wp.com\/genevieveetbernardauxameriques.fr\/wp-content\/uploads\/2017\/03\/DSCN9508.jpg?fit=720%2C540&amp;ssl=1\" data-orig-size=\"720,540\" data-comments-opened=\"1\" data-image-meta=\"{&quot;aperture&quot;:&quot;3.2&quot;,&quot;credit&quot;:&quot;&quot;,&quot;camera&quot;:&quot;COOLPIX P900&quot;,&quot;caption&quot;:&quot;&quot;,&quot;created_timestamp&quot;:&quot;1490571048&quot;,&quot;copyright&quot;:&quot;&quot;,&quot;focal_length&quot;:&quot;6.2&quot;,&quot;iso&quot;:&quot;100&quot;,&quot;shutter_speed&quot;:&quot;0.004&quot;,&quot;title&quot;:&quot;&quot;,&quot;orientation&quot;:&quot;1&quot;}\" data-image-title=\"DSCN9508\" data-image-description=\"\" data-image-caption=\"\" data-medium-file=\"https:\/\/i0.wp.com\/genevieveetbernardauxameriques.fr\/wp-content\/uploads\/2017\/03\/DSCN9508.jpg?fit=300%2C225&amp;ssl=1\" data-large-file=\"https:\/\/i0.wp.com\/genevieveetbernardauxameriques.fr\/wp-content\/uploads\/2017\/03\/DSCN9508.jpg?fit=640%2C480&amp;ssl=1\" class=\"alignnone size-full wp-image-17395\" src=\"https:\/\/i0.wp.com\/genevieveetbernardauxameriques.fr\/wp-content\/uploads\/2017\/03\/DSCN9508.jpg?resize=640%2C480&#038;ssl=1\" alt=\"\" width=\"640\" height=\"480\" srcset=\"https:\/\/i0.wp.com\/genevieveetbernardauxameriques.fr\/wp-content\/uploads\/2017\/03\/DSCN9508.jpg?w=720&amp;ssl=1 720w, https:\/\/i0.wp.com\/genevieveetbernardauxameriques.fr\/wp-content\/uploads\/2017\/03\/DSCN9508.jpg?resize=300%2C225&amp;ssl=1 300w\" sizes=\"(max-width: 640px) 100vw, 640px\" data-recalc-dims=\"1\" \/><\/p>\n<p>Comme ce soir nous n&rsquo;avons pas grand chose de particulier \u00e0 faire, on va se balader sur les sentiers \u00e0 c\u00f4t\u00e9 de notre v\u00e9hicule, et voil\u00e0 :<\/p>\n<p><a href=\"https:\/\/i0.wp.com\/genevieveetbernardauxameriques.fr\/wp-content\/uploads\/2017\/03\/DSCN9504.jpg?ssl=1\"><img loading=\"lazy\" decoding=\"async\" data-attachment-id=\"17390\" data-permalink=\"https:\/\/genevieveetbernardauxameriques.fr\/index.php\/2017\/04\/06\/colombie-2eme-article-la-route-du-cafe\/dscn9504\/\" data-orig-file=\"https:\/\/i0.wp.com\/genevieveetbernardauxameriques.fr\/wp-content\/uploads\/2017\/03\/DSCN9504.jpg?fit=720%2C540&amp;ssl=1\" data-orig-size=\"720,540\" data-comments-opened=\"1\" data-image-meta=\"{&quot;aperture&quot;:&quot;5&quot;,&quot;credit&quot;:&quot;&quot;,&quot;camera&quot;:&quot;COOLPIX P900&quot;,&quot;caption&quot;:&quot;&quot;,&quot;created_timestamp&quot;:&quot;1490570054&quot;,&quot;copyright&quot;:&quot;&quot;,&quot;focal_length&quot;:&quot;53.5&quot;,&quot;iso&quot;:&quot;200&quot;,&quot;shutter_speed&quot;:&quot;0.008&quot;,&quot;title&quot;:&quot;&quot;,&quot;orientation&quot;:&quot;1&quot;}\" data-image-title=\"DSCN9504\" data-image-description=\"\" data-image-caption=\"\" data-medium-file=\"https:\/\/i0.wp.com\/genevieveetbernardauxameriques.fr\/wp-content\/uploads\/2017\/03\/DSCN9504.jpg?fit=300%2C225&amp;ssl=1\" data-large-file=\"https:\/\/i0.wp.com\/genevieveetbernardauxameriques.fr\/wp-content\/uploads\/2017\/03\/DSCN9504.jpg?fit=640%2C480&amp;ssl=1\" class=\"alignnone size-full wp-image-17390\" src=\"https:\/\/i0.wp.com\/genevieveetbernardauxameriques.fr\/wp-content\/uploads\/2017\/03\/DSCN9504.jpg?resize=640%2C480&#038;ssl=1\" alt=\"\" width=\"640\" height=\"480\" srcset=\"https:\/\/i0.wp.com\/genevieveetbernardauxameriques.fr\/wp-content\/uploads\/2017\/03\/DSCN9504.jpg?w=720&amp;ssl=1 720w, https:\/\/i0.wp.com\/genevieveetbernardauxameriques.fr\/wp-content\/uploads\/2017\/03\/DSCN9504.jpg?resize=300%2C225&amp;ssl=1 300w\" sizes=\"(max-width: 640px) 100vw, 640px\" data-recalc-dims=\"1\" \/><\/a> <a href=\"https:\/\/i0.wp.com\/genevieveetbernardauxameriques.fr\/wp-content\/uploads\/2017\/03\/DSCN9505.jpg?ssl=1\"><img loading=\"lazy\" decoding=\"async\" data-attachment-id=\"17392\" data-permalink=\"https:\/\/genevieveetbernardauxameriques.fr\/index.php\/2017\/04\/06\/colombie-2eme-article-la-route-du-cafe\/dscn9505\/\" data-orig-file=\"https:\/\/i0.wp.com\/genevieveetbernardauxameriques.fr\/wp-content\/uploads\/2017\/03\/DSCN9505.jpg?fit=720%2C540&amp;ssl=1\" data-orig-size=\"720,540\" data-comments-opened=\"1\" data-image-meta=\"{&quot;aperture&quot;:&quot;5.6&quot;,&quot;credit&quot;:&quot;&quot;,&quot;camera&quot;:&quot;COOLPIX P900&quot;,&quot;caption&quot;:&quot;&quot;,&quot;created_timestamp&quot;:&quot;1490570117&quot;,&quot;copyright&quot;:&quot;&quot;,&quot;focal_length&quot;:&quot;178&quot;,&quot;iso&quot;:&quot;400&quot;,&quot;shutter_speed&quot;:&quot;0.005&quot;,&quot;title&quot;:&quot;&quot;,&quot;orientation&quot;:&quot;1&quot;}\" data-image-title=\"DSCN9505\" data-image-description=\"\" data-image-caption=\"\" data-medium-file=\"https:\/\/i0.wp.com\/genevieveetbernardauxameriques.fr\/wp-content\/uploads\/2017\/03\/DSCN9505.jpg?fit=300%2C225&amp;ssl=1\" data-large-file=\"https:\/\/i0.wp.com\/genevieveetbernardauxameriques.fr\/wp-content\/uploads\/2017\/03\/DSCN9505.jpg?fit=640%2C480&amp;ssl=1\" class=\"alignnone size-full wp-image-17392\" src=\"https:\/\/i0.wp.com\/genevieveetbernardauxameriques.fr\/wp-content\/uploads\/2017\/03\/DSCN9505.jpg?resize=640%2C480&#038;ssl=1\" alt=\"\" width=\"640\" height=\"480\" srcset=\"https:\/\/i0.wp.com\/genevieveetbernardauxameriques.fr\/wp-content\/uploads\/2017\/03\/DSCN9505.jpg?w=720&amp;ssl=1 720w, https:\/\/i0.wp.com\/genevieveetbernardauxameriques.fr\/wp-content\/uploads\/2017\/03\/DSCN9505.jpg?resize=300%2C225&amp;ssl=1 300w\" sizes=\"(max-width: 640px) 100vw, 640px\" data-recalc-dims=\"1\" \/><\/a> <a href=\"https:\/\/i0.wp.com\/genevieveetbernardauxameriques.fr\/wp-content\/uploads\/2017\/03\/DSCN9512.jpg?ssl=1\"><img loading=\"lazy\" decoding=\"async\" data-attachment-id=\"17397\" data-permalink=\"https:\/\/genevieveetbernardauxameriques.fr\/index.php\/2017\/04\/06\/colombie-2eme-article-la-route-du-cafe\/dscn9512\/\" data-orig-file=\"https:\/\/i0.wp.com\/genevieveetbernardauxameriques.fr\/wp-content\/uploads\/2017\/03\/DSCN9512.jpg?fit=720%2C540&amp;ssl=1\" data-orig-size=\"720,540\" data-comments-opened=\"1\" data-image-meta=\"{&quot;aperture&quot;:&quot;5&quot;,&quot;credit&quot;:&quot;&quot;,&quot;camera&quot;:&quot;COOLPIX P900&quot;,&quot;caption&quot;:&quot;&quot;,&quot;created_timestamp&quot;:&quot;1490571565&quot;,&quot;copyright&quot;:&quot;&quot;,&quot;focal_length&quot;:&quot;67.8&quot;,&quot;iso&quot;:&quot;400&quot;,&quot;shutter_speed&quot;:&quot;0.025&quot;,&quot;title&quot;:&quot;&quot;,&quot;orientation&quot;:&quot;1&quot;}\" data-image-title=\"DSCN9512\" data-image-description=\"\" data-image-caption=\"\" data-medium-file=\"https:\/\/i0.wp.com\/genevieveetbernardauxameriques.fr\/wp-content\/uploads\/2017\/03\/DSCN9512.jpg?fit=300%2C225&amp;ssl=1\" data-large-file=\"https:\/\/i0.wp.com\/genevieveetbernardauxameriques.fr\/wp-content\/uploads\/2017\/03\/DSCN9512.jpg?fit=640%2C480&amp;ssl=1\" class=\"alignnone size-full wp-image-17397\" src=\"https:\/\/i0.wp.com\/genevieveetbernardauxameriques.fr\/wp-content\/uploads\/2017\/03\/DSCN9512.jpg?resize=640%2C480&#038;ssl=1\" alt=\"\" width=\"640\" height=\"480\" srcset=\"https:\/\/i0.wp.com\/genevieveetbernardauxameriques.fr\/wp-content\/uploads\/2017\/03\/DSCN9512.jpg?w=720&amp;ssl=1 720w, https:\/\/i0.wp.com\/genevieveetbernardauxameriques.fr\/wp-content\/uploads\/2017\/03\/DSCN9512.jpg?resize=300%2C225&amp;ssl=1 300w\" sizes=\"(max-width: 640px) 100vw, 640px\" data-recalc-dims=\"1\" \/><\/a><img loading=\"lazy\" decoding=\"async\" data-attachment-id=\"17402\" data-permalink=\"https:\/\/genevieveetbernardauxameriques.fr\/index.php\/2017\/04\/06\/colombie-2eme-article-la-route-du-cafe\/dscn9533\/\" data-orig-file=\"https:\/\/i0.wp.com\/genevieveetbernardauxameriques.fr\/wp-content\/uploads\/2017\/03\/DSCN9533.jpg?fit=720%2C540&amp;ssl=1\" data-orig-size=\"720,540\" data-comments-opened=\"1\" data-image-meta=\"{&quot;aperture&quot;:&quot;6.3&quot;,&quot;credit&quot;:&quot;&quot;,&quot;camera&quot;:&quot;COOLPIX P900&quot;,&quot;caption&quot;:&quot;&quot;,&quot;created_timestamp&quot;:&quot;1490575399&quot;,&quot;copyright&quot;:&quot;&quot;,&quot;focal_length&quot;:&quot;285&quot;,&quot;iso&quot;:&quot;1400&quot;,&quot;shutter_speed&quot;:&quot;0.033333333333333&quot;,&quot;title&quot;:&quot;&quot;,&quot;orientation&quot;:&quot;1&quot;}\" data-image-title=\"DSCN9533\" data-image-description=\"\" data-image-caption=\"\" data-medium-file=\"https:\/\/i0.wp.com\/genevieveetbernardauxameriques.fr\/wp-content\/uploads\/2017\/03\/DSCN9533.jpg?fit=300%2C225&amp;ssl=1\" data-large-file=\"https:\/\/i0.wp.com\/genevieveetbernardauxameriques.fr\/wp-content\/uploads\/2017\/03\/DSCN9533.jpg?fit=640%2C480&amp;ssl=1\" class=\"alignnone size-full wp-image-17402\" src=\"https:\/\/i0.wp.com\/genevieveetbernardauxameriques.fr\/wp-content\/uploads\/2017\/03\/DSCN9533.jpg?resize=640%2C480&#038;ssl=1\" alt=\"\" width=\"640\" height=\"480\" srcset=\"https:\/\/i0.wp.com\/genevieveetbernardauxameriques.fr\/wp-content\/uploads\/2017\/03\/DSCN9533.jpg?w=720&amp;ssl=1 720w, https:\/\/i0.wp.com\/genevieveetbernardauxameriques.fr\/wp-content\/uploads\/2017\/03\/DSCN9533.jpg?resize=300%2C225&amp;ssl=1 300w\" sizes=\"(max-width: 640px) 100vw, 640px\" data-recalc-dims=\"1\" \/><img loading=\"lazy\" decoding=\"async\" data-attachment-id=\"17405\" data-permalink=\"https:\/\/genevieveetbernardauxameriques.fr\/index.php\/2017\/04\/06\/colombie-2eme-article-la-route-du-cafe\/dscn9536\/\" data-orig-file=\"https:\/\/i0.wp.com\/genevieveetbernardauxameriques.fr\/wp-content\/uploads\/2017\/03\/DSCN9536.jpg?fit=720%2C540&amp;ssl=1\" data-orig-size=\"720,540\" data-comments-opened=\"1\" data-image-meta=\"{&quot;aperture&quot;:&quot;5.6&quot;,&quot;credit&quot;:&quot;&quot;,&quot;camera&quot;:&quot;COOLPIX P900&quot;,&quot;caption&quot;:&quot;&quot;,&quot;created_timestamp&quot;:&quot;1490575548&quot;,&quot;copyright&quot;:&quot;&quot;,&quot;focal_length&quot;:&quot;152&quot;,&quot;iso&quot;:&quot;1400&quot;,&quot;shutter_speed&quot;:&quot;0.033333333333333&quot;,&quot;title&quot;:&quot;&quot;,&quot;orientation&quot;:&quot;1&quot;}\" data-image-title=\"DSCN9536\" data-image-description=\"\" data-image-caption=\"\" data-medium-file=\"https:\/\/i0.wp.com\/genevieveetbernardauxameriques.fr\/wp-content\/uploads\/2017\/03\/DSCN9536.jpg?fit=300%2C225&amp;ssl=1\" data-large-file=\"https:\/\/i0.wp.com\/genevieveetbernardauxameriques.fr\/wp-content\/uploads\/2017\/03\/DSCN9536.jpg?fit=640%2C480&amp;ssl=1\" class=\"alignnone size-full wp-image-17405\" src=\"https:\/\/i0.wp.com\/genevieveetbernardauxameriques.fr\/wp-content\/uploads\/2017\/03\/DSCN9536.jpg?resize=640%2C480&#038;ssl=1\" alt=\"\" width=\"640\" height=\"480\" srcset=\"https:\/\/i0.wp.com\/genevieveetbernardauxameriques.fr\/wp-content\/uploads\/2017\/03\/DSCN9536.jpg?w=720&amp;ssl=1 720w, https:\/\/i0.wp.com\/genevieveetbernardauxameriques.fr\/wp-content\/uploads\/2017\/03\/DSCN9536.jpg?resize=300%2C225&amp;ssl=1 300w\" sizes=\"(max-width: 640px) 100vw, 640px\" data-recalc-dims=\"1\" \/><a href=\"https:\/\/i0.wp.com\/genevieveetbernardauxameriques.fr\/wp-content\/uploads\/2017\/03\/DSCN9514.jpg?ssl=1\"><img loading=\"lazy\" decoding=\"async\" data-attachment-id=\"17398\" data-permalink=\"https:\/\/genevieveetbernardauxameriques.fr\/index.php\/2017\/04\/06\/colombie-2eme-article-la-route-du-cafe\/dscn9514\/\" data-orig-file=\"https:\/\/i0.wp.com\/genevieveetbernardauxameriques.fr\/wp-content\/uploads\/2017\/03\/DSCN9514.jpg?fit=720%2C540&amp;ssl=1\" data-orig-size=\"720,540\" data-comments-opened=\"1\" data-image-meta=\"{&quot;aperture&quot;:&quot;5.6&quot;,&quot;credit&quot;:&quot;&quot;,&quot;camera&quot;:&quot;COOLPIX P900&quot;,&quot;caption&quot;:&quot;&quot;,&quot;created_timestamp&quot;:&quot;1490572084&quot;,&quot;copyright&quot;:&quot;&quot;,&quot;focal_length&quot;:&quot;116&quot;,&quot;iso&quot;:&quot;800&quot;,&quot;shutter_speed&quot;:&quot;0.01&quot;,&quot;title&quot;:&quot;&quot;,&quot;orientation&quot;:&quot;1&quot;}\" data-image-title=\"DSCN9514\" data-image-description=\"\" data-image-caption=\"\" data-medium-file=\"https:\/\/i0.wp.com\/genevieveetbernardauxameriques.fr\/wp-content\/uploads\/2017\/03\/DSCN9514.jpg?fit=300%2C225&amp;ssl=1\" data-large-file=\"https:\/\/i0.wp.com\/genevieveetbernardauxameriques.fr\/wp-content\/uploads\/2017\/03\/DSCN9514.jpg?fit=640%2C480&amp;ssl=1\" class=\"alignnone size-full wp-image-17398\" src=\"https:\/\/i0.wp.com\/genevieveetbernardauxameriques.fr\/wp-content\/uploads\/2017\/03\/DSCN9514.jpg?resize=640%2C480&#038;ssl=1\" alt=\"\" width=\"640\" height=\"480\" srcset=\"https:\/\/i0.wp.com\/genevieveetbernardauxameriques.fr\/wp-content\/uploads\/2017\/03\/DSCN9514.jpg?w=720&amp;ssl=1 720w, https:\/\/i0.wp.com\/genevieveetbernardauxameriques.fr\/wp-content\/uploads\/2017\/03\/DSCN9514.jpg?resize=300%2C225&amp;ssl=1 300w\" sizes=\"(max-width: 640px) 100vw, 640px\" data-recalc-dims=\"1\" \/><\/a> <a href=\"https:\/\/i0.wp.com\/genevieveetbernardauxameriques.fr\/wp-content\/uploads\/2017\/03\/DSCN9515.jpg?ssl=1\"><img loading=\"lazy\" decoding=\"async\" data-attachment-id=\"17399\" data-permalink=\"https:\/\/genevieveetbernardauxameriques.fr\/index.php\/2017\/04\/06\/colombie-2eme-article-la-route-du-cafe\/dscn9515\/\" data-orig-file=\"https:\/\/i0.wp.com\/genevieveetbernardauxameriques.fr\/wp-content\/uploads\/2017\/03\/DSCN9515.jpg?fit=540%2C720&amp;ssl=1\" data-orig-size=\"540,720\" data-comments-opened=\"1\" data-image-meta=\"{&quot;aperture&quot;:&quot;5.6&quot;,&quot;credit&quot;:&quot;&quot;,&quot;camera&quot;:&quot;COOLPIX P900&quot;,&quot;caption&quot;:&quot;&quot;,&quot;created_timestamp&quot;:&quot;1490572118&quot;,&quot;copyright&quot;:&quot;&quot;,&quot;focal_length&quot;:&quot;152&quot;,&quot;iso&quot;:&quot;800&quot;,&quot;shutter_speed&quot;:&quot;0.016666666666667&quot;,&quot;title&quot;:&quot;&quot;,&quot;orientation&quot;:&quot;1&quot;}\" data-image-title=\"DSCN9515\" data-image-description=\"\" data-image-caption=\"\" data-medium-file=\"https:\/\/i0.wp.com\/genevieveetbernardauxameriques.fr\/wp-content\/uploads\/2017\/03\/DSCN9515.jpg?fit=225%2C300&amp;ssl=1\" data-large-file=\"https:\/\/i0.wp.com\/genevieveetbernardauxameriques.fr\/wp-content\/uploads\/2017\/03\/DSCN9515.jpg?fit=540%2C720&amp;ssl=1\" class=\"size-full wp-image-17399 aligncenter\" src=\"https:\/\/i0.wp.com\/genevieveetbernardauxameriques.fr\/wp-content\/uploads\/2017\/03\/DSCN9515.jpg?resize=540%2C720&#038;ssl=1\" alt=\"\" width=\"540\" height=\"720\" srcset=\"https:\/\/i0.wp.com\/genevieveetbernardauxameriques.fr\/wp-content\/uploads\/2017\/03\/DSCN9515.jpg?w=540&amp;ssl=1 540w, https:\/\/i0.wp.com\/genevieveetbernardauxameriques.fr\/wp-content\/uploads\/2017\/03\/DSCN9515.jpg?resize=225%2C300&amp;ssl=1 225w\" sizes=\"(max-width: 540px) 100vw, 540px\" data-recalc-dims=\"1\" \/><\/a><\/p>\n<p>Celui-l\u00e0, parait-il est difficile \u00e0 apercevoir, j&rsquo;ai donc eu beaucoup de chance<a href=\"https:\/\/i0.wp.com\/genevieveetbernardauxameriques.fr\/wp-content\/uploads\/2017\/03\/DSCN9521.jpg?ssl=1\"><img loading=\"lazy\" decoding=\"async\" data-attachment-id=\"17400\" data-permalink=\"https:\/\/genevieveetbernardauxameriques.fr\/index.php\/2017\/04\/06\/colombie-2eme-article-la-route-du-cafe\/dscn9521\/\" data-orig-file=\"https:\/\/i0.wp.com\/genevieveetbernardauxameriques.fr\/wp-content\/uploads\/2017\/03\/DSCN9521.jpg?fit=720%2C540&amp;ssl=1\" data-orig-size=\"720,540\" data-comments-opened=\"1\" data-image-meta=\"{&quot;aperture&quot;:&quot;6.5&quot;,&quot;credit&quot;:&quot;&quot;,&quot;camera&quot;:&quot;COOLPIX P900&quot;,&quot;caption&quot;:&quot;&quot;,&quot;created_timestamp&quot;:&quot;1490572881&quot;,&quot;copyright&quot;:&quot;&quot;,&quot;focal_length&quot;:&quot;428.4&quot;,&quot;iso&quot;:&quot;400&quot;,&quot;shutter_speed&quot;:&quot;0.0025&quot;,&quot;title&quot;:&quot;&quot;,&quot;orientation&quot;:&quot;1&quot;}\" data-image-title=\"DSCN9521\" data-image-description=\"\" data-image-caption=\"\" data-medium-file=\"https:\/\/i0.wp.com\/genevieveetbernardauxameriques.fr\/wp-content\/uploads\/2017\/03\/DSCN9521.jpg?fit=300%2C225&amp;ssl=1\" data-large-file=\"https:\/\/i0.wp.com\/genevieveetbernardauxameriques.fr\/wp-content\/uploads\/2017\/03\/DSCN9521.jpg?fit=640%2C480&amp;ssl=1\" class=\"alignnone size-full wp-image-17400\" src=\"https:\/\/i0.wp.com\/genevieveetbernardauxameriques.fr\/wp-content\/uploads\/2017\/03\/DSCN9521.jpg?resize=640%2C480&#038;ssl=1\" alt=\"\" width=\"640\" height=\"480\" srcset=\"https:\/\/i0.wp.com\/genevieveetbernardauxameriques.fr\/wp-content\/uploads\/2017\/03\/DSCN9521.jpg?w=720&amp;ssl=1 720w, https:\/\/i0.wp.com\/genevieveetbernardauxameriques.fr\/wp-content\/uploads\/2017\/03\/DSCN9521.jpg?resize=300%2C225&amp;ssl=1 300w\" sizes=\"(max-width: 640px) 100vw, 640px\" data-recalc-dims=\"1\" \/><\/a><\/p>\n<p><a href=\"https:\/\/i0.wp.com\/genevieveetbernardauxameriques.fr\/wp-content\/uploads\/2017\/03\/DSCN9642.jpg?ssl=1\"><img loading=\"lazy\" decoding=\"async\" data-attachment-id=\"17469\" data-permalink=\"https:\/\/genevieveetbernardauxameriques.fr\/index.php\/2017\/04\/06\/colombie-2eme-article-la-route-du-cafe\/dscn9642\/\" data-orig-file=\"https:\/\/i0.wp.com\/genevieveetbernardauxameriques.fr\/wp-content\/uploads\/2017\/03\/DSCN9642.jpg?fit=720%2C540&amp;ssl=1\" data-orig-size=\"720,540\" data-comments-opened=\"1\" data-image-meta=\"{&quot;aperture&quot;:&quot;2.8&quot;,&quot;credit&quot;:&quot;&quot;,&quot;camera&quot;:&quot;COOLPIX P900&quot;,&quot;caption&quot;:&quot;&quot;,&quot;created_timestamp&quot;:&quot;1490642926&quot;,&quot;copyright&quot;:&quot;&quot;,&quot;focal_length&quot;:&quot;4.3&quot;,&quot;iso&quot;:&quot;100&quot;,&quot;shutter_speed&quot;:&quot;0.0125&quot;,&quot;title&quot;:&quot;&quot;,&quot;orientation&quot;:&quot;1&quot;}\" data-image-title=\"DSCN9642\" data-image-description=\"\" data-image-caption=\"\" data-medium-file=\"https:\/\/i0.wp.com\/genevieveetbernardauxameriques.fr\/wp-content\/uploads\/2017\/03\/DSCN9642.jpg?fit=300%2C225&amp;ssl=1\" data-large-file=\"https:\/\/i0.wp.com\/genevieveetbernardauxameriques.fr\/wp-content\/uploads\/2017\/03\/DSCN9642.jpg?fit=640%2C480&amp;ssl=1\" class=\"alignnone wp-image-17469\" src=\"https:\/\/i0.wp.com\/genevieveetbernardauxameriques.fr\/wp-content\/uploads\/2017\/03\/DSCN9642.jpg?resize=355%2C266&#038;ssl=1\" alt=\"\" width=\"355\" height=\"266\" srcset=\"https:\/\/i0.wp.com\/genevieveetbernardauxameriques.fr\/wp-content\/uploads\/2017\/03\/DSCN9642.jpg?resize=300%2C225&amp;ssl=1 300w, https:\/\/i0.wp.com\/genevieveetbernardauxameriques.fr\/wp-content\/uploads\/2017\/03\/DSCN9642.jpg?w=720&amp;ssl=1 720w\" sizes=\"(max-width: 355px) 100vw, 355px\" data-recalc-dims=\"1\" \/><\/a> \u00a0 \u00a0 \u00a0 \u00a0 \u00a0 \u00a0 \u00a0 <a href=\"https:\/\/i0.wp.com\/genevieveetbernardauxameriques.fr\/wp-content\/uploads\/2017\/03\/DSCN9643.jpg?ssl=1\"><img loading=\"lazy\" decoding=\"async\" data-attachment-id=\"17470\" data-permalink=\"https:\/\/genevieveetbernardauxameriques.fr\/index.php\/2017\/04\/06\/colombie-2eme-article-la-route-du-cafe\/dscn9643\/\" data-orig-file=\"https:\/\/i0.wp.com\/genevieveetbernardauxameriques.fr\/wp-content\/uploads\/2017\/03\/DSCN9643.jpg?fit=540%2C720&amp;ssl=1\" data-orig-size=\"540,720\" data-comments-opened=\"1\" data-image-meta=\"{&quot;aperture&quot;:&quot;2.8&quot;,&quot;credit&quot;:&quot;&quot;,&quot;camera&quot;:&quot;COOLPIX P900&quot;,&quot;caption&quot;:&quot;&quot;,&quot;created_timestamp&quot;:&quot;1490642945&quot;,&quot;copyright&quot;:&quot;&quot;,&quot;focal_length&quot;:&quot;4.3&quot;,&quot;iso&quot;:&quot;100&quot;,&quot;shutter_speed&quot;:&quot;0.0125&quot;,&quot;title&quot;:&quot;&quot;,&quot;orientation&quot;:&quot;1&quot;}\" data-image-title=\"DSCN9643\" data-image-description=\"\" data-image-caption=\"\" data-medium-file=\"https:\/\/i0.wp.com\/genevieveetbernardauxameriques.fr\/wp-content\/uploads\/2017\/03\/DSCN9643.jpg?fit=225%2C300&amp;ssl=1\" data-large-file=\"https:\/\/i0.wp.com\/genevieveetbernardauxameriques.fr\/wp-content\/uploads\/2017\/03\/DSCN9643.jpg?fit=540%2C720&amp;ssl=1\" class=\"alignnone size-medium wp-image-17470\" src=\"https:\/\/i0.wp.com\/genevieveetbernardauxameriques.fr\/wp-content\/uploads\/2017\/03\/DSCN9643.jpg?resize=225%2C300&#038;ssl=1\" alt=\"\" width=\"225\" height=\"300\" srcset=\"https:\/\/i0.wp.com\/genevieveetbernardauxameriques.fr\/wp-content\/uploads\/2017\/03\/DSCN9643.jpg?resize=225%2C300&amp;ssl=1 225w, https:\/\/i0.wp.com\/genevieveetbernardauxameriques.fr\/wp-content\/uploads\/2017\/03\/DSCN9643.jpg?w=540&amp;ssl=1 540w\" sizes=\"(max-width: 225px) 100vw, 225px\" data-recalc-dims=\"1\" \/><\/a><\/p>\n<p>Et un toucan, il est minuscule et pas tr\u00e8s color\u00e9, dans l&rsquo;arbre juste sur notre camper<\/p>\n<p><a href=\"https:\/\/i0.wp.com\/genevieveetbernardauxameriques.fr\/wp-content\/uploads\/2017\/03\/DSCN9541.jpg?ssl=1\"><img loading=\"lazy\" decoding=\"async\" data-attachment-id=\"17409\" data-permalink=\"https:\/\/genevieveetbernardauxameriques.fr\/index.php\/2017\/04\/06\/colombie-2eme-article-la-route-du-cafe\/dscn9541\/\" data-orig-file=\"https:\/\/i0.wp.com\/genevieveetbernardauxameriques.fr\/wp-content\/uploads\/2017\/03\/DSCN9541.jpg?fit=720%2C540&amp;ssl=1\" data-orig-size=\"720,540\" data-comments-opened=\"1\" data-image-meta=\"{&quot;aperture&quot;:&quot;6.5&quot;,&quot;credit&quot;:&quot;&quot;,&quot;camera&quot;:&quot;COOLPIX P900&quot;,&quot;caption&quot;:&quot;&quot;,&quot;created_timestamp&quot;:&quot;1490576367&quot;,&quot;copyright&quot;:&quot;&quot;,&quot;focal_length&quot;:&quot;499.8&quot;,&quot;iso&quot;:&quot;800&quot;,&quot;shutter_speed&quot;:&quot;0.0125&quot;,&quot;title&quot;:&quot;&quot;,&quot;orientation&quot;:&quot;1&quot;}\" data-image-title=\"DSCN9541\" data-image-description=\"\" data-image-caption=\"\" data-medium-file=\"https:\/\/i0.wp.com\/genevieveetbernardauxameriques.fr\/wp-content\/uploads\/2017\/03\/DSCN9541.jpg?fit=300%2C225&amp;ssl=1\" data-large-file=\"https:\/\/i0.wp.com\/genevieveetbernardauxameriques.fr\/wp-content\/uploads\/2017\/03\/DSCN9541.jpg?fit=640%2C480&amp;ssl=1\" class=\"alignnone size-full wp-image-17409\" src=\"https:\/\/i0.wp.com\/genevieveetbernardauxameriques.fr\/wp-content\/uploads\/2017\/03\/DSCN9541.jpg?resize=640%2C480&#038;ssl=1\" alt=\"\" width=\"640\" height=\"480\" srcset=\"https:\/\/i0.wp.com\/genevieveetbernardauxameriques.fr\/wp-content\/uploads\/2017\/03\/DSCN9541.jpg?w=720&amp;ssl=1 720w, https:\/\/i0.wp.com\/genevieveetbernardauxameriques.fr\/wp-content\/uploads\/2017\/03\/DSCN9541.jpg?resize=300%2C225&amp;ssl=1 300w\" sizes=\"(max-width: 640px) 100vw, 640px\" data-recalc-dims=\"1\" \/><\/a><a href=\"https:\/\/i0.wp.com\/genevieveetbernardauxameriques.fr\/wp-content\/uploads\/2017\/03\/DSCN9554.jpg?ssl=1\"><img loading=\"lazy\" decoding=\"async\" data-attachment-id=\"17419\" data-permalink=\"https:\/\/genevieveetbernardauxameriques.fr\/index.php\/2017\/04\/06\/colombie-2eme-article-la-route-du-cafe\/dscn9554\/\" data-orig-file=\"https:\/\/i0.wp.com\/genevieveetbernardauxameriques.fr\/wp-content\/uploads\/2017\/03\/DSCN9554.jpg?fit=720%2C540&amp;ssl=1\" data-orig-size=\"720,540\" data-comments-opened=\"1\" data-image-meta=\"{&quot;aperture&quot;:&quot;6.5&quot;,&quot;credit&quot;:&quot;&quot;,&quot;camera&quot;:&quot;COOLPIX P900&quot;,&quot;caption&quot;:&quot;&quot;,&quot;created_timestamp&quot;:&quot;1490627716&quot;,&quot;copyright&quot;:&quot;&quot;,&quot;focal_length&quot;:&quot;428.4&quot;,&quot;iso&quot;:&quot;640&quot;,&quot;shutter_speed&quot;:&quot;0.008&quot;,&quot;title&quot;:&quot;&quot;,&quot;orientation&quot;:&quot;1&quot;}\" data-image-title=\"DSCN9554\" data-image-description=\"\" data-image-caption=\"\" data-medium-file=\"https:\/\/i0.wp.com\/genevieveetbernardauxameriques.fr\/wp-content\/uploads\/2017\/03\/DSCN9554.jpg?fit=300%2C225&amp;ssl=1\" data-large-file=\"https:\/\/i0.wp.com\/genevieveetbernardauxameriques.fr\/wp-content\/uploads\/2017\/03\/DSCN9554.jpg?fit=640%2C480&amp;ssl=1\" class=\"alignnone size-full wp-image-17419\" src=\"https:\/\/i0.wp.com\/genevieveetbernardauxameriques.fr\/wp-content\/uploads\/2017\/03\/DSCN9554.jpg?resize=640%2C480&#038;ssl=1\" alt=\"\" width=\"640\" height=\"480\" srcset=\"https:\/\/i0.wp.com\/genevieveetbernardauxameriques.fr\/wp-content\/uploads\/2017\/03\/DSCN9554.jpg?w=720&amp;ssl=1 720w, https:\/\/i0.wp.com\/genevieveetbernardauxameriques.fr\/wp-content\/uploads\/2017\/03\/DSCN9554.jpg?resize=300%2C225&amp;ssl=1 300w\" sizes=\"(max-width: 640px) 100vw, 640px\" data-recalc-dims=\"1\" \/><\/a> <a href=\"https:\/\/i0.wp.com\/genevieveetbernardauxameriques.fr\/wp-content\/uploads\/2017\/03\/DSCN9558.jpg?ssl=1\"><img loading=\"lazy\" decoding=\"async\" data-attachment-id=\"17420\" data-permalink=\"https:\/\/genevieveetbernardauxameriques.fr\/index.php\/2017\/04\/06\/colombie-2eme-article-la-route-du-cafe\/dscn9558\/\" data-orig-file=\"https:\/\/i0.wp.com\/genevieveetbernardauxameriques.fr\/wp-content\/uploads\/2017\/03\/DSCN9558.jpg?fit=540%2C720&amp;ssl=1\" data-orig-size=\"540,720\" data-comments-opened=\"1\" data-image-meta=\"{&quot;aperture&quot;:&quot;6.3&quot;,&quot;credit&quot;:&quot;&quot;,&quot;camera&quot;:&quot;COOLPIX P900&quot;,&quot;caption&quot;:&quot;&quot;,&quot;created_timestamp&quot;:&quot;1490627986&quot;,&quot;copyright&quot;:&quot;&quot;,&quot;focal_length&quot;:&quot;214&quot;,&quot;iso&quot;:&quot;800&quot;,&quot;shutter_speed&quot;:&quot;0.008&quot;,&quot;title&quot;:&quot;&quot;,&quot;orientation&quot;:&quot;1&quot;}\" data-image-title=\"DSCN9558\" data-image-description=\"\" data-image-caption=\"\" data-medium-file=\"https:\/\/i0.wp.com\/genevieveetbernardauxameriques.fr\/wp-content\/uploads\/2017\/03\/DSCN9558.jpg?fit=225%2C300&amp;ssl=1\" data-large-file=\"https:\/\/i0.wp.com\/genevieveetbernardauxameriques.fr\/wp-content\/uploads\/2017\/03\/DSCN9558.jpg?fit=540%2C720&amp;ssl=1\" class=\"size-full wp-image-17420 aligncenter\" src=\"https:\/\/i0.wp.com\/genevieveetbernardauxameriques.fr\/wp-content\/uploads\/2017\/03\/DSCN9558.jpg?resize=540%2C720&#038;ssl=1\" alt=\"\" width=\"540\" height=\"720\" srcset=\"https:\/\/i0.wp.com\/genevieveetbernardauxameriques.fr\/wp-content\/uploads\/2017\/03\/DSCN9558.jpg?w=540&amp;ssl=1 540w, https:\/\/i0.wp.com\/genevieveetbernardauxameriques.fr\/wp-content\/uploads\/2017\/03\/DSCN9558.jpg?resize=225%2C300&amp;ssl=1 225w\" sizes=\"(max-width: 540px) 100vw, 540px\" data-recalc-dims=\"1\" \/><\/a> <a href=\"https:\/\/i0.wp.com\/genevieveetbernardauxameriques.fr\/wp-content\/uploads\/2017\/03\/DSCN9598-e1491074653104.jpg?ssl=1\"><img loading=\"lazy\" decoding=\"async\" data-attachment-id=\"17433\" data-permalink=\"https:\/\/genevieveetbernardauxameriques.fr\/index.php\/2017\/04\/06\/colombie-2eme-article-la-route-du-cafe\/dscn9598\/\" data-orig-file=\"https:\/\/i0.wp.com\/genevieveetbernardauxameriques.fr\/wp-content\/uploads\/2017\/03\/DSCN9598-e1491074653104.jpg?fit=368%2C433&amp;ssl=1\" data-orig-size=\"368,433\" data-comments-opened=\"1\" data-image-meta=\"{&quot;aperture&quot;:&quot;6.5&quot;,&quot;credit&quot;:&quot;&quot;,&quot;camera&quot;:&quot;COOLPIX P900&quot;,&quot;caption&quot;:&quot;&quot;,&quot;created_timestamp&quot;:&quot;1490632042&quot;,&quot;copyright&quot;:&quot;&quot;,&quot;focal_length&quot;:&quot;357&quot;,&quot;iso&quot;:&quot;400&quot;,&quot;shutter_speed&quot;:&quot;0.002&quot;,&quot;title&quot;:&quot;&quot;,&quot;orientation&quot;:&quot;1&quot;}\" data-image-title=\"DSCN9598\" data-image-description=\"\" data-image-caption=\"\" data-medium-file=\"https:\/\/i0.wp.com\/genevieveetbernardauxameriques.fr\/wp-content\/uploads\/2017\/03\/DSCN9598-e1491074653104.jpg?fit=255%2C300&amp;ssl=1\" data-large-file=\"https:\/\/i0.wp.com\/genevieveetbernardauxameriques.fr\/wp-content\/uploads\/2017\/03\/DSCN9598-e1491074653104.jpg?fit=368%2C433&amp;ssl=1\" class=\"size-full wp-image-17433 aligncenter\" src=\"https:\/\/i0.wp.com\/genevieveetbernardauxameriques.fr\/wp-content\/uploads\/2017\/03\/DSCN9598-e1491074653104.jpg?resize=368%2C433&#038;ssl=1\" alt=\"\" width=\"368\" height=\"433\" srcset=\"https:\/\/i0.wp.com\/genevieveetbernardauxameriques.fr\/wp-content\/uploads\/2017\/03\/DSCN9598-e1491074653104.jpg?w=368&amp;ssl=1 368w, https:\/\/i0.wp.com\/genevieveetbernardauxameriques.fr\/wp-content\/uploads\/2017\/03\/DSCN9598-e1491074653104.jpg?resize=255%2C300&amp;ssl=1 255w\" sizes=\"(max-width: 368px) 100vw, 368px\" data-recalc-dims=\"1\" \/><\/a>\u00a0 \u00a0<a href=\"https:\/\/i0.wp.com\/genevieveetbernardauxameriques.fr\/wp-content\/uploads\/2017\/03\/RSCN9593.jpg?ssl=1\"><img loading=\"lazy\" decoding=\"async\" data-attachment-id=\"17514\" data-permalink=\"https:\/\/genevieveetbernardauxameriques.fr\/index.php\/2017\/04\/06\/colombie-2eme-article-la-route-du-cafe\/rscn9593\/\" data-orig-file=\"https:\/\/i0.wp.com\/genevieveetbernardauxameriques.fr\/wp-content\/uploads\/2017\/03\/RSCN9593.jpg?fit=720%2C540&amp;ssl=1\" data-orig-size=\"720,540\" data-comments-opened=\"1\" data-image-meta=\"{&quot;aperture&quot;:&quot;6.3&quot;,&quot;credit&quot;:&quot;&quot;,&quot;camera&quot;:&quot;COOLPIX P900&quot;,&quot;caption&quot;:&quot;&quot;,&quot;created_timestamp&quot;:&quot;1490631725&quot;,&quot;copyright&quot;:&quot;&quot;,&quot;focal_length&quot;:&quot;321&quot;,&quot;iso&quot;:&quot;400&quot;,&quot;shutter_speed&quot;:&quot;0.005&quot;,&quot;title&quot;:&quot;&quot;,&quot;orientation&quot;:&quot;1&quot;}\" data-image-title=\"RSCN9593\" data-image-description=\"\" data-image-caption=\"\" data-medium-file=\"https:\/\/i0.wp.com\/genevieveetbernardauxameriques.fr\/wp-content\/uploads\/2017\/03\/RSCN9593.jpg?fit=300%2C225&amp;ssl=1\" data-large-file=\"https:\/\/i0.wp.com\/genevieveetbernardauxameriques.fr\/wp-content\/uploads\/2017\/03\/RSCN9593.jpg?fit=640%2C480&amp;ssl=1\" class=\"alignnone size-full wp-image-17514\" src=\"https:\/\/i0.wp.com\/genevieveetbernardauxameriques.fr\/wp-content\/uploads\/2017\/03\/RSCN9593.jpg?resize=640%2C480&#038;ssl=1\" alt=\"\" width=\"640\" height=\"480\" srcset=\"https:\/\/i0.wp.com\/genevieveetbernardauxameriques.fr\/wp-content\/uploads\/2017\/03\/RSCN9593.jpg?w=720&amp;ssl=1 720w, https:\/\/i0.wp.com\/genevieveetbernardauxameriques.fr\/wp-content\/uploads\/2017\/03\/RSCN9593.jpg?resize=300%2C225&amp;ssl=1 300w\" sizes=\"(max-width: 640px) 100vw, 640px\" data-recalc-dims=\"1\" \/><\/a><a href=\"https:\/\/i0.wp.com\/genevieveetbernardauxameriques.fr\/wp-content\/uploads\/2017\/03\/DSCN9600-e1491074324594.jpg?ssl=1\"><img loading=\"lazy\" decoding=\"async\" data-attachment-id=\"17434\" data-permalink=\"https:\/\/genevieveetbernardauxameriques.fr\/index.php\/2017\/04\/06\/colombie-2eme-article-la-route-du-cafe\/dscn9600\/\" data-orig-file=\"https:\/\/i0.wp.com\/genevieveetbernardauxameriques.fr\/wp-content\/uploads\/2017\/03\/DSCN9600-e1491074324594.jpg?fit=667%2C467&amp;ssl=1\" data-orig-size=\"667,467\" data-comments-opened=\"1\" data-image-meta=\"{&quot;aperture&quot;:&quot;6.5&quot;,&quot;credit&quot;:&quot;&quot;,&quot;camera&quot;:&quot;COOLPIX P900&quot;,&quot;caption&quot;:&quot;&quot;,&quot;created_timestamp&quot;:&quot;1490632121&quot;,&quot;copyright&quot;:&quot;&quot;,&quot;focal_length&quot;:&quot;428.4&quot;,&quot;iso&quot;:&quot;400&quot;,&quot;shutter_speed&quot;:&quot;0.00625&quot;,&quot;title&quot;:&quot;&quot;,&quot;orientation&quot;:&quot;1&quot;}\" data-image-title=\"DSCN9600\" data-image-description=\"\" data-image-caption=\"\" data-medium-file=\"https:\/\/i0.wp.com\/genevieveetbernardauxameriques.fr\/wp-content\/uploads\/2017\/03\/DSCN9600-e1491074324594.jpg?fit=300%2C210&amp;ssl=1\" data-large-file=\"https:\/\/i0.wp.com\/genevieveetbernardauxameriques.fr\/wp-content\/uploads\/2017\/03\/DSCN9600-e1491074324594.jpg?fit=640%2C448&amp;ssl=1\" class=\"alignnone size-full wp-image-17434\" src=\"https:\/\/i0.wp.com\/genevieveetbernardauxameriques.fr\/wp-content\/uploads\/2017\/03\/DSCN9600-e1491074324594.jpg?resize=640%2C448&#038;ssl=1\" alt=\"\" width=\"640\" height=\"448\" srcset=\"https:\/\/i0.wp.com\/genevieveetbernardauxameriques.fr\/wp-content\/uploads\/2017\/03\/DSCN9600-e1491074324594.jpg?w=667&amp;ssl=1 667w, https:\/\/i0.wp.com\/genevieveetbernardauxameriques.fr\/wp-content\/uploads\/2017\/03\/DSCN9600-e1491074324594.jpg?resize=300%2C210&amp;ssl=1 300w\" sizes=\"(max-width: 640px) 100vw, 640px\" data-recalc-dims=\"1\" \/><\/a><\/p>\n<p>il n&rsquo;y a pas que des oiseaux de magnifique :<\/p>\n<p><a href=\"https:\/\/i0.wp.com\/genevieveetbernardauxameriques.fr\/wp-content\/uploads\/2017\/03\/DSCN9551.jpg?ssl=1\"><img loading=\"lazy\" decoding=\"async\" data-attachment-id=\"17417\" data-permalink=\"https:\/\/genevieveetbernardauxameriques.fr\/index.php\/2017\/04\/06\/colombie-2eme-article-la-route-du-cafe\/dscn9551\/\" data-orig-file=\"https:\/\/i0.wp.com\/genevieveetbernardauxameriques.fr\/wp-content\/uploads\/2017\/03\/DSCN9551.jpg?fit=720%2C540&amp;ssl=1\" data-orig-size=\"720,540\" data-comments-opened=\"1\" data-image-meta=\"{&quot;aperture&quot;:&quot;5.6&quot;,&quot;credit&quot;:&quot;&quot;,&quot;camera&quot;:&quot;COOLPIX P900&quot;,&quot;caption&quot;:&quot;&quot;,&quot;created_timestamp&quot;:&quot;1490627418&quot;,&quot;copyright&quot;:&quot;&quot;,&quot;focal_length&quot;:&quot;143&quot;,&quot;iso&quot;:&quot;720&quot;,&quot;shutter_speed&quot;:&quot;0.008&quot;,&quot;title&quot;:&quot;&quot;,&quot;orientation&quot;:&quot;1&quot;}\" data-image-title=\"DSCN9551\" data-image-description=\"\" data-image-caption=\"\" data-medium-file=\"https:\/\/i0.wp.com\/genevieveetbernardauxameriques.fr\/wp-content\/uploads\/2017\/03\/DSCN9551.jpg?fit=300%2C225&amp;ssl=1\" data-large-file=\"https:\/\/i0.wp.com\/genevieveetbernardauxameriques.fr\/wp-content\/uploads\/2017\/03\/DSCN9551.jpg?fit=640%2C480&amp;ssl=1\" class=\"alignnone size-full wp-image-17417\" src=\"https:\/\/i0.wp.com\/genevieveetbernardauxameriques.fr\/wp-content\/uploads\/2017\/03\/DSCN9551.jpg?resize=640%2C480&#038;ssl=1\" alt=\"\" width=\"640\" height=\"480\" srcset=\"https:\/\/i0.wp.com\/genevieveetbernardauxameriques.fr\/wp-content\/uploads\/2017\/03\/DSCN9551.jpg?w=720&amp;ssl=1 720w, https:\/\/i0.wp.com\/genevieveetbernardauxameriques.fr\/wp-content\/uploads\/2017\/03\/DSCN9551.jpg?resize=300%2C225&amp;ssl=1 300w\" sizes=\"(max-width: 640px) 100vw, 640px\" data-recalc-dims=\"1\" \/><\/a> <a href=\"https:\/\/i0.wp.com\/genevieveetbernardauxameriques.fr\/wp-content\/uploads\/2017\/03\/DSCN9580.jpg?ssl=1\"><img loading=\"lazy\" decoding=\"async\" data-attachment-id=\"17426\" data-permalink=\"https:\/\/genevieveetbernardauxameriques.fr\/index.php\/2017\/04\/06\/colombie-2eme-article-la-route-du-cafe\/dscn9580\/\" data-orig-file=\"https:\/\/i0.wp.com\/genevieveetbernardauxameriques.fr\/wp-content\/uploads\/2017\/03\/DSCN9580.jpg?fit=720%2C540&amp;ssl=1\" data-orig-size=\"720,540\" data-comments-opened=\"1\" data-image-meta=\"{&quot;aperture&quot;:&quot;2.8&quot;,&quot;credit&quot;:&quot;&quot;,&quot;camera&quot;:&quot;COOLPIX P900&quot;,&quot;caption&quot;:&quot;&quot;,&quot;created_timestamp&quot;:&quot;1490631323&quot;,&quot;copyright&quot;:&quot;&quot;,&quot;focal_length&quot;:&quot;4.3&quot;,&quot;iso&quot;:&quot;100&quot;,&quot;shutter_speed&quot;:&quot;0.002&quot;,&quot;title&quot;:&quot;&quot;,&quot;orientation&quot;:&quot;1&quot;}\" data-image-title=\"DSCN9580\" data-image-description=\"\" data-image-caption=\"\" data-medium-file=\"https:\/\/i0.wp.com\/genevieveetbernardauxameriques.fr\/wp-content\/uploads\/2017\/03\/DSCN9580.jpg?fit=300%2C225&amp;ssl=1\" data-large-file=\"https:\/\/i0.wp.com\/genevieveetbernardauxameriques.fr\/wp-content\/uploads\/2017\/03\/DSCN9580.jpg?fit=640%2C480&amp;ssl=1\" class=\"alignnone size-full wp-image-17426\" src=\"https:\/\/i0.wp.com\/genevieveetbernardauxameriques.fr\/wp-content\/uploads\/2017\/03\/DSCN9580.jpg?resize=640%2C480&#038;ssl=1\" alt=\"\" width=\"640\" height=\"480\" srcset=\"https:\/\/i0.wp.com\/genevieveetbernardauxameriques.fr\/wp-content\/uploads\/2017\/03\/DSCN9580.jpg?w=720&amp;ssl=1 720w, https:\/\/i0.wp.com\/genevieveetbernardauxameriques.fr\/wp-content\/uploads\/2017\/03\/DSCN9580.jpg?resize=300%2C225&amp;ssl=1 300w\" sizes=\"(max-width: 640px) 100vw, 640px\" data-recalc-dims=\"1\" \/><\/a> <a href=\"https:\/\/i0.wp.com\/genevieveetbernardauxameriques.fr\/wp-content\/uploads\/2017\/03\/DSCN9572.jpg?ssl=1\"><img loading=\"lazy\" decoding=\"async\" data-attachment-id=\"17422\" data-permalink=\"https:\/\/genevieveetbernardauxameriques.fr\/index.php\/2017\/04\/06\/colombie-2eme-article-la-route-du-cafe\/dscn9572\/\" data-orig-file=\"https:\/\/i0.wp.com\/genevieveetbernardauxameriques.fr\/wp-content\/uploads\/2017\/03\/DSCN9572.jpg?fit=720%2C540&amp;ssl=1\" data-orig-size=\"720,540\" data-comments-opened=\"1\" data-image-meta=\"{&quot;aperture&quot;:&quot;3.5&quot;,&quot;credit&quot;:&quot;&quot;,&quot;camera&quot;:&quot;COOLPIX P900&quot;,&quot;caption&quot;:&quot;&quot;,&quot;created_timestamp&quot;:&quot;1490630400&quot;,&quot;copyright&quot;:&quot;&quot;,&quot;focal_length&quot;:&quot;8.9&quot;,&quot;iso&quot;:&quot;100&quot;,&quot;shutter_speed&quot;:&quot;0.003125&quot;,&quot;title&quot;:&quot;&quot;,&quot;orientation&quot;:&quot;1&quot;}\" data-image-title=\"DSCN9572\" data-image-description=\"\" data-image-caption=\"\" data-medium-file=\"https:\/\/i0.wp.com\/genevieveetbernardauxameriques.fr\/wp-content\/uploads\/2017\/03\/DSCN9572.jpg?fit=300%2C225&amp;ssl=1\" data-large-file=\"https:\/\/i0.wp.com\/genevieveetbernardauxameriques.fr\/wp-content\/uploads\/2017\/03\/DSCN9572.jpg?fit=640%2C480&amp;ssl=1\" class=\"alignnone size-full wp-image-17422\" src=\"https:\/\/i0.wp.com\/genevieveetbernardauxameriques.fr\/wp-content\/uploads\/2017\/03\/DSCN9572.jpg?resize=640%2C480&#038;ssl=1\" alt=\"\" width=\"640\" height=\"480\" srcset=\"https:\/\/i0.wp.com\/genevieveetbernardauxameriques.fr\/wp-content\/uploads\/2017\/03\/DSCN9572.jpg?w=720&amp;ssl=1 720w, https:\/\/i0.wp.com\/genevieveetbernardauxameriques.fr\/wp-content\/uploads\/2017\/03\/DSCN9572.jpg?resize=300%2C225&amp;ssl=1 300w\" sizes=\"(max-width: 640px) 100vw, 640px\" data-recalc-dims=\"1\" \/><\/a><img loading=\"lazy\" decoding=\"async\" data-attachment-id=\"17425\" data-permalink=\"https:\/\/genevieveetbernardauxameriques.fr\/index.php\/2017\/04\/06\/colombie-2eme-article-la-route-du-cafe\/dscn9578\/\" data-orig-file=\"https:\/\/i0.wp.com\/genevieveetbernardauxameriques.fr\/wp-content\/uploads\/2017\/03\/DSCN9578.jpg?fit=720%2C540&amp;ssl=1\" data-orig-size=\"720,540\" data-comments-opened=\"1\" data-image-meta=\"{&quot;aperture&quot;:&quot;2.8&quot;,&quot;credit&quot;:&quot;&quot;,&quot;camera&quot;:&quot;COOLPIX P900&quot;,&quot;caption&quot;:&quot;&quot;,&quot;created_timestamp&quot;:&quot;1490630798&quot;,&quot;copyright&quot;:&quot;&quot;,&quot;focal_length&quot;:&quot;4.3&quot;,&quot;iso&quot;:&quot;100&quot;,&quot;shutter_speed&quot;:&quot;0.00625&quot;,&quot;title&quot;:&quot;&quot;,&quot;orientation&quot;:&quot;1&quot;}\" data-image-title=\"DSCN9578\" data-image-description=\"\" data-image-caption=\"\" data-medium-file=\"https:\/\/i0.wp.com\/genevieveetbernardauxameriques.fr\/wp-content\/uploads\/2017\/03\/DSCN9578.jpg?fit=300%2C225&amp;ssl=1\" data-large-file=\"https:\/\/i0.wp.com\/genevieveetbernardauxameriques.fr\/wp-content\/uploads\/2017\/03\/DSCN9578.jpg?fit=640%2C480&amp;ssl=1\" class=\"alignnone size-full wp-image-17425\" src=\"https:\/\/i0.wp.com\/genevieveetbernardauxameriques.fr\/wp-content\/uploads\/2017\/03\/DSCN9578.jpg?resize=640%2C480&#038;ssl=1\" alt=\"\" width=\"640\" height=\"480\" srcset=\"https:\/\/i0.wp.com\/genevieveetbernardauxameriques.fr\/wp-content\/uploads\/2017\/03\/DSCN9578.jpg?w=720&amp;ssl=1 720w, https:\/\/i0.wp.com\/genevieveetbernardauxameriques.fr\/wp-content\/uploads\/2017\/03\/DSCN9578.jpg?resize=300%2C225&amp;ssl=1 300w\" sizes=\"(max-width: 640px) 100vw, 640px\" data-recalc-dims=\"1\" \/> <a href=\"https:\/\/i0.wp.com\/genevieveetbernardauxameriques.fr\/wp-content\/uploads\/2017\/03\/DSCN9602.jpg?ssl=1\"><img loading=\"lazy\" decoding=\"async\" data-attachment-id=\"17435\" data-permalink=\"https:\/\/genevieveetbernardauxameriques.fr\/index.php\/2017\/04\/06\/colombie-2eme-article-la-route-du-cafe\/dscn9602\/\" data-orig-file=\"https:\/\/i0.wp.com\/genevieveetbernardauxameriques.fr\/wp-content\/uploads\/2017\/03\/DSCN9602.jpg?fit=720%2C540&amp;ssl=1\" data-orig-size=\"720,540\" data-comments-opened=\"1\" data-image-meta=\"{&quot;aperture&quot;:&quot;5&quot;,&quot;credit&quot;:&quot;&quot;,&quot;camera&quot;:&quot;COOLPIX P900&quot;,&quot;caption&quot;:&quot;&quot;,&quot;created_timestamp&quot;:&quot;1490632423&quot;,&quot;copyright&quot;:&quot;&quot;,&quot;focal_length&quot;:&quot;80.3&quot;,&quot;iso&quot;:&quot;160&quot;,&quot;shutter_speed&quot;:&quot;0.004&quot;,&quot;title&quot;:&quot;&quot;,&quot;orientation&quot;:&quot;1&quot;}\" data-image-title=\"DSCN9602\" data-image-description=\"\" data-image-caption=\"\" data-medium-file=\"https:\/\/i0.wp.com\/genevieveetbernardauxameriques.fr\/wp-content\/uploads\/2017\/03\/DSCN9602.jpg?fit=300%2C225&amp;ssl=1\" data-large-file=\"https:\/\/i0.wp.com\/genevieveetbernardauxameriques.fr\/wp-content\/uploads\/2017\/03\/DSCN9602.jpg?fit=640%2C480&amp;ssl=1\" class=\"alignnone size-full wp-image-17435\" src=\"https:\/\/i0.wp.com\/genevieveetbernardauxameriques.fr\/wp-content\/uploads\/2017\/03\/DSCN9602.jpg?resize=640%2C480&#038;ssl=1\" alt=\"\" width=\"640\" height=\"480\" srcset=\"https:\/\/i0.wp.com\/genevieveetbernardauxameriques.fr\/wp-content\/uploads\/2017\/03\/DSCN9602.jpg?w=720&amp;ssl=1 720w, https:\/\/i0.wp.com\/genevieveetbernardauxameriques.fr\/wp-content\/uploads\/2017\/03\/DSCN9602.jpg?resize=300%2C225&amp;ssl=1 300w\" sizes=\"(max-width: 640px) 100vw, 640px\" data-recalc-dims=\"1\" \/><\/a> <a href=\"https:\/\/i0.wp.com\/genevieveetbernardauxameriques.fr\/wp-content\/uploads\/2017\/03\/DSCN9609.jpg?ssl=1\"><img loading=\"lazy\" decoding=\"async\" data-attachment-id=\"17440\" data-permalink=\"https:\/\/genevieveetbernardauxameriques.fr\/index.php\/2017\/04\/06\/colombie-2eme-article-la-route-du-cafe\/dscn9609\/\" data-orig-file=\"https:\/\/i0.wp.com\/genevieveetbernardauxameriques.fr\/wp-content\/uploads\/2017\/03\/DSCN9609.jpg?fit=720%2C540&amp;ssl=1\" data-orig-size=\"720,540\" data-comments-opened=\"1\" data-image-meta=\"{&quot;aperture&quot;:&quot;5&quot;,&quot;credit&quot;:&quot;&quot;,&quot;camera&quot;:&quot;COOLPIX P900&quot;,&quot;caption&quot;:&quot;&quot;,&quot;created_timestamp&quot;:&quot;1490633222&quot;,&quot;copyright&quot;:&quot;&quot;,&quot;focal_length&quot;:&quot;80.3&quot;,&quot;iso&quot;:&quot;400&quot;,&quot;shutter_speed&quot;:&quot;0.016666666666667&quot;,&quot;title&quot;:&quot;&quot;,&quot;orientation&quot;:&quot;1&quot;}\" data-image-title=\"DSCN9609\" data-image-description=\"\" data-image-caption=\"\" data-medium-file=\"https:\/\/i0.wp.com\/genevieveetbernardauxameriques.fr\/wp-content\/uploads\/2017\/03\/DSCN9609.jpg?fit=300%2C225&amp;ssl=1\" data-large-file=\"https:\/\/i0.wp.com\/genevieveetbernardauxameriques.fr\/wp-content\/uploads\/2017\/03\/DSCN9609.jpg?fit=640%2C480&amp;ssl=1\" class=\"alignnone size-full wp-image-17440\" src=\"https:\/\/i0.wp.com\/genevieveetbernardauxameriques.fr\/wp-content\/uploads\/2017\/03\/DSCN9609.jpg?resize=640%2C480&#038;ssl=1\" alt=\"\" width=\"640\" height=\"480\" srcset=\"https:\/\/i0.wp.com\/genevieveetbernardauxameriques.fr\/wp-content\/uploads\/2017\/03\/DSCN9609.jpg?w=720&amp;ssl=1 720w, https:\/\/i0.wp.com\/genevieveetbernardauxameriques.fr\/wp-content\/uploads\/2017\/03\/DSCN9609.jpg?resize=300%2C225&amp;ssl=1 300w\" sizes=\"(max-width: 640px) 100vw, 640px\" data-recalc-dims=\"1\" \/><\/a><\/p>\n<p>Nous sommes donc dans une plantation qui re\u00e7oit les touristes. Nous ferons le lendemain matin un circuit de 3 h qui suit tout le processus de la fabrication du caf\u00e9. Il fait un soleil magnifique. Notre visite s&rsquo;effectuera \u00a0avec un couple de jeunes fran\u00e7ais.<\/p>\n<p>Notre guide a \u00e9t\u00e9 excellent, il nous parlait tr\u00e8s lentement et nous le comprenions facilement.<\/p>\n<p>Pour commencer, il nous explique ce qu&rsquo;est le caf\u00e9 Colombien.<\/p>\n<p>La Colombie est le 3\u00e8me producteur de caf\u00e9 au monde derri\u00e8re le Br\u00e9sil et le Vietnam, mais\u00a0\u00a0le plus grand producteur de grains Arabica et le plus grand exportateur mondial de caf\u00e9 lav\u00e9 non affin\u00e9. Il est l\u2019un des meilleurs qui soit, raffin\u00e9 et parfum\u00e9.<\/p>\n<p>Sur 1 hectare de terre on peut planter 5000 plants de caf\u00e9.<\/p>\n<p>Dans les ann\u00e9es 1980 la Colombie a d\u00e9velopp\u00e9 sa propre vari\u00e9t\u00e9 de caf\u00e9ier afin de mieux r\u00e9sister contre les champignons mais \u00e9galement d&rsquo;accro\u00eetre la production.<\/p>\n<p>On nous fait go\u00fbter 4 tasses du m\u00eame caf\u00e9 (expresso), juste en changeant la temp\u00e9rature de l&rsquo;eau et le temps le go\u00fbt sera diff\u00e9rent.<\/p>\n<p><a href=\"https:\/\/i0.wp.com\/genevieveetbernardauxameriques.fr\/wp-content\/uploads\/2017\/03\/DSCN9616.jpg?ssl=1\"><img loading=\"lazy\" decoding=\"async\" data-attachment-id=\"17447\" data-permalink=\"https:\/\/genevieveetbernardauxameriques.fr\/index.php\/2017\/04\/06\/colombie-2eme-article-la-route-du-cafe\/dscn9616\/\" data-orig-file=\"https:\/\/i0.wp.com\/genevieveetbernardauxameriques.fr\/wp-content\/uploads\/2017\/03\/DSCN9616.jpg?fit=720%2C540&amp;ssl=1\" data-orig-size=\"720,540\" data-comments-opened=\"1\" data-image-meta=\"{&quot;aperture&quot;:&quot;4.5&quot;,&quot;credit&quot;:&quot;&quot;,&quot;camera&quot;:&quot;COOLPIX P900&quot;,&quot;caption&quot;:&quot;&quot;,&quot;created_timestamp&quot;:&quot;1490636517&quot;,&quot;copyright&quot;:&quot;&quot;,&quot;focal_length&quot;:&quot;35.7&quot;,&quot;iso&quot;:&quot;400&quot;,&quot;shutter_speed&quot;:&quot;0.02&quot;,&quot;title&quot;:&quot;&quot;,&quot;orientation&quot;:&quot;1&quot;}\" data-image-title=\"DSCN9616\" data-image-description=\"\" data-image-caption=\"\" data-medium-file=\"https:\/\/i0.wp.com\/genevieveetbernardauxameriques.fr\/wp-content\/uploads\/2017\/03\/DSCN9616.jpg?fit=300%2C225&amp;ssl=1\" data-large-file=\"https:\/\/i0.wp.com\/genevieveetbernardauxameriques.fr\/wp-content\/uploads\/2017\/03\/DSCN9616.jpg?fit=640%2C480&amp;ssl=1\" class=\"size-medium wp-image-17447 aligncenter\" src=\"https:\/\/i0.wp.com\/genevieveetbernardauxameriques.fr\/wp-content\/uploads\/2017\/03\/DSCN9616.jpg?resize=300%2C225&#038;ssl=1\" alt=\"\" width=\"300\" height=\"225\" srcset=\"https:\/\/i0.wp.com\/genevieveetbernardauxameriques.fr\/wp-content\/uploads\/2017\/03\/DSCN9616.jpg?resize=300%2C225&amp;ssl=1 300w, https:\/\/i0.wp.com\/genevieveetbernardauxameriques.fr\/wp-content\/uploads\/2017\/03\/DSCN9616.jpg?w=720&amp;ssl=1 720w\" sizes=\"(max-width: 300px) 100vw, 300px\" data-recalc-dims=\"1\" \/><\/a><\/p>\n<p>Le grain de caf\u00e9 de premi\u00e8re qualit\u00e9 a une couleur claire (blanche \u00e0 grise). A l\u2019inverse, le grain de 2\u00e8me et 3\u00e8me qualit\u00e9 est plus\u00a0sombre voir\u00a0noir.<\/p>\n<p><img loading=\"lazy\" decoding=\"async\" data-attachment-id=\"17442\" data-permalink=\"https:\/\/genevieveetbernardauxameriques.fr\/index.php\/2017\/04\/06\/colombie-2eme-article-la-route-du-cafe\/dscn9611\/\" data-orig-file=\"https:\/\/i0.wp.com\/genevieveetbernardauxameriques.fr\/wp-content\/uploads\/2017\/03\/DSCN9611-e1491075492525.jpg?fit=601%2C482&amp;ssl=1\" data-orig-size=\"601,482\" data-comments-opened=\"1\" data-image-meta=\"{&quot;aperture&quot;:&quot;2.8&quot;,&quot;credit&quot;:&quot;&quot;,&quot;camera&quot;:&quot;COOLPIX P900&quot;,&quot;caption&quot;:&quot;&quot;,&quot;created_timestamp&quot;:&quot;1490634957&quot;,&quot;copyright&quot;:&quot;&quot;,&quot;focal_length&quot;:&quot;4.3&quot;,&quot;iso&quot;:&quot;110&quot;,&quot;shutter_speed&quot;:&quot;0.033333333333333&quot;,&quot;title&quot;:&quot;&quot;,&quot;orientation&quot;:&quot;1&quot;}\" data-image-title=\"DSCN9611\" data-image-description=\"\" data-image-caption=\"\" data-medium-file=\"https:\/\/i0.wp.com\/genevieveetbernardauxameriques.fr\/wp-content\/uploads\/2017\/03\/DSCN9611-e1491075492525.jpg?fit=300%2C241&amp;ssl=1\" data-large-file=\"https:\/\/i0.wp.com\/genevieveetbernardauxameriques.fr\/wp-content\/uploads\/2017\/03\/DSCN9611-e1491075492525.jpg?fit=601%2C482&amp;ssl=1\" class=\"alignnone size-full wp-image-17442\" src=\"https:\/\/i0.wp.com\/genevieveetbernardauxameriques.fr\/wp-content\/uploads\/2017\/03\/DSCN9611-e1491075492525.jpg?resize=601%2C482&#038;ssl=1\" alt=\"\" width=\"601\" height=\"482\" srcset=\"https:\/\/i0.wp.com\/genevieveetbernardauxameriques.fr\/wp-content\/uploads\/2017\/03\/DSCN9611-e1491075492525.jpg?w=601&amp;ssl=1 601w, https:\/\/i0.wp.com\/genevieveetbernardauxameriques.fr\/wp-content\/uploads\/2017\/03\/DSCN9611-e1491075492525.jpg?resize=300%2C241&amp;ssl=1 300w\" sizes=\"(max-width: 601px) 100vw, 601px\" data-recalc-dims=\"1\" \/><\/p>\n<p>L\u00e0 ce sont des tamis superpos\u00e9s, les grains les meilleurs, les plus gros, sont sur \u00a0les 3 premi\u00e8res clayettes (ils servent \u00e0 l&rsquo;exportation) \u00a0ils ne passent pas par les petits trous, le dernier rang est destin\u00e9 pour faire du caf\u00e9 soluble.<\/p>\n<p><img loading=\"lazy\" decoding=\"async\" data-attachment-id=\"17446\" data-permalink=\"https:\/\/genevieveetbernardauxameriques.fr\/index.php\/2017\/04\/06\/colombie-2eme-article-la-route-du-cafe\/dscn9615\/\" data-orig-file=\"https:\/\/i0.wp.com\/genevieveetbernardauxameriques.fr\/wp-content\/uploads\/2017\/03\/DSCN9615.jpg?fit=540%2C720&amp;ssl=1\" data-orig-size=\"540,720\" data-comments-opened=\"1\" data-image-meta=\"{&quot;aperture&quot;:&quot;2.8&quot;,&quot;credit&quot;:&quot;&quot;,&quot;camera&quot;:&quot;COOLPIX P900&quot;,&quot;caption&quot;:&quot;&quot;,&quot;created_timestamp&quot;:&quot;1490635940&quot;,&quot;copyright&quot;:&quot;&quot;,&quot;focal_length&quot;:&quot;4.3&quot;,&quot;iso&quot;:&quot;200&quot;,&quot;shutter_speed&quot;:&quot;0.033333333333333&quot;,&quot;title&quot;:&quot;&quot;,&quot;orientation&quot;:&quot;1&quot;}\" data-image-title=\"DSCN9615\" data-image-description=\"\" data-image-caption=\"\" data-medium-file=\"https:\/\/i0.wp.com\/genevieveetbernardauxameriques.fr\/wp-content\/uploads\/2017\/03\/DSCN9615.jpg?fit=225%2C300&amp;ssl=1\" data-large-file=\"https:\/\/i0.wp.com\/genevieveetbernardauxameriques.fr\/wp-content\/uploads\/2017\/03\/DSCN9615.jpg?fit=540%2C720&amp;ssl=1\" class=\"alignnone size-full wp-image-17446\" src=\"https:\/\/i0.wp.com\/genevieveetbernardauxameriques.fr\/wp-content\/uploads\/2017\/03\/DSCN9615.jpg?resize=540%2C720&#038;ssl=1\" alt=\"\" width=\"540\" height=\"720\" srcset=\"https:\/\/i0.wp.com\/genevieveetbernardauxameriques.fr\/wp-content\/uploads\/2017\/03\/DSCN9615.jpg?w=540&amp;ssl=1 540w, https:\/\/i0.wp.com\/genevieveetbernardauxameriques.fr\/wp-content\/uploads\/2017\/03\/DSCN9615.jpg?resize=225%2C300&amp;ssl=1 225w\" sizes=\"(max-width: 540px) 100vw, 540px\" data-recalc-dims=\"1\" \/><\/p>\n<p>La machine pour s\u00e9parer le grain du caf\u00e9 de son \u00e9corce rouge, ce qui tombe dans le seau va servir de compost (aujourd&rsquo;hui le m\u00eame travail est fait dans des plus grandes machines, sauf dans les toutes petites exploitations comme celle que nous avons visit\u00e9e \u00e0 SALENTO)<\/p>\n<p><img loading=\"lazy\" decoding=\"async\" data-attachment-id=\"17443\" data-permalink=\"https:\/\/genevieveetbernardauxameriques.fr\/index.php\/2017\/04\/06\/colombie-2eme-article-la-route-du-cafe\/dscn9612\/\" data-orig-file=\"https:\/\/i0.wp.com\/genevieveetbernardauxameriques.fr\/wp-content\/uploads\/2017\/03\/DSCN9612.jpg?fit=720%2C540&amp;ssl=1\" data-orig-size=\"720,540\" data-comments-opened=\"1\" data-image-meta=\"{&quot;aperture&quot;:&quot;2.8&quot;,&quot;credit&quot;:&quot;&quot;,&quot;camera&quot;:&quot;COOLPIX P900&quot;,&quot;caption&quot;:&quot;&quot;,&quot;created_timestamp&quot;:&quot;1490635126&quot;,&quot;copyright&quot;:&quot;&quot;,&quot;focal_length&quot;:&quot;4.3&quot;,&quot;iso&quot;:&quot;110&quot;,&quot;shutter_speed&quot;:&quot;0.033333333333333&quot;,&quot;title&quot;:&quot;&quot;,&quot;orientation&quot;:&quot;1&quot;}\" data-image-title=\"DSCN9612\" data-image-description=\"\" data-image-caption=\"\" data-medium-file=\"https:\/\/i0.wp.com\/genevieveetbernardauxameriques.fr\/wp-content\/uploads\/2017\/03\/DSCN9612.jpg?fit=300%2C225&amp;ssl=1\" data-large-file=\"https:\/\/i0.wp.com\/genevieveetbernardauxameriques.fr\/wp-content\/uploads\/2017\/03\/DSCN9612.jpg?fit=640%2C480&amp;ssl=1\" class=\"alignnone size-full wp-image-17443\" src=\"https:\/\/i0.wp.com\/genevieveetbernardauxameriques.fr\/wp-content\/uploads\/2017\/03\/DSCN9612.jpg?resize=640%2C480&#038;ssl=1\" alt=\"\" width=\"640\" height=\"480\" srcset=\"https:\/\/i0.wp.com\/genevieveetbernardauxameriques.fr\/wp-content\/uploads\/2017\/03\/DSCN9612.jpg?w=720&amp;ssl=1 720w, https:\/\/i0.wp.com\/genevieveetbernardauxameriques.fr\/wp-content\/uploads\/2017\/03\/DSCN9612.jpg?resize=300%2C225&amp;ssl=1 300w\" sizes=\"(max-width: 640px) 100vw, 640px\" data-recalc-dims=\"1\" \/><img loading=\"lazy\" decoding=\"async\" data-attachment-id=\"17444\" data-permalink=\"https:\/\/genevieveetbernardauxameriques.fr\/index.php\/2017\/04\/06\/colombie-2eme-article-la-route-du-cafe\/dscn9613\/\" data-orig-file=\"https:\/\/i0.wp.com\/genevieveetbernardauxameriques.fr\/wp-content\/uploads\/2017\/03\/DSCN9613.jpg?fit=720%2C540&amp;ssl=1\" data-orig-size=\"720,540\" data-comments-opened=\"1\" data-image-meta=\"{&quot;aperture&quot;:&quot;3.2&quot;,&quot;credit&quot;:&quot;&quot;,&quot;camera&quot;:&quot;COOLPIX P900&quot;,&quot;caption&quot;:&quot;&quot;,&quot;created_timestamp&quot;:&quot;1490635189&quot;,&quot;copyright&quot;:&quot;&quot;,&quot;focal_length&quot;:&quot;5.4&quot;,&quot;iso&quot;:&quot;250&quot;,&quot;shutter_speed&quot;:&quot;0.033333333333333&quot;,&quot;title&quot;:&quot;&quot;,&quot;orientation&quot;:&quot;1&quot;}\" data-image-title=\"DSCN9613\" data-image-description=\"\" data-image-caption=\"\" data-medium-file=\"https:\/\/i0.wp.com\/genevieveetbernardauxameriques.fr\/wp-content\/uploads\/2017\/03\/DSCN9613.jpg?fit=300%2C225&amp;ssl=1\" data-large-file=\"https:\/\/i0.wp.com\/genevieveetbernardauxameriques.fr\/wp-content\/uploads\/2017\/03\/DSCN9613.jpg?fit=640%2C480&amp;ssl=1\" class=\"alignnone size-full wp-image-17444\" src=\"https:\/\/i0.wp.com\/genevieveetbernardauxameriques.fr\/wp-content\/uploads\/2017\/03\/DSCN9613.jpg?resize=640%2C480&#038;ssl=1\" alt=\"\" width=\"640\" height=\"480\" srcset=\"https:\/\/i0.wp.com\/genevieveetbernardauxameriques.fr\/wp-content\/uploads\/2017\/03\/DSCN9613.jpg?w=720&amp;ssl=1 720w, https:\/\/i0.wp.com\/genevieveetbernardauxameriques.fr\/wp-content\/uploads\/2017\/03\/DSCN9613.jpg?resize=300%2C225&amp;ssl=1 300w\" sizes=\"(max-width: 640px) 100vw, 640px\" data-recalc-dims=\"1\" \/><\/p>\n<p>Autrefois, (comme \u00e0 droite sur la photo) le caf\u00e9 \u00e9tait tri\u00e9 \u00e0 la main, pour extraire les impuret\u00e9s et trier les grains par grosseur et par couleur, aujourd\u2019hui il y a les machines allemandes (\u00e0 gauche) qui font le travail de beaucoup de femmes.<\/p>\n<p><a href=\"https:\/\/i0.wp.com\/genevieveetbernardauxameriques.fr\/wp-content\/uploads\/2017\/03\/DSCN9614.jpg?ssl=1\"><img loading=\"lazy\" decoding=\"async\" data-attachment-id=\"17445\" data-permalink=\"https:\/\/genevieveetbernardauxameriques.fr\/index.php\/2017\/04\/06\/colombie-2eme-article-la-route-du-cafe\/dscn9614\/\" data-orig-file=\"https:\/\/i0.wp.com\/genevieveetbernardauxameriques.fr\/wp-content\/uploads\/2017\/03\/DSCN9614.jpg?fit=720%2C540&amp;ssl=1\" data-orig-size=\"720,540\" data-comments-opened=\"1\" data-image-meta=\"{&quot;aperture&quot;:&quot;2.8&quot;,&quot;credit&quot;:&quot;&quot;,&quot;camera&quot;:&quot;COOLPIX P900&quot;,&quot;caption&quot;:&quot;&quot;,&quot;created_timestamp&quot;:&quot;1490635626&quot;,&quot;copyright&quot;:&quot;&quot;,&quot;focal_length&quot;:&quot;4.3&quot;,&quot;iso&quot;:&quot;100&quot;,&quot;shutter_speed&quot;:&quot;0.033333333333333&quot;,&quot;title&quot;:&quot;&quot;,&quot;orientation&quot;:&quot;1&quot;}\" data-image-title=\"DSCN9614\" data-image-description=\"\" data-image-caption=\"\" data-medium-file=\"https:\/\/i0.wp.com\/genevieveetbernardauxameriques.fr\/wp-content\/uploads\/2017\/03\/DSCN9614.jpg?fit=300%2C225&amp;ssl=1\" data-large-file=\"https:\/\/i0.wp.com\/genevieveetbernardauxameriques.fr\/wp-content\/uploads\/2017\/03\/DSCN9614.jpg?fit=640%2C480&amp;ssl=1\" class=\"alignnone size-full wp-image-17445\" src=\"https:\/\/i0.wp.com\/genevieveetbernardauxameriques.fr\/wp-content\/uploads\/2017\/03\/DSCN9614.jpg?resize=640%2C480&#038;ssl=1\" alt=\"\" width=\"640\" height=\"480\" srcset=\"https:\/\/i0.wp.com\/genevieveetbernardauxameriques.fr\/wp-content\/uploads\/2017\/03\/DSCN9614.jpg?w=720&amp;ssl=1 720w, https:\/\/i0.wp.com\/genevieveetbernardauxameriques.fr\/wp-content\/uploads\/2017\/03\/DSCN9614.jpg?resize=300%2C225&amp;ssl=1 300w\" sizes=\"(max-width: 640px) 100vw, 640px\" data-recalc-dims=\"1\" \/><\/a><\/p>\n<p>Puis nous allons faire la visite proprement dite, un petit panier pour la cueillette et nous voil\u00e0 partis pour travailler avec 3 jeunes fran\u00e7ais qui viennent d&rsquo;arriver, on fera la th\u00e9orie apr\u00e8s.<\/p>\n<p><img loading=\"lazy\" decoding=\"async\" data-attachment-id=\"17452\" data-permalink=\"https:\/\/genevieveetbernardauxameriques.fr\/index.php\/2017\/04\/06\/colombie-2eme-article-la-route-du-cafe\/dscn9623\/\" data-orig-file=\"https:\/\/i0.wp.com\/genevieveetbernardauxameriques.fr\/wp-content\/uploads\/2017\/03\/DSCN9623.jpg?fit=720%2C540&amp;ssl=1\" data-orig-size=\"720,540\" data-comments-opened=\"1\" data-image-meta=\"{&quot;aperture&quot;:&quot;2.8&quot;,&quot;credit&quot;:&quot;&quot;,&quot;camera&quot;:&quot;COOLPIX P900&quot;,&quot;caption&quot;:&quot;&quot;,&quot;created_timestamp&quot;:&quot;1490639364&quot;,&quot;copyright&quot;:&quot;&quot;,&quot;focal_length&quot;:&quot;4.3&quot;,&quot;iso&quot;:&quot;100&quot;,&quot;shutter_speed&quot;:&quot;0.0125&quot;,&quot;title&quot;:&quot;&quot;,&quot;orientation&quot;:&quot;1&quot;}\" data-image-title=\"DSCN9623\" data-image-description=\"\" data-image-caption=\"\" data-medium-file=\"https:\/\/i0.wp.com\/genevieveetbernardauxameriques.fr\/wp-content\/uploads\/2017\/03\/DSCN9623.jpg?fit=300%2C225&amp;ssl=1\" data-large-file=\"https:\/\/i0.wp.com\/genevieveetbernardauxameriques.fr\/wp-content\/uploads\/2017\/03\/DSCN9623.jpg?fit=640%2C480&amp;ssl=1\" class=\"alignnone size-full wp-image-17452\" src=\"https:\/\/i0.wp.com\/genevieveetbernardauxameriques.fr\/wp-content\/uploads\/2017\/03\/DSCN9623.jpg?resize=640%2C480&#038;ssl=1\" alt=\"\" width=\"640\" height=\"480\" srcset=\"https:\/\/i0.wp.com\/genevieveetbernardauxameriques.fr\/wp-content\/uploads\/2017\/03\/DSCN9623.jpg?w=720&amp;ssl=1 720w, https:\/\/i0.wp.com\/genevieveetbernardauxameriques.fr\/wp-content\/uploads\/2017\/03\/DSCN9623.jpg?resize=300%2C225&amp;ssl=1 300w\" sizes=\"(max-width: 640px) 100vw, 640px\" data-recalc-dims=\"1\" \/><\/p>\n<p>On fait pousser les plants dans du sable riche en min\u00e9raux naturels (alluvions des fleuves situ\u00e9s pr\u00e8s des fermes).\u00a0Puis on met les plants en terre dans des sacs avant la mise d\u00e9finitive dans le champ.<\/p>\n<p>Le semis l\u00e8ve en 2 mois<\/p>\n<p><img loading=\"lazy\" decoding=\"async\" data-attachment-id=\"17448\" data-permalink=\"https:\/\/genevieveetbernardauxameriques.fr\/index.php\/2017\/04\/06\/colombie-2eme-article-la-route-du-cafe\/dscn9617\/\" data-orig-file=\"https:\/\/i0.wp.com\/genevieveetbernardauxameriques.fr\/wp-content\/uploads\/2017\/03\/DSCN9617.jpg?fit=720%2C540&amp;ssl=1\" data-orig-size=\"720,540\" data-comments-opened=\"1\" data-image-meta=\"{&quot;aperture&quot;:&quot;2.8&quot;,&quot;credit&quot;:&quot;&quot;,&quot;camera&quot;:&quot;COOLPIX P900&quot;,&quot;caption&quot;:&quot;&quot;,&quot;created_timestamp&quot;:&quot;1490638691&quot;,&quot;copyright&quot;:&quot;&quot;,&quot;focal_length&quot;:&quot;4.3&quot;,&quot;iso&quot;:&quot;100&quot;,&quot;shutter_speed&quot;:&quot;0.016666666666667&quot;,&quot;title&quot;:&quot;&quot;,&quot;orientation&quot;:&quot;1&quot;}\" data-image-title=\"DSCN9617\" data-image-description=\"\" data-image-caption=\"\" data-medium-file=\"https:\/\/i0.wp.com\/genevieveetbernardauxameriques.fr\/wp-content\/uploads\/2017\/03\/DSCN9617.jpg?fit=300%2C225&amp;ssl=1\" data-large-file=\"https:\/\/i0.wp.com\/genevieveetbernardauxameriques.fr\/wp-content\/uploads\/2017\/03\/DSCN9617.jpg?fit=640%2C480&amp;ssl=1\" class=\"alignnone size-full wp-image-17448\" src=\"https:\/\/i0.wp.com\/genevieveetbernardauxameriques.fr\/wp-content\/uploads\/2017\/03\/DSCN9617.jpg?resize=640%2C480&#038;ssl=1\" alt=\"\" width=\"640\" height=\"480\" srcset=\"https:\/\/i0.wp.com\/genevieveetbernardauxameriques.fr\/wp-content\/uploads\/2017\/03\/DSCN9617.jpg?w=720&amp;ssl=1 720w, https:\/\/i0.wp.com\/genevieveetbernardauxameriques.fr\/wp-content\/uploads\/2017\/03\/DSCN9617.jpg?resize=300%2C225&amp;ssl=1 300w\" sizes=\"(max-width: 640px) 100vw, 640px\" data-recalc-dims=\"1\" \/><\/p>\n<p>6 mois apr\u00e8s<\/p>\n<p><img loading=\"lazy\" decoding=\"async\" data-attachment-id=\"17449\" data-permalink=\"https:\/\/genevieveetbernardauxameriques.fr\/index.php\/2017\/04\/06\/colombie-2eme-article-la-route-du-cafe\/dscn9618\/\" data-orig-file=\"https:\/\/i0.wp.com\/genevieveetbernardauxameriques.fr\/wp-content\/uploads\/2017\/03\/DSCN9618.jpg?fit=720%2C540&amp;ssl=1\" data-orig-size=\"720,540\" data-comments-opened=\"1\" data-image-meta=\"{&quot;aperture&quot;:&quot;2.8&quot;,&quot;credit&quot;:&quot;&quot;,&quot;camera&quot;:&quot;COOLPIX P900&quot;,&quot;caption&quot;:&quot;&quot;,&quot;created_timestamp&quot;:&quot;1490638694&quot;,&quot;copyright&quot;:&quot;&quot;,&quot;focal_length&quot;:&quot;4.3&quot;,&quot;iso&quot;:&quot;100&quot;,&quot;shutter_speed&quot;:&quot;0.016666666666667&quot;,&quot;title&quot;:&quot;&quot;,&quot;orientation&quot;:&quot;1&quot;}\" data-image-title=\"DSCN9618\" data-image-description=\"\" data-image-caption=\"\" data-medium-file=\"https:\/\/i0.wp.com\/genevieveetbernardauxameriques.fr\/wp-content\/uploads\/2017\/03\/DSCN9618.jpg?fit=300%2C225&amp;ssl=1\" data-large-file=\"https:\/\/i0.wp.com\/genevieveetbernardauxameriques.fr\/wp-content\/uploads\/2017\/03\/DSCN9618.jpg?fit=640%2C480&amp;ssl=1\" class=\"alignnone size-full wp-image-17449\" src=\"https:\/\/i0.wp.com\/genevieveetbernardauxameriques.fr\/wp-content\/uploads\/2017\/03\/DSCN9618.jpg?resize=640%2C480&#038;ssl=1\" alt=\"\" width=\"640\" height=\"480\" srcset=\"https:\/\/i0.wp.com\/genevieveetbernardauxameriques.fr\/wp-content\/uploads\/2017\/03\/DSCN9618.jpg?w=720&amp;ssl=1 720w, https:\/\/i0.wp.com\/genevieveetbernardauxameriques.fr\/wp-content\/uploads\/2017\/03\/DSCN9618.jpg?resize=300%2C225&amp;ssl=1 300w\" sizes=\"(max-width: 640px) 100vw, 640px\" data-recalc-dims=\"1\" \/><\/p>\n<p>L\u00e0 il va \u00eatre mis en sacs<\/p>\n<p><img loading=\"lazy\" decoding=\"async\" data-attachment-id=\"17450\" data-permalink=\"https:\/\/genevieveetbernardauxameriques.fr\/index.php\/2017\/04\/06\/colombie-2eme-article-la-route-du-cafe\/dscn9619\/\" data-orig-file=\"https:\/\/i0.wp.com\/genevieveetbernardauxameriques.fr\/wp-content\/uploads\/2017\/03\/DSCN9619.jpg?fit=720%2C540&amp;ssl=1\" data-orig-size=\"720,540\" data-comments-opened=\"1\" data-image-meta=\"{&quot;aperture&quot;:&quot;2.8&quot;,&quot;credit&quot;:&quot;&quot;,&quot;camera&quot;:&quot;COOLPIX P900&quot;,&quot;caption&quot;:&quot;&quot;,&quot;created_timestamp&quot;:&quot;1490638700&quot;,&quot;copyright&quot;:&quot;&quot;,&quot;focal_length&quot;:&quot;4.3&quot;,&quot;iso&quot;:&quot;100&quot;,&quot;shutter_speed&quot;:&quot;0.01&quot;,&quot;title&quot;:&quot;&quot;,&quot;orientation&quot;:&quot;1&quot;}\" data-image-title=\"DSCN9619\" data-image-description=\"\" data-image-caption=\"\" data-medium-file=\"https:\/\/i0.wp.com\/genevieveetbernardauxameriques.fr\/wp-content\/uploads\/2017\/03\/DSCN9619.jpg?fit=300%2C225&amp;ssl=1\" data-large-file=\"https:\/\/i0.wp.com\/genevieveetbernardauxameriques.fr\/wp-content\/uploads\/2017\/03\/DSCN9619.jpg?fit=640%2C480&amp;ssl=1\" class=\"alignnone size-full wp-image-17450\" src=\"https:\/\/i0.wp.com\/genevieveetbernardauxameriques.fr\/wp-content\/uploads\/2017\/03\/DSCN9619.jpg?resize=640%2C480&#038;ssl=1\" alt=\"\" width=\"640\" height=\"480\" srcset=\"https:\/\/i0.wp.com\/genevieveetbernardauxameriques.fr\/wp-content\/uploads\/2017\/03\/DSCN9619.jpg?w=720&amp;ssl=1 720w, https:\/\/i0.wp.com\/genevieveetbernardauxameriques.fr\/wp-content\/uploads\/2017\/03\/DSCN9619.jpg?resize=300%2C225&amp;ssl=1 300w\" sizes=\"(max-width: 640px) 100vw, 640px\" data-recalc-dims=\"1\" \/> <img loading=\"lazy\" decoding=\"async\" data-attachment-id=\"17451\" data-permalink=\"https:\/\/genevieveetbernardauxameriques.fr\/index.php\/2017\/04\/06\/colombie-2eme-article-la-route-du-cafe\/dscn9620\/\" data-orig-file=\"https:\/\/i0.wp.com\/genevieveetbernardauxameriques.fr\/wp-content\/uploads\/2017\/03\/DSCN9620.jpg?fit=720%2C540&amp;ssl=1\" data-orig-size=\"720,540\" data-comments-opened=\"1\" data-image-meta=\"{&quot;aperture&quot;:&quot;2.8&quot;,&quot;credit&quot;:&quot;&quot;,&quot;camera&quot;:&quot;COOLPIX P900&quot;,&quot;caption&quot;:&quot;&quot;,&quot;created_timestamp&quot;:&quot;1490638702&quot;,&quot;copyright&quot;:&quot;&quot;,&quot;focal_length&quot;:&quot;4.3&quot;,&quot;iso&quot;:&quot;100&quot;,&quot;shutter_speed&quot;:&quot;0.01&quot;,&quot;title&quot;:&quot;&quot;,&quot;orientation&quot;:&quot;1&quot;}\" data-image-title=\"DSCN9620\" data-image-description=\"\" data-image-caption=\"\" data-medium-file=\"https:\/\/i0.wp.com\/genevieveetbernardauxameriques.fr\/wp-content\/uploads\/2017\/03\/DSCN9620.jpg?fit=300%2C225&amp;ssl=1\" data-large-file=\"https:\/\/i0.wp.com\/genevieveetbernardauxameriques.fr\/wp-content\/uploads\/2017\/03\/DSCN9620.jpg?fit=640%2C480&amp;ssl=1\" class=\"alignnone size-full wp-image-17451\" src=\"https:\/\/i0.wp.com\/genevieveetbernardauxameriques.fr\/wp-content\/uploads\/2017\/03\/DSCN9620.jpg?resize=640%2C480&#038;ssl=1\" alt=\"\" width=\"640\" height=\"480\" srcset=\"https:\/\/i0.wp.com\/genevieveetbernardauxameriques.fr\/wp-content\/uploads\/2017\/03\/DSCN9620.jpg?w=720&amp;ssl=1 720w, https:\/\/i0.wp.com\/genevieveetbernardauxameriques.fr\/wp-content\/uploads\/2017\/03\/DSCN9620.jpg?resize=300%2C225&amp;ssl=1 300w\" sizes=\"(max-width: 640px) 100vw, 640px\" data-recalc-dims=\"1\" \/><\/p>\n<p>Sur les terres de production de caf\u00e9 on cultive aussi d\u2019autres fruits\u00a0: bananes ou m\u00eame des fleurs. Cela permet le d\u00e9veloppement d\u2019un \u00e9cosyst\u00e8me riche avec de nombreux oiseaux diff\u00e9rents qui peuplent les terres de caf\u00e9s. Le caf\u00e9ier est souvent prot\u00e9g\u00e9 par l\u2019ombre des autres arbres, lui permettant de se d\u00e9velopper plus facilement. Ici des bananiers.<\/p>\n<p><a href=\"https:\/\/i0.wp.com\/genevieveetbernardauxameriques.fr\/wp-content\/uploads\/2017\/03\/DSCN9311.jpg?ssl=1\"><img loading=\"lazy\" decoding=\"async\" data-attachment-id=\"17252\" data-permalink=\"https:\/\/genevieveetbernardauxameriques.fr\/index.php\/2017\/04\/06\/colombie-2eme-article-la-route-du-cafe\/dscn9311\/\" data-orig-file=\"https:\/\/i0.wp.com\/genevieveetbernardauxameriques.fr\/wp-content\/uploads\/2017\/03\/DSCN9311.jpg?fit=720%2C540&amp;ssl=1\" data-orig-size=\"720,540\" data-comments-opened=\"1\" data-image-meta=\"{&quot;aperture&quot;:&quot;2.8&quot;,&quot;credit&quot;:&quot;&quot;,&quot;camera&quot;:&quot;COOLPIX P900&quot;,&quot;caption&quot;:&quot;&quot;,&quot;created_timestamp&quot;:&quot;1490381791&quot;,&quot;copyright&quot;:&quot;&quot;,&quot;focal_length&quot;:&quot;4.3&quot;,&quot;iso&quot;:&quot;100&quot;,&quot;shutter_speed&quot;:&quot;0.0015625&quot;,&quot;title&quot;:&quot;&quot;,&quot;orientation&quot;:&quot;1&quot;}\" data-image-title=\"DSCN9311\" data-image-description=\"\" data-image-caption=\"\" data-medium-file=\"https:\/\/i0.wp.com\/genevieveetbernardauxameriques.fr\/wp-content\/uploads\/2017\/03\/DSCN9311.jpg?fit=300%2C225&amp;ssl=1\" data-large-file=\"https:\/\/i0.wp.com\/genevieveetbernardauxameriques.fr\/wp-content\/uploads\/2017\/03\/DSCN9311.jpg?fit=640%2C480&amp;ssl=1\" class=\"alignnone size-full wp-image-17252\" src=\"https:\/\/i0.wp.com\/genevieveetbernardauxameriques.fr\/wp-content\/uploads\/2017\/03\/DSCN9311.jpg?resize=640%2C480&#038;ssl=1\" alt=\"\" width=\"640\" height=\"480\" srcset=\"https:\/\/i0.wp.com\/genevieveetbernardauxameriques.fr\/wp-content\/uploads\/2017\/03\/DSCN9311.jpg?w=720&amp;ssl=1 720w, https:\/\/i0.wp.com\/genevieveetbernardauxameriques.fr\/wp-content\/uploads\/2017\/03\/DSCN9311.jpg?resize=300%2C225&amp;ssl=1 300w\" sizes=\"(max-width: 640px) 100vw, 640px\" data-recalc-dims=\"1\" \/><\/a> <a href=\"https:\/\/i0.wp.com\/genevieveetbernardauxameriques.fr\/wp-content\/uploads\/2017\/03\/DSCN9312.jpg?ssl=1\"><img loading=\"lazy\" decoding=\"async\" data-attachment-id=\"17253\" data-permalink=\"https:\/\/genevieveetbernardauxameriques.fr\/index.php\/2017\/04\/06\/colombie-2eme-article-la-route-du-cafe\/dscn9312\/\" data-orig-file=\"https:\/\/i0.wp.com\/genevieveetbernardauxameriques.fr\/wp-content\/uploads\/2017\/03\/DSCN9312.jpg?fit=720%2C540&amp;ssl=1\" data-orig-size=\"720,540\" data-comments-opened=\"1\" data-image-meta=\"{&quot;aperture&quot;:&quot;2.8&quot;,&quot;credit&quot;:&quot;&quot;,&quot;camera&quot;:&quot;COOLPIX P900&quot;,&quot;caption&quot;:&quot;&quot;,&quot;created_timestamp&quot;:&quot;1490381806&quot;,&quot;copyright&quot;:&quot;&quot;,&quot;focal_length&quot;:&quot;4.3&quot;,&quot;iso&quot;:&quot;100&quot;,&quot;shutter_speed&quot;:&quot;0.0015625&quot;,&quot;title&quot;:&quot;&quot;,&quot;orientation&quot;:&quot;1&quot;}\" data-image-title=\"DSCN9312\" data-image-description=\"\" data-image-caption=\"\" data-medium-file=\"https:\/\/i0.wp.com\/genevieveetbernardauxameriques.fr\/wp-content\/uploads\/2017\/03\/DSCN9312.jpg?fit=300%2C225&amp;ssl=1\" data-large-file=\"https:\/\/i0.wp.com\/genevieveetbernardauxameriques.fr\/wp-content\/uploads\/2017\/03\/DSCN9312.jpg?fit=640%2C480&amp;ssl=1\" class=\"alignnone size-full wp-image-17253\" src=\"https:\/\/i0.wp.com\/genevieveetbernardauxameriques.fr\/wp-content\/uploads\/2017\/03\/DSCN9312.jpg?resize=640%2C480&#038;ssl=1\" alt=\"\" width=\"640\" height=\"480\" srcset=\"https:\/\/i0.wp.com\/genevieveetbernardauxameriques.fr\/wp-content\/uploads\/2017\/03\/DSCN9312.jpg?w=720&amp;ssl=1 720w, https:\/\/i0.wp.com\/genevieveetbernardauxameriques.fr\/wp-content\/uploads\/2017\/03\/DSCN9312.jpg?resize=300%2C225&amp;ssl=1 300w\" sizes=\"(max-width: 640px) 100vw, 640px\" data-recalc-dims=\"1\" \/><\/a><a href=\"https:\/\/i0.wp.com\/genevieveetbernardauxameriques.fr\/wp-content\/uploads\/2017\/03\/DSCN9629.jpg?ssl=1\"><img loading=\"lazy\" decoding=\"async\" data-attachment-id=\"17457\" data-permalink=\"https:\/\/genevieveetbernardauxameriques.fr\/index.php\/2017\/04\/06\/colombie-2eme-article-la-route-du-cafe\/dscn9629\/\" data-orig-file=\"https:\/\/i0.wp.com\/genevieveetbernardauxameriques.fr\/wp-content\/uploads\/2017\/03\/DSCN9629.jpg?fit=540%2C720&amp;ssl=1\" data-orig-size=\"540,720\" data-comments-opened=\"1\" data-image-meta=\"{&quot;aperture&quot;:&quot;4&quot;,&quot;credit&quot;:&quot;&quot;,&quot;camera&quot;:&quot;COOLPIX P900&quot;,&quot;caption&quot;:&quot;&quot;,&quot;created_timestamp&quot;:&quot;1490641617&quot;,&quot;copyright&quot;:&quot;&quot;,&quot;focal_length&quot;:&quot;22.3&quot;,&quot;iso&quot;:&quot;400&quot;,&quot;shutter_speed&quot;:&quot;0.05&quot;,&quot;title&quot;:&quot;&quot;,&quot;orientation&quot;:&quot;1&quot;}\" data-image-title=\"DSCN9629\" data-image-description=\"\" data-image-caption=\"\" data-medium-file=\"https:\/\/i0.wp.com\/genevieveetbernardauxameriques.fr\/wp-content\/uploads\/2017\/03\/DSCN9629.jpg?fit=225%2C300&amp;ssl=1\" data-large-file=\"https:\/\/i0.wp.com\/genevieveetbernardauxameriques.fr\/wp-content\/uploads\/2017\/03\/DSCN9629.jpg?fit=540%2C720&amp;ssl=1\" class=\"size-full wp-image-17457 aligncenter\" src=\"https:\/\/i0.wp.com\/genevieveetbernardauxameriques.fr\/wp-content\/uploads\/2017\/03\/DSCN9629.jpg?resize=540%2C720&#038;ssl=1\" alt=\"\" width=\"540\" height=\"720\" srcset=\"https:\/\/i0.wp.com\/genevieveetbernardauxameriques.fr\/wp-content\/uploads\/2017\/03\/DSCN9629.jpg?w=540&amp;ssl=1 540w, https:\/\/i0.wp.com\/genevieveetbernardauxameriques.fr\/wp-content\/uploads\/2017\/03\/DSCN9629.jpg?resize=225%2C300&amp;ssl=1 225w\" sizes=\"(max-width: 540px) 100vw, 540px\" data-recalc-dims=\"1\" \/><\/a> <a href=\"https:\/\/i0.wp.com\/genevieveetbernardauxameriques.fr\/wp-content\/uploads\/2017\/03\/DSCN9624.jpg?ssl=1\"><img loading=\"lazy\" decoding=\"async\" data-attachment-id=\"17453\" data-permalink=\"https:\/\/genevieveetbernardauxameriques.fr\/index.php\/2017\/04\/06\/colombie-2eme-article-la-route-du-cafe\/dscn9624\/\" data-orig-file=\"https:\/\/i0.wp.com\/genevieveetbernardauxameriques.fr\/wp-content\/uploads\/2017\/03\/DSCN9624.jpg?fit=720%2C540&amp;ssl=1\" data-orig-size=\"720,540\" data-comments-opened=\"1\" data-image-meta=\"{&quot;aperture&quot;:&quot;4&quot;,&quot;credit&quot;:&quot;&quot;,&quot;camera&quot;:&quot;COOLPIX P900&quot;,&quot;caption&quot;:&quot;&quot;,&quot;created_timestamp&quot;:&quot;1490639931&quot;,&quot;copyright&quot;:&quot;&quot;,&quot;focal_length&quot;:&quot;17&quot;,&quot;iso&quot;:&quot;100&quot;,&quot;shutter_speed&quot;:&quot;0.002&quot;,&quot;title&quot;:&quot;&quot;,&quot;orientation&quot;:&quot;1&quot;}\" data-image-title=\"DSCN9624\" data-image-description=\"\" data-image-caption=\"\" data-medium-file=\"https:\/\/i0.wp.com\/genevieveetbernardauxameriques.fr\/wp-content\/uploads\/2017\/03\/DSCN9624.jpg?fit=300%2C225&amp;ssl=1\" data-large-file=\"https:\/\/i0.wp.com\/genevieveetbernardauxameriques.fr\/wp-content\/uploads\/2017\/03\/DSCN9624.jpg?fit=640%2C480&amp;ssl=1\" class=\"alignnone size-full wp-image-17453\" src=\"https:\/\/i0.wp.com\/genevieveetbernardauxameriques.fr\/wp-content\/uploads\/2017\/03\/DSCN9624.jpg?resize=640%2C480&#038;ssl=1\" alt=\"\" width=\"640\" height=\"480\" srcset=\"https:\/\/i0.wp.com\/genevieveetbernardauxameriques.fr\/wp-content\/uploads\/2017\/03\/DSCN9624.jpg?w=720&amp;ssl=1 720w, https:\/\/i0.wp.com\/genevieveetbernardauxameriques.fr\/wp-content\/uploads\/2017\/03\/DSCN9624.jpg?resize=300%2C225&amp;ssl=1 300w\" sizes=\"(max-width: 640px) 100vw, 640px\" data-recalc-dims=\"1\" \/><\/a><\/p>\n<p>On respecte 1 m\u00e8tre d\u2019espace entre chaque plant pour la plantation et chaque rang\u00e9e de plants est espac\u00e9e de 2 m. On laisse la plante grandir pendant 18 \u00e0 24 \u00a0mois et elle arrive \u00e0 maturit\u00e9 avec une taille de 1,3 \u00e0 1,4 m. C\u2019est \u00e0 ce moment l\u00e0 que la plante vit sa premi\u00e8re fleuraison.<\/p>\n<p><img loading=\"lazy\" decoding=\"async\" data-attachment-id=\"17454\" data-permalink=\"https:\/\/genevieveetbernardauxameriques.fr\/index.php\/2017\/04\/06\/colombie-2eme-article-la-route-du-cafe\/dscn9625\/\" data-orig-file=\"https:\/\/i0.wp.com\/genevieveetbernardauxameriques.fr\/wp-content\/uploads\/2017\/03\/DSCN9625.jpg?fit=720%2C540&amp;ssl=1\" data-orig-size=\"720,540\" data-comments-opened=\"1\" data-image-meta=\"{&quot;aperture&quot;:&quot;5&quot;,&quot;credit&quot;:&quot;&quot;,&quot;camera&quot;:&quot;COOLPIX P900&quot;,&quot;caption&quot;:&quot;&quot;,&quot;created_timestamp&quot;:&quot;1490640384&quot;,&quot;copyright&quot;:&quot;&quot;,&quot;focal_length&quot;:&quot;89.2&quot;,&quot;iso&quot;:&quot;250&quot;,&quot;shutter_speed&quot;:&quot;0.004&quot;,&quot;title&quot;:&quot;&quot;,&quot;orientation&quot;:&quot;1&quot;}\" data-image-title=\"DSCN9625\" data-image-description=\"\" data-image-caption=\"\" data-medium-file=\"https:\/\/i0.wp.com\/genevieveetbernardauxameriques.fr\/wp-content\/uploads\/2017\/03\/DSCN9625.jpg?fit=300%2C225&amp;ssl=1\" data-large-file=\"https:\/\/i0.wp.com\/genevieveetbernardauxameriques.fr\/wp-content\/uploads\/2017\/03\/DSCN9625.jpg?fit=640%2C480&amp;ssl=1\" class=\"alignnone size-full wp-image-17454\" src=\"https:\/\/i0.wp.com\/genevieveetbernardauxameriques.fr\/wp-content\/uploads\/2017\/03\/DSCN9625.jpg?resize=640%2C480&#038;ssl=1\" alt=\"\" width=\"640\" height=\"480\" srcset=\"https:\/\/i0.wp.com\/genevieveetbernardauxameriques.fr\/wp-content\/uploads\/2017\/03\/DSCN9625.jpg?w=720&amp;ssl=1 720w, https:\/\/i0.wp.com\/genevieveetbernardauxameriques.fr\/wp-content\/uploads\/2017\/03\/DSCN9625.jpg?resize=300%2C225&amp;ssl=1 300w\" sizes=\"(max-width: 640px) 100vw, 640px\" data-recalc-dims=\"1\" \/><\/p>\n<p>La plante produit ses fruits de couleurs rouge ou jaune (les deux se r\u00e9coltent).<\/p>\n<p><img loading=\"lazy\" decoding=\"async\" data-attachment-id=\"17254\" data-permalink=\"https:\/\/genevieveetbernardauxameriques.fr\/index.php\/2017\/04\/06\/colombie-2eme-article-la-route-du-cafe\/dscn9313\/\" data-orig-file=\"https:\/\/i0.wp.com\/genevieveetbernardauxameriques.fr\/wp-content\/uploads\/2017\/03\/DSCN9313.jpg?fit=720%2C540&amp;ssl=1\" data-orig-size=\"720,540\" data-comments-opened=\"1\" data-image-meta=\"{&quot;aperture&quot;:&quot;4&quot;,&quot;credit&quot;:&quot;&quot;,&quot;camera&quot;:&quot;COOLPIX P900&quot;,&quot;caption&quot;:&quot;&quot;,&quot;created_timestamp&quot;:&quot;1490382376&quot;,&quot;copyright&quot;:&quot;&quot;,&quot;focal_length&quot;:&quot;17&quot;,&quot;iso&quot;:&quot;100&quot;,&quot;shutter_speed&quot;:&quot;0.005&quot;,&quot;title&quot;:&quot;&quot;,&quot;orientation&quot;:&quot;1&quot;}\" data-image-title=\"DSCN9313\" data-image-description=\"\" data-image-caption=\"\" data-medium-file=\"https:\/\/i0.wp.com\/genevieveetbernardauxameriques.fr\/wp-content\/uploads\/2017\/03\/DSCN9313.jpg?fit=300%2C225&amp;ssl=1\" data-large-file=\"https:\/\/i0.wp.com\/genevieveetbernardauxameriques.fr\/wp-content\/uploads\/2017\/03\/DSCN9313.jpg?fit=640%2C480&amp;ssl=1\" class=\"alignnone size-full wp-image-17254\" src=\"https:\/\/i0.wp.com\/genevieveetbernardauxameriques.fr\/wp-content\/uploads\/2017\/03\/DSCN9313.jpg?resize=640%2C480&#038;ssl=1\" alt=\"\" width=\"640\" height=\"480\" srcset=\"https:\/\/i0.wp.com\/genevieveetbernardauxameriques.fr\/wp-content\/uploads\/2017\/03\/DSCN9313.jpg?w=720&amp;ssl=1 720w, https:\/\/i0.wp.com\/genevieveetbernardauxameriques.fr\/wp-content\/uploads\/2017\/03\/DSCN9313.jpg?resize=300%2C225&amp;ssl=1 300w\" sizes=\"(max-width: 640px) 100vw, 640px\" data-recalc-dims=\"1\" \/><a href=\"https:\/\/i0.wp.com\/genevieveetbernardauxameriques.fr\/wp-content\/uploads\/2017\/03\/DSCN9316.jpg?ssl=1\"><img loading=\"lazy\" decoding=\"async\" data-attachment-id=\"17256\" data-permalink=\"https:\/\/genevieveetbernardauxameriques.fr\/index.php\/2017\/04\/06\/colombie-2eme-article-la-route-du-cafe\/dscn9316\/\" data-orig-file=\"https:\/\/i0.wp.com\/genevieveetbernardauxameriques.fr\/wp-content\/uploads\/2017\/03\/DSCN9316.jpg?fit=720%2C540&amp;ssl=1\" data-orig-size=\"720,540\" data-comments-opened=\"1\" data-image-meta=\"{&quot;aperture&quot;:&quot;2.8&quot;,&quot;credit&quot;:&quot;&quot;,&quot;camera&quot;:&quot;COOLPIX P900&quot;,&quot;caption&quot;:&quot;&quot;,&quot;created_timestamp&quot;:&quot;1490383562&quot;,&quot;copyright&quot;:&quot;&quot;,&quot;focal_length&quot;:&quot;4.3&quot;,&quot;iso&quot;:&quot;400&quot;,&quot;shutter_speed&quot;:&quot;0.05&quot;,&quot;title&quot;:&quot;&quot;,&quot;orientation&quot;:&quot;1&quot;}\" data-image-title=\"DSCN9316\" data-image-description=\"\" data-image-caption=\"\" data-medium-file=\"https:\/\/i0.wp.com\/genevieveetbernardauxameriques.fr\/wp-content\/uploads\/2017\/03\/DSCN9316.jpg?fit=300%2C225&amp;ssl=1\" data-large-file=\"https:\/\/i0.wp.com\/genevieveetbernardauxameriques.fr\/wp-content\/uploads\/2017\/03\/DSCN9316.jpg?fit=640%2C480&amp;ssl=1\" class=\"alignnone size-full wp-image-17256\" src=\"https:\/\/i0.wp.com\/genevieveetbernardauxameriques.fr\/wp-content\/uploads\/2017\/03\/DSCN9316.jpg?resize=640%2C480&#038;ssl=1\" alt=\"\" width=\"640\" height=\"480\" srcset=\"https:\/\/i0.wp.com\/genevieveetbernardauxameriques.fr\/wp-content\/uploads\/2017\/03\/DSCN9316.jpg?w=720&amp;ssl=1 720w, https:\/\/i0.wp.com\/genevieveetbernardauxameriques.fr\/wp-content\/uploads\/2017\/03\/DSCN9316.jpg?resize=300%2C225&amp;ssl=1 300w\" sizes=\"(max-width: 640px) 100vw, 640px\" data-recalc-dims=\"1\" \/><\/a><\/p>\n<p>Avec le m\u00eame plant, il est possible de produire du caf\u00e9 pendant 5 \u00e0 6 ans avant la coupe du plant (coupe 2 fois maximum dans la vie du plant) et il peut produire pendant 21 ans.\u00a0Le plant doit grandir durant 3 ans avant sa premi\u00e8re r\u00e9colte.<\/p>\n<p>Les p\u00e9riodes de r\u00e9coltes sont\u00a0: \u00a0avril mai et ao\u00fbt septembre octobre novembre. 1\u00a0personne collecte de 100 \u00e0 150 kg par jour.<\/p>\n<p>Quant \u00e0 nous nous en r\u00e9colterons quelques grammes en 15\/20 mn et croyez nous ce n&rsquo;est pas facile.<\/p>\n<p><a href=\"https:\/\/i0.wp.com\/genevieveetbernardauxameriques.fr\/wp-content\/uploads\/2017\/03\/DSCN9627.jpg?ssl=1\"><img loading=\"lazy\" decoding=\"async\" data-attachment-id=\"17455\" data-permalink=\"https:\/\/genevieveetbernardauxameriques.fr\/index.php\/2017\/04\/06\/colombie-2eme-article-la-route-du-cafe\/dscn9627\/\" data-orig-file=\"https:\/\/i0.wp.com\/genevieveetbernardauxameriques.fr\/wp-content\/uploads\/2017\/03\/DSCN9627.jpg?fit=720%2C540&amp;ssl=1\" data-orig-size=\"720,540\" data-comments-opened=\"1\" data-image-meta=\"{&quot;aperture&quot;:&quot;2.8&quot;,&quot;credit&quot;:&quot;&quot;,&quot;camera&quot;:&quot;COOLPIX P900&quot;,&quot;caption&quot;:&quot;&quot;,&quot;created_timestamp&quot;:&quot;1490641320&quot;,&quot;copyright&quot;:&quot;&quot;,&quot;focal_length&quot;:&quot;5&quot;,&quot;iso&quot;:&quot;100&quot;,&quot;shutter_speed&quot;:&quot;0.033333333333333&quot;,&quot;title&quot;:&quot;&quot;,&quot;orientation&quot;:&quot;1&quot;}\" data-image-title=\"DSCN9627\" data-image-description=\"\" data-image-caption=\"\" data-medium-file=\"https:\/\/i0.wp.com\/genevieveetbernardauxameriques.fr\/wp-content\/uploads\/2017\/03\/DSCN9627.jpg?fit=300%2C225&amp;ssl=1\" data-large-file=\"https:\/\/i0.wp.com\/genevieveetbernardauxameriques.fr\/wp-content\/uploads\/2017\/03\/DSCN9627.jpg?fit=640%2C480&amp;ssl=1\" class=\"alignnone size-full wp-image-17455\" src=\"https:\/\/i0.wp.com\/genevieveetbernardauxameriques.fr\/wp-content\/uploads\/2017\/03\/DSCN9627.jpg?resize=640%2C480&#038;ssl=1\" alt=\"\" width=\"640\" height=\"480\" srcset=\"https:\/\/i0.wp.com\/genevieveetbernardauxameriques.fr\/wp-content\/uploads\/2017\/03\/DSCN9627.jpg?w=720&amp;ssl=1 720w, https:\/\/i0.wp.com\/genevieveetbernardauxameriques.fr\/wp-content\/uploads\/2017\/03\/DSCN9627.jpg?resize=300%2C225&amp;ssl=1 300w\" sizes=\"(max-width: 640px) 100vw, 640px\" data-recalc-dims=\"1\" \/><\/a> <a href=\"https:\/\/i0.wp.com\/genevieveetbernardauxameriques.fr\/wp-content\/uploads\/2017\/03\/DSCN9628.jpg?ssl=1\"><img loading=\"lazy\" decoding=\"async\" data-attachment-id=\"17456\" data-permalink=\"https:\/\/genevieveetbernardauxameriques.fr\/index.php\/2017\/04\/06\/colombie-2eme-article-la-route-du-cafe\/dscn9628\/\" data-orig-file=\"https:\/\/i0.wp.com\/genevieveetbernardauxameriques.fr\/wp-content\/uploads\/2017\/03\/DSCN9628.jpg?fit=720%2C540&amp;ssl=1\" data-orig-size=\"720,540\" data-comments-opened=\"1\" data-image-meta=\"{&quot;aperture&quot;:&quot;2.8&quot;,&quot;credit&quot;:&quot;&quot;,&quot;camera&quot;:&quot;COOLPIX P900&quot;,&quot;caption&quot;:&quot;&quot;,&quot;created_timestamp&quot;:&quot;1490641323&quot;,&quot;copyright&quot;:&quot;&quot;,&quot;focal_length&quot;:&quot;5&quot;,&quot;iso&quot;:&quot;100&quot;,&quot;shutter_speed&quot;:&quot;0.033333333333333&quot;,&quot;title&quot;:&quot;&quot;,&quot;orientation&quot;:&quot;1&quot;}\" data-image-title=\"DSCN9628\" data-image-description=\"\" data-image-caption=\"\" data-medium-file=\"https:\/\/i0.wp.com\/genevieveetbernardauxameriques.fr\/wp-content\/uploads\/2017\/03\/DSCN9628.jpg?fit=300%2C225&amp;ssl=1\" data-large-file=\"https:\/\/i0.wp.com\/genevieveetbernardauxameriques.fr\/wp-content\/uploads\/2017\/03\/DSCN9628.jpg?fit=640%2C480&amp;ssl=1\" class=\"alignnone size-full wp-image-17456\" src=\"https:\/\/i0.wp.com\/genevieveetbernardauxameriques.fr\/wp-content\/uploads\/2017\/03\/DSCN9628.jpg?resize=640%2C480&#038;ssl=1\" alt=\"\" width=\"640\" height=\"480\" srcset=\"https:\/\/i0.wp.com\/genevieveetbernardauxameriques.fr\/wp-content\/uploads\/2017\/03\/DSCN9628.jpg?w=720&amp;ssl=1 720w, https:\/\/i0.wp.com\/genevieveetbernardauxameriques.fr\/wp-content\/uploads\/2017\/03\/DSCN9628.jpg?resize=300%2C225&amp;ssl=1 300w\" sizes=\"(max-width: 640px) 100vw, 640px\" data-recalc-dims=\"1\" \/><\/a><\/p>\n<p>Lorsque les cueilleurs reviennent \u00e0 la ferme, ils p\u00e8sent leur r\u00e9colte afin de se faire payer et la verse dans une premi\u00e8re machine appel\u00e9e (s\u00e9parateur). Cette machine \u00e9tait \u00e0 l\u2019origine manuelle et est \u00e0 moteur depuis plus de 100 ans\u00a0; elle s\u00e9pare la peau du caf\u00e9 de son fruit, la peau est r\u00e9cup\u00e9r\u00e9e pour le compost.<\/p>\n<p><img loading=\"lazy\" decoding=\"async\" data-attachment-id=\"17459\" data-permalink=\"https:\/\/genevieveetbernardauxameriques.fr\/index.php\/2017\/04\/06\/colombie-2eme-article-la-route-du-cafe\/dscn9631\/\" data-orig-file=\"https:\/\/i0.wp.com\/genevieveetbernardauxameriques.fr\/wp-content\/uploads\/2017\/03\/DSCN9631.jpg?fit=720%2C540&amp;ssl=1\" data-orig-size=\"720,540\" data-comments-opened=\"1\" data-image-meta=\"{&quot;aperture&quot;:&quot;2.8&quot;,&quot;credit&quot;:&quot;&quot;,&quot;camera&quot;:&quot;COOLPIX P900&quot;,&quot;caption&quot;:&quot;&quot;,&quot;created_timestamp&quot;:&quot;1490641901&quot;,&quot;copyright&quot;:&quot;&quot;,&quot;focal_length&quot;:&quot;4.3&quot;,&quot;iso&quot;:&quot;360&quot;,&quot;shutter_speed&quot;:&quot;0.033333333333333&quot;,&quot;title&quot;:&quot;&quot;,&quot;orientation&quot;:&quot;1&quot;}\" data-image-title=\"DSCN9631\" data-image-description=\"\" data-image-caption=\"\" data-medium-file=\"https:\/\/i0.wp.com\/genevieveetbernardauxameriques.fr\/wp-content\/uploads\/2017\/03\/DSCN9631.jpg?fit=300%2C225&amp;ssl=1\" data-large-file=\"https:\/\/i0.wp.com\/genevieveetbernardauxameriques.fr\/wp-content\/uploads\/2017\/03\/DSCN9631.jpg?fit=640%2C480&amp;ssl=1\" class=\"alignnone size-full wp-image-17459\" src=\"https:\/\/i0.wp.com\/genevieveetbernardauxameriques.fr\/wp-content\/uploads\/2017\/03\/DSCN9631.jpg?resize=640%2C480&#038;ssl=1\" alt=\"\" width=\"640\" height=\"480\" srcset=\"https:\/\/i0.wp.com\/genevieveetbernardauxameriques.fr\/wp-content\/uploads\/2017\/03\/DSCN9631.jpg?w=720&amp;ssl=1 720w, https:\/\/i0.wp.com\/genevieveetbernardauxameriques.fr\/wp-content\/uploads\/2017\/03\/DSCN9631.jpg?resize=300%2C225&amp;ssl=1 300w\" sizes=\"(max-width: 640px) 100vw, 640px\" data-recalc-dims=\"1\" \/><\/p>\n<p>Et voil\u00e0 notre r\u00e9colte :<\/p>\n<p><img loading=\"lazy\" decoding=\"async\" data-attachment-id=\"17460\" data-permalink=\"https:\/\/genevieveetbernardauxameriques.fr\/index.php\/2017\/04\/06\/colombie-2eme-article-la-route-du-cafe\/dscn9632\/\" data-orig-file=\"https:\/\/i0.wp.com\/genevieveetbernardauxameriques.fr\/wp-content\/uploads\/2017\/03\/DSCN9632.jpg?fit=720%2C540&amp;ssl=1\" data-orig-size=\"720,540\" data-comments-opened=\"1\" data-image-meta=\"{&quot;aperture&quot;:&quot;4&quot;,&quot;credit&quot;:&quot;&quot;,&quot;camera&quot;:&quot;COOLPIX P900&quot;,&quot;caption&quot;:&quot;&quot;,&quot;created_timestamp&quot;:&quot;1490641938&quot;,&quot;copyright&quot;:&quot;&quot;,&quot;focal_length&quot;:&quot;15.2&quot;,&quot;iso&quot;:&quot;640&quot;,&quot;shutter_speed&quot;:&quot;0.066666666666667&quot;,&quot;title&quot;:&quot;&quot;,&quot;orientation&quot;:&quot;1&quot;}\" data-image-title=\"DSCN9632\" data-image-description=\"\" data-image-caption=\"\" data-medium-file=\"https:\/\/i0.wp.com\/genevieveetbernardauxameriques.fr\/wp-content\/uploads\/2017\/03\/DSCN9632.jpg?fit=300%2C225&amp;ssl=1\" data-large-file=\"https:\/\/i0.wp.com\/genevieveetbernardauxameriques.fr\/wp-content\/uploads\/2017\/03\/DSCN9632.jpg?fit=640%2C480&amp;ssl=1\" class=\"alignnone size-full wp-image-17460\" src=\"https:\/\/i0.wp.com\/genevieveetbernardauxameriques.fr\/wp-content\/uploads\/2017\/03\/DSCN9632.jpg?resize=640%2C480&#038;ssl=1\" alt=\"\" width=\"640\" height=\"480\" srcset=\"https:\/\/i0.wp.com\/genevieveetbernardauxameriques.fr\/wp-content\/uploads\/2017\/03\/DSCN9632.jpg?w=720&amp;ssl=1 720w, https:\/\/i0.wp.com\/genevieveetbernardauxameriques.fr\/wp-content\/uploads\/2017\/03\/DSCN9632.jpg?resize=300%2C225&amp;ssl=1 300w\" sizes=\"(max-width: 640px) 100vw, 640px\" data-recalc-dims=\"1\" \/><\/p>\n<p>Les grains de caf\u00e9 qui ont des d\u00e9fauts ou qui sont de petites tailles sont appel\u00e9s \u00ab\u00a0pasilla\u00a0\u00bb et sont consid\u00e9r\u00e9s de basse qualit\u00e9.<\/p>\n<p>Les grains de bonne qualit\u00e9 passent dans une autre partie de la machine appel\u00e9e \u00ab\u00a0desmucilaginador\u00a0\u00bb qui va retirer le sucre du fruit (fort contaminant) ainsi que son mucilage (gomme naturelle du fruit). Les\u00a0bons grains sont envoy\u00e9s dans un r\u00e9servoir et lav\u00e9s \u00e0 l\u2019eau et remu\u00e9s plusieurs fois. Les grains qui ont \u00e9t\u00e9 piqu\u00e9s par un insecte remonte \u00e0 la surface.<\/p>\n<p><a href=\"https:\/\/i0.wp.com\/genevieveetbernardauxameriques.fr\/wp-content\/uploads\/2017\/03\/DSCN9633.jpg?ssl=1\"><img loading=\"lazy\" decoding=\"async\" data-attachment-id=\"17461\" data-permalink=\"https:\/\/genevieveetbernardauxameriques.fr\/index.php\/2017\/04\/06\/colombie-2eme-article-la-route-du-cafe\/dscn9633\/\" data-orig-file=\"https:\/\/i0.wp.com\/genevieveetbernardauxameriques.fr\/wp-content\/uploads\/2017\/03\/DSCN9633.jpg?fit=720%2C540&amp;ssl=1\" data-orig-size=\"720,540\" data-comments-opened=\"1\" data-image-meta=\"{&quot;aperture&quot;:&quot;3.2&quot;,&quot;credit&quot;:&quot;&quot;,&quot;camera&quot;:&quot;COOLPIX P900&quot;,&quot;caption&quot;:&quot;&quot;,&quot;created_timestamp&quot;:&quot;1490642110&quot;,&quot;copyright&quot;:&quot;&quot;,&quot;focal_length&quot;:&quot;5.9&quot;,&quot;iso&quot;:&quot;800&quot;,&quot;shutter_speed&quot;:&quot;0.33333333333333&quot;,&quot;title&quot;:&quot;&quot;,&quot;orientation&quot;:&quot;1&quot;}\" data-image-title=\"DSCN9633\" data-image-description=\"\" data-image-caption=\"\" data-medium-file=\"https:\/\/i0.wp.com\/genevieveetbernardauxameriques.fr\/wp-content\/uploads\/2017\/03\/DSCN9633.jpg?fit=300%2C225&amp;ssl=1\" data-large-file=\"https:\/\/i0.wp.com\/genevieveetbernardauxameriques.fr\/wp-content\/uploads\/2017\/03\/DSCN9633.jpg?fit=640%2C480&amp;ssl=1\" class=\"alignnone size-full wp-image-17461\" src=\"https:\/\/i0.wp.com\/genevieveetbernardauxameriques.fr\/wp-content\/uploads\/2017\/03\/DSCN9633.jpg?resize=640%2C480&#038;ssl=1\" alt=\"\" width=\"640\" height=\"480\" srcset=\"https:\/\/i0.wp.com\/genevieveetbernardauxameriques.fr\/wp-content\/uploads\/2017\/03\/DSCN9633.jpg?w=720&amp;ssl=1 720w, https:\/\/i0.wp.com\/genevieveetbernardauxameriques.fr\/wp-content\/uploads\/2017\/03\/DSCN9633.jpg?resize=300%2C225&amp;ssl=1 300w\" sizes=\"(max-width: 640px) 100vw, 640px\" data-recalc-dims=\"1\" \/><\/a> <a href=\"https:\/\/i0.wp.com\/genevieveetbernardauxameriques.fr\/wp-content\/uploads\/2017\/03\/DSCN9634.jpg?ssl=1\"><img loading=\"lazy\" decoding=\"async\" data-attachment-id=\"17462\" data-permalink=\"https:\/\/genevieveetbernardauxameriques.fr\/index.php\/2017\/04\/06\/colombie-2eme-article-la-route-du-cafe\/dscn9634\/\" data-orig-file=\"https:\/\/i0.wp.com\/genevieveetbernardauxameriques.fr\/wp-content\/uploads\/2017\/03\/DSCN9634.jpg?fit=720%2C540&amp;ssl=1\" data-orig-size=\"720,540\" data-comments-opened=\"1\" data-image-meta=\"{&quot;aperture&quot;:&quot;3.2&quot;,&quot;credit&quot;:&quot;&quot;,&quot;camera&quot;:&quot;COOLPIX P900&quot;,&quot;caption&quot;:&quot;&quot;,&quot;created_timestamp&quot;:&quot;1490642143&quot;,&quot;copyright&quot;:&quot;&quot;,&quot;focal_length&quot;:&quot;5.9&quot;,&quot;iso&quot;:&quot;400&quot;,&quot;shutter_speed&quot;:&quot;0.125&quot;,&quot;title&quot;:&quot;&quot;,&quot;orientation&quot;:&quot;1&quot;}\" data-image-title=\"DSCN9634\" data-image-description=\"\" data-image-caption=\"\" data-medium-file=\"https:\/\/i0.wp.com\/genevieveetbernardauxameriques.fr\/wp-content\/uploads\/2017\/03\/DSCN9634.jpg?fit=300%2C225&amp;ssl=1\" data-large-file=\"https:\/\/i0.wp.com\/genevieveetbernardauxameriques.fr\/wp-content\/uploads\/2017\/03\/DSCN9634.jpg?fit=640%2C480&amp;ssl=1\" class=\"alignnone size-full wp-image-17462\" src=\"https:\/\/i0.wp.com\/genevieveetbernardauxameriques.fr\/wp-content\/uploads\/2017\/03\/DSCN9634.jpg?resize=640%2C480&#038;ssl=1\" alt=\"\" width=\"640\" height=\"480\" srcset=\"https:\/\/i0.wp.com\/genevieveetbernardauxameriques.fr\/wp-content\/uploads\/2017\/03\/DSCN9634.jpg?w=720&amp;ssl=1 720w, https:\/\/i0.wp.com\/genevieveetbernardauxameriques.fr\/wp-content\/uploads\/2017\/03\/DSCN9634.jpg?resize=300%2C225&amp;ssl=1 300w\" sizes=\"(max-width: 640px) 100vw, 640px\" data-recalc-dims=\"1\" \/><\/a><\/p>\n<p>Heureusement, je vais aider un peu<\/p>\n<p><a href=\"https:\/\/i0.wp.com\/genevieveetbernardauxameriques.fr\/wp-content\/uploads\/2017\/03\/DSCN9635.jpg?ssl=1\"><img loading=\"lazy\" decoding=\"async\" data-attachment-id=\"17463\" data-permalink=\"https:\/\/genevieveetbernardauxameriques.fr\/index.php\/2017\/04\/06\/colombie-2eme-article-la-route-du-cafe\/dscn9635\/\" data-orig-file=\"https:\/\/i0.wp.com\/genevieveetbernardauxameriques.fr\/wp-content\/uploads\/2017\/03\/DSCN9635.jpg?fit=720%2C540&amp;ssl=1\" data-orig-size=\"720,540\" data-comments-opened=\"1\" data-image-meta=\"{&quot;aperture&quot;:&quot;3.2&quot;,&quot;credit&quot;:&quot;&quot;,&quot;camera&quot;:&quot;COOLPIX P900&quot;,&quot;caption&quot;:&quot;&quot;,&quot;created_timestamp&quot;:&quot;1490642276&quot;,&quot;copyright&quot;:&quot;&quot;,&quot;focal_length&quot;:&quot;5.9&quot;,&quot;iso&quot;:&quot;400&quot;,&quot;shutter_speed&quot;:&quot;0.1&quot;,&quot;title&quot;:&quot;&quot;,&quot;orientation&quot;:&quot;1&quot;}\" data-image-title=\"DSCN9635\" data-image-description=\"\" data-image-caption=\"\" data-medium-file=\"https:\/\/i0.wp.com\/genevieveetbernardauxameriques.fr\/wp-content\/uploads\/2017\/03\/DSCN9635.jpg?fit=300%2C225&amp;ssl=1\" data-large-file=\"https:\/\/i0.wp.com\/genevieveetbernardauxameriques.fr\/wp-content\/uploads\/2017\/03\/DSCN9635.jpg?fit=640%2C480&amp;ssl=1\" class=\"alignnone size-full wp-image-17463\" src=\"https:\/\/i0.wp.com\/genevieveetbernardauxameriques.fr\/wp-content\/uploads\/2017\/03\/DSCN9635.jpg?resize=640%2C480&#038;ssl=1\" alt=\"\" width=\"640\" height=\"480\" srcset=\"https:\/\/i0.wp.com\/genevieveetbernardauxameriques.fr\/wp-content\/uploads\/2017\/03\/DSCN9635.jpg?w=720&amp;ssl=1 720w, https:\/\/i0.wp.com\/genevieveetbernardauxameriques.fr\/wp-content\/uploads\/2017\/03\/DSCN9635.jpg?resize=300%2C225&amp;ssl=1 300w\" sizes=\"(max-width: 640px) 100vw, 640px\" data-recalc-dims=\"1\" \/><\/a><\/p>\n<p>Les grains de caf\u00e9s propres passent ensuite dans un autre r\u00e9servoir pour \u00eatre s\u00e9ch\u00e9s avec une pompe \u00e0 air chaud (55\u00b0). En basse saison, quand la production est moins importante\u00a0le caf\u00e9 s\u00e8che naturellement au soleil sous b\u00e2che pour un maintien de la chaleur.<\/p>\n<p><img loading=\"lazy\" decoding=\"async\" data-attachment-id=\"17464\" data-permalink=\"https:\/\/genevieveetbernardauxameriques.fr\/index.php\/2017\/04\/06\/colombie-2eme-article-la-route-du-cafe\/dscn9636\/\" data-orig-file=\"https:\/\/i0.wp.com\/genevieveetbernardauxameriques.fr\/wp-content\/uploads\/2017\/03\/DSCN9636.jpg?fit=720%2C540&amp;ssl=1\" data-orig-size=\"720,540\" data-comments-opened=\"1\" data-image-meta=\"{&quot;aperture&quot;:&quot;2.8&quot;,&quot;credit&quot;:&quot;&quot;,&quot;camera&quot;:&quot;COOLPIX P900&quot;,&quot;caption&quot;:&quot;&quot;,&quot;created_timestamp&quot;:&quot;1490642456&quot;,&quot;copyright&quot;:&quot;&quot;,&quot;focal_length&quot;:&quot;4.3&quot;,&quot;iso&quot;:&quot;640&quot;,&quot;shutter_speed&quot;:&quot;0.125&quot;,&quot;title&quot;:&quot;&quot;,&quot;orientation&quot;:&quot;1&quot;}\" data-image-title=\"DSCN9636\" data-image-description=\"\" data-image-caption=\"\" data-medium-file=\"https:\/\/i0.wp.com\/genevieveetbernardauxameriques.fr\/wp-content\/uploads\/2017\/03\/DSCN9636.jpg?fit=300%2C225&amp;ssl=1\" data-large-file=\"https:\/\/i0.wp.com\/genevieveetbernardauxameriques.fr\/wp-content\/uploads\/2017\/03\/DSCN9636.jpg?fit=640%2C480&amp;ssl=1\" class=\"alignnone size-full wp-image-17464\" src=\"https:\/\/i0.wp.com\/genevieveetbernardauxameriques.fr\/wp-content\/uploads\/2017\/03\/DSCN9636.jpg?resize=640%2C480&#038;ssl=1\" alt=\"\" width=\"640\" height=\"480\" srcset=\"https:\/\/i0.wp.com\/genevieveetbernardauxameriques.fr\/wp-content\/uploads\/2017\/03\/DSCN9636.jpg?w=720&amp;ssl=1 720w, https:\/\/i0.wp.com\/genevieveetbernardauxameriques.fr\/wp-content\/uploads\/2017\/03\/DSCN9636.jpg?resize=300%2C225&amp;ssl=1 300w\" sizes=\"(max-width: 640px) 100vw, 640px\" data-recalc-dims=\"1\" \/><\/p>\n<p>Les grains sont en haut de l&rsquo;\u00e9chelle \u00e0 s\u00e9cher sur le four (ici 3 tonnes)<\/p>\n<p><img loading=\"lazy\" decoding=\"async\" data-attachment-id=\"17258\" data-permalink=\"https:\/\/genevieveetbernardauxameriques.fr\/index.php\/2017\/04\/06\/colombie-2eme-article-la-route-du-cafe\/dscn9318\/\" data-orig-file=\"https:\/\/i0.wp.com\/genevieveetbernardauxameriques.fr\/wp-content\/uploads\/2017\/03\/DSCN9318.jpg?fit=720%2C540&amp;ssl=1\" data-orig-size=\"720,540\" data-comments-opened=\"1\" data-image-meta=\"{&quot;aperture&quot;:&quot;4&quot;,&quot;credit&quot;:&quot;&quot;,&quot;camera&quot;:&quot;COOLPIX P900&quot;,&quot;caption&quot;:&quot;&quot;,&quot;created_timestamp&quot;:&quot;1490383705&quot;,&quot;copyright&quot;:&quot;&quot;,&quot;focal_length&quot;:&quot;18.7&quot;,&quot;iso&quot;:&quot;100&quot;,&quot;shutter_speed&quot;:&quot;0.003125&quot;,&quot;title&quot;:&quot;&quot;,&quot;orientation&quot;:&quot;1&quot;}\" data-image-title=\"DSCN9318\" data-image-description=\"\" data-image-caption=\"\" data-medium-file=\"https:\/\/i0.wp.com\/genevieveetbernardauxameriques.fr\/wp-content\/uploads\/2017\/03\/DSCN9318.jpg?fit=300%2C225&amp;ssl=1\" data-large-file=\"https:\/\/i0.wp.com\/genevieveetbernardauxameriques.fr\/wp-content\/uploads\/2017\/03\/DSCN9318.jpg?fit=640%2C480&amp;ssl=1\" class=\"alignnone size-full wp-image-17258\" src=\"https:\/\/i0.wp.com\/genevieveetbernardauxameriques.fr\/wp-content\/uploads\/2017\/03\/DSCN9318.jpg?resize=640%2C480&#038;ssl=1\" alt=\"\" width=\"640\" height=\"480\" srcset=\"https:\/\/i0.wp.com\/genevieveetbernardauxameriques.fr\/wp-content\/uploads\/2017\/03\/DSCN9318.jpg?w=720&amp;ssl=1 720w, https:\/\/i0.wp.com\/genevieveetbernardauxameriques.fr\/wp-content\/uploads\/2017\/03\/DSCN9318.jpg?resize=300%2C225&amp;ssl=1 300w\" sizes=\"(max-width: 640px) 100vw, 640px\" data-recalc-dims=\"1\" \/><img loading=\"lazy\" decoding=\"async\" data-attachment-id=\"17465\" data-permalink=\"https:\/\/genevieveetbernardauxameriques.fr\/index.php\/2017\/04\/06\/colombie-2eme-article-la-route-du-cafe\/dscn9637\/\" data-orig-file=\"https:\/\/i0.wp.com\/genevieveetbernardauxameriques.fr\/wp-content\/uploads\/2017\/03\/DSCN9637.jpg?fit=720%2C540&amp;ssl=1\" data-orig-size=\"720,540\" data-comments-opened=\"1\" data-image-meta=\"{&quot;aperture&quot;:&quot;2.8&quot;,&quot;credit&quot;:&quot;&quot;,&quot;camera&quot;:&quot;COOLPIX P900&quot;,&quot;caption&quot;:&quot;&quot;,&quot;created_timestamp&quot;:&quot;1490642605&quot;,&quot;copyright&quot;:&quot;&quot;,&quot;focal_length&quot;:&quot;4.3&quot;,&quot;iso&quot;:&quot;400&quot;,&quot;shutter_speed&quot;:&quot;0.076923076923077&quot;,&quot;title&quot;:&quot;&quot;,&quot;orientation&quot;:&quot;1&quot;}\" data-image-title=\"DSCN9637\" data-image-description=\"\" data-image-caption=\"\" data-medium-file=\"https:\/\/i0.wp.com\/genevieveetbernardauxameriques.fr\/wp-content\/uploads\/2017\/03\/DSCN9637.jpg?fit=300%2C225&amp;ssl=1\" data-large-file=\"https:\/\/i0.wp.com\/genevieveetbernardauxameriques.fr\/wp-content\/uploads\/2017\/03\/DSCN9637.jpg?fit=640%2C480&amp;ssl=1\" class=\"alignnone size-full wp-image-17465\" src=\"https:\/\/i0.wp.com\/genevieveetbernardauxameriques.fr\/wp-content\/uploads\/2017\/03\/DSCN9637.jpg?resize=640%2C480&#038;ssl=1\" alt=\"\" width=\"640\" height=\"480\" srcset=\"https:\/\/i0.wp.com\/genevieveetbernardauxameriques.fr\/wp-content\/uploads\/2017\/03\/DSCN9637.jpg?w=720&amp;ssl=1 720w, https:\/\/i0.wp.com\/genevieveetbernardauxameriques.fr\/wp-content\/uploads\/2017\/03\/DSCN9637.jpg?resize=300%2C225&amp;ssl=1 300w\" sizes=\"(max-width: 640px) 100vw, 640px\" data-recalc-dims=\"1\" \/><\/p>\n<p>En Colombie, chaque producteur de caf\u00e9 doit obligatoirement vendre sa production \u00e0 la F\u00e9d\u00e9ration Nationale du Caf\u00e9 qui fixe le prix d\u2019achat du caf\u00e9 et traite le n\u00e9goce \u00e0 l\u2019international.<\/p>\n<p>Le caf\u00e9 est vendu en sac avant torr\u00e9faction, \u00e0 noter qu\u2019il est difficilement possible de tracer l\u2019origine exacte de la production d\u2019une ferme puisque tout le caf\u00e9 est m\u00e9lang\u00e9 en coop\u00e9rative, alors attention quand on vous vend du caf\u00e9 certifi\u00e9 biologique. La torr\u00e9faction n&rsquo;est jamais faite en Colombie, mais dans les pays o\u00f9 les graines sont vendues. Pour 5 kg de caf\u00e9 on ajoute 2 kg de sucre.<\/p>\n<p>Le caf\u00e9 colombien est un des rares caf\u00e9s purs qui soit vendus sous ce nom au monde entier. Au Br\u00e9sil, par exemple, on ne retire pas le sucre du caf\u00e9, et surtout on fait la cueillette avec une machine, les grains murs et les verts sont tous m\u00e9lang\u00e9s. Ils sont cueillis en une seule fois.<\/p>\n<p>Nous avons eu le droit \u00e0 notre dipl\u00f4me en partant.<\/p>\n<p><a href=\"https:\/\/i0.wp.com\/genevieveetbernardauxameriques.fr\/wp-content\/uploads\/2017\/04\/IMG_20170402_093800.jpg?ssl=1\"><img loading=\"lazy\" decoding=\"async\" data-attachment-id=\"17768\" data-permalink=\"https:\/\/genevieveetbernardauxameriques.fr\/index.php\/2017\/04\/06\/colombie-2eme-article-la-route-du-cafe\/img_20170402_093800\/\" data-orig-file=\"https:\/\/i0.wp.com\/genevieveetbernardauxameriques.fr\/wp-content\/uploads\/2017\/04\/IMG_20170402_093800.jpg?fit=720%2C540&amp;ssl=1\" data-orig-size=\"720,540\" data-comments-opened=\"1\" data-image-meta=\"{&quot;aperture&quot;:&quot;0&quot;,&quot;credit&quot;:&quot;&quot;,&quot;camera&quot;:&quot;Lenovo YT3-X50F&quot;,&quot;caption&quot;:&quot;&quot;,&quot;created_timestamp&quot;:&quot;1491125881&quot;,&quot;copyright&quot;:&quot;&quot;,&quot;focal_length&quot;:&quot;3.85&quot;,&quot;iso&quot;:&quot;173&quot;,&quot;shutter_speed&quot;:&quot;0.04&quot;,&quot;title&quot;:&quot;&quot;,&quot;orientation&quot;:&quot;0&quot;}\" data-image-title=\"IMG_20170402_093800\" data-image-description=\"\" data-image-caption=\"\" data-medium-file=\"https:\/\/i0.wp.com\/genevieveetbernardauxameriques.fr\/wp-content\/uploads\/2017\/04\/IMG_20170402_093800.jpg?fit=300%2C225&amp;ssl=1\" data-large-file=\"https:\/\/i0.wp.com\/genevieveetbernardauxameriques.fr\/wp-content\/uploads\/2017\/04\/IMG_20170402_093800.jpg?fit=640%2C480&amp;ssl=1\" class=\"alignnone size-medium wp-image-17768\" src=\"https:\/\/i0.wp.com\/genevieveetbernardauxameriques.fr\/wp-content\/uploads\/2017\/04\/IMG_20170402_093800.jpg?resize=300%2C225&#038;ssl=1\" alt=\"\" width=\"300\" height=\"225\" srcset=\"https:\/\/i0.wp.com\/genevieveetbernardauxameriques.fr\/wp-content\/uploads\/2017\/04\/IMG_20170402_093800.jpg?resize=300%2C225&amp;ssl=1 300w, https:\/\/i0.wp.com\/genevieveetbernardauxameriques.fr\/wp-content\/uploads\/2017\/04\/IMG_20170402_093800.jpg?w=720&amp;ssl=1 720w\" sizes=\"(max-width: 300px) 100vw, 300px\" data-recalc-dims=\"1\" \/><\/a>\u00a0 \u00a0 \u00a0 \u00a0\u00a0<a href=\"https:\/\/i0.wp.com\/genevieveetbernardauxameriques.fr\/wp-content\/uploads\/2017\/04\/IMG_20170402_093734.jpg?ssl=1\"><img loading=\"lazy\" decoding=\"async\" data-attachment-id=\"17767\" data-permalink=\"https:\/\/genevieveetbernardauxameriques.fr\/index.php\/2017\/04\/06\/colombie-2eme-article-la-route-du-cafe\/img_20170402_093734\/\" data-orig-file=\"https:\/\/i0.wp.com\/genevieveetbernardauxameriques.fr\/wp-content\/uploads\/2017\/04\/IMG_20170402_093734.jpg?fit=720%2C540&amp;ssl=1\" data-orig-size=\"720,540\" data-comments-opened=\"1\" data-image-meta=\"{&quot;aperture&quot;:&quot;0&quot;,&quot;credit&quot;:&quot;&quot;,&quot;camera&quot;:&quot;Lenovo YT3-X50F&quot;,&quot;caption&quot;:&quot;&quot;,&quot;created_timestamp&quot;:&quot;1491125855&quot;,&quot;copyright&quot;:&quot;&quot;,&quot;focal_length&quot;:&quot;3.85&quot;,&quot;iso&quot;:&quot;353&quot;,&quot;shutter_speed&quot;:&quot;0.04&quot;,&quot;title&quot;:&quot;&quot;,&quot;orientation&quot;:&quot;0&quot;}\" data-image-title=\"IMG_20170402_093734\" data-image-description=\"\" data-image-caption=\"\" data-medium-file=\"https:\/\/i0.wp.com\/genevieveetbernardauxameriques.fr\/wp-content\/uploads\/2017\/04\/IMG_20170402_093734.jpg?fit=300%2C225&amp;ssl=1\" data-large-file=\"https:\/\/i0.wp.com\/genevieveetbernardauxameriques.fr\/wp-content\/uploads\/2017\/04\/IMG_20170402_093734.jpg?fit=640%2C480&amp;ssl=1\" class=\"alignnone size-medium wp-image-17767\" src=\"https:\/\/i0.wp.com\/genevieveetbernardauxameriques.fr\/wp-content\/uploads\/2017\/04\/IMG_20170402_093734.jpg?resize=300%2C225&#038;ssl=1\" alt=\"\" width=\"300\" height=\"225\" srcset=\"https:\/\/i0.wp.com\/genevieveetbernardauxameriques.fr\/wp-content\/uploads\/2017\/04\/IMG_20170402_093734.jpg?resize=300%2C225&amp;ssl=1 300w, https:\/\/i0.wp.com\/genevieveetbernardauxameriques.fr\/wp-content\/uploads\/2017\/04\/IMG_20170402_093734.jpg?w=720&amp;ssl=1 720w\" sizes=\"(max-width: 300px) 100vw, 300px\" data-recalc-dims=\"1\" \/><\/a><\/p>\n<p>La visite est termin\u00e9e, aux alentours de l&rsquo;h\u00f4tel on donne des bananes \u00e0 manger aux oiseaux<\/p>\n<p><a href=\"https:\/\/i0.wp.com\/genevieveetbernardauxameriques.fr\/wp-content\/uploads\/2017\/03\/DSCN9545.jpg?ssl=1\"><img loading=\"lazy\" decoding=\"async\" data-attachment-id=\"17416\" data-permalink=\"https:\/\/genevieveetbernardauxameriques.fr\/index.php\/2017\/04\/06\/colombie-2eme-article-la-route-du-cafe\/dscn9545\/\" data-orig-file=\"https:\/\/i0.wp.com\/genevieveetbernardauxameriques.fr\/wp-content\/uploads\/2017\/03\/DSCN9545.jpg?fit=720%2C540&amp;ssl=1\" data-orig-size=\"720,540\" data-comments-opened=\"1\" data-image-meta=\"{&quot;aperture&quot;:&quot;6.5&quot;,&quot;credit&quot;:&quot;&quot;,&quot;camera&quot;:&quot;COOLPIX P900&quot;,&quot;caption&quot;:&quot;&quot;,&quot;created_timestamp&quot;:&quot;1490627003&quot;,&quot;copyright&quot;:&quot;&quot;,&quot;focal_length&quot;:&quot;428.4&quot;,&quot;iso&quot;:&quot;500&quot;,&quot;shutter_speed&quot;:&quot;0.008&quot;,&quot;title&quot;:&quot;&quot;,&quot;orientation&quot;:&quot;1&quot;}\" data-image-title=\"DSCN9545\" data-image-description=\"\" data-image-caption=\"\" data-medium-file=\"https:\/\/i0.wp.com\/genevieveetbernardauxameriques.fr\/wp-content\/uploads\/2017\/03\/DSCN9545.jpg?fit=300%2C225&amp;ssl=1\" data-large-file=\"https:\/\/i0.wp.com\/genevieveetbernardauxameriques.fr\/wp-content\/uploads\/2017\/03\/DSCN9545.jpg?fit=640%2C480&amp;ssl=1\" class=\"alignnone size-full wp-image-17416\" src=\"https:\/\/i0.wp.com\/genevieveetbernardauxameriques.fr\/wp-content\/uploads\/2017\/03\/DSCN9545.jpg?resize=640%2C480&#038;ssl=1\" alt=\"\" width=\"640\" height=\"480\" srcset=\"https:\/\/i0.wp.com\/genevieveetbernardauxameriques.fr\/wp-content\/uploads\/2017\/03\/DSCN9545.jpg?w=720&amp;ssl=1 720w, https:\/\/i0.wp.com\/genevieveetbernardauxameriques.fr\/wp-content\/uploads\/2017\/03\/DSCN9545.jpg?resize=300%2C225&amp;ssl=1 300w\" sizes=\"(max-width: 640px) 100vw, 640px\" data-recalc-dims=\"1\" \/><\/a><\/p>\n<p>(diaporama, cliquez pour agrandir)<\/p>\n<div class=\"tiled-gallery type-rectangular tiled-gallery-unresized\" data-original-width=\"640\" data-carousel-extra='{&quot;blog_id&quot;:1,&quot;permalink&quot;:&quot;https:\\\/\\\/genevieveetbernardauxameriques.fr\\\/index.php\\\/2017\\\/04\\\/06\\\/colombie-2eme-article-la-route-du-cafe\\\/&quot;,&quot;likes_blog_id&quot;:107627276}' itemscope itemtype=\"http:\/\/schema.org\/ImageGallery\" > <div class=\"gallery-row\" style=\"width: 640px; height: 527px;\" data-original-width=\"640\" data-original-height=\"527\" > <div class=\"gallery-group images-4\" style=\"width: 174px; height: 527px;\" data-original-width=\"174\" data-original-height=\"527\" > <div class=\"tiled-gallery-item tiled-gallery-item-small\" itemprop=\"associatedMedia\" itemscope itemtype=\"http:\/\/schema.org\/ImageObject\"> <a href=\"https:\/\/genevieveetbernardauxameriques.fr\/index.php\/2017\/04\/06\/colombie-2eme-article-la-route-du-cafe\/dscn9553\/\" border=\"0\" itemprop=\"url\"> <meta itemprop=\"width\" content=\"170\"> <meta itemprop=\"height\" content=\"128\"> <img decoding=\"async\" class=\"\" data-attachment-id=\"17418\" data-orig-file=\"https:\/\/genevieveetbernardauxameriques.fr\/wp-content\/uploads\/2017\/03\/DSCN9553.jpg\" data-orig-size=\"720,540\" data-comments-opened=\"1\" data-image-meta=\"{&quot;aperture&quot;:&quot;6.3&quot;,&quot;credit&quot;:&quot;&quot;,&quot;camera&quot;:&quot;COOLPIX P900&quot;,&quot;caption&quot;:&quot;&quot;,&quot;created_timestamp&quot;:&quot;1490627662&quot;,&quot;copyright&quot;:&quot;&quot;,&quot;focal_length&quot;:&quot;321&quot;,&quot;iso&quot;:&quot;500&quot;,&quot;shutter_speed&quot;:&quot;0.008&quot;,&quot;title&quot;:&quot;&quot;,&quot;orientation&quot;:&quot;1&quot;}\" data-image-title=\"DSCN9553\" data-image-description=\"\" data-medium-file=\"https:\/\/i0.wp.com\/genevieveetbernardauxameriques.fr\/wp-content\/uploads\/2017\/03\/DSCN9553.jpg?fit=300%2C225&#038;ssl=1\" data-large-file=\"https:\/\/i0.wp.com\/genevieveetbernardauxameriques.fr\/wp-content\/uploads\/2017\/03\/DSCN9553.jpg?fit=640%2C480&#038;ssl=1\" src=\"https:\/\/i0.wp.com\/genevieveetbernardauxameriques.fr\/wp-content\/uploads\/2017\/03\/DSCN9553.jpg?w=170&#038;h=128&#038;ssl=1\" srcset=\"https:\/\/i0.wp.com\/genevieveetbernardauxameriques.fr\/wp-content\/uploads\/2017\/03\/DSCN9553.jpg?w=720&amp;ssl=1 720w, https:\/\/i0.wp.com\/genevieveetbernardauxameriques.fr\/wp-content\/uploads\/2017\/03\/DSCN9553.jpg?resize=300%2C225&amp;ssl=1 300w\" width=\"170\" height=\"128\" loading=\"lazy\" data-original-width=\"170\" data-original-height=\"128\" itemprop=\"http:\/\/schema.org\/image\" title=\"DSCN9553\" alt=\"DSCN9553\" style=\"width: 170px; height: 128px;\" \/> <\/a> <\/div> <div class=\"tiled-gallery-item tiled-gallery-item-small\" itemprop=\"associatedMedia\" itemscope itemtype=\"http:\/\/schema.org\/ImageObject\"> <a href=\"https:\/\/genevieveetbernardauxameriques.fr\/index.php\/2017\/04\/06\/colombie-2eme-article-la-route-du-cafe\/dscn9582\/\" border=\"0\" itemprop=\"url\"> <meta itemprop=\"width\" content=\"170\"> <meta itemprop=\"height\" content=\"128\"> <img decoding=\"async\" class=\"\" data-attachment-id=\"17427\" data-orig-file=\"https:\/\/genevieveetbernardauxameriques.fr\/wp-content\/uploads\/2017\/03\/DSCN9582.jpg\" data-orig-size=\"720,540\" data-comments-opened=\"1\" data-image-meta=\"{&quot;aperture&quot;:&quot;6.5&quot;,&quot;credit&quot;:&quot;&quot;,&quot;camera&quot;:&quot;COOLPIX P900&quot;,&quot;caption&quot;:&quot;&quot;,&quot;created_timestamp&quot;:&quot;1490631536&quot;,&quot;copyright&quot;:&quot;&quot;,&quot;focal_length&quot;:&quot;428.4&quot;,&quot;iso&quot;:&quot;180&quot;,&quot;shutter_speed&quot;:&quot;0.002&quot;,&quot;title&quot;:&quot;&quot;,&quot;orientation&quot;:&quot;1&quot;}\" data-image-title=\"DSCN9582\" data-image-description=\"\" data-medium-file=\"https:\/\/i0.wp.com\/genevieveetbernardauxameriques.fr\/wp-content\/uploads\/2017\/03\/DSCN9582.jpg?fit=300%2C225&#038;ssl=1\" data-large-file=\"https:\/\/i0.wp.com\/genevieveetbernardauxameriques.fr\/wp-content\/uploads\/2017\/03\/DSCN9582.jpg?fit=640%2C480&#038;ssl=1\" src=\"https:\/\/i0.wp.com\/genevieveetbernardauxameriques.fr\/wp-content\/uploads\/2017\/03\/DSCN9582.jpg?w=170&#038;h=128&#038;ssl=1\" srcset=\"https:\/\/i0.wp.com\/genevieveetbernardauxameriques.fr\/wp-content\/uploads\/2017\/03\/DSCN9582.jpg?w=720&amp;ssl=1 720w, https:\/\/i0.wp.com\/genevieveetbernardauxameriques.fr\/wp-content\/uploads\/2017\/03\/DSCN9582.jpg?resize=300%2C225&amp;ssl=1 300w\" width=\"170\" height=\"128\" loading=\"lazy\" data-original-width=\"170\" data-original-height=\"128\" itemprop=\"http:\/\/schema.org\/image\" title=\"DSCN9582\" alt=\"DSCN9582\" style=\"width: 170px; height: 128px;\" \/> <\/a> <\/div> <div class=\"tiled-gallery-item tiled-gallery-item-small\" itemprop=\"associatedMedia\" itemscope itemtype=\"http:\/\/schema.org\/ImageObject\"> <a href=\"https:\/\/genevieveetbernardauxameriques.fr\/index.php\/2017\/04\/06\/colombie-2eme-article-la-route-du-cafe\/dscn9586\/\" border=\"0\" itemprop=\"url\"> <meta itemprop=\"width\" content=\"170\"> <meta itemprop=\"height\" content=\"128\"> <img decoding=\"async\" class=\"\" data-attachment-id=\"17428\" data-orig-file=\"https:\/\/genevieveetbernardauxameriques.fr\/wp-content\/uploads\/2017\/03\/DSCN9586.jpg\" data-orig-size=\"720,540\" data-comments-opened=\"1\" data-image-meta=\"{&quot;aperture&quot;:&quot;6.5&quot;,&quot;credit&quot;:&quot;&quot;,&quot;camera&quot;:&quot;COOLPIX P900&quot;,&quot;caption&quot;:&quot;&quot;,&quot;created_timestamp&quot;:&quot;1490631681&quot;,&quot;copyright&quot;:&quot;&quot;,&quot;focal_length&quot;:&quot;428.4&quot;,&quot;iso&quot;:&quot;200&quot;,&quot;shutter_speed&quot;:&quot;0.002&quot;,&quot;title&quot;:&quot;&quot;,&quot;orientation&quot;:&quot;1&quot;}\" data-image-title=\"DSCN9586\" data-image-description=\"\" data-medium-file=\"https:\/\/i0.wp.com\/genevieveetbernardauxameriques.fr\/wp-content\/uploads\/2017\/03\/DSCN9586.jpg?fit=300%2C225&#038;ssl=1\" data-large-file=\"https:\/\/i0.wp.com\/genevieveetbernardauxameriques.fr\/wp-content\/uploads\/2017\/03\/DSCN9586.jpg?fit=640%2C480&#038;ssl=1\" src=\"https:\/\/i0.wp.com\/genevieveetbernardauxameriques.fr\/wp-content\/uploads\/2017\/03\/DSCN9586.jpg?w=170&#038;h=128&#038;ssl=1\" srcset=\"https:\/\/i0.wp.com\/genevieveetbernardauxameriques.fr\/wp-content\/uploads\/2017\/03\/DSCN9586.jpg?w=720&amp;ssl=1 720w, https:\/\/i0.wp.com\/genevieveetbernardauxameriques.fr\/wp-content\/uploads\/2017\/03\/DSCN9586.jpg?resize=300%2C225&amp;ssl=1 300w\" width=\"170\" height=\"128\" loading=\"lazy\" data-original-width=\"170\" data-original-height=\"128\" itemprop=\"http:\/\/schema.org\/image\" title=\"DSCN9586\" alt=\"DSCN9586\" style=\"width: 170px; height: 128px;\" \/> <\/a> <\/div> <div class=\"tiled-gallery-item tiled-gallery-item-small\" itemprop=\"associatedMedia\" itemscope itemtype=\"http:\/\/schema.org\/ImageObject\"> <a href=\"https:\/\/genevieveetbernardauxameriques.fr\/index.php\/2017\/04\/06\/colombie-2eme-article-la-route-du-cafe\/dscn9590\/\" border=\"0\" itemprop=\"url\"> <meta itemprop=\"width\" content=\"170\"> <meta itemprop=\"height\" content=\"127\"> <img decoding=\"async\" class=\"\" data-attachment-id=\"17430\" data-orig-file=\"https:\/\/genevieveetbernardauxameriques.fr\/wp-content\/uploads\/2017\/03\/DSCN9590.jpg\" data-orig-size=\"720,540\" data-comments-opened=\"1\" data-image-meta=\"{&quot;aperture&quot;:&quot;6.5&quot;,&quot;credit&quot;:&quot;&quot;,&quot;camera&quot;:&quot;COOLPIX P900&quot;,&quot;caption&quot;:&quot;&quot;,&quot;created_timestamp&quot;:&quot;1490631750&quot;,&quot;copyright&quot;:&quot;&quot;,&quot;focal_length&quot;:&quot;428.4&quot;,&quot;iso&quot;:&quot;400&quot;,&quot;shutter_speed&quot;:&quot;0.003125&quot;,&quot;title&quot;:&quot;&quot;,&quot;orientation&quot;:&quot;1&quot;}\" data-image-title=\"DSCN9590\" data-image-description=\"\" data-medium-file=\"https:\/\/i0.wp.com\/genevieveetbernardauxameriques.fr\/wp-content\/uploads\/2017\/03\/DSCN9590.jpg?fit=300%2C225&#038;ssl=1\" data-large-file=\"https:\/\/i0.wp.com\/genevieveetbernardauxameriques.fr\/wp-content\/uploads\/2017\/03\/DSCN9590.jpg?fit=640%2C480&#038;ssl=1\" src=\"https:\/\/i0.wp.com\/genevieveetbernardauxameriques.fr\/wp-content\/uploads\/2017\/03\/DSCN9590.jpg?w=170&#038;h=127&#038;ssl=1\" srcset=\"https:\/\/i0.wp.com\/genevieveetbernardauxameriques.fr\/wp-content\/uploads\/2017\/03\/DSCN9590.jpg?w=720&amp;ssl=1 720w, https:\/\/i0.wp.com\/genevieveetbernardauxameriques.fr\/wp-content\/uploads\/2017\/03\/DSCN9590.jpg?resize=300%2C225&amp;ssl=1 300w\" width=\"170\" height=\"127\" loading=\"lazy\" data-original-width=\"170\" data-original-height=\"127\" itemprop=\"http:\/\/schema.org\/image\" title=\"DSCN9590\" alt=\"DSCN9590\" style=\"width: 170px; height: 127px;\" \/> <\/a> <\/div> <\/div> <!-- close group --> <div class=\"gallery-group images-3\" style=\"width: 233px; height: 527px;\" data-original-width=\"233\" data-original-height=\"527\" > <div class=\"tiled-gallery-item tiled-gallery-item-small\" itemprop=\"associatedMedia\" itemscope itemtype=\"http:\/\/schema.org\/ImageObject\"> <a href=\"https:\/\/genevieveetbernardauxameriques.fr\/index.php\/2017\/04\/06\/colombie-2eme-article-la-route-du-cafe\/dscn9594\/\" border=\"0\" itemprop=\"url\"> <meta itemprop=\"width\" content=\"229\"> <meta itemprop=\"height\" content=\"172\"> <img decoding=\"async\" class=\"\" data-attachment-id=\"17431\" data-orig-file=\"https:\/\/genevieveetbernardauxameriques.fr\/wp-content\/uploads\/2017\/03\/DSCN9594.jpg\" data-orig-size=\"720,540\" data-comments-opened=\"1\" data-image-meta=\"{&quot;aperture&quot;:&quot;6.5&quot;,&quot;credit&quot;:&quot;&quot;,&quot;camera&quot;:&quot;COOLPIX P900&quot;,&quot;caption&quot;:&quot;&quot;,&quot;created_timestamp&quot;:&quot;1490632005&quot;,&quot;copyright&quot;:&quot;&quot;,&quot;focal_length&quot;:&quot;357&quot;,&quot;iso&quot;:&quot;400&quot;,&quot;shutter_speed&quot;:&quot;0.0025&quot;,&quot;title&quot;:&quot;&quot;,&quot;orientation&quot;:&quot;1&quot;}\" data-image-title=\"DSCN9594\" data-image-description=\"\" data-medium-file=\"https:\/\/i0.wp.com\/genevieveetbernardauxameriques.fr\/wp-content\/uploads\/2017\/03\/DSCN9594.jpg?fit=300%2C225&#038;ssl=1\" data-large-file=\"https:\/\/i0.wp.com\/genevieveetbernardauxameriques.fr\/wp-content\/uploads\/2017\/03\/DSCN9594.jpg?fit=640%2C480&#038;ssl=1\" src=\"https:\/\/i0.wp.com\/genevieveetbernardauxameriques.fr\/wp-content\/uploads\/2017\/03\/DSCN9594.jpg?w=229&#038;h=172&#038;ssl=1\" srcset=\"https:\/\/i0.wp.com\/genevieveetbernardauxameriques.fr\/wp-content\/uploads\/2017\/03\/DSCN9594.jpg?w=720&amp;ssl=1 720w, https:\/\/i0.wp.com\/genevieveetbernardauxameriques.fr\/wp-content\/uploads\/2017\/03\/DSCN9594.jpg?resize=300%2C225&amp;ssl=1 300w\" width=\"229\" height=\"172\" loading=\"lazy\" data-original-width=\"229\" data-original-height=\"172\" itemprop=\"http:\/\/schema.org\/image\" title=\"DSCN9594\" alt=\"DSCN9594\" style=\"width: 229px; height: 172px;\" \/> <\/a> <\/div> <div class=\"tiled-gallery-item tiled-gallery-item-small\" itemprop=\"associatedMedia\" itemscope itemtype=\"http:\/\/schema.org\/ImageObject\"> <a href=\"https:\/\/genevieveetbernardauxameriques.fr\/index.php\/2017\/04\/06\/colombie-2eme-article-la-route-du-cafe\/dscn9604\/\" border=\"0\" itemprop=\"url\"> <meta itemprop=\"width\" content=\"229\"> <meta itemprop=\"height\" content=\"172\"> <img decoding=\"async\" class=\"\" data-attachment-id=\"17437\" data-orig-file=\"https:\/\/genevieveetbernardauxameriques.fr\/wp-content\/uploads\/2017\/03\/DSCN9604.jpg\" data-orig-size=\"720,540\" data-comments-opened=\"1\" data-image-meta=\"{&quot;aperture&quot;:&quot;6.3&quot;,&quot;credit&quot;:&quot;&quot;,&quot;camera&quot;:&quot;COOLPIX P900&quot;,&quot;caption&quot;:&quot;&quot;,&quot;created_timestamp&quot;:&quot;1490633144&quot;,&quot;copyright&quot;:&quot;&quot;,&quot;focal_length&quot;:&quot;250&quot;,&quot;iso&quot;:&quot;400&quot;,&quot;shutter_speed&quot;:&quot;0.00625&quot;,&quot;title&quot;:&quot;&quot;,&quot;orientation&quot;:&quot;1&quot;}\" data-image-title=\"DSCN9604\" data-image-description=\"\" data-medium-file=\"https:\/\/i0.wp.com\/genevieveetbernardauxameriques.fr\/wp-content\/uploads\/2017\/03\/DSCN9604.jpg?fit=300%2C225&#038;ssl=1\" data-large-file=\"https:\/\/i0.wp.com\/genevieveetbernardauxameriques.fr\/wp-content\/uploads\/2017\/03\/DSCN9604.jpg?fit=640%2C480&#038;ssl=1\" src=\"https:\/\/i0.wp.com\/genevieveetbernardauxameriques.fr\/wp-content\/uploads\/2017\/03\/DSCN9604.jpg?w=229&#038;h=172&#038;ssl=1\" srcset=\"https:\/\/i0.wp.com\/genevieveetbernardauxameriques.fr\/wp-content\/uploads\/2017\/03\/DSCN9604.jpg?w=720&amp;ssl=1 720w, https:\/\/i0.wp.com\/genevieveetbernardauxameriques.fr\/wp-content\/uploads\/2017\/03\/DSCN9604.jpg?resize=300%2C225&amp;ssl=1 300w\" width=\"229\" height=\"172\" loading=\"lazy\" data-original-width=\"229\" data-original-height=\"172\" itemprop=\"http:\/\/schema.org\/image\" title=\"DSCN9604\" alt=\"DSCN9604\" style=\"width: 229px; height: 172px;\" \/> <\/a> <\/div> <div class=\"tiled-gallery-item tiled-gallery-item-small\" itemprop=\"associatedMedia\" itemscope itemtype=\"http:\/\/schema.org\/ImageObject\"> <a href=\"https:\/\/genevieveetbernardauxameriques.fr\/index.php\/2017\/04\/06\/colombie-2eme-article-la-route-du-cafe\/dscn9605\/\" border=\"0\" itemprop=\"url\"> <meta itemprop=\"width\" content=\"229\"> <meta itemprop=\"height\" content=\"171\"> <img decoding=\"async\" class=\"\" data-attachment-id=\"17438\" data-orig-file=\"https:\/\/genevieveetbernardauxameriques.fr\/wp-content\/uploads\/2017\/03\/DSCN9605.jpg\" data-orig-size=\"720,540\" data-comments-opened=\"1\" data-image-meta=\"{&quot;aperture&quot;:&quot;6.3&quot;,&quot;credit&quot;:&quot;&quot;,&quot;camera&quot;:&quot;COOLPIX P900&quot;,&quot;caption&quot;:&quot;&quot;,&quot;created_timestamp&quot;:&quot;1490633146&quot;,&quot;copyright&quot;:&quot;&quot;,&quot;focal_length&quot;:&quot;250&quot;,&quot;iso&quot;:&quot;560&quot;,&quot;shutter_speed&quot;:&quot;0.008&quot;,&quot;title&quot;:&quot;&quot;,&quot;orientation&quot;:&quot;1&quot;}\" data-image-title=\"DSCN9605\" data-image-description=\"\" data-medium-file=\"https:\/\/i0.wp.com\/genevieveetbernardauxameriques.fr\/wp-content\/uploads\/2017\/03\/DSCN9605.jpg?fit=300%2C225&#038;ssl=1\" data-large-file=\"https:\/\/i0.wp.com\/genevieveetbernardauxameriques.fr\/wp-content\/uploads\/2017\/03\/DSCN9605.jpg?fit=640%2C480&#038;ssl=1\" src=\"https:\/\/i0.wp.com\/genevieveetbernardauxameriques.fr\/wp-content\/uploads\/2017\/03\/DSCN9605.jpg?w=229&#038;h=171&#038;ssl=1\" srcset=\"https:\/\/i0.wp.com\/genevieveetbernardauxameriques.fr\/wp-content\/uploads\/2017\/03\/DSCN9605.jpg?w=720&amp;ssl=1 720w, https:\/\/i0.wp.com\/genevieveetbernardauxameriques.fr\/wp-content\/uploads\/2017\/03\/DSCN9605.jpg?resize=300%2C225&amp;ssl=1 300w\" width=\"229\" height=\"171\" loading=\"lazy\" data-original-width=\"229\" data-original-height=\"171\" itemprop=\"http:\/\/schema.org\/image\" title=\"DSCN9605\" alt=\"DSCN9605\" style=\"width: 229px; height: 171px;\" \/> <\/a> <\/div> <\/div> <!-- close group --> <div class=\"gallery-group images-3\" style=\"width: 233px; height: 527px;\" data-original-width=\"233\" data-original-height=\"527\" > <div class=\"tiled-gallery-item tiled-gallery-item-small\" itemprop=\"associatedMedia\" itemscope itemtype=\"http:\/\/schema.org\/ImageObject\"> <a href=\"https:\/\/genevieveetbernardauxameriques.fr\/index.php\/2017\/04\/06\/colombie-2eme-article-la-route-du-cafe\/dscn9607\/\" border=\"0\" itemprop=\"url\"> <meta itemprop=\"width\" content=\"229\"> <meta itemprop=\"height\" content=\"172\"> <img decoding=\"async\" class=\"\" data-attachment-id=\"17439\" data-orig-file=\"https:\/\/genevieveetbernardauxameriques.fr\/wp-content\/uploads\/2017\/03\/DSCN9607.jpg\" data-orig-size=\"720,540\" data-comments-opened=\"1\" data-image-meta=\"{&quot;aperture&quot;:&quot;6.5&quot;,&quot;credit&quot;:&quot;&quot;,&quot;camera&quot;:&quot;COOLPIX P900&quot;,&quot;caption&quot;:&quot;&quot;,&quot;created_timestamp&quot;:&quot;1490633159&quot;,&quot;copyright&quot;:&quot;&quot;,&quot;focal_length&quot;:&quot;357&quot;,&quot;iso&quot;:&quot;450&quot;,&quot;shutter_speed&quot;:&quot;0.008&quot;,&quot;title&quot;:&quot;&quot;,&quot;orientation&quot;:&quot;1&quot;}\" data-image-title=\"DSCN9607\" data-image-description=\"\" data-medium-file=\"https:\/\/i0.wp.com\/genevieveetbernardauxameriques.fr\/wp-content\/uploads\/2017\/03\/DSCN9607.jpg?fit=300%2C225&#038;ssl=1\" data-large-file=\"https:\/\/i0.wp.com\/genevieveetbernardauxameriques.fr\/wp-content\/uploads\/2017\/03\/DSCN9607.jpg?fit=640%2C480&#038;ssl=1\" src=\"https:\/\/i0.wp.com\/genevieveetbernardauxameriques.fr\/wp-content\/uploads\/2017\/03\/DSCN9607.jpg?w=229&#038;h=172&#038;ssl=1\" srcset=\"https:\/\/i0.wp.com\/genevieveetbernardauxameriques.fr\/wp-content\/uploads\/2017\/03\/DSCN9607.jpg?w=720&amp;ssl=1 720w, https:\/\/i0.wp.com\/genevieveetbernardauxameriques.fr\/wp-content\/uploads\/2017\/03\/DSCN9607.jpg?resize=300%2C225&amp;ssl=1 300w\" width=\"229\" height=\"172\" loading=\"lazy\" data-original-width=\"229\" data-original-height=\"172\" itemprop=\"http:\/\/schema.org\/image\" title=\"DSCN9607\" alt=\"DSCN9607\" style=\"width: 229px; height: 172px;\" \/> <\/a> <\/div> <div class=\"tiled-gallery-item tiled-gallery-item-small\" itemprop=\"associatedMedia\" itemscope itemtype=\"http:\/\/schema.org\/ImageObject\"> <a href=\"https:\/\/genevieveetbernardauxameriques.fr\/index.php\/2017\/04\/06\/colombie-2eme-article-la-route-du-cafe\/dscn9610\/\" border=\"0\" itemprop=\"url\"> <meta itemprop=\"width\" content=\"229\"> <meta itemprop=\"height\" content=\"172\"> <img decoding=\"async\" class=\"\" data-attachment-id=\"17441\" data-orig-file=\"https:\/\/genevieveetbernardauxameriques.fr\/wp-content\/uploads\/2017\/03\/DSCN9610.jpg\" data-orig-size=\"720,540\" data-comments-opened=\"1\" data-image-meta=\"{&quot;aperture&quot;:&quot;6.5&quot;,&quot;credit&quot;:&quot;&quot;,&quot;camera&quot;:&quot;COOLPIX P900&quot;,&quot;caption&quot;:&quot;&quot;,&quot;created_timestamp&quot;:&quot;1490633259&quot;,&quot;copyright&quot;:&quot;&quot;,&quot;focal_length&quot;:&quot;357&quot;,&quot;iso&quot;:&quot;720&quot;,&quot;shutter_speed&quot;:&quot;0.008&quot;,&quot;title&quot;:&quot;&quot;,&quot;orientation&quot;:&quot;1&quot;}\" data-image-title=\"DSCN9610\" data-image-description=\"\" data-medium-file=\"https:\/\/i0.wp.com\/genevieveetbernardauxameriques.fr\/wp-content\/uploads\/2017\/03\/DSCN9610.jpg?fit=300%2C225&#038;ssl=1\" data-large-file=\"https:\/\/i0.wp.com\/genevieveetbernardauxameriques.fr\/wp-content\/uploads\/2017\/03\/DSCN9610.jpg?fit=640%2C480&#038;ssl=1\" src=\"https:\/\/i0.wp.com\/genevieveetbernardauxameriques.fr\/wp-content\/uploads\/2017\/03\/DSCN9610.jpg?w=229&#038;h=172&#038;ssl=1\" srcset=\"https:\/\/i0.wp.com\/genevieveetbernardauxameriques.fr\/wp-content\/uploads\/2017\/03\/DSCN9610.jpg?w=720&amp;ssl=1 720w, https:\/\/i0.wp.com\/genevieveetbernardauxameriques.fr\/wp-content\/uploads\/2017\/03\/DSCN9610.jpg?resize=300%2C225&amp;ssl=1 300w\" width=\"229\" height=\"172\" loading=\"lazy\" data-original-width=\"229\" data-original-height=\"172\" itemprop=\"http:\/\/schema.org\/image\" title=\"DSCN9610\" alt=\"DSCN9610\" style=\"width: 229px; height: 172px;\" \/> <\/a> <\/div> <div class=\"tiled-gallery-item tiled-gallery-item-small\" itemprop=\"associatedMedia\" itemscope itemtype=\"http:\/\/schema.org\/ImageObject\"> <a href=\"https:\/\/genevieveetbernardauxameriques.fr\/index.php\/2017\/04\/06\/colombie-2eme-article-la-route-du-cafe\/dscn9603\/\" border=\"0\" itemprop=\"url\"> <meta itemprop=\"width\" content=\"229\"> <meta itemprop=\"height\" content=\"171\"> <img decoding=\"async\" class=\"\" data-attachment-id=\"17436\" data-orig-file=\"https:\/\/genevieveetbernardauxameriques.fr\/wp-content\/uploads\/2017\/03\/DSCN9603.jpg\" data-orig-size=\"720,540\" data-comments-opened=\"1\" data-image-meta=\"{&quot;aperture&quot;:&quot;6.5&quot;,&quot;credit&quot;:&quot;&quot;,&quot;camera&quot;:&quot;COOLPIX P900&quot;,&quot;caption&quot;:&quot;&quot;,&quot;created_timestamp&quot;:&quot;1490632730&quot;,&quot;copyright&quot;:&quot;&quot;,&quot;focal_length&quot;:&quot;357&quot;,&quot;iso&quot;:&quot;140&quot;,&quot;shutter_speed&quot;:&quot;0.002&quot;,&quot;title&quot;:&quot;&quot;,&quot;orientation&quot;:&quot;1&quot;}\" data-image-title=\"DSCN9603\" data-image-description=\"\" data-medium-file=\"https:\/\/i0.wp.com\/genevieveetbernardauxameriques.fr\/wp-content\/uploads\/2017\/03\/DSCN9603.jpg?fit=300%2C225&#038;ssl=1\" data-large-file=\"https:\/\/i0.wp.com\/genevieveetbernardauxameriques.fr\/wp-content\/uploads\/2017\/03\/DSCN9603.jpg?fit=640%2C480&#038;ssl=1\" src=\"https:\/\/i0.wp.com\/genevieveetbernardauxameriques.fr\/wp-content\/uploads\/2017\/03\/DSCN9603.jpg?w=229&#038;h=171&#038;ssl=1\" srcset=\"https:\/\/i0.wp.com\/genevieveetbernardauxameriques.fr\/wp-content\/uploads\/2017\/03\/DSCN9603.jpg?w=720&amp;ssl=1 720w, https:\/\/i0.wp.com\/genevieveetbernardauxameriques.fr\/wp-content\/uploads\/2017\/03\/DSCN9603.jpg?resize=300%2C225&amp;ssl=1 300w\" width=\"229\" height=\"171\" loading=\"lazy\" data-original-width=\"229\" data-original-height=\"171\" itemprop=\"http:\/\/schema.org\/image\" title=\"DSCN9603\" alt=\"DSCN9603\" style=\"width: 229px; height: 171px;\" \/> <\/a> <\/div> <\/div> <!-- close group --> <\/div> <!-- close row --> <\/div>\n<p><a href=\"https:\/\/i0.wp.com\/genevieveetbernardauxameriques.fr\/wp-content\/uploads\/2017\/04\/DSCN9652.jpg?ssl=1\"><img loading=\"lazy\" decoding=\"async\" data-attachment-id=\"17601\" data-permalink=\"https:\/\/genevieveetbernardauxameriques.fr\/index.php\/2017\/04\/06\/colombie-2eme-article-la-route-du-cafe\/dscn9652\/\" data-orig-file=\"https:\/\/i0.wp.com\/genevieveetbernardauxameriques.fr\/wp-content\/uploads\/2017\/04\/DSCN9652.jpg?fit=720%2C540&amp;ssl=1\" data-orig-size=\"720,540\" data-comments-opened=\"1\" data-image-meta=\"{&quot;aperture&quot;:&quot;4&quot;,&quot;credit&quot;:&quot;&quot;,&quot;camera&quot;:&quot;COOLPIX P900&quot;,&quot;caption&quot;:&quot;&quot;,&quot;created_timestamp&quot;:&quot;1490651877&quot;,&quot;copyright&quot;:&quot;&quot;,&quot;focal_length&quot;:&quot;17&quot;,&quot;iso&quot;:&quot;100&quot;,&quot;shutter_speed&quot;:&quot;0.0125&quot;,&quot;title&quot;:&quot;&quot;,&quot;orientation&quot;:&quot;1&quot;}\" data-image-title=\"DSCN9652\" data-image-description=\"\" data-image-caption=\"\" data-medium-file=\"https:\/\/i0.wp.com\/genevieveetbernardauxameriques.fr\/wp-content\/uploads\/2017\/04\/DSCN9652.jpg?fit=300%2C225&amp;ssl=1\" data-large-file=\"https:\/\/i0.wp.com\/genevieveetbernardauxameriques.fr\/wp-content\/uploads\/2017\/04\/DSCN9652.jpg?fit=640%2C480&amp;ssl=1\" class=\"alignnone size-full wp-image-17601\" src=\"https:\/\/i0.wp.com\/genevieveetbernardauxameriques.fr\/wp-content\/uploads\/2017\/04\/DSCN9652.jpg?resize=640%2C480&#038;ssl=1\" alt=\"\" width=\"640\" height=\"480\" srcset=\"https:\/\/i0.wp.com\/genevieveetbernardauxameriques.fr\/wp-content\/uploads\/2017\/04\/DSCN9652.jpg?w=720&amp;ssl=1 720w, https:\/\/i0.wp.com\/genevieveetbernardauxameriques.fr\/wp-content\/uploads\/2017\/04\/DSCN9652.jpg?resize=300%2C225&amp;ssl=1 300w\" sizes=\"(max-width: 640px) 100vw, 640px\" data-recalc-dims=\"1\" \/><\/a> <a href=\"https:\/\/i0.wp.com\/genevieveetbernardauxameriques.fr\/wp-content\/uploads\/2017\/04\/DSCN9648.jpg?ssl=1\"><img loading=\"lazy\" decoding=\"async\" data-attachment-id=\"17599\" data-permalink=\"https:\/\/genevieveetbernardauxameriques.fr\/index.php\/2017\/04\/06\/colombie-2eme-article-la-route-du-cafe\/dscn9648\/\" data-orig-file=\"https:\/\/i0.wp.com\/genevieveetbernardauxameriques.fr\/wp-content\/uploads\/2017\/04\/DSCN9648.jpg?fit=720%2C540&amp;ssl=1\" data-orig-size=\"720,540\" data-comments-opened=\"1\" data-image-meta=\"{&quot;aperture&quot;:&quot;5&quot;,&quot;credit&quot;:&quot;&quot;,&quot;camera&quot;:&quot;COOLPIX P900&quot;,&quot;caption&quot;:&quot;&quot;,&quot;created_timestamp&quot;:&quot;1490643350&quot;,&quot;copyright&quot;:&quot;&quot;,&quot;focal_length&quot;:&quot;89.2&quot;,&quot;iso&quot;:&quot;100&quot;,&quot;shutter_speed&quot;:&quot;0.0025&quot;,&quot;title&quot;:&quot;&quot;,&quot;orientation&quot;:&quot;1&quot;}\" data-image-title=\"DSCN9648\" data-image-description=\"\" data-image-caption=\"\" data-medium-file=\"https:\/\/i0.wp.com\/genevieveetbernardauxameriques.fr\/wp-content\/uploads\/2017\/04\/DSCN9648.jpg?fit=300%2C225&amp;ssl=1\" data-large-file=\"https:\/\/i0.wp.com\/genevieveetbernardauxameriques.fr\/wp-content\/uploads\/2017\/04\/DSCN9648.jpg?fit=640%2C480&amp;ssl=1\" class=\"alignnone size-full wp-image-17599\" src=\"https:\/\/i0.wp.com\/genevieveetbernardauxameriques.fr\/wp-content\/uploads\/2017\/04\/DSCN9648.jpg?resize=640%2C480&#038;ssl=1\" alt=\"\" width=\"640\" height=\"480\" srcset=\"https:\/\/i0.wp.com\/genevieveetbernardauxameriques.fr\/wp-content\/uploads\/2017\/04\/DSCN9648.jpg?w=720&amp;ssl=1 720w, https:\/\/i0.wp.com\/genevieveetbernardauxameriques.fr\/wp-content\/uploads\/2017\/04\/DSCN9648.jpg?resize=300%2C225&amp;ssl=1 300w\" sizes=\"(max-width: 640px) 100vw, 640px\" data-recalc-dims=\"1\" \/><\/a><img loading=\"lazy\" decoding=\"async\" data-attachment-id=\"17257\" data-permalink=\"https:\/\/genevieveetbernardauxameriques.fr\/index.php\/2017\/04\/06\/colombie-2eme-article-la-route-du-cafe\/dscn9317\/\" data-orig-file=\"https:\/\/i0.wp.com\/genevieveetbernardauxameriques.fr\/wp-content\/uploads\/2017\/03\/DSCN9317.jpg?fit=720%2C540&amp;ssl=1\" data-orig-size=\"720,540\" data-comments-opened=\"1\" data-image-meta=\"{&quot;aperture&quot;:&quot;4.5&quot;,&quot;credit&quot;:&quot;&quot;,&quot;camera&quot;:&quot;COOLPIX P900&quot;,&quot;caption&quot;:&quot;&quot;,&quot;created_timestamp&quot;:&quot;1490383683&quot;,&quot;copyright&quot;:&quot;&quot;,&quot;focal_length&quot;:&quot;35.7&quot;,&quot;iso&quot;:&quot;160&quot;,&quot;shutter_speed&quot;:&quot;0.016666666666667&quot;,&quot;title&quot;:&quot;&quot;,&quot;orientation&quot;:&quot;1&quot;}\" data-image-title=\"DSCN9317\" data-image-description=\"\" data-image-caption=\"\" data-medium-file=\"https:\/\/i0.wp.com\/genevieveetbernardauxameriques.fr\/wp-content\/uploads\/2017\/03\/DSCN9317.jpg?fit=300%2C225&amp;ssl=1\" data-large-file=\"https:\/\/i0.wp.com\/genevieveetbernardauxameriques.fr\/wp-content\/uploads\/2017\/03\/DSCN9317.jpg?fit=640%2C480&amp;ssl=1\" class=\"alignnone size-full wp-image-17257\" src=\"https:\/\/i0.wp.com\/genevieveetbernardauxameriques.fr\/wp-content\/uploads\/2017\/03\/DSCN9317.jpg?resize=640%2C480&#038;ssl=1\" alt=\"\" width=\"640\" height=\"480\" srcset=\"https:\/\/i0.wp.com\/genevieveetbernardauxameriques.fr\/wp-content\/uploads\/2017\/03\/DSCN9317.jpg?w=720&amp;ssl=1 720w, https:\/\/i0.wp.com\/genevieveetbernardauxameriques.fr\/wp-content\/uploads\/2017\/03\/DSCN9317.jpg?resize=300%2C225&amp;ssl=1 300w\" sizes=\"(max-width: 640px) 100vw, 640px\" data-recalc-dims=\"1\" \/><\/p>\n<p><img loading=\"lazy\" decoding=\"async\" data-attachment-id=\"17468\" data-permalink=\"https:\/\/genevieveetbernardauxameriques.fr\/index.php\/2017\/04\/06\/colombie-2eme-article-la-route-du-cafe\/dscn9641\/\" data-orig-file=\"https:\/\/i0.wp.com\/genevieveetbernardauxameriques.fr\/wp-content\/uploads\/2017\/03\/DSCN9641.jpg?fit=720%2C540&amp;ssl=1\" data-orig-size=\"720,540\" data-comments-opened=\"1\" data-image-meta=\"{&quot;aperture&quot;:&quot;2.8&quot;,&quot;credit&quot;:&quot;&quot;,&quot;camera&quot;:&quot;COOLPIX P900&quot;,&quot;caption&quot;:&quot;&quot;,&quot;created_timestamp&quot;:&quot;1490642850&quot;,&quot;copyright&quot;:&quot;&quot;,&quot;focal_length&quot;:&quot;4.3&quot;,&quot;iso&quot;:&quot;100&quot;,&quot;shutter_speed&quot;:&quot;0.001&quot;,&quot;title&quot;:&quot;&quot;,&quot;orientation&quot;:&quot;1&quot;}\" data-image-title=\"DSCN9641\" data-image-description=\"\" data-image-caption=\"\" data-medium-file=\"https:\/\/i0.wp.com\/genevieveetbernardauxameriques.fr\/wp-content\/uploads\/2017\/03\/DSCN9641.jpg?fit=300%2C225&amp;ssl=1\" data-large-file=\"https:\/\/i0.wp.com\/genevieveetbernardauxameriques.fr\/wp-content\/uploads\/2017\/03\/DSCN9641.jpg?fit=640%2C480&amp;ssl=1\" class=\"alignnone size-full wp-image-17468\" src=\"https:\/\/i0.wp.com\/genevieveetbernardauxameriques.fr\/wp-content\/uploads\/2017\/03\/DSCN9641.jpg?resize=640%2C480&#038;ssl=1\" alt=\"\" width=\"640\" height=\"480\" srcset=\"https:\/\/i0.wp.com\/genevieveetbernardauxameriques.fr\/wp-content\/uploads\/2017\/03\/DSCN9641.jpg?w=720&amp;ssl=1 720w, https:\/\/i0.wp.com\/genevieveetbernardauxameriques.fr\/wp-content\/uploads\/2017\/03\/DSCN9641.jpg?resize=300%2C225&amp;ssl=1 300w\" sizes=\"(max-width: 640px) 100vw, 640px\" data-recalc-dims=\"1\" \/><\/p>\n<p><img loading=\"lazy\" decoding=\"async\" data-attachment-id=\"17757\" data-permalink=\"https:\/\/genevieveetbernardauxameriques.fr\/index.php\/2017\/04\/06\/colombie-2eme-article-la-route-du-cafe\/img_20170327_142835\/\" data-orig-file=\"https:\/\/i0.wp.com\/genevieveetbernardauxameriques.fr\/wp-content\/uploads\/2017\/04\/IMG_20170327_142835.jpg?fit=720%2C540&amp;ssl=1\" data-orig-size=\"720,540\" data-comments-opened=\"1\" data-image-meta=\"{&quot;aperture&quot;:&quot;0&quot;,&quot;credit&quot;:&quot;&quot;,&quot;camera&quot;:&quot;Lenovo YT3-X50F&quot;,&quot;caption&quot;:&quot;&quot;,&quot;created_timestamp&quot;:&quot;1490624915&quot;,&quot;copyright&quot;:&quot;&quot;,&quot;focal_length&quot;:&quot;3.85&quot;,&quot;iso&quot;:&quot;100&quot;,&quot;shutter_speed&quot;:&quot;0.0019011406844106&quot;,&quot;title&quot;:&quot;&quot;,&quot;orientation&quot;:&quot;0&quot;}\" data-image-title=\"IMG_20170327_142835\" data-image-description=\"\" data-image-caption=\"\" data-medium-file=\"https:\/\/i0.wp.com\/genevieveetbernardauxameriques.fr\/wp-content\/uploads\/2017\/04\/IMG_20170327_142835.jpg?fit=300%2C225&amp;ssl=1\" data-large-file=\"https:\/\/i0.wp.com\/genevieveetbernardauxameriques.fr\/wp-content\/uploads\/2017\/04\/IMG_20170327_142835.jpg?fit=640%2C480&amp;ssl=1\" class=\"alignnone size-full wp-image-17757\" src=\"https:\/\/i0.wp.com\/genevieveetbernardauxameriques.fr\/wp-content\/uploads\/2017\/04\/IMG_20170327_142835.jpg?resize=640%2C480&#038;ssl=1\" alt=\"\" width=\"640\" height=\"480\" srcset=\"https:\/\/i0.wp.com\/genevieveetbernardauxameriques.fr\/wp-content\/uploads\/2017\/04\/IMG_20170327_142835.jpg?w=720&amp;ssl=1 720w, https:\/\/i0.wp.com\/genevieveetbernardauxameriques.fr\/wp-content\/uploads\/2017\/04\/IMG_20170327_142835.jpg?resize=300%2C225&amp;ssl=1 300w\" sizes=\"(max-width: 640px) 100vw, 640px\" data-recalc-dims=\"1\" \/> <img loading=\"lazy\" decoding=\"async\" class=\"alignnone size-full wp-image-17758\" src=\"https:\/\/i0.wp.com\/genevieveetbernardauxameriques.fr\/wp-content\/uploads\/2017\/04\/IMG_20170327_142840.jpg?resize=640%2C480&#038;ssl=1\" alt=\"\" width=\"640\" height=\"480\" data-recalc-dims=\"1\" \/><\/p>\n<p>Nous prenons notre repas avec le couple qui \u00e9tait avec nous, nous mangeons une pi\u00e8ce de boeuf excellente, c&rsquo;est m\u00eame la 1\u00e8re fois depuis un bon bout de temps que nous n&rsquo;en avions pas mang\u00e9 d&rsquo;aussi bonne, et ceci avec un service excellent.<\/p>\n<p><a href=\"https:\/\/i0.wp.com\/genevieveetbernardauxameriques.fr\/wp-content\/uploads\/2017\/04\/DSCN9649.jpg?ssl=1\"><img loading=\"lazy\" decoding=\"async\" data-attachment-id=\"17600\" data-permalink=\"https:\/\/genevieveetbernardauxameriques.fr\/index.php\/2017\/04\/06\/colombie-2eme-article-la-route-du-cafe\/dscn9649\/\" data-orig-file=\"https:\/\/i0.wp.com\/genevieveetbernardauxameriques.fr\/wp-content\/uploads\/2017\/04\/DSCN9649.jpg?fit=720%2C540&amp;ssl=1\" data-orig-size=\"720,540\" data-comments-opened=\"1\" data-image-meta=\"{&quot;aperture&quot;:&quot;2.8&quot;,&quot;credit&quot;:&quot;&quot;,&quot;camera&quot;:&quot;COOLPIX P900&quot;,&quot;caption&quot;:&quot;&quot;,&quot;created_timestamp&quot;:&quot;1490645482&quot;,&quot;copyright&quot;:&quot;&quot;,&quot;focal_length&quot;:&quot;4.3&quot;,&quot;iso&quot;:&quot;100&quot;,&quot;shutter_speed&quot;:&quot;0.001&quot;,&quot;title&quot;:&quot;&quot;,&quot;orientation&quot;:&quot;1&quot;}\" data-image-title=\"DSCN9649\" data-image-description=\"\" data-image-caption=\"\" data-medium-file=\"https:\/\/i0.wp.com\/genevieveetbernardauxameriques.fr\/wp-content\/uploads\/2017\/04\/DSCN9649.jpg?fit=300%2C225&amp;ssl=1\" data-large-file=\"https:\/\/i0.wp.com\/genevieveetbernardauxameriques.fr\/wp-content\/uploads\/2017\/04\/DSCN9649.jpg?fit=640%2C480&amp;ssl=1\" class=\"alignnone size-full wp-image-17600\" src=\"https:\/\/i0.wp.com\/genevieveetbernardauxameriques.fr\/wp-content\/uploads\/2017\/04\/DSCN9649.jpg?resize=640%2C480&#038;ssl=1\" alt=\"\" width=\"640\" height=\"480\" srcset=\"https:\/\/i0.wp.com\/genevieveetbernardauxameriques.fr\/wp-content\/uploads\/2017\/04\/DSCN9649.jpg?w=720&amp;ssl=1 720w, https:\/\/i0.wp.com\/genevieveetbernardauxameriques.fr\/wp-content\/uploads\/2017\/04\/DSCN9649.jpg?resize=300%2C225&amp;ssl=1 300w\" sizes=\"(max-width: 640px) 100vw, 640px\" data-recalc-dims=\"1\" \/><\/a><\/p>\n<p>Les habitations des employ\u00e9s de la plantation<\/p>\n<p><a href=\"https:\/\/i0.wp.com\/genevieveetbernardauxameriques.fr\/wp-content\/uploads\/2017\/03\/DSCN9639.jpg?ssl=1\"><img loading=\"lazy\" decoding=\"async\" data-attachment-id=\"17466\" data-permalink=\"https:\/\/genevieveetbernardauxameriques.fr\/index.php\/2017\/04\/06\/colombie-2eme-article-la-route-du-cafe\/dscn9639\/\" data-orig-file=\"https:\/\/i0.wp.com\/genevieveetbernardauxameriques.fr\/wp-content\/uploads\/2017\/03\/DSCN9639.jpg?fit=720%2C540&amp;ssl=1\" data-orig-size=\"720,540\" data-comments-opened=\"1\" data-image-meta=\"{&quot;aperture&quot;:&quot;2.8&quot;,&quot;credit&quot;:&quot;&quot;,&quot;camera&quot;:&quot;COOLPIX P900&quot;,&quot;caption&quot;:&quot;&quot;,&quot;created_timestamp&quot;:&quot;1490642683&quot;,&quot;copyright&quot;:&quot;&quot;,&quot;focal_length&quot;:&quot;4.3&quot;,&quot;iso&quot;:&quot;100&quot;,&quot;shutter_speed&quot;:&quot;0.008&quot;,&quot;title&quot;:&quot;&quot;,&quot;orientation&quot;:&quot;1&quot;}\" data-image-title=\"DSCN9639\" data-image-description=\"\" data-image-caption=\"\" data-medium-file=\"https:\/\/i0.wp.com\/genevieveetbernardauxameriques.fr\/wp-content\/uploads\/2017\/03\/DSCN9639.jpg?fit=300%2C225&amp;ssl=1\" data-large-file=\"https:\/\/i0.wp.com\/genevieveetbernardauxameriques.fr\/wp-content\/uploads\/2017\/03\/DSCN9639.jpg?fit=640%2C480&amp;ssl=1\" class=\"alignnone size-full wp-image-17466\" src=\"https:\/\/i0.wp.com\/genevieveetbernardauxameriques.fr\/wp-content\/uploads\/2017\/03\/DSCN9639.jpg?resize=640%2C480&#038;ssl=1\" alt=\"\" width=\"640\" height=\"480\" srcset=\"https:\/\/i0.wp.com\/genevieveetbernardauxameriques.fr\/wp-content\/uploads\/2017\/03\/DSCN9639.jpg?w=720&amp;ssl=1 720w, https:\/\/i0.wp.com\/genevieveetbernardauxameriques.fr\/wp-content\/uploads\/2017\/03\/DSCN9639.jpg?resize=300%2C225&amp;ssl=1 300w\" sizes=\"(max-width: 640px) 100vw, 640px\" data-recalc-dims=\"1\" \/><\/a> <a href=\"https:\/\/i0.wp.com\/genevieveetbernardauxameriques.fr\/wp-content\/uploads\/2017\/03\/DSCN9640.jpg?ssl=1\"><img loading=\"lazy\" decoding=\"async\" data-attachment-id=\"17467\" data-permalink=\"https:\/\/genevieveetbernardauxameriques.fr\/index.php\/2017\/04\/06\/colombie-2eme-article-la-route-du-cafe\/dscn9640\/\" data-orig-file=\"https:\/\/i0.wp.com\/genevieveetbernardauxameriques.fr\/wp-content\/uploads\/2017\/03\/DSCN9640.jpg?fit=720%2C540&amp;ssl=1\" data-orig-size=\"720,540\" data-comments-opened=\"1\" data-image-meta=\"{&quot;aperture&quot;:&quot;2.8&quot;,&quot;credit&quot;:&quot;&quot;,&quot;camera&quot;:&quot;COOLPIX P900&quot;,&quot;caption&quot;:&quot;&quot;,&quot;created_timestamp&quot;:&quot;1490642844&quot;,&quot;copyright&quot;:&quot;&quot;,&quot;focal_length&quot;:&quot;4.3&quot;,&quot;iso&quot;:&quot;100&quot;,&quot;shutter_speed&quot;:&quot;0.00125&quot;,&quot;title&quot;:&quot;&quot;,&quot;orientation&quot;:&quot;1&quot;}\" data-image-title=\"DSCN9640\" data-image-description=\"\" data-image-caption=\"\" data-medium-file=\"https:\/\/i0.wp.com\/genevieveetbernardauxameriques.fr\/wp-content\/uploads\/2017\/03\/DSCN9640.jpg?fit=300%2C225&amp;ssl=1\" data-large-file=\"https:\/\/i0.wp.com\/genevieveetbernardauxameriques.fr\/wp-content\/uploads\/2017\/03\/DSCN9640.jpg?fit=640%2C480&amp;ssl=1\" class=\"alignnone size-full wp-image-17467\" src=\"https:\/\/i0.wp.com\/genevieveetbernardauxameriques.fr\/wp-content\/uploads\/2017\/03\/DSCN9640.jpg?resize=640%2C480&#038;ssl=1\" alt=\"\" width=\"640\" height=\"480\" srcset=\"https:\/\/i0.wp.com\/genevieveetbernardauxameriques.fr\/wp-content\/uploads\/2017\/03\/DSCN9640.jpg?w=720&amp;ssl=1 720w, https:\/\/i0.wp.com\/genevieveetbernardauxameriques.fr\/wp-content\/uploads\/2017\/03\/DSCN9640.jpg?resize=300%2C225&amp;ssl=1 300w\" sizes=\"(max-width: 640px) 100vw, 640px\" data-recalc-dims=\"1\" \/><\/a> <a href=\"https:\/\/i0.wp.com\/genevieveetbernardauxameriques.fr\/wp-content\/uploads\/2017\/03\/DSCN9654.jpg?ssl=1\"><img loading=\"lazy\" decoding=\"async\" data-attachment-id=\"17472\" data-permalink=\"https:\/\/genevieveetbernardauxameriques.fr\/index.php\/2017\/04\/06\/colombie-2eme-article-la-route-du-cafe\/dscn9654\/\" data-orig-file=\"https:\/\/i0.wp.com\/genevieveetbernardauxameriques.fr\/wp-content\/uploads\/2017\/03\/DSCN9654.jpg?fit=720%2C540&amp;ssl=1\" data-orig-size=\"720,540\" data-comments-opened=\"1\" data-image-meta=\"{&quot;aperture&quot;:&quot;3.2&quot;,&quot;credit&quot;:&quot;&quot;,&quot;camera&quot;:&quot;COOLPIX P900&quot;,&quot;caption&quot;:&quot;&quot;,&quot;created_timestamp&quot;:&quot;1490652000&quot;,&quot;copyright&quot;:&quot;&quot;,&quot;focal_length&quot;:&quot;7.7&quot;,&quot;iso&quot;:&quot;100&quot;,&quot;shutter_speed&quot;:&quot;0.000625&quot;,&quot;title&quot;:&quot;&quot;,&quot;orientation&quot;:&quot;1&quot;}\" data-image-title=\"DSCN9654\" data-image-description=\"\" data-image-caption=\"\" data-medium-file=\"https:\/\/i0.wp.com\/genevieveetbernardauxameriques.fr\/wp-content\/uploads\/2017\/03\/DSCN9654.jpg?fit=300%2C225&amp;ssl=1\" data-large-file=\"https:\/\/i0.wp.com\/genevieveetbernardauxameriques.fr\/wp-content\/uploads\/2017\/03\/DSCN9654.jpg?fit=640%2C480&amp;ssl=1\" class=\"alignnone size-full wp-image-17472\" src=\"https:\/\/i0.wp.com\/genevieveetbernardauxameriques.fr\/wp-content\/uploads\/2017\/03\/DSCN9654.jpg?resize=640%2C480&#038;ssl=1\" alt=\"\" width=\"640\" height=\"480\" srcset=\"https:\/\/i0.wp.com\/genevieveetbernardauxameriques.fr\/wp-content\/uploads\/2017\/03\/DSCN9654.jpg?w=720&amp;ssl=1 720w, https:\/\/i0.wp.com\/genevieveetbernardauxameriques.fr\/wp-content\/uploads\/2017\/03\/DSCN9654.jpg?resize=300%2C225&amp;ssl=1 300w\" sizes=\"(max-width: 640px) 100vw, 640px\" data-recalc-dims=\"1\" \/><\/a><\/p>\n<p>Ensuite un petit plongeon dans la piscine et nous reprendrons la route vers 15 h<\/p>\n<p><a href=\"https:\/\/i0.wp.com\/genevieveetbernardauxameriques.fr\/wp-content\/uploads\/2017\/04\/IMG_20170327_142649.jpg?ssl=1\"><img loading=\"lazy\" decoding=\"async\" data-attachment-id=\"17756\" data-permalink=\"https:\/\/genevieveetbernardauxameriques.fr\/index.php\/2017\/04\/06\/colombie-2eme-article-la-route-du-cafe\/img_20170327_142649\/\" data-orig-file=\"https:\/\/i0.wp.com\/genevieveetbernardauxameriques.fr\/wp-content\/uploads\/2017\/04\/IMG_20170327_142649.jpg?fit=720%2C540&amp;ssl=1\" data-orig-size=\"720,540\" data-comments-opened=\"1\" data-image-meta=\"{&quot;aperture&quot;:&quot;0&quot;,&quot;credit&quot;:&quot;&quot;,&quot;camera&quot;:&quot;Lenovo YT3-X50F&quot;,&quot;caption&quot;:&quot;&quot;,&quot;created_timestamp&quot;:&quot;1490624810&quot;,&quot;copyright&quot;:&quot;&quot;,&quot;focal_length&quot;:&quot;3.85&quot;,&quot;iso&quot;:&quot;103&quot;,&quot;shutter_speed&quot;:&quot;0.00032701111837802&quot;,&quot;title&quot;:&quot;&quot;,&quot;orientation&quot;:&quot;0&quot;}\" data-image-title=\"IMG_20170327_142649\" data-image-description=\"\" data-image-caption=\"\" data-medium-file=\"https:\/\/i0.wp.com\/genevieveetbernardauxameriques.fr\/wp-content\/uploads\/2017\/04\/IMG_20170327_142649.jpg?fit=300%2C225&amp;ssl=1\" data-large-file=\"https:\/\/i0.wp.com\/genevieveetbernardauxameriques.fr\/wp-content\/uploads\/2017\/04\/IMG_20170327_142649.jpg?fit=640%2C480&amp;ssl=1\" class=\"alignnone size-full wp-image-17756\" src=\"https:\/\/i0.wp.com\/genevieveetbernardauxameriques.fr\/wp-content\/uploads\/2017\/04\/IMG_20170327_142649.jpg?resize=640%2C480&#038;ssl=1\" alt=\"\" width=\"640\" height=\"480\" srcset=\"https:\/\/i0.wp.com\/genevieveetbernardauxameriques.fr\/wp-content\/uploads\/2017\/04\/IMG_20170327_142649.jpg?w=720&amp;ssl=1 720w, https:\/\/i0.wp.com\/genevieveetbernardauxameriques.fr\/wp-content\/uploads\/2017\/04\/IMG_20170327_142649.jpg?resize=300%2C225&amp;ssl=1 300w\" sizes=\"(max-width: 640px) 100vw, 640px\" data-recalc-dims=\"1\" \/><\/a><a href=\"https:\/\/genevieveetbernardauxameriques.fr\/wp-content\/uploads\/2017\/04\/IMG_20170327_142835.jpg\"><img loading=\"lazy\" decoding=\"async\" data-attachment-id=\"17757\" data-permalink=\"https:\/\/genevieveetbernardauxameriques.fr\/index.php\/2017\/04\/06\/colombie-2eme-article-la-route-du-cafe\/img_20170327_142835\/\" data-orig-file=\"https:\/\/i0.wp.com\/genevieveetbernardauxameriques.fr\/wp-content\/uploads\/2017\/04\/IMG_20170327_142835.jpg?fit=720%2C540&amp;ssl=1\" data-orig-size=\"720,540\" data-comments-opened=\"1\" data-image-meta=\"{&quot;aperture&quot;:&quot;0&quot;,&quot;credit&quot;:&quot;&quot;,&quot;camera&quot;:&quot;Lenovo YT3-X50F&quot;,&quot;caption&quot;:&quot;&quot;,&quot;created_timestamp&quot;:&quot;1490624915&quot;,&quot;copyright&quot;:&quot;&quot;,&quot;focal_length&quot;:&quot;3.85&quot;,&quot;iso&quot;:&quot;100&quot;,&quot;shutter_speed&quot;:&quot;0.0019011406844106&quot;,&quot;title&quot;:&quot;&quot;,&quot;orientation&quot;:&quot;0&quot;}\" data-image-title=\"IMG_20170327_142835\" data-image-description=\"\" data-image-caption=\"\" data-medium-file=\"https:\/\/i0.wp.com\/genevieveetbernardauxameriques.fr\/wp-content\/uploads\/2017\/04\/IMG_20170327_142835.jpg?fit=300%2C225&amp;ssl=1\" data-large-file=\"https:\/\/i0.wp.com\/genevieveetbernardauxameriques.fr\/wp-content\/uploads\/2017\/04\/IMG_20170327_142835.jpg?fit=640%2C480&amp;ssl=1\" class=\"alignnone size-full wp-image-17757\" src=\"https:\/\/i0.wp.com\/genevieveetbernardauxameriques.fr\/wp-content\/uploads\/2017\/04\/IMG_20170327_142835.jpg?resize=640%2C480&#038;ssl=1\" alt=\"\" width=\"640\" height=\"480\" srcset=\"https:\/\/i0.wp.com\/genevieveetbernardauxameriques.fr\/wp-content\/uploads\/2017\/04\/IMG_20170327_142835.jpg?w=720&amp;ssl=1 720w, https:\/\/i0.wp.com\/genevieveetbernardauxameriques.fr\/wp-content\/uploads\/2017\/04\/IMG_20170327_142835.jpg?resize=300%2C225&amp;ssl=1 300w\" sizes=\"(max-width: 640px) 100vw, 640px\" data-recalc-dims=\"1\" \/><\/a><a href=\"https:\/\/i0.wp.com\/genevieveetbernardauxameriques.fr\/wp-content\/uploads\/2017\/03\/DSCN9630.jpg?ssl=1\"><img loading=\"lazy\" decoding=\"async\" data-attachment-id=\"17458\" data-permalink=\"https:\/\/genevieveetbernardauxameriques.fr\/index.php\/2017\/04\/06\/colombie-2eme-article-la-route-du-cafe\/dscn9630\/\" data-orig-file=\"https:\/\/i0.wp.com\/genevieveetbernardauxameriques.fr\/wp-content\/uploads\/2017\/03\/DSCN9630.jpg?fit=720%2C540&amp;ssl=1\" data-orig-size=\"720,540\" data-comments-opened=\"1\" data-image-meta=\"{&quot;aperture&quot;:&quot;4&quot;,&quot;credit&quot;:&quot;&quot;,&quot;camera&quot;:&quot;COOLPIX P900&quot;,&quot;caption&quot;:&quot;&quot;,&quot;created_timestamp&quot;:&quot;1490641770&quot;,&quot;copyright&quot;:&quot;&quot;,&quot;focal_length&quot;:&quot;22.3&quot;,&quot;iso&quot;:&quot;100&quot;,&quot;shutter_speed&quot;:&quot;0.004&quot;,&quot;title&quot;:&quot;&quot;,&quot;orientation&quot;:&quot;1&quot;}\" data-image-title=\"DSCN9630\" data-image-description=\"\" data-image-caption=\"\" data-medium-file=\"https:\/\/i0.wp.com\/genevieveetbernardauxameriques.fr\/wp-content\/uploads\/2017\/03\/DSCN9630.jpg?fit=300%2C225&amp;ssl=1\" data-large-file=\"https:\/\/i0.wp.com\/genevieveetbernardauxameriques.fr\/wp-content\/uploads\/2017\/03\/DSCN9630.jpg?fit=640%2C480&amp;ssl=1\" class=\"alignnone size-full wp-image-17458\" src=\"https:\/\/i0.wp.com\/genevieveetbernardauxameriques.fr\/wp-content\/uploads\/2017\/03\/DSCN9630.jpg?resize=640%2C480&#038;ssl=1\" alt=\"\" width=\"640\" height=\"480\" srcset=\"https:\/\/i0.wp.com\/genevieveetbernardauxameriques.fr\/wp-content\/uploads\/2017\/03\/DSCN9630.jpg?w=720&amp;ssl=1 720w, https:\/\/i0.wp.com\/genevieveetbernardauxameriques.fr\/wp-content\/uploads\/2017\/03\/DSCN9630.jpg?resize=300%2C225&amp;ssl=1 300w\" sizes=\"(max-width: 640px) 100vw, 640px\" data-recalc-dims=\"1\" \/><\/a><\/p>\n<p>&nbsp;<\/p>\n<p><a href=\"https:\/\/i0.wp.com\/genevieveetbernardauxameriques.fr\/wp-content\/uploads\/2017\/03\/DSCN9655.jpg?ssl=1\"><img loading=\"lazy\" decoding=\"async\" data-attachment-id=\"17473\" data-permalink=\"https:\/\/genevieveetbernardauxameriques.fr\/index.php\/2017\/04\/06\/colombie-2eme-article-la-route-du-cafe\/dscn9655\/\" data-orig-file=\"https:\/\/i0.wp.com\/genevieveetbernardauxameriques.fr\/wp-content\/uploads\/2017\/03\/DSCN9655.jpg?fit=720%2C540&amp;ssl=1\" data-orig-size=\"720,540\" data-comments-opened=\"1\" data-image-meta=\"{&quot;aperture&quot;:&quot;3.5&quot;,&quot;credit&quot;:&quot;&quot;,&quot;camera&quot;:&quot;COOLPIX P900&quot;,&quot;caption&quot;:&quot;&quot;,&quot;created_timestamp&quot;:&quot;1490653360&quot;,&quot;copyright&quot;:&quot;&quot;,&quot;focal_length&quot;:&quot;12.5&quot;,&quot;iso&quot;:&quot;100&quot;,&quot;shutter_speed&quot;:&quot;0.0025&quot;,&quot;title&quot;:&quot;&quot;,&quot;orientation&quot;:&quot;1&quot;}\" data-image-title=\"DSCN9655\" data-image-description=\"\" data-image-caption=\"\" data-medium-file=\"https:\/\/i0.wp.com\/genevieveetbernardauxameriques.fr\/wp-content\/uploads\/2017\/03\/DSCN9655.jpg?fit=300%2C225&amp;ssl=1\" data-large-file=\"https:\/\/i0.wp.com\/genevieveetbernardauxameriques.fr\/wp-content\/uploads\/2017\/03\/DSCN9655.jpg?fit=640%2C480&amp;ssl=1\" class=\"alignnone size-full wp-image-17473\" src=\"https:\/\/i0.wp.com\/genevieveetbernardauxameriques.fr\/wp-content\/uploads\/2017\/03\/DSCN9655.jpg?resize=640%2C480&#038;ssl=1\" alt=\"\" width=\"640\" height=\"480\" srcset=\"https:\/\/i0.wp.com\/genevieveetbernardauxameriques.fr\/wp-content\/uploads\/2017\/03\/DSCN9655.jpg?w=720&amp;ssl=1 720w, https:\/\/i0.wp.com\/genevieveetbernardauxameriques.fr\/wp-content\/uploads\/2017\/03\/DSCN9655.jpg?resize=300%2C225&amp;ssl=1 300w\" sizes=\"(max-width: 640px) 100vw, 640px\" data-recalc-dims=\"1\" \/><\/a> <a href=\"https:\/\/i0.wp.com\/genevieveetbernardauxameriques.fr\/wp-content\/uploads\/2017\/03\/DSCN9656.jpg?ssl=1\"><img loading=\"lazy\" decoding=\"async\" data-attachment-id=\"17474\" data-permalink=\"https:\/\/genevieveetbernardauxameriques.fr\/index.php\/2017\/04\/06\/colombie-2eme-article-la-route-du-cafe\/dscn9656\/\" data-orig-file=\"https:\/\/i0.wp.com\/genevieveetbernardauxameriques.fr\/wp-content\/uploads\/2017\/03\/DSCN9656.jpg?fit=720%2C540&amp;ssl=1\" data-orig-size=\"720,540\" data-comments-opened=\"1\" data-image-meta=\"{&quot;aperture&quot;:&quot;3.5&quot;,&quot;credit&quot;:&quot;&quot;,&quot;camera&quot;:&quot;COOLPIX P900&quot;,&quot;caption&quot;:&quot;&quot;,&quot;created_timestamp&quot;:&quot;1490653657&quot;,&quot;copyright&quot;:&quot;&quot;,&quot;focal_length&quot;:&quot;14.3&quot;,&quot;iso&quot;:&quot;100&quot;,&quot;shutter_speed&quot;:&quot;0.003125&quot;,&quot;title&quot;:&quot;&quot;,&quot;orientation&quot;:&quot;1&quot;}\" data-image-title=\"DSCN9656\" data-image-description=\"\" data-image-caption=\"\" data-medium-file=\"https:\/\/i0.wp.com\/genevieveetbernardauxameriques.fr\/wp-content\/uploads\/2017\/03\/DSCN9656.jpg?fit=300%2C225&amp;ssl=1\" data-large-file=\"https:\/\/i0.wp.com\/genevieveetbernardauxameriques.fr\/wp-content\/uploads\/2017\/03\/DSCN9656.jpg?fit=640%2C480&amp;ssl=1\" class=\"alignnone size-full wp-image-17474\" src=\"https:\/\/i0.wp.com\/genevieveetbernardauxameriques.fr\/wp-content\/uploads\/2017\/03\/DSCN9656.jpg?resize=640%2C480&#038;ssl=1\" alt=\"\" width=\"640\" height=\"480\" srcset=\"https:\/\/i0.wp.com\/genevieveetbernardauxameriques.fr\/wp-content\/uploads\/2017\/03\/DSCN9656.jpg?w=720&amp;ssl=1 720w, https:\/\/i0.wp.com\/genevieveetbernardauxameriques.fr\/wp-content\/uploads\/2017\/03\/DSCN9656.jpg?resize=300%2C225&amp;ssl=1 300w\" sizes=\"(max-width: 640px) 100vw, 640px\" data-recalc-dims=\"1\" \/><\/a> <a href=\"https:\/\/i0.wp.com\/genevieveetbernardauxameriques.fr\/wp-content\/uploads\/2017\/03\/DSCN9665.jpg?ssl=1\"><img loading=\"lazy\" decoding=\"async\" data-attachment-id=\"17476\" data-permalink=\"https:\/\/genevieveetbernardauxameriques.fr\/index.php\/2017\/04\/06\/colombie-2eme-article-la-route-du-cafe\/dscn9665\/\" data-orig-file=\"https:\/\/i0.wp.com\/genevieveetbernardauxameriques.fr\/wp-content\/uploads\/2017\/03\/DSCN9665.jpg?fit=720%2C540&amp;ssl=1\" data-orig-size=\"720,540\" data-comments-opened=\"1\" data-image-meta=\"{&quot;aperture&quot;:&quot;3.5&quot;,&quot;credit&quot;:&quot;&quot;,&quot;camera&quot;:&quot;COOLPIX P900&quot;,&quot;caption&quot;:&quot;&quot;,&quot;created_timestamp&quot;:&quot;1490654000&quot;,&quot;copyright&quot;:&quot;&quot;,&quot;focal_length&quot;:&quot;13.4&quot;,&quot;iso&quot;:&quot;100&quot;,&quot;shutter_speed&quot;:&quot;0.0008&quot;,&quot;title&quot;:&quot;&quot;,&quot;orientation&quot;:&quot;1&quot;}\" data-image-title=\"DSCN9665\" data-image-description=\"\" data-image-caption=\"\" data-medium-file=\"https:\/\/i0.wp.com\/genevieveetbernardauxameriques.fr\/wp-content\/uploads\/2017\/03\/DSCN9665.jpg?fit=300%2C225&amp;ssl=1\" data-large-file=\"https:\/\/i0.wp.com\/genevieveetbernardauxameriques.fr\/wp-content\/uploads\/2017\/03\/DSCN9665.jpg?fit=640%2C480&amp;ssl=1\" class=\"alignnone size-full wp-image-17476\" src=\"https:\/\/i0.wp.com\/genevieveetbernardauxameriques.fr\/wp-content\/uploads\/2017\/03\/DSCN9665.jpg?resize=640%2C480&#038;ssl=1\" alt=\"\" width=\"640\" height=\"480\" srcset=\"https:\/\/i0.wp.com\/genevieveetbernardauxameriques.fr\/wp-content\/uploads\/2017\/03\/DSCN9665.jpg?w=720&amp;ssl=1 720w, https:\/\/i0.wp.com\/genevieveetbernardauxameriques.fr\/wp-content\/uploads\/2017\/03\/DSCN9665.jpg?resize=300%2C225&amp;ssl=1 300w\" sizes=\"(max-width: 640px) 100vw, 640px\" data-recalc-dims=\"1\" \/><\/a><\/p>\n<p>Nous traversons <strong>MANIZALES<\/strong><\/p>\n<p><img loading=\"lazy\" decoding=\"async\" data-attachment-id=\"17477\" data-permalink=\"https:\/\/genevieveetbernardauxameriques.fr\/index.php\/2017\/04\/06\/colombie-2eme-article-la-route-du-cafe\/dscn9667\/\" data-orig-file=\"https:\/\/i0.wp.com\/genevieveetbernardauxameriques.fr\/wp-content\/uploads\/2017\/03\/DSCN9667.jpg?fit=540%2C720&amp;ssl=1\" data-orig-size=\"540,720\" data-comments-opened=\"1\" data-image-meta=\"{&quot;aperture&quot;:&quot;3.5&quot;,&quot;credit&quot;:&quot;&quot;,&quot;camera&quot;:&quot;COOLPIX P900&quot;,&quot;caption&quot;:&quot;&quot;,&quot;created_timestamp&quot;:&quot;1490654522&quot;,&quot;copyright&quot;:&quot;&quot;,&quot;focal_length&quot;:&quot;10.7&quot;,&quot;iso&quot;:&quot;100&quot;,&quot;shutter_speed&quot;:&quot;0.000625&quot;,&quot;title&quot;:&quot;&quot;,&quot;orientation&quot;:&quot;1&quot;}\" data-image-title=\"DSCN9667\" data-image-description=\"\" data-image-caption=\"\" data-medium-file=\"https:\/\/i0.wp.com\/genevieveetbernardauxameriques.fr\/wp-content\/uploads\/2017\/03\/DSCN9667.jpg?fit=225%2C300&amp;ssl=1\" data-large-file=\"https:\/\/i0.wp.com\/genevieveetbernardauxameriques.fr\/wp-content\/uploads\/2017\/03\/DSCN9667.jpg?fit=540%2C720&amp;ssl=1\" class=\" wp-image-17477 aligncenter\" src=\"https:\/\/i0.wp.com\/genevieveetbernardauxameriques.fr\/wp-content\/uploads\/2017\/03\/DSCN9667.jpg?resize=443%2C591&#038;ssl=1\" alt=\"\" width=\"443\" height=\"591\" srcset=\"https:\/\/i0.wp.com\/genevieveetbernardauxameriques.fr\/wp-content\/uploads\/2017\/03\/DSCN9667.jpg?w=540&amp;ssl=1 540w, https:\/\/i0.wp.com\/genevieveetbernardauxameriques.fr\/wp-content\/uploads\/2017\/03\/DSCN9667.jpg?resize=225%2C300&amp;ssl=1 225w\" sizes=\"(max-width: 443px) 100vw, 443px\" data-recalc-dims=\"1\" \/><\/p>\n<p>Nous quittons la route du caf\u00e9, nous trouvons toujours des bananiers, mais aussi de la canne \u00e0 sucre, pas du tout comme au Br\u00e9sil o\u00f9 les plantations s&rsquo;\u00e9tendaient sur des centaines de kilom\u00e8tres et sur du terrain plat.<\/p>\n<p><img loading=\"lazy\" decoding=\"async\" data-attachment-id=\"17479\" data-permalink=\"https:\/\/genevieveetbernardauxameriques.fr\/index.php\/2017\/04\/06\/colombie-2eme-article-la-route-du-cafe\/dscn9677\/\" data-orig-file=\"https:\/\/i0.wp.com\/genevieveetbernardauxameriques.fr\/wp-content\/uploads\/2017\/03\/DSCN9677.jpg?fit=720%2C540&amp;ssl=1\" data-orig-size=\"720,540\" data-comments-opened=\"1\" data-image-meta=\"{&quot;aperture&quot;:&quot;3.5&quot;,&quot;credit&quot;:&quot;&quot;,&quot;camera&quot;:&quot;COOLPIX P900&quot;,&quot;caption&quot;:&quot;&quot;,&quot;created_timestamp&quot;:&quot;1490658684&quot;,&quot;copyright&quot;:&quot;&quot;,&quot;focal_length&quot;:&quot;12.5&quot;,&quot;iso&quot;:&quot;100&quot;,&quot;shutter_speed&quot;:&quot;0.00625&quot;,&quot;title&quot;:&quot;&quot;,&quot;orientation&quot;:&quot;1&quot;}\" data-image-title=\"DSCN9677\" data-image-description=\"\" data-image-caption=\"\" data-medium-file=\"https:\/\/i0.wp.com\/genevieveetbernardauxameriques.fr\/wp-content\/uploads\/2017\/03\/DSCN9677.jpg?fit=300%2C225&amp;ssl=1\" data-large-file=\"https:\/\/i0.wp.com\/genevieveetbernardauxameriques.fr\/wp-content\/uploads\/2017\/03\/DSCN9677.jpg?fit=640%2C480&amp;ssl=1\" class=\"alignnone size-full wp-image-17479\" src=\"https:\/\/i0.wp.com\/genevieveetbernardauxameriques.fr\/wp-content\/uploads\/2017\/03\/DSCN9677.jpg?resize=640%2C480&#038;ssl=1\" alt=\"\" width=\"640\" height=\"480\" srcset=\"https:\/\/i0.wp.com\/genevieveetbernardauxameriques.fr\/wp-content\/uploads\/2017\/03\/DSCN9677.jpg?w=720&amp;ssl=1 720w, https:\/\/i0.wp.com\/genevieveetbernardauxameriques.fr\/wp-content\/uploads\/2017\/03\/DSCN9677.jpg?resize=300%2C225&amp;ssl=1 300w\" sizes=\"(max-width: 640px) 100vw, 640px\" data-recalc-dims=\"1\" \/><\/p>\n<p>On voit \u00e0 peine les maisons cach\u00e9es dans les champs de canne \u00e0 sucre<\/p>\n<p><img loading=\"lazy\" decoding=\"async\" data-attachment-id=\"17485\" data-permalink=\"https:\/\/genevieveetbernardauxameriques.fr\/index.php\/2017\/04\/06\/colombie-2eme-article-la-route-du-cafe\/dscn9685\/\" data-orig-file=\"https:\/\/i0.wp.com\/genevieveetbernardauxameriques.fr\/wp-content\/uploads\/2017\/03\/DSCN9685.jpg?fit=720%2C540&amp;ssl=1\" data-orig-size=\"720,540\" data-comments-opened=\"1\" data-image-meta=\"{&quot;aperture&quot;:&quot;3.5&quot;,&quot;credit&quot;:&quot;&quot;,&quot;camera&quot;:&quot;COOLPIX P900&quot;,&quot;caption&quot;:&quot;&quot;,&quot;created_timestamp&quot;:&quot;1490659214&quot;,&quot;copyright&quot;:&quot;&quot;,&quot;focal_length&quot;:&quot;10.7&quot;,&quot;iso&quot;:&quot;100&quot;,&quot;shutter_speed&quot;:&quot;0.01&quot;,&quot;title&quot;:&quot;&quot;,&quot;orientation&quot;:&quot;1&quot;}\" data-image-title=\"DSCN9685\" data-image-description=\"\" data-image-caption=\"\" data-medium-file=\"https:\/\/i0.wp.com\/genevieveetbernardauxameriques.fr\/wp-content\/uploads\/2017\/03\/DSCN9685.jpg?fit=300%2C225&amp;ssl=1\" data-large-file=\"https:\/\/i0.wp.com\/genevieveetbernardauxameriques.fr\/wp-content\/uploads\/2017\/03\/DSCN9685.jpg?fit=640%2C480&amp;ssl=1\" class=\"alignnone size-full wp-image-17485\" src=\"https:\/\/i0.wp.com\/genevieveetbernardauxameriques.fr\/wp-content\/uploads\/2017\/03\/DSCN9685.jpg?resize=640%2C480&#038;ssl=1\" alt=\"\" width=\"640\" height=\"480\" srcset=\"https:\/\/i0.wp.com\/genevieveetbernardauxameriques.fr\/wp-content\/uploads\/2017\/03\/DSCN9685.jpg?w=720&amp;ssl=1 720w, https:\/\/i0.wp.com\/genevieveetbernardauxameriques.fr\/wp-content\/uploads\/2017\/03\/DSCN9685.jpg?resize=300%2C225&amp;ssl=1 300w\" sizes=\"(max-width: 640px) 100vw, 640px\" data-recalc-dims=\"1\" \/><\/p>\n<p><img loading=\"lazy\" decoding=\"async\" data-attachment-id=\"17481\" data-permalink=\"https:\/\/genevieveetbernardauxameriques.fr\/index.php\/2017\/04\/06\/colombie-2eme-article-la-route-du-cafe\/dscn9679\/\" data-orig-file=\"https:\/\/i0.wp.com\/genevieveetbernardauxameriques.fr\/wp-content\/uploads\/2017\/03\/DSCN9679.jpg?fit=720%2C540&amp;ssl=1\" data-orig-size=\"720,540\" data-comments-opened=\"1\" data-image-meta=\"{&quot;aperture&quot;:&quot;3.5&quot;,&quot;credit&quot;:&quot;&quot;,&quot;camera&quot;:&quot;COOLPIX P900&quot;,&quot;caption&quot;:&quot;&quot;,&quot;created_timestamp&quot;:&quot;1490658856&quot;,&quot;copyright&quot;:&quot;&quot;,&quot;focal_length&quot;:&quot;12.5&quot;,&quot;iso&quot;:&quot;100&quot;,&quot;shutter_speed&quot;:&quot;0.00625&quot;,&quot;title&quot;:&quot;&quot;,&quot;orientation&quot;:&quot;1&quot;}\" data-image-title=\"DSCN9679\" data-image-description=\"\" data-image-caption=\"\" data-medium-file=\"https:\/\/i0.wp.com\/genevieveetbernardauxameriques.fr\/wp-content\/uploads\/2017\/03\/DSCN9679.jpg?fit=300%2C225&amp;ssl=1\" data-large-file=\"https:\/\/i0.wp.com\/genevieveetbernardauxameriques.fr\/wp-content\/uploads\/2017\/03\/DSCN9679.jpg?fit=640%2C480&amp;ssl=1\" class=\"alignnone size-full wp-image-17481\" src=\"https:\/\/i0.wp.com\/genevieveetbernardauxameriques.fr\/wp-content\/uploads\/2017\/03\/DSCN9679.jpg?resize=640%2C480&#038;ssl=1\" alt=\"\" width=\"640\" height=\"480\" srcset=\"https:\/\/i0.wp.com\/genevieveetbernardauxameriques.fr\/wp-content\/uploads\/2017\/03\/DSCN9679.jpg?w=720&amp;ssl=1 720w, https:\/\/i0.wp.com\/genevieveetbernardauxameriques.fr\/wp-content\/uploads\/2017\/03\/DSCN9679.jpg?resize=300%2C225&amp;ssl=1 300w\" sizes=\"(max-width: 640px) 100vw, 640px\" data-recalc-dims=\"1\" \/> <img loading=\"lazy\" decoding=\"async\" data-attachment-id=\"17484\" data-permalink=\"https:\/\/genevieveetbernardauxameriques.fr\/index.php\/2017\/04\/06\/colombie-2eme-article-la-route-du-cafe\/dscn9684\/\" data-orig-file=\"https:\/\/i0.wp.com\/genevieveetbernardauxameriques.fr\/wp-content\/uploads\/2017\/03\/DSCN9684.jpg?fit=720%2C540&amp;ssl=1\" data-orig-size=\"720,540\" data-comments-opened=\"1\" data-image-meta=\"{&quot;aperture&quot;:&quot;3.5&quot;,&quot;credit&quot;:&quot;&quot;,&quot;camera&quot;:&quot;COOLPIX P900&quot;,&quot;caption&quot;:&quot;&quot;,&quot;created_timestamp&quot;:&quot;1490659175&quot;,&quot;copyright&quot;:&quot;&quot;,&quot;focal_length&quot;:&quot;10.7&quot;,&quot;iso&quot;:&quot;100&quot;,&quot;shutter_speed&quot;:&quot;0.0125&quot;,&quot;title&quot;:&quot;&quot;,&quot;orientation&quot;:&quot;1&quot;}\" data-image-title=\"DSCN9684\" data-image-description=\"\" data-image-caption=\"\" data-medium-file=\"https:\/\/i0.wp.com\/genevieveetbernardauxameriques.fr\/wp-content\/uploads\/2017\/03\/DSCN9684.jpg?fit=300%2C225&amp;ssl=1\" data-large-file=\"https:\/\/i0.wp.com\/genevieveetbernardauxameriques.fr\/wp-content\/uploads\/2017\/03\/DSCN9684.jpg?fit=640%2C480&amp;ssl=1\" class=\"alignnone size-full wp-image-17484\" src=\"https:\/\/i0.wp.com\/genevieveetbernardauxameriques.fr\/wp-content\/uploads\/2017\/03\/DSCN9684.jpg?resize=640%2C480&#038;ssl=1\" alt=\"\" width=\"640\" height=\"480\" srcset=\"https:\/\/i0.wp.com\/genevieveetbernardauxameriques.fr\/wp-content\/uploads\/2017\/03\/DSCN9684.jpg?w=720&amp;ssl=1 720w, https:\/\/i0.wp.com\/genevieveetbernardauxameriques.fr\/wp-content\/uploads\/2017\/03\/DSCN9684.jpg?resize=300%2C225&amp;ssl=1 300w\" sizes=\"(max-width: 640px) 100vw, 640px\" data-recalc-dims=\"1\" \/><img loading=\"lazy\" decoding=\"async\" data-attachment-id=\"17480\" data-permalink=\"https:\/\/genevieveetbernardauxameriques.fr\/index.php\/2017\/04\/06\/colombie-2eme-article-la-route-du-cafe\/dscn9678\/\" data-orig-file=\"https:\/\/i0.wp.com\/genevieveetbernardauxameriques.fr\/wp-content\/uploads\/2017\/03\/DSCN9678-e1586523292987.jpg?fit=719%2C453&amp;ssl=1\" data-orig-size=\"719,453\" data-comments-opened=\"1\" data-image-meta=\"{&quot;aperture&quot;:&quot;3.5&quot;,&quot;credit&quot;:&quot;&quot;,&quot;camera&quot;:&quot;COOLPIX P900&quot;,&quot;caption&quot;:&quot;&quot;,&quot;created_timestamp&quot;:&quot;1490658813&quot;,&quot;copyright&quot;:&quot;&quot;,&quot;focal_length&quot;:&quot;12.5&quot;,&quot;iso&quot;:&quot;100&quot;,&quot;shutter_speed&quot;:&quot;0.01&quot;,&quot;title&quot;:&quot;&quot;,&quot;orientation&quot;:&quot;1&quot;}\" data-image-title=\"DSCN9678\" data-image-description=\"\" data-image-caption=\"\" data-medium-file=\"https:\/\/i0.wp.com\/genevieveetbernardauxameriques.fr\/wp-content\/uploads\/2017\/03\/DSCN9678-e1586523292987.jpg?fit=300%2C189&amp;ssl=1\" data-large-file=\"https:\/\/i0.wp.com\/genevieveetbernardauxameriques.fr\/wp-content\/uploads\/2017\/03\/DSCN9678-e1586523292987.jpg?fit=640%2C403&amp;ssl=1\" class=\"alignnone size-full wp-image-17480\" src=\"https:\/\/i0.wp.com\/genevieveetbernardauxameriques.fr\/wp-content\/uploads\/2017\/03\/DSCN9678-e1586523292987.jpg?resize=640%2C403&#038;ssl=1\" alt=\"\" width=\"640\" height=\"403\" srcset=\"https:\/\/i0.wp.com\/genevieveetbernardauxameriques.fr\/wp-content\/uploads\/2017\/03\/DSCN9678-e1586523292987.jpg?w=719&amp;ssl=1 719w, https:\/\/i0.wp.com\/genevieveetbernardauxameriques.fr\/wp-content\/uploads\/2017\/03\/DSCN9678-e1586523292987.jpg?resize=300%2C189&amp;ssl=1 300w\" sizes=\"(max-width: 640px) 100vw, 640px\" data-recalc-dims=\"1\" \/><a href=\"https:\/\/i0.wp.com\/genevieveetbernardauxameriques.fr\/wp-content\/uploads\/2017\/03\/DSCN9671.jpg?ssl=1\"><img loading=\"lazy\" decoding=\"async\" data-attachment-id=\"17478\" data-permalink=\"https:\/\/genevieveetbernardauxameriques.fr\/index.php\/2017\/04\/06\/colombie-2eme-article-la-route-du-cafe\/dscn9671\/\" data-orig-file=\"https:\/\/i0.wp.com\/genevieveetbernardauxameriques.fr\/wp-content\/uploads\/2017\/03\/DSCN9671.jpg?fit=720%2C540&amp;ssl=1\" data-orig-size=\"720,540\" data-comments-opened=\"1\" data-image-meta=\"{&quot;aperture&quot;:&quot;3.5&quot;,&quot;credit&quot;:&quot;&quot;,&quot;camera&quot;:&quot;COOLPIX P900&quot;,&quot;caption&quot;:&quot;&quot;,&quot;created_timestamp&quot;:&quot;1490657286&quot;,&quot;copyright&quot;:&quot;&quot;,&quot;focal_length&quot;:&quot;14.3&quot;,&quot;iso&quot;:&quot;100&quot;,&quot;shutter_speed&quot;:&quot;0.005&quot;,&quot;title&quot;:&quot;&quot;,&quot;orientation&quot;:&quot;1&quot;}\" data-image-title=\"DSCN9671\" data-image-description=\"\" data-image-caption=\"\" data-medium-file=\"https:\/\/i0.wp.com\/genevieveetbernardauxameriques.fr\/wp-content\/uploads\/2017\/03\/DSCN9671.jpg?fit=300%2C225&amp;ssl=1\" data-large-file=\"https:\/\/i0.wp.com\/genevieveetbernardauxameriques.fr\/wp-content\/uploads\/2017\/03\/DSCN9671.jpg?fit=640%2C480&amp;ssl=1\" class=\"alignnone size-full wp-image-17478\" src=\"https:\/\/i0.wp.com\/genevieveetbernardauxameriques.fr\/wp-content\/uploads\/2017\/03\/DSCN9671.jpg?resize=640%2C480&#038;ssl=1\" alt=\"\" width=\"640\" height=\"480\" srcset=\"https:\/\/i0.wp.com\/genevieveetbernardauxameriques.fr\/wp-content\/uploads\/2017\/03\/DSCN9671.jpg?w=720&amp;ssl=1 720w, https:\/\/i0.wp.com\/genevieveetbernardauxameriques.fr\/wp-content\/uploads\/2017\/03\/DSCN9671.jpg?resize=300%2C225&amp;ssl=1 300w\" sizes=\"(max-width: 640px) 100vw, 640px\" data-recalc-dims=\"1\" \/><\/a> <a href=\"https:\/\/i0.wp.com\/genevieveetbernardauxameriques.fr\/wp-content\/uploads\/2017\/03\/DSCN9686.jpg?ssl=1\"><img loading=\"lazy\" decoding=\"async\" data-attachment-id=\"17486\" data-permalink=\"https:\/\/genevieveetbernardauxameriques.fr\/index.php\/2017\/04\/06\/colombie-2eme-article-la-route-du-cafe\/dscn9686\/\" data-orig-file=\"https:\/\/i0.wp.com\/genevieveetbernardauxameriques.fr\/wp-content\/uploads\/2017\/03\/DSCN9686.jpg?fit=720%2C540&amp;ssl=1\" data-orig-size=\"720,540\" data-comments-opened=\"1\" data-image-meta=\"{&quot;aperture&quot;:&quot;3.5&quot;,&quot;credit&quot;:&quot;&quot;,&quot;camera&quot;:&quot;COOLPIX P900&quot;,&quot;caption&quot;:&quot;&quot;,&quot;created_timestamp&quot;:&quot;1490659229&quot;,&quot;copyright&quot;:&quot;&quot;,&quot;focal_length&quot;:&quot;10.7&quot;,&quot;iso&quot;:&quot;100&quot;,&quot;shutter_speed&quot;:&quot;0.01&quot;,&quot;title&quot;:&quot;&quot;,&quot;orientation&quot;:&quot;1&quot;}\" data-image-title=\"DSCN9686\" data-image-description=\"\" data-image-caption=\"\" data-medium-file=\"https:\/\/i0.wp.com\/genevieveetbernardauxameriques.fr\/wp-content\/uploads\/2017\/03\/DSCN9686.jpg?fit=300%2C225&amp;ssl=1\" data-large-file=\"https:\/\/i0.wp.com\/genevieveetbernardauxameriques.fr\/wp-content\/uploads\/2017\/03\/DSCN9686.jpg?fit=640%2C480&amp;ssl=1\" class=\"alignnone size-full wp-image-17486\" src=\"https:\/\/i0.wp.com\/genevieveetbernardauxameriques.fr\/wp-content\/uploads\/2017\/03\/DSCN9686.jpg?resize=640%2C480&#038;ssl=1\" alt=\"\" width=\"640\" height=\"480\" srcset=\"https:\/\/i0.wp.com\/genevieveetbernardauxameriques.fr\/wp-content\/uploads\/2017\/03\/DSCN9686.jpg?w=720&amp;ssl=1 720w, https:\/\/i0.wp.com\/genevieveetbernardauxameriques.fr\/wp-content\/uploads\/2017\/03\/DSCN9686.jpg?resize=300%2C225&amp;ssl=1 300w\" sizes=\"(max-width: 640px) 100vw, 640px\" data-recalc-dims=\"1\" \/><\/a> <img loading=\"lazy\" decoding=\"async\" data-attachment-id=\"17487\" data-permalink=\"https:\/\/genevieveetbernardauxameriques.fr\/index.php\/2017\/04\/06\/colombie-2eme-article-la-route-du-cafe\/dscn9687\/\" data-orig-file=\"https:\/\/i0.wp.com\/genevieveetbernardauxameriques.fr\/wp-content\/uploads\/2017\/03\/DSCN9687-e1586523349198.jpg?fit=719%2C426&amp;ssl=1\" data-orig-size=\"719,426\" data-comments-opened=\"1\" data-image-meta=\"{&quot;aperture&quot;:&quot;2.8&quot;,&quot;credit&quot;:&quot;&quot;,&quot;camera&quot;:&quot;COOLPIX P900&quot;,&quot;caption&quot;:&quot;&quot;,&quot;created_timestamp&quot;:&quot;1490659485&quot;,&quot;copyright&quot;:&quot;&quot;,&quot;focal_length&quot;:&quot;4.3&quot;,&quot;iso&quot;:&quot;100&quot;,&quot;shutter_speed&quot;:&quot;0.01&quot;,&quot;title&quot;:&quot;&quot;,&quot;orientation&quot;:&quot;1&quot;}\" data-image-title=\"DSCN9687\" data-image-description=\"\" data-image-caption=\"\" data-medium-file=\"https:\/\/i0.wp.com\/genevieveetbernardauxameriques.fr\/wp-content\/uploads\/2017\/03\/DSCN9687-e1586523349198.jpg?fit=300%2C178&amp;ssl=1\" data-large-file=\"https:\/\/i0.wp.com\/genevieveetbernardauxameriques.fr\/wp-content\/uploads\/2017\/03\/DSCN9687-e1586523349198.jpg?fit=640%2C379&amp;ssl=1\" class=\"alignnone size-full wp-image-17487\" src=\"https:\/\/i0.wp.com\/genevieveetbernardauxameriques.fr\/wp-content\/uploads\/2017\/03\/DSCN9687-e1586523349198.jpg?resize=640%2C379&#038;ssl=1\" alt=\"\" width=\"640\" height=\"379\" srcset=\"https:\/\/i0.wp.com\/genevieveetbernardauxameriques.fr\/wp-content\/uploads\/2017\/03\/DSCN9687-e1586523349198.jpg?w=719&amp;ssl=1 719w, https:\/\/i0.wp.com\/genevieveetbernardauxameriques.fr\/wp-content\/uploads\/2017\/03\/DSCN9687-e1586523349198.jpg?resize=300%2C178&amp;ssl=1 300w\" sizes=\"(max-width: 640px) 100vw, 640px\" data-recalc-dims=\"1\" \/><\/p>\n<p>Bernard s&rsquo;inqui\u00e8te le plafond des bambous \u00e9tait bas, on a touch\u00e9 un peu :<\/p>\n<p><a href=\"https:\/\/i0.wp.com\/genevieveetbernardauxameriques.fr\/wp-content\/uploads\/2017\/03\/DSCN9681.jpg?ssl=1\"><img loading=\"lazy\" decoding=\"async\" data-attachment-id=\"17483\" data-permalink=\"https:\/\/genevieveetbernardauxameriques.fr\/index.php\/2017\/04\/06\/colombie-2eme-article-la-route-du-cafe\/dscn9681\/\" data-orig-file=\"https:\/\/i0.wp.com\/genevieveetbernardauxameriques.fr\/wp-content\/uploads\/2017\/03\/DSCN9681.jpg?fit=720%2C540&amp;ssl=1\" data-orig-size=\"720,540\" data-comments-opened=\"1\" data-image-meta=\"{&quot;aperture&quot;:&quot;3.5&quot;,&quot;credit&quot;:&quot;&quot;,&quot;camera&quot;:&quot;COOLPIX P900&quot;,&quot;caption&quot;:&quot;&quot;,&quot;created_timestamp&quot;:&quot;1490658941&quot;,&quot;copyright&quot;:&quot;&quot;,&quot;focal_length&quot;:&quot;12.5&quot;,&quot;iso&quot;:&quot;100&quot;,&quot;shutter_speed&quot;:&quot;0.01&quot;,&quot;title&quot;:&quot;&quot;,&quot;orientation&quot;:&quot;1&quot;}\" data-image-title=\"DSCN9681\" data-image-description=\"\" data-image-caption=\"\" data-medium-file=\"https:\/\/i0.wp.com\/genevieveetbernardauxameriques.fr\/wp-content\/uploads\/2017\/03\/DSCN9681.jpg?fit=300%2C225&amp;ssl=1\" data-large-file=\"https:\/\/i0.wp.com\/genevieveetbernardauxameriques.fr\/wp-content\/uploads\/2017\/03\/DSCN9681.jpg?fit=640%2C480&amp;ssl=1\" class=\"alignnone size-full wp-image-17483\" src=\"https:\/\/i0.wp.com\/genevieveetbernardauxameriques.fr\/wp-content\/uploads\/2017\/03\/DSCN9681.jpg?resize=640%2C480&#038;ssl=1\" alt=\"\" width=\"640\" height=\"480\" srcset=\"https:\/\/i0.wp.com\/genevieveetbernardauxameriques.fr\/wp-content\/uploads\/2017\/03\/DSCN9681.jpg?w=720&amp;ssl=1 720w, https:\/\/i0.wp.com\/genevieveetbernardauxameriques.fr\/wp-content\/uploads\/2017\/03\/DSCN9681.jpg?resize=300%2C225&amp;ssl=1 300w\" sizes=\"(max-width: 640px) 100vw, 640px\" data-recalc-dims=\"1\" \/><\/a><\/p>\n<p><img loading=\"lazy\" decoding=\"async\" data-attachment-id=\"17488\" data-permalink=\"https:\/\/genevieveetbernardauxameriques.fr\/index.php\/2017\/04\/06\/colombie-2eme-article-la-route-du-cafe\/dscn9692\/\" data-orig-file=\"https:\/\/i0.wp.com\/genevieveetbernardauxameriques.fr\/wp-content\/uploads\/2017\/03\/DSCN9692.jpg?fit=720%2C540&amp;ssl=1\" data-orig-size=\"720,540\" data-comments-opened=\"1\" data-image-meta=\"{&quot;aperture&quot;:&quot;2.8&quot;,&quot;credit&quot;:&quot;&quot;,&quot;camera&quot;:&quot;COOLPIX P900&quot;,&quot;caption&quot;:&quot;&quot;,&quot;created_timestamp&quot;:&quot;1490660594&quot;,&quot;copyright&quot;:&quot;&quot;,&quot;focal_length&quot;:&quot;4.3&quot;,&quot;iso&quot;:&quot;100&quot;,&quot;shutter_speed&quot;:&quot;0.0025&quot;,&quot;title&quot;:&quot;&quot;,&quot;orientation&quot;:&quot;1&quot;}\" data-image-title=\"DSCN9692\" data-image-description=\"\" data-image-caption=\"\" data-medium-file=\"https:\/\/i0.wp.com\/genevieveetbernardauxameriques.fr\/wp-content\/uploads\/2017\/03\/DSCN9692.jpg?fit=300%2C225&amp;ssl=1\" data-large-file=\"https:\/\/i0.wp.com\/genevieveetbernardauxameriques.fr\/wp-content\/uploads\/2017\/03\/DSCN9692.jpg?fit=640%2C480&amp;ssl=1\" class=\"alignnone size-full wp-image-17488\" src=\"https:\/\/i0.wp.com\/genevieveetbernardauxameriques.fr\/wp-content\/uploads\/2017\/03\/DSCN9692.jpg?resize=640%2C480&#038;ssl=1\" alt=\"\" width=\"640\" height=\"480\" srcset=\"https:\/\/i0.wp.com\/genevieveetbernardauxameriques.fr\/wp-content\/uploads\/2017\/03\/DSCN9692.jpg?w=720&amp;ssl=1 720w, https:\/\/i0.wp.com\/genevieveetbernardauxameriques.fr\/wp-content\/uploads\/2017\/03\/DSCN9692.jpg?resize=300%2C225&amp;ssl=1 300w\" sizes=\"(max-width: 640px) 100vw, 640px\" data-recalc-dims=\"1\" \/> \u00a0\u00a0<a href=\"https:\/\/i0.wp.com\/genevieveetbernardauxameriques.fr\/wp-content\/uploads\/2017\/03\/DSCN9696.jpg?ssl=1\"><img loading=\"lazy\" decoding=\"async\" data-attachment-id=\"17490\" data-permalink=\"https:\/\/genevieveetbernardauxameriques.fr\/index.php\/2017\/04\/06\/colombie-2eme-article-la-route-du-cafe\/dscn9696\/\" data-orig-file=\"https:\/\/i0.wp.com\/genevieveetbernardauxameriques.fr\/wp-content\/uploads\/2017\/03\/DSCN9696.jpg?fit=720%2C540&amp;ssl=1\" data-orig-size=\"720,540\" data-comments-opened=\"1\" data-image-meta=\"{&quot;aperture&quot;:&quot;2.8&quot;,&quot;credit&quot;:&quot;&quot;,&quot;camera&quot;:&quot;COOLPIX P900&quot;,&quot;caption&quot;:&quot;&quot;,&quot;created_timestamp&quot;:&quot;1490660723&quot;,&quot;copyright&quot;:&quot;&quot;,&quot;focal_length&quot;:&quot;4.3&quot;,&quot;iso&quot;:&quot;100&quot;,&quot;shutter_speed&quot;:&quot;0.00625&quot;,&quot;title&quot;:&quot;&quot;,&quot;orientation&quot;:&quot;1&quot;}\" data-image-title=\"DSCN9696\" data-image-description=\"\" data-image-caption=\"\" data-medium-file=\"https:\/\/i0.wp.com\/genevieveetbernardauxameriques.fr\/wp-content\/uploads\/2017\/03\/DSCN9696.jpg?fit=300%2C225&amp;ssl=1\" data-large-file=\"https:\/\/i0.wp.com\/genevieveetbernardauxameriques.fr\/wp-content\/uploads\/2017\/03\/DSCN9696.jpg?fit=640%2C480&amp;ssl=1\" class=\"alignnone size-full wp-image-17490\" src=\"https:\/\/i0.wp.com\/genevieveetbernardauxameriques.fr\/wp-content\/uploads\/2017\/03\/DSCN9696.jpg?resize=640%2C480&#038;ssl=1\" alt=\"\" width=\"640\" height=\"480\" srcset=\"https:\/\/i0.wp.com\/genevieveetbernardauxameriques.fr\/wp-content\/uploads\/2017\/03\/DSCN9696.jpg?w=720&amp;ssl=1 720w, https:\/\/i0.wp.com\/genevieveetbernardauxameriques.fr\/wp-content\/uploads\/2017\/03\/DSCN9696.jpg?resize=300%2C225&amp;ssl=1 300w\" sizes=\"(max-width: 640px) 100vw, 640px\" data-recalc-dims=\"1\" \/><\/a><\/p>\n<p>Le soir nous arrivons \u00e0 <strong>SALAMINA<\/strong><\/p>\n<p><img loading=\"lazy\" decoding=\"async\" data-attachment-id=\"17491\" data-permalink=\"https:\/\/genevieveetbernardauxameriques.fr\/index.php\/2017\/04\/06\/colombie-2eme-article-la-route-du-cafe\/dscn9716\/\" data-orig-file=\"https:\/\/i0.wp.com\/genevieveetbernardauxameriques.fr\/wp-content\/uploads\/2017\/03\/DSCN9716.jpg?fit=720%2C540&amp;ssl=1\" data-orig-size=\"720,540\" data-comments-opened=\"1\" data-image-meta=\"{&quot;aperture&quot;:&quot;4&quot;,&quot;credit&quot;:&quot;&quot;,&quot;camera&quot;:&quot;COOLPIX P900&quot;,&quot;caption&quot;:&quot;&quot;,&quot;created_timestamp&quot;:&quot;1490663770&quot;,&quot;copyright&quot;:&quot;&quot;,&quot;focal_length&quot;:&quot;15.2&quot;,&quot;iso&quot;:&quot;720&quot;,&quot;shutter_speed&quot;:&quot;0.066666666666667&quot;,&quot;title&quot;:&quot;&quot;,&quot;orientation&quot;:&quot;1&quot;}\" data-image-title=\"DSCN9716\" data-image-description=\"\" data-image-caption=\"\" data-medium-file=\"https:\/\/i0.wp.com\/genevieveetbernardauxameriques.fr\/wp-content\/uploads\/2017\/03\/DSCN9716.jpg?fit=300%2C225&amp;ssl=1\" data-large-file=\"https:\/\/i0.wp.com\/genevieveetbernardauxameriques.fr\/wp-content\/uploads\/2017\/03\/DSCN9716.jpg?fit=640%2C480&amp;ssl=1\" class=\"wp-image-17491 aligncenter\" src=\"https:\/\/i0.wp.com\/genevieveetbernardauxameriques.fr\/wp-content\/uploads\/2017\/03\/DSCN9716.jpg?resize=547%2C410&#038;ssl=1\" alt=\"\" width=\"547\" height=\"410\" srcset=\"https:\/\/i0.wp.com\/genevieveetbernardauxameriques.fr\/wp-content\/uploads\/2017\/03\/DSCN9716.jpg?w=720&amp;ssl=1 720w, https:\/\/i0.wp.com\/genevieveetbernardauxameriques.fr\/wp-content\/uploads\/2017\/03\/DSCN9716.jpg?resize=300%2C225&amp;ssl=1 300w\" sizes=\"(max-width: 547px) 100vw, 547px\" data-recalc-dims=\"1\" \/><\/p>\n<p>On s&rsquo;installera autour de la place principale pour dormir.<\/p>\n<p><img loading=\"lazy\" decoding=\"async\" data-attachment-id=\"17492\" data-permalink=\"https:\/\/genevieveetbernardauxameriques.fr\/index.php\/2017\/04\/06\/colombie-2eme-article-la-route-du-cafe\/dscn9719\/\" data-orig-file=\"https:\/\/i0.wp.com\/genevieveetbernardauxameriques.fr\/wp-content\/uploads\/2017\/03\/DSCN9719-e1586523482742.jpg?fit=719%2C440&amp;ssl=1\" data-orig-size=\"719,440\" data-comments-opened=\"1\" data-image-meta=\"{&quot;aperture&quot;:&quot;2.8&quot;,&quot;credit&quot;:&quot;&quot;,&quot;camera&quot;:&quot;COOLPIX P900&quot;,&quot;caption&quot;:&quot;&quot;,&quot;created_timestamp&quot;:&quot;1490664394&quot;,&quot;copyright&quot;:&quot;&quot;,&quot;focal_length&quot;:&quot;4.3&quot;,&quot;iso&quot;:&quot;800&quot;,&quot;shutter_speed&quot;:&quot;0.16666666666667&quot;,&quot;title&quot;:&quot;&quot;,&quot;orientation&quot;:&quot;1&quot;}\" data-image-title=\"DSCN9719\" data-image-description=\"\" data-image-caption=\"\" data-medium-file=\"https:\/\/i0.wp.com\/genevieveetbernardauxameriques.fr\/wp-content\/uploads\/2017\/03\/DSCN9719-e1586523482742.jpg?fit=300%2C184&amp;ssl=1\" data-large-file=\"https:\/\/i0.wp.com\/genevieveetbernardauxameriques.fr\/wp-content\/uploads\/2017\/03\/DSCN9719-e1586523482742.jpg?fit=640%2C392&amp;ssl=1\" class=\"alignnone size-full wp-image-17492\" src=\"https:\/\/i0.wp.com\/genevieveetbernardauxameriques.fr\/wp-content\/uploads\/2017\/03\/DSCN9719-e1586523482742.jpg?resize=640%2C392&#038;ssl=1\" alt=\"\" width=\"640\" height=\"392\" srcset=\"https:\/\/i0.wp.com\/genevieveetbernardauxameriques.fr\/wp-content\/uploads\/2017\/03\/DSCN9719-e1586523482742.jpg?w=719&amp;ssl=1 719w, https:\/\/i0.wp.com\/genevieveetbernardauxameriques.fr\/wp-content\/uploads\/2017\/03\/DSCN9719-e1586523482742.jpg?resize=300%2C184&amp;ssl=1 300w\" sizes=\"(max-width: 640px) 100vw, 640px\" data-recalc-dims=\"1\" \/><\/p>\n<p>le lendemain matin :<\/p>\n<p><img loading=\"lazy\" decoding=\"async\" data-attachment-id=\"17496\" data-permalink=\"https:\/\/genevieveetbernardauxameriques.fr\/index.php\/2017\/04\/06\/colombie-2eme-article-la-route-du-cafe\/dscn9726\/\" data-orig-file=\"https:\/\/i0.wp.com\/genevieveetbernardauxameriques.fr\/wp-content\/uploads\/2017\/03\/DSCN9726.jpg?fit=720%2C540&amp;ssl=1\" data-orig-size=\"720,540\" data-comments-opened=\"1\" data-image-meta=\"{&quot;aperture&quot;:&quot;2.8&quot;,&quot;credit&quot;:&quot;&quot;,&quot;camera&quot;:&quot;COOLPIX P900&quot;,&quot;caption&quot;:&quot;&quot;,&quot;created_timestamp&quot;:&quot;1490715337&quot;,&quot;copyright&quot;:&quot;&quot;,&quot;focal_length&quot;:&quot;4.3&quot;,&quot;iso&quot;:&quot;100&quot;,&quot;shutter_speed&quot;:&quot;0.003125&quot;,&quot;title&quot;:&quot;&quot;,&quot;orientation&quot;:&quot;1&quot;}\" data-image-title=\"DSCN9726\" data-image-description=\"\" data-image-caption=\"\" data-medium-file=\"https:\/\/i0.wp.com\/genevieveetbernardauxameriques.fr\/wp-content\/uploads\/2017\/03\/DSCN9726.jpg?fit=300%2C225&amp;ssl=1\" data-large-file=\"https:\/\/i0.wp.com\/genevieveetbernardauxameriques.fr\/wp-content\/uploads\/2017\/03\/DSCN9726.jpg?fit=640%2C480&amp;ssl=1\" class=\"alignnone size-full wp-image-17496\" src=\"https:\/\/i0.wp.com\/genevieveetbernardauxameriques.fr\/wp-content\/uploads\/2017\/03\/DSCN9726.jpg?resize=640%2C480&#038;ssl=1\" alt=\"\" width=\"640\" height=\"480\" srcset=\"https:\/\/i0.wp.com\/genevieveetbernardauxameriques.fr\/wp-content\/uploads\/2017\/03\/DSCN9726.jpg?w=720&amp;ssl=1 720w, https:\/\/i0.wp.com\/genevieveetbernardauxameriques.fr\/wp-content\/uploads\/2017\/03\/DSCN9726.jpg?resize=300%2C225&amp;ssl=1 300w\" sizes=\"(max-width: 640px) 100vw, 640px\" data-recalc-dims=\"1\" \/><\/p>\n<p><a href=\"https:\/\/i0.wp.com\/genevieveetbernardauxameriques.fr\/wp-content\/uploads\/2017\/03\/P1070674.jpg?ssl=1\"><img loading=\"lazy\" decoding=\"async\" data-attachment-id=\"17553\" data-permalink=\"https:\/\/genevieveetbernardauxameriques.fr\/index.php\/2017\/04\/06\/colombie-2eme-article-la-route-du-cafe\/p1070674\/\" data-orig-file=\"https:\/\/i0.wp.com\/genevieveetbernardauxameriques.fr\/wp-content\/uploads\/2017\/03\/P1070674.jpg?fit=640%2C480&amp;ssl=1\" data-orig-size=\"640,480\" data-comments-opened=\"1\" data-image-meta=\"{&quot;aperture&quot;:&quot;4.5&quot;,&quot;credit&quot;:&quot;&quot;,&quot;camera&quot;:&quot;DMC-TZ55&quot;,&quot;caption&quot;:&quot;&quot;,&quot;created_timestamp&quot;:&quot;1490718423&quot;,&quot;copyright&quot;:&quot;&quot;,&quot;focal_length&quot;:&quot;5.4&quot;,&quot;iso&quot;:&quot;100&quot;,&quot;shutter_speed&quot;:&quot;0.0025&quot;,&quot;title&quot;:&quot;&quot;,&quot;orientation&quot;:&quot;1&quot;}\" data-image-title=\"P1070674\" data-image-description=\"\" data-image-caption=\"\" data-medium-file=\"https:\/\/i0.wp.com\/genevieveetbernardauxameriques.fr\/wp-content\/uploads\/2017\/03\/P1070674.jpg?fit=300%2C225&amp;ssl=1\" data-large-file=\"https:\/\/i0.wp.com\/genevieveetbernardauxameriques.fr\/wp-content\/uploads\/2017\/03\/P1070674.jpg?fit=640%2C480&amp;ssl=1\" class=\"alignnone size-full wp-image-17553\" src=\"https:\/\/i0.wp.com\/genevieveetbernardauxameriques.fr\/wp-content\/uploads\/2017\/03\/P1070674.jpg?resize=640%2C480&#038;ssl=1\" alt=\"\" width=\"640\" height=\"480\" srcset=\"https:\/\/i0.wp.com\/genevieveetbernardauxameriques.fr\/wp-content\/uploads\/2017\/03\/P1070674.jpg?w=640&amp;ssl=1 640w, https:\/\/i0.wp.com\/genevieveetbernardauxameriques.fr\/wp-content\/uploads\/2017\/03\/P1070674.jpg?resize=300%2C225&amp;ssl=1 300w\" sizes=\"(max-width: 640px) 100vw, 640px\" data-recalc-dims=\"1\" \/><\/a><a href=\"https:\/\/i0.wp.com\/genevieveetbernardauxameriques.fr\/wp-content\/uploads\/2017\/03\/P1070676.jpg?ssl=1\"><img loading=\"lazy\" decoding=\"async\" data-attachment-id=\"17555\" data-permalink=\"https:\/\/genevieveetbernardauxameriques.fr\/index.php\/2017\/04\/06\/colombie-2eme-article-la-route-du-cafe\/p1070676-2\/\" data-orig-file=\"https:\/\/i0.wp.com\/genevieveetbernardauxameriques.fr\/wp-content\/uploads\/2017\/03\/P1070676.jpg?fit=640%2C480&amp;ssl=1\" data-orig-size=\"640,480\" data-comments-opened=\"1\" data-image-meta=\"{&quot;aperture&quot;:&quot;4&quot;,&quot;credit&quot;:&quot;&quot;,&quot;camera&quot;:&quot;DMC-TZ55&quot;,&quot;caption&quot;:&quot;&quot;,&quot;created_timestamp&quot;:&quot;1490718727&quot;,&quot;copyright&quot;:&quot;&quot;,&quot;focal_length&quot;:&quot;4.3&quot;,&quot;iso&quot;:&quot;100&quot;,&quot;shutter_speed&quot;:&quot;0.002&quot;,&quot;title&quot;:&quot;&quot;,&quot;orientation&quot;:&quot;1&quot;}\" data-image-title=\"P1070676\" data-image-description=\"\" data-image-caption=\"\" data-medium-file=\"https:\/\/i0.wp.com\/genevieveetbernardauxameriques.fr\/wp-content\/uploads\/2017\/03\/P1070676.jpg?fit=300%2C225&amp;ssl=1\" data-large-file=\"https:\/\/i0.wp.com\/genevieveetbernardauxameriques.fr\/wp-content\/uploads\/2017\/03\/P1070676.jpg?fit=640%2C480&amp;ssl=1\" class=\"alignnone size-full wp-image-17555\" src=\"https:\/\/i0.wp.com\/genevieveetbernardauxameriques.fr\/wp-content\/uploads\/2017\/03\/P1070676.jpg?resize=640%2C480&#038;ssl=1\" alt=\"\" width=\"640\" height=\"480\" srcset=\"https:\/\/i0.wp.com\/genevieveetbernardauxameriques.fr\/wp-content\/uploads\/2017\/03\/P1070676.jpg?w=640&amp;ssl=1 640w, https:\/\/i0.wp.com\/genevieveetbernardauxameriques.fr\/wp-content\/uploads\/2017\/03\/P1070676.jpg?resize=300%2C225&amp;ssl=1 300w\" sizes=\"(max-width: 640px) 100vw, 640px\" data-recalc-dims=\"1\" \/><\/a><a href=\"https:\/\/i0.wp.com\/genevieveetbernardauxameriques.fr\/wp-content\/uploads\/2017\/03\/DSCN9724.jpg?ssl=1\"><img loading=\"lazy\" decoding=\"async\" data-attachment-id=\"17494\" data-permalink=\"https:\/\/genevieveetbernardauxameriques.fr\/index.php\/2017\/04\/06\/colombie-2eme-article-la-route-du-cafe\/dscn9724\/\" data-orig-file=\"https:\/\/i0.wp.com\/genevieveetbernardauxameriques.fr\/wp-content\/uploads\/2017\/03\/DSCN9724.jpg?fit=720%2C540&amp;ssl=1\" data-orig-size=\"720,540\" data-comments-opened=\"1\" data-image-meta=\"{&quot;aperture&quot;:&quot;2.8&quot;,&quot;credit&quot;:&quot;&quot;,&quot;camera&quot;:&quot;COOLPIX P900&quot;,&quot;caption&quot;:&quot;&quot;,&quot;created_timestamp&quot;:&quot;1490666161&quot;,&quot;copyright&quot;:&quot;&quot;,&quot;focal_length&quot;:&quot;4.3&quot;,&quot;iso&quot;:&quot;400&quot;,&quot;shutter_speed&quot;:&quot;0.1&quot;,&quot;title&quot;:&quot;&quot;,&quot;orientation&quot;:&quot;1&quot;}\" data-image-title=\"DSCN9724\" data-image-description=\"\" data-image-caption=\"\" data-medium-file=\"https:\/\/i0.wp.com\/genevieveetbernardauxameriques.fr\/wp-content\/uploads\/2017\/03\/DSCN9724.jpg?fit=300%2C225&amp;ssl=1\" data-large-file=\"https:\/\/i0.wp.com\/genevieveetbernardauxameriques.fr\/wp-content\/uploads\/2017\/03\/DSCN9724.jpg?fit=640%2C480&amp;ssl=1\" class=\"alignnone size-full wp-image-17494\" src=\"https:\/\/i0.wp.com\/genevieveetbernardauxameriques.fr\/wp-content\/uploads\/2017\/03\/DSCN9724.jpg?resize=640%2C480&#038;ssl=1\" alt=\"\" width=\"640\" height=\"480\" srcset=\"https:\/\/i0.wp.com\/genevieveetbernardauxameriques.fr\/wp-content\/uploads\/2017\/03\/DSCN9724.jpg?w=720&amp;ssl=1 720w, https:\/\/i0.wp.com\/genevieveetbernardauxameriques.fr\/wp-content\/uploads\/2017\/03\/DSCN9724.jpg?resize=300%2C225&amp;ssl=1 300w\" sizes=\"(max-width: 640px) 100vw, 640px\" data-recalc-dims=\"1\" \/><\/a><a href=\"https:\/\/i0.wp.com\/genevieveetbernardauxameriques.fr\/wp-content\/uploads\/2017\/03\/DSCN9725.jpg?ssl=1\"><img loading=\"lazy\" decoding=\"async\" data-attachment-id=\"17495\" data-permalink=\"https:\/\/genevieveetbernardauxameriques.fr\/index.php\/2017\/04\/06\/colombie-2eme-article-la-route-du-cafe\/dscn9725\/\" data-orig-file=\"https:\/\/i0.wp.com\/genevieveetbernardauxameriques.fr\/wp-content\/uploads\/2017\/03\/DSCN9725.jpg?fit=720%2C540&amp;ssl=1\" data-orig-size=\"720,540\" data-comments-opened=\"1\" data-image-meta=\"{&quot;aperture&quot;:&quot;4.5&quot;,&quot;credit&quot;:&quot;&quot;,&quot;camera&quot;:&quot;COOLPIX P900&quot;,&quot;caption&quot;:&quot;&quot;,&quot;created_timestamp&quot;:&quot;1490666181&quot;,&quot;copyright&quot;:&quot;&quot;,&quot;focal_length&quot;:&quot;26.8&quot;,&quot;iso&quot;:&quot;800&quot;,&quot;shutter_speed&quot;:&quot;0.16666666666667&quot;,&quot;title&quot;:&quot;&quot;,&quot;orientation&quot;:&quot;1&quot;}\" data-image-title=\"DSCN9725\" data-image-description=\"\" data-image-caption=\"\" data-medium-file=\"https:\/\/i0.wp.com\/genevieveetbernardauxameriques.fr\/wp-content\/uploads\/2017\/03\/DSCN9725.jpg?fit=300%2C225&amp;ssl=1\" data-large-file=\"https:\/\/i0.wp.com\/genevieveetbernardauxameriques.fr\/wp-content\/uploads\/2017\/03\/DSCN9725.jpg?fit=640%2C480&amp;ssl=1\" class=\"alignnone size-full wp-image-17495\" src=\"https:\/\/i0.wp.com\/genevieveetbernardauxameriques.fr\/wp-content\/uploads\/2017\/03\/DSCN9725.jpg?resize=640%2C480&#038;ssl=1\" alt=\"\" width=\"640\" height=\"480\" srcset=\"https:\/\/i0.wp.com\/genevieveetbernardauxameriques.fr\/wp-content\/uploads\/2017\/03\/DSCN9725.jpg?w=720&amp;ssl=1 720w, https:\/\/i0.wp.com\/genevieveetbernardauxameriques.fr\/wp-content\/uploads\/2017\/03\/DSCN9725.jpg?resize=300%2C225&amp;ssl=1 300w\" sizes=\"(max-width: 640px) 100vw, 640px\" data-recalc-dims=\"1\" \/><\/a><a href=\"https:\/\/i0.wp.com\/genevieveetbernardauxameriques.fr\/wp-content\/uploads\/2017\/03\/DSCN9727.jpg?ssl=1\"><img loading=\"lazy\" decoding=\"async\" data-attachment-id=\"17497\" data-permalink=\"https:\/\/genevieveetbernardauxameriques.fr\/index.php\/2017\/04\/06\/colombie-2eme-article-la-route-du-cafe\/dscn9727\/\" data-orig-file=\"https:\/\/i0.wp.com\/genevieveetbernardauxameriques.fr\/wp-content\/uploads\/2017\/03\/DSCN9727.jpg?fit=720%2C540&amp;ssl=1\" data-orig-size=\"720,540\" data-comments-opened=\"1\" data-image-meta=\"{&quot;aperture&quot;:&quot;3.2&quot;,&quot;credit&quot;:&quot;&quot;,&quot;camera&quot;:&quot;COOLPIX P900&quot;,&quot;caption&quot;:&quot;&quot;,&quot;created_timestamp&quot;:&quot;1490715497&quot;,&quot;copyright&quot;:&quot;&quot;,&quot;focal_length&quot;:&quot;7.1&quot;,&quot;iso&quot;:&quot;100&quot;,&quot;shutter_speed&quot;:&quot;0.0025&quot;,&quot;title&quot;:&quot;&quot;,&quot;orientation&quot;:&quot;1&quot;}\" data-image-title=\"DSCN9727\" data-image-description=\"\" data-image-caption=\"\" data-medium-file=\"https:\/\/i0.wp.com\/genevieveetbernardauxameriques.fr\/wp-content\/uploads\/2017\/03\/DSCN9727.jpg?fit=300%2C225&amp;ssl=1\" data-large-file=\"https:\/\/i0.wp.com\/genevieveetbernardauxameriques.fr\/wp-content\/uploads\/2017\/03\/DSCN9727.jpg?fit=640%2C480&amp;ssl=1\" class=\"alignnone size-full wp-image-17497\" src=\"https:\/\/i0.wp.com\/genevieveetbernardauxameriques.fr\/wp-content\/uploads\/2017\/03\/DSCN9727.jpg?resize=640%2C480&#038;ssl=1\" alt=\"\" width=\"640\" height=\"480\" srcset=\"https:\/\/i0.wp.com\/genevieveetbernardauxameriques.fr\/wp-content\/uploads\/2017\/03\/DSCN9727.jpg?w=720&amp;ssl=1 720w, https:\/\/i0.wp.com\/genevieveetbernardauxameriques.fr\/wp-content\/uploads\/2017\/03\/DSCN9727.jpg?resize=300%2C225&amp;ssl=1 300w\" sizes=\"(max-width: 640px) 100vw, 640px\" data-recalc-dims=\"1\" \/><\/a><a href=\"https:\/\/i0.wp.com\/genevieveetbernardauxameriques.fr\/wp-content\/uploads\/2017\/03\/P1070673.jpg?ssl=1\"><img loading=\"lazy\" decoding=\"async\" data-attachment-id=\"17552\" data-permalink=\"https:\/\/genevieveetbernardauxameriques.fr\/index.php\/2017\/04\/06\/colombie-2eme-article-la-route-du-cafe\/p1070673\/\" data-orig-file=\"https:\/\/i0.wp.com\/genevieveetbernardauxameriques.fr\/wp-content\/uploads\/2017\/03\/P1070673.jpg?fit=640%2C480&amp;ssl=1\" data-orig-size=\"640,480\" data-comments-opened=\"1\" data-image-meta=\"{&quot;aperture&quot;:&quot;4.5&quot;,&quot;credit&quot;:&quot;&quot;,&quot;camera&quot;:&quot;DMC-TZ55&quot;,&quot;caption&quot;:&quot;&quot;,&quot;created_timestamp&quot;:&quot;1490718385&quot;,&quot;copyright&quot;:&quot;&quot;,&quot;focal_length&quot;:&quot;5.4&quot;,&quot;iso&quot;:&quot;100&quot;,&quot;shutter_speed&quot;:&quot;0.00625&quot;,&quot;title&quot;:&quot;&quot;,&quot;orientation&quot;:&quot;1&quot;}\" data-image-title=\"P1070673\" data-image-description=\"\" data-image-caption=\"\" data-medium-file=\"https:\/\/i0.wp.com\/genevieveetbernardauxameriques.fr\/wp-content\/uploads\/2017\/03\/P1070673.jpg?fit=300%2C225&amp;ssl=1\" data-large-file=\"https:\/\/i0.wp.com\/genevieveetbernardauxameriques.fr\/wp-content\/uploads\/2017\/03\/P1070673.jpg?fit=640%2C480&amp;ssl=1\" class=\"alignnone size-full wp-image-17552\" src=\"https:\/\/i0.wp.com\/genevieveetbernardauxameriques.fr\/wp-content\/uploads\/2017\/03\/P1070673.jpg?resize=640%2C480&#038;ssl=1\" alt=\"\" width=\"640\" height=\"480\" srcset=\"https:\/\/i0.wp.com\/genevieveetbernardauxameriques.fr\/wp-content\/uploads\/2017\/03\/P1070673.jpg?w=640&amp;ssl=1 640w, https:\/\/i0.wp.com\/genevieveetbernardauxameriques.fr\/wp-content\/uploads\/2017\/03\/P1070673.jpg?resize=300%2C225&amp;ssl=1 300w\" sizes=\"(max-width: 640px) 100vw, 640px\" data-recalc-dims=\"1\" \/><\/a><\/p>\n<p>Il est t\u00f4t les magasins sont encore ferm\u00e9s<\/p>\n<p><a href=\"https:\/\/i0.wp.com\/genevieveetbernardauxameriques.fr\/wp-content\/uploads\/2017\/03\/P1070671.jpg?ssl=1\"><img loading=\"lazy\" decoding=\"async\" data-attachment-id=\"17550\" data-permalink=\"https:\/\/genevieveetbernardauxameriques.fr\/index.php\/2017\/04\/06\/colombie-2eme-article-la-route-du-cafe\/p1070671-2\/\" data-orig-file=\"https:\/\/i0.wp.com\/genevieveetbernardauxameriques.fr\/wp-content\/uploads\/2017\/03\/P1070671.jpg?fit=640%2C480&amp;ssl=1\" data-orig-size=\"640,480\" data-comments-opened=\"1\" data-image-meta=\"{&quot;aperture&quot;:&quot;5&quot;,&quot;credit&quot;:&quot;&quot;,&quot;camera&quot;:&quot;DMC-TZ55&quot;,&quot;caption&quot;:&quot;&quot;,&quot;created_timestamp&quot;:&quot;1490718329&quot;,&quot;copyright&quot;:&quot;&quot;,&quot;focal_length&quot;:&quot;9&quot;,&quot;iso&quot;:&quot;100&quot;,&quot;shutter_speed&quot;:&quot;0.005&quot;,&quot;title&quot;:&quot;&quot;,&quot;orientation&quot;:&quot;1&quot;}\" data-image-title=\"P1070671\" data-image-description=\"\" data-image-caption=\"\" data-medium-file=\"https:\/\/i0.wp.com\/genevieveetbernardauxameriques.fr\/wp-content\/uploads\/2017\/03\/P1070671.jpg?fit=300%2C225&amp;ssl=1\" data-large-file=\"https:\/\/i0.wp.com\/genevieveetbernardauxameriques.fr\/wp-content\/uploads\/2017\/03\/P1070671.jpg?fit=640%2C480&amp;ssl=1\" class=\"alignnone size-full wp-image-17550\" src=\"https:\/\/i0.wp.com\/genevieveetbernardauxameriques.fr\/wp-content\/uploads\/2017\/03\/P1070671.jpg?resize=640%2C480&#038;ssl=1\" alt=\"\" width=\"640\" height=\"480\" srcset=\"https:\/\/i0.wp.com\/genevieveetbernardauxameriques.fr\/wp-content\/uploads\/2017\/03\/P1070671.jpg?w=640&amp;ssl=1 640w, https:\/\/i0.wp.com\/genevieveetbernardauxameriques.fr\/wp-content\/uploads\/2017\/03\/P1070671.jpg?resize=300%2C225&amp;ssl=1 300w\" sizes=\"(max-width: 640px) 100vw, 640px\" data-recalc-dims=\"1\" \/><\/a><a href=\"https:\/\/i0.wp.com\/genevieveetbernardauxameriques.fr\/wp-content\/uploads\/2017\/03\/P1070637.jpg?ssl=1\"><img loading=\"lazy\" decoding=\"async\" data-attachment-id=\"17525\" data-permalink=\"https:\/\/genevieveetbernardauxameriques.fr\/index.php\/2017\/04\/06\/colombie-2eme-article-la-route-du-cafe\/p1070637\/\" data-orig-file=\"https:\/\/i0.wp.com\/genevieveetbernardauxameriques.fr\/wp-content\/uploads\/2017\/03\/P1070637.jpg?fit=640%2C480&amp;ssl=1\" data-orig-size=\"640,480\" data-comments-opened=\"1\" data-image-meta=\"{&quot;aperture&quot;:&quot;4&quot;,&quot;credit&quot;:&quot;&quot;,&quot;camera&quot;:&quot;DMC-TZ55&quot;,&quot;caption&quot;:&quot;&quot;,&quot;created_timestamp&quot;:&quot;1490716797&quot;,&quot;copyright&quot;:&quot;&quot;,&quot;focal_length&quot;:&quot;4.3&quot;,&quot;iso&quot;:&quot;125&quot;,&quot;shutter_speed&quot;:&quot;0.0025&quot;,&quot;title&quot;:&quot;&quot;,&quot;orientation&quot;:&quot;1&quot;}\" data-image-title=\"P1070637\" data-image-description=\"\" data-image-caption=\"\" data-medium-file=\"https:\/\/i0.wp.com\/genevieveetbernardauxameriques.fr\/wp-content\/uploads\/2017\/03\/P1070637.jpg?fit=300%2C225&amp;ssl=1\" data-large-file=\"https:\/\/i0.wp.com\/genevieveetbernardauxameriques.fr\/wp-content\/uploads\/2017\/03\/P1070637.jpg?fit=640%2C480&amp;ssl=1\" class=\"alignnone size-full wp-image-17525\" src=\"https:\/\/i0.wp.com\/genevieveetbernardauxameriques.fr\/wp-content\/uploads\/2017\/03\/P1070637.jpg?resize=640%2C480&#038;ssl=1\" alt=\"\" width=\"640\" height=\"480\" srcset=\"https:\/\/i0.wp.com\/genevieveetbernardauxameriques.fr\/wp-content\/uploads\/2017\/03\/P1070637.jpg?w=640&amp;ssl=1 640w, https:\/\/i0.wp.com\/genevieveetbernardauxameriques.fr\/wp-content\/uploads\/2017\/03\/P1070637.jpg?resize=300%2C225&amp;ssl=1 300w\" sizes=\"(max-width: 640px) 100vw, 640px\" data-recalc-dims=\"1\" \/><\/a> <a href=\"https:\/\/i0.wp.com\/genevieveetbernardauxameriques.fr\/wp-content\/uploads\/2017\/03\/P1070638.jpg?ssl=1\"><img loading=\"lazy\" decoding=\"async\" data-attachment-id=\"17526\" data-permalink=\"https:\/\/genevieveetbernardauxameriques.fr\/index.php\/2017\/04\/06\/colombie-2eme-article-la-route-du-cafe\/p1070638\/\" data-orig-file=\"https:\/\/i0.wp.com\/genevieveetbernardauxameriques.fr\/wp-content\/uploads\/2017\/03\/P1070638.jpg?fit=640%2C480&amp;ssl=1\" data-orig-size=\"640,480\" data-comments-opened=\"1\" data-image-meta=\"{&quot;aperture&quot;:&quot;4&quot;,&quot;credit&quot;:&quot;&quot;,&quot;camera&quot;:&quot;DMC-TZ55&quot;,&quot;caption&quot;:&quot;&quot;,&quot;created_timestamp&quot;:&quot;1490716808&quot;,&quot;copyright&quot;:&quot;&quot;,&quot;focal_length&quot;:&quot;4.3&quot;,&quot;iso&quot;:&quot;100&quot;,&quot;shutter_speed&quot;:&quot;0.003125&quot;,&quot;title&quot;:&quot;&quot;,&quot;orientation&quot;:&quot;1&quot;}\" data-image-title=\"P1070638\" data-image-description=\"\" data-image-caption=\"\" data-medium-file=\"https:\/\/i0.wp.com\/genevieveetbernardauxameriques.fr\/wp-content\/uploads\/2017\/03\/P1070638.jpg?fit=300%2C225&amp;ssl=1\" data-large-file=\"https:\/\/i0.wp.com\/genevieveetbernardauxameriques.fr\/wp-content\/uploads\/2017\/03\/P1070638.jpg?fit=640%2C480&amp;ssl=1\" class=\"alignnone size-full wp-image-17526\" src=\"https:\/\/i0.wp.com\/genevieveetbernardauxameriques.fr\/wp-content\/uploads\/2017\/03\/P1070638.jpg?resize=640%2C480&#038;ssl=1\" alt=\"\" width=\"640\" height=\"480\" srcset=\"https:\/\/i0.wp.com\/genevieveetbernardauxameriques.fr\/wp-content\/uploads\/2017\/03\/P1070638.jpg?w=640&amp;ssl=1 640w, https:\/\/i0.wp.com\/genevieveetbernardauxameriques.fr\/wp-content\/uploads\/2017\/03\/P1070638.jpg?resize=300%2C225&amp;ssl=1 300w\" sizes=\"(max-width: 640px) 100vw, 640px\" data-recalc-dims=\"1\" \/><\/a> <a href=\"https:\/\/i0.wp.com\/genevieveetbernardauxameriques.fr\/wp-content\/uploads\/2017\/03\/P1070639.jpg?ssl=1\"><img loading=\"lazy\" decoding=\"async\" data-attachment-id=\"17527\" data-permalink=\"https:\/\/genevieveetbernardauxameriques.fr\/index.php\/2017\/04\/06\/colombie-2eme-article-la-route-du-cafe\/p1070639-2\/\" data-orig-file=\"https:\/\/i0.wp.com\/genevieveetbernardauxameriques.fr\/wp-content\/uploads\/2017\/03\/P1070639.jpg?fit=640%2C480&amp;ssl=1\" data-orig-size=\"640,480\" data-comments-opened=\"1\" data-image-meta=\"{&quot;aperture&quot;:&quot;4&quot;,&quot;credit&quot;:&quot;&quot;,&quot;camera&quot;:&quot;DMC-TZ55&quot;,&quot;caption&quot;:&quot;&quot;,&quot;created_timestamp&quot;:&quot;1490716841&quot;,&quot;copyright&quot;:&quot;&quot;,&quot;focal_length&quot;:&quot;4.3&quot;,&quot;iso&quot;:&quot;100&quot;,&quot;shutter_speed&quot;:&quot;0.004&quot;,&quot;title&quot;:&quot;&quot;,&quot;orientation&quot;:&quot;1&quot;}\" data-image-title=\"P1070639\" data-image-description=\"\" data-image-caption=\"\" data-medium-file=\"https:\/\/i0.wp.com\/genevieveetbernardauxameriques.fr\/wp-content\/uploads\/2017\/03\/P1070639.jpg?fit=300%2C225&amp;ssl=1\" data-large-file=\"https:\/\/i0.wp.com\/genevieveetbernardauxameriques.fr\/wp-content\/uploads\/2017\/03\/P1070639.jpg?fit=640%2C480&amp;ssl=1\" class=\"alignnone size-full wp-image-17527\" src=\"https:\/\/i0.wp.com\/genevieveetbernardauxameriques.fr\/wp-content\/uploads\/2017\/03\/P1070639.jpg?resize=640%2C480&#038;ssl=1\" alt=\"\" width=\"640\" height=\"480\" srcset=\"https:\/\/i0.wp.com\/genevieveetbernardauxameriques.fr\/wp-content\/uploads\/2017\/03\/P1070639.jpg?w=640&amp;ssl=1 640w, https:\/\/i0.wp.com\/genevieveetbernardauxameriques.fr\/wp-content\/uploads\/2017\/03\/P1070639.jpg?resize=300%2C225&amp;ssl=1 300w\" sizes=\"(max-width: 640px) 100vw, 640px\" data-recalc-dims=\"1\" \/><\/a><\/p>\n<p>Le laitier fait du porte \u00e0 porte,<\/p>\n<p><a href=\"https:\/\/i0.wp.com\/genevieveetbernardauxameriques.fr\/wp-content\/uploads\/2017\/03\/P1070668.jpg?ssl=1\"><img loading=\"lazy\" decoding=\"async\" data-attachment-id=\"17547\" data-permalink=\"https:\/\/genevieveetbernardauxameriques.fr\/index.php\/2017\/04\/06\/colombie-2eme-article-la-route-du-cafe\/p1070668\/\" data-orig-file=\"https:\/\/i0.wp.com\/genevieveetbernardauxameriques.fr\/wp-content\/uploads\/2017\/03\/P1070668.jpg?fit=640%2C480&amp;ssl=1\" data-orig-size=\"640,480\" data-comments-opened=\"1\" data-image-meta=\"{&quot;aperture&quot;:&quot;5.2&quot;,&quot;credit&quot;:&quot;&quot;,&quot;camera&quot;:&quot;DMC-TZ55&quot;,&quot;caption&quot;:&quot;&quot;,&quot;created_timestamp&quot;:&quot;1490718259&quot;,&quot;copyright&quot;:&quot;&quot;,&quot;focal_length&quot;:&quot;16.1&quot;,&quot;iso&quot;:&quot;1250&quot;,&quot;shutter_speed&quot;:&quot;0.002&quot;,&quot;title&quot;:&quot;&quot;,&quot;orientation&quot;:&quot;1&quot;}\" data-image-title=\"P1070668\" data-image-description=\"\" data-image-caption=\"\" data-medium-file=\"https:\/\/i0.wp.com\/genevieveetbernardauxameriques.fr\/wp-content\/uploads\/2017\/03\/P1070668.jpg?fit=300%2C225&amp;ssl=1\" data-large-file=\"https:\/\/i0.wp.com\/genevieveetbernardauxameriques.fr\/wp-content\/uploads\/2017\/03\/P1070668.jpg?fit=640%2C480&amp;ssl=1\" class=\"alignnone size-full wp-image-17547\" src=\"https:\/\/i0.wp.com\/genevieveetbernardauxameriques.fr\/wp-content\/uploads\/2017\/03\/P1070668.jpg?resize=640%2C480&#038;ssl=1\" alt=\"\" width=\"640\" height=\"480\" srcset=\"https:\/\/i0.wp.com\/genevieveetbernardauxameriques.fr\/wp-content\/uploads\/2017\/03\/P1070668.jpg?w=640&amp;ssl=1 640w, https:\/\/i0.wp.com\/genevieveetbernardauxameriques.fr\/wp-content\/uploads\/2017\/03\/P1070668.jpg?resize=300%2C225&amp;ssl=1 300w\" sizes=\"(max-width: 640px) 100vw, 640px\" data-recalc-dims=\"1\" \/><\/a> <a href=\"https:\/\/i0.wp.com\/genevieveetbernardauxameriques.fr\/wp-content\/uploads\/2017\/03\/P1070664.jpg?ssl=1\"><img loading=\"lazy\" decoding=\"async\" data-attachment-id=\"17545\" data-permalink=\"https:\/\/genevieveetbernardauxameriques.fr\/index.php\/2017\/04\/06\/colombie-2eme-article-la-route-du-cafe\/p1070664\/\" data-orig-file=\"https:\/\/i0.wp.com\/genevieveetbernardauxameriques.fr\/wp-content\/uploads\/2017\/03\/P1070664.jpg?fit=640%2C480&amp;ssl=1\" data-orig-size=\"640,480\" data-comments-opened=\"1\" data-image-meta=\"{&quot;aperture&quot;:&quot;4&quot;,&quot;credit&quot;:&quot;&quot;,&quot;camera&quot;:&quot;DMC-TZ55&quot;,&quot;caption&quot;:&quot;&quot;,&quot;created_timestamp&quot;:&quot;1490718155&quot;,&quot;copyright&quot;:&quot;&quot;,&quot;focal_length&quot;:&quot;4.3&quot;,&quot;iso&quot;:&quot;100&quot;,&quot;shutter_speed&quot;:&quot;0.00125&quot;,&quot;title&quot;:&quot;&quot;,&quot;orientation&quot;:&quot;1&quot;}\" data-image-title=\"P1070664\" data-image-description=\"\" data-image-caption=\"\" data-medium-file=\"https:\/\/i0.wp.com\/genevieveetbernardauxameriques.fr\/wp-content\/uploads\/2017\/03\/P1070664.jpg?fit=300%2C225&amp;ssl=1\" data-large-file=\"https:\/\/i0.wp.com\/genevieveetbernardauxameriques.fr\/wp-content\/uploads\/2017\/03\/P1070664.jpg?fit=640%2C480&amp;ssl=1\" class=\"alignnone size-full wp-image-17545\" src=\"https:\/\/i0.wp.com\/genevieveetbernardauxameriques.fr\/wp-content\/uploads\/2017\/03\/P1070664.jpg?resize=640%2C480&#038;ssl=1\" alt=\"\" width=\"640\" height=\"480\" srcset=\"https:\/\/i0.wp.com\/genevieveetbernardauxameriques.fr\/wp-content\/uploads\/2017\/03\/P1070664.jpg?w=640&amp;ssl=1 640w, https:\/\/i0.wp.com\/genevieveetbernardauxameriques.fr\/wp-content\/uploads\/2017\/03\/P1070664.jpg?resize=300%2C225&amp;ssl=1 300w\" sizes=\"(max-width: 640px) 100vw, 640px\" data-recalc-dims=\"1\" \/><\/a><\/p>\n<div class=\"tiled-gallery type-rectangular tiled-gallery-unresized\" data-original-width=\"640\" data-carousel-extra='{&quot;blog_id&quot;:1,&quot;permalink&quot;:&quot;https:\\\/\\\/genevieveetbernardauxameriques.fr\\\/index.php\\\/2017\\\/04\\\/06\\\/colombie-2eme-article-la-route-du-cafe\\\/&quot;,&quot;likes_blog_id&quot;:107627276}' itemscope itemtype=\"http:\/\/schema.org\/ImageGallery\" > <div class=\"gallery-row\" style=\"width: 640px; height: 425px;\" data-original-width=\"640\" data-original-height=\"425\" > <div class=\"gallery-group images-1\" style=\"width: 320px; height: 425px;\" data-original-width=\"320\" data-original-height=\"425\" > <div class=\"tiled-gallery-item tiled-gallery-item-large\" itemprop=\"associatedMedia\" itemscope itemtype=\"http:\/\/schema.org\/ImageObject\"> <a href=\"https:\/\/genevieveetbernardauxameriques.fr\/index.php\/2017\/04\/06\/colombie-2eme-article-la-route-du-cafe\/p1070672\/\" border=\"0\" itemprop=\"url\"> <meta itemprop=\"width\" content=\"316\"> <meta itemprop=\"height\" content=\"421\"> <img decoding=\"async\" class=\"\" data-attachment-id=\"17551\" data-orig-file=\"https:\/\/genevieveetbernardauxameriques.fr\/wp-content\/uploads\/2017\/03\/P1070672.jpg\" data-orig-size=\"480,640\" data-comments-opened=\"1\" data-image-meta=\"{&quot;aperture&quot;:&quot;4.4&quot;,&quot;credit&quot;:&quot;&quot;,&quot;camera&quot;:&quot;DMC-TZ55&quot;,&quot;caption&quot;:&quot;&quot;,&quot;created_timestamp&quot;:&quot;1490718352&quot;,&quot;copyright&quot;:&quot;&quot;,&quot;focal_length&quot;:&quot;9&quot;,&quot;iso&quot;:&quot;100&quot;,&quot;shutter_speed&quot;:&quot;0.01&quot;,&quot;title&quot;:&quot;&quot;,&quot;orientation&quot;:&quot;1&quot;}\" data-image-title=\"P1070672\" data-image-description=\"\" data-medium-file=\"https:\/\/i0.wp.com\/genevieveetbernardauxameriques.fr\/wp-content\/uploads\/2017\/03\/P1070672.jpg?fit=225%2C300&#038;ssl=1\" data-large-file=\"https:\/\/i0.wp.com\/genevieveetbernardauxameriques.fr\/wp-content\/uploads\/2017\/03\/P1070672.jpg?fit=480%2C640&#038;ssl=1\" src=\"https:\/\/i0.wp.com\/genevieveetbernardauxameriques.fr\/wp-content\/uploads\/2017\/03\/P1070672.jpg?w=316&#038;h=421&#038;ssl=1\" srcset=\"https:\/\/i0.wp.com\/genevieveetbernardauxameriques.fr\/wp-content\/uploads\/2017\/03\/P1070672.jpg?w=480&amp;ssl=1 480w, https:\/\/i0.wp.com\/genevieveetbernardauxameriques.fr\/wp-content\/uploads\/2017\/03\/P1070672.jpg?resize=225%2C300&amp;ssl=1 225w\" width=\"316\" height=\"421\" loading=\"lazy\" data-original-width=\"316\" data-original-height=\"421\" itemprop=\"http:\/\/schema.org\/image\" title=\"P1070672\" alt=\"P1070672\" style=\"width: 316px; height: 421px;\" \/> <\/a> <\/div> <\/div> <!-- close group --> <div class=\"gallery-group images-1\" style=\"width: 320px; height: 425px;\" data-original-width=\"320\" data-original-height=\"425\" > <div class=\"tiled-gallery-item tiled-gallery-item-large\" itemprop=\"associatedMedia\" itemscope itemtype=\"http:\/\/schema.org\/ImageObject\"> <a href=\"https:\/\/genevieveetbernardauxameriques.fr\/index.php\/2017\/04\/06\/colombie-2eme-article-la-route-du-cafe\/p1070669\/\" border=\"0\" itemprop=\"url\"> <meta itemprop=\"width\" content=\"316\"> <meta itemprop=\"height\" content=\"421\"> <img decoding=\"async\" class=\"\" data-attachment-id=\"17548\" data-orig-file=\"https:\/\/genevieveetbernardauxameriques.fr\/wp-content\/uploads\/2017\/03\/P1070669.jpg\" data-orig-size=\"480,640\" data-comments-opened=\"1\" data-image-meta=\"{&quot;aperture&quot;:&quot;5.2&quot;,&quot;credit&quot;:&quot;&quot;,&quot;camera&quot;:&quot;DMC-TZ55&quot;,&quot;caption&quot;:&quot;&quot;,&quot;created_timestamp&quot;:&quot;1490718268&quot;,&quot;copyright&quot;:&quot;&quot;,&quot;focal_length&quot;:&quot;16.1&quot;,&quot;iso&quot;:&quot;160&quot;,&quot;shutter_speed&quot;:&quot;0.016666666666667&quot;,&quot;title&quot;:&quot;&quot;,&quot;orientation&quot;:&quot;1&quot;}\" data-image-title=\"P1070669\" data-image-description=\"\" data-medium-file=\"https:\/\/i0.wp.com\/genevieveetbernardauxameriques.fr\/wp-content\/uploads\/2017\/03\/P1070669.jpg?fit=225%2C300&#038;ssl=1\" data-large-file=\"https:\/\/i0.wp.com\/genevieveetbernardauxameriques.fr\/wp-content\/uploads\/2017\/03\/P1070669.jpg?fit=480%2C640&#038;ssl=1\" src=\"https:\/\/i0.wp.com\/genevieveetbernardauxameriques.fr\/wp-content\/uploads\/2017\/03\/P1070669.jpg?w=316&#038;h=421&#038;ssl=1\" srcset=\"https:\/\/i0.wp.com\/genevieveetbernardauxameriques.fr\/wp-content\/uploads\/2017\/03\/P1070669.jpg?w=480&amp;ssl=1 480w, https:\/\/i0.wp.com\/genevieveetbernardauxameriques.fr\/wp-content\/uploads\/2017\/03\/P1070669.jpg?resize=225%2C300&amp;ssl=1 225w\" width=\"316\" height=\"421\" loading=\"lazy\" data-original-width=\"316\" data-original-height=\"421\" itemprop=\"http:\/\/schema.org\/image\" title=\"P1070669\" alt=\"P1070669\" style=\"width: 316px; height: 421px;\" \/> <\/a> <\/div> <\/div> <!-- close group --> <\/div> <!-- close row --> <div class=\"gallery-row\" style=\"width: 640px; height: 536px;\" data-original-width=\"640\" data-original-height=\"536\" > <div class=\"gallery-group images-1\" style=\"width: 403px; height: 536px;\" data-original-width=\"403\" data-original-height=\"536\" > <div class=\"tiled-gallery-item tiled-gallery-item-large\" itemprop=\"associatedMedia\" itemscope itemtype=\"http:\/\/schema.org\/ImageObject\"> <a href=\"https:\/\/genevieveetbernardauxameriques.fr\/index.php\/2017\/04\/06\/colombie-2eme-article-la-route-du-cafe\/p1070670\/\" border=\"0\" itemprop=\"url\"> <meta itemprop=\"width\" content=\"399\"> <meta itemprop=\"height\" content=\"532\"> <img decoding=\"async\" class=\"\" data-attachment-id=\"17549\" data-orig-file=\"https:\/\/genevieveetbernardauxameriques.fr\/wp-content\/uploads\/2017\/03\/P1070670.jpg\" data-orig-size=\"480,640\" data-comments-opened=\"1\" data-image-meta=\"{&quot;aperture&quot;:&quot;5&quot;,&quot;credit&quot;:&quot;&quot;,&quot;camera&quot;:&quot;DMC-TZ55&quot;,&quot;caption&quot;:&quot;&quot;,&quot;created_timestamp&quot;:&quot;1490718309&quot;,&quot;copyright&quot;:&quot;&quot;,&quot;focal_length&quot;:&quot;9&quot;,&quot;iso&quot;:&quot;100&quot;,&quot;shutter_speed&quot;:&quot;0.008&quot;,&quot;title&quot;:&quot;&quot;,&quot;orientation&quot;:&quot;1&quot;}\" data-image-title=\"P1070670\" data-image-description=\"\" data-medium-file=\"https:\/\/i0.wp.com\/genevieveetbernardauxameriques.fr\/wp-content\/uploads\/2017\/03\/P1070670.jpg?fit=225%2C300&#038;ssl=1\" data-large-file=\"https:\/\/i0.wp.com\/genevieveetbernardauxameriques.fr\/wp-content\/uploads\/2017\/03\/P1070670.jpg?fit=480%2C640&#038;ssl=1\" src=\"https:\/\/i0.wp.com\/genevieveetbernardauxameriques.fr\/wp-content\/uploads\/2017\/03\/P1070670.jpg?w=399&#038;h=532&#038;ssl=1\" srcset=\"https:\/\/i0.wp.com\/genevieveetbernardauxameriques.fr\/wp-content\/uploads\/2017\/03\/P1070670.jpg?w=480&amp;ssl=1 480w, https:\/\/i0.wp.com\/genevieveetbernardauxameriques.fr\/wp-content\/uploads\/2017\/03\/P1070670.jpg?resize=225%2C300&amp;ssl=1 225w\" width=\"399\" height=\"532\" loading=\"lazy\" data-original-width=\"399\" data-original-height=\"532\" itemprop=\"http:\/\/schema.org\/image\" title=\"P1070670\" alt=\"P1070670\" style=\"width: 399px; height: 532px;\" \/> <\/a> <\/div> <\/div> <!-- close group --> <div class=\"gallery-group images-3\" style=\"width: 237px; height: 536px;\" data-original-width=\"237\" data-original-height=\"536\" > <div class=\"tiled-gallery-item tiled-gallery-item-small\" itemprop=\"associatedMedia\" itemscope itemtype=\"http:\/\/schema.org\/ImageObject\"> <a href=\"https:\/\/genevieveetbernardauxameriques.fr\/index.php\/2017\/04\/06\/colombie-2eme-article-la-route-du-cafe\/p1070647-2\/\" border=\"0\" itemprop=\"url\"> <meta itemprop=\"width\" content=\"233\"> <meta itemprop=\"height\" content=\"175\"> <img decoding=\"async\" class=\"\" data-attachment-id=\"17531\" data-orig-file=\"https:\/\/genevieveetbernardauxameriques.fr\/wp-content\/uploads\/2017\/03\/P1070647.jpg\" data-orig-size=\"640,480\" data-comments-opened=\"1\" data-image-meta=\"{&quot;aperture&quot;:&quot;5&quot;,&quot;credit&quot;:&quot;&quot;,&quot;camera&quot;:&quot;DMC-TZ55&quot;,&quot;caption&quot;:&quot;&quot;,&quot;created_timestamp&quot;:&quot;1490717270&quot;,&quot;copyright&quot;:&quot;&quot;,&quot;focal_length&quot;:&quot;8.5&quot;,&quot;iso&quot;:&quot;100&quot;,&quot;shutter_speed&quot;:&quot;0.008&quot;,&quot;title&quot;:&quot;&quot;,&quot;orientation&quot;:&quot;1&quot;}\" data-image-title=\"P1070647\" data-image-description=\"\" data-medium-file=\"https:\/\/i0.wp.com\/genevieveetbernardauxameriques.fr\/wp-content\/uploads\/2017\/03\/P1070647.jpg?fit=300%2C225&#038;ssl=1\" data-large-file=\"https:\/\/i0.wp.com\/genevieveetbernardauxameriques.fr\/wp-content\/uploads\/2017\/03\/P1070647.jpg?fit=640%2C480&#038;ssl=1\" src=\"https:\/\/i0.wp.com\/genevieveetbernardauxameriques.fr\/wp-content\/uploads\/2017\/03\/P1070647.jpg?w=233&#038;h=175&#038;ssl=1\" srcset=\"https:\/\/i0.wp.com\/genevieveetbernardauxameriques.fr\/wp-content\/uploads\/2017\/03\/P1070647.jpg?w=640&amp;ssl=1 640w, https:\/\/i0.wp.com\/genevieveetbernardauxameriques.fr\/wp-content\/uploads\/2017\/03\/P1070647.jpg?resize=300%2C225&amp;ssl=1 300w\" width=\"233\" height=\"175\" loading=\"lazy\" data-original-width=\"233\" data-original-height=\"175\" itemprop=\"http:\/\/schema.org\/image\" title=\"P1070647\" alt=\"P1070647\" style=\"width: 233px; height: 175px;\" \/> <\/a> <\/div> <div class=\"tiled-gallery-item tiled-gallery-item-small\" itemprop=\"associatedMedia\" itemscope itemtype=\"http:\/\/schema.org\/ImageObject\"> <a href=\"https:\/\/genevieveetbernardauxameriques.fr\/index.php\/2017\/04\/06\/colombie-2eme-article-la-route-du-cafe\/p1070667\/\" border=\"0\" itemprop=\"url\"> <meta itemprop=\"width\" content=\"233\"> <meta itemprop=\"height\" content=\"175\"> <img decoding=\"async\" class=\"\" data-attachment-id=\"17546\" data-orig-file=\"https:\/\/genevieveetbernardauxameriques.fr\/wp-content\/uploads\/2017\/03\/P1070667.jpg\" data-orig-size=\"640,480\" data-comments-opened=\"1\" data-image-meta=\"{&quot;aperture&quot;:&quot;4&quot;,&quot;credit&quot;:&quot;&quot;,&quot;camera&quot;:&quot;DMC-TZ55&quot;,&quot;caption&quot;:&quot;&quot;,&quot;created_timestamp&quot;:&quot;1490718250&quot;,&quot;copyright&quot;:&quot;&quot;,&quot;focal_length&quot;:&quot;4.3&quot;,&quot;iso&quot;:&quot;320&quot;,&quot;shutter_speed&quot;:&quot;0.002&quot;,&quot;title&quot;:&quot;&quot;,&quot;orientation&quot;:&quot;1&quot;}\" data-image-title=\"P1070667\" data-image-description=\"\" data-medium-file=\"https:\/\/i0.wp.com\/genevieveetbernardauxameriques.fr\/wp-content\/uploads\/2017\/03\/P1070667.jpg?fit=300%2C225&#038;ssl=1\" data-large-file=\"https:\/\/i0.wp.com\/genevieveetbernardauxameriques.fr\/wp-content\/uploads\/2017\/03\/P1070667.jpg?fit=640%2C480&#038;ssl=1\" src=\"https:\/\/i0.wp.com\/genevieveetbernardauxameriques.fr\/wp-content\/uploads\/2017\/03\/P1070667.jpg?w=233&#038;h=175&#038;ssl=1\" srcset=\"https:\/\/i0.wp.com\/genevieveetbernardauxameriques.fr\/wp-content\/uploads\/2017\/03\/P1070667.jpg?w=640&amp;ssl=1 640w, https:\/\/i0.wp.com\/genevieveetbernardauxameriques.fr\/wp-content\/uploads\/2017\/03\/P1070667.jpg?resize=300%2C225&amp;ssl=1 300w\" width=\"233\" height=\"175\" loading=\"lazy\" data-original-width=\"233\" data-original-height=\"175\" itemprop=\"http:\/\/schema.org\/image\" title=\"P1070667\" alt=\"P1070667\" style=\"width: 233px; height: 175px;\" \/> <\/a> <\/div> <div class=\"tiled-gallery-item tiled-gallery-item-small\" itemprop=\"associatedMedia\" itemscope itemtype=\"http:\/\/schema.org\/ImageObject\"> <a href=\"https:\/\/genevieveetbernardauxameriques.fr\/index.php\/2017\/04\/06\/colombie-2eme-article-la-route-du-cafe\/p1070627-2\/\" border=\"0\" itemprop=\"url\"> <meta itemprop=\"width\" content=\"233\"> <meta itemprop=\"height\" content=\"174\"> <img decoding=\"async\" class=\"\" data-attachment-id=\"17604\" data-orig-file=\"https:\/\/genevieveetbernardauxameriques.fr\/wp-content\/uploads\/2017\/04\/P1070627.jpg\" data-orig-size=\"640,480\" data-comments-opened=\"1\" data-image-meta=\"{&quot;aperture&quot;:&quot;4&quot;,&quot;credit&quot;:&quot;&quot;,&quot;camera&quot;:&quot;DMC-TZ55&quot;,&quot;caption&quot;:&quot;&quot;,&quot;created_timestamp&quot;:&quot;1490716499&quot;,&quot;copyright&quot;:&quot;&quot;,&quot;focal_length&quot;:&quot;4.3&quot;,&quot;iso&quot;:&quot;100&quot;,&quot;shutter_speed&quot;:&quot;0.003125&quot;,&quot;title&quot;:&quot;&quot;,&quot;orientation&quot;:&quot;1&quot;}\" data-image-title=\"P1070627\" data-image-description=\"\" data-medium-file=\"https:\/\/i0.wp.com\/genevieveetbernardauxameriques.fr\/wp-content\/uploads\/2017\/04\/P1070627.jpg?fit=300%2C225&#038;ssl=1\" data-large-file=\"https:\/\/i0.wp.com\/genevieveetbernardauxameriques.fr\/wp-content\/uploads\/2017\/04\/P1070627.jpg?fit=640%2C480&#038;ssl=1\" src=\"https:\/\/i0.wp.com\/genevieveetbernardauxameriques.fr\/wp-content\/uploads\/2017\/04\/P1070627.jpg?w=233&#038;h=174&#038;ssl=1\" srcset=\"https:\/\/i0.wp.com\/genevieveetbernardauxameriques.fr\/wp-content\/uploads\/2017\/04\/P1070627.jpg?w=640&amp;ssl=1 640w, https:\/\/i0.wp.com\/genevieveetbernardauxameriques.fr\/wp-content\/uploads\/2017\/04\/P1070627.jpg?resize=300%2C225&amp;ssl=1 300w\" width=\"233\" height=\"174\" loading=\"lazy\" data-original-width=\"233\" data-original-height=\"174\" itemprop=\"http:\/\/schema.org\/image\" title=\"P1070627\" alt=\"P1070627\" style=\"width: 233px; height: 174px;\" \/> <\/a> <\/div> <\/div> <!-- close group --> <\/div> <!-- close row --> <\/div>\n<p><img loading=\"lazy\" decoding=\"async\" data-attachment-id=\"17606\" data-permalink=\"https:\/\/genevieveetbernardauxameriques.fr\/index.php\/2017\/04\/06\/colombie-2eme-article-la-route-du-cafe\/p1070631-2\/\" data-orig-file=\"https:\/\/i0.wp.com\/genevieveetbernardauxameriques.fr\/wp-content\/uploads\/2017\/04\/P1070631.jpg?fit=640%2C480&amp;ssl=1\" data-orig-size=\"640,480\" data-comments-opened=\"1\" data-image-meta=\"{&quot;aperture&quot;:&quot;4&quot;,&quot;credit&quot;:&quot;&quot;,&quot;camera&quot;:&quot;DMC-TZ55&quot;,&quot;caption&quot;:&quot;&quot;,&quot;created_timestamp&quot;:&quot;1490716603&quot;,&quot;copyright&quot;:&quot;&quot;,&quot;focal_length&quot;:&quot;4.3&quot;,&quot;iso&quot;:&quot;100&quot;,&quot;shutter_speed&quot;:&quot;0.002&quot;,&quot;title&quot;:&quot;&quot;,&quot;orientation&quot;:&quot;1&quot;}\" data-image-title=\"P1070631\" data-image-description=\"\" data-image-caption=\"\" data-medium-file=\"https:\/\/i0.wp.com\/genevieveetbernardauxameriques.fr\/wp-content\/uploads\/2017\/04\/P1070631.jpg?fit=300%2C225&amp;ssl=1\" data-large-file=\"https:\/\/i0.wp.com\/genevieveetbernardauxameriques.fr\/wp-content\/uploads\/2017\/04\/P1070631.jpg?fit=640%2C480&amp;ssl=1\" class=\"alignnone size-full wp-image-17606\" src=\"https:\/\/i0.wp.com\/genevieveetbernardauxameriques.fr\/wp-content\/uploads\/2017\/04\/P1070631.jpg?resize=640%2C480&#038;ssl=1\" alt=\"\" width=\"640\" height=\"480\" srcset=\"https:\/\/i0.wp.com\/genevieveetbernardauxameriques.fr\/wp-content\/uploads\/2017\/04\/P1070631.jpg?w=640&amp;ssl=1 640w, https:\/\/i0.wp.com\/genevieveetbernardauxameriques.fr\/wp-content\/uploads\/2017\/04\/P1070631.jpg?resize=300%2C225&amp;ssl=1 300w\" sizes=\"(max-width: 640px) 100vw, 640px\" data-recalc-dims=\"1\" \/><img loading=\"lazy\" decoding=\"async\" class=\"alignnone size-full wp-image-17520\" src=\"https:\/\/i0.wp.com\/genevieveetbernardauxameriques.fr\/wp-content\/uploads\/2017\/03\/P1070630.jpg?resize=640%2C480&#038;ssl=1\" alt=\"\" width=\"640\" height=\"480\" data-recalc-dims=\"1\" \/><\/p>\n<p><img loading=\"lazy\" decoding=\"async\" data-attachment-id=\"17611\" data-permalink=\"https:\/\/genevieveetbernardauxameriques.fr\/index.php\/2017\/04\/06\/colombie-2eme-article-la-route-du-cafe\/dscn9770\/\" data-orig-file=\"https:\/\/i0.wp.com\/genevieveetbernardauxameriques.fr\/wp-content\/uploads\/2017\/04\/DSCN9770.jpg?fit=720%2C540&amp;ssl=1\" data-orig-size=\"720,540\" data-comments-opened=\"1\" data-image-meta=\"{&quot;aperture&quot;:&quot;2.8&quot;,&quot;credit&quot;:&quot;&quot;,&quot;camera&quot;:&quot;COOLPIX P900&quot;,&quot;caption&quot;:&quot;&quot;,&quot;created_timestamp&quot;:&quot;1490805571&quot;,&quot;copyright&quot;:&quot;&quot;,&quot;focal_length&quot;:&quot;4.3&quot;,&quot;iso&quot;:&quot;100&quot;,&quot;shutter_speed&quot;:&quot;0.00125&quot;,&quot;title&quot;:&quot;&quot;,&quot;orientation&quot;:&quot;1&quot;}\" data-image-title=\"DSCN9770\" data-image-description=\"\" data-image-caption=\"\" data-medium-file=\"https:\/\/i0.wp.com\/genevieveetbernardauxameriques.fr\/wp-content\/uploads\/2017\/04\/DSCN9770.jpg?fit=300%2C225&amp;ssl=1\" data-large-file=\"https:\/\/i0.wp.com\/genevieveetbernardauxameriques.fr\/wp-content\/uploads\/2017\/04\/DSCN9770.jpg?fit=640%2C480&amp;ssl=1\" class=\"alignnone size-full wp-image-17611\" src=\"https:\/\/i0.wp.com\/genevieveetbernardauxameriques.fr\/wp-content\/uploads\/2017\/04\/DSCN9770.jpg?resize=640%2C480&#038;ssl=1\" alt=\"\" width=\"640\" height=\"480\" srcset=\"https:\/\/i0.wp.com\/genevieveetbernardauxameriques.fr\/wp-content\/uploads\/2017\/04\/DSCN9770.jpg?w=720&amp;ssl=1 720w, https:\/\/i0.wp.com\/genevieveetbernardauxameriques.fr\/wp-content\/uploads\/2017\/04\/DSCN9770.jpg?resize=300%2C225&amp;ssl=1 300w\" sizes=\"(max-width: 640px) 100vw, 640px\" data-recalc-dims=\"1\" \/> <a href=\"https:\/\/i0.wp.com\/genevieveetbernardauxameriques.fr\/wp-content\/uploads\/2017\/03\/P1070635.jpg?ssl=1\"><img loading=\"lazy\" decoding=\"async\" data-attachment-id=\"17524\" data-permalink=\"https:\/\/genevieveetbernardauxameriques.fr\/index.php\/2017\/04\/06\/colombie-2eme-article-la-route-du-cafe\/p1070635\/\" data-orig-file=\"https:\/\/i0.wp.com\/genevieveetbernardauxameriques.fr\/wp-content\/uploads\/2017\/03\/P1070635.jpg?fit=640%2C480&amp;ssl=1\" data-orig-size=\"640,480\" data-comments-opened=\"1\" data-image-meta=\"{&quot;aperture&quot;:&quot;5.1&quot;,&quot;credit&quot;:&quot;&quot;,&quot;camera&quot;:&quot;DMC-TZ55&quot;,&quot;caption&quot;:&quot;&quot;,&quot;created_timestamp&quot;:&quot;1490716704&quot;,&quot;copyright&quot;:&quot;&quot;,&quot;focal_length&quot;:&quot;14.2&quot;,&quot;iso&quot;:&quot;100&quot;,&quot;shutter_speed&quot;:&quot;0.008&quot;,&quot;title&quot;:&quot;&quot;,&quot;orientation&quot;:&quot;1&quot;}\" data-image-title=\"P1070635\" data-image-description=\"\" data-image-caption=\"\" data-medium-file=\"https:\/\/i0.wp.com\/genevieveetbernardauxameriques.fr\/wp-content\/uploads\/2017\/03\/P1070635.jpg?fit=300%2C225&amp;ssl=1\" data-large-file=\"https:\/\/i0.wp.com\/genevieveetbernardauxameriques.fr\/wp-content\/uploads\/2017\/03\/P1070635.jpg?fit=640%2C480&amp;ssl=1\" class=\"alignnone size-full wp-image-17524\" src=\"https:\/\/i0.wp.com\/genevieveetbernardauxameriques.fr\/wp-content\/uploads\/2017\/03\/P1070635.jpg?resize=640%2C480&#038;ssl=1\" alt=\"\" width=\"640\" height=\"480\" srcset=\"https:\/\/i0.wp.com\/genevieveetbernardauxameriques.fr\/wp-content\/uploads\/2017\/03\/P1070635.jpg?w=640&amp;ssl=1 640w, https:\/\/i0.wp.com\/genevieveetbernardauxameriques.fr\/wp-content\/uploads\/2017\/03\/P1070635.jpg?resize=300%2C225&amp;ssl=1 300w\" sizes=\"(max-width: 640px) 100vw, 640px\" data-recalc-dims=\"1\" \/><\/a> <a href=\"https:\/\/i0.wp.com\/genevieveetbernardauxameriques.fr\/wp-content\/uploads\/2017\/03\/P1070632.jpg?ssl=1\"><img loading=\"lazy\" decoding=\"async\" data-attachment-id=\"17522\" data-permalink=\"https:\/\/genevieveetbernardauxameriques.fr\/index.php\/2017\/04\/06\/colombie-2eme-article-la-route-du-cafe\/p1070632\/\" data-orig-file=\"https:\/\/i0.wp.com\/genevieveetbernardauxameriques.fr\/wp-content\/uploads\/2017\/03\/P1070632.jpg?fit=640%2C480&amp;ssl=1\" data-orig-size=\"640,480\" data-comments-opened=\"1\" data-image-meta=\"{&quot;aperture&quot;:&quot;4&quot;,&quot;credit&quot;:&quot;&quot;,&quot;camera&quot;:&quot;DMC-TZ55&quot;,&quot;caption&quot;:&quot;&quot;,&quot;created_timestamp&quot;:&quot;1490716663&quot;,&quot;copyright&quot;:&quot;&quot;,&quot;focal_length&quot;:&quot;4.3&quot;,&quot;iso&quot;:&quot;100&quot;,&quot;shutter_speed&quot;:&quot;0.0008&quot;,&quot;title&quot;:&quot;&quot;,&quot;orientation&quot;:&quot;1&quot;}\" data-image-title=\"P1070632\" data-image-description=\"\" data-image-caption=\"\" data-medium-file=\"https:\/\/i0.wp.com\/genevieveetbernardauxameriques.fr\/wp-content\/uploads\/2017\/03\/P1070632.jpg?fit=300%2C225&amp;ssl=1\" data-large-file=\"https:\/\/i0.wp.com\/genevieveetbernardauxameriques.fr\/wp-content\/uploads\/2017\/03\/P1070632.jpg?fit=640%2C480&amp;ssl=1\" class=\"alignnone size-full wp-image-17522\" src=\"https:\/\/i0.wp.com\/genevieveetbernardauxameriques.fr\/wp-content\/uploads\/2017\/03\/P1070632.jpg?resize=640%2C480&#038;ssl=1\" alt=\"\" width=\"640\" height=\"480\" srcset=\"https:\/\/i0.wp.com\/genevieveetbernardauxameriques.fr\/wp-content\/uploads\/2017\/03\/P1070632.jpg?w=640&amp;ssl=1 640w, https:\/\/i0.wp.com\/genevieveetbernardauxameriques.fr\/wp-content\/uploads\/2017\/03\/P1070632.jpg?resize=300%2C225&amp;ssl=1 300w\" sizes=\"(max-width: 640px) 100vw, 640px\" data-recalc-dims=\"1\" \/><\/a> <a href=\"https:\/\/i0.wp.com\/genevieveetbernardauxameriques.fr\/wp-content\/uploads\/2017\/03\/P1070633.jpg?ssl=1\"><img loading=\"lazy\" decoding=\"async\" data-attachment-id=\"17523\" data-permalink=\"https:\/\/genevieveetbernardauxameriques.fr\/index.php\/2017\/04\/06\/colombie-2eme-article-la-route-du-cafe\/p1070633\/\" data-orig-file=\"https:\/\/i0.wp.com\/genevieveetbernardauxameriques.fr\/wp-content\/uploads\/2017\/03\/P1070633.jpg?fit=640%2C480&amp;ssl=1\" data-orig-size=\"640,480\" data-comments-opened=\"1\" data-image-meta=\"{&quot;aperture&quot;:&quot;5&quot;,&quot;credit&quot;:&quot;&quot;,&quot;camera&quot;:&quot;DMC-TZ55&quot;,&quot;caption&quot;:&quot;&quot;,&quot;created_timestamp&quot;:&quot;1490716669&quot;,&quot;copyright&quot;:&quot;&quot;,&quot;focal_length&quot;:&quot;6.1&quot;,&quot;iso&quot;:&quot;100&quot;,&quot;shutter_speed&quot;:&quot;0.0015625&quot;,&quot;title&quot;:&quot;&quot;,&quot;orientation&quot;:&quot;1&quot;}\" data-image-title=\"P1070633\" data-image-description=\"\" data-image-caption=\"\" data-medium-file=\"https:\/\/i0.wp.com\/genevieveetbernardauxameriques.fr\/wp-content\/uploads\/2017\/03\/P1070633.jpg?fit=300%2C225&amp;ssl=1\" data-large-file=\"https:\/\/i0.wp.com\/genevieveetbernardauxameriques.fr\/wp-content\/uploads\/2017\/03\/P1070633.jpg?fit=640%2C480&amp;ssl=1\" class=\"alignnone size-full wp-image-17523\" src=\"https:\/\/i0.wp.com\/genevieveetbernardauxameriques.fr\/wp-content\/uploads\/2017\/03\/P1070633.jpg?resize=640%2C480&#038;ssl=1\" alt=\"\" width=\"640\" height=\"480\" srcset=\"https:\/\/i0.wp.com\/genevieveetbernardauxameriques.fr\/wp-content\/uploads\/2017\/03\/P1070633.jpg?w=640&amp;ssl=1 640w, https:\/\/i0.wp.com\/genevieveetbernardauxameriques.fr\/wp-content\/uploads\/2017\/03\/P1070633.jpg?resize=300%2C225&amp;ssl=1 300w\" sizes=\"(max-width: 640px) 100vw, 640px\" data-recalc-dims=\"1\" \/><\/a><\/p>\n<p><img loading=\"lazy\" decoding=\"async\" data-attachment-id=\"17605\" data-permalink=\"https:\/\/genevieveetbernardauxameriques.fr\/index.php\/2017\/04\/06\/colombie-2eme-article-la-route-du-cafe\/p1070630-2\/\" data-orig-file=\"https:\/\/i0.wp.com\/genevieveetbernardauxameriques.fr\/wp-content\/uploads\/2017\/04\/P1070630.jpg?fit=640%2C480&amp;ssl=1\" data-orig-size=\"640,480\" data-comments-opened=\"1\" data-image-meta=\"{&quot;aperture&quot;:&quot;5&quot;,&quot;credit&quot;:&quot;&quot;,&quot;camera&quot;:&quot;DMC-TZ55&quot;,&quot;caption&quot;:&quot;&quot;,&quot;created_timestamp&quot;:&quot;1490716550&quot;,&quot;copyright&quot;:&quot;&quot;,&quot;focal_length&quot;:&quot;6.9&quot;,&quot;iso&quot;:&quot;100&quot;,&quot;shutter_speed&quot;:&quot;0.002&quot;,&quot;title&quot;:&quot;&quot;,&quot;orientation&quot;:&quot;1&quot;}\" data-image-title=\"P1070630\" data-image-description=\"\" data-image-caption=\"\" data-medium-file=\"https:\/\/i0.wp.com\/genevieveetbernardauxameriques.fr\/wp-content\/uploads\/2017\/04\/P1070630.jpg?fit=300%2C225&amp;ssl=1\" data-large-file=\"https:\/\/i0.wp.com\/genevieveetbernardauxameriques.fr\/wp-content\/uploads\/2017\/04\/P1070630.jpg?fit=640%2C480&amp;ssl=1\" class=\"alignnone size-full wp-image-17605\" src=\"https:\/\/i0.wp.com\/genevieveetbernardauxameriques.fr\/wp-content\/uploads\/2017\/04\/P1070630.jpg?resize=640%2C480&#038;ssl=1\" alt=\"\" width=\"640\" height=\"480\" srcset=\"https:\/\/i0.wp.com\/genevieveetbernardauxameriques.fr\/wp-content\/uploads\/2017\/04\/P1070630.jpg?w=640&amp;ssl=1 640w, https:\/\/i0.wp.com\/genevieveetbernardauxameriques.fr\/wp-content\/uploads\/2017\/04\/P1070630.jpg?resize=300%2C225&amp;ssl=1 300w\" sizes=\"(max-width: 640px) 100vw, 640px\" data-recalc-dims=\"1\" \/><\/p>\n<div data-carousel-extra='{\"blog_id\":1,\"permalink\":\"https:\\\/\\\/genevieveetbernardauxameriques.fr\\\/index.php\\\/2017\\\/04\\\/06\\\/colombie-2eme-article-la-route-du-cafe\\\/\"}' id='gallery-4' class='gallery galleryid-17235 gallery-columns-2 gallery-size-full'><dl class='gallery-item'>\n\t\t\t<dt class='gallery-icon landscape'>\n\t\t\t\t<a href='https:\/\/genevieveetbernardauxameriques.fr\/index.php\/2017\/04\/06\/colombie-2eme-article-la-route-du-cafe\/p1070640\/'><img loading=\"lazy\" decoding=\"async\" width=\"640\" height=\"480\" src=\"https:\/\/i0.wp.com\/genevieveetbernardauxameriques.fr\/wp-content\/uploads\/2017\/03\/P1070640.jpg?fit=640%2C480&amp;ssl=1\" class=\"attachment-full size-full\" alt=\"\" srcset=\"https:\/\/i0.wp.com\/genevieveetbernardauxameriques.fr\/wp-content\/uploads\/2017\/03\/P1070640.jpg?w=640&amp;ssl=1 640w, https:\/\/i0.wp.com\/genevieveetbernardauxameriques.fr\/wp-content\/uploads\/2017\/03\/P1070640.jpg?resize=300%2C225&amp;ssl=1 300w\" sizes=\"(max-width: 640px) 100vw, 640px\" data-attachment-id=\"17528\" data-permalink=\"https:\/\/genevieveetbernardauxameriques.fr\/index.php\/2017\/04\/06\/colombie-2eme-article-la-route-du-cafe\/p1070640\/\" data-orig-file=\"https:\/\/i0.wp.com\/genevieveetbernardauxameriques.fr\/wp-content\/uploads\/2017\/03\/P1070640.jpg?fit=640%2C480&amp;ssl=1\" data-orig-size=\"640,480\" data-comments-opened=\"1\" data-image-meta=\"{&quot;aperture&quot;:&quot;4&quot;,&quot;credit&quot;:&quot;&quot;,&quot;camera&quot;:&quot;DMC-TZ55&quot;,&quot;caption&quot;:&quot;&quot;,&quot;created_timestamp&quot;:&quot;1490716939&quot;,&quot;copyright&quot;:&quot;&quot;,&quot;focal_length&quot;:&quot;4.3&quot;,&quot;iso&quot;:&quot;100&quot;,&quot;shutter_speed&quot;:&quot;0.000625&quot;,&quot;title&quot;:&quot;&quot;,&quot;orientation&quot;:&quot;1&quot;}\" data-image-title=\"P1070640\" data-image-description=\"\" data-image-caption=\"\" data-medium-file=\"https:\/\/i0.wp.com\/genevieveetbernardauxameriques.fr\/wp-content\/uploads\/2017\/03\/P1070640.jpg?fit=300%2C225&amp;ssl=1\" data-large-file=\"https:\/\/i0.wp.com\/genevieveetbernardauxameriques.fr\/wp-content\/uploads\/2017\/03\/P1070640.jpg?fit=640%2C480&amp;ssl=1\" \/><\/a>\n\t\t\t<\/dt><\/dl><dl class='gallery-item'>\n\t\t\t<dt class='gallery-icon landscape'>\n\t\t\t\t<a href='https:\/\/genevieveetbernardauxameriques.fr\/index.php\/2017\/04\/06\/colombie-2eme-article-la-route-du-cafe\/p1070642\/'><img loading=\"lazy\" decoding=\"async\" width=\"640\" height=\"480\" src=\"https:\/\/i0.wp.com\/genevieveetbernardauxameriques.fr\/wp-content\/uploads\/2017\/03\/P1070642.jpg?fit=640%2C480&amp;ssl=1\" class=\"attachment-full size-full\" alt=\"\" srcset=\"https:\/\/i0.wp.com\/genevieveetbernardauxameriques.fr\/wp-content\/uploads\/2017\/03\/P1070642.jpg?w=640&amp;ssl=1 640w, https:\/\/i0.wp.com\/genevieveetbernardauxameriques.fr\/wp-content\/uploads\/2017\/03\/P1070642.jpg?resize=300%2C225&amp;ssl=1 300w\" sizes=\"(max-width: 640px) 100vw, 640px\" data-attachment-id=\"17529\" data-permalink=\"https:\/\/genevieveetbernardauxameriques.fr\/index.php\/2017\/04\/06\/colombie-2eme-article-la-route-du-cafe\/p1070642\/\" data-orig-file=\"https:\/\/i0.wp.com\/genevieveetbernardauxameriques.fr\/wp-content\/uploads\/2017\/03\/P1070642.jpg?fit=640%2C480&amp;ssl=1\" data-orig-size=\"640,480\" data-comments-opened=\"1\" data-image-meta=\"{&quot;aperture&quot;:&quot;4&quot;,&quot;credit&quot;:&quot;&quot;,&quot;camera&quot;:&quot;DMC-TZ55&quot;,&quot;caption&quot;:&quot;&quot;,&quot;created_timestamp&quot;:&quot;1490717083&quot;,&quot;copyright&quot;:&quot;&quot;,&quot;focal_length&quot;:&quot;4.4&quot;,&quot;iso&quot;:&quot;100&quot;,&quot;shutter_speed&quot;:&quot;0.00125&quot;,&quot;title&quot;:&quot;&quot;,&quot;orientation&quot;:&quot;1&quot;}\" data-image-title=\"P1070642\" data-image-description=\"\" data-image-caption=\"\" data-medium-file=\"https:\/\/i0.wp.com\/genevieveetbernardauxameriques.fr\/wp-content\/uploads\/2017\/03\/P1070642.jpg?fit=300%2C225&amp;ssl=1\" data-large-file=\"https:\/\/i0.wp.com\/genevieveetbernardauxameriques.fr\/wp-content\/uploads\/2017\/03\/P1070642.jpg?fit=640%2C480&amp;ssl=1\" \/><\/a>\n\t\t\t<\/dt><\/dl><br style=\"clear: both\" \/><dl class='gallery-item'>\n\t\t\t<dt class='gallery-icon landscape'>\n\t\t\t\t<a href='https:\/\/genevieveetbernardauxameriques.fr\/index.php\/2017\/04\/06\/colombie-2eme-article-la-route-du-cafe\/p1070646\/'><img loading=\"lazy\" decoding=\"async\" width=\"640\" height=\"480\" src=\"https:\/\/i0.wp.com\/genevieveetbernardauxameriques.fr\/wp-content\/uploads\/2017\/03\/P1070646.jpg?fit=640%2C480&amp;ssl=1\" class=\"attachment-full size-full\" alt=\"\" srcset=\"https:\/\/i0.wp.com\/genevieveetbernardauxameriques.fr\/wp-content\/uploads\/2017\/03\/P1070646.jpg?w=640&amp;ssl=1 640w, https:\/\/i0.wp.com\/genevieveetbernardauxameriques.fr\/wp-content\/uploads\/2017\/03\/P1070646.jpg?resize=300%2C225&amp;ssl=1 300w\" sizes=\"(max-width: 640px) 100vw, 640px\" data-attachment-id=\"17530\" data-permalink=\"https:\/\/genevieveetbernardauxameriques.fr\/index.php\/2017\/04\/06\/colombie-2eme-article-la-route-du-cafe\/p1070646\/\" data-orig-file=\"https:\/\/i0.wp.com\/genevieveetbernardauxameriques.fr\/wp-content\/uploads\/2017\/03\/P1070646.jpg?fit=640%2C480&amp;ssl=1\" data-orig-size=\"640,480\" data-comments-opened=\"1\" data-image-meta=\"{&quot;aperture&quot;:&quot;4.2&quot;,&quot;credit&quot;:&quot;&quot;,&quot;camera&quot;:&quot;DMC-TZ55&quot;,&quot;caption&quot;:&quot;&quot;,&quot;created_timestamp&quot;:&quot;1490717242&quot;,&quot;copyright&quot;:&quot;&quot;,&quot;focal_length&quot;:&quot;8.5&quot;,&quot;iso&quot;:&quot;100&quot;,&quot;shutter_speed&quot;:&quot;0.008&quot;,&quot;title&quot;:&quot;&quot;,&quot;orientation&quot;:&quot;1&quot;}\" data-image-title=\"P1070646\" data-image-description=\"\" data-image-caption=\"\" data-medium-file=\"https:\/\/i0.wp.com\/genevieveetbernardauxameriques.fr\/wp-content\/uploads\/2017\/03\/P1070646.jpg?fit=300%2C225&amp;ssl=1\" data-large-file=\"https:\/\/i0.wp.com\/genevieveetbernardauxameriques.fr\/wp-content\/uploads\/2017\/03\/P1070646.jpg?fit=640%2C480&amp;ssl=1\" \/><\/a>\n\t\t\t<\/dt><\/dl><dl class='gallery-item'>\n\t\t\t<dt class='gallery-icon landscape'>\n\t\t\t\t<a href='https:\/\/genevieveetbernardauxameriques.fr\/index.php\/2017\/04\/06\/colombie-2eme-article-la-route-du-cafe\/p1070648\/'><img loading=\"lazy\" decoding=\"async\" width=\"640\" height=\"480\" src=\"https:\/\/i0.wp.com\/genevieveetbernardauxameriques.fr\/wp-content\/uploads\/2017\/03\/P1070648.jpg?fit=640%2C480&amp;ssl=1\" class=\"attachment-full size-full\" alt=\"\" srcset=\"https:\/\/i0.wp.com\/genevieveetbernardauxameriques.fr\/wp-content\/uploads\/2017\/03\/P1070648.jpg?w=640&amp;ssl=1 640w, https:\/\/i0.wp.com\/genevieveetbernardauxameriques.fr\/wp-content\/uploads\/2017\/03\/P1070648.jpg?resize=300%2C225&amp;ssl=1 300w\" sizes=\"(max-width: 640px) 100vw, 640px\" data-attachment-id=\"17532\" data-permalink=\"https:\/\/genevieveetbernardauxameriques.fr\/index.php\/2017\/04\/06\/colombie-2eme-article-la-route-du-cafe\/p1070648\/\" data-orig-file=\"https:\/\/i0.wp.com\/genevieveetbernardauxameriques.fr\/wp-content\/uploads\/2017\/03\/P1070648.jpg?fit=640%2C480&amp;ssl=1\" data-orig-size=\"640,480\" data-comments-opened=\"1\" data-image-meta=\"{&quot;aperture&quot;:&quot;4&quot;,&quot;credit&quot;:&quot;&quot;,&quot;camera&quot;:&quot;DMC-TZ55&quot;,&quot;caption&quot;:&quot;&quot;,&quot;created_timestamp&quot;:&quot;1490717300&quot;,&quot;copyright&quot;:&quot;&quot;,&quot;focal_length&quot;:&quot;4.3&quot;,&quot;iso&quot;:&quot;100&quot;,&quot;shutter_speed&quot;:&quot;0.003125&quot;,&quot;title&quot;:&quot;&quot;,&quot;orientation&quot;:&quot;1&quot;}\" data-image-title=\"P1070648\" data-image-description=\"\" data-image-caption=\"\" data-medium-file=\"https:\/\/i0.wp.com\/genevieveetbernardauxameriques.fr\/wp-content\/uploads\/2017\/03\/P1070648.jpg?fit=300%2C225&amp;ssl=1\" data-large-file=\"https:\/\/i0.wp.com\/genevieveetbernardauxameriques.fr\/wp-content\/uploads\/2017\/03\/P1070648.jpg?fit=640%2C480&amp;ssl=1\" \/><\/a>\n\t\t\t<\/dt><\/dl><br style=\"clear: both\" \/><dl class='gallery-item'>\n\t\t\t<dt class='gallery-icon landscape'>\n\t\t\t\t<a href='https:\/\/genevieveetbernardauxameriques.fr\/index.php\/2017\/04\/06\/colombie-2eme-article-la-route-du-cafe\/p1070649\/'><img loading=\"lazy\" decoding=\"async\" width=\"640\" height=\"480\" src=\"https:\/\/i0.wp.com\/genevieveetbernardauxameriques.fr\/wp-content\/uploads\/2017\/03\/P1070649.jpg?fit=640%2C480&amp;ssl=1\" class=\"attachment-full size-full\" alt=\"\" srcset=\"https:\/\/i0.wp.com\/genevieveetbernardauxameriques.fr\/wp-content\/uploads\/2017\/03\/P1070649.jpg?w=640&amp;ssl=1 640w, https:\/\/i0.wp.com\/genevieveetbernardauxameriques.fr\/wp-content\/uploads\/2017\/03\/P1070649.jpg?resize=300%2C225&amp;ssl=1 300w\" sizes=\"(max-width: 640px) 100vw, 640px\" data-attachment-id=\"17533\" data-permalink=\"https:\/\/genevieveetbernardauxameriques.fr\/index.php\/2017\/04\/06\/colombie-2eme-article-la-route-du-cafe\/p1070649\/\" data-orig-file=\"https:\/\/i0.wp.com\/genevieveetbernardauxameriques.fr\/wp-content\/uploads\/2017\/03\/P1070649.jpg?fit=640%2C480&amp;ssl=1\" data-orig-size=\"640,480\" data-comments-opened=\"1\" data-image-meta=\"{&quot;aperture&quot;:&quot;6.3&quot;,&quot;credit&quot;:&quot;&quot;,&quot;camera&quot;:&quot;DMC-TZ55&quot;,&quot;caption&quot;:&quot;&quot;,&quot;created_timestamp&quot;:&quot;1490717543&quot;,&quot;copyright&quot;:&quot;&quot;,&quot;focal_length&quot;:&quot;16.1&quot;,&quot;iso&quot;:&quot;100&quot;,&quot;shutter_speed&quot;:&quot;0.0025&quot;,&quot;title&quot;:&quot;&quot;,&quot;orientation&quot;:&quot;1&quot;}\" data-image-title=\"P1070649\" data-image-description=\"\" data-image-caption=\"\" data-medium-file=\"https:\/\/i0.wp.com\/genevieveetbernardauxameriques.fr\/wp-content\/uploads\/2017\/03\/P1070649.jpg?fit=300%2C225&amp;ssl=1\" data-large-file=\"https:\/\/i0.wp.com\/genevieveetbernardauxameriques.fr\/wp-content\/uploads\/2017\/03\/P1070649.jpg?fit=640%2C480&amp;ssl=1\" \/><\/a>\n\t\t\t<\/dt><\/dl><dl class='gallery-item'>\n\t\t\t<dt class='gallery-icon landscape'>\n\t\t\t\t<a href='https:\/\/genevieveetbernardauxameriques.fr\/index.php\/2017\/04\/06\/colombie-2eme-article-la-route-du-cafe\/p1070650\/'><img loading=\"lazy\" decoding=\"async\" width=\"640\" height=\"480\" src=\"https:\/\/i0.wp.com\/genevieveetbernardauxameriques.fr\/wp-content\/uploads\/2017\/03\/P1070650.jpg?fit=640%2C480&amp;ssl=1\" class=\"attachment-full size-full\" alt=\"\" srcset=\"https:\/\/i0.wp.com\/genevieveetbernardauxameriques.fr\/wp-content\/uploads\/2017\/03\/P1070650.jpg?w=640&amp;ssl=1 640w, https:\/\/i0.wp.com\/genevieveetbernardauxameriques.fr\/wp-content\/uploads\/2017\/03\/P1070650.jpg?resize=300%2C225&amp;ssl=1 300w\" sizes=\"(max-width: 640px) 100vw, 640px\" data-attachment-id=\"17534\" data-permalink=\"https:\/\/genevieveetbernardauxameriques.fr\/index.php\/2017\/04\/06\/colombie-2eme-article-la-route-du-cafe\/p1070650\/\" data-orig-file=\"https:\/\/i0.wp.com\/genevieveetbernardauxameriques.fr\/wp-content\/uploads\/2017\/03\/P1070650.jpg?fit=640%2C480&amp;ssl=1\" data-orig-size=\"640,480\" data-comments-opened=\"1\" data-image-meta=\"{&quot;aperture&quot;:&quot;6.3&quot;,&quot;credit&quot;:&quot;&quot;,&quot;camera&quot;:&quot;DMC-TZ55&quot;,&quot;caption&quot;:&quot;&quot;,&quot;created_timestamp&quot;:&quot;1490717547&quot;,&quot;copyright&quot;:&quot;&quot;,&quot;focal_length&quot;:&quot;16.1&quot;,&quot;iso&quot;:&quot;100&quot;,&quot;shutter_speed&quot;:&quot;0.003125&quot;,&quot;title&quot;:&quot;&quot;,&quot;orientation&quot;:&quot;1&quot;}\" data-image-title=\"P1070650\" data-image-description=\"\" data-image-caption=\"\" data-medium-file=\"https:\/\/i0.wp.com\/genevieveetbernardauxameriques.fr\/wp-content\/uploads\/2017\/03\/P1070650.jpg?fit=300%2C225&amp;ssl=1\" data-large-file=\"https:\/\/i0.wp.com\/genevieveetbernardauxameriques.fr\/wp-content\/uploads\/2017\/03\/P1070650.jpg?fit=640%2C480&amp;ssl=1\" \/><\/a>\n\t\t\t<\/dt><\/dl><br style=\"clear: both\" \/><dl class='gallery-item'>\n\t\t\t<dt class='gallery-icon landscape'>\n\t\t\t\t<a href='https:\/\/genevieveetbernardauxameriques.fr\/index.php\/2017\/04\/06\/colombie-2eme-article-la-route-du-cafe\/p1070651\/'><img loading=\"lazy\" decoding=\"async\" width=\"640\" height=\"480\" src=\"https:\/\/i0.wp.com\/genevieveetbernardauxameriques.fr\/wp-content\/uploads\/2017\/03\/P1070651.jpg?fit=640%2C480&amp;ssl=1\" class=\"attachment-full size-full\" alt=\"\" srcset=\"https:\/\/i0.wp.com\/genevieveetbernardauxameriques.fr\/wp-content\/uploads\/2017\/03\/P1070651.jpg?w=640&amp;ssl=1 640w, https:\/\/i0.wp.com\/genevieveetbernardauxameriques.fr\/wp-content\/uploads\/2017\/03\/P1070651.jpg?resize=300%2C225&amp;ssl=1 300w\" sizes=\"(max-width: 640px) 100vw, 640px\" data-attachment-id=\"17535\" data-permalink=\"https:\/\/genevieveetbernardauxameriques.fr\/index.php\/2017\/04\/06\/colombie-2eme-article-la-route-du-cafe\/p1070651\/\" data-orig-file=\"https:\/\/i0.wp.com\/genevieveetbernardauxameriques.fr\/wp-content\/uploads\/2017\/03\/P1070651.jpg?fit=640%2C480&amp;ssl=1\" data-orig-size=\"640,480\" data-comments-opened=\"1\" data-image-meta=\"{&quot;aperture&quot;:&quot;6.3&quot;,&quot;credit&quot;:&quot;&quot;,&quot;camera&quot;:&quot;DMC-TZ55&quot;,&quot;caption&quot;:&quot;&quot;,&quot;created_timestamp&quot;:&quot;1490717632&quot;,&quot;copyright&quot;:&quot;&quot;,&quot;focal_length&quot;:&quot;16.1&quot;,&quot;iso&quot;:&quot;100&quot;,&quot;shutter_speed&quot;:&quot;0.003125&quot;,&quot;title&quot;:&quot;&quot;,&quot;orientation&quot;:&quot;1&quot;}\" data-image-title=\"P1070651\" data-image-description=\"\" data-image-caption=\"\" data-medium-file=\"https:\/\/i0.wp.com\/genevieveetbernardauxameriques.fr\/wp-content\/uploads\/2017\/03\/P1070651.jpg?fit=300%2C225&amp;ssl=1\" data-large-file=\"https:\/\/i0.wp.com\/genevieveetbernardauxameriques.fr\/wp-content\/uploads\/2017\/03\/P1070651.jpg?fit=640%2C480&amp;ssl=1\" \/><\/a>\n\t\t\t<\/dt><\/dl><dl class='gallery-item'>\n\t\t\t<dt class='gallery-icon landscape'>\n\t\t\t\t<a href='https:\/\/genevieveetbernardauxameriques.fr\/index.php\/2017\/04\/06\/colombie-2eme-article-la-route-du-cafe\/p1070656\/'><img loading=\"lazy\" decoding=\"async\" width=\"640\" height=\"480\" src=\"https:\/\/i0.wp.com\/genevieveetbernardauxameriques.fr\/wp-content\/uploads\/2017\/03\/P1070656.jpg?fit=640%2C480&amp;ssl=1\" class=\"attachment-full size-full\" alt=\"\" srcset=\"https:\/\/i0.wp.com\/genevieveetbernardauxameriques.fr\/wp-content\/uploads\/2017\/03\/P1070656.jpg?w=640&amp;ssl=1 640w, https:\/\/i0.wp.com\/genevieveetbernardauxameriques.fr\/wp-content\/uploads\/2017\/03\/P1070656.jpg?resize=300%2C225&amp;ssl=1 300w\" sizes=\"(max-width: 640px) 100vw, 640px\" data-attachment-id=\"17539\" data-permalink=\"https:\/\/genevieveetbernardauxameriques.fr\/index.php\/2017\/04\/06\/colombie-2eme-article-la-route-du-cafe\/p1070656\/\" data-orig-file=\"https:\/\/i0.wp.com\/genevieveetbernardauxameriques.fr\/wp-content\/uploads\/2017\/03\/P1070656.jpg?fit=640%2C480&amp;ssl=1\" data-orig-size=\"640,480\" data-comments-opened=\"1\" data-image-meta=\"{&quot;aperture&quot;:&quot;5.6&quot;,&quot;credit&quot;:&quot;&quot;,&quot;camera&quot;:&quot;DMC-TZ55&quot;,&quot;caption&quot;:&quot;&quot;,&quot;created_timestamp&quot;:&quot;1490717770&quot;,&quot;copyright&quot;:&quot;&quot;,&quot;focal_length&quot;:&quot;9.7&quot;,&quot;iso&quot;:&quot;250&quot;,&quot;shutter_speed&quot;:&quot;0.002&quot;,&quot;title&quot;:&quot;&quot;,&quot;orientation&quot;:&quot;1&quot;}\" data-image-title=\"P1070656\" data-image-description=\"\" data-image-caption=\"\" data-medium-file=\"https:\/\/i0.wp.com\/genevieveetbernardauxameriques.fr\/wp-content\/uploads\/2017\/03\/P1070656.jpg?fit=300%2C225&amp;ssl=1\" data-large-file=\"https:\/\/i0.wp.com\/genevieveetbernardauxameriques.fr\/wp-content\/uploads\/2017\/03\/P1070656.jpg?fit=640%2C480&amp;ssl=1\" \/><\/a>\n\t\t\t<\/dt><\/dl><br style=\"clear: both\" \/><dl class='gallery-item'>\n\t\t\t<dt class='gallery-icon landscape'>\n\t\t\t\t<a href='https:\/\/genevieveetbernardauxameriques.fr\/index.php\/2017\/04\/06\/colombie-2eme-article-la-route-du-cafe\/p1070662\/'><img loading=\"lazy\" decoding=\"async\" width=\"640\" height=\"480\" src=\"https:\/\/i0.wp.com\/genevieveetbernardauxameriques.fr\/wp-content\/uploads\/2017\/03\/P1070662.jpg?fit=640%2C480&amp;ssl=1\" class=\"attachment-full size-full\" alt=\"\" srcset=\"https:\/\/i0.wp.com\/genevieveetbernardauxameriques.fr\/wp-content\/uploads\/2017\/03\/P1070662.jpg?w=640&amp;ssl=1 640w, https:\/\/i0.wp.com\/genevieveetbernardauxameriques.fr\/wp-content\/uploads\/2017\/03\/P1070662.jpg?resize=300%2C225&amp;ssl=1 300w\" sizes=\"(max-width: 640px) 100vw, 640px\" data-attachment-id=\"17543\" data-permalink=\"https:\/\/genevieveetbernardauxameriques.fr\/index.php\/2017\/04\/06\/colombie-2eme-article-la-route-du-cafe\/p1070662\/\" data-orig-file=\"https:\/\/i0.wp.com\/genevieveetbernardauxameriques.fr\/wp-content\/uploads\/2017\/03\/P1070662.jpg?fit=640%2C480&amp;ssl=1\" data-orig-size=\"640,480\" data-comments-opened=\"1\" data-image-meta=\"{&quot;aperture&quot;:&quot;5.1&quot;,&quot;credit&quot;:&quot;&quot;,&quot;camera&quot;:&quot;DMC-TZ55&quot;,&quot;caption&quot;:&quot;&quot;,&quot;created_timestamp&quot;:&quot;1490718026&quot;,&quot;copyright&quot;:&quot;&quot;,&quot;focal_length&quot;:&quot;14.2&quot;,&quot;iso&quot;:&quot;400&quot;,&quot;shutter_speed&quot;:&quot;0.016666666666667&quot;,&quot;title&quot;:&quot;&quot;,&quot;orientation&quot;:&quot;1&quot;}\" data-image-title=\"P1070662\" data-image-description=\"\" data-image-caption=\"\" data-medium-file=\"https:\/\/i0.wp.com\/genevieveetbernardauxameriques.fr\/wp-content\/uploads\/2017\/03\/P1070662.jpg?fit=300%2C225&amp;ssl=1\" data-large-file=\"https:\/\/i0.wp.com\/genevieveetbernardauxameriques.fr\/wp-content\/uploads\/2017\/03\/P1070662.jpg?fit=640%2C480&amp;ssl=1\" \/><\/a>\n\t\t\t<\/dt><\/dl><dl class='gallery-item'>\n\t\t\t<dt class='gallery-icon landscape'>\n\t\t\t\t<a href='https:\/\/genevieveetbernardauxameriques.fr\/index.php\/2017\/04\/06\/colombie-2eme-article-la-route-du-cafe\/p1070663\/'><img loading=\"lazy\" decoding=\"async\" width=\"640\" height=\"480\" src=\"https:\/\/i0.wp.com\/genevieveetbernardauxameriques.fr\/wp-content\/uploads\/2017\/03\/P1070663.jpg?fit=640%2C480&amp;ssl=1\" class=\"attachment-full size-full\" alt=\"\" srcset=\"https:\/\/i0.wp.com\/genevieveetbernardauxameriques.fr\/wp-content\/uploads\/2017\/03\/P1070663.jpg?w=640&amp;ssl=1 640w, https:\/\/i0.wp.com\/genevieveetbernardauxameriques.fr\/wp-content\/uploads\/2017\/03\/P1070663.jpg?resize=300%2C225&amp;ssl=1 300w\" sizes=\"(max-width: 640px) 100vw, 640px\" data-attachment-id=\"17544\" data-permalink=\"https:\/\/genevieveetbernardauxameriques.fr\/index.php\/2017\/04\/06\/colombie-2eme-article-la-route-du-cafe\/p1070663\/\" data-orig-file=\"https:\/\/i0.wp.com\/genevieveetbernardauxameriques.fr\/wp-content\/uploads\/2017\/03\/P1070663.jpg?fit=640%2C480&amp;ssl=1\" data-orig-size=\"640,480\" data-comments-opened=\"1\" data-image-meta=\"{&quot;aperture&quot;:&quot;5.6&quot;,&quot;credit&quot;:&quot;&quot;,&quot;camera&quot;:&quot;DMC-TZ55&quot;,&quot;caption&quot;:&quot;&quot;,&quot;created_timestamp&quot;:&quot;1490718083&quot;,&quot;copyright&quot;:&quot;&quot;,&quot;focal_length&quot;:&quot;14.2&quot;,&quot;iso&quot;:&quot;100&quot;,&quot;shutter_speed&quot;:&quot;0.00625&quot;,&quot;title&quot;:&quot;&quot;,&quot;orientation&quot;:&quot;1&quot;}\" data-image-title=\"P1070663\" data-image-description=\"\" data-image-caption=\"\" data-medium-file=\"https:\/\/i0.wp.com\/genevieveetbernardauxameriques.fr\/wp-content\/uploads\/2017\/03\/P1070663.jpg?fit=300%2C225&amp;ssl=1\" data-large-file=\"https:\/\/i0.wp.com\/genevieveetbernardauxameriques.fr\/wp-content\/uploads\/2017\/03\/P1070663.jpg?fit=640%2C480&amp;ssl=1\" \/><\/a>\n\t\t\t<\/dt><\/dl><br style=\"clear: both\" \/>\n\t\t<\/div>\n\n<p>Les petits planteurs de caf\u00e9 viennent vendre dans une boutique leur production,<\/p>\n<p><a href=\"https:\/\/i0.wp.com\/genevieveetbernardauxameriques.fr\/wp-content\/uploads\/2017\/03\/P1070657.jpg?ssl=1\"><img loading=\"lazy\" decoding=\"async\" data-attachment-id=\"17540\" data-permalink=\"https:\/\/genevieveetbernardauxameriques.fr\/index.php\/2017\/04\/06\/colombie-2eme-article-la-route-du-cafe\/p1070657\/\" data-orig-file=\"https:\/\/i0.wp.com\/genevieveetbernardauxameriques.fr\/wp-content\/uploads\/2017\/03\/P1070657.jpg?fit=640%2C480&amp;ssl=1\" data-orig-size=\"640,480\" data-comments-opened=\"1\" data-image-meta=\"{&quot;aperture&quot;:&quot;3.3&quot;,&quot;credit&quot;:&quot;&quot;,&quot;camera&quot;:&quot;DMC-TZ55&quot;,&quot;caption&quot;:&quot;&quot;,&quot;created_timestamp&quot;:&quot;1490717892&quot;,&quot;copyright&quot;:&quot;&quot;,&quot;focal_length&quot;:&quot;4.3&quot;,&quot;iso&quot;:&quot;160&quot;,&quot;shutter_speed&quot;:&quot;0.00625&quot;,&quot;title&quot;:&quot;&quot;,&quot;orientation&quot;:&quot;1&quot;}\" data-image-title=\"P1070657\" data-image-description=\"\" data-image-caption=\"\" data-medium-file=\"https:\/\/i0.wp.com\/genevieveetbernardauxameriques.fr\/wp-content\/uploads\/2017\/03\/P1070657.jpg?fit=300%2C225&amp;ssl=1\" data-large-file=\"https:\/\/i0.wp.com\/genevieveetbernardauxameriques.fr\/wp-content\/uploads\/2017\/03\/P1070657.jpg?fit=640%2C480&amp;ssl=1\" class=\"alignnone size-full wp-image-17540\" src=\"https:\/\/i0.wp.com\/genevieveetbernardauxameriques.fr\/wp-content\/uploads\/2017\/03\/P1070657.jpg?resize=640%2C480&#038;ssl=1\" alt=\"\" width=\"640\" height=\"480\" srcset=\"https:\/\/i0.wp.com\/genevieveetbernardauxameriques.fr\/wp-content\/uploads\/2017\/03\/P1070657.jpg?w=640&amp;ssl=1 640w, https:\/\/i0.wp.com\/genevieveetbernardauxameriques.fr\/wp-content\/uploads\/2017\/03\/P1070657.jpg?resize=300%2C225&amp;ssl=1 300w\" sizes=\"(max-width: 640px) 100vw, 640px\" data-recalc-dims=\"1\" \/><\/a><\/p>\n<p>et vont dans la pi\u00e8ce juste en face pour l&rsquo;enregistrement<\/p>\n<p><a href=\"https:\/\/i0.wp.com\/genevieveetbernardauxameriques.fr\/wp-content\/uploads\/2017\/03\/P1070658.jpg?ssl=1\"><img loading=\"lazy\" decoding=\"async\" data-attachment-id=\"17541\" data-permalink=\"https:\/\/genevieveetbernardauxameriques.fr\/index.php\/2017\/04\/06\/colombie-2eme-article-la-route-du-cafe\/p1070658\/\" data-orig-file=\"https:\/\/i0.wp.com\/genevieveetbernardauxameriques.fr\/wp-content\/uploads\/2017\/03\/P1070658.jpg?fit=640%2C480&amp;ssl=1\" data-orig-size=\"640,480\" data-comments-opened=\"1\" data-image-meta=\"{&quot;aperture&quot;:&quot;4&quot;,&quot;credit&quot;:&quot;&quot;,&quot;camera&quot;:&quot;DMC-TZ55&quot;,&quot;caption&quot;:&quot;&quot;,&quot;created_timestamp&quot;:&quot;1490717925&quot;,&quot;copyright&quot;:&quot;&quot;,&quot;focal_length&quot;:&quot;4.3&quot;,&quot;iso&quot;:&quot;100&quot;,&quot;shutter_speed&quot;:&quot;0.01&quot;,&quot;title&quot;:&quot;&quot;,&quot;orientation&quot;:&quot;1&quot;}\" data-image-title=\"P1070658\" data-image-description=\"\" data-image-caption=\"\" data-medium-file=\"https:\/\/i0.wp.com\/genevieveetbernardauxameriques.fr\/wp-content\/uploads\/2017\/03\/P1070658.jpg?fit=300%2C225&amp;ssl=1\" data-large-file=\"https:\/\/i0.wp.com\/genevieveetbernardauxameriques.fr\/wp-content\/uploads\/2017\/03\/P1070658.jpg?fit=640%2C480&amp;ssl=1\" class=\"alignnone size-full wp-image-17541\" src=\"https:\/\/i0.wp.com\/genevieveetbernardauxameriques.fr\/wp-content\/uploads\/2017\/03\/P1070658.jpg?resize=640%2C480&#038;ssl=1\" alt=\"\" width=\"640\" height=\"480\" srcset=\"https:\/\/i0.wp.com\/genevieveetbernardauxameriques.fr\/wp-content\/uploads\/2017\/03\/P1070658.jpg?w=640&amp;ssl=1 640w, https:\/\/i0.wp.com\/genevieveetbernardauxameriques.fr\/wp-content\/uploads\/2017\/03\/P1070658.jpg?resize=300%2C225&amp;ssl=1 300w\" sizes=\"(max-width: 640px) 100vw, 640px\" data-recalc-dims=\"1\" \/><\/a><\/p>\n<p>Les boutiques du march\u00e9<\/p>\n<p><a href=\"https:\/\/i0.wp.com\/genevieveetbernardauxameriques.fr\/wp-content\/uploads\/2017\/03\/P1070653.jpg?ssl=1\"><img loading=\"lazy\" decoding=\"async\" data-attachment-id=\"17536\" data-permalink=\"https:\/\/genevieveetbernardauxameriques.fr\/index.php\/2017\/04\/06\/colombie-2eme-article-la-route-du-cafe\/p1070653\/\" data-orig-file=\"https:\/\/i0.wp.com\/genevieveetbernardauxameriques.fr\/wp-content\/uploads\/2017\/03\/P1070653.jpg?fit=640%2C480&amp;ssl=1\" data-orig-size=\"640,480\" data-comments-opened=\"1\" data-image-meta=\"{&quot;aperture&quot;:&quot;4&quot;,&quot;credit&quot;:&quot;&quot;,&quot;camera&quot;:&quot;DMC-TZ55&quot;,&quot;caption&quot;:&quot;&quot;,&quot;created_timestamp&quot;:&quot;1490717687&quot;,&quot;copyright&quot;:&quot;&quot;,&quot;focal_length&quot;:&quot;4.3&quot;,&quot;iso&quot;:&quot;100&quot;,&quot;shutter_speed&quot;:&quot;0.0008&quot;,&quot;title&quot;:&quot;&quot;,&quot;orientation&quot;:&quot;1&quot;}\" data-image-title=\"P1070653\" data-image-description=\"\" data-image-caption=\"\" data-medium-file=\"https:\/\/i0.wp.com\/genevieveetbernardauxameriques.fr\/wp-content\/uploads\/2017\/03\/P1070653.jpg?fit=300%2C225&amp;ssl=1\" data-large-file=\"https:\/\/i0.wp.com\/genevieveetbernardauxameriques.fr\/wp-content\/uploads\/2017\/03\/P1070653.jpg?fit=640%2C480&amp;ssl=1\" class=\"alignnone size-full wp-image-17536\" src=\"https:\/\/i0.wp.com\/genevieveetbernardauxameriques.fr\/wp-content\/uploads\/2017\/03\/P1070653.jpg?resize=640%2C480&#038;ssl=1\" alt=\"\" width=\"640\" height=\"480\" srcset=\"https:\/\/i0.wp.com\/genevieveetbernardauxameriques.fr\/wp-content\/uploads\/2017\/03\/P1070653.jpg?w=640&amp;ssl=1 640w, https:\/\/i0.wp.com\/genevieveetbernardauxameriques.fr\/wp-content\/uploads\/2017\/03\/P1070653.jpg?resize=300%2C225&amp;ssl=1 300w\" sizes=\"(max-width: 640px) 100vw, 640px\" data-recalc-dims=\"1\" \/><\/a> <a href=\"https:\/\/i0.wp.com\/genevieveetbernardauxameriques.fr\/wp-content\/uploads\/2017\/03\/P1070654.jpg?ssl=1\"><img loading=\"lazy\" decoding=\"async\" data-attachment-id=\"17537\" data-permalink=\"https:\/\/genevieveetbernardauxameriques.fr\/index.php\/2017\/04\/06\/colombie-2eme-article-la-route-du-cafe\/p1070654\/\" data-orig-file=\"https:\/\/i0.wp.com\/genevieveetbernardauxameriques.fr\/wp-content\/uploads\/2017\/03\/P1070654.jpg?fit=640%2C480&amp;ssl=1\" data-orig-size=\"640,480\" data-comments-opened=\"1\" data-image-meta=\"{&quot;aperture&quot;:&quot;4&quot;,&quot;credit&quot;:&quot;&quot;,&quot;camera&quot;:&quot;DMC-TZ55&quot;,&quot;caption&quot;:&quot;&quot;,&quot;created_timestamp&quot;:&quot;1490717694&quot;,&quot;copyright&quot;:&quot;&quot;,&quot;focal_length&quot;:&quot;4.3&quot;,&quot;iso&quot;:&quot;100&quot;,&quot;shutter_speed&quot;:&quot;0.0008&quot;,&quot;title&quot;:&quot;&quot;,&quot;orientation&quot;:&quot;1&quot;}\" data-image-title=\"P1070654\" data-image-description=\"\" data-image-caption=\"\" data-medium-file=\"https:\/\/i0.wp.com\/genevieveetbernardauxameriques.fr\/wp-content\/uploads\/2017\/03\/P1070654.jpg?fit=300%2C225&amp;ssl=1\" data-large-file=\"https:\/\/i0.wp.com\/genevieveetbernardauxameriques.fr\/wp-content\/uploads\/2017\/03\/P1070654.jpg?fit=640%2C480&amp;ssl=1\" class=\"alignnone size-full wp-image-17537\" src=\"https:\/\/i0.wp.com\/genevieveetbernardauxameriques.fr\/wp-content\/uploads\/2017\/03\/P1070654.jpg?resize=640%2C480&#038;ssl=1\" alt=\"\" width=\"640\" height=\"480\" srcset=\"https:\/\/i0.wp.com\/genevieveetbernardauxameriques.fr\/wp-content\/uploads\/2017\/03\/P1070654.jpg?w=640&amp;ssl=1 640w, https:\/\/i0.wp.com\/genevieveetbernardauxameriques.fr\/wp-content\/uploads\/2017\/03\/P1070654.jpg?resize=300%2C225&amp;ssl=1 300w\" sizes=\"(max-width: 640px) 100vw, 640px\" data-recalc-dims=\"1\" \/><\/a><\/p>\n<p><a href=\"https:\/\/i0.wp.com\/genevieveetbernardauxameriques.fr\/wp-content\/uploads\/2017\/03\/P1070678.jpg?ssl=1\"><img loading=\"lazy\" decoding=\"async\" data-attachment-id=\"17557\" data-permalink=\"https:\/\/genevieveetbernardauxameriques.fr\/index.php\/2017\/04\/06\/colombie-2eme-article-la-route-du-cafe\/p1070678\/\" data-orig-file=\"https:\/\/i0.wp.com\/genevieveetbernardauxameriques.fr\/wp-content\/uploads\/2017\/03\/P1070678.jpg?fit=640%2C480&amp;ssl=1\" data-orig-size=\"640,480\" data-comments-opened=\"1\" data-image-meta=\"{&quot;aperture&quot;:&quot;5&quot;,&quot;credit&quot;:&quot;&quot;,&quot;camera&quot;:&quot;DMC-TZ55&quot;,&quot;caption&quot;:&quot;&quot;,&quot;created_timestamp&quot;:&quot;1490718847&quot;,&quot;copyright&quot;:&quot;&quot;,&quot;focal_length&quot;:&quot;6.9&quot;,&quot;iso&quot;:&quot;100&quot;,&quot;shutter_speed&quot;:&quot;0.0015625&quot;,&quot;title&quot;:&quot;&quot;,&quot;orientation&quot;:&quot;1&quot;}\" data-image-title=\"P1070678\" data-image-description=\"\" data-image-caption=\"\" data-medium-file=\"https:\/\/i0.wp.com\/genevieveetbernardauxameriques.fr\/wp-content\/uploads\/2017\/03\/P1070678.jpg?fit=300%2C225&amp;ssl=1\" data-large-file=\"https:\/\/i0.wp.com\/genevieveetbernardauxameriques.fr\/wp-content\/uploads\/2017\/03\/P1070678.jpg?fit=640%2C480&amp;ssl=1\" class=\"alignnone size-full wp-image-17557\" src=\"https:\/\/i0.wp.com\/genevieveetbernardauxameriques.fr\/wp-content\/uploads\/2017\/03\/P1070678.jpg?resize=640%2C480&#038;ssl=1\" alt=\"\" width=\"640\" height=\"480\" srcset=\"https:\/\/i0.wp.com\/genevieveetbernardauxameriques.fr\/wp-content\/uploads\/2017\/03\/P1070678.jpg?w=640&amp;ssl=1 640w, https:\/\/i0.wp.com\/genevieveetbernardauxameriques.fr\/wp-content\/uploads\/2017\/03\/P1070678.jpg?resize=300%2C225&amp;ssl=1 300w\" sizes=\"(max-width: 640px) 100vw, 640px\" data-recalc-dims=\"1\" \/><\/a><\/p>\n<p>Et partout des bus CHIVA. Chaque bus\u00a0est une \u0153uvre d&rsquo;art roulante, qui poss\u00e8de des bancs en bois \u00e0 la place des si\u00e8ges, chacun \u00e9tant accessible depuis l&rsquo;ext\u00e9rieur. Le bus est en bois et sa carrosserie est peinte de motifs d\u00e9coratifs color\u00e9s, \u00e0 l&rsquo;arri\u00e8re il y a une grande peinture g\u00e9n\u00e9ralement religieuse. Il n&rsquo;y en plus sur les grandes routes, mais sur les routes secondaires. Les Chivas acceptent les passagers, les animaux, toutes sortes de choses, si l&rsquo;int\u00e9rieur est plein, le toit accueille toute cargaison et les hommes.<\/p>\n<p><a href=\"https:\/\/i0.wp.com\/genevieveetbernardauxameriques.fr\/wp-content\/uploads\/2017\/04\/DSCN9807.jpg?ssl=1\"><img loading=\"lazy\" decoding=\"async\" data-attachment-id=\"17636\" data-permalink=\"https:\/\/genevieveetbernardauxameriques.fr\/index.php\/2017\/04\/06\/colombie-2eme-article-la-route-du-cafe\/dscn9807\/\" data-orig-file=\"https:\/\/i0.wp.com\/genevieveetbernardauxameriques.fr\/wp-content\/uploads\/2017\/04\/DSCN9807.jpg?fit=720%2C540&amp;ssl=1\" data-orig-size=\"720,540\" data-comments-opened=\"1\" data-image-meta=\"{&quot;aperture&quot;:&quot;3.5&quot;,&quot;credit&quot;:&quot;&quot;,&quot;camera&quot;:&quot;COOLPIX P900&quot;,&quot;caption&quot;:&quot;&quot;,&quot;created_timestamp&quot;:&quot;1490827412&quot;,&quot;copyright&quot;:&quot;&quot;,&quot;focal_length&quot;:&quot;12.5&quot;,&quot;iso&quot;:&quot;100&quot;,&quot;shutter_speed&quot;:&quot;0.0025&quot;,&quot;title&quot;:&quot;&quot;,&quot;orientation&quot;:&quot;1&quot;}\" data-image-title=\"DSCN9807\" data-image-description=\"\" data-image-caption=\"\" data-medium-file=\"https:\/\/i0.wp.com\/genevieveetbernardauxameriques.fr\/wp-content\/uploads\/2017\/04\/DSCN9807.jpg?fit=300%2C225&amp;ssl=1\" data-large-file=\"https:\/\/i0.wp.com\/genevieveetbernardauxameriques.fr\/wp-content\/uploads\/2017\/04\/DSCN9807.jpg?fit=640%2C480&amp;ssl=1\" class=\"alignnone size-full wp-image-17636\" src=\"https:\/\/i0.wp.com\/genevieveetbernardauxameriques.fr\/wp-content\/uploads\/2017\/04\/DSCN9807.jpg?resize=640%2C480&#038;ssl=1\" alt=\"\" width=\"640\" height=\"480\" srcset=\"https:\/\/i0.wp.com\/genevieveetbernardauxameriques.fr\/wp-content\/uploads\/2017\/04\/DSCN9807.jpg?w=720&amp;ssl=1 720w, https:\/\/i0.wp.com\/genevieveetbernardauxameriques.fr\/wp-content\/uploads\/2017\/04\/DSCN9807.jpg?resize=300%2C225&amp;ssl=1 300w\" sizes=\"(max-width: 640px) 100vw, 640px\" data-recalc-dims=\"1\" \/><\/a><\/p>\n<p><a href=\"https:\/\/i0.wp.com\/genevieveetbernardauxameriques.fr\/wp-content\/uploads\/2017\/03\/DSCN9751.jpg?ssl=1\"><img loading=\"lazy\" decoding=\"async\" data-attachment-id=\"17500\" data-permalink=\"https:\/\/genevieveetbernardauxameriques.fr\/index.php\/2017\/04\/06\/colombie-2eme-article-la-route-du-cafe\/dscn9751\/\" data-orig-file=\"https:\/\/i0.wp.com\/genevieveetbernardauxameriques.fr\/wp-content\/uploads\/2017\/03\/DSCN9751.jpg?fit=720%2C540&amp;ssl=1\" data-orig-size=\"720,540\" data-comments-opened=\"1\" data-image-meta=\"{&quot;aperture&quot;:&quot;3.5&quot;,&quot;credit&quot;:&quot;&quot;,&quot;camera&quot;:&quot;COOLPIX P900&quot;,&quot;caption&quot;:&quot;&quot;,&quot;created_timestamp&quot;:&quot;1490724843&quot;,&quot;copyright&quot;:&quot;&quot;,&quot;focal_length&quot;:&quot;9.8&quot;,&quot;iso&quot;:&quot;100&quot;,&quot;shutter_speed&quot;:&quot;0.0015625&quot;,&quot;title&quot;:&quot;&quot;,&quot;orientation&quot;:&quot;1&quot;}\" data-image-title=\"DSCN9751\" data-image-description=\"\" data-image-caption=\"\" data-medium-file=\"https:\/\/i0.wp.com\/genevieveetbernardauxameriques.fr\/wp-content\/uploads\/2017\/03\/DSCN9751.jpg?fit=300%2C225&amp;ssl=1\" data-large-file=\"https:\/\/i0.wp.com\/genevieveetbernardauxameriques.fr\/wp-content\/uploads\/2017\/03\/DSCN9751.jpg?fit=640%2C480&amp;ssl=1\" class=\"alignnone size-full wp-image-17500\" src=\"https:\/\/i0.wp.com\/genevieveetbernardauxameriques.fr\/wp-content\/uploads\/2017\/03\/DSCN9751.jpg?resize=640%2C480&#038;ssl=1\" alt=\"\" width=\"640\" height=\"480\" srcset=\"https:\/\/i0.wp.com\/genevieveetbernardauxameriques.fr\/wp-content\/uploads\/2017\/03\/DSCN9751.jpg?w=720&amp;ssl=1 720w, https:\/\/i0.wp.com\/genevieveetbernardauxameriques.fr\/wp-content\/uploads\/2017\/03\/DSCN9751.jpg?resize=300%2C225&amp;ssl=1 300w\" sizes=\"(max-width: 640px) 100vw, 640px\" data-recalc-dims=\"1\" \/><\/a><\/p>\n<p>Nous quittons la place de Salamina apr\u00e8s une derni\u00e8re visite dans la ville.\u00a0 il fait beau temps et nous d\u00e9cidons, apr\u00e8s avoir bien demand\u00e9 comment \u00e9tait l&rsquo;\u00e9tat de la\u200b route, d&rsquo;aller\u00a0 \u200b \u00e0 Aguadas.<\/p>\n<p>La route effectivement n&rsquo;est pas des meilleures mais on a vu pire, nous ferons les 50 km en un peu plus de 2 h.<\/p>\n<p><a href=\"https:\/\/i0.wp.com\/genevieveetbernardauxameriques.fr\/wp-content\/uploads\/2017\/03\/DSCN9733.jpg?ssl=1\"><img loading=\"lazy\" decoding=\"async\" data-attachment-id=\"17498\" data-permalink=\"https:\/\/genevieveetbernardauxameriques.fr\/index.php\/2017\/04\/06\/colombie-2eme-article-la-route-du-cafe\/dscn9733\/\" data-orig-file=\"https:\/\/i0.wp.com\/genevieveetbernardauxameriques.fr\/wp-content\/uploads\/2017\/03\/DSCN9733.jpg?fit=720%2C540&amp;ssl=1\" data-orig-size=\"720,540\" data-comments-opened=\"1\" data-image-meta=\"{&quot;aperture&quot;:&quot;3.5&quot;,&quot;credit&quot;:&quot;&quot;,&quot;camera&quot;:&quot;COOLPIX P900&quot;,&quot;caption&quot;:&quot;&quot;,&quot;created_timestamp&quot;:&quot;1490723210&quot;,&quot;copyright&quot;:&quot;&quot;,&quot;focal_length&quot;:&quot;13.4&quot;,&quot;iso&quot;:&quot;100&quot;,&quot;shutter_speed&quot;:&quot;0.005&quot;,&quot;title&quot;:&quot;&quot;,&quot;orientation&quot;:&quot;1&quot;}\" data-image-title=\"DSCN9733\" data-image-description=\"\" data-image-caption=\"\" data-medium-file=\"https:\/\/i0.wp.com\/genevieveetbernardauxameriques.fr\/wp-content\/uploads\/2017\/03\/DSCN9733.jpg?fit=300%2C225&amp;ssl=1\" data-large-file=\"https:\/\/i0.wp.com\/genevieveetbernardauxameriques.fr\/wp-content\/uploads\/2017\/03\/DSCN9733.jpg?fit=640%2C480&amp;ssl=1\" class=\"alignnone size-full wp-image-17498\" src=\"https:\/\/i0.wp.com\/genevieveetbernardauxameriques.fr\/wp-content\/uploads\/2017\/03\/DSCN9733.jpg?resize=640%2C480&#038;ssl=1\" alt=\"\" width=\"640\" height=\"480\" srcset=\"https:\/\/i0.wp.com\/genevieveetbernardauxameriques.fr\/wp-content\/uploads\/2017\/03\/DSCN9733.jpg?w=720&amp;ssl=1 720w, https:\/\/i0.wp.com\/genevieveetbernardauxameriques.fr\/wp-content\/uploads\/2017\/03\/DSCN9733.jpg?resize=300%2C225&amp;ssl=1 300w\" sizes=\"(max-width: 640px) 100vw, 640px\" data-recalc-dims=\"1\" \/><\/a><\/p>\n<p>pas grand place pour se croiser<\/p>\n<p><a href=\"https:\/\/i0.wp.com\/genevieveetbernardauxameriques.fr\/wp-content\/uploads\/2017\/03\/DSCN9735.jpg?ssl=1\"><img loading=\"lazy\" decoding=\"async\" data-attachment-id=\"17499\" data-permalink=\"https:\/\/genevieveetbernardauxameriques.fr\/index.php\/2017\/04\/06\/colombie-2eme-article-la-route-du-cafe\/dscn9735\/\" data-orig-file=\"https:\/\/i0.wp.com\/genevieveetbernardauxameriques.fr\/wp-content\/uploads\/2017\/03\/DSCN9735.jpg?fit=720%2C540&amp;ssl=1\" data-orig-size=\"720,540\" data-comments-opened=\"1\" data-image-meta=\"{&quot;aperture&quot;:&quot;3.5&quot;,&quot;credit&quot;:&quot;&quot;,&quot;camera&quot;:&quot;COOLPIX P900&quot;,&quot;caption&quot;:&quot;&quot;,&quot;created_timestamp&quot;:&quot;1490723242&quot;,&quot;copyright&quot;:&quot;&quot;,&quot;focal_length&quot;:&quot;13.4&quot;,&quot;iso&quot;:&quot;100&quot;,&quot;shutter_speed&quot;:&quot;0.00625&quot;,&quot;title&quot;:&quot;&quot;,&quot;orientation&quot;:&quot;1&quot;}\" data-image-title=\"DSCN9735\" data-image-description=\"\" data-image-caption=\"\" data-medium-file=\"https:\/\/i0.wp.com\/genevieveetbernardauxameriques.fr\/wp-content\/uploads\/2017\/03\/DSCN9735.jpg?fit=300%2C225&amp;ssl=1\" data-large-file=\"https:\/\/i0.wp.com\/genevieveetbernardauxameriques.fr\/wp-content\/uploads\/2017\/03\/DSCN9735.jpg?fit=640%2C480&amp;ssl=1\" class=\"alignnone size-full wp-image-17499\" src=\"https:\/\/i0.wp.com\/genevieveetbernardauxameriques.fr\/wp-content\/uploads\/2017\/03\/DSCN9735.jpg?resize=640%2C480&#038;ssl=1\" alt=\"\" width=\"640\" height=\"480\" srcset=\"https:\/\/i0.wp.com\/genevieveetbernardauxameriques.fr\/wp-content\/uploads\/2017\/03\/DSCN9735.jpg?w=720&amp;ssl=1 720w, https:\/\/i0.wp.com\/genevieveetbernardauxameriques.fr\/wp-content\/uploads\/2017\/03\/DSCN9735.jpg?resize=300%2C225&amp;ssl=1 300w\" sizes=\"(max-width: 640px) 100vw, 640px\" data-recalc-dims=\"1\" \/><\/a><\/p>\n<p><img loading=\"lazy\" decoding=\"async\" data-attachment-id=\"17503\" data-permalink=\"https:\/\/genevieveetbernardauxameriques.fr\/index.php\/2017\/04\/06\/colombie-2eme-article-la-route-du-cafe\/dscn9754\/\" data-orig-file=\"https:\/\/i0.wp.com\/genevieveetbernardauxameriques.fr\/wp-content\/uploads\/2017\/03\/DSCN9754.jpg?fit=720%2C540&amp;ssl=1\" data-orig-size=\"720,540\" data-comments-opened=\"1\" data-image-meta=\"{&quot;aperture&quot;:&quot;4&quot;,&quot;credit&quot;:&quot;&quot;,&quot;camera&quot;:&quot;COOLPIX P900&quot;,&quot;caption&quot;:&quot;&quot;,&quot;created_timestamp&quot;:&quot;1490724955&quot;,&quot;copyright&quot;:&quot;&quot;,&quot;focal_length&quot;:&quot;24.1&quot;,&quot;iso&quot;:&quot;100&quot;,&quot;shutter_speed&quot;:&quot;0.00125&quot;,&quot;title&quot;:&quot;&quot;,&quot;orientation&quot;:&quot;1&quot;}\" data-image-title=\"DSCN9754\" data-image-description=\"\" data-image-caption=\"\" data-medium-file=\"https:\/\/i0.wp.com\/genevieveetbernardauxameriques.fr\/wp-content\/uploads\/2017\/03\/DSCN9754.jpg?fit=300%2C225&amp;ssl=1\" data-large-file=\"https:\/\/i0.wp.com\/genevieveetbernardauxameriques.fr\/wp-content\/uploads\/2017\/03\/DSCN9754.jpg?fit=640%2C480&amp;ssl=1\" class=\"alignnone size-full wp-image-17503\" src=\"https:\/\/i0.wp.com\/genevieveetbernardauxameriques.fr\/wp-content\/uploads\/2017\/03\/DSCN9754.jpg?resize=640%2C480&#038;ssl=1\" alt=\"\" width=\"640\" height=\"480\" srcset=\"https:\/\/i0.wp.com\/genevieveetbernardauxameriques.fr\/wp-content\/uploads\/2017\/03\/DSCN9754.jpg?w=720&amp;ssl=1 720w, https:\/\/i0.wp.com\/genevieveetbernardauxameriques.fr\/wp-content\/uploads\/2017\/03\/DSCN9754.jpg?resize=300%2C225&amp;ssl=1 300w\" sizes=\"(max-width: 640px) 100vw, 640px\" data-recalc-dims=\"1\" \/><a href=\"https:\/\/i0.wp.com\/genevieveetbernardauxameriques.fr\/wp-content\/uploads\/2017\/03\/DSCN9753.jpg?ssl=1\"><img loading=\"lazy\" decoding=\"async\" data-attachment-id=\"17502\" data-permalink=\"https:\/\/genevieveetbernardauxameriques.fr\/index.php\/2017\/04\/06\/colombie-2eme-article-la-route-du-cafe\/dscn9753\/\" data-orig-file=\"https:\/\/i0.wp.com\/genevieveetbernardauxameriques.fr\/wp-content\/uploads\/2017\/03\/DSCN9753.jpg?fit=720%2C540&amp;ssl=1\" data-orig-size=\"720,540\" data-comments-opened=\"1\" data-image-meta=\"{&quot;aperture&quot;:&quot;3.5&quot;,&quot;credit&quot;:&quot;&quot;,&quot;camera&quot;:&quot;COOLPIX P900&quot;,&quot;caption&quot;:&quot;&quot;,&quot;created_timestamp&quot;:&quot;1490724874&quot;,&quot;copyright&quot;:&quot;&quot;,&quot;focal_length&quot;:&quot;9.8&quot;,&quot;iso&quot;:&quot;100&quot;,&quot;shutter_speed&quot;:&quot;0.001&quot;,&quot;title&quot;:&quot;&quot;,&quot;orientation&quot;:&quot;1&quot;}\" data-image-title=\"DSCN9753\" data-image-description=\"\" data-image-caption=\"\" data-medium-file=\"https:\/\/i0.wp.com\/genevieveetbernardauxameriques.fr\/wp-content\/uploads\/2017\/03\/DSCN9753.jpg?fit=300%2C225&amp;ssl=1\" data-large-file=\"https:\/\/i0.wp.com\/genevieveetbernardauxameriques.fr\/wp-content\/uploads\/2017\/03\/DSCN9753.jpg?fit=640%2C480&amp;ssl=1\" class=\"alignnone size-full wp-image-17502\" src=\"https:\/\/i0.wp.com\/genevieveetbernardauxameriques.fr\/wp-content\/uploads\/2017\/03\/DSCN9753.jpg?resize=640%2C480&#038;ssl=1\" alt=\"\" width=\"640\" height=\"480\" srcset=\"https:\/\/i0.wp.com\/genevieveetbernardauxameriques.fr\/wp-content\/uploads\/2017\/03\/DSCN9753.jpg?w=720&amp;ssl=1 720w, https:\/\/i0.wp.com\/genevieveetbernardauxameriques.fr\/wp-content\/uploads\/2017\/03\/DSCN9753.jpg?resize=300%2C225&amp;ssl=1 300w\" sizes=\"(max-width: 640px) 100vw, 640px\" data-recalc-dims=\"1\" \/><\/a> <a href=\"https:\/\/i0.wp.com\/genevieveetbernardauxameriques.fr\/wp-content\/uploads\/2017\/03\/DSCN9757.jpg?ssl=1\"><img loading=\"lazy\" decoding=\"async\" data-attachment-id=\"17504\" data-permalink=\"https:\/\/genevieveetbernardauxameriques.fr\/index.php\/2017\/04\/06\/colombie-2eme-article-la-route-du-cafe\/dscn9757\/\" data-orig-file=\"https:\/\/i0.wp.com\/genevieveetbernardauxameriques.fr\/wp-content\/uploads\/2017\/03\/DSCN9757.jpg?fit=720%2C540&amp;ssl=1\" data-orig-size=\"720,540\" data-comments-opened=\"1\" data-image-meta=\"{&quot;aperture&quot;:&quot;3.2&quot;,&quot;credit&quot;:&quot;&quot;,&quot;camera&quot;:&quot;COOLPIX P900&quot;,&quot;caption&quot;:&quot;&quot;,&quot;created_timestamp&quot;:&quot;1490725156&quot;,&quot;copyright&quot;:&quot;&quot;,&quot;focal_length&quot;:&quot;7.7&quot;,&quot;iso&quot;:&quot;100&quot;,&quot;shutter_speed&quot;:&quot;0.0008&quot;,&quot;title&quot;:&quot;&quot;,&quot;orientation&quot;:&quot;1&quot;}\" data-image-title=\"DSCN9757\" data-image-description=\"\" data-image-caption=\"\" data-medium-file=\"https:\/\/i0.wp.com\/genevieveetbernardauxameriques.fr\/wp-content\/uploads\/2017\/03\/DSCN9757.jpg?fit=300%2C225&amp;ssl=1\" data-large-file=\"https:\/\/i0.wp.com\/genevieveetbernardauxameriques.fr\/wp-content\/uploads\/2017\/03\/DSCN9757.jpg?fit=640%2C480&amp;ssl=1\" class=\"alignnone size-full wp-image-17504\" src=\"https:\/\/i0.wp.com\/genevieveetbernardauxameriques.fr\/wp-content\/uploads\/2017\/03\/DSCN9757.jpg?resize=640%2C480&#038;ssl=1\" alt=\"\" width=\"640\" height=\"480\" srcset=\"https:\/\/i0.wp.com\/genevieveetbernardauxameriques.fr\/wp-content\/uploads\/2017\/03\/DSCN9757.jpg?w=720&amp;ssl=1 720w, https:\/\/i0.wp.com\/genevieveetbernardauxameriques.fr\/wp-content\/uploads\/2017\/03\/DSCN9757.jpg?resize=300%2C225&amp;ssl=1 300w\" sizes=\"(max-width: 640px) 100vw, 640px\" data-recalc-dims=\"1\" \/><\/a><\/p>\n<p>Du caf\u00e9 qui s\u00e8che :<\/p>\n<p><a href=\"https:\/\/i0.wp.com\/genevieveetbernardauxameriques.fr\/wp-content\/uploads\/2017\/03\/DSCN9758.jpg?ssl=1\"><img loading=\"lazy\" decoding=\"async\" data-attachment-id=\"17505\" data-permalink=\"https:\/\/genevieveetbernardauxameriques.fr\/index.php\/2017\/04\/06\/colombie-2eme-article-la-route-du-cafe\/dscn9758\/\" data-orig-file=\"https:\/\/i0.wp.com\/genevieveetbernardauxameriques.fr\/wp-content\/uploads\/2017\/03\/DSCN9758.jpg?fit=720%2C540&amp;ssl=1\" data-orig-size=\"720,540\" data-comments-opened=\"1\" data-image-meta=\"{&quot;aperture&quot;:&quot;3.5&quot;,&quot;credit&quot;:&quot;&quot;,&quot;camera&quot;:&quot;COOLPIX P900&quot;,&quot;caption&quot;:&quot;&quot;,&quot;created_timestamp&quot;:&quot;1490726372&quot;,&quot;copyright&quot;:&quot;&quot;,&quot;focal_length&quot;:&quot;10.7&quot;,&quot;iso&quot;:&quot;100&quot;,&quot;shutter_speed&quot;:&quot;0.001&quot;,&quot;title&quot;:&quot;&quot;,&quot;orientation&quot;:&quot;1&quot;}\" data-image-title=\"DSCN9758\" data-image-description=\"\" data-image-caption=\"\" data-medium-file=\"https:\/\/i0.wp.com\/genevieveetbernardauxameriques.fr\/wp-content\/uploads\/2017\/03\/DSCN9758.jpg?fit=300%2C225&amp;ssl=1\" data-large-file=\"https:\/\/i0.wp.com\/genevieveetbernardauxameriques.fr\/wp-content\/uploads\/2017\/03\/DSCN9758.jpg?fit=640%2C480&amp;ssl=1\" class=\"alignnone size-full wp-image-17505\" src=\"https:\/\/i0.wp.com\/genevieveetbernardauxameriques.fr\/wp-content\/uploads\/2017\/03\/DSCN9758.jpg?resize=640%2C480&#038;ssl=1\" alt=\"\" width=\"640\" height=\"480\" srcset=\"https:\/\/i0.wp.com\/genevieveetbernardauxameriques.fr\/wp-content\/uploads\/2017\/03\/DSCN9758.jpg?w=720&amp;ssl=1 720w, https:\/\/i0.wp.com\/genevieveetbernardauxameriques.fr\/wp-content\/uploads\/2017\/03\/DSCN9758.jpg?resize=300%2C225&amp;ssl=1 300w\" sizes=\"(max-width: 640px) 100vw, 640px\" data-recalc-dims=\"1\" \/><\/a><\/p>\n<p>Un peu avant Aguadas un bus CHIVA est tomb\u00e9, bilan : 5 morts et 35 personnes \u00e0 l\u2019h\u00f4pital. Cela ne pardonne pas, \u00a0surtout pour ceux qui sont sur le toit et \u00e0 l&rsquo;int\u00e9rieur la ceinture de s\u00e9curit\u00e9 n&rsquo;existe pas.<\/p>\n<p><a href=\"https:\/\/i0.wp.com\/genevieveetbernardauxameriques.fr\/wp-content\/uploads\/2017\/03\/DSCN9759.jpg?ssl=1\"><img loading=\"lazy\" decoding=\"async\" data-attachment-id=\"17506\" data-permalink=\"https:\/\/genevieveetbernardauxameriques.fr\/index.php\/2017\/04\/06\/colombie-2eme-article-la-route-du-cafe\/dscn9759\/\" data-orig-file=\"https:\/\/i0.wp.com\/genevieveetbernardauxameriques.fr\/wp-content\/uploads\/2017\/03\/DSCN9759.jpg?fit=720%2C540&amp;ssl=1\" data-orig-size=\"720,540\" data-comments-opened=\"1\" data-image-meta=\"{&quot;aperture&quot;:&quot;4.5&quot;,&quot;credit&quot;:&quot;&quot;,&quot;camera&quot;:&quot;COOLPIX P900&quot;,&quot;caption&quot;:&quot;&quot;,&quot;created_timestamp&quot;:&quot;1490726448&quot;,&quot;copyright&quot;:&quot;&quot;,&quot;focal_length&quot;:&quot;46.4&quot;,&quot;iso&quot;:&quot;100&quot;,&quot;shutter_speed&quot;:&quot;0.004&quot;,&quot;title&quot;:&quot;&quot;,&quot;orientation&quot;:&quot;1&quot;}\" data-image-title=\"DSCN9759\" data-image-description=\"\" data-image-caption=\"\" data-medium-file=\"https:\/\/i0.wp.com\/genevieveetbernardauxameriques.fr\/wp-content\/uploads\/2017\/03\/DSCN9759.jpg?fit=300%2C225&amp;ssl=1\" data-large-file=\"https:\/\/i0.wp.com\/genevieveetbernardauxameriques.fr\/wp-content\/uploads\/2017\/03\/DSCN9759.jpg?fit=640%2C480&amp;ssl=1\" class=\"alignnone size-full wp-image-17506\" src=\"https:\/\/i0.wp.com\/genevieveetbernardauxameriques.fr\/wp-content\/uploads\/2017\/03\/DSCN9759.jpg?resize=640%2C480&#038;ssl=1\" alt=\"\" width=\"640\" height=\"480\" srcset=\"https:\/\/i0.wp.com\/genevieveetbernardauxameriques.fr\/wp-content\/uploads\/2017\/03\/DSCN9759.jpg?w=720&amp;ssl=1 720w, https:\/\/i0.wp.com\/genevieveetbernardauxameriques.fr\/wp-content\/uploads\/2017\/03\/DSCN9759.jpg?resize=300%2C225&amp;ssl=1 300w\" sizes=\"(max-width: 640px) 100vw, 640px\" data-recalc-dims=\"1\" \/><\/a> <a href=\"https:\/\/i0.wp.com\/genevieveetbernardauxameriques.fr\/wp-content\/uploads\/2017\/03\/DSCN9761.jpg?ssl=1\"><img loading=\"lazy\" decoding=\"async\" data-attachment-id=\"17507\" data-permalink=\"https:\/\/genevieveetbernardauxameriques.fr\/index.php\/2017\/04\/06\/colombie-2eme-article-la-route-du-cafe\/dscn9761\/\" data-orig-file=\"https:\/\/i0.wp.com\/genevieveetbernardauxameriques.fr\/wp-content\/uploads\/2017\/03\/DSCN9761.jpg?fit=720%2C540&amp;ssl=1\" data-orig-size=\"720,540\" data-comments-opened=\"1\" data-image-meta=\"{&quot;aperture&quot;:&quot;3.5&quot;,&quot;credit&quot;:&quot;&quot;,&quot;camera&quot;:&quot;COOLPIX P900&quot;,&quot;caption&quot;:&quot;&quot;,&quot;created_timestamp&quot;:&quot;1490726571&quot;,&quot;copyright&quot;:&quot;&quot;,&quot;focal_length&quot;:&quot;8.9&quot;,&quot;iso&quot;:&quot;100&quot;,&quot;shutter_speed&quot;:&quot;0.000625&quot;,&quot;title&quot;:&quot;&quot;,&quot;orientation&quot;:&quot;1&quot;}\" data-image-title=\"DSCN9761\" data-image-description=\"\" data-image-caption=\"\" data-medium-file=\"https:\/\/i0.wp.com\/genevieveetbernardauxameriques.fr\/wp-content\/uploads\/2017\/03\/DSCN9761.jpg?fit=300%2C225&amp;ssl=1\" data-large-file=\"https:\/\/i0.wp.com\/genevieveetbernardauxameriques.fr\/wp-content\/uploads\/2017\/03\/DSCN9761.jpg?fit=640%2C480&amp;ssl=1\" class=\"alignnone size-full wp-image-17507\" src=\"https:\/\/i0.wp.com\/genevieveetbernardauxameriques.fr\/wp-content\/uploads\/2017\/03\/DSCN9761.jpg?resize=640%2C480&#038;ssl=1\" alt=\"\" width=\"640\" height=\"480\" srcset=\"https:\/\/i0.wp.com\/genevieveetbernardauxameriques.fr\/wp-content\/uploads\/2017\/03\/DSCN9761.jpg?w=720&amp;ssl=1 720w, https:\/\/i0.wp.com\/genevieveetbernardauxameriques.fr\/wp-content\/uploads\/2017\/03\/DSCN9761.jpg?resize=300%2C225&amp;ssl=1 300w\" sizes=\"(max-width: 640px) 100vw, 640px\" data-recalc-dims=\"1\" \/><\/a> <a href=\"https:\/\/i0.wp.com\/genevieveetbernardauxameriques.fr\/wp-content\/uploads\/2017\/03\/DSCN9763.jpg?ssl=1\"><img loading=\"lazy\" decoding=\"async\" data-attachment-id=\"17509\" data-permalink=\"https:\/\/genevieveetbernardauxameriques.fr\/index.php\/2017\/04\/06\/colombie-2eme-article-la-route-du-cafe\/dscn9763\/\" data-orig-file=\"https:\/\/i0.wp.com\/genevieveetbernardauxameriques.fr\/wp-content\/uploads\/2017\/03\/DSCN9763.jpg?fit=720%2C540&amp;ssl=1\" data-orig-size=\"720,540\" data-comments-opened=\"1\" data-image-meta=\"{&quot;aperture&quot;:&quot;3.5&quot;,&quot;credit&quot;:&quot;&quot;,&quot;camera&quot;:&quot;COOLPIX P900&quot;,&quot;caption&quot;:&quot;&quot;,&quot;created_timestamp&quot;:&quot;1490726660&quot;,&quot;copyright&quot;:&quot;&quot;,&quot;focal_length&quot;:&quot;9.8&quot;,&quot;iso&quot;:&quot;100&quot;,&quot;shutter_speed&quot;:&quot;0.000625&quot;,&quot;title&quot;:&quot;&quot;,&quot;orientation&quot;:&quot;1&quot;}\" data-image-title=\"DSCN9763\" data-image-description=\"\" data-image-caption=\"\" data-medium-file=\"https:\/\/i0.wp.com\/genevieveetbernardauxameriques.fr\/wp-content\/uploads\/2017\/03\/DSCN9763.jpg?fit=300%2C225&amp;ssl=1\" data-large-file=\"https:\/\/i0.wp.com\/genevieveetbernardauxameriques.fr\/wp-content\/uploads\/2017\/03\/DSCN9763.jpg?fit=640%2C480&amp;ssl=1\" class=\"alignnone size-full wp-image-17509\" src=\"https:\/\/i0.wp.com\/genevieveetbernardauxameriques.fr\/wp-content\/uploads\/2017\/03\/DSCN9763.jpg?resize=640%2C480&#038;ssl=1\" alt=\"\" width=\"640\" height=\"480\" srcset=\"https:\/\/i0.wp.com\/genevieveetbernardauxameriques.fr\/wp-content\/uploads\/2017\/03\/DSCN9763.jpg?w=720&amp;ssl=1 720w, https:\/\/i0.wp.com\/genevieveetbernardauxameriques.fr\/wp-content\/uploads\/2017\/03\/DSCN9763.jpg?resize=300%2C225&amp;ssl=1 300w\" sizes=\"(max-width: 640px) 100vw, 640px\" data-recalc-dims=\"1\" \/><\/a> <a href=\"https:\/\/i0.wp.com\/genevieveetbernardauxameriques.fr\/wp-content\/uploads\/2017\/03\/DSCN9764.jpg?ssl=1\"><img loading=\"lazy\" decoding=\"async\" data-attachment-id=\"17510\" data-permalink=\"https:\/\/genevieveetbernardauxameriques.fr\/index.php\/2017\/04\/06\/colombie-2eme-article-la-route-du-cafe\/dscn9764\/\" data-orig-file=\"https:\/\/i0.wp.com\/genevieveetbernardauxameriques.fr\/wp-content\/uploads\/2017\/03\/DSCN9764.jpg?fit=720%2C540&amp;ssl=1\" data-orig-size=\"720,540\" data-comments-opened=\"1\" data-image-meta=\"{&quot;aperture&quot;:&quot;2.8&quot;,&quot;credit&quot;:&quot;&quot;,&quot;camera&quot;:&quot;COOLPIX P900&quot;,&quot;caption&quot;:&quot;&quot;,&quot;created_timestamp&quot;:&quot;1490726729&quot;,&quot;copyright&quot;:&quot;&quot;,&quot;focal_length&quot;:&quot;4.3&quot;,&quot;iso&quot;:&quot;100&quot;,&quot;shutter_speed&quot;:&quot;0.005&quot;,&quot;title&quot;:&quot;&quot;,&quot;orientation&quot;:&quot;1&quot;}\" data-image-title=\"DSCN9764\" data-image-description=\"\" data-image-caption=\"\" data-medium-file=\"https:\/\/i0.wp.com\/genevieveetbernardauxameriques.fr\/wp-content\/uploads\/2017\/03\/DSCN9764.jpg?fit=300%2C225&amp;ssl=1\" data-large-file=\"https:\/\/i0.wp.com\/genevieveetbernardauxameriques.fr\/wp-content\/uploads\/2017\/03\/DSCN9764.jpg?fit=640%2C480&amp;ssl=1\" class=\"alignnone size-full wp-image-17510\" src=\"https:\/\/i0.wp.com\/genevieveetbernardauxameriques.fr\/wp-content\/uploads\/2017\/03\/DSCN9764.jpg?resize=640%2C480&#038;ssl=1\" alt=\"\" width=\"640\" height=\"480\" srcset=\"https:\/\/i0.wp.com\/genevieveetbernardauxameriques.fr\/wp-content\/uploads\/2017\/03\/DSCN9764.jpg?w=720&amp;ssl=1 720w, https:\/\/i0.wp.com\/genevieveetbernardauxameriques.fr\/wp-content\/uploads\/2017\/03\/DSCN9764.jpg?resize=300%2C225&amp;ssl=1 300w\" sizes=\"(max-width: 640px) 100vw, 640px\" data-recalc-dims=\"1\" \/><\/a><a href=\"https:\/\/i0.wp.com\/genevieveetbernardauxameriques.fr\/wp-content\/uploads\/2017\/03\/DSCN9765.jpg?ssl=1\"><img loading=\"lazy\" decoding=\"async\" data-attachment-id=\"17511\" data-permalink=\"https:\/\/genevieveetbernardauxameriques.fr\/index.php\/2017\/04\/06\/colombie-2eme-article-la-route-du-cafe\/dscn9765\/\" data-orig-file=\"https:\/\/i0.wp.com\/genevieveetbernardauxameriques.fr\/wp-content\/uploads\/2017\/03\/DSCN9765.jpg?fit=720%2C540&amp;ssl=1\" data-orig-size=\"720,540\" data-comments-opened=\"1\" data-image-meta=\"{&quot;aperture&quot;:&quot;2.8&quot;,&quot;credit&quot;:&quot;&quot;,&quot;camera&quot;:&quot;COOLPIX P900&quot;,&quot;caption&quot;:&quot;&quot;,&quot;created_timestamp&quot;:&quot;1490726773&quot;,&quot;copyright&quot;:&quot;&quot;,&quot;focal_length&quot;:&quot;4.3&quot;,&quot;iso&quot;:&quot;100&quot;,&quot;shutter_speed&quot;:&quot;0.001&quot;,&quot;title&quot;:&quot;&quot;,&quot;orientation&quot;:&quot;1&quot;}\" data-image-title=\"DSCN9765\" data-image-description=\"\" data-image-caption=\"\" data-medium-file=\"https:\/\/i0.wp.com\/genevieveetbernardauxameriques.fr\/wp-content\/uploads\/2017\/03\/DSCN9765.jpg?fit=300%2C225&amp;ssl=1\" data-large-file=\"https:\/\/i0.wp.com\/genevieveetbernardauxameriques.fr\/wp-content\/uploads\/2017\/03\/DSCN9765.jpg?fit=640%2C480&amp;ssl=1\" class=\"alignnone size-full wp-image-17511\" src=\"https:\/\/i0.wp.com\/genevieveetbernardauxameriques.fr\/wp-content\/uploads\/2017\/03\/DSCN9765.jpg?resize=640%2C480&#038;ssl=1\" alt=\"\" width=\"640\" height=\"480\" srcset=\"https:\/\/i0.wp.com\/genevieveetbernardauxameriques.fr\/wp-content\/uploads\/2017\/03\/DSCN9765.jpg?w=720&amp;ssl=1 720w, https:\/\/i0.wp.com\/genevieveetbernardauxameriques.fr\/wp-content\/uploads\/2017\/03\/DSCN9765.jpg?resize=300%2C225&amp;ssl=1 300w\" sizes=\"(max-width: 640px) 100vw, 640px\" data-recalc-dims=\"1\" \/><\/a><\/p>\n<p>En arrivant \u00e0 <strong>Aguadas<\/strong> sur la place principale, un policier charg\u00e9 des touristes ne nous laisse pas le temps de souffler et nous dit \u00ab\u00a0suivez moi\u00a0\u00bb. Il nous emm\u00e8ne 20 m plus loin devant l&rsquo;Office du tourisme, nous sommes tr\u00e8s mal gar\u00e9s mais cela n&rsquo;a pas d&rsquo;importance et il nous pr\u00e9sente \u00e0 Fernando le responsable des touristes dans la ville.<\/p>\n<p>Ils vont tous les 2\u00a0 nous prendre en charge durant tout notre s\u00e9jour, c&rsquo;est la premi\u00e8re fois que l&rsquo;on voit cela. (Ce doit \u00eatre l&rsquo;habitude ici, n&rsquo;est ce pas Chunny et Philippe vous qui avez \u00e9galement \u00e9t\u00e9 pris en charge)<\/p>\n<p>D&rsquo;abord ils nous expliquent que tous les campings cars vont stationner sur la colline qui surplombe la ville, au cerro de Montserrate. Nous le savions et c&rsquo;\u00e9tait notre intention de nous y rendre.<\/p>\n<p>Nous avons eu beau lui dire que nous pouvions\u00a0 y aller seuls, il va\u00a0 t\u00e9l\u00e9phoner \u00e0\u00a0 C\u00e9sar qui habite la haut, pour qu&rsquo;il vienne avec sa moto nous chercher. Entre temps un Monsieur avec un sac poubelle dans la main nous dit \u00ab\u00a0je vous y emm\u00e8ne\u00a0\u00bb et le voil\u00e0 qui monte avec nous.<\/p>\n<p>Le chemin n&rsquo;est pas tr\u00e8s bon, il y a plein de terre et des cailloux. C\u00e9sar arrive quelques minutes plus tard et nous dit \u00ab\u00a0mettez-vous o\u00f9 vous voulez\u00a0\u00bb.<\/p>\n<p>On s&rsquo;installe donc pr\u00e8s d&rsquo;une petite maison o\u00f9 il y a l&rsquo;\u00e9lectricit\u00e9 derri\u00e8re.\u00a0Il n&rsquo;y a que la fa\u00e7ade, c&rsquo;est plut\u00f4t une maison de poup\u00e9e !<br \/>\n<a href=\"https:\/\/i0.wp.com\/genevieveetbernardauxameriques.fr\/wp-content\/uploads\/2017\/04\/IMG_20170329_092650.jpg?ssl=1\"><img loading=\"lazy\" decoding=\"async\" data-attachment-id=\"17760\" data-permalink=\"https:\/\/genevieveetbernardauxameriques.fr\/index.php\/2017\/04\/06\/colombie-2eme-article-la-route-du-cafe\/img_20170329_092650\/\" data-orig-file=\"https:\/\/i0.wp.com\/genevieveetbernardauxameriques.fr\/wp-content\/uploads\/2017\/04\/IMG_20170329_092650.jpg?fit=720%2C540&amp;ssl=1\" data-orig-size=\"720,540\" data-comments-opened=\"1\" data-image-meta=\"{&quot;aperture&quot;:&quot;0&quot;,&quot;credit&quot;:&quot;&quot;,&quot;camera&quot;:&quot;Lenovo YT3-X50F&quot;,&quot;caption&quot;:&quot;&quot;,&quot;created_timestamp&quot;:&quot;1490779610&quot;,&quot;copyright&quot;:&quot;&quot;,&quot;focal_length&quot;:&quot;3.85&quot;,&quot;iso&quot;:&quot;100&quot;,&quot;shutter_speed&quot;:&quot;0.0015408320493066&quot;,&quot;title&quot;:&quot;&quot;,&quot;orientation&quot;:&quot;0&quot;}\" data-image-title=\"IMG_20170329_092650\" data-image-description=\"\" data-image-caption=\"\" data-medium-file=\"https:\/\/i0.wp.com\/genevieveetbernardauxameriques.fr\/wp-content\/uploads\/2017\/04\/IMG_20170329_092650.jpg?fit=300%2C225&amp;ssl=1\" data-large-file=\"https:\/\/i0.wp.com\/genevieveetbernardauxameriques.fr\/wp-content\/uploads\/2017\/04\/IMG_20170329_092650.jpg?fit=640%2C480&amp;ssl=1\" class=\"alignnone size-full wp-image-17760\" src=\"https:\/\/i0.wp.com\/genevieveetbernardauxameriques.fr\/wp-content\/uploads\/2017\/04\/IMG_20170329_092650.jpg?resize=640%2C480&#038;ssl=1\" alt=\"\" width=\"640\" height=\"480\" srcset=\"https:\/\/i0.wp.com\/genevieveetbernardauxameriques.fr\/wp-content\/uploads\/2017\/04\/IMG_20170329_092650.jpg?w=720&amp;ssl=1 720w, https:\/\/i0.wp.com\/genevieveetbernardauxameriques.fr\/wp-content\/uploads\/2017\/04\/IMG_20170329_092650.jpg?resize=300%2C225&amp;ssl=1 300w\" sizes=\"(max-width: 640px) 100vw, 640px\" data-recalc-dims=\"1\" \/><\/a><img loading=\"lazy\" decoding=\"async\" data-attachment-id=\"17759\" data-permalink=\"https:\/\/genevieveetbernardauxameriques.fr\/index.php\/2017\/04\/06\/colombie-2eme-article-la-route-du-cafe\/img_20170327_143102\/\" data-orig-file=\"https:\/\/i0.wp.com\/genevieveetbernardauxameriques.fr\/wp-content\/uploads\/2017\/04\/IMG_20170327_143102.jpg?fit=720%2C540&amp;ssl=1\" data-orig-size=\"720,540\" data-comments-opened=\"1\" data-image-meta=\"{&quot;aperture&quot;:&quot;0&quot;,&quot;credit&quot;:&quot;&quot;,&quot;camera&quot;:&quot;Lenovo YT3-X50F&quot;,&quot;caption&quot;:&quot;&quot;,&quot;created_timestamp&quot;:&quot;1490625063&quot;,&quot;copyright&quot;:&quot;&quot;,&quot;focal_length&quot;:&quot;3.85&quot;,&quot;iso&quot;:&quot;100&quot;,&quot;shutter_speed&quot;:&quot;0.00093457943925234&quot;,&quot;title&quot;:&quot;&quot;,&quot;orientation&quot;:&quot;0&quot;}\" data-image-title=\"IMG_20170327_143102\" data-image-description=\"\" data-image-caption=\"\" data-medium-file=\"https:\/\/i0.wp.com\/genevieveetbernardauxameriques.fr\/wp-content\/uploads\/2017\/04\/IMG_20170327_143102.jpg?fit=300%2C225&amp;ssl=1\" data-large-file=\"https:\/\/i0.wp.com\/genevieveetbernardauxameriques.fr\/wp-content\/uploads\/2017\/04\/IMG_20170327_143102.jpg?fit=640%2C480&amp;ssl=1\" class=\"alignnone size-full wp-image-17759\" src=\"https:\/\/i0.wp.com\/genevieveetbernardauxameriques.fr\/wp-content\/uploads\/2017\/04\/IMG_20170327_143102.jpg?resize=640%2C480&#038;ssl=1\" alt=\"\" width=\"640\" height=\"480\" srcset=\"https:\/\/i0.wp.com\/genevieveetbernardauxameriques.fr\/wp-content\/uploads\/2017\/04\/IMG_20170327_143102.jpg?w=720&amp;ssl=1 720w, https:\/\/i0.wp.com\/genevieveetbernardauxameriques.fr\/wp-content\/uploads\/2017\/04\/IMG_20170327_143102.jpg?resize=300%2C225&amp;ssl=1 300w\" sizes=\"(max-width: 640px) 100vw, 640px\" data-recalc-dims=\"1\" \/><\/p>\n<p>Notre brave homme qui \u00e9tait avec nous va nous ouvrir son sac poubelle et veut nous vendre des objets h\u00e9t\u00e9roclites (une paire de ciseaux magique, une peluche qui marche, ceinture, portefeuille, chapeau&#8230;). Finalement pour 3 \u20ac Bernard va lui prendre une ceinture et il va redescendre \u00e0 pied.<\/p>\n<p>Repas.<\/p>\n<p>Photos de la vue \u00e0 360\u00b0 du mirador naturel \u00e0 2270 m, il fait beau<\/p>\n<p><a href=\"https:\/\/i0.wp.com\/genevieveetbernardauxameriques.fr\/wp-content\/uploads\/2017\/03\/DSCN9767.jpg?ssl=1\"><img loading=\"lazy\" decoding=\"async\" data-attachment-id=\"17513\" data-permalink=\"https:\/\/genevieveetbernardauxameriques.fr\/index.php\/2017\/04\/06\/colombie-2eme-article-la-route-du-cafe\/dscn9767\/\" data-orig-file=\"https:\/\/i0.wp.com\/genevieveetbernardauxameriques.fr\/wp-content\/uploads\/2017\/03\/DSCN9767.jpg?fit=720%2C540&amp;ssl=1\" data-orig-size=\"720,540\" data-comments-opened=\"1\" data-image-meta=\"{&quot;aperture&quot;:&quot;3.2&quot;,&quot;credit&quot;:&quot;&quot;,&quot;camera&quot;:&quot;COOLPIX P900&quot;,&quot;caption&quot;:&quot;&quot;,&quot;created_timestamp&quot;:&quot;1490731092&quot;,&quot;copyright&quot;:&quot;&quot;,&quot;focal_length&quot;:&quot;8.4&quot;,&quot;iso&quot;:&quot;100&quot;,&quot;shutter_speed&quot;:&quot;0.001&quot;,&quot;title&quot;:&quot;&quot;,&quot;orientation&quot;:&quot;1&quot;}\" data-image-title=\"DSCN9767\" data-image-description=\"\" data-image-caption=\"\" data-medium-file=\"https:\/\/i0.wp.com\/genevieveetbernardauxameriques.fr\/wp-content\/uploads\/2017\/03\/DSCN9767.jpg?fit=300%2C225&amp;ssl=1\" data-large-file=\"https:\/\/i0.wp.com\/genevieveetbernardauxameriques.fr\/wp-content\/uploads\/2017\/03\/DSCN9767.jpg?fit=640%2C480&amp;ssl=1\" class=\"alignnone size-full wp-image-17513\" src=\"https:\/\/i0.wp.com\/genevieveetbernardauxameriques.fr\/wp-content\/uploads\/2017\/03\/DSCN9767.jpg?resize=640%2C480&#038;ssl=1\" alt=\"\" width=\"640\" height=\"480\" srcset=\"https:\/\/i0.wp.com\/genevieveetbernardauxameriques.fr\/wp-content\/uploads\/2017\/03\/DSCN9767.jpg?w=720&amp;ssl=1 720w, https:\/\/i0.wp.com\/genevieveetbernardauxameriques.fr\/wp-content\/uploads\/2017\/03\/DSCN9767.jpg?resize=300%2C225&amp;ssl=1 300w\" sizes=\"(max-width: 640px) 100vw, 640px\" data-recalc-dims=\"1\" \/><\/a> <a href=\"https:\/\/i0.wp.com\/genevieveetbernardauxameriques.fr\/wp-content\/uploads\/2017\/03\/DSCN9766.jpg?ssl=1\"><img loading=\"lazy\" decoding=\"async\" data-attachment-id=\"17512\" data-permalink=\"https:\/\/genevieveetbernardauxameriques.fr\/index.php\/2017\/04\/06\/colombie-2eme-article-la-route-du-cafe\/dscn9766\/\" data-orig-file=\"https:\/\/i0.wp.com\/genevieveetbernardauxameriques.fr\/wp-content\/uploads\/2017\/03\/DSCN9766.jpg?fit=720%2C540&amp;ssl=1\" data-orig-size=\"720,540\" data-comments-opened=\"1\" data-image-meta=\"{&quot;aperture&quot;:&quot;2.8&quot;,&quot;credit&quot;:&quot;&quot;,&quot;camera&quot;:&quot;COOLPIX P900&quot;,&quot;caption&quot;:&quot;&quot;,&quot;created_timestamp&quot;:&quot;1490730999&quot;,&quot;copyright&quot;:&quot;&quot;,&quot;focal_length&quot;:&quot;4.3&quot;,&quot;iso&quot;:&quot;100&quot;,&quot;shutter_speed&quot;:&quot;0.000625&quot;,&quot;title&quot;:&quot;&quot;,&quot;orientation&quot;:&quot;1&quot;}\" data-image-title=\"DSCN9766\" data-image-description=\"\" data-image-caption=\"\" data-medium-file=\"https:\/\/i0.wp.com\/genevieveetbernardauxameriques.fr\/wp-content\/uploads\/2017\/03\/DSCN9766.jpg?fit=300%2C225&amp;ssl=1\" data-large-file=\"https:\/\/i0.wp.com\/genevieveetbernardauxameriques.fr\/wp-content\/uploads\/2017\/03\/DSCN9766.jpg?fit=640%2C480&amp;ssl=1\" class=\"alignnone size-full wp-image-17512\" src=\"https:\/\/i0.wp.com\/genevieveetbernardauxameriques.fr\/wp-content\/uploads\/2017\/03\/DSCN9766.jpg?resize=640%2C480&#038;ssl=1\" alt=\"\" width=\"640\" height=\"480\" srcset=\"https:\/\/i0.wp.com\/genevieveetbernardauxameriques.fr\/wp-content\/uploads\/2017\/03\/DSCN9766.jpg?w=720&amp;ssl=1 720w, https:\/\/i0.wp.com\/genevieveetbernardauxameriques.fr\/wp-content\/uploads\/2017\/03\/DSCN9766.jpg?resize=300%2C225&amp;ssl=1 300w\" sizes=\"(max-width: 640px) 100vw, 640px\" data-recalc-dims=\"1\" \/><\/a><\/p>\n<p>Puis nous appelons un taxi pour descendre en ville. Pas question d&rsquo;aller n&rsquo;importe o\u00f9, C\u00e9sar lui indique l&rsquo;Office du tourisme.<\/p>\n<p>Fernando nous explique ce qu&rsquo;il y a \u00e0 faire et nous choisissons d&rsquo;aller au mus\u00e9e du chapeau. Nous irons seuls, mais avant on passe devant la t\u00e9l\u00e9 locale et on nous fait entrer pour visiter les lieux<\/p>\n<p><img loading=\"lazy\" decoding=\"async\" data-attachment-id=\"17565\" data-permalink=\"https:\/\/genevieveetbernardauxameriques.fr\/index.php\/2017\/04\/06\/colombie-2eme-article-la-route-du-cafe\/p1070687-2\/\" data-orig-file=\"https:\/\/i0.wp.com\/genevieveetbernardauxameriques.fr\/wp-content\/uploads\/2017\/03\/P1070687.jpg?fit=640%2C480&amp;ssl=1\" data-orig-size=\"640,480\" data-comments-opened=\"1\" data-image-meta=\"{&quot;aperture&quot;:&quot;4&quot;,&quot;credit&quot;:&quot;&quot;,&quot;camera&quot;:&quot;DMC-TZ55&quot;,&quot;caption&quot;:&quot;&quot;,&quot;created_timestamp&quot;:&quot;1490743730&quot;,&quot;copyright&quot;:&quot;&quot;,&quot;focal_length&quot;:&quot;4.3&quot;,&quot;iso&quot;:&quot;100&quot;,&quot;shutter_speed&quot;:&quot;0.008&quot;,&quot;title&quot;:&quot;&quot;,&quot;orientation&quot;:&quot;1&quot;}\" data-image-title=\"P1070687\" data-image-description=\"\" data-image-caption=\"\" data-medium-file=\"https:\/\/i0.wp.com\/genevieveetbernardauxameriques.fr\/wp-content\/uploads\/2017\/03\/P1070687.jpg?fit=300%2C225&amp;ssl=1\" data-large-file=\"https:\/\/i0.wp.com\/genevieveetbernardauxameriques.fr\/wp-content\/uploads\/2017\/03\/P1070687.jpg?fit=640%2C480&amp;ssl=1\" class=\"alignnone size-full wp-image-17565\" src=\"https:\/\/i0.wp.com\/genevieveetbernardauxameriques.fr\/wp-content\/uploads\/2017\/03\/P1070687.jpg?resize=640%2C480&#038;ssl=1\" alt=\"\" width=\"640\" height=\"480\" srcset=\"https:\/\/i0.wp.com\/genevieveetbernardauxameriques.fr\/wp-content\/uploads\/2017\/03\/P1070687.jpg?w=640&amp;ssl=1 640w, https:\/\/i0.wp.com\/genevieveetbernardauxameriques.fr\/wp-content\/uploads\/2017\/03\/P1070687.jpg?resize=300%2C225&amp;ssl=1 300w\" sizes=\"(max-width: 640px) 100vw, 640px\" data-recalc-dims=\"1\" \/><\/p>\n<p>Et que croyez-vous qu&rsquo;il va se passer pendant la visite ?\u00a0On va encore une fois\u00a0 vouloir nous interviewer. Cette fois je ne refuse pas mais au bout d&rsquo;1 mn le cameraman et son assistante se regardent et on \u00e9clate tous de rire, je suis m\u00eame incapable de dire o\u00f9 nous avions couch\u00e9 la veille. Je crois que mon espagnol r\u00e9gresse&#8230;.<\/p>\n<p>Devant le commissariat de la police :<\/p>\n<p><img loading=\"lazy\" decoding=\"async\" data-attachment-id=\"17563\" data-permalink=\"https:\/\/genevieveetbernardauxameriques.fr\/index.php\/2017\/04\/06\/colombie-2eme-article-la-route-du-cafe\/p1070685\/\" data-orig-file=\"https:\/\/i0.wp.com\/genevieveetbernardauxameriques.fr\/wp-content\/uploads\/2017\/03\/P1070685.jpg?fit=480%2C640&amp;ssl=1\" data-orig-size=\"480,640\" data-comments-opened=\"1\" data-image-meta=\"{&quot;aperture&quot;:&quot;3.5&quot;,&quot;credit&quot;:&quot;&quot;,&quot;camera&quot;:&quot;DMC-TZ55&quot;,&quot;caption&quot;:&quot;&quot;,&quot;created_timestamp&quot;:&quot;1490743502&quot;,&quot;copyright&quot;:&quot;&quot;,&quot;focal_length&quot;:&quot;4.4&quot;,&quot;iso&quot;:&quot;100&quot;,&quot;shutter_speed&quot;:&quot;0.01&quot;,&quot;title&quot;:&quot;&quot;,&quot;orientation&quot;:&quot;1&quot;}\" data-image-title=\"P1070685\" data-image-description=\"\" data-image-caption=\"\" data-medium-file=\"https:\/\/i0.wp.com\/genevieveetbernardauxameriques.fr\/wp-content\/uploads\/2017\/03\/P1070685.jpg?fit=225%2C300&amp;ssl=1\" data-large-file=\"https:\/\/i0.wp.com\/genevieveetbernardauxameriques.fr\/wp-content\/uploads\/2017\/03\/P1070685.jpg?fit=480%2C640&amp;ssl=1\" class=\"size-full wp-image-17563 aligncenter\" src=\"https:\/\/i0.wp.com\/genevieveetbernardauxameriques.fr\/wp-content\/uploads\/2017\/03\/P1070685.jpg?resize=480%2C640&#038;ssl=1\" alt=\"\" width=\"480\" height=\"640\" srcset=\"https:\/\/i0.wp.com\/genevieveetbernardauxameriques.fr\/wp-content\/uploads\/2017\/03\/P1070685.jpg?w=480&amp;ssl=1 480w, https:\/\/i0.wp.com\/genevieveetbernardauxameriques.fr\/wp-content\/uploads\/2017\/03\/P1070685.jpg?resize=225%2C300&amp;ssl=1 225w\" sizes=\"(max-width: 480px) 100vw, 480px\" data-recalc-dims=\"1\" \/><\/p>\n<p>A ses pieds que des armes blanches scell\u00e9es dans le socle :<\/p>\n<p><img loading=\"lazy\" decoding=\"async\" data-attachment-id=\"17564\" data-permalink=\"https:\/\/genevieveetbernardauxameriques.fr\/index.php\/2017\/04\/06\/colombie-2eme-article-la-route-du-cafe\/p1070686\/\" data-orig-file=\"https:\/\/i0.wp.com\/genevieveetbernardauxameriques.fr\/wp-content\/uploads\/2017\/03\/P1070686.jpg?fit=640%2C480&amp;ssl=1\" data-orig-size=\"640,480\" data-comments-opened=\"1\" data-image-meta=\"{&quot;aperture&quot;:&quot;3.3&quot;,&quot;credit&quot;:&quot;&quot;,&quot;camera&quot;:&quot;DMC-TZ55&quot;,&quot;caption&quot;:&quot;&quot;,&quot;created_timestamp&quot;:&quot;1490743526&quot;,&quot;copyright&quot;:&quot;&quot;,&quot;focal_length&quot;:&quot;4.4&quot;,&quot;iso&quot;:&quot;200&quot;,&quot;shutter_speed&quot;:&quot;0.016666666666667&quot;,&quot;title&quot;:&quot;&quot;,&quot;orientation&quot;:&quot;1&quot;}\" data-image-title=\"P1070686\" data-image-description=\"\" data-image-caption=\"\" data-medium-file=\"https:\/\/i0.wp.com\/genevieveetbernardauxameriques.fr\/wp-content\/uploads\/2017\/03\/P1070686.jpg?fit=300%2C225&amp;ssl=1\" data-large-file=\"https:\/\/i0.wp.com\/genevieveetbernardauxameriques.fr\/wp-content\/uploads\/2017\/03\/P1070686.jpg?fit=640%2C480&amp;ssl=1\" class=\"alignnone size-full wp-image-17564\" src=\"https:\/\/i0.wp.com\/genevieveetbernardauxameriques.fr\/wp-content\/uploads\/2017\/03\/P1070686.jpg?resize=640%2C480&#038;ssl=1\" alt=\"\" width=\"640\" height=\"480\" srcset=\"https:\/\/i0.wp.com\/genevieveetbernardauxameriques.fr\/wp-content\/uploads\/2017\/03\/P1070686.jpg?w=640&amp;ssl=1 640w, https:\/\/i0.wp.com\/genevieveetbernardauxameriques.fr\/wp-content\/uploads\/2017\/03\/P1070686.jpg?resize=300%2C225&amp;ssl=1 300w\" sizes=\"(max-width: 640px) 100vw, 640px\" data-recalc-dims=\"1\" \/><\/p>\n<p>Ensuite visite du mus\u00e9e du chapeau \u00e0 la maison de la culture. 300 sombrero y sont expos\u00e9s.<\/p>\n<p>(Sur les 2 premi\u00e8res images les chapeaux sont fabriqu\u00e9s avec des feuilles de tabac)<\/p>\n<div data-carousel-extra='{\"blog_id\":1,\"permalink\":\"https:\\\/\\\/genevieveetbernardauxameriques.fr\\\/index.php\\\/2017\\\/04\\\/06\\\/colombie-2eme-article-la-route-du-cafe\\\/\"}' id='gallery-5' class='gallery galleryid-17235 gallery-columns-2 gallery-size-full'><dl class='gallery-item'>\n\t\t\t<dt class='gallery-icon landscape'>\n\t\t\t\t<a href='https:\/\/genevieveetbernardauxameriques.fr\/index.php\/2017\/04\/06\/colombie-2eme-article-la-route-du-cafe\/p1070695-2\/'><img loading=\"lazy\" decoding=\"async\" width=\"640\" height=\"480\" src=\"https:\/\/i0.wp.com\/genevieveetbernardauxameriques.fr\/wp-content\/uploads\/2017\/03\/P1070695.jpg?fit=640%2C480&amp;ssl=1\" class=\"attachment-full size-full\" alt=\"\" srcset=\"https:\/\/i0.wp.com\/genevieveetbernardauxameriques.fr\/wp-content\/uploads\/2017\/03\/P1070695.jpg?w=640&amp;ssl=1 640w, https:\/\/i0.wp.com\/genevieveetbernardauxameriques.fr\/wp-content\/uploads\/2017\/03\/P1070695.jpg?resize=300%2C225&amp;ssl=1 300w\" sizes=\"(max-width: 640px) 100vw, 640px\" data-attachment-id=\"17566\" data-permalink=\"https:\/\/genevieveetbernardauxameriques.fr\/index.php\/2017\/04\/06\/colombie-2eme-article-la-route-du-cafe\/p1070695-2\/\" data-orig-file=\"https:\/\/i0.wp.com\/genevieveetbernardauxameriques.fr\/wp-content\/uploads\/2017\/03\/P1070695.jpg?fit=640%2C480&amp;ssl=1\" data-orig-size=\"640,480\" data-comments-opened=\"1\" data-image-meta=\"{&quot;aperture&quot;:&quot;3.3&quot;,&quot;credit&quot;:&quot;&quot;,&quot;camera&quot;:&quot;DMC-TZ55&quot;,&quot;caption&quot;:&quot;&quot;,&quot;created_timestamp&quot;:&quot;1490745424&quot;,&quot;copyright&quot;:&quot;&quot;,&quot;focal_length&quot;:&quot;4.3&quot;,&quot;iso&quot;:&quot;1600&quot;,&quot;shutter_speed&quot;:&quot;0.0125&quot;,&quot;title&quot;:&quot;&quot;,&quot;orientation&quot;:&quot;1&quot;}\" data-image-title=\"P1070695\" data-image-description=\"\" data-image-caption=\"\" data-medium-file=\"https:\/\/i0.wp.com\/genevieveetbernardauxameriques.fr\/wp-content\/uploads\/2017\/03\/P1070695.jpg?fit=300%2C225&amp;ssl=1\" data-large-file=\"https:\/\/i0.wp.com\/genevieveetbernardauxameriques.fr\/wp-content\/uploads\/2017\/03\/P1070695.jpg?fit=640%2C480&amp;ssl=1\" \/><\/a>\n\t\t\t<\/dt><\/dl><dl class='gallery-item'>\n\t\t\t<dt class='gallery-icon landscape'>\n\t\t\t\t<a href='https:\/\/genevieveetbernardauxameriques.fr\/index.php\/2017\/04\/06\/colombie-2eme-article-la-route-du-cafe\/p1070699\/'><img loading=\"lazy\" decoding=\"async\" width=\"640\" height=\"480\" src=\"https:\/\/i0.wp.com\/genevieveetbernardauxameriques.fr\/wp-content\/uploads\/2017\/03\/P1070699.jpg?fit=640%2C480&amp;ssl=1\" class=\"attachment-full size-full\" alt=\"\" srcset=\"https:\/\/i0.wp.com\/genevieveetbernardauxameriques.fr\/wp-content\/uploads\/2017\/03\/P1070699.jpg?w=640&amp;ssl=1 640w, https:\/\/i0.wp.com\/genevieveetbernardauxameriques.fr\/wp-content\/uploads\/2017\/03\/P1070699.jpg?resize=300%2C225&amp;ssl=1 300w\" sizes=\"(max-width: 640px) 100vw, 640px\" data-attachment-id=\"17569\" data-permalink=\"https:\/\/genevieveetbernardauxameriques.fr\/index.php\/2017\/04\/06\/colombie-2eme-article-la-route-du-cafe\/p1070699\/\" data-orig-file=\"https:\/\/i0.wp.com\/genevieveetbernardauxameriques.fr\/wp-content\/uploads\/2017\/03\/P1070699.jpg?fit=640%2C480&amp;ssl=1\" data-orig-size=\"640,480\" data-comments-opened=\"1\" data-image-meta=\"{&quot;aperture&quot;:&quot;3.3&quot;,&quot;credit&quot;:&quot;&quot;,&quot;camera&quot;:&quot;DMC-TZ55&quot;,&quot;caption&quot;:&quot;&quot;,&quot;created_timestamp&quot;:&quot;1490745486&quot;,&quot;copyright&quot;:&quot;&quot;,&quot;focal_length&quot;:&quot;4.3&quot;,&quot;iso&quot;:&quot;1600&quot;,&quot;shutter_speed&quot;:&quot;0.02&quot;,&quot;title&quot;:&quot;&quot;,&quot;orientation&quot;:&quot;1&quot;}\" data-image-title=\"P1070699\" data-image-description=\"\" data-image-caption=\"\" data-medium-file=\"https:\/\/i0.wp.com\/genevieveetbernardauxameriques.fr\/wp-content\/uploads\/2017\/03\/P1070699.jpg?fit=300%2C225&amp;ssl=1\" data-large-file=\"https:\/\/i0.wp.com\/genevieveetbernardauxameriques.fr\/wp-content\/uploads\/2017\/03\/P1070699.jpg?fit=640%2C480&amp;ssl=1\" \/><\/a>\n\t\t\t<\/dt><\/dl><br style=\"clear: both\" \/><dl class='gallery-item'>\n\t\t\t<dt class='gallery-icon landscape'>\n\t\t\t\t<a href='https:\/\/genevieveetbernardauxameriques.fr\/index.php\/2017\/04\/06\/colombie-2eme-article-la-route-du-cafe\/p1070696\/'><img loading=\"lazy\" decoding=\"async\" width=\"640\" height=\"480\" src=\"https:\/\/i0.wp.com\/genevieveetbernardauxameriques.fr\/wp-content\/uploads\/2017\/03\/P1070696.jpg?fit=640%2C480&amp;ssl=1\" class=\"attachment-full size-full\" alt=\"\" srcset=\"https:\/\/i0.wp.com\/genevieveetbernardauxameriques.fr\/wp-content\/uploads\/2017\/03\/P1070696.jpg?w=640&amp;ssl=1 640w, https:\/\/i0.wp.com\/genevieveetbernardauxameriques.fr\/wp-content\/uploads\/2017\/03\/P1070696.jpg?resize=300%2C225&amp;ssl=1 300w\" sizes=\"(max-width: 640px) 100vw, 640px\" data-attachment-id=\"17567\" data-permalink=\"https:\/\/genevieveetbernardauxameriques.fr\/index.php\/2017\/04\/06\/colombie-2eme-article-la-route-du-cafe\/p1070696\/\" data-orig-file=\"https:\/\/i0.wp.com\/genevieveetbernardauxameriques.fr\/wp-content\/uploads\/2017\/03\/P1070696.jpg?fit=640%2C480&amp;ssl=1\" data-orig-size=\"640,480\" data-comments-opened=\"1\" data-image-meta=\"{&quot;aperture&quot;:&quot;3.3&quot;,&quot;credit&quot;:&quot;&quot;,&quot;camera&quot;:&quot;DMC-TZ55&quot;,&quot;caption&quot;:&quot;&quot;,&quot;created_timestamp&quot;:&quot;1490745453&quot;,&quot;copyright&quot;:&quot;&quot;,&quot;focal_length&quot;:&quot;4.3&quot;,&quot;iso&quot;:&quot;1600&quot;,&quot;shutter_speed&quot;:&quot;0.02&quot;,&quot;title&quot;:&quot;&quot;,&quot;orientation&quot;:&quot;1&quot;}\" data-image-title=\"P1070696\" data-image-description=\"\" data-image-caption=\"\" data-medium-file=\"https:\/\/i0.wp.com\/genevieveetbernardauxameriques.fr\/wp-content\/uploads\/2017\/03\/P1070696.jpg?fit=300%2C225&amp;ssl=1\" data-large-file=\"https:\/\/i0.wp.com\/genevieveetbernardauxameriques.fr\/wp-content\/uploads\/2017\/03\/P1070696.jpg?fit=640%2C480&amp;ssl=1\" \/><\/a>\n\t\t\t<\/dt><\/dl><dl class='gallery-item'>\n\t\t\t<dt class='gallery-icon landscape'>\n\t\t\t\t<a href='https:\/\/genevieveetbernardauxameriques.fr\/index.php\/2017\/04\/06\/colombie-2eme-article-la-route-du-cafe\/p1070698\/'><img loading=\"lazy\" decoding=\"async\" width=\"640\" height=\"480\" src=\"https:\/\/i0.wp.com\/genevieveetbernardauxameriques.fr\/wp-content\/uploads\/2017\/03\/P1070698.jpg?fit=640%2C480&amp;ssl=1\" class=\"attachment-full size-full\" alt=\"\" srcset=\"https:\/\/i0.wp.com\/genevieveetbernardauxameriques.fr\/wp-content\/uploads\/2017\/03\/P1070698.jpg?w=640&amp;ssl=1 640w, https:\/\/i0.wp.com\/genevieveetbernardauxameriques.fr\/wp-content\/uploads\/2017\/03\/P1070698.jpg?resize=300%2C225&amp;ssl=1 300w\" sizes=\"(max-width: 640px) 100vw, 640px\" data-attachment-id=\"17568\" data-permalink=\"https:\/\/genevieveetbernardauxameriques.fr\/index.php\/2017\/04\/06\/colombie-2eme-article-la-route-du-cafe\/p1070698\/\" data-orig-file=\"https:\/\/i0.wp.com\/genevieveetbernardauxameriques.fr\/wp-content\/uploads\/2017\/03\/P1070698.jpg?fit=640%2C480&amp;ssl=1\" data-orig-size=\"640,480\" data-comments-opened=\"1\" data-image-meta=\"{&quot;aperture&quot;:&quot;3.3&quot;,&quot;credit&quot;:&quot;&quot;,&quot;camera&quot;:&quot;DMC-TZ55&quot;,&quot;caption&quot;:&quot;&quot;,&quot;created_timestamp&quot;:&quot;1490745464&quot;,&quot;copyright&quot;:&quot;&quot;,&quot;focal_length&quot;:&quot;4.3&quot;,&quot;iso&quot;:&quot;400&quot;,&quot;shutter_speed&quot;:&quot;0.1&quot;,&quot;title&quot;:&quot;&quot;,&quot;orientation&quot;:&quot;1&quot;}\" data-image-title=\"P1070698\" data-image-description=\"\" data-image-caption=\"\" data-medium-file=\"https:\/\/i0.wp.com\/genevieveetbernardauxameriques.fr\/wp-content\/uploads\/2017\/03\/P1070698.jpg?fit=300%2C225&amp;ssl=1\" data-large-file=\"https:\/\/i0.wp.com\/genevieveetbernardauxameriques.fr\/wp-content\/uploads\/2017\/03\/P1070698.jpg?fit=640%2C480&amp;ssl=1\" \/><\/a>\n\t\t\t<\/dt><\/dl><br style=\"clear: both\" \/><dl class='gallery-item'>\n\t\t\t<dt class='gallery-icon portrait'>\n\t\t\t\t<a href='https:\/\/genevieveetbernardauxameriques.fr\/index.php\/2017\/04\/06\/colombie-2eme-article-la-route-du-cafe\/p1070701\/'><img loading=\"lazy\" decoding=\"async\" width=\"480\" height=\"640\" src=\"https:\/\/i0.wp.com\/genevieveetbernardauxameriques.fr\/wp-content\/uploads\/2017\/03\/P1070701.jpg?fit=480%2C640&amp;ssl=1\" class=\"attachment-full size-full\" alt=\"\" srcset=\"https:\/\/i0.wp.com\/genevieveetbernardauxameriques.fr\/wp-content\/uploads\/2017\/03\/P1070701.jpg?w=480&amp;ssl=1 480w, https:\/\/i0.wp.com\/genevieveetbernardauxameriques.fr\/wp-content\/uploads\/2017\/03\/P1070701.jpg?resize=225%2C300&amp;ssl=1 225w\" sizes=\"(max-width: 480px) 100vw, 480px\" data-attachment-id=\"17570\" data-permalink=\"https:\/\/genevieveetbernardauxameriques.fr\/index.php\/2017\/04\/06\/colombie-2eme-article-la-route-du-cafe\/p1070701\/\" data-orig-file=\"https:\/\/i0.wp.com\/genevieveetbernardauxameriques.fr\/wp-content\/uploads\/2017\/03\/P1070701.jpg?fit=480%2C640&amp;ssl=1\" data-orig-size=\"480,640\" data-comments-opened=\"1\" data-image-meta=\"{&quot;aperture&quot;:&quot;3.3&quot;,&quot;credit&quot;:&quot;&quot;,&quot;camera&quot;:&quot;DMC-TZ55&quot;,&quot;caption&quot;:&quot;&quot;,&quot;created_timestamp&quot;:&quot;1490745557&quot;,&quot;copyright&quot;:&quot;&quot;,&quot;focal_length&quot;:&quot;4.3&quot;,&quot;iso&quot;:&quot;400&quot;,&quot;shutter_speed&quot;:&quot;0.05&quot;,&quot;title&quot;:&quot;&quot;,&quot;orientation&quot;:&quot;1&quot;}\" data-image-title=\"P1070701\" data-image-description=\"\" data-image-caption=\"\" data-medium-file=\"https:\/\/i0.wp.com\/genevieveetbernardauxameriques.fr\/wp-content\/uploads\/2017\/03\/P1070701.jpg?fit=225%2C300&amp;ssl=1\" data-large-file=\"https:\/\/i0.wp.com\/genevieveetbernardauxameriques.fr\/wp-content\/uploads\/2017\/03\/P1070701.jpg?fit=480%2C640&amp;ssl=1\" \/><\/a>\n\t\t\t<\/dt><\/dl><dl class='gallery-item'>\n\t\t\t<dt class='gallery-icon portrait'>\n\t\t\t\t<a href='https:\/\/genevieveetbernardauxameriques.fr\/index.php\/2017\/04\/06\/colombie-2eme-article-la-route-du-cafe\/p1070702-2\/'><img loading=\"lazy\" decoding=\"async\" width=\"480\" height=\"640\" src=\"https:\/\/i0.wp.com\/genevieveetbernardauxameriques.fr\/wp-content\/uploads\/2017\/03\/P1070702.jpg?fit=480%2C640&amp;ssl=1\" class=\"attachment-full size-full\" alt=\"\" srcset=\"https:\/\/i0.wp.com\/genevieveetbernardauxameriques.fr\/wp-content\/uploads\/2017\/03\/P1070702.jpg?w=480&amp;ssl=1 480w, https:\/\/i0.wp.com\/genevieveetbernardauxameriques.fr\/wp-content\/uploads\/2017\/03\/P1070702.jpg?resize=225%2C300&amp;ssl=1 225w\" sizes=\"(max-width: 480px) 100vw, 480px\" data-attachment-id=\"17571\" data-permalink=\"https:\/\/genevieveetbernardauxameriques.fr\/index.php\/2017\/04\/06\/colombie-2eme-article-la-route-du-cafe\/p1070702-2\/\" data-orig-file=\"https:\/\/i0.wp.com\/genevieveetbernardauxameriques.fr\/wp-content\/uploads\/2017\/03\/P1070702.jpg?fit=480%2C640&amp;ssl=1\" data-orig-size=\"480,640\" data-comments-opened=\"1\" data-image-meta=\"{&quot;aperture&quot;:&quot;3.3&quot;,&quot;credit&quot;:&quot;&quot;,&quot;camera&quot;:&quot;DMC-TZ55&quot;,&quot;caption&quot;:&quot;&quot;,&quot;created_timestamp&quot;:&quot;1490745571&quot;,&quot;copyright&quot;:&quot;&quot;,&quot;focal_length&quot;:&quot;4.3&quot;,&quot;iso&quot;:&quot;1600&quot;,&quot;shutter_speed&quot;:&quot;0.016666666666667&quot;,&quot;title&quot;:&quot;&quot;,&quot;orientation&quot;:&quot;1&quot;}\" data-image-title=\"P1070702\" data-image-description=\"\" data-image-caption=\"\" data-medium-file=\"https:\/\/i0.wp.com\/genevieveetbernardauxameriques.fr\/wp-content\/uploads\/2017\/03\/P1070702.jpg?fit=225%2C300&amp;ssl=1\" data-large-file=\"https:\/\/i0.wp.com\/genevieveetbernardauxameriques.fr\/wp-content\/uploads\/2017\/03\/P1070702.jpg?fit=480%2C640&amp;ssl=1\" \/><\/a>\n\t\t\t<\/dt><\/dl><br style=\"clear: both\" \/><dl class='gallery-item'>\n\t\t\t<dt class='gallery-icon landscape'>\n\t\t\t\t<a href='https:\/\/genevieveetbernardauxameriques.fr\/index.php\/2017\/04\/06\/colombie-2eme-article-la-route-du-cafe\/p1070704\/'><img loading=\"lazy\" decoding=\"async\" width=\"640\" height=\"480\" src=\"https:\/\/i0.wp.com\/genevieveetbernardauxameriques.fr\/wp-content\/uploads\/2017\/03\/P1070704.jpg?fit=640%2C480&amp;ssl=1\" class=\"attachment-full size-full\" alt=\"\" srcset=\"https:\/\/i0.wp.com\/genevieveetbernardauxameriques.fr\/wp-content\/uploads\/2017\/03\/P1070704.jpg?w=640&amp;ssl=1 640w, https:\/\/i0.wp.com\/genevieveetbernardauxameriques.fr\/wp-content\/uploads\/2017\/03\/P1070704.jpg?resize=300%2C225&amp;ssl=1 300w\" sizes=\"(max-width: 640px) 100vw, 640px\" data-attachment-id=\"17572\" data-permalink=\"https:\/\/genevieveetbernardauxameriques.fr\/index.php\/2017\/04\/06\/colombie-2eme-article-la-route-du-cafe\/p1070704\/\" data-orig-file=\"https:\/\/i0.wp.com\/genevieveetbernardauxameriques.fr\/wp-content\/uploads\/2017\/03\/P1070704.jpg?fit=640%2C480&amp;ssl=1\" data-orig-size=\"640,480\" data-comments-opened=\"1\" data-image-meta=\"{&quot;aperture&quot;:&quot;3.3&quot;,&quot;credit&quot;:&quot;&quot;,&quot;camera&quot;:&quot;DMC-TZ55&quot;,&quot;caption&quot;:&quot;&quot;,&quot;created_timestamp&quot;:&quot;1490745583&quot;,&quot;copyright&quot;:&quot;&quot;,&quot;focal_length&quot;:&quot;4.3&quot;,&quot;iso&quot;:&quot;1000&quot;,&quot;shutter_speed&quot;:&quot;0.0125&quot;,&quot;title&quot;:&quot;&quot;,&quot;orientation&quot;:&quot;1&quot;}\" data-image-title=\"P1070704\" data-image-description=\"\" data-image-caption=\"\" data-medium-file=\"https:\/\/i0.wp.com\/genevieveetbernardauxameriques.fr\/wp-content\/uploads\/2017\/03\/P1070704.jpg?fit=300%2C225&amp;ssl=1\" data-large-file=\"https:\/\/i0.wp.com\/genevieveetbernardauxameriques.fr\/wp-content\/uploads\/2017\/03\/P1070704.jpg?fit=640%2C480&amp;ssl=1\" \/><\/a>\n\t\t\t<\/dt><\/dl><dl class='gallery-item'>\n\t\t\t<dt class='gallery-icon landscape'>\n\t\t\t\t<a href='https:\/\/genevieveetbernardauxameriques.fr\/index.php\/2017\/04\/06\/colombie-2eme-article-la-route-du-cafe\/p1070705\/'><img loading=\"lazy\" decoding=\"async\" width=\"640\" height=\"480\" src=\"https:\/\/i0.wp.com\/genevieveetbernardauxameriques.fr\/wp-content\/uploads\/2017\/03\/P1070705.jpg?fit=640%2C480&amp;ssl=1\" class=\"attachment-full size-full\" alt=\"\" srcset=\"https:\/\/i0.wp.com\/genevieveetbernardauxameriques.fr\/wp-content\/uploads\/2017\/03\/P1070705.jpg?w=640&amp;ssl=1 640w, https:\/\/i0.wp.com\/genevieveetbernardauxameriques.fr\/wp-content\/uploads\/2017\/03\/P1070705.jpg?resize=300%2C225&amp;ssl=1 300w\" sizes=\"(max-width: 640px) 100vw, 640px\" data-attachment-id=\"17573\" data-permalink=\"https:\/\/genevieveetbernardauxameriques.fr\/index.php\/2017\/04\/06\/colombie-2eme-article-la-route-du-cafe\/p1070705\/\" data-orig-file=\"https:\/\/i0.wp.com\/genevieveetbernardauxameriques.fr\/wp-content\/uploads\/2017\/03\/P1070705.jpg?fit=640%2C480&amp;ssl=1\" data-orig-size=\"640,480\" data-comments-opened=\"1\" data-image-meta=\"{&quot;aperture&quot;:&quot;3.3&quot;,&quot;credit&quot;:&quot;&quot;,&quot;camera&quot;:&quot;DMC-TZ55&quot;,&quot;caption&quot;:&quot;&quot;,&quot;created_timestamp&quot;:&quot;1490745595&quot;,&quot;copyright&quot;:&quot;&quot;,&quot;focal_length&quot;:&quot;4.3&quot;,&quot;iso&quot;:&quot;1600&quot;,&quot;shutter_speed&quot;:&quot;0.01&quot;,&quot;title&quot;:&quot;&quot;,&quot;orientation&quot;:&quot;1&quot;}\" data-image-title=\"P1070705\" data-image-description=\"\" data-image-caption=\"\" data-medium-file=\"https:\/\/i0.wp.com\/genevieveetbernardauxameriques.fr\/wp-content\/uploads\/2017\/03\/P1070705.jpg?fit=300%2C225&amp;ssl=1\" data-large-file=\"https:\/\/i0.wp.com\/genevieveetbernardauxameriques.fr\/wp-content\/uploads\/2017\/03\/P1070705.jpg?fit=640%2C480&amp;ssl=1\" \/><\/a>\n\t\t\t<\/dt><\/dl><br style=\"clear: both\" \/><dl class='gallery-item'>\n\t\t\t<dt class='gallery-icon landscape'>\n\t\t\t\t<a href='https:\/\/genevieveetbernardauxameriques.fr\/index.php\/2017\/04\/06\/colombie-2eme-article-la-route-du-cafe\/p1070706\/'><img loading=\"lazy\" decoding=\"async\" width=\"640\" height=\"480\" src=\"https:\/\/i0.wp.com\/genevieveetbernardauxameriques.fr\/wp-content\/uploads\/2017\/03\/P1070706.jpg?fit=640%2C480&amp;ssl=1\" class=\"attachment-full size-full\" alt=\"\" srcset=\"https:\/\/i0.wp.com\/genevieveetbernardauxameriques.fr\/wp-content\/uploads\/2017\/03\/P1070706.jpg?w=640&amp;ssl=1 640w, https:\/\/i0.wp.com\/genevieveetbernardauxameriques.fr\/wp-content\/uploads\/2017\/03\/P1070706.jpg?resize=300%2C225&amp;ssl=1 300w\" sizes=\"(max-width: 640px) 100vw, 640px\" data-attachment-id=\"17574\" data-permalink=\"https:\/\/genevieveetbernardauxameriques.fr\/index.php\/2017\/04\/06\/colombie-2eme-article-la-route-du-cafe\/p1070706\/\" data-orig-file=\"https:\/\/i0.wp.com\/genevieveetbernardauxameriques.fr\/wp-content\/uploads\/2017\/03\/P1070706.jpg?fit=640%2C480&amp;ssl=1\" data-orig-size=\"640,480\" data-comments-opened=\"1\" data-image-meta=\"{&quot;aperture&quot;:&quot;3.3&quot;,&quot;credit&quot;:&quot;&quot;,&quot;camera&quot;:&quot;DMC-TZ55&quot;,&quot;caption&quot;:&quot;&quot;,&quot;created_timestamp&quot;:&quot;1490745603&quot;,&quot;copyright&quot;:&quot;&quot;,&quot;focal_length&quot;:&quot;4.3&quot;,&quot;iso&quot;:&quot;640&quot;,&quot;shutter_speed&quot;:&quot;0.04&quot;,&quot;title&quot;:&quot;&quot;,&quot;orientation&quot;:&quot;1&quot;}\" data-image-title=\"P1070706\" data-image-description=\"\" data-image-caption=\"\" data-medium-file=\"https:\/\/i0.wp.com\/genevieveetbernardauxameriques.fr\/wp-content\/uploads\/2017\/03\/P1070706.jpg?fit=300%2C225&amp;ssl=1\" data-large-file=\"https:\/\/i0.wp.com\/genevieveetbernardauxameriques.fr\/wp-content\/uploads\/2017\/03\/P1070706.jpg?fit=640%2C480&amp;ssl=1\" \/><\/a>\n\t\t\t<\/dt><\/dl><dl class='gallery-item'>\n\t\t\t<dt class='gallery-icon landscape'>\n\t\t\t\t<a href='https:\/\/genevieveetbernardauxameriques.fr\/index.php\/2017\/04\/06\/colombie-2eme-article-la-route-du-cafe\/p1070714\/'><img loading=\"lazy\" decoding=\"async\" width=\"640\" height=\"480\" src=\"https:\/\/i0.wp.com\/genevieveetbernardauxameriques.fr\/wp-content\/uploads\/2017\/03\/P1070714.jpg?fit=640%2C480&amp;ssl=1\" class=\"attachment-full size-full\" alt=\"\" srcset=\"https:\/\/i0.wp.com\/genevieveetbernardauxameriques.fr\/wp-content\/uploads\/2017\/03\/P1070714.jpg?w=640&amp;ssl=1 640w, https:\/\/i0.wp.com\/genevieveetbernardauxameriques.fr\/wp-content\/uploads\/2017\/03\/P1070714.jpg?resize=300%2C225&amp;ssl=1 300w\" sizes=\"(max-width: 640px) 100vw, 640px\" data-attachment-id=\"17579\" data-permalink=\"https:\/\/genevieveetbernardauxameriques.fr\/index.php\/2017\/04\/06\/colombie-2eme-article-la-route-du-cafe\/p1070714\/\" data-orig-file=\"https:\/\/i0.wp.com\/genevieveetbernardauxameriques.fr\/wp-content\/uploads\/2017\/03\/P1070714.jpg?fit=640%2C480&amp;ssl=1\" data-orig-size=\"640,480\" data-comments-opened=\"1\" data-image-meta=\"{&quot;aperture&quot;:&quot;3.3&quot;,&quot;credit&quot;:&quot;&quot;,&quot;camera&quot;:&quot;DMC-TZ55&quot;,&quot;caption&quot;:&quot;&quot;,&quot;created_timestamp&quot;:&quot;1490745917&quot;,&quot;copyright&quot;:&quot;&quot;,&quot;focal_length&quot;:&quot;4.3&quot;,&quot;iso&quot;:&quot;1000&quot;,&quot;shutter_speed&quot;:&quot;0.04&quot;,&quot;title&quot;:&quot;&quot;,&quot;orientation&quot;:&quot;1&quot;}\" data-image-title=\"P1070714\" data-image-description=\"\" data-image-caption=\"\" data-medium-file=\"https:\/\/i0.wp.com\/genevieveetbernardauxameriques.fr\/wp-content\/uploads\/2017\/03\/P1070714.jpg?fit=300%2C225&amp;ssl=1\" data-large-file=\"https:\/\/i0.wp.com\/genevieveetbernardauxameriques.fr\/wp-content\/uploads\/2017\/03\/P1070714.jpg?fit=640%2C480&amp;ssl=1\" \/><\/a>\n\t\t\t<\/dt><\/dl><br style=\"clear: both\" \/><dl class='gallery-item'>\n\t\t\t<dt class='gallery-icon landscape'>\n\t\t\t\t<a href='https:\/\/genevieveetbernardauxameriques.fr\/index.php\/2017\/04\/06\/colombie-2eme-article-la-route-du-cafe\/p1070713\/'><img loading=\"lazy\" decoding=\"async\" width=\"640\" height=\"480\" src=\"https:\/\/i0.wp.com\/genevieveetbernardauxameriques.fr\/wp-content\/uploads\/2017\/03\/P1070713.jpg?fit=640%2C480&amp;ssl=1\" class=\"attachment-full size-full\" alt=\"\" srcset=\"https:\/\/i0.wp.com\/genevieveetbernardauxameriques.fr\/wp-content\/uploads\/2017\/03\/P1070713.jpg?w=640&amp;ssl=1 640w, https:\/\/i0.wp.com\/genevieveetbernardauxameriques.fr\/wp-content\/uploads\/2017\/03\/P1070713.jpg?resize=300%2C225&amp;ssl=1 300w\" sizes=\"(max-width: 640px) 100vw, 640px\" data-attachment-id=\"17578\" data-permalink=\"https:\/\/genevieveetbernardauxameriques.fr\/index.php\/2017\/04\/06\/colombie-2eme-article-la-route-du-cafe\/p1070713\/\" data-orig-file=\"https:\/\/i0.wp.com\/genevieveetbernardauxameriques.fr\/wp-content\/uploads\/2017\/03\/P1070713.jpg?fit=640%2C480&amp;ssl=1\" data-orig-size=\"640,480\" data-comments-opened=\"1\" data-image-meta=\"{&quot;aperture&quot;:&quot;3.3&quot;,&quot;credit&quot;:&quot;&quot;,&quot;camera&quot;:&quot;DMC-TZ55&quot;,&quot;caption&quot;:&quot;&quot;,&quot;created_timestamp&quot;:&quot;1490745912&quot;,&quot;copyright&quot;:&quot;&quot;,&quot;focal_length&quot;:&quot;4.3&quot;,&quot;iso&quot;:&quot;1250&quot;,&quot;shutter_speed&quot;:&quot;0.033333333333333&quot;,&quot;title&quot;:&quot;&quot;,&quot;orientation&quot;:&quot;1&quot;}\" data-image-title=\"P1070713\" data-image-description=\"\" data-image-caption=\"\" data-medium-file=\"https:\/\/i0.wp.com\/genevieveetbernardauxameriques.fr\/wp-content\/uploads\/2017\/03\/P1070713.jpg?fit=300%2C225&amp;ssl=1\" data-large-file=\"https:\/\/i0.wp.com\/genevieveetbernardauxameriques.fr\/wp-content\/uploads\/2017\/03\/P1070713.jpg?fit=640%2C480&amp;ssl=1\" \/><\/a>\n\t\t\t<\/dt><\/dl><dl class='gallery-item'>\n\t\t\t<dt class='gallery-icon landscape'>\n\t\t\t\t<a href='https:\/\/genevieveetbernardauxameriques.fr\/index.php\/2017\/04\/06\/colombie-2eme-article-la-route-du-cafe\/p1070715\/'><img loading=\"lazy\" decoding=\"async\" width=\"640\" height=\"480\" src=\"https:\/\/i0.wp.com\/genevieveetbernardauxameriques.fr\/wp-content\/uploads\/2017\/03\/P1070715.jpg?fit=640%2C480&amp;ssl=1\" class=\"attachment-full size-full\" alt=\"\" srcset=\"https:\/\/i0.wp.com\/genevieveetbernardauxameriques.fr\/wp-content\/uploads\/2017\/03\/P1070715.jpg?w=640&amp;ssl=1 640w, https:\/\/i0.wp.com\/genevieveetbernardauxameriques.fr\/wp-content\/uploads\/2017\/03\/P1070715.jpg?resize=300%2C225&amp;ssl=1 300w\" sizes=\"(max-width: 640px) 100vw, 640px\" data-attachment-id=\"17580\" data-permalink=\"https:\/\/genevieveetbernardauxameriques.fr\/index.php\/2017\/04\/06\/colombie-2eme-article-la-route-du-cafe\/p1070715\/\" data-orig-file=\"https:\/\/i0.wp.com\/genevieveetbernardauxameriques.fr\/wp-content\/uploads\/2017\/03\/P1070715.jpg?fit=640%2C480&amp;ssl=1\" data-orig-size=\"640,480\" data-comments-opened=\"1\" data-image-meta=\"{&quot;aperture&quot;:&quot;3.3&quot;,&quot;credit&quot;:&quot;&quot;,&quot;camera&quot;:&quot;DMC-TZ55&quot;,&quot;caption&quot;:&quot;&quot;,&quot;created_timestamp&quot;:&quot;1490745958&quot;,&quot;copyright&quot;:&quot;&quot;,&quot;focal_length&quot;:&quot;4.3&quot;,&quot;iso&quot;:&quot;1600&quot;,&quot;shutter_speed&quot;:&quot;0.02&quot;,&quot;title&quot;:&quot;&quot;,&quot;orientation&quot;:&quot;1&quot;}\" data-image-title=\"P1070715\" data-image-description=\"\" data-image-caption=\"\" data-medium-file=\"https:\/\/i0.wp.com\/genevieveetbernardauxameriques.fr\/wp-content\/uploads\/2017\/03\/P1070715.jpg?fit=300%2C225&amp;ssl=1\" data-large-file=\"https:\/\/i0.wp.com\/genevieveetbernardauxameriques.fr\/wp-content\/uploads\/2017\/03\/P1070715.jpg?fit=640%2C480&amp;ssl=1\" \/><\/a>\n\t\t\t<\/dt><\/dl><br style=\"clear: both\" \/><dl class='gallery-item'>\n\t\t\t<dt class='gallery-icon landscape'>\n\t\t\t\t<a href='https:\/\/genevieveetbernardauxameriques.fr\/index.php\/2017\/04\/06\/colombie-2eme-article-la-route-du-cafe\/p1070710-2\/'><img loading=\"lazy\" decoding=\"async\" width=\"640\" height=\"480\" src=\"https:\/\/i0.wp.com\/genevieveetbernardauxameriques.fr\/wp-content\/uploads\/2017\/03\/P1070710.jpg?fit=640%2C480&amp;ssl=1\" class=\"attachment-full size-full\" alt=\"\" srcset=\"https:\/\/i0.wp.com\/genevieveetbernardauxameriques.fr\/wp-content\/uploads\/2017\/03\/P1070710.jpg?w=640&amp;ssl=1 640w, https:\/\/i0.wp.com\/genevieveetbernardauxameriques.fr\/wp-content\/uploads\/2017\/03\/P1070710.jpg?resize=300%2C225&amp;ssl=1 300w\" sizes=\"(max-width: 640px) 100vw, 640px\" data-attachment-id=\"17576\" data-permalink=\"https:\/\/genevieveetbernardauxameriques.fr\/index.php\/2017\/04\/06\/colombie-2eme-article-la-route-du-cafe\/p1070710-2\/\" data-orig-file=\"https:\/\/i0.wp.com\/genevieveetbernardauxameriques.fr\/wp-content\/uploads\/2017\/03\/P1070710.jpg?fit=640%2C480&amp;ssl=1\" data-orig-size=\"640,480\" data-comments-opened=\"1\" data-image-meta=\"{&quot;aperture&quot;:&quot;3.3&quot;,&quot;credit&quot;:&quot;&quot;,&quot;camera&quot;:&quot;DMC-TZ55&quot;,&quot;caption&quot;:&quot;&quot;,&quot;created_timestamp&quot;:&quot;1490745695&quot;,&quot;copyright&quot;:&quot;&quot;,&quot;focal_length&quot;:&quot;4.3&quot;,&quot;iso&quot;:&quot;1600&quot;,&quot;shutter_speed&quot;:&quot;0.0125&quot;,&quot;title&quot;:&quot;&quot;,&quot;orientation&quot;:&quot;1&quot;}\" data-image-title=\"P1070710\" data-image-description=\"\" data-image-caption=\"\" data-medium-file=\"https:\/\/i0.wp.com\/genevieveetbernardauxameriques.fr\/wp-content\/uploads\/2017\/03\/P1070710.jpg?fit=300%2C225&amp;ssl=1\" data-large-file=\"https:\/\/i0.wp.com\/genevieveetbernardauxameriques.fr\/wp-content\/uploads\/2017\/03\/P1070710.jpg?fit=640%2C480&amp;ssl=1\" \/><\/a>\n\t\t\t<\/dt><\/dl><dl class='gallery-item'>\n\t\t\t<dt class='gallery-icon landscape'>\n\t\t\t\t<a href='https:\/\/genevieveetbernardauxameriques.fr\/index.php\/2017\/04\/06\/colombie-2eme-article-la-route-du-cafe\/p1070712\/'><img loading=\"lazy\" decoding=\"async\" width=\"640\" height=\"480\" src=\"https:\/\/i0.wp.com\/genevieveetbernardauxameriques.fr\/wp-content\/uploads\/2017\/03\/P1070712.jpg?fit=640%2C480&amp;ssl=1\" class=\"attachment-full size-full\" alt=\"\" srcset=\"https:\/\/i0.wp.com\/genevieveetbernardauxameriques.fr\/wp-content\/uploads\/2017\/03\/P1070712.jpg?w=640&amp;ssl=1 640w, https:\/\/i0.wp.com\/genevieveetbernardauxameriques.fr\/wp-content\/uploads\/2017\/03\/P1070712.jpg?resize=300%2C225&amp;ssl=1 300w\" sizes=\"(max-width: 640px) 100vw, 640px\" data-attachment-id=\"17577\" data-permalink=\"https:\/\/genevieveetbernardauxameriques.fr\/index.php\/2017\/04\/06\/colombie-2eme-article-la-route-du-cafe\/p1070712\/\" data-orig-file=\"https:\/\/i0.wp.com\/genevieveetbernardauxameriques.fr\/wp-content\/uploads\/2017\/03\/P1070712.jpg?fit=640%2C480&amp;ssl=1\" data-orig-size=\"640,480\" data-comments-opened=\"1\" data-image-meta=\"{&quot;aperture&quot;:&quot;3.3&quot;,&quot;credit&quot;:&quot;&quot;,&quot;camera&quot;:&quot;DMC-TZ55&quot;,&quot;caption&quot;:&quot;&quot;,&quot;created_timestamp&quot;:&quot;1490745833&quot;,&quot;copyright&quot;:&quot;&quot;,&quot;focal_length&quot;:&quot;4.3&quot;,&quot;iso&quot;:&quot;1600&quot;,&quot;shutter_speed&quot;:&quot;0.02&quot;,&quot;title&quot;:&quot;&quot;,&quot;orientation&quot;:&quot;1&quot;}\" data-image-title=\"P1070712\" data-image-description=\"\" data-image-caption=\"\" data-medium-file=\"https:\/\/i0.wp.com\/genevieveetbernardauxameriques.fr\/wp-content\/uploads\/2017\/03\/P1070712.jpg?fit=300%2C225&amp;ssl=1\" data-large-file=\"https:\/\/i0.wp.com\/genevieveetbernardauxameriques.fr\/wp-content\/uploads\/2017\/03\/P1070712.jpg?fit=640%2C480&amp;ssl=1\" \/><\/a>\n\t\t\t<\/dt><\/dl><br style=\"clear: both\" \/>\n\t\t<\/div>\n\n<p>Et pour finir :<\/p>\n<p><a href=\"https:\/\/i0.wp.com\/genevieveetbernardauxameriques.fr\/wp-content\/uploads\/2017\/03\/P1070726.jpg?ssl=1\"><img loading=\"lazy\" decoding=\"async\" data-attachment-id=\"17582\" data-permalink=\"https:\/\/genevieveetbernardauxameriques.fr\/index.php\/2017\/04\/06\/colombie-2eme-article-la-route-du-cafe\/p1070726\/\" data-orig-file=\"https:\/\/i0.wp.com\/genevieveetbernardauxameriques.fr\/wp-content\/uploads\/2017\/03\/P1070726.jpg?fit=640%2C480&amp;ssl=1\" data-orig-size=\"640,480\" data-comments-opened=\"1\" data-image-meta=\"{&quot;aperture&quot;:&quot;3.3&quot;,&quot;credit&quot;:&quot;&quot;,&quot;camera&quot;:&quot;DMC-TZ55&quot;,&quot;caption&quot;:&quot;&quot;,&quot;created_timestamp&quot;:&quot;1490746519&quot;,&quot;copyright&quot;:&quot;&quot;,&quot;focal_length&quot;:&quot;4.4&quot;,&quot;iso&quot;:&quot;500&quot;,&quot;shutter_speed&quot;:&quot;0.01&quot;,&quot;title&quot;:&quot;&quot;,&quot;orientation&quot;:&quot;1&quot;}\" data-image-title=\"P1070726\" data-image-description=\"\" data-image-caption=\"\" data-medium-file=\"https:\/\/i0.wp.com\/genevieveetbernardauxameriques.fr\/wp-content\/uploads\/2017\/03\/P1070726.jpg?fit=300%2C225&amp;ssl=1\" data-large-file=\"https:\/\/i0.wp.com\/genevieveetbernardauxameriques.fr\/wp-content\/uploads\/2017\/03\/P1070726.jpg?fit=640%2C480&amp;ssl=1\" class=\"alignnone size-full wp-image-17582\" src=\"https:\/\/i0.wp.com\/genevieveetbernardauxameriques.fr\/wp-content\/uploads\/2017\/03\/P1070726.jpg?resize=640%2C480&#038;ssl=1\" alt=\"\" width=\"640\" height=\"480\" srcset=\"https:\/\/i0.wp.com\/genevieveetbernardauxameriques.fr\/wp-content\/uploads\/2017\/03\/P1070726.jpg?w=640&amp;ssl=1 640w, https:\/\/i0.wp.com\/genevieveetbernardauxameriques.fr\/wp-content\/uploads\/2017\/03\/P1070726.jpg?resize=300%2C225&amp;ssl=1 300w\" sizes=\"(max-width: 640px) 100vw, 640px\" data-recalc-dims=\"1\" \/><\/a><\/p>\n<p>Les chapeaux derniers cris<\/p>\n<p><a href=\"https:\/\/i0.wp.com\/genevieveetbernardauxameriques.fr\/wp-content\/uploads\/2017\/03\/P1070716.jpg?ssl=1\"><img loading=\"lazy\" decoding=\"async\" data-attachment-id=\"17581\" data-permalink=\"https:\/\/genevieveetbernardauxameriques.fr\/index.php\/2017\/04\/06\/colombie-2eme-article-la-route-du-cafe\/p1070716\/\" data-orig-file=\"https:\/\/i0.wp.com\/genevieveetbernardauxameriques.fr\/wp-content\/uploads\/2017\/03\/P1070716.jpg?fit=640%2C480&amp;ssl=1\" data-orig-size=\"640,480\" data-comments-opened=\"1\" data-image-meta=\"{&quot;aperture&quot;:&quot;3.3&quot;,&quot;credit&quot;:&quot;&quot;,&quot;camera&quot;:&quot;DMC-TZ55&quot;,&quot;caption&quot;:&quot;&quot;,&quot;created_timestamp&quot;:&quot;1490745987&quot;,&quot;copyright&quot;:&quot;&quot;,&quot;focal_length&quot;:&quot;4.3&quot;,&quot;iso&quot;:&quot;1600&quot;,&quot;shutter_speed&quot;:&quot;0.025&quot;,&quot;title&quot;:&quot;&quot;,&quot;orientation&quot;:&quot;1&quot;}\" data-image-title=\"P1070716\" data-image-description=\"\" data-image-caption=\"\" data-medium-file=\"https:\/\/i0.wp.com\/genevieveetbernardauxameriques.fr\/wp-content\/uploads\/2017\/03\/P1070716.jpg?fit=300%2C225&amp;ssl=1\" data-large-file=\"https:\/\/i0.wp.com\/genevieveetbernardauxameriques.fr\/wp-content\/uploads\/2017\/03\/P1070716.jpg?fit=640%2C480&amp;ssl=1\" class=\"alignnone size-full wp-image-17581\" src=\"https:\/\/i0.wp.com\/genevieveetbernardauxameriques.fr\/wp-content\/uploads\/2017\/03\/P1070716.jpg?resize=640%2C480&#038;ssl=1\" alt=\"\" width=\"640\" height=\"480\" srcset=\"https:\/\/i0.wp.com\/genevieveetbernardauxameriques.fr\/wp-content\/uploads\/2017\/03\/P1070716.jpg?w=640&amp;ssl=1 640w, https:\/\/i0.wp.com\/genevieveetbernardauxameriques.fr\/wp-content\/uploads\/2017\/03\/P1070716.jpg?resize=300%2C225&amp;ssl=1 300w\" sizes=\"(max-width: 640px) 100vw, 640px\" data-recalc-dims=\"1\" \/><\/a>2<a href=\"https:\/\/i0.wp.com\/genevieveetbernardauxameriques.fr\/wp-content\/uploads\/2017\/03\/P1070727.jpg?ssl=1\"><img loading=\"lazy\" decoding=\"async\" data-attachment-id=\"17583\" data-permalink=\"https:\/\/genevieveetbernardauxameriques.fr\/index.php\/2017\/04\/06\/colombie-2eme-article-la-route-du-cafe\/p1070727\/\" data-orig-file=\"https:\/\/i0.wp.com\/genevieveetbernardauxameriques.fr\/wp-content\/uploads\/2017\/03\/P1070727.jpg?fit=480%2C640&amp;ssl=1\" data-orig-size=\"480,640\" data-comments-opened=\"1\" data-image-meta=\"{&quot;aperture&quot;:&quot;3.3&quot;,&quot;credit&quot;:&quot;&quot;,&quot;camera&quot;:&quot;DMC-TZ55&quot;,&quot;caption&quot;:&quot;&quot;,&quot;created_timestamp&quot;:&quot;1490746536&quot;,&quot;copyright&quot;:&quot;&quot;,&quot;focal_length&quot;:&quot;4.4&quot;,&quot;iso&quot;:&quot;400&quot;,&quot;shutter_speed&quot;:&quot;0.02&quot;,&quot;title&quot;:&quot;&quot;,&quot;orientation&quot;:&quot;1&quot;}\" data-image-title=\"P1070727\" data-image-description=\"\" data-image-caption=\"\" data-medium-file=\"https:\/\/i0.wp.com\/genevieveetbernardauxameriques.fr\/wp-content\/uploads\/2017\/03\/P1070727.jpg?fit=225%2C300&amp;ssl=1\" data-large-file=\"https:\/\/i0.wp.com\/genevieveetbernardauxameriques.fr\/wp-content\/uploads\/2017\/03\/P1070727.jpg?fit=480%2C640&amp;ssl=1\" class=\"size-full wp-image-17583 aligncenter\" src=\"https:\/\/i0.wp.com\/genevieveetbernardauxameriques.fr\/wp-content\/uploads\/2017\/03\/P1070727.jpg?resize=480%2C640&#038;ssl=1\" alt=\"\" width=\"480\" height=\"640\" srcset=\"https:\/\/i0.wp.com\/genevieveetbernardauxameriques.fr\/wp-content\/uploads\/2017\/03\/P1070727.jpg?w=480&amp;ssl=1 480w, https:\/\/i0.wp.com\/genevieveetbernardauxameriques.fr\/wp-content\/uploads\/2017\/03\/P1070727.jpg?resize=225%2C300&amp;ssl=1 225w\" sizes=\"(max-width: 480px) 100vw, 480px\" data-recalc-dims=\"1\" \/><\/a> <a href=\"https:\/\/i0.wp.com\/genevieveetbernardauxameriques.fr\/wp-content\/uploads\/2017\/03\/P1070729.jpg?ssl=1\"><img loading=\"lazy\" decoding=\"async\" data-attachment-id=\"17584\" data-permalink=\"https:\/\/genevieveetbernardauxameriques.fr\/index.php\/2017\/04\/06\/colombie-2eme-article-la-route-du-cafe\/p1070729\/\" data-orig-file=\"https:\/\/i0.wp.com\/genevieveetbernardauxameriques.fr\/wp-content\/uploads\/2017\/03\/P1070729.jpg?fit=480%2C640&amp;ssl=1\" data-orig-size=\"480,640\" data-comments-opened=\"1\" data-image-meta=\"{&quot;aperture&quot;:&quot;3.3&quot;,&quot;credit&quot;:&quot;&quot;,&quot;camera&quot;:&quot;DMC-TZ55&quot;,&quot;caption&quot;:&quot;&quot;,&quot;created_timestamp&quot;:&quot;1490746572&quot;,&quot;copyright&quot;:&quot;&quot;,&quot;focal_length&quot;:&quot;4.4&quot;,&quot;iso&quot;:&quot;1250&quot;,&quot;shutter_speed&quot;:&quot;0.005&quot;,&quot;title&quot;:&quot;&quot;,&quot;orientation&quot;:&quot;1&quot;}\" data-image-title=\"P1070729\" data-image-description=\"\" data-image-caption=\"\" data-medium-file=\"https:\/\/i0.wp.com\/genevieveetbernardauxameriques.fr\/wp-content\/uploads\/2017\/03\/P1070729.jpg?fit=225%2C300&amp;ssl=1\" data-large-file=\"https:\/\/i0.wp.com\/genevieveetbernardauxameriques.fr\/wp-content\/uploads\/2017\/03\/P1070729.jpg?fit=480%2C640&amp;ssl=1\" class=\"size-full wp-image-17584 aligncenter\" src=\"https:\/\/i0.wp.com\/genevieveetbernardauxameriques.fr\/wp-content\/uploads\/2017\/03\/P1070729.jpg?resize=480%2C640&#038;ssl=1\" alt=\"\" width=\"480\" height=\"640\" srcset=\"https:\/\/i0.wp.com\/genevieveetbernardauxameriques.fr\/wp-content\/uploads\/2017\/03\/P1070729.jpg?w=480&amp;ssl=1 480w, https:\/\/i0.wp.com\/genevieveetbernardauxameriques.fr\/wp-content\/uploads\/2017\/03\/P1070729.jpg?resize=225%2C300&amp;ssl=1 225w\" sizes=\"(max-width: 480px) 100vw, 480px\" data-recalc-dims=\"1\" \/><\/a><\/p>\n<p>2 robes en toquilla, la m\u00eame plante que pour confectionner les panamas. Fernando nous a expliqu\u00e9 que c&rsquo;est seulement avec la tige et non avec les feuilles qu&rsquo;on tresse.<\/p>\n<p><img loading=\"lazy\" decoding=\"async\" data-attachment-id=\"17754\" data-permalink=\"https:\/\/genevieveetbernardauxameriques.fr\/index.php\/2017\/04\/06\/colombie-2eme-article-la-route-du-cafe\/img_19700101_103250\/\" data-orig-file=\"https:\/\/i0.wp.com\/genevieveetbernardauxameriques.fr\/wp-content\/uploads\/2017\/04\/IMG_19700101_103250.jpg?fit=540%2C720&amp;ssl=1\" data-orig-size=\"540,720\" data-comments-opened=\"1\" data-image-meta=\"{&quot;aperture&quot;:&quot;0&quot;,&quot;credit&quot;:&quot;&quot;,&quot;camera&quot;:&quot;Lenovo YT3-X50F&quot;,&quot;caption&quot;:&quot;&quot;,&quot;created_timestamp&quot;:&quot;37971&quot;,&quot;copyright&quot;:&quot;&quot;,&quot;focal_length&quot;:&quot;3.85&quot;,&quot;iso&quot;:&quot;313&quot;,&quot;shutter_speed&quot;:&quot;0.04&quot;,&quot;title&quot;:&quot;&quot;,&quot;orientation&quot;:&quot;0&quot;}\" data-image-title=\"IMG_19700101_103250\" data-image-description=\"\" data-image-caption=\"\" data-medium-file=\"https:\/\/i0.wp.com\/genevieveetbernardauxameriques.fr\/wp-content\/uploads\/2017\/04\/IMG_19700101_103250.jpg?fit=225%2C300&amp;ssl=1\" data-large-file=\"https:\/\/i0.wp.com\/genevieveetbernardauxameriques.fr\/wp-content\/uploads\/2017\/04\/IMG_19700101_103250.jpg?fit=540%2C720&amp;ssl=1\" class=\"wp-image-17754 aligncenter\" src=\"https:\/\/i0.wp.com\/genevieveetbernardauxameriques.fr\/wp-content\/uploads\/2017\/04\/IMG_19700101_103250.jpg?resize=362%2C483&#038;ssl=1\" alt=\"\" width=\"362\" height=\"483\" srcset=\"https:\/\/i0.wp.com\/genevieveetbernardauxameriques.fr\/wp-content\/uploads\/2017\/04\/IMG_19700101_103250.jpg?w=540&amp;ssl=1 540w, https:\/\/i0.wp.com\/genevieveetbernardauxameriques.fr\/wp-content\/uploads\/2017\/04\/IMG_19700101_103250.jpg?resize=225%2C300&amp;ssl=1 225w\" sizes=\"(max-width: 362px) 100vw, 362px\" data-recalc-dims=\"1\" \/><\/p>\n<p>La personne qui nous accompagne de salles en salles est comme toujours \u00e0 nos petits soins, il a beaucoup d&rsquo;humour et m\u00eame si on ne comprend pas tout, on s&rsquo;amuse beaucoup.<\/p>\n<p>Il y a aussi une salle d&rsquo;objets anciens, telle que cette machine pour faire &#8230;.<\/p>\n<p><a href=\"https:\/\/i0.wp.com\/genevieveetbernardauxameriques.fr\/wp-content\/uploads\/2017\/03\/P1070734.jpg?ssl=1\"><img loading=\"lazy\" decoding=\"async\" data-attachment-id=\"17585\" data-permalink=\"https:\/\/genevieveetbernardauxameriques.fr\/index.php\/2017\/04\/06\/colombie-2eme-article-la-route-du-cafe\/p1070734\/\" data-orig-file=\"https:\/\/i0.wp.com\/genevieveetbernardauxameriques.fr\/wp-content\/uploads\/2017\/03\/P1070734.jpg?fit=480%2C640&amp;ssl=1\" data-orig-size=\"480,640\" data-comments-opened=\"1\" data-image-meta=\"{&quot;aperture&quot;:&quot;3.3&quot;,&quot;credit&quot;:&quot;&quot;,&quot;camera&quot;:&quot;DMC-TZ55&quot;,&quot;caption&quot;:&quot;&quot;,&quot;created_timestamp&quot;:&quot;1490746823&quot;,&quot;copyright&quot;:&quot;&quot;,&quot;focal_length&quot;:&quot;4.3&quot;,&quot;iso&quot;:&quot;1600&quot;,&quot;shutter_speed&quot;:&quot;0.025&quot;,&quot;title&quot;:&quot;&quot;,&quot;orientation&quot;:&quot;1&quot;}\" data-image-title=\"P1070734\" data-image-description=\"\" data-image-caption=\"\" data-medium-file=\"https:\/\/i0.wp.com\/genevieveetbernardauxameriques.fr\/wp-content\/uploads\/2017\/03\/P1070734.jpg?fit=225%2C300&amp;ssl=1\" data-large-file=\"https:\/\/i0.wp.com\/genevieveetbernardauxameriques.fr\/wp-content\/uploads\/2017\/03\/P1070734.jpg?fit=480%2C640&amp;ssl=1\" class=\"size-full wp-image-17585 aligncenter\" src=\"https:\/\/i0.wp.com\/genevieveetbernardauxameriques.fr\/wp-content\/uploads\/2017\/03\/P1070734.jpg?resize=480%2C640&#038;ssl=1\" alt=\"\" width=\"480\" height=\"640\" srcset=\"https:\/\/i0.wp.com\/genevieveetbernardauxameriques.fr\/wp-content\/uploads\/2017\/03\/P1070734.jpg?w=480&amp;ssl=1 480w, https:\/\/i0.wp.com\/genevieveetbernardauxameriques.fr\/wp-content\/uploads\/2017\/03\/P1070734.jpg?resize=225%2C300&amp;ssl=1 225w\" sizes=\"(max-width: 480px) 100vw, 480px\" data-recalc-dims=\"1\" \/><\/a><\/p>\n<p>des hosties.<\/p>\n<p>Et pour que les enfants se rendent compte les machines \u00e0 \u00e9crire de seulement 50 ans (j&rsquo;ai connue celle-l\u00e0)<a href=\"https:\/\/i0.wp.com\/genevieveetbernardauxameriques.fr\/wp-content\/uploads\/2017\/03\/P1070735.jpg?ssl=1\"><img loading=\"lazy\" decoding=\"async\" data-attachment-id=\"17586\" data-permalink=\"https:\/\/genevieveetbernardauxameriques.fr\/index.php\/2017\/04\/06\/colombie-2eme-article-la-route-du-cafe\/p1070735\/\" data-orig-file=\"https:\/\/i0.wp.com\/genevieveetbernardauxameriques.fr\/wp-content\/uploads\/2017\/03\/P1070735.jpg?fit=640%2C480&amp;ssl=1\" data-orig-size=\"640,480\" data-comments-opened=\"1\" data-image-meta=\"{&quot;aperture&quot;:&quot;3.3&quot;,&quot;credit&quot;:&quot;&quot;,&quot;camera&quot;:&quot;DMC-TZ55&quot;,&quot;caption&quot;:&quot;&quot;,&quot;created_timestamp&quot;:&quot;1490746964&quot;,&quot;copyright&quot;:&quot;&quot;,&quot;focal_length&quot;:&quot;4.3&quot;,&quot;iso&quot;:&quot;1600&quot;,&quot;shutter_speed&quot;:&quot;0.005&quot;,&quot;title&quot;:&quot;&quot;,&quot;orientation&quot;:&quot;1&quot;}\" data-image-title=\"P1070735\" data-image-description=\"\" data-image-caption=\"\" data-medium-file=\"https:\/\/i0.wp.com\/genevieveetbernardauxameriques.fr\/wp-content\/uploads\/2017\/03\/P1070735.jpg?fit=300%2C225&amp;ssl=1\" data-large-file=\"https:\/\/i0.wp.com\/genevieveetbernardauxameriques.fr\/wp-content\/uploads\/2017\/03\/P1070735.jpg?fit=640%2C480&amp;ssl=1\" class=\"alignnone size-full wp-image-17586\" src=\"https:\/\/i0.wp.com\/genevieveetbernardauxameriques.fr\/wp-content\/uploads\/2017\/03\/P1070735.jpg?resize=640%2C480&#038;ssl=1\" alt=\"\" width=\"640\" height=\"480\" srcset=\"https:\/\/i0.wp.com\/genevieveetbernardauxameriques.fr\/wp-content\/uploads\/2017\/03\/P1070735.jpg?w=640&amp;ssl=1 640w, https:\/\/i0.wp.com\/genevieveetbernardauxameriques.fr\/wp-content\/uploads\/2017\/03\/P1070735.jpg?resize=300%2C225&amp;ssl=1 300w\" sizes=\"(max-width: 640px) 100vw, 640px\" data-recalc-dims=\"1\" \/><\/a><\/p>\n<p>La vue de la Maison de la Culture<\/p>\n<p><a href=\"https:\/\/i0.wp.com\/genevieveetbernardauxameriques.fr\/wp-content\/uploads\/2017\/03\/P1070739.jpg?ssl=1\"><img loading=\"lazy\" decoding=\"async\" data-attachment-id=\"17589\" data-permalink=\"https:\/\/genevieveetbernardauxameriques.fr\/index.php\/2017\/04\/06\/colombie-2eme-article-la-route-du-cafe\/p1070739\/\" data-orig-file=\"https:\/\/i0.wp.com\/genevieveetbernardauxameriques.fr\/wp-content\/uploads\/2017\/03\/P1070739.jpg?fit=640%2C480&amp;ssl=1\" data-orig-size=\"640,480\" data-comments-opened=\"1\" data-image-meta=\"{&quot;aperture&quot;:&quot;4.5&quot;,&quot;credit&quot;:&quot;&quot;,&quot;camera&quot;:&quot;DMC-TZ55&quot;,&quot;caption&quot;:&quot;&quot;,&quot;created_timestamp&quot;:&quot;1490747407&quot;,&quot;copyright&quot;:&quot;&quot;,&quot;focal_length&quot;:&quot;5.4&quot;,&quot;iso&quot;:&quot;100&quot;,&quot;shutter_speed&quot;:&quot;0.004&quot;,&quot;title&quot;:&quot;&quot;,&quot;orientation&quot;:&quot;1&quot;}\" data-image-title=\"P1070739\" data-image-description=\"\" data-image-caption=\"\" data-medium-file=\"https:\/\/i0.wp.com\/genevieveetbernardauxameriques.fr\/wp-content\/uploads\/2017\/03\/P1070739.jpg?fit=300%2C225&amp;ssl=1\" data-large-file=\"https:\/\/i0.wp.com\/genevieveetbernardauxameriques.fr\/wp-content\/uploads\/2017\/03\/P1070739.jpg?fit=640%2C480&amp;ssl=1\" class=\"alignnone size-full wp-image-17589\" src=\"https:\/\/i0.wp.com\/genevieveetbernardauxameriques.fr\/wp-content\/uploads\/2017\/03\/P1070739.jpg?resize=640%2C480&#038;ssl=1\" alt=\"\" width=\"640\" height=\"480\" srcset=\"https:\/\/i0.wp.com\/genevieveetbernardauxameriques.fr\/wp-content\/uploads\/2017\/03\/P1070739.jpg?w=640&amp;ssl=1 640w, https:\/\/i0.wp.com\/genevieveetbernardauxameriques.fr\/wp-content\/uploads\/2017\/03\/P1070739.jpg?resize=300%2C225&amp;ssl=1 300w\" sizes=\"(max-width: 640px) 100vw, 640px\" data-recalc-dims=\"1\" \/><\/a> <a href=\"https:\/\/i0.wp.com\/genevieveetbernardauxameriques.fr\/wp-content\/uploads\/2017\/03\/P1070737.jpg?ssl=1\"><img loading=\"lazy\" decoding=\"async\" data-attachment-id=\"17587\" data-permalink=\"https:\/\/genevieveetbernardauxameriques.fr\/index.php\/2017\/04\/06\/colombie-2eme-article-la-route-du-cafe\/p1070737\/\" data-orig-file=\"https:\/\/i0.wp.com\/genevieveetbernardauxameriques.fr\/wp-content\/uploads\/2017\/03\/P1070737.jpg?fit=640%2C480&amp;ssl=1\" data-orig-size=\"640,480\" data-comments-opened=\"1\" data-image-meta=\"{&quot;aperture&quot;:&quot;4&quot;,&quot;credit&quot;:&quot;&quot;,&quot;camera&quot;:&quot;DMC-TZ55&quot;,&quot;caption&quot;:&quot;&quot;,&quot;created_timestamp&quot;:&quot;1490747321&quot;,&quot;copyright&quot;:&quot;&quot;,&quot;focal_length&quot;:&quot;4.3&quot;,&quot;iso&quot;:&quot;100&quot;,&quot;shutter_speed&quot;:&quot;0.003125&quot;,&quot;title&quot;:&quot;&quot;,&quot;orientation&quot;:&quot;1&quot;}\" data-image-title=\"P1070737\" data-image-description=\"\" data-image-caption=\"\" data-medium-file=\"https:\/\/i0.wp.com\/genevieveetbernardauxameriques.fr\/wp-content\/uploads\/2017\/03\/P1070737.jpg?fit=300%2C225&amp;ssl=1\" data-large-file=\"https:\/\/i0.wp.com\/genevieveetbernardauxameriques.fr\/wp-content\/uploads\/2017\/03\/P1070737.jpg?fit=640%2C480&amp;ssl=1\" class=\"alignnone size-full wp-image-17587\" src=\"https:\/\/i0.wp.com\/genevieveetbernardauxameriques.fr\/wp-content\/uploads\/2017\/03\/P1070737.jpg?resize=640%2C480&#038;ssl=1\" alt=\"\" width=\"640\" height=\"480\" srcset=\"https:\/\/i0.wp.com\/genevieveetbernardauxameriques.fr\/wp-content\/uploads\/2017\/03\/P1070737.jpg?w=640&amp;ssl=1 640w, https:\/\/i0.wp.com\/genevieveetbernardauxameriques.fr\/wp-content\/uploads\/2017\/03\/P1070737.jpg?resize=300%2C225&amp;ssl=1 300w\" sizes=\"(max-width: 640px) 100vw, 640px\" data-recalc-dims=\"1\" \/><\/a><\/p>\n<p>Retour pour retrouver Fernando qui nous emm\u00e8ne prendre un excellent caf\u00e9, nous prendrons un irish coffee.<\/p>\n<p>Encore une boutique de chapeaux<\/p>\n<p><a href=\"https:\/\/i0.wp.com\/genevieveetbernardauxameriques.fr\/wp-content\/uploads\/2017\/03\/P1070741.jpg?ssl=1\"><img loading=\"lazy\" decoding=\"async\" data-attachment-id=\"17591\" data-permalink=\"https:\/\/genevieveetbernardauxameriques.fr\/index.php\/2017\/04\/06\/colombie-2eme-article-la-route-du-cafe\/p1070741\/\" data-orig-file=\"https:\/\/i0.wp.com\/genevieveetbernardauxameriques.fr\/wp-content\/uploads\/2017\/03\/P1070741.jpg?fit=640%2C480&amp;ssl=1\" data-orig-size=\"640,480\" data-comments-opened=\"1\" data-image-meta=\"{&quot;aperture&quot;:&quot;3.3&quot;,&quot;credit&quot;:&quot;&quot;,&quot;camera&quot;:&quot;DMC-TZ55&quot;,&quot;caption&quot;:&quot;&quot;,&quot;created_timestamp&quot;:&quot;1490747842&quot;,&quot;copyright&quot;:&quot;&quot;,&quot;focal_length&quot;:&quot;4.3&quot;,&quot;iso&quot;:&quot;1600&quot;,&quot;shutter_speed&quot;:&quot;0.016666666666667&quot;,&quot;title&quot;:&quot;&quot;,&quot;orientation&quot;:&quot;1&quot;}\" data-image-title=\"P1070741\" data-image-description=\"\" data-image-caption=\"\" data-medium-file=\"https:\/\/i0.wp.com\/genevieveetbernardauxameriques.fr\/wp-content\/uploads\/2017\/03\/P1070741.jpg?fit=300%2C225&amp;ssl=1\" data-large-file=\"https:\/\/i0.wp.com\/genevieveetbernardauxameriques.fr\/wp-content\/uploads\/2017\/03\/P1070741.jpg?fit=640%2C480&amp;ssl=1\" class=\"alignnone size-full wp-image-17591\" src=\"https:\/\/i0.wp.com\/genevieveetbernardauxameriques.fr\/wp-content\/uploads\/2017\/03\/P1070741.jpg?resize=640%2C480&#038;ssl=1\" alt=\"\" width=\"640\" height=\"480\" srcset=\"https:\/\/i0.wp.com\/genevieveetbernardauxameriques.fr\/wp-content\/uploads\/2017\/03\/P1070741.jpg?w=640&amp;ssl=1 640w, https:\/\/i0.wp.com\/genevieveetbernardauxameriques.fr\/wp-content\/uploads\/2017\/03\/P1070741.jpg?resize=300%2C225&amp;ssl=1 300w\" sizes=\"(max-width: 640px) 100vw, 640px\" data-recalc-dims=\"1\" \/><\/a> <a href=\"https:\/\/i0.wp.com\/genevieveetbernardauxameriques.fr\/wp-content\/uploads\/2017\/03\/P1070740.jpg?ssl=1\"><img loading=\"lazy\" decoding=\"async\" data-attachment-id=\"17590\" data-permalink=\"https:\/\/genevieveetbernardauxameriques.fr\/index.php\/2017\/04\/06\/colombie-2eme-article-la-route-du-cafe\/p1070740\/\" data-orig-file=\"https:\/\/i0.wp.com\/genevieveetbernardauxameriques.fr\/wp-content\/uploads\/2017\/03\/P1070740.jpg?fit=640%2C480&amp;ssl=1\" data-orig-size=\"640,480\" data-comments-opened=\"1\" data-image-meta=\"{&quot;aperture&quot;:&quot;4.5&quot;,&quot;credit&quot;:&quot;&quot;,&quot;camera&quot;:&quot;DMC-TZ55&quot;,&quot;caption&quot;:&quot;&quot;,&quot;created_timestamp&quot;:&quot;1490747713&quot;,&quot;copyright&quot;:&quot;&quot;,&quot;focal_length&quot;:&quot;5.4&quot;,&quot;iso&quot;:&quot;100&quot;,&quot;shutter_speed&quot;:&quot;0.00625&quot;,&quot;title&quot;:&quot;&quot;,&quot;orientation&quot;:&quot;1&quot;}\" data-image-title=\"P1070740\" data-image-description=\"\" data-image-caption=\"\" data-medium-file=\"https:\/\/i0.wp.com\/genevieveetbernardauxameriques.fr\/wp-content\/uploads\/2017\/03\/P1070740.jpg?fit=300%2C225&amp;ssl=1\" data-large-file=\"https:\/\/i0.wp.com\/genevieveetbernardauxameriques.fr\/wp-content\/uploads\/2017\/03\/P1070740.jpg?fit=640%2C480&amp;ssl=1\" class=\"alignnone size-full wp-image-17590\" src=\"https:\/\/i0.wp.com\/genevieveetbernardauxameriques.fr\/wp-content\/uploads\/2017\/03\/P1070740.jpg?resize=640%2C480&#038;ssl=1\" alt=\"\" width=\"640\" height=\"480\" srcset=\"https:\/\/i0.wp.com\/genevieveetbernardauxameriques.fr\/wp-content\/uploads\/2017\/03\/P1070740.jpg?w=640&amp;ssl=1 640w, https:\/\/i0.wp.com\/genevieveetbernardauxameriques.fr\/wp-content\/uploads\/2017\/03\/P1070740.jpg?resize=300%2C225&amp;ssl=1 300w\" sizes=\"(max-width: 640px) 100vw, 640px\" data-recalc-dims=\"1\" \/><\/a><\/p>\n<p>Toujours des villes tr\u00e8s pentues<\/p>\n<p><a href=\"https:\/\/i0.wp.com\/genevieveetbernardauxameriques.fr\/wp-content\/uploads\/2017\/03\/P1070742.jpg?ssl=1\"><img loading=\"lazy\" decoding=\"async\" data-attachment-id=\"17592\" data-permalink=\"https:\/\/genevieveetbernardauxameriques.fr\/index.php\/2017\/04\/06\/colombie-2eme-article-la-route-du-cafe\/p1070742\/\" data-orig-file=\"https:\/\/i0.wp.com\/genevieveetbernardauxameriques.fr\/wp-content\/uploads\/2017\/03\/P1070742.jpg?fit=640%2C480&amp;ssl=1\" data-orig-size=\"640,480\" data-comments-opened=\"1\" data-image-meta=\"{&quot;aperture&quot;:&quot;4&quot;,&quot;credit&quot;:&quot;&quot;,&quot;camera&quot;:&quot;DMC-TZ55&quot;,&quot;caption&quot;:&quot;&quot;,&quot;created_timestamp&quot;:&quot;1490748082&quot;,&quot;copyright&quot;:&quot;&quot;,&quot;focal_length&quot;:&quot;4.3&quot;,&quot;iso&quot;:&quot;100&quot;,&quot;shutter_speed&quot;:&quot;0.01&quot;,&quot;title&quot;:&quot;&quot;,&quot;orientation&quot;:&quot;1&quot;}\" data-image-title=\"P1070742\" data-image-description=\"\" data-image-caption=\"\" data-medium-file=\"https:\/\/i0.wp.com\/genevieveetbernardauxameriques.fr\/wp-content\/uploads\/2017\/03\/P1070742.jpg?fit=300%2C225&amp;ssl=1\" data-large-file=\"https:\/\/i0.wp.com\/genevieveetbernardauxameriques.fr\/wp-content\/uploads\/2017\/03\/P1070742.jpg?fit=640%2C480&amp;ssl=1\" class=\"alignnone size-full wp-image-17592\" src=\"https:\/\/i0.wp.com\/genevieveetbernardauxameriques.fr\/wp-content\/uploads\/2017\/03\/P1070742.jpg?resize=640%2C480&#038;ssl=1\" alt=\"\" width=\"640\" height=\"480\" srcset=\"https:\/\/i0.wp.com\/genevieveetbernardauxameriques.fr\/wp-content\/uploads\/2017\/03\/P1070742.jpg?w=640&amp;ssl=1 640w, https:\/\/i0.wp.com\/genevieveetbernardauxameriques.fr\/wp-content\/uploads\/2017\/03\/P1070742.jpg?resize=300%2C225&amp;ssl=1 300w\" sizes=\"(max-width: 640px) 100vw, 640px\" data-recalc-dims=\"1\" \/><\/a> <a href=\"https:\/\/i0.wp.com\/genevieveetbernardauxameriques.fr\/wp-content\/uploads\/2017\/03\/P1070743.jpg?ssl=1\"><img loading=\"lazy\" decoding=\"async\" data-attachment-id=\"17593\" data-permalink=\"https:\/\/genevieveetbernardauxameriques.fr\/index.php\/2017\/04\/06\/colombie-2eme-article-la-route-du-cafe\/p1070743\/\" data-orig-file=\"https:\/\/i0.wp.com\/genevieveetbernardauxameriques.fr\/wp-content\/uploads\/2017\/03\/P1070743.jpg?fit=640%2C480&amp;ssl=1\" data-orig-size=\"640,480\" data-comments-opened=\"1\" data-image-meta=\"{&quot;aperture&quot;:&quot;4.6&quot;,&quot;credit&quot;:&quot;&quot;,&quot;camera&quot;:&quot;DMC-TZ55&quot;,&quot;caption&quot;:&quot;&quot;,&quot;created_timestamp&quot;:&quot;1490748274&quot;,&quot;copyright&quot;:&quot;&quot;,&quot;focal_length&quot;:&quot;9.7&quot;,&quot;iso&quot;:&quot;100&quot;,&quot;shutter_speed&quot;:&quot;0.016666666666667&quot;,&quot;title&quot;:&quot;&quot;,&quot;orientation&quot;:&quot;1&quot;}\" data-image-title=\"P1070743\" data-image-description=\"\" data-image-caption=\"\" data-medium-file=\"https:\/\/i0.wp.com\/genevieveetbernardauxameriques.fr\/wp-content\/uploads\/2017\/03\/P1070743.jpg?fit=300%2C225&amp;ssl=1\" data-large-file=\"https:\/\/i0.wp.com\/genevieveetbernardauxameriques.fr\/wp-content\/uploads\/2017\/03\/P1070743.jpg?fit=640%2C480&amp;ssl=1\" class=\"alignnone size-full wp-image-17593\" src=\"https:\/\/i0.wp.com\/genevieveetbernardauxameriques.fr\/wp-content\/uploads\/2017\/03\/P1070743.jpg?resize=640%2C480&#038;ssl=1\" alt=\"\" width=\"640\" height=\"480\" srcset=\"https:\/\/i0.wp.com\/genevieveetbernardauxameriques.fr\/wp-content\/uploads\/2017\/03\/P1070743.jpg?w=640&amp;ssl=1 640w, https:\/\/i0.wp.com\/genevieveetbernardauxameriques.fr\/wp-content\/uploads\/2017\/03\/P1070743.jpg?resize=300%2C225&amp;ssl=1 300w\" sizes=\"(max-width: 640px) 100vw, 640px\" data-recalc-dims=\"1\" \/><\/a><\/p>\n<p><a href=\"https:\/\/i0.wp.com\/genevieveetbernardauxameriques.fr\/wp-content\/uploads\/2017\/04\/DSCN9808.jpg?ssl=1\"><img loading=\"lazy\" decoding=\"async\" data-attachment-id=\"17637\" data-permalink=\"https:\/\/genevieveetbernardauxameriques.fr\/index.php\/2017\/04\/06\/colombie-2eme-article-la-route-du-cafe\/dscn9808\/\" data-orig-file=\"https:\/\/i0.wp.com\/genevieveetbernardauxameriques.fr\/wp-content\/uploads\/2017\/04\/DSCN9808.jpg?fit=540%2C720&amp;ssl=1\" data-orig-size=\"540,720\" data-comments-opened=\"1\" data-image-meta=\"{&quot;aperture&quot;:&quot;4.5&quot;,&quot;credit&quot;:&quot;&quot;,&quot;camera&quot;:&quot;COOLPIX P900&quot;,&quot;caption&quot;:&quot;&quot;,&quot;created_timestamp&quot;:&quot;1490827836&quot;,&quot;copyright&quot;:&quot;&quot;,&quot;focal_length&quot;:&quot;39.3&quot;,&quot;iso&quot;:&quot;100&quot;,&quot;shutter_speed&quot;:&quot;0.008&quot;,&quot;title&quot;:&quot;&quot;,&quot;orientation&quot;:&quot;1&quot;}\" data-image-title=\"DSCN9808\" data-image-description=\"\" data-image-caption=\"\" data-medium-file=\"https:\/\/i0.wp.com\/genevieveetbernardauxameriques.fr\/wp-content\/uploads\/2017\/04\/DSCN9808.jpg?fit=225%2C300&amp;ssl=1\" data-large-file=\"https:\/\/i0.wp.com\/genevieveetbernardauxameriques.fr\/wp-content\/uploads\/2017\/04\/DSCN9808.jpg?fit=540%2C720&amp;ssl=1\" class=\"size-full wp-image-17637 aligncenter\" src=\"https:\/\/i0.wp.com\/genevieveetbernardauxameriques.fr\/wp-content\/uploads\/2017\/04\/DSCN9808.jpg?resize=540%2C720&#038;ssl=1\" alt=\"\" width=\"540\" height=\"720\" srcset=\"https:\/\/i0.wp.com\/genevieveetbernardauxameriques.fr\/wp-content\/uploads\/2017\/04\/DSCN9808.jpg?w=540&amp;ssl=1 540w, https:\/\/i0.wp.com\/genevieveetbernardauxameriques.fr\/wp-content\/uploads\/2017\/04\/DSCN9808.jpg?resize=225%2C300&amp;ssl=1 225w\" sizes=\"(max-width: 540px) 100vw, 540px\" data-recalc-dims=\"1\" \/><\/a><\/p>\n<p><a href=\"https:\/\/i0.wp.com\/genevieveetbernardauxameriques.fr\/wp-content\/uploads\/2017\/03\/P1070744.jpg?ssl=1\"><img loading=\"lazy\" decoding=\"async\" data-attachment-id=\"17594\" data-permalink=\"https:\/\/genevieveetbernardauxameriques.fr\/index.php\/2017\/04\/06\/colombie-2eme-article-la-route-du-cafe\/p1070744\/\" data-orig-file=\"https:\/\/i0.wp.com\/genevieveetbernardauxameriques.fr\/wp-content\/uploads\/2017\/03\/P1070744.jpg?fit=640%2C480&amp;ssl=1\" data-orig-size=\"640,480\" data-comments-opened=\"1\" data-image-meta=\"{&quot;aperture&quot;:&quot;3.3&quot;,&quot;credit&quot;:&quot;&quot;,&quot;camera&quot;:&quot;DMC-TZ55&quot;,&quot;caption&quot;:&quot;&quot;,&quot;created_timestamp&quot;:&quot;1490748847&quot;,&quot;copyright&quot;:&quot;&quot;,&quot;focal_length&quot;:&quot;4.3&quot;,&quot;iso&quot;:&quot;500&quot;,&quot;shutter_speed&quot;:&quot;0.0025&quot;,&quot;title&quot;:&quot;&quot;,&quot;orientation&quot;:&quot;1&quot;}\" data-image-title=\"P1070744\" data-image-description=\"\" data-image-caption=\"\" data-medium-file=\"https:\/\/i0.wp.com\/genevieveetbernardauxameriques.fr\/wp-content\/uploads\/2017\/03\/P1070744.jpg?fit=300%2C225&amp;ssl=1\" data-large-file=\"https:\/\/i0.wp.com\/genevieveetbernardauxameriques.fr\/wp-content\/uploads\/2017\/03\/P1070744.jpg?fit=640%2C480&amp;ssl=1\" class=\"alignnone size-full wp-image-17594\" src=\"https:\/\/i0.wp.com\/genevieveetbernardauxameriques.fr\/wp-content\/uploads\/2017\/03\/P1070744.jpg?resize=640%2C480&#038;ssl=1\" alt=\"\" width=\"640\" height=\"480\" srcset=\"https:\/\/i0.wp.com\/genevieveetbernardauxameriques.fr\/wp-content\/uploads\/2017\/03\/P1070744.jpg?w=640&amp;ssl=1 640w, https:\/\/i0.wp.com\/genevieveetbernardauxameriques.fr\/wp-content\/uploads\/2017\/03\/P1070744.jpg?resize=300%2C225&amp;ssl=1 300w\" sizes=\"(max-width: 640px) 100vw, 640px\" data-recalc-dims=\"1\" \/><\/a> <a href=\"https:\/\/i0.wp.com\/genevieveetbernardauxameriques.fr\/wp-content\/uploads\/2017\/03\/P1070745.jpg?ssl=1\"><img loading=\"lazy\" decoding=\"async\" data-attachment-id=\"17595\" data-permalink=\"https:\/\/genevieveetbernardauxameriques.fr\/index.php\/2017\/04\/06\/colombie-2eme-article-la-route-du-cafe\/p1070745\/\" data-orig-file=\"https:\/\/i0.wp.com\/genevieveetbernardauxameriques.fr\/wp-content\/uploads\/2017\/03\/P1070745.jpg?fit=640%2C480&amp;ssl=1\" data-orig-size=\"640,480\" data-comments-opened=\"1\" data-image-meta=\"{&quot;aperture&quot;:&quot;4.6&quot;,&quot;credit&quot;:&quot;&quot;,&quot;camera&quot;:&quot;DMC-TZ55&quot;,&quot;caption&quot;:&quot;&quot;,&quot;created_timestamp&quot;:&quot;1490748856&quot;,&quot;copyright&quot;:&quot;&quot;,&quot;focal_length&quot;:&quot;9.7&quot;,&quot;iso&quot;:&quot;1250&quot;,&quot;shutter_speed&quot;:&quot;0.003125&quot;,&quot;title&quot;:&quot;&quot;,&quot;orientation&quot;:&quot;1&quot;}\" data-image-title=\"P1070745\" data-image-description=\"\" data-image-caption=\"\" data-medium-file=\"https:\/\/i0.wp.com\/genevieveetbernardauxameriques.fr\/wp-content\/uploads\/2017\/03\/P1070745.jpg?fit=300%2C225&amp;ssl=1\" data-large-file=\"https:\/\/i0.wp.com\/genevieveetbernardauxameriques.fr\/wp-content\/uploads\/2017\/03\/P1070745.jpg?fit=640%2C480&amp;ssl=1\" class=\"alignnone size-full wp-image-17595\" src=\"https:\/\/i0.wp.com\/genevieveetbernardauxameriques.fr\/wp-content\/uploads\/2017\/03\/P1070745.jpg?resize=640%2C480&#038;ssl=1\" alt=\"\" width=\"640\" height=\"480\" srcset=\"https:\/\/i0.wp.com\/genevieveetbernardauxameriques.fr\/wp-content\/uploads\/2017\/03\/P1070745.jpg?w=640&amp;ssl=1 640w, https:\/\/i0.wp.com\/genevieveetbernardauxameriques.fr\/wp-content\/uploads\/2017\/03\/P1070745.jpg?resize=300%2C225&amp;ssl=1 300w\" sizes=\"(max-width: 640px) 100vw, 640px\" data-recalc-dims=\"1\" \/><\/a><\/p>\n<p>\u00c0 19 h on reprend un taxi pour retrouver notre Camper.<\/p>\n<p><strong>MERCREDI 29 MARS<\/strong><\/p>\n<p>Nous avons d\u00e9cid\u00e9 de prendre le camion pour finir la visite de la ville et ensuite nous reprendrons la route. Ce matin brouillard.<\/p>\n<p><a href=\"https:\/\/i0.wp.com\/genevieveetbernardauxameriques.fr\/wp-content\/uploads\/2017\/04\/IMG_20170329_092705.jpg?ssl=1\"><img loading=\"lazy\" decoding=\"async\" data-attachment-id=\"17761\" data-permalink=\"https:\/\/genevieveetbernardauxameriques.fr\/index.php\/2017\/04\/06\/colombie-2eme-article-la-route-du-cafe\/img_20170329_092705\/\" data-orig-file=\"https:\/\/i0.wp.com\/genevieveetbernardauxameriques.fr\/wp-content\/uploads\/2017\/04\/IMG_20170329_092705.jpg?fit=720%2C540&amp;ssl=1\" data-orig-size=\"720,540\" data-comments-opened=\"1\" data-image-meta=\"{&quot;aperture&quot;:&quot;0&quot;,&quot;credit&quot;:&quot;&quot;,&quot;camera&quot;:&quot;Lenovo YT3-X50F&quot;,&quot;caption&quot;:&quot;&quot;,&quot;created_timestamp&quot;:&quot;1490779626&quot;,&quot;copyright&quot;:&quot;&quot;,&quot;focal_length&quot;:&quot;3.85&quot;,&quot;iso&quot;:&quot;100&quot;,&quot;shutter_speed&quot;:&quot;0.0007163323782235&quot;,&quot;title&quot;:&quot;&quot;,&quot;orientation&quot;:&quot;0&quot;}\" data-image-title=\"IMG_20170329_092705\" data-image-description=\"\" data-image-caption=\"\" data-medium-file=\"https:\/\/i0.wp.com\/genevieveetbernardauxameriques.fr\/wp-content\/uploads\/2017\/04\/IMG_20170329_092705.jpg?fit=300%2C225&amp;ssl=1\" data-large-file=\"https:\/\/i0.wp.com\/genevieveetbernardauxameriques.fr\/wp-content\/uploads\/2017\/04\/IMG_20170329_092705.jpg?fit=640%2C480&amp;ssl=1\" class=\"alignnone size-full wp-image-17761\" src=\"https:\/\/i0.wp.com\/genevieveetbernardauxameriques.fr\/wp-content\/uploads\/2017\/04\/IMG_20170329_092705.jpg?resize=640%2C480&#038;ssl=1\" alt=\"\" width=\"640\" height=\"480\" srcset=\"https:\/\/i0.wp.com\/genevieveetbernardauxameriques.fr\/wp-content\/uploads\/2017\/04\/IMG_20170329_092705.jpg?w=720&amp;ssl=1 720w, https:\/\/i0.wp.com\/genevieveetbernardauxameriques.fr\/wp-content\/uploads\/2017\/04\/IMG_20170329_092705.jpg?resize=300%2C225&amp;ssl=1 300w\" sizes=\"(max-width: 640px) 100vw, 640px\" data-recalc-dims=\"1\" \/><\/a><\/p>\n<p>&nbsp;<\/p>\n<p>Adieu \u00e0 C\u00e9sar qui nous dit qu&rsquo;il y a des Fran\u00e7ais en ville avec un camping car.<\/p>\n<p><a href=\"https:\/\/i0.wp.com\/genevieveetbernardauxameriques.fr\/wp-content\/uploads\/2017\/04\/IMG_20170329_093040.jpg?ssl=1\"><img loading=\"lazy\" decoding=\"async\" data-attachment-id=\"17762\" data-permalink=\"https:\/\/genevieveetbernardauxameriques.fr\/index.php\/2017\/04\/06\/colombie-2eme-article-la-route-du-cafe\/img_20170329_093040\/\" data-orig-file=\"https:\/\/i0.wp.com\/genevieveetbernardauxameriques.fr\/wp-content\/uploads\/2017\/04\/IMG_20170329_093040.jpg?fit=720%2C540&amp;ssl=1\" data-orig-size=\"720,540\" data-comments-opened=\"1\" data-image-meta=\"{&quot;aperture&quot;:&quot;0&quot;,&quot;credit&quot;:&quot;&quot;,&quot;camera&quot;:&quot;Lenovo YT3-X50F&quot;,&quot;caption&quot;:&quot;&quot;,&quot;created_timestamp&quot;:&quot;1490779840&quot;,&quot;copyright&quot;:&quot;&quot;,&quot;focal_length&quot;:&quot;3.85&quot;,&quot;iso&quot;:&quot;100&quot;,&quot;shutter_speed&quot;:&quot;0.0010905125408942&quot;,&quot;title&quot;:&quot;&quot;,&quot;orientation&quot;:&quot;0&quot;}\" data-image-title=\"IMG_20170329_093040\" data-image-description=\"\" data-image-caption=\"\" data-medium-file=\"https:\/\/i0.wp.com\/genevieveetbernardauxameriques.fr\/wp-content\/uploads\/2017\/04\/IMG_20170329_093040.jpg?fit=300%2C225&amp;ssl=1\" data-large-file=\"https:\/\/i0.wp.com\/genevieveetbernardauxameriques.fr\/wp-content\/uploads\/2017\/04\/IMG_20170329_093040.jpg?fit=640%2C480&amp;ssl=1\" class=\"wp-image-17762 aligncenter\" src=\"https:\/\/i0.wp.com\/genevieveetbernardauxameriques.fr\/wp-content\/uploads\/2017\/04\/IMG_20170329_093040.jpg?resize=477%2C358&#038;ssl=1\" alt=\"\" width=\"477\" height=\"358\" srcset=\"https:\/\/i0.wp.com\/genevieveetbernardauxameriques.fr\/wp-content\/uploads\/2017\/04\/IMG_20170329_093040.jpg?w=720&amp;ssl=1 720w, https:\/\/i0.wp.com\/genevieveetbernardauxameriques.fr\/wp-content\/uploads\/2017\/04\/IMG_20170329_093040.jpg?resize=300%2C225&amp;ssl=1 300w\" sizes=\"(max-width: 477px) 100vw, 477px\" data-recalc-dims=\"1\" \/><\/a><\/p>\n<p>Arriv\u00e9s sur la place, effectivement il y a un camping-car. Nous allons nous garer \u00e0 c\u00f4t\u00e9 et frapper \u00e0 la porte.<\/p>\n<p>&nbsp;<\/p>\n<p>C&rsquo;est une famille avec 2 petites filles qui viennent de Segr\u00e9. Ils ont voulu la veille au soir monter jusqu&rsquo;\u00e0 notre stationnement mais n&rsquo;ont pas pu monter la c\u00f4te. (Ici \u00e0 la Mairie avec Fernando)<\/p>\n<p><a href=\"https:\/\/i0.wp.com\/genevieveetbernardauxameriques.fr\/wp-content\/uploads\/2017\/04\/DSCN9771.jpg?ssl=1\"><img loading=\"lazy\" decoding=\"async\" data-attachment-id=\"17612\" data-permalink=\"https:\/\/genevieveetbernardauxameriques.fr\/index.php\/2017\/04\/06\/colombie-2eme-article-la-route-du-cafe\/dscn9771\/\" data-orig-file=\"https:\/\/i0.wp.com\/genevieveetbernardauxameriques.fr\/wp-content\/uploads\/2017\/04\/DSCN9771.jpg?fit=720%2C540&amp;ssl=1\" data-orig-size=\"720,540\" data-comments-opened=\"1\" data-image-meta=\"{&quot;aperture&quot;:&quot;2.8&quot;,&quot;credit&quot;:&quot;&quot;,&quot;camera&quot;:&quot;COOLPIX P900&quot;,&quot;caption&quot;:&quot;&quot;,&quot;created_timestamp&quot;:&quot;1490807325&quot;,&quot;copyright&quot;:&quot;&quot;,&quot;focal_length&quot;:&quot;4.3&quot;,&quot;iso&quot;:&quot;220&quot;,&quot;shutter_speed&quot;:&quot;0.033333333333333&quot;,&quot;title&quot;:&quot;&quot;,&quot;orientation&quot;:&quot;1&quot;}\" data-image-title=\"DSCN9771\" data-image-description=\"\" data-image-caption=\"\" data-medium-file=\"https:\/\/i0.wp.com\/genevieveetbernardauxameriques.fr\/wp-content\/uploads\/2017\/04\/DSCN9771.jpg?fit=300%2C225&amp;ssl=1\" data-large-file=\"https:\/\/i0.wp.com\/genevieveetbernardauxameriques.fr\/wp-content\/uploads\/2017\/04\/DSCN9771.jpg?fit=640%2C480&amp;ssl=1\" class=\"alignnone size-full wp-image-17612\" src=\"https:\/\/i0.wp.com\/genevieveetbernardauxameriques.fr\/wp-content\/uploads\/2017\/04\/DSCN9771.jpg?resize=640%2C480&#038;ssl=1\" alt=\"\" width=\"640\" height=\"480\" srcset=\"https:\/\/i0.wp.com\/genevieveetbernardauxameriques.fr\/wp-content\/uploads\/2017\/04\/DSCN9771.jpg?w=720&amp;ssl=1 720w, https:\/\/i0.wp.com\/genevieveetbernardauxameriques.fr\/wp-content\/uploads\/2017\/04\/DSCN9771.jpg?resize=300%2C225&amp;ssl=1 300w\" sizes=\"(max-width: 640px) 100vw, 640px\" data-recalc-dims=\"1\" \/><\/a><\/p>\n<p>On discute et Fernando vient nous voir et nous demande si l&rsquo;on veut visiter des \u00e9coles et la municipalit\u00e9. Il y en 6 pour 23000 habitants.<\/p>\n<p>Changement de programme, nous allons rester.<\/p>\n<p>C&rsquo;est accompagn\u00e9 de Fernando et du policier touristique que nous passerons la matin\u00e9e.<\/p>\n<p>1er \u00e9cole pendant la r\u00e9cr\u00e9ation<\/p>\n<p><a href=\"https:\/\/i0.wp.com\/genevieveetbernardauxameriques.fr\/wp-content\/uploads\/2017\/04\/DSCN9779.jpg?ssl=1\"><img loading=\"lazy\" decoding=\"async\" data-attachment-id=\"17616\" data-permalink=\"https:\/\/genevieveetbernardauxameriques.fr\/index.php\/2017\/04\/06\/colombie-2eme-article-la-route-du-cafe\/dscn9779\/\" data-orig-file=\"https:\/\/i0.wp.com\/genevieveetbernardauxameriques.fr\/wp-content\/uploads\/2017\/04\/DSCN9779.jpg?fit=720%2C540&amp;ssl=1\" data-orig-size=\"720,540\" data-comments-opened=\"1\" data-image-meta=\"{&quot;aperture&quot;:&quot;2.8&quot;,&quot;credit&quot;:&quot;&quot;,&quot;camera&quot;:&quot;COOLPIX P900&quot;,&quot;caption&quot;:&quot;&quot;,&quot;created_timestamp&quot;:&quot;1490809625&quot;,&quot;copyright&quot;:&quot;&quot;,&quot;focal_length&quot;:&quot;4.3&quot;,&quot;iso&quot;:&quot;100&quot;,&quot;shutter_speed&quot;:&quot;0.00125&quot;,&quot;title&quot;:&quot;&quot;,&quot;orientation&quot;:&quot;1&quot;}\" data-image-title=\"DSCN9779\" data-image-description=\"\" data-image-caption=\"\" data-medium-file=\"https:\/\/i0.wp.com\/genevieveetbernardauxameriques.fr\/wp-content\/uploads\/2017\/04\/DSCN9779.jpg?fit=300%2C225&amp;ssl=1\" data-large-file=\"https:\/\/i0.wp.com\/genevieveetbernardauxameriques.fr\/wp-content\/uploads\/2017\/04\/DSCN9779.jpg?fit=640%2C480&amp;ssl=1\" class=\"alignnone size-medium wp-image-17616\" src=\"https:\/\/i0.wp.com\/genevieveetbernardauxameriques.fr\/wp-content\/uploads\/2017\/04\/DSCN9779.jpg?resize=300%2C225&#038;ssl=1\" alt=\"\" width=\"300\" height=\"225\" srcset=\"https:\/\/i0.wp.com\/genevieveetbernardauxameriques.fr\/wp-content\/uploads\/2017\/04\/DSCN9779.jpg?resize=300%2C225&amp;ssl=1 300w, https:\/\/i0.wp.com\/genevieveetbernardauxameriques.fr\/wp-content\/uploads\/2017\/04\/DSCN9779.jpg?w=720&amp;ssl=1 720w\" sizes=\"(max-width: 300px) 100vw, 300px\" data-recalc-dims=\"1\" \/><\/a> <a href=\"https:\/\/i0.wp.com\/genevieveetbernardauxameriques.fr\/wp-content\/uploads\/2017\/04\/DSCN9781.jpg?ssl=1\"><img loading=\"lazy\" decoding=\"async\" data-attachment-id=\"17617\" data-permalink=\"https:\/\/genevieveetbernardauxameriques.fr\/index.php\/2017\/04\/06\/colombie-2eme-article-la-route-du-cafe\/dscn9781\/\" data-orig-file=\"https:\/\/i0.wp.com\/genevieveetbernardauxameriques.fr\/wp-content\/uploads\/2017\/04\/DSCN9781.jpg?fit=720%2C540&amp;ssl=1\" data-orig-size=\"720,540\" data-comments-opened=\"1\" data-image-meta=\"{&quot;aperture&quot;:&quot;2.8&quot;,&quot;credit&quot;:&quot;&quot;,&quot;camera&quot;:&quot;COOLPIX P900&quot;,&quot;caption&quot;:&quot;&quot;,&quot;created_timestamp&quot;:&quot;1490809736&quot;,&quot;copyright&quot;:&quot;&quot;,&quot;focal_length&quot;:&quot;4.3&quot;,&quot;iso&quot;:&quot;100&quot;,&quot;shutter_speed&quot;:&quot;0.0015625&quot;,&quot;title&quot;:&quot;&quot;,&quot;orientation&quot;:&quot;1&quot;}\" data-image-title=\"DSCN9781\" data-image-description=\"\" data-image-caption=\"\" data-medium-file=\"https:\/\/i0.wp.com\/genevieveetbernardauxameriques.fr\/wp-content\/uploads\/2017\/04\/DSCN9781.jpg?fit=300%2C225&amp;ssl=1\" data-large-file=\"https:\/\/i0.wp.com\/genevieveetbernardauxameriques.fr\/wp-content\/uploads\/2017\/04\/DSCN9781.jpg?fit=640%2C480&amp;ssl=1\" class=\"alignnone size-medium wp-image-17617\" src=\"https:\/\/i0.wp.com\/genevieveetbernardauxameriques.fr\/wp-content\/uploads\/2017\/04\/DSCN9781.jpg?resize=300%2C225&#038;ssl=1\" alt=\"\" width=\"300\" height=\"225\" srcset=\"https:\/\/i0.wp.com\/genevieveetbernardauxameriques.fr\/wp-content\/uploads\/2017\/04\/DSCN9781.jpg?resize=300%2C225&amp;ssl=1 300w, https:\/\/i0.wp.com\/genevieveetbernardauxameriques.fr\/wp-content\/uploads\/2017\/04\/DSCN9781.jpg?w=720&amp;ssl=1 720w\" sizes=\"(max-width: 300px) 100vw, 300px\" data-recalc-dims=\"1\" \/><\/a> <a href=\"https:\/\/i0.wp.com\/genevieveetbernardauxameriques.fr\/wp-content\/uploads\/2017\/04\/DSCN9782.jpg?ssl=1\"><img loading=\"lazy\" decoding=\"async\" data-attachment-id=\"17618\" data-permalink=\"https:\/\/genevieveetbernardauxameriques.fr\/index.php\/2017\/04\/06\/colombie-2eme-article-la-route-du-cafe\/dscn9782\/\" data-orig-file=\"https:\/\/i0.wp.com\/genevieveetbernardauxameriques.fr\/wp-content\/uploads\/2017\/04\/DSCN9782.jpg?fit=720%2C540&amp;ssl=1\" data-orig-size=\"720,540\" data-comments-opened=\"1\" data-image-meta=\"{&quot;aperture&quot;:&quot;2.8&quot;,&quot;credit&quot;:&quot;&quot;,&quot;camera&quot;:&quot;COOLPIX P900&quot;,&quot;caption&quot;:&quot;&quot;,&quot;created_timestamp&quot;:&quot;1490810045&quot;,&quot;copyright&quot;:&quot;&quot;,&quot;focal_length&quot;:&quot;4.3&quot;,&quot;iso&quot;:&quot;100&quot;,&quot;shutter_speed&quot;:&quot;0.004&quot;,&quot;title&quot;:&quot;&quot;,&quot;orientation&quot;:&quot;1&quot;}\" data-image-title=\"DSCN9782\" data-image-description=\"\" data-image-caption=\"\" data-medium-file=\"https:\/\/i0.wp.com\/genevieveetbernardauxameriques.fr\/wp-content\/uploads\/2017\/04\/DSCN9782.jpg?fit=300%2C225&amp;ssl=1\" data-large-file=\"https:\/\/i0.wp.com\/genevieveetbernardauxameriques.fr\/wp-content\/uploads\/2017\/04\/DSCN9782.jpg?fit=640%2C480&amp;ssl=1\" class=\"size-medium wp-image-17618 aligncenter\" src=\"https:\/\/i0.wp.com\/genevieveetbernardauxameriques.fr\/wp-content\/uploads\/2017\/04\/DSCN9782.jpg?resize=300%2C225&#038;ssl=1\" alt=\"\" width=\"300\" height=\"225\" srcset=\"https:\/\/i0.wp.com\/genevieveetbernardauxameriques.fr\/wp-content\/uploads\/2017\/04\/DSCN9782.jpg?resize=300%2C225&amp;ssl=1 300w, https:\/\/i0.wp.com\/genevieveetbernardauxameriques.fr\/wp-content\/uploads\/2017\/04\/DSCN9782.jpg?w=720&amp;ssl=1 720w\" sizes=\"(max-width: 300px) 100vw, 300px\" data-recalc-dims=\"1\" \/><\/a><\/p>\n<p>La 2\u00e8me il s&rsquo;agit d&rsquo;un coll\u00e8ge. Apr\u00e8s le coll\u00e8ge si les jeunes veulent continuer leurs \u00e9tudes, ils prennent des cours le soir apr\u00e8s leur travail.<\/p>\n<p>Dans l&rsquo;une comme dans l&rsquo;autre on nous pr\u00e9sente au personnel et les enfants nous posent des questions sur la France.<\/p>\n<p>Au coll\u00e8ge on nous offre un caf\u00e9 et l&rsquo;on nous explique le fonctionnement des \u00e9coles<\/p>\n<p><a href=\"https:\/\/i0.wp.com\/genevieveetbernardauxameriques.fr\/wp-content\/uploads\/2017\/04\/DSCN9787.jpg?ssl=1\"><img loading=\"lazy\" decoding=\"async\" data-attachment-id=\"17623\" data-permalink=\"https:\/\/genevieveetbernardauxameriques.fr\/index.php\/2017\/04\/06\/colombie-2eme-article-la-route-du-cafe\/dscn9787\/\" data-orig-file=\"https:\/\/i0.wp.com\/genevieveetbernardauxameriques.fr\/wp-content\/uploads\/2017\/04\/DSCN9787.jpg?fit=720%2C540&amp;ssl=1\" data-orig-size=\"720,540\" data-comments-opened=\"1\" data-image-meta=\"{&quot;aperture&quot;:&quot;2.8&quot;,&quot;credit&quot;:&quot;&quot;,&quot;camera&quot;:&quot;COOLPIX P900&quot;,&quot;caption&quot;:&quot;&quot;,&quot;created_timestamp&quot;:&quot;1490812275&quot;,&quot;copyright&quot;:&quot;&quot;,&quot;focal_length&quot;:&quot;4.3&quot;,&quot;iso&quot;:&quot;360&quot;,&quot;shutter_speed&quot;:&quot;0.033333333333333&quot;,&quot;title&quot;:&quot;&quot;,&quot;orientation&quot;:&quot;1&quot;}\" data-image-title=\"DSCN9787\" data-image-description=\"\" data-image-caption=\"\" data-medium-file=\"https:\/\/i0.wp.com\/genevieveetbernardauxameriques.fr\/wp-content\/uploads\/2017\/04\/DSCN9787.jpg?fit=300%2C225&amp;ssl=1\" data-large-file=\"https:\/\/i0.wp.com\/genevieveetbernardauxameriques.fr\/wp-content\/uploads\/2017\/04\/DSCN9787.jpg?fit=640%2C480&amp;ssl=1\" class=\"alignnone size-full wp-image-17623\" src=\"https:\/\/i0.wp.com\/genevieveetbernardauxameriques.fr\/wp-content\/uploads\/2017\/04\/DSCN9787.jpg?resize=640%2C480&#038;ssl=1\" alt=\"\" width=\"640\" height=\"480\" srcset=\"https:\/\/i0.wp.com\/genevieveetbernardauxameriques.fr\/wp-content\/uploads\/2017\/04\/DSCN9787.jpg?w=720&amp;ssl=1 720w, https:\/\/i0.wp.com\/genevieveetbernardauxameriques.fr\/wp-content\/uploads\/2017\/04\/DSCN9787.jpg?resize=300%2C225&amp;ssl=1 300w\" sizes=\"(max-width: 640px) 100vw, 640px\" data-recalc-dims=\"1\" \/><\/a><\/p>\n<p>puis visite de la classe, voil\u00e0 d\u00e8s qu&rsquo;on ouvre la porte, je n&rsquo;ai juste que le temps de faire une photo, c&rsquo;est la d\u00e9bandade :<\/p>\n<p><a href=\"https:\/\/i0.wp.com\/genevieveetbernardauxameriques.fr\/wp-content\/uploads\/2017\/04\/DSCN9788.jpg?ssl=1\"><img loading=\"lazy\" decoding=\"async\" data-attachment-id=\"17624\" data-permalink=\"https:\/\/genevieveetbernardauxameriques.fr\/index.php\/2017\/04\/06\/colombie-2eme-article-la-route-du-cafe\/dscn9788\/\" data-orig-file=\"https:\/\/i0.wp.com\/genevieveetbernardauxameriques.fr\/wp-content\/uploads\/2017\/04\/DSCN9788.jpg?fit=720%2C540&amp;ssl=1\" data-orig-size=\"720,540\" data-comments-opened=\"1\" data-image-meta=\"{&quot;aperture&quot;:&quot;2.8&quot;,&quot;credit&quot;:&quot;&quot;,&quot;camera&quot;:&quot;COOLPIX P900&quot;,&quot;caption&quot;:&quot;&quot;,&quot;created_timestamp&quot;:&quot;1490812608&quot;,&quot;copyright&quot;:&quot;&quot;,&quot;focal_length&quot;:&quot;4.3&quot;,&quot;iso&quot;:&quot;100&quot;,&quot;shutter_speed&quot;:&quot;0.0125&quot;,&quot;title&quot;:&quot;&quot;,&quot;orientation&quot;:&quot;1&quot;}\" data-image-title=\"DSCN9788\" data-image-description=\"\" data-image-caption=\"\" data-medium-file=\"https:\/\/i0.wp.com\/genevieveetbernardauxameriques.fr\/wp-content\/uploads\/2017\/04\/DSCN9788.jpg?fit=300%2C225&amp;ssl=1\" data-large-file=\"https:\/\/i0.wp.com\/genevieveetbernardauxameriques.fr\/wp-content\/uploads\/2017\/04\/DSCN9788.jpg?fit=640%2C480&amp;ssl=1\" class=\"alignnone size-full wp-image-17624\" src=\"https:\/\/i0.wp.com\/genevieveetbernardauxameriques.fr\/wp-content\/uploads\/2017\/04\/DSCN9788.jpg?resize=640%2C480&#038;ssl=1\" alt=\"\" width=\"640\" height=\"480\" srcset=\"https:\/\/i0.wp.com\/genevieveetbernardauxameriques.fr\/wp-content\/uploads\/2017\/04\/DSCN9788.jpg?w=720&amp;ssl=1 720w, https:\/\/i0.wp.com\/genevieveetbernardauxameriques.fr\/wp-content\/uploads\/2017\/04\/DSCN9788.jpg?resize=300%2C225&amp;ssl=1 300w\" sizes=\"(max-width: 640px) 100vw, 640px\" data-recalc-dims=\"1\" \/><\/a><\/p>\n<p>Vite on nous fait ressortir et ensuite, tout est bien en ordre, les tables comme les \u00e9l\u00e8ves<\/p>\n<p><a href=\"https:\/\/i0.wp.com\/genevieveetbernardauxameriques.fr\/wp-content\/uploads\/2017\/04\/DSCN9789.jpg?ssl=1\"><img loading=\"lazy\" decoding=\"async\" data-attachment-id=\"17625\" data-permalink=\"https:\/\/genevieveetbernardauxameriques.fr\/index.php\/2017\/04\/06\/colombie-2eme-article-la-route-du-cafe\/dscn9789\/\" data-orig-file=\"https:\/\/i0.wp.com\/genevieveetbernardauxameriques.fr\/wp-content\/uploads\/2017\/04\/DSCN9789.jpg?fit=720%2C540&amp;ssl=1\" data-orig-size=\"720,540\" data-comments-opened=\"1\" data-image-meta=\"{&quot;aperture&quot;:&quot;2.8&quot;,&quot;credit&quot;:&quot;&quot;,&quot;camera&quot;:&quot;COOLPIX P900&quot;,&quot;caption&quot;:&quot;&quot;,&quot;created_timestamp&quot;:&quot;1490812821&quot;,&quot;copyright&quot;:&quot;&quot;,&quot;focal_length&quot;:&quot;4.3&quot;,&quot;iso&quot;:&quot;100&quot;,&quot;shutter_speed&quot;:&quot;0.033333333333333&quot;,&quot;title&quot;:&quot;&quot;,&quot;orientation&quot;:&quot;1&quot;}\" data-image-title=\"DSCN9789\" data-image-description=\"\" data-image-caption=\"\" data-medium-file=\"https:\/\/i0.wp.com\/genevieveetbernardauxameriques.fr\/wp-content\/uploads\/2017\/04\/DSCN9789.jpg?fit=300%2C225&amp;ssl=1\" data-large-file=\"https:\/\/i0.wp.com\/genevieveetbernardauxameriques.fr\/wp-content\/uploads\/2017\/04\/DSCN9789.jpg?fit=640%2C480&amp;ssl=1\" class=\"alignnone size-full wp-image-17625\" src=\"https:\/\/i0.wp.com\/genevieveetbernardauxameriques.fr\/wp-content\/uploads\/2017\/04\/DSCN9789.jpg?resize=640%2C480&#038;ssl=1\" alt=\"\" width=\"640\" height=\"480\" srcset=\"https:\/\/i0.wp.com\/genevieveetbernardauxameriques.fr\/wp-content\/uploads\/2017\/04\/DSCN9789.jpg?w=720&amp;ssl=1 720w, https:\/\/i0.wp.com\/genevieveetbernardauxameriques.fr\/wp-content\/uploads\/2017\/04\/DSCN9789.jpg?resize=300%2C225&amp;ssl=1 300w\" sizes=\"(max-width: 640px) 100vw, 640px\" data-recalc-dims=\"1\" \/><\/a> <a href=\"https:\/\/i0.wp.com\/genevieveetbernardauxameriques.fr\/wp-content\/uploads\/2017\/04\/DSCN9791.jpg?ssl=1\"><img loading=\"lazy\" decoding=\"async\" data-attachment-id=\"17626\" data-permalink=\"https:\/\/genevieveetbernardauxameriques.fr\/index.php\/2017\/04\/06\/colombie-2eme-article-la-route-du-cafe\/dscn9791\/\" data-orig-file=\"https:\/\/i0.wp.com\/genevieveetbernardauxameriques.fr\/wp-content\/uploads\/2017\/04\/DSCN9791.jpg?fit=720%2C540&amp;ssl=1\" data-orig-size=\"720,540\" data-comments-opened=\"1\" data-image-meta=\"{&quot;aperture&quot;:&quot;3.5&quot;,&quot;credit&quot;:&quot;&quot;,&quot;camera&quot;:&quot;COOLPIX P900&quot;,&quot;caption&quot;:&quot;&quot;,&quot;created_timestamp&quot;:&quot;1490812873&quot;,&quot;copyright&quot;:&quot;&quot;,&quot;focal_length&quot;:&quot;13.4&quot;,&quot;iso&quot;:&quot;320&quot;,&quot;shutter_speed&quot;:&quot;0.016666666666667&quot;,&quot;title&quot;:&quot;&quot;,&quot;orientation&quot;:&quot;1&quot;}\" data-image-title=\"DSCN9791\" data-image-description=\"\" data-image-caption=\"\" data-medium-file=\"https:\/\/i0.wp.com\/genevieveetbernardauxameriques.fr\/wp-content\/uploads\/2017\/04\/DSCN9791.jpg?fit=300%2C225&amp;ssl=1\" data-large-file=\"https:\/\/i0.wp.com\/genevieveetbernardauxameriques.fr\/wp-content\/uploads\/2017\/04\/DSCN9791.jpg?fit=640%2C480&amp;ssl=1\" class=\"alignnone size-full wp-image-17626\" src=\"https:\/\/i0.wp.com\/genevieveetbernardauxameriques.fr\/wp-content\/uploads\/2017\/04\/DSCN9791.jpg?resize=640%2C480&#038;ssl=1\" alt=\"\" width=\"640\" height=\"480\" srcset=\"https:\/\/i0.wp.com\/genevieveetbernardauxameriques.fr\/wp-content\/uploads\/2017\/04\/DSCN9791.jpg?w=720&amp;ssl=1 720w, https:\/\/i0.wp.com\/genevieveetbernardauxameriques.fr\/wp-content\/uploads\/2017\/04\/DSCN9791.jpg?resize=300%2C225&amp;ssl=1 300w\" sizes=\"(max-width: 640px) 100vw, 640px\" data-recalc-dims=\"1\" \/><\/a> <a href=\"https:\/\/i0.wp.com\/genevieveetbernardauxameriques.fr\/wp-content\/uploads\/2017\/04\/DSCN9792.jpg?ssl=1\"><img loading=\"lazy\" decoding=\"async\" data-attachment-id=\"17627\" data-permalink=\"https:\/\/genevieveetbernardauxameriques.fr\/index.php\/2017\/04\/06\/colombie-2eme-article-la-route-du-cafe\/dscn9792\/\" data-orig-file=\"https:\/\/i0.wp.com\/genevieveetbernardauxameriques.fr\/wp-content\/uploads\/2017\/04\/DSCN9792.jpg?fit=720%2C540&amp;ssl=1\" data-orig-size=\"720,540\" data-comments-opened=\"1\" data-image-meta=\"{&quot;aperture&quot;:&quot;2.8&quot;,&quot;credit&quot;:&quot;&quot;,&quot;camera&quot;:&quot;COOLPIX P900&quot;,&quot;caption&quot;:&quot;&quot;,&quot;created_timestamp&quot;:&quot;1490813283&quot;,&quot;copyright&quot;:&quot;&quot;,&quot;focal_length&quot;:&quot;4.3&quot;,&quot;iso&quot;:&quot;160&quot;,&quot;shutter_speed&quot;:&quot;0.033333333333333&quot;,&quot;title&quot;:&quot;&quot;,&quot;orientation&quot;:&quot;1&quot;}\" data-image-title=\"DSCN9792\" data-image-description=\"\" data-image-caption=\"\" data-medium-file=\"https:\/\/i0.wp.com\/genevieveetbernardauxameriques.fr\/wp-content\/uploads\/2017\/04\/DSCN9792.jpg?fit=300%2C225&amp;ssl=1\" data-large-file=\"https:\/\/i0.wp.com\/genevieveetbernardauxameriques.fr\/wp-content\/uploads\/2017\/04\/DSCN9792.jpg?fit=640%2C480&amp;ssl=1\" class=\"alignnone size-full wp-image-17627\" src=\"https:\/\/i0.wp.com\/genevieveetbernardauxameriques.fr\/wp-content\/uploads\/2017\/04\/DSCN9792.jpg?resize=640%2C480&#038;ssl=1\" alt=\"\" width=\"640\" height=\"480\" srcset=\"https:\/\/i0.wp.com\/genevieveetbernardauxameriques.fr\/wp-content\/uploads\/2017\/04\/DSCN9792.jpg?w=720&amp;ssl=1 720w, https:\/\/i0.wp.com\/genevieveetbernardauxameriques.fr\/wp-content\/uploads\/2017\/04\/DSCN9792.jpg?resize=300%2C225&amp;ssl=1 300w\" sizes=\"(max-width: 640px) 100vw, 640px\" data-recalc-dims=\"1\" \/><\/a> <a href=\"https:\/\/i0.wp.com\/genevieveetbernardauxameriques.fr\/wp-content\/uploads\/2017\/04\/DSCN9793.jpg?ssl=1\"><img loading=\"lazy\" decoding=\"async\" data-attachment-id=\"17628\" data-permalink=\"https:\/\/genevieveetbernardauxameriques.fr\/index.php\/2017\/04\/06\/colombie-2eme-article-la-route-du-cafe\/dscn9793\/\" data-orig-file=\"https:\/\/i0.wp.com\/genevieveetbernardauxameriques.fr\/wp-content\/uploads\/2017\/04\/DSCN9793.jpg?fit=720%2C540&amp;ssl=1\" data-orig-size=\"720,540\" data-comments-opened=\"1\" data-image-meta=\"{&quot;aperture&quot;:&quot;2.8&quot;,&quot;credit&quot;:&quot;&quot;,&quot;camera&quot;:&quot;COOLPIX P900&quot;,&quot;caption&quot;:&quot;&quot;,&quot;created_timestamp&quot;:&quot;1490813312&quot;,&quot;copyright&quot;:&quot;&quot;,&quot;focal_length&quot;:&quot;4.3&quot;,&quot;iso&quot;:&quot;125&quot;,&quot;shutter_speed&quot;:&quot;0.033333333333333&quot;,&quot;title&quot;:&quot;&quot;,&quot;orientation&quot;:&quot;1&quot;}\" data-image-title=\"DSCN9793\" data-image-description=\"\" data-image-caption=\"\" data-medium-file=\"https:\/\/i0.wp.com\/genevieveetbernardauxameriques.fr\/wp-content\/uploads\/2017\/04\/DSCN9793.jpg?fit=300%2C225&amp;ssl=1\" data-large-file=\"https:\/\/i0.wp.com\/genevieveetbernardauxameriques.fr\/wp-content\/uploads\/2017\/04\/DSCN9793.jpg?fit=640%2C480&amp;ssl=1\" class=\"alignnone size-full wp-image-17628\" src=\"https:\/\/i0.wp.com\/genevieveetbernardauxameriques.fr\/wp-content\/uploads\/2017\/04\/DSCN9793.jpg?resize=640%2C480&#038;ssl=1\" alt=\"\" width=\"640\" height=\"480\" srcset=\"https:\/\/i0.wp.com\/genevieveetbernardauxameriques.fr\/wp-content\/uploads\/2017\/04\/DSCN9793.jpg?w=720&amp;ssl=1 720w, https:\/\/i0.wp.com\/genevieveetbernardauxameriques.fr\/wp-content\/uploads\/2017\/04\/DSCN9793.jpg?resize=300%2C225&amp;ssl=1 300w\" sizes=\"(max-width: 640px) 100vw, 640px\" data-recalc-dims=\"1\" \/><\/a><\/p>\n<p>Tous les enfants sont curieux.<\/p>\n<p>La cour de l&rsquo;\u00e9cole<\/p>\n<p><a href=\"https:\/\/i0.wp.com\/genevieveetbernardauxameriques.fr\/wp-content\/uploads\/2017\/04\/DSCN9786.jpg?ssl=1\"><img loading=\"lazy\" decoding=\"async\" data-attachment-id=\"17622\" data-permalink=\"https:\/\/genevieveetbernardauxameriques.fr\/index.php\/2017\/04\/06\/colombie-2eme-article-la-route-du-cafe\/dscn9786\/\" data-orig-file=\"https:\/\/i0.wp.com\/genevieveetbernardauxameriques.fr\/wp-content\/uploads\/2017\/04\/DSCN9786.jpg?fit=720%2C540&amp;ssl=1\" data-orig-size=\"720,540\" data-comments-opened=\"1\" data-image-meta=\"{&quot;aperture&quot;:&quot;3.2&quot;,&quot;credit&quot;:&quot;&quot;,&quot;camera&quot;:&quot;COOLPIX P900&quot;,&quot;caption&quot;:&quot;&quot;,&quot;created_timestamp&quot;:&quot;1490810572&quot;,&quot;copyright&quot;:&quot;&quot;,&quot;focal_length&quot;:&quot;4.3&quot;,&quot;iso&quot;:&quot;100&quot;,&quot;shutter_speed&quot;:&quot;0.000625&quot;,&quot;title&quot;:&quot;&quot;,&quot;orientation&quot;:&quot;1&quot;}\" data-image-title=\"DSCN9786\" data-image-description=\"\" data-image-caption=\"\" data-medium-file=\"https:\/\/i0.wp.com\/genevieveetbernardauxameriques.fr\/wp-content\/uploads\/2017\/04\/DSCN9786.jpg?fit=300%2C225&amp;ssl=1\" data-large-file=\"https:\/\/i0.wp.com\/genevieveetbernardauxameriques.fr\/wp-content\/uploads\/2017\/04\/DSCN9786.jpg?fit=640%2C480&amp;ssl=1\" class=\"alignnone size-full wp-image-17622\" src=\"https:\/\/i0.wp.com\/genevieveetbernardauxameriques.fr\/wp-content\/uploads\/2017\/04\/DSCN9786.jpg?resize=640%2C480&#038;ssl=1\" alt=\"\" width=\"640\" height=\"480\" srcset=\"https:\/\/i0.wp.com\/genevieveetbernardauxameriques.fr\/wp-content\/uploads\/2017\/04\/DSCN9786.jpg?w=720&amp;ssl=1 720w, https:\/\/i0.wp.com\/genevieveetbernardauxameriques.fr\/wp-content\/uploads\/2017\/04\/DSCN9786.jpg?resize=300%2C225&amp;ssl=1 300w\" sizes=\"(max-width: 640px) 100vw, 640px\" data-recalc-dims=\"1\" \/><\/a><\/p>\n<p>Les enfants commencent l&rsquo;\u00e9cole \u00e0 7 h 30, ils y prennent le petit d\u00e9jeuner et le d\u00e9jeuner. Les petits eux finissent \u00e0 17 h et y prennent leur repas du soir.<\/p>\n<p>Rendez-vous est pris \u00e0 17 h pour que les enfants se retrouvent tous sur la place pour jouer.<\/p>\n<p><a href=\"https:\/\/i0.wp.com\/genevieveetbernardauxameriques.fr\/wp-content\/uploads\/2017\/04\/DSCN9785.jpg?ssl=1\"><img loading=\"lazy\" decoding=\"async\" data-attachment-id=\"17621\" data-permalink=\"https:\/\/genevieveetbernardauxameriques.fr\/index.php\/2017\/04\/06\/colombie-2eme-article-la-route-du-cafe\/dscn9785\/\" data-orig-file=\"https:\/\/i0.wp.com\/genevieveetbernardauxameriques.fr\/wp-content\/uploads\/2017\/04\/DSCN9785.jpg?fit=720%2C540&amp;ssl=1\" data-orig-size=\"720,540\" data-comments-opened=\"1\" data-image-meta=\"{&quot;aperture&quot;:&quot;4.5&quot;,&quot;credit&quot;:&quot;&quot;,&quot;camera&quot;:&quot;COOLPIX P900&quot;,&quot;caption&quot;:&quot;&quot;,&quot;created_timestamp&quot;:&quot;1490810394&quot;,&quot;copyright&quot;:&quot;&quot;,&quot;focal_length&quot;:&quot;30.3&quot;,&quot;iso&quot;:&quot;100&quot;,&quot;shutter_speed&quot;:&quot;0.00125&quot;,&quot;title&quot;:&quot;&quot;,&quot;orientation&quot;:&quot;1&quot;}\" data-image-title=\"DSCN9785\" data-image-description=\"\" data-image-caption=\"\" data-medium-file=\"https:\/\/i0.wp.com\/genevieveetbernardauxameriques.fr\/wp-content\/uploads\/2017\/04\/DSCN9785.jpg?fit=300%2C225&amp;ssl=1\" data-large-file=\"https:\/\/i0.wp.com\/genevieveetbernardauxameriques.fr\/wp-content\/uploads\/2017\/04\/DSCN9785.jpg?fit=640%2C480&amp;ssl=1\" class=\"alignnone size-full wp-image-17621\" src=\"https:\/\/i0.wp.com\/genevieveetbernardauxameriques.fr\/wp-content\/uploads\/2017\/04\/DSCN9785.jpg?resize=640%2C480&#038;ssl=1\" alt=\"\" width=\"640\" height=\"480\" srcset=\"https:\/\/i0.wp.com\/genevieveetbernardauxameriques.fr\/wp-content\/uploads\/2017\/04\/DSCN9785.jpg?w=720&amp;ssl=1 720w, https:\/\/i0.wp.com\/genevieveetbernardauxameriques.fr\/wp-content\/uploads\/2017\/04\/DSCN9785.jpg?resize=300%2C225&amp;ssl=1 300w\" sizes=\"(max-width: 640px) 100vw, 640px\" data-recalc-dims=\"1\" \/><\/a> <a href=\"https:\/\/i0.wp.com\/genevieveetbernardauxameriques.fr\/wp-content\/uploads\/2017\/04\/DSCN9784.jpg?ssl=1\"><img loading=\"lazy\" decoding=\"async\" data-attachment-id=\"17620\" data-permalink=\"https:\/\/genevieveetbernardauxameriques.fr\/index.php\/2017\/04\/06\/colombie-2eme-article-la-route-du-cafe\/dscn9784\/\" data-orig-file=\"https:\/\/i0.wp.com\/genevieveetbernardauxameriques.fr\/wp-content\/uploads\/2017\/04\/DSCN9784.jpg?fit=720%2C540&amp;ssl=1\" data-orig-size=\"720,540\" data-comments-opened=\"1\" data-image-meta=\"{&quot;aperture&quot;:&quot;3.5&quot;,&quot;credit&quot;:&quot;&quot;,&quot;camera&quot;:&quot;COOLPIX P900&quot;,&quot;caption&quot;:&quot;&quot;,&quot;created_timestamp&quot;:&quot;1490810330&quot;,&quot;copyright&quot;:&quot;&quot;,&quot;focal_length&quot;:&quot;9.8&quot;,&quot;iso&quot;:&quot;100&quot;,&quot;shutter_speed&quot;:&quot;0.0025&quot;,&quot;title&quot;:&quot;&quot;,&quot;orientation&quot;:&quot;1&quot;}\" data-image-title=\"DSCN9784\" data-image-description=\"\" data-image-caption=\"\" data-medium-file=\"https:\/\/i0.wp.com\/genevieveetbernardauxameriques.fr\/wp-content\/uploads\/2017\/04\/DSCN9784.jpg?fit=300%2C225&amp;ssl=1\" data-large-file=\"https:\/\/i0.wp.com\/genevieveetbernardauxameriques.fr\/wp-content\/uploads\/2017\/04\/DSCN9784.jpg?fit=640%2C480&amp;ssl=1\" class=\"alignnone size-full wp-image-17620\" src=\"https:\/\/i0.wp.com\/genevieveetbernardauxameriques.fr\/wp-content\/uploads\/2017\/04\/DSCN9784.jpg?resize=640%2C480&#038;ssl=1\" alt=\"\" width=\"640\" height=\"480\" srcset=\"https:\/\/i0.wp.com\/genevieveetbernardauxameriques.fr\/wp-content\/uploads\/2017\/04\/DSCN9784.jpg?w=720&amp;ssl=1 720w, https:\/\/i0.wp.com\/genevieveetbernardauxameriques.fr\/wp-content\/uploads\/2017\/04\/DSCN9784.jpg?resize=300%2C225&amp;ssl=1 300w\" sizes=\"(max-width: 640px) 100vw, 640px\" data-recalc-dims=\"1\" \/><\/a> <a href=\"https:\/\/i0.wp.com\/genevieveetbernardauxameriques.fr\/wp-content\/uploads\/2017\/04\/DSCN9783.jpg?ssl=1\"><img loading=\"lazy\" decoding=\"async\" data-attachment-id=\"17619\" data-permalink=\"https:\/\/genevieveetbernardauxameriques.fr\/index.php\/2017\/04\/06\/colombie-2eme-article-la-route-du-cafe\/dscn9783\/\" data-orig-file=\"https:\/\/i0.wp.com\/genevieveetbernardauxameriques.fr\/wp-content\/uploads\/2017\/04\/DSCN9783.jpg?fit=720%2C540&amp;ssl=1\" data-orig-size=\"720,540\" data-comments-opened=\"1\" data-image-meta=\"{&quot;aperture&quot;:&quot;2.8&quot;,&quot;credit&quot;:&quot;&quot;,&quot;camera&quot;:&quot;COOLPIX P900&quot;,&quot;caption&quot;:&quot;&quot;,&quot;created_timestamp&quot;:&quot;1490810285&quot;,&quot;copyright&quot;:&quot;&quot;,&quot;focal_length&quot;:&quot;4.3&quot;,&quot;iso&quot;:&quot;100&quot;,&quot;shutter_speed&quot;:&quot;0.00125&quot;,&quot;title&quot;:&quot;&quot;,&quot;orientation&quot;:&quot;1&quot;}\" data-image-title=\"DSCN9783\" data-image-description=\"\" data-image-caption=\"\" data-medium-file=\"https:\/\/i0.wp.com\/genevieveetbernardauxameriques.fr\/wp-content\/uploads\/2017\/04\/DSCN9783.jpg?fit=300%2C225&amp;ssl=1\" data-large-file=\"https:\/\/i0.wp.com\/genevieveetbernardauxameriques.fr\/wp-content\/uploads\/2017\/04\/DSCN9783.jpg?fit=640%2C480&amp;ssl=1\" class=\"alignnone size-full wp-image-17619\" src=\"https:\/\/i0.wp.com\/genevieveetbernardauxameriques.fr\/wp-content\/uploads\/2017\/04\/DSCN9783.jpg?resize=640%2C480&#038;ssl=1\" alt=\"\" width=\"640\" height=\"480\" srcset=\"https:\/\/i0.wp.com\/genevieveetbernardauxameriques.fr\/wp-content\/uploads\/2017\/04\/DSCN9783.jpg?w=720&amp;ssl=1 720w, https:\/\/i0.wp.com\/genevieveetbernardauxameriques.fr\/wp-content\/uploads\/2017\/04\/DSCN9783.jpg?resize=300%2C225&amp;ssl=1 300w\" sizes=\"(max-width: 640px) 100vw, 640px\" data-recalc-dims=\"1\" \/><\/a><\/p>\n<p>Ensuite nous irons \u00e0 la Mairie, l\u00e0 encore on croirait que nous sommes des personnalit\u00e9s. On nous pr\u00e9sente dans chaque pi\u00e8ce en nous expliquant\u00a0 les responsabilit\u00e9s des personnes dans chaque bureau.<\/p>\n<p>La cour int\u00e9rieure de la Mairie, le b\u00e2timent est quelconque et m\u00eame un peu d\u00e9labr\u00e9, surtout \u00e0 l&rsquo;int\u00e9rieur, il aurait bien besoin d&rsquo;un coup de peinture<\/p>\n<p><a href=\"https:\/\/i0.wp.com\/genevieveetbernardauxameriques.fr\/wp-content\/uploads\/2017\/04\/DSCN9773.jpg?ssl=1\"><img loading=\"lazy\" decoding=\"async\" data-attachment-id=\"17613\" data-permalink=\"https:\/\/genevieveetbernardauxameriques.fr\/index.php\/2017\/04\/06\/colombie-2eme-article-la-route-du-cafe\/dscn9773\/\" data-orig-file=\"https:\/\/i0.wp.com\/genevieveetbernardauxameriques.fr\/wp-content\/uploads\/2017\/04\/DSCN9773.jpg?fit=720%2C540&amp;ssl=1\" data-orig-size=\"720,540\" data-comments-opened=\"1\" data-image-meta=\"{&quot;aperture&quot;:&quot;2.8&quot;,&quot;credit&quot;:&quot;&quot;,&quot;camera&quot;:&quot;COOLPIX P900&quot;,&quot;caption&quot;:&quot;&quot;,&quot;created_timestamp&quot;:&quot;1490807535&quot;,&quot;copyright&quot;:&quot;&quot;,&quot;focal_length&quot;:&quot;4.3&quot;,&quot;iso&quot;:&quot;100&quot;,&quot;shutter_speed&quot;:&quot;0.01&quot;,&quot;title&quot;:&quot;&quot;,&quot;orientation&quot;:&quot;1&quot;}\" data-image-title=\"DSCN9773\" data-image-description=\"\" data-image-caption=\"\" data-medium-file=\"https:\/\/i0.wp.com\/genevieveetbernardauxameriques.fr\/wp-content\/uploads\/2017\/04\/DSCN9773.jpg?fit=300%2C225&amp;ssl=1\" data-large-file=\"https:\/\/i0.wp.com\/genevieveetbernardauxameriques.fr\/wp-content\/uploads\/2017\/04\/DSCN9773.jpg?fit=640%2C480&amp;ssl=1\" class=\"alignnone size-full wp-image-17613\" src=\"https:\/\/i0.wp.com\/genevieveetbernardauxameriques.fr\/wp-content\/uploads\/2017\/04\/DSCN9773.jpg?resize=640%2C480&#038;ssl=1\" alt=\"\" width=\"640\" height=\"480\" srcset=\"https:\/\/i0.wp.com\/genevieveetbernardauxameriques.fr\/wp-content\/uploads\/2017\/04\/DSCN9773.jpg?w=720&amp;ssl=1 720w, https:\/\/i0.wp.com\/genevieveetbernardauxameriques.fr\/wp-content\/uploads\/2017\/04\/DSCN9773.jpg?resize=300%2C225&amp;ssl=1 300w\" sizes=\"(max-width: 640px) 100vw, 640px\" data-recalc-dims=\"1\" \/><\/a><\/p>\n<p>Visites des bureaux des affaires sociales, des travaux publics, des affaires scolaires, de la police, la salle des archives (tous les registres des conseils municipaux depuis 1870), le bureau de la Justice o\u00f9 les affaires sont jug\u00e9es imm\u00e9diatement (apr\u00e8s \u00eatre pass\u00e9es juste avant dans un bureau de conciliation).<\/p>\n<p>Nous finirons la visite par la salle du Conseil avec toutes les explications bien d\u00e9taill\u00e9es d&rsquo;une r\u00e9union.<\/p>\n<p><a href=\"https:\/\/i0.wp.com\/genevieveetbernardauxameriques.fr\/wp-content\/uploads\/2017\/04\/DSCN9774.jpg?ssl=1\"><img loading=\"lazy\" decoding=\"async\" data-attachment-id=\"17614\" data-permalink=\"https:\/\/genevieveetbernardauxameriques.fr\/index.php\/2017\/04\/06\/colombie-2eme-article-la-route-du-cafe\/dscn9774\/\" data-orig-file=\"https:\/\/i0.wp.com\/genevieveetbernardauxameriques.fr\/wp-content\/uploads\/2017\/04\/DSCN9774.jpg?fit=720%2C540&amp;ssl=1\" data-orig-size=\"720,540\" data-comments-opened=\"1\" data-image-meta=\"{&quot;aperture&quot;:&quot;2.8&quot;,&quot;credit&quot;:&quot;&quot;,&quot;camera&quot;:&quot;COOLPIX P900&quot;,&quot;caption&quot;:&quot;&quot;,&quot;created_timestamp&quot;:&quot;1490808275&quot;,&quot;copyright&quot;:&quot;&quot;,&quot;focal_length&quot;:&quot;4.3&quot;,&quot;iso&quot;:&quot;720&quot;,&quot;shutter_speed&quot;:&quot;0.125&quot;,&quot;title&quot;:&quot;&quot;,&quot;orientation&quot;:&quot;1&quot;}\" data-image-title=\"DSCN9774\" data-image-description=\"\" data-image-caption=\"\" data-medium-file=\"https:\/\/i0.wp.com\/genevieveetbernardauxameriques.fr\/wp-content\/uploads\/2017\/04\/DSCN9774.jpg?fit=300%2C225&amp;ssl=1\" data-large-file=\"https:\/\/i0.wp.com\/genevieveetbernardauxameriques.fr\/wp-content\/uploads\/2017\/04\/DSCN9774.jpg?fit=640%2C480&amp;ssl=1\" class=\"alignnone size-full wp-image-17614\" src=\"https:\/\/i0.wp.com\/genevieveetbernardauxameriques.fr\/wp-content\/uploads\/2017\/04\/DSCN9774.jpg?resize=640%2C480&#038;ssl=1\" alt=\"\" width=\"640\" height=\"480\" srcset=\"https:\/\/i0.wp.com\/genevieveetbernardauxameriques.fr\/wp-content\/uploads\/2017\/04\/DSCN9774.jpg?w=720&amp;ssl=1 720w, https:\/\/i0.wp.com\/genevieveetbernardauxameriques.fr\/wp-content\/uploads\/2017\/04\/DSCN9774.jpg?resize=300%2C225&amp;ssl=1 300w\" sizes=\"(max-width: 640px) 100vw, 640px\" data-recalc-dims=\"1\" \/><\/a><\/p>\n<p>C&rsquo;est Bernard le Pr\u00e9sident du Conseil, les 2 femmes les premiers adjointes et en bas le secr\u00e9tariat<a href=\"https:\/\/i0.wp.com\/genevieveetbernardauxameriques.fr\/wp-content\/uploads\/2017\/04\/DSCN9776.jpg?ssl=1\"><img loading=\"lazy\" decoding=\"async\" data-attachment-id=\"17615\" data-permalink=\"https:\/\/genevieveetbernardauxameriques.fr\/index.php\/2017\/04\/06\/colombie-2eme-article-la-route-du-cafe\/dscn9776\/\" data-orig-file=\"https:\/\/i0.wp.com\/genevieveetbernardauxameriques.fr\/wp-content\/uploads\/2017\/04\/DSCN9776.jpg?fit=720%2C540&amp;ssl=1\" data-orig-size=\"720,540\" data-comments-opened=\"1\" data-image-meta=\"{&quot;aperture&quot;:&quot;2.8&quot;,&quot;credit&quot;:&quot;&quot;,&quot;camera&quot;:&quot;COOLPIX P900&quot;,&quot;caption&quot;:&quot;&quot;,&quot;created_timestamp&quot;:&quot;1490808668&quot;,&quot;copyright&quot;:&quot;&quot;,&quot;focal_length&quot;:&quot;4.3&quot;,&quot;iso&quot;:&quot;800&quot;,&quot;shutter_speed&quot;:&quot;0.2&quot;,&quot;title&quot;:&quot;&quot;,&quot;orientation&quot;:&quot;1&quot;}\" data-image-title=\"DSCN9776\" data-image-description=\"\" data-image-caption=\"\" data-medium-file=\"https:\/\/i0.wp.com\/genevieveetbernardauxameriques.fr\/wp-content\/uploads\/2017\/04\/DSCN9776.jpg?fit=300%2C225&amp;ssl=1\" data-large-file=\"https:\/\/i0.wp.com\/genevieveetbernardauxameriques.fr\/wp-content\/uploads\/2017\/04\/DSCN9776.jpg?fit=640%2C480&amp;ssl=1\" class=\"alignnone size-full wp-image-17615\" src=\"https:\/\/i0.wp.com\/genevieveetbernardauxameriques.fr\/wp-content\/uploads\/2017\/04\/DSCN9776.jpg?resize=640%2C480&#038;ssl=1\" alt=\"\" width=\"640\" height=\"480\" srcset=\"https:\/\/i0.wp.com\/genevieveetbernardauxameriques.fr\/wp-content\/uploads\/2017\/04\/DSCN9776.jpg?w=720&amp;ssl=1 720w, https:\/\/i0.wp.com\/genevieveetbernardauxameriques.fr\/wp-content\/uploads\/2017\/04\/DSCN9776.jpg?resize=300%2C225&amp;ssl=1 300w\" sizes=\"(max-width: 640px) 100vw, 640px\" data-recalc-dims=\"1\" \/><\/a><\/p>\n<p>Repas pizzas et \u00e0 14 h on prend un taxi pour aller voir la vieille ville, surprise c&rsquo;est la r\u00e9plique d&rsquo;une municipalit\u00e9 de l&rsquo;\u00e9poque de la fondation de la ville.<\/p>\n<p><a href=\"https:\/\/i0.wp.com\/genevieveetbernardauxameriques.fr\/wp-content\/uploads\/2017\/04\/DSCN9795.jpg?ssl=1\"><img loading=\"lazy\" decoding=\"async\" data-attachment-id=\"17629\" data-permalink=\"https:\/\/genevieveetbernardauxameriques.fr\/index.php\/2017\/04\/06\/colombie-2eme-article-la-route-du-cafe\/dscn9795\/\" data-orig-file=\"https:\/\/i0.wp.com\/genevieveetbernardauxameriques.fr\/wp-content\/uploads\/2017\/04\/DSCN9795.jpg?fit=720%2C540&amp;ssl=1\" data-orig-size=\"720,540\" data-comments-opened=\"1\" data-image-meta=\"{&quot;aperture&quot;:&quot;3.2&quot;,&quot;credit&quot;:&quot;&quot;,&quot;camera&quot;:&quot;COOLPIX P900&quot;,&quot;caption&quot;:&quot;&quot;,&quot;created_timestamp&quot;:&quot;1490823926&quot;,&quot;copyright&quot;:&quot;&quot;,&quot;focal_length&quot;:&quot;5.4&quot;,&quot;iso&quot;:&quot;100&quot;,&quot;shutter_speed&quot;:&quot;0.001&quot;,&quot;title&quot;:&quot;&quot;,&quot;orientation&quot;:&quot;1&quot;}\" data-image-title=\"DSCN9795\" data-image-description=\"\" data-image-caption=\"\" data-medium-file=\"https:\/\/i0.wp.com\/genevieveetbernardauxameriques.fr\/wp-content\/uploads\/2017\/04\/DSCN9795.jpg?fit=300%2C225&amp;ssl=1\" data-large-file=\"https:\/\/i0.wp.com\/genevieveetbernardauxameriques.fr\/wp-content\/uploads\/2017\/04\/DSCN9795.jpg?fit=640%2C480&amp;ssl=1\" class=\"alignnone size-full wp-image-17629\" src=\"https:\/\/i0.wp.com\/genevieveetbernardauxameriques.fr\/wp-content\/uploads\/2017\/04\/DSCN9795.jpg?resize=640%2C480&#038;ssl=1\" alt=\"\" width=\"640\" height=\"480\" srcset=\"https:\/\/i0.wp.com\/genevieveetbernardauxameriques.fr\/wp-content\/uploads\/2017\/04\/DSCN9795.jpg?w=720&amp;ssl=1 720w, https:\/\/i0.wp.com\/genevieveetbernardauxameriques.fr\/wp-content\/uploads\/2017\/04\/DSCN9795.jpg?resize=300%2C225&amp;ssl=1 300w\" sizes=\"(max-width: 640px) 100vw, 640px\" data-recalc-dims=\"1\" \/><\/a> <a href=\"https:\/\/i0.wp.com\/genevieveetbernardauxameriques.fr\/wp-content\/uploads\/2017\/04\/DSCN9796.jpg?ssl=1\"><img loading=\"lazy\" decoding=\"async\" data-attachment-id=\"17630\" data-permalink=\"https:\/\/genevieveetbernardauxameriques.fr\/index.php\/2017\/04\/06\/colombie-2eme-article-la-route-du-cafe\/dscn9796\/\" data-orig-file=\"https:\/\/i0.wp.com\/genevieveetbernardauxameriques.fr\/wp-content\/uploads\/2017\/04\/DSCN9796.jpg?fit=720%2C540&amp;ssl=1\" data-orig-size=\"720,540\" data-comments-opened=\"1\" data-image-meta=\"{&quot;aperture&quot;:&quot;3.2&quot;,&quot;credit&quot;:&quot;&quot;,&quot;camera&quot;:&quot;COOLPIX P900&quot;,&quot;caption&quot;:&quot;&quot;,&quot;created_timestamp&quot;:&quot;1490823946&quot;,&quot;copyright&quot;:&quot;&quot;,&quot;focal_length&quot;:&quot;4.3&quot;,&quot;iso&quot;:&quot;100&quot;,&quot;shutter_speed&quot;:&quot;0.000625&quot;,&quot;title&quot;:&quot;&quot;,&quot;orientation&quot;:&quot;1&quot;}\" data-image-title=\"DSCN9796\" data-image-description=\"\" data-image-caption=\"\" data-medium-file=\"https:\/\/i0.wp.com\/genevieveetbernardauxameriques.fr\/wp-content\/uploads\/2017\/04\/DSCN9796.jpg?fit=300%2C225&amp;ssl=1\" data-large-file=\"https:\/\/i0.wp.com\/genevieveetbernardauxameriques.fr\/wp-content\/uploads\/2017\/04\/DSCN9796.jpg?fit=640%2C480&amp;ssl=1\" class=\"alignnone size-full wp-image-17630\" src=\"https:\/\/i0.wp.com\/genevieveetbernardauxameriques.fr\/wp-content\/uploads\/2017\/04\/DSCN9796.jpg?resize=640%2C480&#038;ssl=1\" alt=\"\" width=\"640\" height=\"480\" srcset=\"https:\/\/i0.wp.com\/genevieveetbernardauxameriques.fr\/wp-content\/uploads\/2017\/04\/DSCN9796.jpg?w=720&amp;ssl=1 720w, https:\/\/i0.wp.com\/genevieveetbernardauxameriques.fr\/wp-content\/uploads\/2017\/04\/DSCN9796.jpg?resize=300%2C225&amp;ssl=1 300w\" sizes=\"(max-width: 640px) 100vw, 640px\" data-recalc-dims=\"1\" \/><\/a> <a href=\"https:\/\/i0.wp.com\/genevieveetbernardauxameriques.fr\/wp-content\/uploads\/2017\/04\/DSCN9797.jpg?ssl=1\"><img loading=\"lazy\" decoding=\"async\" data-attachment-id=\"17631\" data-permalink=\"https:\/\/genevieveetbernardauxameriques.fr\/index.php\/2017\/04\/06\/colombie-2eme-article-la-route-du-cafe\/dscn9797\/\" data-orig-file=\"https:\/\/i0.wp.com\/genevieveetbernardauxameriques.fr\/wp-content\/uploads\/2017\/04\/DSCN9797.jpg?fit=720%2C540&amp;ssl=1\" data-orig-size=\"720,540\" data-comments-opened=\"1\" data-image-meta=\"{&quot;aperture&quot;:&quot;2.8&quot;,&quot;credit&quot;:&quot;&quot;,&quot;camera&quot;:&quot;COOLPIX P900&quot;,&quot;caption&quot;:&quot;&quot;,&quot;created_timestamp&quot;:&quot;1490824039&quot;,&quot;copyright&quot;:&quot;&quot;,&quot;focal_length&quot;:&quot;4.3&quot;,&quot;iso&quot;:&quot;100&quot;,&quot;shutter_speed&quot;:&quot;0.016666666666667&quot;,&quot;title&quot;:&quot;&quot;,&quot;orientation&quot;:&quot;1&quot;}\" data-image-title=\"DSCN9797\" data-image-description=\"\" data-image-caption=\"\" data-medium-file=\"https:\/\/i0.wp.com\/genevieveetbernardauxameriques.fr\/wp-content\/uploads\/2017\/04\/DSCN9797.jpg?fit=300%2C225&amp;ssl=1\" data-large-file=\"https:\/\/i0.wp.com\/genevieveetbernardauxameriques.fr\/wp-content\/uploads\/2017\/04\/DSCN9797.jpg?fit=640%2C480&amp;ssl=1\" class=\"alignnone size-full wp-image-17631\" src=\"https:\/\/i0.wp.com\/genevieveetbernardauxameriques.fr\/wp-content\/uploads\/2017\/04\/DSCN9797.jpg?resize=640%2C480&#038;ssl=1\" alt=\"\" width=\"640\" height=\"480\" srcset=\"https:\/\/i0.wp.com\/genevieveetbernardauxameriques.fr\/wp-content\/uploads\/2017\/04\/DSCN9797.jpg?w=720&amp;ssl=1 720w, https:\/\/i0.wp.com\/genevieveetbernardauxameriques.fr\/wp-content\/uploads\/2017\/04\/DSCN9797.jpg?resize=300%2C225&amp;ssl=1 300w\" sizes=\"(max-width: 640px) 100vw, 640px\" data-recalc-dims=\"1\" \/><\/a> <a href=\"https:\/\/i0.wp.com\/genevieveetbernardauxameriques.fr\/wp-content\/uploads\/2017\/04\/DSCN9800.jpg?ssl=1\"><img loading=\"lazy\" decoding=\"async\" data-attachment-id=\"17633\" data-permalink=\"https:\/\/genevieveetbernardauxameriques.fr\/index.php\/2017\/04\/06\/colombie-2eme-article-la-route-du-cafe\/dscn9800\/\" data-orig-file=\"https:\/\/i0.wp.com\/genevieveetbernardauxameriques.fr\/wp-content\/uploads\/2017\/04\/DSCN9800.jpg?fit=720%2C540&amp;ssl=1\" data-orig-size=\"720,540\" data-comments-opened=\"1\" data-image-meta=\"{&quot;aperture&quot;:&quot;2.8&quot;,&quot;credit&quot;:&quot;&quot;,&quot;camera&quot;:&quot;COOLPIX P900&quot;,&quot;caption&quot;:&quot;&quot;,&quot;created_timestamp&quot;:&quot;1490824205&quot;,&quot;copyright&quot;:&quot;&quot;,&quot;focal_length&quot;:&quot;5&quot;,&quot;iso&quot;:&quot;160&quot;,&quot;shutter_speed&quot;:&quot;0.033333333333333&quot;,&quot;title&quot;:&quot;&quot;,&quot;orientation&quot;:&quot;1&quot;}\" data-image-title=\"DSCN9800\" data-image-description=\"\" data-image-caption=\"\" data-medium-file=\"https:\/\/i0.wp.com\/genevieveetbernardauxameriques.fr\/wp-content\/uploads\/2017\/04\/DSCN9800.jpg?fit=300%2C225&amp;ssl=1\" data-large-file=\"https:\/\/i0.wp.com\/genevieveetbernardauxameriques.fr\/wp-content\/uploads\/2017\/04\/DSCN9800.jpg?fit=640%2C480&amp;ssl=1\" class=\"alignnone size-full wp-image-17633\" src=\"https:\/\/i0.wp.com\/genevieveetbernardauxameriques.fr\/wp-content\/uploads\/2017\/04\/DSCN9800.jpg?resize=640%2C480&#038;ssl=1\" alt=\"\" width=\"640\" height=\"480\" srcset=\"https:\/\/i0.wp.com\/genevieveetbernardauxameriques.fr\/wp-content\/uploads\/2017\/04\/DSCN9800.jpg?w=720&amp;ssl=1 720w, https:\/\/i0.wp.com\/genevieveetbernardauxameriques.fr\/wp-content\/uploads\/2017\/04\/DSCN9800.jpg?resize=300%2C225&amp;ssl=1 300w\" sizes=\"(max-width: 640px) 100vw, 640px\" data-recalc-dims=\"1\" \/><\/a> <a href=\"https:\/\/i0.wp.com\/genevieveetbernardauxameriques.fr\/wp-content\/uploads\/2017\/04\/DSCN9801.jpg?ssl=1\"><img loading=\"lazy\" decoding=\"async\" data-attachment-id=\"17634\" data-permalink=\"https:\/\/genevieveetbernardauxameriques.fr\/index.php\/2017\/04\/06\/colombie-2eme-article-la-route-du-cafe\/dscn9801\/\" data-orig-file=\"https:\/\/i0.wp.com\/genevieveetbernardauxameriques.fr\/wp-content\/uploads\/2017\/04\/DSCN9801.jpg?fit=720%2C540&amp;ssl=1\" data-orig-size=\"720,540\" data-comments-opened=\"1\" data-image-meta=\"{&quot;aperture&quot;:&quot;2.8&quot;,&quot;credit&quot;:&quot;&quot;,&quot;camera&quot;:&quot;COOLPIX P900&quot;,&quot;caption&quot;:&quot;&quot;,&quot;created_timestamp&quot;:&quot;1490824373&quot;,&quot;copyright&quot;:&quot;&quot;,&quot;focal_length&quot;:&quot;5&quot;,&quot;iso&quot;:&quot;400&quot;,&quot;shutter_speed&quot;:&quot;0.05&quot;,&quot;title&quot;:&quot;&quot;,&quot;orientation&quot;:&quot;1&quot;}\" data-image-title=\"DSCN9801\" data-image-description=\"\" data-image-caption=\"\" data-medium-file=\"https:\/\/i0.wp.com\/genevieveetbernardauxameriques.fr\/wp-content\/uploads\/2017\/04\/DSCN9801.jpg?fit=300%2C225&amp;ssl=1\" data-large-file=\"https:\/\/i0.wp.com\/genevieveetbernardauxameriques.fr\/wp-content\/uploads\/2017\/04\/DSCN9801.jpg?fit=640%2C480&amp;ssl=1\" class=\"alignnone size-full wp-image-17634\" src=\"https:\/\/i0.wp.com\/genevieveetbernardauxameriques.fr\/wp-content\/uploads\/2017\/04\/DSCN9801.jpg?resize=640%2C480&#038;ssl=1\" alt=\"\" width=\"640\" height=\"480\" srcset=\"https:\/\/i0.wp.com\/genevieveetbernardauxameriques.fr\/wp-content\/uploads\/2017\/04\/DSCN9801.jpg?w=720&amp;ssl=1 720w, https:\/\/i0.wp.com\/genevieveetbernardauxameriques.fr\/wp-content\/uploads\/2017\/04\/DSCN9801.jpg?resize=300%2C225&amp;ssl=1 300w\" sizes=\"(max-width: 640px) 100vw, 640px\" data-recalc-dims=\"1\" \/><\/a><a href=\"https:\/\/i0.wp.com\/genevieveetbernardauxameriques.fr\/wp-content\/uploads\/2017\/04\/DSCN9768.jpg?ssl=1\"><img loading=\"lazy\" decoding=\"async\" data-attachment-id=\"17610\" data-permalink=\"https:\/\/genevieveetbernardauxameriques.fr\/index.php\/2017\/04\/06\/colombie-2eme-article-la-route-du-cafe\/dscn9768\/\" data-orig-file=\"https:\/\/i0.wp.com\/genevieveetbernardauxameriques.fr\/wp-content\/uploads\/2017\/04\/DSCN9768.jpg?fit=720%2C540&amp;ssl=1\" data-orig-size=\"720,540\" data-comments-opened=\"1\" data-image-meta=\"{&quot;aperture&quot;:&quot;3.5&quot;,&quot;credit&quot;:&quot;&quot;,&quot;camera&quot;:&quot;COOLPIX P900&quot;,&quot;caption&quot;:&quot;&quot;,&quot;created_timestamp&quot;:&quot;1490805414&quot;,&quot;copyright&quot;:&quot;&quot;,&quot;focal_length&quot;:&quot;13.4&quot;,&quot;iso&quot;:&quot;100&quot;,&quot;shutter_speed&quot;:&quot;0.001&quot;,&quot;title&quot;:&quot;&quot;,&quot;orientation&quot;:&quot;1&quot;}\" data-image-title=\"DSCN9768\" data-image-description=\"\" data-image-caption=\"\" data-medium-file=\"https:\/\/i0.wp.com\/genevieveetbernardauxameriques.fr\/wp-content\/uploads\/2017\/04\/DSCN9768.jpg?fit=300%2C225&amp;ssl=1\" data-large-file=\"https:\/\/i0.wp.com\/genevieveetbernardauxameriques.fr\/wp-content\/uploads\/2017\/04\/DSCN9768.jpg?fit=640%2C480&amp;ssl=1\" class=\"alignnone size-full wp-image-17610\" src=\"https:\/\/i0.wp.com\/genevieveetbernardauxameriques.fr\/wp-content\/uploads\/2017\/04\/DSCN9768.jpg?resize=640%2C480&#038;ssl=1\" alt=\"\" width=\"640\" height=\"480\" srcset=\"https:\/\/i0.wp.com\/genevieveetbernardauxameriques.fr\/wp-content\/uploads\/2017\/04\/DSCN9768.jpg?w=720&amp;ssl=1 720w, https:\/\/i0.wp.com\/genevieveetbernardauxameriques.fr\/wp-content\/uploads\/2017\/04\/DSCN9768.jpg?resize=300%2C225&amp;ssl=1 300w\" sizes=\"(max-width: 640px) 100vw, 640px\" data-recalc-dims=\"1\" \/><\/a><\/p>\n<p>La vue d&rsquo;en haut, nous avons dormi sur le haut de la montagne au fond<\/p>\n<p><a href=\"https:\/\/i0.wp.com\/genevieveetbernardauxameriques.fr\/wp-content\/uploads\/2017\/04\/DSCN9799.jpg?ssl=1\"><img loading=\"lazy\" decoding=\"async\" data-attachment-id=\"17632\" data-permalink=\"https:\/\/genevieveetbernardauxameriques.fr\/index.php\/2017\/04\/06\/colombie-2eme-article-la-route-du-cafe\/dscn9799\/\" data-orig-file=\"https:\/\/i0.wp.com\/genevieveetbernardauxameriques.fr\/wp-content\/uploads\/2017\/04\/DSCN9799.jpg?fit=720%2C540&amp;ssl=1\" data-orig-size=\"720,540\" data-comments-opened=\"1\" data-image-meta=\"{&quot;aperture&quot;:&quot;4&quot;,&quot;credit&quot;:&quot;&quot;,&quot;camera&quot;:&quot;COOLPIX P900&quot;,&quot;caption&quot;:&quot;&quot;,&quot;created_timestamp&quot;:&quot;1490824121&quot;,&quot;copyright&quot;:&quot;&quot;,&quot;focal_length&quot;:&quot;22.3&quot;,&quot;iso&quot;:&quot;100&quot;,&quot;shutter_speed&quot;:&quot;0.0015625&quot;,&quot;title&quot;:&quot;&quot;,&quot;orientation&quot;:&quot;1&quot;}\" data-image-title=\"DSCN9799\" data-image-description=\"\" data-image-caption=\"\" data-medium-file=\"https:\/\/i0.wp.com\/genevieveetbernardauxameriques.fr\/wp-content\/uploads\/2017\/04\/DSCN9799.jpg?fit=300%2C225&amp;ssl=1\" data-large-file=\"https:\/\/i0.wp.com\/genevieveetbernardauxameriques.fr\/wp-content\/uploads\/2017\/04\/DSCN9799.jpg?fit=640%2C480&amp;ssl=1\" class=\"alignnone size-full wp-image-17632\" src=\"https:\/\/i0.wp.com\/genevieveetbernardauxameriques.fr\/wp-content\/uploads\/2017\/04\/DSCN9799.jpg?resize=640%2C480&#038;ssl=1\" alt=\"\" width=\"640\" height=\"480\" srcset=\"https:\/\/i0.wp.com\/genevieveetbernardauxameriques.fr\/wp-content\/uploads\/2017\/04\/DSCN9799.jpg?w=720&amp;ssl=1 720w, https:\/\/i0.wp.com\/genevieveetbernardauxameriques.fr\/wp-content\/uploads\/2017\/04\/DSCN9799.jpg?resize=300%2C225&amp;ssl=1 300w\" sizes=\"(max-width: 640px) 100vw, 640px\" data-recalc-dims=\"1\" \/><\/a> <a href=\"https:\/\/i0.wp.com\/genevieveetbernardauxameriques.fr\/wp-content\/uploads\/2017\/04\/DSCN9804.jpg?ssl=1\"><img loading=\"lazy\" decoding=\"async\" data-attachment-id=\"17635\" data-permalink=\"https:\/\/genevieveetbernardauxameriques.fr\/index.php\/2017\/04\/06\/colombie-2eme-article-la-route-du-cafe\/dscn9804\/\" data-orig-file=\"https:\/\/i0.wp.com\/genevieveetbernardauxameriques.fr\/wp-content\/uploads\/2017\/04\/DSCN9804.jpg?fit=720%2C540&amp;ssl=1\" data-orig-size=\"720,540\" data-comments-opened=\"1\" data-image-meta=\"{&quot;aperture&quot;:&quot;3.5&quot;,&quot;credit&quot;:&quot;&quot;,&quot;camera&quot;:&quot;COOLPIX P900&quot;,&quot;caption&quot;:&quot;&quot;,&quot;created_timestamp&quot;:&quot;1490825520&quot;,&quot;copyright&quot;:&quot;&quot;,&quot;focal_length&quot;:&quot;10.7&quot;,&quot;iso&quot;:&quot;100&quot;,&quot;shutter_speed&quot;:&quot;0.0008&quot;,&quot;title&quot;:&quot;&quot;,&quot;orientation&quot;:&quot;1&quot;}\" data-image-title=\"DSCN9804\" data-image-description=\"\" data-image-caption=\"\" data-medium-file=\"https:\/\/i0.wp.com\/genevieveetbernardauxameriques.fr\/wp-content\/uploads\/2017\/04\/DSCN9804.jpg?fit=300%2C225&amp;ssl=1\" data-large-file=\"https:\/\/i0.wp.com\/genevieveetbernardauxameriques.fr\/wp-content\/uploads\/2017\/04\/DSCN9804.jpg?fit=640%2C480&amp;ssl=1\" class=\"alignnone size-full wp-image-17635\" src=\"https:\/\/i0.wp.com\/genevieveetbernardauxameriques.fr\/wp-content\/uploads\/2017\/04\/DSCN9804.jpg?resize=640%2C480&#038;ssl=1\" alt=\"\" width=\"640\" height=\"480\" srcset=\"https:\/\/i0.wp.com\/genevieveetbernardauxameriques.fr\/wp-content\/uploads\/2017\/04\/DSCN9804.jpg?w=720&amp;ssl=1 720w, https:\/\/i0.wp.com\/genevieveetbernardauxameriques.fr\/wp-content\/uploads\/2017\/04\/DSCN9804.jpg?resize=300%2C225&amp;ssl=1 300w\" sizes=\"(max-width: 640px) 100vw, 640px\" data-recalc-dims=\"1\" \/><\/a><\/p>\n<p>On redescend \u00e0 pied et Greg et Charlotte seront interview\u00e9s d&rsquo;abord par la t\u00e9l\u00e9 locale et ensuite par un journal qui comme par hasard vont \u00eatre l\u00e0 juste au moment o\u00f9 nous\u00a0 arrivons sur la place.<\/p>\n<p>Ils n&rsquo;auront pas le temps d&rsquo;aller au mus\u00e9e du chapeau, nous\u00a0 irons juste voir une fabrique de sombreros avant de nous retrouver tous sur la place avec plein d&rsquo;enfants qui viennent jouer au v\u00e9lo avec L\u00e9a et Juliette.<\/p>\n<p>\u00c0 la tomb\u00e9e de la nuit il se met \u00e0 pleuvoir, tout le monde va rentrer.<\/p>\n<p><span style=\"color: #000000;\"><b>JEUDI<\/b><\/span><\/p>\n<p>Il y a eu de l&rsquo;orage et il plu toute la nuit.<\/p>\n<p>Nous d\u00e9cidons apr\u00e8s la visite du mus\u00e9e de partir tous ensemble car on ne connait pas vraiment l&rsquo;\u00e9tat de la route jusqu&rsquo;\u00e0 <strong>La Pintada.<\/strong><\/p>\n<p>Eglise de MANTA sur la route<\/p>\n<p><a href=\"https:\/\/i0.wp.com\/genevieveetbernardauxameriques.fr\/wp-content\/uploads\/2017\/04\/DSCN9810.jpg?ssl=1\"><img loading=\"lazy\" decoding=\"async\" data-attachment-id=\"17638\" data-permalink=\"https:\/\/genevieveetbernardauxameriques.fr\/index.php\/2017\/04\/06\/colombie-2eme-article-la-route-du-cafe\/dscn9810\/\" data-orig-file=\"https:\/\/i0.wp.com\/genevieveetbernardauxameriques.fr\/wp-content\/uploads\/2017\/04\/DSCN9810.jpg?fit=720%2C540&amp;ssl=1\" data-orig-size=\"720,540\" data-comments-opened=\"1\" data-image-meta=\"{&quot;aperture&quot;:&quot;2.8&quot;,&quot;credit&quot;:&quot;&quot;,&quot;camera&quot;:&quot;COOLPIX P900&quot;,&quot;caption&quot;:&quot;&quot;,&quot;created_timestamp&quot;:&quot;1490897858&quot;,&quot;copyright&quot;:&quot;&quot;,&quot;focal_length&quot;:&quot;4.3&quot;,&quot;iso&quot;:&quot;100&quot;,&quot;shutter_speed&quot;:&quot;0.0005&quot;,&quot;title&quot;:&quot;&quot;,&quot;orientation&quot;:&quot;1&quot;}\" data-image-title=\"DSCN9810\" data-image-description=\"\" data-image-caption=\"\" data-medium-file=\"https:\/\/i0.wp.com\/genevieveetbernardauxameriques.fr\/wp-content\/uploads\/2017\/04\/DSCN9810.jpg?fit=300%2C225&amp;ssl=1\" data-large-file=\"https:\/\/i0.wp.com\/genevieveetbernardauxameriques.fr\/wp-content\/uploads\/2017\/04\/DSCN9810.jpg?fit=640%2C480&amp;ssl=1\" class=\"alignnone size-full wp-image-17638\" src=\"https:\/\/i0.wp.com\/genevieveetbernardauxameriques.fr\/wp-content\/uploads\/2017\/04\/DSCN9810.jpg?resize=640%2C480&#038;ssl=1\" alt=\"\" width=\"640\" height=\"480\" srcset=\"https:\/\/i0.wp.com\/genevieveetbernardauxameriques.fr\/wp-content\/uploads\/2017\/04\/DSCN9810.jpg?w=720&amp;ssl=1 720w, https:\/\/i0.wp.com\/genevieveetbernardauxameriques.fr\/wp-content\/uploads\/2017\/04\/DSCN9810.jpg?resize=300%2C225&amp;ssl=1 300w\" sizes=\"(max-width: 640px) 100vw, 640px\" data-recalc-dims=\"1\" \/><\/a> <a href=\"https:\/\/i0.wp.com\/genevieveetbernardauxameriques.fr\/wp-content\/uploads\/2017\/04\/DSCN9812.jpg?ssl=1\"><img loading=\"lazy\" decoding=\"async\" data-attachment-id=\"17640\" data-permalink=\"https:\/\/genevieveetbernardauxameriques.fr\/index.php\/2017\/04\/06\/colombie-2eme-article-la-route-du-cafe\/dscn9812\/\" data-orig-file=\"https:\/\/i0.wp.com\/genevieveetbernardauxameriques.fr\/wp-content\/uploads\/2017\/04\/DSCN9812.jpg?fit=720%2C540&amp;ssl=1\" data-orig-size=\"720,540\" data-comments-opened=\"1\" data-image-meta=\"{&quot;aperture&quot;:&quot;3.2&quot;,&quot;credit&quot;:&quot;&quot;,&quot;camera&quot;:&quot;COOLPIX P900&quot;,&quot;caption&quot;:&quot;&quot;,&quot;created_timestamp&quot;:&quot;1490897885&quot;,&quot;copyright&quot;:&quot;&quot;,&quot;focal_length&quot;:&quot;7.1&quot;,&quot;iso&quot;:&quot;400&quot;,&quot;shutter_speed&quot;:&quot;0.033333333333333&quot;,&quot;title&quot;:&quot;&quot;,&quot;orientation&quot;:&quot;1&quot;}\" data-image-title=\"DSCN9812\" data-image-description=\"\" data-image-caption=\"\" data-medium-file=\"https:\/\/i0.wp.com\/genevieveetbernardauxameriques.fr\/wp-content\/uploads\/2017\/04\/DSCN9812.jpg?fit=300%2C225&amp;ssl=1\" data-large-file=\"https:\/\/i0.wp.com\/genevieveetbernardauxameriques.fr\/wp-content\/uploads\/2017\/04\/DSCN9812.jpg?fit=640%2C480&amp;ssl=1\" class=\"alignnone size-full wp-image-17640\" src=\"https:\/\/i0.wp.com\/genevieveetbernardauxameriques.fr\/wp-content\/uploads\/2017\/04\/DSCN9812.jpg?resize=640%2C480&#038;ssl=1\" alt=\"\" width=\"640\" height=\"480\" srcset=\"https:\/\/i0.wp.com\/genevieveetbernardauxameriques.fr\/wp-content\/uploads\/2017\/04\/DSCN9812.jpg?w=720&amp;ssl=1 720w, https:\/\/i0.wp.com\/genevieveetbernardauxameriques.fr\/wp-content\/uploads\/2017\/04\/DSCN9812.jpg?resize=300%2C225&amp;ssl=1 300w\" sizes=\"(max-width: 640px) 100vw, 640px\" data-recalc-dims=\"1\" \/><\/a> <a href=\"https:\/\/i0.wp.com\/genevieveetbernardauxameriques.fr\/wp-content\/uploads\/2017\/04\/DSCN9811.jpg?ssl=1\"><img loading=\"lazy\" decoding=\"async\" data-attachment-id=\"17639\" data-permalink=\"https:\/\/genevieveetbernardauxameriques.fr\/index.php\/2017\/04\/06\/colombie-2eme-article-la-route-du-cafe\/dscn9811\/\" data-orig-file=\"https:\/\/i0.wp.com\/genevieveetbernardauxameriques.fr\/wp-content\/uploads\/2017\/04\/DSCN9811.jpg?fit=720%2C540&amp;ssl=1\" data-orig-size=\"720,540\" data-comments-opened=\"1\" data-image-meta=\"{&quot;aperture&quot;:&quot;3.2&quot;,&quot;credit&quot;:&quot;&quot;,&quot;camera&quot;:&quot;COOLPIX P900&quot;,&quot;caption&quot;:&quot;&quot;,&quot;created_timestamp&quot;:&quot;1490897867&quot;,&quot;copyright&quot;:&quot;&quot;,&quot;focal_length&quot;:&quot;7.1&quot;,&quot;iso&quot;:&quot;100&quot;,&quot;shutter_speed&quot;:&quot;0.000625&quot;,&quot;title&quot;:&quot;&quot;,&quot;orientation&quot;:&quot;1&quot;}\" data-image-title=\"DSCN9811\" data-image-description=\"\" data-image-caption=\"\" data-medium-file=\"https:\/\/i0.wp.com\/genevieveetbernardauxameriques.fr\/wp-content\/uploads\/2017\/04\/DSCN9811.jpg?fit=300%2C225&amp;ssl=1\" data-large-file=\"https:\/\/i0.wp.com\/genevieveetbernardauxameriques.fr\/wp-content\/uploads\/2017\/04\/DSCN9811.jpg?fit=640%2C480&amp;ssl=1\" class=\"alignnone size-full wp-image-17639\" src=\"https:\/\/i0.wp.com\/genevieveetbernardauxameriques.fr\/wp-content\/uploads\/2017\/04\/DSCN9811.jpg?resize=640%2C480&#038;ssl=1\" alt=\"\" width=\"640\" height=\"480\" srcset=\"https:\/\/i0.wp.com\/genevieveetbernardauxameriques.fr\/wp-content\/uploads\/2017\/04\/DSCN9811.jpg?w=720&amp;ssl=1 720w, https:\/\/i0.wp.com\/genevieveetbernardauxameriques.fr\/wp-content\/uploads\/2017\/04\/DSCN9811.jpg?resize=300%2C225&amp;ssl=1 300w\" sizes=\"(max-width: 640px) 100vw, 640px\" data-recalc-dims=\"1\" \/><\/a><\/p>\n<p>Une bonne partie de la route est asphalt\u00e9e avec quelques trous et l&rsquo;autre n&rsquo;est pas super.<\/p>\n<p><a href=\"https:\/\/i0.wp.com\/genevieveetbernardauxameriques.fr\/wp-content\/uploads\/2017\/04\/DSCN9818.jpg?ssl=1\"><img loading=\"lazy\" decoding=\"async\" data-attachment-id=\"17644\" data-permalink=\"https:\/\/genevieveetbernardauxameriques.fr\/index.php\/2017\/04\/06\/colombie-2eme-article-la-route-du-cafe\/dscn9818\/\" data-orig-file=\"https:\/\/i0.wp.com\/genevieveetbernardauxameriques.fr\/wp-content\/uploads\/2017\/04\/DSCN9818.jpg?fit=720%2C540&amp;ssl=1\" data-orig-size=\"720,540\" data-comments-opened=\"1\" data-image-meta=\"{&quot;aperture&quot;:&quot;3.5&quot;,&quot;credit&quot;:&quot;&quot;,&quot;camera&quot;:&quot;COOLPIX P900&quot;,&quot;caption&quot;:&quot;&quot;,&quot;created_timestamp&quot;:&quot;1490899701&quot;,&quot;copyright&quot;:&quot;&quot;,&quot;focal_length&quot;:&quot;8.9&quot;,&quot;iso&quot;:&quot;100&quot;,&quot;shutter_speed&quot;:&quot;0.002&quot;,&quot;title&quot;:&quot;&quot;,&quot;orientation&quot;:&quot;1&quot;}\" data-image-title=\"DSCN9818\" data-image-description=\"\" data-image-caption=\"\" data-medium-file=\"https:\/\/i0.wp.com\/genevieveetbernardauxameriques.fr\/wp-content\/uploads\/2017\/04\/DSCN9818.jpg?fit=300%2C225&amp;ssl=1\" data-large-file=\"https:\/\/i0.wp.com\/genevieveetbernardauxameriques.fr\/wp-content\/uploads\/2017\/04\/DSCN9818.jpg?fit=640%2C480&amp;ssl=1\" class=\"alignnone size-full wp-image-17644\" src=\"https:\/\/i0.wp.com\/genevieveetbernardauxameriques.fr\/wp-content\/uploads\/2017\/04\/DSCN9818.jpg?resize=640%2C480&#038;ssl=1\" alt=\"\" width=\"640\" height=\"480\" srcset=\"https:\/\/i0.wp.com\/genevieveetbernardauxameriques.fr\/wp-content\/uploads\/2017\/04\/DSCN9818.jpg?w=720&amp;ssl=1 720w, https:\/\/i0.wp.com\/genevieveetbernardauxameriques.fr\/wp-content\/uploads\/2017\/04\/DSCN9818.jpg?resize=300%2C225&amp;ssl=1 300w\" sizes=\"(max-width: 640px) 100vw, 640px\" data-recalc-dims=\"1\" \/><\/a> <a href=\"https:\/\/i0.wp.com\/genevieveetbernardauxameriques.fr\/wp-content\/uploads\/2017\/04\/DSCN9836.jpg?ssl=1\"><img loading=\"lazy\" decoding=\"async\" data-attachment-id=\"17652\" data-permalink=\"https:\/\/genevieveetbernardauxameriques.fr\/index.php\/2017\/04\/06\/colombie-2eme-article-la-route-du-cafe\/dscn9836\/\" data-orig-file=\"https:\/\/i0.wp.com\/genevieveetbernardauxameriques.fr\/wp-content\/uploads\/2017\/04\/DSCN9836.jpg?fit=720%2C540&amp;ssl=1\" data-orig-size=\"720,540\" data-comments-opened=\"1\" data-image-meta=\"{&quot;aperture&quot;:&quot;3.5&quot;,&quot;credit&quot;:&quot;&quot;,&quot;camera&quot;:&quot;COOLPIX P900&quot;,&quot;caption&quot;:&quot;&quot;,&quot;created_timestamp&quot;:&quot;1490902244&quot;,&quot;copyright&quot;:&quot;&quot;,&quot;focal_length&quot;:&quot;10.7&quot;,&quot;iso&quot;:&quot;100&quot;,&quot;shutter_speed&quot;:&quot;0.000625&quot;,&quot;title&quot;:&quot;&quot;,&quot;orientation&quot;:&quot;1&quot;}\" data-image-title=\"DSCN9836\" data-image-description=\"\" data-image-caption=\"\" data-medium-file=\"https:\/\/i0.wp.com\/genevieveetbernardauxameriques.fr\/wp-content\/uploads\/2017\/04\/DSCN9836.jpg?fit=300%2C225&amp;ssl=1\" data-large-file=\"https:\/\/i0.wp.com\/genevieveetbernardauxameriques.fr\/wp-content\/uploads\/2017\/04\/DSCN9836.jpg?fit=640%2C480&amp;ssl=1\" class=\"alignnone size-full wp-image-17652\" src=\"https:\/\/i0.wp.com\/genevieveetbernardauxameriques.fr\/wp-content\/uploads\/2017\/04\/DSCN9836.jpg?resize=640%2C480&#038;ssl=1\" alt=\"\" width=\"640\" height=\"480\" srcset=\"https:\/\/i0.wp.com\/genevieveetbernardauxameriques.fr\/wp-content\/uploads\/2017\/04\/DSCN9836.jpg?w=720&amp;ssl=1 720w, https:\/\/i0.wp.com\/genevieveetbernardauxameriques.fr\/wp-content\/uploads\/2017\/04\/DSCN9836.jpg?resize=300%2C225&amp;ssl=1 300w\" sizes=\"(max-width: 640px) 100vw, 640px\" data-recalc-dims=\"1\" \/><\/a><\/p>\n<p>et des obstacles, il y en a :<\/p>\n<p><img loading=\"lazy\" decoding=\"async\" data-attachment-id=\"17651\" data-permalink=\"https:\/\/genevieveetbernardauxameriques.fr\/index.php\/2017\/04\/06\/colombie-2eme-article-la-route-du-cafe\/dscn9835\/\" data-orig-file=\"https:\/\/i0.wp.com\/genevieveetbernardauxameriques.fr\/wp-content\/uploads\/2017\/04\/DSCN9835.jpg?fit=720%2C540&amp;ssl=1\" data-orig-size=\"720,540\" data-comments-opened=\"1\" data-image-meta=\"{&quot;aperture&quot;:&quot;3.5&quot;,&quot;credit&quot;:&quot;&quot;,&quot;camera&quot;:&quot;COOLPIX P900&quot;,&quot;caption&quot;:&quot;&quot;,&quot;created_timestamp&quot;:&quot;1490902239&quot;,&quot;copyright&quot;:&quot;&quot;,&quot;focal_length&quot;:&quot;10.7&quot;,&quot;iso&quot;:&quot;100&quot;,&quot;shutter_speed&quot;:&quot;0.0008&quot;,&quot;title&quot;:&quot;&quot;,&quot;orientation&quot;:&quot;1&quot;}\" data-image-title=\"DSCN9835\" data-image-description=\"\" data-image-caption=\"\" data-medium-file=\"https:\/\/i0.wp.com\/genevieveetbernardauxameriques.fr\/wp-content\/uploads\/2017\/04\/DSCN9835.jpg?fit=300%2C225&amp;ssl=1\" data-large-file=\"https:\/\/i0.wp.com\/genevieveetbernardauxameriques.fr\/wp-content\/uploads\/2017\/04\/DSCN9835.jpg?fit=640%2C480&amp;ssl=1\" class=\"alignnone size-full wp-image-17651\" src=\"https:\/\/i0.wp.com\/genevieveetbernardauxameriques.fr\/wp-content\/uploads\/2017\/04\/DSCN9835.jpg?resize=640%2C480&#038;ssl=1\" alt=\"\" width=\"640\" height=\"480\" srcset=\"https:\/\/i0.wp.com\/genevieveetbernardauxameriques.fr\/wp-content\/uploads\/2017\/04\/DSCN9835.jpg?w=720&amp;ssl=1 720w, https:\/\/i0.wp.com\/genevieveetbernardauxameriques.fr\/wp-content\/uploads\/2017\/04\/DSCN9835.jpg?resize=300%2C225&amp;ssl=1 300w\" sizes=\"(max-width: 640px) 100vw, 640px\" data-recalc-dims=\"1\" \/><\/p>\n<p><img loading=\"lazy\" decoding=\"async\" data-attachment-id=\"17753\" data-permalink=\"https:\/\/genevieveetbernardauxameriques.fr\/index.php\/2017\/04\/06\/colombie-2eme-article-la-route-du-cafe\/rscn9829-3\/\" data-orig-file=\"https:\/\/i0.wp.com\/genevieveetbernardauxameriques.fr\/wp-content\/uploads\/2017\/04\/RSCN9829-2.jpg?fit=720%2C540&amp;ssl=1\" data-orig-size=\"720,540\" data-comments-opened=\"1\" data-image-meta=\"{&quot;aperture&quot;:&quot;2.8&quot;,&quot;credit&quot;:&quot;&quot;,&quot;camera&quot;:&quot;COOLPIX P900&quot;,&quot;caption&quot;:&quot;&quot;,&quot;created_timestamp&quot;:&quot;1490901210&quot;,&quot;copyright&quot;:&quot;&quot;,&quot;focal_length&quot;:&quot;4.3&quot;,&quot;iso&quot;:&quot;100&quot;,&quot;shutter_speed&quot;:&quot;0.00125&quot;,&quot;title&quot;:&quot;&quot;,&quot;orientation&quot;:&quot;1&quot;}\" data-image-title=\"RSCN9829\" data-image-description=\"\" data-image-caption=\"\" data-medium-file=\"https:\/\/i0.wp.com\/genevieveetbernardauxameriques.fr\/wp-content\/uploads\/2017\/04\/RSCN9829-2.jpg?fit=300%2C225&amp;ssl=1\" data-large-file=\"https:\/\/i0.wp.com\/genevieveetbernardauxameriques.fr\/wp-content\/uploads\/2017\/04\/RSCN9829-2.jpg?fit=640%2C480&amp;ssl=1\" class=\"alignnone size-full wp-image-17753\" src=\"https:\/\/i0.wp.com\/genevieveetbernardauxameriques.fr\/wp-content\/uploads\/2017\/04\/RSCN9829-2.jpg?resize=640%2C480&#038;ssl=1\" alt=\"\" width=\"640\" height=\"480\" srcset=\"https:\/\/i0.wp.com\/genevieveetbernardauxameriques.fr\/wp-content\/uploads\/2017\/04\/RSCN9829-2.jpg?w=720&amp;ssl=1 720w, https:\/\/i0.wp.com\/genevieveetbernardauxameriques.fr\/wp-content\/uploads\/2017\/04\/RSCN9829-2.jpg?resize=300%2C225&amp;ssl=1 300w\" sizes=\"(max-width: 640px) 100vw, 640px\" data-recalc-dims=\"1\" \/><\/p>\n<p>Nous arriverons tous sans encombre sur la route principale o\u00f9 nos chemins bifurquent, nous prenons une route secondaire pour rejoindre Medellin car nous avons pr\u00e9vu 2 arr\u00eats mais eux y filent directement.<\/p>\n<p>Ils ont encore un bout de chemin \u00e0 faire car leur billet d&rsquo;avion est pris au d\u00e9part\u00a0de Montr\u00e9al\u00a0 pour leur retour en France\u00a0 en ao\u00fbt prochain. Tout le monde n&rsquo;est pas retrait\u00e9, et ils n&rsquo;ont qu&rsquo;une ann\u00e9e de voyage.<\/p>\n<p>Nous prenons donc direction : Jerico et rejoindrons MEDELLIN.<\/p>\n<div data-carousel-extra='{\"blog_id\":1,\"permalink\":\"https:\\\/\\\/genevieveetbernardauxameriques.fr\\\/index.php\\\/2017\\\/04\\\/06\\\/colombie-2eme-article-la-route-du-cafe\\\/\"}' id='gallery-6' class='gallery galleryid-17235 gallery-columns-2 gallery-size-full'><dl class='gallery-item'>\n\t\t\t<dt class='gallery-icon landscape'>\n\t\t\t\t<a href='https:\/\/genevieveetbernardauxameriques.fr\/index.php\/2017\/04\/06\/colombie-2eme-article-la-route-du-cafe\/dscn9823\/'><img loading=\"lazy\" decoding=\"async\" width=\"720\" height=\"540\" src=\"https:\/\/i0.wp.com\/genevieveetbernardauxameriques.fr\/wp-content\/uploads\/2017\/04\/DSCN9823.jpg?fit=720%2C540&amp;ssl=1\" class=\"attachment-full size-full\" alt=\"\" srcset=\"https:\/\/i0.wp.com\/genevieveetbernardauxameriques.fr\/wp-content\/uploads\/2017\/04\/DSCN9823.jpg?w=720&amp;ssl=1 720w, https:\/\/i0.wp.com\/genevieveetbernardauxameriques.fr\/wp-content\/uploads\/2017\/04\/DSCN9823.jpg?resize=300%2C225&amp;ssl=1 300w\" sizes=\"(max-width: 640px) 100vw, 640px\" data-attachment-id=\"17645\" data-permalink=\"https:\/\/genevieveetbernardauxameriques.fr\/index.php\/2017\/04\/06\/colombie-2eme-article-la-route-du-cafe\/dscn9823\/\" data-orig-file=\"https:\/\/i0.wp.com\/genevieveetbernardauxameriques.fr\/wp-content\/uploads\/2017\/04\/DSCN9823.jpg?fit=720%2C540&amp;ssl=1\" data-orig-size=\"720,540\" data-comments-opened=\"1\" data-image-meta=\"{&quot;aperture&quot;:&quot;3.2&quot;,&quot;credit&quot;:&quot;&quot;,&quot;camera&quot;:&quot;COOLPIX P900&quot;,&quot;caption&quot;:&quot;&quot;,&quot;created_timestamp&quot;:&quot;1490900377&quot;,&quot;copyright&quot;:&quot;&quot;,&quot;focal_length&quot;:&quot;8.4&quot;,&quot;iso&quot;:&quot;100&quot;,&quot;shutter_speed&quot;:&quot;0.001&quot;,&quot;title&quot;:&quot;&quot;,&quot;orientation&quot;:&quot;1&quot;}\" data-image-title=\"DSCN9823\" data-image-description=\"\" data-image-caption=\"\" data-medium-file=\"https:\/\/i0.wp.com\/genevieveetbernardauxameriques.fr\/wp-content\/uploads\/2017\/04\/DSCN9823.jpg?fit=300%2C225&amp;ssl=1\" data-large-file=\"https:\/\/i0.wp.com\/genevieveetbernardauxameriques.fr\/wp-content\/uploads\/2017\/04\/DSCN9823.jpg?fit=640%2C480&amp;ssl=1\" \/><\/a>\n\t\t\t<\/dt><\/dl><dl class='gallery-item'>\n\t\t\t<dt class='gallery-icon landscape'>\n\t\t\t\t<a href='https:\/\/genevieveetbernardauxameriques.fr\/index.php\/2017\/04\/06\/colombie-2eme-article-la-route-du-cafe\/dscn9827\/'><img loading=\"lazy\" decoding=\"async\" width=\"720\" height=\"540\" src=\"https:\/\/i0.wp.com\/genevieveetbernardauxameriques.fr\/wp-content\/uploads\/2017\/04\/DSCN9827.jpg?fit=720%2C540&amp;ssl=1\" class=\"attachment-full size-full\" alt=\"\" srcset=\"https:\/\/i0.wp.com\/genevieveetbernardauxameriques.fr\/wp-content\/uploads\/2017\/04\/DSCN9827.jpg?w=720&amp;ssl=1 720w, https:\/\/i0.wp.com\/genevieveetbernardauxameriques.fr\/wp-content\/uploads\/2017\/04\/DSCN9827.jpg?resize=300%2C225&amp;ssl=1 300w\" sizes=\"(max-width: 640px) 100vw, 640px\" data-attachment-id=\"17647\" data-permalink=\"https:\/\/genevieveetbernardauxameriques.fr\/index.php\/2017\/04\/06\/colombie-2eme-article-la-route-du-cafe\/dscn9827\/\" data-orig-file=\"https:\/\/i0.wp.com\/genevieveetbernardauxameriques.fr\/wp-content\/uploads\/2017\/04\/DSCN9827.jpg?fit=720%2C540&amp;ssl=1\" data-orig-size=\"720,540\" data-comments-opened=\"1\" data-image-meta=\"{&quot;aperture&quot;:&quot;4&quot;,&quot;credit&quot;:&quot;&quot;,&quot;camera&quot;:&quot;COOLPIX P900&quot;,&quot;caption&quot;:&quot;&quot;,&quot;created_timestamp&quot;:&quot;1490901029&quot;,&quot;copyright&quot;:&quot;&quot;,&quot;focal_length&quot;:&quot;4.3&quot;,&quot;iso&quot;:&quot;100&quot;,&quot;shutter_speed&quot;:&quot;0.000625&quot;,&quot;title&quot;:&quot;&quot;,&quot;orientation&quot;:&quot;1&quot;}\" data-image-title=\"DSCN9827\" data-image-description=\"\" data-image-caption=\"\" data-medium-file=\"https:\/\/i0.wp.com\/genevieveetbernardauxameriques.fr\/wp-content\/uploads\/2017\/04\/DSCN9827.jpg?fit=300%2C225&amp;ssl=1\" data-large-file=\"https:\/\/i0.wp.com\/genevieveetbernardauxameriques.fr\/wp-content\/uploads\/2017\/04\/DSCN9827.jpg?fit=640%2C480&amp;ssl=1\" \/><\/a>\n\t\t\t<\/dt><\/dl><br style=\"clear: both\" \/><dl class='gallery-item'>\n\t\t\t<dt class='gallery-icon landscape'>\n\t\t\t\t<a href='https:\/\/genevieveetbernardauxameriques.fr\/index.php\/2017\/04\/06\/colombie-2eme-article-la-route-du-cafe\/dscn9832\/'><img loading=\"lazy\" decoding=\"async\" width=\"720\" height=\"540\" src=\"https:\/\/i0.wp.com\/genevieveetbernardauxameriques.fr\/wp-content\/uploads\/2017\/04\/DSCN9832.jpg?fit=720%2C540&amp;ssl=1\" class=\"attachment-full size-full\" alt=\"\" srcset=\"https:\/\/i0.wp.com\/genevieveetbernardauxameriques.fr\/wp-content\/uploads\/2017\/04\/DSCN9832.jpg?w=720&amp;ssl=1 720w, https:\/\/i0.wp.com\/genevieveetbernardauxameriques.fr\/wp-content\/uploads\/2017\/04\/DSCN9832.jpg?resize=300%2C225&amp;ssl=1 300w\" sizes=\"(max-width: 640px) 100vw, 640px\" data-attachment-id=\"17649\" data-permalink=\"https:\/\/genevieveetbernardauxameriques.fr\/index.php\/2017\/04\/06\/colombie-2eme-article-la-route-du-cafe\/dscn9832\/\" data-orig-file=\"https:\/\/i0.wp.com\/genevieveetbernardauxameriques.fr\/wp-content\/uploads\/2017\/04\/DSCN9832.jpg?fit=720%2C540&amp;ssl=1\" data-orig-size=\"720,540\" data-comments-opened=\"1\" data-image-meta=\"{&quot;aperture&quot;:&quot;3.5&quot;,&quot;credit&quot;:&quot;&quot;,&quot;camera&quot;:&quot;COOLPIX P900&quot;,&quot;caption&quot;:&quot;&quot;,&quot;created_timestamp&quot;:&quot;1490901644&quot;,&quot;copyright&quot;:&quot;&quot;,&quot;focal_length&quot;:&quot;9.8&quot;,&quot;iso&quot;:&quot;100&quot;,&quot;shutter_speed&quot;:&quot;0.000625&quot;,&quot;title&quot;:&quot;&quot;,&quot;orientation&quot;:&quot;1&quot;}\" data-image-title=\"DSCN9832\" data-image-description=\"\" data-image-caption=\"\" data-medium-file=\"https:\/\/i0.wp.com\/genevieveetbernardauxameriques.fr\/wp-content\/uploads\/2017\/04\/DSCN9832.jpg?fit=300%2C225&amp;ssl=1\" data-large-file=\"https:\/\/i0.wp.com\/genevieveetbernardauxameriques.fr\/wp-content\/uploads\/2017\/04\/DSCN9832.jpg?fit=640%2C480&amp;ssl=1\" \/><\/a>\n\t\t\t<\/dt><\/dl><dl class='gallery-item'>\n\t\t\t<dt class='gallery-icon landscape'>\n\t\t\t\t<a href='https:\/\/genevieveetbernardauxameriques.fr\/index.php\/2017\/04\/06\/colombie-2eme-article-la-route-du-cafe\/dscn9833\/'><img loading=\"lazy\" decoding=\"async\" width=\"720\" height=\"540\" src=\"https:\/\/i0.wp.com\/genevieveetbernardauxameriques.fr\/wp-content\/uploads\/2017\/04\/DSCN9833.jpg?fit=720%2C540&amp;ssl=1\" class=\"attachment-full size-full\" alt=\"\" srcset=\"https:\/\/i0.wp.com\/genevieveetbernardauxameriques.fr\/wp-content\/uploads\/2017\/04\/DSCN9833.jpg?w=720&amp;ssl=1 720w, https:\/\/i0.wp.com\/genevieveetbernardauxameriques.fr\/wp-content\/uploads\/2017\/04\/DSCN9833.jpg?resize=300%2C225&amp;ssl=1 300w\" sizes=\"(max-width: 640px) 100vw, 640px\" data-attachment-id=\"17650\" data-permalink=\"https:\/\/genevieveetbernardauxameriques.fr\/index.php\/2017\/04\/06\/colombie-2eme-article-la-route-du-cafe\/dscn9833\/\" data-orig-file=\"https:\/\/i0.wp.com\/genevieveetbernardauxameriques.fr\/wp-content\/uploads\/2017\/04\/DSCN9833.jpg?fit=720%2C540&amp;ssl=1\" data-orig-size=\"720,540\" data-comments-opened=\"1\" data-image-meta=\"{&quot;aperture&quot;:&quot;4&quot;,&quot;credit&quot;:&quot;&quot;,&quot;camera&quot;:&quot;COOLPIX P900&quot;,&quot;caption&quot;:&quot;&quot;,&quot;created_timestamp&quot;:&quot;1490901760&quot;,&quot;copyright&quot;:&quot;&quot;,&quot;focal_length&quot;:&quot;17&quot;,&quot;iso&quot;:&quot;100&quot;,&quot;shutter_speed&quot;:&quot;0.002&quot;,&quot;title&quot;:&quot;&quot;,&quot;orientation&quot;:&quot;1&quot;}\" data-image-title=\"DSCN9833\" data-image-description=\"\" data-image-caption=\"\" data-medium-file=\"https:\/\/i0.wp.com\/genevieveetbernardauxameriques.fr\/wp-content\/uploads\/2017\/04\/DSCN9833.jpg?fit=300%2C225&amp;ssl=1\" data-large-file=\"https:\/\/i0.wp.com\/genevieveetbernardauxameriques.fr\/wp-content\/uploads\/2017\/04\/DSCN9833.jpg?fit=640%2C480&amp;ssl=1\" \/><\/a>\n\t\t\t<\/dt><\/dl><br style=\"clear: both\" \/>\n\t\t<\/div>\n\n<p>Voil\u00e0 d\u00e9j\u00e0 la vue de <strong>JERICO,<\/strong> la suite au 3\u00e8me article<\/p>\n<p><img loading=\"lazy\" decoding=\"async\" data-attachment-id=\"17765\" data-permalink=\"https:\/\/genevieveetbernardauxameriques.fr\/index.php\/2017\/04\/06\/colombie-2eme-article-la-route-du-cafe\/img_20170331_105641\/\" data-orig-file=\"https:\/\/i0.wp.com\/genevieveetbernardauxameriques.fr\/wp-content\/uploads\/2017\/04\/IMG_20170331_105641.jpg?fit=720%2C540&amp;ssl=1\" data-orig-size=\"720,540\" data-comments-opened=\"1\" data-image-meta=\"{&quot;aperture&quot;:&quot;0&quot;,&quot;credit&quot;:&quot;&quot;,&quot;camera&quot;:&quot;Lenovo YT3-X50F&quot;,&quot;caption&quot;:&quot;&quot;,&quot;created_timestamp&quot;:&quot;1490957802&quot;,&quot;copyright&quot;:&quot;&quot;,&quot;focal_length&quot;:&quot;3.85&quot;,&quot;iso&quot;:&quot;100&quot;,&quot;shutter_speed&quot;:&quot;0.0011520737327189&quot;,&quot;title&quot;:&quot;&quot;,&quot;orientation&quot;:&quot;0&quot;}\" data-image-title=\"IMG_20170331_105641\" data-image-description=\"\" data-image-caption=\"\" data-medium-file=\"https:\/\/i0.wp.com\/genevieveetbernardauxameriques.fr\/wp-content\/uploads\/2017\/04\/IMG_20170331_105641.jpg?fit=300%2C225&amp;ssl=1\" data-large-file=\"https:\/\/i0.wp.com\/genevieveetbernardauxameriques.fr\/wp-content\/uploads\/2017\/04\/IMG_20170331_105641.jpg?fit=640%2C480&amp;ssl=1\" class=\"alignnone size-full wp-image-17765\" src=\"https:\/\/i0.wp.com\/genevieveetbernardauxameriques.fr\/wp-content\/uploads\/2017\/04\/IMG_20170331_105641.jpg?resize=640%2C480&#038;ssl=1\" alt=\"\" width=\"640\" height=\"480\" srcset=\"https:\/\/i0.wp.com\/genevieveetbernardauxameriques.fr\/wp-content\/uploads\/2017\/04\/IMG_20170331_105641.jpg?w=720&amp;ssl=1 720w, https:\/\/i0.wp.com\/genevieveetbernardauxameriques.fr\/wp-content\/uploads\/2017\/04\/IMG_20170331_105641.jpg?resize=300%2C225&amp;ssl=1 300w\" sizes=\"(max-width: 640px) 100vw, 640px\" data-recalc-dims=\"1\" \/><\/p>\n<p>&nbsp;<\/p>\n<p>&nbsp;<\/p>\n<p>&nbsp;<\/p>\n<p>&nbsp;<\/p>\n","protected":false},"excerpt":{"rendered":"<p>JEUDI \u00a023 MARS 2017 Nous venons donc de quitter le D\u00e9sert de TATACOA (sur la carte juste apr\u00e8s Neiva, vers Baraya) Nous allons faire un arr\u00eat pour la nuit sur une station essence juste \u00e0 l&rsquo;entr\u00e9e de SALDANA. Sur la &hellip; <a href=\"https:\/\/genevieveetbernardauxameriques.fr\/index.php\/2017\/04\/06\/colombie-2eme-article-la-route-du-cafe\/\">Continuer la lecture <span class=\"meta-nav\">&rarr;<\/span><\/a><\/p>\n","protected":false},"author":1,"featured_media":0,"comment_status":"open","ping_status":"open","sticky":false,"template":"","format":"standard","meta":{"jetpack_post_was_ever_published":false,"_jetpack_newsletter_access":"","_jetpack_dont_email_post_to_subs":true,"_jetpack_newsletter_tier_id":0,"_jetpack_memberships_contains_paywalled_content":false,"_jetpack_memberships_contains_paid_content":false,"footnotes":""},"categories":[118],"tags":[],"jetpack_featured_media_url":"","jetpack_sharing_enabled":true,"jetpack_shortlink":"https:\/\/wp.me\/p7hALO-4tZ","_links":{"self":[{"href":"https:\/\/genevieveetbernardauxameriques.fr\/index.php\/wp-json\/wp\/v2\/posts\/17235"}],"collection":[{"href":"https:\/\/genevieveetbernardauxameriques.fr\/index.php\/wp-json\/wp\/v2\/posts"}],"about":[{"href":"https:\/\/genevieveetbernardauxameriques.fr\/index.php\/wp-json\/wp\/v2\/types\/post"}],"author":[{"embeddable":true,"href":"https:\/\/genevieveetbernardauxameriques.fr\/index.php\/wp-json\/wp\/v2\/users\/1"}],"replies":[{"embeddable":true,"href":"https:\/\/genevieveetbernardauxameriques.fr\/index.php\/wp-json\/wp\/v2\/comments?post=17235"}],"version-history":[{"count":55,"href":"https:\/\/genevieveetbernardauxameriques.fr\/index.php\/wp-json\/wp\/v2\/posts\/17235\/revisions"}],"predecessor-version":[{"id":18267,"href":"https:\/\/genevieveetbernardauxameriques.fr\/index.php\/wp-json\/wp\/v2\/posts\/17235\/revisions\/18267"}],"wp:attachment":[{"href":"https:\/\/genevieveetbernardauxameriques.fr\/index.php\/wp-json\/wp\/v2\/media?parent=17235"}],"wp:term":[{"taxonomy":"category","embeddable":true,"href":"https:\/\/genevieveetbernardauxameriques.fr\/index.php\/wp-json\/wp\/v2\/categories?post=17235"},{"taxonomy":"post_tag","embeddable":true,"href":"https:\/\/genevieveetbernardauxameriques.fr\/index.php\/wp-json\/wp\/v2\/tags?post=17235"}],"curies":[{"name":"wp","href":"https:\/\/api.w.org\/{rel}","templated":true}]}}