{"id":17854,"date":"2017-04-18T15:59:23","date_gmt":"2017-04-18T14:59:23","guid":{"rendered":"http:\/\/genevieveetbernardauxameriques.fr\/?p=17854"},"modified":"2020-04-15T19:31:07","modified_gmt":"2020-04-15T18:31:07","slug":"colombie-3eme-article-de-medellin-a-bogota","status":"publish","type":"post","link":"https:\/\/genevieveetbernardauxameriques.fr\/index.php\/2017\/04\/18\/colombie-3eme-article-de-medellin-a-bogota\/","title":{"rendered":"COLOMBIE 3\u00e8me article &#8211; DE MEDELLIN A BOGOTA"},"content":{"rendered":"<div class=\"separator\"><\/div>\n<div class=\"separator\"><\/div>\n<p class=\"separator\"><strong>Quelques prix en Colombie :<\/strong><\/p>\n<p>Essence 0.70 E (dans le centre du pays, car cela varie)<\/p>\n<p>Coiffeur pour dames 2 E<br \/>\nC5 beaux avocats 1\u20ac,\u00a01 kg de carottes, 1 kg d&rsquo;oranges \u00a00.30 cts , 7 oeufs 1,30 \u20ac<\/p>\n<p>2 bi\u00e8res et 3 portions de pizza au resto : 6 \u20ac<\/p>\n<p>Il y a beaucoup de p\u00e9ages en Colombie,\u00a0surtout aux abords des villes. \u00a0Jusqu&rsquo;\u00e0 Aguatape nous en sommes \u00e0\u00a0 107.000P soit 35 \u20ac.\u00a0Co\u00fbt du p\u00e9age 3 \u20ac environ tous les 50 kms alors que le salaire n&rsquo;est que de 250 \u20ac , c&rsquo;est assez surprenant.<\/p>\n<p>75 cl de Whisky 17\u00a0\u20ac (en Equateur 8 \u20ac)<\/p>\n<p>Lorsque l&rsquo;on retire de l&rsquo;argent au distributeur, le DAB nous propose de faire une donation de 1000 \u00e0 10000 pesos, beaucoup de banques nous prennent d\u00e9j\u00e0 des frais allant jusqu&rsquo;\u00e0 12000 P, il faut faire attention \u00e0 bien dire non.<\/p>\n<p><strong><span style=\"font-size: medium;\">JEUDI 30 MARS<\/span><\/strong><\/p>\n<p>Apr\u00e8s avoir quitt\u00e9s AGUADAS, nous avons pris la direction de <strong>JERICO<\/strong> par une belle route secondaire.<\/p>\n<p>Depuis une vingtaine de Km apr\u00e8s Aguadas, nous longeons la rivi\u00e8re CAUCA, nous la quitterons \u00e0 SANTA FE.<\/p>\n<p>A midi on s&rsquo;arr\u00eate au bord du rio, et voil\u00e0 les travailleurs dans l&rsquo;eau: ils chargent du sable gris dans cette petite barque qu&rsquo;ils prennent dans la rivi\u00e8re.<\/p>\n<p><a href=\"https:\/\/i0.wp.com\/genevieveetbernardauxameriques.fr\/wp-content\/uploads\/2017\/04\/DSCN9938.jpg?ssl=1\"><img loading=\"lazy\" decoding=\"async\" data-attachment-id=\"17726\" data-permalink=\"https:\/\/genevieveetbernardauxameriques.fr\/index.php\/2017\/04\/06\/colombie-2eme-article-la-route-du-cafe\/dscn9938\/\" data-orig-file=\"https:\/\/i0.wp.com\/genevieveetbernardauxameriques.fr\/wp-content\/uploads\/2017\/04\/DSCN9938.jpg?fit=720%2C540&amp;ssl=1\" data-orig-size=\"720,540\" data-comments-opened=\"1\" data-image-meta=\"{&quot;aperture&quot;:&quot;5&quot;,&quot;credit&quot;:&quot;&quot;,&quot;camera&quot;:&quot;COOLPIX P900&quot;,&quot;caption&quot;:&quot;&quot;,&quot;created_timestamp&quot;:&quot;1490991626&quot;,&quot;copyright&quot;:&quot;&quot;,&quot;focal_length&quot;:&quot;53.5&quot;,&quot;iso&quot;:&quot;100&quot;,&quot;shutter_speed&quot;:&quot;0.004&quot;,&quot;title&quot;:&quot;&quot;,&quot;orientation&quot;:&quot;1&quot;}\" data-image-title=\"DSCN9938\" data-image-description=\"\" data-image-caption=\"\" data-medium-file=\"https:\/\/i0.wp.com\/genevieveetbernardauxameriques.fr\/wp-content\/uploads\/2017\/04\/DSCN9938.jpg?fit=300%2C225&amp;ssl=1\" data-large-file=\"https:\/\/i0.wp.com\/genevieveetbernardauxameriques.fr\/wp-content\/uploads\/2017\/04\/DSCN9938.jpg?fit=640%2C480&amp;ssl=1\" class=\"alignnone size-full wp-image-17726\" src=\"https:\/\/i0.wp.com\/genevieveetbernardauxameriques.fr\/wp-content\/uploads\/2017\/04\/DSCN9938.jpg?resize=640%2C480&#038;ssl=1\" alt=\"\" width=\"640\" height=\"480\" srcset=\"https:\/\/i0.wp.com\/genevieveetbernardauxameriques.fr\/wp-content\/uploads\/2017\/04\/DSCN9938.jpg?w=720&amp;ssl=1 720w, https:\/\/i0.wp.com\/genevieveetbernardauxameriques.fr\/wp-content\/uploads\/2017\/04\/DSCN9938.jpg?resize=300%2C225&amp;ssl=1 300w\" sizes=\"(max-width: 640px) 100vw, 640px\" data-recalc-dims=\"1\" \/><\/a><\/p>\n<p>et ensuite un autre ouvrier le charge dans un camion qui est au bord du fleuve. Une dizaine de camions attendent leur tour.<\/p>\n<p><a href=\"https:\/\/i0.wp.com\/genevieveetbernardauxameriques.fr\/wp-content\/uploads\/2017\/04\/DSCN9939.jpg?ssl=1\"><img loading=\"lazy\" decoding=\"async\" data-attachment-id=\"17727\" data-permalink=\"https:\/\/genevieveetbernardauxameriques.fr\/index.php\/2017\/04\/06\/colombie-2eme-article-la-route-du-cafe\/dscn9939\/\" data-orig-file=\"https:\/\/i0.wp.com\/genevieveetbernardauxameriques.fr\/wp-content\/uploads\/2017\/04\/DSCN9939.jpg?fit=720%2C540&amp;ssl=1\" data-orig-size=\"720,540\" data-comments-opened=\"1\" data-image-meta=\"{&quot;aperture&quot;:&quot;4.5&quot;,&quot;credit&quot;:&quot;&quot;,&quot;camera&quot;:&quot;COOLPIX P900&quot;,&quot;caption&quot;:&quot;&quot;,&quot;created_timestamp&quot;:&quot;1490991660&quot;,&quot;copyright&quot;:&quot;&quot;,&quot;focal_length&quot;:&quot;30.3&quot;,&quot;iso&quot;:&quot;100&quot;,&quot;shutter_speed&quot;:&quot;0.004&quot;,&quot;title&quot;:&quot;&quot;,&quot;orientation&quot;:&quot;1&quot;}\" data-image-title=\"DSCN9939\" data-image-description=\"\" data-image-caption=\"\" data-medium-file=\"https:\/\/i0.wp.com\/genevieveetbernardauxameriques.fr\/wp-content\/uploads\/2017\/04\/DSCN9939.jpg?fit=300%2C225&amp;ssl=1\" data-large-file=\"https:\/\/i0.wp.com\/genevieveetbernardauxameriques.fr\/wp-content\/uploads\/2017\/04\/DSCN9939.jpg?fit=640%2C480&amp;ssl=1\" class=\"alignnone size-full wp-image-17727\" src=\"https:\/\/i0.wp.com\/genevieveetbernardauxameriques.fr\/wp-content\/uploads\/2017\/04\/DSCN9939.jpg?resize=640%2C480&#038;ssl=1\" alt=\"\" width=\"640\" height=\"480\" srcset=\"https:\/\/i0.wp.com\/genevieveetbernardauxameriques.fr\/wp-content\/uploads\/2017\/04\/DSCN9939.jpg?w=720&amp;ssl=1 720w, https:\/\/i0.wp.com\/genevieveetbernardauxameriques.fr\/wp-content\/uploads\/2017\/04\/DSCN9939.jpg?resize=300%2C225&amp;ssl=1 300w\" sizes=\"(max-width: 640px) 100vw, 640px\" data-recalc-dims=\"1\" \/><\/a><\/p>\n<p>Sur la carte et sur Osmand il y a une premi\u00e8re route sur la gauche qui nous emm\u00e8ne \u00e0 JERICO, on la prend donc. Le panneau indique 20 km.<\/p>\n<p>Et voil\u00e0 le d\u00e9but, une toute petite piste en montant toujours, et absolument personne.<\/p>\n<p><img loading=\"lazy\" decoding=\"async\" data-attachment-id=\"17655\" data-permalink=\"https:\/\/genevieveetbernardauxameriques.fr\/index.php\/2017\/04\/06\/colombie-2eme-article-la-route-du-cafe\/dscn9842\/\" data-orig-file=\"https:\/\/i0.wp.com\/genevieveetbernardauxameriques.fr\/wp-content\/uploads\/2017\/04\/DSCN9842-e1586705564481.jpg?fit=719%2C408&amp;ssl=1\" data-orig-size=\"719,408\" data-comments-opened=\"1\" data-image-meta=\"{&quot;aperture&quot;:&quot;3.5&quot;,&quot;credit&quot;:&quot;&quot;,&quot;camera&quot;:&quot;COOLPIX P900&quot;,&quot;caption&quot;:&quot;&quot;,&quot;created_timestamp&quot;:&quot;1490908531&quot;,&quot;copyright&quot;:&quot;&quot;,&quot;focal_length&quot;:&quot;9.8&quot;,&quot;iso&quot;:&quot;100&quot;,&quot;shutter_speed&quot;:&quot;0.016666666666667&quot;,&quot;title&quot;:&quot;&quot;,&quot;orientation&quot;:&quot;1&quot;}\" data-image-title=\"DSCN9842\" data-image-description=\"\" data-image-caption=\"\" data-medium-file=\"https:\/\/i0.wp.com\/genevieveetbernardauxameriques.fr\/wp-content\/uploads\/2017\/04\/DSCN9842-e1586705564481.jpg?fit=300%2C170&amp;ssl=1\" data-large-file=\"https:\/\/i0.wp.com\/genevieveetbernardauxameriques.fr\/wp-content\/uploads\/2017\/04\/DSCN9842-e1586705564481.jpg?fit=640%2C363&amp;ssl=1\" class=\"alignnone size-full wp-image-17655\" src=\"https:\/\/i0.wp.com\/genevieveetbernardauxameriques.fr\/wp-content\/uploads\/2017\/04\/DSCN9842-e1586705564481.jpg?resize=640%2C363&#038;ssl=1\" alt=\"\" width=\"640\" height=\"363\" srcset=\"https:\/\/i0.wp.com\/genevieveetbernardauxameriques.fr\/wp-content\/uploads\/2017\/04\/DSCN9842-e1586705564481.jpg?w=719&amp;ssl=1 719w, https:\/\/i0.wp.com\/genevieveetbernardauxameriques.fr\/wp-content\/uploads\/2017\/04\/DSCN9842-e1586705564481.jpg?resize=300%2C170&amp;ssl=1 300w\" sizes=\"(max-width: 640px) 100vw, 640px\" data-recalc-dims=\"1\" \/><\/p>\n<p>On est un peu \u00e9tonn\u00e9 car Jerico est un village tr\u00e8s touristique et not\u00e9 sur les guides ; ils devraient y avoir de la circulation, l\u00e0 on ne peut m\u00eame pas se croiser.<\/p>\n<p>Puis un panneau nous indique 8 km, \u00a0aucune trace de pneus on commence maintenant \u00e0 s&rsquo;inqui\u00e9ter, cela nous parait bizarre.<\/p>\n<p>On roule encore 5 mn en h\u00e9sitant et une falaise se dresse\u00a0en face de nous, on ne va m\u00eame pas voir si l&rsquo;on peut passer, le pr\u00e9cipite nous fait peur, on fait tant bien que mal demi tour dans le chemin tr\u00e8s \u00e9troit et dans la boue.<\/p>\n<p>Ici il s&rsquo;agit de nos traces \u00e0 l&rsquo;aller.<\/p>\n<p><img loading=\"lazy\" decoding=\"async\" data-attachment-id=\"17656\" data-permalink=\"https:\/\/genevieveetbernardauxameriques.fr\/index.php\/2017\/04\/06\/colombie-2eme-article-la-route-du-cafe\/dscn9843\/\" data-orig-file=\"https:\/\/i0.wp.com\/genevieveetbernardauxameriques.fr\/wp-content\/uploads\/2017\/04\/DSCN9843.jpg?fit=720%2C540&amp;ssl=1\" data-orig-size=\"720,540\" data-comments-opened=\"1\" data-image-meta=\"{&quot;aperture&quot;:&quot;3.5&quot;,&quot;credit&quot;:&quot;&quot;,&quot;camera&quot;:&quot;COOLPIX P900&quot;,&quot;caption&quot;:&quot;&quot;,&quot;created_timestamp&quot;:&quot;1490908975&quot;,&quot;copyright&quot;:&quot;&quot;,&quot;focal_length&quot;:&quot;9.8&quot;,&quot;iso&quot;:&quot;100&quot;,&quot;shutter_speed&quot;:&quot;0.002&quot;,&quot;title&quot;:&quot;&quot;,&quot;orientation&quot;:&quot;1&quot;}\" data-image-title=\"DSCN9843\" data-image-description=\"\" data-image-caption=\"\" data-medium-file=\"https:\/\/i0.wp.com\/genevieveetbernardauxameriques.fr\/wp-content\/uploads\/2017\/04\/DSCN9843.jpg?fit=300%2C225&amp;ssl=1\" data-large-file=\"https:\/\/i0.wp.com\/genevieveetbernardauxameriques.fr\/wp-content\/uploads\/2017\/04\/DSCN9843.jpg?fit=640%2C480&amp;ssl=1\" class=\"alignnone size-full wp-image-17656\" src=\"https:\/\/i0.wp.com\/genevieveetbernardauxameriques.fr\/wp-content\/uploads\/2017\/04\/DSCN9843.jpg?resize=640%2C480&#038;ssl=1\" alt=\"\" width=\"640\" height=\"480\" srcset=\"https:\/\/i0.wp.com\/genevieveetbernardauxameriques.fr\/wp-content\/uploads\/2017\/04\/DSCN9843.jpg?w=720&amp;ssl=1 720w, https:\/\/i0.wp.com\/genevieveetbernardauxameriques.fr\/wp-content\/uploads\/2017\/04\/DSCN9843.jpg?resize=300%2C225&amp;ssl=1 300w\" sizes=\"(max-width: 640px) 100vw, 640px\" data-recalc-dims=\"1\" \/><\/p>\n<p>Nous n&rsquo;avons vu personne \u00e0 l&rsquo;aller, et tout \u00e0 coup 2 ouvriers, on se renseigne et ils nous disent\u00a0 que c&rsquo;est impossible de passer par l\u00e0 qu&rsquo;il n&rsquo;y a pas de route, la seule\u00a0 qui existe et celle que nous avons quitt\u00e9e.<\/p>\n<p>Elle est inscrite sur la carte en pointill\u00e9e comme celle que nous avons prise et il n&rsquo;y avait pas de panneau nous indiquant qu&rsquo;il fallait aller tout droit. On la rejoint et une demie heure apr\u00e8s nous arrivons \u00e0 destination.<\/p>\n<p><strong>Jerico<\/strong> est encore une fois un village plein de couleurs, les maisons sont en g\u00e9n\u00e9ral d&rsquo;un \u00e9tage et quelle beaut\u00e9 ! Cela nous parait toujours de plus en plus beau.<\/p>\n<p>On se gare dans une petite rue pas tr\u00e8s loin de la grande place juste devant la maison natale de Monsieur :<\/p>\n<p><a href=\"https:\/\/i0.wp.com\/genevieveetbernardauxameriques.fr\/wp-content\/uploads\/2017\/04\/DSCN9855.jpg?ssl=1\"><img loading=\"lazy\" decoding=\"async\" data-attachment-id=\"17663\" data-permalink=\"https:\/\/genevieveetbernardauxameriques.fr\/index.php\/2017\/04\/06\/colombie-2eme-article-la-route-du-cafe\/dscn9855\/\" data-orig-file=\"https:\/\/i0.wp.com\/genevieveetbernardauxameriques.fr\/wp-content\/uploads\/2017\/04\/DSCN9855.jpg?fit=720%2C540&amp;ssl=1\" data-orig-size=\"720,540\" data-comments-opened=\"1\" data-image-meta=\"{&quot;aperture&quot;:&quot;2.8&quot;,&quot;credit&quot;:&quot;&quot;,&quot;camera&quot;:&quot;COOLPIX P900&quot;,&quot;caption&quot;:&quot;&quot;,&quot;created_timestamp&quot;:&quot;1490916054&quot;,&quot;copyright&quot;:&quot;&quot;,&quot;focal_length&quot;:&quot;5&quot;,&quot;iso&quot;:&quot;100&quot;,&quot;shutter_speed&quot;:&quot;0.01&quot;,&quot;title&quot;:&quot;&quot;,&quot;orientation&quot;:&quot;1&quot;}\" data-image-title=\"DSCN9855\" data-image-description=\"\" data-image-caption=\"\" data-medium-file=\"https:\/\/i0.wp.com\/genevieveetbernardauxameriques.fr\/wp-content\/uploads\/2017\/04\/DSCN9855.jpg?fit=300%2C225&amp;ssl=1\" data-large-file=\"https:\/\/i0.wp.com\/genevieveetbernardauxameriques.fr\/wp-content\/uploads\/2017\/04\/DSCN9855.jpg?fit=640%2C480&amp;ssl=1\" class=\"wp-image-17663 aligncenter\" src=\"https:\/\/i0.wp.com\/genevieveetbernardauxameriques.fr\/wp-content\/uploads\/2017\/04\/DSCN9855.jpg?resize=373%2C280&#038;ssl=1\" alt=\"\" width=\"373\" height=\"280\" srcset=\"https:\/\/i0.wp.com\/genevieveetbernardauxameriques.fr\/wp-content\/uploads\/2017\/04\/DSCN9855.jpg?w=720&amp;ssl=1 720w, https:\/\/i0.wp.com\/genevieveetbernardauxameriques.fr\/wp-content\/uploads\/2017\/04\/DSCN9855.jpg?resize=300%2C225&amp;ssl=1 300w\" sizes=\"(max-width: 373px) 100vw, 373px\" data-recalc-dims=\"1\" \/><\/a><\/p>\n<p>qui\u00a0\u00e0 sa mort, a donn\u00e9 tout son mobilier et ses collections \u00e0 la ville pour en faire un mus\u00e9e. Il a v\u00e9cu \u00e0 Paris.<\/p>\n<div data-carousel-extra='{\"blog_id\":1,\"permalink\":\"https:\\\/\\\/genevieveetbernardauxameriques.fr\\\/index.php\\\/2017\\\/04\\\/18\\\/colombie-3eme-article-de-medellin-a-bogota\\\/\"}' id='gallery-1' class='gallery galleryid-17854 gallery-columns-2 gallery-size-full'><dl class='gallery-item'>\n\t\t\t<dt class='gallery-icon landscape'>\n\t\t\t\t<a href='https:\/\/genevieveetbernardauxameriques.fr\/index.php\/2017\/04\/06\/colombie-2eme-article-la-route-du-cafe\/dscn9850\/'><img loading=\"lazy\" decoding=\"async\" width=\"720\" height=\"540\" src=\"https:\/\/i0.wp.com\/genevieveetbernardauxameriques.fr\/wp-content\/uploads\/2017\/04\/DSCN9850.jpg?fit=720%2C540&amp;ssl=1\" class=\"attachment-full size-full\" alt=\"\" srcset=\"https:\/\/i0.wp.com\/genevieveetbernardauxameriques.fr\/wp-content\/uploads\/2017\/04\/DSCN9850.jpg?w=720&amp;ssl=1 720w, https:\/\/i0.wp.com\/genevieveetbernardauxameriques.fr\/wp-content\/uploads\/2017\/04\/DSCN9850.jpg?resize=300%2C225&amp;ssl=1 300w\" sizes=\"(max-width: 640px) 100vw, 640px\" data-attachment-id=\"17660\" data-permalink=\"https:\/\/genevieveetbernardauxameriques.fr\/index.php\/2017\/04\/06\/colombie-2eme-article-la-route-du-cafe\/dscn9850\/\" data-orig-file=\"https:\/\/i0.wp.com\/genevieveetbernardauxameriques.fr\/wp-content\/uploads\/2017\/04\/DSCN9850.jpg?fit=720%2C540&amp;ssl=1\" data-orig-size=\"720,540\" data-comments-opened=\"1\" data-image-meta=\"{&quot;aperture&quot;:&quot;2.8&quot;,&quot;credit&quot;:&quot;&quot;,&quot;camera&quot;:&quot;COOLPIX P900&quot;,&quot;caption&quot;:&quot;&quot;,&quot;created_timestamp&quot;:&quot;1490915796&quot;,&quot;copyright&quot;:&quot;&quot;,&quot;focal_length&quot;:&quot;4.3&quot;,&quot;iso&quot;:&quot;360&quot;,&quot;shutter_speed&quot;:&quot;0.033333333333333&quot;,&quot;title&quot;:&quot;&quot;,&quot;orientation&quot;:&quot;1&quot;}\" data-image-title=\"DSCN9850\" data-image-description=\"\" data-image-caption=\"\" data-medium-file=\"https:\/\/i0.wp.com\/genevieveetbernardauxameriques.fr\/wp-content\/uploads\/2017\/04\/DSCN9850.jpg?fit=300%2C225&amp;ssl=1\" data-large-file=\"https:\/\/i0.wp.com\/genevieveetbernardauxameriques.fr\/wp-content\/uploads\/2017\/04\/DSCN9850.jpg?fit=640%2C480&amp;ssl=1\" \/><\/a>\n\t\t\t<\/dt><\/dl><dl class='gallery-item'>\n\t\t\t<dt class='gallery-icon landscape'>\n\t\t\t\t<a href='https:\/\/genevieveetbernardauxameriques.fr\/index.php\/2017\/04\/06\/colombie-2eme-article-la-route-du-cafe\/dscn9852\/'><img loading=\"lazy\" decoding=\"async\" width=\"720\" height=\"540\" src=\"https:\/\/i0.wp.com\/genevieveetbernardauxameriques.fr\/wp-content\/uploads\/2017\/04\/DSCN9852.jpg?fit=720%2C540&amp;ssl=1\" class=\"attachment-full size-full\" alt=\"\" srcset=\"https:\/\/i0.wp.com\/genevieveetbernardauxameriques.fr\/wp-content\/uploads\/2017\/04\/DSCN9852.jpg?w=720&amp;ssl=1 720w, https:\/\/i0.wp.com\/genevieveetbernardauxameriques.fr\/wp-content\/uploads\/2017\/04\/DSCN9852.jpg?resize=300%2C225&amp;ssl=1 300w\" sizes=\"(max-width: 640px) 100vw, 640px\" data-attachment-id=\"17661\" data-permalink=\"https:\/\/genevieveetbernardauxameriques.fr\/index.php\/2017\/04\/06\/colombie-2eme-article-la-route-du-cafe\/dscn9852\/\" data-orig-file=\"https:\/\/i0.wp.com\/genevieveetbernardauxameriques.fr\/wp-content\/uploads\/2017\/04\/DSCN9852.jpg?fit=720%2C540&amp;ssl=1\" data-orig-size=\"720,540\" data-comments-opened=\"1\" data-image-meta=\"{&quot;aperture&quot;:&quot;3.5&quot;,&quot;credit&quot;:&quot;&quot;,&quot;camera&quot;:&quot;COOLPIX P900&quot;,&quot;caption&quot;:&quot;&quot;,&quot;created_timestamp&quot;:&quot;1490915825&quot;,&quot;copyright&quot;:&quot;&quot;,&quot;focal_length&quot;:&quot;9.8&quot;,&quot;iso&quot;:&quot;400&quot;,&quot;shutter_speed&quot;:&quot;0.076923076923077&quot;,&quot;title&quot;:&quot;&quot;,&quot;orientation&quot;:&quot;1&quot;}\" data-image-title=\"DSCN9852\" data-image-description=\"\" data-image-caption=\"\" data-medium-file=\"https:\/\/i0.wp.com\/genevieveetbernardauxameriques.fr\/wp-content\/uploads\/2017\/04\/DSCN9852.jpg?fit=300%2C225&amp;ssl=1\" data-large-file=\"https:\/\/i0.wp.com\/genevieveetbernardauxameriques.fr\/wp-content\/uploads\/2017\/04\/DSCN9852.jpg?fit=640%2C480&amp;ssl=1\" \/><\/a>\n\t\t\t<\/dt><\/dl><br style=\"clear: both\" \/><dl class='gallery-item'>\n\t\t\t<dt class='gallery-icon landscape'>\n\t\t\t\t<a href='https:\/\/genevieveetbernardauxameriques.fr\/index.php\/2017\/04\/06\/colombie-2eme-article-la-route-du-cafe\/dscn9853\/'><img loading=\"lazy\" decoding=\"async\" width=\"720\" height=\"540\" src=\"https:\/\/i0.wp.com\/genevieveetbernardauxameriques.fr\/wp-content\/uploads\/2017\/04\/DSCN9853.jpg?fit=720%2C540&amp;ssl=1\" class=\"attachment-full size-full\" alt=\"\" srcset=\"https:\/\/i0.wp.com\/genevieveetbernardauxameriques.fr\/wp-content\/uploads\/2017\/04\/DSCN9853.jpg?w=720&amp;ssl=1 720w, https:\/\/i0.wp.com\/genevieveetbernardauxameriques.fr\/wp-content\/uploads\/2017\/04\/DSCN9853.jpg?resize=300%2C225&amp;ssl=1 300w\" sizes=\"(max-width: 640px) 100vw, 640px\" data-attachment-id=\"17662\" data-permalink=\"https:\/\/genevieveetbernardauxameriques.fr\/index.php\/2017\/04\/06\/colombie-2eme-article-la-route-du-cafe\/dscn9853\/\" data-orig-file=\"https:\/\/i0.wp.com\/genevieveetbernardauxameriques.fr\/wp-content\/uploads\/2017\/04\/DSCN9853.jpg?fit=720%2C540&amp;ssl=1\" data-orig-size=\"720,540\" data-comments-opened=\"1\" data-image-meta=\"{&quot;aperture&quot;:&quot;2.8&quot;,&quot;credit&quot;:&quot;&quot;,&quot;camera&quot;:&quot;COOLPIX P900&quot;,&quot;caption&quot;:&quot;&quot;,&quot;created_timestamp&quot;:&quot;1490915868&quot;,&quot;copyright&quot;:&quot;&quot;,&quot;focal_length&quot;:&quot;4.3&quot;,&quot;iso&quot;:&quot;400&quot;,&quot;shutter_speed&quot;:&quot;0.125&quot;,&quot;title&quot;:&quot;&quot;,&quot;orientation&quot;:&quot;1&quot;}\" data-image-title=\"DSCN9853\" data-image-description=\"\" data-image-caption=\"\" data-medium-file=\"https:\/\/i0.wp.com\/genevieveetbernardauxameriques.fr\/wp-content\/uploads\/2017\/04\/DSCN9853.jpg?fit=300%2C225&amp;ssl=1\" data-large-file=\"https:\/\/i0.wp.com\/genevieveetbernardauxameriques.fr\/wp-content\/uploads\/2017\/04\/DSCN9853.jpg?fit=640%2C480&amp;ssl=1\" \/><\/a>\n\t\t\t<\/dt><\/dl><dl class='gallery-item'>\n\t\t\t<dt class='gallery-icon landscape'>\n\t\t\t\t<a href='https:\/\/genevieveetbernardauxameriques.fr\/index.php\/2017\/04\/06\/colombie-2eme-article-la-route-du-cafe\/dscn9856\/'><img loading=\"lazy\" decoding=\"async\" width=\"720\" height=\"540\" src=\"https:\/\/i0.wp.com\/genevieveetbernardauxameriques.fr\/wp-content\/uploads\/2017\/04\/DSCN9856.jpg?fit=720%2C540&amp;ssl=1\" class=\"attachment-full size-full\" alt=\"\" srcset=\"https:\/\/i0.wp.com\/genevieveetbernardauxameriques.fr\/wp-content\/uploads\/2017\/04\/DSCN9856.jpg?w=720&amp;ssl=1 720w, https:\/\/i0.wp.com\/genevieveetbernardauxameriques.fr\/wp-content\/uploads\/2017\/04\/DSCN9856.jpg?resize=300%2C225&amp;ssl=1 300w\" sizes=\"(max-width: 640px) 100vw, 640px\" data-attachment-id=\"17664\" data-permalink=\"https:\/\/genevieveetbernardauxameriques.fr\/index.php\/2017\/04\/06\/colombie-2eme-article-la-route-du-cafe\/dscn9856\/\" data-orig-file=\"https:\/\/i0.wp.com\/genevieveetbernardauxameriques.fr\/wp-content\/uploads\/2017\/04\/DSCN9856.jpg?fit=720%2C540&amp;ssl=1\" data-orig-size=\"720,540\" data-comments-opened=\"1\" data-image-meta=\"{&quot;aperture&quot;:&quot;2.8&quot;,&quot;credit&quot;:&quot;&quot;,&quot;camera&quot;:&quot;COOLPIX P900&quot;,&quot;caption&quot;:&quot;&quot;,&quot;created_timestamp&quot;:&quot;1490916181&quot;,&quot;copyright&quot;:&quot;&quot;,&quot;focal_length&quot;:&quot;4.3&quot;,&quot;iso&quot;:&quot;400&quot;,&quot;shutter_speed&quot;:&quot;0.04&quot;,&quot;title&quot;:&quot;&quot;,&quot;orientation&quot;:&quot;1&quot;}\" data-image-title=\"DSCN9856\" data-image-description=\"\" data-image-caption=\"\" data-medium-file=\"https:\/\/i0.wp.com\/genevieveetbernardauxameriques.fr\/wp-content\/uploads\/2017\/04\/DSCN9856.jpg?fit=300%2C225&amp;ssl=1\" data-large-file=\"https:\/\/i0.wp.com\/genevieveetbernardauxameriques.fr\/wp-content\/uploads\/2017\/04\/DSCN9856.jpg?fit=640%2C480&amp;ssl=1\" \/><\/a>\n\t\t\t<\/dt><\/dl><br style=\"clear: both\" \/><dl class='gallery-item'>\n\t\t\t<dt class='gallery-icon portrait'>\n\t\t\t\t<a href='https:\/\/genevieveetbernardauxameriques.fr\/index.php\/2017\/04\/06\/colombie-2eme-article-la-route-du-cafe\/dscn9857\/'><img loading=\"lazy\" decoding=\"async\" width=\"540\" height=\"720\" src=\"https:\/\/i0.wp.com\/genevieveetbernardauxameriques.fr\/wp-content\/uploads\/2017\/04\/DSCN9857.jpg?fit=540%2C720&amp;ssl=1\" class=\"attachment-full size-full\" alt=\"\" srcset=\"https:\/\/i0.wp.com\/genevieveetbernardauxameriques.fr\/wp-content\/uploads\/2017\/04\/DSCN9857.jpg?w=540&amp;ssl=1 540w, https:\/\/i0.wp.com\/genevieveetbernardauxameriques.fr\/wp-content\/uploads\/2017\/04\/DSCN9857.jpg?resize=225%2C300&amp;ssl=1 225w\" sizes=\"(max-width: 540px) 100vw, 540px\" data-attachment-id=\"17665\" data-permalink=\"https:\/\/genevieveetbernardauxameriques.fr\/index.php\/2017\/04\/06\/colombie-2eme-article-la-route-du-cafe\/dscn9857\/\" data-orig-file=\"https:\/\/i0.wp.com\/genevieveetbernardauxameriques.fr\/wp-content\/uploads\/2017\/04\/DSCN9857.jpg?fit=540%2C720&amp;ssl=1\" data-orig-size=\"540,720\" data-comments-opened=\"1\" data-image-meta=\"{&quot;aperture&quot;:&quot;2.8&quot;,&quot;credit&quot;:&quot;&quot;,&quot;camera&quot;:&quot;COOLPIX P900&quot;,&quot;caption&quot;:&quot;&quot;,&quot;created_timestamp&quot;:&quot;1490916187&quot;,&quot;copyright&quot;:&quot;&quot;,&quot;focal_length&quot;:&quot;4.3&quot;,&quot;iso&quot;:&quot;320&quot;,&quot;shutter_speed&quot;:&quot;0.033333333333333&quot;,&quot;title&quot;:&quot;&quot;,&quot;orientation&quot;:&quot;1&quot;}\" data-image-title=\"DSCN9857\" data-image-description=\"\" data-image-caption=\"\" data-medium-file=\"https:\/\/i0.wp.com\/genevieveetbernardauxameriques.fr\/wp-content\/uploads\/2017\/04\/DSCN9857.jpg?fit=225%2C300&amp;ssl=1\" data-large-file=\"https:\/\/i0.wp.com\/genevieveetbernardauxameriques.fr\/wp-content\/uploads\/2017\/04\/DSCN9857.jpg?fit=540%2C720&amp;ssl=1\" \/><\/a>\n\t\t\t<\/dt><\/dl><dl class='gallery-item'>\n\t\t\t<dt class='gallery-icon landscape'>\n\t\t\t\t<a href='https:\/\/genevieveetbernardauxameriques.fr\/index.php\/2017\/04\/06\/colombie-2eme-article-la-route-du-cafe\/dscn9858\/'><img loading=\"lazy\" decoding=\"async\" width=\"720\" height=\"540\" src=\"https:\/\/i0.wp.com\/genevieveetbernardauxameriques.fr\/wp-content\/uploads\/2017\/04\/DSCN9858.jpg?fit=720%2C540&amp;ssl=1\" class=\"attachment-full size-full\" alt=\"\" srcset=\"https:\/\/i0.wp.com\/genevieveetbernardauxameriques.fr\/wp-content\/uploads\/2017\/04\/DSCN9858.jpg?w=720&amp;ssl=1 720w, https:\/\/i0.wp.com\/genevieveetbernardauxameriques.fr\/wp-content\/uploads\/2017\/04\/DSCN9858.jpg?resize=300%2C225&amp;ssl=1 300w\" sizes=\"(max-width: 640px) 100vw, 640px\" data-attachment-id=\"17666\" data-permalink=\"https:\/\/genevieveetbernardauxameriques.fr\/index.php\/2017\/04\/06\/colombie-2eme-article-la-route-du-cafe\/dscn9858\/\" data-orig-file=\"https:\/\/i0.wp.com\/genevieveetbernardauxameriques.fr\/wp-content\/uploads\/2017\/04\/DSCN9858.jpg?fit=720%2C540&amp;ssl=1\" data-orig-size=\"720,540\" data-comments-opened=\"1\" data-image-meta=\"{&quot;aperture&quot;:&quot;2.8&quot;,&quot;credit&quot;:&quot;&quot;,&quot;camera&quot;:&quot;COOLPIX P900&quot;,&quot;caption&quot;:&quot;&quot;,&quot;created_timestamp&quot;:&quot;1490916194&quot;,&quot;copyright&quot;:&quot;&quot;,&quot;focal_length&quot;:&quot;4.3&quot;,&quot;iso&quot;:&quot;250&quot;,&quot;shutter_speed&quot;:&quot;0.033333333333333&quot;,&quot;title&quot;:&quot;&quot;,&quot;orientation&quot;:&quot;1&quot;}\" data-image-title=\"DSCN9858\" data-image-description=\"\" data-image-caption=\"\" data-medium-file=\"https:\/\/i0.wp.com\/genevieveetbernardauxameriques.fr\/wp-content\/uploads\/2017\/04\/DSCN9858.jpg?fit=300%2C225&amp;ssl=1\" data-large-file=\"https:\/\/i0.wp.com\/genevieveetbernardauxameriques.fr\/wp-content\/uploads\/2017\/04\/DSCN9858.jpg?fit=640%2C480&amp;ssl=1\" \/><\/a>\n\t\t\t<\/dt><\/dl><br style=\"clear: both\" \/>\n\t\t<\/div>\n\n<p>Puis visite de la ville.<\/p>\n<p><a href=\"https:\/\/i0.wp.com\/genevieveetbernardauxameriques.fr\/wp-content\/uploads\/2017\/04\/DSCN9892.jpg?ssl=1\"><img loading=\"lazy\" decoding=\"async\" data-attachment-id=\"17693\" data-permalink=\"https:\/\/genevieveetbernardauxameriques.fr\/index.php\/2017\/04\/06\/colombie-2eme-article-la-route-du-cafe\/dscn9892\/\" data-orig-file=\"https:\/\/i0.wp.com\/genevieveetbernardauxameriques.fr\/wp-content\/uploads\/2017\/04\/DSCN9892.jpg?fit=720%2C540&amp;ssl=1\" data-orig-size=\"720,540\" data-comments-opened=\"1\" data-image-meta=\"{&quot;aperture&quot;:&quot;3.2&quot;,&quot;credit&quot;:&quot;&quot;,&quot;camera&quot;:&quot;COOLPIX P900&quot;,&quot;caption&quot;:&quot;&quot;,&quot;created_timestamp&quot;:&quot;1490918157&quot;,&quot;copyright&quot;:&quot;&quot;,&quot;focal_length&quot;:&quot;5.9&quot;,&quot;iso&quot;:&quot;100&quot;,&quot;shutter_speed&quot;:&quot;0.0125&quot;,&quot;title&quot;:&quot;&quot;,&quot;orientation&quot;:&quot;1&quot;}\" data-image-title=\"DSCN9892\" data-image-description=\"\" data-image-caption=\"\" data-medium-file=\"https:\/\/i0.wp.com\/genevieveetbernardauxameriques.fr\/wp-content\/uploads\/2017\/04\/DSCN9892.jpg?fit=300%2C225&amp;ssl=1\" data-large-file=\"https:\/\/i0.wp.com\/genevieveetbernardauxameriques.fr\/wp-content\/uploads\/2017\/04\/DSCN9892.jpg?fit=640%2C480&amp;ssl=1\" class=\"alignnone size-full wp-image-17693\" src=\"https:\/\/i0.wp.com\/genevieveetbernardauxameriques.fr\/wp-content\/uploads\/2017\/04\/DSCN9892.jpg?resize=640%2C480&#038;ssl=1\" alt=\"\" width=\"640\" height=\"480\" srcset=\"https:\/\/i0.wp.com\/genevieveetbernardauxameriques.fr\/wp-content\/uploads\/2017\/04\/DSCN9892.jpg?w=720&amp;ssl=1 720w, https:\/\/i0.wp.com\/genevieveetbernardauxameriques.fr\/wp-content\/uploads\/2017\/04\/DSCN9892.jpg?resize=300%2C225&amp;ssl=1 300w\" sizes=\"(max-width: 640px) 100vw, 640px\" data-recalc-dims=\"1\" \/><\/a><\/p>\n<p>De magnifiques balcons :<\/p>\n<p><a href=\"https:\/\/i0.wp.com\/genevieveetbernardauxameriques.fr\/wp-content\/uploads\/2017\/04\/DSCN9876.jpg?ssl=1\"><img loading=\"lazy\" decoding=\"async\" data-attachment-id=\"17683\" data-permalink=\"https:\/\/genevieveetbernardauxameriques.fr\/index.php\/2017\/04\/06\/colombie-2eme-article-la-route-du-cafe\/dscn9876\/\" data-orig-file=\"https:\/\/i0.wp.com\/genevieveetbernardauxameriques.fr\/wp-content\/uploads\/2017\/04\/DSCN9876.jpg?fit=720%2C540&amp;ssl=1\" data-orig-size=\"720,540\" data-comments-opened=\"1\" data-image-meta=\"{&quot;aperture&quot;:&quot;3.5&quot;,&quot;credit&quot;:&quot;&quot;,&quot;camera&quot;:&quot;COOLPIX P900&quot;,&quot;caption&quot;:&quot;&quot;,&quot;created_timestamp&quot;:&quot;1490917087&quot;,&quot;copyright&quot;:&quot;&quot;,&quot;focal_length&quot;:&quot;13.4&quot;,&quot;iso&quot;:&quot;100&quot;,&quot;shutter_speed&quot;:&quot;0.003125&quot;,&quot;title&quot;:&quot;&quot;,&quot;orientation&quot;:&quot;1&quot;}\" data-image-title=\"DSCN9876\" data-image-description=\"\" data-image-caption=\"\" data-medium-file=\"https:\/\/i0.wp.com\/genevieveetbernardauxameriques.fr\/wp-content\/uploads\/2017\/04\/DSCN9876.jpg?fit=300%2C225&amp;ssl=1\" data-large-file=\"https:\/\/i0.wp.com\/genevieveetbernardauxameriques.fr\/wp-content\/uploads\/2017\/04\/DSCN9876.jpg?fit=640%2C480&amp;ssl=1\" class=\"alignnone size-full wp-image-17683\" src=\"https:\/\/i0.wp.com\/genevieveetbernardauxameriques.fr\/wp-content\/uploads\/2017\/04\/DSCN9876.jpg?resize=640%2C480&#038;ssl=1\" alt=\"\" width=\"640\" height=\"480\" srcset=\"https:\/\/i0.wp.com\/genevieveetbernardauxameriques.fr\/wp-content\/uploads\/2017\/04\/DSCN9876.jpg?w=720&amp;ssl=1 720w, https:\/\/i0.wp.com\/genevieveetbernardauxameriques.fr\/wp-content\/uploads\/2017\/04\/DSCN9876.jpg?resize=300%2C225&amp;ssl=1 300w\" sizes=\"(max-width: 640px) 100vw, 640px\" data-recalc-dims=\"1\" \/><\/a> <img loading=\"lazy\" decoding=\"async\" data-attachment-id=\"17696\" data-permalink=\"https:\/\/genevieveetbernardauxameriques.fr\/index.php\/2017\/04\/06\/colombie-2eme-article-la-route-du-cafe\/dscn9895\/\" data-orig-file=\"https:\/\/i0.wp.com\/genevieveetbernardauxameriques.fr\/wp-content\/uploads\/2017\/04\/DSCN9895.jpg?fit=720%2C540&amp;ssl=1\" data-orig-size=\"720,540\" data-comments-opened=\"1\" data-image-meta=\"{&quot;aperture&quot;:&quot;3.5&quot;,&quot;credit&quot;:&quot;&quot;,&quot;camera&quot;:&quot;COOLPIX P900&quot;,&quot;caption&quot;:&quot;&quot;,&quot;created_timestamp&quot;:&quot;1490918277&quot;,&quot;copyright&quot;:&quot;&quot;,&quot;focal_length&quot;:&quot;10.7&quot;,&quot;iso&quot;:&quot;100&quot;,&quot;shutter_speed&quot;:&quot;0.004&quot;,&quot;title&quot;:&quot;&quot;,&quot;orientation&quot;:&quot;1&quot;}\" data-image-title=\"DSCN9895\" data-image-description=\"\" data-image-caption=\"\" data-medium-file=\"https:\/\/i0.wp.com\/genevieveetbernardauxameriques.fr\/wp-content\/uploads\/2017\/04\/DSCN9895.jpg?fit=300%2C225&amp;ssl=1\" data-large-file=\"https:\/\/i0.wp.com\/genevieveetbernardauxameriques.fr\/wp-content\/uploads\/2017\/04\/DSCN9895.jpg?fit=640%2C480&amp;ssl=1\" class=\"alignnone size-full wp-image-17696\" src=\"https:\/\/i0.wp.com\/genevieveetbernardauxameriques.fr\/wp-content\/uploads\/2017\/04\/DSCN9895.jpg?resize=640%2C480&#038;ssl=1\" alt=\"\" width=\"640\" height=\"480\" srcset=\"https:\/\/i0.wp.com\/genevieveetbernardauxameriques.fr\/wp-content\/uploads\/2017\/04\/DSCN9895.jpg?w=720&amp;ssl=1 720w, https:\/\/i0.wp.com\/genevieveetbernardauxameriques.fr\/wp-content\/uploads\/2017\/04\/DSCN9895.jpg?resize=300%2C225&amp;ssl=1 300w\" sizes=\"(max-width: 640px) 100vw, 640px\" data-recalc-dims=\"1\" \/><a href=\"https:\/\/i0.wp.com\/genevieveetbernardauxameriques.fr\/wp-content\/uploads\/2017\/04\/DSCN9878.jpg?ssl=1\"><img loading=\"lazy\" decoding=\"async\" data-attachment-id=\"17685\" data-permalink=\"https:\/\/genevieveetbernardauxameriques.fr\/index.php\/2017\/04\/06\/colombie-2eme-article-la-route-du-cafe\/dscn9878\/\" data-orig-file=\"https:\/\/i0.wp.com\/genevieveetbernardauxameriques.fr\/wp-content\/uploads\/2017\/04\/DSCN9878.jpg?fit=720%2C540&amp;ssl=1\" data-orig-size=\"720,540\" data-comments-opened=\"1\" data-image-meta=\"{&quot;aperture&quot;:&quot;3.2&quot;,&quot;credit&quot;:&quot;&quot;,&quot;camera&quot;:&quot;COOLPIX P900&quot;,&quot;caption&quot;:&quot;&quot;,&quot;created_timestamp&quot;:&quot;1490917160&quot;,&quot;copyright&quot;:&quot;&quot;,&quot;focal_length&quot;:&quot;7.7&quot;,&quot;iso&quot;:&quot;100&quot;,&quot;shutter_speed&quot;:&quot;0.008&quot;,&quot;title&quot;:&quot;&quot;,&quot;orientation&quot;:&quot;1&quot;}\" data-image-title=\"DSCN9878\" data-image-description=\"\" data-image-caption=\"\" data-medium-file=\"https:\/\/i0.wp.com\/genevieveetbernardauxameriques.fr\/wp-content\/uploads\/2017\/04\/DSCN9878.jpg?fit=300%2C225&amp;ssl=1\" data-large-file=\"https:\/\/i0.wp.com\/genevieveetbernardauxameriques.fr\/wp-content\/uploads\/2017\/04\/DSCN9878.jpg?fit=640%2C480&amp;ssl=1\" class=\"alignnone size-full wp-image-17685\" src=\"https:\/\/i0.wp.com\/genevieveetbernardauxameriques.fr\/wp-content\/uploads\/2017\/04\/DSCN9878.jpg?resize=640%2C480&#038;ssl=1\" alt=\"\" width=\"640\" height=\"480\" srcset=\"https:\/\/i0.wp.com\/genevieveetbernardauxameriques.fr\/wp-content\/uploads\/2017\/04\/DSCN9878.jpg?w=720&amp;ssl=1 720w, https:\/\/i0.wp.com\/genevieveetbernardauxameriques.fr\/wp-content\/uploads\/2017\/04\/DSCN9878.jpg?resize=300%2C225&amp;ssl=1 300w\" sizes=\"(max-width: 640px) 100vw, 640px\" data-recalc-dims=\"1\" \/><\/a><img loading=\"lazy\" decoding=\"async\" data-attachment-id=\"17709\" data-permalink=\"https:\/\/genevieveetbernardauxameriques.fr\/index.php\/2017\/04\/06\/colombie-2eme-article-la-route-du-cafe\/dscn9910\/\" data-orig-file=\"https:\/\/i0.wp.com\/genevieveetbernardauxameriques.fr\/wp-content\/uploads\/2017\/04\/DSCN9910.jpg?fit=720%2C540&amp;ssl=1\" data-orig-size=\"720,540\" data-comments-opened=\"1\" data-image-meta=\"{&quot;aperture&quot;:&quot;3.2&quot;,&quot;credit&quot;:&quot;&quot;,&quot;camera&quot;:&quot;COOLPIX P900&quot;,&quot;caption&quot;:&quot;&quot;,&quot;created_timestamp&quot;:&quot;1490978419&quot;,&quot;copyright&quot;:&quot;&quot;,&quot;focal_length&quot;:&quot;8.4&quot;,&quot;iso&quot;:&quot;100&quot;,&quot;shutter_speed&quot;:&quot;0.0025&quot;,&quot;title&quot;:&quot;&quot;,&quot;orientation&quot;:&quot;1&quot;}\" data-image-title=\"DSCN9910\" data-image-description=\"\" data-image-caption=\"\" data-medium-file=\"https:\/\/i0.wp.com\/genevieveetbernardauxameriques.fr\/wp-content\/uploads\/2017\/04\/DSCN9910.jpg?fit=300%2C225&amp;ssl=1\" data-large-file=\"https:\/\/i0.wp.com\/genevieveetbernardauxameriques.fr\/wp-content\/uploads\/2017\/04\/DSCN9910.jpg?fit=640%2C480&amp;ssl=1\" class=\"alignnone size-full wp-image-17709\" src=\"https:\/\/i0.wp.com\/genevieveetbernardauxameriques.fr\/wp-content\/uploads\/2017\/04\/DSCN9910.jpg?resize=640%2C480&#038;ssl=1\" alt=\"\" width=\"640\" height=\"480\" srcset=\"https:\/\/i0.wp.com\/genevieveetbernardauxameriques.fr\/wp-content\/uploads\/2017\/04\/DSCN9910.jpg?w=720&amp;ssl=1 720w, https:\/\/i0.wp.com\/genevieveetbernardauxameriques.fr\/wp-content\/uploads\/2017\/04\/DSCN9910.jpg?resize=300%2C225&amp;ssl=1 300w\" sizes=\"(max-width: 640px) 100vw, 640px\" data-recalc-dims=\"1\" \/><\/p>\n<p><a href=\"https:\/\/i0.wp.com\/genevieveetbernardauxameriques.fr\/wp-content\/uploads\/2017\/04\/DSCN9861.jpg?ssl=1\"><img loading=\"lazy\" decoding=\"async\" data-attachment-id=\"17669\" data-permalink=\"https:\/\/genevieveetbernardauxameriques.fr\/index.php\/2017\/04\/06\/colombie-2eme-article-la-route-du-cafe\/dscn9861\/\" data-orig-file=\"https:\/\/i0.wp.com\/genevieveetbernardauxameriques.fr\/wp-content\/uploads\/2017\/04\/DSCN9861.jpg?fit=720%2C540&amp;ssl=1\" data-orig-size=\"720,540\" data-comments-opened=\"1\" data-image-meta=\"{&quot;aperture&quot;:&quot;2.8&quot;,&quot;credit&quot;:&quot;&quot;,&quot;camera&quot;:&quot;COOLPIX P900&quot;,&quot;caption&quot;:&quot;&quot;,&quot;created_timestamp&quot;:&quot;1490916352&quot;,&quot;copyright&quot;:&quot;&quot;,&quot;focal_length&quot;:&quot;4.3&quot;,&quot;iso&quot;:&quot;100&quot;,&quot;shutter_speed&quot;:&quot;0.005&quot;,&quot;title&quot;:&quot;&quot;,&quot;orientation&quot;:&quot;1&quot;}\" data-image-title=\"DSCN9861\" data-image-description=\"\" data-image-caption=\"\" data-medium-file=\"https:\/\/i0.wp.com\/genevieveetbernardauxameriques.fr\/wp-content\/uploads\/2017\/04\/DSCN9861.jpg?fit=300%2C225&amp;ssl=1\" data-large-file=\"https:\/\/i0.wp.com\/genevieveetbernardauxameriques.fr\/wp-content\/uploads\/2017\/04\/DSCN9861.jpg?fit=640%2C480&amp;ssl=1\" class=\"alignnone size-full wp-image-17669\" src=\"https:\/\/i0.wp.com\/genevieveetbernardauxameriques.fr\/wp-content\/uploads\/2017\/04\/DSCN9861.jpg?resize=640%2C480&#038;ssl=1\" alt=\"\" width=\"640\" height=\"480\" srcset=\"https:\/\/i0.wp.com\/genevieveetbernardauxameriques.fr\/wp-content\/uploads\/2017\/04\/DSCN9861.jpg?w=720&amp;ssl=1 720w, https:\/\/i0.wp.com\/genevieveetbernardauxameriques.fr\/wp-content\/uploads\/2017\/04\/DSCN9861.jpg?resize=300%2C225&amp;ssl=1 300w\" sizes=\"(max-width: 640px) 100vw, 640px\" data-recalc-dims=\"1\" \/><\/a><\/p>\n<p>et une ville encore bien pentue<\/p>\n<p><a href=\"https:\/\/i0.wp.com\/genevieveetbernardauxameriques.fr\/wp-content\/uploads\/2017\/04\/DSCN9886.jpg?ssl=1\"><img loading=\"lazy\" decoding=\"async\" data-attachment-id=\"17690\" data-permalink=\"https:\/\/genevieveetbernardauxameriques.fr\/index.php\/2017\/04\/06\/colombie-2eme-article-la-route-du-cafe\/dscn9886\/\" data-orig-file=\"https:\/\/i0.wp.com\/genevieveetbernardauxameriques.fr\/wp-content\/uploads\/2017\/04\/DSCN9886.jpg?fit=720%2C540&amp;ssl=1\" data-orig-size=\"720,540\" data-comments-opened=\"1\" data-image-meta=\"{&quot;aperture&quot;:&quot;4.5&quot;,&quot;credit&quot;:&quot;&quot;,&quot;camera&quot;:&quot;COOLPIX P900&quot;,&quot;caption&quot;:&quot;&quot;,&quot;created_timestamp&quot;:&quot;1490917907&quot;,&quot;copyright&quot;:&quot;&quot;,&quot;focal_length&quot;:&quot;26.8&quot;,&quot;iso&quot;:&quot;100&quot;,&quot;shutter_speed&quot;:&quot;0.0125&quot;,&quot;title&quot;:&quot;&quot;,&quot;orientation&quot;:&quot;1&quot;}\" data-image-title=\"DSCN9886\" data-image-description=\"\" data-image-caption=\"\" data-medium-file=\"https:\/\/i0.wp.com\/genevieveetbernardauxameriques.fr\/wp-content\/uploads\/2017\/04\/DSCN9886.jpg?fit=300%2C225&amp;ssl=1\" data-large-file=\"https:\/\/i0.wp.com\/genevieveetbernardauxameriques.fr\/wp-content\/uploads\/2017\/04\/DSCN9886.jpg?fit=640%2C480&amp;ssl=1\" class=\"alignnone size-full wp-image-17690\" src=\"https:\/\/i0.wp.com\/genevieveetbernardauxameriques.fr\/wp-content\/uploads\/2017\/04\/DSCN9886.jpg?resize=640%2C480&#038;ssl=1\" alt=\"\" width=\"640\" height=\"480\" srcset=\"https:\/\/i0.wp.com\/genevieveetbernardauxameriques.fr\/wp-content\/uploads\/2017\/04\/DSCN9886.jpg?w=720&amp;ssl=1 720w, https:\/\/i0.wp.com\/genevieveetbernardauxameriques.fr\/wp-content\/uploads\/2017\/04\/DSCN9886.jpg?resize=300%2C225&amp;ssl=1 300w\" sizes=\"(max-width: 640px) 100vw, 640px\" data-recalc-dims=\"1\" \/><\/a><a href=\"https:\/\/i0.wp.com\/genevieveetbernardauxameriques.fr\/wp-content\/uploads\/2017\/04\/DSCN9901.jpg?ssl=1\"><img loading=\"lazy\" decoding=\"async\" data-attachment-id=\"17701\" data-permalink=\"https:\/\/genevieveetbernardauxameriques.fr\/index.php\/2017\/04\/06\/colombie-2eme-article-la-route-du-cafe\/dscn9901\/\" data-orig-file=\"https:\/\/i0.wp.com\/genevieveetbernardauxameriques.fr\/wp-content\/uploads\/2017\/04\/DSCN9901.jpg?fit=720%2C540&amp;ssl=1\" data-orig-size=\"720,540\" data-comments-opened=\"1\" data-image-meta=\"{&quot;aperture&quot;:&quot;2.8&quot;,&quot;credit&quot;:&quot;&quot;,&quot;camera&quot;:&quot;COOLPIX P900&quot;,&quot;caption&quot;:&quot;&quot;,&quot;created_timestamp&quot;:&quot;1490921832&quot;,&quot;copyright&quot;:&quot;&quot;,&quot;focal_length&quot;:&quot;4.3&quot;,&quot;iso&quot;:&quot;100&quot;,&quot;shutter_speed&quot;:&quot;0.025&quot;,&quot;title&quot;:&quot;&quot;,&quot;orientation&quot;:&quot;1&quot;}\" data-image-title=\"DSCN9901\" data-image-description=\"\" data-image-caption=\"\" data-medium-file=\"https:\/\/i0.wp.com\/genevieveetbernardauxameriques.fr\/wp-content\/uploads\/2017\/04\/DSCN9901.jpg?fit=300%2C225&amp;ssl=1\" data-large-file=\"https:\/\/i0.wp.com\/genevieveetbernardauxameriques.fr\/wp-content\/uploads\/2017\/04\/DSCN9901.jpg?fit=640%2C480&amp;ssl=1\" class=\"alignnone size-full wp-image-17701\" src=\"https:\/\/i0.wp.com\/genevieveetbernardauxameriques.fr\/wp-content\/uploads\/2017\/04\/DSCN9901.jpg?resize=640%2C480&#038;ssl=1\" alt=\"\" width=\"640\" height=\"480\" srcset=\"https:\/\/i0.wp.com\/genevieveetbernardauxameriques.fr\/wp-content\/uploads\/2017\/04\/DSCN9901.jpg?w=720&amp;ssl=1 720w, https:\/\/i0.wp.com\/genevieveetbernardauxameriques.fr\/wp-content\/uploads\/2017\/04\/DSCN9901.jpg?resize=300%2C225&amp;ssl=1 300w\" sizes=\"(max-width: 640px) 100vw, 640px\" data-recalc-dims=\"1\" \/><\/a><img loading=\"lazy\" decoding=\"async\" data-attachment-id=\"17682\" data-permalink=\"https:\/\/genevieveetbernardauxameriques.fr\/index.php\/2017\/04\/06\/colombie-2eme-article-la-route-du-cafe\/dscn9875\/\" data-orig-file=\"https:\/\/i0.wp.com\/genevieveetbernardauxameriques.fr\/wp-content\/uploads\/2017\/04\/DSCN9875.jpg?fit=720%2C540&amp;ssl=1\" data-orig-size=\"720,540\" data-comments-opened=\"1\" data-image-meta=\"{&quot;aperture&quot;:&quot;3.2&quot;,&quot;credit&quot;:&quot;&quot;,&quot;camera&quot;:&quot;COOLPIX P900&quot;,&quot;caption&quot;:&quot;&quot;,&quot;created_timestamp&quot;:&quot;1490917073&quot;,&quot;copyright&quot;:&quot;&quot;,&quot;focal_length&quot;:&quot;7.7&quot;,&quot;iso&quot;:&quot;100&quot;,&quot;shutter_speed&quot;:&quot;0.003125&quot;,&quot;title&quot;:&quot;&quot;,&quot;orientation&quot;:&quot;1&quot;}\" data-image-title=\"DSCN9875\" data-image-description=\"\" data-image-caption=\"\" data-medium-file=\"https:\/\/i0.wp.com\/genevieveetbernardauxameriques.fr\/wp-content\/uploads\/2017\/04\/DSCN9875.jpg?fit=300%2C225&amp;ssl=1\" data-large-file=\"https:\/\/i0.wp.com\/genevieveetbernardauxameriques.fr\/wp-content\/uploads\/2017\/04\/DSCN9875.jpg?fit=640%2C480&amp;ssl=1\" class=\"alignnone size-full wp-image-17682\" src=\"https:\/\/i0.wp.com\/genevieveetbernardauxameriques.fr\/wp-content\/uploads\/2017\/04\/DSCN9875.jpg?resize=640%2C480&#038;ssl=1\" alt=\"\" width=\"640\" height=\"480\" srcset=\"https:\/\/i0.wp.com\/genevieveetbernardauxameriques.fr\/wp-content\/uploads\/2017\/04\/DSCN9875.jpg?w=720&amp;ssl=1 720w, https:\/\/i0.wp.com\/genevieveetbernardauxameriques.fr\/wp-content\/uploads\/2017\/04\/DSCN9875.jpg?resize=300%2C225&amp;ssl=1 300w\" sizes=\"(max-width: 640px) 100vw, 640px\" data-recalc-dims=\"1\" \/><\/p>\n<div data-carousel-extra='{\"blog_id\":1,\"permalink\":\"https:\\\/\\\/genevieveetbernardauxameriques.fr\\\/index.php\\\/2017\\\/04\\\/18\\\/colombie-3eme-article-de-medellin-a-bogota\\\/\"}' id='gallery-2' class='gallery galleryid-17854 gallery-columns-2 gallery-size-full'><dl class='gallery-item'>\n\t\t\t<dt class='gallery-icon landscape'>\n\t\t\t\t<a href='https:\/\/genevieveetbernardauxameriques.fr\/index.php\/2017\/04\/06\/colombie-2eme-article-la-route-du-cafe\/dscn9859\/'><img loading=\"lazy\" decoding=\"async\" width=\"720\" height=\"540\" src=\"https:\/\/i0.wp.com\/genevieveetbernardauxameriques.fr\/wp-content\/uploads\/2017\/04\/DSCN9859.jpg?fit=720%2C540&amp;ssl=1\" class=\"attachment-full size-full\" alt=\"\" srcset=\"https:\/\/i0.wp.com\/genevieveetbernardauxameriques.fr\/wp-content\/uploads\/2017\/04\/DSCN9859.jpg?w=720&amp;ssl=1 720w, https:\/\/i0.wp.com\/genevieveetbernardauxameriques.fr\/wp-content\/uploads\/2017\/04\/DSCN9859.jpg?resize=300%2C225&amp;ssl=1 300w\" sizes=\"(max-width: 640px) 100vw, 640px\" data-attachment-id=\"17667\" data-permalink=\"https:\/\/genevieveetbernardauxameriques.fr\/index.php\/2017\/04\/06\/colombie-2eme-article-la-route-du-cafe\/dscn9859\/\" data-orig-file=\"https:\/\/i0.wp.com\/genevieveetbernardauxameriques.fr\/wp-content\/uploads\/2017\/04\/DSCN9859.jpg?fit=720%2C540&amp;ssl=1\" data-orig-size=\"720,540\" data-comments-opened=\"1\" data-image-meta=\"{&quot;aperture&quot;:&quot;2.8&quot;,&quot;credit&quot;:&quot;&quot;,&quot;camera&quot;:&quot;COOLPIX P900&quot;,&quot;caption&quot;:&quot;&quot;,&quot;created_timestamp&quot;:&quot;1490916220&quot;,&quot;copyright&quot;:&quot;&quot;,&quot;focal_length&quot;:&quot;4.3&quot;,&quot;iso&quot;:&quot;100&quot;,&quot;shutter_speed&quot;:&quot;0.0025&quot;,&quot;title&quot;:&quot;&quot;,&quot;orientation&quot;:&quot;1&quot;}\" data-image-title=\"DSCN9859\" data-image-description=\"\" data-image-caption=\"\" data-medium-file=\"https:\/\/i0.wp.com\/genevieveetbernardauxameriques.fr\/wp-content\/uploads\/2017\/04\/DSCN9859.jpg?fit=300%2C225&amp;ssl=1\" data-large-file=\"https:\/\/i0.wp.com\/genevieveetbernardauxameriques.fr\/wp-content\/uploads\/2017\/04\/DSCN9859.jpg?fit=640%2C480&amp;ssl=1\" \/><\/a>\n\t\t\t<\/dt><\/dl><dl class='gallery-item'>\n\t\t\t<dt class='gallery-icon landscape'>\n\t\t\t\t<a href='https:\/\/genevieveetbernardauxameriques.fr\/index.php\/2017\/04\/06\/colombie-2eme-article-la-route-du-cafe\/dscn9860\/'><img loading=\"lazy\" decoding=\"async\" width=\"720\" height=\"540\" src=\"https:\/\/i0.wp.com\/genevieveetbernardauxameriques.fr\/wp-content\/uploads\/2017\/04\/DSCN9860.jpg?fit=720%2C540&amp;ssl=1\" class=\"attachment-full size-full\" alt=\"\" srcset=\"https:\/\/i0.wp.com\/genevieveetbernardauxameriques.fr\/wp-content\/uploads\/2017\/04\/DSCN9860.jpg?w=720&amp;ssl=1 720w, https:\/\/i0.wp.com\/genevieveetbernardauxameriques.fr\/wp-content\/uploads\/2017\/04\/DSCN9860.jpg?resize=300%2C225&amp;ssl=1 300w\" sizes=\"(max-width: 640px) 100vw, 640px\" data-attachment-id=\"17668\" data-permalink=\"https:\/\/genevieveetbernardauxameriques.fr\/index.php\/2017\/04\/06\/colombie-2eme-article-la-route-du-cafe\/dscn9860\/\" data-orig-file=\"https:\/\/i0.wp.com\/genevieveetbernardauxameriques.fr\/wp-content\/uploads\/2017\/04\/DSCN9860.jpg?fit=720%2C540&amp;ssl=1\" data-orig-size=\"720,540\" data-comments-opened=\"1\" data-image-meta=\"{&quot;aperture&quot;:&quot;2.8&quot;,&quot;credit&quot;:&quot;&quot;,&quot;camera&quot;:&quot;COOLPIX P900&quot;,&quot;caption&quot;:&quot;&quot;,&quot;created_timestamp&quot;:&quot;1490916328&quot;,&quot;copyright&quot;:&quot;&quot;,&quot;focal_length&quot;:&quot;4.3&quot;,&quot;iso&quot;:&quot;100&quot;,&quot;shutter_speed&quot;:&quot;0.005&quot;,&quot;title&quot;:&quot;&quot;,&quot;orientation&quot;:&quot;1&quot;}\" data-image-title=\"DSCN9860\" data-image-description=\"\" data-image-caption=\"\" data-medium-file=\"https:\/\/i0.wp.com\/genevieveetbernardauxameriques.fr\/wp-content\/uploads\/2017\/04\/DSCN9860.jpg?fit=300%2C225&amp;ssl=1\" data-large-file=\"https:\/\/i0.wp.com\/genevieveetbernardauxameriques.fr\/wp-content\/uploads\/2017\/04\/DSCN9860.jpg?fit=640%2C480&amp;ssl=1\" \/><\/a>\n\t\t\t<\/dt><\/dl><br style=\"clear: both\" \/><dl class='gallery-item'>\n\t\t\t<dt class='gallery-icon landscape'>\n\t\t\t\t<a href='https:\/\/genevieveetbernardauxameriques.fr\/index.php\/2017\/04\/06\/colombie-2eme-article-la-route-du-cafe\/dscn9862\/'><img loading=\"lazy\" decoding=\"async\" width=\"720\" height=\"540\" src=\"https:\/\/i0.wp.com\/genevieveetbernardauxameriques.fr\/wp-content\/uploads\/2017\/04\/DSCN9862.jpg?fit=720%2C540&amp;ssl=1\" class=\"attachment-full size-full\" alt=\"\" srcset=\"https:\/\/i0.wp.com\/genevieveetbernardauxameriques.fr\/wp-content\/uploads\/2017\/04\/DSCN9862.jpg?w=720&amp;ssl=1 720w, https:\/\/i0.wp.com\/genevieveetbernardauxameriques.fr\/wp-content\/uploads\/2017\/04\/DSCN9862.jpg?resize=300%2C225&amp;ssl=1 300w\" sizes=\"(max-width: 640px) 100vw, 640px\" data-attachment-id=\"17670\" data-permalink=\"https:\/\/genevieveetbernardauxameriques.fr\/index.php\/2017\/04\/06\/colombie-2eme-article-la-route-du-cafe\/dscn9862\/\" data-orig-file=\"https:\/\/i0.wp.com\/genevieveetbernardauxameriques.fr\/wp-content\/uploads\/2017\/04\/DSCN9862.jpg?fit=720%2C540&amp;ssl=1\" data-orig-size=\"720,540\" data-comments-opened=\"1\" data-image-meta=\"{&quot;aperture&quot;:&quot;2.8&quot;,&quot;credit&quot;:&quot;&quot;,&quot;camera&quot;:&quot;COOLPIX P900&quot;,&quot;caption&quot;:&quot;&quot;,&quot;created_timestamp&quot;:&quot;1490916385&quot;,&quot;copyright&quot;:&quot;&quot;,&quot;focal_length&quot;:&quot;4.3&quot;,&quot;iso&quot;:&quot;100&quot;,&quot;shutter_speed&quot;:&quot;0.005&quot;,&quot;title&quot;:&quot;&quot;,&quot;orientation&quot;:&quot;1&quot;}\" data-image-title=\"DSCN9862\" data-image-description=\"\" data-image-caption=\"\" data-medium-file=\"https:\/\/i0.wp.com\/genevieveetbernardauxameriques.fr\/wp-content\/uploads\/2017\/04\/DSCN9862.jpg?fit=300%2C225&amp;ssl=1\" data-large-file=\"https:\/\/i0.wp.com\/genevieveetbernardauxameriques.fr\/wp-content\/uploads\/2017\/04\/DSCN9862.jpg?fit=640%2C480&amp;ssl=1\" \/><\/a>\n\t\t\t<\/dt><\/dl><dl class='gallery-item'>\n\t\t\t<dt class='gallery-icon landscape'>\n\t\t\t\t<a href='https:\/\/genevieveetbernardauxameriques.fr\/index.php\/2017\/04\/06\/colombie-2eme-article-la-route-du-cafe\/dscn9863\/'><img loading=\"lazy\" decoding=\"async\" width=\"720\" height=\"540\" src=\"https:\/\/i0.wp.com\/genevieveetbernardauxameriques.fr\/wp-content\/uploads\/2017\/04\/DSCN9863.jpg?fit=720%2C540&amp;ssl=1\" class=\"attachment-full size-full\" alt=\"\" srcset=\"https:\/\/i0.wp.com\/genevieveetbernardauxameriques.fr\/wp-content\/uploads\/2017\/04\/DSCN9863.jpg?w=720&amp;ssl=1 720w, https:\/\/i0.wp.com\/genevieveetbernardauxameriques.fr\/wp-content\/uploads\/2017\/04\/DSCN9863.jpg?resize=300%2C225&amp;ssl=1 300w\" sizes=\"(max-width: 640px) 100vw, 640px\" data-attachment-id=\"17671\" data-permalink=\"https:\/\/genevieveetbernardauxameriques.fr\/index.php\/2017\/04\/06\/colombie-2eme-article-la-route-du-cafe\/dscn9863\/\" data-orig-file=\"https:\/\/i0.wp.com\/genevieveetbernardauxameriques.fr\/wp-content\/uploads\/2017\/04\/DSCN9863.jpg?fit=720%2C540&amp;ssl=1\" data-orig-size=\"720,540\" data-comments-opened=\"1\" data-image-meta=\"{&quot;aperture&quot;:&quot;3.2&quot;,&quot;credit&quot;:&quot;&quot;,&quot;camera&quot;:&quot;COOLPIX P900&quot;,&quot;caption&quot;:&quot;&quot;,&quot;created_timestamp&quot;:&quot;1490916426&quot;,&quot;copyright&quot;:&quot;&quot;,&quot;focal_length&quot;:&quot;7.7&quot;,&quot;iso&quot;:&quot;100&quot;,&quot;shutter_speed&quot;:&quot;0.003125&quot;,&quot;title&quot;:&quot;&quot;,&quot;orientation&quot;:&quot;1&quot;}\" data-image-title=\"DSCN9863\" data-image-description=\"\" data-image-caption=\"\" data-medium-file=\"https:\/\/i0.wp.com\/genevieveetbernardauxameriques.fr\/wp-content\/uploads\/2017\/04\/DSCN9863.jpg?fit=300%2C225&amp;ssl=1\" data-large-file=\"https:\/\/i0.wp.com\/genevieveetbernardauxameriques.fr\/wp-content\/uploads\/2017\/04\/DSCN9863.jpg?fit=640%2C480&amp;ssl=1\" \/><\/a>\n\t\t\t<\/dt><\/dl><br style=\"clear: both\" \/><dl class='gallery-item'>\n\t\t\t<dt class='gallery-icon landscape'>\n\t\t\t\t<a href='https:\/\/genevieveetbernardauxameriques.fr\/index.php\/2017\/04\/06\/colombie-2eme-article-la-route-du-cafe\/dscn9865\/'><img loading=\"lazy\" decoding=\"async\" width=\"720\" height=\"540\" src=\"https:\/\/i0.wp.com\/genevieveetbernardauxameriques.fr\/wp-content\/uploads\/2017\/04\/DSCN9865.jpg?fit=720%2C540&amp;ssl=1\" class=\"attachment-full size-full\" alt=\"\" srcset=\"https:\/\/i0.wp.com\/genevieveetbernardauxameriques.fr\/wp-content\/uploads\/2017\/04\/DSCN9865.jpg?w=720&amp;ssl=1 720w, https:\/\/i0.wp.com\/genevieveetbernardauxameriques.fr\/wp-content\/uploads\/2017\/04\/DSCN9865.jpg?resize=300%2C225&amp;ssl=1 300w\" sizes=\"(max-width: 640px) 100vw, 640px\" data-attachment-id=\"17673\" data-permalink=\"https:\/\/genevieveetbernardauxameriques.fr\/index.php\/2017\/04\/06\/colombie-2eme-article-la-route-du-cafe\/dscn9865\/\" data-orig-file=\"https:\/\/i0.wp.com\/genevieveetbernardauxameriques.fr\/wp-content\/uploads\/2017\/04\/DSCN9865.jpg?fit=720%2C540&amp;ssl=1\" data-orig-size=\"720,540\" data-comments-opened=\"1\" data-image-meta=\"{&quot;aperture&quot;:&quot;2.8&quot;,&quot;credit&quot;:&quot;&quot;,&quot;camera&quot;:&quot;COOLPIX P900&quot;,&quot;caption&quot;:&quot;&quot;,&quot;created_timestamp&quot;:&quot;1490916593&quot;,&quot;copyright&quot;:&quot;&quot;,&quot;focal_length&quot;:&quot;5&quot;,&quot;iso&quot;:&quot;100&quot;,&quot;shutter_speed&quot;:&quot;0.0025&quot;,&quot;title&quot;:&quot;&quot;,&quot;orientation&quot;:&quot;1&quot;}\" data-image-title=\"DSCN9865\" data-image-description=\"\" data-image-caption=\"\" data-medium-file=\"https:\/\/i0.wp.com\/genevieveetbernardauxameriques.fr\/wp-content\/uploads\/2017\/04\/DSCN9865.jpg?fit=300%2C225&amp;ssl=1\" data-large-file=\"https:\/\/i0.wp.com\/genevieveetbernardauxameriques.fr\/wp-content\/uploads\/2017\/04\/DSCN9865.jpg?fit=640%2C480&amp;ssl=1\" \/><\/a>\n\t\t\t<\/dt><\/dl><dl class='gallery-item'>\n\t\t\t<dt class='gallery-icon landscape'>\n\t\t\t\t<a href='https:\/\/genevieveetbernardauxameriques.fr\/index.php\/2017\/04\/06\/colombie-2eme-article-la-route-du-cafe\/dscn9871\/'><img loading=\"lazy\" decoding=\"async\" width=\"720\" height=\"540\" src=\"https:\/\/i0.wp.com\/genevieveetbernardauxameriques.fr\/wp-content\/uploads\/2017\/04\/DSCN9871.jpg?fit=720%2C540&amp;ssl=1\" class=\"attachment-full size-full\" alt=\"\" srcset=\"https:\/\/i0.wp.com\/genevieveetbernardauxameriques.fr\/wp-content\/uploads\/2017\/04\/DSCN9871.jpg?w=720&amp;ssl=1 720w, https:\/\/i0.wp.com\/genevieveetbernardauxameriques.fr\/wp-content\/uploads\/2017\/04\/DSCN9871.jpg?resize=300%2C225&amp;ssl=1 300w\" sizes=\"(max-width: 640px) 100vw, 640px\" data-attachment-id=\"17679\" data-permalink=\"https:\/\/genevieveetbernardauxameriques.fr\/index.php\/2017\/04\/06\/colombie-2eme-article-la-route-du-cafe\/dscn9871\/\" data-orig-file=\"https:\/\/i0.wp.com\/genevieveetbernardauxameriques.fr\/wp-content\/uploads\/2017\/04\/DSCN9871.jpg?fit=720%2C540&amp;ssl=1\" data-orig-size=\"720,540\" data-comments-opened=\"1\" data-image-meta=\"{&quot;aperture&quot;:&quot;2.8&quot;,&quot;credit&quot;:&quot;&quot;,&quot;camera&quot;:&quot;COOLPIX P900&quot;,&quot;caption&quot;:&quot;&quot;,&quot;created_timestamp&quot;:&quot;1490916952&quot;,&quot;copyright&quot;:&quot;&quot;,&quot;focal_length&quot;:&quot;4.3&quot;,&quot;iso&quot;:&quot;100&quot;,&quot;shutter_speed&quot;:&quot;0.00125&quot;,&quot;title&quot;:&quot;&quot;,&quot;orientation&quot;:&quot;1&quot;}\" data-image-title=\"DSCN9871\" data-image-description=\"\" data-image-caption=\"\" data-medium-file=\"https:\/\/i0.wp.com\/genevieveetbernardauxameriques.fr\/wp-content\/uploads\/2017\/04\/DSCN9871.jpg?fit=300%2C225&amp;ssl=1\" data-large-file=\"https:\/\/i0.wp.com\/genevieveetbernardauxameriques.fr\/wp-content\/uploads\/2017\/04\/DSCN9871.jpg?fit=640%2C480&amp;ssl=1\" \/><\/a>\n\t\t\t<\/dt><\/dl><br style=\"clear: both\" \/><dl class='gallery-item'>\n\t\t\t<dt class='gallery-icon landscape'>\n\t\t\t\t<a href='https:\/\/genevieveetbernardauxameriques.fr\/index.php\/2017\/04\/06\/colombie-2eme-article-la-route-du-cafe\/dscn9872\/'><img loading=\"lazy\" decoding=\"async\" width=\"720\" height=\"540\" src=\"https:\/\/i0.wp.com\/genevieveetbernardauxameriques.fr\/wp-content\/uploads\/2017\/04\/DSCN9872.jpg?fit=720%2C540&amp;ssl=1\" class=\"attachment-full size-full\" alt=\"\" srcset=\"https:\/\/i0.wp.com\/genevieveetbernardauxameriques.fr\/wp-content\/uploads\/2017\/04\/DSCN9872.jpg?w=720&amp;ssl=1 720w, https:\/\/i0.wp.com\/genevieveetbernardauxameriques.fr\/wp-content\/uploads\/2017\/04\/DSCN9872.jpg?resize=300%2C225&amp;ssl=1 300w\" sizes=\"(max-width: 640px) 100vw, 640px\" data-attachment-id=\"17680\" data-permalink=\"https:\/\/genevieveetbernardauxameriques.fr\/index.php\/2017\/04\/06\/colombie-2eme-article-la-route-du-cafe\/dscn9872\/\" data-orig-file=\"https:\/\/i0.wp.com\/genevieveetbernardauxameriques.fr\/wp-content\/uploads\/2017\/04\/DSCN9872.jpg?fit=720%2C540&amp;ssl=1\" data-orig-size=\"720,540\" data-comments-opened=\"1\" data-image-meta=\"{&quot;aperture&quot;:&quot;2.8&quot;,&quot;credit&quot;:&quot;&quot;,&quot;camera&quot;:&quot;COOLPIX P900&quot;,&quot;caption&quot;:&quot;&quot;,&quot;created_timestamp&quot;:&quot;1490916966&quot;,&quot;copyright&quot;:&quot;&quot;,&quot;focal_length&quot;:&quot;4.3&quot;,&quot;iso&quot;:&quot;100&quot;,&quot;shutter_speed&quot;:&quot;0.00125&quot;,&quot;title&quot;:&quot;&quot;,&quot;orientation&quot;:&quot;1&quot;}\" data-image-title=\"DSCN9872\" data-image-description=\"\" data-image-caption=\"\" data-medium-file=\"https:\/\/i0.wp.com\/genevieveetbernardauxameriques.fr\/wp-content\/uploads\/2017\/04\/DSCN9872.jpg?fit=300%2C225&amp;ssl=1\" data-large-file=\"https:\/\/i0.wp.com\/genevieveetbernardauxameriques.fr\/wp-content\/uploads\/2017\/04\/DSCN9872.jpg?fit=640%2C480&amp;ssl=1\" \/><\/a>\n\t\t\t<\/dt><\/dl><dl class='gallery-item'>\n\t\t\t<dt class='gallery-icon landscape'>\n\t\t\t\t<a href='https:\/\/genevieveetbernardauxameriques.fr\/index.php\/2017\/04\/06\/colombie-2eme-article-la-route-du-cafe\/dscn9877\/'><img loading=\"lazy\" decoding=\"async\" width=\"720\" height=\"540\" src=\"https:\/\/i0.wp.com\/genevieveetbernardauxameriques.fr\/wp-content\/uploads\/2017\/04\/DSCN9877.jpg?fit=720%2C540&amp;ssl=1\" class=\"attachment-full size-full\" alt=\"\" srcset=\"https:\/\/i0.wp.com\/genevieveetbernardauxameriques.fr\/wp-content\/uploads\/2017\/04\/DSCN9877.jpg?w=720&amp;ssl=1 720w, https:\/\/i0.wp.com\/genevieveetbernardauxameriques.fr\/wp-content\/uploads\/2017\/04\/DSCN9877.jpg?resize=300%2C225&amp;ssl=1 300w\" sizes=\"(max-width: 640px) 100vw, 640px\" data-attachment-id=\"17684\" data-permalink=\"https:\/\/genevieveetbernardauxameriques.fr\/index.php\/2017\/04\/06\/colombie-2eme-article-la-route-du-cafe\/dscn9877\/\" data-orig-file=\"https:\/\/i0.wp.com\/genevieveetbernardauxameriques.fr\/wp-content\/uploads\/2017\/04\/DSCN9877.jpg?fit=720%2C540&amp;ssl=1\" data-orig-size=\"720,540\" data-comments-opened=\"1\" data-image-meta=\"{&quot;aperture&quot;:&quot;3.5&quot;,&quot;credit&quot;:&quot;&quot;,&quot;camera&quot;:&quot;COOLPIX P900&quot;,&quot;caption&quot;:&quot;&quot;,&quot;created_timestamp&quot;:&quot;1490917133&quot;,&quot;copyright&quot;:&quot;&quot;,&quot;focal_length&quot;:&quot;8.9&quot;,&quot;iso&quot;:&quot;100&quot;,&quot;shutter_speed&quot;:&quot;0.0025&quot;,&quot;title&quot;:&quot;&quot;,&quot;orientation&quot;:&quot;1&quot;}\" data-image-title=\"DSCN9877\" data-image-description=\"\" data-image-caption=\"\" data-medium-file=\"https:\/\/i0.wp.com\/genevieveetbernardauxameriques.fr\/wp-content\/uploads\/2017\/04\/DSCN9877.jpg?fit=300%2C225&amp;ssl=1\" data-large-file=\"https:\/\/i0.wp.com\/genevieveetbernardauxameriques.fr\/wp-content\/uploads\/2017\/04\/DSCN9877.jpg?fit=640%2C480&amp;ssl=1\" \/><\/a>\n\t\t\t<\/dt><\/dl><br style=\"clear: both\" \/><dl class='gallery-item'>\n\t\t\t<dt class='gallery-icon landscape'>\n\t\t\t\t<a href='https:\/\/genevieveetbernardauxameriques.fr\/index.php\/2017\/04\/06\/colombie-2eme-article-la-route-du-cafe\/dscn9881\/'><img loading=\"lazy\" decoding=\"async\" width=\"720\" height=\"540\" src=\"https:\/\/i0.wp.com\/genevieveetbernardauxameriques.fr\/wp-content\/uploads\/2017\/04\/DSCN9881.jpg?fit=720%2C540&amp;ssl=1\" class=\"attachment-full size-full\" alt=\"\" srcset=\"https:\/\/i0.wp.com\/genevieveetbernardauxameriques.fr\/wp-content\/uploads\/2017\/04\/DSCN9881.jpg?w=720&amp;ssl=1 720w, https:\/\/i0.wp.com\/genevieveetbernardauxameriques.fr\/wp-content\/uploads\/2017\/04\/DSCN9881.jpg?resize=300%2C225&amp;ssl=1 300w\" sizes=\"(max-width: 640px) 100vw, 640px\" data-attachment-id=\"17687\" data-permalink=\"https:\/\/genevieveetbernardauxameriques.fr\/index.php\/2017\/04\/06\/colombie-2eme-article-la-route-du-cafe\/dscn9881\/\" data-orig-file=\"https:\/\/i0.wp.com\/genevieveetbernardauxameriques.fr\/wp-content\/uploads\/2017\/04\/DSCN9881.jpg?fit=720%2C540&amp;ssl=1\" data-orig-size=\"720,540\" data-comments-opened=\"1\" data-image-meta=\"{&quot;aperture&quot;:&quot;4.5&quot;,&quot;credit&quot;:&quot;&quot;,&quot;camera&quot;:&quot;COOLPIX P900&quot;,&quot;caption&quot;:&quot;&quot;,&quot;created_timestamp&quot;:&quot;1490917448&quot;,&quot;copyright&quot;:&quot;&quot;,&quot;focal_length&quot;:&quot;39.3&quot;,&quot;iso&quot;:&quot;110&quot;,&quot;shutter_speed&quot;:&quot;0.008&quot;,&quot;title&quot;:&quot;&quot;,&quot;orientation&quot;:&quot;1&quot;}\" data-image-title=\"DSCN9881\" data-image-description=\"\" data-image-caption=\"\" data-medium-file=\"https:\/\/i0.wp.com\/genevieveetbernardauxameriques.fr\/wp-content\/uploads\/2017\/04\/DSCN9881.jpg?fit=300%2C225&amp;ssl=1\" data-large-file=\"https:\/\/i0.wp.com\/genevieveetbernardauxameriques.fr\/wp-content\/uploads\/2017\/04\/DSCN9881.jpg?fit=640%2C480&amp;ssl=1\" \/><\/a>\n\t\t\t<\/dt><\/dl><dl class='gallery-item'>\n\t\t\t<dt class='gallery-icon landscape'>\n\t\t\t\t<a href='https:\/\/genevieveetbernardauxameriques.fr\/index.php\/2017\/04\/06\/colombie-2eme-article-la-route-du-cafe\/dscn9887\/'><img loading=\"lazy\" decoding=\"async\" width=\"720\" height=\"540\" src=\"https:\/\/i0.wp.com\/genevieveetbernardauxameriques.fr\/wp-content\/uploads\/2017\/04\/DSCN9887.jpg?fit=720%2C540&amp;ssl=1\" class=\"attachment-full size-full\" alt=\"\" srcset=\"https:\/\/i0.wp.com\/genevieveetbernardauxameriques.fr\/wp-content\/uploads\/2017\/04\/DSCN9887.jpg?w=720&amp;ssl=1 720w, https:\/\/i0.wp.com\/genevieveetbernardauxameriques.fr\/wp-content\/uploads\/2017\/04\/DSCN9887.jpg?resize=300%2C225&amp;ssl=1 300w\" sizes=\"(max-width: 640px) 100vw, 640px\" data-attachment-id=\"17691\" data-permalink=\"https:\/\/genevieveetbernardauxameriques.fr\/index.php\/2017\/04\/06\/colombie-2eme-article-la-route-du-cafe\/dscn9887\/\" data-orig-file=\"https:\/\/i0.wp.com\/genevieveetbernardauxameriques.fr\/wp-content\/uploads\/2017\/04\/DSCN9887.jpg?fit=720%2C540&amp;ssl=1\" data-orig-size=\"720,540\" data-comments-opened=\"1\" data-image-meta=\"{&quot;aperture&quot;:&quot;3.2&quot;,&quot;credit&quot;:&quot;&quot;,&quot;camera&quot;:&quot;COOLPIX P900&quot;,&quot;caption&quot;:&quot;&quot;,&quot;created_timestamp&quot;:&quot;1490918034&quot;,&quot;copyright&quot;:&quot;&quot;,&quot;focal_length&quot;:&quot;7.7&quot;,&quot;iso&quot;:&quot;100&quot;,&quot;shutter_speed&quot;:&quot;0.005&quot;,&quot;title&quot;:&quot;&quot;,&quot;orientation&quot;:&quot;1&quot;}\" data-image-title=\"DSCN9887\" data-image-description=\"\" data-image-caption=\"\" data-medium-file=\"https:\/\/i0.wp.com\/genevieveetbernardauxameriques.fr\/wp-content\/uploads\/2017\/04\/DSCN9887.jpg?fit=300%2C225&amp;ssl=1\" data-large-file=\"https:\/\/i0.wp.com\/genevieveetbernardauxameriques.fr\/wp-content\/uploads\/2017\/04\/DSCN9887.jpg?fit=640%2C480&amp;ssl=1\" \/><\/a>\n\t\t\t<\/dt><\/dl><br style=\"clear: both\" \/><dl class='gallery-item'>\n\t\t\t<dt class='gallery-icon landscape'>\n\t\t\t\t<a href='https:\/\/genevieveetbernardauxameriques.fr\/index.php\/2017\/04\/06\/colombie-2eme-article-la-route-du-cafe\/dscn9889\/'><img loading=\"lazy\" decoding=\"async\" width=\"720\" height=\"540\" src=\"https:\/\/i0.wp.com\/genevieveetbernardauxameriques.fr\/wp-content\/uploads\/2017\/04\/DSCN9889.jpg?fit=720%2C540&amp;ssl=1\" class=\"attachment-full size-full\" alt=\"\" srcset=\"https:\/\/i0.wp.com\/genevieveetbernardauxameriques.fr\/wp-content\/uploads\/2017\/04\/DSCN9889.jpg?w=720&amp;ssl=1 720w, https:\/\/i0.wp.com\/genevieveetbernardauxameriques.fr\/wp-content\/uploads\/2017\/04\/DSCN9889.jpg?resize=300%2C225&amp;ssl=1 300w\" sizes=\"(max-width: 640px) 100vw, 640px\" data-attachment-id=\"17692\" data-permalink=\"https:\/\/genevieveetbernardauxameriques.fr\/index.php\/2017\/04\/06\/colombie-2eme-article-la-route-du-cafe\/dscn9889\/\" data-orig-file=\"https:\/\/i0.wp.com\/genevieveetbernardauxameriques.fr\/wp-content\/uploads\/2017\/04\/DSCN9889.jpg?fit=720%2C540&amp;ssl=1\" data-orig-size=\"720,540\" data-comments-opened=\"1\" data-image-meta=\"{&quot;aperture&quot;:&quot;2.8&quot;,&quot;credit&quot;:&quot;&quot;,&quot;camera&quot;:&quot;COOLPIX P900&quot;,&quot;caption&quot;:&quot;&quot;,&quot;created_timestamp&quot;:&quot;1490918076&quot;,&quot;copyright&quot;:&quot;&quot;,&quot;focal_length&quot;:&quot;4.3&quot;,&quot;iso&quot;:&quot;100&quot;,&quot;shutter_speed&quot;:&quot;0.00625&quot;,&quot;title&quot;:&quot;&quot;,&quot;orientation&quot;:&quot;1&quot;}\" data-image-title=\"DSCN9889\" data-image-description=\"\" data-image-caption=\"\" data-medium-file=\"https:\/\/i0.wp.com\/genevieveetbernardauxameriques.fr\/wp-content\/uploads\/2017\/04\/DSCN9889.jpg?fit=300%2C225&amp;ssl=1\" data-large-file=\"https:\/\/i0.wp.com\/genevieveetbernardauxameriques.fr\/wp-content\/uploads\/2017\/04\/DSCN9889.jpg?fit=640%2C480&amp;ssl=1\" \/><\/a>\n\t\t\t<\/dt><\/dl><dl class='gallery-item'>\n\t\t\t<dt class='gallery-icon landscape'>\n\t\t\t\t<a href='https:\/\/genevieveetbernardauxameriques.fr\/index.php\/2017\/04\/06\/colombie-2eme-article-la-route-du-cafe\/dscn9893\/'><img loading=\"lazy\" decoding=\"async\" width=\"720\" height=\"540\" src=\"https:\/\/i0.wp.com\/genevieveetbernardauxameriques.fr\/wp-content\/uploads\/2017\/04\/DSCN9893.jpg?fit=720%2C540&amp;ssl=1\" class=\"attachment-full size-full\" alt=\"\" srcset=\"https:\/\/i0.wp.com\/genevieveetbernardauxameriques.fr\/wp-content\/uploads\/2017\/04\/DSCN9893.jpg?w=720&amp;ssl=1 720w, https:\/\/i0.wp.com\/genevieveetbernardauxameriques.fr\/wp-content\/uploads\/2017\/04\/DSCN9893.jpg?resize=300%2C225&amp;ssl=1 300w\" sizes=\"(max-width: 640px) 100vw, 640px\" data-attachment-id=\"17694\" data-permalink=\"https:\/\/genevieveetbernardauxameriques.fr\/index.php\/2017\/04\/06\/colombie-2eme-article-la-route-du-cafe\/dscn9893\/\" data-orig-file=\"https:\/\/i0.wp.com\/genevieveetbernardauxameriques.fr\/wp-content\/uploads\/2017\/04\/DSCN9893.jpg?fit=720%2C540&amp;ssl=1\" data-orig-size=\"720,540\" data-comments-opened=\"1\" data-image-meta=\"{&quot;aperture&quot;:&quot;2.8&quot;,&quot;credit&quot;:&quot;&quot;,&quot;camera&quot;:&quot;COOLPIX P900&quot;,&quot;caption&quot;:&quot;&quot;,&quot;created_timestamp&quot;:&quot;1490918234&quot;,&quot;copyright&quot;:&quot;&quot;,&quot;focal_length&quot;:&quot;4.3&quot;,&quot;iso&quot;:&quot;100&quot;,&quot;shutter_speed&quot;:&quot;0.005&quot;,&quot;title&quot;:&quot;&quot;,&quot;orientation&quot;:&quot;1&quot;}\" data-image-title=\"DSCN9893\" data-image-description=\"\" data-image-caption=\"\" data-medium-file=\"https:\/\/i0.wp.com\/genevieveetbernardauxameriques.fr\/wp-content\/uploads\/2017\/04\/DSCN9893.jpg?fit=300%2C225&amp;ssl=1\" data-large-file=\"https:\/\/i0.wp.com\/genevieveetbernardauxameriques.fr\/wp-content\/uploads\/2017\/04\/DSCN9893.jpg?fit=640%2C480&amp;ssl=1\" \/><\/a>\n\t\t\t<\/dt><\/dl><br style=\"clear: both\" \/><dl class='gallery-item'>\n\t\t\t<dt class='gallery-icon landscape'>\n\t\t\t\t<a href='https:\/\/genevieveetbernardauxameriques.fr\/index.php\/2017\/04\/06\/colombie-2eme-article-la-route-du-cafe\/dscn9894\/'><img loading=\"lazy\" decoding=\"async\" width=\"720\" height=\"540\" src=\"https:\/\/i0.wp.com\/genevieveetbernardauxameriques.fr\/wp-content\/uploads\/2017\/04\/DSCN9894.jpg?fit=720%2C540&amp;ssl=1\" class=\"attachment-full size-full\" alt=\"\" srcset=\"https:\/\/i0.wp.com\/genevieveetbernardauxameriques.fr\/wp-content\/uploads\/2017\/04\/DSCN9894.jpg?w=720&amp;ssl=1 720w, https:\/\/i0.wp.com\/genevieveetbernardauxameriques.fr\/wp-content\/uploads\/2017\/04\/DSCN9894.jpg?resize=300%2C225&amp;ssl=1 300w\" sizes=\"(max-width: 640px) 100vw, 640px\" data-attachment-id=\"17695\" data-permalink=\"https:\/\/genevieveetbernardauxameriques.fr\/index.php\/2017\/04\/06\/colombie-2eme-article-la-route-du-cafe\/dscn9894\/\" data-orig-file=\"https:\/\/i0.wp.com\/genevieveetbernardauxameriques.fr\/wp-content\/uploads\/2017\/04\/DSCN9894.jpg?fit=720%2C540&amp;ssl=1\" data-orig-size=\"720,540\" data-comments-opened=\"1\" data-image-meta=\"{&quot;aperture&quot;:&quot;3.2&quot;,&quot;credit&quot;:&quot;&quot;,&quot;camera&quot;:&quot;COOLPIX P900&quot;,&quot;caption&quot;:&quot;&quot;,&quot;created_timestamp&quot;:&quot;1490918252&quot;,&quot;copyright&quot;:&quot;&quot;,&quot;focal_length&quot;:&quot;5.4&quot;,&quot;iso&quot;:&quot;100&quot;,&quot;shutter_speed&quot;:&quot;0.004&quot;,&quot;title&quot;:&quot;&quot;,&quot;orientation&quot;:&quot;1&quot;}\" data-image-title=\"DSCN9894\" data-image-description=\"\" data-image-caption=\"\" data-medium-file=\"https:\/\/i0.wp.com\/genevieveetbernardauxameriques.fr\/wp-content\/uploads\/2017\/04\/DSCN9894.jpg?fit=300%2C225&amp;ssl=1\" data-large-file=\"https:\/\/i0.wp.com\/genevieveetbernardauxameriques.fr\/wp-content\/uploads\/2017\/04\/DSCN9894.jpg?fit=640%2C480&amp;ssl=1\" \/><\/a>\n\t\t\t<\/dt><\/dl><dl class='gallery-item'>\n\t\t\t<dt class='gallery-icon landscape'>\n\t\t\t\t<a href='https:\/\/genevieveetbernardauxameriques.fr\/index.php\/2017\/04\/06\/colombie-2eme-article-la-route-du-cafe\/dscn9898\/'><img loading=\"lazy\" decoding=\"async\" width=\"720\" height=\"540\" src=\"https:\/\/i0.wp.com\/genevieveetbernardauxameriques.fr\/wp-content\/uploads\/2017\/04\/DSCN9898.jpg?fit=720%2C540&amp;ssl=1\" class=\"attachment-full size-full\" alt=\"\" srcset=\"https:\/\/i0.wp.com\/genevieveetbernardauxameriques.fr\/wp-content\/uploads\/2017\/04\/DSCN9898.jpg?w=720&amp;ssl=1 720w, https:\/\/i0.wp.com\/genevieveetbernardauxameriques.fr\/wp-content\/uploads\/2017\/04\/DSCN9898.jpg?resize=300%2C225&amp;ssl=1 300w\" sizes=\"(max-width: 640px) 100vw, 640px\" data-attachment-id=\"17698\" data-permalink=\"https:\/\/genevieveetbernardauxameriques.fr\/index.php\/2017\/04\/06\/colombie-2eme-article-la-route-du-cafe\/dscn9898\/\" data-orig-file=\"https:\/\/i0.wp.com\/genevieveetbernardauxameriques.fr\/wp-content\/uploads\/2017\/04\/DSCN9898.jpg?fit=720%2C540&amp;ssl=1\" data-orig-size=\"720,540\" data-comments-opened=\"1\" data-image-meta=\"{&quot;aperture&quot;:&quot;3.2&quot;,&quot;credit&quot;:&quot;&quot;,&quot;camera&quot;:&quot;COOLPIX P900&quot;,&quot;caption&quot;:&quot;&quot;,&quot;created_timestamp&quot;:&quot;1490918466&quot;,&quot;copyright&quot;:&quot;&quot;,&quot;focal_length&quot;:&quot;6.2&quot;,&quot;iso&quot;:&quot;100&quot;,&quot;shutter_speed&quot;:&quot;0.008&quot;,&quot;title&quot;:&quot;&quot;,&quot;orientation&quot;:&quot;1&quot;}\" data-image-title=\"DSCN9898\" data-image-description=\"\" data-image-caption=\"\" data-medium-file=\"https:\/\/i0.wp.com\/genevieveetbernardauxameriques.fr\/wp-content\/uploads\/2017\/04\/DSCN9898.jpg?fit=300%2C225&amp;ssl=1\" data-large-file=\"https:\/\/i0.wp.com\/genevieveetbernardauxameriques.fr\/wp-content\/uploads\/2017\/04\/DSCN9898.jpg?fit=640%2C480&amp;ssl=1\" \/><\/a>\n\t\t\t<\/dt><\/dl><br style=\"clear: both\" \/><dl class='gallery-item'>\n\t\t\t<dt class='gallery-icon landscape'>\n\t\t\t\t<a href='https:\/\/genevieveetbernardauxameriques.fr\/index.php\/2017\/04\/06\/colombie-2eme-article-la-route-du-cafe\/dscn9902\/'><img loading=\"lazy\" decoding=\"async\" width=\"720\" height=\"540\" src=\"https:\/\/i0.wp.com\/genevieveetbernardauxameriques.fr\/wp-content\/uploads\/2017\/04\/DSCN9902.jpg?fit=720%2C540&amp;ssl=1\" class=\"attachment-full size-full\" alt=\"\" srcset=\"https:\/\/i0.wp.com\/genevieveetbernardauxameriques.fr\/wp-content\/uploads\/2017\/04\/DSCN9902.jpg?w=720&amp;ssl=1 720w, https:\/\/i0.wp.com\/genevieveetbernardauxameriques.fr\/wp-content\/uploads\/2017\/04\/DSCN9902.jpg?resize=300%2C225&amp;ssl=1 300w\" sizes=\"(max-width: 640px) 100vw, 640px\" data-attachment-id=\"17702\" data-permalink=\"https:\/\/genevieveetbernardauxameriques.fr\/index.php\/2017\/04\/06\/colombie-2eme-article-la-route-du-cafe\/dscn9902\/\" data-orig-file=\"https:\/\/i0.wp.com\/genevieveetbernardauxameriques.fr\/wp-content\/uploads\/2017\/04\/DSCN9902.jpg?fit=720%2C540&amp;ssl=1\" data-orig-size=\"720,540\" data-comments-opened=\"1\" data-image-meta=\"{&quot;aperture&quot;:&quot;2.8&quot;,&quot;credit&quot;:&quot;&quot;,&quot;camera&quot;:&quot;COOLPIX P900&quot;,&quot;caption&quot;:&quot;&quot;,&quot;created_timestamp&quot;:&quot;1490974580&quot;,&quot;copyright&quot;:&quot;&quot;,&quot;focal_length&quot;:&quot;4.3&quot;,&quot;iso&quot;:&quot;100&quot;,&quot;shutter_speed&quot;:&quot;0.0005&quot;,&quot;title&quot;:&quot;&quot;,&quot;orientation&quot;:&quot;1&quot;}\" data-image-title=\"DSCN9902\" data-image-description=\"\" data-image-caption=\"\" data-medium-file=\"https:\/\/i0.wp.com\/genevieveetbernardauxameriques.fr\/wp-content\/uploads\/2017\/04\/DSCN9902.jpg?fit=300%2C225&amp;ssl=1\" data-large-file=\"https:\/\/i0.wp.com\/genevieveetbernardauxameriques.fr\/wp-content\/uploads\/2017\/04\/DSCN9902.jpg?fit=640%2C480&amp;ssl=1\" \/><\/a>\n\t\t\t<\/dt><\/dl><dl class='gallery-item'>\n\t\t\t<dt class='gallery-icon landscape'>\n\t\t\t\t<a href='https:\/\/genevieveetbernardauxameriques.fr\/index.php\/2017\/04\/06\/colombie-2eme-article-la-route-du-cafe\/dscn9908\/'><img loading=\"lazy\" decoding=\"async\" width=\"720\" height=\"540\" src=\"https:\/\/i0.wp.com\/genevieveetbernardauxameriques.fr\/wp-content\/uploads\/2017\/04\/DSCN9908.jpg?fit=720%2C540&amp;ssl=1\" class=\"attachment-full size-full\" alt=\"\" srcset=\"https:\/\/i0.wp.com\/genevieveetbernardauxameriques.fr\/wp-content\/uploads\/2017\/04\/DSCN9908.jpg?w=720&amp;ssl=1 720w, https:\/\/i0.wp.com\/genevieveetbernardauxameriques.fr\/wp-content\/uploads\/2017\/04\/DSCN9908.jpg?resize=300%2C225&amp;ssl=1 300w\" sizes=\"(max-width: 640px) 100vw, 640px\" data-attachment-id=\"17707\" data-permalink=\"https:\/\/genevieveetbernardauxameriques.fr\/index.php\/2017\/04\/06\/colombie-2eme-article-la-route-du-cafe\/dscn9908\/\" data-orig-file=\"https:\/\/i0.wp.com\/genevieveetbernardauxameriques.fr\/wp-content\/uploads\/2017\/04\/DSCN9908.jpg?fit=720%2C540&amp;ssl=1\" data-orig-size=\"720,540\" data-comments-opened=\"1\" data-image-meta=\"{&quot;aperture&quot;:&quot;3.2&quot;,&quot;credit&quot;:&quot;&quot;,&quot;camera&quot;:&quot;COOLPIX P900&quot;,&quot;caption&quot;:&quot;&quot;,&quot;created_timestamp&quot;:&quot;1490978309&quot;,&quot;copyright&quot;:&quot;&quot;,&quot;focal_length&quot;:&quot;8.4&quot;,&quot;iso&quot;:&quot;100&quot;,&quot;shutter_speed&quot;:&quot;0.002&quot;,&quot;title&quot;:&quot;&quot;,&quot;orientation&quot;:&quot;1&quot;}\" data-image-title=\"DSCN9908\" data-image-description=\"\" data-image-caption=\"\" data-medium-file=\"https:\/\/i0.wp.com\/genevieveetbernardauxameriques.fr\/wp-content\/uploads\/2017\/04\/DSCN9908.jpg?fit=300%2C225&amp;ssl=1\" data-large-file=\"https:\/\/i0.wp.com\/genevieveetbernardauxameriques.fr\/wp-content\/uploads\/2017\/04\/DSCN9908.jpg?fit=640%2C480&amp;ssl=1\" \/><\/a>\n\t\t\t<\/dt><\/dl><br style=\"clear: both\" \/><dl class='gallery-item'>\n\t\t\t<dt class='gallery-icon landscape'>\n\t\t\t\t<a href='https:\/\/genevieveetbernardauxameriques.fr\/index.php\/2017\/04\/06\/colombie-2eme-article-la-route-du-cafe\/dscn9909\/'><img loading=\"lazy\" decoding=\"async\" width=\"720\" height=\"540\" src=\"https:\/\/i0.wp.com\/genevieveetbernardauxameriques.fr\/wp-content\/uploads\/2017\/04\/DSCN9909.jpg?fit=720%2C540&amp;ssl=1\" class=\"attachment-full size-full\" alt=\"\" srcset=\"https:\/\/i0.wp.com\/genevieveetbernardauxameriques.fr\/wp-content\/uploads\/2017\/04\/DSCN9909.jpg?w=720&amp;ssl=1 720w, https:\/\/i0.wp.com\/genevieveetbernardauxameriques.fr\/wp-content\/uploads\/2017\/04\/DSCN9909.jpg?resize=300%2C225&amp;ssl=1 300w\" sizes=\"(max-width: 640px) 100vw, 640px\" data-attachment-id=\"17708\" data-permalink=\"https:\/\/genevieveetbernardauxameriques.fr\/index.php\/2017\/04\/06\/colombie-2eme-article-la-route-du-cafe\/dscn9909\/\" data-orig-file=\"https:\/\/i0.wp.com\/genevieveetbernardauxameriques.fr\/wp-content\/uploads\/2017\/04\/DSCN9909.jpg?fit=720%2C540&amp;ssl=1\" data-orig-size=\"720,540\" data-comments-opened=\"1\" data-image-meta=\"{&quot;aperture&quot;:&quot;3.2&quot;,&quot;credit&quot;:&quot;&quot;,&quot;camera&quot;:&quot;COOLPIX P900&quot;,&quot;caption&quot;:&quot;&quot;,&quot;created_timestamp&quot;:&quot;1490978368&quot;,&quot;copyright&quot;:&quot;&quot;,&quot;focal_length&quot;:&quot;8.4&quot;,&quot;iso&quot;:&quot;100&quot;,&quot;shutter_speed&quot;:&quot;0.0025&quot;,&quot;title&quot;:&quot;&quot;,&quot;orientation&quot;:&quot;1&quot;}\" data-image-title=\"DSCN9909\" data-image-description=\"\" data-image-caption=\"\" data-medium-file=\"https:\/\/i0.wp.com\/genevieveetbernardauxameriques.fr\/wp-content\/uploads\/2017\/04\/DSCN9909.jpg?fit=300%2C225&amp;ssl=1\" data-large-file=\"https:\/\/i0.wp.com\/genevieveetbernardauxameriques.fr\/wp-content\/uploads\/2017\/04\/DSCN9909.jpg?fit=640%2C480&amp;ssl=1\" \/><\/a>\n\t\t\t<\/dt><\/dl><dl class='gallery-item'>\n\t\t\t<dt class='gallery-icon landscape'>\n\t\t\t\t<a href='https:\/\/genevieveetbernardauxameriques.fr\/index.php\/2017\/04\/06\/colombie-2eme-article-la-route-du-cafe\/dscn9911\/'><img loading=\"lazy\" decoding=\"async\" width=\"720\" height=\"540\" src=\"https:\/\/i0.wp.com\/genevieveetbernardauxameriques.fr\/wp-content\/uploads\/2017\/04\/DSCN9911.jpg?fit=720%2C540&amp;ssl=1\" class=\"attachment-full size-full\" alt=\"\" srcset=\"https:\/\/i0.wp.com\/genevieveetbernardauxameriques.fr\/wp-content\/uploads\/2017\/04\/DSCN9911.jpg?w=720&amp;ssl=1 720w, https:\/\/i0.wp.com\/genevieveetbernardauxameriques.fr\/wp-content\/uploads\/2017\/04\/DSCN9911.jpg?resize=300%2C225&amp;ssl=1 300w\" sizes=\"(max-width: 640px) 100vw, 640px\" data-attachment-id=\"17710\" data-permalink=\"https:\/\/genevieveetbernardauxameriques.fr\/index.php\/2017\/04\/06\/colombie-2eme-article-la-route-du-cafe\/dscn9911\/\" data-orig-file=\"https:\/\/i0.wp.com\/genevieveetbernardauxameriques.fr\/wp-content\/uploads\/2017\/04\/DSCN9911.jpg?fit=720%2C540&amp;ssl=1\" data-orig-size=\"720,540\" data-comments-opened=\"1\" data-image-meta=\"{&quot;aperture&quot;:&quot;3.2&quot;,&quot;credit&quot;:&quot;&quot;,&quot;camera&quot;:&quot;COOLPIX P900&quot;,&quot;caption&quot;:&quot;&quot;,&quot;created_timestamp&quot;:&quot;1490978454&quot;,&quot;copyright&quot;:&quot;&quot;,&quot;focal_length&quot;:&quot;6.2&quot;,&quot;iso&quot;:&quot;100&quot;,&quot;shutter_speed&quot;:&quot;0.00125&quot;,&quot;title&quot;:&quot;&quot;,&quot;orientation&quot;:&quot;1&quot;}\" data-image-title=\"DSCN9911\" data-image-description=\"\" data-image-caption=\"\" data-medium-file=\"https:\/\/i0.wp.com\/genevieveetbernardauxameriques.fr\/wp-content\/uploads\/2017\/04\/DSCN9911.jpg?fit=300%2C225&amp;ssl=1\" data-large-file=\"https:\/\/i0.wp.com\/genevieveetbernardauxameriques.fr\/wp-content\/uploads\/2017\/04\/DSCN9911.jpg?fit=640%2C480&amp;ssl=1\" \/><\/a>\n\t\t\t<\/dt><\/dl><br style=\"clear: both\" \/><dl class='gallery-item'>\n\t\t\t<dt class='gallery-icon landscape'>\n\t\t\t\t<a href='https:\/\/genevieveetbernardauxameriques.fr\/index.php\/2017\/04\/06\/colombie-2eme-article-la-route-du-cafe\/dscn9912\/'><img loading=\"lazy\" decoding=\"async\" width=\"720\" height=\"540\" src=\"https:\/\/i0.wp.com\/genevieveetbernardauxameriques.fr\/wp-content\/uploads\/2017\/04\/DSCN9912.jpg?fit=720%2C540&amp;ssl=1\" class=\"attachment-full size-full\" alt=\"\" srcset=\"https:\/\/i0.wp.com\/genevieveetbernardauxameriques.fr\/wp-content\/uploads\/2017\/04\/DSCN9912.jpg?w=720&amp;ssl=1 720w, https:\/\/i0.wp.com\/genevieveetbernardauxameriques.fr\/wp-content\/uploads\/2017\/04\/DSCN9912.jpg?resize=300%2C225&amp;ssl=1 300w\" sizes=\"(max-width: 640px) 100vw, 640px\" data-attachment-id=\"17711\" data-permalink=\"https:\/\/genevieveetbernardauxameriques.fr\/index.php\/2017\/04\/06\/colombie-2eme-article-la-route-du-cafe\/dscn9912\/\" data-orig-file=\"https:\/\/i0.wp.com\/genevieveetbernardauxameriques.fr\/wp-content\/uploads\/2017\/04\/DSCN9912.jpg?fit=720%2C540&amp;ssl=1\" data-orig-size=\"720,540\" data-comments-opened=\"1\" data-image-meta=\"{&quot;aperture&quot;:&quot;3.2&quot;,&quot;credit&quot;:&quot;&quot;,&quot;camera&quot;:&quot;COOLPIX P900&quot;,&quot;caption&quot;:&quot;&quot;,&quot;created_timestamp&quot;:&quot;1490978505&quot;,&quot;copyright&quot;:&quot;&quot;,&quot;focal_length&quot;:&quot;6.2&quot;,&quot;iso&quot;:&quot;100&quot;,&quot;shutter_speed&quot;:&quot;0.002&quot;,&quot;title&quot;:&quot;&quot;,&quot;orientation&quot;:&quot;1&quot;}\" data-image-title=\"DSCN9912\" data-image-description=\"\" data-image-caption=\"\" data-medium-file=\"https:\/\/i0.wp.com\/genevieveetbernardauxameriques.fr\/wp-content\/uploads\/2017\/04\/DSCN9912.jpg?fit=300%2C225&amp;ssl=1\" data-large-file=\"https:\/\/i0.wp.com\/genevieveetbernardauxameriques.fr\/wp-content\/uploads\/2017\/04\/DSCN9912.jpg?fit=640%2C480&amp;ssl=1\" \/><\/a>\n\t\t\t<\/dt><\/dl><dl class='gallery-item'>\n\t\t\t<dt class='gallery-icon landscape'>\n\t\t\t\t<a href='https:\/\/genevieveetbernardauxameriques.fr\/index.php\/2017\/04\/06\/colombie-2eme-article-la-route-du-cafe\/dscn9914\/'><img loading=\"lazy\" decoding=\"async\" width=\"720\" height=\"540\" src=\"https:\/\/i0.wp.com\/genevieveetbernardauxameriques.fr\/wp-content\/uploads\/2017\/04\/DSCN9914.jpg?fit=720%2C540&amp;ssl=1\" class=\"attachment-full size-full\" alt=\"\" srcset=\"https:\/\/i0.wp.com\/genevieveetbernardauxameriques.fr\/wp-content\/uploads\/2017\/04\/DSCN9914.jpg?w=720&amp;ssl=1 720w, https:\/\/i0.wp.com\/genevieveetbernardauxameriques.fr\/wp-content\/uploads\/2017\/04\/DSCN9914.jpg?resize=300%2C225&amp;ssl=1 300w\" sizes=\"(max-width: 640px) 100vw, 640px\" data-attachment-id=\"17712\" data-permalink=\"https:\/\/genevieveetbernardauxameriques.fr\/index.php\/2017\/04\/06\/colombie-2eme-article-la-route-du-cafe\/dscn9914\/\" data-orig-file=\"https:\/\/i0.wp.com\/genevieveetbernardauxameriques.fr\/wp-content\/uploads\/2017\/04\/DSCN9914.jpg?fit=720%2C540&amp;ssl=1\" data-orig-size=\"720,540\" data-comments-opened=\"1\" data-image-meta=\"{&quot;aperture&quot;:&quot;3.5&quot;,&quot;credit&quot;:&quot;&quot;,&quot;camera&quot;:&quot;COOLPIX P900&quot;,&quot;caption&quot;:&quot;&quot;,&quot;created_timestamp&quot;:&quot;1490978540&quot;,&quot;copyright&quot;:&quot;&quot;,&quot;focal_length&quot;:&quot;10.7&quot;,&quot;iso&quot;:&quot;100&quot;,&quot;shutter_speed&quot;:&quot;0.00125&quot;,&quot;title&quot;:&quot;&quot;,&quot;orientation&quot;:&quot;1&quot;}\" data-image-title=\"DSCN9914\" data-image-description=\"\" data-image-caption=\"\" data-medium-file=\"https:\/\/i0.wp.com\/genevieveetbernardauxameriques.fr\/wp-content\/uploads\/2017\/04\/DSCN9914.jpg?fit=300%2C225&amp;ssl=1\" data-large-file=\"https:\/\/i0.wp.com\/genevieveetbernardauxameriques.fr\/wp-content\/uploads\/2017\/04\/DSCN9914.jpg?fit=640%2C480&amp;ssl=1\" \/><\/a>\n\t\t\t<\/dt><\/dl><br style=\"clear: both\" \/><dl class='gallery-item'>\n\t\t\t<dt class='gallery-icon landscape'>\n\t\t\t\t<a href='https:\/\/genevieveetbernardauxameriques.fr\/index.php\/2017\/04\/06\/colombie-2eme-article-la-route-du-cafe\/dscn9847\/'><img loading=\"lazy\" decoding=\"async\" width=\"720\" height=\"540\" src=\"https:\/\/i0.wp.com\/genevieveetbernardauxameriques.fr\/wp-content\/uploads\/2017\/04\/DSCN9847.jpg?fit=720%2C540&amp;ssl=1\" class=\"attachment-full size-full\" alt=\"\" srcset=\"https:\/\/i0.wp.com\/genevieveetbernardauxameriques.fr\/wp-content\/uploads\/2017\/04\/DSCN9847.jpg?w=720&amp;ssl=1 720w, https:\/\/i0.wp.com\/genevieveetbernardauxameriques.fr\/wp-content\/uploads\/2017\/04\/DSCN9847.jpg?resize=300%2C225&amp;ssl=1 300w\" sizes=\"(max-width: 640px) 100vw, 640px\" data-attachment-id=\"17658\" data-permalink=\"https:\/\/genevieveetbernardauxameriques.fr\/index.php\/2017\/04\/06\/colombie-2eme-article-la-route-du-cafe\/dscn9847\/\" data-orig-file=\"https:\/\/i0.wp.com\/genevieveetbernardauxameriques.fr\/wp-content\/uploads\/2017\/04\/DSCN9847.jpg?fit=720%2C540&amp;ssl=1\" data-orig-size=\"720,540\" data-comments-opened=\"1\" data-image-meta=\"{&quot;aperture&quot;:&quot;3.5&quot;,&quot;credit&quot;:&quot;&quot;,&quot;camera&quot;:&quot;COOLPIX P900&quot;,&quot;caption&quot;:&quot;&quot;,&quot;created_timestamp&quot;:&quot;1490914530&quot;,&quot;copyright&quot;:&quot;&quot;,&quot;focal_length&quot;:&quot;10.7&quot;,&quot;iso&quot;:&quot;100&quot;,&quot;shutter_speed&quot;:&quot;0.004&quot;,&quot;title&quot;:&quot;&quot;,&quot;orientation&quot;:&quot;1&quot;}\" data-image-title=\"DSCN9847\" data-image-description=\"\" data-image-caption=\"\" data-medium-file=\"https:\/\/i0.wp.com\/genevieveetbernardauxameriques.fr\/wp-content\/uploads\/2017\/04\/DSCN9847.jpg?fit=300%2C225&amp;ssl=1\" data-large-file=\"https:\/\/i0.wp.com\/genevieveetbernardauxameriques.fr\/wp-content\/uploads\/2017\/04\/DSCN9847.jpg?fit=640%2C480&amp;ssl=1\" \/><\/a>\n\t\t\t<\/dt><\/dl><dl class='gallery-item'>\n\t\t\t<dt class='gallery-icon landscape'>\n\t\t\t\t<a href='https:\/\/genevieveetbernardauxameriques.fr\/index.php\/2017\/04\/06\/colombie-2eme-article-la-route-du-cafe\/dscn9915\/'><img loading=\"lazy\" decoding=\"async\" width=\"720\" height=\"540\" src=\"https:\/\/i0.wp.com\/genevieveetbernardauxameriques.fr\/wp-content\/uploads\/2017\/04\/DSCN9915.jpg?fit=720%2C540&amp;ssl=1\" class=\"attachment-full size-full\" alt=\"\" srcset=\"https:\/\/i0.wp.com\/genevieveetbernardauxameriques.fr\/wp-content\/uploads\/2017\/04\/DSCN9915.jpg?w=720&amp;ssl=1 720w, https:\/\/i0.wp.com\/genevieveetbernardauxameriques.fr\/wp-content\/uploads\/2017\/04\/DSCN9915.jpg?resize=300%2C225&amp;ssl=1 300w\" sizes=\"(max-width: 640px) 100vw, 640px\" data-attachment-id=\"17713\" data-permalink=\"https:\/\/genevieveetbernardauxameriques.fr\/index.php\/2017\/04\/06\/colombie-2eme-article-la-route-du-cafe\/dscn9915\/\" data-orig-file=\"https:\/\/i0.wp.com\/genevieveetbernardauxameriques.fr\/wp-content\/uploads\/2017\/04\/DSCN9915.jpg?fit=720%2C540&amp;ssl=1\" data-orig-size=\"720,540\" data-comments-opened=\"1\" data-image-meta=\"{&quot;aperture&quot;:&quot;4&quot;,&quot;credit&quot;:&quot;&quot;,&quot;camera&quot;:&quot;COOLPIX P900&quot;,&quot;caption&quot;:&quot;&quot;,&quot;created_timestamp&quot;:&quot;1490978635&quot;,&quot;copyright&quot;:&quot;&quot;,&quot;focal_length&quot;:&quot;18.7&quot;,&quot;iso&quot;:&quot;100&quot;,&quot;shutter_speed&quot;:&quot;0.00125&quot;,&quot;title&quot;:&quot;&quot;,&quot;orientation&quot;:&quot;1&quot;}\" data-image-title=\"DSCN9915\" data-image-description=\"\" data-image-caption=\"\" data-medium-file=\"https:\/\/i0.wp.com\/genevieveetbernardauxameriques.fr\/wp-content\/uploads\/2017\/04\/DSCN9915.jpg?fit=300%2C225&amp;ssl=1\" data-large-file=\"https:\/\/i0.wp.com\/genevieveetbernardauxameriques.fr\/wp-content\/uploads\/2017\/04\/DSCN9915.jpg?fit=640%2C480&amp;ssl=1\" \/><\/a>\n\t\t\t<\/dt><\/dl><br style=\"clear: both\" \/>\n\t\t<\/div>\n\n<p>Quelle d\u00e9coration partout.<\/p>\n<p><img loading=\"lazy\" decoding=\"async\" data-attachment-id=\"17689\" data-permalink=\"https:\/\/genevieveetbernardauxameriques.fr\/index.php\/2017\/04\/06\/colombie-2eme-article-la-route-du-cafe\/dscn9885\/\" data-orig-file=\"https:\/\/i0.wp.com\/genevieveetbernardauxameriques.fr\/wp-content\/uploads\/2017\/04\/DSCN9885.jpg?fit=720%2C540&amp;ssl=1\" data-orig-size=\"720,540\" data-comments-opened=\"1\" data-image-meta=\"{&quot;aperture&quot;:&quot;4&quot;,&quot;credit&quot;:&quot;&quot;,&quot;camera&quot;:&quot;COOLPIX P900&quot;,&quot;caption&quot;:&quot;&quot;,&quot;created_timestamp&quot;:&quot;1490917869&quot;,&quot;copyright&quot;:&quot;&quot;,&quot;focal_length&quot;:&quot;17&quot;,&quot;iso&quot;:&quot;100&quot;,&quot;shutter_speed&quot;:&quot;0.005&quot;,&quot;title&quot;:&quot;&quot;,&quot;orientation&quot;:&quot;1&quot;}\" data-image-title=\"DSCN9885\" data-image-description=\"\" data-image-caption=\"\" data-medium-file=\"https:\/\/i0.wp.com\/genevieveetbernardauxameriques.fr\/wp-content\/uploads\/2017\/04\/DSCN9885.jpg?fit=300%2C225&amp;ssl=1\" data-large-file=\"https:\/\/i0.wp.com\/genevieveetbernardauxameriques.fr\/wp-content\/uploads\/2017\/04\/DSCN9885.jpg?fit=640%2C480&amp;ssl=1\" class=\"alignnone size-full wp-image-17689\" src=\"https:\/\/i0.wp.com\/genevieveetbernardauxameriques.fr\/wp-content\/uploads\/2017\/04\/DSCN9885.jpg?resize=640%2C480&#038;ssl=1\" alt=\"\" width=\"640\" height=\"480\" srcset=\"https:\/\/i0.wp.com\/genevieveetbernardauxameriques.fr\/wp-content\/uploads\/2017\/04\/DSCN9885.jpg?w=720&amp;ssl=1 720w, https:\/\/i0.wp.com\/genevieveetbernardauxameriques.fr\/wp-content\/uploads\/2017\/04\/DSCN9885.jpg?resize=300%2C225&amp;ssl=1 300w\" sizes=\"(max-width: 640px) 100vw, 640px\" data-recalc-dims=\"1\" \/><\/p>\n<p>La place principale:<\/p>\n<p><a href=\"https:\/\/i0.wp.com\/genevieveetbernardauxameriques.fr\/wp-content\/uploads\/2017\/04\/DSCN9905.jpg?ssl=1\"><img loading=\"lazy\" decoding=\"async\" data-attachment-id=\"17705\" data-permalink=\"https:\/\/genevieveetbernardauxameriques.fr\/index.php\/2017\/04\/06\/colombie-2eme-article-la-route-du-cafe\/dscn9905\/\" data-orig-file=\"https:\/\/i0.wp.com\/genevieveetbernardauxameriques.fr\/wp-content\/uploads\/2017\/04\/DSCN9905.jpg?fit=720%2C540&amp;ssl=1\" data-orig-size=\"720,540\" data-comments-opened=\"1\" data-image-meta=\"{&quot;aperture&quot;:&quot;3.5&quot;,&quot;credit&quot;:&quot;&quot;,&quot;camera&quot;:&quot;COOLPIX P900&quot;,&quot;caption&quot;:&quot;&quot;,&quot;created_timestamp&quot;:&quot;1490976637&quot;,&quot;copyright&quot;:&quot;&quot;,&quot;focal_length&quot;:&quot;9.8&quot;,&quot;iso&quot;:&quot;100&quot;,&quot;shutter_speed&quot;:&quot;0.001&quot;,&quot;title&quot;:&quot;&quot;,&quot;orientation&quot;:&quot;1&quot;}\" data-image-title=\"DSCN9905\" data-image-description=\"\" data-image-caption=\"\" data-medium-file=\"https:\/\/i0.wp.com\/genevieveetbernardauxameriques.fr\/wp-content\/uploads\/2017\/04\/DSCN9905.jpg?fit=300%2C225&amp;ssl=1\" data-large-file=\"https:\/\/i0.wp.com\/genevieveetbernardauxameriques.fr\/wp-content\/uploads\/2017\/04\/DSCN9905.jpg?fit=640%2C480&amp;ssl=1\" class=\"alignnone size-full wp-image-17705\" src=\"https:\/\/i0.wp.com\/genevieveetbernardauxameriques.fr\/wp-content\/uploads\/2017\/04\/DSCN9905.jpg?resize=640%2C480&#038;ssl=1\" alt=\"\" width=\"640\" height=\"480\" srcset=\"https:\/\/i0.wp.com\/genevieveetbernardauxameriques.fr\/wp-content\/uploads\/2017\/04\/DSCN9905.jpg?w=720&amp;ssl=1 720w, https:\/\/i0.wp.com\/genevieveetbernardauxameriques.fr\/wp-content\/uploads\/2017\/04\/DSCN9905.jpg?resize=300%2C225&amp;ssl=1 300w\" sizes=\"(max-width: 640px) 100vw, 640px\" data-recalc-dims=\"1\" \/><\/a><img loading=\"lazy\" decoding=\"async\" data-attachment-id=\"17678\" data-permalink=\"https:\/\/genevieveetbernardauxameriques.fr\/index.php\/2017\/04\/06\/colombie-2eme-article-la-route-du-cafe\/dscn9870\/\" data-orig-file=\"https:\/\/i0.wp.com\/genevieveetbernardauxameriques.fr\/wp-content\/uploads\/2017\/04\/DSCN9870.jpg?fit=720%2C540&amp;ssl=1\" data-orig-size=\"720,540\" data-comments-opened=\"1\" data-image-meta=\"{&quot;aperture&quot;:&quot;2.8&quot;,&quot;credit&quot;:&quot;&quot;,&quot;camera&quot;:&quot;COOLPIX P900&quot;,&quot;caption&quot;:&quot;&quot;,&quot;created_timestamp&quot;:&quot;1490916873&quot;,&quot;copyright&quot;:&quot;&quot;,&quot;focal_length&quot;:&quot;5&quot;,&quot;iso&quot;:&quot;100&quot;,&quot;shutter_speed&quot;:&quot;0.00125&quot;,&quot;title&quot;:&quot;&quot;,&quot;orientation&quot;:&quot;1&quot;}\" data-image-title=\"DSCN9870\" data-image-description=\"\" data-image-caption=\"\" data-medium-file=\"https:\/\/i0.wp.com\/genevieveetbernardauxameriques.fr\/wp-content\/uploads\/2017\/04\/DSCN9870.jpg?fit=300%2C225&amp;ssl=1\" data-large-file=\"https:\/\/i0.wp.com\/genevieveetbernardauxameriques.fr\/wp-content\/uploads\/2017\/04\/DSCN9870.jpg?fit=640%2C480&amp;ssl=1\" class=\"alignnone size-full wp-image-17678\" src=\"https:\/\/i0.wp.com\/genevieveetbernardauxameriques.fr\/wp-content\/uploads\/2017\/04\/DSCN9870.jpg?resize=640%2C480&#038;ssl=1\" alt=\"\" width=\"640\" height=\"480\" srcset=\"https:\/\/i0.wp.com\/genevieveetbernardauxameriques.fr\/wp-content\/uploads\/2017\/04\/DSCN9870.jpg?w=720&amp;ssl=1 720w, https:\/\/i0.wp.com\/genevieveetbernardauxameriques.fr\/wp-content\/uploads\/2017\/04\/DSCN9870.jpg?resize=300%2C225&amp;ssl=1 300w\" sizes=\"(max-width: 640px) 100vw, 640px\" data-recalc-dims=\"1\" \/><img loading=\"lazy\" decoding=\"async\" data-attachment-id=\"17706\" data-permalink=\"https:\/\/genevieveetbernardauxameriques.fr\/index.php\/2017\/04\/06\/colombie-2eme-article-la-route-du-cafe\/dscn9906\/\" data-orig-file=\"https:\/\/i0.wp.com\/genevieveetbernardauxameriques.fr\/wp-content\/uploads\/2017\/04\/DSCN9906.jpg?fit=720%2C540&amp;ssl=1\" data-orig-size=\"720,540\" data-comments-opened=\"1\" data-image-meta=\"{&quot;aperture&quot;:&quot;2.8&quot;,&quot;credit&quot;:&quot;&quot;,&quot;camera&quot;:&quot;COOLPIX P900&quot;,&quot;caption&quot;:&quot;&quot;,&quot;created_timestamp&quot;:&quot;1490978168&quot;,&quot;copyright&quot;:&quot;&quot;,&quot;focal_length&quot;:&quot;4.3&quot;,&quot;iso&quot;:&quot;100&quot;,&quot;shutter_speed&quot;:&quot;0.0008&quot;,&quot;title&quot;:&quot;&quot;,&quot;orientation&quot;:&quot;1&quot;}\" data-image-title=\"DSCN9906\" data-image-description=\"\" data-image-caption=\"\" data-medium-file=\"https:\/\/i0.wp.com\/genevieveetbernardauxameriques.fr\/wp-content\/uploads\/2017\/04\/DSCN9906.jpg?fit=300%2C225&amp;ssl=1\" data-large-file=\"https:\/\/i0.wp.com\/genevieveetbernardauxameriques.fr\/wp-content\/uploads\/2017\/04\/DSCN9906.jpg?fit=640%2C480&amp;ssl=1\" class=\"alignnone size-full wp-image-17706\" src=\"https:\/\/i0.wp.com\/genevieveetbernardauxameriques.fr\/wp-content\/uploads\/2017\/04\/DSCN9906.jpg?resize=640%2C480&#038;ssl=1\" alt=\"\" width=\"640\" height=\"480\" srcset=\"https:\/\/i0.wp.com\/genevieveetbernardauxameriques.fr\/wp-content\/uploads\/2017\/04\/DSCN9906.jpg?w=720&amp;ssl=1 720w, https:\/\/i0.wp.com\/genevieveetbernardauxameriques.fr\/wp-content\/uploads\/2017\/04\/DSCN9906.jpg?resize=300%2C225&amp;ssl=1 300w\" sizes=\"(max-width: 640px) 100vw, 640px\" data-recalc-dims=\"1\" \/><img loading=\"lazy\" decoding=\"async\" data-attachment-id=\"17686\" data-permalink=\"https:\/\/genevieveetbernardauxameriques.fr\/index.php\/2017\/04\/06\/colombie-2eme-article-la-route-du-cafe\/dscn9879\/\" data-orig-file=\"https:\/\/i0.wp.com\/genevieveetbernardauxameriques.fr\/wp-content\/uploads\/2017\/04\/DSCN9879.jpg?fit=720%2C540&amp;ssl=1\" data-orig-size=\"720,540\" data-comments-opened=\"1\" data-image-meta=\"{&quot;aperture&quot;:&quot;3.2&quot;,&quot;credit&quot;:&quot;&quot;,&quot;camera&quot;:&quot;COOLPIX P900&quot;,&quot;caption&quot;:&quot;&quot;,&quot;created_timestamp&quot;:&quot;1490917402&quot;,&quot;copyright&quot;:&quot;&quot;,&quot;focal_length&quot;:&quot;7.7&quot;,&quot;iso&quot;:&quot;400&quot;,&quot;shutter_speed&quot;:&quot;0.04&quot;,&quot;title&quot;:&quot;&quot;,&quot;orientation&quot;:&quot;1&quot;}\" data-image-title=\"DSCN9879\" data-image-description=\"\" data-image-caption=\"\" data-medium-file=\"https:\/\/i0.wp.com\/genevieveetbernardauxameriques.fr\/wp-content\/uploads\/2017\/04\/DSCN9879.jpg?fit=300%2C225&amp;ssl=1\" data-large-file=\"https:\/\/i0.wp.com\/genevieveetbernardauxameriques.fr\/wp-content\/uploads\/2017\/04\/DSCN9879.jpg?fit=640%2C480&amp;ssl=1\" class=\"wp-image-17686 aligncenter\" src=\"https:\/\/i0.wp.com\/genevieveetbernardauxameriques.fr\/wp-content\/uploads\/2017\/04\/DSCN9879.jpg?resize=424%2C318&#038;ssl=1\" alt=\"\" width=\"424\" height=\"318\" srcset=\"https:\/\/i0.wp.com\/genevieveetbernardauxameriques.fr\/wp-content\/uploads\/2017\/04\/DSCN9879.jpg?w=720&amp;ssl=1 720w, https:\/\/i0.wp.com\/genevieveetbernardauxameriques.fr\/wp-content\/uploads\/2017\/04\/DSCN9879.jpg?resize=300%2C225&amp;ssl=1 300w\" sizes=\"(max-width: 424px) 100vw, 424px\" data-recalc-dims=\"1\" \/><\/p>\n<p>Les \u00e9piceries du coin:<\/p>\n<p><a href=\"https:\/\/i0.wp.com\/genevieveetbernardauxameriques.fr\/wp-content\/uploads\/2017\/04\/DSCN9868.jpg?ssl=1\"><img loading=\"lazy\" decoding=\"async\" data-attachment-id=\"17676\" data-permalink=\"https:\/\/genevieveetbernardauxameriques.fr\/index.php\/2017\/04\/06\/colombie-2eme-article-la-route-du-cafe\/dscn9868\/\" data-orig-file=\"https:\/\/i0.wp.com\/genevieveetbernardauxameriques.fr\/wp-content\/uploads\/2017\/04\/DSCN9868.jpg?fit=720%2C540&amp;ssl=1\" data-orig-size=\"720,540\" data-comments-opened=\"1\" data-image-meta=\"{&quot;aperture&quot;:&quot;3.5&quot;,&quot;credit&quot;:&quot;&quot;,&quot;camera&quot;:&quot;COOLPIX P900&quot;,&quot;caption&quot;:&quot;&quot;,&quot;created_timestamp&quot;:&quot;1490916773&quot;,&quot;copyright&quot;:&quot;&quot;,&quot;focal_length&quot;:&quot;13.4&quot;,&quot;iso&quot;:&quot;400&quot;,&quot;shutter_speed&quot;:&quot;0.066666666666667&quot;,&quot;title&quot;:&quot;&quot;,&quot;orientation&quot;:&quot;1&quot;}\" data-image-title=\"DSCN9868\" data-image-description=\"\" data-image-caption=\"\" data-medium-file=\"https:\/\/i0.wp.com\/genevieveetbernardauxameriques.fr\/wp-content\/uploads\/2017\/04\/DSCN9868.jpg?fit=300%2C225&amp;ssl=1\" data-large-file=\"https:\/\/i0.wp.com\/genevieveetbernardauxameriques.fr\/wp-content\/uploads\/2017\/04\/DSCN9868.jpg?fit=640%2C480&amp;ssl=1\" class=\"alignnone size-full wp-image-17676\" src=\"https:\/\/i0.wp.com\/genevieveetbernardauxameriques.fr\/wp-content\/uploads\/2017\/04\/DSCN9868.jpg?resize=640%2C480&#038;ssl=1\" alt=\"\" width=\"640\" height=\"480\" srcset=\"https:\/\/i0.wp.com\/genevieveetbernardauxameriques.fr\/wp-content\/uploads\/2017\/04\/DSCN9868.jpg?w=720&amp;ssl=1 720w, https:\/\/i0.wp.com\/genevieveetbernardauxameriques.fr\/wp-content\/uploads\/2017\/04\/DSCN9868.jpg?resize=300%2C225&amp;ssl=1 300w\" sizes=\"(max-width: 640px) 100vw, 640px\" data-recalc-dims=\"1\" \/><\/a> <a href=\"https:\/\/i0.wp.com\/genevieveetbernardauxameriques.fr\/wp-content\/uploads\/2017\/04\/DSCN9869.jpg?ssl=1\"><img loading=\"lazy\" decoding=\"async\" data-attachment-id=\"17677\" data-permalink=\"https:\/\/genevieveetbernardauxameriques.fr\/index.php\/2017\/04\/06\/colombie-2eme-article-la-route-du-cafe\/dscn9869\/\" data-orig-file=\"https:\/\/i0.wp.com\/genevieveetbernardauxameriques.fr\/wp-content\/uploads\/2017\/04\/DSCN9869.jpg?fit=720%2C540&amp;ssl=1\" data-orig-size=\"720,540\" data-comments-opened=\"1\" data-image-meta=\"{&quot;aperture&quot;:&quot;2.8&quot;,&quot;credit&quot;:&quot;&quot;,&quot;camera&quot;:&quot;COOLPIX P900&quot;,&quot;caption&quot;:&quot;&quot;,&quot;created_timestamp&quot;:&quot;1490916813&quot;,&quot;copyright&quot;:&quot;&quot;,&quot;focal_length&quot;:&quot;5&quot;,&quot;iso&quot;:&quot;180&quot;,&quot;shutter_speed&quot;:&quot;0.033333333333333&quot;,&quot;title&quot;:&quot;&quot;,&quot;orientation&quot;:&quot;1&quot;}\" data-image-title=\"DSCN9869\" data-image-description=\"\" data-image-caption=\"\" data-medium-file=\"https:\/\/i0.wp.com\/genevieveetbernardauxameriques.fr\/wp-content\/uploads\/2017\/04\/DSCN9869.jpg?fit=300%2C225&amp;ssl=1\" data-large-file=\"https:\/\/i0.wp.com\/genevieveetbernardauxameriques.fr\/wp-content\/uploads\/2017\/04\/DSCN9869.jpg?fit=640%2C480&amp;ssl=1\" class=\"alignnone size-full wp-image-17677\" src=\"https:\/\/i0.wp.com\/genevieveetbernardauxameriques.fr\/wp-content\/uploads\/2017\/04\/DSCN9869.jpg?resize=640%2C480&#038;ssl=1\" alt=\"\" width=\"640\" height=\"480\" srcset=\"https:\/\/i0.wp.com\/genevieveetbernardauxameriques.fr\/wp-content\/uploads\/2017\/04\/DSCN9869.jpg?w=720&amp;ssl=1 720w, https:\/\/i0.wp.com\/genevieveetbernardauxameriques.fr\/wp-content\/uploads\/2017\/04\/DSCN9869.jpg?resize=300%2C225&amp;ssl=1 300w\" sizes=\"(max-width: 640px) 100vw, 640px\" data-recalc-dims=\"1\" \/><\/a> <a href=\"https:\/\/i0.wp.com\/genevieveetbernardauxameriques.fr\/wp-content\/uploads\/2017\/04\/DSCN9866.jpg?ssl=1\"><img loading=\"lazy\" decoding=\"async\" data-attachment-id=\"17674\" data-permalink=\"https:\/\/genevieveetbernardauxameriques.fr\/index.php\/2017\/04\/06\/colombie-2eme-article-la-route-du-cafe\/dscn9866\/\" data-orig-file=\"https:\/\/i0.wp.com\/genevieveetbernardauxameriques.fr\/wp-content\/uploads\/2017\/04\/DSCN9866.jpg?fit=720%2C540&amp;ssl=1\" data-orig-size=\"720,540\" data-comments-opened=\"1\" data-image-meta=\"{&quot;aperture&quot;:&quot;3.2&quot;,&quot;credit&quot;:&quot;&quot;,&quot;camera&quot;:&quot;COOLPIX P900&quot;,&quot;caption&quot;:&quot;&quot;,&quot;created_timestamp&quot;:&quot;1490916653&quot;,&quot;copyright&quot;:&quot;&quot;,&quot;focal_length&quot;:&quot;8.4&quot;,&quot;iso&quot;:&quot;400&quot;,&quot;shutter_speed&quot;:&quot;0.033333333333333&quot;,&quot;title&quot;:&quot;&quot;,&quot;orientation&quot;:&quot;1&quot;}\" data-image-title=\"DSCN9866\" data-image-description=\"\" data-image-caption=\"\" data-medium-file=\"https:\/\/i0.wp.com\/genevieveetbernardauxameriques.fr\/wp-content\/uploads\/2017\/04\/DSCN9866.jpg?fit=300%2C225&amp;ssl=1\" data-large-file=\"https:\/\/i0.wp.com\/genevieveetbernardauxameriques.fr\/wp-content\/uploads\/2017\/04\/DSCN9866.jpg?fit=640%2C480&amp;ssl=1\" class=\"alignnone size-full wp-image-17674\" src=\"https:\/\/i0.wp.com\/genevieveetbernardauxameriques.fr\/wp-content\/uploads\/2017\/04\/DSCN9866.jpg?resize=640%2C480&#038;ssl=1\" alt=\"\" width=\"640\" height=\"480\" srcset=\"https:\/\/i0.wp.com\/genevieveetbernardauxameriques.fr\/wp-content\/uploads\/2017\/04\/DSCN9866.jpg?w=720&amp;ssl=1 720w, https:\/\/i0.wp.com\/genevieveetbernardauxameriques.fr\/wp-content\/uploads\/2017\/04\/DSCN9866.jpg?resize=300%2C225&amp;ssl=1 300w\" sizes=\"(max-width: 640px) 100vw, 640px\" data-recalc-dims=\"1\" \/><\/a> <a href=\"https:\/\/i0.wp.com\/genevieveetbernardauxameriques.fr\/wp-content\/uploads\/2017\/04\/DSCN9867.jpg?ssl=1\"><img loading=\"lazy\" decoding=\"async\" data-attachment-id=\"17675\" data-permalink=\"https:\/\/genevieveetbernardauxameriques.fr\/index.php\/2017\/04\/06\/colombie-2eme-article-la-route-du-cafe\/dscn9867\/\" data-orig-file=\"https:\/\/i0.wp.com\/genevieveetbernardauxameriques.fr\/wp-content\/uploads\/2017\/04\/DSCN9867.jpg?fit=720%2C540&amp;ssl=1\" data-orig-size=\"720,540\" data-comments-opened=\"1\" data-image-meta=\"{&quot;aperture&quot;:&quot;3.5&quot;,&quot;credit&quot;:&quot;&quot;,&quot;camera&quot;:&quot;COOLPIX P900&quot;,&quot;caption&quot;:&quot;&quot;,&quot;created_timestamp&quot;:&quot;1490916726&quot;,&quot;copyright&quot;:&quot;&quot;,&quot;focal_length&quot;:&quot;13.4&quot;,&quot;iso&quot;:&quot;400&quot;,&quot;shutter_speed&quot;:&quot;0.033333333333333&quot;,&quot;title&quot;:&quot;&quot;,&quot;orientation&quot;:&quot;1&quot;}\" data-image-title=\"DSCN9867\" data-image-description=\"\" data-image-caption=\"\" data-medium-file=\"https:\/\/i0.wp.com\/genevieveetbernardauxameriques.fr\/wp-content\/uploads\/2017\/04\/DSCN9867.jpg?fit=300%2C225&amp;ssl=1\" data-large-file=\"https:\/\/i0.wp.com\/genevieveetbernardauxameriques.fr\/wp-content\/uploads\/2017\/04\/DSCN9867.jpg?fit=640%2C480&amp;ssl=1\" class=\"alignnone size-full wp-image-17675\" src=\"https:\/\/i0.wp.com\/genevieveetbernardauxameriques.fr\/wp-content\/uploads\/2017\/04\/DSCN9867.jpg?resize=640%2C480&#038;ssl=1\" alt=\"\" width=\"640\" height=\"480\" srcset=\"https:\/\/i0.wp.com\/genevieveetbernardauxameriques.fr\/wp-content\/uploads\/2017\/04\/DSCN9867.jpg?w=720&amp;ssl=1 720w, https:\/\/i0.wp.com\/genevieveetbernardauxameriques.fr\/wp-content\/uploads\/2017\/04\/DSCN9867.jpg?resize=300%2C225&amp;ssl=1 300w\" sizes=\"(max-width: 640px) 100vw, 640px\" data-recalc-dims=\"1\" \/><\/a><\/p>\n<p>Une \u00e9tude Notariale, pas de porte seulement un volet qu&rsquo;on baisse \u00e0 la fermeture :<\/p>\n<p><a href=\"https:\/\/i0.wp.com\/genevieveetbernardauxameriques.fr\/wp-content\/uploads\/2017\/04\/DSCN9882.jpg?ssl=1\"><img loading=\"lazy\" decoding=\"async\" data-attachment-id=\"17688\" data-permalink=\"https:\/\/genevieveetbernardauxameriques.fr\/index.php\/2017\/04\/06\/colombie-2eme-article-la-route-du-cafe\/dscn9882\/\" data-orig-file=\"https:\/\/i0.wp.com\/genevieveetbernardauxameriques.fr\/wp-content\/uploads\/2017\/04\/DSCN9882.jpg?fit=720%2C540&amp;ssl=1\" data-orig-size=\"720,540\" data-comments-opened=\"1\" data-image-meta=\"{&quot;aperture&quot;:&quot;4&quot;,&quot;credit&quot;:&quot;&quot;,&quot;camera&quot;:&quot;COOLPIX P900&quot;,&quot;caption&quot;:&quot;&quot;,&quot;created_timestamp&quot;:&quot;1490917531&quot;,&quot;copyright&quot;:&quot;&quot;,&quot;focal_length&quot;:&quot;24.1&quot;,&quot;iso&quot;:&quot;640&quot;,&quot;shutter_speed&quot;:&quot;0.066666666666667&quot;,&quot;title&quot;:&quot;&quot;,&quot;orientation&quot;:&quot;1&quot;}\" data-image-title=\"DSCN9882\" data-image-description=\"\" data-image-caption=\"\" data-medium-file=\"https:\/\/i0.wp.com\/genevieveetbernardauxameriques.fr\/wp-content\/uploads\/2017\/04\/DSCN9882.jpg?fit=300%2C225&amp;ssl=1\" data-large-file=\"https:\/\/i0.wp.com\/genevieveetbernardauxameriques.fr\/wp-content\/uploads\/2017\/04\/DSCN9882.jpg?fit=640%2C480&amp;ssl=1\" class=\"alignnone size-full wp-image-17688\" src=\"https:\/\/i0.wp.com\/genevieveetbernardauxameriques.fr\/wp-content\/uploads\/2017\/04\/DSCN9882.jpg?resize=640%2C480&#038;ssl=1\" alt=\"\" width=\"640\" height=\"480\" srcset=\"https:\/\/i0.wp.com\/genevieveetbernardauxameriques.fr\/wp-content\/uploads\/2017\/04\/DSCN9882.jpg?w=720&amp;ssl=1 720w, https:\/\/i0.wp.com\/genevieveetbernardauxameriques.fr\/wp-content\/uploads\/2017\/04\/DSCN9882.jpg?resize=300%2C225&amp;ssl=1 300w\" sizes=\"(max-width: 640px) 100vw, 640px\" data-recalc-dims=\"1\" \/><\/a><\/p>\n<p>Comme la dame du petit mus\u00e9e nous avait dit que nous \u00e9tions tr\u00e8s bien stationn\u00e9 ici et que la propri\u00e9taire de la maison d&rsquo;en face nous a dit la m\u00eame chose, nous d\u00e9cidons d&rsquo;y rester pour la nuit, plut\u00f4t que d&rsquo;aller sur le parking du t\u00e9l\u00e9ph\u00e9rique, nous sommes en pleine ville, mais peu de voitures passent par ici.<\/p>\n<p><a href=\"https:\/\/i0.wp.com\/genevieveetbernardauxameriques.fr\/wp-content\/uploads\/2017\/04\/DSCN9921.jpg?ssl=1\"><img loading=\"lazy\" decoding=\"async\" data-attachment-id=\"17716\" data-permalink=\"https:\/\/genevieveetbernardauxameriques.fr\/index.php\/2017\/04\/06\/colombie-2eme-article-la-route-du-cafe\/dscn9921\/\" data-orig-file=\"https:\/\/i0.wp.com\/genevieveetbernardauxameriques.fr\/wp-content\/uploads\/2017\/04\/DSCN9921.jpg?fit=720%2C540&amp;ssl=1\" data-orig-size=\"720,540\" data-comments-opened=\"1\" data-image-meta=\"{&quot;aperture&quot;:&quot;3.5&quot;,&quot;credit&quot;:&quot;&quot;,&quot;camera&quot;:&quot;COOLPIX P900&quot;,&quot;caption&quot;:&quot;&quot;,&quot;created_timestamp&quot;:&quot;1490980870&quot;,&quot;copyright&quot;:&quot;&quot;,&quot;focal_length&quot;:&quot;9.8&quot;,&quot;iso&quot;:&quot;100&quot;,&quot;shutter_speed&quot;:&quot;0.0008&quot;,&quot;title&quot;:&quot;&quot;,&quot;orientation&quot;:&quot;1&quot;}\" data-image-title=\"DSCN9921\" data-image-description=\"\" data-image-caption=\"\" data-medium-file=\"https:\/\/i0.wp.com\/genevieveetbernardauxameriques.fr\/wp-content\/uploads\/2017\/04\/DSCN9921.jpg?fit=300%2C225&amp;ssl=1\" data-large-file=\"https:\/\/i0.wp.com\/genevieveetbernardauxameriques.fr\/wp-content\/uploads\/2017\/04\/DSCN9921.jpg?fit=640%2C480&amp;ssl=1\" class=\"alignnone size-full wp-image-17716\" src=\"https:\/\/i0.wp.com\/genevieveetbernardauxameriques.fr\/wp-content\/uploads\/2017\/04\/DSCN9921.jpg?resize=640%2C480&#038;ssl=1\" alt=\"\" width=\"640\" height=\"480\" srcset=\"https:\/\/i0.wp.com\/genevieveetbernardauxameriques.fr\/wp-content\/uploads\/2017\/04\/DSCN9921.jpg?w=720&amp;ssl=1 720w, https:\/\/i0.wp.com\/genevieveetbernardauxameriques.fr\/wp-content\/uploads\/2017\/04\/DSCN9921.jpg?resize=300%2C225&amp;ssl=1 300w\" sizes=\"(max-width: 640px) 100vw, 640px\" data-recalc-dims=\"1\" \/><\/a><\/p>\n<p>Une petite pause sur la place o\u00f9 tous les bars sont align\u00e9s sous une arcade<\/p>\n<p><a href=\"https:\/\/i0.wp.com\/genevieveetbernardauxameriques.fr\/wp-content\/uploads\/2017\/04\/DSCN9900.jpg?ssl=1\"><img loading=\"lazy\" decoding=\"async\" data-attachment-id=\"17700\" data-permalink=\"https:\/\/genevieveetbernardauxameriques.fr\/index.php\/2017\/04\/06\/colombie-2eme-article-la-route-du-cafe\/dscn9900\/\" data-orig-file=\"https:\/\/i0.wp.com\/genevieveetbernardauxameriques.fr\/wp-content\/uploads\/2017\/04\/DSCN9900.jpg?fit=720%2C540&amp;ssl=1\" data-orig-size=\"720,540\" data-comments-opened=\"1\" data-image-meta=\"{&quot;aperture&quot;:&quot;3.5&quot;,&quot;credit&quot;:&quot;&quot;,&quot;camera&quot;:&quot;COOLPIX P900&quot;,&quot;caption&quot;:&quot;&quot;,&quot;created_timestamp&quot;:&quot;1490919070&quot;,&quot;copyright&quot;:&quot;&quot;,&quot;focal_length&quot;:&quot;12.5&quot;,&quot;iso&quot;:&quot;140&quot;,&quot;shutter_speed&quot;:&quot;0.033333333333333&quot;,&quot;title&quot;:&quot;&quot;,&quot;orientation&quot;:&quot;1&quot;}\" data-image-title=\"DSCN9900\" data-image-description=\"\" data-image-caption=\"\" data-medium-file=\"https:\/\/i0.wp.com\/genevieveetbernardauxameriques.fr\/wp-content\/uploads\/2017\/04\/DSCN9900.jpg?fit=300%2C225&amp;ssl=1\" data-large-file=\"https:\/\/i0.wp.com\/genevieveetbernardauxameriques.fr\/wp-content\/uploads\/2017\/04\/DSCN9900.jpg?fit=640%2C480&amp;ssl=1\" class=\"alignnone size-medium wp-image-17700\" src=\"https:\/\/i0.wp.com\/genevieveetbernardauxameriques.fr\/wp-content\/uploads\/2017\/04\/DSCN9900.jpg?resize=300%2C225&#038;ssl=1\" alt=\"\" width=\"300\" height=\"225\" srcset=\"https:\/\/i0.wp.com\/genevieveetbernardauxameriques.fr\/wp-content\/uploads\/2017\/04\/DSCN9900.jpg?resize=300%2C225&amp;ssl=1 300w, https:\/\/i0.wp.com\/genevieveetbernardauxameriques.fr\/wp-content\/uploads\/2017\/04\/DSCN9900.jpg?w=720&amp;ssl=1 720w\" sizes=\"(max-width: 300px) 100vw, 300px\" data-recalc-dims=\"1\" \/><\/a>\u00a0 \u00a0 \u00a0 \u00a0\u00a0 <a href=\"https:\/\/i0.wp.com\/genevieveetbernardauxameriques.fr\/wp-content\/uploads\/2017\/04\/DSCN9899.jpg?ssl=1\"><img loading=\"lazy\" decoding=\"async\" data-attachment-id=\"17699\" data-permalink=\"https:\/\/genevieveetbernardauxameriques.fr\/index.php\/2017\/04\/06\/colombie-2eme-article-la-route-du-cafe\/dscn9899\/\" data-orig-file=\"https:\/\/i0.wp.com\/genevieveetbernardauxameriques.fr\/wp-content\/uploads\/2017\/04\/DSCN9899.jpg?fit=720%2C540&amp;ssl=1\" data-orig-size=\"720,540\" data-comments-opened=\"1\" data-image-meta=\"{&quot;aperture&quot;:&quot;3.5&quot;,&quot;credit&quot;:&quot;&quot;,&quot;camera&quot;:&quot;COOLPIX P900&quot;,&quot;caption&quot;:&quot;&quot;,&quot;created_timestamp&quot;:&quot;1490919052&quot;,&quot;copyright&quot;:&quot;&quot;,&quot;focal_length&quot;:&quot;12.5&quot;,&quot;iso&quot;:&quot;100&quot;,&quot;shutter_speed&quot;:&quot;0.033333333333333&quot;,&quot;title&quot;:&quot;&quot;,&quot;orientation&quot;:&quot;1&quot;}\" data-image-title=\"DSCN9899\" data-image-description=\"\" data-image-caption=\"\" data-medium-file=\"https:\/\/i0.wp.com\/genevieveetbernardauxameriques.fr\/wp-content\/uploads\/2017\/04\/DSCN9899.jpg?fit=300%2C225&amp;ssl=1\" data-large-file=\"https:\/\/i0.wp.com\/genevieveetbernardauxameriques.fr\/wp-content\/uploads\/2017\/04\/DSCN9899.jpg?fit=640%2C480&amp;ssl=1\" class=\"alignnone size-medium wp-image-17699\" src=\"https:\/\/i0.wp.com\/genevieveetbernardauxameriques.fr\/wp-content\/uploads\/2017\/04\/DSCN9899.jpg?resize=300%2C225&#038;ssl=1\" alt=\"\" width=\"300\" height=\"225\" srcset=\"https:\/\/i0.wp.com\/genevieveetbernardauxameriques.fr\/wp-content\/uploads\/2017\/04\/DSCN9899.jpg?resize=300%2C225&amp;ssl=1 300w, https:\/\/i0.wp.com\/genevieveetbernardauxameriques.fr\/wp-content\/uploads\/2017\/04\/DSCN9899.jpg?w=720&amp;ssl=1 720w\" sizes=\"(max-width: 300px) 100vw, 300px\" data-recalc-dims=\"1\" \/><\/a><\/p>\n<p><strong>VENDREDI 31 MARS<\/strong><\/p>\n<p>Nous avons pass\u00e9 une excellente nuit et retournons faire une vir\u00e9e en ville.<\/p>\n<p>Dans le fond des magasins les employ\u00e9s travaillent, principalement le cuir et les peaux d&rsquo;animaux. Ici ils font des sacs \u00e0 mains.<\/p>\n<p><a href=\"https:\/\/i0.wp.com\/genevieveetbernardauxameriques.fr\/wp-content\/uploads\/2017\/04\/DSCN9903.jpg?ssl=1\"><img loading=\"lazy\" decoding=\"async\" data-attachment-id=\"17703\" data-permalink=\"https:\/\/genevieveetbernardauxameriques.fr\/index.php\/2017\/04\/06\/colombie-2eme-article-la-route-du-cafe\/dscn9903\/\" data-orig-file=\"https:\/\/i0.wp.com\/genevieveetbernardauxameriques.fr\/wp-content\/uploads\/2017\/04\/DSCN9903.jpg?fit=720%2C540&amp;ssl=1\" data-orig-size=\"720,540\" data-comments-opened=\"1\" data-image-meta=\"{&quot;aperture&quot;:&quot;2.8&quot;,&quot;credit&quot;:&quot;&quot;,&quot;camera&quot;:&quot;COOLPIX P900&quot;,&quot;caption&quot;:&quot;&quot;,&quot;created_timestamp&quot;:&quot;1490975101&quot;,&quot;copyright&quot;:&quot;&quot;,&quot;focal_length&quot;:&quot;4.3&quot;,&quot;iso&quot;:&quot;110&quot;,&quot;shutter_speed&quot;:&quot;0.033333333333333&quot;,&quot;title&quot;:&quot;&quot;,&quot;orientation&quot;:&quot;1&quot;}\" data-image-title=\"DSCN9903\" data-image-description=\"\" data-image-caption=\"\" data-medium-file=\"https:\/\/i0.wp.com\/genevieveetbernardauxameriques.fr\/wp-content\/uploads\/2017\/04\/DSCN9903.jpg?fit=300%2C225&amp;ssl=1\" data-large-file=\"https:\/\/i0.wp.com\/genevieveetbernardauxameriques.fr\/wp-content\/uploads\/2017\/04\/DSCN9903.jpg?fit=640%2C480&amp;ssl=1\" class=\"alignnone size-full wp-image-17703\" src=\"https:\/\/i0.wp.com\/genevieveetbernardauxameriques.fr\/wp-content\/uploads\/2017\/04\/DSCN9903.jpg?resize=640%2C480&#038;ssl=1\" alt=\"\" width=\"640\" height=\"480\" srcset=\"https:\/\/i0.wp.com\/genevieveetbernardauxameriques.fr\/wp-content\/uploads\/2017\/04\/DSCN9903.jpg?w=720&amp;ssl=1 720w, https:\/\/i0.wp.com\/genevieveetbernardauxameriques.fr\/wp-content\/uploads\/2017\/04\/DSCN9903.jpg?resize=300%2C225&amp;ssl=1 300w\" sizes=\"(max-width: 640px) 100vw, 640px\" data-recalc-dims=\"1\" \/><\/a> <a href=\"https:\/\/i0.wp.com\/genevieveetbernardauxameriques.fr\/wp-content\/uploads\/2017\/04\/DSCN9904.jpg?ssl=1\"><img loading=\"lazy\" decoding=\"async\" data-attachment-id=\"17704\" data-permalink=\"https:\/\/genevieveetbernardauxameriques.fr\/index.php\/2017\/04\/06\/colombie-2eme-article-la-route-du-cafe\/dscn9904\/\" data-orig-file=\"https:\/\/i0.wp.com\/genevieveetbernardauxameriques.fr\/wp-content\/uploads\/2017\/04\/DSCN9904.jpg?fit=720%2C540&amp;ssl=1\" data-orig-size=\"720,540\" data-comments-opened=\"1\" data-image-meta=\"{&quot;aperture&quot;:&quot;3.2&quot;,&quot;credit&quot;:&quot;&quot;,&quot;camera&quot;:&quot;COOLPIX P900&quot;,&quot;caption&quot;:&quot;&quot;,&quot;created_timestamp&quot;:&quot;1490975106&quot;,&quot;copyright&quot;:&quot;&quot;,&quot;focal_length&quot;:&quot;6.2&quot;,&quot;iso&quot;:&quot;140&quot;,&quot;shutter_speed&quot;:&quot;0.033333333333333&quot;,&quot;title&quot;:&quot;&quot;,&quot;orientation&quot;:&quot;1&quot;}\" data-image-title=\"DSCN9904\" data-image-description=\"\" data-image-caption=\"\" data-medium-file=\"https:\/\/i0.wp.com\/genevieveetbernardauxameriques.fr\/wp-content\/uploads\/2017\/04\/DSCN9904.jpg?fit=300%2C225&amp;ssl=1\" data-large-file=\"https:\/\/i0.wp.com\/genevieveetbernardauxameriques.fr\/wp-content\/uploads\/2017\/04\/DSCN9904.jpg?fit=640%2C480&amp;ssl=1\" class=\"alignnone size-full wp-image-17704\" src=\"https:\/\/i0.wp.com\/genevieveetbernardauxameriques.fr\/wp-content\/uploads\/2017\/04\/DSCN9904.jpg?resize=640%2C480&#038;ssl=1\" alt=\"\" width=\"640\" height=\"480\" srcset=\"https:\/\/i0.wp.com\/genevieveetbernardauxameriques.fr\/wp-content\/uploads\/2017\/04\/DSCN9904.jpg?w=720&amp;ssl=1 720w, https:\/\/i0.wp.com\/genevieveetbernardauxameriques.fr\/wp-content\/uploads\/2017\/04\/DSCN9904.jpg?resize=300%2C225&amp;ssl=1 300w\" sizes=\"(max-width: 640px) 100vw, 640px\" data-recalc-dims=\"1\" \/><\/a><\/p>\n<p>Puis on monte au t\u00e9l\u00e9ph\u00e9rique, la vue de la ville<\/p>\n<p><a href=\"https:\/\/i0.wp.com\/genevieveetbernardauxameriques.fr\/wp-content\/uploads\/2017\/04\/DSCN9926.jpg?ssl=1\"><img loading=\"lazy\" decoding=\"async\" data-attachment-id=\"17719\" data-permalink=\"https:\/\/genevieveetbernardauxameriques.fr\/index.php\/2017\/04\/06\/colombie-2eme-article-la-route-du-cafe\/dscn9926\/\" data-orig-file=\"https:\/\/i0.wp.com\/genevieveetbernardauxameriques.fr\/wp-content\/uploads\/2017\/04\/DSCN9926.jpg?fit=720%2C540&amp;ssl=1\" data-orig-size=\"720,540\" data-comments-opened=\"1\" data-image-meta=\"{&quot;aperture&quot;:&quot;4&quot;,&quot;credit&quot;:&quot;&quot;,&quot;camera&quot;:&quot;COOLPIX P900&quot;,&quot;caption&quot;:&quot;&quot;,&quot;created_timestamp&quot;:&quot;1490982956&quot;,&quot;copyright&quot;:&quot;&quot;,&quot;focal_length&quot;:&quot;24.1&quot;,&quot;iso&quot;:&quot;100&quot;,&quot;shutter_speed&quot;:&quot;0.003125&quot;,&quot;title&quot;:&quot;&quot;,&quot;orientation&quot;:&quot;1&quot;}\" data-image-title=\"DSCN9926\" data-image-description=\"\" data-image-caption=\"\" data-medium-file=\"https:\/\/i0.wp.com\/genevieveetbernardauxameriques.fr\/wp-content\/uploads\/2017\/04\/DSCN9926.jpg?fit=300%2C225&amp;ssl=1\" data-large-file=\"https:\/\/i0.wp.com\/genevieveetbernardauxameriques.fr\/wp-content\/uploads\/2017\/04\/DSCN9926.jpg?fit=640%2C480&amp;ssl=1\" class=\"alignnone size-full wp-image-17719\" src=\"https:\/\/i0.wp.com\/genevieveetbernardauxameriques.fr\/wp-content\/uploads\/2017\/04\/DSCN9926.jpg?resize=640%2C480&#038;ssl=1\" alt=\"\" width=\"640\" height=\"480\" srcset=\"https:\/\/i0.wp.com\/genevieveetbernardauxameriques.fr\/wp-content\/uploads\/2017\/04\/DSCN9926.jpg?w=720&amp;ssl=1 720w, https:\/\/i0.wp.com\/genevieveetbernardauxameriques.fr\/wp-content\/uploads\/2017\/04\/DSCN9926.jpg?resize=300%2C225&amp;ssl=1 300w\" sizes=\"(max-width: 640px) 100vw, 640px\" data-recalc-dims=\"1\" \/><\/a> <a href=\"https:\/\/i0.wp.com\/genevieveetbernardauxameriques.fr\/wp-content\/uploads\/2017\/04\/DSCN9928.jpg?ssl=1\"><img loading=\"lazy\" decoding=\"async\" data-attachment-id=\"17720\" data-permalink=\"https:\/\/genevieveetbernardauxameriques.fr\/index.php\/2017\/04\/06\/colombie-2eme-article-la-route-du-cafe\/dscn9928\/\" data-orig-file=\"https:\/\/i0.wp.com\/genevieveetbernardauxameriques.fr\/wp-content\/uploads\/2017\/04\/DSCN9928.jpg?fit=720%2C540&amp;ssl=1\" data-orig-size=\"720,540\" data-comments-opened=\"1\" data-image-meta=\"{&quot;aperture&quot;:&quot;3.2&quot;,&quot;credit&quot;:&quot;&quot;,&quot;camera&quot;:&quot;COOLPIX P900&quot;,&quot;caption&quot;:&quot;&quot;,&quot;created_timestamp&quot;:&quot;1490982982&quot;,&quot;copyright&quot;:&quot;&quot;,&quot;focal_length&quot;:&quot;8.4&quot;,&quot;iso&quot;:&quot;100&quot;,&quot;shutter_speed&quot;:&quot;0.0015625&quot;,&quot;title&quot;:&quot;&quot;,&quot;orientation&quot;:&quot;1&quot;}\" data-image-title=\"DSCN9928\" data-image-description=\"\" data-image-caption=\"\" data-medium-file=\"https:\/\/i0.wp.com\/genevieveetbernardauxameriques.fr\/wp-content\/uploads\/2017\/04\/DSCN9928.jpg?fit=300%2C225&amp;ssl=1\" data-large-file=\"https:\/\/i0.wp.com\/genevieveetbernardauxameriques.fr\/wp-content\/uploads\/2017\/04\/DSCN9928.jpg?fit=640%2C480&amp;ssl=1\" class=\"alignnone size-full wp-image-17720\" src=\"https:\/\/i0.wp.com\/genevieveetbernardauxameriques.fr\/wp-content\/uploads\/2017\/04\/DSCN9928.jpg?resize=640%2C480&#038;ssl=1\" alt=\"\" width=\"640\" height=\"480\" srcset=\"https:\/\/i0.wp.com\/genevieveetbernardauxameriques.fr\/wp-content\/uploads\/2017\/04\/DSCN9928.jpg?w=720&amp;ssl=1 720w, https:\/\/i0.wp.com\/genevieveetbernardauxameriques.fr\/wp-content\/uploads\/2017\/04\/DSCN9928.jpg?resize=300%2C225&amp;ssl=1 300w\" sizes=\"(max-width: 640px) 100vw, 640px\" data-recalc-dims=\"1\" \/><\/a><img loading=\"lazy\" decoding=\"async\" data-attachment-id=\"17717\" data-permalink=\"https:\/\/genevieveetbernardauxameriques.fr\/index.php\/2017\/04\/06\/colombie-2eme-article-la-route-du-cafe\/dscn9922\/\" data-orig-file=\"https:\/\/i0.wp.com\/genevieveetbernardauxameriques.fr\/wp-content\/uploads\/2017\/04\/DSCN9922.jpg?fit=720%2C540&amp;ssl=1\" data-orig-size=\"720,540\" data-comments-opened=\"1\" data-image-meta=\"{&quot;aperture&quot;:&quot;3.2&quot;,&quot;credit&quot;:&quot;&quot;,&quot;camera&quot;:&quot;COOLPIX P900&quot;,&quot;caption&quot;:&quot;&quot;,&quot;created_timestamp&quot;:&quot;1490982662&quot;,&quot;copyright&quot;:&quot;&quot;,&quot;focal_length&quot;:&quot;7.1&quot;,&quot;iso&quot;:&quot;100&quot;,&quot;shutter_speed&quot;:&quot;0.00125&quot;,&quot;title&quot;:&quot;&quot;,&quot;orientation&quot;:&quot;1&quot;}\" data-image-title=\"DSCN9922\" data-image-description=\"\" data-image-caption=\"\" data-medium-file=\"https:\/\/i0.wp.com\/genevieveetbernardauxameriques.fr\/wp-content\/uploads\/2017\/04\/DSCN9922.jpg?fit=300%2C225&amp;ssl=1\" data-large-file=\"https:\/\/i0.wp.com\/genevieveetbernardauxameriques.fr\/wp-content\/uploads\/2017\/04\/DSCN9922.jpg?fit=640%2C480&amp;ssl=1\" class=\"alignnone size-full wp-image-17717\" src=\"https:\/\/i0.wp.com\/genevieveetbernardauxameriques.fr\/wp-content\/uploads\/2017\/04\/DSCN9922.jpg?resize=640%2C480&#038;ssl=1\" alt=\"\" width=\"640\" height=\"480\" srcset=\"https:\/\/i0.wp.com\/genevieveetbernardauxameriques.fr\/wp-content\/uploads\/2017\/04\/DSCN9922.jpg?w=720&amp;ssl=1 720w, https:\/\/i0.wp.com\/genevieveetbernardauxameriques.fr\/wp-content\/uploads\/2017\/04\/DSCN9922.jpg?resize=300%2C225&amp;ssl=1 300w\" sizes=\"(max-width: 640px) 100vw, 640px\" data-recalc-dims=\"1\" \/><\/p>\n<p>le cimeti\u00e8re: <a href=\"https:\/\/i0.wp.com\/genevieveetbernardauxameriques.fr\/wp-content\/uploads\/2017\/04\/DSCN9929.jpg?ssl=1\"><img loading=\"lazy\" decoding=\"async\" data-attachment-id=\"17721\" data-permalink=\"https:\/\/genevieveetbernardauxameriques.fr\/index.php\/2017\/04\/06\/colombie-2eme-article-la-route-du-cafe\/dscn9929\/\" data-orig-file=\"https:\/\/i0.wp.com\/genevieveetbernardauxameriques.fr\/wp-content\/uploads\/2017\/04\/DSCN9929.jpg?fit=720%2C540&amp;ssl=1\" data-orig-size=\"720,540\" data-comments-opened=\"1\" data-image-meta=\"{&quot;aperture&quot;:&quot;4.5&quot;,&quot;credit&quot;:&quot;&quot;,&quot;camera&quot;:&quot;COOLPIX P900&quot;,&quot;caption&quot;:&quot;&quot;,&quot;created_timestamp&quot;:&quot;1490983042&quot;,&quot;copyright&quot;:&quot;&quot;,&quot;focal_length&quot;:&quot;42.8&quot;,&quot;iso&quot;:&quot;100&quot;,&quot;shutter_speed&quot;:&quot;0.0025&quot;,&quot;title&quot;:&quot;&quot;,&quot;orientation&quot;:&quot;1&quot;}\" data-image-title=\"DSCN9929\" data-image-description=\"\" data-image-caption=\"\" data-medium-file=\"https:\/\/i0.wp.com\/genevieveetbernardauxameriques.fr\/wp-content\/uploads\/2017\/04\/DSCN9929.jpg?fit=300%2C225&amp;ssl=1\" data-large-file=\"https:\/\/i0.wp.com\/genevieveetbernardauxameriques.fr\/wp-content\/uploads\/2017\/04\/DSCN9929.jpg?fit=640%2C480&amp;ssl=1\" class=\"alignnone size-full wp-image-17721\" src=\"https:\/\/i0.wp.com\/genevieveetbernardauxameriques.fr\/wp-content\/uploads\/2017\/04\/DSCN9929.jpg?resize=640%2C480&#038;ssl=1\" alt=\"\" width=\"640\" height=\"480\" srcset=\"https:\/\/i0.wp.com\/genevieveetbernardauxameriques.fr\/wp-content\/uploads\/2017\/04\/DSCN9929.jpg?w=720&amp;ssl=1 720w, https:\/\/i0.wp.com\/genevieveetbernardauxameriques.fr\/wp-content\/uploads\/2017\/04\/DSCN9929.jpg?resize=300%2C225&amp;ssl=1 300w\" sizes=\"(max-width: 640px) 100vw, 640px\" data-recalc-dims=\"1\" \/><\/a><\/p>\n<p>Le quartier un peu moins chic<\/p>\n<p><a href=\"https:\/\/i0.wp.com\/genevieveetbernardauxameriques.fr\/wp-content\/uploads\/2017\/04\/DSCN9930.jpg?ssl=1\"><img loading=\"lazy\" decoding=\"async\" data-attachment-id=\"17722\" data-permalink=\"https:\/\/genevieveetbernardauxameriques.fr\/index.php\/2017\/04\/06\/colombie-2eme-article-la-route-du-cafe\/dscn9930\/\" data-orig-file=\"https:\/\/i0.wp.com\/genevieveetbernardauxameriques.fr\/wp-content\/uploads\/2017\/04\/DSCN9930.jpg?fit=720%2C540&amp;ssl=1\" data-orig-size=\"720,540\" data-comments-opened=\"1\" data-image-meta=\"{&quot;aperture&quot;:&quot;5&quot;,&quot;credit&quot;:&quot;&quot;,&quot;camera&quot;:&quot;COOLPIX P900&quot;,&quot;caption&quot;:&quot;&quot;,&quot;created_timestamp&quot;:&quot;1490983066&quot;,&quot;copyright&quot;:&quot;&quot;,&quot;focal_length&quot;:&quot;62.5&quot;,&quot;iso&quot;:&quot;100&quot;,&quot;shutter_speed&quot;:&quot;0.003125&quot;,&quot;title&quot;:&quot;&quot;,&quot;orientation&quot;:&quot;1&quot;}\" data-image-title=\"DSCN9930\" data-image-description=\"\" data-image-caption=\"\" data-medium-file=\"https:\/\/i0.wp.com\/genevieveetbernardauxameriques.fr\/wp-content\/uploads\/2017\/04\/DSCN9930.jpg?fit=300%2C225&amp;ssl=1\" data-large-file=\"https:\/\/i0.wp.com\/genevieveetbernardauxameriques.fr\/wp-content\/uploads\/2017\/04\/DSCN9930.jpg?fit=640%2C480&amp;ssl=1\" class=\"alignnone size-full wp-image-17722\" src=\"https:\/\/i0.wp.com\/genevieveetbernardauxameriques.fr\/wp-content\/uploads\/2017\/04\/DSCN9930.jpg?resize=640%2C480&#038;ssl=1\" alt=\"\" width=\"640\" height=\"480\" srcset=\"https:\/\/i0.wp.com\/genevieveetbernardauxameriques.fr\/wp-content\/uploads\/2017\/04\/DSCN9930.jpg?w=720&amp;ssl=1 720w, https:\/\/i0.wp.com\/genevieveetbernardauxameriques.fr\/wp-content\/uploads\/2017\/04\/DSCN9930.jpg?resize=300%2C225&amp;ssl=1 300w\" sizes=\"(max-width: 640px) 100vw, 640px\" data-recalc-dims=\"1\" \/><\/a><\/p>\n<p>Nous reprenons la route et arriverons \u00e0 <strong>SANTA FE DE ANTIOQUIA<\/strong> par une tr\u00e8s belle route, tant par les paysages que par l&rsquo;\u00e9tat de la chauss\u00e9e.<\/p>\n<p><img loading=\"lazy\" decoding=\"async\" data-attachment-id=\"17725\" data-permalink=\"https:\/\/genevieveetbernardauxameriques.fr\/index.php\/2017\/04\/06\/colombie-2eme-article-la-route-du-cafe\/dscn9936\/\" data-orig-file=\"https:\/\/i0.wp.com\/genevieveetbernardauxameriques.fr\/wp-content\/uploads\/2017\/04\/DSCN9936-e1586530041900.jpg?fit=719%2C390&amp;ssl=1\" data-orig-size=\"719,390\" data-comments-opened=\"1\" data-image-meta=\"{&quot;aperture&quot;:&quot;2.8&quot;,&quot;credit&quot;:&quot;&quot;,&quot;camera&quot;:&quot;COOLPIX P900&quot;,&quot;caption&quot;:&quot;&quot;,&quot;created_timestamp&quot;:&quot;1490985656&quot;,&quot;copyright&quot;:&quot;&quot;,&quot;focal_length&quot;:&quot;4.3&quot;,&quot;iso&quot;:&quot;100&quot;,&quot;shutter_speed&quot;:&quot;0.002&quot;,&quot;title&quot;:&quot;&quot;,&quot;orientation&quot;:&quot;1&quot;}\" data-image-title=\"DSCN9936\" data-image-description=\"\" data-image-caption=\"\" data-medium-file=\"https:\/\/i0.wp.com\/genevieveetbernardauxameriques.fr\/wp-content\/uploads\/2017\/04\/DSCN9936-e1586530041900.jpg?fit=300%2C163&amp;ssl=1\" data-large-file=\"https:\/\/i0.wp.com\/genevieveetbernardauxameriques.fr\/wp-content\/uploads\/2017\/04\/DSCN9936-e1586530041900.jpg?fit=640%2C347&amp;ssl=1\" class=\"alignnone size-full wp-image-17725\" src=\"https:\/\/i0.wp.com\/genevieveetbernardauxameriques.fr\/wp-content\/uploads\/2017\/04\/DSCN9936-e1586530041900.jpg?resize=640%2C347&#038;ssl=1\" alt=\"\" width=\"640\" height=\"347\" srcset=\"https:\/\/i0.wp.com\/genevieveetbernardauxameriques.fr\/wp-content\/uploads\/2017\/04\/DSCN9936-e1586530041900.jpg?w=719&amp;ssl=1 719w, https:\/\/i0.wp.com\/genevieveetbernardauxameriques.fr\/wp-content\/uploads\/2017\/04\/DSCN9936-e1586530041900.jpg?resize=300%2C163&amp;ssl=1 300w\" sizes=\"(max-width: 640px) 100vw, 640px\" data-recalc-dims=\"1\" \/><img loading=\"lazy\" decoding=\"async\" data-attachment-id=\"17740\" data-permalink=\"https:\/\/genevieveetbernardauxameriques.fr\/index.php\/2017\/04\/06\/colombie-2eme-article-la-route-du-cafe\/dscn9943\/\" data-orig-file=\"https:\/\/i0.wp.com\/genevieveetbernardauxameriques.fr\/wp-content\/uploads\/2017\/04\/DSCN9943.jpg?fit=720%2C540&amp;ssl=1\" data-orig-size=\"720,540\" data-comments-opened=\"1\" data-image-meta=\"{&quot;aperture&quot;:&quot;3.5&quot;,&quot;credit&quot;:&quot;&quot;,&quot;camera&quot;:&quot;COOLPIX P900&quot;,&quot;caption&quot;:&quot;&quot;,&quot;created_timestamp&quot;:&quot;1491069072&quot;,&quot;copyright&quot;:&quot;&quot;,&quot;focal_length&quot;:&quot;13.4&quot;,&quot;iso&quot;:&quot;100&quot;,&quot;shutter_speed&quot;:&quot;0.003125&quot;,&quot;title&quot;:&quot;&quot;,&quot;orientation&quot;:&quot;1&quot;}\" data-image-title=\"DSCN9943\" data-image-description=\"\" data-image-caption=\"\" data-medium-file=\"https:\/\/i0.wp.com\/genevieveetbernardauxameriques.fr\/wp-content\/uploads\/2017\/04\/DSCN9943.jpg?fit=300%2C225&amp;ssl=1\" data-large-file=\"https:\/\/i0.wp.com\/genevieveetbernardauxameriques.fr\/wp-content\/uploads\/2017\/04\/DSCN9943.jpg?fit=640%2C480&amp;ssl=1\" class=\"alignnone size-full wp-image-17740\" src=\"https:\/\/i0.wp.com\/genevieveetbernardauxameriques.fr\/wp-content\/uploads\/2017\/04\/DSCN9943.jpg?resize=640%2C480&#038;ssl=1\" alt=\"\" width=\"640\" height=\"480\" srcset=\"https:\/\/i0.wp.com\/genevieveetbernardauxameriques.fr\/wp-content\/uploads\/2017\/04\/DSCN9943.jpg?w=720&amp;ssl=1 720w, https:\/\/i0.wp.com\/genevieveetbernardauxameriques.fr\/wp-content\/uploads\/2017\/04\/DSCN9943.jpg?resize=300%2C225&amp;ssl=1 300w\" sizes=\"(max-width: 640px) 100vw, 640px\" data-recalc-dims=\"1\" \/><\/p>\n<p><strong>SANTA FE<\/strong>,\u00a0 notre guide pr\u00e9cisait \u00ab\u00a0un v\u00e9ritable bijou colonial, nous avons pr\u00e9f\u00e9r\u00e9 Jerico ou Salamina. Les fa\u00e7ades sont blanchies \u00e0 la chaux et les balcons sont en bois sculpt\u00e9s, les maisons sont basses et ont gard\u00e9 le m\u00eame aspect qu&rsquo;au 19e.<\/p>\n<p>L&rsquo;int\u00e9rieur d&rsquo;un restaurant.<\/p>\n<p><a href=\"https:\/\/i0.wp.com\/genevieveetbernardauxameriques.fr\/wp-content\/uploads\/2017\/04\/P1070748.jpg?ssl=1\"><img loading=\"lazy\" decoding=\"async\" data-attachment-id=\"17771\" data-permalink=\"https:\/\/genevieveetbernardauxameriques.fr\/index.php\/2017\/04\/06\/colombie-2eme-article-la-route-du-cafe\/p1070748\/\" data-orig-file=\"https:\/\/i0.wp.com\/genevieveetbernardauxameriques.fr\/wp-content\/uploads\/2017\/04\/P1070748.jpg?fit=720%2C540&amp;ssl=1\" data-orig-size=\"720,540\" data-comments-opened=\"1\" data-image-meta=\"{&quot;aperture&quot;:&quot;3.9&quot;,&quot;credit&quot;:&quot;&quot;,&quot;camera&quot;:&quot;DMC-TZ55&quot;,&quot;caption&quot;:&quot;&quot;,&quot;created_timestamp&quot;:&quot;1491005197&quot;,&quot;copyright&quot;:&quot;&quot;,&quot;focal_length&quot;:&quot;6.9&quot;,&quot;iso&quot;:&quot;800&quot;,&quot;shutter_speed&quot;:&quot;0.076923076923077&quot;,&quot;title&quot;:&quot;&quot;,&quot;orientation&quot;:&quot;1&quot;}\" data-image-title=\"P1070748\" data-image-description=\"\" data-image-caption=\"\" data-medium-file=\"https:\/\/i0.wp.com\/genevieveetbernardauxameriques.fr\/wp-content\/uploads\/2017\/04\/P1070748.jpg?fit=300%2C225&amp;ssl=1\" data-large-file=\"https:\/\/i0.wp.com\/genevieveetbernardauxameriques.fr\/wp-content\/uploads\/2017\/04\/P1070748.jpg?fit=640%2C480&amp;ssl=1\" class=\"alignnone size-full wp-image-17771\" src=\"https:\/\/i0.wp.com\/genevieveetbernardauxameriques.fr\/wp-content\/uploads\/2017\/04\/P1070748.jpg?resize=640%2C480&#038;ssl=1\" alt=\"\" width=\"640\" height=\"480\" srcset=\"https:\/\/i0.wp.com\/genevieveetbernardauxameriques.fr\/wp-content\/uploads\/2017\/04\/P1070748.jpg?w=720&amp;ssl=1 720w, https:\/\/i0.wp.com\/genevieveetbernardauxameriques.fr\/wp-content\/uploads\/2017\/04\/P1070748.jpg?resize=300%2C225&amp;ssl=1 300w\" sizes=\"(max-width: 640px) 100vw, 640px\" data-recalc-dims=\"1\" \/><\/a><\/p>\n<p>et la cour<\/p>\n<p><img loading=\"lazy\" decoding=\"async\" data-attachment-id=\"17770\" data-permalink=\"https:\/\/genevieveetbernardauxameriques.fr\/index.php\/2017\/04\/06\/colombie-2eme-article-la-route-du-cafe\/p1070747\/\" data-orig-file=\"https:\/\/i0.wp.com\/genevieveetbernardauxameriques.fr\/wp-content\/uploads\/2017\/04\/P1070747.jpg?fit=720%2C540&amp;ssl=1\" data-orig-size=\"720,540\" data-comments-opened=\"1\" data-image-meta=\"{&quot;aperture&quot;:&quot;3.3&quot;,&quot;credit&quot;:&quot;&quot;,&quot;camera&quot;:&quot;DMC-TZ55&quot;,&quot;caption&quot;:&quot;&quot;,&quot;created_timestamp&quot;:&quot;1491005165&quot;,&quot;copyright&quot;:&quot;&quot;,&quot;focal_length&quot;:&quot;4.3&quot;,&quot;iso&quot;:&quot;1600&quot;,&quot;shutter_speed&quot;:&quot;0.0125&quot;,&quot;title&quot;:&quot;&quot;,&quot;orientation&quot;:&quot;1&quot;}\" data-image-title=\"P1070747\" data-image-description=\"\" data-image-caption=\"\" data-medium-file=\"https:\/\/i0.wp.com\/genevieveetbernardauxameriques.fr\/wp-content\/uploads\/2017\/04\/P1070747.jpg?fit=300%2C225&amp;ssl=1\" data-large-file=\"https:\/\/i0.wp.com\/genevieveetbernardauxameriques.fr\/wp-content\/uploads\/2017\/04\/P1070747.jpg?fit=640%2C480&amp;ssl=1\" class=\"alignnone size-full wp-image-17770\" src=\"https:\/\/i0.wp.com\/genevieveetbernardauxameriques.fr\/wp-content\/uploads\/2017\/04\/P1070747.jpg?resize=640%2C480&#038;ssl=1\" alt=\"\" width=\"640\" height=\"480\" srcset=\"https:\/\/i0.wp.com\/genevieveetbernardauxameriques.fr\/wp-content\/uploads\/2017\/04\/P1070747.jpg?w=720&amp;ssl=1 720w, https:\/\/i0.wp.com\/genevieveetbernardauxameriques.fr\/wp-content\/uploads\/2017\/04\/P1070747.jpg?resize=300%2C225&amp;ssl=1 300w\" sizes=\"(max-width: 640px) 100vw, 640px\" data-recalc-dims=\"1\" \/><\/p>\n<p>Encore une \u00e9picerie<\/p>\n<p><a href=\"https:\/\/i0.wp.com\/genevieveetbernardauxameriques.fr\/wp-content\/uploads\/2017\/04\/P1070750.jpg?ssl=1\"><img loading=\"lazy\" decoding=\"async\" data-attachment-id=\"17772\" data-permalink=\"https:\/\/genevieveetbernardauxameriques.fr\/index.php\/2017\/04\/06\/colombie-2eme-article-la-route-du-cafe\/p1070750\/\" data-orig-file=\"https:\/\/i0.wp.com\/genevieveetbernardauxameriques.fr\/wp-content\/uploads\/2017\/04\/P1070750.jpg?fit=720%2C540&amp;ssl=1\" data-orig-size=\"720,540\" data-comments-opened=\"1\" data-image-meta=\"{&quot;aperture&quot;:&quot;3.3&quot;,&quot;credit&quot;:&quot;&quot;,&quot;camera&quot;:&quot;DMC-TZ55&quot;,&quot;caption&quot;:&quot;&quot;,&quot;created_timestamp&quot;:&quot;1491005493&quot;,&quot;copyright&quot;:&quot;&quot;,&quot;focal_length&quot;:&quot;4.3&quot;,&quot;iso&quot;:&quot;1600&quot;,&quot;shutter_speed&quot;:&quot;0.00625&quot;,&quot;title&quot;:&quot;&quot;,&quot;orientation&quot;:&quot;1&quot;}\" data-image-title=\"P1070750\" data-image-description=\"\" data-image-caption=\"\" data-medium-file=\"https:\/\/i0.wp.com\/genevieveetbernardauxameriques.fr\/wp-content\/uploads\/2017\/04\/P1070750.jpg?fit=300%2C225&amp;ssl=1\" data-large-file=\"https:\/\/i0.wp.com\/genevieveetbernardauxameriques.fr\/wp-content\/uploads\/2017\/04\/P1070750.jpg?fit=640%2C480&amp;ssl=1\" class=\"alignnone size-full wp-image-17772\" src=\"https:\/\/i0.wp.com\/genevieveetbernardauxameriques.fr\/wp-content\/uploads\/2017\/04\/P1070750.jpg?resize=640%2C480&#038;ssl=1\" alt=\"\" width=\"640\" height=\"480\" srcset=\"https:\/\/i0.wp.com\/genevieveetbernardauxameriques.fr\/wp-content\/uploads\/2017\/04\/P1070750.jpg?w=720&amp;ssl=1 720w, https:\/\/i0.wp.com\/genevieveetbernardauxameriques.fr\/wp-content\/uploads\/2017\/04\/P1070750.jpg?resize=300%2C225&amp;ssl=1 300w\" sizes=\"(max-width: 640px) 100vw, 640px\" data-recalc-dims=\"1\" \/><\/a> <a href=\"https:\/\/i0.wp.com\/genevieveetbernardauxameriques.fr\/wp-content\/uploads\/2017\/04\/P1070751.jpg?ssl=1\"><img loading=\"lazy\" decoding=\"async\" data-attachment-id=\"17773\" data-permalink=\"https:\/\/genevieveetbernardauxameriques.fr\/index.php\/2017\/04\/06\/colombie-2eme-article-la-route-du-cafe\/p1070751\/\" data-orig-file=\"https:\/\/i0.wp.com\/genevieveetbernardauxameriques.fr\/wp-content\/uploads\/2017\/04\/P1070751.jpg?fit=720%2C540&amp;ssl=1\" data-orig-size=\"720,540\" data-comments-opened=\"1\" data-image-meta=\"{&quot;aperture&quot;:&quot;4.7&quot;,&quot;credit&quot;:&quot;&quot;,&quot;camera&quot;:&quot;DMC-TZ55&quot;,&quot;caption&quot;:&quot;&quot;,&quot;created_timestamp&quot;:&quot;1491005944&quot;,&quot;copyright&quot;:&quot;&quot;,&quot;focal_length&quot;:&quot;10.3&quot;,&quot;iso&quot;:&quot;800&quot;,&quot;shutter_speed&quot;:&quot;0.002&quot;,&quot;title&quot;:&quot;&quot;,&quot;orientation&quot;:&quot;1&quot;}\" data-image-title=\"P1070751\" data-image-description=\"\" data-image-caption=\"\" data-medium-file=\"https:\/\/i0.wp.com\/genevieveetbernardauxameriques.fr\/wp-content\/uploads\/2017\/04\/P1070751.jpg?fit=300%2C225&amp;ssl=1\" data-large-file=\"https:\/\/i0.wp.com\/genevieveetbernardauxameriques.fr\/wp-content\/uploads\/2017\/04\/P1070751.jpg?fit=640%2C480&amp;ssl=1\" class=\"alignnone size-full wp-image-17773\" src=\"https:\/\/i0.wp.com\/genevieveetbernardauxameriques.fr\/wp-content\/uploads\/2017\/04\/P1070751.jpg?resize=640%2C480&#038;ssl=1\" alt=\"\" width=\"640\" height=\"480\" srcset=\"https:\/\/i0.wp.com\/genevieveetbernardauxameriques.fr\/wp-content\/uploads\/2017\/04\/P1070751.jpg?w=720&amp;ssl=1 720w, https:\/\/i0.wp.com\/genevieveetbernardauxameriques.fr\/wp-content\/uploads\/2017\/04\/P1070751.jpg?resize=300%2C225&amp;ssl=1 300w\" sizes=\"(max-width: 640px) 100vw, 640px\" data-recalc-dims=\"1\" \/><\/a><\/p>\n<p>L&rsquo;\u00e9glise SANTA BARBARA<\/p>\n<p><a href=\"https:\/\/i0.wp.com\/genevieveetbernardauxameriques.fr\/wp-content\/uploads\/2017\/04\/P1070754.jpg?ssl=1\"><img loading=\"lazy\" decoding=\"async\" data-attachment-id=\"17775\" data-permalink=\"https:\/\/genevieveetbernardauxameriques.fr\/index.php\/2017\/04\/06\/colombie-2eme-article-la-route-du-cafe\/p1070754-2\/\" data-orig-file=\"https:\/\/i0.wp.com\/genevieveetbernardauxameriques.fr\/wp-content\/uploads\/2017\/04\/P1070754.jpg?fit=720%2C540&amp;ssl=1\" data-orig-size=\"720,540\" data-comments-opened=\"1\" data-image-meta=\"{&quot;aperture&quot;:&quot;4&quot;,&quot;credit&quot;:&quot;&quot;,&quot;camera&quot;:&quot;DMC-TZ55&quot;,&quot;caption&quot;:&quot;&quot;,&quot;created_timestamp&quot;:&quot;1491006549&quot;,&quot;copyright&quot;:&quot;&quot;,&quot;focal_length&quot;:&quot;4.3&quot;,&quot;iso&quot;:&quot;100&quot;,&quot;shutter_speed&quot;:&quot;0.00625&quot;,&quot;title&quot;:&quot;&quot;,&quot;orientation&quot;:&quot;1&quot;}\" data-image-title=\"P1070754\" data-image-description=\"\" data-image-caption=\"\" data-medium-file=\"https:\/\/i0.wp.com\/genevieveetbernardauxameriques.fr\/wp-content\/uploads\/2017\/04\/P1070754.jpg?fit=300%2C225&amp;ssl=1\" data-large-file=\"https:\/\/i0.wp.com\/genevieveetbernardauxameriques.fr\/wp-content\/uploads\/2017\/04\/P1070754.jpg?fit=640%2C480&amp;ssl=1\" class=\"alignnone size-full wp-image-17775\" src=\"https:\/\/i0.wp.com\/genevieveetbernardauxameriques.fr\/wp-content\/uploads\/2017\/04\/P1070754.jpg?resize=640%2C480&#038;ssl=1\" alt=\"\" width=\"640\" height=\"480\" srcset=\"https:\/\/i0.wp.com\/genevieveetbernardauxameriques.fr\/wp-content\/uploads\/2017\/04\/P1070754.jpg?w=720&amp;ssl=1 720w, https:\/\/i0.wp.com\/genevieveetbernardauxameriques.fr\/wp-content\/uploads\/2017\/04\/P1070754.jpg?resize=300%2C225&amp;ssl=1 300w\" sizes=\"(max-width: 640px) 100vw, 640px\" data-recalc-dims=\"1\" \/><\/a> <a href=\"https:\/\/i0.wp.com\/genevieveetbernardauxameriques.fr\/wp-content\/uploads\/2017\/04\/P1070756.jpg?ssl=1\"><img loading=\"lazy\" decoding=\"async\" data-attachment-id=\"17776\" data-permalink=\"https:\/\/genevieveetbernardauxameriques.fr\/index.php\/2017\/04\/06\/colombie-2eme-article-la-route-du-cafe\/p1070756\/\" data-orig-file=\"https:\/\/i0.wp.com\/genevieveetbernardauxameriques.fr\/wp-content\/uploads\/2017\/04\/P1070756.jpg?fit=540%2C720&amp;ssl=1\" data-orig-size=\"540,720\" data-comments-opened=\"1\" data-image-meta=\"{&quot;aperture&quot;:&quot;5.1&quot;,&quot;credit&quot;:&quot;&quot;,&quot;camera&quot;:&quot;DMC-TZ55&quot;,&quot;caption&quot;:&quot;&quot;,&quot;created_timestamp&quot;:&quot;1491006682&quot;,&quot;copyright&quot;:&quot;&quot;,&quot;focal_length&quot;:&quot;14.2&quot;,&quot;iso&quot;:&quot;1600&quot;,&quot;shutter_speed&quot;:&quot;0.066666666666667&quot;,&quot;title&quot;:&quot;&quot;,&quot;orientation&quot;:&quot;1&quot;}\" data-image-title=\"P1070756\" data-image-description=\"\" data-image-caption=\"\" data-medium-file=\"https:\/\/i0.wp.com\/genevieveetbernardauxameriques.fr\/wp-content\/uploads\/2017\/04\/P1070756.jpg?fit=225%2C300&amp;ssl=1\" data-large-file=\"https:\/\/i0.wp.com\/genevieveetbernardauxameriques.fr\/wp-content\/uploads\/2017\/04\/P1070756.jpg?fit=540%2C720&amp;ssl=1\" class=\"wp-image-17776 aligncenter\" src=\"https:\/\/i0.wp.com\/genevieveetbernardauxameriques.fr\/wp-content\/uploads\/2017\/04\/P1070756.jpg?resize=386%2C515&#038;ssl=1\" alt=\"\" width=\"386\" height=\"515\" srcset=\"https:\/\/i0.wp.com\/genevieveetbernardauxameriques.fr\/wp-content\/uploads\/2017\/04\/P1070756.jpg?w=540&amp;ssl=1 540w, https:\/\/i0.wp.com\/genevieveetbernardauxameriques.fr\/wp-content\/uploads\/2017\/04\/P1070756.jpg?resize=225%2C300&amp;ssl=1 225w\" sizes=\"(max-width: 386px) 100vw, 386px\" data-recalc-dims=\"1\" \/><\/a><\/p>\n<p>(remarquez la hauteur du topes)\u00a0<a href=\"https:\/\/i0.wp.com\/genevieveetbernardauxameriques.fr\/wp-content\/uploads\/2017\/04\/P1070757.jpg?ssl=1\"><img loading=\"lazy\" decoding=\"async\" data-attachment-id=\"17777\" data-permalink=\"https:\/\/genevieveetbernardauxameriques.fr\/index.php\/2017\/04\/06\/colombie-2eme-article-la-route-du-cafe\/p1070757\/\" data-orig-file=\"https:\/\/i0.wp.com\/genevieveetbernardauxameriques.fr\/wp-content\/uploads\/2017\/04\/P1070757.jpg?fit=720%2C540&amp;ssl=1\" data-orig-size=\"720,540\" data-comments-opened=\"1\" data-image-meta=\"{&quot;aperture&quot;:&quot;3.9&quot;,&quot;credit&quot;:&quot;&quot;,&quot;camera&quot;:&quot;DMC-TZ55&quot;,&quot;caption&quot;:&quot;&quot;,&quot;created_timestamp&quot;:&quot;1491007157&quot;,&quot;copyright&quot;:&quot;&quot;,&quot;focal_length&quot;:&quot;7.4&quot;,&quot;iso&quot;:&quot;100&quot;,&quot;shutter_speed&quot;:&quot;0.01&quot;,&quot;title&quot;:&quot;&quot;,&quot;orientation&quot;:&quot;1&quot;}\" data-image-title=\"P1070757\" data-image-description=\"\" data-image-caption=\"\" data-medium-file=\"https:\/\/i0.wp.com\/genevieveetbernardauxameriques.fr\/wp-content\/uploads\/2017\/04\/P1070757.jpg?fit=300%2C225&amp;ssl=1\" data-large-file=\"https:\/\/i0.wp.com\/genevieveetbernardauxameriques.fr\/wp-content\/uploads\/2017\/04\/P1070757.jpg?fit=640%2C480&amp;ssl=1\" class=\"alignnone size-full wp-image-17777\" src=\"https:\/\/i0.wp.com\/genevieveetbernardauxameriques.fr\/wp-content\/uploads\/2017\/04\/P1070757.jpg?resize=640%2C480&#038;ssl=1\" alt=\"\" width=\"640\" height=\"480\" srcset=\"https:\/\/i0.wp.com\/genevieveetbernardauxameriques.fr\/wp-content\/uploads\/2017\/04\/P1070757.jpg?w=720&amp;ssl=1 720w, https:\/\/i0.wp.com\/genevieveetbernardauxameriques.fr\/wp-content\/uploads\/2017\/04\/P1070757.jpg?resize=300%2C225&amp;ssl=1 300w\" sizes=\"(max-width: 640px) 100vw, 640px\" data-recalc-dims=\"1\" \/><\/a> <a href=\"https:\/\/i0.wp.com\/genevieveetbernardauxameriques.fr\/wp-content\/uploads\/2017\/04\/P1070758.jpg?ssl=1\"><img loading=\"lazy\" decoding=\"async\" data-attachment-id=\"17778\" data-permalink=\"https:\/\/genevieveetbernardauxameriques.fr\/index.php\/2017\/04\/06\/colombie-2eme-article-la-route-du-cafe\/p1070758\/\" data-orig-file=\"https:\/\/i0.wp.com\/genevieveetbernardauxameriques.fr\/wp-content\/uploads\/2017\/04\/P1070758.jpg?fit=720%2C540&amp;ssl=1\" data-orig-size=\"720,540\" data-comments-opened=\"1\" data-image-meta=\"{&quot;aperture&quot;:&quot;3.4&quot;,&quot;credit&quot;:&quot;&quot;,&quot;camera&quot;:&quot;DMC-TZ55&quot;,&quot;caption&quot;:&quot;&quot;,&quot;created_timestamp&quot;:&quot;1491007986&quot;,&quot;copyright&quot;:&quot;&quot;,&quot;focal_length&quot;:&quot;4.8&quot;,&quot;iso&quot;:&quot;100&quot;,&quot;shutter_speed&quot;:&quot;0.008&quot;,&quot;title&quot;:&quot;&quot;,&quot;orientation&quot;:&quot;1&quot;}\" data-image-title=\"P1070758\" data-image-description=\"\" data-image-caption=\"\" data-medium-file=\"https:\/\/i0.wp.com\/genevieveetbernardauxameriques.fr\/wp-content\/uploads\/2017\/04\/P1070758.jpg?fit=300%2C225&amp;ssl=1\" data-large-file=\"https:\/\/i0.wp.com\/genevieveetbernardauxameriques.fr\/wp-content\/uploads\/2017\/04\/P1070758.jpg?fit=640%2C480&amp;ssl=1\" class=\"alignnone size-full wp-image-17778\" src=\"https:\/\/i0.wp.com\/genevieveetbernardauxameriques.fr\/wp-content\/uploads\/2017\/04\/P1070758.jpg?resize=640%2C480&#038;ssl=1\" alt=\"\" width=\"640\" height=\"480\" srcset=\"https:\/\/i0.wp.com\/genevieveetbernardauxameriques.fr\/wp-content\/uploads\/2017\/04\/P1070758.jpg?w=720&amp;ssl=1 720w, https:\/\/i0.wp.com\/genevieveetbernardauxameriques.fr\/wp-content\/uploads\/2017\/04\/P1070758.jpg?resize=300%2C225&amp;ssl=1 300w\" sizes=\"(max-width: 640px) 100vw, 640px\" data-recalc-dims=\"1\" \/><\/a> <a href=\"https:\/\/i0.wp.com\/genevieveetbernardauxameriques.fr\/wp-content\/uploads\/2017\/04\/P1070759.jpg?ssl=1\"><img loading=\"lazy\" decoding=\"async\" data-attachment-id=\"17779\" data-permalink=\"https:\/\/genevieveetbernardauxameriques.fr\/index.php\/2017\/04\/06\/colombie-2eme-article-la-route-du-cafe\/p1070759\/\" data-orig-file=\"https:\/\/i0.wp.com\/genevieveetbernardauxameriques.fr\/wp-content\/uploads\/2017\/04\/P1070759.jpg?fit=720%2C540&amp;ssl=1\" data-orig-size=\"720,540\" data-comments-opened=\"1\" data-image-meta=\"{&quot;aperture&quot;:&quot;4.6&quot;,&quot;credit&quot;:&quot;&quot;,&quot;camera&quot;:&quot;DMC-TZ55&quot;,&quot;caption&quot;:&quot;&quot;,&quot;created_timestamp&quot;:&quot;1491008144&quot;,&quot;copyright&quot;:&quot;&quot;,&quot;focal_length&quot;:&quot;9.7&quot;,&quot;iso&quot;:&quot;400&quot;,&quot;shutter_speed&quot;:&quot;0.016666666666667&quot;,&quot;title&quot;:&quot;&quot;,&quot;orientation&quot;:&quot;1&quot;}\" data-image-title=\"P1070759\" data-image-description=\"\" data-image-caption=\"\" data-medium-file=\"https:\/\/i0.wp.com\/genevieveetbernardauxameriques.fr\/wp-content\/uploads\/2017\/04\/P1070759.jpg?fit=300%2C225&amp;ssl=1\" data-large-file=\"https:\/\/i0.wp.com\/genevieveetbernardauxameriques.fr\/wp-content\/uploads\/2017\/04\/P1070759.jpg?fit=640%2C480&amp;ssl=1\" class=\"alignnone size-full wp-image-17779\" src=\"https:\/\/i0.wp.com\/genevieveetbernardauxameriques.fr\/wp-content\/uploads\/2017\/04\/P1070759.jpg?resize=640%2C480&#038;ssl=1\" alt=\"\" width=\"640\" height=\"480\" srcset=\"https:\/\/i0.wp.com\/genevieveetbernardauxameriques.fr\/wp-content\/uploads\/2017\/04\/P1070759.jpg?w=720&amp;ssl=1 720w, https:\/\/i0.wp.com\/genevieveetbernardauxameriques.fr\/wp-content\/uploads\/2017\/04\/P1070759.jpg?resize=300%2C225&amp;ssl=1 300w\" sizes=\"(max-width: 640px) 100vw, 640px\" data-recalc-dims=\"1\" \/><\/a> <a href=\"https:\/\/i0.wp.com\/genevieveetbernardauxameriques.fr\/wp-content\/uploads\/2017\/04\/P1070760.jpg?ssl=1\"><img loading=\"lazy\" decoding=\"async\" data-attachment-id=\"17780\" data-permalink=\"https:\/\/genevieveetbernardauxameriques.fr\/index.php\/2017\/04\/06\/colombie-2eme-article-la-route-du-cafe\/p1070760\/\" data-orig-file=\"https:\/\/i0.wp.com\/genevieveetbernardauxameriques.fr\/wp-content\/uploads\/2017\/04\/P1070760.jpg?fit=720%2C540&amp;ssl=1\" data-orig-size=\"720,540\" data-comments-opened=\"1\" data-image-meta=\"{&quot;aperture&quot;:&quot;3.3&quot;,&quot;credit&quot;:&quot;&quot;,&quot;camera&quot;:&quot;DMC-TZ55&quot;,&quot;caption&quot;:&quot;&quot;,&quot;created_timestamp&quot;:&quot;1491009002&quot;,&quot;copyright&quot;:&quot;&quot;,&quot;focal_length&quot;:&quot;4.3&quot;,&quot;iso&quot;:&quot;640&quot;,&quot;shutter_speed&quot;:&quot;0.005&quot;,&quot;title&quot;:&quot;&quot;,&quot;orientation&quot;:&quot;1&quot;}\" data-image-title=\"P1070760\" data-image-description=\"\" data-image-caption=\"\" data-medium-file=\"https:\/\/i0.wp.com\/genevieveetbernardauxameriques.fr\/wp-content\/uploads\/2017\/04\/P1070760.jpg?fit=300%2C225&amp;ssl=1\" data-large-file=\"https:\/\/i0.wp.com\/genevieveetbernardauxameriques.fr\/wp-content\/uploads\/2017\/04\/P1070760.jpg?fit=640%2C480&amp;ssl=1\" class=\"alignnone size-full wp-image-17780\" src=\"https:\/\/i0.wp.com\/genevieveetbernardauxameriques.fr\/wp-content\/uploads\/2017\/04\/P1070760.jpg?resize=640%2C480&#038;ssl=1\" alt=\"\" width=\"640\" height=\"480\" srcset=\"https:\/\/i0.wp.com\/genevieveetbernardauxameriques.fr\/wp-content\/uploads\/2017\/04\/P1070760.jpg?w=720&amp;ssl=1 720w, https:\/\/i0.wp.com\/genevieveetbernardauxameriques.fr\/wp-content\/uploads\/2017\/04\/P1070760.jpg?resize=300%2C225&amp;ssl=1 300w\" sizes=\"(max-width: 640px) 100vw, 640px\" data-recalc-dims=\"1\" \/><\/a> <a href=\"https:\/\/i0.wp.com\/genevieveetbernardauxameriques.fr\/wp-content\/uploads\/2017\/04\/P1070761.jpg?ssl=1\"><img loading=\"lazy\" decoding=\"async\" data-attachment-id=\"17781\" data-permalink=\"https:\/\/genevieveetbernardauxameriques.fr\/index.php\/2017\/04\/06\/colombie-2eme-article-la-route-du-cafe\/p1070761\/\" data-orig-file=\"https:\/\/i0.wp.com\/genevieveetbernardauxameriques.fr\/wp-content\/uploads\/2017\/04\/P1070761.jpg?fit=720%2C540&amp;ssl=1\" data-orig-size=\"720,540\" data-comments-opened=\"1\" data-image-meta=\"{&quot;aperture&quot;:&quot;3.3&quot;,&quot;credit&quot;:&quot;&quot;,&quot;camera&quot;:&quot;DMC-TZ55&quot;,&quot;caption&quot;:&quot;&quot;,&quot;created_timestamp&quot;:&quot;1491009072&quot;,&quot;copyright&quot;:&quot;&quot;,&quot;focal_length&quot;:&quot;4.3&quot;,&quot;iso&quot;:&quot;125&quot;,&quot;shutter_speed&quot;:&quot;0.016666666666667&quot;,&quot;title&quot;:&quot;&quot;,&quot;orientation&quot;:&quot;1&quot;}\" data-image-title=\"P1070761\" data-image-description=\"\" data-image-caption=\"\" data-medium-file=\"https:\/\/i0.wp.com\/genevieveetbernardauxameriques.fr\/wp-content\/uploads\/2017\/04\/P1070761.jpg?fit=300%2C225&amp;ssl=1\" data-large-file=\"https:\/\/i0.wp.com\/genevieveetbernardauxameriques.fr\/wp-content\/uploads\/2017\/04\/P1070761.jpg?fit=640%2C480&amp;ssl=1\" class=\"alignnone size-full wp-image-17781\" src=\"https:\/\/i0.wp.com\/genevieveetbernardauxameriques.fr\/wp-content\/uploads\/2017\/04\/P1070761.jpg?resize=640%2C480&#038;ssl=1\" alt=\"\" width=\"640\" height=\"480\" srcset=\"https:\/\/i0.wp.com\/genevieveetbernardauxameriques.fr\/wp-content\/uploads\/2017\/04\/P1070761.jpg?w=720&amp;ssl=1 720w, https:\/\/i0.wp.com\/genevieveetbernardauxameriques.fr\/wp-content\/uploads\/2017\/04\/P1070761.jpg?resize=300%2C225&amp;ssl=1 300w\" sizes=\"(max-width: 640px) 100vw, 640px\" data-recalc-dims=\"1\" \/><\/a> <a href=\"https:\/\/i0.wp.com\/genevieveetbernardauxameriques.fr\/wp-content\/uploads\/2017\/04\/P1070762.jpg?ssl=1\"><img loading=\"lazy\" decoding=\"async\" data-attachment-id=\"17782\" data-permalink=\"https:\/\/genevieveetbernardauxameriques.fr\/index.php\/2017\/04\/06\/colombie-2eme-article-la-route-du-cafe\/p1070762\/\" data-orig-file=\"https:\/\/i0.wp.com\/genevieveetbernardauxameriques.fr\/wp-content\/uploads\/2017\/04\/P1070762.jpg?fit=720%2C540&amp;ssl=1\" data-orig-size=\"720,540\" data-comments-opened=\"1\" data-image-meta=\"{&quot;aperture&quot;:&quot;5.3&quot;,&quot;credit&quot;:&quot;&quot;,&quot;camera&quot;:&quot;DMC-TZ55&quot;,&quot;caption&quot;:&quot;&quot;,&quot;created_timestamp&quot;:&quot;1491009310&quot;,&quot;copyright&quot;:&quot;&quot;,&quot;focal_length&quot;:&quot;17.1&quot;,&quot;iso&quot;:&quot;400&quot;,&quot;shutter_speed&quot;:&quot;0.033333333333333&quot;,&quot;title&quot;:&quot;&quot;,&quot;orientation&quot;:&quot;1&quot;}\" data-image-title=\"P1070762\" data-image-description=\"\" data-image-caption=\"\" data-medium-file=\"https:\/\/i0.wp.com\/genevieveetbernardauxameriques.fr\/wp-content\/uploads\/2017\/04\/P1070762.jpg?fit=300%2C225&amp;ssl=1\" data-large-file=\"https:\/\/i0.wp.com\/genevieveetbernardauxameriques.fr\/wp-content\/uploads\/2017\/04\/P1070762.jpg?fit=640%2C480&amp;ssl=1\" class=\"alignnone size-full wp-image-17782\" src=\"https:\/\/i0.wp.com\/genevieveetbernardauxameriques.fr\/wp-content\/uploads\/2017\/04\/P1070762.jpg?resize=640%2C480&#038;ssl=1\" alt=\"\" width=\"640\" height=\"480\" srcset=\"https:\/\/i0.wp.com\/genevieveetbernardauxameriques.fr\/wp-content\/uploads\/2017\/04\/P1070762.jpg?w=720&amp;ssl=1 720w, https:\/\/i0.wp.com\/genevieveetbernardauxameriques.fr\/wp-content\/uploads\/2017\/04\/P1070762.jpg?resize=300%2C225&amp;ssl=1 300w\" sizes=\"(max-width: 640px) 100vw, 640px\" data-recalc-dims=\"1\" \/><\/a><\/p>\n<p>Les motos-taxis<a href=\"https:\/\/i0.wp.com\/genevieveetbernardauxameriques.fr\/wp-content\/uploads\/2017\/04\/P1070763.jpg?ssl=1\"><img loading=\"lazy\" decoding=\"async\" data-attachment-id=\"17783\" data-permalink=\"https:\/\/genevieveetbernardauxameriques.fr\/index.php\/2017\/04\/06\/colombie-2eme-article-la-route-du-cafe\/p1070763-2\/\" data-orig-file=\"https:\/\/i0.wp.com\/genevieveetbernardauxameriques.fr\/wp-content\/uploads\/2017\/04\/P1070763.jpg?fit=720%2C540&amp;ssl=1\" data-orig-size=\"720,540\" data-comments-opened=\"1\" data-image-meta=\"{&quot;aperture&quot;:&quot;3.3&quot;,&quot;credit&quot;:&quot;&quot;,&quot;camera&quot;:&quot;DMC-TZ55&quot;,&quot;caption&quot;:&quot;&quot;,&quot;created_timestamp&quot;:&quot;1491009340&quot;,&quot;copyright&quot;:&quot;&quot;,&quot;focal_length&quot;:&quot;4.3&quot;,&quot;iso&quot;:&quot;200&quot;,&quot;shutter_speed&quot;:&quot;0.016666666666667&quot;,&quot;title&quot;:&quot;&quot;,&quot;orientation&quot;:&quot;1&quot;}\" data-image-title=\"P1070763\" data-image-description=\"\" data-image-caption=\"\" data-medium-file=\"https:\/\/i0.wp.com\/genevieveetbernardauxameriques.fr\/wp-content\/uploads\/2017\/04\/P1070763.jpg?fit=300%2C225&amp;ssl=1\" data-large-file=\"https:\/\/i0.wp.com\/genevieveetbernardauxameriques.fr\/wp-content\/uploads\/2017\/04\/P1070763.jpg?fit=640%2C480&amp;ssl=1\" class=\"alignnone size-full wp-image-17783\" src=\"https:\/\/i0.wp.com\/genevieveetbernardauxameriques.fr\/wp-content\/uploads\/2017\/04\/P1070763.jpg?resize=640%2C480&#038;ssl=1\" alt=\"\" width=\"640\" height=\"480\" srcset=\"https:\/\/i0.wp.com\/genevieveetbernardauxameriques.fr\/wp-content\/uploads\/2017\/04\/P1070763.jpg?w=720&amp;ssl=1 720w, https:\/\/i0.wp.com\/genevieveetbernardauxameriques.fr\/wp-content\/uploads\/2017\/04\/P1070763.jpg?resize=300%2C225&amp;ssl=1 300w\" sizes=\"(max-width: 640px) 100vw, 640px\" data-recalc-dims=\"1\" \/><\/a><\/p>\n<p>Nous sommes stationn\u00e9s sur une petite place en plein c\u0153ur du centre historique. Le gardien lorsque nous partirons le lendemain matin nous a demand\u00e9 20.000 P, nous n&rsquo;avons pas voulu discuter.<\/p>\n<p><img loading=\"lazy\" decoding=\"async\" data-attachment-id=\"17774\" data-permalink=\"https:\/\/genevieveetbernardauxameriques.fr\/index.php\/2017\/04\/06\/colombie-2eme-article-la-route-du-cafe\/p1070752\/\" data-orig-file=\"https:\/\/i0.wp.com\/genevieveetbernardauxameriques.fr\/wp-content\/uploads\/2017\/04\/P1070752.jpg?fit=720%2C540&amp;ssl=1\" data-orig-size=\"720,540\" data-comments-opened=\"1\" data-image-meta=\"{&quot;aperture&quot;:&quot;3.3&quot;,&quot;credit&quot;:&quot;&quot;,&quot;camera&quot;:&quot;DMC-TZ55&quot;,&quot;caption&quot;:&quot;&quot;,&quot;created_timestamp&quot;:&quot;1491006504&quot;,&quot;copyright&quot;:&quot;&quot;,&quot;focal_length&quot;:&quot;4.3&quot;,&quot;iso&quot;:&quot;100&quot;,&quot;shutter_speed&quot;:&quot;0.008&quot;,&quot;title&quot;:&quot;&quot;,&quot;orientation&quot;:&quot;1&quot;}\" data-image-title=\"P1070752\" data-image-description=\"\" data-image-caption=\"\" data-medium-file=\"https:\/\/i0.wp.com\/genevieveetbernardauxameriques.fr\/wp-content\/uploads\/2017\/04\/P1070752.jpg?fit=300%2C225&amp;ssl=1\" data-large-file=\"https:\/\/i0.wp.com\/genevieveetbernardauxameriques.fr\/wp-content\/uploads\/2017\/04\/P1070752.jpg?fit=640%2C480&amp;ssl=1\" class=\"alignnone size-full wp-image-17774\" src=\"https:\/\/i0.wp.com\/genevieveetbernardauxameriques.fr\/wp-content\/uploads\/2017\/04\/P1070752.jpg?resize=640%2C480&#038;ssl=1\" alt=\"\" width=\"640\" height=\"480\" srcset=\"https:\/\/i0.wp.com\/genevieveetbernardauxameriques.fr\/wp-content\/uploads\/2017\/04\/P1070752.jpg?w=720&amp;ssl=1 720w, https:\/\/i0.wp.com\/genevieveetbernardauxameriques.fr\/wp-content\/uploads\/2017\/04\/P1070752.jpg?resize=300%2C225&amp;ssl=1 300w\" sizes=\"(max-width: 640px) 100vw, 640px\" data-recalc-dims=\"1\" \/><\/p>\n<p><strong>SAMEDI 1er AVRIL<\/strong><\/p>\n<p>Nous apprenons par ARIANE, le site du Gouvernement Fran\u00e7ais o\u00f9 nous sommes inscrits qu&rsquo;il y a eu 250 morts dans le sud de la Colombie \u00e0 MOCOA, d\u00fb \u00e0 une coul\u00e9e de boue suite aux pluies qui sont tomb\u00e9es. Nous savions d\u00e9j\u00e0 que le nord du P\u00e9rou \u00e9tait bien touch\u00e9 par les inondations car plusieurs camping-caristes sont immobilis\u00e9s dans des endroits o\u00f9 nous sommes pass\u00e9s.<\/p>\n<p>Nous partons \u00e0 5 km pour aller au <strong>PUENTE DEL OCCIDENTE<\/strong>, il s&rsquo;agit de l&rsquo;un des premiers ponts suspendus du continent, fait en 1895, 291 m enjambant le Rio Cauca. Son architecte a ensuite particip\u00e9 \u00e0 la cr\u00e9ation du pont de Brooklyn \u00e0 New York.<\/p>\n<p>Mais avant quelques photos le long de la route :<\/p>\n<p><a href=\"https:\/\/i0.wp.com\/genevieveetbernardauxameriques.fr\/wp-content\/uploads\/2017\/04\/DSCN9945.jpg?ssl=1\"><img loading=\"lazy\" decoding=\"async\" data-attachment-id=\"17742\" data-permalink=\"https:\/\/genevieveetbernardauxameriques.fr\/index.php\/2017\/04\/06\/colombie-2eme-article-la-route-du-cafe\/dscn9945\/\" data-orig-file=\"https:\/\/i0.wp.com\/genevieveetbernardauxameriques.fr\/wp-content\/uploads\/2017\/04\/DSCN9945.jpg?fit=720%2C540&amp;ssl=1\" data-orig-size=\"720,540\" data-comments-opened=\"1\" data-image-meta=\"{&quot;aperture&quot;:&quot;5&quot;,&quot;credit&quot;:&quot;&quot;,&quot;camera&quot;:&quot;COOLPIX P900&quot;,&quot;caption&quot;:&quot;&quot;,&quot;created_timestamp&quot;:&quot;1491069189&quot;,&quot;copyright&quot;:&quot;&quot;,&quot;focal_length&quot;:&quot;71.4&quot;,&quot;iso&quot;:&quot;100&quot;,&quot;shutter_speed&quot;:&quot;0.008&quot;,&quot;title&quot;:&quot;&quot;,&quot;orientation&quot;:&quot;1&quot;}\" data-image-title=\"DSCN9945\" data-image-description=\"\" data-image-caption=\"\" data-medium-file=\"https:\/\/i0.wp.com\/genevieveetbernardauxameriques.fr\/wp-content\/uploads\/2017\/04\/DSCN9945.jpg?fit=300%2C225&amp;ssl=1\" data-large-file=\"https:\/\/i0.wp.com\/genevieveetbernardauxameriques.fr\/wp-content\/uploads\/2017\/04\/DSCN9945.jpg?fit=640%2C480&amp;ssl=1\" class=\"alignnone size-full wp-image-17742\" src=\"https:\/\/i0.wp.com\/genevieveetbernardauxameriques.fr\/wp-content\/uploads\/2017\/04\/DSCN9945.jpg?resize=640%2C480&#038;ssl=1\" alt=\"\" width=\"640\" height=\"480\" srcset=\"https:\/\/i0.wp.com\/genevieveetbernardauxameriques.fr\/wp-content\/uploads\/2017\/04\/DSCN9945.jpg?w=720&amp;ssl=1 720w, https:\/\/i0.wp.com\/genevieveetbernardauxameriques.fr\/wp-content\/uploads\/2017\/04\/DSCN9945.jpg?resize=300%2C225&amp;ssl=1 300w\" sizes=\"(max-width: 640px) 100vw, 640px\" data-recalc-dims=\"1\" \/><\/a> <a href=\"https:\/\/i0.wp.com\/genevieveetbernardauxameriques.fr\/wp-content\/uploads\/2017\/04\/DSCN9946.jpg?ssl=1\"><img loading=\"lazy\" decoding=\"async\" data-attachment-id=\"17743\" data-permalink=\"https:\/\/genevieveetbernardauxameriques.fr\/index.php\/2017\/04\/06\/colombie-2eme-article-la-route-du-cafe\/dscn9946\/\" data-orig-file=\"https:\/\/i0.wp.com\/genevieveetbernardauxameriques.fr\/wp-content\/uploads\/2017\/04\/DSCN9946.jpg?fit=720%2C540&amp;ssl=1\" data-orig-size=\"720,540\" data-comments-opened=\"1\" data-image-meta=\"{&quot;aperture&quot;:&quot;5&quot;,&quot;credit&quot;:&quot;&quot;,&quot;camera&quot;:&quot;COOLPIX P900&quot;,&quot;caption&quot;:&quot;&quot;,&quot;created_timestamp&quot;:&quot;1491069263&quot;,&quot;copyright&quot;:&quot;&quot;,&quot;focal_length&quot;:&quot;57.1&quot;,&quot;iso&quot;:&quot;320&quot;,&quot;shutter_speed&quot;:&quot;0.008&quot;,&quot;title&quot;:&quot;&quot;,&quot;orientation&quot;:&quot;1&quot;}\" data-image-title=\"DSCN9946\" data-image-description=\"\" data-image-caption=\"\" data-medium-file=\"https:\/\/i0.wp.com\/genevieveetbernardauxameriques.fr\/wp-content\/uploads\/2017\/04\/DSCN9946.jpg?fit=300%2C225&amp;ssl=1\" data-large-file=\"https:\/\/i0.wp.com\/genevieveetbernardauxameriques.fr\/wp-content\/uploads\/2017\/04\/DSCN9946.jpg?fit=640%2C480&amp;ssl=1\" class=\"alignnone size-full wp-image-17743\" src=\"https:\/\/i0.wp.com\/genevieveetbernardauxameriques.fr\/wp-content\/uploads\/2017\/04\/DSCN9946.jpg?resize=640%2C480&#038;ssl=1\" alt=\"\" width=\"640\" height=\"480\" srcset=\"https:\/\/i0.wp.com\/genevieveetbernardauxameriques.fr\/wp-content\/uploads\/2017\/04\/DSCN9946.jpg?w=720&amp;ssl=1 720w, https:\/\/i0.wp.com\/genevieveetbernardauxameriques.fr\/wp-content\/uploads\/2017\/04\/DSCN9946.jpg?resize=300%2C225&amp;ssl=1 300w\" sizes=\"(max-width: 640px) 100vw, 640px\" data-recalc-dims=\"1\" \/><\/a> <a href=\"https:\/\/i0.wp.com\/genevieveetbernardauxameriques.fr\/wp-content\/uploads\/2017\/04\/DSCN9948.jpg?ssl=1\"><img loading=\"lazy\" decoding=\"async\" data-attachment-id=\"17744\" data-permalink=\"https:\/\/genevieveetbernardauxameriques.fr\/index.php\/2017\/04\/06\/colombie-2eme-article-la-route-du-cafe\/dscn9948\/\" data-orig-file=\"https:\/\/i0.wp.com\/genevieveetbernardauxameriques.fr\/wp-content\/uploads\/2017\/04\/DSCN9948.jpg?fit=720%2C540&amp;ssl=1\" data-orig-size=\"720,540\" data-comments-opened=\"1\" data-image-meta=\"{&quot;aperture&quot;:&quot;3.5&quot;,&quot;credit&quot;:&quot;&quot;,&quot;camera&quot;:&quot;COOLPIX P900&quot;,&quot;caption&quot;:&quot;&quot;,&quot;created_timestamp&quot;:&quot;1491069553&quot;,&quot;copyright&quot;:&quot;&quot;,&quot;focal_length&quot;:&quot;10.7&quot;,&quot;iso&quot;:&quot;100&quot;,&quot;shutter_speed&quot;:&quot;0.0008&quot;,&quot;title&quot;:&quot;&quot;,&quot;orientation&quot;:&quot;1&quot;}\" data-image-title=\"DSCN9948\" data-image-description=\"\" data-image-caption=\"\" data-medium-file=\"https:\/\/i0.wp.com\/genevieveetbernardauxameriques.fr\/wp-content\/uploads\/2017\/04\/DSCN9948.jpg?fit=300%2C225&amp;ssl=1\" data-large-file=\"https:\/\/i0.wp.com\/genevieveetbernardauxameriques.fr\/wp-content\/uploads\/2017\/04\/DSCN9948.jpg?fit=640%2C480&amp;ssl=1\" class=\"alignnone size-full wp-image-17744\" src=\"https:\/\/i0.wp.com\/genevieveetbernardauxameriques.fr\/wp-content\/uploads\/2017\/04\/DSCN9948.jpg?resize=640%2C480&#038;ssl=1\" alt=\"\" width=\"640\" height=\"480\" srcset=\"https:\/\/i0.wp.com\/genevieveetbernardauxameriques.fr\/wp-content\/uploads\/2017\/04\/DSCN9948.jpg?w=720&amp;ssl=1 720w, https:\/\/i0.wp.com\/genevieveetbernardauxameriques.fr\/wp-content\/uploads\/2017\/04\/DSCN9948.jpg?resize=300%2C225&amp;ssl=1 300w\" sizes=\"(max-width: 640px) 100vw, 640px\" data-recalc-dims=\"1\" \/><\/a> <a href=\"https:\/\/i0.wp.com\/genevieveetbernardauxameriques.fr\/wp-content\/uploads\/2017\/04\/DSCN9950.jpg?ssl=1\"><img loading=\"lazy\" decoding=\"async\" data-attachment-id=\"17745\" data-permalink=\"https:\/\/genevieveetbernardauxameriques.fr\/index.php\/2017\/04\/06\/colombie-2eme-article-la-route-du-cafe\/dscn9950\/\" data-orig-file=\"https:\/\/i0.wp.com\/genevieveetbernardauxameriques.fr\/wp-content\/uploads\/2017\/04\/DSCN9950.jpg?fit=720%2C540&amp;ssl=1\" data-orig-size=\"720,540\" data-comments-opened=\"1\" data-image-meta=\"{&quot;aperture&quot;:&quot;3.5&quot;,&quot;credit&quot;:&quot;&quot;,&quot;camera&quot;:&quot;COOLPIX P900&quot;,&quot;caption&quot;:&quot;&quot;,&quot;created_timestamp&quot;:&quot;1491069705&quot;,&quot;copyright&quot;:&quot;&quot;,&quot;focal_length&quot;:&quot;8.4&quot;,&quot;iso&quot;:&quot;100&quot;,&quot;shutter_speed&quot;:&quot;0.000625&quot;,&quot;title&quot;:&quot;&quot;,&quot;orientation&quot;:&quot;1&quot;}\" data-image-title=\"DSCN9950\" data-image-description=\"\" data-image-caption=\"\" data-medium-file=\"https:\/\/i0.wp.com\/genevieveetbernardauxameriques.fr\/wp-content\/uploads\/2017\/04\/DSCN9950.jpg?fit=300%2C225&amp;ssl=1\" data-large-file=\"https:\/\/i0.wp.com\/genevieveetbernardauxameriques.fr\/wp-content\/uploads\/2017\/04\/DSCN9950.jpg?fit=640%2C480&amp;ssl=1\" class=\"alignnone size-full wp-image-17745\" src=\"https:\/\/i0.wp.com\/genevieveetbernardauxameriques.fr\/wp-content\/uploads\/2017\/04\/DSCN9950.jpg?resize=640%2C480&#038;ssl=1\" alt=\"\" width=\"640\" height=\"480\" srcset=\"https:\/\/i0.wp.com\/genevieveetbernardauxameriques.fr\/wp-content\/uploads\/2017\/04\/DSCN9950.jpg?w=720&amp;ssl=1 720w, https:\/\/i0.wp.com\/genevieveetbernardauxameriques.fr\/wp-content\/uploads\/2017\/04\/DSCN9950.jpg?resize=300%2C225&amp;ssl=1 300w\" sizes=\"(max-width: 640px) 100vw, 640px\" data-recalc-dims=\"1\" \/><\/a><\/p>\n<p>Nous voulions rejoindre Medellin en traversant ce pont et en prenant des routes secondaires, malheureusement arriv\u00e9s en bas, juste \u00e0 l&rsquo;entr\u00e9e du pont, il y a une barre qui nous emp\u00eache de passer et un panneau indiquant 1 tonne. Ils auraient pu l&rsquo;indiquer en haut de la c\u00f4te o\u00f9 on s&rsquo;arr\u00eate pour prendre des photos, mais non. Il va falloir remonter toute la c\u00f4te en marche arri\u00e8re, impossible de faire demi-tour.<\/p>\n<p><img loading=\"lazy\" decoding=\"async\" data-attachment-id=\"17747\" data-permalink=\"https:\/\/genevieveetbernardauxameriques.fr\/index.php\/2017\/04\/06\/colombie-2eme-article-la-route-du-cafe\/dscn9952\/\" data-orig-file=\"https:\/\/i0.wp.com\/genevieveetbernardauxameriques.fr\/wp-content\/uploads\/2017\/04\/DSCN9952.jpg?fit=720%2C540&amp;ssl=1\" data-orig-size=\"720,540\" data-comments-opened=\"1\" data-image-meta=\"{&quot;aperture&quot;:&quot;2.8&quot;,&quot;credit&quot;:&quot;&quot;,&quot;camera&quot;:&quot;COOLPIX P900&quot;,&quot;caption&quot;:&quot;&quot;,&quot;created_timestamp&quot;:&quot;1491069749&quot;,&quot;copyright&quot;:&quot;&quot;,&quot;focal_length&quot;:&quot;4.3&quot;,&quot;iso&quot;:&quot;100&quot;,&quot;shutter_speed&quot;:&quot;0.0005&quot;,&quot;title&quot;:&quot;&quot;,&quot;orientation&quot;:&quot;1&quot;}\" data-image-title=\"DSCN9952\" data-image-description=\"\" data-image-caption=\"\" data-medium-file=\"https:\/\/i0.wp.com\/genevieveetbernardauxameriques.fr\/wp-content\/uploads\/2017\/04\/DSCN9952.jpg?fit=300%2C225&amp;ssl=1\" data-large-file=\"https:\/\/i0.wp.com\/genevieveetbernardauxameriques.fr\/wp-content\/uploads\/2017\/04\/DSCN9952.jpg?fit=640%2C480&amp;ssl=1\" class=\"alignnone size-full wp-image-17747\" src=\"https:\/\/i0.wp.com\/genevieveetbernardauxameriques.fr\/wp-content\/uploads\/2017\/04\/DSCN9952.jpg?resize=640%2C480&#038;ssl=1\" alt=\"\" width=\"640\" height=\"480\" srcset=\"https:\/\/i0.wp.com\/genevieveetbernardauxameriques.fr\/wp-content\/uploads\/2017\/04\/DSCN9952.jpg?w=720&amp;ssl=1 720w, https:\/\/i0.wp.com\/genevieveetbernardauxameriques.fr\/wp-content\/uploads\/2017\/04\/DSCN9952.jpg?resize=300%2C225&amp;ssl=1 300w\" sizes=\"(max-width: 640px) 100vw, 640px\" data-recalc-dims=\"1\" \/><\/p>\n<p><a href=\"https:\/\/i0.wp.com\/genevieveetbernardauxameriques.fr\/wp-content\/uploads\/2017\/04\/DSCN9954.jpg?ssl=1\"><img loading=\"lazy\" decoding=\"async\" data-attachment-id=\"17749\" data-permalink=\"https:\/\/genevieveetbernardauxameriques.fr\/index.php\/2017\/04\/06\/colombie-2eme-article-la-route-du-cafe\/dscn9954\/\" data-orig-file=\"https:\/\/i0.wp.com\/genevieveetbernardauxameriques.fr\/wp-content\/uploads\/2017\/04\/DSCN9954.jpg?fit=720%2C540&amp;ssl=1\" data-orig-size=\"720,540\" data-comments-opened=\"1\" data-image-meta=\"{&quot;aperture&quot;:&quot;4&quot;,&quot;credit&quot;:&quot;&quot;,&quot;camera&quot;:&quot;COOLPIX P900&quot;,&quot;caption&quot;:&quot;&quot;,&quot;created_timestamp&quot;:&quot;1491069823&quot;,&quot;copyright&quot;:&quot;&quot;,&quot;focal_length&quot;:&quot;22.3&quot;,&quot;iso&quot;:&quot;100&quot;,&quot;shutter_speed&quot;:&quot;0.002&quot;,&quot;title&quot;:&quot;&quot;,&quot;orientation&quot;:&quot;1&quot;}\" data-image-title=\"DSCN9954\" data-image-description=\"\" data-image-caption=\"\" data-medium-file=\"https:\/\/i0.wp.com\/genevieveetbernardauxameriques.fr\/wp-content\/uploads\/2017\/04\/DSCN9954.jpg?fit=300%2C225&amp;ssl=1\" data-large-file=\"https:\/\/i0.wp.com\/genevieveetbernardauxameriques.fr\/wp-content\/uploads\/2017\/04\/DSCN9954.jpg?fit=640%2C480&amp;ssl=1\" class=\"alignnone size-full wp-image-17749\" src=\"https:\/\/i0.wp.com\/genevieveetbernardauxameriques.fr\/wp-content\/uploads\/2017\/04\/DSCN9954.jpg?resize=640%2C480&#038;ssl=1\" alt=\"\" width=\"640\" height=\"480\" srcset=\"https:\/\/i0.wp.com\/genevieveetbernardauxameriques.fr\/wp-content\/uploads\/2017\/04\/DSCN9954.jpg?w=720&amp;ssl=1 720w, https:\/\/i0.wp.com\/genevieveetbernardauxameriques.fr\/wp-content\/uploads\/2017\/04\/DSCN9954.jpg?resize=300%2C225&amp;ssl=1 300w\" sizes=\"(max-width: 640px) 100vw, 640px\" data-recalc-dims=\"1\" \/><\/a><\/p>\n<p>Pas \u00e9vident du tout pour Bernard, mais on passe et on retourne \u00e0 SANTA FE pour prendre \u00ab\u00a0l&rsquo;autoroute\u00a0\u00bb qui nous emm\u00e8ne \u00e0 <strong>MEDELLIN.<\/strong><\/p>\n<p><img loading=\"lazy\" decoding=\"async\" data-attachment-id=\"17750\" data-permalink=\"https:\/\/genevieveetbernardauxameriques.fr\/index.php\/2017\/04\/06\/colombie-2eme-article-la-route-du-cafe\/dscn9955\/\" data-orig-file=\"https:\/\/i0.wp.com\/genevieveetbernardauxameriques.fr\/wp-content\/uploads\/2017\/04\/DSCN9955.jpg?fit=720%2C540&amp;ssl=1\" data-orig-size=\"720,540\" data-comments-opened=\"1\" data-image-meta=\"{&quot;aperture&quot;:&quot;3.5&quot;,&quot;credit&quot;:&quot;&quot;,&quot;camera&quot;:&quot;COOLPIX P900&quot;,&quot;caption&quot;:&quot;&quot;,&quot;created_timestamp&quot;:&quot;1491172998&quot;,&quot;copyright&quot;:&quot;&quot;,&quot;focal_length&quot;:&quot;14.3&quot;,&quot;iso&quot;:&quot;100&quot;,&quot;shutter_speed&quot;:&quot;0.002&quot;,&quot;title&quot;:&quot;&quot;,&quot;orientation&quot;:&quot;1&quot;}\" data-image-title=\"DSCN9955\" data-image-description=\"\" data-image-caption=\"\" data-medium-file=\"https:\/\/i0.wp.com\/genevieveetbernardauxameriques.fr\/wp-content\/uploads\/2017\/04\/DSCN9955.jpg?fit=300%2C225&amp;ssl=1\" data-large-file=\"https:\/\/i0.wp.com\/genevieveetbernardauxameriques.fr\/wp-content\/uploads\/2017\/04\/DSCN9955.jpg?fit=640%2C480&amp;ssl=1\" class=\"alignnone size-full wp-image-17750\" src=\"https:\/\/i0.wp.com\/genevieveetbernardauxameriques.fr\/wp-content\/uploads\/2017\/04\/DSCN9955.jpg?resize=640%2C480&#038;ssl=1\" alt=\"\" width=\"640\" height=\"480\" srcset=\"https:\/\/i0.wp.com\/genevieveetbernardauxameriques.fr\/wp-content\/uploads\/2017\/04\/DSCN9955.jpg?w=720&amp;ssl=1 720w, https:\/\/i0.wp.com\/genevieveetbernardauxameriques.fr\/wp-content\/uploads\/2017\/04\/DSCN9955.jpg?resize=300%2C225&amp;ssl=1 300w\" sizes=\"(max-width: 640px) 100vw, 640px\" data-recalc-dims=\"1\" \/><img loading=\"lazy\" decoding=\"async\" data-attachment-id=\"17751\" data-permalink=\"https:\/\/genevieveetbernardauxameriques.fr\/index.php\/2017\/04\/06\/colombie-2eme-article-la-route-du-cafe\/dscn9957\/\" data-orig-file=\"https:\/\/i0.wp.com\/genevieveetbernardauxameriques.fr\/wp-content\/uploads\/2017\/04\/DSCN9957.jpg?fit=720%2C540&amp;ssl=1\" data-orig-size=\"720,540\" data-comments-opened=\"1\" data-image-meta=\"{&quot;aperture&quot;:&quot;3.5&quot;,&quot;credit&quot;:&quot;&quot;,&quot;camera&quot;:&quot;COOLPIX P900&quot;,&quot;caption&quot;:&quot;&quot;,&quot;created_timestamp&quot;:&quot;1491173673&quot;,&quot;copyright&quot;:&quot;&quot;,&quot;focal_length&quot;:&quot;9.8&quot;,&quot;iso&quot;:&quot;100&quot;,&quot;shutter_speed&quot;:&quot;0.000625&quot;,&quot;title&quot;:&quot;&quot;,&quot;orientation&quot;:&quot;1&quot;}\" data-image-title=\"DSCN9957\" data-image-description=\"\" data-image-caption=\"\" data-medium-file=\"https:\/\/i0.wp.com\/genevieveetbernardauxameriques.fr\/wp-content\/uploads\/2017\/04\/DSCN9957.jpg?fit=300%2C225&amp;ssl=1\" data-large-file=\"https:\/\/i0.wp.com\/genevieveetbernardauxameriques.fr\/wp-content\/uploads\/2017\/04\/DSCN9957.jpg?fit=640%2C480&amp;ssl=1\" class=\"alignnone size-full wp-image-17751\" src=\"https:\/\/i0.wp.com\/genevieveetbernardauxameriques.fr\/wp-content\/uploads\/2017\/04\/DSCN9957.jpg?resize=640%2C480&#038;ssl=1\" alt=\"\" width=\"640\" height=\"480\" srcset=\"https:\/\/i0.wp.com\/genevieveetbernardauxameriques.fr\/wp-content\/uploads\/2017\/04\/DSCN9957.jpg?w=720&amp;ssl=1 720w, https:\/\/i0.wp.com\/genevieveetbernardauxameriques.fr\/wp-content\/uploads\/2017\/04\/DSCN9957.jpg?resize=300%2C225&amp;ssl=1 300w\" sizes=\"(max-width: 640px) 100vw, 640px\" data-recalc-dims=\"1\" \/><\/p>\n<p>Nous bivouaquons dans la rue juste en face du Mus\u00e9e d&rsquo;Art Moderne, nous avons la Wifi excellente. Il y a juste une place dans la rue et un gardien dans la journ\u00e9e. Le soir nous aurons un peu de bruit car au bout de l&rsquo;impasse le samedi il y a un march\u00e9 artisanal (sans int\u00e9r\u00eat pour nous, sauf \u00a0l&rsquo;ambiance).<\/p>\n<p>Il fait tr\u00e8s chaud, nous partirons \u00e0 la d\u00e9couverte de la ville vers 15 h. 2\u00e8me m\u00e9tropole du pays par la taille, 3.3 millions d&rsquo;habitants. Il y fait beau toute l&rsquo;ann\u00e9e, pour nous un peu trop chaud m\u00eame.<\/p>\n<p>Dans les ann\u00e9es 1980, c&rsquo;\u00e9tait la capitale mondiale du commerce de la coca\u00efne, le taux d&rsquo;homicides \u00e9tait parmi les plus \u00e9lev\u00e9s du monde. La mort d&rsquo;Escobar en 1993 a fait chut\u00e9 la violence de 95 % et\u00a0aujourd&rsquo;hui c&rsquo;est une destination des plus accessibles du pays. C&rsquo;est une des villes les plus innovantes du pays. La pauvret\u00e9 extr\u00eame a recul\u00e9 de 8 \u00a0\u00e0 3 % en une dizaine d&rsquo;ann\u00e9es et le taux de scolarit\u00e9 est pass\u00e9 de 25 % \u00e0 87 %. La population y est accueillante, gaie et entreprenante.<\/p>\n<p>Nous prenons un taxi (il y a un m\u00e9tro mais on va se faciliter la vie) : pour 2 E il nous emm\u00e8ne au centre : La place de Las Esculturas qui doit sont nom aux 23 grandes sculptures en bronze de BOTERO, c\u00e9l\u00e8bre artiste colombien.<\/p>\n<p><a href=\"https:\/\/i0.wp.com\/genevieveetbernardauxameriques.fr\/wp-content\/uploads\/2017\/04\/P1070766.jpg?ssl=1\"><img loading=\"lazy\" decoding=\"async\" data-attachment-id=\"17785\" data-permalink=\"https:\/\/genevieveetbernardauxameriques.fr\/index.php\/2017\/04\/06\/colombie-2eme-article-la-route-du-cafe\/p1070766-2\/\" data-orig-file=\"https:\/\/i0.wp.com\/genevieveetbernardauxameriques.fr\/wp-content\/uploads\/2017\/04\/P1070766.jpg?fit=540%2C720&amp;ssl=1\" data-orig-size=\"540,720\" data-comments-opened=\"1\" data-image-meta=\"{&quot;aperture&quot;:&quot;5.6&quot;,&quot;credit&quot;:&quot;&quot;,&quot;camera&quot;:&quot;DMC-TZ55&quot;,&quot;caption&quot;:&quot;&quot;,&quot;created_timestamp&quot;:&quot;1491088411&quot;,&quot;copyright&quot;:&quot;&quot;,&quot;focal_length&quot;:&quot;12.5&quot;,&quot;iso&quot;:&quot;100&quot;,&quot;shutter_speed&quot;:&quot;0.00625&quot;,&quot;title&quot;:&quot;&quot;,&quot;orientation&quot;:&quot;1&quot;}\" data-image-title=\"P1070766\" data-image-description=\"\" data-image-caption=\"\" data-medium-file=\"https:\/\/i0.wp.com\/genevieveetbernardauxameriques.fr\/wp-content\/uploads\/2017\/04\/P1070766.jpg?fit=225%2C300&amp;ssl=1\" data-large-file=\"https:\/\/i0.wp.com\/genevieveetbernardauxameriques.fr\/wp-content\/uploads\/2017\/04\/P1070766.jpg?fit=540%2C720&amp;ssl=1\" class=\"wp-image-17785 aligncenter\" src=\"https:\/\/i0.wp.com\/genevieveetbernardauxameriques.fr\/wp-content\/uploads\/2017\/04\/P1070766.jpg?resize=449%2C599&#038;ssl=1\" alt=\"\" width=\"449\" height=\"599\" srcset=\"https:\/\/i0.wp.com\/genevieveetbernardauxameriques.fr\/wp-content\/uploads\/2017\/04\/P1070766.jpg?w=540&amp;ssl=1 540w, https:\/\/i0.wp.com\/genevieveetbernardauxameriques.fr\/wp-content\/uploads\/2017\/04\/P1070766.jpg?resize=225%2C300&amp;ssl=1 225w\" sizes=\"(max-width: 449px) 100vw, 449px\" data-recalc-dims=\"1\" \/><\/a> <a href=\"https:\/\/i0.wp.com\/genevieveetbernardauxameriques.fr\/wp-content\/uploads\/2017\/04\/P1070767.jpg?ssl=1\"><img loading=\"lazy\" decoding=\"async\" data-attachment-id=\"17786\" data-permalink=\"https:\/\/genevieveetbernardauxameriques.fr\/index.php\/2017\/04\/06\/colombie-2eme-article-la-route-du-cafe\/p1070767\/\" data-orig-file=\"https:\/\/i0.wp.com\/genevieveetbernardauxameriques.fr\/wp-content\/uploads\/2017\/04\/P1070767.jpg?fit=540%2C720&amp;ssl=1\" data-orig-size=\"540,720\" data-comments-opened=\"1\" data-image-meta=\"{&quot;aperture&quot;:&quot;6.3&quot;,&quot;credit&quot;:&quot;&quot;,&quot;camera&quot;:&quot;DMC-TZ55&quot;,&quot;caption&quot;:&quot;&quot;,&quot;created_timestamp&quot;:&quot;1491088457&quot;,&quot;copyright&quot;:&quot;&quot;,&quot;focal_length&quot;:&quot;15.1&quot;,&quot;iso&quot;:&quot;100&quot;,&quot;shutter_speed&quot;:&quot;0.008&quot;,&quot;title&quot;:&quot;&quot;,&quot;orientation&quot;:&quot;1&quot;}\" data-image-title=\"P1070767\" data-image-description=\"\" data-image-caption=\"\" data-medium-file=\"https:\/\/i0.wp.com\/genevieveetbernardauxameriques.fr\/wp-content\/uploads\/2017\/04\/P1070767.jpg?fit=225%2C300&amp;ssl=1\" data-large-file=\"https:\/\/i0.wp.com\/genevieveetbernardauxameriques.fr\/wp-content\/uploads\/2017\/04\/P1070767.jpg?fit=540%2C720&amp;ssl=1\" class=\" wp-image-17786 aligncenter\" src=\"https:\/\/i0.wp.com\/genevieveetbernardauxameriques.fr\/wp-content\/uploads\/2017\/04\/P1070767.jpg?resize=455%2C606&#038;ssl=1\" alt=\"\" width=\"455\" height=\"606\" srcset=\"https:\/\/i0.wp.com\/genevieveetbernardauxameriques.fr\/wp-content\/uploads\/2017\/04\/P1070767.jpg?w=540&amp;ssl=1 540w, https:\/\/i0.wp.com\/genevieveetbernardauxameriques.fr\/wp-content\/uploads\/2017\/04\/P1070767.jpg?resize=225%2C300&amp;ssl=1 225w\" sizes=\"(max-width: 455px) 100vw, 455px\" data-recalc-dims=\"1\" \/><\/a> <a href=\"https:\/\/i0.wp.com\/genevieveetbernardauxameriques.fr\/wp-content\/uploads\/2017\/04\/P1070768.jpg?ssl=1\"><img loading=\"lazy\" decoding=\"async\" data-attachment-id=\"17787\" data-permalink=\"https:\/\/genevieveetbernardauxameriques.fr\/index.php\/2017\/04\/06\/colombie-2eme-article-la-route-du-cafe\/p1070768\/\" data-orig-file=\"https:\/\/i0.wp.com\/genevieveetbernardauxameriques.fr\/wp-content\/uploads\/2017\/04\/P1070768.jpg?fit=540%2C720&amp;ssl=1\" data-orig-size=\"540,720\" data-comments-opened=\"1\" data-image-meta=\"{&quot;aperture&quot;:&quot;4.8&quot;,&quot;credit&quot;:&quot;&quot;,&quot;camera&quot;:&quot;DMC-TZ55&quot;,&quot;caption&quot;:&quot;&quot;,&quot;created_timestamp&quot;:&quot;1491088483&quot;,&quot;copyright&quot;:&quot;&quot;,&quot;focal_length&quot;:&quot;11&quot;,&quot;iso&quot;:&quot;125&quot;,&quot;shutter_speed&quot;:&quot;0.01&quot;,&quot;title&quot;:&quot;&quot;,&quot;orientation&quot;:&quot;1&quot;}\" data-image-title=\"P1070768\" data-image-description=\"\" data-image-caption=\"\" data-medium-file=\"https:\/\/i0.wp.com\/genevieveetbernardauxameriques.fr\/wp-content\/uploads\/2017\/04\/P1070768.jpg?fit=225%2C300&amp;ssl=1\" data-large-file=\"https:\/\/i0.wp.com\/genevieveetbernardauxameriques.fr\/wp-content\/uploads\/2017\/04\/P1070768.jpg?fit=540%2C720&amp;ssl=1\" class=\" wp-image-17787 aligncenter\" src=\"https:\/\/i0.wp.com\/genevieveetbernardauxameriques.fr\/wp-content\/uploads\/2017\/04\/P1070768.jpg?resize=459%2C612&#038;ssl=1\" alt=\"\" width=\"459\" height=\"612\" srcset=\"https:\/\/i0.wp.com\/genevieveetbernardauxameriques.fr\/wp-content\/uploads\/2017\/04\/P1070768.jpg?w=540&amp;ssl=1 540w, https:\/\/i0.wp.com\/genevieveetbernardauxameriques.fr\/wp-content\/uploads\/2017\/04\/P1070768.jpg?resize=225%2C300&amp;ssl=1 225w\" sizes=\"(max-width: 459px) 100vw, 459px\" data-recalc-dims=\"1\" \/><\/a> <a href=\"https:\/\/i0.wp.com\/genevieveetbernardauxameriques.fr\/wp-content\/uploads\/2017\/04\/P1070769.jpg?ssl=1\"><img loading=\"lazy\" decoding=\"async\" data-attachment-id=\"17788\" data-permalink=\"https:\/\/genevieveetbernardauxameriques.fr\/index.php\/2017\/04\/06\/colombie-2eme-article-la-route-du-cafe\/p1070769\/\" data-orig-file=\"https:\/\/i0.wp.com\/genevieveetbernardauxameriques.fr\/wp-content\/uploads\/2017\/04\/P1070769.jpg?fit=540%2C720&amp;ssl=1\" data-orig-size=\"540,720\" data-comments-opened=\"1\" data-image-meta=\"{&quot;aperture&quot;:&quot;4.8&quot;,&quot;credit&quot;:&quot;&quot;,&quot;camera&quot;:&quot;DMC-TZ55&quot;,&quot;caption&quot;:&quot;&quot;,&quot;created_timestamp&quot;:&quot;1491088530&quot;,&quot;copyright&quot;:&quot;&quot;,&quot;focal_length&quot;:&quot;11&quot;,&quot;iso&quot;:&quot;100&quot;,&quot;shutter_speed&quot;:&quot;0.0125&quot;,&quot;title&quot;:&quot;&quot;,&quot;orientation&quot;:&quot;1&quot;}\" data-image-title=\"P1070769\" data-image-description=\"\" data-image-caption=\"\" data-medium-file=\"https:\/\/i0.wp.com\/genevieveetbernardauxameriques.fr\/wp-content\/uploads\/2017\/04\/P1070769.jpg?fit=225%2C300&amp;ssl=1\" data-large-file=\"https:\/\/i0.wp.com\/genevieveetbernardauxameriques.fr\/wp-content\/uploads\/2017\/04\/P1070769.jpg?fit=540%2C720&amp;ssl=1\" class=\" wp-image-17788 aligncenter\" src=\"https:\/\/i0.wp.com\/genevieveetbernardauxameriques.fr\/wp-content\/uploads\/2017\/04\/P1070769.jpg?resize=464%2C619&#038;ssl=1\" alt=\"\" width=\"464\" height=\"619\" srcset=\"https:\/\/i0.wp.com\/genevieveetbernardauxameriques.fr\/wp-content\/uploads\/2017\/04\/P1070769.jpg?w=540&amp;ssl=1 540w, https:\/\/i0.wp.com\/genevieveetbernardauxameriques.fr\/wp-content\/uploads\/2017\/04\/P1070769.jpg?resize=225%2C300&amp;ssl=1 225w\" sizes=\"(max-width: 464px) 100vw, 464px\" data-recalc-dims=\"1\" \/><\/a> <a href=\"https:\/\/i0.wp.com\/genevieveetbernardauxameriques.fr\/wp-content\/uploads\/2017\/04\/P1070770.jpg?ssl=1\"><img loading=\"lazy\" decoding=\"async\" data-attachment-id=\"17789\" data-permalink=\"https:\/\/genevieveetbernardauxameriques.fr\/index.php\/2017\/04\/06\/colombie-2eme-article-la-route-du-cafe\/p1070770\/\" data-orig-file=\"https:\/\/i0.wp.com\/genevieveetbernardauxameriques.fr\/wp-content\/uploads\/2017\/04\/P1070770.jpg?fit=540%2C720&amp;ssl=1\" data-orig-size=\"540,720\" data-comments-opened=\"1\" data-image-meta=\"{&quot;aperture&quot;:&quot;5.6&quot;,&quot;credit&quot;:&quot;&quot;,&quot;camera&quot;:&quot;DMC-TZ55&quot;,&quot;caption&quot;:&quot;&quot;,&quot;created_timestamp&quot;:&quot;1491088584&quot;,&quot;copyright&quot;:&quot;&quot;,&quot;focal_length&quot;:&quot;11.7&quot;,&quot;iso&quot;:&quot;100&quot;,&quot;shutter_speed&quot;:&quot;0.00625&quot;,&quot;title&quot;:&quot;&quot;,&quot;orientation&quot;:&quot;1&quot;}\" data-image-title=\"P1070770\" data-image-description=\"\" data-image-caption=\"\" data-medium-file=\"https:\/\/i0.wp.com\/genevieveetbernardauxameriques.fr\/wp-content\/uploads\/2017\/04\/P1070770.jpg?fit=225%2C300&amp;ssl=1\" data-large-file=\"https:\/\/i0.wp.com\/genevieveetbernardauxameriques.fr\/wp-content\/uploads\/2017\/04\/P1070770.jpg?fit=540%2C720&amp;ssl=1\" class=\" wp-image-17789 aligncenter\" src=\"https:\/\/i0.wp.com\/genevieveetbernardauxameriques.fr\/wp-content\/uploads\/2017\/04\/P1070770.jpg?resize=479%2C638&#038;ssl=1\" alt=\"\" width=\"479\" height=\"638\" srcset=\"https:\/\/i0.wp.com\/genevieveetbernardauxameriques.fr\/wp-content\/uploads\/2017\/04\/P1070770.jpg?w=540&amp;ssl=1 540w, https:\/\/i0.wp.com\/genevieveetbernardauxameriques.fr\/wp-content\/uploads\/2017\/04\/P1070770.jpg?resize=225%2C300&amp;ssl=1 225w\" sizes=\"(max-width: 479px) 100vw, 479px\" data-recalc-dims=\"1\" \/><\/a> <a href=\"https:\/\/i0.wp.com\/genevieveetbernardauxameriques.fr\/wp-content\/uploads\/2017\/04\/P1070771.jpg?ssl=1\"><img loading=\"lazy\" decoding=\"async\" data-attachment-id=\"17790\" data-permalink=\"https:\/\/genevieveetbernardauxameriques.fr\/index.php\/2017\/04\/06\/colombie-2eme-article-la-route-du-cafe\/p1070771\/\" data-orig-file=\"https:\/\/i0.wp.com\/genevieveetbernardauxameriques.fr\/wp-content\/uploads\/2017\/04\/P1070771.jpg?fit=720%2C540&amp;ssl=1\" data-orig-size=\"720,540\" data-comments-opened=\"1\" data-image-meta=\"{&quot;aperture&quot;:&quot;5&quot;,&quot;credit&quot;:&quot;&quot;,&quot;camera&quot;:&quot;DMC-TZ55&quot;,&quot;caption&quot;:&quot;&quot;,&quot;created_timestamp&quot;:&quot;1491088636&quot;,&quot;copyright&quot;:&quot;&quot;,&quot;focal_length&quot;:&quot;8.5&quot;,&quot;iso&quot;:&quot;100&quot;,&quot;shutter_speed&quot;:&quot;0.0015625&quot;,&quot;title&quot;:&quot;&quot;,&quot;orientation&quot;:&quot;1&quot;}\" data-image-title=\"P1070771\" data-image-description=\"\" data-image-caption=\"\" data-medium-file=\"https:\/\/i0.wp.com\/genevieveetbernardauxameriques.fr\/wp-content\/uploads\/2017\/04\/P1070771.jpg?fit=300%2C225&amp;ssl=1\" data-large-file=\"https:\/\/i0.wp.com\/genevieveetbernardauxameriques.fr\/wp-content\/uploads\/2017\/04\/P1070771.jpg?fit=640%2C480&amp;ssl=1\" class=\"size-full wp-image-17790 aligncenter\" src=\"https:\/\/i0.wp.com\/genevieveetbernardauxameriques.fr\/wp-content\/uploads\/2017\/04\/P1070771.jpg?resize=640%2C480&#038;ssl=1\" alt=\"\" width=\"640\" height=\"480\" srcset=\"https:\/\/i0.wp.com\/genevieveetbernardauxameriques.fr\/wp-content\/uploads\/2017\/04\/P1070771.jpg?w=720&amp;ssl=1 720w, https:\/\/i0.wp.com\/genevieveetbernardauxameriques.fr\/wp-content\/uploads\/2017\/04\/P1070771.jpg?resize=300%2C225&amp;ssl=1 300w\" sizes=\"(max-width: 640px) 100vw, 640px\" data-recalc-dims=\"1\" \/><\/a><img loading=\"lazy\" decoding=\"async\" data-attachment-id=\"17792\" data-permalink=\"https:\/\/genevieveetbernardauxameriques.fr\/index.php\/2017\/04\/06\/colombie-2eme-article-la-route-du-cafe\/p1070773\/\" data-orig-file=\"https:\/\/i0.wp.com\/genevieveetbernardauxameriques.fr\/wp-content\/uploads\/2017\/04\/P1070773.jpg?fit=720%2C540&amp;ssl=1\" data-orig-size=\"720,540\" data-comments-opened=\"1\" data-image-meta=\"{&quot;aperture&quot;:&quot;5&quot;,&quot;credit&quot;:&quot;&quot;,&quot;camera&quot;:&quot;DMC-TZ55&quot;,&quot;caption&quot;:&quot;&quot;,&quot;created_timestamp&quot;:&quot;1491089053&quot;,&quot;copyright&quot;:&quot;&quot;,&quot;focal_length&quot;:&quot;6.9&quot;,&quot;iso&quot;:&quot;100&quot;,&quot;shutter_speed&quot;:&quot;0.002&quot;,&quot;title&quot;:&quot;&quot;,&quot;orientation&quot;:&quot;1&quot;}\" data-image-title=\"P1070773\" data-image-description=\"\" data-image-caption=\"\" data-medium-file=\"https:\/\/i0.wp.com\/genevieveetbernardauxameriques.fr\/wp-content\/uploads\/2017\/04\/P1070773.jpg?fit=300%2C225&amp;ssl=1\" data-large-file=\"https:\/\/i0.wp.com\/genevieveetbernardauxameriques.fr\/wp-content\/uploads\/2017\/04\/P1070773.jpg?fit=640%2C480&amp;ssl=1\" class=\"alignnone size-full wp-image-17792\" src=\"https:\/\/i0.wp.com\/genevieveetbernardauxameriques.fr\/wp-content\/uploads\/2017\/04\/P1070773.jpg?resize=640%2C480&#038;ssl=1\" alt=\"\" width=\"640\" height=\"480\" srcset=\"https:\/\/i0.wp.com\/genevieveetbernardauxameriques.fr\/wp-content\/uploads\/2017\/04\/P1070773.jpg?w=720&amp;ssl=1 720w, https:\/\/i0.wp.com\/genevieveetbernardauxameriques.fr\/wp-content\/uploads\/2017\/04\/P1070773.jpg?resize=300%2C225&amp;ssl=1 300w\" sizes=\"(max-width: 640px) 100vw, 640px\" data-recalc-dims=\"1\" \/><\/p>\n<p>Stop, je ne vais pas\u00a0 mettre les 23 statues<\/p>\n<p><a href=\"https:\/\/i0.wp.com\/genevieveetbernardauxameriques.fr\/wp-content\/uploads\/2017\/04\/P1070772.jpg?ssl=1\"><img loading=\"lazy\" decoding=\"async\" data-attachment-id=\"17791\" data-permalink=\"https:\/\/genevieveetbernardauxameriques.fr\/index.php\/2017\/04\/06\/colombie-2eme-article-la-route-du-cafe\/p1070772\/\" data-orig-file=\"https:\/\/i0.wp.com\/genevieveetbernardauxameriques.fr\/wp-content\/uploads\/2017\/04\/P1070772.jpg?fit=720%2C540&amp;ssl=1\" data-orig-size=\"720,540\" data-comments-opened=\"1\" data-image-meta=\"{&quot;aperture&quot;:&quot;4&quot;,&quot;credit&quot;:&quot;&quot;,&quot;camera&quot;:&quot;DMC-TZ55&quot;,&quot;caption&quot;:&quot;&quot;,&quot;created_timestamp&quot;:&quot;1491088716&quot;,&quot;copyright&quot;:&quot;&quot;,&quot;focal_length&quot;:&quot;4.3&quot;,&quot;iso&quot;:&quot;100&quot;,&quot;shutter_speed&quot;:&quot;0.0015625&quot;,&quot;title&quot;:&quot;&quot;,&quot;orientation&quot;:&quot;1&quot;}\" data-image-title=\"P1070772\" data-image-description=\"\" data-image-caption=\"\" data-medium-file=\"https:\/\/i0.wp.com\/genevieveetbernardauxameriques.fr\/wp-content\/uploads\/2017\/04\/P1070772.jpg?fit=300%2C225&amp;ssl=1\" data-large-file=\"https:\/\/i0.wp.com\/genevieveetbernardauxameriques.fr\/wp-content\/uploads\/2017\/04\/P1070772.jpg?fit=640%2C480&amp;ssl=1\" class=\"alignnone size-full wp-image-17791\" src=\"https:\/\/i0.wp.com\/genevieveetbernardauxameriques.fr\/wp-content\/uploads\/2017\/04\/P1070772.jpg?resize=640%2C480&#038;ssl=1\" alt=\"\" width=\"640\" height=\"480\" srcset=\"https:\/\/i0.wp.com\/genevieveetbernardauxameriques.fr\/wp-content\/uploads\/2017\/04\/P1070772.jpg?w=720&amp;ssl=1 720w, https:\/\/i0.wp.com\/genevieveetbernardauxameriques.fr\/wp-content\/uploads\/2017\/04\/P1070772.jpg?resize=300%2C225&amp;ssl=1 300w\" sizes=\"(max-width: 640px) 100vw, 640px\" data-recalc-dims=\"1\" \/><\/a> <img loading=\"lazy\" decoding=\"async\" data-attachment-id=\"17795\" data-permalink=\"https:\/\/genevieveetbernardauxameriques.fr\/index.php\/2017\/04\/06\/colombie-2eme-article-la-route-du-cafe\/p1070776\/\" data-orig-file=\"https:\/\/i0.wp.com\/genevieveetbernardauxameriques.fr\/wp-content\/uploads\/2017\/04\/P1070776.jpg?fit=720%2C540&amp;ssl=1\" data-orig-size=\"720,540\" data-comments-opened=\"1\" data-image-meta=\"{&quot;aperture&quot;:&quot;5&quot;,&quot;credit&quot;:&quot;&quot;,&quot;camera&quot;:&quot;DMC-TZ55&quot;,&quot;caption&quot;:&quot;&quot;,&quot;created_timestamp&quot;:&quot;1491093571&quot;,&quot;copyright&quot;:&quot;&quot;,&quot;focal_length&quot;:&quot;7.4&quot;,&quot;iso&quot;:&quot;100&quot;,&quot;shutter_speed&quot;:&quot;0.00625&quot;,&quot;title&quot;:&quot;&quot;,&quot;orientation&quot;:&quot;1&quot;}\" data-image-title=\"P1070776\" data-image-description=\"\" data-image-caption=\"\" data-medium-file=\"https:\/\/i0.wp.com\/genevieveetbernardauxameriques.fr\/wp-content\/uploads\/2017\/04\/P1070776.jpg?fit=300%2C225&amp;ssl=1\" data-large-file=\"https:\/\/i0.wp.com\/genevieveetbernardauxameriques.fr\/wp-content\/uploads\/2017\/04\/P1070776.jpg?fit=640%2C480&amp;ssl=1\" class=\"alignnone size-full wp-image-17795\" src=\"https:\/\/i0.wp.com\/genevieveetbernardauxameriques.fr\/wp-content\/uploads\/2017\/04\/P1070776.jpg?resize=640%2C480&#038;ssl=1\" alt=\"\" width=\"640\" height=\"480\" srcset=\"https:\/\/i0.wp.com\/genevieveetbernardauxameriques.fr\/wp-content\/uploads\/2017\/04\/P1070776.jpg?w=720&amp;ssl=1 720w, https:\/\/i0.wp.com\/genevieveetbernardauxameriques.fr\/wp-content\/uploads\/2017\/04\/P1070776.jpg?resize=300%2C225&amp;ssl=1 300w\" sizes=\"(max-width: 640px) 100vw, 640px\" data-recalc-dims=\"1\" \/><img loading=\"lazy\" decoding=\"async\" data-attachment-id=\"17784\" data-permalink=\"https:\/\/genevieveetbernardauxameriques.fr\/index.php\/2017\/04\/06\/colombie-2eme-article-la-route-du-cafe\/p1070764\/\" data-orig-file=\"https:\/\/i0.wp.com\/genevieveetbernardauxameriques.fr\/wp-content\/uploads\/2017\/04\/P1070764.jpg?fit=720%2C540&amp;ssl=1\" data-orig-size=\"720,540\" data-comments-opened=\"1\" data-image-meta=\"{&quot;aperture&quot;:&quot;4&quot;,&quot;credit&quot;:&quot;&quot;,&quot;camera&quot;:&quot;DMC-TZ55&quot;,&quot;caption&quot;:&quot;&quot;,&quot;created_timestamp&quot;:&quot;1491088313&quot;,&quot;copyright&quot;:&quot;&quot;,&quot;focal_length&quot;:&quot;4.3&quot;,&quot;iso&quot;:&quot;100&quot;,&quot;shutter_speed&quot;:&quot;0.002&quot;,&quot;title&quot;:&quot;&quot;,&quot;orientation&quot;:&quot;1&quot;}\" data-image-title=\"P1070764\" data-image-description=\"\" data-image-caption=\"\" data-medium-file=\"https:\/\/i0.wp.com\/genevieveetbernardauxameriques.fr\/wp-content\/uploads\/2017\/04\/P1070764.jpg?fit=300%2C225&amp;ssl=1\" data-large-file=\"https:\/\/i0.wp.com\/genevieveetbernardauxameriques.fr\/wp-content\/uploads\/2017\/04\/P1070764.jpg?fit=640%2C480&amp;ssl=1\" class=\"alignnone size-full wp-image-17784\" src=\"https:\/\/i0.wp.com\/genevieveetbernardauxameriques.fr\/wp-content\/uploads\/2017\/04\/P1070764.jpg?resize=640%2C480&#038;ssl=1\" alt=\"\" width=\"640\" height=\"480\" srcset=\"https:\/\/i0.wp.com\/genevieveetbernardauxameriques.fr\/wp-content\/uploads\/2017\/04\/P1070764.jpg?w=720&amp;ssl=1 720w, https:\/\/i0.wp.com\/genevieveetbernardauxameriques.fr\/wp-content\/uploads\/2017\/04\/P1070764.jpg?resize=300%2C225&amp;ssl=1 300w\" sizes=\"(max-width: 640px) 100vw, 640px\" data-recalc-dims=\"1\" \/><a href=\"https:\/\/i0.wp.com\/genevieveetbernardauxameriques.fr\/wp-content\/uploads\/2017\/04\/P1070774.jpg?ssl=1\"><img loading=\"lazy\" decoding=\"async\" data-attachment-id=\"17793\" data-permalink=\"https:\/\/genevieveetbernardauxameriques.fr\/index.php\/2017\/04\/06\/colombie-2eme-article-la-route-du-cafe\/p1070774\/\" data-orig-file=\"https:\/\/i0.wp.com\/genevieveetbernardauxameriques.fr\/wp-content\/uploads\/2017\/04\/P1070774.jpg?fit=720%2C540&amp;ssl=1\" data-orig-size=\"720,540\" data-comments-opened=\"1\" data-image-meta=\"{&quot;aperture&quot;:&quot;3.3&quot;,&quot;credit&quot;:&quot;&quot;,&quot;camera&quot;:&quot;DMC-TZ55&quot;,&quot;caption&quot;:&quot;&quot;,&quot;created_timestamp&quot;:&quot;1491089312&quot;,&quot;copyright&quot;:&quot;&quot;,&quot;focal_length&quot;:&quot;4.3&quot;,&quot;iso&quot;:&quot;100&quot;,&quot;shutter_speed&quot;:&quot;0.005&quot;,&quot;title&quot;:&quot;&quot;,&quot;orientation&quot;:&quot;1&quot;}\" data-image-title=\"P1070774\" data-image-description=\"\" data-image-caption=\"\" data-medium-file=\"https:\/\/i0.wp.com\/genevieveetbernardauxameriques.fr\/wp-content\/uploads\/2017\/04\/P1070774.jpg?fit=300%2C225&amp;ssl=1\" data-large-file=\"https:\/\/i0.wp.com\/genevieveetbernardauxameriques.fr\/wp-content\/uploads\/2017\/04\/P1070774.jpg?fit=640%2C480&amp;ssl=1\" class=\"alignnone size-full wp-image-17793\" src=\"https:\/\/i0.wp.com\/genevieveetbernardauxameriques.fr\/wp-content\/uploads\/2017\/04\/P1070774.jpg?resize=640%2C480&#038;ssl=1\" alt=\"\" width=\"640\" height=\"480\" srcset=\"https:\/\/i0.wp.com\/genevieveetbernardauxameriques.fr\/wp-content\/uploads\/2017\/04\/P1070774.jpg?w=720&amp;ssl=1 720w, https:\/\/i0.wp.com\/genevieveetbernardauxameriques.fr\/wp-content\/uploads\/2017\/04\/P1070774.jpg?resize=300%2C225&amp;ssl=1 300w\" sizes=\"(max-width: 640px) 100vw, 640px\" data-recalc-dims=\"1\" \/><\/a> <a href=\"https:\/\/i0.wp.com\/genevieveetbernardauxameriques.fr\/wp-content\/uploads\/2017\/04\/P1070775.jpg?ssl=1\"><img loading=\"lazy\" decoding=\"async\" data-attachment-id=\"17794\" data-permalink=\"https:\/\/genevieveetbernardauxameriques.fr\/index.php\/2017\/04\/06\/colombie-2eme-article-la-route-du-cafe\/p1070775\/\" data-orig-file=\"https:\/\/i0.wp.com\/genevieveetbernardauxameriques.fr\/wp-content\/uploads\/2017\/04\/P1070775.jpg?fit=720%2C540&amp;ssl=1\" data-orig-size=\"720,540\" data-comments-opened=\"1\" data-image-meta=\"{&quot;aperture&quot;:&quot;5.3&quot;,&quot;credit&quot;:&quot;&quot;,&quot;camera&quot;:&quot;DMC-TZ55&quot;,&quot;caption&quot;:&quot;&quot;,&quot;created_timestamp&quot;:&quot;1491092073&quot;,&quot;copyright&quot;:&quot;&quot;,&quot;focal_length&quot;:&quot;18.2&quot;,&quot;iso&quot;:&quot;125&quot;,&quot;shutter_speed&quot;:&quot;0.016666666666667&quot;,&quot;title&quot;:&quot;&quot;,&quot;orientation&quot;:&quot;1&quot;}\" data-image-title=\"P1070775\" data-image-description=\"\" data-image-caption=\"\" data-medium-file=\"https:\/\/i0.wp.com\/genevieveetbernardauxameriques.fr\/wp-content\/uploads\/2017\/04\/P1070775.jpg?fit=300%2C225&amp;ssl=1\" data-large-file=\"https:\/\/i0.wp.com\/genevieveetbernardauxameriques.fr\/wp-content\/uploads\/2017\/04\/P1070775.jpg?fit=640%2C480&amp;ssl=1\" class=\"alignnone size-full wp-image-17794\" src=\"https:\/\/i0.wp.com\/genevieveetbernardauxameriques.fr\/wp-content\/uploads\/2017\/04\/P1070775.jpg?resize=640%2C480&#038;ssl=1\" alt=\"\" width=\"640\" height=\"480\" srcset=\"https:\/\/i0.wp.com\/genevieveetbernardauxameriques.fr\/wp-content\/uploads\/2017\/04\/P1070775.jpg?w=720&amp;ssl=1 720w, https:\/\/i0.wp.com\/genevieveetbernardauxameriques.fr\/wp-content\/uploads\/2017\/04\/P1070775.jpg?resize=300%2C225&amp;ssl=1 300w\" sizes=\"(max-width: 640px) 100vw, 640px\" data-recalc-dims=\"1\" \/><\/a><\/p>\n<p>Ensuite nous nous promenons, jusqu&rsquo;\u00e0 la nuit, dans les rues adjacentes, El Hueco (le trou) pas pour ses boutiques mais pour la vie tr\u00e9pidante<\/p>\n<p><img loading=\"lazy\" decoding=\"async\" data-attachment-id=\"17800\" data-permalink=\"https:\/\/genevieveetbernardauxameriques.fr\/index.php\/2017\/04\/06\/colombie-2eme-article-la-route-du-cafe\/p1070785-2\/\" data-orig-file=\"https:\/\/i0.wp.com\/genevieveetbernardauxameriques.fr\/wp-content\/uploads\/2017\/04\/P1070785.jpg?fit=720%2C540&amp;ssl=1\" data-orig-size=\"720,540\" data-comments-opened=\"1\" data-image-meta=\"{&quot;aperture&quot;:&quot;4.7&quot;,&quot;credit&quot;:&quot;&quot;,&quot;camera&quot;:&quot;DMC-TZ55&quot;,&quot;caption&quot;:&quot;&quot;,&quot;created_timestamp&quot;:&quot;1491094904&quot;,&quot;copyright&quot;:&quot;&quot;,&quot;focal_length&quot;:&quot;10.3&quot;,&quot;iso&quot;:&quot;400&quot;,&quot;shutter_speed&quot;:&quot;0.05&quot;,&quot;title&quot;:&quot;&quot;,&quot;orientation&quot;:&quot;1&quot;}\" data-image-title=\"P1070785\" data-image-description=\"\" data-image-caption=\"\" data-medium-file=\"https:\/\/i0.wp.com\/genevieveetbernardauxameriques.fr\/wp-content\/uploads\/2017\/04\/P1070785.jpg?fit=300%2C225&amp;ssl=1\" data-large-file=\"https:\/\/i0.wp.com\/genevieveetbernardauxameriques.fr\/wp-content\/uploads\/2017\/04\/P1070785.jpg?fit=640%2C480&amp;ssl=1\" class=\"alignnone size-full wp-image-17800\" src=\"https:\/\/i0.wp.com\/genevieveetbernardauxameriques.fr\/wp-content\/uploads\/2017\/04\/P1070785.jpg?resize=640%2C480&#038;ssl=1\" alt=\"\" width=\"640\" height=\"480\" srcset=\"https:\/\/i0.wp.com\/genevieveetbernardauxameriques.fr\/wp-content\/uploads\/2017\/04\/P1070785.jpg?w=720&amp;ssl=1 720w, https:\/\/i0.wp.com\/genevieveetbernardauxameriques.fr\/wp-content\/uploads\/2017\/04\/P1070785.jpg?resize=300%2C225&amp;ssl=1 300w\" sizes=\"(max-width: 640px) 100vw, 640px\" data-recalc-dims=\"1\" \/><img loading=\"lazy\" decoding=\"async\" data-attachment-id=\"17801\" data-permalink=\"https:\/\/genevieveetbernardauxameriques.fr\/index.php\/2017\/04\/06\/colombie-2eme-article-la-route-du-cafe\/p1070786\/\" data-orig-file=\"https:\/\/i0.wp.com\/genevieveetbernardauxameriques.fr\/wp-content\/uploads\/2017\/04\/P1070786.jpg?fit=720%2C540&amp;ssl=1\" data-orig-size=\"720,540\" data-comments-opened=\"1\" data-image-meta=\"{&quot;aperture&quot;:&quot;4.7&quot;,&quot;credit&quot;:&quot;&quot;,&quot;camera&quot;:&quot;DMC-TZ55&quot;,&quot;caption&quot;:&quot;&quot;,&quot;created_timestamp&quot;:&quot;1491094914&quot;,&quot;copyright&quot;:&quot;&quot;,&quot;focal_length&quot;:&quot;10.3&quot;,&quot;iso&quot;:&quot;400&quot;,&quot;shutter_speed&quot;:&quot;0.04&quot;,&quot;title&quot;:&quot;&quot;,&quot;orientation&quot;:&quot;1&quot;}\" data-image-title=\"P1070786\" data-image-description=\"\" data-image-caption=\"\" data-medium-file=\"https:\/\/i0.wp.com\/genevieveetbernardauxameriques.fr\/wp-content\/uploads\/2017\/04\/P1070786.jpg?fit=300%2C225&amp;ssl=1\" data-large-file=\"https:\/\/i0.wp.com\/genevieveetbernardauxameriques.fr\/wp-content\/uploads\/2017\/04\/P1070786.jpg?fit=640%2C480&amp;ssl=1\" class=\"alignnone size-full wp-image-17801\" src=\"https:\/\/i0.wp.com\/genevieveetbernardauxameriques.fr\/wp-content\/uploads\/2017\/04\/P1070786.jpg?resize=640%2C480&#038;ssl=1\" alt=\"\" width=\"640\" height=\"480\" srcset=\"https:\/\/i0.wp.com\/genevieveetbernardauxameriques.fr\/wp-content\/uploads\/2017\/04\/P1070786.jpg?w=720&amp;ssl=1 720w, https:\/\/i0.wp.com\/genevieveetbernardauxameriques.fr\/wp-content\/uploads\/2017\/04\/P1070786.jpg?resize=300%2C225&amp;ssl=1 300w\" sizes=\"(max-width: 640px) 100vw, 640px\" data-recalc-dims=\"1\" \/><a href=\"https:\/\/i0.wp.com\/genevieveetbernardauxameriques.fr\/wp-content\/uploads\/2017\/04\/P1070792.jpg?ssl=1\"><img loading=\"lazy\" decoding=\"async\" data-attachment-id=\"17805\" data-permalink=\"https:\/\/genevieveetbernardauxameriques.fr\/index.php\/2017\/04\/06\/colombie-2eme-article-la-route-du-cafe\/p1070792\/\" data-orig-file=\"https:\/\/i0.wp.com\/genevieveetbernardauxameriques.fr\/wp-content\/uploads\/2017\/04\/P1070792.jpg?fit=720%2C540&amp;ssl=1\" data-orig-size=\"720,540\" data-comments-opened=\"1\" data-image-meta=\"{&quot;aperture&quot;:&quot;4.4&quot;,&quot;credit&quot;:&quot;&quot;,&quot;camera&quot;:&quot;DMC-TZ55&quot;,&quot;caption&quot;:&quot;&quot;,&quot;created_timestamp&quot;:&quot;1491096850&quot;,&quot;copyright&quot;:&quot;&quot;,&quot;focal_length&quot;:&quot;9&quot;,&quot;iso&quot;:&quot;400&quot;,&quot;shutter_speed&quot;:&quot;0.1&quot;,&quot;title&quot;:&quot;&quot;,&quot;orientation&quot;:&quot;1&quot;}\" data-image-title=\"P1070792\" data-image-description=\"\" data-image-caption=\"\" data-medium-file=\"https:\/\/i0.wp.com\/genevieveetbernardauxameriques.fr\/wp-content\/uploads\/2017\/04\/P1070792.jpg?fit=300%2C225&amp;ssl=1\" data-large-file=\"https:\/\/i0.wp.com\/genevieveetbernardauxameriques.fr\/wp-content\/uploads\/2017\/04\/P1070792.jpg?fit=640%2C480&amp;ssl=1\" class=\"alignnone size-full wp-image-17805\" src=\"https:\/\/i0.wp.com\/genevieveetbernardauxameriques.fr\/wp-content\/uploads\/2017\/04\/P1070792.jpg?resize=640%2C480&#038;ssl=1\" alt=\"\" width=\"640\" height=\"480\" srcset=\"https:\/\/i0.wp.com\/genevieveetbernardauxameriques.fr\/wp-content\/uploads\/2017\/04\/P1070792.jpg?w=720&amp;ssl=1 720w, https:\/\/i0.wp.com\/genevieveetbernardauxameriques.fr\/wp-content\/uploads\/2017\/04\/P1070792.jpg?resize=300%2C225&amp;ssl=1 300w\" sizes=\"(max-width: 640px) 100vw, 640px\" data-recalc-dims=\"1\" \/><\/a> <a href=\"https:\/\/i0.wp.com\/genevieveetbernardauxameriques.fr\/wp-content\/uploads\/2017\/04\/P1070793.jpg?ssl=1\"><img loading=\"lazy\" decoding=\"async\" data-attachment-id=\"17806\" data-permalink=\"https:\/\/genevieveetbernardauxameriques.fr\/index.php\/2017\/04\/06\/colombie-2eme-article-la-route-du-cafe\/p1070793\/\" data-orig-file=\"https:\/\/i0.wp.com\/genevieveetbernardauxameriques.fr\/wp-content\/uploads\/2017\/04\/P1070793.jpg?fit=720%2C540&amp;ssl=1\" data-orig-size=\"720,540\" data-comments-opened=\"1\" data-image-meta=\"{&quot;aperture&quot;:&quot;4.4&quot;,&quot;credit&quot;:&quot;&quot;,&quot;camera&quot;:&quot;DMC-TZ55&quot;,&quot;caption&quot;:&quot;&quot;,&quot;created_timestamp&quot;:&quot;1491096867&quot;,&quot;copyright&quot;:&quot;&quot;,&quot;focal_length&quot;:&quot;9&quot;,&quot;iso&quot;:&quot;1600&quot;,&quot;shutter_speed&quot;:&quot;0.0025&quot;,&quot;title&quot;:&quot;&quot;,&quot;orientation&quot;:&quot;1&quot;}\" data-image-title=\"P1070793\" data-image-description=\"\" data-image-caption=\"\" data-medium-file=\"https:\/\/i0.wp.com\/genevieveetbernardauxameriques.fr\/wp-content\/uploads\/2017\/04\/P1070793.jpg?fit=300%2C225&amp;ssl=1\" data-large-file=\"https:\/\/i0.wp.com\/genevieveetbernardauxameriques.fr\/wp-content\/uploads\/2017\/04\/P1070793.jpg?fit=640%2C480&amp;ssl=1\" class=\"alignnone size-full wp-image-17806\" src=\"https:\/\/i0.wp.com\/genevieveetbernardauxameriques.fr\/wp-content\/uploads\/2017\/04\/P1070793.jpg?resize=640%2C480&#038;ssl=1\" alt=\"\" width=\"640\" height=\"480\" srcset=\"https:\/\/i0.wp.com\/genevieveetbernardauxameriques.fr\/wp-content\/uploads\/2017\/04\/P1070793.jpg?w=720&amp;ssl=1 720w, https:\/\/i0.wp.com\/genevieveetbernardauxameriques.fr\/wp-content\/uploads\/2017\/04\/P1070793.jpg?resize=300%2C225&amp;ssl=1 300w\" sizes=\"(max-width: 640px) 100vw, 640px\" data-recalc-dims=\"1\" \/><\/a> <a href=\"https:\/\/i0.wp.com\/genevieveetbernardauxameriques.fr\/wp-content\/uploads\/2017\/04\/P1070795.jpg?ssl=1\"><img loading=\"lazy\" decoding=\"async\" data-attachment-id=\"17807\" data-permalink=\"https:\/\/genevieveetbernardauxameriques.fr\/index.php\/2017\/04\/06\/colombie-2eme-article-la-route-du-cafe\/p1070795\/\" data-orig-file=\"https:\/\/i0.wp.com\/genevieveetbernardauxameriques.fr\/wp-content\/uploads\/2017\/04\/P1070795.jpg?fit=720%2C540&amp;ssl=1\" data-orig-size=\"720,540\" data-comments-opened=\"1\" data-image-meta=\"{&quot;aperture&quot;:&quot;3.3&quot;,&quot;credit&quot;:&quot;&quot;,&quot;camera&quot;:&quot;DMC-TZ55&quot;,&quot;caption&quot;:&quot;&quot;,&quot;created_timestamp&quot;:&quot;1491097098&quot;,&quot;copyright&quot;:&quot;&quot;,&quot;focal_length&quot;:&quot;4.3&quot;,&quot;iso&quot;:&quot;1600&quot;,&quot;shutter_speed&quot;:&quot;0.033333333333333&quot;,&quot;title&quot;:&quot;&quot;,&quot;orientation&quot;:&quot;1&quot;}\" data-image-title=\"P1070795\" data-image-description=\"\" data-image-caption=\"\" data-medium-file=\"https:\/\/i0.wp.com\/genevieveetbernardauxameriques.fr\/wp-content\/uploads\/2017\/04\/P1070795.jpg?fit=300%2C225&amp;ssl=1\" data-large-file=\"https:\/\/i0.wp.com\/genevieveetbernardauxameriques.fr\/wp-content\/uploads\/2017\/04\/P1070795.jpg?fit=640%2C480&amp;ssl=1\" class=\"alignnone size-full wp-image-17807\" src=\"https:\/\/i0.wp.com\/genevieveetbernardauxameriques.fr\/wp-content\/uploads\/2017\/04\/P1070795.jpg?resize=640%2C480&#038;ssl=1\" alt=\"\" width=\"640\" height=\"480\" srcset=\"https:\/\/i0.wp.com\/genevieveetbernardauxameriques.fr\/wp-content\/uploads\/2017\/04\/P1070795.jpg?w=720&amp;ssl=1 720w, https:\/\/i0.wp.com\/genevieveetbernardauxameriques.fr\/wp-content\/uploads\/2017\/04\/P1070795.jpg?resize=300%2C225&amp;ssl=1 300w\" sizes=\"(max-width: 640px) 100vw, 640px\" data-recalc-dims=\"1\" \/><\/a><img loading=\"lazy\" decoding=\"async\" data-attachment-id=\"17796\" data-permalink=\"https:\/\/genevieveetbernardauxameriques.fr\/index.php\/2017\/04\/06\/colombie-2eme-article-la-route-du-cafe\/p1070778\/\" data-orig-file=\"https:\/\/i0.wp.com\/genevieveetbernardauxameriques.fr\/wp-content\/uploads\/2017\/04\/P1070778.jpg?fit=720%2C540&amp;ssl=1\" data-orig-size=\"720,540\" data-comments-opened=\"1\" data-image-meta=\"{&quot;aperture&quot;:&quot;4.5&quot;,&quot;credit&quot;:&quot;&quot;,&quot;camera&quot;:&quot;DMC-TZ55&quot;,&quot;caption&quot;:&quot;&quot;,&quot;created_timestamp&quot;:&quot;1491094048&quot;,&quot;copyright&quot;:&quot;&quot;,&quot;focal_length&quot;:&quot;4.8&quot;,&quot;iso&quot;:&quot;100&quot;,&quot;shutter_speed&quot;:&quot;0.003125&quot;,&quot;title&quot;:&quot;&quot;,&quot;orientation&quot;:&quot;1&quot;}\" data-image-title=\"P1070778\" data-image-description=\"\" data-image-caption=\"\" data-medium-file=\"https:\/\/i0.wp.com\/genevieveetbernardauxameriques.fr\/wp-content\/uploads\/2017\/04\/P1070778.jpg?fit=300%2C225&amp;ssl=1\" data-large-file=\"https:\/\/i0.wp.com\/genevieveetbernardauxameriques.fr\/wp-content\/uploads\/2017\/04\/P1070778.jpg?fit=640%2C480&amp;ssl=1\" class=\"alignnone size-full wp-image-17796\" src=\"https:\/\/i0.wp.com\/genevieveetbernardauxameriques.fr\/wp-content\/uploads\/2017\/04\/P1070778.jpg?resize=640%2C480&#038;ssl=1\" alt=\"\" width=\"640\" height=\"480\" srcset=\"https:\/\/i0.wp.com\/genevieveetbernardauxameriques.fr\/wp-content\/uploads\/2017\/04\/P1070778.jpg?w=720&amp;ssl=1 720w, https:\/\/i0.wp.com\/genevieveetbernardauxameriques.fr\/wp-content\/uploads\/2017\/04\/P1070778.jpg?resize=300%2C225&amp;ssl=1 300w\" sizes=\"(max-width: 640px) 100vw, 640px\" data-recalc-dims=\"1\" \/><\/p>\n<p>Le centre commercial Palacio Nacional date de 1925 et a \u00e9t\u00e9 transform\u00e9 en centre commercial, 200 boutiques de v\u00eatements et chaussures principalement.<\/p>\n<p><a href=\"https:\/\/i0.wp.com\/genevieveetbernardauxameriques.fr\/wp-content\/uploads\/2017\/04\/P1070779.jpg?ssl=1\"><img loading=\"lazy\" decoding=\"async\" data-attachment-id=\"17797\" data-permalink=\"https:\/\/genevieveetbernardauxameriques.fr\/index.php\/2017\/04\/06\/colombie-2eme-article-la-route-du-cafe\/p1070779-2\/\" data-orig-file=\"https:\/\/i0.wp.com\/genevieveetbernardauxameriques.fr\/wp-content\/uploads\/2017\/04\/P1070779.jpg?fit=720%2C540&amp;ssl=1\" data-orig-size=\"720,540\" data-comments-opened=\"1\" data-image-meta=\"{&quot;aperture&quot;:&quot;3.3&quot;,&quot;credit&quot;:&quot;&quot;,&quot;camera&quot;:&quot;DMC-TZ55&quot;,&quot;caption&quot;:&quot;&quot;,&quot;created_timestamp&quot;:&quot;1491094404&quot;,&quot;copyright&quot;:&quot;&quot;,&quot;focal_length&quot;:&quot;4.3&quot;,&quot;iso&quot;:&quot;100&quot;,&quot;shutter_speed&quot;:&quot;0.01&quot;,&quot;title&quot;:&quot;&quot;,&quot;orientation&quot;:&quot;1&quot;}\" data-image-title=\"P1070779\" data-image-description=\"\" data-image-caption=\"\" data-medium-file=\"https:\/\/i0.wp.com\/genevieveetbernardauxameriques.fr\/wp-content\/uploads\/2017\/04\/P1070779.jpg?fit=300%2C225&amp;ssl=1\" data-large-file=\"https:\/\/i0.wp.com\/genevieveetbernardauxameriques.fr\/wp-content\/uploads\/2017\/04\/P1070779.jpg?fit=640%2C480&amp;ssl=1\" class=\"alignnone size-full wp-image-17797\" src=\"https:\/\/i0.wp.com\/genevieveetbernardauxameriques.fr\/wp-content\/uploads\/2017\/04\/P1070779.jpg?resize=640%2C480&#038;ssl=1\" alt=\"\" width=\"640\" height=\"480\" srcset=\"https:\/\/i0.wp.com\/genevieveetbernardauxameriques.fr\/wp-content\/uploads\/2017\/04\/P1070779.jpg?w=720&amp;ssl=1 720w, https:\/\/i0.wp.com\/genevieveetbernardauxameriques.fr\/wp-content\/uploads\/2017\/04\/P1070779.jpg?resize=300%2C225&amp;ssl=1 300w\" sizes=\"(max-width: 640px) 100vw, 640px\" data-recalc-dims=\"1\" \/><\/a> <a href=\"https:\/\/i0.wp.com\/genevieveetbernardauxameriques.fr\/wp-content\/uploads\/2017\/04\/P1070780.jpg?ssl=1\"><img loading=\"lazy\" decoding=\"async\" data-attachment-id=\"17798\" data-permalink=\"https:\/\/genevieveetbernardauxameriques.fr\/index.php\/2017\/04\/06\/colombie-2eme-article-la-route-du-cafe\/p1070780-2\/\" data-orig-file=\"https:\/\/i0.wp.com\/genevieveetbernardauxameriques.fr\/wp-content\/uploads\/2017\/04\/P1070780.jpg?fit=720%2C540&amp;ssl=1\" data-orig-size=\"720,540\" data-comments-opened=\"1\" data-image-meta=\"{&quot;aperture&quot;:&quot;3.3&quot;,&quot;credit&quot;:&quot;&quot;,&quot;camera&quot;:&quot;DMC-TZ55&quot;,&quot;caption&quot;:&quot;&quot;,&quot;created_timestamp&quot;:&quot;1491094487&quot;,&quot;copyright&quot;:&quot;&quot;,&quot;focal_length&quot;:&quot;4.3&quot;,&quot;iso&quot;:&quot;400&quot;,&quot;shutter_speed&quot;:&quot;0.04&quot;,&quot;title&quot;:&quot;&quot;,&quot;orientation&quot;:&quot;1&quot;}\" data-image-title=\"P1070780\" data-image-description=\"\" data-image-caption=\"\" data-medium-file=\"https:\/\/i0.wp.com\/genevieveetbernardauxameriques.fr\/wp-content\/uploads\/2017\/04\/P1070780.jpg?fit=300%2C225&amp;ssl=1\" data-large-file=\"https:\/\/i0.wp.com\/genevieveetbernardauxameriques.fr\/wp-content\/uploads\/2017\/04\/P1070780.jpg?fit=640%2C480&amp;ssl=1\" class=\"alignnone size-full wp-image-17798\" src=\"https:\/\/i0.wp.com\/genevieveetbernardauxameriques.fr\/wp-content\/uploads\/2017\/04\/P1070780.jpg?resize=640%2C480&#038;ssl=1\" alt=\"\" width=\"640\" height=\"480\" srcset=\"https:\/\/i0.wp.com\/genevieveetbernardauxameriques.fr\/wp-content\/uploads\/2017\/04\/P1070780.jpg?w=720&amp;ssl=1 720w, https:\/\/i0.wp.com\/genevieveetbernardauxameriques.fr\/wp-content\/uploads\/2017\/04\/P1070780.jpg?resize=300%2C225&amp;ssl=1 300w\" sizes=\"(max-width: 640px) 100vw, 640px\" data-recalc-dims=\"1\" \/><\/a><\/p>\n<p>On arrive sur la place devant l&rsquo;ancienne gare<\/p>\n<p><img loading=\"lazy\" decoding=\"async\" data-attachment-id=\"17803\" data-permalink=\"https:\/\/genevieveetbernardauxameriques.fr\/index.php\/2017\/04\/06\/colombie-2eme-article-la-route-du-cafe\/p1070789\/\" data-orig-file=\"https:\/\/i0.wp.com\/genevieveetbernardauxameriques.fr\/wp-content\/uploads\/2017\/04\/P1070789.jpg?fit=720%2C540&amp;ssl=1\" data-orig-size=\"720,540\" data-comments-opened=\"1\" data-image-meta=\"{&quot;aperture&quot;:&quot;3.3&quot;,&quot;credit&quot;:&quot;&quot;,&quot;camera&quot;:&quot;DMC-TZ55&quot;,&quot;caption&quot;:&quot;&quot;,&quot;created_timestamp&quot;:&quot;1491095473&quot;,&quot;copyright&quot;:&quot;&quot;,&quot;focal_length&quot;:&quot;4.3&quot;,&quot;iso&quot;:&quot;125&quot;,&quot;shutter_speed&quot;:&quot;0.016666666666667&quot;,&quot;title&quot;:&quot;&quot;,&quot;orientation&quot;:&quot;1&quot;}\" data-image-title=\"P1070789\" data-image-description=\"\" data-image-caption=\"\" data-medium-file=\"https:\/\/i0.wp.com\/genevieveetbernardauxameriques.fr\/wp-content\/uploads\/2017\/04\/P1070789.jpg?fit=300%2C225&amp;ssl=1\" data-large-file=\"https:\/\/i0.wp.com\/genevieveetbernardauxameriques.fr\/wp-content\/uploads\/2017\/04\/P1070789.jpg?fit=640%2C480&amp;ssl=1\" class=\"alignnone size-full wp-image-17803\" src=\"https:\/\/i0.wp.com\/genevieveetbernardauxameriques.fr\/wp-content\/uploads\/2017\/04\/P1070789.jpg?resize=640%2C480&#038;ssl=1\" alt=\"\" width=\"640\" height=\"480\" srcset=\"https:\/\/i0.wp.com\/genevieveetbernardauxameriques.fr\/wp-content\/uploads\/2017\/04\/P1070789.jpg?w=720&amp;ssl=1 720w, https:\/\/i0.wp.com\/genevieveetbernardauxameriques.fr\/wp-content\/uploads\/2017\/04\/P1070789.jpg?resize=300%2C225&amp;ssl=1 300w\" sizes=\"(max-width: 640px) 100vw, 640px\" data-recalc-dims=\"1\" \/><\/p>\n<p>La place Cisnero, une for\u00eat urbaine de bambous et ses lumi\u00e8res artificielles\u00a0\u00a0<a href=\"https:\/\/i0.wp.com\/genevieveetbernardauxameriques.fr\/wp-content\/uploads\/2017\/04\/P1070788.jpg?ssl=1\"><img loading=\"lazy\" decoding=\"async\" data-attachment-id=\"17802\" data-permalink=\"https:\/\/genevieveetbernardauxameriques.fr\/index.php\/2017\/04\/06\/colombie-2eme-article-la-route-du-cafe\/p1070788\/\" data-orig-file=\"https:\/\/i0.wp.com\/genevieveetbernardauxameriques.fr\/wp-content\/uploads\/2017\/04\/P1070788.jpg?fit=720%2C540&amp;ssl=1\" data-orig-size=\"720,540\" data-comments-opened=\"1\" data-image-meta=\"{&quot;aperture&quot;:&quot;4&quot;,&quot;credit&quot;:&quot;&quot;,&quot;camera&quot;:&quot;DMC-TZ55&quot;,&quot;caption&quot;:&quot;&quot;,&quot;created_timestamp&quot;:&quot;1491095431&quot;,&quot;copyright&quot;:&quot;&quot;,&quot;focal_length&quot;:&quot;4.8&quot;,&quot;iso&quot;:&quot;100&quot;,&quot;shutter_speed&quot;:&quot;0.008&quot;,&quot;title&quot;:&quot;&quot;,&quot;orientation&quot;:&quot;1&quot;}\" data-image-title=\"P1070788\" data-image-description=\"\" data-image-caption=\"\" data-medium-file=\"https:\/\/i0.wp.com\/genevieveetbernardauxameriques.fr\/wp-content\/uploads\/2017\/04\/P1070788.jpg?fit=300%2C225&amp;ssl=1\" data-large-file=\"https:\/\/i0.wp.com\/genevieveetbernardauxameriques.fr\/wp-content\/uploads\/2017\/04\/P1070788.jpg?fit=640%2C480&amp;ssl=1\" class=\"alignnone size-full wp-image-17802\" src=\"https:\/\/i0.wp.com\/genevieveetbernardauxameriques.fr\/wp-content\/uploads\/2017\/04\/P1070788.jpg?resize=640%2C480&#038;ssl=1\" alt=\"\" width=\"640\" height=\"480\" srcset=\"https:\/\/i0.wp.com\/genevieveetbernardauxameriques.fr\/wp-content\/uploads\/2017\/04\/P1070788.jpg?w=720&amp;ssl=1 720w, https:\/\/i0.wp.com\/genevieveetbernardauxameriques.fr\/wp-content\/uploads\/2017\/04\/P1070788.jpg?resize=300%2C225&amp;ssl=1 300w\" sizes=\"(max-width: 640px) 100vw, 640px\" data-recalc-dims=\"1\" \/><\/a> <a href=\"https:\/\/i0.wp.com\/genevieveetbernardauxameriques.fr\/wp-content\/uploads\/2017\/04\/P1070790.jpg?ssl=1\"><img loading=\"lazy\" decoding=\"async\" data-attachment-id=\"17804\" data-permalink=\"https:\/\/genevieveetbernardauxameriques.fr\/index.php\/2017\/04\/06\/colombie-2eme-article-la-route-du-cafe\/p1070790-2\/\" data-orig-file=\"https:\/\/i0.wp.com\/genevieveetbernardauxameriques.fr\/wp-content\/uploads\/2017\/04\/P1070790.jpg?fit=720%2C540&amp;ssl=1\" data-orig-size=\"720,540\" data-comments-opened=\"1\" data-image-meta=\"{&quot;aperture&quot;:&quot;3.3&quot;,&quot;credit&quot;:&quot;&quot;,&quot;camera&quot;:&quot;DMC-TZ55&quot;,&quot;caption&quot;:&quot;&quot;,&quot;created_timestamp&quot;:&quot;1491095759&quot;,&quot;copyright&quot;:&quot;&quot;,&quot;focal_length&quot;:&quot;4.3&quot;,&quot;iso&quot;:&quot;100&quot;,&quot;shutter_speed&quot;:&quot;0.016666666666667&quot;,&quot;title&quot;:&quot;&quot;,&quot;orientation&quot;:&quot;1&quot;}\" data-image-title=\"P1070790\" data-image-description=\"\" data-image-caption=\"\" data-medium-file=\"https:\/\/i0.wp.com\/genevieveetbernardauxameriques.fr\/wp-content\/uploads\/2017\/04\/P1070790.jpg?fit=300%2C225&amp;ssl=1\" data-large-file=\"https:\/\/i0.wp.com\/genevieveetbernardauxameriques.fr\/wp-content\/uploads\/2017\/04\/P1070790.jpg?fit=640%2C480&amp;ssl=1\" class=\"alignnone size-full wp-image-17804\" src=\"https:\/\/i0.wp.com\/genevieveetbernardauxameriques.fr\/wp-content\/uploads\/2017\/04\/P1070790.jpg?resize=640%2C480&#038;ssl=1\" alt=\"\" width=\"640\" height=\"480\" srcset=\"https:\/\/i0.wp.com\/genevieveetbernardauxameriques.fr\/wp-content\/uploads\/2017\/04\/P1070790.jpg?w=720&amp;ssl=1 720w, https:\/\/i0.wp.com\/genevieveetbernardauxameriques.fr\/wp-content\/uploads\/2017\/04\/P1070790.jpg?resize=300%2C225&amp;ssl=1 300w\" sizes=\"(max-width: 640px) 100vw, 640px\" data-recalc-dims=\"1\" \/><\/a><img loading=\"lazy\" decoding=\"async\" data-attachment-id=\"17846\" data-permalink=\"https:\/\/genevieveetbernardauxameriques.fr\/index.php\/2017\/04\/06\/colombie-2eme-article-la-route-du-cafe\/p1070838\/\" data-orig-file=\"https:\/\/i0.wp.com\/genevieveetbernardauxameriques.fr\/wp-content\/uploads\/2017\/04\/P1070838.jpg?fit=540%2C720&amp;ssl=1\" data-orig-size=\"540,720\" data-comments-opened=\"1\" data-image-meta=\"{&quot;aperture&quot;:&quot;5&quot;,&quot;credit&quot;:&quot;&quot;,&quot;camera&quot;:&quot;DMC-TZ55&quot;,&quot;caption&quot;:&quot;&quot;,&quot;created_timestamp&quot;:&quot;1491169908&quot;,&quot;copyright&quot;:&quot;&quot;,&quot;focal_length&quot;:&quot;7.4&quot;,&quot;iso&quot;:&quot;100&quot;,&quot;shutter_speed&quot;:&quot;0.001&quot;,&quot;title&quot;:&quot;&quot;,&quot;orientation&quot;:&quot;1&quot;}\" data-image-title=\"P1070838\" data-image-description=\"\" data-image-caption=\"\" data-medium-file=\"https:\/\/i0.wp.com\/genevieveetbernardauxameriques.fr\/wp-content\/uploads\/2017\/04\/P1070838.jpg?fit=225%2C300&amp;ssl=1\" data-large-file=\"https:\/\/i0.wp.com\/genevieveetbernardauxameriques.fr\/wp-content\/uploads\/2017\/04\/P1070838.jpg?fit=540%2C720&amp;ssl=1\" class=\" wp-image-17846 aligncenter\" src=\"https:\/\/i0.wp.com\/genevieveetbernardauxameriques.fr\/wp-content\/uploads\/2017\/04\/P1070838.jpg?resize=398%2C531&#038;ssl=1\" alt=\"\" width=\"398\" height=\"531\" srcset=\"https:\/\/i0.wp.com\/genevieveetbernardauxameriques.fr\/wp-content\/uploads\/2017\/04\/P1070838.jpg?w=540&amp;ssl=1 540w, https:\/\/i0.wp.com\/genevieveetbernardauxameriques.fr\/wp-content\/uploads\/2017\/04\/P1070838.jpg?resize=225%2C300&amp;ssl=1 225w\" sizes=\"(max-width: 398px) 100vw, 398px\" data-recalc-dims=\"1\" \/><\/p>\n<p><strong>DIMANCHE 2 AVRIL 2017<\/strong><\/p>\n<p>Nous partons pour visiter le mus\u00e9e de Antioquia, principalement pour voir les \u0153uvres de BOTERO, le voil\u00e0 avec moi :<\/p>\n<p><img loading=\"lazy\" decoding=\"async\" data-attachment-id=\"17833\" data-permalink=\"https:\/\/genevieveetbernardauxameriques.fr\/index.php\/2017\/04\/06\/colombie-2eme-article-la-route-du-cafe\/p1070824\/\" data-orig-file=\"https:\/\/i0.wp.com\/genevieveetbernardauxameriques.fr\/wp-content\/uploads\/2017\/04\/P1070824.jpg?fit=720%2C540&amp;ssl=1\" data-orig-size=\"720,540\" data-comments-opened=\"1\" data-image-meta=\"{&quot;aperture&quot;:&quot;3.3&quot;,&quot;credit&quot;:&quot;&quot;,&quot;camera&quot;:&quot;DMC-TZ55&quot;,&quot;caption&quot;:&quot;&quot;,&quot;created_timestamp&quot;:&quot;1491156845&quot;,&quot;copyright&quot;:&quot;&quot;,&quot;focal_length&quot;:&quot;4.3&quot;,&quot;iso&quot;:&quot;400&quot;,&quot;shutter_speed&quot;:&quot;0.076923076923077&quot;,&quot;title&quot;:&quot;&quot;,&quot;orientation&quot;:&quot;1&quot;}\" data-image-title=\"P1070824\" data-image-description=\"\" data-image-caption=\"\" data-medium-file=\"https:\/\/i0.wp.com\/genevieveetbernardauxameriques.fr\/wp-content\/uploads\/2017\/04\/P1070824.jpg?fit=300%2C225&amp;ssl=1\" data-large-file=\"https:\/\/i0.wp.com\/genevieveetbernardauxameriques.fr\/wp-content\/uploads\/2017\/04\/P1070824.jpg?fit=640%2C480&amp;ssl=1\" class=\"alignnone size-full wp-image-17833\" src=\"https:\/\/i0.wp.com\/genevieveetbernardauxameriques.fr\/wp-content\/uploads\/2017\/04\/P1070824.jpg?resize=640%2C480&#038;ssl=1\" alt=\"\" width=\"640\" height=\"480\" srcset=\"https:\/\/i0.wp.com\/genevieveetbernardauxameriques.fr\/wp-content\/uploads\/2017\/04\/P1070824.jpg?w=720&amp;ssl=1 720w, https:\/\/i0.wp.com\/genevieveetbernardauxameriques.fr\/wp-content\/uploads\/2017\/04\/P1070824.jpg?resize=300%2C225&amp;ssl=1 300w\" sizes=\"(max-width: 640px) 100vw, 640px\" data-recalc-dims=\"1\" \/><\/p>\n<p>Fernando Botero est n\u00e9 \u00e0 Medellin en 1932. Son p\u00e8re \u00e9tait marchand alors que sa m\u00e8re dessinait et confectionnait des v\u00eatements f\u00e9minins. \u00c0 12 ans, son oncle l\u2019inscrit dans une \u00e9cole de tor\u00e9ador mais Botero abandonne rapidement cette voie. Toutefois, cet environnement l\u2019inspire pour ses premiers dessins et peintures \u00e0 l\u2019huile.<\/p>\n<p>Autodidacte, il se rend en Europe et copie des \u0153uvres de grands ma\u00eetres Italiens et Espagnols, particuli\u00e8rement ceux de la Renaissance. Au cours des ann\u00e9es 60 il a fait de nombreuses expositions dans des mus\u00e9es reconnus et ses \u0153uvres aux formes volumineuses prennent vie. A partir de 1973, il se lance dans la sculpture. Dans les derni\u00e8res d\u00e9cennies, Botero est devenu un artiste tr\u00e8s connu et ses \u0153uvres sont pr\u00e9sentes dans les principaux mus\u00e9es du monde.<\/p>\n<p><a href=\"https:\/\/i0.wp.com\/genevieveetbernardauxameriques.fr\/wp-content\/uploads\/2017\/04\/P1070802.jpg?ssl=1\"><img loading=\"lazy\" decoding=\"async\" data-attachment-id=\"17812\" data-permalink=\"https:\/\/genevieveetbernardauxameriques.fr\/index.php\/2017\/04\/06\/colombie-2eme-article-la-route-du-cafe\/p1070802\/\" data-orig-file=\"https:\/\/i0.wp.com\/genevieveetbernardauxameriques.fr\/wp-content\/uploads\/2017\/04\/P1070802.jpg?fit=720%2C540&amp;ssl=1\" data-orig-size=\"720,540\" data-comments-opened=\"1\" data-image-meta=\"{&quot;aperture&quot;:&quot;4&quot;,&quot;credit&quot;:&quot;&quot;,&quot;camera&quot;:&quot;DMC-TZ55&quot;,&quot;caption&quot;:&quot;&quot;,&quot;created_timestamp&quot;:&quot;1491155380&quot;,&quot;copyright&quot;:&quot;&quot;,&quot;focal_length&quot;:&quot;4.3&quot;,&quot;iso&quot;:&quot;100&quot;,&quot;shutter_speed&quot;:&quot;0.00625&quot;,&quot;title&quot;:&quot;&quot;,&quot;orientation&quot;:&quot;1&quot;}\" data-image-title=\"P1070802\" data-image-description=\"\" data-image-caption=\"\" data-medium-file=\"https:\/\/i0.wp.com\/genevieveetbernardauxameriques.fr\/wp-content\/uploads\/2017\/04\/P1070802.jpg?fit=300%2C225&amp;ssl=1\" data-large-file=\"https:\/\/i0.wp.com\/genevieveetbernardauxameriques.fr\/wp-content\/uploads\/2017\/04\/P1070802.jpg?fit=640%2C480&amp;ssl=1\" class=\"wp-image-17812 aligncenter\" src=\"https:\/\/i0.wp.com\/genevieveetbernardauxameriques.fr\/wp-content\/uploads\/2017\/04\/P1070802.jpg?resize=576%2C432&#038;ssl=1\" alt=\"\" width=\"576\" height=\"432\" srcset=\"https:\/\/i0.wp.com\/genevieveetbernardauxameriques.fr\/wp-content\/uploads\/2017\/04\/P1070802.jpg?w=720&amp;ssl=1 720w, https:\/\/i0.wp.com\/genevieveetbernardauxameriques.fr\/wp-content\/uploads\/2017\/04\/P1070802.jpg?resize=300%2C225&amp;ssl=1 300w\" sizes=\"(max-width: 576px) 100vw, 576px\" data-recalc-dims=\"1\" \/><\/a><a href=\"https:\/\/i0.wp.com\/genevieveetbernardauxameriques.fr\/wp-content\/uploads\/2017\/04\/P1070816.jpg?ssl=1\"><img loading=\"lazy\" decoding=\"async\" data-attachment-id=\"17825\" data-permalink=\"https:\/\/genevieveetbernardauxameriques.fr\/index.php\/2017\/04\/06\/colombie-2eme-article-la-route-du-cafe\/p1070816\/\" data-orig-file=\"https:\/\/i0.wp.com\/genevieveetbernardauxameriques.fr\/wp-content\/uploads\/2017\/04\/P1070816.jpg?fit=720%2C540&amp;ssl=1\" data-orig-size=\"720,540\" data-comments-opened=\"1\" data-image-meta=\"{&quot;aperture&quot;:&quot;3.3&quot;,&quot;credit&quot;:&quot;&quot;,&quot;camera&quot;:&quot;DMC-TZ55&quot;,&quot;caption&quot;:&quot;&quot;,&quot;created_timestamp&quot;:&quot;1491155634&quot;,&quot;copyright&quot;:&quot;&quot;,&quot;focal_length&quot;:&quot;4.3&quot;,&quot;iso&quot;:&quot;125&quot;,&quot;shutter_speed&quot;:&quot;0.016666666666667&quot;,&quot;title&quot;:&quot;&quot;,&quot;orientation&quot;:&quot;1&quot;}\" data-image-title=\"P1070816\" data-image-description=\"\" data-image-caption=\"\" data-medium-file=\"https:\/\/i0.wp.com\/genevieveetbernardauxameriques.fr\/wp-content\/uploads\/2017\/04\/P1070816.jpg?fit=300%2C225&amp;ssl=1\" data-large-file=\"https:\/\/i0.wp.com\/genevieveetbernardauxameriques.fr\/wp-content\/uploads\/2017\/04\/P1070816.jpg?fit=640%2C480&amp;ssl=1\" class=\"alignnone size-full wp-image-17825\" src=\"https:\/\/i0.wp.com\/genevieveetbernardauxameriques.fr\/wp-content\/uploads\/2017\/04\/P1070816.jpg?resize=640%2C480&#038;ssl=1\" alt=\"\" width=\"640\" height=\"480\" srcset=\"https:\/\/i0.wp.com\/genevieveetbernardauxameriques.fr\/wp-content\/uploads\/2017\/04\/P1070816.jpg?w=720&amp;ssl=1 720w, https:\/\/i0.wp.com\/genevieveetbernardauxameriques.fr\/wp-content\/uploads\/2017\/04\/P1070816.jpg?resize=300%2C225&amp;ssl=1 300w\" sizes=\"(max-width: 640px) 100vw, 640px\" data-recalc-dims=\"1\" \/><\/a><\/p>\n<p>Ses peintures<\/p>\n<p><img loading=\"lazy\" decoding=\"async\" data-attachment-id=\"17828\" data-permalink=\"https:\/\/genevieveetbernardauxameriques.fr\/index.php\/2017\/04\/06\/colombie-2eme-article-la-route-du-cafe\/p1070819\/\" data-orig-file=\"https:\/\/i0.wp.com\/genevieveetbernardauxameriques.fr\/wp-content\/uploads\/2017\/04\/P1070819-e1586791970309.jpg?fit=487%2C604&amp;ssl=1\" data-orig-size=\"487,604\" data-comments-opened=\"1\" data-image-meta=\"{&quot;aperture&quot;:&quot;3.3&quot;,&quot;credit&quot;:&quot;&quot;,&quot;camera&quot;:&quot;DMC-TZ55&quot;,&quot;caption&quot;:&quot;&quot;,&quot;created_timestamp&quot;:&quot;1491155806&quot;,&quot;copyright&quot;:&quot;&quot;,&quot;focal_length&quot;:&quot;4.3&quot;,&quot;iso&quot;:&quot;1600&quot;,&quot;shutter_speed&quot;:&quot;0.033333333333333&quot;,&quot;title&quot;:&quot;&quot;,&quot;orientation&quot;:&quot;1&quot;}\" data-image-title=\"P1070819\" data-image-description=\"\" data-image-caption=\"\" data-medium-file=\"https:\/\/i0.wp.com\/genevieveetbernardauxameriques.fr\/wp-content\/uploads\/2017\/04\/P1070819-e1586791970309.jpg?fit=242%2C300&amp;ssl=1\" data-large-file=\"https:\/\/i0.wp.com\/genevieveetbernardauxameriques.fr\/wp-content\/uploads\/2017\/04\/P1070819-e1586791970309.jpg?fit=487%2C604&amp;ssl=1\" class=\"size-full wp-image-17828 aligncenter\" src=\"https:\/\/i0.wp.com\/genevieveetbernardauxameriques.fr\/wp-content\/uploads\/2017\/04\/P1070819-e1586791970309.jpg?resize=487%2C604&#038;ssl=1\" alt=\"\" width=\"487\" height=\"604\" srcset=\"https:\/\/i0.wp.com\/genevieveetbernardauxameriques.fr\/wp-content\/uploads\/2017\/04\/P1070819-e1586791970309.jpg?w=487&amp;ssl=1 487w, https:\/\/i0.wp.com\/genevieveetbernardauxameriques.fr\/wp-content\/uploads\/2017\/04\/P1070819-e1586791970309.jpg?resize=242%2C300&amp;ssl=1 242w\" sizes=\"(max-width: 487px) 100vw, 487px\" data-recalc-dims=\"1\" \/><a href=\"https:\/\/i0.wp.com\/genevieveetbernardauxameriques.fr\/wp-content\/uploads\/2017\/04\/P1070808.jpg?ssl=1\"><img loading=\"lazy\" decoding=\"async\" data-attachment-id=\"17818\" data-permalink=\"https:\/\/genevieveetbernardauxameriques.fr\/index.php\/2017\/04\/06\/colombie-2eme-article-la-route-du-cafe\/p1070808\/\" data-orig-file=\"https:\/\/i0.wp.com\/genevieveetbernardauxameriques.fr\/wp-content\/uploads\/2017\/04\/P1070808.jpg?fit=540%2C720&amp;ssl=1\" data-orig-size=\"540,720\" data-comments-opened=\"1\" data-image-meta=\"{&quot;aperture&quot;:&quot;3.3&quot;,&quot;credit&quot;:&quot;&quot;,&quot;camera&quot;:&quot;DMC-TZ55&quot;,&quot;caption&quot;:&quot;&quot;,&quot;created_timestamp&quot;:&quot;1491155466&quot;,&quot;copyright&quot;:&quot;&quot;,&quot;focal_length&quot;:&quot;4.3&quot;,&quot;iso&quot;:&quot;640&quot;,&quot;shutter_speed&quot;:&quot;0.04&quot;,&quot;title&quot;:&quot;&quot;,&quot;orientation&quot;:&quot;1&quot;}\" data-image-title=\"P1070808\" data-image-description=\"\" data-image-caption=\"\" data-medium-file=\"https:\/\/i0.wp.com\/genevieveetbernardauxameriques.fr\/wp-content\/uploads\/2017\/04\/P1070808.jpg?fit=225%2C300&amp;ssl=1\" data-large-file=\"https:\/\/i0.wp.com\/genevieveetbernardauxameriques.fr\/wp-content\/uploads\/2017\/04\/P1070808.jpg?fit=540%2C720&amp;ssl=1\" class=\"wp-image-17818 aligncenter\" src=\"https:\/\/i0.wp.com\/genevieveetbernardauxameriques.fr\/wp-content\/uploads\/2017\/04\/P1070808.jpg?resize=440%2C587&#038;ssl=1\" alt=\"\" width=\"440\" height=\"587\" srcset=\"https:\/\/i0.wp.com\/genevieveetbernardauxameriques.fr\/wp-content\/uploads\/2017\/04\/P1070808.jpg?w=540&amp;ssl=1 540w, https:\/\/i0.wp.com\/genevieveetbernardauxameriques.fr\/wp-content\/uploads\/2017\/04\/P1070808.jpg?resize=225%2C300&amp;ssl=1 225w\" sizes=\"(max-width: 440px) 100vw, 440px\" data-recalc-dims=\"1\" \/><\/a><\/p>\n<p><a href=\"https:\/\/i0.wp.com\/genevieveetbernardauxameriques.fr\/wp-content\/uploads\/2017\/04\/P1070803.jpg?ssl=1\"><img loading=\"lazy\" decoding=\"async\" data-attachment-id=\"17813\" data-permalink=\"https:\/\/genevieveetbernardauxameriques.fr\/index.php\/2017\/04\/06\/colombie-2eme-article-la-route-du-cafe\/p1070803\/\" data-orig-file=\"https:\/\/i0.wp.com\/genevieveetbernardauxameriques.fr\/wp-content\/uploads\/2017\/04\/P1070803.jpg?fit=540%2C720&amp;ssl=1\" data-orig-size=\"540,720\" data-comments-opened=\"1\" data-image-meta=\"{&quot;aperture&quot;:&quot;3.3&quot;,&quot;credit&quot;:&quot;&quot;,&quot;camera&quot;:&quot;DMC-TZ55&quot;,&quot;caption&quot;:&quot;&quot;,&quot;created_timestamp&quot;:&quot;1491155410&quot;,&quot;copyright&quot;:&quot;&quot;,&quot;focal_length&quot;:&quot;4.3&quot;,&quot;iso&quot;:&quot;1600&quot;,&quot;shutter_speed&quot;:&quot;0.016666666666667&quot;,&quot;title&quot;:&quot;&quot;,&quot;orientation&quot;:&quot;1&quot;}\" data-image-title=\"P1070803\" data-image-description=\"\" data-image-caption=\"\" data-medium-file=\"https:\/\/i0.wp.com\/genevieveetbernardauxameriques.fr\/wp-content\/uploads\/2017\/04\/P1070803.jpg?fit=225%2C300&amp;ssl=1\" data-large-file=\"https:\/\/i0.wp.com\/genevieveetbernardauxameriques.fr\/wp-content\/uploads\/2017\/04\/P1070803.jpg?fit=540%2C720&amp;ssl=1\" class=\"wp-image-17813 aligncenter\" src=\"https:\/\/i0.wp.com\/genevieveetbernardauxameriques.fr\/wp-content\/uploads\/2017\/04\/P1070803.jpg?resize=438%2C584&#038;ssl=1\" alt=\"\" width=\"438\" height=\"584\" srcset=\"https:\/\/i0.wp.com\/genevieveetbernardauxameriques.fr\/wp-content\/uploads\/2017\/04\/P1070803.jpg?w=540&amp;ssl=1 540w, https:\/\/i0.wp.com\/genevieveetbernardauxameriques.fr\/wp-content\/uploads\/2017\/04\/P1070803.jpg?resize=225%2C300&amp;ssl=1 225w\" sizes=\"(max-width: 438px) 100vw, 438px\" data-recalc-dims=\"1\" \/><img loading=\"lazy\" decoding=\"async\" data-attachment-id=\"17831\" data-permalink=\"https:\/\/genevieveetbernardauxameriques.fr\/index.php\/2017\/04\/06\/colombie-2eme-article-la-route-du-cafe\/p1070822\/\" data-orig-file=\"https:\/\/i0.wp.com\/genevieveetbernardauxameriques.fr\/wp-content\/uploads\/2017\/04\/P1070822-e1586792195603.jpg?fit=478%2C540&amp;ssl=1\" data-orig-size=\"478,540\" data-comments-opened=\"1\" data-image-meta=\"{&quot;aperture&quot;:&quot;3.3&quot;,&quot;credit&quot;:&quot;&quot;,&quot;camera&quot;:&quot;DMC-TZ55&quot;,&quot;caption&quot;:&quot;&quot;,&quot;created_timestamp&quot;:&quot;1491155877&quot;,&quot;copyright&quot;:&quot;&quot;,&quot;focal_length&quot;:&quot;4.3&quot;,&quot;iso&quot;:&quot;1600&quot;,&quot;shutter_speed&quot;:&quot;0.016666666666667&quot;,&quot;title&quot;:&quot;&quot;,&quot;orientation&quot;:&quot;1&quot;}\" data-image-title=\"P1070822\" data-image-description=\"\" data-image-caption=\"\" data-medium-file=\"https:\/\/i0.wp.com\/genevieveetbernardauxameriques.fr\/wp-content\/uploads\/2017\/04\/P1070822-e1586792195603.jpg?fit=266%2C300&amp;ssl=1\" data-large-file=\"https:\/\/i0.wp.com\/genevieveetbernardauxameriques.fr\/wp-content\/uploads\/2017\/04\/P1070822-e1586792195603.jpg?fit=478%2C540&amp;ssl=1\" class=\" wp-image-17831 aligncenter\" src=\"https:\/\/i0.wp.com\/genevieveetbernardauxameriques.fr\/wp-content\/uploads\/2017\/04\/P1070822-e1586792195603.jpg?resize=453%2C512&#038;ssl=1\" alt=\"\" width=\"453\" height=\"512\" srcset=\"https:\/\/i0.wp.com\/genevieveetbernardauxameriques.fr\/wp-content\/uploads\/2017\/04\/P1070822-e1586792195603.jpg?w=478&amp;ssl=1 478w, https:\/\/i0.wp.com\/genevieveetbernardauxameriques.fr\/wp-content\/uploads\/2017\/04\/P1070822-e1586792195603.jpg?resize=266%2C300&amp;ssl=1 266w\" sizes=\"(max-width: 453px) 100vw, 453px\" data-recalc-dims=\"1\" \/><\/a><\/p>\n<p>En diaporama je vous en mets quelques unes. On aime ou on n&rsquo;aime pas.<\/p>\n<div class=\"tiled-gallery type-rectangular tiled-gallery-unresized\" data-original-width=\"640\" data-carousel-extra='{&quot;blog_id&quot;:1,&quot;permalink&quot;:&quot;https:\\\/\\\/genevieveetbernardauxameriques.fr\\\/index.php\\\/2017\\\/04\\\/18\\\/colombie-3eme-article-de-medellin-a-bogota\\\/&quot;,&quot;likes_blog_id&quot;:107627276}' itemscope itemtype=\"http:\/\/schema.org\/ImageGallery\" > <div class=\"gallery-row\" style=\"width: 640px; height: 425px;\" data-original-width=\"640\" data-original-height=\"425\" > <div class=\"gallery-group images-1\" style=\"width: 320px; height: 425px;\" data-original-width=\"320\" data-original-height=\"425\" > <div class=\"tiled-gallery-item tiled-gallery-item-large\" itemprop=\"associatedMedia\" itemscope itemtype=\"http:\/\/schema.org\/ImageObject\"> <a href=\"https:\/\/genevieveetbernardauxameriques.fr\/index.php\/2017\/04\/06\/colombie-2eme-article-la-route-du-cafe\/p1070823\/\" border=\"0\" itemprop=\"url\"> <meta itemprop=\"width\" content=\"316\"> <meta itemprop=\"height\" content=\"421\"> <img decoding=\"async\" class=\"\" data-attachment-id=\"17832\" data-orig-file=\"https:\/\/genevieveetbernardauxameriques.fr\/wp-content\/uploads\/2017\/04\/P1070823.jpg\" data-orig-size=\"540,720\" data-comments-opened=\"1\" data-image-meta=\"{&quot;aperture&quot;:&quot;3.3&quot;,&quot;credit&quot;:&quot;&quot;,&quot;camera&quot;:&quot;DMC-TZ55&quot;,&quot;caption&quot;:&quot;&quot;,&quot;created_timestamp&quot;:&quot;1491156512&quot;,&quot;copyright&quot;:&quot;&quot;,&quot;focal_length&quot;:&quot;4.3&quot;,&quot;iso&quot;:&quot;1600&quot;,&quot;shutter_speed&quot;:&quot;0.033333333333333&quot;,&quot;title&quot;:&quot;&quot;,&quot;orientation&quot;:&quot;1&quot;}\" data-image-title=\"P1070823\" data-image-description=\"\" data-medium-file=\"https:\/\/i0.wp.com\/genevieveetbernardauxameriques.fr\/wp-content\/uploads\/2017\/04\/P1070823.jpg?fit=225%2C300&#038;ssl=1\" data-large-file=\"https:\/\/i0.wp.com\/genevieveetbernardauxameriques.fr\/wp-content\/uploads\/2017\/04\/P1070823.jpg?fit=540%2C720&#038;ssl=1\" src=\"https:\/\/i0.wp.com\/genevieveetbernardauxameriques.fr\/wp-content\/uploads\/2017\/04\/P1070823.jpg?w=316&#038;h=421&#038;ssl=1\" srcset=\"https:\/\/i0.wp.com\/genevieveetbernardauxameriques.fr\/wp-content\/uploads\/2017\/04\/P1070823.jpg?w=540&amp;ssl=1 540w, https:\/\/i0.wp.com\/genevieveetbernardauxameriques.fr\/wp-content\/uploads\/2017\/04\/P1070823.jpg?resize=225%2C300&amp;ssl=1 225w\" width=\"316\" height=\"421\" loading=\"lazy\" data-original-width=\"316\" data-original-height=\"421\" itemprop=\"http:\/\/schema.org\/image\" title=\"P1070823\" alt=\"P1070823\" style=\"width: 316px; height: 421px;\" \/> <\/a> <\/div> <\/div> <!-- close group --> <div class=\"gallery-group images-1\" style=\"width: 320px; height: 425px;\" data-original-width=\"320\" data-original-height=\"425\" > <div class=\"tiled-gallery-item tiled-gallery-item-large\" itemprop=\"associatedMedia\" itemscope itemtype=\"http:\/\/schema.org\/ImageObject\"> <a href=\"https:\/\/genevieveetbernardauxameriques.fr\/index.php\/2017\/04\/06\/colombie-2eme-article-la-route-du-cafe\/p1070814\/\" border=\"0\" itemprop=\"url\"> <meta itemprop=\"width\" content=\"316\"> <meta itemprop=\"height\" content=\"421\"> <img decoding=\"async\" class=\"\" data-attachment-id=\"17824\" data-orig-file=\"https:\/\/genevieveetbernardauxameriques.fr\/wp-content\/uploads\/2017\/04\/P1070814.jpg\" data-orig-size=\"540,720\" data-comments-opened=\"1\" data-image-meta=\"{&quot;aperture&quot;:&quot;3.3&quot;,&quot;credit&quot;:&quot;&quot;,&quot;camera&quot;:&quot;DMC-TZ55&quot;,&quot;caption&quot;:&quot;&quot;,&quot;created_timestamp&quot;:&quot;1491155581&quot;,&quot;copyright&quot;:&quot;&quot;,&quot;focal_length&quot;:&quot;4.3&quot;,&quot;iso&quot;:&quot;1600&quot;,&quot;shutter_speed&quot;:&quot;0.02&quot;,&quot;title&quot;:&quot;&quot;,&quot;orientation&quot;:&quot;1&quot;}\" data-image-title=\"P1070814\" data-image-description=\"\" data-medium-file=\"https:\/\/i0.wp.com\/genevieveetbernardauxameriques.fr\/wp-content\/uploads\/2017\/04\/P1070814.jpg?fit=225%2C300&#038;ssl=1\" data-large-file=\"https:\/\/i0.wp.com\/genevieveetbernardauxameriques.fr\/wp-content\/uploads\/2017\/04\/P1070814.jpg?fit=540%2C720&#038;ssl=1\" src=\"https:\/\/i0.wp.com\/genevieveetbernardauxameriques.fr\/wp-content\/uploads\/2017\/04\/P1070814.jpg?w=316&#038;h=421&#038;ssl=1\" srcset=\"https:\/\/i0.wp.com\/genevieveetbernardauxameriques.fr\/wp-content\/uploads\/2017\/04\/P1070814.jpg?w=540&amp;ssl=1 540w, https:\/\/i0.wp.com\/genevieveetbernardauxameriques.fr\/wp-content\/uploads\/2017\/04\/P1070814.jpg?resize=225%2C300&amp;ssl=1 225w\" width=\"316\" height=\"421\" loading=\"lazy\" data-original-width=\"316\" data-original-height=\"421\" itemprop=\"http:\/\/schema.org\/image\" title=\"P1070814\" alt=\"P1070814\" style=\"width: 316px; height: 421px;\" \/> <\/a> <\/div> <\/div> <!-- close group --> <\/div> <!-- close row --> <div class=\"gallery-row\" style=\"width: 640px; height: 321px;\" data-original-width=\"640\" data-original-height=\"321\" > <div class=\"gallery-group images-1\" style=\"width: 427px; height: 321px;\" data-original-width=\"427\" data-original-height=\"321\" > <div class=\"tiled-gallery-item tiled-gallery-item-large\" itemprop=\"associatedMedia\" itemscope itemtype=\"http:\/\/schema.org\/ImageObject\"> <a href=\"https:\/\/genevieveetbernardauxameriques.fr\/index.php\/2017\/04\/06\/colombie-2eme-article-la-route-du-cafe\/p1070821\/\" border=\"0\" itemprop=\"url\"> <meta itemprop=\"width\" content=\"423\"> <meta itemprop=\"height\" content=\"317\"> <img decoding=\"async\" class=\"\" data-attachment-id=\"17830\" data-orig-file=\"https:\/\/genevieveetbernardauxameriques.fr\/wp-content\/uploads\/2017\/04\/P1070821.jpg\" data-orig-size=\"720,540\" data-comments-opened=\"1\" data-image-meta=\"{&quot;aperture&quot;:&quot;3.3&quot;,&quot;credit&quot;:&quot;&quot;,&quot;camera&quot;:&quot;DMC-TZ55&quot;,&quot;caption&quot;:&quot;&quot;,&quot;created_timestamp&quot;:&quot;1491155853&quot;,&quot;copyright&quot;:&quot;&quot;,&quot;focal_length&quot;:&quot;4.3&quot;,&quot;iso&quot;:&quot;1600&quot;,&quot;shutter_speed&quot;:&quot;0.033333333333333&quot;,&quot;title&quot;:&quot;&quot;,&quot;orientation&quot;:&quot;1&quot;}\" data-image-title=\"P1070821\" data-image-description=\"\" data-medium-file=\"https:\/\/i0.wp.com\/genevieveetbernardauxameriques.fr\/wp-content\/uploads\/2017\/04\/P1070821.jpg?fit=300%2C225&#038;ssl=1\" data-large-file=\"https:\/\/i0.wp.com\/genevieveetbernardauxameriques.fr\/wp-content\/uploads\/2017\/04\/P1070821.jpg?fit=640%2C480&#038;ssl=1\" src=\"https:\/\/i0.wp.com\/genevieveetbernardauxameriques.fr\/wp-content\/uploads\/2017\/04\/P1070821.jpg?w=423&#038;h=317&#038;ssl=1\" srcset=\"https:\/\/i0.wp.com\/genevieveetbernardauxameriques.fr\/wp-content\/uploads\/2017\/04\/P1070821.jpg?w=720&amp;ssl=1 720w, https:\/\/i0.wp.com\/genevieveetbernardauxameriques.fr\/wp-content\/uploads\/2017\/04\/P1070821.jpg?resize=300%2C225&amp;ssl=1 300w\" width=\"423\" height=\"317\" loading=\"lazy\" data-original-width=\"423\" data-original-height=\"317\" itemprop=\"http:\/\/schema.org\/image\" title=\"P1070821\" alt=\"P1070821\" style=\"width: 423px; height: 317px;\" \/> <\/a> <\/div> <\/div> <!-- close group --> <div class=\"gallery-group images-2\" style=\"width: 213px; height: 321px;\" data-original-width=\"213\" data-original-height=\"321\" > <div class=\"tiled-gallery-item tiled-gallery-item-small\" itemprop=\"associatedMedia\" itemscope itemtype=\"http:\/\/schema.org\/ImageObject\"> <a href=\"https:\/\/genevieveetbernardauxameriques.fr\/index.php\/2017\/04\/06\/colombie-2eme-article-la-route-du-cafe\/p1070820\/\" border=\"0\" itemprop=\"url\"> <meta itemprop=\"width\" content=\"209\"> <meta itemprop=\"height\" content=\"157\"> <img decoding=\"async\" class=\"\" data-attachment-id=\"17829\" data-orig-file=\"https:\/\/genevieveetbernardauxameriques.fr\/wp-content\/uploads\/2017\/04\/P1070820.jpg\" data-orig-size=\"720,540\" data-comments-opened=\"1\" data-image-meta=\"{&quot;aperture&quot;:&quot;3.3&quot;,&quot;credit&quot;:&quot;&quot;,&quot;camera&quot;:&quot;DMC-TZ55&quot;,&quot;caption&quot;:&quot;&quot;,&quot;created_timestamp&quot;:&quot;1491155841&quot;,&quot;copyright&quot;:&quot;&quot;,&quot;focal_length&quot;:&quot;4.3&quot;,&quot;iso&quot;:&quot;1000&quot;,&quot;shutter_speed&quot;:&quot;0.04&quot;,&quot;title&quot;:&quot;&quot;,&quot;orientation&quot;:&quot;1&quot;}\" data-image-title=\"P1070820\" data-image-description=\"\" data-medium-file=\"https:\/\/i0.wp.com\/genevieveetbernardauxameriques.fr\/wp-content\/uploads\/2017\/04\/P1070820.jpg?fit=300%2C225&#038;ssl=1\" data-large-file=\"https:\/\/i0.wp.com\/genevieveetbernardauxameriques.fr\/wp-content\/uploads\/2017\/04\/P1070820.jpg?fit=640%2C480&#038;ssl=1\" src=\"https:\/\/i0.wp.com\/genevieveetbernardauxameriques.fr\/wp-content\/uploads\/2017\/04\/P1070820.jpg?w=209&#038;h=157&#038;ssl=1\" srcset=\"https:\/\/i0.wp.com\/genevieveetbernardauxameriques.fr\/wp-content\/uploads\/2017\/04\/P1070820.jpg?w=720&amp;ssl=1 720w, https:\/\/i0.wp.com\/genevieveetbernardauxameriques.fr\/wp-content\/uploads\/2017\/04\/P1070820.jpg?resize=300%2C225&amp;ssl=1 300w\" width=\"209\" height=\"157\" loading=\"lazy\" data-original-width=\"209\" data-original-height=\"157\" itemprop=\"http:\/\/schema.org\/image\" title=\"P1070820\" alt=\"P1070820\" style=\"width: 209px; height: 157px;\" \/> <\/a> <\/div> <div class=\"tiled-gallery-item tiled-gallery-item-small\" itemprop=\"associatedMedia\" itemscope itemtype=\"http:\/\/schema.org\/ImageObject\"> <a href=\"https:\/\/genevieveetbernardauxameriques.fr\/index.php\/2017\/04\/06\/colombie-2eme-article-la-route-du-cafe\/p1070818\/\" border=\"0\" itemprop=\"url\"> <meta itemprop=\"width\" content=\"209\"> <meta itemprop=\"height\" content=\"156\"> <img decoding=\"async\" class=\"\" data-attachment-id=\"17827\" data-orig-file=\"https:\/\/genevieveetbernardauxameriques.fr\/wp-content\/uploads\/2017\/04\/P1070818.jpg\" data-orig-size=\"720,540\" data-comments-opened=\"1\" data-image-meta=\"{&quot;aperture&quot;:&quot;3.3&quot;,&quot;credit&quot;:&quot;&quot;,&quot;camera&quot;:&quot;DMC-TZ55&quot;,&quot;caption&quot;:&quot;&quot;,&quot;created_timestamp&quot;:&quot;1491155799&quot;,&quot;copyright&quot;:&quot;&quot;,&quot;focal_length&quot;:&quot;4.3&quot;,&quot;iso&quot;:&quot;640&quot;,&quot;shutter_speed&quot;:&quot;0.125&quot;,&quot;title&quot;:&quot;&quot;,&quot;orientation&quot;:&quot;1&quot;}\" data-image-title=\"P1070818\" data-image-description=\"\" data-medium-file=\"https:\/\/i0.wp.com\/genevieveetbernardauxameriques.fr\/wp-content\/uploads\/2017\/04\/P1070818.jpg?fit=300%2C225&#038;ssl=1\" data-large-file=\"https:\/\/i0.wp.com\/genevieveetbernardauxameriques.fr\/wp-content\/uploads\/2017\/04\/P1070818.jpg?fit=640%2C480&#038;ssl=1\" src=\"https:\/\/i0.wp.com\/genevieveetbernardauxameriques.fr\/wp-content\/uploads\/2017\/04\/P1070818.jpg?w=209&#038;h=156&#038;ssl=1\" srcset=\"https:\/\/i0.wp.com\/genevieveetbernardauxameriques.fr\/wp-content\/uploads\/2017\/04\/P1070818.jpg?w=720&amp;ssl=1 720w, https:\/\/i0.wp.com\/genevieveetbernardauxameriques.fr\/wp-content\/uploads\/2017\/04\/P1070818.jpg?resize=300%2C225&amp;ssl=1 300w\" width=\"209\" height=\"156\" loading=\"lazy\" data-original-width=\"209\" data-original-height=\"156\" itemprop=\"http:\/\/schema.org\/image\" title=\"P1070818\" alt=\"P1070818\" style=\"width: 209px; height: 156px;\" \/> <\/a> <\/div> <\/div> <!-- close group --> <\/div> <!-- close row --> <div class=\"gallery-row\" style=\"width: 640px; height: 161px;\" data-original-width=\"640\" data-original-height=\"161\" > <div class=\"gallery-group images-1\" style=\"width: 214px; height: 161px;\" data-original-width=\"214\" data-original-height=\"161\" > <div class=\"tiled-gallery-item tiled-gallery-item-small\" itemprop=\"associatedMedia\" itemscope itemtype=\"http:\/\/schema.org\/ImageObject\"> <a href=\"https:\/\/genevieveetbernardauxameriques.fr\/index.php\/2017\/04\/06\/colombie-2eme-article-la-route-du-cafe\/p1070817\/\" border=\"0\" itemprop=\"url\"> <meta itemprop=\"width\" content=\"210\"> <meta itemprop=\"height\" content=\"157\"> <img decoding=\"async\" class=\"\" data-attachment-id=\"17826\" data-orig-file=\"https:\/\/genevieveetbernardauxameriques.fr\/wp-content\/uploads\/2017\/04\/P1070817.jpg\" data-orig-size=\"720,540\" data-comments-opened=\"1\" data-image-meta=\"{&quot;aperture&quot;:&quot;3.3&quot;,&quot;credit&quot;:&quot;&quot;,&quot;camera&quot;:&quot;DMC-TZ55&quot;,&quot;caption&quot;:&quot;&quot;,&quot;created_timestamp&quot;:&quot;1491155690&quot;,&quot;copyright&quot;:&quot;&quot;,&quot;focal_length&quot;:&quot;4.3&quot;,&quot;iso&quot;:&quot;640&quot;,&quot;shutter_speed&quot;:&quot;0.04&quot;,&quot;title&quot;:&quot;&quot;,&quot;orientation&quot;:&quot;1&quot;}\" data-image-title=\"P1070817\" data-image-description=\"\" data-medium-file=\"https:\/\/i0.wp.com\/genevieveetbernardauxameriques.fr\/wp-content\/uploads\/2017\/04\/P1070817.jpg?fit=300%2C225&#038;ssl=1\" data-large-file=\"https:\/\/i0.wp.com\/genevieveetbernardauxameriques.fr\/wp-content\/uploads\/2017\/04\/P1070817.jpg?fit=640%2C480&#038;ssl=1\" src=\"https:\/\/i0.wp.com\/genevieveetbernardauxameriques.fr\/wp-content\/uploads\/2017\/04\/P1070817.jpg?w=210&#038;h=157&#038;ssl=1\" srcset=\"https:\/\/i0.wp.com\/genevieveetbernardauxameriques.fr\/wp-content\/uploads\/2017\/04\/P1070817.jpg?w=720&amp;ssl=1 720w, https:\/\/i0.wp.com\/genevieveetbernardauxameriques.fr\/wp-content\/uploads\/2017\/04\/P1070817.jpg?resize=300%2C225&amp;ssl=1 300w\" width=\"210\" height=\"157\" loading=\"lazy\" data-original-width=\"210\" data-original-height=\"157\" itemprop=\"http:\/\/schema.org\/image\" title=\"P1070817\" alt=\"P1070817\" style=\"width: 210px; height: 157px;\" \/> <\/a> <\/div> <\/div> <!-- close group --> <div class=\"gallery-group images-1\" style=\"width: 213px; height: 161px;\" data-original-width=\"213\" data-original-height=\"161\" > <div class=\"tiled-gallery-item tiled-gallery-item-small\" itemprop=\"associatedMedia\" itemscope itemtype=\"http:\/\/schema.org\/ImageObject\"> <a href=\"https:\/\/genevieveetbernardauxameriques.fr\/index.php\/2017\/04\/06\/colombie-2eme-article-la-route-du-cafe\/p1070813\/\" border=\"0\" itemprop=\"url\"> <meta itemprop=\"width\" content=\"209\"> <meta itemprop=\"height\" content=\"157\"> <img decoding=\"async\" class=\"\" data-attachment-id=\"17823\" data-orig-file=\"https:\/\/genevieveetbernardauxameriques.fr\/wp-content\/uploads\/2017\/04\/P1070813.jpg\" data-orig-size=\"720,540\" data-comments-opened=\"1\" data-image-meta=\"{&quot;aperture&quot;:&quot;3.3&quot;,&quot;credit&quot;:&quot;&quot;,&quot;camera&quot;:&quot;DMC-TZ55&quot;,&quot;caption&quot;:&quot;&quot;,&quot;created_timestamp&quot;:&quot;1491155557&quot;,&quot;copyright&quot;:&quot;&quot;,&quot;focal_length&quot;:&quot;4.3&quot;,&quot;iso&quot;:&quot;400&quot;,&quot;shutter_speed&quot;:&quot;0.1&quot;,&quot;title&quot;:&quot;&quot;,&quot;orientation&quot;:&quot;1&quot;}\" data-image-title=\"P1070813\" data-image-description=\"\" data-medium-file=\"https:\/\/i0.wp.com\/genevieveetbernardauxameriques.fr\/wp-content\/uploads\/2017\/04\/P1070813.jpg?fit=300%2C225&#038;ssl=1\" data-large-file=\"https:\/\/i0.wp.com\/genevieveetbernardauxameriques.fr\/wp-content\/uploads\/2017\/04\/P1070813.jpg?fit=640%2C480&#038;ssl=1\" src=\"https:\/\/i0.wp.com\/genevieveetbernardauxameriques.fr\/wp-content\/uploads\/2017\/04\/P1070813.jpg?w=209&#038;h=157&#038;ssl=1\" srcset=\"https:\/\/i0.wp.com\/genevieveetbernardauxameriques.fr\/wp-content\/uploads\/2017\/04\/P1070813.jpg?w=720&amp;ssl=1 720w, https:\/\/i0.wp.com\/genevieveetbernardauxameriques.fr\/wp-content\/uploads\/2017\/04\/P1070813.jpg?resize=300%2C225&amp;ssl=1 300w\" width=\"209\" height=\"157\" loading=\"lazy\" data-original-width=\"209\" data-original-height=\"157\" itemprop=\"http:\/\/schema.org\/image\" title=\"P1070813\" alt=\"P1070813\" style=\"width: 209px; height: 157px;\" \/> <\/a> <\/div> <\/div> <!-- close group --> <div class=\"gallery-group images-1\" style=\"width: 213px; height: 161px;\" data-original-width=\"213\" data-original-height=\"161\" > <div class=\"tiled-gallery-item tiled-gallery-item-small\" itemprop=\"associatedMedia\" itemscope itemtype=\"http:\/\/schema.org\/ImageObject\"> <a href=\"https:\/\/genevieveetbernardauxameriques.fr\/index.php\/2017\/04\/06\/colombie-2eme-article-la-route-du-cafe\/p1070812\/\" border=\"0\" itemprop=\"url\"> <meta itemprop=\"width\" content=\"209\"> <meta itemprop=\"height\" content=\"157\"> <img decoding=\"async\" class=\"\" data-attachment-id=\"17822\" data-orig-file=\"https:\/\/genevieveetbernardauxameriques.fr\/wp-content\/uploads\/2017\/04\/P1070812.jpg\" data-orig-size=\"720,540\" data-comments-opened=\"1\" data-image-meta=\"{&quot;aperture&quot;:&quot;3.3&quot;,&quot;credit&quot;:&quot;&quot;,&quot;camera&quot;:&quot;DMC-TZ55&quot;,&quot;caption&quot;:&quot;&quot;,&quot;created_timestamp&quot;:&quot;1491155526&quot;,&quot;copyright&quot;:&quot;&quot;,&quot;focal_length&quot;:&quot;4.3&quot;,&quot;iso&quot;:&quot;1000&quot;,&quot;shutter_speed&quot;:&quot;0.025&quot;,&quot;title&quot;:&quot;&quot;,&quot;orientation&quot;:&quot;1&quot;}\" data-image-title=\"P1070812\" data-image-description=\"\" data-medium-file=\"https:\/\/i0.wp.com\/genevieveetbernardauxameriques.fr\/wp-content\/uploads\/2017\/04\/P1070812.jpg?fit=300%2C225&#038;ssl=1\" data-large-file=\"https:\/\/i0.wp.com\/genevieveetbernardauxameriques.fr\/wp-content\/uploads\/2017\/04\/P1070812.jpg?fit=640%2C480&#038;ssl=1\" src=\"https:\/\/i0.wp.com\/genevieveetbernardauxameriques.fr\/wp-content\/uploads\/2017\/04\/P1070812.jpg?w=209&#038;h=157&#038;ssl=1\" srcset=\"https:\/\/i0.wp.com\/genevieveetbernardauxameriques.fr\/wp-content\/uploads\/2017\/04\/P1070812.jpg?w=720&amp;ssl=1 720w, https:\/\/i0.wp.com\/genevieveetbernardauxameriques.fr\/wp-content\/uploads\/2017\/04\/P1070812.jpg?resize=300%2C225&amp;ssl=1 300w\" width=\"209\" height=\"157\" loading=\"lazy\" data-original-width=\"209\" data-original-height=\"157\" itemprop=\"http:\/\/schema.org\/image\" title=\"P1070812\" alt=\"P1070812\" style=\"width: 209px; height: 157px;\" \/> <\/a> <\/div> <\/div> <!-- close group --> <\/div> <!-- close row --> <div class=\"gallery-row\" style=\"width: 640px; height: 536px;\" data-original-width=\"640\" data-original-height=\"536\" > <div class=\"gallery-group images-3\" style=\"width: 237px; height: 536px;\" data-original-width=\"237\" data-original-height=\"536\" > <div class=\"tiled-gallery-item tiled-gallery-item-small\" itemprop=\"associatedMedia\" itemscope itemtype=\"http:\/\/schema.org\/ImageObject\"> <a href=\"https:\/\/genevieveetbernardauxameriques.fr\/index.php\/2017\/04\/06\/colombie-2eme-article-la-route-du-cafe\/p1070811\/\" border=\"0\" itemprop=\"url\"> <meta itemprop=\"width\" content=\"233\"> <meta itemprop=\"height\" content=\"175\"> <img decoding=\"async\" class=\"\" data-attachment-id=\"17821\" data-orig-file=\"https:\/\/genevieveetbernardauxameriques.fr\/wp-content\/uploads\/2017\/04\/P1070811.jpg\" data-orig-size=\"720,540\" data-comments-opened=\"1\" data-image-meta=\"{&quot;aperture&quot;:&quot;3.3&quot;,&quot;credit&quot;:&quot;&quot;,&quot;camera&quot;:&quot;DMC-TZ55&quot;,&quot;caption&quot;:&quot;&quot;,&quot;created_timestamp&quot;:&quot;1491155508&quot;,&quot;copyright&quot;:&quot;&quot;,&quot;focal_length&quot;:&quot;4.3&quot;,&quot;iso&quot;:&quot;1000&quot;,&quot;shutter_speed&quot;:&quot;0.033333333333333&quot;,&quot;title&quot;:&quot;&quot;,&quot;orientation&quot;:&quot;1&quot;}\" data-image-title=\"P1070811\" data-image-description=\"\" data-medium-file=\"https:\/\/i0.wp.com\/genevieveetbernardauxameriques.fr\/wp-content\/uploads\/2017\/04\/P1070811.jpg?fit=300%2C225&#038;ssl=1\" data-large-file=\"https:\/\/i0.wp.com\/genevieveetbernardauxameriques.fr\/wp-content\/uploads\/2017\/04\/P1070811.jpg?fit=640%2C480&#038;ssl=1\" src=\"https:\/\/i0.wp.com\/genevieveetbernardauxameriques.fr\/wp-content\/uploads\/2017\/04\/P1070811.jpg?w=233&#038;h=175&#038;ssl=1\" srcset=\"https:\/\/i0.wp.com\/genevieveetbernardauxameriques.fr\/wp-content\/uploads\/2017\/04\/P1070811.jpg?w=720&amp;ssl=1 720w, https:\/\/i0.wp.com\/genevieveetbernardauxameriques.fr\/wp-content\/uploads\/2017\/04\/P1070811.jpg?resize=300%2C225&amp;ssl=1 300w\" width=\"233\" height=\"175\" loading=\"lazy\" data-original-width=\"233\" data-original-height=\"175\" itemprop=\"http:\/\/schema.org\/image\" title=\"P1070811\" alt=\"P1070811\" style=\"width: 233px; height: 175px;\" \/> <\/a> <\/div> <div class=\"tiled-gallery-item tiled-gallery-item-small\" itemprop=\"associatedMedia\" itemscope itemtype=\"http:\/\/schema.org\/ImageObject\"> <a href=\"https:\/\/genevieveetbernardauxameriques.fr\/index.php\/2017\/04\/06\/colombie-2eme-article-la-route-du-cafe\/p1070809\/\" border=\"0\" itemprop=\"url\"> <meta itemprop=\"width\" content=\"233\"> <meta itemprop=\"height\" content=\"175\"> <img decoding=\"async\" class=\"\" data-attachment-id=\"17819\" data-orig-file=\"https:\/\/genevieveetbernardauxameriques.fr\/wp-content\/uploads\/2017\/04\/P1070809.jpg\" data-orig-size=\"720,540\" data-comments-opened=\"1\" data-image-meta=\"{&quot;aperture&quot;:&quot;3.3&quot;,&quot;credit&quot;:&quot;&quot;,&quot;camera&quot;:&quot;DMC-TZ55&quot;,&quot;caption&quot;:&quot;&quot;,&quot;created_timestamp&quot;:&quot;1491155479&quot;,&quot;copyright&quot;:&quot;&quot;,&quot;focal_length&quot;:&quot;4.3&quot;,&quot;iso&quot;:&quot;400&quot;,&quot;shutter_speed&quot;:&quot;0.076923076923077&quot;,&quot;title&quot;:&quot;&quot;,&quot;orientation&quot;:&quot;1&quot;}\" data-image-title=\"P1070809\" data-image-description=\"\" data-medium-file=\"https:\/\/i0.wp.com\/genevieveetbernardauxameriques.fr\/wp-content\/uploads\/2017\/04\/P1070809.jpg?fit=300%2C225&#038;ssl=1\" data-large-file=\"https:\/\/i0.wp.com\/genevieveetbernardauxameriques.fr\/wp-content\/uploads\/2017\/04\/P1070809.jpg?fit=640%2C480&#038;ssl=1\" src=\"https:\/\/i0.wp.com\/genevieveetbernardauxameriques.fr\/wp-content\/uploads\/2017\/04\/P1070809.jpg?w=233&#038;h=175&#038;ssl=1\" srcset=\"https:\/\/i0.wp.com\/genevieveetbernardauxameriques.fr\/wp-content\/uploads\/2017\/04\/P1070809.jpg?w=720&amp;ssl=1 720w, https:\/\/i0.wp.com\/genevieveetbernardauxameriques.fr\/wp-content\/uploads\/2017\/04\/P1070809.jpg?resize=300%2C225&amp;ssl=1 300w\" width=\"233\" height=\"175\" loading=\"lazy\" data-original-width=\"233\" data-original-height=\"175\" itemprop=\"http:\/\/schema.org\/image\" title=\"P1070809\" alt=\"P1070809\" style=\"width: 233px; height: 175px;\" \/> <\/a> <\/div> <div class=\"tiled-gallery-item tiled-gallery-item-small\" itemprop=\"associatedMedia\" itemscope itemtype=\"http:\/\/schema.org\/ImageObject\"> <a href=\"https:\/\/genevieveetbernardauxameriques.fr\/index.php\/2017\/04\/06\/colombie-2eme-article-la-route-du-cafe\/p1070805\/\" border=\"0\" itemprop=\"url\"> <meta itemprop=\"width\" content=\"233\"> <meta itemprop=\"height\" content=\"174\"> <img decoding=\"async\" class=\"\" data-attachment-id=\"17815\" data-orig-file=\"https:\/\/genevieveetbernardauxameriques.fr\/wp-content\/uploads\/2017\/04\/P1070805.jpg\" data-orig-size=\"720,540\" data-comments-opened=\"1\" data-image-meta=\"{&quot;aperture&quot;:&quot;3.3&quot;,&quot;credit&quot;:&quot;&quot;,&quot;camera&quot;:&quot;DMC-TZ55&quot;,&quot;caption&quot;:&quot;&quot;,&quot;created_timestamp&quot;:&quot;1491155428&quot;,&quot;copyright&quot;:&quot;&quot;,&quot;focal_length&quot;:&quot;4.3&quot;,&quot;iso&quot;:&quot;1600&quot;,&quot;shutter_speed&quot;:&quot;0.02&quot;,&quot;title&quot;:&quot;&quot;,&quot;orientation&quot;:&quot;1&quot;}\" data-image-title=\"P1070805\" data-image-description=\"\" data-medium-file=\"https:\/\/i0.wp.com\/genevieveetbernardauxameriques.fr\/wp-content\/uploads\/2017\/04\/P1070805.jpg?fit=300%2C225&#038;ssl=1\" data-large-file=\"https:\/\/i0.wp.com\/genevieveetbernardauxameriques.fr\/wp-content\/uploads\/2017\/04\/P1070805.jpg?fit=640%2C480&#038;ssl=1\" src=\"https:\/\/i0.wp.com\/genevieveetbernardauxameriques.fr\/wp-content\/uploads\/2017\/04\/P1070805.jpg?w=233&#038;h=174&#038;ssl=1\" srcset=\"https:\/\/i0.wp.com\/genevieveetbernardauxameriques.fr\/wp-content\/uploads\/2017\/04\/P1070805.jpg?w=720&amp;ssl=1 720w, https:\/\/i0.wp.com\/genevieveetbernardauxameriques.fr\/wp-content\/uploads\/2017\/04\/P1070805.jpg?resize=300%2C225&amp;ssl=1 300w\" width=\"233\" height=\"174\" loading=\"lazy\" data-original-width=\"233\" data-original-height=\"174\" itemprop=\"http:\/\/schema.org\/image\" title=\"P1070805\" alt=\"P1070805\" style=\"width: 233px; height: 174px;\" \/> <\/a> <\/div> <\/div> <!-- close group --> <div class=\"gallery-group images-1\" style=\"width: 403px; height: 536px;\" data-original-width=\"403\" data-original-height=\"536\" > <div class=\"tiled-gallery-item tiled-gallery-item-large\" itemprop=\"associatedMedia\" itemscope itemtype=\"http:\/\/schema.org\/ImageObject\"> <a href=\"https:\/\/genevieveetbernardauxameriques.fr\/index.php\/2017\/04\/06\/colombie-2eme-article-la-route-du-cafe\/p1070804\/\" border=\"0\" itemprop=\"url\"> <meta itemprop=\"width\" content=\"399\"> <meta itemprop=\"height\" content=\"532\"> <img decoding=\"async\" class=\"\" data-attachment-id=\"17814\" data-orig-file=\"https:\/\/genevieveetbernardauxameriques.fr\/wp-content\/uploads\/2017\/04\/P1070804.jpg\" data-orig-size=\"540,720\" data-comments-opened=\"1\" data-image-meta=\"{&quot;aperture&quot;:&quot;3.3&quot;,&quot;credit&quot;:&quot;&quot;,&quot;camera&quot;:&quot;DMC-TZ55&quot;,&quot;caption&quot;:&quot;&quot;,&quot;created_timestamp&quot;:&quot;1491155422&quot;,&quot;copyright&quot;:&quot;&quot;,&quot;focal_length&quot;:&quot;4.3&quot;,&quot;iso&quot;:&quot;400&quot;,&quot;shutter_speed&quot;:&quot;0.066666666666667&quot;,&quot;title&quot;:&quot;&quot;,&quot;orientation&quot;:&quot;1&quot;}\" data-image-title=\"P1070804\" data-image-description=\"\" data-medium-file=\"https:\/\/i0.wp.com\/genevieveetbernardauxameriques.fr\/wp-content\/uploads\/2017\/04\/P1070804.jpg?fit=225%2C300&#038;ssl=1\" data-large-file=\"https:\/\/i0.wp.com\/genevieveetbernardauxameriques.fr\/wp-content\/uploads\/2017\/04\/P1070804.jpg?fit=540%2C720&#038;ssl=1\" src=\"https:\/\/i0.wp.com\/genevieveetbernardauxameriques.fr\/wp-content\/uploads\/2017\/04\/P1070804.jpg?w=399&#038;h=532&#038;ssl=1\" srcset=\"https:\/\/i0.wp.com\/genevieveetbernardauxameriques.fr\/wp-content\/uploads\/2017\/04\/P1070804.jpg?w=540&amp;ssl=1 540w, https:\/\/i0.wp.com\/genevieveetbernardauxameriques.fr\/wp-content\/uploads\/2017\/04\/P1070804.jpg?resize=225%2C300&amp;ssl=1 225w\" width=\"399\" height=\"532\" loading=\"lazy\" data-original-width=\"399\" data-original-height=\"532\" itemprop=\"http:\/\/schema.org\/image\" title=\"P1070804\" alt=\"P1070804\" style=\"width: 399px; height: 532px;\" \/> <\/a> <\/div> <\/div> <!-- close group --> <\/div> <!-- close row --> <div class=\"gallery-row\" style=\"width: 640px; height: 425px;\" data-original-width=\"640\" data-original-height=\"425\" > <div class=\"gallery-group images-1\" style=\"width: 320px; height: 425px;\" data-original-width=\"320\" data-original-height=\"425\" > <div class=\"tiled-gallery-item tiled-gallery-item-large\" itemprop=\"associatedMedia\" itemscope itemtype=\"http:\/\/schema.org\/ImageObject\"> <a href=\"https:\/\/genevieveetbernardauxameriques.fr\/index.php\/2017\/04\/06\/colombie-2eme-article-la-route-du-cafe\/p1070806\/\" border=\"0\" itemprop=\"url\"> <meta itemprop=\"width\" content=\"316\"> <meta itemprop=\"height\" content=\"421\"> <img decoding=\"async\" class=\"\" data-attachment-id=\"17816\" data-orig-file=\"https:\/\/genevieveetbernardauxameriques.fr\/wp-content\/uploads\/2017\/04\/P1070806.jpg\" data-orig-size=\"540,720\" data-comments-opened=\"1\" data-image-meta=\"{&quot;aperture&quot;:&quot;3.3&quot;,&quot;credit&quot;:&quot;&quot;,&quot;camera&quot;:&quot;DMC-TZ55&quot;,&quot;caption&quot;:&quot;&quot;,&quot;created_timestamp&quot;:&quot;1491155450&quot;,&quot;copyright&quot;:&quot;&quot;,&quot;focal_length&quot;:&quot;4.3&quot;,&quot;iso&quot;:&quot;1600&quot;,&quot;shutter_speed&quot;:&quot;0.016666666666667&quot;,&quot;title&quot;:&quot;&quot;,&quot;orientation&quot;:&quot;1&quot;}\" data-image-title=\"P1070806\" data-image-description=\"\" data-medium-file=\"https:\/\/i0.wp.com\/genevieveetbernardauxameriques.fr\/wp-content\/uploads\/2017\/04\/P1070806.jpg?fit=225%2C300&#038;ssl=1\" data-large-file=\"https:\/\/i0.wp.com\/genevieveetbernardauxameriques.fr\/wp-content\/uploads\/2017\/04\/P1070806.jpg?fit=540%2C720&#038;ssl=1\" src=\"https:\/\/i0.wp.com\/genevieveetbernardauxameriques.fr\/wp-content\/uploads\/2017\/04\/P1070806.jpg?w=316&#038;h=421&#038;ssl=1\" srcset=\"https:\/\/i0.wp.com\/genevieveetbernardauxameriques.fr\/wp-content\/uploads\/2017\/04\/P1070806.jpg?w=540&amp;ssl=1 540w, https:\/\/i0.wp.com\/genevieveetbernardauxameriques.fr\/wp-content\/uploads\/2017\/04\/P1070806.jpg?resize=225%2C300&amp;ssl=1 225w\" width=\"316\" height=\"421\" loading=\"lazy\" data-original-width=\"316\" data-original-height=\"421\" itemprop=\"http:\/\/schema.org\/image\" title=\"P1070806\" alt=\"P1070806\" style=\"width: 316px; height: 421px;\" \/> <\/a> <\/div> <\/div> <!-- close group --> <div class=\"gallery-group images-1\" style=\"width: 320px; height: 425px;\" data-original-width=\"320\" data-original-height=\"425\" > <div class=\"tiled-gallery-item tiled-gallery-item-large\" itemprop=\"associatedMedia\" itemscope itemtype=\"http:\/\/schema.org\/ImageObject\"> <a href=\"https:\/\/genevieveetbernardauxameriques.fr\/index.php\/2017\/04\/06\/colombie-2eme-article-la-route-du-cafe\/p1070810\/\" border=\"0\" itemprop=\"url\"> <meta itemprop=\"width\" content=\"316\"> <meta itemprop=\"height\" content=\"421\"> <img decoding=\"async\" class=\"\" data-attachment-id=\"17820\" data-orig-file=\"https:\/\/genevieveetbernardauxameriques.fr\/wp-content\/uploads\/2017\/04\/P1070810.jpg\" data-orig-size=\"540,720\" data-comments-opened=\"1\" data-image-meta=\"{&quot;aperture&quot;:&quot;3.3&quot;,&quot;credit&quot;:&quot;&quot;,&quot;camera&quot;:&quot;DMC-TZ55&quot;,&quot;caption&quot;:&quot;&quot;,&quot;created_timestamp&quot;:&quot;1491155500&quot;,&quot;copyright&quot;:&quot;&quot;,&quot;focal_length&quot;:&quot;4.3&quot;,&quot;iso&quot;:&quot;1600&quot;,&quot;shutter_speed&quot;:&quot;0.0125&quot;,&quot;title&quot;:&quot;&quot;,&quot;orientation&quot;:&quot;1&quot;}\" data-image-title=\"P1070810\" data-image-description=\"\" data-medium-file=\"https:\/\/i0.wp.com\/genevieveetbernardauxameriques.fr\/wp-content\/uploads\/2017\/04\/P1070810.jpg?fit=225%2C300&#038;ssl=1\" data-large-file=\"https:\/\/i0.wp.com\/genevieveetbernardauxameriques.fr\/wp-content\/uploads\/2017\/04\/P1070810.jpg?fit=540%2C720&#038;ssl=1\" src=\"https:\/\/i0.wp.com\/genevieveetbernardauxameriques.fr\/wp-content\/uploads\/2017\/04\/P1070810.jpg?w=316&#038;h=421&#038;ssl=1\" srcset=\"https:\/\/i0.wp.com\/genevieveetbernardauxameriques.fr\/wp-content\/uploads\/2017\/04\/P1070810.jpg?w=540&amp;ssl=1 540w, https:\/\/i0.wp.com\/genevieveetbernardauxameriques.fr\/wp-content\/uploads\/2017\/04\/P1070810.jpg?resize=225%2C300&amp;ssl=1 225w\" width=\"316\" height=\"421\" loading=\"lazy\" data-original-width=\"316\" data-original-height=\"421\" itemprop=\"http:\/\/schema.org\/image\" title=\"P1070810\" alt=\"P1070810\" style=\"width: 316px; height: 421px;\" \/> <\/a> <\/div> <\/div> <!-- close group --> <\/div> <!-- close row --> <div class=\"gallery-row\" style=\"width: 640px; height: 852px;\" data-original-width=\"640\" data-original-height=\"852\" > <div class=\"gallery-group images-1\" style=\"width: 640px; height: 852px;\" data-original-width=\"640\" data-original-height=\"852\" > <div class=\"tiled-gallery-item tiled-gallery-item-large\" itemprop=\"associatedMedia\" itemscope itemtype=\"http:\/\/schema.org\/ImageObject\"> <a href=\"https:\/\/genevieveetbernardauxameriques.fr\/index.php\/2017\/04\/06\/colombie-2eme-article-la-route-du-cafe\/p1070807\/\" border=\"0\" itemprop=\"url\"> <meta itemprop=\"width\" content=\"636\"> <meta itemprop=\"height\" content=\"848\"> <img decoding=\"async\" class=\"\" data-attachment-id=\"17817\" data-orig-file=\"https:\/\/genevieveetbernardauxameriques.fr\/wp-content\/uploads\/2017\/04\/P1070807.jpg\" data-orig-size=\"540,720\" data-comments-opened=\"1\" data-image-meta=\"{&quot;aperture&quot;:&quot;3.3&quot;,&quot;credit&quot;:&quot;&quot;,&quot;camera&quot;:&quot;DMC-TZ55&quot;,&quot;caption&quot;:&quot;&quot;,&quot;created_timestamp&quot;:&quot;1491155459&quot;,&quot;copyright&quot;:&quot;&quot;,&quot;focal_length&quot;:&quot;4.3&quot;,&quot;iso&quot;:&quot;1600&quot;,&quot;shutter_speed&quot;:&quot;0.025&quot;,&quot;title&quot;:&quot;&quot;,&quot;orientation&quot;:&quot;1&quot;}\" data-image-title=\"P1070807\" data-image-description=\"\" data-medium-file=\"https:\/\/i0.wp.com\/genevieveetbernardauxameriques.fr\/wp-content\/uploads\/2017\/04\/P1070807.jpg?fit=225%2C300&#038;ssl=1\" data-large-file=\"https:\/\/i0.wp.com\/genevieveetbernardauxameriques.fr\/wp-content\/uploads\/2017\/04\/P1070807.jpg?fit=540%2C720&#038;ssl=1\" src=\"https:\/\/i0.wp.com\/genevieveetbernardauxameriques.fr\/wp-content\/uploads\/2017\/04\/P1070807.jpg?w=636&#038;h=848&#038;ssl=1\" srcset=\"https:\/\/i0.wp.com\/genevieveetbernardauxameriques.fr\/wp-content\/uploads\/2017\/04\/P1070807.jpg?w=540&amp;ssl=1 540w, https:\/\/i0.wp.com\/genevieveetbernardauxameriques.fr\/wp-content\/uploads\/2017\/04\/P1070807.jpg?resize=225%2C300&amp;ssl=1 225w\" width=\"636\" height=\"848\" loading=\"lazy\" data-original-width=\"636\" data-original-height=\"848\" itemprop=\"http:\/\/schema.org\/image\" title=\"P1070807\" alt=\"P1070807\" style=\"width: 636px; height: 848px;\" \/> <\/a> <\/div> <\/div> <!-- close group --> <\/div> <!-- close row --> <\/div>\n<hr \/>\n<p>Dans d&rsquo;autres salles, on nous explique la fabrique des c\u00e9ramiques<\/p>\n<p><img loading=\"lazy\" decoding=\"async\" data-attachment-id=\"17844\" data-permalink=\"https:\/\/genevieveetbernardauxameriques.fr\/index.php\/2017\/04\/06\/colombie-2eme-article-la-route-du-cafe\/p1070835\/\" data-orig-file=\"https:\/\/i0.wp.com\/genevieveetbernardauxameriques.fr\/wp-content\/uploads\/2017\/04\/P1070835.jpg?fit=720%2C540&amp;ssl=1\" data-orig-size=\"720,540\" data-comments-opened=\"1\" data-image-meta=\"{&quot;aperture&quot;:&quot;3.3&quot;,&quot;credit&quot;:&quot;&quot;,&quot;camera&quot;:&quot;DMC-TZ55&quot;,&quot;caption&quot;:&quot;&quot;,&quot;created_timestamp&quot;:&quot;1491160163&quot;,&quot;copyright&quot;:&quot;&quot;,&quot;focal_length&quot;:&quot;4.3&quot;,&quot;iso&quot;:&quot;400&quot;,&quot;shutter_speed&quot;:&quot;0.025&quot;,&quot;title&quot;:&quot;&quot;,&quot;orientation&quot;:&quot;1&quot;}\" data-image-title=\"P1070835\" data-image-description=\"\" data-image-caption=\"\" data-medium-file=\"https:\/\/i0.wp.com\/genevieveetbernardauxameriques.fr\/wp-content\/uploads\/2017\/04\/P1070835.jpg?fit=300%2C225&amp;ssl=1\" data-large-file=\"https:\/\/i0.wp.com\/genevieveetbernardauxameriques.fr\/wp-content\/uploads\/2017\/04\/P1070835.jpg?fit=640%2C480&amp;ssl=1\" class=\"alignnone size-full wp-image-17844\" src=\"https:\/\/i0.wp.com\/genevieveetbernardauxameriques.fr\/wp-content\/uploads\/2017\/04\/P1070835.jpg?resize=640%2C480&#038;ssl=1\" alt=\"\" width=\"640\" height=\"480\" srcset=\"https:\/\/i0.wp.com\/genevieveetbernardauxameriques.fr\/wp-content\/uploads\/2017\/04\/P1070835.jpg?w=720&amp;ssl=1 720w, https:\/\/i0.wp.com\/genevieveetbernardauxameriques.fr\/wp-content\/uploads\/2017\/04\/P1070835.jpg?resize=300%2C225&amp;ssl=1 300w\" sizes=\"(max-width: 640px) 100vw, 640px\" data-recalc-dims=\"1\" \/> <a href=\"https:\/\/i0.wp.com\/genevieveetbernardauxameriques.fr\/wp-content\/uploads\/2017\/04\/P1070834.jpg?ssl=1\"><img loading=\"lazy\" decoding=\"async\" data-attachment-id=\"17843\" data-permalink=\"https:\/\/genevieveetbernardauxameriques.fr\/index.php\/2017\/04\/06\/colombie-2eme-article-la-route-du-cafe\/p1070834\/\" data-orig-file=\"https:\/\/i0.wp.com\/genevieveetbernardauxameriques.fr\/wp-content\/uploads\/2017\/04\/P1070834.jpg?fit=540%2C720&amp;ssl=1\" data-orig-size=\"540,720\" data-comments-opened=\"1\" data-image-meta=\"{&quot;aperture&quot;:&quot;3.3&quot;,&quot;credit&quot;:&quot;&quot;,&quot;camera&quot;:&quot;DMC-TZ55&quot;,&quot;caption&quot;:&quot;&quot;,&quot;created_timestamp&quot;:&quot;1491160152&quot;,&quot;copyright&quot;:&quot;&quot;,&quot;focal_length&quot;:&quot;4.3&quot;,&quot;iso&quot;:&quot;400&quot;,&quot;shutter_speed&quot;:&quot;0.04&quot;,&quot;title&quot;:&quot;&quot;,&quot;orientation&quot;:&quot;1&quot;}\" data-image-title=\"P1070834\" data-image-description=\"\" data-image-caption=\"\" data-medium-file=\"https:\/\/i0.wp.com\/genevieveetbernardauxameriques.fr\/wp-content\/uploads\/2017\/04\/P1070834.jpg?fit=225%2C300&amp;ssl=1\" data-large-file=\"https:\/\/i0.wp.com\/genevieveetbernardauxameriques.fr\/wp-content\/uploads\/2017\/04\/P1070834.jpg?fit=540%2C720&amp;ssl=1\" class=\"wp-image-17843 aligncenter\" src=\"https:\/\/i0.wp.com\/genevieveetbernardauxameriques.fr\/wp-content\/uploads\/2017\/04\/P1070834.jpg?resize=325%2C433&#038;ssl=1\" alt=\"\" width=\"325\" height=\"433\" srcset=\"https:\/\/i0.wp.com\/genevieveetbernardauxameriques.fr\/wp-content\/uploads\/2017\/04\/P1070834.jpg?w=540&amp;ssl=1 540w, https:\/\/i0.wp.com\/genevieveetbernardauxameriques.fr\/wp-content\/uploads\/2017\/04\/P1070834.jpg?resize=225%2C300&amp;ssl=1 225w\" sizes=\"(max-width: 325px) 100vw, 325px\" data-recalc-dims=\"1\" \/><\/a><\/p>\n<p>Une sculpture de RODIN<\/p>\n<p><img loading=\"lazy\" decoding=\"async\" data-attachment-id=\"17810\" data-permalink=\"https:\/\/genevieveetbernardauxameriques.fr\/index.php\/2017\/04\/06\/colombie-2eme-article-la-route-du-cafe\/p1070799\/\" data-orig-file=\"https:\/\/i0.wp.com\/genevieveetbernardauxameriques.fr\/wp-content\/uploads\/2017\/04\/P1070799.jpg?fit=720%2C540&amp;ssl=1\" data-orig-size=\"720,540\" data-comments-opened=\"1\" data-image-meta=\"{&quot;aperture&quot;:&quot;3.3&quot;,&quot;credit&quot;:&quot;&quot;,&quot;camera&quot;:&quot;DMC-TZ55&quot;,&quot;caption&quot;:&quot;&quot;,&quot;created_timestamp&quot;:&quot;1491155111&quot;,&quot;copyright&quot;:&quot;&quot;,&quot;focal_length&quot;:&quot;4.3&quot;,&quot;iso&quot;:&quot;1600&quot;,&quot;shutter_speed&quot;:&quot;0.025&quot;,&quot;title&quot;:&quot;&quot;,&quot;orientation&quot;:&quot;1&quot;}\" data-image-title=\"P1070799\" data-image-description=\"\" data-image-caption=\"\" data-medium-file=\"https:\/\/i0.wp.com\/genevieveetbernardauxameriques.fr\/wp-content\/uploads\/2017\/04\/P1070799.jpg?fit=300%2C225&amp;ssl=1\" data-large-file=\"https:\/\/i0.wp.com\/genevieveetbernardauxameriques.fr\/wp-content\/uploads\/2017\/04\/P1070799.jpg?fit=640%2C480&amp;ssl=1\" class=\"alignnone size-full wp-image-17810\" src=\"https:\/\/i0.wp.com\/genevieveetbernardauxameriques.fr\/wp-content\/uploads\/2017\/04\/P1070799.jpg?resize=640%2C480&#038;ssl=1\" alt=\"\" width=\"640\" height=\"480\" srcset=\"https:\/\/i0.wp.com\/genevieveetbernardauxameriques.fr\/wp-content\/uploads\/2017\/04\/P1070799.jpg?w=720&amp;ssl=1 720w, https:\/\/i0.wp.com\/genevieveetbernardauxameriques.fr\/wp-content\/uploads\/2017\/04\/P1070799.jpg?resize=300%2C225&amp;ssl=1 300w\" sizes=\"(max-width: 640px) 100vw, 640px\" data-recalc-dims=\"1\" \/><\/p>\n<p>Il y avait \u00e9galement une salle avec une exposition de photographes fran\u00e7ais, qui\u00a0\u00e0 notre avis, ne mettent pas en valeur la France.<\/p>\n<p><a href=\"https:\/\/i0.wp.com\/genevieveetbernardauxameriques.fr\/wp-content\/uploads\/2017\/04\/P1070830.jpg?ssl=1\"><img loading=\"lazy\" decoding=\"async\" data-attachment-id=\"17839\" data-permalink=\"https:\/\/genevieveetbernardauxameriques.fr\/index.php\/2017\/04\/06\/colombie-2eme-article-la-route-du-cafe\/p1070830\/\" data-orig-file=\"https:\/\/i0.wp.com\/genevieveetbernardauxameriques.fr\/wp-content\/uploads\/2017\/04\/P1070830.jpg?fit=720%2C540&amp;ssl=1\" data-orig-size=\"720,540\" data-comments-opened=\"1\" data-image-meta=\"{&quot;aperture&quot;:&quot;3.3&quot;,&quot;credit&quot;:&quot;&quot;,&quot;camera&quot;:&quot;DMC-TZ55&quot;,&quot;caption&quot;:&quot;&quot;,&quot;created_timestamp&quot;:&quot;1491159203&quot;,&quot;copyright&quot;:&quot;&quot;,&quot;focal_length&quot;:&quot;4.3&quot;,&quot;iso&quot;:&quot;400&quot;,&quot;shutter_speed&quot;:&quot;0.033333333333333&quot;,&quot;title&quot;:&quot;&quot;,&quot;orientation&quot;:&quot;1&quot;}\" data-image-title=\"P1070830\" data-image-description=\"\" data-image-caption=\"\" data-medium-file=\"https:\/\/i0.wp.com\/genevieveetbernardauxameriques.fr\/wp-content\/uploads\/2017\/04\/P1070830.jpg?fit=300%2C225&amp;ssl=1\" data-large-file=\"https:\/\/i0.wp.com\/genevieveetbernardauxameriques.fr\/wp-content\/uploads\/2017\/04\/P1070830.jpg?fit=640%2C480&amp;ssl=1\" class=\"alignnone size-full wp-image-17839\" src=\"https:\/\/i0.wp.com\/genevieveetbernardauxameriques.fr\/wp-content\/uploads\/2017\/04\/P1070830.jpg?resize=640%2C480&#038;ssl=1\" alt=\"\" width=\"640\" height=\"480\" srcset=\"https:\/\/i0.wp.com\/genevieveetbernardauxameriques.fr\/wp-content\/uploads\/2017\/04\/P1070830.jpg?w=720&amp;ssl=1 720w, https:\/\/i0.wp.com\/genevieveetbernardauxameriques.fr\/wp-content\/uploads\/2017\/04\/P1070830.jpg?resize=300%2C225&amp;ssl=1 300w\" sizes=\"(max-width: 640px) 100vw, 640px\" data-recalc-dims=\"1\" \/><\/a> <a href=\"https:\/\/i0.wp.com\/genevieveetbernardauxameriques.fr\/wp-content\/uploads\/2017\/04\/P1070831.jpg?ssl=1\"><img loading=\"lazy\" decoding=\"async\" data-attachment-id=\"17840\" data-permalink=\"https:\/\/genevieveetbernardauxameriques.fr\/index.php\/2017\/04\/06\/colombie-2eme-article-la-route-du-cafe\/p1070831\/\" data-orig-file=\"https:\/\/i0.wp.com\/genevieveetbernardauxameriques.fr\/wp-content\/uploads\/2017\/04\/P1070831.jpg?fit=720%2C540&amp;ssl=1\" data-orig-size=\"720,540\" data-comments-opened=\"1\" data-image-meta=\"{&quot;aperture&quot;:&quot;3.3&quot;,&quot;credit&quot;:&quot;&quot;,&quot;camera&quot;:&quot;DMC-TZ55&quot;,&quot;caption&quot;:&quot;&quot;,&quot;created_timestamp&quot;:&quot;1491159359&quot;,&quot;copyright&quot;:&quot;&quot;,&quot;focal_length&quot;:&quot;4.3&quot;,&quot;iso&quot;:&quot;400&quot;,&quot;shutter_speed&quot;:&quot;0.04&quot;,&quot;title&quot;:&quot;&quot;,&quot;orientation&quot;:&quot;1&quot;}\" data-image-title=\"P1070831\" data-image-description=\"\" data-image-caption=\"\" data-medium-file=\"https:\/\/i0.wp.com\/genevieveetbernardauxameriques.fr\/wp-content\/uploads\/2017\/04\/P1070831.jpg?fit=300%2C225&amp;ssl=1\" data-large-file=\"https:\/\/i0.wp.com\/genevieveetbernardauxameriques.fr\/wp-content\/uploads\/2017\/04\/P1070831.jpg?fit=640%2C480&amp;ssl=1\" class=\"alignnone size-full wp-image-17840\" src=\"https:\/\/i0.wp.com\/genevieveetbernardauxameriques.fr\/wp-content\/uploads\/2017\/04\/P1070831.jpg?resize=640%2C480&#038;ssl=1\" alt=\"\" width=\"640\" height=\"480\" srcset=\"https:\/\/i0.wp.com\/genevieveetbernardauxameriques.fr\/wp-content\/uploads\/2017\/04\/P1070831.jpg?w=720&amp;ssl=1 720w, https:\/\/i0.wp.com\/genevieveetbernardauxameriques.fr\/wp-content\/uploads\/2017\/04\/P1070831.jpg?resize=300%2C225&amp;ssl=1 300w\" sizes=\"(max-width: 640px) 100vw, 640px\" data-recalc-dims=\"1\" \/><\/a> <a href=\"https:\/\/i0.wp.com\/genevieveetbernardauxameriques.fr\/wp-content\/uploads\/2017\/04\/P1070832.jpg?ssl=1\"><img loading=\"lazy\" decoding=\"async\" data-attachment-id=\"17841\" data-permalink=\"https:\/\/genevieveetbernardauxameriques.fr\/index.php\/2017\/04\/06\/colombie-2eme-article-la-route-du-cafe\/p1070832\/\" data-orig-file=\"https:\/\/i0.wp.com\/genevieveetbernardauxameriques.fr\/wp-content\/uploads\/2017\/04\/P1070832.jpg?fit=720%2C540&amp;ssl=1\" data-orig-size=\"720,540\" data-comments-opened=\"1\" data-image-meta=\"{&quot;aperture&quot;:&quot;3.3&quot;,&quot;credit&quot;:&quot;&quot;,&quot;camera&quot;:&quot;DMC-TZ55&quot;,&quot;caption&quot;:&quot;&quot;,&quot;created_timestamp&quot;:&quot;1491159365&quot;,&quot;copyright&quot;:&quot;&quot;,&quot;focal_length&quot;:&quot;4.3&quot;,&quot;iso&quot;:&quot;400&quot;,&quot;shutter_speed&quot;:&quot;0.033333333333333&quot;,&quot;title&quot;:&quot;&quot;,&quot;orientation&quot;:&quot;1&quot;}\" data-image-title=\"P1070832\" data-image-description=\"\" data-image-caption=\"\" data-medium-file=\"https:\/\/i0.wp.com\/genevieveetbernardauxameriques.fr\/wp-content\/uploads\/2017\/04\/P1070832.jpg?fit=300%2C225&amp;ssl=1\" data-large-file=\"https:\/\/i0.wp.com\/genevieveetbernardauxameriques.fr\/wp-content\/uploads\/2017\/04\/P1070832.jpg?fit=640%2C480&amp;ssl=1\" class=\"alignnone size-full wp-image-17841\" src=\"https:\/\/i0.wp.com\/genevieveetbernardauxameriques.fr\/wp-content\/uploads\/2017\/04\/P1070832.jpg?resize=640%2C480&#038;ssl=1\" alt=\"\" width=\"640\" height=\"480\" srcset=\"https:\/\/i0.wp.com\/genevieveetbernardauxameriques.fr\/wp-content\/uploads\/2017\/04\/P1070832.jpg?w=720&amp;ssl=1 720w, https:\/\/i0.wp.com\/genevieveetbernardauxameriques.fr\/wp-content\/uploads\/2017\/04\/P1070832.jpg?resize=300%2C225&amp;ssl=1 300w\" sizes=\"(max-width: 640px) 100vw, 640px\" data-recalc-dims=\"1\" \/><\/a><\/p>\n<p>Il n&rsquo;y a pas que des peintures de Botero, d&rsquo;autres peintres colombiens sont \u00e0 l&rsquo;honneur \u00e9galement, mais comme nous ne les connaissons pas, je n&rsquo;ai pas mis leur nom.<\/p>\n<p><a href=\"https:\/\/i0.wp.com\/genevieveetbernardauxameriques.fr\/wp-content\/uploads\/2017\/04\/P1070825.jpg?ssl=1\"><img loading=\"lazy\" decoding=\"async\" data-attachment-id=\"17834\" data-permalink=\"https:\/\/genevieveetbernardauxameriques.fr\/index.php\/2017\/04\/06\/colombie-2eme-article-la-route-du-cafe\/p1070825\/\" data-orig-file=\"https:\/\/i0.wp.com\/genevieveetbernardauxameriques.fr\/wp-content\/uploads\/2017\/04\/P1070825.jpg?fit=720%2C540&amp;ssl=1\" data-orig-size=\"720,540\" data-comments-opened=\"1\" data-image-meta=\"{&quot;aperture&quot;:&quot;3.3&quot;,&quot;credit&quot;:&quot;&quot;,&quot;camera&quot;:&quot;DMC-TZ55&quot;,&quot;caption&quot;:&quot;&quot;,&quot;created_timestamp&quot;:&quot;1491157374&quot;,&quot;copyright&quot;:&quot;&quot;,&quot;focal_length&quot;:&quot;4.3&quot;,&quot;iso&quot;:&quot;1600&quot;,&quot;shutter_speed&quot;:&quot;0.01&quot;,&quot;title&quot;:&quot;&quot;,&quot;orientation&quot;:&quot;1&quot;}\" data-image-title=\"P1070825\" data-image-description=\"\" data-image-caption=\"\" data-medium-file=\"https:\/\/i0.wp.com\/genevieveetbernardauxameriques.fr\/wp-content\/uploads\/2017\/04\/P1070825.jpg?fit=300%2C225&amp;ssl=1\" data-large-file=\"https:\/\/i0.wp.com\/genevieveetbernardauxameriques.fr\/wp-content\/uploads\/2017\/04\/P1070825.jpg?fit=640%2C480&amp;ssl=1\" class=\"wp-image-17834 aligncenter\" src=\"https:\/\/i0.wp.com\/genevieveetbernardauxameriques.fr\/wp-content\/uploads\/2017\/04\/P1070825.jpg?resize=551%2C413&#038;ssl=1\" alt=\"\" width=\"551\" height=\"413\" srcset=\"https:\/\/i0.wp.com\/genevieveetbernardauxameriques.fr\/wp-content\/uploads\/2017\/04\/P1070825.jpg?w=720&amp;ssl=1 720w, https:\/\/i0.wp.com\/genevieveetbernardauxameriques.fr\/wp-content\/uploads\/2017\/04\/P1070825.jpg?resize=300%2C225&amp;ssl=1 300w\" sizes=\"(max-width: 551px) 100vw, 551px\" data-recalc-dims=\"1\" \/><\/a> <a href=\"https:\/\/i0.wp.com\/genevieveetbernardauxameriques.fr\/wp-content\/uploads\/2017\/04\/P1070826.jpg?ssl=1\"><img loading=\"lazy\" decoding=\"async\" data-attachment-id=\"17835\" data-permalink=\"https:\/\/genevieveetbernardauxameriques.fr\/index.php\/2017\/04\/06\/colombie-2eme-article-la-route-du-cafe\/p1070826\/\" data-orig-file=\"https:\/\/i0.wp.com\/genevieveetbernardauxameriques.fr\/wp-content\/uploads\/2017\/04\/P1070826.jpg?fit=720%2C540&amp;ssl=1\" data-orig-size=\"720,540\" data-comments-opened=\"1\" data-image-meta=\"{&quot;aperture&quot;:&quot;3.3&quot;,&quot;credit&quot;:&quot;&quot;,&quot;camera&quot;:&quot;DMC-TZ55&quot;,&quot;caption&quot;:&quot;&quot;,&quot;created_timestamp&quot;:&quot;1491158093&quot;,&quot;copyright&quot;:&quot;&quot;,&quot;focal_length&quot;:&quot;4.3&quot;,&quot;iso&quot;:&quot;400&quot;,&quot;shutter_speed&quot;:&quot;0.066666666666667&quot;,&quot;title&quot;:&quot;&quot;,&quot;orientation&quot;:&quot;1&quot;}\" data-image-title=\"P1070826\" data-image-description=\"\" data-image-caption=\"\" data-medium-file=\"https:\/\/i0.wp.com\/genevieveetbernardauxameriques.fr\/wp-content\/uploads\/2017\/04\/P1070826.jpg?fit=300%2C225&amp;ssl=1\" data-large-file=\"https:\/\/i0.wp.com\/genevieveetbernardauxameriques.fr\/wp-content\/uploads\/2017\/04\/P1070826.jpg?fit=640%2C480&amp;ssl=1\" class=\"wp-image-17835 aligncenter\" src=\"https:\/\/i0.wp.com\/genevieveetbernardauxameriques.fr\/wp-content\/uploads\/2017\/04\/P1070826.jpg?resize=549%2C412&#038;ssl=1\" alt=\"\" width=\"549\" height=\"412\" srcset=\"https:\/\/i0.wp.com\/genevieveetbernardauxameriques.fr\/wp-content\/uploads\/2017\/04\/P1070826.jpg?w=720&amp;ssl=1 720w, https:\/\/i0.wp.com\/genevieveetbernardauxameriques.fr\/wp-content\/uploads\/2017\/04\/P1070826.jpg?resize=300%2C225&amp;ssl=1 300w\" sizes=\"(max-width: 549px) 100vw, 549px\" data-recalc-dims=\"1\" \/><\/a> <a href=\"https:\/\/i0.wp.com\/genevieveetbernardauxameriques.fr\/wp-content\/uploads\/2017\/04\/P1070827.jpg?ssl=1\"><img loading=\"lazy\" decoding=\"async\" data-attachment-id=\"17836\" data-permalink=\"https:\/\/genevieveetbernardauxameriques.fr\/index.php\/2017\/04\/06\/colombie-2eme-article-la-route-du-cafe\/p1070827\/\" data-orig-file=\"https:\/\/i0.wp.com\/genevieveetbernardauxameriques.fr\/wp-content\/uploads\/2017\/04\/P1070827.jpg?fit=540%2C720&amp;ssl=1\" data-orig-size=\"540,720\" data-comments-opened=\"1\" data-image-meta=\"{&quot;aperture&quot;:&quot;3.3&quot;,&quot;credit&quot;:&quot;&quot;,&quot;camera&quot;:&quot;DMC-TZ55&quot;,&quot;caption&quot;:&quot;&quot;,&quot;created_timestamp&quot;:&quot;1491158228&quot;,&quot;copyright&quot;:&quot;&quot;,&quot;focal_length&quot;:&quot;4.3&quot;,&quot;iso&quot;:&quot;400&quot;,&quot;shutter_speed&quot;:&quot;0.1&quot;,&quot;title&quot;:&quot;&quot;,&quot;orientation&quot;:&quot;1&quot;}\" data-image-title=\"P1070827\" data-image-description=\"\" data-image-caption=\"\" data-medium-file=\"https:\/\/i0.wp.com\/genevieveetbernardauxameriques.fr\/wp-content\/uploads\/2017\/04\/P1070827.jpg?fit=225%2C300&amp;ssl=1\" data-large-file=\"https:\/\/i0.wp.com\/genevieveetbernardauxameriques.fr\/wp-content\/uploads\/2017\/04\/P1070827.jpg?fit=540%2C720&amp;ssl=1\" class=\"wp-image-17836 aligncenter\" src=\"https:\/\/i0.wp.com\/genevieveetbernardauxameriques.fr\/wp-content\/uploads\/2017\/04\/P1070827.jpg?resize=415%2C553&#038;ssl=1\" alt=\"\" width=\"415\" height=\"553\" srcset=\"https:\/\/i0.wp.com\/genevieveetbernardauxameriques.fr\/wp-content\/uploads\/2017\/04\/P1070827.jpg?w=540&amp;ssl=1 540w, https:\/\/i0.wp.com\/genevieveetbernardauxameriques.fr\/wp-content\/uploads\/2017\/04\/P1070827.jpg?resize=225%2C300&amp;ssl=1 225w\" sizes=\"(max-width: 415px) 100vw, 415px\" data-recalc-dims=\"1\" \/><\/a> <a href=\"https:\/\/i0.wp.com\/genevieveetbernardauxameriques.fr\/wp-content\/uploads\/2017\/04\/P1070828.jpg?ssl=1\"><img loading=\"lazy\" decoding=\"async\" data-attachment-id=\"17837\" data-permalink=\"https:\/\/genevieveetbernardauxameriques.fr\/index.php\/2017\/04\/06\/colombie-2eme-article-la-route-du-cafe\/p1070828\/\" data-orig-file=\"https:\/\/i0.wp.com\/genevieveetbernardauxameriques.fr\/wp-content\/uploads\/2017\/04\/P1070828.jpg?fit=720%2C540&amp;ssl=1\" data-orig-size=\"720,540\" data-comments-opened=\"1\" data-image-meta=\"{&quot;aperture&quot;:&quot;3.3&quot;,&quot;credit&quot;:&quot;&quot;,&quot;camera&quot;:&quot;DMC-TZ55&quot;,&quot;caption&quot;:&quot;&quot;,&quot;created_timestamp&quot;:&quot;1491158471&quot;,&quot;copyright&quot;:&quot;&quot;,&quot;focal_length&quot;:&quot;4.3&quot;,&quot;iso&quot;:&quot;400&quot;,&quot;shutter_speed&quot;:&quot;0.025&quot;,&quot;title&quot;:&quot;&quot;,&quot;orientation&quot;:&quot;1&quot;}\" data-image-title=\"P1070828\" data-image-description=\"\" data-image-caption=\"\" data-medium-file=\"https:\/\/i0.wp.com\/genevieveetbernardauxameriques.fr\/wp-content\/uploads\/2017\/04\/P1070828.jpg?fit=300%2C225&amp;ssl=1\" data-large-file=\"https:\/\/i0.wp.com\/genevieveetbernardauxameriques.fr\/wp-content\/uploads\/2017\/04\/P1070828.jpg?fit=640%2C480&amp;ssl=1\" class=\"wp-image-17837 aligncenter\" src=\"https:\/\/i0.wp.com\/genevieveetbernardauxameriques.fr\/wp-content\/uploads\/2017\/04\/P1070828.jpg?resize=591%2C443&#038;ssl=1\" alt=\"\" width=\"591\" height=\"443\" srcset=\"https:\/\/i0.wp.com\/genevieveetbernardauxameriques.fr\/wp-content\/uploads\/2017\/04\/P1070828.jpg?w=720&amp;ssl=1 720w, https:\/\/i0.wp.com\/genevieveetbernardauxameriques.fr\/wp-content\/uploads\/2017\/04\/P1070828.jpg?resize=300%2C225&amp;ssl=1 300w\" sizes=\"(max-width: 591px) 100vw, 591px\" data-recalc-dims=\"1\" \/><\/a><\/p>\n<p>(c&rsquo;est pour mon fr\u00e8re)<\/p>\n<p><a href=\"https:\/\/i0.wp.com\/genevieveetbernardauxameriques.fr\/wp-content\/uploads\/2017\/04\/P1070800.jpg?ssl=1\"><img loading=\"lazy\" decoding=\"async\" data-attachment-id=\"17811\" data-permalink=\"https:\/\/genevieveetbernardauxameriques.fr\/index.php\/2017\/04\/06\/colombie-2eme-article-la-route-du-cafe\/p1070800\/\" data-orig-file=\"https:\/\/i0.wp.com\/genevieveetbernardauxameriques.fr\/wp-content\/uploads\/2017\/04\/P1070800.jpg?fit=720%2C540&amp;ssl=1\" data-orig-size=\"720,540\" data-comments-opened=\"1\" data-image-meta=\"{&quot;aperture&quot;:&quot;3.3&quot;,&quot;credit&quot;:&quot;&quot;,&quot;camera&quot;:&quot;DMC-TZ55&quot;,&quot;caption&quot;:&quot;&quot;,&quot;created_timestamp&quot;:&quot;1491155216&quot;,&quot;copyright&quot;:&quot;&quot;,&quot;focal_length&quot;:&quot;4.3&quot;,&quot;iso&quot;:&quot;1600&quot;,&quot;shutter_speed&quot;:&quot;0.025&quot;,&quot;title&quot;:&quot;&quot;,&quot;orientation&quot;:&quot;1&quot;}\" data-image-title=\"P1070800\" data-image-description=\"\" data-image-caption=\"\" data-medium-file=\"https:\/\/i0.wp.com\/genevieveetbernardauxameriques.fr\/wp-content\/uploads\/2017\/04\/P1070800.jpg?fit=300%2C225&amp;ssl=1\" data-large-file=\"https:\/\/i0.wp.com\/genevieveetbernardauxameriques.fr\/wp-content\/uploads\/2017\/04\/P1070800.jpg?fit=640%2C480&amp;ssl=1\" class=\"alignnone size-full wp-image-17811\" src=\"https:\/\/i0.wp.com\/genevieveetbernardauxameriques.fr\/wp-content\/uploads\/2017\/04\/P1070800.jpg?resize=640%2C480&#038;ssl=1\" alt=\"\" width=\"640\" height=\"480\" srcset=\"https:\/\/i0.wp.com\/genevieveetbernardauxameriques.fr\/wp-content\/uploads\/2017\/04\/P1070800.jpg?w=720&amp;ssl=1 720w, https:\/\/i0.wp.com\/genevieveetbernardauxameriques.fr\/wp-content\/uploads\/2017\/04\/P1070800.jpg?resize=300%2C225&amp;ssl=1 300w\" sizes=\"(max-width: 640px) 100vw, 640px\" data-recalc-dims=\"1\" \/><\/a><\/p>\n<p>Apr\u00e8s cette visite qui a \u00e9t\u00e9 assez longue, nous allons mang\u00e9 dans un resto pr\u00e8s de la place Bolivar \u00e0 5 mn, o\u00f9 j&rsquo;avais not\u00e9 qu&rsquo;il fallait y aller la veille, car le premier samedi de chaque mois, il y a un march\u00e9 de l&rsquo;artisanat assez r\u00e9put\u00e9 o\u00f9 les marchandises sont vendus par des paysans des environs. On a zapp\u00e9&#8230;<\/p>\n<p>Sur la place Bolivar la cath\u00e9drale, c&rsquo;est la plus grande \u00e9glise faite enti\u00e8rement de briques<\/p>\n<p><img loading=\"lazy\" decoding=\"async\" data-attachment-id=\"17845\" data-permalink=\"https:\/\/genevieveetbernardauxameriques.fr\/index.php\/2017\/04\/06\/colombie-2eme-article-la-route-du-cafe\/p1070836\/\" data-orig-file=\"https:\/\/i0.wp.com\/genevieveetbernardauxameriques.fr\/wp-content\/uploads\/2017\/04\/P1070836.jpg?fit=720%2C540&amp;ssl=1\" data-orig-size=\"720,540\" data-comments-opened=\"1\" data-image-meta=\"{&quot;aperture&quot;:&quot;4&quot;,&quot;credit&quot;:&quot;&quot;,&quot;camera&quot;:&quot;DMC-TZ55&quot;,&quot;caption&quot;:&quot;&quot;,&quot;created_timestamp&quot;:&quot;1491168377&quot;,&quot;copyright&quot;:&quot;&quot;,&quot;focal_length&quot;:&quot;4.3&quot;,&quot;iso&quot;:&quot;100&quot;,&quot;shutter_speed&quot;:&quot;0.003125&quot;,&quot;title&quot;:&quot;&quot;,&quot;orientation&quot;:&quot;1&quot;}\" data-image-title=\"P1070836\" data-image-description=\"\" data-image-caption=\"\" data-medium-file=\"https:\/\/i0.wp.com\/genevieveetbernardauxameriques.fr\/wp-content\/uploads\/2017\/04\/P1070836.jpg?fit=300%2C225&amp;ssl=1\" data-large-file=\"https:\/\/i0.wp.com\/genevieveetbernardauxameriques.fr\/wp-content\/uploads\/2017\/04\/P1070836.jpg?fit=640%2C480&amp;ssl=1\" class=\"alignnone size-full wp-image-17845\" src=\"https:\/\/i0.wp.com\/genevieveetbernardauxameriques.fr\/wp-content\/uploads\/2017\/04\/P1070836.jpg?resize=640%2C480&#038;ssl=1\" alt=\"\" width=\"640\" height=\"480\" srcset=\"https:\/\/i0.wp.com\/genevieveetbernardauxameriques.fr\/wp-content\/uploads\/2017\/04\/P1070836.jpg?w=720&amp;ssl=1 720w, https:\/\/i0.wp.com\/genevieveetbernardauxameriques.fr\/wp-content\/uploads\/2017\/04\/P1070836.jpg?resize=300%2C225&amp;ssl=1 300w\" sizes=\"(max-width: 640px) 100vw, 640px\" data-recalc-dims=\"1\" \/><\/p>\n<p>Nous allons jusqu&rsquo;\u00e0 la place San Antonio, o\u00f9 il n&rsquo;y a pas grand chose puis reprenons un taxi pour rentrer, les grandes villes sont un peu fatigantes pour nous.<\/p>\n<p>La pr\u00e9sence de notre campeur dans le stationnement attire la curiosit\u00e9. Comme cela est la norme depuis notre arriv\u00e9e en Colombie, les gens aiment se faire photographier \u00e0 c\u00f4t\u00e9\u00a0et certains souhaitent jeter un coup d\u2019\u0153il \u00e0 l\u2019int\u00e9rieur.<\/p>\n<p>&nbsp;<\/p>\n<p><img loading=\"lazy\" decoding=\"async\" data-attachment-id=\"17883\" data-permalink=\"https:\/\/genevieveetbernardauxameriques.fr\/index.php\/2017\/04\/18\/colombie-3eme-article-de-medellin-a-bogota\/img_20170402_151414-2\/\" data-orig-file=\"https:\/\/i0.wp.com\/genevieveetbernardauxameriques.fr\/wp-content\/uploads\/2017\/04\/IMG_20170402_151414-1.jpg?fit=2592%2C1944&amp;ssl=1\" data-orig-size=\"2592,1944\" data-comments-opened=\"1\" data-image-meta=\"{&quot;aperture&quot;:&quot;0&quot;,&quot;credit&quot;:&quot;&quot;,&quot;camera&quot;:&quot;Lenovo YT3-X50F&quot;,&quot;caption&quot;:&quot;&quot;,&quot;created_timestamp&quot;:&quot;1491146055&quot;,&quot;copyright&quot;:&quot;&quot;,&quot;focal_length&quot;:&quot;3.85&quot;,&quot;iso&quot;:&quot;100&quot;,&quot;shutter_speed&quot;:&quot;0.0047846889952153&quot;,&quot;title&quot;:&quot;&quot;,&quot;orientation&quot;:&quot;0&quot;}\" data-image-title=\"IMG_20170402_151414\" data-image-description=\"\" data-image-caption=\"\" data-medium-file=\"https:\/\/i0.wp.com\/genevieveetbernardauxameriques.fr\/wp-content\/uploads\/2017\/04\/IMG_20170402_151414-1.jpg?fit=300%2C225&amp;ssl=1\" data-large-file=\"https:\/\/i0.wp.com\/genevieveetbernardauxameriques.fr\/wp-content\/uploads\/2017\/04\/IMG_20170402_151414-1.jpg?fit=640%2C480&amp;ssl=1\" class=\"alignnone size-full wp-image-17883\" src=\"https:\/\/i0.wp.com\/genevieveetbernardauxameriques.fr\/wp-content\/uploads\/2017\/04\/IMG_20170402_151414-1.jpg?resize=640%2C480&#038;ssl=1\" alt=\"\" width=\"640\" height=\"480\" srcset=\"https:\/\/i0.wp.com\/genevieveetbernardauxameriques.fr\/wp-content\/uploads\/2017\/04\/IMG_20170402_151414-1.jpg?w=2592&amp;ssl=1 2592w, https:\/\/i0.wp.com\/genevieveetbernardauxameriques.fr\/wp-content\/uploads\/2017\/04\/IMG_20170402_151414-1.jpg?resize=300%2C225&amp;ssl=1 300w, https:\/\/i0.wp.com\/genevieveetbernardauxameriques.fr\/wp-content\/uploads\/2017\/04\/IMG_20170402_151414-1.jpg?resize=768%2C576&amp;ssl=1 768w, https:\/\/i0.wp.com\/genevieveetbernardauxameriques.fr\/wp-content\/uploads\/2017\/04\/IMG_20170402_151414-1.jpg?resize=1024%2C768&amp;ssl=1 1024w, https:\/\/i0.wp.com\/genevieveetbernardauxameriques.fr\/wp-content\/uploads\/2017\/04\/IMG_20170402_151414-1.jpg?w=1280&amp;ssl=1 1280w, https:\/\/i0.wp.com\/genevieveetbernardauxameriques.fr\/wp-content\/uploads\/2017\/04\/IMG_20170402_151414-1.jpg?w=1920&amp;ssl=1 1920w\" sizes=\"(max-width: 640px) 100vw, 640px\" data-recalc-dims=\"1\" \/><\/p>\n<p>Nous quittons Medellin dans l&rsquo;apr\u00e8s midi et prenons l&rsquo;autoroute pour Bogota. A la sortie de Medellin nous retrouvons des militaires comme dans le sud \u00e0 la fronti\u00e8re pr\u00e8s de l&rsquo;Equateur, nous n&rsquo;en avions pas revus depuis. Sur la route nous n&rsquo;avons jamais \u00e9t\u00e9 arr\u00eat\u00e9s pour des contr\u00f4les alors que Greg et Charlotte avec leur camping-car fran\u00e7ais ont \u00e9t\u00e9 arr\u00eat\u00e9s plusieurs fois avec visite de l&rsquo;int\u00e9rieur, certainement par simple curiosit\u00e9.<\/p>\n<p>Nous devions aller \u00e0 GUATAPE \u00e0 moins de 100 kms de MEDELLIN, et tout \u00e0 coup sur l&rsquo;autoroute le voyant du chargeur de la batterie s&rsquo;allume, nous sommes dans une grande ville \u00e0 MARINILLA.<\/p>\n<p>On s&rsquo;arr\u00eate et Bernard s&rsquo;aper\u00e7oit que l&rsquo;alternateur ne charge plus. Nous sommes dimanche, on verra demain. On se gare pr\u00e8s de la police sur une grande place o\u00f9 il y a un march\u00e9 aux bestiaux qui se termine. Cela devait \u00eatre important car le corral pour les animaux est immense et il reste encore quelques animaux, cela ne sent pas tr\u00e8s tr\u00e8s bon, mais tant pis on fermera les fen\u00eatres.<\/p>\n<p><img loading=\"lazy\" decoding=\"async\" data-attachment-id=\"17885\" data-permalink=\"https:\/\/genevieveetbernardauxameriques.fr\/index.php\/2017\/04\/18\/colombie-3eme-article-de-medellin-a-bogota\/dscn9958\/\" data-orig-file=\"https:\/\/i0.wp.com\/genevieveetbernardauxameriques.fr\/wp-content\/uploads\/2017\/04\/DSCN9958.jpg?fit=4608%2C3456&amp;ssl=1\" data-orig-size=\"4608,3456\" data-comments-opened=\"1\" data-image-meta=\"{&quot;aperture&quot;:&quot;3.5&quot;,&quot;credit&quot;:&quot;&quot;,&quot;camera&quot;:&quot;COOLPIX P900&quot;,&quot;caption&quot;:&quot;&quot;,&quot;created_timestamp&quot;:&quot;1491255244&quot;,&quot;copyright&quot;:&quot;&quot;,&quot;focal_length&quot;:&quot;10.7&quot;,&quot;iso&quot;:&quot;100&quot;,&quot;shutter_speed&quot;:&quot;0.000625&quot;,&quot;title&quot;:&quot;&quot;,&quot;orientation&quot;:&quot;1&quot;}\" data-image-title=\"DSCN9958\" data-image-description=\"\" data-image-caption=\"\" data-medium-file=\"https:\/\/i0.wp.com\/genevieveetbernardauxameriques.fr\/wp-content\/uploads\/2017\/04\/DSCN9958.jpg?fit=300%2C225&amp;ssl=1\" data-large-file=\"https:\/\/i0.wp.com\/genevieveetbernardauxameriques.fr\/wp-content\/uploads\/2017\/04\/DSCN9958.jpg?fit=640%2C480&amp;ssl=1\" class=\"alignnone size-large wp-image-17885\" src=\"https:\/\/i0.wp.com\/genevieveetbernardauxameriques.fr\/wp-content\/uploads\/2017\/04\/DSCN9958.jpg?resize=640%2C480&#038;ssl=1\" alt=\"\" width=\"640\" height=\"480\" srcset=\"https:\/\/i0.wp.com\/genevieveetbernardauxameriques.fr\/wp-content\/uploads\/2017\/04\/DSCN9958.jpg?resize=1024%2C768&amp;ssl=1 1024w, https:\/\/i0.wp.com\/genevieveetbernardauxameriques.fr\/wp-content\/uploads\/2017\/04\/DSCN9958.jpg?resize=300%2C225&amp;ssl=1 300w, https:\/\/i0.wp.com\/genevieveetbernardauxameriques.fr\/wp-content\/uploads\/2017\/04\/DSCN9958.jpg?resize=768%2C576&amp;ssl=1 768w, https:\/\/i0.wp.com\/genevieveetbernardauxameriques.fr\/wp-content\/uploads\/2017\/04\/DSCN9958.jpg?w=1280&amp;ssl=1 1280w, https:\/\/i0.wp.com\/genevieveetbernardauxameriques.fr\/wp-content\/uploads\/2017\/04\/DSCN9958.jpg?w=1920&amp;ssl=1 1920w\" sizes=\"(max-width: 640px) 100vw, 640px\" data-recalc-dims=\"1\" \/><\/p>\n<p><strong>LUNDI 3 AVRIL<\/strong><\/p>\n<p>Soleil magnifique. Nous partons \u00e0 la recherche d&rsquo;un \u00e9lectricien automobile que nous trouverons en ville.\u00a0Il regarde l&rsquo;alternateur pour s&rsquo;apercevoir qu&rsquo;il est grill\u00e9.<\/p>\n<p>Je vais pouvoir travailler au blog, nous restons au garage de 9 h \u00e0 15 h, ils ont refait une pi\u00e8ce pour la modique somme de 30\u20ac (avec le pourboire).<\/p>\n<p>Enfin nous partons pour<strong> GUATAPE.<\/strong><\/p>\n<p>La r\u00e9gion \u00e0 l\u2019est de Medell\u00edn est dot\u00e9e de terres fertiles et les flancs des montagnes sont utilis\u00e9s pour la culture du caf\u00e9, de haricots, de ma\u00efs et de tomates. Les petites communaut\u00e9s poursuivent leurs traditions agricoles en m\u00eame temps que des activit\u00e9s \u00e9co- touristiques apparaissent.\u00a0La r\u00e9gion a l&rsquo;air riche, les maisons\u200b, les h\u00f4tels n&rsquo;ont rien \u00e0 envier \u00e0 l&rsquo;Europe\u200b.<\/p>\n<p>En 1978 le village de <strong>PENOL<\/strong> a \u00e9t\u00e9 enseveli sous les eaux, il a \u00e9t\u00e9 reconstruit un peu plus haut. La ville de Medellin y a \u00e9difi\u00e9 un barrage. La retenue d&rsquo;eau est la plus importante du pays : 1.240 millions\u00a0 de m3 d&rsquo;eau.<\/p>\n<p>Ce qui a cr\u00e9\u00e9 un paysage grandiose, toutes les petites vall\u00e9es attenantes se sont remplies d&rsquo;eau.<\/p>\n<p><img loading=\"lazy\" decoding=\"async\" data-attachment-id=\"17896\" data-permalink=\"https:\/\/genevieveetbernardauxameriques.fr\/index.php\/2017\/04\/18\/colombie-3eme-article-de-medellin-a-bogota\/dscn9986\/\" data-orig-file=\"https:\/\/i0.wp.com\/genevieveetbernardauxameriques.fr\/wp-content\/uploads\/2017\/04\/DSCN9986.jpg?fit=4608%2C3456&amp;ssl=1\" data-orig-size=\"4608,3456\" data-comments-opened=\"1\" data-image-meta=\"{&quot;aperture&quot;:&quot;3.2&quot;,&quot;credit&quot;:&quot;&quot;,&quot;camera&quot;:&quot;COOLPIX P900&quot;,&quot;caption&quot;:&quot;&quot;,&quot;created_timestamp&quot;:&quot;1491260840&quot;,&quot;copyright&quot;:&quot;&quot;,&quot;focal_length&quot;:&quot;8.4&quot;,&quot;iso&quot;:&quot;100&quot;,&quot;shutter_speed&quot;:&quot;0.000625&quot;,&quot;title&quot;:&quot;&quot;,&quot;orientation&quot;:&quot;1&quot;}\" data-image-title=\"DSCN9986\" data-image-description=\"\" data-image-caption=\"\" data-medium-file=\"https:\/\/i0.wp.com\/genevieveetbernardauxameriques.fr\/wp-content\/uploads\/2017\/04\/DSCN9986.jpg?fit=300%2C225&amp;ssl=1\" data-large-file=\"https:\/\/i0.wp.com\/genevieveetbernardauxameriques.fr\/wp-content\/uploads\/2017\/04\/DSCN9986.jpg?fit=640%2C480&amp;ssl=1\" class=\"alignnone size-large wp-image-17896\" src=\"https:\/\/i0.wp.com\/genevieveetbernardauxameriques.fr\/wp-content\/uploads\/2017\/04\/DSCN9986.jpg?resize=640%2C480&#038;ssl=1\" alt=\"\" width=\"640\" height=\"480\" srcset=\"https:\/\/i0.wp.com\/genevieveetbernardauxameriques.fr\/wp-content\/uploads\/2017\/04\/DSCN9986.jpg?resize=1024%2C768&amp;ssl=1 1024w, https:\/\/i0.wp.com\/genevieveetbernardauxameriques.fr\/wp-content\/uploads\/2017\/04\/DSCN9986.jpg?resize=300%2C225&amp;ssl=1 300w, https:\/\/i0.wp.com\/genevieveetbernardauxameriques.fr\/wp-content\/uploads\/2017\/04\/DSCN9986.jpg?resize=768%2C576&amp;ssl=1 768w, https:\/\/i0.wp.com\/genevieveetbernardauxameriques.fr\/wp-content\/uploads\/2017\/04\/DSCN9986.jpg?w=1280&amp;ssl=1 1280w, https:\/\/i0.wp.com\/genevieveetbernardauxameriques.fr\/wp-content\/uploads\/2017\/04\/DSCN9986.jpg?w=1920&amp;ssl=1 1920w\" sizes=\"(max-width: 640px) 100vw, 640px\" data-recalc-dims=\"1\" \/><img loading=\"lazy\" decoding=\"async\" data-attachment-id=\"17943\" data-permalink=\"https:\/\/genevieveetbernardauxameriques.fr\/index.php\/2017\/04\/18\/colombie-3eme-article-de-medellin-a-bogota\/p1070905\/\" data-orig-file=\"https:\/\/i0.wp.com\/genevieveetbernardauxameriques.fr\/wp-content\/uploads\/2017\/04\/P1070905-e1586715122706.jpg?fit=719%2C404&amp;ssl=1\" data-orig-size=\"719,404\" data-comments-opened=\"1\" data-image-meta=\"{&quot;aperture&quot;:&quot;4&quot;,&quot;credit&quot;:&quot;&quot;,&quot;camera&quot;:&quot;DMC-TZ55&quot;,&quot;caption&quot;:&quot;&quot;,&quot;created_timestamp&quot;:&quot;1491410971&quot;,&quot;copyright&quot;:&quot;&quot;,&quot;focal_length&quot;:&quot;4.3&quot;,&quot;iso&quot;:&quot;100&quot;,&quot;shutter_speed&quot;:&quot;0.000625&quot;,&quot;title&quot;:&quot;&quot;,&quot;orientation&quot;:&quot;1&quot;}\" data-image-title=\"P1070905\" data-image-description=\"\" data-image-caption=\"\" data-medium-file=\"https:\/\/i0.wp.com\/genevieveetbernardauxameriques.fr\/wp-content\/uploads\/2017\/04\/P1070905-e1586715122706.jpg?fit=300%2C169&amp;ssl=1\" data-large-file=\"https:\/\/i0.wp.com\/genevieveetbernardauxameriques.fr\/wp-content\/uploads\/2017\/04\/P1070905-e1586715122706.jpg?fit=640%2C360&amp;ssl=1\" class=\"alignnone size-full wp-image-17943\" src=\"https:\/\/i0.wp.com\/genevieveetbernardauxameriques.fr\/wp-content\/uploads\/2017\/04\/P1070905-e1586715122706.jpg?resize=640%2C360&#038;ssl=1\" alt=\"\" width=\"640\" height=\"360\" srcset=\"https:\/\/i0.wp.com\/genevieveetbernardauxameriques.fr\/wp-content\/uploads\/2017\/04\/P1070905-e1586715122706.jpg?w=719&amp;ssl=1 719w, https:\/\/i0.wp.com\/genevieveetbernardauxameriques.fr\/wp-content\/uploads\/2017\/04\/P1070905-e1586715122706.jpg?resize=300%2C169&amp;ssl=1 300w\" sizes=\"(max-width: 640px) 100vw, 640px\" data-recalc-dims=\"1\" \/><\/p>\n<p>On croirait que le gazon a \u00e9t\u00e9 tondu, tellement c&rsquo;est bien entretenu<\/p>\n<p><img loading=\"lazy\" decoding=\"async\" data-attachment-id=\"17894\" data-permalink=\"https:\/\/genevieveetbernardauxameriques.fr\/index.php\/2017\/04\/18\/colombie-3eme-article-de-medellin-a-bogota\/dscn9978\/\" data-orig-file=\"https:\/\/i0.wp.com\/genevieveetbernardauxameriques.fr\/wp-content\/uploads\/2017\/04\/DSCN9978.jpg?fit=4608%2C3456&amp;ssl=1\" data-orig-size=\"4608,3456\" data-comments-opened=\"1\" data-image-meta=\"{&quot;aperture&quot;:&quot;3.2&quot;,&quot;credit&quot;:&quot;&quot;,&quot;camera&quot;:&quot;COOLPIX P900&quot;,&quot;caption&quot;:&quot;&quot;,&quot;created_timestamp&quot;:&quot;1491260386&quot;,&quot;copyright&quot;:&quot;&quot;,&quot;focal_length&quot;:&quot;8.4&quot;,&quot;iso&quot;:&quot;100&quot;,&quot;shutter_speed&quot;:&quot;0.0015625&quot;,&quot;title&quot;:&quot;&quot;,&quot;orientation&quot;:&quot;1&quot;}\" data-image-title=\"DSCN9978\" data-image-description=\"\" data-image-caption=\"\" data-medium-file=\"https:\/\/i0.wp.com\/genevieveetbernardauxameriques.fr\/wp-content\/uploads\/2017\/04\/DSCN9978.jpg?fit=300%2C225&amp;ssl=1\" data-large-file=\"https:\/\/i0.wp.com\/genevieveetbernardauxameriques.fr\/wp-content\/uploads\/2017\/04\/DSCN9978.jpg?fit=640%2C480&amp;ssl=1\" class=\"alignnone size-large wp-image-17894\" src=\"https:\/\/i0.wp.com\/genevieveetbernardauxameriques.fr\/wp-content\/uploads\/2017\/04\/DSCN9978.jpg?resize=640%2C480&#038;ssl=1\" alt=\"\" width=\"640\" height=\"480\" srcset=\"https:\/\/i0.wp.com\/genevieveetbernardauxameriques.fr\/wp-content\/uploads\/2017\/04\/DSCN9978.jpg?resize=1024%2C768&amp;ssl=1 1024w, https:\/\/i0.wp.com\/genevieveetbernardauxameriques.fr\/wp-content\/uploads\/2017\/04\/DSCN9978.jpg?resize=300%2C225&amp;ssl=1 300w, https:\/\/i0.wp.com\/genevieveetbernardauxameriques.fr\/wp-content\/uploads\/2017\/04\/DSCN9978.jpg?resize=768%2C576&amp;ssl=1 768w, https:\/\/i0.wp.com\/genevieveetbernardauxameriques.fr\/wp-content\/uploads\/2017\/04\/DSCN9978.jpg?w=1280&amp;ssl=1 1280w, https:\/\/i0.wp.com\/genevieveetbernardauxameriques.fr\/wp-content\/uploads\/2017\/04\/DSCN9978.jpg?w=1920&amp;ssl=1 1920w\" sizes=\"(max-width: 640px) 100vw, 640px\" data-recalc-dims=\"1\" \/><img loading=\"lazy\" decoding=\"async\" data-attachment-id=\"17895\" data-permalink=\"https:\/\/genevieveetbernardauxameriques.fr\/index.php\/2017\/04\/18\/colombie-3eme-article-de-medellin-a-bogota\/dscn9981\/\" data-orig-file=\"https:\/\/i0.wp.com\/genevieveetbernardauxameriques.fr\/wp-content\/uploads\/2017\/04\/DSCN9981.jpg?fit=4608%2C3456&amp;ssl=1\" data-orig-size=\"4608,3456\" data-comments-opened=\"1\" data-image-meta=\"{&quot;aperture&quot;:&quot;3.5&quot;,&quot;credit&quot;:&quot;&quot;,&quot;camera&quot;:&quot;COOLPIX P900&quot;,&quot;caption&quot;:&quot;&quot;,&quot;created_timestamp&quot;:&quot;1491260520&quot;,&quot;copyright&quot;:&quot;&quot;,&quot;focal_length&quot;:&quot;10.7&quot;,&quot;iso&quot;:&quot;100&quot;,&quot;shutter_speed&quot;:&quot;0.00125&quot;,&quot;title&quot;:&quot;&quot;,&quot;orientation&quot;:&quot;1&quot;}\" data-image-title=\"DSCN9981\" data-image-description=\"\" data-image-caption=\"\" data-medium-file=\"https:\/\/i0.wp.com\/genevieveetbernardauxameriques.fr\/wp-content\/uploads\/2017\/04\/DSCN9981.jpg?fit=300%2C225&amp;ssl=1\" data-large-file=\"https:\/\/i0.wp.com\/genevieveetbernardauxameriques.fr\/wp-content\/uploads\/2017\/04\/DSCN9981.jpg?fit=640%2C480&amp;ssl=1\" class=\"alignnone size-large wp-image-17895\" src=\"https:\/\/i0.wp.com\/genevieveetbernardauxameriques.fr\/wp-content\/uploads\/2017\/04\/DSCN9981.jpg?resize=640%2C480&#038;ssl=1\" alt=\"\" width=\"640\" height=\"480\" srcset=\"https:\/\/i0.wp.com\/genevieveetbernardauxameriques.fr\/wp-content\/uploads\/2017\/04\/DSCN9981.jpg?resize=1024%2C768&amp;ssl=1 1024w, https:\/\/i0.wp.com\/genevieveetbernardauxameriques.fr\/wp-content\/uploads\/2017\/04\/DSCN9981.jpg?resize=300%2C225&amp;ssl=1 300w, https:\/\/i0.wp.com\/genevieveetbernardauxameriques.fr\/wp-content\/uploads\/2017\/04\/DSCN9981.jpg?resize=768%2C576&amp;ssl=1 768w, https:\/\/i0.wp.com\/genevieveetbernardauxameriques.fr\/wp-content\/uploads\/2017\/04\/DSCN9981.jpg?w=1280&amp;ssl=1 1280w, https:\/\/i0.wp.com\/genevieveetbernardauxameriques.fr\/wp-content\/uploads\/2017\/04\/DSCN9981.jpg?w=1920&amp;ssl=1 1920w\" sizes=\"(max-width: 640px) 100vw, 640px\" data-recalc-dims=\"1\" \/><img loading=\"lazy\" decoding=\"async\" data-attachment-id=\"17897\" data-permalink=\"https:\/\/genevieveetbernardauxameriques.fr\/index.php\/2017\/04\/18\/colombie-3eme-article-de-medellin-a-bogota\/dscn9988\/\" data-orig-file=\"https:\/\/i0.wp.com\/genevieveetbernardauxameriques.fr\/wp-content\/uploads\/2017\/04\/DSCN9988-e1586712427209.jpg?fit=4608%2C2868&amp;ssl=1\" data-orig-size=\"4608,2868\" data-comments-opened=\"1\" data-image-meta=\"{&quot;aperture&quot;:&quot;4.5&quot;,&quot;credit&quot;:&quot;&quot;,&quot;camera&quot;:&quot;COOLPIX P900&quot;,&quot;caption&quot;:&quot;&quot;,&quot;created_timestamp&quot;:&quot;1491262298&quot;,&quot;copyright&quot;:&quot;&quot;,&quot;focal_length&quot;:&quot;4.3&quot;,&quot;iso&quot;:&quot;100&quot;,&quot;shutter_speed&quot;:&quot;0.000625&quot;,&quot;title&quot;:&quot;&quot;,&quot;orientation&quot;:&quot;1&quot;}\" data-image-title=\"DSCN9988\" data-image-description=\"\" data-image-caption=\"\" data-medium-file=\"https:\/\/i0.wp.com\/genevieveetbernardauxameriques.fr\/wp-content\/uploads\/2017\/04\/DSCN9988-e1586712427209.jpg?fit=300%2C187&amp;ssl=1\" data-large-file=\"https:\/\/i0.wp.com\/genevieveetbernardauxameriques.fr\/wp-content\/uploads\/2017\/04\/DSCN9988-e1586712427209.jpg?fit=640%2C398&amp;ssl=1\" class=\"alignnone size-full wp-image-17897\" src=\"https:\/\/i0.wp.com\/genevieveetbernardauxameriques.fr\/wp-content\/uploads\/2017\/04\/DSCN9988-e1586712427209.jpg?resize=640%2C398&#038;ssl=1\" alt=\"\" width=\"640\" height=\"398\" srcset=\"https:\/\/i0.wp.com\/genevieveetbernardauxameriques.fr\/wp-content\/uploads\/2017\/04\/DSCN9988-e1586712427209.jpg?w=4608&amp;ssl=1 4608w, https:\/\/i0.wp.com\/genevieveetbernardauxameriques.fr\/wp-content\/uploads\/2017\/04\/DSCN9988-e1586712427209.jpg?resize=300%2C187&amp;ssl=1 300w, https:\/\/i0.wp.com\/genevieveetbernardauxameriques.fr\/wp-content\/uploads\/2017\/04\/DSCN9988-e1586712427209.jpg?resize=768%2C478&amp;ssl=1 768w, https:\/\/i0.wp.com\/genevieveetbernardauxameriques.fr\/wp-content\/uploads\/2017\/04\/DSCN9988-e1586712427209.jpg?resize=1024%2C637&amp;ssl=1 1024w, https:\/\/i0.wp.com\/genevieveetbernardauxameriques.fr\/wp-content\/uploads\/2017\/04\/DSCN9988-e1586712427209.jpg?resize=1536%2C956&amp;ssl=1 1536w, https:\/\/i0.wp.com\/genevieveetbernardauxameriques.fr\/wp-content\/uploads\/2017\/04\/DSCN9988-e1586712427209.jpg?resize=2048%2C1275&amp;ssl=1 2048w, https:\/\/i0.wp.com\/genevieveetbernardauxameriques.fr\/wp-content\/uploads\/2017\/04\/DSCN9988-e1586712427209.jpg?w=1280&amp;ssl=1 1280w, https:\/\/i0.wp.com\/genevieveetbernardauxameriques.fr\/wp-content\/uploads\/2017\/04\/DSCN9988-e1586712427209.jpg?w=1920&amp;ssl=1 1920w\" sizes=\"(max-width: 640px) 100vw, 640px\" data-recalc-dims=\"1\" \/><img loading=\"lazy\" decoding=\"async\" data-attachment-id=\"17965\" data-permalink=\"https:\/\/genevieveetbernardauxameriques.fr\/index.php\/2017\/04\/18\/colombie-3eme-article-de-medellin-a-bogota\/dscn9991\/\" data-orig-file=\"https:\/\/i0.wp.com\/genevieveetbernardauxameriques.fr\/wp-content\/uploads\/2017\/04\/DSCN9991.jpg?fit=720%2C540&amp;ssl=1\" data-orig-size=\"720,540\" data-comments-opened=\"1\" data-image-meta=\"{&quot;aperture&quot;:&quot;3.5&quot;,&quot;credit&quot;:&quot;&quot;,&quot;camera&quot;:&quot;COOLPIX P900&quot;,&quot;caption&quot;:&quot;&quot;,&quot;created_timestamp&quot;:&quot;1491262387&quot;,&quot;copyright&quot;:&quot;&quot;,&quot;focal_length&quot;:&quot;5.9&quot;,&quot;iso&quot;:&quot;100&quot;,&quot;shutter_speed&quot;:&quot;0.000625&quot;,&quot;title&quot;:&quot;&quot;,&quot;orientation&quot;:&quot;1&quot;}\" data-image-title=\"DSCN9991\" data-image-description=\"\" data-image-caption=\"\" data-medium-file=\"https:\/\/i0.wp.com\/genevieveetbernardauxameriques.fr\/wp-content\/uploads\/2017\/04\/DSCN9991.jpg?fit=300%2C225&amp;ssl=1\" data-large-file=\"https:\/\/i0.wp.com\/genevieveetbernardauxameriques.fr\/wp-content\/uploads\/2017\/04\/DSCN9991.jpg?fit=640%2C480&amp;ssl=1\" class=\"alignnone size-full wp-image-17965\" src=\"https:\/\/i0.wp.com\/genevieveetbernardauxameriques.fr\/wp-content\/uploads\/2017\/04\/DSCN9991.jpg?resize=640%2C480&#038;ssl=1\" alt=\"\" width=\"640\" height=\"480\" srcset=\"https:\/\/i0.wp.com\/genevieveetbernardauxameriques.fr\/wp-content\/uploads\/2017\/04\/DSCN9991.jpg?w=720&amp;ssl=1 720w, https:\/\/i0.wp.com\/genevieveetbernardauxameriques.fr\/wp-content\/uploads\/2017\/04\/DSCN9991.jpg?resize=300%2C225&amp;ssl=1 300w\" sizes=\"(max-width: 640px) 100vw, 640px\" data-recalc-dims=\"1\" \/><\/p>\n<p>On s&rsquo;arr\u00eate en haut d&rsquo;une colline, o\u00f9 la place du vieux village de PENOL a \u00e9t\u00e9 reconstruite. Il y a des photos du site avant qu&rsquo;il ne soit d\u00e9truit et des photos de la d\u00e9molition des \u00e9difices et des rues.<\/p>\n<p><a href=\"https:\/\/i0.wp.com\/genevieveetbernardauxameriques.fr\/wp-content\/uploads\/2017\/04\/DSCN9966.jpg?ssl=1\"><img loading=\"lazy\" decoding=\"async\" data-attachment-id=\"17890\" data-permalink=\"https:\/\/genevieveetbernardauxameriques.fr\/index.php\/2017\/04\/18\/colombie-3eme-article-de-medellin-a-bogota\/dscn9966\/\" data-orig-file=\"https:\/\/i0.wp.com\/genevieveetbernardauxameriques.fr\/wp-content\/uploads\/2017\/04\/DSCN9966.jpg?fit=4608%2C3456&amp;ssl=1\" data-orig-size=\"4608,3456\" data-comments-opened=\"1\" data-image-meta=\"{&quot;aperture&quot;:&quot;3.5&quot;,&quot;credit&quot;:&quot;&quot;,&quot;camera&quot;:&quot;COOLPIX P900&quot;,&quot;caption&quot;:&quot;&quot;,&quot;created_timestamp&quot;:&quot;1491257701&quot;,&quot;copyright&quot;:&quot;&quot;,&quot;focal_length&quot;:&quot;5.4&quot;,&quot;iso&quot;:&quot;100&quot;,&quot;shutter_speed&quot;:&quot;0.000625&quot;,&quot;title&quot;:&quot;&quot;,&quot;orientation&quot;:&quot;1&quot;}\" data-image-title=\"DSCN9966\" data-image-description=\"\" data-image-caption=\"\" data-medium-file=\"https:\/\/i0.wp.com\/genevieveetbernardauxameriques.fr\/wp-content\/uploads\/2017\/04\/DSCN9966.jpg?fit=300%2C225&amp;ssl=1\" data-large-file=\"https:\/\/i0.wp.com\/genevieveetbernardauxameriques.fr\/wp-content\/uploads\/2017\/04\/DSCN9966.jpg?fit=640%2C480&amp;ssl=1\" class=\"alignnone size-large wp-image-17890\" src=\"https:\/\/i0.wp.com\/genevieveetbernardauxameriques.fr\/wp-content\/uploads\/2017\/04\/DSCN9966.jpg?resize=640%2C480&#038;ssl=1\" alt=\"\" width=\"640\" height=\"480\" srcset=\"https:\/\/i0.wp.com\/genevieveetbernardauxameriques.fr\/wp-content\/uploads\/2017\/04\/DSCN9966.jpg?resize=1024%2C768&amp;ssl=1 1024w, https:\/\/i0.wp.com\/genevieveetbernardauxameriques.fr\/wp-content\/uploads\/2017\/04\/DSCN9966.jpg?resize=300%2C225&amp;ssl=1 300w, https:\/\/i0.wp.com\/genevieveetbernardauxameriques.fr\/wp-content\/uploads\/2017\/04\/DSCN9966.jpg?resize=768%2C576&amp;ssl=1 768w, https:\/\/i0.wp.com\/genevieveetbernardauxameriques.fr\/wp-content\/uploads\/2017\/04\/DSCN9966.jpg?w=1280&amp;ssl=1 1280w, https:\/\/i0.wp.com\/genevieveetbernardauxameriques.fr\/wp-content\/uploads\/2017\/04\/DSCN9966.jpg?w=1920&amp;ssl=1 1920w\" sizes=\"(max-width: 640px) 100vw, 640px\" data-recalc-dims=\"1\" \/><\/a><\/p>\n<p>A nos pieds la zone qui a \u00e9t\u00e9 inond\u00e9e.<\/p>\n<p><img loading=\"lazy\" decoding=\"async\" data-attachment-id=\"17889\" data-permalink=\"https:\/\/genevieveetbernardauxameriques.fr\/index.php\/2017\/04\/18\/colombie-3eme-article-de-medellin-a-bogota\/dscn9964\/\" data-orig-file=\"https:\/\/i0.wp.com\/genevieveetbernardauxameriques.fr\/wp-content\/uploads\/2017\/04\/DSCN9964.jpg?fit=4608%2C3456&amp;ssl=1\" data-orig-size=\"4608,3456\" data-comments-opened=\"1\" data-image-meta=\"{&quot;aperture&quot;:&quot;2.8&quot;,&quot;credit&quot;:&quot;&quot;,&quot;camera&quot;:&quot;COOLPIX P900&quot;,&quot;caption&quot;:&quot;&quot;,&quot;created_timestamp&quot;:&quot;1491257655&quot;,&quot;copyright&quot;:&quot;&quot;,&quot;focal_length&quot;:&quot;5&quot;,&quot;iso&quot;:&quot;100&quot;,&quot;shutter_speed&quot;:&quot;0.0008&quot;,&quot;title&quot;:&quot;&quot;,&quot;orientation&quot;:&quot;1&quot;}\" data-image-title=\"DSCN9964\" data-image-description=\"\" data-image-caption=\"\" data-medium-file=\"https:\/\/i0.wp.com\/genevieveetbernardauxameriques.fr\/wp-content\/uploads\/2017\/04\/DSCN9964.jpg?fit=300%2C225&amp;ssl=1\" data-large-file=\"https:\/\/i0.wp.com\/genevieveetbernardauxameriques.fr\/wp-content\/uploads\/2017\/04\/DSCN9964.jpg?fit=640%2C480&amp;ssl=1\" class=\"alignnone size-large wp-image-17889\" src=\"https:\/\/i0.wp.com\/genevieveetbernardauxameriques.fr\/wp-content\/uploads\/2017\/04\/DSCN9964.jpg?resize=640%2C480&#038;ssl=1\" alt=\"\" width=\"640\" height=\"480\" srcset=\"https:\/\/i0.wp.com\/genevieveetbernardauxameriques.fr\/wp-content\/uploads\/2017\/04\/DSCN9964.jpg?resize=1024%2C768&amp;ssl=1 1024w, https:\/\/i0.wp.com\/genevieveetbernardauxameriques.fr\/wp-content\/uploads\/2017\/04\/DSCN9964.jpg?resize=300%2C225&amp;ssl=1 300w, https:\/\/i0.wp.com\/genevieveetbernardauxameriques.fr\/wp-content\/uploads\/2017\/04\/DSCN9964.jpg?resize=768%2C576&amp;ssl=1 768w, https:\/\/i0.wp.com\/genevieveetbernardauxameriques.fr\/wp-content\/uploads\/2017\/04\/DSCN9964.jpg?w=1280&amp;ssl=1 1280w, https:\/\/i0.wp.com\/genevieveetbernardauxameriques.fr\/wp-content\/uploads\/2017\/04\/DSCN9964.jpg?w=1920&amp;ssl=1 1920w\" sizes=\"(max-width: 640px) 100vw, 640px\" data-recalc-dims=\"1\" \/><a href=\"https:\/\/i0.wp.com\/genevieveetbernardauxameriques.fr\/wp-content\/uploads\/2017\/04\/DSCN9963-Copie.jpg?ssl=1\"><img loading=\"lazy\" decoding=\"async\" data-attachment-id=\"17886\" data-permalink=\"https:\/\/genevieveetbernardauxameriques.fr\/index.php\/2017\/04\/18\/colombie-3eme-article-de-medellin-a-bogota\/dscn9963-copie\/\" data-orig-file=\"https:\/\/i0.wp.com\/genevieveetbernardauxameriques.fr\/wp-content\/uploads\/2017\/04\/DSCN9963-Copie.jpg?fit=4608%2C3456&amp;ssl=1\" data-orig-size=\"4608,3456\" data-comments-opened=\"1\" data-image-meta=\"{&quot;aperture&quot;:&quot;3.2&quot;,&quot;credit&quot;:&quot;&quot;,&quot;camera&quot;:&quot;COOLPIX P900&quot;,&quot;caption&quot;:&quot;&quot;,&quot;created_timestamp&quot;:&quot;1491257646&quot;,&quot;copyright&quot;:&quot;&quot;,&quot;focal_length&quot;:&quot;8.4&quot;,&quot;iso&quot;:&quot;100&quot;,&quot;shutter_speed&quot;:&quot;0.000625&quot;,&quot;title&quot;:&quot;&quot;,&quot;orientation&quot;:&quot;1&quot;}\" data-image-title=\"DSCN9963 &#8211; Copie\" data-image-description=\"\" data-image-caption=\"\" data-medium-file=\"https:\/\/i0.wp.com\/genevieveetbernardauxameriques.fr\/wp-content\/uploads\/2017\/04\/DSCN9963-Copie.jpg?fit=300%2C225&amp;ssl=1\" data-large-file=\"https:\/\/i0.wp.com\/genevieveetbernardauxameriques.fr\/wp-content\/uploads\/2017\/04\/DSCN9963-Copie.jpg?fit=640%2C480&amp;ssl=1\" class=\"alignnone size-large wp-image-17886\" src=\"https:\/\/i0.wp.com\/genevieveetbernardauxameriques.fr\/wp-content\/uploads\/2017\/04\/DSCN9963-Copie.jpg?resize=640%2C480&#038;ssl=1\" alt=\"\" width=\"640\" height=\"480\" srcset=\"https:\/\/i0.wp.com\/genevieveetbernardauxameriques.fr\/wp-content\/uploads\/2017\/04\/DSCN9963-Copie.jpg?resize=1024%2C768&amp;ssl=1 1024w, https:\/\/i0.wp.com\/genevieveetbernardauxameriques.fr\/wp-content\/uploads\/2017\/04\/DSCN9963-Copie.jpg?resize=300%2C225&amp;ssl=1 300w, https:\/\/i0.wp.com\/genevieveetbernardauxameriques.fr\/wp-content\/uploads\/2017\/04\/DSCN9963-Copie.jpg?resize=768%2C576&amp;ssl=1 768w, https:\/\/i0.wp.com\/genevieveetbernardauxameriques.fr\/wp-content\/uploads\/2017\/04\/DSCN9963-Copie.jpg?w=1280&amp;ssl=1 1280w, https:\/\/i0.wp.com\/genevieveetbernardauxameriques.fr\/wp-content\/uploads\/2017\/04\/DSCN9963-Copie.jpg?w=1920&amp;ssl=1 1920w\" sizes=\"(max-width: 640px) 100vw, 640px\" data-recalc-dims=\"1\" \/><\/a><img loading=\"lazy\" decoding=\"async\" data-attachment-id=\"17891\" data-permalink=\"https:\/\/genevieveetbernardauxameriques.fr\/index.php\/2017\/04\/18\/colombie-3eme-article-de-medellin-a-bogota\/dscn9967\/\" data-orig-file=\"https:\/\/i0.wp.com\/genevieveetbernardauxameriques.fr\/wp-content\/uploads\/2017\/04\/DSCN9967.jpg?fit=4608%2C3456&amp;ssl=1\" data-orig-size=\"4608,3456\" data-comments-opened=\"1\" data-image-meta=\"{&quot;aperture&quot;:&quot;3.2&quot;,&quot;credit&quot;:&quot;&quot;,&quot;camera&quot;:&quot;COOLPIX P900&quot;,&quot;caption&quot;:&quot;&quot;,&quot;created_timestamp&quot;:&quot;1491257895&quot;,&quot;copyright&quot;:&quot;&quot;,&quot;focal_length&quot;:&quot;5.4&quot;,&quot;iso&quot;:&quot;100&quot;,&quot;shutter_speed&quot;:&quot;0.001&quot;,&quot;title&quot;:&quot;&quot;,&quot;orientation&quot;:&quot;1&quot;}\" data-image-title=\"DSCN9967\" data-image-description=\"\" data-image-caption=\"\" data-medium-file=\"https:\/\/i0.wp.com\/genevieveetbernardauxameriques.fr\/wp-content\/uploads\/2017\/04\/DSCN9967.jpg?fit=300%2C225&amp;ssl=1\" data-large-file=\"https:\/\/i0.wp.com\/genevieveetbernardauxameriques.fr\/wp-content\/uploads\/2017\/04\/DSCN9967.jpg?fit=640%2C480&amp;ssl=1\" class=\"alignnone size-large wp-image-17891\" src=\"https:\/\/i0.wp.com\/genevieveetbernardauxameriques.fr\/wp-content\/uploads\/2017\/04\/DSCN9967.jpg?resize=640%2C480&#038;ssl=1\" alt=\"\" width=\"640\" height=\"480\" srcset=\"https:\/\/i0.wp.com\/genevieveetbernardauxameriques.fr\/wp-content\/uploads\/2017\/04\/DSCN9967.jpg?resize=1024%2C768&amp;ssl=1 1024w, https:\/\/i0.wp.com\/genevieveetbernardauxameriques.fr\/wp-content\/uploads\/2017\/04\/DSCN9967.jpg?resize=300%2C225&amp;ssl=1 300w, https:\/\/i0.wp.com\/genevieveetbernardauxameriques.fr\/wp-content\/uploads\/2017\/04\/DSCN9967.jpg?resize=768%2C576&amp;ssl=1 768w, https:\/\/i0.wp.com\/genevieveetbernardauxameriques.fr\/wp-content\/uploads\/2017\/04\/DSCN9967.jpg?w=1280&amp;ssl=1 1280w, https:\/\/i0.wp.com\/genevieveetbernardauxameriques.fr\/wp-content\/uploads\/2017\/04\/DSCN9967.jpg?w=1920&amp;ssl=1 1920w\" sizes=\"(max-width: 640px) 100vw, 640px\" data-recalc-dims=\"1\" \/><\/p>\n<p>Avant d&rsquo;arriver \u00e0 notre destination finale, nous \u00a0nous arr\u00eatons \u00e0 \u00a0la Piedra de Penol ou Piedra de Guatap\u00e9. Il s&rsquo;agit d&rsquo;un monolithe de granit, fruit d&rsquo;une \u00e9ruption volcanique pour le moins impressionnant. Haut de\u00a0200 m, on peut l&rsquo;escalader par un escalier de briques de 679 marches, il para\u00eet que la vue y est spectaculaire&#8230;. Il est situ\u00e9 sur une propri\u00e9t\u00e9 priv\u00e9e et le propri\u00e9taire a une l&rsquo;id\u00e9e de construire cet escalier. A 6 E l&rsquo;entr\u00e9e il est bien rentabilis\u00e9.<\/p>\n<p><img loading=\"lazy\" decoding=\"async\" data-attachment-id=\"17893\" data-permalink=\"https:\/\/genevieveetbernardauxameriques.fr\/index.php\/2017\/04\/18\/colombie-3eme-article-de-medellin-a-bogota\/dscn9974\/\" data-orig-file=\"https:\/\/i0.wp.com\/genevieveetbernardauxameriques.fr\/wp-content\/uploads\/2017\/04\/DSCN9974.jpg?fit=4608%2C3456&amp;ssl=1\" data-orig-size=\"4608,3456\" data-comments-opened=\"1\" data-image-meta=\"{&quot;aperture&quot;:&quot;3.5&quot;,&quot;credit&quot;:&quot;&quot;,&quot;camera&quot;:&quot;COOLPIX P900&quot;,&quot;caption&quot;:&quot;&quot;,&quot;created_timestamp&quot;:&quot;1491259958&quot;,&quot;copyright&quot;:&quot;&quot;,&quot;focal_length&quot;:&quot;10.7&quot;,&quot;iso&quot;:&quot;100&quot;,&quot;shutter_speed&quot;:&quot;0.0008&quot;,&quot;title&quot;:&quot;&quot;,&quot;orientation&quot;:&quot;1&quot;}\" data-image-title=\"DSCN9974\" data-image-description=\"\" data-image-caption=\"\" data-medium-file=\"https:\/\/i0.wp.com\/genevieveetbernardauxameriques.fr\/wp-content\/uploads\/2017\/04\/DSCN9974.jpg?fit=300%2C225&amp;ssl=1\" data-large-file=\"https:\/\/i0.wp.com\/genevieveetbernardauxameriques.fr\/wp-content\/uploads\/2017\/04\/DSCN9974.jpg?fit=640%2C480&amp;ssl=1\" class=\"alignnone size-large wp-image-17893\" src=\"https:\/\/i0.wp.com\/genevieveetbernardauxameriques.fr\/wp-content\/uploads\/2017\/04\/DSCN9974.jpg?resize=640%2C480&#038;ssl=1\" alt=\"\" width=\"640\" height=\"480\" srcset=\"https:\/\/i0.wp.com\/genevieveetbernardauxameriques.fr\/wp-content\/uploads\/2017\/04\/DSCN9974.jpg?resize=1024%2C768&amp;ssl=1 1024w, https:\/\/i0.wp.com\/genevieveetbernardauxameriques.fr\/wp-content\/uploads\/2017\/04\/DSCN9974.jpg?resize=300%2C225&amp;ssl=1 300w, https:\/\/i0.wp.com\/genevieveetbernardauxameriques.fr\/wp-content\/uploads\/2017\/04\/DSCN9974.jpg?resize=768%2C576&amp;ssl=1 768w, https:\/\/i0.wp.com\/genevieveetbernardauxameriques.fr\/wp-content\/uploads\/2017\/04\/DSCN9974.jpg?w=1280&amp;ssl=1 1280w, https:\/\/i0.wp.com\/genevieveetbernardauxameriques.fr\/wp-content\/uploads\/2017\/04\/DSCN9974.jpg?w=1920&amp;ssl=1 1920w\" sizes=\"(max-width: 640px) 100vw, 640px\" data-recalc-dims=\"1\" \/><img loading=\"lazy\" decoding=\"async\" data-attachment-id=\"17963\" data-permalink=\"https:\/\/genevieveetbernardauxameriques.fr\/index.php\/2017\/04\/18\/colombie-3eme-article-de-medellin-a-bogota\/dscn9984\/\" data-orig-file=\"https:\/\/i0.wp.com\/genevieveetbernardauxameriques.fr\/wp-content\/uploads\/2017\/04\/DSCN9984.jpg?fit=540%2C720&amp;ssl=1\" data-orig-size=\"540,720\" data-comments-opened=\"1\" data-image-meta=\"{&quot;aperture&quot;:&quot;4&quot;,&quot;credit&quot;:&quot;&quot;,&quot;camera&quot;:&quot;COOLPIX P900&quot;,&quot;caption&quot;:&quot;&quot;,&quot;created_timestamp&quot;:&quot;1491260721&quot;,&quot;copyright&quot;:&quot;&quot;,&quot;focal_length&quot;:&quot;20.5&quot;,&quot;iso&quot;:&quot;100&quot;,&quot;shutter_speed&quot;:&quot;0.004&quot;,&quot;title&quot;:&quot;&quot;,&quot;orientation&quot;:&quot;1&quot;}\" data-image-title=\"DSCN9984\" data-image-description=\"\" data-image-caption=\"\" data-medium-file=\"https:\/\/i0.wp.com\/genevieveetbernardauxameriques.fr\/wp-content\/uploads\/2017\/04\/DSCN9984.jpg?fit=225%2C300&amp;ssl=1\" data-large-file=\"https:\/\/i0.wp.com\/genevieveetbernardauxameriques.fr\/wp-content\/uploads\/2017\/04\/DSCN9984.jpg?fit=540%2C720&amp;ssl=1\" class=\"wp-image-17963 aligncenter\" src=\"https:\/\/i0.wp.com\/genevieveetbernardauxameriques.fr\/wp-content\/uploads\/2017\/04\/DSCN9984.jpg?resize=402%2C536&#038;ssl=1\" alt=\"\" width=\"402\" height=\"536\" srcset=\"https:\/\/i0.wp.com\/genevieveetbernardauxameriques.fr\/wp-content\/uploads\/2017\/04\/DSCN9984.jpg?w=540&amp;ssl=1 540w, https:\/\/i0.wp.com\/genevieveetbernardauxameriques.fr\/wp-content\/uploads\/2017\/04\/DSCN9984.jpg?resize=225%2C300&amp;ssl=1 225w\" sizes=\"(max-width: 402px) 100vw, 402px\" data-recalc-dims=\"1\" \/><\/p>\n<p>Nous avons fait depuis Medellin 80 kms.<\/p>\n<p>Je suis en train de prendre une photo d&rsquo;un h\u00f4tel en me penchant vers le pare brise, lorsque nous passons sur un topes (dos d&rsquo;\u00e2ne) que Bernard n&rsquo;a pas vu, ils ne sont pas signal\u00e9s ni color\u00e9s, mon appareil \u00e0 cogn\u00e9 contre le pare brise et depuis je n&rsquo;ai plus de zoom&#8230;&#8230; Il doit \u00eatre d\u00e9cal\u00e9 et il fait un \u00e9norme bruit. Nous sommes oblig\u00e9s d&rsquo;attendre notre retour en France pour la r\u00e9paration.<\/p>\n<p>Voil\u00e0 le topes, (pris au retour en photo)<\/p>\n<p><a href=\"https:\/\/i0.wp.com\/genevieveetbernardauxameriques.fr\/wp-content\/uploads\/2017\/04\/P1070904.jpg?ssl=1\"><img loading=\"lazy\" decoding=\"async\" data-attachment-id=\"17942\" data-permalink=\"https:\/\/genevieveetbernardauxameriques.fr\/index.php\/2017\/04\/18\/colombie-3eme-article-de-medellin-a-bogota\/p1070904\/\" data-orig-file=\"https:\/\/i0.wp.com\/genevieveetbernardauxameriques.fr\/wp-content\/uploads\/2017\/04\/P1070904.jpg?fit=720%2C540&amp;ssl=1\" data-orig-size=\"720,540\" data-comments-opened=\"1\" data-image-meta=\"{&quot;aperture&quot;:&quot;6.3&quot;,&quot;credit&quot;:&quot;&quot;,&quot;camera&quot;:&quot;DMC-TZ55&quot;,&quot;caption&quot;:&quot;&quot;,&quot;created_timestamp&quot;:&quot;1491410697&quot;,&quot;copyright&quot;:&quot;&quot;,&quot;focal_length&quot;:&quot;21.8&quot;,&quot;iso&quot;:&quot;125&quot;,&quot;shutter_speed&quot;:&quot;0.008&quot;,&quot;title&quot;:&quot;&quot;,&quot;orientation&quot;:&quot;1&quot;}\" data-image-title=\"P1070904\" data-image-description=\"\" data-image-caption=\"\" data-medium-file=\"https:\/\/i0.wp.com\/genevieveetbernardauxameriques.fr\/wp-content\/uploads\/2017\/04\/P1070904.jpg?fit=300%2C225&amp;ssl=1\" data-large-file=\"https:\/\/i0.wp.com\/genevieveetbernardauxameriques.fr\/wp-content\/uploads\/2017\/04\/P1070904.jpg?fit=640%2C480&amp;ssl=1\" class=\"wp-image-17942 aligncenter\" src=\"https:\/\/i0.wp.com\/genevieveetbernardauxameriques.fr\/wp-content\/uploads\/2017\/04\/P1070904.jpg?resize=555%2C416&#038;ssl=1\" alt=\"\" width=\"555\" height=\"416\" srcset=\"https:\/\/i0.wp.com\/genevieveetbernardauxameriques.fr\/wp-content\/uploads\/2017\/04\/P1070904.jpg?w=720&amp;ssl=1 720w, https:\/\/i0.wp.com\/genevieveetbernardauxameriques.fr\/wp-content\/uploads\/2017\/04\/P1070904.jpg?resize=300%2C225&amp;ssl=1 300w\" sizes=\"(max-width: 555px) 100vw, 555px\" data-recalc-dims=\"1\" \/><\/a><\/p>\n<p>Puis nous arrivons \u00e0 <strong>GUATAPE<\/strong>, on se gare au bord du lac dans le centre de la ville, parking gard\u00e9 le jour pour 6000 P (2\u20ac) et le poste de police est juste \u00e0 c\u00f4t\u00e9.<\/p>\n<p><img loading=\"lazy\" decoding=\"async\" data-attachment-id=\"17916\" data-permalink=\"https:\/\/genevieveetbernardauxameriques.fr\/index.php\/2017\/04\/18\/colombie-3eme-article-de-medellin-a-bogota\/p1070868\/\" data-orig-file=\"https:\/\/i0.wp.com\/genevieveetbernardauxameriques.fr\/wp-content\/uploads\/2017\/04\/P1070868.jpg?fit=720%2C540&amp;ssl=1\" data-orig-size=\"720,540\" data-comments-opened=\"1\" data-image-meta=\"{&quot;aperture&quot;:&quot;4&quot;,&quot;credit&quot;:&quot;&quot;,&quot;camera&quot;:&quot;DMC-TZ55&quot;,&quot;caption&quot;:&quot;&quot;,&quot;created_timestamp&quot;:&quot;1491330089&quot;,&quot;copyright&quot;:&quot;&quot;,&quot;focal_length&quot;:&quot;4.3&quot;,&quot;iso&quot;:&quot;100&quot;,&quot;shutter_speed&quot;:&quot;0.002&quot;,&quot;title&quot;:&quot;&quot;,&quot;orientation&quot;:&quot;1&quot;}\" data-image-title=\"P1070868\" data-image-description=\"\" data-image-caption=\"\" data-medium-file=\"https:\/\/i0.wp.com\/genevieveetbernardauxameriques.fr\/wp-content\/uploads\/2017\/04\/P1070868.jpg?fit=300%2C225&amp;ssl=1\" data-large-file=\"https:\/\/i0.wp.com\/genevieveetbernardauxameriques.fr\/wp-content\/uploads\/2017\/04\/P1070868.jpg?fit=640%2C480&amp;ssl=1\" class=\"alignnone size-full wp-image-17916\" src=\"https:\/\/i0.wp.com\/genevieveetbernardauxameriques.fr\/wp-content\/uploads\/2017\/04\/P1070868.jpg?resize=640%2C480&#038;ssl=1\" alt=\"\" width=\"640\" height=\"480\" srcset=\"https:\/\/i0.wp.com\/genevieveetbernardauxameriques.fr\/wp-content\/uploads\/2017\/04\/P1070868.jpg?w=720&amp;ssl=1 720w, https:\/\/i0.wp.com\/genevieveetbernardauxameriques.fr\/wp-content\/uploads\/2017\/04\/P1070868.jpg?resize=300%2C225&amp;ssl=1 300w\" sizes=\"(max-width: 640px) 100vw, 640px\" data-recalc-dims=\"1\" \/><\/p>\n<p>Nous trouvons que c&rsquo;est encore la plus jolie ville depuis notre arriv\u00e9e en Colombie.<\/p>\n<p>Elle est situ\u00e9 au bord du lac et sur les maisons bien fleuries, il y a des fresques dans la partie inf\u00e9rieure des b\u00e2timents et dans presque chaque rue, l&rsquo;histoire du village est affich\u00e9e sur les murs des maisons.<\/p>\n<p>Quelques fresques : ce ne sont pas des peintures mais de petites sculptures en b\u00e9ton.<\/p>\n<div class=\"separator\">\n<div><b><img loading=\"lazy\" decoding=\"async\" data-attachment-id=\"17934\" data-permalink=\"https:\/\/genevieveetbernardauxameriques.fr\/index.php\/2017\/04\/18\/colombie-3eme-article-de-medellin-a-bogota\/p1070890\/\" data-orig-file=\"https:\/\/i0.wp.com\/genevieveetbernardauxameriques.fr\/wp-content\/uploads\/2017\/04\/P1070890.jpg?fit=720%2C540&amp;ssl=1\" data-orig-size=\"720,540\" data-comments-opened=\"1\" data-image-meta=\"{&quot;aperture&quot;:&quot;3.3&quot;,&quot;credit&quot;:&quot;&quot;,&quot;camera&quot;:&quot;DMC-TZ55&quot;,&quot;caption&quot;:&quot;&quot;,&quot;created_timestamp&quot;:&quot;1491348286&quot;,&quot;copyright&quot;:&quot;&quot;,&quot;focal_length&quot;:&quot;4.3&quot;,&quot;iso&quot;:&quot;640&quot;,&quot;shutter_speed&quot;:&quot;0.002&quot;,&quot;title&quot;:&quot;&quot;,&quot;orientation&quot;:&quot;1&quot;}\" data-image-title=\"P1070890\" data-image-description=\"\" data-image-caption=\"\" data-medium-file=\"https:\/\/i0.wp.com\/genevieveetbernardauxameriques.fr\/wp-content\/uploads\/2017\/04\/P1070890.jpg?fit=300%2C225&amp;ssl=1\" data-large-file=\"https:\/\/i0.wp.com\/genevieveetbernardauxameriques.fr\/wp-content\/uploads\/2017\/04\/P1070890.jpg?fit=640%2C480&amp;ssl=1\" class=\"alignnone size-full wp-image-17934\" src=\"https:\/\/i0.wp.com\/genevieveetbernardauxameriques.fr\/wp-content\/uploads\/2017\/04\/P1070890.jpg?resize=640%2C480&#038;ssl=1\" alt=\"\" width=\"640\" height=\"480\" srcset=\"https:\/\/i0.wp.com\/genevieveetbernardauxameriques.fr\/wp-content\/uploads\/2017\/04\/P1070890.jpg?w=720&amp;ssl=1 720w, https:\/\/i0.wp.com\/genevieveetbernardauxameriques.fr\/wp-content\/uploads\/2017\/04\/P1070890.jpg?resize=300%2C225&amp;ssl=1 300w\" sizes=\"(max-width: 640px) 100vw, 640px\" data-recalc-dims=\"1\" \/><\/b><\/div>\n<div><img loading=\"lazy\" decoding=\"async\" data-attachment-id=\"17914\" data-permalink=\"https:\/\/genevieveetbernardauxameriques.fr\/index.php\/2017\/04\/18\/colombie-3eme-article-de-medellin-a-bogota\/p1070865\/\" data-orig-file=\"https:\/\/i0.wp.com\/genevieveetbernardauxameriques.fr\/wp-content\/uploads\/2017\/04\/P1070865.jpg?fit=720%2C540&amp;ssl=1\" data-orig-size=\"720,540\" data-comments-opened=\"1\" data-image-meta=\"{&quot;aperture&quot;:&quot;3.3&quot;,&quot;credit&quot;:&quot;&quot;,&quot;camera&quot;:&quot;DMC-TZ55&quot;,&quot;caption&quot;:&quot;&quot;,&quot;created_timestamp&quot;:&quot;1491267939&quot;,&quot;copyright&quot;:&quot;&quot;,&quot;focal_length&quot;:&quot;4.4&quot;,&quot;iso&quot;:&quot;1600&quot;,&quot;shutter_speed&quot;:&quot;0.003125&quot;,&quot;title&quot;:&quot;&quot;,&quot;orientation&quot;:&quot;1&quot;}\" data-image-title=\"P1070865\" data-image-description=\"\" data-image-caption=\"\" data-medium-file=\"https:\/\/i0.wp.com\/genevieveetbernardauxameriques.fr\/wp-content\/uploads\/2017\/04\/P1070865.jpg?fit=300%2C225&amp;ssl=1\" data-large-file=\"https:\/\/i0.wp.com\/genevieveetbernardauxameriques.fr\/wp-content\/uploads\/2017\/04\/P1070865.jpg?fit=640%2C480&amp;ssl=1\" class=\"alignnone size-full wp-image-17914\" src=\"https:\/\/i0.wp.com\/genevieveetbernardauxameriques.fr\/wp-content\/uploads\/2017\/04\/P1070865.jpg?resize=640%2C480&#038;ssl=1\" alt=\"\" width=\"640\" height=\"480\" srcset=\"https:\/\/i0.wp.com\/genevieveetbernardauxameriques.fr\/wp-content\/uploads\/2017\/04\/P1070865.jpg?w=720&amp;ssl=1 720w, https:\/\/i0.wp.com\/genevieveetbernardauxameriques.fr\/wp-content\/uploads\/2017\/04\/P1070865.jpg?resize=300%2C225&amp;ssl=1 300w\" sizes=\"(max-width: 640px) 100vw, 640px\" data-recalc-dims=\"1\" \/><\/div>\n<div><b><a href=\"https:\/\/i0.wp.com\/genevieveetbernardauxameriques.fr\/wp-content\/uploads\/2017\/04\/P1070894.jpg?ssl=1\"><img loading=\"lazy\" decoding=\"async\" data-attachment-id=\"17937\" data-permalink=\"https:\/\/genevieveetbernardauxameriques.fr\/index.php\/2017\/04\/18\/colombie-3eme-article-de-medellin-a-bogota\/p1070894\/\" data-orig-file=\"https:\/\/i0.wp.com\/genevieveetbernardauxameriques.fr\/wp-content\/uploads\/2017\/04\/P1070894.jpg?fit=720%2C540&amp;ssl=1\" data-orig-size=\"720,540\" data-comments-opened=\"1\" data-image-meta=\"{&quot;aperture&quot;:&quot;3.3&quot;,&quot;credit&quot;:&quot;&quot;,&quot;camera&quot;:&quot;DMC-TZ55&quot;,&quot;caption&quot;:&quot;&quot;,&quot;created_timestamp&quot;:&quot;1491349281&quot;,&quot;copyright&quot;:&quot;&quot;,&quot;focal_length&quot;:&quot;4.3&quot;,&quot;iso&quot;:&quot;500&quot;,&quot;shutter_speed&quot;:&quot;0.002&quot;,&quot;title&quot;:&quot;&quot;,&quot;orientation&quot;:&quot;1&quot;}\" data-image-title=\"P1070894\" data-image-description=\"\" data-image-caption=\"\" data-medium-file=\"https:\/\/i0.wp.com\/genevieveetbernardauxameriques.fr\/wp-content\/uploads\/2017\/04\/P1070894.jpg?fit=300%2C225&amp;ssl=1\" data-large-file=\"https:\/\/i0.wp.com\/genevieveetbernardauxameriques.fr\/wp-content\/uploads\/2017\/04\/P1070894.jpg?fit=640%2C480&amp;ssl=1\" class=\"alignnone size-full wp-image-17937\" src=\"https:\/\/i0.wp.com\/genevieveetbernardauxameriques.fr\/wp-content\/uploads\/2017\/04\/P1070894.jpg?resize=640%2C480&#038;ssl=1\" alt=\"\" width=\"640\" height=\"480\" srcset=\"https:\/\/i0.wp.com\/genevieveetbernardauxameriques.fr\/wp-content\/uploads\/2017\/04\/P1070894.jpg?w=720&amp;ssl=1 720w, https:\/\/i0.wp.com\/genevieveetbernardauxameriques.fr\/wp-content\/uploads\/2017\/04\/P1070894.jpg?resize=300%2C225&amp;ssl=1 300w\" sizes=\"(max-width: 640px) 100vw, 640px\" data-recalc-dims=\"1\" \/><\/a><\/b><\/div>\n<div>\n<div><b><a href=\"https:\/\/i0.wp.com\/genevieveetbernardauxameriques.fr\/wp-content\/uploads\/2017\/04\/P1070864.jpg?ssl=1\"><img loading=\"lazy\" decoding=\"async\" data-attachment-id=\"17913\" data-permalink=\"https:\/\/genevieveetbernardauxameriques.fr\/index.php\/2017\/04\/18\/colombie-3eme-article-de-medellin-a-bogota\/p1070864\/\" data-orig-file=\"https:\/\/i0.wp.com\/genevieveetbernardauxameriques.fr\/wp-content\/uploads\/2017\/04\/P1070864.jpg?fit=540%2C720&amp;ssl=1\" data-orig-size=\"540,720\" data-comments-opened=\"1\" data-image-meta=\"{&quot;aperture&quot;:&quot;3.3&quot;,&quot;credit&quot;:&quot;&quot;,&quot;camera&quot;:&quot;DMC-TZ55&quot;,&quot;caption&quot;:&quot;&quot;,&quot;created_timestamp&quot;:&quot;1491267855&quot;,&quot;copyright&quot;:&quot;&quot;,&quot;focal_length&quot;:&quot;4.3&quot;,&quot;iso&quot;:&quot;400&quot;,&quot;shutter_speed&quot;:&quot;0.025&quot;,&quot;title&quot;:&quot;&quot;,&quot;orientation&quot;:&quot;1&quot;}\" data-image-title=\"P1070864\" data-image-description=\"\" data-image-caption=\"\" data-medium-file=\"https:\/\/i0.wp.com\/genevieveetbernardauxameriques.fr\/wp-content\/uploads\/2017\/04\/P1070864.jpg?fit=225%2C300&amp;ssl=1\" data-large-file=\"https:\/\/i0.wp.com\/genevieveetbernardauxameriques.fr\/wp-content\/uploads\/2017\/04\/P1070864.jpg?fit=540%2C720&amp;ssl=1\" class=\"size-full wp-image-17913 aligncenter\" src=\"https:\/\/i0.wp.com\/genevieveetbernardauxameriques.fr\/wp-content\/uploads\/2017\/04\/P1070864.jpg?resize=540%2C720&#038;ssl=1\" alt=\"\" width=\"540\" height=\"720\" srcset=\"https:\/\/i0.wp.com\/genevieveetbernardauxameriques.fr\/wp-content\/uploads\/2017\/04\/P1070864.jpg?w=540&amp;ssl=1 540w, https:\/\/i0.wp.com\/genevieveetbernardauxameriques.fr\/wp-content\/uploads\/2017\/04\/P1070864.jpg?resize=225%2C300&amp;ssl=1 225w\" sizes=\"(max-width: 540px) 100vw, 540px\" data-recalc-dims=\"1\" \/><\/a><a href=\"https:\/\/i0.wp.com\/genevieveetbernardauxameriques.fr\/wp-content\/uploads\/2017\/04\/P1070863.jpg?ssl=1\"><img loading=\"lazy\" decoding=\"async\" data-attachment-id=\"17912\" data-permalink=\"https:\/\/genevieveetbernardauxameriques.fr\/index.php\/2017\/04\/18\/colombie-3eme-article-de-medellin-a-bogota\/p1070863\/\" data-orig-file=\"https:\/\/i0.wp.com\/genevieveetbernardauxameriques.fr\/wp-content\/uploads\/2017\/04\/P1070863.jpg?fit=720%2C540&amp;ssl=1\" data-orig-size=\"720,540\" data-comments-opened=\"1\" data-image-meta=\"{&quot;aperture&quot;:&quot;3.3&quot;,&quot;credit&quot;:&quot;&quot;,&quot;camera&quot;:&quot;DMC-TZ55&quot;,&quot;caption&quot;:&quot;&quot;,&quot;created_timestamp&quot;:&quot;1491267823&quot;,&quot;copyright&quot;:&quot;&quot;,&quot;focal_length&quot;:&quot;4.3&quot;,&quot;iso&quot;:&quot;1250&quot;,&quot;shutter_speed&quot;:&quot;0.005&quot;,&quot;title&quot;:&quot;&quot;,&quot;orientation&quot;:&quot;1&quot;}\" data-image-title=\"P1070863\" data-image-description=\"\" data-image-caption=\"\" data-medium-file=\"https:\/\/i0.wp.com\/genevieveetbernardauxameriques.fr\/wp-content\/uploads\/2017\/04\/P1070863.jpg?fit=300%2C225&amp;ssl=1\" data-large-file=\"https:\/\/i0.wp.com\/genevieveetbernardauxameriques.fr\/wp-content\/uploads\/2017\/04\/P1070863.jpg?fit=640%2C480&amp;ssl=1\" class=\"alignnone size-full wp-image-17912\" src=\"https:\/\/i0.wp.com\/genevieveetbernardauxameriques.fr\/wp-content\/uploads\/2017\/04\/P1070863.jpg?resize=640%2C480&#038;ssl=1\" alt=\"\" width=\"640\" height=\"480\" srcset=\"https:\/\/i0.wp.com\/genevieveetbernardauxameriques.fr\/wp-content\/uploads\/2017\/04\/P1070863.jpg?w=720&amp;ssl=1 720w, https:\/\/i0.wp.com\/genevieveetbernardauxameriques.fr\/wp-content\/uploads\/2017\/04\/P1070863.jpg?resize=300%2C225&amp;ssl=1 300w\" sizes=\"(max-width: 640px) 100vw, 640px\" data-recalc-dims=\"1\" \/><\/a><\/b><\/div>\n<div>\n<div><b><a href=\"https:\/\/i0.wp.com\/genevieveetbernardauxameriques.fr\/wp-content\/uploads\/2017\/04\/P1070856.jpg?ssl=1\"><img loading=\"lazy\" decoding=\"async\" data-attachment-id=\"17908\" data-permalink=\"https:\/\/genevieveetbernardauxameriques.fr\/index.php\/2017\/04\/18\/colombie-3eme-article-de-medellin-a-bogota\/p1070856\/\" data-orig-file=\"https:\/\/i0.wp.com\/genevieveetbernardauxameriques.fr\/wp-content\/uploads\/2017\/04\/P1070856.jpg?fit=720%2C540&amp;ssl=1\" data-orig-size=\"720,540\" data-comments-opened=\"1\" data-image-meta=\"{&quot;aperture&quot;:&quot;3.9&quot;,&quot;credit&quot;:&quot;&quot;,&quot;camera&quot;:&quot;DMC-TZ55&quot;,&quot;caption&quot;:&quot;&quot;,&quot;created_timestamp&quot;:&quot;1491267160&quot;,&quot;copyright&quot;:&quot;&quot;,&quot;focal_length&quot;:&quot;7.4&quot;,&quot;iso&quot;:&quot;1000&quot;,&quot;shutter_speed&quot;:&quot;0.01&quot;,&quot;title&quot;:&quot;&quot;,&quot;orientation&quot;:&quot;1&quot;}\" data-image-title=\"P1070856\" data-image-description=\"\" data-image-caption=\"\" data-medium-file=\"https:\/\/i0.wp.com\/genevieveetbernardauxameriques.fr\/wp-content\/uploads\/2017\/04\/P1070856.jpg?fit=300%2C225&amp;ssl=1\" data-large-file=\"https:\/\/i0.wp.com\/genevieveetbernardauxameriques.fr\/wp-content\/uploads\/2017\/04\/P1070856.jpg?fit=640%2C480&amp;ssl=1\" class=\"alignnone size-full wp-image-17908\" src=\"https:\/\/i0.wp.com\/genevieveetbernardauxameriques.fr\/wp-content\/uploads\/2017\/04\/P1070856.jpg?resize=640%2C480&#038;ssl=1\" alt=\"\" width=\"640\" height=\"480\" srcset=\"https:\/\/i0.wp.com\/genevieveetbernardauxameriques.fr\/wp-content\/uploads\/2017\/04\/P1070856.jpg?w=720&amp;ssl=1 720w, https:\/\/i0.wp.com\/genevieveetbernardauxameriques.fr\/wp-content\/uploads\/2017\/04\/P1070856.jpg?resize=300%2C225&amp;ssl=1 300w\" sizes=\"(max-width: 640px) 100vw, 640px\" data-recalc-dims=\"1\" \/><\/a><a href=\"https:\/\/i0.wp.com\/genevieveetbernardauxameriques.fr\/wp-content\/uploads\/2017\/04\/P1070854.jpg?ssl=1\"><img loading=\"lazy\" decoding=\"async\" data-attachment-id=\"17907\" data-permalink=\"https:\/\/genevieveetbernardauxameriques.fr\/index.php\/2017\/04\/18\/colombie-3eme-article-de-medellin-a-bogota\/p1070854\/\" data-orig-file=\"https:\/\/i0.wp.com\/genevieveetbernardauxameriques.fr\/wp-content\/uploads\/2017\/04\/P1070854.jpg?fit=540%2C720&amp;ssl=1\" data-orig-size=\"540,720\" data-comments-opened=\"1\" data-image-meta=\"{&quot;aperture&quot;:&quot;3.9&quot;,&quot;credit&quot;:&quot;&quot;,&quot;camera&quot;:&quot;DMC-TZ55&quot;,&quot;caption&quot;:&quot;&quot;,&quot;created_timestamp&quot;:&quot;1491267058&quot;,&quot;copyright&quot;:&quot;&quot;,&quot;focal_length&quot;:&quot;7.4&quot;,&quot;iso&quot;:&quot;320&quot;,&quot;shutter_speed&quot;:&quot;0.016666666666667&quot;,&quot;title&quot;:&quot;&quot;,&quot;orientation&quot;:&quot;1&quot;}\" data-image-title=\"P1070854\" data-image-description=\"\" data-image-caption=\"\" data-medium-file=\"https:\/\/i0.wp.com\/genevieveetbernardauxameriques.fr\/wp-content\/uploads\/2017\/04\/P1070854.jpg?fit=225%2C300&amp;ssl=1\" data-large-file=\"https:\/\/i0.wp.com\/genevieveetbernardauxameriques.fr\/wp-content\/uploads\/2017\/04\/P1070854.jpg?fit=540%2C720&amp;ssl=1\" class=\"size-full wp-image-17907 aligncenter\" src=\"https:\/\/i0.wp.com\/genevieveetbernardauxameriques.fr\/wp-content\/uploads\/2017\/04\/P1070854.jpg?resize=540%2C720&#038;ssl=1\" alt=\"\" width=\"540\" height=\"720\" srcset=\"https:\/\/i0.wp.com\/genevieveetbernardauxameriques.fr\/wp-content\/uploads\/2017\/04\/P1070854.jpg?w=540&amp;ssl=1 540w, https:\/\/i0.wp.com\/genevieveetbernardauxameriques.fr\/wp-content\/uploads\/2017\/04\/P1070854.jpg?resize=225%2C300&amp;ssl=1 225w\" sizes=\"(max-width: 540px) 100vw, 540px\" data-recalc-dims=\"1\" \/><\/a><a href=\"https:\/\/i0.wp.com\/genevieveetbernardauxameriques.fr\/wp-content\/uploads\/2017\/04\/P1070853.jpg?ssl=1\"><img loading=\"lazy\" decoding=\"async\" data-attachment-id=\"17906\" data-permalink=\"https:\/\/genevieveetbernardauxameriques.fr\/index.php\/2017\/04\/18\/colombie-3eme-article-de-medellin-a-bogota\/p1070853\/\" data-orig-file=\"https:\/\/i0.wp.com\/genevieveetbernardauxameriques.fr\/wp-content\/uploads\/2017\/04\/P1070853.jpg?fit=720%2C540&amp;ssl=1\" data-orig-size=\"720,540\" data-comments-opened=\"1\" data-image-meta=\"{&quot;aperture&quot;:&quot;3.3&quot;,&quot;credit&quot;:&quot;&quot;,&quot;camera&quot;:&quot;DMC-TZ55&quot;,&quot;caption&quot;:&quot;&quot;,&quot;created_timestamp&quot;:&quot;1491266995&quot;,&quot;copyright&quot;:&quot;&quot;,&quot;focal_length&quot;:&quot;4.3&quot;,&quot;iso&quot;:&quot;1250&quot;,&quot;shutter_speed&quot;:&quot;0.005&quot;,&quot;title&quot;:&quot;&quot;,&quot;orientation&quot;:&quot;1&quot;}\" data-image-title=\"P1070853\" data-image-description=\"\" data-image-caption=\"\" data-medium-file=\"https:\/\/i0.wp.com\/genevieveetbernardauxameriques.fr\/wp-content\/uploads\/2017\/04\/P1070853.jpg?fit=300%2C225&amp;ssl=1\" data-large-file=\"https:\/\/i0.wp.com\/genevieveetbernardauxameriques.fr\/wp-content\/uploads\/2017\/04\/P1070853.jpg?fit=640%2C480&amp;ssl=1\" class=\"alignnone size-full wp-image-17906\" src=\"https:\/\/i0.wp.com\/genevieveetbernardauxameriques.fr\/wp-content\/uploads\/2017\/04\/P1070853.jpg?resize=640%2C480&#038;ssl=1\" alt=\"\" width=\"640\" height=\"480\" srcset=\"https:\/\/i0.wp.com\/genevieveetbernardauxameriques.fr\/wp-content\/uploads\/2017\/04\/P1070853.jpg?w=720&amp;ssl=1 720w, https:\/\/i0.wp.com\/genevieveetbernardauxameriques.fr\/wp-content\/uploads\/2017\/04\/P1070853.jpg?resize=300%2C225&amp;ssl=1 300w\" sizes=\"(max-width: 640px) 100vw, 640px\" data-recalc-dims=\"1\" \/><\/a><\/b><\/div>\n<\/div>\n<\/div>\n<\/div>\n<div class=\"separator\">\n<div><b><a href=\"https:\/\/i0.wp.com\/genevieveetbernardauxameriques.fr\/wp-content\/uploads\/2017\/04\/P1070891.jpg?ssl=1\"><img loading=\"lazy\" decoding=\"async\" data-attachment-id=\"17935\" data-permalink=\"https:\/\/genevieveetbernardauxameriques.fr\/index.php\/2017\/04\/18\/colombie-3eme-article-de-medellin-a-bogota\/p1070891\/\" data-orig-file=\"https:\/\/i0.wp.com\/genevieveetbernardauxameriques.fr\/wp-content\/uploads\/2017\/04\/P1070891.jpg?fit=720%2C540&amp;ssl=1\" data-orig-size=\"720,540\" data-comments-opened=\"1\" data-image-meta=\"{&quot;aperture&quot;:&quot;3.5&quot;,&quot;credit&quot;:&quot;&quot;,&quot;camera&quot;:&quot;DMC-TZ55&quot;,&quot;caption&quot;:&quot;&quot;,&quot;created_timestamp&quot;:&quot;1491348927&quot;,&quot;copyright&quot;:&quot;&quot;,&quot;focal_length&quot;:&quot;4.3&quot;,&quot;iso&quot;:&quot;400&quot;,&quot;shutter_speed&quot;:&quot;0.002&quot;,&quot;title&quot;:&quot;&quot;,&quot;orientation&quot;:&quot;1&quot;}\" data-image-title=\"P1070891\" data-image-description=\"\" data-image-caption=\"\" data-medium-file=\"https:\/\/i0.wp.com\/genevieveetbernardauxameriques.fr\/wp-content\/uploads\/2017\/04\/P1070891.jpg?fit=300%2C225&amp;ssl=1\" data-large-file=\"https:\/\/i0.wp.com\/genevieveetbernardauxameriques.fr\/wp-content\/uploads\/2017\/04\/P1070891.jpg?fit=640%2C480&amp;ssl=1\" class=\"alignnone size-full wp-image-17935\" src=\"https:\/\/i0.wp.com\/genevieveetbernardauxameriques.fr\/wp-content\/uploads\/2017\/04\/P1070891.jpg?resize=640%2C480&#038;ssl=1\" alt=\"\" width=\"640\" height=\"480\" srcset=\"https:\/\/i0.wp.com\/genevieveetbernardauxameriques.fr\/wp-content\/uploads\/2017\/04\/P1070891.jpg?w=720&amp;ssl=1 720w, https:\/\/i0.wp.com\/genevieveetbernardauxameriques.fr\/wp-content\/uploads\/2017\/04\/P1070891.jpg?resize=300%2C225&amp;ssl=1 300w\" sizes=\"(max-width: 640px) 100vw, 640px\" data-recalc-dims=\"1\" \/><\/a><\/b><\/div>\n<\/div>\n<div><\/div>\n<div>Des rues prises au hasard, toutes plus jolies les unes que les autres<\/div>\n<div><\/div>\n<div><\/div>\n<div class=\"separator\">\n<div><b><a href=\"https:\/\/i0.wp.com\/genevieveetbernardauxameriques.fr\/wp-content\/uploads\/2017\/04\/P1070878.jpg?ssl=1\"><img loading=\"lazy\" decoding=\"async\" data-attachment-id=\"17925\" data-permalink=\"https:\/\/genevieveetbernardauxameriques.fr\/index.php\/2017\/04\/18\/colombie-3eme-article-de-medellin-a-bogota\/p1070878\/\" data-orig-file=\"https:\/\/i0.wp.com\/genevieveetbernardauxameriques.fr\/wp-content\/uploads\/2017\/04\/P1070878.jpg?fit=720%2C540&amp;ssl=1\" data-orig-size=\"720,540\" data-comments-opened=\"1\" data-image-meta=\"{&quot;aperture&quot;:&quot;4&quot;,&quot;credit&quot;:&quot;&quot;,&quot;camera&quot;:&quot;DMC-TZ55&quot;,&quot;caption&quot;:&quot;&quot;,&quot;created_timestamp&quot;:&quot;1491331583&quot;,&quot;copyright&quot;:&quot;&quot;,&quot;focal_length&quot;:&quot;4.3&quot;,&quot;iso&quot;:&quot;100&quot;,&quot;shutter_speed&quot;:&quot;0.003125&quot;,&quot;title&quot;:&quot;&quot;,&quot;orientation&quot;:&quot;1&quot;}\" data-image-title=\"P1070878\" data-image-description=\"\" data-image-caption=\"\" data-medium-file=\"https:\/\/i0.wp.com\/genevieveetbernardauxameriques.fr\/wp-content\/uploads\/2017\/04\/P1070878.jpg?fit=300%2C225&amp;ssl=1\" data-large-file=\"https:\/\/i0.wp.com\/genevieveetbernardauxameriques.fr\/wp-content\/uploads\/2017\/04\/P1070878.jpg?fit=640%2C480&amp;ssl=1\" class=\"alignnone size-full wp-image-17925\" src=\"https:\/\/i0.wp.com\/genevieveetbernardauxameriques.fr\/wp-content\/uploads\/2017\/04\/P1070878.jpg?resize=640%2C480&#038;ssl=1\" alt=\"\" width=\"640\" height=\"480\" srcset=\"https:\/\/i0.wp.com\/genevieveetbernardauxameriques.fr\/wp-content\/uploads\/2017\/04\/P1070878.jpg?w=720&amp;ssl=1 720w, https:\/\/i0.wp.com\/genevieveetbernardauxameriques.fr\/wp-content\/uploads\/2017\/04\/P1070878.jpg?resize=300%2C225&amp;ssl=1 300w\" sizes=\"(max-width: 640px) 100vw, 640px\" data-recalc-dims=\"1\" \/><\/a><\/b><\/div>\n<\/div>\n<div class=\"separator\">\n<div><img loading=\"lazy\" decoding=\"async\" data-attachment-id=\"17899\" data-permalink=\"https:\/\/genevieveetbernardauxameriques.fr\/index.php\/2017\/04\/18\/colombie-3eme-article-de-medellin-a-bogota\/p1070842\/\" data-orig-file=\"https:\/\/i0.wp.com\/genevieveetbernardauxameriques.fr\/wp-content\/uploads\/2017\/04\/P1070842.jpg?fit=720%2C540&amp;ssl=1\" data-orig-size=\"720,540\" data-comments-opened=\"1\" data-image-meta=\"{&quot;aperture&quot;:&quot;4&quot;,&quot;credit&quot;:&quot;&quot;,&quot;camera&quot;:&quot;DMC-TZ55&quot;,&quot;caption&quot;:&quot;&quot;,&quot;created_timestamp&quot;:&quot;1491265683&quot;,&quot;copyright&quot;:&quot;&quot;,&quot;focal_length&quot;:&quot;4.3&quot;,&quot;iso&quot;:&quot;100&quot;,&quot;shutter_speed&quot;:&quot;0.004&quot;,&quot;title&quot;:&quot;&quot;,&quot;orientation&quot;:&quot;1&quot;}\" data-image-title=\"P1070842\" data-image-description=\"\" data-image-caption=\"\" data-medium-file=\"https:\/\/i0.wp.com\/genevieveetbernardauxameriques.fr\/wp-content\/uploads\/2017\/04\/P1070842.jpg?fit=300%2C225&amp;ssl=1\" data-large-file=\"https:\/\/i0.wp.com\/genevieveetbernardauxameriques.fr\/wp-content\/uploads\/2017\/04\/P1070842.jpg?fit=640%2C480&amp;ssl=1\" class=\"alignnone size-full wp-image-17899\" src=\"https:\/\/i0.wp.com\/genevieveetbernardauxameriques.fr\/wp-content\/uploads\/2017\/04\/P1070842.jpg?resize=640%2C480&#038;ssl=1\" alt=\"\" width=\"640\" height=\"480\" srcset=\"https:\/\/i0.wp.com\/genevieveetbernardauxameriques.fr\/wp-content\/uploads\/2017\/04\/P1070842.jpg?w=720&amp;ssl=1 720w, https:\/\/i0.wp.com\/genevieveetbernardauxameriques.fr\/wp-content\/uploads\/2017\/04\/P1070842.jpg?resize=300%2C225&amp;ssl=1 300w\" sizes=\"(max-width: 640px) 100vw, 640px\" data-recalc-dims=\"1\" \/><b><a href=\"https:\/\/i0.wp.com\/genevieveetbernardauxameriques.fr\/wp-content\/uploads\/2017\/04\/P1070875.jpg?ssl=1\"><img loading=\"lazy\" decoding=\"async\" data-attachment-id=\"17923\" data-permalink=\"https:\/\/genevieveetbernardauxameriques.fr\/index.php\/2017\/04\/18\/colombie-3eme-article-de-medellin-a-bogota\/p1070875\/\" data-orig-file=\"https:\/\/i0.wp.com\/genevieveetbernardauxameriques.fr\/wp-content\/uploads\/2017\/04\/P1070875.jpg?fit=720%2C540&amp;ssl=1\" data-orig-size=\"720,540\" data-comments-opened=\"1\" data-image-meta=\"{&quot;aperture&quot;:&quot;4&quot;,&quot;credit&quot;:&quot;&quot;,&quot;camera&quot;:&quot;DMC-TZ55&quot;,&quot;caption&quot;:&quot;&quot;,&quot;created_timestamp&quot;:&quot;1491330881&quot;,&quot;copyright&quot;:&quot;&quot;,&quot;focal_length&quot;:&quot;4.3&quot;,&quot;iso&quot;:&quot;100&quot;,&quot;shutter_speed&quot;:&quot;0.0015625&quot;,&quot;title&quot;:&quot;&quot;,&quot;orientation&quot;:&quot;1&quot;}\" data-image-title=\"P1070875\" data-image-description=\"\" data-image-caption=\"\" data-medium-file=\"https:\/\/i0.wp.com\/genevieveetbernardauxameriques.fr\/wp-content\/uploads\/2017\/04\/P1070875.jpg?fit=300%2C225&amp;ssl=1\" data-large-file=\"https:\/\/i0.wp.com\/genevieveetbernardauxameriques.fr\/wp-content\/uploads\/2017\/04\/P1070875.jpg?fit=640%2C480&amp;ssl=1\" class=\"alignnone size-full wp-image-17923\" src=\"https:\/\/i0.wp.com\/genevieveetbernardauxameriques.fr\/wp-content\/uploads\/2017\/04\/P1070875.jpg?resize=640%2C480&#038;ssl=1\" alt=\"\" width=\"640\" height=\"480\" srcset=\"https:\/\/i0.wp.com\/genevieveetbernardauxameriques.fr\/wp-content\/uploads\/2017\/04\/P1070875.jpg?w=720&amp;ssl=1 720w, https:\/\/i0.wp.com\/genevieveetbernardauxameriques.fr\/wp-content\/uploads\/2017\/04\/P1070875.jpg?resize=300%2C225&amp;ssl=1 300w\" sizes=\"(max-width: 640px) 100vw, 640px\" data-recalc-dims=\"1\" \/><\/a><a href=\"https:\/\/i0.wp.com\/genevieveetbernardauxameriques.fr\/wp-content\/uploads\/2017\/04\/P1070874.jpg?ssl=1\"><img loading=\"lazy\" decoding=\"async\" data-attachment-id=\"17922\" data-permalink=\"https:\/\/genevieveetbernardauxameriques.fr\/index.php\/2017\/04\/18\/colombie-3eme-article-de-medellin-a-bogota\/p1070874\/\" data-orig-file=\"https:\/\/i0.wp.com\/genevieveetbernardauxameriques.fr\/wp-content\/uploads\/2017\/04\/P1070874.jpg?fit=720%2C540&amp;ssl=1\" data-orig-size=\"720,540\" data-comments-opened=\"1\" data-image-meta=\"{&quot;aperture&quot;:&quot;4.5&quot;,&quot;credit&quot;:&quot;&quot;,&quot;camera&quot;:&quot;DMC-TZ55&quot;,&quot;caption&quot;:&quot;&quot;,&quot;created_timestamp&quot;:&quot;1491330848&quot;,&quot;copyright&quot;:&quot;&quot;,&quot;focal_length&quot;:&quot;5.4&quot;,&quot;iso&quot;:&quot;100&quot;,&quot;shutter_speed&quot;:&quot;0.00625&quot;,&quot;title&quot;:&quot;&quot;,&quot;orientation&quot;:&quot;1&quot;}\" data-image-title=\"P1070874\" data-image-description=\"\" data-image-caption=\"\" data-medium-file=\"https:\/\/i0.wp.com\/genevieveetbernardauxameriques.fr\/wp-content\/uploads\/2017\/04\/P1070874.jpg?fit=300%2C225&amp;ssl=1\" data-large-file=\"https:\/\/i0.wp.com\/genevieveetbernardauxameriques.fr\/wp-content\/uploads\/2017\/04\/P1070874.jpg?fit=640%2C480&amp;ssl=1\" class=\"alignnone size-full wp-image-17922\" src=\"https:\/\/i0.wp.com\/genevieveetbernardauxameriques.fr\/wp-content\/uploads\/2017\/04\/P1070874.jpg?resize=640%2C480&#038;ssl=1\" alt=\"\" width=\"640\" height=\"480\" srcset=\"https:\/\/i0.wp.com\/genevieveetbernardauxameriques.fr\/wp-content\/uploads\/2017\/04\/P1070874.jpg?w=720&amp;ssl=1 720w, https:\/\/i0.wp.com\/genevieveetbernardauxameriques.fr\/wp-content\/uploads\/2017\/04\/P1070874.jpg?resize=300%2C225&amp;ssl=1 300w\" sizes=\"(max-width: 640px) 100vw, 640px\" data-recalc-dims=\"1\" \/><\/a><a href=\"https:\/\/i0.wp.com\/genevieveetbernardauxameriques.fr\/wp-content\/uploads\/2017\/04\/P1070873.jpg?ssl=1\"><img loading=\"lazy\" decoding=\"async\" data-attachment-id=\"17921\" data-permalink=\"https:\/\/genevieveetbernardauxameriques.fr\/index.php\/2017\/04\/18\/colombie-3eme-article-de-medellin-a-bogota\/p1070873\/\" data-orig-file=\"https:\/\/i0.wp.com\/genevieveetbernardauxameriques.fr\/wp-content\/uploads\/2017\/04\/P1070873.jpg?fit=720%2C540&amp;ssl=1\" data-orig-size=\"720,540\" data-comments-opened=\"1\" data-image-meta=\"{&quot;aperture&quot;:&quot;4.5&quot;,&quot;credit&quot;:&quot;&quot;,&quot;camera&quot;:&quot;DMC-TZ55&quot;,&quot;caption&quot;:&quot;&quot;,&quot;created_timestamp&quot;:&quot;1491330827&quot;,&quot;copyright&quot;:&quot;&quot;,&quot;focal_length&quot;:&quot;5.4&quot;,&quot;iso&quot;:&quot;100&quot;,&quot;shutter_speed&quot;:&quot;0.0015625&quot;,&quot;title&quot;:&quot;&quot;,&quot;orientation&quot;:&quot;1&quot;}\" data-image-title=\"P1070873\" data-image-description=\"\" data-image-caption=\"\" data-medium-file=\"https:\/\/i0.wp.com\/genevieveetbernardauxameriques.fr\/wp-content\/uploads\/2017\/04\/P1070873.jpg?fit=300%2C225&amp;ssl=1\" data-large-file=\"https:\/\/i0.wp.com\/genevieveetbernardauxameriques.fr\/wp-content\/uploads\/2017\/04\/P1070873.jpg?fit=640%2C480&amp;ssl=1\" class=\"alignnone size-full wp-image-17921\" src=\"https:\/\/i0.wp.com\/genevieveetbernardauxameriques.fr\/wp-content\/uploads\/2017\/04\/P1070873.jpg?resize=640%2C480&#038;ssl=1\" alt=\"\" width=\"640\" height=\"480\" srcset=\"https:\/\/i0.wp.com\/genevieveetbernardauxameriques.fr\/wp-content\/uploads\/2017\/04\/P1070873.jpg?w=720&amp;ssl=1 720w, https:\/\/i0.wp.com\/genevieveetbernardauxameriques.fr\/wp-content\/uploads\/2017\/04\/P1070873.jpg?resize=300%2C225&amp;ssl=1 300w\" sizes=\"(max-width: 640px) 100vw, 640px\" data-recalc-dims=\"1\" \/><\/a><a href=\"https:\/\/i0.wp.com\/genevieveetbernardauxameriques.fr\/wp-content\/uploads\/2017\/04\/P1070872.jpg?ssl=1\"><img loading=\"lazy\" decoding=\"async\" data-attachment-id=\"17920\" data-permalink=\"https:\/\/genevieveetbernardauxameriques.fr\/index.php\/2017\/04\/18\/colombie-3eme-article-de-medellin-a-bogota\/p1070872\/\" data-orig-file=\"https:\/\/i0.wp.com\/genevieveetbernardauxameriques.fr\/wp-content\/uploads\/2017\/04\/P1070872.jpg?fit=720%2C540&amp;ssl=1\" data-orig-size=\"720,540\" data-comments-opened=\"1\" data-image-meta=\"{&quot;aperture&quot;:&quot;4.5&quot;,&quot;credit&quot;:&quot;&quot;,&quot;camera&quot;:&quot;DMC-TZ55&quot;,&quot;caption&quot;:&quot;&quot;,&quot;created_timestamp&quot;:&quot;1491330782&quot;,&quot;copyright&quot;:&quot;&quot;,&quot;focal_length&quot;:&quot;5.4&quot;,&quot;iso&quot;:&quot;100&quot;,&quot;shutter_speed&quot;:&quot;0.002&quot;,&quot;title&quot;:&quot;&quot;,&quot;orientation&quot;:&quot;1&quot;}\" data-image-title=\"P1070872\" data-image-description=\"\" data-image-caption=\"\" data-medium-file=\"https:\/\/i0.wp.com\/genevieveetbernardauxameriques.fr\/wp-content\/uploads\/2017\/04\/P1070872.jpg?fit=300%2C225&amp;ssl=1\" data-large-file=\"https:\/\/i0.wp.com\/genevieveetbernardauxameriques.fr\/wp-content\/uploads\/2017\/04\/P1070872.jpg?fit=640%2C480&amp;ssl=1\" class=\"alignnone size-full wp-image-17920\" src=\"https:\/\/i0.wp.com\/genevieveetbernardauxameriques.fr\/wp-content\/uploads\/2017\/04\/P1070872.jpg?resize=640%2C480&#038;ssl=1\" alt=\"\" width=\"640\" height=\"480\" srcset=\"https:\/\/i0.wp.com\/genevieveetbernardauxameriques.fr\/wp-content\/uploads\/2017\/04\/P1070872.jpg?w=720&amp;ssl=1 720w, https:\/\/i0.wp.com\/genevieveetbernardauxameriques.fr\/wp-content\/uploads\/2017\/04\/P1070872.jpg?resize=300%2C225&amp;ssl=1 300w\" sizes=\"(max-width: 640px) 100vw, 640px\" data-recalc-dims=\"1\" \/><\/a><a href=\"https:\/\/i0.wp.com\/genevieveetbernardauxameriques.fr\/wp-content\/uploads\/2017\/04\/P1070871.jpg?ssl=1\"><img loading=\"lazy\" decoding=\"async\" data-attachment-id=\"17919\" data-permalink=\"https:\/\/genevieveetbernardauxameriques.fr\/index.php\/2017\/04\/18\/colombie-3eme-article-de-medellin-a-bogota\/p1070871\/\" data-orig-file=\"https:\/\/i0.wp.com\/genevieveetbernardauxameriques.fr\/wp-content\/uploads\/2017\/04\/P1070871.jpg?fit=720%2C540&amp;ssl=1\" data-orig-size=\"720,540\" data-comments-opened=\"1\" data-image-meta=\"{&quot;aperture&quot;:&quot;4&quot;,&quot;credit&quot;:&quot;&quot;,&quot;camera&quot;:&quot;DMC-TZ55&quot;,&quot;caption&quot;:&quot;&quot;,&quot;created_timestamp&quot;:&quot;1491330334&quot;,&quot;copyright&quot;:&quot;&quot;,&quot;focal_length&quot;:&quot;4.3&quot;,&quot;iso&quot;:&quot;100&quot;,&quot;shutter_speed&quot;:&quot;0.003125&quot;,&quot;title&quot;:&quot;&quot;,&quot;orientation&quot;:&quot;1&quot;}\" data-image-title=\"P1070871\" data-image-description=\"\" data-image-caption=\"\" data-medium-file=\"https:\/\/i0.wp.com\/genevieveetbernardauxameriques.fr\/wp-content\/uploads\/2017\/04\/P1070871.jpg?fit=300%2C225&amp;ssl=1\" data-large-file=\"https:\/\/i0.wp.com\/genevieveetbernardauxameriques.fr\/wp-content\/uploads\/2017\/04\/P1070871.jpg?fit=640%2C480&amp;ssl=1\" class=\"alignnone size-full wp-image-17919\" src=\"https:\/\/i0.wp.com\/genevieveetbernardauxameriques.fr\/wp-content\/uploads\/2017\/04\/P1070871.jpg?resize=640%2C480&#038;ssl=1\" alt=\"\" width=\"640\" height=\"480\" srcset=\"https:\/\/i0.wp.com\/genevieveetbernardauxameriques.fr\/wp-content\/uploads\/2017\/04\/P1070871.jpg?w=720&amp;ssl=1 720w, https:\/\/i0.wp.com\/genevieveetbernardauxameriques.fr\/wp-content\/uploads\/2017\/04\/P1070871.jpg?resize=300%2C225&amp;ssl=1 300w\" sizes=\"(max-width: 640px) 100vw, 640px\" data-recalc-dims=\"1\" \/><\/a><a href=\"https:\/\/i0.wp.com\/genevieveetbernardauxameriques.fr\/wp-content\/uploads\/2017\/04\/P1070870.jpg?ssl=1\"><img loading=\"lazy\" decoding=\"async\" data-attachment-id=\"17918\" data-permalink=\"https:\/\/genevieveetbernardauxameriques.fr\/index.php\/2017\/04\/18\/colombie-3eme-article-de-medellin-a-bogota\/p1070870\/\" data-orig-file=\"https:\/\/i0.wp.com\/genevieveetbernardauxameriques.fr\/wp-content\/uploads\/2017\/04\/P1070870.jpg?fit=720%2C540&amp;ssl=1\" data-orig-size=\"720,540\" data-comments-opened=\"1\" data-image-meta=\"{&quot;aperture&quot;:&quot;4&quot;,&quot;credit&quot;:&quot;&quot;,&quot;camera&quot;:&quot;DMC-TZ55&quot;,&quot;caption&quot;:&quot;&quot;,&quot;created_timestamp&quot;:&quot;1491330299&quot;,&quot;copyright&quot;:&quot;&quot;,&quot;focal_length&quot;:&quot;4.3&quot;,&quot;iso&quot;:&quot;100&quot;,&quot;shutter_speed&quot;:&quot;0.00125&quot;,&quot;title&quot;:&quot;&quot;,&quot;orientation&quot;:&quot;1&quot;}\" data-image-title=\"P1070870\" data-image-description=\"\" data-image-caption=\"\" data-medium-file=\"https:\/\/i0.wp.com\/genevieveetbernardauxameriques.fr\/wp-content\/uploads\/2017\/04\/P1070870.jpg?fit=300%2C225&amp;ssl=1\" data-large-file=\"https:\/\/i0.wp.com\/genevieveetbernardauxameriques.fr\/wp-content\/uploads\/2017\/04\/P1070870.jpg?fit=640%2C480&amp;ssl=1\" class=\"alignnone size-full wp-image-17918\" src=\"https:\/\/i0.wp.com\/genevieveetbernardauxameriques.fr\/wp-content\/uploads\/2017\/04\/P1070870.jpg?resize=640%2C480&#038;ssl=1\" alt=\"\" width=\"640\" height=\"480\" srcset=\"https:\/\/i0.wp.com\/genevieveetbernardauxameriques.fr\/wp-content\/uploads\/2017\/04\/P1070870.jpg?w=720&amp;ssl=1 720w, https:\/\/i0.wp.com\/genevieveetbernardauxameriques.fr\/wp-content\/uploads\/2017\/04\/P1070870.jpg?resize=300%2C225&amp;ssl=1 300w\" sizes=\"(max-width: 640px) 100vw, 640px\" data-recalc-dims=\"1\" \/><\/a><a href=\"https:\/\/i0.wp.com\/genevieveetbernardauxameriques.fr\/wp-content\/uploads\/2017\/04\/P1070869.jpg?ssl=1\"><img loading=\"lazy\" decoding=\"async\" data-attachment-id=\"17917\" data-permalink=\"https:\/\/genevieveetbernardauxameriques.fr\/index.php\/2017\/04\/18\/colombie-3eme-article-de-medellin-a-bogota\/p1070869\/\" data-orig-file=\"https:\/\/i0.wp.com\/genevieveetbernardauxameriques.fr\/wp-content\/uploads\/2017\/04\/P1070869.jpg?fit=720%2C540&amp;ssl=1\" data-orig-size=\"720,540\" data-comments-opened=\"1\" data-image-meta=\"{&quot;aperture&quot;:&quot;4&quot;,&quot;credit&quot;:&quot;&quot;,&quot;camera&quot;:&quot;DMC-TZ55&quot;,&quot;caption&quot;:&quot;&quot;,&quot;created_timestamp&quot;:&quot;1491330251&quot;,&quot;copyright&quot;:&quot;&quot;,&quot;focal_length&quot;:&quot;4.3&quot;,&quot;iso&quot;:&quot;100&quot;,&quot;shutter_speed&quot;:&quot;0.002&quot;,&quot;title&quot;:&quot;&quot;,&quot;orientation&quot;:&quot;1&quot;}\" data-image-title=\"P1070869\" data-image-description=\"\" data-image-caption=\"\" data-medium-file=\"https:\/\/i0.wp.com\/genevieveetbernardauxameriques.fr\/wp-content\/uploads\/2017\/04\/P1070869.jpg?fit=300%2C225&amp;ssl=1\" data-large-file=\"https:\/\/i0.wp.com\/genevieveetbernardauxameriques.fr\/wp-content\/uploads\/2017\/04\/P1070869.jpg?fit=640%2C480&amp;ssl=1\" class=\"alignnone size-full wp-image-17917\" src=\"https:\/\/i0.wp.com\/genevieveetbernardauxameriques.fr\/wp-content\/uploads\/2017\/04\/P1070869.jpg?resize=640%2C480&#038;ssl=1\" alt=\"\" width=\"640\" height=\"480\" srcset=\"https:\/\/i0.wp.com\/genevieveetbernardauxameriques.fr\/wp-content\/uploads\/2017\/04\/P1070869.jpg?w=720&amp;ssl=1 720w, https:\/\/i0.wp.com\/genevieveetbernardauxameriques.fr\/wp-content\/uploads\/2017\/04\/P1070869.jpg?resize=300%2C225&amp;ssl=1 300w\" sizes=\"(max-width: 640px) 100vw, 640px\" data-recalc-dims=\"1\" \/><\/a><\/b><b><a href=\"https:\/\/i0.wp.com\/genevieveetbernardauxameriques.fr\/wp-content\/uploads\/2017\/04\/P1070862.jpg?ssl=1\"><img loading=\"lazy\" decoding=\"async\" data-attachment-id=\"17911\" data-permalink=\"https:\/\/genevieveetbernardauxameriques.fr\/index.php\/2017\/04\/18\/colombie-3eme-article-de-medellin-a-bogota\/p1070862\/\" data-orig-file=\"https:\/\/i0.wp.com\/genevieveetbernardauxameriques.fr\/wp-content\/uploads\/2017\/04\/P1070862.jpg?fit=720%2C540&amp;ssl=1\" data-orig-size=\"720,540\" data-comments-opened=\"1\" data-image-meta=\"{&quot;aperture&quot;:&quot;3.6&quot;,&quot;credit&quot;:&quot;&quot;,&quot;camera&quot;:&quot;DMC-TZ55&quot;,&quot;caption&quot;:&quot;&quot;,&quot;created_timestamp&quot;:&quot;1491267805&quot;,&quot;copyright&quot;:&quot;&quot;,&quot;focal_length&quot;:&quot;5.4&quot;,&quot;iso&quot;:&quot;400&quot;,&quot;shutter_speed&quot;:&quot;0.016666666666667&quot;,&quot;title&quot;:&quot;&quot;,&quot;orientation&quot;:&quot;1&quot;}\" data-image-title=\"P1070862\" data-image-description=\"\" data-image-caption=\"\" data-medium-file=\"https:\/\/i0.wp.com\/genevieveetbernardauxameriques.fr\/wp-content\/uploads\/2017\/04\/P1070862.jpg?fit=300%2C225&amp;ssl=1\" data-large-file=\"https:\/\/i0.wp.com\/genevieveetbernardauxameriques.fr\/wp-content\/uploads\/2017\/04\/P1070862.jpg?fit=640%2C480&amp;ssl=1\" class=\"alignnone size-full wp-image-17911\" src=\"https:\/\/i0.wp.com\/genevieveetbernardauxameriques.fr\/wp-content\/uploads\/2017\/04\/P1070862.jpg?resize=640%2C480&#038;ssl=1\" alt=\"\" width=\"640\" height=\"480\" srcset=\"https:\/\/i0.wp.com\/genevieveetbernardauxameriques.fr\/wp-content\/uploads\/2017\/04\/P1070862.jpg?w=720&amp;ssl=1 720w, https:\/\/i0.wp.com\/genevieveetbernardauxameriques.fr\/wp-content\/uploads\/2017\/04\/P1070862.jpg?resize=300%2C225&amp;ssl=1 300w\" sizes=\"(max-width: 640px) 100vw, 640px\" data-recalc-dims=\"1\" \/><\/a><\/b><img loading=\"lazy\" decoding=\"async\" data-attachment-id=\"17924\" data-permalink=\"https:\/\/genevieveetbernardauxameriques.fr\/index.php\/2017\/04\/18\/colombie-3eme-article-de-medellin-a-bogota\/p1070877\/\" data-orig-file=\"https:\/\/i0.wp.com\/genevieveetbernardauxameriques.fr\/wp-content\/uploads\/2017\/04\/P1070877.jpg?fit=720%2C540&amp;ssl=1\" data-orig-size=\"720,540\" data-comments-opened=\"1\" data-image-meta=\"{&quot;aperture&quot;:&quot;4&quot;,&quot;credit&quot;:&quot;&quot;,&quot;camera&quot;:&quot;DMC-TZ55&quot;,&quot;caption&quot;:&quot;&quot;,&quot;created_timestamp&quot;:&quot;1491331081&quot;,&quot;copyright&quot;:&quot;&quot;,&quot;focal_length&quot;:&quot;4.3&quot;,&quot;iso&quot;:&quot;100&quot;,&quot;shutter_speed&quot;:&quot;0.0015625&quot;,&quot;title&quot;:&quot;&quot;,&quot;orientation&quot;:&quot;1&quot;}\" data-image-title=\"P1070877\" data-image-description=\"\" data-image-caption=\"\" data-medium-file=\"https:\/\/i0.wp.com\/genevieveetbernardauxameriques.fr\/wp-content\/uploads\/2017\/04\/P1070877.jpg?fit=300%2C225&amp;ssl=1\" data-large-file=\"https:\/\/i0.wp.com\/genevieveetbernardauxameriques.fr\/wp-content\/uploads\/2017\/04\/P1070877.jpg?fit=640%2C480&amp;ssl=1\" class=\"alignnone size-full wp-image-17924\" src=\"https:\/\/i0.wp.com\/genevieveetbernardauxameriques.fr\/wp-content\/uploads\/2017\/04\/P1070877.jpg?resize=640%2C480&#038;ssl=1\" alt=\"\" width=\"640\" height=\"480\" srcset=\"https:\/\/i0.wp.com\/genevieveetbernardauxameriques.fr\/wp-content\/uploads\/2017\/04\/P1070877.jpg?w=720&amp;ssl=1 720w, https:\/\/i0.wp.com\/genevieveetbernardauxameriques.fr\/wp-content\/uploads\/2017\/04\/P1070877.jpg?resize=300%2C225&amp;ssl=1 300w\" sizes=\"(max-width: 640px) 100vw, 640px\" data-recalc-dims=\"1\" \/><\/div>\n<div><b><a href=\"https:\/\/i0.wp.com\/genevieveetbernardauxameriques.fr\/wp-content\/uploads\/2017\/04\/P1070859.jpg?ssl=1\"><img loading=\"lazy\" decoding=\"async\" data-attachment-id=\"17910\" data-permalink=\"https:\/\/genevieveetbernardauxameriques.fr\/index.php\/2017\/04\/18\/colombie-3eme-article-de-medellin-a-bogota\/p1070859\/\" data-orig-file=\"https:\/\/i0.wp.com\/genevieveetbernardauxameriques.fr\/wp-content\/uploads\/2017\/04\/P1070859.jpg?fit=720%2C540&amp;ssl=1\" data-orig-size=\"720,540\" data-comments-opened=\"1\" data-image-meta=\"{&quot;aperture&quot;:&quot;3.5&quot;,&quot;credit&quot;:&quot;&quot;,&quot;camera&quot;:&quot;DMC-TZ55&quot;,&quot;caption&quot;:&quot;&quot;,&quot;created_timestamp&quot;:&quot;1491267541&quot;,&quot;copyright&quot;:&quot;&quot;,&quot;focal_length&quot;:&quot;4.3&quot;,&quot;iso&quot;:&quot;100&quot;,&quot;shutter_speed&quot;:&quot;0.008&quot;,&quot;title&quot;:&quot;&quot;,&quot;orientation&quot;:&quot;1&quot;}\" data-image-title=\"P1070859\" data-image-description=\"\" data-image-caption=\"\" data-medium-file=\"https:\/\/i0.wp.com\/genevieveetbernardauxameriques.fr\/wp-content\/uploads\/2017\/04\/P1070859.jpg?fit=300%2C225&amp;ssl=1\" data-large-file=\"https:\/\/i0.wp.com\/genevieveetbernardauxameriques.fr\/wp-content\/uploads\/2017\/04\/P1070859.jpg?fit=640%2C480&amp;ssl=1\" class=\"alignnone size-full wp-image-17910\" src=\"https:\/\/i0.wp.com\/genevieveetbernardauxameriques.fr\/wp-content\/uploads\/2017\/04\/P1070859.jpg?resize=640%2C480&#038;ssl=1\" alt=\"\" width=\"640\" height=\"480\" srcset=\"https:\/\/i0.wp.com\/genevieveetbernardauxameriques.fr\/wp-content\/uploads\/2017\/04\/P1070859.jpg?w=720&amp;ssl=1 720w, https:\/\/i0.wp.com\/genevieveetbernardauxameriques.fr\/wp-content\/uploads\/2017\/04\/P1070859.jpg?resize=300%2C225&amp;ssl=1 300w\" sizes=\"(max-width: 640px) 100vw, 640px\" data-recalc-dims=\"1\" \/><\/a><\/b><\/div>\n<div><b><a href=\"https:\/\/i0.wp.com\/genevieveetbernardauxameriques.fr\/wp-content\/uploads\/2017\/04\/P1070858.jpg?ssl=1\"><img loading=\"lazy\" decoding=\"async\" data-attachment-id=\"17909\" data-permalink=\"https:\/\/genevieveetbernardauxameriques.fr\/index.php\/2017\/04\/18\/colombie-3eme-article-de-medellin-a-bogota\/p1070858\/\" data-orig-file=\"https:\/\/i0.wp.com\/genevieveetbernardauxameriques.fr\/wp-content\/uploads\/2017\/04\/P1070858.jpg?fit=720%2C540&amp;ssl=1\" data-orig-size=\"720,540\" data-comments-opened=\"1\" data-image-meta=\"{&quot;aperture&quot;:&quot;3.9&quot;,&quot;credit&quot;:&quot;&quot;,&quot;camera&quot;:&quot;DMC-TZ55&quot;,&quot;caption&quot;:&quot;&quot;,&quot;created_timestamp&quot;:&quot;1491267262&quot;,&quot;copyright&quot;:&quot;&quot;,&quot;focal_length&quot;:&quot;7.4&quot;,&quot;iso&quot;:&quot;800&quot;,&quot;shutter_speed&quot;:&quot;0.002&quot;,&quot;title&quot;:&quot;&quot;,&quot;orientation&quot;:&quot;1&quot;}\" data-image-title=\"P1070858\" data-image-description=\"\" data-image-caption=\"\" data-medium-file=\"https:\/\/i0.wp.com\/genevieveetbernardauxameriques.fr\/wp-content\/uploads\/2017\/04\/P1070858.jpg?fit=300%2C225&amp;ssl=1\" data-large-file=\"https:\/\/i0.wp.com\/genevieveetbernardauxameriques.fr\/wp-content\/uploads\/2017\/04\/P1070858.jpg?fit=640%2C480&amp;ssl=1\" class=\"alignnone size-full wp-image-17909\" src=\"https:\/\/i0.wp.com\/genevieveetbernardauxameriques.fr\/wp-content\/uploads\/2017\/04\/P1070858.jpg?resize=640%2C480&#038;ssl=1\" alt=\"\" width=\"640\" height=\"480\" srcset=\"https:\/\/i0.wp.com\/genevieveetbernardauxameriques.fr\/wp-content\/uploads\/2017\/04\/P1070858.jpg?w=720&amp;ssl=1 720w, https:\/\/i0.wp.com\/genevieveetbernardauxameriques.fr\/wp-content\/uploads\/2017\/04\/P1070858.jpg?resize=300%2C225&amp;ssl=1 300w\" sizes=\"(max-width: 640px) 100vw, 640px\" data-recalc-dims=\"1\" \/><\/a><\/b><img loading=\"lazy\" decoding=\"async\" data-attachment-id=\"17905\" data-permalink=\"https:\/\/genevieveetbernardauxameriques.fr\/index.php\/2017\/04\/18\/colombie-3eme-article-de-medellin-a-bogota\/p1070852\/\" data-orig-file=\"https:\/\/i0.wp.com\/genevieveetbernardauxameriques.fr\/wp-content\/uploads\/2017\/04\/P1070852.jpg?fit=720%2C540&amp;ssl=1\" data-orig-size=\"720,540\" data-comments-opened=\"1\" data-image-meta=\"{&quot;aperture&quot;:&quot;3.5&quot;,&quot;credit&quot;:&quot;&quot;,&quot;camera&quot;:&quot;DMC-TZ55&quot;,&quot;caption&quot;:&quot;&quot;,&quot;created_timestamp&quot;:&quot;1491266948&quot;,&quot;copyright&quot;:&quot;&quot;,&quot;focal_length&quot;:&quot;4.3&quot;,&quot;iso&quot;:&quot;100&quot;,&quot;shutter_speed&quot;:&quot;0.01&quot;,&quot;title&quot;:&quot;&quot;,&quot;orientation&quot;:&quot;1&quot;}\" data-image-title=\"P1070852\" data-image-description=\"\" data-image-caption=\"\" data-medium-file=\"https:\/\/i0.wp.com\/genevieveetbernardauxameriques.fr\/wp-content\/uploads\/2017\/04\/P1070852.jpg?fit=300%2C225&amp;ssl=1\" data-large-file=\"https:\/\/i0.wp.com\/genevieveetbernardauxameriques.fr\/wp-content\/uploads\/2017\/04\/P1070852.jpg?fit=640%2C480&amp;ssl=1\" class=\"alignnone size-full wp-image-17905\" src=\"https:\/\/i0.wp.com\/genevieveetbernardauxameriques.fr\/wp-content\/uploads\/2017\/04\/P1070852.jpg?resize=640%2C480&#038;ssl=1\" alt=\"\" width=\"640\" height=\"480\" srcset=\"https:\/\/i0.wp.com\/genevieveetbernardauxameriques.fr\/wp-content\/uploads\/2017\/04\/P1070852.jpg?w=720&amp;ssl=1 720w, https:\/\/i0.wp.com\/genevieveetbernardauxameriques.fr\/wp-content\/uploads\/2017\/04\/P1070852.jpg?resize=300%2C225&amp;ssl=1 300w\" sizes=\"(max-width: 640px) 100vw, 640px\" data-recalc-dims=\"1\" \/><a href=\"https:\/\/i0.wp.com\/genevieveetbernardauxameriques.fr\/wp-content\/uploads\/2017\/04\/P1070845.jpg?ssl=1\"><img loading=\"lazy\" decoding=\"async\" data-attachment-id=\"17901\" data-permalink=\"https:\/\/genevieveetbernardauxameriques.fr\/index.php\/2017\/04\/18\/colombie-3eme-article-de-medellin-a-bogota\/p1070845\/\" data-orig-file=\"https:\/\/i0.wp.com\/genevieveetbernardauxameriques.fr\/wp-content\/uploads\/2017\/04\/P1070845.jpg?fit=720%2C540&amp;ssl=1\" data-orig-size=\"720,540\" data-comments-opened=\"1\" data-image-meta=\"{&quot;aperture&quot;:&quot;5&quot;,&quot;credit&quot;:&quot;&quot;,&quot;camera&quot;:&quot;DMC-TZ55&quot;,&quot;caption&quot;:&quot;&quot;,&quot;created_timestamp&quot;:&quot;1491265877&quot;,&quot;copyright&quot;:&quot;&quot;,&quot;focal_length&quot;:&quot;6.9&quot;,&quot;iso&quot;:&quot;100&quot;,&quot;shutter_speed&quot;:&quot;0.004&quot;,&quot;title&quot;:&quot;&quot;,&quot;orientation&quot;:&quot;1&quot;}\" data-image-title=\"P1070845\" data-image-description=\"\" data-image-caption=\"\" data-medium-file=\"https:\/\/i0.wp.com\/genevieveetbernardauxameriques.fr\/wp-content\/uploads\/2017\/04\/P1070845.jpg?fit=300%2C225&amp;ssl=1\" data-large-file=\"https:\/\/i0.wp.com\/genevieveetbernardauxameriques.fr\/wp-content\/uploads\/2017\/04\/P1070845.jpg?fit=640%2C480&amp;ssl=1\" class=\"alignnone size-full wp-image-17901\" src=\"https:\/\/i0.wp.com\/genevieveetbernardauxameriques.fr\/wp-content\/uploads\/2017\/04\/P1070845.jpg?resize=640%2C480&#038;ssl=1\" alt=\"\" width=\"640\" height=\"480\" srcset=\"https:\/\/i0.wp.com\/genevieveetbernardauxameriques.fr\/wp-content\/uploads\/2017\/04\/P1070845.jpg?w=720&amp;ssl=1 720w, https:\/\/i0.wp.com\/genevieveetbernardauxameriques.fr\/wp-content\/uploads\/2017\/04\/P1070845.jpg?resize=300%2C225&amp;ssl=1 300w\" sizes=\"(max-width: 640px) 100vw, 640px\" data-recalc-dims=\"1\" \/><\/a> <a href=\"https:\/\/i0.wp.com\/genevieveetbernardauxameriques.fr\/wp-content\/uploads\/2017\/04\/P1070850.jpg?ssl=1\"><img loading=\"lazy\" decoding=\"async\" data-attachment-id=\"17903\" data-permalink=\"https:\/\/genevieveetbernardauxameriques.fr\/index.php\/2017\/04\/18\/colombie-3eme-article-de-medellin-a-bogota\/p1070850\/\" data-orig-file=\"https:\/\/i0.wp.com\/genevieveetbernardauxameriques.fr\/wp-content\/uploads\/2017\/04\/P1070850.jpg?fit=720%2C540&amp;ssl=1\" data-orig-size=\"720,540\" data-comments-opened=\"1\" data-image-meta=\"{&quot;aperture&quot;:&quot;5&quot;,&quot;credit&quot;:&quot;&quot;,&quot;camera&quot;:&quot;DMC-TZ55&quot;,&quot;caption&quot;:&quot;&quot;,&quot;created_timestamp&quot;:&quot;1491266268&quot;,&quot;copyright&quot;:&quot;&quot;,&quot;focal_length&quot;:&quot;6.9&quot;,&quot;iso&quot;:&quot;100&quot;,&quot;shutter_speed&quot;:&quot;0.005&quot;,&quot;title&quot;:&quot;&quot;,&quot;orientation&quot;:&quot;1&quot;}\" data-image-title=\"P1070850\" data-image-description=\"\" data-image-caption=\"\" data-medium-file=\"https:\/\/i0.wp.com\/genevieveetbernardauxameriques.fr\/wp-content\/uploads\/2017\/04\/P1070850.jpg?fit=300%2C225&amp;ssl=1\" data-large-file=\"https:\/\/i0.wp.com\/genevieveetbernardauxameriques.fr\/wp-content\/uploads\/2017\/04\/P1070850.jpg?fit=640%2C480&amp;ssl=1\" class=\"alignnone size-full wp-image-17903\" src=\"https:\/\/i0.wp.com\/genevieveetbernardauxameriques.fr\/wp-content\/uploads\/2017\/04\/P1070850.jpg?resize=640%2C480&#038;ssl=1\" alt=\"\" width=\"640\" height=\"480\" srcset=\"https:\/\/i0.wp.com\/genevieveetbernardauxameriques.fr\/wp-content\/uploads\/2017\/04\/P1070850.jpg?w=720&amp;ssl=1 720w, https:\/\/i0.wp.com\/genevieveetbernardauxameriques.fr\/wp-content\/uploads\/2017\/04\/P1070850.jpg?resize=300%2C225&amp;ssl=1 300w\" sizes=\"(max-width: 640px) 100vw, 640px\" data-recalc-dims=\"1\" \/><\/a> <a href=\"https:\/\/i0.wp.com\/genevieveetbernardauxameriques.fr\/wp-content\/uploads\/2017\/04\/P1070851.jpg?ssl=1\"><img loading=\"lazy\" decoding=\"async\" data-attachment-id=\"17904\" data-permalink=\"https:\/\/genevieveetbernardauxameriques.fr\/index.php\/2017\/04\/18\/colombie-3eme-article-de-medellin-a-bogota\/p1070851\/\" data-orig-file=\"https:\/\/i0.wp.com\/genevieveetbernardauxameriques.fr\/wp-content\/uploads\/2017\/04\/P1070851.jpg?fit=720%2C540&amp;ssl=1\" data-orig-size=\"720,540\" data-comments-opened=\"1\" data-image-meta=\"{&quot;aperture&quot;:&quot;3.9&quot;,&quot;credit&quot;:&quot;&quot;,&quot;camera&quot;:&quot;DMC-TZ55&quot;,&quot;caption&quot;:&quot;&quot;,&quot;created_timestamp&quot;:&quot;1491266317&quot;,&quot;copyright&quot;:&quot;&quot;,&quot;focal_length&quot;:&quot;6.9&quot;,&quot;iso&quot;:&quot;100&quot;,&quot;shutter_speed&quot;:&quot;0.01&quot;,&quot;title&quot;:&quot;&quot;,&quot;orientation&quot;:&quot;1&quot;}\" data-image-title=\"P1070851\" data-image-description=\"\" data-image-caption=\"\" data-medium-file=\"https:\/\/i0.wp.com\/genevieveetbernardauxameriques.fr\/wp-content\/uploads\/2017\/04\/P1070851.jpg?fit=300%2C225&amp;ssl=1\" data-large-file=\"https:\/\/i0.wp.com\/genevieveetbernardauxameriques.fr\/wp-content\/uploads\/2017\/04\/P1070851.jpg?fit=640%2C480&amp;ssl=1\" class=\"alignnone size-full wp-image-17904\" src=\"https:\/\/i0.wp.com\/genevieveetbernardauxameriques.fr\/wp-content\/uploads\/2017\/04\/P1070851.jpg?resize=640%2C480&#038;ssl=1\" alt=\"\" width=\"640\" height=\"480\" srcset=\"https:\/\/i0.wp.com\/genevieveetbernardauxameriques.fr\/wp-content\/uploads\/2017\/04\/P1070851.jpg?w=720&amp;ssl=1 720w, https:\/\/i0.wp.com\/genevieveetbernardauxameriques.fr\/wp-content\/uploads\/2017\/04\/P1070851.jpg?resize=300%2C225&amp;ssl=1 300w\" sizes=\"(max-width: 640px) 100vw, 640px\" data-recalc-dims=\"1\" \/><\/a><\/div>\n<\/div>\n<p>Le soir nous allons manger dans un restaurant international. Super excellent. (Donde Sam) le propri\u00e9taire\u200b est indien. Nous prenons une truite sauce ail et une petite marmite de poissons sauce Tha\u00ef.<\/p>\n<p><strong>MARDI<\/strong><\/p>\n<p>Le lendemain nous nous baladons dans cette magnifique ville. Il fait 20\/25\u00b0<\/p>\n<p><a href=\"https:\/\/i0.wp.com\/genevieveetbernardauxameriques.fr\/wp-content\/uploads\/2017\/04\/IMG_20170404_144851-1.jpg?ssl=1\"><img loading=\"lazy\" decoding=\"async\" data-attachment-id=\"18063\" data-permalink=\"https:\/\/genevieveetbernardauxameriques.fr\/index.php\/2017\/04\/18\/colombie-3eme-article-de-medellin-a-bogota\/img_20170404_144851-2\/\" data-orig-file=\"https:\/\/i0.wp.com\/genevieveetbernardauxameriques.fr\/wp-content\/uploads\/2017\/04\/IMG_20170404_144851-1.jpg?fit=2592%2C1944&amp;ssl=1\" data-orig-size=\"2592,1944\" data-comments-opened=\"1\" data-image-meta=\"{&quot;aperture&quot;:&quot;0&quot;,&quot;credit&quot;:&quot;&quot;,&quot;camera&quot;:&quot;Lenovo YT3-X50F&quot;,&quot;caption&quot;:&quot;&quot;,&quot;created_timestamp&quot;:&quot;1491317332&quot;,&quot;copyright&quot;:&quot;&quot;,&quot;focal_length&quot;:&quot;3.85&quot;,&quot;iso&quot;:&quot;101&quot;,&quot;shutter_speed&quot;:&quot;0.00082508250825083&quot;,&quot;title&quot;:&quot;&quot;,&quot;orientation&quot;:&quot;0&quot;}\" data-image-title=\"IMG_20170404_144851\" data-image-description=\"\" data-image-caption=\"\" data-medium-file=\"https:\/\/i0.wp.com\/genevieveetbernardauxameriques.fr\/wp-content\/uploads\/2017\/04\/IMG_20170404_144851-1.jpg?fit=300%2C225&amp;ssl=1\" data-large-file=\"https:\/\/i0.wp.com\/genevieveetbernardauxameriques.fr\/wp-content\/uploads\/2017\/04\/IMG_20170404_144851-1.jpg?fit=640%2C480&amp;ssl=1\" class=\"alignnone size-large wp-image-18063\" src=\"https:\/\/i0.wp.com\/genevieveetbernardauxameriques.fr\/wp-content\/uploads\/2017\/04\/IMG_20170404_144851-1.jpg?resize=640%2C480&#038;ssl=1\" alt=\"\" width=\"640\" height=\"480\" srcset=\"https:\/\/i0.wp.com\/genevieveetbernardauxameriques.fr\/wp-content\/uploads\/2017\/04\/IMG_20170404_144851-1.jpg?resize=1024%2C768&amp;ssl=1 1024w, https:\/\/i0.wp.com\/genevieveetbernardauxameriques.fr\/wp-content\/uploads\/2017\/04\/IMG_20170404_144851-1.jpg?resize=300%2C225&amp;ssl=1 300w, https:\/\/i0.wp.com\/genevieveetbernardauxameriques.fr\/wp-content\/uploads\/2017\/04\/IMG_20170404_144851-1.jpg?resize=768%2C576&amp;ssl=1 768w, https:\/\/i0.wp.com\/genevieveetbernardauxameriques.fr\/wp-content\/uploads\/2017\/04\/IMG_20170404_144851-1.jpg?w=1280&amp;ssl=1 1280w, https:\/\/i0.wp.com\/genevieveetbernardauxameriques.fr\/wp-content\/uploads\/2017\/04\/IMG_20170404_144851-1.jpg?w=1920&amp;ssl=1 1920w\" sizes=\"(max-width: 640px) 100vw, 640px\" data-recalc-dims=\"1\" \/><\/a><img loading=\"lazy\" decoding=\"async\" data-attachment-id=\"17900\" data-permalink=\"https:\/\/genevieveetbernardauxameriques.fr\/index.php\/2017\/04\/18\/colombie-3eme-article-de-medellin-a-bogota\/p1070844\/\" data-orig-file=\"https:\/\/i0.wp.com\/genevieveetbernardauxameriques.fr\/wp-content\/uploads\/2017\/04\/P1070844-e1586792711620.jpg?fit=540%2C649&amp;ssl=1\" data-orig-size=\"540,649\" data-comments-opened=\"1\" data-image-meta=\"{&quot;aperture&quot;:&quot;4.5&quot;,&quot;credit&quot;:&quot;&quot;,&quot;camera&quot;:&quot;DMC-TZ55&quot;,&quot;caption&quot;:&quot;&quot;,&quot;created_timestamp&quot;:&quot;1491265840&quot;,&quot;copyright&quot;:&quot;&quot;,&quot;focal_length&quot;:&quot;4.3&quot;,&quot;iso&quot;:&quot;100&quot;,&quot;shutter_speed&quot;:&quot;0.000625&quot;,&quot;title&quot;:&quot;&quot;,&quot;orientation&quot;:&quot;1&quot;}\" data-image-title=\"P1070844\" data-image-description=\"\" data-image-caption=\"\" data-medium-file=\"https:\/\/i0.wp.com\/genevieveetbernardauxameriques.fr\/wp-content\/uploads\/2017\/04\/P1070844-e1586792711620.jpg?fit=250%2C300&amp;ssl=1\" data-large-file=\"https:\/\/i0.wp.com\/genevieveetbernardauxameriques.fr\/wp-content\/uploads\/2017\/04\/P1070844-e1586792711620.jpg?fit=540%2C649&amp;ssl=1\" class=\"size-full wp-image-17900 aligncenter\" src=\"https:\/\/i0.wp.com\/genevieveetbernardauxameriques.fr\/wp-content\/uploads\/2017\/04\/P1070844-e1586792711620.jpg?resize=540%2C649&#038;ssl=1\" alt=\"\" width=\"540\" height=\"649\" srcset=\"https:\/\/i0.wp.com\/genevieveetbernardauxameriques.fr\/wp-content\/uploads\/2017\/04\/P1070844-e1586792711620.jpg?w=540&amp;ssl=1 540w, https:\/\/i0.wp.com\/genevieveetbernardauxameriques.fr\/wp-content\/uploads\/2017\/04\/P1070844-e1586792711620.jpg?resize=250%2C300&amp;ssl=1 250w\" sizes=\"(max-width: 540px) 100vw, 540px\" data-recalc-dims=\"1\" \/><\/p>\n<p><a href=\"https:\/\/i0.wp.com\/genevieveetbernardauxameriques.fr\/wp-content\/uploads\/2017\/04\/P1070848.jpg?ssl=1\"><img loading=\"lazy\" decoding=\"async\" data-attachment-id=\"17902\" data-permalink=\"https:\/\/genevieveetbernardauxameriques.fr\/index.php\/2017\/04\/18\/colombie-3eme-article-de-medellin-a-bogota\/p1070848\/\" data-orig-file=\"https:\/\/i0.wp.com\/genevieveetbernardauxameriques.fr\/wp-content\/uploads\/2017\/04\/P1070848.jpg?fit=540%2C720&amp;ssl=1\" data-orig-size=\"540,720\" data-comments-opened=\"1\" data-image-meta=\"{&quot;aperture&quot;:&quot;5.1&quot;,&quot;credit&quot;:&quot;&quot;,&quot;camera&quot;:&quot;DMC-TZ55&quot;,&quot;caption&quot;:&quot;&quot;,&quot;created_timestamp&quot;:&quot;1491266074&quot;,&quot;copyright&quot;:&quot;&quot;,&quot;focal_length&quot;:&quot;14.2&quot;,&quot;iso&quot;:&quot;1600&quot;,&quot;shutter_speed&quot;:&quot;0.025&quot;,&quot;title&quot;:&quot;&quot;,&quot;orientation&quot;:&quot;1&quot;}\" data-image-title=\"P1070848\" data-image-description=\"\" data-image-caption=\"\" data-medium-file=\"https:\/\/i0.wp.com\/genevieveetbernardauxameriques.fr\/wp-content\/uploads\/2017\/04\/P1070848.jpg?fit=225%2C300&amp;ssl=1\" data-large-file=\"https:\/\/i0.wp.com\/genevieveetbernardauxameriques.fr\/wp-content\/uploads\/2017\/04\/P1070848.jpg?fit=540%2C720&amp;ssl=1\" class=\"wp-image-17902 aligncenter\" src=\"https:\/\/i0.wp.com\/genevieveetbernardauxameriques.fr\/wp-content\/uploads\/2017\/04\/P1070848.jpg?resize=385%2C513&#038;ssl=1\" alt=\"\" width=\"385\" height=\"513\" srcset=\"https:\/\/i0.wp.com\/genevieveetbernardauxameriques.fr\/wp-content\/uploads\/2017\/04\/P1070848.jpg?w=540&amp;ssl=1 540w, https:\/\/i0.wp.com\/genevieveetbernardauxameriques.fr\/wp-content\/uploads\/2017\/04\/P1070848.jpg?resize=225%2C300&amp;ssl=1 225w\" sizes=\"(max-width: 385px) 100vw, 385px\" data-recalc-dims=\"1\" \/><\/a> <a href=\"https:\/\/i0.wp.com\/genevieveetbernardauxameriques.fr\/wp-content\/uploads\/2017\/04\/P1070896.jpg?ssl=1\"><img loading=\"lazy\" decoding=\"async\" data-attachment-id=\"17939\" data-permalink=\"https:\/\/genevieveetbernardauxameriques.fr\/index.php\/2017\/04\/18\/colombie-3eme-article-de-medellin-a-bogota\/p1070896\/\" data-orig-file=\"https:\/\/i0.wp.com\/genevieveetbernardauxameriques.fr\/wp-content\/uploads\/2017\/04\/P1070896.jpg?fit=720%2C540&amp;ssl=1\" data-orig-size=\"720,540\" data-comments-opened=\"1\" data-image-meta=\"{&quot;aperture&quot;:&quot;5.6&quot;,&quot;credit&quot;:&quot;&quot;,&quot;camera&quot;:&quot;DMC-TZ55&quot;,&quot;caption&quot;:&quot;&quot;,&quot;created_timestamp&quot;:&quot;1491349366&quot;,&quot;copyright&quot;:&quot;&quot;,&quot;focal_length&quot;:&quot;13.3&quot;,&quot;iso&quot;:&quot;100&quot;,&quot;shutter_speed&quot;:&quot;0.01&quot;,&quot;title&quot;:&quot;&quot;,&quot;orientation&quot;:&quot;1&quot;}\" data-image-title=\"P1070896\" data-image-description=\"\" data-image-caption=\"\" data-medium-file=\"https:\/\/i0.wp.com\/genevieveetbernardauxameriques.fr\/wp-content\/uploads\/2017\/04\/P1070896.jpg?fit=300%2C225&amp;ssl=1\" data-large-file=\"https:\/\/i0.wp.com\/genevieveetbernardauxameriques.fr\/wp-content\/uploads\/2017\/04\/P1070896.jpg?fit=640%2C480&amp;ssl=1\" class=\"alignnone size-full wp-image-17939\" src=\"https:\/\/i0.wp.com\/genevieveetbernardauxameriques.fr\/wp-content\/uploads\/2017\/04\/P1070896.jpg?resize=640%2C480&#038;ssl=1\" alt=\"\" width=\"640\" height=\"480\" srcset=\"https:\/\/i0.wp.com\/genevieveetbernardauxameriques.fr\/wp-content\/uploads\/2017\/04\/P1070896.jpg?w=720&amp;ssl=1 720w, https:\/\/i0.wp.com\/genevieveetbernardauxameriques.fr\/wp-content\/uploads\/2017\/04\/P1070896.jpg?resize=300%2C225&amp;ssl=1 300w\" sizes=\"(max-width: 640px) 100vw, 640px\" data-recalc-dims=\"1\" \/><\/a><\/p>\n<p>Les maisons sur les hauteurs sont toutes aussi belles<a href=\"https:\/\/i0.wp.com\/genevieveetbernardauxameriques.fr\/wp-content\/uploads\/2017\/04\/P1070882.jpg?ssl=1\"><img loading=\"lazy\" decoding=\"async\" data-attachment-id=\"17928\" data-permalink=\"https:\/\/genevieveetbernardauxameriques.fr\/index.php\/2017\/04\/18\/colombie-3eme-article-de-medellin-a-bogota\/p1070882\/\" data-orig-file=\"https:\/\/i0.wp.com\/genevieveetbernardauxameriques.fr\/wp-content\/uploads\/2017\/04\/P1070882.jpg?fit=720%2C540&amp;ssl=1\" data-orig-size=\"720,540\" data-comments-opened=\"1\" data-image-meta=\"{&quot;aperture&quot;:&quot;5&quot;,&quot;credit&quot;:&quot;&quot;,&quot;camera&quot;:&quot;DMC-TZ55&quot;,&quot;caption&quot;:&quot;&quot;,&quot;created_timestamp&quot;:&quot;1491346752&quot;,&quot;copyright&quot;:&quot;&quot;,&quot;focal_length&quot;:&quot;7.9&quot;,&quot;iso&quot;:&quot;100&quot;,&quot;shutter_speed&quot;:&quot;0.001&quot;,&quot;title&quot;:&quot;&quot;,&quot;orientation&quot;:&quot;1&quot;}\" data-image-title=\"P1070882\" data-image-description=\"\" data-image-caption=\"\" data-medium-file=\"https:\/\/i0.wp.com\/genevieveetbernardauxameriques.fr\/wp-content\/uploads\/2017\/04\/P1070882.jpg?fit=300%2C225&amp;ssl=1\" data-large-file=\"https:\/\/i0.wp.com\/genevieveetbernardauxameriques.fr\/wp-content\/uploads\/2017\/04\/P1070882.jpg?fit=640%2C480&amp;ssl=1\" class=\"alignnone size-full wp-image-17928\" src=\"https:\/\/i0.wp.com\/genevieveetbernardauxameriques.fr\/wp-content\/uploads\/2017\/04\/P1070882.jpg?resize=640%2C480&#038;ssl=1\" alt=\"\" width=\"640\" height=\"480\" srcset=\"https:\/\/i0.wp.com\/genevieveetbernardauxameriques.fr\/wp-content\/uploads\/2017\/04\/P1070882.jpg?w=720&amp;ssl=1 720w, https:\/\/i0.wp.com\/genevieveetbernardauxameriques.fr\/wp-content\/uploads\/2017\/04\/P1070882.jpg?resize=300%2C225&amp;ssl=1 300w\" sizes=\"(max-width: 640px) 100vw, 640px\" data-recalc-dims=\"1\" \/><\/a> <a href=\"https:\/\/i0.wp.com\/genevieveetbernardauxameriques.fr\/wp-content\/uploads\/2017\/04\/P1070892.jpg?ssl=1\"><img loading=\"lazy\" decoding=\"async\" data-attachment-id=\"17936\" data-permalink=\"https:\/\/genevieveetbernardauxameriques.fr\/index.php\/2017\/04\/18\/colombie-3eme-article-de-medellin-a-bogota\/p1070892\/\" data-orig-file=\"https:\/\/i0.wp.com\/genevieveetbernardauxameriques.fr\/wp-content\/uploads\/2017\/04\/P1070892.jpg?fit=720%2C540&amp;ssl=1\" data-orig-size=\"720,540\" data-comments-opened=\"1\" data-image-meta=\"{&quot;aperture&quot;:&quot;4&quot;,&quot;credit&quot;:&quot;&quot;,&quot;camera&quot;:&quot;DMC-TZ55&quot;,&quot;caption&quot;:&quot;&quot;,&quot;created_timestamp&quot;:&quot;1491349107&quot;,&quot;copyright&quot;:&quot;&quot;,&quot;focal_length&quot;:&quot;4.3&quot;,&quot;iso&quot;:&quot;100&quot;,&quot;shutter_speed&quot;:&quot;0.003125&quot;,&quot;title&quot;:&quot;&quot;,&quot;orientation&quot;:&quot;1&quot;}\" data-image-title=\"P1070892\" data-image-description=\"\" data-image-caption=\"\" data-medium-file=\"https:\/\/i0.wp.com\/genevieveetbernardauxameriques.fr\/wp-content\/uploads\/2017\/04\/P1070892.jpg?fit=300%2C225&amp;ssl=1\" data-large-file=\"https:\/\/i0.wp.com\/genevieveetbernardauxameriques.fr\/wp-content\/uploads\/2017\/04\/P1070892.jpg?fit=640%2C480&amp;ssl=1\" class=\"alignnone size-full wp-image-17936\" src=\"https:\/\/i0.wp.com\/genevieveetbernardauxameriques.fr\/wp-content\/uploads\/2017\/04\/P1070892.jpg?resize=640%2C480&#038;ssl=1\" alt=\"\" width=\"640\" height=\"480\" srcset=\"https:\/\/i0.wp.com\/genevieveetbernardauxameriques.fr\/wp-content\/uploads\/2017\/04\/P1070892.jpg?w=720&amp;ssl=1 720w, https:\/\/i0.wp.com\/genevieveetbernardauxameriques.fr\/wp-content\/uploads\/2017\/04\/P1070892.jpg?resize=300%2C225&amp;ssl=1 300w\" sizes=\"(max-width: 640px) 100vw, 640px\" data-recalc-dims=\"1\" \/><\/a> <a href=\"https:\/\/i0.wp.com\/genevieveetbernardauxameriques.fr\/wp-content\/uploads\/2017\/04\/P1070895.jpg?ssl=1\"><img loading=\"lazy\" decoding=\"async\" data-attachment-id=\"17938\" data-permalink=\"https:\/\/genevieveetbernardauxameriques.fr\/index.php\/2017\/04\/18\/colombie-3eme-article-de-medellin-a-bogota\/p1070895\/\" data-orig-file=\"https:\/\/i0.wp.com\/genevieveetbernardauxameriques.fr\/wp-content\/uploads\/2017\/04\/P1070895.jpg?fit=720%2C540&amp;ssl=1\" data-orig-size=\"720,540\" data-comments-opened=\"1\" data-image-meta=\"{&quot;aperture&quot;:&quot;3.5&quot;,&quot;credit&quot;:&quot;&quot;,&quot;camera&quot;:&quot;DMC-TZ55&quot;,&quot;caption&quot;:&quot;&quot;,&quot;created_timestamp&quot;:&quot;1491349302&quot;,&quot;copyright&quot;:&quot;&quot;,&quot;focal_length&quot;:&quot;4.3&quot;,&quot;iso&quot;:&quot;100&quot;,&quot;shutter_speed&quot;:&quot;0.008&quot;,&quot;title&quot;:&quot;&quot;,&quot;orientation&quot;:&quot;1&quot;}\" data-image-title=\"P1070895\" data-image-description=\"\" data-image-caption=\"\" data-medium-file=\"https:\/\/i0.wp.com\/genevieveetbernardauxameriques.fr\/wp-content\/uploads\/2017\/04\/P1070895.jpg?fit=300%2C225&amp;ssl=1\" data-large-file=\"https:\/\/i0.wp.com\/genevieveetbernardauxameriques.fr\/wp-content\/uploads\/2017\/04\/P1070895.jpg?fit=640%2C480&amp;ssl=1\" class=\"alignnone size-full wp-image-17938\" src=\"https:\/\/i0.wp.com\/genevieveetbernardauxameriques.fr\/wp-content\/uploads\/2017\/04\/P1070895.jpg?resize=640%2C480&#038;ssl=1\" alt=\"\" width=\"640\" height=\"480\" srcset=\"https:\/\/i0.wp.com\/genevieveetbernardauxameriques.fr\/wp-content\/uploads\/2017\/04\/P1070895.jpg?w=720&amp;ssl=1 720w, https:\/\/i0.wp.com\/genevieveetbernardauxameriques.fr\/wp-content\/uploads\/2017\/04\/P1070895.jpg?resize=300%2C225&amp;ssl=1 300w\" sizes=\"(max-width: 640px) 100vw, 640px\" data-recalc-dims=\"1\" \/><\/a><img loading=\"lazy\" decoding=\"async\" data-attachment-id=\"18004\" data-permalink=\"https:\/\/genevieveetbernardauxameriques.fr\/index.php\/2017\/04\/18\/colombie-3eme-article-de-medellin-a-bogota\/img_20170404_123946\/\" data-orig-file=\"https:\/\/i0.wp.com\/genevieveetbernardauxameriques.fr\/wp-content\/uploads\/2017\/04\/IMG_20170404_123946.jpg?fit=720%2C540&amp;ssl=1\" data-orig-size=\"720,540\" data-comments-opened=\"1\" data-image-meta=\"{&quot;aperture&quot;:&quot;0&quot;,&quot;credit&quot;:&quot;&quot;,&quot;camera&quot;:&quot;Lenovo YT3-X50F&quot;,&quot;caption&quot;:&quot;&quot;,&quot;created_timestamp&quot;:&quot;1491309587&quot;,&quot;copyright&quot;:&quot;&quot;,&quot;focal_length&quot;:&quot;3.85&quot;,&quot;iso&quot;:&quot;100&quot;,&quot;shutter_speed&quot;:&quot;0.0025510204081633&quot;,&quot;title&quot;:&quot;&quot;,&quot;orientation&quot;:&quot;0&quot;}\" data-image-title=\"IMG_20170404_123946\" data-image-description=\"\" data-image-caption=\"\" data-medium-file=\"https:\/\/i0.wp.com\/genevieveetbernardauxameriques.fr\/wp-content\/uploads\/2017\/04\/IMG_20170404_123946.jpg?fit=300%2C225&amp;ssl=1\" data-large-file=\"https:\/\/i0.wp.com\/genevieveetbernardauxameriques.fr\/wp-content\/uploads\/2017\/04\/IMG_20170404_123946.jpg?fit=640%2C480&amp;ssl=1\" class=\"alignnone size-full wp-image-18004\" src=\"https:\/\/i0.wp.com\/genevieveetbernardauxameriques.fr\/wp-content\/uploads\/2017\/04\/IMG_20170404_123946.jpg?resize=640%2C480&#038;ssl=1\" alt=\"\" width=\"640\" height=\"480\" srcset=\"https:\/\/i0.wp.com\/genevieveetbernardauxameriques.fr\/wp-content\/uploads\/2017\/04\/IMG_20170404_123946.jpg?w=720&amp;ssl=1 720w, https:\/\/i0.wp.com\/genevieveetbernardauxameriques.fr\/wp-content\/uploads\/2017\/04\/IMG_20170404_123946.jpg?resize=300%2C225&amp;ssl=1 300w\" sizes=\"(max-width: 640px) 100vw, 640px\" data-recalc-dims=\"1\" \/><\/p>\n<p>Nous nous promenons tout autour de la ville et au bord du lac mais il est partout, nous sommes comme sur une \u00eele.<\/p>\n<p>C&rsquo;est la plus jolie ville que nous ayons vue en Colombie, et pourtant elles sont toutes plus belles les unes que les autres.<\/p>\n<p><a href=\"https:\/\/i0.wp.com\/genevieveetbernardauxameriques.fr\/wp-content\/uploads\/2017\/04\/IMG_20170404_145028.jpg?ssl=1\"><img loading=\"lazy\" decoding=\"async\" data-attachment-id=\"18054\" data-permalink=\"https:\/\/genevieveetbernardauxameriques.fr\/index.php\/2017\/04\/18\/colombie-3eme-article-de-medellin-a-bogota\/img_20170404_145028\/\" data-orig-file=\"https:\/\/i0.wp.com\/genevieveetbernardauxameriques.fr\/wp-content\/uploads\/2017\/04\/IMG_20170404_145028.jpg?fit=720%2C540&amp;ssl=1\" data-orig-size=\"720,540\" data-comments-opened=\"1\" data-image-meta=\"{&quot;aperture&quot;:&quot;0&quot;,&quot;credit&quot;:&quot;&quot;,&quot;camera&quot;:&quot;Lenovo YT3-X50F&quot;,&quot;caption&quot;:&quot;&quot;,&quot;created_timestamp&quot;:&quot;1491317429&quot;,&quot;copyright&quot;:&quot;&quot;,&quot;focal_length&quot;:&quot;3.85&quot;,&quot;iso&quot;:&quot;100&quot;,&quot;shutter_speed&quot;:&quot;0.00052938062466914&quot;,&quot;title&quot;:&quot;&quot;,&quot;orientation&quot;:&quot;0&quot;}\" data-image-title=\"IMG_20170404_145028\" data-image-description=\"\" data-image-caption=\"\" data-medium-file=\"https:\/\/i0.wp.com\/genevieveetbernardauxameriques.fr\/wp-content\/uploads\/2017\/04\/IMG_20170404_145028.jpg?fit=300%2C225&amp;ssl=1\" data-large-file=\"https:\/\/i0.wp.com\/genevieveetbernardauxameriques.fr\/wp-content\/uploads\/2017\/04\/IMG_20170404_145028.jpg?fit=640%2C480&amp;ssl=1\" class=\"alignnone size-full wp-image-18054\" src=\"https:\/\/i0.wp.com\/genevieveetbernardauxameriques.fr\/wp-content\/uploads\/2017\/04\/IMG_20170404_145028.jpg?resize=640%2C480&#038;ssl=1\" alt=\"\" width=\"640\" height=\"480\" srcset=\"https:\/\/i0.wp.com\/genevieveetbernardauxameriques.fr\/wp-content\/uploads\/2017\/04\/IMG_20170404_145028.jpg?w=720&amp;ssl=1 720w, https:\/\/i0.wp.com\/genevieveetbernardauxameriques.fr\/wp-content\/uploads\/2017\/04\/IMG_20170404_145028.jpg?resize=300%2C225&amp;ssl=1 300w\" sizes=\"(max-width: 640px) 100vw, 640px\" data-recalc-dims=\"1\" \/><\/a> <a href=\"https:\/\/i0.wp.com\/genevieveetbernardauxameriques.fr\/wp-content\/uploads\/2017\/04\/IMG_20170404_145052.jpg?ssl=1\"><img loading=\"lazy\" decoding=\"async\" data-attachment-id=\"18055\" data-permalink=\"https:\/\/genevieveetbernardauxameriques.fr\/index.php\/2017\/04\/18\/colombie-3eme-article-de-medellin-a-bogota\/img_20170404_145052\/\" data-orig-file=\"https:\/\/i0.wp.com\/genevieveetbernardauxameriques.fr\/wp-content\/uploads\/2017\/04\/IMG_20170404_145052.jpg?fit=720%2C540&amp;ssl=1\" data-orig-size=\"720,540\" data-comments-opened=\"1\" data-image-meta=\"{&quot;aperture&quot;:&quot;0&quot;,&quot;credit&quot;:&quot;&quot;,&quot;camera&quot;:&quot;Lenovo YT3-X50F&quot;,&quot;caption&quot;:&quot;&quot;,&quot;created_timestamp&quot;:&quot;1491317453&quot;,&quot;copyright&quot;:&quot;&quot;,&quot;focal_length&quot;:&quot;3.85&quot;,&quot;iso&quot;:&quot;100&quot;,&quot;shutter_speed&quot;:&quot;0.00032701111837802&quot;,&quot;title&quot;:&quot;&quot;,&quot;orientation&quot;:&quot;0&quot;}\" data-image-title=\"IMG_20170404_145052\" data-image-description=\"\" data-image-caption=\"\" data-medium-file=\"https:\/\/i0.wp.com\/genevieveetbernardauxameriques.fr\/wp-content\/uploads\/2017\/04\/IMG_20170404_145052.jpg?fit=300%2C225&amp;ssl=1\" data-large-file=\"https:\/\/i0.wp.com\/genevieveetbernardauxameriques.fr\/wp-content\/uploads\/2017\/04\/IMG_20170404_145052.jpg?fit=640%2C480&amp;ssl=1\" class=\"alignnone size-full wp-image-18055\" src=\"https:\/\/i0.wp.com\/genevieveetbernardauxameriques.fr\/wp-content\/uploads\/2017\/04\/IMG_20170404_145052.jpg?resize=640%2C480&#038;ssl=1\" alt=\"\" width=\"640\" height=\"480\" srcset=\"https:\/\/i0.wp.com\/genevieveetbernardauxameriques.fr\/wp-content\/uploads\/2017\/04\/IMG_20170404_145052.jpg?w=720&amp;ssl=1 720w, https:\/\/i0.wp.com\/genevieveetbernardauxameriques.fr\/wp-content\/uploads\/2017\/04\/IMG_20170404_145052.jpg?resize=300%2C225&amp;ssl=1 300w\" sizes=\"(max-width: 640px) 100vw, 640px\" data-recalc-dims=\"1\" \/><\/a><a href=\"https:\/\/i0.wp.com\/genevieveetbernardauxameriques.fr\/wp-content\/uploads\/2017\/04\/P1070879.jpg?ssl=1\"><img loading=\"lazy\" decoding=\"async\" data-attachment-id=\"17926\" data-permalink=\"https:\/\/genevieveetbernardauxameriques.fr\/index.php\/2017\/04\/18\/colombie-3eme-article-de-medellin-a-bogota\/p1070879\/\" data-orig-file=\"https:\/\/i0.wp.com\/genevieveetbernardauxameriques.fr\/wp-content\/uploads\/2017\/04\/P1070879.jpg?fit=720%2C540&amp;ssl=1\" data-orig-size=\"720,540\" data-comments-opened=\"1\" data-image-meta=\"{&quot;aperture&quot;:&quot;4.5&quot;,&quot;credit&quot;:&quot;&quot;,&quot;camera&quot;:&quot;DMC-TZ55&quot;,&quot;caption&quot;:&quot;&quot;,&quot;created_timestamp&quot;:&quot;1491346185&quot;,&quot;copyright&quot;:&quot;&quot;,&quot;focal_length&quot;:&quot;5.4&quot;,&quot;iso&quot;:&quot;100&quot;,&quot;shutter_speed&quot;:&quot;0.001&quot;,&quot;title&quot;:&quot;&quot;,&quot;orientation&quot;:&quot;1&quot;}\" data-image-title=\"P1070879\" data-image-description=\"\" data-image-caption=\"\" data-medium-file=\"https:\/\/i0.wp.com\/genevieveetbernardauxameriques.fr\/wp-content\/uploads\/2017\/04\/P1070879.jpg?fit=300%2C225&amp;ssl=1\" data-large-file=\"https:\/\/i0.wp.com\/genevieveetbernardauxameriques.fr\/wp-content\/uploads\/2017\/04\/P1070879.jpg?fit=640%2C480&amp;ssl=1\" class=\"alignnone size-full wp-image-17926\" src=\"https:\/\/i0.wp.com\/genevieveetbernardauxameriques.fr\/wp-content\/uploads\/2017\/04\/P1070879.jpg?resize=640%2C480&#038;ssl=1\" alt=\"\" width=\"640\" height=\"480\" srcset=\"https:\/\/i0.wp.com\/genevieveetbernardauxameriques.fr\/wp-content\/uploads\/2017\/04\/P1070879.jpg?w=720&amp;ssl=1 720w, https:\/\/i0.wp.com\/genevieveetbernardauxameriques.fr\/wp-content\/uploads\/2017\/04\/P1070879.jpg?resize=300%2C225&amp;ssl=1 300w\" sizes=\"(max-width: 640px) 100vw, 640px\" data-recalc-dims=\"1\" \/><\/a><img loading=\"lazy\" decoding=\"async\" data-attachment-id=\"17931\" data-permalink=\"https:\/\/genevieveetbernardauxameriques.fr\/index.php\/2017\/04\/18\/colombie-3eme-article-de-medellin-a-bogota\/p1070886\/\" data-orig-file=\"https:\/\/i0.wp.com\/genevieveetbernardauxameriques.fr\/wp-content\/uploads\/2017\/04\/P1070886.jpg?fit=720%2C540&amp;ssl=1\" data-orig-size=\"720,540\" data-comments-opened=\"1\" data-image-meta=\"{&quot;aperture&quot;:&quot;5&quot;,&quot;credit&quot;:&quot;&quot;,&quot;camera&quot;:&quot;DMC-TZ55&quot;,&quot;caption&quot;:&quot;&quot;,&quot;created_timestamp&quot;:&quot;1491347961&quot;,&quot;copyright&quot;:&quot;&quot;,&quot;focal_length&quot;:&quot;7.4&quot;,&quot;iso&quot;:&quot;100&quot;,&quot;shutter_speed&quot;:&quot;0.00625&quot;,&quot;title&quot;:&quot;&quot;,&quot;orientation&quot;:&quot;1&quot;}\" data-image-title=\"P1070886\" data-image-description=\"\" data-image-caption=\"\" data-medium-file=\"https:\/\/i0.wp.com\/genevieveetbernardauxameriques.fr\/wp-content\/uploads\/2017\/04\/P1070886.jpg?fit=300%2C225&amp;ssl=1\" data-large-file=\"https:\/\/i0.wp.com\/genevieveetbernardauxameriques.fr\/wp-content\/uploads\/2017\/04\/P1070886.jpg?fit=640%2C480&amp;ssl=1\" class=\"alignnone size-full wp-image-17931\" src=\"https:\/\/i0.wp.com\/genevieveetbernardauxameriques.fr\/wp-content\/uploads\/2017\/04\/P1070886.jpg?resize=640%2C480&#038;ssl=1\" alt=\"\" width=\"640\" height=\"480\" srcset=\"https:\/\/i0.wp.com\/genevieveetbernardauxameriques.fr\/wp-content\/uploads\/2017\/04\/P1070886.jpg?w=720&amp;ssl=1 720w, https:\/\/i0.wp.com\/genevieveetbernardauxameriques.fr\/wp-content\/uploads\/2017\/04\/P1070886.jpg?resize=300%2C225&amp;ssl=1 300w\" sizes=\"(max-width: 640px) 100vw, 640px\" data-recalc-dims=\"1\" \/><a href=\"https:\/\/i0.wp.com\/genevieveetbernardauxameriques.fr\/wp-content\/uploads\/2017\/04\/P1070884.jpg?ssl=1\"><img loading=\"lazy\" decoding=\"async\" data-attachment-id=\"17929\" data-permalink=\"https:\/\/genevieveetbernardauxameriques.fr\/index.php\/2017\/04\/18\/colombie-3eme-article-de-medellin-a-bogota\/p1070884\/\" data-orig-file=\"https:\/\/i0.wp.com\/genevieveetbernardauxameriques.fr\/wp-content\/uploads\/2017\/04\/P1070884.jpg?fit=720%2C540&amp;ssl=1\" data-orig-size=\"720,540\" data-comments-opened=\"1\" data-image-meta=\"{&quot;aperture&quot;:&quot;4.5&quot;,&quot;credit&quot;:&quot;&quot;,&quot;camera&quot;:&quot;DMC-TZ55&quot;,&quot;caption&quot;:&quot;&quot;,&quot;created_timestamp&quot;:&quot;1491347789&quot;,&quot;copyright&quot;:&quot;&quot;,&quot;focal_length&quot;:&quot;5.4&quot;,&quot;iso&quot;:&quot;100&quot;,&quot;shutter_speed&quot;:&quot;0.0015625&quot;,&quot;title&quot;:&quot;&quot;,&quot;orientation&quot;:&quot;1&quot;}\" data-image-title=\"P1070884\" data-image-description=\"\" data-image-caption=\"\" data-medium-file=\"https:\/\/i0.wp.com\/genevieveetbernardauxameriques.fr\/wp-content\/uploads\/2017\/04\/P1070884.jpg?fit=300%2C225&amp;ssl=1\" data-large-file=\"https:\/\/i0.wp.com\/genevieveetbernardauxameriques.fr\/wp-content\/uploads\/2017\/04\/P1070884.jpg?fit=640%2C480&amp;ssl=1\" class=\"alignnone size-full wp-image-17929\" src=\"https:\/\/i0.wp.com\/genevieveetbernardauxameriques.fr\/wp-content\/uploads\/2017\/04\/P1070884.jpg?resize=640%2C480&#038;ssl=1\" alt=\"\" width=\"640\" height=\"480\" srcset=\"https:\/\/i0.wp.com\/genevieveetbernardauxameriques.fr\/wp-content\/uploads\/2017\/04\/P1070884.jpg?w=720&amp;ssl=1 720w, https:\/\/i0.wp.com\/genevieveetbernardauxameriques.fr\/wp-content\/uploads\/2017\/04\/P1070884.jpg?resize=300%2C225&amp;ssl=1 300w\" sizes=\"(max-width: 640px) 100vw, 640px\" data-recalc-dims=\"1\" \/><\/a> <a href=\"https:\/\/i0.wp.com\/genevieveetbernardauxameriques.fr\/wp-content\/uploads\/2017\/04\/P1070885.jpg?ssl=1\"><img loading=\"lazy\" decoding=\"async\" data-attachment-id=\"17930\" data-permalink=\"https:\/\/genevieveetbernardauxameriques.fr\/index.php\/2017\/04\/18\/colombie-3eme-article-de-medellin-a-bogota\/p1070885\/\" data-orig-file=\"https:\/\/i0.wp.com\/genevieveetbernardauxameriques.fr\/wp-content\/uploads\/2017\/04\/P1070885.jpg?fit=720%2C540&amp;ssl=1\" data-orig-size=\"720,540\" data-comments-opened=\"1\" data-image-meta=\"{&quot;aperture&quot;:&quot;5&quot;,&quot;credit&quot;:&quot;&quot;,&quot;camera&quot;:&quot;DMC-TZ55&quot;,&quot;caption&quot;:&quot;&quot;,&quot;created_timestamp&quot;:&quot;1491347848&quot;,&quot;copyright&quot;:&quot;&quot;,&quot;focal_length&quot;:&quot;7.4&quot;,&quot;iso&quot;:&quot;100&quot;,&quot;shutter_speed&quot;:&quot;0.002&quot;,&quot;title&quot;:&quot;&quot;,&quot;orientation&quot;:&quot;1&quot;}\" data-image-title=\"P1070885\" data-image-description=\"\" data-image-caption=\"\" data-medium-file=\"https:\/\/i0.wp.com\/genevieveetbernardauxameriques.fr\/wp-content\/uploads\/2017\/04\/P1070885.jpg?fit=300%2C225&amp;ssl=1\" data-large-file=\"https:\/\/i0.wp.com\/genevieveetbernardauxameriques.fr\/wp-content\/uploads\/2017\/04\/P1070885.jpg?fit=640%2C480&amp;ssl=1\" class=\"alignnone size-full wp-image-17930\" src=\"https:\/\/i0.wp.com\/genevieveetbernardauxameriques.fr\/wp-content\/uploads\/2017\/04\/P1070885.jpg?resize=640%2C480&#038;ssl=1\" alt=\"\" width=\"640\" height=\"480\" srcset=\"https:\/\/i0.wp.com\/genevieveetbernardauxameriques.fr\/wp-content\/uploads\/2017\/04\/P1070885.jpg?w=720&amp;ssl=1 720w, https:\/\/i0.wp.com\/genevieveetbernardauxameriques.fr\/wp-content\/uploads\/2017\/04\/P1070885.jpg?resize=300%2C225&amp;ssl=1 300w\" sizes=\"(max-width: 640px) 100vw, 640px\" data-recalc-dims=\"1\" \/><\/a>\u00a0 Et le rocher on le voit de loin<a href=\"https:\/\/i0.wp.com\/genevieveetbernardauxameriques.fr\/wp-content\/uploads\/2017\/04\/P1070888.jpg?ssl=1\"><img loading=\"lazy\" decoding=\"async\" data-attachment-id=\"17932\" data-permalink=\"https:\/\/genevieveetbernardauxameriques.fr\/index.php\/2017\/04\/18\/colombie-3eme-article-de-medellin-a-bogota\/p1070888\/\" data-orig-file=\"https:\/\/i0.wp.com\/genevieveetbernardauxameriques.fr\/wp-content\/uploads\/2017\/04\/P1070888.jpg?fit=720%2C540&amp;ssl=1\" data-orig-size=\"720,540\" data-comments-opened=\"1\" data-image-meta=\"{&quot;aperture&quot;:&quot;5.6&quot;,&quot;credit&quot;:&quot;&quot;,&quot;camera&quot;:&quot;DMC-TZ55&quot;,&quot;caption&quot;:&quot;&quot;,&quot;created_timestamp&quot;:&quot;1491348015&quot;,&quot;copyright&quot;:&quot;&quot;,&quot;focal_length&quot;:&quot;10.3&quot;,&quot;iso&quot;:&quot;100&quot;,&quot;shutter_speed&quot;:&quot;0.005&quot;,&quot;title&quot;:&quot;&quot;,&quot;orientation&quot;:&quot;1&quot;}\" data-image-title=\"P1070888\" data-image-description=\"\" data-image-caption=\"\" data-medium-file=\"https:\/\/i0.wp.com\/genevieveetbernardauxameriques.fr\/wp-content\/uploads\/2017\/04\/P1070888.jpg?fit=300%2C225&amp;ssl=1\" data-large-file=\"https:\/\/i0.wp.com\/genevieveetbernardauxameriques.fr\/wp-content\/uploads\/2017\/04\/P1070888.jpg?fit=640%2C480&amp;ssl=1\" class=\"alignnone size-full wp-image-17932\" src=\"https:\/\/i0.wp.com\/genevieveetbernardauxameriques.fr\/wp-content\/uploads\/2017\/04\/P1070888.jpg?resize=640%2C480&#038;ssl=1\" alt=\"\" width=\"640\" height=\"480\" srcset=\"https:\/\/i0.wp.com\/genevieveetbernardauxameriques.fr\/wp-content\/uploads\/2017\/04\/P1070888.jpg?w=720&amp;ssl=1 720w, https:\/\/i0.wp.com\/genevieveetbernardauxameriques.fr\/wp-content\/uploads\/2017\/04\/P1070888.jpg?resize=300%2C225&amp;ssl=1 300w\" sizes=\"(max-width: 640px) 100vw, 640px\" data-recalc-dims=\"1\" \/><\/a> <a href=\"https:\/\/i0.wp.com\/genevieveetbernardauxameriques.fr\/wp-content\/uploads\/2017\/04\/P1070889.jpg?ssl=1\"><img loading=\"lazy\" decoding=\"async\" data-attachment-id=\"17933\" data-permalink=\"https:\/\/genevieveetbernardauxameriques.fr\/index.php\/2017\/04\/18\/colombie-3eme-article-de-medellin-a-bogota\/p1070889\/\" data-orig-file=\"https:\/\/i0.wp.com\/genevieveetbernardauxameriques.fr\/wp-content\/uploads\/2017\/04\/P1070889.jpg?fit=720%2C540&amp;ssl=1\" data-orig-size=\"720,540\" data-comments-opened=\"1\" data-image-meta=\"{&quot;aperture&quot;:&quot;5&quot;,&quot;credit&quot;:&quot;&quot;,&quot;camera&quot;:&quot;DMC-TZ55&quot;,&quot;caption&quot;:&quot;&quot;,&quot;created_timestamp&quot;:&quot;1491348199&quot;,&quot;copyright&quot;:&quot;&quot;,&quot;focal_length&quot;:&quot;8.5&quot;,&quot;iso&quot;:&quot;100&quot;,&quot;shutter_speed&quot;:&quot;0.01&quot;,&quot;title&quot;:&quot;&quot;,&quot;orientation&quot;:&quot;1&quot;}\" data-image-title=\"P1070889\" data-image-description=\"\" data-image-caption=\"\" data-medium-file=\"https:\/\/i0.wp.com\/genevieveetbernardauxameriques.fr\/wp-content\/uploads\/2017\/04\/P1070889.jpg?fit=300%2C225&amp;ssl=1\" data-large-file=\"https:\/\/i0.wp.com\/genevieveetbernardauxameriques.fr\/wp-content\/uploads\/2017\/04\/P1070889.jpg?fit=640%2C480&amp;ssl=1\" class=\"alignnone size-full wp-image-17933\" src=\"https:\/\/i0.wp.com\/genevieveetbernardauxameriques.fr\/wp-content\/uploads\/2017\/04\/P1070889.jpg?resize=640%2C480&#038;ssl=1\" alt=\"\" width=\"640\" height=\"480\" srcset=\"https:\/\/i0.wp.com\/genevieveetbernardauxameriques.fr\/wp-content\/uploads\/2017\/04\/P1070889.jpg?w=720&amp;ssl=1 720w, https:\/\/i0.wp.com\/genevieveetbernardauxameriques.fr\/wp-content\/uploads\/2017\/04\/P1070889.jpg?resize=300%2C225&amp;ssl=1 300w\" sizes=\"(max-width: 640px) 100vw, 640px\" data-recalc-dims=\"1\" \/><\/a><\/p>\n<p>Les fruits de ce palmier, la mauve vient juste de s&rsquo;ouvrir<\/p>\n<p><a href=\"https:\/\/i0.wp.com\/genevieveetbernardauxameriques.fr\/wp-content\/uploads\/2017\/04\/P1070880.jpg?ssl=1\"><img loading=\"lazy\" decoding=\"async\" data-attachment-id=\"17927\" data-permalink=\"https:\/\/genevieveetbernardauxameriques.fr\/index.php\/2017\/04\/18\/colombie-3eme-article-de-medellin-a-bogota\/p1070880\/\" data-orig-file=\"https:\/\/i0.wp.com\/genevieveetbernardauxameriques.fr\/wp-content\/uploads\/2017\/04\/P1070880.jpg?fit=720%2C540&amp;ssl=1\" data-orig-size=\"720,540\" data-comments-opened=\"1\" data-image-meta=\"{&quot;aperture&quot;:&quot;5.6&quot;,&quot;credit&quot;:&quot;&quot;,&quot;camera&quot;:&quot;DMC-TZ55&quot;,&quot;caption&quot;:&quot;&quot;,&quot;created_timestamp&quot;:&quot;1491346431&quot;,&quot;copyright&quot;:&quot;&quot;,&quot;focal_length&quot;:&quot;11.7&quot;,&quot;iso&quot;:&quot;100&quot;,&quot;shutter_speed&quot;:&quot;0.005&quot;,&quot;title&quot;:&quot;&quot;,&quot;orientation&quot;:&quot;1&quot;}\" data-image-title=\"P1070880\" data-image-description=\"\" data-image-caption=\"\" data-medium-file=\"https:\/\/i0.wp.com\/genevieveetbernardauxameriques.fr\/wp-content\/uploads\/2017\/04\/P1070880.jpg?fit=300%2C225&amp;ssl=1\" data-large-file=\"https:\/\/i0.wp.com\/genevieveetbernardauxameriques.fr\/wp-content\/uploads\/2017\/04\/P1070880.jpg?fit=640%2C480&amp;ssl=1\" class=\"alignnone size-full wp-image-17927\" src=\"https:\/\/i0.wp.com\/genevieveetbernardauxameriques.fr\/wp-content\/uploads\/2017\/04\/P1070880.jpg?resize=640%2C480&#038;ssl=1\" alt=\"\" width=\"640\" height=\"480\" srcset=\"https:\/\/i0.wp.com\/genevieveetbernardauxameriques.fr\/wp-content\/uploads\/2017\/04\/P1070880.jpg?w=720&amp;ssl=1 720w, https:\/\/i0.wp.com\/genevieveetbernardauxameriques.fr\/wp-content\/uploads\/2017\/04\/P1070880.jpg?resize=300%2C225&amp;ssl=1 300w\" sizes=\"(max-width: 640px) 100vw, 640px\" data-recalc-dims=\"1\" \/><\/a> <a href=\"https:\/\/i0.wp.com\/genevieveetbernardauxameriques.fr\/wp-content\/uploads\/2017\/04\/P1070898.jpg?ssl=1\"><img loading=\"lazy\" decoding=\"async\" data-attachment-id=\"17940\" data-permalink=\"https:\/\/genevieveetbernardauxameriques.fr\/index.php\/2017\/04\/18\/colombie-3eme-article-de-medellin-a-bogota\/p1070898\/\" data-orig-file=\"https:\/\/i0.wp.com\/genevieveetbernardauxameriques.fr\/wp-content\/uploads\/2017\/04\/P1070898.jpg?fit=720%2C540&amp;ssl=1\" data-orig-size=\"720,540\" data-comments-opened=\"1\" data-image-meta=\"{&quot;aperture&quot;:&quot;5.6&quot;,&quot;credit&quot;:&quot;&quot;,&quot;camera&quot;:&quot;DMC-TZ55&quot;,&quot;caption&quot;:&quot;&quot;,&quot;created_timestamp&quot;:&quot;1491409898&quot;,&quot;copyright&quot;:&quot;&quot;,&quot;focal_length&quot;:&quot;9.7&quot;,&quot;iso&quot;:&quot;100&quot;,&quot;shutter_speed&quot;:&quot;0.005&quot;,&quot;title&quot;:&quot;&quot;,&quot;orientation&quot;:&quot;1&quot;}\" data-image-title=\"P1070898\" data-image-description=\"\" data-image-caption=\"\" data-medium-file=\"https:\/\/i0.wp.com\/genevieveetbernardauxameriques.fr\/wp-content\/uploads\/2017\/04\/P1070898.jpg?fit=300%2C225&amp;ssl=1\" data-large-file=\"https:\/\/i0.wp.com\/genevieveetbernardauxameriques.fr\/wp-content\/uploads\/2017\/04\/P1070898.jpg?fit=640%2C480&amp;ssl=1\" class=\"alignnone size-full wp-image-17940\" src=\"https:\/\/i0.wp.com\/genevieveetbernardauxameriques.fr\/wp-content\/uploads\/2017\/04\/P1070898.jpg?resize=640%2C480&#038;ssl=1\" alt=\"\" width=\"640\" height=\"480\" srcset=\"https:\/\/i0.wp.com\/genevieveetbernardauxameriques.fr\/wp-content\/uploads\/2017\/04\/P1070898.jpg?w=720&amp;ssl=1 720w, https:\/\/i0.wp.com\/genevieveetbernardauxameriques.fr\/wp-content\/uploads\/2017\/04\/P1070898.jpg?resize=300%2C225&amp;ssl=1 300w\" sizes=\"(max-width: 640px) 100vw, 640px\" data-recalc-dims=\"1\" \/><\/a><\/p>\n<p>Encore de beaux engins, celui-l\u00e0 est gar\u00e9 sur notre parking<\/p>\n<p><a href=\"https:\/\/i0.wp.com\/genevieveetbernardauxameriques.fr\/wp-content\/uploads\/2017\/04\/P1070900.jpg?ssl=1\"><img loading=\"lazy\" decoding=\"async\" data-attachment-id=\"17941\" data-permalink=\"https:\/\/genevieveetbernardauxameriques.fr\/index.php\/2017\/04\/18\/colombie-3eme-article-de-medellin-a-bogota\/p1070900\/\" data-orig-file=\"https:\/\/i0.wp.com\/genevieveetbernardauxameriques.fr\/wp-content\/uploads\/2017\/04\/P1070900.jpg?fit=720%2C540&amp;ssl=1\" data-orig-size=\"720,540\" data-comments-opened=\"1\" data-image-meta=\"{&quot;aperture&quot;:&quot;4&quot;,&quot;credit&quot;:&quot;&quot;,&quot;camera&quot;:&quot;DMC-TZ55&quot;,&quot;caption&quot;:&quot;&quot;,&quot;created_timestamp&quot;:&quot;1491410253&quot;,&quot;copyright&quot;:&quot;&quot;,&quot;focal_length&quot;:&quot;4.3&quot;,&quot;iso&quot;:&quot;100&quot;,&quot;shutter_speed&quot;:&quot;0.001&quot;,&quot;title&quot;:&quot;&quot;,&quot;orientation&quot;:&quot;1&quot;}\" data-image-title=\"P1070900\" data-image-description=\"\" data-image-caption=\"\" data-medium-file=\"https:\/\/i0.wp.com\/genevieveetbernardauxameriques.fr\/wp-content\/uploads\/2017\/04\/P1070900.jpg?fit=300%2C225&amp;ssl=1\" data-large-file=\"https:\/\/i0.wp.com\/genevieveetbernardauxameriques.fr\/wp-content\/uploads\/2017\/04\/P1070900.jpg?fit=640%2C480&amp;ssl=1\" class=\"alignnone size-full wp-image-17941\" src=\"https:\/\/i0.wp.com\/genevieveetbernardauxameriques.fr\/wp-content\/uploads\/2017\/04\/P1070900.jpg?resize=640%2C480&#038;ssl=1\" alt=\"\" width=\"640\" height=\"480\" srcset=\"https:\/\/i0.wp.com\/genevieveetbernardauxameriques.fr\/wp-content\/uploads\/2017\/04\/P1070900.jpg?w=720&amp;ssl=1 720w, https:\/\/i0.wp.com\/genevieveetbernardauxameriques.fr\/wp-content\/uploads\/2017\/04\/P1070900.jpg?resize=300%2C225&amp;ssl=1 300w\" sizes=\"(max-width: 640px) 100vw, 640px\" data-recalc-dims=\"1\" \/><\/a><img loading=\"lazy\" decoding=\"async\" data-attachment-id=\"18005\" data-permalink=\"https:\/\/genevieveetbernardauxameriques.fr\/index.php\/2017\/04\/18\/colombie-3eme-article-de-medellin-a-bogota\/img_20170404_130105\/\" data-orig-file=\"https:\/\/i0.wp.com\/genevieveetbernardauxameriques.fr\/wp-content\/uploads\/2017\/04\/IMG_20170404_130105.jpg?fit=720%2C540&amp;ssl=1\" data-orig-size=\"720,540\" data-comments-opened=\"1\" data-image-meta=\"{&quot;aperture&quot;:&quot;0&quot;,&quot;credit&quot;:&quot;&quot;,&quot;camera&quot;:&quot;Lenovo YT3-X50F&quot;,&quot;caption&quot;:&quot;&quot;,&quot;created_timestamp&quot;:&quot;1491310866&quot;,&quot;copyright&quot;:&quot;&quot;,&quot;focal_length&quot;:&quot;3.85&quot;,&quot;iso&quot;:&quot;100&quot;,&quot;shutter_speed&quot;:&quot;0.0045045045045045&quot;,&quot;title&quot;:&quot;&quot;,&quot;orientation&quot;:&quot;0&quot;}\" data-image-title=\"IMG_20170404_130105\" data-image-description=\"\" data-image-caption=\"\" data-medium-file=\"https:\/\/i0.wp.com\/genevieveetbernardauxameriques.fr\/wp-content\/uploads\/2017\/04\/IMG_20170404_130105.jpg?fit=300%2C225&amp;ssl=1\" data-large-file=\"https:\/\/i0.wp.com\/genevieveetbernardauxameriques.fr\/wp-content\/uploads\/2017\/04\/IMG_20170404_130105.jpg?fit=640%2C480&amp;ssl=1\" class=\"alignnone size-full wp-image-18005\" src=\"https:\/\/i0.wp.com\/genevieveetbernardauxameriques.fr\/wp-content\/uploads\/2017\/04\/IMG_20170404_130105.jpg?resize=640%2C480&#038;ssl=1\" alt=\"\" width=\"640\" height=\"480\" srcset=\"https:\/\/i0.wp.com\/genevieveetbernardauxameriques.fr\/wp-content\/uploads\/2017\/04\/IMG_20170404_130105.jpg?w=720&amp;ssl=1 720w, https:\/\/i0.wp.com\/genevieveetbernardauxameriques.fr\/wp-content\/uploads\/2017\/04\/IMG_20170404_130105.jpg?resize=300%2C225&amp;ssl=1 300w\" sizes=\"(max-width: 640px) 100vw, 640px\" data-recalc-dims=\"1\" \/><a href=\"https:\/\/i0.wp.com\/genevieveetbernardauxameriques.fr\/wp-content\/uploads\/2017\/04\/IMG_20170404_165130.jpg?ssl=1\"><img loading=\"lazy\" decoding=\"async\" data-attachment-id=\"18057\" data-permalink=\"https:\/\/genevieveetbernardauxameriques.fr\/index.php\/2017\/04\/18\/colombie-3eme-article-de-medellin-a-bogota\/img_20170404_165130\/\" data-orig-file=\"https:\/\/i0.wp.com\/genevieveetbernardauxameriques.fr\/wp-content\/uploads\/2017\/04\/IMG_20170404_165130.jpg?fit=720%2C540&amp;ssl=1\" data-orig-size=\"720,540\" data-comments-opened=\"1\" data-image-meta=\"{&quot;aperture&quot;:&quot;0&quot;,&quot;credit&quot;:&quot;&quot;,&quot;camera&quot;:&quot;Lenovo YT3-X50F&quot;,&quot;caption&quot;:&quot;&quot;,&quot;created_timestamp&quot;:&quot;1491324691&quot;,&quot;copyright&quot;:&quot;&quot;,&quot;focal_length&quot;:&quot;3.85&quot;,&quot;iso&quot;:&quot;100&quot;,&quot;shutter_speed&quot;:&quot;0.0030487804878049&quot;,&quot;title&quot;:&quot;&quot;,&quot;orientation&quot;:&quot;0&quot;}\" data-image-title=\"IMG_20170404_165130\" data-image-description=\"\" data-image-caption=\"\" data-medium-file=\"https:\/\/i0.wp.com\/genevieveetbernardauxameriques.fr\/wp-content\/uploads\/2017\/04\/IMG_20170404_165130.jpg?fit=300%2C225&amp;ssl=1\" data-large-file=\"https:\/\/i0.wp.com\/genevieveetbernardauxameriques.fr\/wp-content\/uploads\/2017\/04\/IMG_20170404_165130.jpg?fit=640%2C480&amp;ssl=1\" class=\"alignnone size-full wp-image-18057\" src=\"https:\/\/i0.wp.com\/genevieveetbernardauxameriques.fr\/wp-content\/uploads\/2017\/04\/IMG_20170404_165130.jpg?resize=640%2C480&#038;ssl=1\" alt=\"\" width=\"640\" height=\"480\" srcset=\"https:\/\/i0.wp.com\/genevieveetbernardauxameriques.fr\/wp-content\/uploads\/2017\/04\/IMG_20170404_165130.jpg?w=720&amp;ssl=1 720w, https:\/\/i0.wp.com\/genevieveetbernardauxameriques.fr\/wp-content\/uploads\/2017\/04\/IMG_20170404_165130.jpg?resize=300%2C225&amp;ssl=1 300w\" sizes=\"(max-width: 640px) 100vw, 640px\" data-recalc-dims=\"1\" \/><\/a><\/p>\n<p>et l\u00e0, des motos CHIVAS (exactement comme les bus) tout en bois\u00a0\u00a0<a href=\"https:\/\/i0.wp.com\/genevieveetbernardauxameriques.fr\/wp-content\/uploads\/2017\/04\/IMG_20170404_141449.jpg?ssl=1\"><img loading=\"lazy\" decoding=\"async\" data-attachment-id=\"18006\" data-permalink=\"https:\/\/genevieveetbernardauxameriques.fr\/index.php\/2017\/04\/18\/colombie-3eme-article-de-medellin-a-bogota\/img_20170404_141449\/\" data-orig-file=\"https:\/\/i0.wp.com\/genevieveetbernardauxameriques.fr\/wp-content\/uploads\/2017\/04\/IMG_20170404_141449.jpg?fit=720%2C540&amp;ssl=1\" data-orig-size=\"720,540\" data-comments-opened=\"1\" data-image-meta=\"{&quot;aperture&quot;:&quot;0&quot;,&quot;credit&quot;:&quot;&quot;,&quot;camera&quot;:&quot;Lenovo YT3-X50F&quot;,&quot;caption&quot;:&quot;&quot;,&quot;created_timestamp&quot;:&quot;1491315289&quot;,&quot;copyright&quot;:&quot;&quot;,&quot;focal_length&quot;:&quot;3.85&quot;,&quot;iso&quot;:&quot;100&quot;,&quot;shutter_speed&quot;:&quot;0.0012919896640827&quot;,&quot;title&quot;:&quot;&quot;,&quot;orientation&quot;:&quot;0&quot;}\" data-image-title=\"IMG_20170404_141449\" data-image-description=\"\" data-image-caption=\"\" data-medium-file=\"https:\/\/i0.wp.com\/genevieveetbernardauxameriques.fr\/wp-content\/uploads\/2017\/04\/IMG_20170404_141449.jpg?fit=300%2C225&amp;ssl=1\" data-large-file=\"https:\/\/i0.wp.com\/genevieveetbernardauxameriques.fr\/wp-content\/uploads\/2017\/04\/IMG_20170404_141449.jpg?fit=640%2C480&amp;ssl=1\" class=\"alignnone size-full wp-image-18006\" src=\"https:\/\/i0.wp.com\/genevieveetbernardauxameriques.fr\/wp-content\/uploads\/2017\/04\/IMG_20170404_141449.jpg?resize=640%2C480&#038;ssl=1\" alt=\"\" width=\"640\" height=\"480\" srcset=\"https:\/\/i0.wp.com\/genevieveetbernardauxameriques.fr\/wp-content\/uploads\/2017\/04\/IMG_20170404_141449.jpg?w=720&amp;ssl=1 720w, https:\/\/i0.wp.com\/genevieveetbernardauxameriques.fr\/wp-content\/uploads\/2017\/04\/IMG_20170404_141449.jpg?resize=300%2C225&amp;ssl=1 300w\" sizes=\"(max-width: 640px) 100vw, 640px\" data-recalc-dims=\"1\" \/><\/a><a href=\"https:\/\/i0.wp.com\/genevieveetbernardauxameriques.fr\/wp-content\/uploads\/2017\/04\/P1070841.jpg?ssl=1\"><img loading=\"lazy\" decoding=\"async\" data-attachment-id=\"17898\" data-permalink=\"https:\/\/genevieveetbernardauxameriques.fr\/index.php\/2017\/04\/18\/colombie-3eme-article-de-medellin-a-bogota\/p1070841\/\" data-orig-file=\"https:\/\/i0.wp.com\/genevieveetbernardauxameriques.fr\/wp-content\/uploads\/2017\/04\/P1070841.jpg?fit=720%2C540&amp;ssl=1\" data-orig-size=\"720,540\" data-comments-opened=\"1\" data-image-meta=\"{&quot;aperture&quot;:&quot;3.3&quot;,&quot;credit&quot;:&quot;&quot;,&quot;camera&quot;:&quot;DMC-TZ55&quot;,&quot;caption&quot;:&quot;&quot;,&quot;created_timestamp&quot;:&quot;1491265673&quot;,&quot;copyright&quot;:&quot;&quot;,&quot;focal_length&quot;:&quot;4.3&quot;,&quot;iso&quot;:&quot;500&quot;,&quot;shutter_speed&quot;:&quot;0.0025&quot;,&quot;title&quot;:&quot;&quot;,&quot;orientation&quot;:&quot;1&quot;}\" data-image-title=\"P1070841\" data-image-description=\"\" data-image-caption=\"\" data-medium-file=\"https:\/\/i0.wp.com\/genevieveetbernardauxameriques.fr\/wp-content\/uploads\/2017\/04\/P1070841.jpg?fit=300%2C225&amp;ssl=1\" data-large-file=\"https:\/\/i0.wp.com\/genevieveetbernardauxameriques.fr\/wp-content\/uploads\/2017\/04\/P1070841.jpg?fit=640%2C480&amp;ssl=1\" class=\"alignnone size-full wp-image-17898\" src=\"https:\/\/i0.wp.com\/genevieveetbernardauxameriques.fr\/wp-content\/uploads\/2017\/04\/P1070841.jpg?resize=640%2C480&#038;ssl=1\" alt=\"\" width=\"640\" height=\"480\" srcset=\"https:\/\/i0.wp.com\/genevieveetbernardauxameriques.fr\/wp-content\/uploads\/2017\/04\/P1070841.jpg?w=720&amp;ssl=1 720w, https:\/\/i0.wp.com\/genevieveetbernardauxameriques.fr\/wp-content\/uploads\/2017\/04\/P1070841.jpg?resize=300%2C225&amp;ssl=1 300w\" sizes=\"(max-width: 640px) 100vw, 640px\" data-recalc-dims=\"1\" \/><\/a><img loading=\"lazy\" decoding=\"async\" data-attachment-id=\"18056\" data-permalink=\"https:\/\/genevieveetbernardauxameriques.fr\/index.php\/2017\/04\/18\/colombie-3eme-article-de-medellin-a-bogota\/img_20170404_145133\/\" data-orig-file=\"https:\/\/i0.wp.com\/genevieveetbernardauxameriques.fr\/wp-content\/uploads\/2017\/04\/IMG_20170404_145133.jpg?fit=720%2C540&amp;ssl=1\" data-orig-size=\"720,540\" data-comments-opened=\"1\" data-image-meta=\"{&quot;aperture&quot;:&quot;0&quot;,&quot;credit&quot;:&quot;&quot;,&quot;camera&quot;:&quot;Lenovo YT3-X50F&quot;,&quot;caption&quot;:&quot;&quot;,&quot;created_timestamp&quot;:&quot;1491317494&quot;,&quot;copyright&quot;:&quot;&quot;,&quot;focal_length&quot;:&quot;3.85&quot;,&quot;iso&quot;:&quot;100&quot;,&quot;shutter_speed&quot;:&quot;0.0041152263374486&quot;,&quot;title&quot;:&quot;&quot;,&quot;orientation&quot;:&quot;0&quot;}\" data-image-title=\"IMG_20170404_145133\" data-image-description=\"\" data-image-caption=\"\" data-medium-file=\"https:\/\/i0.wp.com\/genevieveetbernardauxameriques.fr\/wp-content\/uploads\/2017\/04\/IMG_20170404_145133.jpg?fit=300%2C225&amp;ssl=1\" data-large-file=\"https:\/\/i0.wp.com\/genevieveetbernardauxameriques.fr\/wp-content\/uploads\/2017\/04\/IMG_20170404_145133.jpg?fit=640%2C480&amp;ssl=1\" class=\"alignnone size-full wp-image-18056\" src=\"https:\/\/i0.wp.com\/genevieveetbernardauxameriques.fr\/wp-content\/uploads\/2017\/04\/IMG_20170404_145133.jpg?resize=640%2C480&#038;ssl=1\" alt=\"\" width=\"640\" height=\"480\" srcset=\"https:\/\/i0.wp.com\/genevieveetbernardauxameriques.fr\/wp-content\/uploads\/2017\/04\/IMG_20170404_145133.jpg?w=720&amp;ssl=1 720w, https:\/\/i0.wp.com\/genevieveetbernardauxameriques.fr\/wp-content\/uploads\/2017\/04\/IMG_20170404_145133.jpg?resize=300%2C225&amp;ssl=1 300w\" sizes=\"(max-width: 640px) 100vw, 640px\" data-recalc-dims=\"1\" \/><\/p>\n<p class=\"separator\">Les chapeaux en Colombie, c&rsquo;est encore pire qu&rsquo;en Equateur, il y en a partout \u00e0 vendre mais pas aussi fin.<\/p>\n<p class=\"separator\"><strong>MERCREDI 5 AVRIL<\/strong><\/p>\n<p>Nous quittons Guatape vers 9 h et \u00e0 peine partis, le voyant rouge de la batterie se rallume.<\/p>\n<p>Nous faisons la dizaine de km qui nous s\u00e9pare de <strong>Marinilla<\/strong> pour retourner au garage. Apr\u00e8s v\u00e9rification, il re-nettoie et nous repartons tranquillis\u00e9s, ils ont travaill\u00e9 1 h et n&rsquo;ont pas \u200bvoulu qu&rsquo;on les paye.<\/p>\n<p>Arr\u00eat quelques km plus loin, on s&rsquo;arr\u00eate pour manger le long de la route<\/p>\n<p><img loading=\"lazy\" decoding=\"async\" data-attachment-id=\"18012\" data-permalink=\"https:\/\/genevieveetbernardauxameriques.fr\/index.php\/2017\/04\/18\/colombie-3eme-article-de-medellin-a-bogota\/p1070933\/\" data-orig-file=\"https:\/\/i0.wp.com\/genevieveetbernardauxameriques.fr\/wp-content\/uploads\/2017\/04\/P1070933.jpg?fit=720%2C540&amp;ssl=1\" data-orig-size=\"720,540\" data-comments-opened=\"1\" data-image-meta=\"{&quot;aperture&quot;:&quot;4&quot;,&quot;credit&quot;:&quot;&quot;,&quot;camera&quot;:&quot;DMC-TZ55&quot;,&quot;caption&quot;:&quot;&quot;,&quot;created_timestamp&quot;:&quot;1491669706&quot;,&quot;copyright&quot;:&quot;&quot;,&quot;focal_length&quot;:&quot;4.3&quot;,&quot;iso&quot;:&quot;100&quot;,&quot;shutter_speed&quot;:&quot;0.00125&quot;,&quot;title&quot;:&quot;&quot;,&quot;orientation&quot;:&quot;1&quot;}\" data-image-title=\"P1070933\" data-image-description=\"\" data-image-caption=\"\" data-medium-file=\"https:\/\/i0.wp.com\/genevieveetbernardauxameriques.fr\/wp-content\/uploads\/2017\/04\/P1070933.jpg?fit=300%2C225&amp;ssl=1\" data-large-file=\"https:\/\/i0.wp.com\/genevieveetbernardauxameriques.fr\/wp-content\/uploads\/2017\/04\/P1070933.jpg?fit=640%2C480&amp;ssl=1\" class=\"alignnone size-full wp-image-18012\" src=\"https:\/\/i0.wp.com\/genevieveetbernardauxameriques.fr\/wp-content\/uploads\/2017\/04\/P1070933.jpg?resize=640%2C480&#038;ssl=1\" alt=\"\" width=\"640\" height=\"480\" srcset=\"https:\/\/i0.wp.com\/genevieveetbernardauxameriques.fr\/wp-content\/uploads\/2017\/04\/P1070933.jpg?w=720&amp;ssl=1 720w, https:\/\/i0.wp.com\/genevieveetbernardauxameriques.fr\/wp-content\/uploads\/2017\/04\/P1070933.jpg?resize=300%2C225&amp;ssl=1 300w\" sizes=\"(max-width: 640px) 100vw, 640px\" data-recalc-dims=\"1\" \/><\/p>\n<p>On passe un p\u00e9age et juste apr\u00e8s cela recommence.<\/p>\n<p>Demi tour\u00a0:\u00a0Re-d\u00e9montage.\u00a0Il est 16 h, il faut aller \u00e0 M\u00e9dellin changer le bobinage.<\/p>\n<p>Nous retournons o\u00f9 nous avions couch\u00e9, pr\u00e8s de la police sur une grande place, l&rsquo;ouvrier vient avec nous en moto, il demande o\u00f9 on peut stationner car il y a beaucoup de camions, puis \u00a0il va \u00e0 la police expliquer que nous sommes immobilis\u00e9s. Il retire l&rsquo;alternateur en nous pr\u00e9cisant qu&rsquo;il ira \u00e0 Medellin le lendemain.<\/p>\n<p><img loading=\"lazy\" decoding=\"async\" data-attachment-id=\"17959\" data-permalink=\"https:\/\/genevieveetbernardauxameriques.fr\/index.php\/2017\/04\/18\/colombie-3eme-article-de-medellin-a-bogota\/p1070927\/\" data-orig-file=\"https:\/\/i0.wp.com\/genevieveetbernardauxameriques.fr\/wp-content\/uploads\/2017\/04\/P1070927-e1586796332630.jpg?fit=719%2C419&amp;ssl=1\" data-orig-size=\"719,419\" data-comments-opened=\"1\" data-image-meta=\"{&quot;aperture&quot;:&quot;3.9&quot;,&quot;credit&quot;:&quot;&quot;,&quot;camera&quot;:&quot;DMC-TZ55&quot;,&quot;caption&quot;:&quot;&quot;,&quot;created_timestamp&quot;:&quot;1491527781&quot;,&quot;copyright&quot;:&quot;&quot;,&quot;focal_length&quot;:&quot;6.9&quot;,&quot;iso&quot;:&quot;125&quot;,&quot;shutter_speed&quot;:&quot;0.016666666666667&quot;,&quot;title&quot;:&quot;&quot;,&quot;orientation&quot;:&quot;1&quot;}\" data-image-title=\"P1070927\" data-image-description=\"\" data-image-caption=\"\" data-medium-file=\"https:\/\/i0.wp.com\/genevieveetbernardauxameriques.fr\/wp-content\/uploads\/2017\/04\/P1070927-e1586796332630.jpg?fit=300%2C175&amp;ssl=1\" data-large-file=\"https:\/\/i0.wp.com\/genevieveetbernardauxameriques.fr\/wp-content\/uploads\/2017\/04\/P1070927-e1586796332630.jpg?fit=640%2C373&amp;ssl=1\" class=\"alignnone size-full wp-image-17959\" src=\"https:\/\/i0.wp.com\/genevieveetbernardauxameriques.fr\/wp-content\/uploads\/2017\/04\/P1070927-e1586796332630.jpg?resize=640%2C373&#038;ssl=1\" alt=\"\" width=\"640\" height=\"373\" srcset=\"https:\/\/i0.wp.com\/genevieveetbernardauxameriques.fr\/wp-content\/uploads\/2017\/04\/P1070927-e1586796332630.jpg?w=719&amp;ssl=1 719w, https:\/\/i0.wp.com\/genevieveetbernardauxameriques.fr\/wp-content\/uploads\/2017\/04\/P1070927-e1586796332630.jpg?resize=300%2C175&amp;ssl=1 300w\" sizes=\"(max-width: 640px) 100vw, 640px\" data-recalc-dims=\"1\" \/><\/p>\n<p>(la police c&rsquo;est derri\u00e8re le mur blanc)<\/p>\n<p>\u00c0 l&rsquo;endroit o\u00f9 nous sommes install\u00e9s, il y a un hall avec des l\u00e9gumes en grosse quantit\u00e9. Vers 18 h d&rsquo;\u00e9normes camions arrivent et les chargent. Il y a un va et vient de v\u00e9hicules, du plus petit au plus gros qui d\u00e9chargent et chargent, mais cela ne va pas nous emp\u00eacher de dormir. \u00c0 minuit il n&rsquo;y a plus de trafic.<\/p>\n<p><img loading=\"lazy\" decoding=\"async\" data-attachment-id=\"17961\" data-permalink=\"https:\/\/genevieveetbernardauxameriques.fr\/index.php\/2017\/04\/18\/colombie-3eme-article-de-medellin-a-bogota\/p1070930\/\" data-orig-file=\"https:\/\/i0.wp.com\/genevieveetbernardauxameriques.fr\/wp-content\/uploads\/2017\/04\/P1070930.jpg?fit=720%2C540&amp;ssl=1\" data-orig-size=\"720,540\" data-comments-opened=\"1\" data-image-meta=\"{&quot;aperture&quot;:&quot;3.3&quot;,&quot;credit&quot;:&quot;&quot;,&quot;camera&quot;:&quot;DMC-TZ55&quot;,&quot;caption&quot;:&quot;&quot;,&quot;created_timestamp&quot;:&quot;1491527918&quot;,&quot;copyright&quot;:&quot;&quot;,&quot;focal_length&quot;:&quot;4.3&quot;,&quot;iso&quot;:&quot;1600&quot;,&quot;shutter_speed&quot;:&quot;0.02&quot;,&quot;title&quot;:&quot;&quot;,&quot;orientation&quot;:&quot;1&quot;}\" data-image-title=\"P1070930\" data-image-description=\"\" data-image-caption=\"\" data-medium-file=\"https:\/\/i0.wp.com\/genevieveetbernardauxameriques.fr\/wp-content\/uploads\/2017\/04\/P1070930.jpg?fit=300%2C225&amp;ssl=1\" data-large-file=\"https:\/\/i0.wp.com\/genevieveetbernardauxameriques.fr\/wp-content\/uploads\/2017\/04\/P1070930.jpg?fit=640%2C480&amp;ssl=1\" class=\"alignnone size-full wp-image-17961\" src=\"https:\/\/i0.wp.com\/genevieveetbernardauxameriques.fr\/wp-content\/uploads\/2017\/04\/P1070930.jpg?resize=640%2C480&#038;ssl=1\" alt=\"\" width=\"640\" height=\"480\" srcset=\"https:\/\/i0.wp.com\/genevieveetbernardauxameriques.fr\/wp-content\/uploads\/2017\/04\/P1070930.jpg?w=720&amp;ssl=1 720w, https:\/\/i0.wp.com\/genevieveetbernardauxameriques.fr\/wp-content\/uploads\/2017\/04\/P1070930.jpg?resize=300%2C225&amp;ssl=1 300w\" sizes=\"(max-width: 640px) 100vw, 640px\" data-recalc-dims=\"1\" \/><a href=\"https:\/\/i0.wp.com\/genevieveetbernardauxameriques.fr\/wp-content\/uploads\/2017\/04\/P1070929.jpg?ssl=1\"><img loading=\"lazy\" decoding=\"async\" data-attachment-id=\"17960\" data-permalink=\"https:\/\/genevieveetbernardauxameriques.fr\/index.php\/2017\/04\/18\/colombie-3eme-article-de-medellin-a-bogota\/p1070929\/\" data-orig-file=\"https:\/\/i0.wp.com\/genevieveetbernardauxameriques.fr\/wp-content\/uploads\/2017\/04\/P1070929.jpg?fit=720%2C540&amp;ssl=1\" data-orig-size=\"720,540\" data-comments-opened=\"1\" data-image-meta=\"{&quot;aperture&quot;:&quot;3.3&quot;,&quot;credit&quot;:&quot;&quot;,&quot;camera&quot;:&quot;DMC-TZ55&quot;,&quot;caption&quot;:&quot;&quot;,&quot;created_timestamp&quot;:&quot;1491527875&quot;,&quot;copyright&quot;:&quot;&quot;,&quot;focal_length&quot;:&quot;4.3&quot;,&quot;iso&quot;:&quot;160&quot;,&quot;shutter_speed&quot;:&quot;0.016666666666667&quot;,&quot;title&quot;:&quot;&quot;,&quot;orientation&quot;:&quot;1&quot;}\" data-image-title=\"P1070929\" data-image-description=\"\" data-image-caption=\"\" data-medium-file=\"https:\/\/i0.wp.com\/genevieveetbernardauxameriques.fr\/wp-content\/uploads\/2017\/04\/P1070929.jpg?fit=300%2C225&amp;ssl=1\" data-large-file=\"https:\/\/i0.wp.com\/genevieveetbernardauxameriques.fr\/wp-content\/uploads\/2017\/04\/P1070929.jpg?fit=640%2C480&amp;ssl=1\" class=\"alignnone size-full wp-image-17960\" src=\"https:\/\/i0.wp.com\/genevieveetbernardauxameriques.fr\/wp-content\/uploads\/2017\/04\/P1070929.jpg?resize=640%2C480&#038;ssl=1\" alt=\"\" width=\"640\" height=\"480\" srcset=\"https:\/\/i0.wp.com\/genevieveetbernardauxameriques.fr\/wp-content\/uploads\/2017\/04\/P1070929.jpg?w=720&amp;ssl=1 720w, https:\/\/i0.wp.com\/genevieveetbernardauxameriques.fr\/wp-content\/uploads\/2017\/04\/P1070929.jpg?resize=300%2C225&amp;ssl=1 300w\" sizes=\"(max-width: 640px) 100vw, 640px\" data-recalc-dims=\"1\" \/><\/a> <img loading=\"lazy\" decoding=\"async\" data-attachment-id=\"17958\" data-permalink=\"https:\/\/genevieveetbernardauxameriques.fr\/index.php\/2017\/04\/18\/colombie-3eme-article-de-medellin-a-bogota\/p1070926\/\" data-orig-file=\"https:\/\/i0.wp.com\/genevieveetbernardauxameriques.fr\/wp-content\/uploads\/2017\/04\/P1070926.jpg?fit=720%2C540&amp;ssl=1\" data-orig-size=\"720,540\" data-comments-opened=\"1\" data-image-meta=\"{&quot;aperture&quot;:&quot;3.3&quot;,&quot;credit&quot;:&quot;&quot;,&quot;camera&quot;:&quot;DMC-TZ55&quot;,&quot;caption&quot;:&quot;&quot;,&quot;created_timestamp&quot;:&quot;1491527767&quot;,&quot;copyright&quot;:&quot;&quot;,&quot;focal_length&quot;:&quot;4.3&quot;,&quot;iso&quot;:&quot;125&quot;,&quot;shutter_speed&quot;:&quot;0.016666666666667&quot;,&quot;title&quot;:&quot;&quot;,&quot;orientation&quot;:&quot;1&quot;}\" data-image-title=\"P1070926\" data-image-description=\"\" data-image-caption=\"\" data-medium-file=\"https:\/\/i0.wp.com\/genevieveetbernardauxameriques.fr\/wp-content\/uploads\/2017\/04\/P1070926.jpg?fit=300%2C225&amp;ssl=1\" data-large-file=\"https:\/\/i0.wp.com\/genevieveetbernardauxameriques.fr\/wp-content\/uploads\/2017\/04\/P1070926.jpg?fit=640%2C480&amp;ssl=1\" class=\"alignnone size-full wp-image-17958\" src=\"https:\/\/i0.wp.com\/genevieveetbernardauxameriques.fr\/wp-content\/uploads\/2017\/04\/P1070926.jpg?resize=640%2C480&#038;ssl=1\" alt=\"\" width=\"640\" height=\"480\" srcset=\"https:\/\/i0.wp.com\/genevieveetbernardauxameriques.fr\/wp-content\/uploads\/2017\/04\/P1070926.jpg?w=720&amp;ssl=1 720w, https:\/\/i0.wp.com\/genevieveetbernardauxameriques.fr\/wp-content\/uploads\/2017\/04\/P1070926.jpg?resize=300%2C225&amp;ssl=1 300w\" sizes=\"(max-width: 640px) 100vw, 640px\" data-recalc-dims=\"1\" \/><\/p>\n<p><strong>JEUDI<\/strong><\/p>\n<p>Le matin nous irons nous promener. Nous sommes dans une ville de 48000 habitants.<\/p>\n<p>La place principale :<\/p>\n<p><a href=\"https:\/\/i0.wp.com\/genevieveetbernardauxameriques.fr\/wp-content\/uploads\/2017\/04\/P1070910.jpg?ssl=1\"><img loading=\"lazy\" decoding=\"async\" data-attachment-id=\"17945\" data-permalink=\"https:\/\/genevieveetbernardauxameriques.fr\/index.php\/2017\/04\/18\/colombie-3eme-article-de-medellin-a-bogota\/p1070910\/\" data-orig-file=\"https:\/\/i0.wp.com\/genevieveetbernardauxameriques.fr\/wp-content\/uploads\/2017\/04\/P1070910.jpg?fit=720%2C540&amp;ssl=1\" data-orig-size=\"720,540\" data-comments-opened=\"1\" data-image-meta=\"{&quot;aperture&quot;:&quot;5.6&quot;,&quot;credit&quot;:&quot;&quot;,&quot;camera&quot;:&quot;DMC-TZ55&quot;,&quot;caption&quot;:&quot;&quot;,&quot;created_timestamp&quot;:&quot;1491502937&quot;,&quot;copyright&quot;:&quot;&quot;,&quot;focal_length&quot;:&quot;11&quot;,&quot;iso&quot;:&quot;100&quot;,&quot;shutter_speed&quot;:&quot;0.003125&quot;,&quot;title&quot;:&quot;&quot;,&quot;orientation&quot;:&quot;1&quot;}\" data-image-title=\"P1070910\" data-image-description=\"\" data-image-caption=\"\" data-medium-file=\"https:\/\/i0.wp.com\/genevieveetbernardauxameriques.fr\/wp-content\/uploads\/2017\/04\/P1070910.jpg?fit=300%2C225&amp;ssl=1\" data-large-file=\"https:\/\/i0.wp.com\/genevieveetbernardauxameriques.fr\/wp-content\/uploads\/2017\/04\/P1070910.jpg?fit=640%2C480&amp;ssl=1\" class=\"alignnone size-full wp-image-17945\" src=\"https:\/\/i0.wp.com\/genevieveetbernardauxameriques.fr\/wp-content\/uploads\/2017\/04\/P1070910.jpg?resize=640%2C480&#038;ssl=1\" alt=\"\" width=\"640\" height=\"480\" srcset=\"https:\/\/i0.wp.com\/genevieveetbernardauxameriques.fr\/wp-content\/uploads\/2017\/04\/P1070910.jpg?w=720&amp;ssl=1 720w, https:\/\/i0.wp.com\/genevieveetbernardauxameriques.fr\/wp-content\/uploads\/2017\/04\/P1070910.jpg?resize=300%2C225&amp;ssl=1 300w\" sizes=\"(max-width: 640px) 100vw, 640px\" data-recalc-dims=\"1\" \/><\/a><a href=\"https:\/\/i0.wp.com\/genevieveetbernardauxameriques.fr\/wp-content\/uploads\/2017\/04\/P1070911.jpg?ssl=1\"><img loading=\"lazy\" decoding=\"async\" data-attachment-id=\"17946\" data-permalink=\"https:\/\/genevieveetbernardauxameriques.fr\/index.php\/2017\/04\/18\/colombie-3eme-article-de-medellin-a-bogota\/p1070911\/\" data-orig-file=\"https:\/\/i0.wp.com\/genevieveetbernardauxameriques.fr\/wp-content\/uploads\/2017\/04\/P1070911.jpg?fit=720%2C540&amp;ssl=1\" data-orig-size=\"720,540\" data-comments-opened=\"1\" data-image-meta=\"{&quot;aperture&quot;:&quot;5.6&quot;,&quot;credit&quot;:&quot;&quot;,&quot;camera&quot;:&quot;DMC-TZ55&quot;,&quot;caption&quot;:&quot;&quot;,&quot;created_timestamp&quot;:&quot;1491502951&quot;,&quot;copyright&quot;:&quot;&quot;,&quot;focal_length&quot;:&quot;11&quot;,&quot;iso&quot;:&quot;100&quot;,&quot;shutter_speed&quot;:&quot;0.005&quot;,&quot;title&quot;:&quot;&quot;,&quot;orientation&quot;:&quot;1&quot;}\" data-image-title=\"P1070911\" data-image-description=\"\" data-image-caption=\"\" data-medium-file=\"https:\/\/i0.wp.com\/genevieveetbernardauxameriques.fr\/wp-content\/uploads\/2017\/04\/P1070911.jpg?fit=300%2C225&amp;ssl=1\" data-large-file=\"https:\/\/i0.wp.com\/genevieveetbernardauxameriques.fr\/wp-content\/uploads\/2017\/04\/P1070911.jpg?fit=640%2C480&amp;ssl=1\" class=\"alignnone size-full wp-image-17946\" src=\"https:\/\/i0.wp.com\/genevieveetbernardauxameriques.fr\/wp-content\/uploads\/2017\/04\/P1070911.jpg?resize=640%2C480&#038;ssl=1\" alt=\"\" width=\"640\" height=\"480\" srcset=\"https:\/\/i0.wp.com\/genevieveetbernardauxameriques.fr\/wp-content\/uploads\/2017\/04\/P1070911.jpg?w=720&amp;ssl=1 720w, https:\/\/i0.wp.com\/genevieveetbernardauxameriques.fr\/wp-content\/uploads\/2017\/04\/P1070911.jpg?resize=300%2C225&amp;ssl=1 300w\" sizes=\"(max-width: 640px) 100vw, 640px\" data-recalc-dims=\"1\" \/><\/a> <a href=\"https:\/\/i0.wp.com\/genevieveetbernardauxameriques.fr\/wp-content\/uploads\/2017\/04\/P1070912.jpg?ssl=1\"><img loading=\"lazy\" decoding=\"async\" data-attachment-id=\"17947\" data-permalink=\"https:\/\/genevieveetbernardauxameriques.fr\/index.php\/2017\/04\/18\/colombie-3eme-article-de-medellin-a-bogota\/p1070912\/\" data-orig-file=\"https:\/\/i0.wp.com\/genevieveetbernardauxameriques.fr\/wp-content\/uploads\/2017\/04\/P1070912.jpg?fit=720%2C540&amp;ssl=1\" data-orig-size=\"720,540\" data-comments-opened=\"1\" data-image-meta=\"{&quot;aperture&quot;:&quot;5&quot;,&quot;credit&quot;:&quot;&quot;,&quot;camera&quot;:&quot;DMC-TZ55&quot;,&quot;caption&quot;:&quot;&quot;,&quot;created_timestamp&quot;:&quot;1491503219&quot;,&quot;copyright&quot;:&quot;&quot;,&quot;focal_length&quot;:&quot;6.9&quot;,&quot;iso&quot;:&quot;100&quot;,&quot;shutter_speed&quot;:&quot;0.001&quot;,&quot;title&quot;:&quot;&quot;,&quot;orientation&quot;:&quot;1&quot;}\" data-image-title=\"P1070912\" data-image-description=\"\" data-image-caption=\"\" data-medium-file=\"https:\/\/i0.wp.com\/genevieveetbernardauxameriques.fr\/wp-content\/uploads\/2017\/04\/P1070912.jpg?fit=300%2C225&amp;ssl=1\" data-large-file=\"https:\/\/i0.wp.com\/genevieveetbernardauxameriques.fr\/wp-content\/uploads\/2017\/04\/P1070912.jpg?fit=640%2C480&amp;ssl=1\" class=\"alignnone size-full wp-image-17947\" src=\"https:\/\/i0.wp.com\/genevieveetbernardauxameriques.fr\/wp-content\/uploads\/2017\/04\/P1070912.jpg?resize=640%2C480&#038;ssl=1\" alt=\"\" width=\"640\" height=\"480\" srcset=\"https:\/\/i0.wp.com\/genevieveetbernardauxameriques.fr\/wp-content\/uploads\/2017\/04\/P1070912.jpg?w=720&amp;ssl=1 720w, https:\/\/i0.wp.com\/genevieveetbernardauxameriques.fr\/wp-content\/uploads\/2017\/04\/P1070912.jpg?resize=300%2C225&amp;ssl=1 300w\" sizes=\"(max-width: 640px) 100vw, 640px\" data-recalc-dims=\"1\" \/><\/a> <a href=\"https:\/\/i0.wp.com\/genevieveetbernardauxameriques.fr\/wp-content\/uploads\/2017\/04\/P1070913.jpg?ssl=1\"><img loading=\"lazy\" decoding=\"async\" data-attachment-id=\"17948\" data-permalink=\"https:\/\/genevieveetbernardauxameriques.fr\/index.php\/2017\/04\/18\/colombie-3eme-article-de-medellin-a-bogota\/p1070913\/\" data-orig-file=\"https:\/\/i0.wp.com\/genevieveetbernardauxameriques.fr\/wp-content\/uploads\/2017\/04\/P1070913.jpg?fit=720%2C540&amp;ssl=1\" data-orig-size=\"720,540\" data-comments-opened=\"1\" data-image-meta=\"{&quot;aperture&quot;:&quot;4.5&quot;,&quot;credit&quot;:&quot;&quot;,&quot;camera&quot;:&quot;DMC-TZ55&quot;,&quot;caption&quot;:&quot;&quot;,&quot;created_timestamp&quot;:&quot;1491503300&quot;,&quot;copyright&quot;:&quot;&quot;,&quot;focal_length&quot;:&quot;5.4&quot;,&quot;iso&quot;:&quot;100&quot;,&quot;shutter_speed&quot;:&quot;0.001&quot;,&quot;title&quot;:&quot;&quot;,&quot;orientation&quot;:&quot;1&quot;}\" data-image-title=\"P1070913\" data-image-description=\"\" data-image-caption=\"\" data-medium-file=\"https:\/\/i0.wp.com\/genevieveetbernardauxameriques.fr\/wp-content\/uploads\/2017\/04\/P1070913.jpg?fit=300%2C225&amp;ssl=1\" data-large-file=\"https:\/\/i0.wp.com\/genevieveetbernardauxameriques.fr\/wp-content\/uploads\/2017\/04\/P1070913.jpg?fit=640%2C480&amp;ssl=1\" class=\"alignnone size-full wp-image-17948\" src=\"https:\/\/i0.wp.com\/genevieveetbernardauxameriques.fr\/wp-content\/uploads\/2017\/04\/P1070913.jpg?resize=640%2C480&#038;ssl=1\" alt=\"\" width=\"640\" height=\"480\" srcset=\"https:\/\/i0.wp.com\/genevieveetbernardauxameriques.fr\/wp-content\/uploads\/2017\/04\/P1070913.jpg?w=720&amp;ssl=1 720w, https:\/\/i0.wp.com\/genevieveetbernardauxameriques.fr\/wp-content\/uploads\/2017\/04\/P1070913.jpg?resize=300%2C225&amp;ssl=1 300w\" sizes=\"(max-width: 640px) 100vw, 640px\" data-recalc-dims=\"1\" \/><\/a> <a href=\"https:\/\/i0.wp.com\/genevieveetbernardauxameriques.fr\/wp-content\/uploads\/2017\/04\/P1070914.jpg?ssl=1\"><img loading=\"lazy\" decoding=\"async\" data-attachment-id=\"17949\" data-permalink=\"https:\/\/genevieveetbernardauxameriques.fr\/index.php\/2017\/04\/18\/colombie-3eme-article-de-medellin-a-bogota\/p1070914\/\" data-orig-file=\"https:\/\/i0.wp.com\/genevieveetbernardauxameriques.fr\/wp-content\/uploads\/2017\/04\/P1070914.jpg?fit=720%2C540&amp;ssl=1\" data-orig-size=\"720,540\" data-comments-opened=\"1\" data-image-meta=\"{&quot;aperture&quot;:&quot;4&quot;,&quot;credit&quot;:&quot;&quot;,&quot;camera&quot;:&quot;DMC-TZ55&quot;,&quot;caption&quot;:&quot;&quot;,&quot;created_timestamp&quot;:&quot;1491503337&quot;,&quot;copyright&quot;:&quot;&quot;,&quot;focal_length&quot;:&quot;4.3&quot;,&quot;iso&quot;:&quot;100&quot;,&quot;shutter_speed&quot;:&quot;0.003125&quot;,&quot;title&quot;:&quot;&quot;,&quot;orientation&quot;:&quot;1&quot;}\" data-image-title=\"P1070914\" data-image-description=\"\" data-image-caption=\"\" data-medium-file=\"https:\/\/i0.wp.com\/genevieveetbernardauxameriques.fr\/wp-content\/uploads\/2017\/04\/P1070914.jpg?fit=300%2C225&amp;ssl=1\" data-large-file=\"https:\/\/i0.wp.com\/genevieveetbernardauxameriques.fr\/wp-content\/uploads\/2017\/04\/P1070914.jpg?fit=640%2C480&amp;ssl=1\" class=\"alignnone size-full wp-image-17949\" src=\"https:\/\/i0.wp.com\/genevieveetbernardauxameriques.fr\/wp-content\/uploads\/2017\/04\/P1070914.jpg?resize=640%2C480&#038;ssl=1\" alt=\"\" width=\"640\" height=\"480\" srcset=\"https:\/\/i0.wp.com\/genevieveetbernardauxameriques.fr\/wp-content\/uploads\/2017\/04\/P1070914.jpg?w=720&amp;ssl=1 720w, https:\/\/i0.wp.com\/genevieveetbernardauxameriques.fr\/wp-content\/uploads\/2017\/04\/P1070914.jpg?resize=300%2C225&amp;ssl=1 300w\" sizes=\"(max-width: 640px) 100vw, 640px\" data-recalc-dims=\"1\" \/><\/a> \u00a0<a href=\"https:\/\/i0.wp.com\/genevieveetbernardauxameriques.fr\/wp-content\/uploads\/2017\/04\/P1070917.jpg?ssl=1\"><img loading=\"lazy\" decoding=\"async\" data-attachment-id=\"17951\" data-permalink=\"https:\/\/genevieveetbernardauxameriques.fr\/index.php\/2017\/04\/18\/colombie-3eme-article-de-medellin-a-bogota\/p1070917\/\" data-orig-file=\"https:\/\/i0.wp.com\/genevieveetbernardauxameriques.fr\/wp-content\/uploads\/2017\/04\/P1070917.jpg?fit=720%2C540&amp;ssl=1\" data-orig-size=\"720,540\" data-comments-opened=\"1\" data-image-meta=\"{&quot;aperture&quot;:&quot;4&quot;,&quot;credit&quot;:&quot;&quot;,&quot;camera&quot;:&quot;DMC-TZ55&quot;,&quot;caption&quot;:&quot;&quot;,&quot;created_timestamp&quot;:&quot;1491522977&quot;,&quot;copyright&quot;:&quot;&quot;,&quot;focal_length&quot;:&quot;4.3&quot;,&quot;iso&quot;:&quot;100&quot;,&quot;shutter_speed&quot;:&quot;0.01&quot;,&quot;title&quot;:&quot;&quot;,&quot;orientation&quot;:&quot;1&quot;}\" data-image-title=\"P1070917\" data-image-description=\"\" data-image-caption=\"\" data-medium-file=\"https:\/\/i0.wp.com\/genevieveetbernardauxameriques.fr\/wp-content\/uploads\/2017\/04\/P1070917.jpg?fit=300%2C225&amp;ssl=1\" data-large-file=\"https:\/\/i0.wp.com\/genevieveetbernardauxameriques.fr\/wp-content\/uploads\/2017\/04\/P1070917.jpg?fit=640%2C480&amp;ssl=1\" class=\"alignnone size-full wp-image-17951\" src=\"https:\/\/i0.wp.com\/genevieveetbernardauxameriques.fr\/wp-content\/uploads\/2017\/04\/P1070917.jpg?resize=640%2C480&#038;ssl=1\" alt=\"\" width=\"640\" height=\"480\" srcset=\"https:\/\/i0.wp.com\/genevieveetbernardauxameriques.fr\/wp-content\/uploads\/2017\/04\/P1070917.jpg?w=720&amp;ssl=1 720w, https:\/\/i0.wp.com\/genevieveetbernardauxameriques.fr\/wp-content\/uploads\/2017\/04\/P1070917.jpg?resize=300%2C225&amp;ssl=1 300w\" sizes=\"(max-width: 640px) 100vw, 640px\" data-recalc-dims=\"1\" \/><\/a><\/p>\n<p>En fin d&rsquo;apr\u00e8s midi, il y a un peu plus d&rsquo;animations<a href=\"https:\/\/i0.wp.com\/genevieveetbernardauxameriques.fr\/wp-content\/uploads\/2017\/04\/P1070920.jpg?ssl=1\"><img loading=\"lazy\" decoding=\"async\" data-attachment-id=\"17952\" data-permalink=\"https:\/\/genevieveetbernardauxameriques.fr\/index.php\/2017\/04\/18\/colombie-3eme-article-de-medellin-a-bogota\/p1070920\/\" data-orig-file=\"https:\/\/i0.wp.com\/genevieveetbernardauxameriques.fr\/wp-content\/uploads\/2017\/04\/P1070920.jpg?fit=720%2C540&amp;ssl=1\" data-orig-size=\"720,540\" data-comments-opened=\"1\" data-image-meta=\"{&quot;aperture&quot;:&quot;4&quot;,&quot;credit&quot;:&quot;&quot;,&quot;camera&quot;:&quot;DMC-TZ55&quot;,&quot;caption&quot;:&quot;&quot;,&quot;created_timestamp&quot;:&quot;1491523673&quot;,&quot;copyright&quot;:&quot;&quot;,&quot;focal_length&quot;:&quot;4.3&quot;,&quot;iso&quot;:&quot;160&quot;,&quot;shutter_speed&quot;:&quot;0.005&quot;,&quot;title&quot;:&quot;&quot;,&quot;orientation&quot;:&quot;1&quot;}\" data-image-title=\"P1070920\" data-image-description=\"\" data-image-caption=\"\" data-medium-file=\"https:\/\/i0.wp.com\/genevieveetbernardauxameriques.fr\/wp-content\/uploads\/2017\/04\/P1070920.jpg?fit=300%2C225&amp;ssl=1\" data-large-file=\"https:\/\/i0.wp.com\/genevieveetbernardauxameriques.fr\/wp-content\/uploads\/2017\/04\/P1070920.jpg?fit=640%2C480&amp;ssl=1\" class=\"alignnone size-full wp-image-17952\" src=\"https:\/\/i0.wp.com\/genevieveetbernardauxameriques.fr\/wp-content\/uploads\/2017\/04\/P1070920.jpg?resize=640%2C480&#038;ssl=1\" alt=\"\" width=\"640\" height=\"480\" srcset=\"https:\/\/i0.wp.com\/genevieveetbernardauxameriques.fr\/wp-content\/uploads\/2017\/04\/P1070920.jpg?w=720&amp;ssl=1 720w, https:\/\/i0.wp.com\/genevieveetbernardauxameriques.fr\/wp-content\/uploads\/2017\/04\/P1070920.jpg?resize=300%2C225&amp;ssl=1 300w\" sizes=\"(max-width: 640px) 100vw, 640px\" data-recalc-dims=\"1\" \/><\/a> <a href=\"https:\/\/i0.wp.com\/genevieveetbernardauxameriques.fr\/wp-content\/uploads\/2017\/04\/P1070921.jpg?ssl=1\"><img loading=\"lazy\" decoding=\"async\" data-attachment-id=\"17953\" data-permalink=\"https:\/\/genevieveetbernardauxameriques.fr\/index.php\/2017\/04\/18\/colombie-3eme-article-de-medellin-a-bogota\/p1070921\/\" data-orig-file=\"https:\/\/i0.wp.com\/genevieveetbernardauxameriques.fr\/wp-content\/uploads\/2017\/04\/P1070921.jpg?fit=720%2C540&amp;ssl=1\" data-orig-size=\"720,540\" data-comments-opened=\"1\" data-image-meta=\"{&quot;aperture&quot;:&quot;5&quot;,&quot;credit&quot;:&quot;&quot;,&quot;camera&quot;:&quot;DMC-TZ55&quot;,&quot;caption&quot;:&quot;&quot;,&quot;created_timestamp&quot;:&quot;1491523702&quot;,&quot;copyright&quot;:&quot;&quot;,&quot;focal_length&quot;:&quot;7.9&quot;,&quot;iso&quot;:&quot;100&quot;,&quot;shutter_speed&quot;:&quot;0.003125&quot;,&quot;title&quot;:&quot;&quot;,&quot;orientation&quot;:&quot;1&quot;}\" data-image-title=\"P1070921\" data-image-description=\"\" data-image-caption=\"\" data-medium-file=\"https:\/\/i0.wp.com\/genevieveetbernardauxameriques.fr\/wp-content\/uploads\/2017\/04\/P1070921.jpg?fit=300%2C225&amp;ssl=1\" data-large-file=\"https:\/\/i0.wp.com\/genevieveetbernardauxameriques.fr\/wp-content\/uploads\/2017\/04\/P1070921.jpg?fit=640%2C480&amp;ssl=1\" class=\"alignnone size-full wp-image-17953\" src=\"https:\/\/i0.wp.com\/genevieveetbernardauxameriques.fr\/wp-content\/uploads\/2017\/04\/P1070921.jpg?resize=640%2C480&#038;ssl=1\" alt=\"\" width=\"640\" height=\"480\" srcset=\"https:\/\/i0.wp.com\/genevieveetbernardauxameriques.fr\/wp-content\/uploads\/2017\/04\/P1070921.jpg?w=720&amp;ssl=1 720w, https:\/\/i0.wp.com\/genevieveetbernardauxameriques.fr\/wp-content\/uploads\/2017\/04\/P1070921.jpg?resize=300%2C225&amp;ssl=1 300w\" sizes=\"(max-width: 640px) 100vw, 640px\" data-recalc-dims=\"1\" \/><\/a> <a href=\"https:\/\/i0.wp.com\/genevieveetbernardauxameriques.fr\/wp-content\/uploads\/2017\/04\/P1070922.jpg?ssl=1\"><img loading=\"lazy\" decoding=\"async\" data-attachment-id=\"17954\" data-permalink=\"https:\/\/genevieveetbernardauxameriques.fr\/index.php\/2017\/04\/18\/colombie-3eme-article-de-medellin-a-bogota\/p1070922\/\" data-orig-file=\"https:\/\/i0.wp.com\/genevieveetbernardauxameriques.fr\/wp-content\/uploads\/2017\/04\/P1070922.jpg?fit=720%2C540&amp;ssl=1\" data-orig-size=\"720,540\" data-comments-opened=\"1\" data-image-meta=\"{&quot;aperture&quot;:&quot;5&quot;,&quot;credit&quot;:&quot;&quot;,&quot;camera&quot;:&quot;DMC-TZ55&quot;,&quot;caption&quot;:&quot;&quot;,&quot;created_timestamp&quot;:&quot;1491523710&quot;,&quot;copyright&quot;:&quot;&quot;,&quot;focal_length&quot;:&quot;7.9&quot;,&quot;iso&quot;:&quot;100&quot;,&quot;shutter_speed&quot;:&quot;0.01&quot;,&quot;title&quot;:&quot;&quot;,&quot;orientation&quot;:&quot;1&quot;}\" data-image-title=\"P1070922\" data-image-description=\"\" data-image-caption=\"\" data-medium-file=\"https:\/\/i0.wp.com\/genevieveetbernardauxameriques.fr\/wp-content\/uploads\/2017\/04\/P1070922.jpg?fit=300%2C225&amp;ssl=1\" data-large-file=\"https:\/\/i0.wp.com\/genevieveetbernardauxameriques.fr\/wp-content\/uploads\/2017\/04\/P1070922.jpg?fit=640%2C480&amp;ssl=1\" class=\"alignnone size-full wp-image-17954\" src=\"https:\/\/i0.wp.com\/genevieveetbernardauxameriques.fr\/wp-content\/uploads\/2017\/04\/P1070922.jpg?resize=640%2C480&#038;ssl=1\" alt=\"\" width=\"640\" height=\"480\" srcset=\"https:\/\/i0.wp.com\/genevieveetbernardauxameriques.fr\/wp-content\/uploads\/2017\/04\/P1070922.jpg?w=720&amp;ssl=1 720w, https:\/\/i0.wp.com\/genevieveetbernardauxameriques.fr\/wp-content\/uploads\/2017\/04\/P1070922.jpg?resize=300%2C225&amp;ssl=1 300w\" sizes=\"(max-width: 640px) 100vw, 640px\" data-recalc-dims=\"1\" \/><\/a> <a href=\"https:\/\/i0.wp.com\/genevieveetbernardauxameriques.fr\/wp-content\/uploads\/2017\/04\/P1070923.jpg?ssl=1\"><img loading=\"lazy\" decoding=\"async\" data-attachment-id=\"17955\" data-permalink=\"https:\/\/genevieveetbernardauxameriques.fr\/index.php\/2017\/04\/18\/colombie-3eme-article-de-medellin-a-bogota\/p1070923\/\" data-orig-file=\"https:\/\/i0.wp.com\/genevieveetbernardauxameriques.fr\/wp-content\/uploads\/2017\/04\/P1070923.jpg?fit=720%2C540&amp;ssl=1\" data-orig-size=\"720,540\" data-comments-opened=\"1\" data-image-meta=\"{&quot;aperture&quot;:&quot;5.3&quot;,&quot;credit&quot;:&quot;&quot;,&quot;camera&quot;:&quot;DMC-TZ55&quot;,&quot;caption&quot;:&quot;&quot;,&quot;created_timestamp&quot;:&quot;1491523731&quot;,&quot;copyright&quot;:&quot;&quot;,&quot;focal_length&quot;:&quot;18.2&quot;,&quot;iso&quot;:&quot;640&quot;,&quot;shutter_speed&quot;:&quot;0.002&quot;,&quot;title&quot;:&quot;&quot;,&quot;orientation&quot;:&quot;1&quot;}\" data-image-title=\"P1070923\" data-image-description=\"\" data-image-caption=\"\" data-medium-file=\"https:\/\/i0.wp.com\/genevieveetbernardauxameriques.fr\/wp-content\/uploads\/2017\/04\/P1070923.jpg?fit=300%2C225&amp;ssl=1\" data-large-file=\"https:\/\/i0.wp.com\/genevieveetbernardauxameriques.fr\/wp-content\/uploads\/2017\/04\/P1070923.jpg?fit=640%2C480&amp;ssl=1\" class=\"alignnone size-full wp-image-17955\" src=\"https:\/\/i0.wp.com\/genevieveetbernardauxameriques.fr\/wp-content\/uploads\/2017\/04\/P1070923.jpg?resize=640%2C480&#038;ssl=1\" alt=\"\" width=\"640\" height=\"480\" srcset=\"https:\/\/i0.wp.com\/genevieveetbernardauxameriques.fr\/wp-content\/uploads\/2017\/04\/P1070923.jpg?w=720&amp;ssl=1 720w, https:\/\/i0.wp.com\/genevieveetbernardauxameriques.fr\/wp-content\/uploads\/2017\/04\/P1070923.jpg?resize=300%2C225&amp;ssl=1 300w\" sizes=\"(max-width: 640px) 100vw, 640px\" data-recalc-dims=\"1\" \/><\/a> <a href=\"https:\/\/i0.wp.com\/genevieveetbernardauxameriques.fr\/wp-content\/uploads\/2017\/04\/P1070924.jpg?ssl=1\"><img loading=\"lazy\" decoding=\"async\" data-attachment-id=\"17956\" data-permalink=\"https:\/\/genevieveetbernardauxameriques.fr\/index.php\/2017\/04\/18\/colombie-3eme-article-de-medellin-a-bogota\/p1070924\/\" data-orig-file=\"https:\/\/i0.wp.com\/genevieveetbernardauxameriques.fr\/wp-content\/uploads\/2017\/04\/P1070924.jpg?fit=720%2C540&amp;ssl=1\" data-orig-size=\"720,540\" data-comments-opened=\"1\" data-image-meta=\"{&quot;aperture&quot;:&quot;5.6&quot;,&quot;credit&quot;:&quot;&quot;,&quot;camera&quot;:&quot;DMC-TZ55&quot;,&quot;caption&quot;:&quot;&quot;,&quot;created_timestamp&quot;:&quot;1491523763&quot;,&quot;copyright&quot;:&quot;&quot;,&quot;focal_length&quot;:&quot;12.5&quot;,&quot;iso&quot;:&quot;100&quot;,&quot;shutter_speed&quot;:&quot;0.00625&quot;,&quot;title&quot;:&quot;&quot;,&quot;orientation&quot;:&quot;1&quot;}\" data-image-title=\"P1070924\" data-image-description=\"\" data-image-caption=\"\" data-medium-file=\"https:\/\/i0.wp.com\/genevieveetbernardauxameriques.fr\/wp-content\/uploads\/2017\/04\/P1070924.jpg?fit=300%2C225&amp;ssl=1\" data-large-file=\"https:\/\/i0.wp.com\/genevieveetbernardauxameriques.fr\/wp-content\/uploads\/2017\/04\/P1070924.jpg?fit=640%2C480&amp;ssl=1\" class=\"alignnone size-full wp-image-17956\" src=\"https:\/\/i0.wp.com\/genevieveetbernardauxameriques.fr\/wp-content\/uploads\/2017\/04\/P1070924.jpg?resize=640%2C480&#038;ssl=1\" alt=\"\" width=\"640\" height=\"480\" srcset=\"https:\/\/i0.wp.com\/genevieveetbernardauxameriques.fr\/wp-content\/uploads\/2017\/04\/P1070924.jpg?w=720&amp;ssl=1 720w, https:\/\/i0.wp.com\/genevieveetbernardauxameriques.fr\/wp-content\/uploads\/2017\/04\/P1070924.jpg?resize=300%2C225&amp;ssl=1 300w\" sizes=\"(max-width: 640px) 100vw, 640px\" data-recalc-dims=\"1\" \/><\/a><\/p>\n<p>L&rsquo;office du Tourisme :<\/p>\n<p><img loading=\"lazy\" decoding=\"async\" data-attachment-id=\"17950\" data-permalink=\"https:\/\/genevieveetbernardauxameriques.fr\/index.php\/2017\/04\/18\/colombie-3eme-article-de-medellin-a-bogota\/p1070915\/\" data-orig-file=\"https:\/\/i0.wp.com\/genevieveetbernardauxameriques.fr\/wp-content\/uploads\/2017\/04\/P1070915.jpg?fit=720%2C540&amp;ssl=1\" data-orig-size=\"720,540\" data-comments-opened=\"1\" data-image-meta=\"{&quot;aperture&quot;:&quot;4&quot;,&quot;credit&quot;:&quot;&quot;,&quot;camera&quot;:&quot;DMC-TZ55&quot;,&quot;caption&quot;:&quot;&quot;,&quot;created_timestamp&quot;:&quot;1491507372&quot;,&quot;copyright&quot;:&quot;&quot;,&quot;focal_length&quot;:&quot;4.3&quot;,&quot;iso&quot;:&quot;100&quot;,&quot;shutter_speed&quot;:&quot;0.004&quot;,&quot;title&quot;:&quot;&quot;,&quot;orientation&quot;:&quot;1&quot;}\" data-image-title=\"P1070915\" data-image-description=\"\" data-image-caption=\"\" data-medium-file=\"https:\/\/i0.wp.com\/genevieveetbernardauxameriques.fr\/wp-content\/uploads\/2017\/04\/P1070915.jpg?fit=300%2C225&amp;ssl=1\" data-large-file=\"https:\/\/i0.wp.com\/genevieveetbernardauxameriques.fr\/wp-content\/uploads\/2017\/04\/P1070915.jpg?fit=640%2C480&amp;ssl=1\" class=\"alignnone size-full wp-image-17950\" src=\"https:\/\/i0.wp.com\/genevieveetbernardauxameriques.fr\/wp-content\/uploads\/2017\/04\/P1070915.jpg?resize=640%2C480&#038;ssl=1\" alt=\"\" width=\"640\" height=\"480\" srcset=\"https:\/\/i0.wp.com\/genevieveetbernardauxameriques.fr\/wp-content\/uploads\/2017\/04\/P1070915.jpg?w=720&amp;ssl=1 720w, https:\/\/i0.wp.com\/genevieveetbernardauxameriques.fr\/wp-content\/uploads\/2017\/04\/P1070915.jpg?resize=300%2C225&amp;ssl=1 300w\" sizes=\"(max-width: 640px) 100vw, 640px\" data-recalc-dims=\"1\" \/><img loading=\"lazy\" decoding=\"async\" data-attachment-id=\"18007\" data-permalink=\"https:\/\/genevieveetbernardauxameriques.fr\/index.php\/2017\/04\/18\/colombie-3eme-article-de-medellin-a-bogota\/img_20170406_174404\/\" data-orig-file=\"https:\/\/i0.wp.com\/genevieveetbernardauxameriques.fr\/wp-content\/uploads\/2017\/04\/IMG_20170406_174404.jpg?fit=720%2C540&amp;ssl=1\" data-orig-size=\"720,540\" data-comments-opened=\"1\" data-image-meta=\"{&quot;aperture&quot;:&quot;0&quot;,&quot;credit&quot;:&quot;&quot;,&quot;camera&quot;:&quot;Lenovo YT3-X50F&quot;,&quot;caption&quot;:&quot;&quot;,&quot;created_timestamp&quot;:&quot;1491500645&quot;,&quot;copyright&quot;:&quot;&quot;,&quot;focal_length&quot;:&quot;3.85&quot;,&quot;iso&quot;:&quot;117&quot;,&quot;shutter_speed&quot;:&quot;0.041666666666667&quot;,&quot;title&quot;:&quot;&quot;,&quot;orientation&quot;:&quot;0&quot;}\" data-image-title=\"IMG_20170406_174404\" data-image-description=\"\" data-image-caption=\"\" data-medium-file=\"https:\/\/i0.wp.com\/genevieveetbernardauxameriques.fr\/wp-content\/uploads\/2017\/04\/IMG_20170406_174404.jpg?fit=300%2C225&amp;ssl=1\" data-large-file=\"https:\/\/i0.wp.com\/genevieveetbernardauxameriques.fr\/wp-content\/uploads\/2017\/04\/IMG_20170406_174404.jpg?fit=640%2C480&amp;ssl=1\" class=\"alignnone size-full wp-image-18007\" src=\"https:\/\/i0.wp.com\/genevieveetbernardauxameriques.fr\/wp-content\/uploads\/2017\/04\/IMG_20170406_174404.jpg?resize=640%2C480&#038;ssl=1\" alt=\"\" width=\"640\" height=\"480\" srcset=\"https:\/\/i0.wp.com\/genevieveetbernardauxameriques.fr\/wp-content\/uploads\/2017\/04\/IMG_20170406_174404.jpg?w=720&amp;ssl=1 720w, https:\/\/i0.wp.com\/genevieveetbernardauxameriques.fr\/wp-content\/uploads\/2017\/04\/IMG_20170406_174404.jpg?resize=300%2C225&amp;ssl=1 300w\" sizes=\"(max-width: 640px) 100vw, 640px\" data-recalc-dims=\"1\" \/><img loading=\"lazy\" decoding=\"async\" data-attachment-id=\"17944\" data-permalink=\"https:\/\/genevieveetbernardauxameriques.fr\/index.php\/2017\/04\/18\/colombie-3eme-article-de-medellin-a-bogota\/p1070909\/\" data-orig-file=\"https:\/\/i0.wp.com\/genevieveetbernardauxameriques.fr\/wp-content\/uploads\/2017\/04\/P1070909.jpg?fit=720%2C540&amp;ssl=1\" data-orig-size=\"720,540\" data-comments-opened=\"1\" data-image-meta=\"{&quot;aperture&quot;:&quot;4.5&quot;,&quot;credit&quot;:&quot;&quot;,&quot;camera&quot;:&quot;DMC-TZ55&quot;,&quot;caption&quot;:&quot;&quot;,&quot;created_timestamp&quot;:&quot;1491501285&quot;,&quot;copyright&quot;:&quot;&quot;,&quot;focal_length&quot;:&quot;4.3&quot;,&quot;iso&quot;:&quot;100&quot;,&quot;shutter_speed&quot;:&quot;0.000625&quot;,&quot;title&quot;:&quot;&quot;,&quot;orientation&quot;:&quot;1&quot;}\" data-image-title=\"P1070909\" data-image-description=\"\" data-image-caption=\"\" data-medium-file=\"https:\/\/i0.wp.com\/genevieveetbernardauxameriques.fr\/wp-content\/uploads\/2017\/04\/P1070909.jpg?fit=300%2C225&amp;ssl=1\" data-large-file=\"https:\/\/i0.wp.com\/genevieveetbernardauxameriques.fr\/wp-content\/uploads\/2017\/04\/P1070909.jpg?fit=640%2C480&amp;ssl=1\" class=\"alignnone size-full wp-image-17944\" src=\"https:\/\/i0.wp.com\/genevieveetbernardauxameriques.fr\/wp-content\/uploads\/2017\/04\/P1070909.jpg?resize=640%2C480&#038;ssl=1\" alt=\"\" width=\"640\" height=\"480\" srcset=\"https:\/\/i0.wp.com\/genevieveetbernardauxameriques.fr\/wp-content\/uploads\/2017\/04\/P1070909.jpg?w=720&amp;ssl=1 720w, https:\/\/i0.wp.com\/genevieveetbernardauxameriques.fr\/wp-content\/uploads\/2017\/04\/P1070909.jpg?resize=300%2C225&amp;ssl=1 300w\" sizes=\"(max-width: 640px) 100vw, 640px\" data-recalc-dims=\"1\" \/><\/p>\n<p>Ce n&rsquo;est pas une ville o\u00f9 les touristes s&rsquo;arr\u00eatent, mais ce n&rsquo;est pas mal de voir autre chose.<\/p>\n<p>Je vais profiter de notre arr\u00eat pour me faire couper les cheveux. En Am\u00e9rique du Sud,\u00a0 on coupe les cheveux sans faire de shampoing mais l\u00e0 on me fera le shampoing apr\u00e8s la coupe. Je suis bien tondue. Et je paye 2 \u20ac&#8230;..<\/p>\n<p>L&rsquo;apr\u00e8s midi Bernard n&rsquo;ose pas quitter le camion de peur que l&rsquo;ouvrier revienne. Mais pas de nouvelles.<\/p>\n<p><strong>VENDREDI<\/strong><\/p>\n<p>A 9h30, je prends un taxi et je vais au garage. On me dit que la pi\u00e8ce n&rsquo;\u00e9tait pas bien faite et qu&rsquo;ils l&rsquo;ont retourn\u00e9e par transport. Elle devrait arriver en d\u00e9but d&rsquo;apr\u00e8s-midi, de fait vers 15 h notre ouvrier revient et fait la r\u00e9paration. Nous repassons au garage pour le r\u00e8glement (60 E avec les pourboires) et faire le plein d&rsquo;eau. Puis on reprend la route.<\/p>\n<p>Ici on parle de l&rsquo;autoroute MEDELLIN-BOGOTA, nous pensions donc faire le trajet relativement vite jusqu&rsquo;\u00e0 notre prochain arr\u00eat. Mais non \u00ab\u00a0l&rsquo;autoroute \u00a0\u00bb\u00a0(la 4 voies) n&rsquo;a pas dur\u00e9 bien longtemps. Entre camions et virages, nous ne d\u00e9passons pas le 40 \u00e0 l&rsquo;heure. Nous nous arr\u00eatons donc dans une station service 30 kms avant le RIO CLARO o\u00f9 nous voulions aller le lendemain.<\/p>\n<p>Il y a eu un peu de bruit de camions, mais nous sommes seuls, la station vient d&rsquo;ouvrir, les douches sont impeccables, et les 2 employ\u00e9s nous dorlotent.<\/p>\n<p><strong>SAMEDI 8 AVRIL 2017<\/strong><\/p>\n<p>Direction la r\u00e9serve naturelle du <strong>Rio Claro<\/strong> o\u00f9 le fleuve a creus\u00e9 dans son lit une gorge splendide. C&rsquo;est le week end mais comme il est t\u00f4t il n&rsquo;y a pas encore beaucoup de monde.<\/p>\n<p>Nous allons faire la randonn\u00e9e au bord de la rivi\u00e8re, parmi de belles grottes, sur un chemin bien am\u00e9nag\u00e9.<\/p>\n<p><a href=\"https:\/\/i0.wp.com\/genevieveetbernardauxameriques.fr\/wp-content\/uploads\/2017\/04\/P1070935.jpg?ssl=1\"><img loading=\"lazy\" decoding=\"async\" data-attachment-id=\"18013\" data-permalink=\"https:\/\/genevieveetbernardauxameriques.fr\/index.php\/2017\/04\/18\/colombie-3eme-article-de-medellin-a-bogota\/p1070935\/\" data-orig-file=\"https:\/\/i0.wp.com\/genevieveetbernardauxameriques.fr\/wp-content\/uploads\/2017\/04\/P1070935.jpg?fit=720%2C540&amp;ssl=1\" data-orig-size=\"720,540\" data-comments-opened=\"1\" data-image-meta=\"{&quot;aperture&quot;:&quot;3.3&quot;,&quot;credit&quot;:&quot;&quot;,&quot;camera&quot;:&quot;DMC-TZ55&quot;,&quot;caption&quot;:&quot;&quot;,&quot;created_timestamp&quot;:&quot;1491674545&quot;,&quot;copyright&quot;:&quot;&quot;,&quot;focal_length&quot;:&quot;4.3&quot;,&quot;iso&quot;:&quot;125&quot;,&quot;shutter_speed&quot;:&quot;0.016666666666667&quot;,&quot;title&quot;:&quot;&quot;,&quot;orientation&quot;:&quot;1&quot;}\" data-image-title=\"P1070935\" data-image-description=\"\" data-image-caption=\"\" data-medium-file=\"https:\/\/i0.wp.com\/genevieveetbernardauxameriques.fr\/wp-content\/uploads\/2017\/04\/P1070935.jpg?fit=300%2C225&amp;ssl=1\" data-large-file=\"https:\/\/i0.wp.com\/genevieveetbernardauxameriques.fr\/wp-content\/uploads\/2017\/04\/P1070935.jpg?fit=640%2C480&amp;ssl=1\" class=\"alignnone size-full wp-image-18013\" src=\"https:\/\/i0.wp.com\/genevieveetbernardauxameriques.fr\/wp-content\/uploads\/2017\/04\/P1070935.jpg?resize=640%2C480&#038;ssl=1\" alt=\"\" width=\"640\" height=\"480\" srcset=\"https:\/\/i0.wp.com\/genevieveetbernardauxameriques.fr\/wp-content\/uploads\/2017\/04\/P1070935.jpg?w=720&amp;ssl=1 720w, https:\/\/i0.wp.com\/genevieveetbernardauxameriques.fr\/wp-content\/uploads\/2017\/04\/P1070935.jpg?resize=300%2C225&amp;ssl=1 300w\" sizes=\"(max-width: 640px) 100vw, 640px\" data-recalc-dims=\"1\" \/><\/a> <a href=\"https:\/\/i0.wp.com\/genevieveetbernardauxameriques.fr\/wp-content\/uploads\/2017\/04\/P1070936.jpg?ssl=1\"><img loading=\"lazy\" decoding=\"async\" data-attachment-id=\"18014\" data-permalink=\"https:\/\/genevieveetbernardauxameriques.fr\/index.php\/2017\/04\/18\/colombie-3eme-article-de-medellin-a-bogota\/p1070936\/\" data-orig-file=\"https:\/\/i0.wp.com\/genevieveetbernardauxameriques.fr\/wp-content\/uploads\/2017\/04\/P1070936.jpg?fit=720%2C540&amp;ssl=1\" data-orig-size=\"720,540\" data-comments-opened=\"1\" data-image-meta=\"{&quot;aperture&quot;:&quot;3.3&quot;,&quot;credit&quot;:&quot;&quot;,&quot;camera&quot;:&quot;DMC-TZ55&quot;,&quot;caption&quot;:&quot;&quot;,&quot;created_timestamp&quot;:&quot;1491674799&quot;,&quot;copyright&quot;:&quot;&quot;,&quot;focal_length&quot;:&quot;4.3&quot;,&quot;iso&quot;:&quot;125&quot;,&quot;shutter_speed&quot;:&quot;0.016666666666667&quot;,&quot;title&quot;:&quot;&quot;,&quot;orientation&quot;:&quot;1&quot;}\" data-image-title=\"P1070936\" data-image-description=\"\" data-image-caption=\"\" data-medium-file=\"https:\/\/i0.wp.com\/genevieveetbernardauxameriques.fr\/wp-content\/uploads\/2017\/04\/P1070936.jpg?fit=300%2C225&amp;ssl=1\" data-large-file=\"https:\/\/i0.wp.com\/genevieveetbernardauxameriques.fr\/wp-content\/uploads\/2017\/04\/P1070936.jpg?fit=640%2C480&amp;ssl=1\" class=\"alignnone size-full wp-image-18014\" src=\"https:\/\/i0.wp.com\/genevieveetbernardauxameriques.fr\/wp-content\/uploads\/2017\/04\/P1070936.jpg?resize=640%2C480&#038;ssl=1\" alt=\"\" width=\"640\" height=\"480\" srcset=\"https:\/\/i0.wp.com\/genevieveetbernardauxameriques.fr\/wp-content\/uploads\/2017\/04\/P1070936.jpg?w=720&amp;ssl=1 720w, https:\/\/i0.wp.com\/genevieveetbernardauxameriques.fr\/wp-content\/uploads\/2017\/04\/P1070936.jpg?resize=300%2C225&amp;ssl=1 300w\" sizes=\"(max-width: 640px) 100vw, 640px\" data-recalc-dims=\"1\" \/><\/a> <a href=\"https:\/\/i0.wp.com\/genevieveetbernardauxameriques.fr\/wp-content\/uploads\/2017\/04\/P1070937.jpg?ssl=1\"><img loading=\"lazy\" decoding=\"async\" data-attachment-id=\"18015\" data-permalink=\"https:\/\/genevieveetbernardauxameriques.fr\/index.php\/2017\/04\/18\/colombie-3eme-article-de-medellin-a-bogota\/p1070937\/\" data-orig-file=\"https:\/\/i0.wp.com\/genevieveetbernardauxameriques.fr\/wp-content\/uploads\/2017\/04\/P1070937.jpg?fit=720%2C540&amp;ssl=1\" data-orig-size=\"720,540\" data-comments-opened=\"1\" data-image-meta=\"{&quot;aperture&quot;:&quot;3.3&quot;,&quot;credit&quot;:&quot;&quot;,&quot;camera&quot;:&quot;DMC-TZ55&quot;,&quot;caption&quot;:&quot;&quot;,&quot;created_timestamp&quot;:&quot;1491675222&quot;,&quot;copyright&quot;:&quot;&quot;,&quot;focal_length&quot;:&quot;4.3&quot;,&quot;iso&quot;:&quot;400&quot;,&quot;shutter_speed&quot;:&quot;0.016666666666667&quot;,&quot;title&quot;:&quot;&quot;,&quot;orientation&quot;:&quot;1&quot;}\" data-image-title=\"P1070937\" data-image-description=\"\" data-image-caption=\"\" data-medium-file=\"https:\/\/i0.wp.com\/genevieveetbernardauxameriques.fr\/wp-content\/uploads\/2017\/04\/P1070937.jpg?fit=300%2C225&amp;ssl=1\" data-large-file=\"https:\/\/i0.wp.com\/genevieveetbernardauxameriques.fr\/wp-content\/uploads\/2017\/04\/P1070937.jpg?fit=640%2C480&amp;ssl=1\" class=\"alignnone size-full wp-image-18015\" src=\"https:\/\/i0.wp.com\/genevieveetbernardauxameriques.fr\/wp-content\/uploads\/2017\/04\/P1070937.jpg?resize=640%2C480&#038;ssl=1\" alt=\"\" width=\"640\" height=\"480\" srcset=\"https:\/\/i0.wp.com\/genevieveetbernardauxameriques.fr\/wp-content\/uploads\/2017\/04\/P1070937.jpg?w=720&amp;ssl=1 720w, https:\/\/i0.wp.com\/genevieveetbernardauxameriques.fr\/wp-content\/uploads\/2017\/04\/P1070937.jpg?resize=300%2C225&amp;ssl=1 300w\" sizes=\"(max-width: 640px) 100vw, 640px\" data-recalc-dims=\"1\" \/><\/a><img loading=\"lazy\" decoding=\"async\" data-attachment-id=\"18043\" data-permalink=\"https:\/\/genevieveetbernardauxameriques.fr\/index.php\/2017\/04\/18\/colombie-3eme-article-de-medellin-a-bogota\/p1070985\/\" data-orig-file=\"https:\/\/i0.wp.com\/genevieveetbernardauxameriques.fr\/wp-content\/uploads\/2017\/04\/P1070985.jpg?fit=720%2C540&amp;ssl=1\" data-orig-size=\"720,540\" data-comments-opened=\"1\" data-image-meta=\"{&quot;aperture&quot;:&quot;6.4&quot;,&quot;credit&quot;:&quot;&quot;,&quot;camera&quot;:&quot;DMC-TZ55&quot;,&quot;caption&quot;:&quot;&quot;,&quot;created_timestamp&quot;:&quot;1491775732&quot;,&quot;copyright&quot;:&quot;&quot;,&quot;focal_length&quot;:&quot;86&quot;,&quot;iso&quot;:&quot;400&quot;,&quot;shutter_speed&quot;:&quot;0.016666666666667&quot;,&quot;title&quot;:&quot;&quot;,&quot;orientation&quot;:&quot;1&quot;}\" data-image-title=\"P1070985\" data-image-description=\"\" data-image-caption=\"\" data-medium-file=\"https:\/\/i0.wp.com\/genevieveetbernardauxameriques.fr\/wp-content\/uploads\/2017\/04\/P1070985.jpg?fit=300%2C225&amp;ssl=1\" data-large-file=\"https:\/\/i0.wp.com\/genevieveetbernardauxameriques.fr\/wp-content\/uploads\/2017\/04\/P1070985.jpg?fit=640%2C480&amp;ssl=1\" class=\"alignnone size-full wp-image-18043\" src=\"https:\/\/i0.wp.com\/genevieveetbernardauxameriques.fr\/wp-content\/uploads\/2017\/04\/P1070985.jpg?resize=640%2C480&#038;ssl=1\" alt=\"\" width=\"640\" height=\"480\" srcset=\"https:\/\/i0.wp.com\/genevieveetbernardauxameriques.fr\/wp-content\/uploads\/2017\/04\/P1070985.jpg?w=720&amp;ssl=1 720w, https:\/\/i0.wp.com\/genevieveetbernardauxameriques.fr\/wp-content\/uploads\/2017\/04\/P1070985.jpg?resize=300%2C225&amp;ssl=1 300w\" sizes=\"(max-width: 640px) 100vw, 640px\" data-recalc-dims=\"1\" \/><a href=\"https:\/\/i0.wp.com\/genevieveetbernardauxameriques.fr\/wp-content\/uploads\/2017\/04\/P1070938.jpg?ssl=1\"><img loading=\"lazy\" decoding=\"async\" data-attachment-id=\"18016\" data-permalink=\"https:\/\/genevieveetbernardauxameriques.fr\/index.php\/2017\/04\/18\/colombie-3eme-article-de-medellin-a-bogota\/p1070938\/\" data-orig-file=\"https:\/\/i0.wp.com\/genevieveetbernardauxameriques.fr\/wp-content\/uploads\/2017\/04\/P1070938.jpg?fit=720%2C540&amp;ssl=1\" data-orig-size=\"720,540\" data-comments-opened=\"1\" data-image-meta=\"{&quot;aperture&quot;:&quot;5.3&quot;,&quot;credit&quot;:&quot;&quot;,&quot;camera&quot;:&quot;DMC-TZ55&quot;,&quot;caption&quot;:&quot;&quot;,&quot;created_timestamp&quot;:&quot;1491675427&quot;,&quot;copyright&quot;:&quot;&quot;,&quot;focal_length&quot;:&quot;18.2&quot;,&quot;iso&quot;:&quot;400&quot;,&quot;shutter_speed&quot;:&quot;0.016666666666667&quot;,&quot;title&quot;:&quot;&quot;,&quot;orientation&quot;:&quot;1&quot;}\" data-image-title=\"P1070938\" data-image-description=\"\" data-image-caption=\"\" data-medium-file=\"https:\/\/i0.wp.com\/genevieveetbernardauxameriques.fr\/wp-content\/uploads\/2017\/04\/P1070938.jpg?fit=300%2C225&amp;ssl=1\" data-large-file=\"https:\/\/i0.wp.com\/genevieveetbernardauxameriques.fr\/wp-content\/uploads\/2017\/04\/P1070938.jpg?fit=640%2C480&amp;ssl=1\" class=\"alignnone size-full wp-image-18016\" src=\"https:\/\/i0.wp.com\/genevieveetbernardauxameriques.fr\/wp-content\/uploads\/2017\/04\/P1070938.jpg?resize=640%2C480&#038;ssl=1\" alt=\"\" width=\"640\" height=\"480\" srcset=\"https:\/\/i0.wp.com\/genevieveetbernardauxameriques.fr\/wp-content\/uploads\/2017\/04\/P1070938.jpg?w=720&amp;ssl=1 720w, https:\/\/i0.wp.com\/genevieveetbernardauxameriques.fr\/wp-content\/uploads\/2017\/04\/P1070938.jpg?resize=300%2C225&amp;ssl=1 300w\" sizes=\"(max-width: 640px) 100vw, 640px\" data-recalc-dims=\"1\" \/><\/a><img loading=\"lazy\" decoding=\"async\" data-attachment-id=\"18047\" data-permalink=\"https:\/\/genevieveetbernardauxameriques.fr\/index.php\/2017\/04\/18\/colombie-3eme-article-de-medellin-a-bogota\/dscn0001-2\/\" data-orig-file=\"https:\/\/i0.wp.com\/genevieveetbernardauxameriques.fr\/wp-content\/uploads\/2017\/04\/DSCN0001-1.jpg?fit=540%2C720&amp;ssl=1\" data-orig-size=\"540,720\" data-comments-opened=\"1\" data-image-meta=\"{&quot;aperture&quot;:&quot;3.5&quot;,&quot;credit&quot;:&quot;&quot;,&quot;camera&quot;:&quot;COOLPIX P900&quot;,&quot;caption&quot;:&quot;&quot;,&quot;created_timestamp&quot;:&quot;1491682964&quot;,&quot;copyright&quot;:&quot;&quot;,&quot;focal_length&quot;:&quot;13.4&quot;,&quot;iso&quot;:&quot;400&quot;,&quot;shutter_speed&quot;:&quot;0.066666666666667&quot;,&quot;title&quot;:&quot;&quot;,&quot;orientation&quot;:&quot;1&quot;}\" data-image-title=\"DSCN0001\" data-image-description=\"\" data-image-caption=\"\" data-medium-file=\"https:\/\/i0.wp.com\/genevieveetbernardauxameriques.fr\/wp-content\/uploads\/2017\/04\/DSCN0001-1.jpg?fit=225%2C300&amp;ssl=1\" data-large-file=\"https:\/\/i0.wp.com\/genevieveetbernardauxameriques.fr\/wp-content\/uploads\/2017\/04\/DSCN0001-1.jpg?fit=540%2C720&amp;ssl=1\" class=\"size-full wp-image-18047 aligncenter\" src=\"https:\/\/i0.wp.com\/genevieveetbernardauxameriques.fr\/wp-content\/uploads\/2017\/04\/DSCN0001-1.jpg?resize=540%2C720&#038;ssl=1\" alt=\"\" width=\"540\" height=\"720\" srcset=\"https:\/\/i0.wp.com\/genevieveetbernardauxameriques.fr\/wp-content\/uploads\/2017\/04\/DSCN0001-1.jpg?w=540&amp;ssl=1 540w, https:\/\/i0.wp.com\/genevieveetbernardauxameriques.fr\/wp-content\/uploads\/2017\/04\/DSCN0001-1.jpg?resize=225%2C300&amp;ssl=1 225w\" sizes=\"(max-width: 540px) 100vw, 540px\" data-recalc-dims=\"1\" \/><\/p>\n<p>Des fourmis transportant des feuilles sur plusieurs centaines de m\u00e8tres<\/p>\n<div class=\"separator\"><a href=\"https:\/\/i0.wp.com\/genevieveetbernardauxameriques.fr\/wp-content\/uploads\/2017\/04\/DSCN0004-1.jpg?ssl=1\"><img loading=\"lazy\" decoding=\"async\" data-attachment-id=\"18048\" data-permalink=\"https:\/\/genevieveetbernardauxameriques.fr\/index.php\/2017\/04\/18\/colombie-3eme-article-de-medellin-a-bogota\/dscn0004-2\/\" data-orig-file=\"https:\/\/i0.wp.com\/genevieveetbernardauxameriques.fr\/wp-content\/uploads\/2017\/04\/DSCN0004-1.jpg?fit=720%2C540&amp;ssl=1\" data-orig-size=\"720,540\" data-comments-opened=\"1\" data-image-meta=\"{&quot;aperture&quot;:&quot;3.5&quot;,&quot;credit&quot;:&quot;&quot;,&quot;camera&quot;:&quot;COOLPIX P900&quot;,&quot;caption&quot;:&quot;&quot;,&quot;created_timestamp&quot;:&quot;1491683039&quot;,&quot;copyright&quot;:&quot;&quot;,&quot;focal_length&quot;:&quot;10.7&quot;,&quot;iso&quot;:&quot;400&quot;,&quot;shutter_speed&quot;:&quot;0.033333333333333&quot;,&quot;title&quot;:&quot;&quot;,&quot;orientation&quot;:&quot;1&quot;}\" data-image-title=\"DSCN0004\" data-image-description=\"\" data-image-caption=\"\" data-medium-file=\"https:\/\/i0.wp.com\/genevieveetbernardauxameriques.fr\/wp-content\/uploads\/2017\/04\/DSCN0004-1.jpg?fit=300%2C225&amp;ssl=1\" data-large-file=\"https:\/\/i0.wp.com\/genevieveetbernardauxameriques.fr\/wp-content\/uploads\/2017\/04\/DSCN0004-1.jpg?fit=640%2C480&amp;ssl=1\" class=\"alignnone size-full wp-image-18048\" src=\"https:\/\/i0.wp.com\/genevieveetbernardauxameriques.fr\/wp-content\/uploads\/2017\/04\/DSCN0004-1.jpg?resize=640%2C480&#038;ssl=1\" alt=\"\" width=\"640\" height=\"480\" srcset=\"https:\/\/i0.wp.com\/genevieveetbernardauxameriques.fr\/wp-content\/uploads\/2017\/04\/DSCN0004-1.jpg?w=720&amp;ssl=1 720w, https:\/\/i0.wp.com\/genevieveetbernardauxameriques.fr\/wp-content\/uploads\/2017\/04\/DSCN0004-1.jpg?resize=300%2C225&amp;ssl=1 300w\" sizes=\"(max-width: 640px) 100vw, 640px\" data-recalc-dims=\"1\" \/><\/a><\/div>\n<div><img loading=\"lazy\" decoding=\"async\" data-attachment-id=\"17973\" data-permalink=\"https:\/\/genevieveetbernardauxameriques.fr\/index.php\/2017\/04\/18\/colombie-3eme-article-de-medellin-a-bogota\/dscn0008\/\" data-orig-file=\"https:\/\/i0.wp.com\/genevieveetbernardauxameriques.fr\/wp-content\/uploads\/2017\/04\/DSCN0008.jpg?fit=720%2C540&amp;ssl=1\" data-orig-size=\"720,540\" data-comments-opened=\"1\" data-image-meta=\"{&quot;aperture&quot;:&quot;5&quot;,&quot;credit&quot;:&quot;&quot;,&quot;camera&quot;:&quot;COOLPIX P900&quot;,&quot;caption&quot;:&quot;&quot;,&quot;created_timestamp&quot;:&quot;1491684105&quot;,&quot;copyright&quot;:&quot;&quot;,&quot;focal_length&quot;:&quot;53.5&quot;,&quot;iso&quot;:&quot;400&quot;,&quot;shutter_speed&quot;:&quot;0.02&quot;,&quot;title&quot;:&quot;&quot;,&quot;orientation&quot;:&quot;1&quot;}\" data-image-title=\"DSCN0008\" data-image-description=\"\" data-image-caption=\"\" data-medium-file=\"https:\/\/i0.wp.com\/genevieveetbernardauxameriques.fr\/wp-content\/uploads\/2017\/04\/DSCN0008.jpg?fit=300%2C225&amp;ssl=1\" data-large-file=\"https:\/\/i0.wp.com\/genevieveetbernardauxameriques.fr\/wp-content\/uploads\/2017\/04\/DSCN0008.jpg?fit=640%2C480&amp;ssl=1\" class=\"alignnone size-full wp-image-17973\" src=\"https:\/\/i0.wp.com\/genevieveetbernardauxameriques.fr\/wp-content\/uploads\/2017\/04\/DSCN0008.jpg?resize=640%2C480&#038;ssl=1\" alt=\"\" width=\"640\" height=\"480\" srcset=\"https:\/\/i0.wp.com\/genevieveetbernardauxameriques.fr\/wp-content\/uploads\/2017\/04\/DSCN0008.jpg?w=720&amp;ssl=1 720w, https:\/\/i0.wp.com\/genevieveetbernardauxameriques.fr\/wp-content\/uploads\/2017\/04\/DSCN0008.jpg?resize=300%2C225&amp;ssl=1 300w\" sizes=\"(max-width: 640px) 100vw, 640px\" data-recalc-dims=\"1\" \/><\/div>\n<div><img loading=\"lazy\" decoding=\"async\" data-attachment-id=\"18050\" data-permalink=\"https:\/\/genevieveetbernardauxameriques.fr\/index.php\/2017\/04\/18\/colombie-3eme-article-de-medellin-a-bogota\/dscn0006-2\/\" data-orig-file=\"https:\/\/i0.wp.com\/genevieveetbernardauxameriques.fr\/wp-content\/uploads\/2017\/04\/DSCN0006-1.jpg?fit=720%2C540&amp;ssl=1\" data-orig-size=\"720,540\" data-comments-opened=\"1\" data-image-meta=\"{&quot;aperture&quot;:&quot;2.8&quot;,&quot;credit&quot;:&quot;&quot;,&quot;camera&quot;:&quot;COOLPIX P900&quot;,&quot;caption&quot;:&quot;&quot;,&quot;created_timestamp&quot;:&quot;1491684034&quot;,&quot;copyright&quot;:&quot;&quot;,&quot;focal_length&quot;:&quot;4.3&quot;,&quot;iso&quot;:&quot;100&quot;,&quot;shutter_speed&quot;:&quot;0.01&quot;,&quot;title&quot;:&quot;&quot;,&quot;orientation&quot;:&quot;1&quot;}\" data-image-title=\"DSCN0006\" data-image-description=\"\" data-image-caption=\"\" data-medium-file=\"https:\/\/i0.wp.com\/genevieveetbernardauxameriques.fr\/wp-content\/uploads\/2017\/04\/DSCN0006-1.jpg?fit=300%2C225&amp;ssl=1\" data-large-file=\"https:\/\/i0.wp.com\/genevieveetbernardauxameriques.fr\/wp-content\/uploads\/2017\/04\/DSCN0006-1.jpg?fit=640%2C480&amp;ssl=1\" class=\"alignnone size-full wp-image-18050\" src=\"https:\/\/i0.wp.com\/genevieveetbernardauxameriques.fr\/wp-content\/uploads\/2017\/04\/DSCN0006-1.jpg?resize=640%2C480&#038;ssl=1\" alt=\"\" width=\"640\" height=\"480\" srcset=\"https:\/\/i0.wp.com\/genevieveetbernardauxameriques.fr\/wp-content\/uploads\/2017\/04\/DSCN0006-1.jpg?w=720&amp;ssl=1 720w, https:\/\/i0.wp.com\/genevieveetbernardauxameriques.fr\/wp-content\/uploads\/2017\/04\/DSCN0006-1.jpg?resize=300%2C225&amp;ssl=1 300w\" sizes=\"(max-width: 640px) 100vw, 640px\" data-recalc-dims=\"1\" \/><\/div>\n<div class=\"separator\"><img loading=\"lazy\" decoding=\"async\" data-attachment-id=\"18049\" data-permalink=\"https:\/\/genevieveetbernardauxameriques.fr\/index.php\/2017\/04\/18\/colombie-3eme-article-de-medellin-a-bogota\/dscn0005-2\/\" data-orig-file=\"https:\/\/i0.wp.com\/genevieveetbernardauxameriques.fr\/wp-content\/uploads\/2017\/04\/DSCN0005-1.jpg?fit=720%2C540&amp;ssl=1\" data-orig-size=\"720,540\" data-comments-opened=\"1\" data-image-meta=\"{&quot;aperture&quot;:&quot;2.8&quot;,&quot;credit&quot;:&quot;&quot;,&quot;camera&quot;:&quot;COOLPIX P900&quot;,&quot;caption&quot;:&quot;&quot;,&quot;created_timestamp&quot;:&quot;1491683074&quot;,&quot;copyright&quot;:&quot;&quot;,&quot;focal_length&quot;:&quot;5&quot;,&quot;iso&quot;:&quot;100&quot;,&quot;shutter_speed&quot;:&quot;0.025&quot;,&quot;title&quot;:&quot;&quot;,&quot;orientation&quot;:&quot;1&quot;}\" data-image-title=\"DSCN0005\" data-image-description=\"\" data-image-caption=\"\" data-medium-file=\"https:\/\/i0.wp.com\/genevieveetbernardauxameriques.fr\/wp-content\/uploads\/2017\/04\/DSCN0005-1.jpg?fit=300%2C225&amp;ssl=1\" data-large-file=\"https:\/\/i0.wp.com\/genevieveetbernardauxameriques.fr\/wp-content\/uploads\/2017\/04\/DSCN0005-1.jpg?fit=640%2C480&amp;ssl=1\" class=\"alignnone size-full wp-image-18049\" src=\"https:\/\/i0.wp.com\/genevieveetbernardauxameriques.fr\/wp-content\/uploads\/2017\/04\/DSCN0005-1.jpg?resize=640%2C480&#038;ssl=1\" alt=\"\" width=\"640\" height=\"480\" srcset=\"https:\/\/i0.wp.com\/genevieveetbernardauxameriques.fr\/wp-content\/uploads\/2017\/04\/DSCN0005-1.jpg?w=720&amp;ssl=1 720w, https:\/\/i0.wp.com\/genevieveetbernardauxameriques.fr\/wp-content\/uploads\/2017\/04\/DSCN0005-1.jpg?resize=300%2C225&amp;ssl=1 300w\" sizes=\"(max-width: 640px) 100vw, 640px\" data-recalc-dims=\"1\" \/><a href=\"https:\/\/i0.wp.com\/genevieveetbernardauxameriques.fr\/wp-content\/uploads\/2017\/04\/P1070940.jpg?ssl=1\"><img loading=\"lazy\" decoding=\"async\" data-attachment-id=\"18018\" data-permalink=\"https:\/\/genevieveetbernardauxameriques.fr\/index.php\/2017\/04\/18\/colombie-3eme-article-de-medellin-a-bogota\/p1070940\/\" data-orig-file=\"https:\/\/i0.wp.com\/genevieveetbernardauxameriques.fr\/wp-content\/uploads\/2017\/04\/P1070940.jpg?fit=720%2C540&amp;ssl=1\" data-orig-size=\"720,540\" data-comments-opened=\"1\" data-image-meta=\"{&quot;aperture&quot;:&quot;5&quot;,&quot;credit&quot;:&quot;&quot;,&quot;camera&quot;:&quot;DMC-TZ55&quot;,&quot;caption&quot;:&quot;&quot;,&quot;created_timestamp&quot;:&quot;1491675461&quot;,&quot;copyright&quot;:&quot;&quot;,&quot;focal_length&quot;:&quot;13.3&quot;,&quot;iso&quot;:&quot;125&quot;,&quot;shutter_speed&quot;:&quot;0.016666666666667&quot;,&quot;title&quot;:&quot;&quot;,&quot;orientation&quot;:&quot;1&quot;}\" data-image-title=\"P1070940\" data-image-description=\"\" data-image-caption=\"\" data-medium-file=\"https:\/\/i0.wp.com\/genevieveetbernardauxameriques.fr\/wp-content\/uploads\/2017\/04\/P1070940.jpg?fit=300%2C225&amp;ssl=1\" data-large-file=\"https:\/\/i0.wp.com\/genevieveetbernardauxameriques.fr\/wp-content\/uploads\/2017\/04\/P1070940.jpg?fit=640%2C480&amp;ssl=1\" class=\"alignnone size-full wp-image-18018\" src=\"https:\/\/i0.wp.com\/genevieveetbernardauxameriques.fr\/wp-content\/uploads\/2017\/04\/P1070940.jpg?resize=640%2C480&#038;ssl=1\" alt=\"\" width=\"640\" height=\"480\" srcset=\"https:\/\/i0.wp.com\/genevieveetbernardauxameriques.fr\/wp-content\/uploads\/2017\/04\/P1070940.jpg?w=720&amp;ssl=1 720w, https:\/\/i0.wp.com\/genevieveetbernardauxameriques.fr\/wp-content\/uploads\/2017\/04\/P1070940.jpg?resize=300%2C225&amp;ssl=1 300w\" sizes=\"(max-width: 640px) 100vw, 640px\" data-recalc-dims=\"1\" \/><\/a> <a href=\"https:\/\/i0.wp.com\/genevieveetbernardauxameriques.fr\/wp-content\/uploads\/2017\/04\/P1070946.jpg?ssl=1\"><img loading=\"lazy\" decoding=\"async\" data-attachment-id=\"18020\" data-permalink=\"https:\/\/genevieveetbernardauxameriques.fr\/index.php\/2017\/04\/18\/colombie-3eme-article-de-medellin-a-bogota\/p1070946\/\" data-orig-file=\"https:\/\/i0.wp.com\/genevieveetbernardauxameriques.fr\/wp-content\/uploads\/2017\/04\/P1070946.jpg?fit=720%2C540&amp;ssl=1\" data-orig-size=\"720,540\" data-comments-opened=\"1\" data-image-meta=\"{&quot;aperture&quot;:&quot;3.3&quot;,&quot;credit&quot;:&quot;&quot;,&quot;camera&quot;:&quot;DMC-TZ55&quot;,&quot;caption&quot;:&quot;&quot;,&quot;created_timestamp&quot;:&quot;1491675669&quot;,&quot;copyright&quot;:&quot;&quot;,&quot;focal_length&quot;:&quot;4.3&quot;,&quot;iso&quot;:&quot;400&quot;,&quot;shutter_speed&quot;:&quot;0.02&quot;,&quot;title&quot;:&quot;&quot;,&quot;orientation&quot;:&quot;1&quot;}\" data-image-title=\"P1070946\" data-image-description=\"\" data-image-caption=\"\" data-medium-file=\"https:\/\/i0.wp.com\/genevieveetbernardauxameriques.fr\/wp-content\/uploads\/2017\/04\/P1070946.jpg?fit=300%2C225&amp;ssl=1\" data-large-file=\"https:\/\/i0.wp.com\/genevieveetbernardauxameriques.fr\/wp-content\/uploads\/2017\/04\/P1070946.jpg?fit=640%2C480&amp;ssl=1\" class=\"alignnone size-full wp-image-18020\" src=\"https:\/\/i0.wp.com\/genevieveetbernardauxameriques.fr\/wp-content\/uploads\/2017\/04\/P1070946.jpg?resize=640%2C480&#038;ssl=1\" alt=\"\" width=\"640\" height=\"480\" srcset=\"https:\/\/i0.wp.com\/genevieveetbernardauxameriques.fr\/wp-content\/uploads\/2017\/04\/P1070946.jpg?w=720&amp;ssl=1 720w, https:\/\/i0.wp.com\/genevieveetbernardauxameriques.fr\/wp-content\/uploads\/2017\/04\/P1070946.jpg?resize=300%2C225&amp;ssl=1 300w\" sizes=\"(max-width: 640px) 100vw, 640px\" data-recalc-dims=\"1\" \/><\/a><img loading=\"lazy\" decoding=\"async\" data-attachment-id=\"18030\" data-permalink=\"https:\/\/genevieveetbernardauxameriques.fr\/index.php\/2017\/04\/18\/colombie-3eme-article-de-medellin-a-bogota\/p1070958\/\" data-orig-file=\"https:\/\/i0.wp.com\/genevieveetbernardauxameriques.fr\/wp-content\/uploads\/2017\/04\/P1070958.jpg?fit=720%2C540&amp;ssl=1\" data-orig-size=\"720,540\" data-comments-opened=\"1\" data-image-meta=\"{&quot;aperture&quot;:&quot;3.3&quot;,&quot;credit&quot;:&quot;&quot;,&quot;camera&quot;:&quot;DMC-TZ55&quot;,&quot;caption&quot;:&quot;&quot;,&quot;created_timestamp&quot;:&quot;1491678971&quot;,&quot;copyright&quot;:&quot;&quot;,&quot;focal_length&quot;:&quot;4.3&quot;,&quot;iso&quot;:&quot;100&quot;,&quot;shutter_speed&quot;:&quot;0.01&quot;,&quot;title&quot;:&quot;&quot;,&quot;orientation&quot;:&quot;1&quot;}\" data-image-title=\"P1070958\" data-image-description=\"\" data-image-caption=\"\" data-medium-file=\"https:\/\/i0.wp.com\/genevieveetbernardauxameriques.fr\/wp-content\/uploads\/2017\/04\/P1070958.jpg?fit=300%2C225&amp;ssl=1\" data-large-file=\"https:\/\/i0.wp.com\/genevieveetbernardauxameriques.fr\/wp-content\/uploads\/2017\/04\/P1070958.jpg?fit=640%2C480&amp;ssl=1\" class=\"alignnone size-full wp-image-18030\" src=\"https:\/\/i0.wp.com\/genevieveetbernardauxameriques.fr\/wp-content\/uploads\/2017\/04\/P1070958.jpg?resize=640%2C480&#038;ssl=1\" alt=\"\" width=\"640\" height=\"480\" srcset=\"https:\/\/i0.wp.com\/genevieveetbernardauxameriques.fr\/wp-content\/uploads\/2017\/04\/P1070958.jpg?w=720&amp;ssl=1 720w, https:\/\/i0.wp.com\/genevieveetbernardauxameriques.fr\/wp-content\/uploads\/2017\/04\/P1070958.jpg?resize=300%2C225&amp;ssl=1 300w\" sizes=\"(max-width: 640px) 100vw, 640px\" data-recalc-dims=\"1\" \/><\/div>\n<p>Et le terminus, car interdit d&rsquo;aller plus loin, de toute fa\u00e7on il n&rsquo;y a plus de piste : cette grotte de marbre de l&rsquo;autre c\u00f4t\u00e9, on peut se baigner, mais le courant est tr\u00e8s fort, pour aller sur l&rsquo;autre rive ils ont install\u00e9 une corde.<a href=\"https:\/\/i0.wp.com\/genevieveetbernardauxameriques.fr\/wp-content\/uploads\/2017\/04\/P1070950.jpg?ssl=1\"><img loading=\"lazy\" decoding=\"async\" data-attachment-id=\"18022\" data-permalink=\"https:\/\/genevieveetbernardauxameriques.fr\/index.php\/2017\/04\/18\/colombie-3eme-article-de-medellin-a-bogota\/p1070950\/\" data-orig-file=\"https:\/\/i0.wp.com\/genevieveetbernardauxameriques.fr\/wp-content\/uploads\/2017\/04\/P1070950.jpg?fit=720%2C540&amp;ssl=1\" data-orig-size=\"720,540\" data-comments-opened=\"1\" data-image-meta=\"{&quot;aperture&quot;:&quot;3.3&quot;,&quot;credit&quot;:&quot;&quot;,&quot;camera&quot;:&quot;DMC-TZ55&quot;,&quot;caption&quot;:&quot;&quot;,&quot;created_timestamp&quot;:&quot;1491677255&quot;,&quot;copyright&quot;:&quot;&quot;,&quot;focal_length&quot;:&quot;4.3&quot;,&quot;iso&quot;:&quot;160&quot;,&quot;shutter_speed&quot;:&quot;0.016666666666667&quot;,&quot;title&quot;:&quot;&quot;,&quot;orientation&quot;:&quot;1&quot;}\" data-image-title=\"P1070950\" data-image-description=\"\" data-image-caption=\"\" data-medium-file=\"https:\/\/i0.wp.com\/genevieveetbernardauxameriques.fr\/wp-content\/uploads\/2017\/04\/P1070950.jpg?fit=300%2C225&amp;ssl=1\" data-large-file=\"https:\/\/i0.wp.com\/genevieveetbernardauxameriques.fr\/wp-content\/uploads\/2017\/04\/P1070950.jpg?fit=640%2C480&amp;ssl=1\" class=\"alignnone size-full wp-image-18022\" src=\"https:\/\/i0.wp.com\/genevieveetbernardauxameriques.fr\/wp-content\/uploads\/2017\/04\/P1070950.jpg?resize=640%2C480&#038;ssl=1\" alt=\"\" width=\"640\" height=\"480\" srcset=\"https:\/\/i0.wp.com\/genevieveetbernardauxameriques.fr\/wp-content\/uploads\/2017\/04\/P1070950.jpg?w=720&amp;ssl=1 720w, https:\/\/i0.wp.com\/genevieveetbernardauxameriques.fr\/wp-content\/uploads\/2017\/04\/P1070950.jpg?resize=300%2C225&amp;ssl=1 300w\" sizes=\"(max-width: 640px) 100vw, 640px\" data-recalc-dims=\"1\" \/><\/a> <img loading=\"lazy\" decoding=\"async\" data-attachment-id=\"18026\" data-permalink=\"https:\/\/genevieveetbernardauxameriques.fr\/index.php\/2017\/04\/18\/colombie-3eme-article-de-medellin-a-bogota\/p1070951\/\" data-orig-file=\"https:\/\/i0.wp.com\/genevieveetbernardauxameriques.fr\/wp-content\/uploads\/2017\/04\/P1070951.jpg?fit=720%2C540&amp;ssl=1\" data-orig-size=\"720,540\" data-comments-opened=\"1\" data-image-meta=\"{&quot;aperture&quot;:&quot;3.3&quot;,&quot;credit&quot;:&quot;&quot;,&quot;camera&quot;:&quot;DMC-TZ55&quot;,&quot;caption&quot;:&quot;&quot;,&quot;created_timestamp&quot;:&quot;1491677259&quot;,&quot;copyright&quot;:&quot;&quot;,&quot;focal_length&quot;:&quot;4.3&quot;,&quot;iso&quot;:&quot;160&quot;,&quot;shutter_speed&quot;:&quot;0.016666666666667&quot;,&quot;title&quot;:&quot;&quot;,&quot;orientation&quot;:&quot;1&quot;}\" data-image-title=\"P1070951\" data-image-description=\"\" data-image-caption=\"\" data-medium-file=\"https:\/\/i0.wp.com\/genevieveetbernardauxameriques.fr\/wp-content\/uploads\/2017\/04\/P1070951.jpg?fit=300%2C225&amp;ssl=1\" data-large-file=\"https:\/\/i0.wp.com\/genevieveetbernardauxameriques.fr\/wp-content\/uploads\/2017\/04\/P1070951.jpg?fit=640%2C480&amp;ssl=1\" class=\"alignnone size-full wp-image-18026\" src=\"https:\/\/i0.wp.com\/genevieveetbernardauxameriques.fr\/wp-content\/uploads\/2017\/04\/P1070951.jpg?resize=640%2C480&#038;ssl=1\" alt=\"\" width=\"640\" height=\"480\" srcset=\"https:\/\/i0.wp.com\/genevieveetbernardauxameriques.fr\/wp-content\/uploads\/2017\/04\/P1070951.jpg?w=720&amp;ssl=1 720w, https:\/\/i0.wp.com\/genevieveetbernardauxameriques.fr\/wp-content\/uploads\/2017\/04\/P1070951.jpg?resize=300%2C225&amp;ssl=1 300w\" sizes=\"(max-width: 640px) 100vw, 640px\" data-recalc-dims=\"1\" \/><a href=\"https:\/\/i0.wp.com\/genevieveetbernardauxameriques.fr\/wp-content\/uploads\/2017\/04\/P1070941.jpg?ssl=1\"><img loading=\"lazy\" decoding=\"async\" data-attachment-id=\"18023\" data-permalink=\"https:\/\/genevieveetbernardauxameriques.fr\/index.php\/2017\/04\/18\/colombie-3eme-article-de-medellin-a-bogota\/p1070941\/\" data-orig-file=\"https:\/\/i0.wp.com\/genevieveetbernardauxameriques.fr\/wp-content\/uploads\/2017\/04\/P1070941.jpg?fit=720%2C540&amp;ssl=1\" data-orig-size=\"720,540\" data-comments-opened=\"1\" data-image-meta=\"{&quot;aperture&quot;:&quot;3.3&quot;,&quot;credit&quot;:&quot;&quot;,&quot;camera&quot;:&quot;DMC-TZ55&quot;,&quot;caption&quot;:&quot;&quot;,&quot;created_timestamp&quot;:&quot;1491675511&quot;,&quot;copyright&quot;:&quot;&quot;,&quot;focal_length&quot;:&quot;4.4&quot;,&quot;iso&quot;:&quot;400&quot;,&quot;shutter_speed&quot;:&quot;0.033333333333333&quot;,&quot;title&quot;:&quot;&quot;,&quot;orientation&quot;:&quot;1&quot;}\" data-image-title=\"P1070941\" data-image-description=\"\" data-image-caption=\"\" data-medium-file=\"https:\/\/i0.wp.com\/genevieveetbernardauxameriques.fr\/wp-content\/uploads\/2017\/04\/P1070941.jpg?fit=300%2C225&amp;ssl=1\" data-large-file=\"https:\/\/i0.wp.com\/genevieveetbernardauxameriques.fr\/wp-content\/uploads\/2017\/04\/P1070941.jpg?fit=640%2C480&amp;ssl=1\" class=\"alignnone size-full wp-image-18023\" src=\"https:\/\/i0.wp.com\/genevieveetbernardauxameriques.fr\/wp-content\/uploads\/2017\/04\/P1070941.jpg?resize=640%2C480&#038;ssl=1\" alt=\"\" width=\"640\" height=\"480\" srcset=\"https:\/\/i0.wp.com\/genevieveetbernardauxameriques.fr\/wp-content\/uploads\/2017\/04\/P1070941.jpg?w=720&amp;ssl=1 720w, https:\/\/i0.wp.com\/genevieveetbernardauxameriques.fr\/wp-content\/uploads\/2017\/04\/P1070941.jpg?resize=300%2C225&amp;ssl=1 300w\" sizes=\"(max-width: 640px) 100vw, 640px\" data-recalc-dims=\"1\" \/><\/a> <a href=\"https:\/\/i0.wp.com\/genevieveetbernardauxameriques.fr\/wp-content\/uploads\/2017\/04\/P1070942.jpg?ssl=1\"><img loading=\"lazy\" decoding=\"async\" data-attachment-id=\"18024\" data-permalink=\"https:\/\/genevieveetbernardauxameriques.fr\/index.php\/2017\/04\/18\/colombie-3eme-article-de-medellin-a-bogota\/p1070942\/\" data-orig-file=\"https:\/\/i0.wp.com\/genevieveetbernardauxameriques.fr\/wp-content\/uploads\/2017\/04\/P1070942.jpg?fit=720%2C540&amp;ssl=1\" data-orig-size=\"720,540\" data-comments-opened=\"1\" data-image-meta=\"{&quot;aperture&quot;:&quot;3.3&quot;,&quot;credit&quot;:&quot;&quot;,&quot;camera&quot;:&quot;DMC-TZ55&quot;,&quot;caption&quot;:&quot;&quot;,&quot;created_timestamp&quot;:&quot;1491675531&quot;,&quot;copyright&quot;:&quot;&quot;,&quot;focal_length&quot;:&quot;4.3&quot;,&quot;iso&quot;:&quot;125&quot;,&quot;shutter_speed&quot;:&quot;0.016666666666667&quot;,&quot;title&quot;:&quot;&quot;,&quot;orientation&quot;:&quot;1&quot;}\" data-image-title=\"P1070942\" data-image-description=\"\" data-image-caption=\"\" data-medium-file=\"https:\/\/i0.wp.com\/genevieveetbernardauxameriques.fr\/wp-content\/uploads\/2017\/04\/P1070942.jpg?fit=300%2C225&amp;ssl=1\" data-large-file=\"https:\/\/i0.wp.com\/genevieveetbernardauxameriques.fr\/wp-content\/uploads\/2017\/04\/P1070942.jpg?fit=640%2C480&amp;ssl=1\" class=\"alignnone size-full wp-image-18024\" src=\"https:\/\/i0.wp.com\/genevieveetbernardauxameriques.fr\/wp-content\/uploads\/2017\/04\/P1070942.jpg?resize=640%2C480&#038;ssl=1\" alt=\"\" width=\"640\" height=\"480\" srcset=\"https:\/\/i0.wp.com\/genevieveetbernardauxameriques.fr\/wp-content\/uploads\/2017\/04\/P1070942.jpg?w=720&amp;ssl=1 720w, https:\/\/i0.wp.com\/genevieveetbernardauxameriques.fr\/wp-content\/uploads\/2017\/04\/P1070942.jpg?resize=300%2C225&amp;ssl=1 300w\" sizes=\"(max-width: 640px) 100vw, 640px\" data-recalc-dims=\"1\" \/><\/a> <a href=\"https:\/\/i0.wp.com\/genevieveetbernardauxameriques.fr\/wp-content\/uploads\/2017\/04\/P1070943.jpg?ssl=1\"><img loading=\"lazy\" decoding=\"async\" data-attachment-id=\"18025\" data-permalink=\"https:\/\/genevieveetbernardauxameriques.fr\/index.php\/2017\/04\/18\/colombie-3eme-article-de-medellin-a-bogota\/p1070943\/\" data-orig-file=\"https:\/\/i0.wp.com\/genevieveetbernardauxameriques.fr\/wp-content\/uploads\/2017\/04\/P1070943.jpg?fit=720%2C540&amp;ssl=1\" data-orig-size=\"720,540\" data-comments-opened=\"1\" data-image-meta=\"{&quot;aperture&quot;:&quot;3.3&quot;,&quot;credit&quot;:&quot;&quot;,&quot;camera&quot;:&quot;DMC-TZ55&quot;,&quot;caption&quot;:&quot;&quot;,&quot;created_timestamp&quot;:&quot;1491675548&quot;,&quot;copyright&quot;:&quot;&quot;,&quot;focal_length&quot;:&quot;4.3&quot;,&quot;iso&quot;:&quot;400&quot;,&quot;shutter_speed&quot;:&quot;0.076923076923077&quot;,&quot;title&quot;:&quot;&quot;,&quot;orientation&quot;:&quot;1&quot;}\" data-image-title=\"P1070943\" data-image-description=\"\" data-image-caption=\"\" data-medium-file=\"https:\/\/i0.wp.com\/genevieveetbernardauxameriques.fr\/wp-content\/uploads\/2017\/04\/P1070943.jpg?fit=300%2C225&amp;ssl=1\" data-large-file=\"https:\/\/i0.wp.com\/genevieveetbernardauxameriques.fr\/wp-content\/uploads\/2017\/04\/P1070943.jpg?fit=640%2C480&amp;ssl=1\" class=\"alignnone size-full wp-image-18025\" src=\"https:\/\/i0.wp.com\/genevieveetbernardauxameriques.fr\/wp-content\/uploads\/2017\/04\/P1070943.jpg?resize=640%2C480&#038;ssl=1\" alt=\"\" width=\"640\" height=\"480\" srcset=\"https:\/\/i0.wp.com\/genevieveetbernardauxameriques.fr\/wp-content\/uploads\/2017\/04\/P1070943.jpg?w=720&amp;ssl=1 720w, https:\/\/i0.wp.com\/genevieveetbernardauxameriques.fr\/wp-content\/uploads\/2017\/04\/P1070943.jpg?resize=300%2C225&amp;ssl=1 300w\" sizes=\"(max-width: 640px) 100vw, 640px\" data-recalc-dims=\"1\" \/><\/a> <a href=\"https:\/\/i0.wp.com\/genevieveetbernardauxameriques.fr\/wp-content\/uploads\/2017\/04\/P1070954.jpg?ssl=1\"><img loading=\"lazy\" decoding=\"async\" data-attachment-id=\"18027\" data-permalink=\"https:\/\/genevieveetbernardauxameriques.fr\/index.php\/2017\/04\/18\/colombie-3eme-article-de-medellin-a-bogota\/p1070954\/\" data-orig-file=\"https:\/\/i0.wp.com\/genevieveetbernardauxameriques.fr\/wp-content\/uploads\/2017\/04\/P1070954.jpg?fit=720%2C540&amp;ssl=1\" data-orig-size=\"720,540\" data-comments-opened=\"1\" data-image-meta=\"{&quot;aperture&quot;:&quot;3.3&quot;,&quot;credit&quot;:&quot;&quot;,&quot;camera&quot;:&quot;DMC-TZ55&quot;,&quot;caption&quot;:&quot;&quot;,&quot;created_timestamp&quot;:&quot;1491678014&quot;,&quot;copyright&quot;:&quot;&quot;,&quot;focal_length&quot;:&quot;4.3&quot;,&quot;iso&quot;:&quot;400&quot;,&quot;shutter_speed&quot;:&quot;0.025&quot;,&quot;title&quot;:&quot;&quot;,&quot;orientation&quot;:&quot;1&quot;}\" data-image-title=\"P1070954\" data-image-description=\"\" data-image-caption=\"\" data-medium-file=\"https:\/\/i0.wp.com\/genevieveetbernardauxameriques.fr\/wp-content\/uploads\/2017\/04\/P1070954.jpg?fit=300%2C225&amp;ssl=1\" data-large-file=\"https:\/\/i0.wp.com\/genevieveetbernardauxameriques.fr\/wp-content\/uploads\/2017\/04\/P1070954.jpg?fit=640%2C480&amp;ssl=1\" class=\"alignnone size-full wp-image-18027\" src=\"https:\/\/i0.wp.com\/genevieveetbernardauxameriques.fr\/wp-content\/uploads\/2017\/04\/P1070954.jpg?resize=640%2C480&#038;ssl=1\" alt=\"\" width=\"640\" height=\"480\" srcset=\"https:\/\/i0.wp.com\/genevieveetbernardauxameriques.fr\/wp-content\/uploads\/2017\/04\/P1070954.jpg?w=720&amp;ssl=1 720w, https:\/\/i0.wp.com\/genevieveetbernardauxameriques.fr\/wp-content\/uploads\/2017\/04\/P1070954.jpg?resize=300%2C225&amp;ssl=1 300w\" sizes=\"(max-width: 640px) 100vw, 640px\" data-recalc-dims=\"1\" \/><\/a> <a href=\"https:\/\/i0.wp.com\/genevieveetbernardauxameriques.fr\/wp-content\/uploads\/2017\/04\/P1070956.jpg?ssl=1\"><img loading=\"lazy\" decoding=\"async\" data-attachment-id=\"18028\" data-permalink=\"https:\/\/genevieveetbernardauxameriques.fr\/index.php\/2017\/04\/18\/colombie-3eme-article-de-medellin-a-bogota\/p1070956\/\" data-orig-file=\"https:\/\/i0.wp.com\/genevieveetbernardauxameriques.fr\/wp-content\/uploads\/2017\/04\/P1070956.jpg?fit=720%2C540&amp;ssl=1\" data-orig-size=\"720,540\" data-comments-opened=\"1\" data-image-meta=\"{&quot;aperture&quot;:&quot;3.3&quot;,&quot;credit&quot;:&quot;&quot;,&quot;camera&quot;:&quot;DMC-TZ55&quot;,&quot;caption&quot;:&quot;&quot;,&quot;created_timestamp&quot;:&quot;1491678219&quot;,&quot;copyright&quot;:&quot;&quot;,&quot;focal_length&quot;:&quot;4.3&quot;,&quot;iso&quot;:&quot;100&quot;,&quot;shutter_speed&quot;:&quot;0.016666666666667&quot;,&quot;title&quot;:&quot;&quot;,&quot;orientation&quot;:&quot;1&quot;}\" data-image-title=\"P1070956\" data-image-description=\"\" data-image-caption=\"\" data-medium-file=\"https:\/\/i0.wp.com\/genevieveetbernardauxameriques.fr\/wp-content\/uploads\/2017\/04\/P1070956.jpg?fit=300%2C225&amp;ssl=1\" data-large-file=\"https:\/\/i0.wp.com\/genevieveetbernardauxameriques.fr\/wp-content\/uploads\/2017\/04\/P1070956.jpg?fit=640%2C480&amp;ssl=1\" class=\"alignnone size-full wp-image-18028\" src=\"https:\/\/i0.wp.com\/genevieveetbernardauxameriques.fr\/wp-content\/uploads\/2017\/04\/P1070956.jpg?resize=640%2C480&#038;ssl=1\" alt=\"\" width=\"640\" height=\"480\" srcset=\"https:\/\/i0.wp.com\/genevieveetbernardauxameriques.fr\/wp-content\/uploads\/2017\/04\/P1070956.jpg?w=720&amp;ssl=1 720w, https:\/\/i0.wp.com\/genevieveetbernardauxameriques.fr\/wp-content\/uploads\/2017\/04\/P1070956.jpg?resize=300%2C225&amp;ssl=1 300w\" sizes=\"(max-width: 640px) 100vw, 640px\" data-recalc-dims=\"1\" \/><\/a> <a href=\"https:\/\/i0.wp.com\/genevieveetbernardauxameriques.fr\/wp-content\/uploads\/2017\/04\/P1070957.jpg?ssl=1\"><img loading=\"lazy\" decoding=\"async\" data-attachment-id=\"18029\" data-permalink=\"https:\/\/genevieveetbernardauxameriques.fr\/index.php\/2017\/04\/18\/colombie-3eme-article-de-medellin-a-bogota\/p1070957\/\" data-orig-file=\"https:\/\/i0.wp.com\/genevieveetbernardauxameriques.fr\/wp-content\/uploads\/2017\/04\/P1070957.jpg?fit=720%2C540&amp;ssl=1\" data-orig-size=\"720,540\" data-comments-opened=\"1\" data-image-meta=\"{&quot;aperture&quot;:&quot;3.3&quot;,&quot;credit&quot;:&quot;&quot;,&quot;camera&quot;:&quot;DMC-TZ55&quot;,&quot;caption&quot;:&quot;&quot;,&quot;created_timestamp&quot;:&quot;1491678577&quot;,&quot;copyright&quot;:&quot;&quot;,&quot;focal_length&quot;:&quot;4.3&quot;,&quot;iso&quot;:&quot;200&quot;,&quot;shutter_speed&quot;:&quot;0.016666666666667&quot;,&quot;title&quot;:&quot;&quot;,&quot;orientation&quot;:&quot;1&quot;}\" data-image-title=\"P1070957\" data-image-description=\"\" data-image-caption=\"\" data-medium-file=\"https:\/\/i0.wp.com\/genevieveetbernardauxameriques.fr\/wp-content\/uploads\/2017\/04\/P1070957.jpg?fit=300%2C225&amp;ssl=1\" data-large-file=\"https:\/\/i0.wp.com\/genevieveetbernardauxameriques.fr\/wp-content\/uploads\/2017\/04\/P1070957.jpg?fit=640%2C480&amp;ssl=1\" class=\"alignnone size-full wp-image-18029\" src=\"https:\/\/i0.wp.com\/genevieveetbernardauxameriques.fr\/wp-content\/uploads\/2017\/04\/P1070957.jpg?resize=640%2C480&#038;ssl=1\" alt=\"\" width=\"640\" height=\"480\" srcset=\"https:\/\/i0.wp.com\/genevieveetbernardauxameriques.fr\/wp-content\/uploads\/2017\/04\/P1070957.jpg?w=720&amp;ssl=1 720w, https:\/\/i0.wp.com\/genevieveetbernardauxameriques.fr\/wp-content\/uploads\/2017\/04\/P1070957.jpg?resize=300%2C225&amp;ssl=1 300w\" sizes=\"(max-width: 640px) 100vw, 640px\" data-recalc-dims=\"1\" \/><\/a> <a href=\"https:\/\/i0.wp.com\/genevieveetbernardauxameriques.fr\/wp-content\/uploads\/2017\/04\/P1070959.jpg?ssl=1\"><img loading=\"lazy\" decoding=\"async\" data-attachment-id=\"18031\" data-permalink=\"https:\/\/genevieveetbernardauxameriques.fr\/index.php\/2017\/04\/18\/colombie-3eme-article-de-medellin-a-bogota\/p1070959\/\" data-orig-file=\"https:\/\/i0.wp.com\/genevieveetbernardauxameriques.fr\/wp-content\/uploads\/2017\/04\/P1070959.jpg?fit=720%2C540&amp;ssl=1\" data-orig-size=\"720,540\" data-comments-opened=\"1\" data-image-meta=\"{&quot;aperture&quot;:&quot;3.3&quot;,&quot;credit&quot;:&quot;&quot;,&quot;camera&quot;:&quot;DMC-TZ55&quot;,&quot;caption&quot;:&quot;&quot;,&quot;created_timestamp&quot;:&quot;1491679035&quot;,&quot;copyright&quot;:&quot;&quot;,&quot;focal_length&quot;:&quot;4.3&quot;,&quot;iso&quot;:&quot;160&quot;,&quot;shutter_speed&quot;:&quot;0.016666666666667&quot;,&quot;title&quot;:&quot;&quot;,&quot;orientation&quot;:&quot;1&quot;}\" data-image-title=\"P1070959\" data-image-description=\"\" data-image-caption=\"\" data-medium-file=\"https:\/\/i0.wp.com\/genevieveetbernardauxameriques.fr\/wp-content\/uploads\/2017\/04\/P1070959.jpg?fit=300%2C225&amp;ssl=1\" data-large-file=\"https:\/\/i0.wp.com\/genevieveetbernardauxameriques.fr\/wp-content\/uploads\/2017\/04\/P1070959.jpg?fit=640%2C480&amp;ssl=1\" class=\"alignnone size-full wp-image-18031\" src=\"https:\/\/i0.wp.com\/genevieveetbernardauxameriques.fr\/wp-content\/uploads\/2017\/04\/P1070959.jpg?resize=640%2C480&#038;ssl=1\" alt=\"\" width=\"640\" height=\"480\" srcset=\"https:\/\/i0.wp.com\/genevieveetbernardauxameriques.fr\/wp-content\/uploads\/2017\/04\/P1070959.jpg?w=720&amp;ssl=1 720w, https:\/\/i0.wp.com\/genevieveetbernardauxameriques.fr\/wp-content\/uploads\/2017\/04\/P1070959.jpg?resize=300%2C225&amp;ssl=1 300w\" sizes=\"(max-width: 640px) 100vw, 640px\" data-recalc-dims=\"1\" \/><\/a><\/p>\n<p>Nous d\u00e9jeunons sous les arbres le long de la rivi\u00e8re<\/p>\n<p>Nous allons retrouver un autoroute, qui nous \u00e9vite de passer par HONDA, il n&rsquo;\u00e9tait pas sur ma carte, mais seulement sur OSMAND, il va de LA DORADA \u00e0 BOGOTA, il rallonge un peu mais au moins nous n&rsquo;avons plus de camions.<\/p>\n<p>On s&rsquo;arr\u00eate \u00e0 une cinquantaine de kms de BOGOTA \u00e0 <strong>SAN FRANCISCO<\/strong>. Impossible de stationner sur la place du village, il y a trop de monde, nous irons \u00e0 50 m dans un parking gard\u00e9 par 2 hommes qui ont chacun leur maison \u00e0 l&rsquo;int\u00e9rieur (une pi\u00e8ce avec douche). Ils sont super gentils, nous expliquent ce que l&rsquo;on peut faire, nous offre caf\u00e9 et bi\u00e8re, nous installent l&rsquo;\u00e9lectricit\u00e9. Au fond du parking, il y a un carrossier mais qui ne travaille pas le week end. Nous sommes tr\u00e8s tr\u00e8s bien.<\/p>\n<p>Le soir on va manger une pizza sur la place. Et en rentrant la pluie se met \u00e0 tomber. On oublie de refermer la fen\u00eatre sur le lit. Lorsqu&rsquo;on se couche tout est mouill\u00e9, il faut tout retirer.<\/p>\n<p><strong>DIMANCHE.\u00a0<\/strong><\/p>\n<p>Il faut faire laver les draps et les serviettes qui nous ont servi pour mettre sur le matelas. Nous demandons au gardien o\u00f9 l&rsquo;on peut en trouver une, pas de probl\u00e8me nous dit il, je prends ma moto et j&rsquo;y vais. Nous restons donc la journ\u00e9e.<\/p>\n<p>On en profite pour aller au jardin des colibris (10.000 P l&rsquo;entr\u00e9e par personne) et l&rsquo;on photographie ces oiseaux. Il y en a 26 esp\u00e8ces diff\u00e9rentes.<\/p>\n<p><a href=\"https:\/\/i0.wp.com\/genevieveetbernardauxameriques.fr\/wp-content\/uploads\/2017\/04\/DSCN0039.jpg?ssl=1\"><img loading=\"lazy\" decoding=\"async\" data-attachment-id=\"17991\" data-permalink=\"https:\/\/genevieveetbernardauxameriques.fr\/index.php\/2017\/04\/18\/colombie-3eme-article-de-medellin-a-bogota\/dscn0039\/\" data-orig-file=\"https:\/\/i0.wp.com\/genevieveetbernardauxameriques.fr\/wp-content\/uploads\/2017\/04\/DSCN0039.jpg?fit=720%2C540&amp;ssl=1\" data-orig-size=\"720,540\" data-comments-opened=\"1\" data-image-meta=\"{&quot;aperture&quot;:&quot;2.8&quot;,&quot;credit&quot;:&quot;&quot;,&quot;camera&quot;:&quot;COOLPIX P900&quot;,&quot;caption&quot;:&quot;&quot;,&quot;created_timestamp&quot;:&quot;1491758941&quot;,&quot;copyright&quot;:&quot;&quot;,&quot;focal_length&quot;:&quot;4.3&quot;,&quot;iso&quot;:&quot;100&quot;,&quot;shutter_speed&quot;:&quot;0.0025&quot;,&quot;title&quot;:&quot;&quot;,&quot;orientation&quot;:&quot;1&quot;}\" data-image-title=\"DSCN0039\" data-image-description=\"\" data-image-caption=\"\" data-medium-file=\"https:\/\/i0.wp.com\/genevieveetbernardauxameriques.fr\/wp-content\/uploads\/2017\/04\/DSCN0039.jpg?fit=300%2C225&amp;ssl=1\" data-large-file=\"https:\/\/i0.wp.com\/genevieveetbernardauxameriques.fr\/wp-content\/uploads\/2017\/04\/DSCN0039.jpg?fit=640%2C480&amp;ssl=1\" class=\"alignnone size-full wp-image-17991\" src=\"https:\/\/i0.wp.com\/genevieveetbernardauxameriques.fr\/wp-content\/uploads\/2017\/04\/DSCN0039.jpg?resize=640%2C480&#038;ssl=1\" alt=\"\" width=\"640\" height=\"480\" srcset=\"https:\/\/i0.wp.com\/genevieveetbernardauxameriques.fr\/wp-content\/uploads\/2017\/04\/DSCN0039.jpg?w=720&amp;ssl=1 720w, https:\/\/i0.wp.com\/genevieveetbernardauxameriques.fr\/wp-content\/uploads\/2017\/04\/DSCN0039.jpg?resize=300%2C225&amp;ssl=1 300w\" sizes=\"(max-width: 640px) 100vw, 640px\" data-recalc-dims=\"1\" \/><\/a> <a href=\"https:\/\/i0.wp.com\/genevieveetbernardauxameriques.fr\/wp-content\/uploads\/2017\/04\/DSCN0022.jpg?ssl=1\"><img loading=\"lazy\" decoding=\"async\" data-attachment-id=\"17982\" data-permalink=\"https:\/\/genevieveetbernardauxameriques.fr\/index.php\/2017\/04\/18\/colombie-3eme-article-de-medellin-a-bogota\/dscn0022\/\" data-orig-file=\"https:\/\/i0.wp.com\/genevieveetbernardauxameriques.fr\/wp-content\/uploads\/2017\/04\/DSCN0022.jpg?fit=720%2C540&amp;ssl=1\" data-orig-size=\"720,540\" data-comments-opened=\"1\" data-image-meta=\"{&quot;aperture&quot;:&quot;5.6&quot;,&quot;credit&quot;:&quot;&quot;,&quot;camera&quot;:&quot;COOLPIX P900&quot;,&quot;caption&quot;:&quot;&quot;,&quot;created_timestamp&quot;:&quot;1491758156&quot;,&quot;copyright&quot;:&quot;&quot;,&quot;focal_length&quot;:&quot;152&quot;,&quot;iso&quot;:&quot;400&quot;,&quot;shutter_speed&quot;:&quot;0.005&quot;,&quot;title&quot;:&quot;&quot;,&quot;orientation&quot;:&quot;1&quot;}\" data-image-title=\"DSCN0022\" data-image-description=\"\" data-image-caption=\"\" data-medium-file=\"https:\/\/i0.wp.com\/genevieveetbernardauxameriques.fr\/wp-content\/uploads\/2017\/04\/DSCN0022.jpg?fit=300%2C225&amp;ssl=1\" data-large-file=\"https:\/\/i0.wp.com\/genevieveetbernardauxameriques.fr\/wp-content\/uploads\/2017\/04\/DSCN0022.jpg?fit=640%2C480&amp;ssl=1\" class=\"alignnone size-full wp-image-17982\" src=\"https:\/\/i0.wp.com\/genevieveetbernardauxameriques.fr\/wp-content\/uploads\/2017\/04\/DSCN0022.jpg?resize=640%2C480&#038;ssl=1\" alt=\"\" width=\"640\" height=\"480\" srcset=\"https:\/\/i0.wp.com\/genevieveetbernardauxameriques.fr\/wp-content\/uploads\/2017\/04\/DSCN0022.jpg?w=720&amp;ssl=1 720w, https:\/\/i0.wp.com\/genevieveetbernardauxameriques.fr\/wp-content\/uploads\/2017\/04\/DSCN0022.jpg?resize=300%2C225&amp;ssl=1 300w\" sizes=\"(max-width: 640px) 100vw, 640px\" data-recalc-dims=\"1\" \/><\/a> <a href=\"https:\/\/i0.wp.com\/genevieveetbernardauxameriques.fr\/wp-content\/uploads\/2017\/04\/DSCN0021.jpg?ssl=1\"><img loading=\"lazy\" decoding=\"async\" data-attachment-id=\"17981\" data-permalink=\"https:\/\/genevieveetbernardauxameriques.fr\/index.php\/2017\/04\/18\/colombie-3eme-article-de-medellin-a-bogota\/dscn0021\/\" data-orig-file=\"https:\/\/i0.wp.com\/genevieveetbernardauxameriques.fr\/wp-content\/uploads\/2017\/04\/DSCN0021.jpg?fit=720%2C540&amp;ssl=1\" data-orig-size=\"720,540\" data-comments-opened=\"1\" data-image-meta=\"{&quot;aperture&quot;:&quot;5.6&quot;,&quot;credit&quot;:&quot;&quot;,&quot;camera&quot;:&quot;COOLPIX P900&quot;,&quot;caption&quot;:&quot;&quot;,&quot;created_timestamp&quot;:&quot;1491758125&quot;,&quot;copyright&quot;:&quot;&quot;,&quot;focal_length&quot;:&quot;143&quot;,&quot;iso&quot;:&quot;400&quot;,&quot;shutter_speed&quot;:&quot;0.00625&quot;,&quot;title&quot;:&quot;&quot;,&quot;orientation&quot;:&quot;1&quot;}\" data-image-title=\"DSCN0021\" data-image-description=\"\" data-image-caption=\"\" data-medium-file=\"https:\/\/i0.wp.com\/genevieveetbernardauxameriques.fr\/wp-content\/uploads\/2017\/04\/DSCN0021.jpg?fit=300%2C225&amp;ssl=1\" data-large-file=\"https:\/\/i0.wp.com\/genevieveetbernardauxameriques.fr\/wp-content\/uploads\/2017\/04\/DSCN0021.jpg?fit=640%2C480&amp;ssl=1\" class=\"alignnone size-full wp-image-17981\" src=\"https:\/\/i0.wp.com\/genevieveetbernardauxameriques.fr\/wp-content\/uploads\/2017\/04\/DSCN0021.jpg?resize=640%2C480&#038;ssl=1\" alt=\"\" width=\"640\" height=\"480\" srcset=\"https:\/\/i0.wp.com\/genevieveetbernardauxameriques.fr\/wp-content\/uploads\/2017\/04\/DSCN0021.jpg?w=720&amp;ssl=1 720w, https:\/\/i0.wp.com\/genevieveetbernardauxameriques.fr\/wp-content\/uploads\/2017\/04\/DSCN0021.jpg?resize=300%2C225&amp;ssl=1 300w\" sizes=\"(max-width: 640px) 100vw, 640px\" data-recalc-dims=\"1\" \/><\/a> <a href=\"https:\/\/i0.wp.com\/genevieveetbernardauxameriques.fr\/wp-content\/uploads\/2017\/04\/DSCN0023.jpg?ssl=1\"><img loading=\"lazy\" decoding=\"async\" data-attachment-id=\"17983\" data-permalink=\"https:\/\/genevieveetbernardauxameriques.fr\/index.php\/2017\/04\/18\/colombie-3eme-article-de-medellin-a-bogota\/dscn0023\/\" data-orig-file=\"https:\/\/i0.wp.com\/genevieveetbernardauxameriques.fr\/wp-content\/uploads\/2017\/04\/DSCN0023.jpg?fit=720%2C540&amp;ssl=1\" data-orig-size=\"720,540\" data-comments-opened=\"1\" data-image-meta=\"{&quot;aperture&quot;:&quot;5.6&quot;,&quot;credit&quot;:&quot;&quot;,&quot;camera&quot;:&quot;COOLPIX P900&quot;,&quot;caption&quot;:&quot;&quot;,&quot;created_timestamp&quot;:&quot;1491758160&quot;,&quot;copyright&quot;:&quot;&quot;,&quot;focal_length&quot;:&quot;170&quot;,&quot;iso&quot;:&quot;400&quot;,&quot;shutter_speed&quot;:&quot;0.004&quot;,&quot;title&quot;:&quot;&quot;,&quot;orientation&quot;:&quot;1&quot;}\" data-image-title=\"DSCN0023\" data-image-description=\"\" data-image-caption=\"\" data-medium-file=\"https:\/\/i0.wp.com\/genevieveetbernardauxameriques.fr\/wp-content\/uploads\/2017\/04\/DSCN0023.jpg?fit=300%2C225&amp;ssl=1\" data-large-file=\"https:\/\/i0.wp.com\/genevieveetbernardauxameriques.fr\/wp-content\/uploads\/2017\/04\/DSCN0023.jpg?fit=640%2C480&amp;ssl=1\" class=\"alignnone size-full wp-image-17983\" src=\"https:\/\/i0.wp.com\/genevieveetbernardauxameriques.fr\/wp-content\/uploads\/2017\/04\/DSCN0023.jpg?resize=640%2C480&#038;ssl=1\" alt=\"\" width=\"640\" height=\"480\" srcset=\"https:\/\/i0.wp.com\/genevieveetbernardauxameriques.fr\/wp-content\/uploads\/2017\/04\/DSCN0023.jpg?w=720&amp;ssl=1 720w, https:\/\/i0.wp.com\/genevieveetbernardauxameriques.fr\/wp-content\/uploads\/2017\/04\/DSCN0023.jpg?resize=300%2C225&amp;ssl=1 300w\" sizes=\"(max-width: 640px) 100vw, 640px\" data-recalc-dims=\"1\" \/><\/a> <a href=\"https:\/\/i0.wp.com\/genevieveetbernardauxameriques.fr\/wp-content\/uploads\/2017\/04\/DSCN0024.jpg?ssl=1\"><img loading=\"lazy\" decoding=\"async\" data-attachment-id=\"17984\" data-permalink=\"https:\/\/genevieveetbernardauxameriques.fr\/index.php\/2017\/04\/18\/colombie-3eme-article-de-medellin-a-bogota\/dscn0024\/\" data-orig-file=\"https:\/\/i0.wp.com\/genevieveetbernardauxameriques.fr\/wp-content\/uploads\/2017\/04\/DSCN0024.jpg?fit=720%2C540&amp;ssl=1\" data-orig-size=\"720,540\" data-comments-opened=\"1\" data-image-meta=\"{&quot;aperture&quot;:&quot;5.6&quot;,&quot;credit&quot;:&quot;&quot;,&quot;camera&quot;:&quot;COOLPIX P900&quot;,&quot;caption&quot;:&quot;&quot;,&quot;created_timestamp&quot;:&quot;1491758210&quot;,&quot;copyright&quot;:&quot;&quot;,&quot;focal_length&quot;:&quot;143&quot;,&quot;iso&quot;:&quot;400&quot;,&quot;shutter_speed&quot;:&quot;0.005&quot;,&quot;title&quot;:&quot;&quot;,&quot;orientation&quot;:&quot;1&quot;}\" data-image-title=\"DSCN0024\" data-image-description=\"\" data-image-caption=\"\" data-medium-file=\"https:\/\/i0.wp.com\/genevieveetbernardauxameriques.fr\/wp-content\/uploads\/2017\/04\/DSCN0024.jpg?fit=300%2C225&amp;ssl=1\" data-large-file=\"https:\/\/i0.wp.com\/genevieveetbernardauxameriques.fr\/wp-content\/uploads\/2017\/04\/DSCN0024.jpg?fit=640%2C480&amp;ssl=1\" class=\"alignnone size-full wp-image-17984\" src=\"https:\/\/i0.wp.com\/genevieveetbernardauxameriques.fr\/wp-content\/uploads\/2017\/04\/DSCN0024.jpg?resize=640%2C480&#038;ssl=1\" alt=\"\" width=\"640\" height=\"480\" srcset=\"https:\/\/i0.wp.com\/genevieveetbernardauxameriques.fr\/wp-content\/uploads\/2017\/04\/DSCN0024.jpg?w=720&amp;ssl=1 720w, https:\/\/i0.wp.com\/genevieveetbernardauxameriques.fr\/wp-content\/uploads\/2017\/04\/DSCN0024.jpg?resize=300%2C225&amp;ssl=1 300w\" sizes=\"(max-width: 640px) 100vw, 640px\" data-recalc-dims=\"1\" \/><\/a> <a href=\"https:\/\/i0.wp.com\/genevieveetbernardauxameriques.fr\/wp-content\/uploads\/2017\/04\/DSCN0030.jpg?ssl=1\"><img loading=\"lazy\" decoding=\"async\" data-attachment-id=\"17987\" data-permalink=\"https:\/\/genevieveetbernardauxameriques.fr\/index.php\/2017\/04\/18\/colombie-3eme-article-de-medellin-a-bogota\/dscn0030\/\" data-orig-file=\"https:\/\/i0.wp.com\/genevieveetbernardauxameriques.fr\/wp-content\/uploads\/2017\/04\/DSCN0030.jpg?fit=720%2C540&amp;ssl=1\" data-orig-size=\"720,540\" data-comments-opened=\"1\" data-image-meta=\"{&quot;aperture&quot;:&quot;5&quot;,&quot;credit&quot;:&quot;&quot;,&quot;camera&quot;:&quot;COOLPIX P900&quot;,&quot;caption&quot;:&quot;&quot;,&quot;created_timestamp&quot;:&quot;1491758619&quot;,&quot;copyright&quot;:&quot;&quot;,&quot;focal_length&quot;:&quot;53.5&quot;,&quot;iso&quot;:&quot;320&quot;,&quot;shutter_speed&quot;:&quot;0.008&quot;,&quot;title&quot;:&quot;&quot;,&quot;orientation&quot;:&quot;1&quot;}\" data-image-title=\"DSCN0030\" data-image-description=\"\" data-image-caption=\"\" data-medium-file=\"https:\/\/i0.wp.com\/genevieveetbernardauxameriques.fr\/wp-content\/uploads\/2017\/04\/DSCN0030.jpg?fit=300%2C225&amp;ssl=1\" data-large-file=\"https:\/\/i0.wp.com\/genevieveetbernardauxameriques.fr\/wp-content\/uploads\/2017\/04\/DSCN0030.jpg?fit=640%2C480&amp;ssl=1\" class=\"alignnone size-full wp-image-17987\" src=\"https:\/\/i0.wp.com\/genevieveetbernardauxameriques.fr\/wp-content\/uploads\/2017\/04\/DSCN0030.jpg?resize=640%2C480&#038;ssl=1\" alt=\"\" width=\"640\" height=\"480\" srcset=\"https:\/\/i0.wp.com\/genevieveetbernardauxameriques.fr\/wp-content\/uploads\/2017\/04\/DSCN0030.jpg?w=720&amp;ssl=1 720w, https:\/\/i0.wp.com\/genevieveetbernardauxameriques.fr\/wp-content\/uploads\/2017\/04\/DSCN0030.jpg?resize=300%2C225&amp;ssl=1 300w\" sizes=\"(max-width: 640px) 100vw, 640px\" data-recalc-dims=\"1\" \/><\/a><img loading=\"lazy\" decoding=\"async\" data-attachment-id=\"17994\" data-permalink=\"https:\/\/genevieveetbernardauxameriques.fr\/index.php\/2017\/04\/18\/colombie-3eme-article-de-medellin-a-bogota\/dscn0046\/\" data-orig-file=\"https:\/\/i0.wp.com\/genevieveetbernardauxameriques.fr\/wp-content\/uploads\/2017\/04\/DSCN0046-e1491854343779.jpg?fit=406%2C520&amp;ssl=1\" data-orig-size=\"406,520\" data-comments-opened=\"1\" data-image-meta=\"{&quot;aperture&quot;:&quot;5.6&quot;,&quot;credit&quot;:&quot;&quot;,&quot;camera&quot;:&quot;COOLPIX P900&quot;,&quot;caption&quot;:&quot;&quot;,&quot;created_timestamp&quot;:&quot;1491759071&quot;,&quot;copyright&quot;:&quot;&quot;,&quot;focal_length&quot;:&quot;152&quot;,&quot;iso&quot;:&quot;400&quot;,&quot;shutter_speed&quot;:&quot;0.00625&quot;,&quot;title&quot;:&quot;&quot;,&quot;orientation&quot;:&quot;1&quot;}\" data-image-title=\"DSCN0046\" data-image-description=\"\" data-image-caption=\"\" data-medium-file=\"https:\/\/i0.wp.com\/genevieveetbernardauxameriques.fr\/wp-content\/uploads\/2017\/04\/DSCN0046-e1491854343779.jpg?fit=234%2C300&amp;ssl=1\" data-large-file=\"https:\/\/i0.wp.com\/genevieveetbernardauxameriques.fr\/wp-content\/uploads\/2017\/04\/DSCN0046-e1491854343779.jpg?fit=406%2C520&amp;ssl=1\" class=\"size-full wp-image-17994 aligncenter\" src=\"https:\/\/i0.wp.com\/genevieveetbernardauxameriques.fr\/wp-content\/uploads\/2017\/04\/DSCN0046-e1491854343779.jpg?resize=406%2C520&#038;ssl=1\" alt=\"\" width=\"406\" height=\"520\" srcset=\"https:\/\/i0.wp.com\/genevieveetbernardauxameriques.fr\/wp-content\/uploads\/2017\/04\/DSCN0046-e1491854343779.jpg?w=406&amp;ssl=1 406w, https:\/\/i0.wp.com\/genevieveetbernardauxameriques.fr\/wp-content\/uploads\/2017\/04\/DSCN0046-e1491854343779.jpg?resize=234%2C300&amp;ssl=1 234w\" sizes=\"(max-width: 406px) 100vw, 406px\" data-recalc-dims=\"1\" \/> <a href=\"https:\/\/i0.wp.com\/genevieveetbernardauxameriques.fr\/wp-content\/uploads\/2017\/04\/DSCN0035.jpg?ssl=1\"><img loading=\"lazy\" decoding=\"async\" data-attachment-id=\"17989\" data-permalink=\"https:\/\/genevieveetbernardauxameriques.fr\/index.php\/2017\/04\/18\/colombie-3eme-article-de-medellin-a-bogota\/dscn0035\/\" data-orig-file=\"https:\/\/i0.wp.com\/genevieveetbernardauxameriques.fr\/wp-content\/uploads\/2017\/04\/DSCN0035.jpg?fit=720%2C540&amp;ssl=1\" data-orig-size=\"720,540\" data-comments-opened=\"1\" data-image-meta=\"{&quot;aperture&quot;:&quot;5&quot;,&quot;credit&quot;:&quot;&quot;,&quot;camera&quot;:&quot;COOLPIX P900&quot;,&quot;caption&quot;:&quot;&quot;,&quot;created_timestamp&quot;:&quot;1491758714&quot;,&quot;copyright&quot;:&quot;&quot;,&quot;focal_length&quot;:&quot;57.1&quot;,&quot;iso&quot;:&quot;100&quot;,&quot;shutter_speed&quot;:&quot;0.008&quot;,&quot;title&quot;:&quot;&quot;,&quot;orientation&quot;:&quot;1&quot;}\" data-image-title=\"DSCN0035\" data-image-description=\"\" data-image-caption=\"\" data-medium-file=\"https:\/\/i0.wp.com\/genevieveetbernardauxameriques.fr\/wp-content\/uploads\/2017\/04\/DSCN0035.jpg?fit=300%2C225&amp;ssl=1\" data-large-file=\"https:\/\/i0.wp.com\/genevieveetbernardauxameriques.fr\/wp-content\/uploads\/2017\/04\/DSCN0035.jpg?fit=640%2C480&amp;ssl=1\" class=\"alignnone size-full wp-image-17989\" src=\"https:\/\/i0.wp.com\/genevieveetbernardauxameriques.fr\/wp-content\/uploads\/2017\/04\/DSCN0035.jpg?resize=640%2C480&#038;ssl=1\" alt=\"\" width=\"640\" height=\"480\" srcset=\"https:\/\/i0.wp.com\/genevieveetbernardauxameriques.fr\/wp-content\/uploads\/2017\/04\/DSCN0035.jpg?w=720&amp;ssl=1 720w, https:\/\/i0.wp.com\/genevieveetbernardauxameriques.fr\/wp-content\/uploads\/2017\/04\/DSCN0035.jpg?resize=300%2C225&amp;ssl=1 300w\" sizes=\"(max-width: 640px) 100vw, 640px\" data-recalc-dims=\"1\" \/><\/a><a href=\"https:\/\/i0.wp.com\/genevieveetbernardauxameriques.fr\/wp-content\/uploads\/2017\/04\/DSCN0052.jpg?ssl=1\"><img loading=\"lazy\" decoding=\"async\" data-attachment-id=\"17996\" data-permalink=\"https:\/\/genevieveetbernardauxameriques.fr\/index.php\/2017\/04\/18\/colombie-3eme-article-de-medellin-a-bogota\/dscn0052\/\" data-orig-file=\"https:\/\/i0.wp.com\/genevieveetbernardauxameriques.fr\/wp-content\/uploads\/2017\/04\/DSCN0052.jpg?fit=720%2C540&amp;ssl=1\" data-orig-size=\"720,540\" data-comments-opened=\"1\" data-image-meta=\"{&quot;aperture&quot;:&quot;5&quot;,&quot;credit&quot;:&quot;&quot;,&quot;camera&quot;:&quot;COOLPIX P900&quot;,&quot;caption&quot;:&quot;&quot;,&quot;created_timestamp&quot;:&quot;1491759292&quot;,&quot;copyright&quot;:&quot;&quot;,&quot;focal_length&quot;:&quot;71.4&quot;,&quot;iso&quot;:&quot;180&quot;,&quot;shutter_speed&quot;:&quot;0.008&quot;,&quot;title&quot;:&quot;&quot;,&quot;orientation&quot;:&quot;1&quot;}\" data-image-title=\"DSCN0052\" data-image-description=\"\" data-image-caption=\"\" data-medium-file=\"https:\/\/i0.wp.com\/genevieveetbernardauxameriques.fr\/wp-content\/uploads\/2017\/04\/DSCN0052.jpg?fit=300%2C225&amp;ssl=1\" data-large-file=\"https:\/\/i0.wp.com\/genevieveetbernardauxameriques.fr\/wp-content\/uploads\/2017\/04\/DSCN0052.jpg?fit=640%2C480&amp;ssl=1\" class=\"alignnone size-full wp-image-17996\" src=\"https:\/\/i0.wp.com\/genevieveetbernardauxameriques.fr\/wp-content\/uploads\/2017\/04\/DSCN0052.jpg?resize=640%2C480&#038;ssl=1\" alt=\"\" width=\"640\" height=\"480\" srcset=\"https:\/\/i0.wp.com\/genevieveetbernardauxameriques.fr\/wp-content\/uploads\/2017\/04\/DSCN0052.jpg?w=720&amp;ssl=1 720w, https:\/\/i0.wp.com\/genevieveetbernardauxameriques.fr\/wp-content\/uploads\/2017\/04\/DSCN0052.jpg?resize=300%2C225&amp;ssl=1 300w\" sizes=\"(max-width: 640px) 100vw, 640px\" data-recalc-dims=\"1\" \/><\/a><\/p>\n<p>En vol pas \u00e9vident de faire une photo<\/p>\n<p class=\"separator\">Bien sur il n&rsquo;y a pas que des colibris, d&rsquo;autres oiseaux profitent de l&rsquo;aubaine et viennent manger des graines qu&rsquo;on leur a donn\u00e9es.<\/p>\n<div class=\"separator\">\n<p><a href=\"https:\/\/i0.wp.com\/genevieveetbernardauxameriques.fr\/wp-content\/uploads\/2017\/04\/DSCN0019.jpg?ssl=1\"><img loading=\"lazy\" decoding=\"async\" data-attachment-id=\"17980\" data-permalink=\"https:\/\/genevieveetbernardauxameriques.fr\/index.php\/2017\/04\/18\/colombie-3eme-article-de-medellin-a-bogota\/dscn0019\/\" data-orig-file=\"https:\/\/i0.wp.com\/genevieveetbernardauxameriques.fr\/wp-content\/uploads\/2017\/04\/DSCN0019.jpg?fit=720%2C540&amp;ssl=1\" data-orig-size=\"720,540\" data-comments-opened=\"1\" data-image-meta=\"{&quot;aperture&quot;:&quot;5.6&quot;,&quot;credit&quot;:&quot;&quot;,&quot;camera&quot;:&quot;COOLPIX P900&quot;,&quot;caption&quot;:&quot;&quot;,&quot;created_timestamp&quot;:&quot;1491757929&quot;,&quot;copyright&quot;:&quot;&quot;,&quot;focal_length&quot;:&quot;152&quot;,&quot;iso&quot;:&quot;400&quot;,&quot;shutter_speed&quot;:&quot;0.004&quot;,&quot;title&quot;:&quot;&quot;,&quot;orientation&quot;:&quot;1&quot;}\" data-image-title=\"DSCN0019\" data-image-description=\"\" data-image-caption=\"\" data-medium-file=\"https:\/\/i0.wp.com\/genevieveetbernardauxameriques.fr\/wp-content\/uploads\/2017\/04\/DSCN0019.jpg?fit=300%2C225&amp;ssl=1\" data-large-file=\"https:\/\/i0.wp.com\/genevieveetbernardauxameriques.fr\/wp-content\/uploads\/2017\/04\/DSCN0019.jpg?fit=640%2C480&amp;ssl=1\" class=\"alignnone size-full wp-image-17980\" src=\"https:\/\/i0.wp.com\/genevieveetbernardauxameriques.fr\/wp-content\/uploads\/2017\/04\/DSCN0019.jpg?resize=640%2C480&#038;ssl=1\" alt=\"\" width=\"640\" height=\"480\" srcset=\"https:\/\/i0.wp.com\/genevieveetbernardauxameriques.fr\/wp-content\/uploads\/2017\/04\/DSCN0019.jpg?w=720&amp;ssl=1 720w, https:\/\/i0.wp.com\/genevieveetbernardauxameriques.fr\/wp-content\/uploads\/2017\/04\/DSCN0019.jpg?resize=300%2C225&amp;ssl=1 300w\" sizes=\"(max-width: 640px) 100vw, 640px\" data-recalc-dims=\"1\" \/><\/a><a href=\"https:\/\/i0.wp.com\/genevieveetbernardauxameriques.fr\/wp-content\/uploads\/2017\/04\/DSCN0071-1.jpg?ssl=1\"><img loading=\"lazy\" decoding=\"async\" data-attachment-id=\"18003\" data-permalink=\"https:\/\/genevieveetbernardauxameriques.fr\/index.php\/2017\/04\/18\/colombie-3eme-article-de-medellin-a-bogota\/dscn0071-2\/\" data-orig-file=\"https:\/\/i0.wp.com\/genevieveetbernardauxameriques.fr\/wp-content\/uploads\/2017\/04\/DSCN0071-1.jpg?fit=720%2C540&amp;ssl=1\" data-orig-size=\"720,540\" data-comments-opened=\"1\" data-image-meta=\"{&quot;aperture&quot;:&quot;5.6&quot;,&quot;credit&quot;:&quot;&quot;,&quot;camera&quot;:&quot;COOLPIX P900&quot;,&quot;caption&quot;:&quot;&quot;,&quot;created_timestamp&quot;:&quot;1491759595&quot;,&quot;copyright&quot;:&quot;&quot;,&quot;focal_length&quot;:&quot;178&quot;,&quot;iso&quot;:&quot;400&quot;,&quot;shutter_speed&quot;:&quot;0.004&quot;,&quot;title&quot;:&quot;&quot;,&quot;orientation&quot;:&quot;1&quot;}\" data-image-title=\"DSCN0071\" data-image-description=\"\" data-image-caption=\"\" data-medium-file=\"https:\/\/i0.wp.com\/genevieveetbernardauxameriques.fr\/wp-content\/uploads\/2017\/04\/DSCN0071-1.jpg?fit=300%2C225&amp;ssl=1\" data-large-file=\"https:\/\/i0.wp.com\/genevieveetbernardauxameriques.fr\/wp-content\/uploads\/2017\/04\/DSCN0071-1.jpg?fit=640%2C480&amp;ssl=1\" class=\"alignnone size-full wp-image-18003\" src=\"https:\/\/i0.wp.com\/genevieveetbernardauxameriques.fr\/wp-content\/uploads\/2017\/04\/DSCN0071-1.jpg?resize=640%2C480&#038;ssl=1\" alt=\"\" width=\"640\" height=\"480\" srcset=\"https:\/\/i0.wp.com\/genevieveetbernardauxameriques.fr\/wp-content\/uploads\/2017\/04\/DSCN0071-1.jpg?w=720&amp;ssl=1 720w, https:\/\/i0.wp.com\/genevieveetbernardauxameriques.fr\/wp-content\/uploads\/2017\/04\/DSCN0071-1.jpg?resize=300%2C225&amp;ssl=1 300w\" sizes=\"(max-width: 640px) 100vw, 640px\" data-recalc-dims=\"1\" \/><\/a><img loading=\"lazy\" decoding=\"async\" data-attachment-id=\"18039\" data-permalink=\"https:\/\/genevieveetbernardauxameriques.fr\/index.php\/2017\/04\/18\/colombie-3eme-article-de-medellin-a-bogota\/p1070977\/\" data-orig-file=\"https:\/\/i0.wp.com\/genevieveetbernardauxameriques.fr\/wp-content\/uploads\/2017\/04\/P1070977.jpg?fit=720%2C540&amp;ssl=1\" data-orig-size=\"720,540\" data-comments-opened=\"1\" data-image-meta=\"{&quot;aperture&quot;:&quot;6.4&quot;,&quot;credit&quot;:&quot;&quot;,&quot;camera&quot;:&quot;DMC-TZ55&quot;,&quot;caption&quot;:&quot;&quot;,&quot;created_timestamp&quot;:&quot;1491766647&quot;,&quot;copyright&quot;:&quot;&quot;,&quot;focal_length&quot;:&quot;86&quot;,&quot;iso&quot;:&quot;100&quot;,&quot;shutter_speed&quot;:&quot;0.004&quot;,&quot;title&quot;:&quot;&quot;,&quot;orientation&quot;:&quot;1&quot;}\" data-image-title=\"P1070977\" data-image-description=\"\" data-image-caption=\"\" data-medium-file=\"https:\/\/i0.wp.com\/genevieveetbernardauxameriques.fr\/wp-content\/uploads\/2017\/04\/P1070977.jpg?fit=300%2C225&amp;ssl=1\" data-large-file=\"https:\/\/i0.wp.com\/genevieveetbernardauxameriques.fr\/wp-content\/uploads\/2017\/04\/P1070977.jpg?fit=640%2C480&amp;ssl=1\" class=\"alignnone size-full wp-image-18039\" src=\"https:\/\/i0.wp.com\/genevieveetbernardauxameriques.fr\/wp-content\/uploads\/2017\/04\/P1070977.jpg?resize=640%2C480&#038;ssl=1\" alt=\"\" width=\"640\" height=\"480\" srcset=\"https:\/\/i0.wp.com\/genevieveetbernardauxameriques.fr\/wp-content\/uploads\/2017\/04\/P1070977.jpg?w=720&amp;ssl=1 720w, https:\/\/i0.wp.com\/genevieveetbernardauxameriques.fr\/wp-content\/uploads\/2017\/04\/P1070977.jpg?resize=300%2C225&amp;ssl=1 300w\" sizes=\"(max-width: 640px) 100vw, 640px\" data-recalc-dims=\"1\" \/><a href=\"https:\/\/i0.wp.com\/genevieveetbernardauxameriques.fr\/wp-content\/uploads\/2017\/04\/DSCN0016.jpg?ssl=1\"><img loading=\"lazy\" decoding=\"async\" data-attachment-id=\"17978\" data-permalink=\"https:\/\/genevieveetbernardauxameriques.fr\/index.php\/2017\/04\/18\/colombie-3eme-article-de-medellin-a-bogota\/dscn0016\/\" data-orig-file=\"https:\/\/i0.wp.com\/genevieveetbernardauxameriques.fr\/wp-content\/uploads\/2017\/04\/DSCN0016.jpg?fit=540%2C720&amp;ssl=1\" data-orig-size=\"540,720\" data-comments-opened=\"1\" data-image-meta=\"{&quot;aperture&quot;:&quot;2.8&quot;,&quot;credit&quot;:&quot;&quot;,&quot;camera&quot;:&quot;COOLPIX P900&quot;,&quot;caption&quot;:&quot;&quot;,&quot;created_timestamp&quot;:&quot;1491757359&quot;,&quot;copyright&quot;:&quot;&quot;,&quot;focal_length&quot;:&quot;4.3&quot;,&quot;iso&quot;:&quot;100&quot;,&quot;shutter_speed&quot;:&quot;0.003125&quot;,&quot;title&quot;:&quot;&quot;,&quot;orientation&quot;:&quot;1&quot;}\" data-image-title=\"DSCN0016\" data-image-description=\"\" data-image-caption=\"\" data-medium-file=\"https:\/\/i0.wp.com\/genevieveetbernardauxameriques.fr\/wp-content\/uploads\/2017\/04\/DSCN0016.jpg?fit=225%2C300&amp;ssl=1\" data-large-file=\"https:\/\/i0.wp.com\/genevieveetbernardauxameriques.fr\/wp-content\/uploads\/2017\/04\/DSCN0016.jpg?fit=540%2C720&amp;ssl=1\" class=\"size-full wp-image-17978 aligncenter\" src=\"https:\/\/i0.wp.com\/genevieveetbernardauxameriques.fr\/wp-content\/uploads\/2017\/04\/DSCN0016.jpg?resize=540%2C720&#038;ssl=1\" alt=\"\" width=\"540\" height=\"720\" srcset=\"https:\/\/i0.wp.com\/genevieveetbernardauxameriques.fr\/wp-content\/uploads\/2017\/04\/DSCN0016.jpg?w=540&amp;ssl=1 540w, https:\/\/i0.wp.com\/genevieveetbernardauxameriques.fr\/wp-content\/uploads\/2017\/04\/DSCN0016.jpg?resize=225%2C300&amp;ssl=1 225w\" sizes=\"(max-width: 540px) 100vw, 540px\" data-recalc-dims=\"1\" \/><\/a> <a href=\"https:\/\/i0.wp.com\/genevieveetbernardauxameriques.fr\/wp-content\/uploads\/2017\/04\/DSCN0017.jpg?ssl=1\"><img loading=\"lazy\" decoding=\"async\" data-attachment-id=\"17979\" data-permalink=\"https:\/\/genevieveetbernardauxameriques.fr\/index.php\/2017\/04\/18\/colombie-3eme-article-de-medellin-a-bogota\/dscn0017\/\" data-orig-file=\"https:\/\/i0.wp.com\/genevieveetbernardauxameriques.fr\/wp-content\/uploads\/2017\/04\/DSCN0017.jpg?fit=540%2C720&amp;ssl=1\" data-orig-size=\"540,720\" data-comments-opened=\"1\" data-image-meta=\"{&quot;aperture&quot;:&quot;2.8&quot;,&quot;credit&quot;:&quot;&quot;,&quot;camera&quot;:&quot;COOLPIX P900&quot;,&quot;caption&quot;:&quot;&quot;,&quot;created_timestamp&quot;:&quot;1491757365&quot;,&quot;copyright&quot;:&quot;&quot;,&quot;focal_length&quot;:&quot;4.3&quot;,&quot;iso&quot;:&quot;100&quot;,&quot;shutter_speed&quot;:&quot;0.005&quot;,&quot;title&quot;:&quot;&quot;,&quot;orientation&quot;:&quot;1&quot;}\" data-image-title=\"DSCN0017\" data-image-description=\"\" data-image-caption=\"\" data-medium-file=\"https:\/\/i0.wp.com\/genevieveetbernardauxameriques.fr\/wp-content\/uploads\/2017\/04\/DSCN0017.jpg?fit=225%2C300&amp;ssl=1\" data-large-file=\"https:\/\/i0.wp.com\/genevieveetbernardauxameriques.fr\/wp-content\/uploads\/2017\/04\/DSCN0017.jpg?fit=540%2C720&amp;ssl=1\" class=\"size-full wp-image-17979 aligncenter\" src=\"https:\/\/i0.wp.com\/genevieveetbernardauxameriques.fr\/wp-content\/uploads\/2017\/04\/DSCN0017.jpg?resize=540%2C720&#038;ssl=1\" alt=\"\" width=\"540\" height=\"720\" srcset=\"https:\/\/i0.wp.com\/genevieveetbernardauxameriques.fr\/wp-content\/uploads\/2017\/04\/DSCN0017.jpg?w=540&amp;ssl=1 540w, https:\/\/i0.wp.com\/genevieveetbernardauxameriques.fr\/wp-content\/uploads\/2017\/04\/DSCN0017.jpg?resize=225%2C300&amp;ssl=1 225w\" sizes=\"(max-width: 540px) 100vw, 540px\" data-recalc-dims=\"1\" \/><\/a><\/p>\n<\/div>\n<p>Un petit tour au march\u00e9<\/p>\n<p><a href=\"https:\/\/i0.wp.com\/genevieveetbernardauxameriques.fr\/wp-content\/uploads\/2017\/04\/DSCN0013.jpg?ssl=1\"><img loading=\"lazy\" decoding=\"async\" data-attachment-id=\"17975\" data-permalink=\"https:\/\/genevieveetbernardauxameriques.fr\/index.php\/2017\/04\/18\/colombie-3eme-article-de-medellin-a-bogota\/dscn0013\/\" data-orig-file=\"https:\/\/i0.wp.com\/genevieveetbernardauxameriques.fr\/wp-content\/uploads\/2017\/04\/DSCN0013.jpg?fit=720%2C540&amp;ssl=1\" data-orig-size=\"720,540\" data-comments-opened=\"1\" data-image-meta=\"{&quot;aperture&quot;:&quot;2.8&quot;,&quot;credit&quot;:&quot;&quot;,&quot;camera&quot;:&quot;COOLPIX P900&quot;,&quot;caption&quot;:&quot;&quot;,&quot;created_timestamp&quot;:&quot;1491755320&quot;,&quot;copyright&quot;:&quot;&quot;,&quot;focal_length&quot;:&quot;4.3&quot;,&quot;iso&quot;:&quot;160&quot;,&quot;shutter_speed&quot;:&quot;0.033333333333333&quot;,&quot;title&quot;:&quot;&quot;,&quot;orientation&quot;:&quot;1&quot;}\" data-image-title=\"DSCN0013\" data-image-description=\"\" data-image-caption=\"\" data-medium-file=\"https:\/\/i0.wp.com\/genevieveetbernardauxameriques.fr\/wp-content\/uploads\/2017\/04\/DSCN0013.jpg?fit=300%2C225&amp;ssl=1\" data-large-file=\"https:\/\/i0.wp.com\/genevieveetbernardauxameriques.fr\/wp-content\/uploads\/2017\/04\/DSCN0013.jpg?fit=640%2C480&amp;ssl=1\" class=\"alignnone size-full wp-image-17975\" src=\"https:\/\/i0.wp.com\/genevieveetbernardauxameriques.fr\/wp-content\/uploads\/2017\/04\/DSCN0013.jpg?resize=640%2C480&#038;ssl=1\" alt=\"\" width=\"640\" height=\"480\" srcset=\"https:\/\/i0.wp.com\/genevieveetbernardauxameriques.fr\/wp-content\/uploads\/2017\/04\/DSCN0013.jpg?w=720&amp;ssl=1 720w, https:\/\/i0.wp.com\/genevieveetbernardauxameriques.fr\/wp-content\/uploads\/2017\/04\/DSCN0013.jpg?resize=300%2C225&amp;ssl=1 300w\" sizes=\"(max-width: 640px) 100vw, 640px\" data-recalc-dims=\"1\" \/><\/a> <a href=\"https:\/\/i0.wp.com\/genevieveetbernardauxameriques.fr\/wp-content\/uploads\/2017\/04\/DSCN0014.jpg?ssl=1\"><img loading=\"lazy\" decoding=\"async\" data-attachment-id=\"17976\" data-permalink=\"https:\/\/genevieveetbernardauxameriques.fr\/index.php\/2017\/04\/18\/colombie-3eme-article-de-medellin-a-bogota\/dscn0014\/\" data-orig-file=\"https:\/\/i0.wp.com\/genevieveetbernardauxameriques.fr\/wp-content\/uploads\/2017\/04\/DSCN0014.jpg?fit=720%2C540&amp;ssl=1\" data-orig-size=\"720,540\" data-comments-opened=\"1\" data-image-meta=\"{&quot;aperture&quot;:&quot;2.8&quot;,&quot;credit&quot;:&quot;&quot;,&quot;camera&quot;:&quot;COOLPIX P900&quot;,&quot;caption&quot;:&quot;&quot;,&quot;created_timestamp&quot;:&quot;1491755423&quot;,&quot;copyright&quot;:&quot;&quot;,&quot;focal_length&quot;:&quot;4.3&quot;,&quot;iso&quot;:&quot;100&quot;,&quot;shutter_speed&quot;:&quot;0.025&quot;,&quot;title&quot;:&quot;&quot;,&quot;orientation&quot;:&quot;1&quot;}\" data-image-title=\"DSCN0014\" data-image-description=\"\" data-image-caption=\"\" data-medium-file=\"https:\/\/i0.wp.com\/genevieveetbernardauxameriques.fr\/wp-content\/uploads\/2017\/04\/DSCN0014.jpg?fit=300%2C225&amp;ssl=1\" data-large-file=\"https:\/\/i0.wp.com\/genevieveetbernardauxameriques.fr\/wp-content\/uploads\/2017\/04\/DSCN0014.jpg?fit=640%2C480&amp;ssl=1\" class=\"alignnone size-full wp-image-17976\" src=\"https:\/\/i0.wp.com\/genevieveetbernardauxameriques.fr\/wp-content\/uploads\/2017\/04\/DSCN0014.jpg?resize=640%2C480&#038;ssl=1\" alt=\"\" width=\"640\" height=\"480\" srcset=\"https:\/\/i0.wp.com\/genevieveetbernardauxameriques.fr\/wp-content\/uploads\/2017\/04\/DSCN0014.jpg?w=720&amp;ssl=1 720w, https:\/\/i0.wp.com\/genevieveetbernardauxameriques.fr\/wp-content\/uploads\/2017\/04\/DSCN0014.jpg?resize=300%2C225&amp;ssl=1 300w\" sizes=\"(max-width: 640px) 100vw, 640px\" data-recalc-dims=\"1\" \/><\/a> <a href=\"https:\/\/i0.wp.com\/genevieveetbernardauxameriques.fr\/wp-content\/uploads\/2017\/04\/DSCN0012.jpg?ssl=1\"><img loading=\"lazy\" decoding=\"async\" data-attachment-id=\"17974\" data-permalink=\"https:\/\/genevieveetbernardauxameriques.fr\/index.php\/2017\/04\/18\/colombie-3eme-article-de-medellin-a-bogota\/dscn0012\/\" data-orig-file=\"https:\/\/i0.wp.com\/genevieveetbernardauxameriques.fr\/wp-content\/uploads\/2017\/04\/DSCN0012.jpg?fit=720%2C540&amp;ssl=1\" data-orig-size=\"720,540\" data-comments-opened=\"1\" data-image-meta=\"{&quot;aperture&quot;:&quot;2.8&quot;,&quot;credit&quot;:&quot;&quot;,&quot;camera&quot;:&quot;COOLPIX P900&quot;,&quot;caption&quot;:&quot;&quot;,&quot;created_timestamp&quot;:&quot;1491755306&quot;,&quot;copyright&quot;:&quot;&quot;,&quot;focal_length&quot;:&quot;4.3&quot;,&quot;iso&quot;:&quot;100&quot;,&quot;shutter_speed&quot;:&quot;0.033333333333333&quot;,&quot;title&quot;:&quot;&quot;,&quot;orientation&quot;:&quot;1&quot;}\" data-image-title=\"DSCN0012\" data-image-description=\"\" data-image-caption=\"\" data-medium-file=\"https:\/\/i0.wp.com\/genevieveetbernardauxameriques.fr\/wp-content\/uploads\/2017\/04\/DSCN0012.jpg?fit=300%2C225&amp;ssl=1\" data-large-file=\"https:\/\/i0.wp.com\/genevieveetbernardauxameriques.fr\/wp-content\/uploads\/2017\/04\/DSCN0012.jpg?fit=640%2C480&amp;ssl=1\" class=\"alignnone size-full wp-image-17974\" src=\"https:\/\/i0.wp.com\/genevieveetbernardauxameriques.fr\/wp-content\/uploads\/2017\/04\/DSCN0012.jpg?resize=640%2C480&#038;ssl=1\" alt=\"\" width=\"640\" height=\"480\" srcset=\"https:\/\/i0.wp.com\/genevieveetbernardauxameriques.fr\/wp-content\/uploads\/2017\/04\/DSCN0012.jpg?w=720&amp;ssl=1 720w, https:\/\/i0.wp.com\/genevieveetbernardauxameriques.fr\/wp-content\/uploads\/2017\/04\/DSCN0012.jpg?resize=300%2C225&amp;ssl=1 300w\" sizes=\"(max-width: 640px) 100vw, 640px\" data-recalc-dims=\"1\" \/><\/a><\/p>\n<p>Et voil\u00e0 notre repas pour ce midi (un m\u00e9lange de tout) :<\/p>\n<p><a href=\"https:\/\/i0.wp.com\/genevieveetbernardauxameriques.fr\/wp-content\/uploads\/2017\/04\/P1070988.jpg?ssl=1\"><img loading=\"lazy\" decoding=\"async\" data-attachment-id=\"18044\" data-permalink=\"https:\/\/genevieveetbernardauxameriques.fr\/index.php\/2017\/04\/18\/colombie-3eme-article-de-medellin-a-bogota\/p1070988\/\" data-orig-file=\"https:\/\/i0.wp.com\/genevieveetbernardauxameriques.fr\/wp-content\/uploads\/2017\/04\/P1070988.jpg?fit=720%2C540&amp;ssl=1\" data-orig-size=\"720,540\" data-comments-opened=\"1\" data-image-meta=\"{&quot;aperture&quot;:&quot;4&quot;,&quot;credit&quot;:&quot;&quot;,&quot;camera&quot;:&quot;DMC-TZ55&quot;,&quot;caption&quot;:&quot;&quot;,&quot;created_timestamp&quot;:&quot;1491775964&quot;,&quot;copyright&quot;:&quot;&quot;,&quot;focal_length&quot;:&quot;4.3&quot;,&quot;iso&quot;:&quot;100&quot;,&quot;shutter_speed&quot;:&quot;0.01&quot;,&quot;title&quot;:&quot;&quot;,&quot;orientation&quot;:&quot;1&quot;}\" data-image-title=\"P1070988\" data-image-description=\"\" data-image-caption=\"\" data-medium-file=\"https:\/\/i0.wp.com\/genevieveetbernardauxameriques.fr\/wp-content\/uploads\/2017\/04\/P1070988.jpg?fit=300%2C225&amp;ssl=1\" data-large-file=\"https:\/\/i0.wp.com\/genevieveetbernardauxameriques.fr\/wp-content\/uploads\/2017\/04\/P1070988.jpg?fit=640%2C480&amp;ssl=1\" class=\"alignnone size-full wp-image-18044\" src=\"https:\/\/i0.wp.com\/genevieveetbernardauxameriques.fr\/wp-content\/uploads\/2017\/04\/P1070988.jpg?resize=640%2C480&#038;ssl=1\" alt=\"\" width=\"640\" height=\"480\" srcset=\"https:\/\/i0.wp.com\/genevieveetbernardauxameriques.fr\/wp-content\/uploads\/2017\/04\/P1070988.jpg?w=720&amp;ssl=1 720w, https:\/\/i0.wp.com\/genevieveetbernardauxameriques.fr\/wp-content\/uploads\/2017\/04\/P1070988.jpg?resize=300%2C225&amp;ssl=1 300w\" sizes=\"(max-width: 640px) 100vw, 640px\" data-recalc-dims=\"1\" \/><\/a><\/p>\n<p>Aujourd&rsquo;hui dimanche c&rsquo;est le jour des rameaux. Il y a une procession dans la ville.<\/p>\n<p><a href=\"https:\/\/i0.wp.com\/genevieveetbernardauxameriques.fr\/wp-content\/uploads\/2017\/04\/IMG_20170409_113250.jpg?ssl=1\"><img loading=\"lazy\" decoding=\"async\" data-attachment-id=\"18008\" data-permalink=\"https:\/\/genevieveetbernardauxameriques.fr\/index.php\/2017\/04\/18\/colombie-3eme-article-de-medellin-a-bogota\/img_20170409_113250\/\" data-orig-file=\"https:\/\/i0.wp.com\/genevieveetbernardauxameriques.fr\/wp-content\/uploads\/2017\/04\/IMG_20170409_113250.jpg?fit=720%2C540&amp;ssl=1\" data-orig-size=\"720,540\" data-comments-opened=\"1\" data-image-meta=\"{&quot;aperture&quot;:&quot;0&quot;,&quot;credit&quot;:&quot;&quot;,&quot;camera&quot;:&quot;Lenovo YT3-X50F&quot;,&quot;caption&quot;:&quot;&quot;,&quot;created_timestamp&quot;:&quot;1491737570&quot;,&quot;copyright&quot;:&quot;&quot;,&quot;focal_length&quot;:&quot;3.85&quot;,&quot;iso&quot;:&quot;101&quot;,&quot;shutter_speed&quot;:&quot;0.00057603686635945&quot;,&quot;title&quot;:&quot;&quot;,&quot;orientation&quot;:&quot;0&quot;}\" data-image-title=\"IMG_20170409_113250\" data-image-description=\"\" data-image-caption=\"\" data-medium-file=\"https:\/\/i0.wp.com\/genevieveetbernardauxameriques.fr\/wp-content\/uploads\/2017\/04\/IMG_20170409_113250.jpg?fit=300%2C225&amp;ssl=1\" data-large-file=\"https:\/\/i0.wp.com\/genevieveetbernardauxameriques.fr\/wp-content\/uploads\/2017\/04\/IMG_20170409_113250.jpg?fit=640%2C480&amp;ssl=1\" class=\"alignnone size-full wp-image-18008\" src=\"https:\/\/i0.wp.com\/genevieveetbernardauxameriques.fr\/wp-content\/uploads\/2017\/04\/IMG_20170409_113250.jpg?resize=640%2C480&#038;ssl=1\" alt=\"\" width=\"640\" height=\"480\" srcset=\"https:\/\/i0.wp.com\/genevieveetbernardauxameriques.fr\/wp-content\/uploads\/2017\/04\/IMG_20170409_113250.jpg?w=720&amp;ssl=1 720w, https:\/\/i0.wp.com\/genevieveetbernardauxameriques.fr\/wp-content\/uploads\/2017\/04\/IMG_20170409_113250.jpg?resize=300%2C225&amp;ssl=1 300w\" sizes=\"(max-width: 640px) 100vw, 640px\" data-recalc-dims=\"1\" \/><\/a><a href=\"https:\/\/i0.wp.com\/genevieveetbernardauxameriques.fr\/wp-content\/uploads\/2017\/04\/P1070965.jpg?ssl=1\"><img loading=\"lazy\" decoding=\"async\" data-attachment-id=\"18032\" data-permalink=\"https:\/\/genevieveetbernardauxameriques.fr\/index.php\/2017\/04\/18\/colombie-3eme-article-de-medellin-a-bogota\/p1070965\/\" data-orig-file=\"https:\/\/i0.wp.com\/genevieveetbernardauxameriques.fr\/wp-content\/uploads\/2017\/04\/P1070965.jpg?fit=720%2C540&amp;ssl=1\" data-orig-size=\"720,540\" data-comments-opened=\"1\" data-image-meta=\"{&quot;aperture&quot;:&quot;5.6&quot;,&quot;credit&quot;:&quot;&quot;,&quot;camera&quot;:&quot;DMC-TZ55&quot;,&quot;caption&quot;:&quot;&quot;,&quot;created_timestamp&quot;:&quot;1491763851&quot;,&quot;copyright&quot;:&quot;&quot;,&quot;focal_length&quot;:&quot;11&quot;,&quot;iso&quot;:&quot;100&quot;,&quot;shutter_speed&quot;:&quot;0.01&quot;,&quot;title&quot;:&quot;&quot;,&quot;orientation&quot;:&quot;1&quot;}\" data-image-title=\"P1070965\" data-image-description=\"\" data-image-caption=\"\" data-medium-file=\"https:\/\/i0.wp.com\/genevieveetbernardauxameriques.fr\/wp-content\/uploads\/2017\/04\/P1070965.jpg?fit=300%2C225&amp;ssl=1\" data-large-file=\"https:\/\/i0.wp.com\/genevieveetbernardauxameriques.fr\/wp-content\/uploads\/2017\/04\/P1070965.jpg?fit=640%2C480&amp;ssl=1\" class=\"alignnone size-full wp-image-18032\" src=\"https:\/\/i0.wp.com\/genevieveetbernardauxameriques.fr\/wp-content\/uploads\/2017\/04\/P1070965.jpg?resize=640%2C480&#038;ssl=1\" alt=\"\" width=\"640\" height=\"480\" srcset=\"https:\/\/i0.wp.com\/genevieveetbernardauxameriques.fr\/wp-content\/uploads\/2017\/04\/P1070965.jpg?w=720&amp;ssl=1 720w, https:\/\/i0.wp.com\/genevieveetbernardauxameriques.fr\/wp-content\/uploads\/2017\/04\/P1070965.jpg?resize=300%2C225&amp;ssl=1 300w\" sizes=\"(max-width: 640px) 100vw, 640px\" data-recalc-dims=\"1\" \/><\/a> <a href=\"https:\/\/i0.wp.com\/genevieveetbernardauxameriques.fr\/wp-content\/uploads\/2017\/04\/P1070966.jpg?ssl=1\"><img loading=\"lazy\" decoding=\"async\" data-attachment-id=\"18033\" data-permalink=\"https:\/\/genevieveetbernardauxameriques.fr\/index.php\/2017\/04\/18\/colombie-3eme-article-de-medellin-a-bogota\/p1070966\/\" data-orig-file=\"https:\/\/i0.wp.com\/genevieveetbernardauxameriques.fr\/wp-content\/uploads\/2017\/04\/P1070966.jpg?fit=720%2C540&amp;ssl=1\" data-orig-size=\"720,540\" data-comments-opened=\"1\" data-image-meta=\"{&quot;aperture&quot;:&quot;5.6&quot;,&quot;credit&quot;:&quot;&quot;,&quot;camera&quot;:&quot;DMC-TZ55&quot;,&quot;caption&quot;:&quot;&quot;,&quot;created_timestamp&quot;:&quot;1491763884&quot;,&quot;copyright&quot;:&quot;&quot;,&quot;focal_length&quot;:&quot;11&quot;,&quot;iso&quot;:&quot;100&quot;,&quot;shutter_speed&quot;:&quot;0.00625&quot;,&quot;title&quot;:&quot;&quot;,&quot;orientation&quot;:&quot;1&quot;}\" data-image-title=\"P1070966\" data-image-description=\"\" data-image-caption=\"\" data-medium-file=\"https:\/\/i0.wp.com\/genevieveetbernardauxameriques.fr\/wp-content\/uploads\/2017\/04\/P1070966.jpg?fit=300%2C225&amp;ssl=1\" data-large-file=\"https:\/\/i0.wp.com\/genevieveetbernardauxameriques.fr\/wp-content\/uploads\/2017\/04\/P1070966.jpg?fit=640%2C480&amp;ssl=1\" class=\"alignnone size-full wp-image-18033\" src=\"https:\/\/i0.wp.com\/genevieveetbernardauxameriques.fr\/wp-content\/uploads\/2017\/04\/P1070966.jpg?resize=640%2C480&#038;ssl=1\" alt=\"\" width=\"640\" height=\"480\" srcset=\"https:\/\/i0.wp.com\/genevieveetbernardauxameriques.fr\/wp-content\/uploads\/2017\/04\/P1070966.jpg?w=720&amp;ssl=1 720w, https:\/\/i0.wp.com\/genevieveetbernardauxameriques.fr\/wp-content\/uploads\/2017\/04\/P1070966.jpg?resize=300%2C225&amp;ssl=1 300w\" sizes=\"(max-width: 640px) 100vw, 640px\" data-recalc-dims=\"1\" \/><\/a><a href=\"https:\/\/i0.wp.com\/genevieveetbernardauxameriques.fr\/wp-content\/uploads\/2017\/04\/P1070967.jpg?ssl=1\"><img loading=\"lazy\" decoding=\"async\" data-attachment-id=\"18034\" data-permalink=\"https:\/\/genevieveetbernardauxameriques.fr\/index.php\/2017\/04\/18\/colombie-3eme-article-de-medellin-a-bogota\/p1070967\/\" data-orig-file=\"https:\/\/i0.wp.com\/genevieveetbernardauxameriques.fr\/wp-content\/uploads\/2017\/04\/P1070967.jpg?fit=720%2C540&amp;ssl=1\" data-orig-size=\"720,540\" data-comments-opened=\"1\" data-image-meta=\"{&quot;aperture&quot;:&quot;5&quot;,&quot;credit&quot;:&quot;&quot;,&quot;camera&quot;:&quot;DMC-TZ55&quot;,&quot;caption&quot;:&quot;&quot;,&quot;created_timestamp&quot;:&quot;1491763906&quot;,&quot;copyright&quot;:&quot;&quot;,&quot;focal_length&quot;:&quot;6.1&quot;,&quot;iso&quot;:&quot;100&quot;,&quot;shutter_speed&quot;:&quot;0.0025&quot;,&quot;title&quot;:&quot;&quot;,&quot;orientation&quot;:&quot;1&quot;}\" data-image-title=\"P1070967\" data-image-description=\"\" data-image-caption=\"\" data-medium-file=\"https:\/\/i0.wp.com\/genevieveetbernardauxameriques.fr\/wp-content\/uploads\/2017\/04\/P1070967.jpg?fit=300%2C225&amp;ssl=1\" data-large-file=\"https:\/\/i0.wp.com\/genevieveetbernardauxameriques.fr\/wp-content\/uploads\/2017\/04\/P1070967.jpg?fit=640%2C480&amp;ssl=1\" class=\"alignnone size-full wp-image-18034\" src=\"https:\/\/i0.wp.com\/genevieveetbernardauxameriques.fr\/wp-content\/uploads\/2017\/04\/P1070967.jpg?resize=640%2C480&#038;ssl=1\" alt=\"\" width=\"640\" height=\"480\" srcset=\"https:\/\/i0.wp.com\/genevieveetbernardauxameriques.fr\/wp-content\/uploads\/2017\/04\/P1070967.jpg?w=720&amp;ssl=1 720w, https:\/\/i0.wp.com\/genevieveetbernardauxameriques.fr\/wp-content\/uploads\/2017\/04\/P1070967.jpg?resize=300%2C225&amp;ssl=1 300w\" sizes=\"(max-width: 640px) 100vw, 640px\" data-recalc-dims=\"1\" \/><\/a> <a href=\"https:\/\/i0.wp.com\/genevieveetbernardauxameriques.fr\/wp-content\/uploads\/2017\/04\/P1070969.jpg?ssl=1\"><img loading=\"lazy\" decoding=\"async\" data-attachment-id=\"18035\" data-permalink=\"https:\/\/genevieveetbernardauxameriques.fr\/index.php\/2017\/04\/18\/colombie-3eme-article-de-medellin-a-bogota\/p1070969\/\" data-orig-file=\"https:\/\/i0.wp.com\/genevieveetbernardauxameriques.fr\/wp-content\/uploads\/2017\/04\/P1070969.jpg?fit=720%2C540&amp;ssl=1\" data-orig-size=\"720,540\" data-comments-opened=\"1\" data-image-meta=\"{&quot;aperture&quot;:&quot;5&quot;,&quot;credit&quot;:&quot;&quot;,&quot;camera&quot;:&quot;DMC-TZ55&quot;,&quot;caption&quot;:&quot;&quot;,&quot;created_timestamp&quot;:&quot;1491763922&quot;,&quot;copyright&quot;:&quot;&quot;,&quot;focal_length&quot;:&quot;6.1&quot;,&quot;iso&quot;:&quot;100&quot;,&quot;shutter_speed&quot;:&quot;0.0025&quot;,&quot;title&quot;:&quot;&quot;,&quot;orientation&quot;:&quot;1&quot;}\" data-image-title=\"P1070969\" data-image-description=\"\" data-image-caption=\"\" data-medium-file=\"https:\/\/i0.wp.com\/genevieveetbernardauxameriques.fr\/wp-content\/uploads\/2017\/04\/P1070969.jpg?fit=300%2C225&amp;ssl=1\" data-large-file=\"https:\/\/i0.wp.com\/genevieveetbernardauxameriques.fr\/wp-content\/uploads\/2017\/04\/P1070969.jpg?fit=640%2C480&amp;ssl=1\" class=\"alignnone size-full wp-image-18035\" src=\"https:\/\/i0.wp.com\/genevieveetbernardauxameriques.fr\/wp-content\/uploads\/2017\/04\/P1070969.jpg?resize=640%2C480&#038;ssl=1\" alt=\"\" width=\"640\" height=\"480\" srcset=\"https:\/\/i0.wp.com\/genevieveetbernardauxameriques.fr\/wp-content\/uploads\/2017\/04\/P1070969.jpg?w=720&amp;ssl=1 720w, https:\/\/i0.wp.com\/genevieveetbernardauxameriques.fr\/wp-content\/uploads\/2017\/04\/P1070969.jpg?resize=300%2C225&amp;ssl=1 300w\" sizes=\"(max-width: 640px) 100vw, 640px\" data-recalc-dims=\"1\" \/><\/a> <a href=\"https:\/\/i0.wp.com\/genevieveetbernardauxameriques.fr\/wp-content\/uploads\/2017\/04\/P1070970.jpg?ssl=1\"><img loading=\"lazy\" decoding=\"async\" data-attachment-id=\"18036\" data-permalink=\"https:\/\/genevieveetbernardauxameriques.fr\/index.php\/2017\/04\/18\/colombie-3eme-article-de-medellin-a-bogota\/p1070970\/\" data-orig-file=\"https:\/\/i0.wp.com\/genevieveetbernardauxameriques.fr\/wp-content\/uploads\/2017\/04\/P1070970.jpg?fit=720%2C540&amp;ssl=1\" data-orig-size=\"720,540\" data-comments-opened=\"1\" data-image-meta=\"{&quot;aperture&quot;:&quot;5&quot;,&quot;credit&quot;:&quot;&quot;,&quot;camera&quot;:&quot;DMC-TZ55&quot;,&quot;caption&quot;:&quot;&quot;,&quot;created_timestamp&quot;:&quot;1491763930&quot;,&quot;copyright&quot;:&quot;&quot;,&quot;focal_length&quot;:&quot;6.1&quot;,&quot;iso&quot;:&quot;100&quot;,&quot;shutter_speed&quot;:&quot;0.0015625&quot;,&quot;title&quot;:&quot;&quot;,&quot;orientation&quot;:&quot;1&quot;}\" data-image-title=\"P1070970\" data-image-description=\"\" data-image-caption=\"\" data-medium-file=\"https:\/\/i0.wp.com\/genevieveetbernardauxameriques.fr\/wp-content\/uploads\/2017\/04\/P1070970.jpg?fit=300%2C225&amp;ssl=1\" data-large-file=\"https:\/\/i0.wp.com\/genevieveetbernardauxameriques.fr\/wp-content\/uploads\/2017\/04\/P1070970.jpg?fit=640%2C480&amp;ssl=1\" class=\"alignnone size-full wp-image-18036\" src=\"https:\/\/i0.wp.com\/genevieveetbernardauxameriques.fr\/wp-content\/uploads\/2017\/04\/P1070970.jpg?resize=640%2C480&#038;ssl=1\" alt=\"\" width=\"640\" height=\"480\" srcset=\"https:\/\/i0.wp.com\/genevieveetbernardauxameriques.fr\/wp-content\/uploads\/2017\/04\/P1070970.jpg?w=720&amp;ssl=1 720w, https:\/\/i0.wp.com\/genevieveetbernardauxameriques.fr\/wp-content\/uploads\/2017\/04\/P1070970.jpg?resize=300%2C225&amp;ssl=1 300w\" sizes=\"(max-width: 640px) 100vw, 640px\" data-recalc-dims=\"1\" \/><\/a><\/p>\n<p>Les rameaux sont assez impressionnants.<\/p>\n<p><a href=\"https:\/\/i0.wp.com\/genevieveetbernardauxameriques.fr\/wp-content\/uploads\/2017\/04\/P1070971.jpg?ssl=1\"><img loading=\"lazy\" decoding=\"async\" data-attachment-id=\"18037\" data-permalink=\"https:\/\/genevieveetbernardauxameriques.fr\/index.php\/2017\/04\/18\/colombie-3eme-article-de-medellin-a-bogota\/p1070971\/\" data-orig-file=\"https:\/\/i0.wp.com\/genevieveetbernardauxameriques.fr\/wp-content\/uploads\/2017\/04\/P1070971.jpg?fit=720%2C540&amp;ssl=1\" data-orig-size=\"720,540\" data-comments-opened=\"1\" data-image-meta=\"{&quot;aperture&quot;:&quot;5&quot;,&quot;credit&quot;:&quot;&quot;,&quot;camera&quot;:&quot;DMC-TZ55&quot;,&quot;caption&quot;:&quot;&quot;,&quot;created_timestamp&quot;:&quot;1491763952&quot;,&quot;copyright&quot;:&quot;&quot;,&quot;focal_length&quot;:&quot;6.1&quot;,&quot;iso&quot;:&quot;100&quot;,&quot;shutter_speed&quot;:&quot;0.00625&quot;,&quot;title&quot;:&quot;&quot;,&quot;orientation&quot;:&quot;1&quot;}\" data-image-title=\"P1070971\" data-image-description=\"\" data-image-caption=\"\" data-medium-file=\"https:\/\/i0.wp.com\/genevieveetbernardauxameriques.fr\/wp-content\/uploads\/2017\/04\/P1070971.jpg?fit=300%2C225&amp;ssl=1\" data-large-file=\"https:\/\/i0.wp.com\/genevieveetbernardauxameriques.fr\/wp-content\/uploads\/2017\/04\/P1070971.jpg?fit=640%2C480&amp;ssl=1\" class=\"alignnone size-full wp-image-18037\" src=\"https:\/\/i0.wp.com\/genevieveetbernardauxameriques.fr\/wp-content\/uploads\/2017\/04\/P1070971.jpg?resize=640%2C480&#038;ssl=1\" alt=\"\" width=\"640\" height=\"480\" srcset=\"https:\/\/i0.wp.com\/genevieveetbernardauxameriques.fr\/wp-content\/uploads\/2017\/04\/P1070971.jpg?w=720&amp;ssl=1 720w, https:\/\/i0.wp.com\/genevieveetbernardauxameriques.fr\/wp-content\/uploads\/2017\/04\/P1070971.jpg?resize=300%2C225&amp;ssl=1 300w\" sizes=\"(max-width: 640px) 100vw, 640px\" data-recalc-dims=\"1\" \/><\/a><\/p>\n<p class=\"separator\">L&rsquo;\u00e9glise est pleine, nous aurons le temps de retourner manger au camper avant que la ne messe\u00a0finisse<a href=\"https:\/\/i0.wp.com\/genevieveetbernardauxameriques.fr\/wp-content\/uploads\/2017\/04\/P1070975.jpg?ssl=1\"><img loading=\"lazy\" decoding=\"async\" data-attachment-id=\"18038\" data-permalink=\"https:\/\/genevieveetbernardauxameriques.fr\/index.php\/2017\/04\/18\/colombie-3eme-article-de-medellin-a-bogota\/p1070975\/\" data-orig-file=\"https:\/\/i0.wp.com\/genevieveetbernardauxameriques.fr\/wp-content\/uploads\/2017\/04\/P1070975.jpg?fit=720%2C540&amp;ssl=1\" data-orig-size=\"720,540\" data-comments-opened=\"1\" data-image-meta=\"{&quot;aperture&quot;:&quot;5&quot;,&quot;credit&quot;:&quot;&quot;,&quot;camera&quot;:&quot;DMC-TZ55&quot;,&quot;caption&quot;:&quot;&quot;,&quot;created_timestamp&quot;:&quot;1491764163&quot;,&quot;copyright&quot;:&quot;&quot;,&quot;focal_length&quot;:&quot;7.9&quot;,&quot;iso&quot;:&quot;100&quot;,&quot;shutter_speed&quot;:&quot;0.0025&quot;,&quot;title&quot;:&quot;&quot;,&quot;orientation&quot;:&quot;1&quot;}\" data-image-title=\"P1070975\" data-image-description=\"\" data-image-caption=\"\" data-medium-file=\"https:\/\/i0.wp.com\/genevieveetbernardauxameriques.fr\/wp-content\/uploads\/2017\/04\/P1070975.jpg?fit=300%2C225&amp;ssl=1\" data-large-file=\"https:\/\/i0.wp.com\/genevieveetbernardauxameriques.fr\/wp-content\/uploads\/2017\/04\/P1070975.jpg?fit=640%2C480&amp;ssl=1\" class=\"alignnone size-full wp-image-18038\" src=\"https:\/\/i0.wp.com\/genevieveetbernardauxameriques.fr\/wp-content\/uploads\/2017\/04\/P1070975.jpg?resize=640%2C480&#038;ssl=1\" alt=\"\" width=\"640\" height=\"480\" srcset=\"https:\/\/i0.wp.com\/genevieveetbernardauxameriques.fr\/wp-content\/uploads\/2017\/04\/P1070975.jpg?w=720&amp;ssl=1 720w, https:\/\/i0.wp.com\/genevieveetbernardauxameriques.fr\/wp-content\/uploads\/2017\/04\/P1070975.jpg?resize=300%2C225&amp;ssl=1 300w\" sizes=\"(max-width: 640px) 100vw, 640px\" data-recalc-dims=\"1\" \/><\/a><img loading=\"lazy\" decoding=\"async\" data-attachment-id=\"18010\" data-permalink=\"https:\/\/genevieveetbernardauxameriques.fr\/index.php\/2017\/04\/18\/colombie-3eme-article-de-medellin-a-bogota\/img_20170409_120859\/\" data-orig-file=\"https:\/\/i0.wp.com\/genevieveetbernardauxameriques.fr\/wp-content\/uploads\/2017\/04\/IMG_20170409_120859.jpg?fit=720%2C540&amp;ssl=1\" data-orig-size=\"720,540\" data-comments-opened=\"1\" data-image-meta=\"{&quot;aperture&quot;:&quot;0&quot;,&quot;credit&quot;:&quot;&quot;,&quot;camera&quot;:&quot;Lenovo YT3-X50F&quot;,&quot;caption&quot;:&quot;&quot;,&quot;created_timestamp&quot;:&quot;1491739740&quot;,&quot;copyright&quot;:&quot;&quot;,&quot;focal_length&quot;:&quot;3.85&quot;,&quot;iso&quot;:&quot;100&quot;,&quot;shutter_speed&quot;:&quot;0.0011210762331839&quot;,&quot;title&quot;:&quot;&quot;,&quot;orientation&quot;:&quot;0&quot;}\" data-image-title=\"IMG_20170409_120859\" data-image-description=\"\" data-image-caption=\"\" data-medium-file=\"https:\/\/i0.wp.com\/genevieveetbernardauxameriques.fr\/wp-content\/uploads\/2017\/04\/IMG_20170409_120859.jpg?fit=300%2C225&amp;ssl=1\" data-large-file=\"https:\/\/i0.wp.com\/genevieveetbernardauxameriques.fr\/wp-content\/uploads\/2017\/04\/IMG_20170409_120859.jpg?fit=640%2C480&amp;ssl=1\" class=\"alignnone size-full wp-image-18010\" src=\"https:\/\/i0.wp.com\/genevieveetbernardauxameriques.fr\/wp-content\/uploads\/2017\/04\/IMG_20170409_120859.jpg?resize=640%2C480&#038;ssl=1\" alt=\"\" width=\"640\" height=\"480\" srcset=\"https:\/\/i0.wp.com\/genevieveetbernardauxameriques.fr\/wp-content\/uploads\/2017\/04\/IMG_20170409_120859.jpg?w=720&amp;ssl=1 720w, https:\/\/i0.wp.com\/genevieveetbernardauxameriques.fr\/wp-content\/uploads\/2017\/04\/IMG_20170409_120859.jpg?resize=300%2C225&amp;ssl=1 300w\" sizes=\"(max-width: 640px) 100vw, 640px\" data-recalc-dims=\"1\" \/><\/p>\n<p class=\"separator\">La sortie de la messe<\/p>\n<div class=\"separator\"><\/div>\n<div class=\"separator\"><img loading=\"lazy\" decoding=\"async\" data-attachment-id=\"18011\" data-permalink=\"https:\/\/genevieveetbernardauxameriques.fr\/index.php\/2017\/04\/18\/colombie-3eme-article-de-medellin-a-bogota\/img_20170409_132007\/\" data-orig-file=\"https:\/\/i0.wp.com\/genevieveetbernardauxameriques.fr\/wp-content\/uploads\/2017\/04\/IMG_20170409_132007.jpg?fit=720%2C540&amp;ssl=1\" data-orig-size=\"720,540\" data-comments-opened=\"1\" data-image-meta=\"{&quot;aperture&quot;:&quot;0&quot;,&quot;credit&quot;:&quot;&quot;,&quot;camera&quot;:&quot;Lenovo YT3-X50F&quot;,&quot;caption&quot;:&quot;&quot;,&quot;created_timestamp&quot;:&quot;1491744008&quot;,&quot;copyright&quot;:&quot;&quot;,&quot;focal_length&quot;:&quot;3.85&quot;,&quot;iso&quot;:&quot;100&quot;,&quot;shutter_speed&quot;:&quot;0.0021505376344086&quot;,&quot;title&quot;:&quot;&quot;,&quot;orientation&quot;:&quot;0&quot;}\" data-image-title=\"IMG_20170409_132007\" data-image-description=\"\" data-image-caption=\"\" data-medium-file=\"https:\/\/i0.wp.com\/genevieveetbernardauxameriques.fr\/wp-content\/uploads\/2017\/04\/IMG_20170409_132007.jpg?fit=300%2C225&amp;ssl=1\" data-large-file=\"https:\/\/i0.wp.com\/genevieveetbernardauxameriques.fr\/wp-content\/uploads\/2017\/04\/IMG_20170409_132007.jpg?fit=640%2C480&amp;ssl=1\" class=\"alignnone size-full wp-image-18011\" src=\"https:\/\/i0.wp.com\/genevieveetbernardauxameriques.fr\/wp-content\/uploads\/2017\/04\/IMG_20170409_132007.jpg?resize=640%2C480&#038;ssl=1\" alt=\"\" width=\"640\" height=\"480\" srcset=\"https:\/\/i0.wp.com\/genevieveetbernardauxameriques.fr\/wp-content\/uploads\/2017\/04\/IMG_20170409_132007.jpg?w=720&amp;ssl=1 720w, https:\/\/i0.wp.com\/genevieveetbernardauxameriques.fr\/wp-content\/uploads\/2017\/04\/IMG_20170409_132007.jpg?resize=300%2C225&amp;ssl=1 300w\" sizes=\"(max-width: 640px) 100vw, 640px\" data-recalc-dims=\"1\" \/><a href=\"https:\/\/i0.wp.com\/genevieveetbernardauxameriques.fr\/wp-content\/uploads\/2017\/04\/P1070978.jpg?ssl=1\"><img loading=\"lazy\" decoding=\"async\" data-attachment-id=\"18040\" data-permalink=\"https:\/\/genevieveetbernardauxameriques.fr\/index.php\/2017\/04\/18\/colombie-3eme-article-de-medellin-a-bogota\/p1070978\/\" data-orig-file=\"https:\/\/i0.wp.com\/genevieveetbernardauxameriques.fr\/wp-content\/uploads\/2017\/04\/P1070978.jpg?fit=720%2C540&amp;ssl=1\" data-orig-size=\"720,540\" data-comments-opened=\"1\" data-image-meta=\"{&quot;aperture&quot;:&quot;5.6&quot;,&quot;credit&quot;:&quot;&quot;,&quot;camera&quot;:&quot;DMC-TZ55&quot;,&quot;caption&quot;:&quot;&quot;,&quot;created_timestamp&quot;:&quot;1491769778&quot;,&quot;copyright&quot;:&quot;&quot;,&quot;focal_length&quot;:&quot;11.7&quot;,&quot;iso&quot;:&quot;250&quot;,&quot;shutter_speed&quot;:&quot;0.004&quot;,&quot;title&quot;:&quot;&quot;,&quot;orientation&quot;:&quot;1&quot;}\" data-image-title=\"P1070978\" data-image-description=\"\" data-image-caption=\"\" data-medium-file=\"https:\/\/i0.wp.com\/genevieveetbernardauxameriques.fr\/wp-content\/uploads\/2017\/04\/P1070978.jpg?fit=300%2C225&amp;ssl=1\" data-large-file=\"https:\/\/i0.wp.com\/genevieveetbernardauxameriques.fr\/wp-content\/uploads\/2017\/04\/P1070978.jpg?fit=640%2C480&amp;ssl=1\" class=\"alignnone size-full wp-image-18040\" src=\"https:\/\/i0.wp.com\/genevieveetbernardauxameriques.fr\/wp-content\/uploads\/2017\/04\/P1070978.jpg?resize=640%2C480&#038;ssl=1\" alt=\"\" width=\"640\" height=\"480\" srcset=\"https:\/\/i0.wp.com\/genevieveetbernardauxameriques.fr\/wp-content\/uploads\/2017\/04\/P1070978.jpg?w=720&amp;ssl=1 720w, https:\/\/i0.wp.com\/genevieveetbernardauxameriques.fr\/wp-content\/uploads\/2017\/04\/P1070978.jpg?resize=300%2C225&amp;ssl=1 300w\" sizes=\"(max-width: 640px) 100vw, 640px\" data-recalc-dims=\"1\" \/><\/a> <a href=\"https:\/\/i0.wp.com\/genevieveetbernardauxameriques.fr\/wp-content\/uploads\/2017\/04\/P1070979.jpg?ssl=1\"><img loading=\"lazy\" decoding=\"async\" data-attachment-id=\"18041\" data-permalink=\"https:\/\/genevieveetbernardauxameriques.fr\/index.php\/2017\/04\/18\/colombie-3eme-article-de-medellin-a-bogota\/p1070979\/\" data-orig-file=\"https:\/\/i0.wp.com\/genevieveetbernardauxameriques.fr\/wp-content\/uploads\/2017\/04\/P1070979.jpg?fit=720%2C540&amp;ssl=1\" data-orig-size=\"720,540\" data-comments-opened=\"1\" data-image-meta=\"{&quot;aperture&quot;:&quot;5.3&quot;,&quot;credit&quot;:&quot;&quot;,&quot;camera&quot;:&quot;DMC-TZ55&quot;,&quot;caption&quot;:&quot;&quot;,&quot;created_timestamp&quot;:&quot;1491769808&quot;,&quot;copyright&quot;:&quot;&quot;,&quot;focal_length&quot;:&quot;17.1&quot;,&quot;iso&quot;:&quot;100&quot;,&quot;shutter_speed&quot;:&quot;0.01&quot;,&quot;title&quot;:&quot;&quot;,&quot;orientation&quot;:&quot;1&quot;}\" data-image-title=\"P1070979\" data-image-description=\"\" data-image-caption=\"\" data-medium-file=\"https:\/\/i0.wp.com\/genevieveetbernardauxameriques.fr\/wp-content\/uploads\/2017\/04\/P1070979.jpg?fit=300%2C225&amp;ssl=1\" data-large-file=\"https:\/\/i0.wp.com\/genevieveetbernardauxameriques.fr\/wp-content\/uploads\/2017\/04\/P1070979.jpg?fit=640%2C480&amp;ssl=1\" class=\"alignnone size-full wp-image-18041\" src=\"https:\/\/i0.wp.com\/genevieveetbernardauxameriques.fr\/wp-content\/uploads\/2017\/04\/P1070979.jpg?resize=640%2C480&#038;ssl=1\" alt=\"\" width=\"640\" height=\"480\" srcset=\"https:\/\/i0.wp.com\/genevieveetbernardauxameriques.fr\/wp-content\/uploads\/2017\/04\/P1070979.jpg?w=720&amp;ssl=1 720w, https:\/\/i0.wp.com\/genevieveetbernardauxameriques.fr\/wp-content\/uploads\/2017\/04\/P1070979.jpg?resize=300%2C225&amp;ssl=1 300w\" sizes=\"(max-width: 640px) 100vw, 640px\" data-recalc-dims=\"1\" \/><\/a><\/div>\n<p class=\"separator\">Ce petit oiseau rouge est \u00e0 c\u00f4t\u00e9 de notre v\u00e9hicule<\/p>\n<div class=\"separator\"><a href=\"https:\/\/i0.wp.com\/genevieveetbernardauxameriques.fr\/wp-content\/uploads\/2017\/04\/P1070984.jpg?ssl=1\"><img loading=\"lazy\" decoding=\"async\" data-attachment-id=\"18042\" data-permalink=\"https:\/\/genevieveetbernardauxameriques.fr\/index.php\/2017\/04\/18\/colombie-3eme-article-de-medellin-a-bogota\/p1070984\/\" data-orig-file=\"https:\/\/i0.wp.com\/genevieveetbernardauxameriques.fr\/wp-content\/uploads\/2017\/04\/P1070984.jpg?fit=720%2C540&amp;ssl=1\" data-orig-size=\"720,540\" data-comments-opened=\"1\" data-image-meta=\"{&quot;aperture&quot;:&quot;6.4&quot;,&quot;credit&quot;:&quot;&quot;,&quot;camera&quot;:&quot;DMC-TZ55&quot;,&quot;caption&quot;:&quot;&quot;,&quot;created_timestamp&quot;:&quot;1491775716&quot;,&quot;copyright&quot;:&quot;&quot;,&quot;focal_length&quot;:&quot;86&quot;,&quot;iso&quot;:&quot;100&quot;,&quot;shutter_speed&quot;:&quot;0.0025&quot;,&quot;title&quot;:&quot;&quot;,&quot;orientation&quot;:&quot;1&quot;}\" data-image-title=\"P1070984\" data-image-description=\"\" data-image-caption=\"\" data-medium-file=\"https:\/\/i0.wp.com\/genevieveetbernardauxameriques.fr\/wp-content\/uploads\/2017\/04\/P1070984.jpg?fit=300%2C225&amp;ssl=1\" data-large-file=\"https:\/\/i0.wp.com\/genevieveetbernardauxameriques.fr\/wp-content\/uploads\/2017\/04\/P1070984.jpg?fit=640%2C480&amp;ssl=1\" class=\"alignnone size-full wp-image-18042\" src=\"https:\/\/i0.wp.com\/genevieveetbernardauxameriques.fr\/wp-content\/uploads\/2017\/04\/P1070984.jpg?resize=640%2C480&#038;ssl=1\" alt=\"\" width=\"640\" height=\"480\" srcset=\"https:\/\/i0.wp.com\/genevieveetbernardauxameriques.fr\/wp-content\/uploads\/2017\/04\/P1070984.jpg?w=720&amp;ssl=1 720w, https:\/\/i0.wp.com\/genevieveetbernardauxameriques.fr\/wp-content\/uploads\/2017\/04\/P1070984.jpg?resize=300%2C225&amp;ssl=1 300w\" sizes=\"(max-width: 640px) 100vw, 640px\" data-recalc-dims=\"1\" \/><\/a><\/div>\n<div class=\"separator\"><\/div>\n<p class=\"separator\">Le dimanche, il y a beaucoup d&rsquo;animations, les gens sortent, vont au caf\u00e9, au restaurant, boivent beaucoup de bi\u00e8res et\u00a0 tous les magasins sont ouverts.<\/p>\n<p class=\"separator\">\u00a0Nous nous prom\u00e8nons parmi eux. Le soir nos 2 gardiens nous invitent \u00e0 boire une bi\u00e8re, on ne sait pas \u00e0 combien ils en sont, mais vers 19 h ils sont compl\u00e8tement saouls et le plus jeune doit aller me rechercher mon linge en moto. Depuis 17 h, je lui demande et il n&rsquo;ira que 2 h plus tard. A peine parti, une pluie torrentielle se met \u00e0 tomber, nous voulions retourner manger une pizza, mais nous ne sortirons pas. Vers 20 h, c&rsquo;est calm\u00e9, je vais chercher mon linge, nous n&rsquo;avions pas vu qu&rsquo;il \u00e9tait rentr\u00e9. Tout est mouill\u00e9. Pour la 1\u00e8re fois, nous avions du linge repass\u00e9 mais\u00a0il faut tout remettre \u00e0 s\u00e9cher \u00e0 l&rsquo;int\u00e9rieur du camion.<\/p>\n<p class=\"separator\"><strong>LUNDI 10 AVRIL<\/strong><\/p>\n<p class=\"separator\">Nous sommes pr\u00eats \u00e0 partir, le carrossier \u00e0 c\u00f4t\u00e9 est arriv\u00e9. Nous nous demandons pourquoi nous n&rsquo;en profiterions pas pour faire 2 ou 3 retouches de carrosserie, du scotch cachait la mis\u00e8re. Nous sommes pas trop mal ici. Je vais m\u00eame en profiter pour faire un b\u0153uf bourguignon (une fois n&rsquo;est pas coutume, moi qui ne cuisine plus depuis 18 mois)<\/p>\n<p class=\"separator\">\u00a0Alors nous restons une journ\u00e9e de plus.<\/p>\n<p class=\"separator\">\u00a0<a href=\"https:\/\/i0.wp.com\/genevieveetbernardauxameriques.fr\/wp-content\/uploads\/2017\/04\/IMG_20170410_162426.jpg?ssl=1\"><img loading=\"lazy\" decoding=\"async\" data-attachment-id=\"18065\" data-permalink=\"https:\/\/genevieveetbernardauxameriques.fr\/index.php\/2017\/04\/18\/colombie-3eme-article-de-medellin-a-bogota\/img_20170410_162426\/\" data-orig-file=\"https:\/\/i0.wp.com\/genevieveetbernardauxameriques.fr\/wp-content\/uploads\/2017\/04\/IMG_20170410_162426.jpg?fit=2592%2C1944&amp;ssl=1\" data-orig-size=\"2592,1944\" data-comments-opened=\"1\" data-image-meta=\"{&quot;aperture&quot;:&quot;0&quot;,&quot;credit&quot;:&quot;&quot;,&quot;camera&quot;:&quot;Lenovo YT3-X50F&quot;,&quot;caption&quot;:&quot;&quot;,&quot;created_timestamp&quot;:&quot;1491841467&quot;,&quot;copyright&quot;:&quot;&quot;,&quot;focal_length&quot;:&quot;3.85&quot;,&quot;iso&quot;:&quot;100&quot;,&quot;shutter_speed&quot;:&quot;0.0032362459546926&quot;,&quot;title&quot;:&quot;&quot;,&quot;orientation&quot;:&quot;0&quot;}\" data-image-title=\"IMG_20170410_162426\" data-image-description=\"\" data-image-caption=\"\" data-medium-file=\"https:\/\/i0.wp.com\/genevieveetbernardauxameriques.fr\/wp-content\/uploads\/2017\/04\/IMG_20170410_162426.jpg?fit=300%2C225&amp;ssl=1\" data-large-file=\"https:\/\/i0.wp.com\/genevieveetbernardauxameriques.fr\/wp-content\/uploads\/2017\/04\/IMG_20170410_162426.jpg?fit=640%2C480&amp;ssl=1\" class=\"alignnone size-large wp-image-18065\" src=\"https:\/\/i0.wp.com\/genevieveetbernardauxameriques.fr\/wp-content\/uploads\/2017\/04\/IMG_20170410_162426.jpg?resize=640%2C480&#038;ssl=1\" alt=\"\" width=\"640\" height=\"480\" srcset=\"https:\/\/i0.wp.com\/genevieveetbernardauxameriques.fr\/wp-content\/uploads\/2017\/04\/IMG_20170410_162426.jpg?resize=1024%2C768&amp;ssl=1 1024w, https:\/\/i0.wp.com\/genevieveetbernardauxameriques.fr\/wp-content\/uploads\/2017\/04\/IMG_20170410_162426.jpg?resize=300%2C225&amp;ssl=1 300w, https:\/\/i0.wp.com\/genevieveetbernardauxameriques.fr\/wp-content\/uploads\/2017\/04\/IMG_20170410_162426.jpg?resize=768%2C576&amp;ssl=1 768w, https:\/\/i0.wp.com\/genevieveetbernardauxameriques.fr\/wp-content\/uploads\/2017\/04\/IMG_20170410_162426.jpg?w=1280&amp;ssl=1 1280w, https:\/\/i0.wp.com\/genevieveetbernardauxameriques.fr\/wp-content\/uploads\/2017\/04\/IMG_20170410_162426.jpg?w=1920&amp;ssl=1 1920w\" sizes=\"(max-width: 640px) 100vw, 640px\" data-recalc-dims=\"1\" \/><\/a> <a href=\"https:\/\/i0.wp.com\/genevieveetbernardauxameriques.fr\/wp-content\/uploads\/2017\/04\/IMG_20170410_162453.jpg?ssl=1\"><img loading=\"lazy\" decoding=\"async\" data-attachment-id=\"18067\" data-permalink=\"https:\/\/genevieveetbernardauxameriques.fr\/index.php\/2017\/04\/18\/colombie-3eme-article-de-medellin-a-bogota\/img_20170410_162453\/\" data-orig-file=\"https:\/\/i0.wp.com\/genevieveetbernardauxameriques.fr\/wp-content\/uploads\/2017\/04\/IMG_20170410_162453.jpg?fit=2592%2C1944&amp;ssl=1\" data-orig-size=\"2592,1944\" data-comments-opened=\"1\" data-image-meta=\"{&quot;aperture&quot;:&quot;0&quot;,&quot;credit&quot;:&quot;&quot;,&quot;camera&quot;:&quot;Lenovo YT3-X50F&quot;,&quot;caption&quot;:&quot;&quot;,&quot;created_timestamp&quot;:&quot;1491841494&quot;,&quot;copyright&quot;:&quot;&quot;,&quot;focal_length&quot;:&quot;3.85&quot;,&quot;iso&quot;:&quot;100&quot;,&quot;shutter_speed&quot;:&quot;0.0050505050505051&quot;,&quot;title&quot;:&quot;&quot;,&quot;orientation&quot;:&quot;0&quot;}\" data-image-title=\"IMG_20170410_162453\" data-image-description=\"\" data-image-caption=\"\" data-medium-file=\"https:\/\/i0.wp.com\/genevieveetbernardauxameriques.fr\/wp-content\/uploads\/2017\/04\/IMG_20170410_162453.jpg?fit=300%2C225&amp;ssl=1\" data-large-file=\"https:\/\/i0.wp.com\/genevieveetbernardauxameriques.fr\/wp-content\/uploads\/2017\/04\/IMG_20170410_162453.jpg?fit=640%2C480&amp;ssl=1\" class=\"alignnone size-large wp-image-18067\" src=\"https:\/\/i0.wp.com\/genevieveetbernardauxameriques.fr\/wp-content\/uploads\/2017\/04\/IMG_20170410_162453.jpg?resize=640%2C480&#038;ssl=1\" alt=\"\" width=\"640\" height=\"480\" srcset=\"https:\/\/i0.wp.com\/genevieveetbernardauxameriques.fr\/wp-content\/uploads\/2017\/04\/IMG_20170410_162453.jpg?resize=1024%2C768&amp;ssl=1 1024w, https:\/\/i0.wp.com\/genevieveetbernardauxameriques.fr\/wp-content\/uploads\/2017\/04\/IMG_20170410_162453.jpg?resize=300%2C225&amp;ssl=1 300w, https:\/\/i0.wp.com\/genevieveetbernardauxameriques.fr\/wp-content\/uploads\/2017\/04\/IMG_20170410_162453.jpg?resize=768%2C576&amp;ssl=1 768w, https:\/\/i0.wp.com\/genevieveetbernardauxameriques.fr\/wp-content\/uploads\/2017\/04\/IMG_20170410_162453.jpg?w=1280&amp;ssl=1 1280w, https:\/\/i0.wp.com\/genevieveetbernardauxameriques.fr\/wp-content\/uploads\/2017\/04\/IMG_20170410_162453.jpg?w=1920&amp;ssl=1 1920w\" sizes=\"(max-width: 640px) 100vw, 640px\" data-recalc-dims=\"1\" \/><\/a><\/p>\n<p class=\"separator\"><strong>\u00a0MARDI<\/strong><\/p>\n<p class=\"separator\">\u00a0Le travail de carrosserie \u00e9tant termin\u00e9, nous pouvons partir. Nous n&rsquo;avions pas demand\u00e9 \u00e0 nos gardiens combien co\u00fbtait le parking les prix \u00e9tant affich\u00e9s \u00e0 l&rsquo;ext\u00e9rieur en grand : 16.000 la journ\u00e9e et pour les camions 24.000 . Surprise : du samedi soir au mardi matin, \u00a0ils nous r\u00e9clament 210000 P (70 E) on est plus que surpris, ils baissent \u00e0 140.000. On cherche encore le calcul&#8230;. ils ont compt\u00e9 les nuits pour une journ\u00e9e et le samedi et le mardi journ\u00e9es compl\u00e8tes l&rsquo;ensemble \u00e0 20.000 P. On n&rsquo;indiquera pas ce lieu sur IOVERLANDER pour les autres voyageurs, nous n&rsquo;avions que l&rsquo;\u00e9lectricit\u00e9 et m\u00eame pas d&rsquo;eau en partant pour remplir le v\u00e9hicule. Dommage ils \u00e9taient super accueillants.<\/p>\n<p class=\"separator\">Nous arrivons \u00e0 <strong>BOGOTA<\/strong> une heure apr\u00e8s.<\/p>\n<p>Bogot\u00e1 a une mauvaise r\u00e9putation et est souvent per\u00e7ue comme chaotique, pollu\u00e9e et dangereuse mais son d\u00e9veloppement urbain est incroyablement diversifi\u00e9 et elle a beaucoup \u00e0 offrir en terme culturel et historique.<\/p>\n<p class=\"separator\">On se gare \u00e0 l&rsquo;entr\u00e9e de la ville au PORTAL 80, sur un parking ferm\u00e9 pr\u00e8s d&rsquo;une grande surface et surtout au terminal d&rsquo;une ligne de bus. Nous allons enfin nous lancer et prendre les transports en communs. Je pense que ce n&rsquo;est pas ici qu&rsquo;il fallait commencer car m\u00eame les habitants s&rsquo;y perdent un peu d\u00e8s qu&rsquo;il faut faire un changement.<\/p>\n<div class=\"separator\">\n<p>A Bogota il n&rsquo;y a pas de m\u00e9tro, mais un syst\u00e8me novateur (comme \u00e0 Curitiba au Br\u00e9sil\u00a0j&rsquo;en avais parl\u00e9 dans mon article au Br\u00e9sil), qui a r\u00e9volutionn\u00e9 les transports publics de la capitale. Il s&rsquo;agit du TransMilenio qui est un r\u00e9seau de bus rapides, le plus d\u00e9velopp\u00e9 du monde \u00e0 ce jour. Il fonctionne comme un m\u00e9tro. Les bus empruntent des voies r\u00e9serv\u00e9es souvent au milieu de la chauss\u00e9e. Ils transportent plus de 2,5 millions de personnes par jour pour 0.70 cts d&rsquo;euros et\u00a0ont une capacit\u00e9 de 160 passagers.<\/p>\n<p>A sa cr\u00e9ation en d\u00e9cembre 2000 il y avait 41 km de lignes, en 2005 : 112 km\u00a0et il est pr\u00e9vu d&rsquo;atteindre les 388 kilom\u00e8tres de lignes en 2031.<\/p>\n<p>Les stations sont sur\u00e9lev\u00e9es \u00e0 hauteur du plancher du bus, ce qui permet aux utilisateurs de monter \u00e0 bord sans effort. Lors de l&rsquo;arriv\u00e9e du bus, ses portes et celles de la station s&rsquo;ouvrent simultan\u00e9ment. Les stations sont souvent rejointes par des passerelles a\u00e9riennes ou parfois souterraines exactement comme les couloirs de m\u00e9tro \u00e0 PARIS.<\/p>\n<p>A chacun de nos voyages, il y a toujours une personne qui a voulu nous aider et nous a emmen\u00e9 jusqu&rsquo;\u00e0 la porte o\u00f9 nous devions aller. A l&rsquo;int\u00e9rieur il nous suffisait de demander \u00e0 quelqu&rsquo;un de nous indiquer o\u00f9 nous devions descendre.<\/p>\n<p>Nous concentrons notre visite \u00e0 la zone centrale qui a suffisamment d\u2019attractions pour nous occuper. De plus, nous constatons rapidement que les d\u00e9placements entre les diff\u00e9rentes zones sont relativement p\u00e9nibles et un peu difficiles.<\/p>\n<p>Nous partons pour faire la visite du Mus\u00e9e de l&rsquo;or, pas difficile nous sommes au terminus de la ligne et pour aller au centre historique il faut \u00a0aller \u00e0 l&rsquo;autre terminus, pr\u00e8s de 45 mn de voyage, et 5 mn \u00e0 pied pour arriver au Mus\u00e9e.<\/p>\n<p>La collection du Mus\u00e9e de l\u2019or de la Banque de la R\u00e9publique a \u00e9t\u00e9 d\u00e9clar\u00e9e monument national et elle est consid\u00e9r\u00e9e comme la plus importante de son genre au niveau mondial.<\/p>\n<p>Le mus\u00e9e rassemble pr\u00e8s de 55 000 pi\u00e8ces d\u2019or et 20 000 pi\u00e8ces de pierre, des objets en c\u00e9ramique, des textiles et des pierres pr\u00e9cieuses de\u00a0fabrication indig\u00e8ne et pr\u00e9colombienne.<\/p>\n<p>En Colombie, le patrimoine arch\u00e9ologique regroupe tous les vestiges des gens qui ont v\u00e9cu dans le pass\u00e9. L&rsquo;or \u00e9tait seulement une mati\u00e8re d\u00e9corative et la propri\u00e9t\u00e9 des dieux, sans aucune valeur mon\u00e9taire.<\/p>\n<p>Autant de pi\u00e8ces rares qui constituent un pr\u00e9cieux t\u00e9moignage des talents en orf\u00e8vrerie des civilisations pr\u00e9hispaniques. Platine travaill\u00e9 par les indiens Calimas dans la r\u00e9gion de Tumaco, argent cisel\u00e9 par les indiens Pastos de la r\u00e9gion de Nari\u00f1o, cuivre m\u00e9tamorphos\u00e9, filigrane, technique de la cire perdue, soudure par granulation \u2026 Les diff\u00e9rents objets pr\u00e9sent\u00e9s r\u00e9v\u00e8lent \u00e0 quel point les peuples indig\u00e8nes avaient une ma\u00eetrise exceptionnelle de la m\u00e9tallurgie, 1500 ans avant l\u2019arriv\u00e9e des conquistadors.<\/p>\n<p>Dans les ann\u00e9es 1930, la Banque de la R\u00e9publique a manifest\u00e9 son engagement \u00e0 pr\u00e9server le patrimoine arch\u00e9ologique du pays : en 1936, elle acquiert une pi\u00e8ce extraordinaire\u00a0: le Poporo Quimbaya, un inestimable vase en or datant de l\u2019an 300 av. J.-C., qui servait vraisemblablement pour les divers rites religieux des peuples Quimbayas (on y broyait de la chaux m\u00e9lang\u00e9e \u00e0 des feuilles de coca), qui vivaient dans la vall\u00e9e du fleuve Cauca. Elle s\u2019est refus\u00e9e de la fondre. Dans les\u00a0\u00a0ann\u00e9es suivantes, la Banque a achet\u00e9 d\u2019autres objets qui ont \u00e9t\u00e9 conserv\u00e9s dans un coffre-fort \u00e0 Bogot\u00e1 et en 1939 le Mus\u00e9e a \u00e9t\u00e9 cr\u00e9\u00e9.<\/p>\n<div class=\"SandboxRoot env-bp-350\" data-twitter-event-id=\"2\"><img loading=\"lazy\" decoding=\"async\" data-attachment-id=\"18094\" data-permalink=\"https:\/\/genevieveetbernardauxameriques.fr\/index.php\/2017\/04\/18\/colombie-3eme-article-de-medellin-a-bogota\/p1070993\/\" data-orig-file=\"https:\/\/i0.wp.com\/genevieveetbernardauxameriques.fr\/wp-content\/uploads\/2017\/04\/P1070993-e1492135794934.jpg?fit=350%2C422&amp;ssl=1\" data-orig-size=\"350,422\" data-comments-opened=\"1\" data-image-meta=\"{&quot;aperture&quot;:&quot;3.3&quot;,&quot;credit&quot;:&quot;&quot;,&quot;camera&quot;:&quot;DMC-TZ55&quot;,&quot;caption&quot;:&quot;&quot;,&quot;created_timestamp&quot;:&quot;1491945402&quot;,&quot;copyright&quot;:&quot;&quot;,&quot;focal_length&quot;:&quot;4.3&quot;,&quot;iso&quot;:&quot;1600&quot;,&quot;shutter_speed&quot;:&quot;0.004&quot;,&quot;title&quot;:&quot;&quot;,&quot;orientation&quot;:&quot;1&quot;}\" data-image-title=\"P1070993\" data-image-description=\"\" data-image-caption=\"\" data-medium-file=\"https:\/\/i0.wp.com\/genevieveetbernardauxameriques.fr\/wp-content\/uploads\/2017\/04\/P1070993-e1492135794934.jpg?fit=249%2C300&amp;ssl=1\" data-large-file=\"https:\/\/i0.wp.com\/genevieveetbernardauxameriques.fr\/wp-content\/uploads\/2017\/04\/P1070993-e1492135794934.jpg?fit=350%2C422&amp;ssl=1\" class=\"size-full wp-image-18094 aligncenter\" src=\"https:\/\/i0.wp.com\/genevieveetbernardauxameriques.fr\/wp-content\/uploads\/2017\/04\/P1070993-e1492135794934.jpg?resize=350%2C422&#038;ssl=1\" alt=\"\" width=\"350\" height=\"422\" srcset=\"https:\/\/i0.wp.com\/genevieveetbernardauxameriques.fr\/wp-content\/uploads\/2017\/04\/P1070993-e1492135794934.jpg?w=350&amp;ssl=1 350w, https:\/\/i0.wp.com\/genevieveetbernardauxameriques.fr\/wp-content\/uploads\/2017\/04\/P1070993-e1492135794934.jpg?resize=249%2C300&amp;ssl=1 249w\" sizes=\"(max-width: 350px) 100vw, 350px\" data-recalc-dims=\"1\" \/><\/div>\n<p><a href=\"https:\/\/i0.wp.com\/genevieveetbernardauxameriques.fr\/wp-content\/uploads\/2017\/04\/P1070994.jpg?ssl=1\"><img loading=\"lazy\" decoding=\"async\" data-attachment-id=\"18095\" data-permalink=\"https:\/\/genevieveetbernardauxameriques.fr\/index.php\/2017\/04\/18\/colombie-3eme-article-de-medellin-a-bogota\/p1070994\/\" data-orig-file=\"https:\/\/i0.wp.com\/genevieveetbernardauxameriques.fr\/wp-content\/uploads\/2017\/04\/P1070994.jpg?fit=720%2C540&amp;ssl=1\" data-orig-size=\"720,540\" data-comments-opened=\"1\" data-image-meta=\"{&quot;aperture&quot;:&quot;4.7&quot;,&quot;credit&quot;:&quot;&quot;,&quot;camera&quot;:&quot;DMC-TZ55&quot;,&quot;caption&quot;:&quot;&quot;,&quot;created_timestamp&quot;:&quot;1491945416&quot;,&quot;copyright&quot;:&quot;&quot;,&quot;focal_length&quot;:&quot;10.3&quot;,&quot;iso&quot;:&quot;1000&quot;,&quot;shutter_speed&quot;:&quot;0.0125&quot;,&quot;title&quot;:&quot;&quot;,&quot;orientation&quot;:&quot;1&quot;}\" data-image-title=\"P1070994\" data-image-description=\"\" data-image-caption=\"\" data-medium-file=\"https:\/\/i0.wp.com\/genevieveetbernardauxameriques.fr\/wp-content\/uploads\/2017\/04\/P1070994.jpg?fit=300%2C225&amp;ssl=1\" data-large-file=\"https:\/\/i0.wp.com\/genevieveetbernardauxameriques.fr\/wp-content\/uploads\/2017\/04\/P1070994.jpg?fit=640%2C480&amp;ssl=1\" class=\"alignnone size-full wp-image-18095\" src=\"https:\/\/i0.wp.com\/genevieveetbernardauxameriques.fr\/wp-content\/uploads\/2017\/04\/P1070994.jpg?resize=640%2C480&#038;ssl=1\" alt=\"\" width=\"640\" height=\"480\" srcset=\"https:\/\/i0.wp.com\/genevieveetbernardauxameriques.fr\/wp-content\/uploads\/2017\/04\/P1070994.jpg?w=720&amp;ssl=1 720w, https:\/\/i0.wp.com\/genevieveetbernardauxameriques.fr\/wp-content\/uploads\/2017\/04\/P1070994.jpg?resize=300%2C225&amp;ssl=1 300w\" sizes=\"(max-width: 640px) 100vw, 640px\" data-recalc-dims=\"1\" \/><\/a> <a href=\"https:\/\/i0.wp.com\/genevieveetbernardauxameriques.fr\/wp-content\/uploads\/2017\/04\/P1070995.jpg?ssl=1\"><img loading=\"lazy\" decoding=\"async\" data-attachment-id=\"18096\" data-permalink=\"https:\/\/genevieveetbernardauxameriques.fr\/index.php\/2017\/04\/18\/colombie-3eme-article-de-medellin-a-bogota\/p1070995\/\" data-orig-file=\"https:\/\/i0.wp.com\/genevieveetbernardauxameriques.fr\/wp-content\/uploads\/2017\/04\/P1070995.jpg?fit=720%2C540&amp;ssl=1\" data-orig-size=\"720,540\" data-comments-opened=\"1\" data-image-meta=\"{&quot;aperture&quot;:&quot;3.9&quot;,&quot;credit&quot;:&quot;&quot;,&quot;camera&quot;:&quot;DMC-TZ55&quot;,&quot;caption&quot;:&quot;&quot;,&quot;created_timestamp&quot;:&quot;1491945446&quot;,&quot;copyright&quot;:&quot;&quot;,&quot;focal_length&quot;:&quot;6.9&quot;,&quot;iso&quot;:&quot;320&quot;,&quot;shutter_speed&quot;:&quot;0.016666666666667&quot;,&quot;title&quot;:&quot;&quot;,&quot;orientation&quot;:&quot;1&quot;}\" data-image-title=\"P1070995\" data-image-description=\"\" data-image-caption=\"\" data-medium-file=\"https:\/\/i0.wp.com\/genevieveetbernardauxameriques.fr\/wp-content\/uploads\/2017\/04\/P1070995.jpg?fit=300%2C225&amp;ssl=1\" data-large-file=\"https:\/\/i0.wp.com\/genevieveetbernardauxameriques.fr\/wp-content\/uploads\/2017\/04\/P1070995.jpg?fit=640%2C480&amp;ssl=1\" class=\"alignnone size-full wp-image-18096\" src=\"https:\/\/i0.wp.com\/genevieveetbernardauxameriques.fr\/wp-content\/uploads\/2017\/04\/P1070995.jpg?resize=640%2C480&#038;ssl=1\" alt=\"\" width=\"640\" height=\"480\" srcset=\"https:\/\/i0.wp.com\/genevieveetbernardauxameriques.fr\/wp-content\/uploads\/2017\/04\/P1070995.jpg?w=720&amp;ssl=1 720w, https:\/\/i0.wp.com\/genevieveetbernardauxameriques.fr\/wp-content\/uploads\/2017\/04\/P1070995.jpg?resize=300%2C225&amp;ssl=1 300w\" sizes=\"(max-width: 640px) 100vw, 640px\" data-recalc-dims=\"1\" \/><\/a> <a href=\"https:\/\/i0.wp.com\/genevieveetbernardauxameriques.fr\/wp-content\/uploads\/2017\/04\/P1070997.jpg?ssl=1\"><img loading=\"lazy\" decoding=\"async\" data-attachment-id=\"18098\" data-permalink=\"https:\/\/genevieveetbernardauxameriques.fr\/index.php\/2017\/04\/18\/colombie-3eme-article-de-medellin-a-bogota\/p1070997\/\" data-orig-file=\"https:\/\/i0.wp.com\/genevieveetbernardauxameriques.fr\/wp-content\/uploads\/2017\/04\/P1070997.jpg?fit=720%2C540&amp;ssl=1\" data-orig-size=\"720,540\" data-comments-opened=\"1\" data-image-meta=\"{&quot;aperture&quot;:&quot;4.1&quot;,&quot;credit&quot;:&quot;&quot;,&quot;camera&quot;:&quot;DMC-TZ55&quot;,&quot;caption&quot;:&quot;&quot;,&quot;created_timestamp&quot;:&quot;1491945487&quot;,&quot;copyright&quot;:&quot;&quot;,&quot;focal_length&quot;:&quot;7.9&quot;,&quot;iso&quot;:&quot;400&quot;,&quot;shutter_speed&quot;:&quot;0.02&quot;,&quot;title&quot;:&quot;&quot;,&quot;orientation&quot;:&quot;1&quot;}\" data-image-title=\"P1070997\" data-image-description=\"\" data-image-caption=\"\" data-medium-file=\"https:\/\/i0.wp.com\/genevieveetbernardauxameriques.fr\/wp-content\/uploads\/2017\/04\/P1070997.jpg?fit=300%2C225&amp;ssl=1\" data-large-file=\"https:\/\/i0.wp.com\/genevieveetbernardauxameriques.fr\/wp-content\/uploads\/2017\/04\/P1070997.jpg?fit=640%2C480&amp;ssl=1\" class=\"alignnone size-full wp-image-18098\" src=\"https:\/\/i0.wp.com\/genevieveetbernardauxameriques.fr\/wp-content\/uploads\/2017\/04\/P1070997.jpg?resize=640%2C480&#038;ssl=1\" alt=\"\" width=\"640\" height=\"480\" srcset=\"https:\/\/i0.wp.com\/genevieveetbernardauxameriques.fr\/wp-content\/uploads\/2017\/04\/P1070997.jpg?w=720&amp;ssl=1 720w, https:\/\/i0.wp.com\/genevieveetbernardauxameriques.fr\/wp-content\/uploads\/2017\/04\/P1070997.jpg?resize=300%2C225&amp;ssl=1 300w\" sizes=\"(max-width: 640px) 100vw, 640px\" data-recalc-dims=\"1\" \/><\/a> <a href=\"https:\/\/i0.wp.com\/genevieveetbernardauxameriques.fr\/wp-content\/uploads\/2017\/04\/P1080002.jpg?ssl=1\"><img loading=\"lazy\" decoding=\"async\" data-attachment-id=\"18102\" data-permalink=\"https:\/\/genevieveetbernardauxameriques.fr\/index.php\/2017\/04\/18\/colombie-3eme-article-de-medellin-a-bogota\/p1080002\/\" data-orig-file=\"https:\/\/i0.wp.com\/genevieveetbernardauxameriques.fr\/wp-content\/uploads\/2017\/04\/P1080002.jpg?fit=720%2C540&amp;ssl=1\" data-orig-size=\"720,540\" data-comments-opened=\"1\" data-image-meta=\"{&quot;aperture&quot;:&quot;4.1&quot;,&quot;credit&quot;:&quot;&quot;,&quot;camera&quot;:&quot;DMC-TZ55&quot;,&quot;caption&quot;:&quot;&quot;,&quot;created_timestamp&quot;:&quot;1491945564&quot;,&quot;copyright&quot;:&quot;&quot;,&quot;focal_length&quot;:&quot;7.9&quot;,&quot;iso&quot;:&quot;320&quot;,&quot;shutter_speed&quot;:&quot;0.016666666666667&quot;,&quot;title&quot;:&quot;&quot;,&quot;orientation&quot;:&quot;1&quot;}\" data-image-title=\"P1080002\" data-image-description=\"\" data-image-caption=\"\" data-medium-file=\"https:\/\/i0.wp.com\/genevieveetbernardauxameriques.fr\/wp-content\/uploads\/2017\/04\/P1080002.jpg?fit=300%2C225&amp;ssl=1\" data-large-file=\"https:\/\/i0.wp.com\/genevieveetbernardauxameriques.fr\/wp-content\/uploads\/2017\/04\/P1080002.jpg?fit=640%2C480&amp;ssl=1\" class=\"alignnone size-full wp-image-18102\" src=\"https:\/\/i0.wp.com\/genevieveetbernardauxameriques.fr\/wp-content\/uploads\/2017\/04\/P1080002.jpg?resize=640%2C480&#038;ssl=1\" alt=\"\" width=\"640\" height=\"480\" srcset=\"https:\/\/i0.wp.com\/genevieveetbernardauxameriques.fr\/wp-content\/uploads\/2017\/04\/P1080002.jpg?w=720&amp;ssl=1 720w, https:\/\/i0.wp.com\/genevieveetbernardauxameriques.fr\/wp-content\/uploads\/2017\/04\/P1080002.jpg?resize=300%2C225&amp;ssl=1 300w\" sizes=\"(max-width: 640px) 100vw, 640px\" data-recalc-dims=\"1\" \/><\/a> <a href=\"https:\/\/i0.wp.com\/genevieveetbernardauxameriques.fr\/wp-content\/uploads\/2017\/04\/P1080001.jpg?ssl=1\"><img loading=\"lazy\" decoding=\"async\" data-attachment-id=\"18101\" data-permalink=\"https:\/\/genevieveetbernardauxameriques.fr\/index.php\/2017\/04\/18\/colombie-3eme-article-de-medellin-a-bogota\/p1080001\/\" data-orig-file=\"https:\/\/i0.wp.com\/genevieveetbernardauxameriques.fr\/wp-content\/uploads\/2017\/04\/P1080001.jpg?fit=720%2C540&amp;ssl=1\" data-orig-size=\"720,540\" data-comments-opened=\"1\" data-image-meta=\"{&quot;aperture&quot;:&quot;4.4&quot;,&quot;credit&quot;:&quot;&quot;,&quot;camera&quot;:&quot;DMC-TZ55&quot;,&quot;caption&quot;:&quot;&quot;,&quot;created_timestamp&quot;:&quot;1491945521&quot;,&quot;copyright&quot;:&quot;&quot;,&quot;focal_length&quot;:&quot;9&quot;,&quot;iso&quot;:&quot;400&quot;,&quot;shutter_speed&quot;:&quot;0.025&quot;,&quot;title&quot;:&quot;&quot;,&quot;orientation&quot;:&quot;1&quot;}\" data-image-title=\"P1080001\" data-image-description=\"\" data-image-caption=\"\" data-medium-file=\"https:\/\/i0.wp.com\/genevieveetbernardauxameriques.fr\/wp-content\/uploads\/2017\/04\/P1080001.jpg?fit=300%2C225&amp;ssl=1\" data-large-file=\"https:\/\/i0.wp.com\/genevieveetbernardauxameriques.fr\/wp-content\/uploads\/2017\/04\/P1080001.jpg?fit=640%2C480&amp;ssl=1\" class=\"alignnone size-full wp-image-18101\" src=\"https:\/\/i0.wp.com\/genevieveetbernardauxameriques.fr\/wp-content\/uploads\/2017\/04\/P1080001.jpg?resize=640%2C480&#038;ssl=1\" alt=\"\" width=\"640\" height=\"480\" srcset=\"https:\/\/i0.wp.com\/genevieveetbernardauxameriques.fr\/wp-content\/uploads\/2017\/04\/P1080001.jpg?w=720&amp;ssl=1 720w, https:\/\/i0.wp.com\/genevieveetbernardauxameriques.fr\/wp-content\/uploads\/2017\/04\/P1080001.jpg?resize=300%2C225&amp;ssl=1 300w\" sizes=\"(max-width: 640px) 100vw, 640px\" data-recalc-dims=\"1\" \/><\/a> <a href=\"https:\/\/i0.wp.com\/genevieveetbernardauxameriques.fr\/wp-content\/uploads\/2017\/04\/P1070999.jpg?ssl=1\"><img loading=\"lazy\" decoding=\"async\" data-attachment-id=\"18100\" data-permalink=\"https:\/\/genevieveetbernardauxameriques.fr\/index.php\/2017\/04\/18\/colombie-3eme-article-de-medellin-a-bogota\/p1070999\/\" data-orig-file=\"https:\/\/i0.wp.com\/genevieveetbernardauxameriques.fr\/wp-content\/uploads\/2017\/04\/P1070999.jpg?fit=720%2C540&amp;ssl=1\" data-orig-size=\"720,540\" data-comments-opened=\"1\" data-image-meta=\"{&quot;aperture&quot;:&quot;4.1&quot;,&quot;credit&quot;:&quot;&quot;,&quot;camera&quot;:&quot;DMC-TZ55&quot;,&quot;caption&quot;:&quot;&quot;,&quot;created_timestamp&quot;:&quot;1491945502&quot;,&quot;copyright&quot;:&quot;&quot;,&quot;focal_length&quot;:&quot;7.9&quot;,&quot;iso&quot;:&quot;1000&quot;,&quot;shutter_speed&quot;:&quot;0.008&quot;,&quot;title&quot;:&quot;&quot;,&quot;orientation&quot;:&quot;1&quot;}\" data-image-title=\"P1070999\" data-image-description=\"\" data-image-caption=\"\" data-medium-file=\"https:\/\/i0.wp.com\/genevieveetbernardauxameriques.fr\/wp-content\/uploads\/2017\/04\/P1070999.jpg?fit=300%2C225&amp;ssl=1\" data-large-file=\"https:\/\/i0.wp.com\/genevieveetbernardauxameriques.fr\/wp-content\/uploads\/2017\/04\/P1070999.jpg?fit=640%2C480&amp;ssl=1\" class=\"alignnone size-full wp-image-18100\" src=\"https:\/\/i0.wp.com\/genevieveetbernardauxameriques.fr\/wp-content\/uploads\/2017\/04\/P1070999.jpg?resize=640%2C480&#038;ssl=1\" alt=\"\" width=\"640\" height=\"480\" srcset=\"https:\/\/i0.wp.com\/genevieveetbernardauxameriques.fr\/wp-content\/uploads\/2017\/04\/P1070999.jpg?w=720&amp;ssl=1 720w, https:\/\/i0.wp.com\/genevieveetbernardauxameriques.fr\/wp-content\/uploads\/2017\/04\/P1070999.jpg?resize=300%2C225&amp;ssl=1 300w\" sizes=\"(max-width: 640px) 100vw, 640px\" data-recalc-dims=\"1\" \/><\/a> <a href=\"https:\/\/i0.wp.com\/genevieveetbernardauxameriques.fr\/wp-content\/uploads\/2017\/04\/P1070998.jpg?ssl=1\"><img loading=\"lazy\" decoding=\"async\" data-attachment-id=\"18099\" data-permalink=\"https:\/\/genevieveetbernardauxameriques.fr\/index.php\/2017\/04\/18\/colombie-3eme-article-de-medellin-a-bogota\/p1070998\/\" data-orig-file=\"https:\/\/i0.wp.com\/genevieveetbernardauxameriques.fr\/wp-content\/uploads\/2017\/04\/P1070998.jpg?fit=720%2C540&amp;ssl=1\" data-orig-size=\"720,540\" data-comments-opened=\"1\" data-image-meta=\"{&quot;aperture&quot;:&quot;4.1&quot;,&quot;credit&quot;:&quot;&quot;,&quot;camera&quot;:&quot;DMC-TZ55&quot;,&quot;caption&quot;:&quot;&quot;,&quot;created_timestamp&quot;:&quot;1491945496&quot;,&quot;copyright&quot;:&quot;&quot;,&quot;focal_length&quot;:&quot;7.9&quot;,&quot;iso&quot;:&quot;320&quot;,&quot;shutter_speed&quot;:&quot;0.016666666666667&quot;,&quot;title&quot;:&quot;&quot;,&quot;orientation&quot;:&quot;1&quot;}\" data-image-title=\"P1070998\" data-image-description=\"\" data-image-caption=\"\" data-medium-file=\"https:\/\/i0.wp.com\/genevieveetbernardauxameriques.fr\/wp-content\/uploads\/2017\/04\/P1070998.jpg?fit=300%2C225&amp;ssl=1\" data-large-file=\"https:\/\/i0.wp.com\/genevieveetbernardauxameriques.fr\/wp-content\/uploads\/2017\/04\/P1070998.jpg?fit=640%2C480&amp;ssl=1\" class=\"alignnone size-full wp-image-18099\" src=\"https:\/\/i0.wp.com\/genevieveetbernardauxameriques.fr\/wp-content\/uploads\/2017\/04\/P1070998.jpg?resize=640%2C480&#038;ssl=1\" alt=\"\" width=\"640\" height=\"480\" srcset=\"https:\/\/i0.wp.com\/genevieveetbernardauxameriques.fr\/wp-content\/uploads\/2017\/04\/P1070998.jpg?w=720&amp;ssl=1 720w, https:\/\/i0.wp.com\/genevieveetbernardauxameriques.fr\/wp-content\/uploads\/2017\/04\/P1070998.jpg?resize=300%2C225&amp;ssl=1 300w\" sizes=\"(max-width: 640px) 100vw, 640px\" data-recalc-dims=\"1\" \/><\/a><\/p>\n<\/div>\n<div class=\"separator\"><img loading=\"lazy\" decoding=\"async\" data-attachment-id=\"18110\" data-permalink=\"https:\/\/genevieveetbernardauxameriques.fr\/index.php\/2017\/04\/18\/colombie-3eme-article-de-medellin-a-bogota\/p1080015\/\" data-orig-file=\"https:\/\/i0.wp.com\/genevieveetbernardauxameriques.fr\/wp-content\/uploads\/2017\/04\/P1080015.jpg?fit=540%2C720&amp;ssl=1\" data-orig-size=\"540,720\" data-comments-opened=\"1\" data-image-meta=\"{&quot;aperture&quot;:&quot;5.3&quot;,&quot;credit&quot;:&quot;&quot;,&quot;camera&quot;:&quot;DMC-TZ55&quot;,&quot;caption&quot;:&quot;&quot;,&quot;created_timestamp&quot;:&quot;1491946630&quot;,&quot;copyright&quot;:&quot;&quot;,&quot;focal_length&quot;:&quot;20.6&quot;,&quot;iso&quot;:&quot;1000&quot;,&quot;shutter_speed&quot;:&quot;0.00625&quot;,&quot;title&quot;:&quot;&quot;,&quot;orientation&quot;:&quot;1&quot;}\" data-image-title=\"P1080015\" data-image-description=\"\" data-image-caption=\"\" data-medium-file=\"https:\/\/i0.wp.com\/genevieveetbernardauxameriques.fr\/wp-content\/uploads\/2017\/04\/P1080015.jpg?fit=225%2C300&amp;ssl=1\" data-large-file=\"https:\/\/i0.wp.com\/genevieveetbernardauxameriques.fr\/wp-content\/uploads\/2017\/04\/P1080015.jpg?fit=540%2C720&amp;ssl=1\" class=\"size-full wp-image-18110 aligncenter\" src=\"https:\/\/i0.wp.com\/genevieveetbernardauxameriques.fr\/wp-content\/uploads\/2017\/04\/P1080015.jpg?resize=540%2C720&#038;ssl=1\" alt=\"\" width=\"540\" height=\"720\" srcset=\"https:\/\/i0.wp.com\/genevieveetbernardauxameriques.fr\/wp-content\/uploads\/2017\/04\/P1080015.jpg?w=540&amp;ssl=1 540w, https:\/\/i0.wp.com\/genevieveetbernardauxameriques.fr\/wp-content\/uploads\/2017\/04\/P1080015.jpg?resize=225%2C300&amp;ssl=1 225w\" sizes=\"(max-width: 540px) 100vw, 540px\" data-recalc-dims=\"1\" \/><\/div>\n<div class=\"separator\"><img loading=\"lazy\" decoding=\"async\" data-attachment-id=\"18113\" data-permalink=\"https:\/\/genevieveetbernardauxameriques.fr\/index.php\/2017\/04\/18\/colombie-3eme-article-de-medellin-a-bogota\/p1080018\/\" data-orig-file=\"https:\/\/i0.wp.com\/genevieveetbernardauxameriques.fr\/wp-content\/uploads\/2017\/04\/P1080018.jpg?fit=540%2C720&amp;ssl=1\" data-orig-size=\"540,720\" data-comments-opened=\"1\" data-image-meta=\"{&quot;aperture&quot;:&quot;3.3&quot;,&quot;credit&quot;:&quot;&quot;,&quot;camera&quot;:&quot;DMC-TZ55&quot;,&quot;caption&quot;:&quot;&quot;,&quot;created_timestamp&quot;:&quot;1491946852&quot;,&quot;copyright&quot;:&quot;&quot;,&quot;focal_length&quot;:&quot;4.3&quot;,&quot;iso&quot;:&quot;400&quot;,&quot;shutter_speed&quot;:&quot;0.033333333333333&quot;,&quot;title&quot;:&quot;&quot;,&quot;orientation&quot;:&quot;1&quot;}\" data-image-title=\"P1080018\" data-image-description=\"\" data-image-caption=\"\" data-medium-file=\"https:\/\/i0.wp.com\/genevieveetbernardauxameriques.fr\/wp-content\/uploads\/2017\/04\/P1080018.jpg?fit=225%2C300&amp;ssl=1\" data-large-file=\"https:\/\/i0.wp.com\/genevieveetbernardauxameriques.fr\/wp-content\/uploads\/2017\/04\/P1080018.jpg?fit=540%2C720&amp;ssl=1\" class=\"size-full wp-image-18113 aligncenter\" src=\"https:\/\/i0.wp.com\/genevieveetbernardauxameriques.fr\/wp-content\/uploads\/2017\/04\/P1080018.jpg?resize=540%2C720&#038;ssl=1\" alt=\"\" width=\"540\" height=\"720\" srcset=\"https:\/\/i0.wp.com\/genevieveetbernardauxameriques.fr\/wp-content\/uploads\/2017\/04\/P1080018.jpg?w=540&amp;ssl=1 540w, https:\/\/i0.wp.com\/genevieveetbernardauxameriques.fr\/wp-content\/uploads\/2017\/04\/P1080018.jpg?resize=225%2C300&amp;ssl=1 225w\" sizes=\"(max-width: 540px) 100vw, 540px\" data-recalc-dims=\"1\" \/><\/div>\n<div class=\"separator\"><\/div>\n<div class=\"separator\">\u00a0\u00a0 <a href=\"https:\/\/i0.wp.com\/genevieveetbernardauxameriques.fr\/wp-content\/uploads\/2017\/04\/P1080012.jpg?ssl=1\"><img loading=\"lazy\" decoding=\"async\" data-attachment-id=\"18108\" data-permalink=\"https:\/\/genevieveetbernardauxameriques.fr\/index.php\/2017\/04\/18\/colombie-3eme-article-de-medellin-a-bogota\/p1080012\/\" data-orig-file=\"https:\/\/i0.wp.com\/genevieveetbernardauxameriques.fr\/wp-content\/uploads\/2017\/04\/P1080012.jpg?fit=540%2C720&amp;ssl=1\" data-orig-size=\"540,720\" data-comments-opened=\"1\" data-image-meta=\"{&quot;aperture&quot;:&quot;3.3&quot;,&quot;credit&quot;:&quot;&quot;,&quot;camera&quot;:&quot;DMC-TZ55&quot;,&quot;caption&quot;:&quot;&quot;,&quot;created_timestamp&quot;:&quot;1491946429&quot;,&quot;copyright&quot;:&quot;&quot;,&quot;focal_length&quot;:&quot;4.3&quot;,&quot;iso&quot;:&quot;200&quot;,&quot;shutter_speed&quot;:&quot;0.016666666666667&quot;,&quot;title&quot;:&quot;&quot;,&quot;orientation&quot;:&quot;1&quot;}\" data-image-title=\"P1080012\" data-image-description=\"\" data-image-caption=\"\" data-medium-file=\"https:\/\/i0.wp.com\/genevieveetbernardauxameriques.fr\/wp-content\/uploads\/2017\/04\/P1080012.jpg?fit=225%2C300&amp;ssl=1\" data-large-file=\"https:\/\/i0.wp.com\/genevieveetbernardauxameriques.fr\/wp-content\/uploads\/2017\/04\/P1080012.jpg?fit=540%2C720&amp;ssl=1\" class=\"size-full wp-image-18108 aligncenter\" src=\"https:\/\/i0.wp.com\/genevieveetbernardauxameriques.fr\/wp-content\/uploads\/2017\/04\/P1080012.jpg?resize=540%2C720&#038;ssl=1\" alt=\"\" width=\"540\" height=\"720\" srcset=\"https:\/\/i0.wp.com\/genevieveetbernardauxameriques.fr\/wp-content\/uploads\/2017\/04\/P1080012.jpg?w=540&amp;ssl=1 540w, https:\/\/i0.wp.com\/genevieveetbernardauxameriques.fr\/wp-content\/uploads\/2017\/04\/P1080012.jpg?resize=225%2C300&amp;ssl=1 225w\" sizes=\"(max-width: 540px) 100vw, 540px\" data-recalc-dims=\"1\" \/><\/a> <a href=\"https:\/\/i0.wp.com\/genevieveetbernardauxameriques.fr\/wp-content\/uploads\/2017\/04\/P1080008.jpg?ssl=1\"><img loading=\"lazy\" decoding=\"async\" class=\"alignnone size-full wp-image-18106\" src=\"https:\/\/i0.wp.com\/genevieveetbernardauxameriques.fr\/wp-content\/uploads\/2017\/04\/P1080008.jpg?resize=640%2C480&#038;ssl=1\" alt=\"\" width=\"640\" height=\"480\" data-recalc-dims=\"1\" \/><\/a><\/div>\n<p class=\"separator\">Le bateau en or d\u00e9couvert en 1969 dans la ville de PASCA<\/p>\n<div class=\"separator\"><\/div>\n<div class=\"separator\"><a href=\"https:\/\/i0.wp.com\/genevieveetbernardauxameriques.fr\/wp-content\/uploads\/2017\/04\/P1080021.jpg?ssl=1\"><img loading=\"lazy\" decoding=\"async\" data-attachment-id=\"18115\" data-permalink=\"https:\/\/genevieveetbernardauxameriques.fr\/index.php\/2017\/04\/18\/colombie-3eme-article-de-medellin-a-bogota\/p1080021\/\" data-orig-file=\"https:\/\/i0.wp.com\/genevieveetbernardauxameriques.fr\/wp-content\/uploads\/2017\/04\/P1080021.jpg?fit=720%2C540&amp;ssl=1\" data-orig-size=\"720,540\" data-comments-opened=\"1\" data-image-meta=\"{&quot;aperture&quot;:&quot;5.1&quot;,&quot;credit&quot;:&quot;&quot;,&quot;camera&quot;:&quot;DMC-TZ55&quot;,&quot;caption&quot;:&quot;&quot;,&quot;created_timestamp&quot;:&quot;1491947294&quot;,&quot;copyright&quot;:&quot;&quot;,&quot;focal_length&quot;:&quot;14.2&quot;,&quot;iso&quot;:&quot;1000&quot;,&quot;shutter_speed&quot;:&quot;0.125&quot;,&quot;title&quot;:&quot;&quot;,&quot;orientation&quot;:&quot;1&quot;}\" data-image-title=\"P1080021\" data-image-description=\"\" data-image-caption=\"\" data-medium-file=\"https:\/\/i0.wp.com\/genevieveetbernardauxameriques.fr\/wp-content\/uploads\/2017\/04\/P1080021.jpg?fit=300%2C225&amp;ssl=1\" data-large-file=\"https:\/\/i0.wp.com\/genevieveetbernardauxameriques.fr\/wp-content\/uploads\/2017\/04\/P1080021.jpg?fit=640%2C480&amp;ssl=1\" class=\"alignnone size-full wp-image-18115\" src=\"https:\/\/i0.wp.com\/genevieveetbernardauxameriques.fr\/wp-content\/uploads\/2017\/04\/P1080021.jpg?resize=640%2C480&#038;ssl=1\" alt=\"\" width=\"640\" height=\"480\" srcset=\"https:\/\/i0.wp.com\/genevieveetbernardauxameriques.fr\/wp-content\/uploads\/2017\/04\/P1080021.jpg?w=720&amp;ssl=1 720w, https:\/\/i0.wp.com\/genevieveetbernardauxameriques.fr\/wp-content\/uploads\/2017\/04\/P1080021.jpg?resize=300%2C225&amp;ssl=1 300w\" sizes=\"(max-width: 640px) 100vw, 640px\" data-recalc-dims=\"1\" \/><\/a><\/div>\n<div class=\"separator\"><img loading=\"lazy\" decoding=\"async\" class=\"CroppedImage-image js-cspForcedStyle aligncenter\" title=\"Voir l'image sur Twitter\" src=\"https:\/\/pbs.twimg.com\/media\/C2nlAiSXUAAc-AO.jpg:small\" alt=\"Voir l'image sur Twitter\" width=\"292\" height=\"367\" data-style=\"; top:-12%;\" data-srcset=\"https%3A%2F%2Fpbs.twimg.com%2Fmedia%2FC2nlAiSXUAAc-AO.jpg%3Asmall 477w,https%3A%2F%2Fpbs.twimg.com%2Fmedia%2FC2nlAiSXUAAc-AO.jpg%3Alarge 477w,https%3A%2F%2Fpbs.twimg.com%2Fmedia%2FC2nlAiSXUAAc-AO.jpg 477w\" \/><\/div>\n<div class=\"separator\"><img loading=\"lazy\" decoding=\"async\" data-attachment-id=\"18112\" data-permalink=\"https:\/\/genevieveetbernardauxameriques.fr\/index.php\/2017\/04\/18\/colombie-3eme-article-de-medellin-a-bogota\/p1080017\/\" data-orig-file=\"https:\/\/i0.wp.com\/genevieveetbernardauxameriques.fr\/wp-content\/uploads\/2017\/04\/P1080017.jpg?fit=540%2C720&amp;ssl=1\" data-orig-size=\"540,720\" data-comments-opened=\"1\" data-image-meta=\"{&quot;aperture&quot;:&quot;4.2&quot;,&quot;credit&quot;:&quot;&quot;,&quot;camera&quot;:&quot;DMC-TZ55&quot;,&quot;caption&quot;:&quot;&quot;,&quot;created_timestamp&quot;:&quot;1491946787&quot;,&quot;copyright&quot;:&quot;&quot;,&quot;focal_length&quot;:&quot;8.5&quot;,&quot;iso&quot;:&quot;1600&quot;,&quot;shutter_speed&quot;:&quot;0.02&quot;,&quot;title&quot;:&quot;&quot;,&quot;orientation&quot;:&quot;1&quot;}\" data-image-title=\"P1080017\" data-image-description=\"\" data-image-caption=\"\" data-medium-file=\"https:\/\/i0.wp.com\/genevieveetbernardauxameriques.fr\/wp-content\/uploads\/2017\/04\/P1080017.jpg?fit=225%2C300&amp;ssl=1\" data-large-file=\"https:\/\/i0.wp.com\/genevieveetbernardauxameriques.fr\/wp-content\/uploads\/2017\/04\/P1080017.jpg?fit=540%2C720&amp;ssl=1\" class=\"size-full wp-image-18112 aligncenter\" src=\"https:\/\/i0.wp.com\/genevieveetbernardauxameriques.fr\/wp-content\/uploads\/2017\/04\/P1080017.jpg?resize=540%2C720&#038;ssl=1\" alt=\"\" width=\"540\" height=\"720\" srcset=\"https:\/\/i0.wp.com\/genevieveetbernardauxameriques.fr\/wp-content\/uploads\/2017\/04\/P1080017.jpg?w=540&amp;ssl=1 540w, https:\/\/i0.wp.com\/genevieveetbernardauxameriques.fr\/wp-content\/uploads\/2017\/04\/P1080017.jpg?resize=225%2C300&amp;ssl=1 225w\" sizes=\"(max-width: 540px) 100vw, 540px\" data-recalc-dims=\"1\" \/><\/div>\n<p class=\"separator\">Des c\u00e9ramiques :<\/p>\n<div class=\"separator\"><a href=\"https:\/\/i0.wp.com\/genevieveetbernardauxameriques.fr\/wp-content\/uploads\/2017\/04\/P1080007.jpg?ssl=1\"><img loading=\"lazy\" decoding=\"async\" data-attachment-id=\"18105\" data-permalink=\"https:\/\/genevieveetbernardauxameriques.fr\/index.php\/2017\/04\/18\/colombie-3eme-article-de-medellin-a-bogota\/p1080007\/\" data-orig-file=\"https:\/\/i0.wp.com\/genevieveetbernardauxameriques.fr\/wp-content\/uploads\/2017\/04\/P1080007.jpg?fit=540%2C720&amp;ssl=1\" data-orig-size=\"540,720\" data-comments-opened=\"1\" data-image-meta=\"{&quot;aperture&quot;:&quot;3.3&quot;,&quot;credit&quot;:&quot;&quot;,&quot;camera&quot;:&quot;DMC-TZ55&quot;,&quot;caption&quot;:&quot;&quot;,&quot;created_timestamp&quot;:&quot;1491945689&quot;,&quot;copyright&quot;:&quot;&quot;,&quot;focal_length&quot;:&quot;4.3&quot;,&quot;iso&quot;:&quot;1600&quot;,&quot;shutter_speed&quot;:&quot;0.008&quot;,&quot;title&quot;:&quot;&quot;,&quot;orientation&quot;:&quot;1&quot;}\" data-image-title=\"P1080007\" data-image-description=\"\" data-image-caption=\"\" data-medium-file=\"https:\/\/i0.wp.com\/genevieveetbernardauxameriques.fr\/wp-content\/uploads\/2017\/04\/P1080007.jpg?fit=225%2C300&amp;ssl=1\" data-large-file=\"https:\/\/i0.wp.com\/genevieveetbernardauxameriques.fr\/wp-content\/uploads\/2017\/04\/P1080007.jpg?fit=540%2C720&amp;ssl=1\" class=\"size-full wp-image-18105 aligncenter\" src=\"https:\/\/i0.wp.com\/genevieveetbernardauxameriques.fr\/wp-content\/uploads\/2017\/04\/P1080007.jpg?resize=540%2C720&#038;ssl=1\" alt=\"\" width=\"540\" height=\"720\" srcset=\"https:\/\/i0.wp.com\/genevieveetbernardauxameriques.fr\/wp-content\/uploads\/2017\/04\/P1080007.jpg?w=540&amp;ssl=1 540w, https:\/\/i0.wp.com\/genevieveetbernardauxameriques.fr\/wp-content\/uploads\/2017\/04\/P1080007.jpg?resize=225%2C300&amp;ssl=1 225w\" sizes=\"(max-width: 540px) 100vw, 540px\" data-recalc-dims=\"1\" \/><\/a><\/div>\n<div class=\"separator\"><\/div>\n<div class=\"separator\"><img loading=\"lazy\" decoding=\"async\" data-attachment-id=\"18111\" data-permalink=\"https:\/\/genevieveetbernardauxameriques.fr\/index.php\/2017\/04\/18\/colombie-3eme-article-de-medellin-a-bogota\/p1080016\/\" data-orig-file=\"https:\/\/i0.wp.com\/genevieveetbernardauxameriques.fr\/wp-content\/uploads\/2017\/04\/P1080016.jpg?fit=720%2C540&amp;ssl=1\" data-orig-size=\"720,540\" data-comments-opened=\"1\" data-image-meta=\"{&quot;aperture&quot;:&quot;4.2&quot;,&quot;credit&quot;:&quot;&quot;,&quot;camera&quot;:&quot;DMC-TZ55&quot;,&quot;caption&quot;:&quot;&quot;,&quot;created_timestamp&quot;:&quot;1491946644&quot;,&quot;copyright&quot;:&quot;&quot;,&quot;focal_length&quot;:&quot;8.5&quot;,&quot;iso&quot;:&quot;500&quot;,&quot;shutter_speed&quot;:&quot;0.033333333333333&quot;,&quot;title&quot;:&quot;&quot;,&quot;orientation&quot;:&quot;1&quot;}\" data-image-title=\"P1080016\" data-image-description=\"\" data-image-caption=\"\" data-medium-file=\"https:\/\/i0.wp.com\/genevieveetbernardauxameriques.fr\/wp-content\/uploads\/2017\/04\/P1080016.jpg?fit=300%2C225&amp;ssl=1\" data-large-file=\"https:\/\/i0.wp.com\/genevieveetbernardauxameriques.fr\/wp-content\/uploads\/2017\/04\/P1080016.jpg?fit=640%2C480&amp;ssl=1\" class=\"alignnone size-full wp-image-18111\" src=\"https:\/\/i0.wp.com\/genevieveetbernardauxameriques.fr\/wp-content\/uploads\/2017\/04\/P1080016.jpg?resize=640%2C480&#038;ssl=1\" alt=\"\" width=\"640\" height=\"480\" srcset=\"https:\/\/i0.wp.com\/genevieveetbernardauxameriques.fr\/wp-content\/uploads\/2017\/04\/P1080016.jpg?w=720&amp;ssl=1 720w, https:\/\/i0.wp.com\/genevieveetbernardauxameriques.fr\/wp-content\/uploads\/2017\/04\/P1080016.jpg?resize=300%2C225&amp;ssl=1 300w\" sizes=\"(max-width: 640px) 100vw, 640px\" data-recalc-dims=\"1\" \/><a href=\"https:\/\/i0.wp.com\/genevieveetbernardauxameriques.fr\/wp-content\/uploads\/2017\/04\/P1080005.jpg?ssl=1\"><img loading=\"lazy\" decoding=\"async\" data-attachment-id=\"18104\" data-permalink=\"https:\/\/genevieveetbernardauxameriques.fr\/index.php\/2017\/04\/18\/colombie-3eme-article-de-medellin-a-bogota\/p1080005\/\" data-orig-file=\"https:\/\/i0.wp.com\/genevieveetbernardauxameriques.fr\/wp-content\/uploads\/2017\/04\/P1080005-e1586798014147.jpg?fit=480%2C572&amp;ssl=1\" data-orig-size=\"480,572\" data-comments-opened=\"1\" data-image-meta=\"{&quot;aperture&quot;:&quot;3.3&quot;,&quot;credit&quot;:&quot;&quot;,&quot;camera&quot;:&quot;DMC-TZ55&quot;,&quot;caption&quot;:&quot;&quot;,&quot;created_timestamp&quot;:&quot;1491945656&quot;,&quot;copyright&quot;:&quot;&quot;,&quot;focal_length&quot;:&quot;4.3&quot;,&quot;iso&quot;:&quot;1600&quot;,&quot;shutter_speed&quot;:&quot;0.033333333333333&quot;,&quot;title&quot;:&quot;&quot;,&quot;orientation&quot;:&quot;1&quot;}\" data-image-title=\"P1080005\" data-image-description=\"\" data-image-caption=\"\" data-medium-file=\"https:\/\/i0.wp.com\/genevieveetbernardauxameriques.fr\/wp-content\/uploads\/2017\/04\/P1080005-e1586798014147.jpg?fit=252%2C300&amp;ssl=1\" data-large-file=\"https:\/\/i0.wp.com\/genevieveetbernardauxameriques.fr\/wp-content\/uploads\/2017\/04\/P1080005-e1586798014147.jpg?fit=480%2C572&amp;ssl=1\" class=\"size-full wp-image-18104 aligncenter\" src=\"https:\/\/i0.wp.com\/genevieveetbernardauxameriques.fr\/wp-content\/uploads\/2017\/04\/P1080005.jpg?resize=540%2C720&#038;ssl=1\" alt=\"\" width=\"540\" height=\"720\" data-recalc-dims=\"1\" \/><\/a> <a href=\"https:\/\/i0.wp.com\/genevieveetbernardauxameriques.fr\/wp-content\/uploads\/2017\/04\/P1080004.jpg?ssl=1\"><img loading=\"lazy\" decoding=\"async\" data-attachment-id=\"18103\" data-permalink=\"https:\/\/genevieveetbernardauxameriques.fr\/index.php\/2017\/04\/18\/colombie-3eme-article-de-medellin-a-bogota\/p1080004\/\" data-orig-file=\"https:\/\/i0.wp.com\/genevieveetbernardauxameriques.fr\/wp-content\/uploads\/2017\/04\/P1080004.jpg?fit=720%2C540&amp;ssl=1\" data-orig-size=\"720,540\" data-comments-opened=\"1\" data-image-meta=\"{&quot;aperture&quot;:&quot;3.3&quot;,&quot;credit&quot;:&quot;&quot;,&quot;camera&quot;:&quot;DMC-TZ55&quot;,&quot;caption&quot;:&quot;&quot;,&quot;created_timestamp&quot;:&quot;1491945594&quot;,&quot;copyright&quot;:&quot;&quot;,&quot;focal_length&quot;:&quot;4.3&quot;,&quot;iso&quot;:&quot;1250&quot;,&quot;shutter_speed&quot;:&quot;0.008&quot;,&quot;title&quot;:&quot;&quot;,&quot;orientation&quot;:&quot;1&quot;}\" data-image-title=\"P1080004\" data-image-description=\"\" data-image-caption=\"\" data-medium-file=\"https:\/\/i0.wp.com\/genevieveetbernardauxameriques.fr\/wp-content\/uploads\/2017\/04\/P1080004.jpg?fit=300%2C225&amp;ssl=1\" data-large-file=\"https:\/\/i0.wp.com\/genevieveetbernardauxameriques.fr\/wp-content\/uploads\/2017\/04\/P1080004.jpg?fit=640%2C480&amp;ssl=1\" class=\"alignnone size-full wp-image-18103\" src=\"https:\/\/i0.wp.com\/genevieveetbernardauxameriques.fr\/wp-content\/uploads\/2017\/04\/P1080004.jpg?resize=640%2C480&#038;ssl=1\" alt=\"\" width=\"640\" height=\"480\" srcset=\"https:\/\/i0.wp.com\/genevieveetbernardauxameriques.fr\/wp-content\/uploads\/2017\/04\/P1080004.jpg?w=720&amp;ssl=1 720w, https:\/\/i0.wp.com\/genevieveetbernardauxameriques.fr\/wp-content\/uploads\/2017\/04\/P1080004.jpg?resize=300%2C225&amp;ssl=1 300w\" sizes=\"(max-width: 640px) 100vw, 640px\" data-recalc-dims=\"1\" \/><\/a> <a href=\"https:\/\/i0.wp.com\/genevieveetbernardauxameriques.fr\/wp-content\/uploads\/2017\/04\/P1070996.jpg?ssl=1\"><img loading=\"lazy\" decoding=\"async\" data-attachment-id=\"18097\" data-permalink=\"https:\/\/genevieveetbernardauxameriques.fr\/index.php\/2017\/04\/18\/colombie-3eme-article-de-medellin-a-bogota\/p1070996\/\" data-orig-file=\"https:\/\/i0.wp.com\/genevieveetbernardauxameriques.fr\/wp-content\/uploads\/2017\/04\/P1070996.jpg?fit=540%2C720&amp;ssl=1\" data-orig-size=\"540,720\" data-comments-opened=\"1\" data-image-meta=\"{&quot;aperture&quot;:&quot;4.8&quot;,&quot;credit&quot;:&quot;&quot;,&quot;camera&quot;:&quot;DMC-TZ55&quot;,&quot;caption&quot;:&quot;&quot;,&quot;created_timestamp&quot;:&quot;1491945465&quot;,&quot;copyright&quot;:&quot;&quot;,&quot;focal_length&quot;:&quot;11&quot;,&quot;iso&quot;:&quot;1250&quot;,&quot;shutter_speed&quot;:&quot;0.016666666666667&quot;,&quot;title&quot;:&quot;&quot;,&quot;orientation&quot;:&quot;1&quot;}\" data-image-title=\"P1070996\" data-image-description=\"\" data-image-caption=\"\" data-medium-file=\"https:\/\/i0.wp.com\/genevieveetbernardauxameriques.fr\/wp-content\/uploads\/2017\/04\/P1070996.jpg?fit=225%2C300&amp;ssl=1\" data-large-file=\"https:\/\/i0.wp.com\/genevieveetbernardauxameriques.fr\/wp-content\/uploads\/2017\/04\/P1070996.jpg?fit=540%2C720&amp;ssl=1\" class=\"size-full wp-image-18097 aligncenter\" src=\"https:\/\/i0.wp.com\/genevieveetbernardauxameriques.fr\/wp-content\/uploads\/2017\/04\/P1070996.jpg?resize=540%2C720&#038;ssl=1\" alt=\"\" width=\"540\" height=\"720\" srcset=\"https:\/\/i0.wp.com\/genevieveetbernardauxameriques.fr\/wp-content\/uploads\/2017\/04\/P1070996.jpg?w=540&amp;ssl=1 540w, https:\/\/i0.wp.com\/genevieveetbernardauxameriques.fr\/wp-content\/uploads\/2017\/04\/P1070996.jpg?resize=225%2C300&amp;ssl=1 225w\" sizes=\"(max-width: 540px) 100vw, 540px\" data-recalc-dims=\"1\" \/><\/a><\/div>\n<p class=\"separator\">Une salle o\u00f9 des milliers de petites pi\u00e8ces sont mises en valeur avec un jeu de lumi\u00e8res<\/p>\n<div class=\"separator\"><a href=\"https:\/\/i0.wp.com\/genevieveetbernardauxameriques.fr\/wp-content\/uploads\/2017\/04\/P1080024.jpg?ssl=1\"><img loading=\"lazy\" decoding=\"async\" data-attachment-id=\"18116\" data-permalink=\"https:\/\/genevieveetbernardauxameriques.fr\/index.php\/2017\/04\/18\/colombie-3eme-article-de-medellin-a-bogota\/p1080024\/\" data-orig-file=\"https:\/\/i0.wp.com\/genevieveetbernardauxameriques.fr\/wp-content\/uploads\/2017\/04\/P1080024.jpg?fit=720%2C540&amp;ssl=1\" data-orig-size=\"720,540\" data-comments-opened=\"1\" data-image-meta=\"{&quot;aperture&quot;:&quot;3.3&quot;,&quot;credit&quot;:&quot;&quot;,&quot;camera&quot;:&quot;DMC-TZ55&quot;,&quot;caption&quot;:&quot;&quot;,&quot;created_timestamp&quot;:&quot;1491947630&quot;,&quot;copyright&quot;:&quot;&quot;,&quot;focal_length&quot;:&quot;4.3&quot;,&quot;iso&quot;:&quot;1600&quot;,&quot;shutter_speed&quot;:&quot;0.1&quot;,&quot;title&quot;:&quot;&quot;,&quot;orientation&quot;:&quot;1&quot;}\" data-image-title=\"P1080024\" data-image-description=\"\" data-image-caption=\"\" data-medium-file=\"https:\/\/i0.wp.com\/genevieveetbernardauxameriques.fr\/wp-content\/uploads\/2017\/04\/P1080024.jpg?fit=300%2C225&amp;ssl=1\" data-large-file=\"https:\/\/i0.wp.com\/genevieveetbernardauxameriques.fr\/wp-content\/uploads\/2017\/04\/P1080024.jpg?fit=640%2C480&amp;ssl=1\" class=\"alignnone size-full wp-image-18116\" src=\"https:\/\/i0.wp.com\/genevieveetbernardauxameriques.fr\/wp-content\/uploads\/2017\/04\/P1080024.jpg?resize=640%2C480&#038;ssl=1\" alt=\"\" width=\"640\" height=\"480\" srcset=\"https:\/\/i0.wp.com\/genevieveetbernardauxameriques.fr\/wp-content\/uploads\/2017\/04\/P1080024.jpg?w=720&amp;ssl=1 720w, https:\/\/i0.wp.com\/genevieveetbernardauxameriques.fr\/wp-content\/uploads\/2017\/04\/P1080024.jpg?resize=300%2C225&amp;ssl=1 300w\" sizes=\"(max-width: 640px) 100vw, 640px\" data-recalc-dims=\"1\" \/><\/a> <a href=\"https:\/\/i0.wp.com\/genevieveetbernardauxameriques.fr\/wp-content\/uploads\/2017\/04\/P1080026.jpg?ssl=1\"><img loading=\"lazy\" decoding=\"async\" data-attachment-id=\"18117\" data-permalink=\"https:\/\/genevieveetbernardauxameriques.fr\/index.php\/2017\/04\/18\/colombie-3eme-article-de-medellin-a-bogota\/p1080026\/\" data-orig-file=\"https:\/\/i0.wp.com\/genevieveetbernardauxameriques.fr\/wp-content\/uploads\/2017\/04\/P1080026.jpg?fit=720%2C540&amp;ssl=1\" data-orig-size=\"720,540\" data-comments-opened=\"1\" data-image-meta=\"{&quot;aperture&quot;:&quot;3.3&quot;,&quot;credit&quot;:&quot;&quot;,&quot;camera&quot;:&quot;DMC-TZ55&quot;,&quot;caption&quot;:&quot;&quot;,&quot;created_timestamp&quot;:&quot;1491947681&quot;,&quot;copyright&quot;:&quot;&quot;,&quot;focal_length&quot;:&quot;4.4&quot;,&quot;iso&quot;:&quot;1600&quot;,&quot;shutter_speed&quot;:&quot;0.025&quot;,&quot;title&quot;:&quot;&quot;,&quot;orientation&quot;:&quot;1&quot;}\" data-image-title=\"P1080026\" data-image-description=\"\" data-image-caption=\"\" data-medium-file=\"https:\/\/i0.wp.com\/genevieveetbernardauxameriques.fr\/wp-content\/uploads\/2017\/04\/P1080026.jpg?fit=300%2C225&amp;ssl=1\" data-large-file=\"https:\/\/i0.wp.com\/genevieveetbernardauxameriques.fr\/wp-content\/uploads\/2017\/04\/P1080026.jpg?fit=640%2C480&amp;ssl=1\" class=\"alignnone size-full wp-image-18117\" src=\"https:\/\/i0.wp.com\/genevieveetbernardauxameriques.fr\/wp-content\/uploads\/2017\/04\/P1080026.jpg?resize=640%2C480&#038;ssl=1\" alt=\"\" width=\"640\" height=\"480\" srcset=\"https:\/\/i0.wp.com\/genevieveetbernardauxameriques.fr\/wp-content\/uploads\/2017\/04\/P1080026.jpg?w=720&amp;ssl=1 720w, https:\/\/i0.wp.com\/genevieveetbernardauxameriques.fr\/wp-content\/uploads\/2017\/04\/P1080026.jpg?resize=300%2C225&amp;ssl=1 300w\" sizes=\"(max-width: 640px) 100vw, 640px\" data-recalc-dims=\"1\" \/><\/a> <a href=\"https:\/\/i0.wp.com\/genevieveetbernardauxameriques.fr\/wp-content\/uploads\/2017\/04\/P1080029.jpg?ssl=1\"><img loading=\"lazy\" decoding=\"async\" data-attachment-id=\"18118\" data-permalink=\"https:\/\/genevieveetbernardauxameriques.fr\/index.php\/2017\/04\/18\/colombie-3eme-article-de-medellin-a-bogota\/p1080029\/\" data-orig-file=\"https:\/\/i0.wp.com\/genevieveetbernardauxameriques.fr\/wp-content\/uploads\/2017\/04\/P1080029.jpg?fit=720%2C540&amp;ssl=1\" data-orig-size=\"720,540\" data-comments-opened=\"1\" data-image-meta=\"{&quot;aperture&quot;:&quot;3.3&quot;,&quot;credit&quot;:&quot;&quot;,&quot;camera&quot;:&quot;DMC-TZ55&quot;,&quot;caption&quot;:&quot;&quot;,&quot;created_timestamp&quot;:&quot;1491947712&quot;,&quot;copyright&quot;:&quot;&quot;,&quot;focal_length&quot;:&quot;4.3&quot;,&quot;iso&quot;:&quot;1600&quot;,&quot;shutter_speed&quot;:&quot;0.025&quot;,&quot;title&quot;:&quot;&quot;,&quot;orientation&quot;:&quot;1&quot;}\" data-image-title=\"P1080029\" data-image-description=\"\" data-image-caption=\"\" data-medium-file=\"https:\/\/i0.wp.com\/genevieveetbernardauxameriques.fr\/wp-content\/uploads\/2017\/04\/P1080029.jpg?fit=300%2C225&amp;ssl=1\" data-large-file=\"https:\/\/i0.wp.com\/genevieveetbernardauxameriques.fr\/wp-content\/uploads\/2017\/04\/P1080029.jpg?fit=640%2C480&amp;ssl=1\" class=\"alignnone size-full wp-image-18118\" src=\"https:\/\/i0.wp.com\/genevieveetbernardauxameriques.fr\/wp-content\/uploads\/2017\/04\/P1080029.jpg?resize=640%2C480&#038;ssl=1\" alt=\"\" width=\"640\" height=\"480\" srcset=\"https:\/\/i0.wp.com\/genevieveetbernardauxameriques.fr\/wp-content\/uploads\/2017\/04\/P1080029.jpg?w=720&amp;ssl=1 720w, https:\/\/i0.wp.com\/genevieveetbernardauxameriques.fr\/wp-content\/uploads\/2017\/04\/P1080029.jpg?resize=300%2C225&amp;ssl=1 300w\" sizes=\"(max-width: 640px) 100vw, 640px\" data-recalc-dims=\"1\" \/><\/a><\/div>\n<div class=\"separator\"><\/div>\n<p class=\"separator\">Et pour finir une momie<\/p>\n<div class=\"separator\"><a href=\"https:\/\/i0.wp.com\/genevieveetbernardauxameriques.fr\/wp-content\/uploads\/2017\/04\/P1080011.jpg?ssl=1\"><img loading=\"lazy\" decoding=\"async\" data-attachment-id=\"18107\" data-permalink=\"https:\/\/genevieveetbernardauxameriques.fr\/index.php\/2017\/04\/18\/colombie-3eme-article-de-medellin-a-bogota\/p1080011\/\" data-orig-file=\"https:\/\/i0.wp.com\/genevieveetbernardauxameriques.fr\/wp-content\/uploads\/2017\/04\/P1080011.jpg?fit=540%2C720&amp;ssl=1\" data-orig-size=\"540,720\" data-comments-opened=\"1\" data-image-meta=\"{&quot;aperture&quot;:&quot;3.3&quot;,&quot;credit&quot;:&quot;&quot;,&quot;camera&quot;:&quot;DMC-TZ55&quot;,&quot;caption&quot;:&quot;&quot;,&quot;created_timestamp&quot;:&quot;1491946390&quot;,&quot;copyright&quot;:&quot;&quot;,&quot;focal_length&quot;:&quot;4.3&quot;,&quot;iso&quot;:&quot;640&quot;,&quot;shutter_speed&quot;:&quot;0.125&quot;,&quot;title&quot;:&quot;&quot;,&quot;orientation&quot;:&quot;1&quot;}\" data-image-title=\"P1080011\" data-image-description=\"\" data-image-caption=\"\" data-medium-file=\"https:\/\/i0.wp.com\/genevieveetbernardauxameriques.fr\/wp-content\/uploads\/2017\/04\/P1080011.jpg?fit=225%2C300&amp;ssl=1\" data-large-file=\"https:\/\/i0.wp.com\/genevieveetbernardauxameriques.fr\/wp-content\/uploads\/2017\/04\/P1080011.jpg?fit=540%2C720&amp;ssl=1\" class=\"alignnone size-full wp-image-18107\" src=\"https:\/\/i0.wp.com\/genevieveetbernardauxameriques.fr\/wp-content\/uploads\/2017\/04\/P1080011.jpg?resize=540%2C720&#038;ssl=1\" alt=\"\" width=\"540\" height=\"720\" srcset=\"https:\/\/i0.wp.com\/genevieveetbernardauxameriques.fr\/wp-content\/uploads\/2017\/04\/P1080011.jpg?w=540&amp;ssl=1 540w, https:\/\/i0.wp.com\/genevieveetbernardauxameriques.fr\/wp-content\/uploads\/2017\/04\/P1080011.jpg?resize=225%2C300&amp;ssl=1 225w\" sizes=\"(max-width: 540px) 100vw, 540px\" data-recalc-dims=\"1\" \/><\/a><\/div>\n<div class=\"separator\"><\/div>\n<p class=\"separator\"><strong><em>Attention<\/em><\/strong> : si vous \u00eates int\u00e9ress\u00e9s par tous ces objets : gr\u00e2ce \u00e0 l&rsquo;ann\u00e9e France-Colombie\u00a0une partie de ce tr\u00e9sor sera en France, \u00e0 partir de juin\u00a02017. L&rsquo;exposition permettra de comprendre que l&rsquo;or, qui attira les conquistadors espagnols au point de les rendre cupides et meurtriers, fut, dans cette p\u00e9riode, religieux et symbolique.<\/p>\n<p class=\"separator\">Ensuite nous avions pr\u00e9vu d&rsquo;aller jusqu&rsquo;\u00e0 la Place Bolivar, malheureusement nous partons en sens inverse et au bout d&rsquo;une bonne demie heure, une jeune femme nous voyant regarder sur notre guide nous demande ce que l&rsquo;on cherche, elle nous dit \u00ab\u00a0vous \u00eates en sens inverse.\u00a0\u00bb Il faut repasser devant le Mus\u00e9e de l&rsquo;Or et la place que nous cherchons et \u00e0 5\/10 mn apr\u00e8s. Nous sommes un peu crev\u00e9s, on va donc prendre le bus qui lui n&rsquo;est pas direct, mais nous nous en sommes bien sortis, nous avons mis 1 h 30 pour rentrer, avec un changement.<\/p>\n<p class=\"separator\">\u00a0Nous sommes pass\u00e9s devant ces ar\u00e8nes en briques, construites en 1927, contenant 13500 personnes, consid\u00e9r\u00e9e comme l&rsquo;une des meilleures ar\u00e8nes d\u2019Am\u00e9rique du Sud.<\/p>\n<div class=\"separator\"><\/div>\n<div class=\"separator\"><a href=\"https:\/\/i0.wp.com\/genevieveetbernardauxameriques.fr\/wp-content\/uploads\/2017\/04\/P1080038.jpg?ssl=1\"><img loading=\"lazy\" decoding=\"async\" data-attachment-id=\"18122\" data-permalink=\"https:\/\/genevieveetbernardauxameriques.fr\/index.php\/2017\/04\/18\/colombie-3eme-article-de-medellin-a-bogota\/p1080038\/\" data-orig-file=\"https:\/\/i0.wp.com\/genevieveetbernardauxameriques.fr\/wp-content\/uploads\/2017\/04\/P1080038.jpg?fit=720%2C540&amp;ssl=1\" data-orig-size=\"720,540\" data-comments-opened=\"1\" data-image-meta=\"{&quot;aperture&quot;:&quot;3.4&quot;,&quot;credit&quot;:&quot;&quot;,&quot;camera&quot;:&quot;DMC-TZ55&quot;,&quot;caption&quot;:&quot;&quot;,&quot;created_timestamp&quot;:&quot;1491954693&quot;,&quot;copyright&quot;:&quot;&quot;,&quot;focal_length&quot;:&quot;4.8&quot;,&quot;iso&quot;:&quot;125&quot;,&quot;shutter_speed&quot;:&quot;0.016666666666667&quot;,&quot;title&quot;:&quot;&quot;,&quot;orientation&quot;:&quot;1&quot;}\" data-image-title=\"P1080038\" data-image-description=\"\" data-image-caption=\"\" data-medium-file=\"https:\/\/i0.wp.com\/genevieveetbernardauxameriques.fr\/wp-content\/uploads\/2017\/04\/P1080038.jpg?fit=300%2C225&amp;ssl=1\" data-large-file=\"https:\/\/i0.wp.com\/genevieveetbernardauxameriques.fr\/wp-content\/uploads\/2017\/04\/P1080038.jpg?fit=640%2C480&amp;ssl=1\" class=\"alignnone size-full wp-image-18122\" src=\"https:\/\/i0.wp.com\/genevieveetbernardauxameriques.fr\/wp-content\/uploads\/2017\/04\/P1080038.jpg?resize=640%2C480&#038;ssl=1\" alt=\"\" width=\"640\" height=\"480\" srcset=\"https:\/\/i0.wp.com\/genevieveetbernardauxameriques.fr\/wp-content\/uploads\/2017\/04\/P1080038.jpg?w=720&amp;ssl=1 720w, https:\/\/i0.wp.com\/genevieveetbernardauxameriques.fr\/wp-content\/uploads\/2017\/04\/P1080038.jpg?resize=300%2C225&amp;ssl=1 300w\" sizes=\"(max-width: 640px) 100vw, 640px\" data-recalc-dims=\"1\" \/><\/a><\/div>\n<p class=\"separator\">Ces b\u00e2timents<a href=\"https:\/\/i0.wp.com\/genevieveetbernardauxameriques.fr\/wp-content\/uploads\/2017\/04\/P1080040.jpg?ssl=1\"><img loading=\"lazy\" decoding=\"async\" data-attachment-id=\"18123\" data-permalink=\"https:\/\/genevieveetbernardauxameriques.fr\/index.php\/2017\/04\/18\/colombie-3eme-article-de-medellin-a-bogota\/p1080040\/\" data-orig-file=\"https:\/\/i0.wp.com\/genevieveetbernardauxameriques.fr\/wp-content\/uploads\/2017\/04\/P1080040.jpg?fit=720%2C540&amp;ssl=1\" data-orig-size=\"720,540\" data-comments-opened=\"1\" data-image-meta=\"{&quot;aperture&quot;:&quot;3.6&quot;,&quot;credit&quot;:&quot;&quot;,&quot;camera&quot;:&quot;DMC-TZ55&quot;,&quot;caption&quot;:&quot;&quot;,&quot;created_timestamp&quot;:&quot;1491955243&quot;,&quot;copyright&quot;:&quot;&quot;,&quot;focal_length&quot;:&quot;5.4&quot;,&quot;iso&quot;:&quot;100&quot;,&quot;shutter_speed&quot;:&quot;0.01&quot;,&quot;title&quot;:&quot;&quot;,&quot;orientation&quot;:&quot;1&quot;}\" data-image-title=\"P1080040\" data-image-description=\"\" data-image-caption=\"\" data-medium-file=\"https:\/\/i0.wp.com\/genevieveetbernardauxameriques.fr\/wp-content\/uploads\/2017\/04\/P1080040.jpg?fit=300%2C225&amp;ssl=1\" data-large-file=\"https:\/\/i0.wp.com\/genevieveetbernardauxameriques.fr\/wp-content\/uploads\/2017\/04\/P1080040.jpg?fit=640%2C480&amp;ssl=1\" class=\"alignnone size-full wp-image-18123\" src=\"https:\/\/i0.wp.com\/genevieveetbernardauxameriques.fr\/wp-content\/uploads\/2017\/04\/P1080040.jpg?resize=640%2C480&#038;ssl=1\" alt=\"\" width=\"640\" height=\"480\" srcset=\"https:\/\/i0.wp.com\/genevieveetbernardauxameriques.fr\/wp-content\/uploads\/2017\/04\/P1080040.jpg?w=720&amp;ssl=1 720w, https:\/\/i0.wp.com\/genevieveetbernardauxameriques.fr\/wp-content\/uploads\/2017\/04\/P1080040.jpg?resize=300%2C225&amp;ssl=1 300w\" sizes=\"(max-width: 640px) 100vw, 640px\" data-recalc-dims=\"1\" \/><\/a><\/p>\n<p class=\"separator\"><a href=\"https:\/\/i0.wp.com\/genevieveetbernardauxameriques.fr\/wp-content\/uploads\/2017\/04\/P1080042.jpg?ssl=1\"><img loading=\"lazy\" decoding=\"async\" data-attachment-id=\"18124\" data-permalink=\"https:\/\/genevieveetbernardauxameriques.fr\/index.php\/2017\/04\/18\/colombie-3eme-article-de-medellin-a-bogota\/p1080042\/\" data-orig-file=\"https:\/\/i0.wp.com\/genevieveetbernardauxameriques.fr\/wp-content\/uploads\/2017\/04\/P1080042.jpg?fit=720%2C540&amp;ssl=1\" data-orig-size=\"720,540\" data-comments-opened=\"1\" data-image-meta=\"{&quot;aperture&quot;:&quot;5&quot;,&quot;credit&quot;:&quot;&quot;,&quot;camera&quot;:&quot;DMC-TZ55&quot;,&quot;caption&quot;:&quot;&quot;,&quot;created_timestamp&quot;:&quot;1491955307&quot;,&quot;copyright&quot;:&quot;&quot;,&quot;focal_length&quot;:&quot;13.3&quot;,&quot;iso&quot;:&quot;200&quot;,&quot;shutter_speed&quot;:&quot;0.016666666666667&quot;,&quot;title&quot;:&quot;&quot;,&quot;orientation&quot;:&quot;1&quot;}\" data-image-title=\"P1080042\" data-image-description=\"\" data-image-caption=\"\" data-medium-file=\"https:\/\/i0.wp.com\/genevieveetbernardauxameriques.fr\/wp-content\/uploads\/2017\/04\/P1080042.jpg?fit=300%2C225&amp;ssl=1\" data-large-file=\"https:\/\/i0.wp.com\/genevieveetbernardauxameriques.fr\/wp-content\/uploads\/2017\/04\/P1080042.jpg?fit=640%2C480&amp;ssl=1\" class=\"alignnone size-full wp-image-18124\" src=\"https:\/\/i0.wp.com\/genevieveetbernardauxameriques.fr\/wp-content\/uploads\/2017\/04\/P1080042.jpg?resize=640%2C480&#038;ssl=1\" alt=\"\" width=\"640\" height=\"480\" srcset=\"https:\/\/i0.wp.com\/genevieveetbernardauxameriques.fr\/wp-content\/uploads\/2017\/04\/P1080042.jpg?w=720&amp;ssl=1 720w, https:\/\/i0.wp.com\/genevieveetbernardauxameriques.fr\/wp-content\/uploads\/2017\/04\/P1080042.jpg?resize=300%2C225&amp;ssl=1 300w\" sizes=\"(max-width: 640px) 100vw, 640px\" data-recalc-dims=\"1\" \/><\/a><\/p>\n<p class=\"separator\">A 17 h la Carrera 7 est ferm\u00e9e \u00e0 la circulation. On y voit des joueurs d&rsquo;\u00e9checs<\/p>\n<div class=\"separator\"><img loading=\"lazy\" decoding=\"async\" data-attachment-id=\"18120\" data-permalink=\"https:\/\/genevieveetbernardauxameriques.fr\/index.php\/2017\/04\/18\/colombie-3eme-article-de-medellin-a-bogota\/p1080032\/\" data-orig-file=\"https:\/\/i0.wp.com\/genevieveetbernardauxameriques.fr\/wp-content\/uploads\/2017\/04\/P1080032.jpg?fit=720%2C540&amp;ssl=1\" data-orig-size=\"720,540\" data-comments-opened=\"1\" data-image-meta=\"{&quot;aperture&quot;:&quot;3.3&quot;,&quot;credit&quot;:&quot;&quot;,&quot;camera&quot;:&quot;DMC-TZ55&quot;,&quot;caption&quot;:&quot;&quot;,&quot;created_timestamp&quot;:&quot;1491953176&quot;,&quot;copyright&quot;:&quot;&quot;,&quot;focal_length&quot;:&quot;4.3&quot;,&quot;iso&quot;:&quot;1600&quot;,&quot;shutter_speed&quot;:&quot;0.0025&quot;,&quot;title&quot;:&quot;&quot;,&quot;orientation&quot;:&quot;1&quot;}\" data-image-title=\"P1080032\" data-image-description=\"\" data-image-caption=\"\" data-medium-file=\"https:\/\/i0.wp.com\/genevieveetbernardauxameriques.fr\/wp-content\/uploads\/2017\/04\/P1080032.jpg?fit=300%2C225&amp;ssl=1\" data-large-file=\"https:\/\/i0.wp.com\/genevieveetbernardauxameriques.fr\/wp-content\/uploads\/2017\/04\/P1080032.jpg?fit=640%2C480&amp;ssl=1\" class=\"alignnone size-full wp-image-18120\" src=\"https:\/\/i0.wp.com\/genevieveetbernardauxameriques.fr\/wp-content\/uploads\/2017\/04\/P1080032.jpg?resize=640%2C480&#038;ssl=1\" alt=\"\" width=\"640\" height=\"480\" srcset=\"https:\/\/i0.wp.com\/genevieveetbernardauxameriques.fr\/wp-content\/uploads\/2017\/04\/P1080032.jpg?w=720&amp;ssl=1 720w, https:\/\/i0.wp.com\/genevieveetbernardauxameriques.fr\/wp-content\/uploads\/2017\/04\/P1080032.jpg?resize=300%2C225&amp;ssl=1 300w\" sizes=\"(max-width: 640px) 100vw, 640px\" data-recalc-dims=\"1\" \/><\/div>\n<p class=\"separator\">Un fakir sur des tessons de bouteilles<\/p>\n<div class=\"separator\"><a href=\"https:\/\/genevieveetbernardauxameriques.fr\/wp-content\/uploads\/2017\/04\/P1080137.jpg\">\u00a0\u00a0 <img loading=\"lazy\" decoding=\"async\" data-attachment-id=\"18193\" data-permalink=\"https:\/\/genevieveetbernardauxameriques.fr\/index.php\/2017\/04\/18\/colombie-3eme-article-de-medellin-a-bogota\/p1080137\/\" data-orig-file=\"https:\/\/i0.wp.com\/genevieveetbernardauxameriques.fr\/wp-content\/uploads\/2017\/04\/P1080137.jpg?fit=720%2C540&amp;ssl=1\" data-orig-size=\"720,540\" data-comments-opened=\"1\" data-image-meta=\"{&quot;aperture&quot;:&quot;5.4&quot;,&quot;credit&quot;:&quot;&quot;,&quot;camera&quot;:&quot;DMC-TZ55&quot;,&quot;caption&quot;:&quot;&quot;,&quot;created_timestamp&quot;:&quot;1492042622&quot;,&quot;copyright&quot;:&quot;&quot;,&quot;focal_length&quot;:&quot;21.8&quot;,&quot;iso&quot;:&quot;400&quot;,&quot;shutter_speed&quot;:&quot;0.02&quot;,&quot;title&quot;:&quot;&quot;,&quot;orientation&quot;:&quot;1&quot;}\" data-image-title=\"P1080137\" data-image-description=\"\" data-image-caption=\"\" data-medium-file=\"https:\/\/i0.wp.com\/genevieveetbernardauxameriques.fr\/wp-content\/uploads\/2017\/04\/P1080137.jpg?fit=300%2C225&amp;ssl=1\" data-large-file=\"https:\/\/i0.wp.com\/genevieveetbernardauxameriques.fr\/wp-content\/uploads\/2017\/04\/P1080137.jpg?fit=640%2C480&amp;ssl=1\" class=\"alignnone size-medium wp-image-18193\" src=\"https:\/\/i0.wp.com\/genevieveetbernardauxameriques.fr\/wp-content\/uploads\/2017\/04\/P1080137.jpg?resize=300%2C225&#038;ssl=1\" alt=\"\" width=\"300\" height=\"225\" srcset=\"https:\/\/i0.wp.com\/genevieveetbernardauxameriques.fr\/wp-content\/uploads\/2017\/04\/P1080137.jpg?resize=300%2C225&amp;ssl=1 300w, https:\/\/i0.wp.com\/genevieveetbernardauxameriques.fr\/wp-content\/uploads\/2017\/04\/P1080137.jpg?w=720&amp;ssl=1 720w\" sizes=\"(max-width: 300px) 100vw, 300px\" data-recalc-dims=\"1\" \/><\/a>\u00a0 \u00a0 \u00a0 \u00a0\u00a0<a href=\"https:\/\/i0.wp.com\/genevieveetbernardauxameriques.fr\/wp-content\/uploads\/2017\/04\/P1080138.jpg?ssl=1\"><img loading=\"lazy\" decoding=\"async\" data-attachment-id=\"18194\" data-permalink=\"https:\/\/genevieveetbernardauxameriques.fr\/index.php\/2017\/04\/18\/colombie-3eme-article-de-medellin-a-bogota\/p1080138\/\" data-orig-file=\"https:\/\/i0.wp.com\/genevieveetbernardauxameriques.fr\/wp-content\/uploads\/2017\/04\/P1080138.jpg?fit=720%2C540&amp;ssl=1\" data-orig-size=\"720,540\" data-comments-opened=\"1\" data-image-meta=\"{&quot;aperture&quot;:&quot;5.5&quot;,&quot;credit&quot;:&quot;&quot;,&quot;camera&quot;:&quot;DMC-TZ55&quot;,&quot;caption&quot;:&quot;&quot;,&quot;created_timestamp&quot;:&quot;1492042630&quot;,&quot;copyright&quot;:&quot;&quot;,&quot;focal_length&quot;:&quot;33.3&quot;,&quot;iso&quot;:&quot;400&quot;,&quot;shutter_speed&quot;:&quot;0.02&quot;,&quot;title&quot;:&quot;&quot;,&quot;orientation&quot;:&quot;1&quot;}\" data-image-title=\"P1080138\" data-image-description=\"\" data-image-caption=\"\" data-medium-file=\"https:\/\/i0.wp.com\/genevieveetbernardauxameriques.fr\/wp-content\/uploads\/2017\/04\/P1080138.jpg?fit=300%2C225&amp;ssl=1\" data-large-file=\"https:\/\/i0.wp.com\/genevieveetbernardauxameriques.fr\/wp-content\/uploads\/2017\/04\/P1080138.jpg?fit=640%2C480&amp;ssl=1\" class=\"alignnone size-medium wp-image-18194\" src=\"https:\/\/i0.wp.com\/genevieveetbernardauxameriques.fr\/wp-content\/uploads\/2017\/04\/P1080138.jpg?resize=300%2C225&#038;ssl=1\" alt=\"\" width=\"300\" height=\"225\" srcset=\"https:\/\/i0.wp.com\/genevieveetbernardauxameriques.fr\/wp-content\/uploads\/2017\/04\/P1080138.jpg?resize=300%2C225&amp;ssl=1 300w, https:\/\/i0.wp.com\/genevieveetbernardauxameriques.fr\/wp-content\/uploads\/2017\/04\/P1080138.jpg?w=720&amp;ssl=1 720w\" sizes=\"(max-width: 300px) 100vw, 300px\" data-recalc-dims=\"1\" \/><\/a><\/div>\n<p class=\"separator\">Beaucoup de chanteurs, des peintres<\/p>\n<div class=\"separator\"><a href=\"https:\/\/i0.wp.com\/genevieveetbernardauxameriques.fr\/wp-content\/uploads\/2017\/04\/P1080130.jpg?ssl=1\"><img loading=\"lazy\" decoding=\"async\" data-attachment-id=\"18188\" data-permalink=\"https:\/\/genevieveetbernardauxameriques.fr\/index.php\/2017\/04\/18\/colombie-3eme-article-de-medellin-a-bogota\/p1080130\/\" data-orig-file=\"https:\/\/i0.wp.com\/genevieveetbernardauxameriques.fr\/wp-content\/uploads\/2017\/04\/P1080130.jpg?fit=720%2C540&amp;ssl=1\" data-orig-size=\"720,540\" data-comments-opened=\"1\" data-image-meta=\"{&quot;aperture&quot;:&quot;5&quot;,&quot;credit&quot;:&quot;&quot;,&quot;camera&quot;:&quot;DMC-TZ55&quot;,&quot;caption&quot;:&quot;&quot;,&quot;created_timestamp&quot;:&quot;1492040885&quot;,&quot;copyright&quot;:&quot;&quot;,&quot;focal_length&quot;:&quot;13.3&quot;,&quot;iso&quot;:&quot;1600&quot;,&quot;shutter_speed&quot;:&quot;0.0125&quot;,&quot;title&quot;:&quot;&quot;,&quot;orientation&quot;:&quot;1&quot;}\" data-image-title=\"P1080130\" data-image-description=\"\" data-image-caption=\"\" data-medium-file=\"https:\/\/i0.wp.com\/genevieveetbernardauxameriques.fr\/wp-content\/uploads\/2017\/04\/P1080130.jpg?fit=300%2C225&amp;ssl=1\" data-large-file=\"https:\/\/i0.wp.com\/genevieveetbernardauxameriques.fr\/wp-content\/uploads\/2017\/04\/P1080130.jpg?fit=640%2C480&amp;ssl=1\" class=\"alignnone size-full wp-image-18188\" src=\"https:\/\/i0.wp.com\/genevieveetbernardauxameriques.fr\/wp-content\/uploads\/2017\/04\/P1080130.jpg?resize=640%2C480&#038;ssl=1\" alt=\"\" width=\"640\" height=\"480\" srcset=\"https:\/\/i0.wp.com\/genevieveetbernardauxameriques.fr\/wp-content\/uploads\/2017\/04\/P1080130.jpg?w=720&amp;ssl=1 720w, https:\/\/i0.wp.com\/genevieveetbernardauxameriques.fr\/wp-content\/uploads\/2017\/04\/P1080130.jpg?resize=300%2C225&amp;ssl=1 300w\" sizes=\"(max-width: 640px) 100vw, 640px\" data-recalc-dims=\"1\" \/><\/a><\/div>\n<div class=\"separator\"><a href=\"https:\/\/i0.wp.com\/genevieveetbernardauxameriques.fr\/wp-content\/uploads\/2017\/04\/P1080134.jpg?ssl=1\"><img loading=\"lazy\" decoding=\"async\" data-attachment-id=\"18190\" data-permalink=\"https:\/\/genevieveetbernardauxameriques.fr\/index.php\/2017\/04\/18\/colombie-3eme-article-de-medellin-a-bogota\/p1080134\/\" data-orig-file=\"https:\/\/i0.wp.com\/genevieveetbernardauxameriques.fr\/wp-content\/uploads\/2017\/04\/P1080134.jpg?fit=720%2C540&amp;ssl=1\" data-orig-size=\"720,540\" data-comments-opened=\"1\" data-image-meta=\"{&quot;aperture&quot;:&quot;4.6&quot;,&quot;credit&quot;:&quot;&quot;,&quot;camera&quot;:&quot;DMC-TZ55&quot;,&quot;caption&quot;:&quot;&quot;,&quot;created_timestamp&quot;:&quot;1492042314&quot;,&quot;copyright&quot;:&quot;&quot;,&quot;focal_length&quot;:&quot;9.7&quot;,&quot;iso&quot;:&quot;1250&quot;,&quot;shutter_speed&quot;:&quot;0.0025&quot;,&quot;title&quot;:&quot;&quot;,&quot;orientation&quot;:&quot;1&quot;}\" data-image-title=\"P1080134\" data-image-description=\"\" data-image-caption=\"\" data-medium-file=\"https:\/\/i0.wp.com\/genevieveetbernardauxameriques.fr\/wp-content\/uploads\/2017\/04\/P1080134.jpg?fit=300%2C225&amp;ssl=1\" data-large-file=\"https:\/\/i0.wp.com\/genevieveetbernardauxameriques.fr\/wp-content\/uploads\/2017\/04\/P1080134.jpg?fit=640%2C480&amp;ssl=1\" class=\"alignnone size-full wp-image-18190\" src=\"https:\/\/i0.wp.com\/genevieveetbernardauxameriques.fr\/wp-content\/uploads\/2017\/04\/P1080134.jpg?resize=640%2C480&#038;ssl=1\" alt=\"\" width=\"640\" height=\"480\" srcset=\"https:\/\/i0.wp.com\/genevieveetbernardauxameriques.fr\/wp-content\/uploads\/2017\/04\/P1080134.jpg?w=720&amp;ssl=1 720w, https:\/\/i0.wp.com\/genevieveetbernardauxameriques.fr\/wp-content\/uploads\/2017\/04\/P1080134.jpg?resize=300%2C225&amp;ssl=1 300w\" sizes=\"(max-width: 640px) 100vw, 640px\" data-recalc-dims=\"1\" \/><\/a><\/div>\n<div class=\"separator\"><img loading=\"lazy\" decoding=\"async\" data-attachment-id=\"18191\" data-permalink=\"https:\/\/genevieveetbernardauxameriques.fr\/index.php\/2017\/04\/18\/colombie-3eme-article-de-medellin-a-bogota\/p1080135\/\" data-orig-file=\"https:\/\/i0.wp.com\/genevieveetbernardauxameriques.fr\/wp-content\/uploads\/2017\/04\/P1080135.jpg?fit=720%2C540&amp;ssl=1\" data-orig-size=\"720,540\" data-comments-opened=\"1\" data-image-meta=\"{&quot;aperture&quot;:&quot;4.6&quot;,&quot;credit&quot;:&quot;&quot;,&quot;camera&quot;:&quot;DMC-TZ55&quot;,&quot;caption&quot;:&quot;&quot;,&quot;created_timestamp&quot;:&quot;1492042556&quot;,&quot;copyright&quot;:&quot;&quot;,&quot;focal_length&quot;:&quot;9.7&quot;,&quot;iso&quot;:&quot;100&quot;,&quot;shutter_speed&quot;:&quot;0.016666666666667&quot;,&quot;title&quot;:&quot;&quot;,&quot;orientation&quot;:&quot;1&quot;}\" data-image-title=\"P1080135\" data-image-description=\"\" data-image-caption=\"\" data-medium-file=\"https:\/\/i0.wp.com\/genevieveetbernardauxameriques.fr\/wp-content\/uploads\/2017\/04\/P1080135.jpg?fit=300%2C225&amp;ssl=1\" data-large-file=\"https:\/\/i0.wp.com\/genevieveetbernardauxameriques.fr\/wp-content\/uploads\/2017\/04\/P1080135.jpg?fit=640%2C480&amp;ssl=1\" class=\"alignnone size-full wp-image-18191\" src=\"https:\/\/i0.wp.com\/genevieveetbernardauxameriques.fr\/wp-content\/uploads\/2017\/04\/P1080135.jpg?resize=640%2C480&#038;ssl=1\" alt=\"\" width=\"640\" height=\"480\" srcset=\"https:\/\/i0.wp.com\/genevieveetbernardauxameriques.fr\/wp-content\/uploads\/2017\/04\/P1080135.jpg?w=720&amp;ssl=1 720w, https:\/\/i0.wp.com\/genevieveetbernardauxameriques.fr\/wp-content\/uploads\/2017\/04\/P1080135.jpg?resize=300%2C225&amp;ssl=1 300w\" sizes=\"(max-width: 640px) 100vw, 640px\" data-recalc-dims=\"1\" \/><\/div>\n<p class=\"separator\">et toujours l&rsquo;arm\u00e9e, mais ici devant une \u00e9glise, qui pr\u00e9pare une procession certainement pour la Semaine Sainte !<\/p>\n<div class=\"separator\"><img loading=\"lazy\" decoding=\"async\" data-attachment-id=\"18187\" data-permalink=\"https:\/\/genevieveetbernardauxameriques.fr\/index.php\/2017\/04\/18\/colombie-3eme-article-de-medellin-a-bogota\/p1080129\/\" data-orig-file=\"https:\/\/i0.wp.com\/genevieveetbernardauxameriques.fr\/wp-content\/uploads\/2017\/04\/P1080129.jpg?fit=720%2C540&amp;ssl=1\" data-orig-size=\"720,540\" data-comments-opened=\"1\" data-image-meta=\"{&quot;aperture&quot;:&quot;3.3&quot;,&quot;credit&quot;:&quot;&quot;,&quot;camera&quot;:&quot;DMC-TZ55&quot;,&quot;caption&quot;:&quot;&quot;,&quot;created_timestamp&quot;:&quot;1492040866&quot;,&quot;copyright&quot;:&quot;&quot;,&quot;focal_length&quot;:&quot;4.3&quot;,&quot;iso&quot;:&quot;1600&quot;,&quot;shutter_speed&quot;:&quot;0.002&quot;,&quot;title&quot;:&quot;&quot;,&quot;orientation&quot;:&quot;1&quot;}\" data-image-title=\"P1080129\" data-image-description=\"\" data-image-caption=\"\" data-medium-file=\"https:\/\/i0.wp.com\/genevieveetbernardauxameriques.fr\/wp-content\/uploads\/2017\/04\/P1080129.jpg?fit=300%2C225&amp;ssl=1\" data-large-file=\"https:\/\/i0.wp.com\/genevieveetbernardauxameriques.fr\/wp-content\/uploads\/2017\/04\/P1080129.jpg?fit=640%2C480&amp;ssl=1\" class=\"alignnone size-full wp-image-18187\" src=\"https:\/\/i0.wp.com\/genevieveetbernardauxameriques.fr\/wp-content\/uploads\/2017\/04\/P1080129.jpg?resize=640%2C480&#038;ssl=1\" alt=\"\" width=\"640\" height=\"480\" srcset=\"https:\/\/i0.wp.com\/genevieveetbernardauxameriques.fr\/wp-content\/uploads\/2017\/04\/P1080129.jpg?w=720&amp;ssl=1 720w, https:\/\/i0.wp.com\/genevieveetbernardauxameriques.fr\/wp-content\/uploads\/2017\/04\/P1080129.jpg?resize=300%2C225&amp;ssl=1 300w\" sizes=\"(max-width: 640px) 100vw, 640px\" data-recalc-dims=\"1\" \/><\/div>\n<div class=\"separator\"><a href=\"https:\/\/i0.wp.com\/genevieveetbernardauxameriques.fr\/wp-content\/uploads\/2017\/04\/P1080131.jpg?ssl=1\"><img loading=\"lazy\" decoding=\"async\" data-attachment-id=\"18189\" data-permalink=\"https:\/\/genevieveetbernardauxameriques.fr\/index.php\/2017\/04\/18\/colombie-3eme-article-de-medellin-a-bogota\/p1080131\/\" data-orig-file=\"https:\/\/i0.wp.com\/genevieveetbernardauxameriques.fr\/wp-content\/uploads\/2017\/04\/P1080131.jpg?fit=720%2C540&amp;ssl=1\" data-orig-size=\"720,540\" data-comments-opened=\"1\" data-image-meta=\"{&quot;aperture&quot;:&quot;3.3&quot;,&quot;credit&quot;:&quot;&quot;,&quot;camera&quot;:&quot;DMC-TZ55&quot;,&quot;caption&quot;:&quot;&quot;,&quot;created_timestamp&quot;:&quot;1492040908&quot;,&quot;copyright&quot;:&quot;&quot;,&quot;focal_length&quot;:&quot;4.3&quot;,&quot;iso&quot;:&quot;160&quot;,&quot;shutter_speed&quot;:&quot;0.016666666666667&quot;,&quot;title&quot;:&quot;&quot;,&quot;orientation&quot;:&quot;1&quot;}\" data-image-title=\"P1080131\" data-image-description=\"\" data-image-caption=\"\" data-medium-file=\"https:\/\/i0.wp.com\/genevieveetbernardauxameriques.fr\/wp-content\/uploads\/2017\/04\/P1080131.jpg?fit=300%2C225&amp;ssl=1\" data-large-file=\"https:\/\/i0.wp.com\/genevieveetbernardauxameriques.fr\/wp-content\/uploads\/2017\/04\/P1080131.jpg?fit=640%2C480&amp;ssl=1\" class=\"alignnone size-full wp-image-18189\" src=\"https:\/\/i0.wp.com\/genevieveetbernardauxameriques.fr\/wp-content\/uploads\/2017\/04\/P1080131.jpg?resize=640%2C480&#038;ssl=1\" alt=\"\" width=\"640\" height=\"480\" srcset=\"https:\/\/i0.wp.com\/genevieveetbernardauxameriques.fr\/wp-content\/uploads\/2017\/04\/P1080131.jpg?w=720&amp;ssl=1 720w, https:\/\/i0.wp.com\/genevieveetbernardauxameriques.fr\/wp-content\/uploads\/2017\/04\/P1080131.jpg?resize=300%2C225&amp;ssl=1 300w\" sizes=\"(max-width: 640px) 100vw, 640px\" data-recalc-dims=\"1\" \/><\/a><\/div>\n<div class=\"separator\"><\/div>\n<p class=\"separator\">C&rsquo;est un peu bizarre, il manque les statues&#8230;.<\/p>\n<p class=\"separator\">\u00a0Et toujours des 4L<\/p>\n<div class=\"separator\"><a href=\"https:\/\/i0.wp.com\/genevieveetbernardauxameriques.fr\/wp-content\/uploads\/2017\/04\/P1080043.jpg?ssl=1\"><img loading=\"lazy\" decoding=\"async\" data-attachment-id=\"18125\" data-permalink=\"https:\/\/genevieveetbernardauxameriques.fr\/index.php\/2017\/04\/18\/colombie-3eme-article-de-medellin-a-bogota\/p1080043\/\" data-orig-file=\"https:\/\/i0.wp.com\/genevieveetbernardauxameriques.fr\/wp-content\/uploads\/2017\/04\/P1080043.jpg?fit=720%2C540&amp;ssl=1\" data-orig-size=\"720,540\" data-comments-opened=\"1\" data-image-meta=\"{&quot;aperture&quot;:&quot;5&quot;,&quot;credit&quot;:&quot;&quot;,&quot;camera&quot;:&quot;DMC-TZ55&quot;,&quot;caption&quot;:&quot;&quot;,&quot;created_timestamp&quot;:&quot;1492016047&quot;,&quot;copyright&quot;:&quot;&quot;,&quot;focal_length&quot;:&quot;7.4&quot;,&quot;iso&quot;:&quot;320&quot;,&quot;shutter_speed&quot;:&quot;0.002&quot;,&quot;title&quot;:&quot;&quot;,&quot;orientation&quot;:&quot;1&quot;}\" data-image-title=\"P1080043\" data-image-description=\"\" data-image-caption=\"\" data-medium-file=\"https:\/\/i0.wp.com\/genevieveetbernardauxameriques.fr\/wp-content\/uploads\/2017\/04\/P1080043.jpg?fit=300%2C225&amp;ssl=1\" data-large-file=\"https:\/\/i0.wp.com\/genevieveetbernardauxameriques.fr\/wp-content\/uploads\/2017\/04\/P1080043.jpg?fit=640%2C480&amp;ssl=1\" class=\"alignnone size-full wp-image-18125\" src=\"https:\/\/i0.wp.com\/genevieveetbernardauxameriques.fr\/wp-content\/uploads\/2017\/04\/P1080043.jpg?resize=640%2C480&#038;ssl=1\" alt=\"\" width=\"640\" height=\"480\" srcset=\"https:\/\/i0.wp.com\/genevieveetbernardauxameriques.fr\/wp-content\/uploads\/2017\/04\/P1080043.jpg?w=720&amp;ssl=1 720w, https:\/\/i0.wp.com\/genevieveetbernardauxameriques.fr\/wp-content\/uploads\/2017\/04\/P1080043.jpg?resize=300%2C225&amp;ssl=1 300w\" sizes=\"(max-width: 640px) 100vw, 640px\" data-recalc-dims=\"1\" \/><\/a><\/div>\n<div class=\"separator\"><\/div>\n<p class=\"separator\">Lorsque nous arrivons au parking il fait nuit. On finit de souper lorsque quelqu&rsquo;un vient sonner \u00e0 notre porte. Il s&rsquo;agit d&rsquo;un couple de Fran\u00e7ais qui sont arrive\u00e9s 1\/2 h apr\u00e8s nous ce matin et qui sont all\u00e9s \u00e9galement au mus\u00e9e de l&rsquo;or. Nous papotons dehors, ils restent comme nous 2 jours \u00e0 BOGOTA. On se reverra donc demain.<\/p>\n<p class=\"separator\">\u00a0<strong>MERCREDI 12 AVRIL 2017<\/strong><\/p>\n<p class=\"separator\">\u00a0A 9 h nous repartons pour la place Bolivar, mais sans nous tromper cette fois.<\/p>\n<p class=\"separator\">Sur cette place qui a \u00e9t\u00e9 \u00e9difi\u00e9e \u00e0 l&#8217;emplacement m\u00eame des 12 premi\u00e8res maisons construites \u00e0 Bogota par les Conquistadors, est surnomm\u00e9e \u00ab Plaza Mayor \u00bb.<\/p>\n<p class=\"separator\">Ce lieu historique d\u00e9clar\u00e9 Monument National regroupe le Capitole, l\u2019h\u00f4tel de ville, le palais de justice, la cath\u00e9drale Primada ainsi que la r\u00e9sidence pr\u00e9sidentielle Casa Nari\u00f1o.<\/p>\n<p class=\"separator\">La Cath\u00e9dral Primada, la premi\u00e8re chapelle a \u00e9t\u00e9 remplac\u00e9e entre 1556 et 1565, mais elle s&rsquo;effondra en raison de la mauvaise qualit\u00e9 de ses fondations. En 1572, une 3\u00e8me \u00e9glise a \u00e9t\u00e9 construite, mais en 1785 un s\u00e9isme la r\u00e9duisit en miette. La cath\u00e9drale d&rsquo;aujourd&rsquo;hui fut construite en 1807.<\/p>\n<div class=\"separator\"><a href=\"https:\/\/i0.wp.com\/genevieveetbernardauxameriques.fr\/wp-content\/uploads\/2017\/04\/P1080050.jpg?ssl=1\"><img loading=\"lazy\" decoding=\"async\" data-attachment-id=\"18131\" data-permalink=\"https:\/\/genevieveetbernardauxameriques.fr\/index.php\/2017\/04\/18\/colombie-3eme-article-de-medellin-a-bogota\/p1080050\/\" data-orig-file=\"https:\/\/i0.wp.com\/genevieveetbernardauxameriques.fr\/wp-content\/uploads\/2017\/04\/P1080050.jpg?fit=720%2C540&amp;ssl=1\" data-orig-size=\"720,540\" data-comments-opened=\"1\" data-image-meta=\"{&quot;aperture&quot;:&quot;4&quot;,&quot;credit&quot;:&quot;&quot;,&quot;camera&quot;:&quot;DMC-TZ55&quot;,&quot;caption&quot;:&quot;&quot;,&quot;created_timestamp&quot;:&quot;1492019893&quot;,&quot;copyright&quot;:&quot;&quot;,&quot;focal_length&quot;:&quot;4.4&quot;,&quot;iso&quot;:&quot;100&quot;,&quot;shutter_speed&quot;:&quot;0.0008&quot;,&quot;title&quot;:&quot;&quot;,&quot;orientation&quot;:&quot;1&quot;}\" data-image-title=\"P1080050\" data-image-description=\"\" data-image-caption=\"\" data-medium-file=\"https:\/\/i0.wp.com\/genevieveetbernardauxameriques.fr\/wp-content\/uploads\/2017\/04\/P1080050.jpg?fit=300%2C225&amp;ssl=1\" data-large-file=\"https:\/\/i0.wp.com\/genevieveetbernardauxameriques.fr\/wp-content\/uploads\/2017\/04\/P1080050.jpg?fit=640%2C480&amp;ssl=1\" class=\"alignnone size-full wp-image-18131\" src=\"https:\/\/i0.wp.com\/genevieveetbernardauxameriques.fr\/wp-content\/uploads\/2017\/04\/P1080050.jpg?resize=640%2C480&#038;ssl=1\" alt=\"\" width=\"640\" height=\"480\" srcset=\"https:\/\/i0.wp.com\/genevieveetbernardauxameriques.fr\/wp-content\/uploads\/2017\/04\/P1080050.jpg?w=720&amp;ssl=1 720w, https:\/\/i0.wp.com\/genevieveetbernardauxameriques.fr\/wp-content\/uploads\/2017\/04\/P1080050.jpg?resize=300%2C225&amp;ssl=1 300w\" sizes=\"(max-width: 640px) 100vw, 640px\" data-recalc-dims=\"1\" \/><\/a> <a href=\"https:\/\/i0.wp.com\/genevieveetbernardauxameriques.fr\/wp-content\/uploads\/2017\/04\/P1080046.jpg?ssl=1\"><img loading=\"lazy\" decoding=\"async\" data-attachment-id=\"18128\" data-permalink=\"https:\/\/genevieveetbernardauxameriques.fr\/index.php\/2017\/04\/18\/colombie-3eme-article-de-medellin-a-bogota\/p1080046\/\" data-orig-file=\"https:\/\/i0.wp.com\/genevieveetbernardauxameriques.fr\/wp-content\/uploads\/2017\/04\/P1080046.jpg?fit=720%2C540&amp;ssl=1\" data-orig-size=\"720,540\" data-comments-opened=\"1\" data-image-meta=\"{&quot;aperture&quot;:&quot;3.3&quot;,&quot;credit&quot;:&quot;&quot;,&quot;camera&quot;:&quot;DMC-TZ55&quot;,&quot;caption&quot;:&quot;&quot;,&quot;created_timestamp&quot;:&quot;1492019684&quot;,&quot;copyright&quot;:&quot;&quot;,&quot;focal_length&quot;:&quot;4.3&quot;,&quot;iso&quot;:&quot;400&quot;,&quot;shutter_speed&quot;:&quot;0.033333333333333&quot;,&quot;title&quot;:&quot;&quot;,&quot;orientation&quot;:&quot;1&quot;}\" data-image-title=\"P1080046\" data-image-description=\"\" data-image-caption=\"\" data-medium-file=\"https:\/\/i0.wp.com\/genevieveetbernardauxameriques.fr\/wp-content\/uploads\/2017\/04\/P1080046.jpg?fit=300%2C225&amp;ssl=1\" data-large-file=\"https:\/\/i0.wp.com\/genevieveetbernardauxameriques.fr\/wp-content\/uploads\/2017\/04\/P1080046.jpg?fit=640%2C480&amp;ssl=1\" class=\"alignnone size-full wp-image-18128\" src=\"https:\/\/i0.wp.com\/genevieveetbernardauxameriques.fr\/wp-content\/uploads\/2017\/04\/P1080046.jpg?resize=640%2C480&#038;ssl=1\" alt=\"\" width=\"640\" height=\"480\" srcset=\"https:\/\/i0.wp.com\/genevieveetbernardauxameriques.fr\/wp-content\/uploads\/2017\/04\/P1080046.jpg?w=720&amp;ssl=1 720w, https:\/\/i0.wp.com\/genevieveetbernardauxameriques.fr\/wp-content\/uploads\/2017\/04\/P1080046.jpg?resize=300%2C225&amp;ssl=1 300w\" sizes=\"(max-width: 640px) 100vw, 640px\" data-recalc-dims=\"1\" \/><\/a><\/div>\n<div class=\"separator\"><\/div>\n<p class=\"separator\">Juste \u00e0 cot\u00e9 cette petite chapelle qui contient de belles pi\u00e8ces \u00e0 l&rsquo;int\u00e9rieur mais qui est ferm\u00e9e.<\/p>\n<div class=\"separator\"><img loading=\"lazy\" decoding=\"async\" data-attachment-id=\"18132\" data-permalink=\"https:\/\/genevieveetbernardauxameriques.fr\/index.php\/2017\/04\/18\/colombie-3eme-article-de-medellin-a-bogota\/p1080051\/\" data-orig-file=\"https:\/\/i0.wp.com\/genevieveetbernardauxameriques.fr\/wp-content\/uploads\/2017\/04\/P1080051.jpg?fit=720%2C540&amp;ssl=1\" data-orig-size=\"720,540\" data-comments-opened=\"1\" data-image-meta=\"{&quot;aperture&quot;:&quot;5&quot;,&quot;credit&quot;:&quot;&quot;,&quot;camera&quot;:&quot;DMC-TZ55&quot;,&quot;caption&quot;:&quot;&quot;,&quot;created_timestamp&quot;:&quot;1492019908&quot;,&quot;copyright&quot;:&quot;&quot;,&quot;focal_length&quot;:&quot;6.1&quot;,&quot;iso&quot;:&quot;100&quot;,&quot;shutter_speed&quot;:&quot;0.0015625&quot;,&quot;title&quot;:&quot;&quot;,&quot;orientation&quot;:&quot;1&quot;}\" data-image-title=\"P1080051\" data-image-description=\"\" data-image-caption=\"\" data-medium-file=\"https:\/\/i0.wp.com\/genevieveetbernardauxameriques.fr\/wp-content\/uploads\/2017\/04\/P1080051.jpg?fit=300%2C225&amp;ssl=1\" data-large-file=\"https:\/\/i0.wp.com\/genevieveetbernardauxameriques.fr\/wp-content\/uploads\/2017\/04\/P1080051.jpg?fit=640%2C480&amp;ssl=1\" class=\"alignnone size-full wp-image-18132\" src=\"https:\/\/i0.wp.com\/genevieveetbernardauxameriques.fr\/wp-content\/uploads\/2017\/04\/P1080051.jpg?resize=640%2C480&#038;ssl=1\" alt=\"\" width=\"640\" height=\"480\" srcset=\"https:\/\/i0.wp.com\/genevieveetbernardauxameriques.fr\/wp-content\/uploads\/2017\/04\/P1080051.jpg?w=720&amp;ssl=1 720w, https:\/\/i0.wp.com\/genevieveetbernardauxameriques.fr\/wp-content\/uploads\/2017\/04\/P1080051.jpg?resize=300%2C225&amp;ssl=1 300w\" sizes=\"(max-width: 640px) 100vw, 640px\" data-recalc-dims=\"1\" \/><\/div>\n<p class=\"separator\">Le Capitolio Nacional, si\u00e8ge du Congr\u00e8s, \u00e0 gauche<a href=\"https:\/\/i0.wp.com\/genevieveetbernardauxameriques.fr\/wp-content\/uploads\/2017\/04\/P1080044.jpg?ssl=1\"><img loading=\"lazy\" decoding=\"async\" data-attachment-id=\"18126\" data-permalink=\"https:\/\/genevieveetbernardauxameriques.fr\/index.php\/2017\/04\/18\/colombie-3eme-article-de-medellin-a-bogota\/p1080044\/\" data-orig-file=\"https:\/\/i0.wp.com\/genevieveetbernardauxameriques.fr\/wp-content\/uploads\/2017\/04\/P1080044.jpg?fit=720%2C540&amp;ssl=1\" data-orig-size=\"720,540\" data-comments-opened=\"1\" data-image-meta=\"{&quot;aperture&quot;:&quot;4&quot;,&quot;credit&quot;:&quot;&quot;,&quot;camera&quot;:&quot;DMC-TZ55&quot;,&quot;caption&quot;:&quot;&quot;,&quot;created_timestamp&quot;:&quot;1492019499&quot;,&quot;copyright&quot;:&quot;&quot;,&quot;focal_length&quot;:&quot;4.3&quot;,&quot;iso&quot;:&quot;100&quot;,&quot;shutter_speed&quot;:&quot;0.000625&quot;,&quot;title&quot;:&quot;&quot;,&quot;orientation&quot;:&quot;1&quot;}\" data-image-title=\"P1080044\" data-image-description=\"\" data-image-caption=\"\" data-medium-file=\"https:\/\/i0.wp.com\/genevieveetbernardauxameriques.fr\/wp-content\/uploads\/2017\/04\/P1080044.jpg?fit=300%2C225&amp;ssl=1\" data-large-file=\"https:\/\/i0.wp.com\/genevieveetbernardauxameriques.fr\/wp-content\/uploads\/2017\/04\/P1080044.jpg?fit=640%2C480&amp;ssl=1\" class=\"alignnone size-full wp-image-18126\" src=\"https:\/\/i0.wp.com\/genevieveetbernardauxameriques.fr\/wp-content\/uploads\/2017\/04\/P1080044.jpg?resize=640%2C480&#038;ssl=1\" alt=\"\" width=\"640\" height=\"480\" srcset=\"https:\/\/i0.wp.com\/genevieveetbernardauxameriques.fr\/wp-content\/uploads\/2017\/04\/P1080044.jpg?w=720&amp;ssl=1 720w, https:\/\/i0.wp.com\/genevieveetbernardauxameriques.fr\/wp-content\/uploads\/2017\/04\/P1080044.jpg?resize=300%2C225&amp;ssl=1 300w\" sizes=\"(max-width: 640px) 100vw, 640px\" data-recalc-dims=\"1\" \/><\/a><\/p>\n<p class=\"separator\">\u00a0En face de l&rsquo;autre c\u00f4t\u00e9, le Palais de Justice, si\u00e8ge de la Cour Supr\u00eame qui fut d\u00e9truit lors de la r\u00e9volte de 1948\u00a0et reconstruit dans les ann\u00e9es 1960. En 1985 un groupe de gu\u00e9rilla, soup\u00e7onn\u00e9 d\u2019\u00eatre envoy\u00e9 par Pablo Escobar afin de d\u00e9truire des documents d\u2019extradition, pris possession du palais de justice avant que l\u2019arm\u00e9e intervienne de mani\u00e8re sanglante.<\/p>\n<p class=\"separator\"><a href=\"https:\/\/i0.wp.com\/genevieveetbernardauxameriques.fr\/wp-content\/uploads\/2017\/04\/P1080045.jpg?ssl=1\"><img loading=\"lazy\" decoding=\"async\" data-attachment-id=\"18127\" data-permalink=\"https:\/\/genevieveetbernardauxameriques.fr\/index.php\/2017\/04\/18\/colombie-3eme-article-de-medellin-a-bogota\/p1080045\/\" data-orig-file=\"https:\/\/i0.wp.com\/genevieveetbernardauxameriques.fr\/wp-content\/uploads\/2017\/04\/P1080045.jpg?fit=720%2C540&amp;ssl=1\" data-orig-size=\"720,540\" data-comments-opened=\"1\" data-image-meta=\"{&quot;aperture&quot;:&quot;4&quot;,&quot;credit&quot;:&quot;&quot;,&quot;camera&quot;:&quot;DMC-TZ55&quot;,&quot;caption&quot;:&quot;&quot;,&quot;created_timestamp&quot;:&quot;1492019509&quot;,&quot;copyright&quot;:&quot;&quot;,&quot;focal_length&quot;:&quot;4.3&quot;,&quot;iso&quot;:&quot;100&quot;,&quot;shutter_speed&quot;:&quot;0.0008&quot;,&quot;title&quot;:&quot;&quot;,&quot;orientation&quot;:&quot;1&quot;}\" data-image-title=\"P1080045\" data-image-description=\"\" data-image-caption=\"\" data-medium-file=\"https:\/\/i0.wp.com\/genevieveetbernardauxameriques.fr\/wp-content\/uploads\/2017\/04\/P1080045.jpg?fit=300%2C225&amp;ssl=1\" data-large-file=\"https:\/\/i0.wp.com\/genevieveetbernardauxameriques.fr\/wp-content\/uploads\/2017\/04\/P1080045.jpg?fit=640%2C480&amp;ssl=1\" class=\"alignnone size-full wp-image-18127\" src=\"https:\/\/i0.wp.com\/genevieveetbernardauxameriques.fr\/wp-content\/uploads\/2017\/04\/P1080045.jpg?resize=640%2C480&#038;ssl=1\" alt=\"\" width=\"640\" height=\"480\" srcset=\"https:\/\/i0.wp.com\/genevieveetbernardauxameriques.fr\/wp-content\/uploads\/2017\/04\/P1080045.jpg?w=720&amp;ssl=1 720w, https:\/\/i0.wp.com\/genevieveetbernardauxameriques.fr\/wp-content\/uploads\/2017\/04\/P1080045.jpg?resize=300%2C225&amp;ssl=1 300w\" sizes=\"(max-width: 640px) 100vw, 640px\" data-recalc-dims=\"1\" \/><\/a><\/p>\n<p class=\"separator\">\u00a0En continuant par une route ferm\u00e9e \u00e0 la circulation nous longeons d&rsquo;un c\u00f4t\u00e9 ces monuments :<\/p>\n<p class=\"separator\">(Le <em>C<\/em>olegio de San Bartolom\u00e9 de Bogot\u00e1 fond\u00e9 en 1604 par les J\u00e9suites est l\u2019\u00e9tablissement \u00e9ducatif le plus ancien du pays.)<\/p>\n<p class=\"separator\"><a href=\"https:\/\/i0.wp.com\/genevieveetbernardauxameriques.fr\/wp-content\/uploads\/2017\/04\/P1080052.jpg?ssl=1\"><img loading=\"lazy\" decoding=\"async\" data-attachment-id=\"18133\" data-permalink=\"https:\/\/genevieveetbernardauxameriques.fr\/index.php\/2017\/04\/18\/colombie-3eme-article-de-medellin-a-bogota\/p1080052\/\" data-orig-file=\"https:\/\/i0.wp.com\/genevieveetbernardauxameriques.fr\/wp-content\/uploads\/2017\/04\/P1080052.jpg?fit=720%2C540&amp;ssl=1\" data-orig-size=\"720,540\" data-comments-opened=\"1\" data-image-meta=\"{&quot;aperture&quot;:&quot;5&quot;,&quot;credit&quot;:&quot;&quot;,&quot;camera&quot;:&quot;DMC-TZ55&quot;,&quot;caption&quot;:&quot;&quot;,&quot;created_timestamp&quot;:&quot;1492019966&quot;,&quot;copyright&quot;:&quot;&quot;,&quot;focal_length&quot;:&quot;9&quot;,&quot;iso&quot;:&quot;100&quot;,&quot;shutter_speed&quot;:&quot;0.00125&quot;,&quot;title&quot;:&quot;&quot;,&quot;orientation&quot;:&quot;1&quot;}\" data-image-title=\"P1080052\" data-image-description=\"\" data-image-caption=\"\" data-medium-file=\"https:\/\/i0.wp.com\/genevieveetbernardauxameriques.fr\/wp-content\/uploads\/2017\/04\/P1080052.jpg?fit=300%2C225&amp;ssl=1\" data-large-file=\"https:\/\/i0.wp.com\/genevieveetbernardauxameriques.fr\/wp-content\/uploads\/2017\/04\/P1080052.jpg?fit=640%2C480&amp;ssl=1\" class=\"alignnone size-full wp-image-18133\" src=\"https:\/\/i0.wp.com\/genevieveetbernardauxameriques.fr\/wp-content\/uploads\/2017\/04\/P1080052.jpg?resize=640%2C480&#038;ssl=1\" alt=\"\" width=\"640\" height=\"480\" srcset=\"https:\/\/i0.wp.com\/genevieveetbernardauxameriques.fr\/wp-content\/uploads\/2017\/04\/P1080052.jpg?w=720&amp;ssl=1 720w, https:\/\/i0.wp.com\/genevieveetbernardauxameriques.fr\/wp-content\/uploads\/2017\/04\/P1080052.jpg?resize=300%2C225&amp;ssl=1 300w\" sizes=\"(max-width: 640px) 100vw, 640px\" data-recalc-dims=\"1\" \/><\/a> <a href=\"https:\/\/i0.wp.com\/genevieveetbernardauxameriques.fr\/wp-content\/uploads\/2017\/04\/P1080053.jpg?ssl=1\"><img loading=\"lazy\" decoding=\"async\" data-attachment-id=\"18134\" data-permalink=\"https:\/\/genevieveetbernardauxameriques.fr\/index.php\/2017\/04\/18\/colombie-3eme-article-de-medellin-a-bogota\/p1080053\/\" data-orig-file=\"https:\/\/i0.wp.com\/genevieveetbernardauxameriques.fr\/wp-content\/uploads\/2017\/04\/P1080053.jpg?fit=720%2C540&amp;ssl=1\" data-orig-size=\"720,540\" data-comments-opened=\"1\" data-image-meta=\"{&quot;aperture&quot;:&quot;4&quot;,&quot;credit&quot;:&quot;&quot;,&quot;camera&quot;:&quot;DMC-TZ55&quot;,&quot;caption&quot;:&quot;&quot;,&quot;created_timestamp&quot;:&quot;1492020023&quot;,&quot;copyright&quot;:&quot;&quot;,&quot;focal_length&quot;:&quot;4.4&quot;,&quot;iso&quot;:&quot;100&quot;,&quot;shutter_speed&quot;:&quot;0.002&quot;,&quot;title&quot;:&quot;&quot;,&quot;orientation&quot;:&quot;1&quot;}\" data-image-title=\"P1080053\" data-image-description=\"\" data-image-caption=\"\" data-medium-file=\"https:\/\/i0.wp.com\/genevieveetbernardauxameriques.fr\/wp-content\/uploads\/2017\/04\/P1080053.jpg?fit=300%2C225&amp;ssl=1\" data-large-file=\"https:\/\/i0.wp.com\/genevieveetbernardauxameriques.fr\/wp-content\/uploads\/2017\/04\/P1080053.jpg?fit=640%2C480&amp;ssl=1\" class=\"alignnone size-full wp-image-18134\" src=\"https:\/\/i0.wp.com\/genevieveetbernardauxameriques.fr\/wp-content\/uploads\/2017\/04\/P1080053.jpg?resize=640%2C480&#038;ssl=1\" alt=\"\" width=\"640\" height=\"480\" srcset=\"https:\/\/i0.wp.com\/genevieveetbernardauxameriques.fr\/wp-content\/uploads\/2017\/04\/P1080053.jpg?w=720&amp;ssl=1 720w, https:\/\/i0.wp.com\/genevieveetbernardauxameriques.fr\/wp-content\/uploads\/2017\/04\/P1080053.jpg?resize=300%2C225&amp;ssl=1 300w\" sizes=\"(max-width: 640px) 100vw, 640px\" data-recalc-dims=\"1\" \/><\/a> \u00a0<a href=\"https:\/\/i0.wp.com\/genevieveetbernardauxameriques.fr\/wp-content\/uploads\/2017\/04\/P1080061.jpg?ssl=1\"><img loading=\"lazy\" decoding=\"async\" data-attachment-id=\"18138\" data-permalink=\"https:\/\/genevieveetbernardauxameriques.fr\/index.php\/2017\/04\/18\/colombie-3eme-article-de-medellin-a-bogota\/p1080061\/\" data-orig-file=\"https:\/\/i0.wp.com\/genevieveetbernardauxameriques.fr\/wp-content\/uploads\/2017\/04\/P1080061.jpg?fit=720%2C540&amp;ssl=1\" data-orig-size=\"720,540\" data-comments-opened=\"1\" data-image-meta=\"{&quot;aperture&quot;:&quot;4&quot;,&quot;credit&quot;:&quot;&quot;,&quot;camera&quot;:&quot;DMC-TZ55&quot;,&quot;caption&quot;:&quot;&quot;,&quot;created_timestamp&quot;:&quot;1492020340&quot;,&quot;copyright&quot;:&quot;&quot;,&quot;focal_length&quot;:&quot;4.4&quot;,&quot;iso&quot;:&quot;100&quot;,&quot;shutter_speed&quot;:&quot;0.0015625&quot;,&quot;title&quot;:&quot;&quot;,&quot;orientation&quot;:&quot;1&quot;}\" data-image-title=\"P1080061\" data-image-description=\"\" data-image-caption=\"\" data-medium-file=\"https:\/\/i0.wp.com\/genevieveetbernardauxameriques.fr\/wp-content\/uploads\/2017\/04\/P1080061.jpg?fit=300%2C225&amp;ssl=1\" data-large-file=\"https:\/\/i0.wp.com\/genevieveetbernardauxameriques.fr\/wp-content\/uploads\/2017\/04\/P1080061.jpg?fit=640%2C480&amp;ssl=1\" class=\"alignnone size-full wp-image-18138\" src=\"https:\/\/i0.wp.com\/genevieveetbernardauxameriques.fr\/wp-content\/uploads\/2017\/04\/P1080061.jpg?resize=640%2C480&#038;ssl=1\" alt=\"\" width=\"640\" height=\"480\" srcset=\"https:\/\/i0.wp.com\/genevieveetbernardauxameriques.fr\/wp-content\/uploads\/2017\/04\/P1080061.jpg?w=720&amp;ssl=1 720w, https:\/\/i0.wp.com\/genevieveetbernardauxameriques.fr\/wp-content\/uploads\/2017\/04\/P1080061.jpg?resize=300%2C225&amp;ssl=1 300w\" sizes=\"(max-width: 640px) 100vw, 640px\" data-recalc-dims=\"1\" \/><\/a><\/p>\n<h3 class=\"separator\">\u00a0Et de l&rsquo;autre c\u00f4t\u00e9 la Casa de Narino, juste derri\u00e8re le Capitolio, se trouve le lieu de r\u00e9sidence et de travail du Pr\u00e9sident de la Colombie. Nous ne pouvons pas marcher sur le trottoir ni nous approcher des grilles<\/h3>\n<h4 class=\"separator\"><\/h4>\n<div class=\"separator\"><a href=\"https:\/\/i0.wp.com\/genevieveetbernardauxameriques.fr\/wp-content\/uploads\/2017\/04\/P1080058.jpg?ssl=1\"><img loading=\"lazy\" decoding=\"async\" data-attachment-id=\"18137\" data-permalink=\"https:\/\/genevieveetbernardauxameriques.fr\/index.php\/2017\/04\/18\/colombie-3eme-article-de-medellin-a-bogota\/p1080058\/\" data-orig-file=\"https:\/\/i0.wp.com\/genevieveetbernardauxameriques.fr\/wp-content\/uploads\/2017\/04\/P1080058.jpg?fit=720%2C540&amp;ssl=1\" data-orig-size=\"720,540\" data-comments-opened=\"1\" data-image-meta=\"{&quot;aperture&quot;:&quot;5.6&quot;,&quot;credit&quot;:&quot;&quot;,&quot;camera&quot;:&quot;DMC-TZ55&quot;,&quot;caption&quot;:&quot;&quot;,&quot;created_timestamp&quot;:&quot;1492020272&quot;,&quot;copyright&quot;:&quot;&quot;,&quot;focal_length&quot;:&quot;13.3&quot;,&quot;iso&quot;:&quot;100&quot;,&quot;shutter_speed&quot;:&quot;0.005&quot;,&quot;title&quot;:&quot;&quot;,&quot;orientation&quot;:&quot;1&quot;}\" data-image-title=\"P1080058\" data-image-description=\"\" data-image-caption=\"\" data-medium-file=\"https:\/\/i0.wp.com\/genevieveetbernardauxameriques.fr\/wp-content\/uploads\/2017\/04\/P1080058.jpg?fit=300%2C225&amp;ssl=1\" data-large-file=\"https:\/\/i0.wp.com\/genevieveetbernardauxameriques.fr\/wp-content\/uploads\/2017\/04\/P1080058.jpg?fit=640%2C480&amp;ssl=1\" class=\"wp-image-18137 aligncenter\" src=\"https:\/\/i0.wp.com\/genevieveetbernardauxameriques.fr\/wp-content\/uploads\/2017\/04\/P1080058.jpg?resize=543%2C407&#038;ssl=1\" alt=\"\" width=\"543\" height=\"407\" srcset=\"https:\/\/i0.wp.com\/genevieveetbernardauxameriques.fr\/wp-content\/uploads\/2017\/04\/P1080058.jpg?w=720&amp;ssl=1 720w, https:\/\/i0.wp.com\/genevieveetbernardauxameriques.fr\/wp-content\/uploads\/2017\/04\/P1080058.jpg?resize=300%2C225&amp;ssl=1 300w\" sizes=\"(max-width: 543px) 100vw, 543px\" data-recalc-dims=\"1\" \/><\/a><\/div>\n<div><img loading=\"lazy\" decoding=\"async\" data-attachment-id=\"18136\" data-permalink=\"https:\/\/genevieveetbernardauxameriques.fr\/index.php\/2017\/04\/18\/colombie-3eme-article-de-medellin-a-bogota\/p1080057\/\" data-orig-file=\"https:\/\/i0.wp.com\/genevieveetbernardauxameriques.fr\/wp-content\/uploads\/2017\/04\/P1080057.jpg?fit=720%2C540&amp;ssl=1\" data-orig-size=\"720,540\" data-comments-opened=\"1\" data-image-meta=\"{&quot;aperture&quot;:&quot;4&quot;,&quot;credit&quot;:&quot;&quot;,&quot;camera&quot;:&quot;DMC-TZ55&quot;,&quot;caption&quot;:&quot;&quot;,&quot;created_timestamp&quot;:&quot;1492020229&quot;,&quot;copyright&quot;:&quot;&quot;,&quot;focal_length&quot;:&quot;4.3&quot;,&quot;iso&quot;:&quot;100&quot;,&quot;shutter_speed&quot;:&quot;0.001&quot;,&quot;title&quot;:&quot;&quot;,&quot;orientation&quot;:&quot;1&quot;}\" data-image-title=\"P1080057\" data-image-description=\"\" data-image-caption=\"\" data-medium-file=\"https:\/\/i0.wp.com\/genevieveetbernardauxameriques.fr\/wp-content\/uploads\/2017\/04\/P1080057.jpg?fit=300%2C225&amp;ssl=1\" data-large-file=\"https:\/\/i0.wp.com\/genevieveetbernardauxameriques.fr\/wp-content\/uploads\/2017\/04\/P1080057.jpg?fit=640%2C480&amp;ssl=1\" class=\"alignnone size-full wp-image-18136\" src=\"https:\/\/i0.wp.com\/genevieveetbernardauxameriques.fr\/wp-content\/uploads\/2017\/04\/P1080057.jpg?resize=640%2C480&#038;ssl=1\" alt=\"\" width=\"640\" height=\"480\" srcset=\"https:\/\/i0.wp.com\/genevieveetbernardauxameriques.fr\/wp-content\/uploads\/2017\/04\/P1080057.jpg?w=720&amp;ssl=1 720w, https:\/\/i0.wp.com\/genevieveetbernardauxameriques.fr\/wp-content\/uploads\/2017\/04\/P1080057.jpg?resize=300%2C225&amp;ssl=1 300w\" sizes=\"(max-width: 640px) 100vw, 640px\" data-recalc-dims=\"1\" \/><\/div>\n<div class=\"separator\"><\/div>\n<p class=\"separator\">La fa\u00e7ade qui donne sur une place derri\u00e8re<\/p>\n<p><img loading=\"lazy\" decoding=\"async\" data-attachment-id=\"18141\" data-permalink=\"https:\/\/genevieveetbernardauxameriques.fr\/index.php\/2017\/04\/18\/colombie-3eme-article-de-medellin-a-bogota\/p1080064\/\" data-orig-file=\"https:\/\/i0.wp.com\/genevieveetbernardauxameriques.fr\/wp-content\/uploads\/2017\/04\/P1080064.jpg?fit=720%2C540&amp;ssl=1\" data-orig-size=\"720,540\" data-comments-opened=\"1\" data-image-meta=\"{&quot;aperture&quot;:&quot;4&quot;,&quot;credit&quot;:&quot;&quot;,&quot;camera&quot;:&quot;DMC-TZ55&quot;,&quot;caption&quot;:&quot;&quot;,&quot;created_timestamp&quot;:&quot;1492020418&quot;,&quot;copyright&quot;:&quot;&quot;,&quot;focal_length&quot;:&quot;4.3&quot;,&quot;iso&quot;:&quot;100&quot;,&quot;shutter_speed&quot;:&quot;0.001&quot;,&quot;title&quot;:&quot;&quot;,&quot;orientation&quot;:&quot;1&quot;}\" data-image-title=\"P1080064\" data-image-description=\"\" data-image-caption=\"\" data-medium-file=\"https:\/\/i0.wp.com\/genevieveetbernardauxameriques.fr\/wp-content\/uploads\/2017\/04\/P1080064.jpg?fit=300%2C225&amp;ssl=1\" data-large-file=\"https:\/\/i0.wp.com\/genevieveetbernardauxameriques.fr\/wp-content\/uploads\/2017\/04\/P1080064.jpg?fit=640%2C480&amp;ssl=1\" class=\"alignnone size-full wp-image-18141\" src=\"https:\/\/i0.wp.com\/genevieveetbernardauxameriques.fr\/wp-content\/uploads\/2017\/04\/P1080064.jpg?resize=640%2C480&#038;ssl=1\" alt=\"\" width=\"640\" height=\"480\" srcset=\"https:\/\/i0.wp.com\/genevieveetbernardauxameriques.fr\/wp-content\/uploads\/2017\/04\/P1080064.jpg?w=720&amp;ssl=1 720w, https:\/\/i0.wp.com\/genevieveetbernardauxameriques.fr\/wp-content\/uploads\/2017\/04\/P1080064.jpg?resize=300%2C225&amp;ssl=1 300w\" sizes=\"(max-width: 640px) 100vw, 640px\" data-recalc-dims=\"1\" \/><a href=\"https:\/\/i0.wp.com\/genevieveetbernardauxameriques.fr\/wp-content\/uploads\/2017\/04\/P1080068.jpg?ssl=1\"><img loading=\"lazy\" decoding=\"async\" data-attachment-id=\"18142\" data-permalink=\"https:\/\/genevieveetbernardauxameriques.fr\/index.php\/2017\/04\/18\/colombie-3eme-article-de-medellin-a-bogota\/p1080068\/\" data-orig-file=\"https:\/\/i0.wp.com\/genevieveetbernardauxameriques.fr\/wp-content\/uploads\/2017\/04\/P1080068.jpg?fit=720%2C540&amp;ssl=1\" data-orig-size=\"720,540\" data-comments-opened=\"1\" data-image-meta=\"{&quot;aperture&quot;:&quot;4&quot;,&quot;credit&quot;:&quot;&quot;,&quot;camera&quot;:&quot;DMC-TZ55&quot;,&quot;caption&quot;:&quot;&quot;,&quot;created_timestamp&quot;:&quot;1492020560&quot;,&quot;copyright&quot;:&quot;&quot;,&quot;focal_length&quot;:&quot;4.3&quot;,&quot;iso&quot;:&quot;100&quot;,&quot;shutter_speed&quot;:&quot;0.0008&quot;,&quot;title&quot;:&quot;&quot;,&quot;orientation&quot;:&quot;1&quot;}\" data-image-title=\"P1080068\" data-image-description=\"\" data-image-caption=\"\" data-medium-file=\"https:\/\/i0.wp.com\/genevieveetbernardauxameriques.fr\/wp-content\/uploads\/2017\/04\/P1080068.jpg?fit=300%2C225&amp;ssl=1\" data-large-file=\"https:\/\/i0.wp.com\/genevieveetbernardauxameriques.fr\/wp-content\/uploads\/2017\/04\/P1080068.jpg?fit=640%2C480&amp;ssl=1\" class=\"alignnone size-full wp-image-18142\" src=\"https:\/\/i0.wp.com\/genevieveetbernardauxameriques.fr\/wp-content\/uploads\/2017\/04\/P1080068.jpg?resize=640%2C480&#038;ssl=1\" alt=\"\" width=\"640\" height=\"480\" srcset=\"https:\/\/i0.wp.com\/genevieveetbernardauxameriques.fr\/wp-content\/uploads\/2017\/04\/P1080068.jpg?w=720&amp;ssl=1 720w, https:\/\/i0.wp.com\/genevieveetbernardauxameriques.fr\/wp-content\/uploads\/2017\/04\/P1080068.jpg?resize=300%2C225&amp;ssl=1 300w\" sizes=\"(max-width: 640px) 100vw, 640px\" data-recalc-dims=\"1\" \/><\/a> <a href=\"https:\/\/i0.wp.com\/genevieveetbernardauxameriques.fr\/wp-content\/uploads\/2017\/04\/P1080069.jpg?ssl=1\"><img loading=\"lazy\" decoding=\"async\" data-attachment-id=\"18143\" data-permalink=\"https:\/\/genevieveetbernardauxameriques.fr\/index.php\/2017\/04\/18\/colombie-3eme-article-de-medellin-a-bogota\/p1080069\/\" data-orig-file=\"https:\/\/i0.wp.com\/genevieveetbernardauxameriques.fr\/wp-content\/uploads\/2017\/04\/P1080069.jpg?fit=720%2C540&amp;ssl=1\" data-orig-size=\"720,540\" data-comments-opened=\"1\" data-image-meta=\"{&quot;aperture&quot;:&quot;5.6&quot;,&quot;credit&quot;:&quot;&quot;,&quot;camera&quot;:&quot;DMC-TZ55&quot;,&quot;caption&quot;:&quot;&quot;,&quot;created_timestamp&quot;:&quot;1492020633&quot;,&quot;copyright&quot;:&quot;&quot;,&quot;focal_length&quot;:&quot;9.7&quot;,&quot;iso&quot;:&quot;100&quot;,&quot;shutter_speed&quot;:&quot;0.004&quot;,&quot;title&quot;:&quot;&quot;,&quot;orientation&quot;:&quot;1&quot;}\" data-image-title=\"P1080069\" data-image-description=\"\" data-image-caption=\"\" data-medium-file=\"https:\/\/i0.wp.com\/genevieveetbernardauxameriques.fr\/wp-content\/uploads\/2017\/04\/P1080069.jpg?fit=300%2C225&amp;ssl=1\" data-large-file=\"https:\/\/i0.wp.com\/genevieveetbernardauxameriques.fr\/wp-content\/uploads\/2017\/04\/P1080069.jpg?fit=640%2C480&amp;ssl=1\" class=\"alignnone size-full wp-image-18143\" src=\"https:\/\/i0.wp.com\/genevieveetbernardauxameriques.fr\/wp-content\/uploads\/2017\/04\/P1080069.jpg?resize=640%2C480&#038;ssl=1\" alt=\"\" width=\"640\" height=\"480\" srcset=\"https:\/\/i0.wp.com\/genevieveetbernardauxameriques.fr\/wp-content\/uploads\/2017\/04\/P1080069.jpg?w=720&amp;ssl=1 720w, https:\/\/i0.wp.com\/genevieveetbernardauxameriques.fr\/wp-content\/uploads\/2017\/04\/P1080069.jpg?resize=300%2C225&amp;ssl=1 300w\" sizes=\"(max-width: 640px) 100vw, 640px\" data-recalc-dims=\"1\" \/><\/a><\/p>\n<p class=\"separator\">\u00a0Sur cette m\u00eame place<\/p>\n<div class=\"separator\"><a href=\"https:\/\/i0.wp.com\/genevieveetbernardauxameriques.fr\/wp-content\/uploads\/2017\/04\/P1080070.jpg?ssl=1\"><img loading=\"lazy\" decoding=\"async\" data-attachment-id=\"18144\" data-permalink=\"https:\/\/genevieveetbernardauxameriques.fr\/index.php\/2017\/04\/18\/colombie-3eme-article-de-medellin-a-bogota\/p1080070\/\" data-orig-file=\"https:\/\/i0.wp.com\/genevieveetbernardauxameriques.fr\/wp-content\/uploads\/2017\/04\/P1080070.jpg?fit=720%2C540&amp;ssl=1\" data-orig-size=\"720,540\" data-comments-opened=\"1\" data-image-meta=\"{&quot;aperture&quot;:&quot;6.3&quot;,&quot;credit&quot;:&quot;&quot;,&quot;camera&quot;:&quot;DMC-TZ55&quot;,&quot;caption&quot;:&quot;&quot;,&quot;created_timestamp&quot;:&quot;1492020688&quot;,&quot;copyright&quot;:&quot;&quot;,&quot;focal_length&quot;:&quot;25.9&quot;,&quot;iso&quot;:&quot;100&quot;,&quot;shutter_speed&quot;:&quot;0.0025&quot;,&quot;title&quot;:&quot;&quot;,&quot;orientation&quot;:&quot;1&quot;}\" data-image-title=\"P1080070\" data-image-description=\"\" data-image-caption=\"\" data-medium-file=\"https:\/\/i0.wp.com\/genevieveetbernardauxameriques.fr\/wp-content\/uploads\/2017\/04\/P1080070.jpg?fit=300%2C225&amp;ssl=1\" data-large-file=\"https:\/\/i0.wp.com\/genevieveetbernardauxameriques.fr\/wp-content\/uploads\/2017\/04\/P1080070.jpg?fit=640%2C480&amp;ssl=1\" class=\"alignnone size-full wp-image-18144\" src=\"https:\/\/i0.wp.com\/genevieveetbernardauxameriques.fr\/wp-content\/uploads\/2017\/04\/P1080070.jpg?resize=640%2C480&#038;ssl=1\" alt=\"\" width=\"640\" height=\"480\" srcset=\"https:\/\/i0.wp.com\/genevieveetbernardauxameriques.fr\/wp-content\/uploads\/2017\/04\/P1080070.jpg?w=720&amp;ssl=1 720w, https:\/\/i0.wp.com\/genevieveetbernardauxameriques.fr\/wp-content\/uploads\/2017\/04\/P1080070.jpg?resize=300%2C225&amp;ssl=1 300w\" sizes=\"(max-width: 640px) 100vw, 640px\" data-recalc-dims=\"1\" \/><\/a><\/div>\n<div class=\"separator\"><img loading=\"lazy\" decoding=\"async\" data-attachment-id=\"18140\" data-permalink=\"https:\/\/genevieveetbernardauxameriques.fr\/index.php\/2017\/04\/18\/colombie-3eme-article-de-medellin-a-bogota\/p1080063\/\" data-orig-file=\"https:\/\/i0.wp.com\/genevieveetbernardauxameriques.fr\/wp-content\/uploads\/2017\/04\/P1080063.jpg?fit=720%2C540&amp;ssl=1\" data-orig-size=\"720,540\" data-comments-opened=\"1\" data-image-meta=\"{&quot;aperture&quot;:&quot;5.6&quot;,&quot;credit&quot;:&quot;&quot;,&quot;camera&quot;:&quot;DMC-TZ55&quot;,&quot;caption&quot;:&quot;&quot;,&quot;created_timestamp&quot;:&quot;1492020410&quot;,&quot;copyright&quot;:&quot;&quot;,&quot;focal_length&quot;:&quot;11.7&quot;,&quot;iso&quot;:&quot;100&quot;,&quot;shutter_speed&quot;:&quot;0.002&quot;,&quot;title&quot;:&quot;&quot;,&quot;orientation&quot;:&quot;1&quot;}\" data-image-title=\"P1080063\" data-image-description=\"\" data-image-caption=\"\" data-medium-file=\"https:\/\/i0.wp.com\/genevieveetbernardauxameriques.fr\/wp-content\/uploads\/2017\/04\/P1080063.jpg?fit=300%2C225&amp;ssl=1\" data-large-file=\"https:\/\/i0.wp.com\/genevieveetbernardauxameriques.fr\/wp-content\/uploads\/2017\/04\/P1080063.jpg?fit=640%2C480&amp;ssl=1\" class=\"alignnone size-full wp-image-18140\" src=\"https:\/\/i0.wp.com\/genevieveetbernardauxameriques.fr\/wp-content\/uploads\/2017\/04\/P1080063.jpg?resize=640%2C480&#038;ssl=1\" alt=\"\" width=\"640\" height=\"480\" srcset=\"https:\/\/i0.wp.com\/genevieveetbernardauxameriques.fr\/wp-content\/uploads\/2017\/04\/P1080063.jpg?w=720&amp;ssl=1 720w, https:\/\/i0.wp.com\/genevieveetbernardauxameriques.fr\/wp-content\/uploads\/2017\/04\/P1080063.jpg?resize=300%2C225&amp;ssl=1 300w\" sizes=\"(max-width: 640px) 100vw, 640px\" data-recalc-dims=\"1\" \/><\/div>\n<p class=\"separator\">L&rsquo;\u00e9glise Saint Augustin<\/p>\n<div class=\"separator\"><a href=\"https:\/\/i0.wp.com\/genevieveetbernardauxameriques.fr\/wp-content\/uploads\/2017\/04\/P1080082.jpg?ssl=1\"><img loading=\"lazy\" decoding=\"async\" data-attachment-id=\"18152\" data-permalink=\"https:\/\/genevieveetbernardauxameriques.fr\/index.php\/2017\/04\/18\/colombie-3eme-article-de-medellin-a-bogota\/p1080082\/\" data-orig-file=\"https:\/\/i0.wp.com\/genevieveetbernardauxameriques.fr\/wp-content\/uploads\/2017\/04\/P1080082.jpg?fit=720%2C540&amp;ssl=1\" data-orig-size=\"720,540\" data-comments-opened=\"1\" data-image-meta=\"{&quot;aperture&quot;:&quot;4&quot;,&quot;credit&quot;:&quot;&quot;,&quot;camera&quot;:&quot;DMC-TZ55&quot;,&quot;caption&quot;:&quot;&quot;,&quot;created_timestamp&quot;:&quot;1492021484&quot;,&quot;copyright&quot;:&quot;&quot;,&quot;focal_length&quot;:&quot;4.3&quot;,&quot;iso&quot;:&quot;100&quot;,&quot;shutter_speed&quot;:&quot;0.001&quot;,&quot;title&quot;:&quot;&quot;,&quot;orientation&quot;:&quot;1&quot;}\" data-image-title=\"P1080082\" data-image-description=\"\" data-image-caption=\"\" data-medium-file=\"https:\/\/i0.wp.com\/genevieveetbernardauxameriques.fr\/wp-content\/uploads\/2017\/04\/P1080082.jpg?fit=300%2C225&amp;ssl=1\" data-large-file=\"https:\/\/i0.wp.com\/genevieveetbernardauxameriques.fr\/wp-content\/uploads\/2017\/04\/P1080082.jpg?fit=640%2C480&amp;ssl=1\" class=\"alignnone size-full wp-image-18152\" src=\"https:\/\/i0.wp.com\/genevieveetbernardauxameriques.fr\/wp-content\/uploads\/2017\/04\/P1080082.jpg?resize=640%2C480&#038;ssl=1\" alt=\"\" width=\"640\" height=\"480\" srcset=\"https:\/\/i0.wp.com\/genevieveetbernardauxameriques.fr\/wp-content\/uploads\/2017\/04\/P1080082.jpg?w=720&amp;ssl=1 720w, https:\/\/i0.wp.com\/genevieveetbernardauxameriques.fr\/wp-content\/uploads\/2017\/04\/P1080082.jpg?resize=300%2C225&amp;ssl=1 300w\" sizes=\"(max-width: 640px) 100vw, 640px\" data-recalc-dims=\"1\" \/><\/a><\/div>\n<div class=\"separator\"><img loading=\"lazy\" decoding=\"async\" data-attachment-id=\"18147\" data-permalink=\"https:\/\/genevieveetbernardauxameriques.fr\/index.php\/2017\/04\/18\/colombie-3eme-article-de-medellin-a-bogota\/p1080076\/\" data-orig-file=\"https:\/\/i0.wp.com\/genevieveetbernardauxameriques.fr\/wp-content\/uploads\/2017\/04\/P1080076.jpg?fit=720%2C540&amp;ssl=1\" data-orig-size=\"720,540\" data-comments-opened=\"1\" data-image-meta=\"{&quot;aperture&quot;:&quot;3.3&quot;,&quot;credit&quot;:&quot;&quot;,&quot;camera&quot;:&quot;DMC-TZ55&quot;,&quot;caption&quot;:&quot;&quot;,&quot;created_timestamp&quot;:&quot;1492021164&quot;,&quot;copyright&quot;:&quot;&quot;,&quot;focal_length&quot;:&quot;4.3&quot;,&quot;iso&quot;:&quot;1600&quot;,&quot;shutter_speed&quot;:&quot;0.02&quot;,&quot;title&quot;:&quot;&quot;,&quot;orientation&quot;:&quot;1&quot;}\" data-image-title=\"P1080076\" data-image-description=\"\" data-image-caption=\"\" data-medium-file=\"https:\/\/i0.wp.com\/genevieveetbernardauxameriques.fr\/wp-content\/uploads\/2017\/04\/P1080076.jpg?fit=300%2C225&amp;ssl=1\" data-large-file=\"https:\/\/i0.wp.com\/genevieveetbernardauxameriques.fr\/wp-content\/uploads\/2017\/04\/P1080076.jpg?fit=640%2C480&amp;ssl=1\" class=\"alignnone size-full wp-image-18147\" src=\"https:\/\/i0.wp.com\/genevieveetbernardauxameriques.fr\/wp-content\/uploads\/2017\/04\/P1080076.jpg?resize=640%2C480&#038;ssl=1\" alt=\"\" width=\"640\" height=\"480\" srcset=\"https:\/\/i0.wp.com\/genevieveetbernardauxameriques.fr\/wp-content\/uploads\/2017\/04\/P1080076.jpg?w=720&amp;ssl=1 720w, https:\/\/i0.wp.com\/genevieveetbernardauxameriques.fr\/wp-content\/uploads\/2017\/04\/P1080076.jpg?resize=300%2C225&amp;ssl=1 300w\" sizes=\"(max-width: 640px) 100vw, 640px\" data-recalc-dims=\"1\" \/><\/div>\n<div><\/div>\n<div><img loading=\"lazy\" decoding=\"async\" data-attachment-id=\"18148\" data-permalink=\"https:\/\/genevieveetbernardauxameriques.fr\/index.php\/2017\/04\/18\/colombie-3eme-article-de-medellin-a-bogota\/p1080077\/\" data-orig-file=\"https:\/\/i0.wp.com\/genevieveetbernardauxameriques.fr\/wp-content\/uploads\/2017\/04\/P1080077.jpg?fit=720%2C540&amp;ssl=1\" data-orig-size=\"720,540\" data-comments-opened=\"1\" data-image-meta=\"{&quot;aperture&quot;:&quot;3.3&quot;,&quot;credit&quot;:&quot;&quot;,&quot;camera&quot;:&quot;DMC-TZ55&quot;,&quot;caption&quot;:&quot;&quot;,&quot;created_timestamp&quot;:&quot;1492021217&quot;,&quot;copyright&quot;:&quot;&quot;,&quot;focal_length&quot;:&quot;4.3&quot;,&quot;iso&quot;:&quot;1600&quot;,&quot;shutter_speed&quot;:&quot;0.025&quot;,&quot;title&quot;:&quot;&quot;,&quot;orientation&quot;:&quot;1&quot;}\" data-image-title=\"P1080077\" data-image-description=\"\" data-image-caption=\"\" data-medium-file=\"https:\/\/i0.wp.com\/genevieveetbernardauxameriques.fr\/wp-content\/uploads\/2017\/04\/P1080077.jpg?fit=300%2C225&amp;ssl=1\" data-large-file=\"https:\/\/i0.wp.com\/genevieveetbernardauxameriques.fr\/wp-content\/uploads\/2017\/04\/P1080077.jpg?fit=640%2C480&amp;ssl=1\" class=\"alignnone size-full wp-image-18148\" src=\"https:\/\/i0.wp.com\/genevieveetbernardauxameriques.fr\/wp-content\/uploads\/2017\/04\/P1080077.jpg?resize=640%2C480&#038;ssl=1\" alt=\"\" width=\"640\" height=\"480\" srcset=\"https:\/\/i0.wp.com\/genevieveetbernardauxameriques.fr\/wp-content\/uploads\/2017\/04\/P1080077.jpg?w=720&amp;ssl=1 720w, https:\/\/i0.wp.com\/genevieveetbernardauxameriques.fr\/wp-content\/uploads\/2017\/04\/P1080077.jpg?resize=300%2C225&amp;ssl=1 300w\" sizes=\"(max-width: 640px) 100vw, 640px\" data-recalc-dims=\"1\" \/><\/div>\n<div><\/div>\n<div class=\"separator\"><img loading=\"lazy\" decoding=\"async\" data-attachment-id=\"18150\" data-permalink=\"https:\/\/genevieveetbernardauxameriques.fr\/index.php\/2017\/04\/18\/colombie-3eme-article-de-medellin-a-bogota\/p1080079\/\" data-orig-file=\"https:\/\/i0.wp.com\/genevieveetbernardauxameriques.fr\/wp-content\/uploads\/2017\/04\/P1080079.jpg?fit=720%2C540&amp;ssl=1\" data-orig-size=\"720,540\" data-comments-opened=\"1\" data-image-meta=\"{&quot;aperture&quot;:&quot;3.3&quot;,&quot;credit&quot;:&quot;&quot;,&quot;camera&quot;:&quot;DMC-TZ55&quot;,&quot;caption&quot;:&quot;&quot;,&quot;created_timestamp&quot;:&quot;1492021255&quot;,&quot;copyright&quot;:&quot;&quot;,&quot;focal_length&quot;:&quot;4.3&quot;,&quot;iso&quot;:&quot;1600&quot;,&quot;shutter_speed&quot;:&quot;0.033333333333333&quot;,&quot;title&quot;:&quot;&quot;,&quot;orientation&quot;:&quot;1&quot;}\" data-image-title=\"P1080079\" data-image-description=\"\" data-image-caption=\"\" data-medium-file=\"https:\/\/i0.wp.com\/genevieveetbernardauxameriques.fr\/wp-content\/uploads\/2017\/04\/P1080079.jpg?fit=300%2C225&amp;ssl=1\" data-large-file=\"https:\/\/i0.wp.com\/genevieveetbernardauxameriques.fr\/wp-content\/uploads\/2017\/04\/P1080079.jpg?fit=640%2C480&amp;ssl=1\" class=\"alignnone size-full wp-image-18150\" src=\"https:\/\/i0.wp.com\/genevieveetbernardauxameriques.fr\/wp-content\/uploads\/2017\/04\/P1080079.jpg?resize=640%2C480&#038;ssl=1\" alt=\"\" width=\"640\" height=\"480\" srcset=\"https:\/\/i0.wp.com\/genevieveetbernardauxameriques.fr\/wp-content\/uploads\/2017\/04\/P1080079.jpg?w=720&amp;ssl=1 720w, https:\/\/i0.wp.com\/genevieveetbernardauxameriques.fr\/wp-content\/uploads\/2017\/04\/P1080079.jpg?resize=300%2C225&amp;ssl=1 300w\" sizes=\"(max-width: 640px) 100vw, 640px\" data-recalc-dims=\"1\" \/><\/div>\n<div class=\"separator\"><\/div>\n<p class=\"separator\">et la porte d&rsquo;entr\u00e9e.<a href=\"https:\/\/i0.wp.com\/genevieveetbernardauxameriques.fr\/wp-content\/uploads\/2017\/04\/P1080073.jpg?ssl=1\"><img loading=\"lazy\" decoding=\"async\" data-attachment-id=\"18146\" data-permalink=\"https:\/\/genevieveetbernardauxameriques.fr\/index.php\/2017\/04\/18\/colombie-3eme-article-de-medellin-a-bogota\/p1080073\/\" data-orig-file=\"https:\/\/i0.wp.com\/genevieveetbernardauxameriques.fr\/wp-content\/uploads\/2017\/04\/P1080073.jpg?fit=720%2C540&amp;ssl=1\" data-orig-size=\"720,540\" data-comments-opened=\"1\" data-image-meta=\"{&quot;aperture&quot;:&quot;3.3&quot;,&quot;credit&quot;:&quot;&quot;,&quot;camera&quot;:&quot;DMC-TZ55&quot;,&quot;caption&quot;:&quot;&quot;,&quot;created_timestamp&quot;:&quot;1492021115&quot;,&quot;copyright&quot;:&quot;&quot;,&quot;focal_length&quot;:&quot;4.3&quot;,&quot;iso&quot;:&quot;1250&quot;,&quot;shutter_speed&quot;:&quot;0.008&quot;,&quot;title&quot;:&quot;&quot;,&quot;orientation&quot;:&quot;1&quot;}\" data-image-title=\"P1080073\" data-image-description=\"\" data-image-caption=\"\" data-medium-file=\"https:\/\/i0.wp.com\/genevieveetbernardauxameriques.fr\/wp-content\/uploads\/2017\/04\/P1080073.jpg?fit=300%2C225&amp;ssl=1\" data-large-file=\"https:\/\/i0.wp.com\/genevieveetbernardauxameriques.fr\/wp-content\/uploads\/2017\/04\/P1080073.jpg?fit=640%2C480&amp;ssl=1\" class=\"alignnone size-full wp-image-18146\" src=\"https:\/\/i0.wp.com\/genevieveetbernardauxameriques.fr\/wp-content\/uploads\/2017\/04\/P1080073.jpg?resize=640%2C480&#038;ssl=1\" alt=\"\" width=\"640\" height=\"480\" srcset=\"https:\/\/i0.wp.com\/genevieveetbernardauxameriques.fr\/wp-content\/uploads\/2017\/04\/P1080073.jpg?w=720&amp;ssl=1 720w, https:\/\/i0.wp.com\/genevieveetbernardauxameriques.fr\/wp-content\/uploads\/2017\/04\/P1080073.jpg?resize=300%2C225&amp;ssl=1 300w\" sizes=\"(max-width: 640px) 100vw, 640px\" data-recalc-dims=\"1\" \/><\/a><\/p>\n<p class=\"separator\">Puis nous nous prom\u00e8nerons dans le quartier \u00a0de la Candelaria, avec ses maisons color\u00e9es et son architecture coloniale qui constitue le centre historique de la ville.<\/p>\n<p><img loading=\"lazy\" decoding=\"async\" data-attachment-id=\"18139\" data-permalink=\"https:\/\/genevieveetbernardauxameriques.fr\/index.php\/2017\/04\/18\/colombie-3eme-article-de-medellin-a-bogota\/p1080062\/\" data-orig-file=\"https:\/\/i0.wp.com\/genevieveetbernardauxameriques.fr\/wp-content\/uploads\/2017\/04\/P1080062.jpg?fit=720%2C540&amp;ssl=1\" data-orig-size=\"720,540\" data-comments-opened=\"1\" data-image-meta=\"{&quot;aperture&quot;:&quot;4&quot;,&quot;credit&quot;:&quot;&quot;,&quot;camera&quot;:&quot;DMC-TZ55&quot;,&quot;caption&quot;:&quot;&quot;,&quot;created_timestamp&quot;:&quot;1492020361&quot;,&quot;copyright&quot;:&quot;&quot;,&quot;focal_length&quot;:&quot;4.4&quot;,&quot;iso&quot;:&quot;100&quot;,&quot;shutter_speed&quot;:&quot;0.0015625&quot;,&quot;title&quot;:&quot;&quot;,&quot;orientation&quot;:&quot;1&quot;}\" data-image-title=\"P1080062\" data-image-description=\"\" data-image-caption=\"\" data-medium-file=\"https:\/\/i0.wp.com\/genevieveetbernardauxameriques.fr\/wp-content\/uploads\/2017\/04\/P1080062.jpg?fit=300%2C225&amp;ssl=1\" data-large-file=\"https:\/\/i0.wp.com\/genevieveetbernardauxameriques.fr\/wp-content\/uploads\/2017\/04\/P1080062.jpg?fit=640%2C480&amp;ssl=1\" class=\"alignnone size-full wp-image-18139\" src=\"https:\/\/i0.wp.com\/genevieveetbernardauxameriques.fr\/wp-content\/uploads\/2017\/04\/P1080062.jpg?resize=640%2C480&#038;ssl=1\" alt=\"\" width=\"640\" height=\"480\" srcset=\"https:\/\/i0.wp.com\/genevieveetbernardauxameriques.fr\/wp-content\/uploads\/2017\/04\/P1080062.jpg?w=720&amp;ssl=1 720w, https:\/\/i0.wp.com\/genevieveetbernardauxameriques.fr\/wp-content\/uploads\/2017\/04\/P1080062.jpg?resize=300%2C225&amp;ssl=1 300w\" sizes=\"(max-width: 640px) 100vw, 640px\" data-recalc-dims=\"1\" \/><\/p>\n<p class=\"separator\">\u00a0D&rsquo;abord l&rsquo;\u00e9glise del Carmen, de style gothique florentin, construite en 1938 pour le 300e anniversaire de la fondation de la ville.<\/p>\n<div class=\"separator\"><img loading=\"lazy\" decoding=\"async\" data-attachment-id=\"18155\" data-permalink=\"https:\/\/genevieveetbernardauxameriques.fr\/index.php\/2017\/04\/18\/colombie-3eme-article-de-medellin-a-bogota\/p1080086\/\" data-orig-file=\"https:\/\/i0.wp.com\/genevieveetbernardauxameriques.fr\/wp-content\/uploads\/2017\/04\/P1080086.jpg?fit=540%2C720&amp;ssl=1\" data-orig-size=\"540,720\" data-comments-opened=\"1\" data-image-meta=\"{&quot;aperture&quot;:&quot;4.5&quot;,&quot;credit&quot;:&quot;&quot;,&quot;camera&quot;:&quot;DMC-TZ55&quot;,&quot;caption&quot;:&quot;&quot;,&quot;created_timestamp&quot;:&quot;1492021939&quot;,&quot;copyright&quot;:&quot;&quot;,&quot;focal_length&quot;:&quot;4.3&quot;,&quot;iso&quot;:&quot;100&quot;,&quot;shutter_speed&quot;:&quot;0.000625&quot;,&quot;title&quot;:&quot;&quot;,&quot;orientation&quot;:&quot;1&quot;}\" data-image-title=\"P1080086\" data-image-description=\"\" data-image-caption=\"\" data-medium-file=\"https:\/\/i0.wp.com\/genevieveetbernardauxameriques.fr\/wp-content\/uploads\/2017\/04\/P1080086.jpg?fit=225%2C300&amp;ssl=1\" data-large-file=\"https:\/\/i0.wp.com\/genevieveetbernardauxameriques.fr\/wp-content\/uploads\/2017\/04\/P1080086.jpg?fit=540%2C720&amp;ssl=1\" class=\"wp-image-18155 aligncenter\" src=\"https:\/\/i0.wp.com\/genevieveetbernardauxameriques.fr\/wp-content\/uploads\/2017\/04\/P1080086.jpg?resize=404%2C538&#038;ssl=1\" alt=\"\" width=\"404\" height=\"538\" srcset=\"https:\/\/i0.wp.com\/genevieveetbernardauxameriques.fr\/wp-content\/uploads\/2017\/04\/P1080086.jpg?w=540&amp;ssl=1 540w, https:\/\/i0.wp.com\/genevieveetbernardauxameriques.fr\/wp-content\/uploads\/2017\/04\/P1080086.jpg?resize=225%2C300&amp;ssl=1 225w\" sizes=\"(max-width: 404px) 100vw, 404px\" data-recalc-dims=\"1\" \/><\/div>\n<div class=\"separator\"><\/div>\n<div class=\"separator\"><a href=\"https:\/\/i0.wp.com\/genevieveetbernardauxameriques.fr\/wp-content\/uploads\/2017\/04\/P1080085.jpg?ssl=1\"><img loading=\"lazy\" decoding=\"async\" data-attachment-id=\"18154\" data-permalink=\"https:\/\/genevieveetbernardauxameriques.fr\/index.php\/2017\/04\/18\/colombie-3eme-article-de-medellin-a-bogota\/p1080085\/\" data-orig-file=\"https:\/\/i0.wp.com\/genevieveetbernardauxameriques.fr\/wp-content\/uploads\/2017\/04\/P1080085.jpg?fit=720%2C540&amp;ssl=1\" data-orig-size=\"720,540\" data-comments-opened=\"1\" data-image-meta=\"{&quot;aperture&quot;:&quot;5.6&quot;,&quot;credit&quot;:&quot;&quot;,&quot;camera&quot;:&quot;DMC-TZ55&quot;,&quot;caption&quot;:&quot;&quot;,&quot;created_timestamp&quot;:&quot;1492021856&quot;,&quot;copyright&quot;:&quot;&quot;,&quot;focal_length&quot;:&quot;10.3&quot;,&quot;iso&quot;:&quot;100&quot;,&quot;shutter_speed&quot;:&quot;0.001&quot;,&quot;title&quot;:&quot;&quot;,&quot;orientation&quot;:&quot;1&quot;}\" data-image-title=\"P1080085\" data-image-description=\"\" data-image-caption=\"\" data-medium-file=\"https:\/\/i0.wp.com\/genevieveetbernardauxameriques.fr\/wp-content\/uploads\/2017\/04\/P1080085.jpg?fit=300%2C225&amp;ssl=1\" data-large-file=\"https:\/\/i0.wp.com\/genevieveetbernardauxameriques.fr\/wp-content\/uploads\/2017\/04\/P1080085.jpg?fit=640%2C480&amp;ssl=1\" class=\"wp-image-18154 aligncenter\" src=\"https:\/\/i0.wp.com\/genevieveetbernardauxameriques.fr\/wp-content\/uploads\/2017\/04\/P1080085.jpg?resize=543%2C407&#038;ssl=1\" alt=\"\" width=\"543\" height=\"407\" srcset=\"https:\/\/i0.wp.com\/genevieveetbernardauxameriques.fr\/wp-content\/uploads\/2017\/04\/P1080085.jpg?w=720&amp;ssl=1 720w, https:\/\/i0.wp.com\/genevieveetbernardauxameriques.fr\/wp-content\/uploads\/2017\/04\/P1080085.jpg?resize=300%2C225&amp;ssl=1 300w\" sizes=\"(max-width: 543px) 100vw, 543px\" data-recalc-dims=\"1\" \/><\/a> \u00a0<a href=\"https:\/\/i0.wp.com\/genevieveetbernardauxameriques.fr\/wp-content\/uploads\/2017\/04\/P1080088.jpg?ssl=1\"><img loading=\"lazy\" decoding=\"async\" data-attachment-id=\"18156\" data-permalink=\"https:\/\/genevieveetbernardauxameriques.fr\/index.php\/2017\/04\/18\/colombie-3eme-article-de-medellin-a-bogota\/p1080088\/\" data-orig-file=\"https:\/\/i0.wp.com\/genevieveetbernardauxameriques.fr\/wp-content\/uploads\/2017\/04\/P1080088.jpg?fit=540%2C720&amp;ssl=1\" data-orig-size=\"540,720\" data-comments-opened=\"1\" data-image-meta=\"{&quot;aperture&quot;:&quot;3.3&quot;,&quot;credit&quot;:&quot;&quot;,&quot;camera&quot;:&quot;DMC-TZ55&quot;,&quot;caption&quot;:&quot;&quot;,&quot;created_timestamp&quot;:&quot;1492022186&quot;,&quot;copyright&quot;:&quot;&quot;,&quot;focal_length&quot;:&quot;4.3&quot;,&quot;iso&quot;:&quot;1250&quot;,&quot;shutter_speed&quot;:&quot;0.033333333333333&quot;,&quot;title&quot;:&quot;&quot;,&quot;orientation&quot;:&quot;1&quot;}\" data-image-title=\"P1080088\" data-image-description=\"\" data-image-caption=\"\" data-medium-file=\"https:\/\/i0.wp.com\/genevieveetbernardauxameriques.fr\/wp-content\/uploads\/2017\/04\/P1080088.jpg?fit=225%2C300&amp;ssl=1\" data-large-file=\"https:\/\/i0.wp.com\/genevieveetbernardauxameriques.fr\/wp-content\/uploads\/2017\/04\/P1080088.jpg?fit=540%2C720&amp;ssl=1\" class=\"size-full wp-image-18156 aligncenter\" src=\"https:\/\/i0.wp.com\/genevieveetbernardauxameriques.fr\/wp-content\/uploads\/2017\/04\/P1080088.jpg?resize=540%2C720&#038;ssl=1\" alt=\"\" width=\"540\" height=\"720\" srcset=\"https:\/\/i0.wp.com\/genevieveetbernardauxameriques.fr\/wp-content\/uploads\/2017\/04\/P1080088.jpg?w=540&amp;ssl=1 540w, https:\/\/i0.wp.com\/genevieveetbernardauxameriques.fr\/wp-content\/uploads\/2017\/04\/P1080088.jpg?resize=225%2C300&amp;ssl=1 225w\" sizes=\"(max-width: 540px) 100vw, 540px\" data-recalc-dims=\"1\" \/><\/a><\/div>\n<p class=\"separator\">Des rues au hasard, mais rien \u00e0 voir avec les jolis villages color\u00e9s que nous avons d\u00e9j\u00e0 faits.<a href=\"https:\/\/i0.wp.com\/genevieveetbernardauxameriques.fr\/wp-content\/uploads\/2017\/04\/P1080084.jpg?ssl=1\"><img loading=\"lazy\" decoding=\"async\" data-attachment-id=\"18153\" data-permalink=\"https:\/\/genevieveetbernardauxameriques.fr\/index.php\/2017\/04\/18\/colombie-3eme-article-de-medellin-a-bogota\/p1080084\/\" data-orig-file=\"https:\/\/i0.wp.com\/genevieveetbernardauxameriques.fr\/wp-content\/uploads\/2017\/04\/P1080084.jpg?fit=720%2C540&amp;ssl=1\" data-orig-size=\"720,540\" data-comments-opened=\"1\" data-image-meta=\"{&quot;aperture&quot;:&quot;4&quot;,&quot;credit&quot;:&quot;&quot;,&quot;camera&quot;:&quot;DMC-TZ55&quot;,&quot;caption&quot;:&quot;&quot;,&quot;created_timestamp&quot;:&quot;1492021669&quot;,&quot;copyright&quot;:&quot;&quot;,&quot;focal_length&quot;:&quot;4.3&quot;,&quot;iso&quot;:&quot;100&quot;,&quot;shutter_speed&quot;:&quot;0.0025&quot;,&quot;title&quot;:&quot;&quot;,&quot;orientation&quot;:&quot;1&quot;}\" data-image-title=\"P1080084\" data-image-description=\"\" data-image-caption=\"\" data-medium-file=\"https:\/\/i0.wp.com\/genevieveetbernardauxameriques.fr\/wp-content\/uploads\/2017\/04\/P1080084.jpg?fit=300%2C225&amp;ssl=1\" data-large-file=\"https:\/\/i0.wp.com\/genevieveetbernardauxameriques.fr\/wp-content\/uploads\/2017\/04\/P1080084.jpg?fit=640%2C480&amp;ssl=1\" class=\"alignnone size-full wp-image-18153\" src=\"https:\/\/i0.wp.com\/genevieveetbernardauxameriques.fr\/wp-content\/uploads\/2017\/04\/P1080084.jpg?resize=640%2C480&#038;ssl=1\" alt=\"\" width=\"640\" height=\"480\" srcset=\"https:\/\/i0.wp.com\/genevieveetbernardauxameriques.fr\/wp-content\/uploads\/2017\/04\/P1080084.jpg?w=720&amp;ssl=1 720w, https:\/\/i0.wp.com\/genevieveetbernardauxameriques.fr\/wp-content\/uploads\/2017\/04\/P1080084.jpg?resize=300%2C225&amp;ssl=1 300w\" sizes=\"(max-width: 640px) 100vw, 640px\" data-recalc-dims=\"1\" \/><\/a> <a href=\"https:\/\/i0.wp.com\/genevieveetbernardauxameriques.fr\/wp-content\/uploads\/2017\/04\/P1080092.jpg?ssl=1\"><img loading=\"lazy\" decoding=\"async\" data-attachment-id=\"18158\" data-permalink=\"https:\/\/genevieveetbernardauxameriques.fr\/index.php\/2017\/04\/18\/colombie-3eme-article-de-medellin-a-bogota\/p1080092\/\" data-orig-file=\"https:\/\/i0.wp.com\/genevieveetbernardauxameriques.fr\/wp-content\/uploads\/2017\/04\/P1080092.jpg?fit=720%2C540&amp;ssl=1\" data-orig-size=\"720,540\" data-comments-opened=\"1\" data-image-meta=\"{&quot;aperture&quot;:&quot;5&quot;,&quot;credit&quot;:&quot;&quot;,&quot;camera&quot;:&quot;DMC-TZ55&quot;,&quot;caption&quot;:&quot;&quot;,&quot;created_timestamp&quot;:&quot;1492023369&quot;,&quot;copyright&quot;:&quot;&quot;,&quot;focal_length&quot;:&quot;6.9&quot;,&quot;iso&quot;:&quot;100&quot;,&quot;shutter_speed&quot;:&quot;0.002&quot;,&quot;title&quot;:&quot;&quot;,&quot;orientation&quot;:&quot;1&quot;}\" data-image-title=\"P1080092\" data-image-description=\"\" data-image-caption=\"\" data-medium-file=\"https:\/\/i0.wp.com\/genevieveetbernardauxameriques.fr\/wp-content\/uploads\/2017\/04\/P1080092.jpg?fit=300%2C225&amp;ssl=1\" data-large-file=\"https:\/\/i0.wp.com\/genevieveetbernardauxameriques.fr\/wp-content\/uploads\/2017\/04\/P1080092.jpg?fit=640%2C480&amp;ssl=1\" class=\"alignnone size-full wp-image-18158\" src=\"https:\/\/i0.wp.com\/genevieveetbernardauxameriques.fr\/wp-content\/uploads\/2017\/04\/P1080092.jpg?resize=640%2C480&#038;ssl=1\" alt=\"\" width=\"640\" height=\"480\" srcset=\"https:\/\/i0.wp.com\/genevieveetbernardauxameriques.fr\/wp-content\/uploads\/2017\/04\/P1080092.jpg?w=720&amp;ssl=1 720w, https:\/\/i0.wp.com\/genevieveetbernardauxameriques.fr\/wp-content\/uploads\/2017\/04\/P1080092.jpg?resize=300%2C225&amp;ssl=1 300w\" sizes=\"(max-width: 640px) 100vw, 640px\" data-recalc-dims=\"1\" \/><\/a> <a href=\"https:\/\/i0.wp.com\/genevieveetbernardauxameriques.fr\/wp-content\/uploads\/2017\/04\/P1080093.jpg?ssl=1\"><img loading=\"lazy\" decoding=\"async\" data-attachment-id=\"18159\" data-permalink=\"https:\/\/genevieveetbernardauxameriques.fr\/index.php\/2017\/04\/18\/colombie-3eme-article-de-medellin-a-bogota\/p1080093\/\" data-orig-file=\"https:\/\/i0.wp.com\/genevieveetbernardauxameriques.fr\/wp-content\/uploads\/2017\/04\/P1080093.jpg?fit=720%2C540&amp;ssl=1\" data-orig-size=\"720,540\" data-comments-opened=\"1\" data-image-meta=\"{&quot;aperture&quot;:&quot;3.9&quot;,&quot;credit&quot;:&quot;&quot;,&quot;camera&quot;:&quot;DMC-TZ55&quot;,&quot;caption&quot;:&quot;&quot;,&quot;created_timestamp&quot;:&quot;1492023465&quot;,&quot;copyright&quot;:&quot;&quot;,&quot;focal_length&quot;:&quot;6.9&quot;,&quot;iso&quot;:&quot;100&quot;,&quot;shutter_speed&quot;:&quot;0.002&quot;,&quot;title&quot;:&quot;&quot;,&quot;orientation&quot;:&quot;1&quot;}\" data-image-title=\"P1080093\" data-image-description=\"\" data-image-caption=\"\" data-medium-file=\"https:\/\/i0.wp.com\/genevieveetbernardauxameriques.fr\/wp-content\/uploads\/2017\/04\/P1080093.jpg?fit=300%2C225&amp;ssl=1\" data-large-file=\"https:\/\/i0.wp.com\/genevieveetbernardauxameriques.fr\/wp-content\/uploads\/2017\/04\/P1080093.jpg?fit=640%2C480&amp;ssl=1\" class=\"alignnone size-full wp-image-18159\" src=\"https:\/\/i0.wp.com\/genevieveetbernardauxameriques.fr\/wp-content\/uploads\/2017\/04\/P1080093.jpg?resize=640%2C480&#038;ssl=1\" alt=\"\" width=\"640\" height=\"480\" srcset=\"https:\/\/i0.wp.com\/genevieveetbernardauxameriques.fr\/wp-content\/uploads\/2017\/04\/P1080093.jpg?w=720&amp;ssl=1 720w, https:\/\/i0.wp.com\/genevieveetbernardauxameriques.fr\/wp-content\/uploads\/2017\/04\/P1080093.jpg?resize=300%2C225&amp;ssl=1 300w\" sizes=\"(max-width: 640px) 100vw, 640px\" data-recalc-dims=\"1\" \/><\/a> <a href=\"https:\/\/i0.wp.com\/genevieveetbernardauxameriques.fr\/wp-content\/uploads\/2017\/04\/P1080094.jpg?ssl=1\"><img loading=\"lazy\" decoding=\"async\" data-attachment-id=\"18160\" data-permalink=\"https:\/\/genevieveetbernardauxameriques.fr\/index.php\/2017\/04\/18\/colombie-3eme-article-de-medellin-a-bogota\/p1080094\/\" data-orig-file=\"https:\/\/i0.wp.com\/genevieveetbernardauxameriques.fr\/wp-content\/uploads\/2017\/04\/P1080094.jpg?fit=720%2C540&amp;ssl=1\" data-orig-size=\"720,540\" data-comments-opened=\"1\" data-image-meta=\"{&quot;aperture&quot;:&quot;5&quot;,&quot;credit&quot;:&quot;&quot;,&quot;camera&quot;:&quot;DMC-TZ55&quot;,&quot;caption&quot;:&quot;&quot;,&quot;created_timestamp&quot;:&quot;1492023495&quot;,&quot;copyright&quot;:&quot;&quot;,&quot;focal_length&quot;:&quot;6.9&quot;,&quot;iso&quot;:&quot;100&quot;,&quot;shutter_speed&quot;:&quot;0.003125&quot;,&quot;title&quot;:&quot;&quot;,&quot;orientation&quot;:&quot;1&quot;}\" data-image-title=\"P1080094\" data-image-description=\"\" data-image-caption=\"\" data-medium-file=\"https:\/\/i0.wp.com\/genevieveetbernardauxameriques.fr\/wp-content\/uploads\/2017\/04\/P1080094.jpg?fit=300%2C225&amp;ssl=1\" data-large-file=\"https:\/\/i0.wp.com\/genevieveetbernardauxameriques.fr\/wp-content\/uploads\/2017\/04\/P1080094.jpg?fit=640%2C480&amp;ssl=1\" class=\"alignnone size-full wp-image-18160\" src=\"https:\/\/i0.wp.com\/genevieveetbernardauxameriques.fr\/wp-content\/uploads\/2017\/04\/P1080094.jpg?resize=640%2C480&#038;ssl=1\" alt=\"\" width=\"640\" height=\"480\" srcset=\"https:\/\/i0.wp.com\/genevieveetbernardauxameriques.fr\/wp-content\/uploads\/2017\/04\/P1080094.jpg?w=720&amp;ssl=1 720w, https:\/\/i0.wp.com\/genevieveetbernardauxameriques.fr\/wp-content\/uploads\/2017\/04\/P1080094.jpg?resize=300%2C225&amp;ssl=1 300w\" sizes=\"(max-width: 640px) 100vw, 640px\" data-recalc-dims=\"1\" \/><\/a> <a href=\"https:\/\/i0.wp.com\/genevieveetbernardauxameriques.fr\/wp-content\/uploads\/2017\/04\/P1080102.jpg?ssl=1\"><img loading=\"lazy\" decoding=\"async\" data-attachment-id=\"18166\" data-permalink=\"https:\/\/genevieveetbernardauxameriques.fr\/index.php\/2017\/04\/18\/colombie-3eme-article-de-medellin-a-bogota\/p1080102\/\" data-orig-file=\"https:\/\/i0.wp.com\/genevieveetbernardauxameriques.fr\/wp-content\/uploads\/2017\/04\/P1080102.jpg?fit=720%2C540&amp;ssl=1\" data-orig-size=\"720,540\" data-comments-opened=\"1\" data-image-meta=\"{&quot;aperture&quot;:&quot;3.3&quot;,&quot;credit&quot;:&quot;&quot;,&quot;camera&quot;:&quot;DMC-TZ55&quot;,&quot;caption&quot;:&quot;&quot;,&quot;created_timestamp&quot;:&quot;1492024425&quot;,&quot;copyright&quot;:&quot;&quot;,&quot;focal_length&quot;:&quot;4.3&quot;,&quot;iso&quot;:&quot;320&quot;,&quot;shutter_speed&quot;:&quot;0.0025&quot;,&quot;title&quot;:&quot;&quot;,&quot;orientation&quot;:&quot;1&quot;}\" data-image-title=\"P1080102\" data-image-description=\"\" data-image-caption=\"\" data-medium-file=\"https:\/\/i0.wp.com\/genevieveetbernardauxameriques.fr\/wp-content\/uploads\/2017\/04\/P1080102.jpg?fit=300%2C225&amp;ssl=1\" data-large-file=\"https:\/\/i0.wp.com\/genevieveetbernardauxameriques.fr\/wp-content\/uploads\/2017\/04\/P1080102.jpg?fit=640%2C480&amp;ssl=1\" class=\"alignnone size-full wp-image-18166\" src=\"https:\/\/i0.wp.com\/genevieveetbernardauxameriques.fr\/wp-content\/uploads\/2017\/04\/P1080102.jpg?resize=640%2C480&#038;ssl=1\" alt=\"\" width=\"640\" height=\"480\" srcset=\"https:\/\/i0.wp.com\/genevieveetbernardauxameriques.fr\/wp-content\/uploads\/2017\/04\/P1080102.jpg?w=720&amp;ssl=1 720w, https:\/\/i0.wp.com\/genevieveetbernardauxameriques.fr\/wp-content\/uploads\/2017\/04\/P1080102.jpg?resize=300%2C225&amp;ssl=1 300w\" sizes=\"(max-width: 640px) 100vw, 640px\" data-recalc-dims=\"1\" \/><\/a> <a href=\"https:\/\/i0.wp.com\/genevieveetbernardauxameriques.fr\/wp-content\/uploads\/2017\/04\/P1080103.jpg?ssl=1\"><img loading=\"lazy\" decoding=\"async\" data-attachment-id=\"18167\" data-permalink=\"https:\/\/genevieveetbernardauxameriques.fr\/index.php\/2017\/04\/18\/colombie-3eme-article-de-medellin-a-bogota\/p1080103\/\" data-orig-file=\"https:\/\/i0.wp.com\/genevieveetbernardauxameriques.fr\/wp-content\/uploads\/2017\/04\/P1080103.jpg?fit=720%2C540&amp;ssl=1\" data-orig-size=\"720,540\" data-comments-opened=\"1\" data-image-meta=\"{&quot;aperture&quot;:&quot;4&quot;,&quot;credit&quot;:&quot;&quot;,&quot;camera&quot;:&quot;DMC-TZ55&quot;,&quot;caption&quot;:&quot;&quot;,&quot;created_timestamp&quot;:&quot;1492025505&quot;,&quot;copyright&quot;:&quot;&quot;,&quot;focal_length&quot;:&quot;4.3&quot;,&quot;iso&quot;:&quot;100&quot;,&quot;shutter_speed&quot;:&quot;0.002&quot;,&quot;title&quot;:&quot;&quot;,&quot;orientation&quot;:&quot;1&quot;}\" data-image-title=\"P1080103\" data-image-description=\"\" data-image-caption=\"\" data-medium-file=\"https:\/\/i0.wp.com\/genevieveetbernardauxameriques.fr\/wp-content\/uploads\/2017\/04\/P1080103.jpg?fit=300%2C225&amp;ssl=1\" data-large-file=\"https:\/\/i0.wp.com\/genevieveetbernardauxameriques.fr\/wp-content\/uploads\/2017\/04\/P1080103.jpg?fit=640%2C480&amp;ssl=1\" class=\"alignnone size-full wp-image-18167\" src=\"https:\/\/i0.wp.com\/genevieveetbernardauxameriques.fr\/wp-content\/uploads\/2017\/04\/P1080103.jpg?resize=640%2C480&#038;ssl=1\" alt=\"\" width=\"640\" height=\"480\" srcset=\"https:\/\/i0.wp.com\/genevieveetbernardauxameriques.fr\/wp-content\/uploads\/2017\/04\/P1080103.jpg?w=720&amp;ssl=1 720w, https:\/\/i0.wp.com\/genevieveetbernardauxameriques.fr\/wp-content\/uploads\/2017\/04\/P1080103.jpg?resize=300%2C225&amp;ssl=1 300w\" sizes=\"(max-width: 640px) 100vw, 640px\" data-recalc-dims=\"1\" \/><\/a><\/p>\n<div class=\"separator\"><a href=\"https:\/\/i0.wp.com\/genevieveetbernardauxameriques.fr\/wp-content\/uploads\/2017\/04\/P1080108.jpg?ssl=1\"><img loading=\"lazy\" decoding=\"async\" data-attachment-id=\"18171\" data-permalink=\"https:\/\/genevieveetbernardauxameriques.fr\/index.php\/2017\/04\/18\/colombie-3eme-article-de-medellin-a-bogota\/p1080108\/\" data-orig-file=\"https:\/\/i0.wp.com\/genevieveetbernardauxameriques.fr\/wp-content\/uploads\/2017\/04\/P1080108.jpg?fit=720%2C540&amp;ssl=1\" data-orig-size=\"720,540\" data-comments-opened=\"1\" data-image-meta=\"{&quot;aperture&quot;:&quot;4.9&quot;,&quot;credit&quot;:&quot;&quot;,&quot;camera&quot;:&quot;DMC-TZ55&quot;,&quot;caption&quot;:&quot;&quot;,&quot;created_timestamp&quot;:&quot;1492034882&quot;,&quot;copyright&quot;:&quot;&quot;,&quot;focal_length&quot;:&quot;11.7&quot;,&quot;iso&quot;:&quot;1250&quot;,&quot;shutter_speed&quot;:&quot;0.002&quot;,&quot;title&quot;:&quot;&quot;,&quot;orientation&quot;:&quot;1&quot;}\" data-image-title=\"P1080108\" data-image-description=\"\" data-image-caption=\"\" data-medium-file=\"https:\/\/i0.wp.com\/genevieveetbernardauxameriques.fr\/wp-content\/uploads\/2017\/04\/P1080108.jpg?fit=300%2C225&amp;ssl=1\" data-large-file=\"https:\/\/i0.wp.com\/genevieveetbernardauxameriques.fr\/wp-content\/uploads\/2017\/04\/P1080108.jpg?fit=640%2C480&amp;ssl=1\" class=\"alignnone size-full wp-image-18171\" src=\"https:\/\/i0.wp.com\/genevieveetbernardauxameriques.fr\/wp-content\/uploads\/2017\/04\/P1080108.jpg?resize=640%2C480&#038;ssl=1\" alt=\"\" width=\"640\" height=\"480\" srcset=\"https:\/\/i0.wp.com\/genevieveetbernardauxameriques.fr\/wp-content\/uploads\/2017\/04\/P1080108.jpg?w=720&amp;ssl=1 720w, https:\/\/i0.wp.com\/genevieveetbernardauxameriques.fr\/wp-content\/uploads\/2017\/04\/P1080108.jpg?resize=300%2C225&amp;ssl=1 300w\" sizes=\"(max-width: 640px) 100vw, 640px\" data-recalc-dims=\"1\" \/><\/a> <a href=\"https:\/\/i0.wp.com\/genevieveetbernardauxameriques.fr\/wp-content\/uploads\/2017\/04\/P1080105.jpg?ssl=1\"><img loading=\"lazy\" decoding=\"async\" data-attachment-id=\"18169\" data-permalink=\"https:\/\/genevieveetbernardauxameriques.fr\/index.php\/2017\/04\/18\/colombie-3eme-article-de-medellin-a-bogota\/p1080105\/\" data-orig-file=\"https:\/\/i0.wp.com\/genevieveetbernardauxameriques.fr\/wp-content\/uploads\/2017\/04\/P1080105.jpg?fit=720%2C540&amp;ssl=1\" data-orig-size=\"720,540\" data-comments-opened=\"1\" data-image-meta=\"{&quot;aperture&quot;:&quot;4&quot;,&quot;credit&quot;:&quot;&quot;,&quot;camera&quot;:&quot;DMC-TZ55&quot;,&quot;caption&quot;:&quot;&quot;,&quot;created_timestamp&quot;:&quot;1492034846&quot;,&quot;copyright&quot;:&quot;&quot;,&quot;focal_length&quot;:&quot;4.3&quot;,&quot;iso&quot;:&quot;250&quot;,&quot;shutter_speed&quot;:&quot;0.004&quot;,&quot;title&quot;:&quot;&quot;,&quot;orientation&quot;:&quot;1&quot;}\" data-image-title=\"P1080105\" data-image-description=\"\" data-image-caption=\"\" data-medium-file=\"https:\/\/i0.wp.com\/genevieveetbernardauxameriques.fr\/wp-content\/uploads\/2017\/04\/P1080105.jpg?fit=300%2C225&amp;ssl=1\" data-large-file=\"https:\/\/i0.wp.com\/genevieveetbernardauxameriques.fr\/wp-content\/uploads\/2017\/04\/P1080105.jpg?fit=640%2C480&amp;ssl=1\" class=\"alignnone size-full wp-image-18169\" src=\"https:\/\/i0.wp.com\/genevieveetbernardauxameriques.fr\/wp-content\/uploads\/2017\/04\/P1080105.jpg?resize=640%2C480&#038;ssl=1\" alt=\"\" width=\"640\" height=\"480\" srcset=\"https:\/\/i0.wp.com\/genevieveetbernardauxameriques.fr\/wp-content\/uploads\/2017\/04\/P1080105.jpg?w=720&amp;ssl=1 720w, https:\/\/i0.wp.com\/genevieveetbernardauxameriques.fr\/wp-content\/uploads\/2017\/04\/P1080105.jpg?resize=300%2C225&amp;ssl=1 300w\" sizes=\"(max-width: 640px) 100vw, 640px\" data-recalc-dims=\"1\" \/><\/a><\/div>\n<div class=\"separator\"><a href=\"https:\/\/i0.wp.com\/genevieveetbernardauxameriques.fr\/wp-content\/uploads\/2017\/04\/P1080109.jpg?ssl=1\"><img loading=\"lazy\" decoding=\"async\" data-attachment-id=\"18172\" data-permalink=\"https:\/\/genevieveetbernardauxameriques.fr\/index.php\/2017\/04\/18\/colombie-3eme-article-de-medellin-a-bogota\/p1080109\/\" data-orig-file=\"https:\/\/i0.wp.com\/genevieveetbernardauxameriques.fr\/wp-content\/uploads\/2017\/04\/P1080109.jpg?fit=720%2C540&amp;ssl=1\" data-orig-size=\"720,540\" data-comments-opened=\"1\" data-image-meta=\"{&quot;aperture&quot;:&quot;3.5&quot;,&quot;credit&quot;:&quot;&quot;,&quot;camera&quot;:&quot;DMC-TZ55&quot;,&quot;caption&quot;:&quot;&quot;,&quot;created_timestamp&quot;:&quot;1492035038&quot;,&quot;copyright&quot;:&quot;&quot;,&quot;focal_length&quot;:&quot;4.3&quot;,&quot;iso&quot;:&quot;100&quot;,&quot;shutter_speed&quot;:&quot;0.008&quot;,&quot;title&quot;:&quot;&quot;,&quot;orientation&quot;:&quot;1&quot;}\" data-image-title=\"P1080109\" data-image-description=\"\" data-image-caption=\"\" data-medium-file=\"https:\/\/i0.wp.com\/genevieveetbernardauxameriques.fr\/wp-content\/uploads\/2017\/04\/P1080109.jpg?fit=300%2C225&amp;ssl=1\" data-large-file=\"https:\/\/i0.wp.com\/genevieveetbernardauxameriques.fr\/wp-content\/uploads\/2017\/04\/P1080109.jpg?fit=640%2C480&amp;ssl=1\" class=\"alignnone size-full wp-image-18172\" src=\"https:\/\/i0.wp.com\/genevieveetbernardauxameriques.fr\/wp-content\/uploads\/2017\/04\/P1080109.jpg?resize=640%2C480&#038;ssl=1\" alt=\"\" width=\"640\" height=\"480\" srcset=\"https:\/\/i0.wp.com\/genevieveetbernardauxameriques.fr\/wp-content\/uploads\/2017\/04\/P1080109.jpg?w=720&amp;ssl=1 720w, https:\/\/i0.wp.com\/genevieveetbernardauxameriques.fr\/wp-content\/uploads\/2017\/04\/P1080109.jpg?resize=300%2C225&amp;ssl=1 300w\" sizes=\"(max-width: 640px) 100vw, 640px\" data-recalc-dims=\"1\" \/><\/a> <a href=\"https:\/\/i0.wp.com\/genevieveetbernardauxameriques.fr\/wp-content\/uploads\/2017\/04\/P1080110.jpg?ssl=1\"><img loading=\"lazy\" decoding=\"async\" data-attachment-id=\"18173\" data-permalink=\"https:\/\/genevieveetbernardauxameriques.fr\/index.php\/2017\/04\/18\/colombie-3eme-article-de-medellin-a-bogota\/p1080110\/\" data-orig-file=\"https:\/\/i0.wp.com\/genevieveetbernardauxameriques.fr\/wp-content\/uploads\/2017\/04\/P1080110.jpg?fit=720%2C540&amp;ssl=1\" data-orig-size=\"720,540\" data-comments-opened=\"1\" data-image-meta=\"{&quot;aperture&quot;:&quot;3.3&quot;,&quot;credit&quot;:&quot;&quot;,&quot;camera&quot;:&quot;DMC-TZ55&quot;,&quot;caption&quot;:&quot;&quot;,&quot;created_timestamp&quot;:&quot;1492035043&quot;,&quot;copyright&quot;:&quot;&quot;,&quot;focal_length&quot;:&quot;4.3&quot;,&quot;iso&quot;:&quot;640&quot;,&quot;shutter_speed&quot;:&quot;0.003125&quot;,&quot;title&quot;:&quot;&quot;,&quot;orientation&quot;:&quot;1&quot;}\" data-image-title=\"P1080110\" data-image-description=\"\" data-image-caption=\"\" data-medium-file=\"https:\/\/i0.wp.com\/genevieveetbernardauxameriques.fr\/wp-content\/uploads\/2017\/04\/P1080110.jpg?fit=300%2C225&amp;ssl=1\" data-large-file=\"https:\/\/i0.wp.com\/genevieveetbernardauxameriques.fr\/wp-content\/uploads\/2017\/04\/P1080110.jpg?fit=640%2C480&amp;ssl=1\" class=\"alignnone size-full wp-image-18173\" src=\"https:\/\/i0.wp.com\/genevieveetbernardauxameriques.fr\/wp-content\/uploads\/2017\/04\/P1080110.jpg?resize=640%2C480&#038;ssl=1\" alt=\"\" width=\"640\" height=\"480\" srcset=\"https:\/\/i0.wp.com\/genevieveetbernardauxameriques.fr\/wp-content\/uploads\/2017\/04\/P1080110.jpg?w=720&amp;ssl=1 720w, https:\/\/i0.wp.com\/genevieveetbernardauxameriques.fr\/wp-content\/uploads\/2017\/04\/P1080110.jpg?resize=300%2C225&amp;ssl=1 300w\" sizes=\"(max-width: 640px) 100vw, 640px\" data-recalc-dims=\"1\" \/><\/a><\/div>\n<div class=\"separator\"><\/div>\n<p class=\"separator\">Un arr\u00eat pour le repas du midi dans une hambursgueseria, la meilleure parait-il de la ville<\/p>\n<p class=\"separator\"><a href=\"https:\/\/i0.wp.com\/genevieveetbernardauxameriques.fr\/wp-content\/uploads\/2017\/04\/IMG_20170412_124426.jpg?ssl=1\"><img loading=\"lazy\" decoding=\"async\" data-attachment-id=\"18080\" data-permalink=\"https:\/\/genevieveetbernardauxameriques.fr\/index.php\/2017\/04\/18\/colombie-3eme-article-de-medellin-a-bogota\/img_20170412_124426\/\" data-orig-file=\"https:\/\/i0.wp.com\/genevieveetbernardauxameriques.fr\/wp-content\/uploads\/2017\/04\/IMG_20170412_124426.jpg?fit=720%2C540&amp;ssl=1\" data-orig-size=\"720,540\" data-comments-opened=\"1\" data-image-meta=\"{&quot;aperture&quot;:&quot;0&quot;,&quot;credit&quot;:&quot;&quot;,&quot;camera&quot;:&quot;Lenovo YT3-X50F&quot;,&quot;caption&quot;:&quot;&quot;,&quot;created_timestamp&quot;:&quot;1492001066&quot;,&quot;copyright&quot;:&quot;&quot;,&quot;focal_length&quot;:&quot;3.85&quot;,&quot;iso&quot;:&quot;100&quot;,&quot;shutter_speed&quot;:&quot;0.0085470085470085&quot;,&quot;title&quot;:&quot;&quot;,&quot;orientation&quot;:&quot;0&quot;}\" data-image-title=\"IMG_20170412_124426\" data-image-description=\"\" data-image-caption=\"\" data-medium-file=\"https:\/\/i0.wp.com\/genevieveetbernardauxameriques.fr\/wp-content\/uploads\/2017\/04\/IMG_20170412_124426.jpg?fit=300%2C225&amp;ssl=1\" data-large-file=\"https:\/\/i0.wp.com\/genevieveetbernardauxameriques.fr\/wp-content\/uploads\/2017\/04\/IMG_20170412_124426.jpg?fit=640%2C480&amp;ssl=1\" class=\"wp-image-18080 aligncenter\" src=\"https:\/\/i0.wp.com\/genevieveetbernardauxameriques.fr\/wp-content\/uploads\/2017\/04\/IMG_20170412_124426.jpg?resize=525%2C394&#038;ssl=1\" alt=\"\" width=\"525\" height=\"394\" srcset=\"https:\/\/i0.wp.com\/genevieveetbernardauxameriques.fr\/wp-content\/uploads\/2017\/04\/IMG_20170412_124426.jpg?w=720&amp;ssl=1 720w, https:\/\/i0.wp.com\/genevieveetbernardauxameriques.fr\/wp-content\/uploads\/2017\/04\/IMG_20170412_124426.jpg?resize=300%2C225&amp;ssl=1 300w\" sizes=\"(max-width: 525px) 100vw, 525px\" data-recalc-dims=\"1\" \/><\/a><\/p>\n<div class=\"separator\">\n<p class=\"separator\">Petite fondue pour 2 en attendant les hamburgers<\/p>\n<div class=\"separator\"><a href=\"https:\/\/i0.wp.com\/genevieveetbernardauxameriques.fr\/wp-content\/uploads\/2017\/04\/IMG_20170412_125504.jpg?ssl=1\"><img loading=\"lazy\" decoding=\"async\" data-attachment-id=\"18081\" data-permalink=\"https:\/\/genevieveetbernardauxameriques.fr\/index.php\/2017\/04\/18\/colombie-3eme-article-de-medellin-a-bogota\/img_20170412_125504\/\" data-orig-file=\"https:\/\/i0.wp.com\/genevieveetbernardauxameriques.fr\/wp-content\/uploads\/2017\/04\/IMG_20170412_125504.jpg?fit=720%2C540&amp;ssl=1\" data-orig-size=\"720,540\" data-comments-opened=\"1\" data-image-meta=\"{&quot;aperture&quot;:&quot;0&quot;,&quot;credit&quot;:&quot;&quot;,&quot;camera&quot;:&quot;Lenovo YT3-X50F&quot;,&quot;caption&quot;:&quot;&quot;,&quot;created_timestamp&quot;:&quot;1492001705&quot;,&quot;copyright&quot;:&quot;&quot;,&quot;focal_length&quot;:&quot;3.85&quot;,&quot;iso&quot;:&quot;100&quot;,&quot;shutter_speed&quot;:&quot;0.004&quot;,&quot;title&quot;:&quot;&quot;,&quot;orientation&quot;:&quot;0&quot;}\" data-image-title=\"IMG_20170412_125504\" data-image-description=\"\" data-image-caption=\"\" data-medium-file=\"https:\/\/i0.wp.com\/genevieveetbernardauxameriques.fr\/wp-content\/uploads\/2017\/04\/IMG_20170412_125504.jpg?fit=300%2C225&amp;ssl=1\" data-large-file=\"https:\/\/i0.wp.com\/genevieveetbernardauxameriques.fr\/wp-content\/uploads\/2017\/04\/IMG_20170412_125504.jpg?fit=640%2C480&amp;ssl=1\" class=\"wp-image-18081 aligncenter\" src=\"https:\/\/i0.wp.com\/genevieveetbernardauxameriques.fr\/wp-content\/uploads\/2017\/04\/IMG_20170412_125504.jpg?resize=533%2C400&#038;ssl=1\" alt=\"\" width=\"533\" height=\"400\" srcset=\"https:\/\/i0.wp.com\/genevieveetbernardauxameriques.fr\/wp-content\/uploads\/2017\/04\/IMG_20170412_125504.jpg?w=720&amp;ssl=1 720w, https:\/\/i0.wp.com\/genevieveetbernardauxameriques.fr\/wp-content\/uploads\/2017\/04\/IMG_20170412_125504.jpg?resize=300%2C225&amp;ssl=1 300w\" sizes=\"(max-width: 533px) 100vw, 533px\" data-recalc-dims=\"1\" \/><\/a><\/div>\n<\/div>\n<p>Et l&rsquo;on repart, mais 1\/2 apr\u00e8s, pluie diluvienne<a href=\"https:\/\/i0.wp.com\/genevieveetbernardauxameriques.fr\/wp-content\/uploads\/2017\/04\/P1080104-e1492180258982.jpg?ssl=1\"><img loading=\"lazy\" decoding=\"async\" data-attachment-id=\"18168\" data-permalink=\"https:\/\/genevieveetbernardauxameriques.fr\/index.php\/2017\/04\/18\/colombie-3eme-article-de-medellin-a-bogota\/p1080104\/\" data-orig-file=\"https:\/\/i0.wp.com\/genevieveetbernardauxameriques.fr\/wp-content\/uploads\/2017\/04\/P1080104-e1492180258982.jpg?fit=674%2C531&amp;ssl=1\" data-orig-size=\"674,531\" data-comments-opened=\"1\" data-image-meta=\"{&quot;aperture&quot;:&quot;3.3&quot;,&quot;credit&quot;:&quot;&quot;,&quot;camera&quot;:&quot;DMC-TZ55&quot;,&quot;caption&quot;:&quot;&quot;,&quot;created_timestamp&quot;:&quot;1492033337&quot;,&quot;copyright&quot;:&quot;&quot;,&quot;focal_length&quot;:&quot;4.3&quot;,&quot;iso&quot;:&quot;1250&quot;,&quot;shutter_speed&quot;:&quot;0.0025&quot;,&quot;title&quot;:&quot;&quot;,&quot;orientation&quot;:&quot;1&quot;}\" data-image-title=\"P1080104\" data-image-description=\"\" data-image-caption=\"\" data-medium-file=\"https:\/\/i0.wp.com\/genevieveetbernardauxameriques.fr\/wp-content\/uploads\/2017\/04\/P1080104-e1492180258982.jpg?fit=300%2C236&amp;ssl=1\" data-large-file=\"https:\/\/i0.wp.com\/genevieveetbernardauxameriques.fr\/wp-content\/uploads\/2017\/04\/P1080104-e1492180258982.jpg?fit=640%2C504&amp;ssl=1\" class=\"alignnone size-full wp-image-18168\" src=\"https:\/\/i0.wp.com\/genevieveetbernardauxameriques.fr\/wp-content\/uploads\/2017\/04\/P1080104-e1492180258982.jpg?resize=640%2C504&#038;ssl=1\" alt=\"\" width=\"640\" height=\"504\" srcset=\"https:\/\/i0.wp.com\/genevieveetbernardauxameriques.fr\/wp-content\/uploads\/2017\/04\/P1080104-e1492180258982.jpg?w=674&amp;ssl=1 674w, https:\/\/i0.wp.com\/genevieveetbernardauxameriques.fr\/wp-content\/uploads\/2017\/04\/P1080104-e1492180258982.jpg?resize=300%2C236&amp;ssl=1 300w\" sizes=\"(max-width: 640px) 100vw, 640px\" data-recalc-dims=\"1\" \/><\/a><\/p>\n<p class=\"separator\">Nous sommes oblig\u00e9s de rentrer dans le 1er magasin venu et c&rsquo;est justement une p\u00e2tisserie fran\u00e7aise, et nous n&rsquo;avions pas pris de dessert (un vrai St Honor\u00e9)<\/p>\n<div class=\"separator\">\n<div class=\"separator\"><a href=\"https:\/\/i0.wp.com\/genevieveetbernardauxameriques.fr\/wp-content\/uploads\/2017\/04\/IMG_20170412_141644.jpg?ssl=1\"><img loading=\"lazy\" decoding=\"async\" data-attachment-id=\"18082\" data-permalink=\"https:\/\/genevieveetbernardauxameriques.fr\/index.php\/2017\/04\/18\/colombie-3eme-article-de-medellin-a-bogota\/img_20170412_141644\/\" data-orig-file=\"https:\/\/i0.wp.com\/genevieveetbernardauxameriques.fr\/wp-content\/uploads\/2017\/04\/IMG_20170412_141644.jpg?fit=720%2C540&amp;ssl=1\" data-orig-size=\"720,540\" data-comments-opened=\"1\" data-image-meta=\"{&quot;aperture&quot;:&quot;0&quot;,&quot;credit&quot;:&quot;&quot;,&quot;camera&quot;:&quot;Lenovo YT3-X50F&quot;,&quot;caption&quot;:&quot;&quot;,&quot;created_timestamp&quot;:&quot;1492006605&quot;,&quot;copyright&quot;:&quot;&quot;,&quot;focal_length&quot;:&quot;3.85&quot;,&quot;iso&quot;:&quot;237&quot;,&quot;shutter_speed&quot;:&quot;0.041666666666667&quot;,&quot;title&quot;:&quot;&quot;,&quot;orientation&quot;:&quot;0&quot;}\" data-image-title=\"IMG_20170412_141644\" data-image-description=\"\" data-image-caption=\"\" data-medium-file=\"https:\/\/i0.wp.com\/genevieveetbernardauxameriques.fr\/wp-content\/uploads\/2017\/04\/IMG_20170412_141644.jpg?fit=300%2C225&amp;ssl=1\" data-large-file=\"https:\/\/i0.wp.com\/genevieveetbernardauxameriques.fr\/wp-content\/uploads\/2017\/04\/IMG_20170412_141644.jpg?fit=640%2C480&amp;ssl=1\" class=\"wp-image-18082 aligncenter\" src=\"https:\/\/i0.wp.com\/genevieveetbernardauxameriques.fr\/wp-content\/uploads\/2017\/04\/IMG_20170412_141644.jpg?resize=503%2C377&#038;ssl=1\" alt=\"\" width=\"503\" height=\"377\" srcset=\"https:\/\/i0.wp.com\/genevieveetbernardauxameriques.fr\/wp-content\/uploads\/2017\/04\/IMG_20170412_141644.jpg?w=720&amp;ssl=1 720w, https:\/\/i0.wp.com\/genevieveetbernardauxameriques.fr\/wp-content\/uploads\/2017\/04\/IMG_20170412_141644.jpg?resize=300%2C225&amp;ssl=1 300w\" sizes=\"(max-width: 503px) 100vw, 503px\" data-recalc-dims=\"1\" \/><\/a><\/div>\n<div class=\"separator\"><\/div>\n<\/div>\n<p class=\"separator\">Apr\u00e8s l&rsquo;alcalmie, nous allons visit\u00e9 la maison de BOLIVAR, le Lib\u00e9rateur de l&rsquo;Am\u00e9rique du Sud.<\/p>\n<div class=\"separator\"><\/div>\n<div class=\"separator\"><img loading=\"lazy\" decoding=\"async\" data-attachment-id=\"18179\" data-permalink=\"https:\/\/genevieveetbernardauxameriques.fr\/index.php\/2017\/04\/18\/colombie-3eme-article-de-medellin-a-bogota\/p1080119\/\" data-orig-file=\"https:\/\/i0.wp.com\/genevieveetbernardauxameriques.fr\/wp-content\/uploads\/2017\/04\/P1080119.jpg?fit=720%2C540&amp;ssl=1\" data-orig-size=\"720,540\" data-comments-opened=\"1\" data-image-meta=\"{&quot;aperture&quot;:&quot;3.3&quot;,&quot;credit&quot;:&quot;&quot;,&quot;camera&quot;:&quot;DMC-TZ55&quot;,&quot;caption&quot;:&quot;&quot;,&quot;created_timestamp&quot;:&quot;1492038336&quot;,&quot;copyright&quot;:&quot;&quot;,&quot;focal_length&quot;:&quot;4.4&quot;,&quot;iso&quot;:&quot;250&quot;,&quot;shutter_speed&quot;:&quot;0.016666666666667&quot;,&quot;title&quot;:&quot;&quot;,&quot;orientation&quot;:&quot;1&quot;}\" data-image-title=\"P1080119\" data-image-description=\"\" data-image-caption=\"\" data-medium-file=\"https:\/\/i0.wp.com\/genevieveetbernardauxameriques.fr\/wp-content\/uploads\/2017\/04\/P1080119.jpg?fit=300%2C225&amp;ssl=1\" data-large-file=\"https:\/\/i0.wp.com\/genevieveetbernardauxameriques.fr\/wp-content\/uploads\/2017\/04\/P1080119.jpg?fit=640%2C480&amp;ssl=1\" class=\"alignnone size-full wp-image-18179\" src=\"https:\/\/i0.wp.com\/genevieveetbernardauxameriques.fr\/wp-content\/uploads\/2017\/04\/P1080119.jpg?resize=640%2C480&#038;ssl=1\" alt=\"\" width=\"640\" height=\"480\" srcset=\"https:\/\/i0.wp.com\/genevieveetbernardauxameriques.fr\/wp-content\/uploads\/2017\/04\/P1080119.jpg?w=720&amp;ssl=1 720w, https:\/\/i0.wp.com\/genevieveetbernardauxameriques.fr\/wp-content\/uploads\/2017\/04\/P1080119.jpg?resize=300%2C225&amp;ssl=1 300w\" sizes=\"(max-width: 640px) 100vw, 640px\" data-recalc-dims=\"1\" \/><\/div>\n<div class=\"separator\"><img loading=\"lazy\" decoding=\"async\" data-attachment-id=\"18078\" data-permalink=\"https:\/\/genevieveetbernardauxameriques.fr\/index.php\/2017\/04\/18\/colombie-3eme-article-de-medellin-a-bogota\/img_19691231_191954\/\" data-orig-file=\"https:\/\/i0.wp.com\/genevieveetbernardauxameriques.fr\/wp-content\/uploads\/2017\/04\/IMG_19691231_191954.jpg?fit=720%2C540&amp;ssl=1\" data-orig-size=\"720,540\" data-comments-opened=\"1\" data-image-meta=\"{&quot;aperture&quot;:&quot;0&quot;,&quot;credit&quot;:&quot;&quot;,&quot;camera&quot;:&quot;Lenovo YT3-X50F&quot;,&quot;caption&quot;:&quot;&quot;,&quot;created_timestamp&quot;:&quot;-16805&quot;,&quot;copyright&quot;:&quot;&quot;,&quot;focal_length&quot;:&quot;3.85&quot;,&quot;iso&quot;:&quot;343&quot;,&quot;shutter_speed&quot;:&quot;0.04&quot;,&quot;title&quot;:&quot;&quot;,&quot;orientation&quot;:&quot;0&quot;}\" data-image-title=\"IMG_19691231_191954\" data-image-description=\"\" data-image-caption=\"\" data-medium-file=\"https:\/\/i0.wp.com\/genevieveetbernardauxameriques.fr\/wp-content\/uploads\/2017\/04\/IMG_19691231_191954.jpg?fit=300%2C225&amp;ssl=1\" data-large-file=\"https:\/\/i0.wp.com\/genevieveetbernardauxameriques.fr\/wp-content\/uploads\/2017\/04\/IMG_19691231_191954.jpg?fit=640%2C480&amp;ssl=1\" class=\"alignnone size-full wp-image-18078\" src=\"https:\/\/i0.wp.com\/genevieveetbernardauxameriques.fr\/wp-content\/uploads\/2017\/04\/IMG_19691231_191954.jpg?resize=640%2C480&#038;ssl=1\" alt=\"\" width=\"640\" height=\"480\" srcset=\"https:\/\/i0.wp.com\/genevieveetbernardauxameriques.fr\/wp-content\/uploads\/2017\/04\/IMG_19691231_191954.jpg?w=720&amp;ssl=1 720w, https:\/\/i0.wp.com\/genevieveetbernardauxameriques.fr\/wp-content\/uploads\/2017\/04\/IMG_19691231_191954.jpg?resize=300%2C225&amp;ssl=1 300w\" sizes=\"(max-width: 640px) 100vw, 640px\" data-recalc-dims=\"1\" \/><\/div>\n<div class=\"separator\">\n<div class=\"separator\"><img loading=\"lazy\" decoding=\"async\" data-attachment-id=\"18076\" data-permalink=\"https:\/\/genevieveetbernardauxameriques.fr\/index.php\/2017\/04\/18\/colombie-3eme-article-de-medellin-a-bogota\/img_19691231_191157\/\" data-orig-file=\"https:\/\/i0.wp.com\/genevieveetbernardauxameriques.fr\/wp-content\/uploads\/2017\/04\/IMG_19691231_191157.jpg?fit=720%2C540&amp;ssl=1\" data-orig-size=\"720,540\" data-comments-opened=\"1\" data-image-meta=\"{&quot;aperture&quot;:&quot;0&quot;,&quot;credit&quot;:&quot;&quot;,&quot;camera&quot;:&quot;Lenovo YT3-X50F&quot;,&quot;caption&quot;:&quot;&quot;,&quot;created_timestamp&quot;:&quot;-17282&quot;,&quot;copyright&quot;:&quot;&quot;,&quot;focal_length&quot;:&quot;3.85&quot;,&quot;iso&quot;:&quot;237&quot;,&quot;shutter_speed&quot;:&quot;0.041666666666667&quot;,&quot;title&quot;:&quot;&quot;,&quot;orientation&quot;:&quot;0&quot;}\" data-image-title=\"IMG_19691231_191157\" data-image-description=\"\" data-image-caption=\"\" data-medium-file=\"https:\/\/i0.wp.com\/genevieveetbernardauxameriques.fr\/wp-content\/uploads\/2017\/04\/IMG_19691231_191157.jpg?fit=300%2C225&amp;ssl=1\" data-large-file=\"https:\/\/i0.wp.com\/genevieveetbernardauxameriques.fr\/wp-content\/uploads\/2017\/04\/IMG_19691231_191157.jpg?fit=640%2C480&amp;ssl=1\" class=\"alignnone size-full wp-image-18076\" src=\"https:\/\/i0.wp.com\/genevieveetbernardauxameriques.fr\/wp-content\/uploads\/2017\/04\/IMG_19691231_191157.jpg?resize=640%2C480&#038;ssl=1\" alt=\"\" width=\"640\" height=\"480\" srcset=\"https:\/\/i0.wp.com\/genevieveetbernardauxameriques.fr\/wp-content\/uploads\/2017\/04\/IMG_19691231_191157.jpg?w=720&amp;ssl=1 720w, https:\/\/i0.wp.com\/genevieveetbernardauxameriques.fr\/wp-content\/uploads\/2017\/04\/IMG_19691231_191157.jpg?resize=300%2C225&amp;ssl=1 300w\" sizes=\"(max-width: 640px) 100vw, 640px\" data-recalc-dims=\"1\" \/><\/div>\n<div class=\"separator\"><a href=\"https:\/\/i0.wp.com\/genevieveetbernardauxameriques.fr\/wp-content\/uploads\/2017\/04\/IMG_19691231_190657.jpg?ssl=1\"><img loading=\"lazy\" decoding=\"async\" data-attachment-id=\"18073\" data-permalink=\"https:\/\/genevieveetbernardauxameriques.fr\/index.php\/2017\/04\/18\/colombie-3eme-article-de-medellin-a-bogota\/img_19691231_190657\/\" data-orig-file=\"https:\/\/i0.wp.com\/genevieveetbernardauxameriques.fr\/wp-content\/uploads\/2017\/04\/IMG_19691231_190657.jpg?fit=720%2C540&amp;ssl=1\" data-orig-size=\"720,540\" data-comments-opened=\"1\" data-image-meta=\"{&quot;aperture&quot;:&quot;0&quot;,&quot;credit&quot;:&quot;&quot;,&quot;camera&quot;:&quot;Lenovo YT3-X50F&quot;,&quot;caption&quot;:&quot;&quot;,&quot;created_timestamp&quot;:&quot;-17582&quot;,&quot;copyright&quot;:&quot;&quot;,&quot;focal_length&quot;:&quot;3.85&quot;,&quot;iso&quot;:&quot;1697&quot;,&quot;shutter_speed&quot;:&quot;0.083333333333333&quot;,&quot;title&quot;:&quot;&quot;,&quot;orientation&quot;:&quot;0&quot;}\" data-image-title=\"IMG_19691231_190657\" data-image-description=\"\" data-image-caption=\"\" data-medium-file=\"https:\/\/i0.wp.com\/genevieveetbernardauxameriques.fr\/wp-content\/uploads\/2017\/04\/IMG_19691231_190657.jpg?fit=300%2C225&amp;ssl=1\" data-large-file=\"https:\/\/i0.wp.com\/genevieveetbernardauxameriques.fr\/wp-content\/uploads\/2017\/04\/IMG_19691231_190657.jpg?fit=640%2C480&amp;ssl=1\" class=\"alignnone size-full wp-image-18073\" src=\"https:\/\/i0.wp.com\/genevieveetbernardauxameriques.fr\/wp-content\/uploads\/2017\/04\/IMG_19691231_190657.jpg?resize=640%2C480&#038;ssl=1\" alt=\"\" width=\"640\" height=\"480\" srcset=\"https:\/\/i0.wp.com\/genevieveetbernardauxameriques.fr\/wp-content\/uploads\/2017\/04\/IMG_19691231_190657.jpg?w=720&amp;ssl=1 720w, https:\/\/i0.wp.com\/genevieveetbernardauxameriques.fr\/wp-content\/uploads\/2017\/04\/IMG_19691231_190657.jpg?resize=300%2C225&amp;ssl=1 300w\" sizes=\"(max-width: 640px) 100vw, 640px\" data-recalc-dims=\"1\" \/><\/a> <a href=\"https:\/\/i0.wp.com\/genevieveetbernardauxameriques.fr\/wp-content\/uploads\/2017\/04\/IMG_19691231_190705.jpg?ssl=1\"><img loading=\"lazy\" decoding=\"async\" data-attachment-id=\"18074\" data-permalink=\"https:\/\/genevieveetbernardauxameriques.fr\/index.php\/2017\/04\/18\/colombie-3eme-article-de-medellin-a-bogota\/img_19691231_190705\/\" data-orig-file=\"https:\/\/i0.wp.com\/genevieveetbernardauxameriques.fr\/wp-content\/uploads\/2017\/04\/IMG_19691231_190705.jpg?fit=720%2C540&amp;ssl=1\" data-orig-size=\"720,540\" data-comments-opened=\"1\" data-image-meta=\"{&quot;aperture&quot;:&quot;0&quot;,&quot;credit&quot;:&quot;&quot;,&quot;camera&quot;:&quot;Lenovo YT3-X50F&quot;,&quot;caption&quot;:&quot;&quot;,&quot;created_timestamp&quot;:&quot;-17574&quot;,&quot;copyright&quot;:&quot;&quot;,&quot;focal_length&quot;:&quot;3.85&quot;,&quot;iso&quot;:&quot;1748&quot;,&quot;shutter_speed&quot;:&quot;0.083333333333333&quot;,&quot;title&quot;:&quot;&quot;,&quot;orientation&quot;:&quot;0&quot;}\" data-image-title=\"IMG_19691231_190705\" data-image-description=\"\" data-image-caption=\"\" data-medium-file=\"https:\/\/i0.wp.com\/genevieveetbernardauxameriques.fr\/wp-content\/uploads\/2017\/04\/IMG_19691231_190705.jpg?fit=300%2C225&amp;ssl=1\" data-large-file=\"https:\/\/i0.wp.com\/genevieveetbernardauxameriques.fr\/wp-content\/uploads\/2017\/04\/IMG_19691231_190705.jpg?fit=640%2C480&amp;ssl=1\" class=\"alignnone size-full wp-image-18074\" src=\"https:\/\/i0.wp.com\/genevieveetbernardauxameriques.fr\/wp-content\/uploads\/2017\/04\/IMG_19691231_190705.jpg?resize=640%2C480&#038;ssl=1\" alt=\"\" width=\"640\" height=\"480\" srcset=\"https:\/\/i0.wp.com\/genevieveetbernardauxameriques.fr\/wp-content\/uploads\/2017\/04\/IMG_19691231_190705.jpg?w=720&amp;ssl=1 720w, https:\/\/i0.wp.com\/genevieveetbernardauxameriques.fr\/wp-content\/uploads\/2017\/04\/IMG_19691231_190705.jpg?resize=300%2C225&amp;ssl=1 300w\" sizes=\"(max-width: 640px) 100vw, 640px\" data-recalc-dims=\"1\" \/><\/a><\/div>\n<\/div>\n<div class=\"separator\"><img loading=\"lazy\" decoding=\"async\" data-attachment-id=\"18072\" data-permalink=\"https:\/\/genevieveetbernardauxameriques.fr\/index.php\/2017\/04\/18\/colombie-3eme-article-de-medellin-a-bogota\/img_19691231_190524\/\" data-orig-file=\"https:\/\/i0.wp.com\/genevieveetbernardauxameriques.fr\/wp-content\/uploads\/2017\/04\/IMG_19691231_190524.jpg?fit=720%2C540&amp;ssl=1\" data-orig-size=\"720,540\" data-comments-opened=\"1\" data-image-meta=\"{&quot;aperture&quot;:&quot;0&quot;,&quot;credit&quot;:&quot;&quot;,&quot;camera&quot;:&quot;Lenovo YT3-X50F&quot;,&quot;caption&quot;:&quot;&quot;,&quot;created_timestamp&quot;:&quot;-17675&quot;,&quot;copyright&quot;:&quot;&quot;,&quot;focal_length&quot;:&quot;3.85&quot;,&quot;iso&quot;:&quot;1262&quot;,&quot;shutter_speed&quot;:&quot;0.083333333333333&quot;,&quot;title&quot;:&quot;&quot;,&quot;orientation&quot;:&quot;0&quot;}\" data-image-title=\"IMG_19691231_190524\" data-image-description=\"\" data-image-caption=\"\" data-medium-file=\"https:\/\/i0.wp.com\/genevieveetbernardauxameriques.fr\/wp-content\/uploads\/2017\/04\/IMG_19691231_190524.jpg?fit=300%2C225&amp;ssl=1\" data-large-file=\"https:\/\/i0.wp.com\/genevieveetbernardauxameriques.fr\/wp-content\/uploads\/2017\/04\/IMG_19691231_190524.jpg?fit=640%2C480&amp;ssl=1\" class=\"alignnone size-full wp-image-18072\" src=\"https:\/\/i0.wp.com\/genevieveetbernardauxameriques.fr\/wp-content\/uploads\/2017\/04\/IMG_19691231_190524.jpg?resize=640%2C480&#038;ssl=1\" alt=\"\" width=\"640\" height=\"480\" srcset=\"https:\/\/i0.wp.com\/genevieveetbernardauxameriques.fr\/wp-content\/uploads\/2017\/04\/IMG_19691231_190524.jpg?w=720&amp;ssl=1 720w, https:\/\/i0.wp.com\/genevieveetbernardauxameriques.fr\/wp-content\/uploads\/2017\/04\/IMG_19691231_190524.jpg?resize=300%2C225&amp;ssl=1 300w\" sizes=\"(max-width: 640px) 100vw, 640px\" data-recalc-dims=\"1\" \/><\/div>\n<p class=\"separator\">\u00a0Les communs :\u00a0\u00a0<a href=\"https:\/\/i0.wp.com\/genevieveetbernardauxameriques.fr\/wp-content\/uploads\/2017\/04\/P1080115.jpg?ssl=1\"><img loading=\"lazy\" decoding=\"async\" data-attachment-id=\"18176\" data-permalink=\"https:\/\/genevieveetbernardauxameriques.fr\/index.php\/2017\/04\/18\/colombie-3eme-article-de-medellin-a-bogota\/p1080115\/\" data-orig-file=\"https:\/\/i0.wp.com\/genevieveetbernardauxameriques.fr\/wp-content\/uploads\/2017\/04\/P1080115.jpg?fit=720%2C540&amp;ssl=1\" data-orig-size=\"720,540\" data-comments-opened=\"1\" data-image-meta=\"{&quot;aperture&quot;:&quot;3.3&quot;,&quot;credit&quot;:&quot;&quot;,&quot;camera&quot;:&quot;DMC-TZ55&quot;,&quot;caption&quot;:&quot;&quot;,&quot;created_timestamp&quot;:&quot;1492037856&quot;,&quot;copyright&quot;:&quot;&quot;,&quot;focal_length&quot;:&quot;4.3&quot;,&quot;iso&quot;:&quot;1600&quot;,&quot;shutter_speed&quot;:&quot;0.033333333333333&quot;,&quot;title&quot;:&quot;&quot;,&quot;orientation&quot;:&quot;1&quot;}\" data-image-title=\"P1080115\" data-image-description=\"\" data-image-caption=\"\" data-medium-file=\"https:\/\/i0.wp.com\/genevieveetbernardauxameriques.fr\/wp-content\/uploads\/2017\/04\/P1080115.jpg?fit=300%2C225&amp;ssl=1\" data-large-file=\"https:\/\/i0.wp.com\/genevieveetbernardauxameriques.fr\/wp-content\/uploads\/2017\/04\/P1080115.jpg?fit=640%2C480&amp;ssl=1\" class=\"alignnone size-full wp-image-18176\" src=\"https:\/\/i0.wp.com\/genevieveetbernardauxameriques.fr\/wp-content\/uploads\/2017\/04\/P1080115.jpg?resize=640%2C480&#038;ssl=1\" alt=\"\" width=\"640\" height=\"480\" srcset=\"https:\/\/i0.wp.com\/genevieveetbernardauxameriques.fr\/wp-content\/uploads\/2017\/04\/P1080115.jpg?w=720&amp;ssl=1 720w, https:\/\/i0.wp.com\/genevieveetbernardauxameriques.fr\/wp-content\/uploads\/2017\/04\/P1080115.jpg?resize=300%2C225&amp;ssl=1 300w\" sizes=\"(max-width: 640px) 100vw, 640px\" data-recalc-dims=\"1\" \/><\/a> <a href=\"https:\/\/i0.wp.com\/genevieveetbernardauxameriques.fr\/wp-content\/uploads\/2017\/04\/P1080116.jpg?ssl=1\"><img loading=\"lazy\" decoding=\"async\" data-attachment-id=\"18177\" data-permalink=\"https:\/\/genevieveetbernardauxameriques.fr\/index.php\/2017\/04\/18\/colombie-3eme-article-de-medellin-a-bogota\/p1080116\/\" data-orig-file=\"https:\/\/i0.wp.com\/genevieveetbernardauxameriques.fr\/wp-content\/uploads\/2017\/04\/P1080116.jpg?fit=720%2C540&amp;ssl=1\" data-orig-size=\"720,540\" data-comments-opened=\"1\" data-image-meta=\"{&quot;aperture&quot;:&quot;3.3&quot;,&quot;credit&quot;:&quot;&quot;,&quot;camera&quot;:&quot;DMC-TZ55&quot;,&quot;caption&quot;:&quot;&quot;,&quot;created_timestamp&quot;:&quot;1492037888&quot;,&quot;copyright&quot;:&quot;&quot;,&quot;focal_length&quot;:&quot;4.3&quot;,&quot;iso&quot;:&quot;1250&quot;,&quot;shutter_speed&quot;:&quot;0.04&quot;,&quot;title&quot;:&quot;&quot;,&quot;orientation&quot;:&quot;1&quot;}\" data-image-title=\"P1080116\" data-image-description=\"\" data-image-caption=\"\" data-medium-file=\"https:\/\/i0.wp.com\/genevieveetbernardauxameriques.fr\/wp-content\/uploads\/2017\/04\/P1080116.jpg?fit=300%2C225&amp;ssl=1\" data-large-file=\"https:\/\/i0.wp.com\/genevieveetbernardauxameriques.fr\/wp-content\/uploads\/2017\/04\/P1080116.jpg?fit=640%2C480&amp;ssl=1\" class=\"alignnone size-full wp-image-18177\" src=\"https:\/\/i0.wp.com\/genevieveetbernardauxameriques.fr\/wp-content\/uploads\/2017\/04\/P1080116.jpg?resize=640%2C480&#038;ssl=1\" alt=\"\" width=\"640\" height=\"480\" srcset=\"https:\/\/i0.wp.com\/genevieveetbernardauxameriques.fr\/wp-content\/uploads\/2017\/04\/P1080116.jpg?w=720&amp;ssl=1 720w, https:\/\/i0.wp.com\/genevieveetbernardauxameriques.fr\/wp-content\/uploads\/2017\/04\/P1080116.jpg?resize=300%2C225&amp;ssl=1 300w\" sizes=\"(max-width: 640px) 100vw, 640px\" data-recalc-dims=\"1\" \/><\/a><\/p>\n<div class=\"separator\"><\/div>\n<div class=\"separator\">\u00a0 <a href=\"https:\/\/i0.wp.com\/genevieveetbernardauxameriques.fr\/wp-content\/uploads\/2017\/04\/P1080124.jpg?ssl=1\"><img loading=\"lazy\" decoding=\"async\" data-attachment-id=\"18182\" data-permalink=\"https:\/\/genevieveetbernardauxameriques.fr\/index.php\/2017\/04\/18\/colombie-3eme-article-de-medellin-a-bogota\/p1080124\/\" data-orig-file=\"https:\/\/i0.wp.com\/genevieveetbernardauxameriques.fr\/wp-content\/uploads\/2017\/04\/P1080124.jpg?fit=720%2C540&amp;ssl=1\" data-orig-size=\"720,540\" data-comments-opened=\"1\" data-image-meta=\"{&quot;aperture&quot;:&quot;3.3&quot;,&quot;credit&quot;:&quot;&quot;,&quot;camera&quot;:&quot;DMC-TZ55&quot;,&quot;caption&quot;:&quot;&quot;,&quot;created_timestamp&quot;:&quot;1492038522&quot;,&quot;copyright&quot;:&quot;&quot;,&quot;focal_length&quot;:&quot;4.3&quot;,&quot;iso&quot;:&quot;1600&quot;,&quot;shutter_speed&quot;:&quot;0.033333333333333&quot;,&quot;title&quot;:&quot;&quot;,&quot;orientation&quot;:&quot;1&quot;}\" data-image-title=\"P1080124\" data-image-description=\"\" data-image-caption=\"\" data-medium-file=\"https:\/\/i0.wp.com\/genevieveetbernardauxameriques.fr\/wp-content\/uploads\/2017\/04\/P1080124.jpg?fit=300%2C225&amp;ssl=1\" data-large-file=\"https:\/\/i0.wp.com\/genevieveetbernardauxameriques.fr\/wp-content\/uploads\/2017\/04\/P1080124.jpg?fit=640%2C480&amp;ssl=1\" class=\"alignnone size-medium wp-image-18182\" src=\"https:\/\/i0.wp.com\/genevieveetbernardauxameriques.fr\/wp-content\/uploads\/2017\/04\/P1080124.jpg?resize=300%2C225&#038;ssl=1\" alt=\"\" width=\"300\" height=\"225\" srcset=\"https:\/\/i0.wp.com\/genevieveetbernardauxameriques.fr\/wp-content\/uploads\/2017\/04\/P1080124.jpg?resize=300%2C225&amp;ssl=1 300w, https:\/\/i0.wp.com\/genevieveetbernardauxameriques.fr\/wp-content\/uploads\/2017\/04\/P1080124.jpg?w=720&amp;ssl=1 720w\" sizes=\"(max-width: 300px) 100vw, 300px\" data-recalc-dims=\"1\" \/><\/a>\u00a0 \u00a0 \u00a0<a href=\"https:\/\/i0.wp.com\/genevieveetbernardauxameriques.fr\/wp-content\/uploads\/2017\/04\/P1080125.jpg?ssl=1\"><img loading=\"lazy\" decoding=\"async\" data-attachment-id=\"18183\" data-permalink=\"https:\/\/genevieveetbernardauxameriques.fr\/index.php\/2017\/04\/18\/colombie-3eme-article-de-medellin-a-bogota\/p1080125\/\" data-orig-file=\"https:\/\/i0.wp.com\/genevieveetbernardauxameriques.fr\/wp-content\/uploads\/2017\/04\/P1080125.jpg?fit=720%2C540&amp;ssl=1\" data-orig-size=\"720,540\" data-comments-opened=\"1\" data-image-meta=\"{&quot;aperture&quot;:&quot;3.3&quot;,&quot;credit&quot;:&quot;&quot;,&quot;camera&quot;:&quot;DMC-TZ55&quot;,&quot;caption&quot;:&quot;&quot;,&quot;created_timestamp&quot;:&quot;1492038526&quot;,&quot;copyright&quot;:&quot;&quot;,&quot;focal_length&quot;:&quot;4.3&quot;,&quot;iso&quot;:&quot;1600&quot;,&quot;shutter_speed&quot;:&quot;0.033333333333333&quot;,&quot;title&quot;:&quot;&quot;,&quot;orientation&quot;:&quot;1&quot;}\" data-image-title=\"P1080125\" data-image-description=\"\" data-image-caption=\"\" data-medium-file=\"https:\/\/i0.wp.com\/genevieveetbernardauxameriques.fr\/wp-content\/uploads\/2017\/04\/P1080125.jpg?fit=300%2C225&amp;ssl=1\" data-large-file=\"https:\/\/i0.wp.com\/genevieveetbernardauxameriques.fr\/wp-content\/uploads\/2017\/04\/P1080125.jpg?fit=640%2C480&amp;ssl=1\" class=\"alignnone size-medium wp-image-18183\" src=\"https:\/\/i0.wp.com\/genevieveetbernardauxameriques.fr\/wp-content\/uploads\/2017\/04\/P1080125.jpg?resize=300%2C225&#038;ssl=1\" alt=\"\" width=\"300\" height=\"225\" srcset=\"https:\/\/i0.wp.com\/genevieveetbernardauxameriques.fr\/wp-content\/uploads\/2017\/04\/P1080125.jpg?resize=300%2C225&amp;ssl=1 300w, https:\/\/i0.wp.com\/genevieveetbernardauxameriques.fr\/wp-content\/uploads\/2017\/04\/P1080125.jpg?w=720&amp;ssl=1 720w\" sizes=\"(max-width: 300px) 100vw, 300px\" data-recalc-dims=\"1\" \/><\/a><\/div>\n<div class=\"separator\"><\/div>\n<div class=\"separator\">\u00a0<a href=\"https:\/\/i0.wp.com\/genevieveetbernardauxameriques.fr\/wp-content\/uploads\/2017\/04\/P1080120.jpg?ssl=1\"><img loading=\"lazy\" decoding=\"async\" data-attachment-id=\"18180\" data-permalink=\"https:\/\/genevieveetbernardauxameriques.fr\/index.php\/2017\/04\/18\/colombie-3eme-article-de-medellin-a-bogota\/p1080120\/\" data-orig-file=\"https:\/\/i0.wp.com\/genevieveetbernardauxameriques.fr\/wp-content\/uploads\/2017\/04\/P1080120.jpg?fit=720%2C540&amp;ssl=1\" data-orig-size=\"720,540\" data-comments-opened=\"1\" data-image-meta=\"{&quot;aperture&quot;:&quot;3.3&quot;,&quot;credit&quot;:&quot;&quot;,&quot;camera&quot;:&quot;DMC-TZ55&quot;,&quot;caption&quot;:&quot;&quot;,&quot;created_timestamp&quot;:&quot;1492038454&quot;,&quot;copyright&quot;:&quot;&quot;,&quot;focal_length&quot;:&quot;4.3&quot;,&quot;iso&quot;:&quot;1600&quot;,&quot;shutter_speed&quot;:&quot;0.033333333333333&quot;,&quot;title&quot;:&quot;&quot;,&quot;orientation&quot;:&quot;1&quot;}\" data-image-title=\"P1080120\" data-image-description=\"\" data-image-caption=\"\" data-medium-file=\"https:\/\/i0.wp.com\/genevieveetbernardauxameriques.fr\/wp-content\/uploads\/2017\/04\/P1080120.jpg?fit=300%2C225&amp;ssl=1\" data-large-file=\"https:\/\/i0.wp.com\/genevieveetbernardauxameriques.fr\/wp-content\/uploads\/2017\/04\/P1080120.jpg?fit=640%2C480&amp;ssl=1\" class=\"alignnone size-full wp-image-18180\" src=\"https:\/\/i0.wp.com\/genevieveetbernardauxameriques.fr\/wp-content\/uploads\/2017\/04\/P1080120.jpg?resize=640%2C480&#038;ssl=1\" alt=\"\" width=\"640\" height=\"480\" srcset=\"https:\/\/i0.wp.com\/genevieveetbernardauxameriques.fr\/wp-content\/uploads\/2017\/04\/P1080120.jpg?w=720&amp;ssl=1 720w, https:\/\/i0.wp.com\/genevieveetbernardauxameriques.fr\/wp-content\/uploads\/2017\/04\/P1080120.jpg?resize=300%2C225&amp;ssl=1 300w\" sizes=\"(max-width: 640px) 100vw, 640px\" data-recalc-dims=\"1\" \/><\/a> <a href=\"https:\/\/i0.wp.com\/genevieveetbernardauxameriques.fr\/wp-content\/uploads\/2017\/04\/P1080123.jpg?ssl=1\"><img loading=\"lazy\" decoding=\"async\" data-attachment-id=\"18181\" data-permalink=\"https:\/\/genevieveetbernardauxameriques.fr\/index.php\/2017\/04\/18\/colombie-3eme-article-de-medellin-a-bogota\/p1080123\/\" data-orig-file=\"https:\/\/i0.wp.com\/genevieveetbernardauxameriques.fr\/wp-content\/uploads\/2017\/04\/P1080123.jpg?fit=720%2C540&amp;ssl=1\" data-orig-size=\"720,540\" data-comments-opened=\"1\" data-image-meta=\"{&quot;aperture&quot;:&quot;3.3&quot;,&quot;credit&quot;:&quot;&quot;,&quot;camera&quot;:&quot;DMC-TZ55&quot;,&quot;caption&quot;:&quot;&quot;,&quot;created_timestamp&quot;:&quot;1492038509&quot;,&quot;copyright&quot;:&quot;&quot;,&quot;focal_length&quot;:&quot;4.3&quot;,&quot;iso&quot;:&quot;500&quot;,&quot;shutter_speed&quot;:&quot;0.125&quot;,&quot;title&quot;:&quot;&quot;,&quot;orientation&quot;:&quot;1&quot;}\" data-image-title=\"P1080123\" data-image-description=\"\" data-image-caption=\"\" data-medium-file=\"https:\/\/i0.wp.com\/genevieveetbernardauxameriques.fr\/wp-content\/uploads\/2017\/04\/P1080123.jpg?fit=300%2C225&amp;ssl=1\" data-large-file=\"https:\/\/i0.wp.com\/genevieveetbernardauxameriques.fr\/wp-content\/uploads\/2017\/04\/P1080123.jpg?fit=640%2C480&amp;ssl=1\" class=\"alignnone size-full wp-image-18181\" src=\"https:\/\/i0.wp.com\/genevieveetbernardauxameriques.fr\/wp-content\/uploads\/2017\/04\/P1080123.jpg?resize=640%2C480&#038;ssl=1\" alt=\"\" width=\"640\" height=\"480\" srcset=\"https:\/\/i0.wp.com\/genevieveetbernardauxameriques.fr\/wp-content\/uploads\/2017\/04\/P1080123.jpg?w=720&amp;ssl=1 720w, https:\/\/i0.wp.com\/genevieveetbernardauxameriques.fr\/wp-content\/uploads\/2017\/04\/P1080123.jpg?resize=300%2C225&amp;ssl=1 300w\" sizes=\"(max-width: 640px) 100vw, 640px\" data-recalc-dims=\"1\" \/><\/a> \u00a0\u00a0<a href=\"https:\/\/i0.wp.com\/genevieveetbernardauxameriques.fr\/wp-content\/uploads\/2017\/04\/P1080126.jpg?ssl=1\"><img loading=\"lazy\" decoding=\"async\" data-attachment-id=\"18184\" data-permalink=\"https:\/\/genevieveetbernardauxameriques.fr\/index.php\/2017\/04\/18\/colombie-3eme-article-de-medellin-a-bogota\/p1080126\/\" data-orig-file=\"https:\/\/i0.wp.com\/genevieveetbernardauxameriques.fr\/wp-content\/uploads\/2017\/04\/P1080126.jpg?fit=720%2C540&amp;ssl=1\" data-orig-size=\"720,540\" data-comments-opened=\"1\" data-image-meta=\"{&quot;aperture&quot;:&quot;3.3&quot;,&quot;credit&quot;:&quot;&quot;,&quot;camera&quot;:&quot;DMC-TZ55&quot;,&quot;caption&quot;:&quot;&quot;,&quot;created_timestamp&quot;:&quot;1492038543&quot;,&quot;copyright&quot;:&quot;&quot;,&quot;focal_length&quot;:&quot;4.3&quot;,&quot;iso&quot;:&quot;1600&quot;,&quot;shutter_speed&quot;:&quot;0.025&quot;,&quot;title&quot;:&quot;&quot;,&quot;orientation&quot;:&quot;1&quot;}\" data-image-title=\"P1080126\" data-image-description=\"\" data-image-caption=\"\" data-medium-file=\"https:\/\/i0.wp.com\/genevieveetbernardauxameriques.fr\/wp-content\/uploads\/2017\/04\/P1080126.jpg?fit=300%2C225&amp;ssl=1\" data-large-file=\"https:\/\/i0.wp.com\/genevieveetbernardauxameriques.fr\/wp-content\/uploads\/2017\/04\/P1080126.jpg?fit=640%2C480&amp;ssl=1\" class=\"alignnone size-full wp-image-18184\" src=\"https:\/\/i0.wp.com\/genevieveetbernardauxameriques.fr\/wp-content\/uploads\/2017\/04\/P1080126.jpg?resize=640%2C480&#038;ssl=1\" alt=\"\" width=\"640\" height=\"480\" srcset=\"https:\/\/i0.wp.com\/genevieveetbernardauxameriques.fr\/wp-content\/uploads\/2017\/04\/P1080126.jpg?w=720&amp;ssl=1 720w, https:\/\/i0.wp.com\/genevieveetbernardauxameriques.fr\/wp-content\/uploads\/2017\/04\/P1080126.jpg?resize=300%2C225&amp;ssl=1 300w\" sizes=\"(max-width: 640px) 100vw, 640px\" data-recalc-dims=\"1\" \/><\/a> <a href=\"https:\/\/i0.wp.com\/genevieveetbernardauxameriques.fr\/wp-content\/uploads\/2017\/04\/P1080127.jpg?ssl=1\"><img loading=\"lazy\" decoding=\"async\" data-attachment-id=\"18185\" data-permalink=\"https:\/\/genevieveetbernardauxameriques.fr\/index.php\/2017\/04\/18\/colombie-3eme-article-de-medellin-a-bogota\/p1080127\/\" data-orig-file=\"https:\/\/i0.wp.com\/genevieveetbernardauxameriques.fr\/wp-content\/uploads\/2017\/04\/P1080127.jpg?fit=540%2C720&amp;ssl=1\" data-orig-size=\"540,720\" data-comments-opened=\"1\" data-image-meta=\"{&quot;aperture&quot;:&quot;3.3&quot;,&quot;credit&quot;:&quot;&quot;,&quot;camera&quot;:&quot;DMC-TZ55&quot;,&quot;caption&quot;:&quot;&quot;,&quot;created_timestamp&quot;:&quot;1492038568&quot;,&quot;copyright&quot;:&quot;&quot;,&quot;focal_length&quot;:&quot;4.3&quot;,&quot;iso&quot;:&quot;1600&quot;,&quot;shutter_speed&quot;:&quot;0.033333333333333&quot;,&quot;title&quot;:&quot;&quot;,&quot;orientation&quot;:&quot;1&quot;}\" data-image-title=\"P1080127\" data-image-description=\"\" data-image-caption=\"\" data-medium-file=\"https:\/\/i0.wp.com\/genevieveetbernardauxameriques.fr\/wp-content\/uploads\/2017\/04\/P1080127.jpg?fit=225%2C300&amp;ssl=1\" data-large-file=\"https:\/\/i0.wp.com\/genevieveetbernardauxameriques.fr\/wp-content\/uploads\/2017\/04\/P1080127.jpg?fit=540%2C720&amp;ssl=1\" class=\"wp-image-18185 aligncenter\" src=\"https:\/\/i0.wp.com\/genevieveetbernardauxameriques.fr\/wp-content\/uploads\/2017\/04\/P1080127.jpg?resize=307%2C410&#038;ssl=1\" alt=\"\" width=\"307\" height=\"410\" srcset=\"https:\/\/i0.wp.com\/genevieveetbernardauxameriques.fr\/wp-content\/uploads\/2017\/04\/P1080127.jpg?w=540&amp;ssl=1 540w, https:\/\/i0.wp.com\/genevieveetbernardauxameriques.fr\/wp-content\/uploads\/2017\/04\/P1080127.jpg?resize=225%2C300&amp;ssl=1 225w\" sizes=\"(max-width: 307px) 100vw, 307px\" data-recalc-dims=\"1\" \/><\/a><\/div>\n<div class=\"separator\"><\/div>\n<p class=\"separator\">Bolivar a v\u00e9cu en m\u00eame temps que ces personnages (reconnaissez-vous : Bonaparte, Danton, Robespierre ?)<img loading=\"lazy\" decoding=\"async\" data-attachment-id=\"18075\" data-permalink=\"https:\/\/genevieveetbernardauxameriques.fr\/index.php\/2017\/04\/18\/colombie-3eme-article-de-medellin-a-bogota\/img_19691231_190815\/\" data-orig-file=\"https:\/\/i0.wp.com\/genevieveetbernardauxameriques.fr\/wp-content\/uploads\/2017\/04\/IMG_19691231_190815.jpg?fit=540%2C720&amp;ssl=1\" data-orig-size=\"540,720\" data-comments-opened=\"1\" data-image-meta=\"{&quot;aperture&quot;:&quot;0&quot;,&quot;credit&quot;:&quot;&quot;,&quot;camera&quot;:&quot;Lenovo YT3-X50F&quot;,&quot;caption&quot;:&quot;&quot;,&quot;created_timestamp&quot;:&quot;-17504&quot;,&quot;copyright&quot;:&quot;&quot;,&quot;focal_length&quot;:&quot;3.85&quot;,&quot;iso&quot;:&quot;979&quot;,&quot;shutter_speed&quot;:&quot;0.083333333333333&quot;,&quot;title&quot;:&quot;&quot;,&quot;orientation&quot;:&quot;0&quot;}\" data-image-title=\"IMG_19691231_190815\" data-image-description=\"\" data-image-caption=\"\" data-medium-file=\"https:\/\/i0.wp.com\/genevieveetbernardauxameriques.fr\/wp-content\/uploads\/2017\/04\/IMG_19691231_190815.jpg?fit=225%2C300&amp;ssl=1\" data-large-file=\"https:\/\/i0.wp.com\/genevieveetbernardauxameriques.fr\/wp-content\/uploads\/2017\/04\/IMG_19691231_190815.jpg?fit=540%2C720&amp;ssl=1\" class=\"alignnone size-full wp-image-18075\" src=\"https:\/\/i0.wp.com\/genevieveetbernardauxameriques.fr\/wp-content\/uploads\/2017\/04\/IMG_19691231_190815.jpg?resize=540%2C720&#038;ssl=1\" alt=\"\" width=\"540\" height=\"720\" srcset=\"https:\/\/i0.wp.com\/genevieveetbernardauxameriques.fr\/wp-content\/uploads\/2017\/04\/IMG_19691231_190815.jpg?w=540&amp;ssl=1 540w, https:\/\/i0.wp.com\/genevieveetbernardauxameriques.fr\/wp-content\/uploads\/2017\/04\/IMG_19691231_190815.jpg?resize=225%2C300&amp;ssl=1 225w\" sizes=\"(max-width: 540px) 100vw, 540px\" data-recalc-dims=\"1\" \/><\/p>\n<p class=\"separator\">A c\u00f4t\u00e9, se trouve la Estaci\u00f3n del Funicular qui conduit au sommet du\u00a0 Cerro de Monserrate qui s\u2019\u00e9l\u00e8ve \u00e0 3.200 m. Comme la veille, les nuages et le smog obstruent la vue. Nous d\u00e9cidons donc de ne pas nous rendre plus haut.<\/p>\n<p class=\"separator\">\u00a0Nous passons devant le Mus\u00e9e Militaire, on y rentre<a href=\"https:\/\/i0.wp.com\/genevieveetbernardauxameriques.fr\/wp-content\/uploads\/2017\/04\/P1080095.jpg?ssl=1\"><img loading=\"lazy\" decoding=\"async\" data-attachment-id=\"18161\" data-permalink=\"https:\/\/genevieveetbernardauxameriques.fr\/index.php\/2017\/04\/18\/colombie-3eme-article-de-medellin-a-bogota\/p1080095\/\" data-orig-file=\"https:\/\/i0.wp.com\/genevieveetbernardauxameriques.fr\/wp-content\/uploads\/2017\/04\/P1080095.jpg?fit=720%2C540&amp;ssl=1\" data-orig-size=\"720,540\" data-comments-opened=\"1\" data-image-meta=\"{&quot;aperture&quot;:&quot;3.9&quot;,&quot;credit&quot;:&quot;&quot;,&quot;camera&quot;:&quot;DMC-TZ55&quot;,&quot;caption&quot;:&quot;&quot;,&quot;created_timestamp&quot;:&quot;1492023541&quot;,&quot;copyright&quot;:&quot;&quot;,&quot;focal_length&quot;:&quot;6.9&quot;,&quot;iso&quot;:&quot;160&quot;,&quot;shutter_speed&quot;:&quot;0.01&quot;,&quot;title&quot;:&quot;&quot;,&quot;orientation&quot;:&quot;1&quot;}\" data-image-title=\"P1080095\" data-image-description=\"\" data-image-caption=\"\" data-medium-file=\"https:\/\/i0.wp.com\/genevieveetbernardauxameriques.fr\/wp-content\/uploads\/2017\/04\/P1080095.jpg?fit=300%2C225&amp;ssl=1\" data-large-file=\"https:\/\/i0.wp.com\/genevieveetbernardauxameriques.fr\/wp-content\/uploads\/2017\/04\/P1080095.jpg?fit=640%2C480&amp;ssl=1\" class=\"alignnone size-full wp-image-18161\" src=\"https:\/\/i0.wp.com\/genevieveetbernardauxameriques.fr\/wp-content\/uploads\/2017\/04\/P1080095.jpg?resize=640%2C480&#038;ssl=1\" alt=\"\" width=\"640\" height=\"480\" srcset=\"https:\/\/i0.wp.com\/genevieveetbernardauxameriques.fr\/wp-content\/uploads\/2017\/04\/P1080095.jpg?w=720&amp;ssl=1 720w, https:\/\/i0.wp.com\/genevieveetbernardauxameriques.fr\/wp-content\/uploads\/2017\/04\/P1080095.jpg?resize=300%2C225&amp;ssl=1 300w\" sizes=\"(max-width: 640px) 100vw, 640px\" data-recalc-dims=\"1\" \/><\/a> <a href=\"https:\/\/i0.wp.com\/genevieveetbernardauxameriques.fr\/wp-content\/uploads\/2017\/04\/P1080097.jpg?ssl=1\"><img loading=\"lazy\" decoding=\"async\" data-attachment-id=\"18162\" data-permalink=\"https:\/\/genevieveetbernardauxameriques.fr\/index.php\/2017\/04\/18\/colombie-3eme-article-de-medellin-a-bogota\/p1080097\/\" data-orig-file=\"https:\/\/i0.wp.com\/genevieveetbernardauxameriques.fr\/wp-content\/uploads\/2017\/04\/P1080097.jpg?fit=720%2C540&amp;ssl=1\" data-orig-size=\"720,540\" data-comments-opened=\"1\" data-image-meta=\"{&quot;aperture&quot;:&quot;4&quot;,&quot;credit&quot;:&quot;&quot;,&quot;camera&quot;:&quot;DMC-TZ55&quot;,&quot;caption&quot;:&quot;&quot;,&quot;created_timestamp&quot;:&quot;1492023708&quot;,&quot;copyright&quot;:&quot;&quot;,&quot;focal_length&quot;:&quot;4.4&quot;,&quot;iso&quot;:&quot;100&quot;,&quot;shutter_speed&quot;:&quot;0.002&quot;,&quot;title&quot;:&quot;&quot;,&quot;orientation&quot;:&quot;1&quot;}\" data-image-title=\"P1080097\" data-image-description=\"\" data-image-caption=\"\" data-medium-file=\"https:\/\/i0.wp.com\/genevieveetbernardauxameriques.fr\/wp-content\/uploads\/2017\/04\/P1080097.jpg?fit=300%2C225&amp;ssl=1\" data-large-file=\"https:\/\/i0.wp.com\/genevieveetbernardauxameriques.fr\/wp-content\/uploads\/2017\/04\/P1080097.jpg?fit=640%2C480&amp;ssl=1\" class=\"alignnone size-full wp-image-18162\" src=\"https:\/\/i0.wp.com\/genevieveetbernardauxameriques.fr\/wp-content\/uploads\/2017\/04\/P1080097.jpg?resize=640%2C480&#038;ssl=1\" alt=\"\" width=\"640\" height=\"480\" srcset=\"https:\/\/i0.wp.com\/genevieveetbernardauxameriques.fr\/wp-content\/uploads\/2017\/04\/P1080097.jpg?w=720&amp;ssl=1 720w, https:\/\/i0.wp.com\/genevieveetbernardauxameriques.fr\/wp-content\/uploads\/2017\/04\/P1080097.jpg?resize=300%2C225&amp;ssl=1 300w\" sizes=\"(max-width: 640px) 100vw, 640px\" data-recalc-dims=\"1\" \/><\/a> <a href=\"https:\/\/i0.wp.com\/genevieveetbernardauxameriques.fr\/wp-content\/uploads\/2017\/04\/P1080098.jpg?ssl=1\"><img loading=\"lazy\" decoding=\"async\" data-attachment-id=\"18163\" data-permalink=\"https:\/\/genevieveetbernardauxameriques.fr\/index.php\/2017\/04\/18\/colombie-3eme-article-de-medellin-a-bogota\/p1080098\/\" data-orig-file=\"https:\/\/i0.wp.com\/genevieveetbernardauxameriques.fr\/wp-content\/uploads\/2017\/04\/P1080098.jpg?fit=720%2C540&amp;ssl=1\" data-orig-size=\"720,540\" data-comments-opened=\"1\" data-image-meta=\"{&quot;aperture&quot;:&quot;5&quot;,&quot;credit&quot;:&quot;&quot;,&quot;camera&quot;:&quot;DMC-TZ55&quot;,&quot;caption&quot;:&quot;&quot;,&quot;created_timestamp&quot;:&quot;1492023729&quot;,&quot;copyright&quot;:&quot;&quot;,&quot;focal_length&quot;:&quot;6.1&quot;,&quot;iso&quot;:&quot;100&quot;,&quot;shutter_speed&quot;:&quot;0.002&quot;,&quot;title&quot;:&quot;&quot;,&quot;orientation&quot;:&quot;1&quot;}\" data-image-title=\"P1080098\" data-image-description=\"\" data-image-caption=\"\" data-medium-file=\"https:\/\/i0.wp.com\/genevieveetbernardauxameriques.fr\/wp-content\/uploads\/2017\/04\/P1080098.jpg?fit=300%2C225&amp;ssl=1\" data-large-file=\"https:\/\/i0.wp.com\/genevieveetbernardauxameriques.fr\/wp-content\/uploads\/2017\/04\/P1080098.jpg?fit=640%2C480&amp;ssl=1\" class=\"alignnone size-full wp-image-18163\" src=\"https:\/\/i0.wp.com\/genevieveetbernardauxameriques.fr\/wp-content\/uploads\/2017\/04\/P1080098.jpg?resize=640%2C480&#038;ssl=1\" alt=\"\" width=\"640\" height=\"480\" srcset=\"https:\/\/i0.wp.com\/genevieveetbernardauxameriques.fr\/wp-content\/uploads\/2017\/04\/P1080098.jpg?w=720&amp;ssl=1 720w, https:\/\/i0.wp.com\/genevieveetbernardauxameriques.fr\/wp-content\/uploads\/2017\/04\/P1080098.jpg?resize=300%2C225&amp;ssl=1 300w\" sizes=\"(max-width: 640px) 100vw, 640px\" data-recalc-dims=\"1\" \/><\/a> <a href=\"https:\/\/i0.wp.com\/genevieveetbernardauxameriques.fr\/wp-content\/uploads\/2017\/04\/P1080099.jpg?ssl=1\"><img loading=\"lazy\" decoding=\"async\" data-attachment-id=\"18164\" data-permalink=\"https:\/\/genevieveetbernardauxameriques.fr\/index.php\/2017\/04\/18\/colombie-3eme-article-de-medellin-a-bogota\/p1080099\/\" data-orig-file=\"https:\/\/i0.wp.com\/genevieveetbernardauxameriques.fr\/wp-content\/uploads\/2017\/04\/P1080099.jpg?fit=540%2C720&amp;ssl=1\" data-orig-size=\"540,720\" data-comments-opened=\"1\" data-image-meta=\"{&quot;aperture&quot;:&quot;3.3&quot;,&quot;credit&quot;:&quot;&quot;,&quot;camera&quot;:&quot;DMC-TZ55&quot;,&quot;caption&quot;:&quot;&quot;,&quot;created_timestamp&quot;:&quot;1492023930&quot;,&quot;copyright&quot;:&quot;&quot;,&quot;focal_length&quot;:&quot;4.3&quot;,&quot;iso&quot;:&quot;1600&quot;,&quot;shutter_speed&quot;:&quot;0.0125&quot;,&quot;title&quot;:&quot;&quot;,&quot;orientation&quot;:&quot;1&quot;}\" data-image-title=\"P1080099\" data-image-description=\"\" data-image-caption=\"\" data-medium-file=\"https:\/\/i0.wp.com\/genevieveetbernardauxameriques.fr\/wp-content\/uploads\/2017\/04\/P1080099.jpg?fit=225%2C300&amp;ssl=1\" data-large-file=\"https:\/\/i0.wp.com\/genevieveetbernardauxameriques.fr\/wp-content\/uploads\/2017\/04\/P1080099.jpg?fit=540%2C720&amp;ssl=1\" class=\"size-full wp-image-18164 aligncenter\" src=\"https:\/\/i0.wp.com\/genevieveetbernardauxameriques.fr\/wp-content\/uploads\/2017\/04\/P1080099.jpg?resize=540%2C720&#038;ssl=1\" alt=\"\" width=\"540\" height=\"720\" srcset=\"https:\/\/i0.wp.com\/genevieveetbernardauxameriques.fr\/wp-content\/uploads\/2017\/04\/P1080099.jpg?w=540&amp;ssl=1 540w, https:\/\/i0.wp.com\/genevieveetbernardauxameriques.fr\/wp-content\/uploads\/2017\/04\/P1080099.jpg?resize=225%2C300&amp;ssl=1 225w\" sizes=\"(max-width: 540px) 100vw, 540px\" data-recalc-dims=\"1\" \/><\/a> <a href=\"https:\/\/i0.wp.com\/genevieveetbernardauxameriques.fr\/wp-content\/uploads\/2017\/04\/P1080100.jpg?ssl=1\"><img loading=\"lazy\" decoding=\"async\" data-attachment-id=\"18165\" data-permalink=\"https:\/\/genevieveetbernardauxameriques.fr\/index.php\/2017\/04\/18\/colombie-3eme-article-de-medellin-a-bogota\/p1080100\/\" data-orig-file=\"https:\/\/i0.wp.com\/genevieveetbernardauxameriques.fr\/wp-content\/uploads\/2017\/04\/P1080100.jpg?fit=540%2C720&amp;ssl=1\" data-orig-size=\"540,720\" data-comments-opened=\"1\" data-image-meta=\"{&quot;aperture&quot;:&quot;3.3&quot;,&quot;credit&quot;:&quot;&quot;,&quot;camera&quot;:&quot;DMC-TZ55&quot;,&quot;caption&quot;:&quot;&quot;,&quot;created_timestamp&quot;:&quot;1492023946&quot;,&quot;copyright&quot;:&quot;&quot;,&quot;focal_length&quot;:&quot;4.3&quot;,&quot;iso&quot;:&quot;400&quot;,&quot;shutter_speed&quot;:&quot;0.076923076923077&quot;,&quot;title&quot;:&quot;&quot;,&quot;orientation&quot;:&quot;1&quot;}\" data-image-title=\"P1080100\" data-image-description=\"\" data-image-caption=\"\" data-medium-file=\"https:\/\/i0.wp.com\/genevieveetbernardauxameriques.fr\/wp-content\/uploads\/2017\/04\/P1080100.jpg?fit=225%2C300&amp;ssl=1\" data-large-file=\"https:\/\/i0.wp.com\/genevieveetbernardauxameriques.fr\/wp-content\/uploads\/2017\/04\/P1080100.jpg?fit=540%2C720&amp;ssl=1\" class=\"size-full wp-image-18165 aligncenter\" src=\"https:\/\/i0.wp.com\/genevieveetbernardauxameriques.fr\/wp-content\/uploads\/2017\/04\/P1080100.jpg?resize=540%2C720&#038;ssl=1\" alt=\"\" width=\"540\" height=\"720\" srcset=\"https:\/\/i0.wp.com\/genevieveetbernardauxameriques.fr\/wp-content\/uploads\/2017\/04\/P1080100.jpg?w=540&amp;ssl=1 540w, https:\/\/i0.wp.com\/genevieveetbernardauxameriques.fr\/wp-content\/uploads\/2017\/04\/P1080100.jpg?resize=225%2C300&amp;ssl=1 225w\" sizes=\"(max-width: 540px) 100vw, 540px\" data-recalc-dims=\"1\" \/><\/a><\/p>\n<p class=\"separator\">\u00a0Et bien fatigu\u00e9s, nous reprenons le bus pr\u00e8s du Mus\u00e9e de l&rsquo;or pour ne pas avoir de correspondance. Nous retrouvons Jo\u00eblle et Ren\u00e9 sur le parking et passerons la soir\u00e9e devant un verre.<\/p>\n<p class=\"separator\"><strong>JEUDI 14 AVRIL<\/strong><\/p>\n<p class=\"separator\">\u00a0Nous quittons BOGOTA vers 9 h, pour <strong>ZIPAQUIRA.<\/strong> Jo\u00eblle et Ren\u00e9 sont partis avant mais ils ont des courses \u00e0 faire, nous nous retrouverons \u00e0 la Cath\u00e9drale de sel.<\/p>\n<p class=\"separator\">Lorsque nous arrivons dans la ville, il y a foule, nous ne pensions pas trouver autant de monde, mais c&rsquo;est le week de P\u00e2ques et \u00a0tout est ferm\u00e9 depuis hier mercredi jusqu&rsquo;\u00e0 lundi matin. Les \u00e9coliers ont une semaine de vacances<\/p>\n<div class=\"separator\"><img loading=\"lazy\" decoding=\"async\" data-attachment-id=\"18197\" data-permalink=\"https:\/\/genevieveetbernardauxameriques.fr\/index.php\/2017\/04\/18\/colombie-3eme-article-de-medellin-a-bogota\/p1080155\/\" data-orig-file=\"https:\/\/i0.wp.com\/genevieveetbernardauxameriques.fr\/wp-content\/uploads\/2017\/04\/P1080155.jpg?fit=720%2C540&amp;ssl=1\" data-orig-size=\"720,540\" data-comments-opened=\"1\" data-image-meta=\"{&quot;aperture&quot;:&quot;6.3&quot;,&quot;credit&quot;:&quot;&quot;,&quot;camera&quot;:&quot;DMC-TZ55&quot;,&quot;caption&quot;:&quot;&quot;,&quot;created_timestamp&quot;:&quot;1492110998&quot;,&quot;copyright&quot;:&quot;&quot;,&quot;focal_length&quot;:&quot;38.2&quot;,&quot;iso&quot;:&quot;100&quot;,&quot;shutter_speed&quot;:&quot;0.00625&quot;,&quot;title&quot;:&quot;&quot;,&quot;orientation&quot;:&quot;1&quot;}\" data-image-title=\"P1080155\" data-image-description=\"\" data-image-caption=\"\" data-medium-file=\"https:\/\/i0.wp.com\/genevieveetbernardauxameriques.fr\/wp-content\/uploads\/2017\/04\/P1080155.jpg?fit=300%2C225&amp;ssl=1\" data-large-file=\"https:\/\/i0.wp.com\/genevieveetbernardauxameriques.fr\/wp-content\/uploads\/2017\/04\/P1080155.jpg?fit=640%2C480&amp;ssl=1\" class=\"alignnone size-full wp-image-18197\" src=\"https:\/\/i0.wp.com\/genevieveetbernardauxameriques.fr\/wp-content\/uploads\/2017\/04\/P1080155.jpg?resize=640%2C480&#038;ssl=1\" alt=\"\" width=\"640\" height=\"480\" srcset=\"https:\/\/i0.wp.com\/genevieveetbernardauxameriques.fr\/wp-content\/uploads\/2017\/04\/P1080155.jpg?w=720&amp;ssl=1 720w, https:\/\/i0.wp.com\/genevieveetbernardauxameriques.fr\/wp-content\/uploads\/2017\/04\/P1080155.jpg?resize=300%2C225&amp;ssl=1 300w\" sizes=\"(max-width: 640px) 100vw, 640px\" data-recalc-dims=\"1\" \/><\/div>\n<div class=\"separator\"><\/div>\n<p class=\"separator\">Nous allons visiter cette cath\u00e9drale souterraine sculpt\u00e9e dans le sel,\u00a0soit disant la premi\u00e8re merveille de Colombie, (pas pour nous)<\/p>\n<p class=\"separator\">La structure actuelle a \u00e9t\u00e9 construite en 1995 , sous une ancienne mine datant de 1951, dans laquelle a \u00e9t\u00e9 taill\u00e9 \u00a0un chemin de croix ainsi que des colonnes et quelques sculptures (les 2 seuls autres structures de ce type se trouvent en Pologne). 250.000 tonnes de sel ont \u00e9t\u00e9 excav\u00e9es pour cr\u00e9er ce sanctuaire de 72 m de long<\/p>\n<p class=\"separator\">Nous descendons \u00e0 180 m sous terre en traversant des petites chapelles repr\u00e9sentant les stations du Chemin de Croix.<\/p>\n<p class=\"separator\">Bousculade, tout le monde se prend en photo devant chaque croix. \u00a0Nous acc\u00e9l\u00e9rons le pas sans nous arr\u00eater, cela ne nous impressionne pas vraiment. Le sel est plut\u00f4t noir. Bien que les jeux de lumi\u00e8res et l\u2019immensit\u00e9 du site sont assez spectaculaires<a href=\"https:\/\/i0.wp.com\/genevieveetbernardauxameriques.fr\/wp-content\/uploads\/2017\/04\/P4130143.jpg?ssl=1\"><img loading=\"lazy\" decoding=\"async\" class=\"size-full wp-image-18276\" src=\"https:\/\/i0.wp.com\/genevieveetbernardauxameriques.fr\/wp-content\/uploads\/2017\/04\/P4130143.jpg?resize=640%2C480&#038;ssl=1\" alt=\"\" width=\"640\" height=\"480\" data-recalc-dims=\"1\" \/><\/a><\/p>\n<p><a href=\"https:\/\/i0.wp.com\/genevieveetbernardauxameriques.fr\/wp-content\/uploads\/2017\/04\/P1080145.jpg?ssl=1\"><img loading=\"lazy\" decoding=\"async\" data-attachment-id=\"18196\" data-permalink=\"https:\/\/genevieveetbernardauxameriques.fr\/index.php\/2017\/04\/18\/colombie-3eme-article-de-medellin-a-bogota\/p1080145\/\" data-orig-file=\"https:\/\/i0.wp.com\/genevieveetbernardauxameriques.fr\/wp-content\/uploads\/2017\/04\/P1080145.jpg?fit=540%2C720&amp;ssl=1\" data-orig-size=\"540,720\" data-comments-opened=\"1\" data-image-meta=\"{&quot;aperture&quot;:&quot;3.3&quot;,&quot;credit&quot;:&quot;&quot;,&quot;camera&quot;:&quot;DMC-TZ55&quot;,&quot;caption&quot;:&quot;&quot;,&quot;created_timestamp&quot;:&quot;1492107329&quot;,&quot;copyright&quot;:&quot;&quot;,&quot;focal_length&quot;:&quot;4.3&quot;,&quot;iso&quot;:&quot;400&quot;,&quot;shutter_speed&quot;:&quot;0.25&quot;,&quot;title&quot;:&quot;&quot;,&quot;orientation&quot;:&quot;1&quot;}\" data-image-title=\"P1080145\" data-image-description=\"\" data-image-caption=\"\" data-medium-file=\"https:\/\/i0.wp.com\/genevieveetbernardauxameriques.fr\/wp-content\/uploads\/2017\/04\/P1080145.jpg?fit=225%2C300&amp;ssl=1\" data-large-file=\"https:\/\/i0.wp.com\/genevieveetbernardauxameriques.fr\/wp-content\/uploads\/2017\/04\/P1080145.jpg?fit=540%2C720&amp;ssl=1\" class=\"wp-image-18196 aligncenter\" src=\"https:\/\/i0.wp.com\/genevieveetbernardauxameriques.fr\/wp-content\/uploads\/2017\/04\/P1080145.jpg?resize=374%2C499&#038;ssl=1\" alt=\"\" width=\"374\" height=\"499\" srcset=\"https:\/\/i0.wp.com\/genevieveetbernardauxameriques.fr\/wp-content\/uploads\/2017\/04\/P1080145.jpg?w=540&amp;ssl=1 540w, https:\/\/i0.wp.com\/genevieveetbernardauxameriques.fr\/wp-content\/uploads\/2017\/04\/P1080145.jpg?resize=225%2C300&amp;ssl=1 225w\" sizes=\"(max-width: 374px) 100vw, 374px\" data-recalc-dims=\"1\" \/><\/a><\/p>\n<p><a href=\"https:\/\/i0.wp.com\/genevieveetbernardauxameriques.fr\/wp-content\/uploads\/2017\/04\/P4130159.jpg?ssl=1\"><img loading=\"lazy\" decoding=\"async\" data-attachment-id=\"18278\" data-permalink=\"https:\/\/genevieveetbernardauxameriques.fr\/index.php\/2017\/04\/18\/colombie-3eme-article-de-medellin-a-bogota\/olympus-digital-camera-4\/\" data-orig-file=\"https:\/\/i0.wp.com\/genevieveetbernardauxameriques.fr\/wp-content\/uploads\/2017\/04\/P4130159.jpg?fit=640%2C480&amp;ssl=1\" data-orig-size=\"640,480\" data-comments-opened=\"1\" data-image-meta=\"{&quot;aperture&quot;:&quot;4.1&quot;,&quot;credit&quot;:&quot;&quot;,&quot;camera&quot;:&quot;E-M5MarkII&quot;,&quot;caption&quot;:&quot;OLYMPUS DIGITAL CAMERA&quot;,&quot;created_timestamp&quot;:&quot;1492105001&quot;,&quot;copyright&quot;:&quot;&quot;,&quot;focal_length&quot;:&quot;16&quot;,&quot;iso&quot;:&quot;1600&quot;,&quot;shutter_speed&quot;:&quot;0.125&quot;,&quot;title&quot;:&quot;OLYMPUS DIGITAL CAMERA&quot;,&quot;orientation&quot;:&quot;1&quot;}\" data-image-title=\"OLYMPUS DIGITAL CAMERA\" data-image-description=\"\" data-image-caption=\"&lt;p&gt;OLYMPUS DIGITAL CAMERA&lt;\/p&gt;\n\" data-medium-file=\"https:\/\/i0.wp.com\/genevieveetbernardauxameriques.fr\/wp-content\/uploads\/2017\/04\/P4130159.jpg?fit=300%2C225&amp;ssl=1\" data-large-file=\"https:\/\/i0.wp.com\/genevieveetbernardauxameriques.fr\/wp-content\/uploads\/2017\/04\/P4130159.jpg?fit=640%2C480&amp;ssl=1\" class=\"size-full wp-image-18278\" src=\"https:\/\/i0.wp.com\/genevieveetbernardauxameriques.fr\/wp-content\/uploads\/2017\/04\/P4130159.jpg?resize=640%2C480&#038;ssl=1\" alt=\"\" width=\"640\" height=\"480\" srcset=\"https:\/\/i0.wp.com\/genevieveetbernardauxameriques.fr\/wp-content\/uploads\/2017\/04\/P4130159.jpg?w=640&amp;ssl=1 640w, https:\/\/i0.wp.com\/genevieveetbernardauxameriques.fr\/wp-content\/uploads\/2017\/04\/P4130159.jpg?resize=300%2C225&amp;ssl=1 300w\" sizes=\"(max-width: 640px) 100vw, 640px\" data-recalc-dims=\"1\" \/><\/a><a href=\"https:\/\/i0.wp.com\/genevieveetbernardauxameriques.fr\/wp-content\/uploads\/2017\/04\/P4130161.jpg?ssl=1\"><img loading=\"lazy\" decoding=\"async\" data-attachment-id=\"18280\" data-permalink=\"https:\/\/genevieveetbernardauxameriques.fr\/index.php\/2017\/04\/18\/colombie-3eme-article-de-medellin-a-bogota\/olympus-digital-camera-6\/\" data-orig-file=\"https:\/\/i0.wp.com\/genevieveetbernardauxameriques.fr\/wp-content\/uploads\/2017\/04\/P4130161.jpg?fit=640%2C480&amp;ssl=1\" data-orig-size=\"640,480\" data-comments-opened=\"1\" data-image-meta=\"{&quot;aperture&quot;:&quot;4.9&quot;,&quot;credit&quot;:&quot;&quot;,&quot;camera&quot;:&quot;E-M5MarkII&quot;,&quot;caption&quot;:&quot;OLYMPUS DIGITAL CAMERA&quot;,&quot;created_timestamp&quot;:&quot;1492105074&quot;,&quot;copyright&quot;:&quot;&quot;,&quot;focal_length&quot;:&quot;29&quot;,&quot;iso&quot;:&quot;1600&quot;,&quot;shutter_speed&quot;:&quot;0.2&quot;,&quot;title&quot;:&quot;OLYMPUS DIGITAL CAMERA&quot;,&quot;orientation&quot;:&quot;1&quot;}\" data-image-title=\"OLYMPUS DIGITAL CAMERA\" data-image-description=\"\" data-image-caption=\"&lt;p&gt;OLYMPUS DIGITAL CAMERA&lt;\/p&gt;\n\" data-medium-file=\"https:\/\/i0.wp.com\/genevieveetbernardauxameriques.fr\/wp-content\/uploads\/2017\/04\/P4130161.jpg?fit=300%2C225&amp;ssl=1\" data-large-file=\"https:\/\/i0.wp.com\/genevieveetbernardauxameriques.fr\/wp-content\/uploads\/2017\/04\/P4130161.jpg?fit=640%2C480&amp;ssl=1\" class=\"size-full wp-image-18280\" src=\"https:\/\/i0.wp.com\/genevieveetbernardauxameriques.fr\/wp-content\/uploads\/2017\/04\/P4130161.jpg?resize=640%2C480&#038;ssl=1\" alt=\"\" width=\"640\" height=\"480\" srcset=\"https:\/\/i0.wp.com\/genevieveetbernardauxameriques.fr\/wp-content\/uploads\/2017\/04\/P4130161.jpg?w=640&amp;ssl=1 640w, https:\/\/i0.wp.com\/genevieveetbernardauxameriques.fr\/wp-content\/uploads\/2017\/04\/P4130161.jpg?resize=300%2C225&amp;ssl=1 300w\" sizes=\"(max-width: 640px) 100vw, 640px\" data-recalc-dims=\"1\" \/><\/a><a href=\"https:\/\/i0.wp.com\/genevieveetbernardauxameriques.fr\/wp-content\/uploads\/2017\/04\/P4130168.jpg?ssl=1\"><img loading=\"lazy\" decoding=\"async\" data-attachment-id=\"18283\" data-permalink=\"https:\/\/genevieveetbernardauxameriques.fr\/index.php\/2017\/04\/18\/colombie-3eme-article-de-medellin-a-bogota\/olympus-digital-camera-9\/\" data-orig-file=\"https:\/\/i0.wp.com\/genevieveetbernardauxameriques.fr\/wp-content\/uploads\/2017\/04\/P4130168.jpg?fit=640%2C480&amp;ssl=1\" data-orig-size=\"640,480\" data-comments-opened=\"1\" data-image-meta=\"{&quot;aperture&quot;:&quot;4.1&quot;,&quot;credit&quot;:&quot;&quot;,&quot;camera&quot;:&quot;E-M5MarkII&quot;,&quot;caption&quot;:&quot;OLYMPUS DIGITAL CAMERA&quot;,&quot;created_timestamp&quot;:&quot;1492105497&quot;,&quot;copyright&quot;:&quot;&quot;,&quot;focal_length&quot;:&quot;17&quot;,&quot;iso&quot;:&quot;1600&quot;,&quot;shutter_speed&quot;:&quot;0.125&quot;,&quot;title&quot;:&quot;OLYMPUS DIGITAL CAMERA&quot;,&quot;orientation&quot;:&quot;1&quot;}\" data-image-title=\"OLYMPUS DIGITAL CAMERA\" data-image-description=\"\" data-image-caption=\"&lt;p&gt;OLYMPUS DIGITAL CAMERA&lt;\/p&gt;\n\" data-medium-file=\"https:\/\/i0.wp.com\/genevieveetbernardauxameriques.fr\/wp-content\/uploads\/2017\/04\/P4130168.jpg?fit=300%2C225&amp;ssl=1\" data-large-file=\"https:\/\/i0.wp.com\/genevieveetbernardauxameriques.fr\/wp-content\/uploads\/2017\/04\/P4130168.jpg?fit=640%2C480&amp;ssl=1\" class=\"size-full wp-image-18283\" src=\"https:\/\/i0.wp.com\/genevieveetbernardauxameriques.fr\/wp-content\/uploads\/2017\/04\/P4130168.jpg?resize=640%2C480&#038;ssl=1\" alt=\"\" width=\"640\" height=\"480\" srcset=\"https:\/\/i0.wp.com\/genevieveetbernardauxameriques.fr\/wp-content\/uploads\/2017\/04\/P4130168.jpg?w=640&amp;ssl=1 640w, https:\/\/i0.wp.com\/genevieveetbernardauxameriques.fr\/wp-content\/uploads\/2017\/04\/P4130168.jpg?resize=300%2C225&amp;ssl=1 300w\" sizes=\"(max-width: 640px) 100vw, 640px\" data-recalc-dims=\"1\" \/><\/a><a href=\"https:\/\/i0.wp.com\/genevieveetbernardauxameriques.fr\/wp-content\/uploads\/2017\/04\/P4130170.jpg?ssl=1\"><img loading=\"lazy\" decoding=\"async\" data-attachment-id=\"18284\" data-permalink=\"https:\/\/genevieveetbernardauxameriques.fr\/index.php\/2017\/04\/18\/colombie-3eme-article-de-medellin-a-bogota\/olympus-digital-camera-10\/\" data-orig-file=\"https:\/\/i0.wp.com\/genevieveetbernardauxameriques.fr\/wp-content\/uploads\/2017\/04\/P4130170.jpg?fit=480%2C640&amp;ssl=1\" data-orig-size=\"480,640\" data-comments-opened=\"1\" data-image-meta=\"{&quot;aperture&quot;:&quot;4&quot;,&quot;credit&quot;:&quot;&quot;,&quot;camera&quot;:&quot;E-M5MarkII&quot;,&quot;caption&quot;:&quot;OLYMPUS DIGITAL CAMERA&quot;,&quot;created_timestamp&quot;:&quot;1492105675&quot;,&quot;copyright&quot;:&quot;&quot;,&quot;focal_length&quot;:&quot;14&quot;,&quot;iso&quot;:&quot;1600&quot;,&quot;shutter_speed&quot;:&quot;0.1&quot;,&quot;title&quot;:&quot;OLYMPUS DIGITAL CAMERA&quot;,&quot;orientation&quot;:&quot;1&quot;}\" data-image-title=\"OLYMPUS DIGITAL CAMERA\" data-image-description=\"\" data-image-caption=\"&lt;p&gt;OLYMPUS DIGITAL CAMERA&lt;\/p&gt;\n\" data-medium-file=\"https:\/\/i0.wp.com\/genevieveetbernardauxameriques.fr\/wp-content\/uploads\/2017\/04\/P4130170.jpg?fit=225%2C300&amp;ssl=1\" data-large-file=\"https:\/\/i0.wp.com\/genevieveetbernardauxameriques.fr\/wp-content\/uploads\/2017\/04\/P4130170.jpg?fit=480%2C640&amp;ssl=1\" class=\"size-full wp-image-18284 aligncenter\" src=\"https:\/\/i0.wp.com\/genevieveetbernardauxameriques.fr\/wp-content\/uploads\/2017\/04\/P4130170.jpg?resize=480%2C640&#038;ssl=1\" alt=\"\" width=\"480\" height=\"640\" srcset=\"https:\/\/i0.wp.com\/genevieveetbernardauxameriques.fr\/wp-content\/uploads\/2017\/04\/P4130170.jpg?w=480&amp;ssl=1 480w, https:\/\/i0.wp.com\/genevieveetbernardauxameriques.fr\/wp-content\/uploads\/2017\/04\/P4130170.jpg?resize=225%2C300&amp;ssl=1 225w\" sizes=\"(max-width: 480px) 100vw, 480px\" data-recalc-dims=\"1\" \/><\/a><img loading=\"lazy\" decoding=\"async\" data-attachment-id=\"18084\" data-permalink=\"https:\/\/genevieveetbernardauxameriques.fr\/index.php\/2017\/04\/18\/colombie-3eme-article-de-medellin-a-bogota\/img_20170413_111331\/\" data-orig-file=\"https:\/\/i0.wp.com\/genevieveetbernardauxameriques.fr\/wp-content\/uploads\/2017\/04\/IMG_20170413_111331.jpg?fit=720%2C540&amp;ssl=1\" data-orig-size=\"720,540\" data-comments-opened=\"1\" data-image-meta=\"{&quot;aperture&quot;:&quot;0&quot;,&quot;credit&quot;:&quot;&quot;,&quot;camera&quot;:&quot;Lenovo YT3-X50F&quot;,&quot;caption&quot;:&quot;&quot;,&quot;created_timestamp&quot;:&quot;1492082012&quot;,&quot;copyright&quot;:&quot;&quot;,&quot;focal_length&quot;:&quot;3.85&quot;,&quot;iso&quot;:&quot;1697&quot;,&quot;shutter_speed&quot;:&quot;0.083333333333333&quot;,&quot;title&quot;:&quot;&quot;,&quot;orientation&quot;:&quot;0&quot;}\" data-image-title=\"IMG_20170413_111331\" data-image-description=\"\" data-image-caption=\"\" data-medium-file=\"https:\/\/i0.wp.com\/genevieveetbernardauxameriques.fr\/wp-content\/uploads\/2017\/04\/IMG_20170413_111331.jpg?fit=300%2C225&amp;ssl=1\" data-large-file=\"https:\/\/i0.wp.com\/genevieveetbernardauxameriques.fr\/wp-content\/uploads\/2017\/04\/IMG_20170413_111331.jpg?fit=640%2C480&amp;ssl=1\" class=\"alignnone size-full wp-image-18084\" src=\"https:\/\/i0.wp.com\/genevieveetbernardauxameriques.fr\/wp-content\/uploads\/2017\/04\/IMG_20170413_111331.jpg?resize=640%2C480&#038;ssl=1\" alt=\"\" width=\"640\" height=\"480\" srcset=\"https:\/\/i0.wp.com\/genevieveetbernardauxameriques.fr\/wp-content\/uploads\/2017\/04\/IMG_20170413_111331.jpg?w=720&amp;ssl=1 720w, https:\/\/i0.wp.com\/genevieveetbernardauxameriques.fr\/wp-content\/uploads\/2017\/04\/IMG_20170413_111331.jpg?resize=300%2C225&amp;ssl=1 300w\" sizes=\"(max-width: 640px) 100vw, 640px\" data-recalc-dims=\"1\" \/><img loading=\"lazy\" decoding=\"async\" data-attachment-id=\"18277\" data-permalink=\"https:\/\/genevieveetbernardauxameriques.fr\/index.php\/2017\/04\/18\/colombie-3eme-article-de-medellin-a-bogota\/olympus-digital-camera-3\/\" data-orig-file=\"https:\/\/i0.wp.com\/genevieveetbernardauxameriques.fr\/wp-content\/uploads\/2017\/04\/P4130154.jpg?fit=640%2C480&amp;ssl=1\" data-orig-size=\"640,480\" data-comments-opened=\"1\" data-image-meta=\"{&quot;aperture&quot;:&quot;5.2&quot;,&quot;credit&quot;:&quot;&quot;,&quot;camera&quot;:&quot;E-M5MarkII&quot;,&quot;caption&quot;:&quot;OLYMPUS DIGITAL CAMERA&quot;,&quot;created_timestamp&quot;:&quot;1492104663&quot;,&quot;copyright&quot;:&quot;&quot;,&quot;focal_length&quot;:&quot;36&quot;,&quot;iso&quot;:&quot;1600&quot;,&quot;shutter_speed&quot;:&quot;0.125&quot;,&quot;title&quot;:&quot;OLYMPUS DIGITAL CAMERA&quot;,&quot;orientation&quot;:&quot;1&quot;}\" data-image-title=\"OLYMPUS DIGITAL CAMERA\" data-image-description=\"\" data-image-caption=\"&lt;p&gt;OLYMPUS DIGITAL CAMERA&lt;\/p&gt;\n\" data-medium-file=\"https:\/\/i0.wp.com\/genevieveetbernardauxameriques.fr\/wp-content\/uploads\/2017\/04\/P4130154.jpg?fit=300%2C225&amp;ssl=1\" data-large-file=\"https:\/\/i0.wp.com\/genevieveetbernardauxameriques.fr\/wp-content\/uploads\/2017\/04\/P4130154.jpg?fit=640%2C480&amp;ssl=1\" class=\"size-full wp-image-18277\" src=\"https:\/\/i0.wp.com\/genevieveetbernardauxameriques.fr\/wp-content\/uploads\/2017\/04\/P4130154.jpg?resize=640%2C480&#038;ssl=1\" alt=\"\" width=\"640\" height=\"480\" srcset=\"https:\/\/i0.wp.com\/genevieveetbernardauxameriques.fr\/wp-content\/uploads\/2017\/04\/P4130154.jpg?w=640&amp;ssl=1 640w, https:\/\/i0.wp.com\/genevieveetbernardauxameriques.fr\/wp-content\/uploads\/2017\/04\/P4130154.jpg?resize=300%2C225&amp;ssl=1 300w\" sizes=\"(max-width: 640px) 100vw, 640px\" data-recalc-dims=\"1\" \/><img loading=\"lazy\" decoding=\"async\" data-attachment-id=\"18279\" data-permalink=\"https:\/\/genevieveetbernardauxameriques.fr\/index.php\/2017\/04\/18\/colombie-3eme-article-de-medellin-a-bogota\/olympus-digital-camera-5\/\" data-orig-file=\"https:\/\/i0.wp.com\/genevieveetbernardauxameriques.fr\/wp-content\/uploads\/2017\/04\/P4130160.jpg?fit=640%2C480&amp;ssl=1\" data-orig-size=\"640,480\" data-comments-opened=\"1\" data-image-meta=\"{&quot;aperture&quot;:&quot;4.9&quot;,&quot;credit&quot;:&quot;&quot;,&quot;camera&quot;:&quot;E-M5MarkII&quot;,&quot;caption&quot;:&quot;OLYMPUS DIGITAL CAMERA&quot;,&quot;created_timestamp&quot;:&quot;1492105039&quot;,&quot;copyright&quot;:&quot;&quot;,&quot;focal_length&quot;:&quot;29&quot;,&quot;iso&quot;:&quot;1600&quot;,&quot;shutter_speed&quot;:&quot;0.125&quot;,&quot;title&quot;:&quot;OLYMPUS DIGITAL CAMERA&quot;,&quot;orientation&quot;:&quot;1&quot;}\" data-image-title=\"OLYMPUS DIGITAL CAMERA\" data-image-description=\"\" data-image-caption=\"&lt;p&gt;OLYMPUS DIGITAL CAMERA&lt;\/p&gt;\n\" data-medium-file=\"https:\/\/i0.wp.com\/genevieveetbernardauxameriques.fr\/wp-content\/uploads\/2017\/04\/P4130160.jpg?fit=300%2C225&amp;ssl=1\" data-large-file=\"https:\/\/i0.wp.com\/genevieveetbernardauxameriques.fr\/wp-content\/uploads\/2017\/04\/P4130160.jpg?fit=640%2C480&amp;ssl=1\" class=\"size-full wp-image-18279\" src=\"https:\/\/i0.wp.com\/genevieveetbernardauxameriques.fr\/wp-content\/uploads\/2017\/04\/P4130160.jpg?resize=640%2C480&#038;ssl=1\" alt=\"\" width=\"640\" height=\"480\" srcset=\"https:\/\/i0.wp.com\/genevieveetbernardauxameriques.fr\/wp-content\/uploads\/2017\/04\/P4130160.jpg?w=640&amp;ssl=1 640w, https:\/\/i0.wp.com\/genevieveetbernardauxameriques.fr\/wp-content\/uploads\/2017\/04\/P4130160.jpg?resize=300%2C225&amp;ssl=1 300w\" sizes=\"(max-width: 640px) 100vw, 640px\" data-recalc-dims=\"1\" \/><img loading=\"lazy\" decoding=\"async\" data-attachment-id=\"18282\" data-permalink=\"https:\/\/genevieveetbernardauxameriques.fr\/index.php\/2017\/04\/18\/colombie-3eme-article-de-medellin-a-bogota\/olympus-digital-camera-8\/\" data-orig-file=\"https:\/\/i0.wp.com\/genevieveetbernardauxameriques.fr\/wp-content\/uploads\/2017\/04\/P4130167.jpg?fit=480%2C640&amp;ssl=1\" data-orig-size=\"480,640\" data-comments-opened=\"1\" data-image-meta=\"{&quot;aperture&quot;:&quot;4.5&quot;,&quot;credit&quot;:&quot;&quot;,&quot;camera&quot;:&quot;E-M5MarkII&quot;,&quot;caption&quot;:&quot;OLYMPUS DIGITAL CAMERA&quot;,&quot;created_timestamp&quot;:&quot;1492105407&quot;,&quot;copyright&quot;:&quot;&quot;,&quot;focal_length&quot;:&quot;22&quot;,&quot;iso&quot;:&quot;1600&quot;,&quot;shutter_speed&quot;:&quot;0.125&quot;,&quot;title&quot;:&quot;OLYMPUS DIGITAL CAMERA&quot;,&quot;orientation&quot;:&quot;1&quot;}\" data-image-title=\"OLYMPUS DIGITAL CAMERA\" data-image-description=\"\" data-image-caption=\"&lt;p&gt;OLYMPUS DIGITAL CAMERA&lt;\/p&gt;\n\" data-medium-file=\"https:\/\/i0.wp.com\/genevieveetbernardauxameriques.fr\/wp-content\/uploads\/2017\/04\/P4130167.jpg?fit=225%2C300&amp;ssl=1\" data-large-file=\"https:\/\/i0.wp.com\/genevieveetbernardauxameriques.fr\/wp-content\/uploads\/2017\/04\/P4130167.jpg?fit=480%2C640&amp;ssl=1\" class=\"size-full wp-image-18282 aligncenter\" src=\"https:\/\/i0.wp.com\/genevieveetbernardauxameriques.fr\/wp-content\/uploads\/2017\/04\/P4130167.jpg?resize=480%2C640&#038;ssl=1\" alt=\"\" width=\"480\" height=\"640\" srcset=\"https:\/\/i0.wp.com\/genevieveetbernardauxameriques.fr\/wp-content\/uploads\/2017\/04\/P4130167.jpg?w=480&amp;ssl=1 480w, https:\/\/i0.wp.com\/genevieveetbernardauxameriques.fr\/wp-content\/uploads\/2017\/04\/P4130167.jpg?resize=225%2C300&amp;ssl=1 225w\" sizes=\"(max-width: 480px) 100vw, 480px\" data-recalc-dims=\"1\" \/><\/p>\n<div id=\"attachment_18285\" style=\"width: 650px\" class=\"wp-caption alignnone\"><a href=\"https:\/\/i0.wp.com\/genevieveetbernardauxameriques.fr\/wp-content\/uploads\/2017\/04\/P4130173.jpg?ssl=1\"><img loading=\"lazy\" decoding=\"async\" aria-describedby=\"caption-attachment-18285\" data-attachment-id=\"18285\" data-permalink=\"https:\/\/genevieveetbernardauxameriques.fr\/index.php\/2017\/04\/18\/colombie-3eme-article-de-medellin-a-bogota\/olympus-digital-camera-11\/\" data-orig-file=\"https:\/\/i0.wp.com\/genevieveetbernardauxameriques.fr\/wp-content\/uploads\/2017\/04\/P4130173.jpg?fit=640%2C480&amp;ssl=1\" data-orig-size=\"640,480\" data-comments-opened=\"1\" data-image-meta=\"{&quot;aperture&quot;:&quot;4&quot;,&quot;credit&quot;:&quot;&quot;,&quot;camera&quot;:&quot;E-M5MarkII&quot;,&quot;caption&quot;:&quot;OLYMPUS DIGITAL CAMERA&quot;,&quot;created_timestamp&quot;:&quot;1492105826&quot;,&quot;copyright&quot;:&quot;&quot;,&quot;focal_length&quot;:&quot;14&quot;,&quot;iso&quot;:&quot;1600&quot;,&quot;shutter_speed&quot;:&quot;0.076923076923077&quot;,&quot;title&quot;:&quot;OLYMPUS DIGITAL CAMERA&quot;,&quot;orientation&quot;:&quot;1&quot;}\" data-image-title=\"OLYMPUS DIGITAL CAMERA\" data-image-description=\"\" data-image-caption=\"&lt;p&gt;OLYMPUS DIGITAL CAMERA&lt;\/p&gt;\n\" data-medium-file=\"https:\/\/i0.wp.com\/genevieveetbernardauxameriques.fr\/wp-content\/uploads\/2017\/04\/P4130173.jpg?fit=300%2C225&amp;ssl=1\" data-large-file=\"https:\/\/i0.wp.com\/genevieveetbernardauxameriques.fr\/wp-content\/uploads\/2017\/04\/P4130173.jpg?fit=640%2C480&amp;ssl=1\" class=\"size-full wp-image-18285\" src=\"https:\/\/i0.wp.com\/genevieveetbernardauxameriques.fr\/wp-content\/uploads\/2017\/04\/P4130173.jpg?resize=640%2C480&#038;ssl=1\" alt=\"\" width=\"640\" height=\"480\" srcset=\"https:\/\/i0.wp.com\/genevieveetbernardauxameriques.fr\/wp-content\/uploads\/2017\/04\/P4130173.jpg?w=640&amp;ssl=1 640w, https:\/\/i0.wp.com\/genevieveetbernardauxameriques.fr\/wp-content\/uploads\/2017\/04\/P4130173.jpg?resize=300%2C225&amp;ssl=1 300w\" sizes=\"(max-width: 640px) 100vw, 640px\" data-recalc-dims=\"1\" \/><\/a><p id=\"caption-attachment-18285\" class=\"wp-caption-text\">La cr\u00eache<a href=\"https:\/\/i0.wp.com\/genevieveetbernardauxameriques.fr\/wp-content\/uploads\/2017\/04\/IMG_20170413_112035.jpg?ssl=1\"><img loading=\"lazy\" decoding=\"async\" data-attachment-id=\"18086\" data-permalink=\"https:\/\/genevieveetbernardauxameriques.fr\/index.php\/2017\/04\/18\/colombie-3eme-article-de-medellin-a-bogota\/img_20170413_112035\/\" data-orig-file=\"https:\/\/i0.wp.com\/genevieveetbernardauxameriques.fr\/wp-content\/uploads\/2017\/04\/IMG_20170413_112035.jpg?fit=720%2C540&amp;ssl=1\" data-orig-size=\"720,540\" data-comments-opened=\"1\" data-image-meta=\"{&quot;aperture&quot;:&quot;0&quot;,&quot;credit&quot;:&quot;&quot;,&quot;camera&quot;:&quot;Lenovo YT3-X50F&quot;,&quot;caption&quot;:&quot;&quot;,&quot;created_timestamp&quot;:&quot;1492082436&quot;,&quot;copyright&quot;:&quot;&quot;,&quot;focal_length&quot;:&quot;3.85&quot;,&quot;iso&quot;:&quot;1262&quot;,&quot;shutter_speed&quot;:&quot;0.083333333333333&quot;,&quot;title&quot;:&quot;&quot;,&quot;orientation&quot;:&quot;0&quot;}\" data-image-title=\"IMG_20170413_112035\" data-image-description=\"\" data-image-caption=\"\" data-medium-file=\"https:\/\/i0.wp.com\/genevieveetbernardauxameriques.fr\/wp-content\/uploads\/2017\/04\/IMG_20170413_112035.jpg?fit=300%2C225&amp;ssl=1\" data-large-file=\"https:\/\/i0.wp.com\/genevieveetbernardauxameriques.fr\/wp-content\/uploads\/2017\/04\/IMG_20170413_112035.jpg?fit=640%2C480&amp;ssl=1\" class=\"alignnone size-full wp-image-18086\" src=\"https:\/\/i0.wp.com\/genevieveetbernardauxameriques.fr\/wp-content\/uploads\/2017\/04\/IMG_20170413_112035.jpg?resize=640%2C480&#038;ssl=1\" alt=\"\" width=\"640\" height=\"480\" srcset=\"https:\/\/i0.wp.com\/genevieveetbernardauxameriques.fr\/wp-content\/uploads\/2017\/04\/IMG_20170413_112035.jpg?w=720&amp;ssl=1 720w, https:\/\/i0.wp.com\/genevieveetbernardauxameriques.fr\/wp-content\/uploads\/2017\/04\/IMG_20170413_112035.jpg?resize=300%2C225&amp;ssl=1 300w\" sizes=\"(max-width: 640px) 100vw, 640px\" data-recalc-dims=\"1\" \/><\/a><\/p><\/div>\n<p class=\"separator\">Pour finir, il y a\u00a0\u00a0la visite des boutiques prises d&rsquo;assaut et\u00a0il faut jouer du coude pour sortir.<\/p>\n<p class=\"separator\">Nous partons plut\u00f4t d\u00e9\u00e7us de cette visite, surtout que c&rsquo;est assez cher, nous \u00e9tions pr\u00e9venus mais cela nous paraissait incontournable.<\/p>\n<p class=\"separator\">Derni\u00e8re photo de statues d&rsquo;indiens (mais pas en sel).<\/p>\n<p class=\"separator\"><a href=\"https:\/\/i0.wp.com\/genevieveetbernardauxameriques.fr\/wp-content\/uploads\/2017\/04\/IMG_20170413_113908.jpg?ssl=1\"><img loading=\"lazy\" decoding=\"async\" data-attachment-id=\"18089\" data-permalink=\"https:\/\/genevieveetbernardauxameriques.fr\/index.php\/2017\/04\/18\/colombie-3eme-article-de-medellin-a-bogota\/img_20170413_113908\/\" data-orig-file=\"https:\/\/i0.wp.com\/genevieveetbernardauxameriques.fr\/wp-content\/uploads\/2017\/04\/IMG_20170413_113908.jpg?fit=720%2C540&amp;ssl=1\" data-orig-size=\"720,540\" data-comments-opened=\"1\" data-image-meta=\"{&quot;aperture&quot;:&quot;0&quot;,&quot;credit&quot;:&quot;&quot;,&quot;camera&quot;:&quot;Lenovo YT3-X50F&quot;,&quot;caption&quot;:&quot;&quot;,&quot;created_timestamp&quot;:&quot;1492083549&quot;,&quot;copyright&quot;:&quot;&quot;,&quot;focal_length&quot;:&quot;3.85&quot;,&quot;iso&quot;:&quot;2000&quot;,&quot;shutter_speed&quot;:&quot;0.083333333333333&quot;,&quot;title&quot;:&quot;&quot;,&quot;orientation&quot;:&quot;0&quot;}\" data-image-title=\"IMG_20170413_113908\" data-image-description=\"\" data-image-caption=\"\" data-medium-file=\"https:\/\/i0.wp.com\/genevieveetbernardauxameriques.fr\/wp-content\/uploads\/2017\/04\/IMG_20170413_113908.jpg?fit=300%2C225&amp;ssl=1\" data-large-file=\"https:\/\/i0.wp.com\/genevieveetbernardauxameriques.fr\/wp-content\/uploads\/2017\/04\/IMG_20170413_113908.jpg?fit=640%2C480&amp;ssl=1\" class=\"alignnone size-full wp-image-18089\" src=\"https:\/\/i0.wp.com\/genevieveetbernardauxameriques.fr\/wp-content\/uploads\/2017\/04\/IMG_20170413_113908.jpg?resize=640%2C480&#038;ssl=1\" alt=\"\" width=\"640\" height=\"480\" srcset=\"https:\/\/i0.wp.com\/genevieveetbernardauxameriques.fr\/wp-content\/uploads\/2017\/04\/IMG_20170413_113908.jpg?w=720&amp;ssl=1 720w, https:\/\/i0.wp.com\/genevieveetbernardauxameriques.fr\/wp-content\/uploads\/2017\/04\/IMG_20170413_113908.jpg?resize=300%2C225&amp;ssl=1 300w\" sizes=\"(max-width: 640px) 100vw, 640px\" data-recalc-dims=\"1\" \/><\/a><\/p>\n<p class=\"separator\">\u00a0Et une derni\u00e8re avec ce militaire !<\/p>\n<p><a href=\"https:\/\/i0.wp.com\/genevieveetbernardauxameriques.fr\/wp-content\/uploads\/2017\/04\/P4130141.jpg?ssl=1\"><img loading=\"lazy\" decoding=\"async\" data-attachment-id=\"18275\" data-permalink=\"https:\/\/genevieveetbernardauxameriques.fr\/index.php\/2017\/04\/18\/colombie-3eme-article-de-medellin-a-bogota\/olympus-digital-camera\/\" data-orig-file=\"https:\/\/i0.wp.com\/genevieveetbernardauxameriques.fr\/wp-content\/uploads\/2017\/04\/P4130141.jpg?fit=480%2C640&amp;ssl=1\" data-orig-size=\"480,640\" data-comments-opened=\"1\" data-image-meta=\"{&quot;aperture&quot;:&quot;6.3&quot;,&quot;credit&quot;:&quot;&quot;,&quot;camera&quot;:&quot;E-M5MarkII&quot;,&quot;caption&quot;:&quot;OLYMPUS DIGITAL CAMERA&quot;,&quot;created_timestamp&quot;:&quot;1492102447&quot;,&quot;copyright&quot;:&quot;&quot;,&quot;focal_length&quot;:&quot;15&quot;,&quot;iso&quot;:&quot;200&quot;,&quot;shutter_speed&quot;:&quot;0.00625&quot;,&quot;title&quot;:&quot;OLYMPUS DIGITAL CAMERA&quot;,&quot;orientation&quot;:&quot;1&quot;}\" data-image-title=\"OLYMPUS DIGITAL CAMERA\" data-image-description=\"\" data-image-caption=\"&lt;p&gt;OLYMPUS DIGITAL CAMERA&lt;\/p&gt;\n\" data-medium-file=\"https:\/\/i0.wp.com\/genevieveetbernardauxameriques.fr\/wp-content\/uploads\/2017\/04\/P4130141.jpg?fit=225%2C300&amp;ssl=1\" data-large-file=\"https:\/\/i0.wp.com\/genevieveetbernardauxameriques.fr\/wp-content\/uploads\/2017\/04\/P4130141.jpg?fit=480%2C640&amp;ssl=1\" class=\"size-full wp-image-18275 aligncenter\" src=\"https:\/\/i0.wp.com\/genevieveetbernardauxameriques.fr\/wp-content\/uploads\/2017\/04\/P4130141.jpg?resize=480%2C640&#038;ssl=1\" alt=\"\" width=\"480\" height=\"640\" srcset=\"https:\/\/i0.wp.com\/genevieveetbernardauxameriques.fr\/wp-content\/uploads\/2017\/04\/P4130141.jpg?w=480&amp;ssl=1 480w, https:\/\/i0.wp.com\/genevieveetbernardauxameriques.fr\/wp-content\/uploads\/2017\/04\/P4130141.jpg?resize=225%2C300&amp;ssl=1 225w\" sizes=\"(max-width: 480px) 100vw, 480px\" data-recalc-dims=\"1\" \/><\/a><\/p>\n<p class=\"separator\">Nous d\u00e9cidons avant de nous quitter de d\u00e9jeuner ensemble, nos amis doivent \u00eatre \u00e0 Carthag\u00e8ne \u00e0 la fin du mois, ils vont aller plus vite que nous pour remonter.<\/p>\n<p><a href=\"https:\/\/i0.wp.com\/genevieveetbernardauxameriques.fr\/wp-content\/uploads\/2017\/04\/P4130178.jpg?ssl=1\"><img loading=\"lazy\" decoding=\"async\" data-attachment-id=\"18286\" data-permalink=\"https:\/\/genevieveetbernardauxameriques.fr\/index.php\/2017\/04\/18\/colombie-3eme-article-de-medellin-a-bogota\/olympus-digital-camera-12\/\" data-orig-file=\"https:\/\/i0.wp.com\/genevieveetbernardauxameriques.fr\/wp-content\/uploads\/2017\/04\/P4130178.jpg?fit=640%2C480&amp;ssl=1\" data-orig-size=\"640,480\" data-comments-opened=\"1\" data-image-meta=\"{&quot;aperture&quot;:&quot;7.1&quot;,&quot;credit&quot;:&quot;&quot;,&quot;camera&quot;:&quot;E-M5MarkII&quot;,&quot;caption&quot;:&quot;OLYMPUS DIGITAL CAMERA&quot;,&quot;created_timestamp&quot;:&quot;1492108440&quot;,&quot;copyright&quot;:&quot;&quot;,&quot;focal_length&quot;:&quot;18&quot;,&quot;iso&quot;:&quot;200&quot;,&quot;shutter_speed&quot;:&quot;0.005&quot;,&quot;title&quot;:&quot;OLYMPUS DIGITAL CAMERA&quot;,&quot;orientation&quot;:&quot;1&quot;}\" data-image-title=\"OLYMPUS DIGITAL CAMERA\" data-image-description=\"\" data-image-caption=\"&lt;p&gt;OLYMPUS DIGITAL CAMERA&lt;\/p&gt;\n\" data-medium-file=\"https:\/\/i0.wp.com\/genevieveetbernardauxameriques.fr\/wp-content\/uploads\/2017\/04\/P4130178.jpg?fit=300%2C225&amp;ssl=1\" data-large-file=\"https:\/\/i0.wp.com\/genevieveetbernardauxameriques.fr\/wp-content\/uploads\/2017\/04\/P4130178.jpg?fit=640%2C480&amp;ssl=1\" class=\"size-full wp-image-18286\" src=\"https:\/\/i0.wp.com\/genevieveetbernardauxameriques.fr\/wp-content\/uploads\/2017\/04\/P4130178.jpg?resize=640%2C480&#038;ssl=1\" alt=\"\" width=\"640\" height=\"480\" srcset=\"https:\/\/i0.wp.com\/genevieveetbernardauxameriques.fr\/wp-content\/uploads\/2017\/04\/P4130178.jpg?w=640&amp;ssl=1 640w, https:\/\/i0.wp.com\/genevieveetbernardauxameriques.fr\/wp-content\/uploads\/2017\/04\/P4130178.jpg?resize=300%2C225&amp;ssl=1 300w\" sizes=\"(max-width: 640px) 100vw, 640px\" data-recalc-dims=\"1\" \/><\/a><\/p>\n<p>On sort de la ville<\/p>\n<div id=\"attachment_18287\" style=\"width: 650px\" class=\"wp-caption aligncenter\"><a href=\"https:\/\/i0.wp.com\/genevieveetbernardauxameriques.fr\/wp-content\/uploads\/2017\/04\/P4130180.jpg?ssl=1\"><img loading=\"lazy\" decoding=\"async\" aria-describedby=\"caption-attachment-18287\" data-attachment-id=\"18287\" data-permalink=\"https:\/\/genevieveetbernardauxameriques.fr\/index.php\/2017\/04\/18\/colombie-3eme-article-de-medellin-a-bogota\/olympus-digital-camera-13\/\" data-orig-file=\"https:\/\/i0.wp.com\/genevieveetbernardauxameriques.fr\/wp-content\/uploads\/2017\/04\/P4130180.jpg?fit=640%2C480&amp;ssl=1\" data-orig-size=\"640,480\" data-comments-opened=\"1\" data-image-meta=\"{&quot;aperture&quot;:&quot;8&quot;,&quot;credit&quot;:&quot;&quot;,&quot;camera&quot;:&quot;E-M5MarkII&quot;,&quot;caption&quot;:&quot;OLYMPUS DIGITAL CAMERA&quot;,&quot;created_timestamp&quot;:&quot;1492109079&quot;,&quot;copyright&quot;:&quot;&quot;,&quot;focal_length&quot;:&quot;14&quot;,&quot;iso&quot;:&quot;200&quot;,&quot;shutter_speed&quot;:&quot;0.003125&quot;,&quot;title&quot;:&quot;OLYMPUS DIGITAL CAMERA&quot;,&quot;orientation&quot;:&quot;1&quot;}\" data-image-title=\"OLYMPUS DIGITAL CAMERA\" data-image-description=\"\" data-image-caption=\"&lt;p&gt;OLYMPUS DIGITAL CAMERA&lt;\/p&gt;\n\" data-medium-file=\"https:\/\/i0.wp.com\/genevieveetbernardauxameriques.fr\/wp-content\/uploads\/2017\/04\/P4130180.jpg?fit=300%2C225&amp;ssl=1\" data-large-file=\"https:\/\/i0.wp.com\/genevieveetbernardauxameriques.fr\/wp-content\/uploads\/2017\/04\/P4130180.jpg?fit=640%2C480&amp;ssl=1\" class=\"size-full wp-image-18287\" src=\"https:\/\/i0.wp.com\/genevieveetbernardauxameriques.fr\/wp-content\/uploads\/2017\/04\/P4130180.jpg?resize=640%2C480&#038;ssl=1\" alt=\"\" width=\"640\" height=\"480\" srcset=\"https:\/\/i0.wp.com\/genevieveetbernardauxameriques.fr\/wp-content\/uploads\/2017\/04\/P4130180.jpg?w=640&amp;ssl=1 640w, https:\/\/i0.wp.com\/genevieveetbernardauxameriques.fr\/wp-content\/uploads\/2017\/04\/P4130180.jpg?resize=300%2C225&amp;ssl=1 300w\" sizes=\"(max-width: 640px) 100vw, 640px\" data-recalc-dims=\"1\" \/><\/a><p id=\"caption-attachment-18287\" class=\"wp-caption-text\"><a href=\"https:\/\/i0.wp.com\/genevieveetbernardauxameriques.fr\/wp-content\/uploads\/2017\/04\/P4130181.jpg?ssl=1\"><img loading=\"lazy\" decoding=\"async\" data-attachment-id=\"18288\" data-permalink=\"https:\/\/genevieveetbernardauxameriques.fr\/index.php\/2017\/04\/18\/colombie-3eme-article-de-medellin-a-bogota\/olympus-digital-camera-14\/\" data-orig-file=\"https:\/\/i0.wp.com\/genevieveetbernardauxameriques.fr\/wp-content\/uploads\/2017\/04\/P4130181.jpg?fit=640%2C480&amp;ssl=1\" data-orig-size=\"640,480\" data-comments-opened=\"1\" data-image-meta=\"{&quot;aperture&quot;:&quot;10&quot;,&quot;credit&quot;:&quot;&quot;,&quot;camera&quot;:&quot;E-M5MarkII&quot;,&quot;caption&quot;:&quot;OLYMPUS DIGITAL CAMERA&quot;,&quot;created_timestamp&quot;:&quot;1492109098&quot;,&quot;copyright&quot;:&quot;&quot;,&quot;focal_length&quot;:&quot;22&quot;,&quot;iso&quot;:&quot;200&quot;,&quot;shutter_speed&quot;:&quot;0.003125&quot;,&quot;title&quot;:&quot;OLYMPUS DIGITAL CAMERA&quot;,&quot;orientation&quot;:&quot;1&quot;}\" data-image-title=\"OLYMPUS DIGITAL CAMERA\" data-image-description=\"\" data-image-caption=\"&lt;p&gt;OLYMPUS DIGITAL CAMERA&lt;\/p&gt;\n\" data-medium-file=\"https:\/\/i0.wp.com\/genevieveetbernardauxameriques.fr\/wp-content\/uploads\/2017\/04\/P4130181.jpg?fit=300%2C225&amp;ssl=1\" data-large-file=\"https:\/\/i0.wp.com\/genevieveetbernardauxameriques.fr\/wp-content\/uploads\/2017\/04\/P4130181.jpg?fit=640%2C480&amp;ssl=1\" class=\"size-medium wp-image-18288\" src=\"https:\/\/i0.wp.com\/genevieveetbernardauxameriques.fr\/wp-content\/uploads\/2017\/04\/P4130181.jpg?resize=300%2C225&#038;ssl=1\" alt=\"\" width=\"300\" height=\"225\" srcset=\"https:\/\/i0.wp.com\/genevieveetbernardauxameriques.fr\/wp-content\/uploads\/2017\/04\/P4130181.jpg?resize=300%2C225&amp;ssl=1 300w, https:\/\/i0.wp.com\/genevieveetbernardauxameriques.fr\/wp-content\/uploads\/2017\/04\/P4130181.jpg?w=640&amp;ssl=1 640w\" sizes=\"(max-width: 300px) 100vw, 300px\" data-recalc-dims=\"1\" \/><\/a><\/p><\/div>\n<h3 class=\"separator\">\u00a0Impossible de rester \u00e0 ZIPAQUIRA, il y a des embouteillages dans la ville et nous ne trouverons pas 2 stationnements, nous partons alors\u00a0en direction de la l<strong>agune NEUSA<\/strong> et nous trouvons ce restaurant tout \u00e0 fait original le long de la route.<\/h3>\n<p><img loading=\"lazy\" decoding=\"async\" data-attachment-id=\"18091\" data-permalink=\"https:\/\/genevieveetbernardauxameriques.fr\/index.php\/2017\/04\/18\/colombie-3eme-article-de-medellin-a-bogota\/img_20170413_131124\/\" data-orig-file=\"https:\/\/i0.wp.com\/genevieveetbernardauxameriques.fr\/wp-content\/uploads\/2017\/04\/IMG_20170413_131124.jpg?fit=720%2C540&amp;ssl=1\" data-orig-size=\"720,540\" data-comments-opened=\"1\" data-image-meta=\"{&quot;aperture&quot;:&quot;0&quot;,&quot;credit&quot;:&quot;&quot;,&quot;camera&quot;:&quot;Lenovo YT3-X50F&quot;,&quot;caption&quot;:&quot;&quot;,&quot;created_timestamp&quot;:&quot;1492089085&quot;,&quot;copyright&quot;:&quot;&quot;,&quot;focal_length&quot;:&quot;3.85&quot;,&quot;iso&quot;:&quot;800&quot;,&quot;shutter_speed&quot;:&quot;0.076923076923077&quot;,&quot;title&quot;:&quot;&quot;,&quot;orientation&quot;:&quot;0&quot;}\" data-image-title=\"IMG_20170413_131124\" data-image-description=\"\" data-image-caption=\"\" data-medium-file=\"https:\/\/i0.wp.com\/genevieveetbernardauxameriques.fr\/wp-content\/uploads\/2017\/04\/IMG_20170413_131124.jpg?fit=300%2C225&amp;ssl=1\" data-large-file=\"https:\/\/i0.wp.com\/genevieveetbernardauxameriques.fr\/wp-content\/uploads\/2017\/04\/IMG_20170413_131124.jpg?fit=640%2C480&amp;ssl=1\" class=\"alignnone size-full wp-image-18091\" src=\"https:\/\/i0.wp.com\/genevieveetbernardauxameriques.fr\/wp-content\/uploads\/2017\/04\/IMG_20170413_131124.jpg?resize=640%2C480&#038;ssl=1\" alt=\"\" width=\"640\" height=\"480\" srcset=\"https:\/\/i0.wp.com\/genevieveetbernardauxameriques.fr\/wp-content\/uploads\/2017\/04\/IMG_20170413_131124.jpg?w=720&amp;ssl=1 720w, https:\/\/i0.wp.com\/genevieveetbernardauxameriques.fr\/wp-content\/uploads\/2017\/04\/IMG_20170413_131124.jpg?resize=300%2C225&amp;ssl=1 300w\" sizes=\"(max-width: 640px) 100vw, 640px\" data-recalc-dims=\"1\" \/><img loading=\"lazy\" decoding=\"async\" data-attachment-id=\"18198\" data-permalink=\"https:\/\/genevieveetbernardauxameriques.fr\/index.php\/2017\/04\/18\/colombie-3eme-article-de-medellin-a-bogota\/p1080160\/\" data-orig-file=\"https:\/\/i0.wp.com\/genevieveetbernardauxameriques.fr\/wp-content\/uploads\/2017\/04\/P1080160.jpg?fit=720%2C540&amp;ssl=1\" data-orig-size=\"720,540\" data-comments-opened=\"1\" data-image-meta=\"{&quot;aperture&quot;:&quot;3.3&quot;,&quot;credit&quot;:&quot;&quot;,&quot;camera&quot;:&quot;DMC-TZ55&quot;,&quot;caption&quot;:&quot;&quot;,&quot;created_timestamp&quot;:&quot;1492120287&quot;,&quot;copyright&quot;:&quot;&quot;,&quot;focal_length&quot;:&quot;4.3&quot;,&quot;iso&quot;:&quot;400&quot;,&quot;shutter_speed&quot;:&quot;0.02&quot;,&quot;title&quot;:&quot;&quot;,&quot;orientation&quot;:&quot;1&quot;}\" data-image-title=\"P1080160\" data-image-description=\"\" data-image-caption=\"\" data-medium-file=\"https:\/\/i0.wp.com\/genevieveetbernardauxameriques.fr\/wp-content\/uploads\/2017\/04\/P1080160.jpg?fit=300%2C225&amp;ssl=1\" data-large-file=\"https:\/\/i0.wp.com\/genevieveetbernardauxameriques.fr\/wp-content\/uploads\/2017\/04\/P1080160.jpg?fit=640%2C480&amp;ssl=1\" class=\"alignnone size-full wp-image-18198\" src=\"https:\/\/i0.wp.com\/genevieveetbernardauxameriques.fr\/wp-content\/uploads\/2017\/04\/P1080160.jpg?resize=640%2C480&#038;ssl=1\" alt=\"\" width=\"640\" height=\"480\" srcset=\"https:\/\/i0.wp.com\/genevieveetbernardauxameriques.fr\/wp-content\/uploads\/2017\/04\/P1080160.jpg?w=720&amp;ssl=1 720w, https:\/\/i0.wp.com\/genevieveetbernardauxameriques.fr\/wp-content\/uploads\/2017\/04\/P1080160.jpg?resize=300%2C225&amp;ssl=1 300w\" sizes=\"(max-width: 640px) 100vw, 640px\" data-recalc-dims=\"1\" \/><\/p>\n<p class=\"separator\">Voil\u00e0 mon plat :<a href=\"https:\/\/i0.wp.com\/genevieveetbernardauxameriques.fr\/wp-content\/uploads\/2017\/04\/IMG_20170413_131912.jpg?ssl=1\"><img loading=\"lazy\" decoding=\"async\" data-attachment-id=\"18092\" data-permalink=\"https:\/\/genevieveetbernardauxameriques.fr\/index.php\/2017\/04\/18\/colombie-3eme-article-de-medellin-a-bogota\/img_20170413_131912\/\" data-orig-file=\"https:\/\/i0.wp.com\/genevieveetbernardauxameriques.fr\/wp-content\/uploads\/2017\/04\/IMG_20170413_131912.jpg?fit=720%2C540&amp;ssl=1\" data-orig-size=\"720,540\" data-comments-opened=\"1\" data-image-meta=\"{&quot;aperture&quot;:&quot;0&quot;,&quot;credit&quot;:&quot;&quot;,&quot;camera&quot;:&quot;Lenovo YT3-X50F&quot;,&quot;caption&quot;:&quot;&quot;,&quot;created_timestamp&quot;:&quot;1492089552&quot;,&quot;copyright&quot;:&quot;&quot;,&quot;focal_length&quot;:&quot;3.85&quot;,&quot;iso&quot;:&quot;101&quot;,&quot;shutter_speed&quot;:&quot;0.03030303030303&quot;,&quot;title&quot;:&quot;&quot;,&quot;orientation&quot;:&quot;0&quot;}\" data-image-title=\"IMG_20170413_131912\" data-image-description=\"\" data-image-caption=\"\" data-medium-file=\"https:\/\/i0.wp.com\/genevieveetbernardauxameriques.fr\/wp-content\/uploads\/2017\/04\/IMG_20170413_131912.jpg?fit=300%2C225&amp;ssl=1\" data-large-file=\"https:\/\/i0.wp.com\/genevieveetbernardauxameriques.fr\/wp-content\/uploads\/2017\/04\/IMG_20170413_131912.jpg?fit=640%2C480&amp;ssl=1\" class=\"alignnone size-full wp-image-18092\" src=\"https:\/\/i0.wp.com\/genevieveetbernardauxameriques.fr\/wp-content\/uploads\/2017\/04\/IMG_20170413_131912.jpg?resize=640%2C480&#038;ssl=1\" alt=\"\" width=\"640\" height=\"480\" srcset=\"https:\/\/i0.wp.com\/genevieveetbernardauxameriques.fr\/wp-content\/uploads\/2017\/04\/IMG_20170413_131912.jpg?w=720&amp;ssl=1 720w, https:\/\/i0.wp.com\/genevieveetbernardauxameriques.fr\/wp-content\/uploads\/2017\/04\/IMG_20170413_131912.jpg?resize=300%2C225&amp;ssl=1 300w\" sizes=\"(max-width: 640px) 100vw, 640px\" data-recalc-dims=\"1\" \/><\/a><\/p>\n<p class=\"separator\">\u00a0Apr\u00e8s le repas nous nous quittons en pensant nous revoir \u00e0 VILLA LEYVA, 130 Kms plus loin.<\/p>\n<p class=\"separator\">Nous devions aller visiter la mine de sel de Menocon, puis la laguna de Guatavita \u00a0mais vu le monde, nous abandonnons.<\/p>\n<p class=\"separator\">Nous prenons la route pendant encore 45 kms et il est d\u00e9j\u00e0 17 h. Les colombiens roulent tr\u00e8s lentement, le temps\u00a0a l&rsquo;air de s&rsquo;assombrir.\u00a0Nous bivouaquerons \u00e0 <strong>FUQUENE,<\/strong> dans la cour de l&rsquo;h\u00f4tel SAN NICOLAS.<\/p>\n<div class=\"separator\"><a href=\"https:\/\/i0.wp.com\/genevieveetbernardauxameriques.fr\/wp-content\/uploads\/2017\/04\/P1080162-1.jpg?ssl=1\"><img loading=\"lazy\" decoding=\"async\" data-attachment-id=\"18260\" data-permalink=\"https:\/\/genevieveetbernardauxameriques.fr\/index.php\/2017\/04\/18\/colombie-3eme-article-de-medellin-a-bogota\/p1080162-2\/\" data-orig-file=\"https:\/\/i0.wp.com\/genevieveetbernardauxameriques.fr\/wp-content\/uploads\/2017\/04\/P1080162-1.jpg?fit=720%2C540&amp;ssl=1\" data-orig-size=\"720,540\" data-comments-opened=\"1\" data-image-meta=\"{&quot;aperture&quot;:&quot;3.3&quot;,&quot;credit&quot;:&quot;&quot;,&quot;camera&quot;:&quot;DMC-TZ55&quot;,&quot;caption&quot;:&quot;&quot;,&quot;created_timestamp&quot;:&quot;1492191277&quot;,&quot;copyright&quot;:&quot;&quot;,&quot;focal_length&quot;:&quot;4.3&quot;,&quot;iso&quot;:&quot;100&quot;,&quot;shutter_speed&quot;:&quot;0.01&quot;,&quot;title&quot;:&quot;&quot;,&quot;orientation&quot;:&quot;1&quot;}\" data-image-title=\"P1080162\" data-image-description=\"\" data-image-caption=\"\" data-medium-file=\"https:\/\/i0.wp.com\/genevieveetbernardauxameriques.fr\/wp-content\/uploads\/2017\/04\/P1080162-1.jpg?fit=300%2C225&amp;ssl=1\" data-large-file=\"https:\/\/i0.wp.com\/genevieveetbernardauxameriques.fr\/wp-content\/uploads\/2017\/04\/P1080162-1.jpg?fit=640%2C480&amp;ssl=1\" class=\"alignnone size-full wp-image-18260\" src=\"https:\/\/i0.wp.com\/genevieveetbernardauxameriques.fr\/wp-content\/uploads\/2017\/04\/P1080162-1.jpg?resize=640%2C480&#038;ssl=1\" alt=\"\" width=\"640\" height=\"480\" srcset=\"https:\/\/i0.wp.com\/genevieveetbernardauxameriques.fr\/wp-content\/uploads\/2017\/04\/P1080162-1.jpg?w=720&amp;ssl=1 720w, https:\/\/i0.wp.com\/genevieveetbernardauxameriques.fr\/wp-content\/uploads\/2017\/04\/P1080162-1.jpg?resize=300%2C225&amp;ssl=1 300w\" sizes=\"(max-width: 640px) 100vw, 640px\" data-recalc-dims=\"1\" \/><\/a><\/div>\n<p class=\"separator\">Les chambres en haut, et la salle \u00e0 manger<a href=\"https:\/\/i0.wp.com\/genevieveetbernardauxameriques.fr\/wp-content\/uploads\/2017\/04\/P1080163-1.jpg?ssl=1\"><img loading=\"lazy\" decoding=\"async\" data-attachment-id=\"18261\" data-permalink=\"https:\/\/genevieveetbernardauxameriques.fr\/index.php\/2017\/04\/18\/colombie-3eme-article-de-medellin-a-bogota\/p1080163-2\/\" data-orig-file=\"https:\/\/i0.wp.com\/genevieveetbernardauxameriques.fr\/wp-content\/uploads\/2017\/04\/P1080163-1.jpg?fit=720%2C540&amp;ssl=1\" data-orig-size=\"720,540\" data-comments-opened=\"1\" data-image-meta=\"{&quot;aperture&quot;:&quot;3.3&quot;,&quot;credit&quot;:&quot;&quot;,&quot;camera&quot;:&quot;DMC-TZ55&quot;,&quot;caption&quot;:&quot;&quot;,&quot;created_timestamp&quot;:&quot;1492191289&quot;,&quot;copyright&quot;:&quot;&quot;,&quot;focal_length&quot;:&quot;4.3&quot;,&quot;iso&quot;:&quot;400&quot;,&quot;shutter_speed&quot;:&quot;0.1&quot;,&quot;title&quot;:&quot;&quot;,&quot;orientation&quot;:&quot;1&quot;}\" data-image-title=\"P1080163\" data-image-description=\"\" data-image-caption=\"\" data-medium-file=\"https:\/\/i0.wp.com\/genevieveetbernardauxameriques.fr\/wp-content\/uploads\/2017\/04\/P1080163-1.jpg?fit=300%2C225&amp;ssl=1\" data-large-file=\"https:\/\/i0.wp.com\/genevieveetbernardauxameriques.fr\/wp-content\/uploads\/2017\/04\/P1080163-1.jpg?fit=640%2C480&amp;ssl=1\" class=\"alignnone size-full wp-image-18261\" src=\"https:\/\/i0.wp.com\/genevieveetbernardauxameriques.fr\/wp-content\/uploads\/2017\/04\/P1080163-1.jpg?resize=640%2C480&#038;ssl=1\" alt=\"\" width=\"640\" height=\"480\" srcset=\"https:\/\/i0.wp.com\/genevieveetbernardauxameriques.fr\/wp-content\/uploads\/2017\/04\/P1080163-1.jpg?w=720&amp;ssl=1 720w, https:\/\/i0.wp.com\/genevieveetbernardauxameriques.fr\/wp-content\/uploads\/2017\/04\/P1080163-1.jpg?resize=300%2C225&amp;ssl=1 300w\" sizes=\"(max-width: 640px) 100vw, 640px\" data-recalc-dims=\"1\" \/><\/a><\/p>\n<p class=\"separator\">et nous<a href=\"https:\/\/i0.wp.com\/genevieveetbernardauxameriques.fr\/wp-content\/uploads\/2017\/04\/P1080164-1.jpg?ssl=1\"><img loading=\"lazy\" decoding=\"async\" data-attachment-id=\"18262\" data-permalink=\"https:\/\/genevieveetbernardauxameriques.fr\/index.php\/2017\/04\/18\/colombie-3eme-article-de-medellin-a-bogota\/p1080164-2\/\" data-orig-file=\"https:\/\/i0.wp.com\/genevieveetbernardauxameriques.fr\/wp-content\/uploads\/2017\/04\/P1080164-1.jpg?fit=720%2C540&amp;ssl=1\" data-orig-size=\"720,540\" data-comments-opened=\"1\" data-image-meta=\"{&quot;aperture&quot;:&quot;4&quot;,&quot;credit&quot;:&quot;&quot;,&quot;camera&quot;:&quot;DMC-TZ55&quot;,&quot;caption&quot;:&quot;&quot;,&quot;created_timestamp&quot;:&quot;1492191420&quot;,&quot;copyright&quot;:&quot;&quot;,&quot;focal_length&quot;:&quot;4.3&quot;,&quot;iso&quot;:&quot;100&quot;,&quot;shutter_speed&quot;:&quot;0.00125&quot;,&quot;title&quot;:&quot;&quot;,&quot;orientation&quot;:&quot;1&quot;}\" data-image-title=\"P1080164\" data-image-description=\"\" data-image-caption=\"\" data-medium-file=\"https:\/\/i0.wp.com\/genevieveetbernardauxameriques.fr\/wp-content\/uploads\/2017\/04\/P1080164-1.jpg?fit=300%2C225&amp;ssl=1\" data-large-file=\"https:\/\/i0.wp.com\/genevieveetbernardauxameriques.fr\/wp-content\/uploads\/2017\/04\/P1080164-1.jpg?fit=640%2C480&amp;ssl=1\" class=\"alignnone size-full wp-image-18262\" src=\"https:\/\/i0.wp.com\/genevieveetbernardauxameriques.fr\/wp-content\/uploads\/2017\/04\/P1080164-1.jpg?resize=640%2C480&#038;ssl=1\" alt=\"\" width=\"640\" height=\"480\" srcset=\"https:\/\/i0.wp.com\/genevieveetbernardauxameriques.fr\/wp-content\/uploads\/2017\/04\/P1080164-1.jpg?w=720&amp;ssl=1 720w, https:\/\/i0.wp.com\/genevieveetbernardauxameriques.fr\/wp-content\/uploads\/2017\/04\/P1080164-1.jpg?resize=300%2C225&amp;ssl=1 300w\" sizes=\"(max-width: 640px) 100vw, 640px\" data-recalc-dims=\"1\" \/><\/a><\/p>\n<p class=\"separator\">Et voil\u00e0 pour ce 3\u00e8me volet de la Colombie. Encore un et nous quitterons l&rsquo;Am\u00e9rique du Sud d\u00e9finitivement, on pense d&rsquo;ici un mois. Mais le voyage continuera, l&rsquo;Am\u00e9rique Centrale puis celle du Nord.<\/p>\n<p class=\"separator\">Pour ne pas emb\u00eater ceux qui n&rsquo;appr\u00e9cient pas BOTERO, je mets \u00e0 la fin un diaporama des peintures qui sont au Mus\u00e9e de BOGOTA.<\/p>\n<div data-carousel-extra='{\"blog_id\":1,\"permalink\":\"https:\\\/\\\/genevieveetbernardauxameriques.fr\\\/index.php\\\/2017\\\/04\\\/18\\\/colombie-3eme-article-de-medellin-a-bogota\\\/\"}' id='gallery-4' class='gallery galleryid-17854 gallery-columns-3 gallery-size-full'><dl class='gallery-item'>\n\t\t\t<dt class='gallery-icon portrait'>\n\t\t\t\t<a href='https:\/\/genevieveetbernardauxameriques.fr\/index.php\/2017\/04\/18\/colombie-3eme-article-de-medellin-a-bogota\/olympus-digital-camera-79\/'><img loading=\"lazy\" decoding=\"async\" width=\"480\" height=\"640\" src=\"https:\/\/i0.wp.com\/genevieveetbernardauxameriques.fr\/wp-content\/uploads\/2017\/04\/P4120096.jpg?fit=480%2C640&amp;ssl=1\" class=\"attachment-full size-full\" alt=\"\" srcset=\"https:\/\/i0.wp.com\/genevieveetbernardauxameriques.fr\/wp-content\/uploads\/2017\/04\/P4120096.jpg?w=480&amp;ssl=1 480w, https:\/\/i0.wp.com\/genevieveetbernardauxameriques.fr\/wp-content\/uploads\/2017\/04\/P4120096.jpg?resize=225%2C300&amp;ssl=1 225w\" sizes=\"(max-width: 480px) 100vw, 480px\" data-attachment-id=\"18357\" data-permalink=\"https:\/\/genevieveetbernardauxameriques.fr\/index.php\/2017\/04\/18\/colombie-3eme-article-de-medellin-a-bogota\/olympus-digital-camera-79\/\" data-orig-file=\"https:\/\/i0.wp.com\/genevieveetbernardauxameriques.fr\/wp-content\/uploads\/2017\/04\/P4120096.jpg?fit=480%2C640&amp;ssl=1\" data-orig-size=\"480,640\" data-comments-opened=\"1\" data-image-meta=\"{&quot;aperture&quot;:&quot;5.6&quot;,&quot;credit&quot;:&quot;&quot;,&quot;camera&quot;:&quot;E-M5MarkII&quot;,&quot;caption&quot;:&quot;OLYMPUS DIGITAL CAMERA&quot;,&quot;created_timestamp&quot;:&quot;1492020375&quot;,&quot;copyright&quot;:&quot;&quot;,&quot;focal_length&quot;:&quot;15&quot;,&quot;iso&quot;:&quot;8000&quot;,&quot;shutter_speed&quot;:&quot;0.008&quot;,&quot;title&quot;:&quot;OLYMPUS DIGITAL CAMERA&quot;,&quot;orientation&quot;:&quot;1&quot;}\" data-image-title=\"OLYMPUS DIGITAL CAMERA\" data-image-description=\"\" data-image-caption=\"\" data-medium-file=\"https:\/\/i0.wp.com\/genevieveetbernardauxameriques.fr\/wp-content\/uploads\/2017\/04\/P4120096.jpg?fit=225%2C300&amp;ssl=1\" data-large-file=\"https:\/\/i0.wp.com\/genevieveetbernardauxameriques.fr\/wp-content\/uploads\/2017\/04\/P4120096.jpg?fit=480%2C640&amp;ssl=1\" \/><\/a>\n\t\t\t<\/dt><\/dl><dl class='gallery-item'>\n\t\t\t<dt class='gallery-icon portrait'>\n\t\t\t\t<a href='https:\/\/genevieveetbernardauxameriques.fr\/index.php\/2017\/04\/18\/colombie-3eme-article-de-medellin-a-bogota\/olympus-digital-camera-70\/'><img loading=\"lazy\" decoding=\"async\" width=\"480\" height=\"640\" src=\"https:\/\/i0.wp.com\/genevieveetbernardauxameriques.fr\/wp-content\/uploads\/2017\/04\/P4120084.jpg?fit=480%2C640&amp;ssl=1\" class=\"attachment-full size-full\" alt=\"\" srcset=\"https:\/\/i0.wp.com\/genevieveetbernardauxameriques.fr\/wp-content\/uploads\/2017\/04\/P4120084.jpg?w=480&amp;ssl=1 480w, https:\/\/i0.wp.com\/genevieveetbernardauxameriques.fr\/wp-content\/uploads\/2017\/04\/P4120084.jpg?resize=225%2C300&amp;ssl=1 225w\" sizes=\"(max-width: 480px) 100vw, 480px\" data-attachment-id=\"18348\" data-permalink=\"https:\/\/genevieveetbernardauxameriques.fr\/index.php\/2017\/04\/18\/colombie-3eme-article-de-medellin-a-bogota\/olympus-digital-camera-70\/\" data-orig-file=\"https:\/\/i0.wp.com\/genevieveetbernardauxameriques.fr\/wp-content\/uploads\/2017\/04\/P4120084.jpg?fit=480%2C640&amp;ssl=1\" data-orig-size=\"480,640\" data-comments-opened=\"1\" data-image-meta=\"{&quot;aperture&quot;:&quot;5.6&quot;,&quot;credit&quot;:&quot;&quot;,&quot;camera&quot;:&quot;E-M5MarkII&quot;,&quot;caption&quot;:&quot;OLYMPUS DIGITAL CAMERA&quot;,&quot;created_timestamp&quot;:&quot;1492016989&quot;,&quot;copyright&quot;:&quot;&quot;,&quot;focal_length&quot;:&quot;29&quot;,&quot;iso&quot;:&quot;8000&quot;,&quot;shutter_speed&quot;:&quot;0.01&quot;,&quot;title&quot;:&quot;OLYMPUS DIGITAL CAMERA&quot;,&quot;orientation&quot;:&quot;1&quot;}\" data-image-title=\"OLYMPUS DIGITAL CAMERA\" data-image-description=\"\" data-image-caption=\"\" data-medium-file=\"https:\/\/i0.wp.com\/genevieveetbernardauxameriques.fr\/wp-content\/uploads\/2017\/04\/P4120084.jpg?fit=225%2C300&amp;ssl=1\" data-large-file=\"https:\/\/i0.wp.com\/genevieveetbernardauxameriques.fr\/wp-content\/uploads\/2017\/04\/P4120084.jpg?fit=480%2C640&amp;ssl=1\" \/><\/a>\n\t\t\t<\/dt><\/dl><dl class='gallery-item'>\n\t\t\t<dt class='gallery-icon portrait'>\n\t\t\t\t<a href='https:\/\/genevieveetbernardauxameriques.fr\/index.php\/2017\/04\/18\/colombie-3eme-article-de-medellin-a-bogota\/olympus-digital-camera-78\/'><img loading=\"lazy\" decoding=\"async\" width=\"480\" height=\"640\" src=\"https:\/\/i0.wp.com\/genevieveetbernardauxameriques.fr\/wp-content\/uploads\/2017\/04\/P4120093.jpg?fit=480%2C640&amp;ssl=1\" class=\"attachment-full size-full\" alt=\"\" srcset=\"https:\/\/i0.wp.com\/genevieveetbernardauxameriques.fr\/wp-content\/uploads\/2017\/04\/P4120093.jpg?w=480&amp;ssl=1 480w, https:\/\/i0.wp.com\/genevieveetbernardauxameriques.fr\/wp-content\/uploads\/2017\/04\/P4120093.jpg?resize=225%2C300&amp;ssl=1 225w\" sizes=\"(max-width: 480px) 100vw, 480px\" data-attachment-id=\"18356\" data-permalink=\"https:\/\/genevieveetbernardauxameriques.fr\/index.php\/2017\/04\/18\/colombie-3eme-article-de-medellin-a-bogota\/olympus-digital-camera-78\/\" data-orig-file=\"https:\/\/i0.wp.com\/genevieveetbernardauxameriques.fr\/wp-content\/uploads\/2017\/04\/P4120093.jpg?fit=480%2C640&amp;ssl=1\" data-orig-size=\"480,640\" data-comments-opened=\"1\" data-image-meta=\"{&quot;aperture&quot;:&quot;4.5&quot;,&quot;credit&quot;:&quot;&quot;,&quot;camera&quot;:&quot;E-M5MarkII&quot;,&quot;caption&quot;:&quot;OLYMPUS DIGITAL CAMERA&quot;,&quot;created_timestamp&quot;:&quot;1492017173&quot;,&quot;copyright&quot;:&quot;&quot;,&quot;focal_length&quot;:&quot;14&quot;,&quot;iso&quot;:&quot;8000&quot;,&quot;shutter_speed&quot;:&quot;0.01&quot;,&quot;title&quot;:&quot;OLYMPUS DIGITAL CAMERA&quot;,&quot;orientation&quot;:&quot;1&quot;}\" data-image-title=\"OLYMPUS DIGITAL CAMERA\" data-image-description=\"\" data-image-caption=\"\" data-medium-file=\"https:\/\/i0.wp.com\/genevieveetbernardauxameriques.fr\/wp-content\/uploads\/2017\/04\/P4120093.jpg?fit=225%2C300&amp;ssl=1\" data-large-file=\"https:\/\/i0.wp.com\/genevieveetbernardauxameriques.fr\/wp-content\/uploads\/2017\/04\/P4120093.jpg?fit=480%2C640&amp;ssl=1\" \/><\/a>\n\t\t\t<\/dt><\/dl><br style=\"clear: both\" \/><dl class='gallery-item'>\n\t\t\t<dt class='gallery-icon landscape'>\n\t\t\t\t<a href='https:\/\/genevieveetbernardauxameriques.fr\/index.php\/2017\/04\/18\/colombie-3eme-article-de-medellin-a-bogota\/olympus-digital-camera-77\/'><img loading=\"lazy\" decoding=\"async\" width=\"640\" height=\"480\" src=\"https:\/\/i0.wp.com\/genevieveetbernardauxameriques.fr\/wp-content\/uploads\/2017\/04\/P4120092.jpg?fit=640%2C480&amp;ssl=1\" class=\"attachment-full size-full\" alt=\"\" srcset=\"https:\/\/i0.wp.com\/genevieveetbernardauxameriques.fr\/wp-content\/uploads\/2017\/04\/P4120092.jpg?w=640&amp;ssl=1 640w, https:\/\/i0.wp.com\/genevieveetbernardauxameriques.fr\/wp-content\/uploads\/2017\/04\/P4120092.jpg?resize=300%2C225&amp;ssl=1 300w\" sizes=\"(max-width: 640px) 100vw, 640px\" data-attachment-id=\"18355\" data-permalink=\"https:\/\/genevieveetbernardauxameriques.fr\/index.php\/2017\/04\/18\/colombie-3eme-article-de-medellin-a-bogota\/olympus-digital-camera-77\/\" data-orig-file=\"https:\/\/i0.wp.com\/genevieveetbernardauxameriques.fr\/wp-content\/uploads\/2017\/04\/P4120092.jpg?fit=640%2C480&amp;ssl=1\" data-orig-size=\"640,480\" data-comments-opened=\"1\" data-image-meta=\"{&quot;aperture&quot;:&quot;5.2&quot;,&quot;credit&quot;:&quot;&quot;,&quot;camera&quot;:&quot;E-M5MarkII&quot;,&quot;caption&quot;:&quot;OLYMPUS DIGITAL CAMERA&quot;,&quot;created_timestamp&quot;:&quot;1492017150&quot;,&quot;copyright&quot;:&quot;&quot;,&quot;focal_length&quot;:&quot;36&quot;,&quot;iso&quot;:&quot;8000&quot;,&quot;shutter_speed&quot;:&quot;0.0125&quot;,&quot;title&quot;:&quot;OLYMPUS DIGITAL CAMERA&quot;,&quot;orientation&quot;:&quot;1&quot;}\" data-image-title=\"OLYMPUS DIGITAL CAMERA\" data-image-description=\"\" data-image-caption=\"\" data-medium-file=\"https:\/\/i0.wp.com\/genevieveetbernardauxameriques.fr\/wp-content\/uploads\/2017\/04\/P4120092.jpg?fit=300%2C225&amp;ssl=1\" data-large-file=\"https:\/\/i0.wp.com\/genevieveetbernardauxameriques.fr\/wp-content\/uploads\/2017\/04\/P4120092.jpg?fit=640%2C480&amp;ssl=1\" \/><\/a>\n\t\t\t<\/dt><\/dl><dl class='gallery-item'>\n\t\t\t<dt class='gallery-icon landscape'>\n\t\t\t\t<a href='https:\/\/genevieveetbernardauxameriques.fr\/index.php\/2017\/04\/18\/colombie-3eme-article-de-medellin-a-bogota\/olympus-digital-camera-71\/'><img loading=\"lazy\" decoding=\"async\" width=\"640\" height=\"480\" src=\"https:\/\/i0.wp.com\/genevieveetbernardauxameriques.fr\/wp-content\/uploads\/2017\/04\/P4120085.jpg?fit=640%2C480&amp;ssl=1\" class=\"attachment-full size-full\" alt=\"\" srcset=\"https:\/\/i0.wp.com\/genevieveetbernardauxameriques.fr\/wp-content\/uploads\/2017\/04\/P4120085.jpg?w=640&amp;ssl=1 640w, https:\/\/i0.wp.com\/genevieveetbernardauxameriques.fr\/wp-content\/uploads\/2017\/04\/P4120085.jpg?resize=300%2C225&amp;ssl=1 300w\" sizes=\"(max-width: 640px) 100vw, 640px\" data-attachment-id=\"18349\" data-permalink=\"https:\/\/genevieveetbernardauxameriques.fr\/index.php\/2017\/04\/18\/colombie-3eme-article-de-medellin-a-bogota\/olympus-digital-camera-71\/\" data-orig-file=\"https:\/\/i0.wp.com\/genevieveetbernardauxameriques.fr\/wp-content\/uploads\/2017\/04\/P4120085.jpg?fit=640%2C480&amp;ssl=1\" data-orig-size=\"640,480\" data-comments-opened=\"1\" data-image-meta=\"{&quot;aperture&quot;:&quot;5.6&quot;,&quot;credit&quot;:&quot;&quot;,&quot;camera&quot;:&quot;E-M5MarkII&quot;,&quot;caption&quot;:&quot;OLYMPUS DIGITAL CAMERA&quot;,&quot;created_timestamp&quot;:&quot;1492017011&quot;,&quot;copyright&quot;:&quot;&quot;,&quot;focal_length&quot;:&quot;45&quot;,&quot;iso&quot;:&quot;8000&quot;,&quot;shutter_speed&quot;:&quot;0.01&quot;,&quot;title&quot;:&quot;OLYMPUS DIGITAL CAMERA&quot;,&quot;orientation&quot;:&quot;1&quot;}\" data-image-title=\"OLYMPUS DIGITAL CAMERA\" data-image-description=\"\" data-image-caption=\"\" data-medium-file=\"https:\/\/i0.wp.com\/genevieveetbernardauxameriques.fr\/wp-content\/uploads\/2017\/04\/P4120085.jpg?fit=300%2C225&amp;ssl=1\" data-large-file=\"https:\/\/i0.wp.com\/genevieveetbernardauxameriques.fr\/wp-content\/uploads\/2017\/04\/P4120085.jpg?fit=640%2C480&amp;ssl=1\" \/><\/a>\n\t\t\t<\/dt><\/dl><dl class='gallery-item'>\n\t\t\t<dt class='gallery-icon landscape'>\n\t\t\t\t<a href='https:\/\/genevieveetbernardauxameriques.fr\/index.php\/2017\/04\/18\/colombie-3eme-article-de-medellin-a-bogota\/olympus-digital-camera-69\/'><img loading=\"lazy\" decoding=\"async\" width=\"640\" height=\"480\" src=\"https:\/\/i0.wp.com\/genevieveetbernardauxameriques.fr\/wp-content\/uploads\/2017\/04\/P4120083.jpg?fit=640%2C480&amp;ssl=1\" class=\"attachment-full size-full\" alt=\"\" srcset=\"https:\/\/i0.wp.com\/genevieveetbernardauxameriques.fr\/wp-content\/uploads\/2017\/04\/P4120083.jpg?w=640&amp;ssl=1 640w, https:\/\/i0.wp.com\/genevieveetbernardauxameriques.fr\/wp-content\/uploads\/2017\/04\/P4120083.jpg?resize=300%2C225&amp;ssl=1 300w\" sizes=\"(max-width: 640px) 100vw, 640px\" data-attachment-id=\"18347\" data-permalink=\"https:\/\/genevieveetbernardauxameriques.fr\/index.php\/2017\/04\/18\/colombie-3eme-article-de-medellin-a-bogota\/olympus-digital-camera-69\/\" data-orig-file=\"https:\/\/i0.wp.com\/genevieveetbernardauxameriques.fr\/wp-content\/uploads\/2017\/04\/P4120083.jpg?fit=640%2C480&amp;ssl=1\" data-orig-size=\"640,480\" data-comments-opened=\"1\" data-image-meta=\"{&quot;aperture&quot;:&quot;5.6&quot;,&quot;credit&quot;:&quot;&quot;,&quot;camera&quot;:&quot;E-M5MarkII&quot;,&quot;caption&quot;:&quot;OLYMPUS DIGITAL CAMERA&quot;,&quot;created_timestamp&quot;:&quot;1492016961&quot;,&quot;copyright&quot;:&quot;&quot;,&quot;focal_length&quot;:&quot;31&quot;,&quot;iso&quot;:&quot;8000&quot;,&quot;shutter_speed&quot;:&quot;0.0125&quot;,&quot;title&quot;:&quot;OLYMPUS DIGITAL CAMERA&quot;,&quot;orientation&quot;:&quot;1&quot;}\" data-image-title=\"OLYMPUS DIGITAL CAMERA\" data-image-description=\"\" data-image-caption=\"\" data-medium-file=\"https:\/\/i0.wp.com\/genevieveetbernardauxameriques.fr\/wp-content\/uploads\/2017\/04\/P4120083.jpg?fit=300%2C225&amp;ssl=1\" data-large-file=\"https:\/\/i0.wp.com\/genevieveetbernardauxameriques.fr\/wp-content\/uploads\/2017\/04\/P4120083.jpg?fit=640%2C480&amp;ssl=1\" \/><\/a>\n\t\t\t<\/dt><\/dl><br style=\"clear: both\" \/><dl class='gallery-item'>\n\t\t\t<dt class='gallery-icon portrait'>\n\t\t\t\t<a href='https:\/\/genevieveetbernardauxameriques.fr\/index.php\/2017\/04\/18\/colombie-3eme-article-de-medellin-a-bogota\/olympus-digital-camera-74\/'><img loading=\"lazy\" decoding=\"async\" width=\"480\" height=\"640\" src=\"https:\/\/i0.wp.com\/genevieveetbernardauxameriques.fr\/wp-content\/uploads\/2017\/04\/P4120089.jpg?fit=480%2C640&amp;ssl=1\" class=\"attachment-full size-full\" alt=\"\" srcset=\"https:\/\/i0.wp.com\/genevieveetbernardauxameriques.fr\/wp-content\/uploads\/2017\/04\/P4120089.jpg?w=480&amp;ssl=1 480w, https:\/\/i0.wp.com\/genevieveetbernardauxameriques.fr\/wp-content\/uploads\/2017\/04\/P4120089.jpg?resize=225%2C300&amp;ssl=1 225w\" sizes=\"(max-width: 480px) 100vw, 480px\" data-attachment-id=\"18352\" data-permalink=\"https:\/\/genevieveetbernardauxameriques.fr\/index.php\/2017\/04\/18\/colombie-3eme-article-de-medellin-a-bogota\/olympus-digital-camera-74\/\" data-orig-file=\"https:\/\/i0.wp.com\/genevieveetbernardauxameriques.fr\/wp-content\/uploads\/2017\/04\/P4120089.jpg?fit=480%2C640&amp;ssl=1\" data-orig-size=\"480,640\" data-comments-opened=\"1\" data-image-meta=\"{&quot;aperture&quot;:&quot;5&quot;,&quot;credit&quot;:&quot;&quot;,&quot;camera&quot;:&quot;E-M5MarkII&quot;,&quot;caption&quot;:&quot;OLYMPUS DIGITAL CAMERA&quot;,&quot;created_timestamp&quot;:&quot;1492017085&quot;,&quot;copyright&quot;:&quot;&quot;,&quot;focal_length&quot;:&quot;31&quot;,&quot;iso&quot;:&quot;8000&quot;,&quot;shutter_speed&quot;:&quot;0.016666666666667&quot;,&quot;title&quot;:&quot;OLYMPUS DIGITAL CAMERA&quot;,&quot;orientation&quot;:&quot;1&quot;}\" data-image-title=\"OLYMPUS DIGITAL CAMERA\" data-image-description=\"\" data-image-caption=\"\" data-medium-file=\"https:\/\/i0.wp.com\/genevieveetbernardauxameriques.fr\/wp-content\/uploads\/2017\/04\/P4120089.jpg?fit=225%2C300&amp;ssl=1\" data-large-file=\"https:\/\/i0.wp.com\/genevieveetbernardauxameriques.fr\/wp-content\/uploads\/2017\/04\/P4120089.jpg?fit=480%2C640&amp;ssl=1\" \/><\/a>\n\t\t\t<\/dt><\/dl><dl class='gallery-item'>\n\t\t\t<dt class='gallery-icon portrait'>\n\t\t\t\t<a href='https:\/\/genevieveetbernardauxameriques.fr\/index.php\/2017\/04\/18\/colombie-3eme-article-de-medellin-a-bogota\/olympus-digital-camera-75\/'><img loading=\"lazy\" decoding=\"async\" width=\"480\" height=\"640\" src=\"https:\/\/i0.wp.com\/genevieveetbernardauxameriques.fr\/wp-content\/uploads\/2017\/04\/P4120090.jpg?fit=480%2C640&amp;ssl=1\" class=\"attachment-full size-full\" alt=\"\" srcset=\"https:\/\/i0.wp.com\/genevieveetbernardauxameriques.fr\/wp-content\/uploads\/2017\/04\/P4120090.jpg?w=480&amp;ssl=1 480w, https:\/\/i0.wp.com\/genevieveetbernardauxameriques.fr\/wp-content\/uploads\/2017\/04\/P4120090.jpg?resize=225%2C300&amp;ssl=1 225w\" sizes=\"(max-width: 480px) 100vw, 480px\" data-attachment-id=\"18353\" data-permalink=\"https:\/\/genevieveetbernardauxameriques.fr\/index.php\/2017\/04\/18\/colombie-3eme-article-de-medellin-a-bogota\/olympus-digital-camera-75\/\" data-orig-file=\"https:\/\/i0.wp.com\/genevieveetbernardauxameriques.fr\/wp-content\/uploads\/2017\/04\/P4120090.jpg?fit=480%2C640&amp;ssl=1\" data-orig-size=\"480,640\" data-comments-opened=\"1\" data-image-meta=\"{&quot;aperture&quot;:&quot;5.2&quot;,&quot;credit&quot;:&quot;&quot;,&quot;camera&quot;:&quot;E-M5MarkII&quot;,&quot;caption&quot;:&quot;OLYMPUS DIGITAL CAMERA&quot;,&quot;created_timestamp&quot;:&quot;1492017106&quot;,&quot;copyright&quot;:&quot;&quot;,&quot;focal_length&quot;:&quot;36&quot;,&quot;iso&quot;:&quot;8000&quot;,&quot;shutter_speed&quot;:&quot;0.0125&quot;,&quot;title&quot;:&quot;OLYMPUS DIGITAL CAMERA&quot;,&quot;orientation&quot;:&quot;1&quot;}\" data-image-title=\"OLYMPUS DIGITAL CAMERA\" data-image-description=\"\" data-image-caption=\"\" data-medium-file=\"https:\/\/i0.wp.com\/genevieveetbernardauxameriques.fr\/wp-content\/uploads\/2017\/04\/P4120090.jpg?fit=225%2C300&amp;ssl=1\" data-large-file=\"https:\/\/i0.wp.com\/genevieveetbernardauxameriques.fr\/wp-content\/uploads\/2017\/04\/P4120090.jpg?fit=480%2C640&amp;ssl=1\" \/><\/a>\n\t\t\t<\/dt><\/dl><dl class='gallery-item'>\n\t\t\t<dt class='gallery-icon portrait'>\n\t\t\t\t<a href='https:\/\/genevieveetbernardauxameriques.fr\/index.php\/2017\/04\/18\/colombie-3eme-article-de-medellin-a-bogota\/olympus-digital-camera-76\/'><img loading=\"lazy\" decoding=\"async\" width=\"480\" height=\"640\" src=\"https:\/\/i0.wp.com\/genevieveetbernardauxameriques.fr\/wp-content\/uploads\/2017\/04\/P4120091.jpg?fit=480%2C640&amp;ssl=1\" class=\"attachment-full size-full\" alt=\"\" srcset=\"https:\/\/i0.wp.com\/genevieveetbernardauxameriques.fr\/wp-content\/uploads\/2017\/04\/P4120091.jpg?w=480&amp;ssl=1 480w, https:\/\/i0.wp.com\/genevieveetbernardauxameriques.fr\/wp-content\/uploads\/2017\/04\/P4120091.jpg?resize=225%2C300&amp;ssl=1 225w\" sizes=\"(max-width: 480px) 100vw, 480px\" data-attachment-id=\"18354\" data-permalink=\"https:\/\/genevieveetbernardauxameriques.fr\/index.php\/2017\/04\/18\/colombie-3eme-article-de-medellin-a-bogota\/olympus-digital-camera-76\/\" data-orig-file=\"https:\/\/i0.wp.com\/genevieveetbernardauxameriques.fr\/wp-content\/uploads\/2017\/04\/P4120091.jpg?fit=480%2C640&amp;ssl=1\" data-orig-size=\"480,640\" data-comments-opened=\"1\" data-image-meta=\"{&quot;aperture&quot;:&quot;5.2&quot;,&quot;credit&quot;:&quot;&quot;,&quot;camera&quot;:&quot;E-M5MarkII&quot;,&quot;caption&quot;:&quot;OLYMPUS DIGITAL CAMERA&quot;,&quot;created_timestamp&quot;:&quot;1492017123&quot;,&quot;copyright&quot;:&quot;&quot;,&quot;focal_length&quot;:&quot;36&quot;,&quot;iso&quot;:&quot;8000&quot;,&quot;shutter_speed&quot;:&quot;0.016666666666667&quot;,&quot;title&quot;:&quot;OLYMPUS DIGITAL CAMERA&quot;,&quot;orientation&quot;:&quot;1&quot;}\" data-image-title=\"OLYMPUS DIGITAL CAMERA\" data-image-description=\"\" data-image-caption=\"\" data-medium-file=\"https:\/\/i0.wp.com\/genevieveetbernardauxameriques.fr\/wp-content\/uploads\/2017\/04\/P4120091.jpg?fit=225%2C300&amp;ssl=1\" data-large-file=\"https:\/\/i0.wp.com\/genevieveetbernardauxameriques.fr\/wp-content\/uploads\/2017\/04\/P4120091.jpg?fit=480%2C640&amp;ssl=1\" \/><\/a>\n\t\t\t<\/dt><\/dl><br style=\"clear: both\" \/><dl class='gallery-item'>\n\t\t\t<dt class='gallery-icon portrait'>\n\t\t\t\t<a href='https:\/\/genevieveetbernardauxameriques.fr\/index.php\/2017\/04\/18\/colombie-3eme-article-de-medellin-a-bogota\/olympus-digital-camera-72\/'><img loading=\"lazy\" decoding=\"async\" width=\"480\" height=\"640\" src=\"https:\/\/i0.wp.com\/genevieveetbernardauxameriques.fr\/wp-content\/uploads\/2017\/04\/P4120086.jpg?fit=480%2C640&amp;ssl=1\" class=\"attachment-full size-full\" alt=\"\" srcset=\"https:\/\/i0.wp.com\/genevieveetbernardauxameriques.fr\/wp-content\/uploads\/2017\/04\/P4120086.jpg?w=480&amp;ssl=1 480w, https:\/\/i0.wp.com\/genevieveetbernardauxameriques.fr\/wp-content\/uploads\/2017\/04\/P4120086.jpg?resize=225%2C300&amp;ssl=1 225w\" sizes=\"(max-width: 480px) 100vw, 480px\" data-attachment-id=\"18350\" data-permalink=\"https:\/\/genevieveetbernardauxameriques.fr\/index.php\/2017\/04\/18\/colombie-3eme-article-de-medellin-a-bogota\/olympus-digital-camera-72\/\" data-orig-file=\"https:\/\/i0.wp.com\/genevieveetbernardauxameriques.fr\/wp-content\/uploads\/2017\/04\/P4120086.jpg?fit=480%2C640&amp;ssl=1\" data-orig-size=\"480,640\" data-comments-opened=\"1\" data-image-meta=\"{&quot;aperture&quot;:&quot;6.3&quot;,&quot;credit&quot;:&quot;&quot;,&quot;camera&quot;:&quot;E-M5MarkII&quot;,&quot;caption&quot;:&quot;OLYMPUS DIGITAL CAMERA&quot;,&quot;created_timestamp&quot;:&quot;1492017032&quot;,&quot;copyright&quot;:&quot;&quot;,&quot;focal_length&quot;:&quot;29&quot;,&quot;iso&quot;:&quot;8000&quot;,&quot;shutter_speed&quot;:&quot;0.01&quot;,&quot;title&quot;:&quot;OLYMPUS DIGITAL CAMERA&quot;,&quot;orientation&quot;:&quot;1&quot;}\" data-image-title=\"OLYMPUS DIGITAL CAMERA\" data-image-description=\"\" data-image-caption=\"\" data-medium-file=\"https:\/\/i0.wp.com\/genevieveetbernardauxameriques.fr\/wp-content\/uploads\/2017\/04\/P4120086.jpg?fit=225%2C300&amp;ssl=1\" data-large-file=\"https:\/\/i0.wp.com\/genevieveetbernardauxameriques.fr\/wp-content\/uploads\/2017\/04\/P4120086.jpg?fit=480%2C640&amp;ssl=1\" \/><\/a>\n\t\t\t<\/dt><\/dl><dl class='gallery-item'>\n\t\t\t<dt class='gallery-icon portrait'>\n\t\t\t\t<a href='https:\/\/genevieveetbernardauxameriques.fr\/index.php\/2017\/04\/18\/colombie-3eme-article-de-medellin-a-bogota\/olympus-digital-camera-68\/'><img loading=\"lazy\" decoding=\"async\" width=\"480\" height=\"640\" src=\"https:\/\/i0.wp.com\/genevieveetbernardauxameriques.fr\/wp-content\/uploads\/2017\/04\/P4120081.jpg?fit=480%2C640&amp;ssl=1\" class=\"attachment-full size-full\" alt=\"\" srcset=\"https:\/\/i0.wp.com\/genevieveetbernardauxameriques.fr\/wp-content\/uploads\/2017\/04\/P4120081.jpg?w=480&amp;ssl=1 480w, https:\/\/i0.wp.com\/genevieveetbernardauxameriques.fr\/wp-content\/uploads\/2017\/04\/P4120081.jpg?resize=225%2C300&amp;ssl=1 225w\" sizes=\"(max-width: 480px) 100vw, 480px\" data-attachment-id=\"18346\" data-permalink=\"https:\/\/genevieveetbernardauxameriques.fr\/index.php\/2017\/04\/18\/colombie-3eme-article-de-medellin-a-bogota\/olympus-digital-camera-68\/\" data-orig-file=\"https:\/\/i0.wp.com\/genevieveetbernardauxameriques.fr\/wp-content\/uploads\/2017\/04\/P4120081.jpg?fit=480%2C640&amp;ssl=1\" data-orig-size=\"480,640\" data-comments-opened=\"1\" data-image-meta=\"{&quot;aperture&quot;:&quot;5.5&quot;,&quot;credit&quot;:&quot;&quot;,&quot;camera&quot;:&quot;E-M5MarkII&quot;,&quot;caption&quot;:&quot;OLYMPUS DIGITAL CAMERA&quot;,&quot;created_timestamp&quot;:&quot;1492016535&quot;,&quot;copyright&quot;:&quot;&quot;,&quot;focal_length&quot;:&quot;63&quot;,&quot;iso&quot;:&quot;8000&quot;,&quot;shutter_speed&quot;:&quot;0.01&quot;,&quot;title&quot;:&quot;OLYMPUS DIGITAL CAMERA&quot;,&quot;orientation&quot;:&quot;1&quot;}\" data-image-title=\"OLYMPUS DIGITAL CAMERA\" data-image-description=\"\" data-image-caption=\"\" data-medium-file=\"https:\/\/i0.wp.com\/genevieveetbernardauxameriques.fr\/wp-content\/uploads\/2017\/04\/P4120081.jpg?fit=225%2C300&amp;ssl=1\" data-large-file=\"https:\/\/i0.wp.com\/genevieveetbernardauxameriques.fr\/wp-content\/uploads\/2017\/04\/P4120081.jpg?fit=480%2C640&amp;ssl=1\" \/><\/a>\n\t\t\t<\/dt><\/dl><dl class='gallery-item'>\n\t\t\t<dt class='gallery-icon portrait'>\n\t\t\t\t<a href='https:\/\/genevieveetbernardauxameriques.fr\/index.php\/2017\/04\/18\/colombie-3eme-article-de-medellin-a-bogota\/olympus-digital-camera-67\/'><img loading=\"lazy\" decoding=\"async\" width=\"480\" height=\"640\" src=\"https:\/\/i0.wp.com\/genevieveetbernardauxameriques.fr\/wp-content\/uploads\/2017\/04\/P4120080.jpg?fit=480%2C640&amp;ssl=1\" class=\"attachment-full size-full\" alt=\"\" srcset=\"https:\/\/i0.wp.com\/genevieveetbernardauxameriques.fr\/wp-content\/uploads\/2017\/04\/P4120080.jpg?w=480&amp;ssl=1 480w, https:\/\/i0.wp.com\/genevieveetbernardauxameriques.fr\/wp-content\/uploads\/2017\/04\/P4120080.jpg?resize=225%2C300&amp;ssl=1 225w\" sizes=\"(max-width: 480px) 100vw, 480px\" data-attachment-id=\"18345\" data-permalink=\"https:\/\/genevieveetbernardauxameriques.fr\/index.php\/2017\/04\/18\/colombie-3eme-article-de-medellin-a-bogota\/olympus-digital-camera-67\/\" data-orig-file=\"https:\/\/i0.wp.com\/genevieveetbernardauxameriques.fr\/wp-content\/uploads\/2017\/04\/P4120080.jpg?fit=480%2C640&amp;ssl=1\" data-orig-size=\"480,640\" data-comments-opened=\"1\" data-image-meta=\"{&quot;aperture&quot;:&quot;5.5&quot;,&quot;credit&quot;:&quot;&quot;,&quot;camera&quot;:&quot;E-M5MarkII&quot;,&quot;caption&quot;:&quot;OLYMPUS DIGITAL CAMERA&quot;,&quot;created_timestamp&quot;:&quot;1492016510&quot;,&quot;copyright&quot;:&quot;&quot;,&quot;focal_length&quot;:&quot;49&quot;,&quot;iso&quot;:&quot;8000&quot;,&quot;shutter_speed&quot;:&quot;0.016666666666667&quot;,&quot;title&quot;:&quot;OLYMPUS DIGITAL CAMERA&quot;,&quot;orientation&quot;:&quot;1&quot;}\" data-image-title=\"OLYMPUS DIGITAL CAMERA\" data-image-description=\"\" data-image-caption=\"\" data-medium-file=\"https:\/\/i0.wp.com\/genevieveetbernardauxameriques.fr\/wp-content\/uploads\/2017\/04\/P4120080.jpg?fit=225%2C300&amp;ssl=1\" data-large-file=\"https:\/\/i0.wp.com\/genevieveetbernardauxameriques.fr\/wp-content\/uploads\/2017\/04\/P4120080.jpg?fit=480%2C640&amp;ssl=1\" \/><\/a>\n\t\t\t<\/dt><\/dl><br style=\"clear: both\" \/><dl class='gallery-item'>\n\t\t\t<dt class='gallery-icon landscape'>\n\t\t\t\t<a href='https:\/\/genevieveetbernardauxameriques.fr\/index.php\/2017\/04\/18\/colombie-3eme-article-de-medellin-a-bogota\/olympus-digital-camera-66\/'><img loading=\"lazy\" decoding=\"async\" width=\"640\" height=\"480\" src=\"https:\/\/i0.wp.com\/genevieveetbernardauxameriques.fr\/wp-content\/uploads\/2017\/04\/P4120079.jpg?fit=640%2C480&amp;ssl=1\" class=\"attachment-full size-full\" alt=\"\" srcset=\"https:\/\/i0.wp.com\/genevieveetbernardauxameriques.fr\/wp-content\/uploads\/2017\/04\/P4120079.jpg?w=640&amp;ssl=1 640w, https:\/\/i0.wp.com\/genevieveetbernardauxameriques.fr\/wp-content\/uploads\/2017\/04\/P4120079.jpg?resize=300%2C225&amp;ssl=1 300w\" sizes=\"(max-width: 640px) 100vw, 640px\" data-attachment-id=\"18344\" data-permalink=\"https:\/\/genevieveetbernardauxameriques.fr\/index.php\/2017\/04\/18\/colombie-3eme-article-de-medellin-a-bogota\/olympus-digital-camera-66\/\" data-orig-file=\"https:\/\/i0.wp.com\/genevieveetbernardauxameriques.fr\/wp-content\/uploads\/2017\/04\/P4120079.jpg?fit=640%2C480&amp;ssl=1\" data-orig-size=\"640,480\" data-comments-opened=\"1\" data-image-meta=\"{&quot;aperture&quot;:&quot;6.3&quot;,&quot;credit&quot;:&quot;&quot;,&quot;camera&quot;:&quot;E-M5MarkII&quot;,&quot;caption&quot;:&quot;OLYMPUS DIGITAL CAMERA&quot;,&quot;created_timestamp&quot;:&quot;1492016475&quot;,&quot;copyright&quot;:&quot;&quot;,&quot;focal_length&quot;:&quot;54&quot;,&quot;iso&quot;:&quot;8000&quot;,&quot;shutter_speed&quot;:&quot;0.00625&quot;,&quot;title&quot;:&quot;OLYMPUS DIGITAL CAMERA&quot;,&quot;orientation&quot;:&quot;1&quot;}\" data-image-title=\"OLYMPUS DIGITAL CAMERA\" data-image-description=\"\" data-image-caption=\"\" data-medium-file=\"https:\/\/i0.wp.com\/genevieveetbernardauxameriques.fr\/wp-content\/uploads\/2017\/04\/P4120079.jpg?fit=300%2C225&amp;ssl=1\" data-large-file=\"https:\/\/i0.wp.com\/genevieveetbernardauxameriques.fr\/wp-content\/uploads\/2017\/04\/P4120079.jpg?fit=640%2C480&amp;ssl=1\" \/><\/a>\n\t\t\t<\/dt><\/dl><dl class='gallery-item'>\n\t\t\t<dt class='gallery-icon landscape'>\n\t\t\t\t<a href='https:\/\/genevieveetbernardauxameriques.fr\/index.php\/2017\/04\/18\/colombie-3eme-article-de-medellin-a-bogota\/olympus-digital-camera-65\/'><img loading=\"lazy\" decoding=\"async\" width=\"640\" height=\"480\" src=\"https:\/\/i0.wp.com\/genevieveetbernardauxameriques.fr\/wp-content\/uploads\/2017\/04\/P4120078.jpg?fit=640%2C480&amp;ssl=1\" class=\"attachment-full size-full\" alt=\"\" srcset=\"https:\/\/i0.wp.com\/genevieveetbernardauxameriques.fr\/wp-content\/uploads\/2017\/04\/P4120078.jpg?w=640&amp;ssl=1 640w, https:\/\/i0.wp.com\/genevieveetbernardauxameriques.fr\/wp-content\/uploads\/2017\/04\/P4120078.jpg?resize=300%2C225&amp;ssl=1 300w\" sizes=\"(max-width: 640px) 100vw, 640px\" data-attachment-id=\"18343\" data-permalink=\"https:\/\/genevieveetbernardauxameriques.fr\/index.php\/2017\/04\/18\/colombie-3eme-article-de-medellin-a-bogota\/olympus-digital-camera-65\/\" data-orig-file=\"https:\/\/i0.wp.com\/genevieveetbernardauxameriques.fr\/wp-content\/uploads\/2017\/04\/P4120078.jpg?fit=640%2C480&amp;ssl=1\" data-orig-size=\"640,480\" data-comments-opened=\"1\" data-image-meta=\"{&quot;aperture&quot;:&quot;5.6&quot;,&quot;credit&quot;:&quot;&quot;,&quot;camera&quot;:&quot;E-M5MarkII&quot;,&quot;caption&quot;:&quot;OLYMPUS DIGITAL CAMERA&quot;,&quot;created_timestamp&quot;:&quot;1492016451&quot;,&quot;copyright&quot;:&quot;&quot;,&quot;focal_length&quot;:&quot;67&quot;,&quot;iso&quot;:&quot;8000&quot;,&quot;shutter_speed&quot;:&quot;0.00625&quot;,&quot;title&quot;:&quot;OLYMPUS DIGITAL CAMERA&quot;,&quot;orientation&quot;:&quot;1&quot;}\" data-image-title=\"OLYMPUS DIGITAL CAMERA\" data-image-description=\"\" data-image-caption=\"\" data-medium-file=\"https:\/\/i0.wp.com\/genevieveetbernardauxameriques.fr\/wp-content\/uploads\/2017\/04\/P4120078.jpg?fit=300%2C225&amp;ssl=1\" data-large-file=\"https:\/\/i0.wp.com\/genevieveetbernardauxameriques.fr\/wp-content\/uploads\/2017\/04\/P4120078.jpg?fit=640%2C480&amp;ssl=1\" \/><\/a>\n\t\t\t<\/dt><\/dl><dl class='gallery-item'>\n\t\t\t<dt class='gallery-icon landscape'>\n\t\t\t\t<a href='https:\/\/genevieveetbernardauxameriques.fr\/index.php\/2017\/04\/18\/colombie-3eme-article-de-medellin-a-bogota\/olympus-digital-camera-63\/'><img loading=\"lazy\" decoding=\"async\" width=\"640\" height=\"480\" src=\"https:\/\/i0.wp.com\/genevieveetbernardauxameriques.fr\/wp-content\/uploads\/2017\/04\/P4120076.jpg?fit=640%2C480&amp;ssl=1\" class=\"attachment-full size-full\" alt=\"\" srcset=\"https:\/\/i0.wp.com\/genevieveetbernardauxameriques.fr\/wp-content\/uploads\/2017\/04\/P4120076.jpg?w=640&amp;ssl=1 640w, https:\/\/i0.wp.com\/genevieveetbernardauxameriques.fr\/wp-content\/uploads\/2017\/04\/P4120076.jpg?resize=300%2C225&amp;ssl=1 300w\" sizes=\"(max-width: 640px) 100vw, 640px\" data-attachment-id=\"18341\" data-permalink=\"https:\/\/genevieveetbernardauxameriques.fr\/index.php\/2017\/04\/18\/colombie-3eme-article-de-medellin-a-bogota\/olympus-digital-camera-63\/\" data-orig-file=\"https:\/\/i0.wp.com\/genevieveetbernardauxameriques.fr\/wp-content\/uploads\/2017\/04\/P4120076.jpg?fit=640%2C480&amp;ssl=1\" data-orig-size=\"640,480\" data-comments-opened=\"1\" data-image-meta=\"{&quot;aperture&quot;:&quot;5.6&quot;,&quot;credit&quot;:&quot;&quot;,&quot;camera&quot;:&quot;E-M5MarkII&quot;,&quot;caption&quot;:&quot;OLYMPUS DIGITAL CAMERA&quot;,&quot;created_timestamp&quot;:&quot;1492016413&quot;,&quot;copyright&quot;:&quot;&quot;,&quot;focal_length&quot;:&quot;54&quot;,&quot;iso&quot;:&quot;8000&quot;,&quot;shutter_speed&quot;:&quot;0.008&quot;,&quot;title&quot;:&quot;OLYMPUS DIGITAL CAMERA&quot;,&quot;orientation&quot;:&quot;1&quot;}\" data-image-title=\"OLYMPUS DIGITAL CAMERA\" data-image-description=\"\" data-image-caption=\"\" data-medium-file=\"https:\/\/i0.wp.com\/genevieveetbernardauxameriques.fr\/wp-content\/uploads\/2017\/04\/P4120076.jpg?fit=300%2C225&amp;ssl=1\" data-large-file=\"https:\/\/i0.wp.com\/genevieveetbernardauxameriques.fr\/wp-content\/uploads\/2017\/04\/P4120076.jpg?fit=640%2C480&amp;ssl=1\" \/><\/a>\n\t\t\t<\/dt><\/dl><br style=\"clear: both\" \/><dl class='gallery-item'>\n\t\t\t<dt class='gallery-icon portrait'>\n\t\t\t\t<a href='https:\/\/genevieveetbernardauxameriques.fr\/index.php\/2017\/04\/18\/colombie-3eme-article-de-medellin-a-bogota\/olympus-digital-camera-57\/'><img loading=\"lazy\" decoding=\"async\" width=\"480\" height=\"640\" src=\"https:\/\/i0.wp.com\/genevieveetbernardauxameriques.fr\/wp-content\/uploads\/2017\/04\/P4120070.jpg?fit=480%2C640&amp;ssl=1\" class=\"attachment-full size-full\" alt=\"\" srcset=\"https:\/\/i0.wp.com\/genevieveetbernardauxameriques.fr\/wp-content\/uploads\/2017\/04\/P4120070.jpg?w=480&amp;ssl=1 480w, https:\/\/i0.wp.com\/genevieveetbernardauxameriques.fr\/wp-content\/uploads\/2017\/04\/P4120070.jpg?resize=225%2C300&amp;ssl=1 225w\" sizes=\"(max-width: 480px) 100vw, 480px\" data-attachment-id=\"18335\" data-permalink=\"https:\/\/genevieveetbernardauxameriques.fr\/index.php\/2017\/04\/18\/colombie-3eme-article-de-medellin-a-bogota\/olympus-digital-camera-57\/\" data-orig-file=\"https:\/\/i0.wp.com\/genevieveetbernardauxameriques.fr\/wp-content\/uploads\/2017\/04\/P4120070.jpg?fit=480%2C640&amp;ssl=1\" data-orig-size=\"480,640\" data-comments-opened=\"1\" data-image-meta=\"{&quot;aperture&quot;:&quot;5.6&quot;,&quot;credit&quot;:&quot;&quot;,&quot;camera&quot;:&quot;E-M5MarkII&quot;,&quot;caption&quot;:&quot;OLYMPUS DIGITAL CAMERA&quot;,&quot;created_timestamp&quot;:&quot;1492016190&quot;,&quot;copyright&quot;:&quot;&quot;,&quot;focal_length&quot;:&quot;36&quot;,&quot;iso&quot;:&quot;8000&quot;,&quot;shutter_speed&quot;:&quot;0.0125&quot;,&quot;title&quot;:&quot;OLYMPUS DIGITAL CAMERA&quot;,&quot;orientation&quot;:&quot;1&quot;}\" data-image-title=\"OLYMPUS DIGITAL CAMERA\" data-image-description=\"\" data-image-caption=\"\" data-medium-file=\"https:\/\/i0.wp.com\/genevieveetbernardauxameriques.fr\/wp-content\/uploads\/2017\/04\/P4120070.jpg?fit=225%2C300&amp;ssl=1\" data-large-file=\"https:\/\/i0.wp.com\/genevieveetbernardauxameriques.fr\/wp-content\/uploads\/2017\/04\/P4120070.jpg?fit=480%2C640&amp;ssl=1\" \/><\/a>\n\t\t\t<\/dt><\/dl><dl class='gallery-item'>\n\t\t\t<dt class='gallery-icon portrait'>\n\t\t\t\t<a href='https:\/\/genevieveetbernardauxameriques.fr\/index.php\/2017\/04\/18\/colombie-3eme-article-de-medellin-a-bogota\/olympus-digital-camera-62\/'><img loading=\"lazy\" decoding=\"async\" width=\"480\" height=\"640\" src=\"https:\/\/i0.wp.com\/genevieveetbernardauxameriques.fr\/wp-content\/uploads\/2017\/04\/P4120075.jpg?fit=480%2C640&amp;ssl=1\" class=\"attachment-full size-full\" alt=\"\" srcset=\"https:\/\/i0.wp.com\/genevieveetbernardauxameriques.fr\/wp-content\/uploads\/2017\/04\/P4120075.jpg?w=480&amp;ssl=1 480w, https:\/\/i0.wp.com\/genevieveetbernardauxameriques.fr\/wp-content\/uploads\/2017\/04\/P4120075.jpg?resize=225%2C300&amp;ssl=1 225w\" sizes=\"(max-width: 480px) 100vw, 480px\" data-attachment-id=\"18340\" data-permalink=\"https:\/\/genevieveetbernardauxameriques.fr\/index.php\/2017\/04\/18\/colombie-3eme-article-de-medellin-a-bogota\/olympus-digital-camera-62\/\" data-orig-file=\"https:\/\/i0.wp.com\/genevieveetbernardauxameriques.fr\/wp-content\/uploads\/2017\/04\/P4120075.jpg?fit=480%2C640&amp;ssl=1\" data-orig-size=\"480,640\" data-comments-opened=\"1\" data-image-meta=\"{&quot;aperture&quot;:&quot;8&quot;,&quot;credit&quot;:&quot;&quot;,&quot;camera&quot;:&quot;E-M5MarkII&quot;,&quot;caption&quot;:&quot;OLYMPUS DIGITAL CAMERA&quot;,&quot;created_timestamp&quot;:&quot;1492016400&quot;,&quot;copyright&quot;:&quot;&quot;,&quot;focal_length&quot;:&quot;63&quot;,&quot;iso&quot;:&quot;8000&quot;,&quot;shutter_speed&quot;:&quot;0.003125&quot;,&quot;title&quot;:&quot;OLYMPUS DIGITAL CAMERA&quot;,&quot;orientation&quot;:&quot;1&quot;}\" data-image-title=\"OLYMPUS DIGITAL CAMERA\" data-image-description=\"\" data-image-caption=\"\" data-medium-file=\"https:\/\/i0.wp.com\/genevieveetbernardauxameriques.fr\/wp-content\/uploads\/2017\/04\/P4120075.jpg?fit=225%2C300&amp;ssl=1\" data-large-file=\"https:\/\/i0.wp.com\/genevieveetbernardauxameriques.fr\/wp-content\/uploads\/2017\/04\/P4120075.jpg?fit=480%2C640&amp;ssl=1\" \/><\/a>\n\t\t\t<\/dt><\/dl><dl class='gallery-item'>\n\t\t\t<dt class='gallery-icon portrait'>\n\t\t\t\t<a href='https:\/\/genevieveetbernardauxameriques.fr\/index.php\/2017\/04\/18\/colombie-3eme-article-de-medellin-a-bogota\/olympus-digital-camera-61\/'><img loading=\"lazy\" decoding=\"async\" width=\"480\" height=\"640\" src=\"https:\/\/i0.wp.com\/genevieveetbernardauxameriques.fr\/wp-content\/uploads\/2017\/04\/P4120074.jpg?fit=480%2C640&amp;ssl=1\" class=\"attachment-full size-full\" alt=\"\" srcset=\"https:\/\/i0.wp.com\/genevieveetbernardauxameriques.fr\/wp-content\/uploads\/2017\/04\/P4120074.jpg?w=480&amp;ssl=1 480w, https:\/\/i0.wp.com\/genevieveetbernardauxameriques.fr\/wp-content\/uploads\/2017\/04\/P4120074.jpg?resize=225%2C300&amp;ssl=1 225w\" sizes=\"(max-width: 480px) 100vw, 480px\" data-attachment-id=\"18339\" data-permalink=\"https:\/\/genevieveetbernardauxameriques.fr\/index.php\/2017\/04\/18\/colombie-3eme-article-de-medellin-a-bogota\/olympus-digital-camera-61\/\" data-orig-file=\"https:\/\/i0.wp.com\/genevieveetbernardauxameriques.fr\/wp-content\/uploads\/2017\/04\/P4120074.jpg?fit=480%2C640&amp;ssl=1\" data-orig-size=\"480,640\" data-comments-opened=\"1\" data-image-meta=\"{&quot;aperture&quot;:&quot;5.6&quot;,&quot;credit&quot;:&quot;&quot;,&quot;camera&quot;:&quot;E-M5MarkII&quot;,&quot;caption&quot;:&quot;OLYMPUS DIGITAL CAMERA&quot;,&quot;created_timestamp&quot;:&quot;1492016382&quot;,&quot;copyright&quot;:&quot;&quot;,&quot;focal_length&quot;:&quot;63&quot;,&quot;iso&quot;:&quot;8000&quot;,&quot;shutter_speed&quot;:&quot;0.008&quot;,&quot;title&quot;:&quot;OLYMPUS DIGITAL CAMERA&quot;,&quot;orientation&quot;:&quot;1&quot;}\" data-image-title=\"OLYMPUS DIGITAL CAMERA\" data-image-description=\"\" data-image-caption=\"\" data-medium-file=\"https:\/\/i0.wp.com\/genevieveetbernardauxameriques.fr\/wp-content\/uploads\/2017\/04\/P4120074.jpg?fit=225%2C300&amp;ssl=1\" data-large-file=\"https:\/\/i0.wp.com\/genevieveetbernardauxameriques.fr\/wp-content\/uploads\/2017\/04\/P4120074.jpg?fit=480%2C640&amp;ssl=1\" \/><\/a>\n\t\t\t<\/dt><\/dl><br style=\"clear: both\" \/><dl class='gallery-item'>\n\t\t\t<dt class='gallery-icon landscape'>\n\t\t\t\t<a href='https:\/\/genevieveetbernardauxameriques.fr\/index.php\/2017\/04\/18\/colombie-3eme-article-de-medellin-a-bogota\/olympus-digital-camera-60\/'><img loading=\"lazy\" decoding=\"async\" width=\"640\" height=\"480\" src=\"https:\/\/i0.wp.com\/genevieveetbernardauxameriques.fr\/wp-content\/uploads\/2017\/04\/P4120073.jpg?fit=640%2C480&amp;ssl=1\" class=\"attachment-full size-full\" alt=\"\" srcset=\"https:\/\/i0.wp.com\/genevieveetbernardauxameriques.fr\/wp-content\/uploads\/2017\/04\/P4120073.jpg?w=640&amp;ssl=1 640w, https:\/\/i0.wp.com\/genevieveetbernardauxameriques.fr\/wp-content\/uploads\/2017\/04\/P4120073.jpg?resize=300%2C225&amp;ssl=1 300w\" sizes=\"(max-width: 640px) 100vw, 640px\" data-attachment-id=\"18338\" data-permalink=\"https:\/\/genevieveetbernardauxameriques.fr\/index.php\/2017\/04\/18\/colombie-3eme-article-de-medellin-a-bogota\/olympus-digital-camera-60\/\" data-orig-file=\"https:\/\/i0.wp.com\/genevieveetbernardauxameriques.fr\/wp-content\/uploads\/2017\/04\/P4120073.jpg?fit=640%2C480&amp;ssl=1\" data-orig-size=\"640,480\" data-comments-opened=\"1\" data-image-meta=\"{&quot;aperture&quot;:&quot;5.6&quot;,&quot;credit&quot;:&quot;&quot;,&quot;camera&quot;:&quot;E-M5MarkII&quot;,&quot;caption&quot;:&quot;OLYMPUS DIGITAL CAMERA&quot;,&quot;created_timestamp&quot;:&quot;1492016354&quot;,&quot;copyright&quot;:&quot;&quot;,&quot;focal_length&quot;:&quot;56&quot;,&quot;iso&quot;:&quot;8000&quot;,&quot;shutter_speed&quot;:&quot;0.008&quot;,&quot;title&quot;:&quot;OLYMPUS DIGITAL CAMERA&quot;,&quot;orientation&quot;:&quot;1&quot;}\" data-image-title=\"OLYMPUS DIGITAL CAMERA\" data-image-description=\"\" data-image-caption=\"\" data-medium-file=\"https:\/\/i0.wp.com\/genevieveetbernardauxameriques.fr\/wp-content\/uploads\/2017\/04\/P4120073.jpg?fit=300%2C225&amp;ssl=1\" data-large-file=\"https:\/\/i0.wp.com\/genevieveetbernardauxameriques.fr\/wp-content\/uploads\/2017\/04\/P4120073.jpg?fit=640%2C480&amp;ssl=1\" \/><\/a>\n\t\t\t<\/dt><\/dl><dl class='gallery-item'>\n\t\t\t<dt class='gallery-icon landscape'>\n\t\t\t\t<a href='https:\/\/genevieveetbernardauxameriques.fr\/index.php\/2017\/04\/18\/colombie-3eme-article-de-medellin-a-bogota\/olympus-digital-camera-59\/'><img loading=\"lazy\" decoding=\"async\" width=\"640\" height=\"480\" src=\"https:\/\/i0.wp.com\/genevieveetbernardauxameriques.fr\/wp-content\/uploads\/2017\/04\/P4120072.jpg?fit=640%2C480&amp;ssl=1\" class=\"attachment-full size-full\" alt=\"\" srcset=\"https:\/\/i0.wp.com\/genevieveetbernardauxameriques.fr\/wp-content\/uploads\/2017\/04\/P4120072.jpg?w=640&amp;ssl=1 640w, https:\/\/i0.wp.com\/genevieveetbernardauxameriques.fr\/wp-content\/uploads\/2017\/04\/P4120072.jpg?resize=300%2C225&amp;ssl=1 300w\" sizes=\"(max-width: 640px) 100vw, 640px\" data-attachment-id=\"18337\" data-permalink=\"https:\/\/genevieveetbernardauxameriques.fr\/index.php\/2017\/04\/18\/colombie-3eme-article-de-medellin-a-bogota\/olympus-digital-camera-59\/\" data-orig-file=\"https:\/\/i0.wp.com\/genevieveetbernardauxameriques.fr\/wp-content\/uploads\/2017\/04\/P4120072.jpg?fit=640%2C480&amp;ssl=1\" data-orig-size=\"640,480\" data-comments-opened=\"1\" data-image-meta=\"{&quot;aperture&quot;:&quot;5.5&quot;,&quot;credit&quot;:&quot;&quot;,&quot;camera&quot;:&quot;E-M5MarkII&quot;,&quot;caption&quot;:&quot;OLYMPUS DIGITAL CAMERA&quot;,&quot;created_timestamp&quot;:&quot;1492016329&quot;,&quot;copyright&quot;:&quot;&quot;,&quot;focal_length&quot;:&quot;56&quot;,&quot;iso&quot;:&quot;8000&quot;,&quot;shutter_speed&quot;:&quot;0.008&quot;,&quot;title&quot;:&quot;OLYMPUS DIGITAL CAMERA&quot;,&quot;orientation&quot;:&quot;1&quot;}\" data-image-title=\"OLYMPUS DIGITAL CAMERA\" data-image-description=\"\" data-image-caption=\"\" data-medium-file=\"https:\/\/i0.wp.com\/genevieveetbernardauxameriques.fr\/wp-content\/uploads\/2017\/04\/P4120072.jpg?fit=300%2C225&amp;ssl=1\" data-large-file=\"https:\/\/i0.wp.com\/genevieveetbernardauxameriques.fr\/wp-content\/uploads\/2017\/04\/P4120072.jpg?fit=640%2C480&amp;ssl=1\" \/><\/a>\n\t\t\t<\/dt><\/dl><dl class='gallery-item'>\n\t\t\t<dt class='gallery-icon landscape'>\n\t\t\t\t<a href='https:\/\/genevieveetbernardauxameriques.fr\/index.php\/2017\/04\/18\/colombie-3eme-article-de-medellin-a-bogota\/olympus-digital-camera-58\/'><img loading=\"lazy\" decoding=\"async\" width=\"640\" height=\"480\" src=\"https:\/\/i0.wp.com\/genevieveetbernardauxameriques.fr\/wp-content\/uploads\/2017\/04\/P4120071.jpg?fit=640%2C480&amp;ssl=1\" class=\"attachment-full size-full\" alt=\"\" srcset=\"https:\/\/i0.wp.com\/genevieveetbernardauxameriques.fr\/wp-content\/uploads\/2017\/04\/P4120071.jpg?w=640&amp;ssl=1 640w, https:\/\/i0.wp.com\/genevieveetbernardauxameriques.fr\/wp-content\/uploads\/2017\/04\/P4120071.jpg?resize=300%2C225&amp;ssl=1 300w\" sizes=\"(max-width: 640px) 100vw, 640px\" data-attachment-id=\"18336\" data-permalink=\"https:\/\/genevieveetbernardauxameriques.fr\/index.php\/2017\/04\/18\/colombie-3eme-article-de-medellin-a-bogota\/olympus-digital-camera-58\/\" data-orig-file=\"https:\/\/i0.wp.com\/genevieveetbernardauxameriques.fr\/wp-content\/uploads\/2017\/04\/P4120071.jpg?fit=640%2C480&amp;ssl=1\" data-orig-size=\"640,480\" data-comments-opened=\"1\" data-image-meta=\"{&quot;aperture&quot;:&quot;5.6&quot;,&quot;credit&quot;:&quot;&quot;,&quot;camera&quot;:&quot;E-M5MarkII&quot;,&quot;caption&quot;:&quot;OLYMPUS DIGITAL CAMERA&quot;,&quot;created_timestamp&quot;:&quot;1492016197&quot;,&quot;copyright&quot;:&quot;&quot;,&quot;focal_length&quot;:&quot;120&quot;,&quot;iso&quot;:&quot;8000&quot;,&quot;shutter_speed&quot;:&quot;0.01&quot;,&quot;title&quot;:&quot;OLYMPUS DIGITAL CAMERA&quot;,&quot;orientation&quot;:&quot;1&quot;}\" data-image-title=\"OLYMPUS DIGITAL CAMERA\" data-image-description=\"\" data-image-caption=\"\" data-medium-file=\"https:\/\/i0.wp.com\/genevieveetbernardauxameriques.fr\/wp-content\/uploads\/2017\/04\/P4120071.jpg?fit=300%2C225&amp;ssl=1\" data-large-file=\"https:\/\/i0.wp.com\/genevieveetbernardauxameriques.fr\/wp-content\/uploads\/2017\/04\/P4120071.jpg?fit=640%2C480&amp;ssl=1\" \/><\/a>\n\t\t\t<\/dt><\/dl><br style=\"clear: both\" \/><dl class='gallery-item'>\n\t\t\t<dt class='gallery-icon portrait'>\n\t\t\t\t<a href='https:\/\/genevieveetbernardauxameriques.fr\/index.php\/2017\/04\/18\/colombie-3eme-article-de-medellin-a-bogota\/olympus-digital-camera-56\/'><img loading=\"lazy\" decoding=\"async\" width=\"480\" height=\"640\" src=\"https:\/\/i0.wp.com\/genevieveetbernardauxameriques.fr\/wp-content\/uploads\/2017\/04\/P4120069.jpg?fit=480%2C640&amp;ssl=1\" class=\"attachment-full size-full\" alt=\"\" srcset=\"https:\/\/i0.wp.com\/genevieveetbernardauxameriques.fr\/wp-content\/uploads\/2017\/04\/P4120069.jpg?w=480&amp;ssl=1 480w, https:\/\/i0.wp.com\/genevieveetbernardauxameriques.fr\/wp-content\/uploads\/2017\/04\/P4120069.jpg?resize=225%2C300&amp;ssl=1 225w\" sizes=\"(max-width: 480px) 100vw, 480px\" data-attachment-id=\"18334\" data-permalink=\"https:\/\/genevieveetbernardauxameriques.fr\/index.php\/2017\/04\/18\/colombie-3eme-article-de-medellin-a-bogota\/olympus-digital-camera-56\/\" data-orig-file=\"https:\/\/i0.wp.com\/genevieveetbernardauxameriques.fr\/wp-content\/uploads\/2017\/04\/P4120069.jpg?fit=480%2C640&amp;ssl=1\" data-orig-size=\"480,640\" data-comments-opened=\"1\" data-image-meta=\"{&quot;aperture&quot;:&quot;5.4&quot;,&quot;credit&quot;:&quot;&quot;,&quot;camera&quot;:&quot;E-M5MarkII&quot;,&quot;caption&quot;:&quot;OLYMPUS DIGITAL CAMERA&quot;,&quot;created_timestamp&quot;:&quot;1492016164&quot;,&quot;copyright&quot;:&quot;&quot;,&quot;focal_length&quot;:&quot;45&quot;,&quot;iso&quot;:&quot;8000&quot;,&quot;shutter_speed&quot;:&quot;0.01&quot;,&quot;title&quot;:&quot;OLYMPUS DIGITAL CAMERA&quot;,&quot;orientation&quot;:&quot;1&quot;}\" data-image-title=\"OLYMPUS DIGITAL CAMERA\" data-image-description=\"\" data-image-caption=\"\" data-medium-file=\"https:\/\/i0.wp.com\/genevieveetbernardauxameriques.fr\/wp-content\/uploads\/2017\/04\/P4120069.jpg?fit=225%2C300&amp;ssl=1\" data-large-file=\"https:\/\/i0.wp.com\/genevieveetbernardauxameriques.fr\/wp-content\/uploads\/2017\/04\/P4120069.jpg?fit=480%2C640&amp;ssl=1\" \/><\/a>\n\t\t\t<\/dt><\/dl><dl class='gallery-item'>\n\t\t\t<dt class='gallery-icon landscape'>\n\t\t\t\t<a href='https:\/\/genevieveetbernardauxameriques.fr\/index.php\/2017\/04\/18\/colombie-3eme-article-de-medellin-a-bogota\/olympus-digital-camera-50\/'><img loading=\"lazy\" decoding=\"async\" width=\"640\" height=\"480\" src=\"https:\/\/i0.wp.com\/genevieveetbernardauxameriques.fr\/wp-content\/uploads\/2017\/04\/P4120062.jpg?fit=640%2C480&amp;ssl=1\" class=\"attachment-full size-full\" alt=\"\" srcset=\"https:\/\/i0.wp.com\/genevieveetbernardauxameriques.fr\/wp-content\/uploads\/2017\/04\/P4120062.jpg?w=640&amp;ssl=1 640w, https:\/\/i0.wp.com\/genevieveetbernardauxameriques.fr\/wp-content\/uploads\/2017\/04\/P4120062.jpg?resize=300%2C225&amp;ssl=1 300w\" sizes=\"(max-width: 640px) 100vw, 640px\" data-attachment-id=\"18328\" data-permalink=\"https:\/\/genevieveetbernardauxameriques.fr\/index.php\/2017\/04\/18\/colombie-3eme-article-de-medellin-a-bogota\/olympus-digital-camera-50\/\" data-orig-file=\"https:\/\/i0.wp.com\/genevieveetbernardauxameriques.fr\/wp-content\/uploads\/2017\/04\/P4120062.jpg?fit=640%2C480&amp;ssl=1\" data-orig-size=\"640,480\" data-comments-opened=\"1\" data-image-meta=\"{&quot;aperture&quot;:&quot;9&quot;,&quot;credit&quot;:&quot;&quot;,&quot;camera&quot;:&quot;E-M5MarkII&quot;,&quot;caption&quot;:&quot;OLYMPUS DIGITAL CAMERA&quot;,&quot;created_timestamp&quot;:&quot;1492016020&quot;,&quot;copyright&quot;:&quot;&quot;,&quot;focal_length&quot;:&quot;34&quot;,&quot;iso&quot;:&quot;8000&quot;,&quot;shutter_speed&quot;:&quot;0.004&quot;,&quot;title&quot;:&quot;OLYMPUS DIGITAL CAMERA&quot;,&quot;orientation&quot;:&quot;1&quot;}\" data-image-title=\"OLYMPUS DIGITAL CAMERA\" data-image-description=\"\" data-image-caption=\"\" data-medium-file=\"https:\/\/i0.wp.com\/genevieveetbernardauxameriques.fr\/wp-content\/uploads\/2017\/04\/P4120062.jpg?fit=300%2C225&amp;ssl=1\" data-large-file=\"https:\/\/i0.wp.com\/genevieveetbernardauxameriques.fr\/wp-content\/uploads\/2017\/04\/P4120062.jpg?fit=640%2C480&amp;ssl=1\" \/><\/a>\n\t\t\t<\/dt><\/dl><dl class='gallery-item'>\n\t\t\t<dt class='gallery-icon portrait'>\n\t\t\t\t<a href='https:\/\/genevieveetbernardauxameriques.fr\/index.php\/2017\/04\/18\/colombie-3eme-article-de-medellin-a-bogota\/olympus-digital-camera-51\/'><img loading=\"lazy\" decoding=\"async\" width=\"480\" height=\"640\" src=\"https:\/\/i0.wp.com\/genevieveetbernardauxameriques.fr\/wp-content\/uploads\/2017\/04\/P4120064.jpg?fit=480%2C640&amp;ssl=1\" class=\"attachment-full size-full\" alt=\"\" srcset=\"https:\/\/i0.wp.com\/genevieveetbernardauxameriques.fr\/wp-content\/uploads\/2017\/04\/P4120064.jpg?w=480&amp;ssl=1 480w, https:\/\/i0.wp.com\/genevieveetbernardauxameriques.fr\/wp-content\/uploads\/2017\/04\/P4120064.jpg?resize=225%2C300&amp;ssl=1 225w\" sizes=\"(max-width: 480px) 100vw, 480px\" data-attachment-id=\"18329\" data-permalink=\"https:\/\/genevieveetbernardauxameriques.fr\/index.php\/2017\/04\/18\/colombie-3eme-article-de-medellin-a-bogota\/olympus-digital-camera-51\/\" data-orig-file=\"https:\/\/i0.wp.com\/genevieveetbernardauxameriques.fr\/wp-content\/uploads\/2017\/04\/P4120064.jpg?fit=480%2C640&amp;ssl=1\" data-orig-size=\"480,640\" data-comments-opened=\"1\" data-image-meta=\"{&quot;aperture&quot;:&quot;6.3&quot;,&quot;credit&quot;:&quot;&quot;,&quot;camera&quot;:&quot;E-M5MarkII&quot;,&quot;caption&quot;:&quot;OLYMPUS DIGITAL CAMERA&quot;,&quot;created_timestamp&quot;:&quot;1492016072&quot;,&quot;copyright&quot;:&quot;&quot;,&quot;focal_length&quot;:&quot;22&quot;,&quot;iso&quot;:&quot;8000&quot;,&quot;shutter_speed&quot;:&quot;0.008&quot;,&quot;title&quot;:&quot;OLYMPUS DIGITAL CAMERA&quot;,&quot;orientation&quot;:&quot;1&quot;}\" data-image-title=\"OLYMPUS DIGITAL CAMERA\" data-image-description=\"\" data-image-caption=\"\" data-medium-file=\"https:\/\/i0.wp.com\/genevieveetbernardauxameriques.fr\/wp-content\/uploads\/2017\/04\/P4120064.jpg?fit=225%2C300&amp;ssl=1\" data-large-file=\"https:\/\/i0.wp.com\/genevieveetbernardauxameriques.fr\/wp-content\/uploads\/2017\/04\/P4120064.jpg?fit=480%2C640&amp;ssl=1\" \/><\/a>\n\t\t\t<\/dt><\/dl><br style=\"clear: both\" \/><dl class='gallery-item'>\n\t\t\t<dt class='gallery-icon portrait'>\n\t\t\t\t<a href='https:\/\/genevieveetbernardauxameriques.fr\/index.php\/2017\/04\/18\/colombie-3eme-article-de-medellin-a-bogota\/olympus-digital-camera-52\/'><img loading=\"lazy\" decoding=\"async\" width=\"480\" height=\"640\" src=\"https:\/\/i0.wp.com\/genevieveetbernardauxameriques.fr\/wp-content\/uploads\/2017\/04\/P4120065.jpg?fit=480%2C640&amp;ssl=1\" class=\"attachment-full size-full\" alt=\"\" srcset=\"https:\/\/i0.wp.com\/genevieveetbernardauxameriques.fr\/wp-content\/uploads\/2017\/04\/P4120065.jpg?w=480&amp;ssl=1 480w, https:\/\/i0.wp.com\/genevieveetbernardauxameriques.fr\/wp-content\/uploads\/2017\/04\/P4120065.jpg?resize=225%2C300&amp;ssl=1 225w\" sizes=\"(max-width: 480px) 100vw, 480px\" data-attachment-id=\"18330\" data-permalink=\"https:\/\/genevieveetbernardauxameriques.fr\/index.php\/2017\/04\/18\/colombie-3eme-article-de-medellin-a-bogota\/olympus-digital-camera-52\/\" data-orig-file=\"https:\/\/i0.wp.com\/genevieveetbernardauxameriques.fr\/wp-content\/uploads\/2017\/04\/P4120065.jpg?fit=480%2C640&amp;ssl=1\" data-orig-size=\"480,640\" data-comments-opened=\"1\" data-image-meta=\"{&quot;aperture&quot;:&quot;6.3&quot;,&quot;credit&quot;:&quot;&quot;,&quot;camera&quot;:&quot;E-M5MarkII&quot;,&quot;caption&quot;:&quot;OLYMPUS DIGITAL CAMERA&quot;,&quot;created_timestamp&quot;:&quot;1492016092&quot;,&quot;copyright&quot;:&quot;&quot;,&quot;focal_length&quot;:&quot;31&quot;,&quot;iso&quot;:&quot;8000&quot;,&quot;shutter_speed&quot;:&quot;0.008&quot;,&quot;title&quot;:&quot;OLYMPUS DIGITAL CAMERA&quot;,&quot;orientation&quot;:&quot;1&quot;}\" data-image-title=\"OLYMPUS DIGITAL CAMERA\" data-image-description=\"\" data-image-caption=\"\" data-medium-file=\"https:\/\/i0.wp.com\/genevieveetbernardauxameriques.fr\/wp-content\/uploads\/2017\/04\/P4120065.jpg?fit=225%2C300&amp;ssl=1\" data-large-file=\"https:\/\/i0.wp.com\/genevieveetbernardauxameriques.fr\/wp-content\/uploads\/2017\/04\/P4120065.jpg?fit=480%2C640&amp;ssl=1\" \/><\/a>\n\t\t\t<\/dt><\/dl><dl class='gallery-item'>\n\t\t\t<dt class='gallery-icon portrait'>\n\t\t\t\t<a href='https:\/\/genevieveetbernardauxameriques.fr\/index.php\/2017\/04\/18\/colombie-3eme-article-de-medellin-a-bogota\/olympus-digital-camera-53\/'><img loading=\"lazy\" decoding=\"async\" width=\"480\" height=\"640\" src=\"https:\/\/i0.wp.com\/genevieveetbernardauxameriques.fr\/wp-content\/uploads\/2017\/04\/P4120066.jpg?fit=480%2C640&amp;ssl=1\" class=\"attachment-full size-full\" alt=\"\" srcset=\"https:\/\/i0.wp.com\/genevieveetbernardauxameriques.fr\/wp-content\/uploads\/2017\/04\/P4120066.jpg?w=480&amp;ssl=1 480w, https:\/\/i0.wp.com\/genevieveetbernardauxameriques.fr\/wp-content\/uploads\/2017\/04\/P4120066.jpg?resize=225%2C300&amp;ssl=1 225w\" sizes=\"(max-width: 480px) 100vw, 480px\" data-attachment-id=\"18331\" data-permalink=\"https:\/\/genevieveetbernardauxameriques.fr\/index.php\/2017\/04\/18\/colombie-3eme-article-de-medellin-a-bogota\/olympus-digital-camera-53\/\" data-orig-file=\"https:\/\/i0.wp.com\/genevieveetbernardauxameriques.fr\/wp-content\/uploads\/2017\/04\/P4120066.jpg?fit=480%2C640&amp;ssl=1\" data-orig-size=\"480,640\" data-comments-opened=\"1\" data-image-meta=\"{&quot;aperture&quot;:&quot;5.2&quot;,&quot;credit&quot;:&quot;&quot;,&quot;camera&quot;:&quot;E-M5MarkII&quot;,&quot;caption&quot;:&quot;OLYMPUS DIGITAL CAMERA&quot;,&quot;created_timestamp&quot;:&quot;1492016119&quot;,&quot;copyright&quot;:&quot;&quot;,&quot;focal_length&quot;:&quot;36&quot;,&quot;iso&quot;:&quot;8000&quot;,&quot;shutter_speed&quot;:&quot;0.016666666666667&quot;,&quot;title&quot;:&quot;OLYMPUS DIGITAL CAMERA&quot;,&quot;orientation&quot;:&quot;1&quot;}\" data-image-title=\"OLYMPUS DIGITAL CAMERA\" data-image-description=\"\" data-image-caption=\"\" data-medium-file=\"https:\/\/i0.wp.com\/genevieveetbernardauxameriques.fr\/wp-content\/uploads\/2017\/04\/P4120066.jpg?fit=225%2C300&amp;ssl=1\" data-large-file=\"https:\/\/i0.wp.com\/genevieveetbernardauxameriques.fr\/wp-content\/uploads\/2017\/04\/P4120066.jpg?fit=480%2C640&amp;ssl=1\" \/><\/a>\n\t\t\t<\/dt><\/dl><dl class='gallery-item'>\n\t\t\t<dt class='gallery-icon portrait'>\n\t\t\t\t<a href='https:\/\/genevieveetbernardauxameriques.fr\/index.php\/2017\/04\/18\/colombie-3eme-article-de-medellin-a-bogota\/olympus-digital-camera-54\/'><img loading=\"lazy\" decoding=\"async\" width=\"480\" height=\"640\" src=\"https:\/\/i0.wp.com\/genevieveetbernardauxameriques.fr\/wp-content\/uploads\/2017\/04\/P4120067.jpg?fit=480%2C640&amp;ssl=1\" class=\"attachment-full size-full\" alt=\"\" srcset=\"https:\/\/i0.wp.com\/genevieveetbernardauxameriques.fr\/wp-content\/uploads\/2017\/04\/P4120067.jpg?w=480&amp;ssl=1 480w, https:\/\/i0.wp.com\/genevieveetbernardauxameriques.fr\/wp-content\/uploads\/2017\/04\/P4120067.jpg?resize=225%2C300&amp;ssl=1 225w\" sizes=\"(max-width: 480px) 100vw, 480px\" data-attachment-id=\"18332\" data-permalink=\"https:\/\/genevieveetbernardauxameriques.fr\/index.php\/2017\/04\/18\/colombie-3eme-article-de-medellin-a-bogota\/olympus-digital-camera-54\/\" data-orig-file=\"https:\/\/i0.wp.com\/genevieveetbernardauxameriques.fr\/wp-content\/uploads\/2017\/04\/P4120067.jpg?fit=480%2C640&amp;ssl=1\" data-orig-size=\"480,640\" data-comments-opened=\"1\" data-image-meta=\"{&quot;aperture&quot;:&quot;5.6&quot;,&quot;credit&quot;:&quot;&quot;,&quot;camera&quot;:&quot;E-M5MarkII&quot;,&quot;caption&quot;:&quot;OLYMPUS DIGITAL CAMERA&quot;,&quot;created_timestamp&quot;:&quot;1492016138&quot;,&quot;copyright&quot;:&quot;&quot;,&quot;focal_length&quot;:&quot;29&quot;,&quot;iso&quot;:&quot;8000&quot;,&quot;shutter_speed&quot;:&quot;0.01&quot;,&quot;title&quot;:&quot;OLYMPUS DIGITAL CAMERA&quot;,&quot;orientation&quot;:&quot;1&quot;}\" data-image-title=\"OLYMPUS DIGITAL CAMERA\" data-image-description=\"\" data-image-caption=\"\" data-medium-file=\"https:\/\/i0.wp.com\/genevieveetbernardauxameriques.fr\/wp-content\/uploads\/2017\/04\/P4120067.jpg?fit=225%2C300&amp;ssl=1\" data-large-file=\"https:\/\/i0.wp.com\/genevieveetbernardauxameriques.fr\/wp-content\/uploads\/2017\/04\/P4120067.jpg?fit=480%2C640&amp;ssl=1\" \/><\/a>\n\t\t\t<\/dt><\/dl><br style=\"clear: both\" \/><dl class='gallery-item'>\n\t\t\t<dt class='gallery-icon portrait'>\n\t\t\t\t<a href='https:\/\/genevieveetbernardauxameriques.fr\/index.php\/2017\/04\/18\/colombie-3eme-article-de-medellin-a-bogota\/olympus-digital-camera-55\/'><img loading=\"lazy\" decoding=\"async\" width=\"480\" height=\"640\" src=\"https:\/\/i0.wp.com\/genevieveetbernardauxameriques.fr\/wp-content\/uploads\/2017\/04\/P4120068.jpg?fit=480%2C640&amp;ssl=1\" class=\"attachment-full size-full\" alt=\"\" srcset=\"https:\/\/i0.wp.com\/genevieveetbernardauxameriques.fr\/wp-content\/uploads\/2017\/04\/P4120068.jpg?w=480&amp;ssl=1 480w, https:\/\/i0.wp.com\/genevieveetbernardauxameriques.fr\/wp-content\/uploads\/2017\/04\/P4120068.jpg?resize=225%2C300&amp;ssl=1 225w\" sizes=\"(max-width: 480px) 100vw, 480px\" data-attachment-id=\"18333\" data-permalink=\"https:\/\/genevieveetbernardauxameriques.fr\/index.php\/2017\/04\/18\/colombie-3eme-article-de-medellin-a-bogota\/olympus-digital-camera-55\/\" data-orig-file=\"https:\/\/i0.wp.com\/genevieveetbernardauxameriques.fr\/wp-content\/uploads\/2017\/04\/P4120068.jpg?fit=480%2C640&amp;ssl=1\" data-orig-size=\"480,640\" data-comments-opened=\"1\" data-image-meta=\"{&quot;aperture&quot;:&quot;4.9&quot;,&quot;credit&quot;:&quot;&quot;,&quot;camera&quot;:&quot;E-M5MarkII&quot;,&quot;caption&quot;:&quot;OLYMPUS DIGITAL CAMERA&quot;,&quot;created_timestamp&quot;:&quot;1492016153&quot;,&quot;copyright&quot;:&quot;&quot;,&quot;focal_length&quot;:&quot;29&quot;,&quot;iso&quot;:&quot;8000&quot;,&quot;shutter_speed&quot;:&quot;0.016666666666667&quot;,&quot;title&quot;:&quot;OLYMPUS DIGITAL CAMERA&quot;,&quot;orientation&quot;:&quot;1&quot;}\" data-image-title=\"OLYMPUS DIGITAL CAMERA\" data-image-description=\"\" data-image-caption=\"\" data-medium-file=\"https:\/\/i0.wp.com\/genevieveetbernardauxameriques.fr\/wp-content\/uploads\/2017\/04\/P4120068.jpg?fit=225%2C300&amp;ssl=1\" data-large-file=\"https:\/\/i0.wp.com\/genevieveetbernardauxameriques.fr\/wp-content\/uploads\/2017\/04\/P4120068.jpg?fit=480%2C640&amp;ssl=1\" \/><\/a>\n\t\t\t<\/dt><\/dl><dl class='gallery-item'>\n\t\t\t<dt class='gallery-icon portrait'>\n\t\t\t\t<a href='https:\/\/genevieveetbernardauxameriques.fr\/index.php\/2017\/04\/18\/colombie-3eme-article-de-medellin-a-bogota\/olympus-digital-camera-48\/'><img loading=\"lazy\" decoding=\"async\" width=\"480\" height=\"640\" src=\"https:\/\/i0.wp.com\/genevieveetbernardauxameriques.fr\/wp-content\/uploads\/2017\/04\/P4120060.jpg?fit=480%2C640&amp;ssl=1\" class=\"attachment-full size-full\" alt=\"\" srcset=\"https:\/\/i0.wp.com\/genevieveetbernardauxameriques.fr\/wp-content\/uploads\/2017\/04\/P4120060.jpg?w=480&amp;ssl=1 480w, https:\/\/i0.wp.com\/genevieveetbernardauxameriques.fr\/wp-content\/uploads\/2017\/04\/P4120060.jpg?resize=225%2C300&amp;ssl=1 225w\" sizes=\"(max-width: 480px) 100vw, 480px\" data-attachment-id=\"18326\" data-permalink=\"https:\/\/genevieveetbernardauxameriques.fr\/index.php\/2017\/04\/18\/colombie-3eme-article-de-medellin-a-bogota\/olympus-digital-camera-48\/\" data-orig-file=\"https:\/\/i0.wp.com\/genevieveetbernardauxameriques.fr\/wp-content\/uploads\/2017\/04\/P4120060.jpg?fit=480%2C640&amp;ssl=1\" data-orig-size=\"480,640\" data-comments-opened=\"1\" data-image-meta=\"{&quot;aperture&quot;:&quot;7.1&quot;,&quot;credit&quot;:&quot;&quot;,&quot;camera&quot;:&quot;E-M5MarkII&quot;,&quot;caption&quot;:&quot;OLYMPUS DIGITAL CAMERA&quot;,&quot;created_timestamp&quot;:&quot;1492015919&quot;,&quot;copyright&quot;:&quot;&quot;,&quot;focal_length&quot;:&quot;34&quot;,&quot;iso&quot;:&quot;8000&quot;,&quot;shutter_speed&quot;:&quot;0.00625&quot;,&quot;title&quot;:&quot;OLYMPUS DIGITAL CAMERA&quot;,&quot;orientation&quot;:&quot;1&quot;}\" data-image-title=\"OLYMPUS DIGITAL CAMERA\" data-image-description=\"\" data-image-caption=\"\" data-medium-file=\"https:\/\/i0.wp.com\/genevieveetbernardauxameriques.fr\/wp-content\/uploads\/2017\/04\/P4120060.jpg?fit=225%2C300&amp;ssl=1\" data-large-file=\"https:\/\/i0.wp.com\/genevieveetbernardauxameriques.fr\/wp-content\/uploads\/2017\/04\/P4120060.jpg?fit=480%2C640&amp;ssl=1\" \/><\/a>\n\t\t\t<\/dt><\/dl><dl class='gallery-item'>\n\t\t\t<dt class='gallery-icon portrait'>\n\t\t\t\t<a href='https:\/\/genevieveetbernardauxameriques.fr\/index.php\/2017\/04\/18\/colombie-3eme-article-de-medellin-a-bogota\/olympus-digital-camera-47\/'><img loading=\"lazy\" decoding=\"async\" width=\"480\" height=\"640\" src=\"https:\/\/i0.wp.com\/genevieveetbernardauxameriques.fr\/wp-content\/uploads\/2017\/04\/P4120058.jpg?fit=480%2C640&amp;ssl=1\" class=\"attachment-full size-full\" alt=\"\" srcset=\"https:\/\/i0.wp.com\/genevieveetbernardauxameriques.fr\/wp-content\/uploads\/2017\/04\/P4120058.jpg?w=480&amp;ssl=1 480w, https:\/\/i0.wp.com\/genevieveetbernardauxameriques.fr\/wp-content\/uploads\/2017\/04\/P4120058.jpg?resize=225%2C300&amp;ssl=1 225w\" sizes=\"(max-width: 480px) 100vw, 480px\" data-attachment-id=\"18325\" data-permalink=\"https:\/\/genevieveetbernardauxameriques.fr\/index.php\/2017\/04\/18\/colombie-3eme-article-de-medellin-a-bogota\/olympus-digital-camera-47\/\" data-orig-file=\"https:\/\/i0.wp.com\/genevieveetbernardauxameriques.fr\/wp-content\/uploads\/2017\/04\/P4120058.jpg?fit=480%2C640&amp;ssl=1\" data-orig-size=\"480,640\" data-comments-opened=\"1\" data-image-meta=\"{&quot;aperture&quot;:&quot;5.6&quot;,&quot;credit&quot;:&quot;&quot;,&quot;camera&quot;:&quot;E-M5MarkII&quot;,&quot;caption&quot;:&quot;OLYMPUS DIGITAL CAMERA&quot;,&quot;created_timestamp&quot;:&quot;1492015907&quot;,&quot;copyright&quot;:&quot;&quot;,&quot;focal_length&quot;:&quot;31&quot;,&quot;iso&quot;:&quot;8000&quot;,&quot;shutter_speed&quot;:&quot;0.01&quot;,&quot;title&quot;:&quot;OLYMPUS DIGITAL CAMERA&quot;,&quot;orientation&quot;:&quot;1&quot;}\" data-image-title=\"OLYMPUS DIGITAL CAMERA\" data-image-description=\"\" data-image-caption=\"\" data-medium-file=\"https:\/\/i0.wp.com\/genevieveetbernardauxameriques.fr\/wp-content\/uploads\/2017\/04\/P4120058.jpg?fit=225%2C300&amp;ssl=1\" data-large-file=\"https:\/\/i0.wp.com\/genevieveetbernardauxameriques.fr\/wp-content\/uploads\/2017\/04\/P4120058.jpg?fit=480%2C640&amp;ssl=1\" \/><\/a>\n\t\t\t<\/dt><\/dl><br style=\"clear: both\" \/><dl class='gallery-item'>\n\t\t\t<dt class='gallery-icon portrait'>\n\t\t\t\t<a href='https:\/\/genevieveetbernardauxameriques.fr\/index.php\/2017\/04\/18\/colombie-3eme-article-de-medellin-a-bogota\/olympus-digital-camera-46\/'><img loading=\"lazy\" decoding=\"async\" width=\"480\" height=\"640\" src=\"https:\/\/i0.wp.com\/genevieveetbernardauxameriques.fr\/wp-content\/uploads\/2017\/04\/P4120057.jpg?fit=480%2C640&amp;ssl=1\" class=\"attachment-full size-full\" alt=\"\" srcset=\"https:\/\/i0.wp.com\/genevieveetbernardauxameriques.fr\/wp-content\/uploads\/2017\/04\/P4120057.jpg?w=480&amp;ssl=1 480w, https:\/\/i0.wp.com\/genevieveetbernardauxameriques.fr\/wp-content\/uploads\/2017\/04\/P4120057.jpg?resize=225%2C300&amp;ssl=1 225w\" sizes=\"(max-width: 480px) 100vw, 480px\" data-attachment-id=\"18324\" data-permalink=\"https:\/\/genevieveetbernardauxameriques.fr\/index.php\/2017\/04\/18\/colombie-3eme-article-de-medellin-a-bogota\/olympus-digital-camera-46\/\" data-orig-file=\"https:\/\/i0.wp.com\/genevieveetbernardauxameriques.fr\/wp-content\/uploads\/2017\/04\/P4120057.jpg?fit=480%2C640&amp;ssl=1\" data-orig-size=\"480,640\" data-comments-opened=\"1\" data-image-meta=\"{&quot;aperture&quot;:&quot;9&quot;,&quot;credit&quot;:&quot;&quot;,&quot;camera&quot;:&quot;E-M5MarkII&quot;,&quot;caption&quot;:&quot;OLYMPUS DIGITAL CAMERA&quot;,&quot;created_timestamp&quot;:&quot;1492015888&quot;,&quot;copyright&quot;:&quot;&quot;,&quot;focal_length&quot;:&quot;31&quot;,&quot;iso&quot;:&quot;8000&quot;,&quot;shutter_speed&quot;:&quot;0.005&quot;,&quot;title&quot;:&quot;OLYMPUS DIGITAL CAMERA&quot;,&quot;orientation&quot;:&quot;1&quot;}\" data-image-title=\"OLYMPUS DIGITAL CAMERA\" data-image-description=\"\" data-image-caption=\"\" data-medium-file=\"https:\/\/i0.wp.com\/genevieveetbernardauxameriques.fr\/wp-content\/uploads\/2017\/04\/P4120057.jpg?fit=225%2C300&amp;ssl=1\" data-large-file=\"https:\/\/i0.wp.com\/genevieveetbernardauxameriques.fr\/wp-content\/uploads\/2017\/04\/P4120057.jpg?fit=480%2C640&amp;ssl=1\" \/><\/a>\n\t\t\t<\/dt><\/dl><dl class='gallery-item'>\n\t\t\t<dt class='gallery-icon portrait'>\n\t\t\t\t<a href='https:\/\/genevieveetbernardauxameriques.fr\/index.php\/2017\/04\/18\/colombie-3eme-article-de-medellin-a-bogota\/olympus-digital-camera-45\/'><img loading=\"lazy\" decoding=\"async\" width=\"480\" height=\"640\" src=\"https:\/\/i0.wp.com\/genevieveetbernardauxameriques.fr\/wp-content\/uploads\/2017\/04\/P4120056.jpg?fit=480%2C640&amp;ssl=1\" class=\"attachment-full size-full\" alt=\"\" srcset=\"https:\/\/i0.wp.com\/genevieveetbernardauxameriques.fr\/wp-content\/uploads\/2017\/04\/P4120056.jpg?w=480&amp;ssl=1 480w, https:\/\/i0.wp.com\/genevieveetbernardauxameriques.fr\/wp-content\/uploads\/2017\/04\/P4120056.jpg?resize=225%2C300&amp;ssl=1 225w\" sizes=\"(max-width: 480px) 100vw, 480px\" data-attachment-id=\"18323\" data-permalink=\"https:\/\/genevieveetbernardauxameriques.fr\/index.php\/2017\/04\/18\/colombie-3eme-article-de-medellin-a-bogota\/olympus-digital-camera-45\/\" data-orig-file=\"https:\/\/i0.wp.com\/genevieveetbernardauxameriques.fr\/wp-content\/uploads\/2017\/04\/P4120056.jpg?fit=480%2C640&amp;ssl=1\" data-orig-size=\"480,640\" data-comments-opened=\"1\" data-image-meta=\"{&quot;aperture&quot;:&quot;7.1&quot;,&quot;credit&quot;:&quot;&quot;,&quot;camera&quot;:&quot;E-M5MarkII&quot;,&quot;caption&quot;:&quot;OLYMPUS DIGITAL CAMERA&quot;,&quot;created_timestamp&quot;:&quot;1492015868&quot;,&quot;copyright&quot;:&quot;&quot;,&quot;focal_length&quot;:&quot;29&quot;,&quot;iso&quot;:&quot;8000&quot;,&quot;shutter_speed&quot;:&quot;0.00625&quot;,&quot;title&quot;:&quot;OLYMPUS DIGITAL CAMERA&quot;,&quot;orientation&quot;:&quot;1&quot;}\" data-image-title=\"OLYMPUS DIGITAL CAMERA\" data-image-description=\"\" data-image-caption=\"\" data-medium-file=\"https:\/\/i0.wp.com\/genevieveetbernardauxameriques.fr\/wp-content\/uploads\/2017\/04\/P4120056.jpg?fit=225%2C300&amp;ssl=1\" data-large-file=\"https:\/\/i0.wp.com\/genevieveetbernardauxameriques.fr\/wp-content\/uploads\/2017\/04\/P4120056.jpg?fit=480%2C640&amp;ssl=1\" \/><\/a>\n\t\t\t<\/dt><\/dl><dl class='gallery-item'>\n\t\t\t<dt class='gallery-icon portrait'>\n\t\t\t\t<a href='https:\/\/genevieveetbernardauxameriques.fr\/index.php\/2017\/04\/18\/colombie-3eme-article-de-medellin-a-bogota\/olympus-digital-camera-44\/'><img loading=\"lazy\" decoding=\"async\" width=\"480\" height=\"640\" src=\"https:\/\/i0.wp.com\/genevieveetbernardauxameriques.fr\/wp-content\/uploads\/2017\/04\/P4120055.jpg?fit=480%2C640&amp;ssl=1\" class=\"attachment-full size-full\" alt=\"\" srcset=\"https:\/\/i0.wp.com\/genevieveetbernardauxameriques.fr\/wp-content\/uploads\/2017\/04\/P4120055.jpg?w=480&amp;ssl=1 480w, https:\/\/i0.wp.com\/genevieveetbernardauxameriques.fr\/wp-content\/uploads\/2017\/04\/P4120055.jpg?resize=225%2C300&amp;ssl=1 225w\" sizes=\"(max-width: 480px) 100vw, 480px\" data-attachment-id=\"18322\" data-permalink=\"https:\/\/genevieveetbernardauxameriques.fr\/index.php\/2017\/04\/18\/colombie-3eme-article-de-medellin-a-bogota\/olympus-digital-camera-44\/\" data-orig-file=\"https:\/\/i0.wp.com\/genevieveetbernardauxameriques.fr\/wp-content\/uploads\/2017\/04\/P4120055.jpg?fit=480%2C640&amp;ssl=1\" data-orig-size=\"480,640\" data-comments-opened=\"1\" data-image-meta=\"{&quot;aperture&quot;:&quot;6.3&quot;,&quot;credit&quot;:&quot;&quot;,&quot;camera&quot;:&quot;E-M5MarkII&quot;,&quot;caption&quot;:&quot;OLYMPUS DIGITAL CAMERA&quot;,&quot;created_timestamp&quot;:&quot;1492015857&quot;,&quot;copyright&quot;:&quot;&quot;,&quot;focal_length&quot;:&quot;29&quot;,&quot;iso&quot;:&quot;8000&quot;,&quot;shutter_speed&quot;:&quot;0.008&quot;,&quot;title&quot;:&quot;OLYMPUS DIGITAL CAMERA&quot;,&quot;orientation&quot;:&quot;1&quot;}\" data-image-title=\"OLYMPUS DIGITAL CAMERA\" data-image-description=\"\" data-image-caption=\"\" data-medium-file=\"https:\/\/i0.wp.com\/genevieveetbernardauxameriques.fr\/wp-content\/uploads\/2017\/04\/P4120055.jpg?fit=225%2C300&amp;ssl=1\" data-large-file=\"https:\/\/i0.wp.com\/genevieveetbernardauxameriques.fr\/wp-content\/uploads\/2017\/04\/P4120055.jpg?fit=480%2C640&amp;ssl=1\" \/><\/a>\n\t\t\t<\/dt><\/dl><br style=\"clear: both\" \/><dl class='gallery-item'>\n\t\t\t<dt class='gallery-icon portrait'>\n\t\t\t\t<a href='https:\/\/genevieveetbernardauxameriques.fr\/index.php\/2017\/04\/18\/colombie-3eme-article-de-medellin-a-bogota\/olympus-digital-camera-39\/'><img loading=\"lazy\" decoding=\"async\" width=\"480\" height=\"640\" src=\"https:\/\/i0.wp.com\/genevieveetbernardauxameriques.fr\/wp-content\/uploads\/2017\/04\/P4120049.jpg?fit=480%2C640&amp;ssl=1\" class=\"attachment-full size-full\" alt=\"\" srcset=\"https:\/\/i0.wp.com\/genevieveetbernardauxameriques.fr\/wp-content\/uploads\/2017\/04\/P4120049.jpg?w=480&amp;ssl=1 480w, https:\/\/i0.wp.com\/genevieveetbernardauxameriques.fr\/wp-content\/uploads\/2017\/04\/P4120049.jpg?resize=225%2C300&amp;ssl=1 225w\" sizes=\"(max-width: 480px) 100vw, 480px\" data-attachment-id=\"18317\" data-permalink=\"https:\/\/genevieveetbernardauxameriques.fr\/index.php\/2017\/04\/18\/colombie-3eme-article-de-medellin-a-bogota\/olympus-digital-camera-39\/\" data-orig-file=\"https:\/\/i0.wp.com\/genevieveetbernardauxameriques.fr\/wp-content\/uploads\/2017\/04\/P4120049.jpg?fit=480%2C640&amp;ssl=1\" data-orig-size=\"480,640\" data-comments-opened=\"1\" data-image-meta=\"{&quot;aperture&quot;:&quot;7.1&quot;,&quot;credit&quot;:&quot;&quot;,&quot;camera&quot;:&quot;E-M5MarkII&quot;,&quot;caption&quot;:&quot;OLYMPUS DIGITAL CAMERA&quot;,&quot;created_timestamp&quot;:&quot;1492015584&quot;,&quot;copyright&quot;:&quot;&quot;,&quot;focal_length&quot;:&quot;34&quot;,&quot;iso&quot;:&quot;8000&quot;,&quot;shutter_speed&quot;:&quot;0.00625&quot;,&quot;title&quot;:&quot;OLYMPUS DIGITAL CAMERA&quot;,&quot;orientation&quot;:&quot;1&quot;}\" data-image-title=\"OLYMPUS DIGITAL CAMERA\" data-image-description=\"\" data-image-caption=\"\" data-medium-file=\"https:\/\/i0.wp.com\/genevieveetbernardauxameriques.fr\/wp-content\/uploads\/2017\/04\/P4120049.jpg?fit=225%2C300&amp;ssl=1\" data-large-file=\"https:\/\/i0.wp.com\/genevieveetbernardauxameriques.fr\/wp-content\/uploads\/2017\/04\/P4120049.jpg?fit=480%2C640&amp;ssl=1\" \/><\/a>\n\t\t\t<\/dt><\/dl><dl class='gallery-item'>\n\t\t\t<dt class='gallery-icon portrait'>\n\t\t\t\t<a href='https:\/\/genevieveetbernardauxameriques.fr\/index.php\/2017\/04\/18\/colombie-3eme-article-de-medellin-a-bogota\/olympus-digital-camera-40\/'><img loading=\"lazy\" decoding=\"async\" width=\"480\" height=\"640\" src=\"https:\/\/i0.wp.com\/genevieveetbernardauxameriques.fr\/wp-content\/uploads\/2017\/04\/P4120050.jpg?fit=480%2C640&amp;ssl=1\" class=\"attachment-full size-full\" alt=\"\" srcset=\"https:\/\/i0.wp.com\/genevieveetbernardauxameriques.fr\/wp-content\/uploads\/2017\/04\/P4120050.jpg?w=480&amp;ssl=1 480w, https:\/\/i0.wp.com\/genevieveetbernardauxameriques.fr\/wp-content\/uploads\/2017\/04\/P4120050.jpg?resize=225%2C300&amp;ssl=1 225w\" sizes=\"(max-width: 480px) 100vw, 480px\" data-attachment-id=\"18318\" data-permalink=\"https:\/\/genevieveetbernardauxameriques.fr\/index.php\/2017\/04\/18\/colombie-3eme-article-de-medellin-a-bogota\/olympus-digital-camera-40\/\" data-orig-file=\"https:\/\/i0.wp.com\/genevieveetbernardauxameriques.fr\/wp-content\/uploads\/2017\/04\/P4120050.jpg?fit=480%2C640&amp;ssl=1\" data-orig-size=\"480,640\" data-comments-opened=\"1\" data-image-meta=\"{&quot;aperture&quot;:&quot;8&quot;,&quot;credit&quot;:&quot;&quot;,&quot;camera&quot;:&quot;E-M5MarkII&quot;,&quot;caption&quot;:&quot;OLYMPUS DIGITAL CAMERA&quot;,&quot;created_timestamp&quot;:&quot;1492015614&quot;,&quot;copyright&quot;:&quot;&quot;,&quot;focal_length&quot;:&quot;29&quot;,&quot;iso&quot;:&quot;8000&quot;,&quot;shutter_speed&quot;:&quot;0.005&quot;,&quot;title&quot;:&quot;OLYMPUS DIGITAL CAMERA&quot;,&quot;orientation&quot;:&quot;1&quot;}\" data-image-title=\"OLYMPUS DIGITAL CAMERA\" data-image-description=\"\" data-image-caption=\"\" data-medium-file=\"https:\/\/i0.wp.com\/genevieveetbernardauxameriques.fr\/wp-content\/uploads\/2017\/04\/P4120050.jpg?fit=225%2C300&amp;ssl=1\" data-large-file=\"https:\/\/i0.wp.com\/genevieveetbernardauxameriques.fr\/wp-content\/uploads\/2017\/04\/P4120050.jpg?fit=480%2C640&amp;ssl=1\" \/><\/a>\n\t\t\t<\/dt><\/dl><dl class='gallery-item'>\n\t\t\t<dt class='gallery-icon portrait'>\n\t\t\t\t<a href='https:\/\/genevieveetbernardauxameriques.fr\/index.php\/2017\/04\/18\/colombie-3eme-article-de-medellin-a-bogota\/olympus-digital-camera-42\/'><img loading=\"lazy\" decoding=\"async\" width=\"480\" height=\"640\" src=\"https:\/\/i0.wp.com\/genevieveetbernardauxameriques.fr\/wp-content\/uploads\/2017\/04\/P4120053.jpg?fit=480%2C640&amp;ssl=1\" class=\"attachment-full size-full\" alt=\"\" srcset=\"https:\/\/i0.wp.com\/genevieveetbernardauxameriques.fr\/wp-content\/uploads\/2017\/04\/P4120053.jpg?w=480&amp;ssl=1 480w, https:\/\/i0.wp.com\/genevieveetbernardauxameriques.fr\/wp-content\/uploads\/2017\/04\/P4120053.jpg?resize=225%2C300&amp;ssl=1 225w\" sizes=\"(max-width: 480px) 100vw, 480px\" data-attachment-id=\"18320\" data-permalink=\"https:\/\/genevieveetbernardauxameriques.fr\/index.php\/2017\/04\/18\/colombie-3eme-article-de-medellin-a-bogota\/olympus-digital-camera-42\/\" data-orig-file=\"https:\/\/i0.wp.com\/genevieveetbernardauxameriques.fr\/wp-content\/uploads\/2017\/04\/P4120053.jpg?fit=480%2C640&amp;ssl=1\" data-orig-size=\"480,640\" data-comments-opened=\"1\" data-image-meta=\"{&quot;aperture&quot;:&quot;7.1&quot;,&quot;credit&quot;:&quot;&quot;,&quot;camera&quot;:&quot;E-M5MarkII&quot;,&quot;caption&quot;:&quot;OLYMPUS DIGITAL CAMERA&quot;,&quot;created_timestamp&quot;:&quot;1492015819&quot;,&quot;copyright&quot;:&quot;&quot;,&quot;focal_length&quot;:&quot;34&quot;,&quot;iso&quot;:&quot;8000&quot;,&quot;shutter_speed&quot;:&quot;0.008&quot;,&quot;title&quot;:&quot;OLYMPUS DIGITAL CAMERA&quot;,&quot;orientation&quot;:&quot;1&quot;}\" data-image-title=\"OLYMPUS DIGITAL CAMERA\" data-image-description=\"\" data-image-caption=\"\" data-medium-file=\"https:\/\/i0.wp.com\/genevieveetbernardauxameriques.fr\/wp-content\/uploads\/2017\/04\/P4120053.jpg?fit=225%2C300&amp;ssl=1\" data-large-file=\"https:\/\/i0.wp.com\/genevieveetbernardauxameriques.fr\/wp-content\/uploads\/2017\/04\/P4120053.jpg?fit=480%2C640&amp;ssl=1\" \/><\/a>\n\t\t\t<\/dt><\/dl><br style=\"clear: both\" \/><dl class='gallery-item'>\n\t\t\t<dt class='gallery-icon portrait'>\n\t\t\t\t<a href='https:\/\/genevieveetbernardauxameriques.fr\/index.php\/2017\/04\/18\/colombie-3eme-article-de-medellin-a-bogota\/olympus-digital-camera-43\/'><img loading=\"lazy\" decoding=\"async\" width=\"480\" height=\"640\" src=\"https:\/\/i0.wp.com\/genevieveetbernardauxameriques.fr\/wp-content\/uploads\/2017\/04\/P4120054.jpg?fit=480%2C640&amp;ssl=1\" class=\"attachment-full size-full\" alt=\"\" srcset=\"https:\/\/i0.wp.com\/genevieveetbernardauxameriques.fr\/wp-content\/uploads\/2017\/04\/P4120054.jpg?w=480&amp;ssl=1 480w, https:\/\/i0.wp.com\/genevieveetbernardauxameriques.fr\/wp-content\/uploads\/2017\/04\/P4120054.jpg?resize=225%2C300&amp;ssl=1 225w\" sizes=\"(max-width: 480px) 100vw, 480px\" data-attachment-id=\"18321\" data-permalink=\"https:\/\/genevieveetbernardauxameriques.fr\/index.php\/2017\/04\/18\/colombie-3eme-article-de-medellin-a-bogota\/olympus-digital-camera-43\/\" data-orig-file=\"https:\/\/i0.wp.com\/genevieveetbernardauxameriques.fr\/wp-content\/uploads\/2017\/04\/P4120054.jpg?fit=480%2C640&amp;ssl=1\" data-orig-size=\"480,640\" data-comments-opened=\"1\" data-image-meta=\"{&quot;aperture&quot;:&quot;7.1&quot;,&quot;credit&quot;:&quot;&quot;,&quot;camera&quot;:&quot;E-M5MarkII&quot;,&quot;caption&quot;:&quot;OLYMPUS DIGITAL CAMERA&quot;,&quot;created_timestamp&quot;:&quot;1492015845&quot;,&quot;copyright&quot;:&quot;&quot;,&quot;focal_length&quot;:&quot;29&quot;,&quot;iso&quot;:&quot;8000&quot;,&quot;shutter_speed&quot;:&quot;0.00625&quot;,&quot;title&quot;:&quot;OLYMPUS DIGITAL CAMERA&quot;,&quot;orientation&quot;:&quot;1&quot;}\" data-image-title=\"OLYMPUS DIGITAL CAMERA\" data-image-description=\"\" data-image-caption=\"\" data-medium-file=\"https:\/\/i0.wp.com\/genevieveetbernardauxameriques.fr\/wp-content\/uploads\/2017\/04\/P4120054.jpg?fit=225%2C300&amp;ssl=1\" data-large-file=\"https:\/\/i0.wp.com\/genevieveetbernardauxameriques.fr\/wp-content\/uploads\/2017\/04\/P4120054.jpg?fit=480%2C640&amp;ssl=1\" \/><\/a>\n\t\t\t<\/dt><\/dl><dl class='gallery-item'>\n\t\t\t<dt class='gallery-icon portrait'>\n\t\t\t\t<a href='https:\/\/genevieveetbernardauxameriques.fr\/index.php\/2017\/04\/18\/colombie-3eme-article-de-medellin-a-bogota\/olympus-digital-camera-36\/'><img loading=\"lazy\" decoding=\"async\" width=\"480\" height=\"640\" src=\"https:\/\/i0.wp.com\/genevieveetbernardauxameriques.fr\/wp-content\/uploads\/2017\/04\/P4120045.jpg?fit=480%2C640&amp;ssl=1\" class=\"attachment-full size-full\" alt=\"\" srcset=\"https:\/\/i0.wp.com\/genevieveetbernardauxameriques.fr\/wp-content\/uploads\/2017\/04\/P4120045.jpg?w=480&amp;ssl=1 480w, https:\/\/i0.wp.com\/genevieveetbernardauxameriques.fr\/wp-content\/uploads\/2017\/04\/P4120045.jpg?resize=225%2C300&amp;ssl=1 225w\" sizes=\"(max-width: 480px) 100vw, 480px\" data-attachment-id=\"18314\" data-permalink=\"https:\/\/genevieveetbernardauxameriques.fr\/index.php\/2017\/04\/18\/colombie-3eme-article-de-medellin-a-bogota\/olympus-digital-camera-36\/\" data-orig-file=\"https:\/\/i0.wp.com\/genevieveetbernardauxameriques.fr\/wp-content\/uploads\/2017\/04\/P4120045.jpg?fit=480%2C640&amp;ssl=1\" data-orig-size=\"480,640\" data-comments-opened=\"1\" data-image-meta=\"{&quot;aperture&quot;:&quot;6.3&quot;,&quot;credit&quot;:&quot;&quot;,&quot;camera&quot;:&quot;E-M5MarkII&quot;,&quot;caption&quot;:&quot;OLYMPUS DIGITAL CAMERA&quot;,&quot;created_timestamp&quot;:&quot;1492015512&quot;,&quot;copyright&quot;:&quot;&quot;,&quot;focal_length&quot;:&quot;25&quot;,&quot;iso&quot;:&quot;8000&quot;,&quot;shutter_speed&quot;:&quot;0.008&quot;,&quot;title&quot;:&quot;OLYMPUS DIGITAL CAMERA&quot;,&quot;orientation&quot;:&quot;1&quot;}\" data-image-title=\"OLYMPUS DIGITAL CAMERA\" data-image-description=\"\" data-image-caption=\"\" data-medium-file=\"https:\/\/i0.wp.com\/genevieveetbernardauxameriques.fr\/wp-content\/uploads\/2017\/04\/P4120045.jpg?fit=225%2C300&amp;ssl=1\" data-large-file=\"https:\/\/i0.wp.com\/genevieveetbernardauxameriques.fr\/wp-content\/uploads\/2017\/04\/P4120045.jpg?fit=480%2C640&amp;ssl=1\" \/><\/a>\n\t\t\t<\/dt><\/dl><dl class='gallery-item'>\n\t\t\t<dt class='gallery-icon portrait'>\n\t\t\t\t<a href='https:\/\/genevieveetbernardauxameriques.fr\/index.php\/2017\/04\/18\/colombie-3eme-article-de-medellin-a-bogota\/olympus-digital-camera-34\/'><img loading=\"lazy\" decoding=\"async\" width=\"480\" height=\"640\" src=\"https:\/\/i0.wp.com\/genevieveetbernardauxameriques.fr\/wp-content\/uploads\/2017\/04\/P4120043.jpg?fit=480%2C640&amp;ssl=1\" class=\"attachment-full size-full\" alt=\"\" srcset=\"https:\/\/i0.wp.com\/genevieveetbernardauxameriques.fr\/wp-content\/uploads\/2017\/04\/P4120043.jpg?w=480&amp;ssl=1 480w, https:\/\/i0.wp.com\/genevieveetbernardauxameriques.fr\/wp-content\/uploads\/2017\/04\/P4120043.jpg?resize=225%2C300&amp;ssl=1 225w\" sizes=\"(max-width: 480px) 100vw, 480px\" data-attachment-id=\"18312\" data-permalink=\"https:\/\/genevieveetbernardauxameriques.fr\/index.php\/2017\/04\/18\/colombie-3eme-article-de-medellin-a-bogota\/olympus-digital-camera-34\/\" data-orig-file=\"https:\/\/i0.wp.com\/genevieveetbernardauxameriques.fr\/wp-content\/uploads\/2017\/04\/P4120043.jpg?fit=480%2C640&amp;ssl=1\" data-orig-size=\"480,640\" data-comments-opened=\"1\" data-image-meta=\"{&quot;aperture&quot;:&quot;7.1&quot;,&quot;credit&quot;:&quot;&quot;,&quot;camera&quot;:&quot;E-M5MarkII&quot;,&quot;caption&quot;:&quot;OLYMPUS DIGITAL CAMERA&quot;,&quot;created_timestamp&quot;:&quot;1492015466&quot;,&quot;copyright&quot;:&quot;&quot;,&quot;focal_length&quot;:&quot;29&quot;,&quot;iso&quot;:&quot;8000&quot;,&quot;shutter_speed&quot;:&quot;0.00625&quot;,&quot;title&quot;:&quot;OLYMPUS DIGITAL CAMERA&quot;,&quot;orientation&quot;:&quot;1&quot;}\" data-image-title=\"OLYMPUS DIGITAL CAMERA\" data-image-description=\"\" data-image-caption=\"\" data-medium-file=\"https:\/\/i0.wp.com\/genevieveetbernardauxameriques.fr\/wp-content\/uploads\/2017\/04\/P4120043.jpg?fit=225%2C300&amp;ssl=1\" data-large-file=\"https:\/\/i0.wp.com\/genevieveetbernardauxameriques.fr\/wp-content\/uploads\/2017\/04\/P4120043.jpg?fit=480%2C640&amp;ssl=1\" \/><\/a>\n\t\t\t<\/dt><\/dl><br style=\"clear: both\" \/><dl class='gallery-item'>\n\t\t\t<dt class='gallery-icon landscape'>\n\t\t\t\t<a href='https:\/\/genevieveetbernardauxameriques.fr\/index.php\/2017\/04\/18\/colombie-3eme-article-de-medellin-a-bogota\/olympus-digital-camera-37\/'><img loading=\"lazy\" decoding=\"async\" width=\"640\" height=\"480\" src=\"https:\/\/i0.wp.com\/genevieveetbernardauxameriques.fr\/wp-content\/uploads\/2017\/04\/P4120046.jpg?fit=640%2C480&amp;ssl=1\" class=\"attachment-full size-full\" alt=\"\" srcset=\"https:\/\/i0.wp.com\/genevieveetbernardauxameriques.fr\/wp-content\/uploads\/2017\/04\/P4120046.jpg?w=640&amp;ssl=1 640w, https:\/\/i0.wp.com\/genevieveetbernardauxameriques.fr\/wp-content\/uploads\/2017\/04\/P4120046.jpg?resize=300%2C225&amp;ssl=1 300w\" sizes=\"(max-width: 640px) 100vw, 640px\" data-attachment-id=\"18315\" data-permalink=\"https:\/\/genevieveetbernardauxameriques.fr\/index.php\/2017\/04\/18\/colombie-3eme-article-de-medellin-a-bogota\/olympus-digital-camera-37\/\" data-orig-file=\"https:\/\/i0.wp.com\/genevieveetbernardauxameriques.fr\/wp-content\/uploads\/2017\/04\/P4120046.jpg?fit=640%2C480&amp;ssl=1\" data-orig-size=\"640,480\" data-comments-opened=\"1\" data-image-meta=\"{&quot;aperture&quot;:&quot;7.1&quot;,&quot;credit&quot;:&quot;&quot;,&quot;camera&quot;:&quot;E-M5MarkII&quot;,&quot;caption&quot;:&quot;OLYMPUS DIGITAL CAMERA&quot;,&quot;created_timestamp&quot;:&quot;1492015526&quot;,&quot;copyright&quot;:&quot;&quot;,&quot;focal_length&quot;:&quot;31&quot;,&quot;iso&quot;:&quot;8000&quot;,&quot;shutter_speed&quot;:&quot;0.008&quot;,&quot;title&quot;:&quot;OLYMPUS DIGITAL CAMERA&quot;,&quot;orientation&quot;:&quot;1&quot;}\" data-image-title=\"OLYMPUS DIGITAL CAMERA\" data-image-description=\"\" data-image-caption=\"\" data-medium-file=\"https:\/\/i0.wp.com\/genevieveetbernardauxameriques.fr\/wp-content\/uploads\/2017\/04\/P4120046.jpg?fit=300%2C225&amp;ssl=1\" data-large-file=\"https:\/\/i0.wp.com\/genevieveetbernardauxameriques.fr\/wp-content\/uploads\/2017\/04\/P4120046.jpg?fit=640%2C480&amp;ssl=1\" \/><\/a>\n\t\t\t<\/dt><\/dl><dl class='gallery-item'>\n\t\t\t<dt class='gallery-icon landscape'>\n\t\t\t\t<a href='https:\/\/genevieveetbernardauxameriques.fr\/index.php\/2017\/04\/18\/colombie-3eme-article-de-medellin-a-bogota\/olympus-digital-camera-35\/'><img loading=\"lazy\" decoding=\"async\" width=\"640\" height=\"480\" src=\"https:\/\/i0.wp.com\/genevieveetbernardauxameriques.fr\/wp-content\/uploads\/2017\/04\/P4120044.jpg?fit=640%2C480&amp;ssl=1\" class=\"attachment-full size-full\" alt=\"\" srcset=\"https:\/\/i0.wp.com\/genevieveetbernardauxameriques.fr\/wp-content\/uploads\/2017\/04\/P4120044.jpg?w=640&amp;ssl=1 640w, https:\/\/i0.wp.com\/genevieveetbernardauxameriques.fr\/wp-content\/uploads\/2017\/04\/P4120044.jpg?resize=300%2C225&amp;ssl=1 300w\" sizes=\"(max-width: 640px) 100vw, 640px\" data-attachment-id=\"18313\" data-permalink=\"https:\/\/genevieveetbernardauxameriques.fr\/index.php\/2017\/04\/18\/colombie-3eme-article-de-medellin-a-bogota\/olympus-digital-camera-35\/\" data-orig-file=\"https:\/\/i0.wp.com\/genevieveetbernardauxameriques.fr\/wp-content\/uploads\/2017\/04\/P4120044.jpg?fit=640%2C480&amp;ssl=1\" data-orig-size=\"640,480\" data-comments-opened=\"1\" data-image-meta=\"{&quot;aperture&quot;:&quot;5&quot;,&quot;credit&quot;:&quot;&quot;,&quot;camera&quot;:&quot;E-M5MarkII&quot;,&quot;caption&quot;:&quot;OLYMPUS DIGITAL CAMERA&quot;,&quot;created_timestamp&quot;:&quot;1492015502&quot;,&quot;copyright&quot;:&quot;&quot;,&quot;focal_length&quot;:&quot;22&quot;,&quot;iso&quot;:&quot;8000&quot;,&quot;shutter_speed&quot;:&quot;0.01&quot;,&quot;title&quot;:&quot;OLYMPUS DIGITAL CAMERA&quot;,&quot;orientation&quot;:&quot;1&quot;}\" data-image-title=\"OLYMPUS DIGITAL CAMERA\" data-image-description=\"\" data-image-caption=\"\" data-medium-file=\"https:\/\/i0.wp.com\/genevieveetbernardauxameriques.fr\/wp-content\/uploads\/2017\/04\/P4120044.jpg?fit=300%2C225&amp;ssl=1\" data-large-file=\"https:\/\/i0.wp.com\/genevieveetbernardauxameriques.fr\/wp-content\/uploads\/2017\/04\/P4120044.jpg?fit=640%2C480&amp;ssl=1\" \/><\/a>\n\t\t\t<\/dt><\/dl><dl class='gallery-item'>\n\t\t\t<dt class='gallery-icon landscape'>\n\t\t\t\t<a href='https:\/\/genevieveetbernardauxameriques.fr\/index.php\/2017\/04\/18\/colombie-3eme-article-de-medellin-a-bogota\/olympus-digital-camera-49\/'><img loading=\"lazy\" decoding=\"async\" width=\"640\" height=\"480\" src=\"https:\/\/i0.wp.com\/genevieveetbernardauxameriques.fr\/wp-content\/uploads\/2017\/04\/P4120061.jpg?fit=640%2C480&amp;ssl=1\" class=\"attachment-full size-full\" alt=\"\" srcset=\"https:\/\/i0.wp.com\/genevieveetbernardauxameriques.fr\/wp-content\/uploads\/2017\/04\/P4120061.jpg?w=640&amp;ssl=1 640w, https:\/\/i0.wp.com\/genevieveetbernardauxameriques.fr\/wp-content\/uploads\/2017\/04\/P4120061.jpg?resize=300%2C225&amp;ssl=1 300w\" sizes=\"(max-width: 640px) 100vw, 640px\" data-attachment-id=\"18327\" data-permalink=\"https:\/\/genevieveetbernardauxameriques.fr\/index.php\/2017\/04\/18\/colombie-3eme-article-de-medellin-a-bogota\/olympus-digital-camera-49\/\" data-orig-file=\"https:\/\/i0.wp.com\/genevieveetbernardauxameriques.fr\/wp-content\/uploads\/2017\/04\/P4120061.jpg?fit=640%2C480&amp;ssl=1\" data-orig-size=\"640,480\" data-comments-opened=\"1\" data-image-meta=\"{&quot;aperture&quot;:&quot;9&quot;,&quot;credit&quot;:&quot;&quot;,&quot;camera&quot;:&quot;E-M5MarkII&quot;,&quot;caption&quot;:&quot;OLYMPUS DIGITAL CAMERA&quot;,&quot;created_timestamp&quot;:&quot;1492015935&quot;,&quot;copyright&quot;:&quot;&quot;,&quot;focal_length&quot;:&quot;29&quot;,&quot;iso&quot;:&quot;8000&quot;,&quot;shutter_speed&quot;:&quot;0.004&quot;,&quot;title&quot;:&quot;OLYMPUS DIGITAL CAMERA&quot;,&quot;orientation&quot;:&quot;1&quot;}\" data-image-title=\"OLYMPUS DIGITAL CAMERA\" data-image-description=\"\" data-image-caption=\"\" data-medium-file=\"https:\/\/i0.wp.com\/genevieveetbernardauxameriques.fr\/wp-content\/uploads\/2017\/04\/P4120061.jpg?fit=300%2C225&amp;ssl=1\" data-large-file=\"https:\/\/i0.wp.com\/genevieveetbernardauxameriques.fr\/wp-content\/uploads\/2017\/04\/P4120061.jpg?fit=640%2C480&amp;ssl=1\" \/><\/a>\n\t\t\t<\/dt><\/dl><br style=\"clear: both\" \/><dl class='gallery-item'>\n\t\t\t<dt class='gallery-icon portrait'>\n\t\t\t\t<a href='https:\/\/genevieveetbernardauxameriques.fr\/index.php\/2017\/04\/18\/colombie-3eme-article-de-medellin-a-bogota\/olympus-digital-camera-33\/'><img loading=\"lazy\" decoding=\"async\" width=\"480\" height=\"640\" src=\"https:\/\/i0.wp.com\/genevieveetbernardauxameriques.fr\/wp-content\/uploads\/2017\/04\/P4120042.jpg?fit=480%2C640&amp;ssl=1\" class=\"attachment-full size-full\" alt=\"\" srcset=\"https:\/\/i0.wp.com\/genevieveetbernardauxameriques.fr\/wp-content\/uploads\/2017\/04\/P4120042.jpg?w=480&amp;ssl=1 480w, https:\/\/i0.wp.com\/genevieveetbernardauxameriques.fr\/wp-content\/uploads\/2017\/04\/P4120042.jpg?resize=225%2C300&amp;ssl=1 225w\" sizes=\"(max-width: 480px) 100vw, 480px\" data-attachment-id=\"18311\" data-permalink=\"https:\/\/genevieveetbernardauxameriques.fr\/index.php\/2017\/04\/18\/colombie-3eme-article-de-medellin-a-bogota\/olympus-digital-camera-33\/\" data-orig-file=\"https:\/\/i0.wp.com\/genevieveetbernardauxameriques.fr\/wp-content\/uploads\/2017\/04\/P4120042.jpg?fit=480%2C640&amp;ssl=1\" data-orig-size=\"480,640\" data-comments-opened=\"1\" data-image-meta=\"{&quot;aperture&quot;:&quot;7.1&quot;,&quot;credit&quot;:&quot;&quot;,&quot;camera&quot;:&quot;E-M5MarkII&quot;,&quot;caption&quot;:&quot;OLYMPUS DIGITAL CAMERA&quot;,&quot;created_timestamp&quot;:&quot;1492015367&quot;,&quot;copyright&quot;:&quot;&quot;,&quot;focal_length&quot;:&quot;29&quot;,&quot;iso&quot;:&quot;8000&quot;,&quot;shutter_speed&quot;:&quot;0.00625&quot;,&quot;title&quot;:&quot;OLYMPUS DIGITAL CAMERA&quot;,&quot;orientation&quot;:&quot;1&quot;}\" data-image-title=\"OLYMPUS DIGITAL CAMERA\" data-image-description=\"\" data-image-caption=\"\" data-medium-file=\"https:\/\/i0.wp.com\/genevieveetbernardauxameriques.fr\/wp-content\/uploads\/2017\/04\/P4120042.jpg?fit=225%2C300&amp;ssl=1\" data-large-file=\"https:\/\/i0.wp.com\/genevieveetbernardauxameriques.fr\/wp-content\/uploads\/2017\/04\/P4120042.jpg?fit=480%2C640&amp;ssl=1\" \/><\/a>\n\t\t\t<\/dt><\/dl><dl class='gallery-item'>\n\t\t\t<dt class='gallery-icon portrait'>\n\t\t\t\t<a href='https:\/\/genevieveetbernardauxameriques.fr\/index.php\/2017\/04\/18\/colombie-3eme-article-de-medellin-a-bogota\/olympus-digital-camera-32\/'><img loading=\"lazy\" decoding=\"async\" width=\"480\" height=\"640\" src=\"https:\/\/i0.wp.com\/genevieveetbernardauxameriques.fr\/wp-content\/uploads\/2017\/04\/P4120041.jpg?fit=480%2C640&amp;ssl=1\" class=\"attachment-full size-full\" alt=\"\" srcset=\"https:\/\/i0.wp.com\/genevieveetbernardauxameriques.fr\/wp-content\/uploads\/2017\/04\/P4120041.jpg?w=480&amp;ssl=1 480w, https:\/\/i0.wp.com\/genevieveetbernardauxameriques.fr\/wp-content\/uploads\/2017\/04\/P4120041.jpg?resize=225%2C300&amp;ssl=1 225w\" sizes=\"(max-width: 480px) 100vw, 480px\" data-attachment-id=\"18310\" data-permalink=\"https:\/\/genevieveetbernardauxameriques.fr\/index.php\/2017\/04\/18\/colombie-3eme-article-de-medellin-a-bogota\/olympus-digital-camera-32\/\" data-orig-file=\"https:\/\/i0.wp.com\/genevieveetbernardauxameriques.fr\/wp-content\/uploads\/2017\/04\/P4120041.jpg?fit=480%2C640&amp;ssl=1\" data-orig-size=\"480,640\" data-comments-opened=\"1\" data-image-meta=\"{&quot;aperture&quot;:&quot;7.1&quot;,&quot;credit&quot;:&quot;&quot;,&quot;camera&quot;:&quot;E-M5MarkII&quot;,&quot;caption&quot;:&quot;OLYMPUS DIGITAL CAMERA&quot;,&quot;created_timestamp&quot;:&quot;1492015353&quot;,&quot;copyright&quot;:&quot;&quot;,&quot;focal_length&quot;:&quot;36&quot;,&quot;iso&quot;:&quot;8000&quot;,&quot;shutter_speed&quot;:&quot;0.00625&quot;,&quot;title&quot;:&quot;OLYMPUS DIGITAL CAMERA&quot;,&quot;orientation&quot;:&quot;1&quot;}\" data-image-title=\"OLYMPUS DIGITAL CAMERA\" data-image-description=\"\" data-image-caption=\"\" data-medium-file=\"https:\/\/i0.wp.com\/genevieveetbernardauxameriques.fr\/wp-content\/uploads\/2017\/04\/P4120041.jpg?fit=225%2C300&amp;ssl=1\" data-large-file=\"https:\/\/i0.wp.com\/genevieveetbernardauxameriques.fr\/wp-content\/uploads\/2017\/04\/P4120041.jpg?fit=480%2C640&amp;ssl=1\" \/><\/a>\n\t\t\t<\/dt><\/dl><dl class='gallery-item'>\n\t\t\t<dt class='gallery-icon portrait'>\n\t\t\t\t<a href='https:\/\/genevieveetbernardauxameriques.fr\/index.php\/2017\/04\/18\/colombie-3eme-article-de-medellin-a-bogota\/olympus-digital-camera-30\/'><img loading=\"lazy\" decoding=\"async\" width=\"480\" height=\"640\" src=\"https:\/\/i0.wp.com\/genevieveetbernardauxameriques.fr\/wp-content\/uploads\/2017\/04\/P4120038.jpg?fit=480%2C640&amp;ssl=1\" class=\"attachment-full size-full\" alt=\"\" srcset=\"https:\/\/i0.wp.com\/genevieveetbernardauxameriques.fr\/wp-content\/uploads\/2017\/04\/P4120038.jpg?w=480&amp;ssl=1 480w, https:\/\/i0.wp.com\/genevieveetbernardauxameriques.fr\/wp-content\/uploads\/2017\/04\/P4120038.jpg?resize=225%2C300&amp;ssl=1 225w\" sizes=\"(max-width: 480px) 100vw, 480px\" data-attachment-id=\"18308\" data-permalink=\"https:\/\/genevieveetbernardauxameriques.fr\/index.php\/2017\/04\/18\/colombie-3eme-article-de-medellin-a-bogota\/olympus-digital-camera-30\/\" data-orig-file=\"https:\/\/i0.wp.com\/genevieveetbernardauxameriques.fr\/wp-content\/uploads\/2017\/04\/P4120038.jpg?fit=480%2C640&amp;ssl=1\" data-orig-size=\"480,640\" data-comments-opened=\"1\" data-image-meta=\"{&quot;aperture&quot;:&quot;8&quot;,&quot;credit&quot;:&quot;&quot;,&quot;camera&quot;:&quot;E-M5MarkII&quot;,&quot;caption&quot;:&quot;OLYMPUS DIGITAL CAMERA&quot;,&quot;created_timestamp&quot;:&quot;1492015325&quot;,&quot;copyright&quot;:&quot;&quot;,&quot;focal_length&quot;:&quot;31&quot;,&quot;iso&quot;:&quot;8000&quot;,&quot;shutter_speed&quot;:&quot;0.00625&quot;,&quot;title&quot;:&quot;OLYMPUS DIGITAL CAMERA&quot;,&quot;orientation&quot;:&quot;1&quot;}\" data-image-title=\"OLYMPUS DIGITAL CAMERA\" data-image-description=\"\" data-image-caption=\"\" data-medium-file=\"https:\/\/i0.wp.com\/genevieveetbernardauxameriques.fr\/wp-content\/uploads\/2017\/04\/P4120038.jpg?fit=225%2C300&amp;ssl=1\" data-large-file=\"https:\/\/i0.wp.com\/genevieveetbernardauxameriques.fr\/wp-content\/uploads\/2017\/04\/P4120038.jpg?fit=480%2C640&amp;ssl=1\" \/><\/a>\n\t\t\t<\/dt><\/dl><br style=\"clear: both\" \/><dl class='gallery-item'>\n\t\t\t<dt class='gallery-icon portrait'>\n\t\t\t\t<a href='https:\/\/genevieveetbernardauxameriques.fr\/index.php\/2017\/04\/18\/colombie-3eme-article-de-medellin-a-bogota\/olympus-digital-camera-29\/'><img loading=\"lazy\" decoding=\"async\" width=\"480\" height=\"640\" src=\"https:\/\/i0.wp.com\/genevieveetbernardauxameriques.fr\/wp-content\/uploads\/2017\/04\/P4120037.jpg?fit=480%2C640&amp;ssl=1\" class=\"attachment-full size-full\" alt=\"\" srcset=\"https:\/\/i0.wp.com\/genevieveetbernardauxameriques.fr\/wp-content\/uploads\/2017\/04\/P4120037.jpg?w=480&amp;ssl=1 480w, https:\/\/i0.wp.com\/genevieveetbernardauxameriques.fr\/wp-content\/uploads\/2017\/04\/P4120037.jpg?resize=225%2C300&amp;ssl=1 225w\" sizes=\"(max-width: 480px) 100vw, 480px\" data-attachment-id=\"18307\" data-permalink=\"https:\/\/genevieveetbernardauxameriques.fr\/index.php\/2017\/04\/18\/colombie-3eme-article-de-medellin-a-bogota\/olympus-digital-camera-29\/\" data-orig-file=\"https:\/\/i0.wp.com\/genevieveetbernardauxameriques.fr\/wp-content\/uploads\/2017\/04\/P4120037.jpg?fit=480%2C640&amp;ssl=1\" data-orig-size=\"480,640\" data-comments-opened=\"1\" data-image-meta=\"{&quot;aperture&quot;:&quot;5.6&quot;,&quot;credit&quot;:&quot;&quot;,&quot;camera&quot;:&quot;E-M5MarkII&quot;,&quot;caption&quot;:&quot;OLYMPUS DIGITAL CAMERA&quot;,&quot;created_timestamp&quot;:&quot;1492015311&quot;,&quot;copyright&quot;:&quot;&quot;,&quot;focal_length&quot;:&quot;31&quot;,&quot;iso&quot;:&quot;8000&quot;,&quot;shutter_speed&quot;:&quot;0.0125&quot;,&quot;title&quot;:&quot;OLYMPUS DIGITAL CAMERA&quot;,&quot;orientation&quot;:&quot;1&quot;}\" data-image-title=\"OLYMPUS DIGITAL CAMERA\" data-image-description=\"\" data-image-caption=\"\" data-medium-file=\"https:\/\/i0.wp.com\/genevieveetbernardauxameriques.fr\/wp-content\/uploads\/2017\/04\/P4120037.jpg?fit=225%2C300&amp;ssl=1\" data-large-file=\"https:\/\/i0.wp.com\/genevieveetbernardauxameriques.fr\/wp-content\/uploads\/2017\/04\/P4120037.jpg?fit=480%2C640&amp;ssl=1\" \/><\/a>\n\t\t\t<\/dt><\/dl><dl class='gallery-item'>\n\t\t\t<dt class='gallery-icon portrait'>\n\t\t\t\t<a href='https:\/\/genevieveetbernardauxameriques.fr\/index.php\/2017\/04\/18\/colombie-3eme-article-de-medellin-a-bogota\/olympus-digital-camera-28\/'><img loading=\"lazy\" decoding=\"async\" width=\"480\" height=\"640\" src=\"https:\/\/i0.wp.com\/genevieveetbernardauxameriques.fr\/wp-content\/uploads\/2017\/04\/P4120036.jpg?fit=480%2C640&amp;ssl=1\" class=\"attachment-full size-full\" alt=\"\" srcset=\"https:\/\/i0.wp.com\/genevieveetbernardauxameriques.fr\/wp-content\/uploads\/2017\/04\/P4120036.jpg?w=480&amp;ssl=1 480w, https:\/\/i0.wp.com\/genevieveetbernardauxameriques.fr\/wp-content\/uploads\/2017\/04\/P4120036.jpg?resize=225%2C300&amp;ssl=1 225w\" sizes=\"(max-width: 480px) 100vw, 480px\" data-attachment-id=\"18306\" data-permalink=\"https:\/\/genevieveetbernardauxameriques.fr\/index.php\/2017\/04\/18\/colombie-3eme-article-de-medellin-a-bogota\/olympus-digital-camera-28\/\" data-orig-file=\"https:\/\/i0.wp.com\/genevieveetbernardauxameriques.fr\/wp-content\/uploads\/2017\/04\/P4120036.jpg?fit=480%2C640&amp;ssl=1\" data-orig-size=\"480,640\" data-comments-opened=\"1\" data-image-meta=\"{&quot;aperture&quot;:&quot;6.3&quot;,&quot;credit&quot;:&quot;&quot;,&quot;camera&quot;:&quot;E-M5MarkII&quot;,&quot;caption&quot;:&quot;OLYMPUS DIGITAL CAMERA&quot;,&quot;created_timestamp&quot;:&quot;1492015300&quot;,&quot;copyright&quot;:&quot;&quot;,&quot;focal_length&quot;:&quot;29&quot;,&quot;iso&quot;:&quot;8000&quot;,&quot;shutter_speed&quot;:&quot;0.008&quot;,&quot;title&quot;:&quot;OLYMPUS DIGITAL CAMERA&quot;,&quot;orientation&quot;:&quot;1&quot;}\" data-image-title=\"OLYMPUS DIGITAL CAMERA\" data-image-description=\"\" data-image-caption=\"\" data-medium-file=\"https:\/\/i0.wp.com\/genevieveetbernardauxameriques.fr\/wp-content\/uploads\/2017\/04\/P4120036.jpg?fit=225%2C300&amp;ssl=1\" data-large-file=\"https:\/\/i0.wp.com\/genevieveetbernardauxameriques.fr\/wp-content\/uploads\/2017\/04\/P4120036.jpg?fit=480%2C640&amp;ssl=1\" \/><\/a>\n\t\t\t<\/dt><\/dl><dl class='gallery-item'>\n\t\t\t<dt class='gallery-icon portrait'>\n\t\t\t\t<a href='https:\/\/genevieveetbernardauxameriques.fr\/index.php\/2017\/04\/18\/colombie-3eme-article-de-medellin-a-bogota\/olympus-digital-camera-27\/'><img loading=\"lazy\" decoding=\"async\" width=\"480\" height=\"640\" src=\"https:\/\/i0.wp.com\/genevieveetbernardauxameriques.fr\/wp-content\/uploads\/2017\/04\/P4120035.jpg?fit=480%2C640&amp;ssl=1\" class=\"attachment-full size-full\" alt=\"\" srcset=\"https:\/\/i0.wp.com\/genevieveetbernardauxameriques.fr\/wp-content\/uploads\/2017\/04\/P4120035.jpg?w=480&amp;ssl=1 480w, https:\/\/i0.wp.com\/genevieveetbernardauxameriques.fr\/wp-content\/uploads\/2017\/04\/P4120035.jpg?resize=225%2C300&amp;ssl=1 225w\" sizes=\"(max-width: 480px) 100vw, 480px\" data-attachment-id=\"18305\" data-permalink=\"https:\/\/genevieveetbernardauxameriques.fr\/index.php\/2017\/04\/18\/colombie-3eme-article-de-medellin-a-bogota\/olympus-digital-camera-27\/\" data-orig-file=\"https:\/\/i0.wp.com\/genevieveetbernardauxameriques.fr\/wp-content\/uploads\/2017\/04\/P4120035.jpg?fit=480%2C640&amp;ssl=1\" data-orig-size=\"480,640\" data-comments-opened=\"1\" data-image-meta=\"{&quot;aperture&quot;:&quot;6.3&quot;,&quot;credit&quot;:&quot;&quot;,&quot;camera&quot;:&quot;E-M5MarkII&quot;,&quot;caption&quot;:&quot;OLYMPUS DIGITAL CAMERA&quot;,&quot;created_timestamp&quot;:&quot;1492015273&quot;,&quot;copyright&quot;:&quot;&quot;,&quot;focal_length&quot;:&quot;29&quot;,&quot;iso&quot;:&quot;8000&quot;,&quot;shutter_speed&quot;:&quot;0.01&quot;,&quot;title&quot;:&quot;OLYMPUS DIGITAL CAMERA&quot;,&quot;orientation&quot;:&quot;1&quot;}\" data-image-title=\"OLYMPUS DIGITAL CAMERA\" data-image-description=\"\" data-image-caption=\"\" data-medium-file=\"https:\/\/i0.wp.com\/genevieveetbernardauxameriques.fr\/wp-content\/uploads\/2017\/04\/P4120035.jpg?fit=225%2C300&amp;ssl=1\" data-large-file=\"https:\/\/i0.wp.com\/genevieveetbernardauxameriques.fr\/wp-content\/uploads\/2017\/04\/P4120035.jpg?fit=480%2C640&amp;ssl=1\" \/><\/a>\n\t\t\t<\/dt><\/dl><br style=\"clear: both\" \/><dl class='gallery-item'>\n\t\t\t<dt class='gallery-icon landscape'>\n\t\t\t\t<a href='https:\/\/genevieveetbernardauxameriques.fr\/index.php\/2017\/04\/18\/colombie-3eme-article-de-medellin-a-bogota\/olympus-digital-camera-22\/'><img loading=\"lazy\" decoding=\"async\" width=\"640\" height=\"480\" src=\"https:\/\/i0.wp.com\/genevieveetbernardauxameriques.fr\/wp-content\/uploads\/2017\/04\/P4120029.jpg?fit=640%2C480&amp;ssl=1\" class=\"attachment-full size-full\" alt=\"\" srcset=\"https:\/\/i0.wp.com\/genevieveetbernardauxameriques.fr\/wp-content\/uploads\/2017\/04\/P4120029.jpg?w=640&amp;ssl=1 640w, https:\/\/i0.wp.com\/genevieveetbernardauxameriques.fr\/wp-content\/uploads\/2017\/04\/P4120029.jpg?resize=300%2C225&amp;ssl=1 300w\" sizes=\"(max-width: 640px) 100vw, 640px\" data-attachment-id=\"18300\" data-permalink=\"https:\/\/genevieveetbernardauxameriques.fr\/index.php\/2017\/04\/18\/colombie-3eme-article-de-medellin-a-bogota\/olympus-digital-camera-22\/\" data-orig-file=\"https:\/\/i0.wp.com\/genevieveetbernardauxameriques.fr\/wp-content\/uploads\/2017\/04\/P4120029.jpg?fit=640%2C480&amp;ssl=1\" data-orig-size=\"640,480\" data-comments-opened=\"1\" data-image-meta=\"{&quot;aperture&quot;:&quot;9&quot;,&quot;credit&quot;:&quot;&quot;,&quot;camera&quot;:&quot;E-M5MarkII&quot;,&quot;caption&quot;:&quot;OLYMPUS DIGITAL CAMERA&quot;,&quot;created_timestamp&quot;:&quot;1492015157&quot;,&quot;copyright&quot;:&quot;&quot;,&quot;focal_length&quot;:&quot;39&quot;,&quot;iso&quot;:&quot;8000&quot;,&quot;shutter_speed&quot;:&quot;0.004&quot;,&quot;title&quot;:&quot;OLYMPUS DIGITAL CAMERA&quot;,&quot;orientation&quot;:&quot;1&quot;}\" data-image-title=\"OLYMPUS DIGITAL CAMERA\" data-image-description=\"\" data-image-caption=\"\" data-medium-file=\"https:\/\/i0.wp.com\/genevieveetbernardauxameriques.fr\/wp-content\/uploads\/2017\/04\/P4120029.jpg?fit=300%2C225&amp;ssl=1\" data-large-file=\"https:\/\/i0.wp.com\/genevieveetbernardauxameriques.fr\/wp-content\/uploads\/2017\/04\/P4120029.jpg?fit=640%2C480&amp;ssl=1\" \/><\/a>\n\t\t\t<\/dt><\/dl><dl class='gallery-item'>\n\t\t\t<dt class='gallery-icon landscape'>\n\t\t\t\t<a href='https:\/\/genevieveetbernardauxameriques.fr\/index.php\/2017\/04\/18\/colombie-3eme-article-de-medellin-a-bogota\/olympus-digital-camera-31\/'><img loading=\"lazy\" decoding=\"async\" width=\"640\" height=\"480\" src=\"https:\/\/i0.wp.com\/genevieveetbernardauxameriques.fr\/wp-content\/uploads\/2017\/04\/P4120040.jpg?fit=640%2C480&amp;ssl=1\" class=\"attachment-full size-full\" alt=\"\" srcset=\"https:\/\/i0.wp.com\/genevieveetbernardauxameriques.fr\/wp-content\/uploads\/2017\/04\/P4120040.jpg?w=640&amp;ssl=1 640w, https:\/\/i0.wp.com\/genevieveetbernardauxameriques.fr\/wp-content\/uploads\/2017\/04\/P4120040.jpg?resize=300%2C225&amp;ssl=1 300w\" sizes=\"(max-width: 640px) 100vw, 640px\" data-attachment-id=\"18309\" data-permalink=\"https:\/\/genevieveetbernardauxameriques.fr\/index.php\/2017\/04\/18\/colombie-3eme-article-de-medellin-a-bogota\/olympus-digital-camera-31\/\" data-orig-file=\"https:\/\/i0.wp.com\/genevieveetbernardauxameriques.fr\/wp-content\/uploads\/2017\/04\/P4120040.jpg?fit=640%2C480&amp;ssl=1\" data-orig-size=\"640,480\" data-comments-opened=\"1\" data-image-meta=\"{&quot;aperture&quot;:&quot;6.3&quot;,&quot;credit&quot;:&quot;&quot;,&quot;camera&quot;:&quot;E-M5MarkII&quot;,&quot;caption&quot;:&quot;OLYMPUS DIGITAL CAMERA&quot;,&quot;created_timestamp&quot;:&quot;1492015340&quot;,&quot;copyright&quot;:&quot;&quot;,&quot;focal_length&quot;:&quot;25&quot;,&quot;iso&quot;:&quot;8000&quot;,&quot;shutter_speed&quot;:&quot;0.008&quot;,&quot;title&quot;:&quot;OLYMPUS DIGITAL CAMERA&quot;,&quot;orientation&quot;:&quot;1&quot;}\" data-image-title=\"OLYMPUS DIGITAL CAMERA\" data-image-description=\"\" data-image-caption=\"\" data-medium-file=\"https:\/\/i0.wp.com\/genevieveetbernardauxameriques.fr\/wp-content\/uploads\/2017\/04\/P4120040.jpg?fit=300%2C225&amp;ssl=1\" data-large-file=\"https:\/\/i0.wp.com\/genevieveetbernardauxameriques.fr\/wp-content\/uploads\/2017\/04\/P4120040.jpg?fit=640%2C480&amp;ssl=1\" \/><\/a>\n\t\t\t<\/dt><\/dl><dl class='gallery-item'>\n\t\t\t<dt class='gallery-icon landscape'>\n\t\t\t\t<a href='https:\/\/genevieveetbernardauxameriques.fr\/index.php\/2017\/04\/18\/colombie-3eme-article-de-medellin-a-bogota\/olympus-digital-camera-23\/'><img loading=\"lazy\" decoding=\"async\" width=\"640\" height=\"480\" src=\"https:\/\/i0.wp.com\/genevieveetbernardauxameriques.fr\/wp-content\/uploads\/2017\/04\/P4120030.jpg?fit=640%2C480&amp;ssl=1\" class=\"attachment-full size-full\" alt=\"\" srcset=\"https:\/\/i0.wp.com\/genevieveetbernardauxameriques.fr\/wp-content\/uploads\/2017\/04\/P4120030.jpg?w=640&amp;ssl=1 640w, https:\/\/i0.wp.com\/genevieveetbernardauxameriques.fr\/wp-content\/uploads\/2017\/04\/P4120030.jpg?resize=300%2C225&amp;ssl=1 300w\" sizes=\"(max-width: 640px) 100vw, 640px\" data-attachment-id=\"18301\" data-permalink=\"https:\/\/genevieveetbernardauxameriques.fr\/index.php\/2017\/04\/18\/colombie-3eme-article-de-medellin-a-bogota\/olympus-digital-camera-23\/\" data-orig-file=\"https:\/\/i0.wp.com\/genevieveetbernardauxameriques.fr\/wp-content\/uploads\/2017\/04\/P4120030.jpg?fit=640%2C480&amp;ssl=1\" data-orig-size=\"640,480\" data-comments-opened=\"1\" data-image-meta=\"{&quot;aperture&quot;:&quot;6.3&quot;,&quot;credit&quot;:&quot;&quot;,&quot;camera&quot;:&quot;E-M5MarkII&quot;,&quot;caption&quot;:&quot;OLYMPUS DIGITAL CAMERA&quot;,&quot;created_timestamp&quot;:&quot;1492015210&quot;,&quot;copyright&quot;:&quot;&quot;,&quot;focal_length&quot;:&quot;20&quot;,&quot;iso&quot;:&quot;8000&quot;,&quot;shutter_speed&quot;:&quot;0.00625&quot;,&quot;title&quot;:&quot;OLYMPUS DIGITAL CAMERA&quot;,&quot;orientation&quot;:&quot;1&quot;}\" data-image-title=\"OLYMPUS DIGITAL CAMERA\" data-image-description=\"\" data-image-caption=\"\" data-medium-file=\"https:\/\/i0.wp.com\/genevieveetbernardauxameriques.fr\/wp-content\/uploads\/2017\/04\/P4120030.jpg?fit=300%2C225&amp;ssl=1\" data-large-file=\"https:\/\/i0.wp.com\/genevieveetbernardauxameriques.fr\/wp-content\/uploads\/2017\/04\/P4120030.jpg?fit=640%2C480&amp;ssl=1\" \/><\/a>\n\t\t\t<\/dt><\/dl><br style=\"clear: both\" \/><dl class='gallery-item'>\n\t\t\t<dt class='gallery-icon portrait'>\n\t\t\t\t<a href='https:\/\/genevieveetbernardauxameriques.fr\/index.php\/2017\/04\/18\/colombie-3eme-article-de-medellin-a-bogota\/olympus-digital-camera-25\/'><img loading=\"lazy\" decoding=\"async\" width=\"480\" height=\"640\" src=\"https:\/\/i0.wp.com\/genevieveetbernardauxameriques.fr\/wp-content\/uploads\/2017\/04\/P4120033.jpg?fit=480%2C640&amp;ssl=1\" class=\"attachment-full size-full\" alt=\"\" srcset=\"https:\/\/i0.wp.com\/genevieveetbernardauxameriques.fr\/wp-content\/uploads\/2017\/04\/P4120033.jpg?w=480&amp;ssl=1 480w, https:\/\/i0.wp.com\/genevieveetbernardauxameriques.fr\/wp-content\/uploads\/2017\/04\/P4120033.jpg?resize=225%2C300&amp;ssl=1 225w\" sizes=\"(max-width: 480px) 100vw, 480px\" data-attachment-id=\"18303\" data-permalink=\"https:\/\/genevieveetbernardauxameriques.fr\/index.php\/2017\/04\/18\/colombie-3eme-article-de-medellin-a-bogota\/olympus-digital-camera-25\/\" data-orig-file=\"https:\/\/i0.wp.com\/genevieveetbernardauxameriques.fr\/wp-content\/uploads\/2017\/04\/P4120033.jpg?fit=480%2C640&amp;ssl=1\" data-orig-size=\"480,640\" data-comments-opened=\"1\" data-image-meta=\"{&quot;aperture&quot;:&quot;8&quot;,&quot;credit&quot;:&quot;&quot;,&quot;camera&quot;:&quot;E-M5MarkII&quot;,&quot;caption&quot;:&quot;OLYMPUS DIGITAL CAMERA&quot;,&quot;created_timestamp&quot;:&quot;1492015245&quot;,&quot;copyright&quot;:&quot;&quot;,&quot;focal_length&quot;:&quot;31&quot;,&quot;iso&quot;:&quot;8000&quot;,&quot;shutter_speed&quot;:&quot;0.00625&quot;,&quot;title&quot;:&quot;OLYMPUS DIGITAL CAMERA&quot;,&quot;orientation&quot;:&quot;1&quot;}\" data-image-title=\"OLYMPUS DIGITAL CAMERA\" data-image-description=\"\" data-image-caption=\"\" data-medium-file=\"https:\/\/i0.wp.com\/genevieveetbernardauxameriques.fr\/wp-content\/uploads\/2017\/04\/P4120033.jpg?fit=225%2C300&amp;ssl=1\" data-large-file=\"https:\/\/i0.wp.com\/genevieveetbernardauxameriques.fr\/wp-content\/uploads\/2017\/04\/P4120033.jpg?fit=480%2C640&amp;ssl=1\" \/><\/a>\n\t\t\t<\/dt><\/dl><dl class='gallery-item'>\n\t\t\t<dt class='gallery-icon portrait'>\n\t\t\t\t<a href='https:\/\/genevieveetbernardauxameriques.fr\/index.php\/2017\/04\/18\/colombie-3eme-article-de-medellin-a-bogota\/olympus-digital-camera-21\/'><img loading=\"lazy\" decoding=\"async\" width=\"480\" height=\"640\" src=\"https:\/\/i0.wp.com\/genevieveetbernardauxameriques.fr\/wp-content\/uploads\/2017\/04\/P4120028.jpg?fit=480%2C640&amp;ssl=1\" class=\"attachment-full size-full\" alt=\"\" srcset=\"https:\/\/i0.wp.com\/genevieveetbernardauxameriques.fr\/wp-content\/uploads\/2017\/04\/P4120028.jpg?w=480&amp;ssl=1 480w, https:\/\/i0.wp.com\/genevieveetbernardauxameriques.fr\/wp-content\/uploads\/2017\/04\/P4120028.jpg?resize=225%2C300&amp;ssl=1 225w\" sizes=\"(max-width: 480px) 100vw, 480px\" data-attachment-id=\"18299\" data-permalink=\"https:\/\/genevieveetbernardauxameriques.fr\/index.php\/2017\/04\/18\/colombie-3eme-article-de-medellin-a-bogota\/olympus-digital-camera-21\/\" data-orig-file=\"https:\/\/i0.wp.com\/genevieveetbernardauxameriques.fr\/wp-content\/uploads\/2017\/04\/P4120028.jpg?fit=480%2C640&amp;ssl=1\" data-orig-size=\"480,640\" data-comments-opened=\"1\" data-image-meta=\"{&quot;aperture&quot;:&quot;10&quot;,&quot;credit&quot;:&quot;&quot;,&quot;camera&quot;:&quot;E-M5MarkII&quot;,&quot;caption&quot;:&quot;OLYMPUS DIGITAL CAMERA&quot;,&quot;created_timestamp&quot;:&quot;1492015146&quot;,&quot;copyright&quot;:&quot;&quot;,&quot;focal_length&quot;:&quot;39&quot;,&quot;iso&quot;:&quot;8000&quot;,&quot;shutter_speed&quot;:&quot;0.003125&quot;,&quot;title&quot;:&quot;OLYMPUS DIGITAL CAMERA&quot;,&quot;orientation&quot;:&quot;1&quot;}\" data-image-title=\"OLYMPUS DIGITAL CAMERA\" data-image-description=\"\" data-image-caption=\"\" data-medium-file=\"https:\/\/i0.wp.com\/genevieveetbernardauxameriques.fr\/wp-content\/uploads\/2017\/04\/P4120028.jpg?fit=225%2C300&amp;ssl=1\" data-large-file=\"https:\/\/i0.wp.com\/genevieveetbernardauxameriques.fr\/wp-content\/uploads\/2017\/04\/P4120028.jpg?fit=480%2C640&amp;ssl=1\" \/><\/a>\n\t\t\t<\/dt><\/dl><dl class='gallery-item'>\n\t\t\t<dt class='gallery-icon portrait'>\n\t\t\t\t<a href='https:\/\/genevieveetbernardauxameriques.fr\/index.php\/2017\/04\/18\/colombie-3eme-article-de-medellin-a-bogota\/olympus-digital-camera-20\/'><img loading=\"lazy\" decoding=\"async\" width=\"480\" height=\"640\" src=\"https:\/\/i0.wp.com\/genevieveetbernardauxameriques.fr\/wp-content\/uploads\/2017\/04\/P4120027.jpg?fit=480%2C640&amp;ssl=1\" class=\"attachment-full size-full\" alt=\"\" srcset=\"https:\/\/i0.wp.com\/genevieveetbernardauxameriques.fr\/wp-content\/uploads\/2017\/04\/P4120027.jpg?w=480&amp;ssl=1 480w, https:\/\/i0.wp.com\/genevieveetbernardauxameriques.fr\/wp-content\/uploads\/2017\/04\/P4120027.jpg?resize=225%2C300&amp;ssl=1 225w\" sizes=\"(max-width: 480px) 100vw, 480px\" data-attachment-id=\"18298\" data-permalink=\"https:\/\/genevieveetbernardauxameriques.fr\/index.php\/2017\/04\/18\/colombie-3eme-article-de-medellin-a-bogota\/olympus-digital-camera-20\/\" data-orig-file=\"https:\/\/i0.wp.com\/genevieveetbernardauxameriques.fr\/wp-content\/uploads\/2017\/04\/P4120027.jpg?fit=480%2C640&amp;ssl=1\" data-orig-size=\"480,640\" data-comments-opened=\"1\" data-image-meta=\"{&quot;aperture&quot;:&quot;8&quot;,&quot;credit&quot;:&quot;&quot;,&quot;camera&quot;:&quot;E-M5MarkII&quot;,&quot;caption&quot;:&quot;OLYMPUS DIGITAL CAMERA&quot;,&quot;created_timestamp&quot;:&quot;1492015120&quot;,&quot;copyright&quot;:&quot;&quot;,&quot;focal_length&quot;:&quot;31&quot;,&quot;iso&quot;:&quot;8000&quot;,&quot;shutter_speed&quot;:&quot;0.005&quot;,&quot;title&quot;:&quot;OLYMPUS DIGITAL CAMERA&quot;,&quot;orientation&quot;:&quot;1&quot;}\" data-image-title=\"OLYMPUS DIGITAL CAMERA\" data-image-description=\"\" data-image-caption=\"\" data-medium-file=\"https:\/\/i0.wp.com\/genevieveetbernardauxameriques.fr\/wp-content\/uploads\/2017\/04\/P4120027.jpg?fit=225%2C300&amp;ssl=1\" data-large-file=\"https:\/\/i0.wp.com\/genevieveetbernardauxameriques.fr\/wp-content\/uploads\/2017\/04\/P4120027.jpg?fit=480%2C640&amp;ssl=1\" \/><\/a>\n\t\t\t<\/dt><\/dl><br style=\"clear: both\" \/><dl class='gallery-item'>\n\t\t\t<dt class='gallery-icon portrait'>\n\t\t\t\t<a href='https:\/\/genevieveetbernardauxameriques.fr\/index.php\/2017\/04\/18\/colombie-3eme-article-de-medellin-a-bogota\/olympus-digital-camera-19\/'><img loading=\"lazy\" decoding=\"async\" width=\"480\" height=\"640\" src=\"https:\/\/i0.wp.com\/genevieveetbernardauxameriques.fr\/wp-content\/uploads\/2017\/04\/P4120026.jpg?fit=480%2C640&amp;ssl=1\" class=\"attachment-full size-full\" alt=\"\" srcset=\"https:\/\/i0.wp.com\/genevieveetbernardauxameriques.fr\/wp-content\/uploads\/2017\/04\/P4120026.jpg?w=480&amp;ssl=1 480w, https:\/\/i0.wp.com\/genevieveetbernardauxameriques.fr\/wp-content\/uploads\/2017\/04\/P4120026.jpg?resize=225%2C300&amp;ssl=1 225w\" sizes=\"(max-width: 480px) 100vw, 480px\" data-attachment-id=\"18297\" data-permalink=\"https:\/\/genevieveetbernardauxameriques.fr\/index.php\/2017\/04\/18\/colombie-3eme-article-de-medellin-a-bogota\/olympus-digital-camera-19\/\" data-orig-file=\"https:\/\/i0.wp.com\/genevieveetbernardauxameriques.fr\/wp-content\/uploads\/2017\/04\/P4120026.jpg?fit=480%2C640&amp;ssl=1\" data-orig-size=\"480,640\" data-comments-opened=\"1\" data-image-meta=\"{&quot;aperture&quot;:&quot;9&quot;,&quot;credit&quot;:&quot;&quot;,&quot;camera&quot;:&quot;E-M5MarkII&quot;,&quot;caption&quot;:&quot;OLYMPUS DIGITAL CAMERA&quot;,&quot;created_timestamp&quot;:&quot;1492015099&quot;,&quot;copyright&quot;:&quot;&quot;,&quot;focal_length&quot;:&quot;25&quot;,&quot;iso&quot;:&quot;8000&quot;,&quot;shutter_speed&quot;:&quot;0.004&quot;,&quot;title&quot;:&quot;OLYMPUS DIGITAL CAMERA&quot;,&quot;orientation&quot;:&quot;1&quot;}\" data-image-title=\"OLYMPUS DIGITAL CAMERA\" data-image-description=\"\" data-image-caption=\"\" data-medium-file=\"https:\/\/i0.wp.com\/genevieveetbernardauxameriques.fr\/wp-content\/uploads\/2017\/04\/P4120026.jpg?fit=225%2C300&amp;ssl=1\" data-large-file=\"https:\/\/i0.wp.com\/genevieveetbernardauxameriques.fr\/wp-content\/uploads\/2017\/04\/P4120026.jpg?fit=480%2C640&amp;ssl=1\" \/><\/a>\n\t\t\t<\/dt><\/dl><dl class='gallery-item'>\n\t\t\t<dt class='gallery-icon portrait'>\n\t\t\t\t<a href='https:\/\/genevieveetbernardauxameriques.fr\/index.php\/2017\/04\/18\/colombie-3eme-article-de-medellin-a-bogota\/olympus-digital-camera-16\/'><img loading=\"lazy\" decoding=\"async\" width=\"480\" height=\"640\" src=\"https:\/\/i0.wp.com\/genevieveetbernardauxameriques.fr\/wp-content\/uploads\/2017\/04\/P4120023.jpg?fit=480%2C640&amp;ssl=1\" class=\"attachment-full size-full\" alt=\"\" srcset=\"https:\/\/i0.wp.com\/genevieveetbernardauxameriques.fr\/wp-content\/uploads\/2017\/04\/P4120023.jpg?w=480&amp;ssl=1 480w, https:\/\/i0.wp.com\/genevieveetbernardauxameriques.fr\/wp-content\/uploads\/2017\/04\/P4120023.jpg?resize=225%2C300&amp;ssl=1 225w\" sizes=\"(max-width: 480px) 100vw, 480px\" data-attachment-id=\"18294\" data-permalink=\"https:\/\/genevieveetbernardauxameriques.fr\/index.php\/2017\/04\/18\/colombie-3eme-article-de-medellin-a-bogota\/olympus-digital-camera-16\/\" data-orig-file=\"https:\/\/i0.wp.com\/genevieveetbernardauxameriques.fr\/wp-content\/uploads\/2017\/04\/P4120023.jpg?fit=480%2C640&amp;ssl=1\" data-orig-size=\"480,640\" data-comments-opened=\"1\" data-image-meta=\"{&quot;aperture&quot;:&quot;7.1&quot;,&quot;credit&quot;:&quot;&quot;,&quot;camera&quot;:&quot;E-M5MarkII&quot;,&quot;caption&quot;:&quot;OLYMPUS DIGITAL CAMERA&quot;,&quot;created_timestamp&quot;:&quot;1492015060&quot;,&quot;copyright&quot;:&quot;&quot;,&quot;focal_length&quot;:&quot;25&quot;,&quot;iso&quot;:&quot;8000&quot;,&quot;shutter_speed&quot;:&quot;0.00625&quot;,&quot;title&quot;:&quot;OLYMPUS DIGITAL CAMERA&quot;,&quot;orientation&quot;:&quot;1&quot;}\" data-image-title=\"OLYMPUS DIGITAL CAMERA\" data-image-description=\"\" data-image-caption=\"\" data-medium-file=\"https:\/\/i0.wp.com\/genevieveetbernardauxameriques.fr\/wp-content\/uploads\/2017\/04\/P4120023.jpg?fit=225%2C300&amp;ssl=1\" data-large-file=\"https:\/\/i0.wp.com\/genevieveetbernardauxameriques.fr\/wp-content\/uploads\/2017\/04\/P4120023.jpg?fit=480%2C640&amp;ssl=1\" \/><\/a>\n\t\t\t<\/dt><\/dl><dl class='gallery-item'>\n\t\t\t<dt class='gallery-icon landscape'>\n\t\t\t\t<a href='https:\/\/genevieveetbernardauxameriques.fr\/index.php\/2017\/04\/18\/colombie-3eme-article-de-medellin-a-bogota\/olympus-digital-camera-18\/'><img loading=\"lazy\" decoding=\"async\" width=\"640\" height=\"480\" src=\"https:\/\/i0.wp.com\/genevieveetbernardauxameriques.fr\/wp-content\/uploads\/2017\/04\/P4120025.jpg?fit=640%2C480&amp;ssl=1\" class=\"attachment-full size-full\" alt=\"\" srcset=\"https:\/\/i0.wp.com\/genevieveetbernardauxameriques.fr\/wp-content\/uploads\/2017\/04\/P4120025.jpg?w=640&amp;ssl=1 640w, https:\/\/i0.wp.com\/genevieveetbernardauxameriques.fr\/wp-content\/uploads\/2017\/04\/P4120025.jpg?resize=300%2C225&amp;ssl=1 300w\" sizes=\"(max-width: 640px) 100vw, 640px\" data-attachment-id=\"18296\" data-permalink=\"https:\/\/genevieveetbernardauxameriques.fr\/index.php\/2017\/04\/18\/colombie-3eme-article-de-medellin-a-bogota\/olympus-digital-camera-18\/\" data-orig-file=\"https:\/\/i0.wp.com\/genevieveetbernardauxameriques.fr\/wp-content\/uploads\/2017\/04\/P4120025.jpg?fit=640%2C480&amp;ssl=1\" data-orig-size=\"640,480\" data-comments-opened=\"1\" data-image-meta=\"{&quot;aperture&quot;:&quot;8&quot;,&quot;credit&quot;:&quot;&quot;,&quot;camera&quot;:&quot;E-M5MarkII&quot;,&quot;caption&quot;:&quot;OLYMPUS DIGITAL CAMERA&quot;,&quot;created_timestamp&quot;:&quot;1492015083&quot;,&quot;copyright&quot;:&quot;&quot;,&quot;focal_length&quot;:&quot;36&quot;,&quot;iso&quot;:&quot;8000&quot;,&quot;shutter_speed&quot;:&quot;0.005&quot;,&quot;title&quot;:&quot;OLYMPUS DIGITAL CAMERA&quot;,&quot;orientation&quot;:&quot;1&quot;}\" data-image-title=\"OLYMPUS DIGITAL CAMERA\" data-image-description=\"\" data-image-caption=\"\" data-medium-file=\"https:\/\/i0.wp.com\/genevieveetbernardauxameriques.fr\/wp-content\/uploads\/2017\/04\/P4120025.jpg?fit=300%2C225&amp;ssl=1\" data-large-file=\"https:\/\/i0.wp.com\/genevieveetbernardauxameriques.fr\/wp-content\/uploads\/2017\/04\/P4120025.jpg?fit=640%2C480&amp;ssl=1\" \/><\/a>\n\t\t\t<\/dt><\/dl><br style=\"clear: both\" \/><dl class='gallery-item'>\n\t\t\t<dt class='gallery-icon landscape'>\n\t\t\t\t<a href='https:\/\/genevieveetbernardauxameriques.fr\/index.php\/2017\/04\/18\/colombie-3eme-article-de-medellin-a-bogota\/olympus-digital-camera-24\/'><img loading=\"lazy\" decoding=\"async\" width=\"640\" height=\"480\" src=\"https:\/\/i0.wp.com\/genevieveetbernardauxameriques.fr\/wp-content\/uploads\/2017\/04\/P4120032.jpg?fit=640%2C480&amp;ssl=1\" class=\"attachment-full size-full\" alt=\"\" srcset=\"https:\/\/i0.wp.com\/genevieveetbernardauxameriques.fr\/wp-content\/uploads\/2017\/04\/P4120032.jpg?w=640&amp;ssl=1 640w, https:\/\/i0.wp.com\/genevieveetbernardauxameriques.fr\/wp-content\/uploads\/2017\/04\/P4120032.jpg?resize=300%2C225&amp;ssl=1 300w\" sizes=\"(max-width: 640px) 100vw, 640px\" data-attachment-id=\"18302\" data-permalink=\"https:\/\/genevieveetbernardauxameriques.fr\/index.php\/2017\/04\/18\/colombie-3eme-article-de-medellin-a-bogota\/olympus-digital-camera-24\/\" data-orig-file=\"https:\/\/i0.wp.com\/genevieveetbernardauxameriques.fr\/wp-content\/uploads\/2017\/04\/P4120032.jpg?fit=640%2C480&amp;ssl=1\" data-orig-size=\"640,480\" data-comments-opened=\"1\" data-image-meta=\"{&quot;aperture&quot;:&quot;9&quot;,&quot;credit&quot;:&quot;&quot;,&quot;camera&quot;:&quot;E-M5MarkII&quot;,&quot;caption&quot;:&quot;OLYMPUS DIGITAL CAMERA&quot;,&quot;created_timestamp&quot;:&quot;1492015230&quot;,&quot;copyright&quot;:&quot;&quot;,&quot;focal_length&quot;:&quot;22&quot;,&quot;iso&quot;:&quot;8000&quot;,&quot;shutter_speed&quot;:&quot;0.004&quot;,&quot;title&quot;:&quot;OLYMPUS DIGITAL CAMERA&quot;,&quot;orientation&quot;:&quot;1&quot;}\" data-image-title=\"OLYMPUS DIGITAL CAMERA\" data-image-description=\"\" data-image-caption=\"\" data-medium-file=\"https:\/\/i0.wp.com\/genevieveetbernardauxameriques.fr\/wp-content\/uploads\/2017\/04\/P4120032.jpg?fit=300%2C225&amp;ssl=1\" data-large-file=\"https:\/\/i0.wp.com\/genevieveetbernardauxameriques.fr\/wp-content\/uploads\/2017\/04\/P4120032.jpg?fit=640%2C480&amp;ssl=1\" \/><\/a>\n\t\t\t<\/dt><\/dl><dl class='gallery-item'>\n\t\t\t<dt class='gallery-icon landscape'>\n\t\t\t\t<a href='https:\/\/genevieveetbernardauxameriques.fr\/index.php\/2017\/04\/18\/colombie-3eme-article-de-medellin-a-bogota\/olympus-digital-camera-17\/'><img loading=\"lazy\" decoding=\"async\" width=\"640\" height=\"480\" src=\"https:\/\/i0.wp.com\/genevieveetbernardauxameriques.fr\/wp-content\/uploads\/2017\/04\/P4120024.jpg?fit=640%2C480&amp;ssl=1\" class=\"attachment-full size-full\" alt=\"\" srcset=\"https:\/\/i0.wp.com\/genevieveetbernardauxameriques.fr\/wp-content\/uploads\/2017\/04\/P4120024.jpg?w=640&amp;ssl=1 640w, https:\/\/i0.wp.com\/genevieveetbernardauxameriques.fr\/wp-content\/uploads\/2017\/04\/P4120024.jpg?resize=300%2C225&amp;ssl=1 300w\" sizes=\"(max-width: 640px) 100vw, 640px\" data-attachment-id=\"18295\" data-permalink=\"https:\/\/genevieveetbernardauxameriques.fr\/index.php\/2017\/04\/18\/colombie-3eme-article-de-medellin-a-bogota\/olympus-digital-camera-17\/\" data-orig-file=\"https:\/\/i0.wp.com\/genevieveetbernardauxameriques.fr\/wp-content\/uploads\/2017\/04\/P4120024.jpg?fit=640%2C480&amp;ssl=1\" data-orig-size=\"640,480\" data-comments-opened=\"1\" data-image-meta=\"{&quot;aperture&quot;:&quot;9&quot;,&quot;credit&quot;:&quot;&quot;,&quot;camera&quot;:&quot;E-M5MarkII&quot;,&quot;caption&quot;:&quot;OLYMPUS DIGITAL CAMERA&quot;,&quot;created_timestamp&quot;:&quot;1492015074&quot;,&quot;copyright&quot;:&quot;&quot;,&quot;focal_length&quot;:&quot;25&quot;,&quot;iso&quot;:&quot;8000&quot;,&quot;shutter_speed&quot;:&quot;0.004&quot;,&quot;title&quot;:&quot;OLYMPUS DIGITAL CAMERA&quot;,&quot;orientation&quot;:&quot;1&quot;}\" data-image-title=\"OLYMPUS DIGITAL CAMERA\" data-image-description=\"\" data-image-caption=\"\" data-medium-file=\"https:\/\/i0.wp.com\/genevieveetbernardauxameriques.fr\/wp-content\/uploads\/2017\/04\/P4120024.jpg?fit=300%2C225&amp;ssl=1\" data-large-file=\"https:\/\/i0.wp.com\/genevieveetbernardauxameriques.fr\/wp-content\/uploads\/2017\/04\/P4120024.jpg?fit=640%2C480&amp;ssl=1\" \/><\/a>\n\t\t\t<\/dt><\/dl><dl class='gallery-item'>\n\t\t\t<dt class='gallery-icon landscape'>\n\t\t\t\t<a href='https:\/\/genevieveetbernardauxameriques.fr\/index.php\/2017\/04\/18\/colombie-3eme-article-de-medellin-a-bogota\/olympus-digital-camera-15\/'><img loading=\"lazy\" decoding=\"async\" width=\"640\" height=\"480\" src=\"https:\/\/i0.wp.com\/genevieveetbernardauxameriques.fr\/wp-content\/uploads\/2017\/04\/P4120012.jpg?fit=640%2C480&amp;ssl=1\" class=\"attachment-full size-full\" alt=\"\" srcset=\"https:\/\/i0.wp.com\/genevieveetbernardauxameriques.fr\/wp-content\/uploads\/2017\/04\/P4120012.jpg?w=640&amp;ssl=1 640w, https:\/\/i0.wp.com\/genevieveetbernardauxameriques.fr\/wp-content\/uploads\/2017\/04\/P4120012.jpg?resize=300%2C225&amp;ssl=1 300w\" sizes=\"(max-width: 640px) 100vw, 640px\" data-attachment-id=\"18293\" data-permalink=\"https:\/\/genevieveetbernardauxameriques.fr\/index.php\/2017\/04\/18\/colombie-3eme-article-de-medellin-a-bogota\/olympus-digital-camera-15\/\" data-orig-file=\"https:\/\/i0.wp.com\/genevieveetbernardauxameriques.fr\/wp-content\/uploads\/2017\/04\/P4120012.jpg?fit=640%2C480&amp;ssl=1\" data-orig-size=\"640,480\" data-comments-opened=\"1\" data-image-meta=\"{&quot;aperture&quot;:&quot;8&quot;,&quot;credit&quot;:&quot;&quot;,&quot;camera&quot;:&quot;E-M5MarkII&quot;,&quot;caption&quot;:&quot;OLYMPUS DIGITAL CAMERA&quot;,&quot;created_timestamp&quot;:&quot;1492014099&quot;,&quot;copyright&quot;:&quot;&quot;,&quot;focal_length&quot;:&quot;54&quot;,&quot;iso&quot;:&quot;8000&quot;,&quot;shutter_speed&quot;:&quot;0.004&quot;,&quot;title&quot;:&quot;OLYMPUS DIGITAL CAMERA&quot;,&quot;orientation&quot;:&quot;1&quot;}\" data-image-title=\"OLYMPUS DIGITAL CAMERA\" data-image-description=\"\" data-image-caption=\"\" data-medium-file=\"https:\/\/i0.wp.com\/genevieveetbernardauxameriques.fr\/wp-content\/uploads\/2017\/04\/P4120012.jpg?fit=300%2C225&amp;ssl=1\" data-large-file=\"https:\/\/i0.wp.com\/genevieveetbernardauxameriques.fr\/wp-content\/uploads\/2017\/04\/P4120012.jpg?fit=640%2C480&amp;ssl=1\" \/><\/a>\n\t\t\t<\/dt><\/dl><br style=\"clear: both\" \/>\n\t\t<\/div>\n\n","protected":false},"excerpt":{"rendered":"<p>Quelques prix en Colombie : Essence 0.70 E (dans le centre du pays, car cela varie) Coiffeur pour dames 2 E C5 beaux avocats 1\u20ac,\u00a01 kg de carottes, 1 kg d&rsquo;oranges \u00a00.30 cts , 7 oeufs 1,30 \u20ac 2 bi\u00e8res &hellip; <a href=\"https:\/\/genevieveetbernardauxameriques.fr\/index.php\/2017\/04\/18\/colombie-3eme-article-de-medellin-a-bogota\/\">Continuer la lecture <span class=\"meta-nav\">&rarr;<\/span><\/a><\/p>\n","protected":false},"author":1,"featured_media":0,"comment_status":"open","ping_status":"open","sticky":false,"template":"","format":"standard","meta":{"jetpack_post_was_ever_published":false,"_jetpack_newsletter_access":"","_jetpack_dont_email_post_to_subs":false,"_jetpack_newsletter_tier_id":0,"_jetpack_memberships_contains_paywalled_content":false,"_jetpack_memberships_contains_paid_content":false,"footnotes":""},"categories":[118],"tags":[132,129,126,130,128,131,127],"jetpack_featured_media_url":"","jetpack_sharing_enabled":true,"jetpack_shortlink":"https:\/\/wp.me\/p7hALO-4DY","_links":{"self":[{"href":"https:\/\/genevieveetbernardauxameriques.fr\/index.php\/wp-json\/wp\/v2\/posts\/17854"}],"collection":[{"href":"https:\/\/genevieveetbernardauxameriques.fr\/index.php\/wp-json\/wp\/v2\/posts"}],"about":[{"href":"https:\/\/genevieveetbernardauxameriques.fr\/index.php\/wp-json\/wp\/v2\/types\/post"}],"author":[{"embeddable":true,"href":"https:\/\/genevieveetbernardauxameriques.fr\/index.php\/wp-json\/wp\/v2\/users\/1"}],"replies":[{"embeddable":true,"href":"https:\/\/genevieveetbernardauxameriques.fr\/index.php\/wp-json\/wp\/v2\/comments?post=17854"}],"version-history":[{"count":61,"href":"https:\/\/genevieveetbernardauxameriques.fr\/index.php\/wp-json\/wp\/v2\/posts\/17854\/revisions"}],"predecessor-version":[{"id":44215,"href":"https:\/\/genevieveetbernardauxameriques.fr\/index.php\/wp-json\/wp\/v2\/posts\/17854\/revisions\/44215"}],"wp:attachment":[{"href":"https:\/\/genevieveetbernardauxameriques.fr\/index.php\/wp-json\/wp\/v2\/media?parent=17854"}],"wp:term":[{"taxonomy":"category","embeddable":true,"href":"https:\/\/genevieveetbernardauxameriques.fr\/index.php\/wp-json\/wp\/v2\/categories?post=17854"},{"taxonomy":"post_tag","embeddable":true,"href":"https:\/\/genevieveetbernardauxameriques.fr\/index.php\/wp-json\/wp\/v2\/tags?post=17854"}],"curies":[{"name":"wp","href":"https:\/\/api.w.org\/{rel}","templated":true}]}}