{"id":2572,"date":"2016-02-26T19:55:05","date_gmt":"2016-02-26T17:55:05","guid":{"rendered":"https:\/\/genevieveetbernardauxameriques.wordpress.com\/?p=2572"},"modified":"2020-02-03T15:42:23","modified_gmt":"2020-02-03T14:42:23","slug":"animaux-pour-les-enfants-au-parc-del-iberia","status":"publish","type":"post","link":"https:\/\/genevieveetbernardauxameriques.fr\/index.php\/2016\/02\/26\/animaux-pour-les-enfants-au-parc-del-iberia\/","title":{"rendered":"ANIMAUX POUR LES ENFANTS AU PARC DEL IBERIA"},"content":{"rendered":"<p>Nous sommes pass\u00e9s \u00e0 BUENOS AIRES, la capitale de l&rsquo;ARGENTINE.<\/p>\n<p>C&rsquo;est une tr\u00e8s tr\u00e8s grande ville, de 13.5 millions d&rsquo;habitants. C&rsquo;est la 2\u00e8me ville d&rsquo;Am\u00e9rique du sud apr\u00e8s \u00a0SAO PAULO au BRESIL<\/p>\n<p>Elle est tr\u00e8s tr\u00e8s \u00e9tendue, on s&rsquo;y perd facilement, elle poss\u00e8de une avenue qui fait 35 kms de long, c&rsquo;est l&rsquo;Avenue Rivadavia, la plus longue de la plan\u00e8te.<\/p>\n<p><!--more--><\/p>\n<p>Ses habitants s&rsquo;appellent des \u00ab\u00a0Portenos\u00a0\u00bb (comme \u00e0 Paris les Parisiens)\u00a0 car autrefois (jusqu&rsquo;en 1850) il n&rsquo;y avait qu&rsquo;un port dans toute l&rsquo;Argentine, et portenos signifie \u00ab\u00a0ceux du port\u00a0\u00bb.<\/p>\n<p>Voil\u00e0 2 grandes grues qui ont servi pour am\u00e9nager le port et qu&rsquo;on a laiss\u00e9 en d\u00e9coration. Le soir elles sont illumin\u00e9es.<\/p>\n<p><a href=\"https:\/\/genevieveetbernardauxameriques.files.wordpress.com\/2016\/02\/20160204_220717.jpg\" rel=\"attachment wp-att-2278\"><img loading=\"lazy\" decoding=\"async\" data-attachment-id=\"2278\" data-permalink=\"https:\/\/genevieveetbernardauxameriques.fr\/index.php\/2016\/02\/26\/de-buenos-aires-a-posada\/20160204_220717\/\" data-orig-file=\"https:\/\/i0.wp.com\/genevieveetbernardauxameriques.fr\/wp-content\/uploads\/2016\/02\/20160204_220717.jpg?fit=800%2C600&amp;ssl=1\" data-orig-size=\"800,600\" data-comments-opened=\"1\" data-image-meta=\"{&quot;aperture&quot;:&quot;1.9&quot;,&quot;credit&quot;:&quot;&quot;,&quot;camera&quot;:&quot;SM-T810&quot;,&quot;caption&quot;:&quot;&quot;,&quot;created_timestamp&quot;:&quot;1454623636&quot;,&quot;copyright&quot;:&quot;&quot;,&quot;focal_length&quot;:&quot;2.9&quot;,&quot;iso&quot;:&quot;1600&quot;,&quot;shutter_speed&quot;:&quot;0.058823529411765&quot;,&quot;title&quot;:&quot;&quot;,&quot;orientation&quot;:&quot;1&quot;}\" data-image-title=\"20160204_220717\" data-image-description=\"\" data-image-caption=\"\" data-medium-file=\"https:\/\/i0.wp.com\/genevieveetbernardauxameriques.fr\/wp-content\/uploads\/2016\/02\/20160204_220717.jpg?fit=300%2C225&amp;ssl=1\" data-large-file=\"https:\/\/i0.wp.com\/genevieveetbernardauxameriques.fr\/wp-content\/uploads\/2016\/02\/20160204_220717.jpg?fit=640%2C480&amp;ssl=1\" class=\"size-medium wp-image-2278 aligncenter\" src=\"https:\/\/genevieveetbernardauxameriques.files.wordpress.com\/2016\/02\/20160204_220717.jpg?w=300&#038;resize=300%2C225\" alt=\"20160204_220717\" width=\"300\" height=\"225\" srcset=\"https:\/\/i0.wp.com\/genevieveetbernardauxameriques.fr\/wp-content\/uploads\/2016\/02\/20160204_220717.jpg?w=800&amp;ssl=1 800w, https:\/\/i0.wp.com\/genevieveetbernardauxameriques.fr\/wp-content\/uploads\/2016\/02\/20160204_220717.jpg?resize=300%2C225&amp;ssl=1 300w, https:\/\/i0.wp.com\/genevieveetbernardauxameriques.fr\/wp-content\/uploads\/2016\/02\/20160204_220717.jpg?resize=768%2C576&amp;ssl=1 768w\" sizes=\"(max-width: 300px) 100vw, 300px\" data-recalc-dims=\"1\" \/><\/a><\/p>\n<p>&nbsp;<\/p>\n<p>C&rsquo;est aussi la capitale du tango, vous ne devez pas conna\u00eetre\u00a0 c&rsquo;est une danse de \u00ab\u00a0grand m\u00e8re\u00a0\u00bb,\u00a0non \u00ab\u00a0d&rsquo;arri\u00e8re grand-m\u00e8re\u00a0\u00bb,\u00a0tr\u00e8s connue dans le monde entier.\u00a0 Elle est d&rsquo;origine africaine et c&rsquo;est une danse tr\u00e8s \u00e9l\u00e9gante. Dans les rues on voit des gens qui dansent, mais c&rsquo;est surtout le soir qu&rsquo;il y a des spectacles<\/p>\n<p><img loading=\"lazy\" decoding=\"async\" class=\"aligncenter\" src=\"https:\/\/upload.wikimedia.org\/wikipedia\/commons\/thumb\/6\/6d\/Tango_BuenosAires.jpg\/80px-Tango_BuenosAires.jpg\" alt=\"\" width=\"80\" height=\"120\" \/><img decoding=\"async\" src=\"https:\/\/sp.yimg.com\/ib\/th?id=OIP.M8c021f749cb130648916b629c2c1547eH0&amp;pid=15.1&amp;w=170&amp;h=106&amp;p=0\" alt=\"tango+argentino.jpg\" \/><img decoding=\"async\" src=\"https:\/\/sp.yimg.com\/ib\/th?id=OIP.Ma5d550bcb5548314a67531e44b90616do0&amp;pid=15.1&amp;w=124&amp;h=106&amp;p=0\" alt=\"ACCEGLIO: Week-end di tango argentino: Raduno di Tango Argentino ...\" \/><img decoding=\"async\" src=\"https:\/\/sp.yimg.com\/ib\/th?id=OIP.Mc27105695a68bc0c582af6e72fe94ba1o0&amp;pid=15.1&amp;w=85&amp;h=110&amp;p=0\" alt=\"Tango Argentino\" \/><img decoding=\"async\" src=\"https:\/\/sp.yimg.com\/ib\/th?id=OIP.Mae22d16e381975986c23c7ca055f9f63o0&amp;pid=15.1&amp;w=112&amp;h=110&amp;p=0\" alt=\"TANGO ARGENTINO EN AUSTRALIA\" \/><\/p>\n<p>&nbsp;<\/p>\n<p>Nous ne\u00a0 visiterons pas\u00a0 beaucoup BUENOS AIRES, \u00a0car il faut que nous cherchions une roue de secours et c&rsquo;est tr\u00e8s difficile d&rsquo;en trouver, car notre v\u00e9hicule est Canadien et ici ils n&rsquo;ont pas les m\u00eames roues que l\u00e0-bas.<\/p>\n<p>Une fois trouv\u00e9e, nous quittons donc cette grande ville, pour encore le Nord du pays.<\/p>\n<p>Nous traversons des r\u00e9gions qui sont inond\u00e9es, car nous sommes dans la zone\u00a0la plus\u00a0arros\u00e9e du pays. Les gens sont oblig\u00e9s de se d\u00e9placer en bateau. C&rsquo;est une r\u00e9gion tr\u00e8s pauvre.<\/p>\n<p><a href=\"https:\/\/genevieveetbernardauxameriques.files.wordpress.com\/2016\/02\/20160206_162816.jpg\" rel=\"attachment wp-att-2289\"><img loading=\"lazy\" decoding=\"async\" data-attachment-id=\"2289\" data-permalink=\"https:\/\/genevieveetbernardauxameriques.fr\/index.php\/2016\/02\/26\/de-buenos-aires-a-posada\/20160206_162816\/\" data-orig-file=\"https:\/\/i0.wp.com\/genevieveetbernardauxameriques.fr\/wp-content\/uploads\/2016\/02\/20160206_162816.jpg?fit=800%2C600&amp;ssl=1\" data-orig-size=\"800,600\" data-comments-opened=\"1\" data-image-meta=\"{&quot;aperture&quot;:&quot;1.9&quot;,&quot;credit&quot;:&quot;&quot;,&quot;camera&quot;:&quot;SM-T810&quot;,&quot;caption&quot;:&quot;&quot;,&quot;created_timestamp&quot;:&quot;1454776096&quot;,&quot;copyright&quot;:&quot;&quot;,&quot;focal_length&quot;:&quot;2.9&quot;,&quot;iso&quot;:&quot;40&quot;,&quot;shutter_speed&quot;:&quot;0.0014285714285714&quot;,&quot;title&quot;:&quot;&quot;,&quot;orientation&quot;:&quot;1&quot;}\" data-image-title=\"20160206_162816\" data-image-description=\"\" data-image-caption=\"\" data-medium-file=\"https:\/\/i0.wp.com\/genevieveetbernardauxameriques.fr\/wp-content\/uploads\/2016\/02\/20160206_162816.jpg?fit=300%2C225&amp;ssl=1\" data-large-file=\"https:\/\/i0.wp.com\/genevieveetbernardauxameriques.fr\/wp-content\/uploads\/2016\/02\/20160206_162816.jpg?fit=640%2C480&amp;ssl=1\" class=\"alignnone size-medium wp-image-2289\" src=\"https:\/\/genevieveetbernardauxameriques.files.wordpress.com\/2016\/02\/20160206_162816.jpg?w=300&#038;resize=300%2C225\" alt=\"20160206_162816\" width=\"300\" height=\"225\" srcset=\"https:\/\/i0.wp.com\/genevieveetbernardauxameriques.fr\/wp-content\/uploads\/2016\/02\/20160206_162816.jpg?w=800&amp;ssl=1 800w, https:\/\/i0.wp.com\/genevieveetbernardauxameriques.fr\/wp-content\/uploads\/2016\/02\/20160206_162816.jpg?resize=300%2C225&amp;ssl=1 300w, https:\/\/i0.wp.com\/genevieveetbernardauxameriques.fr\/wp-content\/uploads\/2016\/02\/20160206_162816.jpg?resize=768%2C576&amp;ssl=1 768w\" sizes=\"(max-width: 300px) 100vw, 300px\" data-recalc-dims=\"1\" \/><\/a> <a href=\"https:\/\/genevieveetbernardauxameriques.files.wordpress.com\/2016\/02\/p1010572.jpg\" rel=\"attachment wp-att-2307\"><img loading=\"lazy\" decoding=\"async\" data-attachment-id=\"2307\" data-permalink=\"https:\/\/genevieveetbernardauxameriques.fr\/index.php\/2016\/02\/26\/de-buenos-aires-a-posada\/p1010572\/\" data-orig-file=\"https:\/\/i0.wp.com\/genevieveetbernardauxameriques.fr\/wp-content\/uploads\/2016\/02\/p1010572.jpg?fit=800%2C600&amp;ssl=1\" data-orig-size=\"800,600\" data-comments-opened=\"1\" data-image-meta=\"{&quot;aperture&quot;:&quot;4&quot;,&quot;credit&quot;:&quot;&quot;,&quot;camera&quot;:&quot;DMC-TZ55&quot;,&quot;caption&quot;:&quot;&quot;,&quot;created_timestamp&quot;:&quot;1454795174&quot;,&quot;copyright&quot;:&quot;&quot;,&quot;focal_length&quot;:&quot;4.3&quot;,&quot;iso&quot;:&quot;100&quot;,&quot;shutter_speed&quot;:&quot;0.0008&quot;,&quot;title&quot;:&quot;&quot;,&quot;orientation&quot;:&quot;1&quot;}\" data-image-title=\"P1010572\" data-image-description=\"\" data-image-caption=\"\" data-medium-file=\"https:\/\/i0.wp.com\/genevieveetbernardauxameriques.fr\/wp-content\/uploads\/2016\/02\/p1010572.jpg?fit=300%2C225&amp;ssl=1\" data-large-file=\"https:\/\/i0.wp.com\/genevieveetbernardauxameriques.fr\/wp-content\/uploads\/2016\/02\/p1010572.jpg?fit=640%2C480&amp;ssl=1\" class=\"alignnone size-medium wp-image-2307\" src=\"https:\/\/genevieveetbernardauxameriques.files.wordpress.com\/2016\/02\/p1010572.jpg?w=300&#038;resize=300%2C225\" alt=\"P1010572\" width=\"300\" height=\"225\" srcset=\"https:\/\/i0.wp.com\/genevieveetbernardauxameriques.fr\/wp-content\/uploads\/2016\/02\/p1010572.jpg?w=800&amp;ssl=1 800w, https:\/\/i0.wp.com\/genevieveetbernardauxameriques.fr\/wp-content\/uploads\/2016\/02\/p1010572.jpg?resize=300%2C225&amp;ssl=1 300w, https:\/\/i0.wp.com\/genevieveetbernardauxameriques.fr\/wp-content\/uploads\/2016\/02\/p1010572.jpg?resize=768%2C576&amp;ssl=1 768w\" sizes=\"(max-width: 300px) 100vw, 300px\" data-recalc-dims=\"1\" \/><\/a><\/p>\n<p>Ensuite nous irons dans une r\u00e9serve naturelle\u00a0o\u00f9 il y a pleins de mar\u00e9cages.<\/p>\n<p>Sur le chemin nous avons vu, dans une ferme, avec des moutons, cet animal gros comme une vache,\u00a0on ne sait pas comment il s&rsquo;appelle, il y en avait un petit troupeau.<\/p>\n<p>&nbsp;<\/p>\n<p><a href=\"https:\/\/genevieveetbernardauxameriques.files.wordpress.com\/2016\/02\/p1010631.jpg\" rel=\"attachment wp-att-2355\"><img loading=\"lazy\" decoding=\"async\" data-attachment-id=\"2355\" data-permalink=\"https:\/\/genevieveetbernardauxameriques.fr\/p1010631\/\" data-orig-file=\"https:\/\/i0.wp.com\/genevieveetbernardauxameriques.fr\/wp-content\/uploads\/2016\/02\/p1010631.jpg?fit=800%2C600&amp;ssl=1\" data-orig-size=\"800,600\" data-comments-opened=\"1\" data-image-meta=\"{&quot;aperture&quot;:&quot;6.4&quot;,&quot;credit&quot;:&quot;&quot;,&quot;camera&quot;:&quot;DMC-TZ55&quot;,&quot;caption&quot;:&quot;&quot;,&quot;created_timestamp&quot;:&quot;1455310787&quot;,&quot;copyright&quot;:&quot;&quot;,&quot;focal_length&quot;:&quot;86&quot;,&quot;iso&quot;:&quot;100&quot;,&quot;shutter_speed&quot;:&quot;0.008&quot;,&quot;title&quot;:&quot;&quot;,&quot;orientation&quot;:&quot;1&quot;}\" data-image-title=\"P1010631\" data-image-description=\"\" data-image-caption=\"\" data-medium-file=\"https:\/\/i0.wp.com\/genevieveetbernardauxameriques.fr\/wp-content\/uploads\/2016\/02\/p1010631.jpg?fit=300%2C225&amp;ssl=1\" data-large-file=\"https:\/\/i0.wp.com\/genevieveetbernardauxameriques.fr\/wp-content\/uploads\/2016\/02\/p1010631.jpg?fit=640%2C480&amp;ssl=1\" class=\"size-medium wp-image-2355 aligncenter\" src=\"https:\/\/genevieveetbernardauxameriques.files.wordpress.com\/2016\/02\/p1010631.jpg?w=300&#038;resize=300%2C225\" alt=\"P1010631\" width=\"300\" height=\"225\" srcset=\"https:\/\/i0.wp.com\/genevieveetbernardauxameriques.fr\/wp-content\/uploads\/2016\/02\/p1010631.jpg?w=800&amp;ssl=1 800w, https:\/\/i0.wp.com\/genevieveetbernardauxameriques.fr\/wp-content\/uploads\/2016\/02\/p1010631.jpg?resize=300%2C225&amp;ssl=1 300w, https:\/\/i0.wp.com\/genevieveetbernardauxameriques.fr\/wp-content\/uploads\/2016\/02\/p1010631.jpg?resize=768%2C576&amp;ssl=1 768w\" sizes=\"(max-width: 300px) 100vw, 300px\" data-recalc-dims=\"1\" \/><\/a><\/p>\n<p><a href=\"https:\/\/i0.wp.com\/genevieveetbernardauxameriques.fr\/wp-content\/uploads\/2016\/02\/p1130435.jpg?ssl=1\" rel=\"attachment wp-att-2560\"><img loading=\"lazy\" decoding=\"async\" data-attachment-id=\"2560\" data-permalink=\"https:\/\/genevieveetbernardauxameriques.fr\/index.php\/2016\/02\/26\/de-buenos-aires-a-posada\/p1130435\/\" data-orig-file=\"https:\/\/i0.wp.com\/genevieveetbernardauxameriques.fr\/wp-content\/uploads\/2016\/02\/p1130435.jpg?fit=800%2C600&amp;ssl=1\" data-orig-size=\"800,600\" data-comments-opened=\"1\" data-image-meta=\"{&quot;aperture&quot;:&quot;3.2&quot;,&quot;credit&quot;:&quot;&quot;,&quot;camera&quot;:&quot;DMC-FZ5&quot;,&quot;caption&quot;:&quot;&quot;,&quot;created_timestamp&quot;:&quot;1455728148&quot;,&quot;copyright&quot;:&quot;&quot;,&quot;focal_length&quot;:&quot;11&quot;,&quot;iso&quot;:&quot;150&quot;,&quot;shutter_speed&quot;:&quot;0.033333333333333&quot;,&quot;title&quot;:&quot;&quot;,&quot;orientation&quot;:&quot;1&quot;}\" data-image-title=\"P1130435\" data-image-description=\"\" data-image-caption=\"\" data-medium-file=\"https:\/\/i0.wp.com\/genevieveetbernardauxameriques.fr\/wp-content\/uploads\/2016\/02\/p1130435.jpg?fit=300%2C225&amp;ssl=1\" data-large-file=\"https:\/\/i0.wp.com\/genevieveetbernardauxameriques.fr\/wp-content\/uploads\/2016\/02\/p1130435.jpg?fit=640%2C480&amp;ssl=1\" class=\"alignnone size-medium wp-image-2560\" src=\"https:\/\/i0.wp.com\/genevieveetbernardauxameriques.fr\/wp-content\/uploads\/2016\/02\/p1130435.jpg?resize=300%2C225&#038;ssl=1\" alt=\"P1130435\" width=\"300\" height=\"225\" srcset=\"https:\/\/i0.wp.com\/genevieveetbernardauxameriques.fr\/wp-content\/uploads\/2016\/02\/p1130435.jpg?w=800&amp;ssl=1 800w, https:\/\/i0.wp.com\/genevieveetbernardauxameriques.fr\/wp-content\/uploads\/2016\/02\/p1130435.jpg?resize=300%2C225&amp;ssl=1 300w, https:\/\/i0.wp.com\/genevieveetbernardauxameriques.fr\/wp-content\/uploads\/2016\/02\/p1130435.jpg?resize=768%2C576&amp;ssl=1 768w\" sizes=\"(max-width: 300px) 100vw, 300px\" data-recalc-dims=\"1\" \/><\/a>Une fleur d&rsquo;ananas<\/p>\n<p><a href=\"https:\/\/i0.wp.com\/genevieveetbernardauxameriques.fr\/wp-content\/uploads\/2016\/02\/p1130383.jpg?ssl=1\" rel=\"attachment wp-att-2536\"><img loading=\"lazy\" decoding=\"async\" data-attachment-id=\"2536\" data-permalink=\"https:\/\/genevieveetbernardauxameriques.fr\/index.php\/2016\/02\/26\/de-buenos-aires-a-posada\/p1130383\/\" data-orig-file=\"https:\/\/i0.wp.com\/genevieveetbernardauxameriques.fr\/wp-content\/uploads\/2016\/02\/p1130383.jpg?fit=800%2C600&amp;ssl=1\" data-orig-size=\"800,600\" data-comments-opened=\"1\" data-image-meta=\"{&quot;aperture&quot;:&quot;2.8&quot;,&quot;credit&quot;:&quot;&quot;,&quot;camera&quot;:&quot;DMC-FZ5&quot;,&quot;caption&quot;:&quot;&quot;,&quot;created_timestamp&quot;:&quot;1455634226&quot;,&quot;copyright&quot;:&quot;&quot;,&quot;focal_length&quot;:&quot;6&quot;,&quot;iso&quot;:&quot;80&quot;,&quot;shutter_speed&quot;:&quot;0.016666666666667&quot;,&quot;title&quot;:&quot;&quot;,&quot;orientation&quot;:&quot;1&quot;}\" data-image-title=\"P1130383\" data-image-description=\"\" data-image-caption=\"\" data-medium-file=\"https:\/\/i0.wp.com\/genevieveetbernardauxameriques.fr\/wp-content\/uploads\/2016\/02\/p1130383.jpg?fit=300%2C225&amp;ssl=1\" data-large-file=\"https:\/\/i0.wp.com\/genevieveetbernardauxameriques.fr\/wp-content\/uploads\/2016\/02\/p1130383.jpg?fit=640%2C480&amp;ssl=1\" class=\"size-medium wp-image-2536 aligncenter\" src=\"https:\/\/i0.wp.com\/genevieveetbernardauxameriques.fr\/wp-content\/uploads\/2016\/02\/p1130383.jpg?resize=300%2C225&#038;ssl=1\" alt=\"P1130383\" width=\"300\" height=\"225\" srcset=\"https:\/\/i0.wp.com\/genevieveetbernardauxameriques.fr\/wp-content\/uploads\/2016\/02\/p1130383.jpg?w=800&amp;ssl=1 800w, https:\/\/i0.wp.com\/genevieveetbernardauxameriques.fr\/wp-content\/uploads\/2016\/02\/p1130383.jpg?resize=300%2C225&amp;ssl=1 300w, https:\/\/i0.wp.com\/genevieveetbernardauxameriques.fr\/wp-content\/uploads\/2016\/02\/p1130383.jpg?resize=768%2C576&amp;ssl=1 768w\" sizes=\"(max-width: 300px) 100vw, 300px\" data-recalc-dims=\"1\" \/><\/a>Un arbre \u00e9norme<\/p>\n<p>Nous resterons quelques jours dans la r\u00e9serve,\u00a0on s&rsquo;installe pr\u00e8s de la \u00a0laguna, et l&rsquo;on y fera un tour en bateau, pour aller voir les mar\u00e9cages et les animaux.<\/p>\n<p><a href=\"https:\/\/genevieveetbernardauxameriques.files.wordpress.com\/2016\/02\/20160212_180140.jpg\" rel=\"attachment wp-att-2322\"><img loading=\"lazy\" decoding=\"async\" data-attachment-id=\"2322\" data-permalink=\"https:\/\/genevieveetbernardauxameriques.fr\/index.php\/2016\/02\/26\/de-buenos-aires-a-posada\/20160212_180140\/\" data-orig-file=\"https:\/\/i0.wp.com\/genevieveetbernardauxameriques.fr\/wp-content\/uploads\/2016\/02\/20160212_180140-e1580738685738.jpg?fit=800%2C420&amp;ssl=1\" data-orig-size=\"800,420\" data-comments-opened=\"1\" data-image-meta=\"{&quot;aperture&quot;:&quot;1.9&quot;,&quot;credit&quot;:&quot;&quot;,&quot;camera&quot;:&quot;SM-T810&quot;,&quot;caption&quot;:&quot;&quot;,&quot;created_timestamp&quot;:&quot;1455300100&quot;,&quot;copyright&quot;:&quot;&quot;,&quot;focal_length&quot;:&quot;2.9&quot;,&quot;iso&quot;:&quot;40&quot;,&quot;shutter_speed&quot;:&quot;0.0022321428571429&quot;,&quot;title&quot;:&quot;&quot;,&quot;orientation&quot;:&quot;1&quot;}\" data-image-title=\"20160212_180140\" data-image-description=\"\" data-image-caption=\"\" data-medium-file=\"https:\/\/i0.wp.com\/genevieveetbernardauxameriques.fr\/wp-content\/uploads\/2016\/02\/20160212_180140-e1580738685738.jpg?fit=300%2C158&amp;ssl=1\" data-large-file=\"https:\/\/i0.wp.com\/genevieveetbernardauxameriques.fr\/wp-content\/uploads\/2016\/02\/20160212_180140-e1580738685738.jpg?fit=640%2C336&amp;ssl=1\" class=\"size-medium wp-image-2322 alignleft\" src=\"https:\/\/genevieveetbernardauxameriques.files.wordpress.com\/2016\/02\/20160212_180140.jpg?w=300&#038;resize=300%2C225\" alt=\"20160212_180140\" width=\"300\" height=\"225\" data-recalc-dims=\"1\" \/><\/a><a href=\"https:\/\/genevieveetbernardauxameriques.files.wordpress.com\/2016\/02\/20160213_090815.jpg\" rel=\"attachment wp-att-2323\"><img loading=\"lazy\" decoding=\"async\" data-attachment-id=\"2323\" data-permalink=\"https:\/\/genevieveetbernardauxameriques.fr\/index.php\/2016\/02\/26\/de-buenos-aires-a-posada\/20160213_090815\/\" data-orig-file=\"https:\/\/i0.wp.com\/genevieveetbernardauxameriques.fr\/wp-content\/uploads\/2016\/02\/20160213_090815.jpg?fit=800%2C600&amp;ssl=1\" data-orig-size=\"800,600\" data-comments-opened=\"1\" data-image-meta=\"{&quot;aperture&quot;:&quot;1.9&quot;,&quot;credit&quot;:&quot;&quot;,&quot;camera&quot;:&quot;SM-T810&quot;,&quot;caption&quot;:&quot;&quot;,&quot;created_timestamp&quot;:&quot;1455354495&quot;,&quot;copyright&quot;:&quot;&quot;,&quot;focal_length&quot;:&quot;2.9&quot;,&quot;iso&quot;:&quot;40&quot;,&quot;shutter_speed&quot;:&quot;0.00052966101694915&quot;,&quot;title&quot;:&quot;&quot;,&quot;orientation&quot;:&quot;1&quot;}\" data-image-title=\"20160213_090815\" data-image-description=\"\" data-image-caption=\"\" data-medium-file=\"https:\/\/i0.wp.com\/genevieveetbernardauxameriques.fr\/wp-content\/uploads\/2016\/02\/20160213_090815.jpg?fit=300%2C225&amp;ssl=1\" data-large-file=\"https:\/\/i0.wp.com\/genevieveetbernardauxameriques.fr\/wp-content\/uploads\/2016\/02\/20160213_090815.jpg?fit=640%2C480&amp;ssl=1\" class=\"alignnone size-medium wp-image-2323\" src=\"https:\/\/genevieveetbernardauxameriques.files.wordpress.com\/2016\/02\/20160213_090815.jpg?w=300&#038;resize=300%2C225\" alt=\"20160213_090815\" width=\"300\" height=\"225\" srcset=\"https:\/\/i0.wp.com\/genevieveetbernardauxameriques.fr\/wp-content\/uploads\/2016\/02\/20160213_090815.jpg?w=800&amp;ssl=1 800w, https:\/\/i0.wp.com\/genevieveetbernardauxameriques.fr\/wp-content\/uploads\/2016\/02\/20160213_090815.jpg?resize=300%2C225&amp;ssl=1 300w, https:\/\/i0.wp.com\/genevieveetbernardauxameriques.fr\/wp-content\/uploads\/2016\/02\/20160213_090815.jpg?resize=768%2C576&amp;ssl=1 768w\" sizes=\"(max-width: 300px) 100vw, 300px\" data-recalc-dims=\"1\" \/><\/a><\/p>\n<p style=\"text-align: center;\">Il y a un tr\u00e8s long pont et la route passe sur le lac<\/p>\n<p>&nbsp;<\/p>\n<p><a href=\"https:\/\/i0.wp.com\/genevieveetbernardauxameriques.fr\/wp-content\/uploads\/2016\/02\/20160214_164829.jpg?ssl=1\" rel=\"attachment wp-att-2487\"><img loading=\"lazy\" decoding=\"async\" data-attachment-id=\"2487\" data-permalink=\"https:\/\/genevieveetbernardauxameriques.fr\/index.php\/2016\/02\/26\/de-buenos-aires-a-posada\/20160214_164829\/\" data-orig-file=\"https:\/\/i0.wp.com\/genevieveetbernardauxameriques.fr\/wp-content\/uploads\/2016\/02\/20160214_164829.jpg?fit=800%2C600&amp;ssl=1\" data-orig-size=\"800,600\" data-comments-opened=\"1\" data-image-meta=\"{&quot;aperture&quot;:&quot;1.9&quot;,&quot;credit&quot;:&quot;&quot;,&quot;camera&quot;:&quot;SM-T810&quot;,&quot;caption&quot;:&quot;&quot;,&quot;created_timestamp&quot;:&quot;1455468509&quot;,&quot;copyright&quot;:&quot;&quot;,&quot;focal_length&quot;:&quot;2.9&quot;,&quot;iso&quot;:&quot;40&quot;,&quot;shutter_speed&quot;:&quot;0.0031152647975078&quot;,&quot;title&quot;:&quot;&quot;,&quot;orientation&quot;:&quot;1&quot;}\" data-image-title=\"20160214_164829\" data-image-description=\"\" data-image-caption=\"\" data-medium-file=\"https:\/\/i0.wp.com\/genevieveetbernardauxameriques.fr\/wp-content\/uploads\/2016\/02\/20160214_164829.jpg?fit=300%2C225&amp;ssl=1\" data-large-file=\"https:\/\/i0.wp.com\/genevieveetbernardauxameriques.fr\/wp-content\/uploads\/2016\/02\/20160214_164829.jpg?fit=640%2C480&amp;ssl=1\" class=\"alignnone size-medium wp-image-2487\" src=\"https:\/\/i0.wp.com\/genevieveetbernardauxameriques.fr\/wp-content\/uploads\/2016\/02\/20160214_164829.jpg?resize=300%2C225&#038;ssl=1\" alt=\"20160214_164829\" width=\"300\" height=\"225\" srcset=\"https:\/\/i0.wp.com\/genevieveetbernardauxameriques.fr\/wp-content\/uploads\/2016\/02\/20160214_164829.jpg?w=800&amp;ssl=1 800w, https:\/\/i0.wp.com\/genevieveetbernardauxameriques.fr\/wp-content\/uploads\/2016\/02\/20160214_164829.jpg?resize=300%2C225&amp;ssl=1 300w, https:\/\/i0.wp.com\/genevieveetbernardauxameriques.fr\/wp-content\/uploads\/2016\/02\/20160214_164829.jpg?resize=768%2C576&amp;ssl=1 768w\" sizes=\"(max-width: 300px) 100vw, 300px\" data-recalc-dims=\"1\" \/><\/a><a href=\"https:\/\/i0.wp.com\/genevieveetbernardauxameriques.fr\/wp-content\/uploads\/2016\/02\/20160214_164535.jpg?ssl=1\" rel=\"attachment wp-att-2485\"><img loading=\"lazy\" decoding=\"async\" data-attachment-id=\"2485\" data-permalink=\"https:\/\/genevieveetbernardauxameriques.fr\/index.php\/2016\/02\/26\/de-buenos-aires-a-posada\/20160214_164535\/\" data-orig-file=\"https:\/\/i0.wp.com\/genevieveetbernardauxameriques.fr\/wp-content\/uploads\/2016\/02\/20160214_164535.jpg?fit=800%2C600&amp;ssl=1\" data-orig-size=\"800,600\" data-comments-opened=\"1\" data-image-meta=\"{&quot;aperture&quot;:&quot;1.9&quot;,&quot;credit&quot;:&quot;&quot;,&quot;camera&quot;:&quot;SM-T810&quot;,&quot;caption&quot;:&quot;&quot;,&quot;created_timestamp&quot;:&quot;1455468335&quot;,&quot;copyright&quot;:&quot;&quot;,&quot;focal_length&quot;:&quot;2.9&quot;,&quot;iso&quot;:&quot;40&quot;,&quot;shutter_speed&quot;:&quot;0.0026954177897574&quot;,&quot;title&quot;:&quot;&quot;,&quot;orientation&quot;:&quot;1&quot;}\" data-image-title=\"20160214_164535\" data-image-description=\"\" data-image-caption=\"\" data-medium-file=\"https:\/\/i0.wp.com\/genevieveetbernardauxameriques.fr\/wp-content\/uploads\/2016\/02\/20160214_164535.jpg?fit=300%2C225&amp;ssl=1\" data-large-file=\"https:\/\/i0.wp.com\/genevieveetbernardauxameriques.fr\/wp-content\/uploads\/2016\/02\/20160214_164535.jpg?fit=640%2C480&amp;ssl=1\" class=\"alignnone size-medium wp-image-2485\" src=\"https:\/\/i0.wp.com\/genevieveetbernardauxameriques.fr\/wp-content\/uploads\/2016\/02\/20160214_164535.jpg?resize=300%2C225&#038;ssl=1\" alt=\"20160214_164535\" width=\"300\" height=\"225\" srcset=\"https:\/\/i0.wp.com\/genevieveetbernardauxameriques.fr\/wp-content\/uploads\/2016\/02\/20160214_164535.jpg?w=800&amp;ssl=1 800w, https:\/\/i0.wp.com\/genevieveetbernardauxameriques.fr\/wp-content\/uploads\/2016\/02\/20160214_164535.jpg?resize=300%2C225&amp;ssl=1 300w, https:\/\/i0.wp.com\/genevieveetbernardauxameriques.fr\/wp-content\/uploads\/2016\/02\/20160214_164535.jpg?resize=768%2C576&amp;ssl=1 768w\" sizes=\"(max-width: 300px) 100vw, 300px\" data-recalc-dims=\"1\" \/><\/a><a href=\"https:\/\/i0.wp.com\/genevieveetbernardauxameriques.fr\/wp-content\/uploads\/2016\/02\/20160214_164136.jpg?ssl=1\" rel=\"attachment wp-att-2481\"><img loading=\"lazy\" decoding=\"async\" data-attachment-id=\"2481\" data-permalink=\"https:\/\/genevieveetbernardauxameriques.fr\/index.php\/2016\/02\/26\/de-buenos-aires-a-posada\/20160214_164136\/\" data-orig-file=\"https:\/\/i0.wp.com\/genevieveetbernardauxameriques.fr\/wp-content\/uploads\/2016\/02\/20160214_164136.jpg?fit=800%2C600&amp;ssl=1\" data-orig-size=\"800,600\" data-comments-opened=\"1\" data-image-meta=\"{&quot;aperture&quot;:&quot;1.9&quot;,&quot;credit&quot;:&quot;&quot;,&quot;camera&quot;:&quot;SM-T810&quot;,&quot;caption&quot;:&quot;&quot;,&quot;created_timestamp&quot;:&quot;1455468096&quot;,&quot;copyright&quot;:&quot;&quot;,&quot;focal_length&quot;:&quot;2.9&quot;,&quot;iso&quot;:&quot;40&quot;,&quot;shutter_speed&quot;:&quot;0.0011933174224344&quot;,&quot;title&quot;:&quot;&quot;,&quot;orientation&quot;:&quot;1&quot;}\" data-image-title=\"20160214_164136\" data-image-description=\"\" data-image-caption=\"\" data-medium-file=\"https:\/\/i0.wp.com\/genevieveetbernardauxameriques.fr\/wp-content\/uploads\/2016\/02\/20160214_164136.jpg?fit=300%2C225&amp;ssl=1\" data-large-file=\"https:\/\/i0.wp.com\/genevieveetbernardauxameriques.fr\/wp-content\/uploads\/2016\/02\/20160214_164136.jpg?fit=640%2C480&amp;ssl=1\" class=\"alignnone size-medium wp-image-2481\" src=\"https:\/\/i0.wp.com\/genevieveetbernardauxameriques.fr\/wp-content\/uploads\/2016\/02\/20160214_164136.jpg?resize=300%2C225&#038;ssl=1\" alt=\"20160214_164136\" width=\"300\" height=\"225\" srcset=\"https:\/\/i0.wp.com\/genevieveetbernardauxameriques.fr\/wp-content\/uploads\/2016\/02\/20160214_164136.jpg?w=800&amp;ssl=1 800w, https:\/\/i0.wp.com\/genevieveetbernardauxameriques.fr\/wp-content\/uploads\/2016\/02\/20160214_164136.jpg?resize=300%2C225&amp;ssl=1 300w, https:\/\/i0.wp.com\/genevieveetbernardauxameriques.fr\/wp-content\/uploads\/2016\/02\/20160214_164136.jpg?resize=768%2C576&amp;ssl=1 768w\" sizes=\"(max-width: 300px) 100vw, 300px\" data-recalc-dims=\"1\" \/><\/a><\/p>\n<p style=\"text-align: center;\">Voil\u00e0 les mar\u00e9cages<\/p>\n<p>Nous y verrons toutes sortes d&rsquo;animaux<\/p>\n<p>Principalement des <strong>oiseaux<\/strong> :<\/p>\n<p><a href=\"https:\/\/i0.wp.com\/genevieveetbernardauxameriques.fr\/wp-content\/uploads\/2016\/02\/p1010650.jpg?ssl=1\" rel=\"attachment wp-att-2359\"><img loading=\"lazy\" decoding=\"async\" class=\"alignnone size-medium wp-image-2359\" src=\"https:\/\/i0.wp.com\/genevieveetbernardauxameriques.fr\/wp-content\/uploads\/2016\/02\/p1010650.jpg?resize=300%2C225&#038;ssl=1\" alt=\"P1010650\" width=\"300\" height=\"225\" data-recalc-dims=\"1\" \/><\/a><a href=\"https:\/\/i0.wp.com\/genevieveetbernardauxameriques.fr\/wp-content\/uploads\/2016\/02\/p1130363.jpg?ssl=1\" rel=\"attachment wp-att-2528\"><img loading=\"lazy\" decoding=\"async\" data-attachment-id=\"2528\" data-permalink=\"https:\/\/genevieveetbernardauxameriques.fr\/index.php\/2016\/02\/26\/de-buenos-aires-a-posada\/p1130363\/\" data-orig-file=\"https:\/\/i0.wp.com\/genevieveetbernardauxameriques.fr\/wp-content\/uploads\/2016\/02\/p1130363.jpg?fit=800%2C600&amp;ssl=1\" data-orig-size=\"800,600\" data-comments-opened=\"1\" data-image-meta=\"{&quot;aperture&quot;:&quot;3.3&quot;,&quot;credit&quot;:&quot;&quot;,&quot;camera&quot;:&quot;DMC-FZ5&quot;,&quot;caption&quot;:&quot;&quot;,&quot;created_timestamp&quot;:&quot;1455469702&quot;,&quot;copyright&quot;:&quot;&quot;,&quot;focal_length&quot;:&quot;72&quot;,&quot;iso&quot;:&quot;80&quot;,&quot;shutter_speed&quot;:&quot;0.0125&quot;,&quot;title&quot;:&quot;&quot;,&quot;orientation&quot;:&quot;1&quot;}\" data-image-title=\"P1130363\" data-image-description=\"\" data-image-caption=\"\" data-medium-file=\"https:\/\/i0.wp.com\/genevieveetbernardauxameriques.fr\/wp-content\/uploads\/2016\/02\/p1130363.jpg?fit=300%2C225&amp;ssl=1\" data-large-file=\"https:\/\/i0.wp.com\/genevieveetbernardauxameriques.fr\/wp-content\/uploads\/2016\/02\/p1130363.jpg?fit=640%2C480&amp;ssl=1\" class=\"alignnone size-medium wp-image-2528\" src=\"https:\/\/i0.wp.com\/genevieveetbernardauxameriques.fr\/wp-content\/uploads\/2016\/02\/p1130363.jpg?resize=300%2C225&#038;ssl=1\" alt=\"P1130363\" width=\"300\" height=\"225\" srcset=\"https:\/\/i0.wp.com\/genevieveetbernardauxameriques.fr\/wp-content\/uploads\/2016\/02\/p1130363.jpg?w=800&amp;ssl=1 800w, https:\/\/i0.wp.com\/genevieveetbernardauxameriques.fr\/wp-content\/uploads\/2016\/02\/p1130363.jpg?resize=300%2C225&amp;ssl=1 300w, https:\/\/i0.wp.com\/genevieveetbernardauxameriques.fr\/wp-content\/uploads\/2016\/02\/p1130363.jpg?resize=768%2C576&amp;ssl=1 768w\" sizes=\"(max-width: 300px) 100vw, 300px\" data-recalc-dims=\"1\" \/><\/a><\/p>\n<p><a href=\"https:\/\/i0.wp.com\/genevieveetbernardauxameriques.fr\/wp-content\/uploads\/2016\/02\/p1130348.jpg?ssl=1\" rel=\"attachment wp-att-2525\"><img loading=\"lazy\" decoding=\"async\" data-attachment-id=\"2525\" data-permalink=\"https:\/\/genevieveetbernardauxameriques.fr\/index.php\/2016\/02\/26\/de-buenos-aires-a-posada\/p1130348\/\" data-orig-file=\"https:\/\/i0.wp.com\/genevieveetbernardauxameriques.fr\/wp-content\/uploads\/2016\/02\/p1130348.jpg?fit=800%2C600&amp;ssl=1\" data-orig-size=\"800,600\" data-comments-opened=\"1\" data-image-meta=\"{&quot;aperture&quot;:&quot;4&quot;,&quot;credit&quot;:&quot;&quot;,&quot;camera&quot;:&quot;DMC-FZ5&quot;,&quot;caption&quot;:&quot;&quot;,&quot;created_timestamp&quot;:&quot;1455462252&quot;,&quot;copyright&quot;:&quot;&quot;,&quot;focal_length&quot;:&quot;56.3&quot;,&quot;iso&quot;:&quot;80&quot;,&quot;shutter_speed&quot;:&quot;0.01&quot;,&quot;title&quot;:&quot;&quot;,&quot;orientation&quot;:&quot;1&quot;}\" data-image-title=\"P1130348\" data-image-description=\"\" data-image-caption=\"\" data-medium-file=\"https:\/\/i0.wp.com\/genevieveetbernardauxameriques.fr\/wp-content\/uploads\/2016\/02\/p1130348.jpg?fit=300%2C225&amp;ssl=1\" data-large-file=\"https:\/\/i0.wp.com\/genevieveetbernardauxameriques.fr\/wp-content\/uploads\/2016\/02\/p1130348.jpg?fit=640%2C480&amp;ssl=1\" class=\"alignnone size-medium wp-image-2525\" src=\"https:\/\/i0.wp.com\/genevieveetbernardauxameriques.fr\/wp-content\/uploads\/2016\/02\/p1130348.jpg?resize=300%2C225&#038;ssl=1\" alt=\"P1130348\" width=\"300\" height=\"225\" srcset=\"https:\/\/i0.wp.com\/genevieveetbernardauxameriques.fr\/wp-content\/uploads\/2016\/02\/p1130348.jpg?w=800&amp;ssl=1 800w, https:\/\/i0.wp.com\/genevieveetbernardauxameriques.fr\/wp-content\/uploads\/2016\/02\/p1130348.jpg?resize=300%2C225&amp;ssl=1 300w, https:\/\/i0.wp.com\/genevieveetbernardauxameriques.fr\/wp-content\/uploads\/2016\/02\/p1130348.jpg?resize=768%2C576&amp;ssl=1 768w\" sizes=\"(max-width: 300px) 100vw, 300px\" data-recalc-dims=\"1\" \/><\/a><a href=\"https:\/\/i0.wp.com\/genevieveetbernardauxameriques.fr\/wp-content\/uploads\/2016\/02\/p1130346.jpg?ssl=1\" rel=\"attachment wp-att-2524\"><img loading=\"lazy\" decoding=\"async\" data-attachment-id=\"2524\" data-permalink=\"https:\/\/genevieveetbernardauxameriques.fr\/index.php\/2016\/02\/26\/de-buenos-aires-a-posada\/p1130346\/\" data-orig-file=\"https:\/\/i0.wp.com\/genevieveetbernardauxameriques.fr\/wp-content\/uploads\/2016\/02\/p1130346.jpg?fit=800%2C600&amp;ssl=1\" data-orig-size=\"800,600\" data-comments-opened=\"1\" data-image-meta=\"{&quot;aperture&quot;:&quot;4&quot;,&quot;credit&quot;:&quot;&quot;,&quot;camera&quot;:&quot;DMC-FZ5&quot;,&quot;caption&quot;:&quot;&quot;,&quot;created_timestamp&quot;:&quot;1455462205&quot;,&quot;copyright&quot;:&quot;&quot;,&quot;focal_length&quot;:&quot;72&quot;,&quot;iso&quot;:&quot;80&quot;,&quot;shutter_speed&quot;:&quot;0.005&quot;,&quot;title&quot;:&quot;&quot;,&quot;orientation&quot;:&quot;1&quot;}\" data-image-title=\"P1130346\" data-image-description=\"\" data-image-caption=\"\" data-medium-file=\"https:\/\/i0.wp.com\/genevieveetbernardauxameriques.fr\/wp-content\/uploads\/2016\/02\/p1130346.jpg?fit=300%2C225&amp;ssl=1\" data-large-file=\"https:\/\/i0.wp.com\/genevieveetbernardauxameriques.fr\/wp-content\/uploads\/2016\/02\/p1130346.jpg?fit=640%2C480&amp;ssl=1\" class=\"alignnone size-medium wp-image-2524\" src=\"https:\/\/i0.wp.com\/genevieveetbernardauxameriques.fr\/wp-content\/uploads\/2016\/02\/p1130346.jpg?resize=300%2C225&#038;ssl=1\" alt=\"P1130346\" width=\"300\" height=\"225\" srcset=\"https:\/\/i0.wp.com\/genevieveetbernardauxameriques.fr\/wp-content\/uploads\/2016\/02\/p1130346.jpg?w=800&amp;ssl=1 800w, https:\/\/i0.wp.com\/genevieveetbernardauxameriques.fr\/wp-content\/uploads\/2016\/02\/p1130346.jpg?resize=300%2C225&amp;ssl=1 300w, https:\/\/i0.wp.com\/genevieveetbernardauxameriques.fr\/wp-content\/uploads\/2016\/02\/p1130346.jpg?resize=768%2C576&amp;ssl=1 768w\" sizes=\"(max-width: 300px) 100vw, 300px\" data-recalc-dims=\"1\" \/><\/a><\/p>\n<p><a href=\"https:\/\/i0.wp.com\/genevieveetbernardauxameriques.fr\/wp-content\/uploads\/2016\/02\/p1130345.jpg?ssl=1\" rel=\"attachment wp-att-2523\"><img loading=\"lazy\" decoding=\"async\" data-attachment-id=\"2523\" data-permalink=\"https:\/\/genevieveetbernardauxameriques.fr\/index.php\/2016\/02\/26\/de-buenos-aires-a-posada\/p1130345\/\" data-orig-file=\"https:\/\/i0.wp.com\/genevieveetbernardauxameriques.fr\/wp-content\/uploads\/2016\/02\/p1130345.jpg?fit=800%2C600&amp;ssl=1\" data-orig-size=\"800,600\" data-comments-opened=\"1\" data-image-meta=\"{&quot;aperture&quot;:&quot;3.3&quot;,&quot;credit&quot;:&quot;&quot;,&quot;camera&quot;:&quot;DMC-FZ5&quot;,&quot;caption&quot;:&quot;&quot;,&quot;created_timestamp&quot;:&quot;1455462169&quot;,&quot;copyright&quot;:&quot;&quot;,&quot;focal_length&quot;:&quot;72&quot;,&quot;iso&quot;:&quot;80&quot;,&quot;shutter_speed&quot;:&quot;0.01&quot;,&quot;title&quot;:&quot;&quot;,&quot;orientation&quot;:&quot;1&quot;}\" data-image-title=\"P1130345\" data-image-description=\"\" data-image-caption=\"\" data-medium-file=\"https:\/\/i0.wp.com\/genevieveetbernardauxameriques.fr\/wp-content\/uploads\/2016\/02\/p1130345.jpg?fit=300%2C225&amp;ssl=1\" data-large-file=\"https:\/\/i0.wp.com\/genevieveetbernardauxameriques.fr\/wp-content\/uploads\/2016\/02\/p1130345.jpg?fit=640%2C480&amp;ssl=1\" class=\"alignnone size-medium wp-image-2523\" src=\"https:\/\/i0.wp.com\/genevieveetbernardauxameriques.fr\/wp-content\/uploads\/2016\/02\/p1130345.jpg?resize=300%2C225&#038;ssl=1\" alt=\"P1130345\" width=\"300\" height=\"225\" srcset=\"https:\/\/i0.wp.com\/genevieveetbernardauxameriques.fr\/wp-content\/uploads\/2016\/02\/p1130345.jpg?w=800&amp;ssl=1 800w, https:\/\/i0.wp.com\/genevieveetbernardauxameriques.fr\/wp-content\/uploads\/2016\/02\/p1130345.jpg?resize=300%2C225&amp;ssl=1 300w, https:\/\/i0.wp.com\/genevieveetbernardauxameriques.fr\/wp-content\/uploads\/2016\/02\/p1130345.jpg?resize=768%2C576&amp;ssl=1 768w\" sizes=\"(max-width: 300px) 100vw, 300px\" data-recalc-dims=\"1\" \/><\/a><a href=\"https:\/\/i0.wp.com\/genevieveetbernardauxameriques.fr\/wp-content\/uploads\/2016\/02\/p1010663.jpg?ssl=1\" rel=\"attachment wp-att-2516\"><img loading=\"lazy\" decoding=\"async\" data-attachment-id=\"2516\" data-permalink=\"https:\/\/genevieveetbernardauxameriques.fr\/index.php\/2016\/02\/26\/de-buenos-aires-a-posada\/p1010663\/\" data-orig-file=\"https:\/\/i0.wp.com\/genevieveetbernardauxameriques.fr\/wp-content\/uploads\/2016\/02\/p1010663.jpg?fit=800%2C600&amp;ssl=1\" data-orig-size=\"800,600\" data-comments-opened=\"1\" data-image-meta=\"{&quot;aperture&quot;:&quot;6.4&quot;,&quot;credit&quot;:&quot;&quot;,&quot;camera&quot;:&quot;DMC-TZ55&quot;,&quot;caption&quot;:&quot;&quot;,&quot;created_timestamp&quot;:&quot;1455454256&quot;,&quot;copyright&quot;:&quot;&quot;,&quot;focal_length&quot;:&quot;86&quot;,&quot;iso&quot;:&quot;1250&quot;,&quot;shutter_speed&quot;:&quot;0.00625&quot;,&quot;title&quot;:&quot;&quot;,&quot;orientation&quot;:&quot;1&quot;}\" data-image-title=\"P1010663\" data-image-description=\"\" data-image-caption=\"\" data-medium-file=\"https:\/\/i0.wp.com\/genevieveetbernardauxameriques.fr\/wp-content\/uploads\/2016\/02\/p1010663.jpg?fit=300%2C225&amp;ssl=1\" data-large-file=\"https:\/\/i0.wp.com\/genevieveetbernardauxameriques.fr\/wp-content\/uploads\/2016\/02\/p1010663.jpg?fit=640%2C480&amp;ssl=1\" class=\"alignnone size-medium wp-image-2516\" src=\"https:\/\/i0.wp.com\/genevieveetbernardauxameriques.fr\/wp-content\/uploads\/2016\/02\/p1010663.jpg?resize=300%2C225&#038;ssl=1\" alt=\"P1010663\" width=\"300\" height=\"225\" srcset=\"https:\/\/i0.wp.com\/genevieveetbernardauxameriques.fr\/wp-content\/uploads\/2016\/02\/p1010663.jpg?w=800&amp;ssl=1 800w, https:\/\/i0.wp.com\/genevieveetbernardauxameriques.fr\/wp-content\/uploads\/2016\/02\/p1010663.jpg?resize=300%2C225&amp;ssl=1 300w, https:\/\/i0.wp.com\/genevieveetbernardauxameriques.fr\/wp-content\/uploads\/2016\/02\/p1010663.jpg?resize=768%2C576&amp;ssl=1 768w\" sizes=\"(max-width: 300px) 100vw, 300px\" data-recalc-dims=\"1\" \/><\/a><\/p>\n<p><a href=\"https:\/\/i0.wp.com\/genevieveetbernardauxameriques.fr\/wp-content\/uploads\/2016\/02\/p1010664.jpg?ssl=1\" rel=\"attachment wp-att-2517\"><img loading=\"lazy\" decoding=\"async\" data-attachment-id=\"2517\" data-permalink=\"https:\/\/genevieveetbernardauxameriques.fr\/index.php\/2016\/02\/26\/de-buenos-aires-a-posada\/p1010664\/\" data-orig-file=\"https:\/\/i0.wp.com\/genevieveetbernardauxameriques.fr\/wp-content\/uploads\/2016\/02\/p1010664.jpg?fit=800%2C600&amp;ssl=1\" data-orig-size=\"800,600\" data-comments-opened=\"1\" data-image-meta=\"{&quot;aperture&quot;:&quot;6.4&quot;,&quot;credit&quot;:&quot;&quot;,&quot;camera&quot;:&quot;DMC-TZ55&quot;,&quot;caption&quot;:&quot;&quot;,&quot;created_timestamp&quot;:&quot;1455454288&quot;,&quot;copyright&quot;:&quot;&quot;,&quot;focal_length&quot;:&quot;86&quot;,&quot;iso&quot;:&quot;1600&quot;,&quot;shutter_speed&quot;:&quot;0.003125&quot;,&quot;title&quot;:&quot;&quot;,&quot;orientation&quot;:&quot;1&quot;}\" data-image-title=\"P1010664\" data-image-description=\"\" data-image-caption=\"\" data-medium-file=\"https:\/\/i0.wp.com\/genevieveetbernardauxameriques.fr\/wp-content\/uploads\/2016\/02\/p1010664.jpg?fit=300%2C225&amp;ssl=1\" data-large-file=\"https:\/\/i0.wp.com\/genevieveetbernardauxameriques.fr\/wp-content\/uploads\/2016\/02\/p1010664.jpg?fit=640%2C480&amp;ssl=1\" class=\"alignnone size-medium wp-image-2517\" src=\"https:\/\/i0.wp.com\/genevieveetbernardauxameriques.fr\/wp-content\/uploads\/2016\/02\/p1010664.jpg?resize=300%2C225&#038;ssl=1\" alt=\"P1010664\" width=\"300\" height=\"225\" srcset=\"https:\/\/i0.wp.com\/genevieveetbernardauxameriques.fr\/wp-content\/uploads\/2016\/02\/p1010664.jpg?w=800&amp;ssl=1 800w, https:\/\/i0.wp.com\/genevieveetbernardauxameriques.fr\/wp-content\/uploads\/2016\/02\/p1010664.jpg?resize=300%2C225&amp;ssl=1 300w, https:\/\/i0.wp.com\/genevieveetbernardauxameriques.fr\/wp-content\/uploads\/2016\/02\/p1010664.jpg?resize=768%2C576&amp;ssl=1 768w\" sizes=\"(max-width: 300px) 100vw, 300px\" data-recalc-dims=\"1\" \/><\/a><a href=\"https:\/\/i0.wp.com\/genevieveetbernardauxameriques.fr\/wp-content\/uploads\/2016\/02\/20160214_163819.jpg?ssl=1\" rel=\"attachment wp-att-2479\"><img loading=\"lazy\" decoding=\"async\" data-attachment-id=\"2479\" data-permalink=\"https:\/\/genevieveetbernardauxameriques.fr\/index.php\/2016\/02\/26\/de-buenos-aires-a-posada\/20160214_163819\/\" data-orig-file=\"https:\/\/i0.wp.com\/genevieveetbernardauxameriques.fr\/wp-content\/uploads\/2016\/02\/20160214_163819.jpg?fit=800%2C600&amp;ssl=1\" data-orig-size=\"800,600\" data-comments-opened=\"1\" data-image-meta=\"{&quot;aperture&quot;:&quot;1.9&quot;,&quot;credit&quot;:&quot;&quot;,&quot;camera&quot;:&quot;SM-T810&quot;,&quot;caption&quot;:&quot;&quot;,&quot;created_timestamp&quot;:&quot;1455467899&quot;,&quot;copyright&quot;:&quot;&quot;,&quot;focal_length&quot;:&quot;2.9&quot;,&quot;iso&quot;:&quot;40&quot;,&quot;shutter_speed&quot;:&quot;0.0010752688172043&quot;,&quot;title&quot;:&quot;&quot;,&quot;orientation&quot;:&quot;1&quot;}\" data-image-title=\"20160214_163819\" data-image-description=\"\" data-image-caption=\"\" data-medium-file=\"https:\/\/i0.wp.com\/genevieveetbernardauxameriques.fr\/wp-content\/uploads\/2016\/02\/20160214_163819.jpg?fit=300%2C225&amp;ssl=1\" data-large-file=\"https:\/\/i0.wp.com\/genevieveetbernardauxameriques.fr\/wp-content\/uploads\/2016\/02\/20160214_163819.jpg?fit=640%2C480&amp;ssl=1\" class=\"alignnone size-medium wp-image-2479\" src=\"https:\/\/i0.wp.com\/genevieveetbernardauxameriques.fr\/wp-content\/uploads\/2016\/02\/20160214_163819.jpg?resize=300%2C225&#038;ssl=1\" alt=\"20160214_163819\" width=\"300\" height=\"225\" srcset=\"https:\/\/i0.wp.com\/genevieveetbernardauxameriques.fr\/wp-content\/uploads\/2016\/02\/20160214_163819.jpg?w=800&amp;ssl=1 800w, https:\/\/i0.wp.com\/genevieveetbernardauxameriques.fr\/wp-content\/uploads\/2016\/02\/20160214_163819.jpg?resize=300%2C225&amp;ssl=1 300w, https:\/\/i0.wp.com\/genevieveetbernardauxameriques.fr\/wp-content\/uploads\/2016\/02\/20160214_163819.jpg?resize=768%2C576&amp;ssl=1 768w\" sizes=\"(max-width: 300px) 100vw, 300px\" data-recalc-dims=\"1\" \/><\/a><\/p>\n<p><a href=\"https:\/\/genevieveetbernardauxameriques.files.wordpress.com\/2016\/02\/p1010643.jpg\" rel=\"attachment wp-att-2357\"><img loading=\"lazy\" decoding=\"async\" data-attachment-id=\"2357\" data-permalink=\"https:\/\/genevieveetbernardauxameriques.fr\/p1010643\/\" data-orig-file=\"https:\/\/i0.wp.com\/genevieveetbernardauxameriques.fr\/wp-content\/uploads\/2016\/02\/p1010643.jpg?fit=800%2C600&amp;ssl=1\" data-orig-size=\"800,600\" data-comments-opened=\"1\" data-image-meta=\"{&quot;aperture&quot;:&quot;6.3&quot;,&quot;credit&quot;:&quot;&quot;,&quot;camera&quot;:&quot;DMC-TZ55&quot;,&quot;caption&quot;:&quot;&quot;,&quot;created_timestamp&quot;:&quot;1455316958&quot;,&quot;copyright&quot;:&quot;&quot;,&quot;focal_length&quot;:&quot;60&quot;,&quot;iso&quot;:&quot;100&quot;,&quot;shutter_speed&quot;:&quot;0.002&quot;,&quot;title&quot;:&quot;&quot;,&quot;orientation&quot;:&quot;1&quot;}\" data-image-title=\"P1010643\" data-image-description=\"\" data-image-caption=\"\" data-medium-file=\"https:\/\/i0.wp.com\/genevieveetbernardauxameriques.fr\/wp-content\/uploads\/2016\/02\/p1010643.jpg?fit=300%2C225&amp;ssl=1\" data-large-file=\"https:\/\/i0.wp.com\/genevieveetbernardauxameriques.fr\/wp-content\/uploads\/2016\/02\/p1010643.jpg?fit=640%2C480&amp;ssl=1\" class=\"alignnone size-medium wp-image-2357\" src=\"https:\/\/genevieveetbernardauxameriques.files.wordpress.com\/2016\/02\/p1010643.jpg?w=300&#038;resize=300%2C225\" alt=\"P1010643\" width=\"300\" height=\"225\" srcset=\"https:\/\/i0.wp.com\/genevieveetbernardauxameriques.fr\/wp-content\/uploads\/2016\/02\/p1010643.jpg?w=800&amp;ssl=1 800w, https:\/\/i0.wp.com\/genevieveetbernardauxameriques.fr\/wp-content\/uploads\/2016\/02\/p1010643.jpg?resize=300%2C225&amp;ssl=1 300w, https:\/\/i0.wp.com\/genevieveetbernardauxameriques.fr\/wp-content\/uploads\/2016\/02\/p1010643.jpg?resize=768%2C576&amp;ssl=1 768w\" sizes=\"(max-width: 300px) 100vw, 300px\" data-recalc-dims=\"1\" \/><\/a><a href=\"https:\/\/i0.wp.com\/genevieveetbernardauxameriques.fr\/wp-content\/uploads\/2016\/02\/p1010661.jpg?ssl=1\" rel=\"attachment wp-att-2361\"><img loading=\"lazy\" decoding=\"async\" data-attachment-id=\"2361\" data-permalink=\"https:\/\/genevieveetbernardauxameriques.fr\/cropped-p10009451\/\" data-orig-file=\"https:\/\/i0.wp.com\/genevieveetbernardauxameriques.fr\/wp-content\/uploads\/2016\/02\/cropped-p10009451.jpg?fit=940%2C198&amp;ssl=1\" data-orig-size=\"940,198\" data-comments-opened=\"1\" data-image-meta=\"{&quot;aperture&quot;:&quot;0&quot;,&quot;credit&quot;:&quot;&quot;,&quot;camera&quot;:&quot;&quot;,&quot;caption&quot;:&quot;&quot;,&quot;created_timestamp&quot;:&quot;0&quot;,&quot;copyright&quot;:&quot;&quot;,&quot;focal_length&quot;:&quot;0&quot;,&quot;iso&quot;:&quot;0&quot;,&quot;shutter_speed&quot;:&quot;0&quot;,&quot;title&quot;:&quot;&quot;,&quot;orientation&quot;:&quot;0&quot;}\" data-image-title=\"cropped-p10009451\" data-image-description=\"\" data-image-caption=\"\" data-medium-file=\"https:\/\/i0.wp.com\/genevieveetbernardauxameriques.fr\/wp-content\/uploads\/2016\/02\/cropped-p10009451.jpg?fit=300%2C63&amp;ssl=1\" data-large-file=\"https:\/\/i0.wp.com\/genevieveetbernardauxameriques.fr\/wp-content\/uploads\/2016\/02\/cropped-p10009451.jpg?fit=640%2C135&amp;ssl=1\" class=\"alignnone size-medium wp-image-2361\" src=\"https:\/\/i0.wp.com\/genevieveetbernardauxameriques.fr\/wp-content\/uploads\/2016\/02\/p1010661.jpg?resize=300%2C225&#038;ssl=1\" alt=\"P1010661\" width=\"300\" height=\"225\" data-recalc-dims=\"1\" \/><\/a><\/p>\n<p><a href=\"https:\/\/i0.wp.com\/genevieveetbernardauxameriques.fr\/wp-content\/uploads\/2016\/02\/p1010649-1.jpg?ssl=1\" rel=\"attachment wp-att-2358\"><img loading=\"lazy\" decoding=\"async\" class=\"alignnone size-medium wp-image-2358\" src=\"https:\/\/i0.wp.com\/genevieveetbernardauxameriques.fr\/wp-content\/uploads\/2016\/02\/p1010649-1.jpg?resize=300%2C225&#038;ssl=1\" alt=\"P1010649\" width=\"300\" height=\"225\" data-recalc-dims=\"1\" \/><\/a><a href=\"https:\/\/genevieveetbernardauxameriques.files.wordpress.com\/2016\/02\/20160213_094207.jpg\" rel=\"attachment wp-att-2334\"><img loading=\"lazy\" decoding=\"async\" data-attachment-id=\"2334\" data-permalink=\"https:\/\/genevieveetbernardauxameriques.fr\/index.php\/2016\/02\/26\/de-buenos-aires-a-posada\/20160213_094207\/\" data-orig-file=\"https:\/\/i0.wp.com\/genevieveetbernardauxameriques.fr\/wp-content\/uploads\/2016\/02\/20160213_094207.jpg?fit=800%2C600&amp;ssl=1\" data-orig-size=\"800,600\" data-comments-opened=\"1\" data-image-meta=\"{&quot;aperture&quot;:&quot;1.9&quot;,&quot;credit&quot;:&quot;&quot;,&quot;camera&quot;:&quot;SM-T810&quot;,&quot;caption&quot;:&quot;&quot;,&quot;created_timestamp&quot;:&quot;1455356527&quot;,&quot;copyright&quot;:&quot;&quot;,&quot;focal_length&quot;:&quot;2.9&quot;,&quot;iso&quot;:&quot;40&quot;,&quot;shutter_speed&quot;:&quot;0.00065789473684211&quot;,&quot;title&quot;:&quot;&quot;,&quot;orientation&quot;:&quot;1&quot;}\" data-image-title=\"20160213_094207\" data-image-description=\"\" data-image-caption=\"\" data-medium-file=\"https:\/\/i0.wp.com\/genevieveetbernardauxameriques.fr\/wp-content\/uploads\/2016\/02\/20160213_094207.jpg?fit=300%2C225&amp;ssl=1\" data-large-file=\"https:\/\/i0.wp.com\/genevieveetbernardauxameriques.fr\/wp-content\/uploads\/2016\/02\/20160213_094207.jpg?fit=640%2C480&amp;ssl=1\" class=\"alignnone size-medium wp-image-2334\" src=\"https:\/\/genevieveetbernardauxameriques.files.wordpress.com\/2016\/02\/20160213_094207.jpg?w=300&#038;resize=300%2C225\" alt=\"20160213_094207\" width=\"300\" height=\"225\" srcset=\"https:\/\/i0.wp.com\/genevieveetbernardauxameriques.fr\/wp-content\/uploads\/2016\/02\/20160213_094207.jpg?w=800&amp;ssl=1 800w, https:\/\/i0.wp.com\/genevieveetbernardauxameriques.fr\/wp-content\/uploads\/2016\/02\/20160213_094207.jpg?resize=300%2C225&amp;ssl=1 300w, https:\/\/i0.wp.com\/genevieveetbernardauxameriques.fr\/wp-content\/uploads\/2016\/02\/20160213_094207.jpg?resize=768%2C576&amp;ssl=1 768w\" sizes=\"(max-width: 300px) 100vw, 300px\" data-recalc-dims=\"1\" \/><\/a><\/p>\n<p>Trois nids diff\u00e9rents\u00a0:<\/p>\n<p><a href=\"https:\/\/genevieveetbernardauxameriques.files.wordpress.com\/2016\/02\/p1010567.jpg\" rel=\"attachment wp-att-2306\"><img loading=\"lazy\" decoding=\"async\" data-attachment-id=\"2306\" data-permalink=\"https:\/\/genevieveetbernardauxameriques.fr\/index.php\/2016\/02\/26\/de-buenos-aires-a-posada\/p1010567\/\" data-orig-file=\"https:\/\/i0.wp.com\/genevieveetbernardauxameriques.fr\/wp-content\/uploads\/2016\/02\/p1010567.jpg?fit=800%2C600&amp;ssl=1\" data-orig-size=\"800,600\" data-comments-opened=\"1\" data-image-meta=\"{&quot;aperture&quot;:&quot;3.3&quot;,&quot;credit&quot;:&quot;&quot;,&quot;camera&quot;:&quot;DMC-TZ55&quot;,&quot;caption&quot;:&quot;&quot;,&quot;created_timestamp&quot;:&quot;1454509251&quot;,&quot;copyright&quot;:&quot;&quot;,&quot;focal_length&quot;:&quot;4.3&quot;,&quot;iso&quot;:&quot;100&quot;,&quot;shutter_speed&quot;:&quot;0.001&quot;,&quot;title&quot;:&quot;&quot;,&quot;orientation&quot;:&quot;1&quot;}\" data-image-title=\"P1010567\" data-image-description=\"\" data-image-caption=\"\" data-medium-file=\"https:\/\/i0.wp.com\/genevieveetbernardauxameriques.fr\/wp-content\/uploads\/2016\/02\/p1010567.jpg?fit=300%2C225&amp;ssl=1\" data-large-file=\"https:\/\/i0.wp.com\/genevieveetbernardauxameriques.fr\/wp-content\/uploads\/2016\/02\/p1010567.jpg?fit=640%2C480&amp;ssl=1\" class=\"alignnone size-medium wp-image-2306\" src=\"https:\/\/genevieveetbernardauxameriques.files.wordpress.com\/2016\/02\/p1010567.jpg?w=300&#038;resize=300%2C225\" alt=\"P1010567\" width=\"300\" height=\"225\" srcset=\"https:\/\/i0.wp.com\/genevieveetbernardauxameriques.fr\/wp-content\/uploads\/2016\/02\/p1010567.jpg?w=800&amp;ssl=1 800w, https:\/\/i0.wp.com\/genevieveetbernardauxameriques.fr\/wp-content\/uploads\/2016\/02\/p1010567.jpg?resize=300%2C225&amp;ssl=1 300w, https:\/\/i0.wp.com\/genevieveetbernardauxameriques.fr\/wp-content\/uploads\/2016\/02\/p1010567.jpg?resize=768%2C576&amp;ssl=1 768w\" sizes=\"(max-width: 300px) 100vw, 300px\" data-recalc-dims=\"1\" \/><\/a><a href=\"https:\/\/i0.wp.com\/genevieveetbernardauxameriques.fr\/wp-content\/uploads\/2016\/02\/p1130299.jpg?ssl=1\" rel=\"attachment wp-att-2363\"><img loading=\"lazy\" decoding=\"async\" class=\"alignnone size-medium wp-image-2363\" src=\"https:\/\/i0.wp.com\/genevieveetbernardauxameriques.fr\/wp-content\/uploads\/2016\/02\/p1130299.jpg?resize=300%2C225&#038;ssl=1\" alt=\"P1130299\" width=\"300\" height=\"225\" data-recalc-dims=\"1\" \/><\/a><a href=\"https:\/\/i0.wp.com\/genevieveetbernardauxameriques.fr\/wp-content\/uploads\/2016\/02\/20160214_164035.jpg?ssl=1\" rel=\"attachment wp-att-2480\"><img loading=\"lazy\" decoding=\"async\" data-attachment-id=\"2480\" data-permalink=\"https:\/\/genevieveetbernardauxameriques.fr\/index.php\/2016\/02\/26\/de-buenos-aires-a-posada\/20160214_164035\/\" data-orig-file=\"https:\/\/i0.wp.com\/genevieveetbernardauxameriques.fr\/wp-content\/uploads\/2016\/02\/20160214_164035.jpg?fit=800%2C600&amp;ssl=1\" data-orig-size=\"800,600\" data-comments-opened=\"1\" data-image-meta=\"{&quot;aperture&quot;:&quot;1.9&quot;,&quot;credit&quot;:&quot;&quot;,&quot;camera&quot;:&quot;SM-T810&quot;,&quot;caption&quot;:&quot;&quot;,&quot;created_timestamp&quot;:&quot;1455468035&quot;,&quot;copyright&quot;:&quot;&quot;,&quot;focal_length&quot;:&quot;2.9&quot;,&quot;iso&quot;:&quot;40&quot;,&quot;shutter_speed&quot;:&quot;0.00072254335260116&quot;,&quot;title&quot;:&quot;&quot;,&quot;orientation&quot;:&quot;1&quot;}\" data-image-title=\"20160214_164035\" data-image-description=\"\" data-image-caption=\"\" data-medium-file=\"https:\/\/i0.wp.com\/genevieveetbernardauxameriques.fr\/wp-content\/uploads\/2016\/02\/20160214_164035.jpg?fit=300%2C225&amp;ssl=1\" data-large-file=\"https:\/\/i0.wp.com\/genevieveetbernardauxameriques.fr\/wp-content\/uploads\/2016\/02\/20160214_164035.jpg?fit=640%2C480&amp;ssl=1\" class=\"size-medium wp-image-2480 aligncenter\" src=\"https:\/\/i0.wp.com\/genevieveetbernardauxameriques.fr\/wp-content\/uploads\/2016\/02\/20160214_164035.jpg?resize=300%2C225&#038;ssl=1\" alt=\"20160214_164035\" width=\"300\" height=\"225\" srcset=\"https:\/\/i0.wp.com\/genevieveetbernardauxameriques.fr\/wp-content\/uploads\/2016\/02\/20160214_164035.jpg?w=800&amp;ssl=1 800w, https:\/\/i0.wp.com\/genevieveetbernardauxameriques.fr\/wp-content\/uploads\/2016\/02\/20160214_164035.jpg?resize=300%2C225&amp;ssl=1 300w, https:\/\/i0.wp.com\/genevieveetbernardauxameriques.fr\/wp-content\/uploads\/2016\/02\/20160214_164035.jpg?resize=768%2C576&amp;ssl=1 768w\" sizes=\"(max-width: 300px) 100vw, 300px\" data-recalc-dims=\"1\" \/><\/a><\/p>\n<p>Un arbre avec les trous faits par un genre de pic vert :<\/p>\n<p><a href=\"https:\/\/i0.wp.com\/genevieveetbernardauxameriques.fr\/wp-content\/uploads\/2016\/02\/20160214_174238_003.jpg?ssl=1\" rel=\"attachment wp-att-2492\"><img loading=\"lazy\" decoding=\"async\" data-attachment-id=\"2492\" data-permalink=\"https:\/\/genevieveetbernardauxameriques.fr\/index.php\/2016\/02\/26\/de-buenos-aires-a-posada\/20160214_174238_003\/\" data-orig-file=\"https:\/\/i0.wp.com\/genevieveetbernardauxameriques.fr\/wp-content\/uploads\/2016\/02\/20160214_174238_003.jpg?fit=600%2C800&amp;ssl=1\" data-orig-size=\"600,800\" data-comments-opened=\"1\" data-image-meta=\"{&quot;aperture&quot;:&quot;1.9&quot;,&quot;credit&quot;:&quot;&quot;,&quot;camera&quot;:&quot;SM-T810&quot;,&quot;caption&quot;:&quot;&quot;,&quot;created_timestamp&quot;:&quot;1455471758&quot;,&quot;copyright&quot;:&quot;&quot;,&quot;focal_length&quot;:&quot;2.9&quot;,&quot;iso&quot;:&quot;125&quot;,&quot;shutter_speed&quot;:&quot;0.03030303030303&quot;,&quot;title&quot;:&quot;&quot;,&quot;orientation&quot;:&quot;1&quot;}\" data-image-title=\"20160214_174238_003\" data-image-description=\"\" data-image-caption=\"\" data-medium-file=\"https:\/\/i0.wp.com\/genevieveetbernardauxameriques.fr\/wp-content\/uploads\/2016\/02\/20160214_174238_003.jpg?fit=225%2C300&amp;ssl=1\" data-large-file=\"https:\/\/i0.wp.com\/genevieveetbernardauxameriques.fr\/wp-content\/uploads\/2016\/02\/20160214_174238_003.jpg?fit=600%2C800&amp;ssl=1\" class=\"size-medium wp-image-2492 aligncenter\" src=\"https:\/\/i0.wp.com\/genevieveetbernardauxameriques.fr\/wp-content\/uploads\/2016\/02\/20160214_174238_003.jpg?resize=225%2C300&#038;ssl=1\" alt=\"20160214_174238_003\" width=\"225\" height=\"300\" srcset=\"https:\/\/i0.wp.com\/genevieveetbernardauxameriques.fr\/wp-content\/uploads\/2016\/02\/20160214_174238_003.jpg?w=600&amp;ssl=1 600w, https:\/\/i0.wp.com\/genevieveetbernardauxameriques.fr\/wp-content\/uploads\/2016\/02\/20160214_174238_003.jpg?resize=225%2C300&amp;ssl=1 225w\" sizes=\"(max-width: 225px) 100vw, 225px\" data-recalc-dims=\"1\" \/><\/a><\/p>\n<p>Des <strong>papillons<\/strong> magnifiques : (diaporama)<\/p>\n<p>&nbsp;<\/p>\n<div data-carousel-extra='{\"blog_id\":1,\"permalink\":\"https:\\\/\\\/genevieveetbernardauxameriques.fr\\\/index.php\\\/2016\\\/02\\\/26\\\/animaux-pour-les-enfants-au-parc-del-iberia\\\/\"}' id='gallery-1' class='gallery galleryid-2572 gallery-columns-3 gallery-size-thumbnail'><dl class='gallery-item'>\n\t\t\t<dt class='gallery-icon landscape'>\n\t\t\t\t<a href='https:\/\/genevieveetbernardauxameriques.fr\/index.php\/2016\/02\/26\/animaux-pour-les-enfants-au-parc-del-iberia\/p1130552\/'><img loading=\"lazy\" decoding=\"async\" width=\"150\" height=\"150\" src=\"https:\/\/i0.wp.com\/genevieveetbernardauxameriques.fr\/wp-content\/uploads\/2016\/02\/p1130552.jpg?resize=150%2C150&amp;ssl=1\" class=\"attachment-thumbnail size-thumbnail\" alt=\"\" srcset=\"https:\/\/i0.wp.com\/genevieveetbernardauxameriques.fr\/wp-content\/uploads\/2016\/02\/p1130552.jpg?resize=150%2C150&amp;ssl=1 150w, https:\/\/i0.wp.com\/genevieveetbernardauxameriques.fr\/wp-content\/uploads\/2016\/02\/p1130552.jpg?zoom=2&amp;resize=150%2C150&amp;ssl=1 300w, https:\/\/i0.wp.com\/genevieveetbernardauxameriques.fr\/wp-content\/uploads\/2016\/02\/p1130552.jpg?zoom=3&amp;resize=150%2C150&amp;ssl=1 450w\" sizes=\"(max-width: 150px) 100vw, 150px\" data-attachment-id=\"2678\" data-permalink=\"https:\/\/genevieveetbernardauxameriques.fr\/index.php\/2016\/02\/26\/animaux-pour-les-enfants-au-parc-del-iberia\/p1130552\/\" data-orig-file=\"https:\/\/i0.wp.com\/genevieveetbernardauxameriques.fr\/wp-content\/uploads\/2016\/02\/p1130552.jpg?fit=800%2C600&amp;ssl=1\" data-orig-size=\"800,600\" data-comments-opened=\"1\" data-image-meta=\"{&quot;aperture&quot;:&quot;5.6&quot;,&quot;credit&quot;:&quot;&quot;,&quot;camera&quot;:&quot;DMC-FZ5&quot;,&quot;caption&quot;:&quot;&quot;,&quot;created_timestamp&quot;:&quot;1456314597&quot;,&quot;copyright&quot;:&quot;&quot;,&quot;focal_length&quot;:&quot;6&quot;,&quot;iso&quot;:&quot;80&quot;,&quot;shutter_speed&quot;:&quot;0.002&quot;,&quot;title&quot;:&quot;&quot;,&quot;orientation&quot;:&quot;1&quot;}\" data-image-title=\"P1130552\" data-image-description=\"\" data-image-caption=\"\" data-medium-file=\"https:\/\/i0.wp.com\/genevieveetbernardauxameriques.fr\/wp-content\/uploads\/2016\/02\/p1130552.jpg?fit=300%2C225&amp;ssl=1\" data-large-file=\"https:\/\/i0.wp.com\/genevieveetbernardauxameriques.fr\/wp-content\/uploads\/2016\/02\/p1130552.jpg?fit=640%2C480&amp;ssl=1\" \/><\/a>\n\t\t\t<\/dt><\/dl><dl class='gallery-item'>\n\t\t\t<dt class='gallery-icon landscape'>\n\t\t\t\t<a href='https:\/\/genevieveetbernardauxameriques.fr\/index.php\/2016\/02\/26\/animaux-pour-les-enfants-au-parc-del-iberia\/p1130556\/'><img loading=\"lazy\" decoding=\"async\" width=\"150\" height=\"150\" src=\"https:\/\/i0.wp.com\/genevieveetbernardauxameriques.fr\/wp-content\/uploads\/2016\/02\/p1130556.jpg?resize=150%2C150&amp;ssl=1\" class=\"attachment-thumbnail size-thumbnail\" alt=\"\" srcset=\"https:\/\/i0.wp.com\/genevieveetbernardauxameriques.fr\/wp-content\/uploads\/2016\/02\/p1130556.jpg?resize=150%2C150&amp;ssl=1 150w, https:\/\/i0.wp.com\/genevieveetbernardauxameriques.fr\/wp-content\/uploads\/2016\/02\/p1130556.jpg?zoom=2&amp;resize=150%2C150&amp;ssl=1 300w, https:\/\/i0.wp.com\/genevieveetbernardauxameriques.fr\/wp-content\/uploads\/2016\/02\/p1130556.jpg?zoom=3&amp;resize=150%2C150&amp;ssl=1 450w\" sizes=\"(max-width: 150px) 100vw, 150px\" data-attachment-id=\"2679\" data-permalink=\"https:\/\/genevieveetbernardauxameriques.fr\/index.php\/2016\/02\/26\/animaux-pour-les-enfants-au-parc-del-iberia\/p1130556\/\" data-orig-file=\"https:\/\/i0.wp.com\/genevieveetbernardauxameriques.fr\/wp-content\/uploads\/2016\/02\/p1130556.jpg?fit=800%2C600&amp;ssl=1\" data-orig-size=\"800,600\" data-comments-opened=\"1\" data-image-meta=\"{&quot;aperture&quot;:&quot;4.5&quot;,&quot;credit&quot;:&quot;&quot;,&quot;camera&quot;:&quot;DMC-FZ5&quot;,&quot;caption&quot;:&quot;&quot;,&quot;created_timestamp&quot;:&quot;1456314649&quot;,&quot;copyright&quot;:&quot;&quot;,&quot;focal_length&quot;:&quot;6&quot;,&quot;iso&quot;:&quot;80&quot;,&quot;shutter_speed&quot;:&quot;0.0025&quot;,&quot;title&quot;:&quot;&quot;,&quot;orientation&quot;:&quot;1&quot;}\" data-image-title=\"P1130556\" data-image-description=\"\" data-image-caption=\"\" data-medium-file=\"https:\/\/i0.wp.com\/genevieveetbernardauxameriques.fr\/wp-content\/uploads\/2016\/02\/p1130556.jpg?fit=300%2C225&amp;ssl=1\" data-large-file=\"https:\/\/i0.wp.com\/genevieveetbernardauxameriques.fr\/wp-content\/uploads\/2016\/02\/p1130556.jpg?fit=640%2C480&amp;ssl=1\" \/><\/a>\n\t\t\t<\/dt><\/dl><dl class='gallery-item'>\n\t\t\t<dt class='gallery-icon landscape'>\n\t\t\t\t<a href='https:\/\/genevieveetbernardauxameriques.fr\/index.php\/2016\/02\/26\/animaux-pour-les-enfants-au-parc-del-iberia\/p1130578\/'><img loading=\"lazy\" decoding=\"async\" width=\"150\" height=\"150\" src=\"https:\/\/i0.wp.com\/genevieveetbernardauxameriques.fr\/wp-content\/uploads\/2016\/02\/p1130578.jpg?resize=150%2C150&amp;ssl=1\" class=\"attachment-thumbnail size-thumbnail\" alt=\"\" srcset=\"https:\/\/i0.wp.com\/genevieveetbernardauxameriques.fr\/wp-content\/uploads\/2016\/02\/p1130578.jpg?resize=150%2C150&amp;ssl=1 150w, https:\/\/i0.wp.com\/genevieveetbernardauxameriques.fr\/wp-content\/uploads\/2016\/02\/p1130578.jpg?zoom=2&amp;resize=150%2C150&amp;ssl=1 300w, https:\/\/i0.wp.com\/genevieveetbernardauxameriques.fr\/wp-content\/uploads\/2016\/02\/p1130578.jpg?zoom=3&amp;resize=150%2C150&amp;ssl=1 450w\" sizes=\"(max-width: 150px) 100vw, 150px\" data-attachment-id=\"2680\" data-permalink=\"https:\/\/genevieveetbernardauxameriques.fr\/index.php\/2016\/02\/26\/animaux-pour-les-enfants-au-parc-del-iberia\/p1130578\/\" data-orig-file=\"https:\/\/i0.wp.com\/genevieveetbernardauxameriques.fr\/wp-content\/uploads\/2016\/02\/p1130578.jpg?fit=800%2C600&amp;ssl=1\" data-orig-size=\"800,600\" data-comments-opened=\"1\" data-image-meta=\"{&quot;aperture&quot;:&quot;4&quot;,&quot;credit&quot;:&quot;&quot;,&quot;camera&quot;:&quot;DMC-FZ5&quot;,&quot;caption&quot;:&quot;&quot;,&quot;created_timestamp&quot;:&quot;1456317038&quot;,&quot;copyright&quot;:&quot;&quot;,&quot;focal_length&quot;:&quot;6&quot;,&quot;iso&quot;:&quot;80&quot;,&quot;shutter_speed&quot;:&quot;0.016666666666667&quot;,&quot;title&quot;:&quot;&quot;,&quot;orientation&quot;:&quot;1&quot;}\" data-image-title=\"P1130578\" data-image-description=\"\" data-image-caption=\"\" data-medium-file=\"https:\/\/i0.wp.com\/genevieveetbernardauxameriques.fr\/wp-content\/uploads\/2016\/02\/p1130578.jpg?fit=300%2C225&amp;ssl=1\" data-large-file=\"https:\/\/i0.wp.com\/genevieveetbernardauxameriques.fr\/wp-content\/uploads\/2016\/02\/p1130578.jpg?fit=640%2C480&amp;ssl=1\" \/><\/a>\n\t\t\t<\/dt><\/dl><br style=\"clear: both\" \/><dl class='gallery-item'>\n\t\t\t<dt class='gallery-icon landscape'>\n\t\t\t\t<a href='https:\/\/genevieveetbernardauxameriques.fr\/index.php\/2016\/02\/26\/animaux-pour-les-enfants-au-parc-del-iberia\/p1130583\/'><img loading=\"lazy\" decoding=\"async\" width=\"150\" height=\"150\" src=\"https:\/\/i0.wp.com\/genevieveetbernardauxameriques.fr\/wp-content\/uploads\/2016\/02\/p1130583.jpg?resize=150%2C150&amp;ssl=1\" class=\"attachment-thumbnail size-thumbnail\" alt=\"\" srcset=\"https:\/\/i0.wp.com\/genevieveetbernardauxameriques.fr\/wp-content\/uploads\/2016\/02\/p1130583.jpg?resize=150%2C150&amp;ssl=1 150w, https:\/\/i0.wp.com\/genevieveetbernardauxameriques.fr\/wp-content\/uploads\/2016\/02\/p1130583.jpg?zoom=2&amp;resize=150%2C150&amp;ssl=1 300w, https:\/\/i0.wp.com\/genevieveetbernardauxameriques.fr\/wp-content\/uploads\/2016\/02\/p1130583.jpg?zoom=3&amp;resize=150%2C150&amp;ssl=1 450w\" sizes=\"(max-width: 150px) 100vw, 150px\" data-attachment-id=\"2681\" data-permalink=\"https:\/\/genevieveetbernardauxameriques.fr\/index.php\/2016\/02\/26\/animaux-pour-les-enfants-au-parc-del-iberia\/p1130583\/\" data-orig-file=\"https:\/\/i0.wp.com\/genevieveetbernardauxameriques.fr\/wp-content\/uploads\/2016\/02\/p1130583.jpg?fit=800%2C600&amp;ssl=1\" data-orig-size=\"800,600\" data-comments-opened=\"1\" data-image-meta=\"{&quot;aperture&quot;:&quot;4&quot;,&quot;credit&quot;:&quot;&quot;,&quot;camera&quot;:&quot;DMC-FZ5&quot;,&quot;caption&quot;:&quot;&quot;,&quot;created_timestamp&quot;:&quot;1456320070&quot;,&quot;copyright&quot;:&quot;&quot;,&quot;focal_length&quot;:&quot;6&quot;,&quot;iso&quot;:&quot;80&quot;,&quot;shutter_speed&quot;:&quot;0.04&quot;,&quot;title&quot;:&quot;&quot;,&quot;orientation&quot;:&quot;1&quot;}\" data-image-title=\"P1130583\" data-image-description=\"\" data-image-caption=\"\" data-medium-file=\"https:\/\/i0.wp.com\/genevieveetbernardauxameriques.fr\/wp-content\/uploads\/2016\/02\/p1130583.jpg?fit=300%2C225&amp;ssl=1\" data-large-file=\"https:\/\/i0.wp.com\/genevieveetbernardauxameriques.fr\/wp-content\/uploads\/2016\/02\/p1130583.jpg?fit=640%2C480&amp;ssl=1\" \/><\/a>\n\t\t\t<\/dt><\/dl><dl class='gallery-item'>\n\t\t\t<dt class='gallery-icon landscape'>\n\t\t\t\t<a href='https:\/\/genevieveetbernardauxameriques.fr\/index.php\/2016\/02\/26\/animaux-pour-les-enfants-au-parc-del-iberia\/p1130584\/'><img loading=\"lazy\" decoding=\"async\" width=\"150\" height=\"150\" src=\"https:\/\/i0.wp.com\/genevieveetbernardauxameriques.fr\/wp-content\/uploads\/2016\/02\/p1130584.jpg?resize=150%2C150&amp;ssl=1\" class=\"attachment-thumbnail size-thumbnail\" alt=\"\" srcset=\"https:\/\/i0.wp.com\/genevieveetbernardauxameriques.fr\/wp-content\/uploads\/2016\/02\/p1130584.jpg?resize=150%2C150&amp;ssl=1 150w, https:\/\/i0.wp.com\/genevieveetbernardauxameriques.fr\/wp-content\/uploads\/2016\/02\/p1130584.jpg?zoom=2&amp;resize=150%2C150&amp;ssl=1 300w, https:\/\/i0.wp.com\/genevieveetbernardauxameriques.fr\/wp-content\/uploads\/2016\/02\/p1130584.jpg?zoom=3&amp;resize=150%2C150&amp;ssl=1 450w\" sizes=\"(max-width: 150px) 100vw, 150px\" data-attachment-id=\"2682\" data-permalink=\"https:\/\/genevieveetbernardauxameriques.fr\/index.php\/2016\/02\/26\/animaux-pour-les-enfants-au-parc-del-iberia\/p1130584\/\" data-orig-file=\"https:\/\/i0.wp.com\/genevieveetbernardauxameriques.fr\/wp-content\/uploads\/2016\/02\/p1130584.jpg?fit=800%2C600&amp;ssl=1\" data-orig-size=\"800,600\" data-comments-opened=\"1\" data-image-meta=\"{&quot;aperture&quot;:&quot;3.6&quot;,&quot;credit&quot;:&quot;&quot;,&quot;camera&quot;:&quot;DMC-FZ5&quot;,&quot;caption&quot;:&quot;&quot;,&quot;created_timestamp&quot;:&quot;1456321333&quot;,&quot;copyright&quot;:&quot;&quot;,&quot;focal_length&quot;:&quot;6&quot;,&quot;iso&quot;:&quot;80&quot;,&quot;shutter_speed&quot;:&quot;0.01&quot;,&quot;title&quot;:&quot;&quot;,&quot;orientation&quot;:&quot;1&quot;}\" data-image-title=\"P1130584\" data-image-description=\"\" data-image-caption=\"\" data-medium-file=\"https:\/\/i0.wp.com\/genevieveetbernardauxameriques.fr\/wp-content\/uploads\/2016\/02\/p1130584.jpg?fit=300%2C225&amp;ssl=1\" data-large-file=\"https:\/\/i0.wp.com\/genevieveetbernardauxameriques.fr\/wp-content\/uploads\/2016\/02\/p1130584.jpg?fit=640%2C480&amp;ssl=1\" \/><\/a>\n\t\t\t<\/dt><\/dl><dl class='gallery-item'>\n\t\t\t<dt class='gallery-icon landscape'>\n\t\t\t\t<a href='https:\/\/genevieveetbernardauxameriques.fr\/index.php\/2016\/02\/26\/animaux-pour-les-enfants-au-parc-del-iberia\/p1130586\/'><img loading=\"lazy\" decoding=\"async\" width=\"150\" height=\"150\" src=\"https:\/\/i0.wp.com\/genevieveetbernardauxameriques.fr\/wp-content\/uploads\/2016\/02\/p1130586.jpg?resize=150%2C150&amp;ssl=1\" class=\"attachment-thumbnail size-thumbnail\" alt=\"\" srcset=\"https:\/\/i0.wp.com\/genevieveetbernardauxameriques.fr\/wp-content\/uploads\/2016\/02\/p1130586.jpg?resize=150%2C150&amp;ssl=1 150w, https:\/\/i0.wp.com\/genevieveetbernardauxameriques.fr\/wp-content\/uploads\/2016\/02\/p1130586.jpg?zoom=2&amp;resize=150%2C150&amp;ssl=1 300w, https:\/\/i0.wp.com\/genevieveetbernardauxameriques.fr\/wp-content\/uploads\/2016\/02\/p1130586.jpg?zoom=3&amp;resize=150%2C150&amp;ssl=1 450w\" sizes=\"(max-width: 150px) 100vw, 150px\" data-attachment-id=\"2683\" data-permalink=\"https:\/\/genevieveetbernardauxameriques.fr\/index.php\/2016\/02\/26\/animaux-pour-les-enfants-au-parc-del-iberia\/p1130586\/\" data-orig-file=\"https:\/\/i0.wp.com\/genevieveetbernardauxameriques.fr\/wp-content\/uploads\/2016\/02\/p1130586.jpg?fit=800%2C600&amp;ssl=1\" data-orig-size=\"800,600\" data-comments-opened=\"1\" data-image-meta=\"{&quot;aperture&quot;:&quot;4&quot;,&quot;credit&quot;:&quot;&quot;,&quot;camera&quot;:&quot;DMC-FZ5&quot;,&quot;caption&quot;:&quot;&quot;,&quot;created_timestamp&quot;:&quot;1456321881&quot;,&quot;copyright&quot;:&quot;&quot;,&quot;focal_length&quot;:&quot;18.2&quot;,&quot;iso&quot;:&quot;80&quot;,&quot;shutter_speed&quot;:&quot;0.01&quot;,&quot;title&quot;:&quot;&quot;,&quot;orientation&quot;:&quot;1&quot;}\" data-image-title=\"P1130586\" data-image-description=\"\" data-image-caption=\"\" data-medium-file=\"https:\/\/i0.wp.com\/genevieveetbernardauxameriques.fr\/wp-content\/uploads\/2016\/02\/p1130586.jpg?fit=300%2C225&amp;ssl=1\" data-large-file=\"https:\/\/i0.wp.com\/genevieveetbernardauxameriques.fr\/wp-content\/uploads\/2016\/02\/p1130586.jpg?fit=640%2C480&amp;ssl=1\" \/><\/a>\n\t\t\t<\/dt><\/dl><br style=\"clear: both\" \/><dl class='gallery-item'>\n\t\t\t<dt class='gallery-icon landscape'>\n\t\t\t\t<a href='https:\/\/genevieveetbernardauxameriques.fr\/index.php\/2016\/02\/26\/animaux-pour-les-enfants-au-parc-del-iberia\/p1130587\/'><img loading=\"lazy\" decoding=\"async\" width=\"150\" height=\"150\" src=\"https:\/\/i0.wp.com\/genevieveetbernardauxameriques.fr\/wp-content\/uploads\/2016\/02\/p1130587.jpg?resize=150%2C150&amp;ssl=1\" class=\"attachment-thumbnail size-thumbnail\" alt=\"\" srcset=\"https:\/\/i0.wp.com\/genevieveetbernardauxameriques.fr\/wp-content\/uploads\/2016\/02\/p1130587.jpg?resize=150%2C150&amp;ssl=1 150w, https:\/\/i0.wp.com\/genevieveetbernardauxameriques.fr\/wp-content\/uploads\/2016\/02\/p1130587.jpg?zoom=2&amp;resize=150%2C150&amp;ssl=1 300w, https:\/\/i0.wp.com\/genevieveetbernardauxameriques.fr\/wp-content\/uploads\/2016\/02\/p1130587.jpg?zoom=3&amp;resize=150%2C150&amp;ssl=1 450w\" sizes=\"(max-width: 150px) 100vw, 150px\" data-attachment-id=\"2684\" data-permalink=\"https:\/\/genevieveetbernardauxameriques.fr\/index.php\/2016\/02\/26\/animaux-pour-les-enfants-au-parc-del-iberia\/p1130587\/\" data-orig-file=\"https:\/\/i0.wp.com\/genevieveetbernardauxameriques.fr\/wp-content\/uploads\/2016\/02\/p1130587.jpg?fit=800%2C600&amp;ssl=1\" data-orig-size=\"800,600\" data-comments-opened=\"1\" data-image-meta=\"{&quot;aperture&quot;:&quot;4&quot;,&quot;credit&quot;:&quot;&quot;,&quot;camera&quot;:&quot;DMC-FZ5&quot;,&quot;caption&quot;:&quot;&quot;,&quot;created_timestamp&quot;:&quot;1456323155&quot;,&quot;copyright&quot;:&quot;&quot;,&quot;focal_length&quot;:&quot;6&quot;,&quot;iso&quot;:&quot;80&quot;,&quot;shutter_speed&quot;:&quot;0.0025&quot;,&quot;title&quot;:&quot;&quot;,&quot;orientation&quot;:&quot;1&quot;}\" data-image-title=\"P1130587\" data-image-description=\"\" data-image-caption=\"\" data-medium-file=\"https:\/\/i0.wp.com\/genevieveetbernardauxameriques.fr\/wp-content\/uploads\/2016\/02\/p1130587.jpg?fit=300%2C225&amp;ssl=1\" data-large-file=\"https:\/\/i0.wp.com\/genevieveetbernardauxameriques.fr\/wp-content\/uploads\/2016\/02\/p1130587.jpg?fit=640%2C480&amp;ssl=1\" \/><\/a>\n\t\t\t<\/dt><\/dl><dl class='gallery-item'>\n\t\t\t<dt class='gallery-icon landscape'>\n\t\t\t\t<a href='https:\/\/genevieveetbernardauxameriques.fr\/index.php\/2016\/02\/26\/animaux-pour-les-enfants-au-parc-del-iberia\/20160224_133911\/'><img loading=\"lazy\" decoding=\"async\" width=\"150\" height=\"150\" src=\"https:\/\/i0.wp.com\/genevieveetbernardauxameriques.fr\/wp-content\/uploads\/2016\/02\/20160224_133911.jpg?resize=150%2C150&amp;ssl=1\" class=\"attachment-thumbnail size-thumbnail\" alt=\"\" srcset=\"https:\/\/i0.wp.com\/genevieveetbernardauxameriques.fr\/wp-content\/uploads\/2016\/02\/20160224_133911.jpg?resize=150%2C150&amp;ssl=1 150w, https:\/\/i0.wp.com\/genevieveetbernardauxameriques.fr\/wp-content\/uploads\/2016\/02\/20160224_133911.jpg?zoom=2&amp;resize=150%2C150&amp;ssl=1 300w, https:\/\/i0.wp.com\/genevieveetbernardauxameriques.fr\/wp-content\/uploads\/2016\/02\/20160224_133911.jpg?zoom=3&amp;resize=150%2C150&amp;ssl=1 450w\" sizes=\"(max-width: 150px) 100vw, 150px\" data-attachment-id=\"2598\" data-permalink=\"https:\/\/genevieveetbernardauxameriques.fr\/index.php\/2016\/02\/26\/animaux-pour-les-enfants-au-parc-del-iberia\/20160224_133911\/\" data-orig-file=\"https:\/\/i0.wp.com\/genevieveetbernardauxameriques.fr\/wp-content\/uploads\/2016\/02\/20160224_133911.jpg?fit=800%2C600&amp;ssl=1\" data-orig-size=\"800,600\" data-comments-opened=\"1\" data-image-meta=\"{&quot;aperture&quot;:&quot;1.9&quot;,&quot;credit&quot;:&quot;&quot;,&quot;camera&quot;:&quot;SM-T810&quot;,&quot;caption&quot;:&quot;&quot;,&quot;created_timestamp&quot;:&quot;1456321151&quot;,&quot;copyright&quot;:&quot;&quot;,&quot;focal_length&quot;:&quot;2.9&quot;,&quot;iso&quot;:&quot;50&quot;,&quot;shutter_speed&quot;:&quot;0.01&quot;,&quot;title&quot;:&quot;&quot;,&quot;orientation&quot;:&quot;1&quot;}\" data-image-title=\"20160224_133911\" data-image-description=\"\" data-image-caption=\"\" data-medium-file=\"https:\/\/i0.wp.com\/genevieveetbernardauxameriques.fr\/wp-content\/uploads\/2016\/02\/20160224_133911.jpg?fit=300%2C225&amp;ssl=1\" data-large-file=\"https:\/\/i0.wp.com\/genevieveetbernardauxameriques.fr\/wp-content\/uploads\/2016\/02\/20160224_133911.jpg?fit=640%2C480&amp;ssl=1\" \/><\/a>\n\t\t\t<\/dt><\/dl><dl class='gallery-item'>\n\t\t\t<dt class='gallery-icon landscape'>\n\t\t\t\t<a href='https:\/\/genevieveetbernardauxameriques.fr\/index.php\/2016\/02\/26\/de-buenos-aires-a-posada\/p1130426\/'><img loading=\"lazy\" decoding=\"async\" width=\"150\" height=\"150\" src=\"https:\/\/i0.wp.com\/genevieveetbernardauxameriques.fr\/wp-content\/uploads\/2016\/02\/p1130426.jpg?resize=150%2C150&amp;ssl=1\" class=\"attachment-thumbnail size-thumbnail\" alt=\"\" srcset=\"https:\/\/i0.wp.com\/genevieveetbernardauxameriques.fr\/wp-content\/uploads\/2016\/02\/p1130426.jpg?resize=150%2C150&amp;ssl=1 150w, https:\/\/i0.wp.com\/genevieveetbernardauxameriques.fr\/wp-content\/uploads\/2016\/02\/p1130426.jpg?zoom=2&amp;resize=150%2C150&amp;ssl=1 300w, https:\/\/i0.wp.com\/genevieveetbernardauxameriques.fr\/wp-content\/uploads\/2016\/02\/p1130426.jpg?zoom=3&amp;resize=150%2C150&amp;ssl=1 450w\" sizes=\"(max-width: 150px) 100vw, 150px\" data-attachment-id=\"2558\" data-permalink=\"https:\/\/genevieveetbernardauxameriques.fr\/index.php\/2016\/02\/26\/de-buenos-aires-a-posada\/p1130426\/\" data-orig-file=\"https:\/\/i0.wp.com\/genevieveetbernardauxameriques.fr\/wp-content\/uploads\/2016\/02\/p1130426.jpg?fit=800%2C600&amp;ssl=1\" data-orig-size=\"800,600\" data-comments-opened=\"1\" data-image-meta=\"{&quot;aperture&quot;:&quot;2.8&quot;,&quot;credit&quot;:&quot;&quot;,&quot;camera&quot;:&quot;DMC-FZ5&quot;,&quot;caption&quot;:&quot;&quot;,&quot;created_timestamp&quot;:&quot;1455727849&quot;,&quot;copyright&quot;:&quot;&quot;,&quot;focal_length&quot;:&quot;6&quot;,&quot;iso&quot;:&quot;150&quot;,&quot;shutter_speed&quot;:&quot;0.033333333333333&quot;,&quot;title&quot;:&quot;&quot;,&quot;orientation&quot;:&quot;1&quot;}\" data-image-title=\"P1130426\" data-image-description=\"\" data-image-caption=\"\" data-medium-file=\"https:\/\/i0.wp.com\/genevieveetbernardauxameriques.fr\/wp-content\/uploads\/2016\/02\/p1130426.jpg?fit=300%2C225&amp;ssl=1\" data-large-file=\"https:\/\/i0.wp.com\/genevieveetbernardauxameriques.fr\/wp-content\/uploads\/2016\/02\/p1130426.jpg?fit=640%2C480&amp;ssl=1\" \/><\/a>\n\t\t\t<\/dt><\/dl><br style=\"clear: both\" \/>\n\t\t<\/div>\n\n<p>Un dr\u00f4le de gros rat, qui s&rsquo;appelle un <strong>CAPYBARA<\/strong>, c&rsquo;est le plus gros rongeur du monde, son poil est dense, rouge\u00e2tre \u00e0 brun fonc\u00e9. C&rsquo;est un <span style=\"font-family: Arial;\"><span class=\"Apple-converted-space\"><span style=\"color: #252525; font-size: medium;\">\u00a0<\/span><\/span><\/span><span class=\"goog-text-highlight\">animal tr\u00e8s sociable qui vit en\u00a0groupe\u00a0<\/span><span class=\"goog-text-highlight\">qui comporte en moyenne entre 10 et 30 animaux. On dirait une grosse peluche et il aboie comme un petit chien quand on l&rsquo;importune &#8230; avant de se jeter \u00e0 l&rsquo;eau car c&rsquo;est un excellent nageur.<\/span><\/p>\n<p>Les premiers que nous avons vus se trouvaient sur le bord de la route, ensuite dans les marais, nous en avons vus \u00e9galement sur le terrain de camping.<\/p>\n<p><a href=\"https:\/\/i0.wp.com\/genevieveetbernardauxameriques.fr\/wp-content\/uploads\/2016\/02\/p1130353.jpg?ssl=1\" rel=\"attachment wp-att-2526\"><img loading=\"lazy\" decoding=\"async\" data-attachment-id=\"2526\" data-permalink=\"https:\/\/genevieveetbernardauxameriques.fr\/index.php\/2016\/02\/26\/de-buenos-aires-a-posada\/p1130353\/\" data-orig-file=\"https:\/\/i0.wp.com\/genevieveetbernardauxameriques.fr\/wp-content\/uploads\/2016\/02\/p1130353.jpg?fit=800%2C600&amp;ssl=1\" data-orig-size=\"800,600\" data-comments-opened=\"1\" data-image-meta=\"{&quot;aperture&quot;:&quot;5&quot;,&quot;credit&quot;:&quot;&quot;,&quot;camera&quot;:&quot;DMC-FZ5&quot;,&quot;caption&quot;:&quot;&quot;,&quot;created_timestamp&quot;:&quot;1455465430&quot;,&quot;copyright&quot;:&quot;&quot;,&quot;focal_length&quot;:&quot;8.9&quot;,&quot;iso&quot;:&quot;80&quot;,&quot;shutter_speed&quot;:&quot;0.0025&quot;,&quot;title&quot;:&quot;&quot;,&quot;orientation&quot;:&quot;1&quot;}\" data-image-title=\"P1130353\" data-image-description=\"\" data-image-caption=\"\" data-medium-file=\"https:\/\/i0.wp.com\/genevieveetbernardauxameriques.fr\/wp-content\/uploads\/2016\/02\/p1130353.jpg?fit=300%2C225&amp;ssl=1\" data-large-file=\"https:\/\/i0.wp.com\/genevieveetbernardauxameriques.fr\/wp-content\/uploads\/2016\/02\/p1130353.jpg?fit=640%2C480&amp;ssl=1\" class=\"alignnone size-medium wp-image-2526\" src=\"https:\/\/i0.wp.com\/genevieveetbernardauxameriques.fr\/wp-content\/uploads\/2016\/02\/p1130353.jpg?resize=300%2C225&#038;ssl=1\" alt=\"P1130353\" width=\"300\" height=\"225\" srcset=\"https:\/\/i0.wp.com\/genevieveetbernardauxameriques.fr\/wp-content\/uploads\/2016\/02\/p1130353.jpg?w=800&amp;ssl=1 800w, https:\/\/i0.wp.com\/genevieveetbernardauxameriques.fr\/wp-content\/uploads\/2016\/02\/p1130353.jpg?resize=300%2C225&amp;ssl=1 300w, https:\/\/i0.wp.com\/genevieveetbernardauxameriques.fr\/wp-content\/uploads\/2016\/02\/p1130353.jpg?resize=768%2C576&amp;ssl=1 768w\" sizes=\"(max-width: 300px) 100vw, 300px\" data-recalc-dims=\"1\" \/><\/a><a href=\"https:\/\/i0.wp.com\/genevieveetbernardauxameriques.fr\/wp-content\/uploads\/2016\/02\/20160213_1001042.jpg?ssl=1\" rel=\"attachment wp-att-2585\"><img loading=\"lazy\" decoding=\"async\" data-attachment-id=\"2585\" data-permalink=\"https:\/\/genevieveetbernardauxameriques.fr\/index.php\/2016\/02\/26\/animaux-pour-les-enfants-au-parc-del-iberia\/20160213_100104-2\/\" data-orig-file=\"https:\/\/i0.wp.com\/genevieveetbernardauxameriques.fr\/wp-content\/uploads\/2016\/02\/20160213_1001042.jpg?fit=800%2C600&amp;ssl=1\" data-orig-size=\"800,600\" data-comments-opened=\"1\" data-image-meta=\"{&quot;aperture&quot;:&quot;1.9&quot;,&quot;credit&quot;:&quot;&quot;,&quot;camera&quot;:&quot;SM-T810&quot;,&quot;caption&quot;:&quot;&quot;,&quot;created_timestamp&quot;:&quot;1455357664&quot;,&quot;copyright&quot;:&quot;&quot;,&quot;focal_length&quot;:&quot;2.9&quot;,&quot;iso&quot;:&quot;40&quot;,&quot;shutter_speed&quot;:&quot;0.0019011406844106&quot;,&quot;title&quot;:&quot;&quot;,&quot;orientation&quot;:&quot;1&quot;}\" data-image-title=\"20160213_100104\" data-image-description=\"\" data-image-caption=\"\" data-medium-file=\"https:\/\/i0.wp.com\/genevieveetbernardauxameriques.fr\/wp-content\/uploads\/2016\/02\/20160213_1001042.jpg?fit=300%2C225&amp;ssl=1\" data-large-file=\"https:\/\/i0.wp.com\/genevieveetbernardauxameriques.fr\/wp-content\/uploads\/2016\/02\/20160213_1001042.jpg?fit=640%2C480&amp;ssl=1\" class=\"alignnone size-medium wp-image-2585\" src=\"https:\/\/i0.wp.com\/genevieveetbernardauxameriques.fr\/wp-content\/uploads\/2016\/02\/20160213_1001042.jpg?resize=300%2C225&#038;ssl=1\" alt=\"20160213_100104\" width=\"300\" height=\"225\" srcset=\"https:\/\/i0.wp.com\/genevieveetbernardauxameriques.fr\/wp-content\/uploads\/2016\/02\/20160213_1001042.jpg?w=800&amp;ssl=1 800w, https:\/\/i0.wp.com\/genevieveetbernardauxameriques.fr\/wp-content\/uploads\/2016\/02\/20160213_1001042.jpg?resize=300%2C225&amp;ssl=1 300w, https:\/\/i0.wp.com\/genevieveetbernardauxameriques.fr\/wp-content\/uploads\/2016\/02\/20160213_1001042.jpg?resize=768%2C576&amp;ssl=1 768w\" sizes=\"(max-width: 300px) 100vw, 300px\" data-recalc-dims=\"1\" \/><\/a> <a href=\"https:\/\/i0.wp.com\/genevieveetbernardauxameriques.fr\/wp-content\/uploads\/2016\/02\/20160213_1001282.jpg?ssl=1\" rel=\"attachment wp-att-2586\"><img loading=\"lazy\" decoding=\"async\" data-attachment-id=\"2586\" data-permalink=\"https:\/\/genevieveetbernardauxameriques.fr\/index.php\/2016\/02\/26\/animaux-pour-les-enfants-au-parc-del-iberia\/20160213_100128-2\/\" data-orig-file=\"https:\/\/i0.wp.com\/genevieveetbernardauxameriques.fr\/wp-content\/uploads\/2016\/02\/20160213_1001282.jpg?fit=800%2C600&amp;ssl=1\" data-orig-size=\"800,600\" data-comments-opened=\"1\" data-image-meta=\"{&quot;aperture&quot;:&quot;1.9&quot;,&quot;credit&quot;:&quot;&quot;,&quot;camera&quot;:&quot;SM-T810&quot;,&quot;caption&quot;:&quot;&quot;,&quot;created_timestamp&quot;:&quot;1455357688&quot;,&quot;copyright&quot;:&quot;&quot;,&quot;focal_length&quot;:&quot;2.9&quot;,&quot;iso&quot;:&quot;40&quot;,&quot;shutter_speed&quot;:&quot;0.0020040080160321&quot;,&quot;title&quot;:&quot;&quot;,&quot;orientation&quot;:&quot;1&quot;}\" data-image-title=\"20160213_100128\" data-image-description=\"\" data-image-caption=\"\" data-medium-file=\"https:\/\/i0.wp.com\/genevieveetbernardauxameriques.fr\/wp-content\/uploads\/2016\/02\/20160213_1001282.jpg?fit=300%2C225&amp;ssl=1\" data-large-file=\"https:\/\/i0.wp.com\/genevieveetbernardauxameriques.fr\/wp-content\/uploads\/2016\/02\/20160213_1001282.jpg?fit=640%2C480&amp;ssl=1\" class=\"alignnone size-medium wp-image-2586\" src=\"https:\/\/i0.wp.com\/genevieveetbernardauxameriques.fr\/wp-content\/uploads\/2016\/02\/20160213_1001282.jpg?resize=300%2C225&#038;ssl=1\" alt=\"20160213_100128\" width=\"300\" height=\"225\" srcset=\"https:\/\/i0.wp.com\/genevieveetbernardauxameriques.fr\/wp-content\/uploads\/2016\/02\/20160213_1001282.jpg?w=800&amp;ssl=1 800w, https:\/\/i0.wp.com\/genevieveetbernardauxameriques.fr\/wp-content\/uploads\/2016\/02\/20160213_1001282.jpg?resize=300%2C225&amp;ssl=1 300w, https:\/\/i0.wp.com\/genevieveetbernardauxameriques.fr\/wp-content\/uploads\/2016\/02\/20160213_1001282.jpg?resize=768%2C576&amp;ssl=1 768w\" sizes=\"(max-width: 300px) 100vw, 300px\" data-recalc-dims=\"1\" \/><\/a><\/p>\n<p><a href=\"https:\/\/genevieveetbernardauxameriques.files.wordpress.com\/2016\/02\/20160213_100128.jpg\" rel=\"attachment wp-att-2340\"><img loading=\"lazy\" decoding=\"async\" data-attachment-id=\"2340\" data-permalink=\"https:\/\/genevieveetbernardauxameriques.fr\/index.php\/2016\/02\/26\/de-buenos-aires-a-posada\/20160213_100128\/\" data-orig-file=\"https:\/\/i0.wp.com\/genevieveetbernardauxameriques.fr\/wp-content\/uploads\/2016\/02\/20160213_100128.jpg?fit=800%2C600&amp;ssl=1\" data-orig-size=\"800,600\" data-comments-opened=\"1\" data-image-meta=\"{&quot;aperture&quot;:&quot;1.9&quot;,&quot;credit&quot;:&quot;&quot;,&quot;camera&quot;:&quot;SM-T810&quot;,&quot;caption&quot;:&quot;&quot;,&quot;created_timestamp&quot;:&quot;1455357688&quot;,&quot;copyright&quot;:&quot;&quot;,&quot;focal_length&quot;:&quot;2.9&quot;,&quot;iso&quot;:&quot;40&quot;,&quot;shutter_speed&quot;:&quot;0.0020040080160321&quot;,&quot;title&quot;:&quot;&quot;,&quot;orientation&quot;:&quot;1&quot;}\" data-image-title=\"20160213_100128\" data-image-description=\"\" data-image-caption=\"\" data-medium-file=\"https:\/\/i0.wp.com\/genevieveetbernardauxameriques.fr\/wp-content\/uploads\/2016\/02\/20160213_100128.jpg?fit=300%2C225&amp;ssl=1\" data-large-file=\"https:\/\/i0.wp.com\/genevieveetbernardauxameriques.fr\/wp-content\/uploads\/2016\/02\/20160213_100128.jpg?fit=640%2C480&amp;ssl=1\" class=\"alignnone size-medium wp-image-2340\" src=\"https:\/\/genevieveetbernardauxameriques.files.wordpress.com\/2016\/02\/20160213_100128.jpg?w=300&#038;resize=300%2C225\" alt=\"20160213_100128\" width=\"300\" height=\"225\" srcset=\"https:\/\/i0.wp.com\/genevieveetbernardauxameriques.fr\/wp-content\/uploads\/2016\/02\/20160213_100128.jpg?w=800&amp;ssl=1 800w, https:\/\/i0.wp.com\/genevieveetbernardauxameriques.fr\/wp-content\/uploads\/2016\/02\/20160213_100128.jpg?resize=300%2C225&amp;ssl=1 300w, https:\/\/i0.wp.com\/genevieveetbernardauxameriques.fr\/wp-content\/uploads\/2016\/02\/20160213_100128.jpg?resize=768%2C576&amp;ssl=1 768w\" sizes=\"(max-width: 300px) 100vw, 300px\" data-recalc-dims=\"1\" \/><\/a><a href=\"https:\/\/i0.wp.com\/genevieveetbernardauxameriques.fr\/wp-content\/uploads\/2016\/02\/p1130314.jpg?ssl=1\" rel=\"attachment wp-att-2369\"><img loading=\"lazy\" decoding=\"async\" class=\"alignnone size-medium wp-image-2369\" src=\"https:\/\/i0.wp.com\/genevieveetbernardauxameriques.fr\/wp-content\/uploads\/2016\/02\/p1130314.jpg?resize=300%2C225&#038;ssl=1\" alt=\"P1130314\" width=\"300\" height=\"225\" data-recalc-dims=\"1\" \/><\/a><\/p>\n<p><a href=\"https:\/\/i0.wp.com\/genevieveetbernardauxameriques.fr\/wp-content\/uploads\/2016\/02\/p1130313.jpg?ssl=1\" rel=\"attachment wp-att-2368\"><img loading=\"lazy\" decoding=\"async\" class=\"alignnone size-medium wp-image-2368\" src=\"https:\/\/i0.wp.com\/genevieveetbernardauxameriques.fr\/wp-content\/uploads\/2016\/02\/p1130313.jpg?resize=300%2C225&#038;ssl=1\" alt=\"P1130313\" width=\"300\" height=\"225\" data-recalc-dims=\"1\" \/><\/a><a href=\"https:\/\/i0.wp.com\/genevieveetbernardauxameriques.fr\/wp-content\/uploads\/2016\/02\/20160212_171851.jpg?ssl=1\" rel=\"attachment wp-att-2587\"><img loading=\"lazy\" decoding=\"async\" data-attachment-id=\"2587\" data-permalink=\"https:\/\/genevieveetbernardauxameriques.fr\/index.php\/2016\/02\/26\/animaux-pour-les-enfants-au-parc-del-iberia\/20160212_171851\/\" data-orig-file=\"https:\/\/i0.wp.com\/genevieveetbernardauxameriques.fr\/wp-content\/uploads\/2016\/02\/20160212_171851.jpg?fit=3264%2C2448&amp;ssl=1\" data-orig-size=\"3264,2448\" data-comments-opened=\"1\" data-image-meta=\"{&quot;aperture&quot;:&quot;1.9&quot;,&quot;credit&quot;:&quot;&quot;,&quot;camera&quot;:&quot;SM-T810&quot;,&quot;caption&quot;:&quot;&quot;,&quot;created_timestamp&quot;:&quot;1455297531&quot;,&quot;copyright&quot;:&quot;&quot;,&quot;focal_length&quot;:&quot;2.9&quot;,&quot;iso&quot;:&quot;40&quot;,&quot;shutter_speed&quot;:&quot;0.008130081300813&quot;,&quot;title&quot;:&quot;&quot;,&quot;orientation&quot;:&quot;1&quot;}\" data-image-title=\"20160212_171851\" data-image-description=\"\" data-image-caption=\"\" data-medium-file=\"https:\/\/i0.wp.com\/genevieveetbernardauxameriques.fr\/wp-content\/uploads\/2016\/02\/20160212_171851.jpg?fit=300%2C225&amp;ssl=1\" data-large-file=\"https:\/\/i0.wp.com\/genevieveetbernardauxameriques.fr\/wp-content\/uploads\/2016\/02\/20160212_171851.jpg?fit=640%2C480&amp;ssl=1\" class=\"alignnone size-medium wp-image-2587\" src=\"https:\/\/i0.wp.com\/genevieveetbernardauxameriques.fr\/wp-content\/uploads\/2016\/02\/20160212_171851.jpg?resize=300%2C225&#038;ssl=1\" alt=\"20160212_171851\" width=\"300\" height=\"225\" srcset=\"https:\/\/i0.wp.com\/genevieveetbernardauxameriques.fr\/wp-content\/uploads\/2016\/02\/20160212_171851.jpg?w=3264&amp;ssl=1 3264w, https:\/\/i0.wp.com\/genevieveetbernardauxameriques.fr\/wp-content\/uploads\/2016\/02\/20160212_171851.jpg?resize=300%2C225&amp;ssl=1 300w, https:\/\/i0.wp.com\/genevieveetbernardauxameriques.fr\/wp-content\/uploads\/2016\/02\/20160212_171851.jpg?resize=768%2C576&amp;ssl=1 768w, https:\/\/i0.wp.com\/genevieveetbernardauxameriques.fr\/wp-content\/uploads\/2016\/02\/20160212_171851.jpg?resize=1024%2C768&amp;ssl=1 1024w, https:\/\/i0.wp.com\/genevieveetbernardauxameriques.fr\/wp-content\/uploads\/2016\/02\/20160212_171851.jpg?w=1280&amp;ssl=1 1280w, https:\/\/i0.wp.com\/genevieveetbernardauxameriques.fr\/wp-content\/uploads\/2016\/02\/20160212_171851.jpg?w=1920&amp;ssl=1 1920w\" sizes=\"(max-width: 300px) 100vw, 300px\" data-recalc-dims=\"1\" \/><\/a><\/p>\n<p>Pendant notre promenade en bateau,\u00a0 nous avons aussi vu des ca\u00efmans, ici cette esp\u00e8ce s&rsquo;appelle des <strong>Yacar\u00e9s<\/strong>, mais malheureusement le premier que nous avons sur la berge, nous n&rsquo;avons pas eu le temps de le prendre en photo, il est rentr\u00e9 dans l&rsquo;eau d\u00e8s que la barque s&rsquo;est approch\u00e9e. Quant aux autres voil\u00e0 juste leur t\u00eate :<\/p>\n<p><a href=\"https:\/\/i0.wp.com\/genevieveetbernardauxameriques.fr\/wp-content\/uploads\/2016\/02\/p1130312.jpg?ssl=1\" rel=\"attachment wp-att-2367\"><img loading=\"lazy\" decoding=\"async\" data-attachment-id=\"2367\" data-permalink=\"https:\/\/genevieveetbernardauxameriques.fr\/cropped-cropped-cropped-p10009451-jpg\/\" data-orig-file=\"https:\/\/i0.wp.com\/genevieveetbernardauxameriques.fr\/wp-content\/uploads\/2016\/02\/cropped-cropped-cropped-p10009451.jpg?fit=940%2C198&amp;ssl=1\" data-orig-size=\"940,198\" data-comments-opened=\"1\" data-image-meta=\"{&quot;aperture&quot;:&quot;0&quot;,&quot;credit&quot;:&quot;&quot;,&quot;camera&quot;:&quot;&quot;,&quot;caption&quot;:&quot;&quot;,&quot;created_timestamp&quot;:&quot;0&quot;,&quot;copyright&quot;:&quot;&quot;,&quot;focal_length&quot;:&quot;0&quot;,&quot;iso&quot;:&quot;0&quot;,&quot;shutter_speed&quot;:&quot;0&quot;,&quot;title&quot;:&quot;&quot;,&quot;orientation&quot;:&quot;0&quot;}\" data-image-title=\"cropped-cropped-cropped-p10009451.jpg\" data-image-description=\"\" data-image-caption=\"\" data-medium-file=\"https:\/\/i0.wp.com\/genevieveetbernardauxameriques.fr\/wp-content\/uploads\/2016\/02\/cropped-cropped-cropped-p10009451.jpg?fit=300%2C63&amp;ssl=1\" data-large-file=\"https:\/\/i0.wp.com\/genevieveetbernardauxameriques.fr\/wp-content\/uploads\/2016\/02\/cropped-cropped-cropped-p10009451.jpg?fit=640%2C135&amp;ssl=1\" class=\"alignnone size-medium wp-image-2367\" src=\"https:\/\/i0.wp.com\/genevieveetbernardauxameriques.fr\/wp-content\/uploads\/2016\/02\/p1130312.jpg?resize=300%2C225&#038;ssl=1\" alt=\"P1130312\" width=\"300\" height=\"225\" data-recalc-dims=\"1\" \/><\/a><a href=\"https:\/\/i0.wp.com\/genevieveetbernardauxameriques.fr\/wp-content\/uploads\/2016\/02\/p1130311.jpg?ssl=1\" rel=\"attachment wp-att-2366\"><img loading=\"lazy\" decoding=\"async\" class=\"alignnone size-medium wp-image-2366\" src=\"https:\/\/i0.wp.com\/genevieveetbernardauxameriques.fr\/wp-content\/uploads\/2016\/02\/p1130311.jpg?resize=300%2C225&#038;ssl=1\" alt=\"P1130311\" width=\"300\" height=\"225\" data-recalc-dims=\"1\" \/><\/a>\u00a0v<\/p>\n<p>voil\u00e0 une photo comme il est en entier :<\/p>\n<p><img loading=\"lazy\" decoding=\"async\" class=\"aligncenter\" src=\"https:\/\/upload.wikimedia.org\/wikipedia\/commons\/thumb\/1\/1a\/Caiman_yacare_Iber%C3%A1.jpg\/120px-Caiman_yacare_Iber%C3%A1.jpg\" alt=\"\" width=\"301\" height=\"181\" \/><\/p>\n<p>Ce ca\u00efman peut atteindre une taille maximale de 2,50 m.<\/p>\n<p>Il se nourrit de poissons, de mollusques, d\u2019escargots et de crustac\u00e9s. Il appr\u00e9cie particuli\u00e8rement les plans d\u2019eau recouverts de v\u00e9g\u00e9tation flottante, c&rsquo;est pour cela qu&rsquo;ici il y\u00a0en a beaucoup ici.<\/p>\n<p>Les habitants de la r\u00e9gion n&rsquo;h\u00e9sitent pas \u00e0 se baigner avec eux, affirmant qu&rsquo;ils sont inoffensifs, nous en avons vu beaucoup\u00a0 se baigner pr\u00e8s du grand pont. Nous, nous\u00a0ne le v\u00e9rifierons pas.<\/p>\n<p><span class=\"Apple-converted-space\">Nous verrons \u00e9galement le <strong>cerf des marais <\/strong><\/span><\/p>\n<p><a href=\"https:\/\/i0.wp.com\/genevieveetbernardauxameriques.fr\/wp-content\/uploads\/2016\/02\/20160214_164654.jpg?ssl=1\" rel=\"attachment wp-att-2486\"><img loading=\"lazy\" decoding=\"async\" data-attachment-id=\"2486\" data-permalink=\"https:\/\/genevieveetbernardauxameriques.fr\/index.php\/2016\/02\/26\/de-buenos-aires-a-posada\/20160214_164654\/\" data-orig-file=\"https:\/\/i0.wp.com\/genevieveetbernardauxameriques.fr\/wp-content\/uploads\/2016\/02\/20160214_164654.jpg?fit=800%2C600&amp;ssl=1\" data-orig-size=\"800,600\" data-comments-opened=\"1\" data-image-meta=\"{&quot;aperture&quot;:&quot;1.9&quot;,&quot;credit&quot;:&quot;&quot;,&quot;camera&quot;:&quot;SM-T810&quot;,&quot;caption&quot;:&quot;&quot;,&quot;created_timestamp&quot;:&quot;1455468414&quot;,&quot;copyright&quot;:&quot;&quot;,&quot;focal_length&quot;:&quot;2.9&quot;,&quot;iso&quot;:&quot;40&quot;,&quot;shutter_speed&quot;:&quot;0.0010593220338983&quot;,&quot;title&quot;:&quot;&quot;,&quot;orientation&quot;:&quot;1&quot;}\" data-image-title=\"20160214_164654\" data-image-description=\"\" data-image-caption=\"\" data-medium-file=\"https:\/\/i0.wp.com\/genevieveetbernardauxameriques.fr\/wp-content\/uploads\/2016\/02\/20160214_164654.jpg?fit=300%2C225&amp;ssl=1\" data-large-file=\"https:\/\/i0.wp.com\/genevieveetbernardauxameriques.fr\/wp-content\/uploads\/2016\/02\/20160214_164654.jpg?fit=640%2C480&amp;ssl=1\" class=\"alignnone size-medium wp-image-2486\" src=\"https:\/\/i0.wp.com\/genevieveetbernardauxameriques.fr\/wp-content\/uploads\/2016\/02\/20160214_164654.jpg?resize=300%2C225&#038;ssl=1\" alt=\"20160214_164654\" width=\"300\" height=\"225\" srcset=\"https:\/\/i0.wp.com\/genevieveetbernardauxameriques.fr\/wp-content\/uploads\/2016\/02\/20160214_164654.jpg?w=800&amp;ssl=1 800w, https:\/\/i0.wp.com\/genevieveetbernardauxameriques.fr\/wp-content\/uploads\/2016\/02\/20160214_164654.jpg?resize=300%2C225&amp;ssl=1 300w, https:\/\/i0.wp.com\/genevieveetbernardauxameriques.fr\/wp-content\/uploads\/2016\/02\/20160214_164654.jpg?resize=768%2C576&amp;ssl=1 768w\" sizes=\"(max-width: 300px) 100vw, 300px\" data-recalc-dims=\"1\" \/><\/a><a href=\"https:\/\/i0.wp.com\/genevieveetbernardauxameriques.fr\/wp-content\/uploads\/2016\/02\/20160214_163805.jpg?ssl=1\" rel=\"attachment wp-att-2377\"><img loading=\"lazy\" decoding=\"async\" class=\"alignnone size-medium wp-image-2377\" src=\"https:\/\/i0.wp.com\/genevieveetbernardauxameriques.fr\/wp-content\/uploads\/2016\/02\/20160214_163805.jpg?resize=300%2C225&#038;ssl=1\" alt=\"20160214_163805\" width=\"300\" height=\"225\" data-recalc-dims=\"1\" \/><\/a><a href=\"https:\/\/i0.wp.com\/genevieveetbernardauxameriques.fr\/wp-content\/uploads\/2016\/02\/p1130318.jpg?ssl=1\" rel=\"attachment wp-att-2371\"><img loading=\"lazy\" decoding=\"async\" class=\"alignnone size-medium wp-image-2371\" src=\"https:\/\/i0.wp.com\/genevieveetbernardauxameriques.fr\/wp-content\/uploads\/2016\/02\/p1130318.jpg?resize=300%2C225&#038;ssl=1\" alt=\"P1130318\" width=\"300\" height=\"225\" data-recalc-dims=\"1\" \/><\/a><\/p>\n<p>Et l&rsquo;apr\u00e8s midi, nous irons faire un tour dans la jungle, nous irons voir un garde pour qu&rsquo;il nous indique le chemin, et au retour il nous a montr\u00e9 cet animal, juste derri\u00e8re sa maison<\/p>\n<p><a href=\"https:\/\/i0.wp.com\/genevieveetbernardauxameriques.fr\/wp-content\/uploads\/2016\/02\/20160214_170910.jpg?ssl=1\" rel=\"attachment wp-att-2488\"><img loading=\"lazy\" decoding=\"async\" data-attachment-id=\"2488\" data-permalink=\"https:\/\/genevieveetbernardauxameriques.fr\/index.php\/2016\/02\/26\/de-buenos-aires-a-posada\/20160214_170910\/\" data-orig-file=\"https:\/\/i0.wp.com\/genevieveetbernardauxameriques.fr\/wp-content\/uploads\/2016\/02\/20160214_170910.jpg?fit=800%2C600&amp;ssl=1\" data-orig-size=\"800,600\" data-comments-opened=\"1\" data-image-meta=\"{&quot;aperture&quot;:&quot;1.9&quot;,&quot;credit&quot;:&quot;&quot;,&quot;camera&quot;:&quot;SM-T810&quot;,&quot;caption&quot;:&quot;&quot;,&quot;created_timestamp&quot;:&quot;1455469750&quot;,&quot;copyright&quot;:&quot;&quot;,&quot;focal_length&quot;:&quot;2.9&quot;,&quot;iso&quot;:&quot;40&quot;,&quot;shutter_speed&quot;:&quot;0.0059171597633136&quot;,&quot;title&quot;:&quot;&quot;,&quot;orientation&quot;:&quot;1&quot;}\" data-image-title=\"20160214_170910\" data-image-description=\"\" data-image-caption=\"\" data-medium-file=\"https:\/\/i0.wp.com\/genevieveetbernardauxameriques.fr\/wp-content\/uploads\/2016\/02\/20160214_170910.jpg?fit=300%2C225&amp;ssl=1\" data-large-file=\"https:\/\/i0.wp.com\/genevieveetbernardauxameriques.fr\/wp-content\/uploads\/2016\/02\/20160214_170910.jpg?fit=640%2C480&amp;ssl=1\" class=\"alignnone size-medium wp-image-2488\" src=\"https:\/\/i0.wp.com\/genevieveetbernardauxameriques.fr\/wp-content\/uploads\/2016\/02\/20160214_170910.jpg?resize=300%2C225&#038;ssl=1\" alt=\"20160214_170910\" width=\"300\" height=\"225\" srcset=\"https:\/\/i0.wp.com\/genevieveetbernardauxameriques.fr\/wp-content\/uploads\/2016\/02\/20160214_170910.jpg?w=800&amp;ssl=1 800w, https:\/\/i0.wp.com\/genevieveetbernardauxameriques.fr\/wp-content\/uploads\/2016\/02\/20160214_170910.jpg?resize=300%2C225&amp;ssl=1 300w, https:\/\/i0.wp.com\/genevieveetbernardauxameriques.fr\/wp-content\/uploads\/2016\/02\/20160214_170910.jpg?resize=768%2C576&amp;ssl=1 768w\" sizes=\"(max-width: 300px) 100vw, 300px\" data-recalc-dims=\"1\" \/><\/a><\/p>\n<p>Il ressemble \u00e0 un gros chat noir et c&rsquo;est un animal sauvage, il s&rsquo;appelle en espagnol le \u00ab\u00a0gato montes\u00a0\u00bb \u00ab\u00a0<strong>chat sauvage<\/strong>\u00a0\u00bb . En principe il n&rsquo;est pas noir, mais sa m\u00e8re dont vous voyez la photo apr\u00e8s, a eu 11 petits et 3 \u00e9taient noirs, personne ne sait pourquoi. Celui-l\u00e0 reste dans ce coin de la r\u00e9serve, mais personne ne l&rsquo;approche. Il ressemble \u00e0 une toute petite panth\u00e8re.<\/p>\n<p><a href=\"https:\/\/i0.wp.com\/genevieveetbernardauxameriques.fr\/wp-content\/uploads\/2016\/02\/20160218_101359.jpg?ssl=1\" rel=\"attachment wp-att-2509\"><img loading=\"lazy\" decoding=\"async\" data-attachment-id=\"2509\" data-permalink=\"https:\/\/genevieveetbernardauxameriques.fr\/index.php\/2016\/02\/26\/de-buenos-aires-a-posada\/20160218_101359\/\" data-orig-file=\"https:\/\/i0.wp.com\/genevieveetbernardauxameriques.fr\/wp-content\/uploads\/2016\/02\/20160218_101359.jpg?fit=800%2C600&amp;ssl=1\" data-orig-size=\"800,600\" data-comments-opened=\"1\" data-image-meta=\"{&quot;aperture&quot;:&quot;1.9&quot;,&quot;credit&quot;:&quot;&quot;,&quot;camera&quot;:&quot;SM-T810&quot;,&quot;caption&quot;:&quot;&quot;,&quot;created_timestamp&quot;:&quot;1455790439&quot;,&quot;copyright&quot;:&quot;&quot;,&quot;focal_length&quot;:&quot;2.9&quot;,&quot;iso&quot;:&quot;50&quot;,&quot;shutter_speed&quot;:&quot;0.02&quot;,&quot;title&quot;:&quot;&quot;,&quot;orientation&quot;:&quot;1&quot;}\" data-image-title=\"20160218_101359\" data-image-description=\"\" data-image-caption=\"\" data-medium-file=\"https:\/\/i0.wp.com\/genevieveetbernardauxameriques.fr\/wp-content\/uploads\/2016\/02\/20160218_101359.jpg?fit=300%2C225&amp;ssl=1\" data-large-file=\"https:\/\/i0.wp.com\/genevieveetbernardauxameriques.fr\/wp-content\/uploads\/2016\/02\/20160218_101359.jpg?fit=640%2C480&amp;ssl=1\" class=\"alignnone size-medium wp-image-2509\" src=\"https:\/\/i0.wp.com\/genevieveetbernardauxameriques.fr\/wp-content\/uploads\/2016\/02\/20160218_101359.jpg?resize=300%2C225&#038;ssl=1\" alt=\"20160218_101359\" width=\"300\" height=\"225\" srcset=\"https:\/\/i0.wp.com\/genevieveetbernardauxameriques.fr\/wp-content\/uploads\/2016\/02\/20160218_101359.jpg?w=800&amp;ssl=1 800w, https:\/\/i0.wp.com\/genevieveetbernardauxameriques.fr\/wp-content\/uploads\/2016\/02\/20160218_101359.jpg?resize=300%2C225&amp;ssl=1 300w, https:\/\/i0.wp.com\/genevieveetbernardauxameriques.fr\/wp-content\/uploads\/2016\/02\/20160218_101359.jpg?resize=768%2C576&amp;ssl=1 768w\" sizes=\"(max-width: 300px) 100vw, 300px\" data-recalc-dims=\"1\" \/><\/a><a href=\"https:\/\/i0.wp.com\/genevieveetbernardauxameriques.fr\/wp-content\/uploads\/2016\/02\/290px-margay.jpg?ssl=1\" rel=\"attachment wp-att-2669\"><img loading=\"lazy\" decoding=\"async\" data-attachment-id=\"2669\" data-permalink=\"https:\/\/genevieveetbernardauxameriques.fr\/index.php\/2016\/02\/26\/animaux-pour-les-enfants-au-parc-del-iberia\/290px-margay\/\" data-orig-file=\"https:\/\/i0.wp.com\/genevieveetbernardauxameriques.fr\/wp-content\/uploads\/2016\/02\/290px-margay.jpg?fit=290%2C193&amp;ssl=1\" data-orig-size=\"290,193\" data-comments-opened=\"1\" data-image-meta=\"{&quot;aperture&quot;:&quot;0&quot;,&quot;credit&quot;:&quot;&quot;,&quot;camera&quot;:&quot;&quot;,&quot;caption&quot;:&quot;&quot;,&quot;created_timestamp&quot;:&quot;0&quot;,&quot;copyright&quot;:&quot;&quot;,&quot;focal_length&quot;:&quot;0&quot;,&quot;iso&quot;:&quot;0&quot;,&quot;shutter_speed&quot;:&quot;0&quot;,&quot;title&quot;:&quot;&quot;,&quot;orientation&quot;:&quot;0&quot;}\" data-image-title=\"290px-Margay\" data-image-description=\"\" data-image-caption=\"\" data-medium-file=\"https:\/\/i0.wp.com\/genevieveetbernardauxameriques.fr\/wp-content\/uploads\/2016\/02\/290px-margay.jpg?fit=290%2C193&amp;ssl=1\" data-large-file=\"https:\/\/i0.wp.com\/genevieveetbernardauxameriques.fr\/wp-content\/uploads\/2016\/02\/290px-margay.jpg?fit=290%2C193&amp;ssl=1\" class=\"alignnone size-full wp-image-2669\" src=\"https:\/\/i0.wp.com\/genevieveetbernardauxameriques.fr\/wp-content\/uploads\/2016\/02\/290px-margay.jpg?resize=290%2C193&#038;ssl=1\" alt=\"290px-Margay\" width=\"290\" height=\"193\" data-recalc-dims=\"1\" \/><\/a><\/p>\n<p>&nbsp;<\/p>\n<p>Le lendemain, nous sommes all\u00e9s faire une promenade en cheval, nous n&rsquo;avons pas vu grand chose, sauf des oiseaux,<\/p>\n<p><a href=\"https:\/\/i0.wp.com\/genevieveetbernardauxameriques.fr\/wp-content\/uploads\/2016\/02\/p1130328.jpg?ssl=1\" rel=\"attachment wp-att-2518\"><img loading=\"lazy\" decoding=\"async\" data-attachment-id=\"2518\" data-permalink=\"https:\/\/genevieveetbernardauxameriques.fr\/index.php\/2016\/02\/26\/de-buenos-aires-a-posada\/p1130328\/\" data-orig-file=\"https:\/\/i0.wp.com\/genevieveetbernardauxameriques.fr\/wp-content\/uploads\/2016\/02\/p1130328.jpg?fit=800%2C600&amp;ssl=1\" data-orig-size=\"800,600\" data-comments-opened=\"1\" data-image-meta=\"{&quot;aperture&quot;:&quot;2.8&quot;,&quot;credit&quot;:&quot;&quot;,&quot;camera&quot;:&quot;DMC-FZ5&quot;,&quot;caption&quot;:&quot;&quot;,&quot;created_timestamp&quot;:&quot;1455444799&quot;,&quot;copyright&quot;:&quot;&quot;,&quot;focal_length&quot;:&quot;6&quot;,&quot;iso&quot;:&quot;80&quot;,&quot;shutter_speed&quot;:&quot;0.0125&quot;,&quot;title&quot;:&quot;&quot;,&quot;orientation&quot;:&quot;1&quot;}\" data-image-title=\"P1130328\" data-image-description=\"\" data-image-caption=\"\" data-medium-file=\"https:\/\/i0.wp.com\/genevieveetbernardauxameriques.fr\/wp-content\/uploads\/2016\/02\/p1130328.jpg?fit=300%2C225&amp;ssl=1\" data-large-file=\"https:\/\/i0.wp.com\/genevieveetbernardauxameriques.fr\/wp-content\/uploads\/2016\/02\/p1130328.jpg?fit=640%2C480&amp;ssl=1\" class=\"size-medium wp-image-2518 aligncenter\" src=\"https:\/\/i0.wp.com\/genevieveetbernardauxameriques.fr\/wp-content\/uploads\/2016\/02\/p1130328.jpg?resize=300%2C225&#038;ssl=1\" alt=\"P1130328\" width=\"300\" height=\"225\" srcset=\"https:\/\/i0.wp.com\/genevieveetbernardauxameriques.fr\/wp-content\/uploads\/2016\/02\/p1130328.jpg?w=800&amp;ssl=1 800w, https:\/\/i0.wp.com\/genevieveetbernardauxameriques.fr\/wp-content\/uploads\/2016\/02\/p1130328.jpg?resize=300%2C225&amp;ssl=1 300w, https:\/\/i0.wp.com\/genevieveetbernardauxameriques.fr\/wp-content\/uploads\/2016\/02\/p1130328.jpg?resize=768%2C576&amp;ssl=1 768w\" sizes=\"(max-width: 300px) 100vw, 300px\" data-recalc-dims=\"1\" \/><\/a><\/p>\n<p>et un cheval, tout seul dans un chemin<\/p>\n<p><a href=\"https:\/\/i0.wp.com\/genevieveetbernardauxameriques.fr\/wp-content\/uploads\/2016\/02\/p1130334.jpg?ssl=1\" rel=\"attachment wp-att-2521\"><img loading=\"lazy\" decoding=\"async\" data-attachment-id=\"2521\" data-permalink=\"https:\/\/genevieveetbernardauxameriques.fr\/index.php\/2016\/02\/26\/de-buenos-aires-a-posada\/p1130334\/\" data-orig-file=\"https:\/\/i0.wp.com\/genevieveetbernardauxameriques.fr\/wp-content\/uploads\/2016\/02\/p1130334.jpg?fit=800%2C600&amp;ssl=1\" data-orig-size=\"800,600\" data-comments-opened=\"1\" data-image-meta=\"{&quot;aperture&quot;:&quot;2.8&quot;,&quot;credit&quot;:&quot;&quot;,&quot;camera&quot;:&quot;DMC-FZ5&quot;,&quot;caption&quot;:&quot;&quot;,&quot;created_timestamp&quot;:&quot;1455445180&quot;,&quot;copyright&quot;:&quot;&quot;,&quot;focal_length&quot;:&quot;7&quot;,&quot;iso&quot;:&quot;80&quot;,&quot;shutter_speed&quot;:&quot;0.0125&quot;,&quot;title&quot;:&quot;&quot;,&quot;orientation&quot;:&quot;1&quot;}\" data-image-title=\"P1130334\" data-image-description=\"\" data-image-caption=\"\" data-medium-file=\"https:\/\/i0.wp.com\/genevieveetbernardauxameriques.fr\/wp-content\/uploads\/2016\/02\/p1130334.jpg?fit=300%2C225&amp;ssl=1\" data-large-file=\"https:\/\/i0.wp.com\/genevieveetbernardauxameriques.fr\/wp-content\/uploads\/2016\/02\/p1130334.jpg?fit=640%2C480&amp;ssl=1\" class=\"size-medium wp-image-2521 aligncenter\" src=\"https:\/\/i0.wp.com\/genevieveetbernardauxameriques.fr\/wp-content\/uploads\/2016\/02\/p1130334.jpg?resize=300%2C225&#038;ssl=1\" alt=\"P1130334\" width=\"300\" height=\"225\" srcset=\"https:\/\/i0.wp.com\/genevieveetbernardauxameriques.fr\/wp-content\/uploads\/2016\/02\/p1130334.jpg?w=800&amp;ssl=1 800w, https:\/\/i0.wp.com\/genevieveetbernardauxameriques.fr\/wp-content\/uploads\/2016\/02\/p1130334.jpg?resize=300%2C225&amp;ssl=1 300w, https:\/\/i0.wp.com\/genevieveetbernardauxameriques.fr\/wp-content\/uploads\/2016\/02\/p1130334.jpg?resize=768%2C576&amp;ssl=1 768w\" sizes=\"(max-width: 300px) 100vw, 300px\" data-recalc-dims=\"1\" \/><\/a><\/p>\n<p>Par contre dans un champ, il y avait plein de petits monticules, plus\u00a0gros que ceux faits par les taupes dans nos jardins,\u00a0on a demand\u00e9 au monsieur qui nous accompagnait dans la promenade ce que c&rsquo;\u00e9tait il nous a dit des fourmis :<\/p>\n<p><a href=\"https:\/\/i0.wp.com\/genevieveetbernardauxameriques.fr\/wp-content\/uploads\/2016\/02\/p1130418.jpg?ssl=1\" rel=\"attachment wp-att-2553\"><img loading=\"lazy\" decoding=\"async\" data-attachment-id=\"2553\" data-permalink=\"https:\/\/genevieveetbernardauxameriques.fr\/index.php\/2016\/02\/26\/de-buenos-aires-a-posada\/p1130418\/\" data-orig-file=\"https:\/\/i0.wp.com\/genevieveetbernardauxameriques.fr\/wp-content\/uploads\/2016\/02\/p1130418.jpg?fit=800%2C600&amp;ssl=1\" data-orig-size=\"800,600\" data-comments-opened=\"1\" data-image-meta=\"{&quot;aperture&quot;:&quot;4&quot;,&quot;credit&quot;:&quot;&quot;,&quot;camera&quot;:&quot;DMC-FZ5&quot;,&quot;caption&quot;:&quot;&quot;,&quot;created_timestamp&quot;:&quot;1455705772&quot;,&quot;copyright&quot;:&quot;&quot;,&quot;focal_length&quot;:&quot;53.3&quot;,&quot;iso&quot;:&quot;80&quot;,&quot;shutter_speed&quot;:&quot;0.0025&quot;,&quot;title&quot;:&quot;&quot;,&quot;orientation&quot;:&quot;1&quot;}\" data-image-title=\"P1130418\" data-image-description=\"\" data-image-caption=\"\" data-medium-file=\"https:\/\/i0.wp.com\/genevieveetbernardauxameriques.fr\/wp-content\/uploads\/2016\/02\/p1130418.jpg?fit=300%2C225&amp;ssl=1\" data-large-file=\"https:\/\/i0.wp.com\/genevieveetbernardauxameriques.fr\/wp-content\/uploads\/2016\/02\/p1130418.jpg?fit=640%2C480&amp;ssl=1\" class=\"alignnone size-medium wp-image-2553\" src=\"https:\/\/i0.wp.com\/genevieveetbernardauxameriques.fr\/wp-content\/uploads\/2016\/02\/p1130418.jpg?resize=300%2C225&#038;ssl=1\" alt=\"P1130418\" width=\"300\" height=\"225\" srcset=\"https:\/\/i0.wp.com\/genevieveetbernardauxameriques.fr\/wp-content\/uploads\/2016\/02\/p1130418.jpg?w=800&amp;ssl=1 800w, https:\/\/i0.wp.com\/genevieveetbernardauxameriques.fr\/wp-content\/uploads\/2016\/02\/p1130418.jpg?resize=300%2C225&amp;ssl=1 300w, https:\/\/i0.wp.com\/genevieveetbernardauxameriques.fr\/wp-content\/uploads\/2016\/02\/p1130418.jpg?resize=768%2C576&amp;ssl=1 768w\" sizes=\"(max-width: 300px) 100vw, 300px\" data-recalc-dims=\"1\" \/><\/a> <a href=\"https:\/\/i0.wp.com\/genevieveetbernardauxameriques.fr\/wp-content\/uploads\/2016\/02\/p1130417.jpg?ssl=1\" rel=\"attachment wp-att-2552\"><img loading=\"lazy\" decoding=\"async\" data-attachment-id=\"2552\" data-permalink=\"https:\/\/genevieveetbernardauxameriques.fr\/index.php\/2016\/02\/26\/de-buenos-aires-a-posada\/p1130417\/\" data-orig-file=\"https:\/\/i0.wp.com\/genevieveetbernardauxameriques.fr\/wp-content\/uploads\/2016\/02\/p1130417.jpg?fit=800%2C600&amp;ssl=1\" data-orig-size=\"800,600\" data-comments-opened=\"1\" data-image-meta=\"{&quot;aperture&quot;:&quot;5&quot;,&quot;credit&quot;:&quot;&quot;,&quot;camera&quot;:&quot;DMC-FZ5&quot;,&quot;caption&quot;:&quot;&quot;,&quot;created_timestamp&quot;:&quot;1455703928&quot;,&quot;copyright&quot;:&quot;&quot;,&quot;focal_length&quot;:&quot;14.9&quot;,&quot;iso&quot;:&quot;80&quot;,&quot;shutter_speed&quot;:&quot;0.0025&quot;,&quot;title&quot;:&quot;&quot;,&quot;orientation&quot;:&quot;1&quot;}\" data-image-title=\"P1130417\" data-image-description=\"\" data-image-caption=\"\" data-medium-file=\"https:\/\/i0.wp.com\/genevieveetbernardauxameriques.fr\/wp-content\/uploads\/2016\/02\/p1130417.jpg?fit=300%2C225&amp;ssl=1\" data-large-file=\"https:\/\/i0.wp.com\/genevieveetbernardauxameriques.fr\/wp-content\/uploads\/2016\/02\/p1130417.jpg?fit=640%2C480&amp;ssl=1\" class=\"alignnone size-medium wp-image-2552\" src=\"https:\/\/i0.wp.com\/genevieveetbernardauxameriques.fr\/wp-content\/uploads\/2016\/02\/p1130417.jpg?resize=300%2C225&#038;ssl=1\" alt=\"P1130417\" width=\"300\" height=\"225\" srcset=\"https:\/\/i0.wp.com\/genevieveetbernardauxameriques.fr\/wp-content\/uploads\/2016\/02\/p1130417.jpg?w=800&amp;ssl=1 800w, https:\/\/i0.wp.com\/genevieveetbernardauxameriques.fr\/wp-content\/uploads\/2016\/02\/p1130417.jpg?resize=300%2C225&amp;ssl=1 300w, https:\/\/i0.wp.com\/genevieveetbernardauxameriques.fr\/wp-content\/uploads\/2016\/02\/p1130417.jpg?resize=768%2C576&amp;ssl=1 768w\" sizes=\"(max-width: 300px) 100vw, 300px\" data-recalc-dims=\"1\" \/><\/a><\/p>\n<p><strong>\u00a0<\/strong>Ensuite nous quitterons, cette magnifique r\u00e9serve pour aller voir d&rsquo;immenses cascades entre l&rsquo;Argentine, le Br\u00e9sil et le Paraguay.<\/p>\n<p>&nbsp;<\/p>\n<p><a href=\"https:\/\/genevieveetbernardauxameriques.fr\/wp-content\/uploads\/2016\/02\/p1130383.jpg\" rel=\"attachment wp-att-2536\">\u00a0<\/a><\/p>\n<p>&nbsp;<\/p>\n<p><a href=\"https:\/\/genevieveetbernardauxameriques.fr\/wp-content\/uploads\/2016\/02\/p1130328.jpg\" rel=\"attachment wp-att-2518\">\u00a0<\/a><\/p>\n<p><a href=\"https:\/\/genevieveetbernardauxameriques.fr\/wp-content\/uploads\/2016\/02\/p1130435.jpg\" rel=\"attachment wp-att-2560\">\u00a0<\/a><\/p>\n<p>&nbsp;<\/p>\n<p>&nbsp;<\/p>\n","protected":false},"excerpt":{"rendered":"<p>Nous sommes pass\u00e9s \u00e0 BUENOS AIRES, la capitale de l&rsquo;ARGENTINE. C&rsquo;est une tr\u00e8s tr\u00e8s grande ville, de 13.5 millions d&rsquo;habitants. C&rsquo;est la 2\u00e8me ville d&rsquo;Am\u00e9rique du sud apr\u00e8s \u00a0SAO PAULO au BRESIL Elle est tr\u00e8s tr\u00e8s \u00e9tendue, on s&rsquo;y perd &hellip; <a href=\"https:\/\/genevieveetbernardauxameriques.fr\/index.php\/2016\/02\/26\/animaux-pour-les-enfants-au-parc-del-iberia\/\">Continuer la lecture <span class=\"meta-nav\">&rarr;<\/span><\/a><\/p>\n","protected":false},"author":1,"featured_media":2411,"comment_status":"open","ping_status":"open","sticky":false,"template":"","format":"standard","meta":{"jetpack_post_was_ever_published":false,"_jetpack_newsletter_access":"","_jetpack_dont_email_post_to_subs":false,"_jetpack_newsletter_tier_id":0,"_jetpack_memberships_contains_paywalled_content":false,"_jetpack_memberships_contains_paid_content":false,"footnotes":""},"categories":[2,5],"tags":[],"jetpack_featured_media_url":"https:\/\/i0.wp.com\/genevieveetbernardauxameriques.fr\/wp-content\/uploads\/2016\/02\/p1130312.jpg?fit=800%2C600&ssl=1","jetpack_sharing_enabled":true,"jetpack_shortlink":"https:\/\/wp.me\/p7hALO-Fu","_links":{"self":[{"href":"https:\/\/genevieveetbernardauxameriques.fr\/index.php\/wp-json\/wp\/v2\/posts\/2572"}],"collection":[{"href":"https:\/\/genevieveetbernardauxameriques.fr\/index.php\/wp-json\/wp\/v2\/posts"}],"about":[{"href":"https:\/\/genevieveetbernardauxameriques.fr\/index.php\/wp-json\/wp\/v2\/types\/post"}],"author":[{"embeddable":true,"href":"https:\/\/genevieveetbernardauxameriques.fr\/index.php\/wp-json\/wp\/v2\/users\/1"}],"replies":[{"embeddable":true,"href":"https:\/\/genevieveetbernardauxameriques.fr\/index.php\/wp-json\/wp\/v2\/comments?post=2572"}],"version-history":[{"count":8,"href":"https:\/\/genevieveetbernardauxameriques.fr\/index.php\/wp-json\/wp\/v2\/posts\/2572\/revisions"}],"predecessor-version":[{"id":43315,"href":"https:\/\/genevieveetbernardauxameriques.fr\/index.php\/wp-json\/wp\/v2\/posts\/2572\/revisions\/43315"}],"wp:featuredmedia":[{"embeddable":true,"href":"https:\/\/genevieveetbernardauxameriques.fr\/index.php\/wp-json\/wp\/v2\/media\/2411"}],"wp:attachment":[{"href":"https:\/\/genevieveetbernardauxameriques.fr\/index.php\/wp-json\/wp\/v2\/media?parent=2572"}],"wp:term":[{"taxonomy":"category","embeddable":true,"href":"https:\/\/genevieveetbernardauxameriques.fr\/index.php\/wp-json\/wp\/v2\/categories?post=2572"},{"taxonomy":"post_tag","embeddable":true,"href":"https:\/\/genevieveetbernardauxameriques.fr\/index.php\/wp-json\/wp\/v2\/tags?post=2572"}],"curies":[{"name":"wp","href":"https:\/\/api.w.org\/{rel}","templated":true}]}}