{"id":32766,"date":"2019-03-06T08:52:54","date_gmt":"2019-03-06T07:52:54","guid":{"rendered":"http:\/\/genevieveetbernardauxameriques.fr\/?p=32766"},"modified":"2019-03-13T06:14:07","modified_gmt":"2019-03-13T05:14:07","slug":"baja-californie-2-de-la-paz-a-san-ignacio-avec-edwige","status":"publish","type":"post","link":"https:\/\/genevieveetbernardauxameriques.fr\/index.php\/2019\/03\/06\/baja-californie-2-de-la-paz-a-san-ignacio-avec-edwige\/","title":{"rendered":"BAJA CALIFORNIE 2 &#8211; DE LA PAZ A SAN IGNACIO (avec Edwige)"},"content":{"rendered":"<p><strong>DU 9 FEVRIER AU 22 FEVRIER 2019<\/strong><\/p>\n<p>Durant les vacances scolaires en Bretagne, EDWIGE, NOAN et LILOU viennent nous rejoindre en BAJA CALIFORNIE. Nous allons rechercher les baleines, requins et otaries et pour cela remonter jusqu&rsquo;\u00e0 SAN IGNACIO,\u00a0 nous ferons 2.000 kms.<\/p>\n<p>Nous ne les avons pas vus depuis d\u00e9but septembre.<\/p>\n<p>Nous devions louer une voiture et partir tous les 5 dans le nord de la P\u00e9ninsule et coucher \u00e0 l&rsquo;h\u00f4tel. Notre camper va nous manquer pour la vie courante.<!--more--><\/p>\n<p>Il y a 2 jours, nous changeons notre programme. Fran\u00e7ois et Carole, gentiment, nous proposent une tente de camping, 2 matelas et 2 duvets. Nous annulons la location de la voiture et allons voir si nous pouvons d\u00e9poser tout notre mat\u00e9riel qui se trouve sur la banquette arri\u00e8re, dans un gardiennage de camping-car situ\u00e9 pr\u00e8s de l&rsquo;a\u00e9roport, pour que nous puissions utiliser les si\u00e8ges arri\u00e8re.<\/p>\n<p>Tout est possible, le remboursement de la voiture et le gardiennage. Nous r\u00e9cup\u00e9rons 2 places \u00e0 l&rsquo;arri\u00e8re.<\/p>\n<p><strong>SAMEDI 9 FEVRIER 2019<\/strong><\/p>\n<p>9 h nous sommes \u00e0 l&rsquo;a\u00e9roport.<\/p>\n<p>Ils arrivent les derniers, stopp\u00e9s par la douane, car ils avaient des cl\u00e9mentines dans leurs sacs, ils ont d\u00e9cid\u00e9 qu&rsquo;ils les mangeraient avant de sortir.<\/p>\n<p><a href=\"https:\/\/i0.wp.com\/genevieveetbernardauxameriques.fr\/wp-content\/uploads\/2019\/02\/IMG_20190209_091257-e1551121375708.jpg?ssl=1\"><img loading=\"lazy\" decoding=\"async\" data-attachment-id=\"32961\" data-permalink=\"https:\/\/genevieveetbernardauxameriques.fr\/index.php\/2019\/03\/06\/baja-californie-2-de-la-paz-a-san-ignacio-avec-edwige\/img_20190209_091257\/\" data-orig-file=\"https:\/\/i0.wp.com\/genevieveetbernardauxameriques.fr\/wp-content\/uploads\/2019\/02\/IMG_20190209_091257-e1551121375708.jpg?fit=440%2C388&amp;ssl=1\" data-orig-size=\"440,388\" data-comments-opened=\"1\" data-image-meta=\"{&quot;aperture&quot;:&quot;2&quot;,&quot;credit&quot;:&quot;&quot;,&quot;camera&quot;:&quot;STARXTREM 6&quot;,&quot;caption&quot;:&quot;&quot;,&quot;created_timestamp&quot;:&quot;1549703577&quot;,&quot;copyright&quot;:&quot;&quot;,&quot;focal_length&quot;:&quot;3.69&quot;,&quot;iso&quot;:&quot;447&quot;,&quot;shutter_speed&quot;:&quot;0.04&quot;,&quot;title&quot;:&quot;&quot;,&quot;orientation&quot;:&quot;0&quot;}\" data-image-title=\"IMG_20190209_091257\" data-image-description=\"\" data-image-caption=\"\" data-medium-file=\"https:\/\/i0.wp.com\/genevieveetbernardauxameriques.fr\/wp-content\/uploads\/2019\/02\/IMG_20190209_091257-e1551121375708.jpg?fit=300%2C265&amp;ssl=1\" data-large-file=\"https:\/\/i0.wp.com\/genevieveetbernardauxameriques.fr\/wp-content\/uploads\/2019\/02\/IMG_20190209_091257-e1551121375708.jpg?fit=440%2C388&amp;ssl=1\" class=\"size-full wp-image-32961 aligncenter\" src=\"https:\/\/i0.wp.com\/genevieveetbernardauxameriques.fr\/wp-content\/uploads\/2019\/02\/IMG_20190209_091257-e1551121375708.jpg?resize=440%2C388&#038;ssl=1\" alt=\"\" width=\"440\" height=\"388\" srcset=\"https:\/\/i0.wp.com\/genevieveetbernardauxameriques.fr\/wp-content\/uploads\/2019\/02\/IMG_20190209_091257-e1551121375708.jpg?w=440&amp;ssl=1 440w, https:\/\/i0.wp.com\/genevieveetbernardauxameriques.fr\/wp-content\/uploads\/2019\/02\/IMG_20190209_091257-e1551121375708.jpg?resize=300%2C265&amp;ssl=1 300w\" sizes=\"(max-width: 440px) 100vw, 440px\" data-recalc-dims=\"1\" \/><\/a><\/p>\n<p>Il est encore un peu t\u00f4t pour aller \u00e0 l&rsquo;appartement qu&rsquo;Edwige a r\u00e9serv\u00e9, nous partons directement \u00e0 la plage EL MOCOTE qui se trouve un peu plus loin que l&rsquo;a\u00e9roport. Il s&rsquo;agit d&rsquo;une bande de terre en face de la ville de LA PAZ.<\/p>\n<p>La piste est tr\u00e8s sableuse. A l&rsquo;int\u00e9rieur dans la cellule, je suis install\u00e9e avec LILOU, on bouge de tous les c\u00f4t\u00e9s, il faut se tenir \u00e0 la table et \u00e0 l&rsquo;\u00e9vier (nous n&rsquo;avons pas encore vid\u00e9 les si\u00e8ges arri\u00e8re, il n&rsquo;y a donc que 3 places \u00e0 l&rsquo;avant).<\/p>\n<p><a href=\"https:\/\/i0.wp.com\/genevieveetbernardauxameriques.fr\/wp-content\/uploads\/2019\/02\/DSCN5261.jpg?ssl=1\"><img loading=\"lazy\" decoding=\"async\" data-attachment-id=\"32830\" data-permalink=\"https:\/\/genevieveetbernardauxameriques.fr\/index.php\/2019\/03\/06\/baja-californie-2-de-la-paz-a-san-ignacio-avec-edwige\/dscn5261-2\/\" data-orig-file=\"https:\/\/i0.wp.com\/genevieveetbernardauxameriques.fr\/wp-content\/uploads\/2019\/02\/DSCN5261.jpg?fit=4608%2C3456&amp;ssl=1\" data-orig-size=\"4608,3456\" data-comments-opened=\"1\" data-image-meta=\"{&quot;aperture&quot;:&quot;4.5&quot;,&quot;credit&quot;:&quot;&quot;,&quot;camera&quot;:&quot;COOLPIX P900&quot;,&quot;caption&quot;:&quot;&quot;,&quot;created_timestamp&quot;:&quot;1549712918&quot;,&quot;copyright&quot;:&quot;&quot;,&quot;focal_length&quot;:&quot;33&quot;,&quot;iso&quot;:&quot;100&quot;,&quot;shutter_speed&quot;:&quot;0.00125&quot;,&quot;title&quot;:&quot;&quot;,&quot;orientation&quot;:&quot;1&quot;}\" data-image-title=\"DSCN5261\" data-image-description=\"\" data-image-caption=\"\" data-medium-file=\"https:\/\/i0.wp.com\/genevieveetbernardauxameriques.fr\/wp-content\/uploads\/2019\/02\/DSCN5261.jpg?fit=300%2C225&amp;ssl=1\" data-large-file=\"https:\/\/i0.wp.com\/genevieveetbernardauxameriques.fr\/wp-content\/uploads\/2019\/02\/DSCN5261.jpg?fit=640%2C480&amp;ssl=1\" class=\"alignnone size-large wp-image-32830\" src=\"https:\/\/i0.wp.com\/genevieveetbernardauxameriques.fr\/wp-content\/uploads\/2019\/02\/DSCN5261.jpg?resize=640%2C480&#038;ssl=1\" alt=\"\" width=\"640\" height=\"480\" srcset=\"https:\/\/i0.wp.com\/genevieveetbernardauxameriques.fr\/wp-content\/uploads\/2019\/02\/DSCN5261.jpg?resize=1024%2C768&amp;ssl=1 1024w, https:\/\/i0.wp.com\/genevieveetbernardauxameriques.fr\/wp-content\/uploads\/2019\/02\/DSCN5261.jpg?resize=300%2C225&amp;ssl=1 300w, https:\/\/i0.wp.com\/genevieveetbernardauxameriques.fr\/wp-content\/uploads\/2019\/02\/DSCN5261.jpg?resize=768%2C576&amp;ssl=1 768w, https:\/\/i0.wp.com\/genevieveetbernardauxameriques.fr\/wp-content\/uploads\/2019\/02\/DSCN5261.jpg?w=1280&amp;ssl=1 1280w, https:\/\/i0.wp.com\/genevieveetbernardauxameriques.fr\/wp-content\/uploads\/2019\/02\/DSCN5261.jpg?w=1920&amp;ssl=1 1920w\" sizes=\"(max-width: 640px) 100vw, 640px\" data-recalc-dims=\"1\" \/><\/a> <a href=\"https:\/\/i0.wp.com\/genevieveetbernardauxameriques.fr\/wp-content\/uploads\/2019\/02\/DSCN5262.jpg?ssl=1\"><img loading=\"lazy\" decoding=\"async\" data-attachment-id=\"32831\" data-permalink=\"https:\/\/genevieveetbernardauxameriques.fr\/index.php\/2019\/03\/06\/baja-californie-2-de-la-paz-a-san-ignacio-avec-edwige\/dscn5262-2\/\" data-orig-file=\"https:\/\/i0.wp.com\/genevieveetbernardauxameriques.fr\/wp-content\/uploads\/2019\/02\/DSCN5262.jpg?fit=4608%2C3456&amp;ssl=1\" data-orig-size=\"4608,3456\" data-comments-opened=\"1\" data-image-meta=\"{&quot;aperture&quot;:&quot;3.5&quot;,&quot;credit&quot;:&quot;&quot;,&quot;camera&quot;:&quot;COOLPIX P900&quot;,&quot;caption&quot;:&quot;&quot;,&quot;created_timestamp&quot;:&quot;1549713769&quot;,&quot;copyright&quot;:&quot;&quot;,&quot;focal_length&quot;:&quot;9.8&quot;,&quot;iso&quot;:&quot;100&quot;,&quot;shutter_speed&quot;:&quot;0.000625&quot;,&quot;title&quot;:&quot;&quot;,&quot;orientation&quot;:&quot;1&quot;}\" data-image-title=\"DSCN5262\" data-image-description=\"\" data-image-caption=\"\" data-medium-file=\"https:\/\/i0.wp.com\/genevieveetbernardauxameriques.fr\/wp-content\/uploads\/2019\/02\/DSCN5262.jpg?fit=300%2C225&amp;ssl=1\" data-large-file=\"https:\/\/i0.wp.com\/genevieveetbernardauxameriques.fr\/wp-content\/uploads\/2019\/02\/DSCN5262.jpg?fit=640%2C480&amp;ssl=1\" class=\"alignnone size-large wp-image-32831\" src=\"https:\/\/i0.wp.com\/genevieveetbernardauxameriques.fr\/wp-content\/uploads\/2019\/02\/DSCN5262.jpg?resize=640%2C480&#038;ssl=1\" alt=\"\" width=\"640\" height=\"480\" srcset=\"https:\/\/i0.wp.com\/genevieveetbernardauxameriques.fr\/wp-content\/uploads\/2019\/02\/DSCN5262.jpg?resize=1024%2C768&amp;ssl=1 1024w, https:\/\/i0.wp.com\/genevieveetbernardauxameriques.fr\/wp-content\/uploads\/2019\/02\/DSCN5262.jpg?resize=300%2C225&amp;ssl=1 300w, https:\/\/i0.wp.com\/genevieveetbernardauxameriques.fr\/wp-content\/uploads\/2019\/02\/DSCN5262.jpg?resize=768%2C576&amp;ssl=1 768w, https:\/\/i0.wp.com\/genevieveetbernardauxameriques.fr\/wp-content\/uploads\/2019\/02\/DSCN5262.jpg?w=1280&amp;ssl=1 1280w, https:\/\/i0.wp.com\/genevieveetbernardauxameriques.fr\/wp-content\/uploads\/2019\/02\/DSCN5262.jpg?w=1920&amp;ssl=1 1920w\" sizes=\"(max-width: 640px) 100vw, 640px\" data-recalc-dims=\"1\" \/><\/a><a href=\"https:\/\/i0.wp.com\/genevieveetbernardauxameriques.fr\/wp-content\/uploads\/2019\/02\/DSC00023.jpg?ssl=1\"><img loading=\"lazy\" decoding=\"async\" data-attachment-id=\"32820\" data-permalink=\"https:\/\/genevieveetbernardauxameriques.fr\/index.php\/2019\/03\/06\/baja-californie-2-de-la-paz-a-san-ignacio-avec-edwige\/dsc00023\/\" data-orig-file=\"https:\/\/i0.wp.com\/genevieveetbernardauxameriques.fr\/wp-content\/uploads\/2019\/02\/DSC00023.jpg?fit=3648%2C2736&amp;ssl=1\" data-orig-size=\"3648,2736\" data-comments-opened=\"1\" data-image-meta=\"{&quot;aperture&quot;:&quot;4.5&quot;,&quot;credit&quot;:&quot;&quot;,&quot;camera&quot;:&quot;DSC-TX30&quot;,&quot;caption&quot;:&quot;&quot;,&quot;created_timestamp&quot;:&quot;1549759581&quot;,&quot;copyright&quot;:&quot;&quot;,&quot;focal_length&quot;:&quot;4.7&quot;,&quot;iso&quot;:&quot;80&quot;,&quot;shutter_speed&quot;:&quot;0.0015625&quot;,&quot;title&quot;:&quot;&quot;,&quot;orientation&quot;:&quot;1&quot;}\" data-image-title=\"DSC00023\" data-image-description=\"\" data-image-caption=\"\" data-medium-file=\"https:\/\/i0.wp.com\/genevieveetbernardauxameriques.fr\/wp-content\/uploads\/2019\/02\/DSC00023.jpg?fit=300%2C225&amp;ssl=1\" data-large-file=\"https:\/\/i0.wp.com\/genevieveetbernardauxameriques.fr\/wp-content\/uploads\/2019\/02\/DSC00023.jpg?fit=640%2C480&amp;ssl=1\" class=\"alignnone size-large wp-image-32820\" src=\"https:\/\/i0.wp.com\/genevieveetbernardauxameriques.fr\/wp-content\/uploads\/2019\/02\/DSC00023.jpg?resize=640%2C480&#038;ssl=1\" alt=\"\" width=\"640\" height=\"480\" srcset=\"https:\/\/i0.wp.com\/genevieveetbernardauxameriques.fr\/wp-content\/uploads\/2019\/02\/DSC00023.jpg?resize=1024%2C768&amp;ssl=1 1024w, https:\/\/i0.wp.com\/genevieveetbernardauxameriques.fr\/wp-content\/uploads\/2019\/02\/DSC00023.jpg?resize=300%2C225&amp;ssl=1 300w, https:\/\/i0.wp.com\/genevieveetbernardauxameriques.fr\/wp-content\/uploads\/2019\/02\/DSC00023.jpg?resize=768%2C576&amp;ssl=1 768w, https:\/\/i0.wp.com\/genevieveetbernardauxameriques.fr\/wp-content\/uploads\/2019\/02\/DSC00023.jpg?w=1280&amp;ssl=1 1280w, https:\/\/i0.wp.com\/genevieveetbernardauxameriques.fr\/wp-content\/uploads\/2019\/02\/DSC00023.jpg?w=1920&amp;ssl=1 1920w\" sizes=\"(max-width: 640px) 100vw, 640px\" data-recalc-dims=\"1\" \/><\/a> <a href=\"https:\/\/i0.wp.com\/genevieveetbernardauxameriques.fr\/wp-content\/uploads\/2019\/02\/DSC00024.jpg?ssl=1\"><img loading=\"lazy\" decoding=\"async\" data-attachment-id=\"32821\" data-permalink=\"https:\/\/genevieveetbernardauxameriques.fr\/index.php\/2019\/03\/06\/baja-californie-2-de-la-paz-a-san-ignacio-avec-edwige\/dsc00024\/\" data-orig-file=\"https:\/\/i0.wp.com\/genevieveetbernardauxameriques.fr\/wp-content\/uploads\/2019\/02\/DSC00024.jpg?fit=3648%2C2736&amp;ssl=1\" data-orig-size=\"3648,2736\" data-comments-opened=\"1\" data-image-meta=\"{&quot;aperture&quot;:&quot;5&quot;,&quot;credit&quot;:&quot;&quot;,&quot;camera&quot;:&quot;DSC-TX30&quot;,&quot;caption&quot;:&quot;&quot;,&quot;created_timestamp&quot;:&quot;1549759596&quot;,&quot;copyright&quot;:&quot;&quot;,&quot;focal_length&quot;:&quot;17.7&quot;,&quot;iso&quot;:&quot;80&quot;,&quot;shutter_speed&quot;:&quot;0.0025&quot;,&quot;title&quot;:&quot;&quot;,&quot;orientation&quot;:&quot;1&quot;}\" data-image-title=\"DSC00024\" data-image-description=\"\" data-image-caption=\"\" data-medium-file=\"https:\/\/i0.wp.com\/genevieveetbernardauxameriques.fr\/wp-content\/uploads\/2019\/02\/DSC00024.jpg?fit=300%2C225&amp;ssl=1\" data-large-file=\"https:\/\/i0.wp.com\/genevieveetbernardauxameriques.fr\/wp-content\/uploads\/2019\/02\/DSC00024.jpg?fit=640%2C480&amp;ssl=1\" class=\"alignnone size-large wp-image-32821\" src=\"https:\/\/i0.wp.com\/genevieveetbernardauxameriques.fr\/wp-content\/uploads\/2019\/02\/DSC00024.jpg?resize=640%2C480&#038;ssl=1\" alt=\"\" width=\"640\" height=\"480\" srcset=\"https:\/\/i0.wp.com\/genevieveetbernardauxameriques.fr\/wp-content\/uploads\/2019\/02\/DSC00024.jpg?resize=1024%2C768&amp;ssl=1 1024w, https:\/\/i0.wp.com\/genevieveetbernardauxameriques.fr\/wp-content\/uploads\/2019\/02\/DSC00024.jpg?resize=300%2C225&amp;ssl=1 300w, https:\/\/i0.wp.com\/genevieveetbernardauxameriques.fr\/wp-content\/uploads\/2019\/02\/DSC00024.jpg?resize=768%2C576&amp;ssl=1 768w, https:\/\/i0.wp.com\/genevieveetbernardauxameriques.fr\/wp-content\/uploads\/2019\/02\/DSC00024.jpg?w=1280&amp;ssl=1 1280w, https:\/\/i0.wp.com\/genevieveetbernardauxameriques.fr\/wp-content\/uploads\/2019\/02\/DSC00024.jpg?w=1920&amp;ssl=1 1920w\" sizes=\"(max-width: 640px) 100vw, 640px\" data-recalc-dims=\"1\" \/><\/a><\/p>\n<p>Un premier arr\u00eat juste pour voir la mer, elle est un peu agit\u00e9e.<\/p>\n<p><a href=\"https:\/\/i0.wp.com\/genevieveetbernardauxameriques.fr\/wp-content\/uploads\/2019\/02\/DSC00010.jpg?ssl=1\"><img loading=\"lazy\" decoding=\"async\" data-attachment-id=\"32813\" data-permalink=\"https:\/\/genevieveetbernardauxameriques.fr\/index.php\/2019\/03\/06\/baja-californie-2-de-la-paz-a-san-ignacio-avec-edwige\/dsc00010\/\" data-orig-file=\"https:\/\/i0.wp.com\/genevieveetbernardauxameriques.fr\/wp-content\/uploads\/2019\/02\/DSC00010.jpg?fit=3648%2C2736&amp;ssl=1\" data-orig-size=\"3648,2736\" data-comments-opened=\"1\" data-image-meta=\"{&quot;aperture&quot;:&quot;4.5&quot;,&quot;credit&quot;:&quot;&quot;,&quot;camera&quot;:&quot;DSC-TX30&quot;,&quot;caption&quot;:&quot;&quot;,&quot;created_timestamp&quot;:&quot;1549757791&quot;,&quot;copyright&quot;:&quot;&quot;,&quot;focal_length&quot;:&quot;4.7&quot;,&quot;iso&quot;:&quot;80&quot;,&quot;shutter_speed&quot;:&quot;0.00125&quot;,&quot;title&quot;:&quot;&quot;,&quot;orientation&quot;:&quot;1&quot;}\" data-image-title=\"DSC00010\" data-image-description=\"\" data-image-caption=\"\" data-medium-file=\"https:\/\/i0.wp.com\/genevieveetbernardauxameriques.fr\/wp-content\/uploads\/2019\/02\/DSC00010.jpg?fit=300%2C225&amp;ssl=1\" data-large-file=\"https:\/\/i0.wp.com\/genevieveetbernardauxameriques.fr\/wp-content\/uploads\/2019\/02\/DSC00010.jpg?fit=640%2C480&amp;ssl=1\" class=\"alignnone size-large wp-image-32813\" src=\"https:\/\/i0.wp.com\/genevieveetbernardauxameriques.fr\/wp-content\/uploads\/2019\/02\/DSC00010.jpg?resize=640%2C480&#038;ssl=1\" alt=\"\" width=\"640\" height=\"480\" srcset=\"https:\/\/i0.wp.com\/genevieveetbernardauxameriques.fr\/wp-content\/uploads\/2019\/02\/DSC00010.jpg?resize=1024%2C768&amp;ssl=1 1024w, https:\/\/i0.wp.com\/genevieveetbernardauxameriques.fr\/wp-content\/uploads\/2019\/02\/DSC00010.jpg?resize=300%2C225&amp;ssl=1 300w, https:\/\/i0.wp.com\/genevieveetbernardauxameriques.fr\/wp-content\/uploads\/2019\/02\/DSC00010.jpg?resize=768%2C576&amp;ssl=1 768w, https:\/\/i0.wp.com\/genevieveetbernardauxameriques.fr\/wp-content\/uploads\/2019\/02\/DSC00010.jpg?w=1280&amp;ssl=1 1280w, https:\/\/i0.wp.com\/genevieveetbernardauxameriques.fr\/wp-content\/uploads\/2019\/02\/DSC00010.jpg?w=1920&amp;ssl=1 1920w\" sizes=\"(max-width: 640px) 100vw, 640px\" data-recalc-dims=\"1\" \/><\/a> <a href=\"https:\/\/i0.wp.com\/genevieveetbernardauxameriques.fr\/wp-content\/uploads\/2019\/02\/DSC00016.jpg?ssl=1\"><img loading=\"lazy\" decoding=\"async\" data-attachment-id=\"32817\" data-permalink=\"https:\/\/genevieveetbernardauxameriques.fr\/index.php\/2019\/03\/06\/baja-californie-2-de-la-paz-a-san-ignacio-avec-edwige\/dsc00016\/\" data-orig-file=\"https:\/\/i0.wp.com\/genevieveetbernardauxameriques.fr\/wp-content\/uploads\/2019\/02\/DSC00016.jpg?fit=3648%2C2736&amp;ssl=1\" data-orig-size=\"3648,2736\" data-comments-opened=\"1\" data-image-meta=\"{&quot;aperture&quot;:&quot;5&quot;,&quot;credit&quot;:&quot;&quot;,&quot;camera&quot;:&quot;DSC-TX30&quot;,&quot;caption&quot;:&quot;&quot;,&quot;created_timestamp&quot;:&quot;1549758178&quot;,&quot;copyright&quot;:&quot;&quot;,&quot;focal_length&quot;:&quot;16.31&quot;,&quot;iso&quot;:&quot;80&quot;,&quot;shutter_speed&quot;:&quot;0.00125&quot;,&quot;title&quot;:&quot;&quot;,&quot;orientation&quot;:&quot;1&quot;}\" data-image-title=\"DSC00016\" data-image-description=\"\" data-image-caption=\"\" data-medium-file=\"https:\/\/i0.wp.com\/genevieveetbernardauxameriques.fr\/wp-content\/uploads\/2019\/02\/DSC00016.jpg?fit=300%2C225&amp;ssl=1\" data-large-file=\"https:\/\/i0.wp.com\/genevieveetbernardauxameriques.fr\/wp-content\/uploads\/2019\/02\/DSC00016.jpg?fit=640%2C480&amp;ssl=1\" class=\"alignnone size-large wp-image-32817\" src=\"https:\/\/i0.wp.com\/genevieveetbernardauxameriques.fr\/wp-content\/uploads\/2019\/02\/DSC00016.jpg?resize=640%2C480&#038;ssl=1\" alt=\"\" width=\"640\" height=\"480\" srcset=\"https:\/\/i0.wp.com\/genevieveetbernardauxameriques.fr\/wp-content\/uploads\/2019\/02\/DSC00016.jpg?resize=1024%2C768&amp;ssl=1 1024w, https:\/\/i0.wp.com\/genevieveetbernardauxameriques.fr\/wp-content\/uploads\/2019\/02\/DSC00016.jpg?resize=300%2C225&amp;ssl=1 300w, https:\/\/i0.wp.com\/genevieveetbernardauxameriques.fr\/wp-content\/uploads\/2019\/02\/DSC00016.jpg?resize=768%2C576&amp;ssl=1 768w, https:\/\/i0.wp.com\/genevieveetbernardauxameriques.fr\/wp-content\/uploads\/2019\/02\/DSC00016.jpg?w=1280&amp;ssl=1 1280w, https:\/\/i0.wp.com\/genevieveetbernardauxameriques.fr\/wp-content\/uploads\/2019\/02\/DSC00016.jpg?w=1920&amp;ssl=1 1920w\" sizes=\"(max-width: 640px) 100vw, 640px\" data-recalc-dims=\"1\" \/><\/a> <a href=\"https:\/\/i0.wp.com\/genevieveetbernardauxameriques.fr\/wp-content\/uploads\/2019\/02\/DSC00017.jpg?ssl=1\"><img loading=\"lazy\" decoding=\"async\" data-attachment-id=\"32818\" data-permalink=\"https:\/\/genevieveetbernardauxameriques.fr\/index.php\/2019\/03\/06\/baja-californie-2-de-la-paz-a-san-ignacio-avec-edwige\/dsc00017\/\" data-orig-file=\"https:\/\/i0.wp.com\/genevieveetbernardauxameriques.fr\/wp-content\/uploads\/2019\/02\/DSC00017.jpg?fit=3648%2C2736&amp;ssl=1\" data-orig-size=\"3648,2736\" data-comments-opened=\"1\" data-image-meta=\"{&quot;aperture&quot;:&quot;5.6&quot;,&quot;credit&quot;:&quot;&quot;,&quot;camera&quot;:&quot;DSC-TX30&quot;,&quot;caption&quot;:&quot;&quot;,&quot;created_timestamp&quot;:&quot;1549758341&quot;,&quot;copyright&quot;:&quot;&quot;,&quot;focal_length&quot;:&quot;23.5&quot;,&quot;iso&quot;:&quot;80&quot;,&quot;shutter_speed&quot;:&quot;0.0015625&quot;,&quot;title&quot;:&quot;&quot;,&quot;orientation&quot;:&quot;1&quot;}\" data-image-title=\"DSC00017\" data-image-description=\"\" data-image-caption=\"\" data-medium-file=\"https:\/\/i0.wp.com\/genevieveetbernardauxameriques.fr\/wp-content\/uploads\/2019\/02\/DSC00017.jpg?fit=300%2C225&amp;ssl=1\" data-large-file=\"https:\/\/i0.wp.com\/genevieveetbernardauxameriques.fr\/wp-content\/uploads\/2019\/02\/DSC00017.jpg?fit=640%2C480&amp;ssl=1\" class=\"alignnone size-large wp-image-32818\" src=\"https:\/\/i0.wp.com\/genevieveetbernardauxameriques.fr\/wp-content\/uploads\/2019\/02\/DSC00017.jpg?resize=640%2C480&#038;ssl=1\" alt=\"\" width=\"640\" height=\"480\" srcset=\"https:\/\/i0.wp.com\/genevieveetbernardauxameriques.fr\/wp-content\/uploads\/2019\/02\/DSC00017.jpg?resize=1024%2C768&amp;ssl=1 1024w, https:\/\/i0.wp.com\/genevieveetbernardauxameriques.fr\/wp-content\/uploads\/2019\/02\/DSC00017.jpg?resize=300%2C225&amp;ssl=1 300w, https:\/\/i0.wp.com\/genevieveetbernardauxameriques.fr\/wp-content\/uploads\/2019\/02\/DSC00017.jpg?resize=768%2C576&amp;ssl=1 768w, https:\/\/i0.wp.com\/genevieveetbernardauxameriques.fr\/wp-content\/uploads\/2019\/02\/DSC00017.jpg?w=1280&amp;ssl=1 1280w, https:\/\/i0.wp.com\/genevieveetbernardauxameriques.fr\/wp-content\/uploads\/2019\/02\/DSC00017.jpg?w=1920&amp;ssl=1 1920w\" sizes=\"(max-width: 640px) 100vw, 640px\" data-recalc-dims=\"1\" \/><\/a><\/p>\n<p>Nous retrouvons Fran\u00e7ois et Carole. Nous esp\u00e9rons voir des requins baleines de la c\u00f4te, nous partons un peu plus loin car on aper\u00e7oit\u00a0 un bateau entour\u00e9 \u00a0de plongeurs.<\/p>\n<p>les enfants font connaissance et trouvent sur la plage une carapace de tortue.<br \/>\nLilou et Naoki vont s&rsquo;amuser \u00e0 mettre des coquillages \u00e0 la place des yeux.<\/p>\n<p><a href=\"https:\/\/i0.wp.com\/genevieveetbernardauxameriques.fr\/wp-content\/uploads\/2019\/02\/DSC00008.jpg?ssl=1\"><img loading=\"lazy\" decoding=\"async\" data-attachment-id=\"32812\" data-permalink=\"https:\/\/genevieveetbernardauxameriques.fr\/index.php\/2019\/03\/06\/baja-californie-2-de-la-paz-a-san-ignacio-avec-edwige\/dsc00008\/\" data-orig-file=\"https:\/\/i0.wp.com\/genevieveetbernardauxameriques.fr\/wp-content\/uploads\/2019\/02\/DSC00008.jpg?fit=3648%2C2736&amp;ssl=1\" data-orig-size=\"3648,2736\" data-comments-opened=\"1\" data-image-meta=\"{&quot;aperture&quot;:&quot;4.5&quot;,&quot;credit&quot;:&quot;&quot;,&quot;camera&quot;:&quot;DSC-TX30&quot;,&quot;caption&quot;:&quot;&quot;,&quot;created_timestamp&quot;:&quot;1549757663&quot;,&quot;copyright&quot;:&quot;&quot;,&quot;focal_length&quot;:&quot;4.7&quot;,&quot;iso&quot;:&quot;80&quot;,&quot;shutter_speed&quot;:&quot;0.00125&quot;,&quot;title&quot;:&quot;&quot;,&quot;orientation&quot;:&quot;1&quot;}\" data-image-title=\"DSC00008\" data-image-description=\"\" data-image-caption=\"\" data-medium-file=\"https:\/\/i0.wp.com\/genevieveetbernardauxameriques.fr\/wp-content\/uploads\/2019\/02\/DSC00008.jpg?fit=300%2C225&amp;ssl=1\" data-large-file=\"https:\/\/i0.wp.com\/genevieveetbernardauxameriques.fr\/wp-content\/uploads\/2019\/02\/DSC00008.jpg?fit=640%2C480&amp;ssl=1\" class=\"alignnone size-large wp-image-32812\" src=\"https:\/\/i0.wp.com\/genevieveetbernardauxameriques.fr\/wp-content\/uploads\/2019\/02\/DSC00008.jpg?resize=640%2C480&#038;ssl=1\" alt=\"\" width=\"640\" height=\"480\" srcset=\"https:\/\/i0.wp.com\/genevieveetbernardauxameriques.fr\/wp-content\/uploads\/2019\/02\/DSC00008.jpg?resize=1024%2C768&amp;ssl=1 1024w, https:\/\/i0.wp.com\/genevieveetbernardauxameriques.fr\/wp-content\/uploads\/2019\/02\/DSC00008.jpg?resize=300%2C225&amp;ssl=1 300w, https:\/\/i0.wp.com\/genevieveetbernardauxameriques.fr\/wp-content\/uploads\/2019\/02\/DSC00008.jpg?resize=768%2C576&amp;ssl=1 768w, https:\/\/i0.wp.com\/genevieveetbernardauxameriques.fr\/wp-content\/uploads\/2019\/02\/DSC00008.jpg?w=1280&amp;ssl=1 1280w, https:\/\/i0.wp.com\/genevieveetbernardauxameriques.fr\/wp-content\/uploads\/2019\/02\/DSC00008.jpg?w=1920&amp;ssl=1 1920w\" sizes=\"(max-width: 640px) 100vw, 640px\" data-recalc-dims=\"1\" \/><\/a><\/p>\n<p>Noan lui va trouver \u00e7a. On ne sait pas ce que c&rsquo;est.<\/p>\n<p><a href=\"https:\/\/i0.wp.com\/genevieveetbernardauxameriques.fr\/wp-content\/uploads\/2019\/02\/DSC00021.jpg?ssl=1\"><img loading=\"lazy\" decoding=\"async\" data-attachment-id=\"32819\" data-permalink=\"https:\/\/genevieveetbernardauxameriques.fr\/index.php\/2019\/03\/06\/baja-californie-2-de-la-paz-a-san-ignacio-avec-edwige\/dsc00021\/\" data-orig-file=\"https:\/\/i0.wp.com\/genevieveetbernardauxameriques.fr\/wp-content\/uploads\/2019\/02\/DSC00021.jpg?fit=3648%2C2736&amp;ssl=1\" data-orig-size=\"3648,2736\" data-comments-opened=\"1\" data-image-meta=\"{&quot;aperture&quot;:&quot;4.5&quot;,&quot;credit&quot;:&quot;&quot;,&quot;camera&quot;:&quot;DSC-TX30&quot;,&quot;caption&quot;:&quot;&quot;,&quot;created_timestamp&quot;:&quot;1549758661&quot;,&quot;copyright&quot;:&quot;&quot;,&quot;focal_length&quot;:&quot;4.7&quot;,&quot;iso&quot;:&quot;80&quot;,&quot;shutter_speed&quot;:&quot;0.0015625&quot;,&quot;title&quot;:&quot;&quot;,&quot;orientation&quot;:&quot;1&quot;}\" data-image-title=\"DSC00021\" data-image-description=\"\" data-image-caption=\"\" data-medium-file=\"https:\/\/i0.wp.com\/genevieveetbernardauxameriques.fr\/wp-content\/uploads\/2019\/02\/DSC00021.jpg?fit=300%2C225&amp;ssl=1\" data-large-file=\"https:\/\/i0.wp.com\/genevieveetbernardauxameriques.fr\/wp-content\/uploads\/2019\/02\/DSC00021.jpg?fit=640%2C480&amp;ssl=1\" class=\"alignnone size-large wp-image-32819\" src=\"https:\/\/i0.wp.com\/genevieveetbernardauxameriques.fr\/wp-content\/uploads\/2019\/02\/DSC00021.jpg?resize=640%2C480&#038;ssl=1\" alt=\"\" width=\"640\" height=\"480\" srcset=\"https:\/\/i0.wp.com\/genevieveetbernardauxameriques.fr\/wp-content\/uploads\/2019\/02\/DSC00021.jpg?resize=1024%2C768&amp;ssl=1 1024w, https:\/\/i0.wp.com\/genevieveetbernardauxameriques.fr\/wp-content\/uploads\/2019\/02\/DSC00021.jpg?resize=300%2C225&amp;ssl=1 300w, https:\/\/i0.wp.com\/genevieveetbernardauxameriques.fr\/wp-content\/uploads\/2019\/02\/DSC00021.jpg?resize=768%2C576&amp;ssl=1 768w, https:\/\/i0.wp.com\/genevieveetbernardauxameriques.fr\/wp-content\/uploads\/2019\/02\/DSC00021.jpg?w=1280&amp;ssl=1 1280w, https:\/\/i0.wp.com\/genevieveetbernardauxameriques.fr\/wp-content\/uploads\/2019\/02\/DSC00021.jpg?w=1920&amp;ssl=1 1920w\" sizes=\"(max-width: 640px) 100vw, 640px\" data-recalc-dims=\"1\" \/><\/a><\/p>\n<p>Toujours pas de requins en vue.<\/p>\n<p>Il y a d&rsquo;immenses dunes, tout le monde va s&rsquo;en donner \u00e0 c\u0153ur joie.<\/p>\n<p><a href=\"https:\/\/i0.wp.com\/genevieveetbernardauxameriques.fr\/wp-content\/uploads\/2019\/02\/DSC00025.jpg?ssl=1\"><img loading=\"lazy\" decoding=\"async\" data-attachment-id=\"32822\" data-permalink=\"https:\/\/genevieveetbernardauxameriques.fr\/index.php\/2019\/03\/06\/baja-californie-2-de-la-paz-a-san-ignacio-avec-edwige\/dsc00025\/\" data-orig-file=\"https:\/\/i0.wp.com\/genevieveetbernardauxameriques.fr\/wp-content\/uploads\/2019\/02\/DSC00025.jpg?fit=3648%2C2736&amp;ssl=1\" data-orig-size=\"3648,2736\" data-comments-opened=\"1\" data-image-meta=\"{&quot;aperture&quot;:&quot;5&quot;,&quot;credit&quot;:&quot;&quot;,&quot;camera&quot;:&quot;DSC-TX30&quot;,&quot;caption&quot;:&quot;&quot;,&quot;created_timestamp&quot;:&quot;1549759602&quot;,&quot;copyright&quot;:&quot;&quot;,&quot;focal_length&quot;:&quot;17.7&quot;,&quot;iso&quot;:&quot;80&quot;,&quot;shutter_speed&quot;:&quot;0.0025&quot;,&quot;title&quot;:&quot;&quot;,&quot;orientation&quot;:&quot;1&quot;}\" data-image-title=\"DSC00025\" data-image-description=\"\" data-image-caption=\"\" data-medium-file=\"https:\/\/i0.wp.com\/genevieveetbernardauxameriques.fr\/wp-content\/uploads\/2019\/02\/DSC00025.jpg?fit=300%2C225&amp;ssl=1\" data-large-file=\"https:\/\/i0.wp.com\/genevieveetbernardauxameriques.fr\/wp-content\/uploads\/2019\/02\/DSC00025.jpg?fit=640%2C480&amp;ssl=1\" class=\"alignnone size-large wp-image-32822\" src=\"https:\/\/i0.wp.com\/genevieveetbernardauxameriques.fr\/wp-content\/uploads\/2019\/02\/DSC00025.jpg?resize=640%2C480&#038;ssl=1\" alt=\"\" width=\"640\" height=\"480\" srcset=\"https:\/\/i0.wp.com\/genevieveetbernardauxameriques.fr\/wp-content\/uploads\/2019\/02\/DSC00025.jpg?resize=1024%2C768&amp;ssl=1 1024w, https:\/\/i0.wp.com\/genevieveetbernardauxameriques.fr\/wp-content\/uploads\/2019\/02\/DSC00025.jpg?resize=300%2C225&amp;ssl=1 300w, https:\/\/i0.wp.com\/genevieveetbernardauxameriques.fr\/wp-content\/uploads\/2019\/02\/DSC00025.jpg?resize=768%2C576&amp;ssl=1 768w, https:\/\/i0.wp.com\/genevieveetbernardauxameriques.fr\/wp-content\/uploads\/2019\/02\/DSC00025.jpg?w=1280&amp;ssl=1 1280w, https:\/\/i0.wp.com\/genevieveetbernardauxameriques.fr\/wp-content\/uploads\/2019\/02\/DSC00025.jpg?w=1920&amp;ssl=1 1920w\" sizes=\"(max-width: 640px) 100vw, 640px\" data-recalc-dims=\"1\" \/><\/a> <a href=\"https:\/\/i0.wp.com\/genevieveetbernardauxameriques.fr\/wp-content\/uploads\/2019\/02\/DSC00026.jpg?ssl=1\"><img loading=\"lazy\" decoding=\"async\" data-attachment-id=\"32823\" data-permalink=\"https:\/\/genevieveetbernardauxameriques.fr\/index.php\/2019\/03\/06\/baja-californie-2-de-la-paz-a-san-ignacio-avec-edwige\/dsc00026\/\" data-orig-file=\"https:\/\/i0.wp.com\/genevieveetbernardauxameriques.fr\/wp-content\/uploads\/2019\/02\/DSC00026.jpg?fit=3648%2C2736&amp;ssl=1\" data-orig-size=\"3648,2736\" data-comments-opened=\"1\" data-image-meta=\"{&quot;aperture&quot;:&quot;5&quot;,&quot;credit&quot;:&quot;&quot;,&quot;camera&quot;:&quot;DSC-TX30&quot;,&quot;caption&quot;:&quot;&quot;,&quot;created_timestamp&quot;:&quot;1549759612&quot;,&quot;copyright&quot;:&quot;&quot;,&quot;focal_length&quot;:&quot;17.7&quot;,&quot;iso&quot;:&quot;80&quot;,&quot;shutter_speed&quot;:&quot;0.0025&quot;,&quot;title&quot;:&quot;&quot;,&quot;orientation&quot;:&quot;1&quot;}\" data-image-title=\"DSC00026\" data-image-description=\"\" data-image-caption=\"\" data-medium-file=\"https:\/\/i0.wp.com\/genevieveetbernardauxameriques.fr\/wp-content\/uploads\/2019\/02\/DSC00026.jpg?fit=300%2C225&amp;ssl=1\" data-large-file=\"https:\/\/i0.wp.com\/genevieveetbernardauxameriques.fr\/wp-content\/uploads\/2019\/02\/DSC00026.jpg?fit=640%2C480&amp;ssl=1\" class=\"alignnone size-large wp-image-32823\" src=\"https:\/\/i0.wp.com\/genevieveetbernardauxameriques.fr\/wp-content\/uploads\/2019\/02\/DSC00026.jpg?resize=640%2C480&#038;ssl=1\" alt=\"\" width=\"640\" height=\"480\" srcset=\"https:\/\/i0.wp.com\/genevieveetbernardauxameriques.fr\/wp-content\/uploads\/2019\/02\/DSC00026.jpg?resize=1024%2C768&amp;ssl=1 1024w, https:\/\/i0.wp.com\/genevieveetbernardauxameriques.fr\/wp-content\/uploads\/2019\/02\/DSC00026.jpg?resize=300%2C225&amp;ssl=1 300w, https:\/\/i0.wp.com\/genevieveetbernardauxameriques.fr\/wp-content\/uploads\/2019\/02\/DSC00026.jpg?resize=768%2C576&amp;ssl=1 768w, https:\/\/i0.wp.com\/genevieveetbernardauxameriques.fr\/wp-content\/uploads\/2019\/02\/DSC00026.jpg?w=1280&amp;ssl=1 1280w, https:\/\/i0.wp.com\/genevieveetbernardauxameriques.fr\/wp-content\/uploads\/2019\/02\/DSC00026.jpg?w=1920&amp;ssl=1 1920w\" sizes=\"(max-width: 640px) 100vw, 640px\" data-recalc-dims=\"1\" \/><\/a> <a href=\"https:\/\/i0.wp.com\/genevieveetbernardauxameriques.fr\/wp-content\/uploads\/2019\/02\/DSC00027.jpg?ssl=1\"><img loading=\"lazy\" decoding=\"async\" data-attachment-id=\"32824\" data-permalink=\"https:\/\/genevieveetbernardauxameriques.fr\/index.php\/2019\/03\/06\/baja-californie-2-de-la-paz-a-san-ignacio-avec-edwige\/dsc00027\/\" data-orig-file=\"https:\/\/i0.wp.com\/genevieveetbernardauxameriques.fr\/wp-content\/uploads\/2019\/02\/DSC00027.jpg?fit=3648%2C2736&amp;ssl=1\" data-orig-size=\"3648,2736\" data-comments-opened=\"1\" data-image-meta=\"{&quot;aperture&quot;:&quot;4.5&quot;,&quot;credit&quot;:&quot;&quot;,&quot;camera&quot;:&quot;DSC-TX30&quot;,&quot;caption&quot;:&quot;&quot;,&quot;created_timestamp&quot;:&quot;1549759649&quot;,&quot;copyright&quot;:&quot;&quot;,&quot;focal_length&quot;:&quot;8.32&quot;,&quot;iso&quot;:&quot;80&quot;,&quot;shutter_speed&quot;:&quot;0.0025&quot;,&quot;title&quot;:&quot;&quot;,&quot;orientation&quot;:&quot;1&quot;}\" data-image-title=\"DSC00027\" data-image-description=\"\" data-image-caption=\"\" data-medium-file=\"https:\/\/i0.wp.com\/genevieveetbernardauxameriques.fr\/wp-content\/uploads\/2019\/02\/DSC00027.jpg?fit=300%2C225&amp;ssl=1\" data-large-file=\"https:\/\/i0.wp.com\/genevieveetbernardauxameriques.fr\/wp-content\/uploads\/2019\/02\/DSC00027.jpg?fit=640%2C480&amp;ssl=1\" class=\"alignnone size-large wp-image-32824\" src=\"https:\/\/i0.wp.com\/genevieveetbernardauxameriques.fr\/wp-content\/uploads\/2019\/02\/DSC00027.jpg?resize=640%2C480&#038;ssl=1\" alt=\"\" width=\"640\" height=\"480\" srcset=\"https:\/\/i0.wp.com\/genevieveetbernardauxameriques.fr\/wp-content\/uploads\/2019\/02\/DSC00027.jpg?resize=1024%2C768&amp;ssl=1 1024w, https:\/\/i0.wp.com\/genevieveetbernardauxameriques.fr\/wp-content\/uploads\/2019\/02\/DSC00027.jpg?resize=300%2C225&amp;ssl=1 300w, https:\/\/i0.wp.com\/genevieveetbernardauxameriques.fr\/wp-content\/uploads\/2019\/02\/DSC00027.jpg?resize=768%2C576&amp;ssl=1 768w, https:\/\/i0.wp.com\/genevieveetbernardauxameriques.fr\/wp-content\/uploads\/2019\/02\/DSC00027.jpg?w=1280&amp;ssl=1 1280w, https:\/\/i0.wp.com\/genevieveetbernardauxameriques.fr\/wp-content\/uploads\/2019\/02\/DSC00027.jpg?w=1920&amp;ssl=1 1920w\" sizes=\"(max-width: 640px) 100vw, 640px\" data-recalc-dims=\"1\" \/><\/a><a href=\"https:\/\/i0.wp.com\/genevieveetbernardauxameriques.fr\/wp-content\/uploads\/2019\/02\/DSCN5264.jpg?ssl=1\"><img loading=\"lazy\" decoding=\"async\" data-attachment-id=\"32833\" data-permalink=\"https:\/\/genevieveetbernardauxameriques.fr\/index.php\/2019\/03\/06\/baja-californie-2-de-la-paz-a-san-ignacio-avec-edwige\/dscn5264-2\/\" data-orig-file=\"https:\/\/i0.wp.com\/genevieveetbernardauxameriques.fr\/wp-content\/uploads\/2019\/02\/DSCN5264.jpg?fit=4608%2C3456&amp;ssl=1\" data-orig-size=\"4608,3456\" data-comments-opened=\"1\" data-image-meta=\"{&quot;aperture&quot;:&quot;4.5&quot;,&quot;credit&quot;:&quot;&quot;,&quot;camera&quot;:&quot;COOLPIX P900&quot;,&quot;caption&quot;:&quot;&quot;,&quot;created_timestamp&quot;:&quot;1549718167&quot;,&quot;copyright&quot;:&quot;&quot;,&quot;focal_length&quot;:&quot;30.3&quot;,&quot;iso&quot;:&quot;100&quot;,&quot;shutter_speed&quot;:&quot;0.001&quot;,&quot;title&quot;:&quot;&quot;,&quot;orientation&quot;:&quot;1&quot;}\" data-image-title=\"DSCN5264\" data-image-description=\"\" data-image-caption=\"\" data-medium-file=\"https:\/\/i0.wp.com\/genevieveetbernardauxameriques.fr\/wp-content\/uploads\/2019\/02\/DSCN5264.jpg?fit=300%2C225&amp;ssl=1\" data-large-file=\"https:\/\/i0.wp.com\/genevieveetbernardauxameriques.fr\/wp-content\/uploads\/2019\/02\/DSCN5264.jpg?fit=640%2C480&amp;ssl=1\" class=\"alignnone size-large wp-image-32833\" src=\"https:\/\/i0.wp.com\/genevieveetbernardauxameriques.fr\/wp-content\/uploads\/2019\/02\/DSCN5264.jpg?resize=640%2C480&#038;ssl=1\" alt=\"\" width=\"640\" height=\"480\" srcset=\"https:\/\/i0.wp.com\/genevieveetbernardauxameriques.fr\/wp-content\/uploads\/2019\/02\/DSCN5264.jpg?resize=1024%2C768&amp;ssl=1 1024w, https:\/\/i0.wp.com\/genevieveetbernardauxameriques.fr\/wp-content\/uploads\/2019\/02\/DSCN5264.jpg?resize=300%2C225&amp;ssl=1 300w, https:\/\/i0.wp.com\/genevieveetbernardauxameriques.fr\/wp-content\/uploads\/2019\/02\/DSCN5264.jpg?resize=768%2C576&amp;ssl=1 768w, https:\/\/i0.wp.com\/genevieveetbernardauxameriques.fr\/wp-content\/uploads\/2019\/02\/DSCN5264.jpg?w=1280&amp;ssl=1 1280w, https:\/\/i0.wp.com\/genevieveetbernardauxameriques.fr\/wp-content\/uploads\/2019\/02\/DSCN5264.jpg?w=1920&amp;ssl=1 1920w\" sizes=\"(max-width: 640px) 100vw, 640px\" data-recalc-dims=\"1\" \/><\/a> <a href=\"https:\/\/i0.wp.com\/genevieveetbernardauxameriques.fr\/wp-content\/uploads\/2019\/02\/DSCN5266.jpg?ssl=1\"><img loading=\"lazy\" decoding=\"async\" data-attachment-id=\"32834\" data-permalink=\"https:\/\/genevieveetbernardauxameriques.fr\/index.php\/2019\/03\/06\/baja-californie-2-de-la-paz-a-san-ignacio-avec-edwige\/dscn5266-2\/\" data-orig-file=\"https:\/\/i0.wp.com\/genevieveetbernardauxameriques.fr\/wp-content\/uploads\/2019\/02\/DSCN5266.jpg?fit=4608%2C3456&amp;ssl=1\" data-orig-size=\"4608,3456\" data-comments-opened=\"1\" data-image-meta=\"{&quot;aperture&quot;:&quot;4.5&quot;,&quot;credit&quot;:&quot;&quot;,&quot;camera&quot;:&quot;COOLPIX P900&quot;,&quot;caption&quot;:&quot;&quot;,&quot;created_timestamp&quot;:&quot;1549718212&quot;,&quot;copyright&quot;:&quot;&quot;,&quot;focal_length&quot;:&quot;39.3&quot;,&quot;iso&quot;:&quot;100&quot;,&quot;shutter_speed&quot;:&quot;0.0015625&quot;,&quot;title&quot;:&quot;&quot;,&quot;orientation&quot;:&quot;1&quot;}\" data-image-title=\"DSCN5266\" data-image-description=\"\" data-image-caption=\"\" data-medium-file=\"https:\/\/i0.wp.com\/genevieveetbernardauxameriques.fr\/wp-content\/uploads\/2019\/02\/DSCN5266.jpg?fit=300%2C225&amp;ssl=1\" data-large-file=\"https:\/\/i0.wp.com\/genevieveetbernardauxameriques.fr\/wp-content\/uploads\/2019\/02\/DSCN5266.jpg?fit=640%2C480&amp;ssl=1\" class=\"alignnone size-large wp-image-32834\" src=\"https:\/\/i0.wp.com\/genevieveetbernardauxameriques.fr\/wp-content\/uploads\/2019\/02\/DSCN5266.jpg?resize=640%2C480&#038;ssl=1\" alt=\"\" width=\"640\" height=\"480\" srcset=\"https:\/\/i0.wp.com\/genevieveetbernardauxameriques.fr\/wp-content\/uploads\/2019\/02\/DSCN5266.jpg?resize=1024%2C768&amp;ssl=1 1024w, https:\/\/i0.wp.com\/genevieveetbernardauxameriques.fr\/wp-content\/uploads\/2019\/02\/DSCN5266.jpg?resize=300%2C225&amp;ssl=1 300w, https:\/\/i0.wp.com\/genevieveetbernardauxameriques.fr\/wp-content\/uploads\/2019\/02\/DSCN5266.jpg?resize=768%2C576&amp;ssl=1 768w, https:\/\/i0.wp.com\/genevieveetbernardauxameriques.fr\/wp-content\/uploads\/2019\/02\/DSCN5266.jpg?w=1280&amp;ssl=1 1280w, https:\/\/i0.wp.com\/genevieveetbernardauxameriques.fr\/wp-content\/uploads\/2019\/02\/DSCN5266.jpg?w=1920&amp;ssl=1 1920w\" sizes=\"(max-width: 640px) 100vw, 640px\" data-recalc-dims=\"1\" \/><\/a><\/p>\n<p>Vers 17 h nous partons au Airbnb qu&rsquo;Edwige a r\u00e9serv\u00e9. La maison est sur la plage et nous allons pouvoir nous installer devant en prenant l&rsquo;\u00e9lectricit\u00e9.<\/p>\n<p>Courses et l\u00e9ger repas au supermarch\u00e9 du coin et \u00e0 20 h tout le monde se couche.<\/p>\n<p><strong>DIMANCHE<\/strong><\/p>\n<p>A 8 h, nous sommes au centre de plong\u00e9e tenue par une Fran\u00e7aise pour une journ\u00e9e snorkeling. Nous ne partirons qu&rsquo;\u00e0 9 h car il a fallu attendre 3 autres Canadiens qui vont passer la journ\u00e9e avec nous. Tout le monde met sa combinaison. A mon grand regret, je ne peux pas encore aller nager, alors je vais \u00eatre raisonnable. Je ne pourrais pas enfiler de palmes.<\/p>\n<p><a href=\"https:\/\/i0.wp.com\/genevieveetbernardauxameriques.fr\/wp-content\/uploads\/2019\/02\/DSC00029.jpg?ssl=1\"><img loading=\"lazy\" decoding=\"async\" data-attachment-id=\"32825\" data-permalink=\"https:\/\/genevieveetbernardauxameriques.fr\/index.php\/2019\/03\/06\/baja-californie-2-de-la-paz-a-san-ignacio-avec-edwige\/dsc00029\/\" data-orig-file=\"https:\/\/i0.wp.com\/genevieveetbernardauxameriques.fr\/wp-content\/uploads\/2019\/02\/DSC00029.jpg?fit=3648%2C2736&amp;ssl=1\" data-orig-size=\"3648,2736\" data-comments-opened=\"1\" data-image-meta=\"{&quot;aperture&quot;:&quot;3.5&quot;,&quot;credit&quot;:&quot;&quot;,&quot;camera&quot;:&quot;DSC-TX30&quot;,&quot;caption&quot;:&quot;&quot;,&quot;created_timestamp&quot;:&quot;1549822210&quot;,&quot;copyright&quot;:&quot;&quot;,&quot;focal_length&quot;:&quot;4.7&quot;,&quot;iso&quot;:&quot;400&quot;,&quot;shutter_speed&quot;:&quot;0.033333333333333&quot;,&quot;title&quot;:&quot;&quot;,&quot;orientation&quot;:&quot;1&quot;}\" data-image-title=\"DSC00029\" data-image-description=\"\" data-image-caption=\"\" data-medium-file=\"https:\/\/i0.wp.com\/genevieveetbernardauxameriques.fr\/wp-content\/uploads\/2019\/02\/DSC00029.jpg?fit=300%2C225&amp;ssl=1\" data-large-file=\"https:\/\/i0.wp.com\/genevieveetbernardauxameriques.fr\/wp-content\/uploads\/2019\/02\/DSC00029.jpg?fit=640%2C480&amp;ssl=1\" class=\"alignnone size-large wp-image-32825\" src=\"https:\/\/i0.wp.com\/genevieveetbernardauxameriques.fr\/wp-content\/uploads\/2019\/02\/DSC00029.jpg?resize=640%2C480&#038;ssl=1\" alt=\"\" width=\"640\" height=\"480\" srcset=\"https:\/\/i0.wp.com\/genevieveetbernardauxameriques.fr\/wp-content\/uploads\/2019\/02\/DSC00029.jpg?resize=1024%2C768&amp;ssl=1 1024w, https:\/\/i0.wp.com\/genevieveetbernardauxameriques.fr\/wp-content\/uploads\/2019\/02\/DSC00029.jpg?resize=300%2C225&amp;ssl=1 300w, https:\/\/i0.wp.com\/genevieveetbernardauxameriques.fr\/wp-content\/uploads\/2019\/02\/DSC00029.jpg?resize=768%2C576&amp;ssl=1 768w, https:\/\/i0.wp.com\/genevieveetbernardauxameriques.fr\/wp-content\/uploads\/2019\/02\/DSC00029.jpg?w=1280&amp;ssl=1 1280w, https:\/\/i0.wp.com\/genevieveetbernardauxameriques.fr\/wp-content\/uploads\/2019\/02\/DSC00029.jpg?w=1920&amp;ssl=1 1920w\" sizes=\"(max-width: 640px) 100vw, 640px\" data-recalc-dims=\"1\" \/><\/a><\/p>\n<p>2 jeunes filles francophones vont nous accompagner.<\/p>\n<p><a href=\"https:\/\/i0.wp.com\/genevieveetbernardauxameriques.fr\/wp-content\/uploads\/2019\/02\/DSCN5276.jpg?ssl=1\"><img loading=\"lazy\" decoding=\"async\" data-attachment-id=\"32839\" data-permalink=\"https:\/\/genevieveetbernardauxameriques.fr\/index.php\/2019\/03\/06\/baja-californie-2-de-la-paz-a-san-ignacio-avec-edwige\/dscn5276\/\" data-orig-file=\"https:\/\/i0.wp.com\/genevieveetbernardauxameriques.fr\/wp-content\/uploads\/2019\/02\/DSCN5276.jpg?fit=4608%2C3456&amp;ssl=1\" data-orig-size=\"4608,3456\" data-comments-opened=\"1\" data-image-meta=\"{&quot;aperture&quot;:&quot;3.2&quot;,&quot;credit&quot;:&quot;&quot;,&quot;camera&quot;:&quot;COOLPIX P900&quot;,&quot;caption&quot;:&quot;&quot;,&quot;created_timestamp&quot;:&quot;1549795204&quot;,&quot;copyright&quot;:&quot;&quot;,&quot;focal_length&quot;:&quot;4.3&quot;,&quot;iso&quot;:&quot;100&quot;,&quot;shutter_speed&quot;:&quot;0.000625&quot;,&quot;title&quot;:&quot;&quot;,&quot;orientation&quot;:&quot;1&quot;}\" data-image-title=\"DSCN5276\" data-image-description=\"\" data-image-caption=\"\" data-medium-file=\"https:\/\/i0.wp.com\/genevieveetbernardauxameriques.fr\/wp-content\/uploads\/2019\/02\/DSCN5276.jpg?fit=300%2C225&amp;ssl=1\" data-large-file=\"https:\/\/i0.wp.com\/genevieveetbernardauxameriques.fr\/wp-content\/uploads\/2019\/02\/DSCN5276.jpg?fit=640%2C480&amp;ssl=1\" class=\"alignnone size-large wp-image-32839\" src=\"https:\/\/i0.wp.com\/genevieveetbernardauxameriques.fr\/wp-content\/uploads\/2019\/02\/DSCN5276.jpg?resize=640%2C480&#038;ssl=1\" alt=\"\" width=\"640\" height=\"480\" srcset=\"https:\/\/i0.wp.com\/genevieveetbernardauxameriques.fr\/wp-content\/uploads\/2019\/02\/DSCN5276.jpg?resize=1024%2C768&amp;ssl=1 1024w, https:\/\/i0.wp.com\/genevieveetbernardauxameriques.fr\/wp-content\/uploads\/2019\/02\/DSCN5276.jpg?resize=300%2C225&amp;ssl=1 300w, https:\/\/i0.wp.com\/genevieveetbernardauxameriques.fr\/wp-content\/uploads\/2019\/02\/DSCN5276.jpg?resize=768%2C576&amp;ssl=1 768w, https:\/\/i0.wp.com\/genevieveetbernardauxameriques.fr\/wp-content\/uploads\/2019\/02\/DSCN5276.jpg?w=1280&amp;ssl=1 1280w, https:\/\/i0.wp.com\/genevieveetbernardauxameriques.fr\/wp-content\/uploads\/2019\/02\/DSCN5276.jpg?w=1920&amp;ssl=1 1920w\" sizes=\"(max-width: 640px) 100vw, 640px\" data-recalc-dims=\"1\" \/><\/a> <a href=\"https:\/\/i0.wp.com\/genevieveetbernardauxameriques.fr\/wp-content\/uploads\/2019\/02\/DSCN5278-e1551119664162.jpg?ssl=1\"><img loading=\"lazy\" decoding=\"async\" data-attachment-id=\"32841\" data-permalink=\"https:\/\/genevieveetbernardauxameriques.fr\/index.php\/2019\/03\/06\/baja-californie-2-de-la-paz-a-san-ignacio-avec-edwige\/dscn5278-2\/\" data-orig-file=\"https:\/\/i0.wp.com\/genevieveetbernardauxameriques.fr\/wp-content\/uploads\/2019\/02\/DSCN5278-e1551119664162.jpg?fit=4561%2C2016&amp;ssl=1\" data-orig-size=\"4561,2016\" data-comments-opened=\"1\" data-image-meta=\"{&quot;aperture&quot;:&quot;3.5&quot;,&quot;credit&quot;:&quot;&quot;,&quot;camera&quot;:&quot;COOLPIX P900&quot;,&quot;caption&quot;:&quot;&quot;,&quot;created_timestamp&quot;:&quot;1549795332&quot;,&quot;copyright&quot;:&quot;&quot;,&quot;focal_length&quot;:&quot;14.3&quot;,&quot;iso&quot;:&quot;100&quot;,&quot;shutter_speed&quot;:&quot;0.00125&quot;,&quot;title&quot;:&quot;&quot;,&quot;orientation&quot;:&quot;1&quot;}\" data-image-title=\"DSCN5278\" data-image-description=\"\" data-image-caption=\"\" data-medium-file=\"https:\/\/i0.wp.com\/genevieveetbernardauxameriques.fr\/wp-content\/uploads\/2019\/02\/DSCN5278-e1551119664162.jpg?fit=300%2C133&amp;ssl=1\" data-large-file=\"https:\/\/i0.wp.com\/genevieveetbernardauxameriques.fr\/wp-content\/uploads\/2019\/02\/DSCN5278-e1551119664162.jpg?fit=640%2C283&amp;ssl=1\" class=\"alignnone size-large wp-image-32841\" src=\"https:\/\/i0.wp.com\/genevieveetbernardauxameriques.fr\/wp-content\/uploads\/2019\/02\/DSCN5278-e1551119664162-1024x453.jpg?resize=640%2C283&#038;ssl=1\" alt=\"\" width=\"640\" height=\"283\" srcset=\"https:\/\/i0.wp.com\/genevieveetbernardauxameriques.fr\/wp-content\/uploads\/2019\/02\/DSCN5278-e1551119664162.jpg?resize=1024%2C453&amp;ssl=1 1024w, https:\/\/i0.wp.com\/genevieveetbernardauxameriques.fr\/wp-content\/uploads\/2019\/02\/DSCN5278-e1551119664162.jpg?resize=300%2C133&amp;ssl=1 300w, https:\/\/i0.wp.com\/genevieveetbernardauxameriques.fr\/wp-content\/uploads\/2019\/02\/DSCN5278-e1551119664162.jpg?resize=768%2C339&amp;ssl=1 768w, https:\/\/i0.wp.com\/genevieveetbernardauxameriques.fr\/wp-content\/uploads\/2019\/02\/DSCN5278-e1551119664162.jpg?w=1280&amp;ssl=1 1280w, https:\/\/i0.wp.com\/genevieveetbernardauxameriques.fr\/wp-content\/uploads\/2019\/02\/DSCN5278-e1551119664162.jpg?w=1920&amp;ssl=1 1920w\" sizes=\"(max-width: 640px) 100vw, 640px\" data-recalc-dims=\"1\" \/><\/a> <a href=\"https:\/\/i0.wp.com\/genevieveetbernardauxameriques.fr\/wp-content\/uploads\/2019\/02\/DSCN5280.jpg?ssl=1\"><img loading=\"lazy\" decoding=\"async\" data-attachment-id=\"32842\" data-permalink=\"https:\/\/genevieveetbernardauxameriques.fr\/index.php\/2019\/03\/06\/baja-californie-2-de-la-paz-a-san-ignacio-avec-edwige\/dscn5280-2\/\" data-orig-file=\"https:\/\/i0.wp.com\/genevieveetbernardauxameriques.fr\/wp-content\/uploads\/2019\/02\/DSCN5280.jpg?fit=4608%2C3456&amp;ssl=1\" data-orig-size=\"4608,3456\" data-comments-opened=\"1\" data-image-meta=\"{&quot;aperture&quot;:&quot;2.8&quot;,&quot;credit&quot;:&quot;&quot;,&quot;camera&quot;:&quot;COOLPIX P900&quot;,&quot;caption&quot;:&quot;&quot;,&quot;created_timestamp&quot;:&quot;1549796603&quot;,&quot;copyright&quot;:&quot;&quot;,&quot;focal_length&quot;:&quot;4.3&quot;,&quot;iso&quot;:&quot;100&quot;,&quot;shutter_speed&quot;:&quot;0.00125&quot;,&quot;title&quot;:&quot;&quot;,&quot;orientation&quot;:&quot;1&quot;}\" data-image-title=\"DSCN5280\" data-image-description=\"\" data-image-caption=\"\" data-medium-file=\"https:\/\/i0.wp.com\/genevieveetbernardauxameriques.fr\/wp-content\/uploads\/2019\/02\/DSCN5280.jpg?fit=300%2C225&amp;ssl=1\" data-large-file=\"https:\/\/i0.wp.com\/genevieveetbernardauxameriques.fr\/wp-content\/uploads\/2019\/02\/DSCN5280.jpg?fit=640%2C480&amp;ssl=1\" class=\"alignnone size-large wp-image-32842\" src=\"https:\/\/i0.wp.com\/genevieveetbernardauxameriques.fr\/wp-content\/uploads\/2019\/02\/DSCN5280.jpg?resize=640%2C480&#038;ssl=1\" alt=\"\" width=\"640\" height=\"480\" srcset=\"https:\/\/i0.wp.com\/genevieveetbernardauxameriques.fr\/wp-content\/uploads\/2019\/02\/DSCN5280.jpg?resize=1024%2C768&amp;ssl=1 1024w, https:\/\/i0.wp.com\/genevieveetbernardauxameriques.fr\/wp-content\/uploads\/2019\/02\/DSCN5280.jpg?resize=300%2C225&amp;ssl=1 300w, https:\/\/i0.wp.com\/genevieveetbernardauxameriques.fr\/wp-content\/uploads\/2019\/02\/DSCN5280.jpg?resize=768%2C576&amp;ssl=1 768w, https:\/\/i0.wp.com\/genevieveetbernardauxameriques.fr\/wp-content\/uploads\/2019\/02\/DSCN5280.jpg?w=1280&amp;ssl=1 1280w, https:\/\/i0.wp.com\/genevieveetbernardauxameriques.fr\/wp-content\/uploads\/2019\/02\/DSCN5280.jpg?w=1920&amp;ssl=1 1920w\" sizes=\"(max-width: 640px) 100vw, 640px\" data-recalc-dims=\"1\" \/><\/a><\/p>\n<p>1er arr\u00eat : nage avec les otaries.<\/p>\n<p>Nous allons au nord de l&rsquo;\u00eele d&rsquo;Espiritu Santos. Cet endroit a \u00e9t\u00e9 d\u00e9sign\u00e9 r\u00e9serve de la biosph\u00e8re par l\u2019UNESCO en 2005. La biodiversit\u00e9 terrestre et sous-marine est extr\u00eamement riche. Les oiseaux sont tr\u00e8s nombreux. Elle est inhabit\u00e9e par l\u2019homme mais abrite une \u00e9norme colonie d\u2019otaries de Californie, qui \u00e9volue autour de ces deux \u00eelots rocheux.<\/p>\n<p><a href=\"https:\/\/i0.wp.com\/genevieveetbernardauxameriques.fr\/wp-content\/uploads\/2019\/02\/DSCN5310.jpg?ssl=1\"><img loading=\"lazy\" decoding=\"async\" data-attachment-id=\"32863\" data-permalink=\"https:\/\/genevieveetbernardauxameriques.fr\/index.php\/2019\/03\/06\/baja-californie-2-de-la-paz-a-san-ignacio-avec-edwige\/dscn5310-2\/\" data-orig-file=\"https:\/\/i0.wp.com\/genevieveetbernardauxameriques.fr\/wp-content\/uploads\/2019\/02\/DSCN5310.jpg?fit=4608%2C3456&amp;ssl=1\" data-orig-size=\"4608,3456\" data-comments-opened=\"1\" data-image-meta=\"{&quot;aperture&quot;:&quot;5&quot;,&quot;credit&quot;:&quot;&quot;,&quot;camera&quot;:&quot;COOLPIX P900&quot;,&quot;caption&quot;:&quot;&quot;,&quot;created_timestamp&quot;:&quot;1549798399&quot;,&quot;copyright&quot;:&quot;&quot;,&quot;focal_length&quot;:&quot;80.3&quot;,&quot;iso&quot;:&quot;100&quot;,&quot;shutter_speed&quot;:&quot;0.0025&quot;,&quot;title&quot;:&quot;&quot;,&quot;orientation&quot;:&quot;1&quot;}\" data-image-title=\"DSCN5310\" data-image-description=\"\" data-image-caption=\"\" data-medium-file=\"https:\/\/i0.wp.com\/genevieveetbernardauxameriques.fr\/wp-content\/uploads\/2019\/02\/DSCN5310.jpg?fit=300%2C225&amp;ssl=1\" data-large-file=\"https:\/\/i0.wp.com\/genevieveetbernardauxameriques.fr\/wp-content\/uploads\/2019\/02\/DSCN5310.jpg?fit=640%2C480&amp;ssl=1\" class=\"alignnone size-large wp-image-32863\" src=\"https:\/\/i0.wp.com\/genevieveetbernardauxameriques.fr\/wp-content\/uploads\/2019\/02\/DSCN5310.jpg?resize=640%2C480&#038;ssl=1\" alt=\"\" width=\"640\" height=\"480\" srcset=\"https:\/\/i0.wp.com\/genevieveetbernardauxameriques.fr\/wp-content\/uploads\/2019\/02\/DSCN5310.jpg?resize=1024%2C768&amp;ssl=1 1024w, https:\/\/i0.wp.com\/genevieveetbernardauxameriques.fr\/wp-content\/uploads\/2019\/02\/DSCN5310.jpg?resize=300%2C225&amp;ssl=1 300w, https:\/\/i0.wp.com\/genevieveetbernardauxameriques.fr\/wp-content\/uploads\/2019\/02\/DSCN5310.jpg?resize=768%2C576&amp;ssl=1 768w, https:\/\/i0.wp.com\/genevieveetbernardauxameriques.fr\/wp-content\/uploads\/2019\/02\/DSCN5310.jpg?w=1280&amp;ssl=1 1280w, https:\/\/i0.wp.com\/genevieveetbernardauxameriques.fr\/wp-content\/uploads\/2019\/02\/DSCN5310.jpg?w=1920&amp;ssl=1 1920w\" sizes=\"(max-width: 640px) 100vw, 640px\" data-recalc-dims=\"1\" \/><\/a><\/p>\n<p><a href=\"https:\/\/i0.wp.com\/genevieveetbernardauxameriques.fr\/wp-content\/uploads\/2019\/02\/DSCN5325-e1551119782651.jpg?ssl=1\"><img loading=\"lazy\" decoding=\"async\" data-attachment-id=\"32872\" data-permalink=\"https:\/\/genevieveetbernardauxameriques.fr\/index.php\/2019\/03\/06\/baja-californie-2-de-la-paz-a-san-ignacio-avec-edwige\/dscn5325-2\/\" data-orig-file=\"https:\/\/i0.wp.com\/genevieveetbernardauxameriques.fr\/wp-content\/uploads\/2019\/02\/DSCN5325-e1551119782651.jpg?fit=4469%2C2373&amp;ssl=1\" data-orig-size=\"4469,2373\" data-comments-opened=\"1\" data-image-meta=\"{&quot;aperture&quot;:&quot;5.6&quot;,&quot;credit&quot;:&quot;&quot;,&quot;camera&quot;:&quot;COOLPIX P900&quot;,&quot;caption&quot;:&quot;&quot;,&quot;created_timestamp&quot;:&quot;1549799312&quot;,&quot;copyright&quot;:&quot;&quot;,&quot;focal_length&quot;:&quot;143&quot;,&quot;iso&quot;:&quot;180&quot;,&quot;shutter_speed&quot;:&quot;0.002&quot;,&quot;title&quot;:&quot;&quot;,&quot;orientation&quot;:&quot;1&quot;}\" data-image-title=\"DSCN5325\" data-image-description=\"\" data-image-caption=\"\" data-medium-file=\"https:\/\/i0.wp.com\/genevieveetbernardauxameriques.fr\/wp-content\/uploads\/2019\/02\/DSCN5325-e1551119782651.jpg?fit=300%2C159&amp;ssl=1\" data-large-file=\"https:\/\/i0.wp.com\/genevieveetbernardauxameriques.fr\/wp-content\/uploads\/2019\/02\/DSCN5325-e1551119782651.jpg?fit=640%2C340&amp;ssl=1\" class=\"alignnone size-large wp-image-32872\" src=\"https:\/\/i0.wp.com\/genevieveetbernardauxameriques.fr\/wp-content\/uploads\/2019\/02\/DSCN5325-e1551119782651-1024x544.jpg?resize=640%2C340&#038;ssl=1\" alt=\"\" width=\"640\" height=\"340\" srcset=\"https:\/\/i0.wp.com\/genevieveetbernardauxameriques.fr\/wp-content\/uploads\/2019\/02\/DSCN5325-e1551119782651.jpg?resize=1024%2C544&amp;ssl=1 1024w, https:\/\/i0.wp.com\/genevieveetbernardauxameriques.fr\/wp-content\/uploads\/2019\/02\/DSCN5325-e1551119782651.jpg?resize=300%2C159&amp;ssl=1 300w, https:\/\/i0.wp.com\/genevieveetbernardauxameriques.fr\/wp-content\/uploads\/2019\/02\/DSCN5325-e1551119782651.jpg?resize=768%2C408&amp;ssl=1 768w, https:\/\/i0.wp.com\/genevieveetbernardauxameriques.fr\/wp-content\/uploads\/2019\/02\/DSCN5325-e1551119782651.jpg?w=1280&amp;ssl=1 1280w, https:\/\/i0.wp.com\/genevieveetbernardauxameriques.fr\/wp-content\/uploads\/2019\/02\/DSCN5325-e1551119782651.jpg?w=1920&amp;ssl=1 1920w\" sizes=\"(max-width: 640px) 100vw, 640px\" data-recalc-dims=\"1\" \/><\/a> <a href=\"https:\/\/i0.wp.com\/genevieveetbernardauxameriques.fr\/wp-content\/uploads\/2019\/02\/DSCN5328.jpg?ssl=1\"><img loading=\"lazy\" decoding=\"async\" data-attachment-id=\"32874\" data-permalink=\"https:\/\/genevieveetbernardauxameriques.fr\/index.php\/2019\/03\/06\/baja-californie-2-de-la-paz-a-san-ignacio-avec-edwige\/dscn5328-3\/\" data-orig-file=\"https:\/\/i0.wp.com\/genevieveetbernardauxameriques.fr\/wp-content\/uploads\/2019\/02\/DSCN5328.jpg?fit=4608%2C3456&amp;ssl=1\" data-orig-size=\"4608,3456\" data-comments-opened=\"1\" data-image-meta=\"{&quot;aperture&quot;:&quot;5.6&quot;,&quot;credit&quot;:&quot;&quot;,&quot;camera&quot;:&quot;COOLPIX P900&quot;,&quot;caption&quot;:&quot;&quot;,&quot;created_timestamp&quot;:&quot;1549799390&quot;,&quot;copyright&quot;:&quot;&quot;,&quot;focal_length&quot;:&quot;116&quot;,&quot;iso&quot;:&quot;200&quot;,&quot;shutter_speed&quot;:&quot;0.002&quot;,&quot;title&quot;:&quot;&quot;,&quot;orientation&quot;:&quot;1&quot;}\" data-image-title=\"DSCN5328\" data-image-description=\"\" data-image-caption=\"\" data-medium-file=\"https:\/\/i0.wp.com\/genevieveetbernardauxameriques.fr\/wp-content\/uploads\/2019\/02\/DSCN5328.jpg?fit=300%2C225&amp;ssl=1\" data-large-file=\"https:\/\/i0.wp.com\/genevieveetbernardauxameriques.fr\/wp-content\/uploads\/2019\/02\/DSCN5328.jpg?fit=640%2C480&amp;ssl=1\" class=\"alignnone size-large wp-image-32874\" src=\"https:\/\/i0.wp.com\/genevieveetbernardauxameriques.fr\/wp-content\/uploads\/2019\/02\/DSCN5328.jpg?resize=640%2C480&#038;ssl=1\" alt=\"\" width=\"640\" height=\"480\" srcset=\"https:\/\/i0.wp.com\/genevieveetbernardauxameriques.fr\/wp-content\/uploads\/2019\/02\/DSCN5328.jpg?resize=1024%2C768&amp;ssl=1 1024w, https:\/\/i0.wp.com\/genevieveetbernardauxameriques.fr\/wp-content\/uploads\/2019\/02\/DSCN5328.jpg?resize=300%2C225&amp;ssl=1 300w, https:\/\/i0.wp.com\/genevieveetbernardauxameriques.fr\/wp-content\/uploads\/2019\/02\/DSCN5328.jpg?resize=768%2C576&amp;ssl=1 768w, https:\/\/i0.wp.com\/genevieveetbernardauxameriques.fr\/wp-content\/uploads\/2019\/02\/DSCN5328.jpg?w=1280&amp;ssl=1 1280w, https:\/\/i0.wp.com\/genevieveetbernardauxameriques.fr\/wp-content\/uploads\/2019\/02\/DSCN5328.jpg?w=1920&amp;ssl=1 1920w\" sizes=\"(max-width: 640px) 100vw, 640px\" data-recalc-dims=\"1\" \/><\/a> <a href=\"https:\/\/i0.wp.com\/genevieveetbernardauxameriques.fr\/wp-content\/uploads\/2019\/02\/DSCN5329.jpg?ssl=1\"><img loading=\"lazy\" decoding=\"async\" data-attachment-id=\"32875\" data-permalink=\"https:\/\/genevieveetbernardauxameriques.fr\/index.php\/2019\/03\/06\/baja-californie-2-de-la-paz-a-san-ignacio-avec-edwige\/dscn5329-3\/\" data-orig-file=\"https:\/\/i0.wp.com\/genevieveetbernardauxameriques.fr\/wp-content\/uploads\/2019\/02\/DSCN5329.jpg?fit=4608%2C3456&amp;ssl=1\" data-orig-size=\"4608,3456\" data-comments-opened=\"1\" data-image-meta=\"{&quot;aperture&quot;:&quot;4&quot;,&quot;credit&quot;:&quot;&quot;,&quot;camera&quot;:&quot;COOLPIX P900&quot;,&quot;caption&quot;:&quot;&quot;,&quot;created_timestamp&quot;:&quot;1549799397&quot;,&quot;copyright&quot;:&quot;&quot;,&quot;focal_length&quot;:&quot;15.2&quot;,&quot;iso&quot;:&quot;100&quot;,&quot;shutter_speed&quot;:&quot;0.004&quot;,&quot;title&quot;:&quot;&quot;,&quot;orientation&quot;:&quot;1&quot;}\" data-image-title=\"DSCN5329\" data-image-description=\"\" data-image-caption=\"\" data-medium-file=\"https:\/\/i0.wp.com\/genevieveetbernardauxameriques.fr\/wp-content\/uploads\/2019\/02\/DSCN5329.jpg?fit=300%2C225&amp;ssl=1\" data-large-file=\"https:\/\/i0.wp.com\/genevieveetbernardauxameriques.fr\/wp-content\/uploads\/2019\/02\/DSCN5329.jpg?fit=640%2C480&amp;ssl=1\" class=\"alignnone size-large wp-image-32875\" src=\"https:\/\/i0.wp.com\/genevieveetbernardauxameriques.fr\/wp-content\/uploads\/2019\/02\/DSCN5329.jpg?resize=640%2C480&#038;ssl=1\" alt=\"\" width=\"640\" height=\"480\" srcset=\"https:\/\/i0.wp.com\/genevieveetbernardauxameriques.fr\/wp-content\/uploads\/2019\/02\/DSCN5329.jpg?resize=1024%2C768&amp;ssl=1 1024w, https:\/\/i0.wp.com\/genevieveetbernardauxameriques.fr\/wp-content\/uploads\/2019\/02\/DSCN5329.jpg?resize=300%2C225&amp;ssl=1 300w, https:\/\/i0.wp.com\/genevieveetbernardauxameriques.fr\/wp-content\/uploads\/2019\/02\/DSCN5329.jpg?resize=768%2C576&amp;ssl=1 768w, https:\/\/i0.wp.com\/genevieveetbernardauxameriques.fr\/wp-content\/uploads\/2019\/02\/DSCN5329.jpg?w=1280&amp;ssl=1 1280w, https:\/\/i0.wp.com\/genevieveetbernardauxameriques.fr\/wp-content\/uploads\/2019\/02\/DSCN5329.jpg?w=1920&amp;ssl=1 1920w\" sizes=\"(max-width: 640px) 100vw, 640px\" data-recalc-dims=\"1\" \/><\/a><\/p>\n<p>Pr\u00eates \u00e0 sauter :<\/p>\n<p><a href=\"https:\/\/i0.wp.com\/genevieveetbernardauxameriques.fr\/wp-content\/uploads\/2019\/02\/DSCN5285.jpg?ssl=1\"><img loading=\"lazy\" decoding=\"async\" data-attachment-id=\"32845\" data-permalink=\"https:\/\/genevieveetbernardauxameriques.fr\/index.php\/2019\/03\/06\/baja-californie-2-de-la-paz-a-san-ignacio-avec-edwige\/dscn5285\/\" data-orig-file=\"https:\/\/i0.wp.com\/genevieveetbernardauxameriques.fr\/wp-content\/uploads\/2019\/02\/DSCN5285.jpg?fit=4608%2C3456&amp;ssl=1\" data-orig-size=\"4608,3456\" data-comments-opened=\"1\" data-image-meta=\"{&quot;aperture&quot;:&quot;2.8&quot;,&quot;credit&quot;:&quot;&quot;,&quot;camera&quot;:&quot;COOLPIX P900&quot;,&quot;caption&quot;:&quot;&quot;,&quot;created_timestamp&quot;:&quot;1549797094&quot;,&quot;copyright&quot;:&quot;&quot;,&quot;focal_length&quot;:&quot;4.3&quot;,&quot;iso&quot;:&quot;100&quot;,&quot;shutter_speed&quot;:&quot;0.002&quot;,&quot;title&quot;:&quot;&quot;,&quot;orientation&quot;:&quot;1&quot;}\" data-image-title=\"DSCN5285\" data-image-description=\"\" data-image-caption=\"\" data-medium-file=\"https:\/\/i0.wp.com\/genevieveetbernardauxameriques.fr\/wp-content\/uploads\/2019\/02\/DSCN5285.jpg?fit=300%2C225&amp;ssl=1\" data-large-file=\"https:\/\/i0.wp.com\/genevieveetbernardauxameriques.fr\/wp-content\/uploads\/2019\/02\/DSCN5285.jpg?fit=640%2C480&amp;ssl=1\" class=\"alignnone size-large wp-image-32845\" src=\"https:\/\/i0.wp.com\/genevieveetbernardauxameriques.fr\/wp-content\/uploads\/2019\/02\/DSCN5285.jpg?resize=640%2C480&#038;ssl=1\" alt=\"\" width=\"640\" height=\"480\" srcset=\"https:\/\/i0.wp.com\/genevieveetbernardauxameriques.fr\/wp-content\/uploads\/2019\/02\/DSCN5285.jpg?resize=1024%2C768&amp;ssl=1 1024w, https:\/\/i0.wp.com\/genevieveetbernardauxameriques.fr\/wp-content\/uploads\/2019\/02\/DSCN5285.jpg?resize=300%2C225&amp;ssl=1 300w, https:\/\/i0.wp.com\/genevieveetbernardauxameriques.fr\/wp-content\/uploads\/2019\/02\/DSCN5285.jpg?resize=768%2C576&amp;ssl=1 768w, https:\/\/i0.wp.com\/genevieveetbernardauxameriques.fr\/wp-content\/uploads\/2019\/02\/DSCN5285.jpg?w=1280&amp;ssl=1 1280w, https:\/\/i0.wp.com\/genevieveetbernardauxameriques.fr\/wp-content\/uploads\/2019\/02\/DSCN5285.jpg?w=1920&amp;ssl=1 1920w\" sizes=\"(max-width: 640px) 100vw, 640px\" data-recalc-dims=\"1\" \/><\/a><a href=\"https:\/\/i0.wp.com\/genevieveetbernardauxameriques.fr\/wp-content\/uploads\/2019\/02\/DSCN5288.jpg?ssl=1\"><img loading=\"lazy\" decoding=\"async\" data-attachment-id=\"32848\" data-permalink=\"https:\/\/genevieveetbernardauxameriques.fr\/index.php\/2019\/03\/06\/baja-californie-2-de-la-paz-a-san-ignacio-avec-edwige\/dscn5288-2\/\" data-orig-file=\"https:\/\/i0.wp.com\/genevieveetbernardauxameriques.fr\/wp-content\/uploads\/2019\/02\/DSCN5288.jpg?fit=4608%2C3456&amp;ssl=1\" data-orig-size=\"4608,3456\" data-comments-opened=\"1\" data-image-meta=\"{&quot;aperture&quot;:&quot;2.8&quot;,&quot;credit&quot;:&quot;&quot;,&quot;camera&quot;:&quot;COOLPIX P900&quot;,&quot;caption&quot;:&quot;&quot;,&quot;created_timestamp&quot;:&quot;1549797607&quot;,&quot;copyright&quot;:&quot;&quot;,&quot;focal_length&quot;:&quot;4.3&quot;,&quot;iso&quot;:&quot;100&quot;,&quot;shutter_speed&quot;:&quot;0.002&quot;,&quot;title&quot;:&quot;&quot;,&quot;orientation&quot;:&quot;1&quot;}\" data-image-title=\"DSCN5288\" data-image-description=\"\" data-image-caption=\"\" data-medium-file=\"https:\/\/i0.wp.com\/genevieveetbernardauxameriques.fr\/wp-content\/uploads\/2019\/02\/DSCN5288.jpg?fit=300%2C225&amp;ssl=1\" data-large-file=\"https:\/\/i0.wp.com\/genevieveetbernardauxameriques.fr\/wp-content\/uploads\/2019\/02\/DSCN5288.jpg?fit=640%2C480&amp;ssl=1\" class=\"alignnone size-large wp-image-32848\" src=\"https:\/\/i0.wp.com\/genevieveetbernardauxameriques.fr\/wp-content\/uploads\/2019\/02\/DSCN5288.jpg?resize=640%2C480&#038;ssl=1\" alt=\"\" width=\"640\" height=\"480\" srcset=\"https:\/\/i0.wp.com\/genevieveetbernardauxameriques.fr\/wp-content\/uploads\/2019\/02\/DSCN5288.jpg?resize=1024%2C768&amp;ssl=1 1024w, https:\/\/i0.wp.com\/genevieveetbernardauxameriques.fr\/wp-content\/uploads\/2019\/02\/DSCN5288.jpg?resize=300%2C225&amp;ssl=1 300w, https:\/\/i0.wp.com\/genevieveetbernardauxameriques.fr\/wp-content\/uploads\/2019\/02\/DSCN5288.jpg?resize=768%2C576&amp;ssl=1 768w, https:\/\/i0.wp.com\/genevieveetbernardauxameriques.fr\/wp-content\/uploads\/2019\/02\/DSCN5288.jpg?w=1280&amp;ssl=1 1280w, https:\/\/i0.wp.com\/genevieveetbernardauxameriques.fr\/wp-content\/uploads\/2019\/02\/DSCN5288.jpg?w=1920&amp;ssl=1 1920w\" sizes=\"(max-width: 640px) 100vw, 640px\" data-recalc-dims=\"1\" \/><\/a> <a href=\"https:\/\/i0.wp.com\/genevieveetbernardauxameriques.fr\/wp-content\/uploads\/2019\/02\/DSCN5289.jpg?ssl=1\"><img loading=\"lazy\" decoding=\"async\" data-attachment-id=\"32849\" data-permalink=\"https:\/\/genevieveetbernardauxameriques.fr\/index.php\/2019\/03\/06\/baja-californie-2-de-la-paz-a-san-ignacio-avec-edwige\/dscn5289-3\/\" data-orig-file=\"https:\/\/i0.wp.com\/genevieveetbernardauxameriques.fr\/wp-content\/uploads\/2019\/02\/DSCN5289.jpg?fit=4608%2C3456&amp;ssl=1\" data-orig-size=\"4608,3456\" data-comments-opened=\"1\" data-image-meta=\"{&quot;aperture&quot;:&quot;2.8&quot;,&quot;credit&quot;:&quot;&quot;,&quot;camera&quot;:&quot;COOLPIX P900&quot;,&quot;caption&quot;:&quot;&quot;,&quot;created_timestamp&quot;:&quot;1549797610&quot;,&quot;copyright&quot;:&quot;&quot;,&quot;focal_length&quot;:&quot;4.3&quot;,&quot;iso&quot;:&quot;100&quot;,&quot;shutter_speed&quot;:&quot;0.0025&quot;,&quot;title&quot;:&quot;&quot;,&quot;orientation&quot;:&quot;1&quot;}\" data-image-title=\"DSCN5289\" data-image-description=\"\" data-image-caption=\"\" data-medium-file=\"https:\/\/i0.wp.com\/genevieveetbernardauxameriques.fr\/wp-content\/uploads\/2019\/02\/DSCN5289.jpg?fit=300%2C225&amp;ssl=1\" data-large-file=\"https:\/\/i0.wp.com\/genevieveetbernardauxameriques.fr\/wp-content\/uploads\/2019\/02\/DSCN5289.jpg?fit=640%2C480&amp;ssl=1\" class=\"alignnone size-large wp-image-32849\" src=\"https:\/\/i0.wp.com\/genevieveetbernardauxameriques.fr\/wp-content\/uploads\/2019\/02\/DSCN5289.jpg?resize=640%2C480&#038;ssl=1\" alt=\"\" width=\"640\" height=\"480\" srcset=\"https:\/\/i0.wp.com\/genevieveetbernardauxameriques.fr\/wp-content\/uploads\/2019\/02\/DSCN5289.jpg?resize=1024%2C768&amp;ssl=1 1024w, https:\/\/i0.wp.com\/genevieveetbernardauxameriques.fr\/wp-content\/uploads\/2019\/02\/DSCN5289.jpg?resize=300%2C225&amp;ssl=1 300w, https:\/\/i0.wp.com\/genevieveetbernardauxameriques.fr\/wp-content\/uploads\/2019\/02\/DSCN5289.jpg?resize=768%2C576&amp;ssl=1 768w, https:\/\/i0.wp.com\/genevieveetbernardauxameriques.fr\/wp-content\/uploads\/2019\/02\/DSCN5289.jpg?w=1280&amp;ssl=1 1280w, https:\/\/i0.wp.com\/genevieveetbernardauxameriques.fr\/wp-content\/uploads\/2019\/02\/DSCN5289.jpg?w=1920&amp;ssl=1 1920w\" sizes=\"(max-width: 640px) 100vw, 640px\" data-recalc-dims=\"1\" \/><\/a> <a href=\"https:\/\/i0.wp.com\/genevieveetbernardauxameriques.fr\/wp-content\/uploads\/2019\/02\/DSCN5292.jpg?ssl=1\"><img loading=\"lazy\" decoding=\"async\" data-attachment-id=\"32852\" data-permalink=\"https:\/\/genevieveetbernardauxameriques.fr\/index.php\/2019\/03\/06\/baja-californie-2-de-la-paz-a-san-ignacio-avec-edwige\/dscn5292-3\/\" data-orig-file=\"https:\/\/i0.wp.com\/genevieveetbernardauxameriques.fr\/wp-content\/uploads\/2019\/02\/DSCN5292.jpg?fit=4608%2C3456&amp;ssl=1\" data-orig-size=\"4608,3456\" data-comments-opened=\"1\" data-image-meta=\"{&quot;aperture&quot;:&quot;2.8&quot;,&quot;credit&quot;:&quot;&quot;,&quot;camera&quot;:&quot;COOLPIX P900&quot;,&quot;caption&quot;:&quot;&quot;,&quot;created_timestamp&quot;:&quot;1549797620&quot;,&quot;copyright&quot;:&quot;&quot;,&quot;focal_length&quot;:&quot;4.3&quot;,&quot;iso&quot;:&quot;100&quot;,&quot;shutter_speed&quot;:&quot;0.003125&quot;,&quot;title&quot;:&quot;&quot;,&quot;orientation&quot;:&quot;1&quot;}\" data-image-title=\"DSCN5292\" data-image-description=\"\" data-image-caption=\"\" data-medium-file=\"https:\/\/i0.wp.com\/genevieveetbernardauxameriques.fr\/wp-content\/uploads\/2019\/02\/DSCN5292.jpg?fit=300%2C225&amp;ssl=1\" data-large-file=\"https:\/\/i0.wp.com\/genevieveetbernardauxameriques.fr\/wp-content\/uploads\/2019\/02\/DSCN5292.jpg?fit=640%2C480&amp;ssl=1\" class=\"alignnone size-large wp-image-32852\" src=\"https:\/\/i0.wp.com\/genevieveetbernardauxameriques.fr\/wp-content\/uploads\/2019\/02\/DSCN5292.jpg?resize=640%2C480&#038;ssl=1\" alt=\"\" width=\"640\" height=\"480\" srcset=\"https:\/\/i0.wp.com\/genevieveetbernardauxameriques.fr\/wp-content\/uploads\/2019\/02\/DSCN5292.jpg?resize=1024%2C768&amp;ssl=1 1024w, https:\/\/i0.wp.com\/genevieveetbernardauxameriques.fr\/wp-content\/uploads\/2019\/02\/DSCN5292.jpg?resize=300%2C225&amp;ssl=1 300w, https:\/\/i0.wp.com\/genevieveetbernardauxameriques.fr\/wp-content\/uploads\/2019\/02\/DSCN5292.jpg?resize=768%2C576&amp;ssl=1 768w, https:\/\/i0.wp.com\/genevieveetbernardauxameriques.fr\/wp-content\/uploads\/2019\/02\/DSCN5292.jpg?w=1280&amp;ssl=1 1280w, https:\/\/i0.wp.com\/genevieveetbernardauxameriques.fr\/wp-content\/uploads\/2019\/02\/DSCN5292.jpg?w=1920&amp;ssl=1 1920w\" sizes=\"(max-width: 640px) 100vw, 640px\" data-recalc-dims=\"1\" \/><\/a> <a href=\"https:\/\/i0.wp.com\/genevieveetbernardauxameriques.fr\/wp-content\/uploads\/2019\/02\/DSCN5295.jpg?ssl=1\"><img loading=\"lazy\" decoding=\"async\" data-attachment-id=\"32855\" data-permalink=\"https:\/\/genevieveetbernardauxameriques.fr\/index.php\/2019\/03\/06\/baja-californie-2-de-la-paz-a-san-ignacio-avec-edwige\/dscn5295-2\/\" data-orig-file=\"https:\/\/i0.wp.com\/genevieveetbernardauxameriques.fr\/wp-content\/uploads\/2019\/02\/DSCN5295.jpg?fit=4608%2C3456&amp;ssl=1\" data-orig-size=\"4608,3456\" data-comments-opened=\"1\" data-image-meta=\"{&quot;aperture&quot;:&quot;3.5&quot;,&quot;credit&quot;:&quot;&quot;,&quot;camera&quot;:&quot;COOLPIX P900&quot;,&quot;caption&quot;:&quot;&quot;,&quot;created_timestamp&quot;:&quot;1549797701&quot;,&quot;copyright&quot;:&quot;&quot;,&quot;focal_length&quot;:&quot;9.8&quot;,&quot;iso&quot;:&quot;100&quot;,&quot;shutter_speed&quot;:&quot;0.0015625&quot;,&quot;title&quot;:&quot;&quot;,&quot;orientation&quot;:&quot;1&quot;}\" data-image-title=\"DSCN5295\" data-image-description=\"\" data-image-caption=\"\" data-medium-file=\"https:\/\/i0.wp.com\/genevieveetbernardauxameriques.fr\/wp-content\/uploads\/2019\/02\/DSCN5295.jpg?fit=300%2C225&amp;ssl=1\" data-large-file=\"https:\/\/i0.wp.com\/genevieveetbernardauxameriques.fr\/wp-content\/uploads\/2019\/02\/DSCN5295.jpg?fit=640%2C480&amp;ssl=1\" class=\"alignnone size-large wp-image-32855\" src=\"https:\/\/i0.wp.com\/genevieveetbernardauxameriques.fr\/wp-content\/uploads\/2019\/02\/DSCN5295.jpg?resize=640%2C480&#038;ssl=1\" alt=\"\" width=\"640\" height=\"480\" srcset=\"https:\/\/i0.wp.com\/genevieveetbernardauxameriques.fr\/wp-content\/uploads\/2019\/02\/DSCN5295.jpg?resize=1024%2C768&amp;ssl=1 1024w, https:\/\/i0.wp.com\/genevieveetbernardauxameriques.fr\/wp-content\/uploads\/2019\/02\/DSCN5295.jpg?resize=300%2C225&amp;ssl=1 300w, https:\/\/i0.wp.com\/genevieveetbernardauxameriques.fr\/wp-content\/uploads\/2019\/02\/DSCN5295.jpg?resize=768%2C576&amp;ssl=1 768w, https:\/\/i0.wp.com\/genevieveetbernardauxameriques.fr\/wp-content\/uploads\/2019\/02\/DSCN5295.jpg?w=1280&amp;ssl=1 1280w, https:\/\/i0.wp.com\/genevieveetbernardauxameriques.fr\/wp-content\/uploads\/2019\/02\/DSCN5295.jpg?w=1920&amp;ssl=1 1920w\" sizes=\"(max-width: 640px) 100vw, 640px\" data-recalc-dims=\"1\" \/><\/a><a href=\"https:\/\/i0.wp.com\/genevieveetbernardauxameriques.fr\/wp-content\/uploads\/2019\/02\/DSCN5302-e1551127630277.jpg?ssl=1\"><img loading=\"lazy\" decoding=\"async\" data-attachment-id=\"32860\" data-permalink=\"https:\/\/genevieveetbernardauxameriques.fr\/index.php\/2019\/03\/06\/baja-californie-2-de-la-paz-a-san-ignacio-avec-edwige\/dscn5302-3\/\" data-orig-file=\"https:\/\/i0.wp.com\/genevieveetbernardauxameriques.fr\/wp-content\/uploads\/2019\/02\/DSCN5302-e1551127630277.jpg?fit=4550%2C2522&amp;ssl=1\" data-orig-size=\"4550,2522\" data-comments-opened=\"1\" data-image-meta=\"{&quot;aperture&quot;:&quot;5&quot;,&quot;credit&quot;:&quot;&quot;,&quot;camera&quot;:&quot;COOLPIX P900&quot;,&quot;caption&quot;:&quot;&quot;,&quot;created_timestamp&quot;:&quot;1549798103&quot;,&quot;copyright&quot;:&quot;&quot;,&quot;focal_length&quot;:&quot;71.4&quot;,&quot;iso&quot;:&quot;100&quot;,&quot;shutter_speed&quot;:&quot;0.003125&quot;,&quot;title&quot;:&quot;&quot;,&quot;orientation&quot;:&quot;1&quot;}\" data-image-title=\"DSCN5302\" data-image-description=\"\" data-image-caption=\"\" data-medium-file=\"https:\/\/i0.wp.com\/genevieveetbernardauxameriques.fr\/wp-content\/uploads\/2019\/02\/DSCN5302-e1551127630277.jpg?fit=300%2C166&amp;ssl=1\" data-large-file=\"https:\/\/i0.wp.com\/genevieveetbernardauxameriques.fr\/wp-content\/uploads\/2019\/02\/DSCN5302-e1551127630277.jpg?fit=640%2C355&amp;ssl=1\" class=\"alignnone size-large wp-image-32860\" src=\"https:\/\/i0.wp.com\/genevieveetbernardauxameriques.fr\/wp-content\/uploads\/2019\/02\/DSCN5302-e1551127630277-1024x568.jpg?resize=640%2C355&#038;ssl=1\" alt=\"\" width=\"640\" height=\"355\" srcset=\"https:\/\/i0.wp.com\/genevieveetbernardauxameriques.fr\/wp-content\/uploads\/2019\/02\/DSCN5302-e1551127630277.jpg?resize=1024%2C568&amp;ssl=1 1024w, https:\/\/i0.wp.com\/genevieveetbernardauxameriques.fr\/wp-content\/uploads\/2019\/02\/DSCN5302-e1551127630277.jpg?resize=300%2C166&amp;ssl=1 300w, https:\/\/i0.wp.com\/genevieveetbernardauxameriques.fr\/wp-content\/uploads\/2019\/02\/DSCN5302-e1551127630277.jpg?resize=768%2C426&amp;ssl=1 768w, https:\/\/i0.wp.com\/genevieveetbernardauxameriques.fr\/wp-content\/uploads\/2019\/02\/DSCN5302-e1551127630277.jpg?w=1280&amp;ssl=1 1280w, https:\/\/i0.wp.com\/genevieveetbernardauxameriques.fr\/wp-content\/uploads\/2019\/02\/DSCN5302-e1551127630277.jpg?w=1920&amp;ssl=1 1920w\" sizes=\"(max-width: 640px) 100vw, 640px\" data-recalc-dims=\"1\" \/><\/a> <a href=\"https:\/\/i0.wp.com\/genevieveetbernardauxameriques.fr\/wp-content\/uploads\/2019\/02\/DSCN5303-e1551127228815.jpg?ssl=1\"><img loading=\"lazy\" decoding=\"async\" data-attachment-id=\"32861\" data-permalink=\"https:\/\/genevieveetbernardauxameriques.fr\/index.php\/2019\/03\/06\/baja-californie-2-de-la-paz-a-san-ignacio-avec-edwige\/dscn5303-3\/\" data-orig-file=\"https:\/\/i0.wp.com\/genevieveetbernardauxameriques.fr\/wp-content\/uploads\/2019\/02\/DSCN5303-e1551127228815.jpg?fit=4596%2C1532&amp;ssl=1\" data-orig-size=\"4596,1532\" data-comments-opened=\"1\" data-image-meta=\"{&quot;aperture&quot;:&quot;5&quot;,&quot;credit&quot;:&quot;&quot;,&quot;camera&quot;:&quot;COOLPIX P900&quot;,&quot;caption&quot;:&quot;&quot;,&quot;created_timestamp&quot;:&quot;1549798105&quot;,&quot;copyright&quot;:&quot;&quot;,&quot;focal_length&quot;:&quot;71.4&quot;,&quot;iso&quot;:&quot;100&quot;,&quot;shutter_speed&quot;:&quot;0.003125&quot;,&quot;title&quot;:&quot;&quot;,&quot;orientation&quot;:&quot;1&quot;}\" data-image-title=\"DSCN5303\" data-image-description=\"\" data-image-caption=\"\" data-medium-file=\"https:\/\/i0.wp.com\/genevieveetbernardauxameriques.fr\/wp-content\/uploads\/2019\/02\/DSCN5303-e1551127228815.jpg?fit=300%2C100&amp;ssl=1\" data-large-file=\"https:\/\/i0.wp.com\/genevieveetbernardauxameriques.fr\/wp-content\/uploads\/2019\/02\/DSCN5303-e1551127228815.jpg?fit=640%2C213&amp;ssl=1\" class=\"alignnone size-large wp-image-32861\" src=\"https:\/\/i0.wp.com\/genevieveetbernardauxameriques.fr\/wp-content\/uploads\/2019\/02\/DSCN5303-e1551127228815-1024x341.jpg?resize=640%2C213&#038;ssl=1\" alt=\"\" width=\"640\" height=\"213\" srcset=\"https:\/\/i0.wp.com\/genevieveetbernardauxameriques.fr\/wp-content\/uploads\/2019\/02\/DSCN5303-e1551127228815.jpg?resize=1024%2C341&amp;ssl=1 1024w, https:\/\/i0.wp.com\/genevieveetbernardauxameriques.fr\/wp-content\/uploads\/2019\/02\/DSCN5303-e1551127228815.jpg?resize=300%2C100&amp;ssl=1 300w, https:\/\/i0.wp.com\/genevieveetbernardauxameriques.fr\/wp-content\/uploads\/2019\/02\/DSCN5303-e1551127228815.jpg?resize=768%2C256&amp;ssl=1 768w, https:\/\/i0.wp.com\/genevieveetbernardauxameriques.fr\/wp-content\/uploads\/2019\/02\/DSCN5303-e1551127228815.jpg?w=1280&amp;ssl=1 1280w, https:\/\/i0.wp.com\/genevieveetbernardauxameriques.fr\/wp-content\/uploads\/2019\/02\/DSCN5303-e1551127228815.jpg?w=1920&amp;ssl=1 1920w\" sizes=\"(max-width: 640px) 100vw, 640px\" data-recalc-dims=\"1\" \/><\/a><\/p>\n<p>et les voil\u00e0 tous partis, ils vont jouer une heure dans l&rsquo;eau et m\u00eame rentrer dans une petite caverne.<\/p>\n<p><a href=\"https:\/\/i0.wp.com\/genevieveetbernardauxameriques.fr\/wp-content\/uploads\/2019\/02\/IMG_20190210_105126-e1551121440476.jpg?ssl=1\"><img loading=\"lazy\" decoding=\"async\" data-attachment-id=\"32963\" data-permalink=\"https:\/\/genevieveetbernardauxameriques.fr\/index.php\/2019\/03\/06\/baja-californie-2-de-la-paz-a-san-ignacio-avec-edwige\/img_20190210_105126\/\" data-orig-file=\"https:\/\/i0.wp.com\/genevieveetbernardauxameriques.fr\/wp-content\/uploads\/2019\/02\/IMG_20190210_105126-e1551121440476.jpg?fit=619%2C422&amp;ssl=1\" data-orig-size=\"619,422\" data-comments-opened=\"1\" data-image-meta=\"{&quot;aperture&quot;:&quot;2&quot;,&quot;credit&quot;:&quot;&quot;,&quot;camera&quot;:&quot;STARXTREM 6&quot;,&quot;caption&quot;:&quot;&quot;,&quot;created_timestamp&quot;:&quot;1549795886&quot;,&quot;copyright&quot;:&quot;&quot;,&quot;focal_length&quot;:&quot;3.69&quot;,&quot;iso&quot;:&quot;100&quot;,&quot;shutter_speed&quot;:&quot;0.0028248587570621&quot;,&quot;title&quot;:&quot;&quot;,&quot;orientation&quot;:&quot;0&quot;}\" data-image-title=\"IMG_20190210_105126\" data-image-description=\"\" data-image-caption=\"\" data-medium-file=\"https:\/\/i0.wp.com\/genevieveetbernardauxameriques.fr\/wp-content\/uploads\/2019\/02\/IMG_20190210_105126-e1551121440476.jpg?fit=300%2C205&amp;ssl=1\" data-large-file=\"https:\/\/i0.wp.com\/genevieveetbernardauxameriques.fr\/wp-content\/uploads\/2019\/02\/IMG_20190210_105126-e1551121440476.jpg?fit=619%2C422&amp;ssl=1\" class=\"alignnone size-full wp-image-32963\" src=\"https:\/\/i0.wp.com\/genevieveetbernardauxameriques.fr\/wp-content\/uploads\/2019\/02\/IMG_20190210_105126-e1551121440476.jpg?resize=619%2C422&#038;ssl=1\" alt=\"\" width=\"619\" height=\"422\" srcset=\"https:\/\/i0.wp.com\/genevieveetbernardauxameriques.fr\/wp-content\/uploads\/2019\/02\/IMG_20190210_105126-e1551121440476.jpg?w=619&amp;ssl=1 619w, https:\/\/i0.wp.com\/genevieveetbernardauxameriques.fr\/wp-content\/uploads\/2019\/02\/IMG_20190210_105126-e1551121440476.jpg?resize=300%2C205&amp;ssl=1 300w\" sizes=\"(max-width: 619px) 100vw, 619px\" data-recalc-dims=\"1\" \/><\/a><a href=\"https:\/\/i0.wp.com\/genevieveetbernardauxameriques.fr\/wp-content\/uploads\/2019\/02\/DSCN5306.jpg?ssl=1\"><img loading=\"lazy\" decoding=\"async\" data-attachment-id=\"32862\" data-permalink=\"https:\/\/genevieveetbernardauxameriques.fr\/index.php\/2019\/03\/06\/baja-californie-2-de-la-paz-a-san-ignacio-avec-edwige\/dscn5306\/\" data-orig-file=\"https:\/\/i0.wp.com\/genevieveetbernardauxameriques.fr\/wp-content\/uploads\/2019\/02\/DSCN5306.jpg?fit=4608%2C3456&amp;ssl=1\" data-orig-size=\"4608,3456\" data-comments-opened=\"1\" data-image-meta=\"{&quot;aperture&quot;:&quot;5&quot;,&quot;credit&quot;:&quot;&quot;,&quot;camera&quot;:&quot;COOLPIX P900&quot;,&quot;caption&quot;:&quot;&quot;,&quot;created_timestamp&quot;:&quot;1549798171&quot;,&quot;copyright&quot;:&quot;&quot;,&quot;focal_length&quot;:&quot;71.4&quot;,&quot;iso&quot;:&quot;100&quot;,&quot;shutter_speed&quot;:&quot;0.005&quot;,&quot;title&quot;:&quot;&quot;,&quot;orientation&quot;:&quot;1&quot;}\" data-image-title=\"DSCN5306\" data-image-description=\"\" data-image-caption=\"\" data-medium-file=\"https:\/\/i0.wp.com\/genevieveetbernardauxameriques.fr\/wp-content\/uploads\/2019\/02\/DSCN5306.jpg?fit=300%2C225&amp;ssl=1\" data-large-file=\"https:\/\/i0.wp.com\/genevieveetbernardauxameriques.fr\/wp-content\/uploads\/2019\/02\/DSCN5306.jpg?fit=640%2C480&amp;ssl=1\" class=\"alignnone size-large wp-image-32862\" src=\"https:\/\/i0.wp.com\/genevieveetbernardauxameriques.fr\/wp-content\/uploads\/2019\/02\/DSCN5306.jpg?resize=640%2C480&#038;ssl=1\" alt=\"\" width=\"640\" height=\"480\" srcset=\"https:\/\/i0.wp.com\/genevieveetbernardauxameriques.fr\/wp-content\/uploads\/2019\/02\/DSCN5306.jpg?resize=1024%2C768&amp;ssl=1 1024w, https:\/\/i0.wp.com\/genevieveetbernardauxameriques.fr\/wp-content\/uploads\/2019\/02\/DSCN5306.jpg?resize=300%2C225&amp;ssl=1 300w, https:\/\/i0.wp.com\/genevieveetbernardauxameriques.fr\/wp-content\/uploads\/2019\/02\/DSCN5306.jpg?resize=768%2C576&amp;ssl=1 768w, https:\/\/i0.wp.com\/genevieveetbernardauxameriques.fr\/wp-content\/uploads\/2019\/02\/DSCN5306.jpg?w=1280&amp;ssl=1 1280w, https:\/\/i0.wp.com\/genevieveetbernardauxameriques.fr\/wp-content\/uploads\/2019\/02\/DSCN5306.jpg?w=1920&amp;ssl=1 1920w\" sizes=\"(max-width: 640px) 100vw, 640px\" data-recalc-dims=\"1\" \/><\/a> <a href=\"https:\/\/i0.wp.com\/genevieveetbernardauxameriques.fr\/wp-content\/uploads\/2019\/02\/DSCN5300.jpg?ssl=1\"><img loading=\"lazy\" decoding=\"async\" data-attachment-id=\"32859\" data-permalink=\"https:\/\/genevieveetbernardauxameriques.fr\/index.php\/2019\/03\/06\/baja-californie-2-de-la-paz-a-san-ignacio-avec-edwige\/dscn5300-2\/\" data-orig-file=\"https:\/\/i0.wp.com\/genevieveetbernardauxameriques.fr\/wp-content\/uploads\/2019\/02\/DSCN5300.jpg?fit=4608%2C3456&amp;ssl=1\" data-orig-size=\"4608,3456\" data-comments-opened=\"1\" data-image-meta=\"{&quot;aperture&quot;:&quot;5&quot;,&quot;credit&quot;:&quot;&quot;,&quot;camera&quot;:&quot;COOLPIX P900&quot;,&quot;caption&quot;:&quot;&quot;,&quot;created_timestamp&quot;:&quot;1549797963&quot;,&quot;copyright&quot;:&quot;&quot;,&quot;focal_length&quot;:&quot;67.8&quot;,&quot;iso&quot;:&quot;100&quot;,&quot;shutter_speed&quot;:&quot;0.005&quot;,&quot;title&quot;:&quot;&quot;,&quot;orientation&quot;:&quot;1&quot;}\" data-image-title=\"DSCN5300\" data-image-description=\"\" data-image-caption=\"\" data-medium-file=\"https:\/\/i0.wp.com\/genevieveetbernardauxameriques.fr\/wp-content\/uploads\/2019\/02\/DSCN5300.jpg?fit=300%2C225&amp;ssl=1\" data-large-file=\"https:\/\/i0.wp.com\/genevieveetbernardauxameriques.fr\/wp-content\/uploads\/2019\/02\/DSCN5300.jpg?fit=640%2C480&amp;ssl=1\" class=\"alignnone size-large wp-image-32859\" src=\"https:\/\/i0.wp.com\/genevieveetbernardauxameriques.fr\/wp-content\/uploads\/2019\/02\/DSCN5300.jpg?resize=640%2C480&#038;ssl=1\" alt=\"\" width=\"640\" height=\"480\" srcset=\"https:\/\/i0.wp.com\/genevieveetbernardauxameriques.fr\/wp-content\/uploads\/2019\/02\/DSCN5300.jpg?resize=1024%2C768&amp;ssl=1 1024w, https:\/\/i0.wp.com\/genevieveetbernardauxameriques.fr\/wp-content\/uploads\/2019\/02\/DSCN5300.jpg?resize=300%2C225&amp;ssl=1 300w, https:\/\/i0.wp.com\/genevieveetbernardauxameriques.fr\/wp-content\/uploads\/2019\/02\/DSCN5300.jpg?resize=768%2C576&amp;ssl=1 768w, https:\/\/i0.wp.com\/genevieveetbernardauxameriques.fr\/wp-content\/uploads\/2019\/02\/DSCN5300.jpg?w=1280&amp;ssl=1 1280w, https:\/\/i0.wp.com\/genevieveetbernardauxameriques.fr\/wp-content\/uploads\/2019\/02\/DSCN5300.jpg?w=1920&amp;ssl=1 1920w\" sizes=\"(max-width: 640px) 100vw, 640px\" data-recalc-dims=\"1\" \/><\/a><\/p>\n<p>Tr\u00e8s curieuses et peu farouches, les otaries de Californie n\u2019h\u00e9sitent pas \u00e0 s\u2019approcher du plongeur pour toucher l\u2019intrus. Ce sont des ballets de danseuses qui viennent parfois, sans d\u00e9licatesse, inspecter les palmes.<\/p>\n<p><a href=\"https:\/\/i0.wp.com\/genevieveetbernardauxameriques.fr\/wp-content\/uploads\/2019\/02\/Capture-d\u00e9cran-2019-02-25-13.18.44-e1551126720261.jpg?ssl=1\"><img loading=\"lazy\" decoding=\"async\" data-attachment-id=\"33069\" data-permalink=\"https:\/\/genevieveetbernardauxameriques.fr\/index.php\/2019\/03\/06\/baja-californie-2-de-la-paz-a-san-ignacio-avec-edwige\/capture-decran-2019-02-25-13-18-44\/\" data-orig-file=\"https:\/\/i0.wp.com\/genevieveetbernardauxameriques.fr\/wp-content\/uploads\/2019\/02\/Capture-d\u00e9cran-2019-02-25-13.18.44-e1551126720261.jpg?fit=672%2C394&amp;ssl=1\" data-orig-size=\"672,394\" data-comments-opened=\"1\" data-image-meta=\"{&quot;aperture&quot;:&quot;0&quot;,&quot;credit&quot;:&quot;&quot;,&quot;camera&quot;:&quot;&quot;,&quot;caption&quot;:&quot;&quot;,&quot;created_timestamp&quot;:&quot;0&quot;,&quot;copyright&quot;:&quot;&quot;,&quot;focal_length&quot;:&quot;0&quot;,&quot;iso&quot;:&quot;0&quot;,&quot;shutter_speed&quot;:&quot;0&quot;,&quot;title&quot;:&quot;&quot;,&quot;orientation&quot;:&quot;0&quot;}\" data-image-title=\"Capture d&amp;rsquo;\u00e9cran 2019-02-25 13.18.44\" data-image-description=\"\" data-image-caption=\"\" data-medium-file=\"https:\/\/i0.wp.com\/genevieveetbernardauxameriques.fr\/wp-content\/uploads\/2019\/02\/Capture-d\u00e9cran-2019-02-25-13.18.44-e1551126720261.jpg?fit=300%2C176&amp;ssl=1\" data-large-file=\"https:\/\/i0.wp.com\/genevieveetbernardauxameriques.fr\/wp-content\/uploads\/2019\/02\/Capture-d\u00e9cran-2019-02-25-13.18.44-e1551126720261.jpg?fit=640%2C375&amp;ssl=1\" class=\"alignnone size-full wp-image-33069\" src=\"https:\/\/i0.wp.com\/genevieveetbernardauxameriques.fr\/wp-content\/uploads\/2019\/02\/Capture-d\u00e9cran-2019-02-25-13.18.44-e1551126720261.jpg?resize=640%2C375&#038;ssl=1\" alt=\"\" width=\"640\" height=\"375\" srcset=\"https:\/\/i0.wp.com\/genevieveetbernardauxameriques.fr\/wp-content\/uploads\/2019\/02\/Capture-d\u00e9cran-2019-02-25-13.18.44-e1551126720261.jpg?w=672&amp;ssl=1 672w, https:\/\/i0.wp.com\/genevieveetbernardauxameriques.fr\/wp-content\/uploads\/2019\/02\/Capture-d\u00e9cran-2019-02-25-13.18.44-e1551126720261.jpg?resize=300%2C176&amp;ssl=1 300w\" sizes=\"(max-width: 640px) 100vw, 640px\" data-recalc-dims=\"1\" \/><\/a><a href=\"https:\/\/i0.wp.com\/genevieveetbernardauxameriques.fr\/wp-content\/uploads\/2019\/02\/Capture-d\u00e9cran-2019-02-25-13.19.05-e1551126764359.jpg?ssl=1\"><img loading=\"lazy\" decoding=\"async\" data-attachment-id=\"33070\" data-permalink=\"https:\/\/genevieveetbernardauxameriques.fr\/index.php\/2019\/03\/06\/baja-californie-2-de-la-paz-a-san-ignacio-avec-edwige\/capture-decran-2019-02-25-13-19-05\/\" data-orig-file=\"https:\/\/i0.wp.com\/genevieveetbernardauxameriques.fr\/wp-content\/uploads\/2019\/02\/Capture-d\u00e9cran-2019-02-25-13.19.05-e1551126764359.jpg?fit=658%2C378&amp;ssl=1\" data-orig-size=\"658,378\" data-comments-opened=\"1\" data-image-meta=\"{&quot;aperture&quot;:&quot;0&quot;,&quot;credit&quot;:&quot;&quot;,&quot;camera&quot;:&quot;&quot;,&quot;caption&quot;:&quot;&quot;,&quot;created_timestamp&quot;:&quot;0&quot;,&quot;copyright&quot;:&quot;&quot;,&quot;focal_length&quot;:&quot;0&quot;,&quot;iso&quot;:&quot;0&quot;,&quot;shutter_speed&quot;:&quot;0&quot;,&quot;title&quot;:&quot;&quot;,&quot;orientation&quot;:&quot;0&quot;}\" data-image-title=\"Capture d&amp;rsquo;\u00e9cran 2019-02-25 13.19.05\" data-image-description=\"\" data-image-caption=\"\" data-medium-file=\"https:\/\/i0.wp.com\/genevieveetbernardauxameriques.fr\/wp-content\/uploads\/2019\/02\/Capture-d\u00e9cran-2019-02-25-13.19.05-e1551126764359.jpg?fit=300%2C172&amp;ssl=1\" data-large-file=\"https:\/\/i0.wp.com\/genevieveetbernardauxameriques.fr\/wp-content\/uploads\/2019\/02\/Capture-d\u00e9cran-2019-02-25-13.19.05-e1551126764359.jpg?fit=640%2C368&amp;ssl=1\" class=\"alignnone size-full wp-image-33070\" src=\"https:\/\/i0.wp.com\/genevieveetbernardauxameriques.fr\/wp-content\/uploads\/2019\/02\/Capture-d\u00e9cran-2019-02-25-13.19.05-e1551126764359.jpg?resize=640%2C368&#038;ssl=1\" alt=\"\" width=\"640\" height=\"368\" srcset=\"https:\/\/i0.wp.com\/genevieveetbernardauxameriques.fr\/wp-content\/uploads\/2019\/02\/Capture-d\u00e9cran-2019-02-25-13.19.05-e1551126764359.jpg?w=658&amp;ssl=1 658w, https:\/\/i0.wp.com\/genevieveetbernardauxameriques.fr\/wp-content\/uploads\/2019\/02\/Capture-d\u00e9cran-2019-02-25-13.19.05-e1551126764359.jpg?resize=300%2C172&amp;ssl=1 300w\" sizes=\"(max-width: 640px) 100vw, 640px\" data-recalc-dims=\"1\" \/><\/a><\/p>\n<p>M\u00eame nous, nous avons droit au spectacle et \u00e0 notre otarie<\/p>\n<p>j&rsquo;y vais, ou j&rsquo;y vais pas :<\/p>\n<p><a href=\"https:\/\/i0.wp.com\/genevieveetbernardauxameriques.fr\/wp-content\/uploads\/2019\/02\/DSCN5314.jpg?ssl=1\"><img loading=\"lazy\" decoding=\"async\" data-attachment-id=\"32864\" data-permalink=\"https:\/\/genevieveetbernardauxameriques.fr\/index.php\/2019\/03\/06\/baja-californie-2-de-la-paz-a-san-ignacio-avec-edwige\/dscn5314-2\/\" data-orig-file=\"https:\/\/i0.wp.com\/genevieveetbernardauxameriques.fr\/wp-content\/uploads\/2019\/02\/DSCN5314.jpg?fit=4608%2C3456&amp;ssl=1\" data-orig-size=\"4608,3456\" data-comments-opened=\"1\" data-image-meta=\"{&quot;aperture&quot;:&quot;2.8&quot;,&quot;credit&quot;:&quot;&quot;,&quot;camera&quot;:&quot;COOLPIX P900&quot;,&quot;caption&quot;:&quot;&quot;,&quot;created_timestamp&quot;:&quot;1549798546&quot;,&quot;copyright&quot;:&quot;&quot;,&quot;focal_length&quot;:&quot;4.3&quot;,&quot;iso&quot;:&quot;100&quot;,&quot;shutter_speed&quot;:&quot;0.002&quot;,&quot;title&quot;:&quot;&quot;,&quot;orientation&quot;:&quot;1&quot;}\" data-image-title=\"DSCN5314\" data-image-description=\"\" data-image-caption=\"\" data-medium-file=\"https:\/\/i0.wp.com\/genevieveetbernardauxameriques.fr\/wp-content\/uploads\/2019\/02\/DSCN5314.jpg?fit=300%2C225&amp;ssl=1\" data-large-file=\"https:\/\/i0.wp.com\/genevieveetbernardauxameriques.fr\/wp-content\/uploads\/2019\/02\/DSCN5314.jpg?fit=640%2C480&amp;ssl=1\" class=\"alignnone size-large wp-image-32864\" src=\"https:\/\/i0.wp.com\/genevieveetbernardauxameriques.fr\/wp-content\/uploads\/2019\/02\/DSCN5314.jpg?resize=640%2C480&#038;ssl=1\" alt=\"\" width=\"640\" height=\"480\" srcset=\"https:\/\/i0.wp.com\/genevieveetbernardauxameriques.fr\/wp-content\/uploads\/2019\/02\/DSCN5314.jpg?resize=1024%2C768&amp;ssl=1 1024w, https:\/\/i0.wp.com\/genevieveetbernardauxameriques.fr\/wp-content\/uploads\/2019\/02\/DSCN5314.jpg?resize=300%2C225&amp;ssl=1 300w, https:\/\/i0.wp.com\/genevieveetbernardauxameriques.fr\/wp-content\/uploads\/2019\/02\/DSCN5314.jpg?resize=768%2C576&amp;ssl=1 768w, https:\/\/i0.wp.com\/genevieveetbernardauxameriques.fr\/wp-content\/uploads\/2019\/02\/DSCN5314.jpg?w=1280&amp;ssl=1 1280w, https:\/\/i0.wp.com\/genevieveetbernardauxameriques.fr\/wp-content\/uploads\/2019\/02\/DSCN5314.jpg?w=1920&amp;ssl=1 1920w\" sizes=\"(max-width: 640px) 100vw, 640px\" data-recalc-dims=\"1\" \/><\/a><\/p>\n<p>Oui, je monte :<\/p>\n<p><a href=\"https:\/\/i0.wp.com\/genevieveetbernardauxameriques.fr\/wp-content\/uploads\/2019\/02\/DSCN5316.jpg?ssl=1\"><img loading=\"lazy\" decoding=\"async\" data-attachment-id=\"32866\" data-permalink=\"https:\/\/genevieveetbernardauxameriques.fr\/index.php\/2019\/03\/06\/baja-californie-2-de-la-paz-a-san-ignacio-avec-edwige\/dscn5316-2\/\" data-orig-file=\"https:\/\/i0.wp.com\/genevieveetbernardauxameriques.fr\/wp-content\/uploads\/2019\/02\/DSCN5316.jpg?fit=4608%2C3456&amp;ssl=1\" data-orig-size=\"4608,3456\" data-comments-opened=\"1\" data-image-meta=\"{&quot;aperture&quot;:&quot;2.8&quot;,&quot;credit&quot;:&quot;&quot;,&quot;camera&quot;:&quot;COOLPIX P900&quot;,&quot;caption&quot;:&quot;&quot;,&quot;created_timestamp&quot;:&quot;1549798568&quot;,&quot;copyright&quot;:&quot;&quot;,&quot;focal_length&quot;:&quot;4.3&quot;,&quot;iso&quot;:&quot;100&quot;,&quot;shutter_speed&quot;:&quot;0.00125&quot;,&quot;title&quot;:&quot;&quot;,&quot;orientation&quot;:&quot;1&quot;}\" data-image-title=\"DSCN5316\" data-image-description=\"\" data-image-caption=\"\" data-medium-file=\"https:\/\/i0.wp.com\/genevieveetbernardauxameriques.fr\/wp-content\/uploads\/2019\/02\/DSCN5316.jpg?fit=300%2C225&amp;ssl=1\" data-large-file=\"https:\/\/i0.wp.com\/genevieveetbernardauxameriques.fr\/wp-content\/uploads\/2019\/02\/DSCN5316.jpg?fit=640%2C480&amp;ssl=1\" class=\"alignnone size-large wp-image-32866\" src=\"https:\/\/i0.wp.com\/genevieveetbernardauxameriques.fr\/wp-content\/uploads\/2019\/02\/DSCN5316.jpg?resize=640%2C480&#038;ssl=1\" alt=\"\" width=\"640\" height=\"480\" srcset=\"https:\/\/i0.wp.com\/genevieveetbernardauxameriques.fr\/wp-content\/uploads\/2019\/02\/DSCN5316.jpg?resize=1024%2C768&amp;ssl=1 1024w, https:\/\/i0.wp.com\/genevieveetbernardauxameriques.fr\/wp-content\/uploads\/2019\/02\/DSCN5316.jpg?resize=300%2C225&amp;ssl=1 300w, https:\/\/i0.wp.com\/genevieveetbernardauxameriques.fr\/wp-content\/uploads\/2019\/02\/DSCN5316.jpg?resize=768%2C576&amp;ssl=1 768w, https:\/\/i0.wp.com\/genevieveetbernardauxameriques.fr\/wp-content\/uploads\/2019\/02\/DSCN5316.jpg?w=1280&amp;ssl=1 1280w, https:\/\/i0.wp.com\/genevieveetbernardauxameriques.fr\/wp-content\/uploads\/2019\/02\/DSCN5316.jpg?w=1920&amp;ssl=1 1920w\" sizes=\"(max-width: 640px) 100vw, 640px\" data-recalc-dims=\"1\" \/><\/a> <a href=\"https:\/\/i0.wp.com\/genevieveetbernardauxameriques.fr\/wp-content\/uploads\/2019\/02\/DSCN5317.jpg?ssl=1\"><img loading=\"lazy\" decoding=\"async\" data-attachment-id=\"32867\" data-permalink=\"https:\/\/genevieveetbernardauxameriques.fr\/index.php\/2019\/03\/06\/baja-californie-2-de-la-paz-a-san-ignacio-avec-edwige\/dscn5317-2\/\" data-orig-file=\"https:\/\/i0.wp.com\/genevieveetbernardauxameriques.fr\/wp-content\/uploads\/2019\/02\/DSCN5317.jpg?fit=4608%2C3456&amp;ssl=1\" data-orig-size=\"4608,3456\" data-comments-opened=\"1\" data-image-meta=\"{&quot;aperture&quot;:&quot;2.8&quot;,&quot;credit&quot;:&quot;&quot;,&quot;camera&quot;:&quot;COOLPIX P900&quot;,&quot;caption&quot;:&quot;&quot;,&quot;created_timestamp&quot;:&quot;1549798570&quot;,&quot;copyright&quot;:&quot;&quot;,&quot;focal_length&quot;:&quot;4.3&quot;,&quot;iso&quot;:&quot;100&quot;,&quot;shutter_speed&quot;:&quot;0.00125&quot;,&quot;title&quot;:&quot;&quot;,&quot;orientation&quot;:&quot;1&quot;}\" data-image-title=\"DSCN5317\" data-image-description=\"\" data-image-caption=\"\" data-medium-file=\"https:\/\/i0.wp.com\/genevieveetbernardauxameriques.fr\/wp-content\/uploads\/2019\/02\/DSCN5317.jpg?fit=300%2C225&amp;ssl=1\" data-large-file=\"https:\/\/i0.wp.com\/genevieveetbernardauxameriques.fr\/wp-content\/uploads\/2019\/02\/DSCN5317.jpg?fit=640%2C480&amp;ssl=1\" class=\"alignnone size-large wp-image-32867\" src=\"https:\/\/i0.wp.com\/genevieveetbernardauxameriques.fr\/wp-content\/uploads\/2019\/02\/DSCN5317.jpg?resize=640%2C480&#038;ssl=1\" alt=\"\" width=\"640\" height=\"480\" srcset=\"https:\/\/i0.wp.com\/genevieveetbernardauxameriques.fr\/wp-content\/uploads\/2019\/02\/DSCN5317.jpg?resize=1024%2C768&amp;ssl=1 1024w, https:\/\/i0.wp.com\/genevieveetbernardauxameriques.fr\/wp-content\/uploads\/2019\/02\/DSCN5317.jpg?resize=300%2C225&amp;ssl=1 300w, https:\/\/i0.wp.com\/genevieveetbernardauxameriques.fr\/wp-content\/uploads\/2019\/02\/DSCN5317.jpg?resize=768%2C576&amp;ssl=1 768w, https:\/\/i0.wp.com\/genevieveetbernardauxameriques.fr\/wp-content\/uploads\/2019\/02\/DSCN5317.jpg?w=1280&amp;ssl=1 1280w, https:\/\/i0.wp.com\/genevieveetbernardauxameriques.fr\/wp-content\/uploads\/2019\/02\/DSCN5317.jpg?w=1920&amp;ssl=1 1920w\" sizes=\"(max-width: 640px) 100vw, 640px\" data-recalc-dims=\"1\" \/><\/a><\/p>\n<p>et je m&rsquo;installe :<\/p>\n<p><a href=\"https:\/\/i0.wp.com\/genevieveetbernardauxameriques.fr\/wp-content\/uploads\/2019\/02\/DSCN5330.jpg?ssl=1\"><img loading=\"lazy\" decoding=\"async\" data-attachment-id=\"32876\" data-permalink=\"https:\/\/genevieveetbernardauxameriques.fr\/index.php\/2019\/03\/06\/baja-californie-2-de-la-paz-a-san-ignacio-avec-edwige\/dscn5330-3\/\" data-orig-file=\"https:\/\/i0.wp.com\/genevieveetbernardauxameriques.fr\/wp-content\/uploads\/2019\/02\/DSCN5330.jpg?fit=4608%2C3456&amp;ssl=1\" data-orig-size=\"4608,3456\" data-comments-opened=\"1\" data-image-meta=\"{&quot;aperture&quot;:&quot;3.2&quot;,&quot;credit&quot;:&quot;&quot;,&quot;camera&quot;:&quot;COOLPIX P900&quot;,&quot;caption&quot;:&quot;&quot;,&quot;created_timestamp&quot;:&quot;1549799402&quot;,&quot;copyright&quot;:&quot;&quot;,&quot;focal_length&quot;:&quot;5.9&quot;,&quot;iso&quot;:&quot;100&quot;,&quot;shutter_speed&quot;:&quot;0.001&quot;,&quot;title&quot;:&quot;&quot;,&quot;orientation&quot;:&quot;1&quot;}\" data-image-title=\"DSCN5330\" data-image-description=\"\" data-image-caption=\"\" data-medium-file=\"https:\/\/i0.wp.com\/genevieveetbernardauxameriques.fr\/wp-content\/uploads\/2019\/02\/DSCN5330.jpg?fit=300%2C225&amp;ssl=1\" data-large-file=\"https:\/\/i0.wp.com\/genevieveetbernardauxameriques.fr\/wp-content\/uploads\/2019\/02\/DSCN5330.jpg?fit=640%2C480&amp;ssl=1\" class=\"alignnone size-large wp-image-32876\" src=\"https:\/\/i0.wp.com\/genevieveetbernardauxameriques.fr\/wp-content\/uploads\/2019\/02\/DSCN5330.jpg?resize=640%2C480&#038;ssl=1\" alt=\"\" width=\"640\" height=\"480\" srcset=\"https:\/\/i0.wp.com\/genevieveetbernardauxameriques.fr\/wp-content\/uploads\/2019\/02\/DSCN5330.jpg?resize=1024%2C768&amp;ssl=1 1024w, https:\/\/i0.wp.com\/genevieveetbernardauxameriques.fr\/wp-content\/uploads\/2019\/02\/DSCN5330.jpg?resize=300%2C225&amp;ssl=1 300w, https:\/\/i0.wp.com\/genevieveetbernardauxameriques.fr\/wp-content\/uploads\/2019\/02\/DSCN5330.jpg?resize=768%2C576&amp;ssl=1 768w, https:\/\/i0.wp.com\/genevieveetbernardauxameriques.fr\/wp-content\/uploads\/2019\/02\/DSCN5330.jpg?w=1280&amp;ssl=1 1280w, https:\/\/i0.wp.com\/genevieveetbernardauxameriques.fr\/wp-content\/uploads\/2019\/02\/DSCN5330.jpg?w=1920&amp;ssl=1 1920w\" sizes=\"(max-width: 640px) 100vw, 640px\" data-recalc-dims=\"1\" \/><\/a>\u00a0je vais m\u00eame jouer avec le capitaine :<\/p>\n<p><a href=\"https:\/\/i0.wp.com\/genevieveetbernardauxameriques.fr\/wp-content\/uploads\/2019\/02\/DSCN5331.jpg?ssl=1\"><img loading=\"lazy\" decoding=\"async\" data-attachment-id=\"32877\" data-permalink=\"https:\/\/genevieveetbernardauxameriques.fr\/index.php\/2019\/03\/06\/baja-californie-2-de-la-paz-a-san-ignacio-avec-edwige\/dscn5331-3\/\" data-orig-file=\"https:\/\/i0.wp.com\/genevieveetbernardauxameriques.fr\/wp-content\/uploads\/2019\/02\/DSCN5331.jpg?fit=4608%2C3456&amp;ssl=1\" data-orig-size=\"4608,3456\" data-comments-opened=\"1\" data-image-meta=\"{&quot;aperture&quot;:&quot;3.2&quot;,&quot;credit&quot;:&quot;&quot;,&quot;camera&quot;:&quot;COOLPIX P900&quot;,&quot;caption&quot;:&quot;&quot;,&quot;created_timestamp&quot;:&quot;1549799438&quot;,&quot;copyright&quot;:&quot;&quot;,&quot;focal_length&quot;:&quot;5.9&quot;,&quot;iso&quot;:&quot;100&quot;,&quot;shutter_speed&quot;:&quot;0.00125&quot;,&quot;title&quot;:&quot;&quot;,&quot;orientation&quot;:&quot;1&quot;}\" data-image-title=\"DSCN5331\" data-image-description=\"\" data-image-caption=\"\" data-medium-file=\"https:\/\/i0.wp.com\/genevieveetbernardauxameriques.fr\/wp-content\/uploads\/2019\/02\/DSCN5331.jpg?fit=300%2C225&amp;ssl=1\" data-large-file=\"https:\/\/i0.wp.com\/genevieveetbernardauxameriques.fr\/wp-content\/uploads\/2019\/02\/DSCN5331.jpg?fit=640%2C480&amp;ssl=1\" class=\"alignnone size-large wp-image-32877\" src=\"https:\/\/i0.wp.com\/genevieveetbernardauxameriques.fr\/wp-content\/uploads\/2019\/02\/DSCN5331.jpg?resize=640%2C480&#038;ssl=1\" alt=\"\" width=\"640\" height=\"480\" srcset=\"https:\/\/i0.wp.com\/genevieveetbernardauxameriques.fr\/wp-content\/uploads\/2019\/02\/DSCN5331.jpg?resize=1024%2C768&amp;ssl=1 1024w, https:\/\/i0.wp.com\/genevieveetbernardauxameriques.fr\/wp-content\/uploads\/2019\/02\/DSCN5331.jpg?resize=300%2C225&amp;ssl=1 300w, https:\/\/i0.wp.com\/genevieveetbernardauxameriques.fr\/wp-content\/uploads\/2019\/02\/DSCN5331.jpg?resize=768%2C576&amp;ssl=1 768w, https:\/\/i0.wp.com\/genevieveetbernardauxameriques.fr\/wp-content\/uploads\/2019\/02\/DSCN5331.jpg?w=1280&amp;ssl=1 1280w, https:\/\/i0.wp.com\/genevieveetbernardauxameriques.fr\/wp-content\/uploads\/2019\/02\/DSCN5331.jpg?w=1920&amp;ssl=1 1920w\" sizes=\"(max-width: 640px) 100vw, 640px\" data-recalc-dims=\"1\" \/><\/a><a href=\"https:\/\/i0.wp.com\/genevieveetbernardauxameriques.fr\/wp-content\/uploads\/2019\/02\/IMG_20190210_103718.jpg?ssl=1\"><img loading=\"lazy\" decoding=\"async\" data-attachment-id=\"32962\" data-permalink=\"https:\/\/genevieveetbernardauxameriques.fr\/index.php\/2019\/03\/06\/baja-californie-2-de-la-paz-a-san-ignacio-avec-edwige\/img_20190210_103718\/\" data-orig-file=\"https:\/\/i0.wp.com\/genevieveetbernardauxameriques.fr\/wp-content\/uploads\/2019\/02\/IMG_20190210_103718.jpg?fit=720%2C540&amp;ssl=1\" data-orig-size=\"720,540\" data-comments-opened=\"1\" data-image-meta=\"{&quot;aperture&quot;:&quot;2&quot;,&quot;credit&quot;:&quot;&quot;,&quot;camera&quot;:&quot;STARXTREM 6&quot;,&quot;caption&quot;:&quot;&quot;,&quot;created_timestamp&quot;:&quot;1549795038&quot;,&quot;copyright&quot;:&quot;&quot;,&quot;focal_length&quot;:&quot;3.69&quot;,&quot;iso&quot;:&quot;100&quot;,&quot;shutter_speed&quot;:&quot;0.0031847133757962&quot;,&quot;title&quot;:&quot;&quot;,&quot;orientation&quot;:&quot;0&quot;}\" data-image-title=\"IMG_20190210_103718\" data-image-description=\"\" data-image-caption=\"\" data-medium-file=\"https:\/\/i0.wp.com\/genevieveetbernardauxameriques.fr\/wp-content\/uploads\/2019\/02\/IMG_20190210_103718.jpg?fit=300%2C225&amp;ssl=1\" data-large-file=\"https:\/\/i0.wp.com\/genevieveetbernardauxameriques.fr\/wp-content\/uploads\/2019\/02\/IMG_20190210_103718.jpg?fit=640%2C480&amp;ssl=1\" class=\"alignnone size-full wp-image-32962\" src=\"https:\/\/i0.wp.com\/genevieveetbernardauxameriques.fr\/wp-content\/uploads\/2019\/02\/IMG_20190210_103718.jpg?resize=640%2C480&#038;ssl=1\" alt=\"\" width=\"640\" height=\"480\" srcset=\"https:\/\/i0.wp.com\/genevieveetbernardauxameriques.fr\/wp-content\/uploads\/2019\/02\/IMG_20190210_103718.jpg?w=720&amp;ssl=1 720w, https:\/\/i0.wp.com\/genevieveetbernardauxameriques.fr\/wp-content\/uploads\/2019\/02\/IMG_20190210_103718.jpg?resize=300%2C225&amp;ssl=1 300w\" sizes=\"(max-width: 640px) 100vw, 640px\" data-recalc-dims=\"1\" \/><\/a><a href=\"https:\/\/i0.wp.com\/genevieveetbernardauxameriques.fr\/wp-content\/uploads\/2019\/02\/DSCN5334.jpg?ssl=1\"><img loading=\"lazy\" decoding=\"async\" data-attachment-id=\"32880\" data-permalink=\"https:\/\/genevieveetbernardauxameriques.fr\/index.php\/2019\/03\/06\/baja-californie-2-de-la-paz-a-san-ignacio-avec-edwige\/dscn5334-2\/\" data-orig-file=\"https:\/\/i0.wp.com\/genevieveetbernardauxameriques.fr\/wp-content\/uploads\/2019\/02\/DSCN5334.jpg?fit=4608%2C3456&amp;ssl=1\" data-orig-size=\"4608,3456\" data-comments-opened=\"1\" data-image-meta=\"{&quot;aperture&quot;:&quot;3.5&quot;,&quot;credit&quot;:&quot;&quot;,&quot;camera&quot;:&quot;COOLPIX P900&quot;,&quot;caption&quot;:&quot;&quot;,&quot;created_timestamp&quot;:&quot;1549799553&quot;,&quot;copyright&quot;:&quot;&quot;,&quot;focal_length&quot;:&quot;12.5&quot;,&quot;iso&quot;:&quot;100&quot;,&quot;shutter_speed&quot;:&quot;0.004&quot;,&quot;title&quot;:&quot;&quot;,&quot;orientation&quot;:&quot;1&quot;}\" data-image-title=\"DSCN5334\" data-image-description=\"\" data-image-caption=\"\" data-medium-file=\"https:\/\/i0.wp.com\/genevieveetbernardauxameriques.fr\/wp-content\/uploads\/2019\/02\/DSCN5334.jpg?fit=300%2C225&amp;ssl=1\" data-large-file=\"https:\/\/i0.wp.com\/genevieveetbernardauxameriques.fr\/wp-content\/uploads\/2019\/02\/DSCN5334.jpg?fit=640%2C480&amp;ssl=1\" class=\"alignnone size-large wp-image-32880\" src=\"https:\/\/i0.wp.com\/genevieveetbernardauxameriques.fr\/wp-content\/uploads\/2019\/02\/DSCN5334.jpg?resize=640%2C480&#038;ssl=1\" alt=\"\" width=\"640\" height=\"480\" srcset=\"https:\/\/i0.wp.com\/genevieveetbernardauxameriques.fr\/wp-content\/uploads\/2019\/02\/DSCN5334.jpg?resize=1024%2C768&amp;ssl=1 1024w, https:\/\/i0.wp.com\/genevieveetbernardauxameriques.fr\/wp-content\/uploads\/2019\/02\/DSCN5334.jpg?resize=300%2C225&amp;ssl=1 300w, https:\/\/i0.wp.com\/genevieveetbernardauxameriques.fr\/wp-content\/uploads\/2019\/02\/DSCN5334.jpg?resize=768%2C576&amp;ssl=1 768w, https:\/\/i0.wp.com\/genevieveetbernardauxameriques.fr\/wp-content\/uploads\/2019\/02\/DSCN5334.jpg?w=1280&amp;ssl=1 1280w, https:\/\/i0.wp.com\/genevieveetbernardauxameriques.fr\/wp-content\/uploads\/2019\/02\/DSCN5334.jpg?w=1920&amp;ssl=1 1920w\" sizes=\"(max-width: 640px) 100vw, 640px\" data-recalc-dims=\"1\" \/><\/a><\/p>\n<p>Maintenant tout le monde remonte, plus qu&rsquo;enchant\u00e9 de leur premi\u00e8re plong\u00e9e.<\/p>\n<div class=\"tiled-gallery type-circle tiled-gallery-unresized\" data-original-width=\"640\" data-carousel-extra='{&quot;blog_id&quot;:1,&quot;permalink&quot;:&quot;https:\\\/\\\/genevieveetbernardauxameriques.fr\\\/index.php\\\/2019\\\/03\\\/06\\\/baja-californie-2-de-la-paz-a-san-ignacio-avec-edwige\\\/&quot;,&quot;likes_blog_id&quot;:107627276}' itemscope itemtype=\"http:\/\/schema.org\/ImageGallery\" > <div class=\"gallery-row\" style=\"width: 640px; height: 320px;\" data-original-width=\"640\" data-original-height=\"320\" > <div class=\"gallery-group\" style=\"width: 320px; height: 320px;\" data-original-width=\"320\" data-original-height=\"320\" > <div class=\"tiled-gallery-item \" itemprop=\"associatedMedia\" itemscope itemtype=\"http:\/\/schema.org\/ImageObject\"> <a href=\"https:\/\/genevieveetbernardauxameriques.fr\/index.php\/2019\/03\/06\/baja-californie-2-de-la-paz-a-san-ignacio-avec-edwige\/img_20190210_105309\/\" border=\"0\" itemprop=\"url\"> <meta itemprop=\"width\" content=\"316\"> <meta itemprop=\"height\" content=\"316\"> <img decoding=\"async\" class=\"\" data-attachment-id=\"32965\" data-orig-file=\"https:\/\/genevieveetbernardauxameriques.fr\/wp-content\/uploads\/2019\/02\/IMG_20190210_105309.jpg\" data-orig-size=\"720,540\" data-comments-opened=\"1\" data-image-meta=\"{&quot;aperture&quot;:&quot;2&quot;,&quot;credit&quot;:&quot;&quot;,&quot;camera&quot;:&quot;STARXTREM 6&quot;,&quot;caption&quot;:&quot;&quot;,&quot;created_timestamp&quot;:&quot;1549795989&quot;,&quot;copyright&quot;:&quot;&quot;,&quot;focal_length&quot;:&quot;3.69&quot;,&quot;iso&quot;:&quot;100&quot;,&quot;shutter_speed&quot;:&quot;0.001610305958132&quot;,&quot;title&quot;:&quot;&quot;,&quot;orientation&quot;:&quot;0&quot;}\" data-image-title=\"IMG_20190210_105309\" data-image-description=\"\" data-medium-file=\"https:\/\/i0.wp.com\/genevieveetbernardauxameriques.fr\/wp-content\/uploads\/2019\/02\/IMG_20190210_105309.jpg?fit=300%2C225&#038;ssl=1\" data-large-file=\"https:\/\/i0.wp.com\/genevieveetbernardauxameriques.fr\/wp-content\/uploads\/2019\/02\/IMG_20190210_105309.jpg?fit=640%2C480&#038;ssl=1\" src=\"https:\/\/i0.wp.com\/genevieveetbernardauxameriques.fr\/wp-content\/uploads\/2019\/02\/IMG_20190210_105309.jpg?w=316&#038;h=316&#038;crop=1&#038;ssl=1\" srcset=\"https:\/\/i0.wp.com\/genevieveetbernardauxameriques.fr\/wp-content\/uploads\/2019\/02\/IMG_20190210_105309.jpg?resize=150%2C150&amp;ssl=1 150w, https:\/\/i0.wp.com\/genevieveetbernardauxameriques.fr\/wp-content\/uploads\/2019\/02\/IMG_20190210_105309.jpg?zoom=2&amp;resize=316%2C316&amp;ssl=1 632w\" width=\"316\" height=\"316\" loading=\"lazy\" data-original-width=\"316\" data-original-height=\"316\" itemprop=\"http:\/\/schema.org\/image\" title=\"IMG_20190210_105309\" alt=\"IMG_20190210_105309\" style=\"width: 316px; height: 316px;\" \/> <\/a> <\/div> <\/div> <div class=\"gallery-group\" style=\"width: 320px; height: 320px;\" data-original-width=\"320\" data-original-height=\"320\" > <div class=\"tiled-gallery-item \" itemprop=\"associatedMedia\" itemscope itemtype=\"http:\/\/schema.org\/ImageObject\"> <a href=\"https:\/\/genevieveetbernardauxameriques.fr\/index.php\/2019\/03\/06\/baja-californie-2-de-la-paz-a-san-ignacio-avec-edwige\/dscn5337-2\/\" border=\"0\" itemprop=\"url\"> <meta itemprop=\"width\" content=\"316\"> <meta itemprop=\"height\" content=\"316\"> <img decoding=\"async\" class=\"\" data-attachment-id=\"32883\" data-orig-file=\"https:\/\/genevieveetbernardauxameriques.fr\/wp-content\/uploads\/2019\/02\/DSCN5337.jpg\" data-orig-size=\"4608,3456\" data-comments-opened=\"1\" data-image-meta=\"{&quot;aperture&quot;:&quot;2.8&quot;,&quot;credit&quot;:&quot;&quot;,&quot;camera&quot;:&quot;COOLPIX P900&quot;,&quot;caption&quot;:&quot;&quot;,&quot;created_timestamp&quot;:&quot;1549799639&quot;,&quot;copyright&quot;:&quot;&quot;,&quot;focal_length&quot;:&quot;4.3&quot;,&quot;iso&quot;:&quot;100&quot;,&quot;shutter_speed&quot;:&quot;0.001&quot;,&quot;title&quot;:&quot;&quot;,&quot;orientation&quot;:&quot;1&quot;}\" data-image-title=\"DSCN5337\" data-image-description=\"\" data-medium-file=\"https:\/\/i0.wp.com\/genevieveetbernardauxameriques.fr\/wp-content\/uploads\/2019\/02\/DSCN5337.jpg?fit=300%2C225&#038;ssl=1\" data-large-file=\"https:\/\/i0.wp.com\/genevieveetbernardauxameriques.fr\/wp-content\/uploads\/2019\/02\/DSCN5337.jpg?fit=640%2C480&#038;ssl=1\" src=\"https:\/\/i0.wp.com\/genevieveetbernardauxameriques.fr\/wp-content\/uploads\/2019\/02\/DSCN5337.jpg?w=316&#038;h=316&#038;crop=1&#038;ssl=1\" srcset=\"https:\/\/i0.wp.com\/genevieveetbernardauxameriques.fr\/wp-content\/uploads\/2019\/02\/DSCN5337.jpg?resize=150%2C150&amp;ssl=1 150w, https:\/\/i0.wp.com\/genevieveetbernardauxameriques.fr\/wp-content\/uploads\/2019\/02\/DSCN5337.jpg?zoom=2&amp;resize=316%2C316&amp;ssl=1 632w, https:\/\/i0.wp.com\/genevieveetbernardauxameriques.fr\/wp-content\/uploads\/2019\/02\/DSCN5337.jpg?zoom=3&amp;resize=316%2C316&amp;ssl=1 948w\" width=\"316\" height=\"316\" loading=\"lazy\" data-original-width=\"316\" data-original-height=\"316\" itemprop=\"http:\/\/schema.org\/image\" title=\"DSCN5337\" alt=\"DSCN5337\" style=\"width: 316px; height: 316px;\" \/> <\/a> <\/div> <\/div> <\/div> <div class=\"gallery-row\" style=\"width: 640px; height: 320px;\" data-original-width=\"640\" data-original-height=\"320\" > <div class=\"gallery-group\" style=\"width: 320px; height: 320px;\" data-original-width=\"320\" data-original-height=\"320\" > <div class=\"tiled-gallery-item \" itemprop=\"associatedMedia\" itemscope itemtype=\"http:\/\/schema.org\/ImageObject\"> <a href=\"https:\/\/genevieveetbernardauxameriques.fr\/index.php\/2019\/03\/06\/baja-californie-2-de-la-paz-a-san-ignacio-avec-edwige\/dscn5338-3\/\" border=\"0\" itemprop=\"url\"> <meta itemprop=\"width\" content=\"316\"> <meta itemprop=\"height\" content=\"316\"> <img decoding=\"async\" class=\"\" data-attachment-id=\"32884\" data-orig-file=\"https:\/\/genevieveetbernardauxameriques.fr\/wp-content\/uploads\/2019\/02\/DSCN5338.jpg\" data-orig-size=\"4608,3456\" data-comments-opened=\"1\" data-image-meta=\"{&quot;aperture&quot;:&quot;2.8&quot;,&quot;credit&quot;:&quot;&quot;,&quot;camera&quot;:&quot;COOLPIX P900&quot;,&quot;caption&quot;:&quot;&quot;,&quot;created_timestamp&quot;:&quot;1549799653&quot;,&quot;copyright&quot;:&quot;&quot;,&quot;focal_length&quot;:&quot;4.3&quot;,&quot;iso&quot;:&quot;100&quot;,&quot;shutter_speed&quot;:&quot;0.00125&quot;,&quot;title&quot;:&quot;&quot;,&quot;orientation&quot;:&quot;1&quot;}\" data-image-title=\"DSCN5338\" data-image-description=\"\" data-medium-file=\"https:\/\/i0.wp.com\/genevieveetbernardauxameriques.fr\/wp-content\/uploads\/2019\/02\/DSCN5338.jpg?fit=300%2C225&#038;ssl=1\" data-large-file=\"https:\/\/i0.wp.com\/genevieveetbernardauxameriques.fr\/wp-content\/uploads\/2019\/02\/DSCN5338.jpg?fit=640%2C480&#038;ssl=1\" src=\"https:\/\/i0.wp.com\/genevieveetbernardauxameriques.fr\/wp-content\/uploads\/2019\/02\/DSCN5338.jpg?w=316&#038;h=316&#038;crop=1&#038;ssl=1\" srcset=\"https:\/\/i0.wp.com\/genevieveetbernardauxameriques.fr\/wp-content\/uploads\/2019\/02\/DSCN5338.jpg?resize=150%2C150&amp;ssl=1 150w, https:\/\/i0.wp.com\/genevieveetbernardauxameriques.fr\/wp-content\/uploads\/2019\/02\/DSCN5338.jpg?zoom=2&amp;resize=316%2C316&amp;ssl=1 632w, https:\/\/i0.wp.com\/genevieveetbernardauxameriques.fr\/wp-content\/uploads\/2019\/02\/DSCN5338.jpg?zoom=3&amp;resize=316%2C316&amp;ssl=1 948w\" width=\"316\" height=\"316\" loading=\"lazy\" data-original-width=\"316\" data-original-height=\"316\" itemprop=\"http:\/\/schema.org\/image\" title=\"DSCN5338\" alt=\"DSCN5338\" style=\"width: 316px; height: 316px;\" \/> <\/a> <\/div> <\/div> <div class=\"gallery-group\" style=\"width: 320px; height: 320px;\" data-original-width=\"320\" data-original-height=\"320\" > <div class=\"tiled-gallery-item \" itemprop=\"associatedMedia\" itemscope itemtype=\"http:\/\/schema.org\/ImageObject\"> <a href=\"https:\/\/genevieveetbernardauxameriques.fr\/index.php\/2019\/03\/06\/baja-californie-2-de-la-paz-a-san-ignacio-avec-edwige\/dscn5339\/\" border=\"0\" itemprop=\"url\"> <meta itemprop=\"width\" content=\"316\"> <meta itemprop=\"height\" content=\"316\"> <img decoding=\"async\" class=\"\" data-attachment-id=\"32885\" data-orig-file=\"https:\/\/genevieveetbernardauxameriques.fr\/wp-content\/uploads\/2019\/02\/DSCN5339.jpg\" data-orig-size=\"4608,3456\" data-comments-opened=\"1\" data-image-meta=\"{&quot;aperture&quot;:&quot;2.8&quot;,&quot;credit&quot;:&quot;&quot;,&quot;camera&quot;:&quot;COOLPIX P900&quot;,&quot;caption&quot;:&quot;&quot;,&quot;created_timestamp&quot;:&quot;1549799659&quot;,&quot;copyright&quot;:&quot;&quot;,&quot;focal_length&quot;:&quot;4.3&quot;,&quot;iso&quot;:&quot;100&quot;,&quot;shutter_speed&quot;:&quot;0.003125&quot;,&quot;title&quot;:&quot;&quot;,&quot;orientation&quot;:&quot;1&quot;}\" data-image-title=\"DSCN5339\" data-image-description=\"\" data-medium-file=\"https:\/\/i0.wp.com\/genevieveetbernardauxameriques.fr\/wp-content\/uploads\/2019\/02\/DSCN5339.jpg?fit=300%2C225&#038;ssl=1\" data-large-file=\"https:\/\/i0.wp.com\/genevieveetbernardauxameriques.fr\/wp-content\/uploads\/2019\/02\/DSCN5339.jpg?fit=640%2C480&#038;ssl=1\" src=\"https:\/\/i0.wp.com\/genevieveetbernardauxameriques.fr\/wp-content\/uploads\/2019\/02\/DSCN5339.jpg?w=316&#038;h=316&#038;crop=1&#038;ssl=1\" srcset=\"https:\/\/i0.wp.com\/genevieveetbernardauxameriques.fr\/wp-content\/uploads\/2019\/02\/DSCN5339.jpg?resize=150%2C150&amp;ssl=1 150w, https:\/\/i0.wp.com\/genevieveetbernardauxameriques.fr\/wp-content\/uploads\/2019\/02\/DSCN5339.jpg?zoom=2&amp;resize=316%2C316&amp;ssl=1 632w, https:\/\/i0.wp.com\/genevieveetbernardauxameriques.fr\/wp-content\/uploads\/2019\/02\/DSCN5339.jpg?zoom=3&amp;resize=316%2C316&amp;ssl=1 948w\" width=\"316\" height=\"316\" loading=\"lazy\" data-original-width=\"316\" data-original-height=\"316\" itemprop=\"http:\/\/schema.org\/image\" title=\"DSCN5339\" alt=\"DSCN5339\" style=\"width: 316px; height: 316px;\" \/> <\/a> <\/div> <\/div> <\/div> <div class=\"gallery-row\" style=\"width: 640px; height: 320px;\" data-original-width=\"640\" data-original-height=\"320\" > <div class=\"gallery-group\" style=\"width: 320px; height: 320px;\" data-original-width=\"320\" data-original-height=\"320\" > <div class=\"tiled-gallery-item \" itemprop=\"associatedMedia\" itemscope itemtype=\"http:\/\/schema.org\/ImageObject\"> <a href=\"https:\/\/genevieveetbernardauxameriques.fr\/index.php\/2019\/03\/06\/baja-californie-2-de-la-paz-a-san-ignacio-avec-edwige\/dscn5340-2\/\" border=\"0\" itemprop=\"url\"> <meta itemprop=\"width\" content=\"316\"> <meta itemprop=\"height\" content=\"316\"> <img decoding=\"async\" class=\"\" data-attachment-id=\"32886\" data-orig-file=\"https:\/\/genevieveetbernardauxameriques.fr\/wp-content\/uploads\/2019\/02\/DSCN5340.jpg\" data-orig-size=\"4608,3456\" data-comments-opened=\"1\" data-image-meta=\"{&quot;aperture&quot;:&quot;2.8&quot;,&quot;credit&quot;:&quot;&quot;,&quot;camera&quot;:&quot;COOLPIX P900&quot;,&quot;caption&quot;:&quot;&quot;,&quot;created_timestamp&quot;:&quot;1549799676&quot;,&quot;copyright&quot;:&quot;&quot;,&quot;focal_length&quot;:&quot;4.3&quot;,&quot;iso&quot;:&quot;100&quot;,&quot;shutter_speed&quot;:&quot;0.0015625&quot;,&quot;title&quot;:&quot;&quot;,&quot;orientation&quot;:&quot;1&quot;}\" data-image-title=\"DSCN5340\" data-image-description=\"\" data-medium-file=\"https:\/\/i0.wp.com\/genevieveetbernardauxameriques.fr\/wp-content\/uploads\/2019\/02\/DSCN5340.jpg?fit=300%2C225&#038;ssl=1\" data-large-file=\"https:\/\/i0.wp.com\/genevieveetbernardauxameriques.fr\/wp-content\/uploads\/2019\/02\/DSCN5340.jpg?fit=640%2C480&#038;ssl=1\" src=\"https:\/\/i0.wp.com\/genevieveetbernardauxameriques.fr\/wp-content\/uploads\/2019\/02\/DSCN5340.jpg?w=316&#038;h=316&#038;crop=1&#038;ssl=1\" srcset=\"https:\/\/i0.wp.com\/genevieveetbernardauxameriques.fr\/wp-content\/uploads\/2019\/02\/DSCN5340.jpg?resize=150%2C150&amp;ssl=1 150w, https:\/\/i0.wp.com\/genevieveetbernardauxameriques.fr\/wp-content\/uploads\/2019\/02\/DSCN5340.jpg?zoom=2&amp;resize=316%2C316&amp;ssl=1 632w, https:\/\/i0.wp.com\/genevieveetbernardauxameriques.fr\/wp-content\/uploads\/2019\/02\/DSCN5340.jpg?zoom=3&amp;resize=316%2C316&amp;ssl=1 948w\" width=\"316\" height=\"316\" loading=\"lazy\" data-original-width=\"316\" data-original-height=\"316\" itemprop=\"http:\/\/schema.org\/image\" title=\"DSCN5340\" alt=\"DSCN5340\" style=\"width: 316px; height: 316px;\" \/> <\/a> <\/div> <\/div> <div class=\"gallery-group\" style=\"width: 320px; height: 320px;\" data-original-width=\"320\" data-original-height=\"320\" > <div class=\"tiled-gallery-item \" itemprop=\"associatedMedia\" itemscope itemtype=\"http:\/\/schema.org\/ImageObject\"> <a href=\"https:\/\/genevieveetbernardauxameriques.fr\/index.php\/2019\/03\/06\/baja-californie-2-de-la-paz-a-san-ignacio-avec-edwige\/dscn5341-3\/\" border=\"0\" itemprop=\"url\"> <meta itemprop=\"width\" content=\"316\"> <meta itemprop=\"height\" content=\"316\"> <img decoding=\"async\" class=\"\" data-attachment-id=\"32887\" data-orig-file=\"https:\/\/genevieveetbernardauxameriques.fr\/wp-content\/uploads\/2019\/02\/DSCN5341.jpg\" data-orig-size=\"4608,3456\" data-comments-opened=\"1\" data-image-meta=\"{&quot;aperture&quot;:&quot;3.5&quot;,&quot;credit&quot;:&quot;&quot;,&quot;camera&quot;:&quot;COOLPIX P900&quot;,&quot;caption&quot;:&quot;&quot;,&quot;created_timestamp&quot;:&quot;1549799680&quot;,&quot;copyright&quot;:&quot;&quot;,&quot;focal_length&quot;:&quot;8.9&quot;,&quot;iso&quot;:&quot;100&quot;,&quot;shutter_speed&quot;:&quot;0.002&quot;,&quot;title&quot;:&quot;&quot;,&quot;orientation&quot;:&quot;1&quot;}\" data-image-title=\"DSCN5341\" data-image-description=\"\" data-medium-file=\"https:\/\/i0.wp.com\/genevieveetbernardauxameriques.fr\/wp-content\/uploads\/2019\/02\/DSCN5341.jpg?fit=300%2C225&#038;ssl=1\" data-large-file=\"https:\/\/i0.wp.com\/genevieveetbernardauxameriques.fr\/wp-content\/uploads\/2019\/02\/DSCN5341.jpg?fit=640%2C480&#038;ssl=1\" src=\"https:\/\/i0.wp.com\/genevieveetbernardauxameriques.fr\/wp-content\/uploads\/2019\/02\/DSCN5341.jpg?w=316&#038;h=316&#038;crop=1&#038;ssl=1\" srcset=\"https:\/\/i0.wp.com\/genevieveetbernardauxameriques.fr\/wp-content\/uploads\/2019\/02\/DSCN5341.jpg?resize=150%2C150&amp;ssl=1 150w, https:\/\/i0.wp.com\/genevieveetbernardauxameriques.fr\/wp-content\/uploads\/2019\/02\/DSCN5341.jpg?zoom=2&amp;resize=316%2C316&amp;ssl=1 632w, https:\/\/i0.wp.com\/genevieveetbernardauxameriques.fr\/wp-content\/uploads\/2019\/02\/DSCN5341.jpg?zoom=3&amp;resize=316%2C316&amp;ssl=1 948w\" width=\"316\" height=\"316\" loading=\"lazy\" data-original-width=\"316\" data-original-height=\"316\" itemprop=\"http:\/\/schema.org\/image\" title=\"DSCN5341\" alt=\"DSCN5341\" style=\"width: 316px; height: 316px;\" \/> <\/a> <\/div> <\/div> <\/div> <div class=\"gallery-row\" style=\"width: 640px; height: 320px;\" data-original-width=\"640\" data-original-height=\"320\" > <div class=\"gallery-group\" style=\"width: 320px; height: 320px;\" data-original-width=\"320\" data-original-height=\"320\" > <div class=\"tiled-gallery-item \" itemprop=\"associatedMedia\" itemscope itemtype=\"http:\/\/schema.org\/ImageObject\"> <a href=\"https:\/\/genevieveetbernardauxameriques.fr\/index.php\/2019\/03\/06\/baja-californie-2-de-la-paz-a-san-ignacio-avec-edwige\/dscn5343-3\/\" border=\"0\" itemprop=\"url\"> <meta itemprop=\"width\" content=\"316\"> <meta itemprop=\"height\" content=\"316\"> <img decoding=\"async\" class=\"\" data-attachment-id=\"32889\" data-orig-file=\"https:\/\/genevieveetbernardauxameriques.fr\/wp-content\/uploads\/2019\/02\/DSCN5343.jpg\" data-orig-size=\"4608,3456\" data-comments-opened=\"1\" data-image-meta=\"{&quot;aperture&quot;:&quot;2.8&quot;,&quot;credit&quot;:&quot;&quot;,&quot;camera&quot;:&quot;COOLPIX P900&quot;,&quot;caption&quot;:&quot;&quot;,&quot;created_timestamp&quot;:&quot;1549799811&quot;,&quot;copyright&quot;:&quot;&quot;,&quot;focal_length&quot;:&quot;4.3&quot;,&quot;iso&quot;:&quot;100&quot;,&quot;shutter_speed&quot;:&quot;0.00125&quot;,&quot;title&quot;:&quot;&quot;,&quot;orientation&quot;:&quot;1&quot;}\" data-image-title=\"DSCN5343\" data-image-description=\"\" data-medium-file=\"https:\/\/i0.wp.com\/genevieveetbernardauxameriques.fr\/wp-content\/uploads\/2019\/02\/DSCN5343.jpg?fit=300%2C225&#038;ssl=1\" data-large-file=\"https:\/\/i0.wp.com\/genevieveetbernardauxameriques.fr\/wp-content\/uploads\/2019\/02\/DSCN5343.jpg?fit=640%2C480&#038;ssl=1\" src=\"https:\/\/i0.wp.com\/genevieveetbernardauxameriques.fr\/wp-content\/uploads\/2019\/02\/DSCN5343.jpg?w=316&#038;h=316&#038;crop=1&#038;ssl=1\" srcset=\"https:\/\/i0.wp.com\/genevieveetbernardauxameriques.fr\/wp-content\/uploads\/2019\/02\/DSCN5343.jpg?resize=150%2C150&amp;ssl=1 150w, https:\/\/i0.wp.com\/genevieveetbernardauxameriques.fr\/wp-content\/uploads\/2019\/02\/DSCN5343.jpg?zoom=2&amp;resize=316%2C316&amp;ssl=1 632w, https:\/\/i0.wp.com\/genevieveetbernardauxameriques.fr\/wp-content\/uploads\/2019\/02\/DSCN5343.jpg?zoom=3&amp;resize=316%2C316&amp;ssl=1 948w\" width=\"316\" height=\"316\" loading=\"lazy\" data-original-width=\"316\" data-original-height=\"316\" itemprop=\"http:\/\/schema.org\/image\" title=\"DSCN5343\" alt=\"DSCN5343\" style=\"width: 316px; height: 316px;\" \/> <\/a> <\/div> <\/div> <div class=\"gallery-group\" style=\"width: 320px; height: 320px;\" data-original-width=\"320\" data-original-height=\"320\" > <div class=\"tiled-gallery-item \" itemprop=\"associatedMedia\" itemscope itemtype=\"http:\/\/schema.org\/ImageObject\"> <a href=\"https:\/\/genevieveetbernardauxameriques.fr\/index.php\/2019\/03\/06\/baja-californie-2-de-la-paz-a-san-ignacio-avec-edwige\/dscn5344-2\/\" border=\"0\" itemprop=\"url\"> <meta itemprop=\"width\" content=\"316\"> <meta itemprop=\"height\" content=\"316\"> <img decoding=\"async\" class=\"\" data-attachment-id=\"32890\" data-orig-file=\"https:\/\/genevieveetbernardauxameriques.fr\/wp-content\/uploads\/2019\/02\/DSCN5344.jpg\" data-orig-size=\"4608,3456\" data-comments-opened=\"1\" data-image-meta=\"{&quot;aperture&quot;:&quot;3.5&quot;,&quot;credit&quot;:&quot;&quot;,&quot;camera&quot;:&quot;COOLPIX P900&quot;,&quot;caption&quot;:&quot;&quot;,&quot;created_timestamp&quot;:&quot;1549799815&quot;,&quot;copyright&quot;:&quot;&quot;,&quot;focal_length&quot;:&quot;10.7&quot;,&quot;iso&quot;:&quot;100&quot;,&quot;shutter_speed&quot;:&quot;0.0025&quot;,&quot;title&quot;:&quot;&quot;,&quot;orientation&quot;:&quot;1&quot;}\" data-image-title=\"DSCN5344\" data-image-description=\"\" data-medium-file=\"https:\/\/i0.wp.com\/genevieveetbernardauxameriques.fr\/wp-content\/uploads\/2019\/02\/DSCN5344.jpg?fit=300%2C225&#038;ssl=1\" data-large-file=\"https:\/\/i0.wp.com\/genevieveetbernardauxameriques.fr\/wp-content\/uploads\/2019\/02\/DSCN5344.jpg?fit=640%2C480&#038;ssl=1\" src=\"https:\/\/i0.wp.com\/genevieveetbernardauxameriques.fr\/wp-content\/uploads\/2019\/02\/DSCN5344.jpg?w=316&#038;h=316&#038;crop=1&#038;ssl=1\" srcset=\"https:\/\/i0.wp.com\/genevieveetbernardauxameriques.fr\/wp-content\/uploads\/2019\/02\/DSCN5344.jpg?resize=150%2C150&amp;ssl=1 150w, https:\/\/i0.wp.com\/genevieveetbernardauxameriques.fr\/wp-content\/uploads\/2019\/02\/DSCN5344.jpg?zoom=2&amp;resize=316%2C316&amp;ssl=1 632w, https:\/\/i0.wp.com\/genevieveetbernardauxameriques.fr\/wp-content\/uploads\/2019\/02\/DSCN5344.jpg?zoom=3&amp;resize=316%2C316&amp;ssl=1 948w\" width=\"316\" height=\"316\" loading=\"lazy\" data-original-width=\"316\" data-original-height=\"316\" itemprop=\"http:\/\/schema.org\/image\" title=\"DSCN5344\" alt=\"DSCN5344\" style=\"width: 316px; height: 316px;\" \/> <\/a> <\/div> <\/div> <\/div> <\/div>\n<p>et celle-ci veut nous accompagner :<\/p>\n<p><a href=\"https:\/\/i0.wp.com\/genevieveetbernardauxameriques.fr\/wp-content\/uploads\/2019\/02\/DSCN5346.jpg?ssl=1\"><img loading=\"lazy\" decoding=\"async\" data-attachment-id=\"32892\" data-permalink=\"https:\/\/genevieveetbernardauxameriques.fr\/index.php\/2019\/03\/06\/baja-californie-2-de-la-paz-a-san-ignacio-avec-edwige\/dscn5346\/\" data-orig-file=\"https:\/\/i0.wp.com\/genevieveetbernardauxameriques.fr\/wp-content\/uploads\/2019\/02\/DSCN5346.jpg?fit=4608%2C3456&amp;ssl=1\" data-orig-size=\"4608,3456\" data-comments-opened=\"1\" data-image-meta=\"{&quot;aperture&quot;:&quot;4&quot;,&quot;credit&quot;:&quot;&quot;,&quot;camera&quot;:&quot;COOLPIX P900&quot;,&quot;caption&quot;:&quot;&quot;,&quot;created_timestamp&quot;:&quot;1549800209&quot;,&quot;copyright&quot;:&quot;&quot;,&quot;focal_length&quot;:&quot;18.7&quot;,&quot;iso&quot;:&quot;100&quot;,&quot;shutter_speed&quot;:&quot;0.002&quot;,&quot;title&quot;:&quot;&quot;,&quot;orientation&quot;:&quot;1&quot;}\" data-image-title=\"DSCN5346\" data-image-description=\"\" data-image-caption=\"\" data-medium-file=\"https:\/\/i0.wp.com\/genevieveetbernardauxameriques.fr\/wp-content\/uploads\/2019\/02\/DSCN5346.jpg?fit=300%2C225&amp;ssl=1\" data-large-file=\"https:\/\/i0.wp.com\/genevieveetbernardauxameriques.fr\/wp-content\/uploads\/2019\/02\/DSCN5346.jpg?fit=640%2C480&amp;ssl=1\" class=\"alignnone size-large wp-image-32892\" src=\"https:\/\/i0.wp.com\/genevieveetbernardauxameriques.fr\/wp-content\/uploads\/2019\/02\/DSCN5346.jpg?resize=640%2C480&#038;ssl=1\" alt=\"\" width=\"640\" height=\"480\" srcset=\"https:\/\/i0.wp.com\/genevieveetbernardauxameriques.fr\/wp-content\/uploads\/2019\/02\/DSCN5346.jpg?resize=1024%2C768&amp;ssl=1 1024w, https:\/\/i0.wp.com\/genevieveetbernardauxameriques.fr\/wp-content\/uploads\/2019\/02\/DSCN5346.jpg?resize=300%2C225&amp;ssl=1 300w, https:\/\/i0.wp.com\/genevieveetbernardauxameriques.fr\/wp-content\/uploads\/2019\/02\/DSCN5346.jpg?resize=768%2C576&amp;ssl=1 768w, https:\/\/i0.wp.com\/genevieveetbernardauxameriques.fr\/wp-content\/uploads\/2019\/02\/DSCN5346.jpg?w=1280&amp;ssl=1 1280w, https:\/\/i0.wp.com\/genevieveetbernardauxameriques.fr\/wp-content\/uploads\/2019\/02\/DSCN5346.jpg?w=1920&amp;ssl=1 1920w\" sizes=\"(max-width: 640px) 100vw, 640px\" data-recalc-dims=\"1\" \/><\/a> <a href=\"https:\/\/i0.wp.com\/genevieveetbernardauxameriques.fr\/wp-content\/uploads\/2019\/02\/DSCN5348.jpg?ssl=1\"><img loading=\"lazy\" decoding=\"async\" data-attachment-id=\"32893\" data-permalink=\"https:\/\/genevieveetbernardauxameriques.fr\/index.php\/2019\/03\/06\/baja-californie-2-de-la-paz-a-san-ignacio-avec-edwige\/dscn5348-2\/\" data-orig-file=\"https:\/\/i0.wp.com\/genevieveetbernardauxameriques.fr\/wp-content\/uploads\/2019\/02\/DSCN5348.jpg?fit=4608%2C3456&amp;ssl=1\" data-orig-size=\"4608,3456\" data-comments-opened=\"1\" data-image-meta=\"{&quot;aperture&quot;:&quot;4.5&quot;,&quot;credit&quot;:&quot;&quot;,&quot;camera&quot;:&quot;COOLPIX P900&quot;,&quot;caption&quot;:&quot;&quot;,&quot;created_timestamp&quot;:&quot;1549800220&quot;,&quot;copyright&quot;:&quot;&quot;,&quot;focal_length&quot;:&quot;42.8&quot;,&quot;iso&quot;:&quot;100&quot;,&quot;shutter_speed&quot;:&quot;0.003125&quot;,&quot;title&quot;:&quot;&quot;,&quot;orientation&quot;:&quot;1&quot;}\" data-image-title=\"DSCN5348\" data-image-description=\"\" data-image-caption=\"\" data-medium-file=\"https:\/\/i0.wp.com\/genevieveetbernardauxameriques.fr\/wp-content\/uploads\/2019\/02\/DSCN5348.jpg?fit=300%2C225&amp;ssl=1\" data-large-file=\"https:\/\/i0.wp.com\/genevieveetbernardauxameriques.fr\/wp-content\/uploads\/2019\/02\/DSCN5348.jpg?fit=640%2C480&amp;ssl=1\" class=\"alignnone size-large wp-image-32893\" src=\"https:\/\/i0.wp.com\/genevieveetbernardauxameriques.fr\/wp-content\/uploads\/2019\/02\/DSCN5348.jpg?resize=640%2C480&#038;ssl=1\" alt=\"\" width=\"640\" height=\"480\" srcset=\"https:\/\/i0.wp.com\/genevieveetbernardauxameriques.fr\/wp-content\/uploads\/2019\/02\/DSCN5348.jpg?resize=1024%2C768&amp;ssl=1 1024w, https:\/\/i0.wp.com\/genevieveetbernardauxameriques.fr\/wp-content\/uploads\/2019\/02\/DSCN5348.jpg?resize=300%2C225&amp;ssl=1 300w, https:\/\/i0.wp.com\/genevieveetbernardauxameriques.fr\/wp-content\/uploads\/2019\/02\/DSCN5348.jpg?resize=768%2C576&amp;ssl=1 768w, https:\/\/i0.wp.com\/genevieveetbernardauxameriques.fr\/wp-content\/uploads\/2019\/02\/DSCN5348.jpg?w=1280&amp;ssl=1 1280w, https:\/\/i0.wp.com\/genevieveetbernardauxameriques.fr\/wp-content\/uploads\/2019\/02\/DSCN5348.jpg?w=1920&amp;ssl=1 1920w\" sizes=\"(max-width: 640px) 100vw, 640px\" data-recalc-dims=\"1\" \/><\/a><a href=\"https:\/\/i0.wp.com\/genevieveetbernardauxameriques.fr\/wp-content\/uploads\/2019\/02\/DSCN5336.jpg?ssl=1\"><img loading=\"lazy\" decoding=\"async\" data-attachment-id=\"32882\" data-permalink=\"https:\/\/genevieveetbernardauxameriques.fr\/index.php\/2019\/03\/06\/baja-californie-2-de-la-paz-a-san-ignacio-avec-edwige\/dscn5336-2\/\" data-orig-file=\"https:\/\/i0.wp.com\/genevieveetbernardauxameriques.fr\/wp-content\/uploads\/2019\/02\/DSCN5336.jpg?fit=4608%2C3456&amp;ssl=1\" data-orig-size=\"4608,3456\" data-comments-opened=\"1\" data-image-meta=\"{&quot;aperture&quot;:&quot;3.2&quot;,&quot;credit&quot;:&quot;&quot;,&quot;camera&quot;:&quot;COOLPIX P900&quot;,&quot;caption&quot;:&quot;&quot;,&quot;created_timestamp&quot;:&quot;1549799563&quot;,&quot;copyright&quot;:&quot;&quot;,&quot;focal_length&quot;:&quot;7.1&quot;,&quot;iso&quot;:&quot;100&quot;,&quot;shutter_speed&quot;:&quot;0.0015625&quot;,&quot;title&quot;:&quot;&quot;,&quot;orientation&quot;:&quot;1&quot;}\" data-image-title=\"DSCN5336\" data-image-description=\"\" data-image-caption=\"\" data-medium-file=\"https:\/\/i0.wp.com\/genevieveetbernardauxameriques.fr\/wp-content\/uploads\/2019\/02\/DSCN5336.jpg?fit=300%2C225&amp;ssl=1\" data-large-file=\"https:\/\/i0.wp.com\/genevieveetbernardauxameriques.fr\/wp-content\/uploads\/2019\/02\/DSCN5336.jpg?fit=640%2C480&amp;ssl=1\" class=\"alignnone size-large wp-image-32882\" src=\"https:\/\/i0.wp.com\/genevieveetbernardauxameriques.fr\/wp-content\/uploads\/2019\/02\/DSCN5336.jpg?resize=640%2C480&#038;ssl=1\" alt=\"\" width=\"640\" height=\"480\" srcset=\"https:\/\/i0.wp.com\/genevieveetbernardauxameriques.fr\/wp-content\/uploads\/2019\/02\/DSCN5336.jpg?resize=1024%2C768&amp;ssl=1 1024w, https:\/\/i0.wp.com\/genevieveetbernardauxameriques.fr\/wp-content\/uploads\/2019\/02\/DSCN5336.jpg?resize=300%2C225&amp;ssl=1 300w, https:\/\/i0.wp.com\/genevieveetbernardauxameriques.fr\/wp-content\/uploads\/2019\/02\/DSCN5336.jpg?resize=768%2C576&amp;ssl=1 768w, https:\/\/i0.wp.com\/genevieveetbernardauxameriques.fr\/wp-content\/uploads\/2019\/02\/DSCN5336.jpg?w=1280&amp;ssl=1 1280w, https:\/\/i0.wp.com\/genevieveetbernardauxameriques.fr\/wp-content\/uploads\/2019\/02\/DSCN5336.jpg?w=1920&amp;ssl=1 1920w\" sizes=\"(max-width: 640px) 100vw, 640px\" data-recalc-dims=\"1\" \/><\/a><\/p>\n<p>Une sir\u00e8ne ou une autre otarie ?<\/p>\n<p><a href=\"https:\/\/i0.wp.com\/genevieveetbernardauxameriques.fr\/wp-content\/uploads\/2019\/02\/DSCN5345.jpg?ssl=1\"><img loading=\"lazy\" decoding=\"async\" data-attachment-id=\"32891\" data-permalink=\"https:\/\/genevieveetbernardauxameriques.fr\/index.php\/2019\/03\/06\/baja-californie-2-de-la-paz-a-san-ignacio-avec-edwige\/dscn5345-2\/\" data-orig-file=\"https:\/\/i0.wp.com\/genevieveetbernardauxameriques.fr\/wp-content\/uploads\/2019\/02\/DSCN5345.jpg?fit=4608%2C3456&amp;ssl=1\" data-orig-size=\"4608,3456\" data-comments-opened=\"1\" data-image-meta=\"{&quot;aperture&quot;:&quot;3.2&quot;,&quot;credit&quot;:&quot;&quot;,&quot;camera&quot;:&quot;COOLPIX P900&quot;,&quot;caption&quot;:&quot;&quot;,&quot;created_timestamp&quot;:&quot;1549799886&quot;,&quot;copyright&quot;:&quot;&quot;,&quot;focal_length&quot;:&quot;6.2&quot;,&quot;iso&quot;:&quot;100&quot;,&quot;shutter_speed&quot;:&quot;0.002&quot;,&quot;title&quot;:&quot;&quot;,&quot;orientation&quot;:&quot;1&quot;}\" data-image-title=\"DSCN5345\" data-image-description=\"\" data-image-caption=\"\" data-medium-file=\"https:\/\/i0.wp.com\/genevieveetbernardauxameriques.fr\/wp-content\/uploads\/2019\/02\/DSCN5345.jpg?fit=300%2C225&amp;ssl=1\" data-large-file=\"https:\/\/i0.wp.com\/genevieveetbernardauxameriques.fr\/wp-content\/uploads\/2019\/02\/DSCN5345.jpg?fit=640%2C480&amp;ssl=1\" class=\"alignnone size-large wp-image-32891\" src=\"https:\/\/i0.wp.com\/genevieveetbernardauxameriques.fr\/wp-content\/uploads\/2019\/02\/DSCN5345.jpg?resize=640%2C480&#038;ssl=1\" alt=\"\" width=\"640\" height=\"480\" srcset=\"https:\/\/i0.wp.com\/genevieveetbernardauxameriques.fr\/wp-content\/uploads\/2019\/02\/DSCN5345.jpg?resize=1024%2C768&amp;ssl=1 1024w, https:\/\/i0.wp.com\/genevieveetbernardauxameriques.fr\/wp-content\/uploads\/2019\/02\/DSCN5345.jpg?resize=300%2C225&amp;ssl=1 300w, https:\/\/i0.wp.com\/genevieveetbernardauxameriques.fr\/wp-content\/uploads\/2019\/02\/DSCN5345.jpg?resize=768%2C576&amp;ssl=1 768w, https:\/\/i0.wp.com\/genevieveetbernardauxameriques.fr\/wp-content\/uploads\/2019\/02\/DSCN5345.jpg?w=1280&amp;ssl=1 1280w, https:\/\/i0.wp.com\/genevieveetbernardauxameriques.fr\/wp-content\/uploads\/2019\/02\/DSCN5345.jpg?w=1920&amp;ssl=1 1920w\" sizes=\"(max-width: 640px) 100vw, 640px\" data-recalc-dims=\"1\" \/><\/a><\/p>\n<p>Il \u00e9tait pr\u00e9vu que nous allions d\u00e9jeuner sur une plage, mais finalement le repas se fera sur le bateau, une bonne salade au thon.<\/p>\n<p>Autour de nous, on assistera \u00e0 un ballet de dauphins au grand bonheur des enfants et de leur maman.<\/p>\n<p><a href=\"https:\/\/i0.wp.com\/genevieveetbernardauxameriques.fr\/wp-content\/uploads\/2019\/02\/RSCN5368.jpg?ssl=1\"><img loading=\"lazy\" decoding=\"async\" data-attachment-id=\"33298\" data-permalink=\"https:\/\/genevieveetbernardauxameriques.fr\/index.php\/2019\/03\/06\/baja-californie-2-de-la-paz-a-san-ignacio-avec-edwige\/rscn5368\/\" data-orig-file=\"https:\/\/i0.wp.com\/genevieveetbernardauxameriques.fr\/wp-content\/uploads\/2019\/02\/RSCN5368.jpg?fit=720%2C540&amp;ssl=1\" data-orig-size=\"720,540\" data-comments-opened=\"1\" data-image-meta=\"{&quot;aperture&quot;:&quot;4.5&quot;,&quot;credit&quot;:&quot;&quot;,&quot;camera&quot;:&quot;COOLPIX P900&quot;,&quot;caption&quot;:&quot;&quot;,&quot;created_timestamp&quot;:&quot;1549805791&quot;,&quot;copyright&quot;:&quot;&quot;,&quot;focal_length&quot;:&quot;33&quot;,&quot;iso&quot;:&quot;100&quot;,&quot;shutter_speed&quot;:&quot;0.00125&quot;,&quot;title&quot;:&quot;&quot;,&quot;orientation&quot;:&quot;1&quot;}\" data-image-title=\"RSCN5368\" data-image-description=\"\" data-image-caption=\"\" data-medium-file=\"https:\/\/i0.wp.com\/genevieveetbernardauxameriques.fr\/wp-content\/uploads\/2019\/02\/RSCN5368.jpg?fit=300%2C225&amp;ssl=1\" data-large-file=\"https:\/\/i0.wp.com\/genevieveetbernardauxameriques.fr\/wp-content\/uploads\/2019\/02\/RSCN5368.jpg?fit=640%2C480&amp;ssl=1\" class=\"alignnone size-full wp-image-33298\" src=\"https:\/\/i0.wp.com\/genevieveetbernardauxameriques.fr\/wp-content\/uploads\/2019\/02\/RSCN5368.jpg?resize=640%2C480&#038;ssl=1\" alt=\"\" width=\"640\" height=\"480\" srcset=\"https:\/\/i0.wp.com\/genevieveetbernardauxameriques.fr\/wp-content\/uploads\/2019\/02\/RSCN5368.jpg?w=720&amp;ssl=1 720w, https:\/\/i0.wp.com\/genevieveetbernardauxameriques.fr\/wp-content\/uploads\/2019\/02\/RSCN5368.jpg?resize=300%2C225&amp;ssl=1 300w\" sizes=\"(max-width: 640px) 100vw, 640px\" data-recalc-dims=\"1\" \/><\/a><a href=\"https:\/\/i0.wp.com\/genevieveetbernardauxameriques.fr\/wp-content\/uploads\/2019\/02\/thumbnail_IMG-20190210-WA00021.jpg?ssl=1\"><img loading=\"lazy\" decoding=\"async\" data-attachment-id=\"32989\" data-permalink=\"https:\/\/genevieveetbernardauxameriques.fr\/index.php\/2019\/03\/06\/baja-californie-2-de-la-paz-a-san-ignacio-avec-edwige\/thumbnail_img-20190210-wa00021\/\" data-orig-file=\"https:\/\/i0.wp.com\/genevieveetbernardauxameriques.fr\/wp-content\/uploads\/2019\/02\/thumbnail_IMG-20190210-WA00021.jpg?fit=800%2C540&amp;ssl=1\" data-orig-size=\"800,540\" data-comments-opened=\"1\" data-image-meta=\"{&quot;aperture&quot;:&quot;0&quot;,&quot;credit&quot;:&quot;&quot;,&quot;camera&quot;:&quot;&quot;,&quot;caption&quot;:&quot;&quot;,&quot;created_timestamp&quot;:&quot;0&quot;,&quot;copyright&quot;:&quot;&quot;,&quot;focal_length&quot;:&quot;0&quot;,&quot;iso&quot;:&quot;0&quot;,&quot;shutter_speed&quot;:&quot;0&quot;,&quot;title&quot;:&quot;&quot;,&quot;orientation&quot;:&quot;0&quot;}\" data-image-title=\"thumbnail_IMG-20190210-WA0002[1]\" data-image-description=\"\" data-image-caption=\"\" data-medium-file=\"https:\/\/i0.wp.com\/genevieveetbernardauxameriques.fr\/wp-content\/uploads\/2019\/02\/thumbnail_IMG-20190210-WA00021.jpg?fit=300%2C203&amp;ssl=1\" data-large-file=\"https:\/\/i0.wp.com\/genevieveetbernardauxameriques.fr\/wp-content\/uploads\/2019\/02\/thumbnail_IMG-20190210-WA00021.jpg?fit=640%2C432&amp;ssl=1\" class=\"alignnone size-full wp-image-32989\" src=\"https:\/\/i0.wp.com\/genevieveetbernardauxameriques.fr\/wp-content\/uploads\/2019\/02\/thumbnail_IMG-20190210-WA00021.jpg?resize=640%2C432&#038;ssl=1\" alt=\"\" width=\"640\" height=\"432\" srcset=\"https:\/\/i0.wp.com\/genevieveetbernardauxameriques.fr\/wp-content\/uploads\/2019\/02\/thumbnail_IMG-20190210-WA00021.jpg?w=800&amp;ssl=1 800w, https:\/\/i0.wp.com\/genevieveetbernardauxameriques.fr\/wp-content\/uploads\/2019\/02\/thumbnail_IMG-20190210-WA00021.jpg?resize=300%2C203&amp;ssl=1 300w, https:\/\/i0.wp.com\/genevieveetbernardauxameriques.fr\/wp-content\/uploads\/2019\/02\/thumbnail_IMG-20190210-WA00021.jpg?resize=768%2C518&amp;ssl=1 768w\" sizes=\"(max-width: 640px) 100vw, 640px\" data-recalc-dims=\"1\" \/><\/a><\/p>\n<p><a href=\"https:\/\/i0.wp.com\/genevieveetbernardauxameriques.fr\/wp-content\/uploads\/2019\/03\/DSC_3702.jpg?ssl=1\"><img loading=\"lazy\" decoding=\"async\" data-attachment-id=\"33352\" data-permalink=\"https:\/\/genevieveetbernardauxameriques.fr\/index.php\/2019\/03\/06\/baja-californie-2-de-la-paz-a-san-ignacio-avec-edwige\/dsc_3702\/\" data-orig-file=\"https:\/\/i0.wp.com\/genevieveetbernardauxameriques.fr\/wp-content\/uploads\/2019\/03\/DSC_3702.jpg?fit=800%2C533&amp;ssl=1\" data-orig-size=\"800,533\" data-comments-opened=\"1\" data-image-meta=\"{&quot;aperture&quot;:&quot;6.3&quot;,&quot;credit&quot;:&quot;Calfrouch&quot;,&quot;camera&quot;:&quot;NIKON D7100&quot;,&quot;caption&quot;:&quot;&quot;,&quot;created_timestamp&quot;:&quot;1549814504&quot;,&quot;copyright&quot;:&quot;Mansah-ki&quot;,&quot;focal_length&quot;:&quot;80&quot;,&quot;iso&quot;:&quot;400&quot;,&quot;shutter_speed&quot;:&quot;0.000625&quot;,&quot;title&quot;:&quot;&quot;,&quot;orientation&quot;:&quot;1&quot;}\" data-image-title=\"DSC_3702\" data-image-description=\"\" data-image-caption=\"\" data-medium-file=\"https:\/\/i0.wp.com\/genevieveetbernardauxameriques.fr\/wp-content\/uploads\/2019\/03\/DSC_3702.jpg?fit=300%2C200&amp;ssl=1\" data-large-file=\"https:\/\/i0.wp.com\/genevieveetbernardauxameriques.fr\/wp-content\/uploads\/2019\/03\/DSC_3702.jpg?fit=640%2C426&amp;ssl=1\" class=\"alignnone size-full wp-image-33352\" src=\"https:\/\/i0.wp.com\/genevieveetbernardauxameriques.fr\/wp-content\/uploads\/2019\/03\/DSC_3702.jpg?resize=640%2C426&#038;ssl=1\" alt=\"\" width=\"640\" height=\"426\" srcset=\"https:\/\/i0.wp.com\/genevieveetbernardauxameriques.fr\/wp-content\/uploads\/2019\/03\/DSC_3702.jpg?w=800&amp;ssl=1 800w, https:\/\/i0.wp.com\/genevieveetbernardauxameriques.fr\/wp-content\/uploads\/2019\/03\/DSC_3702.jpg?resize=300%2C200&amp;ssl=1 300w, https:\/\/i0.wp.com\/genevieveetbernardauxameriques.fr\/wp-content\/uploads\/2019\/03\/DSC_3702.jpg?resize=768%2C512&amp;ssl=1 768w\" sizes=\"(max-width: 640px) 100vw, 640px\" data-recalc-dims=\"1\" \/><\/a> <a href=\"https:\/\/i0.wp.com\/genevieveetbernardauxameriques.fr\/wp-content\/uploads\/2019\/03\/DSC_3709.jpg?ssl=1\"><img loading=\"lazy\" decoding=\"async\" data-attachment-id=\"33353\" data-permalink=\"https:\/\/genevieveetbernardauxameriques.fr\/index.php\/2019\/03\/06\/baja-californie-2-de-la-paz-a-san-ignacio-avec-edwige\/dsc_3709\/\" data-orig-file=\"https:\/\/i0.wp.com\/genevieveetbernardauxameriques.fr\/wp-content\/uploads\/2019\/03\/DSC_3709.jpg?fit=800%2C533&amp;ssl=1\" data-orig-size=\"800,533\" data-comments-opened=\"1\" data-image-meta=\"{&quot;aperture&quot;:&quot;5.6&quot;,&quot;credit&quot;:&quot;Calfrouch&quot;,&quot;camera&quot;:&quot;NIKON D7100&quot;,&quot;caption&quot;:&quot;&quot;,&quot;created_timestamp&quot;:&quot;1549814748&quot;,&quot;copyright&quot;:&quot;Mansah-ki&quot;,&quot;focal_length&quot;:&quot;98&quot;,&quot;iso&quot;:&quot;400&quot;,&quot;shutter_speed&quot;:&quot;0.000625&quot;,&quot;title&quot;:&quot;&quot;,&quot;orientation&quot;:&quot;1&quot;}\" data-image-title=\"DSC_3709\" data-image-description=\"\" data-image-caption=\"\" data-medium-file=\"https:\/\/i0.wp.com\/genevieveetbernardauxameriques.fr\/wp-content\/uploads\/2019\/03\/DSC_3709.jpg?fit=300%2C200&amp;ssl=1\" data-large-file=\"https:\/\/i0.wp.com\/genevieveetbernardauxameriques.fr\/wp-content\/uploads\/2019\/03\/DSC_3709.jpg?fit=640%2C426&amp;ssl=1\" class=\"alignnone size-full wp-image-33353\" src=\"https:\/\/i0.wp.com\/genevieveetbernardauxameriques.fr\/wp-content\/uploads\/2019\/03\/DSC_3709.jpg?resize=640%2C426&#038;ssl=1\" alt=\"\" width=\"640\" height=\"426\" srcset=\"https:\/\/i0.wp.com\/genevieveetbernardauxameriques.fr\/wp-content\/uploads\/2019\/03\/DSC_3709.jpg?w=800&amp;ssl=1 800w, https:\/\/i0.wp.com\/genevieveetbernardauxameriques.fr\/wp-content\/uploads\/2019\/03\/DSC_3709.jpg?resize=300%2C200&amp;ssl=1 300w, https:\/\/i0.wp.com\/genevieveetbernardauxameriques.fr\/wp-content\/uploads\/2019\/03\/DSC_3709.jpg?resize=768%2C512&amp;ssl=1 768w\" sizes=\"(max-width: 640px) 100vw, 640px\" data-recalc-dims=\"1\" \/><\/a><\/p>\n<p>Nous partons\u00a0 pour aller pr\u00e8s de la plage o\u00f9 nous \u00e9tions la veille. 1 h de bateau.<\/p>\n<p>Et l\u00e0 une dizaine de requins baleines sont autour de nous. C&rsquo;est assez exceptionnel d&rsquo;en voir autant. Mais avant une petite explication sur ce poisson :<\/p>\n<p>\u00ab\u00a0Le requin-baleine est le plus grand poisson existant sur la plan\u00e8te (entre 5 et 14 m). C&rsquo;est un animal au corps allong\u00e9 et massif, \u00e0 la peau gris\u00e2tre dont la livr\u00e9e en damiers est caract\u00e9ristique. La t\u00eate du requin baleine est aplatie et sa bouche est situ\u00e9e \u00e0 l\u2019avant. Elle est \u00e9norme et sa taille peut atteindre les 2 m\u00e8tres de largeur. Elle est \u00e9quip\u00e9e d&rsquo;un grand nombre de dents minuscules qui sont r\u00e9parties sur 300 rang\u00e9es par m\u00e2choire. Le poisson poss\u00e8de cinq paires de fentes branchiales qui, hormis leur fonction respiratoire, servent \u00e0 filtrer l&rsquo;eau pour en s\u00e9parer la nourriture. Le requin arbore deux ailerons dorsaux.<\/p>\n<p>Malgr\u00e9 sa taille, le requin-baleine est un poisson inoffensif et d\u00e9nu\u00e9 d&rsquo;agressivit\u00e9. Il se d\u00e9place \u00e0 une allure faible (environ 5 km\/h) mais est capable de franchir des milliers de kilom\u00e8tres lors de ses migrations. Il est un animal qui se nourrit essentiellement de plancton et de petits poissons dont la taille n&rsquo;exc\u00e8de pas 10 cm. Pour ce faire, il ouvre grand la gueule et avale des milliers de litres d&rsquo;eau contenant la nourriture. Il expulse l&rsquo;eau par les fentes branchiales et avale les proies rest\u00e9es prisonni\u00e8res en d\u00e9glutissant.<\/p>\n<p>La baie de La Paz en Basse Californie fait partie des rares endroits au monde o\u00f9 des groupes de requins baleines s&rsquo;approchent chaque ann\u00e9e des c\u00f4tes, dans le but de s&rsquo;alimenter.<\/p>\n<p>Les requins baleine atteindraient leur maturit\u00e9 sexuelle vers l\u2019\u00e2ge de 30 ans, et leur esp\u00e9rance de vie moyenne est estim\u00e9e \u00e0 70 ans. De plus, ces poissons n\u2019ont pas de pr\u00e9dateurs connus.\u00a0\u00bb<\/p>\n<p><a href=\"https:\/\/i0.wp.com\/genevieveetbernardauxameriques.fr\/wp-content\/uploads\/2019\/02\/images1.jpg?ssl=1\"><img loading=\"lazy\" decoding=\"async\" data-attachment-id=\"32956\" data-permalink=\"https:\/\/genevieveetbernardauxameriques.fr\/index.php\/2019\/03\/06\/baja-californie-2-de-la-paz-a-san-ignacio-avec-edwige\/images1\/\" data-orig-file=\"https:\/\/i0.wp.com\/genevieveetbernardauxameriques.fr\/wp-content\/uploads\/2019\/02\/images1.jpg?fit=720%2C479&amp;ssl=1\" data-orig-size=\"720,479\" data-comments-opened=\"1\" data-image-meta=\"{&quot;aperture&quot;:&quot;0&quot;,&quot;credit&quot;:&quot;&quot;,&quot;camera&quot;:&quot;&quot;,&quot;caption&quot;:&quot;&quot;,&quot;created_timestamp&quot;:&quot;0&quot;,&quot;copyright&quot;:&quot;&quot;,&quot;focal_length&quot;:&quot;0&quot;,&quot;iso&quot;:&quot;0&quot;,&quot;shutter_speed&quot;:&quot;0&quot;,&quot;title&quot;:&quot;&quot;,&quot;orientation&quot;:&quot;0&quot;}\" data-image-title=\"images[1]\" data-image-description=\"\" data-image-caption=\"\" data-medium-file=\"https:\/\/i0.wp.com\/genevieveetbernardauxameriques.fr\/wp-content\/uploads\/2019\/02\/images1.jpg?fit=300%2C200&amp;ssl=1\" data-large-file=\"https:\/\/i0.wp.com\/genevieveetbernardauxameriques.fr\/wp-content\/uploads\/2019\/02\/images1.jpg?fit=640%2C426&amp;ssl=1\" class=\"alignnone size-full wp-image-32956\" src=\"https:\/\/i0.wp.com\/genevieveetbernardauxameriques.fr\/wp-content\/uploads\/2019\/02\/images1.jpg?resize=640%2C426&#038;ssl=1\" alt=\"\" width=\"640\" height=\"426\" srcset=\"https:\/\/i0.wp.com\/genevieveetbernardauxameriques.fr\/wp-content\/uploads\/2019\/02\/images1.jpg?w=720&amp;ssl=1 720w, https:\/\/i0.wp.com\/genevieveetbernardauxameriques.fr\/wp-content\/uploads\/2019\/02\/images1.jpg?resize=300%2C200&amp;ssl=1 300w\" sizes=\"(max-width: 640px) 100vw, 640px\" data-recalc-dims=\"1\" \/><\/a> <a href=\"https:\/\/i0.wp.com\/genevieveetbernardauxameriques.fr\/wp-content\/uploads\/2019\/02\/club-med-cancun-yucatan1.jpg?ssl=1\"><img loading=\"lazy\" decoding=\"async\" data-attachment-id=\"32955\" data-permalink=\"https:\/\/genevieveetbernardauxameriques.fr\/index.php\/2019\/03\/06\/baja-californie-2-de-la-paz-a-san-ignacio-avec-edwige\/club-med-cancun-yucatan1\/\" data-orig-file=\"https:\/\/i0.wp.com\/genevieveetbernardauxameriques.fr\/wp-content\/uploads\/2019\/02\/club-med-cancun-yucatan1.jpg?fit=720%2C425&amp;ssl=1\" data-orig-size=\"720,425\" data-comments-opened=\"1\" data-image-meta=\"{&quot;aperture&quot;:&quot;0&quot;,&quot;credit&quot;:&quot;&quot;,&quot;camera&quot;:&quot;&quot;,&quot;caption&quot;:&quot;&quot;,&quot;created_timestamp&quot;:&quot;0&quot;,&quot;copyright&quot;:&quot;&quot;,&quot;focal_length&quot;:&quot;0&quot;,&quot;iso&quot;:&quot;0&quot;,&quot;shutter_speed&quot;:&quot;0&quot;,&quot;title&quot;:&quot;&quot;,&quot;orientation&quot;:&quot;0&quot;}\" data-image-title=\"club-med-cancun-yucatan[1]\" data-image-description=\"\" data-image-caption=\"\" data-medium-file=\"https:\/\/i0.wp.com\/genevieveetbernardauxameriques.fr\/wp-content\/uploads\/2019\/02\/club-med-cancun-yucatan1.jpg?fit=300%2C177&amp;ssl=1\" data-large-file=\"https:\/\/i0.wp.com\/genevieveetbernardauxameriques.fr\/wp-content\/uploads\/2019\/02\/club-med-cancun-yucatan1.jpg?fit=640%2C378&amp;ssl=1\" class=\"alignnone size-full wp-image-32955\" src=\"https:\/\/i0.wp.com\/genevieveetbernardauxameriques.fr\/wp-content\/uploads\/2019\/02\/club-med-cancun-yucatan1.jpg?resize=640%2C378&#038;ssl=1\" alt=\"\" width=\"640\" height=\"378\" srcset=\"https:\/\/i0.wp.com\/genevieveetbernardauxameriques.fr\/wp-content\/uploads\/2019\/02\/club-med-cancun-yucatan1.jpg?w=720&amp;ssl=1 720w, https:\/\/i0.wp.com\/genevieveetbernardauxameriques.fr\/wp-content\/uploads\/2019\/02\/club-med-cancun-yucatan1.jpg?resize=300%2C177&amp;ssl=1 300w\" sizes=\"(max-width: 640px) 100vw, 640px\" data-recalc-dims=\"1\" \/><\/a><\/p>\n<p>(ces 2 photos sont prises sur internet)<\/p>\n<p>Les consignes \u00e9taient qu&rsquo;Edwige et ses enfants nageaient ensemble avec un guide, remontaient et ensuite c&rsquo;\u00e9tait au tour des 3 autres Canadiens. Mais vu le nombre de poissons aujourd&rsquo;hui, tout le monde est parti en m\u00eame temps. Il parait que nous avons une chance incroyable, il y en a des dizaines autour de nous, quelquefois, il n&rsquo;y en qu&rsquo;un seul, et la visibilit\u00e9 est bonne.<\/p>\n<p>Pouvez-vous imaginer nager \u00e0 c\u00f4t\u00e9 d\u2019un requin-baleine long de 10 m\u00e8tres pendant qu\u2019il est en train de manger ?<\/p>\n<p>Tout le monde reste group\u00e9, Lilou donne la main \u00e0 une guide et Edwige s&rsquo;occupe de Noan. Il para\u00eet que c&rsquo;est tr\u00e8s impressionnant de se retrouver juste \u00e0 proximit\u00e9. Cela fait m\u00eame un peu peur, aux dires de Lilou.<\/p>\n<p>Il vont rester un peu plus d&rsquo;une heure avec les requins baleines. je meurs d&rsquo;envie y aller mais je n&rsquo;ai pas de combinaison ni de palmes.<\/p>\n<p><a href=\"https:\/\/i0.wp.com\/genevieveetbernardauxameriques.fr\/wp-content\/uploads\/2019\/02\/IMG_20190210_132938.jpg?ssl=1\"><img loading=\"lazy\" decoding=\"async\" data-attachment-id=\"32967\" data-permalink=\"https:\/\/genevieveetbernardauxameriques.fr\/index.php\/2019\/03\/06\/baja-californie-2-de-la-paz-a-san-ignacio-avec-edwige\/img_20190210_132938\/\" data-orig-file=\"https:\/\/i0.wp.com\/genevieveetbernardauxameriques.fr\/wp-content\/uploads\/2019\/02\/IMG_20190210_132938.jpg?fit=720%2C540&amp;ssl=1\" data-orig-size=\"720,540\" data-comments-opened=\"1\" data-image-meta=\"{&quot;aperture&quot;:&quot;2&quot;,&quot;credit&quot;:&quot;&quot;,&quot;camera&quot;:&quot;STARXTREM 6&quot;,&quot;caption&quot;:&quot;&quot;,&quot;created_timestamp&quot;:&quot;1549805378&quot;,&quot;copyright&quot;:&quot;&quot;,&quot;focal_length&quot;:&quot;3.69&quot;,&quot;iso&quot;:&quot;100&quot;,&quot;shutter_speed&quot;:&quot;0.00089365504915103&quot;,&quot;title&quot;:&quot;&quot;,&quot;orientation&quot;:&quot;0&quot;}\" data-image-title=\"IMG_20190210_132938\" data-image-description=\"\" data-image-caption=\"\" data-medium-file=\"https:\/\/i0.wp.com\/genevieveetbernardauxameriques.fr\/wp-content\/uploads\/2019\/02\/IMG_20190210_132938.jpg?fit=300%2C225&amp;ssl=1\" data-large-file=\"https:\/\/i0.wp.com\/genevieveetbernardauxameriques.fr\/wp-content\/uploads\/2019\/02\/IMG_20190210_132938.jpg?fit=640%2C480&amp;ssl=1\" class=\"alignnone size-full wp-image-32967\" src=\"https:\/\/i0.wp.com\/genevieveetbernardauxameriques.fr\/wp-content\/uploads\/2019\/02\/IMG_20190210_132938.jpg?resize=640%2C480&#038;ssl=1\" alt=\"\" width=\"640\" height=\"480\" srcset=\"https:\/\/i0.wp.com\/genevieveetbernardauxameriques.fr\/wp-content\/uploads\/2019\/02\/IMG_20190210_132938.jpg?w=720&amp;ssl=1 720w, https:\/\/i0.wp.com\/genevieveetbernardauxameriques.fr\/wp-content\/uploads\/2019\/02\/IMG_20190210_132938.jpg?resize=300%2C225&amp;ssl=1 300w\" sizes=\"(max-width: 640px) 100vw, 640px\" data-recalc-dims=\"1\" \/><\/a><\/p>\n<div class=\"tiled-gallery type-square tiled-gallery-unresized\" data-original-width=\"640\" data-carousel-extra='{&quot;blog_id&quot;:1,&quot;permalink&quot;:&quot;https:\\\/\\\/genevieveetbernardauxameriques.fr\\\/index.php\\\/2019\\\/03\\\/06\\\/baja-californie-2-de-la-paz-a-san-ignacio-avec-edwige\\\/&quot;,&quot;likes_blog_id&quot;:107627276}' itemscope itemtype=\"http:\/\/schema.org\/ImageGallery\" > <div class=\"gallery-row\" style=\"width: 640px; height: 320px;\" data-original-width=\"640\" data-original-height=\"320\" > <div class=\"gallery-group\" style=\"width: 320px; height: 320px;\" data-original-width=\"320\" data-original-height=\"320\" > <div class=\"tiled-gallery-item \" itemprop=\"associatedMedia\" itemscope itemtype=\"http:\/\/schema.org\/ImageObject\"> <a href=\"https:\/\/genevieveetbernardauxameriques.fr\/index.php\/2019\/03\/06\/baja-californie-2-de-la-paz-a-san-ignacio-avec-edwige\/dscn5399\/\" border=\"0\" itemprop=\"url\"> <meta itemprop=\"width\" content=\"316\"> <meta itemprop=\"height\" content=\"316\"> <img decoding=\"async\" class=\"\" data-attachment-id=\"32917\" data-orig-file=\"https:\/\/genevieveetbernardauxameriques.fr\/wp-content\/uploads\/2019\/02\/DSCN5399.jpg\" data-orig-size=\"4608,3456\" data-comments-opened=\"1\" data-image-meta=\"{&quot;aperture&quot;:&quot;4.5&quot;,&quot;credit&quot;:&quot;&quot;,&quot;camera&quot;:&quot;COOLPIX P900&quot;,&quot;caption&quot;:&quot;&quot;,&quot;created_timestamp&quot;:&quot;1549808827&quot;,&quot;copyright&quot;:&quot;&quot;,&quot;focal_length&quot;:&quot;46.4&quot;,&quot;iso&quot;:&quot;100&quot;,&quot;shutter_speed&quot;:&quot;0.0025&quot;,&quot;title&quot;:&quot;&quot;,&quot;orientation&quot;:&quot;1&quot;}\" data-image-title=\"DSCN5399\" data-image-description=\"\" data-medium-file=\"https:\/\/i0.wp.com\/genevieveetbernardauxameriques.fr\/wp-content\/uploads\/2019\/02\/DSCN5399.jpg?fit=300%2C225&#038;ssl=1\" data-large-file=\"https:\/\/i0.wp.com\/genevieveetbernardauxameriques.fr\/wp-content\/uploads\/2019\/02\/DSCN5399.jpg?fit=640%2C480&#038;ssl=1\" src=\"https:\/\/i0.wp.com\/genevieveetbernardauxameriques.fr\/wp-content\/uploads\/2019\/02\/DSCN5399.jpg?w=316&#038;h=316&#038;crop=1&#038;ssl=1\" srcset=\"https:\/\/i0.wp.com\/genevieveetbernardauxameriques.fr\/wp-content\/uploads\/2019\/02\/DSCN5399.jpg?resize=150%2C150&amp;ssl=1 150w, https:\/\/i0.wp.com\/genevieveetbernardauxameriques.fr\/wp-content\/uploads\/2019\/02\/DSCN5399.jpg?zoom=2&amp;resize=316%2C316&amp;ssl=1 632w, https:\/\/i0.wp.com\/genevieveetbernardauxameriques.fr\/wp-content\/uploads\/2019\/02\/DSCN5399.jpg?zoom=3&amp;resize=316%2C316&amp;ssl=1 948w\" width=\"316\" height=\"316\" loading=\"lazy\" data-original-width=\"316\" data-original-height=\"316\" itemprop=\"http:\/\/schema.org\/image\" title=\"DSCN5399\" alt=\"DSCN5399\" style=\"width: 316px; height: 316px;\" \/> <\/a> <\/div> <\/div> <div class=\"gallery-group\" style=\"width: 320px; height: 320px;\" data-original-width=\"320\" data-original-height=\"320\" > <div class=\"tiled-gallery-item \" itemprop=\"associatedMedia\" itemscope itemtype=\"http:\/\/schema.org\/ImageObject\"> <a href=\"https:\/\/genevieveetbernardauxameriques.fr\/index.php\/2019\/03\/06\/baja-californie-2-de-la-paz-a-san-ignacio-avec-edwige\/dscn5398-2\/\" border=\"0\" itemprop=\"url\"> <meta itemprop=\"width\" content=\"316\"> <meta itemprop=\"height\" content=\"316\"> <img decoding=\"async\" class=\"\" data-attachment-id=\"32916\" data-orig-file=\"https:\/\/genevieveetbernardauxameriques.fr\/wp-content\/uploads\/2019\/02\/DSCN5398.jpg\" data-orig-size=\"4608,3456\" data-comments-opened=\"1\" data-image-meta=\"{&quot;aperture&quot;:&quot;4.5&quot;,&quot;credit&quot;:&quot;&quot;,&quot;camera&quot;:&quot;COOLPIX P900&quot;,&quot;caption&quot;:&quot;&quot;,&quot;created_timestamp&quot;:&quot;1549808824&quot;,&quot;copyright&quot;:&quot;&quot;,&quot;focal_length&quot;:&quot;46.4&quot;,&quot;iso&quot;:&quot;100&quot;,&quot;shutter_speed&quot;:&quot;0.0025&quot;,&quot;title&quot;:&quot;&quot;,&quot;orientation&quot;:&quot;1&quot;}\" data-image-title=\"DSCN5398\" data-image-description=\"\" data-medium-file=\"https:\/\/i0.wp.com\/genevieveetbernardauxameriques.fr\/wp-content\/uploads\/2019\/02\/DSCN5398.jpg?fit=300%2C225&#038;ssl=1\" data-large-file=\"https:\/\/i0.wp.com\/genevieveetbernardauxameriques.fr\/wp-content\/uploads\/2019\/02\/DSCN5398.jpg?fit=640%2C480&#038;ssl=1\" src=\"https:\/\/i0.wp.com\/genevieveetbernardauxameriques.fr\/wp-content\/uploads\/2019\/02\/DSCN5398.jpg?w=316&#038;h=316&#038;crop=1&#038;ssl=1\" srcset=\"https:\/\/i0.wp.com\/genevieveetbernardauxameriques.fr\/wp-content\/uploads\/2019\/02\/DSCN5398.jpg?resize=150%2C150&amp;ssl=1 150w, https:\/\/i0.wp.com\/genevieveetbernardauxameriques.fr\/wp-content\/uploads\/2019\/02\/DSCN5398.jpg?zoom=2&amp;resize=316%2C316&amp;ssl=1 632w, https:\/\/i0.wp.com\/genevieveetbernardauxameriques.fr\/wp-content\/uploads\/2019\/02\/DSCN5398.jpg?zoom=3&amp;resize=316%2C316&amp;ssl=1 948w\" width=\"316\" height=\"316\" loading=\"lazy\" data-original-width=\"316\" data-original-height=\"316\" itemprop=\"http:\/\/schema.org\/image\" title=\"DSCN5398\" alt=\"DSCN5398\" style=\"width: 316px; height: 316px;\" \/> <\/a> <\/div> <\/div> <\/div> <div class=\"gallery-row\" style=\"width: 640px; height: 320px;\" data-original-width=\"640\" data-original-height=\"320\" > <div class=\"gallery-group\" style=\"width: 320px; height: 320px;\" data-original-width=\"320\" data-original-height=\"320\" > <div class=\"tiled-gallery-item \" itemprop=\"associatedMedia\" itemscope itemtype=\"http:\/\/schema.org\/ImageObject\"> <a href=\"https:\/\/genevieveetbernardauxameriques.fr\/index.php\/2019\/03\/06\/baja-californie-2-de-la-paz-a-san-ignacio-avec-edwige\/dscn5390-3\/\" border=\"0\" itemprop=\"url\"> <meta itemprop=\"width\" content=\"316\"> <meta itemprop=\"height\" content=\"316\"> <img decoding=\"async\" class=\"\" data-attachment-id=\"32911\" data-orig-file=\"https:\/\/genevieveetbernardauxameriques.fr\/wp-content\/uploads\/2019\/02\/DSCN5390.jpg\" data-orig-size=\"4608,3456\" data-comments-opened=\"1\" data-image-meta=\"{&quot;aperture&quot;:&quot;4&quot;,&quot;credit&quot;:&quot;&quot;,&quot;camera&quot;:&quot;COOLPIX P900&quot;,&quot;caption&quot;:&quot;&quot;,&quot;created_timestamp&quot;:&quot;1549808576&quot;,&quot;copyright&quot;:&quot;&quot;,&quot;focal_length&quot;:&quot;15.2&quot;,&quot;iso&quot;:&quot;100&quot;,&quot;shutter_speed&quot;:&quot;0.00125&quot;,&quot;title&quot;:&quot;&quot;,&quot;orientation&quot;:&quot;1&quot;}\" data-image-title=\"DSCN5390\" data-image-description=\"\" data-medium-file=\"https:\/\/i0.wp.com\/genevieveetbernardauxameriques.fr\/wp-content\/uploads\/2019\/02\/DSCN5390.jpg?fit=300%2C225&#038;ssl=1\" data-large-file=\"https:\/\/i0.wp.com\/genevieveetbernardauxameriques.fr\/wp-content\/uploads\/2019\/02\/DSCN5390.jpg?fit=640%2C480&#038;ssl=1\" src=\"https:\/\/i0.wp.com\/genevieveetbernardauxameriques.fr\/wp-content\/uploads\/2019\/02\/DSCN5390.jpg?w=316&#038;h=316&#038;crop=1&#038;ssl=1\" srcset=\"https:\/\/i0.wp.com\/genevieveetbernardauxameriques.fr\/wp-content\/uploads\/2019\/02\/DSCN5390.jpg?resize=150%2C150&amp;ssl=1 150w, https:\/\/i0.wp.com\/genevieveetbernardauxameriques.fr\/wp-content\/uploads\/2019\/02\/DSCN5390.jpg?zoom=2&amp;resize=316%2C316&amp;ssl=1 632w, https:\/\/i0.wp.com\/genevieveetbernardauxameriques.fr\/wp-content\/uploads\/2019\/02\/DSCN5390.jpg?zoom=3&amp;resize=316%2C316&amp;ssl=1 948w\" width=\"316\" height=\"316\" loading=\"lazy\" data-original-width=\"316\" data-original-height=\"316\" itemprop=\"http:\/\/schema.org\/image\" title=\"DSCN5390\" alt=\"DSCN5390\" style=\"width: 316px; height: 316px;\" \/> <\/a> <\/div> <\/div> <div class=\"gallery-group\" style=\"width: 320px; height: 320px;\" data-original-width=\"320\" data-original-height=\"320\" > <div class=\"tiled-gallery-item \" itemprop=\"associatedMedia\" itemscope itemtype=\"http:\/\/schema.org\/ImageObject\"> <a href=\"https:\/\/genevieveetbernardauxameriques.fr\/index.php\/2019\/03\/06\/baja-californie-2-de-la-paz-a-san-ignacio-avec-edwige\/dscn5394-2\/\" border=\"0\" itemprop=\"url\"> <meta itemprop=\"width\" content=\"316\"> <meta itemprop=\"height\" content=\"316\"> <img decoding=\"async\" class=\"\" data-attachment-id=\"32914\" data-orig-file=\"https:\/\/genevieveetbernardauxameriques.fr\/wp-content\/uploads\/2019\/02\/DSCN5394.jpg\" data-orig-size=\"4608,3456\" data-comments-opened=\"1\" data-image-meta=\"{&quot;aperture&quot;:&quot;4.5&quot;,&quot;credit&quot;:&quot;&quot;,&quot;camera&quot;:&quot;COOLPIX P900&quot;,&quot;caption&quot;:&quot;&quot;,&quot;created_timestamp&quot;:&quot;1549808722&quot;,&quot;copyright&quot;:&quot;&quot;,&quot;focal_length&quot;:&quot;39.3&quot;,&quot;iso&quot;:&quot;100&quot;,&quot;shutter_speed&quot;:&quot;0.002&quot;,&quot;title&quot;:&quot;&quot;,&quot;orientation&quot;:&quot;1&quot;}\" data-image-title=\"DSCN5394\" data-image-description=\"\" data-medium-file=\"https:\/\/i0.wp.com\/genevieveetbernardauxameriques.fr\/wp-content\/uploads\/2019\/02\/DSCN5394.jpg?fit=300%2C225&#038;ssl=1\" data-large-file=\"https:\/\/i0.wp.com\/genevieveetbernardauxameriques.fr\/wp-content\/uploads\/2019\/02\/DSCN5394.jpg?fit=640%2C480&#038;ssl=1\" src=\"https:\/\/i0.wp.com\/genevieveetbernardauxameriques.fr\/wp-content\/uploads\/2019\/02\/DSCN5394.jpg?w=316&#038;h=316&#038;crop=1&#038;ssl=1\" srcset=\"https:\/\/i0.wp.com\/genevieveetbernardauxameriques.fr\/wp-content\/uploads\/2019\/02\/DSCN5394.jpg?resize=150%2C150&amp;ssl=1 150w, https:\/\/i0.wp.com\/genevieveetbernardauxameriques.fr\/wp-content\/uploads\/2019\/02\/DSCN5394.jpg?zoom=2&amp;resize=316%2C316&amp;ssl=1 632w, https:\/\/i0.wp.com\/genevieveetbernardauxameriques.fr\/wp-content\/uploads\/2019\/02\/DSCN5394.jpg?zoom=3&amp;resize=316%2C316&amp;ssl=1 948w\" width=\"316\" height=\"316\" loading=\"lazy\" data-original-width=\"316\" data-original-height=\"316\" itemprop=\"http:\/\/schema.org\/image\" title=\"DSCN5394\" alt=\"DSCN5394\" style=\"width: 316px; height: 316px;\" \/> <\/a> <\/div> <\/div> <\/div> <\/div>\n<p><a href=\"https:\/\/i0.wp.com\/genevieveetbernardauxameriques.fr\/wp-content\/uploads\/2019\/02\/97a6101840_23998_9684-whale-tballena081.jpg?ssl=1\"><img loading=\"lazy\" decoding=\"async\" data-attachment-id=\"32954\" data-permalink=\"https:\/\/genevieveetbernardauxameriques.fr\/index.php\/2019\/03\/06\/baja-californie-2-de-la-paz-a-san-ignacio-avec-edwige\/97a6101840_23998_9684-whale-tballena081\/\" data-orig-file=\"https:\/\/i0.wp.com\/genevieveetbernardauxameriques.fr\/wp-content\/uploads\/2019\/02\/97a6101840_23998_9684-whale-tballena081.jpg?fit=720%2C540&amp;ssl=1\" data-orig-size=\"720,540\" data-comments-opened=\"1\" data-image-meta=\"{&quot;aperture&quot;:&quot;0&quot;,&quot;credit&quot;:&quot;&quot;,&quot;camera&quot;:&quot;&quot;,&quot;caption&quot;:&quot;&quot;,&quot;created_timestamp&quot;:&quot;0&quot;,&quot;copyright&quot;:&quot;&quot;,&quot;focal_length&quot;:&quot;0&quot;,&quot;iso&quot;:&quot;0&quot;,&quot;shutter_speed&quot;:&quot;0&quot;,&quot;title&quot;:&quot;&quot;,&quot;orientation&quot;:&quot;0&quot;}\" data-image-title=\"97a6101840_23998_9684-whale-tballena08[1]\" data-image-description=\"\" data-image-caption=\"\" data-medium-file=\"https:\/\/i0.wp.com\/genevieveetbernardauxameriques.fr\/wp-content\/uploads\/2019\/02\/97a6101840_23998_9684-whale-tballena081.jpg?fit=300%2C225&amp;ssl=1\" data-large-file=\"https:\/\/i0.wp.com\/genevieveetbernardauxameriques.fr\/wp-content\/uploads\/2019\/02\/97a6101840_23998_9684-whale-tballena081.jpg?fit=640%2C480&amp;ssl=1\" class=\"alignnone size-full wp-image-32954\" src=\"https:\/\/i0.wp.com\/genevieveetbernardauxameriques.fr\/wp-content\/uploads\/2019\/02\/97a6101840_23998_9684-whale-tballena081.jpg?resize=640%2C480&#038;ssl=1\" alt=\"\" width=\"640\" height=\"480\" srcset=\"https:\/\/i0.wp.com\/genevieveetbernardauxameriques.fr\/wp-content\/uploads\/2019\/02\/97a6101840_23998_9684-whale-tballena081.jpg?w=720&amp;ssl=1 720w, https:\/\/i0.wp.com\/genevieveetbernardauxameriques.fr\/wp-content\/uploads\/2019\/02\/97a6101840_23998_9684-whale-tballena081.jpg?resize=300%2C225&amp;ssl=1 300w\" sizes=\"(max-width: 640px) 100vw, 640px\" data-recalc-dims=\"1\" \/><\/a><\/p>\n<p>La bouche vue du bateau<\/p>\n<p><a href=\"https:\/\/i0.wp.com\/genevieveetbernardauxameriques.fr\/wp-content\/uploads\/2019\/02\/DSCN5429.jpg?ssl=1\"><img loading=\"lazy\" decoding=\"async\" data-attachment-id=\"32941\" data-permalink=\"https:\/\/genevieveetbernardauxameriques.fr\/index.php\/2019\/03\/06\/baja-californie-2-de-la-paz-a-san-ignacio-avec-edwige\/dscn5429\/\" data-orig-file=\"https:\/\/i0.wp.com\/genevieveetbernardauxameriques.fr\/wp-content\/uploads\/2019\/02\/DSCN5429.jpg?fit=4608%2C3456&amp;ssl=1\" data-orig-size=\"4608,3456\" data-comments-opened=\"1\" data-image-meta=\"{&quot;aperture&quot;:&quot;5&quot;,&quot;credit&quot;:&quot;&quot;,&quot;camera&quot;:&quot;COOLPIX P900&quot;,&quot;caption&quot;:&quot;&quot;,&quot;created_timestamp&quot;:&quot;1549810327&quot;,&quot;copyright&quot;:&quot;&quot;,&quot;focal_length&quot;:&quot;57.1&quot;,&quot;iso&quot;:&quot;100&quot;,&quot;shutter_speed&quot;:&quot;0.0025&quot;,&quot;title&quot;:&quot;&quot;,&quot;orientation&quot;:&quot;1&quot;}\" data-image-title=\"DSCN5429\" data-image-description=\"\" data-image-caption=\"\" data-medium-file=\"https:\/\/i0.wp.com\/genevieveetbernardauxameriques.fr\/wp-content\/uploads\/2019\/02\/DSCN5429.jpg?fit=300%2C225&amp;ssl=1\" data-large-file=\"https:\/\/i0.wp.com\/genevieveetbernardauxameriques.fr\/wp-content\/uploads\/2019\/02\/DSCN5429.jpg?fit=640%2C480&amp;ssl=1\" class=\"alignnone size-large wp-image-32941\" src=\"https:\/\/i0.wp.com\/genevieveetbernardauxameriques.fr\/wp-content\/uploads\/2019\/02\/DSCN5429.jpg?resize=640%2C480&#038;ssl=1\" alt=\"\" width=\"640\" height=\"480\" srcset=\"https:\/\/i0.wp.com\/genevieveetbernardauxameriques.fr\/wp-content\/uploads\/2019\/02\/DSCN5429.jpg?resize=1024%2C768&amp;ssl=1 1024w, https:\/\/i0.wp.com\/genevieveetbernardauxameriques.fr\/wp-content\/uploads\/2019\/02\/DSCN5429.jpg?resize=300%2C225&amp;ssl=1 300w, https:\/\/i0.wp.com\/genevieveetbernardauxameriques.fr\/wp-content\/uploads\/2019\/02\/DSCN5429.jpg?resize=768%2C576&amp;ssl=1 768w, https:\/\/i0.wp.com\/genevieveetbernardauxameriques.fr\/wp-content\/uploads\/2019\/02\/DSCN5429.jpg?w=1280&amp;ssl=1 1280w, https:\/\/i0.wp.com\/genevieveetbernardauxameriques.fr\/wp-content\/uploads\/2019\/02\/DSCN5429.jpg?w=1920&amp;ssl=1 1920w\" sizes=\"(max-width: 640px) 100vw, 640px\" data-recalc-dims=\"1\" \/><\/a><a href=\"https:\/\/i0.wp.com\/genevieveetbernardauxameriques.fr\/wp-content\/uploads\/2019\/02\/DSCN5435.jpg?ssl=1\"><img loading=\"lazy\" decoding=\"async\" data-attachment-id=\"32947\" data-permalink=\"https:\/\/genevieveetbernardauxameriques.fr\/index.php\/2019\/03\/06\/baja-californie-2-de-la-paz-a-san-ignacio-avec-edwige\/dscn5435-2\/\" data-orig-file=\"https:\/\/i0.wp.com\/genevieveetbernardauxameriques.fr\/wp-content\/uploads\/2019\/02\/DSCN5435.jpg?fit=4608%2C3456&amp;ssl=1\" data-orig-size=\"4608,3456\" data-comments-opened=\"1\" data-image-meta=\"{&quot;aperture&quot;:&quot;5&quot;,&quot;credit&quot;:&quot;&quot;,&quot;camera&quot;:&quot;COOLPIX P900&quot;,&quot;caption&quot;:&quot;&quot;,&quot;created_timestamp&quot;:&quot;1549810413&quot;,&quot;copyright&quot;:&quot;&quot;,&quot;focal_length&quot;:&quot;67.8&quot;,&quot;iso&quot;:&quot;100&quot;,&quot;shutter_speed&quot;:&quot;0.002&quot;,&quot;title&quot;:&quot;&quot;,&quot;orientation&quot;:&quot;1&quot;}\" data-image-title=\"DSCN5435\" data-image-description=\"\" data-image-caption=\"\" data-medium-file=\"https:\/\/i0.wp.com\/genevieveetbernardauxameriques.fr\/wp-content\/uploads\/2019\/02\/DSCN5435.jpg?fit=300%2C225&amp;ssl=1\" data-large-file=\"https:\/\/i0.wp.com\/genevieveetbernardauxameriques.fr\/wp-content\/uploads\/2019\/02\/DSCN5435.jpg?fit=640%2C480&amp;ssl=1\" class=\"alignnone size-large wp-image-32947\" src=\"https:\/\/i0.wp.com\/genevieveetbernardauxameriques.fr\/wp-content\/uploads\/2019\/02\/DSCN5435.jpg?resize=640%2C480&#038;ssl=1\" alt=\"\" width=\"640\" height=\"480\" srcset=\"https:\/\/i0.wp.com\/genevieveetbernardauxameriques.fr\/wp-content\/uploads\/2019\/02\/DSCN5435.jpg?resize=1024%2C768&amp;ssl=1 1024w, https:\/\/i0.wp.com\/genevieveetbernardauxameriques.fr\/wp-content\/uploads\/2019\/02\/DSCN5435.jpg?resize=300%2C225&amp;ssl=1 300w, https:\/\/i0.wp.com\/genevieveetbernardauxameriques.fr\/wp-content\/uploads\/2019\/02\/DSCN5435.jpg?resize=768%2C576&amp;ssl=1 768w, https:\/\/i0.wp.com\/genevieveetbernardauxameriques.fr\/wp-content\/uploads\/2019\/02\/DSCN5435.jpg?w=1280&amp;ssl=1 1280w, https:\/\/i0.wp.com\/genevieveetbernardauxameriques.fr\/wp-content\/uploads\/2019\/02\/DSCN5435.jpg?w=1920&amp;ssl=1 1920w\" sizes=\"(max-width: 640px) 100vw, 640px\" data-recalc-dims=\"1\" \/><\/a><\/p>\n<p>et vue sous l&rsquo;eau :<\/p>\n<p><a href=\"https:\/\/i0.wp.com\/genevieveetbernardauxameriques.fr\/wp-content\/uploads\/2019\/02\/Capture-d\u00e9cran-2019-02-25-14.36.08-e1551198596851.jpg?ssl=1\"><img loading=\"lazy\" decoding=\"async\" data-attachment-id=\"33327\" data-permalink=\"https:\/\/genevieveetbernardauxameriques.fr\/index.php\/2019\/03\/06\/baja-californie-2-de-la-paz-a-san-ignacio-avec-edwige\/capture-decran-2019-02-25-14-36-08\/\" data-orig-file=\"https:\/\/i0.wp.com\/genevieveetbernardauxameriques.fr\/wp-content\/uploads\/2019\/02\/Capture-d\u00e9cran-2019-02-25-14.36.08-e1551198596851.jpg?fit=607%2C386&amp;ssl=1\" data-orig-size=\"607,386\" data-comments-opened=\"1\" data-image-meta=\"{&quot;aperture&quot;:&quot;0&quot;,&quot;credit&quot;:&quot;&quot;,&quot;camera&quot;:&quot;&quot;,&quot;caption&quot;:&quot;&quot;,&quot;created_timestamp&quot;:&quot;0&quot;,&quot;copyright&quot;:&quot;&quot;,&quot;focal_length&quot;:&quot;0&quot;,&quot;iso&quot;:&quot;0&quot;,&quot;shutter_speed&quot;:&quot;0&quot;,&quot;title&quot;:&quot;&quot;,&quot;orientation&quot;:&quot;0&quot;}\" data-image-title=\"Capture d&amp;rsquo;\u00e9cran 2019-02-25 14.36.08\" data-image-description=\"\" data-image-caption=\"\" data-medium-file=\"https:\/\/i0.wp.com\/genevieveetbernardauxameriques.fr\/wp-content\/uploads\/2019\/02\/Capture-d\u00e9cran-2019-02-25-14.36.08-e1551198596851.jpg?fit=300%2C191&amp;ssl=1\" data-large-file=\"https:\/\/i0.wp.com\/genevieveetbernardauxameriques.fr\/wp-content\/uploads\/2019\/02\/Capture-d\u00e9cran-2019-02-25-14.36.08-e1551198596851.jpg?fit=607%2C386&amp;ssl=1\" class=\"alignnone size-full wp-image-33327\" src=\"https:\/\/i0.wp.com\/genevieveetbernardauxameriques.fr\/wp-content\/uploads\/2019\/02\/Capture-d\u00e9cran-2019-02-25-14.36.08-e1551198596851.jpg?resize=607%2C386&#038;ssl=1\" alt=\"\" width=\"607\" height=\"386\" srcset=\"https:\/\/i0.wp.com\/genevieveetbernardauxameriques.fr\/wp-content\/uploads\/2019\/02\/Capture-d\u00e9cran-2019-02-25-14.36.08-e1551198596851.jpg?w=607&amp;ssl=1 607w, https:\/\/i0.wp.com\/genevieveetbernardauxameriques.fr\/wp-content\/uploads\/2019\/02\/Capture-d\u00e9cran-2019-02-25-14.36.08-e1551198596851.jpg?resize=300%2C191&amp;ssl=1 300w\" sizes=\"(max-width: 607px) 100vw, 607px\" data-recalc-dims=\"1\" \/><\/a><a href=\"https:\/\/i0.wp.com\/genevieveetbernardauxameriques.fr\/wp-content\/uploads\/2019\/02\/Capture-d\u00e9cran-2019-02-25-14.29.40-e1551198649434.jpg?ssl=1\"><img loading=\"lazy\" decoding=\"async\" data-attachment-id=\"33325\" data-permalink=\"https:\/\/genevieveetbernardauxameriques.fr\/index.php\/2019\/03\/06\/baja-californie-2-de-la-paz-a-san-ignacio-avec-edwige\/capture-decran-2019-02-25-14-29-40\/\" data-orig-file=\"https:\/\/i0.wp.com\/genevieveetbernardauxameriques.fr\/wp-content\/uploads\/2019\/02\/Capture-d\u00e9cran-2019-02-25-14.29.40-e1551198649434.jpg?fit=708%2C390&amp;ssl=1\" data-orig-size=\"708,390\" data-comments-opened=\"1\" data-image-meta=\"{&quot;aperture&quot;:&quot;0&quot;,&quot;credit&quot;:&quot;&quot;,&quot;camera&quot;:&quot;&quot;,&quot;caption&quot;:&quot;&quot;,&quot;created_timestamp&quot;:&quot;0&quot;,&quot;copyright&quot;:&quot;&quot;,&quot;focal_length&quot;:&quot;0&quot;,&quot;iso&quot;:&quot;0&quot;,&quot;shutter_speed&quot;:&quot;0&quot;,&quot;title&quot;:&quot;&quot;,&quot;orientation&quot;:&quot;0&quot;}\" data-image-title=\"Capture d&amp;rsquo;\u00e9cran 2019-02-25 14.29.40\" data-image-description=\"\" data-image-caption=\"\" data-medium-file=\"https:\/\/i0.wp.com\/genevieveetbernardauxameriques.fr\/wp-content\/uploads\/2019\/02\/Capture-d\u00e9cran-2019-02-25-14.29.40-e1551198649434.jpg?fit=300%2C165&amp;ssl=1\" data-large-file=\"https:\/\/i0.wp.com\/genevieveetbernardauxameriques.fr\/wp-content\/uploads\/2019\/02\/Capture-d\u00e9cran-2019-02-25-14.29.40-e1551198649434.jpg?fit=640%2C353&amp;ssl=1\" class=\"alignnone size-full wp-image-33325\" src=\"https:\/\/i0.wp.com\/genevieveetbernardauxameriques.fr\/wp-content\/uploads\/2019\/02\/Capture-d\u00e9cran-2019-02-25-14.29.40-e1551198649434.jpg?resize=640%2C353&#038;ssl=1\" alt=\"\" width=\"640\" height=\"353\" srcset=\"https:\/\/i0.wp.com\/genevieveetbernardauxameriques.fr\/wp-content\/uploads\/2019\/02\/Capture-d\u00e9cran-2019-02-25-14.29.40-e1551198649434.jpg?w=708&amp;ssl=1 708w, https:\/\/i0.wp.com\/genevieveetbernardauxameriques.fr\/wp-content\/uploads\/2019\/02\/Capture-d\u00e9cran-2019-02-25-14.29.40-e1551198649434.jpg?resize=300%2C165&amp;ssl=1 300w\" sizes=\"(max-width: 640px) 100vw, 640px\" data-recalc-dims=\"1\" \/><\/a><\/p>\n<p><a href=\"https:\/\/i0.wp.com\/genevieveetbernardauxameriques.fr\/wp-content\/uploads\/2019\/03\/Capture-d\u00e9cran-2019-03-01-19.16.24.jpg?ssl=1\"><img loading=\"lazy\" decoding=\"async\" data-attachment-id=\"33358\" data-permalink=\"https:\/\/genevieveetbernardauxameriques.fr\/index.php\/2019\/03\/06\/baja-californie-2-de-la-paz-a-san-ignacio-avec-edwige\/capture-decran-2019-03-01-19-16-24-2\/\" data-orig-file=\"https:\/\/i0.wp.com\/genevieveetbernardauxameriques.fr\/wp-content\/uploads\/2019\/03\/Capture-d\u00e9cran-2019-03-01-19.16.24.jpg?fit=800%2C450&amp;ssl=1\" data-orig-size=\"800,450\" data-comments-opened=\"1\" data-image-meta=\"{&quot;aperture&quot;:&quot;0&quot;,&quot;credit&quot;:&quot;&quot;,&quot;camera&quot;:&quot;&quot;,&quot;caption&quot;:&quot;&quot;,&quot;created_timestamp&quot;:&quot;0&quot;,&quot;copyright&quot;:&quot;&quot;,&quot;focal_length&quot;:&quot;0&quot;,&quot;iso&quot;:&quot;0&quot;,&quot;shutter_speed&quot;:&quot;0&quot;,&quot;title&quot;:&quot;&quot;,&quot;orientation&quot;:&quot;0&quot;}\" data-image-title=\"Capture d&amp;rsquo;\u00e9cran 2019-03-01 19.16.24\" data-image-description=\"\" data-image-caption=\"\" data-medium-file=\"https:\/\/i0.wp.com\/genevieveetbernardauxameriques.fr\/wp-content\/uploads\/2019\/03\/Capture-d\u00e9cran-2019-03-01-19.16.24.jpg?fit=300%2C169&amp;ssl=1\" data-large-file=\"https:\/\/i0.wp.com\/genevieveetbernardauxameriques.fr\/wp-content\/uploads\/2019\/03\/Capture-d\u00e9cran-2019-03-01-19.16.24.jpg?fit=640%2C360&amp;ssl=1\" class=\"alignnone size-full wp-image-33358\" src=\"https:\/\/i0.wp.com\/genevieveetbernardauxameriques.fr\/wp-content\/uploads\/2019\/03\/Capture-d\u00e9cran-2019-03-01-19.16.24.jpg?resize=640%2C360&#038;ssl=1\" alt=\"\" width=\"640\" height=\"360\" srcset=\"https:\/\/i0.wp.com\/genevieveetbernardauxameriques.fr\/wp-content\/uploads\/2019\/03\/Capture-d\u00e9cran-2019-03-01-19.16.24.jpg?w=800&amp;ssl=1 800w, https:\/\/i0.wp.com\/genevieveetbernardauxameriques.fr\/wp-content\/uploads\/2019\/03\/Capture-d\u00e9cran-2019-03-01-19.16.24.jpg?resize=300%2C169&amp;ssl=1 300w, https:\/\/i0.wp.com\/genevieveetbernardauxameriques.fr\/wp-content\/uploads\/2019\/03\/Capture-d\u00e9cran-2019-03-01-19.16.24.jpg?resize=768%2C432&amp;ssl=1 768w\" sizes=\"(max-width: 640px) 100vw, 640px\" data-recalc-dims=\"1\" \/><\/a><\/p>\n<p><a href=\"https:\/\/i0.wp.com\/genevieveetbernardauxameriques.fr\/wp-content\/uploads\/2019\/03\/Capture-d\u00e9cran-2019-03-01-19.17.57-e1551725095223.png?ssl=1\"><img loading=\"lazy\" decoding=\"async\" data-attachment-id=\"33342\" data-permalink=\"https:\/\/genevieveetbernardauxameriques.fr\/index.php\/2019\/03\/06\/baja-californie-2-de-la-paz-a-san-ignacio-avec-edwige\/capture-decran-2019-03-01-19-17-57\/\" data-orig-file=\"https:\/\/i0.wp.com\/genevieveetbernardauxameriques.fr\/wp-content\/uploads\/2019\/03\/Capture-d\u00e9cran-2019-03-01-19.17.57-e1551725095223.png?fit=1296%2C916&amp;ssl=1\" data-orig-size=\"1296,916\" data-comments-opened=\"1\" data-image-meta=\"{&quot;aperture&quot;:&quot;0&quot;,&quot;credit&quot;:&quot;&quot;,&quot;camera&quot;:&quot;&quot;,&quot;caption&quot;:&quot;&quot;,&quot;created_timestamp&quot;:&quot;0&quot;,&quot;copyright&quot;:&quot;&quot;,&quot;focal_length&quot;:&quot;0&quot;,&quot;iso&quot;:&quot;0&quot;,&quot;shutter_speed&quot;:&quot;0&quot;,&quot;title&quot;:&quot;&quot;,&quot;orientation&quot;:&quot;0&quot;}\" data-image-title=\"Capture d&amp;rsquo;\u00e9cran 2019-03-01 19.17.57\" data-image-description=\"\" data-image-caption=\"\" data-medium-file=\"https:\/\/i0.wp.com\/genevieveetbernardauxameriques.fr\/wp-content\/uploads\/2019\/03\/Capture-d\u00e9cran-2019-03-01-19.17.57-e1551725095223.png?fit=300%2C212&amp;ssl=1\" data-large-file=\"https:\/\/i0.wp.com\/genevieveetbernardauxameriques.fr\/wp-content\/uploads\/2019\/03\/Capture-d\u00e9cran-2019-03-01-19.17.57-e1551725095223.png?fit=640%2C453&amp;ssl=1\" class=\"alignnone size-large wp-image-33342\" src=\"https:\/\/i0.wp.com\/genevieveetbernardauxameriques.fr\/wp-content\/uploads\/2019\/03\/Capture-d\u00e9cran-2019-03-01-19.17.57-e1551725095223-1024x724.png?resize=640%2C453&#038;ssl=1\" alt=\"\" width=\"640\" height=\"453\" srcset=\"https:\/\/i0.wp.com\/genevieveetbernardauxameriques.fr\/wp-content\/uploads\/2019\/03\/Capture-d\u00e9cran-2019-03-01-19.17.57-e1551725095223.png?resize=1024%2C724&amp;ssl=1 1024w, https:\/\/i0.wp.com\/genevieveetbernardauxameriques.fr\/wp-content\/uploads\/2019\/03\/Capture-d\u00e9cran-2019-03-01-19.17.57-e1551725095223.png?resize=300%2C212&amp;ssl=1 300w, https:\/\/i0.wp.com\/genevieveetbernardauxameriques.fr\/wp-content\/uploads\/2019\/03\/Capture-d\u00e9cran-2019-03-01-19.17.57-e1551725095223.png?resize=768%2C543&amp;ssl=1 768w, https:\/\/i0.wp.com\/genevieveetbernardauxameriques.fr\/wp-content\/uploads\/2019\/03\/Capture-d\u00e9cran-2019-03-01-19.17.57-e1551725095223.png?w=1296&amp;ssl=1 1296w\" sizes=\"(max-width: 640px) 100vw, 640px\" data-recalc-dims=\"1\" \/><\/a><\/p>\n<p><a href=\"https:\/\/i0.wp.com\/genevieveetbernardauxameriques.fr\/wp-content\/uploads\/2019\/03\/Capture-d\u00e9cran-2019-03-01-19.14.01-e1551725010845.png?ssl=1\"><img loading=\"lazy\" decoding=\"async\" data-attachment-id=\"33336\" data-permalink=\"https:\/\/genevieveetbernardauxameriques.fr\/index.php\/2019\/03\/06\/baja-californie-2-de-la-paz-a-san-ignacio-avec-edwige\/capture-decran-2019-03-01-19-14-01\/\" data-orig-file=\"https:\/\/i0.wp.com\/genevieveetbernardauxameriques.fr\/wp-content\/uploads\/2019\/03\/Capture-d\u00e9cran-2019-03-01-19.14.01-e1551725010845.png?fit=1848%2C960&amp;ssl=1\" data-orig-size=\"1848,960\" data-comments-opened=\"1\" data-image-meta=\"{&quot;aperture&quot;:&quot;0&quot;,&quot;credit&quot;:&quot;&quot;,&quot;camera&quot;:&quot;&quot;,&quot;caption&quot;:&quot;&quot;,&quot;created_timestamp&quot;:&quot;0&quot;,&quot;copyright&quot;:&quot;&quot;,&quot;focal_length&quot;:&quot;0&quot;,&quot;iso&quot;:&quot;0&quot;,&quot;shutter_speed&quot;:&quot;0&quot;,&quot;title&quot;:&quot;&quot;,&quot;orientation&quot;:&quot;0&quot;}\" data-image-title=\"Capture d&amp;rsquo;\u00e9cran 2019-03-01 19.14.01\" data-image-description=\"\" data-image-caption=\"\" data-medium-file=\"https:\/\/i0.wp.com\/genevieveetbernardauxameriques.fr\/wp-content\/uploads\/2019\/03\/Capture-d\u00e9cran-2019-03-01-19.14.01-e1551725010845.png?fit=300%2C156&amp;ssl=1\" data-large-file=\"https:\/\/i0.wp.com\/genevieveetbernardauxameriques.fr\/wp-content\/uploads\/2019\/03\/Capture-d\u00e9cran-2019-03-01-19.14.01-e1551725010845.png?fit=640%2C333&amp;ssl=1\" class=\"alignnone size-large wp-image-33336\" src=\"https:\/\/i0.wp.com\/genevieveetbernardauxameriques.fr\/wp-content\/uploads\/2019\/03\/Capture-d\u00e9cran-2019-03-01-19.14.01-e1551725010845-1024x532.png?resize=640%2C333&#038;ssl=1\" alt=\"\" width=\"640\" height=\"333\" srcset=\"https:\/\/i0.wp.com\/genevieveetbernardauxameriques.fr\/wp-content\/uploads\/2019\/03\/Capture-d\u00e9cran-2019-03-01-19.14.01-e1551725010845.png?resize=1024%2C532&amp;ssl=1 1024w, https:\/\/i0.wp.com\/genevieveetbernardauxameriques.fr\/wp-content\/uploads\/2019\/03\/Capture-d\u00e9cran-2019-03-01-19.14.01-e1551725010845.png?resize=300%2C156&amp;ssl=1 300w, https:\/\/i0.wp.com\/genevieveetbernardauxameriques.fr\/wp-content\/uploads\/2019\/03\/Capture-d\u00e9cran-2019-03-01-19.14.01-e1551725010845.png?resize=768%2C399&amp;ssl=1 768w, https:\/\/i0.wp.com\/genevieveetbernardauxameriques.fr\/wp-content\/uploads\/2019\/03\/Capture-d\u00e9cran-2019-03-01-19.14.01-e1551725010845.png?w=1848&amp;ssl=1 1848w, https:\/\/i0.wp.com\/genevieveetbernardauxameriques.fr\/wp-content\/uploads\/2019\/03\/Capture-d\u00e9cran-2019-03-01-19.14.01-e1551725010845.png?w=1280&amp;ssl=1 1280w\" sizes=\"(max-width: 640px) 100vw, 640px\" data-recalc-dims=\"1\" \/><\/a><\/p>\n<p><a href=\"https:\/\/i0.wp.com\/genevieveetbernardauxameriques.fr\/wp-content\/uploads\/2019\/03\/Capture-d\u00e9cran-2019-03-01-19.10.59-e1551725149124.png?ssl=1\"><img loading=\"lazy\" decoding=\"async\" data-attachment-id=\"33335\" data-permalink=\"https:\/\/genevieveetbernardauxameriques.fr\/index.php\/2019\/03\/06\/baja-californie-2-de-la-paz-a-san-ignacio-avec-edwige\/capture-decran-2019-03-01-19-10-59\/\" data-orig-file=\"https:\/\/i0.wp.com\/genevieveetbernardauxameriques.fr\/wp-content\/uploads\/2019\/03\/Capture-d\u00e9cran-2019-03-01-19.10.59-e1551725149124.png?fit=1468%2C835&amp;ssl=1\" data-orig-size=\"1468,835\" data-comments-opened=\"1\" data-image-meta=\"{&quot;aperture&quot;:&quot;0&quot;,&quot;credit&quot;:&quot;&quot;,&quot;camera&quot;:&quot;&quot;,&quot;caption&quot;:&quot;&quot;,&quot;created_timestamp&quot;:&quot;0&quot;,&quot;copyright&quot;:&quot;&quot;,&quot;focal_length&quot;:&quot;0&quot;,&quot;iso&quot;:&quot;0&quot;,&quot;shutter_speed&quot;:&quot;0&quot;,&quot;title&quot;:&quot;&quot;,&quot;orientation&quot;:&quot;0&quot;}\" data-image-title=\"Capture d&amp;rsquo;\u00e9cran 2019-03-01 19.10.59\" data-image-description=\"\" data-image-caption=\"\" data-medium-file=\"https:\/\/i0.wp.com\/genevieveetbernardauxameriques.fr\/wp-content\/uploads\/2019\/03\/Capture-d\u00e9cran-2019-03-01-19.10.59-e1551725149124.png?fit=300%2C171&amp;ssl=1\" data-large-file=\"https:\/\/i0.wp.com\/genevieveetbernardauxameriques.fr\/wp-content\/uploads\/2019\/03\/Capture-d\u00e9cran-2019-03-01-19.10.59-e1551725149124.png?fit=640%2C364&amp;ssl=1\" class=\"alignnone size-large wp-image-33335\" src=\"https:\/\/i0.wp.com\/genevieveetbernardauxameriques.fr\/wp-content\/uploads\/2019\/03\/Capture-d\u00e9cran-2019-03-01-19.10.59-e1551725149124-1024x582.png?resize=640%2C364&#038;ssl=1\" alt=\"\" width=\"640\" height=\"364\" srcset=\"https:\/\/i0.wp.com\/genevieveetbernardauxameriques.fr\/wp-content\/uploads\/2019\/03\/Capture-d\u00e9cran-2019-03-01-19.10.59-e1551725149124.png?resize=1024%2C582&amp;ssl=1 1024w, https:\/\/i0.wp.com\/genevieveetbernardauxameriques.fr\/wp-content\/uploads\/2019\/03\/Capture-d\u00e9cran-2019-03-01-19.10.59-e1551725149124.png?resize=300%2C171&amp;ssl=1 300w, https:\/\/i0.wp.com\/genevieveetbernardauxameriques.fr\/wp-content\/uploads\/2019\/03\/Capture-d\u00e9cran-2019-03-01-19.10.59-e1551725149124.png?resize=768%2C437&amp;ssl=1 768w, https:\/\/i0.wp.com\/genevieveetbernardauxameriques.fr\/wp-content\/uploads\/2019\/03\/Capture-d\u00e9cran-2019-03-01-19.10.59-e1551725149124.png?w=1468&amp;ssl=1 1468w, https:\/\/i0.wp.com\/genevieveetbernardauxameriques.fr\/wp-content\/uploads\/2019\/03\/Capture-d\u00e9cran-2019-03-01-19.10.59-e1551725149124.png?w=1280&amp;ssl=1 1280w\" sizes=\"(max-width: 640px) 100vw, 640px\" data-recalc-dims=\"1\" \/><\/a><\/p>\n<p><a href=\"https:\/\/i0.wp.com\/genevieveetbernardauxameriques.fr\/wp-content\/uploads\/2019\/02\/DSCN5439.jpg?ssl=1\"><img loading=\"lazy\" decoding=\"async\" data-attachment-id=\"32949\" data-permalink=\"https:\/\/genevieveetbernardauxameriques.fr\/index.php\/2019\/03\/06\/baja-californie-2-de-la-paz-a-san-ignacio-avec-edwige\/dscn5439-3\/\" data-orig-file=\"https:\/\/i0.wp.com\/genevieveetbernardauxameriques.fr\/wp-content\/uploads\/2019\/02\/DSCN5439.jpg?fit=4608%2C3456&amp;ssl=1\" data-orig-size=\"4608,3456\" data-comments-opened=\"1\" data-image-meta=\"{&quot;aperture&quot;:&quot;4.5&quot;,&quot;credit&quot;:&quot;&quot;,&quot;camera&quot;:&quot;COOLPIX P900&quot;,&quot;caption&quot;:&quot;&quot;,&quot;created_timestamp&quot;:&quot;1549810495&quot;,&quot;copyright&quot;:&quot;&quot;,&quot;focal_length&quot;:&quot;26.8&quot;,&quot;iso&quot;:&quot;100&quot;,&quot;shutter_speed&quot;:&quot;0.0025&quot;,&quot;title&quot;:&quot;&quot;,&quot;orientation&quot;:&quot;1&quot;}\" data-image-title=\"DSCN5439\" data-image-description=\"\" data-image-caption=\"\" data-medium-file=\"https:\/\/i0.wp.com\/genevieveetbernardauxameriques.fr\/wp-content\/uploads\/2019\/02\/DSCN5439.jpg?fit=300%2C225&amp;ssl=1\" data-large-file=\"https:\/\/i0.wp.com\/genevieveetbernardauxameriques.fr\/wp-content\/uploads\/2019\/02\/DSCN5439.jpg?fit=640%2C480&amp;ssl=1\" class=\"alignnone size-large wp-image-32949\" src=\"https:\/\/i0.wp.com\/genevieveetbernardauxameriques.fr\/wp-content\/uploads\/2019\/02\/DSCN5439.jpg?resize=640%2C480&#038;ssl=1\" alt=\"\" width=\"640\" height=\"480\" srcset=\"https:\/\/i0.wp.com\/genevieveetbernardauxameriques.fr\/wp-content\/uploads\/2019\/02\/DSCN5439.jpg?resize=1024%2C768&amp;ssl=1 1024w, https:\/\/i0.wp.com\/genevieveetbernardauxameriques.fr\/wp-content\/uploads\/2019\/02\/DSCN5439.jpg?resize=300%2C225&amp;ssl=1 300w, https:\/\/i0.wp.com\/genevieveetbernardauxameriques.fr\/wp-content\/uploads\/2019\/02\/DSCN5439.jpg?resize=768%2C576&amp;ssl=1 768w, https:\/\/i0.wp.com\/genevieveetbernardauxameriques.fr\/wp-content\/uploads\/2019\/02\/DSCN5439.jpg?w=1280&amp;ssl=1 1280w, https:\/\/i0.wp.com\/genevieveetbernardauxameriques.fr\/wp-content\/uploads\/2019\/02\/DSCN5439.jpg?w=1920&amp;ssl=1 1920w\" sizes=\"(max-width: 640px) 100vw, 640px\" data-recalc-dims=\"1\" \/><\/a><a href=\"https:\/\/i0.wp.com\/genevieveetbernardauxameriques.fr\/wp-content\/uploads\/2019\/02\/DSCN5430.jpg?ssl=1\"><img loading=\"lazy\" decoding=\"async\" data-attachment-id=\"32942\" data-permalink=\"https:\/\/genevieveetbernardauxameriques.fr\/index.php\/2019\/03\/06\/baja-californie-2-de-la-paz-a-san-ignacio-avec-edwige\/dscn5430-2\/\" data-orig-file=\"https:\/\/i0.wp.com\/genevieveetbernardauxameriques.fr\/wp-content\/uploads\/2019\/02\/DSCN5430.jpg?fit=4608%2C3456&amp;ssl=1\" data-orig-size=\"4608,3456\" data-comments-opened=\"1\" data-image-meta=\"{&quot;aperture&quot;:&quot;5&quot;,&quot;credit&quot;:&quot;&quot;,&quot;camera&quot;:&quot;COOLPIX P900&quot;,&quot;caption&quot;:&quot;&quot;,&quot;created_timestamp&quot;:&quot;1549810330&quot;,&quot;copyright&quot;:&quot;&quot;,&quot;focal_length&quot;:&quot;57.1&quot;,&quot;iso&quot;:&quot;100&quot;,&quot;shutter_speed&quot;:&quot;0.0025&quot;,&quot;title&quot;:&quot;&quot;,&quot;orientation&quot;:&quot;1&quot;}\" data-image-title=\"DSCN5430\" data-image-description=\"\" data-image-caption=\"\" data-medium-file=\"https:\/\/i0.wp.com\/genevieveetbernardauxameriques.fr\/wp-content\/uploads\/2019\/02\/DSCN5430.jpg?fit=300%2C225&amp;ssl=1\" data-large-file=\"https:\/\/i0.wp.com\/genevieveetbernardauxameriques.fr\/wp-content\/uploads\/2019\/02\/DSCN5430.jpg?fit=640%2C480&amp;ssl=1\" class=\"alignnone size-large wp-image-32942\" src=\"https:\/\/i0.wp.com\/genevieveetbernardauxameriques.fr\/wp-content\/uploads\/2019\/02\/DSCN5430.jpg?resize=640%2C480&#038;ssl=1\" alt=\"\" width=\"640\" height=\"480\" srcset=\"https:\/\/i0.wp.com\/genevieveetbernardauxameriques.fr\/wp-content\/uploads\/2019\/02\/DSCN5430.jpg?resize=1024%2C768&amp;ssl=1 1024w, https:\/\/i0.wp.com\/genevieveetbernardauxameriques.fr\/wp-content\/uploads\/2019\/02\/DSCN5430.jpg?resize=300%2C225&amp;ssl=1 300w, https:\/\/i0.wp.com\/genevieveetbernardauxameriques.fr\/wp-content\/uploads\/2019\/02\/DSCN5430.jpg?resize=768%2C576&amp;ssl=1 768w, https:\/\/i0.wp.com\/genevieveetbernardauxameriques.fr\/wp-content\/uploads\/2019\/02\/DSCN5430.jpg?w=1280&amp;ssl=1 1280w, https:\/\/i0.wp.com\/genevieveetbernardauxameriques.fr\/wp-content\/uploads\/2019\/02\/DSCN5430.jpg?w=1920&amp;ssl=1 1920w\" sizes=\"(max-width: 640px) 100vw, 640px\" data-recalc-dims=\"1\" \/><\/a> <a href=\"https:\/\/i0.wp.com\/genevieveetbernardauxameriques.fr\/wp-content\/uploads\/2019\/02\/DSCN5426.jpg?ssl=1\"><img loading=\"lazy\" decoding=\"async\" data-attachment-id=\"32939\" data-permalink=\"https:\/\/genevieveetbernardauxameriques.fr\/index.php\/2019\/03\/06\/baja-californie-2-de-la-paz-a-san-ignacio-avec-edwige\/dscn5426-2\/\" data-orig-file=\"https:\/\/i0.wp.com\/genevieveetbernardauxameriques.fr\/wp-content\/uploads\/2019\/02\/DSCN5426.jpg?fit=4608%2C3456&amp;ssl=1\" data-orig-size=\"4608,3456\" data-comments-opened=\"1\" data-image-meta=\"{&quot;aperture&quot;:&quot;4.5&quot;,&quot;credit&quot;:&quot;&quot;,&quot;camera&quot;:&quot;COOLPIX P900&quot;,&quot;caption&quot;:&quot;&quot;,&quot;created_timestamp&quot;:&quot;1549810314&quot;,&quot;copyright&quot;:&quot;&quot;,&quot;focal_length&quot;:&quot;26.8&quot;,&quot;iso&quot;:&quot;100&quot;,&quot;shutter_speed&quot;:&quot;0.0008&quot;,&quot;title&quot;:&quot;&quot;,&quot;orientation&quot;:&quot;1&quot;}\" data-image-title=\"DSCN5426\" data-image-description=\"\" data-image-caption=\"\" data-medium-file=\"https:\/\/i0.wp.com\/genevieveetbernardauxameriques.fr\/wp-content\/uploads\/2019\/02\/DSCN5426.jpg?fit=300%2C225&amp;ssl=1\" data-large-file=\"https:\/\/i0.wp.com\/genevieveetbernardauxameriques.fr\/wp-content\/uploads\/2019\/02\/DSCN5426.jpg?fit=640%2C480&amp;ssl=1\" class=\"alignnone size-large wp-image-32939\" src=\"https:\/\/i0.wp.com\/genevieveetbernardauxameriques.fr\/wp-content\/uploads\/2019\/02\/DSCN5426.jpg?resize=640%2C480&#038;ssl=1\" alt=\"\" width=\"640\" height=\"480\" srcset=\"https:\/\/i0.wp.com\/genevieveetbernardauxameriques.fr\/wp-content\/uploads\/2019\/02\/DSCN5426.jpg?resize=1024%2C768&amp;ssl=1 1024w, https:\/\/i0.wp.com\/genevieveetbernardauxameriques.fr\/wp-content\/uploads\/2019\/02\/DSCN5426.jpg?resize=300%2C225&amp;ssl=1 300w, https:\/\/i0.wp.com\/genevieveetbernardauxameriques.fr\/wp-content\/uploads\/2019\/02\/DSCN5426.jpg?resize=768%2C576&amp;ssl=1 768w, https:\/\/i0.wp.com\/genevieveetbernardauxameriques.fr\/wp-content\/uploads\/2019\/02\/DSCN5426.jpg?w=1280&amp;ssl=1 1280w, https:\/\/i0.wp.com\/genevieveetbernardauxameriques.fr\/wp-content\/uploads\/2019\/02\/DSCN5426.jpg?w=1920&amp;ssl=1 1920w\" sizes=\"(max-width: 640px) 100vw, 640px\" data-recalc-dims=\"1\" \/><\/a><a href=\"https:\/\/i0.wp.com\/genevieveetbernardauxameriques.fr\/wp-content\/uploads\/2019\/02\/DSCN5417.jpg?ssl=1\"><img loading=\"lazy\" decoding=\"async\" data-attachment-id=\"32932\" data-permalink=\"https:\/\/genevieveetbernardauxameriques.fr\/index.php\/2019\/03\/06\/baja-californie-2-de-la-paz-a-san-ignacio-avec-edwige\/dscn5417\/\" data-orig-file=\"https:\/\/i0.wp.com\/genevieveetbernardauxameriques.fr\/wp-content\/uploads\/2019\/02\/DSCN5417.jpg?fit=4608%2C3456&amp;ssl=1\" data-orig-size=\"4608,3456\" data-comments-opened=\"1\" data-image-meta=\"{&quot;aperture&quot;:&quot;4.5&quot;,&quot;credit&quot;:&quot;&quot;,&quot;camera&quot;:&quot;COOLPIX P900&quot;,&quot;caption&quot;:&quot;&quot;,&quot;created_timestamp&quot;:&quot;1549810101&quot;,&quot;copyright&quot;:&quot;&quot;,&quot;focal_length&quot;:&quot;30.3&quot;,&quot;iso&quot;:&quot;100&quot;,&quot;shutter_speed&quot;:&quot;0.0025&quot;,&quot;title&quot;:&quot;&quot;,&quot;orientation&quot;:&quot;1&quot;}\" data-image-title=\"DSCN5417\" data-image-description=\"\" data-image-caption=\"\" data-medium-file=\"https:\/\/i0.wp.com\/genevieveetbernardauxameriques.fr\/wp-content\/uploads\/2019\/02\/DSCN5417.jpg?fit=300%2C225&amp;ssl=1\" data-large-file=\"https:\/\/i0.wp.com\/genevieveetbernardauxameriques.fr\/wp-content\/uploads\/2019\/02\/DSCN5417.jpg?fit=640%2C480&amp;ssl=1\" class=\"alignnone size-large wp-image-32932\" src=\"https:\/\/i0.wp.com\/genevieveetbernardauxameriques.fr\/wp-content\/uploads\/2019\/02\/DSCN5417.jpg?resize=640%2C480&#038;ssl=1\" alt=\"\" width=\"640\" height=\"480\" srcset=\"https:\/\/i0.wp.com\/genevieveetbernardauxameriques.fr\/wp-content\/uploads\/2019\/02\/DSCN5417.jpg?resize=1024%2C768&amp;ssl=1 1024w, https:\/\/i0.wp.com\/genevieveetbernardauxameriques.fr\/wp-content\/uploads\/2019\/02\/DSCN5417.jpg?resize=300%2C225&amp;ssl=1 300w, https:\/\/i0.wp.com\/genevieveetbernardauxameriques.fr\/wp-content\/uploads\/2019\/02\/DSCN5417.jpg?resize=768%2C576&amp;ssl=1 768w, https:\/\/i0.wp.com\/genevieveetbernardauxameriques.fr\/wp-content\/uploads\/2019\/02\/DSCN5417.jpg?w=1280&amp;ssl=1 1280w, https:\/\/i0.wp.com\/genevieveetbernardauxameriques.fr\/wp-content\/uploads\/2019\/02\/DSCN5417.jpg?w=1920&amp;ssl=1 1920w\" sizes=\"(max-width: 640px) 100vw, 640px\" data-recalc-dims=\"1\" \/><\/a><a href=\"https:\/\/i0.wp.com\/genevieveetbernardauxameriques.fr\/wp-content\/uploads\/2019\/02\/DSCN5411.jpg?ssl=1\"><img loading=\"lazy\" decoding=\"async\" data-attachment-id=\"32927\" data-permalink=\"https:\/\/genevieveetbernardauxameriques.fr\/index.php\/2019\/03\/06\/baja-californie-2-de-la-paz-a-san-ignacio-avec-edwige\/dscn5411-2\/\" data-orig-file=\"https:\/\/i0.wp.com\/genevieveetbernardauxameriques.fr\/wp-content\/uploads\/2019\/02\/DSCN5411.jpg?fit=4608%2C3456&amp;ssl=1\" data-orig-size=\"4608,3456\" data-comments-opened=\"1\" data-image-meta=\"{&quot;aperture&quot;:&quot;4&quot;,&quot;credit&quot;:&quot;&quot;,&quot;camera&quot;:&quot;COOLPIX P900&quot;,&quot;caption&quot;:&quot;&quot;,&quot;created_timestamp&quot;:&quot;1549809678&quot;,&quot;copyright&quot;:&quot;&quot;,&quot;focal_length&quot;:&quot;17&quot;,&quot;iso&quot;:&quot;100&quot;,&quot;shutter_speed&quot;:&quot;0.002&quot;,&quot;title&quot;:&quot;&quot;,&quot;orientation&quot;:&quot;1&quot;}\" data-image-title=\"DSCN5411\" data-image-description=\"\" data-image-caption=\"\" data-medium-file=\"https:\/\/i0.wp.com\/genevieveetbernardauxameriques.fr\/wp-content\/uploads\/2019\/02\/DSCN5411.jpg?fit=300%2C225&amp;ssl=1\" data-large-file=\"https:\/\/i0.wp.com\/genevieveetbernardauxameriques.fr\/wp-content\/uploads\/2019\/02\/DSCN5411.jpg?fit=640%2C480&amp;ssl=1\" class=\"alignnone size-large wp-image-32927\" src=\"https:\/\/i0.wp.com\/genevieveetbernardauxameriques.fr\/wp-content\/uploads\/2019\/02\/DSCN5411.jpg?resize=640%2C480&#038;ssl=1\" alt=\"\" width=\"640\" height=\"480\" srcset=\"https:\/\/i0.wp.com\/genevieveetbernardauxameriques.fr\/wp-content\/uploads\/2019\/02\/DSCN5411.jpg?resize=1024%2C768&amp;ssl=1 1024w, https:\/\/i0.wp.com\/genevieveetbernardauxameriques.fr\/wp-content\/uploads\/2019\/02\/DSCN5411.jpg?resize=300%2C225&amp;ssl=1 300w, https:\/\/i0.wp.com\/genevieveetbernardauxameriques.fr\/wp-content\/uploads\/2019\/02\/DSCN5411.jpg?resize=768%2C576&amp;ssl=1 768w, https:\/\/i0.wp.com\/genevieveetbernardauxameriques.fr\/wp-content\/uploads\/2019\/02\/DSCN5411.jpg?w=1280&amp;ssl=1 1280w, https:\/\/i0.wp.com\/genevieveetbernardauxameriques.fr\/wp-content\/uploads\/2019\/02\/DSCN5411.jpg?w=1920&amp;ssl=1 1920w\" sizes=\"(max-width: 640px) 100vw, 640px\" data-recalc-dims=\"1\" \/><\/a> <a href=\"https:\/\/i0.wp.com\/genevieveetbernardauxameriques.fr\/wp-content\/uploads\/2019\/02\/DSCN5417.jpg?ssl=1\"><img loading=\"lazy\" decoding=\"async\" data-attachment-id=\"32932\" data-permalink=\"https:\/\/genevieveetbernardauxameriques.fr\/index.php\/2019\/03\/06\/baja-californie-2-de-la-paz-a-san-ignacio-avec-edwige\/dscn5417\/\" data-orig-file=\"https:\/\/i0.wp.com\/genevieveetbernardauxameriques.fr\/wp-content\/uploads\/2019\/02\/DSCN5417.jpg?fit=4608%2C3456&amp;ssl=1\" data-orig-size=\"4608,3456\" data-comments-opened=\"1\" data-image-meta=\"{&quot;aperture&quot;:&quot;4.5&quot;,&quot;credit&quot;:&quot;&quot;,&quot;camera&quot;:&quot;COOLPIX P900&quot;,&quot;caption&quot;:&quot;&quot;,&quot;created_timestamp&quot;:&quot;1549810101&quot;,&quot;copyright&quot;:&quot;&quot;,&quot;focal_length&quot;:&quot;30.3&quot;,&quot;iso&quot;:&quot;100&quot;,&quot;shutter_speed&quot;:&quot;0.0025&quot;,&quot;title&quot;:&quot;&quot;,&quot;orientation&quot;:&quot;1&quot;}\" data-image-title=\"DSCN5417\" data-image-description=\"\" data-image-caption=\"\" data-medium-file=\"https:\/\/i0.wp.com\/genevieveetbernardauxameriques.fr\/wp-content\/uploads\/2019\/02\/DSCN5417.jpg?fit=300%2C225&amp;ssl=1\" data-large-file=\"https:\/\/i0.wp.com\/genevieveetbernardauxameriques.fr\/wp-content\/uploads\/2019\/02\/DSCN5417.jpg?fit=640%2C480&amp;ssl=1\" class=\"alignnone size-large wp-image-32932\" src=\"https:\/\/i0.wp.com\/genevieveetbernardauxameriques.fr\/wp-content\/uploads\/2019\/02\/DSCN5417.jpg?resize=640%2C480&#038;ssl=1\" alt=\"\" width=\"640\" height=\"480\" srcset=\"https:\/\/i0.wp.com\/genevieveetbernardauxameriques.fr\/wp-content\/uploads\/2019\/02\/DSCN5417.jpg?resize=1024%2C768&amp;ssl=1 1024w, https:\/\/i0.wp.com\/genevieveetbernardauxameriques.fr\/wp-content\/uploads\/2019\/02\/DSCN5417.jpg?resize=300%2C225&amp;ssl=1 300w, https:\/\/i0.wp.com\/genevieveetbernardauxameriques.fr\/wp-content\/uploads\/2019\/02\/DSCN5417.jpg?resize=768%2C576&amp;ssl=1 768w, https:\/\/i0.wp.com\/genevieveetbernardauxameriques.fr\/wp-content\/uploads\/2019\/02\/DSCN5417.jpg?w=1280&amp;ssl=1 1280w, https:\/\/i0.wp.com\/genevieveetbernardauxameriques.fr\/wp-content\/uploads\/2019\/02\/DSCN5417.jpg?w=1920&amp;ssl=1 1920w\" sizes=\"(max-width: 640px) 100vw, 640px\" data-recalc-dims=\"1\" \/><\/a><\/p>\n<p>Voil\u00e0 au fond la bande de terre o\u00f9 nous \u00e9tions la veille.<\/p>\n<p><a href=\"https:\/\/i0.wp.com\/genevieveetbernardauxameriques.fr\/wp-content\/uploads\/2019\/02\/DSCN5410.jpg?ssl=1\"><img loading=\"lazy\" decoding=\"async\" data-attachment-id=\"32926\" data-permalink=\"https:\/\/genevieveetbernardauxameriques.fr\/index.php\/2019\/03\/06\/baja-californie-2-de-la-paz-a-san-ignacio-avec-edwige\/dscn5410\/\" data-orig-file=\"https:\/\/i0.wp.com\/genevieveetbernardauxameriques.fr\/wp-content\/uploads\/2019\/02\/DSCN5410.jpg?fit=4608%2C3456&amp;ssl=1\" data-orig-size=\"4608,3456\" data-comments-opened=\"1\" data-image-meta=\"{&quot;aperture&quot;:&quot;2.8&quot;,&quot;credit&quot;:&quot;&quot;,&quot;camera&quot;:&quot;COOLPIX P900&quot;,&quot;caption&quot;:&quot;&quot;,&quot;created_timestamp&quot;:&quot;1549809492&quot;,&quot;copyright&quot;:&quot;&quot;,&quot;focal_length&quot;:&quot;4.3&quot;,&quot;iso&quot;:&quot;100&quot;,&quot;shutter_speed&quot;:&quot;0.000625&quot;,&quot;title&quot;:&quot;&quot;,&quot;orientation&quot;:&quot;1&quot;}\" data-image-title=\"DSCN5410\" data-image-description=\"\" data-image-caption=\"\" data-medium-file=\"https:\/\/i0.wp.com\/genevieveetbernardauxameriques.fr\/wp-content\/uploads\/2019\/02\/DSCN5410.jpg?fit=300%2C225&amp;ssl=1\" data-large-file=\"https:\/\/i0.wp.com\/genevieveetbernardauxameriques.fr\/wp-content\/uploads\/2019\/02\/DSCN5410.jpg?fit=640%2C480&amp;ssl=1\" class=\"alignnone size-large wp-image-32926\" src=\"https:\/\/i0.wp.com\/genevieveetbernardauxameriques.fr\/wp-content\/uploads\/2019\/02\/DSCN5410.jpg?resize=640%2C480&#038;ssl=1\" alt=\"\" width=\"640\" height=\"480\" srcset=\"https:\/\/i0.wp.com\/genevieveetbernardauxameriques.fr\/wp-content\/uploads\/2019\/02\/DSCN5410.jpg?resize=1024%2C768&amp;ssl=1 1024w, https:\/\/i0.wp.com\/genevieveetbernardauxameriques.fr\/wp-content\/uploads\/2019\/02\/DSCN5410.jpg?resize=300%2C225&amp;ssl=1 300w, https:\/\/i0.wp.com\/genevieveetbernardauxameriques.fr\/wp-content\/uploads\/2019\/02\/DSCN5410.jpg?resize=768%2C576&amp;ssl=1 768w, https:\/\/i0.wp.com\/genevieveetbernardauxameriques.fr\/wp-content\/uploads\/2019\/02\/DSCN5410.jpg?w=1280&amp;ssl=1 1280w, https:\/\/i0.wp.com\/genevieveetbernardauxameriques.fr\/wp-content\/uploads\/2019\/02\/DSCN5410.jpg?w=1920&amp;ssl=1 1920w\" sizes=\"(max-width: 640px) 100vw, 640px\" data-recalc-dims=\"1\" \/><\/a><\/p>\n<p>Et la vue de la c\u00f4te au retour :<\/p>\n<p><a href=\"https:\/\/i0.wp.com\/genevieveetbernardauxameriques.fr\/wp-content\/uploads\/2019\/02\/DSCN5442-e1551124742952.jpg?ssl=1\"><img loading=\"lazy\" decoding=\"async\" data-attachment-id=\"32951\" data-permalink=\"https:\/\/genevieveetbernardauxameriques.fr\/index.php\/2019\/03\/06\/baja-californie-2-de-la-paz-a-san-ignacio-avec-edwige\/dscn5442-2\/\" data-orig-file=\"https:\/\/i0.wp.com\/genevieveetbernardauxameriques.fr\/wp-content\/uploads\/2019\/02\/DSCN5442-e1551124742952.jpg?fit=4596%2C2476&amp;ssl=1\" data-orig-size=\"4596,2476\" data-comments-opened=\"1\" data-image-meta=\"{&quot;aperture&quot;:&quot;4&quot;,&quot;credit&quot;:&quot;&quot;,&quot;camera&quot;:&quot;COOLPIX P900&quot;,&quot;caption&quot;:&quot;&quot;,&quot;created_timestamp&quot;:&quot;1549813041&quot;,&quot;copyright&quot;:&quot;&quot;,&quot;focal_length&quot;:&quot;17&quot;,&quot;iso&quot;:&quot;100&quot;,&quot;shutter_speed&quot;:&quot;0.0008&quot;,&quot;title&quot;:&quot;&quot;,&quot;orientation&quot;:&quot;1&quot;}\" data-image-title=\"DSCN5442\" data-image-description=\"\" data-image-caption=\"\" data-medium-file=\"https:\/\/i0.wp.com\/genevieveetbernardauxameriques.fr\/wp-content\/uploads\/2019\/02\/DSCN5442-e1551124742952.jpg?fit=300%2C162&amp;ssl=1\" data-large-file=\"https:\/\/i0.wp.com\/genevieveetbernardauxameriques.fr\/wp-content\/uploads\/2019\/02\/DSCN5442-e1551124742952.jpg?fit=640%2C345&amp;ssl=1\" class=\"alignnone size-large wp-image-32951\" src=\"https:\/\/i0.wp.com\/genevieveetbernardauxameriques.fr\/wp-content\/uploads\/2019\/02\/DSCN5442-e1551124742952-1024x552.jpg?resize=640%2C345&#038;ssl=1\" alt=\"\" width=\"640\" height=\"345\" srcset=\"https:\/\/i0.wp.com\/genevieveetbernardauxameriques.fr\/wp-content\/uploads\/2019\/02\/DSCN5442-e1551124742952.jpg?resize=1024%2C552&amp;ssl=1 1024w, https:\/\/i0.wp.com\/genevieveetbernardauxameriques.fr\/wp-content\/uploads\/2019\/02\/DSCN5442-e1551124742952.jpg?resize=300%2C162&amp;ssl=1 300w, https:\/\/i0.wp.com\/genevieveetbernardauxameriques.fr\/wp-content\/uploads\/2019\/02\/DSCN5442-e1551124742952.jpg?resize=768%2C414&amp;ssl=1 768w, https:\/\/i0.wp.com\/genevieveetbernardauxameriques.fr\/wp-content\/uploads\/2019\/02\/DSCN5442-e1551124742952.jpg?w=1280&amp;ssl=1 1280w, https:\/\/i0.wp.com\/genevieveetbernardauxameriques.fr\/wp-content\/uploads\/2019\/02\/DSCN5442-e1551124742952.jpg?w=1920&amp;ssl=1 1920w\" sizes=\"(max-width: 640px) 100vw, 640px\" data-recalc-dims=\"1\" \/><\/a><a href=\"https:\/\/i0.wp.com\/genevieveetbernardauxameriques.fr\/wp-content\/uploads\/2019\/02\/DSCN5444-e1551126446892.jpg?ssl=1\"><img loading=\"lazy\" decoding=\"async\" data-attachment-id=\"32999\" data-permalink=\"https:\/\/genevieveetbernardauxameriques.fr\/index.php\/2019\/03\/06\/baja-californie-2-de-la-paz-a-san-ignacio-avec-edwige\/dscn5444\/\" data-orig-file=\"https:\/\/i0.wp.com\/genevieveetbernardauxameriques.fr\/wp-content\/uploads\/2019\/02\/DSCN5444-e1551126446892.jpg?fit=714%2C302&amp;ssl=1\" data-orig-size=\"714,302\" data-comments-opened=\"1\" data-image-meta=\"{&quot;aperture&quot;:&quot;3.5&quot;,&quot;credit&quot;:&quot;&quot;,&quot;camera&quot;:&quot;COOLPIX P900&quot;,&quot;caption&quot;:&quot;&quot;,&quot;created_timestamp&quot;:&quot;1549813157&quot;,&quot;copyright&quot;:&quot;&quot;,&quot;focal_length&quot;:&quot;13.4&quot;,&quot;iso&quot;:&quot;100&quot;,&quot;shutter_speed&quot;:&quot;0.000625&quot;,&quot;title&quot;:&quot;&quot;,&quot;orientation&quot;:&quot;1&quot;}\" data-image-title=\"DSCN5444\" data-image-description=\"\" data-image-caption=\"\" data-medium-file=\"https:\/\/i0.wp.com\/genevieveetbernardauxameriques.fr\/wp-content\/uploads\/2019\/02\/DSCN5444-e1551126446892.jpg?fit=300%2C127&amp;ssl=1\" data-large-file=\"https:\/\/i0.wp.com\/genevieveetbernardauxameriques.fr\/wp-content\/uploads\/2019\/02\/DSCN5444-e1551126446892.jpg?fit=640%2C271&amp;ssl=1\" class=\"alignnone size-full wp-image-32999\" src=\"https:\/\/i0.wp.com\/genevieveetbernardauxameriques.fr\/wp-content\/uploads\/2019\/02\/DSCN5444-e1551126446892.jpg?resize=640%2C271&#038;ssl=1\" alt=\"\" width=\"640\" height=\"271\" srcset=\"https:\/\/i0.wp.com\/genevieveetbernardauxameriques.fr\/wp-content\/uploads\/2019\/02\/DSCN5444-e1551126446892.jpg?w=714&amp;ssl=1 714w, https:\/\/i0.wp.com\/genevieveetbernardauxameriques.fr\/wp-content\/uploads\/2019\/02\/DSCN5444-e1551126446892.jpg?resize=300%2C127&amp;ssl=1 300w\" sizes=\"(max-width: 640px) 100vw, 640px\" data-recalc-dims=\"1\" \/><\/a><\/p>\n<p>Nous rentrons tous bien fatigu\u00e9s de notre journ\u00e9e et allons faire une petite promenade sur le malecon lorsque nous croisons, notre petite famille d&rsquo;adoption, on finit la balade et la soir\u00e9e tous ensemble.<\/p>\n<p><a href=\"https:\/\/i0.wp.com\/genevieveetbernardauxameriques.fr\/wp-content\/uploads\/2019\/02\/DSCN5446.jpg?ssl=1\"><img loading=\"lazy\" decoding=\"async\" data-attachment-id=\"33000\" data-permalink=\"https:\/\/genevieveetbernardauxameriques.fr\/index.php\/2019\/03\/06\/baja-californie-2-de-la-paz-a-san-ignacio-avec-edwige\/dscn5446-2\/\" data-orig-file=\"https:\/\/i0.wp.com\/genevieveetbernardauxameriques.fr\/wp-content\/uploads\/2019\/02\/DSCN5446.jpg?fit=720%2C540&amp;ssl=1\" data-orig-size=\"720,540\" data-comments-opened=\"1\" data-image-meta=\"{&quot;aperture&quot;:&quot;2.8&quot;,&quot;credit&quot;:&quot;&quot;,&quot;camera&quot;:&quot;COOLPIX P900&quot;,&quot;caption&quot;:&quot;&quot;,&quot;created_timestamp&quot;:&quot;1549824440&quot;,&quot;copyright&quot;:&quot;&quot;,&quot;focal_length&quot;:&quot;5&quot;,&quot;iso&quot;:&quot;100&quot;,&quot;shutter_speed&quot;:&quot;0.00125&quot;,&quot;title&quot;:&quot;&quot;,&quot;orientation&quot;:&quot;1&quot;}\" data-image-title=\"DSCN5446\" data-image-description=\"\" data-image-caption=\"\" data-medium-file=\"https:\/\/i0.wp.com\/genevieveetbernardauxameriques.fr\/wp-content\/uploads\/2019\/02\/DSCN5446.jpg?fit=300%2C225&amp;ssl=1\" data-large-file=\"https:\/\/i0.wp.com\/genevieveetbernardauxameriques.fr\/wp-content\/uploads\/2019\/02\/DSCN5446.jpg?fit=640%2C480&amp;ssl=1\" class=\"alignnone size-full wp-image-33000\" src=\"https:\/\/i0.wp.com\/genevieveetbernardauxameriques.fr\/wp-content\/uploads\/2019\/02\/DSCN5446.jpg?resize=640%2C480&#038;ssl=1\" alt=\"\" width=\"640\" height=\"480\" srcset=\"https:\/\/i0.wp.com\/genevieveetbernardauxameriques.fr\/wp-content\/uploads\/2019\/02\/DSCN5446.jpg?w=720&amp;ssl=1 720w, https:\/\/i0.wp.com\/genevieveetbernardauxameriques.fr\/wp-content\/uploads\/2019\/02\/DSCN5446.jpg?resize=300%2C225&amp;ssl=1 300w\" sizes=\"(max-width: 640px) 100vw, 640px\" data-recalc-dims=\"1\" \/><\/a><\/p>\n<p>J&rsquo;ai besoin d&rsquo;aller chercher de l&rsquo;argent, Fran\u00e7ois va m&rsquo;y emmener. Nous sommes dimanche et il y a beaucoup de monde sur la promenade, on doit zigzaguer \u00e0 travers la foule.<\/p>\n<p><a href=\"https:\/\/i0.wp.com\/genevieveetbernardauxameriques.fr\/wp-content\/uploads\/2019\/02\/IMG-20190210-WA00051.jpg?ssl=1\"><img loading=\"lazy\" decoding=\"async\" data-attachment-id=\"32987\" data-permalink=\"https:\/\/genevieveetbernardauxameriques.fr\/index.php\/2019\/03\/06\/baja-californie-2-de-la-paz-a-san-ignacio-avec-edwige\/img-20190210-wa00051\/\" data-orig-file=\"https:\/\/i0.wp.com\/genevieveetbernardauxameriques.fr\/wp-content\/uploads\/2019\/02\/IMG-20190210-WA00051.jpg?fit=600%2C800&amp;ssl=1\" data-orig-size=\"600,800\" data-comments-opened=\"1\" data-image-meta=\"{&quot;aperture&quot;:&quot;0&quot;,&quot;credit&quot;:&quot;&quot;,&quot;camera&quot;:&quot;&quot;,&quot;caption&quot;:&quot;&quot;,&quot;created_timestamp&quot;:&quot;0&quot;,&quot;copyright&quot;:&quot;&quot;,&quot;focal_length&quot;:&quot;0&quot;,&quot;iso&quot;:&quot;0&quot;,&quot;shutter_speed&quot;:&quot;0&quot;,&quot;title&quot;:&quot;&quot;,&quot;orientation&quot;:&quot;0&quot;}\" data-image-title=\"IMG-20190210-WA0005[1]\" data-image-description=\"\" data-image-caption=\"\" data-medium-file=\"https:\/\/i0.wp.com\/genevieveetbernardauxameriques.fr\/wp-content\/uploads\/2019\/02\/IMG-20190210-WA00051.jpg?fit=225%2C300&amp;ssl=1\" data-large-file=\"https:\/\/i0.wp.com\/genevieveetbernardauxameriques.fr\/wp-content\/uploads\/2019\/02\/IMG-20190210-WA00051.jpg?fit=600%2C800&amp;ssl=1\" class=\"alignnone wp-image-32987\" src=\"https:\/\/i0.wp.com\/genevieveetbernardauxameriques.fr\/wp-content\/uploads\/2019\/02\/IMG-20190210-WA00051.jpg?resize=450%2C600&#038;ssl=1\" alt=\"\" width=\"450\" height=\"600\" srcset=\"https:\/\/i0.wp.com\/genevieveetbernardauxameriques.fr\/wp-content\/uploads\/2019\/02\/IMG-20190210-WA00051.jpg?w=600&amp;ssl=1 600w, https:\/\/i0.wp.com\/genevieveetbernardauxameriques.fr\/wp-content\/uploads\/2019\/02\/IMG-20190210-WA00051.jpg?resize=225%2C300&amp;ssl=1 225w\" sizes=\"(max-width: 450px) 100vw, 450px\" data-recalc-dims=\"1\" \/><\/a><\/p>\n<p><a href=\"https:\/\/i0.wp.com\/genevieveetbernardauxameriques.fr\/wp-content\/uploads\/2019\/02\/DSCN5447.jpg?ssl=1\"><img loading=\"lazy\" decoding=\"async\" data-attachment-id=\"33001\" data-permalink=\"https:\/\/genevieveetbernardauxameriques.fr\/index.php\/2019\/03\/06\/baja-californie-2-de-la-paz-a-san-ignacio-avec-edwige\/dscn5447-2\/\" data-orig-file=\"https:\/\/i0.wp.com\/genevieveetbernardauxameriques.fr\/wp-content\/uploads\/2019\/02\/DSCN5447.jpg?fit=720%2C540&amp;ssl=1\" data-orig-size=\"720,540\" data-comments-opened=\"1\" data-image-meta=\"{&quot;aperture&quot;:&quot;3.5&quot;,&quot;credit&quot;:&quot;&quot;,&quot;camera&quot;:&quot;COOLPIX P900&quot;,&quot;caption&quot;:&quot;&quot;,&quot;created_timestamp&quot;:&quot;1549825652&quot;,&quot;copyright&quot;:&quot;&quot;,&quot;focal_length&quot;:&quot;12.5&quot;,&quot;iso&quot;:&quot;100&quot;,&quot;shutter_speed&quot;:&quot;0.0025&quot;,&quot;title&quot;:&quot;&quot;,&quot;orientation&quot;:&quot;1&quot;}\" data-image-title=\"DSCN5447\" data-image-description=\"\" data-image-caption=\"\" data-medium-file=\"https:\/\/i0.wp.com\/genevieveetbernardauxameriques.fr\/wp-content\/uploads\/2019\/02\/DSCN5447.jpg?fit=300%2C225&amp;ssl=1\" data-large-file=\"https:\/\/i0.wp.com\/genevieveetbernardauxameriques.fr\/wp-content\/uploads\/2019\/02\/DSCN5447.jpg?fit=640%2C480&amp;ssl=1\" class=\"alignnone size-full wp-image-33001\" src=\"https:\/\/i0.wp.com\/genevieveetbernardauxameriques.fr\/wp-content\/uploads\/2019\/02\/DSCN5447.jpg?resize=640%2C480&#038;ssl=1\" alt=\"\" width=\"640\" height=\"480\" srcset=\"https:\/\/i0.wp.com\/genevieveetbernardauxameriques.fr\/wp-content\/uploads\/2019\/02\/DSCN5447.jpg?w=720&amp;ssl=1 720w, https:\/\/i0.wp.com\/genevieveetbernardauxameriques.fr\/wp-content\/uploads\/2019\/02\/DSCN5447.jpg?resize=300%2C225&amp;ssl=1 300w\" sizes=\"(max-width: 640px) 100vw, 640px\" data-recalc-dims=\"1\" \/><\/a> <a href=\"https:\/\/i0.wp.com\/genevieveetbernardauxameriques.fr\/wp-content\/uploads\/2019\/02\/DSCN5448.jpg?ssl=1\"><img loading=\"lazy\" decoding=\"async\" data-attachment-id=\"33002\" data-permalink=\"https:\/\/genevieveetbernardauxameriques.fr\/index.php\/2019\/03\/06\/baja-californie-2-de-la-paz-a-san-ignacio-avec-edwige\/dscn5448-2\/\" data-orig-file=\"https:\/\/i0.wp.com\/genevieveetbernardauxameriques.fr\/wp-content\/uploads\/2019\/02\/DSCN5448.jpg?fit=720%2C540&amp;ssl=1\" data-orig-size=\"720,540\" data-comments-opened=\"1\" data-image-meta=\"{&quot;aperture&quot;:&quot;4&quot;,&quot;credit&quot;:&quot;&quot;,&quot;camera&quot;:&quot;COOLPIX P900&quot;,&quot;caption&quot;:&quot;&quot;,&quot;created_timestamp&quot;:&quot;1549825677&quot;,&quot;copyright&quot;:&quot;&quot;,&quot;focal_length&quot;:&quot;24.1&quot;,&quot;iso&quot;:&quot;100&quot;,&quot;shutter_speed&quot;:&quot;0.003125&quot;,&quot;title&quot;:&quot;&quot;,&quot;orientation&quot;:&quot;1&quot;}\" data-image-title=\"DSCN5448\" data-image-description=\"\" data-image-caption=\"\" data-medium-file=\"https:\/\/i0.wp.com\/genevieveetbernardauxameriques.fr\/wp-content\/uploads\/2019\/02\/DSCN5448.jpg?fit=300%2C225&amp;ssl=1\" data-large-file=\"https:\/\/i0.wp.com\/genevieveetbernardauxameriques.fr\/wp-content\/uploads\/2019\/02\/DSCN5448.jpg?fit=640%2C480&amp;ssl=1\" class=\"alignnone size-full wp-image-33002\" src=\"https:\/\/i0.wp.com\/genevieveetbernardauxameriques.fr\/wp-content\/uploads\/2019\/02\/DSCN5448.jpg?resize=640%2C480&#038;ssl=1\" alt=\"\" width=\"640\" height=\"480\" srcset=\"https:\/\/i0.wp.com\/genevieveetbernardauxameriques.fr\/wp-content\/uploads\/2019\/02\/DSCN5448.jpg?w=720&amp;ssl=1 720w, https:\/\/i0.wp.com\/genevieveetbernardauxameriques.fr\/wp-content\/uploads\/2019\/02\/DSCN5448.jpg?resize=300%2C225&amp;ssl=1 300w\" sizes=\"(max-width: 640px) 100vw, 640px\" data-recalc-dims=\"1\" \/><\/a><\/p>\n<p><strong>LUNDI<\/strong><\/p>\n<p>Petit d\u00e9jeuner en famille dans le AirBnb<\/p>\n<p><a href=\"https:\/\/i0.wp.com\/genevieveetbernardauxameriques.fr\/wp-content\/uploads\/2019\/02\/DSCN5450.jpg?ssl=1\"><img loading=\"lazy\" decoding=\"async\" data-attachment-id=\"33003\" data-permalink=\"https:\/\/genevieveetbernardauxameriques.fr\/index.php\/2019\/03\/06\/baja-californie-2-de-la-paz-a-san-ignacio-avec-edwige\/dscn5450-2\/\" data-orig-file=\"https:\/\/i0.wp.com\/genevieveetbernardauxameriques.fr\/wp-content\/uploads\/2019\/02\/DSCN5450.jpg?fit=720%2C540&amp;ssl=1\" data-orig-size=\"720,540\" data-comments-opened=\"1\" data-image-meta=\"{&quot;aperture&quot;:&quot;2.8&quot;,&quot;credit&quot;:&quot;&quot;,&quot;camera&quot;:&quot;COOLPIX P900&quot;,&quot;caption&quot;:&quot;&quot;,&quot;created_timestamp&quot;:&quot;1549961841&quot;,&quot;copyright&quot;:&quot;&quot;,&quot;focal_length&quot;:&quot;4.3&quot;,&quot;iso&quot;:&quot;100&quot;,&quot;shutter_speed&quot;:&quot;0.033333333333333&quot;,&quot;title&quot;:&quot;&quot;,&quot;orientation&quot;:&quot;1&quot;}\" data-image-title=\"DSCN5450\" data-image-description=\"\" data-image-caption=\"\" data-medium-file=\"https:\/\/i0.wp.com\/genevieveetbernardauxameriques.fr\/wp-content\/uploads\/2019\/02\/DSCN5450.jpg?fit=300%2C225&amp;ssl=1\" data-large-file=\"https:\/\/i0.wp.com\/genevieveetbernardauxameriques.fr\/wp-content\/uploads\/2019\/02\/DSCN5450.jpg?fit=640%2C480&amp;ssl=1\" class=\"alignnone size-full wp-image-33003\" src=\"https:\/\/i0.wp.com\/genevieveetbernardauxameriques.fr\/wp-content\/uploads\/2019\/02\/DSCN5450.jpg?resize=640%2C480&#038;ssl=1\" alt=\"\" width=\"640\" height=\"480\" srcset=\"https:\/\/i0.wp.com\/genevieveetbernardauxameriques.fr\/wp-content\/uploads\/2019\/02\/DSCN5450.jpg?w=720&amp;ssl=1 720w, https:\/\/i0.wp.com\/genevieveetbernardauxameriques.fr\/wp-content\/uploads\/2019\/02\/DSCN5450.jpg?resize=300%2C225&amp;ssl=1 300w\" sizes=\"(max-width: 640px) 100vw, 640px\" data-recalc-dims=\"1\" \/><\/a><\/p>\n<p>Edwige a pris une plong\u00e9e en bouteille sur l&rsquo;ile o\u00f9 nous \u00e9tions hier pour aller sur une \u00e9pave et nager sous l&rsquo;eau avec les otaries.<\/p>\n<p><a href=\"https:\/\/i0.wp.com\/genevieveetbernardauxameriques.fr\/wp-content\/uploads\/2019\/02\/Capture-d\u00e9cran-2019-02-25-13.20.38-e1551199052902.jpg?ssl=1\"><img loading=\"lazy\" decoding=\"async\" data-attachment-id=\"33071\" data-permalink=\"https:\/\/genevieveetbernardauxameriques.fr\/index.php\/2019\/03\/06\/baja-californie-2-de-la-paz-a-san-ignacio-avec-edwige\/capture-decran-2019-02-25-13-20-38\/\" data-orig-file=\"https:\/\/i0.wp.com\/genevieveetbernardauxameriques.fr\/wp-content\/uploads\/2019\/02\/Capture-d\u00e9cran-2019-02-25-13.20.38-e1551199052902.jpg?fit=670%2C356&amp;ssl=1\" data-orig-size=\"670,356\" data-comments-opened=\"1\" data-image-meta=\"{&quot;aperture&quot;:&quot;0&quot;,&quot;credit&quot;:&quot;&quot;,&quot;camera&quot;:&quot;&quot;,&quot;caption&quot;:&quot;&quot;,&quot;created_timestamp&quot;:&quot;0&quot;,&quot;copyright&quot;:&quot;&quot;,&quot;focal_length&quot;:&quot;0&quot;,&quot;iso&quot;:&quot;0&quot;,&quot;shutter_speed&quot;:&quot;0&quot;,&quot;title&quot;:&quot;&quot;,&quot;orientation&quot;:&quot;0&quot;}\" data-image-title=\"Capture d&amp;rsquo;\u00e9cran 2019-02-25 13.20.38\" data-image-description=\"\" data-image-caption=\"\" data-medium-file=\"https:\/\/i0.wp.com\/genevieveetbernardauxameriques.fr\/wp-content\/uploads\/2019\/02\/Capture-d\u00e9cran-2019-02-25-13.20.38-e1551199052902.jpg?fit=300%2C159&amp;ssl=1\" data-large-file=\"https:\/\/i0.wp.com\/genevieveetbernardauxameriques.fr\/wp-content\/uploads\/2019\/02\/Capture-d\u00e9cran-2019-02-25-13.20.38-e1551199052902.jpg?fit=640%2C340&amp;ssl=1\" class=\"alignnone size-full wp-image-33071\" src=\"https:\/\/i0.wp.com\/genevieveetbernardauxameriques.fr\/wp-content\/uploads\/2019\/02\/Capture-d\u00e9cran-2019-02-25-13.20.38-e1551199052902.jpg?resize=640%2C340&#038;ssl=1\" alt=\"\" width=\"640\" height=\"340\" srcset=\"https:\/\/i0.wp.com\/genevieveetbernardauxameriques.fr\/wp-content\/uploads\/2019\/02\/Capture-d\u00e9cran-2019-02-25-13.20.38-e1551199052902.jpg?w=670&amp;ssl=1 670w, https:\/\/i0.wp.com\/genevieveetbernardauxameriques.fr\/wp-content\/uploads\/2019\/02\/Capture-d\u00e9cran-2019-02-25-13.20.38-e1551199052902.jpg?resize=300%2C159&amp;ssl=1 300w\" sizes=\"(max-width: 640px) 100vw, 640px\" data-recalc-dims=\"1\" \/><\/a> <a href=\"https:\/\/i0.wp.com\/genevieveetbernardauxameriques.fr\/wp-content\/uploads\/2019\/02\/Capture-d\u00e9cran-2019-02-25-13.18.14-e1551199166562.jpg?ssl=1\"><img loading=\"lazy\" decoding=\"async\" class=\"alignnone size-full wp-image-33067\" src=\"https:\/\/i0.wp.com\/genevieveetbernardauxameriques.fr\/wp-content\/uploads\/2019\/02\/Capture-d\u00e9cran-2019-02-25-13.18.14-e1551199166562.jpg?resize=640%2C325&#038;ssl=1\" alt=\"\" width=\"640\" height=\"325\" data-recalc-dims=\"1\" \/><\/a> <a href=\"https:\/\/i0.wp.com\/genevieveetbernardauxameriques.fr\/wp-content\/uploads\/2019\/02\/Capture-d\u00e9cran-2019-02-25-13.16.18-e1551199209943.jpg?ssl=1\"><img loading=\"lazy\" decoding=\"async\" data-attachment-id=\"33066\" data-permalink=\"https:\/\/genevieveetbernardauxameriques.fr\/index.php\/2019\/03\/06\/baja-californie-2-de-la-paz-a-san-ignacio-avec-edwige\/capture-decran-2019-02-25-13-16-18\/\" data-orig-file=\"https:\/\/i0.wp.com\/genevieveetbernardauxameriques.fr\/wp-content\/uploads\/2019\/02\/Capture-d\u00e9cran-2019-02-25-13.16.18-e1551199209943.jpg?fit=706%2C388&amp;ssl=1\" data-orig-size=\"706,388\" data-comments-opened=\"1\" data-image-meta=\"{&quot;aperture&quot;:&quot;0&quot;,&quot;credit&quot;:&quot;&quot;,&quot;camera&quot;:&quot;&quot;,&quot;caption&quot;:&quot;&quot;,&quot;created_timestamp&quot;:&quot;0&quot;,&quot;copyright&quot;:&quot;&quot;,&quot;focal_length&quot;:&quot;0&quot;,&quot;iso&quot;:&quot;0&quot;,&quot;shutter_speed&quot;:&quot;0&quot;,&quot;title&quot;:&quot;&quot;,&quot;orientation&quot;:&quot;0&quot;}\" data-image-title=\"Capture d&amp;rsquo;\u00e9cran 2019-02-25 13.16.18\" data-image-description=\"\" data-image-caption=\"\" data-medium-file=\"https:\/\/i0.wp.com\/genevieveetbernardauxameriques.fr\/wp-content\/uploads\/2019\/02\/Capture-d\u00e9cran-2019-02-25-13.16.18-e1551199209943.jpg?fit=300%2C165&amp;ssl=1\" data-large-file=\"https:\/\/i0.wp.com\/genevieveetbernardauxameriques.fr\/wp-content\/uploads\/2019\/02\/Capture-d\u00e9cran-2019-02-25-13.16.18-e1551199209943.jpg?fit=640%2C352&amp;ssl=1\" class=\"alignnone size-full wp-image-33066\" src=\"https:\/\/i0.wp.com\/genevieveetbernardauxameriques.fr\/wp-content\/uploads\/2019\/02\/Capture-d\u00e9cran-2019-02-25-13.16.18-e1551199209943.jpg?resize=640%2C352&#038;ssl=1\" alt=\"\" width=\"640\" height=\"352\" srcset=\"https:\/\/i0.wp.com\/genevieveetbernardauxameriques.fr\/wp-content\/uploads\/2019\/02\/Capture-d\u00e9cran-2019-02-25-13.16.18-e1551199209943.jpg?w=706&amp;ssl=1 706w, https:\/\/i0.wp.com\/genevieveetbernardauxameriques.fr\/wp-content\/uploads\/2019\/02\/Capture-d\u00e9cran-2019-02-25-13.16.18-e1551199209943.jpg?resize=300%2C165&amp;ssl=1 300w\" sizes=\"(max-width: 640px) 100vw, 640px\" data-recalc-dims=\"1\" \/><\/a><\/p>\n<p><a href=\"https:\/\/i0.wp.com\/genevieveetbernardauxameriques.fr\/wp-content\/uploads\/2019\/03\/Capture-d\u00e9cran-2019-03-01-19.25.26-1-e1551725328147.jpg?ssl=1\"><img loading=\"lazy\" decoding=\"async\" data-attachment-id=\"33371\" data-permalink=\"https:\/\/genevieveetbernardauxameriques.fr\/index.php\/2019\/03\/06\/baja-californie-2-de-la-paz-a-san-ignacio-avec-edwige\/capture-decran-2019-03-01-19-25-26-2\/\" data-orig-file=\"https:\/\/i0.wp.com\/genevieveetbernardauxameriques.fr\/wp-content\/uploads\/2019\/03\/Capture-d\u00e9cran-2019-03-01-19.25.26-1-e1551725328147.jpg?fit=680%2C390&amp;ssl=1\" data-orig-size=\"680,390\" data-comments-opened=\"1\" data-image-meta=\"{&quot;aperture&quot;:&quot;0&quot;,&quot;credit&quot;:&quot;&quot;,&quot;camera&quot;:&quot;&quot;,&quot;caption&quot;:&quot;&quot;,&quot;created_timestamp&quot;:&quot;1551474951&quot;,&quot;copyright&quot;:&quot;&quot;,&quot;focal_length&quot;:&quot;0&quot;,&quot;iso&quot;:&quot;0&quot;,&quot;shutter_speed&quot;:&quot;0&quot;,&quot;title&quot;:&quot;&quot;,&quot;orientation&quot;:&quot;1&quot;}\" data-image-title=\"Capture d&amp;rsquo;\u00e9cran 2019-03-01 19.25.26\" data-image-description=\"\" data-image-caption=\"\" data-medium-file=\"https:\/\/i0.wp.com\/genevieveetbernardauxameriques.fr\/wp-content\/uploads\/2019\/03\/Capture-d\u00e9cran-2019-03-01-19.25.26-1-e1551725328147.jpg?fit=300%2C172&amp;ssl=1\" data-large-file=\"https:\/\/i0.wp.com\/genevieveetbernardauxameriques.fr\/wp-content\/uploads\/2019\/03\/Capture-d\u00e9cran-2019-03-01-19.25.26-1-e1551725328147.jpg?fit=640%2C367&amp;ssl=1\" class=\"alignnone size-full wp-image-33371\" src=\"https:\/\/i0.wp.com\/genevieveetbernardauxameriques.fr\/wp-content\/uploads\/2019\/03\/Capture-d\u00e9cran-2019-03-01-19.25.26-1-e1551725328147.jpg?resize=640%2C367&#038;ssl=1\" alt=\"\" width=\"640\" height=\"367\" srcset=\"https:\/\/i0.wp.com\/genevieveetbernardauxameriques.fr\/wp-content\/uploads\/2019\/03\/Capture-d\u00e9cran-2019-03-01-19.25.26-1-e1551725328147.jpg?w=680&amp;ssl=1 680w, https:\/\/i0.wp.com\/genevieveetbernardauxameriques.fr\/wp-content\/uploads\/2019\/03\/Capture-d\u00e9cran-2019-03-01-19.25.26-1-e1551725328147.jpg?resize=300%2C172&amp;ssl=1 300w\" sizes=\"(max-width: 640px) 100vw, 640px\" data-recalc-dims=\"1\" \/><\/a><a href=\"https:\/\/i0.wp.com\/genevieveetbernardauxameriques.fr\/wp-content\/uploads\/2019\/03\/Capture-d\u00e9cran-2019-03-01-19.25.10-1-e1551725358942.jpg?ssl=1\"><img loading=\"lazy\" decoding=\"async\" data-attachment-id=\"33370\" data-permalink=\"https:\/\/genevieveetbernardauxameriques.fr\/index.php\/2019\/03\/06\/baja-californie-2-de-la-paz-a-san-ignacio-avec-edwige\/capture-decran-2019-03-01-19-25-10-2\/\" data-orig-file=\"https:\/\/i0.wp.com\/genevieveetbernardauxameriques.fr\/wp-content\/uploads\/2019\/03\/Capture-d\u00e9cran-2019-03-01-19.25.10-1-e1551725358942.jpg?fit=636%2C372&amp;ssl=1\" data-orig-size=\"636,372\" data-comments-opened=\"1\" data-image-meta=\"{&quot;aperture&quot;:&quot;0&quot;,&quot;credit&quot;:&quot;&quot;,&quot;camera&quot;:&quot;&quot;,&quot;caption&quot;:&quot;&quot;,&quot;created_timestamp&quot;:&quot;1551474951&quot;,&quot;copyright&quot;:&quot;&quot;,&quot;focal_length&quot;:&quot;0&quot;,&quot;iso&quot;:&quot;0&quot;,&quot;shutter_speed&quot;:&quot;0&quot;,&quot;title&quot;:&quot;&quot;,&quot;orientation&quot;:&quot;1&quot;}\" data-image-title=\"Capture d&amp;rsquo;\u00e9cran 2019-03-01 19.25.10\" data-image-description=\"\" data-image-caption=\"\" data-medium-file=\"https:\/\/i0.wp.com\/genevieveetbernardauxameriques.fr\/wp-content\/uploads\/2019\/03\/Capture-d\u00e9cran-2019-03-01-19.25.10-1-e1551725358942.jpg?fit=300%2C175&amp;ssl=1\" data-large-file=\"https:\/\/i0.wp.com\/genevieveetbernardauxameriques.fr\/wp-content\/uploads\/2019\/03\/Capture-d\u00e9cran-2019-03-01-19.25.10-1-e1551725358942.jpg?fit=636%2C372&amp;ssl=1\" class=\"alignnone size-full wp-image-33370\" src=\"https:\/\/i0.wp.com\/genevieveetbernardauxameriques.fr\/wp-content\/uploads\/2019\/03\/Capture-d\u00e9cran-2019-03-01-19.25.10-1-e1551725358942.jpg?resize=636%2C372&#038;ssl=1\" alt=\"\" width=\"636\" height=\"372\" srcset=\"https:\/\/i0.wp.com\/genevieveetbernardauxameriques.fr\/wp-content\/uploads\/2019\/03\/Capture-d\u00e9cran-2019-03-01-19.25.10-1-e1551725358942.jpg?w=636&amp;ssl=1 636w, https:\/\/i0.wp.com\/genevieveetbernardauxameriques.fr\/wp-content\/uploads\/2019\/03\/Capture-d\u00e9cran-2019-03-01-19.25.10-1-e1551725358942.jpg?resize=300%2C175&amp;ssl=1 300w\" sizes=\"(max-width: 636px) 100vw, 636px\" data-recalc-dims=\"1\" \/><\/a><a href=\"https:\/\/i0.wp.com\/genevieveetbernardauxameriques.fr\/wp-content\/uploads\/2019\/03\/Capture-d\u00e9cran-2019-03-01-19.28.17-e1551725384985.jpg?ssl=1\"><img loading=\"lazy\" decoding=\"async\" data-attachment-id=\"33351\" data-permalink=\"https:\/\/genevieveetbernardauxameriques.fr\/index.php\/2019\/03\/06\/baja-californie-2-de-la-paz-a-san-ignacio-avec-edwige\/capture-decran-2019-03-01-19-28-17\/\" data-orig-file=\"https:\/\/i0.wp.com\/genevieveetbernardauxameriques.fr\/wp-content\/uploads\/2019\/03\/Capture-d\u00e9cran-2019-03-01-19.28.17-e1551725384985.jpg?fit=684%2C394&amp;ssl=1\" data-orig-size=\"684,394\" data-comments-opened=\"1\" data-image-meta=\"{&quot;aperture&quot;:&quot;0&quot;,&quot;credit&quot;:&quot;&quot;,&quot;camera&quot;:&quot;&quot;,&quot;caption&quot;:&quot;&quot;,&quot;created_timestamp&quot;:&quot;1551474952&quot;,&quot;copyright&quot;:&quot;&quot;,&quot;focal_length&quot;:&quot;0&quot;,&quot;iso&quot;:&quot;0&quot;,&quot;shutter_speed&quot;:&quot;0&quot;,&quot;title&quot;:&quot;&quot;,&quot;orientation&quot;:&quot;1&quot;}\" data-image-title=\"Capture d&amp;rsquo;\u00e9cran 2019-03-01 19.28.17\" data-image-description=\"\" data-image-caption=\"\" data-medium-file=\"https:\/\/i0.wp.com\/genevieveetbernardauxameriques.fr\/wp-content\/uploads\/2019\/03\/Capture-d\u00e9cran-2019-03-01-19.28.17-e1551725384985.jpg?fit=300%2C173&amp;ssl=1\" data-large-file=\"https:\/\/i0.wp.com\/genevieveetbernardauxameriques.fr\/wp-content\/uploads\/2019\/03\/Capture-d\u00e9cran-2019-03-01-19.28.17-e1551725384985.jpg?fit=640%2C369&amp;ssl=1\" class=\"alignnone size-full wp-image-33351\" src=\"https:\/\/i0.wp.com\/genevieveetbernardauxameriques.fr\/wp-content\/uploads\/2019\/03\/Capture-d\u00e9cran-2019-03-01-19.28.17-e1551725384985.jpg?resize=640%2C369&#038;ssl=1\" alt=\"\" width=\"640\" height=\"369\" srcset=\"https:\/\/i0.wp.com\/genevieveetbernardauxameriques.fr\/wp-content\/uploads\/2019\/03\/Capture-d\u00e9cran-2019-03-01-19.28.17-e1551725384985.jpg?w=684&amp;ssl=1 684w, https:\/\/i0.wp.com\/genevieveetbernardauxameriques.fr\/wp-content\/uploads\/2019\/03\/Capture-d\u00e9cran-2019-03-01-19.28.17-e1551725384985.jpg?resize=300%2C173&amp;ssl=1 300w\" sizes=\"(max-width: 640px) 100vw, 640px\" data-recalc-dims=\"1\" \/><\/a><\/p>\n<p>(photos prises avec une GO-PRO par un plongeur)<\/p>\n<p>Quant \u00e0 nous, nous allons en profiter avec les enfants pour aller d\u00e9poser les affaires que nous avons sur le si\u00e8ge arri\u00e8re de notre voiture au gardiennage pr\u00e8s de l&rsquo;a\u00e9roport.<\/p>\n<p>Repas avec les enfants \u00e0 la maison, un peu de piscine et nous rejoignons Edwige au club vers 15h .<\/p>\n<p><a href=\"https:\/\/i0.wp.com\/genevieveetbernardauxameriques.fr\/wp-content\/uploads\/2019\/02\/IMG_20190211_085134.jpg?ssl=1\"><img loading=\"lazy\" decoding=\"async\" data-attachment-id=\"32970\" data-permalink=\"https:\/\/genevieveetbernardauxameriques.fr\/index.php\/2019\/03\/06\/baja-californie-2-de-la-paz-a-san-ignacio-avec-edwige\/img_20190211_085134\/\" data-orig-file=\"https:\/\/i0.wp.com\/genevieveetbernardauxameriques.fr\/wp-content\/uploads\/2019\/02\/IMG_20190211_085134.jpg?fit=720%2C540&amp;ssl=1\" data-orig-size=\"720,540\" data-comments-opened=\"1\" data-image-meta=\"{&quot;aperture&quot;:&quot;2&quot;,&quot;credit&quot;:&quot;&quot;,&quot;camera&quot;:&quot;STARXTREM 6&quot;,&quot;caption&quot;:&quot;&quot;,&quot;created_timestamp&quot;:&quot;1549875094&quot;,&quot;copyright&quot;:&quot;&quot;,&quot;focal_length&quot;:&quot;3.69&quot;,&quot;iso&quot;:&quot;100&quot;,&quot;shutter_speed&quot;:&quot;0.0015174506828528&quot;,&quot;title&quot;:&quot;&quot;,&quot;orientation&quot;:&quot;0&quot;}\" data-image-title=\"IMG_20190211_085134\" data-image-description=\"\" data-image-caption=\"\" data-medium-file=\"https:\/\/i0.wp.com\/genevieveetbernardauxameriques.fr\/wp-content\/uploads\/2019\/02\/IMG_20190211_085134.jpg?fit=300%2C225&amp;ssl=1\" data-large-file=\"https:\/\/i0.wp.com\/genevieveetbernardauxameriques.fr\/wp-content\/uploads\/2019\/02\/IMG_20190211_085134.jpg?fit=640%2C480&amp;ssl=1\" class=\"alignnone wp-image-32970\" src=\"https:\/\/i0.wp.com\/genevieveetbernardauxameriques.fr\/wp-content\/uploads\/2019\/02\/IMG_20190211_085134.jpg?resize=539%2C404&#038;ssl=1\" alt=\"\" width=\"539\" height=\"404\" srcset=\"https:\/\/i0.wp.com\/genevieveetbernardauxameriques.fr\/wp-content\/uploads\/2019\/02\/IMG_20190211_085134.jpg?w=720&amp;ssl=1 720w, https:\/\/i0.wp.com\/genevieveetbernardauxameriques.fr\/wp-content\/uploads\/2019\/02\/IMG_20190211_085134.jpg?resize=300%2C225&amp;ssl=1 300w\" sizes=\"(max-width: 539px) 100vw, 539px\" data-recalc-dims=\"1\" \/><\/a><\/p>\n<p>Nous finissons la journ\u00e9e sur la plage de Balantra \u00e0 18 kilom\u00e8tres o\u00f9 nous \u00e9tions all\u00e9s avec Evelyne.<\/p>\n<p>Les enfants vont s&rsquo;y baigner, mais il ne fait pas tr\u00e8s chaud car il y a un peu de vent.<\/p>\n<p><a href=\"https:\/\/i0.wp.com\/genevieveetbernardauxameriques.fr\/wp-content\/uploads\/2019\/02\/DSCN4560.jpg?ssl=1\"><img loading=\"lazy\" decoding=\"async\" data-attachment-id=\"32828\" data-permalink=\"https:\/\/genevieveetbernardauxameriques.fr\/index.php\/2019\/03\/06\/baja-californie-2-de-la-paz-a-san-ignacio-avec-edwige\/dscn4560-2\/\" data-orig-file=\"https:\/\/i0.wp.com\/genevieveetbernardauxameriques.fr\/wp-content\/uploads\/2019\/02\/DSCN4560.jpg?fit=4608%2C3456&amp;ssl=1\" data-orig-size=\"4608,3456\" data-comments-opened=\"1\" data-image-meta=\"{&quot;aperture&quot;:&quot;3.2&quot;,&quot;credit&quot;:&quot;&quot;,&quot;camera&quot;:&quot;COOLPIX P900&quot;,&quot;caption&quot;:&quot;&quot;,&quot;created_timestamp&quot;:&quot;1544531077&quot;,&quot;copyright&quot;:&quot;&quot;,&quot;focal_length&quot;:&quot;4.3&quot;,&quot;iso&quot;:&quot;100&quot;,&quot;shutter_speed&quot;:&quot;0.0005&quot;,&quot;title&quot;:&quot;&quot;,&quot;orientation&quot;:&quot;1&quot;}\" data-image-title=\"DSCN4560\" data-image-description=\"\" data-image-caption=\"\" data-medium-file=\"https:\/\/i0.wp.com\/genevieveetbernardauxameriques.fr\/wp-content\/uploads\/2019\/02\/DSCN4560.jpg?fit=300%2C225&amp;ssl=1\" data-large-file=\"https:\/\/i0.wp.com\/genevieveetbernardauxameriques.fr\/wp-content\/uploads\/2019\/02\/DSCN4560.jpg?fit=640%2C480&amp;ssl=1\" class=\"alignnone size-large wp-image-32828\" src=\"https:\/\/i0.wp.com\/genevieveetbernardauxameriques.fr\/wp-content\/uploads\/2019\/02\/DSCN4560.jpg?resize=640%2C480&#038;ssl=1\" alt=\"\" width=\"640\" height=\"480\" srcset=\"https:\/\/i0.wp.com\/genevieveetbernardauxameriques.fr\/wp-content\/uploads\/2019\/02\/DSCN4560.jpg?resize=1024%2C768&amp;ssl=1 1024w, https:\/\/i0.wp.com\/genevieveetbernardauxameriques.fr\/wp-content\/uploads\/2019\/02\/DSCN4560.jpg?resize=300%2C225&amp;ssl=1 300w, https:\/\/i0.wp.com\/genevieveetbernardauxameriques.fr\/wp-content\/uploads\/2019\/02\/DSCN4560.jpg?resize=768%2C576&amp;ssl=1 768w, https:\/\/i0.wp.com\/genevieveetbernardauxameriques.fr\/wp-content\/uploads\/2019\/02\/DSCN4560.jpg?w=1280&amp;ssl=1 1280w, https:\/\/i0.wp.com\/genevieveetbernardauxameriques.fr\/wp-content\/uploads\/2019\/02\/DSCN4560.jpg?w=1920&amp;ssl=1 1920w\" sizes=\"(max-width: 640px) 100vw, 640px\" data-recalc-dims=\"1\" \/><\/a> <a href=\"https:\/\/i0.wp.com\/genevieveetbernardauxameriques.fr\/wp-content\/uploads\/2019\/02\/DSCN5259.jpg?ssl=1\"><img loading=\"lazy\" decoding=\"async\" data-attachment-id=\"32829\" data-permalink=\"https:\/\/genevieveetbernardauxameriques.fr\/index.php\/2019\/03\/06\/baja-californie-2-de-la-paz-a-san-ignacio-avec-edwige\/dscn5259-2\/\" data-orig-file=\"https:\/\/i0.wp.com\/genevieveetbernardauxameriques.fr\/wp-content\/uploads\/2019\/02\/DSCN5259.jpg?fit=4608%2C3456&amp;ssl=1\" data-orig-size=\"4608,3456\" data-comments-opened=\"1\" data-image-meta=\"{&quot;aperture&quot;:&quot;4.5&quot;,&quot;credit&quot;:&quot;&quot;,&quot;camera&quot;:&quot;COOLPIX P900&quot;,&quot;caption&quot;:&quot;&quot;,&quot;created_timestamp&quot;:&quot;1549704454&quot;,&quot;copyright&quot;:&quot;&quot;,&quot;focal_length&quot;:&quot;33&quot;,&quot;iso&quot;:&quot;100&quot;,&quot;shutter_speed&quot;:&quot;0.00125&quot;,&quot;title&quot;:&quot;&quot;,&quot;orientation&quot;:&quot;1&quot;}\" data-image-title=\"DSCN5259\" data-image-description=\"\" data-image-caption=\"\" data-medium-file=\"https:\/\/i0.wp.com\/genevieveetbernardauxameriques.fr\/wp-content\/uploads\/2019\/02\/DSCN5259.jpg?fit=300%2C225&amp;ssl=1\" data-large-file=\"https:\/\/i0.wp.com\/genevieveetbernardauxameriques.fr\/wp-content\/uploads\/2019\/02\/DSCN5259.jpg?fit=640%2C480&amp;ssl=1\" class=\"alignnone size-large wp-image-32829\" src=\"https:\/\/i0.wp.com\/genevieveetbernardauxameriques.fr\/wp-content\/uploads\/2019\/02\/DSCN5259.jpg?resize=640%2C480&#038;ssl=1\" alt=\"\" width=\"640\" height=\"480\" srcset=\"https:\/\/i0.wp.com\/genevieveetbernardauxameriques.fr\/wp-content\/uploads\/2019\/02\/DSCN5259.jpg?resize=1024%2C768&amp;ssl=1 1024w, https:\/\/i0.wp.com\/genevieveetbernardauxameriques.fr\/wp-content\/uploads\/2019\/02\/DSCN5259.jpg?resize=300%2C225&amp;ssl=1 300w, https:\/\/i0.wp.com\/genevieveetbernardauxameriques.fr\/wp-content\/uploads\/2019\/02\/DSCN5259.jpg?resize=768%2C576&amp;ssl=1 768w, https:\/\/i0.wp.com\/genevieveetbernardauxameriques.fr\/wp-content\/uploads\/2019\/02\/DSCN5259.jpg?w=1280&amp;ssl=1 1280w, https:\/\/i0.wp.com\/genevieveetbernardauxameriques.fr\/wp-content\/uploads\/2019\/02\/DSCN5259.jpg?w=1920&amp;ssl=1 1920w\" sizes=\"(max-width: 640px) 100vw, 640px\" data-recalc-dims=\"1\" \/><\/a><\/p>\n<p>D\u00eener au ranch viejo \u00e0 la PAZ.<\/p>\n<p><strong>MARDI<\/strong><\/p>\n<p>D\u00e9part pour Loreto dans le nord de la Paz \u00e0 350 km.<\/p>\n<p>Un camion couch\u00e9 sur la route et ce n&rsquo;est pas la premi\u00e8re fois que nous en voyons<\/p>\n<p><a href=\"https:\/\/i0.wp.com\/genevieveetbernardauxameriques.fr\/wp-content\/uploads\/2019\/02\/IMG_20190217_121334-e1551128383518.jpg?ssl=1\"><img loading=\"lazy\" decoding=\"async\" data-attachment-id=\"32971\" data-permalink=\"https:\/\/genevieveetbernardauxameriques.fr\/index.php\/2019\/03\/06\/baja-californie-2-de-la-paz-a-san-ignacio-avec-edwige\/img_20190217_121334\/\" data-orig-file=\"https:\/\/i0.wp.com\/genevieveetbernardauxameriques.fr\/wp-content\/uploads\/2019\/02\/IMG_20190217_121334-e1551128383518.jpg?fit=709%2C314&amp;ssl=1\" data-orig-size=\"709,314\" data-comments-opened=\"1\" data-image-meta=\"{&quot;aperture&quot;:&quot;2&quot;,&quot;credit&quot;:&quot;&quot;,&quot;camera&quot;:&quot;STARXTREM 6&quot;,&quot;caption&quot;:&quot;&quot;,&quot;created_timestamp&quot;:&quot;1550405614&quot;,&quot;copyright&quot;:&quot;&quot;,&quot;focal_length&quot;:&quot;3.69&quot;,&quot;iso&quot;:&quot;100&quot;,&quot;shutter_speed&quot;:&quot;0.00074794315632012&quot;,&quot;title&quot;:&quot;&quot;,&quot;orientation&quot;:&quot;0&quot;}\" data-image-title=\"IMG_20190217_121334\" data-image-description=\"\" data-image-caption=\"\" data-medium-file=\"https:\/\/i0.wp.com\/genevieveetbernardauxameriques.fr\/wp-content\/uploads\/2019\/02\/IMG_20190217_121334-e1551128383518.jpg?fit=300%2C133&amp;ssl=1\" data-large-file=\"https:\/\/i0.wp.com\/genevieveetbernardauxameriques.fr\/wp-content\/uploads\/2019\/02\/IMG_20190217_121334-e1551128383518.jpg?fit=640%2C283&amp;ssl=1\" class=\"alignnone size-full wp-image-32971\" src=\"https:\/\/i0.wp.com\/genevieveetbernardauxameriques.fr\/wp-content\/uploads\/2019\/02\/IMG_20190217_121334-e1551128383518.jpg?resize=640%2C283&#038;ssl=1\" alt=\"\" width=\"640\" height=\"283\" srcset=\"https:\/\/i0.wp.com\/genevieveetbernardauxameriques.fr\/wp-content\/uploads\/2019\/02\/IMG_20190217_121334-e1551128383518.jpg?w=709&amp;ssl=1 709w, https:\/\/i0.wp.com\/genevieveetbernardauxameriques.fr\/wp-content\/uploads\/2019\/02\/IMG_20190217_121334-e1551128383518.jpg?resize=300%2C133&amp;ssl=1 300w\" sizes=\"(max-width: 640px) 100vw, 640px\" data-recalc-dims=\"1\" \/><\/a><\/p>\n<p>Toujours des vaches<\/p>\n<p><a href=\"https:\/\/i0.wp.com\/genevieveetbernardauxameriques.fr\/wp-content\/uploads\/2019\/02\/IMG_20190218_102304-e1551128427758.jpg?ssl=1\"><img loading=\"lazy\" decoding=\"async\" data-attachment-id=\"32972\" data-permalink=\"https:\/\/genevieveetbernardauxameriques.fr\/index.php\/2019\/03\/06\/baja-californie-2-de-la-paz-a-san-ignacio-avec-edwige\/img_20190218_102304\/\" data-orig-file=\"https:\/\/i0.wp.com\/genevieveetbernardauxameriques.fr\/wp-content\/uploads\/2019\/02\/IMG_20190218_102304-e1551128427758.jpg?fit=513%2C377&amp;ssl=1\" data-orig-size=\"513,377\" data-comments-opened=\"1\" data-image-meta=\"{&quot;aperture&quot;:&quot;2&quot;,&quot;credit&quot;:&quot;&quot;,&quot;camera&quot;:&quot;STARXTREM 6&quot;,&quot;caption&quot;:&quot;&quot;,&quot;created_timestamp&quot;:&quot;1550485384&quot;,&quot;copyright&quot;:&quot;&quot;,&quot;focal_length&quot;:&quot;3.69&quot;,&quot;iso&quot;:&quot;101&quot;,&quot;shutter_speed&quot;:&quot;0.00058173356602676&quot;,&quot;title&quot;:&quot;&quot;,&quot;orientation&quot;:&quot;0&quot;}\" data-image-title=\"IMG_20190218_102304\" data-image-description=\"\" data-image-caption=\"\" data-medium-file=\"https:\/\/i0.wp.com\/genevieveetbernardauxameriques.fr\/wp-content\/uploads\/2019\/02\/IMG_20190218_102304-e1551128427758.jpg?fit=300%2C220&amp;ssl=1\" data-large-file=\"https:\/\/i0.wp.com\/genevieveetbernardauxameriques.fr\/wp-content\/uploads\/2019\/02\/IMG_20190218_102304-e1551128427758.jpg?fit=513%2C377&amp;ssl=1\" class=\"alignnone size-full wp-image-32972\" src=\"https:\/\/i0.wp.com\/genevieveetbernardauxameriques.fr\/wp-content\/uploads\/2019\/02\/IMG_20190218_102304-e1551128427758.jpg?resize=513%2C377&#038;ssl=1\" alt=\"\" width=\"513\" height=\"377\" srcset=\"https:\/\/i0.wp.com\/genevieveetbernardauxameriques.fr\/wp-content\/uploads\/2019\/02\/IMG_20190218_102304-e1551128427758.jpg?w=513&amp;ssl=1 513w, https:\/\/i0.wp.com\/genevieveetbernardauxameriques.fr\/wp-content\/uploads\/2019\/02\/IMG_20190218_102304-e1551128427758.jpg?resize=300%2C220&amp;ssl=1 300w\" sizes=\"(max-width: 513px) 100vw, 513px\" data-recalc-dims=\"1\" \/><\/a><\/p>\n<p>Repas de tacos sur la route, dans une petite loncheria typique qui longe la route. Ces petits restaurants du peuple, n&rsquo;offrent pas de confort, d&rsquo;atmosph\u00e8re ou de vue int\u00e9ressante, elles pr\u00e9sentent \u00e0 la place de la bonne nourriture traditionnelle \u00e0 un prix tr\u00e8s \u00e9conomique.<\/p>\n<p><a href=\"https:\/\/i0.wp.com\/genevieveetbernardauxameriques.fr\/wp-content\/uploads\/2019\/02\/DSCN5458.jpg?ssl=1\"><img loading=\"lazy\" decoding=\"async\" data-attachment-id=\"33007\" data-permalink=\"https:\/\/genevieveetbernardauxameriques.fr\/index.php\/2019\/03\/06\/baja-californie-2-de-la-paz-a-san-ignacio-avec-edwige\/dscn5458\/\" data-orig-file=\"https:\/\/i0.wp.com\/genevieveetbernardauxameriques.fr\/wp-content\/uploads\/2019\/02\/DSCN5458.jpg?fit=720%2C540&amp;ssl=1\" data-orig-size=\"720,540\" data-comments-opened=\"1\" data-image-meta=\"{&quot;aperture&quot;:&quot;2.8&quot;,&quot;credit&quot;:&quot;&quot;,&quot;camera&quot;:&quot;COOLPIX P900&quot;,&quot;caption&quot;:&quot;&quot;,&quot;created_timestamp&quot;:&quot;1549980176&quot;,&quot;copyright&quot;:&quot;&quot;,&quot;focal_length&quot;:&quot;4.3&quot;,&quot;iso&quot;:&quot;100&quot;,&quot;shutter_speed&quot;:&quot;0.000625&quot;,&quot;title&quot;:&quot;&quot;,&quot;orientation&quot;:&quot;1&quot;}\" data-image-title=\"DSCN5458\" data-image-description=\"\" data-image-caption=\"\" data-medium-file=\"https:\/\/i0.wp.com\/genevieveetbernardauxameriques.fr\/wp-content\/uploads\/2019\/02\/DSCN5458.jpg?fit=300%2C225&amp;ssl=1\" data-large-file=\"https:\/\/i0.wp.com\/genevieveetbernardauxameriques.fr\/wp-content\/uploads\/2019\/02\/DSCN5458.jpg?fit=640%2C480&amp;ssl=1\" class=\"alignnone size-full wp-image-33007\" src=\"https:\/\/i0.wp.com\/genevieveetbernardauxameriques.fr\/wp-content\/uploads\/2019\/02\/DSCN5458.jpg?resize=640%2C480&#038;ssl=1\" alt=\"\" width=\"640\" height=\"480\" srcset=\"https:\/\/i0.wp.com\/genevieveetbernardauxameriques.fr\/wp-content\/uploads\/2019\/02\/DSCN5458.jpg?w=720&amp;ssl=1 720w, https:\/\/i0.wp.com\/genevieveetbernardauxameriques.fr\/wp-content\/uploads\/2019\/02\/DSCN5458.jpg?resize=300%2C225&amp;ssl=1 300w\" sizes=\"(max-width: 640px) 100vw, 640px\" data-recalc-dims=\"1\" \/><\/a> <a href=\"https:\/\/i0.wp.com\/genevieveetbernardauxameriques.fr\/wp-content\/uploads\/2019\/02\/DSCN5454.jpg?ssl=1\"><img loading=\"lazy\" decoding=\"async\" data-attachment-id=\"33005\" data-permalink=\"https:\/\/genevieveetbernardauxameriques.fr\/index.php\/2019\/03\/06\/baja-californie-2-de-la-paz-a-san-ignacio-avec-edwige\/dscn5454-2\/\" data-orig-file=\"https:\/\/i0.wp.com\/genevieveetbernardauxameriques.fr\/wp-content\/uploads\/2019\/02\/DSCN5454.jpg?fit=720%2C540&amp;ssl=1\" data-orig-size=\"720,540\" data-comments-opened=\"1\" data-image-meta=\"{&quot;aperture&quot;:&quot;2.8&quot;,&quot;credit&quot;:&quot;&quot;,&quot;camera&quot;:&quot;COOLPIX P900&quot;,&quot;caption&quot;:&quot;&quot;,&quot;created_timestamp&quot;:&quot;1549978035&quot;,&quot;copyright&quot;:&quot;&quot;,&quot;focal_length&quot;:&quot;4.3&quot;,&quot;iso&quot;:&quot;100&quot;,&quot;shutter_speed&quot;:&quot;0.005&quot;,&quot;title&quot;:&quot;&quot;,&quot;orientation&quot;:&quot;1&quot;}\" data-image-title=\"DSCN5454\" data-image-description=\"\" data-image-caption=\"\" data-medium-file=\"https:\/\/i0.wp.com\/genevieveetbernardauxameriques.fr\/wp-content\/uploads\/2019\/02\/DSCN5454.jpg?fit=300%2C225&amp;ssl=1\" data-large-file=\"https:\/\/i0.wp.com\/genevieveetbernardauxameriques.fr\/wp-content\/uploads\/2019\/02\/DSCN5454.jpg?fit=640%2C480&amp;ssl=1\" class=\"alignnone size-full wp-image-33005\" src=\"https:\/\/i0.wp.com\/genevieveetbernardauxameriques.fr\/wp-content\/uploads\/2019\/02\/DSCN5454.jpg?resize=640%2C480&#038;ssl=1\" alt=\"\" width=\"640\" height=\"480\" srcset=\"https:\/\/i0.wp.com\/genevieveetbernardauxameriques.fr\/wp-content\/uploads\/2019\/02\/DSCN5454.jpg?w=720&amp;ssl=1 720w, https:\/\/i0.wp.com\/genevieveetbernardauxameriques.fr\/wp-content\/uploads\/2019\/02\/DSCN5454.jpg?resize=300%2C225&amp;ssl=1 300w\" sizes=\"(max-width: 640px) 100vw, 640px\" data-recalc-dims=\"1\" \/><\/a><\/p>\n<p>Une photo prise le long de la route, la baie est magnifique, nous nous arr\u00eaterons quelque part au retour.<\/p>\n<p><a href=\"https:\/\/i0.wp.com\/genevieveetbernardauxameriques.fr\/wp-content\/uploads\/2019\/02\/DSCN5460.jpg?ssl=1\"><img loading=\"lazy\" decoding=\"async\" data-attachment-id=\"33009\" data-permalink=\"https:\/\/genevieveetbernardauxameriques.fr\/index.php\/2019\/03\/06\/baja-californie-2-de-la-paz-a-san-ignacio-avec-edwige\/dscn5460-3\/\" data-orig-file=\"https:\/\/i0.wp.com\/genevieveetbernardauxameriques.fr\/wp-content\/uploads\/2019\/02\/DSCN5460.jpg?fit=720%2C540&amp;ssl=1\" data-orig-size=\"720,540\" data-comments-opened=\"1\" data-image-meta=\"{&quot;aperture&quot;:&quot;3.5&quot;,&quot;credit&quot;:&quot;&quot;,&quot;camera&quot;:&quot;COOLPIX P900&quot;,&quot;caption&quot;:&quot;&quot;,&quot;created_timestamp&quot;:&quot;1549986620&quot;,&quot;copyright&quot;:&quot;&quot;,&quot;focal_length&quot;:&quot;7.7&quot;,&quot;iso&quot;:&quot;100&quot;,&quot;shutter_speed&quot;:&quot;0.000625&quot;,&quot;title&quot;:&quot;&quot;,&quot;orientation&quot;:&quot;1&quot;}\" data-image-title=\"DSCN5460\" data-image-description=\"\" data-image-caption=\"\" data-medium-file=\"https:\/\/i0.wp.com\/genevieveetbernardauxameriques.fr\/wp-content\/uploads\/2019\/02\/DSCN5460.jpg?fit=300%2C225&amp;ssl=1\" data-large-file=\"https:\/\/i0.wp.com\/genevieveetbernardauxameriques.fr\/wp-content\/uploads\/2019\/02\/DSCN5460.jpg?fit=640%2C480&amp;ssl=1\" class=\"alignnone size-full wp-image-33009\" src=\"https:\/\/i0.wp.com\/genevieveetbernardauxameriques.fr\/wp-content\/uploads\/2019\/02\/DSCN5460.jpg?resize=640%2C480&#038;ssl=1\" alt=\"\" width=\"640\" height=\"480\" srcset=\"https:\/\/i0.wp.com\/genevieveetbernardauxameriques.fr\/wp-content\/uploads\/2019\/02\/DSCN5460.jpg?w=720&amp;ssl=1 720w, https:\/\/i0.wp.com\/genevieveetbernardauxameriques.fr\/wp-content\/uploads\/2019\/02\/DSCN5460.jpg?resize=300%2C225&amp;ssl=1 300w\" sizes=\"(max-width: 640px) 100vw, 640px\" data-recalc-dims=\"1\" \/><\/a> <a href=\"https:\/\/i0.wp.com\/genevieveetbernardauxameriques.fr\/wp-content\/uploads\/2019\/02\/DSCN5465.jpg?ssl=1\"><img loading=\"lazy\" decoding=\"async\" data-attachment-id=\"33010\" data-permalink=\"https:\/\/genevieveetbernardauxameriques.fr\/index.php\/2019\/03\/06\/baja-californie-2-de-la-paz-a-san-ignacio-avec-edwige\/dscn5465-3\/\" data-orig-file=\"https:\/\/i0.wp.com\/genevieveetbernardauxameriques.fr\/wp-content\/uploads\/2019\/02\/DSCN5465.jpg?fit=720%2C540&amp;ssl=1\" data-orig-size=\"720,540\" data-comments-opened=\"1\" data-image-meta=\"{&quot;aperture&quot;:&quot;3.5&quot;,&quot;credit&quot;:&quot;&quot;,&quot;camera&quot;:&quot;COOLPIX P900&quot;,&quot;caption&quot;:&quot;&quot;,&quot;created_timestamp&quot;:&quot;1549986759&quot;,&quot;copyright&quot;:&quot;&quot;,&quot;focal_length&quot;:&quot;9.8&quot;,&quot;iso&quot;:&quot;100&quot;,&quot;shutter_speed&quot;:&quot;0.001&quot;,&quot;title&quot;:&quot;&quot;,&quot;orientation&quot;:&quot;1&quot;}\" data-image-title=\"DSCN5465\" data-image-description=\"\" data-image-caption=\"\" data-medium-file=\"https:\/\/i0.wp.com\/genevieveetbernardauxameriques.fr\/wp-content\/uploads\/2019\/02\/DSCN5465.jpg?fit=300%2C225&amp;ssl=1\" data-large-file=\"https:\/\/i0.wp.com\/genevieveetbernardauxameriques.fr\/wp-content\/uploads\/2019\/02\/DSCN5465.jpg?fit=640%2C480&amp;ssl=1\" class=\"alignnone size-full wp-image-33010\" src=\"https:\/\/i0.wp.com\/genevieveetbernardauxameriques.fr\/wp-content\/uploads\/2019\/02\/DSCN5465.jpg?resize=640%2C480&#038;ssl=1\" alt=\"\" width=\"640\" height=\"480\" srcset=\"https:\/\/i0.wp.com\/genevieveetbernardauxameriques.fr\/wp-content\/uploads\/2019\/02\/DSCN5465.jpg?w=720&amp;ssl=1 720w, https:\/\/i0.wp.com\/genevieveetbernardauxameriques.fr\/wp-content\/uploads\/2019\/02\/DSCN5465.jpg?resize=300%2C225&amp;ssl=1 300w\" sizes=\"(max-width: 640px) 100vw, 640px\" data-recalc-dims=\"1\" \/><\/a> <a href=\"https:\/\/i0.wp.com\/genevieveetbernardauxameriques.fr\/wp-content\/uploads\/2019\/02\/DSCN5459.jpg?ssl=1\"><img loading=\"lazy\" decoding=\"async\" data-attachment-id=\"33008\" data-permalink=\"https:\/\/genevieveetbernardauxameriques.fr\/index.php\/2019\/03\/06\/baja-californie-2-de-la-paz-a-san-ignacio-avec-edwige\/dscn5459-2\/\" data-orig-file=\"https:\/\/i0.wp.com\/genevieveetbernardauxameriques.fr\/wp-content\/uploads\/2019\/02\/DSCN5459.jpg?fit=720%2C540&amp;ssl=1\" data-orig-size=\"720,540\" data-comments-opened=\"1\" data-image-meta=\"{&quot;aperture&quot;:&quot;3.2&quot;,&quot;credit&quot;:&quot;&quot;,&quot;camera&quot;:&quot;COOLPIX P900&quot;,&quot;caption&quot;:&quot;&quot;,&quot;created_timestamp&quot;:&quot;1549986583&quot;,&quot;copyright&quot;:&quot;&quot;,&quot;focal_length&quot;:&quot;7.7&quot;,&quot;iso&quot;:&quot;100&quot;,&quot;shutter_speed&quot;:&quot;0.000625&quot;,&quot;title&quot;:&quot;&quot;,&quot;orientation&quot;:&quot;1&quot;}\" data-image-title=\"DSCN5459\" data-image-description=\"\" data-image-caption=\"\" data-medium-file=\"https:\/\/i0.wp.com\/genevieveetbernardauxameriques.fr\/wp-content\/uploads\/2019\/02\/DSCN5459.jpg?fit=300%2C225&amp;ssl=1\" data-large-file=\"https:\/\/i0.wp.com\/genevieveetbernardauxameriques.fr\/wp-content\/uploads\/2019\/02\/DSCN5459.jpg?fit=640%2C480&amp;ssl=1\" class=\"alignnone size-full wp-image-33008\" src=\"https:\/\/i0.wp.com\/genevieveetbernardauxameriques.fr\/wp-content\/uploads\/2019\/02\/DSCN5459.jpg?resize=640%2C480&#038;ssl=1\" alt=\"\" width=\"640\" height=\"480\" srcset=\"https:\/\/i0.wp.com\/genevieveetbernardauxameriques.fr\/wp-content\/uploads\/2019\/02\/DSCN5459.jpg?w=720&amp;ssl=1 720w, https:\/\/i0.wp.com\/genevieveetbernardauxameriques.fr\/wp-content\/uploads\/2019\/02\/DSCN5459.jpg?resize=300%2C225&amp;ssl=1 300w\" sizes=\"(max-width: 640px) 100vw, 640px\" data-recalc-dims=\"1\" \/><\/a><\/p>\n<p><strong>LORETO<\/strong>, la plus ancienne ville de la p\u00e9ninsule, est peut-\u00eatre aussi la mieux situ\u00e9e : elle est \u00e0 la fois encercl\u00e9e par le d\u00e9sert, les montagnes et la mer de Cort\u00e9s. Ceci \u00e9tant, elle n\u2019a pas grand chose d\u2019autre \u00e0 offrir que ses paysages.<\/p>\n<p>En arrivant dans la ville, un immense complexe h\u00f4telier, avec un golf<\/p>\n<p><a href=\"https:\/\/i0.wp.com\/genevieveetbernardauxameriques.fr\/wp-content\/uploads\/2019\/03\/DSCN5925-1.jpg?ssl=1\"><img loading=\"lazy\" decoding=\"async\" data-attachment-id=\"33485\" data-permalink=\"https:\/\/genevieveetbernardauxameriques.fr\/index.php\/2019\/03\/06\/baja-californie-2-de-la-paz-a-san-ignacio-avec-edwige\/dscn5925-3\/\" data-orig-file=\"https:\/\/i0.wp.com\/genevieveetbernardauxameriques.fr\/wp-content\/uploads\/2019\/03\/DSCN5925-1.jpg?fit=800%2C600&amp;ssl=1\" data-orig-size=\"800,600\" data-comments-opened=\"1\" data-image-meta=\"{&quot;aperture&quot;:&quot;3.5&quot;,&quot;credit&quot;:&quot;&quot;,&quot;camera&quot;:&quot;COOLPIX P900&quot;,&quot;caption&quot;:&quot;&quot;,&quot;created_timestamp&quot;:&quot;1551271828&quot;,&quot;copyright&quot;:&quot;&quot;,&quot;focal_length&quot;:&quot;13.4&quot;,&quot;iso&quot;:&quot;100&quot;,&quot;shutter_speed&quot;:&quot;0.0008&quot;,&quot;title&quot;:&quot;&quot;,&quot;orientation&quot;:&quot;1&quot;}\" data-image-title=\"DSCN5925\" data-image-description=\"\" data-image-caption=\"\" data-medium-file=\"https:\/\/i0.wp.com\/genevieveetbernardauxameriques.fr\/wp-content\/uploads\/2019\/03\/DSCN5925-1.jpg?fit=300%2C225&amp;ssl=1\" data-large-file=\"https:\/\/i0.wp.com\/genevieveetbernardauxameriques.fr\/wp-content\/uploads\/2019\/03\/DSCN5925-1.jpg?fit=640%2C480&amp;ssl=1\" class=\"alignnone size-full wp-image-33485\" src=\"https:\/\/i0.wp.com\/genevieveetbernardauxameriques.fr\/wp-content\/uploads\/2019\/03\/DSCN5925-1.jpg?resize=640%2C480&#038;ssl=1\" alt=\"\" width=\"640\" height=\"480\" srcset=\"https:\/\/i0.wp.com\/genevieveetbernardauxameriques.fr\/wp-content\/uploads\/2019\/03\/DSCN5925-1.jpg?w=800&amp;ssl=1 800w, https:\/\/i0.wp.com\/genevieveetbernardauxameriques.fr\/wp-content\/uploads\/2019\/03\/DSCN5925-1.jpg?resize=300%2C225&amp;ssl=1 300w, https:\/\/i0.wp.com\/genevieveetbernardauxameriques.fr\/wp-content\/uploads\/2019\/03\/DSCN5925-1.jpg?resize=768%2C576&amp;ssl=1 768w\" sizes=\"(max-width: 640px) 100vw, 640px\" data-recalc-dims=\"1\" \/><\/a> <a href=\"https:\/\/i0.wp.com\/genevieveetbernardauxameriques.fr\/wp-content\/uploads\/2019\/03\/DSCN5926-1.jpg?ssl=1\"><img loading=\"lazy\" decoding=\"async\" data-attachment-id=\"33486\" data-permalink=\"https:\/\/genevieveetbernardauxameriques.fr\/index.php\/2019\/03\/06\/baja-californie-2-de-la-paz-a-san-ignacio-avec-edwige\/dscn5926-3\/\" data-orig-file=\"https:\/\/i0.wp.com\/genevieveetbernardauxameriques.fr\/wp-content\/uploads\/2019\/03\/DSCN5926-1.jpg?fit=800%2C600&amp;ssl=1\" data-orig-size=\"800,600\" data-comments-opened=\"1\" data-image-meta=\"{&quot;aperture&quot;:&quot;3.2&quot;,&quot;credit&quot;:&quot;&quot;,&quot;camera&quot;:&quot;COOLPIX P900&quot;,&quot;caption&quot;:&quot;&quot;,&quot;created_timestamp&quot;:&quot;1551271840&quot;,&quot;copyright&quot;:&quot;&quot;,&quot;focal_length&quot;:&quot;5.9&quot;,&quot;iso&quot;:&quot;100&quot;,&quot;shutter_speed&quot;:&quot;0.0008&quot;,&quot;title&quot;:&quot;&quot;,&quot;orientation&quot;:&quot;1&quot;}\" data-image-title=\"DSCN5926\" data-image-description=\"\" data-image-caption=\"\" data-medium-file=\"https:\/\/i0.wp.com\/genevieveetbernardauxameriques.fr\/wp-content\/uploads\/2019\/03\/DSCN5926-1.jpg?fit=300%2C225&amp;ssl=1\" data-large-file=\"https:\/\/i0.wp.com\/genevieveetbernardauxameriques.fr\/wp-content\/uploads\/2019\/03\/DSCN5926-1.jpg?fit=640%2C480&amp;ssl=1\" class=\"alignnone size-full wp-image-33486\" src=\"https:\/\/i0.wp.com\/genevieveetbernardauxameriques.fr\/wp-content\/uploads\/2019\/03\/DSCN5926-1.jpg?resize=640%2C480&#038;ssl=1\" alt=\"\" width=\"640\" height=\"480\" srcset=\"https:\/\/i0.wp.com\/genevieveetbernardauxameriques.fr\/wp-content\/uploads\/2019\/03\/DSCN5926-1.jpg?w=800&amp;ssl=1 800w, https:\/\/i0.wp.com\/genevieveetbernardauxameriques.fr\/wp-content\/uploads\/2019\/03\/DSCN5926-1.jpg?resize=300%2C225&amp;ssl=1 300w, https:\/\/i0.wp.com\/genevieveetbernardauxameriques.fr\/wp-content\/uploads\/2019\/03\/DSCN5926-1.jpg?resize=768%2C576&amp;ssl=1 768w\" sizes=\"(max-width: 640px) 100vw, 640px\" data-recalc-dims=\"1\" \/><\/a><\/p>\n<p>Edwige ayant r\u00e9serv\u00e9e encore un Airbnb qu&rsquo;elle n&rsquo;a pas annul\u00e9, nous nous installons devant son logement. Ensuite nous nous servirons de la tente.<\/p>\n<p><a href=\"https:\/\/i0.wp.com\/genevieveetbernardauxameriques.fr\/wp-content\/uploads\/2019\/02\/DSCN5473.jpg?ssl=1\"><img loading=\"lazy\" decoding=\"async\" data-attachment-id=\"33015\" data-permalink=\"https:\/\/genevieveetbernardauxameriques.fr\/index.php\/2019\/03\/06\/baja-californie-2-de-la-paz-a-san-ignacio-avec-edwige\/dscn5473-2\/\" data-orig-file=\"https:\/\/i0.wp.com\/genevieveetbernardauxameriques.fr\/wp-content\/uploads\/2019\/02\/DSCN5473.jpg?fit=720%2C540&amp;ssl=1\" data-orig-size=\"720,540\" data-comments-opened=\"1\" data-image-meta=\"{&quot;aperture&quot;:&quot;3.2&quot;,&quot;credit&quot;:&quot;&quot;,&quot;camera&quot;:&quot;COOLPIX P900&quot;,&quot;caption&quot;:&quot;&quot;,&quot;created_timestamp&quot;:&quot;1549998129&quot;,&quot;copyright&quot;:&quot;&quot;,&quot;focal_length&quot;:&quot;8.4&quot;,&quot;iso&quot;:&quot;100&quot;,&quot;shutter_speed&quot;:&quot;0.02&quot;,&quot;title&quot;:&quot;&quot;,&quot;orientation&quot;:&quot;1&quot;}\" data-image-title=\"DSCN5473\" data-image-description=\"\" data-image-caption=\"\" data-medium-file=\"https:\/\/i0.wp.com\/genevieveetbernardauxameriques.fr\/wp-content\/uploads\/2019\/02\/DSCN5473.jpg?fit=300%2C225&amp;ssl=1\" data-large-file=\"https:\/\/i0.wp.com\/genevieveetbernardauxameriques.fr\/wp-content\/uploads\/2019\/02\/DSCN5473.jpg?fit=640%2C480&amp;ssl=1\" class=\"alignnone size-full wp-image-33015\" src=\"https:\/\/i0.wp.com\/genevieveetbernardauxameriques.fr\/wp-content\/uploads\/2019\/02\/DSCN5473.jpg?resize=640%2C480&#038;ssl=1\" alt=\"\" width=\"640\" height=\"480\" srcset=\"https:\/\/i0.wp.com\/genevieveetbernardauxameriques.fr\/wp-content\/uploads\/2019\/02\/DSCN5473.jpg?w=720&amp;ssl=1 720w, https:\/\/i0.wp.com\/genevieveetbernardauxameriques.fr\/wp-content\/uploads\/2019\/02\/DSCN5473.jpg?resize=300%2C225&amp;ssl=1 300w\" sizes=\"(max-width: 640px) 100vw, 640px\" data-recalc-dims=\"1\" \/><\/a><\/p>\n<p>Petit promenade en ville o\u00f9 on r\u00e9serve un tour pour le lendemain.<\/p>\n<p><a href=\"https:\/\/i0.wp.com\/genevieveetbernardauxameriques.fr\/wp-content\/uploads\/2019\/02\/DSCN5469.jpg?ssl=1\"><img loading=\"lazy\" decoding=\"async\" data-attachment-id=\"33012\" data-permalink=\"https:\/\/genevieveetbernardauxameriques.fr\/index.php\/2019\/03\/06\/baja-californie-2-de-la-paz-a-san-ignacio-avec-edwige\/dscn5469-2\/\" data-orig-file=\"https:\/\/i0.wp.com\/genevieveetbernardauxameriques.fr\/wp-content\/uploads\/2019\/02\/DSCN5469.jpg?fit=720%2C540&amp;ssl=1\" data-orig-size=\"720,540\" data-comments-opened=\"1\" data-image-meta=\"{&quot;aperture&quot;:&quot;3.5&quot;,&quot;credit&quot;:&quot;&quot;,&quot;camera&quot;:&quot;COOLPIX P900&quot;,&quot;caption&quot;:&quot;&quot;,&quot;created_timestamp&quot;:&quot;1549994485&quot;,&quot;copyright&quot;:&quot;&quot;,&quot;focal_length&quot;:&quot;8.9&quot;,&quot;iso&quot;:&quot;100&quot;,&quot;shutter_speed&quot;:&quot;0.0008&quot;,&quot;title&quot;:&quot;&quot;,&quot;orientation&quot;:&quot;1&quot;}\" data-image-title=\"DSCN5469\" data-image-description=\"\" data-image-caption=\"\" data-medium-file=\"https:\/\/i0.wp.com\/genevieveetbernardauxameriques.fr\/wp-content\/uploads\/2019\/02\/DSCN5469.jpg?fit=300%2C225&amp;ssl=1\" data-large-file=\"https:\/\/i0.wp.com\/genevieveetbernardauxameriques.fr\/wp-content\/uploads\/2019\/02\/DSCN5469.jpg?fit=640%2C480&amp;ssl=1\" class=\"alignnone size-full wp-image-33012\" src=\"https:\/\/i0.wp.com\/genevieveetbernardauxameriques.fr\/wp-content\/uploads\/2019\/02\/DSCN5469.jpg?resize=640%2C480&#038;ssl=1\" alt=\"\" width=\"640\" height=\"480\" srcset=\"https:\/\/i0.wp.com\/genevieveetbernardauxameriques.fr\/wp-content\/uploads\/2019\/02\/DSCN5469.jpg?w=720&amp;ssl=1 720w, https:\/\/i0.wp.com\/genevieveetbernardauxameriques.fr\/wp-content\/uploads\/2019\/02\/DSCN5469.jpg?resize=300%2C225&amp;ssl=1 300w\" sizes=\"(max-width: 640px) 100vw, 640px\" data-recalc-dims=\"1\" \/><\/a> <a href=\"https:\/\/i0.wp.com\/genevieveetbernardauxameriques.fr\/wp-content\/uploads\/2019\/02\/DSCN5470.jpg?ssl=1\"><img loading=\"lazy\" decoding=\"async\" data-attachment-id=\"33013\" data-permalink=\"https:\/\/genevieveetbernardauxameriques.fr\/index.php\/2019\/03\/06\/baja-californie-2-de-la-paz-a-san-ignacio-avec-edwige\/dscn5470-2\/\" data-orig-file=\"https:\/\/i0.wp.com\/genevieveetbernardauxameriques.fr\/wp-content\/uploads\/2019\/02\/DSCN5470.jpg?fit=720%2C540&amp;ssl=1\" data-orig-size=\"720,540\" data-comments-opened=\"1\" data-image-meta=\"{&quot;aperture&quot;:&quot;2.8&quot;,&quot;credit&quot;:&quot;&quot;,&quot;camera&quot;:&quot;COOLPIX P900&quot;,&quot;caption&quot;:&quot;&quot;,&quot;created_timestamp&quot;:&quot;1549995977&quot;,&quot;copyright&quot;:&quot;&quot;,&quot;focal_length&quot;:&quot;4.3&quot;,&quot;iso&quot;:&quot;100&quot;,&quot;shutter_speed&quot;:&quot;0.0015625&quot;,&quot;title&quot;:&quot;&quot;,&quot;orientation&quot;:&quot;1&quot;}\" data-image-title=\"DSCN5470\" data-image-description=\"\" data-image-caption=\"\" data-medium-file=\"https:\/\/i0.wp.com\/genevieveetbernardauxameriques.fr\/wp-content\/uploads\/2019\/02\/DSCN5470.jpg?fit=300%2C225&amp;ssl=1\" data-large-file=\"https:\/\/i0.wp.com\/genevieveetbernardauxameriques.fr\/wp-content\/uploads\/2019\/02\/DSCN5470.jpg?fit=640%2C480&amp;ssl=1\" class=\"alignnone size-full wp-image-33013\" src=\"https:\/\/i0.wp.com\/genevieveetbernardauxameriques.fr\/wp-content\/uploads\/2019\/02\/DSCN5470.jpg?resize=640%2C480&#038;ssl=1\" alt=\"\" width=\"640\" height=\"480\" srcset=\"https:\/\/i0.wp.com\/genevieveetbernardauxameriques.fr\/wp-content\/uploads\/2019\/02\/DSCN5470.jpg?w=720&amp;ssl=1 720w, https:\/\/i0.wp.com\/genevieveetbernardauxameriques.fr\/wp-content\/uploads\/2019\/02\/DSCN5470.jpg?resize=300%2C225&amp;ssl=1 300w\" sizes=\"(max-width: 640px) 100vw, 640px\" data-recalc-dims=\"1\" \/><\/a> <a href=\"https:\/\/i0.wp.com\/genevieveetbernardauxameriques.fr\/wp-content\/uploads\/2019\/02\/DSCN5471.jpg?ssl=1\"><img loading=\"lazy\" decoding=\"async\" data-attachment-id=\"33014\" data-permalink=\"https:\/\/genevieveetbernardauxameriques.fr\/index.php\/2019\/03\/06\/baja-californie-2-de-la-paz-a-san-ignacio-avec-edwige\/dscn5471-2\/\" data-orig-file=\"https:\/\/i0.wp.com\/genevieveetbernardauxameriques.fr\/wp-content\/uploads\/2019\/02\/DSCN5471.jpg?fit=720%2C540&amp;ssl=1\" data-orig-size=\"720,540\" data-comments-opened=\"1\" data-image-meta=\"{&quot;aperture&quot;:&quot;2.8&quot;,&quot;credit&quot;:&quot;&quot;,&quot;camera&quot;:&quot;COOLPIX P900&quot;,&quot;caption&quot;:&quot;&quot;,&quot;created_timestamp&quot;:&quot;1549995995&quot;,&quot;copyright&quot;:&quot;&quot;,&quot;focal_length&quot;:&quot;4.3&quot;,&quot;iso&quot;:&quot;100&quot;,&quot;shutter_speed&quot;:&quot;0.002&quot;,&quot;title&quot;:&quot;&quot;,&quot;orientation&quot;:&quot;1&quot;}\" data-image-title=\"DSCN5471\" data-image-description=\"\" data-image-caption=\"\" data-medium-file=\"https:\/\/i0.wp.com\/genevieveetbernardauxameriques.fr\/wp-content\/uploads\/2019\/02\/DSCN5471.jpg?fit=300%2C225&amp;ssl=1\" data-large-file=\"https:\/\/i0.wp.com\/genevieveetbernardauxameriques.fr\/wp-content\/uploads\/2019\/02\/DSCN5471.jpg?fit=640%2C480&amp;ssl=1\" class=\"alignnone size-full wp-image-33014\" src=\"https:\/\/i0.wp.com\/genevieveetbernardauxameriques.fr\/wp-content\/uploads\/2019\/02\/DSCN5471.jpg?resize=640%2C480&#038;ssl=1\" alt=\"\" width=\"640\" height=\"480\" srcset=\"https:\/\/i0.wp.com\/genevieveetbernardauxameriques.fr\/wp-content\/uploads\/2019\/02\/DSCN5471.jpg?w=720&amp;ssl=1 720w, https:\/\/i0.wp.com\/genevieveetbernardauxameriques.fr\/wp-content\/uploads\/2019\/02\/DSCN5471.jpg?resize=300%2C225&amp;ssl=1 300w\" sizes=\"(max-width: 640px) 100vw, 640px\" data-recalc-dims=\"1\" \/><\/a><\/p>\n<p>Repas d&rsquo;un hot dog ou d\u2019un hamburger aux crevettes dans un \u00ab\u00a0resto\u00a0\u00bb ambulant.<\/p>\n<div class=\"tiled-gallery type-square tiled-gallery-unresized\" data-original-width=\"640\" data-carousel-extra='{&quot;blog_id&quot;:1,&quot;permalink&quot;:&quot;https:\\\/\\\/genevieveetbernardauxameriques.fr\\\/index.php\\\/2019\\\/03\\\/06\\\/baja-californie-2-de-la-paz-a-san-ignacio-avec-edwige\\\/&quot;,&quot;likes_blog_id&quot;:107627276}' itemscope itemtype=\"http:\/\/schema.org\/ImageGallery\" > <div class=\"gallery-row\" style=\"width: 640px; height: 320px;\" data-original-width=\"640\" data-original-height=\"320\" > <div class=\"gallery-group\" style=\"width: 320px; height: 320px;\" data-original-width=\"320\" data-original-height=\"320\" > <div class=\"tiled-gallery-item \" itemprop=\"associatedMedia\" itemscope itemtype=\"http:\/\/schema.org\/ImageObject\"> <a href=\"https:\/\/genevieveetbernardauxameriques.fr\/index.php\/2019\/03\/06\/baja-californie-2-de-la-paz-a-san-ignacio-avec-edwige\/dscn5478-2\/\" border=\"0\" itemprop=\"url\"> <meta itemprop=\"width\" content=\"316\"> <meta itemprop=\"height\" content=\"316\"> <img decoding=\"async\" class=\"\" data-attachment-id=\"33016\" data-orig-file=\"https:\/\/genevieveetbernardauxameriques.fr\/wp-content\/uploads\/2019\/02\/DSCN5478.jpg\" data-orig-size=\"720,540\" data-comments-opened=\"1\" data-image-meta=\"{&quot;aperture&quot;:&quot;2.8&quot;,&quot;credit&quot;:&quot;&quot;,&quot;camera&quot;:&quot;COOLPIX P900&quot;,&quot;caption&quot;:&quot;&quot;,&quot;created_timestamp&quot;:&quot;1550003283&quot;,&quot;copyright&quot;:&quot;&quot;,&quot;focal_length&quot;:&quot;4.3&quot;,&quot;iso&quot;:&quot;200&quot;,&quot;shutter_speed&quot;:&quot;0.033333333333333&quot;,&quot;title&quot;:&quot;&quot;,&quot;orientation&quot;:&quot;1&quot;}\" data-image-title=\"DSCN5478\" data-image-description=\"\" data-medium-file=\"https:\/\/i0.wp.com\/genevieveetbernardauxameriques.fr\/wp-content\/uploads\/2019\/02\/DSCN5478.jpg?fit=300%2C225&#038;ssl=1\" data-large-file=\"https:\/\/i0.wp.com\/genevieveetbernardauxameriques.fr\/wp-content\/uploads\/2019\/02\/DSCN5478.jpg?fit=640%2C480&#038;ssl=1\" src=\"https:\/\/i0.wp.com\/genevieveetbernardauxameriques.fr\/wp-content\/uploads\/2019\/02\/DSCN5478.jpg?w=316&#038;h=316&#038;crop=1&#038;ssl=1\" srcset=\"https:\/\/i0.wp.com\/genevieveetbernardauxameriques.fr\/wp-content\/uploads\/2019\/02\/DSCN5478.jpg?resize=150%2C150&amp;ssl=1 150w, https:\/\/i0.wp.com\/genevieveetbernardauxameriques.fr\/wp-content\/uploads\/2019\/02\/DSCN5478.jpg?zoom=2&amp;resize=316%2C316&amp;ssl=1 632w\" width=\"316\" height=\"316\" loading=\"lazy\" data-original-width=\"316\" data-original-height=\"316\" itemprop=\"http:\/\/schema.org\/image\" title=\"DSCN5478\" alt=\"DSCN5478\" style=\"width: 316px; height: 316px;\" \/> <\/a> <\/div> <\/div> <div class=\"gallery-group\" style=\"width: 320px; height: 320px;\" data-original-width=\"320\" data-original-height=\"320\" > <div class=\"tiled-gallery-item \" itemprop=\"associatedMedia\" itemscope itemtype=\"http:\/\/schema.org\/ImageObject\"> <a href=\"https:\/\/genevieveetbernardauxameriques.fr\/index.php\/2019\/03\/06\/baja-californie-2-de-la-paz-a-san-ignacio-avec-edwige\/dscn5479\/\" border=\"0\" itemprop=\"url\"> <meta itemprop=\"width\" content=\"316\"> <meta itemprop=\"height\" content=\"316\"> <img decoding=\"async\" class=\"\" data-attachment-id=\"33017\" data-orig-file=\"https:\/\/genevieveetbernardauxameriques.fr\/wp-content\/uploads\/2019\/02\/DSCN5479.jpg\" data-orig-size=\"720,540\" data-comments-opened=\"1\" data-image-meta=\"{&quot;aperture&quot;:&quot;2.8&quot;,&quot;credit&quot;:&quot;&quot;,&quot;camera&quot;:&quot;COOLPIX P900&quot;,&quot;caption&quot;:&quot;&quot;,&quot;created_timestamp&quot;:&quot;1550003288&quot;,&quot;copyright&quot;:&quot;&quot;,&quot;focal_length&quot;:&quot;4.3&quot;,&quot;iso&quot;:&quot;200&quot;,&quot;shutter_speed&quot;:&quot;0.033333333333333&quot;,&quot;title&quot;:&quot;&quot;,&quot;orientation&quot;:&quot;1&quot;}\" data-image-title=\"DSCN5479\" data-image-description=\"\" data-medium-file=\"https:\/\/i0.wp.com\/genevieveetbernardauxameriques.fr\/wp-content\/uploads\/2019\/02\/DSCN5479.jpg?fit=300%2C225&#038;ssl=1\" data-large-file=\"https:\/\/i0.wp.com\/genevieveetbernardauxameriques.fr\/wp-content\/uploads\/2019\/02\/DSCN5479.jpg?fit=640%2C480&#038;ssl=1\" src=\"https:\/\/i0.wp.com\/genevieveetbernardauxameriques.fr\/wp-content\/uploads\/2019\/02\/DSCN5479.jpg?w=316&#038;h=316&#038;crop=1&#038;ssl=1\" srcset=\"https:\/\/i0.wp.com\/genevieveetbernardauxameriques.fr\/wp-content\/uploads\/2019\/02\/DSCN5479.jpg?resize=150%2C150&amp;ssl=1 150w, https:\/\/i0.wp.com\/genevieveetbernardauxameriques.fr\/wp-content\/uploads\/2019\/02\/DSCN5479.jpg?zoom=2&amp;resize=316%2C316&amp;ssl=1 632w\" width=\"316\" height=\"316\" loading=\"lazy\" data-original-width=\"316\" data-original-height=\"316\" itemprop=\"http:\/\/schema.org\/image\" title=\"DSCN5479\" alt=\"DSCN5479\" style=\"width: 316px; height: 316px;\" \/> <\/a> <\/div> <\/div> <\/div> <div class=\"gallery-row\" style=\"width: 640px; height: 320px;\" data-original-width=\"640\" data-original-height=\"320\" > <div class=\"gallery-group\" style=\"width: 320px; height: 320px;\" data-original-width=\"320\" data-original-height=\"320\" > <div class=\"tiled-gallery-item \" itemprop=\"associatedMedia\" itemscope itemtype=\"http:\/\/schema.org\/ImageObject\"> <a href=\"https:\/\/genevieveetbernardauxameriques.fr\/index.php\/2019\/03\/06\/baja-californie-2-de-la-paz-a-san-ignacio-avec-edwige\/dscn5480\/\" border=\"0\" itemprop=\"url\"> <meta itemprop=\"width\" content=\"316\"> <meta itemprop=\"height\" content=\"316\"> <img decoding=\"async\" class=\"\" data-attachment-id=\"33018\" data-orig-file=\"https:\/\/genevieveetbernardauxameriques.fr\/wp-content\/uploads\/2019\/02\/DSCN5480.jpg\" data-orig-size=\"720,540\" data-comments-opened=\"1\" data-image-meta=\"{&quot;aperture&quot;:&quot;2.8&quot;,&quot;credit&quot;:&quot;&quot;,&quot;camera&quot;:&quot;COOLPIX P900&quot;,&quot;caption&quot;:&quot;&quot;,&quot;created_timestamp&quot;:&quot;1550003473&quot;,&quot;copyright&quot;:&quot;&quot;,&quot;focal_length&quot;:&quot;4.3&quot;,&quot;iso&quot;:&quot;200&quot;,&quot;shutter_speed&quot;:&quot;0.033333333333333&quot;,&quot;title&quot;:&quot;&quot;,&quot;orientation&quot;:&quot;1&quot;}\" data-image-title=\"DSCN5480\" data-image-description=\"\" data-medium-file=\"https:\/\/i0.wp.com\/genevieveetbernardauxameriques.fr\/wp-content\/uploads\/2019\/02\/DSCN5480.jpg?fit=300%2C225&#038;ssl=1\" data-large-file=\"https:\/\/i0.wp.com\/genevieveetbernardauxameriques.fr\/wp-content\/uploads\/2019\/02\/DSCN5480.jpg?fit=640%2C480&#038;ssl=1\" src=\"https:\/\/i0.wp.com\/genevieveetbernardauxameriques.fr\/wp-content\/uploads\/2019\/02\/DSCN5480.jpg?w=316&#038;h=316&#038;crop=1&#038;ssl=1\" srcset=\"https:\/\/i0.wp.com\/genevieveetbernardauxameriques.fr\/wp-content\/uploads\/2019\/02\/DSCN5480.jpg?resize=150%2C150&amp;ssl=1 150w, https:\/\/i0.wp.com\/genevieveetbernardauxameriques.fr\/wp-content\/uploads\/2019\/02\/DSCN5480.jpg?zoom=2&amp;resize=316%2C316&amp;ssl=1 632w\" width=\"316\" height=\"316\" loading=\"lazy\" data-original-width=\"316\" data-original-height=\"316\" itemprop=\"http:\/\/schema.org\/image\" title=\"DSCN5480\" alt=\"DSCN5480\" style=\"width: 316px; height: 316px;\" \/> <\/a> <\/div> <\/div> <div class=\"gallery-group\" style=\"width: 320px; height: 320px;\" data-original-width=\"320\" data-original-height=\"320\" > <div class=\"tiled-gallery-item \" itemprop=\"associatedMedia\" itemscope itemtype=\"http:\/\/schema.org\/ImageObject\"> <a href=\"https:\/\/genevieveetbernardauxameriques.fr\/index.php\/2019\/03\/06\/baja-californie-2-de-la-paz-a-san-ignacio-avec-edwige\/dscn5481-2\/\" border=\"0\" itemprop=\"url\"> <meta itemprop=\"width\" content=\"316\"> <meta itemprop=\"height\" content=\"316\"> <img decoding=\"async\" class=\"\" data-attachment-id=\"33019\" data-orig-file=\"https:\/\/genevieveetbernardauxameriques.fr\/wp-content\/uploads\/2019\/02\/DSCN5481.jpg\" data-orig-size=\"720,540\" data-comments-opened=\"1\" data-image-meta=\"{&quot;aperture&quot;:&quot;2.8&quot;,&quot;credit&quot;:&quot;&quot;,&quot;camera&quot;:&quot;COOLPIX P900&quot;,&quot;caption&quot;:&quot;&quot;,&quot;created_timestamp&quot;:&quot;1550003493&quot;,&quot;copyright&quot;:&quot;&quot;,&quot;focal_length&quot;:&quot;4.3&quot;,&quot;iso&quot;:&quot;200&quot;,&quot;shutter_speed&quot;:&quot;0.033333333333333&quot;,&quot;title&quot;:&quot;&quot;,&quot;orientation&quot;:&quot;1&quot;}\" data-image-title=\"DSCN5481\" data-image-description=\"\" data-medium-file=\"https:\/\/i0.wp.com\/genevieveetbernardauxameriques.fr\/wp-content\/uploads\/2019\/02\/DSCN5481.jpg?fit=300%2C225&#038;ssl=1\" data-large-file=\"https:\/\/i0.wp.com\/genevieveetbernardauxameriques.fr\/wp-content\/uploads\/2019\/02\/DSCN5481.jpg?fit=640%2C480&#038;ssl=1\" src=\"https:\/\/i0.wp.com\/genevieveetbernardauxameriques.fr\/wp-content\/uploads\/2019\/02\/DSCN5481.jpg?w=316&#038;h=316&#038;crop=1&#038;ssl=1\" srcset=\"https:\/\/i0.wp.com\/genevieveetbernardauxameriques.fr\/wp-content\/uploads\/2019\/02\/DSCN5481.jpg?resize=150%2C150&amp;ssl=1 150w, https:\/\/i0.wp.com\/genevieveetbernardauxameriques.fr\/wp-content\/uploads\/2019\/02\/DSCN5481.jpg?zoom=2&amp;resize=316%2C316&amp;ssl=1 632w\" width=\"316\" height=\"316\" loading=\"lazy\" data-original-width=\"316\" data-original-height=\"316\" itemprop=\"http:\/\/schema.org\/image\" title=\"DSCN5481\" alt=\"DSCN5481\" style=\"width: 316px; height: 316px;\" \/> <\/a> <\/div> <\/div> <\/div> <div class=\"gallery-row\" style=\"width: 640px; height: 320px;\" data-original-width=\"640\" data-original-height=\"320\" > <div class=\"gallery-group\" style=\"width: 320px; height: 320px;\" data-original-width=\"320\" data-original-height=\"320\" > <div class=\"tiled-gallery-item \" itemprop=\"associatedMedia\" itemscope itemtype=\"http:\/\/schema.org\/ImageObject\"> <a href=\"https:\/\/genevieveetbernardauxameriques.fr\/index.php\/2019\/03\/06\/baja-californie-2-de-la-paz-a-san-ignacio-avec-edwige\/dscn5484\/\" border=\"0\" itemprop=\"url\"> <meta itemprop=\"width\" content=\"316\"> <meta itemprop=\"height\" content=\"316\"> <img decoding=\"async\" class=\"\" data-attachment-id=\"33020\" data-orig-file=\"https:\/\/genevieveetbernardauxameriques.fr\/wp-content\/uploads\/2019\/02\/DSCN5484.jpg\" data-orig-size=\"720,540\" data-comments-opened=\"1\" data-image-meta=\"{&quot;aperture&quot;:&quot;2.8&quot;,&quot;credit&quot;:&quot;&quot;,&quot;camera&quot;:&quot;COOLPIX P900&quot;,&quot;caption&quot;:&quot;&quot;,&quot;created_timestamp&quot;:&quot;1550003624&quot;,&quot;copyright&quot;:&quot;&quot;,&quot;focal_length&quot;:&quot;4.3&quot;,&quot;iso&quot;:&quot;200&quot;,&quot;shutter_speed&quot;:&quot;0.033333333333333&quot;,&quot;title&quot;:&quot;&quot;,&quot;orientation&quot;:&quot;1&quot;}\" data-image-title=\"DSCN5484\" data-image-description=\"\" data-medium-file=\"https:\/\/i0.wp.com\/genevieveetbernardauxameriques.fr\/wp-content\/uploads\/2019\/02\/DSCN5484.jpg?fit=300%2C225&#038;ssl=1\" data-large-file=\"https:\/\/i0.wp.com\/genevieveetbernardauxameriques.fr\/wp-content\/uploads\/2019\/02\/DSCN5484.jpg?fit=640%2C480&#038;ssl=1\" src=\"https:\/\/i0.wp.com\/genevieveetbernardauxameriques.fr\/wp-content\/uploads\/2019\/02\/DSCN5484.jpg?w=316&#038;h=316&#038;crop=1&#038;ssl=1\" srcset=\"https:\/\/i0.wp.com\/genevieveetbernardauxameriques.fr\/wp-content\/uploads\/2019\/02\/DSCN5484.jpg?resize=150%2C150&amp;ssl=1 150w, https:\/\/i0.wp.com\/genevieveetbernardauxameriques.fr\/wp-content\/uploads\/2019\/02\/DSCN5484.jpg?zoom=2&amp;resize=316%2C316&amp;ssl=1 632w\" width=\"316\" height=\"316\" loading=\"lazy\" data-original-width=\"316\" data-original-height=\"316\" itemprop=\"http:\/\/schema.org\/image\" title=\"DSCN5484\" alt=\"DSCN5484\" style=\"width: 316px; height: 316px;\" \/> <\/a> <\/div> <\/div> <div class=\"gallery-group\" style=\"width: 320px; height: 320px;\" data-original-width=\"320\" data-original-height=\"320\" > <div class=\"tiled-gallery-item \" itemprop=\"associatedMedia\" itemscope itemtype=\"http:\/\/schema.org\/ImageObject\"> <a href=\"https:\/\/genevieveetbernardauxameriques.fr\/index.php\/2019\/03\/06\/baja-californie-2-de-la-paz-a-san-ignacio-avec-edwige\/dscn5486\/\" border=\"0\" itemprop=\"url\"> <meta itemprop=\"width\" content=\"316\"> <meta itemprop=\"height\" content=\"316\"> <img decoding=\"async\" class=\"\" data-attachment-id=\"33021\" data-orig-file=\"https:\/\/genevieveetbernardauxameriques.fr\/wp-content\/uploads\/2019\/02\/DSCN5486.jpg\" data-orig-size=\"720,540\" data-comments-opened=\"1\" data-image-meta=\"{&quot;aperture&quot;:&quot;2.8&quot;,&quot;credit&quot;:&quot;&quot;,&quot;camera&quot;:&quot;COOLPIX P900&quot;,&quot;caption&quot;:&quot;&quot;,&quot;created_timestamp&quot;:&quot;1550003847&quot;,&quot;copyright&quot;:&quot;&quot;,&quot;focal_length&quot;:&quot;5&quot;,&quot;iso&quot;:&quot;200&quot;,&quot;shutter_speed&quot;:&quot;0.033333333333333&quot;,&quot;title&quot;:&quot;&quot;,&quot;orientation&quot;:&quot;1&quot;}\" data-image-title=\"DSCN5486\" data-image-description=\"\" data-medium-file=\"https:\/\/i0.wp.com\/genevieveetbernardauxameriques.fr\/wp-content\/uploads\/2019\/02\/DSCN5486.jpg?fit=300%2C225&#038;ssl=1\" data-large-file=\"https:\/\/i0.wp.com\/genevieveetbernardauxameriques.fr\/wp-content\/uploads\/2019\/02\/DSCN5486.jpg?fit=640%2C480&#038;ssl=1\" src=\"https:\/\/i0.wp.com\/genevieveetbernardauxameriques.fr\/wp-content\/uploads\/2019\/02\/DSCN5486.jpg?w=316&#038;h=316&#038;crop=1&#038;ssl=1\" srcset=\"https:\/\/i0.wp.com\/genevieveetbernardauxameriques.fr\/wp-content\/uploads\/2019\/02\/DSCN5486.jpg?resize=150%2C150&amp;ssl=1 150w, https:\/\/i0.wp.com\/genevieveetbernardauxameriques.fr\/wp-content\/uploads\/2019\/02\/DSCN5486.jpg?zoom=2&amp;resize=316%2C316&amp;ssl=1 632w\" width=\"316\" height=\"316\" loading=\"lazy\" data-original-width=\"316\" data-original-height=\"316\" itemprop=\"http:\/\/schema.org\/image\" title=\"DSCN5486\" alt=\"DSCN5486\" style=\"width: 316px; height: 316px;\" \/> <\/a> <\/div> <\/div> <\/div> <\/div>\n<p>Tous bien gourmands, le mien le plus copieux avec un bifteck et des crevettes.<\/p>\n<p><strong>MERCREDI<\/strong><\/p>\n<p>Nous partons en lancha avec un autre couple de mexicain.<\/p>\n<p><a href=\"https:\/\/i0.wp.com\/genevieveetbernardauxameriques.fr\/wp-content\/uploads\/2019\/02\/DSCN5488.jpg?ssl=1\"><img loading=\"lazy\" decoding=\"async\" data-attachment-id=\"33022\" data-permalink=\"https:\/\/genevieveetbernardauxameriques.fr\/index.php\/2019\/03\/06\/baja-californie-2-de-la-paz-a-san-ignacio-avec-edwige\/dscn5488\/\" data-orig-file=\"https:\/\/i0.wp.com\/genevieveetbernardauxameriques.fr\/wp-content\/uploads\/2019\/02\/DSCN5488.jpg?fit=720%2C540&amp;ssl=1\" data-orig-size=\"720,540\" data-comments-opened=\"1\" data-image-meta=\"{&quot;aperture&quot;:&quot;3.2&quot;,&quot;credit&quot;:&quot;&quot;,&quot;camera&quot;:&quot;COOLPIX P900&quot;,&quot;caption&quot;:&quot;&quot;,&quot;created_timestamp&quot;:&quot;1550055171&quot;,&quot;copyright&quot;:&quot;&quot;,&quot;focal_length&quot;:&quot;4.3&quot;,&quot;iso&quot;:&quot;100&quot;,&quot;shutter_speed&quot;:&quot;0.000625&quot;,&quot;title&quot;:&quot;&quot;,&quot;orientation&quot;:&quot;1&quot;}\" data-image-title=\"DSCN5488\" data-image-description=\"\" data-image-caption=\"\" data-medium-file=\"https:\/\/i0.wp.com\/genevieveetbernardauxameriques.fr\/wp-content\/uploads\/2019\/02\/DSCN5488.jpg?fit=300%2C225&amp;ssl=1\" data-large-file=\"https:\/\/i0.wp.com\/genevieveetbernardauxameriques.fr\/wp-content\/uploads\/2019\/02\/DSCN5488.jpg?fit=640%2C480&amp;ssl=1\" class=\"alignnone size-full wp-image-33022\" src=\"https:\/\/i0.wp.com\/genevieveetbernardauxameriques.fr\/wp-content\/uploads\/2019\/02\/DSCN5488.jpg?resize=640%2C480&#038;ssl=1\" alt=\"\" width=\"640\" height=\"480\" srcset=\"https:\/\/i0.wp.com\/genevieveetbernardauxameriques.fr\/wp-content\/uploads\/2019\/02\/DSCN5488.jpg?w=720&amp;ssl=1 720w, https:\/\/i0.wp.com\/genevieveetbernardauxameriques.fr\/wp-content\/uploads\/2019\/02\/DSCN5488.jpg?resize=300%2C225&amp;ssl=1 300w\" sizes=\"(max-width: 640px) 100vw, 640px\" data-recalc-dims=\"1\" \/><\/a> <a href=\"https:\/\/i0.wp.com\/genevieveetbernardauxameriques.fr\/wp-content\/uploads\/2019\/02\/DSCN5490-e1551128967248.jpg?ssl=1\"><img loading=\"lazy\" decoding=\"async\" data-attachment-id=\"33024\" data-permalink=\"https:\/\/genevieveetbernardauxameriques.fr\/index.php\/2019\/03\/06\/baja-californie-2-de-la-paz-a-san-ignacio-avec-edwige\/dscn5490-2\/\" data-orig-file=\"https:\/\/i0.wp.com\/genevieveetbernardauxameriques.fr\/wp-content\/uploads\/2019\/02\/DSCN5490-e1551128967248.jpg?fit=718%2C311&amp;ssl=1\" data-orig-size=\"718,311\" data-comments-opened=\"1\" data-image-meta=\"{&quot;aperture&quot;:&quot;2.8&quot;,&quot;credit&quot;:&quot;&quot;,&quot;camera&quot;:&quot;COOLPIX P900&quot;,&quot;caption&quot;:&quot;&quot;,&quot;created_timestamp&quot;:&quot;1550055199&quot;,&quot;copyright&quot;:&quot;&quot;,&quot;focal_length&quot;:&quot;4.3&quot;,&quot;iso&quot;:&quot;100&quot;,&quot;shutter_speed&quot;:&quot;0.0005&quot;,&quot;title&quot;:&quot;&quot;,&quot;orientation&quot;:&quot;1&quot;}\" data-image-title=\"DSCN5490\" data-image-description=\"\" data-image-caption=\"\" data-medium-file=\"https:\/\/i0.wp.com\/genevieveetbernardauxameriques.fr\/wp-content\/uploads\/2019\/02\/DSCN5490-e1551128967248.jpg?fit=300%2C130&amp;ssl=1\" data-large-file=\"https:\/\/i0.wp.com\/genevieveetbernardauxameriques.fr\/wp-content\/uploads\/2019\/02\/DSCN5490-e1551128967248.jpg?fit=640%2C277&amp;ssl=1\" class=\"alignnone size-full wp-image-33024\" src=\"https:\/\/i0.wp.com\/genevieveetbernardauxameriques.fr\/wp-content\/uploads\/2019\/02\/DSCN5490-e1551128967248.jpg?resize=640%2C277&#038;ssl=1\" alt=\"\" width=\"640\" height=\"277\" srcset=\"https:\/\/i0.wp.com\/genevieveetbernardauxameriques.fr\/wp-content\/uploads\/2019\/02\/DSCN5490-e1551128967248.jpg?w=718&amp;ssl=1 718w, https:\/\/i0.wp.com\/genevieveetbernardauxameriques.fr\/wp-content\/uploads\/2019\/02\/DSCN5490-e1551128967248.jpg?resize=300%2C130&amp;ssl=1 300w\" sizes=\"(max-width: 640px) 100vw, 640px\" data-recalc-dims=\"1\" \/><\/a><a href=\"https:\/\/i0.wp.com\/genevieveetbernardauxameriques.fr\/wp-content\/uploads\/2019\/02\/DSCN5489-e1551129013717.jpg?ssl=1\"><img loading=\"lazy\" decoding=\"async\" data-attachment-id=\"33023\" data-permalink=\"https:\/\/genevieveetbernardauxameriques.fr\/index.php\/2019\/03\/06\/baja-californie-2-de-la-paz-a-san-ignacio-avec-edwige\/dscn5489-3\/\" data-orig-file=\"https:\/\/i0.wp.com\/genevieveetbernardauxameriques.fr\/wp-content\/uploads\/2019\/02\/DSCN5489-e1551129013717.jpg?fit=718%2C363&amp;ssl=1\" data-orig-size=\"718,363\" data-comments-opened=\"1\" data-image-meta=\"{&quot;aperture&quot;:&quot;3.5&quot;,&quot;credit&quot;:&quot;&quot;,&quot;camera&quot;:&quot;COOLPIX P900&quot;,&quot;caption&quot;:&quot;&quot;,&quot;created_timestamp&quot;:&quot;1550055175&quot;,&quot;copyright&quot;:&quot;&quot;,&quot;focal_length&quot;:&quot;4.3&quot;,&quot;iso&quot;:&quot;100&quot;,&quot;shutter_speed&quot;:&quot;0.000625&quot;,&quot;title&quot;:&quot;&quot;,&quot;orientation&quot;:&quot;1&quot;}\" data-image-title=\"DSCN5489\" data-image-description=\"\" data-image-caption=\"\" data-medium-file=\"https:\/\/i0.wp.com\/genevieveetbernardauxameriques.fr\/wp-content\/uploads\/2019\/02\/DSCN5489-e1551129013717.jpg?fit=300%2C152&amp;ssl=1\" data-large-file=\"https:\/\/i0.wp.com\/genevieveetbernardauxameriques.fr\/wp-content\/uploads\/2019\/02\/DSCN5489-e1551129013717.jpg?fit=640%2C324&amp;ssl=1\" class=\"alignnone size-full wp-image-33023\" src=\"https:\/\/i0.wp.com\/genevieveetbernardauxameriques.fr\/wp-content\/uploads\/2019\/02\/DSCN5489-e1551129013717.jpg?resize=640%2C324&#038;ssl=1\" alt=\"\" width=\"640\" height=\"324\" srcset=\"https:\/\/i0.wp.com\/genevieveetbernardauxameriques.fr\/wp-content\/uploads\/2019\/02\/DSCN5489-e1551129013717.jpg?w=718&amp;ssl=1 718w, https:\/\/i0.wp.com\/genevieveetbernardauxameriques.fr\/wp-content\/uploads\/2019\/02\/DSCN5489-e1551129013717.jpg?resize=300%2C152&amp;ssl=1 300w\" sizes=\"(max-width: 640px) 100vw, 640px\" data-recalc-dims=\"1\" \/><\/a><a href=\"https:\/\/i0.wp.com\/genevieveetbernardauxameriques.fr\/wp-content\/uploads\/2019\/02\/DSCN5491.jpg?ssl=1\"><img loading=\"lazy\" decoding=\"async\" data-attachment-id=\"33025\" data-permalink=\"https:\/\/genevieveetbernardauxameriques.fr\/index.php\/2019\/03\/06\/baja-californie-2-de-la-paz-a-san-ignacio-avec-edwige\/dscn5491-3\/\" data-orig-file=\"https:\/\/i0.wp.com\/genevieveetbernardauxameriques.fr\/wp-content\/uploads\/2019\/02\/DSCN5491.jpg?fit=720%2C540&amp;ssl=1\" data-orig-size=\"720,540\" data-comments-opened=\"1\" data-image-meta=\"{&quot;aperture&quot;:&quot;4.5&quot;,&quot;credit&quot;:&quot;&quot;,&quot;camera&quot;:&quot;COOLPIX P900&quot;,&quot;caption&quot;:&quot;&quot;,&quot;created_timestamp&quot;:&quot;1550055318&quot;,&quot;copyright&quot;:&quot;&quot;,&quot;focal_length&quot;:&quot;4.3&quot;,&quot;iso&quot;:&quot;100&quot;,&quot;shutter_speed&quot;:&quot;0.000625&quot;,&quot;title&quot;:&quot;&quot;,&quot;orientation&quot;:&quot;1&quot;}\" data-image-title=\"DSCN5491\" data-image-description=\"\" data-image-caption=\"\" data-medium-file=\"https:\/\/i0.wp.com\/genevieveetbernardauxameriques.fr\/wp-content\/uploads\/2019\/02\/DSCN5491.jpg?fit=300%2C225&amp;ssl=1\" data-large-file=\"https:\/\/i0.wp.com\/genevieveetbernardauxameriques.fr\/wp-content\/uploads\/2019\/02\/DSCN5491.jpg?fit=640%2C480&amp;ssl=1\" class=\"alignnone size-full wp-image-33025\" src=\"https:\/\/i0.wp.com\/genevieveetbernardauxameriques.fr\/wp-content\/uploads\/2019\/02\/DSCN5491.jpg?resize=640%2C480&#038;ssl=1\" alt=\"\" width=\"640\" height=\"480\" srcset=\"https:\/\/i0.wp.com\/genevieveetbernardauxameriques.fr\/wp-content\/uploads\/2019\/02\/DSCN5491.jpg?w=720&amp;ssl=1 720w, https:\/\/i0.wp.com\/genevieveetbernardauxameriques.fr\/wp-content\/uploads\/2019\/02\/DSCN5491.jpg?resize=300%2C225&amp;ssl=1 300w\" sizes=\"(max-width: 640px) 100vw, 640px\" data-recalc-dims=\"1\" \/><\/a><\/p>\n<p>En cours de route nous voyons une ribambelle de dauphins<\/p>\n<p><a href=\"https:\/\/i0.wp.com\/genevieveetbernardauxameriques.fr\/wp-content\/uploads\/2019\/02\/DSCN5492-e1551129098947.jpg?ssl=1\"><img loading=\"lazy\" decoding=\"async\" data-attachment-id=\"33026\" data-permalink=\"https:\/\/genevieveetbernardauxameriques.fr\/index.php\/2019\/03\/06\/baja-californie-2-de-la-paz-a-san-ignacio-avec-edwige\/dscn5492\/\" data-orig-file=\"https:\/\/i0.wp.com\/genevieveetbernardauxameriques.fr\/wp-content\/uploads\/2019\/02\/DSCN5492-e1551129098947.jpg?fit=716%2C325&amp;ssl=1\" data-orig-size=\"716,325\" data-comments-opened=\"1\" data-image-meta=\"{&quot;aperture&quot;:&quot;4.5&quot;,&quot;credit&quot;:&quot;&quot;,&quot;camera&quot;:&quot;COOLPIX P900&quot;,&quot;caption&quot;:&quot;&quot;,&quot;created_timestamp&quot;:&quot;1550055852&quot;,&quot;copyright&quot;:&quot;&quot;,&quot;focal_length&quot;:&quot;35.7&quot;,&quot;iso&quot;:&quot;100&quot;,&quot;shutter_speed&quot;:&quot;0.0015625&quot;,&quot;title&quot;:&quot;&quot;,&quot;orientation&quot;:&quot;1&quot;}\" data-image-title=\"DSCN5492\" data-image-description=\"\" data-image-caption=\"\" data-medium-file=\"https:\/\/i0.wp.com\/genevieveetbernardauxameriques.fr\/wp-content\/uploads\/2019\/02\/DSCN5492-e1551129098947.jpg?fit=300%2C136&amp;ssl=1\" data-large-file=\"https:\/\/i0.wp.com\/genevieveetbernardauxameriques.fr\/wp-content\/uploads\/2019\/02\/DSCN5492-e1551129098947.jpg?fit=640%2C291&amp;ssl=1\" class=\"alignnone size-full wp-image-33026\" src=\"https:\/\/i0.wp.com\/genevieveetbernardauxameriques.fr\/wp-content\/uploads\/2019\/02\/DSCN5492-e1551129098947.jpg?resize=640%2C291&#038;ssl=1\" alt=\"\" width=\"640\" height=\"291\" srcset=\"https:\/\/i0.wp.com\/genevieveetbernardauxameriques.fr\/wp-content\/uploads\/2019\/02\/DSCN5492-e1551129098947.jpg?w=716&amp;ssl=1 716w, https:\/\/i0.wp.com\/genevieveetbernardauxameriques.fr\/wp-content\/uploads\/2019\/02\/DSCN5492-e1551129098947.jpg?resize=300%2C136&amp;ssl=1 300w\" sizes=\"(max-width: 640px) 100vw, 640px\" data-recalc-dims=\"1\" \/><\/a><a href=\"https:\/\/i0.wp.com\/genevieveetbernardauxameriques.fr\/wp-content\/uploads\/2019\/02\/DSCN5496-e1551129135382.jpg?ssl=1\"><img loading=\"lazy\" decoding=\"async\" data-attachment-id=\"33028\" data-permalink=\"https:\/\/genevieveetbernardauxameriques.fr\/index.php\/2019\/03\/06\/baja-californie-2-de-la-paz-a-san-ignacio-avec-edwige\/dscn5496-2\/\" data-orig-file=\"https:\/\/i0.wp.com\/genevieveetbernardauxameriques.fr\/wp-content\/uploads\/2019\/02\/DSCN5496-e1551129135382.jpg?fit=718%2C273&amp;ssl=1\" data-orig-size=\"718,273\" data-comments-opened=\"1\" data-image-meta=\"{&quot;aperture&quot;:&quot;3.5&quot;,&quot;credit&quot;:&quot;&quot;,&quot;camera&quot;:&quot;COOLPIX P900&quot;,&quot;caption&quot;:&quot;&quot;,&quot;created_timestamp&quot;:&quot;1550056207&quot;,&quot;copyright&quot;:&quot;&quot;,&quot;focal_length&quot;:&quot;14.3&quot;,&quot;iso&quot;:&quot;100&quot;,&quot;shutter_speed&quot;:&quot;0.000625&quot;,&quot;title&quot;:&quot;&quot;,&quot;orientation&quot;:&quot;1&quot;}\" data-image-title=\"DSCN5496\" data-image-description=\"\" data-image-caption=\"\" data-medium-file=\"https:\/\/i0.wp.com\/genevieveetbernardauxameriques.fr\/wp-content\/uploads\/2019\/02\/DSCN5496-e1551129135382.jpg?fit=300%2C114&amp;ssl=1\" data-large-file=\"https:\/\/i0.wp.com\/genevieveetbernardauxameriques.fr\/wp-content\/uploads\/2019\/02\/DSCN5496-e1551129135382.jpg?fit=640%2C243&amp;ssl=1\" class=\"alignnone size-full wp-image-33028\" src=\"https:\/\/i0.wp.com\/genevieveetbernardauxameriques.fr\/wp-content\/uploads\/2019\/02\/DSCN5496-e1551129135382.jpg?resize=640%2C243&#038;ssl=1\" alt=\"\" width=\"640\" height=\"243\" srcset=\"https:\/\/i0.wp.com\/genevieveetbernardauxameriques.fr\/wp-content\/uploads\/2019\/02\/DSCN5496-e1551129135382.jpg?w=718&amp;ssl=1 718w, https:\/\/i0.wp.com\/genevieveetbernardauxameriques.fr\/wp-content\/uploads\/2019\/02\/DSCN5496-e1551129135382.jpg?resize=300%2C114&amp;ssl=1 300w\" sizes=\"(max-width: 640px) 100vw, 640px\" data-recalc-dims=\"1\" \/><\/a><a href=\"https:\/\/i0.wp.com\/genevieveetbernardauxameriques.fr\/wp-content\/uploads\/2019\/02\/DSCN5499.jpg?ssl=1\"><img loading=\"lazy\" decoding=\"async\" data-attachment-id=\"33030\" data-permalink=\"https:\/\/genevieveetbernardauxameriques.fr\/index.php\/2019\/03\/06\/baja-californie-2-de-la-paz-a-san-ignacio-avec-edwige\/dscn5499-3\/\" data-orig-file=\"https:\/\/i0.wp.com\/genevieveetbernardauxameriques.fr\/wp-content\/uploads\/2019\/02\/DSCN5499.jpg?fit=720%2C540&amp;ssl=1\" data-orig-size=\"720,540\" data-comments-opened=\"1\" data-image-meta=\"{&quot;aperture&quot;:&quot;4&quot;,&quot;credit&quot;:&quot;&quot;,&quot;camera&quot;:&quot;COOLPIX P900&quot;,&quot;caption&quot;:&quot;&quot;,&quot;created_timestamp&quot;:&quot;1550056405&quot;,&quot;copyright&quot;:&quot;&quot;,&quot;focal_length&quot;:&quot;24.1&quot;,&quot;iso&quot;:&quot;100&quot;,&quot;shutter_speed&quot;:&quot;0.0008&quot;,&quot;title&quot;:&quot;&quot;,&quot;orientation&quot;:&quot;1&quot;}\" data-image-title=\"DSCN5499\" data-image-description=\"\" data-image-caption=\"\" data-medium-file=\"https:\/\/i0.wp.com\/genevieveetbernardauxameriques.fr\/wp-content\/uploads\/2019\/02\/DSCN5499.jpg?fit=300%2C225&amp;ssl=1\" data-large-file=\"https:\/\/i0.wp.com\/genevieveetbernardauxameriques.fr\/wp-content\/uploads\/2019\/02\/DSCN5499.jpg?fit=640%2C480&amp;ssl=1\" class=\"alignnone size-full wp-image-33030\" src=\"https:\/\/i0.wp.com\/genevieveetbernardauxameriques.fr\/wp-content\/uploads\/2019\/02\/DSCN5499.jpg?resize=640%2C480&#038;ssl=1\" alt=\"\" width=\"640\" height=\"480\" srcset=\"https:\/\/i0.wp.com\/genevieveetbernardauxameriques.fr\/wp-content\/uploads\/2019\/02\/DSCN5499.jpg?w=720&amp;ssl=1 720w, https:\/\/i0.wp.com\/genevieveetbernardauxameriques.fr\/wp-content\/uploads\/2019\/02\/DSCN5499.jpg?resize=300%2C225&amp;ssl=1 300w\" sizes=\"(max-width: 640px) 100vw, 640px\" data-recalc-dims=\"1\" \/><\/a> <a href=\"https:\/\/i0.wp.com\/genevieveetbernardauxameriques.fr\/wp-content\/uploads\/2019\/02\/DSCN5503.jpg?ssl=1\"><img loading=\"lazy\" decoding=\"async\" data-attachment-id=\"33032\" data-permalink=\"https:\/\/genevieveetbernardauxameriques.fr\/index.php\/2019\/03\/06\/baja-californie-2-de-la-paz-a-san-ignacio-avec-edwige\/dscn5503-2\/\" data-orig-file=\"https:\/\/i0.wp.com\/genevieveetbernardauxameriques.fr\/wp-content\/uploads\/2019\/02\/DSCN5503.jpg?fit=720%2C540&amp;ssl=1\" data-orig-size=\"720,540\" data-comments-opened=\"1\" data-image-meta=\"{&quot;aperture&quot;:&quot;3.5&quot;,&quot;credit&quot;:&quot;&quot;,&quot;camera&quot;:&quot;COOLPIX P900&quot;,&quot;caption&quot;:&quot;&quot;,&quot;created_timestamp&quot;:&quot;1550056591&quot;,&quot;copyright&quot;:&quot;&quot;,&quot;focal_length&quot;:&quot;5.9&quot;,&quot;iso&quot;:&quot;100&quot;,&quot;shutter_speed&quot;:&quot;0.000625&quot;,&quot;title&quot;:&quot;&quot;,&quot;orientation&quot;:&quot;1&quot;}\" data-image-title=\"DSCN5503\" data-image-description=\"\" data-image-caption=\"\" data-medium-file=\"https:\/\/i0.wp.com\/genevieveetbernardauxameriques.fr\/wp-content\/uploads\/2019\/02\/DSCN5503.jpg?fit=300%2C225&amp;ssl=1\" data-large-file=\"https:\/\/i0.wp.com\/genevieveetbernardauxameriques.fr\/wp-content\/uploads\/2019\/02\/DSCN5503.jpg?fit=640%2C480&amp;ssl=1\" class=\"alignnone size-full wp-image-33032\" src=\"https:\/\/i0.wp.com\/genevieveetbernardauxameriques.fr\/wp-content\/uploads\/2019\/02\/DSCN5503.jpg?resize=640%2C480&#038;ssl=1\" alt=\"\" width=\"640\" height=\"480\" srcset=\"https:\/\/i0.wp.com\/genevieveetbernardauxameriques.fr\/wp-content\/uploads\/2019\/02\/DSCN5503.jpg?w=720&amp;ssl=1 720w, https:\/\/i0.wp.com\/genevieveetbernardauxameriques.fr\/wp-content\/uploads\/2019\/02\/DSCN5503.jpg?resize=300%2C225&amp;ssl=1 300w\" sizes=\"(max-width: 640px) 100vw, 640px\" data-recalc-dims=\"1\" \/><\/a> <a href=\"https:\/\/i0.wp.com\/genevieveetbernardauxameriques.fr\/wp-content\/uploads\/2019\/02\/DSCN5511.jpg?ssl=1\"><img loading=\"lazy\" decoding=\"async\" data-attachment-id=\"33033\" data-permalink=\"https:\/\/genevieveetbernardauxameriques.fr\/index.php\/2019\/03\/06\/baja-californie-2-de-la-paz-a-san-ignacio-avec-edwige\/dscn5511-2\/\" data-orig-file=\"https:\/\/i0.wp.com\/genevieveetbernardauxameriques.fr\/wp-content\/uploads\/2019\/02\/DSCN5511.jpg?fit=720%2C540&amp;ssl=1\" data-orig-size=\"720,540\" data-comments-opened=\"1\" data-image-meta=\"{&quot;aperture&quot;:&quot;3.5&quot;,&quot;credit&quot;:&quot;&quot;,&quot;camera&quot;:&quot;COOLPIX P900&quot;,&quot;caption&quot;:&quot;&quot;,&quot;created_timestamp&quot;:&quot;1550056756&quot;,&quot;copyright&quot;:&quot;&quot;,&quot;focal_length&quot;:&quot;12.5&quot;,&quot;iso&quot;:&quot;100&quot;,&quot;shutter_speed&quot;:&quot;0.000625&quot;,&quot;title&quot;:&quot;&quot;,&quot;orientation&quot;:&quot;1&quot;}\" data-image-title=\"DSCN5511\" data-image-description=\"\" data-image-caption=\"\" data-medium-file=\"https:\/\/i0.wp.com\/genevieveetbernardauxameriques.fr\/wp-content\/uploads\/2019\/02\/DSCN5511.jpg?fit=300%2C225&amp;ssl=1\" data-large-file=\"https:\/\/i0.wp.com\/genevieveetbernardauxameriques.fr\/wp-content\/uploads\/2019\/02\/DSCN5511.jpg?fit=640%2C480&amp;ssl=1\" class=\"alignnone size-full wp-image-33033\" src=\"https:\/\/i0.wp.com\/genevieveetbernardauxameriques.fr\/wp-content\/uploads\/2019\/02\/DSCN5511.jpg?resize=640%2C480&#038;ssl=1\" alt=\"\" width=\"640\" height=\"480\" srcset=\"https:\/\/i0.wp.com\/genevieveetbernardauxameriques.fr\/wp-content\/uploads\/2019\/02\/DSCN5511.jpg?w=720&amp;ssl=1 720w, https:\/\/i0.wp.com\/genevieveetbernardauxameriques.fr\/wp-content\/uploads\/2019\/02\/DSCN5511.jpg?resize=300%2C225&amp;ssl=1 300w\" sizes=\"(max-width: 640px) 100vw, 640px\" data-recalc-dims=\"1\" \/><\/a><\/p>\n<p>Nous nous approchons d&rsquo;une \u00eele, o\u00f9 nous verrons encore des otaries au bord de la falaise<\/p>\n<p><a href=\"https:\/\/i0.wp.com\/genevieveetbernardauxameriques.fr\/wp-content\/uploads\/2019\/02\/DSCN5521.jpg?ssl=1\"><img loading=\"lazy\" decoding=\"async\" data-attachment-id=\"33036\" data-permalink=\"https:\/\/genevieveetbernardauxameriques.fr\/index.php\/2019\/03\/06\/baja-californie-2-de-la-paz-a-san-ignacio-avec-edwige\/dscn5521-2\/\" data-orig-file=\"https:\/\/i0.wp.com\/genevieveetbernardauxameriques.fr\/wp-content\/uploads\/2019\/02\/DSCN5521.jpg?fit=720%2C540&amp;ssl=1\" data-orig-size=\"720,540\" data-comments-opened=\"1\" data-image-meta=\"{&quot;aperture&quot;:&quot;2.8&quot;,&quot;credit&quot;:&quot;&quot;,&quot;camera&quot;:&quot;COOLPIX P900&quot;,&quot;caption&quot;:&quot;&quot;,&quot;created_timestamp&quot;:&quot;1550058468&quot;,&quot;copyright&quot;:&quot;&quot;,&quot;focal_length&quot;:&quot;4.3&quot;,&quot;iso&quot;:&quot;100&quot;,&quot;shutter_speed&quot;:&quot;0.0025&quot;,&quot;title&quot;:&quot;&quot;,&quot;orientation&quot;:&quot;1&quot;}\" data-image-title=\"DSCN5521\" data-image-description=\"\" data-image-caption=\"\" data-medium-file=\"https:\/\/i0.wp.com\/genevieveetbernardauxameriques.fr\/wp-content\/uploads\/2019\/02\/DSCN5521.jpg?fit=300%2C225&amp;ssl=1\" data-large-file=\"https:\/\/i0.wp.com\/genevieveetbernardauxameriques.fr\/wp-content\/uploads\/2019\/02\/DSCN5521.jpg?fit=640%2C480&amp;ssl=1\" class=\"alignnone size-full wp-image-33036\" src=\"https:\/\/i0.wp.com\/genevieveetbernardauxameriques.fr\/wp-content\/uploads\/2019\/02\/DSCN5521.jpg?resize=640%2C480&#038;ssl=1\" alt=\"\" width=\"640\" height=\"480\" srcset=\"https:\/\/i0.wp.com\/genevieveetbernardauxameriques.fr\/wp-content\/uploads\/2019\/02\/DSCN5521.jpg?w=720&amp;ssl=1 720w, https:\/\/i0.wp.com\/genevieveetbernardauxameriques.fr\/wp-content\/uploads\/2019\/02\/DSCN5521.jpg?resize=300%2C225&amp;ssl=1 300w\" sizes=\"(max-width: 640px) 100vw, 640px\" data-recalc-dims=\"1\" \/><\/a><a href=\"https:\/\/i0.wp.com\/genevieveetbernardauxameriques.fr\/wp-content\/uploads\/2019\/02\/DSCN5525.jpg?ssl=1\"><img loading=\"lazy\" decoding=\"async\" data-attachment-id=\"33038\" data-permalink=\"https:\/\/genevieveetbernardauxameriques.fr\/index.php\/2019\/03\/06\/baja-californie-2-de-la-paz-a-san-ignacio-avec-edwige\/dscn5525-3\/\" data-orig-file=\"https:\/\/i0.wp.com\/genevieveetbernardauxameriques.fr\/wp-content\/uploads\/2019\/02\/DSCN5525.jpg?fit=720%2C540&amp;ssl=1\" data-orig-size=\"720,540\" data-comments-opened=\"1\" data-image-meta=\"{&quot;aperture&quot;:&quot;3.2&quot;,&quot;credit&quot;:&quot;&quot;,&quot;camera&quot;:&quot;COOLPIX P900&quot;,&quot;caption&quot;:&quot;&quot;,&quot;created_timestamp&quot;:&quot;1550058695&quot;,&quot;copyright&quot;:&quot;&quot;,&quot;focal_length&quot;:&quot;4.3&quot;,&quot;iso&quot;:&quot;100&quot;,&quot;shutter_speed&quot;:&quot;0.000625&quot;,&quot;title&quot;:&quot;&quot;,&quot;orientation&quot;:&quot;1&quot;}\" data-image-title=\"DSCN5525\" data-image-description=\"\" data-image-caption=\"\" data-medium-file=\"https:\/\/i0.wp.com\/genevieveetbernardauxameriques.fr\/wp-content\/uploads\/2019\/02\/DSCN5525.jpg?fit=300%2C225&amp;ssl=1\" data-large-file=\"https:\/\/i0.wp.com\/genevieveetbernardauxameriques.fr\/wp-content\/uploads\/2019\/02\/DSCN5525.jpg?fit=640%2C480&amp;ssl=1\" class=\"alignnone size-full wp-image-33038\" src=\"https:\/\/i0.wp.com\/genevieveetbernardauxameriques.fr\/wp-content\/uploads\/2019\/02\/DSCN5525.jpg?resize=640%2C480&#038;ssl=1\" alt=\"\" width=\"640\" height=\"480\" srcset=\"https:\/\/i0.wp.com\/genevieveetbernardauxameriques.fr\/wp-content\/uploads\/2019\/02\/DSCN5525.jpg?w=720&amp;ssl=1 720w, https:\/\/i0.wp.com\/genevieveetbernardauxameriques.fr\/wp-content\/uploads\/2019\/02\/DSCN5525.jpg?resize=300%2C225&amp;ssl=1 300w\" sizes=\"(max-width: 640px) 100vw, 640px\" data-recalc-dims=\"1\" \/><\/a><\/p>\n<div class=\"tiled-gallery type-square tiled-gallery-unresized\" data-original-width=\"640\" data-carousel-extra='{&quot;blog_id&quot;:1,&quot;permalink&quot;:&quot;https:\\\/\\\/genevieveetbernardauxameriques.fr\\\/index.php\\\/2019\\\/03\\\/06\\\/baja-californie-2-de-la-paz-a-san-ignacio-avec-edwige\\\/&quot;,&quot;likes_blog_id&quot;:107627276}' itemscope itemtype=\"http:\/\/schema.org\/ImageGallery\" > <div class=\"gallery-row\" style=\"width: 640px; height: 320px;\" data-original-width=\"640\" data-original-height=\"320\" > <div class=\"gallery-group\" style=\"width: 320px; height: 320px;\" data-original-width=\"320\" data-original-height=\"320\" > <div class=\"tiled-gallery-item \" itemprop=\"associatedMedia\" itemscope itemtype=\"http:\/\/schema.org\/ImageObject\"> <a href=\"https:\/\/genevieveetbernardauxameriques.fr\/index.php\/2019\/03\/06\/baja-californie-2-de-la-paz-a-san-ignacio-avec-edwige\/dscn5526-2\/\" border=\"0\" itemprop=\"url\"> <meta itemprop=\"width\" content=\"316\"> <meta itemprop=\"height\" content=\"316\"> <img decoding=\"async\" class=\"\" data-attachment-id=\"33039\" data-orig-file=\"https:\/\/genevieveetbernardauxameriques.fr\/wp-content\/uploads\/2019\/02\/DSCN5526.jpg\" data-orig-size=\"720,540\" data-comments-opened=\"1\" data-image-meta=\"{&quot;aperture&quot;:&quot;4&quot;,&quot;credit&quot;:&quot;&quot;,&quot;camera&quot;:&quot;COOLPIX P900&quot;,&quot;caption&quot;:&quot;&quot;,&quot;created_timestamp&quot;:&quot;1550058729&quot;,&quot;copyright&quot;:&quot;&quot;,&quot;focal_length&quot;:&quot;24.1&quot;,&quot;iso&quot;:&quot;100&quot;,&quot;shutter_speed&quot;:&quot;0.000625&quot;,&quot;title&quot;:&quot;&quot;,&quot;orientation&quot;:&quot;1&quot;}\" data-image-title=\"DSCN5526\" data-image-description=\"\" data-medium-file=\"https:\/\/i0.wp.com\/genevieveetbernardauxameriques.fr\/wp-content\/uploads\/2019\/02\/DSCN5526.jpg?fit=300%2C225&#038;ssl=1\" data-large-file=\"https:\/\/i0.wp.com\/genevieveetbernardauxameriques.fr\/wp-content\/uploads\/2019\/02\/DSCN5526.jpg?fit=640%2C480&#038;ssl=1\" src=\"https:\/\/i0.wp.com\/genevieveetbernardauxameriques.fr\/wp-content\/uploads\/2019\/02\/DSCN5526.jpg?w=316&#038;h=316&#038;crop=1&#038;ssl=1\" srcset=\"https:\/\/i0.wp.com\/genevieveetbernardauxameriques.fr\/wp-content\/uploads\/2019\/02\/DSCN5526.jpg?resize=150%2C150&amp;ssl=1 150w, https:\/\/i0.wp.com\/genevieveetbernardauxameriques.fr\/wp-content\/uploads\/2019\/02\/DSCN5526.jpg?zoom=2&amp;resize=316%2C316&amp;ssl=1 632w\" width=\"316\" height=\"316\" loading=\"lazy\" data-original-width=\"316\" data-original-height=\"316\" itemprop=\"http:\/\/schema.org\/image\" title=\"DSCN5526\" alt=\"DSCN5526\" style=\"width: 316px; height: 316px;\" \/> <\/a> <\/div> <\/div> <div class=\"gallery-group\" style=\"width: 320px; height: 320px;\" data-original-width=\"320\" data-original-height=\"320\" > <div class=\"tiled-gallery-item \" itemprop=\"associatedMedia\" itemscope itemtype=\"http:\/\/schema.org\/ImageObject\"> <a href=\"https:\/\/genevieveetbernardauxameriques.fr\/index.php\/2019\/03\/06\/baja-californie-2-de-la-paz-a-san-ignacio-avec-edwige\/dscn5527-2\/\" border=\"0\" itemprop=\"url\"> <meta itemprop=\"width\" content=\"316\"> <meta itemprop=\"height\" content=\"316\"> <img decoding=\"async\" class=\"\" data-attachment-id=\"33040\" data-orig-file=\"https:\/\/genevieveetbernardauxameriques.fr\/wp-content\/uploads\/2019\/02\/DSCN5527.jpg\" data-orig-size=\"720,540\" data-comments-opened=\"1\" data-image-meta=\"{&quot;aperture&quot;:&quot;4&quot;,&quot;credit&quot;:&quot;&quot;,&quot;camera&quot;:&quot;COOLPIX P900&quot;,&quot;caption&quot;:&quot;&quot;,&quot;created_timestamp&quot;:&quot;1550058737&quot;,&quot;copyright&quot;:&quot;&quot;,&quot;focal_length&quot;:&quot;24.1&quot;,&quot;iso&quot;:&quot;100&quot;,&quot;shutter_speed&quot;:&quot;0.002&quot;,&quot;title&quot;:&quot;&quot;,&quot;orientation&quot;:&quot;1&quot;}\" data-image-title=\"DSCN5527\" data-image-description=\"\" data-medium-file=\"https:\/\/i0.wp.com\/genevieveetbernardauxameriques.fr\/wp-content\/uploads\/2019\/02\/DSCN5527.jpg?fit=300%2C225&#038;ssl=1\" data-large-file=\"https:\/\/i0.wp.com\/genevieveetbernardauxameriques.fr\/wp-content\/uploads\/2019\/02\/DSCN5527.jpg?fit=640%2C480&#038;ssl=1\" src=\"https:\/\/i0.wp.com\/genevieveetbernardauxameriques.fr\/wp-content\/uploads\/2019\/02\/DSCN5527.jpg?w=316&#038;h=316&#038;crop=1&#038;ssl=1\" srcset=\"https:\/\/i0.wp.com\/genevieveetbernardauxameriques.fr\/wp-content\/uploads\/2019\/02\/DSCN5527.jpg?resize=150%2C150&amp;ssl=1 150w, https:\/\/i0.wp.com\/genevieveetbernardauxameriques.fr\/wp-content\/uploads\/2019\/02\/DSCN5527.jpg?zoom=2&amp;resize=316%2C316&amp;ssl=1 632w\" width=\"316\" height=\"316\" loading=\"lazy\" data-original-width=\"316\" data-original-height=\"316\" itemprop=\"http:\/\/schema.org\/image\" title=\"DSCN5527\" alt=\"DSCN5527\" style=\"width: 316px; height: 316px;\" \/> <\/a> <\/div> <\/div> <\/div> <div class=\"gallery-row\" style=\"width: 640px; height: 320px;\" data-original-width=\"640\" data-original-height=\"320\" > <div class=\"gallery-group\" style=\"width: 320px; height: 320px;\" data-original-width=\"320\" data-original-height=\"320\" > <div class=\"tiled-gallery-item \" itemprop=\"associatedMedia\" itemscope itemtype=\"http:\/\/schema.org\/ImageObject\"> <a href=\"https:\/\/genevieveetbernardauxameriques.fr\/index.php\/2019\/03\/06\/baja-californie-2-de-la-paz-a-san-ignacio-avec-edwige\/dscn5528-3\/\" border=\"0\" itemprop=\"url\"> <meta itemprop=\"width\" content=\"316\"> <meta itemprop=\"height\" content=\"316\"> <img decoding=\"async\" class=\"\" data-attachment-id=\"33041\" data-orig-file=\"https:\/\/genevieveetbernardauxameriques.fr\/wp-content\/uploads\/2019\/02\/DSCN5528.jpg\" data-orig-size=\"720,540\" data-comments-opened=\"1\" data-image-meta=\"{&quot;aperture&quot;:&quot;4&quot;,&quot;credit&quot;:&quot;&quot;,&quot;camera&quot;:&quot;COOLPIX P900&quot;,&quot;caption&quot;:&quot;&quot;,&quot;created_timestamp&quot;:&quot;1550058754&quot;,&quot;copyright&quot;:&quot;&quot;,&quot;focal_length&quot;:&quot;24.1&quot;,&quot;iso&quot;:&quot;100&quot;,&quot;shutter_speed&quot;:&quot;0.0025&quot;,&quot;title&quot;:&quot;&quot;,&quot;orientation&quot;:&quot;1&quot;}\" data-image-title=\"DSCN5528\" data-image-description=\"\" data-medium-file=\"https:\/\/i0.wp.com\/genevieveetbernardauxameriques.fr\/wp-content\/uploads\/2019\/02\/DSCN5528.jpg?fit=300%2C225&#038;ssl=1\" data-large-file=\"https:\/\/i0.wp.com\/genevieveetbernardauxameriques.fr\/wp-content\/uploads\/2019\/02\/DSCN5528.jpg?fit=640%2C480&#038;ssl=1\" src=\"https:\/\/i0.wp.com\/genevieveetbernardauxameriques.fr\/wp-content\/uploads\/2019\/02\/DSCN5528.jpg?w=316&#038;h=316&#038;crop=1&#038;ssl=1\" srcset=\"https:\/\/i0.wp.com\/genevieveetbernardauxameriques.fr\/wp-content\/uploads\/2019\/02\/DSCN5528.jpg?resize=150%2C150&amp;ssl=1 150w, https:\/\/i0.wp.com\/genevieveetbernardauxameriques.fr\/wp-content\/uploads\/2019\/02\/DSCN5528.jpg?zoom=2&amp;resize=316%2C316&amp;ssl=1 632w\" width=\"316\" height=\"316\" loading=\"lazy\" data-original-width=\"316\" data-original-height=\"316\" itemprop=\"http:\/\/schema.org\/image\" title=\"DSCN5528\" alt=\"DSCN5528\" style=\"width: 316px; height: 316px;\" \/> <\/a> <\/div> <\/div> <div class=\"gallery-group\" style=\"width: 320px; height: 320px;\" data-original-width=\"320\" data-original-height=\"320\" > <div class=\"tiled-gallery-item \" itemprop=\"associatedMedia\" itemscope itemtype=\"http:\/\/schema.org\/ImageObject\"> <a href=\"https:\/\/genevieveetbernardauxameriques.fr\/index.php\/2019\/03\/06\/baja-californie-2-de-la-paz-a-san-ignacio-avec-edwige\/dscn5529-3\/\" border=\"0\" itemprop=\"url\"> <meta itemprop=\"width\" content=\"316\"> <meta itemprop=\"height\" content=\"316\"> <img decoding=\"async\" class=\"\" data-attachment-id=\"33042\" data-orig-file=\"https:\/\/genevieveetbernardauxameriques.fr\/wp-content\/uploads\/2019\/02\/DSCN5529.jpg\" data-orig-size=\"720,540\" data-comments-opened=\"1\" data-image-meta=\"{&quot;aperture&quot;:&quot;4&quot;,&quot;credit&quot;:&quot;&quot;,&quot;camera&quot;:&quot;COOLPIX P900&quot;,&quot;caption&quot;:&quot;&quot;,&quot;created_timestamp&quot;:&quot;1550058762&quot;,&quot;copyright&quot;:&quot;&quot;,&quot;focal_length&quot;:&quot;24.1&quot;,&quot;iso&quot;:&quot;100&quot;,&quot;shutter_speed&quot;:&quot;0.00125&quot;,&quot;title&quot;:&quot;&quot;,&quot;orientation&quot;:&quot;1&quot;}\" data-image-title=\"DSCN5529\" data-image-description=\"\" data-medium-file=\"https:\/\/i0.wp.com\/genevieveetbernardauxameriques.fr\/wp-content\/uploads\/2019\/02\/DSCN5529.jpg?fit=300%2C225&#038;ssl=1\" data-large-file=\"https:\/\/i0.wp.com\/genevieveetbernardauxameriques.fr\/wp-content\/uploads\/2019\/02\/DSCN5529.jpg?fit=640%2C480&#038;ssl=1\" src=\"https:\/\/i0.wp.com\/genevieveetbernardauxameriques.fr\/wp-content\/uploads\/2019\/02\/DSCN5529.jpg?w=316&#038;h=316&#038;crop=1&#038;ssl=1\" srcset=\"https:\/\/i0.wp.com\/genevieveetbernardauxameriques.fr\/wp-content\/uploads\/2019\/02\/DSCN5529.jpg?resize=150%2C150&amp;ssl=1 150w, https:\/\/i0.wp.com\/genevieveetbernardauxameriques.fr\/wp-content\/uploads\/2019\/02\/DSCN5529.jpg?zoom=2&amp;resize=316%2C316&amp;ssl=1 632w\" width=\"316\" height=\"316\" loading=\"lazy\" data-original-width=\"316\" data-original-height=\"316\" itemprop=\"http:\/\/schema.org\/image\" title=\"DSCN5529\" alt=\"DSCN5529\" style=\"width: 316px; height: 316px;\" \/> <\/a> <\/div> <\/div> <\/div> <div class=\"gallery-row\" style=\"width: 640px; height: 320px;\" data-original-width=\"640\" data-original-height=\"320\" > <div class=\"gallery-group\" style=\"width: 320px; height: 320px;\" data-original-width=\"320\" data-original-height=\"320\" > <div class=\"tiled-gallery-item \" itemprop=\"associatedMedia\" itemscope itemtype=\"http:\/\/schema.org\/ImageObject\"> <a href=\"https:\/\/genevieveetbernardauxameriques.fr\/index.php\/2019\/03\/06\/baja-californie-2-de-la-paz-a-san-ignacio-avec-edwige\/dscn5532-2\/\" border=\"0\" itemprop=\"url\"> <meta itemprop=\"width\" content=\"316\"> <meta itemprop=\"height\" content=\"316\"> <img decoding=\"async\" class=\"\" data-attachment-id=\"33043\" data-orig-file=\"https:\/\/genevieveetbernardauxameriques.fr\/wp-content\/uploads\/2019\/02\/DSCN5532.jpg\" data-orig-size=\"720,540\" data-comments-opened=\"1\" data-image-meta=\"{&quot;aperture&quot;:&quot;4.5&quot;,&quot;credit&quot;:&quot;&quot;,&quot;camera&quot;:&quot;COOLPIX P900&quot;,&quot;caption&quot;:&quot;&quot;,&quot;created_timestamp&quot;:&quot;1550058797&quot;,&quot;copyright&quot;:&quot;&quot;,&quot;focal_length&quot;:&quot;33&quot;,&quot;iso&quot;:&quot;100&quot;,&quot;shutter_speed&quot;:&quot;0.0015625&quot;,&quot;title&quot;:&quot;&quot;,&quot;orientation&quot;:&quot;1&quot;}\" data-image-title=\"DSCN5532\" data-image-description=\"\" data-medium-file=\"https:\/\/i0.wp.com\/genevieveetbernardauxameriques.fr\/wp-content\/uploads\/2019\/02\/DSCN5532.jpg?fit=300%2C225&#038;ssl=1\" data-large-file=\"https:\/\/i0.wp.com\/genevieveetbernardauxameriques.fr\/wp-content\/uploads\/2019\/02\/DSCN5532.jpg?fit=640%2C480&#038;ssl=1\" src=\"https:\/\/i0.wp.com\/genevieveetbernardauxameriques.fr\/wp-content\/uploads\/2019\/02\/DSCN5532.jpg?w=316&#038;h=316&#038;crop=1&#038;ssl=1\" srcset=\"https:\/\/i0.wp.com\/genevieveetbernardauxameriques.fr\/wp-content\/uploads\/2019\/02\/DSCN5532.jpg?resize=150%2C150&amp;ssl=1 150w, https:\/\/i0.wp.com\/genevieveetbernardauxameriques.fr\/wp-content\/uploads\/2019\/02\/DSCN5532.jpg?zoom=2&amp;resize=316%2C316&amp;ssl=1 632w\" width=\"316\" height=\"316\" loading=\"lazy\" data-original-width=\"316\" data-original-height=\"316\" itemprop=\"http:\/\/schema.org\/image\" title=\"DSCN5532\" alt=\"DSCN5532\" style=\"width: 316px; height: 316px;\" \/> <\/a> <\/div> <\/div> <div class=\"gallery-group\" style=\"width: 320px; height: 320px;\" data-original-width=\"320\" data-original-height=\"320\" > <div class=\"tiled-gallery-item \" itemprop=\"associatedMedia\" itemscope itemtype=\"http:\/\/schema.org\/ImageObject\"> <a href=\"https:\/\/genevieveetbernardauxameriques.fr\/index.php\/2019\/03\/06\/baja-californie-2-de-la-paz-a-san-ignacio-avec-edwige\/dscn5533-2\/\" border=\"0\" itemprop=\"url\"> <meta itemprop=\"width\" content=\"316\"> <meta itemprop=\"height\" content=\"316\"> <img decoding=\"async\" class=\"\" data-attachment-id=\"33044\" data-orig-file=\"https:\/\/genevieveetbernardauxameriques.fr\/wp-content\/uploads\/2019\/02\/DSCN5533.jpg\" data-orig-size=\"720,540\" data-comments-opened=\"1\" data-image-meta=\"{&quot;aperture&quot;:&quot;4.5&quot;,&quot;credit&quot;:&quot;&quot;,&quot;camera&quot;:&quot;COOLPIX P900&quot;,&quot;caption&quot;:&quot;&quot;,&quot;created_timestamp&quot;:&quot;1550058805&quot;,&quot;copyright&quot;:&quot;&quot;,&quot;focal_length&quot;:&quot;33&quot;,&quot;iso&quot;:&quot;100&quot;,&quot;shutter_speed&quot;:&quot;0.0015625&quot;,&quot;title&quot;:&quot;&quot;,&quot;orientation&quot;:&quot;1&quot;}\" data-image-title=\"DSCN5533\" data-image-description=\"\" data-medium-file=\"https:\/\/i0.wp.com\/genevieveetbernardauxameriques.fr\/wp-content\/uploads\/2019\/02\/DSCN5533.jpg?fit=300%2C225&#038;ssl=1\" data-large-file=\"https:\/\/i0.wp.com\/genevieveetbernardauxameriques.fr\/wp-content\/uploads\/2019\/02\/DSCN5533.jpg?fit=640%2C480&#038;ssl=1\" src=\"https:\/\/i0.wp.com\/genevieveetbernardauxameriques.fr\/wp-content\/uploads\/2019\/02\/DSCN5533.jpg?w=316&#038;h=316&#038;crop=1&#038;ssl=1\" srcset=\"https:\/\/i0.wp.com\/genevieveetbernardauxameriques.fr\/wp-content\/uploads\/2019\/02\/DSCN5533.jpg?resize=150%2C150&amp;ssl=1 150w, https:\/\/i0.wp.com\/genevieveetbernardauxameriques.fr\/wp-content\/uploads\/2019\/02\/DSCN5533.jpg?zoom=2&amp;resize=316%2C316&amp;ssl=1 632w\" width=\"316\" height=\"316\" loading=\"lazy\" data-original-width=\"316\" data-original-height=\"316\" itemprop=\"http:\/\/schema.org\/image\" title=\"DSCN5533\" alt=\"DSCN5533\" style=\"width: 316px; height: 316px;\" \/> <\/a> <\/div> <\/div> <\/div> <div class=\"gallery-row\" style=\"width: 640px; height: 320px;\" data-original-width=\"640\" data-original-height=\"320\" > <div class=\"gallery-group\" style=\"width: 320px; height: 320px;\" data-original-width=\"320\" data-original-height=\"320\" > <div class=\"tiled-gallery-item \" itemprop=\"associatedMedia\" itemscope itemtype=\"http:\/\/schema.org\/ImageObject\"> <a href=\"https:\/\/genevieveetbernardauxameriques.fr\/index.php\/2019\/03\/06\/baja-californie-2-de-la-paz-a-san-ignacio-avec-edwige\/dscn5535\/\" border=\"0\" itemprop=\"url\"> <meta itemprop=\"width\" content=\"316\"> <meta itemprop=\"height\" content=\"316\"> <img decoding=\"async\" class=\"\" data-attachment-id=\"33045\" data-orig-file=\"https:\/\/genevieveetbernardauxameriques.fr\/wp-content\/uploads\/2019\/02\/DSCN5535.jpg\" data-orig-size=\"720,540\" data-comments-opened=\"1\" data-image-meta=\"{&quot;aperture&quot;:&quot;4.5&quot;,&quot;credit&quot;:&quot;&quot;,&quot;camera&quot;:&quot;COOLPIX P900&quot;,&quot;caption&quot;:&quot;&quot;,&quot;created_timestamp&quot;:&quot;1550058838&quot;,&quot;copyright&quot;:&quot;&quot;,&quot;focal_length&quot;:&quot;33&quot;,&quot;iso&quot;:&quot;100&quot;,&quot;shutter_speed&quot;:&quot;0.002&quot;,&quot;title&quot;:&quot;&quot;,&quot;orientation&quot;:&quot;1&quot;}\" data-image-title=\"DSCN5535\" data-image-description=\"\" data-medium-file=\"https:\/\/i0.wp.com\/genevieveetbernardauxameriques.fr\/wp-content\/uploads\/2019\/02\/DSCN5535.jpg?fit=300%2C225&#038;ssl=1\" data-large-file=\"https:\/\/i0.wp.com\/genevieveetbernardauxameriques.fr\/wp-content\/uploads\/2019\/02\/DSCN5535.jpg?fit=640%2C480&#038;ssl=1\" src=\"https:\/\/i0.wp.com\/genevieveetbernardauxameriques.fr\/wp-content\/uploads\/2019\/02\/DSCN5535.jpg?w=316&#038;h=316&#038;crop=1&#038;ssl=1\" srcset=\"https:\/\/i0.wp.com\/genevieveetbernardauxameriques.fr\/wp-content\/uploads\/2019\/02\/DSCN5535.jpg?resize=150%2C150&amp;ssl=1 150w, https:\/\/i0.wp.com\/genevieveetbernardauxameriques.fr\/wp-content\/uploads\/2019\/02\/DSCN5535.jpg?zoom=2&amp;resize=316%2C316&amp;ssl=1 632w\" width=\"316\" height=\"316\" loading=\"lazy\" data-original-width=\"316\" data-original-height=\"316\" itemprop=\"http:\/\/schema.org\/image\" title=\"DSCN5535\" alt=\"DSCN5535\" style=\"width: 316px; height: 316px;\" \/> <\/a> <\/div> <\/div> <div class=\"gallery-group\" style=\"width: 320px; height: 320px;\" data-original-width=\"320\" data-original-height=\"320\" > <div class=\"tiled-gallery-item \" itemprop=\"associatedMedia\" itemscope itemtype=\"http:\/\/schema.org\/ImageObject\"> <a href=\"https:\/\/genevieveetbernardauxameriques.fr\/index.php\/2019\/03\/06\/baja-californie-2-de-la-paz-a-san-ignacio-avec-edwige\/dscn5536-2\/\" border=\"0\" itemprop=\"url\"> <meta itemprop=\"width\" content=\"316\"> <meta itemprop=\"height\" content=\"316\"> <img decoding=\"async\" class=\"\" data-attachment-id=\"33046\" data-orig-file=\"https:\/\/genevieveetbernardauxameriques.fr\/wp-content\/uploads\/2019\/02\/DSCN5536.jpg\" data-orig-size=\"720,540\" data-comments-opened=\"1\" data-image-meta=\"{&quot;aperture&quot;:&quot;3.5&quot;,&quot;credit&quot;:&quot;&quot;,&quot;camera&quot;:&quot;COOLPIX P900&quot;,&quot;caption&quot;:&quot;&quot;,&quot;created_timestamp&quot;:&quot;1550058917&quot;,&quot;copyright&quot;:&quot;&quot;,&quot;focal_length&quot;:&quot;6.2&quot;,&quot;iso&quot;:&quot;100&quot;,&quot;shutter_speed&quot;:&quot;0.000625&quot;,&quot;title&quot;:&quot;&quot;,&quot;orientation&quot;:&quot;1&quot;}\" data-image-title=\"DSCN5536\" data-image-description=\"\" data-medium-file=\"https:\/\/i0.wp.com\/genevieveetbernardauxameriques.fr\/wp-content\/uploads\/2019\/02\/DSCN5536.jpg?fit=300%2C225&#038;ssl=1\" data-large-file=\"https:\/\/i0.wp.com\/genevieveetbernardauxameriques.fr\/wp-content\/uploads\/2019\/02\/DSCN5536.jpg?fit=640%2C480&#038;ssl=1\" src=\"https:\/\/i0.wp.com\/genevieveetbernardauxameriques.fr\/wp-content\/uploads\/2019\/02\/DSCN5536.jpg?w=316&#038;h=316&#038;crop=1&#038;ssl=1\" srcset=\"https:\/\/i0.wp.com\/genevieveetbernardauxameriques.fr\/wp-content\/uploads\/2019\/02\/DSCN5536.jpg?resize=150%2C150&amp;ssl=1 150w, https:\/\/i0.wp.com\/genevieveetbernardauxameriques.fr\/wp-content\/uploads\/2019\/02\/DSCN5536.jpg?zoom=2&amp;resize=316%2C316&amp;ssl=1 632w\" width=\"316\" height=\"316\" loading=\"lazy\" data-original-width=\"316\" data-original-height=\"316\" itemprop=\"http:\/\/schema.org\/image\" title=\"DSCN5536\" alt=\"DSCN5536\" style=\"width: 316px; height: 316px;\" \/> <\/a> <\/div> <\/div> <\/div> <div class=\"gallery-row\" style=\"width: 640px; height: 320px;\" data-original-width=\"640\" data-original-height=\"320\" > <div class=\"gallery-group\" style=\"width: 320px; height: 320px;\" data-original-width=\"320\" data-original-height=\"320\" > <div class=\"tiled-gallery-item \" itemprop=\"associatedMedia\" itemscope itemtype=\"http:\/\/schema.org\/ImageObject\"> <a href=\"https:\/\/genevieveetbernardauxameriques.fr\/index.php\/2019\/03\/06\/baja-californie-2-de-la-paz-a-san-ignacio-avec-edwige\/dscn5537\/\" border=\"0\" itemprop=\"url\"> <meta itemprop=\"width\" content=\"316\"> <meta itemprop=\"height\" content=\"316\"> <img decoding=\"async\" class=\"\" data-attachment-id=\"33047\" data-orig-file=\"https:\/\/genevieveetbernardauxameriques.fr\/wp-content\/uploads\/2019\/02\/DSCN5537.jpg\" data-orig-size=\"720,540\" data-comments-opened=\"1\" data-image-meta=\"{&quot;aperture&quot;:&quot;4&quot;,&quot;credit&quot;:&quot;&quot;,&quot;camera&quot;:&quot;COOLPIX P900&quot;,&quot;caption&quot;:&quot;&quot;,&quot;created_timestamp&quot;:&quot;1550058926&quot;,&quot;copyright&quot;:&quot;&quot;,&quot;focal_length&quot;:&quot;15.2&quot;,&quot;iso&quot;:&quot;100&quot;,&quot;shutter_speed&quot;:&quot;0.000625&quot;,&quot;title&quot;:&quot;&quot;,&quot;orientation&quot;:&quot;1&quot;}\" data-image-title=\"DSCN5537\" data-image-description=\"\" data-medium-file=\"https:\/\/i0.wp.com\/genevieveetbernardauxameriques.fr\/wp-content\/uploads\/2019\/02\/DSCN5537.jpg?fit=300%2C225&#038;ssl=1\" data-large-file=\"https:\/\/i0.wp.com\/genevieveetbernardauxameriques.fr\/wp-content\/uploads\/2019\/02\/DSCN5537.jpg?fit=640%2C480&#038;ssl=1\" src=\"https:\/\/i0.wp.com\/genevieveetbernardauxameriques.fr\/wp-content\/uploads\/2019\/02\/DSCN5537.jpg?w=316&#038;h=316&#038;crop=1&#038;ssl=1\" srcset=\"https:\/\/i0.wp.com\/genevieveetbernardauxameriques.fr\/wp-content\/uploads\/2019\/02\/DSCN5537.jpg?resize=150%2C150&amp;ssl=1 150w, https:\/\/i0.wp.com\/genevieveetbernardauxameriques.fr\/wp-content\/uploads\/2019\/02\/DSCN5537.jpg?zoom=2&amp;resize=316%2C316&amp;ssl=1 632w\" width=\"316\" height=\"316\" loading=\"lazy\" data-original-width=\"316\" data-original-height=\"316\" itemprop=\"http:\/\/schema.org\/image\" title=\"DSCN5537\" alt=\"DSCN5537\" style=\"width: 316px; height: 316px;\" \/> <\/a> <\/div> <\/div> <div class=\"gallery-group\" style=\"width: 320px; height: 320px;\" data-original-width=\"320\" data-original-height=\"320\" > <div class=\"tiled-gallery-item \" itemprop=\"associatedMedia\" itemscope itemtype=\"http:\/\/schema.org\/ImageObject\"> <a href=\"https:\/\/genevieveetbernardauxameriques.fr\/index.php\/2019\/03\/06\/baja-californie-2-de-la-paz-a-san-ignacio-avec-edwige\/dscn5539-2\/\" border=\"0\" itemprop=\"url\"> <meta itemprop=\"width\" content=\"316\"> <meta itemprop=\"height\" content=\"316\"> <img decoding=\"async\" class=\"\" data-attachment-id=\"33048\" data-orig-file=\"https:\/\/genevieveetbernardauxameriques.fr\/wp-content\/uploads\/2019\/02\/DSCN5539.jpg\" data-orig-size=\"720,540\" data-comments-opened=\"1\" data-image-meta=\"{&quot;aperture&quot;:&quot;4&quot;,&quot;credit&quot;:&quot;&quot;,&quot;camera&quot;:&quot;COOLPIX P900&quot;,&quot;caption&quot;:&quot;&quot;,&quot;created_timestamp&quot;:&quot;1550058936&quot;,&quot;copyright&quot;:&quot;&quot;,&quot;focal_length&quot;:&quot;24.1&quot;,&quot;iso&quot;:&quot;100&quot;,&quot;shutter_speed&quot;:&quot;0.0025&quot;,&quot;title&quot;:&quot;&quot;,&quot;orientation&quot;:&quot;1&quot;}\" data-image-title=\"DSCN5539\" data-image-description=\"\" data-medium-file=\"https:\/\/i0.wp.com\/genevieveetbernardauxameriques.fr\/wp-content\/uploads\/2019\/02\/DSCN5539.jpg?fit=300%2C225&#038;ssl=1\" data-large-file=\"https:\/\/i0.wp.com\/genevieveetbernardauxameriques.fr\/wp-content\/uploads\/2019\/02\/DSCN5539.jpg?fit=640%2C480&#038;ssl=1\" src=\"https:\/\/i0.wp.com\/genevieveetbernardauxameriques.fr\/wp-content\/uploads\/2019\/02\/DSCN5539.jpg?w=316&#038;h=316&#038;crop=1&#038;ssl=1\" srcset=\"https:\/\/i0.wp.com\/genevieveetbernardauxameriques.fr\/wp-content\/uploads\/2019\/02\/DSCN5539.jpg?resize=150%2C150&amp;ssl=1 150w, https:\/\/i0.wp.com\/genevieveetbernardauxameriques.fr\/wp-content\/uploads\/2019\/02\/DSCN5539.jpg?zoom=2&amp;resize=316%2C316&amp;ssl=1 632w\" width=\"316\" height=\"316\" loading=\"lazy\" data-original-width=\"316\" data-original-height=\"316\" itemprop=\"http:\/\/schema.org\/image\" title=\"DSCN5539\" alt=\"DSCN5539\" style=\"width: 316px; height: 316px;\" \/> <\/a> <\/div> <\/div> <\/div> <div class=\"gallery-row\" style=\"width: 640px; height: 320px;\" data-original-width=\"640\" data-original-height=\"320\" > <div class=\"gallery-group\" style=\"width: 320px; height: 320px;\" data-original-width=\"320\" data-original-height=\"320\" > <div class=\"tiled-gallery-item \" itemprop=\"associatedMedia\" itemscope itemtype=\"http:\/\/schema.org\/ImageObject\"> <a href=\"https:\/\/genevieveetbernardauxameriques.fr\/index.php\/2019\/03\/06\/baja-californie-2-de-la-paz-a-san-ignacio-avec-edwige\/dscn5540-2\/\" border=\"0\" itemprop=\"url\"> <meta itemprop=\"width\" content=\"316\"> <meta itemprop=\"height\" content=\"316\"> <img decoding=\"async\" class=\"\" data-attachment-id=\"33049\" data-orig-file=\"https:\/\/genevieveetbernardauxameriques.fr\/wp-content\/uploads\/2019\/02\/DSCN5540.jpg\" data-orig-size=\"720,540\" data-comments-opened=\"1\" data-image-meta=\"{&quot;aperture&quot;:&quot;3.2&quot;,&quot;credit&quot;:&quot;&quot;,&quot;camera&quot;:&quot;COOLPIX P900&quot;,&quot;caption&quot;:&quot;&quot;,&quot;created_timestamp&quot;:&quot;1550058947&quot;,&quot;copyright&quot;:&quot;&quot;,&quot;focal_length&quot;:&quot;5.4&quot;,&quot;iso&quot;:&quot;100&quot;,&quot;shutter_speed&quot;:&quot;0.00125&quot;,&quot;title&quot;:&quot;&quot;,&quot;orientation&quot;:&quot;1&quot;}\" data-image-title=\"DSCN5540\" data-image-description=\"\" data-medium-file=\"https:\/\/i0.wp.com\/genevieveetbernardauxameriques.fr\/wp-content\/uploads\/2019\/02\/DSCN5540.jpg?fit=300%2C225&#038;ssl=1\" data-large-file=\"https:\/\/i0.wp.com\/genevieveetbernardauxameriques.fr\/wp-content\/uploads\/2019\/02\/DSCN5540.jpg?fit=640%2C480&#038;ssl=1\" src=\"https:\/\/i0.wp.com\/genevieveetbernardauxameriques.fr\/wp-content\/uploads\/2019\/02\/DSCN5540.jpg?w=316&#038;h=316&#038;crop=1&#038;ssl=1\" srcset=\"https:\/\/i0.wp.com\/genevieveetbernardauxameriques.fr\/wp-content\/uploads\/2019\/02\/DSCN5540.jpg?resize=150%2C150&amp;ssl=1 150w, https:\/\/i0.wp.com\/genevieveetbernardauxameriques.fr\/wp-content\/uploads\/2019\/02\/DSCN5540.jpg?zoom=2&amp;resize=316%2C316&amp;ssl=1 632w\" width=\"316\" height=\"316\" loading=\"lazy\" data-original-width=\"316\" data-original-height=\"316\" itemprop=\"http:\/\/schema.org\/image\" title=\"DSCN5540\" alt=\"DSCN5540\" style=\"width: 316px; height: 316px;\" \/> <\/a> <\/div> <\/div> <div class=\"gallery-group\" style=\"width: 320px; height: 320px;\" data-original-width=\"320\" data-original-height=\"320\" > <div class=\"tiled-gallery-item \" itemprop=\"associatedMedia\" itemscope itemtype=\"http:\/\/schema.org\/ImageObject\"> <a href=\"https:\/\/genevieveetbernardauxameriques.fr\/index.php\/2019\/03\/06\/baja-californie-2-de-la-paz-a-san-ignacio-avec-edwige\/dscn5541-2\/\" border=\"0\" itemprop=\"url\"> <meta itemprop=\"width\" content=\"316\"> <meta itemprop=\"height\" content=\"316\"> <img decoding=\"async\" class=\"\" data-attachment-id=\"33050\" data-orig-file=\"https:\/\/genevieveetbernardauxameriques.fr\/wp-content\/uploads\/2019\/02\/DSCN5541.jpg\" data-orig-size=\"720,540\" data-comments-opened=\"1\" data-image-meta=\"{&quot;aperture&quot;:&quot;3.5&quot;,&quot;credit&quot;:&quot;&quot;,&quot;camera&quot;:&quot;COOLPIX P900&quot;,&quot;caption&quot;:&quot;&quot;,&quot;created_timestamp&quot;:&quot;1550058963&quot;,&quot;copyright&quot;:&quot;&quot;,&quot;focal_length&quot;:&quot;10.7&quot;,&quot;iso&quot;:&quot;100&quot;,&quot;shutter_speed&quot;:&quot;0.001&quot;,&quot;title&quot;:&quot;&quot;,&quot;orientation&quot;:&quot;1&quot;}\" data-image-title=\"DSCN5541\" data-image-description=\"\" data-medium-file=\"https:\/\/i0.wp.com\/genevieveetbernardauxameriques.fr\/wp-content\/uploads\/2019\/02\/DSCN5541.jpg?fit=300%2C225&#038;ssl=1\" data-large-file=\"https:\/\/i0.wp.com\/genevieveetbernardauxameriques.fr\/wp-content\/uploads\/2019\/02\/DSCN5541.jpg?fit=640%2C480&#038;ssl=1\" src=\"https:\/\/i0.wp.com\/genevieveetbernardauxameriques.fr\/wp-content\/uploads\/2019\/02\/DSCN5541.jpg?w=316&#038;h=316&#038;crop=1&#038;ssl=1\" srcset=\"https:\/\/i0.wp.com\/genevieveetbernardauxameriques.fr\/wp-content\/uploads\/2019\/02\/DSCN5541.jpg?resize=150%2C150&amp;ssl=1 150w, https:\/\/i0.wp.com\/genevieveetbernardauxameriques.fr\/wp-content\/uploads\/2019\/02\/DSCN5541.jpg?zoom=2&amp;resize=316%2C316&amp;ssl=1 632w\" width=\"316\" height=\"316\" loading=\"lazy\" data-original-width=\"316\" data-original-height=\"316\" itemprop=\"http:\/\/schema.org\/image\" title=\"DSCN5541\" alt=\"DSCN5541\" style=\"width: 316px; height: 316px;\" \/> <\/a> <\/div> <\/div> <\/div> <\/div>\n<p><a href=\"https:\/\/i0.wp.com\/genevieveetbernardauxameriques.fr\/wp-content\/uploads\/2019\/02\/DSCN5538.jpg?ssl=1\"><img loading=\"lazy\" decoding=\"async\" data-attachment-id=\"33060\" data-permalink=\"https:\/\/genevieveetbernardauxameriques.fr\/index.php\/2019\/03\/06\/baja-californie-2-de-la-paz-a-san-ignacio-avec-edwige\/dscn5538-3\/\" data-orig-file=\"https:\/\/i0.wp.com\/genevieveetbernardauxameriques.fr\/wp-content\/uploads\/2019\/02\/DSCN5538.jpg?fit=720%2C540&amp;ssl=1\" data-orig-size=\"720,540\" data-comments-opened=\"1\" data-image-meta=\"{&quot;aperture&quot;:&quot;4&quot;,&quot;credit&quot;:&quot;&quot;,&quot;camera&quot;:&quot;COOLPIX P900&quot;,&quot;caption&quot;:&quot;&quot;,&quot;created_timestamp&quot;:&quot;1550058931&quot;,&quot;copyright&quot;:&quot;&quot;,&quot;focal_length&quot;:&quot;15.2&quot;,&quot;iso&quot;:&quot;100&quot;,&quot;shutter_speed&quot;:&quot;0.001&quot;,&quot;title&quot;:&quot;&quot;,&quot;orientation&quot;:&quot;1&quot;}\" data-image-title=\"DSCN5538\" data-image-description=\"\" data-image-caption=\"\" data-medium-file=\"https:\/\/i0.wp.com\/genevieveetbernardauxameriques.fr\/wp-content\/uploads\/2019\/02\/DSCN5538.jpg?fit=300%2C225&amp;ssl=1\" data-large-file=\"https:\/\/i0.wp.com\/genevieveetbernardauxameriques.fr\/wp-content\/uploads\/2019\/02\/DSCN5538.jpg?fit=640%2C480&amp;ssl=1\" class=\"alignnone size-full wp-image-33060\" src=\"https:\/\/i0.wp.com\/genevieveetbernardauxameriques.fr\/wp-content\/uploads\/2019\/02\/DSCN5538.jpg?resize=640%2C480&#038;ssl=1\" alt=\"\" width=\"640\" height=\"480\" srcset=\"https:\/\/i0.wp.com\/genevieveetbernardauxameriques.fr\/wp-content\/uploads\/2019\/02\/DSCN5538.jpg?w=720&amp;ssl=1 720w, https:\/\/i0.wp.com\/genevieveetbernardauxameriques.fr\/wp-content\/uploads\/2019\/02\/DSCN5538.jpg?resize=300%2C225&amp;ssl=1 300w\" sizes=\"(max-width: 640px) 100vw, 640px\" data-recalc-dims=\"1\" \/><\/a><a href=\"https:\/\/i0.wp.com\/genevieveetbernardauxameriques.fr\/wp-content\/uploads\/2019\/02\/DSCN5547.jpg?ssl=1\"><img loading=\"lazy\" decoding=\"async\" data-attachment-id=\"33051\" data-permalink=\"https:\/\/genevieveetbernardauxameriques.fr\/index.php\/2019\/03\/06\/baja-californie-2-de-la-paz-a-san-ignacio-avec-edwige\/dscn5547-3\/\" data-orig-file=\"https:\/\/i0.wp.com\/genevieveetbernardauxameriques.fr\/wp-content\/uploads\/2019\/02\/DSCN5547.jpg?fit=720%2C540&amp;ssl=1\" data-orig-size=\"720,540\" data-comments-opened=\"1\" data-image-meta=\"{&quot;aperture&quot;:&quot;4&quot;,&quot;credit&quot;:&quot;&quot;,&quot;camera&quot;:&quot;COOLPIX P900&quot;,&quot;caption&quot;:&quot;&quot;,&quot;created_timestamp&quot;:&quot;1550059062&quot;,&quot;copyright&quot;:&quot;&quot;,&quot;focal_length&quot;:&quot;15.2&quot;,&quot;iso&quot;:&quot;100&quot;,&quot;shutter_speed&quot;:&quot;0.001&quot;,&quot;title&quot;:&quot;&quot;,&quot;orientation&quot;:&quot;1&quot;}\" data-image-title=\"DSCN5547\" data-image-description=\"\" data-image-caption=\"\" data-medium-file=\"https:\/\/i0.wp.com\/genevieveetbernardauxameriques.fr\/wp-content\/uploads\/2019\/02\/DSCN5547.jpg?fit=300%2C225&amp;ssl=1\" data-large-file=\"https:\/\/i0.wp.com\/genevieveetbernardauxameriques.fr\/wp-content\/uploads\/2019\/02\/DSCN5547.jpg?fit=640%2C480&amp;ssl=1\" class=\"alignnone size-full wp-image-33051\" src=\"https:\/\/i0.wp.com\/genevieveetbernardauxameriques.fr\/wp-content\/uploads\/2019\/02\/DSCN5547.jpg?resize=640%2C480&#038;ssl=1\" alt=\"\" width=\"640\" height=\"480\" srcset=\"https:\/\/i0.wp.com\/genevieveetbernardauxameriques.fr\/wp-content\/uploads\/2019\/02\/DSCN5547.jpg?w=720&amp;ssl=1 720w, https:\/\/i0.wp.com\/genevieveetbernardauxameriques.fr\/wp-content\/uploads\/2019\/02\/DSCN5547.jpg?resize=300%2C225&amp;ssl=1 300w\" sizes=\"(max-width: 640px) 100vw, 640px\" data-recalc-dims=\"1\" \/><\/a><a href=\"https:\/\/i0.wp.com\/genevieveetbernardauxameriques.fr\/wp-content\/uploads\/2019\/02\/DSCN5557.jpg?ssl=1\"><img loading=\"lazy\" decoding=\"async\" data-attachment-id=\"33062\" data-permalink=\"https:\/\/genevieveetbernardauxameriques.fr\/index.php\/2019\/03\/06\/baja-californie-2-de-la-paz-a-san-ignacio-avec-edwige\/dscn5557-2\/\" data-orig-file=\"https:\/\/i0.wp.com\/genevieveetbernardauxameriques.fr\/wp-content\/uploads\/2019\/02\/DSCN5557.jpg?fit=720%2C540&amp;ssl=1\" data-orig-size=\"720,540\" data-comments-opened=\"1\" data-image-meta=\"{&quot;aperture&quot;:&quot;4&quot;,&quot;credit&quot;:&quot;&quot;,&quot;camera&quot;:&quot;COOLPIX P900&quot;,&quot;caption&quot;:&quot;&quot;,&quot;created_timestamp&quot;:&quot;1550059536&quot;,&quot;copyright&quot;:&quot;&quot;,&quot;focal_length&quot;:&quot;22.3&quot;,&quot;iso&quot;:&quot;100&quot;,&quot;shutter_speed&quot;:&quot;0.0008&quot;,&quot;title&quot;:&quot;&quot;,&quot;orientation&quot;:&quot;1&quot;}\" data-image-title=\"DSCN5557\" data-image-description=\"\" data-image-caption=\"\" data-medium-file=\"https:\/\/i0.wp.com\/genevieveetbernardauxameriques.fr\/wp-content\/uploads\/2019\/02\/DSCN5557.jpg?fit=300%2C225&amp;ssl=1\" data-large-file=\"https:\/\/i0.wp.com\/genevieveetbernardauxameriques.fr\/wp-content\/uploads\/2019\/02\/DSCN5557.jpg?fit=640%2C480&amp;ssl=1\" class=\"alignnone size-full wp-image-33062\" src=\"https:\/\/i0.wp.com\/genevieveetbernardauxameriques.fr\/wp-content\/uploads\/2019\/02\/DSCN5557.jpg?resize=640%2C480&#038;ssl=1\" alt=\"\" width=\"640\" height=\"480\" srcset=\"https:\/\/i0.wp.com\/genevieveetbernardauxameriques.fr\/wp-content\/uploads\/2019\/02\/DSCN5557.jpg?w=720&amp;ssl=1 720w, https:\/\/i0.wp.com\/genevieveetbernardauxameriques.fr\/wp-content\/uploads\/2019\/02\/DSCN5557.jpg?resize=300%2C225&amp;ssl=1 300w\" sizes=\"(max-width: 640px) 100vw, 640px\" data-recalc-dims=\"1\" \/><\/a><a href=\"https:\/\/i0.wp.com\/genevieveetbernardauxameriques.fr\/wp-content\/uploads\/2019\/02\/DSCN5560.jpg?ssl=1\"><img loading=\"lazy\" decoding=\"async\" data-attachment-id=\"33053\" data-permalink=\"https:\/\/genevieveetbernardauxameriques.fr\/index.php\/2019\/03\/06\/baja-californie-2-de-la-paz-a-san-ignacio-avec-edwige\/dscn5560\/\" data-orig-file=\"https:\/\/i0.wp.com\/genevieveetbernardauxameriques.fr\/wp-content\/uploads\/2019\/02\/DSCN5560.jpg?fit=720%2C540&amp;ssl=1\" data-orig-size=\"720,540\" data-comments-opened=\"1\" data-image-meta=\"{&quot;aperture&quot;:&quot;3.2&quot;,&quot;credit&quot;:&quot;&quot;,&quot;camera&quot;:&quot;COOLPIX P900&quot;,&quot;caption&quot;:&quot;&quot;,&quot;created_timestamp&quot;:&quot;1550059597&quot;,&quot;copyright&quot;:&quot;&quot;,&quot;focal_length&quot;:&quot;4.3&quot;,&quot;iso&quot;:&quot;100&quot;,&quot;shutter_speed&quot;:&quot;0.000625&quot;,&quot;title&quot;:&quot;&quot;,&quot;orientation&quot;:&quot;1&quot;}\" data-image-title=\"DSCN5560\" data-image-description=\"\" data-image-caption=\"\" data-medium-file=\"https:\/\/i0.wp.com\/genevieveetbernardauxameriques.fr\/wp-content\/uploads\/2019\/02\/DSCN5560.jpg?fit=300%2C225&amp;ssl=1\" data-large-file=\"https:\/\/i0.wp.com\/genevieveetbernardauxameriques.fr\/wp-content\/uploads\/2019\/02\/DSCN5560.jpg?fit=640%2C480&amp;ssl=1\" class=\"alignnone size-full wp-image-33053\" src=\"https:\/\/i0.wp.com\/genevieveetbernardauxameriques.fr\/wp-content\/uploads\/2019\/02\/DSCN5560.jpg?resize=640%2C480&#038;ssl=1\" alt=\"\" width=\"640\" height=\"480\" srcset=\"https:\/\/i0.wp.com\/genevieveetbernardauxameriques.fr\/wp-content\/uploads\/2019\/02\/DSCN5560.jpg?w=720&amp;ssl=1 720w, https:\/\/i0.wp.com\/genevieveetbernardauxameriques.fr\/wp-content\/uploads\/2019\/02\/DSCN5560.jpg?resize=300%2C225&amp;ssl=1 300w\" sizes=\"(max-width: 640px) 100vw, 640px\" data-recalc-dims=\"1\" \/><\/a><a href=\"https:\/\/i0.wp.com\/genevieveetbernardauxameriques.fr\/wp-content\/uploads\/2019\/02\/DSCN5562.jpg?ssl=1\"><img loading=\"lazy\" decoding=\"async\" data-attachment-id=\"33063\" data-permalink=\"https:\/\/genevieveetbernardauxameriques.fr\/index.php\/2019\/03\/06\/baja-californie-2-de-la-paz-a-san-ignacio-avec-edwige\/dscn5562-3\/\" data-orig-file=\"https:\/\/i0.wp.com\/genevieveetbernardauxameriques.fr\/wp-content\/uploads\/2019\/02\/DSCN5562.jpg?fit=720%2C540&amp;ssl=1\" data-orig-size=\"720,540\" data-comments-opened=\"1\" data-image-meta=\"{&quot;aperture&quot;:&quot;4.5&quot;,&quot;credit&quot;:&quot;&quot;,&quot;camera&quot;:&quot;COOLPIX P900&quot;,&quot;caption&quot;:&quot;&quot;,&quot;created_timestamp&quot;:&quot;1550060027&quot;,&quot;copyright&quot;:&quot;&quot;,&quot;focal_length&quot;:&quot;26.8&quot;,&quot;iso&quot;:&quot;100&quot;,&quot;shutter_speed&quot;:&quot;0.0015625&quot;,&quot;title&quot;:&quot;&quot;,&quot;orientation&quot;:&quot;1&quot;}\" data-image-title=\"DSCN5562\" data-image-description=\"\" data-image-caption=\"\" data-medium-file=\"https:\/\/i0.wp.com\/genevieveetbernardauxameriques.fr\/wp-content\/uploads\/2019\/02\/DSCN5562.jpg?fit=300%2C225&amp;ssl=1\" data-large-file=\"https:\/\/i0.wp.com\/genevieveetbernardauxameriques.fr\/wp-content\/uploads\/2019\/02\/DSCN5562.jpg?fit=640%2C480&amp;ssl=1\" class=\"alignnone size-full wp-image-33063\" src=\"https:\/\/i0.wp.com\/genevieveetbernardauxameriques.fr\/wp-content\/uploads\/2019\/02\/DSCN5562.jpg?resize=640%2C480&#038;ssl=1\" alt=\"\" width=\"640\" height=\"480\" srcset=\"https:\/\/i0.wp.com\/genevieveetbernardauxameriques.fr\/wp-content\/uploads\/2019\/02\/DSCN5562.jpg?w=720&amp;ssl=1 720w, https:\/\/i0.wp.com\/genevieveetbernardauxameriques.fr\/wp-content\/uploads\/2019\/02\/DSCN5562.jpg?resize=300%2C225&amp;ssl=1 300w\" sizes=\"(max-width: 640px) 100vw, 640px\" data-recalc-dims=\"1\" \/><\/a><a href=\"https:\/\/i0.wp.com\/genevieveetbernardauxameriques.fr\/wp-content\/uploads\/2019\/02\/DSCN5568.jpg?ssl=1\"><img loading=\"lazy\" decoding=\"async\" data-attachment-id=\"33055\" data-permalink=\"https:\/\/genevieveetbernardauxameriques.fr\/index.php\/2019\/03\/06\/baja-californie-2-de-la-paz-a-san-ignacio-avec-edwige\/dscn5568-3\/\" data-orig-file=\"https:\/\/i0.wp.com\/genevieveetbernardauxameriques.fr\/wp-content\/uploads\/2019\/02\/DSCN5568.jpg?fit=720%2C540&amp;ssl=1\" data-orig-size=\"720,540\" data-comments-opened=\"1\" data-image-meta=\"{&quot;aperture&quot;:&quot;3.5&quot;,&quot;credit&quot;:&quot;&quot;,&quot;camera&quot;:&quot;COOLPIX P900&quot;,&quot;caption&quot;:&quot;&quot;,&quot;created_timestamp&quot;:&quot;1550060189&quot;,&quot;copyright&quot;:&quot;&quot;,&quot;focal_length&quot;:&quot;9.8&quot;,&quot;iso&quot;:&quot;100&quot;,&quot;shutter_speed&quot;:&quot;0.000625&quot;,&quot;title&quot;:&quot;&quot;,&quot;orientation&quot;:&quot;1&quot;}\" data-image-title=\"DSCN5568\" data-image-description=\"\" data-image-caption=\"\" data-medium-file=\"https:\/\/i0.wp.com\/genevieveetbernardauxameriques.fr\/wp-content\/uploads\/2019\/02\/DSCN5568.jpg?fit=300%2C225&amp;ssl=1\" data-large-file=\"https:\/\/i0.wp.com\/genevieveetbernardauxameriques.fr\/wp-content\/uploads\/2019\/02\/DSCN5568.jpg?fit=640%2C480&amp;ssl=1\" class=\"alignnone size-full wp-image-33055\" src=\"https:\/\/i0.wp.com\/genevieveetbernardauxameriques.fr\/wp-content\/uploads\/2019\/02\/DSCN5568.jpg?resize=640%2C480&#038;ssl=1\" alt=\"\" width=\"640\" height=\"480\" srcset=\"https:\/\/i0.wp.com\/genevieveetbernardauxameriques.fr\/wp-content\/uploads\/2019\/02\/DSCN5568.jpg?w=720&amp;ssl=1 720w, https:\/\/i0.wp.com\/genevieveetbernardauxameriques.fr\/wp-content\/uploads\/2019\/02\/DSCN5568.jpg?resize=300%2C225&amp;ssl=1 300w\" sizes=\"(max-width: 640px) 100vw, 640px\" data-recalc-dims=\"1\" \/><\/a><\/p>\n<p>Arr\u00eat de 2h sur une plage tout \u00e0 fait paradisiaque, je vais enfin pouvoir me servir de mes palmes et faire du snorkeling avec Noan. Les poissons sont gros et beaux.<\/p>\n<p><a href=\"https:\/\/i0.wp.com\/genevieveetbernardauxameriques.fr\/wp-content\/uploads\/2019\/02\/DSCN5570.jpg?ssl=1\"><img loading=\"lazy\" decoding=\"async\" data-attachment-id=\"33056\" data-permalink=\"https:\/\/genevieveetbernardauxameriques.fr\/index.php\/2019\/03\/06\/baja-californie-2-de-la-paz-a-san-ignacio-avec-edwige\/dscn5570-3\/\" data-orig-file=\"https:\/\/i0.wp.com\/genevieveetbernardauxameriques.fr\/wp-content\/uploads\/2019\/02\/DSCN5570.jpg?fit=720%2C540&amp;ssl=1\" data-orig-size=\"720,540\" data-comments-opened=\"1\" data-image-meta=\"{&quot;aperture&quot;:&quot;3.5&quot;,&quot;credit&quot;:&quot;&quot;,&quot;camera&quot;:&quot;COOLPIX P900&quot;,&quot;caption&quot;:&quot;&quot;,&quot;created_timestamp&quot;:&quot;1550060235&quot;,&quot;copyright&quot;:&quot;&quot;,&quot;focal_length&quot;:&quot;13.4&quot;,&quot;iso&quot;:&quot;100&quot;,&quot;shutter_speed&quot;:&quot;0.0005&quot;,&quot;title&quot;:&quot;&quot;,&quot;orientation&quot;:&quot;1&quot;}\" data-image-title=\"DSCN5570\" data-image-description=\"\" data-image-caption=\"\" data-medium-file=\"https:\/\/i0.wp.com\/genevieveetbernardauxameriques.fr\/wp-content\/uploads\/2019\/02\/DSCN5570.jpg?fit=300%2C225&amp;ssl=1\" data-large-file=\"https:\/\/i0.wp.com\/genevieveetbernardauxameriques.fr\/wp-content\/uploads\/2019\/02\/DSCN5570.jpg?fit=640%2C480&amp;ssl=1\" class=\"alignnone size-full wp-image-33056\" src=\"https:\/\/i0.wp.com\/genevieveetbernardauxameriques.fr\/wp-content\/uploads\/2019\/02\/DSCN5570.jpg?resize=640%2C480&#038;ssl=1\" alt=\"\" width=\"640\" height=\"480\" srcset=\"https:\/\/i0.wp.com\/genevieveetbernardauxameriques.fr\/wp-content\/uploads\/2019\/02\/DSCN5570.jpg?w=720&amp;ssl=1 720w, https:\/\/i0.wp.com\/genevieveetbernardauxameriques.fr\/wp-content\/uploads\/2019\/02\/DSCN5570.jpg?resize=300%2C225&amp;ssl=1 300w\" sizes=\"(max-width: 640px) 100vw, 640px\" data-recalc-dims=\"1\" \/><\/a> <a href=\"https:\/\/i0.wp.com\/genevieveetbernardauxameriques.fr\/wp-content\/uploads\/2019\/02\/DSCN5572.jpg?ssl=1\"><img loading=\"lazy\" decoding=\"async\" data-attachment-id=\"33057\" data-permalink=\"https:\/\/genevieveetbernardauxameriques.fr\/index.php\/2019\/03\/06\/baja-californie-2-de-la-paz-a-san-ignacio-avec-edwige\/dscn5572-3\/\" data-orig-file=\"https:\/\/i0.wp.com\/genevieveetbernardauxameriques.fr\/wp-content\/uploads\/2019\/02\/DSCN5572.jpg?fit=720%2C540&amp;ssl=1\" data-orig-size=\"720,540\" data-comments-opened=\"1\" data-image-meta=\"{&quot;aperture&quot;:&quot;5&quot;,&quot;credit&quot;:&quot;&quot;,&quot;camera&quot;:&quot;COOLPIX P900&quot;,&quot;caption&quot;:&quot;&quot;,&quot;created_timestamp&quot;:&quot;1550060912&quot;,&quot;copyright&quot;:&quot;&quot;,&quot;focal_length&quot;:&quot;53.5&quot;,&quot;iso&quot;:&quot;100&quot;,&quot;shutter_speed&quot;:&quot;0.00125&quot;,&quot;title&quot;:&quot;&quot;,&quot;orientation&quot;:&quot;1&quot;}\" data-image-title=\"DSCN5572\" data-image-description=\"\" data-image-caption=\"\" data-medium-file=\"https:\/\/i0.wp.com\/genevieveetbernardauxameriques.fr\/wp-content\/uploads\/2019\/02\/DSCN5572.jpg?fit=300%2C225&amp;ssl=1\" data-large-file=\"https:\/\/i0.wp.com\/genevieveetbernardauxameriques.fr\/wp-content\/uploads\/2019\/02\/DSCN5572.jpg?fit=640%2C480&amp;ssl=1\" class=\"alignnone size-full wp-image-33057\" src=\"https:\/\/i0.wp.com\/genevieveetbernardauxameriques.fr\/wp-content\/uploads\/2019\/02\/DSCN5572.jpg?resize=640%2C480&#038;ssl=1\" alt=\"\" width=\"640\" height=\"480\" srcset=\"https:\/\/i0.wp.com\/genevieveetbernardauxameriques.fr\/wp-content\/uploads\/2019\/02\/DSCN5572.jpg?w=720&amp;ssl=1 720w, https:\/\/i0.wp.com\/genevieveetbernardauxameriques.fr\/wp-content\/uploads\/2019\/02\/DSCN5572.jpg?resize=300%2C225&amp;ssl=1 300w\" sizes=\"(max-width: 640px) 100vw, 640px\" data-recalc-dims=\"1\" \/><\/a> <a href=\"https:\/\/i0.wp.com\/genevieveetbernardauxameriques.fr\/wp-content\/uploads\/2019\/02\/DSCN5573.jpg?ssl=1\"><img loading=\"lazy\" decoding=\"async\" data-attachment-id=\"33058\" data-permalink=\"https:\/\/genevieveetbernardauxameriques.fr\/index.php\/2019\/03\/06\/baja-californie-2-de-la-paz-a-san-ignacio-avec-edwige\/dscn5573-2\/\" data-orig-file=\"https:\/\/i0.wp.com\/genevieveetbernardauxameriques.fr\/wp-content\/uploads\/2019\/02\/DSCN5573.jpg?fit=720%2C540&amp;ssl=1\" data-orig-size=\"720,540\" data-comments-opened=\"1\" data-image-meta=\"{&quot;aperture&quot;:&quot;5&quot;,&quot;credit&quot;:&quot;&quot;,&quot;camera&quot;:&quot;COOLPIX P900&quot;,&quot;caption&quot;:&quot;&quot;,&quot;created_timestamp&quot;:&quot;1550061320&quot;,&quot;copyright&quot;:&quot;&quot;,&quot;focal_length&quot;:&quot;24.1&quot;,&quot;iso&quot;:&quot;100&quot;,&quot;shutter_speed&quot;:&quot;0.0005&quot;,&quot;title&quot;:&quot;&quot;,&quot;orientation&quot;:&quot;1&quot;}\" data-image-title=\"DSCN5573\" data-image-description=\"\" data-image-caption=\"\" data-medium-file=\"https:\/\/i0.wp.com\/genevieveetbernardauxameriques.fr\/wp-content\/uploads\/2019\/02\/DSCN5573.jpg?fit=300%2C225&amp;ssl=1\" data-large-file=\"https:\/\/i0.wp.com\/genevieveetbernardauxameriques.fr\/wp-content\/uploads\/2019\/02\/DSCN5573.jpg?fit=640%2C480&amp;ssl=1\" class=\"alignnone size-full wp-image-33058\" src=\"https:\/\/i0.wp.com\/genevieveetbernardauxameriques.fr\/wp-content\/uploads\/2019\/02\/DSCN5573.jpg?resize=640%2C480&#038;ssl=1\" alt=\"\" width=\"640\" height=\"480\" srcset=\"https:\/\/i0.wp.com\/genevieveetbernardauxameriques.fr\/wp-content\/uploads\/2019\/02\/DSCN5573.jpg?w=720&amp;ssl=1 720w, https:\/\/i0.wp.com\/genevieveetbernardauxameriques.fr\/wp-content\/uploads\/2019\/02\/DSCN5573.jpg?resize=300%2C225&amp;ssl=1 300w\" sizes=\"(max-width: 640px) 100vw, 640px\" data-recalc-dims=\"1\" \/><\/a> <a href=\"https:\/\/i0.wp.com\/genevieveetbernardauxameriques.fr\/wp-content\/uploads\/2019\/02\/DSCN5575.jpg?ssl=1\"><img loading=\"lazy\" decoding=\"async\" data-attachment-id=\"33059\" data-permalink=\"https:\/\/genevieveetbernardauxameriques.fr\/index.php\/2019\/03\/06\/baja-californie-2-de-la-paz-a-san-ignacio-avec-edwige\/dscn5575-2\/\" data-orig-file=\"https:\/\/i0.wp.com\/genevieveetbernardauxameriques.fr\/wp-content\/uploads\/2019\/02\/DSCN5575.jpg?fit=720%2C540&amp;ssl=1\" data-orig-size=\"720,540\" data-comments-opened=\"1\" data-image-meta=\"{&quot;aperture&quot;:&quot;3.5&quot;,&quot;credit&quot;:&quot;&quot;,&quot;camera&quot;:&quot;COOLPIX P900&quot;,&quot;caption&quot;:&quot;&quot;,&quot;created_timestamp&quot;:&quot;1550061386&quot;,&quot;copyright&quot;:&quot;&quot;,&quot;focal_length&quot;:&quot;14.3&quot;,&quot;iso&quot;:&quot;100&quot;,&quot;shutter_speed&quot;:&quot;0.00125&quot;,&quot;title&quot;:&quot;&quot;,&quot;orientation&quot;:&quot;1&quot;}\" data-image-title=\"DSCN5575\" data-image-description=\"\" data-image-caption=\"\" data-medium-file=\"https:\/\/i0.wp.com\/genevieveetbernardauxameriques.fr\/wp-content\/uploads\/2019\/02\/DSCN5575.jpg?fit=300%2C225&amp;ssl=1\" data-large-file=\"https:\/\/i0.wp.com\/genevieveetbernardauxameriques.fr\/wp-content\/uploads\/2019\/02\/DSCN5575.jpg?fit=640%2C480&amp;ssl=1\" class=\"alignnone size-full wp-image-33059\" src=\"https:\/\/i0.wp.com\/genevieveetbernardauxameriques.fr\/wp-content\/uploads\/2019\/02\/DSCN5575.jpg?resize=640%2C480&#038;ssl=1\" alt=\"\" width=\"640\" height=\"480\" srcset=\"https:\/\/i0.wp.com\/genevieveetbernardauxameriques.fr\/wp-content\/uploads\/2019\/02\/DSCN5575.jpg?w=720&amp;ssl=1 720w, https:\/\/i0.wp.com\/genevieveetbernardauxameriques.fr\/wp-content\/uploads\/2019\/02\/DSCN5575.jpg?resize=300%2C225&amp;ssl=1 300w\" sizes=\"(max-width: 640px) 100vw, 640px\" data-recalc-dims=\"1\" \/><\/a><\/p>\n<p>Bernard ne nous a pas accompagn\u00e9 et comme nous rentrons vers 14 h, nous d\u00e9cidons de laisser la chambre que nous avions r\u00e9serv\u00e9e pour 2 nuits et de partir directement pour notre prochaine destination.<\/p>\n<p>Nous traversons une r\u00e9gion bord\u00e9e de plages magnifiques sur Bahia conception, prises d&rsquo;assaut par les gros camping-cars.<\/p>\n<p><a href=\"https:\/\/i0.wp.com\/genevieveetbernardauxameriques.fr\/wp-content\/uploads\/2019\/02\/DSCN5591.jpg?ssl=1\"><img loading=\"lazy\" decoding=\"async\" data-attachment-id=\"33078\" data-permalink=\"https:\/\/genevieveetbernardauxameriques.fr\/index.php\/2019\/03\/06\/baja-californie-2-de-la-paz-a-san-ignacio-avec-edwige\/dscn5591-3\/\" data-orig-file=\"https:\/\/i0.wp.com\/genevieveetbernardauxameriques.fr\/wp-content\/uploads\/2019\/02\/DSCN5591.jpg?fit=720%2C540&amp;ssl=1\" data-orig-size=\"720,540\" data-comments-opened=\"1\" data-image-meta=\"{&quot;aperture&quot;:&quot;3.5&quot;,&quot;credit&quot;:&quot;&quot;,&quot;camera&quot;:&quot;COOLPIX P900&quot;,&quot;caption&quot;:&quot;&quot;,&quot;created_timestamp&quot;:&quot;1550078902&quot;,&quot;copyright&quot;:&quot;&quot;,&quot;focal_length&quot;:&quot;14.3&quot;,&quot;iso&quot;:&quot;100&quot;,&quot;shutter_speed&quot;:&quot;0.000625&quot;,&quot;title&quot;:&quot;&quot;,&quot;orientation&quot;:&quot;1&quot;}\" data-image-title=\"DSCN5591\" data-image-description=\"\" data-image-caption=\"\" data-medium-file=\"https:\/\/i0.wp.com\/genevieveetbernardauxameriques.fr\/wp-content\/uploads\/2019\/02\/DSCN5591.jpg?fit=300%2C225&amp;ssl=1\" data-large-file=\"https:\/\/i0.wp.com\/genevieveetbernardauxameriques.fr\/wp-content\/uploads\/2019\/02\/DSCN5591.jpg?fit=640%2C480&amp;ssl=1\" class=\"alignnone size-full wp-image-33078\" src=\"https:\/\/i0.wp.com\/genevieveetbernardauxameriques.fr\/wp-content\/uploads\/2019\/02\/DSCN5591.jpg?resize=640%2C480&#038;ssl=1\" alt=\"\" width=\"640\" height=\"480\" srcset=\"https:\/\/i0.wp.com\/genevieveetbernardauxameriques.fr\/wp-content\/uploads\/2019\/02\/DSCN5591.jpg?w=720&amp;ssl=1 720w, https:\/\/i0.wp.com\/genevieveetbernardauxameriques.fr\/wp-content\/uploads\/2019\/02\/DSCN5591.jpg?resize=300%2C225&amp;ssl=1 300w\" sizes=\"(max-width: 640px) 100vw, 640px\" data-recalc-dims=\"1\" \/><\/a><\/p>\n<div class=\"tiled-gallery type-square tiled-gallery-unresized\" data-original-width=\"640\" data-carousel-extra='{&quot;blog_id&quot;:1,&quot;permalink&quot;:&quot;https:\\\/\\\/genevieveetbernardauxameriques.fr\\\/index.php\\\/2019\\\/03\\\/06\\\/baja-californie-2-de-la-paz-a-san-ignacio-avec-edwige\\\/&quot;,&quot;likes_blog_id&quot;:107627276}' itemscope itemtype=\"http:\/\/schema.org\/ImageGallery\" > <div class=\"gallery-row\" style=\"width: 640px; height: 320px;\" data-original-width=\"640\" data-original-height=\"320\" > <div class=\"gallery-group\" style=\"width: 320px; height: 320px;\" data-original-width=\"320\" data-original-height=\"320\" > <div class=\"tiled-gallery-item \" itemprop=\"associatedMedia\" itemscope itemtype=\"http:\/\/schema.org\/ImageObject\"> <a href=\"https:\/\/genevieveetbernardauxameriques.fr\/index.php\/2019\/03\/06\/baja-californie-2-de-la-paz-a-san-ignacio-avec-edwige\/dscn5590\/\" border=\"0\" itemprop=\"url\"> <meta itemprop=\"width\" content=\"316\"> <meta itemprop=\"height\" content=\"316\"> <img decoding=\"async\" class=\"\" data-attachment-id=\"33077\" data-orig-file=\"https:\/\/genevieveetbernardauxameriques.fr\/wp-content\/uploads\/2019\/02\/DSCN5590.jpg\" data-orig-size=\"720,540\" data-comments-opened=\"1\" data-image-meta=\"{&quot;aperture&quot;:&quot;4&quot;,&quot;credit&quot;:&quot;&quot;,&quot;camera&quot;:&quot;COOLPIX P900&quot;,&quot;caption&quot;:&quot;&quot;,&quot;created_timestamp&quot;:&quot;1550078896&quot;,&quot;copyright&quot;:&quot;&quot;,&quot;focal_length&quot;:&quot;15.2&quot;,&quot;iso&quot;:&quot;100&quot;,&quot;shutter_speed&quot;:&quot;0.001&quot;,&quot;title&quot;:&quot;&quot;,&quot;orientation&quot;:&quot;1&quot;}\" data-image-title=\"DSCN5590\" data-image-description=\"\" data-medium-file=\"https:\/\/i0.wp.com\/genevieveetbernardauxameriques.fr\/wp-content\/uploads\/2019\/02\/DSCN5590.jpg?fit=300%2C225&#038;ssl=1\" data-large-file=\"https:\/\/i0.wp.com\/genevieveetbernardauxameriques.fr\/wp-content\/uploads\/2019\/02\/DSCN5590.jpg?fit=640%2C480&#038;ssl=1\" src=\"https:\/\/i0.wp.com\/genevieveetbernardauxameriques.fr\/wp-content\/uploads\/2019\/02\/DSCN5590.jpg?w=316&#038;h=316&#038;crop=1&#038;ssl=1\" srcset=\"https:\/\/i0.wp.com\/genevieveetbernardauxameriques.fr\/wp-content\/uploads\/2019\/02\/DSCN5590.jpg?resize=150%2C150&amp;ssl=1 150w, https:\/\/i0.wp.com\/genevieveetbernardauxameriques.fr\/wp-content\/uploads\/2019\/02\/DSCN5590.jpg?zoom=2&amp;resize=316%2C316&amp;ssl=1 632w\" width=\"316\" height=\"316\" loading=\"lazy\" data-original-width=\"316\" data-original-height=\"316\" itemprop=\"http:\/\/schema.org\/image\" title=\"DSCN5590\" alt=\"DSCN5590\" style=\"width: 316px; height: 316px;\" \/> <\/a> <\/div> <\/div> <div class=\"gallery-group\" style=\"width: 320px; height: 320px;\" data-original-width=\"320\" data-original-height=\"320\" > <div class=\"tiled-gallery-item \" itemprop=\"associatedMedia\" itemscope itemtype=\"http:\/\/schema.org\/ImageObject\"> <a href=\"https:\/\/genevieveetbernardauxameriques.fr\/index.php\/2019\/03\/06\/baja-californie-2-de-la-paz-a-san-ignacio-avec-edwige\/dscn5592-2\/\" border=\"0\" itemprop=\"url\"> <meta itemprop=\"width\" content=\"316\"> <meta itemprop=\"height\" content=\"316\"> <img decoding=\"async\" class=\"\" data-attachment-id=\"33079\" data-orig-file=\"https:\/\/genevieveetbernardauxameriques.fr\/wp-content\/uploads\/2019\/02\/DSCN5592.jpg\" data-orig-size=\"720,540\" data-comments-opened=\"1\" data-image-meta=\"{&quot;aperture&quot;:&quot;4&quot;,&quot;credit&quot;:&quot;&quot;,&quot;camera&quot;:&quot;COOLPIX P900&quot;,&quot;caption&quot;:&quot;&quot;,&quot;created_timestamp&quot;:&quot;1550078923&quot;,&quot;copyright&quot;:&quot;&quot;,&quot;focal_length&quot;:&quot;20.5&quot;,&quot;iso&quot;:&quot;100&quot;,&quot;shutter_speed&quot;:&quot;0.001&quot;,&quot;title&quot;:&quot;&quot;,&quot;orientation&quot;:&quot;1&quot;}\" data-image-title=\"DSCN5592\" data-image-description=\"\" data-medium-file=\"https:\/\/i0.wp.com\/genevieveetbernardauxameriques.fr\/wp-content\/uploads\/2019\/02\/DSCN5592.jpg?fit=300%2C225&#038;ssl=1\" data-large-file=\"https:\/\/i0.wp.com\/genevieveetbernardauxameriques.fr\/wp-content\/uploads\/2019\/02\/DSCN5592.jpg?fit=640%2C480&#038;ssl=1\" src=\"https:\/\/i0.wp.com\/genevieveetbernardauxameriques.fr\/wp-content\/uploads\/2019\/02\/DSCN5592.jpg?w=316&#038;h=316&#038;crop=1&#038;ssl=1\" srcset=\"https:\/\/i0.wp.com\/genevieveetbernardauxameriques.fr\/wp-content\/uploads\/2019\/02\/DSCN5592.jpg?resize=150%2C150&amp;ssl=1 150w, https:\/\/i0.wp.com\/genevieveetbernardauxameriques.fr\/wp-content\/uploads\/2019\/02\/DSCN5592.jpg?zoom=2&amp;resize=316%2C316&amp;ssl=1 632w\" width=\"316\" height=\"316\" loading=\"lazy\" data-original-width=\"316\" data-original-height=\"316\" itemprop=\"http:\/\/schema.org\/image\" title=\"DSCN5592\" alt=\"DSCN5592\" style=\"width: 316px; height: 316px;\" \/> <\/a> <\/div> <\/div> <\/div> <div class=\"gallery-row\" style=\"width: 640px; height: 320px;\" data-original-width=\"640\" data-original-height=\"320\" > <div class=\"gallery-group\" style=\"width: 320px; height: 320px;\" data-original-width=\"320\" data-original-height=\"320\" > <div class=\"tiled-gallery-item \" itemprop=\"associatedMedia\" itemscope itemtype=\"http:\/\/schema.org\/ImageObject\"> <a href=\"https:\/\/genevieveetbernardauxameriques.fr\/index.php\/2019\/03\/06\/baja-californie-2-de-la-paz-a-san-ignacio-avec-edwige\/dscn5965-4\/\" border=\"0\" itemprop=\"url\"> <meta itemprop=\"width\" content=\"316\"> <meta itemprop=\"height\" content=\"316\"> <img decoding=\"async\" class=\"\" data-attachment-id=\"33516\" data-orig-file=\"https:\/\/genevieveetbernardauxameriques.fr\/wp-content\/uploads\/2019\/03\/DSCN5965-1.jpg\" data-orig-size=\"800,600\" data-comments-opened=\"1\" data-image-meta=\"{&quot;aperture&quot;:&quot;4.5&quot;,&quot;credit&quot;:&quot;&quot;,&quot;camera&quot;:&quot;COOLPIX P900&quot;,&quot;caption&quot;:&quot;&quot;,&quot;created_timestamp&quot;:&quot;1551347504&quot;,&quot;copyright&quot;:&quot;&quot;,&quot;focal_length&quot;:&quot;8.9&quot;,&quot;iso&quot;:&quot;100&quot;,&quot;shutter_speed&quot;:&quot;0.0005&quot;,&quot;title&quot;:&quot;&quot;,&quot;orientation&quot;:&quot;1&quot;}\" data-image-title=\"DSCN5965\" data-image-description=\"\" data-medium-file=\"https:\/\/i0.wp.com\/genevieveetbernardauxameriques.fr\/wp-content\/uploads\/2019\/03\/DSCN5965-1.jpg?fit=300%2C225&#038;ssl=1\" data-large-file=\"https:\/\/i0.wp.com\/genevieveetbernardauxameriques.fr\/wp-content\/uploads\/2019\/03\/DSCN5965-1.jpg?fit=640%2C480&#038;ssl=1\" src=\"https:\/\/i0.wp.com\/genevieveetbernardauxameriques.fr\/wp-content\/uploads\/2019\/03\/DSCN5965-1.jpg?w=316&#038;h=316&#038;crop=1&#038;ssl=1\" srcset=\"https:\/\/i0.wp.com\/genevieveetbernardauxameriques.fr\/wp-content\/uploads\/2019\/03\/DSCN5965-1.jpg?resize=150%2C150&amp;ssl=1 150w, https:\/\/i0.wp.com\/genevieveetbernardauxameriques.fr\/wp-content\/uploads\/2019\/03\/DSCN5965-1.jpg?zoom=2&amp;resize=316%2C316&amp;ssl=1 632w\" width=\"316\" height=\"316\" loading=\"lazy\" data-original-width=\"316\" data-original-height=\"316\" itemprop=\"http:\/\/schema.org\/image\" title=\"DSCN5965\" alt=\"DSCN5965\" style=\"width: 316px; height: 316px;\" \/> <\/a> <\/div> <\/div> <div class=\"gallery-group\" style=\"width: 320px; height: 320px;\" data-original-width=\"320\" data-original-height=\"320\" > <div class=\"tiled-gallery-item \" itemprop=\"associatedMedia\" itemscope itemtype=\"http:\/\/schema.org\/ImageObject\"> <a href=\"https:\/\/genevieveetbernardauxameriques.fr\/index.php\/2019\/03\/06\/baja-californie-2-de-la-paz-a-san-ignacio-avec-edwige\/dscn5960-2\/\" border=\"0\" itemprop=\"url\"> <meta itemprop=\"width\" content=\"316\"> <meta itemprop=\"height\" content=\"316\"> <img decoding=\"async\" class=\"\" data-attachment-id=\"33511\" data-orig-file=\"https:\/\/genevieveetbernardauxameriques.fr\/wp-content\/uploads\/2019\/03\/DSCN5960-1.jpg\" data-orig-size=\"800,600\" data-comments-opened=\"1\" data-image-meta=\"{&quot;aperture&quot;:&quot;2.8&quot;,&quot;credit&quot;:&quot;&quot;,&quot;camera&quot;:&quot;COOLPIX P900&quot;,&quot;caption&quot;:&quot;&quot;,&quot;created_timestamp&quot;:&quot;1551347264&quot;,&quot;copyright&quot;:&quot;&quot;,&quot;focal_length&quot;:&quot;4.3&quot;,&quot;iso&quot;:&quot;100&quot;,&quot;shutter_speed&quot;:&quot;0.000625&quot;,&quot;title&quot;:&quot;&quot;,&quot;orientation&quot;:&quot;1&quot;}\" data-image-title=\"DSCN5960\" data-image-description=\"\" data-medium-file=\"https:\/\/i0.wp.com\/genevieveetbernardauxameriques.fr\/wp-content\/uploads\/2019\/03\/DSCN5960-1.jpg?fit=300%2C225&#038;ssl=1\" data-large-file=\"https:\/\/i0.wp.com\/genevieveetbernardauxameriques.fr\/wp-content\/uploads\/2019\/03\/DSCN5960-1.jpg?fit=640%2C480&#038;ssl=1\" src=\"https:\/\/i0.wp.com\/genevieveetbernardauxameriques.fr\/wp-content\/uploads\/2019\/03\/DSCN5960-1.jpg?w=316&#038;h=316&#038;crop=1&#038;ssl=1\" srcset=\"https:\/\/i0.wp.com\/genevieveetbernardauxameriques.fr\/wp-content\/uploads\/2019\/03\/DSCN5960-1.jpg?resize=150%2C150&amp;ssl=1 150w, https:\/\/i0.wp.com\/genevieveetbernardauxameriques.fr\/wp-content\/uploads\/2019\/03\/DSCN5960-1.jpg?zoom=2&amp;resize=316%2C316&amp;ssl=1 632w\" width=\"316\" height=\"316\" loading=\"lazy\" data-original-width=\"316\" data-original-height=\"316\" itemprop=\"http:\/\/schema.org\/image\" title=\"DSCN5960\" alt=\"DSCN5960\" style=\"width: 316px; height: 316px;\" \/> <\/a> <\/div> <\/div> <\/div> <div class=\"gallery-row\" style=\"width: 640px; height: 320px;\" data-original-width=\"640\" data-original-height=\"320\" > <div class=\"gallery-group\" style=\"width: 320px; height: 320px;\" data-original-width=\"320\" data-original-height=\"320\" > <div class=\"tiled-gallery-item \" itemprop=\"associatedMedia\" itemscope itemtype=\"http:\/\/schema.org\/ImageObject\"> <a href=\"https:\/\/genevieveetbernardauxameriques.fr\/index.php\/2019\/03\/06\/baja-californie-2-de-la-paz-a-san-ignacio-avec-edwige\/dscn5955-2\/\" border=\"0\" itemprop=\"url\"> <meta itemprop=\"width\" content=\"316\"> <meta itemprop=\"height\" content=\"316\"> <img decoding=\"async\" class=\"\" data-attachment-id=\"33508\" data-orig-file=\"https:\/\/genevieveetbernardauxameriques.fr\/wp-content\/uploads\/2019\/03\/DSCN5955-1.jpg\" data-orig-size=\"800,600\" data-comments-opened=\"1\" data-image-meta=\"{&quot;aperture&quot;:&quot;3.5&quot;,&quot;credit&quot;:&quot;&quot;,&quot;camera&quot;:&quot;COOLPIX P900&quot;,&quot;caption&quot;:&quot;&quot;,&quot;created_timestamp&quot;:&quot;1551347207&quot;,&quot;copyright&quot;:&quot;&quot;,&quot;focal_length&quot;:&quot;10.7&quot;,&quot;iso&quot;:&quot;100&quot;,&quot;shutter_speed&quot;:&quot;0.000625&quot;,&quot;title&quot;:&quot;&quot;,&quot;orientation&quot;:&quot;1&quot;}\" data-image-title=\"DSCN5955\" data-image-description=\"\" data-medium-file=\"https:\/\/i0.wp.com\/genevieveetbernardauxameriques.fr\/wp-content\/uploads\/2019\/03\/DSCN5955-1.jpg?fit=300%2C225&#038;ssl=1\" data-large-file=\"https:\/\/i0.wp.com\/genevieveetbernardauxameriques.fr\/wp-content\/uploads\/2019\/03\/DSCN5955-1.jpg?fit=640%2C480&#038;ssl=1\" src=\"https:\/\/i0.wp.com\/genevieveetbernardauxameriques.fr\/wp-content\/uploads\/2019\/03\/DSCN5955-1.jpg?w=316&#038;h=316&#038;crop=1&#038;ssl=1\" srcset=\"https:\/\/i0.wp.com\/genevieveetbernardauxameriques.fr\/wp-content\/uploads\/2019\/03\/DSCN5955-1.jpg?resize=150%2C150&amp;ssl=1 150w, https:\/\/i0.wp.com\/genevieveetbernardauxameriques.fr\/wp-content\/uploads\/2019\/03\/DSCN5955-1.jpg?zoom=2&amp;resize=316%2C316&amp;ssl=1 632w\" width=\"316\" height=\"316\" loading=\"lazy\" data-original-width=\"316\" data-original-height=\"316\" itemprop=\"http:\/\/schema.org\/image\" title=\"DSCN5955\" alt=\"DSCN5955\" style=\"width: 316px; height: 316px;\" \/> <\/a> <\/div> <\/div> <div class=\"gallery-group\" style=\"width: 320px; height: 320px;\" data-original-width=\"320\" data-original-height=\"320\" > <div class=\"tiled-gallery-item \" itemprop=\"associatedMedia\" itemscope itemtype=\"http:\/\/schema.org\/ImageObject\"> <a href=\"https:\/\/genevieveetbernardauxameriques.fr\/index.php\/2019\/03\/06\/baja-californie-2-de-la-paz-a-san-ignacio-avec-edwige\/dscn5954\/\" border=\"0\" itemprop=\"url\"> <meta itemprop=\"width\" content=\"316\"> <meta itemprop=\"height\" content=\"316\"> <img decoding=\"async\" class=\"\" data-attachment-id=\"33507\" data-orig-file=\"https:\/\/genevieveetbernardauxameriques.fr\/wp-content\/uploads\/2019\/03\/DSCN5954.jpg\" data-orig-size=\"800,600\" data-comments-opened=\"1\" data-image-meta=\"{&quot;aperture&quot;:&quot;3.5&quot;,&quot;credit&quot;:&quot;&quot;,&quot;camera&quot;:&quot;COOLPIX P900&quot;,&quot;caption&quot;:&quot;&quot;,&quot;created_timestamp&quot;:&quot;1551347203&quot;,&quot;copyright&quot;:&quot;&quot;,&quot;focal_length&quot;:&quot;10.7&quot;,&quot;iso&quot;:&quot;100&quot;,&quot;shutter_speed&quot;:&quot;0.000625&quot;,&quot;title&quot;:&quot;&quot;,&quot;orientation&quot;:&quot;1&quot;}\" data-image-title=\"DSCN5954\" data-image-description=\"\" data-medium-file=\"https:\/\/i0.wp.com\/genevieveetbernardauxameriques.fr\/wp-content\/uploads\/2019\/03\/DSCN5954.jpg?fit=300%2C225&#038;ssl=1\" data-large-file=\"https:\/\/i0.wp.com\/genevieveetbernardauxameriques.fr\/wp-content\/uploads\/2019\/03\/DSCN5954.jpg?fit=640%2C480&#038;ssl=1\" src=\"https:\/\/i0.wp.com\/genevieveetbernardauxameriques.fr\/wp-content\/uploads\/2019\/03\/DSCN5954.jpg?w=316&#038;h=316&#038;crop=1&#038;ssl=1\" srcset=\"https:\/\/i0.wp.com\/genevieveetbernardauxameriques.fr\/wp-content\/uploads\/2019\/03\/DSCN5954.jpg?resize=150%2C150&amp;ssl=1 150w, https:\/\/i0.wp.com\/genevieveetbernardauxameriques.fr\/wp-content\/uploads\/2019\/03\/DSCN5954.jpg?zoom=2&amp;resize=316%2C316&amp;ssl=1 632w\" width=\"316\" height=\"316\" loading=\"lazy\" data-original-width=\"316\" data-original-height=\"316\" itemprop=\"http:\/\/schema.org\/image\" title=\"DSCN5954\" alt=\"DSCN5954\" style=\"width: 316px; height: 316px;\" \/> <\/a> <\/div> <\/div> <\/div> <div class=\"gallery-row\" style=\"width: 640px; height: 320px;\" data-original-width=\"640\" data-original-height=\"320\" > <div class=\"gallery-group\" style=\"width: 320px; height: 320px;\" data-original-width=\"320\" data-original-height=\"320\" > <div class=\"tiled-gallery-item \" itemprop=\"associatedMedia\" itemscope itemtype=\"http:\/\/schema.org\/ImageObject\"> <a href=\"https:\/\/genevieveetbernardauxameriques.fr\/index.php\/2019\/03\/06\/baja-californie-2-de-la-paz-a-san-ignacio-avec-edwige\/dscn5953-3\/\" border=\"0\" itemprop=\"url\"> <meta itemprop=\"width\" content=\"316\"> <meta itemprop=\"height\" content=\"316\"> <img decoding=\"async\" class=\"\" data-attachment-id=\"33506\" data-orig-file=\"https:\/\/genevieveetbernardauxameriques.fr\/wp-content\/uploads\/2019\/03\/DSCN5953-1.jpg\" data-orig-size=\"800,600\" data-comments-opened=\"1\" data-image-meta=\"{&quot;aperture&quot;:&quot;2.8&quot;,&quot;credit&quot;:&quot;&quot;,&quot;camera&quot;:&quot;COOLPIX P900&quot;,&quot;caption&quot;:&quot;&quot;,&quot;created_timestamp&quot;:&quot;1551347199&quot;,&quot;copyright&quot;:&quot;&quot;,&quot;focal_length&quot;:&quot;5&quot;,&quot;iso&quot;:&quot;100&quot;,&quot;shutter_speed&quot;:&quot;0.000625&quot;,&quot;title&quot;:&quot;&quot;,&quot;orientation&quot;:&quot;1&quot;}\" data-image-title=\"DSCN5953\" data-image-description=\"\" data-medium-file=\"https:\/\/i0.wp.com\/genevieveetbernardauxameriques.fr\/wp-content\/uploads\/2019\/03\/DSCN5953-1.jpg?fit=300%2C225&#038;ssl=1\" data-large-file=\"https:\/\/i0.wp.com\/genevieveetbernardauxameriques.fr\/wp-content\/uploads\/2019\/03\/DSCN5953-1.jpg?fit=640%2C480&#038;ssl=1\" src=\"https:\/\/i0.wp.com\/genevieveetbernardauxameriques.fr\/wp-content\/uploads\/2019\/03\/DSCN5953-1.jpg?w=316&#038;h=316&#038;crop=1&#038;ssl=1\" srcset=\"https:\/\/i0.wp.com\/genevieveetbernardauxameriques.fr\/wp-content\/uploads\/2019\/03\/DSCN5953-1.jpg?resize=150%2C150&amp;ssl=1 150w, https:\/\/i0.wp.com\/genevieveetbernardauxameriques.fr\/wp-content\/uploads\/2019\/03\/DSCN5953-1.jpg?zoom=2&amp;resize=316%2C316&amp;ssl=1 632w\" width=\"316\" height=\"316\" loading=\"lazy\" data-original-width=\"316\" data-original-height=\"316\" itemprop=\"http:\/\/schema.org\/image\" title=\"DSCN5953\" alt=\"DSCN5953\" style=\"width: 316px; height: 316px;\" \/> <\/a> <\/div> <\/div> <div class=\"gallery-group\" style=\"width: 320px; height: 320px;\" data-original-width=\"320\" data-original-height=\"320\" > <div class=\"tiled-gallery-item \" itemprop=\"associatedMedia\" itemscope itemtype=\"http:\/\/schema.org\/ImageObject\"> <a href=\"https:\/\/genevieveetbernardauxameriques.fr\/index.php\/2019\/03\/06\/baja-californie-2-de-la-paz-a-san-ignacio-avec-edwige\/dscn5948-3\/\" border=\"0\" itemprop=\"url\"> <meta itemprop=\"width\" content=\"316\"> <meta itemprop=\"height\" content=\"316\"> <img decoding=\"async\" class=\"\" data-attachment-id=\"33502\" data-orig-file=\"https:\/\/genevieveetbernardauxameriques.fr\/wp-content\/uploads\/2019\/03\/DSCN5948-1.jpg\" data-orig-size=\"800,600\" data-comments-opened=\"1\" data-image-meta=\"{&quot;aperture&quot;:&quot;3.2&quot;,&quot;credit&quot;:&quot;&quot;,&quot;camera&quot;:&quot;COOLPIX P900&quot;,&quot;caption&quot;:&quot;&quot;,&quot;created_timestamp&quot;:&quot;1551347072&quot;,&quot;copyright&quot;:&quot;&quot;,&quot;focal_length&quot;:&quot;5.4&quot;,&quot;iso&quot;:&quot;100&quot;,&quot;shutter_speed&quot;:&quot;0.0005&quot;,&quot;title&quot;:&quot;&quot;,&quot;orientation&quot;:&quot;1&quot;}\" data-image-title=\"DSCN5948\" data-image-description=\"\" data-medium-file=\"https:\/\/i0.wp.com\/genevieveetbernardauxameriques.fr\/wp-content\/uploads\/2019\/03\/DSCN5948-1.jpg?fit=300%2C225&#038;ssl=1\" data-large-file=\"https:\/\/i0.wp.com\/genevieveetbernardauxameriques.fr\/wp-content\/uploads\/2019\/03\/DSCN5948-1.jpg?fit=640%2C480&#038;ssl=1\" src=\"https:\/\/i0.wp.com\/genevieveetbernardauxameriques.fr\/wp-content\/uploads\/2019\/03\/DSCN5948-1.jpg?w=316&#038;h=316&#038;crop=1&#038;ssl=1\" srcset=\"https:\/\/i0.wp.com\/genevieveetbernardauxameriques.fr\/wp-content\/uploads\/2019\/03\/DSCN5948-1.jpg?resize=150%2C150&amp;ssl=1 150w, https:\/\/i0.wp.com\/genevieveetbernardauxameriques.fr\/wp-content\/uploads\/2019\/03\/DSCN5948-1.jpg?zoom=2&amp;resize=316%2C316&amp;ssl=1 632w\" width=\"316\" height=\"316\" loading=\"lazy\" data-original-width=\"316\" data-original-height=\"316\" itemprop=\"http:\/\/schema.org\/image\" title=\"DSCN5948\" alt=\"DSCN5948\" style=\"width: 316px; height: 316px;\" \/> <\/a> <\/div> <\/div> <\/div> <div class=\"gallery-row\" style=\"width: 640px; height: 320px;\" data-original-width=\"640\" data-original-height=\"320\" > <div class=\"gallery-group\" style=\"width: 320px; height: 320px;\" data-original-width=\"320\" data-original-height=\"320\" > <div class=\"tiled-gallery-item \" itemprop=\"associatedMedia\" itemscope itemtype=\"http:\/\/schema.org\/ImageObject\"> <a href=\"https:\/\/genevieveetbernardauxameriques.fr\/index.php\/2019\/03\/06\/baja-californie-2-de-la-paz-a-san-ignacio-avec-edwige\/dscn5947-4\/\" border=\"0\" itemprop=\"url\"> <meta itemprop=\"width\" content=\"316\"> <meta itemprop=\"height\" content=\"316\"> <img decoding=\"async\" class=\"\" data-attachment-id=\"33501\" data-orig-file=\"https:\/\/genevieveetbernardauxameriques.fr\/wp-content\/uploads\/2019\/03\/DSCN5947-1.jpg\" data-orig-size=\"800,600\" data-comments-opened=\"1\" data-image-meta=\"{&quot;aperture&quot;:&quot;3.2&quot;,&quot;credit&quot;:&quot;&quot;,&quot;camera&quot;:&quot;COOLPIX P900&quot;,&quot;caption&quot;:&quot;&quot;,&quot;created_timestamp&quot;:&quot;1551347070&quot;,&quot;copyright&quot;:&quot;&quot;,&quot;focal_length&quot;:&quot;5.4&quot;,&quot;iso&quot;:&quot;100&quot;,&quot;shutter_speed&quot;:&quot;0.0005&quot;,&quot;title&quot;:&quot;&quot;,&quot;orientation&quot;:&quot;1&quot;}\" data-image-title=\"DSCN5947\" data-image-description=\"\" data-medium-file=\"https:\/\/i0.wp.com\/genevieveetbernardauxameriques.fr\/wp-content\/uploads\/2019\/03\/DSCN5947-1.jpg?fit=300%2C225&#038;ssl=1\" data-large-file=\"https:\/\/i0.wp.com\/genevieveetbernardauxameriques.fr\/wp-content\/uploads\/2019\/03\/DSCN5947-1.jpg?fit=640%2C480&#038;ssl=1\" src=\"https:\/\/i0.wp.com\/genevieveetbernardauxameriques.fr\/wp-content\/uploads\/2019\/03\/DSCN5947-1.jpg?w=316&#038;h=316&#038;crop=1&#038;ssl=1\" srcset=\"https:\/\/i0.wp.com\/genevieveetbernardauxameriques.fr\/wp-content\/uploads\/2019\/03\/DSCN5947-1.jpg?resize=150%2C150&amp;ssl=1 150w, https:\/\/i0.wp.com\/genevieveetbernardauxameriques.fr\/wp-content\/uploads\/2019\/03\/DSCN5947-1.jpg?zoom=2&amp;resize=316%2C316&amp;ssl=1 632w\" width=\"316\" height=\"316\" loading=\"lazy\" data-original-width=\"316\" data-original-height=\"316\" itemprop=\"http:\/\/schema.org\/image\" title=\"DSCN5947\" alt=\"DSCN5947\" style=\"width: 316px; height: 316px;\" \/> <\/a> <\/div> <\/div> <div class=\"gallery-group\" style=\"width: 320px; height: 320px;\" data-original-width=\"320\" data-original-height=\"320\" > <div class=\"tiled-gallery-item \" itemprop=\"associatedMedia\" itemscope itemtype=\"http:\/\/schema.org\/ImageObject\"> <a href=\"https:\/\/genevieveetbernardauxameriques.fr\/index.php\/2019\/03\/06\/baja-californie-2-de-la-paz-a-san-ignacio-avec-edwige\/dscn5945-3\/\" border=\"0\" itemprop=\"url\"> <meta itemprop=\"width\" content=\"316\"> <meta itemprop=\"height\" content=\"316\"> <img decoding=\"async\" class=\"\" data-attachment-id=\"33499\" data-orig-file=\"https:\/\/genevieveetbernardauxameriques.fr\/wp-content\/uploads\/2019\/03\/DSCN5945-1.jpg\" data-orig-size=\"800,600\" data-comments-opened=\"1\" data-image-meta=\"{&quot;aperture&quot;:&quot;2.8&quot;,&quot;credit&quot;:&quot;&quot;,&quot;camera&quot;:&quot;COOLPIX P900&quot;,&quot;caption&quot;:&quot;&quot;,&quot;created_timestamp&quot;:&quot;1551347057&quot;,&quot;copyright&quot;:&quot;&quot;,&quot;focal_length&quot;:&quot;4.3&quot;,&quot;iso&quot;:&quot;100&quot;,&quot;shutter_speed&quot;:&quot;0.0005&quot;,&quot;title&quot;:&quot;&quot;,&quot;orientation&quot;:&quot;1&quot;}\" data-image-title=\"DSCN5945\" data-image-description=\"\" data-medium-file=\"https:\/\/i0.wp.com\/genevieveetbernardauxameriques.fr\/wp-content\/uploads\/2019\/03\/DSCN5945-1.jpg?fit=300%2C225&#038;ssl=1\" data-large-file=\"https:\/\/i0.wp.com\/genevieveetbernardauxameriques.fr\/wp-content\/uploads\/2019\/03\/DSCN5945-1.jpg?fit=640%2C480&#038;ssl=1\" src=\"https:\/\/i0.wp.com\/genevieveetbernardauxameriques.fr\/wp-content\/uploads\/2019\/03\/DSCN5945-1.jpg?w=316&#038;h=316&#038;crop=1&#038;ssl=1\" srcset=\"https:\/\/i0.wp.com\/genevieveetbernardauxameriques.fr\/wp-content\/uploads\/2019\/03\/DSCN5945-1.jpg?resize=150%2C150&amp;ssl=1 150w, https:\/\/i0.wp.com\/genevieveetbernardauxameriques.fr\/wp-content\/uploads\/2019\/03\/DSCN5945-1.jpg?zoom=2&amp;resize=316%2C316&amp;ssl=1 632w\" width=\"316\" height=\"316\" loading=\"lazy\" data-original-width=\"316\" data-original-height=\"316\" itemprop=\"http:\/\/schema.org\/image\" title=\"DSCN5945\" alt=\"DSCN5945\" style=\"width: 316px; height: 316px;\" \/> <\/a> <\/div> <\/div> <\/div> <div class=\"gallery-row\" style=\"width: 640px; height: 320px;\" data-original-width=\"640\" data-original-height=\"320\" > <div class=\"gallery-group\" style=\"width: 320px; height: 320px;\" data-original-width=\"320\" data-original-height=\"320\" > <div class=\"tiled-gallery-item \" itemprop=\"associatedMedia\" itemscope itemtype=\"http:\/\/schema.org\/ImageObject\"> <a href=\"https:\/\/genevieveetbernardauxameriques.fr\/index.php\/2019\/03\/06\/baja-californie-2-de-la-paz-a-san-ignacio-avec-edwige\/dscn5944-2\/\" border=\"0\" itemprop=\"url\"> <meta itemprop=\"width\" content=\"316\"> <meta itemprop=\"height\" content=\"316\"> <img decoding=\"async\" class=\"\" data-attachment-id=\"33498\" data-orig-file=\"https:\/\/genevieveetbernardauxameriques.fr\/wp-content\/uploads\/2019\/03\/DSCN5944-e1551855807547.jpg\" data-orig-size=\"794,414\" data-comments-opened=\"1\" data-image-meta=\"{&quot;aperture&quot;:&quot;2.8&quot;,&quot;credit&quot;:&quot;&quot;,&quot;camera&quot;:&quot;COOLPIX P900&quot;,&quot;caption&quot;:&quot;&quot;,&quot;created_timestamp&quot;:&quot;1551347055&quot;,&quot;copyright&quot;:&quot;&quot;,&quot;focal_length&quot;:&quot;4.3&quot;,&quot;iso&quot;:&quot;100&quot;,&quot;shutter_speed&quot;:&quot;0.000625&quot;,&quot;title&quot;:&quot;&quot;,&quot;orientation&quot;:&quot;1&quot;}\" data-image-title=\"DSCN5944\" data-image-description=\"\" data-medium-file=\"https:\/\/i0.wp.com\/genevieveetbernardauxameriques.fr\/wp-content\/uploads\/2019\/03\/DSCN5944-e1551855807547.jpg?fit=300%2C156&#038;ssl=1\" data-large-file=\"https:\/\/i0.wp.com\/genevieveetbernardauxameriques.fr\/wp-content\/uploads\/2019\/03\/DSCN5944-e1551855807547.jpg?fit=640%2C334&#038;ssl=1\" src=\"https:\/\/i0.wp.com\/genevieveetbernardauxameriques.fr\/wp-content\/uploads\/2019\/03\/DSCN5944-e1551855807547.jpg?w=316&#038;h=316&#038;crop=1&#038;ssl=1\" srcset=\"https:\/\/i0.wp.com\/genevieveetbernardauxameriques.fr\/wp-content\/uploads\/2019\/03\/DSCN5944-e1551855807547.jpg?resize=150%2C150&amp;ssl=1 150w, https:\/\/i0.wp.com\/genevieveetbernardauxameriques.fr\/wp-content\/uploads\/2019\/03\/DSCN5944-e1551855807547.jpg?zoom=2&amp;resize=316%2C316&amp;ssl=1 632w\" width=\"316\" height=\"316\" loading=\"lazy\" data-original-width=\"316\" data-original-height=\"316\" itemprop=\"http:\/\/schema.org\/image\" title=\"DSCN5944\" alt=\"DSCN5944\" style=\"width: 316px; height: 316px;\" \/> <\/a> <\/div> <\/div> <div class=\"gallery-group\" style=\"width: 320px; height: 320px;\" data-original-width=\"320\" data-original-height=\"320\" > <div class=\"tiled-gallery-item \" itemprop=\"associatedMedia\" itemscope itemtype=\"http:\/\/schema.org\/ImageObject\"> <a href=\"https:\/\/genevieveetbernardauxameriques.fr\/index.php\/2019\/03\/06\/baja-californie-2-de-la-paz-a-san-ignacio-avec-edwige\/dscn5940-3\/\" border=\"0\" itemprop=\"url\"> <meta itemprop=\"width\" content=\"316\"> <meta itemprop=\"height\" content=\"316\"> <img decoding=\"async\" class=\"\" data-attachment-id=\"33496\" data-orig-file=\"https:\/\/genevieveetbernardauxameriques.fr\/wp-content\/uploads\/2019\/03\/DSCN5940-1.jpg\" data-orig-size=\"800,600\" data-comments-opened=\"1\" data-image-meta=\"{&quot;aperture&quot;:&quot;3.5&quot;,&quot;credit&quot;:&quot;&quot;,&quot;camera&quot;:&quot;COOLPIX P900&quot;,&quot;caption&quot;:&quot;&quot;,&quot;created_timestamp&quot;:&quot;1551346434&quot;,&quot;copyright&quot;:&quot;&quot;,&quot;focal_length&quot;:&quot;7.1&quot;,&quot;iso&quot;:&quot;100&quot;,&quot;shutter_speed&quot;:&quot;0.000625&quot;,&quot;title&quot;:&quot;&quot;,&quot;orientation&quot;:&quot;1&quot;}\" data-image-title=\"DSCN5940\" data-image-description=\"\" data-medium-file=\"https:\/\/i0.wp.com\/genevieveetbernardauxameriques.fr\/wp-content\/uploads\/2019\/03\/DSCN5940-1.jpg?fit=300%2C225&#038;ssl=1\" data-large-file=\"https:\/\/i0.wp.com\/genevieveetbernardauxameriques.fr\/wp-content\/uploads\/2019\/03\/DSCN5940-1.jpg?fit=640%2C480&#038;ssl=1\" src=\"https:\/\/i0.wp.com\/genevieveetbernardauxameriques.fr\/wp-content\/uploads\/2019\/03\/DSCN5940-1.jpg?w=316&#038;h=316&#038;crop=1&#038;ssl=1\" srcset=\"https:\/\/i0.wp.com\/genevieveetbernardauxameriques.fr\/wp-content\/uploads\/2019\/03\/DSCN5940-1.jpg?resize=150%2C150&amp;ssl=1 150w, https:\/\/i0.wp.com\/genevieveetbernardauxameriques.fr\/wp-content\/uploads\/2019\/03\/DSCN5940-1.jpg?zoom=2&amp;resize=316%2C316&amp;ssl=1 632w\" width=\"316\" height=\"316\" loading=\"lazy\" data-original-width=\"316\" data-original-height=\"316\" itemprop=\"http:\/\/schema.org\/image\" title=\"DSCN5940\" alt=\"DSCN5940\" style=\"width: 316px; height: 316px;\" \/> <\/a> <\/div> <\/div> <\/div> <div class=\"gallery-row\" style=\"width: 640px; height: 320px;\" data-original-width=\"640\" data-original-height=\"320\" > <div class=\"gallery-group\" style=\"width: 320px; height: 320px;\" data-original-width=\"320\" data-original-height=\"320\" > <div class=\"tiled-gallery-item \" itemprop=\"associatedMedia\" itemscope itemtype=\"http:\/\/schema.org\/ImageObject\"> <a href=\"https:\/\/genevieveetbernardauxameriques.fr\/index.php\/2019\/03\/06\/baja-californie-2-de-la-paz-a-san-ignacio-avec-edwige\/dscn5937-3\/\" border=\"0\" itemprop=\"url\"> <meta itemprop=\"width\" content=\"316\"> <meta itemprop=\"height\" content=\"316\"> <img decoding=\"async\" class=\"\" data-attachment-id=\"33494\" data-orig-file=\"https:\/\/genevieveetbernardauxameriques.fr\/wp-content\/uploads\/2019\/03\/DSCN5937-1.jpg\" data-orig-size=\"800,600\" data-comments-opened=\"1\" data-image-meta=\"{&quot;aperture&quot;:&quot;3.2&quot;,&quot;credit&quot;:&quot;&quot;,&quot;camera&quot;:&quot;COOLPIX P900&quot;,&quot;caption&quot;:&quot;&quot;,&quot;created_timestamp&quot;:&quot;1551346368&quot;,&quot;copyright&quot;:&quot;&quot;,&quot;focal_length&quot;:&quot;7.1&quot;,&quot;iso&quot;:&quot;100&quot;,&quot;shutter_speed&quot;:&quot;0.0005&quot;,&quot;title&quot;:&quot;&quot;,&quot;orientation&quot;:&quot;1&quot;}\" data-image-title=\"DSCN5937\" data-image-description=\"\" data-medium-file=\"https:\/\/i0.wp.com\/genevieveetbernardauxameriques.fr\/wp-content\/uploads\/2019\/03\/DSCN5937-1.jpg?fit=300%2C225&#038;ssl=1\" data-large-file=\"https:\/\/i0.wp.com\/genevieveetbernardauxameriques.fr\/wp-content\/uploads\/2019\/03\/DSCN5937-1.jpg?fit=640%2C480&#038;ssl=1\" src=\"https:\/\/i0.wp.com\/genevieveetbernardauxameriques.fr\/wp-content\/uploads\/2019\/03\/DSCN5937-1.jpg?w=316&#038;h=316&#038;crop=1&#038;ssl=1\" srcset=\"https:\/\/i0.wp.com\/genevieveetbernardauxameriques.fr\/wp-content\/uploads\/2019\/03\/DSCN5937-1.jpg?resize=150%2C150&amp;ssl=1 150w, https:\/\/i0.wp.com\/genevieveetbernardauxameriques.fr\/wp-content\/uploads\/2019\/03\/DSCN5937-1.jpg?zoom=2&amp;resize=316%2C316&amp;ssl=1 632w\" width=\"316\" height=\"316\" loading=\"lazy\" data-original-width=\"316\" data-original-height=\"316\" itemprop=\"http:\/\/schema.org\/image\" title=\"DSCN5937\" alt=\"DSCN5937\" style=\"width: 316px; height: 316px;\" \/> <\/a> <\/div> <\/div> <div class=\"gallery-group\" style=\"width: 320px; height: 320px;\" data-original-width=\"320\" data-original-height=\"320\" > <div class=\"tiled-gallery-item \" itemprop=\"associatedMedia\" itemscope itemtype=\"http:\/\/schema.org\/ImageObject\"> <a href=\"https:\/\/genevieveetbernardauxameriques.fr\/index.php\/2019\/03\/06\/baja-californie-2-de-la-paz-a-san-ignacio-avec-edwige\/dscn5589\/\" border=\"0\" itemprop=\"url\"> <meta itemprop=\"width\" content=\"316\"> <meta itemprop=\"height\" content=\"316\"> <img decoding=\"async\" class=\"\" data-attachment-id=\"33076\" data-orig-file=\"https:\/\/genevieveetbernardauxameriques.fr\/wp-content\/uploads\/2019\/02\/DSCN5589.jpg\" data-orig-size=\"720,540\" data-comments-opened=\"1\" data-image-meta=\"{&quot;aperture&quot;:&quot;4&quot;,&quot;credit&quot;:&quot;&quot;,&quot;camera&quot;:&quot;COOLPIX P900&quot;,&quot;caption&quot;:&quot;&quot;,&quot;created_timestamp&quot;:&quot;1550078893&quot;,&quot;copyright&quot;:&quot;&quot;,&quot;focal_length&quot;:&quot;15.2&quot;,&quot;iso&quot;:&quot;100&quot;,&quot;shutter_speed&quot;:&quot;0.0008&quot;,&quot;title&quot;:&quot;&quot;,&quot;orientation&quot;:&quot;1&quot;}\" data-image-title=\"DSCN5589\" data-image-description=\"\" data-medium-file=\"https:\/\/i0.wp.com\/genevieveetbernardauxameriques.fr\/wp-content\/uploads\/2019\/02\/DSCN5589.jpg?fit=300%2C225&#038;ssl=1\" data-large-file=\"https:\/\/i0.wp.com\/genevieveetbernardauxameriques.fr\/wp-content\/uploads\/2019\/02\/DSCN5589.jpg?fit=640%2C480&#038;ssl=1\" src=\"https:\/\/i0.wp.com\/genevieveetbernardauxameriques.fr\/wp-content\/uploads\/2019\/02\/DSCN5589.jpg?w=316&#038;h=316&#038;crop=1&#038;ssl=1\" srcset=\"https:\/\/i0.wp.com\/genevieveetbernardauxameriques.fr\/wp-content\/uploads\/2019\/02\/DSCN5589.jpg?resize=150%2C150&amp;ssl=1 150w, https:\/\/i0.wp.com\/genevieveetbernardauxameriques.fr\/wp-content\/uploads\/2019\/02\/DSCN5589.jpg?zoom=2&amp;resize=316%2C316&amp;ssl=1 632w\" width=\"316\" height=\"316\" loading=\"lazy\" data-original-width=\"316\" data-original-height=\"316\" itemprop=\"http:\/\/schema.org\/image\" title=\"DSCN5589\" alt=\"DSCN5589\" style=\"width: 316px; height: 316px;\" \/> <\/a> <\/div> <\/div> <\/div> <\/div>\n<p>&nbsp;<\/p>\n<p>Arr\u00eat pour notre premier camping un peu avant San Rosalia.<\/p>\n<p>Nous installons la tente juste \u00e0 c\u00f4t\u00e9 du v\u00e9hicule, elle est tr\u00e8s facile \u00e0 monter<\/p>\n<p><a href=\"https:\/\/i0.wp.com\/genevieveetbernardauxameriques.fr\/wp-content\/uploads\/2019\/02\/DSCN5596-e1551130912841.jpg?ssl=1\"><img loading=\"lazy\" decoding=\"async\" data-attachment-id=\"33080\" data-permalink=\"https:\/\/genevieveetbernardauxameriques.fr\/index.php\/2019\/03\/06\/baja-californie-2-de-la-paz-a-san-ignacio-avec-edwige\/dscn5596-3\/\" data-orig-file=\"https:\/\/i0.wp.com\/genevieveetbernardauxameriques.fr\/wp-content\/uploads\/2019\/02\/DSCN5596-e1551130912841.jpg?fit=714%2C428&amp;ssl=1\" data-orig-size=\"714,428\" data-comments-opened=\"1\" data-image-meta=\"{&quot;aperture&quot;:&quot;3.2&quot;,&quot;credit&quot;:&quot;&quot;,&quot;camera&quot;:&quot;COOLPIX P900&quot;,&quot;caption&quot;:&quot;&quot;,&quot;created_timestamp&quot;:&quot;1550135288&quot;,&quot;copyright&quot;:&quot;&quot;,&quot;focal_length&quot;:&quot;4.3&quot;,&quot;iso&quot;:&quot;100&quot;,&quot;shutter_speed&quot;:&quot;0.0005&quot;,&quot;title&quot;:&quot;&quot;,&quot;orientation&quot;:&quot;1&quot;}\" data-image-title=\"DSCN5596\" data-image-description=\"\" data-image-caption=\"\" data-medium-file=\"https:\/\/i0.wp.com\/genevieveetbernardauxameriques.fr\/wp-content\/uploads\/2019\/02\/DSCN5596-e1551130912841.jpg?fit=300%2C180&amp;ssl=1\" data-large-file=\"https:\/\/i0.wp.com\/genevieveetbernardauxameriques.fr\/wp-content\/uploads\/2019\/02\/DSCN5596-e1551130912841.jpg?fit=640%2C384&amp;ssl=1\" class=\"alignnone size-full wp-image-33080\" src=\"https:\/\/i0.wp.com\/genevieveetbernardauxameriques.fr\/wp-content\/uploads\/2019\/02\/DSCN5596-e1551130912841.jpg?resize=640%2C384&#038;ssl=1\" alt=\"\" width=\"640\" height=\"384\" srcset=\"https:\/\/i0.wp.com\/genevieveetbernardauxameriques.fr\/wp-content\/uploads\/2019\/02\/DSCN5596-e1551130912841.jpg?w=714&amp;ssl=1 714w, https:\/\/i0.wp.com\/genevieveetbernardauxameriques.fr\/wp-content\/uploads\/2019\/02\/DSCN5596-e1551130912841.jpg?resize=300%2C180&amp;ssl=1 300w\" sizes=\"(max-width: 640px) 100vw, 640px\" data-recalc-dims=\"1\" \/><\/a><\/p>\n<p>Au moment de nous coucher, nous d\u00e9cidons avec Edwige et les enfants de faire une partie de skip boo (le jeu de cartes qu&rsquo;Edwige nous a ramen\u00e9 de France et que nous avions d\u00e9couvert avec les Canadiens \u00e0 No\u00ebl).<\/p>\n<p>Bernard voulant aller se coucher, il d\u00e9cide d&rsquo;aller dormir dans la tente. Il y prendra ses quartiers durant tout le s\u00e9jour des enfants. Un enfant dormira sur la banquette et l&rsquo;autre avec Edwige et moi.<\/p>\n<p><strong>JEUDI<\/strong><\/p>\n<p>La nuit ayant \u00e9t\u00e9 excellente pour tout le monde, nous d\u00e9cidons de continuer comme cela.<\/p>\n<p>Nous nous arr\u00eatons \u00e0 <strong>SAN ROSALIA. <\/strong>Il s&rsquo;agit d&rsquo;une ville construite par une entreprise fran\u00e7aise, El Boleo, afin d\u2019y extraire les quantit\u00e9s importantes de cuivre localis\u00e9 autour de la ville. L\u2019op\u00e9ration mini\u00e8re y \u00e9tant termin\u00e9e depuis les ann\u00e9es 50, la ville de Santa Rosalia est maintenant un petit port de p\u00eache avec un peu d&rsquo;industries assez d\u00e9labr\u00e9es.\u00a0Les Fran\u00e7ais ont laiss\u00e9 leur marque dans la ville.<\/p>\n<p><a href=\"https:\/\/i0.wp.com\/genevieveetbernardauxameriques.fr\/wp-content\/uploads\/2019\/02\/DSCN5780.jpg?ssl=1\"><img loading=\"lazy\" decoding=\"async\" data-attachment-id=\"33156\" data-permalink=\"https:\/\/genevieveetbernardauxameriques.fr\/index.php\/2019\/03\/06\/baja-californie-2-de-la-paz-a-san-ignacio-avec-edwige\/dscn5780-2\/\" data-orig-file=\"https:\/\/i0.wp.com\/genevieveetbernardauxameriques.fr\/wp-content\/uploads\/2019\/02\/DSCN5780.jpg?fit=720%2C540&amp;ssl=1\" data-orig-size=\"720,540\" data-comments-opened=\"1\" data-image-meta=\"{&quot;aperture&quot;:&quot;3.5&quot;,&quot;credit&quot;:&quot;&quot;,&quot;camera&quot;:&quot;COOLPIX P900&quot;,&quot;caption&quot;:&quot;&quot;,&quot;created_timestamp&quot;:&quot;1550318479&quot;,&quot;copyright&quot;:&quot;&quot;,&quot;focal_length&quot;:&quot;9.8&quot;,&quot;iso&quot;:&quot;100&quot;,&quot;shutter_speed&quot;:&quot;0.00125&quot;,&quot;title&quot;:&quot;&quot;,&quot;orientation&quot;:&quot;1&quot;}\" data-image-title=\"DSCN5780\" data-image-description=\"\" data-image-caption=\"\" data-medium-file=\"https:\/\/i0.wp.com\/genevieveetbernardauxameriques.fr\/wp-content\/uploads\/2019\/02\/DSCN5780.jpg?fit=300%2C225&amp;ssl=1\" data-large-file=\"https:\/\/i0.wp.com\/genevieveetbernardauxameriques.fr\/wp-content\/uploads\/2019\/02\/DSCN5780.jpg?fit=640%2C480&amp;ssl=1\" class=\"alignnone size-full wp-image-33156\" src=\"https:\/\/i0.wp.com\/genevieveetbernardauxameriques.fr\/wp-content\/uploads\/2019\/02\/DSCN5780.jpg?resize=640%2C480&#038;ssl=1\" alt=\"\" width=\"640\" height=\"480\" srcset=\"https:\/\/i0.wp.com\/genevieveetbernardauxameriques.fr\/wp-content\/uploads\/2019\/02\/DSCN5780.jpg?w=720&amp;ssl=1 720w, https:\/\/i0.wp.com\/genevieveetbernardauxameriques.fr\/wp-content\/uploads\/2019\/02\/DSCN5780.jpg?resize=300%2C225&amp;ssl=1 300w\" sizes=\"(max-width: 640px) 100vw, 640px\" data-recalc-dims=\"1\" \/><\/a><\/p>\n<p>La Iglesia Santa Barbara est unique parce qu\u2019elle a \u00e9t\u00e9 dessin\u00e9e et construite par Eiffel pour l\u2019exposition universelle de 1898. Elle a ensuite \u00e9t\u00e9 transport\u00e9e par bateau par le Cap Horn vers son emplacement actuel.<\/p>\n<p><a href=\"https:\/\/i0.wp.com\/genevieveetbernardauxameriques.fr\/wp-content\/uploads\/2019\/02\/DSCN5605.jpg?ssl=1\"><img loading=\"lazy\" decoding=\"async\" data-attachment-id=\"33084\" data-permalink=\"https:\/\/genevieveetbernardauxameriques.fr\/index.php\/2019\/03\/06\/baja-californie-2-de-la-paz-a-san-ignacio-avec-edwige\/dscn5605\/\" data-orig-file=\"https:\/\/i0.wp.com\/genevieveetbernardauxameriques.fr\/wp-content\/uploads\/2019\/02\/DSCN5605.jpg?fit=720%2C540&amp;ssl=1\" data-orig-size=\"720,540\" data-comments-opened=\"1\" data-image-meta=\"{&quot;aperture&quot;:&quot;3.2&quot;,&quot;credit&quot;:&quot;&quot;,&quot;camera&quot;:&quot;COOLPIX P900&quot;,&quot;caption&quot;:&quot;&quot;,&quot;created_timestamp&quot;:&quot;1550143378&quot;,&quot;copyright&quot;:&quot;&quot;,&quot;focal_length&quot;:&quot;4.3&quot;,&quot;iso&quot;:&quot;100&quot;,&quot;shutter_speed&quot;:&quot;0.0005&quot;,&quot;title&quot;:&quot;&quot;,&quot;orientation&quot;:&quot;1&quot;}\" data-image-title=\"DSCN5605\" data-image-description=\"\" data-image-caption=\"\" data-medium-file=\"https:\/\/i0.wp.com\/genevieveetbernardauxameriques.fr\/wp-content\/uploads\/2019\/02\/DSCN5605.jpg?fit=300%2C225&amp;ssl=1\" data-large-file=\"https:\/\/i0.wp.com\/genevieveetbernardauxameriques.fr\/wp-content\/uploads\/2019\/02\/DSCN5605.jpg?fit=640%2C480&amp;ssl=1\" class=\"alignnone size-full wp-image-33084\" src=\"https:\/\/i0.wp.com\/genevieveetbernardauxameriques.fr\/wp-content\/uploads\/2019\/02\/DSCN5605.jpg?resize=640%2C480&#038;ssl=1\" alt=\"\" width=\"640\" height=\"480\" srcset=\"https:\/\/i0.wp.com\/genevieveetbernardauxameriques.fr\/wp-content\/uploads\/2019\/02\/DSCN5605.jpg?w=720&amp;ssl=1 720w, https:\/\/i0.wp.com\/genevieveetbernardauxameriques.fr\/wp-content\/uploads\/2019\/02\/DSCN5605.jpg?resize=300%2C225&amp;ssl=1 300w\" sizes=\"(max-width: 640px) 100vw, 640px\" data-recalc-dims=\"1\" \/><\/a><\/p>\n<p>La structure du toit est enti\u00e8rement m\u00e9tallique<\/p>\n<p><a href=\"https:\/\/i0.wp.com\/genevieveetbernardauxameriques.fr\/wp-content\/uploads\/2019\/02\/DSCN5604.jpg?ssl=1\"><img loading=\"lazy\" decoding=\"async\" data-attachment-id=\"33083\" data-permalink=\"https:\/\/genevieveetbernardauxameriques.fr\/index.php\/2019\/03\/06\/baja-californie-2-de-la-paz-a-san-ignacio-avec-edwige\/dscn5604-3\/\" data-orig-file=\"https:\/\/i0.wp.com\/genevieveetbernardauxameriques.fr\/wp-content\/uploads\/2019\/02\/DSCN5604.jpg?fit=720%2C540&amp;ssl=1\" data-orig-size=\"720,540\" data-comments-opened=\"1\" data-image-meta=\"{&quot;aperture&quot;:&quot;2.8&quot;,&quot;credit&quot;:&quot;&quot;,&quot;camera&quot;:&quot;COOLPIX P900&quot;,&quot;caption&quot;:&quot;&quot;,&quot;created_timestamp&quot;:&quot;1550143320&quot;,&quot;copyright&quot;:&quot;&quot;,&quot;focal_length&quot;:&quot;4.3&quot;,&quot;iso&quot;:&quot;140&quot;,&quot;shutter_speed&quot;:&quot;0.033333333333333&quot;,&quot;title&quot;:&quot;&quot;,&quot;orientation&quot;:&quot;1&quot;}\" data-image-title=\"DSCN5604\" data-image-description=\"\" data-image-caption=\"\" data-medium-file=\"https:\/\/i0.wp.com\/genevieveetbernardauxameriques.fr\/wp-content\/uploads\/2019\/02\/DSCN5604.jpg?fit=300%2C225&amp;ssl=1\" data-large-file=\"https:\/\/i0.wp.com\/genevieveetbernardauxameriques.fr\/wp-content\/uploads\/2019\/02\/DSCN5604.jpg?fit=640%2C480&amp;ssl=1\" class=\"alignnone size-full wp-image-33083\" src=\"https:\/\/i0.wp.com\/genevieveetbernardauxameriques.fr\/wp-content\/uploads\/2019\/02\/DSCN5604.jpg?resize=640%2C480&#038;ssl=1\" alt=\"\" width=\"640\" height=\"480\" srcset=\"https:\/\/i0.wp.com\/genevieveetbernardauxameriques.fr\/wp-content\/uploads\/2019\/02\/DSCN5604.jpg?w=720&amp;ssl=1 720w, https:\/\/i0.wp.com\/genevieveetbernardauxameriques.fr\/wp-content\/uploads\/2019\/02\/DSCN5604.jpg?resize=300%2C225&amp;ssl=1 300w\" sizes=\"(max-width: 640px) 100vw, 640px\" data-recalc-dims=\"1\" \/><\/a><a href=\"https:\/\/i0.wp.com\/genevieveetbernardauxameriques.fr\/wp-content\/uploads\/2019\/02\/DSCN5606.jpg?ssl=1\"><img loading=\"lazy\" decoding=\"async\" data-attachment-id=\"33085\" data-permalink=\"https:\/\/genevieveetbernardauxameriques.fr\/index.php\/2019\/03\/06\/baja-californie-2-de-la-paz-a-san-ignacio-avec-edwige\/dscn5606-2\/\" data-orig-file=\"https:\/\/i0.wp.com\/genevieveetbernardauxameriques.fr\/wp-content\/uploads\/2019\/02\/DSCN5606.jpg?fit=720%2C540&amp;ssl=1\" data-orig-size=\"720,540\" data-comments-opened=\"1\" data-image-meta=\"{&quot;aperture&quot;:&quot;3.5&quot;,&quot;credit&quot;:&quot;&quot;,&quot;camera&quot;:&quot;COOLPIX P900&quot;,&quot;caption&quot;:&quot;&quot;,&quot;created_timestamp&quot;:&quot;1550143431&quot;,&quot;copyright&quot;:&quot;&quot;,&quot;focal_length&quot;:&quot;8.9&quot;,&quot;iso&quot;:&quot;100&quot;,&quot;shutter_speed&quot;:&quot;0.000625&quot;,&quot;title&quot;:&quot;&quot;,&quot;orientation&quot;:&quot;1&quot;}\" data-image-title=\"DSCN5606\" data-image-description=\"\" data-image-caption=\"\" data-medium-file=\"https:\/\/i0.wp.com\/genevieveetbernardauxameriques.fr\/wp-content\/uploads\/2019\/02\/DSCN5606.jpg?fit=300%2C225&amp;ssl=1\" data-large-file=\"https:\/\/i0.wp.com\/genevieveetbernardauxameriques.fr\/wp-content\/uploads\/2019\/02\/DSCN5606.jpg?fit=640%2C480&amp;ssl=1\" class=\"alignnone size-full wp-image-33085\" src=\"https:\/\/i0.wp.com\/genevieveetbernardauxameriques.fr\/wp-content\/uploads\/2019\/02\/DSCN5606.jpg?resize=640%2C480&#038;ssl=1\" alt=\"\" width=\"640\" height=\"480\" srcset=\"https:\/\/i0.wp.com\/genevieveetbernardauxameriques.fr\/wp-content\/uploads\/2019\/02\/DSCN5606.jpg?w=720&amp;ssl=1 720w, https:\/\/i0.wp.com\/genevieveetbernardauxameriques.fr\/wp-content\/uploads\/2019\/02\/DSCN5606.jpg?resize=300%2C225&amp;ssl=1 300w\" sizes=\"(max-width: 640px) 100vw, 640px\" data-recalc-dims=\"1\" \/><\/a><\/p>\n<p>Le midi nous arrivons \u00e0<strong> SAN IGNACIO<\/strong>, qui se situe au cour d\u2019une d\u00e9licieuse oasis.<\/p>\n<p>Lors de sa construction par des moines j\u00e9suites en 1728, de la Mission de SAN IGNACIO, on utilisa des blocs de roche volcanique de 1,20 m d&rsquo;\u00e9paisseur, cela a permis \u00e0 l&rsquo;\u00e9glise de survivre au passage des si\u00e8cles \u00e0 la diff\u00e9rence des autres missions qui ont \u00e9t\u00e9 reconstruites.<\/p>\n<p><a href=\"https:\/\/i0.wp.com\/genevieveetbernardauxameriques.fr\/wp-content\/uploads\/2019\/02\/DSCN5608.jpg?ssl=1\"><img loading=\"lazy\" decoding=\"async\" data-attachment-id=\"33086\" data-permalink=\"https:\/\/genevieveetbernardauxameriques.fr\/index.php\/2019\/03\/06\/baja-californie-2-de-la-paz-a-san-ignacio-avec-edwige\/dscn5608\/\" data-orig-file=\"https:\/\/i0.wp.com\/genevieveetbernardauxameriques.fr\/wp-content\/uploads\/2019\/02\/DSCN5608.jpg?fit=720%2C540&amp;ssl=1\" data-orig-size=\"720,540\" data-comments-opened=\"1\" data-image-meta=\"{&quot;aperture&quot;:&quot;3.2&quot;,&quot;credit&quot;:&quot;&quot;,&quot;camera&quot;:&quot;COOLPIX P900&quot;,&quot;caption&quot;:&quot;&quot;,&quot;created_timestamp&quot;:&quot;1550147909&quot;,&quot;copyright&quot;:&quot;&quot;,&quot;focal_length&quot;:&quot;4.3&quot;,&quot;iso&quot;:&quot;100&quot;,&quot;shutter_speed&quot;:&quot;0.000625&quot;,&quot;title&quot;:&quot;&quot;,&quot;orientation&quot;:&quot;1&quot;}\" data-image-title=\"DSCN5608\" data-image-description=\"\" data-image-caption=\"\" data-medium-file=\"https:\/\/i0.wp.com\/genevieveetbernardauxameriques.fr\/wp-content\/uploads\/2019\/02\/DSCN5608.jpg?fit=300%2C225&amp;ssl=1\" data-large-file=\"https:\/\/i0.wp.com\/genevieveetbernardauxameriques.fr\/wp-content\/uploads\/2019\/02\/DSCN5608.jpg?fit=640%2C480&amp;ssl=1\" class=\"alignnone size-full wp-image-33086\" src=\"https:\/\/i0.wp.com\/genevieveetbernardauxameriques.fr\/wp-content\/uploads\/2019\/02\/DSCN5608.jpg?resize=640%2C480&#038;ssl=1\" alt=\"\" width=\"640\" height=\"480\" srcset=\"https:\/\/i0.wp.com\/genevieveetbernardauxameriques.fr\/wp-content\/uploads\/2019\/02\/DSCN5608.jpg?w=720&amp;ssl=1 720w, https:\/\/i0.wp.com\/genevieveetbernardauxameriques.fr\/wp-content\/uploads\/2019\/02\/DSCN5608.jpg?resize=300%2C225&amp;ssl=1 300w\" sizes=\"(max-width: 640px) 100vw, 640px\" data-recalc-dims=\"1\" \/><\/a><\/p>\n<p>Nous mangeons sur la place des tacos.<\/p>\n<p><a href=\"https:\/\/i0.wp.com\/genevieveetbernardauxameriques.fr\/wp-content\/uploads\/2019\/02\/DSCN5611.jpg?ssl=1\"><img loading=\"lazy\" decoding=\"async\" data-attachment-id=\"33087\" data-permalink=\"https:\/\/genevieveetbernardauxameriques.fr\/index.php\/2019\/03\/06\/baja-californie-2-de-la-paz-a-san-ignacio-avec-edwige\/dscn5611-3\/\" data-orig-file=\"https:\/\/i0.wp.com\/genevieveetbernardauxameriques.fr\/wp-content\/uploads\/2019\/02\/DSCN5611.jpg?fit=720%2C405&amp;ssl=1\" data-orig-size=\"720,405\" data-comments-opened=\"1\" data-image-meta=\"{&quot;aperture&quot;:&quot;2.8&quot;,&quot;credit&quot;:&quot;&quot;,&quot;camera&quot;:&quot;COOLPIX P900&quot;,&quot;caption&quot;:&quot;&quot;,&quot;created_timestamp&quot;:&quot;1550153900&quot;,&quot;copyright&quot;:&quot;&quot;,&quot;focal_length&quot;:&quot;4.3&quot;,&quot;iso&quot;:&quot;100&quot;,&quot;shutter_speed&quot;:&quot;0.004&quot;,&quot;title&quot;:&quot;&quot;,&quot;orientation&quot;:&quot;1&quot;}\" data-image-title=\"DSCN5611\" data-image-description=\"\" data-image-caption=\"\" data-medium-file=\"https:\/\/i0.wp.com\/genevieveetbernardauxameriques.fr\/wp-content\/uploads\/2019\/02\/DSCN5611.jpg?fit=300%2C169&amp;ssl=1\" data-large-file=\"https:\/\/i0.wp.com\/genevieveetbernardauxameriques.fr\/wp-content\/uploads\/2019\/02\/DSCN5611.jpg?fit=640%2C360&amp;ssl=1\" class=\"alignnone size-full wp-image-33087\" src=\"https:\/\/i0.wp.com\/genevieveetbernardauxameriques.fr\/wp-content\/uploads\/2019\/02\/DSCN5611.jpg?resize=640%2C360&#038;ssl=1\" alt=\"\" width=\"640\" height=\"360\" srcset=\"https:\/\/i0.wp.com\/genevieveetbernardauxameriques.fr\/wp-content\/uploads\/2019\/02\/DSCN5611.jpg?w=720&amp;ssl=1 720w, https:\/\/i0.wp.com\/genevieveetbernardauxameriques.fr\/wp-content\/uploads\/2019\/02\/DSCN5611.jpg?resize=300%2C169&amp;ssl=1 300w\" sizes=\"(max-width: 640px) 100vw, 640px\" data-recalc-dims=\"1\" \/><\/a><\/p>\n<p>Nous r\u00e9servons \u00e9galement un tour pour le lendemain matin, car nous sommes mont\u00e9s jusqu&rsquo;ici pour rejoindre le site des baleines grises.<\/p>\n<p><a href=\"https:\/\/i0.wp.com\/genevieveetbernardauxameriques.fr\/wp-content\/uploads\/2019\/02\/DSCN5614.jpg?ssl=1\"><img loading=\"lazy\" decoding=\"async\" data-attachment-id=\"33088\" data-permalink=\"https:\/\/genevieveetbernardauxameriques.fr\/index.php\/2019\/03\/06\/baja-californie-2-de-la-paz-a-san-ignacio-avec-edwige\/dscn5614-2\/\" data-orig-file=\"https:\/\/i0.wp.com\/genevieveetbernardauxameriques.fr\/wp-content\/uploads\/2019\/02\/DSCN5614.jpg?fit=720%2C540&amp;ssl=1\" data-orig-size=\"720,540\" data-comments-opened=\"1\" data-image-meta=\"{&quot;aperture&quot;:&quot;3.2&quot;,&quot;credit&quot;:&quot;&quot;,&quot;camera&quot;:&quot;COOLPIX P900&quot;,&quot;caption&quot;:&quot;&quot;,&quot;created_timestamp&quot;:&quot;1550158069&quot;,&quot;copyright&quot;:&quot;&quot;,&quot;focal_length&quot;:&quot;4.3&quot;,&quot;iso&quot;:&quot;100&quot;,&quot;shutter_speed&quot;:&quot;0.0005&quot;,&quot;title&quot;:&quot;&quot;,&quot;orientation&quot;:&quot;1&quot;}\" data-image-title=\"DSCN5614\" data-image-description=\"\" data-image-caption=\"\" data-medium-file=\"https:\/\/i0.wp.com\/genevieveetbernardauxameriques.fr\/wp-content\/uploads\/2019\/02\/DSCN5614.jpg?fit=300%2C225&amp;ssl=1\" data-large-file=\"https:\/\/i0.wp.com\/genevieveetbernardauxameriques.fr\/wp-content\/uploads\/2019\/02\/DSCN5614.jpg?fit=640%2C480&amp;ssl=1\" class=\"alignnone size-full wp-image-33088\" src=\"https:\/\/i0.wp.com\/genevieveetbernardauxameriques.fr\/wp-content\/uploads\/2019\/02\/DSCN5614.jpg?resize=640%2C480&#038;ssl=1\" alt=\"\" width=\"640\" height=\"480\" srcset=\"https:\/\/i0.wp.com\/genevieveetbernardauxameriques.fr\/wp-content\/uploads\/2019\/02\/DSCN5614.jpg?w=720&amp;ssl=1 720w, https:\/\/i0.wp.com\/genevieveetbernardauxameriques.fr\/wp-content\/uploads\/2019\/02\/DSCN5614.jpg?resize=300%2C225&amp;ssl=1 300w\" sizes=\"(max-width: 640px) 100vw, 640px\" data-recalc-dims=\"1\" \/><\/a> <a href=\"https:\/\/i0.wp.com\/genevieveetbernardauxameriques.fr\/wp-content\/uploads\/2019\/02\/DSCN5615.jpg?ssl=1\"><img loading=\"lazy\" decoding=\"async\" data-attachment-id=\"33089\" data-permalink=\"https:\/\/genevieveetbernardauxameriques.fr\/index.php\/2019\/03\/06\/baja-californie-2-de-la-paz-a-san-ignacio-avec-edwige\/dscn5615-2\/\" data-orig-file=\"https:\/\/i0.wp.com\/genevieveetbernardauxameriques.fr\/wp-content\/uploads\/2019\/02\/DSCN5615.jpg?fit=720%2C540&amp;ssl=1\" data-orig-size=\"720,540\" data-comments-opened=\"1\" data-image-meta=\"{&quot;aperture&quot;:&quot;4&quot;,&quot;credit&quot;:&quot;&quot;,&quot;camera&quot;:&quot;COOLPIX P900&quot;,&quot;caption&quot;:&quot;&quot;,&quot;created_timestamp&quot;:&quot;1550158106&quot;,&quot;copyright&quot;:&quot;&quot;,&quot;focal_length&quot;:&quot;17&quot;,&quot;iso&quot;:&quot;100&quot;,&quot;shutter_speed&quot;:&quot;0.00125&quot;,&quot;title&quot;:&quot;&quot;,&quot;orientation&quot;:&quot;1&quot;}\" data-image-title=\"DSCN5615\" data-image-description=\"\" data-image-caption=\"\" data-medium-file=\"https:\/\/i0.wp.com\/genevieveetbernardauxameriques.fr\/wp-content\/uploads\/2019\/02\/DSCN5615.jpg?fit=300%2C225&amp;ssl=1\" data-large-file=\"https:\/\/i0.wp.com\/genevieveetbernardauxameriques.fr\/wp-content\/uploads\/2019\/02\/DSCN5615.jpg?fit=640%2C480&amp;ssl=1\" class=\"alignnone size-full wp-image-33089\" src=\"https:\/\/i0.wp.com\/genevieveetbernardauxameriques.fr\/wp-content\/uploads\/2019\/02\/DSCN5615.jpg?resize=640%2C480&#038;ssl=1\" alt=\"\" width=\"640\" height=\"480\" srcset=\"https:\/\/i0.wp.com\/genevieveetbernardauxameriques.fr\/wp-content\/uploads\/2019\/02\/DSCN5615.jpg?w=720&amp;ssl=1 720w, https:\/\/i0.wp.com\/genevieveetbernardauxameriques.fr\/wp-content\/uploads\/2019\/02\/DSCN5615.jpg?resize=300%2C225&amp;ssl=1 300w\" sizes=\"(max-width: 640px) 100vw, 640px\" data-recalc-dims=\"1\" \/><\/a> <a href=\"https:\/\/i0.wp.com\/genevieveetbernardauxameriques.fr\/wp-content\/uploads\/2019\/02\/DSCN5616.jpg?ssl=1\"><img loading=\"lazy\" decoding=\"async\" data-attachment-id=\"33090\" data-permalink=\"https:\/\/genevieveetbernardauxameriques.fr\/index.php\/2019\/03\/06\/baja-californie-2-de-la-paz-a-san-ignacio-avec-edwige\/dscn5616-3\/\" data-orig-file=\"https:\/\/i0.wp.com\/genevieveetbernardauxameriques.fr\/wp-content\/uploads\/2019\/02\/DSCN5616.jpg?fit=720%2C540&amp;ssl=1\" data-orig-size=\"720,540\" data-comments-opened=\"1\" data-image-meta=\"{&quot;aperture&quot;:&quot;3.2&quot;,&quot;credit&quot;:&quot;&quot;,&quot;camera&quot;:&quot;COOLPIX P900&quot;,&quot;caption&quot;:&quot;&quot;,&quot;created_timestamp&quot;:&quot;1550158115&quot;,&quot;copyright&quot;:&quot;&quot;,&quot;focal_length&quot;:&quot;6.2&quot;,&quot;iso&quot;:&quot;100&quot;,&quot;shutter_speed&quot;:&quot;0.0025&quot;,&quot;title&quot;:&quot;&quot;,&quot;orientation&quot;:&quot;1&quot;}\" data-image-title=\"DSCN5616\" data-image-description=\"\" data-image-caption=\"\" data-medium-file=\"https:\/\/i0.wp.com\/genevieveetbernardauxameriques.fr\/wp-content\/uploads\/2019\/02\/DSCN5616.jpg?fit=300%2C225&amp;ssl=1\" data-large-file=\"https:\/\/i0.wp.com\/genevieveetbernardauxameriques.fr\/wp-content\/uploads\/2019\/02\/DSCN5616.jpg?fit=640%2C480&amp;ssl=1\" class=\"alignnone size-full wp-image-33090\" src=\"https:\/\/i0.wp.com\/genevieveetbernardauxameriques.fr\/wp-content\/uploads\/2019\/02\/DSCN5616.jpg?resize=640%2C480&#038;ssl=1\" alt=\"\" width=\"640\" height=\"480\" srcset=\"https:\/\/i0.wp.com\/genevieveetbernardauxameriques.fr\/wp-content\/uploads\/2019\/02\/DSCN5616.jpg?w=720&amp;ssl=1 720w, https:\/\/i0.wp.com\/genevieveetbernardauxameriques.fr\/wp-content\/uploads\/2019\/02\/DSCN5616.jpg?resize=300%2C225&amp;ssl=1 300w\" sizes=\"(max-width: 640px) 100vw, 640px\" data-recalc-dims=\"1\" \/><\/a> <a href=\"https:\/\/i0.wp.com\/genevieveetbernardauxameriques.fr\/wp-content\/uploads\/2019\/02\/DSCN5617.jpg?ssl=1\"><img loading=\"lazy\" decoding=\"async\" data-attachment-id=\"33091\" data-permalink=\"https:\/\/genevieveetbernardauxameriques.fr\/index.php\/2019\/03\/06\/baja-californie-2-de-la-paz-a-san-ignacio-avec-edwige\/dscn5617-2\/\" data-orig-file=\"https:\/\/i0.wp.com\/genevieveetbernardauxameriques.fr\/wp-content\/uploads\/2019\/02\/DSCN5617.jpg?fit=720%2C540&amp;ssl=1\" data-orig-size=\"720,540\" data-comments-opened=\"1\" data-image-meta=\"{&quot;aperture&quot;:&quot;2.8&quot;,&quot;credit&quot;:&quot;&quot;,&quot;camera&quot;:&quot;COOLPIX P900&quot;,&quot;caption&quot;:&quot;&quot;,&quot;created_timestamp&quot;:&quot;1550158129&quot;,&quot;copyright&quot;:&quot;&quot;,&quot;focal_length&quot;:&quot;4.3&quot;,&quot;iso&quot;:&quot;100&quot;,&quot;shutter_speed&quot;:&quot;0.0008&quot;,&quot;title&quot;:&quot;&quot;,&quot;orientation&quot;:&quot;1&quot;}\" data-image-title=\"DSCN5617\" data-image-description=\"\" data-image-caption=\"\" data-medium-file=\"https:\/\/i0.wp.com\/genevieveetbernardauxameriques.fr\/wp-content\/uploads\/2019\/02\/DSCN5617.jpg?fit=300%2C225&amp;ssl=1\" data-large-file=\"https:\/\/i0.wp.com\/genevieveetbernardauxameriques.fr\/wp-content\/uploads\/2019\/02\/DSCN5617.jpg?fit=640%2C480&amp;ssl=1\" class=\"alignnone size-full wp-image-33091\" src=\"https:\/\/i0.wp.com\/genevieveetbernardauxameriques.fr\/wp-content\/uploads\/2019\/02\/DSCN5617.jpg?resize=640%2C480&#038;ssl=1\" alt=\"\" width=\"640\" height=\"480\" srcset=\"https:\/\/i0.wp.com\/genevieveetbernardauxameriques.fr\/wp-content\/uploads\/2019\/02\/DSCN5617.jpg?w=720&amp;ssl=1 720w, https:\/\/i0.wp.com\/genevieveetbernardauxameriques.fr\/wp-content\/uploads\/2019\/02\/DSCN5617.jpg?resize=300%2C225&amp;ssl=1 300w\" sizes=\"(max-width: 640px) 100vw, 640px\" data-recalc-dims=\"1\" \/><\/a><\/p>\n<p>Nous sommes dans la Laguna de SAN IGNACIO, nous avons 70 Kms \u00e0 parcourir, mais les 35 derniers kilom\u00e8tres sont une tr\u00e8s mauvaise piste. Nous mettrons presque 2 h.<\/p>\n<div class=\"tiled-gallery type-square tiled-gallery-unresized\" data-original-width=\"640\" data-carousel-extra='{&quot;blog_id&quot;:1,&quot;permalink&quot;:&quot;https:\\\/\\\/genevieveetbernardauxameriques.fr\\\/index.php\\\/2019\\\/03\\\/06\\\/baja-californie-2-de-la-paz-a-san-ignacio-avec-edwige\\\/&quot;,&quot;likes_blog_id&quot;:107627276}' itemscope itemtype=\"http:\/\/schema.org\/ImageGallery\" > <div class=\"gallery-row\" style=\"width: 640px; height: 320px;\" data-original-width=\"640\" data-original-height=\"320\" > <div class=\"gallery-group\" style=\"width: 320px; height: 320px;\" data-original-width=\"320\" data-original-height=\"320\" > <div class=\"tiled-gallery-item \" itemprop=\"associatedMedia\" itemscope itemtype=\"http:\/\/schema.org\/ImageObject\"> <a href=\"https:\/\/genevieveetbernardauxameriques.fr\/index.php\/2019\/03\/06\/baja-californie-2-de-la-paz-a-san-ignacio-avec-edwige\/dscn5621-2\/\" border=\"0\" itemprop=\"url\"> <meta itemprop=\"width\" content=\"316\"> <meta itemprop=\"height\" content=\"316\"> <img decoding=\"async\" class=\"\" data-attachment-id=\"33092\" data-orig-file=\"https:\/\/genevieveetbernardauxameriques.fr\/wp-content\/uploads\/2019\/02\/DSCN5621.jpg\" data-orig-size=\"720,540\" data-comments-opened=\"1\" data-image-meta=\"{&quot;aperture&quot;:&quot;4.5&quot;,&quot;credit&quot;:&quot;&quot;,&quot;camera&quot;:&quot;COOLPIX P900&quot;,&quot;caption&quot;:&quot;&quot;,&quot;created_timestamp&quot;:&quot;1550159045&quot;,&quot;copyright&quot;:&quot;&quot;,&quot;focal_length&quot;:&quot;33&quot;,&quot;iso&quot;:&quot;100&quot;,&quot;shutter_speed&quot;:&quot;0.000625&quot;,&quot;title&quot;:&quot;&quot;,&quot;orientation&quot;:&quot;1&quot;}\" data-image-title=\"DSCN5621\" data-image-description=\"\" data-medium-file=\"https:\/\/i0.wp.com\/genevieveetbernardauxameriques.fr\/wp-content\/uploads\/2019\/02\/DSCN5621.jpg?fit=300%2C225&#038;ssl=1\" data-large-file=\"https:\/\/i0.wp.com\/genevieveetbernardauxameriques.fr\/wp-content\/uploads\/2019\/02\/DSCN5621.jpg?fit=640%2C480&#038;ssl=1\" src=\"https:\/\/i0.wp.com\/genevieveetbernardauxameriques.fr\/wp-content\/uploads\/2019\/02\/DSCN5621.jpg?w=316&#038;h=316&#038;crop=1&#038;ssl=1\" srcset=\"https:\/\/i0.wp.com\/genevieveetbernardauxameriques.fr\/wp-content\/uploads\/2019\/02\/DSCN5621.jpg?resize=150%2C150&amp;ssl=1 150w, https:\/\/i0.wp.com\/genevieveetbernardauxameriques.fr\/wp-content\/uploads\/2019\/02\/DSCN5621.jpg?zoom=2&amp;resize=316%2C316&amp;ssl=1 632w\" width=\"316\" height=\"316\" loading=\"lazy\" data-original-width=\"316\" data-original-height=\"316\" itemprop=\"http:\/\/schema.org\/image\" title=\"DSCN5621\" alt=\"DSCN5621\" style=\"width: 316px; height: 316px;\" \/> <\/a> <\/div> <\/div> <div class=\"gallery-group\" style=\"width: 320px; height: 320px;\" data-original-width=\"320\" data-original-height=\"320\" > <div class=\"tiled-gallery-item \" itemprop=\"associatedMedia\" itemscope itemtype=\"http:\/\/schema.org\/ImageObject\"> <a href=\"https:\/\/genevieveetbernardauxameriques.fr\/index.php\/2019\/03\/06\/baja-californie-2-de-la-paz-a-san-ignacio-avec-edwige\/dscn5623-3\/\" border=\"0\" itemprop=\"url\"> <meta itemprop=\"width\" content=\"316\"> <meta itemprop=\"height\" content=\"316\"> <img decoding=\"async\" class=\"\" data-attachment-id=\"33093\" data-orig-file=\"https:\/\/genevieveetbernardauxameriques.fr\/wp-content\/uploads\/2019\/02\/DSCN5623.jpg\" data-orig-size=\"720,540\" data-comments-opened=\"1\" data-image-meta=\"{&quot;aperture&quot;:&quot;4.5&quot;,&quot;credit&quot;:&quot;&quot;,&quot;camera&quot;:&quot;COOLPIX P900&quot;,&quot;caption&quot;:&quot;&quot;,&quot;created_timestamp&quot;:&quot;1550159223&quot;,&quot;copyright&quot;:&quot;&quot;,&quot;focal_length&quot;:&quot;4.3&quot;,&quot;iso&quot;:&quot;100&quot;,&quot;shutter_speed&quot;:&quot;0.0005&quot;,&quot;title&quot;:&quot;&quot;,&quot;orientation&quot;:&quot;1&quot;}\" data-image-title=\"DSCN5623\" data-image-description=\"\" data-medium-file=\"https:\/\/i0.wp.com\/genevieveetbernardauxameriques.fr\/wp-content\/uploads\/2019\/02\/DSCN5623.jpg?fit=300%2C225&#038;ssl=1\" data-large-file=\"https:\/\/i0.wp.com\/genevieveetbernardauxameriques.fr\/wp-content\/uploads\/2019\/02\/DSCN5623.jpg?fit=640%2C480&#038;ssl=1\" src=\"https:\/\/i0.wp.com\/genevieveetbernardauxameriques.fr\/wp-content\/uploads\/2019\/02\/DSCN5623.jpg?w=316&#038;h=316&#038;crop=1&#038;ssl=1\" srcset=\"https:\/\/i0.wp.com\/genevieveetbernardauxameriques.fr\/wp-content\/uploads\/2019\/02\/DSCN5623.jpg?resize=150%2C150&amp;ssl=1 150w, https:\/\/i0.wp.com\/genevieveetbernardauxameriques.fr\/wp-content\/uploads\/2019\/02\/DSCN5623.jpg?zoom=2&amp;resize=316%2C316&amp;ssl=1 632w\" width=\"316\" height=\"316\" loading=\"lazy\" data-original-width=\"316\" data-original-height=\"316\" itemprop=\"http:\/\/schema.org\/image\" title=\"DSCN5623\" alt=\"DSCN5623\" style=\"width: 316px; height: 316px;\" \/> <\/a> <\/div> <\/div> <\/div> <div class=\"gallery-row\" style=\"width: 640px; height: 320px;\" data-original-width=\"640\" data-original-height=\"320\" > <div class=\"gallery-group\" style=\"width: 320px; height: 320px;\" data-original-width=\"320\" data-original-height=\"320\" > <div class=\"tiled-gallery-item \" itemprop=\"associatedMedia\" itemscope itemtype=\"http:\/\/schema.org\/ImageObject\"> <a href=\"https:\/\/genevieveetbernardauxameriques.fr\/index.php\/2019\/03\/06\/baja-californie-2-de-la-paz-a-san-ignacio-avec-edwige\/dscn5625-2\/\" border=\"0\" itemprop=\"url\"> <meta itemprop=\"width\" content=\"316\"> <meta itemprop=\"height\" content=\"316\"> <img decoding=\"async\" class=\"\" data-attachment-id=\"33094\" data-orig-file=\"https:\/\/genevieveetbernardauxameriques.fr\/wp-content\/uploads\/2019\/02\/DSCN5625.jpg\" data-orig-size=\"720,540\" data-comments-opened=\"1\" data-image-meta=\"{&quot;aperture&quot;:&quot;4.5&quot;,&quot;credit&quot;:&quot;&quot;,&quot;camera&quot;:&quot;COOLPIX P900&quot;,&quot;caption&quot;:&quot;&quot;,&quot;created_timestamp&quot;:&quot;1550159280&quot;,&quot;copyright&quot;:&quot;&quot;,&quot;focal_length&quot;:&quot;7.1&quot;,&quot;iso&quot;:&quot;100&quot;,&quot;shutter_speed&quot;:&quot;0.000625&quot;,&quot;title&quot;:&quot;&quot;,&quot;orientation&quot;:&quot;1&quot;}\" data-image-title=\"DSCN5625\" data-image-description=\"\" data-medium-file=\"https:\/\/i0.wp.com\/genevieveetbernardauxameriques.fr\/wp-content\/uploads\/2019\/02\/DSCN5625.jpg?fit=300%2C225&#038;ssl=1\" data-large-file=\"https:\/\/i0.wp.com\/genevieveetbernardauxameriques.fr\/wp-content\/uploads\/2019\/02\/DSCN5625.jpg?fit=640%2C480&#038;ssl=1\" src=\"https:\/\/i0.wp.com\/genevieveetbernardauxameriques.fr\/wp-content\/uploads\/2019\/02\/DSCN5625.jpg?w=316&#038;h=316&#038;crop=1&#038;ssl=1\" srcset=\"https:\/\/i0.wp.com\/genevieveetbernardauxameriques.fr\/wp-content\/uploads\/2019\/02\/DSCN5625.jpg?resize=150%2C150&amp;ssl=1 150w, https:\/\/i0.wp.com\/genevieveetbernardauxameriques.fr\/wp-content\/uploads\/2019\/02\/DSCN5625.jpg?zoom=2&amp;resize=316%2C316&amp;ssl=1 632w\" width=\"316\" height=\"316\" loading=\"lazy\" data-original-width=\"316\" data-original-height=\"316\" itemprop=\"http:\/\/schema.org\/image\" title=\"DSCN5625\" alt=\"DSCN5625\" style=\"width: 316px; height: 316px;\" \/> <\/a> <\/div> <\/div> <div class=\"gallery-group\" style=\"width: 320px; height: 320px;\" data-original-width=\"320\" data-original-height=\"320\" > <div class=\"tiled-gallery-item \" itemprop=\"associatedMedia\" itemscope itemtype=\"http:\/\/schema.org\/ImageObject\"> <a href=\"https:\/\/genevieveetbernardauxameriques.fr\/index.php\/2019\/03\/06\/baja-californie-2-de-la-paz-a-san-ignacio-avec-edwige\/dscn5627-2\/\" border=\"0\" itemprop=\"url\"> <meta itemprop=\"width\" content=\"316\"> <meta itemprop=\"height\" content=\"316\"> <img decoding=\"async\" class=\"\" data-attachment-id=\"33095\" data-orig-file=\"https:\/\/genevieveetbernardauxameriques.fr\/wp-content\/uploads\/2019\/02\/DSCN5627.jpg\" data-orig-size=\"720,540\" data-comments-opened=\"1\" data-image-meta=\"{&quot;aperture&quot;:&quot;4&quot;,&quot;credit&quot;:&quot;&quot;,&quot;camera&quot;:&quot;COOLPIX P900&quot;,&quot;caption&quot;:&quot;&quot;,&quot;created_timestamp&quot;:&quot;1550159321&quot;,&quot;copyright&quot;:&quot;&quot;,&quot;focal_length&quot;:&quot;13.4&quot;,&quot;iso&quot;:&quot;100&quot;,&quot;shutter_speed&quot;:&quot;0.000625&quot;,&quot;title&quot;:&quot;&quot;,&quot;orientation&quot;:&quot;1&quot;}\" data-image-title=\"DSCN5627\" data-image-description=\"\" data-medium-file=\"https:\/\/i0.wp.com\/genevieveetbernardauxameriques.fr\/wp-content\/uploads\/2019\/02\/DSCN5627.jpg?fit=300%2C225&#038;ssl=1\" data-large-file=\"https:\/\/i0.wp.com\/genevieveetbernardauxameriques.fr\/wp-content\/uploads\/2019\/02\/DSCN5627.jpg?fit=640%2C480&#038;ssl=1\" src=\"https:\/\/i0.wp.com\/genevieveetbernardauxameriques.fr\/wp-content\/uploads\/2019\/02\/DSCN5627.jpg?w=316&#038;h=316&#038;crop=1&#038;ssl=1\" srcset=\"https:\/\/i0.wp.com\/genevieveetbernardauxameriques.fr\/wp-content\/uploads\/2019\/02\/DSCN5627.jpg?resize=150%2C150&amp;ssl=1 150w, https:\/\/i0.wp.com\/genevieveetbernardauxameriques.fr\/wp-content\/uploads\/2019\/02\/DSCN5627.jpg?zoom=2&amp;resize=316%2C316&amp;ssl=1 632w\" width=\"316\" height=\"316\" loading=\"lazy\" data-original-width=\"316\" data-original-height=\"316\" itemprop=\"http:\/\/schema.org\/image\" title=\"DSCN5627\" alt=\"DSCN5627\" style=\"width: 316px; height: 316px;\" \/> <\/a> <\/div> <\/div> <\/div> <\/div>\n<p><a href=\"https:\/\/i0.wp.com\/genevieveetbernardauxameriques.fr\/wp-content\/uploads\/2019\/02\/DSCN5634-e1551131544273.jpg?ssl=1\"><img loading=\"lazy\" decoding=\"async\" data-attachment-id=\"33100\" data-permalink=\"https:\/\/genevieveetbernardauxameriques.fr\/index.php\/2019\/03\/06\/baja-californie-2-de-la-paz-a-san-ignacio-avec-edwige\/dscn5634-2\/\" data-orig-file=\"https:\/\/i0.wp.com\/genevieveetbernardauxameriques.fr\/wp-content\/uploads\/2019\/02\/DSCN5634-e1551131544273.jpg?fit=712%2C327&amp;ssl=1\" data-orig-size=\"712,327\" data-comments-opened=\"1\" data-image-meta=\"{&quot;aperture&quot;:&quot;4&quot;,&quot;credit&quot;:&quot;&quot;,&quot;camera&quot;:&quot;COOLPIX P900&quot;,&quot;caption&quot;:&quot;&quot;,&quot;created_timestamp&quot;:&quot;1550160725&quot;,&quot;copyright&quot;:&quot;&quot;,&quot;focal_length&quot;:&quot;8.9&quot;,&quot;iso&quot;:&quot;100&quot;,&quot;shutter_speed&quot;:&quot;0.0005&quot;,&quot;title&quot;:&quot;&quot;,&quot;orientation&quot;:&quot;1&quot;}\" data-image-title=\"DSCN5634\" data-image-description=\"\" data-image-caption=\"\" data-medium-file=\"https:\/\/i0.wp.com\/genevieveetbernardauxameriques.fr\/wp-content\/uploads\/2019\/02\/DSCN5634-e1551131544273.jpg?fit=300%2C138&amp;ssl=1\" data-large-file=\"https:\/\/i0.wp.com\/genevieveetbernardauxameriques.fr\/wp-content\/uploads\/2019\/02\/DSCN5634-e1551131544273.jpg?fit=640%2C294&amp;ssl=1\" class=\"alignnone size-full wp-image-33100\" src=\"https:\/\/i0.wp.com\/genevieveetbernardauxameriques.fr\/wp-content\/uploads\/2019\/02\/DSCN5634-e1551131544273.jpg?resize=640%2C294&#038;ssl=1\" alt=\"\" width=\"640\" height=\"294\" srcset=\"https:\/\/i0.wp.com\/genevieveetbernardauxameriques.fr\/wp-content\/uploads\/2019\/02\/DSCN5634-e1551131544273.jpg?w=712&amp;ssl=1 712w, https:\/\/i0.wp.com\/genevieveetbernardauxameriques.fr\/wp-content\/uploads\/2019\/02\/DSCN5634-e1551131544273.jpg?resize=300%2C138&amp;ssl=1 300w\" sizes=\"(max-width: 640px) 100vw, 640px\" data-recalc-dims=\"1\" \/><\/a><a href=\"https:\/\/i0.wp.com\/genevieveetbernardauxameriques.fr\/wp-content\/uploads\/2019\/02\/DSCN5631.jpg?ssl=1\"><img loading=\"lazy\" decoding=\"async\" data-attachment-id=\"33097\" data-permalink=\"https:\/\/genevieveetbernardauxameriques.fr\/index.php\/2019\/03\/06\/baja-californie-2-de-la-paz-a-san-ignacio-avec-edwige\/dscn5631-2\/\" data-orig-file=\"https:\/\/i0.wp.com\/genevieveetbernardauxameriques.fr\/wp-content\/uploads\/2019\/02\/DSCN5631.jpg?fit=720%2C540&amp;ssl=1\" data-orig-size=\"720,540\" data-comments-opened=\"1\" data-image-meta=\"{&quot;aperture&quot;:&quot;3.5&quot;,&quot;credit&quot;:&quot;&quot;,&quot;camera&quot;:&quot;COOLPIX P900&quot;,&quot;caption&quot;:&quot;&quot;,&quot;created_timestamp&quot;:&quot;1550160524&quot;,&quot;copyright&quot;:&quot;&quot;,&quot;focal_length&quot;:&quot;10.7&quot;,&quot;iso&quot;:&quot;100&quot;,&quot;shutter_speed&quot;:&quot;0.0008&quot;,&quot;title&quot;:&quot;&quot;,&quot;orientation&quot;:&quot;1&quot;}\" data-image-title=\"DSCN5631\" data-image-description=\"\" data-image-caption=\"\" data-medium-file=\"https:\/\/i0.wp.com\/genevieveetbernardauxameriques.fr\/wp-content\/uploads\/2019\/02\/DSCN5631.jpg?fit=300%2C225&amp;ssl=1\" data-large-file=\"https:\/\/i0.wp.com\/genevieveetbernardauxameriques.fr\/wp-content\/uploads\/2019\/02\/DSCN5631.jpg?fit=640%2C480&amp;ssl=1\" class=\"alignnone size-full wp-image-33097\" src=\"https:\/\/i0.wp.com\/genevieveetbernardauxameriques.fr\/wp-content\/uploads\/2019\/02\/DSCN5631.jpg?resize=640%2C480&#038;ssl=1\" alt=\"\" width=\"640\" height=\"480\" srcset=\"https:\/\/i0.wp.com\/genevieveetbernardauxameriques.fr\/wp-content\/uploads\/2019\/02\/DSCN5631.jpg?w=720&amp;ssl=1 720w, https:\/\/i0.wp.com\/genevieveetbernardauxameriques.fr\/wp-content\/uploads\/2019\/02\/DSCN5631.jpg?resize=300%2C225&amp;ssl=1 300w\" sizes=\"(max-width: 640px) 100vw, 640px\" data-recalc-dims=\"1\" \/><\/a> <a href=\"https:\/\/i0.wp.com\/genevieveetbernardauxameriques.fr\/wp-content\/uploads\/2019\/02\/DSCN5632.jpg?ssl=1\"><img loading=\"lazy\" decoding=\"async\" data-attachment-id=\"33098\" data-permalink=\"https:\/\/genevieveetbernardauxameriques.fr\/index.php\/2019\/03\/06\/baja-californie-2-de-la-paz-a-san-ignacio-avec-edwige\/dscn5632-3\/\" data-orig-file=\"https:\/\/i0.wp.com\/genevieveetbernardauxameriques.fr\/wp-content\/uploads\/2019\/02\/DSCN5632.jpg?fit=720%2C540&amp;ssl=1\" data-orig-size=\"720,540\" data-comments-opened=\"1\" data-image-meta=\"{&quot;aperture&quot;:&quot;4.5&quot;,&quot;credit&quot;:&quot;&quot;,&quot;camera&quot;:&quot;COOLPIX P900&quot;,&quot;caption&quot;:&quot;&quot;,&quot;created_timestamp&quot;:&quot;1550160686&quot;,&quot;copyright&quot;:&quot;&quot;,&quot;focal_length&quot;:&quot;30.3&quot;,&quot;iso&quot;:&quot;100&quot;,&quot;shutter_speed&quot;:&quot;0.0008&quot;,&quot;title&quot;:&quot;&quot;,&quot;orientation&quot;:&quot;1&quot;}\" data-image-title=\"DSCN5632\" data-image-description=\"\" data-image-caption=\"\" data-medium-file=\"https:\/\/i0.wp.com\/genevieveetbernardauxameriques.fr\/wp-content\/uploads\/2019\/02\/DSCN5632.jpg?fit=300%2C225&amp;ssl=1\" data-large-file=\"https:\/\/i0.wp.com\/genevieveetbernardauxameriques.fr\/wp-content\/uploads\/2019\/02\/DSCN5632.jpg?fit=640%2C480&amp;ssl=1\" class=\"alignnone size-full wp-image-33098\" src=\"https:\/\/i0.wp.com\/genevieveetbernardauxameriques.fr\/wp-content\/uploads\/2019\/02\/DSCN5632.jpg?resize=640%2C480&#038;ssl=1\" alt=\"\" width=\"640\" height=\"480\" srcset=\"https:\/\/i0.wp.com\/genevieveetbernardauxameriques.fr\/wp-content\/uploads\/2019\/02\/DSCN5632.jpg?w=720&amp;ssl=1 720w, https:\/\/i0.wp.com\/genevieveetbernardauxameriques.fr\/wp-content\/uploads\/2019\/02\/DSCN5632.jpg?resize=300%2C225&amp;ssl=1 300w\" sizes=\"(max-width: 640px) 100vw, 640px\" data-recalc-dims=\"1\" \/><\/a><\/p>\n<p>Il fait du soleil mais un peu de vent. On s&rsquo;installe dans la salle du restaurant pour jouer au cartes.<\/p>\n<p><a href=\"https:\/\/i0.wp.com\/genevieveetbernardauxameriques.fr\/wp-content\/uploads\/2019\/02\/DSCN5640.jpg?ssl=1\"><img loading=\"lazy\" decoding=\"async\" data-attachment-id=\"33102\" data-permalink=\"https:\/\/genevieveetbernardauxameriques.fr\/index.php\/2019\/03\/06\/baja-californie-2-de-la-paz-a-san-ignacio-avec-edwige\/dscn5640-2\/\" data-orig-file=\"https:\/\/i0.wp.com\/genevieveetbernardauxameriques.fr\/wp-content\/uploads\/2019\/02\/DSCN5640.jpg?fit=720%2C540&amp;ssl=1\" data-orig-size=\"720,540\" data-comments-opened=\"1\" data-image-meta=\"{&quot;aperture&quot;:&quot;4&quot;,&quot;credit&quot;:&quot;&quot;,&quot;camera&quot;:&quot;COOLPIX P900&quot;,&quot;caption&quot;:&quot;&quot;,&quot;created_timestamp&quot;:&quot;1550221954&quot;,&quot;copyright&quot;:&quot;&quot;,&quot;focal_length&quot;:&quot;5.9&quot;,&quot;iso&quot;:&quot;100&quot;,&quot;shutter_speed&quot;:&quot;0.000625&quot;,&quot;title&quot;:&quot;&quot;,&quot;orientation&quot;:&quot;1&quot;}\" data-image-title=\"DSCN5640\" data-image-description=\"\" data-image-caption=\"\" data-medium-file=\"https:\/\/i0.wp.com\/genevieveetbernardauxameriques.fr\/wp-content\/uploads\/2019\/02\/DSCN5640.jpg?fit=300%2C225&amp;ssl=1\" data-large-file=\"https:\/\/i0.wp.com\/genevieveetbernardauxameriques.fr\/wp-content\/uploads\/2019\/02\/DSCN5640.jpg?fit=640%2C480&amp;ssl=1\" class=\"alignnone size-full wp-image-33102\" src=\"https:\/\/i0.wp.com\/genevieveetbernardauxameriques.fr\/wp-content\/uploads\/2019\/02\/DSCN5640.jpg?resize=640%2C480&#038;ssl=1\" alt=\"\" width=\"640\" height=\"480\" srcset=\"https:\/\/i0.wp.com\/genevieveetbernardauxameriques.fr\/wp-content\/uploads\/2019\/02\/DSCN5640.jpg?w=720&amp;ssl=1 720w, https:\/\/i0.wp.com\/genevieveetbernardauxameriques.fr\/wp-content\/uploads\/2019\/02\/DSCN5640.jpg?resize=300%2C225&amp;ssl=1 300w\" sizes=\"(max-width: 640px) 100vw, 640px\" data-recalc-dims=\"1\" \/><\/a> <a href=\"https:\/\/i0.wp.com\/genevieveetbernardauxameriques.fr\/wp-content\/uploads\/2019\/02\/DSCN5638.jpg?ssl=1\"><img loading=\"lazy\" decoding=\"async\" data-attachment-id=\"33101\" data-permalink=\"https:\/\/genevieveetbernardauxameriques.fr\/index.php\/2019\/03\/06\/baja-californie-2-de-la-paz-a-san-ignacio-avec-edwige\/dscn5638-2\/\" data-orig-file=\"https:\/\/i0.wp.com\/genevieveetbernardauxameriques.fr\/wp-content\/uploads\/2019\/02\/DSCN5638.jpg?fit=720%2C540&amp;ssl=1\" data-orig-size=\"720,540\" data-comments-opened=\"1\" data-image-meta=\"{&quot;aperture&quot;:&quot;3.2&quot;,&quot;credit&quot;:&quot;&quot;,&quot;camera&quot;:&quot;COOLPIX P900&quot;,&quot;caption&quot;:&quot;&quot;,&quot;created_timestamp&quot;:&quot;1550172379&quot;,&quot;copyright&quot;:&quot;&quot;,&quot;focal_length&quot;:&quot;7.7&quot;,&quot;iso&quot;:&quot;100&quot;,&quot;shutter_speed&quot;:&quot;0.008&quot;,&quot;title&quot;:&quot;&quot;,&quot;orientation&quot;:&quot;1&quot;}\" data-image-title=\"DSCN5638\" data-image-description=\"\" data-image-caption=\"\" data-medium-file=\"https:\/\/i0.wp.com\/genevieveetbernardauxameriques.fr\/wp-content\/uploads\/2019\/02\/DSCN5638.jpg?fit=300%2C225&amp;ssl=1\" data-large-file=\"https:\/\/i0.wp.com\/genevieveetbernardauxameriques.fr\/wp-content\/uploads\/2019\/02\/DSCN5638.jpg?fit=640%2C480&amp;ssl=1\" class=\"alignnone size-full wp-image-33101\" src=\"https:\/\/i0.wp.com\/genevieveetbernardauxameriques.fr\/wp-content\/uploads\/2019\/02\/DSCN5638.jpg?resize=640%2C480&#038;ssl=1\" alt=\"\" width=\"640\" height=\"480\" srcset=\"https:\/\/i0.wp.com\/genevieveetbernardauxameriques.fr\/wp-content\/uploads\/2019\/02\/DSCN5638.jpg?w=720&amp;ssl=1 720w, https:\/\/i0.wp.com\/genevieveetbernardauxameriques.fr\/wp-content\/uploads\/2019\/02\/DSCN5638.jpg?resize=300%2C225&amp;ssl=1 300w\" sizes=\"(max-width: 640px) 100vw, 640px\" data-recalc-dims=\"1\" \/><\/a><\/p>\n<p><strong>VENDREDI<\/strong><\/p>\n<p>Au matin, un pr\u00e9pos\u00e9 passe en revue les consignes pour l\u2019observation des baleines.<br \/>\nC\u2019est la baleine qui choisit si elle veut se faire toucher. Ne pas toucher les narines, les yeux ou la queue.<\/p>\n<p>\u00c0 8h 1\/2 pr\u00e9cise nous prenons une petite barque avec 4 personnes pour d\u00e9couvrir un site fabuleux.<\/p>\n<p>Des dizaines de baleines vont nager autour de nous. Pendant 2 heures, nous en verrons pr\u00e8s d&rsquo;une centaine. Encore une fois la chance est avec nous.<\/p>\n<p>\u00ab\u00a0La baleine grise a une peau gris\u00e9e plus ou moins sombre et plus ou moins mouchet\u00e9e et incrust\u00e9e de balanes. La baleine de Californie qui migre depuis la Basse Californie jusqu&rsquo;au d\u00e9troit de B\u00e9ring, est une esp\u00e8ce c\u00f4ti\u00e8re qui fr\u00e9quente les eaux profondes, mais qui n&rsquo;h\u00e9site pas \u00e0 s&rsquo;aventurer dans des zones \u00e0 faible tirant d&rsquo;eau.<br \/>\nElle peut plonger jusqu&rsquo;\u00e0 120 m\u00e8tres de profondeur, mais en r\u00e8gle g\u00e9n\u00e9rale elle pr\u00e9f\u00e8re fr\u00e9quenter les lagunes o\u00f9 elle peut sonder le fond \u00e0 la recherche de nourriture. C&rsquo;est une grande migratrice qui \u00e9volue dans les mers froides en \u00e9t\u00e9, saison durant laquelle elle reconstitue ses r\u00e9serves de graisse, et passe l&rsquo;hiver au sud pour la p\u00e9riode de reproduction et de mise bas. Les migrations peuvent atteindre les 10.000 km. Celles-ci ne sont pas sans danger pour les jeunes qui prennent la \u00abroute\u00bb \u00e0 la suite de leur m\u00e8re d\u00e8s trois mois, car les orques connaissent les voies de passage, et sont \u00e0 l&rsquo;aff\u00fbt. La vitesse de croisi\u00e8re d&rsquo;un adulte est d&rsquo;environ 10 km\/h mais le baleineau est beaucoup plus lent et ne d\u00e9passe pas les 4 km\/h, ce qui le rend tr\u00e8s vuln\u00e9rable.<br \/>\nLes migrations sont tr\u00e8s organis\u00e9es. Ce sont les c\u00e9libataires, m\u00e2les ou femelles qui partent les premiers, suivis des femelles ayant mis bas ou f\u00e9cond\u00e9es. La baleine grise poss\u00e8de une gamme de vocalisations dont elle se sert pour rester en contact, informer d&rsquo;un danger ou signaler une ressource en nourriture. Elle est \u00e9galement acrobate dans le sens o\u00f9 elle est capable d&rsquo;effectuer des sauts impressionnants hors de l&rsquo;eau. C&rsquo;est un animal pacifique et confiant, qui se laisse ais\u00e9ment approcher par l&rsquo;homme.<br \/>\nLe r\u00e9gime alimentaire de la baleine grise varie selon les lieux de passage et de r\u00e9sidence. Il se compose d&rsquo;esp\u00e8ces p\u00e9lagiques telles que le krill et autres amphipodes, de crabes et autres crustac\u00e9s qui vivent sur le fond oc\u00e9anique, mais aussi de calmars, de sardines ou d&rsquo;algues. Lorsqu&rsquo;elle s&rsquo;alimente d&rsquo;organismes vivants dans les s\u00e9diments, la baleine grise nage sur le flanc droit en s&rsquo;inclinant d&rsquo;une trentaine de degr\u00e9s. Elle aspire alors ses proies en rejetant le limon par les fanons.<br \/>\nLes principales causes du d\u00e9clin de l&rsquo;esp\u00e8ce sont bien \u00e9videmment la chasse \u00e0 outrance dont la baleine grise a \u00e9t\u00e9 victime et les autres activit\u00e9s humaines : trafic maritime accru, pollutions. Il ne resterait qu&rsquo;une cinquantaine de m\u00e2les reproducteurs pour la sous-esp\u00e8ce asiatique. La population de Basse Californie compterait environ 21.000 individus. Malgr\u00e9 le moratoire impos\u00e9 par la Commission baleini\u00e8re internationale, la chasse ill\u00e9gale se poursuit. De nos jours, elle est principalement pratiqu\u00e9e par l&rsquo;Islande et le Japon qui argue d&rsquo;une \u00ab raison scientifique \u00bb totalement injustifiable.\u00a0\u00bb<\/p>\n<p><a href=\"https:\/\/i0.wp.com\/genevieveetbernardauxameriques.fr\/wp-content\/uploads\/2019\/02\/DSCN5641.jpg?ssl=1\"><img loading=\"lazy\" decoding=\"async\" data-attachment-id=\"33103\" data-permalink=\"https:\/\/genevieveetbernardauxameriques.fr\/index.php\/2019\/03\/06\/baja-californie-2-de-la-paz-a-san-ignacio-avec-edwige\/dscn5641-2\/\" data-orig-file=\"https:\/\/i0.wp.com\/genevieveetbernardauxameriques.fr\/wp-content\/uploads\/2019\/02\/DSCN5641.jpg?fit=720%2C540&amp;ssl=1\" data-orig-size=\"720,540\" data-comments-opened=\"1\" data-image-meta=\"{&quot;aperture&quot;:&quot;2.8&quot;,&quot;credit&quot;:&quot;&quot;,&quot;camera&quot;:&quot;COOLPIX P900&quot;,&quot;caption&quot;:&quot;&quot;,&quot;created_timestamp&quot;:&quot;1550223011&quot;,&quot;copyright&quot;:&quot;&quot;,&quot;focal_length&quot;:&quot;4.3&quot;,&quot;iso&quot;:&quot;100&quot;,&quot;shutter_speed&quot;:&quot;0.0025&quot;,&quot;title&quot;:&quot;&quot;,&quot;orientation&quot;:&quot;1&quot;}\" data-image-title=\"DSCN5641\" data-image-description=\"\" data-image-caption=\"\" data-medium-file=\"https:\/\/i0.wp.com\/genevieveetbernardauxameriques.fr\/wp-content\/uploads\/2019\/02\/DSCN5641.jpg?fit=300%2C225&amp;ssl=1\" data-large-file=\"https:\/\/i0.wp.com\/genevieveetbernardauxameriques.fr\/wp-content\/uploads\/2019\/02\/DSCN5641.jpg?fit=640%2C480&amp;ssl=1\" class=\"alignnone size-full wp-image-33103\" src=\"https:\/\/i0.wp.com\/genevieveetbernardauxameriques.fr\/wp-content\/uploads\/2019\/02\/DSCN5641.jpg?resize=640%2C480&#038;ssl=1\" alt=\"\" width=\"640\" height=\"480\" srcset=\"https:\/\/i0.wp.com\/genevieveetbernardauxameriques.fr\/wp-content\/uploads\/2019\/02\/DSCN5641.jpg?w=720&amp;ssl=1 720w, https:\/\/i0.wp.com\/genevieveetbernardauxameriques.fr\/wp-content\/uploads\/2019\/02\/DSCN5641.jpg?resize=300%2C225&amp;ssl=1 300w\" sizes=\"(max-width: 640px) 100vw, 640px\" data-recalc-dims=\"1\" \/><\/a><\/p>\n<p><a href=\"https:\/\/i0.wp.com\/genevieveetbernardauxameriques.fr\/wp-content\/uploads\/2019\/02\/DSCN5642.jpg?ssl=1\"><img loading=\"lazy\" decoding=\"async\" data-attachment-id=\"33104\" data-permalink=\"https:\/\/genevieveetbernardauxameriques.fr\/index.php\/2019\/03\/06\/baja-californie-2-de-la-paz-a-san-ignacio-avec-edwige\/dscn5642-3\/\" data-orig-file=\"https:\/\/i0.wp.com\/genevieveetbernardauxameriques.fr\/wp-content\/uploads\/2019\/02\/DSCN5642.jpg?fit=720%2C540&amp;ssl=1\" data-orig-size=\"720,540\" data-comments-opened=\"1\" data-image-meta=\"{&quot;aperture&quot;:&quot;3.5&quot;,&quot;credit&quot;:&quot;&quot;,&quot;camera&quot;:&quot;COOLPIX P900&quot;,&quot;caption&quot;:&quot;&quot;,&quot;created_timestamp&quot;:&quot;1550223859&quot;,&quot;copyright&quot;:&quot;&quot;,&quot;focal_length&quot;:&quot;4.3&quot;,&quot;iso&quot;:&quot;100&quot;,&quot;shutter_speed&quot;:&quot;0.000625&quot;,&quot;title&quot;:&quot;&quot;,&quot;orientation&quot;:&quot;1&quot;}\" data-image-title=\"DSCN5642\" data-image-description=\"\" data-image-caption=\"\" data-medium-file=\"https:\/\/i0.wp.com\/genevieveetbernardauxameriques.fr\/wp-content\/uploads\/2019\/02\/DSCN5642.jpg?fit=300%2C225&amp;ssl=1\" data-large-file=\"https:\/\/i0.wp.com\/genevieveetbernardauxameriques.fr\/wp-content\/uploads\/2019\/02\/DSCN5642.jpg?fit=640%2C480&amp;ssl=1\" class=\"alignnone size-full wp-image-33104\" src=\"https:\/\/i0.wp.com\/genevieveetbernardauxameriques.fr\/wp-content\/uploads\/2019\/02\/DSCN5642.jpg?resize=640%2C480&#038;ssl=1\" alt=\"\" width=\"640\" height=\"480\" srcset=\"https:\/\/i0.wp.com\/genevieveetbernardauxameriques.fr\/wp-content\/uploads\/2019\/02\/DSCN5642.jpg?w=720&amp;ssl=1 720w, https:\/\/i0.wp.com\/genevieveetbernardauxameriques.fr\/wp-content\/uploads\/2019\/02\/DSCN5642.jpg?resize=300%2C225&amp;ssl=1 300w\" sizes=\"(max-width: 640px) 100vw, 640px\" data-recalc-dims=\"1\" \/><\/a> <a href=\"https:\/\/i0.wp.com\/genevieveetbernardauxameriques.fr\/wp-content\/uploads\/2019\/02\/DSCN5643.jpg?ssl=1\"><img loading=\"lazy\" decoding=\"async\" data-attachment-id=\"33105\" data-permalink=\"https:\/\/genevieveetbernardauxameriques.fr\/index.php\/2019\/03\/06\/baja-californie-2-de-la-paz-a-san-ignacio-avec-edwige\/dscn5643-2\/\" data-orig-file=\"https:\/\/i0.wp.com\/genevieveetbernardauxameriques.fr\/wp-content\/uploads\/2019\/02\/DSCN5643.jpg?fit=720%2C540&amp;ssl=1\" data-orig-size=\"720,540\" data-comments-opened=\"1\" data-image-meta=\"{&quot;aperture&quot;:&quot;5&quot;,&quot;credit&quot;:&quot;&quot;,&quot;camera&quot;:&quot;COOLPIX P900&quot;,&quot;caption&quot;:&quot;&quot;,&quot;created_timestamp&quot;:&quot;1550223904&quot;,&quot;copyright&quot;:&quot;&quot;,&quot;focal_length&quot;:&quot;62.5&quot;,&quot;iso&quot;:&quot;100&quot;,&quot;shutter_speed&quot;:&quot;0.0015625&quot;,&quot;title&quot;:&quot;&quot;,&quot;orientation&quot;:&quot;1&quot;}\" data-image-title=\"DSCN5643\" data-image-description=\"\" data-image-caption=\"\" data-medium-file=\"https:\/\/i0.wp.com\/genevieveetbernardauxameriques.fr\/wp-content\/uploads\/2019\/02\/DSCN5643.jpg?fit=300%2C225&amp;ssl=1\" data-large-file=\"https:\/\/i0.wp.com\/genevieveetbernardauxameriques.fr\/wp-content\/uploads\/2019\/02\/DSCN5643.jpg?fit=640%2C480&amp;ssl=1\" class=\"alignnone size-full wp-image-33105\" src=\"https:\/\/i0.wp.com\/genevieveetbernardauxameriques.fr\/wp-content\/uploads\/2019\/02\/DSCN5643.jpg?resize=640%2C480&#038;ssl=1\" alt=\"\" width=\"640\" height=\"480\" srcset=\"https:\/\/i0.wp.com\/genevieveetbernardauxameriques.fr\/wp-content\/uploads\/2019\/02\/DSCN5643.jpg?w=720&amp;ssl=1 720w, https:\/\/i0.wp.com\/genevieveetbernardauxameriques.fr\/wp-content\/uploads\/2019\/02\/DSCN5643.jpg?resize=300%2C225&amp;ssl=1 300w\" sizes=\"(max-width: 640px) 100vw, 640px\" data-recalc-dims=\"1\" \/><\/a><\/p>\n<p>Lilou en voit une :<\/p>\n<p><a href=\"https:\/\/i0.wp.com\/genevieveetbernardauxameriques.fr\/wp-content\/uploads\/2019\/02\/DSCN5700.jpg?ssl=1\"><img loading=\"lazy\" decoding=\"async\" data-attachment-id=\"33123\" data-permalink=\"https:\/\/genevieveetbernardauxameriques.fr\/index.php\/2019\/03\/06\/baja-californie-2-de-la-paz-a-san-ignacio-avec-edwige\/dscn5700-3\/\" data-orig-file=\"https:\/\/i0.wp.com\/genevieveetbernardauxameriques.fr\/wp-content\/uploads\/2019\/02\/DSCN5700.jpg?fit=720%2C540&amp;ssl=1\" data-orig-size=\"720,540\" data-comments-opened=\"1\" data-image-meta=\"{&quot;aperture&quot;:&quot;4.5&quot;,&quot;credit&quot;:&quot;&quot;,&quot;camera&quot;:&quot;COOLPIX P900&quot;,&quot;caption&quot;:&quot;&quot;,&quot;created_timestamp&quot;:&quot;1550228337&quot;,&quot;copyright&quot;:&quot;&quot;,&quot;focal_length&quot;:&quot;9.8&quot;,&quot;iso&quot;:&quot;100&quot;,&quot;shutter_speed&quot;:&quot;0.000625&quot;,&quot;title&quot;:&quot;&quot;,&quot;orientation&quot;:&quot;1&quot;}\" data-image-title=\"DSCN5700\" data-image-description=\"\" data-image-caption=\"\" data-medium-file=\"https:\/\/i0.wp.com\/genevieveetbernardauxameriques.fr\/wp-content\/uploads\/2019\/02\/DSCN5700.jpg?fit=300%2C225&amp;ssl=1\" data-large-file=\"https:\/\/i0.wp.com\/genevieveetbernardauxameriques.fr\/wp-content\/uploads\/2019\/02\/DSCN5700.jpg?fit=640%2C480&amp;ssl=1\" class=\"alignnone size-full wp-image-33123\" src=\"https:\/\/i0.wp.com\/genevieveetbernardauxameriques.fr\/wp-content\/uploads\/2019\/02\/DSCN5700.jpg?resize=640%2C480&#038;ssl=1\" alt=\"\" width=\"640\" height=\"480\" srcset=\"https:\/\/i0.wp.com\/genevieveetbernardauxameriques.fr\/wp-content\/uploads\/2019\/02\/DSCN5700.jpg?w=720&amp;ssl=1 720w, https:\/\/i0.wp.com\/genevieveetbernardauxameriques.fr\/wp-content\/uploads\/2019\/02\/DSCN5700.jpg?resize=300%2C225&amp;ssl=1 300w\" sizes=\"(max-width: 640px) 100vw, 640px\" data-recalc-dims=\"1\" \/><\/a><a href=\"https:\/\/i0.wp.com\/genevieveetbernardauxameriques.fr\/wp-content\/uploads\/2019\/02\/DSCN5658.jpg?ssl=1\"><img loading=\"lazy\" decoding=\"async\" data-attachment-id=\"33111\" data-permalink=\"https:\/\/genevieveetbernardauxameriques.fr\/index.php\/2019\/03\/06\/baja-californie-2-de-la-paz-a-san-ignacio-avec-edwige\/dscn5658\/\" data-orig-file=\"https:\/\/i0.wp.com\/genevieveetbernardauxameriques.fr\/wp-content\/uploads\/2019\/02\/DSCN5658.jpg?fit=720%2C540&amp;ssl=1\" data-orig-size=\"720,540\" data-comments-opened=\"1\" data-image-meta=\"{&quot;aperture&quot;:&quot;3.5&quot;,&quot;credit&quot;:&quot;&quot;,&quot;camera&quot;:&quot;COOLPIX P900&quot;,&quot;caption&quot;:&quot;&quot;,&quot;created_timestamp&quot;:&quot;1550225621&quot;,&quot;copyright&quot;:&quot;&quot;,&quot;focal_length&quot;:&quot;13.4&quot;,&quot;iso&quot;:&quot;100&quot;,&quot;shutter_speed&quot;:&quot;0.000625&quot;,&quot;title&quot;:&quot;&quot;,&quot;orientation&quot;:&quot;1&quot;}\" data-image-title=\"DSCN5658\" data-image-description=\"\" data-image-caption=\"\" data-medium-file=\"https:\/\/i0.wp.com\/genevieveetbernardauxameriques.fr\/wp-content\/uploads\/2019\/02\/DSCN5658.jpg?fit=300%2C225&amp;ssl=1\" data-large-file=\"https:\/\/i0.wp.com\/genevieveetbernardauxameriques.fr\/wp-content\/uploads\/2019\/02\/DSCN5658.jpg?fit=640%2C480&amp;ssl=1\" class=\"alignnone size-full wp-image-33111\" src=\"https:\/\/i0.wp.com\/genevieveetbernardauxameriques.fr\/wp-content\/uploads\/2019\/02\/DSCN5658.jpg?resize=640%2C480&#038;ssl=1\" alt=\"\" width=\"640\" height=\"480\" srcset=\"https:\/\/i0.wp.com\/genevieveetbernardauxameriques.fr\/wp-content\/uploads\/2019\/02\/DSCN5658.jpg?w=720&amp;ssl=1 720w, https:\/\/i0.wp.com\/genevieveetbernardauxameriques.fr\/wp-content\/uploads\/2019\/02\/DSCN5658.jpg?resize=300%2C225&amp;ssl=1 300w\" sizes=\"(max-width: 640px) 100vw, 640px\" data-recalc-dims=\"1\" \/><\/a> <a href=\"https:\/\/i0.wp.com\/genevieveetbernardauxameriques.fr\/wp-content\/uploads\/2019\/02\/DSCN5660.jpg?ssl=1\"><img loading=\"lazy\" decoding=\"async\" data-attachment-id=\"33112\" data-permalink=\"https:\/\/genevieveetbernardauxameriques.fr\/index.php\/2019\/03\/06\/baja-californie-2-de-la-paz-a-san-ignacio-avec-edwige\/dscn5660-2\/\" data-orig-file=\"https:\/\/i0.wp.com\/genevieveetbernardauxameriques.fr\/wp-content\/uploads\/2019\/02\/DSCN5660.jpg?fit=720%2C540&amp;ssl=1\" data-orig-size=\"720,540\" data-comments-opened=\"1\" data-image-meta=\"{&quot;aperture&quot;:&quot;5&quot;,&quot;credit&quot;:&quot;&quot;,&quot;camera&quot;:&quot;COOLPIX P900&quot;,&quot;caption&quot;:&quot;&quot;,&quot;created_timestamp&quot;:&quot;1550225704&quot;,&quot;copyright&quot;:&quot;&quot;,&quot;focal_length&quot;:&quot;53.5&quot;,&quot;iso&quot;:&quot;100&quot;,&quot;shutter_speed&quot;:&quot;0.00125&quot;,&quot;title&quot;:&quot;&quot;,&quot;orientation&quot;:&quot;1&quot;}\" data-image-title=\"DSCN5660\" data-image-description=\"\" data-image-caption=\"\" data-medium-file=\"https:\/\/i0.wp.com\/genevieveetbernardauxameriques.fr\/wp-content\/uploads\/2019\/02\/DSCN5660.jpg?fit=300%2C225&amp;ssl=1\" data-large-file=\"https:\/\/i0.wp.com\/genevieveetbernardauxameriques.fr\/wp-content\/uploads\/2019\/02\/DSCN5660.jpg?fit=640%2C480&amp;ssl=1\" class=\"alignnone size-full wp-image-33112\" src=\"https:\/\/i0.wp.com\/genevieveetbernardauxameriques.fr\/wp-content\/uploads\/2019\/02\/DSCN5660.jpg?resize=640%2C480&#038;ssl=1\" alt=\"\" width=\"640\" height=\"480\" srcset=\"https:\/\/i0.wp.com\/genevieveetbernardauxameriques.fr\/wp-content\/uploads\/2019\/02\/DSCN5660.jpg?w=720&amp;ssl=1 720w, https:\/\/i0.wp.com\/genevieveetbernardauxameriques.fr\/wp-content\/uploads\/2019\/02\/DSCN5660.jpg?resize=300%2C225&amp;ssl=1 300w\" sizes=\"(max-width: 640px) 100vw, 640px\" data-recalc-dims=\"1\" \/><\/a><a href=\"https:\/\/i0.wp.com\/genevieveetbernardauxameriques.fr\/wp-content\/uploads\/2019\/02\/DSCN5672.jpg?ssl=1\"><img loading=\"lazy\" decoding=\"async\" data-attachment-id=\"33115\" data-permalink=\"https:\/\/genevieveetbernardauxameriques.fr\/index.php\/2019\/03\/06\/baja-californie-2-de-la-paz-a-san-ignacio-avec-edwige\/dscn5672-2\/\" data-orig-file=\"https:\/\/i0.wp.com\/genevieveetbernardauxameriques.fr\/wp-content\/uploads\/2019\/02\/DSCN5672.jpg?fit=720%2C540&amp;ssl=1\" data-orig-size=\"720,540\" data-comments-opened=\"1\" data-image-meta=\"{&quot;aperture&quot;:&quot;5&quot;,&quot;credit&quot;:&quot;&quot;,&quot;camera&quot;:&quot;COOLPIX P900&quot;,&quot;caption&quot;:&quot;&quot;,&quot;created_timestamp&quot;:&quot;1550225972&quot;,&quot;copyright&quot;:&quot;&quot;,&quot;focal_length&quot;:&quot;71.4&quot;,&quot;iso&quot;:&quot;100&quot;,&quot;shutter_speed&quot;:&quot;0.000625&quot;,&quot;title&quot;:&quot;&quot;,&quot;orientation&quot;:&quot;1&quot;}\" data-image-title=\"DSCN5672\" data-image-description=\"\" data-image-caption=\"\" data-medium-file=\"https:\/\/i0.wp.com\/genevieveetbernardauxameriques.fr\/wp-content\/uploads\/2019\/02\/DSCN5672.jpg?fit=300%2C225&amp;ssl=1\" data-large-file=\"https:\/\/i0.wp.com\/genevieveetbernardauxameriques.fr\/wp-content\/uploads\/2019\/02\/DSCN5672.jpg?fit=640%2C480&amp;ssl=1\" class=\"alignnone size-full wp-image-33115\" src=\"https:\/\/i0.wp.com\/genevieveetbernardauxameriques.fr\/wp-content\/uploads\/2019\/02\/DSCN5672.jpg?resize=640%2C480&#038;ssl=1\" alt=\"\" width=\"640\" height=\"480\" srcset=\"https:\/\/i0.wp.com\/genevieveetbernardauxameriques.fr\/wp-content\/uploads\/2019\/02\/DSCN5672.jpg?w=720&amp;ssl=1 720w, https:\/\/i0.wp.com\/genevieveetbernardauxameriques.fr\/wp-content\/uploads\/2019\/02\/DSCN5672.jpg?resize=300%2C225&amp;ssl=1 300w\" sizes=\"(max-width: 640px) 100vw, 640px\" data-recalc-dims=\"1\" \/><\/a> <a href=\"https:\/\/i0.wp.com\/genevieveetbernardauxameriques.fr\/wp-content\/uploads\/2019\/02\/DSCN5675.jpg?ssl=1\"><img loading=\"lazy\" decoding=\"async\" data-attachment-id=\"33116\" data-permalink=\"https:\/\/genevieveetbernardauxameriques.fr\/index.php\/2019\/03\/06\/baja-californie-2-de-la-paz-a-san-ignacio-avec-edwige\/dscn5675-2\/\" data-orig-file=\"https:\/\/i0.wp.com\/genevieveetbernardauxameriques.fr\/wp-content\/uploads\/2019\/02\/DSCN5675.jpg?fit=720%2C540&amp;ssl=1\" data-orig-size=\"720,540\" data-comments-opened=\"1\" data-image-meta=\"{&quot;aperture&quot;:&quot;3.5&quot;,&quot;credit&quot;:&quot;&quot;,&quot;camera&quot;:&quot;COOLPIX P900&quot;,&quot;caption&quot;:&quot;&quot;,&quot;created_timestamp&quot;:&quot;1550226242&quot;,&quot;copyright&quot;:&quot;&quot;,&quot;focal_length&quot;:&quot;14.3&quot;,&quot;iso&quot;:&quot;100&quot;,&quot;shutter_speed&quot;:&quot;0.00125&quot;,&quot;title&quot;:&quot;&quot;,&quot;orientation&quot;:&quot;1&quot;}\" data-image-title=\"DSCN5675\" data-image-description=\"\" data-image-caption=\"\" data-medium-file=\"https:\/\/i0.wp.com\/genevieveetbernardauxameriques.fr\/wp-content\/uploads\/2019\/02\/DSCN5675.jpg?fit=300%2C225&amp;ssl=1\" data-large-file=\"https:\/\/i0.wp.com\/genevieveetbernardauxameriques.fr\/wp-content\/uploads\/2019\/02\/DSCN5675.jpg?fit=640%2C480&amp;ssl=1\" class=\"alignnone size-full wp-image-33116\" src=\"https:\/\/i0.wp.com\/genevieveetbernardauxameriques.fr\/wp-content\/uploads\/2019\/02\/DSCN5675.jpg?resize=640%2C480&#038;ssl=1\" alt=\"\" width=\"640\" height=\"480\" srcset=\"https:\/\/i0.wp.com\/genevieveetbernardauxameriques.fr\/wp-content\/uploads\/2019\/02\/DSCN5675.jpg?w=720&amp;ssl=1 720w, https:\/\/i0.wp.com\/genevieveetbernardauxameriques.fr\/wp-content\/uploads\/2019\/02\/DSCN5675.jpg?resize=300%2C225&amp;ssl=1 300w\" sizes=\"(max-width: 640px) 100vw, 640px\" data-recalc-dims=\"1\" \/><\/a> <a href=\"https:\/\/i0.wp.com\/genevieveetbernardauxameriques.fr\/wp-content\/uploads\/2019\/02\/DSCN5719.jpg?ssl=1\"><img loading=\"lazy\" decoding=\"async\" data-attachment-id=\"33133\" data-permalink=\"https:\/\/genevieveetbernardauxameriques.fr\/index.php\/2019\/03\/06\/baja-californie-2-de-la-paz-a-san-ignacio-avec-edwige\/dscn5719-3\/\" data-orig-file=\"https:\/\/i0.wp.com\/genevieveetbernardauxameriques.fr\/wp-content\/uploads\/2019\/02\/DSCN5719.jpg?fit=720%2C540&amp;ssl=1\" data-orig-size=\"720,540\" data-comments-opened=\"1\" data-image-meta=\"{&quot;aperture&quot;:&quot;3.5&quot;,&quot;credit&quot;:&quot;&quot;,&quot;camera&quot;:&quot;COOLPIX P900&quot;,&quot;caption&quot;:&quot;&quot;,&quot;created_timestamp&quot;:&quot;1550229421&quot;,&quot;copyright&quot;:&quot;&quot;,&quot;focal_length&quot;:&quot;10.7&quot;,&quot;iso&quot;:&quot;100&quot;,&quot;shutter_speed&quot;:&quot;0.001&quot;,&quot;title&quot;:&quot;&quot;,&quot;orientation&quot;:&quot;1&quot;}\" data-image-title=\"DSCN5719\" data-image-description=\"\" data-image-caption=\"\" data-medium-file=\"https:\/\/i0.wp.com\/genevieveetbernardauxameriques.fr\/wp-content\/uploads\/2019\/02\/DSCN5719.jpg?fit=300%2C225&amp;ssl=1\" data-large-file=\"https:\/\/i0.wp.com\/genevieveetbernardauxameriques.fr\/wp-content\/uploads\/2019\/02\/DSCN5719.jpg?fit=640%2C480&amp;ssl=1\" class=\"alignnone size-full wp-image-33133\" src=\"https:\/\/i0.wp.com\/genevieveetbernardauxameriques.fr\/wp-content\/uploads\/2019\/02\/DSCN5719.jpg?resize=640%2C480&#038;ssl=1\" alt=\"\" width=\"640\" height=\"480\" srcset=\"https:\/\/i0.wp.com\/genevieveetbernardauxameriques.fr\/wp-content\/uploads\/2019\/02\/DSCN5719.jpg?w=720&amp;ssl=1 720w, https:\/\/i0.wp.com\/genevieveetbernardauxameriques.fr\/wp-content\/uploads\/2019\/02\/DSCN5719.jpg?resize=300%2C225&amp;ssl=1 300w\" sizes=\"(max-width: 640px) 100vw, 640px\" data-recalc-dims=\"1\" \/><\/a><a href=\"https:\/\/i0.wp.com\/genevieveetbernardauxameriques.fr\/wp-content\/uploads\/2019\/02\/DSCN5718.jpg?ssl=1\"><img loading=\"lazy\" decoding=\"async\" data-attachment-id=\"33132\" data-permalink=\"https:\/\/genevieveetbernardauxameriques.fr\/index.php\/2019\/03\/06\/baja-californie-2-de-la-paz-a-san-ignacio-avec-edwige\/dscn5718-3\/\" data-orig-file=\"https:\/\/i0.wp.com\/genevieveetbernardauxameriques.fr\/wp-content\/uploads\/2019\/02\/DSCN5718.jpg?fit=720%2C540&amp;ssl=1\" data-orig-size=\"720,540\" data-comments-opened=\"1\" data-image-meta=\"{&quot;aperture&quot;:&quot;3.5&quot;,&quot;credit&quot;:&quot;&quot;,&quot;camera&quot;:&quot;COOLPIX P900&quot;,&quot;caption&quot;:&quot;&quot;,&quot;created_timestamp&quot;:&quot;1550229420&quot;,&quot;copyright&quot;:&quot;&quot;,&quot;focal_length&quot;:&quot;10.7&quot;,&quot;iso&quot;:&quot;100&quot;,&quot;shutter_speed&quot;:&quot;0.001&quot;,&quot;title&quot;:&quot;&quot;,&quot;orientation&quot;:&quot;1&quot;}\" data-image-title=\"DSCN5718\" data-image-description=\"\" data-image-caption=\"\" data-medium-file=\"https:\/\/i0.wp.com\/genevieveetbernardauxameriques.fr\/wp-content\/uploads\/2019\/02\/DSCN5718.jpg?fit=300%2C225&amp;ssl=1\" data-large-file=\"https:\/\/i0.wp.com\/genevieveetbernardauxameriques.fr\/wp-content\/uploads\/2019\/02\/DSCN5718.jpg?fit=640%2C480&amp;ssl=1\" class=\"alignnone size-full wp-image-33132\" src=\"https:\/\/i0.wp.com\/genevieveetbernardauxameriques.fr\/wp-content\/uploads\/2019\/02\/DSCN5718.jpg?resize=640%2C480&#038;ssl=1\" alt=\"\" width=\"640\" height=\"480\" srcset=\"https:\/\/i0.wp.com\/genevieveetbernardauxameriques.fr\/wp-content\/uploads\/2019\/02\/DSCN5718.jpg?w=720&amp;ssl=1 720w, https:\/\/i0.wp.com\/genevieveetbernardauxameriques.fr\/wp-content\/uploads\/2019\/02\/DSCN5718.jpg?resize=300%2C225&amp;ssl=1 300w\" sizes=\"(max-width: 640px) 100vw, 640px\" data-recalc-dims=\"1\" \/><\/a><a href=\"https:\/\/i0.wp.com\/genevieveetbernardauxameriques.fr\/wp-content\/uploads\/2019\/02\/DSCN5717.jpg?ssl=1\"><img loading=\"lazy\" decoding=\"async\" data-attachment-id=\"33131\" data-permalink=\"https:\/\/genevieveetbernardauxameriques.fr\/index.php\/2019\/03\/06\/baja-californie-2-de-la-paz-a-san-ignacio-avec-edwige\/dscn5717\/\" data-orig-file=\"https:\/\/i0.wp.com\/genevieveetbernardauxameriques.fr\/wp-content\/uploads\/2019\/02\/DSCN5717.jpg?fit=720%2C540&amp;ssl=1\" data-orig-size=\"720,540\" data-comments-opened=\"1\" data-image-meta=\"{&quot;aperture&quot;:&quot;3.5&quot;,&quot;credit&quot;:&quot;&quot;,&quot;camera&quot;:&quot;COOLPIX P900&quot;,&quot;caption&quot;:&quot;&quot;,&quot;created_timestamp&quot;:&quot;1550229418&quot;,&quot;copyright&quot;:&quot;&quot;,&quot;focal_length&quot;:&quot;10.7&quot;,&quot;iso&quot;:&quot;100&quot;,&quot;shutter_speed&quot;:&quot;0.00125&quot;,&quot;title&quot;:&quot;&quot;,&quot;orientation&quot;:&quot;1&quot;}\" data-image-title=\"DSCN5717\" data-image-description=\"\" data-image-caption=\"\" data-medium-file=\"https:\/\/i0.wp.com\/genevieveetbernardauxameriques.fr\/wp-content\/uploads\/2019\/02\/DSCN5717.jpg?fit=300%2C225&amp;ssl=1\" data-large-file=\"https:\/\/i0.wp.com\/genevieveetbernardauxameriques.fr\/wp-content\/uploads\/2019\/02\/DSCN5717.jpg?fit=640%2C480&amp;ssl=1\" class=\"alignnone size-full wp-image-33131\" src=\"https:\/\/i0.wp.com\/genevieveetbernardauxameriques.fr\/wp-content\/uploads\/2019\/02\/DSCN5717.jpg?resize=640%2C480&#038;ssl=1\" alt=\"\" width=\"640\" height=\"480\" srcset=\"https:\/\/i0.wp.com\/genevieveetbernardauxameriques.fr\/wp-content\/uploads\/2019\/02\/DSCN5717.jpg?w=720&amp;ssl=1 720w, https:\/\/i0.wp.com\/genevieveetbernardauxameriques.fr\/wp-content\/uploads\/2019\/02\/DSCN5717.jpg?resize=300%2C225&amp;ssl=1 300w\" sizes=\"(max-width: 640px) 100vw, 640px\" data-recalc-dims=\"1\" \/><\/a><\/p>\n<div class=\"tiled-gallery type-square tiled-gallery-unresized\" data-original-width=\"640\" data-carousel-extra='{&quot;blog_id&quot;:1,&quot;permalink&quot;:&quot;https:\\\/\\\/genevieveetbernardauxameriques.fr\\\/index.php\\\/2019\\\/03\\\/06\\\/baja-californie-2-de-la-paz-a-san-ignacio-avec-edwige\\\/&quot;,&quot;likes_blog_id&quot;:107627276}' itemscope itemtype=\"http:\/\/schema.org\/ImageGallery\" > <div class=\"gallery-row\" style=\"width: 640px; height: 320px;\" data-original-width=\"640\" data-original-height=\"320\" > <div class=\"gallery-group\" style=\"width: 320px; height: 320px;\" data-original-width=\"320\" data-original-height=\"320\" > <div class=\"tiled-gallery-item \" itemprop=\"associatedMedia\" itemscope itemtype=\"http:\/\/schema.org\/ImageObject\"> <a href=\"https:\/\/genevieveetbernardauxameriques.fr\/index.php\/2019\/03\/06\/baja-californie-2-de-la-paz-a-san-ignacio-avec-edwige\/dscn5680-2\/\" border=\"0\" itemprop=\"url\"> <meta itemprop=\"width\" content=\"316\"> <meta itemprop=\"height\" content=\"316\"> <img decoding=\"async\" class=\"\" data-attachment-id=\"33119\" data-orig-file=\"https:\/\/genevieveetbernardauxameriques.fr\/wp-content\/uploads\/2019\/02\/DSCN5680.jpg\" data-orig-size=\"720,540\" data-comments-opened=\"1\" data-image-meta=\"{&quot;aperture&quot;:&quot;5&quot;,&quot;credit&quot;:&quot;&quot;,&quot;camera&quot;:&quot;COOLPIX P900&quot;,&quot;caption&quot;:&quot;&quot;,&quot;created_timestamp&quot;:&quot;1550226662&quot;,&quot;copyright&quot;:&quot;&quot;,&quot;focal_length&quot;:&quot;17&quot;,&quot;iso&quot;:&quot;100&quot;,&quot;shutter_speed&quot;:&quot;0.000625&quot;,&quot;title&quot;:&quot;&quot;,&quot;orientation&quot;:&quot;1&quot;}\" data-image-title=\"DSCN5680\" data-image-description=\"\" data-medium-file=\"https:\/\/i0.wp.com\/genevieveetbernardauxameriques.fr\/wp-content\/uploads\/2019\/02\/DSCN5680.jpg?fit=300%2C225&#038;ssl=1\" data-large-file=\"https:\/\/i0.wp.com\/genevieveetbernardauxameriques.fr\/wp-content\/uploads\/2019\/02\/DSCN5680.jpg?fit=640%2C480&#038;ssl=1\" src=\"https:\/\/i0.wp.com\/genevieveetbernardauxameriques.fr\/wp-content\/uploads\/2019\/02\/DSCN5680.jpg?w=316&#038;h=316&#038;crop=1&#038;ssl=1\" srcset=\"https:\/\/i0.wp.com\/genevieveetbernardauxameriques.fr\/wp-content\/uploads\/2019\/02\/DSCN5680.jpg?resize=150%2C150&amp;ssl=1 150w, https:\/\/i0.wp.com\/genevieveetbernardauxameriques.fr\/wp-content\/uploads\/2019\/02\/DSCN5680.jpg?zoom=2&amp;resize=316%2C316&amp;ssl=1 632w\" width=\"316\" height=\"316\" loading=\"lazy\" data-original-width=\"316\" data-original-height=\"316\" itemprop=\"http:\/\/schema.org\/image\" title=\"DSCN5680\" alt=\"DSCN5680\" style=\"width: 316px; height: 316px;\" \/> <\/a> <\/div> <\/div> <div class=\"gallery-group\" style=\"width: 320px; height: 320px;\" data-original-width=\"320\" data-original-height=\"320\" > <div class=\"tiled-gallery-item \" itemprop=\"associatedMedia\" itemscope itemtype=\"http:\/\/schema.org\/ImageObject\"> <a href=\"https:\/\/genevieveetbernardauxameriques.fr\/index.php\/2019\/03\/06\/baja-californie-2-de-la-paz-a-san-ignacio-avec-edwige\/dscn5685-2\/\" border=\"0\" itemprop=\"url\"> <meta itemprop=\"width\" content=\"316\"> <meta itemprop=\"height\" content=\"316\"> <img decoding=\"async\" class=\"\" data-attachment-id=\"33121\" data-orig-file=\"https:\/\/genevieveetbernardauxameriques.fr\/wp-content\/uploads\/2019\/02\/DSCN5685.jpg\" data-orig-size=\"720,540\" data-comments-opened=\"1\" data-image-meta=\"{&quot;aperture&quot;:&quot;5&quot;,&quot;credit&quot;:&quot;&quot;,&quot;camera&quot;:&quot;COOLPIX P900&quot;,&quot;caption&quot;:&quot;&quot;,&quot;created_timestamp&quot;:&quot;1550227194&quot;,&quot;copyright&quot;:&quot;&quot;,&quot;focal_length&quot;:&quot;67.8&quot;,&quot;iso&quot;:&quot;100&quot;,&quot;shutter_speed&quot;:&quot;0.00125&quot;,&quot;title&quot;:&quot;&quot;,&quot;orientation&quot;:&quot;1&quot;}\" data-image-title=\"DSCN5685\" data-image-description=\"\" data-medium-file=\"https:\/\/i0.wp.com\/genevieveetbernardauxameriques.fr\/wp-content\/uploads\/2019\/02\/DSCN5685.jpg?fit=300%2C225&#038;ssl=1\" data-large-file=\"https:\/\/i0.wp.com\/genevieveetbernardauxameriques.fr\/wp-content\/uploads\/2019\/02\/DSCN5685.jpg?fit=640%2C480&#038;ssl=1\" src=\"https:\/\/i0.wp.com\/genevieveetbernardauxameriques.fr\/wp-content\/uploads\/2019\/02\/DSCN5685.jpg?w=316&#038;h=316&#038;crop=1&#038;ssl=1\" srcset=\"https:\/\/i0.wp.com\/genevieveetbernardauxameriques.fr\/wp-content\/uploads\/2019\/02\/DSCN5685.jpg?resize=150%2C150&amp;ssl=1 150w, https:\/\/i0.wp.com\/genevieveetbernardauxameriques.fr\/wp-content\/uploads\/2019\/02\/DSCN5685.jpg?zoom=2&amp;resize=316%2C316&amp;ssl=1 632w\" width=\"316\" height=\"316\" loading=\"lazy\" data-original-width=\"316\" data-original-height=\"316\" itemprop=\"http:\/\/schema.org\/image\" title=\"DSCN5685\" alt=\"DSCN5685\" style=\"width: 316px; height: 316px;\" \/> <\/a> <\/div> <\/div> <\/div> <div class=\"gallery-row\" style=\"width: 640px; height: 320px;\" data-original-width=\"640\" data-original-height=\"320\" > <div class=\"gallery-group\" style=\"width: 320px; height: 320px;\" data-original-width=\"320\" data-original-height=\"320\" > <div class=\"tiled-gallery-item \" itemprop=\"associatedMedia\" itemscope itemtype=\"http:\/\/schema.org\/ImageObject\"> <a href=\"https:\/\/genevieveetbernardauxameriques.fr\/index.php\/2019\/03\/06\/baja-californie-2-de-la-paz-a-san-ignacio-avec-edwige\/dscn5701-2\/\" border=\"0\" itemprop=\"url\"> <meta itemprop=\"width\" content=\"316\"> <meta itemprop=\"height\" content=\"316\"> <img decoding=\"async\" class=\"\" data-attachment-id=\"33124\" data-orig-file=\"https:\/\/genevieveetbernardauxameriques.fr\/wp-content\/uploads\/2019\/02\/DSCN5701.jpg\" data-orig-size=\"720,540\" data-comments-opened=\"1\" data-image-meta=\"{&quot;aperture&quot;:&quot;4.5&quot;,&quot;credit&quot;:&quot;&quot;,&quot;camera&quot;:&quot;COOLPIX P900&quot;,&quot;caption&quot;:&quot;&quot;,&quot;created_timestamp&quot;:&quot;1550228512&quot;,&quot;copyright&quot;:&quot;&quot;,&quot;focal_length&quot;:&quot;33&quot;,&quot;iso&quot;:&quot;100&quot;,&quot;shutter_speed&quot;:&quot;0.0015625&quot;,&quot;title&quot;:&quot;&quot;,&quot;orientation&quot;:&quot;1&quot;}\" data-image-title=\"DSCN5701\" data-image-description=\"\" data-medium-file=\"https:\/\/i0.wp.com\/genevieveetbernardauxameriques.fr\/wp-content\/uploads\/2019\/02\/DSCN5701.jpg?fit=300%2C225&#038;ssl=1\" data-large-file=\"https:\/\/i0.wp.com\/genevieveetbernardauxameriques.fr\/wp-content\/uploads\/2019\/02\/DSCN5701.jpg?fit=640%2C480&#038;ssl=1\" src=\"https:\/\/i0.wp.com\/genevieveetbernardauxameriques.fr\/wp-content\/uploads\/2019\/02\/DSCN5701.jpg?w=316&#038;h=316&#038;crop=1&#038;ssl=1\" srcset=\"https:\/\/i0.wp.com\/genevieveetbernardauxameriques.fr\/wp-content\/uploads\/2019\/02\/DSCN5701.jpg?resize=150%2C150&amp;ssl=1 150w, https:\/\/i0.wp.com\/genevieveetbernardauxameriques.fr\/wp-content\/uploads\/2019\/02\/DSCN5701.jpg?zoom=2&amp;resize=316%2C316&amp;ssl=1 632w\" width=\"316\" height=\"316\" loading=\"lazy\" data-original-width=\"316\" data-original-height=\"316\" itemprop=\"http:\/\/schema.org\/image\" title=\"DSCN5701\" alt=\"DSCN5701\" style=\"width: 316px; height: 316px;\" \/> <\/a> <\/div> <\/div> <div class=\"gallery-group\" style=\"width: 320px; height: 320px;\" data-original-width=\"320\" data-original-height=\"320\" > <div class=\"tiled-gallery-item \" itemprop=\"associatedMedia\" itemscope itemtype=\"http:\/\/schema.org\/ImageObject\"> <a href=\"https:\/\/genevieveetbernardauxameriques.fr\/index.php\/2019\/03\/06\/baja-californie-2-de-la-paz-a-san-ignacio-avec-edwige\/dscn5707\/\" border=\"0\" itemprop=\"url\"> <meta itemprop=\"width\" content=\"316\"> <meta itemprop=\"height\" content=\"316\"> <img decoding=\"async\" class=\"\" data-attachment-id=\"33126\" data-orig-file=\"https:\/\/genevieveetbernardauxameriques.fr\/wp-content\/uploads\/2019\/02\/DSCN5707.jpg\" data-orig-size=\"720,540\" data-comments-opened=\"1\" data-image-meta=\"{&quot;aperture&quot;:&quot;3.5&quot;,&quot;credit&quot;:&quot;&quot;,&quot;camera&quot;:&quot;COOLPIX P900&quot;,&quot;caption&quot;:&quot;&quot;,&quot;created_timestamp&quot;:&quot;1550229200&quot;,&quot;copyright&quot;:&quot;&quot;,&quot;focal_length&quot;:&quot;10.7&quot;,&quot;iso&quot;:&quot;100&quot;,&quot;shutter_speed&quot;:&quot;0.0008&quot;,&quot;title&quot;:&quot;&quot;,&quot;orientation&quot;:&quot;1&quot;}\" data-image-title=\"DSCN5707\" data-image-description=\"\" data-medium-file=\"https:\/\/i0.wp.com\/genevieveetbernardauxameriques.fr\/wp-content\/uploads\/2019\/02\/DSCN5707.jpg?fit=300%2C225&#038;ssl=1\" data-large-file=\"https:\/\/i0.wp.com\/genevieveetbernardauxameriques.fr\/wp-content\/uploads\/2019\/02\/DSCN5707.jpg?fit=640%2C480&#038;ssl=1\" src=\"https:\/\/i0.wp.com\/genevieveetbernardauxameriques.fr\/wp-content\/uploads\/2019\/02\/DSCN5707.jpg?w=316&#038;h=316&#038;crop=1&#038;ssl=1\" srcset=\"https:\/\/i0.wp.com\/genevieveetbernardauxameriques.fr\/wp-content\/uploads\/2019\/02\/DSCN5707.jpg?resize=150%2C150&amp;ssl=1 150w, https:\/\/i0.wp.com\/genevieveetbernardauxameriques.fr\/wp-content\/uploads\/2019\/02\/DSCN5707.jpg?zoom=2&amp;resize=316%2C316&amp;ssl=1 632w\" width=\"316\" height=\"316\" loading=\"lazy\" data-original-width=\"316\" data-original-height=\"316\" itemprop=\"http:\/\/schema.org\/image\" title=\"DSCN5707\" alt=\"DSCN5707\" style=\"width: 316px; height: 316px;\" \/> <\/a> <\/div> <\/div> <\/div> <div class=\"gallery-row\" style=\"width: 640px; height: 320px;\" data-original-width=\"640\" data-original-height=\"320\" > <div class=\"gallery-group\" style=\"width: 320px; height: 320px;\" data-original-width=\"320\" data-original-height=\"320\" > <div class=\"tiled-gallery-item \" itemprop=\"associatedMedia\" itemscope itemtype=\"http:\/\/schema.org\/ImageObject\"> <a href=\"https:\/\/genevieveetbernardauxameriques.fr\/index.php\/2019\/03\/06\/baja-californie-2-de-la-paz-a-san-ignacio-avec-edwige\/dscn5708-2\/\" border=\"0\" itemprop=\"url\"> <meta itemprop=\"width\" content=\"316\"> <meta itemprop=\"height\" content=\"316\"> <img decoding=\"async\" class=\"\" data-attachment-id=\"33127\" data-orig-file=\"https:\/\/genevieveetbernardauxameriques.fr\/wp-content\/uploads\/2019\/02\/DSCN5708.jpg\" data-orig-size=\"720,540\" data-comments-opened=\"1\" data-image-meta=\"{&quot;aperture&quot;:&quot;3.5&quot;,&quot;credit&quot;:&quot;&quot;,&quot;camera&quot;:&quot;COOLPIX P900&quot;,&quot;caption&quot;:&quot;&quot;,&quot;created_timestamp&quot;:&quot;1550229202&quot;,&quot;copyright&quot;:&quot;&quot;,&quot;focal_length&quot;:&quot;10.7&quot;,&quot;iso&quot;:&quot;100&quot;,&quot;shutter_speed&quot;:&quot;0.0008&quot;,&quot;title&quot;:&quot;&quot;,&quot;orientation&quot;:&quot;1&quot;}\" data-image-title=\"DSCN5708\" data-image-description=\"\" data-medium-file=\"https:\/\/i0.wp.com\/genevieveetbernardauxameriques.fr\/wp-content\/uploads\/2019\/02\/DSCN5708.jpg?fit=300%2C225&#038;ssl=1\" data-large-file=\"https:\/\/i0.wp.com\/genevieveetbernardauxameriques.fr\/wp-content\/uploads\/2019\/02\/DSCN5708.jpg?fit=640%2C480&#038;ssl=1\" src=\"https:\/\/i0.wp.com\/genevieveetbernardauxameriques.fr\/wp-content\/uploads\/2019\/02\/DSCN5708.jpg?w=316&#038;h=316&#038;crop=1&#038;ssl=1\" srcset=\"https:\/\/i0.wp.com\/genevieveetbernardauxameriques.fr\/wp-content\/uploads\/2019\/02\/DSCN5708.jpg?resize=150%2C150&amp;ssl=1 150w, https:\/\/i0.wp.com\/genevieveetbernardauxameriques.fr\/wp-content\/uploads\/2019\/02\/DSCN5708.jpg?zoom=2&amp;resize=316%2C316&amp;ssl=1 632w\" width=\"316\" height=\"316\" loading=\"lazy\" data-original-width=\"316\" data-original-height=\"316\" itemprop=\"http:\/\/schema.org\/image\" title=\"DSCN5708\" alt=\"DSCN5708\" style=\"width: 316px; height: 316px;\" \/> <\/a> <\/div> <\/div> <div class=\"gallery-group\" style=\"width: 320px; height: 320px;\" data-original-width=\"320\" data-original-height=\"320\" > <div class=\"tiled-gallery-item \" itemprop=\"associatedMedia\" itemscope itemtype=\"http:\/\/schema.org\/ImageObject\"> <a href=\"https:\/\/genevieveetbernardauxameriques.fr\/index.php\/2019\/03\/06\/baja-californie-2-de-la-paz-a-san-ignacio-avec-edwige\/dscn5712-2\/\" border=\"0\" itemprop=\"url\"> <meta itemprop=\"width\" content=\"316\"> <meta itemprop=\"height\" content=\"316\"> <img decoding=\"async\" class=\"\" data-attachment-id=\"33128\" data-orig-file=\"https:\/\/genevieveetbernardauxameriques.fr\/wp-content\/uploads\/2019\/02\/DSCN5712.jpg\" data-orig-size=\"720,540\" data-comments-opened=\"1\" data-image-meta=\"{&quot;aperture&quot;:&quot;3.5&quot;,&quot;credit&quot;:&quot;&quot;,&quot;camera&quot;:&quot;COOLPIX P900&quot;,&quot;caption&quot;:&quot;&quot;,&quot;created_timestamp&quot;:&quot;1550229399&quot;,&quot;copyright&quot;:&quot;&quot;,&quot;focal_length&quot;:&quot;10.7&quot;,&quot;iso&quot;:&quot;100&quot;,&quot;shutter_speed&quot;:&quot;0.00125&quot;,&quot;title&quot;:&quot;&quot;,&quot;orientation&quot;:&quot;1&quot;}\" data-image-title=\"DSCN5712\" data-image-description=\"\" data-medium-file=\"https:\/\/i0.wp.com\/genevieveetbernardauxameriques.fr\/wp-content\/uploads\/2019\/02\/DSCN5712.jpg?fit=300%2C225&#038;ssl=1\" data-large-file=\"https:\/\/i0.wp.com\/genevieveetbernardauxameriques.fr\/wp-content\/uploads\/2019\/02\/DSCN5712.jpg?fit=640%2C480&#038;ssl=1\" src=\"https:\/\/i0.wp.com\/genevieveetbernardauxameriques.fr\/wp-content\/uploads\/2019\/02\/DSCN5712.jpg?w=316&#038;h=316&#038;crop=1&#038;ssl=1\" srcset=\"https:\/\/i0.wp.com\/genevieveetbernardauxameriques.fr\/wp-content\/uploads\/2019\/02\/DSCN5712.jpg?resize=150%2C150&amp;ssl=1 150w, https:\/\/i0.wp.com\/genevieveetbernardauxameriques.fr\/wp-content\/uploads\/2019\/02\/DSCN5712.jpg?zoom=2&amp;resize=316%2C316&amp;ssl=1 632w\" width=\"316\" height=\"316\" loading=\"lazy\" data-original-width=\"316\" data-original-height=\"316\" itemprop=\"http:\/\/schema.org\/image\" title=\"DSCN5712\" alt=\"DSCN5712\" style=\"width: 316px; height: 316px;\" \/> <\/a> <\/div> <\/div> <\/div> <div class=\"gallery-row\" style=\"width: 640px; height: 320px;\" data-original-width=\"640\" data-original-height=\"320\" > <div class=\"gallery-group\" style=\"width: 320px; height: 320px;\" data-original-width=\"320\" data-original-height=\"320\" > <div class=\"tiled-gallery-item \" itemprop=\"associatedMedia\" itemscope itemtype=\"http:\/\/schema.org\/ImageObject\"> <a href=\"https:\/\/genevieveetbernardauxameriques.fr\/index.php\/2019\/03\/06\/baja-californie-2-de-la-paz-a-san-ignacio-avec-edwige\/dscn5714-3\/\" border=\"0\" itemprop=\"url\"> <meta itemprop=\"width\" content=\"316\"> <meta itemprop=\"height\" content=\"316\"> <img decoding=\"async\" class=\"\" data-attachment-id=\"33129\" data-orig-file=\"https:\/\/genevieveetbernardauxameriques.fr\/wp-content\/uploads\/2019\/02\/DSCN5714.jpg\" data-orig-size=\"720,540\" data-comments-opened=\"1\" data-image-meta=\"{&quot;aperture&quot;:&quot;3.5&quot;,&quot;credit&quot;:&quot;&quot;,&quot;camera&quot;:&quot;COOLPIX P900&quot;,&quot;caption&quot;:&quot;&quot;,&quot;created_timestamp&quot;:&quot;1550229410&quot;,&quot;copyright&quot;:&quot;&quot;,&quot;focal_length&quot;:&quot;10.7&quot;,&quot;iso&quot;:&quot;100&quot;,&quot;shutter_speed&quot;:&quot;0.002&quot;,&quot;title&quot;:&quot;&quot;,&quot;orientation&quot;:&quot;1&quot;}\" data-image-title=\"DSCN5714\" data-image-description=\"\" data-medium-file=\"https:\/\/i0.wp.com\/genevieveetbernardauxameriques.fr\/wp-content\/uploads\/2019\/02\/DSCN5714.jpg?fit=300%2C225&#038;ssl=1\" data-large-file=\"https:\/\/i0.wp.com\/genevieveetbernardauxameriques.fr\/wp-content\/uploads\/2019\/02\/DSCN5714.jpg?fit=640%2C480&#038;ssl=1\" src=\"https:\/\/i0.wp.com\/genevieveetbernardauxameriques.fr\/wp-content\/uploads\/2019\/02\/DSCN5714.jpg?w=316&#038;h=316&#038;crop=1&#038;ssl=1\" srcset=\"https:\/\/i0.wp.com\/genevieveetbernardauxameriques.fr\/wp-content\/uploads\/2019\/02\/DSCN5714.jpg?resize=150%2C150&amp;ssl=1 150w, https:\/\/i0.wp.com\/genevieveetbernardauxameriques.fr\/wp-content\/uploads\/2019\/02\/DSCN5714.jpg?zoom=2&amp;resize=316%2C316&amp;ssl=1 632w\" width=\"316\" height=\"316\" loading=\"lazy\" data-original-width=\"316\" data-original-height=\"316\" itemprop=\"http:\/\/schema.org\/image\" title=\"DSCN5714\" alt=\"DSCN5714\" style=\"width: 316px; height: 316px;\" \/> <\/a> <\/div> <\/div> <div class=\"gallery-group\" style=\"width: 320px; height: 320px;\" data-original-width=\"320\" data-original-height=\"320\" > <div class=\"tiled-gallery-item \" itemprop=\"associatedMedia\" itemscope itemtype=\"http:\/\/schema.org\/ImageObject\"> <a href=\"https:\/\/genevieveetbernardauxameriques.fr\/index.php\/2019\/03\/06\/baja-californie-2-de-la-paz-a-san-ignacio-avec-edwige\/dscn5716\/\" border=\"0\" itemprop=\"url\"> <meta itemprop=\"width\" content=\"316\"> <meta itemprop=\"height\" content=\"316\"> <img decoding=\"async\" class=\"\" data-attachment-id=\"33130\" data-orig-file=\"https:\/\/genevieveetbernardauxameriques.fr\/wp-content\/uploads\/2019\/02\/DSCN5716.jpg\" data-orig-size=\"720,540\" data-comments-opened=\"1\" data-image-meta=\"{&quot;aperture&quot;:&quot;3.5&quot;,&quot;credit&quot;:&quot;&quot;,&quot;camera&quot;:&quot;COOLPIX P900&quot;,&quot;caption&quot;:&quot;&quot;,&quot;created_timestamp&quot;:&quot;1550229417&quot;,&quot;copyright&quot;:&quot;&quot;,&quot;focal_length&quot;:&quot;10.7&quot;,&quot;iso&quot;:&quot;100&quot;,&quot;shutter_speed&quot;:&quot;0.000625&quot;,&quot;title&quot;:&quot;&quot;,&quot;orientation&quot;:&quot;1&quot;}\" data-image-title=\"DSCN5716\" data-image-description=\"\" data-medium-file=\"https:\/\/i0.wp.com\/genevieveetbernardauxameriques.fr\/wp-content\/uploads\/2019\/02\/DSCN5716.jpg?fit=300%2C225&#038;ssl=1\" data-large-file=\"https:\/\/i0.wp.com\/genevieveetbernardauxameriques.fr\/wp-content\/uploads\/2019\/02\/DSCN5716.jpg?fit=640%2C480&#038;ssl=1\" src=\"https:\/\/i0.wp.com\/genevieveetbernardauxameriques.fr\/wp-content\/uploads\/2019\/02\/DSCN5716.jpg?w=316&#038;h=316&#038;crop=1&#038;ssl=1\" srcset=\"https:\/\/i0.wp.com\/genevieveetbernardauxameriques.fr\/wp-content\/uploads\/2019\/02\/DSCN5716.jpg?resize=150%2C150&amp;ssl=1 150w, https:\/\/i0.wp.com\/genevieveetbernardauxameriques.fr\/wp-content\/uploads\/2019\/02\/DSCN5716.jpg?zoom=2&amp;resize=316%2C316&amp;ssl=1 632w\" width=\"316\" height=\"316\" loading=\"lazy\" data-original-width=\"316\" data-original-height=\"316\" itemprop=\"http:\/\/schema.org\/image\" title=\"DSCN5716\" alt=\"DSCN5716\" style=\"width: 316px; height: 316px;\" \/> <\/a> <\/div> <\/div> <\/div> <div class=\"gallery-row\" style=\"width: 640px; height: 320px;\" data-original-width=\"640\" data-original-height=\"320\" > <div class=\"gallery-group\" style=\"width: 320px; height: 320px;\" data-original-width=\"320\" data-original-height=\"320\" > <div class=\"tiled-gallery-item \" itemprop=\"associatedMedia\" itemscope itemtype=\"http:\/\/schema.org\/ImageObject\"> <a href=\"https:\/\/genevieveetbernardauxameriques.fr\/index.php\/2019\/03\/06\/baja-californie-2-de-la-paz-a-san-ignacio-avec-edwige\/dscn5722-2\/\" border=\"0\" itemprop=\"url\"> <meta itemprop=\"width\" content=\"316\"> <meta itemprop=\"height\" content=\"316\"> <img decoding=\"async\" class=\"\" data-attachment-id=\"33134\" data-orig-file=\"https:\/\/genevieveetbernardauxameriques.fr\/wp-content\/uploads\/2019\/02\/DSCN5722.jpg\" data-orig-size=\"720,540\" data-comments-opened=\"1\" data-image-meta=\"{&quot;aperture&quot;:&quot;4&quot;,&quot;credit&quot;:&quot;&quot;,&quot;camera&quot;:&quot;COOLPIX P900&quot;,&quot;caption&quot;:&quot;&quot;,&quot;created_timestamp&quot;:&quot;1550229677&quot;,&quot;copyright&quot;:&quot;&quot;,&quot;focal_length&quot;:&quot;18.7&quot;,&quot;iso&quot;:&quot;100&quot;,&quot;shutter_speed&quot;:&quot;0.001&quot;,&quot;title&quot;:&quot;&quot;,&quot;orientation&quot;:&quot;1&quot;}\" data-image-title=\"DSCN5722\" data-image-description=\"\" data-medium-file=\"https:\/\/i0.wp.com\/genevieveetbernardauxameriques.fr\/wp-content\/uploads\/2019\/02\/DSCN5722.jpg?fit=300%2C225&#038;ssl=1\" data-large-file=\"https:\/\/i0.wp.com\/genevieveetbernardauxameriques.fr\/wp-content\/uploads\/2019\/02\/DSCN5722.jpg?fit=640%2C480&#038;ssl=1\" src=\"https:\/\/i0.wp.com\/genevieveetbernardauxameriques.fr\/wp-content\/uploads\/2019\/02\/DSCN5722.jpg?w=316&#038;h=316&#038;crop=1&#038;ssl=1\" srcset=\"https:\/\/i0.wp.com\/genevieveetbernardauxameriques.fr\/wp-content\/uploads\/2019\/02\/DSCN5722.jpg?resize=150%2C150&amp;ssl=1 150w, https:\/\/i0.wp.com\/genevieveetbernardauxameriques.fr\/wp-content\/uploads\/2019\/02\/DSCN5722.jpg?zoom=2&amp;resize=316%2C316&amp;ssl=1 632w\" width=\"316\" height=\"316\" loading=\"lazy\" data-original-width=\"316\" data-original-height=\"316\" itemprop=\"http:\/\/schema.org\/image\" title=\"DSCN5722\" alt=\"DSCN5722\" style=\"width: 316px; height: 316px;\" \/> <\/a> <\/div> <\/div> <div class=\"gallery-group\" style=\"width: 320px; height: 320px;\" data-original-width=\"320\" data-original-height=\"320\" > <div class=\"tiled-gallery-item \" itemprop=\"associatedMedia\" itemscope itemtype=\"http:\/\/schema.org\/ImageObject\"> <a href=\"https:\/\/genevieveetbernardauxameriques.fr\/index.php\/2019\/03\/06\/baja-californie-2-de-la-paz-a-san-ignacio-avec-edwige\/dscn5724-3\/\" border=\"0\" itemprop=\"url\"> <meta itemprop=\"width\" content=\"316\"> <meta itemprop=\"height\" content=\"316\"> <img decoding=\"async\" class=\"\" data-attachment-id=\"33136\" data-orig-file=\"https:\/\/genevieveetbernardauxameriques.fr\/wp-content\/uploads\/2019\/02\/DSCN5724.jpg\" data-orig-size=\"720,540\" data-comments-opened=\"1\" data-image-meta=\"{&quot;aperture&quot;:&quot;4.5&quot;,&quot;credit&quot;:&quot;&quot;,&quot;camera&quot;:&quot;COOLPIX P900&quot;,&quot;caption&quot;:&quot;&quot;,&quot;created_timestamp&quot;:&quot;1550229689&quot;,&quot;copyright&quot;:&quot;&quot;,&quot;focal_length&quot;:&quot;26.8&quot;,&quot;iso&quot;:&quot;100&quot;,&quot;shutter_speed&quot;:&quot;0.00125&quot;,&quot;title&quot;:&quot;&quot;,&quot;orientation&quot;:&quot;1&quot;}\" data-image-title=\"DSCN5724\" data-image-description=\"\" data-medium-file=\"https:\/\/i0.wp.com\/genevieveetbernardauxameriques.fr\/wp-content\/uploads\/2019\/02\/DSCN5724.jpg?fit=300%2C225&#038;ssl=1\" data-large-file=\"https:\/\/i0.wp.com\/genevieveetbernardauxameriques.fr\/wp-content\/uploads\/2019\/02\/DSCN5724.jpg?fit=640%2C480&#038;ssl=1\" src=\"https:\/\/i0.wp.com\/genevieveetbernardauxameriques.fr\/wp-content\/uploads\/2019\/02\/DSCN5724.jpg?w=316&#038;h=316&#038;crop=1&#038;ssl=1\" srcset=\"https:\/\/i0.wp.com\/genevieveetbernardauxameriques.fr\/wp-content\/uploads\/2019\/02\/DSCN5724.jpg?resize=150%2C150&amp;ssl=1 150w, https:\/\/i0.wp.com\/genevieveetbernardauxameriques.fr\/wp-content\/uploads\/2019\/02\/DSCN5724.jpg?zoom=2&amp;resize=316%2C316&amp;ssl=1 632w\" width=\"316\" height=\"316\" loading=\"lazy\" data-original-width=\"316\" data-original-height=\"316\" itemprop=\"http:\/\/schema.org\/image\" title=\"DSCN5724\" alt=\"DSCN5724\" style=\"width: 316px; height: 316px;\" \/> <\/a> <\/div> <\/div> <\/div> <div class=\"gallery-row\" style=\"width: 640px; height: 320px;\" data-original-width=\"640\" data-original-height=\"320\" > <div class=\"gallery-group\" style=\"width: 320px; height: 320px;\" data-original-width=\"320\" data-original-height=\"320\" > <div class=\"tiled-gallery-item \" itemprop=\"associatedMedia\" itemscope itemtype=\"http:\/\/schema.org\/ImageObject\"> <a href=\"https:\/\/genevieveetbernardauxameriques.fr\/index.php\/2019\/03\/06\/baja-californie-2-de-la-paz-a-san-ignacio-avec-edwige\/dscn5727-2\/\" border=\"0\" itemprop=\"url\"> <meta itemprop=\"width\" content=\"316\"> <meta itemprop=\"height\" content=\"316\"> <img decoding=\"async\" class=\"\" data-attachment-id=\"33137\" data-orig-file=\"https:\/\/genevieveetbernardauxameriques.fr\/wp-content\/uploads\/2019\/02\/DSCN5727.jpg\" data-orig-size=\"720,540\" data-comments-opened=\"1\" data-image-meta=\"{&quot;aperture&quot;:&quot;4.5&quot;,&quot;credit&quot;:&quot;&quot;,&quot;camera&quot;:&quot;COOLPIX P900&quot;,&quot;caption&quot;:&quot;&quot;,&quot;created_timestamp&quot;:&quot;1550229963&quot;,&quot;copyright&quot;:&quot;&quot;,&quot;focal_length&quot;:&quot;39.3&quot;,&quot;iso&quot;:&quot;100&quot;,&quot;shutter_speed&quot;:&quot;0.001&quot;,&quot;title&quot;:&quot;&quot;,&quot;orientation&quot;:&quot;1&quot;}\" data-image-title=\"DSCN5727\" data-image-description=\"\" data-medium-file=\"https:\/\/i0.wp.com\/genevieveetbernardauxameriques.fr\/wp-content\/uploads\/2019\/02\/DSCN5727.jpg?fit=300%2C225&#038;ssl=1\" data-large-file=\"https:\/\/i0.wp.com\/genevieveetbernardauxameriques.fr\/wp-content\/uploads\/2019\/02\/DSCN5727.jpg?fit=640%2C480&#038;ssl=1\" src=\"https:\/\/i0.wp.com\/genevieveetbernardauxameriques.fr\/wp-content\/uploads\/2019\/02\/DSCN5727.jpg?w=316&#038;h=316&#038;crop=1&#038;ssl=1\" srcset=\"https:\/\/i0.wp.com\/genevieveetbernardauxameriques.fr\/wp-content\/uploads\/2019\/02\/DSCN5727.jpg?resize=150%2C150&amp;ssl=1 150w, https:\/\/i0.wp.com\/genevieveetbernardauxameriques.fr\/wp-content\/uploads\/2019\/02\/DSCN5727.jpg?zoom=2&amp;resize=316%2C316&amp;ssl=1 632w\" width=\"316\" height=\"316\" loading=\"lazy\" data-original-width=\"316\" data-original-height=\"316\" itemprop=\"http:\/\/schema.org\/image\" title=\"DSCN5727\" alt=\"DSCN5727\" style=\"width: 316px; height: 316px;\" \/> <\/a> <\/div> <\/div> <div class=\"gallery-group\" style=\"width: 320px; height: 320px;\" data-original-width=\"320\" data-original-height=\"320\" > <div class=\"tiled-gallery-item \" itemprop=\"associatedMedia\" itemscope itemtype=\"http:\/\/schema.org\/ImageObject\"> <a href=\"https:\/\/genevieveetbernardauxameriques.fr\/index.php\/2019\/03\/06\/baja-californie-2-de-la-paz-a-san-ignacio-avec-edwige\/dscn5730-2\/\" border=\"0\" itemprop=\"url\"> <meta itemprop=\"width\" content=\"316\"> <meta itemprop=\"height\" content=\"316\"> <img decoding=\"async\" class=\"\" data-attachment-id=\"33138\" data-orig-file=\"https:\/\/genevieveetbernardauxameriques.fr\/wp-content\/uploads\/2019\/02\/DSCN5730.jpg\" data-orig-size=\"720,540\" data-comments-opened=\"1\" data-image-meta=\"{&quot;aperture&quot;:&quot;4.5&quot;,&quot;credit&quot;:&quot;&quot;,&quot;camera&quot;:&quot;COOLPIX P900&quot;,&quot;caption&quot;:&quot;&quot;,&quot;created_timestamp&quot;:&quot;1550229971&quot;,&quot;copyright&quot;:&quot;&quot;,&quot;focal_length&quot;:&quot;30.3&quot;,&quot;iso&quot;:&quot;100&quot;,&quot;shutter_speed&quot;:&quot;0.000625&quot;,&quot;title&quot;:&quot;&quot;,&quot;orientation&quot;:&quot;1&quot;}\" data-image-title=\"DSCN5730\" data-image-description=\"\" data-medium-file=\"https:\/\/i0.wp.com\/genevieveetbernardauxameriques.fr\/wp-content\/uploads\/2019\/02\/DSCN5730.jpg?fit=300%2C225&#038;ssl=1\" data-large-file=\"https:\/\/i0.wp.com\/genevieveetbernardauxameriques.fr\/wp-content\/uploads\/2019\/02\/DSCN5730.jpg?fit=640%2C480&#038;ssl=1\" src=\"https:\/\/i0.wp.com\/genevieveetbernardauxameriques.fr\/wp-content\/uploads\/2019\/02\/DSCN5730.jpg?w=316&#038;h=316&#038;crop=1&#038;ssl=1\" srcset=\"https:\/\/i0.wp.com\/genevieveetbernardauxameriques.fr\/wp-content\/uploads\/2019\/02\/DSCN5730.jpg?resize=150%2C150&amp;ssl=1 150w, https:\/\/i0.wp.com\/genevieveetbernardauxameriques.fr\/wp-content\/uploads\/2019\/02\/DSCN5730.jpg?zoom=2&amp;resize=316%2C316&amp;ssl=1 632w\" width=\"316\" height=\"316\" loading=\"lazy\" data-original-width=\"316\" data-original-height=\"316\" itemprop=\"http:\/\/schema.org\/image\" title=\"DSCN5730\" alt=\"DSCN5730\" style=\"width: 316px; height: 316px;\" \/> <\/a> <\/div> <\/div> <\/div> <\/div>\n<p><a href=\"https:\/\/i0.wp.com\/genevieveetbernardauxameriques.fr\/wp-content\/uploads\/2019\/02\/RSCN5759.jpg?ssl=1\"><img loading=\"lazy\" decoding=\"async\" data-attachment-id=\"33311\" data-permalink=\"https:\/\/genevieveetbernardauxameriques.fr\/index.php\/2019\/03\/06\/baja-californie-2-de-la-paz-a-san-ignacio-avec-edwige\/rscn5759\/\" data-orig-file=\"https:\/\/i0.wp.com\/genevieveetbernardauxameriques.fr\/wp-content\/uploads\/2019\/02\/RSCN5759.jpg?fit=720%2C540&amp;ssl=1\" data-orig-size=\"720,540\" data-comments-opened=\"1\" data-image-meta=\"{&quot;aperture&quot;:&quot;5&quot;,&quot;credit&quot;:&quot;&quot;,&quot;camera&quot;:&quot;COOLPIX P900&quot;,&quot;caption&quot;:&quot;&quot;,&quot;created_timestamp&quot;:&quot;1550225704&quot;,&quot;copyright&quot;:&quot;&quot;,&quot;focal_length&quot;:&quot;53.5&quot;,&quot;iso&quot;:&quot;100&quot;,&quot;shutter_speed&quot;:&quot;0.00125&quot;,&quot;title&quot;:&quot;&quot;,&quot;orientation&quot;:&quot;1&quot;}\" data-image-title=\"RSCN5759\" data-image-description=\"\" data-image-caption=\"\" data-medium-file=\"https:\/\/i0.wp.com\/genevieveetbernardauxameriques.fr\/wp-content\/uploads\/2019\/02\/RSCN5759.jpg?fit=300%2C225&amp;ssl=1\" data-large-file=\"https:\/\/i0.wp.com\/genevieveetbernardauxameriques.fr\/wp-content\/uploads\/2019\/02\/RSCN5759.jpg?fit=640%2C480&amp;ssl=1\" class=\"alignnone size-full wp-image-33311\" src=\"https:\/\/i0.wp.com\/genevieveetbernardauxameriques.fr\/wp-content\/uploads\/2019\/02\/RSCN5759.jpg?resize=640%2C480&#038;ssl=1\" alt=\"\" width=\"640\" height=\"480\" srcset=\"https:\/\/i0.wp.com\/genevieveetbernardauxameriques.fr\/wp-content\/uploads\/2019\/02\/RSCN5759.jpg?w=720&amp;ssl=1 720w, https:\/\/i0.wp.com\/genevieveetbernardauxameriques.fr\/wp-content\/uploads\/2019\/02\/RSCN5759.jpg?resize=300%2C225&amp;ssl=1 300w\" sizes=\"(max-width: 640px) 100vw, 640px\" data-recalc-dims=\"1\" \/><\/a> <a href=\"https:\/\/i0.wp.com\/genevieveetbernardauxameriques.fr\/wp-content\/uploads\/2019\/02\/RSCN5758.jpg?ssl=1\"><img loading=\"lazy\" decoding=\"async\" data-attachment-id=\"33310\" data-permalink=\"https:\/\/genevieveetbernardauxameriques.fr\/index.php\/2019\/03\/06\/baja-californie-2-de-la-paz-a-san-ignacio-avec-edwige\/rscn5758\/\" data-orig-file=\"https:\/\/i0.wp.com\/genevieveetbernardauxameriques.fr\/wp-content\/uploads\/2019\/02\/RSCN5758.jpg?fit=720%2C540&amp;ssl=1\" data-orig-size=\"720,540\" data-comments-opened=\"1\" data-image-meta=\"{&quot;aperture&quot;:&quot;3.5&quot;,&quot;credit&quot;:&quot;&quot;,&quot;camera&quot;:&quot;COOLPIX P900&quot;,&quot;caption&quot;:&quot;&quot;,&quot;created_timestamp&quot;:&quot;1550226609&quot;,&quot;copyright&quot;:&quot;&quot;,&quot;focal_length&quot;:&quot;13.4&quot;,&quot;iso&quot;:&quot;100&quot;,&quot;shutter_speed&quot;:&quot;0.00125&quot;,&quot;title&quot;:&quot;&quot;,&quot;orientation&quot;:&quot;1&quot;}\" data-image-title=\"RSCN5758\" data-image-description=\"\" data-image-caption=\"\" data-medium-file=\"https:\/\/i0.wp.com\/genevieveetbernardauxameriques.fr\/wp-content\/uploads\/2019\/02\/RSCN5758.jpg?fit=300%2C225&amp;ssl=1\" data-large-file=\"https:\/\/i0.wp.com\/genevieveetbernardauxameriques.fr\/wp-content\/uploads\/2019\/02\/RSCN5758.jpg?fit=640%2C480&amp;ssl=1\" class=\"alignnone size-full wp-image-33310\" src=\"https:\/\/i0.wp.com\/genevieveetbernardauxameriques.fr\/wp-content\/uploads\/2019\/02\/RSCN5758.jpg?resize=640%2C480&#038;ssl=1\" alt=\"\" width=\"640\" height=\"480\" srcset=\"https:\/\/i0.wp.com\/genevieveetbernardauxameriques.fr\/wp-content\/uploads\/2019\/02\/RSCN5758.jpg?w=720&amp;ssl=1 720w, https:\/\/i0.wp.com\/genevieveetbernardauxameriques.fr\/wp-content\/uploads\/2019\/02\/RSCN5758.jpg?resize=300%2C225&amp;ssl=1 300w\" sizes=\"(max-width: 640px) 100vw, 640px\" data-recalc-dims=\"1\" \/><\/a> <a href=\"https:\/\/i0.wp.com\/genevieveetbernardauxameriques.fr\/wp-content\/uploads\/2019\/02\/RSCN5757.jpg?ssl=1\"><img loading=\"lazy\" decoding=\"async\" data-attachment-id=\"33309\" data-permalink=\"https:\/\/genevieveetbernardauxameriques.fr\/index.php\/2019\/03\/06\/baja-californie-2-de-la-paz-a-san-ignacio-avec-edwige\/rscn5757\/\" data-orig-file=\"https:\/\/i0.wp.com\/genevieveetbernardauxameriques.fr\/wp-content\/uploads\/2019\/02\/RSCN5757.jpg?fit=720%2C540&amp;ssl=1\" data-orig-size=\"720,540\" data-comments-opened=\"1\" data-image-meta=\"{&quot;aperture&quot;:&quot;5&quot;,&quot;credit&quot;:&quot;&quot;,&quot;camera&quot;:&quot;COOLPIX P900&quot;,&quot;caption&quot;:&quot;&quot;,&quot;created_timestamp&quot;:&quot;1550226662&quot;,&quot;copyright&quot;:&quot;&quot;,&quot;focal_length&quot;:&quot;17&quot;,&quot;iso&quot;:&quot;100&quot;,&quot;shutter_speed&quot;:&quot;0.000625&quot;,&quot;title&quot;:&quot;&quot;,&quot;orientation&quot;:&quot;1&quot;}\" data-image-title=\"RSCN5757\" data-image-description=\"\" data-image-caption=\"\" data-medium-file=\"https:\/\/i0.wp.com\/genevieveetbernardauxameriques.fr\/wp-content\/uploads\/2019\/02\/RSCN5757.jpg?fit=300%2C225&amp;ssl=1\" data-large-file=\"https:\/\/i0.wp.com\/genevieveetbernardauxameriques.fr\/wp-content\/uploads\/2019\/02\/RSCN5757.jpg?fit=640%2C480&amp;ssl=1\" class=\"alignnone size-full wp-image-33309\" src=\"https:\/\/i0.wp.com\/genevieveetbernardauxameriques.fr\/wp-content\/uploads\/2019\/02\/RSCN5757.jpg?resize=640%2C480&#038;ssl=1\" alt=\"\" width=\"640\" height=\"480\" srcset=\"https:\/\/i0.wp.com\/genevieveetbernardauxameriques.fr\/wp-content\/uploads\/2019\/02\/RSCN5757.jpg?w=720&amp;ssl=1 720w, https:\/\/i0.wp.com\/genevieveetbernardauxameriques.fr\/wp-content\/uploads\/2019\/02\/RSCN5757.jpg?resize=300%2C225&amp;ssl=1 300w\" sizes=\"(max-width: 640px) 100vw, 640px\" data-recalc-dims=\"1\" \/><\/a> <a href=\"https:\/\/i0.wp.com\/genevieveetbernardauxameriques.fr\/wp-content\/uploads\/2019\/02\/RSCN5755.jpg?ssl=1\"><img loading=\"lazy\" decoding=\"async\" data-attachment-id=\"33308\" data-permalink=\"https:\/\/genevieveetbernardauxameriques.fr\/index.php\/2019\/03\/06\/baja-californie-2-de-la-paz-a-san-ignacio-avec-edwige\/rscn5755\/\" data-orig-file=\"https:\/\/i0.wp.com\/genevieveetbernardauxameriques.fr\/wp-content\/uploads\/2019\/02\/RSCN5755.jpg?fit=720%2C540&amp;ssl=1\" data-orig-size=\"720,540\" data-comments-opened=\"1\" data-image-meta=\"{&quot;aperture&quot;:&quot;5&quot;,&quot;credit&quot;:&quot;&quot;,&quot;camera&quot;:&quot;COOLPIX P900&quot;,&quot;caption&quot;:&quot;&quot;,&quot;created_timestamp&quot;:&quot;1550227194&quot;,&quot;copyright&quot;:&quot;&quot;,&quot;focal_length&quot;:&quot;67.8&quot;,&quot;iso&quot;:&quot;100&quot;,&quot;shutter_speed&quot;:&quot;0.00125&quot;,&quot;title&quot;:&quot;&quot;,&quot;orientation&quot;:&quot;1&quot;}\" data-image-title=\"RSCN5755\" data-image-description=\"\" data-image-caption=\"\" data-medium-file=\"https:\/\/i0.wp.com\/genevieveetbernardauxameriques.fr\/wp-content\/uploads\/2019\/02\/RSCN5755.jpg?fit=300%2C225&amp;ssl=1\" data-large-file=\"https:\/\/i0.wp.com\/genevieveetbernardauxameriques.fr\/wp-content\/uploads\/2019\/02\/RSCN5755.jpg?fit=640%2C480&amp;ssl=1\" class=\"alignnone size-full wp-image-33308\" src=\"https:\/\/i0.wp.com\/genevieveetbernardauxameriques.fr\/wp-content\/uploads\/2019\/02\/RSCN5755.jpg?resize=640%2C480&#038;ssl=1\" alt=\"\" width=\"640\" height=\"480\" srcset=\"https:\/\/i0.wp.com\/genevieveetbernardauxameriques.fr\/wp-content\/uploads\/2019\/02\/RSCN5755.jpg?w=720&amp;ssl=1 720w, https:\/\/i0.wp.com\/genevieveetbernardauxameriques.fr\/wp-content\/uploads\/2019\/02\/RSCN5755.jpg?resize=300%2C225&amp;ssl=1 300w\" sizes=\"(max-width: 640px) 100vw, 640px\" data-recalc-dims=\"1\" \/><\/a> <a href=\"https:\/\/i0.wp.com\/genevieveetbernardauxameriques.fr\/wp-content\/uploads\/2019\/02\/RSCN5754.jpg?ssl=1\"><img loading=\"lazy\" decoding=\"async\" data-attachment-id=\"33307\" data-permalink=\"https:\/\/genevieveetbernardauxameriques.fr\/index.php\/2019\/03\/06\/baja-californie-2-de-la-paz-a-san-ignacio-avec-edwige\/rscn5754\/\" data-orig-file=\"https:\/\/i0.wp.com\/genevieveetbernardauxameriques.fr\/wp-content\/uploads\/2019\/02\/RSCN5754.jpg?fit=720%2C540&amp;ssl=1\" data-orig-size=\"720,540\" data-comments-opened=\"1\" data-image-meta=\"{&quot;aperture&quot;:&quot;3.2&quot;,&quot;credit&quot;:&quot;&quot;,&quot;camera&quot;:&quot;COOLPIX P900&quot;,&quot;caption&quot;:&quot;&quot;,&quot;created_timestamp&quot;:&quot;1550227358&quot;,&quot;copyright&quot;:&quot;&quot;,&quot;focal_length&quot;:&quot;4.3&quot;,&quot;iso&quot;:&quot;100&quot;,&quot;shutter_speed&quot;:&quot;0.0005&quot;,&quot;title&quot;:&quot;&quot;,&quot;orientation&quot;:&quot;1&quot;}\" data-image-title=\"RSCN5754\" data-image-description=\"\" data-image-caption=\"\" data-medium-file=\"https:\/\/i0.wp.com\/genevieveetbernardauxameriques.fr\/wp-content\/uploads\/2019\/02\/RSCN5754.jpg?fit=300%2C225&amp;ssl=1\" data-large-file=\"https:\/\/i0.wp.com\/genevieveetbernardauxameriques.fr\/wp-content\/uploads\/2019\/02\/RSCN5754.jpg?fit=640%2C480&amp;ssl=1\" class=\"alignnone size-full wp-image-33307\" src=\"https:\/\/i0.wp.com\/genevieveetbernardauxameriques.fr\/wp-content\/uploads\/2019\/02\/RSCN5754.jpg?resize=640%2C480&#038;ssl=1\" alt=\"\" width=\"640\" height=\"480\" srcset=\"https:\/\/i0.wp.com\/genevieveetbernardauxameriques.fr\/wp-content\/uploads\/2019\/02\/RSCN5754.jpg?w=720&amp;ssl=1 720w, https:\/\/i0.wp.com\/genevieveetbernardauxameriques.fr\/wp-content\/uploads\/2019\/02\/RSCN5754.jpg?resize=300%2C225&amp;ssl=1 300w\" sizes=\"(max-width: 640px) 100vw, 640px\" data-recalc-dims=\"1\" \/><\/a> <a href=\"https:\/\/i0.wp.com\/genevieveetbernardauxameriques.fr\/wp-content\/uploads\/2019\/02\/RSCN5753.jpg?ssl=1\"><img loading=\"lazy\" decoding=\"async\" data-attachment-id=\"33306\" data-permalink=\"https:\/\/genevieveetbernardauxameriques.fr\/index.php\/2019\/03\/06\/baja-californie-2-de-la-paz-a-san-ignacio-avec-edwige\/rscn5753\/\" data-orig-file=\"https:\/\/i0.wp.com\/genevieveetbernardauxameriques.fr\/wp-content\/uploads\/2019\/02\/RSCN5753.jpg?fit=720%2C540&amp;ssl=1\" data-orig-size=\"720,540\" data-comments-opened=\"1\" data-image-meta=\"{&quot;aperture&quot;:&quot;3.5&quot;,&quot;credit&quot;:&quot;&quot;,&quot;camera&quot;:&quot;COOLPIX P900&quot;,&quot;caption&quot;:&quot;&quot;,&quot;created_timestamp&quot;:&quot;1550229417&quot;,&quot;copyright&quot;:&quot;&quot;,&quot;focal_length&quot;:&quot;10.7&quot;,&quot;iso&quot;:&quot;100&quot;,&quot;shutter_speed&quot;:&quot;0.000625&quot;,&quot;title&quot;:&quot;&quot;,&quot;orientation&quot;:&quot;1&quot;}\" data-image-title=\"RSCN5753\" data-image-description=\"\" data-image-caption=\"\" data-medium-file=\"https:\/\/i0.wp.com\/genevieveetbernardauxameriques.fr\/wp-content\/uploads\/2019\/02\/RSCN5753.jpg?fit=300%2C225&amp;ssl=1\" data-large-file=\"https:\/\/i0.wp.com\/genevieveetbernardauxameriques.fr\/wp-content\/uploads\/2019\/02\/RSCN5753.jpg?fit=640%2C480&amp;ssl=1\" class=\"alignnone size-full wp-image-33306\" src=\"https:\/\/i0.wp.com\/genevieveetbernardauxameriques.fr\/wp-content\/uploads\/2019\/02\/RSCN5753.jpg?resize=640%2C480&#038;ssl=1\" alt=\"\" width=\"640\" height=\"480\" srcset=\"https:\/\/i0.wp.com\/genevieveetbernardauxameriques.fr\/wp-content\/uploads\/2019\/02\/RSCN5753.jpg?w=720&amp;ssl=1 720w, https:\/\/i0.wp.com\/genevieveetbernardauxameriques.fr\/wp-content\/uploads\/2019\/02\/RSCN5753.jpg?resize=300%2C225&amp;ssl=1 300w\" sizes=\"(max-width: 640px) 100vw, 640px\" data-recalc-dims=\"1\" \/><\/a> <a href=\"https:\/\/i0.wp.com\/genevieveetbernardauxameriques.fr\/wp-content\/uploads\/2019\/02\/RSCN5743.jpg?ssl=1\"><img loading=\"lazy\" decoding=\"async\" data-attachment-id=\"33305\" data-permalink=\"https:\/\/genevieveetbernardauxameriques.fr\/index.php\/2019\/03\/06\/baja-californie-2-de-la-paz-a-san-ignacio-avec-edwige\/rscn5743\/\" data-orig-file=\"https:\/\/i0.wp.com\/genevieveetbernardauxameriques.fr\/wp-content\/uploads\/2019\/02\/RSCN5743.jpg?fit=720%2C540&amp;ssl=1\" data-orig-size=\"720,540\" data-comments-opened=\"1\" data-image-meta=\"{&quot;aperture&quot;:&quot;3.5&quot;,&quot;credit&quot;:&quot;&quot;,&quot;camera&quot;:&quot;COOLPIX P900&quot;,&quot;caption&quot;:&quot;&quot;,&quot;created_timestamp&quot;:&quot;1550229399&quot;,&quot;copyright&quot;:&quot;&quot;,&quot;focal_length&quot;:&quot;10.7&quot;,&quot;iso&quot;:&quot;100&quot;,&quot;shutter_speed&quot;:&quot;0.00125&quot;,&quot;title&quot;:&quot;&quot;,&quot;orientation&quot;:&quot;1&quot;}\" data-image-title=\"RSCN5743\" data-image-description=\"\" data-image-caption=\"\" data-medium-file=\"https:\/\/i0.wp.com\/genevieveetbernardauxameriques.fr\/wp-content\/uploads\/2019\/02\/RSCN5743.jpg?fit=300%2C225&amp;ssl=1\" data-large-file=\"https:\/\/i0.wp.com\/genevieveetbernardauxameriques.fr\/wp-content\/uploads\/2019\/02\/RSCN5743.jpg?fit=640%2C480&amp;ssl=1\" class=\"alignnone size-full wp-image-33305\" src=\"https:\/\/i0.wp.com\/genevieveetbernardauxameriques.fr\/wp-content\/uploads\/2019\/02\/RSCN5743.jpg?resize=640%2C480&#038;ssl=1\" alt=\"\" width=\"640\" height=\"480\" srcset=\"https:\/\/i0.wp.com\/genevieveetbernardauxameriques.fr\/wp-content\/uploads\/2019\/02\/RSCN5743.jpg?w=720&amp;ssl=1 720w, https:\/\/i0.wp.com\/genevieveetbernardauxameriques.fr\/wp-content\/uploads\/2019\/02\/RSCN5743.jpg?resize=300%2C225&amp;ssl=1 300w\" sizes=\"(max-width: 640px) 100vw, 640px\" data-recalc-dims=\"1\" \/><\/a> <a href=\"https:\/\/i0.wp.com\/genevieveetbernardauxameriques.fr\/wp-content\/uploads\/2019\/02\/RSCN5739.jpg?ssl=1\"><img loading=\"lazy\" decoding=\"async\" data-attachment-id=\"33304\" data-permalink=\"https:\/\/genevieveetbernardauxameriques.fr\/index.php\/2019\/03\/06\/baja-californie-2-de-la-paz-a-san-ignacio-avec-edwige\/rscn5739\/\" data-orig-file=\"https:\/\/i0.wp.com\/genevieveetbernardauxameriques.fr\/wp-content\/uploads\/2019\/02\/RSCN5739.jpg?fit=720%2C540&amp;ssl=1\" data-orig-size=\"720,540\" data-comments-opened=\"1\" data-image-meta=\"{&quot;aperture&quot;:&quot;4.5&quot;,&quot;credit&quot;:&quot;&quot;,&quot;camera&quot;:&quot;COOLPIX P900&quot;,&quot;caption&quot;:&quot;&quot;,&quot;created_timestamp&quot;:&quot;1550229963&quot;,&quot;copyright&quot;:&quot;&quot;,&quot;focal_length&quot;:&quot;39.3&quot;,&quot;iso&quot;:&quot;100&quot;,&quot;shutter_speed&quot;:&quot;0.001&quot;,&quot;title&quot;:&quot;&quot;,&quot;orientation&quot;:&quot;1&quot;}\" data-image-title=\"RSCN5739\" data-image-description=\"\" data-image-caption=\"\" data-medium-file=\"https:\/\/i0.wp.com\/genevieveetbernardauxameriques.fr\/wp-content\/uploads\/2019\/02\/RSCN5739.jpg?fit=300%2C225&amp;ssl=1\" data-large-file=\"https:\/\/i0.wp.com\/genevieveetbernardauxameriques.fr\/wp-content\/uploads\/2019\/02\/RSCN5739.jpg?fit=640%2C480&amp;ssl=1\" class=\"alignnone size-full wp-image-33304\" src=\"https:\/\/i0.wp.com\/genevieveetbernardauxameriques.fr\/wp-content\/uploads\/2019\/02\/RSCN5739.jpg?resize=640%2C480&#038;ssl=1\" alt=\"\" width=\"640\" height=\"480\" srcset=\"https:\/\/i0.wp.com\/genevieveetbernardauxameriques.fr\/wp-content\/uploads\/2019\/02\/RSCN5739.jpg?w=720&amp;ssl=1 720w, https:\/\/i0.wp.com\/genevieveetbernardauxameriques.fr\/wp-content\/uploads\/2019\/02\/RSCN5739.jpg?resize=300%2C225&amp;ssl=1 300w\" sizes=\"(max-width: 640px) 100vw, 640px\" data-recalc-dims=\"1\" \/><\/a> <a href=\"https:\/\/i0.wp.com\/genevieveetbernardauxameriques.fr\/wp-content\/uploads\/2019\/02\/RSCN5738.jpg?ssl=1\"><img loading=\"lazy\" decoding=\"async\" data-attachment-id=\"33303\" data-permalink=\"https:\/\/genevieveetbernardauxameriques.fr\/index.php\/2019\/03\/06\/baja-californie-2-de-la-paz-a-san-ignacio-avec-edwige\/rscn5738\/\" data-orig-file=\"https:\/\/i0.wp.com\/genevieveetbernardauxameriques.fr\/wp-content\/uploads\/2019\/02\/RSCN5738.jpg?fit=720%2C540&amp;ssl=1\" data-orig-size=\"720,540\" data-comments-opened=\"1\" data-image-meta=\"{&quot;aperture&quot;:&quot;4.5&quot;,&quot;credit&quot;:&quot;&quot;,&quot;camera&quot;:&quot;COOLPIX P900&quot;,&quot;caption&quot;:&quot;&quot;,&quot;created_timestamp&quot;:&quot;1550229971&quot;,&quot;copyright&quot;:&quot;&quot;,&quot;focal_length&quot;:&quot;30.3&quot;,&quot;iso&quot;:&quot;100&quot;,&quot;shutter_speed&quot;:&quot;0.000625&quot;,&quot;title&quot;:&quot;&quot;,&quot;orientation&quot;:&quot;1&quot;}\" data-image-title=\"RSCN5738\" data-image-description=\"\" data-image-caption=\"\" data-medium-file=\"https:\/\/i0.wp.com\/genevieveetbernardauxameriques.fr\/wp-content\/uploads\/2019\/02\/RSCN5738.jpg?fit=300%2C225&amp;ssl=1\" data-large-file=\"https:\/\/i0.wp.com\/genevieveetbernardauxameriques.fr\/wp-content\/uploads\/2019\/02\/RSCN5738.jpg?fit=640%2C480&amp;ssl=1\" class=\"alignnone size-full wp-image-33303\" src=\"https:\/\/i0.wp.com\/genevieveetbernardauxameriques.fr\/wp-content\/uploads\/2019\/02\/RSCN5738.jpg?resize=640%2C480&#038;ssl=1\" alt=\"\" width=\"640\" height=\"480\" srcset=\"https:\/\/i0.wp.com\/genevieveetbernardauxameriques.fr\/wp-content\/uploads\/2019\/02\/RSCN5738.jpg?w=720&amp;ssl=1 720w, https:\/\/i0.wp.com\/genevieveetbernardauxameriques.fr\/wp-content\/uploads\/2019\/02\/RSCN5738.jpg?resize=300%2C225&amp;ssl=1 300w\" sizes=\"(max-width: 640px) 100vw, 640px\" data-recalc-dims=\"1\" \/><\/a> <a href=\"https:\/\/i0.wp.com\/genevieveetbernardauxameriques.fr\/wp-content\/uploads\/2019\/02\/RSCN5737.jpg?ssl=1\"><img loading=\"lazy\" decoding=\"async\" data-attachment-id=\"33302\" data-permalink=\"https:\/\/genevieveetbernardauxameriques.fr\/index.php\/2019\/03\/06\/baja-californie-2-de-la-paz-a-san-ignacio-avec-edwige\/rscn5737\/\" data-orig-file=\"https:\/\/i0.wp.com\/genevieveetbernardauxameriques.fr\/wp-content\/uploads\/2019\/02\/RSCN5737.jpg?fit=720%2C540&amp;ssl=1\" data-orig-size=\"720,540\" data-comments-opened=\"1\" data-image-meta=\"{&quot;aperture&quot;:&quot;3.5&quot;,&quot;credit&quot;:&quot;&quot;,&quot;camera&quot;:&quot;COOLPIX P900&quot;,&quot;caption&quot;:&quot;&quot;,&quot;created_timestamp&quot;:&quot;1550230167&quot;,&quot;copyright&quot;:&quot;&quot;,&quot;focal_length&quot;:&quot;13.4&quot;,&quot;iso&quot;:&quot;100&quot;,&quot;shutter_speed&quot;:&quot;0.000625&quot;,&quot;title&quot;:&quot;&quot;,&quot;orientation&quot;:&quot;1&quot;}\" data-image-title=\"RSCN5737\" data-image-description=\"\" data-image-caption=\"\" data-medium-file=\"https:\/\/i0.wp.com\/genevieveetbernardauxameriques.fr\/wp-content\/uploads\/2019\/02\/RSCN5737.jpg?fit=300%2C225&amp;ssl=1\" data-large-file=\"https:\/\/i0.wp.com\/genevieveetbernardauxameriques.fr\/wp-content\/uploads\/2019\/02\/RSCN5737.jpg?fit=640%2C480&amp;ssl=1\" class=\"alignnone size-full wp-image-33302\" src=\"https:\/\/i0.wp.com\/genevieveetbernardauxameriques.fr\/wp-content\/uploads\/2019\/02\/RSCN5737.jpg?resize=640%2C480&#038;ssl=1\" alt=\"\" width=\"640\" height=\"480\" srcset=\"https:\/\/i0.wp.com\/genevieveetbernardauxameriques.fr\/wp-content\/uploads\/2019\/02\/RSCN5737.jpg?w=720&amp;ssl=1 720w, https:\/\/i0.wp.com\/genevieveetbernardauxameriques.fr\/wp-content\/uploads\/2019\/02\/RSCN5737.jpg?resize=300%2C225&amp;ssl=1 300w\" sizes=\"(max-width: 640px) 100vw, 640px\" data-recalc-dims=\"1\" \/><\/a><\/p>\n<p><a href=\"https:\/\/i0.wp.com\/genevieveetbernardauxameriques.fr\/wp-content\/uploads\/2019\/02\/Capture-d\u00e9cran-2019-02-26-10.10.52-e1551202226998.jpg?ssl=1\"><img loading=\"lazy\" decoding=\"async\" data-attachment-id=\"33331\" data-permalink=\"https:\/\/genevieveetbernardauxameriques.fr\/index.php\/2019\/03\/06\/baja-californie-2-de-la-paz-a-san-ignacio-avec-edwige\/capture-decran-2019-02-26-10-10-52\/\" data-orig-file=\"https:\/\/i0.wp.com\/genevieveetbernardauxameriques.fr\/wp-content\/uploads\/2019\/02\/Capture-d\u00e9cran-2019-02-26-10.10.52-e1551202226998.jpg?fit=411%2C169&amp;ssl=1\" data-orig-size=\"411,169\" data-comments-opened=\"1\" data-image-meta=\"{&quot;aperture&quot;:&quot;0&quot;,&quot;credit&quot;:&quot;&quot;,&quot;camera&quot;:&quot;&quot;,&quot;caption&quot;:&quot;&quot;,&quot;created_timestamp&quot;:&quot;0&quot;,&quot;copyright&quot;:&quot;&quot;,&quot;focal_length&quot;:&quot;0&quot;,&quot;iso&quot;:&quot;0&quot;,&quot;shutter_speed&quot;:&quot;0&quot;,&quot;title&quot;:&quot;&quot;,&quot;orientation&quot;:&quot;0&quot;}\" data-image-title=\"Capture d&amp;rsquo;\u00e9cran 2019-02-26 10.10.52\" data-image-description=\"\" data-image-caption=\"\" data-medium-file=\"https:\/\/i0.wp.com\/genevieveetbernardauxameriques.fr\/wp-content\/uploads\/2019\/02\/Capture-d\u00e9cran-2019-02-26-10.10.52-e1551202226998.jpg?fit=300%2C123&amp;ssl=1\" data-large-file=\"https:\/\/i0.wp.com\/genevieveetbernardauxameriques.fr\/wp-content\/uploads\/2019\/02\/Capture-d\u00e9cran-2019-02-26-10.10.52-e1551202226998.jpg?fit=411%2C169&amp;ssl=1\" class=\"size-full wp-image-33331 aligncenter\" src=\"https:\/\/i0.wp.com\/genevieveetbernardauxameriques.fr\/wp-content\/uploads\/2019\/02\/Capture-d\u00e9cran-2019-02-26-10.10.52-e1551202226998.jpg?resize=411%2C169&#038;ssl=1\" alt=\"\" width=\"411\" height=\"169\" srcset=\"https:\/\/i0.wp.com\/genevieveetbernardauxameriques.fr\/wp-content\/uploads\/2019\/02\/Capture-d\u00e9cran-2019-02-26-10.10.52-e1551202226998.jpg?w=411&amp;ssl=1 411w, https:\/\/i0.wp.com\/genevieveetbernardauxameriques.fr\/wp-content\/uploads\/2019\/02\/Capture-d\u00e9cran-2019-02-26-10.10.52-e1551202226998.jpg?resize=300%2C123&amp;ssl=1 300w\" sizes=\"(max-width: 411px) 100vw, 411px\" data-recalc-dims=\"1\" \/><\/a><br \/>\nOn se fait mouiller, en voil\u00e0 une qui passe sous notre bateau mais on n&rsquo;arrive pas \u00e0 la toucher.<\/p>\n<p><a href=\"https:\/\/i0.wp.com\/genevieveetbernardauxameriques.fr\/wp-content\/uploads\/2019\/02\/P1120078.jpg?ssl=1\"><img loading=\"lazy\" decoding=\"async\" data-attachment-id=\"33205\" data-permalink=\"https:\/\/genevieveetbernardauxameriques.fr\/index.php\/2019\/03\/06\/baja-californie-2-de-la-paz-a-san-ignacio-avec-edwige\/p1120078\/\" data-orig-file=\"https:\/\/i0.wp.com\/genevieveetbernardauxameriques.fr\/wp-content\/uploads\/2019\/02\/P1120078.jpg?fit=720%2C540&amp;ssl=1\" data-orig-size=\"720,540\" data-comments-opened=\"1\" data-image-meta=\"{&quot;aperture&quot;:&quot;5&quot;,&quot;credit&quot;:&quot;&quot;,&quot;camera&quot;:&quot;DMC-TZ55&quot;,&quot;caption&quot;:&quot;&quot;,&quot;created_timestamp&quot;:&quot;1550249280&quot;,&quot;copyright&quot;:&quot;&quot;,&quot;focal_length&quot;:&quot;4.3&quot;,&quot;iso&quot;:&quot;100&quot;,&quot;shutter_speed&quot;:&quot;0.0005&quot;,&quot;title&quot;:&quot;&quot;,&quot;orientation&quot;:&quot;1&quot;}\" data-image-title=\"P1120078\" data-image-description=\"\" data-image-caption=\"\" data-medium-file=\"https:\/\/i0.wp.com\/genevieveetbernardauxameriques.fr\/wp-content\/uploads\/2019\/02\/P1120078.jpg?fit=300%2C225&amp;ssl=1\" data-large-file=\"https:\/\/i0.wp.com\/genevieveetbernardauxameriques.fr\/wp-content\/uploads\/2019\/02\/P1120078.jpg?fit=640%2C480&amp;ssl=1\" class=\"alignnone size-full wp-image-33205\" src=\"https:\/\/i0.wp.com\/genevieveetbernardauxameriques.fr\/wp-content\/uploads\/2019\/02\/P1120078.jpg?resize=640%2C480&#038;ssl=1\" alt=\"\" width=\"640\" height=\"480\" srcset=\"https:\/\/i0.wp.com\/genevieveetbernardauxameriques.fr\/wp-content\/uploads\/2019\/02\/P1120078.jpg?w=720&amp;ssl=1 720w, https:\/\/i0.wp.com\/genevieveetbernardauxameriques.fr\/wp-content\/uploads\/2019\/02\/P1120078.jpg?resize=300%2C225&amp;ssl=1 300w\" sizes=\"(max-width: 640px) 100vw, 640px\" data-recalc-dims=\"1\" \/><\/a><\/p>\n<p>Nous rentrons encore tr\u00e8s heureux de notre promenade en mer, le camping car nous attend.<\/p>\n<p><a href=\"https:\/\/i0.wp.com\/genevieveetbernardauxameriques.fr\/wp-content\/uploads\/2019\/02\/DSCN5752.jpg?ssl=1\"><img loading=\"lazy\" decoding=\"async\" data-attachment-id=\"33143\" data-permalink=\"https:\/\/genevieveetbernardauxameriques.fr\/index.php\/2019\/03\/06\/baja-californie-2-de-la-paz-a-san-ignacio-avec-edwige\/dscn5752-3\/\" data-orig-file=\"https:\/\/i0.wp.com\/genevieveetbernardauxameriques.fr\/wp-content\/uploads\/2019\/02\/DSCN5752.jpg?fit=720%2C540&amp;ssl=1\" data-orig-size=\"720,540\" data-comments-opened=\"1\" data-image-meta=\"{&quot;aperture&quot;:&quot;4.5&quot;,&quot;credit&quot;:&quot;&quot;,&quot;camera&quot;:&quot;COOLPIX P900&quot;,&quot;caption&quot;:&quot;&quot;,&quot;created_timestamp&quot;:&quot;1550231708&quot;,&quot;copyright&quot;:&quot;&quot;,&quot;focal_length&quot;:&quot;33&quot;,&quot;iso&quot;:&quot;100&quot;,&quot;shutter_speed&quot;:&quot;0.00125&quot;,&quot;title&quot;:&quot;&quot;,&quot;orientation&quot;:&quot;1&quot;}\" data-image-title=\"DSCN5752\" data-image-description=\"\" data-image-caption=\"\" data-medium-file=\"https:\/\/i0.wp.com\/genevieveetbernardauxameriques.fr\/wp-content\/uploads\/2019\/02\/DSCN5752.jpg?fit=300%2C225&amp;ssl=1\" data-large-file=\"https:\/\/i0.wp.com\/genevieveetbernardauxameriques.fr\/wp-content\/uploads\/2019\/02\/DSCN5752.jpg?fit=640%2C480&amp;ssl=1\" class=\"alignnone size-full wp-image-33143\" src=\"https:\/\/i0.wp.com\/genevieveetbernardauxameriques.fr\/wp-content\/uploads\/2019\/02\/DSCN5752.jpg?resize=640%2C480&#038;ssl=1\" alt=\"\" width=\"640\" height=\"480\" srcset=\"https:\/\/i0.wp.com\/genevieveetbernardauxameriques.fr\/wp-content\/uploads\/2019\/02\/DSCN5752.jpg?w=720&amp;ssl=1 720w, https:\/\/i0.wp.com\/genevieveetbernardauxameriques.fr\/wp-content\/uploads\/2019\/02\/DSCN5752.jpg?resize=300%2C225&amp;ssl=1 300w\" sizes=\"(max-width: 640px) 100vw, 640px\" data-recalc-dims=\"1\" \/><\/a><\/p>\n<p>Edwige a tellement ador\u00e9, qu&rsquo;elle d\u00e9cide de reprendre un tour l&rsquo;apr\u00e8s-midi, ils partiront \u00e0 3 personnes et en verront tout autant (dont une avec son baleineau).<\/p>\n<p>D\u00e8s que sa balade est termin\u00e9e, nous reprenons la route, par un autre chemin, mais tout aussi mauvais.<a href=\"https:\/\/i0.wp.com\/genevieveetbernardauxameriques.fr\/wp-content\/uploads\/2019\/02\/DSCN5761.jpg?ssl=1\"><img loading=\"lazy\" decoding=\"async\" data-attachment-id=\"33144\" data-permalink=\"https:\/\/genevieveetbernardauxameriques.fr\/index.php\/2019\/03\/06\/baja-californie-2-de-la-paz-a-san-ignacio-avec-edwige\/dscn5761-3\/\" data-orig-file=\"https:\/\/i0.wp.com\/genevieveetbernardauxameriques.fr\/wp-content\/uploads\/2019\/02\/DSCN5761.jpg?fit=720%2C540&amp;ssl=1\" data-orig-size=\"720,540\" data-comments-opened=\"1\" data-image-meta=\"{&quot;aperture&quot;:&quot;3.5&quot;,&quot;credit&quot;:&quot;&quot;,&quot;camera&quot;:&quot;COOLPIX P900&quot;,&quot;caption&quot;:&quot;&quot;,&quot;created_timestamp&quot;:&quot;1550254688&quot;,&quot;copyright&quot;:&quot;&quot;,&quot;focal_length&quot;:&quot;13.4&quot;,&quot;iso&quot;:&quot;100&quot;,&quot;shutter_speed&quot;:&quot;0.0008&quot;,&quot;title&quot;:&quot;&quot;,&quot;orientation&quot;:&quot;1&quot;}\" data-image-title=\"DSCN5761\" data-image-description=\"\" data-image-caption=\"\" data-medium-file=\"https:\/\/i0.wp.com\/genevieveetbernardauxameriques.fr\/wp-content\/uploads\/2019\/02\/DSCN5761.jpg?fit=300%2C225&amp;ssl=1\" data-large-file=\"https:\/\/i0.wp.com\/genevieveetbernardauxameriques.fr\/wp-content\/uploads\/2019\/02\/DSCN5761.jpg?fit=640%2C480&amp;ssl=1\" class=\"alignnone size-full wp-image-33144\" src=\"https:\/\/i0.wp.com\/genevieveetbernardauxameriques.fr\/wp-content\/uploads\/2019\/02\/DSCN5761.jpg?resize=640%2C480&#038;ssl=1\" alt=\"\" width=\"640\" height=\"480\" srcset=\"https:\/\/i0.wp.com\/genevieveetbernardauxameriques.fr\/wp-content\/uploads\/2019\/02\/DSCN5761.jpg?w=720&amp;ssl=1 720w, https:\/\/i0.wp.com\/genevieveetbernardauxameriques.fr\/wp-content\/uploads\/2019\/02\/DSCN5761.jpg?resize=300%2C225&amp;ssl=1 300w\" sizes=\"(max-width: 640px) 100vw, 640px\" data-recalc-dims=\"1\" \/><\/a> <a href=\"https:\/\/i0.wp.com\/genevieveetbernardauxameriques.fr\/wp-content\/uploads\/2019\/02\/DSCN5763.jpg?ssl=1\"><img loading=\"lazy\" decoding=\"async\" data-attachment-id=\"33145\" data-permalink=\"https:\/\/genevieveetbernardauxameriques.fr\/index.php\/2019\/03\/06\/baja-californie-2-de-la-paz-a-san-ignacio-avec-edwige\/dscn5763-3\/\" data-orig-file=\"https:\/\/i0.wp.com\/genevieveetbernardauxameriques.fr\/wp-content\/uploads\/2019\/02\/DSCN5763.jpg?fit=720%2C540&amp;ssl=1\" data-orig-size=\"720,540\" data-comments-opened=\"1\" data-image-meta=\"{&quot;aperture&quot;:&quot;4&quot;,&quot;credit&quot;:&quot;&quot;,&quot;camera&quot;:&quot;COOLPIX P900&quot;,&quot;caption&quot;:&quot;&quot;,&quot;created_timestamp&quot;:&quot;1550255332&quot;,&quot;copyright&quot;:&quot;&quot;,&quot;focal_length&quot;:&quot;15.2&quot;,&quot;iso&quot;:&quot;100&quot;,&quot;shutter_speed&quot;:&quot;0.0015625&quot;,&quot;title&quot;:&quot;&quot;,&quot;orientation&quot;:&quot;1&quot;}\" data-image-title=\"DSCN5763\" data-image-description=\"\" data-image-caption=\"\" data-medium-file=\"https:\/\/i0.wp.com\/genevieveetbernardauxameriques.fr\/wp-content\/uploads\/2019\/02\/DSCN5763.jpg?fit=300%2C225&amp;ssl=1\" data-large-file=\"https:\/\/i0.wp.com\/genevieveetbernardauxameriques.fr\/wp-content\/uploads\/2019\/02\/DSCN5763.jpg?fit=640%2C480&amp;ssl=1\" class=\"alignnone size-full wp-image-33145\" src=\"https:\/\/i0.wp.com\/genevieveetbernardauxameriques.fr\/wp-content\/uploads\/2019\/02\/DSCN5763.jpg?resize=640%2C480&#038;ssl=1\" alt=\"\" width=\"640\" height=\"480\" srcset=\"https:\/\/i0.wp.com\/genevieveetbernardauxameriques.fr\/wp-content\/uploads\/2019\/02\/DSCN5763.jpg?w=720&amp;ssl=1 720w, https:\/\/i0.wp.com\/genevieveetbernardauxameriques.fr\/wp-content\/uploads\/2019\/02\/DSCN5763.jpg?resize=300%2C225&amp;ssl=1 300w\" sizes=\"(max-width: 640px) 100vw, 640px\" data-recalc-dims=\"1\" \/><\/a><\/p>\n<p>Nous nous arr\u00eatons juste apr\u00e8s le village de SAN IGNACIO, avant de reprendre la grande route, au camping PETATES<\/p>\n<p><a href=\"https:\/\/i0.wp.com\/genevieveetbernardauxameriques.fr\/wp-content\/uploads\/2019\/02\/DSCN5768.jpg?ssl=1\"><img loading=\"lazy\" decoding=\"async\" data-attachment-id=\"33150\" data-permalink=\"https:\/\/genevieveetbernardauxameriques.fr\/index.php\/2019\/03\/06\/baja-californie-2-de-la-paz-a-san-ignacio-avec-edwige\/dscn5768-3\/\" data-orig-file=\"https:\/\/i0.wp.com\/genevieveetbernardauxameriques.fr\/wp-content\/uploads\/2019\/02\/DSCN5768.jpg?fit=720%2C540&amp;ssl=1\" data-orig-size=\"720,540\" data-comments-opened=\"1\" data-image-meta=\"{&quot;aperture&quot;:&quot;2.8&quot;,&quot;credit&quot;:&quot;&quot;,&quot;camera&quot;:&quot;COOLPIX P900&quot;,&quot;caption&quot;:&quot;&quot;,&quot;created_timestamp&quot;:&quot;1550310220&quot;,&quot;copyright&quot;:&quot;&quot;,&quot;focal_length&quot;:&quot;4.3&quot;,&quot;iso&quot;:&quot;100&quot;,&quot;shutter_speed&quot;:&quot;0.01&quot;,&quot;title&quot;:&quot;&quot;,&quot;orientation&quot;:&quot;1&quot;}\" data-image-title=\"DSCN5768\" data-image-description=\"\" data-image-caption=\"\" data-medium-file=\"https:\/\/i0.wp.com\/genevieveetbernardauxameriques.fr\/wp-content\/uploads\/2019\/02\/DSCN5768.jpg?fit=300%2C225&amp;ssl=1\" data-large-file=\"https:\/\/i0.wp.com\/genevieveetbernardauxameriques.fr\/wp-content\/uploads\/2019\/02\/DSCN5768.jpg?fit=640%2C480&amp;ssl=1\" class=\"alignnone size-full wp-image-33150\" src=\"https:\/\/i0.wp.com\/genevieveetbernardauxameriques.fr\/wp-content\/uploads\/2019\/02\/DSCN5768.jpg?resize=640%2C480&#038;ssl=1\" alt=\"\" width=\"640\" height=\"480\" srcset=\"https:\/\/i0.wp.com\/genevieveetbernardauxameriques.fr\/wp-content\/uploads\/2019\/02\/DSCN5768.jpg?w=720&amp;ssl=1 720w, https:\/\/i0.wp.com\/genevieveetbernardauxameriques.fr\/wp-content\/uploads\/2019\/02\/DSCN5768.jpg?resize=300%2C225&amp;ssl=1 300w\" sizes=\"(max-width: 640px) 100vw, 640px\" data-recalc-dims=\"1\" \/><\/a> <a href=\"https:\/\/i0.wp.com\/genevieveetbernardauxameriques.fr\/wp-content\/uploads\/2019\/02\/DSCN5765.jpg?ssl=1\"><img loading=\"lazy\" decoding=\"async\" data-attachment-id=\"33147\" data-permalink=\"https:\/\/genevieveetbernardauxameriques.fr\/index.php\/2019\/03\/06\/baja-californie-2-de-la-paz-a-san-ignacio-avec-edwige\/dscn5765-3\/\" data-orig-file=\"https:\/\/i0.wp.com\/genevieveetbernardauxameriques.fr\/wp-content\/uploads\/2019\/02\/DSCN5765.jpg?fit=720%2C540&amp;ssl=1\" data-orig-size=\"720,540\" data-comments-opened=\"1\" data-image-meta=\"{&quot;aperture&quot;:&quot;2.8&quot;,&quot;credit&quot;:&quot;&quot;,&quot;camera&quot;:&quot;COOLPIX P900&quot;,&quot;caption&quot;:&quot;&quot;,&quot;created_timestamp&quot;:&quot;1550310171&quot;,&quot;copyright&quot;:&quot;&quot;,&quot;focal_length&quot;:&quot;4.3&quot;,&quot;iso&quot;:&quot;100&quot;,&quot;shutter_speed&quot;:&quot;0.00625&quot;,&quot;title&quot;:&quot;&quot;,&quot;orientation&quot;:&quot;1&quot;}\" data-image-title=\"DSCN5765\" data-image-description=\"\" data-image-caption=\"\" data-medium-file=\"https:\/\/i0.wp.com\/genevieveetbernardauxameriques.fr\/wp-content\/uploads\/2019\/02\/DSCN5765.jpg?fit=300%2C225&amp;ssl=1\" data-large-file=\"https:\/\/i0.wp.com\/genevieveetbernardauxameriques.fr\/wp-content\/uploads\/2019\/02\/DSCN5765.jpg?fit=640%2C480&amp;ssl=1\" class=\"alignnone size-full wp-image-33147\" src=\"https:\/\/i0.wp.com\/genevieveetbernardauxameriques.fr\/wp-content\/uploads\/2019\/02\/DSCN5765.jpg?resize=640%2C480&#038;ssl=1\" alt=\"\" width=\"640\" height=\"480\" srcset=\"https:\/\/i0.wp.com\/genevieveetbernardauxameriques.fr\/wp-content\/uploads\/2019\/02\/DSCN5765.jpg?w=720&amp;ssl=1 720w, https:\/\/i0.wp.com\/genevieveetbernardauxameriques.fr\/wp-content\/uploads\/2019\/02\/DSCN5765.jpg?resize=300%2C225&amp;ssl=1 300w\" sizes=\"(max-width: 640px) 100vw, 640px\" data-recalc-dims=\"1\" \/><\/a> <a href=\"https:\/\/i0.wp.com\/genevieveetbernardauxameriques.fr\/wp-content\/uploads\/2019\/02\/DSCN5774.jpg?ssl=1\"><img loading=\"lazy\" decoding=\"async\" data-attachment-id=\"33154\" data-permalink=\"https:\/\/genevieveetbernardauxameriques.fr\/index.php\/2019\/03\/06\/baja-californie-2-de-la-paz-a-san-ignacio-avec-edwige\/dscn5774\/\" data-orig-file=\"https:\/\/i0.wp.com\/genevieveetbernardauxameriques.fr\/wp-content\/uploads\/2019\/02\/DSCN5774.jpg?fit=720%2C540&amp;ssl=1\" data-orig-size=\"720,540\" data-comments-opened=\"1\" data-image-meta=\"{&quot;aperture&quot;:&quot;2.8&quot;,&quot;credit&quot;:&quot;&quot;,&quot;camera&quot;:&quot;COOLPIX P900&quot;,&quot;caption&quot;:&quot;&quot;,&quot;created_timestamp&quot;:&quot;1550310397&quot;,&quot;copyright&quot;:&quot;&quot;,&quot;focal_length&quot;:&quot;4.3&quot;,&quot;iso&quot;:&quot;100&quot;,&quot;shutter_speed&quot;:&quot;0.0015625&quot;,&quot;title&quot;:&quot;&quot;,&quot;orientation&quot;:&quot;1&quot;}\" data-image-title=\"DSCN5774\" data-image-description=\"\" data-image-caption=\"\" data-medium-file=\"https:\/\/i0.wp.com\/genevieveetbernardauxameriques.fr\/wp-content\/uploads\/2019\/02\/DSCN5774.jpg?fit=300%2C225&amp;ssl=1\" data-large-file=\"https:\/\/i0.wp.com\/genevieveetbernardauxameriques.fr\/wp-content\/uploads\/2019\/02\/DSCN5774.jpg?fit=640%2C480&amp;ssl=1\" class=\"alignnone size-full wp-image-33154\" src=\"https:\/\/i0.wp.com\/genevieveetbernardauxameriques.fr\/wp-content\/uploads\/2019\/02\/DSCN5774.jpg?resize=640%2C480&#038;ssl=1\" alt=\"\" width=\"640\" height=\"480\" srcset=\"https:\/\/i0.wp.com\/genevieveetbernardauxameriques.fr\/wp-content\/uploads\/2019\/02\/DSCN5774.jpg?w=720&amp;ssl=1 720w, https:\/\/i0.wp.com\/genevieveetbernardauxameriques.fr\/wp-content\/uploads\/2019\/02\/DSCN5774.jpg?resize=300%2C225&amp;ssl=1 300w\" sizes=\"(max-width: 640px) 100vw, 640px\" data-recalc-dims=\"1\" \/><\/a><\/p>\n<p>Nous sommes seuls, l&rsquo;endroit est agr\u00e9able, les enfants joueront avec les canards au bord de l&rsquo;\u00e9tang<\/p>\n<p><a href=\"https:\/\/i0.wp.com\/genevieveetbernardauxameriques.fr\/wp-content\/uploads\/2019\/02\/DSCN5766.jpg?ssl=1\"><img loading=\"lazy\" decoding=\"async\" data-attachment-id=\"33148\" data-permalink=\"https:\/\/genevieveetbernardauxameriques.fr\/index.php\/2019\/03\/06\/baja-californie-2-de-la-paz-a-san-ignacio-avec-edwige\/dscn5766-2\/\" data-orig-file=\"https:\/\/i0.wp.com\/genevieveetbernardauxameriques.fr\/wp-content\/uploads\/2019\/02\/DSCN5766.jpg?fit=720%2C540&amp;ssl=1\" data-orig-size=\"720,540\" data-comments-opened=\"1\" data-image-meta=\"{&quot;aperture&quot;:&quot;2.8&quot;,&quot;credit&quot;:&quot;&quot;,&quot;camera&quot;:&quot;COOLPIX P900&quot;,&quot;caption&quot;:&quot;&quot;,&quot;created_timestamp&quot;:&quot;1550310194&quot;,&quot;copyright&quot;:&quot;&quot;,&quot;focal_length&quot;:&quot;4.3&quot;,&quot;iso&quot;:&quot;100&quot;,&quot;shutter_speed&quot;:&quot;0.00125&quot;,&quot;title&quot;:&quot;&quot;,&quot;orientation&quot;:&quot;1&quot;}\" data-image-title=\"DSCN5766\" data-image-description=\"\" data-image-caption=\"\" data-medium-file=\"https:\/\/i0.wp.com\/genevieveetbernardauxameriques.fr\/wp-content\/uploads\/2019\/02\/DSCN5766.jpg?fit=300%2C225&amp;ssl=1\" data-large-file=\"https:\/\/i0.wp.com\/genevieveetbernardauxameriques.fr\/wp-content\/uploads\/2019\/02\/DSCN5766.jpg?fit=640%2C480&amp;ssl=1\" class=\"alignnone size-full wp-image-33148\" src=\"https:\/\/i0.wp.com\/genevieveetbernardauxameriques.fr\/wp-content\/uploads\/2019\/02\/DSCN5766.jpg?resize=640%2C480&#038;ssl=1\" alt=\"\" width=\"640\" height=\"480\" srcset=\"https:\/\/i0.wp.com\/genevieveetbernardauxameriques.fr\/wp-content\/uploads\/2019\/02\/DSCN5766.jpg?w=720&amp;ssl=1 720w, https:\/\/i0.wp.com\/genevieveetbernardauxameriques.fr\/wp-content\/uploads\/2019\/02\/DSCN5766.jpg?resize=300%2C225&amp;ssl=1 300w\" sizes=\"(max-width: 640px) 100vw, 640px\" data-recalc-dims=\"1\" \/><\/a> <a href=\"https:\/\/i0.wp.com\/genevieveetbernardauxameriques.fr\/wp-content\/uploads\/2019\/02\/DSCN5767.jpg?ssl=1\"><img loading=\"lazy\" decoding=\"async\" data-attachment-id=\"33149\" data-permalink=\"https:\/\/genevieveetbernardauxameriques.fr\/index.php\/2019\/03\/06\/baja-californie-2-de-la-paz-a-san-ignacio-avec-edwige\/dscn5767\/\" data-orig-file=\"https:\/\/i0.wp.com\/genevieveetbernardauxameriques.fr\/wp-content\/uploads\/2019\/02\/DSCN5767.jpg?fit=720%2C540&amp;ssl=1\" data-orig-size=\"720,540\" data-comments-opened=\"1\" data-image-meta=\"{&quot;aperture&quot;:&quot;2.8&quot;,&quot;credit&quot;:&quot;&quot;,&quot;camera&quot;:&quot;COOLPIX P900&quot;,&quot;caption&quot;:&quot;&quot;,&quot;created_timestamp&quot;:&quot;1550310212&quot;,&quot;copyright&quot;:&quot;&quot;,&quot;focal_length&quot;:&quot;4.3&quot;,&quot;iso&quot;:&quot;100&quot;,&quot;shutter_speed&quot;:&quot;0.0008&quot;,&quot;title&quot;:&quot;&quot;,&quot;orientation&quot;:&quot;1&quot;}\" data-image-title=\"DSCN5767\" data-image-description=\"\" data-image-caption=\"\" data-medium-file=\"https:\/\/i0.wp.com\/genevieveetbernardauxameriques.fr\/wp-content\/uploads\/2019\/02\/DSCN5767.jpg?fit=300%2C225&amp;ssl=1\" data-large-file=\"https:\/\/i0.wp.com\/genevieveetbernardauxameriques.fr\/wp-content\/uploads\/2019\/02\/DSCN5767.jpg?fit=640%2C480&amp;ssl=1\" class=\"alignnone size-full wp-image-33149\" src=\"https:\/\/i0.wp.com\/genevieveetbernardauxameriques.fr\/wp-content\/uploads\/2019\/02\/DSCN5767.jpg?resize=640%2C480&#038;ssl=1\" alt=\"\" width=\"640\" height=\"480\" srcset=\"https:\/\/i0.wp.com\/genevieveetbernardauxameriques.fr\/wp-content\/uploads\/2019\/02\/DSCN5767.jpg?w=720&amp;ssl=1 720w, https:\/\/i0.wp.com\/genevieveetbernardauxameriques.fr\/wp-content\/uploads\/2019\/02\/DSCN5767.jpg?resize=300%2C225&amp;ssl=1 300w\" sizes=\"(max-width: 640px) 100vw, 640px\" data-recalc-dims=\"1\" \/><\/a> <a href=\"https:\/\/i0.wp.com\/genevieveetbernardauxameriques.fr\/wp-content\/uploads\/2019\/02\/DSCN5770.jpg?ssl=1\"><img loading=\"lazy\" decoding=\"async\" data-attachment-id=\"33152\" data-permalink=\"https:\/\/genevieveetbernardauxameriques.fr\/index.php\/2019\/03\/06\/baja-californie-2-de-la-paz-a-san-ignacio-avec-edwige\/dscn5770-2\/\" data-orig-file=\"https:\/\/i0.wp.com\/genevieveetbernardauxameriques.fr\/wp-content\/uploads\/2019\/02\/DSCN5770.jpg?fit=720%2C540&amp;ssl=1\" data-orig-size=\"720,540\" data-comments-opened=\"1\" data-image-meta=\"{&quot;aperture&quot;:&quot;2.8&quot;,&quot;credit&quot;:&quot;&quot;,&quot;camera&quot;:&quot;COOLPIX P900&quot;,&quot;caption&quot;:&quot;&quot;,&quot;created_timestamp&quot;:&quot;1550310333&quot;,&quot;copyright&quot;:&quot;&quot;,&quot;focal_length&quot;:&quot;4.3&quot;,&quot;iso&quot;:&quot;100&quot;,&quot;shutter_speed&quot;:&quot;0.005&quot;,&quot;title&quot;:&quot;&quot;,&quot;orientation&quot;:&quot;1&quot;}\" data-image-title=\"DSCN5770\" data-image-description=\"\" data-image-caption=\"\" data-medium-file=\"https:\/\/i0.wp.com\/genevieveetbernardauxameriques.fr\/wp-content\/uploads\/2019\/02\/DSCN5770.jpg?fit=300%2C225&amp;ssl=1\" data-large-file=\"https:\/\/i0.wp.com\/genevieveetbernardauxameriques.fr\/wp-content\/uploads\/2019\/02\/DSCN5770.jpg?fit=640%2C480&amp;ssl=1\" class=\"alignnone size-full wp-image-33152\" src=\"https:\/\/i0.wp.com\/genevieveetbernardauxameriques.fr\/wp-content\/uploads\/2019\/02\/DSCN5770.jpg?resize=640%2C480&#038;ssl=1\" alt=\"\" width=\"640\" height=\"480\" srcset=\"https:\/\/i0.wp.com\/genevieveetbernardauxameriques.fr\/wp-content\/uploads\/2019\/02\/DSCN5770.jpg?w=720&amp;ssl=1 720w, https:\/\/i0.wp.com\/genevieveetbernardauxameriques.fr\/wp-content\/uploads\/2019\/02\/DSCN5770.jpg?resize=300%2C225&amp;ssl=1 300w\" sizes=\"(max-width: 640px) 100vw, 640px\" data-recalc-dims=\"1\" \/><\/a> <a href=\"https:\/\/i0.wp.com\/genevieveetbernardauxameriques.fr\/wp-content\/uploads\/2019\/02\/DSCN5771.jpg?ssl=1\"><img loading=\"lazy\" decoding=\"async\" data-attachment-id=\"33153\" data-permalink=\"https:\/\/genevieveetbernardauxameriques.fr\/index.php\/2019\/03\/06\/baja-californie-2-de-la-paz-a-san-ignacio-avec-edwige\/dscn5771-3\/\" data-orig-file=\"https:\/\/i0.wp.com\/genevieveetbernardauxameriques.fr\/wp-content\/uploads\/2019\/02\/DSCN5771.jpg?fit=720%2C540&amp;ssl=1\" data-orig-size=\"720,540\" data-comments-opened=\"1\" data-image-meta=\"{&quot;aperture&quot;:&quot;2.8&quot;,&quot;credit&quot;:&quot;&quot;,&quot;camera&quot;:&quot;COOLPIX P900&quot;,&quot;caption&quot;:&quot;&quot;,&quot;created_timestamp&quot;:&quot;1550310346&quot;,&quot;copyright&quot;:&quot;&quot;,&quot;focal_length&quot;:&quot;4.3&quot;,&quot;iso&quot;:&quot;100&quot;,&quot;shutter_speed&quot;:&quot;0.005&quot;,&quot;title&quot;:&quot;&quot;,&quot;orientation&quot;:&quot;1&quot;}\" data-image-title=\"DSCN5771\" data-image-description=\"\" data-image-caption=\"\" data-medium-file=\"https:\/\/i0.wp.com\/genevieveetbernardauxameriques.fr\/wp-content\/uploads\/2019\/02\/DSCN5771.jpg?fit=300%2C225&amp;ssl=1\" data-large-file=\"https:\/\/i0.wp.com\/genevieveetbernardauxameriques.fr\/wp-content\/uploads\/2019\/02\/DSCN5771.jpg?fit=640%2C480&amp;ssl=1\" class=\"alignnone size-full wp-image-33153\" src=\"https:\/\/i0.wp.com\/genevieveetbernardauxameriques.fr\/wp-content\/uploads\/2019\/02\/DSCN5771.jpg?resize=640%2C480&#038;ssl=1\" alt=\"\" width=\"640\" height=\"480\" srcset=\"https:\/\/i0.wp.com\/genevieveetbernardauxameriques.fr\/wp-content\/uploads\/2019\/02\/DSCN5771.jpg?w=720&amp;ssl=1 720w, https:\/\/i0.wp.com\/genevieveetbernardauxameriques.fr\/wp-content\/uploads\/2019\/02\/DSCN5771.jpg?resize=300%2C225&amp;ssl=1 300w\" sizes=\"(max-width: 640px) 100vw, 640px\" data-recalc-dims=\"1\" \/><\/a><\/p>\n<p>Nous reprenons le chemin inverse pour rejoindre LA PAZ.<\/p>\n<p>Nous nous arr\u00eaterons \u00e0 MULEGE, l&rsquo;endroit semble joli, encore un bel oasis.<\/p>\n<p><a href=\"https:\/\/i0.wp.com\/genevieveetbernardauxameriques.fr\/wp-content\/uploads\/2019\/02\/DSCN5785.jpg?ssl=1\"><img loading=\"lazy\" decoding=\"async\" data-attachment-id=\"33157\" data-permalink=\"https:\/\/genevieveetbernardauxameriques.fr\/index.php\/2019\/03\/06\/baja-californie-2-de-la-paz-a-san-ignacio-avec-edwige\/dscn5785-3\/\" data-orig-file=\"https:\/\/i0.wp.com\/genevieveetbernardauxameriques.fr\/wp-content\/uploads\/2019\/02\/DSCN5785.jpg?fit=720%2C540&amp;ssl=1\" data-orig-size=\"720,540\" data-comments-opened=\"1\" data-image-meta=\"{&quot;aperture&quot;:&quot;4&quot;,&quot;credit&quot;:&quot;&quot;,&quot;camera&quot;:&quot;COOLPIX P900&quot;,&quot;caption&quot;:&quot;&quot;,&quot;created_timestamp&quot;:&quot;1550321142&quot;,&quot;copyright&quot;:&quot;&quot;,&quot;focal_length&quot;:&quot;20.5&quot;,&quot;iso&quot;:&quot;100&quot;,&quot;shutter_speed&quot;:&quot;0.001&quot;,&quot;title&quot;:&quot;&quot;,&quot;orientation&quot;:&quot;1&quot;}\" data-image-title=\"DSCN5785\" data-image-description=\"\" data-image-caption=\"\" data-medium-file=\"https:\/\/i0.wp.com\/genevieveetbernardauxameriques.fr\/wp-content\/uploads\/2019\/02\/DSCN5785.jpg?fit=300%2C225&amp;ssl=1\" data-large-file=\"https:\/\/i0.wp.com\/genevieveetbernardauxameriques.fr\/wp-content\/uploads\/2019\/02\/DSCN5785.jpg?fit=640%2C480&amp;ssl=1\" class=\"alignnone size-full wp-image-33157\" src=\"https:\/\/i0.wp.com\/genevieveetbernardauxameriques.fr\/wp-content\/uploads\/2019\/02\/DSCN5785.jpg?resize=640%2C480&#038;ssl=1\" alt=\"\" width=\"640\" height=\"480\" srcset=\"https:\/\/i0.wp.com\/genevieveetbernardauxameriques.fr\/wp-content\/uploads\/2019\/02\/DSCN5785.jpg?w=720&amp;ssl=1 720w, https:\/\/i0.wp.com\/genevieveetbernardauxameriques.fr\/wp-content\/uploads\/2019\/02\/DSCN5785.jpg?resize=300%2C225&amp;ssl=1 300w\" sizes=\"(max-width: 640px) 100vw, 640px\" data-recalc-dims=\"1\" \/><\/a> <a href=\"https:\/\/i0.wp.com\/genevieveetbernardauxameriques.fr\/wp-content\/uploads\/2019\/02\/DSCN5786.jpg?ssl=1\"><img loading=\"lazy\" decoding=\"async\" data-attachment-id=\"33158\" data-permalink=\"https:\/\/genevieveetbernardauxameriques.fr\/index.php\/2019\/03\/06\/baja-californie-2-de-la-paz-a-san-ignacio-avec-edwige\/dscn5786-2\/\" data-orig-file=\"https:\/\/i0.wp.com\/genevieveetbernardauxameriques.fr\/wp-content\/uploads\/2019\/02\/DSCN5786.jpg?fit=720%2C540&amp;ssl=1\" data-orig-size=\"720,540\" data-comments-opened=\"1\" data-image-meta=\"{&quot;aperture&quot;:&quot;3.5&quot;,&quot;credit&quot;:&quot;&quot;,&quot;camera&quot;:&quot;COOLPIX P900&quot;,&quot;caption&quot;:&quot;&quot;,&quot;created_timestamp&quot;:&quot;1550321170&quot;,&quot;copyright&quot;:&quot;&quot;,&quot;focal_length&quot;:&quot;10.7&quot;,&quot;iso&quot;:&quot;100&quot;,&quot;shutter_speed&quot;:&quot;0.0015625&quot;,&quot;title&quot;:&quot;&quot;,&quot;orientation&quot;:&quot;1&quot;}\" data-image-title=\"DSCN5786\" data-image-description=\"\" data-image-caption=\"\" data-medium-file=\"https:\/\/i0.wp.com\/genevieveetbernardauxameriques.fr\/wp-content\/uploads\/2019\/02\/DSCN5786.jpg?fit=300%2C225&amp;ssl=1\" data-large-file=\"https:\/\/i0.wp.com\/genevieveetbernardauxameriques.fr\/wp-content\/uploads\/2019\/02\/DSCN5786.jpg?fit=640%2C480&amp;ssl=1\" class=\"alignnone size-full wp-image-33158\" src=\"https:\/\/i0.wp.com\/genevieveetbernardauxameriques.fr\/wp-content\/uploads\/2019\/02\/DSCN5786.jpg?resize=640%2C480&#038;ssl=1\" alt=\"\" width=\"640\" height=\"480\" srcset=\"https:\/\/i0.wp.com\/genevieveetbernardauxameriques.fr\/wp-content\/uploads\/2019\/02\/DSCN5786.jpg?w=720&amp;ssl=1 720w, https:\/\/i0.wp.com\/genevieveetbernardauxameriques.fr\/wp-content\/uploads\/2019\/02\/DSCN5786.jpg?resize=300%2C225&amp;ssl=1 300w\" sizes=\"(max-width: 640px) 100vw, 640px\" data-recalc-dims=\"1\" \/><\/a> <a href=\"https:\/\/i0.wp.com\/genevieveetbernardauxameriques.fr\/wp-content\/uploads\/2019\/02\/DSCN5787.jpg?ssl=1\"><img loading=\"lazy\" decoding=\"async\" data-attachment-id=\"33159\" data-permalink=\"https:\/\/genevieveetbernardauxameriques.fr\/index.php\/2019\/03\/06\/baja-californie-2-de-la-paz-a-san-ignacio-avec-edwige\/dscn5787-2\/\" data-orig-file=\"https:\/\/i0.wp.com\/genevieveetbernardauxameriques.fr\/wp-content\/uploads\/2019\/02\/DSCN5787.jpg?fit=720%2C540&amp;ssl=1\" data-orig-size=\"720,540\" data-comments-opened=\"1\" data-image-meta=\"{&quot;aperture&quot;:&quot;3.5&quot;,&quot;credit&quot;:&quot;&quot;,&quot;camera&quot;:&quot;COOLPIX P900&quot;,&quot;caption&quot;:&quot;&quot;,&quot;created_timestamp&quot;:&quot;1550321174&quot;,&quot;copyright&quot;:&quot;&quot;,&quot;focal_length&quot;:&quot;10.7&quot;,&quot;iso&quot;:&quot;100&quot;,&quot;shutter_speed&quot;:&quot;0.0015625&quot;,&quot;title&quot;:&quot;&quot;,&quot;orientation&quot;:&quot;1&quot;}\" data-image-title=\"DSCN5787\" data-image-description=\"\" data-image-caption=\"\" data-medium-file=\"https:\/\/i0.wp.com\/genevieveetbernardauxameriques.fr\/wp-content\/uploads\/2019\/02\/DSCN5787.jpg?fit=300%2C225&amp;ssl=1\" data-large-file=\"https:\/\/i0.wp.com\/genevieveetbernardauxameriques.fr\/wp-content\/uploads\/2019\/02\/DSCN5787.jpg?fit=640%2C480&amp;ssl=1\" class=\"alignnone size-full wp-image-33159\" src=\"https:\/\/i0.wp.com\/genevieveetbernardauxameriques.fr\/wp-content\/uploads\/2019\/02\/DSCN5787.jpg?resize=640%2C480&#038;ssl=1\" alt=\"\" width=\"640\" height=\"480\" srcset=\"https:\/\/i0.wp.com\/genevieveetbernardauxameriques.fr\/wp-content\/uploads\/2019\/02\/DSCN5787.jpg?w=720&amp;ssl=1 720w, https:\/\/i0.wp.com\/genevieveetbernardauxameriques.fr\/wp-content\/uploads\/2019\/02\/DSCN5787.jpg?resize=300%2C225&amp;ssl=1 300w\" sizes=\"(max-width: 640px) 100vw, 640px\" data-recalc-dims=\"1\" \/><\/a> <a href=\"https:\/\/i0.wp.com\/genevieveetbernardauxameriques.fr\/wp-content\/uploads\/2019\/02\/DSCN5790.jpg?ssl=1\"><img loading=\"lazy\" decoding=\"async\" data-attachment-id=\"33160\" data-permalink=\"https:\/\/genevieveetbernardauxameriques.fr\/index.php\/2019\/03\/06\/baja-californie-2-de-la-paz-a-san-ignacio-avec-edwige\/dscn5790-2\/\" data-orig-file=\"https:\/\/i0.wp.com\/genevieveetbernardauxameriques.fr\/wp-content\/uploads\/2019\/02\/DSCN5790.jpg?fit=720%2C540&amp;ssl=1\" data-orig-size=\"720,540\" data-comments-opened=\"1\" data-image-meta=\"{&quot;aperture&quot;:&quot;3.5&quot;,&quot;credit&quot;:&quot;&quot;,&quot;camera&quot;:&quot;COOLPIX P900&quot;,&quot;caption&quot;:&quot;&quot;,&quot;created_timestamp&quot;:&quot;1550321243&quot;,&quot;copyright&quot;:&quot;&quot;,&quot;focal_length&quot;:&quot;13.4&quot;,&quot;iso&quot;:&quot;100&quot;,&quot;shutter_speed&quot;:&quot;0.00125&quot;,&quot;title&quot;:&quot;&quot;,&quot;orientation&quot;:&quot;1&quot;}\" data-image-title=\"DSCN5790\" data-image-description=\"\" data-image-caption=\"\" data-medium-file=\"https:\/\/i0.wp.com\/genevieveetbernardauxameriques.fr\/wp-content\/uploads\/2019\/02\/DSCN5790.jpg?fit=300%2C225&amp;ssl=1\" data-large-file=\"https:\/\/i0.wp.com\/genevieveetbernardauxameriques.fr\/wp-content\/uploads\/2019\/02\/DSCN5790.jpg?fit=640%2C480&amp;ssl=1\" class=\"alignnone size-full wp-image-33160\" src=\"https:\/\/i0.wp.com\/genevieveetbernardauxameriques.fr\/wp-content\/uploads\/2019\/02\/DSCN5790.jpg?resize=640%2C480&#038;ssl=1\" alt=\"\" width=\"640\" height=\"480\" srcset=\"https:\/\/i0.wp.com\/genevieveetbernardauxameriques.fr\/wp-content\/uploads\/2019\/02\/DSCN5790.jpg?w=720&amp;ssl=1 720w, https:\/\/i0.wp.com\/genevieveetbernardauxameriques.fr\/wp-content\/uploads\/2019\/02\/DSCN5790.jpg?resize=300%2C225&amp;ssl=1 300w\" sizes=\"(max-width: 640px) 100vw, 640px\" data-recalc-dims=\"1\" \/><\/a><\/p>\n<p>On s&rsquo;arr\u00eate pour d\u00e9jeuner \u00e0 Playa Reques\u00f3n. Une bande de sable rejoint \u00e0 mar\u00e9e basse une \u00eele en face de la plage et donne \u00e0 l\u2019endroit une allure tr\u00e8s pittoresque. Au lieu de palmiers, ce sont les cactus qui nous entourent. Le vent\u00a0 aura par contre vite fait de nous fatiguer.<\/p>\n<p><a href=\"https:\/\/i0.wp.com\/genevieveetbernardauxameriques.fr\/wp-content\/uploads\/2019\/02\/DSCN5804.jpg?ssl=1\"><img loading=\"lazy\" decoding=\"async\" data-attachment-id=\"33166\" data-permalink=\"https:\/\/genevieveetbernardauxameriques.fr\/index.php\/2019\/03\/06\/baja-californie-2-de-la-paz-a-san-ignacio-avec-edwige\/dscn5804-2\/\" data-orig-file=\"https:\/\/i0.wp.com\/genevieveetbernardauxameriques.fr\/wp-content\/uploads\/2019\/02\/DSCN5804.jpg?fit=720%2C540&amp;ssl=1\" data-orig-size=\"720,540\" data-comments-opened=\"1\" data-image-meta=\"{&quot;aperture&quot;:&quot;4&quot;,&quot;credit&quot;:&quot;&quot;,&quot;camera&quot;:&quot;COOLPIX P900&quot;,&quot;caption&quot;:&quot;&quot;,&quot;created_timestamp&quot;:&quot;1550323694&quot;,&quot;copyright&quot;:&quot;&quot;,&quot;focal_length&quot;:&quot;4.3&quot;,&quot;iso&quot;:&quot;100&quot;,&quot;shutter_speed&quot;:&quot;0.0005&quot;,&quot;title&quot;:&quot;&quot;,&quot;orientation&quot;:&quot;1&quot;}\" data-image-title=\"DSCN5804\" data-image-description=\"\" data-image-caption=\"\" data-medium-file=\"https:\/\/i0.wp.com\/genevieveetbernardauxameriques.fr\/wp-content\/uploads\/2019\/02\/DSCN5804.jpg?fit=300%2C225&amp;ssl=1\" data-large-file=\"https:\/\/i0.wp.com\/genevieveetbernardauxameriques.fr\/wp-content\/uploads\/2019\/02\/DSCN5804.jpg?fit=640%2C480&amp;ssl=1\" class=\"alignnone size-full wp-image-33166\" src=\"https:\/\/i0.wp.com\/genevieveetbernardauxameriques.fr\/wp-content\/uploads\/2019\/02\/DSCN5804.jpg?resize=640%2C480&#038;ssl=1\" alt=\"\" width=\"640\" height=\"480\" srcset=\"https:\/\/i0.wp.com\/genevieveetbernardauxameriques.fr\/wp-content\/uploads\/2019\/02\/DSCN5804.jpg?w=720&amp;ssl=1 720w, https:\/\/i0.wp.com\/genevieveetbernardauxameriques.fr\/wp-content\/uploads\/2019\/02\/DSCN5804.jpg?resize=300%2C225&amp;ssl=1 300w\" sizes=\"(max-width: 640px) 100vw, 640px\" data-recalc-dims=\"1\" \/><\/a> <a href=\"https:\/\/i0.wp.com\/genevieveetbernardauxameriques.fr\/wp-content\/uploads\/2019\/02\/DSCN5806.jpg?ssl=1\"><img loading=\"lazy\" decoding=\"async\" data-attachment-id=\"33167\" data-permalink=\"https:\/\/genevieveetbernardauxameriques.fr\/index.php\/2019\/03\/06\/baja-californie-2-de-la-paz-a-san-ignacio-avec-edwige\/dscn5806-3\/\" data-orig-file=\"https:\/\/i0.wp.com\/genevieveetbernardauxameriques.fr\/wp-content\/uploads\/2019\/02\/DSCN5806.jpg?fit=720%2C540&amp;ssl=1\" data-orig-size=\"720,540\" data-comments-opened=\"1\" data-image-meta=\"{&quot;aperture&quot;:&quot;4.5&quot;,&quot;credit&quot;:&quot;&quot;,&quot;camera&quot;:&quot;COOLPIX P900&quot;,&quot;caption&quot;:&quot;&quot;,&quot;created_timestamp&quot;:&quot;1550325474&quot;,&quot;copyright&quot;:&quot;&quot;,&quot;focal_length&quot;:&quot;4.3&quot;,&quot;iso&quot;:&quot;100&quot;,&quot;shutter_speed&quot;:&quot;0.000625&quot;,&quot;title&quot;:&quot;&quot;,&quot;orientation&quot;:&quot;1&quot;}\" data-image-title=\"DSCN5806\" data-image-description=\"\" data-image-caption=\"\" data-medium-file=\"https:\/\/i0.wp.com\/genevieveetbernardauxameriques.fr\/wp-content\/uploads\/2019\/02\/DSCN5806.jpg?fit=300%2C225&amp;ssl=1\" data-large-file=\"https:\/\/i0.wp.com\/genevieveetbernardauxameriques.fr\/wp-content\/uploads\/2019\/02\/DSCN5806.jpg?fit=640%2C480&amp;ssl=1\" class=\"alignnone size-full wp-image-33167\" src=\"https:\/\/i0.wp.com\/genevieveetbernardauxameriques.fr\/wp-content\/uploads\/2019\/02\/DSCN5806.jpg?resize=640%2C480&#038;ssl=1\" alt=\"\" width=\"640\" height=\"480\" srcset=\"https:\/\/i0.wp.com\/genevieveetbernardauxameriques.fr\/wp-content\/uploads\/2019\/02\/DSCN5806.jpg?w=720&amp;ssl=1 720w, https:\/\/i0.wp.com\/genevieveetbernardauxameriques.fr\/wp-content\/uploads\/2019\/02\/DSCN5806.jpg?resize=300%2C225&amp;ssl=1 300w\" sizes=\"(max-width: 640px) 100vw, 640px\" data-recalc-dims=\"1\" \/><\/a> <a href=\"https:\/\/i0.wp.com\/genevieveetbernardauxameriques.fr\/wp-content\/uploads\/2019\/02\/DSCN5808.jpg?ssl=1\"><img loading=\"lazy\" decoding=\"async\" data-attachment-id=\"33168\" data-permalink=\"https:\/\/genevieveetbernardauxameriques.fr\/index.php\/2019\/03\/06\/baja-californie-2-de-la-paz-a-san-ignacio-avec-edwige\/dscn5808-2\/\" data-orig-file=\"https:\/\/i0.wp.com\/genevieveetbernardauxameriques.fr\/wp-content\/uploads\/2019\/02\/DSCN5808.jpg?fit=720%2C540&amp;ssl=1\" data-orig-size=\"720,540\" data-comments-opened=\"1\" data-image-meta=\"{&quot;aperture&quot;:&quot;4&quot;,&quot;credit&quot;:&quot;&quot;,&quot;camera&quot;:&quot;COOLPIX P900&quot;,&quot;caption&quot;:&quot;&quot;,&quot;created_timestamp&quot;:&quot;1550329528&quot;,&quot;copyright&quot;:&quot;&quot;,&quot;focal_length&quot;:&quot;4.3&quot;,&quot;iso&quot;:&quot;100&quot;,&quot;shutter_speed&quot;:&quot;0.000625&quot;,&quot;title&quot;:&quot;&quot;,&quot;orientation&quot;:&quot;1&quot;}\" data-image-title=\"DSCN5808\" data-image-description=\"\" data-image-caption=\"\" data-medium-file=\"https:\/\/i0.wp.com\/genevieveetbernardauxameriques.fr\/wp-content\/uploads\/2019\/02\/DSCN5808.jpg?fit=300%2C225&amp;ssl=1\" data-large-file=\"https:\/\/i0.wp.com\/genevieveetbernardauxameriques.fr\/wp-content\/uploads\/2019\/02\/DSCN5808.jpg?fit=640%2C480&amp;ssl=1\" class=\"alignnone size-full wp-image-33168\" src=\"https:\/\/i0.wp.com\/genevieveetbernardauxameriques.fr\/wp-content\/uploads\/2019\/02\/DSCN5808.jpg?resize=640%2C480&#038;ssl=1\" alt=\"\" width=\"640\" height=\"480\" srcset=\"https:\/\/i0.wp.com\/genevieveetbernardauxameriques.fr\/wp-content\/uploads\/2019\/02\/DSCN5808.jpg?w=720&amp;ssl=1 720w, https:\/\/i0.wp.com\/genevieveetbernardauxameriques.fr\/wp-content\/uploads\/2019\/02\/DSCN5808.jpg?resize=300%2C225&amp;ssl=1 300w\" sizes=\"(max-width: 640px) 100vw, 640px\" data-recalc-dims=\"1\" \/><\/a> <a href=\"https:\/\/i0.wp.com\/genevieveetbernardauxameriques.fr\/wp-content\/uploads\/2019\/02\/DSCN5809.jpg?ssl=1\"><img loading=\"lazy\" decoding=\"async\" data-attachment-id=\"33169\" data-permalink=\"https:\/\/genevieveetbernardauxameriques.fr\/index.php\/2019\/03\/06\/baja-californie-2-de-la-paz-a-san-ignacio-avec-edwige\/dscn5809-2\/\" data-orig-file=\"https:\/\/i0.wp.com\/genevieveetbernardauxameriques.fr\/wp-content\/uploads\/2019\/02\/DSCN5809.jpg?fit=720%2C540&amp;ssl=1\" data-orig-size=\"720,540\" data-comments-opened=\"1\" data-image-meta=\"{&quot;aperture&quot;:&quot;3.5&quot;,&quot;credit&quot;:&quot;&quot;,&quot;camera&quot;:&quot;COOLPIX P900&quot;,&quot;caption&quot;:&quot;&quot;,&quot;created_timestamp&quot;:&quot;1550329674&quot;,&quot;copyright&quot;:&quot;&quot;,&quot;focal_length&quot;:&quot;13.4&quot;,&quot;iso&quot;:&quot;100&quot;,&quot;shutter_speed&quot;:&quot;0.0005&quot;,&quot;title&quot;:&quot;&quot;,&quot;orientation&quot;:&quot;1&quot;}\" data-image-title=\"DSCN5809\" data-image-description=\"\" data-image-caption=\"\" data-medium-file=\"https:\/\/i0.wp.com\/genevieveetbernardauxameriques.fr\/wp-content\/uploads\/2019\/02\/DSCN5809.jpg?fit=300%2C225&amp;ssl=1\" data-large-file=\"https:\/\/i0.wp.com\/genevieveetbernardauxameriques.fr\/wp-content\/uploads\/2019\/02\/DSCN5809.jpg?fit=640%2C480&amp;ssl=1\" class=\"alignnone size-full wp-image-33169\" src=\"https:\/\/i0.wp.com\/genevieveetbernardauxameriques.fr\/wp-content\/uploads\/2019\/02\/DSCN5809.jpg?resize=640%2C480&#038;ssl=1\" alt=\"\" width=\"640\" height=\"480\" srcset=\"https:\/\/i0.wp.com\/genevieveetbernardauxameriques.fr\/wp-content\/uploads\/2019\/02\/DSCN5809.jpg?w=720&amp;ssl=1 720w, https:\/\/i0.wp.com\/genevieveetbernardauxameriques.fr\/wp-content\/uploads\/2019\/02\/DSCN5809.jpg?resize=300%2C225&amp;ssl=1 300w\" sizes=\"(max-width: 640px) 100vw, 640px\" data-recalc-dims=\"1\" \/><\/a><\/p>\n<p><a href=\"https:\/\/i0.wp.com\/genevieveetbernardauxameriques.fr\/wp-content\/uploads\/2019\/03\/DSCN5930-1.jpg?ssl=1\"><img loading=\"lazy\" decoding=\"async\" data-attachment-id=\"33490\" data-permalink=\"https:\/\/genevieveetbernardauxameriques.fr\/index.php\/2019\/03\/06\/baja-californie-2-de-la-paz-a-san-ignacio-avec-edwige\/dscn5930-2\/\" data-orig-file=\"https:\/\/i0.wp.com\/genevieveetbernardauxameriques.fr\/wp-content\/uploads\/2019\/03\/DSCN5930-1.jpg?fit=800%2C600&amp;ssl=1\" data-orig-size=\"800,600\" data-comments-opened=\"1\" data-image-meta=\"{&quot;aperture&quot;:&quot;3.5&quot;,&quot;credit&quot;:&quot;&quot;,&quot;camera&quot;:&quot;COOLPIX P900&quot;,&quot;caption&quot;:&quot;&quot;,&quot;created_timestamp&quot;:&quot;1551345719&quot;,&quot;copyright&quot;:&quot;&quot;,&quot;focal_length&quot;:&quot;13.4&quot;,&quot;iso&quot;:&quot;100&quot;,&quot;shutter_speed&quot;:&quot;0.0008&quot;,&quot;title&quot;:&quot;&quot;,&quot;orientation&quot;:&quot;1&quot;}\" data-image-title=\"DSCN5930\" data-image-description=\"\" data-image-caption=\"\" data-medium-file=\"https:\/\/i0.wp.com\/genevieveetbernardauxameriques.fr\/wp-content\/uploads\/2019\/03\/DSCN5930-1.jpg?fit=300%2C225&amp;ssl=1\" data-large-file=\"https:\/\/i0.wp.com\/genevieveetbernardauxameriques.fr\/wp-content\/uploads\/2019\/03\/DSCN5930-1.jpg?fit=640%2C480&amp;ssl=1\" class=\"alignnone size-full wp-image-33490\" src=\"https:\/\/i0.wp.com\/genevieveetbernardauxameriques.fr\/wp-content\/uploads\/2019\/03\/DSCN5930-1.jpg?resize=640%2C480&#038;ssl=1\" alt=\"\" width=\"640\" height=\"480\" srcset=\"https:\/\/i0.wp.com\/genevieveetbernardauxameriques.fr\/wp-content\/uploads\/2019\/03\/DSCN5930-1.jpg?w=800&amp;ssl=1 800w, https:\/\/i0.wp.com\/genevieveetbernardauxameriques.fr\/wp-content\/uploads\/2019\/03\/DSCN5930-1.jpg?resize=300%2C225&amp;ssl=1 300w, https:\/\/i0.wp.com\/genevieveetbernardauxameriques.fr\/wp-content\/uploads\/2019\/03\/DSCN5930-1.jpg?resize=768%2C576&amp;ssl=1 768w\" sizes=\"(max-width: 640px) 100vw, 640px\" data-recalc-dims=\"1\" \/><\/a><a href=\"https:\/\/i0.wp.com\/genevieveetbernardauxameriques.fr\/wp-content\/uploads\/2019\/03\/DSCN5935-1.jpg?ssl=1\"><img loading=\"lazy\" decoding=\"async\" data-attachment-id=\"33493\" data-permalink=\"https:\/\/genevieveetbernardauxameriques.fr\/index.php\/2019\/03\/06\/baja-californie-2-de-la-paz-a-san-ignacio-avec-edwige\/dscn5935-4\/\" data-orig-file=\"https:\/\/i0.wp.com\/genevieveetbernardauxameriques.fr\/wp-content\/uploads\/2019\/03\/DSCN5935-1.jpg?fit=800%2C600&amp;ssl=1\" data-orig-size=\"800,600\" data-comments-opened=\"1\" data-image-meta=\"{&quot;aperture&quot;:&quot;3.2&quot;,&quot;credit&quot;:&quot;&quot;,&quot;camera&quot;:&quot;COOLPIX P900&quot;,&quot;caption&quot;:&quot;&quot;,&quot;created_timestamp&quot;:&quot;1551346076&quot;,&quot;copyright&quot;:&quot;&quot;,&quot;focal_length&quot;:&quot;4.3&quot;,&quot;iso&quot;:&quot;100&quot;,&quot;shutter_speed&quot;:&quot;0.000625&quot;,&quot;title&quot;:&quot;&quot;,&quot;orientation&quot;:&quot;1&quot;}\" data-image-title=\"DSCN5935\" data-image-description=\"\" data-image-caption=\"\" data-medium-file=\"https:\/\/i0.wp.com\/genevieveetbernardauxameriques.fr\/wp-content\/uploads\/2019\/03\/DSCN5935-1.jpg?fit=300%2C225&amp;ssl=1\" data-large-file=\"https:\/\/i0.wp.com\/genevieveetbernardauxameriques.fr\/wp-content\/uploads\/2019\/03\/DSCN5935-1.jpg?fit=640%2C480&amp;ssl=1\" class=\"alignnone size-full wp-image-33493\" src=\"https:\/\/i0.wp.com\/genevieveetbernardauxameriques.fr\/wp-content\/uploads\/2019\/03\/DSCN5935-1.jpg?resize=640%2C480&#038;ssl=1\" alt=\"\" width=\"640\" height=\"480\" srcset=\"https:\/\/i0.wp.com\/genevieveetbernardauxameriques.fr\/wp-content\/uploads\/2019\/03\/DSCN5935-1.jpg?w=800&amp;ssl=1 800w, https:\/\/i0.wp.com\/genevieveetbernardauxameriques.fr\/wp-content\/uploads\/2019\/03\/DSCN5935-1.jpg?resize=300%2C225&amp;ssl=1 300w, https:\/\/i0.wp.com\/genevieveetbernardauxameriques.fr\/wp-content\/uploads\/2019\/03\/DSCN5935-1.jpg?resize=768%2C576&amp;ssl=1 768w\" sizes=\"(max-width: 640px) 100vw, 640px\" data-recalc-dims=\"1\" \/><\/a><\/p>\n<p>On longe toujours BAHIA CONCEPTION sur une quarantaine de kilom\u00e8tres<\/p>\n<p><a href=\"https:\/\/i0.wp.com\/genevieveetbernardauxameriques.fr\/wp-content\/uploads\/2019\/02\/DSCN5810.jpg?ssl=1\"><img loading=\"lazy\" decoding=\"async\" data-attachment-id=\"33170\" data-permalink=\"https:\/\/genevieveetbernardauxameriques.fr\/index.php\/2019\/03\/06\/baja-californie-2-de-la-paz-a-san-ignacio-avec-edwige\/dscn5810-2\/\" data-orig-file=\"https:\/\/i0.wp.com\/genevieveetbernardauxameriques.fr\/wp-content\/uploads\/2019\/02\/DSCN5810.jpg?fit=720%2C540&amp;ssl=1\" data-orig-size=\"720,540\" data-comments-opened=\"1\" data-image-meta=\"{&quot;aperture&quot;:&quot;4&quot;,&quot;credit&quot;:&quot;&quot;,&quot;camera&quot;:&quot;COOLPIX P900&quot;,&quot;caption&quot;:&quot;&quot;,&quot;created_timestamp&quot;:&quot;1550330202&quot;,&quot;copyright&quot;:&quot;&quot;,&quot;focal_length&quot;:&quot;18.7&quot;,&quot;iso&quot;:&quot;100&quot;,&quot;shutter_speed&quot;:&quot;0.00125&quot;,&quot;title&quot;:&quot;&quot;,&quot;orientation&quot;:&quot;1&quot;}\" data-image-title=\"DSCN5810\" data-image-description=\"\" data-image-caption=\"\" data-medium-file=\"https:\/\/i0.wp.com\/genevieveetbernardauxameriques.fr\/wp-content\/uploads\/2019\/02\/DSCN5810.jpg?fit=300%2C225&amp;ssl=1\" data-large-file=\"https:\/\/i0.wp.com\/genevieveetbernardauxameriques.fr\/wp-content\/uploads\/2019\/02\/DSCN5810.jpg?fit=640%2C480&amp;ssl=1\" class=\"alignnone size-full wp-image-33170\" src=\"https:\/\/i0.wp.com\/genevieveetbernardauxameriques.fr\/wp-content\/uploads\/2019\/02\/DSCN5810.jpg?resize=640%2C480&#038;ssl=1\" alt=\"\" width=\"640\" height=\"480\" srcset=\"https:\/\/i0.wp.com\/genevieveetbernardauxameriques.fr\/wp-content\/uploads\/2019\/02\/DSCN5810.jpg?w=720&amp;ssl=1 720w, https:\/\/i0.wp.com\/genevieveetbernardauxameriques.fr\/wp-content\/uploads\/2019\/02\/DSCN5810.jpg?resize=300%2C225&amp;ssl=1 300w\" sizes=\"(max-width: 640px) 100vw, 640px\" data-recalc-dims=\"1\" \/><\/a> <a href=\"https:\/\/i0.wp.com\/genevieveetbernardauxameriques.fr\/wp-content\/uploads\/2019\/02\/DSCN5811.jpg?ssl=1\"><img loading=\"lazy\" decoding=\"async\" data-attachment-id=\"33171\" data-permalink=\"https:\/\/genevieveetbernardauxameriques.fr\/index.php\/2019\/03\/06\/baja-californie-2-de-la-paz-a-san-ignacio-avec-edwige\/dscn5811-3\/\" data-orig-file=\"https:\/\/i0.wp.com\/genevieveetbernardauxameriques.fr\/wp-content\/uploads\/2019\/02\/DSCN5811.jpg?fit=720%2C540&amp;ssl=1\" data-orig-size=\"720,540\" data-comments-opened=\"1\" data-image-meta=\"{&quot;aperture&quot;:&quot;4&quot;,&quot;credit&quot;:&quot;&quot;,&quot;camera&quot;:&quot;COOLPIX P900&quot;,&quot;caption&quot;:&quot;&quot;,&quot;created_timestamp&quot;:&quot;1550330225&quot;,&quot;copyright&quot;:&quot;&quot;,&quot;focal_length&quot;:&quot;18.7&quot;,&quot;iso&quot;:&quot;100&quot;,&quot;shutter_speed&quot;:&quot;0.00125&quot;,&quot;title&quot;:&quot;&quot;,&quot;orientation&quot;:&quot;1&quot;}\" data-image-title=\"DSCN5811\" data-image-description=\"\" data-image-caption=\"\" data-medium-file=\"https:\/\/i0.wp.com\/genevieveetbernardauxameriques.fr\/wp-content\/uploads\/2019\/02\/DSCN5811.jpg?fit=300%2C225&amp;ssl=1\" data-large-file=\"https:\/\/i0.wp.com\/genevieveetbernardauxameriques.fr\/wp-content\/uploads\/2019\/02\/DSCN5811.jpg?fit=640%2C480&amp;ssl=1\" class=\"alignnone size-full wp-image-33171\" src=\"https:\/\/i0.wp.com\/genevieveetbernardauxameriques.fr\/wp-content\/uploads\/2019\/02\/DSCN5811.jpg?resize=640%2C480&#038;ssl=1\" alt=\"\" width=\"640\" height=\"480\" srcset=\"https:\/\/i0.wp.com\/genevieveetbernardauxameriques.fr\/wp-content\/uploads\/2019\/02\/DSCN5811.jpg?w=720&amp;ssl=1 720w, https:\/\/i0.wp.com\/genevieveetbernardauxameriques.fr\/wp-content\/uploads\/2019\/02\/DSCN5811.jpg?resize=300%2C225&amp;ssl=1 300w\" sizes=\"(max-width: 640px) 100vw, 640px\" data-recalc-dims=\"1\" \/><\/a><a href=\"https:\/\/i0.wp.com\/genevieveetbernardauxameriques.fr\/wp-content\/uploads\/2019\/02\/DSCN5802.jpg?ssl=1\"><img loading=\"lazy\" decoding=\"async\" data-attachment-id=\"33165\" data-permalink=\"https:\/\/genevieveetbernardauxameriques.fr\/index.php\/2019\/03\/06\/baja-californie-2-de-la-paz-a-san-ignacio-avec-edwige\/dscn5802-2\/\" data-orig-file=\"https:\/\/i0.wp.com\/genevieveetbernardauxameriques.fr\/wp-content\/uploads\/2019\/02\/DSCN5802.jpg?fit=720%2C540&amp;ssl=1\" data-orig-size=\"720,540\" data-comments-opened=\"1\" data-image-meta=\"{&quot;aperture&quot;:&quot;4.5&quot;,&quot;credit&quot;:&quot;&quot;,&quot;camera&quot;:&quot;COOLPIX P900&quot;,&quot;caption&quot;:&quot;&quot;,&quot;created_timestamp&quot;:&quot;1550323098&quot;,&quot;copyright&quot;:&quot;&quot;,&quot;focal_length&quot;:&quot;46.4&quot;,&quot;iso&quot;:&quot;100&quot;,&quot;shutter_speed&quot;:&quot;0.00125&quot;,&quot;title&quot;:&quot;&quot;,&quot;orientation&quot;:&quot;1&quot;}\" data-image-title=\"DSCN5802\" data-image-description=\"\" data-image-caption=\"\" data-medium-file=\"https:\/\/i0.wp.com\/genevieveetbernardauxameriques.fr\/wp-content\/uploads\/2019\/02\/DSCN5802.jpg?fit=300%2C225&amp;ssl=1\" data-large-file=\"https:\/\/i0.wp.com\/genevieveetbernardauxameriques.fr\/wp-content\/uploads\/2019\/02\/DSCN5802.jpg?fit=640%2C480&amp;ssl=1\" class=\"alignnone size-full wp-image-33165\" src=\"https:\/\/i0.wp.com\/genevieveetbernardauxameriques.fr\/wp-content\/uploads\/2019\/02\/DSCN5802.jpg?resize=640%2C480&#038;ssl=1\" alt=\"\" width=\"640\" height=\"480\" srcset=\"https:\/\/i0.wp.com\/genevieveetbernardauxameriques.fr\/wp-content\/uploads\/2019\/02\/DSCN5802.jpg?w=720&amp;ssl=1 720w, https:\/\/i0.wp.com\/genevieveetbernardauxameriques.fr\/wp-content\/uploads\/2019\/02\/DSCN5802.jpg?resize=300%2C225&amp;ssl=1 300w\" sizes=\"(max-width: 640px) 100vw, 640px\" data-recalc-dims=\"1\" \/><\/a><\/p>\n<p>Nous avons encore un site important o\u00f9 l&rsquo;on peut voir les baleines \u00e0 <strong>PUERTO LOPEZ<\/strong> <strong>MATEOS<\/strong>. Il faut faire un l\u00e9ger d\u00e9tour mais la route est correcte.<\/p>\n<p>Il est 18 h, nous allons nous installer directement sur le parking (whale watching), il y a \u00e9norm\u00e9ment de vent. On s&rsquo;installe derri\u00e8re les buissons et on colle la tente au camper.<\/p>\n<p>Apr\u00e8s ce travail effectu\u00e9, nous allons prendre une petite margharita au bar, juste pour nous r\u00e9chauffer.<\/p>\n<p><a href=\"https:\/\/i0.wp.com\/genevieveetbernardauxameriques.fr\/wp-content\/uploads\/2019\/02\/DSCN5817.jpg?ssl=1\"><img loading=\"lazy\" decoding=\"async\" data-attachment-id=\"33173\" data-permalink=\"https:\/\/genevieveetbernardauxameriques.fr\/index.php\/2019\/03\/06\/baja-californie-2-de-la-paz-a-san-ignacio-avec-edwige\/dscn5817-2\/\" data-orig-file=\"https:\/\/i0.wp.com\/genevieveetbernardauxameriques.fr\/wp-content\/uploads\/2019\/02\/DSCN5817.jpg?fit=720%2C540&amp;ssl=1\" data-orig-size=\"720,540\" data-comments-opened=\"1\" data-image-meta=\"{&quot;aperture&quot;:&quot;3.2&quot;,&quot;credit&quot;:&quot;&quot;,&quot;camera&quot;:&quot;COOLPIX P900&quot;,&quot;caption&quot;:&quot;&quot;,&quot;created_timestamp&quot;:&quot;1550346900&quot;,&quot;copyright&quot;:&quot;&quot;,&quot;focal_length&quot;:&quot;7.1&quot;,&quot;iso&quot;:&quot;450&quot;,&quot;shutter_speed&quot;:&quot;0.125&quot;,&quot;title&quot;:&quot;&quot;,&quot;orientation&quot;:&quot;1&quot;}\" data-image-title=\"DSCN5817\" data-image-description=\"\" data-image-caption=\"\" data-medium-file=\"https:\/\/i0.wp.com\/genevieveetbernardauxameriques.fr\/wp-content\/uploads\/2019\/02\/DSCN5817.jpg?fit=300%2C225&amp;ssl=1\" data-large-file=\"https:\/\/i0.wp.com\/genevieveetbernardauxameriques.fr\/wp-content\/uploads\/2019\/02\/DSCN5817.jpg?fit=640%2C480&amp;ssl=1\" class=\"alignnone size-full wp-image-33173\" src=\"https:\/\/i0.wp.com\/genevieveetbernardauxameriques.fr\/wp-content\/uploads\/2019\/02\/DSCN5817.jpg?resize=640%2C480&#038;ssl=1\" alt=\"\" width=\"640\" height=\"480\" srcset=\"https:\/\/i0.wp.com\/genevieveetbernardauxameriques.fr\/wp-content\/uploads\/2019\/02\/DSCN5817.jpg?w=720&amp;ssl=1 720w, https:\/\/i0.wp.com\/genevieveetbernardauxameriques.fr\/wp-content\/uploads\/2019\/02\/DSCN5817.jpg?resize=300%2C225&amp;ssl=1 300w\" sizes=\"(max-width: 640px) 100vw, 640px\" data-recalc-dims=\"1\" \/><\/a> <a href=\"https:\/\/i0.wp.com\/genevieveetbernardauxameriques.fr\/wp-content\/uploads\/2019\/02\/DSCN5821.jpg?ssl=1\"><img loading=\"lazy\" decoding=\"async\" data-attachment-id=\"33174\" data-permalink=\"https:\/\/genevieveetbernardauxameriques.fr\/index.php\/2019\/03\/06\/baja-californie-2-de-la-paz-a-san-ignacio-avec-edwige\/dscn5821-3\/\" data-orig-file=\"https:\/\/i0.wp.com\/genevieveetbernardauxameriques.fr\/wp-content\/uploads\/2019\/02\/DSCN5821.jpg?fit=720%2C540&amp;ssl=1\" data-orig-size=\"720,540\" data-comments-opened=\"1\" data-image-meta=\"{&quot;aperture&quot;:&quot;2.8&quot;,&quot;credit&quot;:&quot;&quot;,&quot;camera&quot;:&quot;COOLPIX P900&quot;,&quot;caption&quot;:&quot;&quot;,&quot;created_timestamp&quot;:&quot;1550347230&quot;,&quot;copyright&quot;:&quot;&quot;,&quot;focal_length&quot;:&quot;4.3&quot;,&quot;iso&quot;:&quot;400&quot;,&quot;shutter_speed&quot;:&quot;0.1&quot;,&quot;title&quot;:&quot;&quot;,&quot;orientation&quot;:&quot;1&quot;}\" data-image-title=\"DSCN5821\" data-image-description=\"\" data-image-caption=\"\" data-medium-file=\"https:\/\/i0.wp.com\/genevieveetbernardauxameriques.fr\/wp-content\/uploads\/2019\/02\/DSCN5821.jpg?fit=300%2C225&amp;ssl=1\" data-large-file=\"https:\/\/i0.wp.com\/genevieveetbernardauxameriques.fr\/wp-content\/uploads\/2019\/02\/DSCN5821.jpg?fit=640%2C480&amp;ssl=1\" class=\"alignnone size-full wp-image-33174\" src=\"https:\/\/i0.wp.com\/genevieveetbernardauxameriques.fr\/wp-content\/uploads\/2019\/02\/DSCN5821.jpg?resize=640%2C480&#038;ssl=1\" alt=\"\" width=\"640\" height=\"480\" srcset=\"https:\/\/i0.wp.com\/genevieveetbernardauxameriques.fr\/wp-content\/uploads\/2019\/02\/DSCN5821.jpg?w=720&amp;ssl=1 720w, https:\/\/i0.wp.com\/genevieveetbernardauxameriques.fr\/wp-content\/uploads\/2019\/02\/DSCN5821.jpg?resize=300%2C225&amp;ssl=1 300w\" sizes=\"(max-width: 640px) 100vw, 640px\" data-recalc-dims=\"1\" \/><\/a><\/p>\n<p>La nuit n&rsquo;a pas \u00e9t\u00e9 bonne du tout,\u00a0 le camping-car gigote dans tous les sens, la fen\u00eatre sur notre t\u00eate tape. A 2 h du matin, on r\u00e9veille Bernard pour qu&rsquo;il fasse quelque chose,\u00a0 lui non plus ne dort pas. Il referme le lanterneau correctement et on va essayer de se rendormir.<\/p>\n<p>Pas tr\u00e8s frais, nous partons prendre une excursion \u00e0 9 h, on fait une b\u00eatise, on ne prend qu&rsquo;une heure et on ne nous explique pas que 2 h c&rsquo;est mieux et surtout qu&rsquo;on met 20 mn en bateau pour aller sur le site. On prend un bateau pour nous seuls, c&rsquo;est beaucoup moins on\u00e9reux qu&rsquo;\u00e0 SAN IGNACIO (1500 Pesos pour nous tous, au lieu de 4300)<\/p>\n<p><a href=\"https:\/\/i0.wp.com\/genevieveetbernardauxameriques.fr\/wp-content\/uploads\/2019\/02\/DSCN5846.jpg?ssl=1\"><img loading=\"lazy\" decoding=\"async\" data-attachment-id=\"33179\" data-permalink=\"https:\/\/genevieveetbernardauxameriques.fr\/index.php\/2019\/03\/06\/baja-californie-2-de-la-paz-a-san-ignacio-avec-edwige\/dscn5846-2\/\" data-orig-file=\"https:\/\/i0.wp.com\/genevieveetbernardauxameriques.fr\/wp-content\/uploads\/2019\/02\/DSCN5846.jpg?fit=540%2C720&amp;ssl=1\" data-orig-size=\"540,720\" data-comments-opened=\"1\" data-image-meta=\"{&quot;aperture&quot;:&quot;4&quot;,&quot;credit&quot;:&quot;&quot;,&quot;camera&quot;:&quot;COOLPIX P900&quot;,&quot;caption&quot;:&quot;&quot;,&quot;created_timestamp&quot;:&quot;1550400983&quot;,&quot;copyright&quot;:&quot;&quot;,&quot;focal_length&quot;:&quot;5&quot;,&quot;iso&quot;:&quot;100&quot;,&quot;shutter_speed&quot;:&quot;0.0005&quot;,&quot;title&quot;:&quot;&quot;,&quot;orientation&quot;:&quot;1&quot;}\" data-image-title=\"DSCN5846\" data-image-description=\"\" data-image-caption=\"\" data-medium-file=\"https:\/\/i0.wp.com\/genevieveetbernardauxameriques.fr\/wp-content\/uploads\/2019\/02\/DSCN5846.jpg?fit=225%2C300&amp;ssl=1\" data-large-file=\"https:\/\/i0.wp.com\/genevieveetbernardauxameriques.fr\/wp-content\/uploads\/2019\/02\/DSCN5846.jpg?fit=540%2C720&amp;ssl=1\" class=\"alignnone wp-image-33179\" src=\"https:\/\/i0.wp.com\/genevieveetbernardauxameriques.fr\/wp-content\/uploads\/2019\/02\/DSCN5846.jpg?resize=450%2C600&#038;ssl=1\" alt=\"\" width=\"450\" height=\"600\" srcset=\"https:\/\/i0.wp.com\/genevieveetbernardauxameriques.fr\/wp-content\/uploads\/2019\/02\/DSCN5846.jpg?w=540&amp;ssl=1 540w, https:\/\/i0.wp.com\/genevieveetbernardauxameriques.fr\/wp-content\/uploads\/2019\/02\/DSCN5846.jpg?resize=225%2C300&amp;ssl=1 225w\" sizes=\"(max-width: 450px) 100vw, 450px\" data-recalc-dims=\"1\" \/><\/a><a href=\"https:\/\/i0.wp.com\/genevieveetbernardauxameriques.fr\/wp-content\/uploads\/2019\/02\/DSCN5829.jpg?ssl=1\"><img loading=\"lazy\" decoding=\"async\" data-attachment-id=\"33175\" data-permalink=\"https:\/\/genevieveetbernardauxameriques.fr\/index.php\/2019\/03\/06\/baja-californie-2-de-la-paz-a-san-ignacio-avec-edwige\/dscn5829\/\" data-orig-file=\"https:\/\/i0.wp.com\/genevieveetbernardauxameriques.fr\/wp-content\/uploads\/2019\/02\/DSCN5829.jpg?fit=720%2C540&amp;ssl=1\" data-orig-size=\"720,540\" data-comments-opened=\"1\" data-image-meta=\"{&quot;aperture&quot;:&quot;3.2&quot;,&quot;credit&quot;:&quot;&quot;,&quot;camera&quot;:&quot;COOLPIX P900&quot;,&quot;caption&quot;:&quot;&quot;,&quot;created_timestamp&quot;:&quot;1550399003&quot;,&quot;copyright&quot;:&quot;&quot;,&quot;focal_length&quot;:&quot;4.3&quot;,&quot;iso&quot;:&quot;100&quot;,&quot;shutter_speed&quot;:&quot;0.0005&quot;,&quot;title&quot;:&quot;&quot;,&quot;orientation&quot;:&quot;1&quot;}\" data-image-title=\"DSCN5829\" data-image-description=\"\" data-image-caption=\"\" data-medium-file=\"https:\/\/i0.wp.com\/genevieveetbernardauxameriques.fr\/wp-content\/uploads\/2019\/02\/DSCN5829.jpg?fit=300%2C225&amp;ssl=1\" data-large-file=\"https:\/\/i0.wp.com\/genevieveetbernardauxameriques.fr\/wp-content\/uploads\/2019\/02\/DSCN5829.jpg?fit=640%2C480&amp;ssl=1\" class=\"alignnone size-full wp-image-33175\" src=\"https:\/\/i0.wp.com\/genevieveetbernardauxameriques.fr\/wp-content\/uploads\/2019\/02\/DSCN5829.jpg?resize=640%2C480&#038;ssl=1\" alt=\"\" width=\"640\" height=\"480\" srcset=\"https:\/\/i0.wp.com\/genevieveetbernardauxameriques.fr\/wp-content\/uploads\/2019\/02\/DSCN5829.jpg?w=720&amp;ssl=1 720w, https:\/\/i0.wp.com\/genevieveetbernardauxameriques.fr\/wp-content\/uploads\/2019\/02\/DSCN5829.jpg?resize=300%2C225&amp;ssl=1 300w\" sizes=\"(max-width: 640px) 100vw, 640px\" data-recalc-dims=\"1\" \/><\/a> <a href=\"https:\/\/i0.wp.com\/genevieveetbernardauxameriques.fr\/wp-content\/uploads\/2019\/02\/DSCN5834.jpg?ssl=1\"><img loading=\"lazy\" decoding=\"async\" data-attachment-id=\"33177\" data-permalink=\"https:\/\/genevieveetbernardauxameriques.fr\/index.php\/2019\/03\/06\/baja-californie-2-de-la-paz-a-san-ignacio-avec-edwige\/dscn5834-3\/\" data-orig-file=\"https:\/\/i0.wp.com\/genevieveetbernardauxameriques.fr\/wp-content\/uploads\/2019\/02\/DSCN5834.jpg?fit=720%2C540&amp;ssl=1\" data-orig-size=\"720,540\" data-comments-opened=\"1\" data-image-meta=\"{&quot;aperture&quot;:&quot;4.5&quot;,&quot;credit&quot;:&quot;&quot;,&quot;camera&quot;:&quot;COOLPIX P900&quot;,&quot;caption&quot;:&quot;&quot;,&quot;created_timestamp&quot;:&quot;1550399202&quot;,&quot;copyright&quot;:&quot;&quot;,&quot;focal_length&quot;:&quot;30.3&quot;,&quot;iso&quot;:&quot;100&quot;,&quot;shutter_speed&quot;:&quot;0.0025&quot;,&quot;title&quot;:&quot;&quot;,&quot;orientation&quot;:&quot;1&quot;}\" data-image-title=\"DSCN5834\" data-image-description=\"\" data-image-caption=\"\" data-medium-file=\"https:\/\/i0.wp.com\/genevieveetbernardauxameriques.fr\/wp-content\/uploads\/2019\/02\/DSCN5834.jpg?fit=300%2C225&amp;ssl=1\" data-large-file=\"https:\/\/i0.wp.com\/genevieveetbernardauxameriques.fr\/wp-content\/uploads\/2019\/02\/DSCN5834.jpg?fit=640%2C480&amp;ssl=1\" class=\"alignnone size-full wp-image-33177\" src=\"https:\/\/i0.wp.com\/genevieveetbernardauxameriques.fr\/wp-content\/uploads\/2019\/02\/DSCN5834.jpg?resize=640%2C480&#038;ssl=1\" alt=\"\" width=\"640\" height=\"480\" srcset=\"https:\/\/i0.wp.com\/genevieveetbernardauxameriques.fr\/wp-content\/uploads\/2019\/02\/DSCN5834.jpg?w=720&amp;ssl=1 720w, https:\/\/i0.wp.com\/genevieveetbernardauxameriques.fr\/wp-content\/uploads\/2019\/02\/DSCN5834.jpg?resize=300%2C225&amp;ssl=1 300w\" sizes=\"(max-width: 640px) 100vw, 640px\" data-recalc-dims=\"1\" \/><\/a> <a href=\"https:\/\/i0.wp.com\/genevieveetbernardauxameriques.fr\/wp-content\/uploads\/2019\/02\/DSCN5839.jpg?ssl=1\"><img loading=\"lazy\" decoding=\"async\" data-attachment-id=\"33178\" data-permalink=\"https:\/\/genevieveetbernardauxameriques.fr\/index.php\/2019\/03\/06\/baja-californie-2-de-la-paz-a-san-ignacio-avec-edwige\/dscn5839-2\/\" data-orig-file=\"https:\/\/i0.wp.com\/genevieveetbernardauxameriques.fr\/wp-content\/uploads\/2019\/02\/DSCN5839.jpg?fit=720%2C540&amp;ssl=1\" data-orig-size=\"720,540\" data-comments-opened=\"1\" data-image-meta=\"{&quot;aperture&quot;:&quot;4&quot;,&quot;credit&quot;:&quot;&quot;,&quot;camera&quot;:&quot;COOLPIX P900&quot;,&quot;caption&quot;:&quot;&quot;,&quot;created_timestamp&quot;:&quot;1550399696&quot;,&quot;copyright&quot;:&quot;&quot;,&quot;focal_length&quot;:&quot;24.1&quot;,&quot;iso&quot;:&quot;100&quot;,&quot;shutter_speed&quot;:&quot;0.0008&quot;,&quot;title&quot;:&quot;&quot;,&quot;orientation&quot;:&quot;1&quot;}\" data-image-title=\"DSCN5839\" data-image-description=\"\" data-image-caption=\"\" data-medium-file=\"https:\/\/i0.wp.com\/genevieveetbernardauxameriques.fr\/wp-content\/uploads\/2019\/02\/DSCN5839.jpg?fit=300%2C225&amp;ssl=1\" data-large-file=\"https:\/\/i0.wp.com\/genevieveetbernardauxameriques.fr\/wp-content\/uploads\/2019\/02\/DSCN5839.jpg?fit=640%2C480&amp;ssl=1\" class=\"alignnone size-full wp-image-33178\" src=\"https:\/\/i0.wp.com\/genevieveetbernardauxameriques.fr\/wp-content\/uploads\/2019\/02\/DSCN5839.jpg?resize=640%2C480&#038;ssl=1\" alt=\"\" width=\"640\" height=\"480\" srcset=\"https:\/\/i0.wp.com\/genevieveetbernardauxameriques.fr\/wp-content\/uploads\/2019\/02\/DSCN5839.jpg?w=720&amp;ssl=1 720w, https:\/\/i0.wp.com\/genevieveetbernardauxameriques.fr\/wp-content\/uploads\/2019\/02\/DSCN5839.jpg?resize=300%2C225&amp;ssl=1 300w\" sizes=\"(max-width: 640px) 100vw, 640px\" data-recalc-dims=\"1\" \/><\/a><\/p>\n<p><a href=\"https:\/\/i0.wp.com\/genevieveetbernardauxameriques.fr\/wp-content\/uploads\/2019\/02\/Capture-d\u00e9cran-2019-02-26-10.11.31-e1551202429238.jpg?ssl=1\"><img loading=\"lazy\" decoding=\"async\" data-attachment-id=\"33332\" data-permalink=\"https:\/\/genevieveetbernardauxameriques.fr\/index.php\/2019\/03\/06\/baja-californie-2-de-la-paz-a-san-ignacio-avec-edwige\/capture-decran-2019-02-26-10-11-31\/\" data-orig-file=\"https:\/\/i0.wp.com\/genevieveetbernardauxameriques.fr\/wp-content\/uploads\/2019\/02\/Capture-d\u00e9cran-2019-02-26-10.11.31-e1551202429238.jpg?fit=473%2C167&amp;ssl=1\" data-orig-size=\"473,167\" data-comments-opened=\"1\" data-image-meta=\"{&quot;aperture&quot;:&quot;0&quot;,&quot;credit&quot;:&quot;&quot;,&quot;camera&quot;:&quot;&quot;,&quot;caption&quot;:&quot;&quot;,&quot;created_timestamp&quot;:&quot;0&quot;,&quot;copyright&quot;:&quot;&quot;,&quot;focal_length&quot;:&quot;0&quot;,&quot;iso&quot;:&quot;0&quot;,&quot;shutter_speed&quot;:&quot;0&quot;,&quot;title&quot;:&quot;&quot;,&quot;orientation&quot;:&quot;0&quot;}\" data-image-title=\"Capture d&amp;rsquo;\u00e9cran 2019-02-26 10.11.31\" data-image-description=\"\" data-image-caption=\"\" data-medium-file=\"https:\/\/i0.wp.com\/genevieveetbernardauxameriques.fr\/wp-content\/uploads\/2019\/02\/Capture-d\u00e9cran-2019-02-26-10.11.31-e1551202429238.jpg?fit=300%2C106&amp;ssl=1\" data-large-file=\"https:\/\/i0.wp.com\/genevieveetbernardauxameriques.fr\/wp-content\/uploads\/2019\/02\/Capture-d\u00e9cran-2019-02-26-10.11.31-e1551202429238.jpg?fit=473%2C167&amp;ssl=1\" class=\"size-full wp-image-33332 aligncenter\" src=\"https:\/\/i0.wp.com\/genevieveetbernardauxameriques.fr\/wp-content\/uploads\/2019\/02\/Capture-d\u00e9cran-2019-02-26-10.11.31-e1551202429238.jpg?resize=473%2C167&#038;ssl=1\" alt=\"\" width=\"473\" height=\"167\" srcset=\"https:\/\/i0.wp.com\/genevieveetbernardauxameriques.fr\/wp-content\/uploads\/2019\/02\/Capture-d\u00e9cran-2019-02-26-10.11.31-e1551202429238.jpg?w=473&amp;ssl=1 473w, https:\/\/i0.wp.com\/genevieveetbernardauxameriques.fr\/wp-content\/uploads\/2019\/02\/Capture-d\u00e9cran-2019-02-26-10.11.31-e1551202429238.jpg?resize=300%2C106&amp;ssl=1 300w\" sizes=\"(max-width: 473px) 100vw, 473px\" data-recalc-dims=\"1\" \/><\/a><\/p>\n<p><a href=\"https:\/\/i0.wp.com\/genevieveetbernardauxameriques.fr\/wp-content\/uploads\/2019\/02\/Capture-d\u00e9cran-2019-02-26-10.10.25-e1551202474554.jpg?ssl=1\"><img loading=\"lazy\" decoding=\"async\" data-attachment-id=\"33329\" data-permalink=\"https:\/\/genevieveetbernardauxameriques.fr\/index.php\/2019\/03\/06\/baja-californie-2-de-la-paz-a-san-ignacio-avec-edwige\/capture-decran-2019-02-26-10-10-25\/\" data-orig-file=\"https:\/\/i0.wp.com\/genevieveetbernardauxameriques.fr\/wp-content\/uploads\/2019\/02\/Capture-d\u00e9cran-2019-02-26-10.10.25-e1551202474554.jpg?fit=478%2C137&amp;ssl=1\" data-orig-size=\"478,137\" data-comments-opened=\"1\" data-image-meta=\"{&quot;aperture&quot;:&quot;0&quot;,&quot;credit&quot;:&quot;&quot;,&quot;camera&quot;:&quot;&quot;,&quot;caption&quot;:&quot;&quot;,&quot;created_timestamp&quot;:&quot;0&quot;,&quot;copyright&quot;:&quot;&quot;,&quot;focal_length&quot;:&quot;0&quot;,&quot;iso&quot;:&quot;0&quot;,&quot;shutter_speed&quot;:&quot;0&quot;,&quot;title&quot;:&quot;&quot;,&quot;orientation&quot;:&quot;0&quot;}\" data-image-title=\"Capture d&amp;rsquo;\u00e9cran 2019-02-26 10.10.25\" data-image-description=\"\" data-image-caption=\"\" data-medium-file=\"https:\/\/i0.wp.com\/genevieveetbernardauxameriques.fr\/wp-content\/uploads\/2019\/02\/Capture-d\u00e9cran-2019-02-26-10.10.25-e1551202474554.jpg?fit=300%2C86&amp;ssl=1\" data-large-file=\"https:\/\/i0.wp.com\/genevieveetbernardauxameriques.fr\/wp-content\/uploads\/2019\/02\/Capture-d\u00e9cran-2019-02-26-10.10.25-e1551202474554.jpg?fit=478%2C137&amp;ssl=1\" class=\"size-full wp-image-33329 aligncenter\" src=\"https:\/\/i0.wp.com\/genevieveetbernardauxameriques.fr\/wp-content\/uploads\/2019\/02\/Capture-d\u00e9cran-2019-02-26-10.10.25-e1551202474554.jpg?resize=478%2C137&#038;ssl=1\" alt=\"\" width=\"478\" height=\"137\" srcset=\"https:\/\/i0.wp.com\/genevieveetbernardauxameriques.fr\/wp-content\/uploads\/2019\/02\/Capture-d\u00e9cran-2019-02-26-10.10.25-e1551202474554.jpg?w=478&amp;ssl=1 478w, https:\/\/i0.wp.com\/genevieveetbernardauxameriques.fr\/wp-content\/uploads\/2019\/02\/Capture-d\u00e9cran-2019-02-26-10.10.25-e1551202474554.jpg?resize=300%2C86&amp;ssl=1 300w\" sizes=\"(max-width: 478px) 100vw, 478px\" data-recalc-dims=\"1\" \/><\/a><\/p>\n<p>D\u00e9ception apr\u00e8s la journ\u00e9e de la vieille, on verra tout de m\u00eame deux baleineaux avec leur m\u00e8re.<\/p>\n<p>Nous arrivons \u00e0 LA PAZ et allons nous installer au Camping NAYARIT, il faut qu&rsquo;on recharge un peu nos batteries. Repas le soir o\u00f9 nous avions diner avec Fran\u00e7ois et Carole.<\/p>\n<p>Et le lendemain matin nous partons sur <strong>CABO PUMO<\/strong>, l&rsquo;aquarium de la Basse Californie, il y a toujours autant de vent. Les enfants vont tout de m\u00eame se baigner sur la plage LOS ARBOLITOS o\u00f9 nous camperons.<\/p>\n<p><a href=\"https:\/\/i0.wp.com\/genevieveetbernardauxameriques.fr\/wp-content\/uploads\/2019\/02\/DSCN5850.jpg?ssl=1\"><img loading=\"lazy\" decoding=\"async\" data-attachment-id=\"33180\" data-permalink=\"https:\/\/genevieveetbernardauxameriques.fr\/index.php\/2019\/03\/06\/baja-californie-2-de-la-paz-a-san-ignacio-avec-edwige\/dscn5850\/\" data-orig-file=\"https:\/\/i0.wp.com\/genevieveetbernardauxameriques.fr\/wp-content\/uploads\/2019\/02\/DSCN5850.jpg?fit=720%2C540&amp;ssl=1\" data-orig-size=\"720,540\" data-comments-opened=\"1\" data-image-meta=\"{&quot;aperture&quot;:&quot;3.5&quot;,&quot;credit&quot;:&quot;&quot;,&quot;camera&quot;:&quot;COOLPIX P900&quot;,&quot;caption&quot;:&quot;&quot;,&quot;created_timestamp&quot;:&quot;1550512380&quot;,&quot;copyright&quot;:&quot;&quot;,&quot;focal_length&quot;:&quot;14.3&quot;,&quot;iso&quot;:&quot;100&quot;,&quot;shutter_speed&quot;:&quot;0.001&quot;,&quot;title&quot;:&quot;&quot;,&quot;orientation&quot;:&quot;1&quot;}\" data-image-title=\"DSCN5850\" data-image-description=\"\" data-image-caption=\"\" data-medium-file=\"https:\/\/i0.wp.com\/genevieveetbernardauxameriques.fr\/wp-content\/uploads\/2019\/02\/DSCN5850.jpg?fit=300%2C225&amp;ssl=1\" data-large-file=\"https:\/\/i0.wp.com\/genevieveetbernardauxameriques.fr\/wp-content\/uploads\/2019\/02\/DSCN5850.jpg?fit=640%2C480&amp;ssl=1\" class=\"alignnone size-full wp-image-33180\" src=\"https:\/\/i0.wp.com\/genevieveetbernardauxameriques.fr\/wp-content\/uploads\/2019\/02\/DSCN5850.jpg?resize=640%2C480&#038;ssl=1\" alt=\"\" width=\"640\" height=\"480\" srcset=\"https:\/\/i0.wp.com\/genevieveetbernardauxameriques.fr\/wp-content\/uploads\/2019\/02\/DSCN5850.jpg?w=720&amp;ssl=1 720w, https:\/\/i0.wp.com\/genevieveetbernardauxameriques.fr\/wp-content\/uploads\/2019\/02\/DSCN5850.jpg?resize=300%2C225&amp;ssl=1 300w\" sizes=\"(max-width: 640px) 100vw, 640px\" data-recalc-dims=\"1\" \/><\/a> <a href=\"https:\/\/i0.wp.com\/genevieveetbernardauxameriques.fr\/wp-content\/uploads\/2019\/02\/DSCN5853.jpg?ssl=1\"><img loading=\"lazy\" decoding=\"async\" data-attachment-id=\"33181\" data-permalink=\"https:\/\/genevieveetbernardauxameriques.fr\/index.php\/2019\/03\/06\/baja-californie-2-de-la-paz-a-san-ignacio-avec-edwige\/dscn5853\/\" data-orig-file=\"https:\/\/i0.wp.com\/genevieveetbernardauxameriques.fr\/wp-content\/uploads\/2019\/02\/DSCN5853.jpg?fit=720%2C540&amp;ssl=1\" data-orig-size=\"720,540\" data-comments-opened=\"1\" data-image-meta=\"{&quot;aperture&quot;:&quot;3.5&quot;,&quot;credit&quot;:&quot;&quot;,&quot;camera&quot;:&quot;COOLPIX P900&quot;,&quot;caption&quot;:&quot;&quot;,&quot;created_timestamp&quot;:&quot;1550512419&quot;,&quot;copyright&quot;:&quot;&quot;,&quot;focal_length&quot;:&quot;14.3&quot;,&quot;iso&quot;:&quot;100&quot;,&quot;shutter_speed&quot;:&quot;0.0008&quot;,&quot;title&quot;:&quot;&quot;,&quot;orientation&quot;:&quot;1&quot;}\" data-image-title=\"DSCN5853\" data-image-description=\"\" data-image-caption=\"\" data-medium-file=\"https:\/\/i0.wp.com\/genevieveetbernardauxameriques.fr\/wp-content\/uploads\/2019\/02\/DSCN5853.jpg?fit=300%2C225&amp;ssl=1\" data-large-file=\"https:\/\/i0.wp.com\/genevieveetbernardauxameriques.fr\/wp-content\/uploads\/2019\/02\/DSCN5853.jpg?fit=640%2C480&amp;ssl=1\" class=\"alignnone size-full wp-image-33181\" src=\"https:\/\/i0.wp.com\/genevieveetbernardauxameriques.fr\/wp-content\/uploads\/2019\/02\/DSCN5853.jpg?resize=640%2C480&#038;ssl=1\" alt=\"\" width=\"640\" height=\"480\" srcset=\"https:\/\/i0.wp.com\/genevieveetbernardauxameriques.fr\/wp-content\/uploads\/2019\/02\/DSCN5853.jpg?w=720&amp;ssl=1 720w, https:\/\/i0.wp.com\/genevieveetbernardauxameriques.fr\/wp-content\/uploads\/2019\/02\/DSCN5853.jpg?resize=300%2C225&amp;ssl=1 300w\" sizes=\"(max-width: 640px) 100vw, 640px\" data-recalc-dims=\"1\" \/><\/a> <a href=\"https:\/\/i0.wp.com\/genevieveetbernardauxameriques.fr\/wp-content\/uploads\/2019\/02\/DSCN5855.jpg?ssl=1\"><img loading=\"lazy\" decoding=\"async\" data-attachment-id=\"33182\" data-permalink=\"https:\/\/genevieveetbernardauxameriques.fr\/index.php\/2019\/03\/06\/baja-californie-2-de-la-paz-a-san-ignacio-avec-edwige\/dscn5855-2\/\" data-orig-file=\"https:\/\/i0.wp.com\/genevieveetbernardauxameriques.fr\/wp-content\/uploads\/2019\/02\/DSCN5855.jpg?fit=720%2C540&amp;ssl=1\" data-orig-size=\"720,540\" data-comments-opened=\"1\" data-image-meta=\"{&quot;aperture&quot;:&quot;3.5&quot;,&quot;credit&quot;:&quot;&quot;,&quot;camera&quot;:&quot;COOLPIX P900&quot;,&quot;caption&quot;:&quot;&quot;,&quot;created_timestamp&quot;:&quot;1550512470&quot;,&quot;copyright&quot;:&quot;&quot;,&quot;focal_length&quot;:&quot;14.3&quot;,&quot;iso&quot;:&quot;100&quot;,&quot;shutter_speed&quot;:&quot;0.00125&quot;,&quot;title&quot;:&quot;&quot;,&quot;orientation&quot;:&quot;1&quot;}\" data-image-title=\"DSCN5855\" data-image-description=\"\" data-image-caption=\"\" data-medium-file=\"https:\/\/i0.wp.com\/genevieveetbernardauxameriques.fr\/wp-content\/uploads\/2019\/02\/DSCN5855.jpg?fit=300%2C225&amp;ssl=1\" data-large-file=\"https:\/\/i0.wp.com\/genevieveetbernardauxameriques.fr\/wp-content\/uploads\/2019\/02\/DSCN5855.jpg?fit=640%2C480&amp;ssl=1\" class=\"alignnone size-full wp-image-33182\" src=\"https:\/\/i0.wp.com\/genevieveetbernardauxameriques.fr\/wp-content\/uploads\/2019\/02\/DSCN5855.jpg?resize=640%2C480&#038;ssl=1\" alt=\"\" width=\"640\" height=\"480\" srcset=\"https:\/\/i0.wp.com\/genevieveetbernardauxameriques.fr\/wp-content\/uploads\/2019\/02\/DSCN5855.jpg?w=720&amp;ssl=1 720w, https:\/\/i0.wp.com\/genevieveetbernardauxameriques.fr\/wp-content\/uploads\/2019\/02\/DSCN5855.jpg?resize=300%2C225&amp;ssl=1 300w\" sizes=\"(max-width: 640px) 100vw, 640px\" data-recalc-dims=\"1\" \/><\/a> <a href=\"https:\/\/i0.wp.com\/genevieveetbernardauxameriques.fr\/wp-content\/uploads\/2019\/02\/DSCN5861.jpg?ssl=1\"><img loading=\"lazy\" decoding=\"async\" data-attachment-id=\"33183\" data-permalink=\"https:\/\/genevieveetbernardauxameriques.fr\/index.php\/2019\/03\/06\/baja-californie-2-de-la-paz-a-san-ignacio-avec-edwige\/dscn5861-3\/\" data-orig-file=\"https:\/\/i0.wp.com\/genevieveetbernardauxameriques.fr\/wp-content\/uploads\/2019\/02\/DSCN5861.jpg?fit=720%2C540&amp;ssl=1\" data-orig-size=\"720,540\" data-comments-opened=\"1\" data-image-meta=\"{&quot;aperture&quot;:&quot;2.8&quot;,&quot;credit&quot;:&quot;&quot;,&quot;camera&quot;:&quot;COOLPIX P900&quot;,&quot;caption&quot;:&quot;&quot;,&quot;created_timestamp&quot;:&quot;1550513097&quot;,&quot;copyright&quot;:&quot;&quot;,&quot;focal_length&quot;:&quot;4.3&quot;,&quot;iso&quot;:&quot;100&quot;,&quot;shutter_speed&quot;:&quot;0.000625&quot;,&quot;title&quot;:&quot;&quot;,&quot;orientation&quot;:&quot;1&quot;}\" data-image-title=\"DSCN5861\" data-image-description=\"\" data-image-caption=\"\" data-medium-file=\"https:\/\/i0.wp.com\/genevieveetbernardauxameriques.fr\/wp-content\/uploads\/2019\/02\/DSCN5861.jpg?fit=300%2C225&amp;ssl=1\" data-large-file=\"https:\/\/i0.wp.com\/genevieveetbernardauxameriques.fr\/wp-content\/uploads\/2019\/02\/DSCN5861.jpg?fit=640%2C480&amp;ssl=1\" class=\"alignnone size-full wp-image-33183\" src=\"https:\/\/i0.wp.com\/genevieveetbernardauxameriques.fr\/wp-content\/uploads\/2019\/02\/DSCN5861.jpg?resize=640%2C480&#038;ssl=1\" alt=\"\" width=\"640\" height=\"480\" srcset=\"https:\/\/i0.wp.com\/genevieveetbernardauxameriques.fr\/wp-content\/uploads\/2019\/02\/DSCN5861.jpg?w=720&amp;ssl=1 720w, https:\/\/i0.wp.com\/genevieveetbernardauxameriques.fr\/wp-content\/uploads\/2019\/02\/DSCN5861.jpg?resize=300%2C225&amp;ssl=1 300w\" sizes=\"(max-width: 640px) 100vw, 640px\" data-recalc-dims=\"1\" \/><\/a> <a href=\"https:\/\/i0.wp.com\/genevieveetbernardauxameriques.fr\/wp-content\/uploads\/2019\/02\/DSCN5863.jpg?ssl=1\"><img loading=\"lazy\" decoding=\"async\" data-attachment-id=\"33184\" data-permalink=\"https:\/\/genevieveetbernardauxameriques.fr\/index.php\/2019\/03\/06\/baja-californie-2-de-la-paz-a-san-ignacio-avec-edwige\/dscn5863\/\" data-orig-file=\"https:\/\/i0.wp.com\/genevieveetbernardauxameriques.fr\/wp-content\/uploads\/2019\/02\/DSCN5863.jpg?fit=720%2C540&amp;ssl=1\" data-orig-size=\"720,540\" data-comments-opened=\"1\" data-image-meta=\"{&quot;aperture&quot;:&quot;3.5&quot;,&quot;credit&quot;:&quot;&quot;,&quot;camera&quot;:&quot;COOLPIX P900&quot;,&quot;caption&quot;:&quot;&quot;,&quot;created_timestamp&quot;:&quot;1550518129&quot;,&quot;copyright&quot;:&quot;&quot;,&quot;focal_length&quot;:&quot;10.7&quot;,&quot;iso&quot;:&quot;100&quot;,&quot;shutter_speed&quot;:&quot;0.02&quot;,&quot;title&quot;:&quot;&quot;,&quot;orientation&quot;:&quot;1&quot;}\" data-image-title=\"DSCN5863\" data-image-description=\"\" data-image-caption=\"\" data-medium-file=\"https:\/\/i0.wp.com\/genevieveetbernardauxameriques.fr\/wp-content\/uploads\/2019\/02\/DSCN5863.jpg?fit=300%2C225&amp;ssl=1\" data-large-file=\"https:\/\/i0.wp.com\/genevieveetbernardauxameriques.fr\/wp-content\/uploads\/2019\/02\/DSCN5863.jpg?fit=640%2C480&amp;ssl=1\" class=\"alignnone size-full wp-image-33184\" src=\"https:\/\/i0.wp.com\/genevieveetbernardauxameriques.fr\/wp-content\/uploads\/2019\/02\/DSCN5863.jpg?resize=640%2C480&#038;ssl=1\" alt=\"\" width=\"640\" height=\"480\" srcset=\"https:\/\/i0.wp.com\/genevieveetbernardauxameriques.fr\/wp-content\/uploads\/2019\/02\/DSCN5863.jpg?w=720&amp;ssl=1 720w, https:\/\/i0.wp.com\/genevieveetbernardauxameriques.fr\/wp-content\/uploads\/2019\/02\/DSCN5863.jpg?resize=300%2C225&amp;ssl=1 300w\" sizes=\"(max-width: 640px) 100vw, 640px\" data-recalc-dims=\"1\" \/><\/a><\/p>\n<p>Petite balade le long de la falaise et re-baignade pour les enfants dans des vagues \u00e9normes, avec de repartir le lendemain matin.<\/p>\n<p><a href=\"https:\/\/i0.wp.com\/genevieveetbernardauxameriques.fr\/wp-content\/uploads\/2019\/02\/DSCN5865.jpg?ssl=1\"><img loading=\"lazy\" decoding=\"async\" data-attachment-id=\"33185\" data-permalink=\"https:\/\/genevieveetbernardauxameriques.fr\/index.php\/2019\/03\/06\/baja-californie-2-de-la-paz-a-san-ignacio-avec-edwige\/dscn5865-2\/\" data-orig-file=\"https:\/\/i0.wp.com\/genevieveetbernardauxameriques.fr\/wp-content\/uploads\/2019\/02\/DSCN5865.jpg?fit=720%2C540&amp;ssl=1\" data-orig-size=\"720,540\" data-comments-opened=\"1\" data-image-meta=\"{&quot;aperture&quot;:&quot;4&quot;,&quot;credit&quot;:&quot;&quot;,&quot;camera&quot;:&quot;COOLPIX P900&quot;,&quot;caption&quot;:&quot;&quot;,&quot;created_timestamp&quot;:&quot;1550573838&quot;,&quot;copyright&quot;:&quot;&quot;,&quot;focal_length&quot;:&quot;22.3&quot;,&quot;iso&quot;:&quot;100&quot;,&quot;shutter_speed&quot;:&quot;0.000625&quot;,&quot;title&quot;:&quot;&quot;,&quot;orientation&quot;:&quot;1&quot;}\" data-image-title=\"DSCN5865\" data-image-description=\"\" data-image-caption=\"\" data-medium-file=\"https:\/\/i0.wp.com\/genevieveetbernardauxameriques.fr\/wp-content\/uploads\/2019\/02\/DSCN5865.jpg?fit=300%2C225&amp;ssl=1\" data-large-file=\"https:\/\/i0.wp.com\/genevieveetbernardauxameriques.fr\/wp-content\/uploads\/2019\/02\/DSCN5865.jpg?fit=640%2C480&amp;ssl=1\" class=\"alignnone size-full wp-image-33185\" src=\"https:\/\/i0.wp.com\/genevieveetbernardauxameriques.fr\/wp-content\/uploads\/2019\/02\/DSCN5865.jpg?resize=640%2C480&#038;ssl=1\" alt=\"\" width=\"640\" height=\"480\" srcset=\"https:\/\/i0.wp.com\/genevieveetbernardauxameriques.fr\/wp-content\/uploads\/2019\/02\/DSCN5865.jpg?w=720&amp;ssl=1 720w, https:\/\/i0.wp.com\/genevieveetbernardauxameriques.fr\/wp-content\/uploads\/2019\/02\/DSCN5865.jpg?resize=300%2C225&amp;ssl=1 300w\" sizes=\"(max-width: 640px) 100vw, 640px\" data-recalc-dims=\"1\" \/><\/a> <a href=\"https:\/\/i0.wp.com\/genevieveetbernardauxameriques.fr\/wp-content\/uploads\/2019\/02\/DSCN5867.jpg?ssl=1\"><img loading=\"lazy\" decoding=\"async\" data-attachment-id=\"33186\" data-permalink=\"https:\/\/genevieveetbernardauxameriques.fr\/index.php\/2019\/03\/06\/baja-californie-2-de-la-paz-a-san-ignacio-avec-edwige\/dscn5867-2\/\" data-orig-file=\"https:\/\/i0.wp.com\/genevieveetbernardauxameriques.fr\/wp-content\/uploads\/2019\/02\/DSCN5867.jpg?fit=720%2C540&amp;ssl=1\" data-orig-size=\"720,540\" data-comments-opened=\"1\" data-image-meta=\"{&quot;aperture&quot;:&quot;5&quot;,&quot;credit&quot;:&quot;&quot;,&quot;camera&quot;:&quot;COOLPIX P900&quot;,&quot;caption&quot;:&quot;&quot;,&quot;created_timestamp&quot;:&quot;1550573866&quot;,&quot;copyright&quot;:&quot;&quot;,&quot;focal_length&quot;:&quot;53.5&quot;,&quot;iso&quot;:&quot;100&quot;,&quot;shutter_speed&quot;:&quot;0.0008&quot;,&quot;title&quot;:&quot;&quot;,&quot;orientation&quot;:&quot;1&quot;}\" data-image-title=\"DSCN5867\" data-image-description=\"\" data-image-caption=\"\" data-medium-file=\"https:\/\/i0.wp.com\/genevieveetbernardauxameriques.fr\/wp-content\/uploads\/2019\/02\/DSCN5867.jpg?fit=300%2C225&amp;ssl=1\" data-large-file=\"https:\/\/i0.wp.com\/genevieveetbernardauxameriques.fr\/wp-content\/uploads\/2019\/02\/DSCN5867.jpg?fit=640%2C480&amp;ssl=1\" class=\"alignnone size-full wp-image-33186\" src=\"https:\/\/i0.wp.com\/genevieveetbernardauxameriques.fr\/wp-content\/uploads\/2019\/02\/DSCN5867.jpg?resize=640%2C480&#038;ssl=1\" alt=\"\" width=\"640\" height=\"480\" srcset=\"https:\/\/i0.wp.com\/genevieveetbernardauxameriques.fr\/wp-content\/uploads\/2019\/02\/DSCN5867.jpg?w=720&amp;ssl=1 720w, https:\/\/i0.wp.com\/genevieveetbernardauxameriques.fr\/wp-content\/uploads\/2019\/02\/DSCN5867.jpg?resize=300%2C225&amp;ssl=1 300w\" sizes=\"(max-width: 640px) 100vw, 640px\" data-recalc-dims=\"1\" \/><\/a> <a href=\"https:\/\/i0.wp.com\/genevieveetbernardauxameriques.fr\/wp-content\/uploads\/2019\/02\/DSCN5868.jpg?ssl=1\"><img loading=\"lazy\" decoding=\"async\" data-attachment-id=\"33187\" data-permalink=\"https:\/\/genevieveetbernardauxameriques.fr\/index.php\/2019\/03\/06\/baja-californie-2-de-la-paz-a-san-ignacio-avec-edwige\/dscn5868-2\/\" data-orig-file=\"https:\/\/i0.wp.com\/genevieveetbernardauxameriques.fr\/wp-content\/uploads\/2019\/02\/DSCN5868.jpg?fit=720%2C540&amp;ssl=1\" data-orig-size=\"720,540\" data-comments-opened=\"1\" data-image-meta=\"{&quot;aperture&quot;:&quot;5&quot;,&quot;credit&quot;:&quot;&quot;,&quot;camera&quot;:&quot;COOLPIX P900&quot;,&quot;caption&quot;:&quot;&quot;,&quot;created_timestamp&quot;:&quot;1550573877&quot;,&quot;copyright&quot;:&quot;&quot;,&quot;focal_length&quot;:&quot;71.4&quot;,&quot;iso&quot;:&quot;100&quot;,&quot;shutter_speed&quot;:&quot;0.002&quot;,&quot;title&quot;:&quot;&quot;,&quot;orientation&quot;:&quot;1&quot;}\" data-image-title=\"DSCN5868\" data-image-description=\"\" data-image-caption=\"\" data-medium-file=\"https:\/\/i0.wp.com\/genevieveetbernardauxameriques.fr\/wp-content\/uploads\/2019\/02\/DSCN5868.jpg?fit=300%2C225&amp;ssl=1\" data-large-file=\"https:\/\/i0.wp.com\/genevieveetbernardauxameriques.fr\/wp-content\/uploads\/2019\/02\/DSCN5868.jpg?fit=640%2C480&amp;ssl=1\" class=\"alignnone size-full wp-image-33187\" src=\"https:\/\/i0.wp.com\/genevieveetbernardauxameriques.fr\/wp-content\/uploads\/2019\/02\/DSCN5868.jpg?resize=640%2C480&#038;ssl=1\" alt=\"\" width=\"640\" height=\"480\" srcset=\"https:\/\/i0.wp.com\/genevieveetbernardauxameriques.fr\/wp-content\/uploads\/2019\/02\/DSCN5868.jpg?w=720&amp;ssl=1 720w, https:\/\/i0.wp.com\/genevieveetbernardauxameriques.fr\/wp-content\/uploads\/2019\/02\/DSCN5868.jpg?resize=300%2C225&amp;ssl=1 300w\" sizes=\"(max-width: 640px) 100vw, 640px\" data-recalc-dims=\"1\" \/><\/a> <a href=\"https:\/\/i0.wp.com\/genevieveetbernardauxameriques.fr\/wp-content\/uploads\/2019\/02\/DSCN5870.jpg?ssl=1\"><img loading=\"lazy\" decoding=\"async\" data-attachment-id=\"33188\" data-permalink=\"https:\/\/genevieveetbernardauxameriques.fr\/index.php\/2019\/03\/06\/baja-californie-2-de-la-paz-a-san-ignacio-avec-edwige\/dscn5870-2\/\" data-orig-file=\"https:\/\/i0.wp.com\/genevieveetbernardauxameriques.fr\/wp-content\/uploads\/2019\/02\/DSCN5870.jpg?fit=720%2C540&amp;ssl=1\" data-orig-size=\"720,540\" data-comments-opened=\"1\" data-image-meta=\"{&quot;aperture&quot;:&quot;4.5&quot;,&quot;credit&quot;:&quot;&quot;,&quot;camera&quot;:&quot;COOLPIX P900&quot;,&quot;caption&quot;:&quot;&quot;,&quot;created_timestamp&quot;:&quot;1550573925&quot;,&quot;copyright&quot;:&quot;&quot;,&quot;focal_length&quot;:&quot;33&quot;,&quot;iso&quot;:&quot;100&quot;,&quot;shutter_speed&quot;:&quot;0.00125&quot;,&quot;title&quot;:&quot;&quot;,&quot;orientation&quot;:&quot;1&quot;}\" data-image-title=\"DSCN5870\" data-image-description=\"\" data-image-caption=\"\" data-medium-file=\"https:\/\/i0.wp.com\/genevieveetbernardauxameriques.fr\/wp-content\/uploads\/2019\/02\/DSCN5870.jpg?fit=300%2C225&amp;ssl=1\" data-large-file=\"https:\/\/i0.wp.com\/genevieveetbernardauxameriques.fr\/wp-content\/uploads\/2019\/02\/DSCN5870.jpg?fit=640%2C480&amp;ssl=1\" class=\"alignnone size-full wp-image-33188\" src=\"https:\/\/i0.wp.com\/genevieveetbernardauxameriques.fr\/wp-content\/uploads\/2019\/02\/DSCN5870.jpg?resize=640%2C480&#038;ssl=1\" alt=\"\" width=\"640\" height=\"480\" srcset=\"https:\/\/i0.wp.com\/genevieveetbernardauxameriques.fr\/wp-content\/uploads\/2019\/02\/DSCN5870.jpg?w=720&amp;ssl=1 720w, https:\/\/i0.wp.com\/genevieveetbernardauxameriques.fr\/wp-content\/uploads\/2019\/02\/DSCN5870.jpg?resize=300%2C225&amp;ssl=1 300w\" sizes=\"(max-width: 640px) 100vw, 640px\" data-recalc-dims=\"1\" \/><\/a><\/p>\n<p>Nous partons \u00e0 8 kms plus au sud \u00e0 <strong>CABO FRAILES<\/strong> (nous \u00e9tions d\u00e9j\u00e0 pass\u00e9s ici avec Evelyne mais sans nous arr\u00eater), toujours pour aller faire du snorkeling. Edwige va y aller mais pas moi, je suis trop frileuse. Ils verront des poissons.<\/p>\n<p>Nous sommes dans un tout petit village de p\u00eacheurs situ\u00e9 carr\u00e9ment sur la plage.<\/p>\n<p><a href=\"https:\/\/i0.wp.com\/genevieveetbernardauxameriques.fr\/wp-content\/uploads\/2019\/02\/DSCN5879.jpg?ssl=1\"><img loading=\"lazy\" decoding=\"async\" data-attachment-id=\"33190\" data-permalink=\"https:\/\/genevieveetbernardauxameriques.fr\/index.php\/2019\/03\/06\/baja-californie-2-de-la-paz-a-san-ignacio-avec-edwige\/dscn5879\/\" data-orig-file=\"https:\/\/i0.wp.com\/genevieveetbernardauxameriques.fr\/wp-content\/uploads\/2019\/02\/DSCN5879.jpg?fit=720%2C540&amp;ssl=1\" data-orig-size=\"720,540\" data-comments-opened=\"1\" data-image-meta=\"{&quot;aperture&quot;:&quot;5&quot;,&quot;credit&quot;:&quot;&quot;,&quot;camera&quot;:&quot;COOLPIX P900&quot;,&quot;caption&quot;:&quot;&quot;,&quot;created_timestamp&quot;:&quot;1550581388&quot;,&quot;copyright&quot;:&quot;&quot;,&quot;focal_length&quot;:&quot;9.8&quot;,&quot;iso&quot;:&quot;100&quot;,&quot;shutter_speed&quot;:&quot;0.000625&quot;,&quot;title&quot;:&quot;&quot;,&quot;orientation&quot;:&quot;1&quot;}\" data-image-title=\"DSCN5879\" data-image-description=\"\" data-image-caption=\"\" data-medium-file=\"https:\/\/i0.wp.com\/genevieveetbernardauxameriques.fr\/wp-content\/uploads\/2019\/02\/DSCN5879.jpg?fit=300%2C225&amp;ssl=1\" data-large-file=\"https:\/\/i0.wp.com\/genevieveetbernardauxameriques.fr\/wp-content\/uploads\/2019\/02\/DSCN5879.jpg?fit=640%2C480&amp;ssl=1\" class=\"alignnone size-full wp-image-33190\" src=\"https:\/\/i0.wp.com\/genevieveetbernardauxameriques.fr\/wp-content\/uploads\/2019\/02\/DSCN5879.jpg?resize=640%2C480&#038;ssl=1\" alt=\"\" width=\"640\" height=\"480\" srcset=\"https:\/\/i0.wp.com\/genevieveetbernardauxameriques.fr\/wp-content\/uploads\/2019\/02\/DSCN5879.jpg?w=720&amp;ssl=1 720w, https:\/\/i0.wp.com\/genevieveetbernardauxameriques.fr\/wp-content\/uploads\/2019\/02\/DSCN5879.jpg?resize=300%2C225&amp;ssl=1 300w\" sizes=\"(max-width: 640px) 100vw, 640px\" data-recalc-dims=\"1\" \/><\/a> <a href=\"https:\/\/i0.wp.com\/genevieveetbernardauxameriques.fr\/wp-content\/uploads\/2019\/02\/DSCN5880.jpg?ssl=1\"><img loading=\"lazy\" decoding=\"async\" data-attachment-id=\"33191\" data-permalink=\"https:\/\/genevieveetbernardauxameriques.fr\/index.php\/2019\/03\/06\/baja-californie-2-de-la-paz-a-san-ignacio-avec-edwige\/dscn5880-2\/\" data-orig-file=\"https:\/\/i0.wp.com\/genevieveetbernardauxameriques.fr\/wp-content\/uploads\/2019\/02\/DSCN5880.jpg?fit=720%2C540&amp;ssl=1\" data-orig-size=\"720,540\" data-comments-opened=\"1\" data-image-meta=\"{&quot;aperture&quot;:&quot;4&quot;,&quot;credit&quot;:&quot;&quot;,&quot;camera&quot;:&quot;COOLPIX P900&quot;,&quot;caption&quot;:&quot;&quot;,&quot;created_timestamp&quot;:&quot;1550581464&quot;,&quot;copyright&quot;:&quot;&quot;,&quot;focal_length&quot;:&quot;8.9&quot;,&quot;iso&quot;:&quot;100&quot;,&quot;shutter_speed&quot;:&quot;0.000625&quot;,&quot;title&quot;:&quot;&quot;,&quot;orientation&quot;:&quot;1&quot;}\" data-image-title=\"DSCN5880\" data-image-description=\"\" data-image-caption=\"\" data-medium-file=\"https:\/\/i0.wp.com\/genevieveetbernardauxameriques.fr\/wp-content\/uploads\/2019\/02\/DSCN5880.jpg?fit=300%2C225&amp;ssl=1\" data-large-file=\"https:\/\/i0.wp.com\/genevieveetbernardauxameriques.fr\/wp-content\/uploads\/2019\/02\/DSCN5880.jpg?fit=640%2C480&amp;ssl=1\" class=\"alignnone size-full wp-image-33191\" src=\"https:\/\/i0.wp.com\/genevieveetbernardauxameriques.fr\/wp-content\/uploads\/2019\/02\/DSCN5880.jpg?resize=640%2C480&#038;ssl=1\" alt=\"\" width=\"640\" height=\"480\" srcset=\"https:\/\/i0.wp.com\/genevieveetbernardauxameriques.fr\/wp-content\/uploads\/2019\/02\/DSCN5880.jpg?w=720&amp;ssl=1 720w, https:\/\/i0.wp.com\/genevieveetbernardauxameriques.fr\/wp-content\/uploads\/2019\/02\/DSCN5880.jpg?resize=300%2C225&amp;ssl=1 300w\" sizes=\"(max-width: 640px) 100vw, 640px\" data-recalc-dims=\"1\" \/><\/a> <a href=\"https:\/\/i0.wp.com\/genevieveetbernardauxameriques.fr\/wp-content\/uploads\/2019\/02\/DSCN5881-e1551848752306.jpg?ssl=1\"><img loading=\"lazy\" decoding=\"async\" data-attachment-id=\"33192\" data-permalink=\"https:\/\/genevieveetbernardauxameriques.fr\/index.php\/2019\/03\/06\/baja-californie-2-de-la-paz-a-san-ignacio-avec-edwige\/dscn5881-2\/\" data-orig-file=\"https:\/\/i0.wp.com\/genevieveetbernardauxameriques.fr\/wp-content\/uploads\/2019\/02\/DSCN5881-e1551848752306.jpg?fit=615%2C475&amp;ssl=1\" data-orig-size=\"615,475\" data-comments-opened=\"1\" data-image-meta=\"{&quot;aperture&quot;:&quot;3.5&quot;,&quot;credit&quot;:&quot;&quot;,&quot;camera&quot;:&quot;COOLPIX P900&quot;,&quot;caption&quot;:&quot;&quot;,&quot;created_timestamp&quot;:&quot;1550581483&quot;,&quot;copyright&quot;:&quot;&quot;,&quot;focal_length&quot;:&quot;9.8&quot;,&quot;iso&quot;:&quot;100&quot;,&quot;shutter_speed&quot;:&quot;0.000625&quot;,&quot;title&quot;:&quot;&quot;,&quot;orientation&quot;:&quot;1&quot;}\" data-image-title=\"DSCN5881\" data-image-description=\"\" data-image-caption=\"\" data-medium-file=\"https:\/\/i0.wp.com\/genevieveetbernardauxameriques.fr\/wp-content\/uploads\/2019\/02\/DSCN5881-e1551848752306.jpg?fit=300%2C232&amp;ssl=1\" data-large-file=\"https:\/\/i0.wp.com\/genevieveetbernardauxameriques.fr\/wp-content\/uploads\/2019\/02\/DSCN5881-e1551848752306.jpg?fit=615%2C475&amp;ssl=1\" class=\"alignnone size-full wp-image-33192\" src=\"https:\/\/i0.wp.com\/genevieveetbernardauxameriques.fr\/wp-content\/uploads\/2019\/02\/DSCN5881-e1551848752306.jpg?resize=615%2C475&#038;ssl=1\" alt=\"\" width=\"615\" height=\"475\" srcset=\"https:\/\/i0.wp.com\/genevieveetbernardauxameriques.fr\/wp-content\/uploads\/2019\/02\/DSCN5881-e1551848752306.jpg?w=615&amp;ssl=1 615w, https:\/\/i0.wp.com\/genevieveetbernardauxameriques.fr\/wp-content\/uploads\/2019\/02\/DSCN5881-e1551848752306.jpg?resize=300%2C232&amp;ssl=1 300w\" sizes=\"(max-width: 615px) 100vw, 615px\" data-recalc-dims=\"1\" \/><\/a> <a href=\"https:\/\/i0.wp.com\/genevieveetbernardauxameriques.fr\/wp-content\/uploads\/2019\/02\/DSCN5886.jpg?ssl=1\"><img loading=\"lazy\" decoding=\"async\" data-attachment-id=\"33193\" data-permalink=\"https:\/\/genevieveetbernardauxameriques.fr\/index.php\/2019\/03\/06\/baja-californie-2-de-la-paz-a-san-ignacio-avec-edwige\/dscn5886-2\/\" data-orig-file=\"https:\/\/i0.wp.com\/genevieveetbernardauxameriques.fr\/wp-content\/uploads\/2019\/02\/DSCN5886.jpg?fit=720%2C540&amp;ssl=1\" data-orig-size=\"720,540\" data-comments-opened=\"1\" data-image-meta=\"{&quot;aperture&quot;:&quot;3.5&quot;,&quot;credit&quot;:&quot;&quot;,&quot;camera&quot;:&quot;COOLPIX P900&quot;,&quot;caption&quot;:&quot;&quot;,&quot;created_timestamp&quot;:&quot;1550581679&quot;,&quot;copyright&quot;:&quot;&quot;,&quot;focal_length&quot;:&quot;4.3&quot;,&quot;iso&quot;:&quot;100&quot;,&quot;shutter_speed&quot;:&quot;0.000625&quot;,&quot;title&quot;:&quot;&quot;,&quot;orientation&quot;:&quot;1&quot;}\" data-image-title=\"DSCN5886\" data-image-description=\"\" data-image-caption=\"\" data-medium-file=\"https:\/\/i0.wp.com\/genevieveetbernardauxameriques.fr\/wp-content\/uploads\/2019\/02\/DSCN5886.jpg?fit=300%2C225&amp;ssl=1\" data-large-file=\"https:\/\/i0.wp.com\/genevieveetbernardauxameriques.fr\/wp-content\/uploads\/2019\/02\/DSCN5886.jpg?fit=640%2C480&amp;ssl=1\" class=\"alignnone size-full wp-image-33193\" src=\"https:\/\/i0.wp.com\/genevieveetbernardauxameriques.fr\/wp-content\/uploads\/2019\/02\/DSCN5886.jpg?resize=640%2C480&#038;ssl=1\" alt=\"\" width=\"640\" height=\"480\" srcset=\"https:\/\/i0.wp.com\/genevieveetbernardauxameriques.fr\/wp-content\/uploads\/2019\/02\/DSCN5886.jpg?w=720&amp;ssl=1 720w, https:\/\/i0.wp.com\/genevieveetbernardauxameriques.fr\/wp-content\/uploads\/2019\/02\/DSCN5886.jpg?resize=300%2C225&amp;ssl=1 300w\" sizes=\"(max-width: 640px) 100vw, 640px\" data-recalc-dims=\"1\" \/><\/a><\/p>\n<p><a href=\"https:\/\/i0.wp.com\/genevieveetbernardauxameriques.fr\/wp-content\/uploads\/2019\/03\/thumbnail_IMG_24882.jpg?ssl=1\"><img loading=\"lazy\" decoding=\"async\" data-attachment-id=\"33401\" data-permalink=\"https:\/\/genevieveetbernardauxameriques.fr\/index.php\/2019\/03\/06\/baja-californie-2-de-la-paz-a-san-ignacio-avec-edwige\/thumbnail_img_24882\/\" data-orig-file=\"https:\/\/i0.wp.com\/genevieveetbernardauxameriques.fr\/wp-content\/uploads\/2019\/03\/thumbnail_IMG_24882.jpg?fit=640%2C480&amp;ssl=1\" data-orig-size=\"640,480\" data-comments-opened=\"1\" data-image-meta=\"{&quot;aperture&quot;:&quot;2.4&quot;,&quot;credit&quot;:&quot;&quot;,&quot;camera&quot;:&quot;iPad (5th generation)&quot;,&quot;caption&quot;:&quot;&quot;,&quot;created_timestamp&quot;:&quot;1550588133&quot;,&quot;copyright&quot;:&quot;&quot;,&quot;focal_length&quot;:&quot;3.3&quot;,&quot;iso&quot;:&quot;25&quot;,&quot;shutter_speed&quot;:&quot;0.00022099447513812&quot;,&quot;title&quot;:&quot;&quot;,&quot;orientation&quot;:&quot;1&quot;}\" data-image-title=\"thumbnail_IMG_2488[2]\" data-image-description=\"\" data-image-caption=\"\" data-medium-file=\"https:\/\/i0.wp.com\/genevieveetbernardauxameriques.fr\/wp-content\/uploads\/2019\/03\/thumbnail_IMG_24882.jpg?fit=300%2C225&amp;ssl=1\" data-large-file=\"https:\/\/i0.wp.com\/genevieveetbernardauxameriques.fr\/wp-content\/uploads\/2019\/03\/thumbnail_IMG_24882.jpg?fit=640%2C480&amp;ssl=1\" class=\"alignnone size-full wp-image-33401\" src=\"https:\/\/i0.wp.com\/genevieveetbernardauxameriques.fr\/wp-content\/uploads\/2019\/03\/thumbnail_IMG_24882.jpg?resize=640%2C480&#038;ssl=1\" alt=\"\" width=\"640\" height=\"480\" srcset=\"https:\/\/i0.wp.com\/genevieveetbernardauxameriques.fr\/wp-content\/uploads\/2019\/03\/thumbnail_IMG_24882.jpg?w=640&amp;ssl=1 640w, https:\/\/i0.wp.com\/genevieveetbernardauxameriques.fr\/wp-content\/uploads\/2019\/03\/thumbnail_IMG_24882.jpg?resize=300%2C225&amp;ssl=1 300w\" sizes=\"(max-width: 640px) 100vw, 640px\" data-recalc-dims=\"1\" \/><\/a><\/p>\n<p>Et oui, ici les p\u00eacheurs tuent les requins. Ils n&rsquo;ont qu&rsquo;une restriction c&rsquo;est une interdiction de p\u00eache pendant 3 mois.<\/p>\n<p><a href=\"https:\/\/i0.wp.com\/genevieveetbernardauxameriques.fr\/wp-content\/uploads\/2019\/02\/DSCN5892.jpg?ssl=1\"><img loading=\"lazy\" decoding=\"async\" data-attachment-id=\"33197\" data-permalink=\"https:\/\/genevieveetbernardauxameriques.fr\/index.php\/2019\/03\/06\/baja-californie-2-de-la-paz-a-san-ignacio-avec-edwige\/dscn5892-2\/\" data-orig-file=\"https:\/\/i0.wp.com\/genevieveetbernardauxameriques.fr\/wp-content\/uploads\/2019\/02\/DSCN5892.jpg?fit=720%2C540&amp;ssl=1\" data-orig-size=\"720,540\" data-comments-opened=\"1\" data-image-meta=\"{&quot;aperture&quot;:&quot;5&quot;,&quot;credit&quot;:&quot;&quot;,&quot;camera&quot;:&quot;COOLPIX P900&quot;,&quot;caption&quot;:&quot;&quot;,&quot;created_timestamp&quot;:&quot;1550592376&quot;,&quot;copyright&quot;:&quot;&quot;,&quot;focal_length&quot;:&quot;10.7&quot;,&quot;iso&quot;:&quot;100&quot;,&quot;shutter_speed&quot;:&quot;0.000625&quot;,&quot;title&quot;:&quot;&quot;,&quot;orientation&quot;:&quot;1&quot;}\" data-image-title=\"DSCN5892\" data-image-description=\"\" data-image-caption=\"\" data-medium-file=\"https:\/\/i0.wp.com\/genevieveetbernardauxameriques.fr\/wp-content\/uploads\/2019\/02\/DSCN5892.jpg?fit=300%2C225&amp;ssl=1\" data-large-file=\"https:\/\/i0.wp.com\/genevieveetbernardauxameriques.fr\/wp-content\/uploads\/2019\/02\/DSCN5892.jpg?fit=640%2C480&amp;ssl=1\" class=\"alignnone size-full wp-image-33197\" src=\"https:\/\/i0.wp.com\/genevieveetbernardauxameriques.fr\/wp-content\/uploads\/2019\/02\/DSCN5892.jpg?resize=640%2C480&#038;ssl=1\" alt=\"\" width=\"640\" height=\"480\" srcset=\"https:\/\/i0.wp.com\/genevieveetbernardauxameriques.fr\/wp-content\/uploads\/2019\/02\/DSCN5892.jpg?w=720&amp;ssl=1 720w, https:\/\/i0.wp.com\/genevieveetbernardauxameriques.fr\/wp-content\/uploads\/2019\/02\/DSCN5892.jpg?resize=300%2C225&amp;ssl=1 300w\" sizes=\"(max-width: 640px) 100vw, 640px\" data-recalc-dims=\"1\" \/><\/a><\/p>\n<p>On reprend la piste pour rentrer \u00e0 LA PAZ.<\/p>\n<p><a href=\"https:\/\/i0.wp.com\/genevieveetbernardauxameriques.fr\/wp-content\/uploads\/2019\/02\/DSCN5895.jpg?ssl=1\"><img loading=\"lazy\" decoding=\"async\" data-attachment-id=\"33198\" data-permalink=\"https:\/\/genevieveetbernardauxameriques.fr\/index.php\/2019\/03\/06\/baja-californie-2-de-la-paz-a-san-ignacio-avec-edwige\/dscn5895-2\/\" data-orig-file=\"https:\/\/i0.wp.com\/genevieveetbernardauxameriques.fr\/wp-content\/uploads\/2019\/02\/DSCN5895.jpg?fit=720%2C540&amp;ssl=1\" data-orig-size=\"720,540\" data-comments-opened=\"1\" data-image-meta=\"{&quot;aperture&quot;:&quot;4&quot;,&quot;credit&quot;:&quot;&quot;,&quot;camera&quot;:&quot;COOLPIX P900&quot;,&quot;caption&quot;:&quot;&quot;,&quot;created_timestamp&quot;:&quot;1550593561&quot;,&quot;copyright&quot;:&quot;&quot;,&quot;focal_length&quot;:&quot;18.7&quot;,&quot;iso&quot;:&quot;100&quot;,&quot;shutter_speed&quot;:&quot;0.00125&quot;,&quot;title&quot;:&quot;&quot;,&quot;orientation&quot;:&quot;1&quot;}\" data-image-title=\"DSCN5895\" data-image-description=\"\" data-image-caption=\"\" data-medium-file=\"https:\/\/i0.wp.com\/genevieveetbernardauxameriques.fr\/wp-content\/uploads\/2019\/02\/DSCN5895.jpg?fit=300%2C225&amp;ssl=1\" data-large-file=\"https:\/\/i0.wp.com\/genevieveetbernardauxameriques.fr\/wp-content\/uploads\/2019\/02\/DSCN5895.jpg?fit=640%2C480&amp;ssl=1\" class=\"alignnone size-full wp-image-33198\" src=\"https:\/\/i0.wp.com\/genevieveetbernardauxameriques.fr\/wp-content\/uploads\/2019\/02\/DSCN5895.jpg?resize=640%2C480&#038;ssl=1\" alt=\"\" width=\"640\" height=\"480\" srcset=\"https:\/\/i0.wp.com\/genevieveetbernardauxameriques.fr\/wp-content\/uploads\/2019\/02\/DSCN5895.jpg?w=720&amp;ssl=1 720w, https:\/\/i0.wp.com\/genevieveetbernardauxameriques.fr\/wp-content\/uploads\/2019\/02\/DSCN5895.jpg?resize=300%2C225&amp;ssl=1 300w\" sizes=\"(max-width: 640px) 100vw, 640px\" data-recalc-dims=\"1\" \/><\/a> <a href=\"https:\/\/i0.wp.com\/genevieveetbernardauxameriques.fr\/wp-content\/uploads\/2019\/02\/DSCN5896.jpg?ssl=1\"><img loading=\"lazy\" decoding=\"async\" data-attachment-id=\"33199\" data-permalink=\"https:\/\/genevieveetbernardauxameriques.fr\/index.php\/2019\/03\/06\/baja-californie-2-de-la-paz-a-san-ignacio-avec-edwige\/dscn5896-2\/\" data-orig-file=\"https:\/\/i0.wp.com\/genevieveetbernardauxameriques.fr\/wp-content\/uploads\/2019\/02\/DSCN5896.jpg?fit=720%2C540&amp;ssl=1\" data-orig-size=\"720,540\" data-comments-opened=\"1\" data-image-meta=\"{&quot;aperture&quot;:&quot;3.5&quot;,&quot;credit&quot;:&quot;&quot;,&quot;camera&quot;:&quot;COOLPIX P900&quot;,&quot;caption&quot;:&quot;&quot;,&quot;created_timestamp&quot;:&quot;1550593903&quot;,&quot;copyright&quot;:&quot;&quot;,&quot;focal_length&quot;:&quot;4.3&quot;,&quot;iso&quot;:&quot;100&quot;,&quot;shutter_speed&quot;:&quot;0.000625&quot;,&quot;title&quot;:&quot;&quot;,&quot;orientation&quot;:&quot;1&quot;}\" data-image-title=\"DSCN5896\" data-image-description=\"\" data-image-caption=\"\" data-medium-file=\"https:\/\/i0.wp.com\/genevieveetbernardauxameriques.fr\/wp-content\/uploads\/2019\/02\/DSCN5896.jpg?fit=300%2C225&amp;ssl=1\" data-large-file=\"https:\/\/i0.wp.com\/genevieveetbernardauxameriques.fr\/wp-content\/uploads\/2019\/02\/DSCN5896.jpg?fit=640%2C480&amp;ssl=1\" class=\"alignnone size-full wp-image-33199\" src=\"https:\/\/i0.wp.com\/genevieveetbernardauxameriques.fr\/wp-content\/uploads\/2019\/02\/DSCN5896.jpg?resize=640%2C480&#038;ssl=1\" alt=\"\" width=\"640\" height=\"480\" srcset=\"https:\/\/i0.wp.com\/genevieveetbernardauxameriques.fr\/wp-content\/uploads\/2019\/02\/DSCN5896.jpg?w=720&amp;ssl=1 720w, https:\/\/i0.wp.com\/genevieveetbernardauxameriques.fr\/wp-content\/uploads\/2019\/02\/DSCN5896.jpg?resize=300%2C225&amp;ssl=1 300w\" sizes=\"(max-width: 640px) 100vw, 640px\" data-recalc-dims=\"1\" \/><\/a> <a href=\"https:\/\/i0.wp.com\/genevieveetbernardauxameriques.fr\/wp-content\/uploads\/2019\/02\/DSCN5900.jpg?ssl=1\"><img loading=\"lazy\" decoding=\"async\" data-attachment-id=\"33200\" data-permalink=\"https:\/\/genevieveetbernardauxameriques.fr\/index.php\/2019\/03\/06\/baja-californie-2-de-la-paz-a-san-ignacio-avec-edwige\/dscn5900-2\/\" data-orig-file=\"https:\/\/i0.wp.com\/genevieveetbernardauxameriques.fr\/wp-content\/uploads\/2019\/02\/DSCN5900.jpg?fit=720%2C540&amp;ssl=1\" data-orig-size=\"720,540\" data-comments-opened=\"1\" data-image-meta=\"{&quot;aperture&quot;:&quot;4&quot;,&quot;credit&quot;:&quot;&quot;,&quot;camera&quot;:&quot;COOLPIX P900&quot;,&quot;caption&quot;:&quot;&quot;,&quot;created_timestamp&quot;:&quot;1550593976&quot;,&quot;copyright&quot;:&quot;&quot;,&quot;focal_length&quot;:&quot;18.7&quot;,&quot;iso&quot;:&quot;100&quot;,&quot;shutter_speed&quot;:&quot;0.00125&quot;,&quot;title&quot;:&quot;&quot;,&quot;orientation&quot;:&quot;1&quot;}\" data-image-title=\"DSCN5900\" data-image-description=\"\" data-image-caption=\"\" data-medium-file=\"https:\/\/i0.wp.com\/genevieveetbernardauxameriques.fr\/wp-content\/uploads\/2019\/02\/DSCN5900.jpg?fit=300%2C225&amp;ssl=1\" data-large-file=\"https:\/\/i0.wp.com\/genevieveetbernardauxameriques.fr\/wp-content\/uploads\/2019\/02\/DSCN5900.jpg?fit=640%2C480&amp;ssl=1\" class=\"alignnone size-full wp-image-33200\" src=\"https:\/\/i0.wp.com\/genevieveetbernardauxameriques.fr\/wp-content\/uploads\/2019\/02\/DSCN5900.jpg?resize=640%2C480&#038;ssl=1\" alt=\"\" width=\"640\" height=\"480\" srcset=\"https:\/\/i0.wp.com\/genevieveetbernardauxameriques.fr\/wp-content\/uploads\/2019\/02\/DSCN5900.jpg?w=720&amp;ssl=1 720w, https:\/\/i0.wp.com\/genevieveetbernardauxameriques.fr\/wp-content\/uploads\/2019\/02\/DSCN5900.jpg?resize=300%2C225&amp;ssl=1 300w\" sizes=\"(max-width: 640px) 100vw, 640px\" data-recalc-dims=\"1\" \/><\/a><a href=\"https:\/\/i0.wp.com\/genevieveetbernardauxameriques.fr\/wp-content\/uploads\/2019\/02\/P1120118.jpg?ssl=1\"><img loading=\"lazy\" decoding=\"async\" data-attachment-id=\"33227\" data-permalink=\"https:\/\/genevieveetbernardauxameriques.fr\/index.php\/2019\/03\/06\/baja-californie-2-de-la-paz-a-san-ignacio-avec-edwige\/p1120118-2\/\" data-orig-file=\"https:\/\/i0.wp.com\/genevieveetbernardauxameriques.fr\/wp-content\/uploads\/2019\/02\/P1120118.jpg?fit=720%2C540&amp;ssl=1\" data-orig-size=\"720,540\" data-comments-opened=\"1\" data-image-meta=\"{&quot;aperture&quot;:&quot;4&quot;,&quot;credit&quot;:&quot;&quot;,&quot;camera&quot;:&quot;DMC-TZ55&quot;,&quot;caption&quot;:&quot;&quot;,&quot;created_timestamp&quot;:&quot;1550667334&quot;,&quot;copyright&quot;:&quot;&quot;,&quot;focal_length&quot;:&quot;4.3&quot;,&quot;iso&quot;:&quot;100&quot;,&quot;shutter_speed&quot;:&quot;0.0005&quot;,&quot;title&quot;:&quot;&quot;,&quot;orientation&quot;:&quot;1&quot;}\" data-image-title=\"P1120118\" data-image-description=\"\" data-image-caption=\"\" data-medium-file=\"https:\/\/i0.wp.com\/genevieveetbernardauxameriques.fr\/wp-content\/uploads\/2019\/02\/P1120118.jpg?fit=300%2C225&amp;ssl=1\" data-large-file=\"https:\/\/i0.wp.com\/genevieveetbernardauxameriques.fr\/wp-content\/uploads\/2019\/02\/P1120118.jpg?fit=640%2C480&amp;ssl=1\" class=\"alignnone size-full wp-image-33227\" src=\"https:\/\/i0.wp.com\/genevieveetbernardauxameriques.fr\/wp-content\/uploads\/2019\/02\/P1120118.jpg?resize=640%2C480&#038;ssl=1\" alt=\"\" width=\"640\" height=\"480\" srcset=\"https:\/\/i0.wp.com\/genevieveetbernardauxameriques.fr\/wp-content\/uploads\/2019\/02\/P1120118.jpg?w=720&amp;ssl=1 720w, https:\/\/i0.wp.com\/genevieveetbernardauxameriques.fr\/wp-content\/uploads\/2019\/02\/P1120118.jpg?resize=300%2C225&amp;ssl=1 300w\" sizes=\"(max-width: 640px) 100vw, 640px\" data-recalc-dims=\"1\" \/><\/a><\/p>\n<p><strong>MERCREDI 20 FEVRIER<\/strong><\/p>\n<p>Nous avons bien nettoy\u00e9 le mat\u00e9riel de camping, Edwige retournera pour sa derni\u00e8re nuit au AirBnb qu&rsquo;elle avait pris \u00e0 l&rsquo;aller. Le lendemain matin, valise, un dernier petit tour sur le Malecon, derniers tacos, et Bernard nous d\u00e9pose \u00e0 l&rsquo;a\u00e9roport \u00e0 13 h.<\/p>\n<p><a href=\"https:\/\/i0.wp.com\/genevieveetbernardauxameriques.fr\/wp-content\/uploads\/2019\/02\/P1120120.jpg?ssl=1\"><img loading=\"lazy\" decoding=\"async\" data-attachment-id=\"33228\" data-permalink=\"https:\/\/genevieveetbernardauxameriques.fr\/index.php\/2019\/03\/06\/baja-californie-2-de-la-paz-a-san-ignacio-avec-edwige\/p1120120\/\" data-orig-file=\"https:\/\/i0.wp.com\/genevieveetbernardauxameriques.fr\/wp-content\/uploads\/2019\/02\/P1120120.jpg?fit=720%2C540&amp;ssl=1\" data-orig-size=\"720,540\" data-comments-opened=\"1\" data-image-meta=\"{&quot;aperture&quot;:&quot;3.3&quot;,&quot;credit&quot;:&quot;&quot;,&quot;camera&quot;:&quot;DMC-TZ55&quot;,&quot;caption&quot;:&quot;&quot;,&quot;created_timestamp&quot;:&quot;1550670901&quot;,&quot;copyright&quot;:&quot;&quot;,&quot;focal_length&quot;:&quot;4.3&quot;,&quot;iso&quot;:&quot;400&quot;,&quot;shutter_speed&quot;:&quot;0.025&quot;,&quot;title&quot;:&quot;&quot;,&quot;orientation&quot;:&quot;1&quot;}\" data-image-title=\"P1120120\" data-image-description=\"\" data-image-caption=\"\" data-medium-file=\"https:\/\/i0.wp.com\/genevieveetbernardauxameriques.fr\/wp-content\/uploads\/2019\/02\/P1120120.jpg?fit=300%2C225&amp;ssl=1\" data-large-file=\"https:\/\/i0.wp.com\/genevieveetbernardauxameriques.fr\/wp-content\/uploads\/2019\/02\/P1120120.jpg?fit=640%2C480&amp;ssl=1\" class=\"alignnone size-full wp-image-33228\" src=\"https:\/\/i0.wp.com\/genevieveetbernardauxameriques.fr\/wp-content\/uploads\/2019\/02\/P1120120.jpg?resize=640%2C480&#038;ssl=1\" alt=\"\" width=\"640\" height=\"480\" srcset=\"https:\/\/i0.wp.com\/genevieveetbernardauxameriques.fr\/wp-content\/uploads\/2019\/02\/P1120120.jpg?w=720&amp;ssl=1 720w, https:\/\/i0.wp.com\/genevieveetbernardauxameriques.fr\/wp-content\/uploads\/2019\/02\/P1120120.jpg?resize=300%2C225&amp;ssl=1 300w\" sizes=\"(max-width: 640px) 100vw, 640px\" data-recalc-dims=\"1\" \/><\/a><\/p>\n<p>L&rsquo;avion devait partir \u00e0 14 h30, mais il aura une heure de retard, on s&rsquo;installe dans l&rsquo;a\u00e9roport pour jouer aux cartes.<\/p>\n<p>Arriv\u00e9s \u00e0 MEXICO, nous prenons un taxi pour rejoindre notre h\u00f4tel, un peu vieillot, mais beaucoup de cachet. La chambre est immense.<\/p>\n<p><a href=\"https:\/\/i0.wp.com\/genevieveetbernardauxameriques.fr\/wp-content\/uploads\/2019\/02\/P1120123.jpg?ssl=1\"><img loading=\"lazy\" decoding=\"async\" data-attachment-id=\"33229\" data-permalink=\"https:\/\/genevieveetbernardauxameriques.fr\/index.php\/2019\/03\/06\/baja-californie-2-de-la-paz-a-san-ignacio-avec-edwige\/p1120123\/\" data-orig-file=\"https:\/\/i0.wp.com\/genevieveetbernardauxameriques.fr\/wp-content\/uploads\/2019\/02\/P1120123.jpg?fit=720%2C540&amp;ssl=1\" data-orig-size=\"720,540\" data-comments-opened=\"1\" data-image-meta=\"{&quot;aperture&quot;:&quot;3.3&quot;,&quot;credit&quot;:&quot;&quot;,&quot;camera&quot;:&quot;DMC-TZ55&quot;,&quot;caption&quot;:&quot;&quot;,&quot;created_timestamp&quot;:&quot;1550741846&quot;,&quot;copyright&quot;:&quot;&quot;,&quot;focal_length&quot;:&quot;4.3&quot;,&quot;iso&quot;:&quot;400&quot;,&quot;shutter_speed&quot;:&quot;0.016666666666667&quot;,&quot;title&quot;:&quot;&quot;,&quot;orientation&quot;:&quot;1&quot;}\" data-image-title=\"P1120123\" data-image-description=\"\" data-image-caption=\"\" data-medium-file=\"https:\/\/i0.wp.com\/genevieveetbernardauxameriques.fr\/wp-content\/uploads\/2019\/02\/P1120123.jpg?fit=300%2C225&amp;ssl=1\" data-large-file=\"https:\/\/i0.wp.com\/genevieveetbernardauxameriques.fr\/wp-content\/uploads\/2019\/02\/P1120123.jpg?fit=640%2C480&amp;ssl=1\" class=\"alignnone size-full wp-image-33229\" src=\"https:\/\/i0.wp.com\/genevieveetbernardauxameriques.fr\/wp-content\/uploads\/2019\/02\/P1120123.jpg?resize=640%2C480&#038;ssl=1\" alt=\"\" width=\"640\" height=\"480\" srcset=\"https:\/\/i0.wp.com\/genevieveetbernardauxameriques.fr\/wp-content\/uploads\/2019\/02\/P1120123.jpg?w=720&amp;ssl=1 720w, https:\/\/i0.wp.com\/genevieveetbernardauxameriques.fr\/wp-content\/uploads\/2019\/02\/P1120123.jpg?resize=300%2C225&amp;ssl=1 300w\" sizes=\"(max-width: 640px) 100vw, 640px\" data-recalc-dims=\"1\" \/><\/a><\/p>\n<p><strong>JEUDI<\/strong><\/p>\n<p>Petit d\u00e9jeuner \u00e0 l&rsquo;h\u00f4tel<\/p>\n<p><a href=\"https:\/\/i0.wp.com\/genevieveetbernardauxameriques.fr\/wp-content\/uploads\/2019\/03\/IMG-20190304-WA00031.jpg?ssl=1\"><img loading=\"lazy\" decoding=\"async\" data-attachment-id=\"33397\" data-permalink=\"https:\/\/genevieveetbernardauxameriques.fr\/index.php\/2019\/03\/06\/baja-californie-2-de-la-paz-a-san-ignacio-avec-edwige\/img-20190304-wa00031\/\" data-orig-file=\"https:\/\/i0.wp.com\/genevieveetbernardauxameriques.fr\/wp-content\/uploads\/2019\/03\/IMG-20190304-WA00031.jpg?fit=450%2C800&amp;ssl=1\" data-orig-size=\"450,800\" data-comments-opened=\"1\" data-image-meta=\"{&quot;aperture&quot;:&quot;0&quot;,&quot;credit&quot;:&quot;&quot;,&quot;camera&quot;:&quot;&quot;,&quot;caption&quot;:&quot;&quot;,&quot;created_timestamp&quot;:&quot;0&quot;,&quot;copyright&quot;:&quot;&quot;,&quot;focal_length&quot;:&quot;0&quot;,&quot;iso&quot;:&quot;0&quot;,&quot;shutter_speed&quot;:&quot;0&quot;,&quot;title&quot;:&quot;&quot;,&quot;orientation&quot;:&quot;0&quot;}\" data-image-title=\"IMG-20190304-WA0003[1]\" data-image-description=\"\" data-image-caption=\"\" data-medium-file=\"https:\/\/i0.wp.com\/genevieveetbernardauxameriques.fr\/wp-content\/uploads\/2019\/03\/IMG-20190304-WA00031.jpg?fit=169%2C300&amp;ssl=1\" data-large-file=\"https:\/\/i0.wp.com\/genevieveetbernardauxameriques.fr\/wp-content\/uploads\/2019\/03\/IMG-20190304-WA00031.jpg?fit=450%2C800&amp;ssl=1\" class=\"alignnone wp-image-33397\" src=\"https:\/\/i0.wp.com\/genevieveetbernardauxameriques.fr\/wp-content\/uploads\/2019\/03\/IMG-20190304-WA00031.jpg?resize=338%2C601&#038;ssl=1\" alt=\"\" width=\"338\" height=\"601\" srcset=\"https:\/\/i0.wp.com\/genevieveetbernardauxameriques.fr\/wp-content\/uploads\/2019\/03\/IMG-20190304-WA00031.jpg?w=450&amp;ssl=1 450w, https:\/\/i0.wp.com\/genevieveetbernardauxameriques.fr\/wp-content\/uploads\/2019\/03\/IMG-20190304-WA00031.jpg?resize=169%2C300&amp;ssl=1 169w\" sizes=\"(max-width: 338px) 100vw, 338px\" data-recalc-dims=\"1\" \/><\/a> <a href=\"https:\/\/i0.wp.com\/genevieveetbernardauxameriques.fr\/wp-content\/uploads\/2019\/03\/IMG-20190304-WA00011.jpg?ssl=1\"><img loading=\"lazy\" decoding=\"async\" data-attachment-id=\"33395\" data-permalink=\"https:\/\/genevieveetbernardauxameriques.fr\/index.php\/2019\/03\/06\/baja-californie-2-de-la-paz-a-san-ignacio-avec-edwige\/img-20190304-wa00011\/\" data-orig-file=\"https:\/\/i0.wp.com\/genevieveetbernardauxameriques.fr\/wp-content\/uploads\/2019\/03\/IMG-20190304-WA00011.jpg?fit=800%2C600&amp;ssl=1\" data-orig-size=\"800,600\" data-comments-opened=\"1\" data-image-meta=\"{&quot;aperture&quot;:&quot;0&quot;,&quot;credit&quot;:&quot;&quot;,&quot;camera&quot;:&quot;&quot;,&quot;caption&quot;:&quot;&quot;,&quot;created_timestamp&quot;:&quot;0&quot;,&quot;copyright&quot;:&quot;&quot;,&quot;focal_length&quot;:&quot;0&quot;,&quot;iso&quot;:&quot;0&quot;,&quot;shutter_speed&quot;:&quot;0&quot;,&quot;title&quot;:&quot;&quot;,&quot;orientation&quot;:&quot;0&quot;}\" data-image-title=\"IMG-20190304-WA0001[1]\" data-image-description=\"\" data-image-caption=\"\" data-medium-file=\"https:\/\/i0.wp.com\/genevieveetbernardauxameriques.fr\/wp-content\/uploads\/2019\/03\/IMG-20190304-WA00011.jpg?fit=300%2C225&amp;ssl=1\" data-large-file=\"https:\/\/i0.wp.com\/genevieveetbernardauxameriques.fr\/wp-content\/uploads\/2019\/03\/IMG-20190304-WA00011.jpg?fit=640%2C480&amp;ssl=1\" class=\"alignnone size-full wp-image-33395\" src=\"https:\/\/i0.wp.com\/genevieveetbernardauxameriques.fr\/wp-content\/uploads\/2019\/03\/IMG-20190304-WA00011.jpg?resize=640%2C480&#038;ssl=1\" alt=\"\" width=\"640\" height=\"480\" srcset=\"https:\/\/i0.wp.com\/genevieveetbernardauxameriques.fr\/wp-content\/uploads\/2019\/03\/IMG-20190304-WA00011.jpg?w=800&amp;ssl=1 800w, https:\/\/i0.wp.com\/genevieveetbernardauxameriques.fr\/wp-content\/uploads\/2019\/03\/IMG-20190304-WA00011.jpg?resize=300%2C225&amp;ssl=1 300w, https:\/\/i0.wp.com\/genevieveetbernardauxameriques.fr\/wp-content\/uploads\/2019\/03\/IMG-20190304-WA00011.jpg?resize=768%2C576&amp;ssl=1 768w\" sizes=\"(max-width: 640px) 100vw, 640px\" data-recalc-dims=\"1\" \/><\/a><\/p>\n<p>Nous allons aux pyramides \u00e0 TEOTIHUCAN (pour moi c&rsquo;est donc la 3\u00e8me fois). On arrive \u00e0 11 h et le bus, malheureusement, nous laisse \u00e0 la porte 2, il faudra qu&rsquo;on fasse une partie du chemin 2 fois.<\/p>\n<p>Edwige et les enfants montent au haut de la pyramide du soleil, ensuite nous sortons pour prendre un repas \u00e0 c\u00f4t\u00e9 du site, et direction la pyramide de la lune.<\/p>\n<p><a href=\"https:\/\/i0.wp.com\/genevieveetbernardauxameriques.fr\/wp-content\/uploads\/2019\/03\/IMG-20190304-WA00041.jpg?ssl=1\"><img loading=\"lazy\" decoding=\"async\" data-attachment-id=\"33398\" data-permalink=\"https:\/\/genevieveetbernardauxameriques.fr\/index.php\/2019\/03\/06\/baja-californie-2-de-la-paz-a-san-ignacio-avec-edwige\/img-20190304-wa00041\/\" data-orig-file=\"https:\/\/i0.wp.com\/genevieveetbernardauxameriques.fr\/wp-content\/uploads\/2019\/03\/IMG-20190304-WA00041.jpg?fit=800%2C600&amp;ssl=1\" data-orig-size=\"800,600\" data-comments-opened=\"1\" data-image-meta=\"{&quot;aperture&quot;:&quot;0&quot;,&quot;credit&quot;:&quot;&quot;,&quot;camera&quot;:&quot;&quot;,&quot;caption&quot;:&quot;&quot;,&quot;created_timestamp&quot;:&quot;0&quot;,&quot;copyright&quot;:&quot;&quot;,&quot;focal_length&quot;:&quot;0&quot;,&quot;iso&quot;:&quot;0&quot;,&quot;shutter_speed&quot;:&quot;0&quot;,&quot;title&quot;:&quot;&quot;,&quot;orientation&quot;:&quot;0&quot;}\" data-image-title=\"IMG-20190304-WA0004[1]\" data-image-description=\"\" data-image-caption=\"\" data-medium-file=\"https:\/\/i0.wp.com\/genevieveetbernardauxameriques.fr\/wp-content\/uploads\/2019\/03\/IMG-20190304-WA00041.jpg?fit=300%2C225&amp;ssl=1\" data-large-file=\"https:\/\/i0.wp.com\/genevieveetbernardauxameriques.fr\/wp-content\/uploads\/2019\/03\/IMG-20190304-WA00041.jpg?fit=640%2C480&amp;ssl=1\" class=\"alignnone size-full wp-image-33398\" src=\"https:\/\/i0.wp.com\/genevieveetbernardauxameriques.fr\/wp-content\/uploads\/2019\/03\/IMG-20190304-WA00041.jpg?resize=640%2C480&#038;ssl=1\" alt=\"\" width=\"640\" height=\"480\" srcset=\"https:\/\/i0.wp.com\/genevieveetbernardauxameriques.fr\/wp-content\/uploads\/2019\/03\/IMG-20190304-WA00041.jpg?w=800&amp;ssl=1 800w, https:\/\/i0.wp.com\/genevieveetbernardauxameriques.fr\/wp-content\/uploads\/2019\/03\/IMG-20190304-WA00041.jpg?resize=300%2C225&amp;ssl=1 300w, https:\/\/i0.wp.com\/genevieveetbernardauxameriques.fr\/wp-content\/uploads\/2019\/03\/IMG-20190304-WA00041.jpg?resize=768%2C576&amp;ssl=1 768w\" sizes=\"(max-width: 640px) 100vw, 640px\" data-recalc-dims=\"1\" \/><\/a><\/p>\n<p>Visite de tout le coin, et retour \u00e0 la porte 1.<\/p>\n<p>Nous finirons la visite aux environs de 17 h, il n&rsquo;y a plus personne sur le site.<\/p>\n<div class=\"tiled-gallery type-square tiled-gallery-unresized\" data-original-width=\"640\" data-carousel-extra='{&quot;blog_id&quot;:1,&quot;permalink&quot;:&quot;https:\\\/\\\/genevieveetbernardauxameriques.fr\\\/index.php\\\/2019\\\/03\\\/06\\\/baja-californie-2-de-la-paz-a-san-ignacio-avec-edwige\\\/&quot;,&quot;likes_blog_id&quot;:107627276}' itemscope itemtype=\"http:\/\/schema.org\/ImageGallery\" > <div class=\"gallery-row\" style=\"width: 640px; height: 320px;\" data-original-width=\"640\" data-original-height=\"320\" > <div class=\"gallery-group\" style=\"width: 320px; height: 320px;\" data-original-width=\"320\" data-original-height=\"320\" > <div class=\"tiled-gallery-item \" itemprop=\"associatedMedia\" itemscope itemtype=\"http:\/\/schema.org\/ImageObject\"> <a href=\"https:\/\/genevieveetbernardauxameriques.fr\/index.php\/2019\/03\/06\/baja-californie-2-de-la-paz-a-san-ignacio-avec-edwige\/p1120125\/\" border=\"0\" itemprop=\"url\"> <meta itemprop=\"width\" content=\"316\"> <meta itemprop=\"height\" content=\"316\"> <img decoding=\"async\" class=\"\" data-attachment-id=\"33230\" data-orig-file=\"https:\/\/genevieveetbernardauxameriques.fr\/wp-content\/uploads\/2019\/02\/P1120125.jpg\" data-orig-size=\"720,540\" data-comments-opened=\"1\" data-image-meta=\"{&quot;aperture&quot;:&quot;5&quot;,&quot;credit&quot;:&quot;&quot;,&quot;camera&quot;:&quot;DMC-TZ55&quot;,&quot;caption&quot;:&quot;&quot;,&quot;created_timestamp&quot;:&quot;1550753001&quot;,&quot;copyright&quot;:&quot;&quot;,&quot;focal_length&quot;:&quot;6.1&quot;,&quot;iso&quot;:&quot;100&quot;,&quot;shutter_speed&quot;:&quot;0.0015625&quot;,&quot;title&quot;:&quot;&quot;,&quot;orientation&quot;:&quot;1&quot;}\" data-image-title=\"P1120125\" data-image-description=\"\" data-medium-file=\"https:\/\/i0.wp.com\/genevieveetbernardauxameriques.fr\/wp-content\/uploads\/2019\/02\/P1120125.jpg?fit=300%2C225&#038;ssl=1\" data-large-file=\"https:\/\/i0.wp.com\/genevieveetbernardauxameriques.fr\/wp-content\/uploads\/2019\/02\/P1120125.jpg?fit=640%2C480&#038;ssl=1\" src=\"https:\/\/i0.wp.com\/genevieveetbernardauxameriques.fr\/wp-content\/uploads\/2019\/02\/P1120125.jpg?w=316&#038;h=316&#038;crop=1&#038;ssl=1\" srcset=\"https:\/\/i0.wp.com\/genevieveetbernardauxameriques.fr\/wp-content\/uploads\/2019\/02\/P1120125.jpg?resize=150%2C150&amp;ssl=1 150w, https:\/\/i0.wp.com\/genevieveetbernardauxameriques.fr\/wp-content\/uploads\/2019\/02\/P1120125.jpg?zoom=2&amp;resize=316%2C316&amp;ssl=1 632w\" width=\"316\" height=\"316\" loading=\"lazy\" data-original-width=\"316\" data-original-height=\"316\" itemprop=\"http:\/\/schema.org\/image\" title=\"P1120125\" alt=\"P1120125\" style=\"width: 316px; height: 316px;\" \/> <\/a> <\/div> <\/div> <div class=\"gallery-group\" style=\"width: 320px; height: 320px;\" data-original-width=\"320\" data-original-height=\"320\" > <div class=\"tiled-gallery-item \" itemprop=\"associatedMedia\" itemscope itemtype=\"http:\/\/schema.org\/ImageObject\"> <a href=\"https:\/\/genevieveetbernardauxameriques.fr\/index.php\/2019\/03\/06\/baja-californie-2-de-la-paz-a-san-ignacio-avec-edwige\/p1120127\/\" border=\"0\" itemprop=\"url\"> <meta itemprop=\"width\" content=\"316\"> <meta itemprop=\"height\" content=\"316\"> <img decoding=\"async\" class=\"\" data-attachment-id=\"33231\" data-orig-file=\"https:\/\/genevieveetbernardauxameriques.fr\/wp-content\/uploads\/2019\/02\/P1120127.jpg\" data-orig-size=\"720,540\" data-comments-opened=\"1\" data-image-meta=\"{&quot;aperture&quot;:&quot;4&quot;,&quot;credit&quot;:&quot;&quot;,&quot;camera&quot;:&quot;DMC-TZ55&quot;,&quot;caption&quot;:&quot;&quot;,&quot;created_timestamp&quot;:&quot;1550753072&quot;,&quot;copyright&quot;:&quot;&quot;,&quot;focal_length&quot;:&quot;4.3&quot;,&quot;iso&quot;:&quot;100&quot;,&quot;shutter_speed&quot;:&quot;0.001&quot;,&quot;title&quot;:&quot;&quot;,&quot;orientation&quot;:&quot;1&quot;}\" data-image-title=\"P1120127\" data-image-description=\"\" data-medium-file=\"https:\/\/i0.wp.com\/genevieveetbernardauxameriques.fr\/wp-content\/uploads\/2019\/02\/P1120127.jpg?fit=300%2C225&#038;ssl=1\" data-large-file=\"https:\/\/i0.wp.com\/genevieveetbernardauxameriques.fr\/wp-content\/uploads\/2019\/02\/P1120127.jpg?fit=640%2C480&#038;ssl=1\" src=\"https:\/\/i0.wp.com\/genevieveetbernardauxameriques.fr\/wp-content\/uploads\/2019\/02\/P1120127.jpg?w=316&#038;h=316&#038;crop=1&#038;ssl=1\" srcset=\"https:\/\/i0.wp.com\/genevieveetbernardauxameriques.fr\/wp-content\/uploads\/2019\/02\/P1120127.jpg?resize=150%2C150&amp;ssl=1 150w, https:\/\/i0.wp.com\/genevieveetbernardauxameriques.fr\/wp-content\/uploads\/2019\/02\/P1120127.jpg?zoom=2&amp;resize=316%2C316&amp;ssl=1 632w\" width=\"316\" height=\"316\" loading=\"lazy\" data-original-width=\"316\" data-original-height=\"316\" itemprop=\"http:\/\/schema.org\/image\" title=\"P1120127\" alt=\"P1120127\" style=\"width: 316px; height: 316px;\" \/> <\/a> <\/div> <\/div> <\/div> <div class=\"gallery-row\" style=\"width: 640px; height: 320px;\" data-original-width=\"640\" data-original-height=\"320\" > <div class=\"gallery-group\" style=\"width: 320px; height: 320px;\" data-original-width=\"320\" data-original-height=\"320\" > <div class=\"tiled-gallery-item \" itemprop=\"associatedMedia\" itemscope itemtype=\"http:\/\/schema.org\/ImageObject\"> <a href=\"https:\/\/genevieveetbernardauxameriques.fr\/index.php\/2019\/03\/06\/baja-californie-2-de-la-paz-a-san-ignacio-avec-edwige\/p1120128\/\" border=\"0\" itemprop=\"url\"> <meta itemprop=\"width\" content=\"316\"> <meta itemprop=\"height\" content=\"316\"> <img decoding=\"async\" class=\"\" data-attachment-id=\"33232\" data-orig-file=\"https:\/\/genevieveetbernardauxameriques.fr\/wp-content\/uploads\/2019\/02\/P1120128.jpg\" data-orig-size=\"720,540\" data-comments-opened=\"1\" data-image-meta=\"{&quot;aperture&quot;:&quot;4&quot;,&quot;credit&quot;:&quot;&quot;,&quot;camera&quot;:&quot;DMC-TZ55&quot;,&quot;caption&quot;:&quot;&quot;,&quot;created_timestamp&quot;:&quot;1550753743&quot;,&quot;copyright&quot;:&quot;&quot;,&quot;focal_length&quot;:&quot;4.3&quot;,&quot;iso&quot;:&quot;100&quot;,&quot;shutter_speed&quot;:&quot;0.001&quot;,&quot;title&quot;:&quot;&quot;,&quot;orientation&quot;:&quot;1&quot;}\" data-image-title=\"P1120128\" data-image-description=\"\" data-medium-file=\"https:\/\/i0.wp.com\/genevieveetbernardauxameriques.fr\/wp-content\/uploads\/2019\/02\/P1120128.jpg?fit=300%2C225&#038;ssl=1\" data-large-file=\"https:\/\/i0.wp.com\/genevieveetbernardauxameriques.fr\/wp-content\/uploads\/2019\/02\/P1120128.jpg?fit=640%2C480&#038;ssl=1\" src=\"https:\/\/i0.wp.com\/genevieveetbernardauxameriques.fr\/wp-content\/uploads\/2019\/02\/P1120128.jpg?w=316&#038;h=316&#038;crop=1&#038;ssl=1\" srcset=\"https:\/\/i0.wp.com\/genevieveetbernardauxameriques.fr\/wp-content\/uploads\/2019\/02\/P1120128.jpg?resize=150%2C150&amp;ssl=1 150w, https:\/\/i0.wp.com\/genevieveetbernardauxameriques.fr\/wp-content\/uploads\/2019\/02\/P1120128.jpg?zoom=2&amp;resize=316%2C316&amp;ssl=1 632w\" width=\"316\" height=\"316\" loading=\"lazy\" data-original-width=\"316\" data-original-height=\"316\" itemprop=\"http:\/\/schema.org\/image\" title=\"P1120128\" alt=\"P1120128\" style=\"width: 316px; height: 316px;\" \/> <\/a> <\/div> <\/div> <div class=\"gallery-group\" style=\"width: 320px; height: 320px;\" data-original-width=\"320\" data-original-height=\"320\" > <div class=\"tiled-gallery-item \" itemprop=\"associatedMedia\" itemscope itemtype=\"http:\/\/schema.org\/ImageObject\"> <a href=\"https:\/\/genevieveetbernardauxameriques.fr\/index.php\/2019\/03\/06\/baja-californie-2-de-la-paz-a-san-ignacio-avec-edwige\/p1120129\/\" border=\"0\" itemprop=\"url\"> <meta itemprop=\"width\" content=\"316\"> <meta itemprop=\"height\" content=\"316\"> <img decoding=\"async\" class=\"\" data-attachment-id=\"33233\" data-orig-file=\"https:\/\/genevieveetbernardauxameriques.fr\/wp-content\/uploads\/2019\/02\/P1120129.jpg\" data-orig-size=\"720,540\" data-comments-opened=\"1\" data-image-meta=\"{&quot;aperture&quot;:&quot;4&quot;,&quot;credit&quot;:&quot;&quot;,&quot;camera&quot;:&quot;DMC-TZ55&quot;,&quot;caption&quot;:&quot;&quot;,&quot;created_timestamp&quot;:&quot;1550753754&quot;,&quot;copyright&quot;:&quot;&quot;,&quot;focal_length&quot;:&quot;4.3&quot;,&quot;iso&quot;:&quot;100&quot;,&quot;shutter_speed&quot;:&quot;0.0008&quot;,&quot;title&quot;:&quot;&quot;,&quot;orientation&quot;:&quot;1&quot;}\" data-image-title=\"P1120129\" data-image-description=\"\" data-medium-file=\"https:\/\/i0.wp.com\/genevieveetbernardauxameriques.fr\/wp-content\/uploads\/2019\/02\/P1120129.jpg?fit=300%2C225&#038;ssl=1\" data-large-file=\"https:\/\/i0.wp.com\/genevieveetbernardauxameriques.fr\/wp-content\/uploads\/2019\/02\/P1120129.jpg?fit=640%2C480&#038;ssl=1\" src=\"https:\/\/i0.wp.com\/genevieveetbernardauxameriques.fr\/wp-content\/uploads\/2019\/02\/P1120129.jpg?w=316&#038;h=316&#038;crop=1&#038;ssl=1\" srcset=\"https:\/\/i0.wp.com\/genevieveetbernardauxameriques.fr\/wp-content\/uploads\/2019\/02\/P1120129.jpg?resize=150%2C150&amp;ssl=1 150w, https:\/\/i0.wp.com\/genevieveetbernardauxameriques.fr\/wp-content\/uploads\/2019\/02\/P1120129.jpg?zoom=2&amp;resize=316%2C316&amp;ssl=1 632w\" width=\"316\" height=\"316\" loading=\"lazy\" data-original-width=\"316\" data-original-height=\"316\" itemprop=\"http:\/\/schema.org\/image\" title=\"P1120129\" alt=\"P1120129\" style=\"width: 316px; height: 316px;\" \/> <\/a> <\/div> <\/div> <\/div> <div class=\"gallery-row\" style=\"width: 640px; height: 320px;\" data-original-width=\"640\" data-original-height=\"320\" > <div class=\"gallery-group\" style=\"width: 320px; height: 320px;\" data-original-width=\"320\" data-original-height=\"320\" > <div class=\"tiled-gallery-item \" itemprop=\"associatedMedia\" itemscope itemtype=\"http:\/\/schema.org\/ImageObject\"> <a href=\"https:\/\/genevieveetbernardauxameriques.fr\/index.php\/2019\/03\/06\/baja-californie-2-de-la-paz-a-san-ignacio-avec-edwige\/p1120132\/\" border=\"0\" itemprop=\"url\"> <meta itemprop=\"width\" content=\"316\"> <meta itemprop=\"height\" content=\"316\"> <img decoding=\"async\" class=\"\" data-attachment-id=\"33235\" data-orig-file=\"https:\/\/genevieveetbernardauxameriques.fr\/wp-content\/uploads\/2019\/02\/P1120132.jpg\" data-orig-size=\"720,540\" data-comments-opened=\"1\" data-image-meta=\"{&quot;aperture&quot;:&quot;5.6&quot;,&quot;credit&quot;:&quot;&quot;,&quot;camera&quot;:&quot;DMC-TZ55&quot;,&quot;caption&quot;:&quot;&quot;,&quot;created_timestamp&quot;:&quot;1550753891&quot;,&quot;copyright&quot;:&quot;&quot;,&quot;focal_length&quot;:&quot;11&quot;,&quot;iso&quot;:&quot;100&quot;,&quot;shutter_speed&quot;:&quot;0.002&quot;,&quot;title&quot;:&quot;&quot;,&quot;orientation&quot;:&quot;1&quot;}\" data-image-title=\"P1120132\" data-image-description=\"\" data-medium-file=\"https:\/\/i0.wp.com\/genevieveetbernardauxameriques.fr\/wp-content\/uploads\/2019\/02\/P1120132.jpg?fit=300%2C225&#038;ssl=1\" data-large-file=\"https:\/\/i0.wp.com\/genevieveetbernardauxameriques.fr\/wp-content\/uploads\/2019\/02\/P1120132.jpg?fit=640%2C480&#038;ssl=1\" src=\"https:\/\/i0.wp.com\/genevieveetbernardauxameriques.fr\/wp-content\/uploads\/2019\/02\/P1120132.jpg?w=316&#038;h=316&#038;crop=1&#038;ssl=1\" srcset=\"https:\/\/i0.wp.com\/genevieveetbernardauxameriques.fr\/wp-content\/uploads\/2019\/02\/P1120132.jpg?resize=150%2C150&amp;ssl=1 150w, https:\/\/i0.wp.com\/genevieveetbernardauxameriques.fr\/wp-content\/uploads\/2019\/02\/P1120132.jpg?zoom=2&amp;resize=316%2C316&amp;ssl=1 632w\" width=\"316\" height=\"316\" loading=\"lazy\" data-original-width=\"316\" data-original-height=\"316\" itemprop=\"http:\/\/schema.org\/image\" title=\"P1120132\" alt=\"P1120132\" style=\"width: 316px; height: 316px;\" \/> <\/a> <\/div> <\/div> <div class=\"gallery-group\" style=\"width: 320px; height: 320px;\" data-original-width=\"320\" data-original-height=\"320\" > <div class=\"tiled-gallery-item \" itemprop=\"associatedMedia\" itemscope itemtype=\"http:\/\/schema.org\/ImageObject\"> <a href=\"https:\/\/genevieveetbernardauxameriques.fr\/index.php\/2019\/03\/06\/baja-californie-2-de-la-paz-a-san-ignacio-avec-edwige\/p1120130-2\/\" border=\"0\" itemprop=\"url\"> <meta itemprop=\"width\" content=\"316\"> <meta itemprop=\"height\" content=\"316\"> <img decoding=\"async\" class=\"\" data-attachment-id=\"33234\" data-orig-file=\"https:\/\/genevieveetbernardauxameriques.fr\/wp-content\/uploads\/2019\/02\/P1120130.jpg\" data-orig-size=\"720,540\" data-comments-opened=\"1\" data-image-meta=\"{&quot;aperture&quot;:&quot;5.6&quot;,&quot;credit&quot;:&quot;&quot;,&quot;camera&quot;:&quot;DMC-TZ55&quot;,&quot;caption&quot;:&quot;&quot;,&quot;created_timestamp&quot;:&quot;1550753800&quot;,&quot;copyright&quot;:&quot;&quot;,&quot;focal_length&quot;:&quot;11&quot;,&quot;iso&quot;:&quot;100&quot;,&quot;shutter_speed&quot;:&quot;0.0025&quot;,&quot;title&quot;:&quot;&quot;,&quot;orientation&quot;:&quot;1&quot;}\" data-image-title=\"P1120130\" data-image-description=\"\" data-medium-file=\"https:\/\/i0.wp.com\/genevieveetbernardauxameriques.fr\/wp-content\/uploads\/2019\/02\/P1120130.jpg?fit=300%2C225&#038;ssl=1\" data-large-file=\"https:\/\/i0.wp.com\/genevieveetbernardauxameriques.fr\/wp-content\/uploads\/2019\/02\/P1120130.jpg?fit=640%2C480&#038;ssl=1\" src=\"https:\/\/i0.wp.com\/genevieveetbernardauxameriques.fr\/wp-content\/uploads\/2019\/02\/P1120130.jpg?w=316&#038;h=316&#038;crop=1&#038;ssl=1\" srcset=\"https:\/\/i0.wp.com\/genevieveetbernardauxameriques.fr\/wp-content\/uploads\/2019\/02\/P1120130.jpg?resize=150%2C150&amp;ssl=1 150w, https:\/\/i0.wp.com\/genevieveetbernardauxameriques.fr\/wp-content\/uploads\/2019\/02\/P1120130.jpg?zoom=2&amp;resize=316%2C316&amp;ssl=1 632w\" width=\"316\" height=\"316\" loading=\"lazy\" data-original-width=\"316\" data-original-height=\"316\" itemprop=\"http:\/\/schema.org\/image\" title=\"P1120130\" alt=\"P1120130\" style=\"width: 316px; height: 316px;\" \/> <\/a> <\/div> <\/div> <\/div> <div class=\"gallery-row\" style=\"width: 640px; height: 320px;\" data-original-width=\"640\" data-original-height=\"320\" > <div class=\"gallery-group\" style=\"width: 320px; height: 320px;\" data-original-width=\"320\" data-original-height=\"320\" > <div class=\"tiled-gallery-item \" itemprop=\"associatedMedia\" itemscope itemtype=\"http:\/\/schema.org\/ImageObject\"> <a href=\"https:\/\/genevieveetbernardauxameriques.fr\/index.php\/2019\/03\/06\/baja-californie-2-de-la-paz-a-san-ignacio-avec-edwige\/p1120134\/\" border=\"0\" itemprop=\"url\"> <meta itemprop=\"width\" content=\"316\"> <meta itemprop=\"height\" content=\"316\"> <img decoding=\"async\" class=\"\" data-attachment-id=\"33236\" data-orig-file=\"https:\/\/genevieveetbernardauxameriques.fr\/wp-content\/uploads\/2019\/02\/P1120134.jpg\" data-orig-size=\"720,540\" data-comments-opened=\"1\" data-image-meta=\"{&quot;aperture&quot;:&quot;5.6&quot;,&quot;credit&quot;:&quot;&quot;,&quot;camera&quot;:&quot;DMC-TZ55&quot;,&quot;caption&quot;:&quot;&quot;,&quot;created_timestamp&quot;:&quot;1550753942&quot;,&quot;copyright&quot;:&quot;&quot;,&quot;focal_length&quot;:&quot;11&quot;,&quot;iso&quot;:&quot;100&quot;,&quot;shutter_speed&quot;:&quot;0.002&quot;,&quot;title&quot;:&quot;&quot;,&quot;orientation&quot;:&quot;1&quot;}\" data-image-title=\"P1120134\" data-image-description=\"\" data-medium-file=\"https:\/\/i0.wp.com\/genevieveetbernardauxameriques.fr\/wp-content\/uploads\/2019\/02\/P1120134.jpg?fit=300%2C225&#038;ssl=1\" data-large-file=\"https:\/\/i0.wp.com\/genevieveetbernardauxameriques.fr\/wp-content\/uploads\/2019\/02\/P1120134.jpg?fit=640%2C480&#038;ssl=1\" src=\"https:\/\/i0.wp.com\/genevieveetbernardauxameriques.fr\/wp-content\/uploads\/2019\/02\/P1120134.jpg?w=316&#038;h=316&#038;crop=1&#038;ssl=1\" srcset=\"https:\/\/i0.wp.com\/genevieveetbernardauxameriques.fr\/wp-content\/uploads\/2019\/02\/P1120134.jpg?resize=150%2C150&amp;ssl=1 150w, https:\/\/i0.wp.com\/genevieveetbernardauxameriques.fr\/wp-content\/uploads\/2019\/02\/P1120134.jpg?zoom=2&amp;resize=316%2C316&amp;ssl=1 632w\" width=\"316\" height=\"316\" loading=\"lazy\" data-original-width=\"316\" data-original-height=\"316\" itemprop=\"http:\/\/schema.org\/image\" title=\"P1120134\" alt=\"P1120134\" style=\"width: 316px; height: 316px;\" \/> <\/a> <\/div> <\/div> <div class=\"gallery-group\" style=\"width: 320px; height: 320px;\" data-original-width=\"320\" data-original-height=\"320\" > <div class=\"tiled-gallery-item \" itemprop=\"associatedMedia\" itemscope itemtype=\"http:\/\/schema.org\/ImageObject\"> <a href=\"https:\/\/genevieveetbernardauxameriques.fr\/index.php\/2019\/03\/06\/baja-californie-2-de-la-paz-a-san-ignacio-avec-edwige\/p1120136\/\" border=\"0\" itemprop=\"url\"> <meta itemprop=\"width\" content=\"316\"> <meta itemprop=\"height\" content=\"316\"> <img decoding=\"async\" class=\"\" data-attachment-id=\"33237\" data-orig-file=\"https:\/\/genevieveetbernardauxameriques.fr\/wp-content\/uploads\/2019\/02\/P1120136.jpg\" data-orig-size=\"720,540\" data-comments-opened=\"1\" data-image-meta=\"{&quot;aperture&quot;:&quot;5.6&quot;,&quot;credit&quot;:&quot;&quot;,&quot;camera&quot;:&quot;DMC-TZ55&quot;,&quot;caption&quot;:&quot;&quot;,&quot;created_timestamp&quot;:&quot;1550754006&quot;,&quot;copyright&quot;:&quot;&quot;,&quot;focal_length&quot;:&quot;14.2&quot;,&quot;iso&quot;:&quot;100&quot;,&quot;shutter_speed&quot;:&quot;0.0025&quot;,&quot;title&quot;:&quot;&quot;,&quot;orientation&quot;:&quot;1&quot;}\" data-image-title=\"P1120136\" data-image-description=\"\" data-medium-file=\"https:\/\/i0.wp.com\/genevieveetbernardauxameriques.fr\/wp-content\/uploads\/2019\/02\/P1120136.jpg?fit=300%2C225&#038;ssl=1\" data-large-file=\"https:\/\/i0.wp.com\/genevieveetbernardauxameriques.fr\/wp-content\/uploads\/2019\/02\/P1120136.jpg?fit=640%2C480&#038;ssl=1\" src=\"https:\/\/i0.wp.com\/genevieveetbernardauxameriques.fr\/wp-content\/uploads\/2019\/02\/P1120136.jpg?w=316&#038;h=316&#038;crop=1&#038;ssl=1\" srcset=\"https:\/\/i0.wp.com\/genevieveetbernardauxameriques.fr\/wp-content\/uploads\/2019\/02\/P1120136.jpg?resize=150%2C150&amp;ssl=1 150w, https:\/\/i0.wp.com\/genevieveetbernardauxameriques.fr\/wp-content\/uploads\/2019\/02\/P1120136.jpg?zoom=2&amp;resize=316%2C316&amp;ssl=1 632w\" width=\"316\" height=\"316\" loading=\"lazy\" data-original-width=\"316\" data-original-height=\"316\" itemprop=\"http:\/\/schema.org\/image\" title=\"P1120136\" alt=\"P1120136\" style=\"width: 316px; height: 316px;\" \/> <\/a> <\/div> <\/div> <\/div> <div class=\"gallery-row\" style=\"width: 640px; height: 320px;\" data-original-width=\"640\" data-original-height=\"320\" > <div class=\"gallery-group\" style=\"width: 320px; height: 320px;\" data-original-width=\"320\" data-original-height=\"320\" > <div class=\"tiled-gallery-item \" itemprop=\"associatedMedia\" itemscope itemtype=\"http:\/\/schema.org\/ImageObject\"> <a href=\"https:\/\/genevieveetbernardauxameriques.fr\/index.php\/2019\/03\/06\/baja-californie-2-de-la-paz-a-san-ignacio-avec-edwige\/p1120137-2\/\" border=\"0\" itemprop=\"url\"> <meta itemprop=\"width\" content=\"316\"> <meta itemprop=\"height\" content=\"316\"> <img decoding=\"async\" class=\"\" data-attachment-id=\"33238\" data-orig-file=\"https:\/\/genevieveetbernardauxameriques.fr\/wp-content\/uploads\/2019\/02\/P1120137.jpg\" data-orig-size=\"720,540\" data-comments-opened=\"1\" data-image-meta=\"{&quot;aperture&quot;:&quot;6.4&quot;,&quot;credit&quot;:&quot;&quot;,&quot;camera&quot;:&quot;DMC-TZ55&quot;,&quot;caption&quot;:&quot;&quot;,&quot;created_timestamp&quot;:&quot;1550754030&quot;,&quot;copyright&quot;:&quot;&quot;,&quot;focal_length&quot;:&quot;86&quot;,&quot;iso&quot;:&quot;100&quot;,&quot;shutter_speed&quot;:&quot;0.005&quot;,&quot;title&quot;:&quot;&quot;,&quot;orientation&quot;:&quot;1&quot;}\" data-image-title=\"P1120137\" data-image-description=\"\" data-medium-file=\"https:\/\/i0.wp.com\/genevieveetbernardauxameriques.fr\/wp-content\/uploads\/2019\/02\/P1120137.jpg?fit=300%2C225&#038;ssl=1\" data-large-file=\"https:\/\/i0.wp.com\/genevieveetbernardauxameriques.fr\/wp-content\/uploads\/2019\/02\/P1120137.jpg?fit=640%2C480&#038;ssl=1\" src=\"https:\/\/i0.wp.com\/genevieveetbernardauxameriques.fr\/wp-content\/uploads\/2019\/02\/P1120137.jpg?w=316&#038;h=316&#038;crop=1&#038;ssl=1\" srcset=\"https:\/\/i0.wp.com\/genevieveetbernardauxameriques.fr\/wp-content\/uploads\/2019\/02\/P1120137.jpg?resize=150%2C150&amp;ssl=1 150w, https:\/\/i0.wp.com\/genevieveetbernardauxameriques.fr\/wp-content\/uploads\/2019\/02\/P1120137.jpg?zoom=2&amp;resize=316%2C316&amp;ssl=1 632w\" width=\"316\" height=\"316\" loading=\"lazy\" data-original-width=\"316\" data-original-height=\"316\" itemprop=\"http:\/\/schema.org\/image\" title=\"P1120137\" alt=\"P1120137\" style=\"width: 316px; height: 316px;\" \/> <\/a> <\/div> <\/div> <div class=\"gallery-group\" style=\"width: 320px; height: 320px;\" data-original-width=\"320\" data-original-height=\"320\" > <div class=\"tiled-gallery-item \" itemprop=\"associatedMedia\" itemscope itemtype=\"http:\/\/schema.org\/ImageObject\"> <a href=\"https:\/\/genevieveetbernardauxameriques.fr\/index.php\/2019\/03\/06\/baja-californie-2-de-la-paz-a-san-ignacio-avec-edwige\/p1120138\/\" border=\"0\" itemprop=\"url\"> <meta itemprop=\"width\" content=\"316\"> <meta itemprop=\"height\" content=\"316\"> <img decoding=\"async\" class=\"\" data-attachment-id=\"33239\" data-orig-file=\"https:\/\/genevieveetbernardauxameriques.fr\/wp-content\/uploads\/2019\/02\/P1120138.jpg\" data-orig-size=\"720,540\" data-comments-opened=\"1\" data-image-meta=\"{&quot;aperture&quot;:&quot;6.4&quot;,&quot;credit&quot;:&quot;&quot;,&quot;camera&quot;:&quot;DMC-TZ55&quot;,&quot;caption&quot;:&quot;&quot;,&quot;created_timestamp&quot;:&quot;1550754041&quot;,&quot;copyright&quot;:&quot;&quot;,&quot;focal_length&quot;:&quot;86&quot;,&quot;iso&quot;:&quot;100&quot;,&quot;shutter_speed&quot;:&quot;0.0025&quot;,&quot;title&quot;:&quot;&quot;,&quot;orientation&quot;:&quot;1&quot;}\" data-image-title=\"P1120138\" data-image-description=\"\" data-medium-file=\"https:\/\/i0.wp.com\/genevieveetbernardauxameriques.fr\/wp-content\/uploads\/2019\/02\/P1120138.jpg?fit=300%2C225&#038;ssl=1\" data-large-file=\"https:\/\/i0.wp.com\/genevieveetbernardauxameriques.fr\/wp-content\/uploads\/2019\/02\/P1120138.jpg?fit=640%2C480&#038;ssl=1\" src=\"https:\/\/i0.wp.com\/genevieveetbernardauxameriques.fr\/wp-content\/uploads\/2019\/02\/P1120138.jpg?w=316&#038;h=316&#038;crop=1&#038;ssl=1\" srcset=\"https:\/\/i0.wp.com\/genevieveetbernardauxameriques.fr\/wp-content\/uploads\/2019\/02\/P1120138.jpg?resize=150%2C150&amp;ssl=1 150w, https:\/\/i0.wp.com\/genevieveetbernardauxameriques.fr\/wp-content\/uploads\/2019\/02\/P1120138.jpg?zoom=2&amp;resize=316%2C316&amp;ssl=1 632w\" width=\"316\" height=\"316\" loading=\"lazy\" data-original-width=\"316\" data-original-height=\"316\" itemprop=\"http:\/\/schema.org\/image\" title=\"P1120138\" alt=\"P1120138\" style=\"width: 316px; height: 316px;\" \/> <\/a> <\/div> <\/div> <\/div> <div class=\"gallery-row\" style=\"width: 640px; height: 320px;\" data-original-width=\"640\" data-original-height=\"320\" > <div class=\"gallery-group\" style=\"width: 320px; height: 320px;\" data-original-width=\"320\" data-original-height=\"320\" > <div class=\"tiled-gallery-item \" itemprop=\"associatedMedia\" itemscope itemtype=\"http:\/\/schema.org\/ImageObject\"> <a href=\"https:\/\/genevieveetbernardauxameriques.fr\/index.php\/2019\/03\/06\/baja-californie-2-de-la-paz-a-san-ignacio-avec-edwige\/p1120139-2\/\" border=\"0\" itemprop=\"url\"> <meta itemprop=\"width\" content=\"316\"> <meta itemprop=\"height\" content=\"316\"> <img decoding=\"async\" class=\"\" data-attachment-id=\"33240\" data-orig-file=\"https:\/\/genevieveetbernardauxameriques.fr\/wp-content\/uploads\/2019\/02\/P1120139.jpg\" data-orig-size=\"720,540\" data-comments-opened=\"1\" data-image-meta=\"{&quot;aperture&quot;:&quot;4&quot;,&quot;credit&quot;:&quot;&quot;,&quot;camera&quot;:&quot;DMC-TZ55&quot;,&quot;caption&quot;:&quot;&quot;,&quot;created_timestamp&quot;:&quot;1550762550&quot;,&quot;copyright&quot;:&quot;&quot;,&quot;focal_length&quot;:&quot;4.3&quot;,&quot;iso&quot;:&quot;100&quot;,&quot;shutter_speed&quot;:&quot;0.0008&quot;,&quot;title&quot;:&quot;&quot;,&quot;orientation&quot;:&quot;1&quot;}\" data-image-title=\"P1120139\" data-image-description=\"\" data-medium-file=\"https:\/\/i0.wp.com\/genevieveetbernardauxameriques.fr\/wp-content\/uploads\/2019\/02\/P1120139.jpg?fit=300%2C225&#038;ssl=1\" data-large-file=\"https:\/\/i0.wp.com\/genevieveetbernardauxameriques.fr\/wp-content\/uploads\/2019\/02\/P1120139.jpg?fit=640%2C480&#038;ssl=1\" src=\"https:\/\/i0.wp.com\/genevieveetbernardauxameriques.fr\/wp-content\/uploads\/2019\/02\/P1120139.jpg?w=316&#038;h=316&#038;crop=1&#038;ssl=1\" srcset=\"https:\/\/i0.wp.com\/genevieveetbernardauxameriques.fr\/wp-content\/uploads\/2019\/02\/P1120139.jpg?resize=150%2C150&amp;ssl=1 150w, https:\/\/i0.wp.com\/genevieveetbernardauxameriques.fr\/wp-content\/uploads\/2019\/02\/P1120139.jpg?zoom=2&amp;resize=316%2C316&amp;ssl=1 632w\" width=\"316\" height=\"316\" loading=\"lazy\" data-original-width=\"316\" data-original-height=\"316\" itemprop=\"http:\/\/schema.org\/image\" title=\"P1120139\" alt=\"P1120139\" style=\"width: 316px; height: 316px;\" \/> <\/a> <\/div> <\/div> <div class=\"gallery-group\" style=\"width: 320px; height: 320px;\" data-original-width=\"320\" data-original-height=\"320\" > <div class=\"tiled-gallery-item \" itemprop=\"associatedMedia\" itemscope itemtype=\"http:\/\/schema.org\/ImageObject\"> <a href=\"https:\/\/genevieveetbernardauxameriques.fr\/index.php\/2019\/03\/06\/baja-californie-2-de-la-paz-a-san-ignacio-avec-edwige\/p1120140\/\" border=\"0\" itemprop=\"url\"> <meta itemprop=\"width\" content=\"316\"> <meta itemprop=\"height\" content=\"316\"> <img decoding=\"async\" class=\"\" data-attachment-id=\"33241\" data-orig-file=\"https:\/\/genevieveetbernardauxameriques.fr\/wp-content\/uploads\/2019\/02\/P1120140.jpg\" data-orig-size=\"720,540\" data-comments-opened=\"1\" data-image-meta=\"{&quot;aperture&quot;:&quot;4&quot;,&quot;credit&quot;:&quot;&quot;,&quot;camera&quot;:&quot;DMC-TZ55&quot;,&quot;caption&quot;:&quot;&quot;,&quot;created_timestamp&quot;:&quot;1550762557&quot;,&quot;copyright&quot;:&quot;&quot;,&quot;focal_length&quot;:&quot;4.3&quot;,&quot;iso&quot;:&quot;100&quot;,&quot;shutter_speed&quot;:&quot;0.001&quot;,&quot;title&quot;:&quot;&quot;,&quot;orientation&quot;:&quot;1&quot;}\" data-image-title=\"P1120140\" data-image-description=\"\" data-medium-file=\"https:\/\/i0.wp.com\/genevieveetbernardauxameriques.fr\/wp-content\/uploads\/2019\/02\/P1120140.jpg?fit=300%2C225&#038;ssl=1\" data-large-file=\"https:\/\/i0.wp.com\/genevieveetbernardauxameriques.fr\/wp-content\/uploads\/2019\/02\/P1120140.jpg?fit=640%2C480&#038;ssl=1\" src=\"https:\/\/i0.wp.com\/genevieveetbernardauxameriques.fr\/wp-content\/uploads\/2019\/02\/P1120140.jpg?w=316&#038;h=316&#038;crop=1&#038;ssl=1\" srcset=\"https:\/\/i0.wp.com\/genevieveetbernardauxameriques.fr\/wp-content\/uploads\/2019\/02\/P1120140.jpg?resize=150%2C150&amp;ssl=1 150w, https:\/\/i0.wp.com\/genevieveetbernardauxameriques.fr\/wp-content\/uploads\/2019\/02\/P1120140.jpg?zoom=2&amp;resize=316%2C316&amp;ssl=1 632w\" width=\"316\" height=\"316\" loading=\"lazy\" data-original-width=\"316\" data-original-height=\"316\" itemprop=\"http:\/\/schema.org\/image\" title=\"P1120140\" alt=\"P1120140\" style=\"width: 316px; height: 316px;\" \/> <\/a> <\/div> <\/div> <\/div> <div class=\"gallery-row\" style=\"width: 640px; height: 320px;\" data-original-width=\"640\" data-original-height=\"320\" > <div class=\"gallery-group\" style=\"width: 320px; height: 320px;\" data-original-width=\"320\" data-original-height=\"320\" > <div class=\"tiled-gallery-item \" itemprop=\"associatedMedia\" itemscope itemtype=\"http:\/\/schema.org\/ImageObject\"> <a href=\"https:\/\/genevieveetbernardauxameriques.fr\/index.php\/2019\/03\/06\/baja-californie-2-de-la-paz-a-san-ignacio-avec-edwige\/p1120141\/\" border=\"0\" itemprop=\"url\"> <meta itemprop=\"width\" content=\"316\"> <meta itemprop=\"height\" content=\"316\"> <img decoding=\"async\" class=\"\" data-attachment-id=\"33242\" data-orig-file=\"https:\/\/genevieveetbernardauxameriques.fr\/wp-content\/uploads\/2019\/02\/P1120141.jpg\" data-orig-size=\"720,540\" data-comments-opened=\"1\" data-image-meta=\"{&quot;aperture&quot;:&quot;4&quot;,&quot;credit&quot;:&quot;&quot;,&quot;camera&quot;:&quot;DMC-TZ55&quot;,&quot;caption&quot;:&quot;&quot;,&quot;created_timestamp&quot;:&quot;1550762563&quot;,&quot;copyright&quot;:&quot;&quot;,&quot;focal_length&quot;:&quot;4.3&quot;,&quot;iso&quot;:&quot;100&quot;,&quot;shutter_speed&quot;:&quot;0.001&quot;,&quot;title&quot;:&quot;&quot;,&quot;orientation&quot;:&quot;1&quot;}\" data-image-title=\"P1120141\" data-image-description=\"\" data-medium-file=\"https:\/\/i0.wp.com\/genevieveetbernardauxameriques.fr\/wp-content\/uploads\/2019\/02\/P1120141.jpg?fit=300%2C225&#038;ssl=1\" data-large-file=\"https:\/\/i0.wp.com\/genevieveetbernardauxameriques.fr\/wp-content\/uploads\/2019\/02\/P1120141.jpg?fit=640%2C480&#038;ssl=1\" src=\"https:\/\/i0.wp.com\/genevieveetbernardauxameriques.fr\/wp-content\/uploads\/2019\/02\/P1120141.jpg?w=316&#038;h=316&#038;crop=1&#038;ssl=1\" srcset=\"https:\/\/i0.wp.com\/genevieveetbernardauxameriques.fr\/wp-content\/uploads\/2019\/02\/P1120141.jpg?resize=150%2C150&amp;ssl=1 150w, https:\/\/i0.wp.com\/genevieveetbernardauxameriques.fr\/wp-content\/uploads\/2019\/02\/P1120141.jpg?zoom=2&amp;resize=316%2C316&amp;ssl=1 632w\" width=\"316\" height=\"316\" loading=\"lazy\" data-original-width=\"316\" data-original-height=\"316\" itemprop=\"http:\/\/schema.org\/image\" title=\"P1120141\" alt=\"P1120141\" style=\"width: 316px; height: 316px;\" \/> <\/a> <\/div> <\/div> <div class=\"gallery-group\" style=\"width: 320px; height: 320px;\" data-original-width=\"320\" data-original-height=\"320\" > <div class=\"tiled-gallery-item \" itemprop=\"associatedMedia\" itemscope itemtype=\"http:\/\/schema.org\/ImageObject\"> <a href=\"https:\/\/genevieveetbernardauxameriques.fr\/index.php\/2019\/03\/06\/baja-californie-2-de-la-paz-a-san-ignacio-avec-edwige\/p1120142\/\" border=\"0\" itemprop=\"url\"> <meta itemprop=\"width\" content=\"316\"> <meta itemprop=\"height\" content=\"316\"> <img decoding=\"async\" class=\"\" data-attachment-id=\"33243\" data-orig-file=\"https:\/\/genevieveetbernardauxameriques.fr\/wp-content\/uploads\/2019\/02\/P1120142.jpg\" data-orig-size=\"720,540\" data-comments-opened=\"1\" data-image-meta=\"{&quot;aperture&quot;:&quot;4&quot;,&quot;credit&quot;:&quot;&quot;,&quot;camera&quot;:&quot;DMC-TZ55&quot;,&quot;caption&quot;:&quot;&quot;,&quot;created_timestamp&quot;:&quot;1550762570&quot;,&quot;copyright&quot;:&quot;&quot;,&quot;focal_length&quot;:&quot;4.3&quot;,&quot;iso&quot;:&quot;100&quot;,&quot;shutter_speed&quot;:&quot;0.001&quot;,&quot;title&quot;:&quot;&quot;,&quot;orientation&quot;:&quot;1&quot;}\" data-image-title=\"P1120142\" data-image-description=\"\" data-medium-file=\"https:\/\/i0.wp.com\/genevieveetbernardauxameriques.fr\/wp-content\/uploads\/2019\/02\/P1120142.jpg?fit=300%2C225&#038;ssl=1\" data-large-file=\"https:\/\/i0.wp.com\/genevieveetbernardauxameriques.fr\/wp-content\/uploads\/2019\/02\/P1120142.jpg?fit=640%2C480&#038;ssl=1\" src=\"https:\/\/i0.wp.com\/genevieveetbernardauxameriques.fr\/wp-content\/uploads\/2019\/02\/P1120142.jpg?w=316&#038;h=316&#038;crop=1&#038;ssl=1\" srcset=\"https:\/\/i0.wp.com\/genevieveetbernardauxameriques.fr\/wp-content\/uploads\/2019\/02\/P1120142.jpg?resize=150%2C150&amp;ssl=1 150w, https:\/\/i0.wp.com\/genevieveetbernardauxameriques.fr\/wp-content\/uploads\/2019\/02\/P1120142.jpg?zoom=2&amp;resize=316%2C316&amp;ssl=1 632w\" width=\"316\" height=\"316\" loading=\"lazy\" data-original-width=\"316\" data-original-height=\"316\" itemprop=\"http:\/\/schema.org\/image\" title=\"P1120142\" alt=\"P1120142\" style=\"width: 316px; height: 316px;\" \/> <\/a> <\/div> <\/div> <\/div> <div class=\"gallery-row\" style=\"width: 640px; height: 320px;\" data-original-width=\"640\" data-original-height=\"320\" > <div class=\"gallery-group\" style=\"width: 320px; height: 320px;\" data-original-width=\"320\" data-original-height=\"320\" > <div class=\"tiled-gallery-item \" itemprop=\"associatedMedia\" itemscope itemtype=\"http:\/\/schema.org\/ImageObject\"> <a href=\"https:\/\/genevieveetbernardauxameriques.fr\/index.php\/2019\/03\/06\/baja-californie-2-de-la-paz-a-san-ignacio-avec-edwige\/p1120143\/\" border=\"0\" itemprop=\"url\"> <meta itemprop=\"width\" content=\"316\"> <meta itemprop=\"height\" content=\"316\"> <img decoding=\"async\" class=\"\" data-attachment-id=\"33244\" data-orig-file=\"https:\/\/genevieveetbernardauxameriques.fr\/wp-content\/uploads\/2019\/02\/P1120143.jpg\" data-orig-size=\"720,540\" data-comments-opened=\"1\" data-image-meta=\"{&quot;aperture&quot;:&quot;4&quot;,&quot;credit&quot;:&quot;&quot;,&quot;camera&quot;:&quot;DMC-TZ55&quot;,&quot;caption&quot;:&quot;&quot;,&quot;created_timestamp&quot;:&quot;1550762617&quot;,&quot;copyright&quot;:&quot;&quot;,&quot;focal_length&quot;:&quot;4.3&quot;,&quot;iso&quot;:&quot;100&quot;,&quot;shutter_speed&quot;:&quot;0.0008&quot;,&quot;title&quot;:&quot;&quot;,&quot;orientation&quot;:&quot;1&quot;}\" data-image-title=\"P1120143\" data-image-description=\"\" data-medium-file=\"https:\/\/i0.wp.com\/genevieveetbernardauxameriques.fr\/wp-content\/uploads\/2019\/02\/P1120143.jpg?fit=300%2C225&#038;ssl=1\" data-large-file=\"https:\/\/i0.wp.com\/genevieveetbernardauxameriques.fr\/wp-content\/uploads\/2019\/02\/P1120143.jpg?fit=640%2C480&#038;ssl=1\" src=\"https:\/\/i0.wp.com\/genevieveetbernardauxameriques.fr\/wp-content\/uploads\/2019\/02\/P1120143.jpg?w=316&#038;h=316&#038;crop=1&#038;ssl=1\" srcset=\"https:\/\/i0.wp.com\/genevieveetbernardauxameriques.fr\/wp-content\/uploads\/2019\/02\/P1120143.jpg?resize=150%2C150&amp;ssl=1 150w, https:\/\/i0.wp.com\/genevieveetbernardauxameriques.fr\/wp-content\/uploads\/2019\/02\/P1120143.jpg?zoom=2&amp;resize=316%2C316&amp;ssl=1 632w\" width=\"316\" height=\"316\" loading=\"lazy\" data-original-width=\"316\" data-original-height=\"316\" itemprop=\"http:\/\/schema.org\/image\" title=\"P1120143\" alt=\"P1120143\" style=\"width: 316px; height: 316px;\" \/> <\/a> <\/div> <\/div> <div class=\"gallery-group\" style=\"width: 320px; height: 320px;\" data-original-width=\"320\" data-original-height=\"320\" > <div class=\"tiled-gallery-item \" itemprop=\"associatedMedia\" itemscope itemtype=\"http:\/\/schema.org\/ImageObject\"> <a href=\"https:\/\/genevieveetbernardauxameriques.fr\/index.php\/2019\/03\/06\/baja-californie-2-de-la-paz-a-san-ignacio-avec-edwige\/p1120144-2\/\" border=\"0\" itemprop=\"url\"> <meta itemprop=\"width\" content=\"316\"> <meta itemprop=\"height\" content=\"316\"> <img decoding=\"async\" class=\"\" data-attachment-id=\"33245\" data-orig-file=\"https:\/\/genevieveetbernardauxameriques.fr\/wp-content\/uploads\/2019\/02\/P1120144.jpg\" data-orig-size=\"720,540\" data-comments-opened=\"1\" data-image-meta=\"{&quot;aperture&quot;:&quot;4&quot;,&quot;credit&quot;:&quot;&quot;,&quot;camera&quot;:&quot;DMC-TZ55&quot;,&quot;caption&quot;:&quot;&quot;,&quot;created_timestamp&quot;:&quot;1550762643&quot;,&quot;copyright&quot;:&quot;&quot;,&quot;focal_length&quot;:&quot;4.3&quot;,&quot;iso&quot;:&quot;100&quot;,&quot;shutter_speed&quot;:&quot;0.000625&quot;,&quot;title&quot;:&quot;&quot;,&quot;orientation&quot;:&quot;1&quot;}\" data-image-title=\"P1120144\" data-image-description=\"\" data-medium-file=\"https:\/\/i0.wp.com\/genevieveetbernardauxameriques.fr\/wp-content\/uploads\/2019\/02\/P1120144.jpg?fit=300%2C225&#038;ssl=1\" data-large-file=\"https:\/\/i0.wp.com\/genevieveetbernardauxameriques.fr\/wp-content\/uploads\/2019\/02\/P1120144.jpg?fit=640%2C480&#038;ssl=1\" src=\"https:\/\/i0.wp.com\/genevieveetbernardauxameriques.fr\/wp-content\/uploads\/2019\/02\/P1120144.jpg?w=316&#038;h=316&#038;crop=1&#038;ssl=1\" srcset=\"https:\/\/i0.wp.com\/genevieveetbernardauxameriques.fr\/wp-content\/uploads\/2019\/02\/P1120144.jpg?resize=150%2C150&amp;ssl=1 150w, https:\/\/i0.wp.com\/genevieveetbernardauxameriques.fr\/wp-content\/uploads\/2019\/02\/P1120144.jpg?zoom=2&amp;resize=316%2C316&amp;ssl=1 632w\" width=\"316\" height=\"316\" loading=\"lazy\" data-original-width=\"316\" data-original-height=\"316\" itemprop=\"http:\/\/schema.org\/image\" title=\"P1120144\" alt=\"P1120144\" style=\"width: 316px; height: 316px;\" \/> <\/a> <\/div> <\/div> <\/div> <div class=\"gallery-row\" style=\"width: 640px; height: 320px;\" data-original-width=\"640\" data-original-height=\"320\" > <div class=\"gallery-group\" style=\"width: 320px; height: 320px;\" data-original-width=\"320\" data-original-height=\"320\" > <div class=\"tiled-gallery-item \" itemprop=\"associatedMedia\" itemscope itemtype=\"http:\/\/schema.org\/ImageObject\"> <a href=\"https:\/\/genevieveetbernardauxameriques.fr\/index.php\/2019\/03\/06\/baja-californie-2-de-la-paz-a-san-ignacio-avec-edwige\/p1120149-2\/\" border=\"0\" itemprop=\"url\"> <meta itemprop=\"width\" content=\"316\"> <meta itemprop=\"height\" content=\"316\"> <img decoding=\"async\" class=\"\" data-attachment-id=\"33247\" data-orig-file=\"https:\/\/genevieveetbernardauxameriques.fr\/wp-content\/uploads\/2019\/02\/P1120149.jpg\" data-orig-size=\"720,540\" data-comments-opened=\"1\" data-image-meta=\"{&quot;aperture&quot;:&quot;5.1&quot;,&quot;credit&quot;:&quot;&quot;,&quot;camera&quot;:&quot;DMC-TZ55&quot;,&quot;caption&quot;:&quot;&quot;,&quot;created_timestamp&quot;:&quot;1550772090&quot;,&quot;copyright&quot;:&quot;&quot;,&quot;focal_length&quot;:&quot;14.2&quot;,&quot;iso&quot;:&quot;200&quot;,&quot;shutter_speed&quot;:&quot;0.016666666666667&quot;,&quot;title&quot;:&quot;&quot;,&quot;orientation&quot;:&quot;1&quot;}\" data-image-title=\"P1120149\" data-image-description=\"\" data-medium-file=\"https:\/\/i0.wp.com\/genevieveetbernardauxameriques.fr\/wp-content\/uploads\/2019\/02\/P1120149.jpg?fit=300%2C225&#038;ssl=1\" data-large-file=\"https:\/\/i0.wp.com\/genevieveetbernardauxameriques.fr\/wp-content\/uploads\/2019\/02\/P1120149.jpg?fit=640%2C480&#038;ssl=1\" src=\"https:\/\/i0.wp.com\/genevieveetbernardauxameriques.fr\/wp-content\/uploads\/2019\/02\/P1120149.jpg?w=316&#038;h=316&#038;crop=1&#038;ssl=1\" srcset=\"https:\/\/i0.wp.com\/genevieveetbernardauxameriques.fr\/wp-content\/uploads\/2019\/02\/P1120149.jpg?resize=150%2C150&amp;ssl=1 150w, https:\/\/i0.wp.com\/genevieveetbernardauxameriques.fr\/wp-content\/uploads\/2019\/02\/P1120149.jpg?zoom=2&amp;resize=316%2C316&amp;ssl=1 632w\" width=\"316\" height=\"316\" loading=\"lazy\" data-original-width=\"316\" data-original-height=\"316\" itemprop=\"http:\/\/schema.org\/image\" title=\"P1120149\" alt=\"P1120149\" style=\"width: 316px; height: 316px;\" \/> <\/a> <\/div> <\/div> <div class=\"gallery-group\" style=\"width: 320px; height: 320px;\" data-original-width=\"320\" data-original-height=\"320\" > <div class=\"tiled-gallery-item \" itemprop=\"associatedMedia\" itemscope itemtype=\"http:\/\/schema.org\/ImageObject\"> <a href=\"https:\/\/genevieveetbernardauxameriques.fr\/index.php\/2019\/03\/06\/baja-californie-2-de-la-paz-a-san-ignacio-avec-edwige\/p1120150-2\/\" border=\"0\" itemprop=\"url\"> <meta itemprop=\"width\" content=\"316\"> <meta itemprop=\"height\" content=\"316\"> <img decoding=\"async\" class=\"\" data-attachment-id=\"33248\" data-orig-file=\"https:\/\/genevieveetbernardauxameriques.fr\/wp-content\/uploads\/2019\/02\/P1120150.jpg\" data-orig-size=\"720,540\" data-comments-opened=\"1\" data-image-meta=\"{&quot;aperture&quot;:&quot;5&quot;,&quot;credit&quot;:&quot;&quot;,&quot;camera&quot;:&quot;DMC-TZ55&quot;,&quot;caption&quot;:&quot;&quot;,&quot;created_timestamp&quot;:&quot;1550772229&quot;,&quot;copyright&quot;:&quot;&quot;,&quot;focal_length&quot;:&quot;7.4&quot;,&quot;iso&quot;:&quot;100&quot;,&quot;shutter_speed&quot;:&quot;0.003125&quot;,&quot;title&quot;:&quot;&quot;,&quot;orientation&quot;:&quot;1&quot;}\" data-image-title=\"P1120150\" data-image-description=\"\" data-medium-file=\"https:\/\/i0.wp.com\/genevieveetbernardauxameriques.fr\/wp-content\/uploads\/2019\/02\/P1120150.jpg?fit=300%2C225&#038;ssl=1\" data-large-file=\"https:\/\/i0.wp.com\/genevieveetbernardauxameriques.fr\/wp-content\/uploads\/2019\/02\/P1120150.jpg?fit=640%2C480&#038;ssl=1\" src=\"https:\/\/i0.wp.com\/genevieveetbernardauxameriques.fr\/wp-content\/uploads\/2019\/02\/P1120150.jpg?w=316&#038;h=316&#038;crop=1&#038;ssl=1\" srcset=\"https:\/\/i0.wp.com\/genevieveetbernardauxameriques.fr\/wp-content\/uploads\/2019\/02\/P1120150.jpg?resize=150%2C150&amp;ssl=1 150w, https:\/\/i0.wp.com\/genevieveetbernardauxameriques.fr\/wp-content\/uploads\/2019\/02\/P1120150.jpg?zoom=2&amp;resize=316%2C316&amp;ssl=1 632w\" width=\"316\" height=\"316\" loading=\"lazy\" data-original-width=\"316\" data-original-height=\"316\" itemprop=\"http:\/\/schema.org\/image\" title=\"P1120150\" alt=\"P1120150\" style=\"width: 316px; height: 316px;\" \/> <\/a> <\/div> <\/div> <\/div> <div class=\"gallery-row\" style=\"width: 640px; height: 320px;\" data-original-width=\"640\" data-original-height=\"320\" > <div class=\"gallery-group\" style=\"width: 320px; height: 320px;\" data-original-width=\"320\" data-original-height=\"320\" > <div class=\"tiled-gallery-item \" itemprop=\"associatedMedia\" itemscope itemtype=\"http:\/\/schema.org\/ImageObject\"> <a href=\"https:\/\/genevieveetbernardauxameriques.fr\/index.php\/2019\/03\/06\/baja-californie-2-de-la-paz-a-san-ignacio-avec-edwige\/p1120151\/\" border=\"0\" itemprop=\"url\"> <meta itemprop=\"width\" content=\"316\"> <meta itemprop=\"height\" content=\"316\"> <img decoding=\"async\" class=\"\" data-attachment-id=\"33249\" data-orig-file=\"https:\/\/genevieveetbernardauxameriques.fr\/wp-content\/uploads\/2019\/02\/P1120151.jpg\" data-orig-size=\"720,540\" data-comments-opened=\"1\" data-image-meta=\"{&quot;aperture&quot;:&quot;5&quot;,&quot;credit&quot;:&quot;&quot;,&quot;camera&quot;:&quot;DMC-TZ55&quot;,&quot;caption&quot;:&quot;&quot;,&quot;created_timestamp&quot;:&quot;1550772319&quot;,&quot;copyright&quot;:&quot;&quot;,&quot;focal_length&quot;:&quot;7.4&quot;,&quot;iso&quot;:&quot;100&quot;,&quot;shutter_speed&quot;:&quot;0.0015625&quot;,&quot;title&quot;:&quot;&quot;,&quot;orientation&quot;:&quot;1&quot;}\" data-image-title=\"P1120151\" data-image-description=\"\" data-medium-file=\"https:\/\/i0.wp.com\/genevieveetbernardauxameriques.fr\/wp-content\/uploads\/2019\/02\/P1120151.jpg?fit=300%2C225&#038;ssl=1\" data-large-file=\"https:\/\/i0.wp.com\/genevieveetbernardauxameriques.fr\/wp-content\/uploads\/2019\/02\/P1120151.jpg?fit=640%2C480&#038;ssl=1\" src=\"https:\/\/i0.wp.com\/genevieveetbernardauxameriques.fr\/wp-content\/uploads\/2019\/02\/P1120151.jpg?w=316&#038;h=316&#038;crop=1&#038;ssl=1\" srcset=\"https:\/\/i0.wp.com\/genevieveetbernardauxameriques.fr\/wp-content\/uploads\/2019\/02\/P1120151.jpg?resize=150%2C150&amp;ssl=1 150w, https:\/\/i0.wp.com\/genevieveetbernardauxameriques.fr\/wp-content\/uploads\/2019\/02\/P1120151.jpg?zoom=2&amp;resize=316%2C316&amp;ssl=1 632w\" width=\"316\" height=\"316\" loading=\"lazy\" data-original-width=\"316\" data-original-height=\"316\" itemprop=\"http:\/\/schema.org\/image\" title=\"P1120151\" alt=\"P1120151\" style=\"width: 316px; height: 316px;\" \/> <\/a> <\/div> <\/div> <div class=\"gallery-group\" style=\"width: 320px; height: 320px;\" data-original-width=\"320\" data-original-height=\"320\" > <div class=\"tiled-gallery-item \" itemprop=\"associatedMedia\" itemscope itemtype=\"http:\/\/schema.org\/ImageObject\"> <a href=\"https:\/\/genevieveetbernardauxameriques.fr\/index.php\/2019\/03\/06\/baja-californie-2-de-la-paz-a-san-ignacio-avec-edwige\/p1120153\/\" border=\"0\" itemprop=\"url\"> <meta itemprop=\"width\" content=\"316\"> <meta itemprop=\"height\" content=\"316\"> <img decoding=\"async\" class=\"\" data-attachment-id=\"33251\" data-orig-file=\"https:\/\/genevieveetbernardauxameriques.fr\/wp-content\/uploads\/2019\/02\/P1120153.jpg\" data-orig-size=\"720,540\" data-comments-opened=\"1\" data-image-meta=\"{&quot;aperture&quot;:&quot;4&quot;,&quot;credit&quot;:&quot;&quot;,&quot;camera&quot;:&quot;DMC-TZ55&quot;,&quot;caption&quot;:&quot;&quot;,&quot;created_timestamp&quot;:&quot;1550772714&quot;,&quot;copyright&quot;:&quot;&quot;,&quot;focal_length&quot;:&quot;4.3&quot;,&quot;iso&quot;:&quot;100&quot;,&quot;shutter_speed&quot;:&quot;0.00125&quot;,&quot;title&quot;:&quot;&quot;,&quot;orientation&quot;:&quot;1&quot;}\" data-image-title=\"P1120153\" data-image-description=\"\" data-medium-file=\"https:\/\/i0.wp.com\/genevieveetbernardauxameriques.fr\/wp-content\/uploads\/2019\/02\/P1120153.jpg?fit=300%2C225&#038;ssl=1\" data-large-file=\"https:\/\/i0.wp.com\/genevieveetbernardauxameriques.fr\/wp-content\/uploads\/2019\/02\/P1120153.jpg?fit=640%2C480&#038;ssl=1\" src=\"https:\/\/i0.wp.com\/genevieveetbernardauxameriques.fr\/wp-content\/uploads\/2019\/02\/P1120153.jpg?w=316&#038;h=316&#038;crop=1&#038;ssl=1\" srcset=\"https:\/\/i0.wp.com\/genevieveetbernardauxameriques.fr\/wp-content\/uploads\/2019\/02\/P1120153.jpg?resize=150%2C150&amp;ssl=1 150w, https:\/\/i0.wp.com\/genevieveetbernardauxameriques.fr\/wp-content\/uploads\/2019\/02\/P1120153.jpg?zoom=2&amp;resize=316%2C316&amp;ssl=1 632w\" width=\"316\" height=\"316\" loading=\"lazy\" data-original-width=\"316\" data-original-height=\"316\" itemprop=\"http:\/\/schema.org\/image\" title=\"P1120153\" alt=\"P1120153\" style=\"width: 316px; height: 316px;\" \/> <\/a> <\/div> <\/div> <\/div> <\/div>\n<p><a href=\"https:\/\/i0.wp.com\/genevieveetbernardauxameriques.fr\/wp-content\/uploads\/2019\/02\/IMG_20190221_142828.jpg?ssl=1\"><img loading=\"lazy\" decoding=\"async\" data-attachment-id=\"32973\" data-permalink=\"https:\/\/genevieveetbernardauxameriques.fr\/index.php\/2019\/03\/06\/baja-californie-2-de-la-paz-a-san-ignacio-avec-edwige\/img_20190221_142828\/\" data-orig-file=\"https:\/\/i0.wp.com\/genevieveetbernardauxameriques.fr\/wp-content\/uploads\/2019\/02\/IMG_20190221_142828.jpg?fit=540%2C720&amp;ssl=1\" data-orig-size=\"540,720\" data-comments-opened=\"1\" data-image-meta=\"{&quot;aperture&quot;:&quot;2&quot;,&quot;credit&quot;:&quot;&quot;,&quot;camera&quot;:&quot;STARXTREM 6&quot;,&quot;caption&quot;:&quot;&quot;,&quot;created_timestamp&quot;:&quot;1550759308&quot;,&quot;copyright&quot;:&quot;&quot;,&quot;focal_length&quot;:&quot;3.69&quot;,&quot;iso&quot;:&quot;100&quot;,&quot;shutter_speed&quot;:&quot;0.00084175084175084&quot;,&quot;title&quot;:&quot;&quot;,&quot;orientation&quot;:&quot;0&quot;}\" data-image-title=\"IMG_20190221_142828\" data-image-description=\"\" data-image-caption=\"\" data-medium-file=\"https:\/\/i0.wp.com\/genevieveetbernardauxameriques.fr\/wp-content\/uploads\/2019\/02\/IMG_20190221_142828.jpg?fit=225%2C300&amp;ssl=1\" data-large-file=\"https:\/\/i0.wp.com\/genevieveetbernardauxameriques.fr\/wp-content\/uploads\/2019\/02\/IMG_20190221_142828.jpg?fit=540%2C720&amp;ssl=1\" class=\"alignnone wp-image-32973\" src=\"https:\/\/i0.wp.com\/genevieveetbernardauxameriques.fr\/wp-content\/uploads\/2019\/02\/IMG_20190221_142828.jpg?resize=320%2C427&#038;ssl=1\" alt=\"\" width=\"320\" height=\"427\" srcset=\"https:\/\/i0.wp.com\/genevieveetbernardauxameriques.fr\/wp-content\/uploads\/2019\/02\/IMG_20190221_142828.jpg?w=540&amp;ssl=1 540w, https:\/\/i0.wp.com\/genevieveetbernardauxameriques.fr\/wp-content\/uploads\/2019\/02\/IMG_20190221_142828.jpg?resize=225%2C300&amp;ssl=1 225w\" sizes=\"(max-width: 320px) 100vw, 320px\" data-recalc-dims=\"1\" \/><\/a> <a href=\"https:\/\/i0.wp.com\/genevieveetbernardauxameriques.fr\/wp-content\/uploads\/2019\/02\/IMG_20190221_142921.jpg?ssl=1\"><img loading=\"lazy\" decoding=\"async\" data-attachment-id=\"32974\" data-permalink=\"https:\/\/genevieveetbernardauxameriques.fr\/index.php\/2019\/03\/06\/baja-californie-2-de-la-paz-a-san-ignacio-avec-edwige\/img_20190221_142921\/\" data-orig-file=\"https:\/\/i0.wp.com\/genevieveetbernardauxameriques.fr\/wp-content\/uploads\/2019\/02\/IMG_20190221_142921.jpg?fit=540%2C720&amp;ssl=1\" data-orig-size=\"540,720\" data-comments-opened=\"1\" data-image-meta=\"{&quot;aperture&quot;:&quot;2&quot;,&quot;credit&quot;:&quot;&quot;,&quot;camera&quot;:&quot;STARXTREM 6&quot;,&quot;caption&quot;:&quot;&quot;,&quot;created_timestamp&quot;:&quot;1550759361&quot;,&quot;copyright&quot;:&quot;&quot;,&quot;focal_length&quot;:&quot;3.69&quot;,&quot;iso&quot;:&quot;100&quot;,&quot;shutter_speed&quot;:&quot;0.0015174506828528&quot;,&quot;title&quot;:&quot;&quot;,&quot;orientation&quot;:&quot;0&quot;}\" data-image-title=\"IMG_20190221_142921\" data-image-description=\"\" data-image-caption=\"\" data-medium-file=\"https:\/\/i0.wp.com\/genevieveetbernardauxameriques.fr\/wp-content\/uploads\/2019\/02\/IMG_20190221_142921.jpg?fit=225%2C300&amp;ssl=1\" data-large-file=\"https:\/\/i0.wp.com\/genevieveetbernardauxameriques.fr\/wp-content\/uploads\/2019\/02\/IMG_20190221_142921.jpg?fit=540%2C720&amp;ssl=1\" class=\"alignnone wp-image-32974\" src=\"https:\/\/i0.wp.com\/genevieveetbernardauxameriques.fr\/wp-content\/uploads\/2019\/02\/IMG_20190221_142921.jpg?resize=320%2C427&#038;ssl=1\" alt=\"\" width=\"320\" height=\"427\" srcset=\"https:\/\/i0.wp.com\/genevieveetbernardauxameriques.fr\/wp-content\/uploads\/2019\/02\/IMG_20190221_142921.jpg?w=540&amp;ssl=1 540w, https:\/\/i0.wp.com\/genevieveetbernardauxameriques.fr\/wp-content\/uploads\/2019\/02\/IMG_20190221_142921.jpg?resize=225%2C300&amp;ssl=1 225w\" sizes=\"(max-width: 320px) 100vw, 320px\" data-recalc-dims=\"1\" \/><\/a> <a href=\"https:\/\/i0.wp.com\/genevieveetbernardauxameriques.fr\/wp-content\/uploads\/2019\/02\/IMG_20190221_142948.jpg?ssl=1\"><img loading=\"lazy\" decoding=\"async\" data-attachment-id=\"32975\" data-permalink=\"https:\/\/genevieveetbernardauxameriques.fr\/index.php\/2019\/03\/06\/baja-californie-2-de-la-paz-a-san-ignacio-avec-edwige\/img_20190221_142948\/\" data-orig-file=\"https:\/\/i0.wp.com\/genevieveetbernardauxameriques.fr\/wp-content\/uploads\/2019\/02\/IMG_20190221_142948.jpg?fit=540%2C720&amp;ssl=1\" data-orig-size=\"540,720\" data-comments-opened=\"1\" data-image-meta=\"{&quot;aperture&quot;:&quot;2&quot;,&quot;credit&quot;:&quot;&quot;,&quot;camera&quot;:&quot;STARXTREM 6&quot;,&quot;caption&quot;:&quot;&quot;,&quot;created_timestamp&quot;:&quot;1550759388&quot;,&quot;copyright&quot;:&quot;&quot;,&quot;focal_length&quot;:&quot;3.69&quot;,&quot;iso&quot;:&quot;100&quot;,&quot;shutter_speed&quot;:&quot;0.001432664756447&quot;,&quot;title&quot;:&quot;&quot;,&quot;orientation&quot;:&quot;0&quot;}\" data-image-title=\"IMG_20190221_142948\" data-image-description=\"\" data-image-caption=\"\" data-medium-file=\"https:\/\/i0.wp.com\/genevieveetbernardauxameriques.fr\/wp-content\/uploads\/2019\/02\/IMG_20190221_142948.jpg?fit=225%2C300&amp;ssl=1\" data-large-file=\"https:\/\/i0.wp.com\/genevieveetbernardauxameriques.fr\/wp-content\/uploads\/2019\/02\/IMG_20190221_142948.jpg?fit=540%2C720&amp;ssl=1\" class=\"alignnone wp-image-32975\" src=\"https:\/\/i0.wp.com\/genevieveetbernardauxameriques.fr\/wp-content\/uploads\/2019\/02\/IMG_20190221_142948.jpg?resize=322%2C429&#038;ssl=1\" alt=\"\" width=\"322\" height=\"429\" srcset=\"https:\/\/i0.wp.com\/genevieveetbernardauxameriques.fr\/wp-content\/uploads\/2019\/02\/IMG_20190221_142948.jpg?w=540&amp;ssl=1 540w, https:\/\/i0.wp.com\/genevieveetbernardauxameriques.fr\/wp-content\/uploads\/2019\/02\/IMG_20190221_142948.jpg?resize=225%2C300&amp;ssl=1 225w\" sizes=\"(max-width: 322px) 100vw, 322px\" data-recalc-dims=\"1\" \/><\/a><\/p>\n<p>Nous reprenons tranquillement le bus, puis un taxi qui va nous emmener au restaurant dans le centre de Mexico \u00e0 la Chusqueria Br\u00e9silienne, la m\u00eame o\u00f9 j&rsquo;\u00e9tais all\u00e9 avec Evelyne.<\/p>\n<p><a href=\"https:\/\/i0.wp.com\/genevieveetbernardauxameriques.fr\/wp-content\/uploads\/2019\/02\/IMG_20190221_200701.jpg?ssl=1\"><img loading=\"lazy\" decoding=\"async\" data-attachment-id=\"32976\" data-permalink=\"https:\/\/genevieveetbernardauxameriques.fr\/index.php\/2019\/03\/06\/baja-californie-2-de-la-paz-a-san-ignacio-avec-edwige\/img_20190221_200701\/\" data-orig-file=\"https:\/\/i0.wp.com\/genevieveetbernardauxameriques.fr\/wp-content\/uploads\/2019\/02\/IMG_20190221_200701.jpg?fit=720%2C540&amp;ssl=1\" data-orig-size=\"720,540\" data-comments-opened=\"1\" data-image-meta=\"{&quot;aperture&quot;:&quot;2&quot;,&quot;credit&quot;:&quot;&quot;,&quot;camera&quot;:&quot;STARXTREM 6&quot;,&quot;caption&quot;:&quot;&quot;,&quot;created_timestamp&quot;:&quot;1550779621&quot;,&quot;copyright&quot;:&quot;&quot;,&quot;focal_length&quot;:&quot;3.69&quot;,&quot;iso&quot;:&quot;739&quot;,&quot;shutter_speed&quot;:&quot;0.071428571428571&quot;,&quot;title&quot;:&quot;&quot;,&quot;orientation&quot;:&quot;0&quot;}\" data-image-title=\"IMG_20190221_200701\" data-image-description=\"\" data-image-caption=\"\" data-medium-file=\"https:\/\/i0.wp.com\/genevieveetbernardauxameriques.fr\/wp-content\/uploads\/2019\/02\/IMG_20190221_200701.jpg?fit=300%2C225&amp;ssl=1\" data-large-file=\"https:\/\/i0.wp.com\/genevieveetbernardauxameriques.fr\/wp-content\/uploads\/2019\/02\/IMG_20190221_200701.jpg?fit=640%2C480&amp;ssl=1\" class=\"alignnone size-full wp-image-32976\" src=\"https:\/\/i0.wp.com\/genevieveetbernardauxameriques.fr\/wp-content\/uploads\/2019\/02\/IMG_20190221_200701.jpg?resize=640%2C480&#038;ssl=1\" alt=\"\" width=\"640\" height=\"480\" srcset=\"https:\/\/i0.wp.com\/genevieveetbernardauxameriques.fr\/wp-content\/uploads\/2019\/02\/IMG_20190221_200701.jpg?w=720&amp;ssl=1 720w, https:\/\/i0.wp.com\/genevieveetbernardauxameriques.fr\/wp-content\/uploads\/2019\/02\/IMG_20190221_200701.jpg?resize=300%2C225&amp;ssl=1 300w\" sizes=\"(max-width: 640px) 100vw, 640px\" data-recalc-dims=\"1\" \/><\/a><\/p>\n<p>Le lendemain, nous visitons le centre historique de MEXICO, \u00e0 pied.<\/p>\n<p>Le Zocalo<\/p>\n<div class=\"tiled-gallery type-rectangular tiled-gallery-unresized\" data-original-width=\"640\" data-carousel-extra='{&quot;blog_id&quot;:1,&quot;permalink&quot;:&quot;https:\\\/\\\/genevieveetbernardauxameriques.fr\\\/index.php\\\/2019\\\/03\\\/06\\\/baja-californie-2-de-la-paz-a-san-ignacio-avec-edwige\\\/&quot;,&quot;likes_blog_id&quot;:107627276}' itemscope itemtype=\"http:\/\/schema.org\/ImageGallery\" > <div class=\"gallery-row\" style=\"width: 640px; height: 673px;\" data-original-width=\"640\" data-original-height=\"673\" > <div class=\"gallery-group images-5\" style=\"width: 155px; height: 673px;\" data-original-width=\"155\" data-original-height=\"673\" > <div class=\"tiled-gallery-item tiled-gallery-item-small\" itemprop=\"associatedMedia\" itemscope itemtype=\"http:\/\/schema.org\/ImageObject\"> <a href=\"https:\/\/genevieveetbernardauxameriques.fr\/index.php\/2019\/03\/06\/baja-californie-2-de-la-paz-a-san-ignacio-avec-edwige\/p1120155-2\/\" border=\"0\" itemprop=\"url\"> <meta itemprop=\"width\" content=\"151\"> <meta itemprop=\"height\" content=\"113\"> <img decoding=\"async\" class=\"\" data-attachment-id=\"33252\" data-orig-file=\"https:\/\/genevieveetbernardauxameriques.fr\/wp-content\/uploads\/2019\/02\/P1120155.jpg\" data-orig-size=\"720,540\" data-comments-opened=\"1\" data-image-meta=\"{&quot;aperture&quot;:&quot;5&quot;,&quot;credit&quot;:&quot;&quot;,&quot;camera&quot;:&quot;DMC-TZ55&quot;,&quot;caption&quot;:&quot;&quot;,&quot;created_timestamp&quot;:&quot;1550835883&quot;,&quot;copyright&quot;:&quot;&quot;,&quot;focal_length&quot;:&quot;7.9&quot;,&quot;iso&quot;:&quot;100&quot;,&quot;shutter_speed&quot;:&quot;0.003125&quot;,&quot;title&quot;:&quot;&quot;,&quot;orientation&quot;:&quot;1&quot;}\" data-image-title=\"P1120155\" data-image-description=\"\" data-medium-file=\"https:\/\/i0.wp.com\/genevieveetbernardauxameriques.fr\/wp-content\/uploads\/2019\/02\/P1120155.jpg?fit=300%2C225&#038;ssl=1\" data-large-file=\"https:\/\/i0.wp.com\/genevieveetbernardauxameriques.fr\/wp-content\/uploads\/2019\/02\/P1120155.jpg?fit=640%2C480&#038;ssl=1\" src=\"https:\/\/i0.wp.com\/genevieveetbernardauxameriques.fr\/wp-content\/uploads\/2019\/02\/P1120155.jpg?w=151&#038;h=113&#038;ssl=1\" srcset=\"https:\/\/i0.wp.com\/genevieveetbernardauxameriques.fr\/wp-content\/uploads\/2019\/02\/P1120155.jpg?w=720&amp;ssl=1 720w, https:\/\/i0.wp.com\/genevieveetbernardauxameriques.fr\/wp-content\/uploads\/2019\/02\/P1120155.jpg?resize=300%2C225&amp;ssl=1 300w\" width=\"151\" height=\"113\" loading=\"lazy\" data-original-width=\"151\" data-original-height=\"113\" itemprop=\"http:\/\/schema.org\/image\" title=\"P1120155\" alt=\"P1120155\" style=\"width: 151px; height: 113px;\" \/> <\/a> <\/div> <div class=\"tiled-gallery-item tiled-gallery-item-small\" itemprop=\"associatedMedia\" itemscope itemtype=\"http:\/\/schema.org\/ImageObject\"> <a href=\"https:\/\/genevieveetbernardauxameriques.fr\/index.php\/2019\/03\/06\/baja-californie-2-de-la-paz-a-san-ignacio-avec-edwige\/p1120158\/\" border=\"0\" itemprop=\"url\"> <meta itemprop=\"width\" content=\"151\"> <meta itemprop=\"height\" content=\"113\"> <img decoding=\"async\" class=\"\" data-attachment-id=\"33253\" data-orig-file=\"https:\/\/genevieveetbernardauxameriques.fr\/wp-content\/uploads\/2019\/02\/P1120158.jpg\" data-orig-size=\"720,540\" data-comments-opened=\"1\" data-image-meta=\"{&quot;aperture&quot;:&quot;4&quot;,&quot;credit&quot;:&quot;&quot;,&quot;camera&quot;:&quot;DMC-TZ55&quot;,&quot;caption&quot;:&quot;&quot;,&quot;created_timestamp&quot;:&quot;1550836130&quot;,&quot;copyright&quot;:&quot;&quot;,&quot;focal_length&quot;:&quot;4.3&quot;,&quot;iso&quot;:&quot;100&quot;,&quot;shutter_speed&quot;:&quot;0.00625&quot;,&quot;title&quot;:&quot;&quot;,&quot;orientation&quot;:&quot;1&quot;}\" data-image-title=\"P1120158\" data-image-description=\"\" data-medium-file=\"https:\/\/i0.wp.com\/genevieveetbernardauxameriques.fr\/wp-content\/uploads\/2019\/02\/P1120158.jpg?fit=300%2C225&#038;ssl=1\" data-large-file=\"https:\/\/i0.wp.com\/genevieveetbernardauxameriques.fr\/wp-content\/uploads\/2019\/02\/P1120158.jpg?fit=640%2C480&#038;ssl=1\" src=\"https:\/\/i0.wp.com\/genevieveetbernardauxameriques.fr\/wp-content\/uploads\/2019\/02\/P1120158.jpg?w=151&#038;h=113&#038;ssl=1\" srcset=\"https:\/\/i0.wp.com\/genevieveetbernardauxameriques.fr\/wp-content\/uploads\/2019\/02\/P1120158.jpg?w=720&amp;ssl=1 720w, https:\/\/i0.wp.com\/genevieveetbernardauxameriques.fr\/wp-content\/uploads\/2019\/02\/P1120158.jpg?resize=300%2C225&amp;ssl=1 300w\" width=\"151\" height=\"113\" loading=\"lazy\" data-original-width=\"151\" data-original-height=\"113\" itemprop=\"http:\/\/schema.org\/image\" title=\"P1120158\" alt=\"P1120158\" style=\"width: 151px; height: 113px;\" \/> <\/a> <\/div> <div class=\"tiled-gallery-item tiled-gallery-item-small\" itemprop=\"associatedMedia\" itemscope itemtype=\"http:\/\/schema.org\/ImageObject\"> <a href=\"https:\/\/genevieveetbernardauxameriques.fr\/index.php\/2019\/03\/06\/baja-californie-2-de-la-paz-a-san-ignacio-avec-edwige\/p1120159\/\" border=\"0\" itemprop=\"url\"> <meta itemprop=\"width\" content=\"151\"> <meta itemprop=\"height\" content=\"113\"> <img decoding=\"async\" class=\"\" data-attachment-id=\"33254\" data-orig-file=\"https:\/\/genevieveetbernardauxameriques.fr\/wp-content\/uploads\/2019\/02\/P1120159.jpg\" data-orig-size=\"720,540\" data-comments-opened=\"1\" data-image-meta=\"{&quot;aperture&quot;:&quot;4&quot;,&quot;credit&quot;:&quot;&quot;,&quot;camera&quot;:&quot;DMC-TZ55&quot;,&quot;caption&quot;:&quot;&quot;,&quot;created_timestamp&quot;:&quot;1550838255&quot;,&quot;copyright&quot;:&quot;&quot;,&quot;focal_length&quot;:&quot;4.3&quot;,&quot;iso&quot;:&quot;100&quot;,&quot;shutter_speed&quot;:&quot;0.001&quot;,&quot;title&quot;:&quot;&quot;,&quot;orientation&quot;:&quot;1&quot;}\" data-image-title=\"P1120159\" data-image-description=\"\" data-medium-file=\"https:\/\/i0.wp.com\/genevieveetbernardauxameriques.fr\/wp-content\/uploads\/2019\/02\/P1120159.jpg?fit=300%2C225&#038;ssl=1\" data-large-file=\"https:\/\/i0.wp.com\/genevieveetbernardauxameriques.fr\/wp-content\/uploads\/2019\/02\/P1120159.jpg?fit=640%2C480&#038;ssl=1\" src=\"https:\/\/i0.wp.com\/genevieveetbernardauxameriques.fr\/wp-content\/uploads\/2019\/02\/P1120159.jpg?w=151&#038;h=113&#038;ssl=1\" srcset=\"https:\/\/i0.wp.com\/genevieveetbernardauxameriques.fr\/wp-content\/uploads\/2019\/02\/P1120159.jpg?w=720&amp;ssl=1 720w, https:\/\/i0.wp.com\/genevieveetbernardauxameriques.fr\/wp-content\/uploads\/2019\/02\/P1120159.jpg?resize=300%2C225&amp;ssl=1 300w\" width=\"151\" height=\"113\" loading=\"lazy\" data-original-width=\"151\" data-original-height=\"113\" itemprop=\"http:\/\/schema.org\/image\" title=\"P1120159\" alt=\"P1120159\" style=\"width: 151px; height: 113px;\" \/> <\/a> <\/div> <div class=\"tiled-gallery-item tiled-gallery-item-small\" itemprop=\"associatedMedia\" itemscope itemtype=\"http:\/\/schema.org\/ImageObject\"> <a href=\"https:\/\/genevieveetbernardauxameriques.fr\/index.php\/2019\/03\/06\/baja-californie-2-de-la-paz-a-san-ignacio-avec-edwige\/p1120160\/\" border=\"0\" itemprop=\"url\"> <meta itemprop=\"width\" content=\"151\"> <meta itemprop=\"height\" content=\"201\"> <img decoding=\"async\" class=\"\" data-attachment-id=\"33255\" data-orig-file=\"https:\/\/genevieveetbernardauxameriques.fr\/wp-content\/uploads\/2019\/02\/P1120160.jpg\" data-orig-size=\"540,720\" data-comments-opened=\"1\" data-image-meta=\"{&quot;aperture&quot;:&quot;4&quot;,&quot;credit&quot;:&quot;&quot;,&quot;camera&quot;:&quot;DMC-TZ55&quot;,&quot;caption&quot;:&quot;&quot;,&quot;created_timestamp&quot;:&quot;1550838277&quot;,&quot;copyright&quot;:&quot;&quot;,&quot;focal_length&quot;:&quot;4.3&quot;,&quot;iso&quot;:&quot;100&quot;,&quot;shutter_speed&quot;:&quot;0.0008&quot;,&quot;title&quot;:&quot;&quot;,&quot;orientation&quot;:&quot;1&quot;}\" data-image-title=\"P1120160\" data-image-description=\"\" data-medium-file=\"https:\/\/i0.wp.com\/genevieveetbernardauxameriques.fr\/wp-content\/uploads\/2019\/02\/P1120160.jpg?fit=225%2C300&#038;ssl=1\" data-large-file=\"https:\/\/i0.wp.com\/genevieveetbernardauxameriques.fr\/wp-content\/uploads\/2019\/02\/P1120160.jpg?fit=540%2C720&#038;ssl=1\" src=\"https:\/\/i0.wp.com\/genevieveetbernardauxameriques.fr\/wp-content\/uploads\/2019\/02\/P1120160.jpg?w=151&#038;h=201&#038;ssl=1\" srcset=\"https:\/\/i0.wp.com\/genevieveetbernardauxameriques.fr\/wp-content\/uploads\/2019\/02\/P1120160.jpg?w=540&amp;ssl=1 540w, https:\/\/i0.wp.com\/genevieveetbernardauxameriques.fr\/wp-content\/uploads\/2019\/02\/P1120160.jpg?resize=225%2C300&amp;ssl=1 225w\" width=\"151\" height=\"201\" loading=\"lazy\" data-original-width=\"151\" data-original-height=\"201\" itemprop=\"http:\/\/schema.org\/image\" title=\"P1120160\" alt=\"P1120160\" style=\"width: 151px; height: 201px;\" \/> <\/a> <\/div> <div class=\"tiled-gallery-item tiled-gallery-item-small\" itemprop=\"associatedMedia\" itemscope itemtype=\"http:\/\/schema.org\/ImageObject\"> <a href=\"https:\/\/genevieveetbernardauxameriques.fr\/index.php\/2019\/03\/06\/baja-californie-2-de-la-paz-a-san-ignacio-avec-edwige\/p1120165-2\/\" border=\"0\" itemprop=\"url\"> <meta itemprop=\"width\" content=\"151\"> <meta itemprop=\"height\" content=\"113\"> <img decoding=\"async\" class=\"\" data-attachment-id=\"33257\" data-orig-file=\"https:\/\/genevieveetbernardauxameriques.fr\/wp-content\/uploads\/2019\/02\/P1120165.jpg\" data-orig-size=\"720,540\" data-comments-opened=\"1\" data-image-meta=\"{&quot;aperture&quot;:&quot;5.6&quot;,&quot;credit&quot;:&quot;&quot;,&quot;camera&quot;:&quot;DMC-TZ55&quot;,&quot;caption&quot;:&quot;&quot;,&quot;created_timestamp&quot;:&quot;1550840122&quot;,&quot;copyright&quot;:&quot;&quot;,&quot;focal_length&quot;:&quot;13.3&quot;,&quot;iso&quot;:&quot;100&quot;,&quot;shutter_speed&quot;:&quot;0.008&quot;,&quot;title&quot;:&quot;&quot;,&quot;orientation&quot;:&quot;1&quot;}\" data-image-title=\"P1120165\" data-image-description=\"\" data-medium-file=\"https:\/\/i0.wp.com\/genevieveetbernardauxameriques.fr\/wp-content\/uploads\/2019\/02\/P1120165.jpg?fit=300%2C225&#038;ssl=1\" data-large-file=\"https:\/\/i0.wp.com\/genevieveetbernardauxameriques.fr\/wp-content\/uploads\/2019\/02\/P1120165.jpg?fit=640%2C480&#038;ssl=1\" src=\"https:\/\/i0.wp.com\/genevieveetbernardauxameriques.fr\/wp-content\/uploads\/2019\/02\/P1120165.jpg?w=151&#038;h=113&#038;ssl=1\" srcset=\"https:\/\/i0.wp.com\/genevieveetbernardauxameriques.fr\/wp-content\/uploads\/2019\/02\/P1120165.jpg?w=720&amp;ssl=1 720w, https:\/\/i0.wp.com\/genevieveetbernardauxameriques.fr\/wp-content\/uploads\/2019\/02\/P1120165.jpg?resize=300%2C225&amp;ssl=1 300w\" width=\"151\" height=\"113\" loading=\"lazy\" data-original-width=\"151\" data-original-height=\"113\" itemprop=\"http:\/\/schema.org\/image\" title=\"P1120165\" alt=\"P1120165\" style=\"width: 151px; height: 113px;\" \/> <\/a> <\/div> <\/div> <!-- close group --> <div class=\"gallery-group images-3\" style=\"width: 298px; height: 673px;\" data-original-width=\"298\" data-original-height=\"673\" > <div class=\"tiled-gallery-item tiled-gallery-item-large\" itemprop=\"associatedMedia\" itemscope itemtype=\"http:\/\/schema.org\/ImageObject\"> <a href=\"https:\/\/genevieveetbernardauxameriques.fr\/index.php\/2019\/03\/06\/baja-californie-2-de-la-paz-a-san-ignacio-avec-edwige\/p1120167\/\" border=\"0\" itemprop=\"url\"> <meta itemprop=\"width\" content=\"294\"> <meta itemprop=\"height\" content=\"221\"> <img decoding=\"async\" class=\"\" data-attachment-id=\"33258\" data-orig-file=\"https:\/\/genevieveetbernardauxameriques.fr\/wp-content\/uploads\/2019\/02\/P1120167.jpg\" data-orig-size=\"720,540\" data-comments-opened=\"1\" data-image-meta=\"{&quot;aperture&quot;:&quot;4&quot;,&quot;credit&quot;:&quot;&quot;,&quot;camera&quot;:&quot;DMC-TZ55&quot;,&quot;caption&quot;:&quot;&quot;,&quot;created_timestamp&quot;:&quot;1550840424&quot;,&quot;copyright&quot;:&quot;&quot;,&quot;focal_length&quot;:&quot;4.3&quot;,&quot;iso&quot;:&quot;100&quot;,&quot;shutter_speed&quot;:&quot;0.0025&quot;,&quot;title&quot;:&quot;&quot;,&quot;orientation&quot;:&quot;1&quot;}\" data-image-title=\"P1120167\" data-image-description=\"\" data-medium-file=\"https:\/\/i0.wp.com\/genevieveetbernardauxameriques.fr\/wp-content\/uploads\/2019\/02\/P1120167.jpg?fit=300%2C225&#038;ssl=1\" data-large-file=\"https:\/\/i0.wp.com\/genevieveetbernardauxameriques.fr\/wp-content\/uploads\/2019\/02\/P1120167.jpg?fit=640%2C480&#038;ssl=1\" src=\"https:\/\/i0.wp.com\/genevieveetbernardauxameriques.fr\/wp-content\/uploads\/2019\/02\/P1120167.jpg?w=294&#038;h=221&#038;ssl=1\" srcset=\"https:\/\/i0.wp.com\/genevieveetbernardauxameriques.fr\/wp-content\/uploads\/2019\/02\/P1120167.jpg?w=720&amp;ssl=1 720w, https:\/\/i0.wp.com\/genevieveetbernardauxameriques.fr\/wp-content\/uploads\/2019\/02\/P1120167.jpg?resize=300%2C225&amp;ssl=1 300w\" width=\"294\" height=\"221\" loading=\"lazy\" data-original-width=\"294\" data-original-height=\"221\" itemprop=\"http:\/\/schema.org\/image\" title=\"P1120167\" alt=\"P1120167\" style=\"width: 294px; height: 221px;\" \/> <\/a> <\/div> <div class=\"tiled-gallery-item tiled-gallery-item-large\" itemprop=\"associatedMedia\" itemscope itemtype=\"http:\/\/schema.org\/ImageObject\"> <a href=\"https:\/\/genevieveetbernardauxameriques.fr\/index.php\/2019\/03\/06\/baja-californie-2-de-la-paz-a-san-ignacio-avec-edwige\/p1120169-2\/\" border=\"0\" itemprop=\"url\"> <meta itemprop=\"width\" content=\"294\"> <meta itemprop=\"height\" content=\"220\"> <img decoding=\"async\" class=\"\" data-attachment-id=\"33259\" data-orig-file=\"https:\/\/genevieveetbernardauxameriques.fr\/wp-content\/uploads\/2019\/02\/P1120169.jpg\" data-orig-size=\"720,540\" data-comments-opened=\"1\" data-image-meta=\"{&quot;aperture&quot;:&quot;5.6&quot;,&quot;credit&quot;:&quot;&quot;,&quot;camera&quot;:&quot;DMC-TZ55&quot;,&quot;caption&quot;:&quot;&quot;,&quot;created_timestamp&quot;:&quot;1550840431&quot;,&quot;copyright&quot;:&quot;&quot;,&quot;focal_length&quot;:&quot;9.7&quot;,&quot;iso&quot;:&quot;100&quot;,&quot;shutter_speed&quot;:&quot;0.008&quot;,&quot;title&quot;:&quot;&quot;,&quot;orientation&quot;:&quot;1&quot;}\" data-image-title=\"P1120169\" data-image-description=\"\" data-medium-file=\"https:\/\/i0.wp.com\/genevieveetbernardauxameriques.fr\/wp-content\/uploads\/2019\/02\/P1120169.jpg?fit=300%2C225&#038;ssl=1\" data-large-file=\"https:\/\/i0.wp.com\/genevieveetbernardauxameriques.fr\/wp-content\/uploads\/2019\/02\/P1120169.jpg?fit=640%2C480&#038;ssl=1\" src=\"https:\/\/i0.wp.com\/genevieveetbernardauxameriques.fr\/wp-content\/uploads\/2019\/02\/P1120169.jpg?w=294&#038;h=220&#038;ssl=1\" srcset=\"https:\/\/i0.wp.com\/genevieveetbernardauxameriques.fr\/wp-content\/uploads\/2019\/02\/P1120169.jpg?w=720&amp;ssl=1 720w, https:\/\/i0.wp.com\/genevieveetbernardauxameriques.fr\/wp-content\/uploads\/2019\/02\/P1120169.jpg?resize=300%2C225&amp;ssl=1 300w\" width=\"294\" height=\"220\" loading=\"lazy\" data-original-width=\"294\" data-original-height=\"220\" itemprop=\"http:\/\/schema.org\/image\" title=\"P1120169\" alt=\"P1120169\" style=\"width: 294px; height: 220px;\" \/> <\/a> <\/div> <div class=\"tiled-gallery-item tiled-gallery-item-large\" itemprop=\"associatedMedia\" itemscope itemtype=\"http:\/\/schema.org\/ImageObject\"> <a href=\"https:\/\/genevieveetbernardauxameriques.fr\/index.php\/2019\/03\/06\/baja-californie-2-de-la-paz-a-san-ignacio-avec-edwige\/p1120170-2\/\" border=\"0\" itemprop=\"url\"> <meta itemprop=\"width\" content=\"294\"> <meta itemprop=\"height\" content=\"220\"> <img decoding=\"async\" class=\"\" data-attachment-id=\"33260\" data-orig-file=\"https:\/\/genevieveetbernardauxameriques.fr\/wp-content\/uploads\/2019\/02\/P1120170.jpg\" data-orig-size=\"720,540\" data-comments-opened=\"1\" data-image-meta=\"{&quot;aperture&quot;:&quot;4&quot;,&quot;credit&quot;:&quot;&quot;,&quot;camera&quot;:&quot;DMC-TZ55&quot;,&quot;caption&quot;:&quot;&quot;,&quot;created_timestamp&quot;:&quot;1550840538&quot;,&quot;copyright&quot;:&quot;&quot;,&quot;focal_length&quot;:&quot;4.3&quot;,&quot;iso&quot;:&quot;100&quot;,&quot;shutter_speed&quot;:&quot;0.003125&quot;,&quot;title&quot;:&quot;&quot;,&quot;orientation&quot;:&quot;1&quot;}\" data-image-title=\"P1120170\" data-image-description=\"\" data-medium-file=\"https:\/\/i0.wp.com\/genevieveetbernardauxameriques.fr\/wp-content\/uploads\/2019\/02\/P1120170.jpg?fit=300%2C225&#038;ssl=1\" data-large-file=\"https:\/\/i0.wp.com\/genevieveetbernardauxameriques.fr\/wp-content\/uploads\/2019\/02\/P1120170.jpg?fit=640%2C480&#038;ssl=1\" src=\"https:\/\/i0.wp.com\/genevieveetbernardauxameriques.fr\/wp-content\/uploads\/2019\/02\/P1120170.jpg?w=294&#038;h=220&#038;ssl=1\" srcset=\"https:\/\/i0.wp.com\/genevieveetbernardauxameriques.fr\/wp-content\/uploads\/2019\/02\/P1120170.jpg?w=720&amp;ssl=1 720w, https:\/\/i0.wp.com\/genevieveetbernardauxameriques.fr\/wp-content\/uploads\/2019\/02\/P1120170.jpg?resize=300%2C225&amp;ssl=1 300w\" width=\"294\" height=\"220\" loading=\"lazy\" data-original-width=\"294\" data-original-height=\"220\" itemprop=\"http:\/\/schema.org\/image\" title=\"P1120170\" alt=\"P1120170\" style=\"width: 294px; height: 220px;\" \/> <\/a> <\/div> <\/div> <!-- close group --> <div class=\"gallery-group images-4\" style=\"width: 187px; height: 673px;\" data-original-width=\"187\" data-original-height=\"673\" > <div class=\"tiled-gallery-item tiled-gallery-item-small\" itemprop=\"associatedMedia\" itemscope itemtype=\"http:\/\/schema.org\/ImageObject\"> <a href=\"https:\/\/genevieveetbernardauxameriques.fr\/index.php\/2019\/03\/06\/baja-californie-2-de-la-paz-a-san-ignacio-avec-edwige\/p1120171\/\" border=\"0\" itemprop=\"url\"> <meta itemprop=\"width\" content=\"183\"> <meta itemprop=\"height\" content=\"138\"> <img decoding=\"async\" class=\"\" data-attachment-id=\"33261\" data-orig-file=\"https:\/\/genevieveetbernardauxameriques.fr\/wp-content\/uploads\/2019\/02\/P1120171.jpg\" data-orig-size=\"720,540\" data-comments-opened=\"1\" data-image-meta=\"{&quot;aperture&quot;:&quot;4&quot;,&quot;credit&quot;:&quot;&quot;,&quot;camera&quot;:&quot;DMC-TZ55&quot;,&quot;caption&quot;:&quot;&quot;,&quot;created_timestamp&quot;:&quot;1550840798&quot;,&quot;copyright&quot;:&quot;&quot;,&quot;focal_length&quot;:&quot;4.3&quot;,&quot;iso&quot;:&quot;100&quot;,&quot;shutter_speed&quot;:&quot;0.0015625&quot;,&quot;title&quot;:&quot;&quot;,&quot;orientation&quot;:&quot;1&quot;}\" data-image-title=\"P1120171\" data-image-description=\"\" data-medium-file=\"https:\/\/i0.wp.com\/genevieveetbernardauxameriques.fr\/wp-content\/uploads\/2019\/02\/P1120171.jpg?fit=300%2C225&#038;ssl=1\" data-large-file=\"https:\/\/i0.wp.com\/genevieveetbernardauxameriques.fr\/wp-content\/uploads\/2019\/02\/P1120171.jpg?fit=640%2C480&#038;ssl=1\" src=\"https:\/\/i0.wp.com\/genevieveetbernardauxameriques.fr\/wp-content\/uploads\/2019\/02\/P1120171.jpg?w=183&#038;h=138&#038;ssl=1\" srcset=\"https:\/\/i0.wp.com\/genevieveetbernardauxameriques.fr\/wp-content\/uploads\/2019\/02\/P1120171.jpg?w=720&amp;ssl=1 720w, https:\/\/i0.wp.com\/genevieveetbernardauxameriques.fr\/wp-content\/uploads\/2019\/02\/P1120171.jpg?resize=300%2C225&amp;ssl=1 300w\" width=\"183\" height=\"138\" loading=\"lazy\" data-original-width=\"183\" data-original-height=\"138\" itemprop=\"http:\/\/schema.org\/image\" title=\"P1120171\" alt=\"P1120171\" style=\"width: 183px; height: 138px;\" \/> <\/a> <\/div> <div class=\"tiled-gallery-item tiled-gallery-item-small\" itemprop=\"associatedMedia\" itemscope itemtype=\"http:\/\/schema.org\/ImageObject\"> <a href=\"https:\/\/genevieveetbernardauxameriques.fr\/index.php\/2019\/03\/06\/baja-californie-2-de-la-paz-a-san-ignacio-avec-edwige\/p1120172-2\/\" border=\"0\" itemprop=\"url\"> <meta itemprop=\"width\" content=\"183\"> <meta itemprop=\"height\" content=\"138\"> <img decoding=\"async\" class=\"\" data-attachment-id=\"33262\" data-orig-file=\"https:\/\/genevieveetbernardauxameriques.fr\/wp-content\/uploads\/2019\/02\/P1120172.jpg\" data-orig-size=\"720,540\" data-comments-opened=\"1\" data-image-meta=\"{&quot;aperture&quot;:&quot;6.3&quot;,&quot;credit&quot;:&quot;&quot;,&quot;camera&quot;:&quot;DMC-TZ55&quot;,&quot;caption&quot;:&quot;&quot;,&quot;created_timestamp&quot;:&quot;1550841285&quot;,&quot;copyright&quot;:&quot;&quot;,&quot;focal_length&quot;:&quot;33.3&quot;,&quot;iso&quot;:&quot;100&quot;,&quot;shutter_speed&quot;:&quot;0.004&quot;,&quot;title&quot;:&quot;&quot;,&quot;orientation&quot;:&quot;1&quot;}\" data-image-title=\"P1120172\" data-image-description=\"\" data-medium-file=\"https:\/\/i0.wp.com\/genevieveetbernardauxameriques.fr\/wp-content\/uploads\/2019\/02\/P1120172.jpg?fit=300%2C225&#038;ssl=1\" data-large-file=\"https:\/\/i0.wp.com\/genevieveetbernardauxameriques.fr\/wp-content\/uploads\/2019\/02\/P1120172.jpg?fit=640%2C480&#038;ssl=1\" src=\"https:\/\/i0.wp.com\/genevieveetbernardauxameriques.fr\/wp-content\/uploads\/2019\/02\/P1120172.jpg?w=183&#038;h=138&#038;ssl=1\" srcset=\"https:\/\/i0.wp.com\/genevieveetbernardauxameriques.fr\/wp-content\/uploads\/2019\/02\/P1120172.jpg?w=720&amp;ssl=1 720w, https:\/\/i0.wp.com\/genevieveetbernardauxameriques.fr\/wp-content\/uploads\/2019\/02\/P1120172.jpg?resize=300%2C225&amp;ssl=1 300w\" width=\"183\" height=\"138\" loading=\"lazy\" data-original-width=\"183\" data-original-height=\"138\" itemprop=\"http:\/\/schema.org\/image\" title=\"P1120172\" alt=\"P1120172\" style=\"width: 183px; height: 138px;\" \/> <\/a> <\/div> <div class=\"tiled-gallery-item tiled-gallery-item-small\" itemprop=\"associatedMedia\" itemscope itemtype=\"http:\/\/schema.org\/ImageObject\"> <a href=\"https:\/\/genevieveetbernardauxameriques.fr\/index.php\/2019\/03\/06\/baja-californie-2-de-la-paz-a-san-ignacio-avec-edwige\/p1120174\/\" border=\"0\" itemprop=\"url\"> <meta itemprop=\"width\" content=\"183\"> <meta itemprop=\"height\" content=\"137\"> <img decoding=\"async\" class=\"\" data-attachment-id=\"33263\" data-orig-file=\"https:\/\/genevieveetbernardauxameriques.fr\/wp-content\/uploads\/2019\/02\/P1120174.jpg\" data-orig-size=\"720,540\" data-comments-opened=\"1\" data-image-meta=\"{&quot;aperture&quot;:&quot;4&quot;,&quot;credit&quot;:&quot;&quot;,&quot;camera&quot;:&quot;DMC-TZ55&quot;,&quot;caption&quot;:&quot;&quot;,&quot;created_timestamp&quot;:&quot;1550841349&quot;,&quot;copyright&quot;:&quot;&quot;,&quot;focal_length&quot;:&quot;4.3&quot;,&quot;iso&quot;:&quot;100&quot;,&quot;shutter_speed&quot;:&quot;0.0015625&quot;,&quot;title&quot;:&quot;&quot;,&quot;orientation&quot;:&quot;1&quot;}\" data-image-title=\"P1120174\" data-image-description=\"\" data-medium-file=\"https:\/\/i0.wp.com\/genevieveetbernardauxameriques.fr\/wp-content\/uploads\/2019\/02\/P1120174.jpg?fit=300%2C225&#038;ssl=1\" data-large-file=\"https:\/\/i0.wp.com\/genevieveetbernardauxameriques.fr\/wp-content\/uploads\/2019\/02\/P1120174.jpg?fit=640%2C480&#038;ssl=1\" src=\"https:\/\/i0.wp.com\/genevieveetbernardauxameriques.fr\/wp-content\/uploads\/2019\/02\/P1120174.jpg?w=183&#038;h=137&#038;ssl=1\" srcset=\"https:\/\/i0.wp.com\/genevieveetbernardauxameriques.fr\/wp-content\/uploads\/2019\/02\/P1120174.jpg?w=720&amp;ssl=1 720w, https:\/\/i0.wp.com\/genevieveetbernardauxameriques.fr\/wp-content\/uploads\/2019\/02\/P1120174.jpg?resize=300%2C225&amp;ssl=1 300w\" width=\"183\" height=\"137\" loading=\"lazy\" data-original-width=\"183\" data-original-height=\"137\" itemprop=\"http:\/\/schema.org\/image\" title=\"P1120174\" alt=\"P1120174\" style=\"width: 183px; height: 137px;\" \/> <\/a> <\/div> <div class=\"tiled-gallery-item tiled-gallery-item-small\" itemprop=\"associatedMedia\" itemscope itemtype=\"http:\/\/schema.org\/ImageObject\"> <a href=\"https:\/\/genevieveetbernardauxameriques.fr\/index.php\/2019\/03\/06\/baja-californie-2-de-la-paz-a-san-ignacio-avec-edwige\/p1120175\/\" border=\"0\" itemprop=\"url\"> <meta itemprop=\"width\" content=\"183\"> <meta itemprop=\"height\" content=\"244\"> <img decoding=\"async\" class=\"\" data-attachment-id=\"33264\" data-orig-file=\"https:\/\/genevieveetbernardauxameriques.fr\/wp-content\/uploads\/2019\/02\/P1120175.jpg\" data-orig-size=\"540,720\" data-comments-opened=\"1\" data-image-meta=\"{&quot;aperture&quot;:&quot;4&quot;,&quot;credit&quot;:&quot;&quot;,&quot;camera&quot;:&quot;DMC-TZ55&quot;,&quot;caption&quot;:&quot;&quot;,&quot;created_timestamp&quot;:&quot;1550841570&quot;,&quot;copyright&quot;:&quot;&quot;,&quot;focal_length&quot;:&quot;4.3&quot;,&quot;iso&quot;:&quot;100&quot;,&quot;shutter_speed&quot;:&quot;0.002&quot;,&quot;title&quot;:&quot;&quot;,&quot;orientation&quot;:&quot;1&quot;}\" data-image-title=\"P1120175\" data-image-description=\"\" data-medium-file=\"https:\/\/i0.wp.com\/genevieveetbernardauxameriques.fr\/wp-content\/uploads\/2019\/02\/P1120175.jpg?fit=225%2C300&#038;ssl=1\" data-large-file=\"https:\/\/i0.wp.com\/genevieveetbernardauxameriques.fr\/wp-content\/uploads\/2019\/02\/P1120175.jpg?fit=540%2C720&#038;ssl=1\" src=\"https:\/\/i0.wp.com\/genevieveetbernardauxameriques.fr\/wp-content\/uploads\/2019\/02\/P1120175.jpg?w=183&#038;h=244&#038;ssl=1\" srcset=\"https:\/\/i0.wp.com\/genevieveetbernardauxameriques.fr\/wp-content\/uploads\/2019\/02\/P1120175.jpg?w=540&amp;ssl=1 540w, https:\/\/i0.wp.com\/genevieveetbernardauxameriques.fr\/wp-content\/uploads\/2019\/02\/P1120175.jpg?resize=225%2C300&amp;ssl=1 225w\" width=\"183\" height=\"244\" loading=\"lazy\" data-original-width=\"183\" data-original-height=\"244\" itemprop=\"http:\/\/schema.org\/image\" title=\"P1120175\" alt=\"P1120175\" style=\"width: 183px; height: 244px;\" \/> <\/a> <\/div> <\/div> <!-- close group --> <\/div> <!-- close row --> <\/div>\n<p>La place San Domingo<\/p>\n<p><a href=\"https:\/\/i0.wp.com\/genevieveetbernardauxameriques.fr\/wp-content\/uploads\/2019\/02\/P1120176.jpg?ssl=1\"><img loading=\"lazy\" decoding=\"async\" data-attachment-id=\"33265\" data-permalink=\"https:\/\/genevieveetbernardauxameriques.fr\/index.php\/2019\/03\/06\/baja-californie-2-de-la-paz-a-san-ignacio-avec-edwige\/p1120176\/\" data-orig-file=\"https:\/\/i0.wp.com\/genevieveetbernardauxameriques.fr\/wp-content\/uploads\/2019\/02\/P1120176.jpg?fit=720%2C540&amp;ssl=1\" data-orig-size=\"720,540\" data-comments-opened=\"1\" data-image-meta=\"{&quot;aperture&quot;:&quot;5&quot;,&quot;credit&quot;:&quot;&quot;,&quot;camera&quot;:&quot;DMC-TZ55&quot;,&quot;caption&quot;:&quot;&quot;,&quot;created_timestamp&quot;:&quot;1550841970&quot;,&quot;copyright&quot;:&quot;&quot;,&quot;focal_length&quot;:&quot;7.9&quot;,&quot;iso&quot;:&quot;100&quot;,&quot;shutter_speed&quot;:&quot;0.0015625&quot;,&quot;title&quot;:&quot;&quot;,&quot;orientation&quot;:&quot;1&quot;}\" data-image-title=\"P1120176\" data-image-description=\"\" data-image-caption=\"\" data-medium-file=\"https:\/\/i0.wp.com\/genevieveetbernardauxameriques.fr\/wp-content\/uploads\/2019\/02\/P1120176.jpg?fit=300%2C225&amp;ssl=1\" data-large-file=\"https:\/\/i0.wp.com\/genevieveetbernardauxameriques.fr\/wp-content\/uploads\/2019\/02\/P1120176.jpg?fit=640%2C480&amp;ssl=1\" class=\"alignnone size-full wp-image-33265\" src=\"https:\/\/i0.wp.com\/genevieveetbernardauxameriques.fr\/wp-content\/uploads\/2019\/02\/P1120176.jpg?resize=640%2C480&#038;ssl=1\" alt=\"\" width=\"640\" height=\"480\" srcset=\"https:\/\/i0.wp.com\/genevieveetbernardauxameriques.fr\/wp-content\/uploads\/2019\/02\/P1120176.jpg?w=720&amp;ssl=1 720w, https:\/\/i0.wp.com\/genevieveetbernardauxameriques.fr\/wp-content\/uploads\/2019\/02\/P1120176.jpg?resize=300%2C225&amp;ssl=1 300w\" sizes=\"(max-width: 640px) 100vw, 640px\" data-recalc-dims=\"1\" \/><\/a> <a href=\"https:\/\/i0.wp.com\/genevieveetbernardauxameriques.fr\/wp-content\/uploads\/2019\/02\/P1120179.jpg?ssl=1\"><img loading=\"lazy\" decoding=\"async\" data-attachment-id=\"33267\" data-permalink=\"https:\/\/genevieveetbernardauxameriques.fr\/index.php\/2019\/03\/06\/baja-californie-2-de-la-paz-a-san-ignacio-avec-edwige\/p1120179-2\/\" data-orig-file=\"https:\/\/i0.wp.com\/genevieveetbernardauxameriques.fr\/wp-content\/uploads\/2019\/02\/P1120179.jpg?fit=540%2C720&amp;ssl=1\" data-orig-size=\"540,720\" data-comments-opened=\"1\" data-image-meta=\"{&quot;aperture&quot;:&quot;4&quot;,&quot;credit&quot;:&quot;&quot;,&quot;camera&quot;:&quot;DMC-TZ55&quot;,&quot;caption&quot;:&quot;&quot;,&quot;created_timestamp&quot;:&quot;1550842319&quot;,&quot;copyright&quot;:&quot;&quot;,&quot;focal_length&quot;:&quot;4.3&quot;,&quot;iso&quot;:&quot;100&quot;,&quot;shutter_speed&quot;:&quot;0.004&quot;,&quot;title&quot;:&quot;&quot;,&quot;orientation&quot;:&quot;1&quot;}\" data-image-title=\"P1120179\" data-image-description=\"\" data-image-caption=\"\" data-medium-file=\"https:\/\/i0.wp.com\/genevieveetbernardauxameriques.fr\/wp-content\/uploads\/2019\/02\/P1120179.jpg?fit=225%2C300&amp;ssl=1\" data-large-file=\"https:\/\/i0.wp.com\/genevieveetbernardauxameriques.fr\/wp-content\/uploads\/2019\/02\/P1120179.jpg?fit=540%2C720&amp;ssl=1\" class=\"alignnone wp-image-33267\" src=\"https:\/\/i0.wp.com\/genevieveetbernardauxameriques.fr\/wp-content\/uploads\/2019\/02\/P1120179.jpg?resize=449%2C599&#038;ssl=1\" alt=\"\" width=\"449\" height=\"599\" srcset=\"https:\/\/i0.wp.com\/genevieveetbernardauxameriques.fr\/wp-content\/uploads\/2019\/02\/P1120179.jpg?w=540&amp;ssl=1 540w, https:\/\/i0.wp.com\/genevieveetbernardauxameriques.fr\/wp-content\/uploads\/2019\/02\/P1120179.jpg?resize=225%2C300&amp;ssl=1 225w\" sizes=\"(max-width: 449px) 100vw, 449px\" data-recalc-dims=\"1\" \/><\/a> <a href=\"https:\/\/i0.wp.com\/genevieveetbernardauxameriques.fr\/wp-content\/uploads\/2019\/02\/P1120183.jpg?ssl=1\"><img loading=\"lazy\" decoding=\"async\" data-attachment-id=\"33269\" data-permalink=\"https:\/\/genevieveetbernardauxameriques.fr\/index.php\/2019\/03\/06\/baja-californie-2-de-la-paz-a-san-ignacio-avec-edwige\/p1120183\/\" data-orig-file=\"https:\/\/i0.wp.com\/genevieveetbernardauxameriques.fr\/wp-content\/uploads\/2019\/02\/P1120183.jpg?fit=720%2C540&amp;ssl=1\" data-orig-size=\"720,540\" data-comments-opened=\"1\" data-image-meta=\"{&quot;aperture&quot;:&quot;4&quot;,&quot;credit&quot;:&quot;&quot;,&quot;camera&quot;:&quot;DMC-TZ55&quot;,&quot;caption&quot;:&quot;&quot;,&quot;created_timestamp&quot;:&quot;1550842939&quot;,&quot;copyright&quot;:&quot;&quot;,&quot;focal_length&quot;:&quot;4.3&quot;,&quot;iso&quot;:&quot;100&quot;,&quot;shutter_speed&quot;:&quot;0.003125&quot;,&quot;title&quot;:&quot;&quot;,&quot;orientation&quot;:&quot;1&quot;}\" data-image-title=\"P1120183\" data-image-description=\"\" data-image-caption=\"\" data-medium-file=\"https:\/\/i0.wp.com\/genevieveetbernardauxameriques.fr\/wp-content\/uploads\/2019\/02\/P1120183.jpg?fit=300%2C225&amp;ssl=1\" data-large-file=\"https:\/\/i0.wp.com\/genevieveetbernardauxameriques.fr\/wp-content\/uploads\/2019\/02\/P1120183.jpg?fit=640%2C480&amp;ssl=1\" class=\"alignnone size-full wp-image-33269\" src=\"https:\/\/i0.wp.com\/genevieveetbernardauxameriques.fr\/wp-content\/uploads\/2019\/02\/P1120183.jpg?resize=640%2C480&#038;ssl=1\" alt=\"\" width=\"640\" height=\"480\" srcset=\"https:\/\/i0.wp.com\/genevieveetbernardauxameriques.fr\/wp-content\/uploads\/2019\/02\/P1120183.jpg?w=720&amp;ssl=1 720w, https:\/\/i0.wp.com\/genevieveetbernardauxameriques.fr\/wp-content\/uploads\/2019\/02\/P1120183.jpg?resize=300%2C225&amp;ssl=1 300w\" sizes=\"(max-width: 640px) 100vw, 640px\" data-recalc-dims=\"1\" \/><\/a><\/p>\n<p>La place Garibaldi, mais il est encore un peu t\u00f4t pour \u00e9couter les chanteurs et les mariachis.<\/p>\n<p><a href=\"https:\/\/i0.wp.com\/genevieveetbernardauxameriques.fr\/wp-content\/uploads\/2019\/02\/P1120191.jpg?ssl=1\"><img loading=\"lazy\" decoding=\"async\" data-attachment-id=\"33276\" data-permalink=\"https:\/\/genevieveetbernardauxameriques.fr\/index.php\/2019\/03\/06\/baja-californie-2-de-la-paz-a-san-ignacio-avec-edwige\/p1120191\/\" data-orig-file=\"https:\/\/i0.wp.com\/genevieveetbernardauxameriques.fr\/wp-content\/uploads\/2019\/02\/P1120191.jpg?fit=720%2C540&amp;ssl=1\" data-orig-size=\"720,540\" data-comments-opened=\"1\" data-image-meta=\"{&quot;aperture&quot;:&quot;5&quot;,&quot;credit&quot;:&quot;&quot;,&quot;camera&quot;:&quot;DMC-TZ55&quot;,&quot;caption&quot;:&quot;&quot;,&quot;created_timestamp&quot;:&quot;1550844023&quot;,&quot;copyright&quot;:&quot;&quot;,&quot;focal_length&quot;:&quot;7.4&quot;,&quot;iso&quot;:&quot;100&quot;,&quot;shutter_speed&quot;:&quot;0.0015625&quot;,&quot;title&quot;:&quot;&quot;,&quot;orientation&quot;:&quot;1&quot;}\" data-image-title=\"P1120191\" data-image-description=\"\" data-image-caption=\"\" data-medium-file=\"https:\/\/i0.wp.com\/genevieveetbernardauxameriques.fr\/wp-content\/uploads\/2019\/02\/P1120191.jpg?fit=300%2C225&amp;ssl=1\" data-large-file=\"https:\/\/i0.wp.com\/genevieveetbernardauxameriques.fr\/wp-content\/uploads\/2019\/02\/P1120191.jpg?fit=640%2C480&amp;ssl=1\" class=\"alignnone size-full wp-image-33276\" src=\"https:\/\/i0.wp.com\/genevieveetbernardauxameriques.fr\/wp-content\/uploads\/2019\/02\/P1120191.jpg?resize=640%2C480&#038;ssl=1\" alt=\"\" width=\"640\" height=\"480\" srcset=\"https:\/\/i0.wp.com\/genevieveetbernardauxameriques.fr\/wp-content\/uploads\/2019\/02\/P1120191.jpg?w=720&amp;ssl=1 720w, https:\/\/i0.wp.com\/genevieveetbernardauxameriques.fr\/wp-content\/uploads\/2019\/02\/P1120191.jpg?resize=300%2C225&amp;ssl=1 300w\" sizes=\"(max-width: 640px) 100vw, 640px\" data-recalc-dims=\"1\" \/><\/a> <a href=\"https:\/\/i0.wp.com\/genevieveetbernardauxameriques.fr\/wp-content\/uploads\/2019\/02\/P1120195.jpg?ssl=1\"><img loading=\"lazy\" decoding=\"async\" data-attachment-id=\"33277\" data-permalink=\"https:\/\/genevieveetbernardauxameriques.fr\/index.php\/2019\/03\/06\/baja-californie-2-de-la-paz-a-san-ignacio-avec-edwige\/p1120195-2\/\" data-orig-file=\"https:\/\/i0.wp.com\/genevieveetbernardauxameriques.fr\/wp-content\/uploads\/2019\/02\/P1120195.jpg?fit=720%2C540&amp;ssl=1\" data-orig-size=\"720,540\" data-comments-opened=\"1\" data-image-meta=\"{&quot;aperture&quot;:&quot;5&quot;,&quot;credit&quot;:&quot;&quot;,&quot;camera&quot;:&quot;DMC-TZ55&quot;,&quot;caption&quot;:&quot;&quot;,&quot;created_timestamp&quot;:&quot;1550844100&quot;,&quot;copyright&quot;:&quot;&quot;,&quot;focal_length&quot;:&quot;7.4&quot;,&quot;iso&quot;:&quot;100&quot;,&quot;shutter_speed&quot;:&quot;0.0015625&quot;,&quot;title&quot;:&quot;&quot;,&quot;orientation&quot;:&quot;1&quot;}\" data-image-title=\"P1120195\" data-image-description=\"\" data-image-caption=\"\" data-medium-file=\"https:\/\/i0.wp.com\/genevieveetbernardauxameriques.fr\/wp-content\/uploads\/2019\/02\/P1120195.jpg?fit=300%2C225&amp;ssl=1\" data-large-file=\"https:\/\/i0.wp.com\/genevieveetbernardauxameriques.fr\/wp-content\/uploads\/2019\/02\/P1120195.jpg?fit=640%2C480&amp;ssl=1\" class=\"alignnone size-full wp-image-33277\" src=\"https:\/\/i0.wp.com\/genevieveetbernardauxameriques.fr\/wp-content\/uploads\/2019\/02\/P1120195.jpg?resize=640%2C480&#038;ssl=1\" alt=\"\" width=\"640\" height=\"480\" srcset=\"https:\/\/i0.wp.com\/genevieveetbernardauxameriques.fr\/wp-content\/uploads\/2019\/02\/P1120195.jpg?w=720&amp;ssl=1 720w, https:\/\/i0.wp.com\/genevieveetbernardauxameriques.fr\/wp-content\/uploads\/2019\/02\/P1120195.jpg?resize=300%2C225&amp;ssl=1 300w\" sizes=\"(max-width: 640px) 100vw, 640px\" data-recalc-dims=\"1\" \/><\/a> <a href=\"https:\/\/i0.wp.com\/genevieveetbernardauxameriques.fr\/wp-content\/uploads\/2019\/02\/P1120184.jpg?ssl=1\"><img loading=\"lazy\" decoding=\"async\" data-attachment-id=\"33270\" data-permalink=\"https:\/\/genevieveetbernardauxameriques.fr\/index.php\/2019\/03\/06\/baja-californie-2-de-la-paz-a-san-ignacio-avec-edwige\/p1120184-3\/\" data-orig-file=\"https:\/\/i0.wp.com\/genevieveetbernardauxameriques.fr\/wp-content\/uploads\/2019\/02\/P1120184.jpg?fit=720%2C540&amp;ssl=1\" data-orig-size=\"720,540\" data-comments-opened=\"1\" data-image-meta=\"{&quot;aperture&quot;:&quot;4&quot;,&quot;credit&quot;:&quot;&quot;,&quot;camera&quot;:&quot;DMC-TZ55&quot;,&quot;caption&quot;:&quot;&quot;,&quot;created_timestamp&quot;:&quot;1550843250&quot;,&quot;copyright&quot;:&quot;&quot;,&quot;focal_length&quot;:&quot;4.3&quot;,&quot;iso&quot;:&quot;100&quot;,&quot;shutter_speed&quot;:&quot;0.0015625&quot;,&quot;title&quot;:&quot;&quot;,&quot;orientation&quot;:&quot;1&quot;}\" data-image-title=\"P1120184\" data-image-description=\"\" data-image-caption=\"\" data-medium-file=\"https:\/\/i0.wp.com\/genevieveetbernardauxameriques.fr\/wp-content\/uploads\/2019\/02\/P1120184.jpg?fit=300%2C225&amp;ssl=1\" data-large-file=\"https:\/\/i0.wp.com\/genevieveetbernardauxameriques.fr\/wp-content\/uploads\/2019\/02\/P1120184.jpg?fit=640%2C480&amp;ssl=1\" class=\"alignnone size-full wp-image-33270\" src=\"https:\/\/i0.wp.com\/genevieveetbernardauxameriques.fr\/wp-content\/uploads\/2019\/02\/P1120184.jpg?resize=640%2C480&#038;ssl=1\" alt=\"\" width=\"640\" height=\"480\" srcset=\"https:\/\/i0.wp.com\/genevieveetbernardauxameriques.fr\/wp-content\/uploads\/2019\/02\/P1120184.jpg?w=720&amp;ssl=1 720w, https:\/\/i0.wp.com\/genevieveetbernardauxameriques.fr\/wp-content\/uploads\/2019\/02\/P1120184.jpg?resize=300%2C225&amp;ssl=1 300w\" sizes=\"(max-width: 640px) 100vw, 640px\" data-recalc-dims=\"1\" \/><\/a><\/p>\n<p>La rue des musiciens<\/p>\n<p><a href=\"https:\/\/i0.wp.com\/genevieveetbernardauxameriques.fr\/wp-content\/uploads\/2019\/02\/P1120185.jpg?ssl=1\"><img loading=\"lazy\" decoding=\"async\" data-attachment-id=\"33271\" data-permalink=\"https:\/\/genevieveetbernardauxameriques.fr\/index.php\/2019\/03\/06\/baja-californie-2-de-la-paz-a-san-ignacio-avec-edwige\/p1120185\/\" data-orig-file=\"https:\/\/i0.wp.com\/genevieveetbernardauxameriques.fr\/wp-content\/uploads\/2019\/02\/P1120185.jpg?fit=720%2C540&amp;ssl=1\" data-orig-size=\"720,540\" data-comments-opened=\"1\" data-image-meta=\"{&quot;aperture&quot;:&quot;4&quot;,&quot;credit&quot;:&quot;&quot;,&quot;camera&quot;:&quot;DMC-TZ55&quot;,&quot;caption&quot;:&quot;&quot;,&quot;created_timestamp&quot;:&quot;1550843705&quot;,&quot;copyright&quot;:&quot;&quot;,&quot;focal_length&quot;:&quot;4.3&quot;,&quot;iso&quot;:&quot;100&quot;,&quot;shutter_speed&quot;:&quot;0.0015625&quot;,&quot;title&quot;:&quot;&quot;,&quot;orientation&quot;:&quot;1&quot;}\" data-image-title=\"P1120185\" data-image-description=\"\" data-image-caption=\"\" data-medium-file=\"https:\/\/i0.wp.com\/genevieveetbernardauxameriques.fr\/wp-content\/uploads\/2019\/02\/P1120185.jpg?fit=300%2C225&amp;ssl=1\" data-large-file=\"https:\/\/i0.wp.com\/genevieveetbernardauxameriques.fr\/wp-content\/uploads\/2019\/02\/P1120185.jpg?fit=640%2C480&amp;ssl=1\" class=\"alignnone size-full wp-image-33271\" src=\"https:\/\/i0.wp.com\/genevieveetbernardauxameriques.fr\/wp-content\/uploads\/2019\/02\/P1120185.jpg?resize=640%2C480&#038;ssl=1\" alt=\"\" width=\"640\" height=\"480\" srcset=\"https:\/\/i0.wp.com\/genevieveetbernardauxameriques.fr\/wp-content\/uploads\/2019\/02\/P1120185.jpg?w=720&amp;ssl=1 720w, https:\/\/i0.wp.com\/genevieveetbernardauxameriques.fr\/wp-content\/uploads\/2019\/02\/P1120185.jpg?resize=300%2C225&amp;ssl=1 300w\" sizes=\"(max-width: 640px) 100vw, 640px\" data-recalc-dims=\"1\" \/><\/a> <a href=\"https:\/\/i0.wp.com\/genevieveetbernardauxameriques.fr\/wp-content\/uploads\/2019\/02\/P1120186.jpg?ssl=1\"><img loading=\"lazy\" decoding=\"async\" data-attachment-id=\"33272\" data-permalink=\"https:\/\/genevieveetbernardauxameriques.fr\/index.php\/2019\/03\/06\/baja-californie-2-de-la-paz-a-san-ignacio-avec-edwige\/p1120186-2\/\" data-orig-file=\"https:\/\/i0.wp.com\/genevieveetbernardauxameriques.fr\/wp-content\/uploads\/2019\/02\/P1120186.jpg?fit=720%2C540&amp;ssl=1\" data-orig-size=\"720,540\" data-comments-opened=\"1\" data-image-meta=\"{&quot;aperture&quot;:&quot;3.5&quot;,&quot;credit&quot;:&quot;&quot;,&quot;camera&quot;:&quot;DMC-TZ55&quot;,&quot;caption&quot;:&quot;&quot;,&quot;created_timestamp&quot;:&quot;1550843734&quot;,&quot;copyright&quot;:&quot;&quot;,&quot;focal_length&quot;:&quot;4.3&quot;,&quot;iso&quot;:&quot;100&quot;,&quot;shutter_speed&quot;:&quot;0.008&quot;,&quot;title&quot;:&quot;&quot;,&quot;orientation&quot;:&quot;1&quot;}\" data-image-title=\"P1120186\" data-image-description=\"\" data-image-caption=\"\" data-medium-file=\"https:\/\/i0.wp.com\/genevieveetbernardauxameriques.fr\/wp-content\/uploads\/2019\/02\/P1120186.jpg?fit=300%2C225&amp;ssl=1\" data-large-file=\"https:\/\/i0.wp.com\/genevieveetbernardauxameriques.fr\/wp-content\/uploads\/2019\/02\/P1120186.jpg?fit=640%2C480&amp;ssl=1\" class=\"alignnone size-full wp-image-33272\" src=\"https:\/\/i0.wp.com\/genevieveetbernardauxameriques.fr\/wp-content\/uploads\/2019\/02\/P1120186.jpg?resize=640%2C480&#038;ssl=1\" alt=\"\" width=\"640\" height=\"480\" srcset=\"https:\/\/i0.wp.com\/genevieveetbernardauxameriques.fr\/wp-content\/uploads\/2019\/02\/P1120186.jpg?w=720&amp;ssl=1 720w, https:\/\/i0.wp.com\/genevieveetbernardauxameriques.fr\/wp-content\/uploads\/2019\/02\/P1120186.jpg?resize=300%2C225&amp;ssl=1 300w\" sizes=\"(max-width: 640px) 100vw, 640px\" data-recalc-dims=\"1\" \/><\/a> <a href=\"https:\/\/i0.wp.com\/genevieveetbernardauxameriques.fr\/wp-content\/uploads\/2019\/02\/P1120187.jpg?ssl=1\"><img loading=\"lazy\" decoding=\"async\" data-attachment-id=\"33273\" data-permalink=\"https:\/\/genevieveetbernardauxameriques.fr\/index.php\/2019\/03\/06\/baja-californie-2-de-la-paz-a-san-ignacio-avec-edwige\/p1120187-2\/\" data-orig-file=\"https:\/\/i0.wp.com\/genevieveetbernardauxameriques.fr\/wp-content\/uploads\/2019\/02\/P1120187.jpg?fit=540%2C720&amp;ssl=1\" data-orig-size=\"540,720\" data-comments-opened=\"1\" data-image-meta=\"{&quot;aperture&quot;:&quot;4&quot;,&quot;credit&quot;:&quot;&quot;,&quot;camera&quot;:&quot;DMC-TZ55&quot;,&quot;caption&quot;:&quot;&quot;,&quot;created_timestamp&quot;:&quot;1550843779&quot;,&quot;copyright&quot;:&quot;&quot;,&quot;focal_length&quot;:&quot;4.3&quot;,&quot;iso&quot;:&quot;100&quot;,&quot;shutter_speed&quot;:&quot;0.0015625&quot;,&quot;title&quot;:&quot;&quot;,&quot;orientation&quot;:&quot;1&quot;}\" data-image-title=\"P1120187\" data-image-description=\"\" data-image-caption=\"\" data-medium-file=\"https:\/\/i0.wp.com\/genevieveetbernardauxameriques.fr\/wp-content\/uploads\/2019\/02\/P1120187.jpg?fit=225%2C300&amp;ssl=1\" data-large-file=\"https:\/\/i0.wp.com\/genevieveetbernardauxameriques.fr\/wp-content\/uploads\/2019\/02\/P1120187.jpg?fit=540%2C720&amp;ssl=1\" class=\"alignnone wp-image-33273\" src=\"https:\/\/i0.wp.com\/genevieveetbernardauxameriques.fr\/wp-content\/uploads\/2019\/02\/P1120187.jpg?resize=449%2C598&#038;ssl=1\" alt=\"\" width=\"449\" height=\"598\" srcset=\"https:\/\/i0.wp.com\/genevieveetbernardauxameriques.fr\/wp-content\/uploads\/2019\/02\/P1120187.jpg?w=540&amp;ssl=1 540w, https:\/\/i0.wp.com\/genevieveetbernardauxameriques.fr\/wp-content\/uploads\/2019\/02\/P1120187.jpg?resize=225%2C300&amp;ssl=1 225w\" sizes=\"(max-width: 449px) 100vw, 449px\" data-recalc-dims=\"1\" \/><\/a> <a href=\"https:\/\/i0.wp.com\/genevieveetbernardauxameriques.fr\/wp-content\/uploads\/2019\/02\/P1120188.jpg?ssl=1\"><img loading=\"lazy\" decoding=\"async\" data-attachment-id=\"33274\" data-permalink=\"https:\/\/genevieveetbernardauxameriques.fr\/index.php\/2019\/03\/06\/baja-californie-2-de-la-paz-a-san-ignacio-avec-edwige\/p1120188-2\/\" data-orig-file=\"https:\/\/i0.wp.com\/genevieveetbernardauxameriques.fr\/wp-content\/uploads\/2019\/02\/P1120188.jpg?fit=540%2C720&amp;ssl=1\" data-orig-size=\"540,720\" data-comments-opened=\"1\" data-image-meta=\"{&quot;aperture&quot;:&quot;4&quot;,&quot;credit&quot;:&quot;&quot;,&quot;camera&quot;:&quot;DMC-TZ55&quot;,&quot;caption&quot;:&quot;&quot;,&quot;created_timestamp&quot;:&quot;1550843809&quot;,&quot;copyright&quot;:&quot;&quot;,&quot;focal_length&quot;:&quot;4.3&quot;,&quot;iso&quot;:&quot;125&quot;,&quot;shutter_speed&quot;:&quot;0.005&quot;,&quot;title&quot;:&quot;&quot;,&quot;orientation&quot;:&quot;1&quot;}\" data-image-title=\"P1120188\" data-image-description=\"\" data-image-caption=\"\" data-medium-file=\"https:\/\/i0.wp.com\/genevieveetbernardauxameriques.fr\/wp-content\/uploads\/2019\/02\/P1120188.jpg?fit=225%2C300&amp;ssl=1\" data-large-file=\"https:\/\/i0.wp.com\/genevieveetbernardauxameriques.fr\/wp-content\/uploads\/2019\/02\/P1120188.jpg?fit=540%2C720&amp;ssl=1\" class=\"alignnone wp-image-33274\" src=\"https:\/\/i0.wp.com\/genevieveetbernardauxameriques.fr\/wp-content\/uploads\/2019\/02\/P1120188.jpg?resize=452%2C603&#038;ssl=1\" alt=\"\" width=\"452\" height=\"603\" srcset=\"https:\/\/i0.wp.com\/genevieveetbernardauxameriques.fr\/wp-content\/uploads\/2019\/02\/P1120188.jpg?w=540&amp;ssl=1 540w, https:\/\/i0.wp.com\/genevieveetbernardauxameriques.fr\/wp-content\/uploads\/2019\/02\/P1120188.jpg?resize=225%2C300&amp;ssl=1 225w\" sizes=\"(max-width: 452px) 100vw, 452px\" data-recalc-dims=\"1\" \/><\/a><a href=\"https:\/\/i0.wp.com\/genevieveetbernardauxameriques.fr\/wp-content\/uploads\/2019\/02\/thumbnail_IMG_20190222_1304451.jpg?ssl=1\"><img loading=\"lazy\" decoding=\"async\" data-attachment-id=\"33314\" data-permalink=\"https:\/\/genevieveetbernardauxameriques.fr\/index.php\/2019\/03\/06\/baja-californie-2-de-la-paz-a-san-ignacio-avec-edwige\/thumbnail_img_20190222_1304451\/\" data-orig-file=\"https:\/\/i0.wp.com\/genevieveetbernardauxameriques.fr\/wp-content\/uploads\/2019\/02\/thumbnail_IMG_20190222_1304451.jpg?fit=1280%2C960&amp;ssl=1\" data-orig-size=\"1280,960\" data-comments-opened=\"1\" data-image-meta=\"{&quot;aperture&quot;:&quot;0&quot;,&quot;credit&quot;:&quot;&quot;,&quot;camera&quot;:&quot;&quot;,&quot;caption&quot;:&quot;&quot;,&quot;created_timestamp&quot;:&quot;0&quot;,&quot;copyright&quot;:&quot;&quot;,&quot;focal_length&quot;:&quot;0&quot;,&quot;iso&quot;:&quot;0&quot;,&quot;shutter_speed&quot;:&quot;0&quot;,&quot;title&quot;:&quot;&quot;,&quot;orientation&quot;:&quot;0&quot;}\" data-image-title=\"thumbnail_IMG_20190222_130445[1]\" data-image-description=\"\" data-image-caption=\"\" data-medium-file=\"https:\/\/i0.wp.com\/genevieveetbernardauxameriques.fr\/wp-content\/uploads\/2019\/02\/thumbnail_IMG_20190222_1304451.jpg?fit=300%2C225&amp;ssl=1\" data-large-file=\"https:\/\/i0.wp.com\/genevieveetbernardauxameriques.fr\/wp-content\/uploads\/2019\/02\/thumbnail_IMG_20190222_1304451.jpg?fit=640%2C480&amp;ssl=1\" class=\"alignnone size-large wp-image-33314\" src=\"https:\/\/i0.wp.com\/genevieveetbernardauxameriques.fr\/wp-content\/uploads\/2019\/02\/thumbnail_IMG_20190222_1304451.jpg?resize=640%2C480&#038;ssl=1\" alt=\"\" width=\"640\" height=\"480\" srcset=\"https:\/\/i0.wp.com\/genevieveetbernardauxameriques.fr\/wp-content\/uploads\/2019\/02\/thumbnail_IMG_20190222_1304451.jpg?resize=1024%2C768&amp;ssl=1 1024w, https:\/\/i0.wp.com\/genevieveetbernardauxameriques.fr\/wp-content\/uploads\/2019\/02\/thumbnail_IMG_20190222_1304451.jpg?resize=300%2C225&amp;ssl=1 300w, https:\/\/i0.wp.com\/genevieveetbernardauxameriques.fr\/wp-content\/uploads\/2019\/02\/thumbnail_IMG_20190222_1304451.jpg?resize=768%2C576&amp;ssl=1 768w, https:\/\/i0.wp.com\/genevieveetbernardauxameriques.fr\/wp-content\/uploads\/2019\/02\/thumbnail_IMG_20190222_1304451.jpg?w=1280&amp;ssl=1 1280w\" sizes=\"(max-width: 640px) 100vw, 640px\" data-recalc-dims=\"1\" \/><\/a><a href=\"https:\/\/i0.wp.com\/genevieveetbernardauxameriques.fr\/wp-content\/uploads\/2019\/02\/P1120196.jpg?ssl=1\"><img loading=\"lazy\" decoding=\"async\" data-attachment-id=\"33278\" data-permalink=\"https:\/\/genevieveetbernardauxameriques.fr\/index.php\/2019\/03\/06\/baja-californie-2-de-la-paz-a-san-ignacio-avec-edwige\/p1120196\/\" data-orig-file=\"https:\/\/i0.wp.com\/genevieveetbernardauxameriques.fr\/wp-content\/uploads\/2019\/02\/P1120196.jpg?fit=720%2C540&amp;ssl=1\" data-orig-size=\"720,540\" data-comments-opened=\"1\" data-image-meta=\"{&quot;aperture&quot;:&quot;4&quot;,&quot;credit&quot;:&quot;&quot;,&quot;camera&quot;:&quot;DMC-TZ55&quot;,&quot;caption&quot;:&quot;&quot;,&quot;created_timestamp&quot;:&quot;1550844345&quot;,&quot;copyright&quot;:&quot;&quot;,&quot;focal_length&quot;:&quot;4.3&quot;,&quot;iso&quot;:&quot;100&quot;,&quot;shutter_speed&quot;:&quot;0.01&quot;,&quot;title&quot;:&quot;&quot;,&quot;orientation&quot;:&quot;1&quot;}\" data-image-title=\"P1120196\" data-image-description=\"\" data-image-caption=\"\" data-medium-file=\"https:\/\/i0.wp.com\/genevieveetbernardauxameriques.fr\/wp-content\/uploads\/2019\/02\/P1120196.jpg?fit=300%2C225&amp;ssl=1\" data-large-file=\"https:\/\/i0.wp.com\/genevieveetbernardauxameriques.fr\/wp-content\/uploads\/2019\/02\/P1120196.jpg?fit=640%2C480&amp;ssl=1\" class=\"alignnone size-full wp-image-33278\" src=\"https:\/\/i0.wp.com\/genevieveetbernardauxameriques.fr\/wp-content\/uploads\/2019\/02\/P1120196.jpg?resize=640%2C480&#038;ssl=1\" alt=\"\" width=\"640\" height=\"480\" srcset=\"https:\/\/i0.wp.com\/genevieveetbernardauxameriques.fr\/wp-content\/uploads\/2019\/02\/P1120196.jpg?w=720&amp;ssl=1 720w, https:\/\/i0.wp.com\/genevieveetbernardauxameriques.fr\/wp-content\/uploads\/2019\/02\/P1120196.jpg?resize=300%2C225&amp;ssl=1 300w\" sizes=\"(max-width: 640px) 100vw, 640px\" data-recalc-dims=\"1\" \/><\/a><\/p>\n<p>Notre d\u00e9jeuner du midi, on s&rsquo;arr\u00eate dans une \u00ab\u00a0p\u00e2tisserie\u00a0\u00bb<\/p>\n<p><a href=\"https:\/\/i0.wp.com\/genevieveetbernardauxameriques.fr\/wp-content\/uploads\/2019\/02\/P1120197.jpg?ssl=1\"><img loading=\"lazy\" decoding=\"async\" data-attachment-id=\"33279\" data-permalink=\"https:\/\/genevieveetbernardauxameriques.fr\/index.php\/2019\/03\/06\/baja-californie-2-de-la-paz-a-san-ignacio-avec-edwige\/p1120197-2\/\" data-orig-file=\"https:\/\/i0.wp.com\/genevieveetbernardauxameriques.fr\/wp-content\/uploads\/2019\/02\/P1120197.jpg?fit=720%2C540&amp;ssl=1\" data-orig-size=\"720,540\" data-comments-opened=\"1\" data-image-meta=\"{&quot;aperture&quot;:&quot;3.5&quot;,&quot;credit&quot;:&quot;&quot;,&quot;camera&quot;:&quot;DMC-TZ55&quot;,&quot;caption&quot;:&quot;&quot;,&quot;created_timestamp&quot;:&quot;1550844908&quot;,&quot;copyright&quot;:&quot;&quot;,&quot;focal_length&quot;:&quot;4.3&quot;,&quot;iso&quot;:&quot;500&quot;,&quot;shutter_speed&quot;:&quot;0.0125&quot;,&quot;title&quot;:&quot;&quot;,&quot;orientation&quot;:&quot;1&quot;}\" data-image-title=\"P1120197\" data-image-description=\"\" data-image-caption=\"\" data-medium-file=\"https:\/\/i0.wp.com\/genevieveetbernardauxameriques.fr\/wp-content\/uploads\/2019\/02\/P1120197.jpg?fit=300%2C225&amp;ssl=1\" data-large-file=\"https:\/\/i0.wp.com\/genevieveetbernardauxameriques.fr\/wp-content\/uploads\/2019\/02\/P1120197.jpg?fit=640%2C480&amp;ssl=1\" class=\"alignnone size-full wp-image-33279\" src=\"https:\/\/i0.wp.com\/genevieveetbernardauxameriques.fr\/wp-content\/uploads\/2019\/02\/P1120197.jpg?resize=640%2C480&#038;ssl=1\" alt=\"\" width=\"640\" height=\"480\" srcset=\"https:\/\/i0.wp.com\/genevieveetbernardauxameriques.fr\/wp-content\/uploads\/2019\/02\/P1120197.jpg?w=720&amp;ssl=1 720w, https:\/\/i0.wp.com\/genevieveetbernardauxameriques.fr\/wp-content\/uploads\/2019\/02\/P1120197.jpg?resize=300%2C225&amp;ssl=1 300w\" sizes=\"(max-width: 640px) 100vw, 640px\" data-recalc-dims=\"1\" \/><\/a><\/p>\n<p>Visite du Mus\u00e9e de la Poste (j&rsquo;ai d\u00e9j\u00e0 parl\u00e9 de tous ces monuments dans l&rsquo;article sur Mexico)<a href=\"https:\/\/i0.wp.com\/genevieveetbernardauxameriques.fr\/wp-content\/uploads\/2019\/02\/P1120199.jpg?ssl=1\"><img loading=\"lazy\" decoding=\"async\" data-attachment-id=\"33281\" data-permalink=\"https:\/\/genevieveetbernardauxameriques.fr\/index.php\/2019\/03\/06\/baja-californie-2-de-la-paz-a-san-ignacio-avec-edwige\/p1120199\/\" data-orig-file=\"https:\/\/i0.wp.com\/genevieveetbernardauxameriques.fr\/wp-content\/uploads\/2019\/02\/P1120199.jpg?fit=720%2C540&amp;ssl=1\" data-orig-size=\"720,540\" data-comments-opened=\"1\" data-image-meta=\"{&quot;aperture&quot;:&quot;3.3&quot;,&quot;credit&quot;:&quot;&quot;,&quot;camera&quot;:&quot;DMC-TZ55&quot;,&quot;caption&quot;:&quot;&quot;,&quot;created_timestamp&quot;:&quot;1550846746&quot;,&quot;copyright&quot;:&quot;&quot;,&quot;focal_length&quot;:&quot;4.3&quot;,&quot;iso&quot;:&quot;1000&quot;,&quot;shutter_speed&quot;:&quot;0.004&quot;,&quot;title&quot;:&quot;&quot;,&quot;orientation&quot;:&quot;1&quot;}\" data-image-title=\"P1120199\" data-image-description=\"\" data-image-caption=\"\" data-medium-file=\"https:\/\/i0.wp.com\/genevieveetbernardauxameriques.fr\/wp-content\/uploads\/2019\/02\/P1120199.jpg?fit=300%2C225&amp;ssl=1\" data-large-file=\"https:\/\/i0.wp.com\/genevieveetbernardauxameriques.fr\/wp-content\/uploads\/2019\/02\/P1120199.jpg?fit=640%2C480&amp;ssl=1\" class=\"alignnone size-full wp-image-33281\" src=\"https:\/\/i0.wp.com\/genevieveetbernardauxameriques.fr\/wp-content\/uploads\/2019\/02\/P1120199.jpg?resize=640%2C480&#038;ssl=1\" alt=\"\" width=\"640\" height=\"480\" srcset=\"https:\/\/i0.wp.com\/genevieveetbernardauxameriques.fr\/wp-content\/uploads\/2019\/02\/P1120199.jpg?w=720&amp;ssl=1 720w, https:\/\/i0.wp.com\/genevieveetbernardauxameriques.fr\/wp-content\/uploads\/2019\/02\/P1120199.jpg?resize=300%2C225&amp;ssl=1 300w\" sizes=\"(max-width: 640px) 100vw, 640px\" data-recalc-dims=\"1\" \/><\/a> <a href=\"https:\/\/i0.wp.com\/genevieveetbernardauxameriques.fr\/wp-content\/uploads\/2019\/02\/P1120200.jpg?ssl=1\"><img loading=\"lazy\" decoding=\"async\" data-attachment-id=\"33282\" data-permalink=\"https:\/\/genevieveetbernardauxameriques.fr\/index.php\/2019\/03\/06\/baja-californie-2-de-la-paz-a-san-ignacio-avec-edwige\/p1120200\/\" data-orig-file=\"https:\/\/i0.wp.com\/genevieveetbernardauxameriques.fr\/wp-content\/uploads\/2019\/02\/P1120200.jpg?fit=720%2C540&amp;ssl=1\" data-orig-size=\"720,540\" data-comments-opened=\"1\" data-image-meta=\"{&quot;aperture&quot;:&quot;3.3&quot;,&quot;credit&quot;:&quot;&quot;,&quot;camera&quot;:&quot;DMC-TZ55&quot;,&quot;caption&quot;:&quot;&quot;,&quot;created_timestamp&quot;:&quot;1550846750&quot;,&quot;copyright&quot;:&quot;&quot;,&quot;focal_length&quot;:&quot;4.3&quot;,&quot;iso&quot;:&quot;1000&quot;,&quot;shutter_speed&quot;:&quot;0.0025&quot;,&quot;title&quot;:&quot;&quot;,&quot;orientation&quot;:&quot;1&quot;}\" data-image-title=\"P1120200\" data-image-description=\"\" data-image-caption=\"\" data-medium-file=\"https:\/\/i0.wp.com\/genevieveetbernardauxameriques.fr\/wp-content\/uploads\/2019\/02\/P1120200.jpg?fit=300%2C225&amp;ssl=1\" data-large-file=\"https:\/\/i0.wp.com\/genevieveetbernardauxameriques.fr\/wp-content\/uploads\/2019\/02\/P1120200.jpg?fit=640%2C480&amp;ssl=1\" class=\"alignnone size-full wp-image-33282\" src=\"https:\/\/i0.wp.com\/genevieveetbernardauxameriques.fr\/wp-content\/uploads\/2019\/02\/P1120200.jpg?resize=640%2C480&#038;ssl=1\" alt=\"\" width=\"640\" height=\"480\" srcset=\"https:\/\/i0.wp.com\/genevieveetbernardauxameriques.fr\/wp-content\/uploads\/2019\/02\/P1120200.jpg?w=720&amp;ssl=1 720w, https:\/\/i0.wp.com\/genevieveetbernardauxameriques.fr\/wp-content\/uploads\/2019\/02\/P1120200.jpg?resize=300%2C225&amp;ssl=1 300w\" sizes=\"(max-width: 640px) 100vw, 640px\" data-recalc-dims=\"1\" \/><\/a> <a href=\"https:\/\/i0.wp.com\/genevieveetbernardauxameriques.fr\/wp-content\/uploads\/2019\/02\/P1120202.jpg?ssl=1\"><img loading=\"lazy\" decoding=\"async\" data-attachment-id=\"33283\" data-permalink=\"https:\/\/genevieveetbernardauxameriques.fr\/index.php\/2019\/03\/06\/baja-californie-2-de-la-paz-a-san-ignacio-avec-edwige\/p1120202\/\" data-orig-file=\"https:\/\/i0.wp.com\/genevieveetbernardauxameriques.fr\/wp-content\/uploads\/2019\/02\/P1120202.jpg?fit=720%2C540&amp;ssl=1\" data-orig-size=\"720,540\" data-comments-opened=\"1\" data-image-meta=\"{&quot;aperture&quot;:&quot;3.3&quot;,&quot;credit&quot;:&quot;&quot;,&quot;camera&quot;:&quot;DMC-TZ55&quot;,&quot;caption&quot;:&quot;&quot;,&quot;created_timestamp&quot;:&quot;1550846796&quot;,&quot;copyright&quot;:&quot;&quot;,&quot;focal_length&quot;:&quot;4.3&quot;,&quot;iso&quot;:&quot;1600&quot;,&quot;shutter_speed&quot;:&quot;0.004&quot;,&quot;title&quot;:&quot;&quot;,&quot;orientation&quot;:&quot;1&quot;}\" data-image-title=\"P1120202\" data-image-description=\"\" data-image-caption=\"\" data-medium-file=\"https:\/\/i0.wp.com\/genevieveetbernardauxameriques.fr\/wp-content\/uploads\/2019\/02\/P1120202.jpg?fit=300%2C225&amp;ssl=1\" data-large-file=\"https:\/\/i0.wp.com\/genevieveetbernardauxameriques.fr\/wp-content\/uploads\/2019\/02\/P1120202.jpg?fit=640%2C480&amp;ssl=1\" class=\"alignnone size-full wp-image-33283\" src=\"https:\/\/i0.wp.com\/genevieveetbernardauxameriques.fr\/wp-content\/uploads\/2019\/02\/P1120202.jpg?resize=640%2C480&#038;ssl=1\" alt=\"\" width=\"640\" height=\"480\" srcset=\"https:\/\/i0.wp.com\/genevieveetbernardauxameriques.fr\/wp-content\/uploads\/2019\/02\/P1120202.jpg?w=720&amp;ssl=1 720w, https:\/\/i0.wp.com\/genevieveetbernardauxameriques.fr\/wp-content\/uploads\/2019\/02\/P1120202.jpg?resize=300%2C225&amp;ssl=1 300w\" sizes=\"(max-width: 640px) 100vw, 640px\" data-recalc-dims=\"1\" \/><\/a> <a href=\"https:\/\/i0.wp.com\/genevieveetbernardauxameriques.fr\/wp-content\/uploads\/2019\/02\/P1120203.jpg?ssl=1\"><img loading=\"lazy\" decoding=\"async\" data-attachment-id=\"33284\" data-permalink=\"https:\/\/genevieveetbernardauxameriques.fr\/index.php\/2019\/03\/06\/baja-californie-2-de-la-paz-a-san-ignacio-avec-edwige\/p1120203\/\" data-orig-file=\"https:\/\/i0.wp.com\/genevieveetbernardauxameriques.fr\/wp-content\/uploads\/2019\/02\/P1120203.jpg?fit=540%2C720&amp;ssl=1\" data-orig-size=\"540,720\" data-comments-opened=\"1\" data-image-meta=\"{&quot;aperture&quot;:&quot;5.1&quot;,&quot;credit&quot;:&quot;&quot;,&quot;camera&quot;:&quot;DMC-TZ55&quot;,&quot;caption&quot;:&quot;&quot;,&quot;created_timestamp&quot;:&quot;1550846827&quot;,&quot;copyright&quot;:&quot;&quot;,&quot;focal_length&quot;:&quot;14.2&quot;,&quot;iso&quot;:&quot;500&quot;,&quot;shutter_speed&quot;:&quot;0.00625&quot;,&quot;title&quot;:&quot;&quot;,&quot;orientation&quot;:&quot;1&quot;}\" data-image-title=\"P1120203\" data-image-description=\"\" data-image-caption=\"\" data-medium-file=\"https:\/\/i0.wp.com\/genevieveetbernardauxameriques.fr\/wp-content\/uploads\/2019\/02\/P1120203.jpg?fit=225%2C300&amp;ssl=1\" data-large-file=\"https:\/\/i0.wp.com\/genevieveetbernardauxameriques.fr\/wp-content\/uploads\/2019\/02\/P1120203.jpg?fit=540%2C720&amp;ssl=1\" class=\"alignnone size-full wp-image-33284\" src=\"https:\/\/i0.wp.com\/genevieveetbernardauxameriques.fr\/wp-content\/uploads\/2019\/02\/P1120203.jpg?resize=540%2C720&#038;ssl=1\" alt=\"\" width=\"540\" height=\"720\" srcset=\"https:\/\/i0.wp.com\/genevieveetbernardauxameriques.fr\/wp-content\/uploads\/2019\/02\/P1120203.jpg?w=540&amp;ssl=1 540w, https:\/\/i0.wp.com\/genevieveetbernardauxameriques.fr\/wp-content\/uploads\/2019\/02\/P1120203.jpg?resize=225%2C300&amp;ssl=1 225w\" sizes=\"(max-width: 540px) 100vw, 540px\" data-recalc-dims=\"1\" \/><\/a> <a href=\"https:\/\/i0.wp.com\/genevieveetbernardauxameriques.fr\/wp-content\/uploads\/2019\/02\/P1120204.jpg?ssl=1\"><img loading=\"lazy\" decoding=\"async\" data-attachment-id=\"33285\" data-permalink=\"https:\/\/genevieveetbernardauxameriques.fr\/index.php\/2019\/03\/06\/baja-californie-2-de-la-paz-a-san-ignacio-avec-edwige\/p1120204\/\" data-orig-file=\"https:\/\/i0.wp.com\/genevieveetbernardauxameriques.fr\/wp-content\/uploads\/2019\/02\/P1120204.jpg?fit=720%2C540&amp;ssl=1\" data-orig-size=\"720,540\" data-comments-opened=\"1\" data-image-meta=\"{&quot;aperture&quot;:&quot;3.4&quot;,&quot;credit&quot;:&quot;&quot;,&quot;camera&quot;:&quot;DMC-TZ55&quot;,&quot;caption&quot;:&quot;&quot;,&quot;created_timestamp&quot;:&quot;1550846835&quot;,&quot;copyright&quot;:&quot;&quot;,&quot;focal_length&quot;:&quot;4.8&quot;,&quot;iso&quot;:&quot;400&quot;,&quot;shutter_speed&quot;:&quot;0.016666666666667&quot;,&quot;title&quot;:&quot;&quot;,&quot;orientation&quot;:&quot;1&quot;}\" data-image-title=\"P1120204\" data-image-description=\"\" data-image-caption=\"\" data-medium-file=\"https:\/\/i0.wp.com\/genevieveetbernardauxameriques.fr\/wp-content\/uploads\/2019\/02\/P1120204.jpg?fit=300%2C225&amp;ssl=1\" data-large-file=\"https:\/\/i0.wp.com\/genevieveetbernardauxameriques.fr\/wp-content\/uploads\/2019\/02\/P1120204.jpg?fit=640%2C480&amp;ssl=1\" class=\"alignnone size-full wp-image-33285\" src=\"https:\/\/i0.wp.com\/genevieveetbernardauxameriques.fr\/wp-content\/uploads\/2019\/02\/P1120204.jpg?resize=640%2C480&#038;ssl=1\" alt=\"\" width=\"640\" height=\"480\" srcset=\"https:\/\/i0.wp.com\/genevieveetbernardauxameriques.fr\/wp-content\/uploads\/2019\/02\/P1120204.jpg?w=720&amp;ssl=1 720w, https:\/\/i0.wp.com\/genevieveetbernardauxameriques.fr\/wp-content\/uploads\/2019\/02\/P1120204.jpg?resize=300%2C225&amp;ssl=1 300w\" sizes=\"(max-width: 640px) 100vw, 640px\" data-recalc-dims=\"1\" \/><\/a> <a href=\"https:\/\/i0.wp.com\/genevieveetbernardauxameriques.fr\/wp-content\/uploads\/2019\/02\/P1120207.jpg?ssl=1\"><img loading=\"lazy\" decoding=\"async\" data-attachment-id=\"33287\" data-permalink=\"https:\/\/genevieveetbernardauxameriques.fr\/index.php\/2019\/03\/06\/baja-californie-2-de-la-paz-a-san-ignacio-avec-edwige\/p1120207\/\" data-orig-file=\"https:\/\/i0.wp.com\/genevieveetbernardauxameriques.fr\/wp-content\/uploads\/2019\/02\/P1120207.jpg?fit=720%2C540&amp;ssl=1\" data-orig-size=\"720,540\" data-comments-opened=\"1\" data-image-meta=\"{&quot;aperture&quot;:&quot;3.3&quot;,&quot;credit&quot;:&quot;&quot;,&quot;camera&quot;:&quot;DMC-TZ55&quot;,&quot;caption&quot;:&quot;&quot;,&quot;created_timestamp&quot;:&quot;1550847033&quot;,&quot;copyright&quot;:&quot;&quot;,&quot;focal_length&quot;:&quot;4.3&quot;,&quot;iso&quot;:&quot;800&quot;,&quot;shutter_speed&quot;:&quot;0.008&quot;,&quot;title&quot;:&quot;&quot;,&quot;orientation&quot;:&quot;1&quot;}\" data-image-title=\"P1120207\" data-image-description=\"\" data-image-caption=\"\" data-medium-file=\"https:\/\/i0.wp.com\/genevieveetbernardauxameriques.fr\/wp-content\/uploads\/2019\/02\/P1120207.jpg?fit=300%2C225&amp;ssl=1\" data-large-file=\"https:\/\/i0.wp.com\/genevieveetbernardauxameriques.fr\/wp-content\/uploads\/2019\/02\/P1120207.jpg?fit=640%2C480&amp;ssl=1\" class=\"alignnone size-full wp-image-33287\" src=\"https:\/\/i0.wp.com\/genevieveetbernardauxameriques.fr\/wp-content\/uploads\/2019\/02\/P1120207.jpg?resize=640%2C480&#038;ssl=1\" alt=\"\" width=\"640\" height=\"480\" srcset=\"https:\/\/i0.wp.com\/genevieveetbernardauxameriques.fr\/wp-content\/uploads\/2019\/02\/P1120207.jpg?w=720&amp;ssl=1 720w, https:\/\/i0.wp.com\/genevieveetbernardauxameriques.fr\/wp-content\/uploads\/2019\/02\/P1120207.jpg?resize=300%2C225&amp;ssl=1 300w\" sizes=\"(max-width: 640px) 100vw, 640px\" data-recalc-dims=\"1\" \/><\/a> <a href=\"https:\/\/i0.wp.com\/genevieveetbernardauxameriques.fr\/wp-content\/uploads\/2019\/02\/P1120208.jpg?ssl=1\"><img loading=\"lazy\" decoding=\"async\" data-attachment-id=\"33288\" data-permalink=\"https:\/\/genevieveetbernardauxameriques.fr\/index.php\/2019\/03\/06\/baja-californie-2-de-la-paz-a-san-ignacio-avec-edwige\/p1120208\/\" data-orig-file=\"https:\/\/i0.wp.com\/genevieveetbernardauxameriques.fr\/wp-content\/uploads\/2019\/02\/P1120208.jpg?fit=720%2C540&amp;ssl=1\" data-orig-size=\"720,540\" data-comments-opened=\"1\" data-image-meta=\"{&quot;aperture&quot;:&quot;3.3&quot;,&quot;credit&quot;:&quot;&quot;,&quot;camera&quot;:&quot;DMC-TZ55&quot;,&quot;caption&quot;:&quot;&quot;,&quot;created_timestamp&quot;:&quot;1550847385&quot;,&quot;copyright&quot;:&quot;&quot;,&quot;focal_length&quot;:&quot;4.3&quot;,&quot;iso&quot;:&quot;400&quot;,&quot;shutter_speed&quot;:&quot;0.016666666666667&quot;,&quot;title&quot;:&quot;&quot;,&quot;orientation&quot;:&quot;1&quot;}\" data-image-title=\"P1120208\" data-image-description=\"\" data-image-caption=\"\" data-medium-file=\"https:\/\/i0.wp.com\/genevieveetbernardauxameriques.fr\/wp-content\/uploads\/2019\/02\/P1120208.jpg?fit=300%2C225&amp;ssl=1\" data-large-file=\"https:\/\/i0.wp.com\/genevieveetbernardauxameriques.fr\/wp-content\/uploads\/2019\/02\/P1120208.jpg?fit=640%2C480&amp;ssl=1\" class=\"alignnone size-full wp-image-33288\" src=\"https:\/\/i0.wp.com\/genevieveetbernardauxameriques.fr\/wp-content\/uploads\/2019\/02\/P1120208.jpg?resize=640%2C480&#038;ssl=1\" alt=\"\" width=\"640\" height=\"480\" srcset=\"https:\/\/i0.wp.com\/genevieveetbernardauxameriques.fr\/wp-content\/uploads\/2019\/02\/P1120208.jpg?w=720&amp;ssl=1 720w, https:\/\/i0.wp.com\/genevieveetbernardauxameriques.fr\/wp-content\/uploads\/2019\/02\/P1120208.jpg?resize=300%2C225&amp;ssl=1 300w\" sizes=\"(max-width: 640px) 100vw, 640px\" data-recalc-dims=\"1\" \/><\/a><\/p>\n<p><a href=\"https:\/\/i0.wp.com\/genevieveetbernardauxameriques.fr\/wp-content\/uploads\/2019\/03\/IMG-20190304-WA00051.jpg?ssl=1\"><img loading=\"lazy\" decoding=\"async\" data-attachment-id=\"33399\" data-permalink=\"https:\/\/genevieveetbernardauxameriques.fr\/index.php\/2019\/03\/06\/baja-californie-2-de-la-paz-a-san-ignacio-avec-edwige\/img-20190304-wa00051\/\" data-orig-file=\"https:\/\/i0.wp.com\/genevieveetbernardauxameriques.fr\/wp-content\/uploads\/2019\/03\/IMG-20190304-WA00051.jpg?fit=800%2C600&amp;ssl=1\" data-orig-size=\"800,600\" data-comments-opened=\"1\" data-image-meta=\"{&quot;aperture&quot;:&quot;0&quot;,&quot;credit&quot;:&quot;&quot;,&quot;camera&quot;:&quot;&quot;,&quot;caption&quot;:&quot;&quot;,&quot;created_timestamp&quot;:&quot;0&quot;,&quot;copyright&quot;:&quot;&quot;,&quot;focal_length&quot;:&quot;0&quot;,&quot;iso&quot;:&quot;0&quot;,&quot;shutter_speed&quot;:&quot;0&quot;,&quot;title&quot;:&quot;&quot;,&quot;orientation&quot;:&quot;0&quot;}\" data-image-title=\"IMG-20190304-WA0005[1]\" data-image-description=\"\" data-image-caption=\"\" data-medium-file=\"https:\/\/i0.wp.com\/genevieveetbernardauxameriques.fr\/wp-content\/uploads\/2019\/03\/IMG-20190304-WA00051.jpg?fit=300%2C225&amp;ssl=1\" data-large-file=\"https:\/\/i0.wp.com\/genevieveetbernardauxameriques.fr\/wp-content\/uploads\/2019\/03\/IMG-20190304-WA00051.jpg?fit=640%2C480&amp;ssl=1\" class=\"alignnone size-full wp-image-33399\" src=\"https:\/\/i0.wp.com\/genevieveetbernardauxameriques.fr\/wp-content\/uploads\/2019\/03\/IMG-20190304-WA00051.jpg?resize=640%2C480&#038;ssl=1\" alt=\"\" width=\"640\" height=\"480\" srcset=\"https:\/\/i0.wp.com\/genevieveetbernardauxameriques.fr\/wp-content\/uploads\/2019\/03\/IMG-20190304-WA00051.jpg?w=800&amp;ssl=1 800w, https:\/\/i0.wp.com\/genevieveetbernardauxameriques.fr\/wp-content\/uploads\/2019\/03\/IMG-20190304-WA00051.jpg?resize=300%2C225&amp;ssl=1 300w, https:\/\/i0.wp.com\/genevieveetbernardauxameriques.fr\/wp-content\/uploads\/2019\/03\/IMG-20190304-WA00051.jpg?resize=768%2C576&amp;ssl=1 768w\" sizes=\"(max-width: 640px) 100vw, 640px\" data-recalc-dims=\"1\" \/><\/a><\/p>\n<p>Une tapisserie faite avec des timbres :<\/p>\n<p><a href=\"https:\/\/i0.wp.com\/genevieveetbernardauxameriques.fr\/wp-content\/uploads\/2019\/02\/P1120211.jpg?ssl=1\"><img loading=\"lazy\" decoding=\"async\" data-attachment-id=\"33291\" data-permalink=\"https:\/\/genevieveetbernardauxameriques.fr\/index.php\/2019\/03\/06\/baja-californie-2-de-la-paz-a-san-ignacio-avec-edwige\/p1120211\/\" data-orig-file=\"https:\/\/i0.wp.com\/genevieveetbernardauxameriques.fr\/wp-content\/uploads\/2019\/02\/P1120211.jpg?fit=720%2C540&amp;ssl=1\" data-orig-size=\"720,540\" data-comments-opened=\"1\" data-image-meta=\"{&quot;aperture&quot;:&quot;3.3&quot;,&quot;credit&quot;:&quot;&quot;,&quot;camera&quot;:&quot;DMC-TZ55&quot;,&quot;caption&quot;:&quot;&quot;,&quot;created_timestamp&quot;:&quot;1550847546&quot;,&quot;copyright&quot;:&quot;&quot;,&quot;focal_length&quot;:&quot;4.3&quot;,&quot;iso&quot;:&quot;400&quot;,&quot;shutter_speed&quot;:&quot;0.016666666666667&quot;,&quot;title&quot;:&quot;&quot;,&quot;orientation&quot;:&quot;1&quot;}\" data-image-title=\"P1120211\" data-image-description=\"\" data-image-caption=\"\" data-medium-file=\"https:\/\/i0.wp.com\/genevieveetbernardauxameriques.fr\/wp-content\/uploads\/2019\/02\/P1120211.jpg?fit=300%2C225&amp;ssl=1\" data-large-file=\"https:\/\/i0.wp.com\/genevieveetbernardauxameriques.fr\/wp-content\/uploads\/2019\/02\/P1120211.jpg?fit=640%2C480&amp;ssl=1\" class=\"alignnone size-full wp-image-33291\" src=\"https:\/\/i0.wp.com\/genevieveetbernardauxameriques.fr\/wp-content\/uploads\/2019\/02\/P1120211.jpg?resize=640%2C480&#038;ssl=1\" alt=\"\" width=\"640\" height=\"480\" srcset=\"https:\/\/i0.wp.com\/genevieveetbernardauxameriques.fr\/wp-content\/uploads\/2019\/02\/P1120211.jpg?w=720&amp;ssl=1 720w, https:\/\/i0.wp.com\/genevieveetbernardauxameriques.fr\/wp-content\/uploads\/2019\/02\/P1120211.jpg?resize=300%2C225&amp;ssl=1 300w\" sizes=\"(max-width: 640px) 100vw, 640px\" data-recalc-dims=\"1\" \/><\/a> <a href=\"https:\/\/i0.wp.com\/genevieveetbernardauxameriques.fr\/wp-content\/uploads\/2019\/02\/P1120210.jpg?ssl=1\"><img loading=\"lazy\" decoding=\"async\" data-attachment-id=\"33290\" data-permalink=\"https:\/\/genevieveetbernardauxameriques.fr\/index.php\/2019\/03\/06\/baja-californie-2-de-la-paz-a-san-ignacio-avec-edwige\/p1120210\/\" data-orig-file=\"https:\/\/i0.wp.com\/genevieveetbernardauxameriques.fr\/wp-content\/uploads\/2019\/02\/P1120210.jpg?fit=540%2C720&amp;ssl=1\" data-orig-size=\"540,720\" data-comments-opened=\"1\" data-image-meta=\"{&quot;aperture&quot;:&quot;3.5&quot;,&quot;credit&quot;:&quot;&quot;,&quot;camera&quot;:&quot;DMC-TZ55&quot;,&quot;caption&quot;:&quot;&quot;,&quot;created_timestamp&quot;:&quot;1550847538&quot;,&quot;copyright&quot;:&quot;&quot;,&quot;focal_length&quot;:&quot;4.3&quot;,&quot;iso&quot;:&quot;1600&quot;,&quot;shutter_speed&quot;:&quot;0.004&quot;,&quot;title&quot;:&quot;&quot;,&quot;orientation&quot;:&quot;1&quot;}\" data-image-title=\"P1120210\" data-image-description=\"\" data-image-caption=\"\" data-medium-file=\"https:\/\/i0.wp.com\/genevieveetbernardauxameriques.fr\/wp-content\/uploads\/2019\/02\/P1120210.jpg?fit=225%2C300&amp;ssl=1\" data-large-file=\"https:\/\/i0.wp.com\/genevieveetbernardauxameriques.fr\/wp-content\/uploads\/2019\/02\/P1120210.jpg?fit=540%2C720&amp;ssl=1\" class=\"alignnone wp-image-33290\" src=\"https:\/\/i0.wp.com\/genevieveetbernardauxameriques.fr\/wp-content\/uploads\/2019\/02\/P1120210.jpg?resize=451%2C601&#038;ssl=1\" alt=\"\" width=\"451\" height=\"601\" srcset=\"https:\/\/i0.wp.com\/genevieveetbernardauxameriques.fr\/wp-content\/uploads\/2019\/02\/P1120210.jpg?w=540&amp;ssl=1 540w, https:\/\/i0.wp.com\/genevieveetbernardauxameriques.fr\/wp-content\/uploads\/2019\/02\/P1120210.jpg?resize=225%2C300&amp;ssl=1 225w\" sizes=\"(max-width: 451px) 100vw, 451px\" data-recalc-dims=\"1\" \/><\/a><\/p>\n<p>On continue la visite, avec le Palais Bella Artes, une pause repos dans le parc en face<\/p>\n<p><a href=\"https:\/\/i0.wp.com\/genevieveetbernardauxameriques.fr\/wp-content\/uploads\/2019\/03\/IMG-20190304-WA00021.jpg?ssl=1\"><img loading=\"lazy\" decoding=\"async\" data-attachment-id=\"33396\" data-permalink=\"https:\/\/genevieveetbernardauxameriques.fr\/index.php\/2019\/03\/06\/baja-californie-2-de-la-paz-a-san-ignacio-avec-edwige\/img-20190304-wa00021\/\" data-orig-file=\"https:\/\/i0.wp.com\/genevieveetbernardauxameriques.fr\/wp-content\/uploads\/2019\/03\/IMG-20190304-WA00021.jpg?fit=800%2C600&amp;ssl=1\" data-orig-size=\"800,600\" data-comments-opened=\"1\" data-image-meta=\"{&quot;aperture&quot;:&quot;0&quot;,&quot;credit&quot;:&quot;&quot;,&quot;camera&quot;:&quot;&quot;,&quot;caption&quot;:&quot;&quot;,&quot;created_timestamp&quot;:&quot;0&quot;,&quot;copyright&quot;:&quot;&quot;,&quot;focal_length&quot;:&quot;0&quot;,&quot;iso&quot;:&quot;0&quot;,&quot;shutter_speed&quot;:&quot;0&quot;,&quot;title&quot;:&quot;&quot;,&quot;orientation&quot;:&quot;0&quot;}\" data-image-title=\"IMG-20190304-WA0002[1]\" data-image-description=\"\" data-image-caption=\"\" data-medium-file=\"https:\/\/i0.wp.com\/genevieveetbernardauxameriques.fr\/wp-content\/uploads\/2019\/03\/IMG-20190304-WA00021.jpg?fit=300%2C225&amp;ssl=1\" data-large-file=\"https:\/\/i0.wp.com\/genevieveetbernardauxameriques.fr\/wp-content\/uploads\/2019\/03\/IMG-20190304-WA00021.jpg?fit=640%2C480&amp;ssl=1\" class=\"alignnone size-full wp-image-33396\" src=\"https:\/\/i0.wp.com\/genevieveetbernardauxameriques.fr\/wp-content\/uploads\/2019\/03\/IMG-20190304-WA00021.jpg?resize=640%2C480&#038;ssl=1\" alt=\"\" width=\"640\" height=\"480\" srcset=\"https:\/\/i0.wp.com\/genevieveetbernardauxameriques.fr\/wp-content\/uploads\/2019\/03\/IMG-20190304-WA00021.jpg?w=800&amp;ssl=1 800w, https:\/\/i0.wp.com\/genevieveetbernardauxameriques.fr\/wp-content\/uploads\/2019\/03\/IMG-20190304-WA00021.jpg?resize=300%2C225&amp;ssl=1 300w, https:\/\/i0.wp.com\/genevieveetbernardauxameriques.fr\/wp-content\/uploads\/2019\/03\/IMG-20190304-WA00021.jpg?resize=768%2C576&amp;ssl=1 768w\" sizes=\"(max-width: 640px) 100vw, 640px\" data-recalc-dims=\"1\" \/><\/a><\/p>\n<p>et on rejoindra tranquillement notre h\u00f4tel<\/p>\n<p><a href=\"https:\/\/i0.wp.com\/genevieveetbernardauxameriques.fr\/wp-content\/uploads\/2019\/02\/P1120218.jpg?ssl=1\"><img loading=\"lazy\" decoding=\"async\" data-attachment-id=\"33292\" data-permalink=\"https:\/\/genevieveetbernardauxameriques.fr\/index.php\/2019\/03\/06\/baja-californie-2-de-la-paz-a-san-ignacio-avec-edwige\/p1120218\/\" data-orig-file=\"https:\/\/i0.wp.com\/genevieveetbernardauxameriques.fr\/wp-content\/uploads\/2019\/02\/P1120218.jpg?fit=720%2C540&amp;ssl=1\" data-orig-size=\"720,540\" data-comments-opened=\"1\" data-image-meta=\"{&quot;aperture&quot;:&quot;3.9&quot;,&quot;credit&quot;:&quot;&quot;,&quot;camera&quot;:&quot;DMC-TZ55&quot;,&quot;caption&quot;:&quot;&quot;,&quot;created_timestamp&quot;:&quot;1550850484&quot;,&quot;copyright&quot;:&quot;&quot;,&quot;focal_length&quot;:&quot;7.4&quot;,&quot;iso&quot;:&quot;640&quot;,&quot;shutter_speed&quot;:&quot;0.002&quot;,&quot;title&quot;:&quot;&quot;,&quot;orientation&quot;:&quot;1&quot;}\" data-image-title=\"P1120218\" data-image-description=\"\" data-image-caption=\"\" data-medium-file=\"https:\/\/i0.wp.com\/genevieveetbernardauxameriques.fr\/wp-content\/uploads\/2019\/02\/P1120218.jpg?fit=300%2C225&amp;ssl=1\" data-large-file=\"https:\/\/i0.wp.com\/genevieveetbernardauxameriques.fr\/wp-content\/uploads\/2019\/02\/P1120218.jpg?fit=640%2C480&amp;ssl=1\" class=\"alignnone size-full wp-image-33292\" src=\"https:\/\/i0.wp.com\/genevieveetbernardauxameriques.fr\/wp-content\/uploads\/2019\/02\/P1120218.jpg?resize=640%2C480&#038;ssl=1\" alt=\"\" width=\"640\" height=\"480\" srcset=\"https:\/\/i0.wp.com\/genevieveetbernardauxameriques.fr\/wp-content\/uploads\/2019\/02\/P1120218.jpg?w=720&amp;ssl=1 720w, https:\/\/i0.wp.com\/genevieveetbernardauxameriques.fr\/wp-content\/uploads\/2019\/02\/P1120218.jpg?resize=300%2C225&amp;ssl=1 300w\" sizes=\"(max-width: 640px) 100vw, 640px\" data-recalc-dims=\"1\" \/><\/a><\/p>\n<p>Dans l&rsquo;h\u00f4tel :<\/p>\n<p><a href=\"https:\/\/i0.wp.com\/genevieveetbernardauxameriques.fr\/wp-content\/uploads\/2019\/02\/P1120222.jpg?ssl=1\"><img loading=\"lazy\" decoding=\"async\" data-attachment-id=\"33294\" data-permalink=\"https:\/\/genevieveetbernardauxameriques.fr\/index.php\/2019\/03\/06\/baja-californie-2-de-la-paz-a-san-ignacio-avec-edwige\/p1120222\/\" data-orig-file=\"https:\/\/i0.wp.com\/genevieveetbernardauxameriques.fr\/wp-content\/uploads\/2019\/02\/P1120222.jpg?fit=540%2C720&amp;ssl=1\" data-orig-size=\"540,720\" data-comments-opened=\"1\" data-image-meta=\"{&quot;aperture&quot;:&quot;3.3&quot;,&quot;credit&quot;:&quot;&quot;,&quot;camera&quot;:&quot;DMC-TZ55&quot;,&quot;caption&quot;:&quot;&quot;,&quot;created_timestamp&quot;:&quot;1550852501&quot;,&quot;copyright&quot;:&quot;&quot;,&quot;focal_length&quot;:&quot;4.3&quot;,&quot;iso&quot;:&quot;400&quot;,&quot;shutter_speed&quot;:&quot;0.016666666666667&quot;,&quot;title&quot;:&quot;&quot;,&quot;orientation&quot;:&quot;1&quot;}\" data-image-title=\"P1120222\" data-image-description=\"\" data-image-caption=\"\" data-medium-file=\"https:\/\/i0.wp.com\/genevieveetbernardauxameriques.fr\/wp-content\/uploads\/2019\/02\/P1120222.jpg?fit=225%2C300&amp;ssl=1\" data-large-file=\"https:\/\/i0.wp.com\/genevieveetbernardauxameriques.fr\/wp-content\/uploads\/2019\/02\/P1120222.jpg?fit=540%2C720&amp;ssl=1\" class=\"alignnone wp-image-33294\" src=\"https:\/\/i0.wp.com\/genevieveetbernardauxameriques.fr\/wp-content\/uploads\/2019\/02\/P1120222.jpg?resize=451%2C601&#038;ssl=1\" alt=\"\" width=\"451\" height=\"601\" srcset=\"https:\/\/i0.wp.com\/genevieveetbernardauxameriques.fr\/wp-content\/uploads\/2019\/02\/P1120222.jpg?w=540&amp;ssl=1 540w, https:\/\/i0.wp.com\/genevieveetbernardauxameriques.fr\/wp-content\/uploads\/2019\/02\/P1120222.jpg?resize=225%2C300&amp;ssl=1 225w\" sizes=\"(max-width: 451px) 100vw, 451px\" data-recalc-dims=\"1\" \/><\/a><\/p>\n<p>Apr\u00e8s avoir \u00e9t\u00e9 r\u00e9cup\u00e9r\u00e9 nos bagages, nous prenons un taxi pour rejoindre l&rsquo;a\u00e9roport. Ils prennent l&rsquo;avion \u00e0 20 h et moi le lendemain matin \u00e0 7 h 30. Je dois les quitter \u00e0 regret.<\/p>\n<p><a href=\"https:\/\/i0.wp.com\/genevieveetbernardauxameriques.fr\/wp-content\/uploads\/2019\/02\/IMG_20190222_180110.jpg?ssl=1\"><img loading=\"lazy\" decoding=\"async\" data-attachment-id=\"32977\" data-permalink=\"https:\/\/genevieveetbernardauxameriques.fr\/index.php\/2019\/03\/06\/baja-californie-2-de-la-paz-a-san-ignacio-avec-edwige\/img_20190222_180110\/\" data-orig-file=\"https:\/\/i0.wp.com\/genevieveetbernardauxameriques.fr\/wp-content\/uploads\/2019\/02\/IMG_20190222_180110.jpg?fit=540%2C720&amp;ssl=1\" data-orig-size=\"540,720\" data-comments-opened=\"1\" data-image-meta=\"{&quot;aperture&quot;:&quot;2&quot;,&quot;credit&quot;:&quot;&quot;,&quot;camera&quot;:&quot;STARXTREM 6&quot;,&quot;caption&quot;:&quot;&quot;,&quot;created_timestamp&quot;:&quot;1550858471&quot;,&quot;copyright&quot;:&quot;&quot;,&quot;focal_length&quot;:&quot;3.69&quot;,&quot;iso&quot;:&quot;146&quot;,&quot;shutter_speed&quot;:&quot;0.03030303030303&quot;,&quot;title&quot;:&quot;&quot;,&quot;orientation&quot;:&quot;0&quot;}\" data-image-title=\"IMG_20190222_180110\" data-image-description=\"\" data-image-caption=\"\" data-medium-file=\"https:\/\/i0.wp.com\/genevieveetbernardauxameriques.fr\/wp-content\/uploads\/2019\/02\/IMG_20190222_180110.jpg?fit=225%2C300&amp;ssl=1\" data-large-file=\"https:\/\/i0.wp.com\/genevieveetbernardauxameriques.fr\/wp-content\/uploads\/2019\/02\/IMG_20190222_180110.jpg?fit=540%2C720&amp;ssl=1\" class=\"alignnone wp-image-32977\" src=\"https:\/\/i0.wp.com\/genevieveetbernardauxameriques.fr\/wp-content\/uploads\/2019\/02\/IMG_20190222_180110.jpg?resize=450%2C600&#038;ssl=1\" alt=\"\" width=\"450\" height=\"600\" srcset=\"https:\/\/i0.wp.com\/genevieveetbernardauxameriques.fr\/wp-content\/uploads\/2019\/02\/IMG_20190222_180110.jpg?w=540&amp;ssl=1 540w, https:\/\/i0.wp.com\/genevieveetbernardauxameriques.fr\/wp-content\/uploads\/2019\/02\/IMG_20190222_180110.jpg?resize=225%2C300&amp;ssl=1 225w\" sizes=\"(max-width: 450px) 100vw, 450px\" data-recalc-dims=\"1\" \/><\/a><\/p>\n<p>Ils m&rsquo;envoient 2 derni\u00e8res photos avant le d\u00e9collage<\/p>\n<p><a href=\"https:\/\/i0.wp.com\/genevieveetbernardauxameriques.fr\/wp-content\/uploads\/2019\/03\/IMG-20190304-WA00091.jpg?ssl=1\"><img loading=\"lazy\" decoding=\"async\" data-attachment-id=\"33403\" data-permalink=\"https:\/\/genevieveetbernardauxameriques.fr\/index.php\/2019\/03\/06\/baja-californie-2-de-la-paz-a-san-ignacio-avec-edwige\/img-20190304-wa00091\/\" data-orig-file=\"https:\/\/i0.wp.com\/genevieveetbernardauxameriques.fr\/wp-content\/uploads\/2019\/03\/IMG-20190304-WA00091.jpg?fit=1200%2C1600&amp;ssl=1\" data-orig-size=\"1200,1600\" data-comments-opened=\"1\" data-image-meta=\"{&quot;aperture&quot;:&quot;0&quot;,&quot;credit&quot;:&quot;&quot;,&quot;camera&quot;:&quot;&quot;,&quot;caption&quot;:&quot;&quot;,&quot;created_timestamp&quot;:&quot;0&quot;,&quot;copyright&quot;:&quot;&quot;,&quot;focal_length&quot;:&quot;0&quot;,&quot;iso&quot;:&quot;0&quot;,&quot;shutter_speed&quot;:&quot;0&quot;,&quot;title&quot;:&quot;&quot;,&quot;orientation&quot;:&quot;0&quot;}\" data-image-title=\"IMG-20190304-WA0009[1]\" data-image-description=\"\" data-image-caption=\"\" data-medium-file=\"https:\/\/i0.wp.com\/genevieveetbernardauxameriques.fr\/wp-content\/uploads\/2019\/03\/IMG-20190304-WA00091.jpg?fit=225%2C300&amp;ssl=1\" data-large-file=\"https:\/\/i0.wp.com\/genevieveetbernardauxameriques.fr\/wp-content\/uploads\/2019\/03\/IMG-20190304-WA00091.jpg?fit=640%2C853&amp;ssl=1\" class=\"alignnone wp-image-33403\" src=\"https:\/\/i0.wp.com\/genevieveetbernardauxameriques.fr\/wp-content\/uploads\/2019\/03\/IMG-20190304-WA00091.jpg?resize=450%2C600&#038;ssl=1\" alt=\"\" width=\"450\" height=\"600\" srcset=\"https:\/\/i0.wp.com\/genevieveetbernardauxameriques.fr\/wp-content\/uploads\/2019\/03\/IMG-20190304-WA00091.jpg?resize=768%2C1024&amp;ssl=1 768w, https:\/\/i0.wp.com\/genevieveetbernardauxameriques.fr\/wp-content\/uploads\/2019\/03\/IMG-20190304-WA00091.jpg?resize=225%2C300&amp;ssl=1 225w, https:\/\/i0.wp.com\/genevieveetbernardauxameriques.fr\/wp-content\/uploads\/2019\/03\/IMG-20190304-WA00091.jpg?w=1200&amp;ssl=1 1200w\" sizes=\"(max-width: 450px) 100vw, 450px\" data-recalc-dims=\"1\" \/><\/a><a href=\"https:\/\/i0.wp.com\/genevieveetbernardauxameriques.fr\/wp-content\/uploads\/2019\/03\/IMG-20190304-WA00061.jpg?ssl=1\"><img loading=\"lazy\" decoding=\"async\" data-attachment-id=\"33400\" data-permalink=\"https:\/\/genevieveetbernardauxameriques.fr\/index.php\/2019\/03\/06\/baja-californie-2-de-la-paz-a-san-ignacio-avec-edwige\/img-20190304-wa00061\/\" data-orig-file=\"https:\/\/i0.wp.com\/genevieveetbernardauxameriques.fr\/wp-content\/uploads\/2019\/03\/IMG-20190304-WA00061.jpg?fit=800%2C600&amp;ssl=1\" data-orig-size=\"800,600\" data-comments-opened=\"1\" data-image-meta=\"{&quot;aperture&quot;:&quot;0&quot;,&quot;credit&quot;:&quot;&quot;,&quot;camera&quot;:&quot;&quot;,&quot;caption&quot;:&quot;&quot;,&quot;created_timestamp&quot;:&quot;0&quot;,&quot;copyright&quot;:&quot;&quot;,&quot;focal_length&quot;:&quot;0&quot;,&quot;iso&quot;:&quot;0&quot;,&quot;shutter_speed&quot;:&quot;0&quot;,&quot;title&quot;:&quot;&quot;,&quot;orientation&quot;:&quot;0&quot;}\" data-image-title=\"IMG-20190304-WA0006[1]\" data-image-description=\"\" data-image-caption=\"\" data-medium-file=\"https:\/\/i0.wp.com\/genevieveetbernardauxameriques.fr\/wp-content\/uploads\/2019\/03\/IMG-20190304-WA00061.jpg?fit=300%2C225&amp;ssl=1\" data-large-file=\"https:\/\/i0.wp.com\/genevieveetbernardauxameriques.fr\/wp-content\/uploads\/2019\/03\/IMG-20190304-WA00061.jpg?fit=640%2C480&amp;ssl=1\" class=\"alignnone size-full wp-image-33400\" src=\"https:\/\/i0.wp.com\/genevieveetbernardauxameriques.fr\/wp-content\/uploads\/2019\/03\/IMG-20190304-WA00061.jpg?resize=640%2C480&#038;ssl=1\" alt=\"\" width=\"640\" height=\"480\" srcset=\"https:\/\/i0.wp.com\/genevieveetbernardauxameriques.fr\/wp-content\/uploads\/2019\/03\/IMG-20190304-WA00061.jpg?w=800&amp;ssl=1 800w, https:\/\/i0.wp.com\/genevieveetbernardauxameriques.fr\/wp-content\/uploads\/2019\/03\/IMG-20190304-WA00061.jpg?resize=300%2C225&amp;ssl=1 300w, https:\/\/i0.wp.com\/genevieveetbernardauxameriques.fr\/wp-content\/uploads\/2019\/03\/IMG-20190304-WA00061.jpg?resize=768%2C576&amp;ssl=1 768w\" sizes=\"(max-width: 640px) 100vw, 640px\" data-recalc-dims=\"1\" \/><\/a><\/p>\n<p>Et moi je rejoins mon h\u00f4tel, dont vous aurez les explications sur l&rsquo;article prochain. Juste une photo du couloir avec les \u00ab\u00a0portes des chambres\u00a0\u00bb.<\/p>\n<p><a href=\"https:\/\/i0.wp.com\/genevieveetbernardauxameriques.fr\/wp-content\/uploads\/2019\/02\/P1120226.jpg?ssl=1\"><img loading=\"lazy\" decoding=\"async\" data-attachment-id=\"33296\" data-permalink=\"https:\/\/genevieveetbernardauxameriques.fr\/index.php\/2019\/03\/06\/baja-californie-2-de-la-paz-a-san-ignacio-avec-edwige\/p1120226\/\" data-orig-file=\"https:\/\/i0.wp.com\/genevieveetbernardauxameriques.fr\/wp-content\/uploads\/2019\/02\/P1120226.jpg?fit=720%2C540&amp;ssl=1\" data-orig-size=\"720,540\" data-comments-opened=\"1\" data-image-meta=\"{&quot;aperture&quot;:&quot;3.3&quot;,&quot;credit&quot;:&quot;&quot;,&quot;camera&quot;:&quot;DMC-TZ55&quot;,&quot;caption&quot;:&quot;&quot;,&quot;created_timestamp&quot;:&quot;1550903232&quot;,&quot;copyright&quot;:&quot;&quot;,&quot;focal_length&quot;:&quot;4.3&quot;,&quot;iso&quot;:&quot;2500&quot;,&quot;shutter_speed&quot;:&quot;0.125&quot;,&quot;title&quot;:&quot;&quot;,&quot;orientation&quot;:&quot;1&quot;}\" data-image-title=\"P1120226\" data-image-description=\"\" data-image-caption=\"\" data-medium-file=\"https:\/\/i0.wp.com\/genevieveetbernardauxameriques.fr\/wp-content\/uploads\/2019\/02\/P1120226.jpg?fit=300%2C225&amp;ssl=1\" data-large-file=\"https:\/\/i0.wp.com\/genevieveetbernardauxameriques.fr\/wp-content\/uploads\/2019\/02\/P1120226.jpg?fit=640%2C480&amp;ssl=1\" class=\"alignnone size-full wp-image-33296\" src=\"https:\/\/i0.wp.com\/genevieveetbernardauxameriques.fr\/wp-content\/uploads\/2019\/02\/P1120226.jpg?resize=640%2C480&#038;ssl=1\" alt=\"\" width=\"640\" height=\"480\" srcset=\"https:\/\/i0.wp.com\/genevieveetbernardauxameriques.fr\/wp-content\/uploads\/2019\/02\/P1120226.jpg?w=720&amp;ssl=1 720w, https:\/\/i0.wp.com\/genevieveetbernardauxameriques.fr\/wp-content\/uploads\/2019\/02\/P1120226.jpg?resize=300%2C225&amp;ssl=1 300w\" sizes=\"(max-width: 640px) 100vw, 640px\" data-recalc-dims=\"1\" \/><\/a><\/p>\n<p>Et voil\u00e0 le circuit fait avec Edwige.<\/p>\n<p><a href=\"https:\/\/i0.wp.com\/genevieveetbernardauxameriques.fr\/wp-content\/uploads\/2019\/03\/thumbnail_IMG_25192.jpg?ssl=1\"><img loading=\"lazy\" decoding=\"async\" data-attachment-id=\"33823\" data-permalink=\"https:\/\/genevieveetbernardauxameriques.fr\/index.php\/2019\/03\/06\/baja-californie-2-de-la-paz-a-san-ignacio-avec-edwige\/thumbnail_img_25192\/\" data-orig-file=\"https:\/\/i0.wp.com\/genevieveetbernardauxameriques.fr\/wp-content\/uploads\/2019\/03\/thumbnail_IMG_25192.jpg?fit=488%2C640&amp;ssl=1\" data-orig-size=\"488,640\" data-comments-opened=\"1\" data-image-meta=\"{&quot;aperture&quot;:&quot;0&quot;,&quot;credit&quot;:&quot;&quot;,&quot;camera&quot;:&quot;&quot;,&quot;caption&quot;:&quot;&quot;,&quot;created_timestamp&quot;:&quot;0&quot;,&quot;copyright&quot;:&quot;&quot;,&quot;focal_length&quot;:&quot;0&quot;,&quot;iso&quot;:&quot;0&quot;,&quot;shutter_speed&quot;:&quot;0&quot;,&quot;title&quot;:&quot;&quot;,&quot;orientation&quot;:&quot;1&quot;}\" data-image-title=\"thumbnail_IMG_2519[2]\" data-image-description=\"\" data-image-caption=\"\" data-medium-file=\"https:\/\/i0.wp.com\/genevieveetbernardauxameriques.fr\/wp-content\/uploads\/2019\/03\/thumbnail_IMG_25192.jpg?fit=229%2C300&amp;ssl=1\" data-large-file=\"https:\/\/i0.wp.com\/genevieveetbernardauxameriques.fr\/wp-content\/uploads\/2019\/03\/thumbnail_IMG_25192.jpg?fit=488%2C640&amp;ssl=1\" class=\"alignnone size-full wp-image-33823\" src=\"https:\/\/i0.wp.com\/genevieveetbernardauxameriques.fr\/wp-content\/uploads\/2019\/03\/thumbnail_IMG_25192.jpg?resize=488%2C640&#038;ssl=1\" alt=\"\" width=\"488\" height=\"640\" srcset=\"https:\/\/i0.wp.com\/genevieveetbernardauxameriques.fr\/wp-content\/uploads\/2019\/03\/thumbnail_IMG_25192.jpg?w=488&amp;ssl=1 488w, https:\/\/i0.wp.com\/genevieveetbernardauxameriques.fr\/wp-content\/uploads\/2019\/03\/thumbnail_IMG_25192.jpg?resize=229%2C300&amp;ssl=1 229w\" sizes=\"(max-width: 488px) 100vw, 488px\" data-recalc-dims=\"1\" \/><\/a><\/p>\n<p>&nbsp;<\/p>\n","protected":false},"excerpt":{"rendered":"<p>DU 9 FEVRIER AU 22 FEVRIER 2019 Durant les vacances scolaires en Bretagne, EDWIGE, NOAN et LILOU viennent nous rejoindre en BAJA CALIFORNIE. Nous allons rechercher les baleines, requins et otaries et pour cela remonter jusqu&rsquo;\u00e0 SAN IGNACIO,\u00a0 nous ferons &hellip; <a href=\"https:\/\/genevieveetbernardauxameriques.fr\/index.php\/2019\/03\/06\/baja-californie-2-de-la-paz-a-san-ignacio-avec-edwige\/\">Continuer la lecture <span class=\"meta-nav\">&rarr;<\/span><\/a><\/p>\n","protected":false},"author":1,"featured_media":0,"comment_status":"open","ping_status":"open","sticky":false,"template":"","format":"standard","meta":{"jetpack_post_was_ever_published":false,"_jetpack_newsletter_access":"","_jetpack_dont_email_post_to_subs":false,"_jetpack_newsletter_tier_id":0,"_jetpack_memberships_contains_paywalled_content":false,"_jetpack_memberships_contains_paid_content":false,"footnotes":""},"categories":[175],"tags":[],"jetpack_featured_media_url":"","jetpack_sharing_enabled":true,"jetpack_shortlink":"https:\/\/wp.me\/p7hALO-8wu","_links":{"self":[{"href":"https:\/\/genevieveetbernardauxameriques.fr\/index.php\/wp-json\/wp\/v2\/posts\/32766"}],"collection":[{"href":"https:\/\/genevieveetbernardauxameriques.fr\/index.php\/wp-json\/wp\/v2\/posts"}],"about":[{"href":"https:\/\/genevieveetbernardauxameriques.fr\/index.php\/wp-json\/wp\/v2\/types\/post"}],"author":[{"embeddable":true,"href":"https:\/\/genevieveetbernardauxameriques.fr\/index.php\/wp-json\/wp\/v2\/users\/1"}],"replies":[{"embeddable":true,"href":"https:\/\/genevieveetbernardauxameriques.fr\/index.php\/wp-json\/wp\/v2\/comments?post=32766"}],"version-history":[{"count":39,"href":"https:\/\/genevieveetbernardauxameriques.fr\/index.php\/wp-json\/wp\/v2\/posts\/32766\/revisions"}],"predecessor-version":[{"id":33824,"href":"https:\/\/genevieveetbernardauxameriques.fr\/index.php\/wp-json\/wp\/v2\/posts\/32766\/revisions\/33824"}],"wp:attachment":[{"href":"https:\/\/genevieveetbernardauxameriques.fr\/index.php\/wp-json\/wp\/v2\/media?parent=32766"}],"wp:term":[{"taxonomy":"category","embeddable":true,"href":"https:\/\/genevieveetbernardauxameriques.fr\/index.php\/wp-json\/wp\/v2\/categories?post=32766"},{"taxonomy":"post_tag","embeddable":true,"href":"https:\/\/genevieveetbernardauxameriques.fr\/index.php\/wp-json\/wp\/v2\/tags?post=32766"}],"curies":[{"name":"wp","href":"https:\/\/api.w.org\/{rel}","templated":true}]}}