{"id":4412,"date":"2016-03-29T12:18:23","date_gmt":"2016-03-29T11:18:23","guid":{"rendered":"http:\/\/genevieveetbernardauxameriques.fr\/?p=4412"},"modified":"2020-02-06T21:55:13","modified_gmt":"2020-02-06T20:55:13","slug":"de-rio-do-sud-a-rio-de-janeiro","status":"publish","type":"post","link":"https:\/\/genevieveetbernardauxameriques.fr\/index.php\/2016\/03\/29\/de-rio-do-sud-a-rio-de-janeiro\/","title":{"rendered":"DE RIO DEL SUD A RIO DE JANEIRO"},"content":{"rendered":"<p><strong>DU 7 MARS AU\u00a0 21 MARS 2016<\/strong><\/p>\n<p>Apr\u00e8s avoir quitt\u00e9 avec regret nos nouveaux amis , nous filons sur FLORIANOPOLIS, \u00e0 160 kms au sud, au bord de l\u2019Atlantique.<\/p>\n<p align=\"justify\">Les paysages sont magnifiques, nous traversons une\u00a0 for\u00eat tropicale avec des collines verdoyantes et une flore qui nous surprend \u00e0 chaque virage.<\/p>\n<blockquote><p><img loading=\"lazy\" decoding=\"async\" data-attachment-id=\"4020\" data-permalink=\"https:\/\/genevieveetbernardauxameriques.fr\/index.php\/2016\/03\/29\/de-rio-do-sud-a-rio-de-janeiro\/20160311_094959-jpg\/\" data-orig-file=\"https:\/\/i0.wp.com\/genevieveetbernardauxameriques.fr\/wp-content\/uploads\/2016\/03\/20160311_094959.jpg?fit=800%2C600&amp;ssl=1\" data-orig-size=\"800,600\" data-comments-opened=\"1\" data-image-meta=\"{&quot;aperture&quot;:&quot;1.9&quot;,&quot;credit&quot;:&quot;&quot;,&quot;camera&quot;:&quot;SM-T810&quot;,&quot;caption&quot;:&quot;&quot;,&quot;created_timestamp&quot;:&quot;1457689799&quot;,&quot;copyright&quot;:&quot;&quot;,&quot;focal_length&quot;:&quot;2.9&quot;,&quot;iso&quot;:&quot;40&quot;,&quot;shutter_speed&quot;:&quot;0.0012165450121655&quot;,&quot;title&quot;:&quot;&quot;,&quot;orientation&quot;:&quot;1&quot;}\" data-image-title=\"20160311_094959.jpg\" data-image-description=\"\" data-image-caption=\"\" data-medium-file=\"https:\/\/i0.wp.com\/genevieveetbernardauxameriques.fr\/wp-content\/uploads\/2016\/03\/20160311_094959.jpg?fit=300%2C225&amp;ssl=1\" data-large-file=\"https:\/\/i0.wp.com\/genevieveetbernardauxameriques.fr\/wp-content\/uploads\/2016\/03\/20160311_094959.jpg?fit=640%2C480&amp;ssl=1\" class=\"alignnone size-full wp-image-4020\" src=\"https:\/\/i0.wp.com\/genevieveetbernardauxameriques.fr\/wp-content\/uploads\/2016\/03\/20160311_094959.jpg?resize=640%2C480&#038;ssl=1\" alt=\"\" width=\"640\" height=\"480\" srcset=\"https:\/\/i0.wp.com\/genevieveetbernardauxameriques.fr\/wp-content\/uploads\/2016\/03\/20160311_094959.jpg?w=800&amp;ssl=1 800w, https:\/\/i0.wp.com\/genevieveetbernardauxameriques.fr\/wp-content\/uploads\/2016\/03\/20160311_094959.jpg?resize=300%2C225&amp;ssl=1 300w, https:\/\/i0.wp.com\/genevieveetbernardauxameriques.fr\/wp-content\/uploads\/2016\/03\/20160311_094959.jpg?resize=768%2C576&amp;ssl=1 768w\" sizes=\"(max-width: 640px) 100vw, 640px\" data-recalc-dims=\"1\" \/> <img loading=\"lazy\" decoding=\"async\" data-attachment-id=\"4018\" data-permalink=\"https:\/\/genevieveetbernardauxameriques.fr\/index.php\/2016\/03\/29\/de-rio-do-sud-a-rio-de-janeiro\/20160311_094405-jpg\/\" data-orig-file=\"https:\/\/i0.wp.com\/genevieveetbernardauxameriques.fr\/wp-content\/uploads\/2016\/03\/20160311_094405.jpg?fit=800%2C600&amp;ssl=1\" data-orig-size=\"800,600\" data-comments-opened=\"1\" data-image-meta=\"{&quot;aperture&quot;:&quot;1.9&quot;,&quot;credit&quot;:&quot;&quot;,&quot;camera&quot;:&quot;SM-T810&quot;,&quot;caption&quot;:&quot;&quot;,&quot;created_timestamp&quot;:&quot;1457689445&quot;,&quot;copyright&quot;:&quot;&quot;,&quot;focal_length&quot;:&quot;2.9&quot;,&quot;iso&quot;:&quot;40&quot;,&quot;shutter_speed&quot;:&quot;0.0022988505747126&quot;,&quot;title&quot;:&quot;&quot;,&quot;orientation&quot;:&quot;1&quot;}\" data-image-title=\"20160311_094405.jpg\" data-image-description=\"\" data-image-caption=\"\" data-medium-file=\"https:\/\/i0.wp.com\/genevieveetbernardauxameriques.fr\/wp-content\/uploads\/2016\/03\/20160311_094405.jpg?fit=300%2C225&amp;ssl=1\" data-large-file=\"https:\/\/i0.wp.com\/genevieveetbernardauxameriques.fr\/wp-content\/uploads\/2016\/03\/20160311_094405.jpg?fit=640%2C480&amp;ssl=1\" class=\"alignnone size-full wp-image-4018\" src=\"https:\/\/i0.wp.com\/genevieveetbernardauxameriques.fr\/wp-content\/uploads\/2016\/03\/20160311_094405.jpg?resize=640%2C480&#038;ssl=1\" alt=\"\" width=\"640\" height=\"480\" srcset=\"https:\/\/i0.wp.com\/genevieveetbernardauxameriques.fr\/wp-content\/uploads\/2016\/03\/20160311_094405.jpg?w=800&amp;ssl=1 800w, https:\/\/i0.wp.com\/genevieveetbernardauxameriques.fr\/wp-content\/uploads\/2016\/03\/20160311_094405.jpg?resize=300%2C225&amp;ssl=1 300w, https:\/\/i0.wp.com\/genevieveetbernardauxameriques.fr\/wp-content\/uploads\/2016\/03\/20160311_094405.jpg?resize=768%2C576&amp;ssl=1 768w\" sizes=\"(max-width: 640px) 100vw, 640px\" data-recalc-dims=\"1\" \/> <img loading=\"lazy\" decoding=\"async\" data-attachment-id=\"4016\" data-permalink=\"https:\/\/genevieveetbernardauxameriques.fr\/index.php\/2016\/03\/29\/de-rio-do-sud-a-rio-de-janeiro\/20160311_084222-jpg\/\" data-orig-file=\"https:\/\/i0.wp.com\/genevieveetbernardauxameriques.fr\/wp-content\/uploads\/2016\/03\/20160311_084222.jpg?fit=800%2C600&amp;ssl=1\" data-orig-size=\"800,600\" data-comments-opened=\"1\" data-image-meta=\"{&quot;aperture&quot;:&quot;1.9&quot;,&quot;credit&quot;:&quot;&quot;,&quot;camera&quot;:&quot;SM-T810&quot;,&quot;caption&quot;:&quot;&quot;,&quot;created_timestamp&quot;:&quot;1457685742&quot;,&quot;copyright&quot;:&quot;&quot;,&quot;focal_length&quot;:&quot;2.9&quot;,&quot;iso&quot;:&quot;40&quot;,&quot;shutter_speed&quot;:&quot;0.0058479532163743&quot;,&quot;title&quot;:&quot;&quot;,&quot;orientation&quot;:&quot;1&quot;}\" data-image-title=\"20160311_084222.jpg\" data-image-description=\"\" data-image-caption=\"\" data-medium-file=\"https:\/\/i0.wp.com\/genevieveetbernardauxameriques.fr\/wp-content\/uploads\/2016\/03\/20160311_084222.jpg?fit=300%2C225&amp;ssl=1\" data-large-file=\"https:\/\/i0.wp.com\/genevieveetbernardauxameriques.fr\/wp-content\/uploads\/2016\/03\/20160311_084222.jpg?fit=640%2C480&amp;ssl=1\" class=\"alignnone size-full wp-image-4016\" src=\"https:\/\/i0.wp.com\/genevieveetbernardauxameriques.fr\/wp-content\/uploads\/2016\/03\/20160311_084222.jpg?resize=640%2C480&#038;ssl=1\" alt=\"\" width=\"640\" height=\"480\" srcset=\"https:\/\/i0.wp.com\/genevieveetbernardauxameriques.fr\/wp-content\/uploads\/2016\/03\/20160311_084222.jpg?w=800&amp;ssl=1 800w, https:\/\/i0.wp.com\/genevieveetbernardauxameriques.fr\/wp-content\/uploads\/2016\/03\/20160311_084222.jpg?resize=300%2C225&amp;ssl=1 300w, https:\/\/i0.wp.com\/genevieveetbernardauxameriques.fr\/wp-content\/uploads\/2016\/03\/20160311_084222.jpg?resize=768%2C576&amp;ssl=1 768w\" sizes=\"(max-width: 640px) 100vw, 640px\" data-recalc-dims=\"1\" \/><\/p><\/blockquote>\n<p>Lundi soir, nous quittons la route principale, qui n\u2019\u00e9tait pas si mauvaise, pour bivouaquer dans un endroit tranquille : <strong>RANCHO QUEMADO<\/strong><\/p>\n<p align=\"center\"><em>L\u2019entr\u00e9e du village<\/em><\/p>\n<p align=\"center\"><img loading=\"lazy\" decoding=\"async\" class=\"alignnone size-full wp-image-4022\" src=\"https:\/\/i0.wp.com\/genevieveetbernardauxameriques.fr\/wp-content\/uploads\/2016\/03\/P1010855.jpg?resize=640%2C480&#038;ssl=1\" alt=\"\" width=\"640\" height=\"480\" data-recalc-dims=\"1\" \/><\/p>\n<p><em>La place o\u00f9 nous bivouacons<\/em><\/p>\n<p><img loading=\"lazy\" decoding=\"async\" data-attachment-id=\"4024\" data-permalink=\"https:\/\/genevieveetbernardauxameriques.fr\/index.php\/2016\/03\/29\/de-rio-do-sud-a-rio-de-janeiro\/p1010850-jpg\/\" data-orig-file=\"https:\/\/i0.wp.com\/genevieveetbernardauxameriques.fr\/wp-content\/uploads\/2016\/03\/P1010850.jpg?fit=800%2C600&amp;ssl=1\" data-orig-size=\"800,600\" data-comments-opened=\"1\" data-image-meta=\"{&quot;aperture&quot;:&quot;6.3&quot;,&quot;credit&quot;:&quot;&quot;,&quot;camera&quot;:&quot;DMC-TZ55&quot;,&quot;caption&quot;:&quot;&quot;,&quot;created_timestamp&quot;:&quot;1457443307&quot;,&quot;copyright&quot;:&quot;&quot;,&quot;focal_length&quot;:&quot;4.3&quot;,&quot;iso&quot;:&quot;100&quot;,&quot;shutter_speed&quot;:&quot;0.033333333333333&quot;,&quot;title&quot;:&quot;&quot;,&quot;orientation&quot;:&quot;1&quot;}\" data-image-title=\"P1010850.jpg\" data-image-description=\"\" data-image-caption=\"\" data-medium-file=\"https:\/\/i0.wp.com\/genevieveetbernardauxameriques.fr\/wp-content\/uploads\/2016\/03\/P1010850.jpg?fit=300%2C225&amp;ssl=1\" data-large-file=\"https:\/\/i0.wp.com\/genevieveetbernardauxameriques.fr\/wp-content\/uploads\/2016\/03\/P1010850.jpg?fit=640%2C480&amp;ssl=1\" class=\"alignnone size-full wp-image-4024\" src=\"https:\/\/i0.wp.com\/genevieveetbernardauxameriques.fr\/wp-content\/uploads\/2016\/03\/P1010850.jpg?resize=640%2C480&#038;ssl=1\" alt=\"\" width=\"640\" height=\"480\" srcset=\"https:\/\/i0.wp.com\/genevieveetbernardauxameriques.fr\/wp-content\/uploads\/2016\/03\/P1010850.jpg?w=800&amp;ssl=1 800w, https:\/\/i0.wp.com\/genevieveetbernardauxameriques.fr\/wp-content\/uploads\/2016\/03\/P1010850.jpg?resize=300%2C225&amp;ssl=1 300w, https:\/\/i0.wp.com\/genevieveetbernardauxameriques.fr\/wp-content\/uploads\/2016\/03\/P1010850.jpg?resize=768%2C576&amp;ssl=1 768w\" sizes=\"(max-width: 640px) 100vw, 640px\" data-recalc-dims=\"1\" \/> <img loading=\"lazy\" decoding=\"async\" data-attachment-id=\"4026\" data-permalink=\"https:\/\/genevieveetbernardauxameriques.fr\/index.php\/2016\/03\/29\/de-rio-do-sud-a-rio-de-janeiro\/p1010851-jpg\/\" data-orig-file=\"https:\/\/i0.wp.com\/genevieveetbernardauxameriques.fr\/wp-content\/uploads\/2016\/03\/P1010851.jpg?fit=800%2C600&amp;ssl=1\" data-orig-size=\"800,600\" data-comments-opened=\"1\" data-image-meta=\"{&quot;aperture&quot;:&quot;6.3&quot;,&quot;credit&quot;:&quot;&quot;,&quot;camera&quot;:&quot;DMC-TZ55&quot;,&quot;caption&quot;:&quot;&quot;,&quot;created_timestamp&quot;:&quot;1457443352&quot;,&quot;copyright&quot;:&quot;&quot;,&quot;focal_length&quot;:&quot;4.3&quot;,&quot;iso&quot;:&quot;100&quot;,&quot;shutter_speed&quot;:&quot;0.033333333333333&quot;,&quot;title&quot;:&quot;&quot;,&quot;orientation&quot;:&quot;1&quot;}\" data-image-title=\"P1010851.jpg\" data-image-description=\"\" data-image-caption=\"\" data-medium-file=\"https:\/\/i0.wp.com\/genevieveetbernardauxameriques.fr\/wp-content\/uploads\/2016\/03\/P1010851.jpg?fit=300%2C225&amp;ssl=1\" data-large-file=\"https:\/\/i0.wp.com\/genevieveetbernardauxameriques.fr\/wp-content\/uploads\/2016\/03\/P1010851.jpg?fit=640%2C480&amp;ssl=1\" class=\"alignnone size-full wp-image-4026\" src=\"https:\/\/i0.wp.com\/genevieveetbernardauxameriques.fr\/wp-content\/uploads\/2016\/03\/P1010851.jpg?resize=640%2C480&#038;ssl=1\" alt=\"\" width=\"640\" height=\"480\" srcset=\"https:\/\/i0.wp.com\/genevieveetbernardauxameriques.fr\/wp-content\/uploads\/2016\/03\/P1010851.jpg?w=800&amp;ssl=1 800w, https:\/\/i0.wp.com\/genevieveetbernardauxameriques.fr\/wp-content\/uploads\/2016\/03\/P1010851.jpg?resize=300%2C225&amp;ssl=1 300w, https:\/\/i0.wp.com\/genevieveetbernardauxameriques.fr\/wp-content\/uploads\/2016\/03\/P1010851.jpg?resize=768%2C576&amp;ssl=1 768w\" sizes=\"(max-width: 640px) 100vw, 640px\" data-recalc-dims=\"1\" \/><img loading=\"lazy\" decoding=\"async\" data-attachment-id=\"4028\" data-permalink=\"https:\/\/genevieveetbernardauxameriques.fr\/index.php\/2016\/03\/29\/de-rio-do-sud-a-rio-de-janeiro\/p1010852-png\/\" data-orig-file=\"https:\/\/i0.wp.com\/genevieveetbernardauxameriques.fr\/wp-content\/uploads\/2016\/03\/P1010852.png?fit=800%2C600&amp;ssl=1\" data-orig-size=\"800,600\" data-comments-opened=\"1\" data-image-meta=\"{&quot;aperture&quot;:&quot;0&quot;,&quot;credit&quot;:&quot;&quot;,&quot;camera&quot;:&quot;&quot;,&quot;caption&quot;:&quot;&quot;,&quot;created_timestamp&quot;:&quot;0&quot;,&quot;copyright&quot;:&quot;&quot;,&quot;focal_length&quot;:&quot;0&quot;,&quot;iso&quot;:&quot;0&quot;,&quot;shutter_speed&quot;:&quot;0&quot;,&quot;title&quot;:&quot;&quot;,&quot;orientation&quot;:&quot;0&quot;}\" data-image-title=\"P1010852.png\" data-image-description=\"\" data-image-caption=\"\" data-medium-file=\"https:\/\/i0.wp.com\/genevieveetbernardauxameriques.fr\/wp-content\/uploads\/2016\/03\/P1010852.png?fit=300%2C225&amp;ssl=1\" data-large-file=\"https:\/\/i0.wp.com\/genevieveetbernardauxameriques.fr\/wp-content\/uploads\/2016\/03\/P1010852.png?fit=640%2C480&amp;ssl=1\" class=\"alignnone size-full wp-image-4028\" src=\"https:\/\/i0.wp.com\/genevieveetbernardauxameriques.fr\/wp-content\/uploads\/2016\/03\/P1010852.png?resize=640%2C480&#038;ssl=1\" alt=\"\" width=\"640\" height=\"480\" srcset=\"https:\/\/i0.wp.com\/genevieveetbernardauxameriques.fr\/wp-content\/uploads\/2016\/03\/P1010852.png?w=800&amp;ssl=1 800w, https:\/\/i0.wp.com\/genevieveetbernardauxameriques.fr\/wp-content\/uploads\/2016\/03\/P1010852.png?resize=300%2C225&amp;ssl=1 300w, https:\/\/i0.wp.com\/genevieveetbernardauxameriques.fr\/wp-content\/uploads\/2016\/03\/P1010852.png?resize=768%2C576&amp;ssl=1 768w\" sizes=\"(max-width: 640px) 100vw, 640px\" data-recalc-dims=\"1\" \/><\/p>\n<p><em>Un magasin dernier cri.<\/em><\/p>\n<p><img loading=\"lazy\" decoding=\"async\" data-attachment-id=\"4030\" data-permalink=\"https:\/\/genevieveetbernardauxameriques.fr\/index.php\/2016\/03\/29\/de-rio-do-sud-a-rio-de-janeiro\/p1010853-jpg\/\" data-orig-file=\"https:\/\/i0.wp.com\/genevieveetbernardauxameriques.fr\/wp-content\/uploads\/2016\/03\/P1010853.jpg?fit=800%2C600&amp;ssl=1\" data-orig-size=\"800,600\" data-comments-opened=\"1\" data-image-meta=\"{&quot;aperture&quot;:&quot;6.3&quot;,&quot;credit&quot;:&quot;&quot;,&quot;camera&quot;:&quot;DMC-TZ55&quot;,&quot;caption&quot;:&quot;&quot;,&quot;created_timestamp&quot;:&quot;1457443462&quot;,&quot;copyright&quot;:&quot;&quot;,&quot;focal_length&quot;:&quot;4.3&quot;,&quot;iso&quot;:&quot;100&quot;,&quot;shutter_speed&quot;:&quot;0.033333333333333&quot;,&quot;title&quot;:&quot;&quot;,&quot;orientation&quot;:&quot;1&quot;}\" data-image-title=\"P1010853.jpg\" data-image-description=\"\" data-image-caption=\"\" data-medium-file=\"https:\/\/i0.wp.com\/genevieveetbernardauxameriques.fr\/wp-content\/uploads\/2016\/03\/P1010853.jpg?fit=300%2C225&amp;ssl=1\" data-large-file=\"https:\/\/i0.wp.com\/genevieveetbernardauxameriques.fr\/wp-content\/uploads\/2016\/03\/P1010853.jpg?fit=640%2C480&amp;ssl=1\" class=\"alignnone size-full wp-image-4030\" src=\"https:\/\/i0.wp.com\/genevieveetbernardauxameriques.fr\/wp-content\/uploads\/2016\/03\/P1010853.jpg?resize=640%2C480&#038;ssl=1\" alt=\"\" width=\"640\" height=\"480\" srcset=\"https:\/\/i0.wp.com\/genevieveetbernardauxameriques.fr\/wp-content\/uploads\/2016\/03\/P1010853.jpg?w=800&amp;ssl=1 800w, https:\/\/i0.wp.com\/genevieveetbernardauxameriques.fr\/wp-content\/uploads\/2016\/03\/P1010853.jpg?resize=300%2C225&amp;ssl=1 300w, https:\/\/i0.wp.com\/genevieveetbernardauxameriques.fr\/wp-content\/uploads\/2016\/03\/P1010853.jpg?resize=768%2C576&amp;ssl=1 768w\" sizes=\"(max-width: 640px) 100vw, 640px\" data-recalc-dims=\"1\" \/><\/p>\n<p align=\"center\"><em>Une belle propri\u00e9t\u00e9<\/em><\/p>\n<p align=\"center\"><img loading=\"lazy\" decoding=\"async\" data-attachment-id=\"4032\" data-permalink=\"https:\/\/genevieveetbernardauxameriques.fr\/index.php\/2016\/03\/29\/de-rio-do-sud-a-rio-de-janeiro\/p1010854-jpg\/\" data-orig-file=\"https:\/\/i0.wp.com\/genevieveetbernardauxameriques.fr\/wp-content\/uploads\/2016\/03\/P1010854.jpg?fit=800%2C600&amp;ssl=1\" data-orig-size=\"800,600\" data-comments-opened=\"1\" data-image-meta=\"{&quot;aperture&quot;:&quot;6.3&quot;,&quot;credit&quot;:&quot;&quot;,&quot;camera&quot;:&quot;DMC-TZ55&quot;,&quot;caption&quot;:&quot;&quot;,&quot;created_timestamp&quot;:&quot;1457444578&quot;,&quot;copyright&quot;:&quot;&quot;,&quot;focal_length&quot;:&quot;16.1&quot;,&quot;iso&quot;:&quot;100&quot;,&quot;shutter_speed&quot;:&quot;0.033333333333333&quot;,&quot;title&quot;:&quot;&quot;,&quot;orientation&quot;:&quot;1&quot;}\" data-image-title=\"P1010854.jpg\" data-image-description=\"\" data-image-caption=\"\" data-medium-file=\"https:\/\/i0.wp.com\/genevieveetbernardauxameriques.fr\/wp-content\/uploads\/2016\/03\/P1010854.jpg?fit=300%2C225&amp;ssl=1\" data-large-file=\"https:\/\/i0.wp.com\/genevieveetbernardauxameriques.fr\/wp-content\/uploads\/2016\/03\/P1010854.jpg?fit=640%2C480&amp;ssl=1\" class=\"alignnone size-full wp-image-4032\" src=\"https:\/\/i0.wp.com\/genevieveetbernardauxameriques.fr\/wp-content\/uploads\/2016\/03\/P1010854.jpg?resize=640%2C480&#038;ssl=1\" alt=\"\" width=\"640\" height=\"480\" srcset=\"https:\/\/i0.wp.com\/genevieveetbernardauxameriques.fr\/wp-content\/uploads\/2016\/03\/P1010854.jpg?w=800&amp;ssl=1 800w, https:\/\/i0.wp.com\/genevieveetbernardauxameriques.fr\/wp-content\/uploads\/2016\/03\/P1010854.jpg?resize=300%2C225&amp;ssl=1 300w, https:\/\/i0.wp.com\/genevieveetbernardauxameriques.fr\/wp-content\/uploads\/2016\/03\/P1010854.jpg?resize=768%2C576&amp;ssl=1 768w\" sizes=\"(max-width: 640px) 100vw, 640px\" data-recalc-dims=\"1\" \/><\/p>\n<p align=\"justify\"><em>Un feu vert ou rouge (ici ils sont en hauteur et en g\u00e9n\u00e9ral de l\u2019autre c\u00f4t\u00e9 de la rue,\u00a0 ils se composent de 6 feux qui s\u2019\u00e9teignent de haut en bas au fur et \u00e0 mesure du temps qu\u2019il reste \u00e0 passer au rouge)<\/em><\/p>\n<p align=\"justify\"><img loading=\"lazy\" decoding=\"async\" data-attachment-id=\"4034\" data-permalink=\"https:\/\/genevieveetbernardauxameriques.fr\/index.php\/2016\/03\/29\/de-rio-do-sud-a-rio-de-janeiro\/p1010841-jpg\/\" data-orig-file=\"https:\/\/i0.wp.com\/genevieveetbernardauxameriques.fr\/wp-content\/uploads\/2016\/03\/P1010841.jpg?fit=800%2C600&amp;ssl=1\" data-orig-size=\"800,600\" data-comments-opened=\"1\" data-image-meta=\"{&quot;aperture&quot;:&quot;6.3&quot;,&quot;credit&quot;:&quot;&quot;,&quot;camera&quot;:&quot;DMC-TZ55&quot;,&quot;caption&quot;:&quot;&quot;,&quot;created_timestamp&quot;:&quot;1457123738&quot;,&quot;copyright&quot;:&quot;&quot;,&quot;focal_length&quot;:&quot;68.9&quot;,&quot;iso&quot;:&quot;100&quot;,&quot;shutter_speed&quot;:&quot;0.0015625&quot;,&quot;title&quot;:&quot;&quot;,&quot;orientation&quot;:&quot;1&quot;}\" data-image-title=\"P1010841.jpg\" data-image-description=\"\" data-image-caption=\"\" data-medium-file=\"https:\/\/i0.wp.com\/genevieveetbernardauxameriques.fr\/wp-content\/uploads\/2016\/03\/P1010841.jpg?fit=300%2C225&amp;ssl=1\" data-large-file=\"https:\/\/i0.wp.com\/genevieveetbernardauxameriques.fr\/wp-content\/uploads\/2016\/03\/P1010841.jpg?fit=640%2C480&amp;ssl=1\" class=\"alignnone size-full wp-image-4034\" src=\"https:\/\/i0.wp.com\/genevieveetbernardauxameriques.fr\/wp-content\/uploads\/2016\/03\/P1010841.jpg?resize=640%2C480&#038;ssl=1\" alt=\"\" width=\"640\" height=\"480\" srcset=\"https:\/\/i0.wp.com\/genevieveetbernardauxameriques.fr\/wp-content\/uploads\/2016\/03\/P1010841.jpg?w=800&amp;ssl=1 800w, https:\/\/i0.wp.com\/genevieveetbernardauxameriques.fr\/wp-content\/uploads\/2016\/03\/P1010841.jpg?resize=300%2C225&amp;ssl=1 300w, https:\/\/i0.wp.com\/genevieveetbernardauxameriques.fr\/wp-content\/uploads\/2016\/03\/P1010841.jpg?resize=768%2C576&amp;ssl=1 768w\" sizes=\"(max-width: 640px) 100vw, 640px\" data-recalc-dims=\"1\" \/><\/p>\n<p>Nous dormons tr\u00e8s tranquille et le lendemain matin, nous allons acheter nos croissants juste en face.<\/p>\n<p><strong>Mardi 8 mars : FLORIANAPOLIS<\/strong><\/p>\n<p>Une partie de la ville est sur le continent et l\u2019autre sur une \u00eele, s\u00e9par\u00e9e par un grand pont moderne. L\u2019ancien pont suspendu est ferm\u00e9 \u00e0 la circulation mais il est \u00e9clair\u00e9 la nuit.<\/p>\n<p><img loading=\"lazy\" decoding=\"async\" data-attachment-id=\"4036\" data-permalink=\"https:\/\/genevieveetbernardauxameriques.fr\/index.php\/2016\/03\/29\/de-rio-do-sud-a-rio-de-janeiro\/20160308_155926-jpg\/\" data-orig-file=\"https:\/\/i0.wp.com\/genevieveetbernardauxameriques.fr\/wp-content\/uploads\/2016\/03\/20160308_155926.jpg?fit=800%2C600&amp;ssl=1\" data-orig-size=\"800,600\" data-comments-opened=\"1\" data-image-meta=\"{&quot;aperture&quot;:&quot;1.9&quot;,&quot;credit&quot;:&quot;&quot;,&quot;camera&quot;:&quot;SM-T810&quot;,&quot;caption&quot;:&quot;&quot;,&quot;created_timestamp&quot;:&quot;1457452766&quot;,&quot;copyright&quot;:&quot;&quot;,&quot;focal_length&quot;:&quot;2.9&quot;,&quot;iso&quot;:&quot;40&quot;,&quot;shutter_speed&quot;:&quot;0.00055803571428571&quot;,&quot;title&quot;:&quot;&quot;,&quot;orientation&quot;:&quot;1&quot;}\" data-image-title=\"20160308_155926.jpg\" data-image-description=\"\" data-image-caption=\"\" data-medium-file=\"https:\/\/i0.wp.com\/genevieveetbernardauxameriques.fr\/wp-content\/uploads\/2016\/03\/20160308_155926.jpg?fit=300%2C225&amp;ssl=1\" data-large-file=\"https:\/\/i0.wp.com\/genevieveetbernardauxameriques.fr\/wp-content\/uploads\/2016\/03\/20160308_155926.jpg?fit=640%2C480&amp;ssl=1\" class=\"alignnone size-full wp-image-4036\" src=\"https:\/\/i0.wp.com\/genevieveetbernardauxameriques.fr\/wp-content\/uploads\/2016\/03\/20160308_155926.jpg?resize=640%2C480&#038;ssl=1\" alt=\"\" width=\"640\" height=\"480\" srcset=\"https:\/\/i0.wp.com\/genevieveetbernardauxameriques.fr\/wp-content\/uploads\/2016\/03\/20160308_155926.jpg?w=800&amp;ssl=1 800w, https:\/\/i0.wp.com\/genevieveetbernardauxameriques.fr\/wp-content\/uploads\/2016\/03\/20160308_155926.jpg?resize=300%2C225&amp;ssl=1 300w, https:\/\/i0.wp.com\/genevieveetbernardauxameriques.fr\/wp-content\/uploads\/2016\/03\/20160308_155926.jpg?resize=768%2C576&amp;ssl=1 768w\" sizes=\"(max-width: 640px) 100vw, 640px\" data-recalc-dims=\"1\" \/><\/p>\n<p align=\"justify\">Nous allons nous arr\u00eater le midi sur le continent pour d\u00e9jeuner et surtout pour acheter des chaussures \u00e0 Bernard, celle du Maroc commen\u00e7ant \u00e0 rendre l\u2019\u00e2me.<\/p>\n<p align=\"justify\">Nous d\u00e9cidons de nous rendre sur l\u2019\u00eele <strong>Santa Catarina<\/strong>, sans nous arr\u00eater dans la ville historique, nous la ferons au retour.<\/p>\n<p align=\"justify\">Il y a 42 plages sur l\u2019\u00eele, nous en ferons le tour par le nord. On commence par s\u2019arr\u00eater \u00e0 <strong>SANTO ANTONIO DE LISBOA, <\/strong>un vieux village de p\u00eacheurs.<\/p>\n<p align=\"justify\"><img loading=\"lazy\" decoding=\"async\" data-attachment-id=\"4038\" data-permalink=\"https:\/\/genevieveetbernardauxameriques.fr\/index.php\/2016\/03\/29\/de-rio-do-sud-a-rio-de-janeiro\/p1010862-jpg\/\" data-orig-file=\"https:\/\/i0.wp.com\/genevieveetbernardauxameriques.fr\/wp-content\/uploads\/2016\/03\/P1010862.jpg?fit=1024%2C768&amp;ssl=1\" data-orig-size=\"1024,768\" data-comments-opened=\"1\" data-image-meta=\"{&quot;aperture&quot;:&quot;0&quot;,&quot;credit&quot;:&quot;&quot;,&quot;camera&quot;:&quot;&quot;,&quot;caption&quot;:&quot;&quot;,&quot;created_timestamp&quot;:&quot;0&quot;,&quot;copyright&quot;:&quot;&quot;,&quot;focal_length&quot;:&quot;0&quot;,&quot;iso&quot;:&quot;0&quot;,&quot;shutter_speed&quot;:&quot;0&quot;,&quot;title&quot;:&quot;&quot;,&quot;orientation&quot;:&quot;0&quot;}\" data-image-title=\"P1010862.jpg\" data-image-description=\"\" data-image-caption=\"\" data-medium-file=\"https:\/\/i0.wp.com\/genevieveetbernardauxameriques.fr\/wp-content\/uploads\/2016\/03\/P1010862.jpg?fit=300%2C225&amp;ssl=1\" data-large-file=\"https:\/\/i0.wp.com\/genevieveetbernardauxameriques.fr\/wp-content\/uploads\/2016\/03\/P1010862.jpg?fit=640%2C480&amp;ssl=1\" class=\"alignnone size-large wp-image-4038\" src=\"https:\/\/i0.wp.com\/genevieveetbernardauxameriques.fr\/wp-content\/uploads\/2016\/03\/P1010862.jpg?resize=640%2C480&#038;ssl=1\" alt=\"\" width=\"640\" height=\"480\" srcset=\"https:\/\/i0.wp.com\/genevieveetbernardauxameriques.fr\/wp-content\/uploads\/2016\/03\/P1010862.jpg?w=1024&amp;ssl=1 1024w, https:\/\/i0.wp.com\/genevieveetbernardauxameriques.fr\/wp-content\/uploads\/2016\/03\/P1010862.jpg?resize=300%2C225&amp;ssl=1 300w, https:\/\/i0.wp.com\/genevieveetbernardauxameriques.fr\/wp-content\/uploads\/2016\/03\/P1010862.jpg?resize=768%2C576&amp;ssl=1 768w\" sizes=\"(max-width: 640px) 100vw, 640px\" data-recalc-dims=\"1\" \/> <img loading=\"lazy\" decoding=\"async\" data-attachment-id=\"4040\" data-permalink=\"https:\/\/genevieveetbernardauxameriques.fr\/index.php\/2016\/03\/29\/de-rio-do-sud-a-rio-de-janeiro\/p1010863-jpg\/\" data-orig-file=\"https:\/\/i0.wp.com\/genevieveetbernardauxameriques.fr\/wp-content\/uploads\/2016\/03\/P1010863.jpg?fit=1024%2C768&amp;ssl=1\" data-orig-size=\"1024,768\" data-comments-opened=\"1\" data-image-meta=\"{&quot;aperture&quot;:&quot;0&quot;,&quot;credit&quot;:&quot;&quot;,&quot;camera&quot;:&quot;&quot;,&quot;caption&quot;:&quot;&quot;,&quot;created_timestamp&quot;:&quot;0&quot;,&quot;copyright&quot;:&quot;&quot;,&quot;focal_length&quot;:&quot;0&quot;,&quot;iso&quot;:&quot;0&quot;,&quot;shutter_speed&quot;:&quot;0&quot;,&quot;title&quot;:&quot;&quot;,&quot;orientation&quot;:&quot;0&quot;}\" data-image-title=\"P1010863.jpg\" data-image-description=\"\" data-image-caption=\"\" data-medium-file=\"https:\/\/i0.wp.com\/genevieveetbernardauxameriques.fr\/wp-content\/uploads\/2016\/03\/P1010863.jpg?fit=300%2C225&amp;ssl=1\" data-large-file=\"https:\/\/i0.wp.com\/genevieveetbernardauxameriques.fr\/wp-content\/uploads\/2016\/03\/P1010863.jpg?fit=640%2C480&amp;ssl=1\" class=\"alignnone size-large wp-image-4040\" src=\"https:\/\/i0.wp.com\/genevieveetbernardauxameriques.fr\/wp-content\/uploads\/2016\/03\/P1010863.jpg?resize=640%2C480&#038;ssl=1\" alt=\"\" width=\"640\" height=\"480\" srcset=\"https:\/\/i0.wp.com\/genevieveetbernardauxameriques.fr\/wp-content\/uploads\/2016\/03\/P1010863.jpg?w=1024&amp;ssl=1 1024w, https:\/\/i0.wp.com\/genevieveetbernardauxameriques.fr\/wp-content\/uploads\/2016\/03\/P1010863.jpg?resize=300%2C225&amp;ssl=1 300w, https:\/\/i0.wp.com\/genevieveetbernardauxameriques.fr\/wp-content\/uploads\/2016\/03\/P1010863.jpg?resize=768%2C576&amp;ssl=1 768w\" sizes=\"(max-width: 640px) 100vw, 640px\" data-recalc-dims=\"1\" \/><\/p>\n<p>Nous couchons au bord de la plage 3 km plus haut, avec cette vue :<\/p>\n<p><img loading=\"lazy\" decoding=\"async\" data-attachment-id=\"4042\" data-permalink=\"https:\/\/genevieveetbernardauxameriques.fr\/index.php\/2016\/03\/29\/de-rio-do-sud-a-rio-de-janeiro\/20160309_091728-jpg\/\" data-orig-file=\"https:\/\/i0.wp.com\/genevieveetbernardauxameriques.fr\/wp-content\/uploads\/2016\/03\/20160309_091728.jpg?fit=800%2C600&amp;ssl=1\" data-orig-size=\"800,600\" data-comments-opened=\"1\" data-image-meta=\"{&quot;aperture&quot;:&quot;1.9&quot;,&quot;credit&quot;:&quot;&quot;,&quot;camera&quot;:&quot;SM-T810&quot;,&quot;caption&quot;:&quot;&quot;,&quot;created_timestamp&quot;:&quot;1457515048&quot;,&quot;copyright&quot;:&quot;&quot;,&quot;focal_length&quot;:&quot;2.9&quot;,&quot;iso&quot;:&quot;40&quot;,&quot;shutter_speed&quot;:&quot;0.00083056478405316&quot;,&quot;title&quot;:&quot;&quot;,&quot;orientation&quot;:&quot;1&quot;}\" data-image-title=\"20160309_091728.jpg\" data-image-description=\"\" data-image-caption=\"\" data-medium-file=\"https:\/\/i0.wp.com\/genevieveetbernardauxameriques.fr\/wp-content\/uploads\/2016\/03\/20160309_091728.jpg?fit=300%2C225&amp;ssl=1\" data-large-file=\"https:\/\/i0.wp.com\/genevieveetbernardauxameriques.fr\/wp-content\/uploads\/2016\/03\/20160309_091728.jpg?fit=640%2C480&amp;ssl=1\" class=\"alignnone size-full wp-image-4042\" src=\"https:\/\/i0.wp.com\/genevieveetbernardauxameriques.fr\/wp-content\/uploads\/2016\/03\/20160309_091728.jpg?resize=640%2C480&#038;ssl=1\" alt=\"\" width=\"640\" height=\"480\" srcset=\"https:\/\/i0.wp.com\/genevieveetbernardauxameriques.fr\/wp-content\/uploads\/2016\/03\/20160309_091728.jpg?w=800&amp;ssl=1 800w, https:\/\/i0.wp.com\/genevieveetbernardauxameriques.fr\/wp-content\/uploads\/2016\/03\/20160309_091728.jpg?resize=300%2C225&amp;ssl=1 300w, https:\/\/i0.wp.com\/genevieveetbernardauxameriques.fr\/wp-content\/uploads\/2016\/03\/20160309_091728.jpg?resize=768%2C576&amp;ssl=1 768w\" sizes=\"(max-width: 640px) 100vw, 640px\" data-recalc-dims=\"1\" \/> <img loading=\"lazy\" decoding=\"async\" data-attachment-id=\"4044\" data-permalink=\"https:\/\/genevieveetbernardauxameriques.fr\/index.php\/2016\/03\/29\/de-rio-do-sud-a-rio-de-janeiro\/20160309_091956-jpg\/\" data-orig-file=\"https:\/\/i0.wp.com\/genevieveetbernardauxameriques.fr\/wp-content\/uploads\/2016\/03\/20160309_091956.jpg?fit=800%2C600&amp;ssl=1\" data-orig-size=\"800,600\" data-comments-opened=\"1\" data-image-meta=\"{&quot;aperture&quot;:&quot;1.9&quot;,&quot;credit&quot;:&quot;&quot;,&quot;camera&quot;:&quot;SM-T810&quot;,&quot;caption&quot;:&quot;&quot;,&quot;created_timestamp&quot;:&quot;1457515196&quot;,&quot;copyright&quot;:&quot;&quot;,&quot;focal_length&quot;:&quot;2.9&quot;,&quot;iso&quot;:&quot;40&quot;,&quot;shutter_speed&quot;:&quot;0.0006544502617801&quot;,&quot;title&quot;:&quot;&quot;,&quot;orientation&quot;:&quot;1&quot;}\" data-image-title=\"20160309_091956.jpg\" data-image-description=\"\" data-image-caption=\"\" data-medium-file=\"https:\/\/i0.wp.com\/genevieveetbernardauxameriques.fr\/wp-content\/uploads\/2016\/03\/20160309_091956.jpg?fit=300%2C225&amp;ssl=1\" data-large-file=\"https:\/\/i0.wp.com\/genevieveetbernardauxameriques.fr\/wp-content\/uploads\/2016\/03\/20160309_091956.jpg?fit=640%2C480&amp;ssl=1\" class=\"alignnone size-full wp-image-4044\" src=\"https:\/\/i0.wp.com\/genevieveetbernardauxameriques.fr\/wp-content\/uploads\/2016\/03\/20160309_091956.jpg?resize=640%2C480&#038;ssl=1\" alt=\"\" width=\"640\" height=\"480\" srcset=\"https:\/\/i0.wp.com\/genevieveetbernardauxameriques.fr\/wp-content\/uploads\/2016\/03\/20160309_091956.jpg?w=800&amp;ssl=1 800w, https:\/\/i0.wp.com\/genevieveetbernardauxameriques.fr\/wp-content\/uploads\/2016\/03\/20160309_091956.jpg?resize=300%2C225&amp;ssl=1 300w, https:\/\/i0.wp.com\/genevieveetbernardauxameriques.fr\/wp-content\/uploads\/2016\/03\/20160309_091956.jpg?resize=768%2C576&amp;ssl=1 768w\" sizes=\"(max-width: 640px) 100vw, 640px\" data-recalc-dims=\"1\" \/> <img loading=\"lazy\" decoding=\"async\" data-attachment-id=\"4046\" data-permalink=\"https:\/\/genevieveetbernardauxameriques.fr\/index.php\/2016\/03\/29\/de-rio-do-sud-a-rio-de-janeiro\/20160309_100548-jpg\/\" data-orig-file=\"https:\/\/i0.wp.com\/genevieveetbernardauxameriques.fr\/wp-content\/uploads\/2016\/03\/20160309_100548.jpg?fit=800%2C600&amp;ssl=1\" data-orig-size=\"800,600\" data-comments-opened=\"1\" data-image-meta=\"{&quot;aperture&quot;:&quot;1.9&quot;,&quot;credit&quot;:&quot;&quot;,&quot;camera&quot;:&quot;SM-T810&quot;,&quot;caption&quot;:&quot;&quot;,&quot;created_timestamp&quot;:&quot;1457517948&quot;,&quot;copyright&quot;:&quot;&quot;,&quot;focal_length&quot;:&quot;2.9&quot;,&quot;iso&quot;:&quot;40&quot;,&quot;shutter_speed&quot;:&quot;0.00061425061425061&quot;,&quot;title&quot;:&quot;&quot;,&quot;orientation&quot;:&quot;1&quot;}\" data-image-title=\"20160309_100548.jpg\" data-image-description=\"\" data-image-caption=\"\" data-medium-file=\"https:\/\/i0.wp.com\/genevieveetbernardauxameriques.fr\/wp-content\/uploads\/2016\/03\/20160309_100548.jpg?fit=300%2C225&amp;ssl=1\" data-large-file=\"https:\/\/i0.wp.com\/genevieveetbernardauxameriques.fr\/wp-content\/uploads\/2016\/03\/20160309_100548.jpg?fit=640%2C480&amp;ssl=1\" class=\"alignnone size-full wp-image-4046\" src=\"https:\/\/i0.wp.com\/genevieveetbernardauxameriques.fr\/wp-content\/uploads\/2016\/03\/20160309_100548.jpg?resize=640%2C480&#038;ssl=1\" alt=\"\" width=\"640\" height=\"480\" srcset=\"https:\/\/i0.wp.com\/genevieveetbernardauxameriques.fr\/wp-content\/uploads\/2016\/03\/20160309_100548.jpg?w=800&amp;ssl=1 800w, https:\/\/i0.wp.com\/genevieveetbernardauxameriques.fr\/wp-content\/uploads\/2016\/03\/20160309_100548.jpg?resize=300%2C225&amp;ssl=1 300w, https:\/\/i0.wp.com\/genevieveetbernardauxameriques.fr\/wp-content\/uploads\/2016\/03\/20160309_100548.jpg?resize=768%2C576&amp;ssl=1 768w\" sizes=\"(max-width: 640px) 100vw, 640px\" data-recalc-dims=\"1\" \/><\/p>\n<p>&nbsp;<\/p>\n<p><img loading=\"lazy\" decoding=\"async\" data-attachment-id=\"4048\" data-permalink=\"https:\/\/genevieveetbernardauxameriques.fr\/index.php\/2016\/03\/29\/de-rio-do-sud-a-rio-de-janeiro\/20160309_092042-jpg\/\" data-orig-file=\"https:\/\/i0.wp.com\/genevieveetbernardauxameriques.fr\/wp-content\/uploads\/2016\/03\/20160309_092042.jpg?fit=800%2C600&amp;ssl=1\" data-orig-size=\"800,600\" data-comments-opened=\"1\" data-image-meta=\"{&quot;aperture&quot;:&quot;1.9&quot;,&quot;credit&quot;:&quot;&quot;,&quot;camera&quot;:&quot;SM-T810&quot;,&quot;caption&quot;:&quot;&quot;,&quot;created_timestamp&quot;:&quot;1457515242&quot;,&quot;copyright&quot;:&quot;&quot;,&quot;focal_length&quot;:&quot;2.9&quot;,&quot;iso&quot;:&quot;40&quot;,&quot;shutter_speed&quot;:&quot;0.008130081300813&quot;,&quot;title&quot;:&quot;&quot;,&quot;orientation&quot;:&quot;1&quot;}\" data-image-title=\"20160309_092042.jpg\" data-image-description=\"\" data-image-caption=\"\" data-medium-file=\"https:\/\/i0.wp.com\/genevieveetbernardauxameriques.fr\/wp-content\/uploads\/2016\/03\/20160309_092042.jpg?fit=300%2C225&amp;ssl=1\" data-large-file=\"https:\/\/i0.wp.com\/genevieveetbernardauxameriques.fr\/wp-content\/uploads\/2016\/03\/20160309_092042.jpg?fit=640%2C480&amp;ssl=1\" class=\"alignnone size-full wp-image-4048\" src=\"https:\/\/i0.wp.com\/genevieveetbernardauxameriques.fr\/wp-content\/uploads\/2016\/03\/20160309_092042.jpg?resize=640%2C480&#038;ssl=1\" alt=\"\" width=\"640\" height=\"480\" srcset=\"https:\/\/i0.wp.com\/genevieveetbernardauxameriques.fr\/wp-content\/uploads\/2016\/03\/20160309_092042.jpg?w=800&amp;ssl=1 800w, https:\/\/i0.wp.com\/genevieveetbernardauxameriques.fr\/wp-content\/uploads\/2016\/03\/20160309_092042.jpg?resize=300%2C225&amp;ssl=1 300w, https:\/\/i0.wp.com\/genevieveetbernardauxameriques.fr\/wp-content\/uploads\/2016\/03\/20160309_092042.jpg?resize=768%2C576&amp;ssl=1 768w\" sizes=\"(max-width: 640px) 100vw, 640px\" data-recalc-dims=\"1\" \/><\/p>\n<p>Le soir repas juste \u00e0 c\u00f4t\u00e9 : une douzaine d\u2019hu\u00eetres excellentes, bien charnues et un plat de poissons frits (pour 12 E l\u2019ensemble, bi\u00e8re comprise)<\/p>\n<p><img loading=\"lazy\" decoding=\"async\" data-attachment-id=\"4050\" data-permalink=\"https:\/\/genevieveetbernardauxameriques.fr\/index.php\/2016\/03\/29\/de-rio-do-sud-a-rio-de-janeiro\/20160308_194542-jpg\/\" data-orig-file=\"https:\/\/i0.wp.com\/genevieveetbernardauxameriques.fr\/wp-content\/uploads\/2016\/03\/20160308_194542.jpg?fit=576%2C768&amp;ssl=1\" data-orig-size=\"576,768\" data-comments-opened=\"1\" data-image-meta=\"{&quot;aperture&quot;:&quot;0&quot;,&quot;credit&quot;:&quot;&quot;,&quot;camera&quot;:&quot;&quot;,&quot;caption&quot;:&quot;&quot;,&quot;created_timestamp&quot;:&quot;0&quot;,&quot;copyright&quot;:&quot;&quot;,&quot;focal_length&quot;:&quot;0&quot;,&quot;iso&quot;:&quot;0&quot;,&quot;shutter_speed&quot;:&quot;0&quot;,&quot;title&quot;:&quot;&quot;,&quot;orientation&quot;:&quot;0&quot;}\" data-image-title=\"20160308_194542.jpg\" data-image-description=\"\" data-image-caption=\"\" data-medium-file=\"https:\/\/i0.wp.com\/genevieveetbernardauxameriques.fr\/wp-content\/uploads\/2016\/03\/20160308_194542.jpg?fit=225%2C300&amp;ssl=1\" data-large-file=\"https:\/\/i0.wp.com\/genevieveetbernardauxameriques.fr\/wp-content\/uploads\/2016\/03\/20160308_194542.jpg?fit=576%2C768&amp;ssl=1\" class=\"alignnone size-full wp-image-4050\" src=\"https:\/\/i0.wp.com\/genevieveetbernardauxameriques.fr\/wp-content\/uploads\/2016\/03\/20160308_194542.jpg?resize=576%2C768&#038;ssl=1\" alt=\"\" width=\"576\" height=\"768\" srcset=\"https:\/\/i0.wp.com\/genevieveetbernardauxameriques.fr\/wp-content\/uploads\/2016\/03\/20160308_194542.jpg?w=576&amp;ssl=1 576w, https:\/\/i0.wp.com\/genevieveetbernardauxameriques.fr\/wp-content\/uploads\/2016\/03\/20160308_194542.jpg?resize=225%2C300&amp;ssl=1 225w\" sizes=\"(max-width: 576px) 100vw, 576px\" data-recalc-dims=\"1\" \/><\/p>\n<p align=\"justify\"><strong>Mercredi 9 mars<\/strong><\/p>\n<p align=\"justify\">A peine r\u00e9veill\u00e9e, j\u2019enfile mon nouveau maillot de bain et je vais nager sur cette plage paradisiaque, pr\u00e8s de notre bivouac.<\/p>\n<p align=\"justify\"><img loading=\"lazy\" decoding=\"async\" data-attachment-id=\"4046\" data-permalink=\"https:\/\/genevieveetbernardauxameriques.fr\/index.php\/2016\/03\/29\/de-rio-do-sud-a-rio-de-janeiro\/20160309_100548-jpg\/\" data-orig-file=\"https:\/\/i0.wp.com\/genevieveetbernardauxameriques.fr\/wp-content\/uploads\/2016\/03\/20160309_100548.jpg?fit=800%2C600&amp;ssl=1\" data-orig-size=\"800,600\" data-comments-opened=\"1\" data-image-meta=\"{&quot;aperture&quot;:&quot;1.9&quot;,&quot;credit&quot;:&quot;&quot;,&quot;camera&quot;:&quot;SM-T810&quot;,&quot;caption&quot;:&quot;&quot;,&quot;created_timestamp&quot;:&quot;1457517948&quot;,&quot;copyright&quot;:&quot;&quot;,&quot;focal_length&quot;:&quot;2.9&quot;,&quot;iso&quot;:&quot;40&quot;,&quot;shutter_speed&quot;:&quot;0.00061425061425061&quot;,&quot;title&quot;:&quot;&quot;,&quot;orientation&quot;:&quot;1&quot;}\" data-image-title=\"20160309_100548.jpg\" data-image-description=\"\" data-image-caption=\"\" data-medium-file=\"https:\/\/i0.wp.com\/genevieveetbernardauxameriques.fr\/wp-content\/uploads\/2016\/03\/20160309_100548.jpg?fit=300%2C225&amp;ssl=1\" data-large-file=\"https:\/\/i0.wp.com\/genevieveetbernardauxameriques.fr\/wp-content\/uploads\/2016\/03\/20160309_100548.jpg?fit=640%2C480&amp;ssl=1\" class=\"alignnone size-full wp-image-4046\" src=\"https:\/\/i0.wp.com\/genevieveetbernardauxameriques.fr\/wp-content\/uploads\/2016\/03\/20160309_100548.jpg?resize=640%2C480&#038;ssl=1\" alt=\"\" width=\"640\" height=\"480\" srcset=\"https:\/\/i0.wp.com\/genevieveetbernardauxameriques.fr\/wp-content\/uploads\/2016\/03\/20160309_100548.jpg?w=800&amp;ssl=1 800w, https:\/\/i0.wp.com\/genevieveetbernardauxameriques.fr\/wp-content\/uploads\/2016\/03\/20160309_100548.jpg?resize=300%2C225&amp;ssl=1 300w, https:\/\/i0.wp.com\/genevieveetbernardauxameriques.fr\/wp-content\/uploads\/2016\/03\/20160309_100548.jpg?resize=768%2C576&amp;ssl=1 768w\" sizes=\"(max-width: 640px) 100vw, 640px\" data-recalc-dims=\"1\" \/> <img loading=\"lazy\" decoding=\"async\" data-attachment-id=\"4044\" data-permalink=\"https:\/\/genevieveetbernardauxameriques.fr\/index.php\/2016\/03\/29\/de-rio-do-sud-a-rio-de-janeiro\/20160309_091956-jpg\/\" data-orig-file=\"https:\/\/i0.wp.com\/genevieveetbernardauxameriques.fr\/wp-content\/uploads\/2016\/03\/20160309_091956.jpg?fit=800%2C600&amp;ssl=1\" data-orig-size=\"800,600\" data-comments-opened=\"1\" data-image-meta=\"{&quot;aperture&quot;:&quot;1.9&quot;,&quot;credit&quot;:&quot;&quot;,&quot;camera&quot;:&quot;SM-T810&quot;,&quot;caption&quot;:&quot;&quot;,&quot;created_timestamp&quot;:&quot;1457515196&quot;,&quot;copyright&quot;:&quot;&quot;,&quot;focal_length&quot;:&quot;2.9&quot;,&quot;iso&quot;:&quot;40&quot;,&quot;shutter_speed&quot;:&quot;0.0006544502617801&quot;,&quot;title&quot;:&quot;&quot;,&quot;orientation&quot;:&quot;1&quot;}\" data-image-title=\"20160309_091956.jpg\" data-image-description=\"\" data-image-caption=\"\" data-medium-file=\"https:\/\/i0.wp.com\/genevieveetbernardauxameriques.fr\/wp-content\/uploads\/2016\/03\/20160309_091956.jpg?fit=300%2C225&amp;ssl=1\" data-large-file=\"https:\/\/i0.wp.com\/genevieveetbernardauxameriques.fr\/wp-content\/uploads\/2016\/03\/20160309_091956.jpg?fit=640%2C480&amp;ssl=1\" class=\"alignnone size-full wp-image-4044\" src=\"https:\/\/i0.wp.com\/genevieveetbernardauxameriques.fr\/wp-content\/uploads\/2016\/03\/20160309_091956.jpg?resize=640%2C480&#038;ssl=1\" alt=\"\" width=\"640\" height=\"480\" srcset=\"https:\/\/i0.wp.com\/genevieveetbernardauxameriques.fr\/wp-content\/uploads\/2016\/03\/20160309_091956.jpg?w=800&amp;ssl=1 800w, https:\/\/i0.wp.com\/genevieveetbernardauxameriques.fr\/wp-content\/uploads\/2016\/03\/20160309_091956.jpg?resize=300%2C225&amp;ssl=1 300w, https:\/\/i0.wp.com\/genevieveetbernardauxameriques.fr\/wp-content\/uploads\/2016\/03\/20160309_091956.jpg?resize=768%2C576&amp;ssl=1 768w\" sizes=\"(max-width: 640px) 100vw, 640px\" data-recalc-dims=\"1\" \/><img loading=\"lazy\" decoding=\"async\" data-attachment-id=\"4608\" data-permalink=\"https:\/\/genevieveetbernardauxameriques.fr\/index.php\/2016\/03\/29\/de-rio-do-sud-a-rio-de-janeiro\/p1010859\/\" data-orig-file=\"https:\/\/i0.wp.com\/genevieveetbernardauxameriques.fr\/wp-content\/uploads\/2016\/03\/P1010859.jpg?fit=800%2C600&amp;ssl=1\" data-orig-size=\"800,600\" data-comments-opened=\"1\" data-image-meta=\"{&quot;aperture&quot;:&quot;4&quot;,&quot;credit&quot;:&quot;&quot;,&quot;camera&quot;:&quot;DMC-TZ55&quot;,&quot;caption&quot;:&quot;&quot;,&quot;created_timestamp&quot;:&quot;1457535794&quot;,&quot;copyright&quot;:&quot;&quot;,&quot;focal_length&quot;:&quot;4.3&quot;,&quot;iso&quot;:&quot;100&quot;,&quot;shutter_speed&quot;:&quot;0.001&quot;,&quot;title&quot;:&quot;&quot;,&quot;orientation&quot;:&quot;1&quot;}\" data-image-title=\"P1010859\" data-image-description=\"\" data-image-caption=\"\" data-medium-file=\"https:\/\/i0.wp.com\/genevieveetbernardauxameriques.fr\/wp-content\/uploads\/2016\/03\/P1010859.jpg?fit=300%2C225&amp;ssl=1\" data-large-file=\"https:\/\/i0.wp.com\/genevieveetbernardauxameriques.fr\/wp-content\/uploads\/2016\/03\/P1010859.jpg?fit=640%2C480&amp;ssl=1\" class=\"alignnone size-full wp-image-4608\" src=\"https:\/\/i0.wp.com\/genevieveetbernardauxameriques.fr\/wp-content\/uploads\/2016\/03\/P1010859.jpg?resize=640%2C480&#038;ssl=1\" alt=\"\" width=\"640\" height=\"480\" srcset=\"https:\/\/i0.wp.com\/genevieveetbernardauxameriques.fr\/wp-content\/uploads\/2016\/03\/P1010859.jpg?w=800&amp;ssl=1 800w, https:\/\/i0.wp.com\/genevieveetbernardauxameriques.fr\/wp-content\/uploads\/2016\/03\/P1010859.jpg?resize=300%2C225&amp;ssl=1 300w, https:\/\/i0.wp.com\/genevieveetbernardauxameriques.fr\/wp-content\/uploads\/2016\/03\/P1010859.jpg?resize=768%2C576&amp;ssl=1 768w\" sizes=\"(max-width: 640px) 100vw, 640px\" data-recalc-dims=\"1\" \/> <img loading=\"lazy\" decoding=\"async\" data-attachment-id=\"4609\" data-permalink=\"https:\/\/genevieveetbernardauxameriques.fr\/index.php\/2016\/03\/29\/de-rio-do-sud-a-rio-de-janeiro\/p1010868\/\" data-orig-file=\"https:\/\/i0.wp.com\/genevieveetbernardauxameriques.fr\/wp-content\/uploads\/2016\/03\/P1010868.jpg?fit=800%2C600&amp;ssl=1\" data-orig-size=\"800,600\" data-comments-opened=\"1\" data-image-meta=\"{&quot;aperture&quot;:&quot;4&quot;,&quot;credit&quot;:&quot;&quot;,&quot;camera&quot;:&quot;DMC-TZ55&quot;,&quot;caption&quot;:&quot;&quot;,&quot;created_timestamp&quot;:&quot;1457536138&quot;,&quot;copyright&quot;:&quot;&quot;,&quot;focal_length&quot;:&quot;4.3&quot;,&quot;iso&quot;:&quot;100&quot;,&quot;shutter_speed&quot;:&quot;0.0015625&quot;,&quot;title&quot;:&quot;&quot;,&quot;orientation&quot;:&quot;1&quot;}\" data-image-title=\"P1010868\" data-image-description=\"\" data-image-caption=\"\" data-medium-file=\"https:\/\/i0.wp.com\/genevieveetbernardauxameriques.fr\/wp-content\/uploads\/2016\/03\/P1010868.jpg?fit=300%2C225&amp;ssl=1\" data-large-file=\"https:\/\/i0.wp.com\/genevieveetbernardauxameriques.fr\/wp-content\/uploads\/2016\/03\/P1010868.jpg?fit=640%2C480&amp;ssl=1\" class=\"alignnone size-full wp-image-4609\" src=\"https:\/\/i0.wp.com\/genevieveetbernardauxameriques.fr\/wp-content\/uploads\/2016\/03\/P1010868.jpg?resize=640%2C480&#038;ssl=1\" alt=\"\" width=\"640\" height=\"480\" srcset=\"https:\/\/i0.wp.com\/genevieveetbernardauxameriques.fr\/wp-content\/uploads\/2016\/03\/P1010868.jpg?w=800&amp;ssl=1 800w, https:\/\/i0.wp.com\/genevieveetbernardauxameriques.fr\/wp-content\/uploads\/2016\/03\/P1010868.jpg?resize=300%2C225&amp;ssl=1 300w, https:\/\/i0.wp.com\/genevieveetbernardauxameriques.fr\/wp-content\/uploads\/2016\/03\/P1010868.jpg?resize=768%2C576&amp;ssl=1 768w\" sizes=\"(max-width: 640px) 100vw, 640px\" data-recalc-dims=\"1\" \/><\/p>\n<p align=\"justify\">Ensuite nous partirons un peu plus au nord de l\u2019\u00eele \u00e0 <strong>CANASVIEIRA<\/strong>S.\u00a0 La ville est anim\u00e9e ou plut\u00f4t la plage est anim\u00e9e : nous qui n\u2019avions encore pas vu de string, l\u00e0 nous sommes g\u00e2t\u00e9s, bien que ce n\u2019est pas tr\u00e8s joli car les jolies filles sont rares, et les fesses un peu grasses !!!!!<\/p>\n<div class=\"tiled-gallery type-rectangular tiled-gallery-unresized\" data-original-width=\"640\" data-carousel-extra='{&quot;blog_id&quot;:1,&quot;permalink&quot;:&quot;https:\\\/\\\/genevieveetbernardauxameriques.fr\\\/index.php\\\/2016\\\/03\\\/29\\\/de-rio-do-sud-a-rio-de-janeiro\\\/&quot;,&quot;likes_blog_id&quot;:107627276}' itemscope itemtype=\"http:\/\/schema.org\/ImageGallery\" > <div class=\"gallery-row\" style=\"width: 640px; height: 259px;\" data-original-width=\"640\" data-original-height=\"259\" > <div class=\"gallery-group images-2\" style=\"width: 125px; height: 259px;\" data-original-width=\"125\" data-original-height=\"259\" > <div class=\"tiled-gallery-item tiled-gallery-item-small\" itemprop=\"associatedMedia\" itemscope itemtype=\"http:\/\/schema.org\/ImageObject\"> <a href=\"https:\/\/genevieveetbernardauxameriques.fr\/index.php\/2016\/03\/29\/de-rio-do-sud-a-rio-de-janeiro\/p1010886-jpg\/\" border=\"0\" itemprop=\"url\"> <meta itemprop=\"width\" content=\"121\"> <meta itemprop=\"height\" content=\"161\"> <img decoding=\"async\" class=\"\" data-attachment-id=\"4062\" data-orig-file=\"https:\/\/genevieveetbernardauxameriques.fr\/wp-content\/uploads\/2016\/03\/P1010886.jpg\" data-orig-size=\"576,768\" data-comments-opened=\"1\" data-image-meta=\"{&quot;aperture&quot;:&quot;0&quot;,&quot;credit&quot;:&quot;&quot;,&quot;camera&quot;:&quot;&quot;,&quot;caption&quot;:&quot;&quot;,&quot;created_timestamp&quot;:&quot;0&quot;,&quot;copyright&quot;:&quot;&quot;,&quot;focal_length&quot;:&quot;0&quot;,&quot;iso&quot;:&quot;0&quot;,&quot;shutter_speed&quot;:&quot;0&quot;,&quot;title&quot;:&quot;&quot;,&quot;orientation&quot;:&quot;0&quot;}\" data-image-title=\"P1010886.jpg\" data-image-description=\"\" data-medium-file=\"https:\/\/i0.wp.com\/genevieveetbernardauxameriques.fr\/wp-content\/uploads\/2016\/03\/P1010886.jpg?fit=225%2C300&#038;ssl=1\" data-large-file=\"https:\/\/i0.wp.com\/genevieveetbernardauxameriques.fr\/wp-content\/uploads\/2016\/03\/P1010886.jpg?fit=576%2C768&#038;ssl=1\" src=\"https:\/\/i0.wp.com\/genevieveetbernardauxameriques.fr\/wp-content\/uploads\/2016\/03\/P1010886.jpg?w=121&#038;h=161&#038;ssl=1\" srcset=\"https:\/\/i0.wp.com\/genevieveetbernardauxameriques.fr\/wp-content\/uploads\/2016\/03\/P1010886.jpg?w=576&amp;ssl=1 576w, https:\/\/i0.wp.com\/genevieveetbernardauxameriques.fr\/wp-content\/uploads\/2016\/03\/P1010886.jpg?resize=225%2C300&amp;ssl=1 225w\" width=\"121\" height=\"161\" loading=\"lazy\" data-original-width=\"121\" data-original-height=\"161\" itemprop=\"http:\/\/schema.org\/image\" title=\"P1010886.jpg\" alt=\"P1010886.jpg\" style=\"width: 121px; height: 161px;\" \/> <\/a> <\/div> <div class=\"tiled-gallery-item tiled-gallery-item-small\" itemprop=\"associatedMedia\" itemscope itemtype=\"http:\/\/schema.org\/ImageObject\"> <a href=\"https:\/\/genevieveetbernardauxameriques.fr\/index.php\/2016\/03\/29\/de-rio-do-sud-a-rio-de-janeiro\/p1010883-jpg\/\" border=\"0\" itemprop=\"url\"> <meta itemprop=\"width\" content=\"121\"> <meta itemprop=\"height\" content=\"90\"> <img decoding=\"async\" class=\"\" data-attachment-id=\"4056\" data-orig-file=\"https:\/\/genevieveetbernardauxameriques.fr\/wp-content\/uploads\/2016\/03\/P1010883.jpg\" data-orig-size=\"1024,768\" data-comments-opened=\"1\" data-image-meta=\"{&quot;aperture&quot;:&quot;0&quot;,&quot;credit&quot;:&quot;&quot;,&quot;camera&quot;:&quot;&quot;,&quot;caption&quot;:&quot;&quot;,&quot;created_timestamp&quot;:&quot;0&quot;,&quot;copyright&quot;:&quot;&quot;,&quot;focal_length&quot;:&quot;0&quot;,&quot;iso&quot;:&quot;0&quot;,&quot;shutter_speed&quot;:&quot;0&quot;,&quot;title&quot;:&quot;&quot;,&quot;orientation&quot;:&quot;0&quot;}\" data-image-title=\"P1010883.jpg\" data-image-description=\"\" data-medium-file=\"https:\/\/i0.wp.com\/genevieveetbernardauxameriques.fr\/wp-content\/uploads\/2016\/03\/P1010883.jpg?fit=300%2C225&#038;ssl=1\" data-large-file=\"https:\/\/i0.wp.com\/genevieveetbernardauxameriques.fr\/wp-content\/uploads\/2016\/03\/P1010883.jpg?fit=640%2C480&#038;ssl=1\" src=\"https:\/\/i0.wp.com\/genevieveetbernardauxameriques.fr\/wp-content\/uploads\/2016\/03\/P1010883.jpg?w=121&#038;h=90&#038;ssl=1\" srcset=\"https:\/\/i0.wp.com\/genevieveetbernardauxameriques.fr\/wp-content\/uploads\/2016\/03\/P1010883.jpg?w=1024&amp;ssl=1 1024w, https:\/\/i0.wp.com\/genevieveetbernardauxameriques.fr\/wp-content\/uploads\/2016\/03\/P1010883.jpg?resize=300%2C225&amp;ssl=1 300w, https:\/\/i0.wp.com\/genevieveetbernardauxameriques.fr\/wp-content\/uploads\/2016\/03\/P1010883.jpg?resize=768%2C576&amp;ssl=1 768w\" width=\"121\" height=\"90\" loading=\"lazy\" data-original-width=\"121\" data-original-height=\"90\" itemprop=\"http:\/\/schema.org\/image\" title=\"P1010883.jpg\" alt=\"P1010883.jpg\" style=\"width: 121px; height: 90px;\" \/> <\/a> <\/div> <\/div> <!-- close group --> <div class=\"gallery-group images-2\" style=\"width: 171px; height: 259px;\" data-original-width=\"171\" data-original-height=\"259\" > <div class=\"tiled-gallery-item tiled-gallery-item-small\" itemprop=\"associatedMedia\" itemscope itemtype=\"http:\/\/schema.org\/ImageObject\"> <a href=\"https:\/\/genevieveetbernardauxameriques.fr\/index.php\/2016\/03\/29\/de-rio-do-sud-a-rio-de-janeiro\/20160309_123743-jpg\/\" border=\"0\" itemprop=\"url\"> <meta itemprop=\"width\" content=\"167\"> <meta itemprop=\"height\" content=\"126\"> <img decoding=\"async\" class=\"\" data-attachment-id=\"4058\" data-orig-file=\"https:\/\/genevieveetbernardauxameriques.fr\/wp-content\/uploads\/2016\/03\/20160309_123743.jpg\" data-orig-size=\"800,600\" data-comments-opened=\"1\" data-image-meta=\"{&quot;aperture&quot;:&quot;1.9&quot;,&quot;credit&quot;:&quot;&quot;,&quot;camera&quot;:&quot;SM-T810&quot;,&quot;caption&quot;:&quot;&quot;,&quot;created_timestamp&quot;:&quot;1457527063&quot;,&quot;copyright&quot;:&quot;&quot;,&quot;focal_length&quot;:&quot;2.9&quot;,&quot;iso&quot;:&quot;40&quot;,&quot;shutter_speed&quot;:&quot;0.00053995680345572&quot;,&quot;title&quot;:&quot;&quot;,&quot;orientation&quot;:&quot;1&quot;}\" data-image-title=\"20160309_123743.jpg\" data-image-description=\"\" data-medium-file=\"https:\/\/i0.wp.com\/genevieveetbernardauxameriques.fr\/wp-content\/uploads\/2016\/03\/20160309_123743.jpg?fit=300%2C225&#038;ssl=1\" data-large-file=\"https:\/\/i0.wp.com\/genevieveetbernardauxameriques.fr\/wp-content\/uploads\/2016\/03\/20160309_123743.jpg?fit=640%2C480&#038;ssl=1\" src=\"https:\/\/i0.wp.com\/genevieveetbernardauxameriques.fr\/wp-content\/uploads\/2016\/03\/20160309_123743.jpg?w=167&#038;h=126&#038;ssl=1\" srcset=\"https:\/\/i0.wp.com\/genevieveetbernardauxameriques.fr\/wp-content\/uploads\/2016\/03\/20160309_123743.jpg?w=800&amp;ssl=1 800w, https:\/\/i0.wp.com\/genevieveetbernardauxameriques.fr\/wp-content\/uploads\/2016\/03\/20160309_123743.jpg?resize=300%2C225&amp;ssl=1 300w, https:\/\/i0.wp.com\/genevieveetbernardauxameriques.fr\/wp-content\/uploads\/2016\/03\/20160309_123743.jpg?resize=768%2C576&amp;ssl=1 768w\" width=\"167\" height=\"126\" loading=\"lazy\" data-original-width=\"167\" data-original-height=\"126\" itemprop=\"http:\/\/schema.org\/image\" title=\"20160309_123743.jpg\" alt=\"20160309_123743.jpg\" style=\"width: 167px; height: 126px;\" \/> <\/a> <\/div> <div class=\"tiled-gallery-item tiled-gallery-item-small\" itemprop=\"associatedMedia\" itemscope itemtype=\"http:\/\/schema.org\/ImageObject\"> <a href=\"https:\/\/genevieveetbernardauxameriques.fr\/index.php\/2016\/03\/29\/de-rio-do-sud-a-rio-de-janeiro\/20160309_125111-jpg\/\" border=\"0\" itemprop=\"url\"> <meta itemprop=\"width\" content=\"167\"> <meta itemprop=\"height\" content=\"125\"> <img decoding=\"async\" class=\"\" data-attachment-id=\"4052\" data-orig-file=\"https:\/\/genevieveetbernardauxameriques.fr\/wp-content\/uploads\/2016\/03\/20160309_125111.jpg\" data-orig-size=\"800,600\" data-comments-opened=\"1\" data-image-meta=\"{&quot;aperture&quot;:&quot;1.9&quot;,&quot;credit&quot;:&quot;&quot;,&quot;camera&quot;:&quot;SM-T810&quot;,&quot;caption&quot;:&quot;&quot;,&quot;created_timestamp&quot;:&quot;1457527871&quot;,&quot;copyright&quot;:&quot;&quot;,&quot;focal_length&quot;:&quot;2.9&quot;,&quot;iso&quot;:&quot;40&quot;,&quot;shutter_speed&quot;:&quot;0.00060386473429952&quot;,&quot;title&quot;:&quot;&quot;,&quot;orientation&quot;:&quot;1&quot;}\" data-image-title=\"20160309_125111.jpg\" data-image-description=\"\" data-medium-file=\"https:\/\/i0.wp.com\/genevieveetbernardauxameriques.fr\/wp-content\/uploads\/2016\/03\/20160309_125111.jpg?fit=300%2C225&#038;ssl=1\" data-large-file=\"https:\/\/i0.wp.com\/genevieveetbernardauxameriques.fr\/wp-content\/uploads\/2016\/03\/20160309_125111.jpg?fit=640%2C480&#038;ssl=1\" src=\"https:\/\/i0.wp.com\/genevieveetbernardauxameriques.fr\/wp-content\/uploads\/2016\/03\/20160309_125111.jpg?w=167&#038;h=125&#038;ssl=1\" srcset=\"https:\/\/i0.wp.com\/genevieveetbernardauxameriques.fr\/wp-content\/uploads\/2016\/03\/20160309_125111.jpg?w=800&amp;ssl=1 800w, https:\/\/i0.wp.com\/genevieveetbernardauxameriques.fr\/wp-content\/uploads\/2016\/03\/20160309_125111.jpg?resize=300%2C225&amp;ssl=1 300w, https:\/\/i0.wp.com\/genevieveetbernardauxameriques.fr\/wp-content\/uploads\/2016\/03\/20160309_125111.jpg?resize=768%2C576&amp;ssl=1 768w\" width=\"167\" height=\"125\" loading=\"lazy\" data-original-width=\"167\" data-original-height=\"125\" itemprop=\"http:\/\/schema.org\/image\" title=\"20160309_125111.jpg\" alt=\"20160309_125111.jpg\" style=\"width: 167px; height: 125px;\" \/> <\/a> <\/div> <\/div> <!-- close group --> <div class=\"gallery-group images-1\" style=\"width: 344px; height: 259px;\" data-original-width=\"344\" data-original-height=\"259\" > <div class=\"tiled-gallery-item tiled-gallery-item-large\" itemprop=\"associatedMedia\" itemscope itemtype=\"http:\/\/schema.org\/ImageObject\"> <a href=\"https:\/\/genevieveetbernardauxameriques.fr\/index.php\/2016\/03\/29\/de-rio-do-sud-a-rio-de-janeiro\/20160309_124243-jpg\/\" border=\"0\" itemprop=\"url\"> <meta itemprop=\"width\" content=\"340\"> <meta itemprop=\"height\" content=\"255\"> <img decoding=\"async\" class=\"\" data-attachment-id=\"4054\" data-orig-file=\"https:\/\/genevieveetbernardauxameriques.fr\/wp-content\/uploads\/2016\/03\/20160309_124243.jpg\" data-orig-size=\"800,600\" data-comments-opened=\"1\" data-image-meta=\"{&quot;aperture&quot;:&quot;1.9&quot;,&quot;credit&quot;:&quot;&quot;,&quot;camera&quot;:&quot;SM-T810&quot;,&quot;caption&quot;:&quot;&quot;,&quot;created_timestamp&quot;:&quot;1457527363&quot;,&quot;copyright&quot;:&quot;&quot;,&quot;focal_length&quot;:&quot;2.9&quot;,&quot;iso&quot;:&quot;40&quot;,&quot;shutter_speed&quot;:&quot;0.00044802867383513&quot;,&quot;title&quot;:&quot;&quot;,&quot;orientation&quot;:&quot;1&quot;}\" data-image-title=\"20160309_124243.jpg\" data-image-description=\"\" data-medium-file=\"https:\/\/i0.wp.com\/genevieveetbernardauxameriques.fr\/wp-content\/uploads\/2016\/03\/20160309_124243.jpg?fit=300%2C225&#038;ssl=1\" data-large-file=\"https:\/\/i0.wp.com\/genevieveetbernardauxameriques.fr\/wp-content\/uploads\/2016\/03\/20160309_124243.jpg?fit=640%2C480&#038;ssl=1\" src=\"https:\/\/i0.wp.com\/genevieveetbernardauxameriques.fr\/wp-content\/uploads\/2016\/03\/20160309_124243.jpg?w=340&#038;h=255&#038;ssl=1\" srcset=\"https:\/\/i0.wp.com\/genevieveetbernardauxameriques.fr\/wp-content\/uploads\/2016\/03\/20160309_124243.jpg?w=800&amp;ssl=1 800w, https:\/\/i0.wp.com\/genevieveetbernardauxameriques.fr\/wp-content\/uploads\/2016\/03\/20160309_124243.jpg?resize=300%2C225&amp;ssl=1 300w, https:\/\/i0.wp.com\/genevieveetbernardauxameriques.fr\/wp-content\/uploads\/2016\/03\/20160309_124243.jpg?resize=768%2C576&amp;ssl=1 768w\" width=\"340\" height=\"255\" loading=\"lazy\" data-original-width=\"340\" data-original-height=\"255\" itemprop=\"http:\/\/schema.org\/image\" title=\"20160309_124243.jpg\" alt=\"20160309_124243.jpg\" style=\"width: 340px; height: 255px;\" \/> <\/a> <\/div> <\/div> <!-- close group --> <\/div> <!-- close row --> <\/div>\n<p>Toutes ne sont pas comme celle-l\u00e0 !!!!!!<\/p>\n<p align=\"justify\">Nous nous arr\u00eatons sur la plage\u00a0pour prendre un verre et quelques crevettes qui nous servirons de repas et nous contemplons la vie sur la plage.<\/p>\n<p align=\"justify\"><img loading=\"lazy\" decoding=\"async\" data-attachment-id=\"4064\" data-permalink=\"https:\/\/genevieveetbernardauxameriques.fr\/index.php\/2016\/03\/29\/de-rio-do-sud-a-rio-de-janeiro\/20160309_120354-jpg\/\" data-orig-file=\"https:\/\/i0.wp.com\/genevieveetbernardauxameriques.fr\/wp-content\/uploads\/2016\/03\/20160309_120354.jpg?fit=800%2C600&amp;ssl=1\" data-orig-size=\"800,600\" data-comments-opened=\"1\" data-image-meta=\"{&quot;aperture&quot;:&quot;2.2&quot;,&quot;credit&quot;:&quot;&quot;,&quot;camera&quot;:&quot;SM-T810&quot;,&quot;caption&quot;:&quot;&quot;,&quot;created_timestamp&quot;:&quot;1457525034&quot;,&quot;copyright&quot;:&quot;&quot;,&quot;focal_length&quot;:&quot;1.86&quot;,&quot;iso&quot;:&quot;50&quot;,&quot;shutter_speed&quot;:&quot;0.00031796502384738&quot;,&quot;title&quot;:&quot;&quot;,&quot;orientation&quot;:&quot;1&quot;}\" data-image-title=\"20160309_120354.jpg\" data-image-description=\"\" data-image-caption=\"\" data-medium-file=\"https:\/\/i0.wp.com\/genevieveetbernardauxameriques.fr\/wp-content\/uploads\/2016\/03\/20160309_120354.jpg?fit=300%2C225&amp;ssl=1\" data-large-file=\"https:\/\/i0.wp.com\/genevieveetbernardauxameriques.fr\/wp-content\/uploads\/2016\/03\/20160309_120354.jpg?fit=640%2C480&amp;ssl=1\" class=\"alignnone size-full wp-image-4064\" src=\"https:\/\/i0.wp.com\/genevieveetbernardauxameriques.fr\/wp-content\/uploads\/2016\/03\/20160309_120354.jpg?resize=640%2C480&#038;ssl=1\" alt=\"\" width=\"640\" height=\"480\" srcset=\"https:\/\/i0.wp.com\/genevieveetbernardauxameriques.fr\/wp-content\/uploads\/2016\/03\/20160309_120354.jpg?w=800&amp;ssl=1 800w, https:\/\/i0.wp.com\/genevieveetbernardauxameriques.fr\/wp-content\/uploads\/2016\/03\/20160309_120354.jpg?resize=300%2C225&amp;ssl=1 300w, https:\/\/i0.wp.com\/genevieveetbernardauxameriques.fr\/wp-content\/uploads\/2016\/03\/20160309_120354.jpg?resize=768%2C576&amp;ssl=1 768w\" sizes=\"(max-width: 640px) 100vw, 640px\" data-recalc-dims=\"1\" \/> <img loading=\"lazy\" decoding=\"async\" data-attachment-id=\"4066\" data-permalink=\"https:\/\/genevieveetbernardauxameriques.fr\/index.php\/2016\/03\/29\/de-rio-do-sud-a-rio-de-janeiro\/20160309_120935-jpg\/\" data-orig-file=\"https:\/\/i0.wp.com\/genevieveetbernardauxameriques.fr\/wp-content\/uploads\/2016\/03\/20160309_120935.jpg?fit=800%2C600&amp;ssl=1\" data-orig-size=\"800,600\" data-comments-opened=\"1\" data-image-meta=\"{&quot;aperture&quot;:&quot;1.9&quot;,&quot;credit&quot;:&quot;&quot;,&quot;camera&quot;:&quot;SM-T810&quot;,&quot;caption&quot;:&quot;&quot;,&quot;created_timestamp&quot;:&quot;1457525375&quot;,&quot;copyright&quot;:&quot;&quot;,&quot;focal_length&quot;:&quot;2.9&quot;,&quot;iso&quot;:&quot;40&quot;,&quot;shutter_speed&quot;:&quot;0.00057471264367816&quot;,&quot;title&quot;:&quot;&quot;,&quot;orientation&quot;:&quot;1&quot;}\" data-image-title=\"20160309_120935.jpg\" data-image-description=\"\" data-image-caption=\"\" data-medium-file=\"https:\/\/i0.wp.com\/genevieveetbernardauxameriques.fr\/wp-content\/uploads\/2016\/03\/20160309_120935.jpg?fit=300%2C225&amp;ssl=1\" data-large-file=\"https:\/\/i0.wp.com\/genevieveetbernardauxameriques.fr\/wp-content\/uploads\/2016\/03\/20160309_120935.jpg?fit=640%2C480&amp;ssl=1\" class=\"alignnone size-full wp-image-4066\" src=\"https:\/\/i0.wp.com\/genevieveetbernardauxameriques.fr\/wp-content\/uploads\/2016\/03\/20160309_120935.jpg?resize=640%2C480&#038;ssl=1\" alt=\"\" width=\"640\" height=\"480\" srcset=\"https:\/\/i0.wp.com\/genevieveetbernardauxameriques.fr\/wp-content\/uploads\/2016\/03\/20160309_120935.jpg?w=800&amp;ssl=1 800w, https:\/\/i0.wp.com\/genevieveetbernardauxameriques.fr\/wp-content\/uploads\/2016\/03\/20160309_120935.jpg?resize=300%2C225&amp;ssl=1 300w, https:\/\/i0.wp.com\/genevieveetbernardauxameriques.fr\/wp-content\/uploads\/2016\/03\/20160309_120935.jpg?resize=768%2C576&amp;ssl=1 768w\" sizes=\"(max-width: 640px) 100vw, 640px\" data-recalc-dims=\"1\" \/><\/p>\n<p align=\"justify\">Personne n\u2019est allong\u00e9 sur une serviette, tout le monde a son fauteuil, il y a des marchands ambulants de robes, maillots de bains (haut ou bas), de victuailles\u2026<\/p>\n<p align=\"justify\"><img loading=\"lazy\" decoding=\"async\" data-attachment-id=\"4628\" data-permalink=\"https:\/\/genevieveetbernardauxameriques.fr\/index.php\/2016\/03\/29\/de-rio-do-sud-a-rio-de-janeiro\/p1010882\/\" data-orig-file=\"https:\/\/i0.wp.com\/genevieveetbernardauxameriques.fr\/wp-content\/uploads\/2016\/03\/P1010882.jpg?fit=4608%2C3456&amp;ssl=1\" data-orig-size=\"4608,3456\" data-comments-opened=\"1\" data-image-meta=\"{&quot;aperture&quot;:&quot;6.3&quot;,&quot;credit&quot;:&quot;&quot;,&quot;camera&quot;:&quot;DMC-TZ55&quot;,&quot;caption&quot;:&quot;&quot;,&quot;created_timestamp&quot;:&quot;1457538833&quot;,&quot;copyright&quot;:&quot;&quot;,&quot;focal_length&quot;:&quot;19.4&quot;,&quot;iso&quot;:&quot;100&quot;,&quot;shutter_speed&quot;:&quot;0.00125&quot;,&quot;title&quot;:&quot;&quot;,&quot;orientation&quot;:&quot;1&quot;}\" data-image-title=\"P1010882\" data-image-description=\"\" data-image-caption=\"\" data-medium-file=\"https:\/\/i0.wp.com\/genevieveetbernardauxameriques.fr\/wp-content\/uploads\/2016\/03\/P1010882.jpg?fit=300%2C225&amp;ssl=1\" data-large-file=\"https:\/\/i0.wp.com\/genevieveetbernardauxameriques.fr\/wp-content\/uploads\/2016\/03\/P1010882.jpg?fit=640%2C480&amp;ssl=1\" class=\"alignnone size-large wp-image-4628\" src=\"https:\/\/i0.wp.com\/genevieveetbernardauxameriques.fr\/wp-content\/uploads\/2016\/03\/P1010882.jpg?resize=640%2C480&#038;ssl=1\" alt=\"\" width=\"640\" height=\"480\" srcset=\"https:\/\/i0.wp.com\/genevieveetbernardauxameriques.fr\/wp-content\/uploads\/2016\/03\/P1010882.jpg?resize=1024%2C768&amp;ssl=1 1024w, https:\/\/i0.wp.com\/genevieveetbernardauxameriques.fr\/wp-content\/uploads\/2016\/03\/P1010882.jpg?resize=300%2C225&amp;ssl=1 300w, https:\/\/i0.wp.com\/genevieveetbernardauxameriques.fr\/wp-content\/uploads\/2016\/03\/P1010882.jpg?resize=768%2C576&amp;ssl=1 768w, https:\/\/i0.wp.com\/genevieveetbernardauxameriques.fr\/wp-content\/uploads\/2016\/03\/P1010882.jpg?w=1280&amp;ssl=1 1280w, https:\/\/i0.wp.com\/genevieveetbernardauxameriques.fr\/wp-content\/uploads\/2016\/03\/P1010882.jpg?w=1920&amp;ssl=1 1920w\" sizes=\"(max-width: 640px) 100vw, 640px\" data-recalc-dims=\"1\" \/><\/p>\n<p align=\"justify\"><img loading=\"lazy\" decoding=\"async\" data-attachment-id=\"4068\" data-permalink=\"https:\/\/genevieveetbernardauxameriques.fr\/index.php\/2016\/03\/29\/de-rio-do-sud-a-rio-de-janeiro\/p1010881-jpg\/\" data-orig-file=\"https:\/\/i0.wp.com\/genevieveetbernardauxameriques.fr\/wp-content\/uploads\/2016\/03\/P1010881.jpg?fit=1024%2C768&amp;ssl=1\" data-orig-size=\"1024,768\" data-comments-opened=\"1\" data-image-meta=\"{&quot;aperture&quot;:&quot;0&quot;,&quot;credit&quot;:&quot;&quot;,&quot;camera&quot;:&quot;&quot;,&quot;caption&quot;:&quot;&quot;,&quot;created_timestamp&quot;:&quot;0&quot;,&quot;copyright&quot;:&quot;&quot;,&quot;focal_length&quot;:&quot;0&quot;,&quot;iso&quot;:&quot;0&quot;,&quot;shutter_speed&quot;:&quot;0&quot;,&quot;title&quot;:&quot;&quot;,&quot;orientation&quot;:&quot;0&quot;}\" data-image-title=\"P1010881.jpg\" data-image-description=\"\" data-image-caption=\"\" data-medium-file=\"https:\/\/i0.wp.com\/genevieveetbernardauxameriques.fr\/wp-content\/uploads\/2016\/03\/P1010881.jpg?fit=300%2C225&amp;ssl=1\" data-large-file=\"https:\/\/i0.wp.com\/genevieveetbernardauxameriques.fr\/wp-content\/uploads\/2016\/03\/P1010881.jpg?fit=640%2C480&amp;ssl=1\" class=\"alignnone size-large wp-image-4068\" src=\"https:\/\/i0.wp.com\/genevieveetbernardauxameriques.fr\/wp-content\/uploads\/2016\/03\/P1010881.jpg?resize=640%2C480&#038;ssl=1\" alt=\"\" width=\"640\" height=\"480\" srcset=\"https:\/\/i0.wp.com\/genevieveetbernardauxameriques.fr\/wp-content\/uploads\/2016\/03\/P1010881.jpg?w=1024&amp;ssl=1 1024w, https:\/\/i0.wp.com\/genevieveetbernardauxameriques.fr\/wp-content\/uploads\/2016\/03\/P1010881.jpg?resize=300%2C225&amp;ssl=1 300w, https:\/\/i0.wp.com\/genevieveetbernardauxameriques.fr\/wp-content\/uploads\/2016\/03\/P1010881.jpg?resize=768%2C576&amp;ssl=1 768w\" sizes=\"(max-width: 640px) 100vw, 640px\" data-recalc-dims=\"1\" \/> <img loading=\"lazy\" decoding=\"async\" data-attachment-id=\"4070\" data-permalink=\"https:\/\/genevieveetbernardauxameriques.fr\/index.php\/2016\/03\/29\/de-rio-do-sud-a-rio-de-janeiro\/p1010884-jpg\/\" data-orig-file=\"https:\/\/i0.wp.com\/genevieveetbernardauxameriques.fr\/wp-content\/uploads\/2016\/03\/P1010884-e1572968617677.jpg?fit=1024%2C568&amp;ssl=1\" data-orig-size=\"1024,568\" data-comments-opened=\"1\" data-image-meta=\"{&quot;aperture&quot;:&quot;0&quot;,&quot;credit&quot;:&quot;&quot;,&quot;camera&quot;:&quot;&quot;,&quot;caption&quot;:&quot;&quot;,&quot;created_timestamp&quot;:&quot;0&quot;,&quot;copyright&quot;:&quot;&quot;,&quot;focal_length&quot;:&quot;0&quot;,&quot;iso&quot;:&quot;0&quot;,&quot;shutter_speed&quot;:&quot;0&quot;,&quot;title&quot;:&quot;&quot;,&quot;orientation&quot;:&quot;0&quot;}\" data-image-title=\"P1010884.jpg\" data-image-description=\"\" data-image-caption=\"\" data-medium-file=\"https:\/\/i0.wp.com\/genevieveetbernardauxameriques.fr\/wp-content\/uploads\/2016\/03\/P1010884-e1572968617677.jpg?fit=300%2C166&amp;ssl=1\" data-large-file=\"https:\/\/i0.wp.com\/genevieveetbernardauxameriques.fr\/wp-content\/uploads\/2016\/03\/P1010884-e1572968617677.jpg?fit=640%2C355&amp;ssl=1\" class=\"alignnone size-large wp-image-4070\" src=\"https:\/\/i0.wp.com\/genevieveetbernardauxameriques.fr\/wp-content\/uploads\/2016\/03\/P1010884-e1572968617677-1024x568.jpg?resize=640%2C355&#038;ssl=1\" alt=\"\" width=\"640\" height=\"355\" srcset=\"https:\/\/i0.wp.com\/genevieveetbernardauxameriques.fr\/wp-content\/uploads\/2016\/03\/P1010884-e1572968617677.jpg?w=1024&amp;ssl=1 1024w, https:\/\/i0.wp.com\/genevieveetbernardauxameriques.fr\/wp-content\/uploads\/2016\/03\/P1010884-e1572968617677.jpg?resize=300%2C166&amp;ssl=1 300w, https:\/\/i0.wp.com\/genevieveetbernardauxameriques.fr\/wp-content\/uploads\/2016\/03\/P1010884-e1572968617677.jpg?resize=768%2C426&amp;ssl=1 768w\" sizes=\"(max-width: 640px) 100vw, 640px\" data-recalc-dims=\"1\" \/> <img loading=\"lazy\" decoding=\"async\" data-attachment-id=\"4072\" data-permalink=\"https:\/\/genevieveetbernardauxameriques.fr\/index.php\/2016\/03\/29\/de-rio-do-sud-a-rio-de-janeiro\/p1010885-jpg\/\" data-orig-file=\"https:\/\/i0.wp.com\/genevieveetbernardauxameriques.fr\/wp-content\/uploads\/2016\/03\/P1010885.jpg?fit=1024%2C768&amp;ssl=1\" data-orig-size=\"1024,768\" data-comments-opened=\"1\" data-image-meta=\"{&quot;aperture&quot;:&quot;0&quot;,&quot;credit&quot;:&quot;&quot;,&quot;camera&quot;:&quot;&quot;,&quot;caption&quot;:&quot;&quot;,&quot;created_timestamp&quot;:&quot;0&quot;,&quot;copyright&quot;:&quot;&quot;,&quot;focal_length&quot;:&quot;0&quot;,&quot;iso&quot;:&quot;0&quot;,&quot;shutter_speed&quot;:&quot;0&quot;,&quot;title&quot;:&quot;&quot;,&quot;orientation&quot;:&quot;0&quot;}\" data-image-title=\"P1010885.jpg\" data-image-description=\"\" data-image-caption=\"\" data-medium-file=\"https:\/\/i0.wp.com\/genevieveetbernardauxameriques.fr\/wp-content\/uploads\/2016\/03\/P1010885.jpg?fit=300%2C225&amp;ssl=1\" data-large-file=\"https:\/\/i0.wp.com\/genevieveetbernardauxameriques.fr\/wp-content\/uploads\/2016\/03\/P1010885.jpg?fit=640%2C480&amp;ssl=1\" class=\"alignnone size-large wp-image-4072\" src=\"https:\/\/i0.wp.com\/genevieveetbernardauxameriques.fr\/wp-content\/uploads\/2016\/03\/P1010885.jpg?resize=640%2C480&#038;ssl=1\" alt=\"\" width=\"640\" height=\"480\" srcset=\"https:\/\/i0.wp.com\/genevieveetbernardauxameriques.fr\/wp-content\/uploads\/2016\/03\/P1010885.jpg?w=1024&amp;ssl=1 1024w, https:\/\/i0.wp.com\/genevieveetbernardauxameriques.fr\/wp-content\/uploads\/2016\/03\/P1010885.jpg?resize=300%2C225&amp;ssl=1 300w, https:\/\/i0.wp.com\/genevieveetbernardauxameriques.fr\/wp-content\/uploads\/2016\/03\/P1010885.jpg?resize=768%2C576&amp;ssl=1 768w\" sizes=\"(max-width: 640px) 100vw, 640px\" data-recalc-dims=\"1\" \/><\/p>\n<p align=\"justify\">Des immeubles modernes, rien \u00e0 voir avec notre bivouac de la nuit pr\u00e9c\u00e9dente.<img loading=\"lazy\" decoding=\"async\" data-attachment-id=\"4074\" data-permalink=\"https:\/\/genevieveetbernardauxameriques.fr\/index.php\/2016\/03\/29\/de-rio-do-sud-a-rio-de-janeiro\/p1010879-jpg\/\" data-orig-file=\"https:\/\/i0.wp.com\/genevieveetbernardauxameriques.fr\/wp-content\/uploads\/2016\/03\/P1010879.jpg?fit=1024%2C768&amp;ssl=1\" data-orig-size=\"1024,768\" data-comments-opened=\"1\" data-image-meta=\"{&quot;aperture&quot;:&quot;0&quot;,&quot;credit&quot;:&quot;&quot;,&quot;camera&quot;:&quot;&quot;,&quot;caption&quot;:&quot;&quot;,&quot;created_timestamp&quot;:&quot;0&quot;,&quot;copyright&quot;:&quot;&quot;,&quot;focal_length&quot;:&quot;0&quot;,&quot;iso&quot;:&quot;0&quot;,&quot;shutter_speed&quot;:&quot;0&quot;,&quot;title&quot;:&quot;&quot;,&quot;orientation&quot;:&quot;0&quot;}\" data-image-title=\"P1010879.jpg\" data-image-description=\"\" data-image-caption=\"\" data-medium-file=\"https:\/\/i0.wp.com\/genevieveetbernardauxameriques.fr\/wp-content\/uploads\/2016\/03\/P1010879.jpg?fit=300%2C225&amp;ssl=1\" data-large-file=\"https:\/\/i0.wp.com\/genevieveetbernardauxameriques.fr\/wp-content\/uploads\/2016\/03\/P1010879.jpg?fit=640%2C480&amp;ssl=1\" class=\"alignnone size-large wp-image-4074\" src=\"https:\/\/i0.wp.com\/genevieveetbernardauxameriques.fr\/wp-content\/uploads\/2016\/03\/P1010879.jpg?resize=640%2C480&#038;ssl=1\" alt=\"\" width=\"640\" height=\"480\" srcset=\"https:\/\/i0.wp.com\/genevieveetbernardauxameriques.fr\/wp-content\/uploads\/2016\/03\/P1010879.jpg?w=1024&amp;ssl=1 1024w, https:\/\/i0.wp.com\/genevieveetbernardauxameriques.fr\/wp-content\/uploads\/2016\/03\/P1010879.jpg?resize=300%2C225&amp;ssl=1 300w, https:\/\/i0.wp.com\/genevieveetbernardauxameriques.fr\/wp-content\/uploads\/2016\/03\/P1010879.jpg?resize=768%2C576&amp;ssl=1 768w\" sizes=\"(max-width: 640px) 100vw, 640px\" data-recalc-dims=\"1\" \/> <img loading=\"lazy\" decoding=\"async\" data-attachment-id=\"4076\" data-permalink=\"https:\/\/genevieveetbernardauxameriques.fr\/index.php\/2016\/03\/29\/de-rio-do-sud-a-rio-de-janeiro\/p1010877-jpg\/\" data-orig-file=\"https:\/\/i0.wp.com\/genevieveetbernardauxameriques.fr\/wp-content\/uploads\/2016\/03\/P1010877.jpg?fit=1024%2C768&amp;ssl=1\" data-orig-size=\"1024,768\" data-comments-opened=\"1\" data-image-meta=\"{&quot;aperture&quot;:&quot;0&quot;,&quot;credit&quot;:&quot;&quot;,&quot;camera&quot;:&quot;&quot;,&quot;caption&quot;:&quot;&quot;,&quot;created_timestamp&quot;:&quot;0&quot;,&quot;copyright&quot;:&quot;&quot;,&quot;focal_length&quot;:&quot;0&quot;,&quot;iso&quot;:&quot;0&quot;,&quot;shutter_speed&quot;:&quot;0&quot;,&quot;title&quot;:&quot;&quot;,&quot;orientation&quot;:&quot;0&quot;}\" data-image-title=\"P1010877.jpg\" data-image-description=\"\" data-image-caption=\"\" data-medium-file=\"https:\/\/i0.wp.com\/genevieveetbernardauxameriques.fr\/wp-content\/uploads\/2016\/03\/P1010877.jpg?fit=300%2C225&amp;ssl=1\" data-large-file=\"https:\/\/i0.wp.com\/genevieveetbernardauxameriques.fr\/wp-content\/uploads\/2016\/03\/P1010877.jpg?fit=640%2C480&amp;ssl=1\" class=\"alignnone size-large wp-image-4076\" src=\"https:\/\/i0.wp.com\/genevieveetbernardauxameriques.fr\/wp-content\/uploads\/2016\/03\/P1010877.jpg?resize=640%2C480&#038;ssl=1\" alt=\"\" width=\"640\" height=\"480\" srcset=\"https:\/\/i0.wp.com\/genevieveetbernardauxameriques.fr\/wp-content\/uploads\/2016\/03\/P1010877.jpg?w=1024&amp;ssl=1 1024w, https:\/\/i0.wp.com\/genevieveetbernardauxameriques.fr\/wp-content\/uploads\/2016\/03\/P1010877.jpg?resize=300%2C225&amp;ssl=1 300w, https:\/\/i0.wp.com\/genevieveetbernardauxameriques.fr\/wp-content\/uploads\/2016\/03\/P1010877.jpg?resize=768%2C576&amp;ssl=1 768w\" sizes=\"(max-width: 640px) 100vw, 640px\" data-recalc-dims=\"1\" \/> <img loading=\"lazy\" decoding=\"async\" data-attachment-id=\"4078\" data-permalink=\"https:\/\/genevieveetbernardauxameriques.fr\/index.php\/2016\/03\/29\/de-rio-do-sud-a-rio-de-janeiro\/p1010878-jpg\/\" data-orig-file=\"https:\/\/i0.wp.com\/genevieveetbernardauxameriques.fr\/wp-content\/uploads\/2016\/03\/P1010878.jpg?fit=1024%2C768&amp;ssl=1\" data-orig-size=\"1024,768\" data-comments-opened=\"1\" data-image-meta=\"{&quot;aperture&quot;:&quot;0&quot;,&quot;credit&quot;:&quot;&quot;,&quot;camera&quot;:&quot;&quot;,&quot;caption&quot;:&quot;&quot;,&quot;created_timestamp&quot;:&quot;0&quot;,&quot;copyright&quot;:&quot;&quot;,&quot;focal_length&quot;:&quot;0&quot;,&quot;iso&quot;:&quot;0&quot;,&quot;shutter_speed&quot;:&quot;0&quot;,&quot;title&quot;:&quot;&quot;,&quot;orientation&quot;:&quot;0&quot;}\" data-image-title=\"P1010878.jpg\" data-image-description=\"\" data-image-caption=\"\" data-medium-file=\"https:\/\/i0.wp.com\/genevieveetbernardauxameriques.fr\/wp-content\/uploads\/2016\/03\/P1010878.jpg?fit=300%2C225&amp;ssl=1\" data-large-file=\"https:\/\/i0.wp.com\/genevieveetbernardauxameriques.fr\/wp-content\/uploads\/2016\/03\/P1010878.jpg?fit=640%2C480&amp;ssl=1\" class=\"alignnone size-large wp-image-4078\" src=\"https:\/\/i0.wp.com\/genevieveetbernardauxameriques.fr\/wp-content\/uploads\/2016\/03\/P1010878.jpg?resize=640%2C480&#038;ssl=1\" alt=\"\" width=\"640\" height=\"480\" srcset=\"https:\/\/i0.wp.com\/genevieveetbernardauxameriques.fr\/wp-content\/uploads\/2016\/03\/P1010878.jpg?w=1024&amp;ssl=1 1024w, https:\/\/i0.wp.com\/genevieveetbernardauxameriques.fr\/wp-content\/uploads\/2016\/03\/P1010878.jpg?resize=300%2C225&amp;ssl=1 300w, https:\/\/i0.wp.com\/genevieveetbernardauxameriques.fr\/wp-content\/uploads\/2016\/03\/P1010878.jpg?resize=768%2C576&amp;ssl=1 768w\" sizes=\"(max-width: 640px) 100vw, 640px\" data-recalc-dims=\"1\" \/><\/p>\n<p align=\"justify\">Apr\u00e8s la sieste, on continue notre tour de l\u2019ile pour arriver \u00e0 l\u2019est sur la Plage de <strong>Joaquina.<\/strong> Il s\u2019agit d\u2019\u00e9normes dunes blanches o\u00f9 les jeunes font du surf des sables, ils partent du haut de la dune sur une planche et se laissent glisser.<\/p>\n<p align=\"justify\">Mais il y a tout de m\u00eame une belle plage o\u00f9 le surf est l\u2019attraction principale dans les puissantes vagues qui peuvent atteindre 3 m de haut. La plage n\u2019est pas tr\u00e8s grande et il y a beaucoup de monde. Les bars sur la plage louent des si\u00e8ges.<\/p>\n<p align=\"justify\"><img loading=\"lazy\" decoding=\"async\" data-attachment-id=\"4080\" data-permalink=\"https:\/\/genevieveetbernardauxameriques.fr\/index.php\/2016\/03\/29\/de-rio-do-sud-a-rio-de-janeiro\/p1010880-jpg\/\" data-orig-file=\"https:\/\/i0.wp.com\/genevieveetbernardauxameriques.fr\/wp-content\/uploads\/2016\/03\/P1010880.jpg?fit=1024%2C768&amp;ssl=1\" data-orig-size=\"1024,768\" data-comments-opened=\"1\" data-image-meta=\"{&quot;aperture&quot;:&quot;0&quot;,&quot;credit&quot;:&quot;&quot;,&quot;camera&quot;:&quot;&quot;,&quot;caption&quot;:&quot;&quot;,&quot;created_timestamp&quot;:&quot;0&quot;,&quot;copyright&quot;:&quot;&quot;,&quot;focal_length&quot;:&quot;0&quot;,&quot;iso&quot;:&quot;0&quot;,&quot;shutter_speed&quot;:&quot;0&quot;,&quot;title&quot;:&quot;&quot;,&quot;orientation&quot;:&quot;0&quot;}\" data-image-title=\"P1010880.jpg\" data-image-description=\"\" data-image-caption=\"\" data-medium-file=\"https:\/\/i0.wp.com\/genevieveetbernardauxameriques.fr\/wp-content\/uploads\/2016\/03\/P1010880.jpg?fit=300%2C225&amp;ssl=1\" data-large-file=\"https:\/\/i0.wp.com\/genevieveetbernardauxameriques.fr\/wp-content\/uploads\/2016\/03\/P1010880.jpg?fit=640%2C480&amp;ssl=1\" class=\"alignnone size-large wp-image-4080\" src=\"https:\/\/i0.wp.com\/genevieveetbernardauxameriques.fr\/wp-content\/uploads\/2016\/03\/P1010880.jpg?resize=640%2C480&#038;ssl=1\" alt=\"\" width=\"640\" height=\"480\" srcset=\"https:\/\/i0.wp.com\/genevieveetbernardauxameriques.fr\/wp-content\/uploads\/2016\/03\/P1010880.jpg?w=1024&amp;ssl=1 1024w, https:\/\/i0.wp.com\/genevieveetbernardauxameriques.fr\/wp-content\/uploads\/2016\/03\/P1010880.jpg?resize=300%2C225&amp;ssl=1 300w, https:\/\/i0.wp.com\/genevieveetbernardauxameriques.fr\/wp-content\/uploads\/2016\/03\/P1010880.jpg?resize=768%2C576&amp;ssl=1 768w\" sizes=\"(max-width: 640px) 100vw, 640px\" data-recalc-dims=\"1\" \/><\/p>\n<p align=\"justify\">Ensuite une glace chez Max (les glaces les plus cr\u00e9meuses parmi les meilleures du Br\u00e9sil !) \u00e0 <strong>LAGOA DA CONCEICAO<\/strong>, ville principale et au c\u0153ur de l\u2019\u00eele.<\/p>\n<p align=\"justify\"><img loading=\"lazy\" decoding=\"async\" data-attachment-id=\"4082\" data-permalink=\"https:\/\/genevieveetbernardauxameriques.fr\/index.php\/2016\/03\/29\/de-rio-do-sud-a-rio-de-janeiro\/20160309_170817-jpg\/\" data-orig-file=\"https:\/\/i0.wp.com\/genevieveetbernardauxameriques.fr\/wp-content\/uploads\/2016\/03\/20160309_170817.jpg?fit=800%2C600&amp;ssl=1\" data-orig-size=\"800,600\" data-comments-opened=\"1\" data-image-meta=\"{&quot;aperture&quot;:&quot;1.9&quot;,&quot;credit&quot;:&quot;&quot;,&quot;camera&quot;:&quot;SM-T810&quot;,&quot;caption&quot;:&quot;&quot;,&quot;created_timestamp&quot;:&quot;1457543297&quot;,&quot;copyright&quot;:&quot;&quot;,&quot;focal_length&quot;:&quot;2.9&quot;,&quot;iso&quot;:&quot;50&quot;,&quot;shutter_speed&quot;:&quot;0.01&quot;,&quot;title&quot;:&quot;&quot;,&quot;orientation&quot;:&quot;1&quot;}\" data-image-title=\"20160309_170817.jpg\" data-image-description=\"\" data-image-caption=\"\" data-medium-file=\"https:\/\/i0.wp.com\/genevieveetbernardauxameriques.fr\/wp-content\/uploads\/2016\/03\/20160309_170817.jpg?fit=300%2C225&amp;ssl=1\" data-large-file=\"https:\/\/i0.wp.com\/genevieveetbernardauxameriques.fr\/wp-content\/uploads\/2016\/03\/20160309_170817.jpg?fit=640%2C480&amp;ssl=1\" class=\"alignnone size-full wp-image-4082\" src=\"https:\/\/i0.wp.com\/genevieveetbernardauxameriques.fr\/wp-content\/uploads\/2016\/03\/20160309_170817.jpg?resize=640%2C480&#038;ssl=1\" alt=\"\" width=\"640\" height=\"480\" srcset=\"https:\/\/i0.wp.com\/genevieveetbernardauxameriques.fr\/wp-content\/uploads\/2016\/03\/20160309_170817.jpg?w=800&amp;ssl=1 800w, https:\/\/i0.wp.com\/genevieveetbernardauxameriques.fr\/wp-content\/uploads\/2016\/03\/20160309_170817.jpg?resize=300%2C225&amp;ssl=1 300w, https:\/\/i0.wp.com\/genevieveetbernardauxameriques.fr\/wp-content\/uploads\/2016\/03\/20160309_170817.jpg?resize=768%2C576&amp;ssl=1 768w\" sizes=\"(max-width: 640px) 100vw, 640px\" data-recalc-dims=\"1\" \/> <img loading=\"lazy\" decoding=\"async\" data-attachment-id=\"4084\" data-permalink=\"https:\/\/genevieveetbernardauxameriques.fr\/index.php\/2016\/03\/29\/de-rio-do-sud-a-rio-de-janeiro\/20160309_164439-jpg\/\" data-orig-file=\"https:\/\/i0.wp.com\/genevieveetbernardauxameriques.fr\/wp-content\/uploads\/2016\/03\/20160309_164439.jpg?fit=800%2C600&amp;ssl=1\" data-orig-size=\"800,600\" data-comments-opened=\"1\" data-image-meta=\"{&quot;aperture&quot;:&quot;1.9&quot;,&quot;credit&quot;:&quot;&quot;,&quot;camera&quot;:&quot;SM-T810&quot;,&quot;caption&quot;:&quot;&quot;,&quot;created_timestamp&quot;:&quot;1457541879&quot;,&quot;copyright&quot;:&quot;&quot;,&quot;focal_length&quot;:&quot;2.9&quot;,&quot;iso&quot;:&quot;40&quot;,&quot;shutter_speed&quot;:&quot;0.0011933174224344&quot;,&quot;title&quot;:&quot;&quot;,&quot;orientation&quot;:&quot;1&quot;}\" data-image-title=\"20160309_164439.jpg\" data-image-description=\"\" data-image-caption=\"\" data-medium-file=\"https:\/\/i0.wp.com\/genevieveetbernardauxameriques.fr\/wp-content\/uploads\/2016\/03\/20160309_164439.jpg?fit=300%2C225&amp;ssl=1\" data-large-file=\"https:\/\/i0.wp.com\/genevieveetbernardauxameriques.fr\/wp-content\/uploads\/2016\/03\/20160309_164439.jpg?fit=640%2C480&amp;ssl=1\" class=\"alignnone size-full wp-image-4084\" src=\"https:\/\/i0.wp.com\/genevieveetbernardauxameriques.fr\/wp-content\/uploads\/2016\/03\/20160309_164439.jpg?resize=640%2C480&#038;ssl=1\" alt=\"\" width=\"640\" height=\"480\" srcset=\"https:\/\/i0.wp.com\/genevieveetbernardauxameriques.fr\/wp-content\/uploads\/2016\/03\/20160309_164439.jpg?w=800&amp;ssl=1 800w, https:\/\/i0.wp.com\/genevieveetbernardauxameriques.fr\/wp-content\/uploads\/2016\/03\/20160309_164439.jpg?resize=300%2C225&amp;ssl=1 300w, https:\/\/i0.wp.com\/genevieveetbernardauxameriques.fr\/wp-content\/uploads\/2016\/03\/20160309_164439.jpg?resize=768%2C576&amp;ssl=1 768w\" sizes=\"(max-width: 640px) 100vw, 640px\" data-recalc-dims=\"1\" \/><\/p>\n<p align=\"justify\">Nous esp\u00e9rons aller dormir \u00e0 CAMPECHE, plus au sud, mais l\u2019environnement ne nous parait pas tr\u00e8s s\u00fbr. Nous irons donc jusqu\u2019\u00e0 <strong>ARMACAO<\/strong> et bivouaquerons dans une rue devant de belles maisons. Dans une rue \u00e0 c\u00f4t\u00e9, nous retrouvons le camper de chez DUARON qui avait \u00e9t\u00e9 inaugur\u00e9 en notre pr\u00e9sence, on fera un petit coucou aux propri\u00e9taires.<\/p>\n<p align=\"justify\"><img loading=\"lazy\" decoding=\"async\" data-attachment-id=\"4086\" data-permalink=\"https:\/\/genevieveetbernardauxameriques.fr\/index.php\/2016\/03\/29\/de-rio-do-sud-a-rio-de-janeiro\/20160309_184639-jpg\/\" data-orig-file=\"https:\/\/i0.wp.com\/genevieveetbernardauxameriques.fr\/wp-content\/uploads\/2016\/03\/20160309_184639.jpg?fit=800%2C600&amp;ssl=1\" data-orig-size=\"800,600\" data-comments-opened=\"1\" data-image-meta=\"{&quot;aperture&quot;:&quot;1.9&quot;,&quot;credit&quot;:&quot;&quot;,&quot;camera&quot;:&quot;SM-T810&quot;,&quot;caption&quot;:&quot;&quot;,&quot;created_timestamp&quot;:&quot;1457549199&quot;,&quot;copyright&quot;:&quot;&quot;,&quot;focal_length&quot;:&quot;2.9&quot;,&quot;iso&quot;:&quot;500&quot;,&quot;shutter_speed&quot;:&quot;0.058823529411765&quot;,&quot;title&quot;:&quot;&quot;,&quot;orientation&quot;:&quot;1&quot;}\" data-image-title=\"20160309_184639.jpg\" data-image-description=\"\" data-image-caption=\"\" data-medium-file=\"https:\/\/i0.wp.com\/genevieveetbernardauxameriques.fr\/wp-content\/uploads\/2016\/03\/20160309_184639.jpg?fit=300%2C225&amp;ssl=1\" data-large-file=\"https:\/\/i0.wp.com\/genevieveetbernardauxameriques.fr\/wp-content\/uploads\/2016\/03\/20160309_184639.jpg?fit=640%2C480&amp;ssl=1\" class=\"alignnone size-full wp-image-4086\" src=\"https:\/\/i0.wp.com\/genevieveetbernardauxameriques.fr\/wp-content\/uploads\/2016\/03\/20160309_184639.jpg?resize=640%2C480&#038;ssl=1\" alt=\"\" width=\"640\" height=\"480\" srcset=\"https:\/\/i0.wp.com\/genevieveetbernardauxameriques.fr\/wp-content\/uploads\/2016\/03\/20160309_184639.jpg?w=800&amp;ssl=1 800w, https:\/\/i0.wp.com\/genevieveetbernardauxameriques.fr\/wp-content\/uploads\/2016\/03\/20160309_184639.jpg?resize=300%2C225&amp;ssl=1 300w, https:\/\/i0.wp.com\/genevieveetbernardauxameriques.fr\/wp-content\/uploads\/2016\/03\/20160309_184639.jpg?resize=768%2C576&amp;ssl=1 768w\" sizes=\"(max-width: 640px) 100vw, 640px\" data-recalc-dims=\"1\" \/><img loading=\"lazy\" decoding=\"async\" data-attachment-id=\"4088\" data-permalink=\"https:\/\/genevieveetbernardauxameriques.fr\/index.php\/2016\/03\/29\/de-rio-do-sud-a-rio-de-janeiro\/p1010894-jpg\/\" data-orig-file=\"https:\/\/i0.wp.com\/genevieveetbernardauxameriques.fr\/wp-content\/uploads\/2016\/03\/P1010894.jpg?fit=1024%2C768&amp;ssl=1\" data-orig-size=\"1024,768\" data-comments-opened=\"1\" data-image-meta=\"{&quot;aperture&quot;:&quot;0&quot;,&quot;credit&quot;:&quot;&quot;,&quot;camera&quot;:&quot;&quot;,&quot;caption&quot;:&quot;&quot;,&quot;created_timestamp&quot;:&quot;0&quot;,&quot;copyright&quot;:&quot;&quot;,&quot;focal_length&quot;:&quot;0&quot;,&quot;iso&quot;:&quot;0&quot;,&quot;shutter_speed&quot;:&quot;0&quot;,&quot;title&quot;:&quot;&quot;,&quot;orientation&quot;:&quot;0&quot;}\" data-image-title=\"P1010894.jpg\" data-image-description=\"\" data-image-caption=\"\" data-medium-file=\"https:\/\/i0.wp.com\/genevieveetbernardauxameriques.fr\/wp-content\/uploads\/2016\/03\/P1010894.jpg?fit=300%2C225&amp;ssl=1\" data-large-file=\"https:\/\/i0.wp.com\/genevieveetbernardauxameriques.fr\/wp-content\/uploads\/2016\/03\/P1010894.jpg?fit=640%2C480&amp;ssl=1\" class=\"alignnone size-large wp-image-4088\" src=\"https:\/\/i0.wp.com\/genevieveetbernardauxameriques.fr\/wp-content\/uploads\/2016\/03\/P1010894.jpg?resize=640%2C480&#038;ssl=1\" alt=\"\" width=\"640\" height=\"480\" srcset=\"https:\/\/i0.wp.com\/genevieveetbernardauxameriques.fr\/wp-content\/uploads\/2016\/03\/P1010894.jpg?w=1024&amp;ssl=1 1024w, https:\/\/i0.wp.com\/genevieveetbernardauxameriques.fr\/wp-content\/uploads\/2016\/03\/P1010894.jpg?resize=300%2C225&amp;ssl=1 300w, https:\/\/i0.wp.com\/genevieveetbernardauxameriques.fr\/wp-content\/uploads\/2016\/03\/P1010894.jpg?resize=768%2C576&amp;ssl=1 768w\" sizes=\"(max-width: 640px) 100vw, 640px\" data-recalc-dims=\"1\" \/> <img loading=\"lazy\" decoding=\"async\" data-attachment-id=\"4090\" data-permalink=\"https:\/\/genevieveetbernardauxameriques.fr\/index.php\/2016\/03\/29\/de-rio-do-sud-a-rio-de-janeiro\/p1010893-jpg\/\" data-orig-file=\"https:\/\/i0.wp.com\/genevieveetbernardauxameriques.fr\/wp-content\/uploads\/2016\/03\/P1010893.jpg?fit=1024%2C768&amp;ssl=1\" data-orig-size=\"1024,768\" data-comments-opened=\"1\" data-image-meta=\"{&quot;aperture&quot;:&quot;0&quot;,&quot;credit&quot;:&quot;&quot;,&quot;camera&quot;:&quot;&quot;,&quot;caption&quot;:&quot;&quot;,&quot;created_timestamp&quot;:&quot;0&quot;,&quot;copyright&quot;:&quot;&quot;,&quot;focal_length&quot;:&quot;0&quot;,&quot;iso&quot;:&quot;0&quot;,&quot;shutter_speed&quot;:&quot;0&quot;,&quot;title&quot;:&quot;&quot;,&quot;orientation&quot;:&quot;0&quot;}\" data-image-title=\"P1010893.jpg\" data-image-description=\"\" data-image-caption=\"\" data-medium-file=\"https:\/\/i0.wp.com\/genevieveetbernardauxameriques.fr\/wp-content\/uploads\/2016\/03\/P1010893.jpg?fit=300%2C225&amp;ssl=1\" data-large-file=\"https:\/\/i0.wp.com\/genevieveetbernardauxameriques.fr\/wp-content\/uploads\/2016\/03\/P1010893.jpg?fit=640%2C480&amp;ssl=1\" class=\"alignnone size-large wp-image-4090\" src=\"https:\/\/i0.wp.com\/genevieveetbernardauxameriques.fr\/wp-content\/uploads\/2016\/03\/P1010893.jpg?resize=640%2C480&#038;ssl=1\" alt=\"\" width=\"640\" height=\"480\" srcset=\"https:\/\/i0.wp.com\/genevieveetbernardauxameriques.fr\/wp-content\/uploads\/2016\/03\/P1010893.jpg?w=1024&amp;ssl=1 1024w, https:\/\/i0.wp.com\/genevieveetbernardauxameriques.fr\/wp-content\/uploads\/2016\/03\/P1010893.jpg?resize=300%2C225&amp;ssl=1 300w, https:\/\/i0.wp.com\/genevieveetbernardauxameriques.fr\/wp-content\/uploads\/2016\/03\/P1010893.jpg?resize=768%2C576&amp;ssl=1 768w\" sizes=\"(max-width: 640px) 100vw, 640px\" data-recalc-dims=\"1\" \/><\/p>\n<p align=\"justify\"><strong>Jeudi 10 mars<\/strong><\/p>\n<p align=\"justify\">Nous arr\u00eatons l\u00e0 notre visite de l\u2019Ile<strong> SANTA CATARINA<\/strong> et retournons \u00e0 FLORIA-NAPOLIS. Nous voulons visiter le centre historique, mais malheureusement tous les parkings ont une barri\u00e8re qui nous emp\u00eache de rentrer et dans la rue il n\u2019y a aucune place de stationnement.<\/p>\n<p align=\"justify\">Arr\u00eat pour la sieste de Monsieur \u00e0 <strong>BLUMENEAU<\/strong> o\u00f9 j\u2019irais me promener seule. Ville fond\u00e9e par des colons allemands, elle est tr\u00e8s connue surtout pour sa f\u00eate de la bi\u00e8re qui est, apr\u00e8s le carnaval de Rio, la plus grande festivit\u00e9 de rue du pays.<\/p>\n<p align=\"justify\">(diaporama)<\/p>\n<div data-carousel-extra='{\"blog_id\":1,\"permalink\":\"https:\\\/\\\/genevieveetbernardauxameriques.fr\\\/index.php\\\/2016\\\/03\\\/29\\\/de-rio-do-sud-a-rio-de-janeiro\\\/\"}' id='gallery-2' class='gallery galleryid-4412 gallery-columns-2 gallery-size-full'><dl class='gallery-item'>\n\t\t\t<dt class='gallery-icon landscape'>\n\t\t\t\t<a href='https:\/\/genevieveetbernardauxameriques.fr\/index.php\/2016\/03\/29\/de-rio-do-sud-a-rio-de-janeiro\/p1010899\/'><img loading=\"lazy\" decoding=\"async\" width=\"4608\" height=\"3456\" src=\"https:\/\/i0.wp.com\/genevieveetbernardauxameriques.fr\/wp-content\/uploads\/2016\/03\/P1010899.jpg?fit=4608%2C3456&amp;ssl=1\" class=\"attachment-full size-full\" alt=\"\" srcset=\"https:\/\/i0.wp.com\/genevieveetbernardauxameriques.fr\/wp-content\/uploads\/2016\/03\/P1010899.jpg?w=4608&amp;ssl=1 4608w, https:\/\/i0.wp.com\/genevieveetbernardauxameriques.fr\/wp-content\/uploads\/2016\/03\/P1010899.jpg?resize=300%2C225&amp;ssl=1 300w, https:\/\/i0.wp.com\/genevieveetbernardauxameriques.fr\/wp-content\/uploads\/2016\/03\/P1010899.jpg?resize=768%2C576&amp;ssl=1 768w, https:\/\/i0.wp.com\/genevieveetbernardauxameriques.fr\/wp-content\/uploads\/2016\/03\/P1010899.jpg?resize=1024%2C768&amp;ssl=1 1024w, https:\/\/i0.wp.com\/genevieveetbernardauxameriques.fr\/wp-content\/uploads\/2016\/03\/P1010899.jpg?w=1280&amp;ssl=1 1280w, https:\/\/i0.wp.com\/genevieveetbernardauxameriques.fr\/wp-content\/uploads\/2016\/03\/P1010899.jpg?w=1920&amp;ssl=1 1920w\" sizes=\"(max-width: 640px) 100vw, 640px\" data-attachment-id=\"4598\" data-permalink=\"https:\/\/genevieveetbernardauxameriques.fr\/index.php\/2016\/03\/29\/de-rio-do-sud-a-rio-de-janeiro\/p1010899\/\" data-orig-file=\"https:\/\/i0.wp.com\/genevieveetbernardauxameriques.fr\/wp-content\/uploads\/2016\/03\/P1010899.jpg?fit=4608%2C3456&amp;ssl=1\" data-orig-size=\"4608,3456\" data-comments-opened=\"1\" data-image-meta=\"{&quot;aperture&quot;:&quot;3.3&quot;,&quot;credit&quot;:&quot;&quot;,&quot;camera&quot;:&quot;DMC-TZ55&quot;,&quot;caption&quot;:&quot;&quot;,&quot;created_timestamp&quot;:&quot;1457639202&quot;,&quot;copyright&quot;:&quot;&quot;,&quot;focal_length&quot;:&quot;4.3&quot;,&quot;iso&quot;:&quot;100&quot;,&quot;shutter_speed&quot;:&quot;0.00125&quot;,&quot;title&quot;:&quot;&quot;,&quot;orientation&quot;:&quot;1&quot;}\" data-image-title=\"P1010899\" data-image-description=\"\" data-image-caption=\"\" data-medium-file=\"https:\/\/i0.wp.com\/genevieveetbernardauxameriques.fr\/wp-content\/uploads\/2016\/03\/P1010899.jpg?fit=300%2C225&amp;ssl=1\" data-large-file=\"https:\/\/i0.wp.com\/genevieveetbernardauxameriques.fr\/wp-content\/uploads\/2016\/03\/P1010899.jpg?fit=640%2C480&amp;ssl=1\" \/><\/a>\n\t\t\t<\/dt><\/dl><dl class='gallery-item'>\n\t\t\t<dt class='gallery-icon landscape'>\n\t\t\t\t<a href='https:\/\/genevieveetbernardauxameriques.fr\/index.php\/2016\/03\/29\/de-rio-do-sud-a-rio-de-janeiro\/p1010903\/'><img loading=\"lazy\" decoding=\"async\" width=\"800\" height=\"600\" src=\"https:\/\/i0.wp.com\/genevieveetbernardauxameriques.fr\/wp-content\/uploads\/2016\/03\/P1010903.jpg?fit=800%2C600&amp;ssl=1\" class=\"attachment-full size-full\" alt=\"\" srcset=\"https:\/\/i0.wp.com\/genevieveetbernardauxameriques.fr\/wp-content\/uploads\/2016\/03\/P1010903.jpg?w=800&amp;ssl=1 800w, https:\/\/i0.wp.com\/genevieveetbernardauxameriques.fr\/wp-content\/uploads\/2016\/03\/P1010903.jpg?resize=300%2C225&amp;ssl=1 300w, https:\/\/i0.wp.com\/genevieveetbernardauxameriques.fr\/wp-content\/uploads\/2016\/03\/P1010903.jpg?resize=768%2C576&amp;ssl=1 768w\" sizes=\"(max-width: 640px) 100vw, 640px\" data-attachment-id=\"4612\" data-permalink=\"https:\/\/genevieveetbernardauxameriques.fr\/index.php\/2016\/03\/29\/de-rio-do-sud-a-rio-de-janeiro\/p1010903\/\" data-orig-file=\"https:\/\/i0.wp.com\/genevieveetbernardauxameriques.fr\/wp-content\/uploads\/2016\/03\/P1010903.jpg?fit=800%2C600&amp;ssl=1\" data-orig-size=\"800,600\" data-comments-opened=\"1\" data-image-meta=\"{&quot;aperture&quot;:&quot;4&quot;,&quot;credit&quot;:&quot;&quot;,&quot;camera&quot;:&quot;DMC-TZ55&quot;,&quot;caption&quot;:&quot;&quot;,&quot;created_timestamp&quot;:&quot;1457640045&quot;,&quot;copyright&quot;:&quot;&quot;,&quot;focal_length&quot;:&quot;4.3&quot;,&quot;iso&quot;:&quot;100&quot;,&quot;shutter_speed&quot;:&quot;0.002&quot;,&quot;title&quot;:&quot;&quot;,&quot;orientation&quot;:&quot;1&quot;}\" data-image-title=\"P1010903\" data-image-description=\"\" data-image-caption=\"\" data-medium-file=\"https:\/\/i0.wp.com\/genevieveetbernardauxameriques.fr\/wp-content\/uploads\/2016\/03\/P1010903.jpg?fit=300%2C225&amp;ssl=1\" data-large-file=\"https:\/\/i0.wp.com\/genevieveetbernardauxameriques.fr\/wp-content\/uploads\/2016\/03\/P1010903.jpg?fit=640%2C480&amp;ssl=1\" \/><\/a>\n\t\t\t<\/dt><\/dl><br style=\"clear: both\" \/><dl class='gallery-item'>\n\t\t\t<dt class='gallery-icon landscape'>\n\t\t\t\t<a href='https:\/\/genevieveetbernardauxameriques.fr\/index.php\/2016\/03\/29\/de-rio-do-sud-a-rio-de-janeiro\/p1010905\/'><img loading=\"lazy\" decoding=\"async\" width=\"800\" height=\"600\" src=\"https:\/\/i0.wp.com\/genevieveetbernardauxameriques.fr\/wp-content\/uploads\/2016\/03\/P1010905.jpg?fit=800%2C600&amp;ssl=1\" class=\"attachment-full size-full\" alt=\"\" srcset=\"https:\/\/i0.wp.com\/genevieveetbernardauxameriques.fr\/wp-content\/uploads\/2016\/03\/P1010905.jpg?w=800&amp;ssl=1 800w, https:\/\/i0.wp.com\/genevieveetbernardauxameriques.fr\/wp-content\/uploads\/2016\/03\/P1010905.jpg?resize=300%2C225&amp;ssl=1 300w, https:\/\/i0.wp.com\/genevieveetbernardauxameriques.fr\/wp-content\/uploads\/2016\/03\/P1010905.jpg?resize=768%2C576&amp;ssl=1 768w\" sizes=\"(max-width: 640px) 100vw, 640px\" data-attachment-id=\"4614\" data-permalink=\"https:\/\/genevieveetbernardauxameriques.fr\/index.php\/2016\/03\/29\/de-rio-do-sud-a-rio-de-janeiro\/p1010905\/\" data-orig-file=\"https:\/\/i0.wp.com\/genevieveetbernardauxameriques.fr\/wp-content\/uploads\/2016\/03\/P1010905.jpg?fit=800%2C600&amp;ssl=1\" data-orig-size=\"800,600\" data-comments-opened=\"1\" data-image-meta=\"{&quot;aperture&quot;:&quot;4&quot;,&quot;credit&quot;:&quot;&quot;,&quot;camera&quot;:&quot;DMC-TZ55&quot;,&quot;caption&quot;:&quot;&quot;,&quot;created_timestamp&quot;:&quot;1457640658&quot;,&quot;copyright&quot;:&quot;&quot;,&quot;focal_length&quot;:&quot;4.3&quot;,&quot;iso&quot;:&quot;100&quot;,&quot;shutter_speed&quot;:&quot;0.001&quot;,&quot;title&quot;:&quot;&quot;,&quot;orientation&quot;:&quot;1&quot;}\" data-image-title=\"P1010905\" data-image-description=\"\" data-image-caption=\"\" data-medium-file=\"https:\/\/i0.wp.com\/genevieveetbernardauxameriques.fr\/wp-content\/uploads\/2016\/03\/P1010905.jpg?fit=300%2C225&amp;ssl=1\" data-large-file=\"https:\/\/i0.wp.com\/genevieveetbernardauxameriques.fr\/wp-content\/uploads\/2016\/03\/P1010905.jpg?fit=640%2C480&amp;ssl=1\" \/><\/a>\n\t\t\t<\/dt><\/dl><dl class='gallery-item'>\n\t\t\t<dt class='gallery-icon landscape'>\n\t\t\t\t<a href='https:\/\/genevieveetbernardauxameriques.fr\/index.php\/2016\/03\/29\/de-rio-do-sud-a-rio-de-janeiro\/p1010906\/'><img loading=\"lazy\" decoding=\"async\" width=\"800\" height=\"600\" src=\"https:\/\/i0.wp.com\/genevieveetbernardauxameriques.fr\/wp-content\/uploads\/2016\/03\/P1010906.jpg?fit=800%2C600&amp;ssl=1\" class=\"attachment-full size-full\" alt=\"\" srcset=\"https:\/\/i0.wp.com\/genevieveetbernardauxameriques.fr\/wp-content\/uploads\/2016\/03\/P1010906.jpg?w=800&amp;ssl=1 800w, https:\/\/i0.wp.com\/genevieveetbernardauxameriques.fr\/wp-content\/uploads\/2016\/03\/P1010906.jpg?resize=300%2C225&amp;ssl=1 300w, https:\/\/i0.wp.com\/genevieveetbernardauxameriques.fr\/wp-content\/uploads\/2016\/03\/P1010906.jpg?resize=768%2C576&amp;ssl=1 768w\" sizes=\"(max-width: 640px) 100vw, 640px\" data-attachment-id=\"4615\" data-permalink=\"https:\/\/genevieveetbernardauxameriques.fr\/index.php\/2016\/03\/29\/de-rio-do-sud-a-rio-de-janeiro\/p1010906\/\" data-orig-file=\"https:\/\/i0.wp.com\/genevieveetbernardauxameriques.fr\/wp-content\/uploads\/2016\/03\/P1010906.jpg?fit=800%2C600&amp;ssl=1\" data-orig-size=\"800,600\" data-comments-opened=\"1\" data-image-meta=\"{&quot;aperture&quot;:&quot;4&quot;,&quot;credit&quot;:&quot;&quot;,&quot;camera&quot;:&quot;DMC-TZ55&quot;,&quot;caption&quot;:&quot;&quot;,&quot;created_timestamp&quot;:&quot;1457640668&quot;,&quot;copyright&quot;:&quot;&quot;,&quot;focal_length&quot;:&quot;4.3&quot;,&quot;iso&quot;:&quot;100&quot;,&quot;shutter_speed&quot;:&quot;0.0015625&quot;,&quot;title&quot;:&quot;&quot;,&quot;orientation&quot;:&quot;1&quot;}\" data-image-title=\"P1010906\" data-image-description=\"\" data-image-caption=\"\" data-medium-file=\"https:\/\/i0.wp.com\/genevieveetbernardauxameriques.fr\/wp-content\/uploads\/2016\/03\/P1010906.jpg?fit=300%2C225&amp;ssl=1\" data-large-file=\"https:\/\/i0.wp.com\/genevieveetbernardauxameriques.fr\/wp-content\/uploads\/2016\/03\/P1010906.jpg?fit=640%2C480&amp;ssl=1\" \/><\/a>\n\t\t\t<\/dt><\/dl><br style=\"clear: both\" \/><dl class='gallery-item'>\n\t\t\t<dt class='gallery-icon landscape'>\n\t\t\t\t<a href='https:\/\/genevieveetbernardauxameriques.fr\/index.php\/2016\/03\/29\/de-rio-do-sud-a-rio-de-janeiro\/p1010907\/'><img loading=\"lazy\" decoding=\"async\" width=\"800\" height=\"600\" src=\"https:\/\/i0.wp.com\/genevieveetbernardauxameriques.fr\/wp-content\/uploads\/2016\/03\/P1010907.jpg?fit=800%2C600&amp;ssl=1\" class=\"attachment-full size-full\" alt=\"\" srcset=\"https:\/\/i0.wp.com\/genevieveetbernardauxameriques.fr\/wp-content\/uploads\/2016\/03\/P1010907.jpg?w=800&amp;ssl=1 800w, https:\/\/i0.wp.com\/genevieveetbernardauxameriques.fr\/wp-content\/uploads\/2016\/03\/P1010907.jpg?resize=300%2C225&amp;ssl=1 300w, https:\/\/i0.wp.com\/genevieveetbernardauxameriques.fr\/wp-content\/uploads\/2016\/03\/P1010907.jpg?resize=768%2C576&amp;ssl=1 768w\" sizes=\"(max-width: 640px) 100vw, 640px\" data-attachment-id=\"4616\" data-permalink=\"https:\/\/genevieveetbernardauxameriques.fr\/index.php\/2016\/03\/29\/de-rio-do-sud-a-rio-de-janeiro\/p1010907\/\" data-orig-file=\"https:\/\/i0.wp.com\/genevieveetbernardauxameriques.fr\/wp-content\/uploads\/2016\/03\/P1010907.jpg?fit=800%2C600&amp;ssl=1\" data-orig-size=\"800,600\" data-comments-opened=\"1\" data-image-meta=\"{&quot;aperture&quot;:&quot;5&quot;,&quot;credit&quot;:&quot;&quot;,&quot;camera&quot;:&quot;DMC-TZ55&quot;,&quot;caption&quot;:&quot;&quot;,&quot;created_timestamp&quot;:&quot;1457640803&quot;,&quot;copyright&quot;:&quot;&quot;,&quot;focal_length&quot;:&quot;8.5&quot;,&quot;iso&quot;:&quot;100&quot;,&quot;shutter_speed&quot;:&quot;0.00625&quot;,&quot;title&quot;:&quot;&quot;,&quot;orientation&quot;:&quot;1&quot;}\" data-image-title=\"P1010907\" data-image-description=\"\" data-image-caption=\"\" data-medium-file=\"https:\/\/i0.wp.com\/genevieveetbernardauxameriques.fr\/wp-content\/uploads\/2016\/03\/P1010907.jpg?fit=300%2C225&amp;ssl=1\" data-large-file=\"https:\/\/i0.wp.com\/genevieveetbernardauxameriques.fr\/wp-content\/uploads\/2016\/03\/P1010907.jpg?fit=640%2C480&amp;ssl=1\" \/><\/a>\n\t\t\t<\/dt><\/dl><dl class='gallery-item'>\n\t\t\t<dt class='gallery-icon landscape'>\n\t\t\t\t<a href='https:\/\/genevieveetbernardauxameriques.fr\/index.php\/2016\/03\/29\/de-rio-do-sud-a-rio-de-janeiro\/p1010908\/'><img loading=\"lazy\" decoding=\"async\" width=\"800\" height=\"600\" src=\"https:\/\/i0.wp.com\/genevieveetbernardauxameriques.fr\/wp-content\/uploads\/2016\/03\/P1010908.jpg?fit=800%2C600&amp;ssl=1\" class=\"attachment-full size-full\" alt=\"\" srcset=\"https:\/\/i0.wp.com\/genevieveetbernardauxameriques.fr\/wp-content\/uploads\/2016\/03\/P1010908.jpg?w=800&amp;ssl=1 800w, https:\/\/i0.wp.com\/genevieveetbernardauxameriques.fr\/wp-content\/uploads\/2016\/03\/P1010908.jpg?resize=300%2C225&amp;ssl=1 300w, https:\/\/i0.wp.com\/genevieveetbernardauxameriques.fr\/wp-content\/uploads\/2016\/03\/P1010908.jpg?resize=768%2C576&amp;ssl=1 768w\" sizes=\"(max-width: 640px) 100vw, 640px\" data-attachment-id=\"4617\" data-permalink=\"https:\/\/genevieveetbernardauxameriques.fr\/index.php\/2016\/03\/29\/de-rio-do-sud-a-rio-de-janeiro\/p1010908\/\" data-orig-file=\"https:\/\/i0.wp.com\/genevieveetbernardauxameriques.fr\/wp-content\/uploads\/2016\/03\/P1010908.jpg?fit=800%2C600&amp;ssl=1\" data-orig-size=\"800,600\" data-comments-opened=\"1\" data-image-meta=\"{&quot;aperture&quot;:&quot;5&quot;,&quot;credit&quot;:&quot;&quot;,&quot;camera&quot;:&quot;DMC-TZ55&quot;,&quot;caption&quot;:&quot;&quot;,&quot;created_timestamp&quot;:&quot;1457641308&quot;,&quot;copyright&quot;:&quot;&quot;,&quot;focal_length&quot;:&quot;6.9&quot;,&quot;iso&quot;:&quot;100&quot;,&quot;shutter_speed&quot;:&quot;0.0025&quot;,&quot;title&quot;:&quot;&quot;,&quot;orientation&quot;:&quot;1&quot;}\" data-image-title=\"P1010908\" data-image-description=\"\" data-image-caption=\"\" data-medium-file=\"https:\/\/i0.wp.com\/genevieveetbernardauxameriques.fr\/wp-content\/uploads\/2016\/03\/P1010908.jpg?fit=300%2C225&amp;ssl=1\" data-large-file=\"https:\/\/i0.wp.com\/genevieveetbernardauxameriques.fr\/wp-content\/uploads\/2016\/03\/P1010908.jpg?fit=640%2C480&amp;ssl=1\" \/><\/a>\n\t\t\t<\/dt><\/dl><br style=\"clear: both\" \/>\n\t\t<\/div>\n\n<p><img loading=\"lazy\" decoding=\"async\" data-attachment-id=\"4611\" data-permalink=\"https:\/\/genevieveetbernardauxameriques.fr\/index.php\/2016\/03\/29\/de-rio-do-sud-a-rio-de-janeiro\/p1010902\/\" data-orig-file=\"https:\/\/i0.wp.com\/genevieveetbernardauxameriques.fr\/wp-content\/uploads\/2016\/03\/P1010902.jpg?fit=800%2C600&amp;ssl=1\" data-orig-size=\"800,600\" data-comments-opened=\"1\" data-image-meta=\"{&quot;aperture&quot;:&quot;4&quot;,&quot;credit&quot;:&quot;&quot;,&quot;camera&quot;:&quot;DMC-TZ55&quot;,&quot;caption&quot;:&quot;&quot;,&quot;created_timestamp&quot;:&quot;1457639527&quot;,&quot;copyright&quot;:&quot;&quot;,&quot;focal_length&quot;:&quot;4.3&quot;,&quot;iso&quot;:&quot;100&quot;,&quot;shutter_speed&quot;:&quot;0.002&quot;,&quot;title&quot;:&quot;&quot;,&quot;orientation&quot;:&quot;1&quot;}\" data-image-title=\"P1010902\" data-image-description=\"\" data-image-caption=\"\" data-medium-file=\"https:\/\/i0.wp.com\/genevieveetbernardauxameriques.fr\/wp-content\/uploads\/2016\/03\/P1010902.jpg?fit=300%2C225&amp;ssl=1\" data-large-file=\"https:\/\/i0.wp.com\/genevieveetbernardauxameriques.fr\/wp-content\/uploads\/2016\/03\/P1010902.jpg?fit=640%2C480&amp;ssl=1\" class=\"alignnone size-full wp-image-4611\" src=\"https:\/\/i0.wp.com\/genevieveetbernardauxameriques.fr\/wp-content\/uploads\/2016\/03\/P1010902.jpg?resize=640%2C480&#038;ssl=1\" alt=\"\" width=\"640\" height=\"480\" srcset=\"https:\/\/i0.wp.com\/genevieveetbernardauxameriques.fr\/wp-content\/uploads\/2016\/03\/P1010902.jpg?w=800&amp;ssl=1 800w, https:\/\/i0.wp.com\/genevieveetbernardauxameriques.fr\/wp-content\/uploads\/2016\/03\/P1010902.jpg?resize=300%2C225&amp;ssl=1 300w, https:\/\/i0.wp.com\/genevieveetbernardauxameriques.fr\/wp-content\/uploads\/2016\/03\/P1010902.jpg?resize=768%2C576&amp;ssl=1 768w\" sizes=\"(max-width: 640px) 100vw, 640px\" data-recalc-dims=\"1\" \/><\/p>\n<p align=\"justify\">et pour finir la journ\u00e9e, 30 kms plus loin : <strong>POMERODE <\/strong>: 70 % de la population parle encore l\u2019allemand, tr\u00e8s belle ville et tr\u00e8s jolie r\u00e9gion, cela vaut vraiment le d\u00e9tour.<\/p>\n<p align=\"justify\"><img loading=\"lazy\" decoding=\"async\" data-attachment-id=\"4122\" data-permalink=\"https:\/\/genevieveetbernardauxameriques.fr\/index.php\/2016\/03\/29\/de-rio-do-sud-a-rio-de-janeiro\/20160311_140438-jpg\/\" data-orig-file=\"https:\/\/i0.wp.com\/genevieveetbernardauxameriques.fr\/wp-content\/uploads\/2016\/03\/20160311_140438-e1580998870303.jpg?fit=800%2C446&amp;ssl=1\" data-orig-size=\"800,446\" data-comments-opened=\"1\" data-image-meta=\"{&quot;aperture&quot;:&quot;1.9&quot;,&quot;credit&quot;:&quot;&quot;,&quot;camera&quot;:&quot;SM-T810&quot;,&quot;caption&quot;:&quot;&quot;,&quot;created_timestamp&quot;:&quot;1457705077&quot;,&quot;copyright&quot;:&quot;&quot;,&quot;focal_length&quot;:&quot;2.9&quot;,&quot;iso&quot;:&quot;40&quot;,&quot;shutter_speed&quot;:&quot;0.0018939393939394&quot;,&quot;title&quot;:&quot;&quot;,&quot;orientation&quot;:&quot;1&quot;}\" data-image-title=\"20160311_140438.jpg\" data-image-description=\"\" data-image-caption=\"\" data-medium-file=\"https:\/\/i0.wp.com\/genevieveetbernardauxameriques.fr\/wp-content\/uploads\/2016\/03\/20160311_140438-e1580998870303.jpg?fit=300%2C167&amp;ssl=1\" data-large-file=\"https:\/\/i0.wp.com\/genevieveetbernardauxameriques.fr\/wp-content\/uploads\/2016\/03\/20160311_140438-e1580998870303.jpg?fit=640%2C357&amp;ssl=1\" class=\"alignnone size-full wp-image-4122\" src=\"https:\/\/i0.wp.com\/genevieveetbernardauxameriques.fr\/wp-content\/uploads\/2016\/03\/20160311_140438-e1580998870303.jpg?resize=640%2C357&#038;ssl=1\" alt=\"\" width=\"640\" height=\"357\" srcset=\"https:\/\/i0.wp.com\/genevieveetbernardauxameriques.fr\/wp-content\/uploads\/2016\/03\/20160311_140438-e1580998870303.jpg?w=800&amp;ssl=1 800w, https:\/\/i0.wp.com\/genevieveetbernardauxameriques.fr\/wp-content\/uploads\/2016\/03\/20160311_140438-e1580998870303.jpg?resize=300%2C167&amp;ssl=1 300w, https:\/\/i0.wp.com\/genevieveetbernardauxameriques.fr\/wp-content\/uploads\/2016\/03\/20160311_140438-e1580998870303.jpg?resize=768%2C428&amp;ssl=1 768w\" sizes=\"(max-width: 640px) 100vw, 640px\" data-recalc-dims=\"1\" \/>\u00a0<img loading=\"lazy\" decoding=\"async\" data-attachment-id=\"4096\" data-permalink=\"https:\/\/genevieveetbernardauxameriques.fr\/index.php\/2016\/03\/29\/de-rio-do-sud-a-rio-de-janeiro\/20160311_084321-jpg\/\" data-orig-file=\"https:\/\/i0.wp.com\/genevieveetbernardauxameriques.fr\/wp-content\/uploads\/2016\/03\/20160311_084321.jpg?fit=800%2C600&amp;ssl=1\" data-orig-size=\"800,600\" data-comments-opened=\"1\" data-image-meta=\"{&quot;aperture&quot;:&quot;1.9&quot;,&quot;credit&quot;:&quot;&quot;,&quot;camera&quot;:&quot;SM-T810&quot;,&quot;caption&quot;:&quot;&quot;,&quot;created_timestamp&quot;:&quot;1457685801&quot;,&quot;copyright&quot;:&quot;&quot;,&quot;focal_length&quot;:&quot;2.9&quot;,&quot;iso&quot;:&quot;40&quot;,&quot;shutter_speed&quot;:&quot;0.0015873015873016&quot;,&quot;title&quot;:&quot;&quot;,&quot;orientation&quot;:&quot;1&quot;}\" data-image-title=\"20160311_084321.jpg\" data-image-description=\"\" data-image-caption=\"\" data-medium-file=\"https:\/\/i0.wp.com\/genevieveetbernardauxameriques.fr\/wp-content\/uploads\/2016\/03\/20160311_084321.jpg?fit=300%2C225&amp;ssl=1\" data-large-file=\"https:\/\/i0.wp.com\/genevieveetbernardauxameriques.fr\/wp-content\/uploads\/2016\/03\/20160311_084321.jpg?fit=640%2C480&amp;ssl=1\" class=\"alignnone size-full wp-image-4096\" src=\"https:\/\/i0.wp.com\/genevieveetbernardauxameriques.fr\/wp-content\/uploads\/2016\/03\/20160311_084321.jpg?resize=640%2C480&#038;ssl=1\" alt=\"\" width=\"640\" height=\"480\" srcset=\"https:\/\/i0.wp.com\/genevieveetbernardauxameriques.fr\/wp-content\/uploads\/2016\/03\/20160311_084321.jpg?w=800&amp;ssl=1 800w, https:\/\/i0.wp.com\/genevieveetbernardauxameriques.fr\/wp-content\/uploads\/2016\/03\/20160311_084321.jpg?resize=300%2C225&amp;ssl=1 300w, https:\/\/i0.wp.com\/genevieveetbernardauxameriques.fr\/wp-content\/uploads\/2016\/03\/20160311_084321.jpg?resize=768%2C576&amp;ssl=1 768w\" sizes=\"(max-width: 640px) 100vw, 640px\" data-recalc-dims=\"1\" \/><\/p>\n<p align=\"justify\"><img loading=\"lazy\" decoding=\"async\" data-attachment-id=\"4102\" data-permalink=\"https:\/\/genevieveetbernardauxameriques.fr\/index.php\/2016\/03\/29\/de-rio-do-sud-a-rio-de-janeiro\/p1010921-jpg\/\" data-orig-file=\"https:\/\/i0.wp.com\/genevieveetbernardauxameriques.fr\/wp-content\/uploads\/2016\/03\/P1010921.jpg?fit=1024%2C768&amp;ssl=1\" data-orig-size=\"1024,768\" data-comments-opened=\"1\" data-image-meta=\"{&quot;aperture&quot;:&quot;0&quot;,&quot;credit&quot;:&quot;&quot;,&quot;camera&quot;:&quot;&quot;,&quot;caption&quot;:&quot;&quot;,&quot;created_timestamp&quot;:&quot;0&quot;,&quot;copyright&quot;:&quot;&quot;,&quot;focal_length&quot;:&quot;0&quot;,&quot;iso&quot;:&quot;0&quot;,&quot;shutter_speed&quot;:&quot;0&quot;,&quot;title&quot;:&quot;&quot;,&quot;orientation&quot;:&quot;0&quot;}\" data-image-title=\"P1010921.jpg\" data-image-description=\"\" data-image-caption=\"\" data-medium-file=\"https:\/\/i0.wp.com\/genevieveetbernardauxameriques.fr\/wp-content\/uploads\/2016\/03\/P1010921.jpg?fit=300%2C225&amp;ssl=1\" data-large-file=\"https:\/\/i0.wp.com\/genevieveetbernardauxameriques.fr\/wp-content\/uploads\/2016\/03\/P1010921.jpg?fit=640%2C480&amp;ssl=1\" class=\"alignnone size-large wp-image-4102\" src=\"https:\/\/i0.wp.com\/genevieveetbernardauxameriques.fr\/wp-content\/uploads\/2016\/03\/P1010921.jpg?resize=640%2C480&#038;ssl=1\" alt=\"\" width=\"640\" height=\"480\" srcset=\"https:\/\/i0.wp.com\/genevieveetbernardauxameriques.fr\/wp-content\/uploads\/2016\/03\/P1010921.jpg?w=1024&amp;ssl=1 1024w, https:\/\/i0.wp.com\/genevieveetbernardauxameriques.fr\/wp-content\/uploads\/2016\/03\/P1010921.jpg?resize=300%2C225&amp;ssl=1 300w, https:\/\/i0.wp.com\/genevieveetbernardauxameriques.fr\/wp-content\/uploads\/2016\/03\/P1010921.jpg?resize=768%2C576&amp;ssl=1 768w\" sizes=\"(max-width: 640px) 100vw, 640px\" data-recalc-dims=\"1\" \/><img loading=\"lazy\" decoding=\"async\" data-attachment-id=\"4098\" data-permalink=\"https:\/\/genevieveetbernardauxameriques.fr\/index.php\/2016\/03\/29\/de-rio-do-sud-a-rio-de-janeiro\/p1010920-jpg\/\" data-orig-file=\"https:\/\/i0.wp.com\/genevieveetbernardauxameriques.fr\/wp-content\/uploads\/2016\/03\/P1010920.jpg?fit=1024%2C768&amp;ssl=1\" data-orig-size=\"1024,768\" data-comments-opened=\"1\" data-image-meta=\"{&quot;aperture&quot;:&quot;0&quot;,&quot;credit&quot;:&quot;&quot;,&quot;camera&quot;:&quot;&quot;,&quot;caption&quot;:&quot;&quot;,&quot;created_timestamp&quot;:&quot;0&quot;,&quot;copyright&quot;:&quot;&quot;,&quot;focal_length&quot;:&quot;0&quot;,&quot;iso&quot;:&quot;0&quot;,&quot;shutter_speed&quot;:&quot;0&quot;,&quot;title&quot;:&quot;&quot;,&quot;orientation&quot;:&quot;0&quot;}\" data-image-title=\"P1010920.jpg\" data-image-description=\"\" data-image-caption=\"\" data-medium-file=\"https:\/\/i0.wp.com\/genevieveetbernardauxameriques.fr\/wp-content\/uploads\/2016\/03\/P1010920.jpg?fit=300%2C225&amp;ssl=1\" data-large-file=\"https:\/\/i0.wp.com\/genevieveetbernardauxameriques.fr\/wp-content\/uploads\/2016\/03\/P1010920.jpg?fit=640%2C480&amp;ssl=1\" class=\"alignnone size-large wp-image-4098\" src=\"https:\/\/i0.wp.com\/genevieveetbernardauxameriques.fr\/wp-content\/uploads\/2016\/03\/P1010920.jpg?resize=640%2C480&#038;ssl=1\" alt=\"\" width=\"640\" height=\"480\" srcset=\"https:\/\/i0.wp.com\/genevieveetbernardauxameriques.fr\/wp-content\/uploads\/2016\/03\/P1010920.jpg?w=1024&amp;ssl=1 1024w, https:\/\/i0.wp.com\/genevieveetbernardauxameriques.fr\/wp-content\/uploads\/2016\/03\/P1010920.jpg?resize=300%2C225&amp;ssl=1 300w, https:\/\/i0.wp.com\/genevieveetbernardauxameriques.fr\/wp-content\/uploads\/2016\/03\/P1010920.jpg?resize=768%2C576&amp;ssl=1 768w\" sizes=\"(max-width: 640px) 100vw, 640px\" data-recalc-dims=\"1\" \/><img loading=\"lazy\" decoding=\"async\" data-attachment-id=\"4104\" data-permalink=\"https:\/\/genevieveetbernardauxameriques.fr\/index.php\/2016\/03\/29\/de-rio-do-sud-a-rio-de-janeiro\/p1010916-jpg\/\" data-orig-file=\"https:\/\/i0.wp.com\/genevieveetbernardauxameriques.fr\/wp-content\/uploads\/2016\/03\/P1010916.jpg?fit=1024%2C768&amp;ssl=1\" data-orig-size=\"1024,768\" data-comments-opened=\"1\" data-image-meta=\"{&quot;aperture&quot;:&quot;0&quot;,&quot;credit&quot;:&quot;&quot;,&quot;camera&quot;:&quot;&quot;,&quot;caption&quot;:&quot;&quot;,&quot;created_timestamp&quot;:&quot;0&quot;,&quot;copyright&quot;:&quot;&quot;,&quot;focal_length&quot;:&quot;0&quot;,&quot;iso&quot;:&quot;0&quot;,&quot;shutter_speed&quot;:&quot;0&quot;,&quot;title&quot;:&quot;&quot;,&quot;orientation&quot;:&quot;0&quot;}\" data-image-title=\"P1010916.jpg\" data-image-description=\"\" data-image-caption=\"\" data-medium-file=\"https:\/\/i0.wp.com\/genevieveetbernardauxameriques.fr\/wp-content\/uploads\/2016\/03\/P1010916.jpg?fit=300%2C225&amp;ssl=1\" data-large-file=\"https:\/\/i0.wp.com\/genevieveetbernardauxameriques.fr\/wp-content\/uploads\/2016\/03\/P1010916.jpg?fit=640%2C480&amp;ssl=1\" class=\"alignnone size-large wp-image-4104\" src=\"https:\/\/i0.wp.com\/genevieveetbernardauxameriques.fr\/wp-content\/uploads\/2016\/03\/P1010916.jpg?resize=640%2C480&#038;ssl=1\" alt=\"\" width=\"640\" height=\"480\" srcset=\"https:\/\/i0.wp.com\/genevieveetbernardauxameriques.fr\/wp-content\/uploads\/2016\/03\/P1010916.jpg?w=1024&amp;ssl=1 1024w, https:\/\/i0.wp.com\/genevieveetbernardauxameriques.fr\/wp-content\/uploads\/2016\/03\/P1010916.jpg?resize=300%2C225&amp;ssl=1 300w, https:\/\/i0.wp.com\/genevieveetbernardauxameriques.fr\/wp-content\/uploads\/2016\/03\/P1010916.jpg?resize=768%2C576&amp;ssl=1 768w\" sizes=\"(max-width: 640px) 100vw, 640px\" data-recalc-dims=\"1\" \/><img loading=\"lazy\" decoding=\"async\" data-attachment-id=\"4619\" data-permalink=\"https:\/\/genevieveetbernardauxameriques.fr\/index.php\/2016\/03\/29\/de-rio-do-sud-a-rio-de-janeiro\/p1010912\/\" data-orig-file=\"https:\/\/i0.wp.com\/genevieveetbernardauxameriques.fr\/wp-content\/uploads\/2016\/03\/P1010912.jpg?fit=800%2C600&amp;ssl=1\" data-orig-size=\"800,600\" data-comments-opened=\"1\" data-image-meta=\"{&quot;aperture&quot;:&quot;4.7&quot;,&quot;credit&quot;:&quot;&quot;,&quot;camera&quot;:&quot;DMC-TZ55&quot;,&quot;caption&quot;:&quot;&quot;,&quot;created_timestamp&quot;:&quot;1457646413&quot;,&quot;copyright&quot;:&quot;&quot;,&quot;focal_length&quot;:&quot;10.3&quot;,&quot;iso&quot;:&quot;320&quot;,&quot;shutter_speed&quot;:&quot;0.0025&quot;,&quot;title&quot;:&quot;&quot;,&quot;orientation&quot;:&quot;1&quot;}\" data-image-title=\"P1010912\" data-image-description=\"\" data-image-caption=\"\" data-medium-file=\"https:\/\/i0.wp.com\/genevieveetbernardauxameriques.fr\/wp-content\/uploads\/2016\/03\/P1010912.jpg?fit=300%2C225&amp;ssl=1\" data-large-file=\"https:\/\/i0.wp.com\/genevieveetbernardauxameriques.fr\/wp-content\/uploads\/2016\/03\/P1010912.jpg?fit=640%2C480&amp;ssl=1\" class=\"alignnone size-full wp-image-4619\" src=\"https:\/\/i0.wp.com\/genevieveetbernardauxameriques.fr\/wp-content\/uploads\/2016\/03\/P1010912.jpg?resize=640%2C480&#038;ssl=1\" alt=\"\" width=\"640\" height=\"480\" srcset=\"https:\/\/i0.wp.com\/genevieveetbernardauxameriques.fr\/wp-content\/uploads\/2016\/03\/P1010912.jpg?w=800&amp;ssl=1 800w, https:\/\/i0.wp.com\/genevieveetbernardauxameriques.fr\/wp-content\/uploads\/2016\/03\/P1010912.jpg?resize=300%2C225&amp;ssl=1 300w, https:\/\/i0.wp.com\/genevieveetbernardauxameriques.fr\/wp-content\/uploads\/2016\/03\/P1010912.jpg?resize=768%2C576&amp;ssl=1 768w\" sizes=\"(max-width: 640px) 100vw, 640px\" data-recalc-dims=\"1\" \/><\/p>\n<p align=\"justify\">A 18 h nous allons au salon de th\u00e9 d\u00e9guster une p\u00e2tisserie (l\u2019assiette est factur\u00e9e au poids). Ils ont vraiment gard\u00e9 leurs coutumes allemandes et leurs p\u00e2tisseries.<\/p>\n<p align=\"justify\"><img loading=\"lazy\" decoding=\"async\" data-attachment-id=\"4106\" data-permalink=\"https:\/\/genevieveetbernardauxameriques.fr\/index.php\/2016\/03\/29\/de-rio-do-sud-a-rio-de-janeiro\/p1010917-jpg\/\" data-orig-file=\"https:\/\/i0.wp.com\/genevieveetbernardauxameriques.fr\/wp-content\/uploads\/2016\/03\/P1010917.jpg?fit=1024%2C768&amp;ssl=1\" data-orig-size=\"1024,768\" data-comments-opened=\"1\" data-image-meta=\"{&quot;aperture&quot;:&quot;0&quot;,&quot;credit&quot;:&quot;&quot;,&quot;camera&quot;:&quot;&quot;,&quot;caption&quot;:&quot;&quot;,&quot;created_timestamp&quot;:&quot;0&quot;,&quot;copyright&quot;:&quot;&quot;,&quot;focal_length&quot;:&quot;0&quot;,&quot;iso&quot;:&quot;0&quot;,&quot;shutter_speed&quot;:&quot;0&quot;,&quot;title&quot;:&quot;&quot;,&quot;orientation&quot;:&quot;0&quot;}\" data-image-title=\"P1010917.jpg\" data-image-description=\"\" data-image-caption=\"\" data-medium-file=\"https:\/\/i0.wp.com\/genevieveetbernardauxameriques.fr\/wp-content\/uploads\/2016\/03\/P1010917.jpg?fit=300%2C225&amp;ssl=1\" data-large-file=\"https:\/\/i0.wp.com\/genevieveetbernardauxameriques.fr\/wp-content\/uploads\/2016\/03\/P1010917.jpg?fit=640%2C480&amp;ssl=1\" class=\"alignnone size-large wp-image-4106\" src=\"https:\/\/i0.wp.com\/genevieveetbernardauxameriques.fr\/wp-content\/uploads\/2016\/03\/P1010917.jpg?resize=640%2C480&#038;ssl=1\" alt=\"\" width=\"640\" height=\"480\" srcset=\"https:\/\/i0.wp.com\/genevieveetbernardauxameriques.fr\/wp-content\/uploads\/2016\/03\/P1010917.jpg?w=1024&amp;ssl=1 1024w, https:\/\/i0.wp.com\/genevieveetbernardauxameriques.fr\/wp-content\/uploads\/2016\/03\/P1010917.jpg?resize=300%2C225&amp;ssl=1 300w, https:\/\/i0.wp.com\/genevieveetbernardauxameriques.fr\/wp-content\/uploads\/2016\/03\/P1010917.jpg?resize=768%2C576&amp;ssl=1 768w\" sizes=\"(max-width: 640px) 100vw, 640px\" data-recalc-dims=\"1\" \/> <img loading=\"lazy\" decoding=\"async\" data-attachment-id=\"4108\" data-permalink=\"https:\/\/genevieveetbernardauxameriques.fr\/index.php\/2016\/03\/29\/de-rio-do-sud-a-rio-de-janeiro\/20160310_173100_001-jpg\/\" data-orig-file=\"https:\/\/i0.wp.com\/genevieveetbernardauxameriques.fr\/wp-content\/uploads\/2016\/03\/20160310_173100_001.jpg?fit=800%2C600&amp;ssl=1\" data-orig-size=\"800,600\" data-comments-opened=\"1\" data-image-meta=\"{&quot;aperture&quot;:&quot;1.9&quot;,&quot;credit&quot;:&quot;&quot;,&quot;camera&quot;:&quot;SM-T810&quot;,&quot;caption&quot;:&quot;&quot;,&quot;created_timestamp&quot;:&quot;1457631060&quot;,&quot;copyright&quot;:&quot;&quot;,&quot;focal_length&quot;:&quot;2.9&quot;,&quot;iso&quot;:&quot;125&quot;,&quot;shutter_speed&quot;:&quot;0.03030303030303&quot;,&quot;title&quot;:&quot;&quot;,&quot;orientation&quot;:&quot;1&quot;}\" data-image-title=\"20160310_173100_001.jpg\" data-image-description=\"\" data-image-caption=\"\" data-medium-file=\"https:\/\/i0.wp.com\/genevieveetbernardauxameriques.fr\/wp-content\/uploads\/2016\/03\/20160310_173100_001.jpg?fit=300%2C225&amp;ssl=1\" data-large-file=\"https:\/\/i0.wp.com\/genevieveetbernardauxameriques.fr\/wp-content\/uploads\/2016\/03\/20160310_173100_001.jpg?fit=640%2C480&amp;ssl=1\" class=\"alignnone size-full wp-image-4108\" src=\"https:\/\/i0.wp.com\/genevieveetbernardauxameriques.fr\/wp-content\/uploads\/2016\/03\/20160310_173100_001.jpg?resize=640%2C480&#038;ssl=1\" alt=\"\" width=\"640\" height=\"480\" srcset=\"https:\/\/i0.wp.com\/genevieveetbernardauxameriques.fr\/wp-content\/uploads\/2016\/03\/20160310_173100_001.jpg?w=800&amp;ssl=1 800w, https:\/\/i0.wp.com\/genevieveetbernardauxameriques.fr\/wp-content\/uploads\/2016\/03\/20160310_173100_001.jpg?resize=300%2C225&amp;ssl=1 300w, https:\/\/i0.wp.com\/genevieveetbernardauxameriques.fr\/wp-content\/uploads\/2016\/03\/20160310_173100_001.jpg?resize=768%2C576&amp;ssl=1 768w\" sizes=\"(max-width: 640px) 100vw, 640px\" data-recalc-dims=\"1\" \/><\/p>\n<p align=\"justify\">(on r\u00e9ussira \u00e0 la terminer)<\/p>\n<p align=\"justify\"><strong>Vendredi 11 mars<\/strong><\/p>\n<p align=\"justify\">Une petite vir\u00e9e dans la campagne, magnifique, avoisinante \u00e0 <strong>NOVA TRENTO<\/strong> puis <strong>TIMBO<\/strong> fond\u00e9 par des allemands et des italiens, consid\u00e9r\u00e9e par les Nations Unies comme l\u2019un des endroits les plus agr\u00e9ables \u00e0 vivre du Br\u00e9sil (on cherche pourquoi)<\/p>\n<p align=\"justify\">Paysages en quittant POMERODE<\/p>\n<p align=\"justify\"><img loading=\"lazy\" decoding=\"async\" data-attachment-id=\"4116\" data-permalink=\"https:\/\/genevieveetbernardauxameriques.fr\/index.php\/2016\/03\/29\/de-rio-do-sud-a-rio-de-janeiro\/20160311_095924-jpg\/\" data-orig-file=\"https:\/\/i0.wp.com\/genevieveetbernardauxameriques.fr\/wp-content\/uploads\/2016\/03\/20160311_095924.jpg?fit=800%2C600&amp;ssl=1\" data-orig-size=\"800,600\" data-comments-opened=\"1\" data-image-meta=\"{&quot;aperture&quot;:&quot;1.9&quot;,&quot;credit&quot;:&quot;&quot;,&quot;camera&quot;:&quot;SM-T810&quot;,&quot;caption&quot;:&quot;&quot;,&quot;created_timestamp&quot;:&quot;1457690364&quot;,&quot;copyright&quot;:&quot;&quot;,&quot;focal_length&quot;:&quot;2.9&quot;,&quot;iso&quot;:&quot;40&quot;,&quot;shutter_speed&quot;:&quot;0.003030303030303&quot;,&quot;title&quot;:&quot;&quot;,&quot;orientation&quot;:&quot;1&quot;}\" data-image-title=\"20160311_095924.jpg\" data-image-description=\"\" data-image-caption=\"\" data-medium-file=\"https:\/\/i0.wp.com\/genevieveetbernardauxameriques.fr\/wp-content\/uploads\/2016\/03\/20160311_095924.jpg?fit=300%2C225&amp;ssl=1\" data-large-file=\"https:\/\/i0.wp.com\/genevieveetbernardauxameriques.fr\/wp-content\/uploads\/2016\/03\/20160311_095924.jpg?fit=640%2C480&amp;ssl=1\" class=\"alignnone size-full wp-image-4116\" src=\"https:\/\/i0.wp.com\/genevieveetbernardauxameriques.fr\/wp-content\/uploads\/2016\/03\/20160311_095924.jpg?resize=640%2C480&#038;ssl=1\" alt=\"\" width=\"640\" height=\"480\" srcset=\"https:\/\/i0.wp.com\/genevieveetbernardauxameriques.fr\/wp-content\/uploads\/2016\/03\/20160311_095924.jpg?w=800&amp;ssl=1 800w, https:\/\/i0.wp.com\/genevieveetbernardauxameriques.fr\/wp-content\/uploads\/2016\/03\/20160311_095924.jpg?resize=300%2C225&amp;ssl=1 300w, https:\/\/i0.wp.com\/genevieveetbernardauxameriques.fr\/wp-content\/uploads\/2016\/03\/20160311_095924.jpg?resize=768%2C576&amp;ssl=1 768w\" sizes=\"(max-width: 640px) 100vw, 640px\" data-recalc-dims=\"1\" \/><img loading=\"lazy\" decoding=\"async\" data-attachment-id=\"42383\" data-permalink=\"https:\/\/genevieveetbernardauxameriques.fr\/index.php\/2016\/03\/29\/de-rio-do-sud-a-rio-de-janeiro\/20160311_095750\/\" data-orig-file=\"https:\/\/i0.wp.com\/genevieveetbernardauxameriques.fr\/wp-content\/uploads\/2016\/03\/20160311_095750-1.jpg?fit=720%2C540&amp;ssl=1\" data-orig-size=\"720,540\" data-comments-opened=\"1\" data-image-meta=\"{&quot;aperture&quot;:&quot;1.9&quot;,&quot;credit&quot;:&quot;&quot;,&quot;camera&quot;:&quot;SM-T810&quot;,&quot;caption&quot;:&quot;&quot;,&quot;created_timestamp&quot;:&quot;1457690270&quot;,&quot;copyright&quot;:&quot;&quot;,&quot;focal_length&quot;:&quot;2.9&quot;,&quot;iso&quot;:&quot;40&quot;,&quot;shutter_speed&quot;:&quot;0.00067750677506775&quot;,&quot;title&quot;:&quot;&quot;,&quot;orientation&quot;:&quot;1&quot;}\" data-image-title=\"20160311_095750\" data-image-description=\"\" data-image-caption=\"\" data-medium-file=\"https:\/\/i0.wp.com\/genevieveetbernardauxameriques.fr\/wp-content\/uploads\/2016\/03\/20160311_095750-1.jpg?fit=300%2C225&amp;ssl=1\" data-large-file=\"https:\/\/i0.wp.com\/genevieveetbernardauxameriques.fr\/wp-content\/uploads\/2016\/03\/20160311_095750-1.jpg?fit=640%2C480&amp;ssl=1\" class=\"alignnone size-full wp-image-42383\" src=\"https:\/\/i0.wp.com\/genevieveetbernardauxameriques.fr\/wp-content\/uploads\/2016\/03\/20160311_095750-1.jpg?resize=640%2C480&#038;ssl=1\" alt=\"\" width=\"640\" height=\"480\" srcset=\"https:\/\/i0.wp.com\/genevieveetbernardauxameriques.fr\/wp-content\/uploads\/2016\/03\/20160311_095750-1.jpg?w=720&amp;ssl=1 720w, https:\/\/i0.wp.com\/genevieveetbernardauxameriques.fr\/wp-content\/uploads\/2016\/03\/20160311_095750-1.jpg?resize=300%2C225&amp;ssl=1 300w\" sizes=\"(max-width: 640px) 100vw, 640px\" data-recalc-dims=\"1\" \/> <img loading=\"lazy\" decoding=\"async\" data-attachment-id=\"42382\" data-permalink=\"https:\/\/genevieveetbernardauxameriques.fr\/index.php\/2016\/03\/29\/de-rio-do-sud-a-rio-de-janeiro\/20160311_095017\/\" data-orig-file=\"https:\/\/i0.wp.com\/genevieveetbernardauxameriques.fr\/wp-content\/uploads\/2016\/03\/20160311_095017-2.jpg?fit=720%2C540&amp;ssl=1\" data-orig-size=\"720,540\" data-comments-opened=\"1\" data-image-meta=\"{&quot;aperture&quot;:&quot;1.9&quot;,&quot;credit&quot;:&quot;&quot;,&quot;camera&quot;:&quot;SM-T810&quot;,&quot;caption&quot;:&quot;&quot;,&quot;created_timestamp&quot;:&quot;1457689817&quot;,&quot;copyright&quot;:&quot;&quot;,&quot;focal_length&quot;:&quot;2.9&quot;,&quot;iso&quot;:&quot;40&quot;,&quot;shutter_speed&quot;:&quot;0.0022222222222222&quot;,&quot;title&quot;:&quot;&quot;,&quot;orientation&quot;:&quot;1&quot;}\" data-image-title=\"20160311_095017\" data-image-description=\"\" data-image-caption=\"\" data-medium-file=\"https:\/\/i0.wp.com\/genevieveetbernardauxameriques.fr\/wp-content\/uploads\/2016\/03\/20160311_095017-2.jpg?fit=300%2C225&amp;ssl=1\" data-large-file=\"https:\/\/i0.wp.com\/genevieveetbernardauxameriques.fr\/wp-content\/uploads\/2016\/03\/20160311_095017-2.jpg?fit=640%2C480&amp;ssl=1\" class=\"alignnone size-full wp-image-42382\" src=\"https:\/\/i0.wp.com\/genevieveetbernardauxameriques.fr\/wp-content\/uploads\/2016\/03\/20160311_095017-2.jpg?resize=640%2C480&#038;ssl=1\" alt=\"\" width=\"640\" height=\"480\" srcset=\"https:\/\/i0.wp.com\/genevieveetbernardauxameriques.fr\/wp-content\/uploads\/2016\/03\/20160311_095017-2.jpg?w=720&amp;ssl=1 720w, https:\/\/i0.wp.com\/genevieveetbernardauxameriques.fr\/wp-content\/uploads\/2016\/03\/20160311_095017-2.jpg?resize=300%2C225&amp;ssl=1 300w\" sizes=\"(max-width: 640px) 100vw, 640px\" data-recalc-dims=\"1\" \/> <img loading=\"lazy\" decoding=\"async\" data-attachment-id=\"42381\" data-permalink=\"https:\/\/genevieveetbernardauxameriques.fr\/index.php\/2016\/03\/29\/de-rio-do-sud-a-rio-de-janeiro\/20160311_094659\/\" data-orig-file=\"https:\/\/i0.wp.com\/genevieveetbernardauxameriques.fr\/wp-content\/uploads\/2016\/03\/20160311_094659-1.jpg?fit=720%2C540&amp;ssl=1\" data-orig-size=\"720,540\" data-comments-opened=\"1\" data-image-meta=\"{&quot;aperture&quot;:&quot;1.9&quot;,&quot;credit&quot;:&quot;&quot;,&quot;camera&quot;:&quot;SM-T810&quot;,&quot;caption&quot;:&quot;&quot;,&quot;created_timestamp&quot;:&quot;1457689619&quot;,&quot;copyright&quot;:&quot;&quot;,&quot;focal_length&quot;:&quot;2.9&quot;,&quot;iso&quot;:&quot;40&quot;,&quot;shutter_speed&quot;:&quot;0.0016077170418006&quot;,&quot;title&quot;:&quot;&quot;,&quot;orientation&quot;:&quot;1&quot;}\" data-image-title=\"20160311_094659\" data-image-description=\"\" data-image-caption=\"\" data-medium-file=\"https:\/\/i0.wp.com\/genevieveetbernardauxameriques.fr\/wp-content\/uploads\/2016\/03\/20160311_094659-1.jpg?fit=300%2C225&amp;ssl=1\" data-large-file=\"https:\/\/i0.wp.com\/genevieveetbernardauxameriques.fr\/wp-content\/uploads\/2016\/03\/20160311_094659-1.jpg?fit=640%2C480&amp;ssl=1\" class=\"alignnone size-full wp-image-42381\" src=\"https:\/\/i0.wp.com\/genevieveetbernardauxameriques.fr\/wp-content\/uploads\/2016\/03\/20160311_094659-1.jpg?resize=640%2C480&#038;ssl=1\" alt=\"\" width=\"640\" height=\"480\" srcset=\"https:\/\/i0.wp.com\/genevieveetbernardauxameriques.fr\/wp-content\/uploads\/2016\/03\/20160311_094659-1.jpg?w=720&amp;ssl=1 720w, https:\/\/i0.wp.com\/genevieveetbernardauxameriques.fr\/wp-content\/uploads\/2016\/03\/20160311_094659-1.jpg?resize=300%2C225&amp;ssl=1 300w\" sizes=\"(max-width: 640px) 100vw, 640px\" data-recalc-dims=\"1\" \/><img loading=\"lazy\" decoding=\"async\" data-attachment-id=\"4118\" data-permalink=\"https:\/\/genevieveetbernardauxameriques.fr\/index.php\/2016\/03\/29\/de-rio-do-sud-a-rio-de-janeiro\/20160311_102416-jpg\/\" data-orig-file=\"https:\/\/i0.wp.com\/genevieveetbernardauxameriques.fr\/wp-content\/uploads\/2016\/03\/20160311_102416.jpg?fit=800%2C600&amp;ssl=1\" data-orig-size=\"800,600\" data-comments-opened=\"1\" data-image-meta=\"{&quot;aperture&quot;:&quot;1.9&quot;,&quot;credit&quot;:&quot;&quot;,&quot;camera&quot;:&quot;SM-T810&quot;,&quot;caption&quot;:&quot;&quot;,&quot;created_timestamp&quot;:&quot;1457691856&quot;,&quot;copyright&quot;:&quot;&quot;,&quot;focal_length&quot;:&quot;2.9&quot;,&quot;iso&quot;:&quot;40&quot;,&quot;shutter_speed&quot;:&quot;0.00072674418604651&quot;,&quot;title&quot;:&quot;&quot;,&quot;orientation&quot;:&quot;1&quot;}\" data-image-title=\"20160311_102416.jpg\" data-image-description=\"\" data-image-caption=\"\" data-medium-file=\"https:\/\/i0.wp.com\/genevieveetbernardauxameriques.fr\/wp-content\/uploads\/2016\/03\/20160311_102416.jpg?fit=300%2C225&amp;ssl=1\" data-large-file=\"https:\/\/i0.wp.com\/genevieveetbernardauxameriques.fr\/wp-content\/uploads\/2016\/03\/20160311_102416.jpg?fit=640%2C480&amp;ssl=1\" class=\"alignnone size-full wp-image-4118\" src=\"https:\/\/i0.wp.com\/genevieveetbernardauxameriques.fr\/wp-content\/uploads\/2016\/03\/20160311_102416.jpg?resize=640%2C480&#038;ssl=1\" alt=\"\" width=\"640\" height=\"480\" srcset=\"https:\/\/i0.wp.com\/genevieveetbernardauxameriques.fr\/wp-content\/uploads\/2016\/03\/20160311_102416.jpg?w=800&amp;ssl=1 800w, https:\/\/i0.wp.com\/genevieveetbernardauxameriques.fr\/wp-content\/uploads\/2016\/03\/20160311_102416.jpg?resize=300%2C225&amp;ssl=1 300w, https:\/\/i0.wp.com\/genevieveetbernardauxameriques.fr\/wp-content\/uploads\/2016\/03\/20160311_102416.jpg?resize=768%2C576&amp;ssl=1 768w\" sizes=\"(max-width: 640px) 100vw, 640px\" data-recalc-dims=\"1\" \/><\/p>\n<p align=\"justify\">On retourne manger \u00e0 <strong>POMERODE<\/strong> devant l\u2019office du tourisme<\/p>\n<p align=\"justify\"><img loading=\"lazy\" decoding=\"async\" data-attachment-id=\"4096\" data-permalink=\"https:\/\/genevieveetbernardauxameriques.fr\/index.php\/2016\/03\/29\/de-rio-do-sud-a-rio-de-janeiro\/20160311_084321-jpg\/\" data-orig-file=\"https:\/\/i0.wp.com\/genevieveetbernardauxameriques.fr\/wp-content\/uploads\/2016\/03\/20160311_084321.jpg?fit=800%2C600&amp;ssl=1\" data-orig-size=\"800,600\" data-comments-opened=\"1\" data-image-meta=\"{&quot;aperture&quot;:&quot;1.9&quot;,&quot;credit&quot;:&quot;&quot;,&quot;camera&quot;:&quot;SM-T810&quot;,&quot;caption&quot;:&quot;&quot;,&quot;created_timestamp&quot;:&quot;1457685801&quot;,&quot;copyright&quot;:&quot;&quot;,&quot;focal_length&quot;:&quot;2.9&quot;,&quot;iso&quot;:&quot;40&quot;,&quot;shutter_speed&quot;:&quot;0.0015873015873016&quot;,&quot;title&quot;:&quot;&quot;,&quot;orientation&quot;:&quot;1&quot;}\" data-image-title=\"20160311_084321.jpg\" data-image-description=\"\" data-image-caption=\"\" data-medium-file=\"https:\/\/i0.wp.com\/genevieveetbernardauxameriques.fr\/wp-content\/uploads\/2016\/03\/20160311_084321.jpg?fit=300%2C225&amp;ssl=1\" data-large-file=\"https:\/\/i0.wp.com\/genevieveetbernardauxameriques.fr\/wp-content\/uploads\/2016\/03\/20160311_084321.jpg?fit=640%2C480&amp;ssl=1\" class=\"alignnone size-full wp-image-4096\" src=\"https:\/\/i0.wp.com\/genevieveetbernardauxameriques.fr\/wp-content\/uploads\/2016\/03\/20160311_084321.jpg?resize=640%2C480&#038;ssl=1\" alt=\"\" width=\"640\" height=\"480\" srcset=\"https:\/\/i0.wp.com\/genevieveetbernardauxameriques.fr\/wp-content\/uploads\/2016\/03\/20160311_084321.jpg?w=800&amp;ssl=1 800w, https:\/\/i0.wp.com\/genevieveetbernardauxameriques.fr\/wp-content\/uploads\/2016\/03\/20160311_084321.jpg?resize=300%2C225&amp;ssl=1 300w, https:\/\/i0.wp.com\/genevieveetbernardauxameriques.fr\/wp-content\/uploads\/2016\/03\/20160311_084321.jpg?resize=768%2C576&amp;ssl=1 768w\" sizes=\"(max-width: 640px) 100vw, 640px\" data-recalc-dims=\"1\" \/><img loading=\"lazy\" decoding=\"async\" data-attachment-id=\"4094\" data-permalink=\"https:\/\/genevieveetbernardauxameriques.fr\/index.php\/2016\/03\/29\/de-rio-do-sud-a-rio-de-janeiro\/p1010913-jpg\/\" data-orig-file=\"https:\/\/i0.wp.com\/genevieveetbernardauxameriques.fr\/wp-content\/uploads\/2016\/03\/P1010913.jpg?fit=1024%2C768&amp;ssl=1\" data-orig-size=\"1024,768\" data-comments-opened=\"1\" data-image-meta=\"{&quot;aperture&quot;:&quot;0&quot;,&quot;credit&quot;:&quot;&quot;,&quot;camera&quot;:&quot;&quot;,&quot;caption&quot;:&quot;&quot;,&quot;created_timestamp&quot;:&quot;0&quot;,&quot;copyright&quot;:&quot;&quot;,&quot;focal_length&quot;:&quot;0&quot;,&quot;iso&quot;:&quot;0&quot;,&quot;shutter_speed&quot;:&quot;0&quot;,&quot;title&quot;:&quot;&quot;,&quot;orientation&quot;:&quot;0&quot;}\" data-image-title=\"P1010913.jpg\" data-image-description=\"\" data-image-caption=\"\" data-medium-file=\"https:\/\/i0.wp.com\/genevieveetbernardauxameriques.fr\/wp-content\/uploads\/2016\/03\/P1010913.jpg?fit=300%2C225&amp;ssl=1\" data-large-file=\"https:\/\/i0.wp.com\/genevieveetbernardauxameriques.fr\/wp-content\/uploads\/2016\/03\/P1010913.jpg?fit=640%2C480&amp;ssl=1\" class=\"alignnone size-large wp-image-4094\" src=\"https:\/\/i0.wp.com\/genevieveetbernardauxameriques.fr\/wp-content\/uploads\/2016\/03\/P1010913.jpg?resize=640%2C480&#038;ssl=1\" alt=\"\" width=\"640\" height=\"480\" srcset=\"https:\/\/i0.wp.com\/genevieveetbernardauxameriques.fr\/wp-content\/uploads\/2016\/03\/P1010913.jpg?w=1024&amp;ssl=1 1024w, https:\/\/i0.wp.com\/genevieveetbernardauxameriques.fr\/wp-content\/uploads\/2016\/03\/P1010913.jpg?resize=300%2C225&amp;ssl=1 300w, https:\/\/i0.wp.com\/genevieveetbernardauxameriques.fr\/wp-content\/uploads\/2016\/03\/P1010913.jpg?resize=768%2C576&amp;ssl=1 768w\" sizes=\"(max-width: 640px) 100vw, 640px\" data-recalc-dims=\"1\" \/><\/p>\n<p align=\"justify\">Les maisons et les jardins sont d\u00e9cor\u00e9es pour P\u00e2ques<\/p>\n<p align=\"justify\"><img loading=\"lazy\" decoding=\"async\" data-attachment-id=\"4100\" data-permalink=\"https:\/\/genevieveetbernardauxameriques.fr\/index.php\/2016\/03\/29\/de-rio-do-sud-a-rio-de-janeiro\/p1010915-jpg\/\" data-orig-file=\"https:\/\/i0.wp.com\/genevieveetbernardauxameriques.fr\/wp-content\/uploads\/2016\/03\/P1010915.jpg?fit=1024%2C768&amp;ssl=1\" data-orig-size=\"1024,768\" data-comments-opened=\"1\" data-image-meta=\"{&quot;aperture&quot;:&quot;0&quot;,&quot;credit&quot;:&quot;&quot;,&quot;camera&quot;:&quot;&quot;,&quot;caption&quot;:&quot;&quot;,&quot;created_timestamp&quot;:&quot;0&quot;,&quot;copyright&quot;:&quot;&quot;,&quot;focal_length&quot;:&quot;0&quot;,&quot;iso&quot;:&quot;0&quot;,&quot;shutter_speed&quot;:&quot;0&quot;,&quot;title&quot;:&quot;&quot;,&quot;orientation&quot;:&quot;0&quot;}\" data-image-title=\"P1010915.jpg\" data-image-description=\"\" data-image-caption=\"\" data-medium-file=\"https:\/\/i0.wp.com\/genevieveetbernardauxameriques.fr\/wp-content\/uploads\/2016\/03\/P1010915.jpg?fit=300%2C225&amp;ssl=1\" data-large-file=\"https:\/\/i0.wp.com\/genevieveetbernardauxameriques.fr\/wp-content\/uploads\/2016\/03\/P1010915.jpg?fit=640%2C480&amp;ssl=1\" class=\"alignnone size-large wp-image-4100\" src=\"https:\/\/i0.wp.com\/genevieveetbernardauxameriques.fr\/wp-content\/uploads\/2016\/03\/P1010915.jpg?resize=640%2C480&#038;ssl=1\" alt=\"\" width=\"640\" height=\"480\" srcset=\"https:\/\/i0.wp.com\/genevieveetbernardauxameriques.fr\/wp-content\/uploads\/2016\/03\/P1010915.jpg?w=1024&amp;ssl=1 1024w, https:\/\/i0.wp.com\/genevieveetbernardauxameriques.fr\/wp-content\/uploads\/2016\/03\/P1010915.jpg?resize=300%2C225&amp;ssl=1 300w, https:\/\/i0.wp.com\/genevieveetbernardauxameriques.fr\/wp-content\/uploads\/2016\/03\/P1010915.jpg?resize=768%2C576&amp;ssl=1 768w\" sizes=\"(max-width: 640px) 100vw, 640px\" data-recalc-dims=\"1\" \/><img loading=\"lazy\" decoding=\"async\" data-attachment-id=\"4623\" data-permalink=\"https:\/\/genevieveetbernardauxameriques.fr\/index.php\/2016\/03\/29\/de-rio-do-sud-a-rio-de-janeiro\/p1010923\/\" data-orig-file=\"https:\/\/i0.wp.com\/genevieveetbernardauxameriques.fr\/wp-content\/uploads\/2016\/03\/P1010923.jpg?fit=800%2C600&amp;ssl=1\" data-orig-size=\"800,600\" data-comments-opened=\"1\" data-image-meta=\"{&quot;aperture&quot;:&quot;5.4&quot;,&quot;credit&quot;:&quot;&quot;,&quot;camera&quot;:&quot;DMC-TZ55&quot;,&quot;caption&quot;:&quot;&quot;,&quot;created_timestamp&quot;:&quot;1457706595&quot;,&quot;copyright&quot;:&quot;&quot;,&quot;focal_length&quot;:&quot;31.3&quot;,&quot;iso&quot;:&quot;1250&quot;,&quot;shutter_speed&quot;:&quot;0.002&quot;,&quot;title&quot;:&quot;&quot;,&quot;orientation&quot;:&quot;1&quot;}\" data-image-title=\"P1010923\" data-image-description=\"\" data-image-caption=\"\" data-medium-file=\"https:\/\/i0.wp.com\/genevieveetbernardauxameriques.fr\/wp-content\/uploads\/2016\/03\/P1010923.jpg?fit=300%2C225&amp;ssl=1\" data-large-file=\"https:\/\/i0.wp.com\/genevieveetbernardauxameriques.fr\/wp-content\/uploads\/2016\/03\/P1010923.jpg?fit=640%2C480&amp;ssl=1\" class=\"alignnone size-full wp-image-4623\" src=\"https:\/\/i0.wp.com\/genevieveetbernardauxameriques.fr\/wp-content\/uploads\/2016\/03\/P1010923.jpg?resize=640%2C480&#038;ssl=1\" alt=\"\" width=\"640\" height=\"480\" srcset=\"https:\/\/i0.wp.com\/genevieveetbernardauxameriques.fr\/wp-content\/uploads\/2016\/03\/P1010923.jpg?w=800&amp;ssl=1 800w, https:\/\/i0.wp.com\/genevieveetbernardauxameriques.fr\/wp-content\/uploads\/2016\/03\/P1010923.jpg?resize=300%2C225&amp;ssl=1 300w, https:\/\/i0.wp.com\/genevieveetbernardauxameriques.fr\/wp-content\/uploads\/2016\/03\/P1010923.jpg?resize=768%2C576&amp;ssl=1 768w\" sizes=\"(max-width: 640px) 100vw, 640px\" data-recalc-dims=\"1\" \/><img loading=\"lazy\" decoding=\"async\" data-attachment-id=\"4130\" data-permalink=\"https:\/\/genevieveetbernardauxameriques.fr\/index.php\/2016\/03\/29\/de-rio-do-sud-a-rio-de-janeiro\/p1010919-jpg\/\" data-orig-file=\"https:\/\/i0.wp.com\/genevieveetbernardauxameriques.fr\/wp-content\/uploads\/2016\/03\/P1010919.jpg?fit=800%2C600&amp;ssl=1\" data-orig-size=\"800,600\" data-comments-opened=\"1\" data-image-meta=\"{&quot;aperture&quot;:&quot;4&quot;,&quot;credit&quot;:&quot;&quot;,&quot;camera&quot;:&quot;DMC-TZ55&quot;,&quot;caption&quot;:&quot;&quot;,&quot;created_timestamp&quot;:&quot;1457647363&quot;,&quot;copyright&quot;:&quot;&quot;,&quot;focal_length&quot;:&quot;4.3&quot;,&quot;iso&quot;:&quot;100&quot;,&quot;shutter_speed&quot;:&quot;0.002&quot;,&quot;title&quot;:&quot;&quot;,&quot;orientation&quot;:&quot;1&quot;}\" data-image-title=\"P1010919.jpg\" data-image-description=\"\" data-image-caption=\"\" data-medium-file=\"https:\/\/i0.wp.com\/genevieveetbernardauxameriques.fr\/wp-content\/uploads\/2016\/03\/P1010919.jpg?fit=300%2C225&amp;ssl=1\" data-large-file=\"https:\/\/i0.wp.com\/genevieveetbernardauxameriques.fr\/wp-content\/uploads\/2016\/03\/P1010919.jpg?fit=640%2C480&amp;ssl=1\" class=\"alignnone size-full wp-image-4130\" src=\"https:\/\/i0.wp.com\/genevieveetbernardauxameriques.fr\/wp-content\/uploads\/2016\/03\/P1010919.jpg?resize=640%2C480&#038;ssl=1\" alt=\"\" width=\"640\" height=\"480\" srcset=\"https:\/\/i0.wp.com\/genevieveetbernardauxameriques.fr\/wp-content\/uploads\/2016\/03\/P1010919.jpg?w=800&amp;ssl=1 800w, https:\/\/i0.wp.com\/genevieveetbernardauxameriques.fr\/wp-content\/uploads\/2016\/03\/P1010919.jpg?resize=300%2C225&amp;ssl=1 300w, https:\/\/i0.wp.com\/genevieveetbernardauxameriques.fr\/wp-content\/uploads\/2016\/03\/P1010919.jpg?resize=768%2C576&amp;ssl=1 768w\" sizes=\"(max-width: 640px) 100vw, 640px\" data-recalc-dims=\"1\" \/> <img loading=\"lazy\" decoding=\"async\" data-attachment-id=\"4128\" data-permalink=\"https:\/\/genevieveetbernardauxameriques.fr\/index.php\/2016\/03\/29\/de-rio-do-sud-a-rio-de-janeiro\/20160311_104604-jpg\/\" data-orig-file=\"https:\/\/i0.wp.com\/genevieveetbernardauxameriques.fr\/wp-content\/uploads\/2016\/03\/20160311_104604.jpg?fit=800%2C600&amp;ssl=1\" data-orig-size=\"800,600\" data-comments-opened=\"1\" data-image-meta=\"{&quot;aperture&quot;:&quot;1.9&quot;,&quot;credit&quot;:&quot;&quot;,&quot;camera&quot;:&quot;SM-T810&quot;,&quot;caption&quot;:&quot;&quot;,&quot;created_timestamp&quot;:&quot;1457693164&quot;,&quot;copyright&quot;:&quot;&quot;,&quot;focal_length&quot;:&quot;2.9&quot;,&quot;iso&quot;:&quot;40&quot;,&quot;shutter_speed&quot;:&quot;0.00045289855072464&quot;,&quot;title&quot;:&quot;&quot;,&quot;orientation&quot;:&quot;1&quot;}\" data-image-title=\"20160311_104604.jpg\" data-image-description=\"\" data-image-caption=\"\" data-medium-file=\"https:\/\/i0.wp.com\/genevieveetbernardauxameriques.fr\/wp-content\/uploads\/2016\/03\/20160311_104604.jpg?fit=300%2C225&amp;ssl=1\" data-large-file=\"https:\/\/i0.wp.com\/genevieveetbernardauxameriques.fr\/wp-content\/uploads\/2016\/03\/20160311_104604.jpg?fit=640%2C480&amp;ssl=1\" class=\"alignnone size-full wp-image-4128\" src=\"https:\/\/i0.wp.com\/genevieveetbernardauxameriques.fr\/wp-content\/uploads\/2016\/03\/20160311_104604.jpg?resize=640%2C480&#038;ssl=1\" alt=\"\" width=\"640\" height=\"480\" srcset=\"https:\/\/i0.wp.com\/genevieveetbernardauxameriques.fr\/wp-content\/uploads\/2016\/03\/20160311_104604.jpg?w=800&amp;ssl=1 800w, https:\/\/i0.wp.com\/genevieveetbernardauxameriques.fr\/wp-content\/uploads\/2016\/03\/20160311_104604.jpg?resize=300%2C225&amp;ssl=1 300w, https:\/\/i0.wp.com\/genevieveetbernardauxameriques.fr\/wp-content\/uploads\/2016\/03\/20160311_104604.jpg?resize=768%2C576&amp;ssl=1 768w\" sizes=\"(max-width: 640px) 100vw, 640px\" data-recalc-dims=\"1\" \/> <img loading=\"lazy\" decoding=\"async\" data-attachment-id=\"4126\" data-permalink=\"https:\/\/genevieveetbernardauxameriques.fr\/index.php\/2016\/03\/29\/de-rio-do-sud-a-rio-de-janeiro\/20160311_140456-jpg\/\" data-orig-file=\"https:\/\/i0.wp.com\/genevieveetbernardauxameriques.fr\/wp-content\/uploads\/2016\/03\/20160311_140456.jpg?fit=800%2C600&amp;ssl=1\" data-orig-size=\"800,600\" data-comments-opened=\"1\" data-image-meta=\"{&quot;aperture&quot;:&quot;1.9&quot;,&quot;credit&quot;:&quot;&quot;,&quot;camera&quot;:&quot;SM-T810&quot;,&quot;caption&quot;:&quot;&quot;,&quot;created_timestamp&quot;:&quot;1457705096&quot;,&quot;copyright&quot;:&quot;&quot;,&quot;focal_length&quot;:&quot;2.9&quot;,&quot;iso&quot;:&quot;40&quot;,&quot;shutter_speed&quot;:&quot;0.0015432098765432&quot;,&quot;title&quot;:&quot;&quot;,&quot;orientation&quot;:&quot;1&quot;}\" data-image-title=\"20160311_140456.jpg\" data-image-description=\"\" data-image-caption=\"\" data-medium-file=\"https:\/\/i0.wp.com\/genevieveetbernardauxameriques.fr\/wp-content\/uploads\/2016\/03\/20160311_140456.jpg?fit=300%2C225&amp;ssl=1\" data-large-file=\"https:\/\/i0.wp.com\/genevieveetbernardauxameriques.fr\/wp-content\/uploads\/2016\/03\/20160311_140456.jpg?fit=640%2C480&amp;ssl=1\" class=\"alignnone size-full wp-image-4126\" src=\"https:\/\/i0.wp.com\/genevieveetbernardauxameriques.fr\/wp-content\/uploads\/2016\/03\/20160311_140456.jpg?resize=640%2C480&#038;ssl=1\" alt=\"\" width=\"640\" height=\"480\" srcset=\"https:\/\/i0.wp.com\/genevieveetbernardauxameriques.fr\/wp-content\/uploads\/2016\/03\/20160311_140456.jpg?w=800&amp;ssl=1 800w, https:\/\/i0.wp.com\/genevieveetbernardauxameriques.fr\/wp-content\/uploads\/2016\/03\/20160311_140456.jpg?resize=300%2C225&amp;ssl=1 300w, https:\/\/i0.wp.com\/genevieveetbernardauxameriques.fr\/wp-content\/uploads\/2016\/03\/20160311_140456.jpg?resize=768%2C576&amp;ssl=1 768w\" sizes=\"(max-width: 640px) 100vw, 640px\" data-recalc-dims=\"1\" \/> <img loading=\"lazy\" decoding=\"async\" data-attachment-id=\"4124\" data-permalink=\"https:\/\/genevieveetbernardauxameriques.fr\/index.php\/2016\/03\/29\/de-rio-do-sud-a-rio-de-janeiro\/20160311_140454-jpg\/\" data-orig-file=\"https:\/\/i0.wp.com\/genevieveetbernardauxameriques.fr\/wp-content\/uploads\/2016\/03\/20160311_140454.jpg?fit=800%2C600&amp;ssl=1\" data-orig-size=\"800,600\" data-comments-opened=\"1\" data-image-meta=\"{&quot;aperture&quot;:&quot;1.9&quot;,&quot;credit&quot;:&quot;&quot;,&quot;camera&quot;:&quot;SM-T810&quot;,&quot;caption&quot;:&quot;&quot;,&quot;created_timestamp&quot;:&quot;1457705094&quot;,&quot;copyright&quot;:&quot;&quot;,&quot;focal_length&quot;:&quot;2.9&quot;,&quot;iso&quot;:&quot;40&quot;,&quot;shutter_speed&quot;:&quot;0.0013020833333333&quot;,&quot;title&quot;:&quot;&quot;,&quot;orientation&quot;:&quot;1&quot;}\" data-image-title=\"20160311_140454.jpg\" data-image-description=\"\" data-image-caption=\"\" data-medium-file=\"https:\/\/i0.wp.com\/genevieveetbernardauxameriques.fr\/wp-content\/uploads\/2016\/03\/20160311_140454.jpg?fit=300%2C225&amp;ssl=1\" data-large-file=\"https:\/\/i0.wp.com\/genevieveetbernardauxameriques.fr\/wp-content\/uploads\/2016\/03\/20160311_140454.jpg?fit=640%2C480&amp;ssl=1\" class=\"alignnone size-full wp-image-4124\" src=\"https:\/\/i0.wp.com\/genevieveetbernardauxameriques.fr\/wp-content\/uploads\/2016\/03\/20160311_140454.jpg?resize=640%2C480&#038;ssl=1\" alt=\"\" width=\"640\" height=\"480\" srcset=\"https:\/\/i0.wp.com\/genevieveetbernardauxameriques.fr\/wp-content\/uploads\/2016\/03\/20160311_140454.jpg?w=800&amp;ssl=1 800w, https:\/\/i0.wp.com\/genevieveetbernardauxameriques.fr\/wp-content\/uploads\/2016\/03\/20160311_140454.jpg?resize=300%2C225&amp;ssl=1 300w, https:\/\/i0.wp.com\/genevieveetbernardauxameriques.fr\/wp-content\/uploads\/2016\/03\/20160311_140454.jpg?resize=768%2C576&amp;ssl=1 768w\" sizes=\"(max-width: 640px) 100vw, 640px\" data-recalc-dims=\"1\" \/> <img loading=\"lazy\" decoding=\"async\" data-attachment-id=\"4120\" data-permalink=\"https:\/\/genevieveetbernardauxameriques.fr\/index.php\/2016\/03\/29\/de-rio-do-sud-a-rio-de-janeiro\/20160311_135641-jpg\/\" data-orig-file=\"https:\/\/i0.wp.com\/genevieveetbernardauxameriques.fr\/wp-content\/uploads\/2016\/03\/20160311_135641.jpg?fit=800%2C600&amp;ssl=1\" data-orig-size=\"800,600\" data-comments-opened=\"1\" data-image-meta=\"{&quot;aperture&quot;:&quot;1.9&quot;,&quot;credit&quot;:&quot;&quot;,&quot;camera&quot;:&quot;SM-T810&quot;,&quot;caption&quot;:&quot;&quot;,&quot;created_timestamp&quot;:&quot;1457704601&quot;,&quot;copyright&quot;:&quot;&quot;,&quot;focal_length&quot;:&quot;2.9&quot;,&quot;iso&quot;:&quot;40&quot;,&quot;shutter_speed&quot;:&quot;0.0012048192771084&quot;,&quot;title&quot;:&quot;&quot;,&quot;orientation&quot;:&quot;1&quot;}\" data-image-title=\"20160311_135641.jpg\" data-image-description=\"\" data-image-caption=\"\" data-medium-file=\"https:\/\/i0.wp.com\/genevieveetbernardauxameriques.fr\/wp-content\/uploads\/2016\/03\/20160311_135641.jpg?fit=300%2C225&amp;ssl=1\" data-large-file=\"https:\/\/i0.wp.com\/genevieveetbernardauxameriques.fr\/wp-content\/uploads\/2016\/03\/20160311_135641.jpg?fit=640%2C480&amp;ssl=1\" class=\"alignnone size-full wp-image-4120\" src=\"https:\/\/i0.wp.com\/genevieveetbernardauxameriques.fr\/wp-content\/uploads\/2016\/03\/20160311_135641.jpg?resize=640%2C480&#038;ssl=1\" alt=\"\" width=\"640\" height=\"480\" srcset=\"https:\/\/i0.wp.com\/genevieveetbernardauxameriques.fr\/wp-content\/uploads\/2016\/03\/20160311_135641.jpg?w=800&amp;ssl=1 800w, https:\/\/i0.wp.com\/genevieveetbernardauxameriques.fr\/wp-content\/uploads\/2016\/03\/20160311_135641.jpg?resize=300%2C225&amp;ssl=1 300w, https:\/\/i0.wp.com\/genevieveetbernardauxameriques.fr\/wp-content\/uploads\/2016\/03\/20160311_135641.jpg?resize=768%2C576&amp;ssl=1 768w\" sizes=\"(max-width: 640px) 100vw, 640px\" data-recalc-dims=\"1\" \/><\/p>\n<p align=\"justify\">Le soir nous couchons sur l\u2019Ile de <strong>SAN FRANCISCO <\/strong>et nous en ferons le tour.<\/p>\n<p align=\"justify\">Mais d\u2019abord promenade dans la vieille ville<\/p>\n<p align=\"justify\"><img loading=\"lazy\" decoding=\"async\" data-attachment-id=\"4132\" data-permalink=\"https:\/\/genevieveetbernardauxameriques.fr\/index.php\/2016\/03\/29\/de-rio-do-sud-a-rio-de-janeiro\/20160311_161528-jpg\/\" data-orig-file=\"https:\/\/i0.wp.com\/genevieveetbernardauxameriques.fr\/wp-content\/uploads\/2016\/03\/20160311_161528.jpg?fit=800%2C600&amp;ssl=1\" data-orig-size=\"800,600\" data-comments-opened=\"1\" data-image-meta=\"{&quot;aperture&quot;:&quot;1.9&quot;,&quot;credit&quot;:&quot;&quot;,&quot;camera&quot;:&quot;SM-T810&quot;,&quot;caption&quot;:&quot;&quot;,&quot;created_timestamp&quot;:&quot;1457712927&quot;,&quot;copyright&quot;:&quot;&quot;,&quot;focal_length&quot;:&quot;2.9&quot;,&quot;iso&quot;:&quot;40&quot;,&quot;shutter_speed&quot;:&quot;0.0005720823798627&quot;,&quot;title&quot;:&quot;&quot;,&quot;orientation&quot;:&quot;1&quot;}\" data-image-title=\"20160311_161528.jpg\" data-image-description=\"\" data-image-caption=\"\" data-medium-file=\"https:\/\/i0.wp.com\/genevieveetbernardauxameriques.fr\/wp-content\/uploads\/2016\/03\/20160311_161528.jpg?fit=300%2C225&amp;ssl=1\" data-large-file=\"https:\/\/i0.wp.com\/genevieveetbernardauxameriques.fr\/wp-content\/uploads\/2016\/03\/20160311_161528.jpg?fit=640%2C480&amp;ssl=1\" class=\"alignnone size-full wp-image-4132\" src=\"https:\/\/i0.wp.com\/genevieveetbernardauxameriques.fr\/wp-content\/uploads\/2016\/03\/20160311_161528.jpg?resize=640%2C480&#038;ssl=1\" alt=\"\" width=\"640\" height=\"480\" srcset=\"https:\/\/i0.wp.com\/genevieveetbernardauxameriques.fr\/wp-content\/uploads\/2016\/03\/20160311_161528.jpg?w=800&amp;ssl=1 800w, https:\/\/i0.wp.com\/genevieveetbernardauxameriques.fr\/wp-content\/uploads\/2016\/03\/20160311_161528.jpg?resize=300%2C225&amp;ssl=1 300w, https:\/\/i0.wp.com\/genevieveetbernardauxameriques.fr\/wp-content\/uploads\/2016\/03\/20160311_161528.jpg?resize=768%2C576&amp;ssl=1 768w\" sizes=\"(max-width: 640px) 100vw, 640px\" data-recalc-dims=\"1\" \/> <img loading=\"lazy\" decoding=\"async\" data-attachment-id=\"4142\" data-permalink=\"https:\/\/genevieveetbernardauxameriques.fr\/index.php\/2016\/03\/29\/de-rio-do-sud-a-rio-de-janeiro\/20160311_163722-jpg\/\" data-orig-file=\"https:\/\/i0.wp.com\/genevieveetbernardauxameriques.fr\/wp-content\/uploads\/2016\/03\/20160311_163722-e1580999087995.jpg?fit=800%2C516&amp;ssl=1\" data-orig-size=\"800,516\" data-comments-opened=\"1\" data-image-meta=\"{&quot;aperture&quot;:&quot;1.9&quot;,&quot;credit&quot;:&quot;&quot;,&quot;camera&quot;:&quot;SM-T810&quot;,&quot;caption&quot;:&quot;&quot;,&quot;created_timestamp&quot;:&quot;1457714242&quot;,&quot;copyright&quot;:&quot;&quot;,&quot;focal_length&quot;:&quot;2.9&quot;,&quot;iso&quot;:&quot;40&quot;,&quot;shutter_speed&quot;:&quot;0.00068119891008174&quot;,&quot;title&quot;:&quot;&quot;,&quot;orientation&quot;:&quot;1&quot;}\" data-image-title=\"20160311_163722.jpg\" data-image-description=\"\" data-image-caption=\"\" data-medium-file=\"https:\/\/i0.wp.com\/genevieveetbernardauxameriques.fr\/wp-content\/uploads\/2016\/03\/20160311_163722-e1580999087995.jpg?fit=300%2C194&amp;ssl=1\" data-large-file=\"https:\/\/i0.wp.com\/genevieveetbernardauxameriques.fr\/wp-content\/uploads\/2016\/03\/20160311_163722-e1580999087995.jpg?fit=640%2C413&amp;ssl=1\" class=\"alignnone size-full wp-image-4142\" src=\"https:\/\/i0.wp.com\/genevieveetbernardauxameriques.fr\/wp-content\/uploads\/2016\/03\/20160311_163722-e1580999087995.jpg?resize=640%2C413&#038;ssl=1\" alt=\"\" width=\"640\" height=\"413\" srcset=\"https:\/\/i0.wp.com\/genevieveetbernardauxameriques.fr\/wp-content\/uploads\/2016\/03\/20160311_163722-e1580999087995.jpg?w=800&amp;ssl=1 800w, https:\/\/i0.wp.com\/genevieveetbernardauxameriques.fr\/wp-content\/uploads\/2016\/03\/20160311_163722-e1580999087995.jpg?resize=300%2C194&amp;ssl=1 300w, https:\/\/i0.wp.com\/genevieveetbernardauxameriques.fr\/wp-content\/uploads\/2016\/03\/20160311_163722-e1580999087995.jpg?resize=768%2C495&amp;ssl=1 768w\" sizes=\"(max-width: 640px) 100vw, 640px\" data-recalc-dims=\"1\" \/> <img loading=\"lazy\" decoding=\"async\" data-attachment-id=\"4136\" data-permalink=\"https:\/\/genevieveetbernardauxameriques.fr\/index.php\/2016\/03\/29\/de-rio-do-sud-a-rio-de-janeiro\/20160311_161712-jpg\/\" data-orig-file=\"https:\/\/i0.wp.com\/genevieveetbernardauxameriques.fr\/wp-content\/uploads\/2016\/03\/20160311_161712-e1580999169271.jpg?fit=800%2C514&amp;ssl=1\" data-orig-size=\"800,514\" data-comments-opened=\"1\" data-image-meta=\"{&quot;aperture&quot;:&quot;1.9&quot;,&quot;credit&quot;:&quot;&quot;,&quot;camera&quot;:&quot;SM-T810&quot;,&quot;caption&quot;:&quot;&quot;,&quot;created_timestamp&quot;:&quot;1457713032&quot;,&quot;copyright&quot;:&quot;&quot;,&quot;focal_length&quot;:&quot;2.9&quot;,&quot;iso&quot;:&quot;40&quot;,&quot;shutter_speed&quot;:&quot;0.00056561085972851&quot;,&quot;title&quot;:&quot;&quot;,&quot;orientation&quot;:&quot;1&quot;}\" data-image-title=\"20160311_161712.jpg\" data-image-description=\"\" data-image-caption=\"\" data-medium-file=\"https:\/\/i0.wp.com\/genevieveetbernardauxameriques.fr\/wp-content\/uploads\/2016\/03\/20160311_161712-e1580999169271.jpg?fit=300%2C193&amp;ssl=1\" data-large-file=\"https:\/\/i0.wp.com\/genevieveetbernardauxameriques.fr\/wp-content\/uploads\/2016\/03\/20160311_161712-e1580999169271.jpg?fit=640%2C411&amp;ssl=1\" class=\"alignnone size-full wp-image-4136\" src=\"https:\/\/i0.wp.com\/genevieveetbernardauxameriques.fr\/wp-content\/uploads\/2016\/03\/20160311_161712.jpg?resize=640%2C480&#038;ssl=1\" alt=\"\" width=\"640\" height=\"480\" data-recalc-dims=\"1\" \/> <img loading=\"lazy\" decoding=\"async\" data-attachment-id=\"4138\" data-permalink=\"https:\/\/genevieveetbernardauxameriques.fr\/index.php\/2016\/03\/29\/de-rio-do-sud-a-rio-de-janeiro\/20160311_161752-jpg\/\" data-orig-file=\"https:\/\/i0.wp.com\/genevieveetbernardauxameriques.fr\/wp-content\/uploads\/2016\/03\/20160311_161752.jpg?fit=576%2C768&amp;ssl=1\" data-orig-size=\"576,768\" data-comments-opened=\"1\" data-image-meta=\"{&quot;aperture&quot;:&quot;0&quot;,&quot;credit&quot;:&quot;&quot;,&quot;camera&quot;:&quot;&quot;,&quot;caption&quot;:&quot;&quot;,&quot;created_timestamp&quot;:&quot;0&quot;,&quot;copyright&quot;:&quot;&quot;,&quot;focal_length&quot;:&quot;0&quot;,&quot;iso&quot;:&quot;0&quot;,&quot;shutter_speed&quot;:&quot;0&quot;,&quot;title&quot;:&quot;&quot;,&quot;orientation&quot;:&quot;0&quot;}\" data-image-title=\"20160311_161752.jpg\" data-image-description=\"\" data-image-caption=\"\" data-medium-file=\"https:\/\/i0.wp.com\/genevieveetbernardauxameriques.fr\/wp-content\/uploads\/2016\/03\/20160311_161752.jpg?fit=225%2C300&amp;ssl=1\" data-large-file=\"https:\/\/i0.wp.com\/genevieveetbernardauxameriques.fr\/wp-content\/uploads\/2016\/03\/20160311_161752.jpg?fit=576%2C768&amp;ssl=1\" class=\"alignnone size-full wp-image-4138\" src=\"https:\/\/i0.wp.com\/genevieveetbernardauxameriques.fr\/wp-content\/uploads\/2016\/03\/20160311_161752.jpg?resize=576%2C768&#038;ssl=1\" alt=\"\" width=\"576\" height=\"768\" srcset=\"https:\/\/i0.wp.com\/genevieveetbernardauxameriques.fr\/wp-content\/uploads\/2016\/03\/20160311_161752.jpg?w=576&amp;ssl=1 576w, https:\/\/i0.wp.com\/genevieveetbernardauxameriques.fr\/wp-content\/uploads\/2016\/03\/20160311_161752.jpg?resize=225%2C300&amp;ssl=1 225w\" sizes=\"(max-width: 576px) 100vw, 576px\" data-recalc-dims=\"1\" \/> <img loading=\"lazy\" decoding=\"async\" data-attachment-id=\"4140\" data-permalink=\"https:\/\/genevieveetbernardauxameriques.fr\/index.php\/2016\/03\/29\/de-rio-do-sud-a-rio-de-janeiro\/20160311_161945-jpg\/\" data-orig-file=\"https:\/\/i0.wp.com\/genevieveetbernardauxameriques.fr\/wp-content\/uploads\/2016\/03\/20160311_161945.jpg?fit=800%2C600&amp;ssl=1\" data-orig-size=\"800,600\" data-comments-opened=\"1\" data-image-meta=\"{&quot;aperture&quot;:&quot;1.9&quot;,&quot;credit&quot;:&quot;&quot;,&quot;camera&quot;:&quot;SM-T810&quot;,&quot;caption&quot;:&quot;&quot;,&quot;created_timestamp&quot;:&quot;1457713185&quot;,&quot;copyright&quot;:&quot;&quot;,&quot;focal_length&quot;:&quot;2.9&quot;,&quot;iso&quot;:&quot;40&quot;,&quot;shutter_speed&quot;:&quot;0.00029832935560859&quot;,&quot;title&quot;:&quot;&quot;,&quot;orientation&quot;:&quot;1&quot;}\" data-image-title=\"20160311_161945.jpg\" data-image-description=\"\" data-image-caption=\"\" data-medium-file=\"https:\/\/i0.wp.com\/genevieveetbernardauxameriques.fr\/wp-content\/uploads\/2016\/03\/20160311_161945.jpg?fit=300%2C225&amp;ssl=1\" data-large-file=\"https:\/\/i0.wp.com\/genevieveetbernardauxameriques.fr\/wp-content\/uploads\/2016\/03\/20160311_161945.jpg?fit=640%2C480&amp;ssl=1\" class=\"alignnone size-full wp-image-4140\" src=\"https:\/\/i0.wp.com\/genevieveetbernardauxameriques.fr\/wp-content\/uploads\/2016\/03\/20160311_161945.jpg?resize=640%2C480&#038;ssl=1\" alt=\"\" width=\"640\" height=\"480\" srcset=\"https:\/\/i0.wp.com\/genevieveetbernardauxameriques.fr\/wp-content\/uploads\/2016\/03\/20160311_161945.jpg?w=800&amp;ssl=1 800w, https:\/\/i0.wp.com\/genevieveetbernardauxameriques.fr\/wp-content\/uploads\/2016\/03\/20160311_161945.jpg?resize=300%2C225&amp;ssl=1 300w, https:\/\/i0.wp.com\/genevieveetbernardauxameriques.fr\/wp-content\/uploads\/2016\/03\/20160311_161945.jpg?resize=768%2C576&amp;ssl=1 768w\" sizes=\"(max-width: 640px) 100vw, 640px\" data-recalc-dims=\"1\" \/> <img loading=\"lazy\" decoding=\"async\" data-attachment-id=\"4136\" data-permalink=\"https:\/\/genevieveetbernardauxameriques.fr\/index.php\/2016\/03\/29\/de-rio-do-sud-a-rio-de-janeiro\/20160311_161712-jpg\/\" data-orig-file=\"https:\/\/i0.wp.com\/genevieveetbernardauxameriques.fr\/wp-content\/uploads\/2016\/03\/20160311_161712-e1580999169271.jpg?fit=800%2C514&amp;ssl=1\" data-orig-size=\"800,514\" data-comments-opened=\"1\" data-image-meta=\"{&quot;aperture&quot;:&quot;1.9&quot;,&quot;credit&quot;:&quot;&quot;,&quot;camera&quot;:&quot;SM-T810&quot;,&quot;caption&quot;:&quot;&quot;,&quot;created_timestamp&quot;:&quot;1457713032&quot;,&quot;copyright&quot;:&quot;&quot;,&quot;focal_length&quot;:&quot;2.9&quot;,&quot;iso&quot;:&quot;40&quot;,&quot;shutter_speed&quot;:&quot;0.00056561085972851&quot;,&quot;title&quot;:&quot;&quot;,&quot;orientation&quot;:&quot;1&quot;}\" data-image-title=\"20160311_161712.jpg\" data-image-description=\"\" data-image-caption=\"\" data-medium-file=\"https:\/\/i0.wp.com\/genevieveetbernardauxameriques.fr\/wp-content\/uploads\/2016\/03\/20160311_161712-e1580999169271.jpg?fit=300%2C193&amp;ssl=1\" data-large-file=\"https:\/\/i0.wp.com\/genevieveetbernardauxameriques.fr\/wp-content\/uploads\/2016\/03\/20160311_161712-e1580999169271.jpg?fit=640%2C411&amp;ssl=1\" class=\"alignnone size-full wp-image-4136\" src=\"https:\/\/i0.wp.com\/genevieveetbernardauxameriques.fr\/wp-content\/uploads\/2016\/03\/20160311_161712-e1580999169271.jpg?resize=640%2C411&#038;ssl=1\" alt=\"\" width=\"640\" height=\"411\" srcset=\"https:\/\/i0.wp.com\/genevieveetbernardauxameriques.fr\/wp-content\/uploads\/2016\/03\/20160311_161712-e1580999169271.jpg?w=800&amp;ssl=1 800w, https:\/\/i0.wp.com\/genevieveetbernardauxameriques.fr\/wp-content\/uploads\/2016\/03\/20160311_161712-e1580999169271.jpg?resize=300%2C193&amp;ssl=1 300w, https:\/\/i0.wp.com\/genevieveetbernardauxameriques.fr\/wp-content\/uploads\/2016\/03\/20160311_161712-e1580999169271.jpg?resize=768%2C493&amp;ssl=1 768w\" sizes=\"(max-width: 640px) 100vw, 640px\" data-recalc-dims=\"1\" \/> <img loading=\"lazy\" decoding=\"async\" data-attachment-id=\"4144\" data-permalink=\"https:\/\/genevieveetbernardauxameriques.fr\/index.php\/2016\/03\/29\/de-rio-do-sud-a-rio-de-janeiro\/20160311_163751-jpg\/\" data-orig-file=\"https:\/\/i0.wp.com\/genevieveetbernardauxameriques.fr\/wp-content\/uploads\/2016\/03\/20160311_163751.jpg?fit=800%2C600&amp;ssl=1\" data-orig-size=\"800,600\" data-comments-opened=\"1\" data-image-meta=\"{&quot;aperture&quot;:&quot;1.9&quot;,&quot;credit&quot;:&quot;&quot;,&quot;camera&quot;:&quot;SM-T810&quot;,&quot;caption&quot;:&quot;&quot;,&quot;created_timestamp&quot;:&quot;1457714271&quot;,&quot;copyright&quot;:&quot;&quot;,&quot;focal_length&quot;:&quot;2.9&quot;,&quot;iso&quot;:&quot;40&quot;,&quot;shutter_speed&quot;:&quot;0.0012690355329949&quot;,&quot;title&quot;:&quot;&quot;,&quot;orientation&quot;:&quot;1&quot;}\" data-image-title=\"20160311_163751.jpg\" data-image-description=\"\" data-image-caption=\"\" data-medium-file=\"https:\/\/i0.wp.com\/genevieveetbernardauxameriques.fr\/wp-content\/uploads\/2016\/03\/20160311_163751.jpg?fit=300%2C225&amp;ssl=1\" data-large-file=\"https:\/\/i0.wp.com\/genevieveetbernardauxameriques.fr\/wp-content\/uploads\/2016\/03\/20160311_163751.jpg?fit=640%2C480&amp;ssl=1\" class=\"alignnone size-full wp-image-4144\" src=\"https:\/\/i0.wp.com\/genevieveetbernardauxameriques.fr\/wp-content\/uploads\/2016\/03\/20160311_163751.jpg?resize=640%2C480&#038;ssl=1\" alt=\"\" width=\"640\" height=\"480\" srcset=\"https:\/\/i0.wp.com\/genevieveetbernardauxameriques.fr\/wp-content\/uploads\/2016\/03\/20160311_163751.jpg?w=800&amp;ssl=1 800w, https:\/\/i0.wp.com\/genevieveetbernardauxameriques.fr\/wp-content\/uploads\/2016\/03\/20160311_163751.jpg?resize=300%2C225&amp;ssl=1 300w, https:\/\/i0.wp.com\/genevieveetbernardauxameriques.fr\/wp-content\/uploads\/2016\/03\/20160311_163751.jpg?resize=768%2C576&amp;ssl=1 768w\" sizes=\"(max-width: 640px) 100vw, 640px\" data-recalc-dims=\"1\" \/><\/p>\n<p align=\"justify\">Ville class\u00e9 au patrimoine historique, 3\u00e8me plus ancienne ville du pays, elle a \u00e9t\u00e9 fond\u00e9e en 1504 par les fran\u00e7ais.<\/p>\n<p align=\"justify\">Achat au Mercado Central d\u2019un morceau de porc fum\u00e9 :<\/p>\n<p align=\"justify\"><img loading=\"lazy\" decoding=\"async\" data-attachment-id=\"4146\" data-permalink=\"https:\/\/genevieveetbernardauxameriques.fr\/index.php\/2016\/03\/29\/de-rio-do-sud-a-rio-de-janeiro\/20160311_163508-jpg\/\" data-orig-file=\"https:\/\/i0.wp.com\/genevieveetbernardauxameriques.fr\/wp-content\/uploads\/2016\/03\/20160311_163508.jpg?fit=800%2C600&amp;ssl=1\" data-orig-size=\"800,600\" data-comments-opened=\"1\" data-image-meta=\"{&quot;aperture&quot;:&quot;1.9&quot;,&quot;credit&quot;:&quot;&quot;,&quot;camera&quot;:&quot;SM-T810&quot;,&quot;caption&quot;:&quot;&quot;,&quot;created_timestamp&quot;:&quot;1457714108&quot;,&quot;copyright&quot;:&quot;&quot;,&quot;focal_length&quot;:&quot;2.9&quot;,&quot;iso&quot;:&quot;125&quot;,&quot;shutter_speed&quot;:&quot;0.03030303030303&quot;,&quot;title&quot;:&quot;&quot;,&quot;orientation&quot;:&quot;1&quot;}\" data-image-title=\"20160311_163508.jpg\" data-image-description=\"\" data-image-caption=\"\" data-medium-file=\"https:\/\/i0.wp.com\/genevieveetbernardauxameriques.fr\/wp-content\/uploads\/2016\/03\/20160311_163508.jpg?fit=300%2C225&amp;ssl=1\" data-large-file=\"https:\/\/i0.wp.com\/genevieveetbernardauxameriques.fr\/wp-content\/uploads\/2016\/03\/20160311_163508.jpg?fit=640%2C480&amp;ssl=1\" class=\"alignnone size-full wp-image-4146\" src=\"https:\/\/i0.wp.com\/genevieveetbernardauxameriques.fr\/wp-content\/uploads\/2016\/03\/20160311_163508.jpg?resize=640%2C480&#038;ssl=1\" alt=\"\" width=\"640\" height=\"480\" srcset=\"https:\/\/i0.wp.com\/genevieveetbernardauxameriques.fr\/wp-content\/uploads\/2016\/03\/20160311_163508.jpg?w=800&amp;ssl=1 800w, https:\/\/i0.wp.com\/genevieveetbernardauxameriques.fr\/wp-content\/uploads\/2016\/03\/20160311_163508.jpg?resize=300%2C225&amp;ssl=1 300w, https:\/\/i0.wp.com\/genevieveetbernardauxameriques.fr\/wp-content\/uploads\/2016\/03\/20160311_163508.jpg?resize=768%2C576&amp;ssl=1 768w\" sizes=\"(max-width: 640px) 100vw, 640px\" data-recalc-dims=\"1\" \/><\/p>\n<p align=\"justify\">Voil\u00e0 le garde-manger (pas vraiment frigorifi\u00e9)<\/p>\n<p align=\"justify\"><img loading=\"lazy\" decoding=\"async\" data-attachment-id=\"42299\" data-permalink=\"https:\/\/genevieveetbernardauxameriques.fr\/index.php\/2016\/04\/04\/letat-de-rio-de-janeiro\/20160311_162755\/\" data-orig-file=\"https:\/\/i0.wp.com\/genevieveetbernardauxameriques.fr\/wp-content\/uploads\/2016\/04\/20160311_162755.jpg?fit=720%2C540&amp;ssl=1\" data-orig-size=\"720,540\" data-comments-opened=\"1\" data-image-meta=\"{&quot;aperture&quot;:&quot;1.9&quot;,&quot;credit&quot;:&quot;&quot;,&quot;camera&quot;:&quot;SM-T810&quot;,&quot;caption&quot;:&quot;&quot;,&quot;created_timestamp&quot;:&quot;1457713675&quot;,&quot;copyright&quot;:&quot;&quot;,&quot;focal_length&quot;:&quot;2.9&quot;,&quot;iso&quot;:&quot;80&quot;,&quot;shutter_speed&quot;:&quot;0.01&quot;,&quot;title&quot;:&quot;&quot;,&quot;orientation&quot;:&quot;1&quot;}\" data-image-title=\"20160311_162755\" data-image-description=\"\" data-image-caption=\"\" data-medium-file=\"https:\/\/i0.wp.com\/genevieveetbernardauxameriques.fr\/wp-content\/uploads\/2016\/04\/20160311_162755.jpg?fit=300%2C225&amp;ssl=1\" data-large-file=\"https:\/\/i0.wp.com\/genevieveetbernardauxameriques.fr\/wp-content\/uploads\/2016\/04\/20160311_162755.jpg?fit=640%2C480&amp;ssl=1\" class=\"alignnone size-full wp-image-42299\" src=\"https:\/\/i0.wp.com\/genevieveetbernardauxameriques.fr\/wp-content\/uploads\/2016\/04\/20160311_162755.jpg?resize=640%2C480&#038;ssl=1\" alt=\"\" width=\"640\" height=\"480\" srcset=\"https:\/\/i0.wp.com\/genevieveetbernardauxameriques.fr\/wp-content\/uploads\/2016\/04\/20160311_162755.jpg?w=720&amp;ssl=1 720w, https:\/\/i0.wp.com\/genevieveetbernardauxameriques.fr\/wp-content\/uploads\/2016\/04\/20160311_162755.jpg?resize=300%2C225&amp;ssl=1 300w\" sizes=\"(max-width: 640px) 100vw, 640px\" data-recalc-dims=\"1\" \/><\/p>\n<p align=\"justify\"><img loading=\"lazy\" decoding=\"async\" data-attachment-id=\"4150\" data-permalink=\"https:\/\/genevieveetbernardauxameriques.fr\/index.php\/2016\/03\/29\/de-rio-do-sud-a-rio-de-janeiro\/20160311_162917-jpg\/\" data-orig-file=\"https:\/\/i0.wp.com\/genevieveetbernardauxameriques.fr\/wp-content\/uploads\/2016\/03\/20160311_162917.jpg?fit=576%2C768&amp;ssl=1\" data-orig-size=\"576,768\" data-comments-opened=\"1\" data-image-meta=\"{&quot;aperture&quot;:&quot;0&quot;,&quot;credit&quot;:&quot;&quot;,&quot;camera&quot;:&quot;&quot;,&quot;caption&quot;:&quot;&quot;,&quot;created_timestamp&quot;:&quot;0&quot;,&quot;copyright&quot;:&quot;&quot;,&quot;focal_length&quot;:&quot;0&quot;,&quot;iso&quot;:&quot;0&quot;,&quot;shutter_speed&quot;:&quot;0&quot;,&quot;title&quot;:&quot;&quot;,&quot;orientation&quot;:&quot;0&quot;}\" data-image-title=\"20160311_162917.jpg\" data-image-description=\"\" data-image-caption=\"\" data-medium-file=\"https:\/\/i0.wp.com\/genevieveetbernardauxameriques.fr\/wp-content\/uploads\/2016\/03\/20160311_162917.jpg?fit=225%2C300&amp;ssl=1\" data-large-file=\"https:\/\/i0.wp.com\/genevieveetbernardauxameriques.fr\/wp-content\/uploads\/2016\/03\/20160311_162917.jpg?fit=576%2C768&amp;ssl=1\" class=\"alignnone size-full wp-image-4150\" src=\"https:\/\/i0.wp.com\/genevieveetbernardauxameriques.fr\/wp-content\/uploads\/2016\/03\/20160311_162917.jpg?resize=576%2C768&#038;ssl=1\" alt=\"\" width=\"576\" height=\"768\" srcset=\"https:\/\/i0.wp.com\/genevieveetbernardauxameriques.fr\/wp-content\/uploads\/2016\/03\/20160311_162917.jpg?w=576&amp;ssl=1 576w, https:\/\/i0.wp.com\/genevieveetbernardauxameriques.fr\/wp-content\/uploads\/2016\/03\/20160311_162917.jpg?resize=225%2C300&amp;ssl=1 225w\" sizes=\"(max-width: 576px) 100vw, 576px\" data-recalc-dims=\"1\" \/> <img loading=\"lazy\" decoding=\"async\" data-attachment-id=\"4148\" data-permalink=\"https:\/\/genevieveetbernardauxameriques.fr\/index.php\/2016\/03\/29\/de-rio-do-sud-a-rio-de-janeiro\/20160311_162810_002-jpg\/\" data-orig-file=\"https:\/\/i0.wp.com\/genevieveetbernardauxameriques.fr\/wp-content\/uploads\/2016\/03\/20160311_162810_002.jpg?fit=800%2C600&amp;ssl=1\" data-orig-size=\"800,600\" data-comments-opened=\"1\" data-image-meta=\"{&quot;aperture&quot;:&quot;1.9&quot;,&quot;credit&quot;:&quot;&quot;,&quot;camera&quot;:&quot;SM-T810&quot;,&quot;caption&quot;:&quot;&quot;,&quot;created_timestamp&quot;:&quot;1457713690&quot;,&quot;copyright&quot;:&quot;&quot;,&quot;focal_length&quot;:&quot;2.9&quot;,&quot;iso&quot;:&quot;64&quot;,&quot;shutter_speed&quot;:&quot;0.03030303030303&quot;,&quot;title&quot;:&quot;&quot;,&quot;orientation&quot;:&quot;1&quot;}\" data-image-title=\"20160311_162810_002.jpg\" data-image-description=\"\" data-image-caption=\"\" data-medium-file=\"https:\/\/i0.wp.com\/genevieveetbernardauxameriques.fr\/wp-content\/uploads\/2016\/03\/20160311_162810_002.jpg?fit=300%2C225&amp;ssl=1\" data-large-file=\"https:\/\/i0.wp.com\/genevieveetbernardauxameriques.fr\/wp-content\/uploads\/2016\/03\/20160311_162810_002.jpg?fit=640%2C480&amp;ssl=1\" class=\"alignnone size-full wp-image-4148\" src=\"https:\/\/i0.wp.com\/genevieveetbernardauxameriques.fr\/wp-content\/uploads\/2016\/03\/20160311_162810_002.jpg?resize=640%2C480&#038;ssl=1\" alt=\"\" width=\"640\" height=\"480\" srcset=\"https:\/\/i0.wp.com\/genevieveetbernardauxameriques.fr\/wp-content\/uploads\/2016\/03\/20160311_162810_002.jpg?w=800&amp;ssl=1 800w, https:\/\/i0.wp.com\/genevieveetbernardauxameriques.fr\/wp-content\/uploads\/2016\/03\/20160311_162810_002.jpg?resize=300%2C225&amp;ssl=1 300w, https:\/\/i0.wp.com\/genevieveetbernardauxameriques.fr\/wp-content\/uploads\/2016\/03\/20160311_162810_002.jpg?resize=768%2C576&amp;ssl=1 768w\" sizes=\"(max-width: 640px) 100vw, 640px\" data-recalc-dims=\"1\" \/><\/p>\n<p align=\"justify\">Il y a beaucoup de camions sur cette \u00eele, nous ne savons pas trop pourquoi, mais il doit y avoir du minerai dans les environs, nous resterons m\u00eame bloqu\u00e9s 1\/2 heure \u00e0 attendre qu\u2019un train de petits wagons\u00a0 passe et ensuite les camions.<\/p>\n<p align=\"justify\">Nous dormons le long de la mer sur la route pr\u00e8s de maisons hupp\u00e9es.<\/p>\n<p align=\"justify\"><img loading=\"lazy\" decoding=\"async\" data-attachment-id=\"4154\" data-permalink=\"https:\/\/genevieveetbernardauxameriques.fr\/index.php\/2016\/03\/29\/de-rio-do-sud-a-rio-de-janeiro\/p1010925-jpg\/\" data-orig-file=\"https:\/\/i0.wp.com\/genevieveetbernardauxameriques.fr\/wp-content\/uploads\/2016\/03\/P1010925.jpg?fit=1024%2C768&amp;ssl=1\" data-orig-size=\"1024,768\" data-comments-opened=\"1\" data-image-meta=\"{&quot;aperture&quot;:&quot;0&quot;,&quot;credit&quot;:&quot;&quot;,&quot;camera&quot;:&quot;&quot;,&quot;caption&quot;:&quot;&quot;,&quot;created_timestamp&quot;:&quot;0&quot;,&quot;copyright&quot;:&quot;&quot;,&quot;focal_length&quot;:&quot;0&quot;,&quot;iso&quot;:&quot;0&quot;,&quot;shutter_speed&quot;:&quot;0&quot;,&quot;title&quot;:&quot;&quot;,&quot;orientation&quot;:&quot;0&quot;}\" data-image-title=\"P1010925.jpg\" data-image-description=\"\" data-image-caption=\"\" data-medium-file=\"https:\/\/i0.wp.com\/genevieveetbernardauxameriques.fr\/wp-content\/uploads\/2016\/03\/P1010925.jpg?fit=300%2C225&amp;ssl=1\" data-large-file=\"https:\/\/i0.wp.com\/genevieveetbernardauxameriques.fr\/wp-content\/uploads\/2016\/03\/P1010925.jpg?fit=640%2C480&amp;ssl=1\" class=\"alignnone size-large wp-image-4154\" src=\"https:\/\/i0.wp.com\/genevieveetbernardauxameriques.fr\/wp-content\/uploads\/2016\/03\/P1010925.jpg?resize=640%2C480&#038;ssl=1\" alt=\"\" width=\"640\" height=\"480\" srcset=\"https:\/\/i0.wp.com\/genevieveetbernardauxameriques.fr\/wp-content\/uploads\/2016\/03\/P1010925.jpg?w=1024&amp;ssl=1 1024w, https:\/\/i0.wp.com\/genevieveetbernardauxameriques.fr\/wp-content\/uploads\/2016\/03\/P1010925.jpg?resize=300%2C225&amp;ssl=1 300w, https:\/\/i0.wp.com\/genevieveetbernardauxameriques.fr\/wp-content\/uploads\/2016\/03\/P1010925.jpg?resize=768%2C576&amp;ssl=1 768w\" sizes=\"(max-width: 640px) 100vw, 640px\" data-recalc-dims=\"1\" \/> <img loading=\"lazy\" decoding=\"async\" data-attachment-id=\"4152\" data-permalink=\"https:\/\/genevieveetbernardauxameriques.fr\/index.php\/2016\/03\/29\/de-rio-do-sud-a-rio-de-janeiro\/p1010924-jpg\/\" data-orig-file=\"https:\/\/i0.wp.com\/genevieveetbernardauxameriques.fr\/wp-content\/uploads\/2016\/03\/P1010924.jpg?fit=1024%2C768&amp;ssl=1\" data-orig-size=\"1024,768\" data-comments-opened=\"1\" data-image-meta=\"{&quot;aperture&quot;:&quot;0&quot;,&quot;credit&quot;:&quot;&quot;,&quot;camera&quot;:&quot;&quot;,&quot;caption&quot;:&quot;&quot;,&quot;created_timestamp&quot;:&quot;0&quot;,&quot;copyright&quot;:&quot;&quot;,&quot;focal_length&quot;:&quot;0&quot;,&quot;iso&quot;:&quot;0&quot;,&quot;shutter_speed&quot;:&quot;0&quot;,&quot;title&quot;:&quot;&quot;,&quot;orientation&quot;:&quot;0&quot;}\" data-image-title=\"P1010924.jpg\" data-image-description=\"\" data-image-caption=\"\" data-medium-file=\"https:\/\/i0.wp.com\/genevieveetbernardauxameriques.fr\/wp-content\/uploads\/2016\/03\/P1010924.jpg?fit=300%2C225&amp;ssl=1\" data-large-file=\"https:\/\/i0.wp.com\/genevieveetbernardauxameriques.fr\/wp-content\/uploads\/2016\/03\/P1010924.jpg?fit=640%2C480&amp;ssl=1\" class=\"alignnone size-large wp-image-4152\" src=\"https:\/\/i0.wp.com\/genevieveetbernardauxameriques.fr\/wp-content\/uploads\/2016\/03\/P1010924.jpg?resize=640%2C480&#038;ssl=1\" alt=\"\" width=\"640\" height=\"480\" srcset=\"https:\/\/i0.wp.com\/genevieveetbernardauxameriques.fr\/wp-content\/uploads\/2016\/03\/P1010924.jpg?w=1024&amp;ssl=1 1024w, https:\/\/i0.wp.com\/genevieveetbernardauxameriques.fr\/wp-content\/uploads\/2016\/03\/P1010924.jpg?resize=300%2C225&amp;ssl=1 300w, https:\/\/i0.wp.com\/genevieveetbernardauxameriques.fr\/wp-content\/uploads\/2016\/03\/P1010924.jpg?resize=768%2C576&amp;ssl=1 768w\" sizes=\"(max-width: 640px) 100vw, 640px\" data-recalc-dims=\"1\" \/><\/p>\n<p align=\"justify\"><strong>Samedi 12 mars<\/strong><\/p>\n<p align=\"justify\">La plage o\u00f9 je vais me baigner le lendemain matin.<\/p>\n<p align=\"justify\"><img loading=\"lazy\" decoding=\"async\" data-attachment-id=\"4156\" data-permalink=\"https:\/\/genevieveetbernardauxameriques.fr\/index.php\/2016\/03\/29\/de-rio-do-sud-a-rio-de-janeiro\/p1010888-jpg\/\" data-orig-file=\"https:\/\/i0.wp.com\/genevieveetbernardauxameriques.fr\/wp-content\/uploads\/2016\/03\/P1010888.jpg?fit=1024%2C768&amp;ssl=1\" data-orig-size=\"1024,768\" data-comments-opened=\"1\" data-image-meta=\"{&quot;aperture&quot;:&quot;0&quot;,&quot;credit&quot;:&quot;&quot;,&quot;camera&quot;:&quot;&quot;,&quot;caption&quot;:&quot;&quot;,&quot;created_timestamp&quot;:&quot;0&quot;,&quot;copyright&quot;:&quot;&quot;,&quot;focal_length&quot;:&quot;0&quot;,&quot;iso&quot;:&quot;0&quot;,&quot;shutter_speed&quot;:&quot;0&quot;,&quot;title&quot;:&quot;&quot;,&quot;orientation&quot;:&quot;0&quot;}\" data-image-title=\"P1010888.jpg\" data-image-description=\"\" data-image-caption=\"\" data-medium-file=\"https:\/\/i0.wp.com\/genevieveetbernardauxameriques.fr\/wp-content\/uploads\/2016\/03\/P1010888.jpg?fit=300%2C225&amp;ssl=1\" data-large-file=\"https:\/\/i0.wp.com\/genevieveetbernardauxameriques.fr\/wp-content\/uploads\/2016\/03\/P1010888.jpg?fit=640%2C480&amp;ssl=1\" class=\"alignnone size-large wp-image-4156\" src=\"https:\/\/i0.wp.com\/genevieveetbernardauxameriques.fr\/wp-content\/uploads\/2016\/03\/P1010888.jpg?resize=640%2C480&#038;ssl=1\" alt=\"\" width=\"640\" height=\"480\" srcset=\"https:\/\/i0.wp.com\/genevieveetbernardauxameriques.fr\/wp-content\/uploads\/2016\/03\/P1010888.jpg?w=1024&amp;ssl=1 1024w, https:\/\/i0.wp.com\/genevieveetbernardauxameriques.fr\/wp-content\/uploads\/2016\/03\/P1010888.jpg?resize=300%2C225&amp;ssl=1 300w, https:\/\/i0.wp.com\/genevieveetbernardauxameriques.fr\/wp-content\/uploads\/2016\/03\/P1010888.jpg?resize=768%2C576&amp;ssl=1 768w\" sizes=\"(max-width: 640px) 100vw, 640px\" data-recalc-dims=\"1\" \/> <img loading=\"lazy\" decoding=\"async\" data-attachment-id=\"4158\" data-permalink=\"https:\/\/genevieveetbernardauxameriques.fr\/index.php\/2016\/03\/29\/de-rio-do-sud-a-rio-de-janeiro\/p1010889-jpg\/\" data-orig-file=\"https:\/\/i0.wp.com\/genevieveetbernardauxameriques.fr\/wp-content\/uploads\/2016\/03\/P1010889.jpg?fit=1024%2C768&amp;ssl=1\" data-orig-size=\"1024,768\" data-comments-opened=\"1\" data-image-meta=\"{&quot;aperture&quot;:&quot;0&quot;,&quot;credit&quot;:&quot;&quot;,&quot;camera&quot;:&quot;&quot;,&quot;caption&quot;:&quot;&quot;,&quot;created_timestamp&quot;:&quot;0&quot;,&quot;copyright&quot;:&quot;&quot;,&quot;focal_length&quot;:&quot;0&quot;,&quot;iso&quot;:&quot;0&quot;,&quot;shutter_speed&quot;:&quot;0&quot;,&quot;title&quot;:&quot;&quot;,&quot;orientation&quot;:&quot;0&quot;}\" data-image-title=\"P1010889.jpg\" data-image-description=\"\" data-image-caption=\"\" data-medium-file=\"https:\/\/i0.wp.com\/genevieveetbernardauxameriques.fr\/wp-content\/uploads\/2016\/03\/P1010889.jpg?fit=300%2C225&amp;ssl=1\" data-large-file=\"https:\/\/i0.wp.com\/genevieveetbernardauxameriques.fr\/wp-content\/uploads\/2016\/03\/P1010889.jpg?fit=640%2C480&amp;ssl=1\" class=\"alignnone size-large wp-image-4158\" src=\"https:\/\/i0.wp.com\/genevieveetbernardauxameriques.fr\/wp-content\/uploads\/2016\/03\/P1010889.jpg?resize=640%2C480&#038;ssl=1\" alt=\"\" width=\"640\" height=\"480\" srcset=\"https:\/\/i0.wp.com\/genevieveetbernardauxameriques.fr\/wp-content\/uploads\/2016\/03\/P1010889.jpg?w=1024&amp;ssl=1 1024w, https:\/\/i0.wp.com\/genevieveetbernardauxameriques.fr\/wp-content\/uploads\/2016\/03\/P1010889.jpg?resize=300%2C225&amp;ssl=1 300w, https:\/\/i0.wp.com\/genevieveetbernardauxameriques.fr\/wp-content\/uploads\/2016\/03\/P1010889.jpg?resize=768%2C576&amp;ssl=1 768w\" sizes=\"(max-width: 640px) 100vw, 640px\" data-recalc-dims=\"1\" \/><\/p>\n<p>Nous repartons par une belle piste de sable qui longe la mer pour rejoindre le sud de l\u2019ile puis le continent.<\/p>\n<p><img loading=\"lazy\" decoding=\"async\" data-attachment-id=\"4162\" data-permalink=\"https:\/\/genevieveetbernardauxameriques.fr\/index.php\/2016\/03\/29\/de-rio-do-sud-a-rio-de-janeiro\/p1010926-jpg\/\" data-orig-file=\"https:\/\/i0.wp.com\/genevieveetbernardauxameriques.fr\/wp-content\/uploads\/2016\/03\/P1010926-e1580999278462.jpg?fit=1024%2C650&amp;ssl=1\" data-orig-size=\"1024,650\" data-comments-opened=\"1\" data-image-meta=\"{&quot;aperture&quot;:&quot;0&quot;,&quot;credit&quot;:&quot;&quot;,&quot;camera&quot;:&quot;&quot;,&quot;caption&quot;:&quot;&quot;,&quot;created_timestamp&quot;:&quot;0&quot;,&quot;copyright&quot;:&quot;&quot;,&quot;focal_length&quot;:&quot;0&quot;,&quot;iso&quot;:&quot;0&quot;,&quot;shutter_speed&quot;:&quot;0&quot;,&quot;title&quot;:&quot;&quot;,&quot;orientation&quot;:&quot;0&quot;}\" data-image-title=\"P1010926.jpg\" data-image-description=\"\" data-image-caption=\"\" data-medium-file=\"https:\/\/i0.wp.com\/genevieveetbernardauxameriques.fr\/wp-content\/uploads\/2016\/03\/P1010926-e1580999278462.jpg?fit=300%2C190&amp;ssl=1\" data-large-file=\"https:\/\/i0.wp.com\/genevieveetbernardauxameriques.fr\/wp-content\/uploads\/2016\/03\/P1010926-e1580999278462.jpg?fit=640%2C406&amp;ssl=1\" class=\"alignnone size-large wp-image-4162\" src=\"https:\/\/i0.wp.com\/genevieveetbernardauxameriques.fr\/wp-content\/uploads\/2016\/03\/P1010926-e1580999278462-1024x650.jpg?resize=640%2C406&#038;ssl=1\" alt=\"\" width=\"640\" height=\"406\" srcset=\"https:\/\/i0.wp.com\/genevieveetbernardauxameriques.fr\/wp-content\/uploads\/2016\/03\/P1010926-e1580999278462.jpg?w=1024&amp;ssl=1 1024w, https:\/\/i0.wp.com\/genevieveetbernardauxameriques.fr\/wp-content\/uploads\/2016\/03\/P1010926-e1580999278462.jpg?resize=300%2C190&amp;ssl=1 300w, https:\/\/i0.wp.com\/genevieveetbernardauxameriques.fr\/wp-content\/uploads\/2016\/03\/P1010926-e1580999278462.jpg?resize=768%2C488&amp;ssl=1 768w\" sizes=\"(max-width: 640px) 100vw, 640px\" data-recalc-dims=\"1\" \/><img loading=\"lazy\" decoding=\"async\" data-attachment-id=\"4160\" data-permalink=\"https:\/\/genevieveetbernardauxameriques.fr\/index.php\/2016\/03\/29\/de-rio-do-sud-a-rio-de-janeiro\/p1010927-jpg\/\" data-orig-file=\"https:\/\/i0.wp.com\/genevieveetbernardauxameriques.fr\/wp-content\/uploads\/2016\/03\/P1010927.jpg?fit=1024%2C768&amp;ssl=1\" data-orig-size=\"1024,768\" data-comments-opened=\"1\" data-image-meta=\"{&quot;aperture&quot;:&quot;0&quot;,&quot;credit&quot;:&quot;&quot;,&quot;camera&quot;:&quot;&quot;,&quot;caption&quot;:&quot;&quot;,&quot;created_timestamp&quot;:&quot;0&quot;,&quot;copyright&quot;:&quot;&quot;,&quot;focal_length&quot;:&quot;0&quot;,&quot;iso&quot;:&quot;0&quot;,&quot;shutter_speed&quot;:&quot;0&quot;,&quot;title&quot;:&quot;&quot;,&quot;orientation&quot;:&quot;0&quot;}\" data-image-title=\"P1010927.jpg\" data-image-description=\"\" data-image-caption=\"\" data-medium-file=\"https:\/\/i0.wp.com\/genevieveetbernardauxameriques.fr\/wp-content\/uploads\/2016\/03\/P1010927.jpg?fit=300%2C225&amp;ssl=1\" data-large-file=\"https:\/\/i0.wp.com\/genevieveetbernardauxameriques.fr\/wp-content\/uploads\/2016\/03\/P1010927.jpg?fit=640%2C480&amp;ssl=1\" class=\"alignnone size-large wp-image-4160\" src=\"https:\/\/i0.wp.com\/genevieveetbernardauxameriques.fr\/wp-content\/uploads\/2016\/03\/P1010927.jpg?resize=640%2C480&#038;ssl=1\" alt=\"\" width=\"640\" height=\"480\" srcset=\"https:\/\/i0.wp.com\/genevieveetbernardauxameriques.fr\/wp-content\/uploads\/2016\/03\/P1010927.jpg?w=1024&amp;ssl=1 1024w, https:\/\/i0.wp.com\/genevieveetbernardauxameriques.fr\/wp-content\/uploads\/2016\/03\/P1010927.jpg?resize=300%2C225&amp;ssl=1 300w, https:\/\/i0.wp.com\/genevieveetbernardauxameriques.fr\/wp-content\/uploads\/2016\/03\/P1010927.jpg?resize=768%2C576&amp;ssl=1 768w\" sizes=\"(max-width: 640px) 100vw, 640px\" data-recalc-dims=\"1\" \/><\/p>\n<p align=\"justify\">Nous filons ensuite sur <strong>JOINVILLE<\/strong>, mais c\u2019est samedi, aucune animation dans les rues, tous les magasins sont ferm\u00e9s, nous d\u00e9jeunons dans un buffet libre (l\u2019assiette au poids) \u201cTempeiro Crioulo\u201d, excellent et de bonne qualit\u00e9, surtout le jarret de porc et la \u201ccarne ensopada\u201d (b\u0153uf en rago\u00fbt).<\/p>\n<p align=\"justify\">Joinville abrite une \u00e9cole du Bolcho\u00ef et son festival de danse annuel est l\u2019un des plus importants et des plus renomm\u00e9s du monde.<\/p>\n<p align=\"justify\">L\u2019apr\u00e8s-midi ballade dans la ville de <strong>CURITIBA, <\/strong>un peu plus au nord. C\u2019est un mod\u00e8le d\u2019am\u00e9nagement urbain d\u2019avant garde depuis 1970 : zone pi\u00e9tonne, couloirs de bus express, avec des tubes d\u2019embarquement pour acc\u00e9l\u00e9rer la mont\u00e9e et la descente.<\/p>\n<p align=\"justify\"><img loading=\"lazy\" decoding=\"async\" data-attachment-id=\"4164\" data-permalink=\"https:\/\/genevieveetbernardauxameriques.fr\/index.php\/2016\/03\/29\/de-rio-do-sud-a-rio-de-janeiro\/20160312_170437-jpg\/\" data-orig-file=\"https:\/\/i0.wp.com\/genevieveetbernardauxameriques.fr\/wp-content\/uploads\/2016\/03\/20160312_170437-e1580999530239.jpg?fit=800%2C408&amp;ssl=1\" data-orig-size=\"800,408\" data-comments-opened=\"1\" data-image-meta=\"{&quot;aperture&quot;:&quot;1.9&quot;,&quot;credit&quot;:&quot;&quot;,&quot;camera&quot;:&quot;SM-T810&quot;,&quot;caption&quot;:&quot;&quot;,&quot;created_timestamp&quot;:&quot;1457802277&quot;,&quot;copyright&quot;:&quot;&quot;,&quot;focal_length&quot;:&quot;2.9&quot;,&quot;iso&quot;:&quot;40&quot;,&quot;shutter_speed&quot;:&quot;0.0057142857142857&quot;,&quot;title&quot;:&quot;&quot;,&quot;orientation&quot;:&quot;1&quot;}\" data-image-title=\"20160312_170437.jpg\" data-image-description=\"\" data-image-caption=\"\" data-medium-file=\"https:\/\/i0.wp.com\/genevieveetbernardauxameriques.fr\/wp-content\/uploads\/2016\/03\/20160312_170437-e1580999530239.jpg?fit=300%2C153&amp;ssl=1\" data-large-file=\"https:\/\/i0.wp.com\/genevieveetbernardauxameriques.fr\/wp-content\/uploads\/2016\/03\/20160312_170437-e1580999530239.jpg?fit=640%2C326&amp;ssl=1\" class=\"alignnone size-full wp-image-4164\" src=\"https:\/\/i0.wp.com\/genevieveetbernardauxameriques.fr\/wp-content\/uploads\/2016\/03\/20160312_170437-e1580999530239.jpg?resize=640%2C326&#038;ssl=1\" alt=\"\" width=\"640\" height=\"326\" srcset=\"https:\/\/i0.wp.com\/genevieveetbernardauxameriques.fr\/wp-content\/uploads\/2016\/03\/20160312_170437-e1580999530239.jpg?w=800&amp;ssl=1 800w, https:\/\/i0.wp.com\/genevieveetbernardauxameriques.fr\/wp-content\/uploads\/2016\/03\/20160312_170437-e1580999530239.jpg?resize=300%2C153&amp;ssl=1 300w, https:\/\/i0.wp.com\/genevieveetbernardauxameriques.fr\/wp-content\/uploads\/2016\/03\/20160312_170437-e1580999530239.jpg?resize=768%2C392&amp;ssl=1 768w\" sizes=\"(max-width: 640px) 100vw, 640px\" data-recalc-dims=\"1\" \/><img loading=\"lazy\" decoding=\"async\" data-attachment-id=\"4640\" data-permalink=\"https:\/\/genevieveetbernardauxameriques.fr\/index.php\/2016\/03\/29\/de-rio-do-sud-a-rio-de-janeiro\/65519868_p\/\" data-orig-file=\"https:\/\/i0.wp.com\/genevieveetbernardauxameriques.fr\/wp-content\/uploads\/2016\/03\/65519868_p.jpg?fit=219%2C300&amp;ssl=1\" data-orig-size=\"219,300\" data-comments-opened=\"1\" data-image-meta=\"{&quot;aperture&quot;:&quot;0&quot;,&quot;credit&quot;:&quot;&quot;,&quot;camera&quot;:&quot;&quot;,&quot;caption&quot;:&quot;&quot;,&quot;created_timestamp&quot;:&quot;0&quot;,&quot;copyright&quot;:&quot;&quot;,&quot;focal_length&quot;:&quot;0&quot;,&quot;iso&quot;:&quot;0&quot;,&quot;shutter_speed&quot;:&quot;0&quot;,&quot;title&quot;:&quot;&quot;,&quot;orientation&quot;:&quot;0&quot;}\" data-image-title=\"65519868_p\" data-image-description=\"\" data-image-caption=\"\" data-medium-file=\"https:\/\/i0.wp.com\/genevieveetbernardauxameriques.fr\/wp-content\/uploads\/2016\/03\/65519868_p.jpg?fit=219%2C300&amp;ssl=1\" data-large-file=\"https:\/\/i0.wp.com\/genevieveetbernardauxameriques.fr\/wp-content\/uploads\/2016\/03\/65519868_p.jpg?fit=219%2C300&amp;ssl=1\" class=\"alignnone wp-image-4640\" src=\"https:\/\/i0.wp.com\/genevieveetbernardauxameriques.fr\/wp-content\/uploads\/2016\/03\/65519868_p.jpg?resize=249%2C341&#038;ssl=1\" alt=\"\" width=\"249\" height=\"341\" data-recalc-dims=\"1\" \/> <img loading=\"lazy\" decoding=\"async\" data-attachment-id=\"4639\" data-permalink=\"https:\/\/genevieveetbernardauxameriques.fr\/index.php\/2016\/03\/29\/de-rio-do-sud-a-rio-de-janeiro\/65519779_p\/\" data-orig-file=\"https:\/\/i0.wp.com\/genevieveetbernardauxameriques.fr\/wp-content\/uploads\/2016\/03\/65519779_p.jpg?fit=300%2C225&amp;ssl=1\" data-orig-size=\"300,225\" data-comments-opened=\"1\" data-image-meta=\"{&quot;aperture&quot;:&quot;0&quot;,&quot;credit&quot;:&quot;&quot;,&quot;camera&quot;:&quot;&quot;,&quot;caption&quot;:&quot;&quot;,&quot;created_timestamp&quot;:&quot;0&quot;,&quot;copyright&quot;:&quot;&quot;,&quot;focal_length&quot;:&quot;0&quot;,&quot;iso&quot;:&quot;0&quot;,&quot;shutter_speed&quot;:&quot;0&quot;,&quot;title&quot;:&quot;&quot;,&quot;orientation&quot;:&quot;0&quot;}\" data-image-title=\"65519779_p\" data-image-description=\"\" data-image-caption=\"\" data-medium-file=\"https:\/\/i0.wp.com\/genevieveetbernardauxameriques.fr\/wp-content\/uploads\/2016\/03\/65519779_p.jpg?fit=300%2C225&amp;ssl=1\" data-large-file=\"https:\/\/i0.wp.com\/genevieveetbernardauxameriques.fr\/wp-content\/uploads\/2016\/03\/65519779_p.jpg?fit=300%2C225&amp;ssl=1\" class=\"alignnone wp-image-4639\" src=\"https:\/\/i0.wp.com\/genevieveetbernardauxameriques.fr\/wp-content\/uploads\/2016\/03\/65519779_p.jpg?resize=336%2C252&#038;ssl=1\" alt=\"\" width=\"336\" height=\"252\" data-recalc-dims=\"1\" \/><img loading=\"lazy\" decoding=\"async\" data-attachment-id=\"4642\" data-permalink=\"https:\/\/genevieveetbernardauxameriques.fr\/index.php\/2016\/03\/29\/de-rio-do-sud-a-rio-de-janeiro\/20160312_170712-2\/\" data-orig-file=\"https:\/\/i0.wp.com\/genevieveetbernardauxameriques.fr\/wp-content\/uploads\/2016\/03\/20160312_170712-1-e1580999686490.jpg?fit=800%2C444&amp;ssl=1\" data-orig-size=\"800,444\" data-comments-opened=\"1\" data-image-meta=\"{&quot;aperture&quot;:&quot;1.9&quot;,&quot;credit&quot;:&quot;&quot;,&quot;camera&quot;:&quot;SM-T810&quot;,&quot;caption&quot;:&quot;&quot;,&quot;created_timestamp&quot;:&quot;1457802432&quot;,&quot;copyright&quot;:&quot;&quot;,&quot;focal_length&quot;:&quot;2.9&quot;,&quot;iso&quot;:&quot;40&quot;,&quot;shutter_speed&quot;:&quot;0.0044444444444444&quot;,&quot;title&quot;:&quot;&quot;,&quot;orientation&quot;:&quot;1&quot;}\" data-image-title=\"20160312_170712\" data-image-description=\"\" data-image-caption=\"\" data-medium-file=\"https:\/\/i0.wp.com\/genevieveetbernardauxameriques.fr\/wp-content\/uploads\/2016\/03\/20160312_170712-1-e1580999686490.jpg?fit=300%2C167&amp;ssl=1\" data-large-file=\"https:\/\/i0.wp.com\/genevieveetbernardauxameriques.fr\/wp-content\/uploads\/2016\/03\/20160312_170712-1-e1580999686490.jpg?fit=640%2C355&amp;ssl=1\" class=\"alignnone size-full wp-image-4642\" src=\"https:\/\/i0.wp.com\/genevieveetbernardauxameriques.fr\/wp-content\/uploads\/2016\/03\/20160312_170712-1-e1580999686490.jpg?resize=640%2C355&#038;ssl=1\" alt=\"\" width=\"640\" height=\"355\" srcset=\"https:\/\/i0.wp.com\/genevieveetbernardauxameriques.fr\/wp-content\/uploads\/2016\/03\/20160312_170712-1-e1580999686490.jpg?w=800&amp;ssl=1 800w, https:\/\/i0.wp.com\/genevieveetbernardauxameriques.fr\/wp-content\/uploads\/2016\/03\/20160312_170712-1-e1580999686490.jpg?resize=300%2C167&amp;ssl=1 300w, https:\/\/i0.wp.com\/genevieveetbernardauxameriques.fr\/wp-content\/uploads\/2016\/03\/20160312_170712-1-e1580999686490.jpg?resize=768%2C426&amp;ssl=1 768w\" sizes=\"(max-width: 640px) 100vw, 640px\" data-recalc-dims=\"1\" \/><\/p>\n<p>Grandes avenues, avec de grands parcs :<\/p>\n<p>&nbsp;<\/p>\n<p><img loading=\"lazy\" decoding=\"async\" data-attachment-id=\"4176\" data-permalink=\"https:\/\/genevieveetbernardauxameriques.fr\/index.php\/2016\/03\/29\/de-rio-do-sud-a-rio-de-janeiro\/p1010898-jpg\/\" data-orig-file=\"https:\/\/i0.wp.com\/genevieveetbernardauxameriques.fr\/wp-content\/uploads\/2016\/03\/P1010898-e1580999931335.jpg?fit=869%2C583&amp;ssl=1\" data-orig-size=\"869,583\" data-comments-opened=\"1\" data-image-meta=\"{&quot;aperture&quot;:&quot;0&quot;,&quot;credit&quot;:&quot;&quot;,&quot;camera&quot;:&quot;&quot;,&quot;caption&quot;:&quot;&quot;,&quot;created_timestamp&quot;:&quot;0&quot;,&quot;copyright&quot;:&quot;&quot;,&quot;focal_length&quot;:&quot;0&quot;,&quot;iso&quot;:&quot;0&quot;,&quot;shutter_speed&quot;:&quot;0&quot;,&quot;title&quot;:&quot;&quot;,&quot;orientation&quot;:&quot;0&quot;}\" data-image-title=\"P1010898.jpg\" data-image-description=\"\" data-image-caption=\"\" data-medium-file=\"https:\/\/i0.wp.com\/genevieveetbernardauxameriques.fr\/wp-content\/uploads\/2016\/03\/P1010898-e1580999931335.jpg?fit=300%2C201&amp;ssl=1\" data-large-file=\"https:\/\/i0.wp.com\/genevieveetbernardauxameriques.fr\/wp-content\/uploads\/2016\/03\/P1010898-e1580999931335.jpg?fit=640%2C480&amp;ssl=1\" class=\"alignnone size-large wp-image-4176\" src=\"https:\/\/i0.wp.com\/genevieveetbernardauxameriques.fr\/wp-content\/uploads\/2016\/03\/P1010898.jpg?resize=640%2C480&#038;ssl=1\" alt=\"\" width=\"640\" height=\"480\" data-recalc-dims=\"1\" \/><\/p>\n<p><img loading=\"lazy\" decoding=\"async\" data-attachment-id=\"4178\" data-permalink=\"https:\/\/genevieveetbernardauxameriques.fr\/index.php\/2016\/03\/29\/de-rio-do-sud-a-rio-de-janeiro\/20160312_163858-jpg\/\" data-orig-file=\"https:\/\/i0.wp.com\/genevieveetbernardauxameriques.fr\/wp-content\/uploads\/2016\/03\/20160312_163858.jpg?fit=800%2C600&amp;ssl=1\" data-orig-size=\"800,600\" data-comments-opened=\"1\" data-image-meta=\"{&quot;aperture&quot;:&quot;1.9&quot;,&quot;credit&quot;:&quot;&quot;,&quot;camera&quot;:&quot;SM-T810&quot;,&quot;caption&quot;:&quot;&quot;,&quot;created_timestamp&quot;:&quot;1457800738&quot;,&quot;copyright&quot;:&quot;&quot;,&quot;focal_length&quot;:&quot;2.9&quot;,&quot;iso&quot;:&quot;40&quot;,&quot;shutter_speed&quot;:&quot;0.0022935779816514&quot;,&quot;title&quot;:&quot;&quot;,&quot;orientation&quot;:&quot;1&quot;}\" data-image-title=\"20160312_163858.jpg\" data-image-description=\"\" data-image-caption=\"\" data-medium-file=\"https:\/\/i0.wp.com\/genevieveetbernardauxameriques.fr\/wp-content\/uploads\/2016\/03\/20160312_163858.jpg?fit=300%2C225&amp;ssl=1\" data-large-file=\"https:\/\/i0.wp.com\/genevieveetbernardauxameriques.fr\/wp-content\/uploads\/2016\/03\/20160312_163858.jpg?fit=640%2C480&amp;ssl=1\" class=\"alignnone size-full wp-image-4178\" src=\"https:\/\/i0.wp.com\/genevieveetbernardauxameriques.fr\/wp-content\/uploads\/2016\/03\/20160312_163858.jpg?resize=640%2C480&#038;ssl=1\" alt=\"\" width=\"640\" height=\"480\" srcset=\"https:\/\/i0.wp.com\/genevieveetbernardauxameriques.fr\/wp-content\/uploads\/2016\/03\/20160312_163858.jpg?w=800&amp;ssl=1 800w, https:\/\/i0.wp.com\/genevieveetbernardauxameriques.fr\/wp-content\/uploads\/2016\/03\/20160312_163858.jpg?resize=300%2C225&amp;ssl=1 300w, https:\/\/i0.wp.com\/genevieveetbernardauxameriques.fr\/wp-content\/uploads\/2016\/03\/20160312_163858.jpg?resize=768%2C576&amp;ssl=1 768w\" sizes=\"(max-width: 640px) 100vw, 640px\" data-recalc-dims=\"1\" \/> <img loading=\"lazy\" decoding=\"async\" data-attachment-id=\"4174\" data-permalink=\"https:\/\/genevieveetbernardauxameriques.fr\/index.php\/2016\/03\/29\/de-rio-do-sud-a-rio-de-janeiro\/p1010897-jpg\/\" data-orig-file=\"https:\/\/i0.wp.com\/genevieveetbernardauxameriques.fr\/wp-content\/uploads\/2016\/03\/P1010897.jpg?fit=1024%2C768&amp;ssl=1\" data-orig-size=\"1024,768\" data-comments-opened=\"1\" data-image-meta=\"{&quot;aperture&quot;:&quot;0&quot;,&quot;credit&quot;:&quot;&quot;,&quot;camera&quot;:&quot;&quot;,&quot;caption&quot;:&quot;&quot;,&quot;created_timestamp&quot;:&quot;0&quot;,&quot;copyright&quot;:&quot;&quot;,&quot;focal_length&quot;:&quot;0&quot;,&quot;iso&quot;:&quot;0&quot;,&quot;shutter_speed&quot;:&quot;0&quot;,&quot;title&quot;:&quot;&quot;,&quot;orientation&quot;:&quot;0&quot;}\" data-image-title=\"P1010897.jpg\" data-image-description=\"\" data-image-caption=\"\" data-medium-file=\"https:\/\/i0.wp.com\/genevieveetbernardauxameriques.fr\/wp-content\/uploads\/2016\/03\/P1010897.jpg?fit=300%2C225&amp;ssl=1\" data-large-file=\"https:\/\/i0.wp.com\/genevieveetbernardauxameriques.fr\/wp-content\/uploads\/2016\/03\/P1010897.jpg?fit=640%2C480&amp;ssl=1\" class=\"alignnone size-large wp-image-4174\" src=\"https:\/\/i0.wp.com\/genevieveetbernardauxameriques.fr\/wp-content\/uploads\/2016\/03\/P1010897.jpg?resize=640%2C480&#038;ssl=1\" alt=\"\" width=\"640\" height=\"480\" srcset=\"https:\/\/i0.wp.com\/genevieveetbernardauxameriques.fr\/wp-content\/uploads\/2016\/03\/P1010897.jpg?w=1024&amp;ssl=1 1024w, https:\/\/i0.wp.com\/genevieveetbernardauxameriques.fr\/wp-content\/uploads\/2016\/03\/P1010897.jpg?resize=300%2C225&amp;ssl=1 300w, https:\/\/i0.wp.com\/genevieveetbernardauxameriques.fr\/wp-content\/uploads\/2016\/03\/P1010897.jpg?resize=768%2C576&amp;ssl=1 768w\" sizes=\"(max-width: 640px) 100vw, 640px\" data-recalc-dims=\"1\" \/> <img loading=\"lazy\" decoding=\"async\" data-attachment-id=\"4172\" data-permalink=\"https:\/\/genevieveetbernardauxameriques.fr\/index.php\/2016\/03\/29\/de-rio-do-sud-a-rio-de-janeiro\/20160312_162732-jpg\/\" data-orig-file=\"https:\/\/i0.wp.com\/genevieveetbernardauxameriques.fr\/wp-content\/uploads\/2016\/03\/20160312_162732-e1580999764255.jpg?fit=800%2C550&amp;ssl=1\" data-orig-size=\"800,550\" data-comments-opened=\"1\" data-image-meta=\"{&quot;aperture&quot;:&quot;1.9&quot;,&quot;credit&quot;:&quot;&quot;,&quot;camera&quot;:&quot;SM-T810&quot;,&quot;caption&quot;:&quot;&quot;,&quot;created_timestamp&quot;:&quot;1457800051&quot;,&quot;copyright&quot;:&quot;&quot;,&quot;focal_length&quot;:&quot;2.9&quot;,&quot;iso&quot;:&quot;40&quot;,&quot;shutter_speed&quot;:&quot;0.0010526315789474&quot;,&quot;title&quot;:&quot;&quot;,&quot;orientation&quot;:&quot;1&quot;}\" data-image-title=\"20160312_162732.jpg\" data-image-description=\"\" data-image-caption=\"\" data-medium-file=\"https:\/\/i0.wp.com\/genevieveetbernardauxameriques.fr\/wp-content\/uploads\/2016\/03\/20160312_162732-e1580999764255.jpg?fit=300%2C206&amp;ssl=1\" data-large-file=\"https:\/\/i0.wp.com\/genevieveetbernardauxameriques.fr\/wp-content\/uploads\/2016\/03\/20160312_162732-e1580999764255.jpg?fit=640%2C440&amp;ssl=1\" class=\"alignnone size-full wp-image-4172\" src=\"https:\/\/i0.wp.com\/genevieveetbernardauxameriques.fr\/wp-content\/uploads\/2016\/03\/20160312_162732.jpg?resize=640%2C480&#038;ssl=1\" alt=\"\" width=\"640\" height=\"480\" data-recalc-dims=\"1\" \/> <img loading=\"lazy\" decoding=\"async\" data-attachment-id=\"4170\" data-permalink=\"https:\/\/genevieveetbernardauxameriques.fr\/index.php\/2016\/03\/29\/de-rio-do-sud-a-rio-de-janeiro\/20160312_162721-jpg\/\" data-orig-file=\"https:\/\/i0.wp.com\/genevieveetbernardauxameriques.fr\/wp-content\/uploads\/2016\/03\/20160312_162721.jpg?fit=800%2C600&amp;ssl=1\" data-orig-size=\"800,600\" data-comments-opened=\"1\" data-image-meta=\"{&quot;aperture&quot;:&quot;1.9&quot;,&quot;credit&quot;:&quot;&quot;,&quot;camera&quot;:&quot;SM-T810&quot;,&quot;caption&quot;:&quot;&quot;,&quot;created_timestamp&quot;:&quot;1457800041&quot;,&quot;copyright&quot;:&quot;&quot;,&quot;focal_length&quot;:&quot;2.9&quot;,&quot;iso&quot;:&quot;40&quot;,&quot;shutter_speed&quot;:&quot;0.0016949152542373&quot;,&quot;title&quot;:&quot;&quot;,&quot;orientation&quot;:&quot;1&quot;}\" data-image-title=\"20160312_162721.jpg\" data-image-description=\"\" data-image-caption=\"\" data-medium-file=\"https:\/\/i0.wp.com\/genevieveetbernardauxameriques.fr\/wp-content\/uploads\/2016\/03\/20160312_162721.jpg?fit=300%2C225&amp;ssl=1\" data-large-file=\"https:\/\/i0.wp.com\/genevieveetbernardauxameriques.fr\/wp-content\/uploads\/2016\/03\/20160312_162721.jpg?fit=640%2C480&amp;ssl=1\" class=\"alignnone size-full wp-image-4170\" src=\"https:\/\/i0.wp.com\/genevieveetbernardauxameriques.fr\/wp-content\/uploads\/2016\/03\/20160312_162721.jpg?resize=640%2C480&#038;ssl=1\" alt=\"\" width=\"640\" height=\"480\" srcset=\"https:\/\/i0.wp.com\/genevieveetbernardauxameriques.fr\/wp-content\/uploads\/2016\/03\/20160312_162721.jpg?w=800&amp;ssl=1 800w, https:\/\/i0.wp.com\/genevieveetbernardauxameriques.fr\/wp-content\/uploads\/2016\/03\/20160312_162721.jpg?resize=300%2C225&amp;ssl=1 300w, https:\/\/i0.wp.com\/genevieveetbernardauxameriques.fr\/wp-content\/uploads\/2016\/03\/20160312_162721.jpg?resize=768%2C576&amp;ssl=1 768w\" sizes=\"(max-width: 640px) 100vw, 640px\" data-recalc-dims=\"1\" \/> <img loading=\"lazy\" decoding=\"async\" data-attachment-id=\"4168\" data-permalink=\"https:\/\/genevieveetbernardauxameriques.fr\/index.php\/2016\/03\/29\/de-rio-do-sud-a-rio-de-janeiro\/20160312_164438-jpg\/\" data-orig-file=\"https:\/\/i0.wp.com\/genevieveetbernardauxameriques.fr\/wp-content\/uploads\/2016\/03\/20160312_164438.jpg?fit=800%2C600&amp;ssl=1\" data-orig-size=\"800,600\" data-comments-opened=\"1\" data-image-meta=\"{&quot;aperture&quot;:&quot;1.9&quot;,&quot;credit&quot;:&quot;&quot;,&quot;camera&quot;:&quot;SM-T810&quot;,&quot;caption&quot;:&quot;&quot;,&quot;created_timestamp&quot;:&quot;1457801077&quot;,&quot;copyright&quot;:&quot;&quot;,&quot;focal_length&quot;:&quot;2.9&quot;,&quot;iso&quot;:&quot;40&quot;,&quot;shutter_speed&quot;:&quot;0.0033670033670034&quot;,&quot;title&quot;:&quot;&quot;,&quot;orientation&quot;:&quot;1&quot;}\" data-image-title=\"20160312_164438.jpg\" data-image-description=\"\" data-image-caption=\"\" data-medium-file=\"https:\/\/i0.wp.com\/genevieveetbernardauxameriques.fr\/wp-content\/uploads\/2016\/03\/20160312_164438.jpg?fit=300%2C225&amp;ssl=1\" data-large-file=\"https:\/\/i0.wp.com\/genevieveetbernardauxameriques.fr\/wp-content\/uploads\/2016\/03\/20160312_164438.jpg?fit=640%2C480&amp;ssl=1\" class=\"alignnone size-full wp-image-4168\" src=\"https:\/\/i0.wp.com\/genevieveetbernardauxameriques.fr\/wp-content\/uploads\/2016\/03\/20160312_164438.jpg?resize=640%2C480&#038;ssl=1\" alt=\"\" width=\"640\" height=\"480\" srcset=\"https:\/\/i0.wp.com\/genevieveetbernardauxameriques.fr\/wp-content\/uploads\/2016\/03\/20160312_164438.jpg?w=800&amp;ssl=1 800w, https:\/\/i0.wp.com\/genevieveetbernardauxameriques.fr\/wp-content\/uploads\/2016\/03\/20160312_164438.jpg?resize=300%2C225&amp;ssl=1 300w, https:\/\/i0.wp.com\/genevieveetbernardauxameriques.fr\/wp-content\/uploads\/2016\/03\/20160312_164438.jpg?resize=768%2C576&amp;ssl=1 768w\" sizes=\"(max-width: 640px) 100vw, 640px\" data-recalc-dims=\"1\" \/> <img loading=\"lazy\" decoding=\"async\" data-attachment-id=\"4166\" data-permalink=\"https:\/\/genevieveetbernardauxameriques.fr\/index.php\/2016\/03\/29\/de-rio-do-sud-a-rio-de-janeiro\/20160312_163138-jpg\/\" data-orig-file=\"https:\/\/i0.wp.com\/genevieveetbernardauxameriques.fr\/wp-content\/uploads\/2016\/03\/20160312_163138.jpg?fit=800%2C600&amp;ssl=1\" data-orig-size=\"800,600\" data-comments-opened=\"1\" data-image-meta=\"{&quot;aperture&quot;:&quot;1.9&quot;,&quot;credit&quot;:&quot;&quot;,&quot;camera&quot;:&quot;SM-T810&quot;,&quot;caption&quot;:&quot;&quot;,&quot;created_timestamp&quot;:&quot;1457800298&quot;,&quot;copyright&quot;:&quot;&quot;,&quot;focal_length&quot;:&quot;2.9&quot;,&quot;iso&quot;:&quot;40&quot;,&quot;shutter_speed&quot;:&quot;0.0021691973969631&quot;,&quot;title&quot;:&quot;&quot;,&quot;orientation&quot;:&quot;1&quot;}\" data-image-title=\"20160312_163138.jpg\" data-image-description=\"\" data-image-caption=\"\" data-medium-file=\"https:\/\/i0.wp.com\/genevieveetbernardauxameriques.fr\/wp-content\/uploads\/2016\/03\/20160312_163138.jpg?fit=300%2C225&amp;ssl=1\" data-large-file=\"https:\/\/i0.wp.com\/genevieveetbernardauxameriques.fr\/wp-content\/uploads\/2016\/03\/20160312_163138.jpg?fit=640%2C480&amp;ssl=1\" class=\"alignnone size-full wp-image-4166\" src=\"https:\/\/i0.wp.com\/genevieveetbernardauxameriques.fr\/wp-content\/uploads\/2016\/03\/20160312_163138.jpg?resize=640%2C480&#038;ssl=1\" alt=\"\" width=\"640\" height=\"480\" srcset=\"https:\/\/i0.wp.com\/genevieveetbernardauxameriques.fr\/wp-content\/uploads\/2016\/03\/20160312_163138.jpg?w=800&amp;ssl=1 800w, https:\/\/i0.wp.com\/genevieveetbernardauxameriques.fr\/wp-content\/uploads\/2016\/03\/20160312_163138.jpg?resize=300%2C225&amp;ssl=1 300w, https:\/\/i0.wp.com\/genevieveetbernardauxameriques.fr\/wp-content\/uploads\/2016\/03\/20160312_163138.jpg?resize=768%2C576&amp;ssl=1 768w\" sizes=\"(max-width: 640px) 100vw, 640px\" data-recalc-dims=\"1\" \/><\/p>\n<p align=\"justify\">CURITIBA suscita beaucoup d\u2019int\u00e9r\u00eat de la part des urbanistes du monde entier et demeure aujourd\u2019hui la mieux organis\u00e9e des villes du Br\u00e9sil. Elle offre aujourd\u2019hui encore une qualit\u00e9 de vie in\u00e9gal\u00e9e au pays.<\/p>\n<p align=\"justify\">Mus\u00e9e NIEMEYER<\/p>\n<p align=\"justify\"><img loading=\"lazy\" decoding=\"async\" data-attachment-id=\"4637\" data-permalink=\"https:\/\/genevieveetbernardauxameriques.fr\/index.php\/2016\/03\/29\/de-rio-do-sud-a-rio-de-janeiro\/270521_papel-de-parede-museu-oscar-niemeyer-curitiba_1920x1200\/\" data-orig-file=\"https:\/\/i0.wp.com\/genevieveetbernardauxameriques.fr\/wp-content\/uploads\/2016\/03\/270521_Papel-de-Parede-Museu-Oscar-Niemeyer-Curitiba_1920x1200.jpg?fit=1920%2C1200&amp;ssl=1\" data-orig-size=\"1920,1200\" data-comments-opened=\"1\" data-image-meta=\"{&quot;aperture&quot;:&quot;0&quot;,&quot;credit&quot;:&quot;&quot;,&quot;camera&quot;:&quot;&quot;,&quot;caption&quot;:&quot;&quot;,&quot;created_timestamp&quot;:&quot;0&quot;,&quot;copyright&quot;:&quot;&quot;,&quot;focal_length&quot;:&quot;0&quot;,&quot;iso&quot;:&quot;0&quot;,&quot;shutter_speed&quot;:&quot;0&quot;,&quot;title&quot;:&quot;&quot;,&quot;orientation&quot;:&quot;0&quot;}\" data-image-title=\"270521_Papel-de-Parede-Museu-Oscar-Niemeyer-Curitiba_1920x1200\" data-image-description=\"\" data-image-caption=\"\" data-medium-file=\"https:\/\/i0.wp.com\/genevieveetbernardauxameriques.fr\/wp-content\/uploads\/2016\/03\/270521_Papel-de-Parede-Museu-Oscar-Niemeyer-Curitiba_1920x1200.jpg?fit=300%2C188&amp;ssl=1\" data-large-file=\"https:\/\/i0.wp.com\/genevieveetbernardauxameriques.fr\/wp-content\/uploads\/2016\/03\/270521_Papel-de-Parede-Museu-Oscar-Niemeyer-Curitiba_1920x1200.jpg?fit=640%2C400&amp;ssl=1\" class=\"alignnone size-large wp-image-4637\" src=\"https:\/\/i0.wp.com\/genevieveetbernardauxameriques.fr\/wp-content\/uploads\/2016\/03\/270521_Papel-de-Parede-Museu-Oscar-Niemeyer-Curitiba_1920x1200.jpg?resize=640%2C400&#038;ssl=1\" alt=\"\" width=\"640\" height=\"400\" srcset=\"https:\/\/i0.wp.com\/genevieveetbernardauxameriques.fr\/wp-content\/uploads\/2016\/03\/270521_Papel-de-Parede-Museu-Oscar-Niemeyer-Curitiba_1920x1200.jpg?resize=1024%2C640&amp;ssl=1 1024w, https:\/\/i0.wp.com\/genevieveetbernardauxameriques.fr\/wp-content\/uploads\/2016\/03\/270521_Papel-de-Parede-Museu-Oscar-Niemeyer-Curitiba_1920x1200.jpg?resize=300%2C188&amp;ssl=1 300w, https:\/\/i0.wp.com\/genevieveetbernardauxameriques.fr\/wp-content\/uploads\/2016\/03\/270521_Papel-de-Parede-Museu-Oscar-Niemeyer-Curitiba_1920x1200.jpg?resize=768%2C480&amp;ssl=1 768w, https:\/\/i0.wp.com\/genevieveetbernardauxameriques.fr\/wp-content\/uploads\/2016\/03\/270521_Papel-de-Parede-Museu-Oscar-Niemeyer-Curitiba_1920x1200.jpg?w=1920&amp;ssl=1 1920w, https:\/\/i0.wp.com\/genevieveetbernardauxameriques.fr\/wp-content\/uploads\/2016\/03\/270521_Papel-de-Parede-Museu-Oscar-Niemeyer-Curitiba_1920x1200.jpg?w=1280&amp;ssl=1 1280w\" sizes=\"(max-width: 640px) 100vw, 640px\" data-recalc-dims=\"1\" \/><\/p>\n<p align=\"justify\">Con\u00e7u par ce c\u00e9l\u00e8bre architecte br\u00e9silien qui a \u00e9galement dessin\u00e9 la ville de BRASILIA\u00a0et qui, en France, a construit la maison de la culture \u00ab\u00a0le Volcan\u00a0\u00bb au HAVRE ainsi que le si\u00e8ge et l&rsquo;ancien si\u00e8ge du parti communiste fran\u00e7ais.<\/p>\n<p align=\"justify\">Nous reprendrons la route pour coucher le soir sur le parking d\u2019une station essence, beaucoup de bruit.<\/p>\n<p align=\"justify\">Mais avant nous avons assist\u00e9, en direct, \u00e0 un cambriolage :<\/p>\n<p align=\"justify\">Suite \u00e0 un accident, nous avons \u00e9t\u00e9 arr\u00eat\u00e9s sur l\u2019autoroute pendant une heure. Lorsque tout \u00e0 coup, ont surgi devant nous des jeunes : ils sont all\u00e9s directement au camion, juste \u00e0 c\u00f4t\u00e9 de nous, fracturer la porte arri\u00e8re du semi-remorque. En quelques secondes, ils ont d\u00e9rob\u00e9 une dizaine de cartons. Nous n&rsquo;\u00e9tions entour\u00e9s que de camions, personne n\u2019a eu le temps de bouger, mais quelqu\u2019un a d\u00fb t\u00e9l\u00e9phoner aux gendarmes car 10 mn apr\u00e8s, sont arriv\u00e9s 2 policiers, mitraillettes aux poings qui sont all\u00e9s dans les fourr\u00e9s mais nous pensons sans r\u00e9sultat car ils sont repartis peu de temps apr\u00e8s.<\/p>\n<p align=\"justify\">Depuis nous sommes un peu plus vigilants.<\/p>\n<p align=\"justify\">Voil\u00e0 la cause de l\u2019embouteillage, un camion avait perdu une partie de son chargement<\/p>\n<p align=\"justify\"><img loading=\"lazy\" decoding=\"async\" data-attachment-id=\"42250\" data-permalink=\"https:\/\/genevieveetbernardauxameriques.fr\/index.php\/2016\/03\/29\/de-rio-do-sud-a-rio-de-janeiro\/20160313_110721\/\" data-orig-file=\"https:\/\/i0.wp.com\/genevieveetbernardauxameriques.fr\/wp-content\/uploads\/2016\/03\/20160313_110721-e1581000800272.jpg?fit=3264%2C1632&amp;ssl=1\" data-orig-size=\"3264,1632\" data-comments-opened=\"1\" data-image-meta=\"{&quot;aperture&quot;:&quot;1.9&quot;,&quot;credit&quot;:&quot;&quot;,&quot;camera&quot;:&quot;SM-T810&quot;,&quot;caption&quot;:&quot;&quot;,&quot;created_timestamp&quot;:&quot;1457867241&quot;,&quot;copyright&quot;:&quot;&quot;,&quot;focal_length&quot;:&quot;2.9&quot;,&quot;iso&quot;:&quot;40&quot;,&quot;shutter_speed&quot;:&quot;0.0014084507042254&quot;,&quot;title&quot;:&quot;&quot;,&quot;orientation&quot;:&quot;1&quot;}\" data-image-title=\"20160313_110721\" data-image-description=\"\" data-image-caption=\"\" data-medium-file=\"https:\/\/i0.wp.com\/genevieveetbernardauxameriques.fr\/wp-content\/uploads\/2016\/03\/20160313_110721-e1581000800272.jpg?fit=300%2C150&amp;ssl=1\" data-large-file=\"https:\/\/i0.wp.com\/genevieveetbernardauxameriques.fr\/wp-content\/uploads\/2016\/03\/20160313_110721-e1581000800272.jpg?fit=640%2C320&amp;ssl=1\" class=\"alignnone size-large wp-image-42250\" src=\"https:\/\/i0.wp.com\/genevieveetbernardauxameriques.fr\/wp-content\/uploads\/2016\/03\/20160313_110721-e1581000800272-1024x512.jpg?resize=640%2C320&#038;ssl=1\" alt=\"\" width=\"640\" height=\"320\" srcset=\"https:\/\/i0.wp.com\/genevieveetbernardauxameriques.fr\/wp-content\/uploads\/2016\/03\/20160313_110721-e1581000800272.jpg?resize=1024%2C512&amp;ssl=1 1024w, https:\/\/i0.wp.com\/genevieveetbernardauxameriques.fr\/wp-content\/uploads\/2016\/03\/20160313_110721-e1581000800272.jpg?resize=300%2C150&amp;ssl=1 300w, https:\/\/i0.wp.com\/genevieveetbernardauxameriques.fr\/wp-content\/uploads\/2016\/03\/20160313_110721-e1581000800272.jpg?resize=768%2C384&amp;ssl=1 768w, https:\/\/i0.wp.com\/genevieveetbernardauxameriques.fr\/wp-content\/uploads\/2016\/03\/20160313_110721-e1581000800272.jpg?w=1280&amp;ssl=1 1280w, https:\/\/i0.wp.com\/genevieveetbernardauxameriques.fr\/wp-content\/uploads\/2016\/03\/20160313_110721-e1581000800272.jpg?w=1920&amp;ssl=1 1920w\" sizes=\"(max-width: 640px) 100vw, 640px\" data-recalc-dims=\"1\" \/><\/p>\n<p><strong>Dimanche 13 mars<\/strong><\/p>\n<p align=\"justify\">Apr\u00e8s le holdup du si\u00e8cle, nous quitterons l\u2019autoroute pour rejoindre la ville d\u2019ELDORADO et 45 kms plus loin, visiter la <strong>grotte du diable<\/strong><\/p>\n<p align=\"justify\">Un petit mot sur les autoroutes br\u00e9siliens : voies \u00e0 2 fois 2 voies (minimum).\u00a0Il y a des retournements signal\u00e9s, il faut se mettre sur la voie de gauche et l\u00e0 on fait carr\u00e9ment demi-tour. Il y a des entr\u00e9es ou sorties r\u00e9guli\u00e8rement, m\u00eame pour une seule maison. Les v\u00e9los, les pi\u00e9tons, les carrioles \u00e0 cheval sont autoris\u00e9s et n\u2019oublions pas\u00a0 : il y a des passages clout\u00e9s en pleine campagne, et de temps en temps en haut d\u2019une c\u00f4te ou d\u2019un virage dangereux, un dos d\u2019\u00e2ne.<\/p>\n<p align=\"justify\">Je reprends donc, nous traversons ELDORADO, pour nous arr\u00eater 45 kms plus loin \u00e0 la \u201cgrotte du diable\u201d, apr\u00e8s avoir travers\u00e9s des plantations de bananes :<\/p>\n<p align=\"justify\"><img loading=\"lazy\" decoding=\"async\" class=\"alignnone size-large wp-image-42252\" src=\"https:\/\/i0.wp.com\/genevieveetbernardauxameriques.fr\/wp-content\/uploads\/2016\/03\/20160313_164333-1024x768.jpg?resize=640%2C480&#038;ssl=1\" alt=\"\" width=\"640\" height=\"480\" data-recalc-dims=\"1\" \/><\/p>\n<p><img loading=\"lazy\" decoding=\"async\" class=\"alignnone size-large wp-image-42253\" src=\"https:\/\/i0.wp.com\/genevieveetbernardauxameriques.fr\/wp-content\/uploads\/2016\/03\/20160313_140651-1024x768.jpg?resize=640%2C480&#038;ssl=1\" alt=\"\" width=\"640\" height=\"480\" data-recalc-dims=\"1\" \/> <img loading=\"lazy\" decoding=\"async\" class=\"alignnone size-large wp-image-42254\" src=\"https:\/\/i0.wp.com\/genevieveetbernardauxameriques.fr\/wp-content\/uploads\/2016\/03\/20160313_163129-1024x768.jpg?resize=640%2C480&#038;ssl=1\" alt=\"\" width=\"640\" height=\"480\" data-recalc-dims=\"1\" \/> <img loading=\"lazy\" decoding=\"async\" class=\"alignnone size-large wp-image-42255\" src=\"https:\/\/i0.wp.com\/genevieveetbernardauxameriques.fr\/wp-content\/uploads\/2016\/03\/20160313_164549_001-1024x768.jpg?resize=640%2C480&#038;ssl=1\" alt=\"\" width=\"640\" height=\"480\" data-recalc-dims=\"1\" \/><\/p>\n<p align=\"justify\">Nous ferons la visite accompagn\u00e9e d\u2019un guide, obligatoire (on pourrait se perdre dans la grotte) pour 5 euros \u00e0 nous 2. La grotte du Diable est vraiment extraordinaire, tr\u00e8s belle, dans la jungle (1ere photo l\u2019entr\u00e9e).<\/p>\n<p align=\"justify\"><img loading=\"lazy\" decoding=\"async\" data-attachment-id=\"42384\" data-permalink=\"https:\/\/genevieveetbernardauxameriques.fr\/index.php\/2016\/03\/29\/de-rio-do-sud-a-rio-de-janeiro\/20160313_150519\/\" data-orig-file=\"https:\/\/i0.wp.com\/genevieveetbernardauxameriques.fr\/wp-content\/uploads\/2016\/03\/20160313_150519.jpg?fit=540%2C720&amp;ssl=1\" data-orig-size=\"540,720\" data-comments-opened=\"1\" data-image-meta=\"{&quot;aperture&quot;:&quot;1.9&quot;,&quot;credit&quot;:&quot;&quot;,&quot;camera&quot;:&quot;SM-T810&quot;,&quot;caption&quot;:&quot;&quot;,&quot;created_timestamp&quot;:&quot;1457881519&quot;,&quot;copyright&quot;:&quot;&quot;,&quot;focal_length&quot;:&quot;2.9&quot;,&quot;iso&quot;:&quot;50&quot;,&quot;shutter_speed&quot;:&quot;0.03030303030303&quot;,&quot;title&quot;:&quot;&quot;,&quot;orientation&quot;:&quot;1&quot;}\" data-image-title=\"20160313_150519\" data-image-description=\"\" data-image-caption=\"\" data-medium-file=\"https:\/\/i0.wp.com\/genevieveetbernardauxameriques.fr\/wp-content\/uploads\/2016\/03\/20160313_150519.jpg?fit=225%2C300&amp;ssl=1\" data-large-file=\"https:\/\/i0.wp.com\/genevieveetbernardauxameriques.fr\/wp-content\/uploads\/2016\/03\/20160313_150519.jpg?fit=540%2C720&amp;ssl=1\" class=\"alignnone size-full wp-image-42384\" src=\"https:\/\/i0.wp.com\/genevieveetbernardauxameriques.fr\/wp-content\/uploads\/2016\/03\/20160313_150519.jpg?resize=540%2C720&#038;ssl=1\" alt=\"\" width=\"540\" height=\"720\" srcset=\"https:\/\/i0.wp.com\/genevieveetbernardauxameriques.fr\/wp-content\/uploads\/2016\/03\/20160313_150519.jpg?w=540&amp;ssl=1 540w, https:\/\/i0.wp.com\/genevieveetbernardauxameriques.fr\/wp-content\/uploads\/2016\/03\/20160313_150519.jpg?resize=225%2C300&amp;ssl=1 225w\" sizes=\"(max-width: 540px) 100vw, 540px\" data-recalc-dims=\"1\" \/> <img loading=\"lazy\" decoding=\"async\" data-attachment-id=\"42387\" data-permalink=\"https:\/\/genevieveetbernardauxameriques.fr\/index.php\/2016\/03\/29\/de-rio-do-sud-a-rio-de-janeiro\/20160313_160253\/\" data-orig-file=\"https:\/\/i0.wp.com\/genevieveetbernardauxameriques.fr\/wp-content\/uploads\/2016\/03\/20160313_160253.jpg?fit=540%2C720&amp;ssl=1\" data-orig-size=\"540,720\" data-comments-opened=\"1\" data-image-meta=\"{&quot;aperture&quot;:&quot;1.9&quot;,&quot;credit&quot;:&quot;&quot;,&quot;camera&quot;:&quot;SM-T810&quot;,&quot;caption&quot;:&quot;&quot;,&quot;created_timestamp&quot;:&quot;1457884973&quot;,&quot;copyright&quot;:&quot;&quot;,&quot;focal_length&quot;:&quot;2.9&quot;,&quot;iso&quot;:&quot;400&quot;,&quot;shutter_speed&quot;:&quot;0.058823529411765&quot;,&quot;title&quot;:&quot;&quot;,&quot;orientation&quot;:&quot;1&quot;}\" data-image-title=\"20160313_160253\" data-image-description=\"\" data-image-caption=\"\" data-medium-file=\"https:\/\/i0.wp.com\/genevieveetbernardauxameriques.fr\/wp-content\/uploads\/2016\/03\/20160313_160253.jpg?fit=225%2C300&amp;ssl=1\" data-large-file=\"https:\/\/i0.wp.com\/genevieveetbernardauxameriques.fr\/wp-content\/uploads\/2016\/03\/20160313_160253.jpg?fit=540%2C720&amp;ssl=1\" class=\"alignnone size-full wp-image-42387\" src=\"https:\/\/i0.wp.com\/genevieveetbernardauxameriques.fr\/wp-content\/uploads\/2016\/03\/20160313_160253.jpg?resize=540%2C720&#038;ssl=1\" alt=\"\" width=\"540\" height=\"720\" srcset=\"https:\/\/i0.wp.com\/genevieveetbernardauxameriques.fr\/wp-content\/uploads\/2016\/03\/20160313_160253.jpg?w=540&amp;ssl=1 540w, https:\/\/i0.wp.com\/genevieveetbernardauxameriques.fr\/wp-content\/uploads\/2016\/03\/20160313_160253.jpg?resize=225%2C300&amp;ssl=1 225w\" sizes=\"(max-width: 540px) 100vw, 540px\" data-recalc-dims=\"1\" \/> <img loading=\"lazy\" decoding=\"async\" data-attachment-id=\"42385\" data-permalink=\"https:\/\/genevieveetbernardauxameriques.fr\/index.php\/2016\/03\/29\/de-rio-do-sud-a-rio-de-janeiro\/20160313_155156\/\" data-orig-file=\"https:\/\/i0.wp.com\/genevieveetbernardauxameriques.fr\/wp-content\/uploads\/2016\/03\/20160313_155156.jpg?fit=720%2C540&amp;ssl=1\" data-orig-size=\"720,540\" data-comments-opened=\"1\" data-image-meta=\"{&quot;aperture&quot;:&quot;1.9&quot;,&quot;credit&quot;:&quot;&quot;,&quot;camera&quot;:&quot;SM-T810&quot;,&quot;caption&quot;:&quot;&quot;,&quot;created_timestamp&quot;:&quot;1457884316&quot;,&quot;copyright&quot;:&quot;&quot;,&quot;focal_length&quot;:&quot;2.9&quot;,&quot;iso&quot;:&quot;500&quot;,&quot;shutter_speed&quot;:&quot;0.058823529411765&quot;,&quot;title&quot;:&quot;&quot;,&quot;orientation&quot;:&quot;1&quot;}\" data-image-title=\"20160313_155156\" data-image-description=\"\" data-image-caption=\"\" data-medium-file=\"https:\/\/i0.wp.com\/genevieveetbernardauxameriques.fr\/wp-content\/uploads\/2016\/03\/20160313_155156.jpg?fit=300%2C225&amp;ssl=1\" data-large-file=\"https:\/\/i0.wp.com\/genevieveetbernardauxameriques.fr\/wp-content\/uploads\/2016\/03\/20160313_155156.jpg?fit=640%2C480&amp;ssl=1\" class=\"alignnone size-full wp-image-42385\" src=\"https:\/\/i0.wp.com\/genevieveetbernardauxameriques.fr\/wp-content\/uploads\/2016\/03\/20160313_155156.jpg?resize=640%2C480&#038;ssl=1\" alt=\"\" width=\"640\" height=\"480\" srcset=\"https:\/\/i0.wp.com\/genevieveetbernardauxameriques.fr\/wp-content\/uploads\/2016\/03\/20160313_155156.jpg?w=720&amp;ssl=1 720w, https:\/\/i0.wp.com\/genevieveetbernardauxameriques.fr\/wp-content\/uploads\/2016\/03\/20160313_155156.jpg?resize=300%2C225&amp;ssl=1 300w\" sizes=\"(max-width: 640px) 100vw, 640px\" data-recalc-dims=\"1\" \/><\/p>\n<p align=\"justify\">(diapo)<\/p>\n<div class=\"tiled-gallery type-square tiled-gallery-unresized\" data-original-width=\"640\" data-carousel-extra='{&quot;blog_id&quot;:1,&quot;permalink&quot;:&quot;https:\\\/\\\/genevieveetbernardauxameriques.fr\\\/index.php\\\/2016\\\/03\\\/29\\\/de-rio-do-sud-a-rio-de-janeiro\\\/&quot;,&quot;likes_blog_id&quot;:107627276}' itemscope itemtype=\"http:\/\/schema.org\/ImageGallery\" > <div class=\"gallery-row\" style=\"width: 640px; height: 640px;\" data-original-width=\"640\" data-original-height=\"640\" > <div class=\"gallery-group\" style=\"width: 640px; height: 640px;\" data-original-width=\"640\" data-original-height=\"640\" > <div class=\"tiled-gallery-item \" itemprop=\"associatedMedia\" itemscope itemtype=\"http:\/\/schema.org\/ImageObject\"> <a href=\"https:\/\/genevieveetbernardauxameriques.fr\/20160313_154308-jpg\/\" border=\"0\" itemprop=\"url\"> <meta itemprop=\"width\" content=\"636\"> <meta itemprop=\"height\" content=\"636\"> <img decoding=\"async\" class=\"\" data-attachment-id=\"5720\" data-orig-file=\"https:\/\/genevieveetbernardauxameriques.fr\/wp-content\/uploads\/2016\/04\/20160313_154308.jpg\" data-orig-size=\"576,768\" data-comments-opened=\"1\" data-image-meta=\"{&quot;aperture&quot;:&quot;0&quot;,&quot;credit&quot;:&quot;&quot;,&quot;camera&quot;:&quot;&quot;,&quot;caption&quot;:&quot;&quot;,&quot;created_timestamp&quot;:&quot;0&quot;,&quot;copyright&quot;:&quot;&quot;,&quot;focal_length&quot;:&quot;0&quot;,&quot;iso&quot;:&quot;0&quot;,&quot;shutter_speed&quot;:&quot;0&quot;,&quot;title&quot;:&quot;&quot;,&quot;orientation&quot;:&quot;0&quot;}\" data-image-title=\"20160313_154308.jpg\" data-image-description=\"\" data-medium-file=\"https:\/\/i0.wp.com\/genevieveetbernardauxameriques.fr\/wp-content\/uploads\/2016\/04\/20160313_154308.jpg?fit=225%2C300&#038;ssl=1\" data-large-file=\"https:\/\/i0.wp.com\/genevieveetbernardauxameriques.fr\/wp-content\/uploads\/2016\/04\/20160313_154308.jpg?fit=576%2C768&#038;ssl=1\" src=\"https:\/\/i0.wp.com\/genevieveetbernardauxameriques.fr\/wp-content\/uploads\/2016\/04\/20160313_154308.jpg?w=636&#038;h=636&#038;crop=1&#038;ssl=1\" width=\"636\" height=\"636\" loading=\"lazy\" data-original-width=\"636\" data-original-height=\"636\" itemprop=\"http:\/\/schema.org\/image\" title=\"20160313_154308.jpg\" alt=\"20160313_154308.jpg\" style=\"width: 636px; height: 636px;\" \/> <\/a> <\/div> <\/div> <\/div> <div class=\"gallery-row\" style=\"width: 640px; height: 320px;\" data-original-width=\"640\" data-original-height=\"320\" > <div class=\"gallery-group\" style=\"width: 320px; height: 320px;\" data-original-width=\"320\" data-original-height=\"320\" > <div class=\"tiled-gallery-item \" itemprop=\"associatedMedia\" itemscope itemtype=\"http:\/\/schema.org\/ImageObject\"> <a href=\"https:\/\/genevieveetbernardauxameriques.fr\/20160313_152848_002-jpg\/\" border=\"0\" itemprop=\"url\"> <meta itemprop=\"width\" content=\"316\"> <meta itemprop=\"height\" content=\"316\"> <img decoding=\"async\" class=\"\" data-attachment-id=\"5718\" data-orig-file=\"https:\/\/genevieveetbernardauxameriques.fr\/wp-content\/uploads\/2016\/04\/20160313_152848_002.jpg\" data-orig-size=\"1024,768\" data-comments-opened=\"1\" data-image-meta=\"{&quot;aperture&quot;:&quot;0&quot;,&quot;credit&quot;:&quot;&quot;,&quot;camera&quot;:&quot;&quot;,&quot;caption&quot;:&quot;&quot;,&quot;created_timestamp&quot;:&quot;0&quot;,&quot;copyright&quot;:&quot;&quot;,&quot;focal_length&quot;:&quot;0&quot;,&quot;iso&quot;:&quot;0&quot;,&quot;shutter_speed&quot;:&quot;0&quot;,&quot;title&quot;:&quot;&quot;,&quot;orientation&quot;:&quot;0&quot;}\" data-image-title=\"20160313_152848_002.jpg\" data-image-description=\"\" data-medium-file=\"https:\/\/i0.wp.com\/genevieveetbernardauxameriques.fr\/wp-content\/uploads\/2016\/04\/20160313_152848_002.jpg?fit=300%2C225&#038;ssl=1\" data-large-file=\"https:\/\/i0.wp.com\/genevieveetbernardauxameriques.fr\/wp-content\/uploads\/2016\/04\/20160313_152848_002.jpg?fit=640%2C480&#038;ssl=1\" src=\"https:\/\/i0.wp.com\/genevieveetbernardauxameriques.fr\/wp-content\/uploads\/2016\/04\/20160313_152848_002.jpg?w=316&#038;h=316&#038;crop=1&#038;ssl=1\" srcset=\"https:\/\/i0.wp.com\/genevieveetbernardauxameriques.fr\/wp-content\/uploads\/2016\/04\/20160313_152848_002.jpg?resize=150%2C150&amp;ssl=1 150w, https:\/\/i0.wp.com\/genevieveetbernardauxameriques.fr\/wp-content\/uploads\/2016\/04\/20160313_152848_002.jpg?zoom=2&amp;resize=316%2C316&amp;ssl=1 632w, https:\/\/i0.wp.com\/genevieveetbernardauxameriques.fr\/wp-content\/uploads\/2016\/04\/20160313_152848_002.jpg?zoom=3&amp;resize=316%2C316&amp;ssl=1 948w\" width=\"316\" height=\"316\" loading=\"lazy\" data-original-width=\"316\" data-original-height=\"316\" itemprop=\"http:\/\/schema.org\/image\" title=\"20160313_152848_002.jpg\" alt=\"20160313_152848_002.jpg\" style=\"width: 316px; height: 316px;\" \/> <\/a> <\/div> <\/div> <div class=\"gallery-group\" style=\"width: 320px; height: 320px;\" data-original-width=\"320\" data-original-height=\"320\" > <div class=\"tiled-gallery-item \" itemprop=\"associatedMedia\" itemscope itemtype=\"http:\/\/schema.org\/ImageObject\"> <a href=\"https:\/\/genevieveetbernardauxameriques.fr\/20160313_151410-jpg\/\" border=\"0\" itemprop=\"url\"> <meta itemprop=\"width\" content=\"316\"> <meta itemprop=\"height\" content=\"316\"> <img decoding=\"async\" class=\"\" data-attachment-id=\"5716\" data-orig-file=\"https:\/\/genevieveetbernardauxameriques.fr\/wp-content\/uploads\/2016\/04\/20160313_151410.jpg\" data-orig-size=\"1024,768\" data-comments-opened=\"1\" data-image-meta=\"{&quot;aperture&quot;:&quot;0&quot;,&quot;credit&quot;:&quot;&quot;,&quot;camera&quot;:&quot;&quot;,&quot;caption&quot;:&quot;&quot;,&quot;created_timestamp&quot;:&quot;0&quot;,&quot;copyright&quot;:&quot;&quot;,&quot;focal_length&quot;:&quot;0&quot;,&quot;iso&quot;:&quot;0&quot;,&quot;shutter_speed&quot;:&quot;0&quot;,&quot;title&quot;:&quot;&quot;,&quot;orientation&quot;:&quot;0&quot;}\" data-image-title=\"20160313_151410.jpg\" data-image-description=\"\" data-medium-file=\"https:\/\/i0.wp.com\/genevieveetbernardauxameriques.fr\/wp-content\/uploads\/2016\/04\/20160313_151410.jpg?fit=300%2C225&#038;ssl=1\" data-large-file=\"https:\/\/i0.wp.com\/genevieveetbernardauxameriques.fr\/wp-content\/uploads\/2016\/04\/20160313_151410.jpg?fit=640%2C480&#038;ssl=1\" src=\"https:\/\/i0.wp.com\/genevieveetbernardauxameriques.fr\/wp-content\/uploads\/2016\/04\/20160313_151410.jpg?w=316&#038;h=316&#038;crop=1&#038;ssl=1\" srcset=\"https:\/\/i0.wp.com\/genevieveetbernardauxameriques.fr\/wp-content\/uploads\/2016\/04\/20160313_151410.jpg?resize=150%2C150&amp;ssl=1 150w, https:\/\/i0.wp.com\/genevieveetbernardauxameriques.fr\/wp-content\/uploads\/2016\/04\/20160313_151410.jpg?zoom=2&amp;resize=316%2C316&amp;ssl=1 632w, https:\/\/i0.wp.com\/genevieveetbernardauxameriques.fr\/wp-content\/uploads\/2016\/04\/20160313_151410.jpg?zoom=3&amp;resize=316%2C316&amp;ssl=1 948w\" width=\"316\" height=\"316\" loading=\"lazy\" data-original-width=\"316\" data-original-height=\"316\" itemprop=\"http:\/\/schema.org\/image\" title=\"20160313_151410.jpg\" alt=\"20160313_151410.jpg\" style=\"width: 316px; height: 316px;\" \/> <\/a> <\/div> <\/div> <\/div> <div class=\"gallery-row\" style=\"width: 640px; height: 320px;\" data-original-width=\"640\" data-original-height=\"320\" > <div class=\"gallery-group\" style=\"width: 320px; height: 320px;\" data-original-width=\"320\" data-original-height=\"320\" > <div class=\"tiled-gallery-item \" itemprop=\"associatedMedia\" itemscope itemtype=\"http:\/\/schema.org\/ImageObject\"> <a href=\"https:\/\/genevieveetbernardauxameriques.fr\/20160313_151248-jpg\/\" border=\"0\" itemprop=\"url\"> <meta itemprop=\"width\" content=\"316\"> <meta itemprop=\"height\" content=\"316\"> <img decoding=\"async\" class=\"\" data-attachment-id=\"5714\" data-orig-file=\"https:\/\/genevieveetbernardauxameriques.fr\/wp-content\/uploads\/2016\/04\/20160313_151248.jpg\" data-orig-size=\"1024,768\" data-comments-opened=\"1\" data-image-meta=\"{&quot;aperture&quot;:&quot;0&quot;,&quot;credit&quot;:&quot;&quot;,&quot;camera&quot;:&quot;&quot;,&quot;caption&quot;:&quot;&quot;,&quot;created_timestamp&quot;:&quot;0&quot;,&quot;copyright&quot;:&quot;&quot;,&quot;focal_length&quot;:&quot;0&quot;,&quot;iso&quot;:&quot;0&quot;,&quot;shutter_speed&quot;:&quot;0&quot;,&quot;title&quot;:&quot;&quot;,&quot;orientation&quot;:&quot;0&quot;}\" data-image-title=\"20160313_151248.jpg\" data-image-description=\"\" data-medium-file=\"https:\/\/i0.wp.com\/genevieveetbernardauxameriques.fr\/wp-content\/uploads\/2016\/04\/20160313_151248.jpg?fit=300%2C225&#038;ssl=1\" data-large-file=\"https:\/\/i0.wp.com\/genevieveetbernardauxameriques.fr\/wp-content\/uploads\/2016\/04\/20160313_151248.jpg?fit=640%2C480&#038;ssl=1\" src=\"https:\/\/i0.wp.com\/genevieveetbernardauxameriques.fr\/wp-content\/uploads\/2016\/04\/20160313_151248.jpg?w=316&#038;h=316&#038;crop=1&#038;ssl=1\" srcset=\"https:\/\/i0.wp.com\/genevieveetbernardauxameriques.fr\/wp-content\/uploads\/2016\/04\/20160313_151248.jpg?resize=150%2C150&amp;ssl=1 150w, https:\/\/i0.wp.com\/genevieveetbernardauxameriques.fr\/wp-content\/uploads\/2016\/04\/20160313_151248.jpg?zoom=2&amp;resize=316%2C316&amp;ssl=1 632w, https:\/\/i0.wp.com\/genevieveetbernardauxameriques.fr\/wp-content\/uploads\/2016\/04\/20160313_151248.jpg?zoom=3&amp;resize=316%2C316&amp;ssl=1 948w\" width=\"316\" height=\"316\" loading=\"lazy\" data-original-width=\"316\" data-original-height=\"316\" itemprop=\"http:\/\/schema.org\/image\" title=\"20160313_151248.jpg\" alt=\"20160313_151248.jpg\" style=\"width: 316px; height: 316px;\" \/> <\/a> <\/div> <\/div> <div class=\"gallery-group\" style=\"width: 320px; height: 320px;\" data-original-width=\"320\" data-original-height=\"320\" > <div class=\"tiled-gallery-item \" itemprop=\"associatedMedia\" itemscope itemtype=\"http:\/\/schema.org\/ImageObject\"> <a href=\"https:\/\/genevieveetbernardauxameriques.fr\/20160313_151023-jpg\/\" border=\"0\" itemprop=\"url\"> <meta itemprop=\"width\" content=\"316\"> <meta itemprop=\"height\" content=\"316\"> <img decoding=\"async\" class=\"\" data-attachment-id=\"5712\" data-orig-file=\"https:\/\/genevieveetbernardauxameriques.fr\/wp-content\/uploads\/2016\/04\/20160313_151023.jpg\" data-orig-size=\"1024,768\" data-comments-opened=\"1\" data-image-meta=\"{&quot;aperture&quot;:&quot;0&quot;,&quot;credit&quot;:&quot;&quot;,&quot;camera&quot;:&quot;&quot;,&quot;caption&quot;:&quot;&quot;,&quot;created_timestamp&quot;:&quot;0&quot;,&quot;copyright&quot;:&quot;&quot;,&quot;focal_length&quot;:&quot;0&quot;,&quot;iso&quot;:&quot;0&quot;,&quot;shutter_speed&quot;:&quot;0&quot;,&quot;title&quot;:&quot;&quot;,&quot;orientation&quot;:&quot;0&quot;}\" data-image-title=\"20160313_151023.jpg\" data-image-description=\"\" data-medium-file=\"https:\/\/i0.wp.com\/genevieveetbernardauxameriques.fr\/wp-content\/uploads\/2016\/04\/20160313_151023.jpg?fit=300%2C225&#038;ssl=1\" data-large-file=\"https:\/\/i0.wp.com\/genevieveetbernardauxameriques.fr\/wp-content\/uploads\/2016\/04\/20160313_151023.jpg?fit=640%2C480&#038;ssl=1\" src=\"https:\/\/i0.wp.com\/genevieveetbernardauxameriques.fr\/wp-content\/uploads\/2016\/04\/20160313_151023.jpg?w=316&#038;h=316&#038;crop=1&#038;ssl=1\" srcset=\"https:\/\/i0.wp.com\/genevieveetbernardauxameriques.fr\/wp-content\/uploads\/2016\/04\/20160313_151023.jpg?resize=150%2C150&amp;ssl=1 150w, https:\/\/i0.wp.com\/genevieveetbernardauxameriques.fr\/wp-content\/uploads\/2016\/04\/20160313_151023.jpg?zoom=2&amp;resize=316%2C316&amp;ssl=1 632w, https:\/\/i0.wp.com\/genevieveetbernardauxameriques.fr\/wp-content\/uploads\/2016\/04\/20160313_151023.jpg?zoom=3&amp;resize=316%2C316&amp;ssl=1 948w\" width=\"316\" height=\"316\" loading=\"lazy\" data-original-width=\"316\" data-original-height=\"316\" itemprop=\"http:\/\/schema.org\/image\" title=\"20160313_151023.jpg\" alt=\"20160313_151023.jpg\" style=\"width: 316px; height: 316px;\" \/> <\/a> <\/div> <\/div> <\/div> <div class=\"gallery-row\" style=\"width: 640px; height: 320px;\" data-original-width=\"640\" data-original-height=\"320\" > <div class=\"gallery-group\" style=\"width: 320px; height: 320px;\" data-original-width=\"320\" data-original-height=\"320\" > <div class=\"tiled-gallery-item \" itemprop=\"associatedMedia\" itemscope itemtype=\"http:\/\/schema.org\/ImageObject\"> <a href=\"https:\/\/genevieveetbernardauxameriques.fr\/20160313_150655-jpg\/\" border=\"0\" itemprop=\"url\"> <meta itemprop=\"width\" content=\"316\"> <meta itemprop=\"height\" content=\"316\"> <img decoding=\"async\" class=\"\" data-attachment-id=\"5710\" data-orig-file=\"https:\/\/genevieveetbernardauxameriques.fr\/wp-content\/uploads\/2016\/04\/20160313_150655.jpg\" data-orig-size=\"1024,768\" data-comments-opened=\"1\" data-image-meta=\"{&quot;aperture&quot;:&quot;0&quot;,&quot;credit&quot;:&quot;&quot;,&quot;camera&quot;:&quot;&quot;,&quot;caption&quot;:&quot;&quot;,&quot;created_timestamp&quot;:&quot;0&quot;,&quot;copyright&quot;:&quot;&quot;,&quot;focal_length&quot;:&quot;0&quot;,&quot;iso&quot;:&quot;0&quot;,&quot;shutter_speed&quot;:&quot;0&quot;,&quot;title&quot;:&quot;&quot;,&quot;orientation&quot;:&quot;0&quot;}\" data-image-title=\"20160313_150655.jpg\" data-image-description=\"\" data-medium-file=\"https:\/\/i0.wp.com\/genevieveetbernardauxameriques.fr\/wp-content\/uploads\/2016\/04\/20160313_150655.jpg?fit=300%2C225&#038;ssl=1\" data-large-file=\"https:\/\/i0.wp.com\/genevieveetbernardauxameriques.fr\/wp-content\/uploads\/2016\/04\/20160313_150655.jpg?fit=640%2C480&#038;ssl=1\" src=\"https:\/\/i0.wp.com\/genevieveetbernardauxameriques.fr\/wp-content\/uploads\/2016\/04\/20160313_150655.jpg?w=316&#038;h=316&#038;crop=1&#038;ssl=1\" srcset=\"https:\/\/i0.wp.com\/genevieveetbernardauxameriques.fr\/wp-content\/uploads\/2016\/04\/20160313_150655.jpg?resize=150%2C150&amp;ssl=1 150w, https:\/\/i0.wp.com\/genevieveetbernardauxameriques.fr\/wp-content\/uploads\/2016\/04\/20160313_150655.jpg?zoom=2&amp;resize=316%2C316&amp;ssl=1 632w, https:\/\/i0.wp.com\/genevieveetbernardauxameriques.fr\/wp-content\/uploads\/2016\/04\/20160313_150655.jpg?zoom=3&amp;resize=316%2C316&amp;ssl=1 948w\" width=\"316\" height=\"316\" loading=\"lazy\" data-original-width=\"316\" data-original-height=\"316\" itemprop=\"http:\/\/schema.org\/image\" title=\"20160313_150655.jpg\" alt=\"20160313_150655.jpg\" style=\"width: 316px; height: 316px;\" \/> <\/a> <\/div> <\/div> <div class=\"gallery-group\" style=\"width: 320px; height: 320px;\" data-original-width=\"320\" data-original-height=\"320\" > <div class=\"tiled-gallery-item \" itemprop=\"associatedMedia\" itemscope itemtype=\"http:\/\/schema.org\/ImageObject\"> <a href=\"https:\/\/genevieveetbernardauxameriques.fr\/p1010938-jpg\/\" border=\"0\" itemprop=\"url\"> <meta itemprop=\"width\" content=\"316\"> <meta itemprop=\"height\" content=\"316\"> <img decoding=\"async\" class=\"\" data-attachment-id=\"5708\" data-orig-file=\"https:\/\/genevieveetbernardauxameriques.fr\/wp-content\/uploads\/2016\/04\/P1010938.jpg\" data-orig-size=\"1024,768\" data-comments-opened=\"1\" data-image-meta=\"{&quot;aperture&quot;:&quot;0&quot;,&quot;credit&quot;:&quot;&quot;,&quot;camera&quot;:&quot;&quot;,&quot;caption&quot;:&quot;&quot;,&quot;created_timestamp&quot;:&quot;0&quot;,&quot;copyright&quot;:&quot;&quot;,&quot;focal_length&quot;:&quot;0&quot;,&quot;iso&quot;:&quot;0&quot;,&quot;shutter_speed&quot;:&quot;0&quot;,&quot;title&quot;:&quot;&quot;,&quot;orientation&quot;:&quot;0&quot;}\" data-image-title=\"P1010938.jpg\" data-image-description=\"\" data-medium-file=\"https:\/\/i0.wp.com\/genevieveetbernardauxameriques.fr\/wp-content\/uploads\/2016\/04\/P1010938.jpg?fit=300%2C225&#038;ssl=1\" data-large-file=\"https:\/\/i0.wp.com\/genevieveetbernardauxameriques.fr\/wp-content\/uploads\/2016\/04\/P1010938.jpg?fit=640%2C480&#038;ssl=1\" src=\"https:\/\/i0.wp.com\/genevieveetbernardauxameriques.fr\/wp-content\/uploads\/2016\/04\/P1010938.jpg?w=316&#038;h=316&#038;crop=1&#038;ssl=1\" srcset=\"https:\/\/i0.wp.com\/genevieveetbernardauxameriques.fr\/wp-content\/uploads\/2016\/04\/P1010938.jpg?resize=150%2C150&amp;ssl=1 150w, https:\/\/i0.wp.com\/genevieveetbernardauxameriques.fr\/wp-content\/uploads\/2016\/04\/P1010938.jpg?zoom=2&amp;resize=316%2C316&amp;ssl=1 632w, https:\/\/i0.wp.com\/genevieveetbernardauxameriques.fr\/wp-content\/uploads\/2016\/04\/P1010938.jpg?zoom=3&amp;resize=316%2C316&amp;ssl=1 948w\" width=\"316\" height=\"316\" loading=\"lazy\" data-original-width=\"316\" data-original-height=\"316\" itemprop=\"http:\/\/schema.org\/image\" title=\"P1010938.jpg\" alt=\"P1010938.jpg\" style=\"width: 316px; height: 316px;\" \/> <\/a> <\/div> <\/div> <\/div> <div class=\"gallery-row\" style=\"width: 640px; height: 320px;\" data-original-width=\"640\" data-original-height=\"320\" > <div class=\"gallery-group\" style=\"width: 320px; height: 320px;\" data-original-width=\"320\" data-original-height=\"320\" > <div class=\"tiled-gallery-item \" itemprop=\"associatedMedia\" itemscope itemtype=\"http:\/\/schema.org\/ImageObject\"> <a href=\"https:\/\/genevieveetbernardauxameriques.fr\/p1010937-jpg\/\" border=\"0\" itemprop=\"url\"> <meta itemprop=\"width\" content=\"316\"> <meta itemprop=\"height\" content=\"316\"> <img decoding=\"async\" class=\"\" data-attachment-id=\"5706\" data-orig-file=\"https:\/\/genevieveetbernardauxameriques.fr\/wp-content\/uploads\/2016\/04\/P1010937.jpg\" data-orig-size=\"1024,768\" data-comments-opened=\"1\" data-image-meta=\"{&quot;aperture&quot;:&quot;0&quot;,&quot;credit&quot;:&quot;&quot;,&quot;camera&quot;:&quot;&quot;,&quot;caption&quot;:&quot;&quot;,&quot;created_timestamp&quot;:&quot;0&quot;,&quot;copyright&quot;:&quot;&quot;,&quot;focal_length&quot;:&quot;0&quot;,&quot;iso&quot;:&quot;0&quot;,&quot;shutter_speed&quot;:&quot;0&quot;,&quot;title&quot;:&quot;&quot;,&quot;orientation&quot;:&quot;0&quot;}\" data-image-title=\"P1010937.jpg\" data-image-description=\"\" data-medium-file=\"https:\/\/i0.wp.com\/genevieveetbernardauxameriques.fr\/wp-content\/uploads\/2016\/04\/P1010937.jpg?fit=300%2C225&#038;ssl=1\" data-large-file=\"https:\/\/i0.wp.com\/genevieveetbernardauxameriques.fr\/wp-content\/uploads\/2016\/04\/P1010937.jpg?fit=640%2C480&#038;ssl=1\" src=\"https:\/\/i0.wp.com\/genevieveetbernardauxameriques.fr\/wp-content\/uploads\/2016\/04\/P1010937.jpg?w=316&#038;h=316&#038;crop=1&#038;ssl=1\" srcset=\"https:\/\/i0.wp.com\/genevieveetbernardauxameriques.fr\/wp-content\/uploads\/2016\/04\/P1010937.jpg?resize=150%2C150&amp;ssl=1 150w, https:\/\/i0.wp.com\/genevieveetbernardauxameriques.fr\/wp-content\/uploads\/2016\/04\/P1010937.jpg?zoom=2&amp;resize=316%2C316&amp;ssl=1 632w, https:\/\/i0.wp.com\/genevieveetbernardauxameriques.fr\/wp-content\/uploads\/2016\/04\/P1010937.jpg?zoom=3&amp;resize=316%2C316&amp;ssl=1 948w\" width=\"316\" height=\"316\" loading=\"lazy\" data-original-width=\"316\" data-original-height=\"316\" itemprop=\"http:\/\/schema.org\/image\" title=\"P1010937.jpg\" alt=\"P1010937.jpg\" style=\"width: 316px; height: 316px;\" \/> <\/a> <\/div> <\/div> <div class=\"gallery-group\" style=\"width: 320px; height: 320px;\" data-original-width=\"320\" data-original-height=\"320\" > <div class=\"tiled-gallery-item \" itemprop=\"associatedMedia\" itemscope itemtype=\"http:\/\/schema.org\/ImageObject\"> <a href=\"https:\/\/genevieveetbernardauxameriques.fr\/p1010936-jpg\/\" border=\"0\" itemprop=\"url\"> <meta itemprop=\"width\" content=\"316\"> <meta itemprop=\"height\" content=\"316\"> <img decoding=\"async\" class=\"\" data-attachment-id=\"5704\" data-orig-file=\"https:\/\/genevieveetbernardauxameriques.fr\/wp-content\/uploads\/2016\/04\/P1010936.jpg\" data-orig-size=\"1024,768\" data-comments-opened=\"1\" data-image-meta=\"{&quot;aperture&quot;:&quot;0&quot;,&quot;credit&quot;:&quot;&quot;,&quot;camera&quot;:&quot;&quot;,&quot;caption&quot;:&quot;&quot;,&quot;created_timestamp&quot;:&quot;0&quot;,&quot;copyright&quot;:&quot;&quot;,&quot;focal_length&quot;:&quot;0&quot;,&quot;iso&quot;:&quot;0&quot;,&quot;shutter_speed&quot;:&quot;0&quot;,&quot;title&quot;:&quot;&quot;,&quot;orientation&quot;:&quot;0&quot;}\" data-image-title=\"P1010936.jpg\" data-image-description=\"\" data-medium-file=\"https:\/\/i0.wp.com\/genevieveetbernardauxameriques.fr\/wp-content\/uploads\/2016\/04\/P1010936.jpg?fit=300%2C225&#038;ssl=1\" data-large-file=\"https:\/\/i0.wp.com\/genevieveetbernardauxameriques.fr\/wp-content\/uploads\/2016\/04\/P1010936.jpg?fit=640%2C480&#038;ssl=1\" src=\"https:\/\/i0.wp.com\/genevieveetbernardauxameriques.fr\/wp-content\/uploads\/2016\/04\/P1010936.jpg?w=316&#038;h=316&#038;crop=1&#038;ssl=1\" srcset=\"https:\/\/i0.wp.com\/genevieveetbernardauxameriques.fr\/wp-content\/uploads\/2016\/04\/P1010936.jpg?resize=150%2C150&amp;ssl=1 150w, https:\/\/i0.wp.com\/genevieveetbernardauxameriques.fr\/wp-content\/uploads\/2016\/04\/P1010936.jpg?zoom=2&amp;resize=316%2C316&amp;ssl=1 632w, https:\/\/i0.wp.com\/genevieveetbernardauxameriques.fr\/wp-content\/uploads\/2016\/04\/P1010936.jpg?zoom=3&amp;resize=316%2C316&amp;ssl=1 948w\" width=\"316\" height=\"316\" loading=\"lazy\" data-original-width=\"316\" data-original-height=\"316\" itemprop=\"http:\/\/schema.org\/image\" title=\"P1010936.jpg\" alt=\"P1010936.jpg\" style=\"width: 316px; height: 316px;\" \/> <\/a> <\/div> <\/div> <\/div> <div class=\"gallery-row\" style=\"width: 640px; height: 320px;\" data-original-width=\"640\" data-original-height=\"320\" > <div class=\"gallery-group\" style=\"width: 320px; height: 320px;\" data-original-width=\"320\" data-original-height=\"320\" > <div class=\"tiled-gallery-item \" itemprop=\"associatedMedia\" itemscope itemtype=\"http:\/\/schema.org\/ImageObject\"> <a href=\"https:\/\/genevieveetbernardauxameriques.fr\/p1010931-jpg\/\" border=\"0\" itemprop=\"url\"> <meta itemprop=\"width\" content=\"316\"> <meta itemprop=\"height\" content=\"316\"> <img decoding=\"async\" class=\"\" data-attachment-id=\"5701\" data-orig-file=\"https:\/\/genevieveetbernardauxameriques.fr\/wp-content\/uploads\/2016\/04\/P1010931.jpg\" data-orig-size=\"576,768\" data-comments-opened=\"1\" data-image-meta=\"{&quot;aperture&quot;:&quot;0&quot;,&quot;credit&quot;:&quot;&quot;,&quot;camera&quot;:&quot;&quot;,&quot;caption&quot;:&quot;&quot;,&quot;created_timestamp&quot;:&quot;0&quot;,&quot;copyright&quot;:&quot;&quot;,&quot;focal_length&quot;:&quot;0&quot;,&quot;iso&quot;:&quot;0&quot;,&quot;shutter_speed&quot;:&quot;0&quot;,&quot;title&quot;:&quot;&quot;,&quot;orientation&quot;:&quot;0&quot;}\" data-image-title=\"P1010931.jpg\" data-image-description=\"\" data-medium-file=\"https:\/\/i0.wp.com\/genevieveetbernardauxameriques.fr\/wp-content\/uploads\/2016\/04\/P1010931.jpg?fit=225%2C300&#038;ssl=1\" data-large-file=\"https:\/\/i0.wp.com\/genevieveetbernardauxameriques.fr\/wp-content\/uploads\/2016\/04\/P1010931.jpg?fit=576%2C768&#038;ssl=1\" src=\"https:\/\/i0.wp.com\/genevieveetbernardauxameriques.fr\/wp-content\/uploads\/2016\/04\/P1010931.jpg?w=316&#038;h=316&#038;crop=1&#038;ssl=1\" width=\"316\" height=\"316\" loading=\"lazy\" data-original-width=\"316\" data-original-height=\"316\" itemprop=\"http:\/\/schema.org\/image\" title=\"P1010931.jpg\" alt=\"P1010931.jpg\" style=\"width: 316px; height: 316px;\" \/> <\/a> <\/div> <\/div> <div class=\"gallery-group\" style=\"width: 320px; height: 320px;\" data-original-width=\"320\" data-original-height=\"320\" > <div class=\"tiled-gallery-item \" itemprop=\"associatedMedia\" itemscope itemtype=\"http:\/\/schema.org\/ImageObject\"> <a href=\"https:\/\/genevieveetbernardauxameriques.fr\/p1010930-jpg\/\" border=\"0\" itemprop=\"url\"> <meta itemprop=\"width\" content=\"316\"> <meta itemprop=\"height\" content=\"316\"> <img decoding=\"async\" class=\"\" data-attachment-id=\"5699\" data-orig-file=\"https:\/\/genevieveetbernardauxameriques.fr\/wp-content\/uploads\/2016\/04\/P1010930.jpg\" data-orig-size=\"576,768\" data-comments-opened=\"1\" data-image-meta=\"{&quot;aperture&quot;:&quot;0&quot;,&quot;credit&quot;:&quot;&quot;,&quot;camera&quot;:&quot;&quot;,&quot;caption&quot;:&quot;&quot;,&quot;created_timestamp&quot;:&quot;0&quot;,&quot;copyright&quot;:&quot;&quot;,&quot;focal_length&quot;:&quot;0&quot;,&quot;iso&quot;:&quot;0&quot;,&quot;shutter_speed&quot;:&quot;0&quot;,&quot;title&quot;:&quot;&quot;,&quot;orientation&quot;:&quot;0&quot;}\" data-image-title=\"P1010930.jpg\" data-image-description=\"\" data-medium-file=\"https:\/\/i0.wp.com\/genevieveetbernardauxameriques.fr\/wp-content\/uploads\/2016\/04\/P1010930.jpg?fit=225%2C300&#038;ssl=1\" data-large-file=\"https:\/\/i0.wp.com\/genevieveetbernardauxameriques.fr\/wp-content\/uploads\/2016\/04\/P1010930.jpg?fit=576%2C768&#038;ssl=1\" src=\"https:\/\/i0.wp.com\/genevieveetbernardauxameriques.fr\/wp-content\/uploads\/2016\/04\/P1010930.jpg?w=316&#038;h=316&#038;crop=1&#038;ssl=1\" width=\"316\" height=\"316\" loading=\"lazy\" data-original-width=\"316\" data-original-height=\"316\" itemprop=\"http:\/\/schema.org\/image\" title=\"P1010930.jpg\" alt=\"P1010930.jpg\" style=\"width: 316px; height: 316px;\" \/> <\/a> <\/div> <\/div> <\/div> <\/div>\n<div id=\"scid:66721397-FF69-4ca6-AEC4-17E6B3208830:50e1b88c-366f-41b1-8310-7101936af0c6\" style=\"float: none; margin: 0px; display: inline; padding: 0px;\">\n<table style=\"border-style: none; margin: 0px; padding: 0px; outline: invert; width: 194px; height: 338px; border-collapse: collapse;\" border=\"0\" cellspacing=\"0\" cellpadding=\"0\">\n<tbody>\n<tr>\n<td style=\"width: 157px; vertical-align: bottom; outline-width: medium; outline-style: none; margin: 0px; outline-color: invert; border-style: none; padding: 5px 0px 5px 5px;\" colspan=\"2\"><\/td>\n<td style=\"width: 223px; vertical-align: middle; outline-width: medium; outline-style: none; margin: 0px; outline-color: invert; border-style: none; padding: 5px 5px 5px 0px;\" colspan=\"3\">\n<div style=\"margin-left: 10px; top: -3%;\">\n<div style=\"overflow: visible; width: 223px;\"><span class=\"wlEditField\" style=\"font-size: 26pt; font-family: 'Segoe UI', helvetica, arial, sans-serif; width: 223px; line-height: 1.26em; padding: 0px;\">La<\/span><span class=\"wlEditField\" style=\"font-size: 26pt; font-family: 'Segoe UI', helvetica, arial, sans-serif; width: 223px; line-height: 1.26em; padding: 0px;\"> grotte du diable<\/span><\/div>\n<div style=\"margin: 0px; padding: 10px 0px 0px 0px;\">\n<table style=\"width: auto; border-collapse: collapse; outline-width: medium; outline-style: none; margin: 0px; outline-color: invert; border-style: none; padding: 0px;\" border=\"0\" cellspacing=\"0\" cellpadding=\"0\">\n<tbody>\n<tr>\n<td style=\"vertical-align: top; outline-width: medium; outline-style: none; margin: 0px; outline-color: invert; border-style: none; padding: 10px 15px 6px 0px;\"><a style=\"font-size: 8pt; text-decoration: none; font-family: 'Segoe UI', helvetica, arial, sans-serif; outline-width: medium; outline-style: none; margin: 0px; outline-color: invert; border-style: none; padding: 0px;\" target=\"_blank\" rel=\"noopener noreferrer\">VOIR LE DIAPORAMA<\/a><\/td>\n<td style=\"vertical-align: top; outline-width: medium; outline-style: none; margin: 0px; outline-color: invert; border-style: none; padding: 10px 0px 6px 0px;\"><a style=\"font-size: 8pt; text-decoration: none; font-family: 'Segoe UI', helvetica, arial, sans-serif; outline-width: medium; outline-style: none; margin: 0px; outline-color: invert; border-style: none; padding: 0px;\" target=\"_blank\" rel=\"noopener noreferrer\">TOUT T\u00c9L\u00c9CHARGER<\/a><\/td>\n<\/tr>\n<\/tbody>\n<\/table>\n<\/div>\n<\/div>\n<\/td>\n<\/tr>\n<tr>\n<td style=\"height: 76px; width: 76px; vertical-align: bottom; outline-width: medium; outline-style: none; margin: 0px; outline-color: invert; border-style: none; padding: 0px 5px 5px 5px;\"><\/td>\n<td style=\"height: 76px; width: 76px; vertical-align: bottom; outline-width: medium; outline-style: none; margin: 0px; outline-color: invert; border-style: none; padding: 0px 5px 5px 0px;\"><\/td>\n<td style=\"height: 76px; width: 76px; vertical-align: bottom; outline-width: medium; outline-style: none; margin: 0px; outline-color: invert; border-style: none; padding: 0px 5px 5px 0px;\"><\/td>\n<td style=\"height: 76px; width: 76px; vertical-align: bottom; outline-width: medium; outline-style: none; margin: 0px; outline-color: invert; border-style: none; padding: 0px 5px 5px 0px;\"><\/td>\n<td style=\"height: 76px; width: 76px; vertical-align: bottom; outline-width: medium; outline-style: none; margin: 0px; outline-color: invert; border-style: none; padding: 0px 5px 5px 0px;\"><\/td>\n<\/tr>\n<tr>\n<td style=\"height: 76px; width: 76px; vertical-align: bottom; outline-width: medium; outline-style: none; margin: 0px; outline-color: invert; border-style: none; padding: 0px 5px 5px 5px;\"><\/td>\n<td style=\"height: 76px; width: 76px; vertical-align: bottom; outline-width: medium; outline-style: none; margin: 0px; outline-color: invert; border-style: none; padding: 0px 5px 5px 0px;\"><\/td>\n<td style=\"height: 76px; width: 76px; vertical-align: bottom; outline-width: medium; outline-style: none; margin: 0px; outline-color: invert; border-style: none; padding: 0px 5px 5px 0px;\"><\/td>\n<td style=\"height: 76px; width: 76px; vertical-align: bottom; outline-width: medium; outline-style: none; margin: 0px; outline-color: invert; border-style: none; padding: 0px 5px 5px 0px;\"><\/td>\n<td style=\"height: 76px; width: 76px; vertical-align: bottom; outline-width: medium; outline-style: none; margin: 0px; outline-color: invert; border-style: none; padding: 0px 5px 5px 0px;\"><\/td>\n<\/tr>\n<tr>\n<td style=\"height: 76px; width: 76px; vertical-align: bottom; outline-width: medium; outline-style: none; margin: 0px; outline-color: invert; border-style: none; padding: 0px 5px 5px 5px;\"><\/td>\n<td style=\"height: 76px; width: 76px; vertical-align: bottom; outline-width: medium; outline-style: none; margin: 0px; outline-color: invert; border-style: none; padding: 0px 5px 5px 0px;\"><\/td>\n<td style=\"height: 76px; width: 76px; vertical-align: bottom; outline-width: medium; outline-style: none; margin: 0px; outline-color: invert; border-style: none; padding: 0px 5px 5px 0px;\"><\/td>\n<td style=\"height: 76px; width: 76px; vertical-align: bottom; outline-width: medium; outline-style: none; margin: 0px; outline-color: invert; border-style: none; padding: 0px 5px 5px 0px;\"><\/td>\n<td style=\"height: 76px; width: 76px; vertical-align: bottom; outline-width: medium; outline-style: none; margin: 0px; outline-color: invert; border-style: none; padding: 0px 5px 5px 0px;\"><\/td>\n<\/tr>\n<\/tbody>\n<\/table>\n<\/div>\n<p>Le soir nous dormons \u00e0 ELDORADO sur le parking \u00e0 l\u2019entr\u00e9e du village, \u00e0 cot\u00e9 de l\u2019office du tourisme.<\/p>\n<p>Une rue du village<\/p>\n<p><img loading=\"lazy\" decoding=\"async\" data-attachment-id=\"42248\" data-permalink=\"https:\/\/genevieveetbernardauxameriques.fr\/index.php\/2016\/03\/29\/de-rio-do-sud-a-rio-de-janeiro\/20160313_171548\/\" data-orig-file=\"https:\/\/i0.wp.com\/genevieveetbernardauxameriques.fr\/wp-content\/uploads\/2016\/03\/20160313_171548-e1581000474841.jpg?fit=3264%2C2064&amp;ssl=1\" data-orig-size=\"3264,2064\" data-comments-opened=\"1\" data-image-meta=\"{&quot;aperture&quot;:&quot;1.9&quot;,&quot;credit&quot;:&quot;&quot;,&quot;camera&quot;:&quot;SM-T810&quot;,&quot;caption&quot;:&quot;&quot;,&quot;created_timestamp&quot;:&quot;1457889348&quot;,&quot;copyright&quot;:&quot;&quot;,&quot;focal_length&quot;:&quot;2.9&quot;,&quot;iso&quot;:&quot;40&quot;,&quot;shutter_speed&quot;:&quot;0.0032894736842105&quot;,&quot;title&quot;:&quot;&quot;,&quot;orientation&quot;:&quot;1&quot;}\" data-image-title=\"20160313_171548\" data-image-description=\"\" data-image-caption=\"\" data-medium-file=\"https:\/\/i0.wp.com\/genevieveetbernardauxameriques.fr\/wp-content\/uploads\/2016\/03\/20160313_171548-e1581000474841.jpg?fit=300%2C190&amp;ssl=1\" data-large-file=\"https:\/\/i0.wp.com\/genevieveetbernardauxameriques.fr\/wp-content\/uploads\/2016\/03\/20160313_171548-e1581000474841.jpg?fit=640%2C405&amp;ssl=1\" class=\"alignnone size-large wp-image-42248\" src=\"https:\/\/i0.wp.com\/genevieveetbernardauxameriques.fr\/wp-content\/uploads\/2016\/03\/20160313_171548-e1581000474841-1024x648.jpg?resize=640%2C405&#038;ssl=1\" alt=\"\" width=\"640\" height=\"405\" srcset=\"https:\/\/i0.wp.com\/genevieveetbernardauxameriques.fr\/wp-content\/uploads\/2016\/03\/20160313_171548-e1581000474841.jpg?resize=1024%2C648&amp;ssl=1 1024w, https:\/\/i0.wp.com\/genevieveetbernardauxameriques.fr\/wp-content\/uploads\/2016\/03\/20160313_171548-e1581000474841.jpg?resize=300%2C190&amp;ssl=1 300w, https:\/\/i0.wp.com\/genevieveetbernardauxameriques.fr\/wp-content\/uploads\/2016\/03\/20160313_171548-e1581000474841.jpg?resize=768%2C486&amp;ssl=1 768w, https:\/\/i0.wp.com\/genevieveetbernardauxameriques.fr\/wp-content\/uploads\/2016\/03\/20160313_171548-e1581000474841.jpg?w=1280&amp;ssl=1 1280w, https:\/\/i0.wp.com\/genevieveetbernardauxameriques.fr\/wp-content\/uploads\/2016\/03\/20160313_171548-e1581000474841.jpg?w=1920&amp;ssl=1 1920w\" sizes=\"(max-width: 640px) 100vw, 640px\" data-recalc-dims=\"1\" \/><\/p>\n<p>&nbsp;<\/p>\n<p><strong>Lundi 14 mars<\/strong><\/p>\n<p>Un \u00e9norme papillon accroch\u00e9 \u00e0 la roue, nous emp\u00eache de repartir le lendemain matin<img loading=\"lazy\" decoding=\"async\" data-attachment-id=\"4233\" data-permalink=\"https:\/\/genevieveetbernardauxameriques.fr\/index.php\/2016\/03\/29\/de-rio-do-sud-a-rio-de-janeiro\/20160314_100243_thumb_thumb-jpg\/\" data-orig-file=\"https:\/\/i0.wp.com\/genevieveetbernardauxameriques.fr\/wp-content\/uploads\/2016\/03\/20160314_100243_thumb_thumb.jpg?fit=184%2C244&amp;ssl=1\" data-orig-size=\"184,244\" data-comments-opened=\"1\" data-image-meta=\"{&quot;aperture&quot;:&quot;0&quot;,&quot;credit&quot;:&quot;&quot;,&quot;camera&quot;:&quot;&quot;,&quot;caption&quot;:&quot;&quot;,&quot;created_timestamp&quot;:&quot;0&quot;,&quot;copyright&quot;:&quot;&quot;,&quot;focal_length&quot;:&quot;0&quot;,&quot;iso&quot;:&quot;0&quot;,&quot;shutter_speed&quot;:&quot;0&quot;,&quot;title&quot;:&quot;&quot;,&quot;orientation&quot;:&quot;0&quot;}\" data-image-title=\"20160314_100243_thumb_thumb.jpg\" data-image-description=\"\" data-image-caption=\"\" data-medium-file=\"https:\/\/i0.wp.com\/genevieveetbernardauxameriques.fr\/wp-content\/uploads\/2016\/03\/20160314_100243_thumb_thumb.jpg?fit=184%2C244&amp;ssl=1\" data-large-file=\"https:\/\/i0.wp.com\/genevieveetbernardauxameriques.fr\/wp-content\/uploads\/2016\/03\/20160314_100243_thumb_thumb.jpg?fit=184%2C244&amp;ssl=1\" class=\"alignnone wp-image-4233\" src=\"https:\/\/i0.wp.com\/genevieveetbernardauxameriques.fr\/wp-content\/uploads\/2016\/03\/20160314_100243_thumb_thumb.jpg?resize=220%2C292&#038;ssl=1\" alt=\"\" width=\"220\" height=\"292\" data-recalc-dims=\"1\" \/> \u00a0 \u00a0 \u00a0 \u00a0 \u00a0 \u00a0 <img loading=\"lazy\" decoding=\"async\" data-attachment-id=\"4235\" data-permalink=\"https:\/\/genevieveetbernardauxameriques.fr\/index.php\/2016\/03\/29\/de-rio-do-sud-a-rio-de-janeiro\/20160314_100313_thumb_thumb-jpg\/\" data-orig-file=\"https:\/\/i0.wp.com\/genevieveetbernardauxameriques.fr\/wp-content\/uploads\/2016\/03\/20160314_100313_thumb_thumb.jpg?fit=184%2C244&amp;ssl=1\" data-orig-size=\"184,244\" data-comments-opened=\"1\" data-image-meta=\"{&quot;aperture&quot;:&quot;0&quot;,&quot;credit&quot;:&quot;&quot;,&quot;camera&quot;:&quot;&quot;,&quot;caption&quot;:&quot;&quot;,&quot;created_timestamp&quot;:&quot;0&quot;,&quot;copyright&quot;:&quot;&quot;,&quot;focal_length&quot;:&quot;0&quot;,&quot;iso&quot;:&quot;0&quot;,&quot;shutter_speed&quot;:&quot;0&quot;,&quot;title&quot;:&quot;&quot;,&quot;orientation&quot;:&quot;0&quot;}\" data-image-title=\"20160314_100313_thumb_thumb.jpg\" data-image-description=\"\" data-image-caption=\"\" data-medium-file=\"https:\/\/i0.wp.com\/genevieveetbernardauxameriques.fr\/wp-content\/uploads\/2016\/03\/20160314_100313_thumb_thumb.jpg?fit=184%2C244&amp;ssl=1\" data-large-file=\"https:\/\/i0.wp.com\/genevieveetbernardauxameriques.fr\/wp-content\/uploads\/2016\/03\/20160314_100313_thumb_thumb.jpg?fit=184%2C244&amp;ssl=1\" class=\"alignnone wp-image-4235\" src=\"https:\/\/i0.wp.com\/genevieveetbernardauxameriques.fr\/wp-content\/uploads\/2016\/03\/20160314_100313_thumb_thumb.jpg?resize=222%2C294&#038;ssl=1\" alt=\"\" width=\"222\" height=\"294\" data-recalc-dims=\"1\" \/><\/p>\n<p>&nbsp;<\/p>\n<p>Un petit arr\u00eat sur le bord de la route<\/p>\n<p><img loading=\"lazy\" decoding=\"async\" data-attachment-id=\"4236\" data-permalink=\"https:\/\/genevieveetbernardauxameriques.fr\/index.php\/2016\/03\/29\/de-rio-do-sud-a-rio-de-janeiro\/20160314_121716-jpg\/\" data-orig-file=\"https:\/\/i0.wp.com\/genevieveetbernardauxameriques.fr\/wp-content\/uploads\/2016\/03\/20160314_121716.jpg?fit=1024%2C768&amp;ssl=1\" data-orig-size=\"1024,768\" data-comments-opened=\"1\" data-image-meta=\"{&quot;aperture&quot;:&quot;0&quot;,&quot;credit&quot;:&quot;&quot;,&quot;camera&quot;:&quot;&quot;,&quot;caption&quot;:&quot;&quot;,&quot;created_timestamp&quot;:&quot;0&quot;,&quot;copyright&quot;:&quot;&quot;,&quot;focal_length&quot;:&quot;0&quot;,&quot;iso&quot;:&quot;0&quot;,&quot;shutter_speed&quot;:&quot;0&quot;,&quot;title&quot;:&quot;&quot;,&quot;orientation&quot;:&quot;0&quot;}\" data-image-title=\"20160314_121716.jpg\" data-image-description=\"\" data-image-caption=\"\" data-medium-file=\"https:\/\/i0.wp.com\/genevieveetbernardauxameriques.fr\/wp-content\/uploads\/2016\/03\/20160314_121716.jpg?fit=300%2C225&amp;ssl=1\" data-large-file=\"https:\/\/i0.wp.com\/genevieveetbernardauxameriques.fr\/wp-content\/uploads\/2016\/03\/20160314_121716.jpg?fit=640%2C480&amp;ssl=1\" class=\"alignnone size-full wp-image-4236\" src=\"https:\/\/i0.wp.com\/genevieveetbernardauxameriques.fr\/wp-content\/uploads\/2016\/03\/20160314_121716.jpg?resize=640%2C480&#038;ssl=1\" alt=\"\" width=\"640\" height=\"480\" srcset=\"https:\/\/i0.wp.com\/genevieveetbernardauxameriques.fr\/wp-content\/uploads\/2016\/03\/20160314_121716.jpg?w=1024&amp;ssl=1 1024w, https:\/\/i0.wp.com\/genevieveetbernardauxameriques.fr\/wp-content\/uploads\/2016\/03\/20160314_121716.jpg?resize=300%2C225&amp;ssl=1 300w, https:\/\/i0.wp.com\/genevieveetbernardauxameriques.fr\/wp-content\/uploads\/2016\/03\/20160314_121716.jpg?resize=768%2C576&amp;ssl=1 768w\" sizes=\"(max-width: 640px) 100vw, 640px\" data-recalc-dims=\"1\" \/><\/p>\n<p>Notre 5\u00e8me camion renvers\u00e9 depuis que nous sommes au Br\u00e9sil.<img loading=\"lazy\" decoding=\"async\" data-attachment-id=\"4238\" data-permalink=\"https:\/\/genevieveetbernardauxameriques.fr\/index.php\/2016\/03\/29\/de-rio-do-sud-a-rio-de-janeiro\/20160314_112745-jpg\/\" data-orig-file=\"https:\/\/i0.wp.com\/genevieveetbernardauxameriques.fr\/wp-content\/uploads\/2016\/03\/20160314_112745-e1581001307823.jpg?fit=998%2C517&amp;ssl=1\" data-orig-size=\"998,517\" data-comments-opened=\"1\" data-image-meta=\"{&quot;aperture&quot;:&quot;0&quot;,&quot;credit&quot;:&quot;&quot;,&quot;camera&quot;:&quot;&quot;,&quot;caption&quot;:&quot;&quot;,&quot;created_timestamp&quot;:&quot;0&quot;,&quot;copyright&quot;:&quot;&quot;,&quot;focal_length&quot;:&quot;0&quot;,&quot;iso&quot;:&quot;0&quot;,&quot;shutter_speed&quot;:&quot;0&quot;,&quot;title&quot;:&quot;&quot;,&quot;orientation&quot;:&quot;0&quot;}\" data-image-title=\"20160314_112745.jpg\" data-image-description=\"\" data-image-caption=\"\" data-medium-file=\"https:\/\/i0.wp.com\/genevieveetbernardauxameriques.fr\/wp-content\/uploads\/2016\/03\/20160314_112745-e1581001307823.jpg?fit=300%2C155&amp;ssl=1\" data-large-file=\"https:\/\/i0.wp.com\/genevieveetbernardauxameriques.fr\/wp-content\/uploads\/2016\/03\/20160314_112745-e1581001307823.jpg?fit=640%2C480&amp;ssl=1\" class=\"alignnone size-large wp-image-4238\" src=\"https:\/\/i0.wp.com\/genevieveetbernardauxameriques.fr\/wp-content\/uploads\/2016\/03\/20160314_112745.jpg?resize=640%2C480&#038;ssl=1\" alt=\"\" width=\"640\" height=\"480\" data-recalc-dims=\"1\" \/><\/p>\n<p>&nbsp;<\/p>\n<p align=\"justify\">Nous allons contourner SAO PAULO (plus grande m\u00e9tropole de l\u2019h\u00e9misph\u00e8re sud), par le sud, en longeant une c\u00f4te spectaculaire. Malheureusement on peut \u00e0 peine prendre des photos, la v\u00e9g\u00e9tation nous en emp\u00eache, et encore moins nous y arr\u00eater, l\u2019acc\u00e8s aux plages est priv\u00e9 soit par des h\u00f4tels, soit par des villages entiers qui sont ferm\u00e9s par des barri\u00e8res avec des gardes.<\/p>\n<p align=\"justify\"><img loading=\"lazy\" decoding=\"async\" data-attachment-id=\"4240\" data-permalink=\"https:\/\/genevieveetbernardauxameriques.fr\/index.php\/2016\/03\/29\/de-rio-do-sud-a-rio-de-janeiro\/20160315_092344-jpg\/\" data-orig-file=\"https:\/\/i0.wp.com\/genevieveetbernardauxameriques.fr\/wp-content\/uploads\/2016\/03\/20160315_092344.jpg?fit=1024%2C768&amp;ssl=1\" data-orig-size=\"1024,768\" data-comments-opened=\"1\" data-image-meta=\"{&quot;aperture&quot;:&quot;0&quot;,&quot;credit&quot;:&quot;&quot;,&quot;camera&quot;:&quot;&quot;,&quot;caption&quot;:&quot;&quot;,&quot;created_timestamp&quot;:&quot;0&quot;,&quot;copyright&quot;:&quot;&quot;,&quot;focal_length&quot;:&quot;0&quot;,&quot;iso&quot;:&quot;0&quot;,&quot;shutter_speed&quot;:&quot;0&quot;,&quot;title&quot;:&quot;&quot;,&quot;orientation&quot;:&quot;0&quot;}\" data-image-title=\"20160315_092344.jpg\" data-image-description=\"\" data-image-caption=\"\" data-medium-file=\"https:\/\/i0.wp.com\/genevieveetbernardauxameriques.fr\/wp-content\/uploads\/2016\/03\/20160315_092344.jpg?fit=300%2C225&amp;ssl=1\" data-large-file=\"https:\/\/i0.wp.com\/genevieveetbernardauxameriques.fr\/wp-content\/uploads\/2016\/03\/20160315_092344.jpg?fit=640%2C480&amp;ssl=1\" class=\"alignnone size-large wp-image-4240\" src=\"https:\/\/i0.wp.com\/genevieveetbernardauxameriques.fr\/wp-content\/uploads\/2016\/03\/20160315_092344.jpg?resize=640%2C480&#038;ssl=1\" alt=\"\" width=\"640\" height=\"480\" srcset=\"https:\/\/i0.wp.com\/genevieveetbernardauxameriques.fr\/wp-content\/uploads\/2016\/03\/20160315_092344.jpg?w=1024&amp;ssl=1 1024w, https:\/\/i0.wp.com\/genevieveetbernardauxameriques.fr\/wp-content\/uploads\/2016\/03\/20160315_092344.jpg?resize=300%2C225&amp;ssl=1 300w, https:\/\/i0.wp.com\/genevieveetbernardauxameriques.fr\/wp-content\/uploads\/2016\/03\/20160315_092344.jpg?resize=768%2C576&amp;ssl=1 768w\" sizes=\"(max-width: 640px) 100vw, 640px\" data-recalc-dims=\"1\" \/> <img loading=\"lazy\" decoding=\"async\" data-attachment-id=\"4244\" data-permalink=\"https:\/\/genevieveetbernardauxameriques.fr\/index.php\/2016\/03\/29\/de-rio-do-sud-a-rio-de-janeiro\/p1010959-jpg\/\" data-orig-file=\"https:\/\/i0.wp.com\/genevieveetbernardauxameriques.fr\/wp-content\/uploads\/2016\/03\/P1010959.jpg?fit=1024%2C768&amp;ssl=1\" data-orig-size=\"1024,768\" data-comments-opened=\"1\" data-image-meta=\"{&quot;aperture&quot;:&quot;0&quot;,&quot;credit&quot;:&quot;&quot;,&quot;camera&quot;:&quot;&quot;,&quot;caption&quot;:&quot;&quot;,&quot;created_timestamp&quot;:&quot;0&quot;,&quot;copyright&quot;:&quot;&quot;,&quot;focal_length&quot;:&quot;0&quot;,&quot;iso&quot;:&quot;0&quot;,&quot;shutter_speed&quot;:&quot;0&quot;,&quot;title&quot;:&quot;&quot;,&quot;orientation&quot;:&quot;0&quot;}\" data-image-title=\"P1010959.jpg\" data-image-description=\"\" data-image-caption=\"\" data-medium-file=\"https:\/\/i0.wp.com\/genevieveetbernardauxameriques.fr\/wp-content\/uploads\/2016\/03\/P1010959.jpg?fit=300%2C225&amp;ssl=1\" data-large-file=\"https:\/\/i0.wp.com\/genevieveetbernardauxameriques.fr\/wp-content\/uploads\/2016\/03\/P1010959.jpg?fit=640%2C480&amp;ssl=1\" class=\"alignnone size-large wp-image-4244\" src=\"https:\/\/i0.wp.com\/genevieveetbernardauxameriques.fr\/wp-content\/uploads\/2016\/03\/P1010959.jpg?resize=640%2C480&#038;ssl=1\" alt=\"\" width=\"640\" height=\"480\" srcset=\"https:\/\/i0.wp.com\/genevieveetbernardauxameriques.fr\/wp-content\/uploads\/2016\/03\/P1010959.jpg?w=1024&amp;ssl=1 1024w, https:\/\/i0.wp.com\/genevieveetbernardauxameriques.fr\/wp-content\/uploads\/2016\/03\/P1010959.jpg?resize=300%2C225&amp;ssl=1 300w, https:\/\/i0.wp.com\/genevieveetbernardauxameriques.fr\/wp-content\/uploads\/2016\/03\/P1010959.jpg?resize=768%2C576&amp;ssl=1 768w\" sizes=\"(max-width: 640px) 100vw, 640px\" data-recalc-dims=\"1\" \/> <img loading=\"lazy\" decoding=\"async\" data-attachment-id=\"4246\" data-permalink=\"https:\/\/genevieveetbernardauxameriques.fr\/index.php\/2016\/03\/29\/de-rio-do-sud-a-rio-de-janeiro\/20160315_153158_002-jpg\/\" data-orig-file=\"https:\/\/i0.wp.com\/genevieveetbernardauxameriques.fr\/wp-content\/uploads\/2016\/03\/20160315_153158_002.jpg?fit=1024%2C768&amp;ssl=1\" data-orig-size=\"1024,768\" data-comments-opened=\"1\" data-image-meta=\"{&quot;aperture&quot;:&quot;0&quot;,&quot;credit&quot;:&quot;&quot;,&quot;camera&quot;:&quot;&quot;,&quot;caption&quot;:&quot;&quot;,&quot;created_timestamp&quot;:&quot;0&quot;,&quot;copyright&quot;:&quot;&quot;,&quot;focal_length&quot;:&quot;0&quot;,&quot;iso&quot;:&quot;0&quot;,&quot;shutter_speed&quot;:&quot;0&quot;,&quot;title&quot;:&quot;&quot;,&quot;orientation&quot;:&quot;0&quot;}\" data-image-title=\"20160315_153158_002.jpg\" data-image-description=\"\" data-image-caption=\"\" data-medium-file=\"https:\/\/i0.wp.com\/genevieveetbernardauxameriques.fr\/wp-content\/uploads\/2016\/03\/20160315_153158_002.jpg?fit=300%2C225&amp;ssl=1\" data-large-file=\"https:\/\/i0.wp.com\/genevieveetbernardauxameriques.fr\/wp-content\/uploads\/2016\/03\/20160315_153158_002.jpg?fit=640%2C480&amp;ssl=1\" class=\"alignnone size-large wp-image-4246\" src=\"https:\/\/i0.wp.com\/genevieveetbernardauxameriques.fr\/wp-content\/uploads\/2016\/03\/20160315_153158_002.jpg?resize=640%2C480&#038;ssl=1\" alt=\"\" width=\"640\" height=\"480\" srcset=\"https:\/\/i0.wp.com\/genevieveetbernardauxameriques.fr\/wp-content\/uploads\/2016\/03\/20160315_153158_002.jpg?w=1024&amp;ssl=1 1024w, https:\/\/i0.wp.com\/genevieveetbernardauxameriques.fr\/wp-content\/uploads\/2016\/03\/20160315_153158_002.jpg?resize=300%2C225&amp;ssl=1 300w, https:\/\/i0.wp.com\/genevieveetbernardauxameriques.fr\/wp-content\/uploads\/2016\/03\/20160315_153158_002.jpg?resize=768%2C576&amp;ssl=1 768w\" sizes=\"(max-width: 640px) 100vw, 640px\" data-recalc-dims=\"1\" \/><img loading=\"lazy\" decoding=\"async\" data-attachment-id=\"4254\" data-permalink=\"https:\/\/genevieveetbernardauxameriques.fr\/index.php\/2016\/03\/29\/de-rio-do-sud-a-rio-de-janeiro\/20160315_121102-jpg\/\" data-orig-file=\"https:\/\/i0.wp.com\/genevieveetbernardauxameriques.fr\/wp-content\/uploads\/2016\/03\/20160315_121102.jpg?fit=1024%2C768&amp;ssl=1\" data-orig-size=\"1024,768\" data-comments-opened=\"1\" data-image-meta=\"{&quot;aperture&quot;:&quot;0&quot;,&quot;credit&quot;:&quot;&quot;,&quot;camera&quot;:&quot;&quot;,&quot;caption&quot;:&quot;&quot;,&quot;created_timestamp&quot;:&quot;0&quot;,&quot;copyright&quot;:&quot;&quot;,&quot;focal_length&quot;:&quot;0&quot;,&quot;iso&quot;:&quot;0&quot;,&quot;shutter_speed&quot;:&quot;0&quot;,&quot;title&quot;:&quot;&quot;,&quot;orientation&quot;:&quot;0&quot;}\" data-image-title=\"20160315_121102.jpg\" data-image-description=\"\" data-image-caption=\"\" data-medium-file=\"https:\/\/i0.wp.com\/genevieveetbernardauxameriques.fr\/wp-content\/uploads\/2016\/03\/20160315_121102.jpg?fit=300%2C225&amp;ssl=1\" data-large-file=\"https:\/\/i0.wp.com\/genevieveetbernardauxameriques.fr\/wp-content\/uploads\/2016\/03\/20160315_121102.jpg?fit=640%2C480&amp;ssl=1\" class=\"alignnone size-large wp-image-4254\" src=\"https:\/\/i0.wp.com\/genevieveetbernardauxameriques.fr\/wp-content\/uploads\/2016\/03\/20160315_121102.jpg?resize=640%2C480&#038;ssl=1\" alt=\"\" width=\"640\" height=\"480\" srcset=\"https:\/\/i0.wp.com\/genevieveetbernardauxameriques.fr\/wp-content\/uploads\/2016\/03\/20160315_121102.jpg?w=1024&amp;ssl=1 1024w, https:\/\/i0.wp.com\/genevieveetbernardauxameriques.fr\/wp-content\/uploads\/2016\/03\/20160315_121102.jpg?resize=300%2C225&amp;ssl=1 300w, https:\/\/i0.wp.com\/genevieveetbernardauxameriques.fr\/wp-content\/uploads\/2016\/03\/20160315_121102.jpg?resize=768%2C576&amp;ssl=1 768w\" sizes=\"(max-width: 640px) 100vw, 640px\" data-recalc-dims=\"1\" \/> <img loading=\"lazy\" decoding=\"async\" data-attachment-id=\"4252\" data-permalink=\"https:\/\/genevieveetbernardauxameriques.fr\/index.php\/2016\/03\/29\/de-rio-do-sud-a-rio-de-janeiro\/20160315_121308-jpg\/\" data-orig-file=\"https:\/\/i0.wp.com\/genevieveetbernardauxameriques.fr\/wp-content\/uploads\/2016\/03\/20160315_121308.jpg?fit=1024%2C768&amp;ssl=1\" data-orig-size=\"1024,768\" data-comments-opened=\"1\" data-image-meta=\"{&quot;aperture&quot;:&quot;0&quot;,&quot;credit&quot;:&quot;&quot;,&quot;camera&quot;:&quot;&quot;,&quot;caption&quot;:&quot;&quot;,&quot;created_timestamp&quot;:&quot;0&quot;,&quot;copyright&quot;:&quot;&quot;,&quot;focal_length&quot;:&quot;0&quot;,&quot;iso&quot;:&quot;0&quot;,&quot;shutter_speed&quot;:&quot;0&quot;,&quot;title&quot;:&quot;&quot;,&quot;orientation&quot;:&quot;0&quot;}\" data-image-title=\"20160315_121308.jpg\" data-image-description=\"\" data-image-caption=\"\" data-medium-file=\"https:\/\/i0.wp.com\/genevieveetbernardauxameriques.fr\/wp-content\/uploads\/2016\/03\/20160315_121308.jpg?fit=300%2C225&amp;ssl=1\" data-large-file=\"https:\/\/i0.wp.com\/genevieveetbernardauxameriques.fr\/wp-content\/uploads\/2016\/03\/20160315_121308.jpg?fit=640%2C480&amp;ssl=1\" class=\"alignnone size-large wp-image-4252\" src=\"https:\/\/i0.wp.com\/genevieveetbernardauxameriques.fr\/wp-content\/uploads\/2016\/03\/20160315_121308.jpg?resize=640%2C480&#038;ssl=1\" alt=\"\" width=\"640\" height=\"480\" srcset=\"https:\/\/i0.wp.com\/genevieveetbernardauxameriques.fr\/wp-content\/uploads\/2016\/03\/20160315_121308.jpg?w=1024&amp;ssl=1 1024w, https:\/\/i0.wp.com\/genevieveetbernardauxameriques.fr\/wp-content\/uploads\/2016\/03\/20160315_121308.jpg?resize=300%2C225&amp;ssl=1 300w, https:\/\/i0.wp.com\/genevieveetbernardauxameriques.fr\/wp-content\/uploads\/2016\/03\/20160315_121308.jpg?resize=768%2C576&amp;ssl=1 768w\" sizes=\"(max-width: 640px) 100vw, 640px\" data-recalc-dims=\"1\" \/> <img loading=\"lazy\" decoding=\"async\" data-attachment-id=\"4250\" data-permalink=\"https:\/\/genevieveetbernardauxameriques.fr\/index.php\/2016\/03\/29\/de-rio-do-sud-a-rio-de-janeiro\/p1010962-jpg\/\" data-orig-file=\"https:\/\/i0.wp.com\/genevieveetbernardauxameriques.fr\/wp-content\/uploads\/2016\/03\/P1010962.jpg?fit=1024%2C768&amp;ssl=1\" data-orig-size=\"1024,768\" data-comments-opened=\"1\" data-image-meta=\"{&quot;aperture&quot;:&quot;0&quot;,&quot;credit&quot;:&quot;&quot;,&quot;camera&quot;:&quot;&quot;,&quot;caption&quot;:&quot;&quot;,&quot;created_timestamp&quot;:&quot;0&quot;,&quot;copyright&quot;:&quot;&quot;,&quot;focal_length&quot;:&quot;0&quot;,&quot;iso&quot;:&quot;0&quot;,&quot;shutter_speed&quot;:&quot;0&quot;,&quot;title&quot;:&quot;&quot;,&quot;orientation&quot;:&quot;0&quot;}\" data-image-title=\"P1010962.jpg\" data-image-description=\"\" data-image-caption=\"\" data-medium-file=\"https:\/\/i0.wp.com\/genevieveetbernardauxameriques.fr\/wp-content\/uploads\/2016\/03\/P1010962.jpg?fit=300%2C225&amp;ssl=1\" data-large-file=\"https:\/\/i0.wp.com\/genevieveetbernardauxameriques.fr\/wp-content\/uploads\/2016\/03\/P1010962.jpg?fit=640%2C480&amp;ssl=1\" class=\"alignnone size-large wp-image-4250\" src=\"https:\/\/i0.wp.com\/genevieveetbernardauxameriques.fr\/wp-content\/uploads\/2016\/03\/P1010962.jpg?resize=640%2C480&#038;ssl=1\" alt=\"\" width=\"640\" height=\"480\" srcset=\"https:\/\/i0.wp.com\/genevieveetbernardauxameriques.fr\/wp-content\/uploads\/2016\/03\/P1010962.jpg?w=1024&amp;ssl=1 1024w, https:\/\/i0.wp.com\/genevieveetbernardauxameriques.fr\/wp-content\/uploads\/2016\/03\/P1010962.jpg?resize=300%2C225&amp;ssl=1 300w, https:\/\/i0.wp.com\/genevieveetbernardauxameriques.fr\/wp-content\/uploads\/2016\/03\/P1010962.jpg?resize=768%2C576&amp;ssl=1 768w\" sizes=\"(max-width: 640px) 100vw, 640px\" data-recalc-dims=\"1\" \/> <img loading=\"lazy\" decoding=\"async\" data-attachment-id=\"4248\" data-permalink=\"https:\/\/genevieveetbernardauxameriques.fr\/index.php\/2016\/03\/29\/de-rio-do-sud-a-rio-de-janeiro\/20160315_153203-jpg\/\" data-orig-file=\"https:\/\/i0.wp.com\/genevieveetbernardauxameriques.fr\/wp-content\/uploads\/2016\/03\/20160315_153203.jpg?fit=1024%2C768&amp;ssl=1\" data-orig-size=\"1024,768\" data-comments-opened=\"1\" data-image-meta=\"{&quot;aperture&quot;:&quot;0&quot;,&quot;credit&quot;:&quot;&quot;,&quot;camera&quot;:&quot;&quot;,&quot;caption&quot;:&quot;&quot;,&quot;created_timestamp&quot;:&quot;0&quot;,&quot;copyright&quot;:&quot;&quot;,&quot;focal_length&quot;:&quot;0&quot;,&quot;iso&quot;:&quot;0&quot;,&quot;shutter_speed&quot;:&quot;0&quot;,&quot;title&quot;:&quot;&quot;,&quot;orientation&quot;:&quot;0&quot;}\" data-image-title=\"20160315_153203.jpg\" data-image-description=\"\" data-image-caption=\"\" data-medium-file=\"https:\/\/i0.wp.com\/genevieveetbernardauxameriques.fr\/wp-content\/uploads\/2016\/03\/20160315_153203.jpg?fit=300%2C225&amp;ssl=1\" data-large-file=\"https:\/\/i0.wp.com\/genevieveetbernardauxameriques.fr\/wp-content\/uploads\/2016\/03\/20160315_153203.jpg?fit=640%2C480&amp;ssl=1\" class=\"alignnone size-large wp-image-4248\" src=\"https:\/\/i0.wp.com\/genevieveetbernardauxameriques.fr\/wp-content\/uploads\/2016\/03\/20160315_153203.jpg?resize=640%2C480&#038;ssl=1\" alt=\"\" width=\"640\" height=\"480\" srcset=\"https:\/\/i0.wp.com\/genevieveetbernardauxameriques.fr\/wp-content\/uploads\/2016\/03\/20160315_153203.jpg?w=1024&amp;ssl=1 1024w, https:\/\/i0.wp.com\/genevieveetbernardauxameriques.fr\/wp-content\/uploads\/2016\/03\/20160315_153203.jpg?resize=300%2C225&amp;ssl=1 300w, https:\/\/i0.wp.com\/genevieveetbernardauxameriques.fr\/wp-content\/uploads\/2016\/03\/20160315_153203.jpg?resize=768%2C576&amp;ssl=1 768w\" sizes=\"(max-width: 640px) 100vw, 640px\" data-recalc-dims=\"1\" \/><\/p>\n<p align=\"justify\">Quelques photos prises le long de la route<\/p>\n<p align=\"justify\"><img loading=\"lazy\" decoding=\"async\" data-attachment-id=\"4260\" data-permalink=\"https:\/\/genevieveetbernardauxameriques.fr\/index.php\/2016\/03\/29\/de-rio-do-sud-a-rio-de-janeiro\/20160315_093449-jpg\/\" data-orig-file=\"https:\/\/i0.wp.com\/genevieveetbernardauxameriques.fr\/wp-content\/uploads\/2016\/03\/20160315_093449-e1581001676440.jpg?fit=1024%2C645&amp;ssl=1\" data-orig-size=\"1024,645\" data-comments-opened=\"1\" data-image-meta=\"{&quot;aperture&quot;:&quot;0&quot;,&quot;credit&quot;:&quot;&quot;,&quot;camera&quot;:&quot;&quot;,&quot;caption&quot;:&quot;&quot;,&quot;created_timestamp&quot;:&quot;0&quot;,&quot;copyright&quot;:&quot;&quot;,&quot;focal_length&quot;:&quot;0&quot;,&quot;iso&quot;:&quot;0&quot;,&quot;shutter_speed&quot;:&quot;0&quot;,&quot;title&quot;:&quot;&quot;,&quot;orientation&quot;:&quot;0&quot;}\" data-image-title=\"20160315_093449.jpg\" data-image-description=\"\" data-image-caption=\"\" data-medium-file=\"https:\/\/i0.wp.com\/genevieveetbernardauxameriques.fr\/wp-content\/uploads\/2016\/03\/20160315_093449-e1581001676440.jpg?fit=300%2C189&amp;ssl=1\" data-large-file=\"https:\/\/i0.wp.com\/genevieveetbernardauxameriques.fr\/wp-content\/uploads\/2016\/03\/20160315_093449-e1581001676440.jpg?fit=640%2C403&amp;ssl=1\" class=\"alignnone size-large wp-image-4260\" src=\"https:\/\/i0.wp.com\/genevieveetbernardauxameriques.fr\/wp-content\/uploads\/2016\/03\/20160315_093449-e1581001676440-1024x645.jpg?resize=640%2C403&#038;ssl=1\" alt=\"\" width=\"640\" height=\"403\" srcset=\"https:\/\/i0.wp.com\/genevieveetbernardauxameriques.fr\/wp-content\/uploads\/2016\/03\/20160315_093449-e1581001676440.jpg?w=1024&amp;ssl=1 1024w, https:\/\/i0.wp.com\/genevieveetbernardauxameriques.fr\/wp-content\/uploads\/2016\/03\/20160315_093449-e1581001676440.jpg?resize=300%2C189&amp;ssl=1 300w, https:\/\/i0.wp.com\/genevieveetbernardauxameriques.fr\/wp-content\/uploads\/2016\/03\/20160315_093449-e1581001676440.jpg?resize=768%2C484&amp;ssl=1 768w\" sizes=\"(max-width: 640px) 100vw, 640px\" data-recalc-dims=\"1\" \/><img loading=\"lazy\" decoding=\"async\" data-attachment-id=\"4258\" data-permalink=\"https:\/\/genevieveetbernardauxameriques.fr\/index.php\/2016\/03\/29\/de-rio-do-sud-a-rio-de-janeiro\/20160315_092703-jpg\/\" data-orig-file=\"https:\/\/i0.wp.com\/genevieveetbernardauxameriques.fr\/wp-content\/uploads\/2016\/03\/20160315_092703-e1581001596317.jpg?fit=1024%2C555&amp;ssl=1\" data-orig-size=\"1024,555\" data-comments-opened=\"1\" data-image-meta=\"{&quot;aperture&quot;:&quot;0&quot;,&quot;credit&quot;:&quot;&quot;,&quot;camera&quot;:&quot;&quot;,&quot;caption&quot;:&quot;&quot;,&quot;created_timestamp&quot;:&quot;0&quot;,&quot;copyright&quot;:&quot;&quot;,&quot;focal_length&quot;:&quot;0&quot;,&quot;iso&quot;:&quot;0&quot;,&quot;shutter_speed&quot;:&quot;0&quot;,&quot;title&quot;:&quot;&quot;,&quot;orientation&quot;:&quot;0&quot;}\" data-image-title=\"20160315_092703.jpg\" data-image-description=\"\" data-image-caption=\"\" data-medium-file=\"https:\/\/i0.wp.com\/genevieveetbernardauxameriques.fr\/wp-content\/uploads\/2016\/03\/20160315_092703-e1581001596317.jpg?fit=300%2C163&amp;ssl=1\" data-large-file=\"https:\/\/i0.wp.com\/genevieveetbernardauxameriques.fr\/wp-content\/uploads\/2016\/03\/20160315_092703-e1581001596317.jpg?fit=640%2C347&amp;ssl=1\" class=\"alignnone size-large wp-image-4258\" src=\"https:\/\/i0.wp.com\/genevieveetbernardauxameriques.fr\/wp-content\/uploads\/2016\/03\/20160315_092703-e1581001596317-1024x555.jpg?resize=640%2C347&#038;ssl=1\" alt=\"\" width=\"640\" height=\"347\" srcset=\"https:\/\/i0.wp.com\/genevieveetbernardauxameriques.fr\/wp-content\/uploads\/2016\/03\/20160315_092703-e1581001596317.jpg?w=1024&amp;ssl=1 1024w, https:\/\/i0.wp.com\/genevieveetbernardauxameriques.fr\/wp-content\/uploads\/2016\/03\/20160315_092703-e1581001596317.jpg?resize=300%2C163&amp;ssl=1 300w, https:\/\/i0.wp.com\/genevieveetbernardauxameriques.fr\/wp-content\/uploads\/2016\/03\/20160315_092703-e1581001596317.jpg?resize=768%2C416&amp;ssl=1 768w\" sizes=\"(max-width: 640px) 100vw, 640px\" data-recalc-dims=\"1\" \/><img loading=\"lazy\" decoding=\"async\" data-attachment-id=\"4256\" data-permalink=\"https:\/\/genevieveetbernardauxameriques.fr\/index.php\/2016\/03\/29\/de-rio-do-sud-a-rio-de-janeiro\/20160315_151138-jpg\/\" data-orig-file=\"https:\/\/i0.wp.com\/genevieveetbernardauxameriques.fr\/wp-content\/uploads\/2016\/03\/20160315_151138.jpg?fit=1024%2C768&amp;ssl=1\" data-orig-size=\"1024,768\" data-comments-opened=\"1\" data-image-meta=\"{&quot;aperture&quot;:&quot;0&quot;,&quot;credit&quot;:&quot;&quot;,&quot;camera&quot;:&quot;&quot;,&quot;caption&quot;:&quot;&quot;,&quot;created_timestamp&quot;:&quot;0&quot;,&quot;copyright&quot;:&quot;&quot;,&quot;focal_length&quot;:&quot;0&quot;,&quot;iso&quot;:&quot;0&quot;,&quot;shutter_speed&quot;:&quot;0&quot;,&quot;title&quot;:&quot;&quot;,&quot;orientation&quot;:&quot;0&quot;}\" data-image-title=\"20160315_151138.jpg\" data-image-description=\"\" data-image-caption=\"\" data-medium-file=\"https:\/\/i0.wp.com\/genevieveetbernardauxameriques.fr\/wp-content\/uploads\/2016\/03\/20160315_151138.jpg?fit=300%2C225&amp;ssl=1\" data-large-file=\"https:\/\/i0.wp.com\/genevieveetbernardauxameriques.fr\/wp-content\/uploads\/2016\/03\/20160315_151138.jpg?fit=640%2C480&amp;ssl=1\" class=\"alignnone size-large wp-image-4256\" src=\"https:\/\/i0.wp.com\/genevieveetbernardauxameriques.fr\/wp-content\/uploads\/2016\/03\/20160315_151138.jpg?resize=640%2C480&#038;ssl=1\" alt=\"\" width=\"640\" height=\"480\" srcset=\"https:\/\/i0.wp.com\/genevieveetbernardauxameriques.fr\/wp-content\/uploads\/2016\/03\/20160315_151138.jpg?w=1024&amp;ssl=1 1024w, https:\/\/i0.wp.com\/genevieveetbernardauxameriques.fr\/wp-content\/uploads\/2016\/03\/20160315_151138.jpg?resize=300%2C225&amp;ssl=1 300w, https:\/\/i0.wp.com\/genevieveetbernardauxameriques.fr\/wp-content\/uploads\/2016\/03\/20160315_151138.jpg?resize=768%2C576&amp;ssl=1 768w\" sizes=\"(max-width: 640px) 100vw, 640px\" data-recalc-dims=\"1\" \/><img loading=\"lazy\" decoding=\"async\" data-attachment-id=\"4272\" data-permalink=\"https:\/\/genevieveetbernardauxameriques.fr\/index.php\/2016\/03\/29\/de-rio-do-sud-a-rio-de-janeiro\/20160315_102817-jpg\/\" data-orig-file=\"https:\/\/i0.wp.com\/genevieveetbernardauxameriques.fr\/wp-content\/uploads\/2016\/03\/20160315_102817-e1581001737854.jpg?fit=1024%2C637&amp;ssl=1\" data-orig-size=\"1024,637\" data-comments-opened=\"1\" data-image-meta=\"{&quot;aperture&quot;:&quot;0&quot;,&quot;credit&quot;:&quot;&quot;,&quot;camera&quot;:&quot;&quot;,&quot;caption&quot;:&quot;&quot;,&quot;created_timestamp&quot;:&quot;0&quot;,&quot;copyright&quot;:&quot;&quot;,&quot;focal_length&quot;:&quot;0&quot;,&quot;iso&quot;:&quot;0&quot;,&quot;shutter_speed&quot;:&quot;0&quot;,&quot;title&quot;:&quot;&quot;,&quot;orientation&quot;:&quot;0&quot;}\" data-image-title=\"20160315_102817.jpg\" data-image-description=\"\" data-image-caption=\"\" data-medium-file=\"https:\/\/i0.wp.com\/genevieveetbernardauxameriques.fr\/wp-content\/uploads\/2016\/03\/20160315_102817-e1581001737854.jpg?fit=300%2C187&amp;ssl=1\" data-large-file=\"https:\/\/i0.wp.com\/genevieveetbernardauxameriques.fr\/wp-content\/uploads\/2016\/03\/20160315_102817-e1581001737854.jpg?fit=640%2C398&amp;ssl=1\" class=\"alignnone size-large wp-image-4272\" src=\"https:\/\/i0.wp.com\/genevieveetbernardauxameriques.fr\/wp-content\/uploads\/2016\/03\/20160315_102817-e1581001737854-1024x637.jpg?resize=640%2C398&#038;ssl=1\" alt=\"\" width=\"640\" height=\"398\" srcset=\"https:\/\/i0.wp.com\/genevieveetbernardauxameriques.fr\/wp-content\/uploads\/2016\/03\/20160315_102817-e1581001737854.jpg?w=1024&amp;ssl=1 1024w, https:\/\/i0.wp.com\/genevieveetbernardauxameriques.fr\/wp-content\/uploads\/2016\/03\/20160315_102817-e1581001737854.jpg?resize=300%2C187&amp;ssl=1 300w, https:\/\/i0.wp.com\/genevieveetbernardauxameriques.fr\/wp-content\/uploads\/2016\/03\/20160315_102817-e1581001737854.jpg?resize=768%2C478&amp;ssl=1 768w\" sizes=\"(max-width: 640px) 100vw, 640px\" data-recalc-dims=\"1\" \/> <img loading=\"lazy\" decoding=\"async\" data-attachment-id=\"4270\" data-permalink=\"https:\/\/genevieveetbernardauxameriques.fr\/index.php\/2016\/03\/29\/de-rio-do-sud-a-rio-de-janeiro\/20160315_100917-jpg\/\" data-orig-file=\"https:\/\/i0.wp.com\/genevieveetbernardauxameriques.fr\/wp-content\/uploads\/2016\/03\/20160315_100917.jpg?fit=1024%2C768&amp;ssl=1\" data-orig-size=\"1024,768\" data-comments-opened=\"1\" data-image-meta=\"{&quot;aperture&quot;:&quot;0&quot;,&quot;credit&quot;:&quot;&quot;,&quot;camera&quot;:&quot;&quot;,&quot;caption&quot;:&quot;&quot;,&quot;created_timestamp&quot;:&quot;0&quot;,&quot;copyright&quot;:&quot;&quot;,&quot;focal_length&quot;:&quot;0&quot;,&quot;iso&quot;:&quot;0&quot;,&quot;shutter_speed&quot;:&quot;0&quot;,&quot;title&quot;:&quot;&quot;,&quot;orientation&quot;:&quot;0&quot;}\" data-image-title=\"20160315_100917.jpg\" data-image-description=\"\" data-image-caption=\"\" data-medium-file=\"https:\/\/i0.wp.com\/genevieveetbernardauxameriques.fr\/wp-content\/uploads\/2016\/03\/20160315_100917.jpg?fit=300%2C225&amp;ssl=1\" data-large-file=\"https:\/\/i0.wp.com\/genevieveetbernardauxameriques.fr\/wp-content\/uploads\/2016\/03\/20160315_100917.jpg?fit=640%2C480&amp;ssl=1\" class=\"alignnone size-large wp-image-4270\" src=\"https:\/\/i0.wp.com\/genevieveetbernardauxameriques.fr\/wp-content\/uploads\/2016\/03\/20160315_100917.jpg?resize=640%2C480&#038;ssl=1\" alt=\"\" width=\"640\" height=\"480\" srcset=\"https:\/\/i0.wp.com\/genevieveetbernardauxameriques.fr\/wp-content\/uploads\/2016\/03\/20160315_100917.jpg?w=1024&amp;ssl=1 1024w, https:\/\/i0.wp.com\/genevieveetbernardauxameriques.fr\/wp-content\/uploads\/2016\/03\/20160315_100917.jpg?resize=300%2C225&amp;ssl=1 300w, https:\/\/i0.wp.com\/genevieveetbernardauxameriques.fr\/wp-content\/uploads\/2016\/03\/20160315_100917.jpg?resize=768%2C576&amp;ssl=1 768w\" sizes=\"(max-width: 640px) 100vw, 640px\" data-recalc-dims=\"1\" \/> <img loading=\"lazy\" decoding=\"async\" data-attachment-id=\"4268\" data-permalink=\"https:\/\/genevieveetbernardauxameriques.fr\/index.php\/2016\/03\/29\/de-rio-do-sud-a-rio-de-janeiro\/20160314_143927-jpg\/\" data-orig-file=\"https:\/\/i0.wp.com\/genevieveetbernardauxameriques.fr\/wp-content\/uploads\/2016\/03\/20160314_143927.jpg?fit=1024%2C768&amp;ssl=1\" data-orig-size=\"1024,768\" data-comments-opened=\"1\" data-image-meta=\"{&quot;aperture&quot;:&quot;0&quot;,&quot;credit&quot;:&quot;&quot;,&quot;camera&quot;:&quot;&quot;,&quot;caption&quot;:&quot;&quot;,&quot;created_timestamp&quot;:&quot;0&quot;,&quot;copyright&quot;:&quot;&quot;,&quot;focal_length&quot;:&quot;0&quot;,&quot;iso&quot;:&quot;0&quot;,&quot;shutter_speed&quot;:&quot;0&quot;,&quot;title&quot;:&quot;&quot;,&quot;orientation&quot;:&quot;0&quot;}\" data-image-title=\"20160314_143927.jpg\" data-image-description=\"\" data-image-caption=\"\" data-medium-file=\"https:\/\/i0.wp.com\/genevieveetbernardauxameriques.fr\/wp-content\/uploads\/2016\/03\/20160314_143927.jpg?fit=300%2C225&amp;ssl=1\" data-large-file=\"https:\/\/i0.wp.com\/genevieveetbernardauxameriques.fr\/wp-content\/uploads\/2016\/03\/20160314_143927.jpg?fit=640%2C480&amp;ssl=1\" class=\"alignnone size-large wp-image-4268\" src=\"https:\/\/i0.wp.com\/genevieveetbernardauxameriques.fr\/wp-content\/uploads\/2016\/03\/20160314_143927.jpg?resize=640%2C480&#038;ssl=1\" alt=\"\" width=\"640\" height=\"480\" srcset=\"https:\/\/i0.wp.com\/genevieveetbernardauxameriques.fr\/wp-content\/uploads\/2016\/03\/20160314_143927.jpg?w=1024&amp;ssl=1 1024w, https:\/\/i0.wp.com\/genevieveetbernardauxameriques.fr\/wp-content\/uploads\/2016\/03\/20160314_143927.jpg?resize=300%2C225&amp;ssl=1 300w, https:\/\/i0.wp.com\/genevieveetbernardauxameriques.fr\/wp-content\/uploads\/2016\/03\/20160314_143927.jpg?resize=768%2C576&amp;ssl=1 768w\" sizes=\"(max-width: 640px) 100vw, 640px\" data-recalc-dims=\"1\" \/> <img loading=\"lazy\" decoding=\"async\" data-attachment-id=\"4266\" data-permalink=\"https:\/\/genevieveetbernardauxameriques.fr\/index.php\/2016\/03\/29\/de-rio-do-sud-a-rio-de-janeiro\/20160314_144140-jpg\/\" data-orig-file=\"https:\/\/i0.wp.com\/genevieveetbernardauxameriques.fr\/wp-content\/uploads\/2016\/03\/20160314_144140.jpg?fit=1024%2C768&amp;ssl=1\" data-orig-size=\"1024,768\" data-comments-opened=\"1\" data-image-meta=\"{&quot;aperture&quot;:&quot;0&quot;,&quot;credit&quot;:&quot;&quot;,&quot;camera&quot;:&quot;&quot;,&quot;caption&quot;:&quot;&quot;,&quot;created_timestamp&quot;:&quot;0&quot;,&quot;copyright&quot;:&quot;&quot;,&quot;focal_length&quot;:&quot;0&quot;,&quot;iso&quot;:&quot;0&quot;,&quot;shutter_speed&quot;:&quot;0&quot;,&quot;title&quot;:&quot;&quot;,&quot;orientation&quot;:&quot;0&quot;}\" data-image-title=\"20160314_144140.jpg\" data-image-description=\"\" data-image-caption=\"\" data-medium-file=\"https:\/\/i0.wp.com\/genevieveetbernardauxameriques.fr\/wp-content\/uploads\/2016\/03\/20160314_144140.jpg?fit=300%2C225&amp;ssl=1\" data-large-file=\"https:\/\/i0.wp.com\/genevieveetbernardauxameriques.fr\/wp-content\/uploads\/2016\/03\/20160314_144140.jpg?fit=640%2C480&amp;ssl=1\" class=\"alignnone size-large wp-image-4266\" src=\"https:\/\/i0.wp.com\/genevieveetbernardauxameriques.fr\/wp-content\/uploads\/2016\/03\/20160314_144140.jpg?resize=640%2C480&#038;ssl=1\" alt=\"\" width=\"640\" height=\"480\" srcset=\"https:\/\/i0.wp.com\/genevieveetbernardauxameriques.fr\/wp-content\/uploads\/2016\/03\/20160314_144140.jpg?w=1024&amp;ssl=1 1024w, https:\/\/i0.wp.com\/genevieveetbernardauxameriques.fr\/wp-content\/uploads\/2016\/03\/20160314_144140.jpg?resize=300%2C225&amp;ssl=1 300w, https:\/\/i0.wp.com\/genevieveetbernardauxameriques.fr\/wp-content\/uploads\/2016\/03\/20160314_144140.jpg?resize=768%2C576&amp;ssl=1 768w\" sizes=\"(max-width: 640px) 100vw, 640px\" data-recalc-dims=\"1\" \/> <img loading=\"lazy\" decoding=\"async\" data-attachment-id=\"4264\" data-permalink=\"https:\/\/genevieveetbernardauxameriques.fr\/index.php\/2016\/03\/29\/de-rio-do-sud-a-rio-de-janeiro\/20160314_144044-jpg\/\" data-orig-file=\"https:\/\/i0.wp.com\/genevieveetbernardauxameriques.fr\/wp-content\/uploads\/2016\/03\/20160314_144044.jpg?fit=1024%2C768&amp;ssl=1\" data-orig-size=\"1024,768\" data-comments-opened=\"1\" data-image-meta=\"{&quot;aperture&quot;:&quot;0&quot;,&quot;credit&quot;:&quot;&quot;,&quot;camera&quot;:&quot;&quot;,&quot;caption&quot;:&quot;&quot;,&quot;created_timestamp&quot;:&quot;0&quot;,&quot;copyright&quot;:&quot;&quot;,&quot;focal_length&quot;:&quot;0&quot;,&quot;iso&quot;:&quot;0&quot;,&quot;shutter_speed&quot;:&quot;0&quot;,&quot;title&quot;:&quot;&quot;,&quot;orientation&quot;:&quot;0&quot;}\" data-image-title=\"20160314_144044.jpg\" data-image-description=\"\" data-image-caption=\"\" data-medium-file=\"https:\/\/i0.wp.com\/genevieveetbernardauxameriques.fr\/wp-content\/uploads\/2016\/03\/20160314_144044.jpg?fit=300%2C225&amp;ssl=1\" data-large-file=\"https:\/\/i0.wp.com\/genevieveetbernardauxameriques.fr\/wp-content\/uploads\/2016\/03\/20160314_144044.jpg?fit=640%2C480&amp;ssl=1\" class=\"alignnone size-large wp-image-4264\" src=\"https:\/\/i0.wp.com\/genevieveetbernardauxameriques.fr\/wp-content\/uploads\/2016\/03\/20160314_144044.jpg?resize=640%2C480&#038;ssl=1\" alt=\"\" width=\"640\" height=\"480\" srcset=\"https:\/\/i0.wp.com\/genevieveetbernardauxameriques.fr\/wp-content\/uploads\/2016\/03\/20160314_144044.jpg?w=1024&amp;ssl=1 1024w, https:\/\/i0.wp.com\/genevieveetbernardauxameriques.fr\/wp-content\/uploads\/2016\/03\/20160314_144044.jpg?resize=300%2C225&amp;ssl=1 300w, https:\/\/i0.wp.com\/genevieveetbernardauxameriques.fr\/wp-content\/uploads\/2016\/03\/20160314_144044.jpg?resize=768%2C576&amp;ssl=1 768w\" sizes=\"(max-width: 640px) 100vw, 640px\" data-recalc-dims=\"1\" \/> <img loading=\"lazy\" decoding=\"async\" data-attachment-id=\"4262\" data-permalink=\"https:\/\/genevieveetbernardauxameriques.fr\/index.php\/2016\/03\/29\/de-rio-do-sud-a-rio-de-janeiro\/20160315_151152-jpg\/\" data-orig-file=\"https:\/\/i0.wp.com\/genevieveetbernardauxameriques.fr\/wp-content\/uploads\/2016\/03\/20160315_151152.jpg?fit=1024%2C768&amp;ssl=1\" data-orig-size=\"1024,768\" data-comments-opened=\"1\" data-image-meta=\"{&quot;aperture&quot;:&quot;0&quot;,&quot;credit&quot;:&quot;&quot;,&quot;camera&quot;:&quot;&quot;,&quot;caption&quot;:&quot;&quot;,&quot;created_timestamp&quot;:&quot;0&quot;,&quot;copyright&quot;:&quot;&quot;,&quot;focal_length&quot;:&quot;0&quot;,&quot;iso&quot;:&quot;0&quot;,&quot;shutter_speed&quot;:&quot;0&quot;,&quot;title&quot;:&quot;&quot;,&quot;orientation&quot;:&quot;0&quot;}\" data-image-title=\"20160315_151152.jpg\" data-image-description=\"\" data-image-caption=\"\" data-medium-file=\"https:\/\/i0.wp.com\/genevieveetbernardauxameriques.fr\/wp-content\/uploads\/2016\/03\/20160315_151152.jpg?fit=300%2C225&amp;ssl=1\" data-large-file=\"https:\/\/i0.wp.com\/genevieveetbernardauxameriques.fr\/wp-content\/uploads\/2016\/03\/20160315_151152.jpg?fit=640%2C480&amp;ssl=1\" class=\"alignnone size-large wp-image-4262\" src=\"https:\/\/i0.wp.com\/genevieveetbernardauxameriques.fr\/wp-content\/uploads\/2016\/03\/20160315_151152.jpg?resize=640%2C480&#038;ssl=1\" alt=\"\" width=\"640\" height=\"480\" srcset=\"https:\/\/i0.wp.com\/genevieveetbernardauxameriques.fr\/wp-content\/uploads\/2016\/03\/20160315_151152.jpg?w=1024&amp;ssl=1 1024w, https:\/\/i0.wp.com\/genevieveetbernardauxameriques.fr\/wp-content\/uploads\/2016\/03\/20160315_151152.jpg?resize=300%2C225&amp;ssl=1 300w, https:\/\/i0.wp.com\/genevieveetbernardauxameriques.fr\/wp-content\/uploads\/2016\/03\/20160315_151152.jpg?resize=768%2C576&amp;ssl=1 768w\" sizes=\"(max-width: 640px) 100vw, 640px\" data-recalc-dims=\"1\" \/><\/p>\n<p align=\"justify\">Nous aurons un peu de mal \u00e0 trouver notre bivouac pour le soir:\u00a0 si nous avons l\u2019acc\u00e8s aux plages, c\u2019est qu\u2019elles ne sont pas tr\u00e8s tr\u00e8s propres ou que l\u2019ambiance ne nous plait pas du tout ou les routes ne sont pas en bon \u00e9tat et il faut faire demi-tour, car il n\u2019y a plus d\u2019issue ou des ponts qui n\u2019existent plus<\/p>\n<p align=\"justify\"><img loading=\"lazy\" decoding=\"async\" data-attachment-id=\"4280\" data-permalink=\"https:\/\/genevieveetbernardauxameriques.fr\/index.php\/2016\/03\/29\/de-rio-do-sud-a-rio-de-janeiro\/20160314_172303-jpg\/\" data-orig-file=\"https:\/\/i0.wp.com\/genevieveetbernardauxameriques.fr\/wp-content\/uploads\/2016\/03\/20160314_172303.jpg?fit=1024%2C768&amp;ssl=1\" data-orig-size=\"1024,768\" data-comments-opened=\"1\" data-image-meta=\"{&quot;aperture&quot;:&quot;0&quot;,&quot;credit&quot;:&quot;&quot;,&quot;camera&quot;:&quot;&quot;,&quot;caption&quot;:&quot;&quot;,&quot;created_timestamp&quot;:&quot;0&quot;,&quot;copyright&quot;:&quot;&quot;,&quot;focal_length&quot;:&quot;0&quot;,&quot;iso&quot;:&quot;0&quot;,&quot;shutter_speed&quot;:&quot;0&quot;,&quot;title&quot;:&quot;&quot;,&quot;orientation&quot;:&quot;0&quot;}\" data-image-title=\"20160314_172303.jpg\" data-image-description=\"\" data-image-caption=\"\" data-medium-file=\"https:\/\/i0.wp.com\/genevieveetbernardauxameriques.fr\/wp-content\/uploads\/2016\/03\/20160314_172303.jpg?fit=300%2C225&amp;ssl=1\" data-large-file=\"https:\/\/i0.wp.com\/genevieveetbernardauxameriques.fr\/wp-content\/uploads\/2016\/03\/20160314_172303.jpg?fit=640%2C480&amp;ssl=1\" class=\"alignnone size-large wp-image-4280\" src=\"https:\/\/i0.wp.com\/genevieveetbernardauxameriques.fr\/wp-content\/uploads\/2016\/03\/20160314_172303.jpg?resize=640%2C480&#038;ssl=1\" alt=\"\" width=\"640\" height=\"480\" srcset=\"https:\/\/i0.wp.com\/genevieveetbernardauxameriques.fr\/wp-content\/uploads\/2016\/03\/20160314_172303.jpg?w=1024&amp;ssl=1 1024w, https:\/\/i0.wp.com\/genevieveetbernardauxameriques.fr\/wp-content\/uploads\/2016\/03\/20160314_172303.jpg?resize=300%2C225&amp;ssl=1 300w, https:\/\/i0.wp.com\/genevieveetbernardauxameriques.fr\/wp-content\/uploads\/2016\/03\/20160314_172303.jpg?resize=768%2C576&amp;ssl=1 768w\" sizes=\"(max-width: 640px) 100vw, 640px\" data-recalc-dims=\"1\" \/> <img loading=\"lazy\" decoding=\"async\" data-attachment-id=\"4278\" data-permalink=\"https:\/\/genevieveetbernardauxameriques.fr\/index.php\/2016\/03\/29\/de-rio-do-sud-a-rio-de-janeiro\/p1010956-jpg\/\" data-orig-file=\"https:\/\/i0.wp.com\/genevieveetbernardauxameriques.fr\/wp-content\/uploads\/2016\/03\/P1010956-e1572962488613.jpg?fit=1024%2C532&amp;ssl=1\" data-orig-size=\"1024,532\" data-comments-opened=\"1\" data-image-meta=\"{&quot;aperture&quot;:&quot;0&quot;,&quot;credit&quot;:&quot;&quot;,&quot;camera&quot;:&quot;&quot;,&quot;caption&quot;:&quot;&quot;,&quot;created_timestamp&quot;:&quot;0&quot;,&quot;copyright&quot;:&quot;&quot;,&quot;focal_length&quot;:&quot;0&quot;,&quot;iso&quot;:&quot;0&quot;,&quot;shutter_speed&quot;:&quot;0&quot;,&quot;title&quot;:&quot;&quot;,&quot;orientation&quot;:&quot;0&quot;}\" data-image-title=\"P1010956.jpg\" data-image-description=\"\" data-image-caption=\"\" data-medium-file=\"https:\/\/i0.wp.com\/genevieveetbernardauxameriques.fr\/wp-content\/uploads\/2016\/03\/P1010956-e1572962488613.jpg?fit=300%2C156&amp;ssl=1\" data-large-file=\"https:\/\/i0.wp.com\/genevieveetbernardauxameriques.fr\/wp-content\/uploads\/2016\/03\/P1010956-e1572962488613.jpg?fit=640%2C333&amp;ssl=1\" class=\"alignnone size-large wp-image-4278\" src=\"https:\/\/i0.wp.com\/genevieveetbernardauxameriques.fr\/wp-content\/uploads\/2016\/03\/P1010956-e1572962488613-1024x532.jpg?resize=640%2C333&#038;ssl=1\" alt=\"\" width=\"640\" height=\"333\" srcset=\"https:\/\/i0.wp.com\/genevieveetbernardauxameriques.fr\/wp-content\/uploads\/2016\/03\/P1010956-e1572962488613.jpg?w=1024&amp;ssl=1 1024w, https:\/\/i0.wp.com\/genevieveetbernardauxameriques.fr\/wp-content\/uploads\/2016\/03\/P1010956-e1572962488613.jpg?resize=300%2C156&amp;ssl=1 300w, https:\/\/i0.wp.com\/genevieveetbernardauxameriques.fr\/wp-content\/uploads\/2016\/03\/P1010956-e1572962488613.jpg?resize=768%2C399&amp;ssl=1 768w\" sizes=\"(max-width: 640px) 100vw, 640px\" data-recalc-dims=\"1\" \/><\/p>\n<p align=\"justify\">Nous trouvons finalement \u00e0 nous arr\u00eater devant un commissariat sur la plage \u00e0 <strong>CA<\/strong><strong>MBURI <\/strong>\u00e0 quelques kilom\u00e8tres avant SAO SEBASTIO<\/p>\n<p align=\"justify\"><img loading=\"lazy\" decoding=\"async\" data-attachment-id=\"4288\" data-permalink=\"https:\/\/genevieveetbernardauxameriques.fr\/index.php\/2016\/03\/29\/de-rio-do-sud-a-rio-de-janeiro\/p1010955-jpg\/\" data-orig-file=\"https:\/\/i0.wp.com\/genevieveetbernardauxameriques.fr\/wp-content\/uploads\/2016\/03\/P1010955.jpg?fit=1024%2C768&amp;ssl=1\" data-orig-size=\"1024,768\" data-comments-opened=\"1\" data-image-meta=\"{&quot;aperture&quot;:&quot;0&quot;,&quot;credit&quot;:&quot;&quot;,&quot;camera&quot;:&quot;&quot;,&quot;caption&quot;:&quot;&quot;,&quot;created_timestamp&quot;:&quot;0&quot;,&quot;copyright&quot;:&quot;&quot;,&quot;focal_length&quot;:&quot;0&quot;,&quot;iso&quot;:&quot;0&quot;,&quot;shutter_speed&quot;:&quot;0&quot;,&quot;title&quot;:&quot;&quot;,&quot;orientation&quot;:&quot;0&quot;}\" data-image-title=\"P1010955.jpg\" data-image-description=\"\" data-image-caption=\"\" data-medium-file=\"https:\/\/i0.wp.com\/genevieveetbernardauxameriques.fr\/wp-content\/uploads\/2016\/03\/P1010955.jpg?fit=300%2C225&amp;ssl=1\" data-large-file=\"https:\/\/i0.wp.com\/genevieveetbernardauxameriques.fr\/wp-content\/uploads\/2016\/03\/P1010955.jpg?fit=640%2C480&amp;ssl=1\" class=\"alignnone size-large wp-image-4288\" src=\"https:\/\/i0.wp.com\/genevieveetbernardauxameriques.fr\/wp-content\/uploads\/2016\/03\/P1010955.jpg?resize=640%2C480&#038;ssl=1\" alt=\"\" width=\"640\" height=\"480\" srcset=\"https:\/\/i0.wp.com\/genevieveetbernardauxameriques.fr\/wp-content\/uploads\/2016\/03\/P1010955.jpg?w=1024&amp;ssl=1 1024w, https:\/\/i0.wp.com\/genevieveetbernardauxameriques.fr\/wp-content\/uploads\/2016\/03\/P1010955.jpg?resize=300%2C225&amp;ssl=1 300w, https:\/\/i0.wp.com\/genevieveetbernardauxameriques.fr\/wp-content\/uploads\/2016\/03\/P1010955.jpg?resize=768%2C576&amp;ssl=1 768w\" sizes=\"(max-width: 640px) 100vw, 640px\" data-recalc-dims=\"1\" \/> <img loading=\"lazy\" decoding=\"async\" data-attachment-id=\"4286\" data-permalink=\"https:\/\/genevieveetbernardauxameriques.fr\/index.php\/2016\/03\/29\/de-rio-do-sud-a-rio-de-janeiro\/p1010952-jpg\/\" data-orig-file=\"https:\/\/i0.wp.com\/genevieveetbernardauxameriques.fr\/wp-content\/uploads\/2016\/03\/P1010952.jpg?fit=1024%2C768&amp;ssl=1\" data-orig-size=\"1024,768\" data-comments-opened=\"1\" data-image-meta=\"{&quot;aperture&quot;:&quot;0&quot;,&quot;credit&quot;:&quot;&quot;,&quot;camera&quot;:&quot;&quot;,&quot;caption&quot;:&quot;&quot;,&quot;created_timestamp&quot;:&quot;0&quot;,&quot;copyright&quot;:&quot;&quot;,&quot;focal_length&quot;:&quot;0&quot;,&quot;iso&quot;:&quot;0&quot;,&quot;shutter_speed&quot;:&quot;0&quot;,&quot;title&quot;:&quot;&quot;,&quot;orientation&quot;:&quot;0&quot;}\" data-image-title=\"P1010952.jpg\" data-image-description=\"\" data-image-caption=\"\" data-medium-file=\"https:\/\/i0.wp.com\/genevieveetbernardauxameriques.fr\/wp-content\/uploads\/2016\/03\/P1010952.jpg?fit=300%2C225&amp;ssl=1\" data-large-file=\"https:\/\/i0.wp.com\/genevieveetbernardauxameriques.fr\/wp-content\/uploads\/2016\/03\/P1010952.jpg?fit=640%2C480&amp;ssl=1\" class=\"alignnone size-large wp-image-4286\" src=\"https:\/\/i0.wp.com\/genevieveetbernardauxameriques.fr\/wp-content\/uploads\/2016\/03\/P1010952.jpg?resize=640%2C480&#038;ssl=1\" alt=\"\" width=\"640\" height=\"480\" srcset=\"https:\/\/i0.wp.com\/genevieveetbernardauxameriques.fr\/wp-content\/uploads\/2016\/03\/P1010952.jpg?w=1024&amp;ssl=1 1024w, https:\/\/i0.wp.com\/genevieveetbernardauxameriques.fr\/wp-content\/uploads\/2016\/03\/P1010952.jpg?resize=300%2C225&amp;ssl=1 300w, https:\/\/i0.wp.com\/genevieveetbernardauxameriques.fr\/wp-content\/uploads\/2016\/03\/P1010952.jpg?resize=768%2C576&amp;ssl=1 768w\" sizes=\"(max-width: 640px) 100vw, 640px\" data-recalc-dims=\"1\" \/> <img loading=\"lazy\" decoding=\"async\" data-attachment-id=\"4284\" data-permalink=\"https:\/\/genevieveetbernardauxameriques.fr\/index.php\/2016\/03\/29\/de-rio-do-sud-a-rio-de-janeiro\/p1010951-jpg\/\" data-orig-file=\"https:\/\/i0.wp.com\/genevieveetbernardauxameriques.fr\/wp-content\/uploads\/2016\/03\/P1010951.jpg?fit=1024%2C768&amp;ssl=1\" data-orig-size=\"1024,768\" data-comments-opened=\"1\" data-image-meta=\"{&quot;aperture&quot;:&quot;0&quot;,&quot;credit&quot;:&quot;&quot;,&quot;camera&quot;:&quot;&quot;,&quot;caption&quot;:&quot;&quot;,&quot;created_timestamp&quot;:&quot;0&quot;,&quot;copyright&quot;:&quot;&quot;,&quot;focal_length&quot;:&quot;0&quot;,&quot;iso&quot;:&quot;0&quot;,&quot;shutter_speed&quot;:&quot;0&quot;,&quot;title&quot;:&quot;&quot;,&quot;orientation&quot;:&quot;0&quot;}\" data-image-title=\"P1010951.jpg\" data-image-description=\"\" data-image-caption=\"\" data-medium-file=\"https:\/\/i0.wp.com\/genevieveetbernardauxameriques.fr\/wp-content\/uploads\/2016\/03\/P1010951.jpg?fit=300%2C225&amp;ssl=1\" data-large-file=\"https:\/\/i0.wp.com\/genevieveetbernardauxameriques.fr\/wp-content\/uploads\/2016\/03\/P1010951.jpg?fit=640%2C480&amp;ssl=1\" class=\"alignnone size-large wp-image-4284\" src=\"https:\/\/i0.wp.com\/genevieveetbernardauxameriques.fr\/wp-content\/uploads\/2016\/03\/P1010951.jpg?resize=640%2C480&#038;ssl=1\" alt=\"\" width=\"640\" height=\"480\" srcset=\"https:\/\/i0.wp.com\/genevieveetbernardauxameriques.fr\/wp-content\/uploads\/2016\/03\/P1010951.jpg?w=1024&amp;ssl=1 1024w, https:\/\/i0.wp.com\/genevieveetbernardauxameriques.fr\/wp-content\/uploads\/2016\/03\/P1010951.jpg?resize=300%2C225&amp;ssl=1 300w, https:\/\/i0.wp.com\/genevieveetbernardauxameriques.fr\/wp-content\/uploads\/2016\/03\/P1010951.jpg?resize=768%2C576&amp;ssl=1 768w\" sizes=\"(max-width: 640px) 100vw, 640px\" data-recalc-dims=\"1\" \/> <img loading=\"lazy\" decoding=\"async\" data-attachment-id=\"4282\" data-permalink=\"https:\/\/genevieveetbernardauxameriques.fr\/index.php\/2016\/03\/29\/de-rio-do-sud-a-rio-de-janeiro\/p1010948-jpg\/\" data-orig-file=\"https:\/\/i0.wp.com\/genevieveetbernardauxameriques.fr\/wp-content\/uploads\/2016\/03\/P1010948.jpg?fit=1024%2C768&amp;ssl=1\" data-orig-size=\"1024,768\" data-comments-opened=\"1\" data-image-meta=\"{&quot;aperture&quot;:&quot;0&quot;,&quot;credit&quot;:&quot;&quot;,&quot;camera&quot;:&quot;&quot;,&quot;caption&quot;:&quot;&quot;,&quot;created_timestamp&quot;:&quot;0&quot;,&quot;copyright&quot;:&quot;&quot;,&quot;focal_length&quot;:&quot;0&quot;,&quot;iso&quot;:&quot;0&quot;,&quot;shutter_speed&quot;:&quot;0&quot;,&quot;title&quot;:&quot;&quot;,&quot;orientation&quot;:&quot;0&quot;}\" data-image-title=\"P1010948.jpg\" data-image-description=\"\" data-image-caption=\"\" data-medium-file=\"https:\/\/i0.wp.com\/genevieveetbernardauxameriques.fr\/wp-content\/uploads\/2016\/03\/P1010948.jpg?fit=300%2C225&amp;ssl=1\" data-large-file=\"https:\/\/i0.wp.com\/genevieveetbernardauxameriques.fr\/wp-content\/uploads\/2016\/03\/P1010948.jpg?fit=640%2C480&amp;ssl=1\" class=\"alignnone size-large wp-image-4282\" src=\"https:\/\/i0.wp.com\/genevieveetbernardauxameriques.fr\/wp-content\/uploads\/2016\/03\/P1010948.jpg?resize=640%2C480&#038;ssl=1\" alt=\"\" width=\"640\" height=\"480\" srcset=\"https:\/\/i0.wp.com\/genevieveetbernardauxameriques.fr\/wp-content\/uploads\/2016\/03\/P1010948.jpg?w=1024&amp;ssl=1 1024w, https:\/\/i0.wp.com\/genevieveetbernardauxameriques.fr\/wp-content\/uploads\/2016\/03\/P1010948.jpg?resize=300%2C225&amp;ssl=1 300w, https:\/\/i0.wp.com\/genevieveetbernardauxameriques.fr\/wp-content\/uploads\/2016\/03\/P1010948.jpg?resize=768%2C576&amp;ssl=1 768w\" sizes=\"(max-width: 640px) 100vw, 640px\" data-recalc-dims=\"1\" \/><\/p>\n<p align=\"justify\"><strong>Mardi 15 mars<\/strong><\/p>\n<p align=\"justify\">Le matin je ne me baigne pas, je vais juste marcher au bord de l\u2019eau (il y a un peu trop d\u2019\u00e9gouts)<\/p>\n<p align=\"justify\">2 oiseaux sur la plage<\/p>\n<p align=\"justify\"><img loading=\"lazy\" decoding=\"async\" data-attachment-id=\"4292\" data-permalink=\"https:\/\/genevieveetbernardauxameriques.fr\/index.php\/2016\/03\/29\/de-rio-do-sud-a-rio-de-janeiro\/p1010947-jpg\/\" data-orig-file=\"https:\/\/i0.wp.com\/genevieveetbernardauxameriques.fr\/wp-content\/uploads\/2016\/03\/P1010947.jpg?fit=1024%2C768&amp;ssl=1\" data-orig-size=\"1024,768\" data-comments-opened=\"1\" data-image-meta=\"{&quot;aperture&quot;:&quot;0&quot;,&quot;credit&quot;:&quot;&quot;,&quot;camera&quot;:&quot;&quot;,&quot;caption&quot;:&quot;&quot;,&quot;created_timestamp&quot;:&quot;0&quot;,&quot;copyright&quot;:&quot;&quot;,&quot;focal_length&quot;:&quot;0&quot;,&quot;iso&quot;:&quot;0&quot;,&quot;shutter_speed&quot;:&quot;0&quot;,&quot;title&quot;:&quot;&quot;,&quot;orientation&quot;:&quot;0&quot;}\" data-image-title=\"P1010947.jpg\" data-image-description=\"\" data-image-caption=\"\" data-medium-file=\"https:\/\/i0.wp.com\/genevieveetbernardauxameriques.fr\/wp-content\/uploads\/2016\/03\/P1010947.jpg?fit=300%2C225&amp;ssl=1\" data-large-file=\"https:\/\/i0.wp.com\/genevieveetbernardauxameriques.fr\/wp-content\/uploads\/2016\/03\/P1010947.jpg?fit=640%2C480&amp;ssl=1\" class=\"alignnone size-large wp-image-4292\" src=\"https:\/\/i0.wp.com\/genevieveetbernardauxameriques.fr\/wp-content\/uploads\/2016\/03\/P1010947.jpg?resize=640%2C480&#038;ssl=1\" alt=\"\" width=\"640\" height=\"480\" srcset=\"https:\/\/i0.wp.com\/genevieveetbernardauxameriques.fr\/wp-content\/uploads\/2016\/03\/P1010947.jpg?w=1024&amp;ssl=1 1024w, https:\/\/i0.wp.com\/genevieveetbernardauxameriques.fr\/wp-content\/uploads\/2016\/03\/P1010947.jpg?resize=300%2C225&amp;ssl=1 300w, https:\/\/i0.wp.com\/genevieveetbernardauxameriques.fr\/wp-content\/uploads\/2016\/03\/P1010947.jpg?resize=768%2C576&amp;ssl=1 768w\" sizes=\"(max-width: 640px) 100vw, 640px\" data-recalc-dims=\"1\" \/> <img loading=\"lazy\" decoding=\"async\" data-attachment-id=\"4290\" data-permalink=\"https:\/\/genevieveetbernardauxameriques.fr\/index.php\/2016\/03\/29\/de-rio-do-sud-a-rio-de-janeiro\/p1010945-jpg\/\" data-orig-file=\"https:\/\/i0.wp.com\/genevieveetbernardauxameriques.fr\/wp-content\/uploads\/2016\/03\/P1010945.jpg?fit=1024%2C768&amp;ssl=1\" data-orig-size=\"1024,768\" data-comments-opened=\"1\" data-image-meta=\"{&quot;aperture&quot;:&quot;0&quot;,&quot;credit&quot;:&quot;&quot;,&quot;camera&quot;:&quot;&quot;,&quot;caption&quot;:&quot;&quot;,&quot;created_timestamp&quot;:&quot;0&quot;,&quot;copyright&quot;:&quot;&quot;,&quot;focal_length&quot;:&quot;0&quot;,&quot;iso&quot;:&quot;0&quot;,&quot;shutter_speed&quot;:&quot;0&quot;,&quot;title&quot;:&quot;&quot;,&quot;orientation&quot;:&quot;0&quot;}\" data-image-title=\"P1010945.jpg\" data-image-description=\"\" data-image-caption=\"\" data-medium-file=\"https:\/\/i0.wp.com\/genevieveetbernardauxameriques.fr\/wp-content\/uploads\/2016\/03\/P1010945.jpg?fit=300%2C225&amp;ssl=1\" data-large-file=\"https:\/\/i0.wp.com\/genevieveetbernardauxameriques.fr\/wp-content\/uploads\/2016\/03\/P1010945.jpg?fit=640%2C480&amp;ssl=1\" class=\"alignnone size-large wp-image-4290\" src=\"https:\/\/i0.wp.com\/genevieveetbernardauxameriques.fr\/wp-content\/uploads\/2016\/03\/P1010945.jpg?resize=640%2C480&#038;ssl=1\" alt=\"\" width=\"640\" height=\"480\" srcset=\"https:\/\/i0.wp.com\/genevieveetbernardauxameriques.fr\/wp-content\/uploads\/2016\/03\/P1010945.jpg?w=1024&amp;ssl=1 1024w, https:\/\/i0.wp.com\/genevieveetbernardauxameriques.fr\/wp-content\/uploads\/2016\/03\/P1010945.jpg?resize=300%2C225&amp;ssl=1 300w, https:\/\/i0.wp.com\/genevieveetbernardauxameriques.fr\/wp-content\/uploads\/2016\/03\/P1010945.jpg?resize=768%2C576&amp;ssl=1 768w\" sizes=\"(max-width: 640px) 100vw, 640px\" data-recalc-dims=\"1\" \/><\/p>\n<p align=\"justify\">Nous passons \u00e0 SAO SEBASTIAO o\u00f9 nous nous arr\u00eatons juste pour prendre quelques photos.<\/p>\n<p align=\"justify\"><img loading=\"lazy\" decoding=\"async\" data-attachment-id=\"4296\" data-permalink=\"https:\/\/genevieveetbernardauxameriques.fr\/index.php\/2016\/03\/29\/de-rio-do-sud-a-rio-de-janeiro\/20160315_104943-jpg\/\" data-orig-file=\"https:\/\/i0.wp.com\/genevieveetbernardauxameriques.fr\/wp-content\/uploads\/2016\/03\/20160315_104943.jpg?fit=1024%2C768&amp;ssl=1\" data-orig-size=\"1024,768\" data-comments-opened=\"1\" data-image-meta=\"{&quot;aperture&quot;:&quot;0&quot;,&quot;credit&quot;:&quot;&quot;,&quot;camera&quot;:&quot;&quot;,&quot;caption&quot;:&quot;&quot;,&quot;created_timestamp&quot;:&quot;0&quot;,&quot;copyright&quot;:&quot;&quot;,&quot;focal_length&quot;:&quot;0&quot;,&quot;iso&quot;:&quot;0&quot;,&quot;shutter_speed&quot;:&quot;0&quot;,&quot;title&quot;:&quot;&quot;,&quot;orientation&quot;:&quot;0&quot;}\" data-image-title=\"20160315_104943.jpg\" data-image-description=\"\" data-image-caption=\"\" data-medium-file=\"https:\/\/i0.wp.com\/genevieveetbernardauxameriques.fr\/wp-content\/uploads\/2016\/03\/20160315_104943.jpg?fit=300%2C225&amp;ssl=1\" data-large-file=\"https:\/\/i0.wp.com\/genevieveetbernardauxameriques.fr\/wp-content\/uploads\/2016\/03\/20160315_104943.jpg?fit=640%2C480&amp;ssl=1\" class=\"alignnone size-large wp-image-4296\" src=\"https:\/\/i0.wp.com\/genevieveetbernardauxameriques.fr\/wp-content\/uploads\/2016\/03\/20160315_104943.jpg?resize=640%2C480&#038;ssl=1\" alt=\"\" width=\"640\" height=\"480\" srcset=\"https:\/\/i0.wp.com\/genevieveetbernardauxameriques.fr\/wp-content\/uploads\/2016\/03\/20160315_104943.jpg?w=1024&amp;ssl=1 1024w, https:\/\/i0.wp.com\/genevieveetbernardauxameriques.fr\/wp-content\/uploads\/2016\/03\/20160315_104943.jpg?resize=300%2C225&amp;ssl=1 300w, https:\/\/i0.wp.com\/genevieveetbernardauxameriques.fr\/wp-content\/uploads\/2016\/03\/20160315_104943.jpg?resize=768%2C576&amp;ssl=1 768w\" sizes=\"(max-width: 640px) 100vw, 640px\" data-recalc-dims=\"1\" \/> <img loading=\"lazy\" decoding=\"async\" data-attachment-id=\"4294\" data-permalink=\"https:\/\/genevieveetbernardauxameriques.fr\/index.php\/2016\/03\/29\/de-rio-do-sud-a-rio-de-janeiro\/20160315_104059-jpg\/\" data-orig-file=\"https:\/\/i0.wp.com\/genevieveetbernardauxameriques.fr\/wp-content\/uploads\/2016\/03\/20160315_104059.jpg?fit=1024%2C768&amp;ssl=1\" data-orig-size=\"1024,768\" data-comments-opened=\"1\" data-image-meta=\"{&quot;aperture&quot;:&quot;0&quot;,&quot;credit&quot;:&quot;&quot;,&quot;camera&quot;:&quot;&quot;,&quot;caption&quot;:&quot;&quot;,&quot;created_timestamp&quot;:&quot;0&quot;,&quot;copyright&quot;:&quot;&quot;,&quot;focal_length&quot;:&quot;0&quot;,&quot;iso&quot;:&quot;0&quot;,&quot;shutter_speed&quot;:&quot;0&quot;,&quot;title&quot;:&quot;&quot;,&quot;orientation&quot;:&quot;0&quot;}\" data-image-title=\"20160315_104059.jpg\" data-image-description=\"\" data-image-caption=\"\" data-medium-file=\"https:\/\/i0.wp.com\/genevieveetbernardauxameriques.fr\/wp-content\/uploads\/2016\/03\/20160315_104059.jpg?fit=300%2C225&amp;ssl=1\" data-large-file=\"https:\/\/i0.wp.com\/genevieveetbernardauxameriques.fr\/wp-content\/uploads\/2016\/03\/20160315_104059.jpg?fit=640%2C480&amp;ssl=1\" class=\"alignnone size-large wp-image-4294\" src=\"https:\/\/i0.wp.com\/genevieveetbernardauxameriques.fr\/wp-content\/uploads\/2016\/03\/20160315_104059.jpg?resize=640%2C480&#038;ssl=1\" alt=\"\" width=\"640\" height=\"480\" srcset=\"https:\/\/i0.wp.com\/genevieveetbernardauxameriques.fr\/wp-content\/uploads\/2016\/03\/20160315_104059.jpg?w=1024&amp;ssl=1 1024w, https:\/\/i0.wp.com\/genevieveetbernardauxameriques.fr\/wp-content\/uploads\/2016\/03\/20160315_104059.jpg?resize=300%2C225&amp;ssl=1 300w, https:\/\/i0.wp.com\/genevieveetbernardauxameriques.fr\/wp-content\/uploads\/2016\/03\/20160315_104059.jpg?resize=768%2C576&amp;ssl=1 768w\" sizes=\"(max-width: 640px) 100vw, 640px\" data-recalc-dims=\"1\" \/><\/p>\n<p align=\"justify\">Et le midi on s\u2019installe \u00e0 UBATUBA pour manger dans le camper, le long de la plage, lorsque tout \u00e0 coup un camping-car s\u2019arr\u00eate \u00e0 c\u00f4t\u00e9 de nous, il s\u2019agit de la famille belge que nous avions rencontr\u00e9e \u00e0 SAN JULIAN (pr\u00e8s du bateau mus\u00e9e) dans le sud de l\u2019Argentine. (blog : vwontheways.be)<\/p>\n<p align=\"justify\">Nous \u00e9changONS quelques tuyaux, mais ils vont nous quitter assez vite, nous sommes en plein soleil et il fait vraiment chaud surtout pour les enfants.<\/p>\n<p align=\"justify\">Nous franchissons le Tropique du Capricorne.<\/p>\n<p align=\"justify\">Nous avons envie d\u2019aller \u00e0 TRINDADE une plage \u00e0 25 kms avant PARATY, mais il n\u2019y a qu\u2019une route tr\u00e8s \u00e9troite et l\u2019on ne peut s\u2019y garer pour dormir.<\/p>\n<p align=\"justify\"><img loading=\"lazy\" decoding=\"async\" data-attachment-id=\"4300\" data-permalink=\"https:\/\/genevieveetbernardauxameriques.fr\/index.php\/2016\/03\/29\/de-rio-do-sud-a-rio-de-janeiro\/20160315_160955-jpg\/\" data-orig-file=\"https:\/\/i0.wp.com\/genevieveetbernardauxameriques.fr\/wp-content\/uploads\/2016\/03\/20160315_160955-e1581002039386.jpg?fit=1024%2C614&amp;ssl=1\" data-orig-size=\"1024,614\" data-comments-opened=\"1\" data-image-meta=\"{&quot;aperture&quot;:&quot;0&quot;,&quot;credit&quot;:&quot;&quot;,&quot;camera&quot;:&quot;&quot;,&quot;caption&quot;:&quot;&quot;,&quot;created_timestamp&quot;:&quot;0&quot;,&quot;copyright&quot;:&quot;&quot;,&quot;focal_length&quot;:&quot;0&quot;,&quot;iso&quot;:&quot;0&quot;,&quot;shutter_speed&quot;:&quot;0&quot;,&quot;title&quot;:&quot;&quot;,&quot;orientation&quot;:&quot;0&quot;}\" data-image-title=\"20160315_160955.jpg\" data-image-description=\"\" data-image-caption=\"\" data-medium-file=\"https:\/\/i0.wp.com\/genevieveetbernardauxameriques.fr\/wp-content\/uploads\/2016\/03\/20160315_160955-e1581002039386.jpg?fit=300%2C180&amp;ssl=1\" data-large-file=\"https:\/\/i0.wp.com\/genevieveetbernardauxameriques.fr\/wp-content\/uploads\/2016\/03\/20160315_160955-e1581002039386.jpg?fit=640%2C384&amp;ssl=1\" class=\"alignnone size-large wp-image-4300\" src=\"https:\/\/i0.wp.com\/genevieveetbernardauxameriques.fr\/wp-content\/uploads\/2016\/03\/20160315_160955-e1581002039386-1024x614.jpg?resize=640%2C384&#038;ssl=1\" alt=\"\" width=\"640\" height=\"384\" srcset=\"https:\/\/i0.wp.com\/genevieveetbernardauxameriques.fr\/wp-content\/uploads\/2016\/03\/20160315_160955-e1581002039386.jpg?w=1024&amp;ssl=1 1024w, https:\/\/i0.wp.com\/genevieveetbernardauxameriques.fr\/wp-content\/uploads\/2016\/03\/20160315_160955-e1581002039386.jpg?resize=300%2C180&amp;ssl=1 300w, https:\/\/i0.wp.com\/genevieveetbernardauxameriques.fr\/wp-content\/uploads\/2016\/03\/20160315_160955-e1581002039386.jpg?resize=768%2C461&amp;ssl=1 768w\" sizes=\"(max-width: 640px) 100vw, 640px\" data-recalc-dims=\"1\" \/><img loading=\"lazy\" decoding=\"async\" data-attachment-id=\"4298\" data-permalink=\"https:\/\/genevieveetbernardauxameriques.fr\/index.php\/2016\/03\/29\/de-rio-do-sud-a-rio-de-janeiro\/20160315_162937-jpg\/\" data-orig-file=\"https:\/\/i0.wp.com\/genevieveetbernardauxameriques.fr\/wp-content\/uploads\/2016\/03\/20160315_162937-e1581001978842.jpg?fit=1024%2C660&amp;ssl=1\" data-orig-size=\"1024,660\" data-comments-opened=\"1\" data-image-meta=\"{&quot;aperture&quot;:&quot;0&quot;,&quot;credit&quot;:&quot;&quot;,&quot;camera&quot;:&quot;&quot;,&quot;caption&quot;:&quot;&quot;,&quot;created_timestamp&quot;:&quot;0&quot;,&quot;copyright&quot;:&quot;&quot;,&quot;focal_length&quot;:&quot;0&quot;,&quot;iso&quot;:&quot;0&quot;,&quot;shutter_speed&quot;:&quot;0&quot;,&quot;title&quot;:&quot;&quot;,&quot;orientation&quot;:&quot;0&quot;}\" data-image-title=\"20160315_162937.jpg\" data-image-description=\"\" data-image-caption=\"\" data-medium-file=\"https:\/\/i0.wp.com\/genevieveetbernardauxameriques.fr\/wp-content\/uploads\/2016\/03\/20160315_162937-e1581001978842.jpg?fit=300%2C193&amp;ssl=1\" data-large-file=\"https:\/\/i0.wp.com\/genevieveetbernardauxameriques.fr\/wp-content\/uploads\/2016\/03\/20160315_162937-e1581001978842.jpg?fit=640%2C413&amp;ssl=1\" class=\"alignnone size-large wp-image-4298\" src=\"https:\/\/i0.wp.com\/genevieveetbernardauxameriques.fr\/wp-content\/uploads\/2016\/03\/20160315_162937-e1581001978842-1024x660.jpg?resize=640%2C413&#038;ssl=1\" alt=\"\" width=\"640\" height=\"413\" srcset=\"https:\/\/i0.wp.com\/genevieveetbernardauxameriques.fr\/wp-content\/uploads\/2016\/03\/20160315_162937-e1581001978842.jpg?w=1024&amp;ssl=1 1024w, https:\/\/i0.wp.com\/genevieveetbernardauxameriques.fr\/wp-content\/uploads\/2016\/03\/20160315_162937-e1581001978842.jpg?resize=300%2C193&amp;ssl=1 300w, https:\/\/i0.wp.com\/genevieveetbernardauxameriques.fr\/wp-content\/uploads\/2016\/03\/20160315_162937-e1581001978842.jpg?resize=768%2C495&amp;ssl=1 768w\" sizes=\"(max-width: 640px) 100vw, 640px\" data-recalc-dims=\"1\" \/><\/p>\n<p align=\"justify\">la descente au village \u00e9tait raide<\/p>\n<p align=\"justify\"><img loading=\"lazy\" decoding=\"async\" data-attachment-id=\"4302\" data-permalink=\"https:\/\/genevieveetbernardauxameriques.fr\/index.php\/2016\/03\/29\/de-rio-do-sud-a-rio-de-janeiro\/20160315_155022-jpg\/\" data-orig-file=\"https:\/\/i0.wp.com\/genevieveetbernardauxameriques.fr\/wp-content\/uploads\/2016\/03\/20160315_155022.jpg?fit=1024%2C768&amp;ssl=1\" data-orig-size=\"1024,768\" data-comments-opened=\"1\" data-image-meta=\"{&quot;aperture&quot;:&quot;0&quot;,&quot;credit&quot;:&quot;&quot;,&quot;camera&quot;:&quot;&quot;,&quot;caption&quot;:&quot;&quot;,&quot;created_timestamp&quot;:&quot;0&quot;,&quot;copyright&quot;:&quot;&quot;,&quot;focal_length&quot;:&quot;0&quot;,&quot;iso&quot;:&quot;0&quot;,&quot;shutter_speed&quot;:&quot;0&quot;,&quot;title&quot;:&quot;&quot;,&quot;orientation&quot;:&quot;0&quot;}\" data-image-title=\"20160315_155022.jpg\" data-image-description=\"\" data-image-caption=\"\" data-medium-file=\"https:\/\/i0.wp.com\/genevieveetbernardauxameriques.fr\/wp-content\/uploads\/2016\/03\/20160315_155022.jpg?fit=300%2C225&amp;ssl=1\" data-large-file=\"https:\/\/i0.wp.com\/genevieveetbernardauxameriques.fr\/wp-content\/uploads\/2016\/03\/20160315_155022.jpg?fit=640%2C480&amp;ssl=1\" class=\"alignnone size-large wp-image-4302\" src=\"https:\/\/i0.wp.com\/genevieveetbernardauxameriques.fr\/wp-content\/uploads\/2016\/03\/20160315_155022.jpg?resize=640%2C480&#038;ssl=1\" alt=\"\" width=\"640\" height=\"480\" srcset=\"https:\/\/i0.wp.com\/genevieveetbernardauxameriques.fr\/wp-content\/uploads\/2016\/03\/20160315_155022.jpg?w=1024&amp;ssl=1 1024w, https:\/\/i0.wp.com\/genevieveetbernardauxameriques.fr\/wp-content\/uploads\/2016\/03\/20160315_155022.jpg?resize=300%2C225&amp;ssl=1 300w, https:\/\/i0.wp.com\/genevieveetbernardauxameriques.fr\/wp-content\/uploads\/2016\/03\/20160315_155022.jpg?resize=768%2C576&amp;ssl=1 768w\" sizes=\"(max-width: 640px) 100vw, 640px\" data-recalc-dims=\"1\" \/> <img loading=\"lazy\" decoding=\"async\" data-attachment-id=\"4304\" data-permalink=\"https:\/\/genevieveetbernardauxameriques.fr\/index.php\/2016\/03\/29\/de-rio-do-sud-a-rio-de-janeiro\/20160315_160911-jpg\/\" data-orig-file=\"https:\/\/i0.wp.com\/genevieveetbernardauxameriques.fr\/wp-content\/uploads\/2016\/03\/20160315_160911.jpg?fit=1024%2C768&amp;ssl=1\" data-orig-size=\"1024,768\" data-comments-opened=\"1\" data-image-meta=\"{&quot;aperture&quot;:&quot;0&quot;,&quot;credit&quot;:&quot;&quot;,&quot;camera&quot;:&quot;&quot;,&quot;caption&quot;:&quot;&quot;,&quot;created_timestamp&quot;:&quot;0&quot;,&quot;copyright&quot;:&quot;&quot;,&quot;focal_length&quot;:&quot;0&quot;,&quot;iso&quot;:&quot;0&quot;,&quot;shutter_speed&quot;:&quot;0&quot;,&quot;title&quot;:&quot;&quot;,&quot;orientation&quot;:&quot;0&quot;}\" data-image-title=\"20160315_160911.jpg\" data-image-description=\"\" data-image-caption=\"\" data-medium-file=\"https:\/\/i0.wp.com\/genevieveetbernardauxameriques.fr\/wp-content\/uploads\/2016\/03\/20160315_160911.jpg?fit=300%2C225&amp;ssl=1\" data-large-file=\"https:\/\/i0.wp.com\/genevieveetbernardauxameriques.fr\/wp-content\/uploads\/2016\/03\/20160315_160911.jpg?fit=640%2C480&amp;ssl=1\" class=\"alignnone size-large wp-image-4304\" src=\"https:\/\/i0.wp.com\/genevieveetbernardauxameriques.fr\/wp-content\/uploads\/2016\/03\/20160315_160911.jpg?resize=640%2C480&#038;ssl=1\" alt=\"\" width=\"640\" height=\"480\" srcset=\"https:\/\/i0.wp.com\/genevieveetbernardauxameriques.fr\/wp-content\/uploads\/2016\/03\/20160315_160911.jpg?w=1024&amp;ssl=1 1024w, https:\/\/i0.wp.com\/genevieveetbernardauxameriques.fr\/wp-content\/uploads\/2016\/03\/20160315_160911.jpg?resize=300%2C225&amp;ssl=1 300w, https:\/\/i0.wp.com\/genevieveetbernardauxameriques.fr\/wp-content\/uploads\/2016\/03\/20160315_160911.jpg?resize=768%2C576&amp;ssl=1 768w\" sizes=\"(max-width: 640px) 100vw, 640px\" data-recalc-dims=\"1\" \/><\/p>\n<p>Le soir nous arriverons \u00e0 <strong>PARATY<\/strong> et nous bivouaqUons 3 jours au bord du canal devant la brasserie \u201cCERVEZA CABORE\u201d (wifi CABORE 420) endroit indiqu\u00e9 par Nicolas ce matin.<\/p>\n<p><img loading=\"lazy\" decoding=\"async\" data-attachment-id=\"4310\" data-permalink=\"https:\/\/genevieveetbernardauxameriques.fr\/index.php\/2016\/03\/29\/de-rio-do-sud-a-rio-de-janeiro\/p1010972-jpg\/\" data-orig-file=\"https:\/\/i0.wp.com\/genevieveetbernardauxameriques.fr\/wp-content\/uploads\/2016\/03\/P1010972.jpg?fit=1024%2C768&amp;ssl=1\" data-orig-size=\"1024,768\" data-comments-opened=\"1\" data-image-meta=\"{&quot;aperture&quot;:&quot;0&quot;,&quot;credit&quot;:&quot;&quot;,&quot;camera&quot;:&quot;&quot;,&quot;caption&quot;:&quot;&quot;,&quot;created_timestamp&quot;:&quot;0&quot;,&quot;copyright&quot;:&quot;&quot;,&quot;focal_length&quot;:&quot;0&quot;,&quot;iso&quot;:&quot;0&quot;,&quot;shutter_speed&quot;:&quot;0&quot;,&quot;title&quot;:&quot;&quot;,&quot;orientation&quot;:&quot;0&quot;}\" data-image-title=\"P1010972.jpg\" data-image-description=\"\" data-image-caption=\"\" data-medium-file=\"https:\/\/i0.wp.com\/genevieveetbernardauxameriques.fr\/wp-content\/uploads\/2016\/03\/P1010972.jpg?fit=300%2C225&amp;ssl=1\" data-large-file=\"https:\/\/i0.wp.com\/genevieveetbernardauxameriques.fr\/wp-content\/uploads\/2016\/03\/P1010972.jpg?fit=640%2C480&amp;ssl=1\" class=\"alignnone size-large wp-image-4310\" src=\"https:\/\/i0.wp.com\/genevieveetbernardauxameriques.fr\/wp-content\/uploads\/2016\/03\/P1010972.jpg?resize=640%2C480&#038;ssl=1\" alt=\"\" width=\"640\" height=\"480\" srcset=\"https:\/\/i0.wp.com\/genevieveetbernardauxameriques.fr\/wp-content\/uploads\/2016\/03\/P1010972.jpg?w=1024&amp;ssl=1 1024w, https:\/\/i0.wp.com\/genevieveetbernardauxameriques.fr\/wp-content\/uploads\/2016\/03\/P1010972.jpg?resize=300%2C225&amp;ssl=1 300w, https:\/\/i0.wp.com\/genevieveetbernardauxameriques.fr\/wp-content\/uploads\/2016\/03\/P1010972.jpg?resize=768%2C576&amp;ssl=1 768w\" sizes=\"(max-width: 640px) 100vw, 640px\" data-recalc-dims=\"1\" \/> <img loading=\"lazy\" decoding=\"async\" data-attachment-id=\"4308\" data-permalink=\"https:\/\/genevieveetbernardauxameriques.fr\/index.php\/2016\/03\/29\/de-rio-do-sud-a-rio-de-janeiro\/p1010971-jpg\/\" data-orig-file=\"https:\/\/i0.wp.com\/genevieveetbernardauxameriques.fr\/wp-content\/uploads\/2016\/03\/P1010971.jpg?fit=1024%2C768&amp;ssl=1\" data-orig-size=\"1024,768\" data-comments-opened=\"1\" data-image-meta=\"{&quot;aperture&quot;:&quot;0&quot;,&quot;credit&quot;:&quot;&quot;,&quot;camera&quot;:&quot;&quot;,&quot;caption&quot;:&quot;&quot;,&quot;created_timestamp&quot;:&quot;0&quot;,&quot;copyright&quot;:&quot;&quot;,&quot;focal_length&quot;:&quot;0&quot;,&quot;iso&quot;:&quot;0&quot;,&quot;shutter_speed&quot;:&quot;0&quot;,&quot;title&quot;:&quot;&quot;,&quot;orientation&quot;:&quot;0&quot;}\" data-image-title=\"P1010971.jpg\" data-image-description=\"\" data-image-caption=\"\" data-medium-file=\"https:\/\/i0.wp.com\/genevieveetbernardauxameriques.fr\/wp-content\/uploads\/2016\/03\/P1010971.jpg?fit=300%2C225&amp;ssl=1\" data-large-file=\"https:\/\/i0.wp.com\/genevieveetbernardauxameriques.fr\/wp-content\/uploads\/2016\/03\/P1010971.jpg?fit=640%2C480&amp;ssl=1\" class=\"alignnone size-large wp-image-4308\" src=\"https:\/\/i0.wp.com\/genevieveetbernardauxameriques.fr\/wp-content\/uploads\/2016\/03\/P1010971.jpg?resize=640%2C480&#038;ssl=1\" alt=\"\" width=\"640\" height=\"480\" srcset=\"https:\/\/i0.wp.com\/genevieveetbernardauxameriques.fr\/wp-content\/uploads\/2016\/03\/P1010971.jpg?w=1024&amp;ssl=1 1024w, https:\/\/i0.wp.com\/genevieveetbernardauxameriques.fr\/wp-content\/uploads\/2016\/03\/P1010971.jpg?resize=300%2C225&amp;ssl=1 300w, https:\/\/i0.wp.com\/genevieveetbernardauxameriques.fr\/wp-content\/uploads\/2016\/03\/P1010971.jpg?resize=768%2C576&amp;ssl=1 768w\" sizes=\"(max-width: 640px) 100vw, 640px\" data-recalc-dims=\"1\" \/> <img loading=\"lazy\" decoding=\"async\" data-attachment-id=\"4306\" data-permalink=\"https:\/\/genevieveetbernardauxameriques.fr\/index.php\/2016\/03\/29\/de-rio-do-sud-a-rio-de-janeiro\/20160317_085309-jpg\/\" data-orig-file=\"https:\/\/i0.wp.com\/genevieveetbernardauxameriques.fr\/wp-content\/uploads\/2016\/03\/20160317_085309.jpg?fit=1024%2C768&amp;ssl=1\" data-orig-size=\"1024,768\" data-comments-opened=\"1\" data-image-meta=\"{&quot;aperture&quot;:&quot;0&quot;,&quot;credit&quot;:&quot;&quot;,&quot;camera&quot;:&quot;&quot;,&quot;caption&quot;:&quot;&quot;,&quot;created_timestamp&quot;:&quot;0&quot;,&quot;copyright&quot;:&quot;&quot;,&quot;focal_length&quot;:&quot;0&quot;,&quot;iso&quot;:&quot;0&quot;,&quot;shutter_speed&quot;:&quot;0&quot;,&quot;title&quot;:&quot;&quot;,&quot;orientation&quot;:&quot;0&quot;}\" data-image-title=\"20160317_085309.jpg\" data-image-description=\"\" data-image-caption=\"\" data-medium-file=\"https:\/\/i0.wp.com\/genevieveetbernardauxameriques.fr\/wp-content\/uploads\/2016\/03\/20160317_085309.jpg?fit=300%2C225&amp;ssl=1\" data-large-file=\"https:\/\/i0.wp.com\/genevieveetbernardauxameriques.fr\/wp-content\/uploads\/2016\/03\/20160317_085309.jpg?fit=640%2C480&amp;ssl=1\" class=\"alignnone size-large wp-image-4306\" src=\"https:\/\/i0.wp.com\/genevieveetbernardauxameriques.fr\/wp-content\/uploads\/2016\/03\/20160317_085309.jpg?resize=640%2C480&#038;ssl=1\" alt=\"\" width=\"640\" height=\"480\" srcset=\"https:\/\/i0.wp.com\/genevieveetbernardauxameriques.fr\/wp-content\/uploads\/2016\/03\/20160317_085309.jpg?w=1024&amp;ssl=1 1024w, https:\/\/i0.wp.com\/genevieveetbernardauxameriques.fr\/wp-content\/uploads\/2016\/03\/20160317_085309.jpg?resize=300%2C225&amp;ssl=1 300w, https:\/\/i0.wp.com\/genevieveetbernardauxameriques.fr\/wp-content\/uploads\/2016\/03\/20160317_085309.jpg?resize=768%2C576&amp;ssl=1 768w\" sizes=\"(max-width: 640px) 100vw, 640px\" data-recalc-dims=\"1\" \/><\/p>\n<p><img loading=\"lazy\" decoding=\"async\" data-attachment-id=\"4312\" data-permalink=\"https:\/\/genevieveetbernardauxameriques.fr\/index.php\/2016\/03\/29\/de-rio-do-sud-a-rio-de-janeiro\/p1010994-jpg\/\" data-orig-file=\"https:\/\/i0.wp.com\/genevieveetbernardauxameriques.fr\/wp-content\/uploads\/2016\/03\/P1010994.jpg?fit=1024%2C768&amp;ssl=1\" data-orig-size=\"1024,768\" data-comments-opened=\"1\" data-image-meta=\"{&quot;aperture&quot;:&quot;0&quot;,&quot;credit&quot;:&quot;&quot;,&quot;camera&quot;:&quot;&quot;,&quot;caption&quot;:&quot;&quot;,&quot;created_timestamp&quot;:&quot;0&quot;,&quot;copyright&quot;:&quot;&quot;,&quot;focal_length&quot;:&quot;0&quot;,&quot;iso&quot;:&quot;0&quot;,&quot;shutter_speed&quot;:&quot;0&quot;,&quot;title&quot;:&quot;&quot;,&quot;orientation&quot;:&quot;0&quot;}\" data-image-title=\"P1010994.jpg\" data-image-description=\"\" data-image-caption=\"\" data-medium-file=\"https:\/\/i0.wp.com\/genevieveetbernardauxameriques.fr\/wp-content\/uploads\/2016\/03\/P1010994.jpg?fit=300%2C225&amp;ssl=1\" data-large-file=\"https:\/\/i0.wp.com\/genevieveetbernardauxameriques.fr\/wp-content\/uploads\/2016\/03\/P1010994.jpg?fit=640%2C480&amp;ssl=1\" class=\"alignnone size-large wp-image-4312\" src=\"https:\/\/i0.wp.com\/genevieveetbernardauxameriques.fr\/wp-content\/uploads\/2016\/03\/P1010994.jpg?resize=640%2C480&#038;ssl=1\" alt=\"\" width=\"640\" height=\"480\" srcset=\"https:\/\/i0.wp.com\/genevieveetbernardauxameriques.fr\/wp-content\/uploads\/2016\/03\/P1010994.jpg?w=1024&amp;ssl=1 1024w, https:\/\/i0.wp.com\/genevieveetbernardauxameriques.fr\/wp-content\/uploads\/2016\/03\/P1010994.jpg?resize=300%2C225&amp;ssl=1 300w, https:\/\/i0.wp.com\/genevieveetbernardauxameriques.fr\/wp-content\/uploads\/2016\/03\/P1010994.jpg?resize=768%2C576&amp;ssl=1 768w\" sizes=\"(max-width: 640px) 100vw, 640px\" data-recalc-dims=\"1\" \/><\/p>\n<p>Cet oiseau \u00e9tait \u00e0 c\u00f4t\u00e9 de nous dans le canal<\/p>\n<p><strong>Mercredi, jeudi et vendredi<\/strong><\/p>\n<p><strong>PARATY<\/strong><\/p>\n<p>Ville coloniale, ayant pour arri\u00e8re-plan des montagnes escarp\u00e9es couvertes de jungles et une soixantaine d&rsquo;\u00eeles.<\/p>\n<p>Pas de voitures dans le centre historique, rues pav\u00e9es et belles demeures en font une ville tr\u00e8s touristique.<\/p>\n<p>Elle suit le plan d&rsquo;un carr\u00e9, ferm\u00e9 d&rsquo;une \u00e9glise baroque \u00e0 chaque sommet, rien ne semble avoir boug\u00e9 ici depuis l&rsquo;\u00e9poque coloniale, \u00e0 part une for\u00eat de poteaux \u00e9lectriques qui tendent leurs fils d&rsquo;une maison \u00e0 l&rsquo;autre. Ils doivent \u00eatre enterr\u00e9s car la ville a \u00e9t\u00e9 class\u00e9e monument historique national en 1966, cela fait d\u00e9sordre !<\/p>\n<p>C&rsquo;est seulement en 1960 que la route c\u00f4ti\u00e8re a \u00e9t\u00e9 prolong\u00e9e de SAO PAULO \u00e0 PARATY (330 Kms). Avant cette date, on ne pouvait passer que par l&rsquo;int\u00e9rieur des terres par une petite piste et avant 1954, seule la mer permettait l&rsquo;acc\u00e8s \u00e0 la ville.<\/p>\n<p>Le 1er jour, nous avons pass\u00e9 la journ\u00e9e \u00e0 visiter la ville. Vers 15 h, comme depuis quelques jours, il s&rsquo;est mis \u00e0 tomber des cordes.<\/p>\n<p><img loading=\"lazy\" decoding=\"async\" data-attachment-id=\"4322\" data-permalink=\"https:\/\/genevieveetbernardauxameriques.fr\/index.php\/2016\/03\/29\/de-rio-do-sud-a-rio-de-janeiro\/p1010986-jpg\/\" data-orig-file=\"https:\/\/i0.wp.com\/genevieveetbernardauxameriques.fr\/wp-content\/uploads\/2016\/03\/P1010986.jpg?fit=1024%2C768&amp;ssl=1\" data-orig-size=\"1024,768\" data-comments-opened=\"1\" data-image-meta=\"{&quot;aperture&quot;:&quot;0&quot;,&quot;credit&quot;:&quot;&quot;,&quot;camera&quot;:&quot;&quot;,&quot;caption&quot;:&quot;&quot;,&quot;created_timestamp&quot;:&quot;0&quot;,&quot;copyright&quot;:&quot;&quot;,&quot;focal_length&quot;:&quot;0&quot;,&quot;iso&quot;:&quot;0&quot;,&quot;shutter_speed&quot;:&quot;0&quot;,&quot;title&quot;:&quot;&quot;,&quot;orientation&quot;:&quot;0&quot;}\" data-image-title=\"P1010986.jpg\" data-image-description=\"\" data-image-caption=\"\" data-medium-file=\"https:\/\/i0.wp.com\/genevieveetbernardauxameriques.fr\/wp-content\/uploads\/2016\/03\/P1010986.jpg?fit=300%2C225&amp;ssl=1\" data-large-file=\"https:\/\/i0.wp.com\/genevieveetbernardauxameriques.fr\/wp-content\/uploads\/2016\/03\/P1010986.jpg?fit=640%2C480&amp;ssl=1\" class=\"alignnone size-large wp-image-4322\" src=\"https:\/\/i0.wp.com\/genevieveetbernardauxameriques.fr\/wp-content\/uploads\/2016\/03\/P1010986.jpg?resize=640%2C480&#038;ssl=1\" alt=\"\" width=\"640\" height=\"480\" srcset=\"https:\/\/i0.wp.com\/genevieveetbernardauxameriques.fr\/wp-content\/uploads\/2016\/03\/P1010986.jpg?w=1024&amp;ssl=1 1024w, https:\/\/i0.wp.com\/genevieveetbernardauxameriques.fr\/wp-content\/uploads\/2016\/03\/P1010986.jpg?resize=300%2C225&amp;ssl=1 300w, https:\/\/i0.wp.com\/genevieveetbernardauxameriques.fr\/wp-content\/uploads\/2016\/03\/P1010986.jpg?resize=768%2C576&amp;ssl=1 768w\" sizes=\"(max-width: 640px) 100vw, 640px\" data-recalc-dims=\"1\" \/> <img loading=\"lazy\" decoding=\"async\" data-attachment-id=\"4320\" data-permalink=\"https:\/\/genevieveetbernardauxameriques.fr\/index.php\/2016\/03\/29\/de-rio-do-sud-a-rio-de-janeiro\/p1010974-jpg\/\" data-orig-file=\"https:\/\/i0.wp.com\/genevieveetbernardauxameriques.fr\/wp-content\/uploads\/2016\/03\/P1010974.jpg?fit=1024%2C768&amp;ssl=1\" data-orig-size=\"1024,768\" data-comments-opened=\"1\" data-image-meta=\"{&quot;aperture&quot;:&quot;0&quot;,&quot;credit&quot;:&quot;&quot;,&quot;camera&quot;:&quot;&quot;,&quot;caption&quot;:&quot;&quot;,&quot;created_timestamp&quot;:&quot;0&quot;,&quot;copyright&quot;:&quot;&quot;,&quot;focal_length&quot;:&quot;0&quot;,&quot;iso&quot;:&quot;0&quot;,&quot;shutter_speed&quot;:&quot;0&quot;,&quot;title&quot;:&quot;&quot;,&quot;orientation&quot;:&quot;0&quot;}\" data-image-title=\"P1010974.jpg\" data-image-description=\"\" data-image-caption=\"\" data-medium-file=\"https:\/\/i0.wp.com\/genevieveetbernardauxameriques.fr\/wp-content\/uploads\/2016\/03\/P1010974.jpg?fit=300%2C225&amp;ssl=1\" data-large-file=\"https:\/\/i0.wp.com\/genevieveetbernardauxameriques.fr\/wp-content\/uploads\/2016\/03\/P1010974.jpg?fit=640%2C480&amp;ssl=1\" class=\"alignnone size-large wp-image-4320\" src=\"https:\/\/i0.wp.com\/genevieveetbernardauxameriques.fr\/wp-content\/uploads\/2016\/03\/P1010974.jpg?resize=640%2C480&#038;ssl=1\" alt=\"\" width=\"640\" height=\"480\" srcset=\"https:\/\/i0.wp.com\/genevieveetbernardauxameriques.fr\/wp-content\/uploads\/2016\/03\/P1010974.jpg?w=1024&amp;ssl=1 1024w, https:\/\/i0.wp.com\/genevieveetbernardauxameriques.fr\/wp-content\/uploads\/2016\/03\/P1010974.jpg?resize=300%2C225&amp;ssl=1 300w, https:\/\/i0.wp.com\/genevieveetbernardauxameriques.fr\/wp-content\/uploads\/2016\/03\/P1010974.jpg?resize=768%2C576&amp;ssl=1 768w\" sizes=\"(max-width: 640px) 100vw, 640px\" data-recalc-dims=\"1\" \/> <img loading=\"lazy\" decoding=\"async\" data-attachment-id=\"4318\" data-permalink=\"https:\/\/genevieveetbernardauxameriques.fr\/index.php\/2016\/03\/29\/de-rio-do-sud-a-rio-de-janeiro\/20160316_1113031-jpg\/\" data-orig-file=\"https:\/\/i0.wp.com\/genevieveetbernardauxameriques.fr\/wp-content\/uploads\/2016\/03\/20160316_1113031.jpg?fit=1024%2C768&amp;ssl=1\" data-orig-size=\"1024,768\" data-comments-opened=\"1\" data-image-meta=\"{&quot;aperture&quot;:&quot;0&quot;,&quot;credit&quot;:&quot;&quot;,&quot;camera&quot;:&quot;&quot;,&quot;caption&quot;:&quot;&quot;,&quot;created_timestamp&quot;:&quot;0&quot;,&quot;copyright&quot;:&quot;&quot;,&quot;focal_length&quot;:&quot;0&quot;,&quot;iso&quot;:&quot;0&quot;,&quot;shutter_speed&quot;:&quot;0&quot;,&quot;title&quot;:&quot;&quot;,&quot;orientation&quot;:&quot;0&quot;}\" data-image-title=\"20160316_1113031.jpg\" data-image-description=\"\" data-image-caption=\"\" data-medium-file=\"https:\/\/i0.wp.com\/genevieveetbernardauxameriques.fr\/wp-content\/uploads\/2016\/03\/20160316_1113031.jpg?fit=300%2C225&amp;ssl=1\" data-large-file=\"https:\/\/i0.wp.com\/genevieveetbernardauxameriques.fr\/wp-content\/uploads\/2016\/03\/20160316_1113031.jpg?fit=640%2C480&amp;ssl=1\" class=\"alignnone size-large wp-image-4318\" src=\"https:\/\/i0.wp.com\/genevieveetbernardauxameriques.fr\/wp-content\/uploads\/2016\/03\/20160316_1113031.jpg?resize=640%2C480&#038;ssl=1\" alt=\"\" width=\"640\" height=\"480\" srcset=\"https:\/\/i0.wp.com\/genevieveetbernardauxameriques.fr\/wp-content\/uploads\/2016\/03\/20160316_1113031.jpg?w=1024&amp;ssl=1 1024w, https:\/\/i0.wp.com\/genevieveetbernardauxameriques.fr\/wp-content\/uploads\/2016\/03\/20160316_1113031.jpg?resize=300%2C225&amp;ssl=1 300w, https:\/\/i0.wp.com\/genevieveetbernardauxameriques.fr\/wp-content\/uploads\/2016\/03\/20160316_1113031.jpg?resize=768%2C576&amp;ssl=1 768w\" sizes=\"(max-width: 640px) 100vw, 640px\" data-recalc-dims=\"1\" \/> <img loading=\"lazy\" decoding=\"async\" data-attachment-id=\"4316\" data-permalink=\"https:\/\/genevieveetbernardauxameriques.fr\/index.php\/2016\/03\/29\/de-rio-do-sud-a-rio-de-janeiro\/p10109771-jpg\/\" data-orig-file=\"https:\/\/i0.wp.com\/genevieveetbernardauxameriques.fr\/wp-content\/uploads\/2016\/03\/P10109771.jpg?fit=1024%2C768&amp;ssl=1\" data-orig-size=\"1024,768\" data-comments-opened=\"1\" data-image-meta=\"{&quot;aperture&quot;:&quot;0&quot;,&quot;credit&quot;:&quot;&quot;,&quot;camera&quot;:&quot;&quot;,&quot;caption&quot;:&quot;&quot;,&quot;created_timestamp&quot;:&quot;0&quot;,&quot;copyright&quot;:&quot;&quot;,&quot;focal_length&quot;:&quot;0&quot;,&quot;iso&quot;:&quot;0&quot;,&quot;shutter_speed&quot;:&quot;0&quot;,&quot;title&quot;:&quot;&quot;,&quot;orientation&quot;:&quot;0&quot;}\" data-image-title=\"P10109771.jpg\" data-image-description=\"\" data-image-caption=\"\" data-medium-file=\"https:\/\/i0.wp.com\/genevieveetbernardauxameriques.fr\/wp-content\/uploads\/2016\/03\/P10109771.jpg?fit=300%2C225&amp;ssl=1\" data-large-file=\"https:\/\/i0.wp.com\/genevieveetbernardauxameriques.fr\/wp-content\/uploads\/2016\/03\/P10109771.jpg?fit=640%2C480&amp;ssl=1\" class=\"alignnone size-large wp-image-4316\" src=\"https:\/\/i0.wp.com\/genevieveetbernardauxameriques.fr\/wp-content\/uploads\/2016\/03\/P10109771.jpg?resize=640%2C480&#038;ssl=1\" alt=\"\" width=\"640\" height=\"480\" srcset=\"https:\/\/i0.wp.com\/genevieveetbernardauxameriques.fr\/wp-content\/uploads\/2016\/03\/P10109771.jpg?w=1024&amp;ssl=1 1024w, https:\/\/i0.wp.com\/genevieveetbernardauxameriques.fr\/wp-content\/uploads\/2016\/03\/P10109771.jpg?resize=300%2C225&amp;ssl=1 300w, https:\/\/i0.wp.com\/genevieveetbernardauxameriques.fr\/wp-content\/uploads\/2016\/03\/P10109771.jpg?resize=768%2C576&amp;ssl=1 768w\" sizes=\"(max-width: 640px) 100vw, 640px\" data-recalc-dims=\"1\" \/> <img loading=\"lazy\" decoding=\"async\" data-attachment-id=\"4314\" data-permalink=\"https:\/\/genevieveetbernardauxameriques.fr\/index.php\/2016\/03\/29\/de-rio-do-sud-a-rio-de-janeiro\/p10109801-jpg\/\" data-orig-file=\"https:\/\/i0.wp.com\/genevieveetbernardauxameriques.fr\/wp-content\/uploads\/2016\/03\/P10109801.jpg?fit=1024%2C768&amp;ssl=1\" data-orig-size=\"1024,768\" data-comments-opened=\"1\" data-image-meta=\"{&quot;aperture&quot;:&quot;0&quot;,&quot;credit&quot;:&quot;&quot;,&quot;camera&quot;:&quot;&quot;,&quot;caption&quot;:&quot;&quot;,&quot;created_timestamp&quot;:&quot;0&quot;,&quot;copyright&quot;:&quot;&quot;,&quot;focal_length&quot;:&quot;0&quot;,&quot;iso&quot;:&quot;0&quot;,&quot;shutter_speed&quot;:&quot;0&quot;,&quot;title&quot;:&quot;&quot;,&quot;orientation&quot;:&quot;0&quot;}\" data-image-title=\"P10109801.jpg\" data-image-description=\"\" data-image-caption=\"\" data-medium-file=\"https:\/\/i0.wp.com\/genevieveetbernardauxameriques.fr\/wp-content\/uploads\/2016\/03\/P10109801.jpg?fit=300%2C225&amp;ssl=1\" data-large-file=\"https:\/\/i0.wp.com\/genevieveetbernardauxameriques.fr\/wp-content\/uploads\/2016\/03\/P10109801.jpg?fit=640%2C480&amp;ssl=1\" class=\"alignnone size-large wp-image-4314\" src=\"https:\/\/i0.wp.com\/genevieveetbernardauxameriques.fr\/wp-content\/uploads\/2016\/03\/P10109801.jpg?resize=640%2C480&#038;ssl=1\" alt=\"\" width=\"640\" height=\"480\" srcset=\"https:\/\/i0.wp.com\/genevieveetbernardauxameriques.fr\/wp-content\/uploads\/2016\/03\/P10109801.jpg?w=1024&amp;ssl=1 1024w, https:\/\/i0.wp.com\/genevieveetbernardauxameriques.fr\/wp-content\/uploads\/2016\/03\/P10109801.jpg?resize=300%2C225&amp;ssl=1 300w, https:\/\/i0.wp.com\/genevieveetbernardauxameriques.fr\/wp-content\/uploads\/2016\/03\/P10109801.jpg?resize=768%2C576&amp;ssl=1 768w\" sizes=\"(max-width: 640px) 100vw, 640px\" data-recalc-dims=\"1\" \/><\/p>\n<p><img loading=\"lazy\" decoding=\"async\" data-attachment-id=\"4326\" data-permalink=\"https:\/\/genevieveetbernardauxameriques.fr\/index.php\/2016\/03\/29\/de-rio-do-sud-a-rio-de-janeiro\/20160316_114021-jpg\/\" data-orig-file=\"https:\/\/i0.wp.com\/genevieveetbernardauxameriques.fr\/wp-content\/uploads\/2016\/03\/20160316_114021.jpg?fit=1024%2C768&amp;ssl=1\" data-orig-size=\"1024,768\" data-comments-opened=\"1\" data-image-meta=\"{&quot;aperture&quot;:&quot;0&quot;,&quot;credit&quot;:&quot;&quot;,&quot;camera&quot;:&quot;&quot;,&quot;caption&quot;:&quot;&quot;,&quot;created_timestamp&quot;:&quot;0&quot;,&quot;copyright&quot;:&quot;&quot;,&quot;focal_length&quot;:&quot;0&quot;,&quot;iso&quot;:&quot;0&quot;,&quot;shutter_speed&quot;:&quot;0&quot;,&quot;title&quot;:&quot;&quot;,&quot;orientation&quot;:&quot;0&quot;}\" data-image-title=\"20160316_114021.jpg\" data-image-description=\"\" data-image-caption=\"\" data-medium-file=\"https:\/\/i0.wp.com\/genevieveetbernardauxameriques.fr\/wp-content\/uploads\/2016\/03\/20160316_114021.jpg?fit=300%2C225&amp;ssl=1\" data-large-file=\"https:\/\/i0.wp.com\/genevieveetbernardauxameriques.fr\/wp-content\/uploads\/2016\/03\/20160316_114021.jpg?fit=640%2C480&amp;ssl=1\" class=\"alignnone size-large wp-image-4326\" src=\"https:\/\/i0.wp.com\/genevieveetbernardauxameriques.fr\/wp-content\/uploads\/2016\/03\/20160316_114021.jpg?resize=640%2C480&#038;ssl=1\" alt=\"\" width=\"640\" height=\"480\" srcset=\"https:\/\/i0.wp.com\/genevieveetbernardauxameriques.fr\/wp-content\/uploads\/2016\/03\/20160316_114021.jpg?w=1024&amp;ssl=1 1024w, https:\/\/i0.wp.com\/genevieveetbernardauxameriques.fr\/wp-content\/uploads\/2016\/03\/20160316_114021.jpg?resize=300%2C225&amp;ssl=1 300w, https:\/\/i0.wp.com\/genevieveetbernardauxameriques.fr\/wp-content\/uploads\/2016\/03\/20160316_114021.jpg?resize=768%2C576&amp;ssl=1 768w\" sizes=\"(max-width: 640px) 100vw, 640px\" data-recalc-dims=\"1\" \/> <img loading=\"lazy\" decoding=\"async\" data-attachment-id=\"4324\" data-permalink=\"https:\/\/genevieveetbernardauxameriques.fr\/index.php\/2016\/03\/29\/de-rio-do-sud-a-rio-de-janeiro\/20160316_114100-jpg\/\" data-orig-file=\"https:\/\/i0.wp.com\/genevieveetbernardauxameriques.fr\/wp-content\/uploads\/2016\/03\/20160316_114100.jpg?fit=1024%2C768&amp;ssl=1\" data-orig-size=\"1024,768\" data-comments-opened=\"1\" data-image-meta=\"{&quot;aperture&quot;:&quot;0&quot;,&quot;credit&quot;:&quot;&quot;,&quot;camera&quot;:&quot;&quot;,&quot;caption&quot;:&quot;&quot;,&quot;created_timestamp&quot;:&quot;0&quot;,&quot;copyright&quot;:&quot;&quot;,&quot;focal_length&quot;:&quot;0&quot;,&quot;iso&quot;:&quot;0&quot;,&quot;shutter_speed&quot;:&quot;0&quot;,&quot;title&quot;:&quot;&quot;,&quot;orientation&quot;:&quot;0&quot;}\" data-image-title=\"20160316_114100.jpg\" data-image-description=\"\" data-image-caption=\"\" data-medium-file=\"https:\/\/i0.wp.com\/genevieveetbernardauxameriques.fr\/wp-content\/uploads\/2016\/03\/20160316_114100.jpg?fit=300%2C225&amp;ssl=1\" data-large-file=\"https:\/\/i0.wp.com\/genevieveetbernardauxameriques.fr\/wp-content\/uploads\/2016\/03\/20160316_114100.jpg?fit=640%2C480&amp;ssl=1\" class=\"alignnone size-large wp-image-4324\" src=\"https:\/\/i0.wp.com\/genevieveetbernardauxameriques.fr\/wp-content\/uploads\/2016\/03\/20160316_114100.jpg?resize=640%2C480&#038;ssl=1\" alt=\"\" width=\"640\" height=\"480\" srcset=\"https:\/\/i0.wp.com\/genevieveetbernardauxameriques.fr\/wp-content\/uploads\/2016\/03\/20160316_114100.jpg?w=1024&amp;ssl=1 1024w, https:\/\/i0.wp.com\/genevieveetbernardauxameriques.fr\/wp-content\/uploads\/2016\/03\/20160316_114100.jpg?resize=300%2C225&amp;ssl=1 300w, https:\/\/i0.wp.com\/genevieveetbernardauxameriques.fr\/wp-content\/uploads\/2016\/03\/20160316_114100.jpg?resize=768%2C576&amp;ssl=1 768w\" sizes=\"(max-width: 640px) 100vw, 640px\" data-recalc-dims=\"1\" \/> <img loading=\"lazy\" decoding=\"async\" data-attachment-id=\"4328\" data-permalink=\"https:\/\/genevieveetbernardauxameriques.fr\/index.php\/2016\/03\/29\/de-rio-do-sud-a-rio-de-janeiro\/p10109911-jpg\/\" data-orig-file=\"https:\/\/i0.wp.com\/genevieveetbernardauxameriques.fr\/wp-content\/uploads\/2016\/03\/P10109911.jpg?fit=1024%2C768&amp;ssl=1\" data-orig-size=\"1024,768\" data-comments-opened=\"1\" data-image-meta=\"{&quot;aperture&quot;:&quot;0&quot;,&quot;credit&quot;:&quot;&quot;,&quot;camera&quot;:&quot;&quot;,&quot;caption&quot;:&quot;&quot;,&quot;created_timestamp&quot;:&quot;0&quot;,&quot;copyright&quot;:&quot;&quot;,&quot;focal_length&quot;:&quot;0&quot;,&quot;iso&quot;:&quot;0&quot;,&quot;shutter_speed&quot;:&quot;0&quot;,&quot;title&quot;:&quot;&quot;,&quot;orientation&quot;:&quot;0&quot;}\" data-image-title=\"P10109911.jpg\" data-image-description=\"\" data-image-caption=\"\" data-medium-file=\"https:\/\/i0.wp.com\/genevieveetbernardauxameriques.fr\/wp-content\/uploads\/2016\/03\/P10109911.jpg?fit=300%2C225&amp;ssl=1\" data-large-file=\"https:\/\/i0.wp.com\/genevieveetbernardauxameriques.fr\/wp-content\/uploads\/2016\/03\/P10109911.jpg?fit=640%2C480&amp;ssl=1\" class=\"alignnone size-large wp-image-4328\" src=\"https:\/\/i0.wp.com\/genevieveetbernardauxameriques.fr\/wp-content\/uploads\/2016\/03\/P10109911.jpg?resize=640%2C480&#038;ssl=1\" alt=\"\" width=\"640\" height=\"480\" srcset=\"https:\/\/i0.wp.com\/genevieveetbernardauxameriques.fr\/wp-content\/uploads\/2016\/03\/P10109911.jpg?w=1024&amp;ssl=1 1024w, https:\/\/i0.wp.com\/genevieveetbernardauxameriques.fr\/wp-content\/uploads\/2016\/03\/P10109911.jpg?resize=300%2C225&amp;ssl=1 300w, https:\/\/i0.wp.com\/genevieveetbernardauxameriques.fr\/wp-content\/uploads\/2016\/03\/P10109911.jpg?resize=768%2C576&amp;ssl=1 768w\" sizes=\"(max-width: 640px) 100vw, 640px\" data-recalc-dims=\"1\" \/> <img loading=\"lazy\" decoding=\"async\" data-attachment-id=\"4330\" data-permalink=\"https:\/\/genevieveetbernardauxameriques.fr\/index.php\/2016\/03\/29\/de-rio-do-sud-a-rio-de-janeiro\/20160316_1136131-jpg\/\" data-orig-file=\"https:\/\/i0.wp.com\/genevieveetbernardauxameriques.fr\/wp-content\/uploads\/2016\/03\/20160316_1136131.jpg?fit=1024%2C768&amp;ssl=1\" data-orig-size=\"1024,768\" data-comments-opened=\"1\" data-image-meta=\"{&quot;aperture&quot;:&quot;0&quot;,&quot;credit&quot;:&quot;&quot;,&quot;camera&quot;:&quot;&quot;,&quot;caption&quot;:&quot;&quot;,&quot;created_timestamp&quot;:&quot;0&quot;,&quot;copyright&quot;:&quot;&quot;,&quot;focal_length&quot;:&quot;0&quot;,&quot;iso&quot;:&quot;0&quot;,&quot;shutter_speed&quot;:&quot;0&quot;,&quot;title&quot;:&quot;&quot;,&quot;orientation&quot;:&quot;0&quot;}\" data-image-title=\"20160316_1136131.jpg\" data-image-description=\"\" data-image-caption=\"\" data-medium-file=\"https:\/\/i0.wp.com\/genevieveetbernardauxameriques.fr\/wp-content\/uploads\/2016\/03\/20160316_1136131.jpg?fit=300%2C225&amp;ssl=1\" data-large-file=\"https:\/\/i0.wp.com\/genevieveetbernardauxameriques.fr\/wp-content\/uploads\/2016\/03\/20160316_1136131.jpg?fit=640%2C480&amp;ssl=1\" class=\"alignnone size-large wp-image-4330\" src=\"https:\/\/i0.wp.com\/genevieveetbernardauxameriques.fr\/wp-content\/uploads\/2016\/03\/20160316_1136131.jpg?resize=640%2C480&#038;ssl=1\" alt=\"\" width=\"640\" height=\"480\" srcset=\"https:\/\/i0.wp.com\/genevieveetbernardauxameriques.fr\/wp-content\/uploads\/2016\/03\/20160316_1136131.jpg?w=1024&amp;ssl=1 1024w, https:\/\/i0.wp.com\/genevieveetbernardauxameriques.fr\/wp-content\/uploads\/2016\/03\/20160316_1136131.jpg?resize=300%2C225&amp;ssl=1 300w, https:\/\/i0.wp.com\/genevieveetbernardauxameriques.fr\/wp-content\/uploads\/2016\/03\/20160316_1136131.jpg?resize=768%2C576&amp;ssl=1 768w\" sizes=\"(max-width: 640px) 100vw, 640px\" data-recalc-dims=\"1\" \/> <img loading=\"lazy\" decoding=\"async\" data-attachment-id=\"4332\" data-permalink=\"https:\/\/genevieveetbernardauxameriques.fr\/index.php\/2016\/03\/29\/de-rio-do-sud-a-rio-de-janeiro\/p1130696-jpg\/\" data-orig-file=\"https:\/\/i0.wp.com\/genevieveetbernardauxameriques.fr\/wp-content\/uploads\/2016\/03\/P1130696.jpg?fit=1024%2C768&amp;ssl=1\" data-orig-size=\"1024,768\" data-comments-opened=\"1\" data-image-meta=\"{&quot;aperture&quot;:&quot;0&quot;,&quot;credit&quot;:&quot;&quot;,&quot;camera&quot;:&quot;&quot;,&quot;caption&quot;:&quot;&quot;,&quot;created_timestamp&quot;:&quot;0&quot;,&quot;copyright&quot;:&quot;&quot;,&quot;focal_length&quot;:&quot;0&quot;,&quot;iso&quot;:&quot;0&quot;,&quot;shutter_speed&quot;:&quot;0&quot;,&quot;title&quot;:&quot;&quot;,&quot;orientation&quot;:&quot;0&quot;}\" data-image-title=\"P1130696.jpg\" data-image-description=\"\" data-image-caption=\"\" data-medium-file=\"https:\/\/i0.wp.com\/genevieveetbernardauxameriques.fr\/wp-content\/uploads\/2016\/03\/P1130696.jpg?fit=300%2C225&amp;ssl=1\" data-large-file=\"https:\/\/i0.wp.com\/genevieveetbernardauxameriques.fr\/wp-content\/uploads\/2016\/03\/P1130696.jpg?fit=640%2C480&amp;ssl=1\" class=\"alignnone size-large wp-image-4332\" src=\"https:\/\/i0.wp.com\/genevieveetbernardauxameriques.fr\/wp-content\/uploads\/2016\/03\/P1130696.jpg?resize=640%2C480&#038;ssl=1\" alt=\"\" width=\"640\" height=\"480\" srcset=\"https:\/\/i0.wp.com\/genevieveetbernardauxameriques.fr\/wp-content\/uploads\/2016\/03\/P1130696.jpg?w=1024&amp;ssl=1 1024w, https:\/\/i0.wp.com\/genevieveetbernardauxameriques.fr\/wp-content\/uploads\/2016\/03\/P1130696.jpg?resize=300%2C225&amp;ssl=1 300w, https:\/\/i0.wp.com\/genevieveetbernardauxameriques.fr\/wp-content\/uploads\/2016\/03\/P1130696.jpg?resize=768%2C576&amp;ssl=1 768w\" sizes=\"(max-width: 640px) 100vw, 640px\" data-recalc-dims=\"1\" \/> <img loading=\"lazy\" decoding=\"async\" data-attachment-id=\"4334\" data-permalink=\"https:\/\/genevieveetbernardauxameriques.fr\/index.php\/2016\/03\/29\/de-rio-do-sud-a-rio-de-janeiro\/p1130697-jpg\/\" data-orig-file=\"https:\/\/i0.wp.com\/genevieveetbernardauxameriques.fr\/wp-content\/uploads\/2016\/03\/P1130697.jpg?fit=1024%2C768&amp;ssl=1\" data-orig-size=\"1024,768\" data-comments-opened=\"1\" data-image-meta=\"{&quot;aperture&quot;:&quot;0&quot;,&quot;credit&quot;:&quot;&quot;,&quot;camera&quot;:&quot;&quot;,&quot;caption&quot;:&quot;&quot;,&quot;created_timestamp&quot;:&quot;0&quot;,&quot;copyright&quot;:&quot;&quot;,&quot;focal_length&quot;:&quot;0&quot;,&quot;iso&quot;:&quot;0&quot;,&quot;shutter_speed&quot;:&quot;0&quot;,&quot;title&quot;:&quot;&quot;,&quot;orientation&quot;:&quot;0&quot;}\" data-image-title=\"P1130697.jpg\" data-image-description=\"\" data-image-caption=\"\" data-medium-file=\"https:\/\/i0.wp.com\/genevieveetbernardauxameriques.fr\/wp-content\/uploads\/2016\/03\/P1130697.jpg?fit=300%2C225&amp;ssl=1\" data-large-file=\"https:\/\/i0.wp.com\/genevieveetbernardauxameriques.fr\/wp-content\/uploads\/2016\/03\/P1130697.jpg?fit=640%2C480&amp;ssl=1\" class=\"alignnone size-large wp-image-4334\" src=\"https:\/\/i0.wp.com\/genevieveetbernardauxameriques.fr\/wp-content\/uploads\/2016\/03\/P1130697.jpg?resize=640%2C480&#038;ssl=1\" alt=\"\" width=\"640\" height=\"480\" srcset=\"https:\/\/i0.wp.com\/genevieveetbernardauxameriques.fr\/wp-content\/uploads\/2016\/03\/P1130697.jpg?w=1024&amp;ssl=1 1024w, https:\/\/i0.wp.com\/genevieveetbernardauxameriques.fr\/wp-content\/uploads\/2016\/03\/P1130697.jpg?resize=300%2C225&amp;ssl=1 300w, https:\/\/i0.wp.com\/genevieveetbernardauxameriques.fr\/wp-content\/uploads\/2016\/03\/P1130697.jpg?resize=768%2C576&amp;ssl=1 768w\" sizes=\"(max-width: 640px) 100vw, 640px\" data-recalc-dims=\"1\" \/><\/p>\n<p align=\"justify\">Le lendemain nous avons pris une excursion pour faire une ballade en bateau sur les \u00eeles. Nous avons pris un bateau moyen, nous \u00e9tions 10 personnes \u00e0 bord, d\u00e9part \u00e0 11 h, nous avons \u00e9t\u00e9 sur 4 \u00eeles, avec la possibilit\u00e9 de se baigner, de faire du snorkeling (il n&rsquo;y avait rien \u00e0 voir sous l&rsquo;eau, seulement 3 ou 4 petits poissons), il faisait tr\u00e8s beau et chaud, c&rsquo;\u00e9tait donc tr\u00e8s agr\u00e9able. La mer devait \u00eatre (d&rsquo;apr\u00e8s Bernard) entre 26 et 28\u00b0. A 13 h, on nous a servi un repas (soit du poisson, soit du poulet frit) en suppl\u00e9ment, mais avant notre petit cocktail br\u00e9silien : du\u00a0caipirinha (cachaca + citron vert + sucre de canne)<\/p>\n<p align=\"justify\"><img loading=\"lazy\" decoding=\"async\" data-attachment-id=\"4358\" data-permalink=\"https:\/\/genevieveetbernardauxameriques.fr\/index.php\/2016\/03\/29\/de-rio-do-sud-a-rio-de-janeiro\/p1130660-jpg\/\" data-orig-file=\"https:\/\/i0.wp.com\/genevieveetbernardauxameriques.fr\/wp-content\/uploads\/2016\/03\/P1130660.jpg?fit=1024%2C768&amp;ssl=1\" data-orig-size=\"1024,768\" data-comments-opened=\"1\" data-image-meta=\"{&quot;aperture&quot;:&quot;0&quot;,&quot;credit&quot;:&quot;&quot;,&quot;camera&quot;:&quot;&quot;,&quot;caption&quot;:&quot;&quot;,&quot;created_timestamp&quot;:&quot;0&quot;,&quot;copyright&quot;:&quot;&quot;,&quot;focal_length&quot;:&quot;0&quot;,&quot;iso&quot;:&quot;0&quot;,&quot;shutter_speed&quot;:&quot;0&quot;,&quot;title&quot;:&quot;&quot;,&quot;orientation&quot;:&quot;0&quot;}\" data-image-title=\"P1130660.jpg\" data-image-description=\"\" data-image-caption=\"\" data-medium-file=\"https:\/\/i0.wp.com\/genevieveetbernardauxameriques.fr\/wp-content\/uploads\/2016\/03\/P1130660.jpg?fit=300%2C225&amp;ssl=1\" data-large-file=\"https:\/\/i0.wp.com\/genevieveetbernardauxameriques.fr\/wp-content\/uploads\/2016\/03\/P1130660.jpg?fit=640%2C480&amp;ssl=1\" class=\"alignnone size-large wp-image-4358\" src=\"https:\/\/i0.wp.com\/genevieveetbernardauxameriques.fr\/wp-content\/uploads\/2016\/03\/P1130660.jpg?resize=640%2C480&#038;ssl=1\" alt=\"\" width=\"640\" height=\"480\" srcset=\"https:\/\/i0.wp.com\/genevieveetbernardauxameriques.fr\/wp-content\/uploads\/2016\/03\/P1130660.jpg?w=1024&amp;ssl=1 1024w, https:\/\/i0.wp.com\/genevieveetbernardauxameriques.fr\/wp-content\/uploads\/2016\/03\/P1130660.jpg?resize=300%2C225&amp;ssl=1 300w, https:\/\/i0.wp.com\/genevieveetbernardauxameriques.fr\/wp-content\/uploads\/2016\/03\/P1130660.jpg?resize=768%2C576&amp;ssl=1 768w\" sizes=\"(max-width: 640px) 100vw, 640px\" data-recalc-dims=\"1\" \/> <img loading=\"lazy\" decoding=\"async\" data-attachment-id=\"4356\" data-permalink=\"https:\/\/genevieveetbernardauxameriques.fr\/index.php\/2016\/03\/29\/de-rio-do-sud-a-rio-de-janeiro\/p1130688-jpg\/\" data-orig-file=\"https:\/\/i0.wp.com\/genevieveetbernardauxameriques.fr\/wp-content\/uploads\/2016\/03\/P1130688.jpg?fit=1024%2C768&amp;ssl=1\" data-orig-size=\"1024,768\" data-comments-opened=\"1\" data-image-meta=\"{&quot;aperture&quot;:&quot;0&quot;,&quot;credit&quot;:&quot;&quot;,&quot;camera&quot;:&quot;&quot;,&quot;caption&quot;:&quot;&quot;,&quot;created_timestamp&quot;:&quot;0&quot;,&quot;copyright&quot;:&quot;&quot;,&quot;focal_length&quot;:&quot;0&quot;,&quot;iso&quot;:&quot;0&quot;,&quot;shutter_speed&quot;:&quot;0&quot;,&quot;title&quot;:&quot;&quot;,&quot;orientation&quot;:&quot;0&quot;}\" data-image-title=\"P1130688.jpg\" data-image-description=\"\" data-image-caption=\"\" data-medium-file=\"https:\/\/i0.wp.com\/genevieveetbernardauxameriques.fr\/wp-content\/uploads\/2016\/03\/P1130688.jpg?fit=300%2C225&amp;ssl=1\" data-large-file=\"https:\/\/i0.wp.com\/genevieveetbernardauxameriques.fr\/wp-content\/uploads\/2016\/03\/P1130688.jpg?fit=640%2C480&amp;ssl=1\" class=\"alignnone size-large wp-image-4356\" src=\"https:\/\/i0.wp.com\/genevieveetbernardauxameriques.fr\/wp-content\/uploads\/2016\/03\/P1130688.jpg?resize=640%2C480&#038;ssl=1\" alt=\"\" width=\"640\" height=\"480\" srcset=\"https:\/\/i0.wp.com\/genevieveetbernardauxameriques.fr\/wp-content\/uploads\/2016\/03\/P1130688.jpg?w=1024&amp;ssl=1 1024w, https:\/\/i0.wp.com\/genevieveetbernardauxameriques.fr\/wp-content\/uploads\/2016\/03\/P1130688.jpg?resize=300%2C225&amp;ssl=1 300w, https:\/\/i0.wp.com\/genevieveetbernardauxameriques.fr\/wp-content\/uploads\/2016\/03\/P1130688.jpg?resize=768%2C576&amp;ssl=1 768w\" sizes=\"(max-width: 640px) 100vw, 640px\" data-recalc-dims=\"1\" \/> <img loading=\"lazy\" decoding=\"async\" data-attachment-id=\"4354\" data-permalink=\"https:\/\/genevieveetbernardauxameriques.fr\/index.php\/2016\/03\/29\/de-rio-do-sud-a-rio-de-janeiro\/p1130685-jpg\/\" data-orig-file=\"https:\/\/i0.wp.com\/genevieveetbernardauxameriques.fr\/wp-content\/uploads\/2016\/03\/P1130685.jpg?fit=1024%2C768&amp;ssl=1\" data-orig-size=\"1024,768\" data-comments-opened=\"1\" data-image-meta=\"{&quot;aperture&quot;:&quot;0&quot;,&quot;credit&quot;:&quot;&quot;,&quot;camera&quot;:&quot;&quot;,&quot;caption&quot;:&quot;&quot;,&quot;created_timestamp&quot;:&quot;0&quot;,&quot;copyright&quot;:&quot;&quot;,&quot;focal_length&quot;:&quot;0&quot;,&quot;iso&quot;:&quot;0&quot;,&quot;shutter_speed&quot;:&quot;0&quot;,&quot;title&quot;:&quot;&quot;,&quot;orientation&quot;:&quot;0&quot;}\" data-image-title=\"P1130685.jpg\" data-image-description=\"\" data-image-caption=\"\" data-medium-file=\"https:\/\/i0.wp.com\/genevieveetbernardauxameriques.fr\/wp-content\/uploads\/2016\/03\/P1130685.jpg?fit=300%2C225&amp;ssl=1\" data-large-file=\"https:\/\/i0.wp.com\/genevieveetbernardauxameriques.fr\/wp-content\/uploads\/2016\/03\/P1130685.jpg?fit=640%2C480&amp;ssl=1\" class=\"alignnone size-large wp-image-4354\" src=\"https:\/\/i0.wp.com\/genevieveetbernardauxameriques.fr\/wp-content\/uploads\/2016\/03\/P1130685.jpg?resize=640%2C480&#038;ssl=1\" alt=\"\" width=\"640\" height=\"480\" srcset=\"https:\/\/i0.wp.com\/genevieveetbernardauxameriques.fr\/wp-content\/uploads\/2016\/03\/P1130685.jpg?w=1024&amp;ssl=1 1024w, https:\/\/i0.wp.com\/genevieveetbernardauxameriques.fr\/wp-content\/uploads\/2016\/03\/P1130685.jpg?resize=300%2C225&amp;ssl=1 300w, https:\/\/i0.wp.com\/genevieveetbernardauxameriques.fr\/wp-content\/uploads\/2016\/03\/P1130685.jpg?resize=768%2C576&amp;ssl=1 768w\" sizes=\"(max-width: 640px) 100vw, 640px\" data-recalc-dims=\"1\" \/> <img loading=\"lazy\" decoding=\"async\" data-attachment-id=\"4352\" data-permalink=\"https:\/\/genevieveetbernardauxameriques.fr\/index.php\/2016\/03\/29\/de-rio-do-sud-a-rio-de-janeiro\/p1130691-jpg\/\" data-orig-file=\"https:\/\/i0.wp.com\/genevieveetbernardauxameriques.fr\/wp-content\/uploads\/2016\/03\/P1130691.jpg?fit=1024%2C768&amp;ssl=1\" data-orig-size=\"1024,768\" data-comments-opened=\"1\" data-image-meta=\"{&quot;aperture&quot;:&quot;0&quot;,&quot;credit&quot;:&quot;&quot;,&quot;camera&quot;:&quot;&quot;,&quot;caption&quot;:&quot;&quot;,&quot;created_timestamp&quot;:&quot;0&quot;,&quot;copyright&quot;:&quot;&quot;,&quot;focal_length&quot;:&quot;0&quot;,&quot;iso&quot;:&quot;0&quot;,&quot;shutter_speed&quot;:&quot;0&quot;,&quot;title&quot;:&quot;&quot;,&quot;orientation&quot;:&quot;0&quot;}\" data-image-title=\"P1130691.jpg\" data-image-description=\"\" data-image-caption=\"\" data-medium-file=\"https:\/\/i0.wp.com\/genevieveetbernardauxameriques.fr\/wp-content\/uploads\/2016\/03\/P1130691.jpg?fit=300%2C225&amp;ssl=1\" data-large-file=\"https:\/\/i0.wp.com\/genevieveetbernardauxameriques.fr\/wp-content\/uploads\/2016\/03\/P1130691.jpg?fit=640%2C480&amp;ssl=1\" class=\"alignnone size-large wp-image-4352\" src=\"https:\/\/i0.wp.com\/genevieveetbernardauxameriques.fr\/wp-content\/uploads\/2016\/03\/P1130691.jpg?resize=640%2C480&#038;ssl=1\" alt=\"\" width=\"640\" height=\"480\" srcset=\"https:\/\/i0.wp.com\/genevieveetbernardauxameriques.fr\/wp-content\/uploads\/2016\/03\/P1130691.jpg?w=1024&amp;ssl=1 1024w, https:\/\/i0.wp.com\/genevieveetbernardauxameriques.fr\/wp-content\/uploads\/2016\/03\/P1130691.jpg?resize=300%2C225&amp;ssl=1 300w, https:\/\/i0.wp.com\/genevieveetbernardauxameriques.fr\/wp-content\/uploads\/2016\/03\/P1130691.jpg?resize=768%2C576&amp;ssl=1 768w\" sizes=\"(max-width: 640px) 100vw, 640px\" data-recalc-dims=\"1\" \/> <img loading=\"lazy\" decoding=\"async\" data-attachment-id=\"4350\" data-permalink=\"https:\/\/genevieveetbernardauxameriques.fr\/index.php\/2016\/03\/29\/de-rio-do-sud-a-rio-de-janeiro\/p1130684-jpg\/\" data-orig-file=\"https:\/\/i0.wp.com\/genevieveetbernardauxameriques.fr\/wp-content\/uploads\/2016\/03\/P1130684.jpg?fit=1024%2C768&amp;ssl=1\" data-orig-size=\"1024,768\" data-comments-opened=\"1\" data-image-meta=\"{&quot;aperture&quot;:&quot;0&quot;,&quot;credit&quot;:&quot;&quot;,&quot;camera&quot;:&quot;&quot;,&quot;caption&quot;:&quot;&quot;,&quot;created_timestamp&quot;:&quot;0&quot;,&quot;copyright&quot;:&quot;&quot;,&quot;focal_length&quot;:&quot;0&quot;,&quot;iso&quot;:&quot;0&quot;,&quot;shutter_speed&quot;:&quot;0&quot;,&quot;title&quot;:&quot;&quot;,&quot;orientation&quot;:&quot;0&quot;}\" data-image-title=\"P1130684.jpg\" data-image-description=\"\" data-image-caption=\"\" data-medium-file=\"https:\/\/i0.wp.com\/genevieveetbernardauxameriques.fr\/wp-content\/uploads\/2016\/03\/P1130684.jpg?fit=300%2C225&amp;ssl=1\" data-large-file=\"https:\/\/i0.wp.com\/genevieveetbernardauxameriques.fr\/wp-content\/uploads\/2016\/03\/P1130684.jpg?fit=640%2C480&amp;ssl=1\" class=\"alignnone size-large wp-image-4350\" src=\"https:\/\/i0.wp.com\/genevieveetbernardauxameriques.fr\/wp-content\/uploads\/2016\/03\/P1130684.jpg?resize=640%2C480&#038;ssl=1\" alt=\"\" width=\"640\" height=\"480\" srcset=\"https:\/\/i0.wp.com\/genevieveetbernardauxameriques.fr\/wp-content\/uploads\/2016\/03\/P1130684.jpg?w=1024&amp;ssl=1 1024w, https:\/\/i0.wp.com\/genevieveetbernardauxameriques.fr\/wp-content\/uploads\/2016\/03\/P1130684.jpg?resize=300%2C225&amp;ssl=1 300w, https:\/\/i0.wp.com\/genevieveetbernardauxameriques.fr\/wp-content\/uploads\/2016\/03\/P1130684.jpg?resize=768%2C576&amp;ssl=1 768w\" sizes=\"(max-width: 640px) 100vw, 640px\" data-recalc-dims=\"1\" \/> <img loading=\"lazy\" decoding=\"async\" data-attachment-id=\"4348\" data-permalink=\"https:\/\/genevieveetbernardauxameriques.fr\/index.php\/2016\/03\/29\/de-rio-do-sud-a-rio-de-janeiro\/p1130683-jpg\/\" data-orig-file=\"https:\/\/i0.wp.com\/genevieveetbernardauxameriques.fr\/wp-content\/uploads\/2016\/03\/P1130683.jpg?fit=1024%2C768&amp;ssl=1\" data-orig-size=\"1024,768\" data-comments-opened=\"1\" data-image-meta=\"{&quot;aperture&quot;:&quot;0&quot;,&quot;credit&quot;:&quot;&quot;,&quot;camera&quot;:&quot;&quot;,&quot;caption&quot;:&quot;&quot;,&quot;created_timestamp&quot;:&quot;0&quot;,&quot;copyright&quot;:&quot;&quot;,&quot;focal_length&quot;:&quot;0&quot;,&quot;iso&quot;:&quot;0&quot;,&quot;shutter_speed&quot;:&quot;0&quot;,&quot;title&quot;:&quot;&quot;,&quot;orientation&quot;:&quot;0&quot;}\" data-image-title=\"P1130683.jpg\" data-image-description=\"\" data-image-caption=\"\" data-medium-file=\"https:\/\/i0.wp.com\/genevieveetbernardauxameriques.fr\/wp-content\/uploads\/2016\/03\/P1130683.jpg?fit=300%2C225&amp;ssl=1\" data-large-file=\"https:\/\/i0.wp.com\/genevieveetbernardauxameriques.fr\/wp-content\/uploads\/2016\/03\/P1130683.jpg?fit=640%2C480&amp;ssl=1\" class=\"alignnone size-large wp-image-4348\" src=\"https:\/\/i0.wp.com\/genevieveetbernardauxameriques.fr\/wp-content\/uploads\/2016\/03\/P1130683.jpg?resize=640%2C480&#038;ssl=1\" alt=\"\" width=\"640\" height=\"480\" srcset=\"https:\/\/i0.wp.com\/genevieveetbernardauxameriques.fr\/wp-content\/uploads\/2016\/03\/P1130683.jpg?w=1024&amp;ssl=1 1024w, https:\/\/i0.wp.com\/genevieveetbernardauxameriques.fr\/wp-content\/uploads\/2016\/03\/P1130683.jpg?resize=300%2C225&amp;ssl=1 300w, https:\/\/i0.wp.com\/genevieveetbernardauxameriques.fr\/wp-content\/uploads\/2016\/03\/P1130683.jpg?resize=768%2C576&amp;ssl=1 768w\" sizes=\"(max-width: 640px) 100vw, 640px\" data-recalc-dims=\"1\" \/> <img loading=\"lazy\" decoding=\"async\" data-attachment-id=\"4346\" data-permalink=\"https:\/\/genevieveetbernardauxameriques.fr\/index.php\/2016\/03\/29\/de-rio-do-sud-a-rio-de-janeiro\/p1130673-jpg\/\" data-orig-file=\"https:\/\/i0.wp.com\/genevieveetbernardauxameriques.fr\/wp-content\/uploads\/2016\/03\/P1130673.jpg?fit=1024%2C768&amp;ssl=1\" data-orig-size=\"1024,768\" data-comments-opened=\"1\" data-image-meta=\"{&quot;aperture&quot;:&quot;0&quot;,&quot;credit&quot;:&quot;&quot;,&quot;camera&quot;:&quot;&quot;,&quot;caption&quot;:&quot;&quot;,&quot;created_timestamp&quot;:&quot;0&quot;,&quot;copyright&quot;:&quot;&quot;,&quot;focal_length&quot;:&quot;0&quot;,&quot;iso&quot;:&quot;0&quot;,&quot;shutter_speed&quot;:&quot;0&quot;,&quot;title&quot;:&quot;&quot;,&quot;orientation&quot;:&quot;0&quot;}\" data-image-title=\"P1130673.jpg\" data-image-description=\"\" data-image-caption=\"\" data-medium-file=\"https:\/\/i0.wp.com\/genevieveetbernardauxameriques.fr\/wp-content\/uploads\/2016\/03\/P1130673.jpg?fit=300%2C225&amp;ssl=1\" data-large-file=\"https:\/\/i0.wp.com\/genevieveetbernardauxameriques.fr\/wp-content\/uploads\/2016\/03\/P1130673.jpg?fit=640%2C480&amp;ssl=1\" class=\"alignnone size-large wp-image-4346\" src=\"https:\/\/i0.wp.com\/genevieveetbernardauxameriques.fr\/wp-content\/uploads\/2016\/03\/P1130673.jpg?resize=640%2C480&#038;ssl=1\" alt=\"\" width=\"640\" height=\"480\" srcset=\"https:\/\/i0.wp.com\/genevieveetbernardauxameriques.fr\/wp-content\/uploads\/2016\/03\/P1130673.jpg?w=1024&amp;ssl=1 1024w, https:\/\/i0.wp.com\/genevieveetbernardauxameriques.fr\/wp-content\/uploads\/2016\/03\/P1130673.jpg?resize=300%2C225&amp;ssl=1 300w, https:\/\/i0.wp.com\/genevieveetbernardauxameriques.fr\/wp-content\/uploads\/2016\/03\/P1130673.jpg?resize=768%2C576&amp;ssl=1 768w\" sizes=\"(max-width: 640px) 100vw, 640px\" data-recalc-dims=\"1\" \/> <img loading=\"lazy\" decoding=\"async\" data-attachment-id=\"4344\" data-permalink=\"https:\/\/genevieveetbernardauxameriques.fr\/index.php\/2016\/03\/29\/de-rio-do-sud-a-rio-de-janeiro\/p1130682-jpg\/\" data-orig-file=\"https:\/\/i0.wp.com\/genevieveetbernardauxameriques.fr\/wp-content\/uploads\/2016\/03\/P1130682.jpg?fit=1024%2C768&amp;ssl=1\" data-orig-size=\"1024,768\" data-comments-opened=\"1\" data-image-meta=\"{&quot;aperture&quot;:&quot;0&quot;,&quot;credit&quot;:&quot;&quot;,&quot;camera&quot;:&quot;&quot;,&quot;caption&quot;:&quot;&quot;,&quot;created_timestamp&quot;:&quot;0&quot;,&quot;copyright&quot;:&quot;&quot;,&quot;focal_length&quot;:&quot;0&quot;,&quot;iso&quot;:&quot;0&quot;,&quot;shutter_speed&quot;:&quot;0&quot;,&quot;title&quot;:&quot;&quot;,&quot;orientation&quot;:&quot;0&quot;}\" data-image-title=\"P1130682.jpg\" data-image-description=\"\" data-image-caption=\"\" data-medium-file=\"https:\/\/i0.wp.com\/genevieveetbernardauxameriques.fr\/wp-content\/uploads\/2016\/03\/P1130682.jpg?fit=300%2C225&amp;ssl=1\" data-large-file=\"https:\/\/i0.wp.com\/genevieveetbernardauxameriques.fr\/wp-content\/uploads\/2016\/03\/P1130682.jpg?fit=640%2C480&amp;ssl=1\" class=\"alignnone size-large wp-image-4344\" src=\"https:\/\/i0.wp.com\/genevieveetbernardauxameriques.fr\/wp-content\/uploads\/2016\/03\/P1130682.jpg?resize=640%2C480&#038;ssl=1\" alt=\"\" width=\"640\" height=\"480\" srcset=\"https:\/\/i0.wp.com\/genevieveetbernardauxameriques.fr\/wp-content\/uploads\/2016\/03\/P1130682.jpg?w=1024&amp;ssl=1 1024w, https:\/\/i0.wp.com\/genevieveetbernardauxameriques.fr\/wp-content\/uploads\/2016\/03\/P1130682.jpg?resize=300%2C225&amp;ssl=1 300w, https:\/\/i0.wp.com\/genevieveetbernardauxameriques.fr\/wp-content\/uploads\/2016\/03\/P1130682.jpg?resize=768%2C576&amp;ssl=1 768w\" sizes=\"(max-width: 640px) 100vw, 640px\" data-recalc-dims=\"1\" \/> <img loading=\"lazy\" decoding=\"async\" data-attachment-id=\"4342\" data-permalink=\"https:\/\/genevieveetbernardauxameriques.fr\/index.php\/2016\/03\/29\/de-rio-do-sud-a-rio-de-janeiro\/p1130678-jpg\/\" data-orig-file=\"https:\/\/i0.wp.com\/genevieveetbernardauxameriques.fr\/wp-content\/uploads\/2016\/03\/P1130678.jpg?fit=1024%2C768&amp;ssl=1\" data-orig-size=\"1024,768\" data-comments-opened=\"1\" data-image-meta=\"{&quot;aperture&quot;:&quot;0&quot;,&quot;credit&quot;:&quot;&quot;,&quot;camera&quot;:&quot;&quot;,&quot;caption&quot;:&quot;&quot;,&quot;created_timestamp&quot;:&quot;0&quot;,&quot;copyright&quot;:&quot;&quot;,&quot;focal_length&quot;:&quot;0&quot;,&quot;iso&quot;:&quot;0&quot;,&quot;shutter_speed&quot;:&quot;0&quot;,&quot;title&quot;:&quot;&quot;,&quot;orientation&quot;:&quot;0&quot;}\" data-image-title=\"P1130678.jpg\" data-image-description=\"\" data-image-caption=\"\" data-medium-file=\"https:\/\/i0.wp.com\/genevieveetbernardauxameriques.fr\/wp-content\/uploads\/2016\/03\/P1130678.jpg?fit=300%2C225&amp;ssl=1\" data-large-file=\"https:\/\/i0.wp.com\/genevieveetbernardauxameriques.fr\/wp-content\/uploads\/2016\/03\/P1130678.jpg?fit=640%2C480&amp;ssl=1\" class=\"alignnone size-large wp-image-4342\" src=\"https:\/\/i0.wp.com\/genevieveetbernardauxameriques.fr\/wp-content\/uploads\/2016\/03\/P1130678.jpg?resize=640%2C480&#038;ssl=1\" alt=\"\" width=\"640\" height=\"480\" srcset=\"https:\/\/i0.wp.com\/genevieveetbernardauxameriques.fr\/wp-content\/uploads\/2016\/03\/P1130678.jpg?w=1024&amp;ssl=1 1024w, https:\/\/i0.wp.com\/genevieveetbernardauxameriques.fr\/wp-content\/uploads\/2016\/03\/P1130678.jpg?resize=300%2C225&amp;ssl=1 300w, https:\/\/i0.wp.com\/genevieveetbernardauxameriques.fr\/wp-content\/uploads\/2016\/03\/P1130678.jpg?resize=768%2C576&amp;ssl=1 768w\" sizes=\"(max-width: 640px) 100vw, 640px\" data-recalc-dims=\"1\" \/><\/p>\n<p align=\"justify\"><img loading=\"lazy\" decoding=\"async\" data-attachment-id=\"4340\" data-permalink=\"https:\/\/genevieveetbernardauxameriques.fr\/index.php\/2016\/03\/29\/de-rio-do-sud-a-rio-de-janeiro\/p1130674-jpg\/\" data-orig-file=\"https:\/\/i0.wp.com\/genevieveetbernardauxameriques.fr\/wp-content\/uploads\/2016\/03\/P1130674.jpg?fit=1024%2C768&amp;ssl=1\" data-orig-size=\"1024,768\" data-comments-opened=\"1\" data-image-meta=\"{&quot;aperture&quot;:&quot;0&quot;,&quot;credit&quot;:&quot;&quot;,&quot;camera&quot;:&quot;&quot;,&quot;caption&quot;:&quot;&quot;,&quot;created_timestamp&quot;:&quot;0&quot;,&quot;copyright&quot;:&quot;&quot;,&quot;focal_length&quot;:&quot;0&quot;,&quot;iso&quot;:&quot;0&quot;,&quot;shutter_speed&quot;:&quot;0&quot;,&quot;title&quot;:&quot;&quot;,&quot;orientation&quot;:&quot;0&quot;}\" data-image-title=\"P1130674.jpg\" data-image-description=\"\" data-image-caption=\"\" data-medium-file=\"https:\/\/i0.wp.com\/genevieveetbernardauxameriques.fr\/wp-content\/uploads\/2016\/03\/P1130674.jpg?fit=300%2C225&amp;ssl=1\" data-large-file=\"https:\/\/i0.wp.com\/genevieveetbernardauxameriques.fr\/wp-content\/uploads\/2016\/03\/P1130674.jpg?fit=640%2C480&amp;ssl=1\" class=\"alignnone size-large wp-image-4340\" src=\"https:\/\/i0.wp.com\/genevieveetbernardauxameriques.fr\/wp-content\/uploads\/2016\/03\/P1130674.jpg?resize=640%2C480&#038;ssl=1\" alt=\"\" width=\"640\" height=\"480\" srcset=\"https:\/\/i0.wp.com\/genevieveetbernardauxameriques.fr\/wp-content\/uploads\/2016\/03\/P1130674.jpg?w=1024&amp;ssl=1 1024w, https:\/\/i0.wp.com\/genevieveetbernardauxameriques.fr\/wp-content\/uploads\/2016\/03\/P1130674.jpg?resize=300%2C225&amp;ssl=1 300w, https:\/\/i0.wp.com\/genevieveetbernardauxameriques.fr\/wp-content\/uploads\/2016\/03\/P1130674.jpg?resize=768%2C576&amp;ssl=1 768w\" sizes=\"(max-width: 640px) 100vw, 640px\" data-recalc-dims=\"1\" \/><img loading=\"lazy\" decoding=\"async\" data-attachment-id=\"4338\" data-permalink=\"https:\/\/genevieveetbernardauxameriques.fr\/index.php\/2016\/03\/29\/de-rio-do-sud-a-rio-de-janeiro\/p1130672-jpg\/\" data-orig-file=\"https:\/\/i0.wp.com\/genevieveetbernardauxameriques.fr\/wp-content\/uploads\/2016\/03\/P1130672.jpg?fit=1024%2C768&amp;ssl=1\" data-orig-size=\"1024,768\" data-comments-opened=\"1\" data-image-meta=\"{&quot;aperture&quot;:&quot;0&quot;,&quot;credit&quot;:&quot;&quot;,&quot;camera&quot;:&quot;&quot;,&quot;caption&quot;:&quot;&quot;,&quot;created_timestamp&quot;:&quot;0&quot;,&quot;copyright&quot;:&quot;&quot;,&quot;focal_length&quot;:&quot;0&quot;,&quot;iso&quot;:&quot;0&quot;,&quot;shutter_speed&quot;:&quot;0&quot;,&quot;title&quot;:&quot;&quot;,&quot;orientation&quot;:&quot;0&quot;}\" data-image-title=\"P1130672.jpg\" data-image-description=\"\" data-image-caption=\"\" data-medium-file=\"https:\/\/i0.wp.com\/genevieveetbernardauxameriques.fr\/wp-content\/uploads\/2016\/03\/P1130672.jpg?fit=300%2C225&amp;ssl=1\" data-large-file=\"https:\/\/i0.wp.com\/genevieveetbernardauxameriques.fr\/wp-content\/uploads\/2016\/03\/P1130672.jpg?fit=640%2C480&amp;ssl=1\" class=\"alignnone size-large wp-image-4338\" src=\"https:\/\/i0.wp.com\/genevieveetbernardauxameriques.fr\/wp-content\/uploads\/2016\/03\/P1130672.jpg?resize=640%2C480&#038;ssl=1\" alt=\"\" width=\"640\" height=\"480\" srcset=\"https:\/\/i0.wp.com\/genevieveetbernardauxameriques.fr\/wp-content\/uploads\/2016\/03\/P1130672.jpg?w=1024&amp;ssl=1 1024w, https:\/\/i0.wp.com\/genevieveetbernardauxameriques.fr\/wp-content\/uploads\/2016\/03\/P1130672.jpg?resize=300%2C225&amp;ssl=1 300w, https:\/\/i0.wp.com\/genevieveetbernardauxameriques.fr\/wp-content\/uploads\/2016\/03\/P1130672.jpg?resize=768%2C576&amp;ssl=1 768w\" sizes=\"(max-width: 640px) 100vw, 640px\" data-recalc-dims=\"1\" \/> <img loading=\"lazy\" decoding=\"async\" data-attachment-id=\"4336\" data-permalink=\"https:\/\/genevieveetbernardauxameriques.fr\/index.php\/2016\/03\/29\/de-rio-do-sud-a-rio-de-janeiro\/p1130669-jpg\/\" data-orig-file=\"https:\/\/i0.wp.com\/genevieveetbernardauxameriques.fr\/wp-content\/uploads\/2016\/03\/P1130669.jpg?fit=1024%2C768&amp;ssl=1\" data-orig-size=\"1024,768\" data-comments-opened=\"1\" data-image-meta=\"{&quot;aperture&quot;:&quot;0&quot;,&quot;credit&quot;:&quot;&quot;,&quot;camera&quot;:&quot;&quot;,&quot;caption&quot;:&quot;&quot;,&quot;created_timestamp&quot;:&quot;0&quot;,&quot;copyright&quot;:&quot;&quot;,&quot;focal_length&quot;:&quot;0&quot;,&quot;iso&quot;:&quot;0&quot;,&quot;shutter_speed&quot;:&quot;0&quot;,&quot;title&quot;:&quot;&quot;,&quot;orientation&quot;:&quot;0&quot;}\" data-image-title=\"P1130669.jpg\" data-image-description=\"\" data-image-caption=\"\" data-medium-file=\"https:\/\/i0.wp.com\/genevieveetbernardauxameriques.fr\/wp-content\/uploads\/2016\/03\/P1130669.jpg?fit=300%2C225&amp;ssl=1\" data-large-file=\"https:\/\/i0.wp.com\/genevieveetbernardauxameriques.fr\/wp-content\/uploads\/2016\/03\/P1130669.jpg?fit=640%2C480&amp;ssl=1\" class=\"alignnone size-large wp-image-4336\" src=\"https:\/\/i0.wp.com\/genevieveetbernardauxameriques.fr\/wp-content\/uploads\/2016\/03\/P1130669.jpg?resize=640%2C480&#038;ssl=1\" alt=\"\" width=\"640\" height=\"480\" srcset=\"https:\/\/i0.wp.com\/genevieveetbernardauxameriques.fr\/wp-content\/uploads\/2016\/03\/P1130669.jpg?w=1024&amp;ssl=1 1024w, https:\/\/i0.wp.com\/genevieveetbernardauxameriques.fr\/wp-content\/uploads\/2016\/03\/P1130669.jpg?resize=300%2C225&amp;ssl=1 300w, https:\/\/i0.wp.com\/genevieveetbernardauxameriques.fr\/wp-content\/uploads\/2016\/03\/P1130669.jpg?resize=768%2C576&amp;ssl=1 768w\" sizes=\"(max-width: 640px) 100vw, 640px\" data-recalc-dims=\"1\" \/><\/p>\n<p align=\"justify\">Retour vers 16 h, la ballade 15 E pour nous 2. Comme il n&rsquo;est pas trop tard, nous d\u00e9cidons de partir dans la montagne pour coucher 18 kms plus loin. A mi-chemin, le temps devient maussade, nous sommes sur une toute petite route en pleine jungle, on ne voit plus le jour, il fait tr\u00e8s sombre, et de plus la route est bloqu\u00e9e suite \u00e0 des travaux. Au bout de 20 mn d&rsquo;attente, nous d\u00e9cidons de faire demi-tour, car d&rsquo;apr\u00e8s la carte, la route ensuite se transforme en piste.<\/p>\n<p align=\"justify\"><img loading=\"lazy\" decoding=\"async\" data-attachment-id=\"4360\" data-permalink=\"https:\/\/genevieveetbernardauxameriques.fr\/index.php\/2016\/03\/29\/de-rio-do-sud-a-rio-de-janeiro\/p1130699-jpg\/\" data-orig-file=\"https:\/\/i0.wp.com\/genevieveetbernardauxameriques.fr\/wp-content\/uploads\/2016\/03\/P1130699.jpg?fit=1024%2C768&amp;ssl=1\" data-orig-size=\"1024,768\" data-comments-opened=\"1\" data-image-meta=\"{&quot;aperture&quot;:&quot;0&quot;,&quot;credit&quot;:&quot;&quot;,&quot;camera&quot;:&quot;&quot;,&quot;caption&quot;:&quot;&quot;,&quot;created_timestamp&quot;:&quot;0&quot;,&quot;copyright&quot;:&quot;&quot;,&quot;focal_length&quot;:&quot;0&quot;,&quot;iso&quot;:&quot;0&quot;,&quot;shutter_speed&quot;:&quot;0&quot;,&quot;title&quot;:&quot;&quot;,&quot;orientation&quot;:&quot;0&quot;}\" data-image-title=\"P1130699.jpg\" data-image-description=\"\" data-image-caption=\"\" data-medium-file=\"https:\/\/i0.wp.com\/genevieveetbernardauxameriques.fr\/wp-content\/uploads\/2016\/03\/P1130699.jpg?fit=300%2C225&amp;ssl=1\" data-large-file=\"https:\/\/i0.wp.com\/genevieveetbernardauxameriques.fr\/wp-content\/uploads\/2016\/03\/P1130699.jpg?fit=640%2C480&amp;ssl=1\" class=\"alignnone size-large wp-image-4360\" src=\"https:\/\/i0.wp.com\/genevieveetbernardauxameriques.fr\/wp-content\/uploads\/2016\/03\/P1130699.jpg?resize=640%2C480&#038;ssl=1\" alt=\"\" width=\"640\" height=\"480\" srcset=\"https:\/\/i0.wp.com\/genevieveetbernardauxameriques.fr\/wp-content\/uploads\/2016\/03\/P1130699.jpg?w=1024&amp;ssl=1 1024w, https:\/\/i0.wp.com\/genevieveetbernardauxameriques.fr\/wp-content\/uploads\/2016\/03\/P1130699.jpg?resize=300%2C225&amp;ssl=1 300w, https:\/\/i0.wp.com\/genevieveetbernardauxameriques.fr\/wp-content\/uploads\/2016\/03\/P1130699.jpg?resize=768%2C576&amp;ssl=1 768w\" sizes=\"(max-width: 640px) 100vw, 640px\" data-recalc-dims=\"1\" \/> <img loading=\"lazy\" decoding=\"async\" data-attachment-id=\"4362\" data-permalink=\"https:\/\/genevieveetbernardauxameriques.fr\/index.php\/2016\/03\/29\/de-rio-do-sud-a-rio-de-janeiro\/p1130700-jpg\/\" data-orig-file=\"https:\/\/i0.wp.com\/genevieveetbernardauxameriques.fr\/wp-content\/uploads\/2016\/03\/P1130700.jpg?fit=1024%2C768&amp;ssl=1\" data-orig-size=\"1024,768\" data-comments-opened=\"1\" data-image-meta=\"{&quot;aperture&quot;:&quot;0&quot;,&quot;credit&quot;:&quot;&quot;,&quot;camera&quot;:&quot;&quot;,&quot;caption&quot;:&quot;&quot;,&quot;created_timestamp&quot;:&quot;0&quot;,&quot;copyright&quot;:&quot;&quot;,&quot;focal_length&quot;:&quot;0&quot;,&quot;iso&quot;:&quot;0&quot;,&quot;shutter_speed&quot;:&quot;0&quot;,&quot;title&quot;:&quot;&quot;,&quot;orientation&quot;:&quot;0&quot;}\" data-image-title=\"P1130700.jpg\" data-image-description=\"\" data-image-caption=\"\" data-medium-file=\"https:\/\/i0.wp.com\/genevieveetbernardauxameriques.fr\/wp-content\/uploads\/2016\/03\/P1130700.jpg?fit=300%2C225&amp;ssl=1\" data-large-file=\"https:\/\/i0.wp.com\/genevieveetbernardauxameriques.fr\/wp-content\/uploads\/2016\/03\/P1130700.jpg?fit=640%2C480&amp;ssl=1\" class=\"alignnone size-large wp-image-4362\" src=\"https:\/\/i0.wp.com\/genevieveetbernardauxameriques.fr\/wp-content\/uploads\/2016\/03\/P1130700.jpg?resize=640%2C480&#038;ssl=1\" alt=\"\" width=\"640\" height=\"480\" srcset=\"https:\/\/i0.wp.com\/genevieveetbernardauxameriques.fr\/wp-content\/uploads\/2016\/03\/P1130700.jpg?w=1024&amp;ssl=1 1024w, https:\/\/i0.wp.com\/genevieveetbernardauxameriques.fr\/wp-content\/uploads\/2016\/03\/P1130700.jpg?resize=300%2C225&amp;ssl=1 300w, https:\/\/i0.wp.com\/genevieveetbernardauxameriques.fr\/wp-content\/uploads\/2016\/03\/P1130700.jpg?resize=768%2C576&amp;ssl=1 768w\" sizes=\"(max-width: 640px) 100vw, 640px\" data-recalc-dims=\"1\" \/> <img loading=\"lazy\" decoding=\"async\" data-attachment-id=\"4364\" data-permalink=\"https:\/\/genevieveetbernardauxameriques.fr\/index.php\/2016\/03\/29\/de-rio-do-sud-a-rio-de-janeiro\/p1130701-jpg\/\" data-orig-file=\"https:\/\/i0.wp.com\/genevieveetbernardauxameriques.fr\/wp-content\/uploads\/2016\/03\/P1130701-e1581002258178.jpg?fit=1024%2C537&amp;ssl=1\" data-orig-size=\"1024,537\" data-comments-opened=\"1\" data-image-meta=\"{&quot;aperture&quot;:&quot;0&quot;,&quot;credit&quot;:&quot;&quot;,&quot;camera&quot;:&quot;&quot;,&quot;caption&quot;:&quot;&quot;,&quot;created_timestamp&quot;:&quot;0&quot;,&quot;copyright&quot;:&quot;&quot;,&quot;focal_length&quot;:&quot;0&quot;,&quot;iso&quot;:&quot;0&quot;,&quot;shutter_speed&quot;:&quot;0&quot;,&quot;title&quot;:&quot;&quot;,&quot;orientation&quot;:&quot;0&quot;}\" data-image-title=\"P1130701.jpg\" data-image-description=\"\" data-image-caption=\"\" data-medium-file=\"https:\/\/i0.wp.com\/genevieveetbernardauxameriques.fr\/wp-content\/uploads\/2016\/03\/P1130701-e1581002258178.jpg?fit=300%2C157&amp;ssl=1\" data-large-file=\"https:\/\/i0.wp.com\/genevieveetbernardauxameriques.fr\/wp-content\/uploads\/2016\/03\/P1130701-e1581002258178.jpg?fit=640%2C336&amp;ssl=1\" class=\"alignnone size-large wp-image-4364\" src=\"https:\/\/i0.wp.com\/genevieveetbernardauxameriques.fr\/wp-content\/uploads\/2016\/03\/P1130701-e1581002258178-1024x537.jpg?resize=640%2C336&#038;ssl=1\" alt=\"\" width=\"640\" height=\"336\" srcset=\"https:\/\/i0.wp.com\/genevieveetbernardauxameriques.fr\/wp-content\/uploads\/2016\/03\/P1130701-e1581002258178.jpg?w=1024&amp;ssl=1 1024w, https:\/\/i0.wp.com\/genevieveetbernardauxameriques.fr\/wp-content\/uploads\/2016\/03\/P1130701-e1581002258178.jpg?resize=300%2C157&amp;ssl=1 300w, https:\/\/i0.wp.com\/genevieveetbernardauxameriques.fr\/wp-content\/uploads\/2016\/03\/P1130701-e1581002258178.jpg?resize=768%2C403&amp;ssl=1 768w\" sizes=\"(max-width: 640px) 100vw, 640px\" data-recalc-dims=\"1\" \/> <img loading=\"lazy\" decoding=\"async\" data-attachment-id=\"4366\" data-permalink=\"https:\/\/genevieveetbernardauxameriques.fr\/index.php\/2016\/03\/29\/de-rio-do-sud-a-rio-de-janeiro\/20160318_123321-jpg\/\" data-orig-file=\"https:\/\/i0.wp.com\/genevieveetbernardauxameriques.fr\/wp-content\/uploads\/2016\/03\/20160318_123321-e1572961028659.jpg?fit=1024%2C611&amp;ssl=1\" data-orig-size=\"1024,611\" data-comments-opened=\"1\" data-image-meta=\"{&quot;aperture&quot;:&quot;0&quot;,&quot;credit&quot;:&quot;&quot;,&quot;camera&quot;:&quot;&quot;,&quot;caption&quot;:&quot;&quot;,&quot;created_timestamp&quot;:&quot;0&quot;,&quot;copyright&quot;:&quot;&quot;,&quot;focal_length&quot;:&quot;0&quot;,&quot;iso&quot;:&quot;0&quot;,&quot;shutter_speed&quot;:&quot;0&quot;,&quot;title&quot;:&quot;&quot;,&quot;orientation&quot;:&quot;0&quot;}\" data-image-title=\"20160318_123321.jpg\" data-image-description=\"\" data-image-caption=\"\" data-medium-file=\"https:\/\/i0.wp.com\/genevieveetbernardauxameriques.fr\/wp-content\/uploads\/2016\/03\/20160318_123321-e1572961028659.jpg?fit=300%2C179&amp;ssl=1\" data-large-file=\"https:\/\/i0.wp.com\/genevieveetbernardauxameriques.fr\/wp-content\/uploads\/2016\/03\/20160318_123321-e1572961028659.jpg?fit=640%2C382&amp;ssl=1\" class=\"alignnone size-large wp-image-4366\" src=\"https:\/\/i0.wp.com\/genevieveetbernardauxameriques.fr\/wp-content\/uploads\/2016\/03\/20160318_123321-e1572961028659-1024x611.jpg?resize=640%2C382&#038;ssl=1\" alt=\"\" width=\"640\" height=\"382\" srcset=\"https:\/\/i0.wp.com\/genevieveetbernardauxameriques.fr\/wp-content\/uploads\/2016\/03\/20160318_123321-e1572961028659.jpg?w=1024&amp;ssl=1 1024w, https:\/\/i0.wp.com\/genevieveetbernardauxameriques.fr\/wp-content\/uploads\/2016\/03\/20160318_123321-e1572961028659.jpg?resize=300%2C179&amp;ssl=1 300w, https:\/\/i0.wp.com\/genevieveetbernardauxameriques.fr\/wp-content\/uploads\/2016\/03\/20160318_123321-e1572961028659.jpg?resize=768%2C458&amp;ssl=1 768w\" sizes=\"(max-width: 640px) 100vw, 640px\" data-recalc-dims=\"1\" \/><\/p>\n<p align=\"justify\">Nous rentrons donc devant notre fabrique de bi\u00e8re artisanale. Et l\u00e0 l&rsquo;orage arrive, plus d&rsquo;\u00e9lectricit\u00e9 dans la ville, elle reviendra vers minuit. Les rues sont toutes inond\u00e9es.<\/p>\n<p align=\"justify\"><b>Vendredi 18 mars <\/b><\/p>\n<p align=\"justify\">Nous allons quitter PARATY mais avant nous retournons sur notre route de la vieille au soir, \u00e0 8 kms il y avait d&rsquo;apr\u00e8s mon guide, une cascade magnifique, la<strong> Cachoera TOBOGA<\/strong><\/p>\n<p align=\"justify\">En fait il s&rsquo;agit d&rsquo;une cascade o\u00f9 les jeunes jouent \u00e0 Tarzan et glissent sur une paroi lisse dans le torrent.<\/p>\n<p align=\"justify\">Avec tous les ralentisseurs rencontr\u00e9s sur la route, cela ne valait pas le d\u00e9placement.<\/p>\n<p align=\"justify\"><img loading=\"lazy\" decoding=\"async\" data-attachment-id=\"4372\" data-permalink=\"https:\/\/genevieveetbernardauxameriques.fr\/index.php\/2016\/03\/29\/de-rio-do-sud-a-rio-de-janeiro\/p1130706-jpg\/\" data-orig-file=\"https:\/\/i0.wp.com\/genevieveetbernardauxameriques.fr\/wp-content\/uploads\/2016\/03\/P1130706.jpg?fit=1024%2C768&amp;ssl=1\" data-orig-size=\"1024,768\" data-comments-opened=\"1\" data-image-meta=\"{&quot;aperture&quot;:&quot;0&quot;,&quot;credit&quot;:&quot;&quot;,&quot;camera&quot;:&quot;&quot;,&quot;caption&quot;:&quot;&quot;,&quot;created_timestamp&quot;:&quot;0&quot;,&quot;copyright&quot;:&quot;&quot;,&quot;focal_length&quot;:&quot;0&quot;,&quot;iso&quot;:&quot;0&quot;,&quot;shutter_speed&quot;:&quot;0&quot;,&quot;title&quot;:&quot;&quot;,&quot;orientation&quot;:&quot;0&quot;}\" data-image-title=\"P1130706.jpg\" data-image-description=\"\" data-image-caption=\"\" data-medium-file=\"https:\/\/i0.wp.com\/genevieveetbernardauxameriques.fr\/wp-content\/uploads\/2016\/03\/P1130706.jpg?fit=300%2C225&amp;ssl=1\" data-large-file=\"https:\/\/i0.wp.com\/genevieveetbernardauxameriques.fr\/wp-content\/uploads\/2016\/03\/P1130706.jpg?fit=640%2C480&amp;ssl=1\" class=\"alignnone size-large wp-image-4372\" src=\"https:\/\/i0.wp.com\/genevieveetbernardauxameriques.fr\/wp-content\/uploads\/2016\/03\/P1130706.jpg?resize=640%2C480&#038;ssl=1\" alt=\"\" width=\"640\" height=\"480\" srcset=\"https:\/\/i0.wp.com\/genevieveetbernardauxameriques.fr\/wp-content\/uploads\/2016\/03\/P1130706.jpg?w=1024&amp;ssl=1 1024w, https:\/\/i0.wp.com\/genevieveetbernardauxameriques.fr\/wp-content\/uploads\/2016\/03\/P1130706.jpg?resize=300%2C225&amp;ssl=1 300w, https:\/\/i0.wp.com\/genevieveetbernardauxameriques.fr\/wp-content\/uploads\/2016\/03\/P1130706.jpg?resize=768%2C576&amp;ssl=1 768w\" sizes=\"(max-width: 640px) 100vw, 640px\" data-recalc-dims=\"1\" \/> <img loading=\"lazy\" decoding=\"async\" data-attachment-id=\"4370\" data-permalink=\"https:\/\/genevieveetbernardauxameriques.fr\/index.php\/2016\/03\/29\/de-rio-do-sud-a-rio-de-janeiro\/p1130705-jpg\/\" data-orig-file=\"https:\/\/i0.wp.com\/genevieveetbernardauxameriques.fr\/wp-content\/uploads\/2016\/03\/P1130705.jpg?fit=1024%2C768&amp;ssl=1\" data-orig-size=\"1024,768\" data-comments-opened=\"1\" data-image-meta=\"{&quot;aperture&quot;:&quot;0&quot;,&quot;credit&quot;:&quot;&quot;,&quot;camera&quot;:&quot;&quot;,&quot;caption&quot;:&quot;&quot;,&quot;created_timestamp&quot;:&quot;0&quot;,&quot;copyright&quot;:&quot;&quot;,&quot;focal_length&quot;:&quot;0&quot;,&quot;iso&quot;:&quot;0&quot;,&quot;shutter_speed&quot;:&quot;0&quot;,&quot;title&quot;:&quot;&quot;,&quot;orientation&quot;:&quot;0&quot;}\" data-image-title=\"P1130705.jpg\" data-image-description=\"\" data-image-caption=\"\" data-medium-file=\"https:\/\/i0.wp.com\/genevieveetbernardauxameriques.fr\/wp-content\/uploads\/2016\/03\/P1130705.jpg?fit=300%2C225&amp;ssl=1\" data-large-file=\"https:\/\/i0.wp.com\/genevieveetbernardauxameriques.fr\/wp-content\/uploads\/2016\/03\/P1130705.jpg?fit=640%2C480&amp;ssl=1\" class=\"alignnone size-large wp-image-4370\" src=\"https:\/\/i0.wp.com\/genevieveetbernardauxameriques.fr\/wp-content\/uploads\/2016\/03\/P1130705.jpg?resize=640%2C480&#038;ssl=1\" alt=\"\" width=\"640\" height=\"480\" srcset=\"https:\/\/i0.wp.com\/genevieveetbernardauxameriques.fr\/wp-content\/uploads\/2016\/03\/P1130705.jpg?w=1024&amp;ssl=1 1024w, https:\/\/i0.wp.com\/genevieveetbernardauxameriques.fr\/wp-content\/uploads\/2016\/03\/P1130705.jpg?resize=300%2C225&amp;ssl=1 300w, https:\/\/i0.wp.com\/genevieveetbernardauxameriques.fr\/wp-content\/uploads\/2016\/03\/P1130705.jpg?resize=768%2C576&amp;ssl=1 768w\" sizes=\"(max-width: 640px) 100vw, 640px\" data-recalc-dims=\"1\" \/> <img loading=\"lazy\" decoding=\"async\" data-attachment-id=\"4368\" data-permalink=\"https:\/\/genevieveetbernardauxameriques.fr\/index.php\/2016\/03\/29\/de-rio-do-sud-a-rio-de-janeiro\/p1130703-jpg\/\" data-orig-file=\"https:\/\/i0.wp.com\/genevieveetbernardauxameriques.fr\/wp-content\/uploads\/2016\/03\/P1130703.jpg?fit=1024%2C768&amp;ssl=1\" data-orig-size=\"1024,768\" data-comments-opened=\"1\" data-image-meta=\"{&quot;aperture&quot;:&quot;0&quot;,&quot;credit&quot;:&quot;&quot;,&quot;camera&quot;:&quot;&quot;,&quot;caption&quot;:&quot;&quot;,&quot;created_timestamp&quot;:&quot;0&quot;,&quot;copyright&quot;:&quot;&quot;,&quot;focal_length&quot;:&quot;0&quot;,&quot;iso&quot;:&quot;0&quot;,&quot;shutter_speed&quot;:&quot;0&quot;,&quot;title&quot;:&quot;&quot;,&quot;orientation&quot;:&quot;0&quot;}\" data-image-title=\"P1130703.jpg\" data-image-description=\"\" data-image-caption=\"\" data-medium-file=\"https:\/\/i0.wp.com\/genevieveetbernardauxameriques.fr\/wp-content\/uploads\/2016\/03\/P1130703.jpg?fit=300%2C225&amp;ssl=1\" data-large-file=\"https:\/\/i0.wp.com\/genevieveetbernardauxameriques.fr\/wp-content\/uploads\/2016\/03\/P1130703.jpg?fit=640%2C480&amp;ssl=1\" class=\"alignnone size-large wp-image-4368\" src=\"https:\/\/i0.wp.com\/genevieveetbernardauxameriques.fr\/wp-content\/uploads\/2016\/03\/P1130703.jpg?resize=640%2C480&#038;ssl=1\" alt=\"\" width=\"640\" height=\"480\" srcset=\"https:\/\/i0.wp.com\/genevieveetbernardauxameriques.fr\/wp-content\/uploads\/2016\/03\/P1130703.jpg?w=1024&amp;ssl=1 1024w, https:\/\/i0.wp.com\/genevieveetbernardauxameriques.fr\/wp-content\/uploads\/2016\/03\/P1130703.jpg?resize=300%2C225&amp;ssl=1 300w, https:\/\/i0.wp.com\/genevieveetbernardauxameriques.fr\/wp-content\/uploads\/2016\/03\/P1130703.jpg?resize=768%2C576&amp;ssl=1 768w\" sizes=\"(max-width: 640px) 100vw, 640px\" data-recalc-dims=\"1\" \/><\/p>\n<p align=\"justify\"><em>(l\u2019\u00e9glise juste \u00e0 l\u2019arr\u00eat de la cascade)<\/em><\/p>\n<p align=\"justify\"><img loading=\"lazy\" decoding=\"async\" data-attachment-id=\"4374\" data-permalink=\"https:\/\/genevieveetbernardauxameriques.fr\/index.php\/2016\/03\/29\/de-rio-do-sud-a-rio-de-janeiro\/p1130707-jpg\/\" data-orig-file=\"https:\/\/i0.wp.com\/genevieveetbernardauxameriques.fr\/wp-content\/uploads\/2016\/03\/P1130707.jpg?fit=1024%2C768&amp;ssl=1\" data-orig-size=\"1024,768\" data-comments-opened=\"1\" data-image-meta=\"{&quot;aperture&quot;:&quot;0&quot;,&quot;credit&quot;:&quot;&quot;,&quot;camera&quot;:&quot;&quot;,&quot;caption&quot;:&quot;&quot;,&quot;created_timestamp&quot;:&quot;0&quot;,&quot;copyright&quot;:&quot;&quot;,&quot;focal_length&quot;:&quot;0&quot;,&quot;iso&quot;:&quot;0&quot;,&quot;shutter_speed&quot;:&quot;0&quot;,&quot;title&quot;:&quot;&quot;,&quot;orientation&quot;:&quot;0&quot;}\" data-image-title=\"P1130707.jpg\" data-image-description=\"\" data-image-caption=\"\" data-medium-file=\"https:\/\/i0.wp.com\/genevieveetbernardauxameriques.fr\/wp-content\/uploads\/2016\/03\/P1130707.jpg?fit=300%2C225&amp;ssl=1\" data-large-file=\"https:\/\/i0.wp.com\/genevieveetbernardauxameriques.fr\/wp-content\/uploads\/2016\/03\/P1130707.jpg?fit=640%2C480&amp;ssl=1\" class=\"alignnone size-large wp-image-4374\" src=\"https:\/\/i0.wp.com\/genevieveetbernardauxameriques.fr\/wp-content\/uploads\/2016\/03\/P1130707.jpg?resize=640%2C480&#038;ssl=1\" alt=\"\" width=\"640\" height=\"480\" srcset=\"https:\/\/i0.wp.com\/genevieveetbernardauxameriques.fr\/wp-content\/uploads\/2016\/03\/P1130707.jpg?w=1024&amp;ssl=1 1024w, https:\/\/i0.wp.com\/genevieveetbernardauxameriques.fr\/wp-content\/uploads\/2016\/03\/P1130707.jpg?resize=300%2C225&amp;ssl=1 300w, https:\/\/i0.wp.com\/genevieveetbernardauxameriques.fr\/wp-content\/uploads\/2016\/03\/P1130707.jpg?resize=768%2C576&amp;ssl=1 768w\" sizes=\"(max-width: 640px) 100vw, 640px\" data-recalc-dims=\"1\" \/><\/p>\n<p align=\"justify\">Nous reprenons la B101 en direction de RIO, toujours des plages ferm\u00e9es. Le midi nous voulons aller d\u00e9jeuner \u00e0 ANGRA DOS REIS. Pas de possibilit\u00e9 de s&rsquo;arr\u00eater avant le bord de mer, toute la ville est en descente, et les quartiers sont plut\u00f4t des fav\u00e9las.<\/p>\n<p align=\"justify\"><img loading=\"lazy\" decoding=\"async\" data-attachment-id=\"4606\" data-permalink=\"https:\/\/genevieveetbernardauxameriques.fr\/index.php\/2016\/03\/29\/de-rio-do-sud-a-rio-de-janeiro\/p1010830\/\" data-orig-file=\"https:\/\/i0.wp.com\/genevieveetbernardauxameriques.fr\/wp-content\/uploads\/2016\/03\/P1010830.jpg?fit=800%2C600&amp;ssl=1\" data-orig-size=\"800,600\" data-comments-opened=\"1\" data-image-meta=\"{&quot;aperture&quot;:&quot;5.2&quot;,&quot;credit&quot;:&quot;&quot;,&quot;camera&quot;:&quot;DMC-TZ55&quot;,&quot;caption&quot;:&quot;&quot;,&quot;created_timestamp&quot;:&quot;1456933920&quot;,&quot;copyright&quot;:&quot;&quot;,&quot;focal_length&quot;:&quot;16.1&quot;,&quot;iso&quot;:&quot;400&quot;,&quot;shutter_speed&quot;:&quot;0.002&quot;,&quot;title&quot;:&quot;&quot;,&quot;orientation&quot;:&quot;1&quot;}\" data-image-title=\"P1010830\" data-image-description=\"\" data-image-caption=\"\" data-medium-file=\"https:\/\/i0.wp.com\/genevieveetbernardauxameriques.fr\/wp-content\/uploads\/2016\/03\/P1010830.jpg?fit=300%2C225&amp;ssl=1\" data-large-file=\"https:\/\/i0.wp.com\/genevieveetbernardauxameriques.fr\/wp-content\/uploads\/2016\/03\/P1010830.jpg?fit=640%2C480&amp;ssl=1\" class=\"alignnone size-full wp-image-4606\" src=\"https:\/\/i0.wp.com\/genevieveetbernardauxameriques.fr\/wp-content\/uploads\/2016\/03\/P1010830.jpg?resize=640%2C480&#038;ssl=1\" alt=\"\" width=\"640\" height=\"480\" srcset=\"https:\/\/i0.wp.com\/genevieveetbernardauxameriques.fr\/wp-content\/uploads\/2016\/03\/P1010830.jpg?w=800&amp;ssl=1 800w, https:\/\/i0.wp.com\/genevieveetbernardauxameriques.fr\/wp-content\/uploads\/2016\/03\/P1010830.jpg?resize=300%2C225&amp;ssl=1 300w, https:\/\/i0.wp.com\/genevieveetbernardauxameriques.fr\/wp-content\/uploads\/2016\/03\/P1010830.jpg?resize=768%2C576&amp;ssl=1 768w\" sizes=\"(max-width: 640px) 100vw, 640px\" data-recalc-dims=\"1\" \/><\/p>\n<p align=\"justify\"><img loading=\"lazy\" decoding=\"async\" data-attachment-id=\"4378\" data-permalink=\"https:\/\/genevieveetbernardauxameriques.fr\/index.php\/2016\/03\/29\/de-rio-do-sud-a-rio-de-janeiro\/20160318_130548-jpg\/\" data-orig-file=\"https:\/\/i0.wp.com\/genevieveetbernardauxameriques.fr\/wp-content\/uploads\/2016\/03\/20160318_130548.jpg?fit=1024%2C768&amp;ssl=1\" data-orig-size=\"1024,768\" data-comments-opened=\"1\" data-image-meta=\"{&quot;aperture&quot;:&quot;0&quot;,&quot;credit&quot;:&quot;&quot;,&quot;camera&quot;:&quot;&quot;,&quot;caption&quot;:&quot;&quot;,&quot;created_timestamp&quot;:&quot;0&quot;,&quot;copyright&quot;:&quot;&quot;,&quot;focal_length&quot;:&quot;0&quot;,&quot;iso&quot;:&quot;0&quot;,&quot;shutter_speed&quot;:&quot;0&quot;,&quot;title&quot;:&quot;&quot;,&quot;orientation&quot;:&quot;0&quot;}\" data-image-title=\"20160318_130548.jpg\" data-image-description=\"\" data-image-caption=\"\" data-medium-file=\"https:\/\/i0.wp.com\/genevieveetbernardauxameriques.fr\/wp-content\/uploads\/2016\/03\/20160318_130548.jpg?fit=300%2C225&amp;ssl=1\" data-large-file=\"https:\/\/i0.wp.com\/genevieveetbernardauxameriques.fr\/wp-content\/uploads\/2016\/03\/20160318_130548.jpg?fit=640%2C480&amp;ssl=1\" class=\"alignnone size-large wp-image-4378\" src=\"https:\/\/i0.wp.com\/genevieveetbernardauxameriques.fr\/wp-content\/uploads\/2016\/03\/20160318_130548.jpg?resize=640%2C480&#038;ssl=1\" alt=\"\" width=\"640\" height=\"480\" srcset=\"https:\/\/i0.wp.com\/genevieveetbernardauxameriques.fr\/wp-content\/uploads\/2016\/03\/20160318_130548.jpg?w=1024&amp;ssl=1 1024w, https:\/\/i0.wp.com\/genevieveetbernardauxameriques.fr\/wp-content\/uploads\/2016\/03\/20160318_130548.jpg?resize=300%2C225&amp;ssl=1 300w, https:\/\/i0.wp.com\/genevieveetbernardauxameriques.fr\/wp-content\/uploads\/2016\/03\/20160318_130548.jpg?resize=768%2C576&amp;ssl=1 768w\" sizes=\"(max-width: 640px) 100vw, 640px\" data-recalc-dims=\"1\" \/> <img loading=\"lazy\" decoding=\"async\" data-attachment-id=\"4376\" data-permalink=\"https:\/\/genevieveetbernardauxameriques.fr\/index.php\/2016\/03\/29\/de-rio-do-sud-a-rio-de-janeiro\/20160318_130553-copie-jpg\/\" data-orig-file=\"https:\/\/i0.wp.com\/genevieveetbernardauxameriques.fr\/wp-content\/uploads\/2016\/03\/20160318_130553-Copie.jpg?fit=1024%2C768&amp;ssl=1\" data-orig-size=\"1024,768\" data-comments-opened=\"1\" data-image-meta=\"{&quot;aperture&quot;:&quot;0&quot;,&quot;credit&quot;:&quot;&quot;,&quot;camera&quot;:&quot;&quot;,&quot;caption&quot;:&quot;&quot;,&quot;created_timestamp&quot;:&quot;0&quot;,&quot;copyright&quot;:&quot;&quot;,&quot;focal_length&quot;:&quot;0&quot;,&quot;iso&quot;:&quot;0&quot;,&quot;shutter_speed&quot;:&quot;0&quot;,&quot;title&quot;:&quot;&quot;,&quot;orientation&quot;:&quot;0&quot;}\" data-image-title=\"20160318_130553-Copie.jpg\" data-image-description=\"\" data-image-caption=\"\" data-medium-file=\"https:\/\/i0.wp.com\/genevieveetbernardauxameriques.fr\/wp-content\/uploads\/2016\/03\/20160318_130553-Copie.jpg?fit=300%2C225&amp;ssl=1\" data-large-file=\"https:\/\/i0.wp.com\/genevieveetbernardauxameriques.fr\/wp-content\/uploads\/2016\/03\/20160318_130553-Copie.jpg?fit=640%2C480&amp;ssl=1\" class=\"alignnone size-large wp-image-4376\" src=\"https:\/\/i0.wp.com\/genevieveetbernardauxameriques.fr\/wp-content\/uploads\/2016\/03\/20160318_130553-Copie.jpg?resize=640%2C480&#038;ssl=1\" alt=\"\" width=\"640\" height=\"480\" srcset=\"https:\/\/i0.wp.com\/genevieveetbernardauxameriques.fr\/wp-content\/uploads\/2016\/03\/20160318_130553-Copie.jpg?w=1024&amp;ssl=1 1024w, https:\/\/i0.wp.com\/genevieveetbernardauxameriques.fr\/wp-content\/uploads\/2016\/03\/20160318_130553-Copie.jpg?resize=300%2C225&amp;ssl=1 300w, https:\/\/i0.wp.com\/genevieveetbernardauxameriques.fr\/wp-content\/uploads\/2016\/03\/20160318_130553-Copie.jpg?resize=768%2C576&amp;ssl=1 768w\" sizes=\"(max-width: 640px) 100vw, 640px\" data-recalc-dims=\"1\" \/><\/p>\n<p align=\"justify\">\u00a0 Nous cherchons \u00e0 nous arr\u00eater pr\u00e8s du port, mais rien. Nous quittons donc la ville pour nous arr\u00eater au 1er restaurant trouv\u00e9, \u00e0 une dizaine de kms plus loin.<\/p>\n<p align=\"justify\">Le soir m\u00eame probl\u00e8me pour trouver un bivouac, nous le trouverons \u00e0 <strong>VILLA MURIQUI,<\/strong> tout petit village, \u00e0 90 kms de RIO. Entre la plage et notre v\u00e9hicule il y a une vieille ligne de chemin de fer, nous pensions qu&rsquo;elle \u00e9tait inutilisable.<\/p>\n<p align=\"justify\">Pourtant vers 19 h un train va passer avec une cinquantaine de wagonnets charg\u00e9s de minerais.<\/p>\n<p align=\"justify\">Comme d&rsquo;habitude nous nous couchons tr\u00e8s t\u00f4t. Malheureusement le train passe 4 ou 5 fois dans la nuit avec un bruit d&rsquo;enfer.<\/p>\n<p align=\"justify\"><b>Samedi 19 mars<\/b><\/p>\n<p align=\"justify\">Vers 6 h 30, du bruit autour de nous. On va se lever vers 7 h et en ouvrant la porte que voit-on\u00a0? une famille qui d\u00e9jeune pr\u00e8s de leur voiture avant d&rsquo;aller \u00e0 la plage.<\/p>\n<p align=\"justify\">Baignade pour nous 2 vers 8 h, \u00e0 notre retour, le voisin nous propose de nous doucher chez lui dans son jardin (toutes les maisons dans la rue ont une douche ext\u00e9rieure juste \u00e0 c\u00f4t\u00e9 de leur porte d&rsquo;entr\u00e9e).<\/p>\n<p align=\"justify\">la maison o\u00f9 nous prenons notre douche<\/p>\n<p align=\"justify\"><img loading=\"lazy\" decoding=\"async\" data-attachment-id=\"4380\" data-permalink=\"https:\/\/genevieveetbernardauxameriques.fr\/index.php\/2016\/03\/29\/de-rio-do-sud-a-rio-de-janeiro\/p1130733-jpg\/\" data-orig-file=\"https:\/\/i0.wp.com\/genevieveetbernardauxameriques.fr\/wp-content\/uploads\/2016\/03\/P1130733.jpg?fit=1024%2C768&amp;ssl=1\" data-orig-size=\"1024,768\" data-comments-opened=\"1\" data-image-meta=\"{&quot;aperture&quot;:&quot;0&quot;,&quot;credit&quot;:&quot;&quot;,&quot;camera&quot;:&quot;&quot;,&quot;caption&quot;:&quot;&quot;,&quot;created_timestamp&quot;:&quot;0&quot;,&quot;copyright&quot;:&quot;&quot;,&quot;focal_length&quot;:&quot;0&quot;,&quot;iso&quot;:&quot;0&quot;,&quot;shutter_speed&quot;:&quot;0&quot;,&quot;title&quot;:&quot;&quot;,&quot;orientation&quot;:&quot;0&quot;}\" data-image-title=\"P1130733.jpg\" data-image-description=\"\" data-image-caption=\"\" data-medium-file=\"https:\/\/i0.wp.com\/genevieveetbernardauxameriques.fr\/wp-content\/uploads\/2016\/03\/P1130733.jpg?fit=300%2C225&amp;ssl=1\" data-large-file=\"https:\/\/i0.wp.com\/genevieveetbernardauxameriques.fr\/wp-content\/uploads\/2016\/03\/P1130733.jpg?fit=640%2C480&amp;ssl=1\" class=\"alignnone size-large wp-image-4380\" src=\"https:\/\/i0.wp.com\/genevieveetbernardauxameriques.fr\/wp-content\/uploads\/2016\/03\/P1130733.jpg?resize=640%2C480&#038;ssl=1\" alt=\"\" width=\"640\" height=\"480\" srcset=\"https:\/\/i0.wp.com\/genevieveetbernardauxameriques.fr\/wp-content\/uploads\/2016\/03\/P1130733.jpg?w=1024&amp;ssl=1 1024w, https:\/\/i0.wp.com\/genevieveetbernardauxameriques.fr\/wp-content\/uploads\/2016\/03\/P1130733.jpg?resize=300%2C225&amp;ssl=1 300w, https:\/\/i0.wp.com\/genevieveetbernardauxameriques.fr\/wp-content\/uploads\/2016\/03\/P1130733.jpg?resize=768%2C576&amp;ssl=1 768w\" sizes=\"(max-width: 640px) 100vw, 640px\" data-recalc-dims=\"1\" \/><i><\/i><img loading=\"lazy\" decoding=\"async\" data-attachment-id=\"4382\" data-permalink=\"https:\/\/genevieveetbernardauxameriques.fr\/index.php\/2016\/03\/29\/de-rio-do-sud-a-rio-de-janeiro\/p1130732-jpg\/\" data-orig-file=\"https:\/\/i0.wp.com\/genevieveetbernardauxameriques.fr\/wp-content\/uploads\/2016\/03\/P1130732.jpg?fit=1024%2C768&amp;ssl=1\" data-orig-size=\"1024,768\" data-comments-opened=\"1\" data-image-meta=\"{&quot;aperture&quot;:&quot;0&quot;,&quot;credit&quot;:&quot;&quot;,&quot;camera&quot;:&quot;&quot;,&quot;caption&quot;:&quot;&quot;,&quot;created_timestamp&quot;:&quot;0&quot;,&quot;copyright&quot;:&quot;&quot;,&quot;focal_length&quot;:&quot;0&quot;,&quot;iso&quot;:&quot;0&quot;,&quot;shutter_speed&quot;:&quot;0&quot;,&quot;title&quot;:&quot;&quot;,&quot;orientation&quot;:&quot;0&quot;}\" data-image-title=\"P1130732.jpg\" data-image-description=\"\" data-image-caption=\"\" data-medium-file=\"https:\/\/i0.wp.com\/genevieveetbernardauxameriques.fr\/wp-content\/uploads\/2016\/03\/P1130732.jpg?fit=300%2C225&amp;ssl=1\" data-large-file=\"https:\/\/i0.wp.com\/genevieveetbernardauxameriques.fr\/wp-content\/uploads\/2016\/03\/P1130732.jpg?fit=640%2C480&amp;ssl=1\" class=\"alignnone size-large wp-image-4382\" src=\"https:\/\/i0.wp.com\/genevieveetbernardauxameriques.fr\/wp-content\/uploads\/2016\/03\/P1130732.jpg?resize=640%2C480&#038;ssl=1\" alt=\"\" width=\"640\" height=\"480\" srcset=\"https:\/\/i0.wp.com\/genevieveetbernardauxameriques.fr\/wp-content\/uploads\/2016\/03\/P1130732.jpg?w=1024&amp;ssl=1 1024w, https:\/\/i0.wp.com\/genevieveetbernardauxameriques.fr\/wp-content\/uploads\/2016\/03\/P1130732.jpg?resize=300%2C225&amp;ssl=1 300w, https:\/\/i0.wp.com\/genevieveetbernardauxameriques.fr\/wp-content\/uploads\/2016\/03\/P1130732.jpg?resize=768%2C576&amp;ssl=1 768w\" sizes=\"(max-width: 640px) 100vw, 640px\" data-recalc-dims=\"1\" \/> <img loading=\"lazy\" decoding=\"async\" data-attachment-id=\"4384\" data-permalink=\"https:\/\/genevieveetbernardauxameriques.fr\/index.php\/2016\/03\/29\/de-rio-do-sud-a-rio-de-janeiro\/p1130730-jpg\/\" data-orig-file=\"https:\/\/i0.wp.com\/genevieveetbernardauxameriques.fr\/wp-content\/uploads\/2016\/03\/P1130730.jpg?fit=1024%2C768&amp;ssl=1\" data-orig-size=\"1024,768\" data-comments-opened=\"1\" data-image-meta=\"{&quot;aperture&quot;:&quot;0&quot;,&quot;credit&quot;:&quot;&quot;,&quot;camera&quot;:&quot;&quot;,&quot;caption&quot;:&quot;&quot;,&quot;created_timestamp&quot;:&quot;0&quot;,&quot;copyright&quot;:&quot;&quot;,&quot;focal_length&quot;:&quot;0&quot;,&quot;iso&quot;:&quot;0&quot;,&quot;shutter_speed&quot;:&quot;0&quot;,&quot;title&quot;:&quot;&quot;,&quot;orientation&quot;:&quot;0&quot;}\" data-image-title=\"P1130730.jpg\" data-image-description=\"\" data-image-caption=\"\" data-medium-file=\"https:\/\/i0.wp.com\/genevieveetbernardauxameriques.fr\/wp-content\/uploads\/2016\/03\/P1130730.jpg?fit=300%2C225&amp;ssl=1\" data-large-file=\"https:\/\/i0.wp.com\/genevieveetbernardauxameriques.fr\/wp-content\/uploads\/2016\/03\/P1130730.jpg?fit=640%2C480&amp;ssl=1\" class=\"alignnone size-large wp-image-4384\" src=\"https:\/\/i0.wp.com\/genevieveetbernardauxameriques.fr\/wp-content\/uploads\/2016\/03\/P1130730.jpg?resize=640%2C480&#038;ssl=1\" alt=\"\" width=\"640\" height=\"480\" srcset=\"https:\/\/i0.wp.com\/genevieveetbernardauxameriques.fr\/wp-content\/uploads\/2016\/03\/P1130730.jpg?w=1024&amp;ssl=1 1024w, https:\/\/i0.wp.com\/genevieveetbernardauxameriques.fr\/wp-content\/uploads\/2016\/03\/P1130730.jpg?resize=300%2C225&amp;ssl=1 300w, https:\/\/i0.wp.com\/genevieveetbernardauxameriques.fr\/wp-content\/uploads\/2016\/03\/P1130730.jpg?resize=768%2C576&amp;ssl=1 768w\" sizes=\"(max-width: 640px) 100vw, 640px\" data-recalc-dims=\"1\" \/><\/p>\n<p align=\"justify\"><em>La plage o\u00f9 nous nous baignerons<\/em><\/p>\n<p align=\"justify\"><img loading=\"lazy\" decoding=\"async\" data-attachment-id=\"4386\" data-permalink=\"https:\/\/genevieveetbernardauxameriques.fr\/index.php\/2016\/03\/29\/de-rio-do-sud-a-rio-de-janeiro\/p1130720-jpg\/\" data-orig-file=\"https:\/\/i0.wp.com\/genevieveetbernardauxameriques.fr\/wp-content\/uploads\/2016\/03\/P1130720.jpg?fit=1024%2C768&amp;ssl=1\" data-orig-size=\"1024,768\" data-comments-opened=\"1\" data-image-meta=\"{&quot;aperture&quot;:&quot;0&quot;,&quot;credit&quot;:&quot;&quot;,&quot;camera&quot;:&quot;&quot;,&quot;caption&quot;:&quot;&quot;,&quot;created_timestamp&quot;:&quot;0&quot;,&quot;copyright&quot;:&quot;&quot;,&quot;focal_length&quot;:&quot;0&quot;,&quot;iso&quot;:&quot;0&quot;,&quot;shutter_speed&quot;:&quot;0&quot;,&quot;title&quot;:&quot;&quot;,&quot;orientation&quot;:&quot;0&quot;}\" data-image-title=\"P1130720.jpg\" data-image-description=\"\" data-image-caption=\"\" data-medium-file=\"https:\/\/i0.wp.com\/genevieveetbernardauxameriques.fr\/wp-content\/uploads\/2016\/03\/P1130720.jpg?fit=300%2C225&amp;ssl=1\" data-large-file=\"https:\/\/i0.wp.com\/genevieveetbernardauxameriques.fr\/wp-content\/uploads\/2016\/03\/P1130720.jpg?fit=640%2C480&amp;ssl=1\" class=\"alignnone size-large wp-image-4386\" src=\"https:\/\/i0.wp.com\/genevieveetbernardauxameriques.fr\/wp-content\/uploads\/2016\/03\/P1130720.jpg?resize=640%2C480&#038;ssl=1\" alt=\"\" width=\"640\" height=\"480\" srcset=\"https:\/\/i0.wp.com\/genevieveetbernardauxameriques.fr\/wp-content\/uploads\/2016\/03\/P1130720.jpg?w=1024&amp;ssl=1 1024w, https:\/\/i0.wp.com\/genevieveetbernardauxameriques.fr\/wp-content\/uploads\/2016\/03\/P1130720.jpg?resize=300%2C225&amp;ssl=1 300w, https:\/\/i0.wp.com\/genevieveetbernardauxameriques.fr\/wp-content\/uploads\/2016\/03\/P1130720.jpg?resize=768%2C576&amp;ssl=1 768w\" sizes=\"(max-width: 640px) 100vw, 640px\" data-recalc-dims=\"1\" \/><\/p>\n<p align=\"justify\">Vers 10 h nous prenons la route pour RIO.<\/p>\n<p align=\"justify\"><em>Quelques photos de plages aper\u00e7ues en voiture<\/em><\/p>\n<p align=\"justify\"><img loading=\"lazy\" decoding=\"async\" data-attachment-id=\"4394\" data-permalink=\"https:\/\/genevieveetbernardauxameriques.fr\/index.php\/2016\/03\/29\/de-rio-do-sud-a-rio-de-janeiro\/p1130716-jpg\/\" data-orig-file=\"https:\/\/i0.wp.com\/genevieveetbernardauxameriques.fr\/wp-content\/uploads\/2016\/03\/P1130716.jpg?fit=1024%2C768&amp;ssl=1\" data-orig-size=\"1024,768\" data-comments-opened=\"1\" data-image-meta=\"{&quot;aperture&quot;:&quot;0&quot;,&quot;credit&quot;:&quot;&quot;,&quot;camera&quot;:&quot;&quot;,&quot;caption&quot;:&quot;&quot;,&quot;created_timestamp&quot;:&quot;0&quot;,&quot;copyright&quot;:&quot;&quot;,&quot;focal_length&quot;:&quot;0&quot;,&quot;iso&quot;:&quot;0&quot;,&quot;shutter_speed&quot;:&quot;0&quot;,&quot;title&quot;:&quot;&quot;,&quot;orientation&quot;:&quot;0&quot;}\" data-image-title=\"P1130716.jpg\" data-image-description=\"\" data-image-caption=\"\" data-medium-file=\"https:\/\/i0.wp.com\/genevieveetbernardauxameriques.fr\/wp-content\/uploads\/2016\/03\/P1130716.jpg?fit=300%2C225&amp;ssl=1\" data-large-file=\"https:\/\/i0.wp.com\/genevieveetbernardauxameriques.fr\/wp-content\/uploads\/2016\/03\/P1130716.jpg?fit=640%2C480&amp;ssl=1\" class=\"alignnone size-large wp-image-4394\" src=\"https:\/\/i0.wp.com\/genevieveetbernardauxameriques.fr\/wp-content\/uploads\/2016\/03\/P1130716.jpg?resize=640%2C480&#038;ssl=1\" alt=\"\" width=\"640\" height=\"480\" srcset=\"https:\/\/i0.wp.com\/genevieveetbernardauxameriques.fr\/wp-content\/uploads\/2016\/03\/P1130716.jpg?w=1024&amp;ssl=1 1024w, https:\/\/i0.wp.com\/genevieveetbernardauxameriques.fr\/wp-content\/uploads\/2016\/03\/P1130716.jpg?resize=300%2C225&amp;ssl=1 300w, https:\/\/i0.wp.com\/genevieveetbernardauxameriques.fr\/wp-content\/uploads\/2016\/03\/P1130716.jpg?resize=768%2C576&amp;ssl=1 768w\" sizes=\"(max-width: 640px) 100vw, 640px\" data-recalc-dims=\"1\" \/> <img loading=\"lazy\" decoding=\"async\" data-attachment-id=\"4392\" data-permalink=\"https:\/\/genevieveetbernardauxameriques.fr\/index.php\/2016\/03\/29\/de-rio-do-sud-a-rio-de-janeiro\/p1130715-jpg\/\" data-orig-file=\"https:\/\/i0.wp.com\/genevieveetbernardauxameriques.fr\/wp-content\/uploads\/2016\/03\/P1130715.jpg?fit=1024%2C768&amp;ssl=1\" data-orig-size=\"1024,768\" data-comments-opened=\"1\" data-image-meta=\"{&quot;aperture&quot;:&quot;0&quot;,&quot;credit&quot;:&quot;&quot;,&quot;camera&quot;:&quot;&quot;,&quot;caption&quot;:&quot;&quot;,&quot;created_timestamp&quot;:&quot;0&quot;,&quot;copyright&quot;:&quot;&quot;,&quot;focal_length&quot;:&quot;0&quot;,&quot;iso&quot;:&quot;0&quot;,&quot;shutter_speed&quot;:&quot;0&quot;,&quot;title&quot;:&quot;&quot;,&quot;orientation&quot;:&quot;0&quot;}\" data-image-title=\"P1130715.jpg\" data-image-description=\"\" data-image-caption=\"\" data-medium-file=\"https:\/\/i0.wp.com\/genevieveetbernardauxameriques.fr\/wp-content\/uploads\/2016\/03\/P1130715.jpg?fit=300%2C225&amp;ssl=1\" data-large-file=\"https:\/\/i0.wp.com\/genevieveetbernardauxameriques.fr\/wp-content\/uploads\/2016\/03\/P1130715.jpg?fit=640%2C480&amp;ssl=1\" class=\"alignnone size-large wp-image-4392\" src=\"https:\/\/i0.wp.com\/genevieveetbernardauxameriques.fr\/wp-content\/uploads\/2016\/03\/P1130715.jpg?resize=640%2C480&#038;ssl=1\" alt=\"\" width=\"640\" height=\"480\" srcset=\"https:\/\/i0.wp.com\/genevieveetbernardauxameriques.fr\/wp-content\/uploads\/2016\/03\/P1130715.jpg?w=1024&amp;ssl=1 1024w, https:\/\/i0.wp.com\/genevieveetbernardauxameriques.fr\/wp-content\/uploads\/2016\/03\/P1130715.jpg?resize=300%2C225&amp;ssl=1 300w, https:\/\/i0.wp.com\/genevieveetbernardauxameriques.fr\/wp-content\/uploads\/2016\/03\/P1130715.jpg?resize=768%2C576&amp;ssl=1 768w\" sizes=\"(max-width: 640px) 100vw, 640px\" data-recalc-dims=\"1\" \/> <img loading=\"lazy\" decoding=\"async\" data-attachment-id=\"4390\" data-permalink=\"https:\/\/genevieveetbernardauxameriques.fr\/index.php\/2016\/03\/29\/de-rio-do-sud-a-rio-de-janeiro\/p1130712-jpg\/\" data-orig-file=\"https:\/\/i0.wp.com\/genevieveetbernardauxameriques.fr\/wp-content\/uploads\/2016\/03\/P1130712.jpg?fit=1024%2C768&amp;ssl=1\" data-orig-size=\"1024,768\" data-comments-opened=\"1\" data-image-meta=\"{&quot;aperture&quot;:&quot;0&quot;,&quot;credit&quot;:&quot;&quot;,&quot;camera&quot;:&quot;&quot;,&quot;caption&quot;:&quot;&quot;,&quot;created_timestamp&quot;:&quot;0&quot;,&quot;copyright&quot;:&quot;&quot;,&quot;focal_length&quot;:&quot;0&quot;,&quot;iso&quot;:&quot;0&quot;,&quot;shutter_speed&quot;:&quot;0&quot;,&quot;title&quot;:&quot;&quot;,&quot;orientation&quot;:&quot;0&quot;}\" data-image-title=\"P1130712.jpg\" data-image-description=\"\" data-image-caption=\"\" data-medium-file=\"https:\/\/i0.wp.com\/genevieveetbernardauxameriques.fr\/wp-content\/uploads\/2016\/03\/P1130712.jpg?fit=300%2C225&amp;ssl=1\" data-large-file=\"https:\/\/i0.wp.com\/genevieveetbernardauxameriques.fr\/wp-content\/uploads\/2016\/03\/P1130712.jpg?fit=640%2C480&amp;ssl=1\" class=\"alignnone size-large wp-image-4390\" src=\"https:\/\/i0.wp.com\/genevieveetbernardauxameriques.fr\/wp-content\/uploads\/2016\/03\/P1130712.jpg?resize=640%2C480&#038;ssl=1\" alt=\"\" width=\"640\" height=\"480\" srcset=\"https:\/\/i0.wp.com\/genevieveetbernardauxameriques.fr\/wp-content\/uploads\/2016\/03\/P1130712.jpg?w=1024&amp;ssl=1 1024w, https:\/\/i0.wp.com\/genevieveetbernardauxameriques.fr\/wp-content\/uploads\/2016\/03\/P1130712.jpg?resize=300%2C225&amp;ssl=1 300w, https:\/\/i0.wp.com\/genevieveetbernardauxameriques.fr\/wp-content\/uploads\/2016\/03\/P1130712.jpg?resize=768%2C576&amp;ssl=1 768w\" sizes=\"(max-width: 640px) 100vw, 640px\" data-recalc-dims=\"1\" \/> <img loading=\"lazy\" decoding=\"async\" data-attachment-id=\"4388\" data-permalink=\"https:\/\/genevieveetbernardauxameriques.fr\/index.php\/2016\/03\/29\/de-rio-do-sud-a-rio-de-janeiro\/p1130709-jpg\/\" data-orig-file=\"https:\/\/i0.wp.com\/genevieveetbernardauxameriques.fr\/wp-content\/uploads\/2016\/03\/P1130709.jpg?fit=1024%2C768&amp;ssl=1\" data-orig-size=\"1024,768\" data-comments-opened=\"1\" data-image-meta=\"{&quot;aperture&quot;:&quot;0&quot;,&quot;credit&quot;:&quot;&quot;,&quot;camera&quot;:&quot;&quot;,&quot;caption&quot;:&quot;&quot;,&quot;created_timestamp&quot;:&quot;0&quot;,&quot;copyright&quot;:&quot;&quot;,&quot;focal_length&quot;:&quot;0&quot;,&quot;iso&quot;:&quot;0&quot;,&quot;shutter_speed&quot;:&quot;0&quot;,&quot;title&quot;:&quot;&quot;,&quot;orientation&quot;:&quot;0&quot;}\" data-image-title=\"P1130709.jpg\" data-image-description=\"\" data-image-caption=\"\" data-medium-file=\"https:\/\/i0.wp.com\/genevieveetbernardauxameriques.fr\/wp-content\/uploads\/2016\/03\/P1130709.jpg?fit=300%2C225&amp;ssl=1\" data-large-file=\"https:\/\/i0.wp.com\/genevieveetbernardauxameriques.fr\/wp-content\/uploads\/2016\/03\/P1130709.jpg?fit=640%2C480&amp;ssl=1\" class=\"alignnone size-large wp-image-4388\" src=\"https:\/\/i0.wp.com\/genevieveetbernardauxameriques.fr\/wp-content\/uploads\/2016\/03\/P1130709.jpg?resize=640%2C480&#038;ssl=1\" alt=\"\" width=\"640\" height=\"480\" srcset=\"https:\/\/i0.wp.com\/genevieveetbernardauxameriques.fr\/wp-content\/uploads\/2016\/03\/P1130709.jpg?w=1024&amp;ssl=1 1024w, https:\/\/i0.wp.com\/genevieveetbernardauxameriques.fr\/wp-content\/uploads\/2016\/03\/P1130709.jpg?resize=300%2C225&amp;ssl=1 300w, https:\/\/i0.wp.com\/genevieveetbernardauxameriques.fr\/wp-content\/uploads\/2016\/03\/P1130709.jpg?resize=768%2C576&amp;ssl=1 768w\" sizes=\"(max-width: 640px) 100vw, 640px\" data-recalc-dims=\"1\" \/><img loading=\"lazy\" decoding=\"async\" data-attachment-id=\"4408\" data-permalink=\"https:\/\/genevieveetbernardauxameriques.fr\/index.php\/2016\/03\/29\/de-rio-do-sud-a-rio-de-janeiro\/20160318_122117-jpg\/\" data-orig-file=\"https:\/\/i0.wp.com\/genevieveetbernardauxameriques.fr\/wp-content\/uploads\/2016\/03\/20160318_122117.jpg?fit=1024%2C768&amp;ssl=1\" data-orig-size=\"1024,768\" data-comments-opened=\"1\" data-image-meta=\"{&quot;aperture&quot;:&quot;0&quot;,&quot;credit&quot;:&quot;&quot;,&quot;camera&quot;:&quot;&quot;,&quot;caption&quot;:&quot;&quot;,&quot;created_timestamp&quot;:&quot;0&quot;,&quot;copyright&quot;:&quot;&quot;,&quot;focal_length&quot;:&quot;0&quot;,&quot;iso&quot;:&quot;0&quot;,&quot;shutter_speed&quot;:&quot;0&quot;,&quot;title&quot;:&quot;&quot;,&quot;orientation&quot;:&quot;0&quot;}\" data-image-title=\"20160318_122117.jpg\" data-image-description=\"\" data-image-caption=\"\" data-medium-file=\"https:\/\/i0.wp.com\/genevieveetbernardauxameriques.fr\/wp-content\/uploads\/2016\/03\/20160318_122117.jpg?fit=300%2C225&amp;ssl=1\" data-large-file=\"https:\/\/i0.wp.com\/genevieveetbernardauxameriques.fr\/wp-content\/uploads\/2016\/03\/20160318_122117.jpg?fit=640%2C480&amp;ssl=1\" class=\"alignnone size-large wp-image-4408\" src=\"https:\/\/i0.wp.com\/genevieveetbernardauxameriques.fr\/wp-content\/uploads\/2016\/03\/20160318_122117.jpg?resize=640%2C480&#038;ssl=1\" alt=\"\" width=\"640\" height=\"480\" srcset=\"https:\/\/i0.wp.com\/genevieveetbernardauxameriques.fr\/wp-content\/uploads\/2016\/03\/20160318_122117.jpg?w=1024&amp;ssl=1 1024w, https:\/\/i0.wp.com\/genevieveetbernardauxameriques.fr\/wp-content\/uploads\/2016\/03\/20160318_122117.jpg?resize=300%2C225&amp;ssl=1 300w, https:\/\/i0.wp.com\/genevieveetbernardauxameriques.fr\/wp-content\/uploads\/2016\/03\/20160318_122117.jpg?resize=768%2C576&amp;ssl=1 768w\" sizes=\"(max-width: 640px) 100vw, 640px\" data-recalc-dims=\"1\" \/> <img loading=\"lazy\" decoding=\"async\" data-attachment-id=\"4406\" data-permalink=\"https:\/\/genevieveetbernardauxameriques.fr\/index.php\/2016\/03\/29\/de-rio-do-sud-a-rio-de-janeiro\/20160318_131115-jpg\/\" data-orig-file=\"https:\/\/i0.wp.com\/genevieveetbernardauxameriques.fr\/wp-content\/uploads\/2016\/03\/20160318_131115.jpg?fit=1024%2C768&amp;ssl=1\" data-orig-size=\"1024,768\" data-comments-opened=\"1\" data-image-meta=\"{&quot;aperture&quot;:&quot;0&quot;,&quot;credit&quot;:&quot;&quot;,&quot;camera&quot;:&quot;&quot;,&quot;caption&quot;:&quot;&quot;,&quot;created_timestamp&quot;:&quot;0&quot;,&quot;copyright&quot;:&quot;&quot;,&quot;focal_length&quot;:&quot;0&quot;,&quot;iso&quot;:&quot;0&quot;,&quot;shutter_speed&quot;:&quot;0&quot;,&quot;title&quot;:&quot;&quot;,&quot;orientation&quot;:&quot;0&quot;}\" data-image-title=\"20160318_131115.jpg\" data-image-description=\"\" data-image-caption=\"\" data-medium-file=\"https:\/\/i0.wp.com\/genevieveetbernardauxameriques.fr\/wp-content\/uploads\/2016\/03\/20160318_131115.jpg?fit=300%2C225&amp;ssl=1\" data-large-file=\"https:\/\/i0.wp.com\/genevieveetbernardauxameriques.fr\/wp-content\/uploads\/2016\/03\/20160318_131115.jpg?fit=640%2C480&amp;ssl=1\" class=\"alignnone size-large wp-image-4406\" src=\"https:\/\/i0.wp.com\/genevieveetbernardauxameriques.fr\/wp-content\/uploads\/2016\/03\/20160318_131115.jpg?resize=640%2C480&#038;ssl=1\" alt=\"\" width=\"640\" height=\"480\" srcset=\"https:\/\/i0.wp.com\/genevieveetbernardauxameriques.fr\/wp-content\/uploads\/2016\/03\/20160318_131115.jpg?w=1024&amp;ssl=1 1024w, https:\/\/i0.wp.com\/genevieveetbernardauxameriques.fr\/wp-content\/uploads\/2016\/03\/20160318_131115.jpg?resize=300%2C225&amp;ssl=1 300w, https:\/\/i0.wp.com\/genevieveetbernardauxameriques.fr\/wp-content\/uploads\/2016\/03\/20160318_131115.jpg?resize=768%2C576&amp;ssl=1 768w\" sizes=\"(max-width: 640px) 100vw, 640px\" data-recalc-dims=\"1\" \/><img loading=\"lazy\" decoding=\"async\" data-attachment-id=\"4404\" data-permalink=\"https:\/\/genevieveetbernardauxameriques.fr\/index.php\/2016\/03\/29\/de-rio-do-sud-a-rio-de-janeiro\/20160318_131953-jpg\/\" data-orig-file=\"https:\/\/i0.wp.com\/genevieveetbernardauxameriques.fr\/wp-content\/uploads\/2016\/03\/20160318_131953.jpg?fit=1024%2C768&amp;ssl=1\" data-orig-size=\"1024,768\" data-comments-opened=\"1\" data-image-meta=\"{&quot;aperture&quot;:&quot;0&quot;,&quot;credit&quot;:&quot;&quot;,&quot;camera&quot;:&quot;&quot;,&quot;caption&quot;:&quot;&quot;,&quot;created_timestamp&quot;:&quot;0&quot;,&quot;copyright&quot;:&quot;&quot;,&quot;focal_length&quot;:&quot;0&quot;,&quot;iso&quot;:&quot;0&quot;,&quot;shutter_speed&quot;:&quot;0&quot;,&quot;title&quot;:&quot;&quot;,&quot;orientation&quot;:&quot;0&quot;}\" data-image-title=\"20160318_131953.jpg\" data-image-description=\"\" data-image-caption=\"\" data-medium-file=\"https:\/\/i0.wp.com\/genevieveetbernardauxameriques.fr\/wp-content\/uploads\/2016\/03\/20160318_131953.jpg?fit=300%2C225&amp;ssl=1\" data-large-file=\"https:\/\/i0.wp.com\/genevieveetbernardauxameriques.fr\/wp-content\/uploads\/2016\/03\/20160318_131953.jpg?fit=640%2C480&amp;ssl=1\" class=\"alignnone size-large wp-image-4404\" src=\"https:\/\/i0.wp.com\/genevieveetbernardauxameriques.fr\/wp-content\/uploads\/2016\/03\/20160318_131953.jpg?resize=640%2C480&#038;ssl=1\" alt=\"\" width=\"640\" height=\"480\" srcset=\"https:\/\/i0.wp.com\/genevieveetbernardauxameriques.fr\/wp-content\/uploads\/2016\/03\/20160318_131953.jpg?w=1024&amp;ssl=1 1024w, https:\/\/i0.wp.com\/genevieveetbernardauxameriques.fr\/wp-content\/uploads\/2016\/03\/20160318_131953.jpg?resize=300%2C225&amp;ssl=1 300w, https:\/\/i0.wp.com\/genevieveetbernardauxameriques.fr\/wp-content\/uploads\/2016\/03\/20160318_131953.jpg?resize=768%2C576&amp;ssl=1 768w\" sizes=\"(max-width: 640px) 100vw, 640px\" data-recalc-dims=\"1\" \/> <img loading=\"lazy\" decoding=\"async\" data-attachment-id=\"4402\" data-permalink=\"https:\/\/genevieveetbernardauxameriques.fr\/index.php\/2016\/03\/29\/de-rio-do-sud-a-rio-de-janeiro\/p1010988-jpg\/\" data-orig-file=\"https:\/\/i0.wp.com\/genevieveetbernardauxameriques.fr\/wp-content\/uploads\/2016\/03\/P1010988.jpg?fit=1024%2C768&amp;ssl=1\" data-orig-size=\"1024,768\" data-comments-opened=\"1\" data-image-meta=\"{&quot;aperture&quot;:&quot;0&quot;,&quot;credit&quot;:&quot;&quot;,&quot;camera&quot;:&quot;&quot;,&quot;caption&quot;:&quot;&quot;,&quot;created_timestamp&quot;:&quot;0&quot;,&quot;copyright&quot;:&quot;&quot;,&quot;focal_length&quot;:&quot;0&quot;,&quot;iso&quot;:&quot;0&quot;,&quot;shutter_speed&quot;:&quot;0&quot;,&quot;title&quot;:&quot;&quot;,&quot;orientation&quot;:&quot;0&quot;}\" data-image-title=\"P1010988.jpg\" data-image-description=\"\" data-image-caption=\"\" data-medium-file=\"https:\/\/i0.wp.com\/genevieveetbernardauxameriques.fr\/wp-content\/uploads\/2016\/03\/P1010988.jpg?fit=300%2C225&amp;ssl=1\" data-large-file=\"https:\/\/i0.wp.com\/genevieveetbernardauxameriques.fr\/wp-content\/uploads\/2016\/03\/P1010988.jpg?fit=640%2C480&amp;ssl=1\" class=\"alignnone size-large wp-image-4402\" src=\"https:\/\/i0.wp.com\/genevieveetbernardauxameriques.fr\/wp-content\/uploads\/2016\/03\/P1010988.jpg?resize=640%2C480&#038;ssl=1\" alt=\"\" width=\"640\" height=\"480\" srcset=\"https:\/\/i0.wp.com\/genevieveetbernardauxameriques.fr\/wp-content\/uploads\/2016\/03\/P1010988.jpg?w=1024&amp;ssl=1 1024w, https:\/\/i0.wp.com\/genevieveetbernardauxameriques.fr\/wp-content\/uploads\/2016\/03\/P1010988.jpg?resize=300%2C225&amp;ssl=1 300w, https:\/\/i0.wp.com\/genevieveetbernardauxameriques.fr\/wp-content\/uploads\/2016\/03\/P1010988.jpg?resize=768%2C576&amp;ssl=1 768w\" sizes=\"(max-width: 640px) 100vw, 640px\" data-recalc-dims=\"1\" \/> <img loading=\"lazy\" decoding=\"async\" data-attachment-id=\"4400\" data-permalink=\"https:\/\/genevieveetbernardauxameriques.fr\/index.php\/2016\/03\/29\/de-rio-do-sud-a-rio-de-janeiro\/20160318_153931-jpg\/\" data-orig-file=\"https:\/\/i0.wp.com\/genevieveetbernardauxameriques.fr\/wp-content\/uploads\/2016\/03\/20160318_153931.jpg?fit=1024%2C768&amp;ssl=1\" data-orig-size=\"1024,768\" data-comments-opened=\"1\" data-image-meta=\"{&quot;aperture&quot;:&quot;0&quot;,&quot;credit&quot;:&quot;&quot;,&quot;camera&quot;:&quot;&quot;,&quot;caption&quot;:&quot;&quot;,&quot;created_timestamp&quot;:&quot;0&quot;,&quot;copyright&quot;:&quot;&quot;,&quot;focal_length&quot;:&quot;0&quot;,&quot;iso&quot;:&quot;0&quot;,&quot;shutter_speed&quot;:&quot;0&quot;,&quot;title&quot;:&quot;&quot;,&quot;orientation&quot;:&quot;0&quot;}\" data-image-title=\"20160318_153931.jpg\" data-image-description=\"\" data-image-caption=\"\" data-medium-file=\"https:\/\/i0.wp.com\/genevieveetbernardauxameriques.fr\/wp-content\/uploads\/2016\/03\/20160318_153931.jpg?fit=300%2C225&amp;ssl=1\" data-large-file=\"https:\/\/i0.wp.com\/genevieveetbernardauxameriques.fr\/wp-content\/uploads\/2016\/03\/20160318_153931.jpg?fit=640%2C480&amp;ssl=1\" class=\"alignnone size-large wp-image-4400\" src=\"https:\/\/i0.wp.com\/genevieveetbernardauxameriques.fr\/wp-content\/uploads\/2016\/03\/20160318_153931.jpg?resize=640%2C480&#038;ssl=1\" alt=\"\" width=\"640\" height=\"480\" srcset=\"https:\/\/i0.wp.com\/genevieveetbernardauxameriques.fr\/wp-content\/uploads\/2016\/03\/20160318_153931.jpg?w=1024&amp;ssl=1 1024w, https:\/\/i0.wp.com\/genevieveetbernardauxameriques.fr\/wp-content\/uploads\/2016\/03\/20160318_153931.jpg?resize=300%2C225&amp;ssl=1 300w, https:\/\/i0.wp.com\/genevieveetbernardauxameriques.fr\/wp-content\/uploads\/2016\/03\/20160318_153931.jpg?resize=768%2C576&amp;ssl=1 768w\" sizes=\"(max-width: 640px) 100vw, 640px\" data-recalc-dims=\"1\" \/> <img loading=\"lazy\" decoding=\"async\" data-attachment-id=\"4398\" data-permalink=\"https:\/\/genevieveetbernardauxameriques.fr\/index.php\/2016\/03\/29\/de-rio-do-sud-a-rio-de-janeiro\/p1130724-jpg\/\" data-orig-file=\"https:\/\/i0.wp.com\/genevieveetbernardauxameriques.fr\/wp-content\/uploads\/2016\/03\/P1130724.jpg?fit=1024%2C768&amp;ssl=1\" data-orig-size=\"1024,768\" data-comments-opened=\"1\" data-image-meta=\"{&quot;aperture&quot;:&quot;0&quot;,&quot;credit&quot;:&quot;&quot;,&quot;camera&quot;:&quot;&quot;,&quot;caption&quot;:&quot;&quot;,&quot;created_timestamp&quot;:&quot;0&quot;,&quot;copyright&quot;:&quot;&quot;,&quot;focal_length&quot;:&quot;0&quot;,&quot;iso&quot;:&quot;0&quot;,&quot;shutter_speed&quot;:&quot;0&quot;,&quot;title&quot;:&quot;&quot;,&quot;orientation&quot;:&quot;0&quot;}\" data-image-title=\"P1130724.jpg\" data-image-description=\"\" data-image-caption=\"\" data-medium-file=\"https:\/\/i0.wp.com\/genevieveetbernardauxameriques.fr\/wp-content\/uploads\/2016\/03\/P1130724.jpg?fit=300%2C225&amp;ssl=1\" data-large-file=\"https:\/\/i0.wp.com\/genevieveetbernardauxameriques.fr\/wp-content\/uploads\/2016\/03\/P1130724.jpg?fit=640%2C480&amp;ssl=1\" class=\"alignnone size-large wp-image-4398\" src=\"https:\/\/i0.wp.com\/genevieveetbernardauxameriques.fr\/wp-content\/uploads\/2016\/03\/P1130724.jpg?resize=640%2C480&#038;ssl=1\" alt=\"\" width=\"640\" height=\"480\" srcset=\"https:\/\/i0.wp.com\/genevieveetbernardauxameriques.fr\/wp-content\/uploads\/2016\/03\/P1130724.jpg?w=1024&amp;ssl=1 1024w, https:\/\/i0.wp.com\/genevieveetbernardauxameriques.fr\/wp-content\/uploads\/2016\/03\/P1130724.jpg?resize=300%2C225&amp;ssl=1 300w, https:\/\/i0.wp.com\/genevieveetbernardauxameriques.fr\/wp-content\/uploads\/2016\/03\/P1130724.jpg?resize=768%2C576&amp;ssl=1 768w\" sizes=\"(max-width: 640px) 100vw, 640px\" data-recalc-dims=\"1\" \/> <img loading=\"lazy\" decoding=\"async\" data-attachment-id=\"4396\" data-permalink=\"https:\/\/genevieveetbernardauxameriques.fr\/index.php\/2016\/03\/29\/de-rio-do-sud-a-rio-de-janeiro\/p1130719-jpg\/\" data-orig-file=\"https:\/\/i0.wp.com\/genevieveetbernardauxameriques.fr\/wp-content\/uploads\/2016\/03\/P1130719.jpg?fit=1024%2C768&amp;ssl=1\" data-orig-size=\"1024,768\" data-comments-opened=\"1\" data-image-meta=\"{&quot;aperture&quot;:&quot;0&quot;,&quot;credit&quot;:&quot;&quot;,&quot;camera&quot;:&quot;&quot;,&quot;caption&quot;:&quot;&quot;,&quot;created_timestamp&quot;:&quot;0&quot;,&quot;copyright&quot;:&quot;&quot;,&quot;focal_length&quot;:&quot;0&quot;,&quot;iso&quot;:&quot;0&quot;,&quot;shutter_speed&quot;:&quot;0&quot;,&quot;title&quot;:&quot;&quot;,&quot;orientation&quot;:&quot;0&quot;}\" data-image-title=\"P1130719.jpg\" data-image-description=\"\" data-image-caption=\"\" data-medium-file=\"https:\/\/i0.wp.com\/genevieveetbernardauxameriques.fr\/wp-content\/uploads\/2016\/03\/P1130719.jpg?fit=300%2C225&amp;ssl=1\" data-large-file=\"https:\/\/i0.wp.com\/genevieveetbernardauxameriques.fr\/wp-content\/uploads\/2016\/03\/P1130719.jpg?fit=640%2C480&amp;ssl=1\" class=\"alignnone size-large wp-image-4396\" src=\"https:\/\/i0.wp.com\/genevieveetbernardauxameriques.fr\/wp-content\/uploads\/2016\/03\/P1130719.jpg?resize=640%2C480&#038;ssl=1\" alt=\"\" width=\"640\" height=\"480\" srcset=\"https:\/\/i0.wp.com\/genevieveetbernardauxameriques.fr\/wp-content\/uploads\/2016\/03\/P1130719.jpg?w=1024&amp;ssl=1 1024w, https:\/\/i0.wp.com\/genevieveetbernardauxameriques.fr\/wp-content\/uploads\/2016\/03\/P1130719.jpg?resize=300%2C225&amp;ssl=1 300w, https:\/\/i0.wp.com\/genevieveetbernardauxameriques.fr\/wp-content\/uploads\/2016\/03\/P1130719.jpg?resize=768%2C576&amp;ssl=1 768w\" sizes=\"(max-width: 640px) 100vw, 640px\" data-recalc-dims=\"1\" \/><\/p>\n<p><img loading=\"lazy\" decoding=\"async\" data-attachment-id=\"4410\" data-permalink=\"https:\/\/genevieveetbernardauxameriques.fr\/index.php\/2016\/03\/29\/de-rio-do-sud-a-rio-de-janeiro\/20160318_131144-copie-jpg\/\" data-orig-file=\"https:\/\/i0.wp.com\/genevieveetbernardauxameriques.fr\/wp-content\/uploads\/2016\/03\/20160318_131144-Copie.jpg?fit=1024%2C768&amp;ssl=1\" data-orig-size=\"1024,768\" data-comments-opened=\"1\" data-image-meta=\"{&quot;aperture&quot;:&quot;0&quot;,&quot;credit&quot;:&quot;&quot;,&quot;camera&quot;:&quot;&quot;,&quot;caption&quot;:&quot;&quot;,&quot;created_timestamp&quot;:&quot;0&quot;,&quot;copyright&quot;:&quot;&quot;,&quot;focal_length&quot;:&quot;0&quot;,&quot;iso&quot;:&quot;0&quot;,&quot;shutter_speed&quot;:&quot;0&quot;,&quot;title&quot;:&quot;&quot;,&quot;orientation&quot;:&quot;0&quot;}\" data-image-title=\"20160318_131144-Copie.jpg\" data-image-description=\"\" data-image-caption=\"\" data-medium-file=\"https:\/\/i0.wp.com\/genevieveetbernardauxameriques.fr\/wp-content\/uploads\/2016\/03\/20160318_131144-Copie.jpg?fit=300%2C225&amp;ssl=1\" data-large-file=\"https:\/\/i0.wp.com\/genevieveetbernardauxameriques.fr\/wp-content\/uploads\/2016\/03\/20160318_131144-Copie.jpg?fit=640%2C480&amp;ssl=1\" class=\"alignnone size-large wp-image-4410\" src=\"https:\/\/i0.wp.com\/genevieveetbernardauxameriques.fr\/wp-content\/uploads\/2016\/03\/20160318_131144-Copie.jpg?resize=640%2C480&#038;ssl=1\" alt=\"\" width=\"640\" height=\"480\" srcset=\"https:\/\/i0.wp.com\/genevieveetbernardauxameriques.fr\/wp-content\/uploads\/2016\/03\/20160318_131144-Copie.jpg?w=1024&amp;ssl=1 1024w, https:\/\/i0.wp.com\/genevieveetbernardauxameriques.fr\/wp-content\/uploads\/2016\/03\/20160318_131144-Copie.jpg?resize=300%2C225&amp;ssl=1 300w, https:\/\/i0.wp.com\/genevieveetbernardauxameriques.fr\/wp-content\/uploads\/2016\/03\/20160318_131144-Copie.jpg?resize=768%2C576&amp;ssl=1 768w\" sizes=\"(max-width: 640px) 100vw, 640px\" data-recalc-dims=\"1\" \/><img loading=\"lazy\" decoding=\"async\" data-attachment-id=\"4408\" data-permalink=\"https:\/\/genevieveetbernardauxameriques.fr\/index.php\/2016\/03\/29\/de-rio-do-sud-a-rio-de-janeiro\/20160318_122117-jpg\/\" data-orig-file=\"https:\/\/i0.wp.com\/genevieveetbernardauxameriques.fr\/wp-content\/uploads\/2016\/03\/20160318_122117.jpg?fit=1024%2C768&amp;ssl=1\" data-orig-size=\"1024,768\" data-comments-opened=\"1\" data-image-meta=\"{&quot;aperture&quot;:&quot;0&quot;,&quot;credit&quot;:&quot;&quot;,&quot;camera&quot;:&quot;&quot;,&quot;caption&quot;:&quot;&quot;,&quot;created_timestamp&quot;:&quot;0&quot;,&quot;copyright&quot;:&quot;&quot;,&quot;focal_length&quot;:&quot;0&quot;,&quot;iso&quot;:&quot;0&quot;,&quot;shutter_speed&quot;:&quot;0&quot;,&quot;title&quot;:&quot;&quot;,&quot;orientation&quot;:&quot;0&quot;}\" data-image-title=\"20160318_122117.jpg\" data-image-description=\"\" data-image-caption=\"\" data-medium-file=\"https:\/\/i0.wp.com\/genevieveetbernardauxameriques.fr\/wp-content\/uploads\/2016\/03\/20160318_122117.jpg?fit=300%2C225&amp;ssl=1\" data-large-file=\"https:\/\/i0.wp.com\/genevieveetbernardauxameriques.fr\/wp-content\/uploads\/2016\/03\/20160318_122117.jpg?fit=640%2C480&amp;ssl=1\" class=\"alignnone size-large wp-image-4408\" src=\"https:\/\/i0.wp.com\/genevieveetbernardauxameriques.fr\/wp-content\/uploads\/2016\/03\/20160318_122117.jpg?resize=640%2C480&#038;ssl=1\" alt=\"\" width=\"640\" height=\"480\" srcset=\"https:\/\/i0.wp.com\/genevieveetbernardauxameriques.fr\/wp-content\/uploads\/2016\/03\/20160318_122117.jpg?w=1024&amp;ssl=1 1024w, https:\/\/i0.wp.com\/genevieveetbernardauxameriques.fr\/wp-content\/uploads\/2016\/03\/20160318_122117.jpg?resize=300%2C225&amp;ssl=1 300w, https:\/\/i0.wp.com\/genevieveetbernardauxameriques.fr\/wp-content\/uploads\/2016\/03\/20160318_122117.jpg?resize=768%2C576&amp;ssl=1 768w\" sizes=\"(max-width: 640px) 100vw, 640px\" data-recalc-dims=\"1\" \/><\/p>\n<p style=\"text-align: left;\" align=\"justify\">Nous ne devions pas aller \u00e0 RIO DE JANEIRO, tout le monde, surtout les Br\u00e9siliens, nous le d\u00e9conseillaient, trop dangereux. Nos amis Belges qui en revenaient nous ont dit que d\u2019\u00eatre si pr\u00e8s et ne pas y aller c\u2019\u00e9tait dommage. Jacky et Fran\u00e7oise y \u00e9taient la semaine pass\u00e9e et nous ont confirm\u00e9 \u00e9galement qu&rsquo;en se garant au Pain de Sucre il n\u2019y avait pas de probl\u00e8me.<\/p>\n<p>La d\u00e9cision est prise : <strong>nous y allons.<\/strong><\/p>\n<p>(N&rsquo;h\u00e9sitez pas \u00e0 nous mettre un petit commentaire de temps en temps)<\/p>\n","protected":false},"excerpt":{"rendered":"<p>DU 7 MARS AU\u00a0 21 MARS 2016 Apr\u00e8s avoir quitt\u00e9 avec regret nos nouveaux amis , nous filons sur FLORIANOPOLIS, \u00e0 160 kms au sud, au bord de l\u2019Atlantique. Les paysages sont magnifiques, nous traversons une\u00a0 for\u00eat tropicale avec des &hellip; <a href=\"https:\/\/genevieveetbernardauxameriques.fr\/index.php\/2016\/03\/29\/de-rio-do-sud-a-rio-de-janeiro\/\">Continuer la lecture <span class=\"meta-nav\">&rarr;<\/span><\/a><\/p>\n","protected":false},"author":1,"featured_media":0,"comment_status":"open","ping_status":"open","sticky":false,"template":"","format":"standard","meta":{"jetpack_post_was_ever_published":false,"_jetpack_newsletter_access":"","_jetpack_dont_email_post_to_subs":false,"_jetpack_newsletter_tier_id":0,"_jetpack_memberships_contains_paywalled_content":false,"_jetpack_memberships_contains_paid_content":false,"footnotes":""},"categories":[8],"tags":[14,16,13,17,15],"jetpack_featured_media_url":"","jetpack_sharing_enabled":true,"jetpack_shortlink":"https:\/\/wp.me\/p7hALO-19a","_links":{"self":[{"href":"https:\/\/genevieveetbernardauxameriques.fr\/index.php\/wp-json\/wp\/v2\/posts\/4412"}],"collection":[{"href":"https:\/\/genevieveetbernardauxameriques.fr\/index.php\/wp-json\/wp\/v2\/posts"}],"about":[{"href":"https:\/\/genevieveetbernardauxameriques.fr\/index.php\/wp-json\/wp\/v2\/types\/post"}],"author":[{"embeddable":true,"href":"https:\/\/genevieveetbernardauxameriques.fr\/index.php\/wp-json\/wp\/v2\/users\/1"}],"replies":[{"embeddable":true,"href":"https:\/\/genevieveetbernardauxameriques.fr\/index.php\/wp-json\/wp\/v2\/comments?post=4412"}],"version-history":[{"count":43,"href":"https:\/\/genevieveetbernardauxameriques.fr\/index.php\/wp-json\/wp\/v2\/posts\/4412\/revisions"}],"predecessor-version":[{"id":43590,"href":"https:\/\/genevieveetbernardauxameriques.fr\/index.php\/wp-json\/wp\/v2\/posts\/4412\/revisions\/43590"}],"wp:attachment":[{"href":"https:\/\/genevieveetbernardauxameriques.fr\/index.php\/wp-json\/wp\/v2\/media?parent=4412"}],"wp:term":[{"taxonomy":"category","embeddable":true,"href":"https:\/\/genevieveetbernardauxameriques.fr\/index.php\/wp-json\/wp\/v2\/categories?post=4412"},{"taxonomy":"post_tag","embeddable":true,"href":"https:\/\/genevieveetbernardauxameriques.fr\/index.php\/wp-json\/wp\/v2\/tags?post=4412"}],"curies":[{"name":"wp","href":"https:\/\/api.w.org\/{rel}","templated":true}]}}